{"id":1395,"date":"2013-04-12T19:14:07","date_gmt":"2013-04-12T18:14:07","guid":{"rendered":"http:\/\/www.karate-neuhofen.at\/?p=1395"},"modified":"2014-12-14T11:01:52","modified_gmt":"2014-12-14T10:01:52","slug":"super-kumite-training-mit-thomas-schell","status":"publish","type":"post","link":"http:\/\/www.karate-neuhofen.at\/?p=1395","title":{"rendered":"Super Kumite Training mit Thomas Schell"},"content":{"rendered":"<p>Am Freitag 12.4.13 fand in Neuhofen wieder ein Kumite Training mit Sensei Thomas Schell (4.Dan) statt. Thomas Schell ist in Neuhofen nicht unbekannt, da er gerade in letzter Zeit regelm\u00e4\u00dfig als Gasttrainer eingeladen ist. Dass seine Trainings beliebt sind, hat man an der gro\u00dfen Anzahl an Trainierenden gesehen.<br \/>\nBei diesem Training mit Thomas Schell wurde zuerst intensiv aufgew\u00e4rmt, sodass man schon am Anfang ins Schwitzen kam. Was mir an dieser Trainingseinheit besonders gefallen hat ist, dass sehr vielseitig trainiert wurde. Es wurde nat\u00fcrlich auf saubere Ausf\u00fchrung der Techniken geachtet, aber es wurde auch auf Schnelligkeit und Ausdauer hin gearbeitet. Es gab wieder einige \u00dcbungen bei denen einzelne Techniken zu Kombinationen zusammengef\u00fcgt wurden. So war also auch volle Konzentration gefragt. Charaktaristisch f\u00fcr ein Kumite Training mit Thomas Schell ist meiner Meinung, dass es zwar immer anspruchsvoll ist, aber sowohl Anf\u00e4nger wie auch Kumite-Profis vom Training profitieren und Spa\u00df daran haben. Ich denke, alle die dabei waren freuen sich sicherlich schon auf das n\u00e4chste Training mit Sensei Thomas Schell.<\/p><!-- index.php -->\n<div\n\tclass=\"ngg-galleryoverview ngg-ajax-pagination-none\"\n\tid=\"ngg-gallery-a240b2d7c4a74d375ec83bdcb796c475-1\">\n\n    \t<div class=\"slideshowlink\">\n        <a href='http:\/\/www.karate-neuhofen.at\/index.php\/nggallery\/slideshow?p=1395'>[Zeige eine Slideshow]<\/a>\n\t\t\n\t<\/div>\n\t\t\t<!-- Thumbnails -->\n\t\t\t\t<div id=\"ngg-image-0\" class=\"ngg-gallery-thumbnail-box\" >\n\t\t\t\t        <div class=\"ngg-gallery-thumbnail\">\n            <a href=\"http:\/\/www.karate-neuhofen.at\/wp-content\/gallery\/kumite-training-mit-thomas-schell_1\/img_1573.jpg\"\n               title=\"\"\n               data-src=\"http:\/\/www.karate-neuhofen.at\/wp-content\/gallery\/kumite-training-mit-thomas-schell_1\/img_1573.jpg\"\n               data-thumbnail=\"http:\/\/www.karate-neuhofen.at\/wp-content\/gallery\/kumite-training-mit-thomas-schell_1\/thumbs\/thumbs_img_1573.jpg\"\n               data-image-id=\"2654\"\n               data-title=\"img_1573\"\n               data-description=\"\"\n               data-image-slug=\"img_1573\"\n               class=\"shutterset_a240b2d7c4a74d375ec83bdcb796c475\">\n                <img\n                    title=\"img_1573\"\n                    alt=\"img_1573\"\n                    src=\"http:\/\/www.karate-neuhofen.at\/wp-content\/gallery\/kumite-training-mit-thomas-schell_1\/thumbs\/thumbs_img_1573.jpg\"\n                    width=\"50\"\n                    height=\"75\"\n                    style=\"max-width:100%;\"\n                \/>\n            <\/a>\n        <\/div>\n\t\t\t\t\t\t\t<\/div> \n\t\t\t\n        \n\t\t\t\t<div id=\"ngg-image-1\" class=\"ngg-gallery-thumbnail-box\" >\n\t\t\t\t        <div class=\"ngg-gallery-thumbnail\">\n            <a href=\"http:\/\/www.karate-neuhofen.at\/wp-content\/gallery\/kumite-training-mit-thomas-schell_1\/img_1574.jpg\"\n               title=\"\"\n               data-src=\"http:\/\/www.karate-neuhofen.at\/wp-content\/gallery\/kumite-training-mit-thomas-schell_1\/img_1574.jpg\"\n               data-thumbnail=\"http:\/\/www.karate-neuhofen.at\/wp-content\/gallery\/kumite-training-mit-thomas-schell_1\/thumbs\/thumbs_img_1574.jpg\"\n               data-image-id=\"2655\"\n               data-title=\"img_1574\"\n               data-description=\"\"\n               data-image-slug=\"img_1574\"\n               class=\"shutterset_a240b2d7c4a74d375ec83bdcb796c475\">\n                <img\n                    title=\"img_1574\"\n                    alt=\"img_1574\"\n                    src=\"http:\/\/www.karate-neuhofen.at\/wp-content\/gallery\/kumite-training-mit-thomas-schell_1\/thumbs\/thumbs_img_1574.jpg\"\n                    width=\"48\"\n                    height=\"75\"\n                    style=\"max-width:100%;\"\n                \/>\n            <\/a>\n        <\/div>\n\t\t\t\t\t\t\t<\/div> \n\t\t\t\n        \n\t\t\t\t<div id=\"ngg-image-2\" class=\"ngg-gallery-thumbnail-box\" >\n\t\t\t\t        <div class=\"ngg-gallery-thumbnail\">\n            <a href=\"http:\/\/www.karate-neuhofen.at\/wp-content\/gallery\/kumite-training-mit-thomas-schell_1\/img_1577.jpg\"\n               title=\"\"\n               data-src=\"http:\/\/www.karate-neuhofen.at\/wp-content\/gallery\/kumite-training-mit-thomas-schell_1\/img_1577.jpg\"\n               data-thumbnail=\"http:\/\/www.karate-neuhofen.at\/wp-content\/gallery\/kumite-training-mit-thomas-schell_1\/thumbs\/thumbs_img_1577.jpg\"\n               data-image-id=\"2656\"\n               data-title=\"img_1577\"\n               data-description=\"\"\n               data-image-slug=\"img_1577\"\n               class=\"shutterset_a240b2d7c4a74d375ec83bdcb796c475\">\n                <img\n                    title=\"img_1577\"\n                    alt=\"img_1577\"\n                    src=\"http:\/\/www.karate-neuhofen.at\/wp-content\/gallery\/kumite-training-mit-thomas-schell_1\/thumbs\/thumbs_img_1577.jpg\"\n                    width=\"50\"\n                    height=\"75\"\n                    style=\"max-width:100%;\"\n                \/>\n            <\/a>\n        <\/div>\n\t\t\t\t\t\t\t<\/div> \n\t\t\t\n        \n\t\t\t\t<div id=\"ngg-image-3\" class=\"ngg-gallery-thumbnail-box\" >\n\t\t\t\t        <div class=\"ngg-gallery-thumbnail\">\n            <a href=\"http:\/\/www.karate-neuhofen.at\/wp-content\/gallery\/kumite-training-mit-thomas-schell_1\/img_1582.jpg\"\n               title=\"\"\n               data-src=\"http:\/\/www.karate-neuhofen.at\/wp-content\/gallery\/kumite-training-mit-thomas-schell_1\/img_1582.jpg\"\n               data-thumbnail=\"http:\/\/www.karate-neuhofen.at\/wp-content\/gallery\/kumite-training-mit-thomas-schell_1\/thumbs\/thumbs_img_1582.jpg\"\n               data-image-id=\"2657\"\n               data-title=\"img_1582\"\n               data-description=\"\"\n               data-image-slug=\"img_1582\"\n               class=\"shutterset_a240b2d7c4a74d375ec83bdcb796c475\">\n                <img\n                    title=\"img_1582\"\n                    alt=\"img_1582\"\n                    src=\"http:\/\/www.karate-neuhofen.at\/wp-content\/gallery\/kumite-training-mit-thomas-schell_1\/thumbs\/thumbs_img_1582.jpg\"\n                    width=\"100\"\n                    height=\"66\"\n                    style=\"max-width:100%;\"\n                \/>\n            <\/a>\n        <\/div>\n\t\t\t\t\t\t\t<\/div> \n\t\t\t\n        \n\t\t\t\t<div id=\"ngg-image-4\" class=\"ngg-gallery-thumbnail-box\" >\n\t\t\t\t        <div class=\"ngg-gallery-thumbnail\">\n            <a href=\"http:\/\/www.karate-neuhofen.at\/wp-content\/gallery\/kumite-training-mit-thomas-schell_1\/img_1583.jpg\"\n               title=\"\"\n               data-src=\"http:\/\/www.karate-neuhofen.at\/wp-content\/gallery\/kumite-training-mit-thomas-schell_1\/img_1583.jpg\"\n               data-thumbnail=\"http:\/\/www.karate-neuhofen.at\/wp-content\/gallery\/kumite-training-mit-thomas-schell_1\/thumbs\/thumbs_img_1583.jpg\"\n               data-image-id=\"2658\"\n               data-title=\"img_1583\"\n               data-description=\"\"\n               data-image-slug=\"img_1583\"\n               class=\"shutterset_a240b2d7c4a74d375ec83bdcb796c475\">\n                <img\n                    title=\"img_1583\"\n                    alt=\"img_1583\"\n                    src=\"http:\/\/www.karate-neuhofen.at\/wp-content\/gallery\/kumite-training-mit-thomas-schell_1\/thumbs\/thumbs_img_1583.jpg\"\n                    width=\"43\"\n                    height=\"75\"\n                    style=\"max-width:100%;\"\n                \/>\n            <\/a>\n        <\/div>\n\t\t\t\t\t\t\t<\/div> \n\t\t\t\n        \n\t\t\t\t<div id=\"ngg-image-5\" class=\"ngg-gallery-thumbnail-box\" >\n\t\t\t\t        <div class=\"ngg-gallery-thumbnail\">\n            <a href=\"http:\/\/www.karate-neuhofen.at\/wp-content\/gallery\/kumite-training-mit-thomas-schell_1\/img_1591.jpg\"\n               title=\"\"\n               data-src=\"http:\/\/www.karate-neuhofen.at\/wp-content\/gallery\/kumite-training-mit-thomas-schell_1\/img_1591.jpg\"\n               data-thumbnail=\"http:\/\/www.karate-neuhofen.at\/wp-content\/gallery\/kumite-training-mit-thomas-schell_1\/thumbs\/thumbs_img_1591.jpg\"\n               data-image-id=\"2659\"\n               data-title=\"img_1591\"\n               data-description=\"\"\n               data-image-slug=\"img_1591\"\n               class=\"shutterset_a240b2d7c4a74d375ec83bdcb796c475\">\n                <img\n                    title=\"img_1591\"\n                    alt=\"img_1591\"\n                    src=\"http:\/\/www.karate-neuhofen.at\/wp-content\/gallery\/kumite-training-mit-thomas-schell_1\/thumbs\/thumbs_img_1591.jpg\"\n                    width=\"100\"\n                    height=\"66\"\n                    style=\"max-width:100%;\"\n                \/>\n            <\/a>\n        <\/div>\n\t\t\t\t\t\t\t<\/div> \n\t\t\t\n        \n\t\t\t\t<div id=\"ngg-image-6\" class=\"ngg-gallery-thumbnail-box\" >\n\t\t\t\t        <div class=\"ngg-gallery-thumbnail\">\n            <a href=\"http:\/\/www.karate-neuhofen.at\/wp-content\/gallery\/kumite-training-mit-thomas-schell_1\/img_1592.jpg\"\n               title=\"\"\n               data-src=\"http:\/\/www.karate-neuhofen.at\/wp-content\/gallery\/kumite-training-mit-thomas-schell_1\/img_1592.jpg\"\n               data-thumbnail=\"http:\/\/www.karate-neuhofen.at\/wp-content\/gallery\/kumite-training-mit-thomas-schell_1\/thumbs\/thumbs_img_1592.jpg\"\n               data-image-id=\"2660\"\n               data-title=\"img_1592\"\n               data-description=\"\"\n               data-image-slug=\"img_1592\"\n               class=\"shutterset_a240b2d7c4a74d375ec83bdcb796c475\">\n                <img\n                    title=\"img_1592\"\n                    alt=\"img_1592\"\n                    src=\"http:\/\/www.karate-neuhofen.at\/wp-content\/gallery\/kumite-training-mit-thomas-schell_1\/thumbs\/thumbs_img_1592.jpg\"\n                    width=\"100\"\n                    height=\"66\"\n                    style=\"max-width:100%;\"\n                \/>\n            <\/a>\n        <\/div>\n\t\t\t\t\t\t\t<\/div> \n\t\t\t\n        \n\t\t\t\t<div id=\"ngg-image-7\" class=\"ngg-gallery-thumbnail-box\" >\n\t\t\t\t        <div class=\"ngg-gallery-thumbnail\">\n            <a href=\"http:\/\/www.karate-neuhofen.at\/wp-content\/gallery\/kumite-training-mit-thomas-schell_1\/img_1593.jpg\"\n               title=\"\"\n               data-src=\"http:\/\/www.karate-neuhofen.at\/wp-content\/gallery\/kumite-training-mit-thomas-schell_1\/img_1593.jpg\"\n               data-thumbnail=\"http:\/\/www.karate-neuhofen.at\/wp-content\/gallery\/kumite-training-mit-thomas-schell_1\/thumbs\/thumbs_img_1593.jpg\"\n               data-image-id=\"2661\"\n               data-title=\"img_1593\"\n               data-description=\"\"\n               data-image-slug=\"img_1593\"\n               class=\"shutterset_a240b2d7c4a74d375ec83bdcb796c475\">\n                <img\n                    title=\"img_1593\"\n                    alt=\"img_1593\"\n                    src=\"http:\/\/www.karate-neuhofen.at\/wp-content\/gallery\/kumite-training-mit-thomas-schell_1\/thumbs\/thumbs_img_1593.jpg\"\n                    width=\"100\"\n                    height=\"66\"\n                    style=\"max-width:100%;\"\n                \/>\n            <\/a>\n        <\/div>\n\t\t\t\t\t\t\t<\/div> \n\t\t\t\n        \n\t\t\t\t<div id=\"ngg-image-8\" class=\"ngg-gallery-thumbnail-box\" >\n\t\t\t\t        <div class=\"ngg-gallery-thumbnail\">\n            <a href=\"http:\/\/www.karate-neuhofen.at\/wp-content\/gallery\/kumite-training-mit-thomas-schell_1\/img_1595.jpg\"\n               title=\"\"\n               data-src=\"http:\/\/www.karate-neuhofen.at\/wp-content\/gallery\/kumite-training-mit-thomas-schell_1\/img_1595.jpg\"\n               data-thumbnail=\"http:\/\/www.karate-neuhofen.at\/wp-content\/gallery\/kumite-training-mit-thomas-schell_1\/thumbs\/thumbs_img_1595.jpg\"\n               data-image-id=\"2662\"\n               data-title=\"img_1595\"\n               data-description=\"\"\n               data-image-slug=\"img_1595\"\n               class=\"shutterset_a240b2d7c4a74d375ec83bdcb796c475\">\n                <img\n                    title=\"img_1595\"\n                    alt=\"img_1595\"\n                    src=\"http:\/\/www.karate-neuhofen.at\/wp-content\/gallery\/kumite-training-mit-thomas-schell_1\/thumbs\/thumbs_img_1595.jpg\"\n                    width=\"100\"\n                    height=\"66\"\n                    style=\"max-width:100%;\"\n                \/>\n            <\/a>\n        <\/div>\n\t\t\t\t\t\t\t<\/div> \n\t\t\t\n        \n\t\t\t\t<div id=\"ngg-image-9\" class=\"ngg-gallery-thumbnail-box\" >\n\t\t\t\t        <div class=\"ngg-gallery-thumbnail\">\n            <a href=\"http:\/\/www.karate-neuhofen.at\/wp-content\/gallery\/kumite-training-mit-thomas-schell_1\/img_1597.jpg\"\n               title=\"\"\n               data-src=\"http:\/\/www.karate-neuhofen.at\/wp-content\/gallery\/kumite-training-mit-thomas-schell_1\/img_1597.jpg\"\n               data-thumbnail=\"http:\/\/www.karate-neuhofen.at\/wp-content\/gallery\/kumite-training-mit-thomas-schell_1\/thumbs\/thumbs_img_1597.jpg\"\n               data-image-id=\"2663\"\n               data-title=\"img_1597\"\n               data-description=\"\"\n               data-image-slug=\"img_1597\"\n               class=\"shutterset_a240b2d7c4a74d375ec83bdcb796c475\">\n                <img\n                    title=\"img_1597\"\n                    alt=\"img_1597\"\n                    src=\"http:\/\/www.karate-neuhofen.at\/wp-content\/gallery\/kumite-training-mit-thomas-schell_1\/thumbs\/thumbs_img_1597.jpg\"\n                    width=\"100\"\n                    height=\"66\"\n                    style=\"max-width:100%;\"\n                \/>\n            <\/a>\n        <\/div>\n\t\t\t\t\t\t\t<\/div> \n\t\t\t\n        \n\t\t\t\t<div id=\"ngg-image-10\" class=\"ngg-gallery-thumbnail-box\" >\n\t\t\t\t        <div class=\"ngg-gallery-thumbnail\">\n            <a href=\"http:\/\/www.karate-neuhofen.at\/wp-content\/gallery\/kumite-training-mit-thomas-schell_1\/img_1601.jpg\"\n               title=\"\"\n               data-src=\"http:\/\/www.karate-neuhofen.at\/wp-content\/gallery\/kumite-training-mit-thomas-schell_1\/img_1601.jpg\"\n               data-thumbnail=\"http:\/\/www.karate-neuhofen.at\/wp-content\/gallery\/kumite-training-mit-thomas-schell_1\/thumbs\/thumbs_img_1601.jpg\"\n               data-image-id=\"2664\"\n               data-title=\"img_1601\"\n               data-description=\"\"\n               data-image-slug=\"img_1601\"\n               class=\"shutterset_a240b2d7c4a74d375ec83bdcb796c475\">\n                <img\n                    title=\"img_1601\"\n                    alt=\"img_1601\"\n                    src=\"http:\/\/www.karate-neuhofen.at\/wp-content\/gallery\/kumite-training-mit-thomas-schell_1\/thumbs\/thumbs_img_1601.jpg\"\n                    width=\"100\"\n                    height=\"60\"\n                    style=\"max-width:100%;\"\n                \/>\n            <\/a>\n        <\/div>\n\t\t\t\t\t\t\t<\/div> \n\t\t\t\n        \n\t\t\t\t<div id=\"ngg-image-11\" class=\"ngg-gallery-thumbnail-box\" >\n\t\t\t\t        <div class=\"ngg-gallery-thumbnail\">\n            <a href=\"http:\/\/www.karate-neuhofen.at\/wp-content\/gallery\/kumite-training-mit-thomas-schell_1\/img_1603.jpg\"\n               title=\"\"\n               data-src=\"http:\/\/www.karate-neuhofen.at\/wp-content\/gallery\/kumite-training-mit-thomas-schell_1\/img_1603.jpg\"\n               data-thumbnail=\"http:\/\/www.karate-neuhofen.at\/wp-content\/gallery\/kumite-training-mit-thomas-schell_1\/thumbs\/thumbs_img_1603.jpg\"\n               data-image-id=\"2665\"\n               data-title=\"img_1603\"\n               data-description=\"\"\n               data-image-slug=\"img_1603\"\n               class=\"shutterset_a240b2d7c4a74d375ec83bdcb796c475\">\n                <img\n                    title=\"img_1603\"\n                    alt=\"img_1603\"\n                    src=\"http:\/\/www.karate-neuhofen.at\/wp-content\/gallery\/kumite-training-mit-thomas-schell_1\/thumbs\/thumbs_img_1603.jpg\"\n                    width=\"100\"\n                    height=\"70\"\n                    style=\"max-width:100%;\"\n                \/>\n            <\/a>\n        <\/div>\n\t\t\t\t\t\t\t<\/div> \n\t\t\t\n        \n\t\t\t\t<div id=\"ngg-image-12\" class=\"ngg-gallery-thumbnail-box\" >\n\t\t\t\t        <div class=\"ngg-gallery-thumbnail\">\n            <a href=\"http:\/\/www.karate-neuhofen.at\/wp-content\/gallery\/kumite-training-mit-thomas-schell_1\/img_1605.jpg\"\n               title=\"\"\n               data-src=\"http:\/\/www.karate-neuhofen.at\/wp-content\/gallery\/kumite-training-mit-thomas-schell_1\/img_1605.jpg\"\n               data-thumbnail=\"http:\/\/www.karate-neuhofen.at\/wp-content\/gallery\/kumite-training-mit-thomas-schell_1\/thumbs\/thumbs_img_1605.jpg\"\n               data-image-id=\"2666\"\n               data-title=\"img_1605\"\n               data-description=\"\"\n               data-image-slug=\"img_1605\"\n               class=\"shutterset_a240b2d7c4a74d375ec83bdcb796c475\">\n                <img\n                    title=\"img_1605\"\n                    alt=\"img_1605\"\n                    src=\"http:\/\/www.karate-neuhofen.at\/wp-content\/gallery\/kumite-training-mit-thomas-schell_1\/thumbs\/thumbs_img_1605.jpg\"\n                    width=\"100\"\n                    height=\"61\"\n                    style=\"max-width:100%;\"\n                \/>\n            <\/a>\n        <\/div>\n\t\t\t\t\t\t\t<\/div> \n\t\t\t\n        \n\t\t\t\t<div id=\"ngg-image-13\" class=\"ngg-gallery-thumbnail-box\" >\n\t\t\t\t        <div class=\"ngg-gallery-thumbnail\">\n            <a href=\"http:\/\/www.karate-neuhofen.at\/wp-content\/gallery\/kumite-training-mit-thomas-schell_1\/img_1606.jpg\"\n               title=\"\"\n               data-src=\"http:\/\/www.karate-neuhofen.at\/wp-content\/gallery\/kumite-training-mit-thomas-schell_1\/img_1606.jpg\"\n               data-thumbnail=\"http:\/\/www.karate-neuhofen.at\/wp-content\/gallery\/kumite-training-mit-thomas-schell_1\/thumbs\/thumbs_img_1606.jpg\"\n               data-image-id=\"2667\"\n               data-title=\"img_1606\"\n               data-description=\"\"\n               data-image-slug=\"img_1606\"\n               class=\"shutterset_a240b2d7c4a74d375ec83bdcb796c475\">\n                <img\n                    title=\"img_1606\"\n                    alt=\"img_1606\"\n                    src=\"http:\/\/www.karate-neuhofen.at\/wp-content\/gallery\/kumite-training-mit-thomas-schell_1\/thumbs\/thumbs_img_1606.jpg\"\n                    width=\"100\"\n                    height=\"51\"\n                    style=\"max-width:100%;\"\n                \/>\n            <\/a>\n        <\/div>\n\t\t\t\t\t\t\t<\/div> \n\t\t\t\n        \n\t\t\t\t<div id=\"ngg-image-14\" class=\"ngg-gallery-thumbnail-box\" >\n\t\t\t\t        <div class=\"ngg-gallery-thumbnail\">\n            <a href=\"http:\/\/www.karate-neuhofen.at\/wp-content\/gallery\/kumite-training-mit-thomas-schell_1\/img_1609.jpg\"\n               title=\"\"\n               data-src=\"http:\/\/www.karate-neuhofen.at\/wp-content\/gallery\/kumite-training-mit-thomas-schell_1\/img_1609.jpg\"\n               data-thumbnail=\"http:\/\/www.karate-neuhofen.at\/wp-content\/gallery\/kumite-training-mit-thomas-schell_1\/thumbs\/thumbs_img_1609.jpg\"\n               data-image-id=\"2668\"\n               data-title=\"img_1609\"\n               data-description=\"\"\n               data-image-slug=\"img_1609\"\n               class=\"shutterset_a240b2d7c4a74d375ec83bdcb796c475\">\n                <img\n                    title=\"img_1609\"\n                    alt=\"img_1609\"\n                    src=\"http:\/\/www.karate-neuhofen.at\/wp-content\/gallery\/kumite-training-mit-thomas-schell_1\/thumbs\/thumbs_img_1609.jpg\"\n                    width=\"100\"\n                    height=\"61\"\n                    style=\"max-width:100%;\"\n                \/>\n            <\/a>\n        <\/div>\n\t\t\t\t\t\t\t<\/div> \n\t\t\t\n        \n\t\t\n\t\t<div class=\"ngg-clear\"><\/div>\n\t<\/div>\n","protected":false},"excerpt":{"rendered":"<p>Am Freitag 12.4.13 fand in Neuhofen wieder ein Kumite Training mit Sensei Thomas Schell (4.Dan) statt. Thomas Schell ist in Neuhofen nicht unbekannt, da er gerade in letzter Zeit regelm\u00e4\u00dfig als Gasttrainer eingeladen ist. Dass seine Trainings beliebt sind, hat man an der gro\u00dfen Anzahl an Trainierenden gesehen. Bei diesem Training mit Thomas Schell wurde [&hellip;]<\/p>\n","protected":false},"author":3,"featured_media":2509,"comment_status":"closed","ping_status":"closed","sticky":false,"template":"","format":"standard","meta":{"ngg_post_thumbnail":0},"categories":[4],"tags":[25],"_links":{"self":[{"href":"http:\/\/www.karate-neuhofen.at\/index.php?rest_route=\/wp\/v2\/posts\/1395"}],"collection":[{"href":"http:\/\/www.karate-neuhofen.at\/index.php?rest_route=\/wp\/v2\/posts"}],"about":[{"href":"http:\/\/www.karate-neuhofen.at\/index.php?rest_route=\/wp\/v2\/types\/post"}],"author":[{"embeddable":true,"href":"http:\/\/www.karate-neuhofen.at\/index.php?rest_route=\/wp\/v2\/users\/3"}],"replies":[{"embeddable":true,"href":"http:\/\/www.karate-neuhofen.at\/index.php?rest_route=%2Fwp%2Fv2%2Fcomments&post=1395"}],"version-history":[{"count":15,"href":"http:\/\/www.karate-neuhofen.at\/index.php?rest_route=\/wp\/v2\/posts\/1395\/revisions"}],"predecessor-version":[{"id":2508,"href":"http:\/\/www.karate-neuhofen.at\/index.php?rest_route=\/wp\/v2\/posts\/1395\/revisions\/2508"}],"wp:featuredmedia":[{"embeddable":true,"href":"http:\/\/www.karate-neuhofen.at\/index.php?rest_route=\/wp\/v2\/media\/2509"}],"wp:attachment":[{"href":"http:\/\/www.karate-neuhofen.at\/index.php?rest_route=%2Fwp%2Fv2%2Fmedia&parent=1395"}],"wp:term":[{"taxonomy":"category","embeddable":true,"href":"http:\/\/www.karate-neuhofen.at\/index.php?rest_route=%2Fwp%2Fv2%2Fcategories&post=1395"},{"taxonomy":"post_tag","embeddable":true,"href":"http:\/\/www.karate-neuhofen.at\/index.php?rest_route=%2Fwp%2Fv2%2Ftags&post=1395"}],"curies":[{"name":"wp","href":"https:\/\/api.w.org\/{rel}","templated":true}]}}