{"id":15082,"date":"2017-07-27T00:00:40","date_gmt":"2017-07-26T23:00:40","guid":{"rendered":"http:\/\/www.karate-neuhofen.at\/?p=15082"},"modified":"2017-08-12T09:00:38","modified_gmt":"2017-08-12T08:00:38","slug":"9-int-kamikaze-karate-sommercamp-neuhofen-2017","status":"publish","type":"post","link":"http:\/\/www.karate-neuhofen.at\/?p=15082","title":{"rendered":"9. int. Kamikaze Karate Sommercamp Neuhofen 2017"},"content":{"rendered":"<p>Neuer Teilnehmerrekord &#8211;<br \/>\n9. internationales Kamikaze Sommercamp vom 27. &#8211; 30. Juli 2017 erfreut sich gr\u00f6\u00dfter Beliebtheit!<\/p>\n<p>Das gro\u00dfe Engagement der mittlerweile knapp 200 Mitglieder des Ask\u00f6 Karate Vereins Seibukan Neuhofen und nicht zuletzt der vision\u00e4re und unerm\u00fcdliche Geist des Gr\u00fcnders und Camp Veranstalters Christian Ramsebner tr\u00e4gt reiche Fr\u00fcchte: Das seit Jahren gr\u00f6\u00dfte \u00f6sterreichische Karatecamp erzielte heuer einen sensationellen Besucherrekord von insgesamt 478 Teilnehmern aus sage und schreibe 18 Nationen!!!<\/p>\n<p>SportlerInnen aus der ganzen Welt (Italien, Japan, Deutschland, Frankreich, Polen, Russland, Tschechien, Schweiz, Niederlande, Spanien, Belgien, T\u00fcrkei, Luxemburg, Slowakei, Kroatien, Bosnien, England aus allen 9 Bundesl\u00e4ndern \u00d6sterreich) belebten wieder die Marktgemeinde Neuhofen und nutzten die einmalige Gelegenheit um mit den gr\u00f6\u00dften Meistern des Karatesports zu trainieren. <\/p>\n<p>Heuer erstmalig zum Camp aus Norwegen eingeflogen begeisterte Dr. Wayne Otto 5. Dan geboren in England, 5facher Weltmeister und 7facher Europameister, auch bekannt als der \u201eschwarze Hai\u201c der Karateszene, mit seinem K\u00f6nnen.<\/p>\n<p>Einer der Gr\u00fcnde der gro\u00dfen Beliebtheit des Camps ist auf alle F\u00e4lle das vor Ort gebotene umfangreiche Rahmenprogramm. Kobudo (Stockkampf), Capoeira, Kyusho, Tae Bo zum Auspowern am Abend und zum Einstimmen am fr\u00fchen Morgen Qi Gong erfreuten sich wieder zahlreicher Teilnahme.<br \/>\nDas internationale Flair, die famili\u00e4re Stimmung am Camp und die Wiedersehensfreude von den vielen, bereits regelm\u00e4\u00dfigen Besuchern des Camps, sind weitere genannte Gr\u00fcnde weshalb sich viele schon wieder auf n\u00e4chstes Jahr freuen und immer wieder kommen. <\/p>\n<p>\u201eDas Sommercamp in Neuhofen ist einfach einmalig!\u201c ist eines der vielen Statements, die mit dankbaren Worten dem Veranstalter zur Verabschiedung ausgesprochen wurden. Die Campingm\u00f6glichkeit vor Ort, \u00dcbernachtungsm\u00f6glichkeit im Turnsaal, Abk\u00fchlung im angrenzenden Freibad und die kulinarische Versorgung der Camp K\u00fcche unter der Leitung von Didi Gratzl sind Angebote, die den Aufenthalt der Sportler angenehm vers\u00fc\u00dfen\u2026 <\/p>\n<p>Karaoke singen stellte am Freitag das Abendprogramm dar, und w\u00e4hrend unser Verein \u201eI am from Austria\u201c zum Besten gab, konterten andere Vereine mit Lieder ihrer Nation \u2013 ein sehr lustiger und verbindender Abend! Dazu wurde frischer Steckerfisch am Grill bereitet.<br \/>\nSamstag stand die SHOWNIGHT mit 6. ENERGIE AG CUP und die Sayonara Party mit musikalischer Untermalung der Band \u201eZweitakter\u201c mit Lisi Baumgartner und Thail\u00e4ndischem Showkochen am Programm. Eindrucksvolle Darbietungen, Karate in vollendeter Form, Kobudo Vorf\u00fchrungen mit verschiedenen Waffen, perfekte K\u00f6rper\u00fcbungen begeisterten bei freiem Eintritt im Forum Neuhofen die zahlreichen Zuseher. <\/p>\n<p>Im Rahmen der Ferienaktion Neuhofen wurden auch heuer wieder gratis Schnupperkurse f\u00fcr Kinder ausgeschrieben, und so die M\u00f6glichkeit geboten, gratis mit dem Geist und K\u00f6rper gleicherma\u00dfen trainierenden Sport Karate in Ber\u00fchrung zu kommen.<br \/>\nKenji Hashimoto aus Japan, ehemaliger Nationaltrainer El Salvadors, begeisterte mit seiner sympathischen Art die zahlreichen Kinder und Jugendliche. Auch Capoeira, Stockkampf und Tae Bo konnten auf diesem Wege ausprobiert werden.<\/p>\n<p>Alle, die nun neugierig auf unseren vielf\u00e4ltigen und erfolgreichen Verein geworden sind, m\u00f6gen sich nun bitte recht herzlich eingeladen f\u00fchlen:<\/p>\n<p>Termin f\u00fcr neuen Anf\u00e4ngerkurs f\u00fcr Kinder und Erwachsene: 12. September 2017<br \/>\nAnmeldung und n\u00e4here Infos (z.B. zu Karate 60+, Karate f\u00fcr Menschen mit k\u00f6rperlicher Beeintr\u00e4chtigung, Minitigertraining, Kobudo): christian.ramsebner@liwest.at Tel.: 0676\/5562802<br \/>\nBilder vom Camp auf der Homepage www.karate-neuhofen.at<br \/>\nDoris Hartmann<\/p><!-- index.php -->\n<div\n\tclass=\"ngg-galleryoverview ngg-ajax-pagination-none\"\n\tid=\"ngg-gallery-6bd4a67f62a7de13e8a03aec327a2ec6-1\">\n\n    \t<div class=\"slideshowlink\">\n        <a href='http:\/\/www.karate-neuhofen.at\/index.php\/nggallery\/slideshow?p=15082'>[Zeige eine Slideshow]<\/a>\n\t\t\n\t<\/div>\n\t\t\t<!-- Thumbnails -->\n\t\t\t\t<div id=\"ngg-image-0\" class=\"ngg-gallery-thumbnail-box\" >\n\t\t\t\t        <div class=\"ngg-gallery-thumbnail\">\n            <a href=\"http:\/\/www.karate-neuhofen.at\/wp-content\/gallery\/9-sommercamp-2017\/SC1001.JPG\"\n               title=\"\"\n               data-src=\"http:\/\/www.karate-neuhofen.at\/wp-content\/gallery\/9-sommercamp-2017\/SC1001.JPG\"\n               data-thumbnail=\"http:\/\/www.karate-neuhofen.at\/wp-content\/gallery\/9-sommercamp-2017\/thumbs\/thumbs_SC1001.JPG\"\n               data-image-id=\"15885\"\n               data-title=\"SC(1001)\"\n               data-description=\"\"\n               data-image-slug=\"sc1001\"\n               class=\"shutterset_6bd4a67f62a7de13e8a03aec327a2ec6\">\n                <img\n                    title=\"SC(1001)\"\n                    alt=\"SC(1001)\"\n                    src=\"http:\/\/www.karate-neuhofen.at\/wp-content\/gallery\/9-sommercamp-2017\/thumbs\/thumbs_SC1001.JPG\"\n                    width=\"240\"\n                    height=\"160\"\n                    style=\"max-width:100%;\"\n                \/>\n            <\/a>\n        <\/div>\n\t\t\t\t\t\t\t<\/div> \n\t\t\t\n        \n\t\t\t\t<div id=\"ngg-image-1\" class=\"ngg-gallery-thumbnail-box\" >\n\t\t\t\t        <div class=\"ngg-gallery-thumbnail\">\n            <a href=\"http:\/\/www.karate-neuhofen.at\/wp-content\/gallery\/9-sommercamp-2017\/SC1002.JPG\"\n               title=\"\"\n               data-src=\"http:\/\/www.karate-neuhofen.at\/wp-content\/gallery\/9-sommercamp-2017\/SC1002.JPG\"\n               data-thumbnail=\"http:\/\/www.karate-neuhofen.at\/wp-content\/gallery\/9-sommercamp-2017\/thumbs\/thumbs_SC1002.JPG\"\n               data-image-id=\"15886\"\n               data-title=\"SC(1002)\"\n               data-description=\"\"\n               data-image-slug=\"sc1002\"\n               class=\"shutterset_6bd4a67f62a7de13e8a03aec327a2ec6\">\n                <img\n                    title=\"SC(1002)\"\n                    alt=\"SC(1002)\"\n                    src=\"http:\/\/www.karate-neuhofen.at\/wp-content\/gallery\/9-sommercamp-2017\/thumbs\/thumbs_SC1002.JPG\"\n                    width=\"240\"\n                    height=\"160\"\n                    style=\"max-width:100%;\"\n                \/>\n            <\/a>\n        <\/div>\n\t\t\t\t\t\t\t<\/div> \n\t\t\t\n        \n\t\t\t\t<div id=\"ngg-image-2\" class=\"ngg-gallery-thumbnail-box\" >\n\t\t\t\t        <div class=\"ngg-gallery-thumbnail\">\n            <a href=\"http:\/\/www.karate-neuhofen.at\/wp-content\/gallery\/9-sommercamp-2017\/SC1003.JPG\"\n               title=\"\"\n               data-src=\"http:\/\/www.karate-neuhofen.at\/wp-content\/gallery\/9-sommercamp-2017\/SC1003.JPG\"\n               data-thumbnail=\"http:\/\/www.karate-neuhofen.at\/wp-content\/gallery\/9-sommercamp-2017\/thumbs\/thumbs_SC1003.JPG\"\n               data-image-id=\"15887\"\n               data-title=\"SC(1003)\"\n               data-description=\"\"\n               data-image-slug=\"sc1003\"\n               class=\"shutterset_6bd4a67f62a7de13e8a03aec327a2ec6\">\n                <img\n                    title=\"SC(1003)\"\n                    alt=\"SC(1003)\"\n                    src=\"http:\/\/www.karate-neuhofen.at\/wp-content\/gallery\/9-sommercamp-2017\/thumbs\/thumbs_SC1003.JPG\"\n                    width=\"240\"\n                    height=\"160\"\n                    style=\"max-width:100%;\"\n                \/>\n            <\/a>\n        <\/div>\n\t\t\t\t\t\t\t<\/div> \n\t\t\t\n        \n\t\t\t\t<div id=\"ngg-image-3\" class=\"ngg-gallery-thumbnail-box\" >\n\t\t\t\t        <div class=\"ngg-gallery-thumbnail\">\n            <a href=\"http:\/\/www.karate-neuhofen.at\/wp-content\/gallery\/9-sommercamp-2017\/SC1004.JPG\"\n               title=\"\"\n               data-src=\"http:\/\/www.karate-neuhofen.at\/wp-content\/gallery\/9-sommercamp-2017\/SC1004.JPG\"\n               data-thumbnail=\"http:\/\/www.karate-neuhofen.at\/wp-content\/gallery\/9-sommercamp-2017\/thumbs\/thumbs_SC1004.JPG\"\n               data-image-id=\"15888\"\n               data-title=\"SC(1004)\"\n               data-description=\"\"\n               data-image-slug=\"sc1004\"\n               class=\"shutterset_6bd4a67f62a7de13e8a03aec327a2ec6\">\n                <img\n                    title=\"SC(1004)\"\n                    alt=\"SC(1004)\"\n                    src=\"http:\/\/www.karate-neuhofen.at\/wp-content\/gallery\/9-sommercamp-2017\/thumbs\/thumbs_SC1004.JPG\"\n                    width=\"240\"\n                    height=\"160\"\n                    style=\"max-width:100%;\"\n                \/>\n            <\/a>\n        <\/div>\n\t\t\t\t\t\t\t<\/div> \n\t\t\t\n        \n\t\t\t\t<div id=\"ngg-image-4\" class=\"ngg-gallery-thumbnail-box\" >\n\t\t\t\t        <div class=\"ngg-gallery-thumbnail\">\n            <a href=\"http:\/\/www.karate-neuhofen.at\/wp-content\/gallery\/9-sommercamp-2017\/SC1005.JPG\"\n               title=\"\"\n               data-src=\"http:\/\/www.karate-neuhofen.at\/wp-content\/gallery\/9-sommercamp-2017\/SC1005.JPG\"\n               data-thumbnail=\"http:\/\/www.karate-neuhofen.at\/wp-content\/gallery\/9-sommercamp-2017\/thumbs\/thumbs_SC1005.JPG\"\n               data-image-id=\"15889\"\n               data-title=\"SC(1005)\"\n               data-description=\"\"\n               data-image-slug=\"sc1005\"\n               class=\"shutterset_6bd4a67f62a7de13e8a03aec327a2ec6\">\n                <img\n                    title=\"SC(1005)\"\n                    alt=\"SC(1005)\"\n                    src=\"http:\/\/www.karate-neuhofen.at\/wp-content\/gallery\/9-sommercamp-2017\/thumbs\/thumbs_SC1005.JPG\"\n                    width=\"240\"\n                    height=\"160\"\n                    style=\"max-width:100%;\"\n                \/>\n            <\/a>\n        <\/div>\n\t\t\t\t\t\t\t<\/div> \n\t\t\t\n        \n\t\t\t\t<div id=\"ngg-image-5\" class=\"ngg-gallery-thumbnail-box\" >\n\t\t\t\t        <div class=\"ngg-gallery-thumbnail\">\n            <a href=\"http:\/\/www.karate-neuhofen.at\/wp-content\/gallery\/9-sommercamp-2017\/SC1006.JPG\"\n               title=\"\"\n               data-src=\"http:\/\/www.karate-neuhofen.at\/wp-content\/gallery\/9-sommercamp-2017\/SC1006.JPG\"\n               data-thumbnail=\"http:\/\/www.karate-neuhofen.at\/wp-content\/gallery\/9-sommercamp-2017\/thumbs\/thumbs_SC1006.JPG\"\n               data-image-id=\"15890\"\n               data-title=\"SC(1006)\"\n               data-description=\"\"\n               data-image-slug=\"sc1006\"\n               class=\"shutterset_6bd4a67f62a7de13e8a03aec327a2ec6\">\n                <img\n                    title=\"SC(1006)\"\n                    alt=\"SC(1006)\"\n                    src=\"http:\/\/www.karate-neuhofen.at\/wp-content\/gallery\/9-sommercamp-2017\/thumbs\/thumbs_SC1006.JPG\"\n                    width=\"240\"\n                    height=\"160\"\n                    style=\"max-width:100%;\"\n                \/>\n            <\/a>\n        <\/div>\n\t\t\t\t\t\t\t<\/div> \n\t\t\t\n        \n\t\t\t\t<div id=\"ngg-image-6\" class=\"ngg-gallery-thumbnail-box\" >\n\t\t\t\t        <div class=\"ngg-gallery-thumbnail\">\n            <a href=\"http:\/\/www.karate-neuhofen.at\/wp-content\/gallery\/9-sommercamp-2017\/SC1007.JPG\"\n               title=\"\"\n               data-src=\"http:\/\/www.karate-neuhofen.at\/wp-content\/gallery\/9-sommercamp-2017\/SC1007.JPG\"\n               data-thumbnail=\"http:\/\/www.karate-neuhofen.at\/wp-content\/gallery\/9-sommercamp-2017\/thumbs\/thumbs_SC1007.JPG\"\n               data-image-id=\"15891\"\n               data-title=\"SC(1007)\"\n               data-description=\"\"\n               data-image-slug=\"sc1007\"\n               class=\"shutterset_6bd4a67f62a7de13e8a03aec327a2ec6\">\n                <img\n                    title=\"SC(1007)\"\n                    alt=\"SC(1007)\"\n                    src=\"http:\/\/www.karate-neuhofen.at\/wp-content\/gallery\/9-sommercamp-2017\/thumbs\/thumbs_SC1007.JPG\"\n                    width=\"240\"\n                    height=\"160\"\n                    style=\"max-width:100%;\"\n                \/>\n            <\/a>\n        <\/div>\n\t\t\t\t\t\t\t<\/div> \n\t\t\t\n        \n\t\t\t\t<div id=\"ngg-image-7\" class=\"ngg-gallery-thumbnail-box\" >\n\t\t\t\t        <div class=\"ngg-gallery-thumbnail\">\n            <a href=\"http:\/\/www.karate-neuhofen.at\/wp-content\/gallery\/9-sommercamp-2017\/SC1008.JPG\"\n               title=\"\"\n               data-src=\"http:\/\/www.karate-neuhofen.at\/wp-content\/gallery\/9-sommercamp-2017\/SC1008.JPG\"\n               data-thumbnail=\"http:\/\/www.karate-neuhofen.at\/wp-content\/gallery\/9-sommercamp-2017\/thumbs\/thumbs_SC1008.JPG\"\n               data-image-id=\"15892\"\n               data-title=\"SC(1008)\"\n               data-description=\"\"\n               data-image-slug=\"sc1008\"\n               class=\"shutterset_6bd4a67f62a7de13e8a03aec327a2ec6\">\n                <img\n                    title=\"SC(1008)\"\n                    alt=\"SC(1008)\"\n                    src=\"http:\/\/www.karate-neuhofen.at\/wp-content\/gallery\/9-sommercamp-2017\/thumbs\/thumbs_SC1008.JPG\"\n                    width=\"240\"\n                    height=\"160\"\n                    style=\"max-width:100%;\"\n                \/>\n            <\/a>\n        <\/div>\n\t\t\t\t\t\t\t<\/div> \n\t\t\t\n        \n\t\t\t\t<div id=\"ngg-image-8\" class=\"ngg-gallery-thumbnail-box\" >\n\t\t\t\t        <div class=\"ngg-gallery-thumbnail\">\n            <a href=\"http:\/\/www.karate-neuhofen.at\/wp-content\/gallery\/9-sommercamp-2017\/SC1009.JPG\"\n               title=\"\"\n               data-src=\"http:\/\/www.karate-neuhofen.at\/wp-content\/gallery\/9-sommercamp-2017\/SC1009.JPG\"\n               data-thumbnail=\"http:\/\/www.karate-neuhofen.at\/wp-content\/gallery\/9-sommercamp-2017\/thumbs\/thumbs_SC1009.JPG\"\n               data-image-id=\"15893\"\n               data-title=\"SC(1009)\"\n               data-description=\"\"\n               data-image-slug=\"sc1009\"\n               class=\"shutterset_6bd4a67f62a7de13e8a03aec327a2ec6\">\n                <img\n                    title=\"SC(1009)\"\n                    alt=\"SC(1009)\"\n                    src=\"http:\/\/www.karate-neuhofen.at\/wp-content\/gallery\/9-sommercamp-2017\/thumbs\/thumbs_SC1009.JPG\"\n                    width=\"240\"\n                    height=\"160\"\n                    style=\"max-width:100%;\"\n                \/>\n            <\/a>\n        <\/div>\n\t\t\t\t\t\t\t<\/div> \n\t\t\t\n        \n\t\t\t\t<div id=\"ngg-image-9\" class=\"ngg-gallery-thumbnail-box\" >\n\t\t\t\t        <div class=\"ngg-gallery-thumbnail\">\n            <a href=\"http:\/\/www.karate-neuhofen.at\/wp-content\/gallery\/9-sommercamp-2017\/SC1010.JPG\"\n               title=\"\"\n               data-src=\"http:\/\/www.karate-neuhofen.at\/wp-content\/gallery\/9-sommercamp-2017\/SC1010.JPG\"\n               data-thumbnail=\"http:\/\/www.karate-neuhofen.at\/wp-content\/gallery\/9-sommercamp-2017\/thumbs\/thumbs_SC1010.JPG\"\n               data-image-id=\"15894\"\n               data-title=\"SC(1010)\"\n               data-description=\"\"\n               data-image-slug=\"sc1010\"\n               class=\"shutterset_6bd4a67f62a7de13e8a03aec327a2ec6\">\n                <img\n                    title=\"SC(1010)\"\n                    alt=\"SC(1010)\"\n                    src=\"http:\/\/www.karate-neuhofen.at\/wp-content\/gallery\/9-sommercamp-2017\/thumbs\/thumbs_SC1010.JPG\"\n                    width=\"240\"\n                    height=\"160\"\n                    style=\"max-width:100%;\"\n                \/>\n            <\/a>\n        <\/div>\n\t\t\t\t\t\t\t<\/div> \n\t\t\t\n        \n\t\t\t\t<div id=\"ngg-image-10\" class=\"ngg-gallery-thumbnail-box\" >\n\t\t\t\t        <div class=\"ngg-gallery-thumbnail\">\n            <a href=\"http:\/\/www.karate-neuhofen.at\/wp-content\/gallery\/9-sommercamp-2017\/SC1011.JPG\"\n               title=\"\"\n               data-src=\"http:\/\/www.karate-neuhofen.at\/wp-content\/gallery\/9-sommercamp-2017\/SC1011.JPG\"\n               data-thumbnail=\"http:\/\/www.karate-neuhofen.at\/wp-content\/gallery\/9-sommercamp-2017\/thumbs\/thumbs_SC1011.JPG\"\n               data-image-id=\"15895\"\n               data-title=\"SC(1011)\"\n               data-description=\"\"\n               data-image-slug=\"sc1011\"\n               class=\"shutterset_6bd4a67f62a7de13e8a03aec327a2ec6\">\n                <img\n                    title=\"SC(1011)\"\n                    alt=\"SC(1011)\"\n                    src=\"http:\/\/www.karate-neuhofen.at\/wp-content\/gallery\/9-sommercamp-2017\/thumbs\/thumbs_SC1011.JPG\"\n                    width=\"240\"\n                    height=\"160\"\n                    style=\"max-width:100%;\"\n                \/>\n            <\/a>\n        <\/div>\n\t\t\t\t\t\t\t<\/div> \n\t\t\t\n        \n\t\t\t\t<div id=\"ngg-image-11\" class=\"ngg-gallery-thumbnail-box\" >\n\t\t\t\t        <div class=\"ngg-gallery-thumbnail\">\n            <a href=\"http:\/\/www.karate-neuhofen.at\/wp-content\/gallery\/9-sommercamp-2017\/SC1012.JPG\"\n               title=\"\"\n               data-src=\"http:\/\/www.karate-neuhofen.at\/wp-content\/gallery\/9-sommercamp-2017\/SC1012.JPG\"\n               data-thumbnail=\"http:\/\/www.karate-neuhofen.at\/wp-content\/gallery\/9-sommercamp-2017\/thumbs\/thumbs_SC1012.JPG\"\n               data-image-id=\"15896\"\n               data-title=\"SC(1012)\"\n               data-description=\"\"\n               data-image-slug=\"sc1012\"\n               class=\"shutterset_6bd4a67f62a7de13e8a03aec327a2ec6\">\n                <img\n                    title=\"SC(1012)\"\n                    alt=\"SC(1012)\"\n                    src=\"http:\/\/www.karate-neuhofen.at\/wp-content\/gallery\/9-sommercamp-2017\/thumbs\/thumbs_SC1012.JPG\"\n                    width=\"240\"\n                    height=\"160\"\n                    style=\"max-width:100%;\"\n                \/>\n            <\/a>\n        <\/div>\n\t\t\t\t\t\t\t<\/div> \n\t\t\t\n        \n\t\t\t\t<div id=\"ngg-image-12\" class=\"ngg-gallery-thumbnail-box\" >\n\t\t\t\t        <div class=\"ngg-gallery-thumbnail\">\n            <a href=\"http:\/\/www.karate-neuhofen.at\/wp-content\/gallery\/9-sommercamp-2017\/SC1013.JPG\"\n               title=\"\"\n               data-src=\"http:\/\/www.karate-neuhofen.at\/wp-content\/gallery\/9-sommercamp-2017\/SC1013.JPG\"\n               data-thumbnail=\"http:\/\/www.karate-neuhofen.at\/wp-content\/gallery\/9-sommercamp-2017\/thumbs\/thumbs_SC1013.JPG\"\n               data-image-id=\"15897\"\n               data-title=\"SC(1013)\"\n               data-description=\"\"\n               data-image-slug=\"sc1013\"\n               class=\"shutterset_6bd4a67f62a7de13e8a03aec327a2ec6\">\n                <img\n                    title=\"SC(1013)\"\n                    alt=\"SC(1013)\"\n                    src=\"http:\/\/www.karate-neuhofen.at\/wp-content\/gallery\/9-sommercamp-2017\/thumbs\/thumbs_SC1013.JPG\"\n                    width=\"240\"\n                    height=\"160\"\n                    style=\"max-width:100%;\"\n                \/>\n            <\/a>\n        <\/div>\n\t\t\t\t\t\t\t<\/div> \n\t\t\t\n        \n\t\t\t\t<div id=\"ngg-image-13\" class=\"ngg-gallery-thumbnail-box\" >\n\t\t\t\t        <div class=\"ngg-gallery-thumbnail\">\n            <a href=\"http:\/\/www.karate-neuhofen.at\/wp-content\/gallery\/9-sommercamp-2017\/SC1014.JPG\"\n               title=\"\"\n               data-src=\"http:\/\/www.karate-neuhofen.at\/wp-content\/gallery\/9-sommercamp-2017\/SC1014.JPG\"\n               data-thumbnail=\"http:\/\/www.karate-neuhofen.at\/wp-content\/gallery\/9-sommercamp-2017\/thumbs\/thumbs_SC1014.JPG\"\n               data-image-id=\"15898\"\n               data-title=\"SC(1014)\"\n               data-description=\"\"\n               data-image-slug=\"sc1014\"\n               class=\"shutterset_6bd4a67f62a7de13e8a03aec327a2ec6\">\n                <img\n                    title=\"SC(1014)\"\n                    alt=\"SC(1014)\"\n                    src=\"http:\/\/www.karate-neuhofen.at\/wp-content\/gallery\/9-sommercamp-2017\/thumbs\/thumbs_SC1014.JPG\"\n                    width=\"240\"\n                    height=\"160\"\n                    style=\"max-width:100%;\"\n                \/>\n            <\/a>\n        <\/div>\n\t\t\t\t\t\t\t<\/div> \n\t\t\t\n        \n\t\t\t\t<div id=\"ngg-image-14\" class=\"ngg-gallery-thumbnail-box\" >\n\t\t\t\t        <div class=\"ngg-gallery-thumbnail\">\n            <a href=\"http:\/\/www.karate-neuhofen.at\/wp-content\/gallery\/9-sommercamp-2017\/SC1015.JPG\"\n               title=\"\"\n               data-src=\"http:\/\/www.karate-neuhofen.at\/wp-content\/gallery\/9-sommercamp-2017\/SC1015.JPG\"\n               data-thumbnail=\"http:\/\/www.karate-neuhofen.at\/wp-content\/gallery\/9-sommercamp-2017\/thumbs\/thumbs_SC1015.JPG\"\n               data-image-id=\"15899\"\n               data-title=\"SC(1015)\"\n               data-description=\"\"\n               data-image-slug=\"sc1015\"\n               class=\"shutterset_6bd4a67f62a7de13e8a03aec327a2ec6\">\n                <img\n                    title=\"SC(1015)\"\n                    alt=\"SC(1015)\"\n                    src=\"http:\/\/www.karate-neuhofen.at\/wp-content\/gallery\/9-sommercamp-2017\/thumbs\/thumbs_SC1015.JPG\"\n                    width=\"240\"\n                    height=\"160\"\n                    style=\"max-width:100%;\"\n                \/>\n            <\/a>\n        <\/div>\n\t\t\t\t\t\t\t<\/div> \n\t\t\t\n        \n\t\t\t\t<div id=\"ngg-image-15\" class=\"ngg-gallery-thumbnail-box\" >\n\t\t\t\t        <div class=\"ngg-gallery-thumbnail\">\n            <a href=\"http:\/\/www.karate-neuhofen.at\/wp-content\/gallery\/9-sommercamp-2017\/SC1016.JPG\"\n               title=\"\"\n               data-src=\"http:\/\/www.karate-neuhofen.at\/wp-content\/gallery\/9-sommercamp-2017\/SC1016.JPG\"\n               data-thumbnail=\"http:\/\/www.karate-neuhofen.at\/wp-content\/gallery\/9-sommercamp-2017\/thumbs\/thumbs_SC1016.JPG\"\n               data-image-id=\"15900\"\n               data-title=\"SC(1016)\"\n               data-description=\"\"\n               data-image-slug=\"sc1016\"\n               class=\"shutterset_6bd4a67f62a7de13e8a03aec327a2ec6\">\n                <img\n                    title=\"SC(1016)\"\n                    alt=\"SC(1016)\"\n                    src=\"http:\/\/www.karate-neuhofen.at\/wp-content\/gallery\/9-sommercamp-2017\/thumbs\/thumbs_SC1016.JPG\"\n                    width=\"240\"\n                    height=\"160\"\n                    style=\"max-width:100%;\"\n                \/>\n            <\/a>\n        <\/div>\n\t\t\t\t\t\t\t<\/div> \n\t\t\t\n        \n\t\t\t\t<div id=\"ngg-image-16\" class=\"ngg-gallery-thumbnail-box\" >\n\t\t\t\t        <div class=\"ngg-gallery-thumbnail\">\n            <a href=\"http:\/\/www.karate-neuhofen.at\/wp-content\/gallery\/9-sommercamp-2017\/SC1017.JPG\"\n               title=\"\"\n               data-src=\"http:\/\/www.karate-neuhofen.at\/wp-content\/gallery\/9-sommercamp-2017\/SC1017.JPG\"\n               data-thumbnail=\"http:\/\/www.karate-neuhofen.at\/wp-content\/gallery\/9-sommercamp-2017\/thumbs\/thumbs_SC1017.JPG\"\n               data-image-id=\"15901\"\n               data-title=\"SC(1017)\"\n               data-description=\"\"\n               data-image-slug=\"sc1017\"\n               class=\"shutterset_6bd4a67f62a7de13e8a03aec327a2ec6\">\n                <img\n                    title=\"SC(1017)\"\n                    alt=\"SC(1017)\"\n                    src=\"http:\/\/www.karate-neuhofen.at\/wp-content\/gallery\/9-sommercamp-2017\/thumbs\/thumbs_SC1017.JPG\"\n                    width=\"240\"\n                    height=\"160\"\n                    style=\"max-width:100%;\"\n                \/>\n            <\/a>\n        <\/div>\n\t\t\t\t\t\t\t<\/div> \n\t\t\t\n        \n\t\t\t\t<div id=\"ngg-image-17\" class=\"ngg-gallery-thumbnail-box\" >\n\t\t\t\t        <div class=\"ngg-gallery-thumbnail\">\n            <a href=\"http:\/\/www.karate-neuhofen.at\/wp-content\/gallery\/9-sommercamp-2017\/SC1018.JPG\"\n               title=\"\"\n               data-src=\"http:\/\/www.karate-neuhofen.at\/wp-content\/gallery\/9-sommercamp-2017\/SC1018.JPG\"\n               data-thumbnail=\"http:\/\/www.karate-neuhofen.at\/wp-content\/gallery\/9-sommercamp-2017\/thumbs\/thumbs_SC1018.JPG\"\n               data-image-id=\"15902\"\n               data-title=\"SC(1018)\"\n               data-description=\"\"\n               data-image-slug=\"sc1018\"\n               class=\"shutterset_6bd4a67f62a7de13e8a03aec327a2ec6\">\n                <img\n                    title=\"SC(1018)\"\n                    alt=\"SC(1018)\"\n                    src=\"http:\/\/www.karate-neuhofen.at\/wp-content\/gallery\/9-sommercamp-2017\/thumbs\/thumbs_SC1018.JPG\"\n                    width=\"240\"\n                    height=\"160\"\n                    style=\"max-width:100%;\"\n                \/>\n            <\/a>\n        <\/div>\n\t\t\t\t\t\t\t<\/div> \n\t\t\t\n        \n\t\t\t\t<div id=\"ngg-image-18\" class=\"ngg-gallery-thumbnail-box\" >\n\t\t\t\t        <div class=\"ngg-gallery-thumbnail\">\n            <a href=\"http:\/\/www.karate-neuhofen.at\/wp-content\/gallery\/9-sommercamp-2017\/SC1019.JPG\"\n               title=\"\"\n               data-src=\"http:\/\/www.karate-neuhofen.at\/wp-content\/gallery\/9-sommercamp-2017\/SC1019.JPG\"\n               data-thumbnail=\"http:\/\/www.karate-neuhofen.at\/wp-content\/gallery\/9-sommercamp-2017\/thumbs\/thumbs_SC1019.JPG\"\n               data-image-id=\"15903\"\n               data-title=\"SC(1019)\"\n               data-description=\"\"\n               data-image-slug=\"sc1019\"\n               class=\"shutterset_6bd4a67f62a7de13e8a03aec327a2ec6\">\n                <img\n                    title=\"SC(1019)\"\n                    alt=\"SC(1019)\"\n                    src=\"http:\/\/www.karate-neuhofen.at\/wp-content\/gallery\/9-sommercamp-2017\/thumbs\/thumbs_SC1019.JPG\"\n                    width=\"240\"\n                    height=\"160\"\n                    style=\"max-width:100%;\"\n                \/>\n            <\/a>\n        <\/div>\n\t\t\t\t\t\t\t<\/div> \n\t\t\t\n        \n\t\t\t\t<div id=\"ngg-image-19\" class=\"ngg-gallery-thumbnail-box\" >\n\t\t\t\t        <div class=\"ngg-gallery-thumbnail\">\n            <a href=\"http:\/\/www.karate-neuhofen.at\/wp-content\/gallery\/9-sommercamp-2017\/SC1020.JPG\"\n               title=\"\"\n               data-src=\"http:\/\/www.karate-neuhofen.at\/wp-content\/gallery\/9-sommercamp-2017\/SC1020.JPG\"\n               data-thumbnail=\"http:\/\/www.karate-neuhofen.at\/wp-content\/gallery\/9-sommercamp-2017\/thumbs\/thumbs_SC1020.JPG\"\n               data-image-id=\"15904\"\n               data-title=\"SC(1020)\"\n               data-description=\"\"\n               data-image-slug=\"sc1020\"\n               class=\"shutterset_6bd4a67f62a7de13e8a03aec327a2ec6\">\n                <img\n                    title=\"SC(1020)\"\n                    alt=\"SC(1020)\"\n                    src=\"http:\/\/www.karate-neuhofen.at\/wp-content\/gallery\/9-sommercamp-2017\/thumbs\/thumbs_SC1020.JPG\"\n                    width=\"240\"\n                    height=\"160\"\n                    style=\"max-width:100%;\"\n                \/>\n            <\/a>\n        <\/div>\n\t\t\t\t\t\t\t<\/div> \n\t\t\t\n        \n\t\t\t\t<div id=\"ngg-image-20\" class=\"ngg-gallery-thumbnail-box\" >\n\t\t\t\t        <div class=\"ngg-gallery-thumbnail\">\n            <a href=\"http:\/\/www.karate-neuhofen.at\/wp-content\/gallery\/9-sommercamp-2017\/SC1021.JPG\"\n               title=\"\"\n               data-src=\"http:\/\/www.karate-neuhofen.at\/wp-content\/gallery\/9-sommercamp-2017\/SC1021.JPG\"\n               data-thumbnail=\"http:\/\/www.karate-neuhofen.at\/wp-content\/gallery\/9-sommercamp-2017\/thumbs\/thumbs_SC1021.JPG\"\n               data-image-id=\"15905\"\n               data-title=\"SC(1021)\"\n               data-description=\"\"\n               data-image-slug=\"sc1021\"\n               class=\"shutterset_6bd4a67f62a7de13e8a03aec327a2ec6\">\n                <img\n                    title=\"SC(1021)\"\n                    alt=\"SC(1021)\"\n                    src=\"http:\/\/www.karate-neuhofen.at\/wp-content\/gallery\/9-sommercamp-2017\/thumbs\/thumbs_SC1021.JPG\"\n                    width=\"240\"\n                    height=\"160\"\n                    style=\"max-width:100%;\"\n                \/>\n            <\/a>\n        <\/div>\n\t\t\t\t\t\t\t<\/div> \n\t\t\t\n        \n\t\t\t\t<div id=\"ngg-image-21\" class=\"ngg-gallery-thumbnail-box\" >\n\t\t\t\t        <div class=\"ngg-gallery-thumbnail\">\n            <a href=\"http:\/\/www.karate-neuhofen.at\/wp-content\/gallery\/9-sommercamp-2017\/SC1022.JPG\"\n               title=\"\"\n               data-src=\"http:\/\/www.karate-neuhofen.at\/wp-content\/gallery\/9-sommercamp-2017\/SC1022.JPG\"\n               data-thumbnail=\"http:\/\/www.karate-neuhofen.at\/wp-content\/gallery\/9-sommercamp-2017\/thumbs\/thumbs_SC1022.JPG\"\n               data-image-id=\"15906\"\n               data-title=\"SC(1022)\"\n               data-description=\"\"\n               data-image-slug=\"sc1022\"\n               class=\"shutterset_6bd4a67f62a7de13e8a03aec327a2ec6\">\n                <img\n                    title=\"SC(1022)\"\n                    alt=\"SC(1022)\"\n                    src=\"http:\/\/www.karate-neuhofen.at\/wp-content\/gallery\/9-sommercamp-2017\/thumbs\/thumbs_SC1022.JPG\"\n                    width=\"240\"\n                    height=\"160\"\n                    style=\"max-width:100%;\"\n                \/>\n            <\/a>\n        <\/div>\n\t\t\t\t\t\t\t<\/div> \n\t\t\t\n        \n\t\t\t\t<div id=\"ngg-image-22\" class=\"ngg-gallery-thumbnail-box\" >\n\t\t\t\t        <div class=\"ngg-gallery-thumbnail\">\n            <a href=\"http:\/\/www.karate-neuhofen.at\/wp-content\/gallery\/9-sommercamp-2017\/SC1023.JPG\"\n               title=\"\"\n               data-src=\"http:\/\/www.karate-neuhofen.at\/wp-content\/gallery\/9-sommercamp-2017\/SC1023.JPG\"\n               data-thumbnail=\"http:\/\/www.karate-neuhofen.at\/wp-content\/gallery\/9-sommercamp-2017\/thumbs\/thumbs_SC1023.JPG\"\n               data-image-id=\"15907\"\n               data-title=\"SC(1023)\"\n               data-description=\"\"\n               data-image-slug=\"sc1023\"\n               class=\"shutterset_6bd4a67f62a7de13e8a03aec327a2ec6\">\n                <img\n                    title=\"SC(1023)\"\n                    alt=\"SC(1023)\"\n                    src=\"http:\/\/www.karate-neuhofen.at\/wp-content\/gallery\/9-sommercamp-2017\/thumbs\/thumbs_SC1023.JPG\"\n                    width=\"240\"\n                    height=\"160\"\n                    style=\"max-width:100%;\"\n                \/>\n            <\/a>\n        <\/div>\n\t\t\t\t\t\t\t<\/div> \n\t\t\t\n        \n\t\t\t\t<div id=\"ngg-image-23\" class=\"ngg-gallery-thumbnail-box\" >\n\t\t\t\t        <div class=\"ngg-gallery-thumbnail\">\n            <a href=\"http:\/\/www.karate-neuhofen.at\/wp-content\/gallery\/9-sommercamp-2017\/SC1024.JPG\"\n               title=\"\"\n               data-src=\"http:\/\/www.karate-neuhofen.at\/wp-content\/gallery\/9-sommercamp-2017\/SC1024.JPG\"\n               data-thumbnail=\"http:\/\/www.karate-neuhofen.at\/wp-content\/gallery\/9-sommercamp-2017\/thumbs\/thumbs_SC1024.JPG\"\n               data-image-id=\"15908\"\n               data-title=\"SC(1024)\"\n               data-description=\"\"\n               data-image-slug=\"sc1024\"\n               class=\"shutterset_6bd4a67f62a7de13e8a03aec327a2ec6\">\n                <img\n                    title=\"SC(1024)\"\n                    alt=\"SC(1024)\"\n                    src=\"http:\/\/www.karate-neuhofen.at\/wp-content\/gallery\/9-sommercamp-2017\/thumbs\/thumbs_SC1024.JPG\"\n                    width=\"240\"\n                    height=\"160\"\n                    style=\"max-width:100%;\"\n                \/>\n            <\/a>\n        <\/div>\n\t\t\t\t\t\t\t<\/div> \n\t\t\t\n        \n\t\t\t\t<div id=\"ngg-image-24\" class=\"ngg-gallery-thumbnail-box\" >\n\t\t\t\t        <div class=\"ngg-gallery-thumbnail\">\n            <a href=\"http:\/\/www.karate-neuhofen.at\/wp-content\/gallery\/9-sommercamp-2017\/SC1025.JPG\"\n               title=\"\"\n               data-src=\"http:\/\/www.karate-neuhofen.at\/wp-content\/gallery\/9-sommercamp-2017\/SC1025.JPG\"\n               data-thumbnail=\"http:\/\/www.karate-neuhofen.at\/wp-content\/gallery\/9-sommercamp-2017\/thumbs\/thumbs_SC1025.JPG\"\n               data-image-id=\"15909\"\n               data-title=\"SC(1025)\"\n               data-description=\"\"\n               data-image-slug=\"sc1025\"\n               class=\"shutterset_6bd4a67f62a7de13e8a03aec327a2ec6\">\n                <img\n                    title=\"SC(1025)\"\n                    alt=\"SC(1025)\"\n                    src=\"http:\/\/www.karate-neuhofen.at\/wp-content\/gallery\/9-sommercamp-2017\/thumbs\/thumbs_SC1025.JPG\"\n                    width=\"240\"\n                    height=\"160\"\n                    style=\"max-width:100%;\"\n                \/>\n            <\/a>\n        <\/div>\n\t\t\t\t\t\t\t<\/div> \n\t\t\t\n        \n\t\t\t\t<div id=\"ngg-image-25\" class=\"ngg-gallery-thumbnail-box\" >\n\t\t\t\t        <div class=\"ngg-gallery-thumbnail\">\n            <a href=\"http:\/\/www.karate-neuhofen.at\/wp-content\/gallery\/9-sommercamp-2017\/SC1026.JPG\"\n               title=\"\"\n               data-src=\"http:\/\/www.karate-neuhofen.at\/wp-content\/gallery\/9-sommercamp-2017\/SC1026.JPG\"\n               data-thumbnail=\"http:\/\/www.karate-neuhofen.at\/wp-content\/gallery\/9-sommercamp-2017\/thumbs\/thumbs_SC1026.JPG\"\n               data-image-id=\"15910\"\n               data-title=\"SC(1026)\"\n               data-description=\"\"\n               data-image-slug=\"sc1026\"\n               class=\"shutterset_6bd4a67f62a7de13e8a03aec327a2ec6\">\n                <img\n                    title=\"SC(1026)\"\n                    alt=\"SC(1026)\"\n                    src=\"http:\/\/www.karate-neuhofen.at\/wp-content\/gallery\/9-sommercamp-2017\/thumbs\/thumbs_SC1026.JPG\"\n                    width=\"240\"\n                    height=\"160\"\n                    style=\"max-width:100%;\"\n                \/>\n            <\/a>\n        <\/div>\n\t\t\t\t\t\t\t<\/div> \n\t\t\t\n        \n\t\t\t\t<div id=\"ngg-image-26\" class=\"ngg-gallery-thumbnail-box\" >\n\t\t\t\t        <div class=\"ngg-gallery-thumbnail\">\n            <a href=\"http:\/\/www.karate-neuhofen.at\/wp-content\/gallery\/9-sommercamp-2017\/SC1027.JPG\"\n               title=\"\"\n               data-src=\"http:\/\/www.karate-neuhofen.at\/wp-content\/gallery\/9-sommercamp-2017\/SC1027.JPG\"\n               data-thumbnail=\"http:\/\/www.karate-neuhofen.at\/wp-content\/gallery\/9-sommercamp-2017\/thumbs\/thumbs_SC1027.JPG\"\n               data-image-id=\"15911\"\n               data-title=\"SC(1027)\"\n               data-description=\"\"\n               data-image-slug=\"sc1027\"\n               class=\"shutterset_6bd4a67f62a7de13e8a03aec327a2ec6\">\n                <img\n                    title=\"SC(1027)\"\n                    alt=\"SC(1027)\"\n                    src=\"http:\/\/www.karate-neuhofen.at\/wp-content\/gallery\/9-sommercamp-2017\/thumbs\/thumbs_SC1027.JPG\"\n                    width=\"240\"\n                    height=\"160\"\n                    style=\"max-width:100%;\"\n                \/>\n            <\/a>\n        <\/div>\n\t\t\t\t\t\t\t<\/div> \n\t\t\t\n        \n\t\t\t\t<div id=\"ngg-image-27\" class=\"ngg-gallery-thumbnail-box\" >\n\t\t\t\t        <div class=\"ngg-gallery-thumbnail\">\n            <a href=\"http:\/\/www.karate-neuhofen.at\/wp-content\/gallery\/9-sommercamp-2017\/SC1028.JPG\"\n               title=\"\"\n               data-src=\"http:\/\/www.karate-neuhofen.at\/wp-content\/gallery\/9-sommercamp-2017\/SC1028.JPG\"\n               data-thumbnail=\"http:\/\/www.karate-neuhofen.at\/wp-content\/gallery\/9-sommercamp-2017\/thumbs\/thumbs_SC1028.JPG\"\n               data-image-id=\"15912\"\n               data-title=\"SC(1028)\"\n               data-description=\"\"\n               data-image-slug=\"sc1028\"\n               class=\"shutterset_6bd4a67f62a7de13e8a03aec327a2ec6\">\n                <img\n                    title=\"SC(1028)\"\n                    alt=\"SC(1028)\"\n                    src=\"http:\/\/www.karate-neuhofen.at\/wp-content\/gallery\/9-sommercamp-2017\/thumbs\/thumbs_SC1028.JPG\"\n                    width=\"240\"\n                    height=\"160\"\n                    style=\"max-width:100%;\"\n                \/>\n            <\/a>\n        <\/div>\n\t\t\t\t\t\t\t<\/div> \n\t\t\t\n        \n\t\t\t\t<div id=\"ngg-image-28\" class=\"ngg-gallery-thumbnail-box\" >\n\t\t\t\t        <div class=\"ngg-gallery-thumbnail\">\n            <a href=\"http:\/\/www.karate-neuhofen.at\/wp-content\/gallery\/9-sommercamp-2017\/SC1029.JPG\"\n               title=\"\"\n               data-src=\"http:\/\/www.karate-neuhofen.at\/wp-content\/gallery\/9-sommercamp-2017\/SC1029.JPG\"\n               data-thumbnail=\"http:\/\/www.karate-neuhofen.at\/wp-content\/gallery\/9-sommercamp-2017\/thumbs\/thumbs_SC1029.JPG\"\n               data-image-id=\"15913\"\n               data-title=\"SC(1029)\"\n               data-description=\"\"\n               data-image-slug=\"sc1029\"\n               class=\"shutterset_6bd4a67f62a7de13e8a03aec327a2ec6\">\n                <img\n                    title=\"SC(1029)\"\n                    alt=\"SC(1029)\"\n                    src=\"http:\/\/www.karate-neuhofen.at\/wp-content\/gallery\/9-sommercamp-2017\/thumbs\/thumbs_SC1029.JPG\"\n                    width=\"240\"\n                    height=\"160\"\n                    style=\"max-width:100%;\"\n                \/>\n            <\/a>\n        <\/div>\n\t\t\t\t\t\t\t<\/div> \n\t\t\t\n        \n\t\t\t\t<div id=\"ngg-image-29\" class=\"ngg-gallery-thumbnail-box\" >\n\t\t\t\t        <div class=\"ngg-gallery-thumbnail\">\n            <a href=\"http:\/\/www.karate-neuhofen.at\/wp-content\/gallery\/9-sommercamp-2017\/SC1030.JPG\"\n               title=\"\"\n               data-src=\"http:\/\/www.karate-neuhofen.at\/wp-content\/gallery\/9-sommercamp-2017\/SC1030.JPG\"\n               data-thumbnail=\"http:\/\/www.karate-neuhofen.at\/wp-content\/gallery\/9-sommercamp-2017\/thumbs\/thumbs_SC1030.JPG\"\n               data-image-id=\"15914\"\n               data-title=\"SC(1030)\"\n               data-description=\"\"\n               data-image-slug=\"sc1030\"\n               class=\"shutterset_6bd4a67f62a7de13e8a03aec327a2ec6\">\n                <img\n                    title=\"SC(1030)\"\n                    alt=\"SC(1030)\"\n                    src=\"http:\/\/www.karate-neuhofen.at\/wp-content\/gallery\/9-sommercamp-2017\/thumbs\/thumbs_SC1030.JPG\"\n                    width=\"240\"\n                    height=\"160\"\n                    style=\"max-width:100%;\"\n                \/>\n            <\/a>\n        <\/div>\n\t\t\t\t\t\t\t<\/div> \n\t\t\t\n        \n\t\t\t\t<div id=\"ngg-image-30\" class=\"ngg-gallery-thumbnail-box\" >\n\t\t\t\t        <div class=\"ngg-gallery-thumbnail\">\n            <a href=\"http:\/\/www.karate-neuhofen.at\/wp-content\/gallery\/9-sommercamp-2017\/SC1031.JPG\"\n               title=\"\"\n               data-src=\"http:\/\/www.karate-neuhofen.at\/wp-content\/gallery\/9-sommercamp-2017\/SC1031.JPG\"\n               data-thumbnail=\"http:\/\/www.karate-neuhofen.at\/wp-content\/gallery\/9-sommercamp-2017\/thumbs\/thumbs_SC1031.JPG\"\n               data-image-id=\"15915\"\n               data-title=\"SC(1031)\"\n               data-description=\"\"\n               data-image-slug=\"sc1031\"\n               class=\"shutterset_6bd4a67f62a7de13e8a03aec327a2ec6\">\n                <img\n                    title=\"SC(1031)\"\n                    alt=\"SC(1031)\"\n                    src=\"http:\/\/www.karate-neuhofen.at\/wp-content\/gallery\/9-sommercamp-2017\/thumbs\/thumbs_SC1031.JPG\"\n                    width=\"240\"\n                    height=\"160\"\n                    style=\"max-width:100%;\"\n                \/>\n            <\/a>\n        <\/div>\n\t\t\t\t\t\t\t<\/div> \n\t\t\t\n        \n\t\t\t\t<div id=\"ngg-image-31\" class=\"ngg-gallery-thumbnail-box\" >\n\t\t\t\t        <div class=\"ngg-gallery-thumbnail\">\n            <a href=\"http:\/\/www.karate-neuhofen.at\/wp-content\/gallery\/9-sommercamp-2017\/SC1032.JPG\"\n               title=\"\"\n               data-src=\"http:\/\/www.karate-neuhofen.at\/wp-content\/gallery\/9-sommercamp-2017\/SC1032.JPG\"\n               data-thumbnail=\"http:\/\/www.karate-neuhofen.at\/wp-content\/gallery\/9-sommercamp-2017\/thumbs\/thumbs_SC1032.JPG\"\n               data-image-id=\"15916\"\n               data-title=\"SC(1032)\"\n               data-description=\"\"\n               data-image-slug=\"sc1032\"\n               class=\"shutterset_6bd4a67f62a7de13e8a03aec327a2ec6\">\n                <img\n                    title=\"SC(1032)\"\n                    alt=\"SC(1032)\"\n                    src=\"http:\/\/www.karate-neuhofen.at\/wp-content\/gallery\/9-sommercamp-2017\/thumbs\/thumbs_SC1032.JPG\"\n                    width=\"240\"\n                    height=\"160\"\n                    style=\"max-width:100%;\"\n                \/>\n            <\/a>\n        <\/div>\n\t\t\t\t\t\t\t<\/div> \n\t\t\t\n        \n\t\t\t\t<div id=\"ngg-image-32\" class=\"ngg-gallery-thumbnail-box\" >\n\t\t\t\t        <div class=\"ngg-gallery-thumbnail\">\n            <a href=\"http:\/\/www.karate-neuhofen.at\/wp-content\/gallery\/9-sommercamp-2017\/SC1033.JPG\"\n               title=\"\"\n               data-src=\"http:\/\/www.karate-neuhofen.at\/wp-content\/gallery\/9-sommercamp-2017\/SC1033.JPG\"\n               data-thumbnail=\"http:\/\/www.karate-neuhofen.at\/wp-content\/gallery\/9-sommercamp-2017\/thumbs\/thumbs_SC1033.JPG\"\n               data-image-id=\"15917\"\n               data-title=\"SC(1033)\"\n               data-description=\"\"\n               data-image-slug=\"sc1033\"\n               class=\"shutterset_6bd4a67f62a7de13e8a03aec327a2ec6\">\n                <img\n                    title=\"SC(1033)\"\n                    alt=\"SC(1033)\"\n                    src=\"http:\/\/www.karate-neuhofen.at\/wp-content\/gallery\/9-sommercamp-2017\/thumbs\/thumbs_SC1033.JPG\"\n                    width=\"240\"\n                    height=\"160\"\n                    style=\"max-width:100%;\"\n                \/>\n            <\/a>\n        <\/div>\n\t\t\t\t\t\t\t<\/div> \n\t\t\t\n        \n\t\t\t\t<div id=\"ngg-image-33\" class=\"ngg-gallery-thumbnail-box\" >\n\t\t\t\t        <div class=\"ngg-gallery-thumbnail\">\n            <a href=\"http:\/\/www.karate-neuhofen.at\/wp-content\/gallery\/9-sommercamp-2017\/SC1034.JPG\"\n               title=\"\"\n               data-src=\"http:\/\/www.karate-neuhofen.at\/wp-content\/gallery\/9-sommercamp-2017\/SC1034.JPG\"\n               data-thumbnail=\"http:\/\/www.karate-neuhofen.at\/wp-content\/gallery\/9-sommercamp-2017\/thumbs\/thumbs_SC1034.JPG\"\n               data-image-id=\"15918\"\n               data-title=\"SC(1034)\"\n               data-description=\"\"\n               data-image-slug=\"sc1034\"\n               class=\"shutterset_6bd4a67f62a7de13e8a03aec327a2ec6\">\n                <img\n                    title=\"SC(1034)\"\n                    alt=\"SC(1034)\"\n                    src=\"http:\/\/www.karate-neuhofen.at\/wp-content\/gallery\/9-sommercamp-2017\/thumbs\/thumbs_SC1034.JPG\"\n                    width=\"240\"\n                    height=\"160\"\n                    style=\"max-width:100%;\"\n                \/>\n            <\/a>\n        <\/div>\n\t\t\t\t\t\t\t<\/div> \n\t\t\t\n        \n\t\t\t\t<div id=\"ngg-image-34\" class=\"ngg-gallery-thumbnail-box\" >\n\t\t\t\t        <div class=\"ngg-gallery-thumbnail\">\n            <a href=\"http:\/\/www.karate-neuhofen.at\/wp-content\/gallery\/9-sommercamp-2017\/SC1035.JPG\"\n               title=\"\"\n               data-src=\"http:\/\/www.karate-neuhofen.at\/wp-content\/gallery\/9-sommercamp-2017\/SC1035.JPG\"\n               data-thumbnail=\"http:\/\/www.karate-neuhofen.at\/wp-content\/gallery\/9-sommercamp-2017\/thumbs\/thumbs_SC1035.JPG\"\n               data-image-id=\"15919\"\n               data-title=\"SC(1035)\"\n               data-description=\"\"\n               data-image-slug=\"sc1035\"\n               class=\"shutterset_6bd4a67f62a7de13e8a03aec327a2ec6\">\n                <img\n                    title=\"SC(1035)\"\n                    alt=\"SC(1035)\"\n                    src=\"http:\/\/www.karate-neuhofen.at\/wp-content\/gallery\/9-sommercamp-2017\/thumbs\/thumbs_SC1035.JPG\"\n                    width=\"240\"\n                    height=\"160\"\n                    style=\"max-width:100%;\"\n                \/>\n            <\/a>\n        <\/div>\n\t\t\t\t\t\t\t<\/div> \n\t\t\t\n        \n\t\t\t\t<div id=\"ngg-image-35\" class=\"ngg-gallery-thumbnail-box\" >\n\t\t\t\t        <div class=\"ngg-gallery-thumbnail\">\n            <a href=\"http:\/\/www.karate-neuhofen.at\/wp-content\/gallery\/9-sommercamp-2017\/SC1036.JPG\"\n               title=\"\"\n               data-src=\"http:\/\/www.karate-neuhofen.at\/wp-content\/gallery\/9-sommercamp-2017\/SC1036.JPG\"\n               data-thumbnail=\"http:\/\/www.karate-neuhofen.at\/wp-content\/gallery\/9-sommercamp-2017\/thumbs\/thumbs_SC1036.JPG\"\n               data-image-id=\"15920\"\n               data-title=\"SC(1036)\"\n               data-description=\"\"\n               data-image-slug=\"sc1036\"\n               class=\"shutterset_6bd4a67f62a7de13e8a03aec327a2ec6\">\n                <img\n                    title=\"SC(1036)\"\n                    alt=\"SC(1036)\"\n                    src=\"http:\/\/www.karate-neuhofen.at\/wp-content\/gallery\/9-sommercamp-2017\/thumbs\/thumbs_SC1036.JPG\"\n                    width=\"240\"\n                    height=\"160\"\n                    style=\"max-width:100%;\"\n                \/>\n            <\/a>\n        <\/div>\n\t\t\t\t\t\t\t<\/div> \n\t\t\t\n        \n\t\t\t\t<div id=\"ngg-image-36\" class=\"ngg-gallery-thumbnail-box\" >\n\t\t\t\t        <div class=\"ngg-gallery-thumbnail\">\n            <a href=\"http:\/\/www.karate-neuhofen.at\/wp-content\/gallery\/9-sommercamp-2017\/SC1037.JPG\"\n               title=\"\"\n               data-src=\"http:\/\/www.karate-neuhofen.at\/wp-content\/gallery\/9-sommercamp-2017\/SC1037.JPG\"\n               data-thumbnail=\"http:\/\/www.karate-neuhofen.at\/wp-content\/gallery\/9-sommercamp-2017\/thumbs\/thumbs_SC1037.JPG\"\n               data-image-id=\"15921\"\n               data-title=\"SC(1037)\"\n               data-description=\"\"\n               data-image-slug=\"sc1037\"\n               class=\"shutterset_6bd4a67f62a7de13e8a03aec327a2ec6\">\n                <img\n                    title=\"SC(1037)\"\n                    alt=\"SC(1037)\"\n                    src=\"http:\/\/www.karate-neuhofen.at\/wp-content\/gallery\/9-sommercamp-2017\/thumbs\/thumbs_SC1037.JPG\"\n                    width=\"240\"\n                    height=\"160\"\n                    style=\"max-width:100%;\"\n                \/>\n            <\/a>\n        <\/div>\n\t\t\t\t\t\t\t<\/div> \n\t\t\t\n        \n\t\t\t\t<div id=\"ngg-image-37\" class=\"ngg-gallery-thumbnail-box\" >\n\t\t\t\t        <div class=\"ngg-gallery-thumbnail\">\n            <a href=\"http:\/\/www.karate-neuhofen.at\/wp-content\/gallery\/9-sommercamp-2017\/SC1038.JPG\"\n               title=\"\"\n               data-src=\"http:\/\/www.karate-neuhofen.at\/wp-content\/gallery\/9-sommercamp-2017\/SC1038.JPG\"\n               data-thumbnail=\"http:\/\/www.karate-neuhofen.at\/wp-content\/gallery\/9-sommercamp-2017\/thumbs\/thumbs_SC1038.JPG\"\n               data-image-id=\"15922\"\n               data-title=\"SC(1038)\"\n               data-description=\"\"\n               data-image-slug=\"sc1038\"\n               class=\"shutterset_6bd4a67f62a7de13e8a03aec327a2ec6\">\n                <img\n                    title=\"SC(1038)\"\n                    alt=\"SC(1038)\"\n                    src=\"http:\/\/www.karate-neuhofen.at\/wp-content\/gallery\/9-sommercamp-2017\/thumbs\/thumbs_SC1038.JPG\"\n                    width=\"240\"\n                    height=\"160\"\n                    style=\"max-width:100%;\"\n                \/>\n            <\/a>\n        <\/div>\n\t\t\t\t\t\t\t<\/div> \n\t\t\t\n        \n\t\t\t\t<div id=\"ngg-image-38\" class=\"ngg-gallery-thumbnail-box\" >\n\t\t\t\t        <div class=\"ngg-gallery-thumbnail\">\n            <a href=\"http:\/\/www.karate-neuhofen.at\/wp-content\/gallery\/9-sommercamp-2017\/SC1039.JPG\"\n               title=\"\"\n               data-src=\"http:\/\/www.karate-neuhofen.at\/wp-content\/gallery\/9-sommercamp-2017\/SC1039.JPG\"\n               data-thumbnail=\"http:\/\/www.karate-neuhofen.at\/wp-content\/gallery\/9-sommercamp-2017\/thumbs\/thumbs_SC1039.JPG\"\n               data-image-id=\"15923\"\n               data-title=\"SC(1039)\"\n               data-description=\"\"\n               data-image-slug=\"sc1039\"\n               class=\"shutterset_6bd4a67f62a7de13e8a03aec327a2ec6\">\n                <img\n                    title=\"SC(1039)\"\n                    alt=\"SC(1039)\"\n                    src=\"http:\/\/www.karate-neuhofen.at\/wp-content\/gallery\/9-sommercamp-2017\/thumbs\/thumbs_SC1039.JPG\"\n                    width=\"240\"\n                    height=\"160\"\n                    style=\"max-width:100%;\"\n                \/>\n            <\/a>\n        <\/div>\n\t\t\t\t\t\t\t<\/div> \n\t\t\t\n        \n\t\t\t\t<div id=\"ngg-image-39\" class=\"ngg-gallery-thumbnail-box\" >\n\t\t\t\t        <div class=\"ngg-gallery-thumbnail\">\n            <a href=\"http:\/\/www.karate-neuhofen.at\/wp-content\/gallery\/9-sommercamp-2017\/SC1040.JPG\"\n               title=\"\"\n               data-src=\"http:\/\/www.karate-neuhofen.at\/wp-content\/gallery\/9-sommercamp-2017\/SC1040.JPG\"\n               data-thumbnail=\"http:\/\/www.karate-neuhofen.at\/wp-content\/gallery\/9-sommercamp-2017\/thumbs\/thumbs_SC1040.JPG\"\n               data-image-id=\"15924\"\n               data-title=\"SC(1040)\"\n               data-description=\"\"\n               data-image-slug=\"sc1040\"\n               class=\"shutterset_6bd4a67f62a7de13e8a03aec327a2ec6\">\n                <img\n                    title=\"SC(1040)\"\n                    alt=\"SC(1040)\"\n                    src=\"http:\/\/www.karate-neuhofen.at\/wp-content\/gallery\/9-sommercamp-2017\/thumbs\/thumbs_SC1040.JPG\"\n                    width=\"240\"\n                    height=\"160\"\n                    style=\"max-width:100%;\"\n                \/>\n            <\/a>\n        <\/div>\n\t\t\t\t\t\t\t<\/div> \n\t\t\t\n        \n\t\t\t\t<div id=\"ngg-image-40\" class=\"ngg-gallery-thumbnail-box\" >\n\t\t\t\t        <div class=\"ngg-gallery-thumbnail\">\n            <a href=\"http:\/\/www.karate-neuhofen.at\/wp-content\/gallery\/9-sommercamp-2017\/SC1041.JPG\"\n               title=\"\"\n               data-src=\"http:\/\/www.karate-neuhofen.at\/wp-content\/gallery\/9-sommercamp-2017\/SC1041.JPG\"\n               data-thumbnail=\"http:\/\/www.karate-neuhofen.at\/wp-content\/gallery\/9-sommercamp-2017\/thumbs\/thumbs_SC1041.JPG\"\n               data-image-id=\"15925\"\n               data-title=\"SC(1041)\"\n               data-description=\"\"\n               data-image-slug=\"sc1041\"\n               class=\"shutterset_6bd4a67f62a7de13e8a03aec327a2ec6\">\n                <img\n                    title=\"SC(1041)\"\n                    alt=\"SC(1041)\"\n                    src=\"http:\/\/www.karate-neuhofen.at\/wp-content\/gallery\/9-sommercamp-2017\/thumbs\/thumbs_SC1041.JPG\"\n                    width=\"240\"\n                    height=\"160\"\n                    style=\"max-width:100%;\"\n                \/>\n            <\/a>\n        <\/div>\n\t\t\t\t\t\t\t<\/div> \n\t\t\t\n        \n\t\t\t\t<div id=\"ngg-image-41\" class=\"ngg-gallery-thumbnail-box\" >\n\t\t\t\t        <div class=\"ngg-gallery-thumbnail\">\n            <a href=\"http:\/\/www.karate-neuhofen.at\/wp-content\/gallery\/9-sommercamp-2017\/SC1042.JPG\"\n               title=\"\"\n               data-src=\"http:\/\/www.karate-neuhofen.at\/wp-content\/gallery\/9-sommercamp-2017\/SC1042.JPG\"\n               data-thumbnail=\"http:\/\/www.karate-neuhofen.at\/wp-content\/gallery\/9-sommercamp-2017\/thumbs\/thumbs_SC1042.JPG\"\n               data-image-id=\"15926\"\n               data-title=\"SC(1042)\"\n               data-description=\"\"\n               data-image-slug=\"sc1042\"\n               class=\"shutterset_6bd4a67f62a7de13e8a03aec327a2ec6\">\n                <img\n                    title=\"SC(1042)\"\n                    alt=\"SC(1042)\"\n                    src=\"http:\/\/www.karate-neuhofen.at\/wp-content\/gallery\/9-sommercamp-2017\/thumbs\/thumbs_SC1042.JPG\"\n                    width=\"240\"\n                    height=\"160\"\n                    style=\"max-width:100%;\"\n                \/>\n            <\/a>\n        <\/div>\n\t\t\t\t\t\t\t<\/div> \n\t\t\t\n        \n\t\t\t\t<div id=\"ngg-image-42\" class=\"ngg-gallery-thumbnail-box\" >\n\t\t\t\t        <div class=\"ngg-gallery-thumbnail\">\n            <a href=\"http:\/\/www.karate-neuhofen.at\/wp-content\/gallery\/9-sommercamp-2017\/SC1043.JPG\"\n               title=\"\"\n               data-src=\"http:\/\/www.karate-neuhofen.at\/wp-content\/gallery\/9-sommercamp-2017\/SC1043.JPG\"\n               data-thumbnail=\"http:\/\/www.karate-neuhofen.at\/wp-content\/gallery\/9-sommercamp-2017\/thumbs\/thumbs_SC1043.JPG\"\n               data-image-id=\"15927\"\n               data-title=\"SC(1043)\"\n               data-description=\"\"\n               data-image-slug=\"sc1043\"\n               class=\"shutterset_6bd4a67f62a7de13e8a03aec327a2ec6\">\n                <img\n                    title=\"SC(1043)\"\n                    alt=\"SC(1043)\"\n                    src=\"http:\/\/www.karate-neuhofen.at\/wp-content\/gallery\/9-sommercamp-2017\/thumbs\/thumbs_SC1043.JPG\"\n                    width=\"240\"\n                    height=\"160\"\n                    style=\"max-width:100%;\"\n                \/>\n            <\/a>\n        <\/div>\n\t\t\t\t\t\t\t<\/div> \n\t\t\t\n        \n\t\t\t\t<div id=\"ngg-image-43\" class=\"ngg-gallery-thumbnail-box\" >\n\t\t\t\t        <div class=\"ngg-gallery-thumbnail\">\n            <a href=\"http:\/\/www.karate-neuhofen.at\/wp-content\/gallery\/9-sommercamp-2017\/SC1044.JPG\"\n               title=\"\"\n               data-src=\"http:\/\/www.karate-neuhofen.at\/wp-content\/gallery\/9-sommercamp-2017\/SC1044.JPG\"\n               data-thumbnail=\"http:\/\/www.karate-neuhofen.at\/wp-content\/gallery\/9-sommercamp-2017\/thumbs\/thumbs_SC1044.JPG\"\n               data-image-id=\"15928\"\n               data-title=\"SC(1044)\"\n               data-description=\"\"\n               data-image-slug=\"sc1044\"\n               class=\"shutterset_6bd4a67f62a7de13e8a03aec327a2ec6\">\n                <img\n                    title=\"SC(1044)\"\n                    alt=\"SC(1044)\"\n                    src=\"http:\/\/www.karate-neuhofen.at\/wp-content\/gallery\/9-sommercamp-2017\/thumbs\/thumbs_SC1044.JPG\"\n                    width=\"240\"\n                    height=\"160\"\n                    style=\"max-width:100%;\"\n                \/>\n            <\/a>\n        <\/div>\n\t\t\t\t\t\t\t<\/div> \n\t\t\t\n        \n\t\t\t\t<div id=\"ngg-image-44\" class=\"ngg-gallery-thumbnail-box\" >\n\t\t\t\t        <div class=\"ngg-gallery-thumbnail\">\n            <a href=\"http:\/\/www.karate-neuhofen.at\/wp-content\/gallery\/9-sommercamp-2017\/SC1045.JPG\"\n               title=\"\"\n               data-src=\"http:\/\/www.karate-neuhofen.at\/wp-content\/gallery\/9-sommercamp-2017\/SC1045.JPG\"\n               data-thumbnail=\"http:\/\/www.karate-neuhofen.at\/wp-content\/gallery\/9-sommercamp-2017\/thumbs\/thumbs_SC1045.JPG\"\n               data-image-id=\"15929\"\n               data-title=\"SC(1045)\"\n               data-description=\"\"\n               data-image-slug=\"sc1045\"\n               class=\"shutterset_6bd4a67f62a7de13e8a03aec327a2ec6\">\n                <img\n                    title=\"SC(1045)\"\n                    alt=\"SC(1045)\"\n                    src=\"http:\/\/www.karate-neuhofen.at\/wp-content\/gallery\/9-sommercamp-2017\/thumbs\/thumbs_SC1045.JPG\"\n                    width=\"240\"\n                    height=\"160\"\n                    style=\"max-width:100%;\"\n                \/>\n            <\/a>\n        <\/div>\n\t\t\t\t\t\t\t<\/div> \n\t\t\t\n        \n\t\t\t\t<div id=\"ngg-image-45\" class=\"ngg-gallery-thumbnail-box\" >\n\t\t\t\t        <div class=\"ngg-gallery-thumbnail\">\n            <a href=\"http:\/\/www.karate-neuhofen.at\/wp-content\/gallery\/9-sommercamp-2017\/SC1046.JPG\"\n               title=\"\"\n               data-src=\"http:\/\/www.karate-neuhofen.at\/wp-content\/gallery\/9-sommercamp-2017\/SC1046.JPG\"\n               data-thumbnail=\"http:\/\/www.karate-neuhofen.at\/wp-content\/gallery\/9-sommercamp-2017\/thumbs\/thumbs_SC1046.JPG\"\n               data-image-id=\"15930\"\n               data-title=\"SC(1046)\"\n               data-description=\"\"\n               data-image-slug=\"sc1046\"\n               class=\"shutterset_6bd4a67f62a7de13e8a03aec327a2ec6\">\n                <img\n                    title=\"SC(1046)\"\n                    alt=\"SC(1046)\"\n                    src=\"http:\/\/www.karate-neuhofen.at\/wp-content\/gallery\/9-sommercamp-2017\/thumbs\/thumbs_SC1046.JPG\"\n                    width=\"240\"\n                    height=\"160\"\n                    style=\"max-width:100%;\"\n                \/>\n            <\/a>\n        <\/div>\n\t\t\t\t\t\t\t<\/div> \n\t\t\t\n        \n\t\t\t\t<div id=\"ngg-image-46\" class=\"ngg-gallery-thumbnail-box\" >\n\t\t\t\t        <div class=\"ngg-gallery-thumbnail\">\n            <a href=\"http:\/\/www.karate-neuhofen.at\/wp-content\/gallery\/9-sommercamp-2017\/SC1047.JPG\"\n               title=\"\"\n               data-src=\"http:\/\/www.karate-neuhofen.at\/wp-content\/gallery\/9-sommercamp-2017\/SC1047.JPG\"\n               data-thumbnail=\"http:\/\/www.karate-neuhofen.at\/wp-content\/gallery\/9-sommercamp-2017\/thumbs\/thumbs_SC1047.JPG\"\n               data-image-id=\"15931\"\n               data-title=\"SC(1047)\"\n               data-description=\"\"\n               data-image-slug=\"sc1047\"\n               class=\"shutterset_6bd4a67f62a7de13e8a03aec327a2ec6\">\n                <img\n                    title=\"SC(1047)\"\n                    alt=\"SC(1047)\"\n                    src=\"http:\/\/www.karate-neuhofen.at\/wp-content\/gallery\/9-sommercamp-2017\/thumbs\/thumbs_SC1047.JPG\"\n                    width=\"240\"\n                    height=\"160\"\n                    style=\"max-width:100%;\"\n                \/>\n            <\/a>\n        <\/div>\n\t\t\t\t\t\t\t<\/div> \n\t\t\t\n        \n\t\t\t\t<div id=\"ngg-image-47\" class=\"ngg-gallery-thumbnail-box\" >\n\t\t\t\t        <div class=\"ngg-gallery-thumbnail\">\n            <a href=\"http:\/\/www.karate-neuhofen.at\/wp-content\/gallery\/9-sommercamp-2017\/SC1048.JPG\"\n               title=\"\"\n               data-src=\"http:\/\/www.karate-neuhofen.at\/wp-content\/gallery\/9-sommercamp-2017\/SC1048.JPG\"\n               data-thumbnail=\"http:\/\/www.karate-neuhofen.at\/wp-content\/gallery\/9-sommercamp-2017\/thumbs\/thumbs_SC1048.JPG\"\n               data-image-id=\"15932\"\n               data-title=\"SC(1048)\"\n               data-description=\"\"\n               data-image-slug=\"sc1048\"\n               class=\"shutterset_6bd4a67f62a7de13e8a03aec327a2ec6\">\n                <img\n                    title=\"SC(1048)\"\n                    alt=\"SC(1048)\"\n                    src=\"http:\/\/www.karate-neuhofen.at\/wp-content\/gallery\/9-sommercamp-2017\/thumbs\/thumbs_SC1048.JPG\"\n                    width=\"240\"\n                    height=\"160\"\n                    style=\"max-width:100%;\"\n                \/>\n            <\/a>\n        <\/div>\n\t\t\t\t\t\t\t<\/div> \n\t\t\t\n        \n\t\t\t\t<div id=\"ngg-image-48\" class=\"ngg-gallery-thumbnail-box\" >\n\t\t\t\t        <div class=\"ngg-gallery-thumbnail\">\n            <a href=\"http:\/\/www.karate-neuhofen.at\/wp-content\/gallery\/9-sommercamp-2017\/SC1049.JPG\"\n               title=\"\"\n               data-src=\"http:\/\/www.karate-neuhofen.at\/wp-content\/gallery\/9-sommercamp-2017\/SC1049.JPG\"\n               data-thumbnail=\"http:\/\/www.karate-neuhofen.at\/wp-content\/gallery\/9-sommercamp-2017\/thumbs\/thumbs_SC1049.JPG\"\n               data-image-id=\"15933\"\n               data-title=\"SC(1049)\"\n               data-description=\"\"\n               data-image-slug=\"sc1049\"\n               class=\"shutterset_6bd4a67f62a7de13e8a03aec327a2ec6\">\n                <img\n                    title=\"SC(1049)\"\n                    alt=\"SC(1049)\"\n                    src=\"http:\/\/www.karate-neuhofen.at\/wp-content\/gallery\/9-sommercamp-2017\/thumbs\/thumbs_SC1049.JPG\"\n                    width=\"240\"\n                    height=\"160\"\n                    style=\"max-width:100%;\"\n                \/>\n            <\/a>\n        <\/div>\n\t\t\t\t\t\t\t<\/div> \n\t\t\t\n        \n\t\t\t\t<div id=\"ngg-image-49\" class=\"ngg-gallery-thumbnail-box\" >\n\t\t\t\t        <div class=\"ngg-gallery-thumbnail\">\n            <a href=\"http:\/\/www.karate-neuhofen.at\/wp-content\/gallery\/9-sommercamp-2017\/SC1050.JPG\"\n               title=\"\"\n               data-src=\"http:\/\/www.karate-neuhofen.at\/wp-content\/gallery\/9-sommercamp-2017\/SC1050.JPG\"\n               data-thumbnail=\"http:\/\/www.karate-neuhofen.at\/wp-content\/gallery\/9-sommercamp-2017\/thumbs\/thumbs_SC1050.JPG\"\n               data-image-id=\"15934\"\n               data-title=\"SC(1050)\"\n               data-description=\"\"\n               data-image-slug=\"sc1050\"\n               class=\"shutterset_6bd4a67f62a7de13e8a03aec327a2ec6\">\n                <img\n                    title=\"SC(1050)\"\n                    alt=\"SC(1050)\"\n                    src=\"http:\/\/www.karate-neuhofen.at\/wp-content\/gallery\/9-sommercamp-2017\/thumbs\/thumbs_SC1050.JPG\"\n                    width=\"240\"\n                    height=\"160\"\n                    style=\"max-width:100%;\"\n                \/>\n            <\/a>\n        <\/div>\n\t\t\t\t\t\t\t<\/div> \n\t\t\t\n        \n\t\t\t\t<div id=\"ngg-image-50\" class=\"ngg-gallery-thumbnail-box\" >\n\t\t\t\t        <div class=\"ngg-gallery-thumbnail\">\n            <a href=\"http:\/\/www.karate-neuhofen.at\/wp-content\/gallery\/9-sommercamp-2017\/SC1051.JPG\"\n               title=\"\"\n               data-src=\"http:\/\/www.karate-neuhofen.at\/wp-content\/gallery\/9-sommercamp-2017\/SC1051.JPG\"\n               data-thumbnail=\"http:\/\/www.karate-neuhofen.at\/wp-content\/gallery\/9-sommercamp-2017\/thumbs\/thumbs_SC1051.JPG\"\n               data-image-id=\"15935\"\n               data-title=\"SC(1051)\"\n               data-description=\"\"\n               data-image-slug=\"sc1051\"\n               class=\"shutterset_6bd4a67f62a7de13e8a03aec327a2ec6\">\n                <img\n                    title=\"SC(1051)\"\n                    alt=\"SC(1051)\"\n                    src=\"http:\/\/www.karate-neuhofen.at\/wp-content\/gallery\/9-sommercamp-2017\/thumbs\/thumbs_SC1051.JPG\"\n                    width=\"240\"\n                    height=\"160\"\n                    style=\"max-width:100%;\"\n                \/>\n            <\/a>\n        <\/div>\n\t\t\t\t\t\t\t<\/div> \n\t\t\t\n        \n\t\t\t\t<div id=\"ngg-image-51\" class=\"ngg-gallery-thumbnail-box\" >\n\t\t\t\t        <div class=\"ngg-gallery-thumbnail\">\n            <a href=\"http:\/\/www.karate-neuhofen.at\/wp-content\/gallery\/9-sommercamp-2017\/SC1052.JPG\"\n               title=\"\"\n               data-src=\"http:\/\/www.karate-neuhofen.at\/wp-content\/gallery\/9-sommercamp-2017\/SC1052.JPG\"\n               data-thumbnail=\"http:\/\/www.karate-neuhofen.at\/wp-content\/gallery\/9-sommercamp-2017\/thumbs\/thumbs_SC1052.JPG\"\n               data-image-id=\"15936\"\n               data-title=\"SC(1052)\"\n               data-description=\"\"\n               data-image-slug=\"sc1052\"\n               class=\"shutterset_6bd4a67f62a7de13e8a03aec327a2ec6\">\n                <img\n                    title=\"SC(1052)\"\n                    alt=\"SC(1052)\"\n                    src=\"http:\/\/www.karate-neuhofen.at\/wp-content\/gallery\/9-sommercamp-2017\/thumbs\/thumbs_SC1052.JPG\"\n                    width=\"240\"\n                    height=\"160\"\n                    style=\"max-width:100%;\"\n                \/>\n            <\/a>\n        <\/div>\n\t\t\t\t\t\t\t<\/div> \n\t\t\t\n        \n\t\t\t\t<div id=\"ngg-image-52\" class=\"ngg-gallery-thumbnail-box\" >\n\t\t\t\t        <div class=\"ngg-gallery-thumbnail\">\n            <a href=\"http:\/\/www.karate-neuhofen.at\/wp-content\/gallery\/9-sommercamp-2017\/SC1053.JPG\"\n               title=\"\"\n               data-src=\"http:\/\/www.karate-neuhofen.at\/wp-content\/gallery\/9-sommercamp-2017\/SC1053.JPG\"\n               data-thumbnail=\"http:\/\/www.karate-neuhofen.at\/wp-content\/gallery\/9-sommercamp-2017\/thumbs\/thumbs_SC1053.JPG\"\n               data-image-id=\"15937\"\n               data-title=\"SC(1053)\"\n               data-description=\"\"\n               data-image-slug=\"sc1053\"\n               class=\"shutterset_6bd4a67f62a7de13e8a03aec327a2ec6\">\n                <img\n                    title=\"SC(1053)\"\n                    alt=\"SC(1053)\"\n                    src=\"http:\/\/www.karate-neuhofen.at\/wp-content\/gallery\/9-sommercamp-2017\/thumbs\/thumbs_SC1053.JPG\"\n                    width=\"240\"\n                    height=\"160\"\n                    style=\"max-width:100%;\"\n                \/>\n            <\/a>\n        <\/div>\n\t\t\t\t\t\t\t<\/div> \n\t\t\t\n        \n\t\t\t\t<div id=\"ngg-image-53\" class=\"ngg-gallery-thumbnail-box\" >\n\t\t\t\t        <div class=\"ngg-gallery-thumbnail\">\n            <a href=\"http:\/\/www.karate-neuhofen.at\/wp-content\/gallery\/9-sommercamp-2017\/SC1054.JPG\"\n               title=\"\"\n               data-src=\"http:\/\/www.karate-neuhofen.at\/wp-content\/gallery\/9-sommercamp-2017\/SC1054.JPG\"\n               data-thumbnail=\"http:\/\/www.karate-neuhofen.at\/wp-content\/gallery\/9-sommercamp-2017\/thumbs\/thumbs_SC1054.JPG\"\n               data-image-id=\"15938\"\n               data-title=\"SC(1054)\"\n               data-description=\"\"\n               data-image-slug=\"sc1054\"\n               class=\"shutterset_6bd4a67f62a7de13e8a03aec327a2ec6\">\n                <img\n                    title=\"SC(1054)\"\n                    alt=\"SC(1054)\"\n                    src=\"http:\/\/www.karate-neuhofen.at\/wp-content\/gallery\/9-sommercamp-2017\/thumbs\/thumbs_SC1054.JPG\"\n                    width=\"240\"\n                    height=\"160\"\n                    style=\"max-width:100%;\"\n                \/>\n            <\/a>\n        <\/div>\n\t\t\t\t\t\t\t<\/div> \n\t\t\t\n        \n\t\t\t\t<div id=\"ngg-image-54\" class=\"ngg-gallery-thumbnail-box\" >\n\t\t\t\t        <div class=\"ngg-gallery-thumbnail\">\n            <a href=\"http:\/\/www.karate-neuhofen.at\/wp-content\/gallery\/9-sommercamp-2017\/SC1055.JPG\"\n               title=\"\"\n               data-src=\"http:\/\/www.karate-neuhofen.at\/wp-content\/gallery\/9-sommercamp-2017\/SC1055.JPG\"\n               data-thumbnail=\"http:\/\/www.karate-neuhofen.at\/wp-content\/gallery\/9-sommercamp-2017\/thumbs\/thumbs_SC1055.JPG\"\n               data-image-id=\"15939\"\n               data-title=\"SC(1055)\"\n               data-description=\"\"\n               data-image-slug=\"sc1055\"\n               class=\"shutterset_6bd4a67f62a7de13e8a03aec327a2ec6\">\n                <img\n                    title=\"SC(1055)\"\n                    alt=\"SC(1055)\"\n                    src=\"http:\/\/www.karate-neuhofen.at\/wp-content\/gallery\/9-sommercamp-2017\/thumbs\/thumbs_SC1055.JPG\"\n                    width=\"240\"\n                    height=\"160\"\n                    style=\"max-width:100%;\"\n                \/>\n            <\/a>\n        <\/div>\n\t\t\t\t\t\t\t<\/div> \n\t\t\t\n        \n\t\t\t\t<div id=\"ngg-image-55\" class=\"ngg-gallery-thumbnail-box\" >\n\t\t\t\t        <div class=\"ngg-gallery-thumbnail\">\n            <a href=\"http:\/\/www.karate-neuhofen.at\/wp-content\/gallery\/9-sommercamp-2017\/SC1056.JPG\"\n               title=\"\"\n               data-src=\"http:\/\/www.karate-neuhofen.at\/wp-content\/gallery\/9-sommercamp-2017\/SC1056.JPG\"\n               data-thumbnail=\"http:\/\/www.karate-neuhofen.at\/wp-content\/gallery\/9-sommercamp-2017\/thumbs\/thumbs_SC1056.JPG\"\n               data-image-id=\"15940\"\n               data-title=\"SC(1056)\"\n               data-description=\"\"\n               data-image-slug=\"sc1056\"\n               class=\"shutterset_6bd4a67f62a7de13e8a03aec327a2ec6\">\n                <img\n                    title=\"SC(1056)\"\n                    alt=\"SC(1056)\"\n                    src=\"http:\/\/www.karate-neuhofen.at\/wp-content\/gallery\/9-sommercamp-2017\/thumbs\/thumbs_SC1056.JPG\"\n                    width=\"240\"\n                    height=\"160\"\n                    style=\"max-width:100%;\"\n                \/>\n            <\/a>\n        <\/div>\n\t\t\t\t\t\t\t<\/div> \n\t\t\t\n        \n\t\t\t\t<div id=\"ngg-image-56\" class=\"ngg-gallery-thumbnail-box\" >\n\t\t\t\t        <div class=\"ngg-gallery-thumbnail\">\n            <a href=\"http:\/\/www.karate-neuhofen.at\/wp-content\/gallery\/9-sommercamp-2017\/SC1057.JPG\"\n               title=\"\"\n               data-src=\"http:\/\/www.karate-neuhofen.at\/wp-content\/gallery\/9-sommercamp-2017\/SC1057.JPG\"\n               data-thumbnail=\"http:\/\/www.karate-neuhofen.at\/wp-content\/gallery\/9-sommercamp-2017\/thumbs\/thumbs_SC1057.JPG\"\n               data-image-id=\"15941\"\n               data-title=\"SC(1057)\"\n               data-description=\"\"\n               data-image-slug=\"sc1057\"\n               class=\"shutterset_6bd4a67f62a7de13e8a03aec327a2ec6\">\n                <img\n                    title=\"SC(1057)\"\n                    alt=\"SC(1057)\"\n                    src=\"http:\/\/www.karate-neuhofen.at\/wp-content\/gallery\/9-sommercamp-2017\/thumbs\/thumbs_SC1057.JPG\"\n                    width=\"240\"\n                    height=\"160\"\n                    style=\"max-width:100%;\"\n                \/>\n            <\/a>\n        <\/div>\n\t\t\t\t\t\t\t<\/div> \n\t\t\t\n        \n\t\t\t\t<div id=\"ngg-image-57\" class=\"ngg-gallery-thumbnail-box\" >\n\t\t\t\t        <div class=\"ngg-gallery-thumbnail\">\n            <a href=\"http:\/\/www.karate-neuhofen.at\/wp-content\/gallery\/9-sommercamp-2017\/SC1058.JPG\"\n               title=\"\"\n               data-src=\"http:\/\/www.karate-neuhofen.at\/wp-content\/gallery\/9-sommercamp-2017\/SC1058.JPG\"\n               data-thumbnail=\"http:\/\/www.karate-neuhofen.at\/wp-content\/gallery\/9-sommercamp-2017\/thumbs\/thumbs_SC1058.JPG\"\n               data-image-id=\"15942\"\n               data-title=\"SC(1058)\"\n               data-description=\"\"\n               data-image-slug=\"sc1058\"\n               class=\"shutterset_6bd4a67f62a7de13e8a03aec327a2ec6\">\n                <img\n                    title=\"SC(1058)\"\n                    alt=\"SC(1058)\"\n                    src=\"http:\/\/www.karate-neuhofen.at\/wp-content\/gallery\/9-sommercamp-2017\/thumbs\/thumbs_SC1058.JPG\"\n                    width=\"240\"\n                    height=\"160\"\n                    style=\"max-width:100%;\"\n                \/>\n            <\/a>\n        <\/div>\n\t\t\t\t\t\t\t<\/div> \n\t\t\t\n        \n\t\t\t\t<div id=\"ngg-image-58\" class=\"ngg-gallery-thumbnail-box\" >\n\t\t\t\t        <div class=\"ngg-gallery-thumbnail\">\n            <a href=\"http:\/\/www.karate-neuhofen.at\/wp-content\/gallery\/9-sommercamp-2017\/SC1059.JPG\"\n               title=\"\"\n               data-src=\"http:\/\/www.karate-neuhofen.at\/wp-content\/gallery\/9-sommercamp-2017\/SC1059.JPG\"\n               data-thumbnail=\"http:\/\/www.karate-neuhofen.at\/wp-content\/gallery\/9-sommercamp-2017\/thumbs\/thumbs_SC1059.JPG\"\n               data-image-id=\"15943\"\n               data-title=\"SC(1059)\"\n               data-description=\"\"\n               data-image-slug=\"sc1059\"\n               class=\"shutterset_6bd4a67f62a7de13e8a03aec327a2ec6\">\n                <img\n                    title=\"SC(1059)\"\n                    alt=\"SC(1059)\"\n                    src=\"http:\/\/www.karate-neuhofen.at\/wp-content\/gallery\/9-sommercamp-2017\/thumbs\/thumbs_SC1059.JPG\"\n                    width=\"240\"\n                    height=\"160\"\n                    style=\"max-width:100%;\"\n                \/>\n            <\/a>\n        <\/div>\n\t\t\t\t\t\t\t<\/div> \n\t\t\t\n        \n\t\t\t\t<div id=\"ngg-image-59\" class=\"ngg-gallery-thumbnail-box\" >\n\t\t\t\t        <div class=\"ngg-gallery-thumbnail\">\n            <a href=\"http:\/\/www.karate-neuhofen.at\/wp-content\/gallery\/9-sommercamp-2017\/SC1060.JPG\"\n               title=\"\"\n               data-src=\"http:\/\/www.karate-neuhofen.at\/wp-content\/gallery\/9-sommercamp-2017\/SC1060.JPG\"\n               data-thumbnail=\"http:\/\/www.karate-neuhofen.at\/wp-content\/gallery\/9-sommercamp-2017\/thumbs\/thumbs_SC1060.JPG\"\n               data-image-id=\"15944\"\n               data-title=\"SC(1060)\"\n               data-description=\"\"\n               data-image-slug=\"sc1060\"\n               class=\"shutterset_6bd4a67f62a7de13e8a03aec327a2ec6\">\n                <img\n                    title=\"SC(1060)\"\n                    alt=\"SC(1060)\"\n                    src=\"http:\/\/www.karate-neuhofen.at\/wp-content\/gallery\/9-sommercamp-2017\/thumbs\/thumbs_SC1060.JPG\"\n                    width=\"240\"\n                    height=\"160\"\n                    style=\"max-width:100%;\"\n                \/>\n            <\/a>\n        <\/div>\n\t\t\t\t\t\t\t<\/div> \n\t\t\t\n        \n\t\t\t\t<div id=\"ngg-image-60\" class=\"ngg-gallery-thumbnail-box\" >\n\t\t\t\t        <div class=\"ngg-gallery-thumbnail\">\n            <a href=\"http:\/\/www.karate-neuhofen.at\/wp-content\/gallery\/9-sommercamp-2017\/SC1061.JPG\"\n               title=\"\"\n               data-src=\"http:\/\/www.karate-neuhofen.at\/wp-content\/gallery\/9-sommercamp-2017\/SC1061.JPG\"\n               data-thumbnail=\"http:\/\/www.karate-neuhofen.at\/wp-content\/gallery\/9-sommercamp-2017\/thumbs\/thumbs_SC1061.JPG\"\n               data-image-id=\"15945\"\n               data-title=\"SC(1061)\"\n               data-description=\"\"\n               data-image-slug=\"sc1061\"\n               class=\"shutterset_6bd4a67f62a7de13e8a03aec327a2ec6\">\n                <img\n                    title=\"SC(1061)\"\n                    alt=\"SC(1061)\"\n                    src=\"http:\/\/www.karate-neuhofen.at\/wp-content\/gallery\/9-sommercamp-2017\/thumbs\/thumbs_SC1061.JPG\"\n                    width=\"240\"\n                    height=\"160\"\n                    style=\"max-width:100%;\"\n                \/>\n            <\/a>\n        <\/div>\n\t\t\t\t\t\t\t<\/div> \n\t\t\t\n        \n\t\t\t\t<div id=\"ngg-image-61\" class=\"ngg-gallery-thumbnail-box\" >\n\t\t\t\t        <div class=\"ngg-gallery-thumbnail\">\n            <a href=\"http:\/\/www.karate-neuhofen.at\/wp-content\/gallery\/9-sommercamp-2017\/SC1062.JPG\"\n               title=\"\"\n               data-src=\"http:\/\/www.karate-neuhofen.at\/wp-content\/gallery\/9-sommercamp-2017\/SC1062.JPG\"\n               data-thumbnail=\"http:\/\/www.karate-neuhofen.at\/wp-content\/gallery\/9-sommercamp-2017\/thumbs\/thumbs_SC1062.JPG\"\n               data-image-id=\"15946\"\n               data-title=\"SC(1062)\"\n               data-description=\"\"\n               data-image-slug=\"sc1062\"\n               class=\"shutterset_6bd4a67f62a7de13e8a03aec327a2ec6\">\n                <img\n                    title=\"SC(1062)\"\n                    alt=\"SC(1062)\"\n                    src=\"http:\/\/www.karate-neuhofen.at\/wp-content\/gallery\/9-sommercamp-2017\/thumbs\/thumbs_SC1062.JPG\"\n                    width=\"240\"\n                    height=\"160\"\n                    style=\"max-width:100%;\"\n                \/>\n            <\/a>\n        <\/div>\n\t\t\t\t\t\t\t<\/div> \n\t\t\t\n        \n\t\t\t\t<div id=\"ngg-image-62\" class=\"ngg-gallery-thumbnail-box\" >\n\t\t\t\t        <div class=\"ngg-gallery-thumbnail\">\n            <a href=\"http:\/\/www.karate-neuhofen.at\/wp-content\/gallery\/9-sommercamp-2017\/SC1063.JPG\"\n               title=\"\"\n               data-src=\"http:\/\/www.karate-neuhofen.at\/wp-content\/gallery\/9-sommercamp-2017\/SC1063.JPG\"\n               data-thumbnail=\"http:\/\/www.karate-neuhofen.at\/wp-content\/gallery\/9-sommercamp-2017\/thumbs\/thumbs_SC1063.JPG\"\n               data-image-id=\"15947\"\n               data-title=\"SC(1063)\"\n               data-description=\"\"\n               data-image-slug=\"sc1063\"\n               class=\"shutterset_6bd4a67f62a7de13e8a03aec327a2ec6\">\n                <img\n                    title=\"SC(1063)\"\n                    alt=\"SC(1063)\"\n                    src=\"http:\/\/www.karate-neuhofen.at\/wp-content\/gallery\/9-sommercamp-2017\/thumbs\/thumbs_SC1063.JPG\"\n                    width=\"240\"\n                    height=\"160\"\n                    style=\"max-width:100%;\"\n                \/>\n            <\/a>\n        <\/div>\n\t\t\t\t\t\t\t<\/div> \n\t\t\t\n        \n\t\t\t\t<div id=\"ngg-image-63\" class=\"ngg-gallery-thumbnail-box\" >\n\t\t\t\t        <div class=\"ngg-gallery-thumbnail\">\n            <a href=\"http:\/\/www.karate-neuhofen.at\/wp-content\/gallery\/9-sommercamp-2017\/SC1064.JPG\"\n               title=\"\"\n               data-src=\"http:\/\/www.karate-neuhofen.at\/wp-content\/gallery\/9-sommercamp-2017\/SC1064.JPG\"\n               data-thumbnail=\"http:\/\/www.karate-neuhofen.at\/wp-content\/gallery\/9-sommercamp-2017\/thumbs\/thumbs_SC1064.JPG\"\n               data-image-id=\"15948\"\n               data-title=\"SC(1064)\"\n               data-description=\"\"\n               data-image-slug=\"sc1064\"\n               class=\"shutterset_6bd4a67f62a7de13e8a03aec327a2ec6\">\n                <img\n                    title=\"SC(1064)\"\n                    alt=\"SC(1064)\"\n                    src=\"http:\/\/www.karate-neuhofen.at\/wp-content\/gallery\/9-sommercamp-2017\/thumbs\/thumbs_SC1064.JPG\"\n                    width=\"240\"\n                    height=\"160\"\n                    style=\"max-width:100%;\"\n                \/>\n            <\/a>\n        <\/div>\n\t\t\t\t\t\t\t<\/div> \n\t\t\t\n        \n\t\t\t\t<div id=\"ngg-image-64\" class=\"ngg-gallery-thumbnail-box\" >\n\t\t\t\t        <div class=\"ngg-gallery-thumbnail\">\n            <a href=\"http:\/\/www.karate-neuhofen.at\/wp-content\/gallery\/9-sommercamp-2017\/SC1065.JPG\"\n               title=\"\"\n               data-src=\"http:\/\/www.karate-neuhofen.at\/wp-content\/gallery\/9-sommercamp-2017\/SC1065.JPG\"\n               data-thumbnail=\"http:\/\/www.karate-neuhofen.at\/wp-content\/gallery\/9-sommercamp-2017\/thumbs\/thumbs_SC1065.JPG\"\n               data-image-id=\"15949\"\n               data-title=\"SC(1065)\"\n               data-description=\"\"\n               data-image-slug=\"sc1065\"\n               class=\"shutterset_6bd4a67f62a7de13e8a03aec327a2ec6\">\n                <img\n                    title=\"SC(1065)\"\n                    alt=\"SC(1065)\"\n                    src=\"http:\/\/www.karate-neuhofen.at\/wp-content\/gallery\/9-sommercamp-2017\/thumbs\/thumbs_SC1065.JPG\"\n                    width=\"240\"\n                    height=\"160\"\n                    style=\"max-width:100%;\"\n                \/>\n            <\/a>\n        <\/div>\n\t\t\t\t\t\t\t<\/div> \n\t\t\t\n        \n\t\t\t\t<div id=\"ngg-image-65\" class=\"ngg-gallery-thumbnail-box\" >\n\t\t\t\t        <div class=\"ngg-gallery-thumbnail\">\n            <a href=\"http:\/\/www.karate-neuhofen.at\/wp-content\/gallery\/9-sommercamp-2017\/SC1066.JPG\"\n               title=\"\"\n               data-src=\"http:\/\/www.karate-neuhofen.at\/wp-content\/gallery\/9-sommercamp-2017\/SC1066.JPG\"\n               data-thumbnail=\"http:\/\/www.karate-neuhofen.at\/wp-content\/gallery\/9-sommercamp-2017\/thumbs\/thumbs_SC1066.JPG\"\n               data-image-id=\"15950\"\n               data-title=\"SC(1066)\"\n               data-description=\"\"\n               data-image-slug=\"sc1066\"\n               class=\"shutterset_6bd4a67f62a7de13e8a03aec327a2ec6\">\n                <img\n                    title=\"SC(1066)\"\n                    alt=\"SC(1066)\"\n                    src=\"http:\/\/www.karate-neuhofen.at\/wp-content\/gallery\/9-sommercamp-2017\/thumbs\/thumbs_SC1066.JPG\"\n                    width=\"240\"\n                    height=\"160\"\n                    style=\"max-width:100%;\"\n                \/>\n            <\/a>\n        <\/div>\n\t\t\t\t\t\t\t<\/div> \n\t\t\t\n        \n\t\t\t\t<div id=\"ngg-image-66\" class=\"ngg-gallery-thumbnail-box\" >\n\t\t\t\t        <div class=\"ngg-gallery-thumbnail\">\n            <a href=\"http:\/\/www.karate-neuhofen.at\/wp-content\/gallery\/9-sommercamp-2017\/SC1067.JPG\"\n               title=\"\"\n               data-src=\"http:\/\/www.karate-neuhofen.at\/wp-content\/gallery\/9-sommercamp-2017\/SC1067.JPG\"\n               data-thumbnail=\"http:\/\/www.karate-neuhofen.at\/wp-content\/gallery\/9-sommercamp-2017\/thumbs\/thumbs_SC1067.JPG\"\n               data-image-id=\"15951\"\n               data-title=\"SC(1067)\"\n               data-description=\"\"\n               data-image-slug=\"sc1067\"\n               class=\"shutterset_6bd4a67f62a7de13e8a03aec327a2ec6\">\n                <img\n                    title=\"SC(1067)\"\n                    alt=\"SC(1067)\"\n                    src=\"http:\/\/www.karate-neuhofen.at\/wp-content\/gallery\/9-sommercamp-2017\/thumbs\/thumbs_SC1067.JPG\"\n                    width=\"240\"\n                    height=\"160\"\n                    style=\"max-width:100%;\"\n                \/>\n            <\/a>\n        <\/div>\n\t\t\t\t\t\t\t<\/div> \n\t\t\t\n        \n\t\t\t\t<div id=\"ngg-image-67\" class=\"ngg-gallery-thumbnail-box\" >\n\t\t\t\t        <div class=\"ngg-gallery-thumbnail\">\n            <a href=\"http:\/\/www.karate-neuhofen.at\/wp-content\/gallery\/9-sommercamp-2017\/SC1068.JPG\"\n               title=\"\"\n               data-src=\"http:\/\/www.karate-neuhofen.at\/wp-content\/gallery\/9-sommercamp-2017\/SC1068.JPG\"\n               data-thumbnail=\"http:\/\/www.karate-neuhofen.at\/wp-content\/gallery\/9-sommercamp-2017\/thumbs\/thumbs_SC1068.JPG\"\n               data-image-id=\"15952\"\n               data-title=\"SC(1068)\"\n               data-description=\"\"\n               data-image-slug=\"sc1068\"\n               class=\"shutterset_6bd4a67f62a7de13e8a03aec327a2ec6\">\n                <img\n                    title=\"SC(1068)\"\n                    alt=\"SC(1068)\"\n                    src=\"http:\/\/www.karate-neuhofen.at\/wp-content\/gallery\/9-sommercamp-2017\/thumbs\/thumbs_SC1068.JPG\"\n                    width=\"240\"\n                    height=\"160\"\n                    style=\"max-width:100%;\"\n                \/>\n            <\/a>\n        <\/div>\n\t\t\t\t\t\t\t<\/div> \n\t\t\t\n        \n\t\t\t\t<div id=\"ngg-image-68\" class=\"ngg-gallery-thumbnail-box\" >\n\t\t\t\t        <div class=\"ngg-gallery-thumbnail\">\n            <a href=\"http:\/\/www.karate-neuhofen.at\/wp-content\/gallery\/9-sommercamp-2017\/SC1069.JPG\"\n               title=\"\"\n               data-src=\"http:\/\/www.karate-neuhofen.at\/wp-content\/gallery\/9-sommercamp-2017\/SC1069.JPG\"\n               data-thumbnail=\"http:\/\/www.karate-neuhofen.at\/wp-content\/gallery\/9-sommercamp-2017\/thumbs\/thumbs_SC1069.JPG\"\n               data-image-id=\"15953\"\n               data-title=\"SC(1069)\"\n               data-description=\"\"\n               data-image-slug=\"sc1069\"\n               class=\"shutterset_6bd4a67f62a7de13e8a03aec327a2ec6\">\n                <img\n                    title=\"SC(1069)\"\n                    alt=\"SC(1069)\"\n                    src=\"http:\/\/www.karate-neuhofen.at\/wp-content\/gallery\/9-sommercamp-2017\/thumbs\/thumbs_SC1069.JPG\"\n                    width=\"240\"\n                    height=\"160\"\n                    style=\"max-width:100%;\"\n                \/>\n            <\/a>\n        <\/div>\n\t\t\t\t\t\t\t<\/div> \n\t\t\t\n        \n\t\t\t\t<div id=\"ngg-image-69\" class=\"ngg-gallery-thumbnail-box\" >\n\t\t\t\t        <div class=\"ngg-gallery-thumbnail\">\n            <a href=\"http:\/\/www.karate-neuhofen.at\/wp-content\/gallery\/9-sommercamp-2017\/SC1070.JPG\"\n               title=\"\"\n               data-src=\"http:\/\/www.karate-neuhofen.at\/wp-content\/gallery\/9-sommercamp-2017\/SC1070.JPG\"\n               data-thumbnail=\"http:\/\/www.karate-neuhofen.at\/wp-content\/gallery\/9-sommercamp-2017\/thumbs\/thumbs_SC1070.JPG\"\n               data-image-id=\"15954\"\n               data-title=\"SC(1070)\"\n               data-description=\"\"\n               data-image-slug=\"sc1070\"\n               class=\"shutterset_6bd4a67f62a7de13e8a03aec327a2ec6\">\n                <img\n                    title=\"SC(1070)\"\n                    alt=\"SC(1070)\"\n                    src=\"http:\/\/www.karate-neuhofen.at\/wp-content\/gallery\/9-sommercamp-2017\/thumbs\/thumbs_SC1070.JPG\"\n                    width=\"240\"\n                    height=\"160\"\n                    style=\"max-width:100%;\"\n                \/>\n            <\/a>\n        <\/div>\n\t\t\t\t\t\t\t<\/div> \n\t\t\t\n        \n\t\t\t\t<div id=\"ngg-image-70\" class=\"ngg-gallery-thumbnail-box\" >\n\t\t\t\t        <div class=\"ngg-gallery-thumbnail\">\n            <a href=\"http:\/\/www.karate-neuhofen.at\/wp-content\/gallery\/9-sommercamp-2017\/SC1071.JPG\"\n               title=\"\"\n               data-src=\"http:\/\/www.karate-neuhofen.at\/wp-content\/gallery\/9-sommercamp-2017\/SC1071.JPG\"\n               data-thumbnail=\"http:\/\/www.karate-neuhofen.at\/wp-content\/gallery\/9-sommercamp-2017\/thumbs\/thumbs_SC1071.JPG\"\n               data-image-id=\"15955\"\n               data-title=\"SC(1071)\"\n               data-description=\"\"\n               data-image-slug=\"sc1071\"\n               class=\"shutterset_6bd4a67f62a7de13e8a03aec327a2ec6\">\n                <img\n                    title=\"SC(1071)\"\n                    alt=\"SC(1071)\"\n                    src=\"http:\/\/www.karate-neuhofen.at\/wp-content\/gallery\/9-sommercamp-2017\/thumbs\/thumbs_SC1071.JPG\"\n                    width=\"240\"\n                    height=\"160\"\n                    style=\"max-width:100%;\"\n                \/>\n            <\/a>\n        <\/div>\n\t\t\t\t\t\t\t<\/div> \n\t\t\t\n        \n\t\t\t\t<div id=\"ngg-image-71\" class=\"ngg-gallery-thumbnail-box\" >\n\t\t\t\t        <div class=\"ngg-gallery-thumbnail\">\n            <a href=\"http:\/\/www.karate-neuhofen.at\/wp-content\/gallery\/9-sommercamp-2017\/SC1072.JPG\"\n               title=\"\"\n               data-src=\"http:\/\/www.karate-neuhofen.at\/wp-content\/gallery\/9-sommercamp-2017\/SC1072.JPG\"\n               data-thumbnail=\"http:\/\/www.karate-neuhofen.at\/wp-content\/gallery\/9-sommercamp-2017\/thumbs\/thumbs_SC1072.JPG\"\n               data-image-id=\"15956\"\n               data-title=\"SC(1072)\"\n               data-description=\"\"\n               data-image-slug=\"sc1072\"\n               class=\"shutterset_6bd4a67f62a7de13e8a03aec327a2ec6\">\n                <img\n                    title=\"SC(1072)\"\n                    alt=\"SC(1072)\"\n                    src=\"http:\/\/www.karate-neuhofen.at\/wp-content\/gallery\/9-sommercamp-2017\/thumbs\/thumbs_SC1072.JPG\"\n                    width=\"240\"\n                    height=\"160\"\n                    style=\"max-width:100%;\"\n                \/>\n            <\/a>\n        <\/div>\n\t\t\t\t\t\t\t<\/div> \n\t\t\t\n        \n\t\t\t\t<div id=\"ngg-image-72\" class=\"ngg-gallery-thumbnail-box\" >\n\t\t\t\t        <div class=\"ngg-gallery-thumbnail\">\n            <a href=\"http:\/\/www.karate-neuhofen.at\/wp-content\/gallery\/9-sommercamp-2017\/SC1073.JPG\"\n               title=\"\"\n               data-src=\"http:\/\/www.karate-neuhofen.at\/wp-content\/gallery\/9-sommercamp-2017\/SC1073.JPG\"\n               data-thumbnail=\"http:\/\/www.karate-neuhofen.at\/wp-content\/gallery\/9-sommercamp-2017\/thumbs\/thumbs_SC1073.JPG\"\n               data-image-id=\"15957\"\n               data-title=\"SC(1073)\"\n               data-description=\"\"\n               data-image-slug=\"sc1073\"\n               class=\"shutterset_6bd4a67f62a7de13e8a03aec327a2ec6\">\n                <img\n                    title=\"SC(1073)\"\n                    alt=\"SC(1073)\"\n                    src=\"http:\/\/www.karate-neuhofen.at\/wp-content\/gallery\/9-sommercamp-2017\/thumbs\/thumbs_SC1073.JPG\"\n                    width=\"240\"\n                    height=\"160\"\n                    style=\"max-width:100%;\"\n                \/>\n            <\/a>\n        <\/div>\n\t\t\t\t\t\t\t<\/div> \n\t\t\t\n        \n\t\t\t\t<div id=\"ngg-image-73\" class=\"ngg-gallery-thumbnail-box\" >\n\t\t\t\t        <div class=\"ngg-gallery-thumbnail\">\n            <a href=\"http:\/\/www.karate-neuhofen.at\/wp-content\/gallery\/9-sommercamp-2017\/SC1074.JPG\"\n               title=\"\"\n               data-src=\"http:\/\/www.karate-neuhofen.at\/wp-content\/gallery\/9-sommercamp-2017\/SC1074.JPG\"\n               data-thumbnail=\"http:\/\/www.karate-neuhofen.at\/wp-content\/gallery\/9-sommercamp-2017\/thumbs\/thumbs_SC1074.JPG\"\n               data-image-id=\"15958\"\n               data-title=\"SC(1074)\"\n               data-description=\"\"\n               data-image-slug=\"sc1074\"\n               class=\"shutterset_6bd4a67f62a7de13e8a03aec327a2ec6\">\n                <img\n                    title=\"SC(1074)\"\n                    alt=\"SC(1074)\"\n                    src=\"http:\/\/www.karate-neuhofen.at\/wp-content\/gallery\/9-sommercamp-2017\/thumbs\/thumbs_SC1074.JPG\"\n                    width=\"240\"\n                    height=\"160\"\n                    style=\"max-width:100%;\"\n                \/>\n            <\/a>\n        <\/div>\n\t\t\t\t\t\t\t<\/div> \n\t\t\t\n        \n\t\t\t\t<div id=\"ngg-image-74\" class=\"ngg-gallery-thumbnail-box\" >\n\t\t\t\t        <div class=\"ngg-gallery-thumbnail\">\n            <a href=\"http:\/\/www.karate-neuhofen.at\/wp-content\/gallery\/9-sommercamp-2017\/SC1075.JPG\"\n               title=\"\"\n               data-src=\"http:\/\/www.karate-neuhofen.at\/wp-content\/gallery\/9-sommercamp-2017\/SC1075.JPG\"\n               data-thumbnail=\"http:\/\/www.karate-neuhofen.at\/wp-content\/gallery\/9-sommercamp-2017\/thumbs\/thumbs_SC1075.JPG\"\n               data-image-id=\"15959\"\n               data-title=\"SC(1075)\"\n               data-description=\"\"\n               data-image-slug=\"sc1075\"\n               class=\"shutterset_6bd4a67f62a7de13e8a03aec327a2ec6\">\n                <img\n                    title=\"SC(1075)\"\n                    alt=\"SC(1075)\"\n                    src=\"http:\/\/www.karate-neuhofen.at\/wp-content\/gallery\/9-sommercamp-2017\/thumbs\/thumbs_SC1075.JPG\"\n                    width=\"240\"\n                    height=\"160\"\n                    style=\"max-width:100%;\"\n                \/>\n            <\/a>\n        <\/div>\n\t\t\t\t\t\t\t<\/div> \n\t\t\t\n        \n\t\t\t\t<div id=\"ngg-image-75\" class=\"ngg-gallery-thumbnail-box\" >\n\t\t\t\t        <div class=\"ngg-gallery-thumbnail\">\n            <a href=\"http:\/\/www.karate-neuhofen.at\/wp-content\/gallery\/9-sommercamp-2017\/SC1076.JPG\"\n               title=\"\"\n               data-src=\"http:\/\/www.karate-neuhofen.at\/wp-content\/gallery\/9-sommercamp-2017\/SC1076.JPG\"\n               data-thumbnail=\"http:\/\/www.karate-neuhofen.at\/wp-content\/gallery\/9-sommercamp-2017\/thumbs\/thumbs_SC1076.JPG\"\n               data-image-id=\"15960\"\n               data-title=\"SC(1076)\"\n               data-description=\"\"\n               data-image-slug=\"sc1076\"\n               class=\"shutterset_6bd4a67f62a7de13e8a03aec327a2ec6\">\n                <img\n                    title=\"SC(1076)\"\n                    alt=\"SC(1076)\"\n                    src=\"http:\/\/www.karate-neuhofen.at\/wp-content\/gallery\/9-sommercamp-2017\/thumbs\/thumbs_SC1076.JPG\"\n                    width=\"240\"\n                    height=\"160\"\n                    style=\"max-width:100%;\"\n                \/>\n            <\/a>\n        <\/div>\n\t\t\t\t\t\t\t<\/div> \n\t\t\t\n        \n\t\t\t\t<div id=\"ngg-image-76\" class=\"ngg-gallery-thumbnail-box\" >\n\t\t\t\t        <div class=\"ngg-gallery-thumbnail\">\n            <a href=\"http:\/\/www.karate-neuhofen.at\/wp-content\/gallery\/9-sommercamp-2017\/SC1077.JPG\"\n               title=\"\"\n               data-src=\"http:\/\/www.karate-neuhofen.at\/wp-content\/gallery\/9-sommercamp-2017\/SC1077.JPG\"\n               data-thumbnail=\"http:\/\/www.karate-neuhofen.at\/wp-content\/gallery\/9-sommercamp-2017\/thumbs\/thumbs_SC1077.JPG\"\n               data-image-id=\"15961\"\n               data-title=\"SC(1077)\"\n               data-description=\"\"\n               data-image-slug=\"sc1077\"\n               class=\"shutterset_6bd4a67f62a7de13e8a03aec327a2ec6\">\n                <img\n                    title=\"SC(1077)\"\n                    alt=\"SC(1077)\"\n                    src=\"http:\/\/www.karate-neuhofen.at\/wp-content\/gallery\/9-sommercamp-2017\/thumbs\/thumbs_SC1077.JPG\"\n                    width=\"240\"\n                    height=\"160\"\n                    style=\"max-width:100%;\"\n                \/>\n            <\/a>\n        <\/div>\n\t\t\t\t\t\t\t<\/div> \n\t\t\t\n        \n\t\t\t\t<div id=\"ngg-image-77\" class=\"ngg-gallery-thumbnail-box\" >\n\t\t\t\t        <div class=\"ngg-gallery-thumbnail\">\n            <a href=\"http:\/\/www.karate-neuhofen.at\/wp-content\/gallery\/9-sommercamp-2017\/SC1078.JPG\"\n               title=\"\"\n               data-src=\"http:\/\/www.karate-neuhofen.at\/wp-content\/gallery\/9-sommercamp-2017\/SC1078.JPG\"\n               data-thumbnail=\"http:\/\/www.karate-neuhofen.at\/wp-content\/gallery\/9-sommercamp-2017\/thumbs\/thumbs_SC1078.JPG\"\n               data-image-id=\"15962\"\n               data-title=\"SC(1078)\"\n               data-description=\"\"\n               data-image-slug=\"sc1078\"\n               class=\"shutterset_6bd4a67f62a7de13e8a03aec327a2ec6\">\n                <img\n                    title=\"SC(1078)\"\n                    alt=\"SC(1078)\"\n                    src=\"http:\/\/www.karate-neuhofen.at\/wp-content\/gallery\/9-sommercamp-2017\/thumbs\/thumbs_SC1078.JPG\"\n                    width=\"240\"\n                    height=\"160\"\n                    style=\"max-width:100%;\"\n                \/>\n            <\/a>\n        <\/div>\n\t\t\t\t\t\t\t<\/div> \n\t\t\t\n        \n\t\t\t\t<div id=\"ngg-image-78\" class=\"ngg-gallery-thumbnail-box\" >\n\t\t\t\t        <div class=\"ngg-gallery-thumbnail\">\n            <a href=\"http:\/\/www.karate-neuhofen.at\/wp-content\/gallery\/9-sommercamp-2017\/SC1079.JPG\"\n               title=\"\"\n               data-src=\"http:\/\/www.karate-neuhofen.at\/wp-content\/gallery\/9-sommercamp-2017\/SC1079.JPG\"\n               data-thumbnail=\"http:\/\/www.karate-neuhofen.at\/wp-content\/gallery\/9-sommercamp-2017\/thumbs\/thumbs_SC1079.JPG\"\n               data-image-id=\"15963\"\n               data-title=\"SC(1079)\"\n               data-description=\"\"\n               data-image-slug=\"sc1079\"\n               class=\"shutterset_6bd4a67f62a7de13e8a03aec327a2ec6\">\n                <img\n                    title=\"SC(1079)\"\n                    alt=\"SC(1079)\"\n                    src=\"http:\/\/www.karate-neuhofen.at\/wp-content\/gallery\/9-sommercamp-2017\/thumbs\/thumbs_SC1079.JPG\"\n                    width=\"240\"\n                    height=\"160\"\n                    style=\"max-width:100%;\"\n                \/>\n            <\/a>\n        <\/div>\n\t\t\t\t\t\t\t<\/div> \n\t\t\t\n        \n\t\t\t\t<div id=\"ngg-image-79\" class=\"ngg-gallery-thumbnail-box\" >\n\t\t\t\t        <div class=\"ngg-gallery-thumbnail\">\n            <a href=\"http:\/\/www.karate-neuhofen.at\/wp-content\/gallery\/9-sommercamp-2017\/SC1080.JPG\"\n               title=\"\"\n               data-src=\"http:\/\/www.karate-neuhofen.at\/wp-content\/gallery\/9-sommercamp-2017\/SC1080.JPG\"\n               data-thumbnail=\"http:\/\/www.karate-neuhofen.at\/wp-content\/gallery\/9-sommercamp-2017\/thumbs\/thumbs_SC1080.JPG\"\n               data-image-id=\"15964\"\n               data-title=\"SC(1080)\"\n               data-description=\"\"\n               data-image-slug=\"sc1080\"\n               class=\"shutterset_6bd4a67f62a7de13e8a03aec327a2ec6\">\n                <img\n                    title=\"SC(1080)\"\n                    alt=\"SC(1080)\"\n                    src=\"http:\/\/www.karate-neuhofen.at\/wp-content\/gallery\/9-sommercamp-2017\/thumbs\/thumbs_SC1080.JPG\"\n                    width=\"240\"\n                    height=\"160\"\n                    style=\"max-width:100%;\"\n                \/>\n            <\/a>\n        <\/div>\n\t\t\t\t\t\t\t<\/div> \n\t\t\t\n        \n\t\t\t\t<div id=\"ngg-image-80\" class=\"ngg-gallery-thumbnail-box\" >\n\t\t\t\t        <div class=\"ngg-gallery-thumbnail\">\n            <a href=\"http:\/\/www.karate-neuhofen.at\/wp-content\/gallery\/9-sommercamp-2017\/SC1081.JPG\"\n               title=\"\"\n               data-src=\"http:\/\/www.karate-neuhofen.at\/wp-content\/gallery\/9-sommercamp-2017\/SC1081.JPG\"\n               data-thumbnail=\"http:\/\/www.karate-neuhofen.at\/wp-content\/gallery\/9-sommercamp-2017\/thumbs\/thumbs_SC1081.JPG\"\n               data-image-id=\"15965\"\n               data-title=\"SC(1081)\"\n               data-description=\"\"\n               data-image-slug=\"sc1081\"\n               class=\"shutterset_6bd4a67f62a7de13e8a03aec327a2ec6\">\n                <img\n                    title=\"SC(1081)\"\n                    alt=\"SC(1081)\"\n                    src=\"http:\/\/www.karate-neuhofen.at\/wp-content\/gallery\/9-sommercamp-2017\/thumbs\/thumbs_SC1081.JPG\"\n                    width=\"240\"\n                    height=\"160\"\n                    style=\"max-width:100%;\"\n                \/>\n            <\/a>\n        <\/div>\n\t\t\t\t\t\t\t<\/div> \n\t\t\t\n        \n\t\t\t\t<div id=\"ngg-image-81\" class=\"ngg-gallery-thumbnail-box\" >\n\t\t\t\t        <div class=\"ngg-gallery-thumbnail\">\n            <a href=\"http:\/\/www.karate-neuhofen.at\/wp-content\/gallery\/9-sommercamp-2017\/SC1082.JPG\"\n               title=\"\"\n               data-src=\"http:\/\/www.karate-neuhofen.at\/wp-content\/gallery\/9-sommercamp-2017\/SC1082.JPG\"\n               data-thumbnail=\"http:\/\/www.karate-neuhofen.at\/wp-content\/gallery\/9-sommercamp-2017\/thumbs\/thumbs_SC1082.JPG\"\n               data-image-id=\"15966\"\n               data-title=\"SC(1082)\"\n               data-description=\"\"\n               data-image-slug=\"sc1082\"\n               class=\"shutterset_6bd4a67f62a7de13e8a03aec327a2ec6\">\n                <img\n                    title=\"SC(1082)\"\n                    alt=\"SC(1082)\"\n                    src=\"http:\/\/www.karate-neuhofen.at\/wp-content\/gallery\/9-sommercamp-2017\/thumbs\/thumbs_SC1082.JPG\"\n                    width=\"240\"\n                    height=\"160\"\n                    style=\"max-width:100%;\"\n                \/>\n            <\/a>\n        <\/div>\n\t\t\t\t\t\t\t<\/div> \n\t\t\t\n        \n\t\t\t\t<div id=\"ngg-image-82\" class=\"ngg-gallery-thumbnail-box\" >\n\t\t\t\t        <div class=\"ngg-gallery-thumbnail\">\n            <a href=\"http:\/\/www.karate-neuhofen.at\/wp-content\/gallery\/9-sommercamp-2017\/SC1083.JPG\"\n               title=\"\"\n               data-src=\"http:\/\/www.karate-neuhofen.at\/wp-content\/gallery\/9-sommercamp-2017\/SC1083.JPG\"\n               data-thumbnail=\"http:\/\/www.karate-neuhofen.at\/wp-content\/gallery\/9-sommercamp-2017\/thumbs\/thumbs_SC1083.JPG\"\n               data-image-id=\"15967\"\n               data-title=\"SC(1083)\"\n               data-description=\"\"\n               data-image-slug=\"sc1083\"\n               class=\"shutterset_6bd4a67f62a7de13e8a03aec327a2ec6\">\n                <img\n                    title=\"SC(1083)\"\n                    alt=\"SC(1083)\"\n                    src=\"http:\/\/www.karate-neuhofen.at\/wp-content\/gallery\/9-sommercamp-2017\/thumbs\/thumbs_SC1083.JPG\"\n                    width=\"240\"\n                    height=\"160\"\n                    style=\"max-width:100%;\"\n                \/>\n            <\/a>\n        <\/div>\n\t\t\t\t\t\t\t<\/div> \n\t\t\t\n        \n\t\t\t\t<div id=\"ngg-image-83\" class=\"ngg-gallery-thumbnail-box\" >\n\t\t\t\t        <div class=\"ngg-gallery-thumbnail\">\n            <a href=\"http:\/\/www.karate-neuhofen.at\/wp-content\/gallery\/9-sommercamp-2017\/SC1084.JPG\"\n               title=\"\"\n               data-src=\"http:\/\/www.karate-neuhofen.at\/wp-content\/gallery\/9-sommercamp-2017\/SC1084.JPG\"\n               data-thumbnail=\"http:\/\/www.karate-neuhofen.at\/wp-content\/gallery\/9-sommercamp-2017\/thumbs\/thumbs_SC1084.JPG\"\n               data-image-id=\"15968\"\n               data-title=\"SC(1084)\"\n               data-description=\"\"\n               data-image-slug=\"sc1084\"\n               class=\"shutterset_6bd4a67f62a7de13e8a03aec327a2ec6\">\n                <img\n                    title=\"SC(1084)\"\n                    alt=\"SC(1084)\"\n                    src=\"http:\/\/www.karate-neuhofen.at\/wp-content\/gallery\/9-sommercamp-2017\/thumbs\/thumbs_SC1084.JPG\"\n                    width=\"240\"\n                    height=\"160\"\n                    style=\"max-width:100%;\"\n                \/>\n            <\/a>\n        <\/div>\n\t\t\t\t\t\t\t<\/div> \n\t\t\t\n        \n\t\t\t\t<div id=\"ngg-image-84\" class=\"ngg-gallery-thumbnail-box\" >\n\t\t\t\t        <div class=\"ngg-gallery-thumbnail\">\n            <a href=\"http:\/\/www.karate-neuhofen.at\/wp-content\/gallery\/9-sommercamp-2017\/SC1085.JPG\"\n               title=\"\"\n               data-src=\"http:\/\/www.karate-neuhofen.at\/wp-content\/gallery\/9-sommercamp-2017\/SC1085.JPG\"\n               data-thumbnail=\"http:\/\/www.karate-neuhofen.at\/wp-content\/gallery\/9-sommercamp-2017\/thumbs\/thumbs_SC1085.JPG\"\n               data-image-id=\"15969\"\n               data-title=\"SC(1085)\"\n               data-description=\"\"\n               data-image-slug=\"sc1085\"\n               class=\"shutterset_6bd4a67f62a7de13e8a03aec327a2ec6\">\n                <img\n                    title=\"SC(1085)\"\n                    alt=\"SC(1085)\"\n                    src=\"http:\/\/www.karate-neuhofen.at\/wp-content\/gallery\/9-sommercamp-2017\/thumbs\/thumbs_SC1085.JPG\"\n                    width=\"240\"\n                    height=\"160\"\n                    style=\"max-width:100%;\"\n                \/>\n            <\/a>\n        <\/div>\n\t\t\t\t\t\t\t<\/div> \n\t\t\t\n        \n\t\t\t\t<div id=\"ngg-image-85\" class=\"ngg-gallery-thumbnail-box\" >\n\t\t\t\t        <div class=\"ngg-gallery-thumbnail\">\n            <a href=\"http:\/\/www.karate-neuhofen.at\/wp-content\/gallery\/9-sommercamp-2017\/SC1086.JPG\"\n               title=\"\"\n               data-src=\"http:\/\/www.karate-neuhofen.at\/wp-content\/gallery\/9-sommercamp-2017\/SC1086.JPG\"\n               data-thumbnail=\"http:\/\/www.karate-neuhofen.at\/wp-content\/gallery\/9-sommercamp-2017\/thumbs\/thumbs_SC1086.JPG\"\n               data-image-id=\"15970\"\n               data-title=\"SC(1086)\"\n               data-description=\"\"\n               data-image-slug=\"sc1086\"\n               class=\"shutterset_6bd4a67f62a7de13e8a03aec327a2ec6\">\n                <img\n                    title=\"SC(1086)\"\n                    alt=\"SC(1086)\"\n                    src=\"http:\/\/www.karate-neuhofen.at\/wp-content\/gallery\/9-sommercamp-2017\/thumbs\/thumbs_SC1086.JPG\"\n                    width=\"240\"\n                    height=\"160\"\n                    style=\"max-width:100%;\"\n                \/>\n            <\/a>\n        <\/div>\n\t\t\t\t\t\t\t<\/div> \n\t\t\t\n        \n\t\t\t\t<div id=\"ngg-image-86\" class=\"ngg-gallery-thumbnail-box\" >\n\t\t\t\t        <div class=\"ngg-gallery-thumbnail\">\n            <a href=\"http:\/\/www.karate-neuhofen.at\/wp-content\/gallery\/9-sommercamp-2017\/SC1087.JPG\"\n               title=\"\"\n               data-src=\"http:\/\/www.karate-neuhofen.at\/wp-content\/gallery\/9-sommercamp-2017\/SC1087.JPG\"\n               data-thumbnail=\"http:\/\/www.karate-neuhofen.at\/wp-content\/gallery\/9-sommercamp-2017\/thumbs\/thumbs_SC1087.JPG\"\n               data-image-id=\"15971\"\n               data-title=\"SC(1087)\"\n               data-description=\"\"\n               data-image-slug=\"sc1087\"\n               class=\"shutterset_6bd4a67f62a7de13e8a03aec327a2ec6\">\n                <img\n                    title=\"SC(1087)\"\n                    alt=\"SC(1087)\"\n                    src=\"http:\/\/www.karate-neuhofen.at\/wp-content\/gallery\/9-sommercamp-2017\/thumbs\/thumbs_SC1087.JPG\"\n                    width=\"240\"\n                    height=\"160\"\n                    style=\"max-width:100%;\"\n                \/>\n            <\/a>\n        <\/div>\n\t\t\t\t\t\t\t<\/div> \n\t\t\t\n        \n\t\t\t\t<div id=\"ngg-image-87\" class=\"ngg-gallery-thumbnail-box\" >\n\t\t\t\t        <div class=\"ngg-gallery-thumbnail\">\n            <a href=\"http:\/\/www.karate-neuhofen.at\/wp-content\/gallery\/9-sommercamp-2017\/SC1088.JPG\"\n               title=\"\"\n               data-src=\"http:\/\/www.karate-neuhofen.at\/wp-content\/gallery\/9-sommercamp-2017\/SC1088.JPG\"\n               data-thumbnail=\"http:\/\/www.karate-neuhofen.at\/wp-content\/gallery\/9-sommercamp-2017\/thumbs\/thumbs_SC1088.JPG\"\n               data-image-id=\"15972\"\n               data-title=\"SC(1088)\"\n               data-description=\"\"\n               data-image-slug=\"sc1088\"\n               class=\"shutterset_6bd4a67f62a7de13e8a03aec327a2ec6\">\n                <img\n                    title=\"SC(1088)\"\n                    alt=\"SC(1088)\"\n                    src=\"http:\/\/www.karate-neuhofen.at\/wp-content\/gallery\/9-sommercamp-2017\/thumbs\/thumbs_SC1088.JPG\"\n                    width=\"240\"\n                    height=\"160\"\n                    style=\"max-width:100%;\"\n                \/>\n            <\/a>\n        <\/div>\n\t\t\t\t\t\t\t<\/div> \n\t\t\t\n        \n\t\t\t\t<div id=\"ngg-image-88\" class=\"ngg-gallery-thumbnail-box\" >\n\t\t\t\t        <div class=\"ngg-gallery-thumbnail\">\n            <a href=\"http:\/\/www.karate-neuhofen.at\/wp-content\/gallery\/9-sommercamp-2017\/SC1089.JPG\"\n               title=\"\"\n               data-src=\"http:\/\/www.karate-neuhofen.at\/wp-content\/gallery\/9-sommercamp-2017\/SC1089.JPG\"\n               data-thumbnail=\"http:\/\/www.karate-neuhofen.at\/wp-content\/gallery\/9-sommercamp-2017\/thumbs\/thumbs_SC1089.JPG\"\n               data-image-id=\"15973\"\n               data-title=\"SC(1089)\"\n               data-description=\"\"\n               data-image-slug=\"sc1089\"\n               class=\"shutterset_6bd4a67f62a7de13e8a03aec327a2ec6\">\n                <img\n                    title=\"SC(1089)\"\n                    alt=\"SC(1089)\"\n                    src=\"http:\/\/www.karate-neuhofen.at\/wp-content\/gallery\/9-sommercamp-2017\/thumbs\/thumbs_SC1089.JPG\"\n                    width=\"240\"\n                    height=\"160\"\n                    style=\"max-width:100%;\"\n                \/>\n            <\/a>\n        <\/div>\n\t\t\t\t\t\t\t<\/div> \n\t\t\t\n        \n\t\t\t\t<div id=\"ngg-image-89\" class=\"ngg-gallery-thumbnail-box\" >\n\t\t\t\t        <div class=\"ngg-gallery-thumbnail\">\n            <a href=\"http:\/\/www.karate-neuhofen.at\/wp-content\/gallery\/9-sommercamp-2017\/SC1090.JPG\"\n               title=\"\"\n               data-src=\"http:\/\/www.karate-neuhofen.at\/wp-content\/gallery\/9-sommercamp-2017\/SC1090.JPG\"\n               data-thumbnail=\"http:\/\/www.karate-neuhofen.at\/wp-content\/gallery\/9-sommercamp-2017\/thumbs\/thumbs_SC1090.JPG\"\n               data-image-id=\"15974\"\n               data-title=\"SC(1090)\"\n               data-description=\"\"\n               data-image-slug=\"sc1090\"\n               class=\"shutterset_6bd4a67f62a7de13e8a03aec327a2ec6\">\n                <img\n                    title=\"SC(1090)\"\n                    alt=\"SC(1090)\"\n                    src=\"http:\/\/www.karate-neuhofen.at\/wp-content\/gallery\/9-sommercamp-2017\/thumbs\/thumbs_SC1090.JPG\"\n                    width=\"240\"\n                    height=\"160\"\n                    style=\"max-width:100%;\"\n                \/>\n            <\/a>\n        <\/div>\n\t\t\t\t\t\t\t<\/div> \n\t\t\t\n        \n\t\t\t\t<div id=\"ngg-image-90\" class=\"ngg-gallery-thumbnail-box\" >\n\t\t\t\t        <div class=\"ngg-gallery-thumbnail\">\n            <a href=\"http:\/\/www.karate-neuhofen.at\/wp-content\/gallery\/9-sommercamp-2017\/SC1091.JPG\"\n               title=\"\"\n               data-src=\"http:\/\/www.karate-neuhofen.at\/wp-content\/gallery\/9-sommercamp-2017\/SC1091.JPG\"\n               data-thumbnail=\"http:\/\/www.karate-neuhofen.at\/wp-content\/gallery\/9-sommercamp-2017\/thumbs\/thumbs_SC1091.JPG\"\n               data-image-id=\"15975\"\n               data-title=\"SC(1091)\"\n               data-description=\"\"\n               data-image-slug=\"sc1091\"\n               class=\"shutterset_6bd4a67f62a7de13e8a03aec327a2ec6\">\n                <img\n                    title=\"SC(1091)\"\n                    alt=\"SC(1091)\"\n                    src=\"http:\/\/www.karate-neuhofen.at\/wp-content\/gallery\/9-sommercamp-2017\/thumbs\/thumbs_SC1091.JPG\"\n                    width=\"240\"\n                    height=\"160\"\n                    style=\"max-width:100%;\"\n                \/>\n            <\/a>\n        <\/div>\n\t\t\t\t\t\t\t<\/div> \n\t\t\t\n        \n\t\t\t\t<div id=\"ngg-image-91\" class=\"ngg-gallery-thumbnail-box\" >\n\t\t\t\t        <div class=\"ngg-gallery-thumbnail\">\n            <a href=\"http:\/\/www.karate-neuhofen.at\/wp-content\/gallery\/9-sommercamp-2017\/SC1092.JPG\"\n               title=\"\"\n               data-src=\"http:\/\/www.karate-neuhofen.at\/wp-content\/gallery\/9-sommercamp-2017\/SC1092.JPG\"\n               data-thumbnail=\"http:\/\/www.karate-neuhofen.at\/wp-content\/gallery\/9-sommercamp-2017\/thumbs\/thumbs_SC1092.JPG\"\n               data-image-id=\"15976\"\n               data-title=\"SC(1092)\"\n               data-description=\"\"\n               data-image-slug=\"sc1092\"\n               class=\"shutterset_6bd4a67f62a7de13e8a03aec327a2ec6\">\n                <img\n                    title=\"SC(1092)\"\n                    alt=\"SC(1092)\"\n                    src=\"http:\/\/www.karate-neuhofen.at\/wp-content\/gallery\/9-sommercamp-2017\/thumbs\/thumbs_SC1092.JPG\"\n                    width=\"240\"\n                    height=\"160\"\n                    style=\"max-width:100%;\"\n                \/>\n            <\/a>\n        <\/div>\n\t\t\t\t\t\t\t<\/div> \n\t\t\t\n        \n\t\t\t\t<div id=\"ngg-image-92\" class=\"ngg-gallery-thumbnail-box\" >\n\t\t\t\t        <div class=\"ngg-gallery-thumbnail\">\n            <a href=\"http:\/\/www.karate-neuhofen.at\/wp-content\/gallery\/9-sommercamp-2017\/SC1093.JPG\"\n               title=\"\"\n               data-src=\"http:\/\/www.karate-neuhofen.at\/wp-content\/gallery\/9-sommercamp-2017\/SC1093.JPG\"\n               data-thumbnail=\"http:\/\/www.karate-neuhofen.at\/wp-content\/gallery\/9-sommercamp-2017\/thumbs\/thumbs_SC1093.JPG\"\n               data-image-id=\"15977\"\n               data-title=\"SC(1093)\"\n               data-description=\"\"\n               data-image-slug=\"sc1093\"\n               class=\"shutterset_6bd4a67f62a7de13e8a03aec327a2ec6\">\n                <img\n                    title=\"SC(1093)\"\n                    alt=\"SC(1093)\"\n                    src=\"http:\/\/www.karate-neuhofen.at\/wp-content\/gallery\/9-sommercamp-2017\/thumbs\/thumbs_SC1093.JPG\"\n                    width=\"240\"\n                    height=\"160\"\n                    style=\"max-width:100%;\"\n                \/>\n            <\/a>\n        <\/div>\n\t\t\t\t\t\t\t<\/div> \n\t\t\t\n        \n\t\t\t\t<div id=\"ngg-image-93\" class=\"ngg-gallery-thumbnail-box\" >\n\t\t\t\t        <div class=\"ngg-gallery-thumbnail\">\n            <a href=\"http:\/\/www.karate-neuhofen.at\/wp-content\/gallery\/9-sommercamp-2017\/SC1094.JPG\"\n               title=\"\"\n               data-src=\"http:\/\/www.karate-neuhofen.at\/wp-content\/gallery\/9-sommercamp-2017\/SC1094.JPG\"\n               data-thumbnail=\"http:\/\/www.karate-neuhofen.at\/wp-content\/gallery\/9-sommercamp-2017\/thumbs\/thumbs_SC1094.JPG\"\n               data-image-id=\"15978\"\n               data-title=\"SC(1094)\"\n               data-description=\"\"\n               data-image-slug=\"sc1094\"\n               class=\"shutterset_6bd4a67f62a7de13e8a03aec327a2ec6\">\n                <img\n                    title=\"SC(1094)\"\n                    alt=\"SC(1094)\"\n                    src=\"http:\/\/www.karate-neuhofen.at\/wp-content\/gallery\/9-sommercamp-2017\/thumbs\/thumbs_SC1094.JPG\"\n                    width=\"240\"\n                    height=\"160\"\n                    style=\"max-width:100%;\"\n                \/>\n            <\/a>\n        <\/div>\n\t\t\t\t\t\t\t<\/div> \n\t\t\t\n        \n\t\t\t\t<div id=\"ngg-image-94\" class=\"ngg-gallery-thumbnail-box\" >\n\t\t\t\t        <div class=\"ngg-gallery-thumbnail\">\n            <a href=\"http:\/\/www.karate-neuhofen.at\/wp-content\/gallery\/9-sommercamp-2017\/SC1095.JPG\"\n               title=\"\"\n               data-src=\"http:\/\/www.karate-neuhofen.at\/wp-content\/gallery\/9-sommercamp-2017\/SC1095.JPG\"\n               data-thumbnail=\"http:\/\/www.karate-neuhofen.at\/wp-content\/gallery\/9-sommercamp-2017\/thumbs\/thumbs_SC1095.JPG\"\n               data-image-id=\"15979\"\n               data-title=\"SC(1095)\"\n               data-description=\"\"\n               data-image-slug=\"sc1095\"\n               class=\"shutterset_6bd4a67f62a7de13e8a03aec327a2ec6\">\n                <img\n                    title=\"SC(1095)\"\n                    alt=\"SC(1095)\"\n                    src=\"http:\/\/www.karate-neuhofen.at\/wp-content\/gallery\/9-sommercamp-2017\/thumbs\/thumbs_SC1095.JPG\"\n                    width=\"240\"\n                    height=\"160\"\n                    style=\"max-width:100%;\"\n                \/>\n            <\/a>\n        <\/div>\n\t\t\t\t\t\t\t<\/div> \n\t\t\t\n        \n\t\t\t\t<div id=\"ngg-image-95\" class=\"ngg-gallery-thumbnail-box\" >\n\t\t\t\t        <div class=\"ngg-gallery-thumbnail\">\n            <a href=\"http:\/\/www.karate-neuhofen.at\/wp-content\/gallery\/9-sommercamp-2017\/SC1096.JPG\"\n               title=\"\"\n               data-src=\"http:\/\/www.karate-neuhofen.at\/wp-content\/gallery\/9-sommercamp-2017\/SC1096.JPG\"\n               data-thumbnail=\"http:\/\/www.karate-neuhofen.at\/wp-content\/gallery\/9-sommercamp-2017\/thumbs\/thumbs_SC1096.JPG\"\n               data-image-id=\"15980\"\n               data-title=\"SC(1096)\"\n               data-description=\"\"\n               data-image-slug=\"sc1096\"\n               class=\"shutterset_6bd4a67f62a7de13e8a03aec327a2ec6\">\n                <img\n                    title=\"SC(1096)\"\n                    alt=\"SC(1096)\"\n                    src=\"http:\/\/www.karate-neuhofen.at\/wp-content\/gallery\/9-sommercamp-2017\/thumbs\/thumbs_SC1096.JPG\"\n                    width=\"240\"\n                    height=\"160\"\n                    style=\"max-width:100%;\"\n                \/>\n            <\/a>\n        <\/div>\n\t\t\t\t\t\t\t<\/div> \n\t\t\t\n        \n\t\t\t\t<div id=\"ngg-image-96\" class=\"ngg-gallery-thumbnail-box\" >\n\t\t\t\t        <div class=\"ngg-gallery-thumbnail\">\n            <a href=\"http:\/\/www.karate-neuhofen.at\/wp-content\/gallery\/9-sommercamp-2017\/SC1097.JPG\"\n               title=\"\"\n               data-src=\"http:\/\/www.karate-neuhofen.at\/wp-content\/gallery\/9-sommercamp-2017\/SC1097.JPG\"\n               data-thumbnail=\"http:\/\/www.karate-neuhofen.at\/wp-content\/gallery\/9-sommercamp-2017\/thumbs\/thumbs_SC1097.JPG\"\n               data-image-id=\"15981\"\n               data-title=\"SC(1097)\"\n               data-description=\"\"\n               data-image-slug=\"sc1097\"\n               class=\"shutterset_6bd4a67f62a7de13e8a03aec327a2ec6\">\n                <img\n                    title=\"SC(1097)\"\n                    alt=\"SC(1097)\"\n                    src=\"http:\/\/www.karate-neuhofen.at\/wp-content\/gallery\/9-sommercamp-2017\/thumbs\/thumbs_SC1097.JPG\"\n                    width=\"240\"\n                    height=\"160\"\n                    style=\"max-width:100%;\"\n                \/>\n            <\/a>\n        <\/div>\n\t\t\t\t\t\t\t<\/div> \n\t\t\t\n        \n\t\t\t\t<div id=\"ngg-image-97\" class=\"ngg-gallery-thumbnail-box\" >\n\t\t\t\t        <div class=\"ngg-gallery-thumbnail\">\n            <a href=\"http:\/\/www.karate-neuhofen.at\/wp-content\/gallery\/9-sommercamp-2017\/SC1098.JPG\"\n               title=\"\"\n               data-src=\"http:\/\/www.karate-neuhofen.at\/wp-content\/gallery\/9-sommercamp-2017\/SC1098.JPG\"\n               data-thumbnail=\"http:\/\/www.karate-neuhofen.at\/wp-content\/gallery\/9-sommercamp-2017\/thumbs\/thumbs_SC1098.JPG\"\n               data-image-id=\"15982\"\n               data-title=\"SC(1098)\"\n               data-description=\"\"\n               data-image-slug=\"sc1098\"\n               class=\"shutterset_6bd4a67f62a7de13e8a03aec327a2ec6\">\n                <img\n                    title=\"SC(1098)\"\n                    alt=\"SC(1098)\"\n                    src=\"http:\/\/www.karate-neuhofen.at\/wp-content\/gallery\/9-sommercamp-2017\/thumbs\/thumbs_SC1098.JPG\"\n                    width=\"240\"\n                    height=\"160\"\n                    style=\"max-width:100%;\"\n                \/>\n            <\/a>\n        <\/div>\n\t\t\t\t\t\t\t<\/div> \n\t\t\t\n        \n\t\t\t\t<div id=\"ngg-image-98\" class=\"ngg-gallery-thumbnail-box\" >\n\t\t\t\t        <div class=\"ngg-gallery-thumbnail\">\n            <a href=\"http:\/\/www.karate-neuhofen.at\/wp-content\/gallery\/9-sommercamp-2017\/SC1099.JPG\"\n               title=\"\"\n               data-src=\"http:\/\/www.karate-neuhofen.at\/wp-content\/gallery\/9-sommercamp-2017\/SC1099.JPG\"\n               data-thumbnail=\"http:\/\/www.karate-neuhofen.at\/wp-content\/gallery\/9-sommercamp-2017\/thumbs\/thumbs_SC1099.JPG\"\n               data-image-id=\"15983\"\n               data-title=\"SC(1099)\"\n               data-description=\"\"\n               data-image-slug=\"sc1099\"\n               class=\"shutterset_6bd4a67f62a7de13e8a03aec327a2ec6\">\n                <img\n                    title=\"SC(1099)\"\n                    alt=\"SC(1099)\"\n                    src=\"http:\/\/www.karate-neuhofen.at\/wp-content\/gallery\/9-sommercamp-2017\/thumbs\/thumbs_SC1099.JPG\"\n                    width=\"240\"\n                    height=\"160\"\n                    style=\"max-width:100%;\"\n                \/>\n            <\/a>\n        <\/div>\n\t\t\t\t\t\t\t<\/div> \n\t\t\t\n        \n\t\t\t\t<div id=\"ngg-image-99\" class=\"ngg-gallery-thumbnail-box\" >\n\t\t\t\t        <div class=\"ngg-gallery-thumbnail\">\n            <a href=\"http:\/\/www.karate-neuhofen.at\/wp-content\/gallery\/9-sommercamp-2017\/SC1100.JPG\"\n               title=\"\"\n               data-src=\"http:\/\/www.karate-neuhofen.at\/wp-content\/gallery\/9-sommercamp-2017\/SC1100.JPG\"\n               data-thumbnail=\"http:\/\/www.karate-neuhofen.at\/wp-content\/gallery\/9-sommercamp-2017\/thumbs\/thumbs_SC1100.JPG\"\n               data-image-id=\"15984\"\n               data-title=\"SC(1100)\"\n               data-description=\"\"\n               data-image-slug=\"sc1100\"\n               class=\"shutterset_6bd4a67f62a7de13e8a03aec327a2ec6\">\n                <img\n                    title=\"SC(1100)\"\n                    alt=\"SC(1100)\"\n                    src=\"http:\/\/www.karate-neuhofen.at\/wp-content\/gallery\/9-sommercamp-2017\/thumbs\/thumbs_SC1100.JPG\"\n                    width=\"240\"\n                    height=\"160\"\n                    style=\"max-width:100%;\"\n                \/>\n            <\/a>\n        <\/div>\n\t\t\t\t\t\t\t<\/div> \n\t\t\t\n        \n\t\t\t\t<div id=\"ngg-image-100\" class=\"ngg-gallery-thumbnail-box\" >\n\t\t\t\t        <div class=\"ngg-gallery-thumbnail\">\n            <a href=\"http:\/\/www.karate-neuhofen.at\/wp-content\/gallery\/9-sommercamp-2017\/SC1101.JPG\"\n               title=\"\"\n               data-src=\"http:\/\/www.karate-neuhofen.at\/wp-content\/gallery\/9-sommercamp-2017\/SC1101.JPG\"\n               data-thumbnail=\"http:\/\/www.karate-neuhofen.at\/wp-content\/gallery\/9-sommercamp-2017\/thumbs\/thumbs_SC1101.JPG\"\n               data-image-id=\"15985\"\n               data-title=\"SC(1101)\"\n               data-description=\"\"\n               data-image-slug=\"sc1101\"\n               class=\"shutterset_6bd4a67f62a7de13e8a03aec327a2ec6\">\n                <img\n                    title=\"SC(1101)\"\n                    alt=\"SC(1101)\"\n                    src=\"http:\/\/www.karate-neuhofen.at\/wp-content\/gallery\/9-sommercamp-2017\/thumbs\/thumbs_SC1101.JPG\"\n                    width=\"240\"\n                    height=\"160\"\n                    style=\"max-width:100%;\"\n                \/>\n            <\/a>\n        <\/div>\n\t\t\t\t\t\t\t<\/div> \n\t\t\t\n        \n\t\t\t\t<div id=\"ngg-image-101\" class=\"ngg-gallery-thumbnail-box\" >\n\t\t\t\t        <div class=\"ngg-gallery-thumbnail\">\n            <a href=\"http:\/\/www.karate-neuhofen.at\/wp-content\/gallery\/9-sommercamp-2017\/SC1102.JPG\"\n               title=\"\"\n               data-src=\"http:\/\/www.karate-neuhofen.at\/wp-content\/gallery\/9-sommercamp-2017\/SC1102.JPG\"\n               data-thumbnail=\"http:\/\/www.karate-neuhofen.at\/wp-content\/gallery\/9-sommercamp-2017\/thumbs\/thumbs_SC1102.JPG\"\n               data-image-id=\"15986\"\n               data-title=\"SC(1102)\"\n               data-description=\"\"\n               data-image-slug=\"sc1102\"\n               class=\"shutterset_6bd4a67f62a7de13e8a03aec327a2ec6\">\n                <img\n                    title=\"SC(1102)\"\n                    alt=\"SC(1102)\"\n                    src=\"http:\/\/www.karate-neuhofen.at\/wp-content\/gallery\/9-sommercamp-2017\/thumbs\/thumbs_SC1102.JPG\"\n                    width=\"240\"\n                    height=\"160\"\n                    style=\"max-width:100%;\"\n                \/>\n            <\/a>\n        <\/div>\n\t\t\t\t\t\t\t<\/div> \n\t\t\t\n        \n\t\t\t\t<div id=\"ngg-image-102\" class=\"ngg-gallery-thumbnail-box\" >\n\t\t\t\t        <div class=\"ngg-gallery-thumbnail\">\n            <a href=\"http:\/\/www.karate-neuhofen.at\/wp-content\/gallery\/9-sommercamp-2017\/SC1103.JPG\"\n               title=\"\"\n               data-src=\"http:\/\/www.karate-neuhofen.at\/wp-content\/gallery\/9-sommercamp-2017\/SC1103.JPG\"\n               data-thumbnail=\"http:\/\/www.karate-neuhofen.at\/wp-content\/gallery\/9-sommercamp-2017\/thumbs\/thumbs_SC1103.JPG\"\n               data-image-id=\"15987\"\n               data-title=\"SC(1103)\"\n               data-description=\"\"\n               data-image-slug=\"sc1103\"\n               class=\"shutterset_6bd4a67f62a7de13e8a03aec327a2ec6\">\n                <img\n                    title=\"SC(1103)\"\n                    alt=\"SC(1103)\"\n                    src=\"http:\/\/www.karate-neuhofen.at\/wp-content\/gallery\/9-sommercamp-2017\/thumbs\/thumbs_SC1103.JPG\"\n                    width=\"240\"\n                    height=\"160\"\n                    style=\"max-width:100%;\"\n                \/>\n            <\/a>\n        <\/div>\n\t\t\t\t\t\t\t<\/div> \n\t\t\t\n        \n\t\t\t\t<div id=\"ngg-image-103\" class=\"ngg-gallery-thumbnail-box\" >\n\t\t\t\t        <div class=\"ngg-gallery-thumbnail\">\n            <a href=\"http:\/\/www.karate-neuhofen.at\/wp-content\/gallery\/9-sommercamp-2017\/SC1104.JPG\"\n               title=\"\"\n               data-src=\"http:\/\/www.karate-neuhofen.at\/wp-content\/gallery\/9-sommercamp-2017\/SC1104.JPG\"\n               data-thumbnail=\"http:\/\/www.karate-neuhofen.at\/wp-content\/gallery\/9-sommercamp-2017\/thumbs\/thumbs_SC1104.JPG\"\n               data-image-id=\"15988\"\n               data-title=\"SC(1104)\"\n               data-description=\"\"\n               data-image-slug=\"sc1104\"\n               class=\"shutterset_6bd4a67f62a7de13e8a03aec327a2ec6\">\n                <img\n                    title=\"SC(1104)\"\n                    alt=\"SC(1104)\"\n                    src=\"http:\/\/www.karate-neuhofen.at\/wp-content\/gallery\/9-sommercamp-2017\/thumbs\/thumbs_SC1104.JPG\"\n                    width=\"240\"\n                    height=\"160\"\n                    style=\"max-width:100%;\"\n                \/>\n            <\/a>\n        <\/div>\n\t\t\t\t\t\t\t<\/div> \n\t\t\t\n        \n\t\t\t\t<div id=\"ngg-image-104\" class=\"ngg-gallery-thumbnail-box\" >\n\t\t\t\t        <div class=\"ngg-gallery-thumbnail\">\n            <a href=\"http:\/\/www.karate-neuhofen.at\/wp-content\/gallery\/9-sommercamp-2017\/SC1105.JPG\"\n               title=\"\"\n               data-src=\"http:\/\/www.karate-neuhofen.at\/wp-content\/gallery\/9-sommercamp-2017\/SC1105.JPG\"\n               data-thumbnail=\"http:\/\/www.karate-neuhofen.at\/wp-content\/gallery\/9-sommercamp-2017\/thumbs\/thumbs_SC1105.JPG\"\n               data-image-id=\"15989\"\n               data-title=\"SC(1105)\"\n               data-description=\"\"\n               data-image-slug=\"sc1105\"\n               class=\"shutterset_6bd4a67f62a7de13e8a03aec327a2ec6\">\n                <img\n                    title=\"SC(1105)\"\n                    alt=\"SC(1105)\"\n                    src=\"http:\/\/www.karate-neuhofen.at\/wp-content\/gallery\/9-sommercamp-2017\/thumbs\/thumbs_SC1105.JPG\"\n                    width=\"240\"\n                    height=\"160\"\n                    style=\"max-width:100%;\"\n                \/>\n            <\/a>\n        <\/div>\n\t\t\t\t\t\t\t<\/div> \n\t\t\t\n        \n\t\t\t\t<div id=\"ngg-image-105\" class=\"ngg-gallery-thumbnail-box\" >\n\t\t\t\t        <div class=\"ngg-gallery-thumbnail\">\n            <a href=\"http:\/\/www.karate-neuhofen.at\/wp-content\/gallery\/9-sommercamp-2017\/SC1106.JPG\"\n               title=\"\"\n               data-src=\"http:\/\/www.karate-neuhofen.at\/wp-content\/gallery\/9-sommercamp-2017\/SC1106.JPG\"\n               data-thumbnail=\"http:\/\/www.karate-neuhofen.at\/wp-content\/gallery\/9-sommercamp-2017\/thumbs\/thumbs_SC1106.JPG\"\n               data-image-id=\"15990\"\n               data-title=\"SC(1106)\"\n               data-description=\"\"\n               data-image-slug=\"sc1106\"\n               class=\"shutterset_6bd4a67f62a7de13e8a03aec327a2ec6\">\n                <img\n                    title=\"SC(1106)\"\n                    alt=\"SC(1106)\"\n                    src=\"http:\/\/www.karate-neuhofen.at\/wp-content\/gallery\/9-sommercamp-2017\/thumbs\/thumbs_SC1106.JPG\"\n                    width=\"240\"\n                    height=\"160\"\n                    style=\"max-width:100%;\"\n                \/>\n            <\/a>\n        <\/div>\n\t\t\t\t\t\t\t<\/div> \n\t\t\t\n        \n\t\t\t\t<div id=\"ngg-image-106\" class=\"ngg-gallery-thumbnail-box\" >\n\t\t\t\t        <div class=\"ngg-gallery-thumbnail\">\n            <a href=\"http:\/\/www.karate-neuhofen.at\/wp-content\/gallery\/9-sommercamp-2017\/SC1107.JPG\"\n               title=\"\"\n               data-src=\"http:\/\/www.karate-neuhofen.at\/wp-content\/gallery\/9-sommercamp-2017\/SC1107.JPG\"\n               data-thumbnail=\"http:\/\/www.karate-neuhofen.at\/wp-content\/gallery\/9-sommercamp-2017\/thumbs\/thumbs_SC1107.JPG\"\n               data-image-id=\"15991\"\n               data-title=\"SC(1107)\"\n               data-description=\"\"\n               data-image-slug=\"sc1107\"\n               class=\"shutterset_6bd4a67f62a7de13e8a03aec327a2ec6\">\n                <img\n                    title=\"SC(1107)\"\n                    alt=\"SC(1107)\"\n                    src=\"http:\/\/www.karate-neuhofen.at\/wp-content\/gallery\/9-sommercamp-2017\/thumbs\/thumbs_SC1107.JPG\"\n                    width=\"240\"\n                    height=\"160\"\n                    style=\"max-width:100%;\"\n                \/>\n            <\/a>\n        <\/div>\n\t\t\t\t\t\t\t<\/div> \n\t\t\t\n        \n\t\t\t\t<div id=\"ngg-image-107\" class=\"ngg-gallery-thumbnail-box\" >\n\t\t\t\t        <div class=\"ngg-gallery-thumbnail\">\n            <a href=\"http:\/\/www.karate-neuhofen.at\/wp-content\/gallery\/9-sommercamp-2017\/SC1108.JPG\"\n               title=\"\"\n               data-src=\"http:\/\/www.karate-neuhofen.at\/wp-content\/gallery\/9-sommercamp-2017\/SC1108.JPG\"\n               data-thumbnail=\"http:\/\/www.karate-neuhofen.at\/wp-content\/gallery\/9-sommercamp-2017\/thumbs\/thumbs_SC1108.JPG\"\n               data-image-id=\"15992\"\n               data-title=\"SC(1108)\"\n               data-description=\"\"\n               data-image-slug=\"sc1108\"\n               class=\"shutterset_6bd4a67f62a7de13e8a03aec327a2ec6\">\n                <img\n                    title=\"SC(1108)\"\n                    alt=\"SC(1108)\"\n                    src=\"http:\/\/www.karate-neuhofen.at\/wp-content\/gallery\/9-sommercamp-2017\/thumbs\/thumbs_SC1108.JPG\"\n                    width=\"240\"\n                    height=\"160\"\n                    style=\"max-width:100%;\"\n                \/>\n            <\/a>\n        <\/div>\n\t\t\t\t\t\t\t<\/div> \n\t\t\t\n        \n\t\t\t\t<div id=\"ngg-image-108\" class=\"ngg-gallery-thumbnail-box\" >\n\t\t\t\t        <div class=\"ngg-gallery-thumbnail\">\n            <a href=\"http:\/\/www.karate-neuhofen.at\/wp-content\/gallery\/9-sommercamp-2017\/SC1109.JPG\"\n               title=\"\"\n               data-src=\"http:\/\/www.karate-neuhofen.at\/wp-content\/gallery\/9-sommercamp-2017\/SC1109.JPG\"\n               data-thumbnail=\"http:\/\/www.karate-neuhofen.at\/wp-content\/gallery\/9-sommercamp-2017\/thumbs\/thumbs_SC1109.JPG\"\n               data-image-id=\"15993\"\n               data-title=\"SC(1109)\"\n               data-description=\"\"\n               data-image-slug=\"sc1109\"\n               class=\"shutterset_6bd4a67f62a7de13e8a03aec327a2ec6\">\n                <img\n                    title=\"SC(1109)\"\n                    alt=\"SC(1109)\"\n                    src=\"http:\/\/www.karate-neuhofen.at\/wp-content\/gallery\/9-sommercamp-2017\/thumbs\/thumbs_SC1109.JPG\"\n                    width=\"240\"\n                    height=\"160\"\n                    style=\"max-width:100%;\"\n                \/>\n            <\/a>\n        <\/div>\n\t\t\t\t\t\t\t<\/div> \n\t\t\t\n        \n\t\t\t\t<div id=\"ngg-image-109\" class=\"ngg-gallery-thumbnail-box\" >\n\t\t\t\t        <div class=\"ngg-gallery-thumbnail\">\n            <a href=\"http:\/\/www.karate-neuhofen.at\/wp-content\/gallery\/9-sommercamp-2017\/SC1110.JPG\"\n               title=\"\"\n               data-src=\"http:\/\/www.karate-neuhofen.at\/wp-content\/gallery\/9-sommercamp-2017\/SC1110.JPG\"\n               data-thumbnail=\"http:\/\/www.karate-neuhofen.at\/wp-content\/gallery\/9-sommercamp-2017\/thumbs\/thumbs_SC1110.JPG\"\n               data-image-id=\"15994\"\n               data-title=\"SC(1110)\"\n               data-description=\"\"\n               data-image-slug=\"sc1110\"\n               class=\"shutterset_6bd4a67f62a7de13e8a03aec327a2ec6\">\n                <img\n                    title=\"SC(1110)\"\n                    alt=\"SC(1110)\"\n                    src=\"http:\/\/www.karate-neuhofen.at\/wp-content\/gallery\/9-sommercamp-2017\/thumbs\/thumbs_SC1110.JPG\"\n                    width=\"240\"\n                    height=\"160\"\n                    style=\"max-width:100%;\"\n                \/>\n            <\/a>\n        <\/div>\n\t\t\t\t\t\t\t<\/div> \n\t\t\t\n        \n\t\t\t\t<div id=\"ngg-image-110\" class=\"ngg-gallery-thumbnail-box\" >\n\t\t\t\t        <div class=\"ngg-gallery-thumbnail\">\n            <a href=\"http:\/\/www.karate-neuhofen.at\/wp-content\/gallery\/9-sommercamp-2017\/SC1111.JPG\"\n               title=\"\"\n               data-src=\"http:\/\/www.karate-neuhofen.at\/wp-content\/gallery\/9-sommercamp-2017\/SC1111.JPG\"\n               data-thumbnail=\"http:\/\/www.karate-neuhofen.at\/wp-content\/gallery\/9-sommercamp-2017\/thumbs\/thumbs_SC1111.JPG\"\n               data-image-id=\"15995\"\n               data-title=\"SC(1111)\"\n               data-description=\"\"\n               data-image-slug=\"sc1111\"\n               class=\"shutterset_6bd4a67f62a7de13e8a03aec327a2ec6\">\n                <img\n                    title=\"SC(1111)\"\n                    alt=\"SC(1111)\"\n                    src=\"http:\/\/www.karate-neuhofen.at\/wp-content\/gallery\/9-sommercamp-2017\/thumbs\/thumbs_SC1111.JPG\"\n                    width=\"240\"\n                    height=\"160\"\n                    style=\"max-width:100%;\"\n                \/>\n            <\/a>\n        <\/div>\n\t\t\t\t\t\t\t<\/div> \n\t\t\t\n        \n\t\t\t\t<div id=\"ngg-image-111\" class=\"ngg-gallery-thumbnail-box\" >\n\t\t\t\t        <div class=\"ngg-gallery-thumbnail\">\n            <a href=\"http:\/\/www.karate-neuhofen.at\/wp-content\/gallery\/9-sommercamp-2017\/SC1112.JPG\"\n               title=\"\"\n               data-src=\"http:\/\/www.karate-neuhofen.at\/wp-content\/gallery\/9-sommercamp-2017\/SC1112.JPG\"\n               data-thumbnail=\"http:\/\/www.karate-neuhofen.at\/wp-content\/gallery\/9-sommercamp-2017\/thumbs\/thumbs_SC1112.JPG\"\n               data-image-id=\"15996\"\n               data-title=\"SC(1112)\"\n               data-description=\"\"\n               data-image-slug=\"sc1112\"\n               class=\"shutterset_6bd4a67f62a7de13e8a03aec327a2ec6\">\n                <img\n                    title=\"SC(1112)\"\n                    alt=\"SC(1112)\"\n                    src=\"http:\/\/www.karate-neuhofen.at\/wp-content\/gallery\/9-sommercamp-2017\/thumbs\/thumbs_SC1112.JPG\"\n                    width=\"240\"\n                    height=\"160\"\n                    style=\"max-width:100%;\"\n                \/>\n            <\/a>\n        <\/div>\n\t\t\t\t\t\t\t<\/div> \n\t\t\t\n        \n\t\t\t\t<div id=\"ngg-image-112\" class=\"ngg-gallery-thumbnail-box\" >\n\t\t\t\t        <div class=\"ngg-gallery-thumbnail\">\n            <a href=\"http:\/\/www.karate-neuhofen.at\/wp-content\/gallery\/9-sommercamp-2017\/SC1113.JPG\"\n               title=\"\"\n               data-src=\"http:\/\/www.karate-neuhofen.at\/wp-content\/gallery\/9-sommercamp-2017\/SC1113.JPG\"\n               data-thumbnail=\"http:\/\/www.karate-neuhofen.at\/wp-content\/gallery\/9-sommercamp-2017\/thumbs\/thumbs_SC1113.JPG\"\n               data-image-id=\"15997\"\n               data-title=\"SC(1113)\"\n               data-description=\"\"\n               data-image-slug=\"sc1113\"\n               class=\"shutterset_6bd4a67f62a7de13e8a03aec327a2ec6\">\n                <img\n                    title=\"SC(1113)\"\n                    alt=\"SC(1113)\"\n                    src=\"http:\/\/www.karate-neuhofen.at\/wp-content\/gallery\/9-sommercamp-2017\/thumbs\/thumbs_SC1113.JPG\"\n                    width=\"240\"\n                    height=\"160\"\n                    style=\"max-width:100%;\"\n                \/>\n            <\/a>\n        <\/div>\n\t\t\t\t\t\t\t<\/div> \n\t\t\t\n        \n\t\t\t\t<div id=\"ngg-image-113\" class=\"ngg-gallery-thumbnail-box\" >\n\t\t\t\t        <div class=\"ngg-gallery-thumbnail\">\n            <a href=\"http:\/\/www.karate-neuhofen.at\/wp-content\/gallery\/9-sommercamp-2017\/SC1114.JPG\"\n               title=\"\"\n               data-src=\"http:\/\/www.karate-neuhofen.at\/wp-content\/gallery\/9-sommercamp-2017\/SC1114.JPG\"\n               data-thumbnail=\"http:\/\/www.karate-neuhofen.at\/wp-content\/gallery\/9-sommercamp-2017\/thumbs\/thumbs_SC1114.JPG\"\n               data-image-id=\"15998\"\n               data-title=\"SC(1114)\"\n               data-description=\"\"\n               data-image-slug=\"sc1114\"\n               class=\"shutterset_6bd4a67f62a7de13e8a03aec327a2ec6\">\n                <img\n                    title=\"SC(1114)\"\n                    alt=\"SC(1114)\"\n                    src=\"http:\/\/www.karate-neuhofen.at\/wp-content\/gallery\/9-sommercamp-2017\/thumbs\/thumbs_SC1114.JPG\"\n                    width=\"240\"\n                    height=\"160\"\n                    style=\"max-width:100%;\"\n                \/>\n            <\/a>\n        <\/div>\n\t\t\t\t\t\t\t<\/div> \n\t\t\t\n        \n\t\t\t\t<div id=\"ngg-image-114\" class=\"ngg-gallery-thumbnail-box\" >\n\t\t\t\t        <div class=\"ngg-gallery-thumbnail\">\n            <a href=\"http:\/\/www.karate-neuhofen.at\/wp-content\/gallery\/9-sommercamp-2017\/SC1115.JPG\"\n               title=\"\"\n               data-src=\"http:\/\/www.karate-neuhofen.at\/wp-content\/gallery\/9-sommercamp-2017\/SC1115.JPG\"\n               data-thumbnail=\"http:\/\/www.karate-neuhofen.at\/wp-content\/gallery\/9-sommercamp-2017\/thumbs\/thumbs_SC1115.JPG\"\n               data-image-id=\"15999\"\n               data-title=\"SC(1115)\"\n               data-description=\"\"\n               data-image-slug=\"sc1115\"\n               class=\"shutterset_6bd4a67f62a7de13e8a03aec327a2ec6\">\n                <img\n                    title=\"SC(1115)\"\n                    alt=\"SC(1115)\"\n                    src=\"http:\/\/www.karate-neuhofen.at\/wp-content\/gallery\/9-sommercamp-2017\/thumbs\/thumbs_SC1115.JPG\"\n                    width=\"240\"\n                    height=\"160\"\n                    style=\"max-width:100%;\"\n                \/>\n            <\/a>\n        <\/div>\n\t\t\t\t\t\t\t<\/div> \n\t\t\t\n        \n\t\t\t\t<div id=\"ngg-image-115\" class=\"ngg-gallery-thumbnail-box\" >\n\t\t\t\t        <div class=\"ngg-gallery-thumbnail\">\n            <a href=\"http:\/\/www.karate-neuhofen.at\/wp-content\/gallery\/9-sommercamp-2017\/SC1116.JPG\"\n               title=\"\"\n               data-src=\"http:\/\/www.karate-neuhofen.at\/wp-content\/gallery\/9-sommercamp-2017\/SC1116.JPG\"\n               data-thumbnail=\"http:\/\/www.karate-neuhofen.at\/wp-content\/gallery\/9-sommercamp-2017\/thumbs\/thumbs_SC1116.JPG\"\n               data-image-id=\"16000\"\n               data-title=\"SC(1116)\"\n               data-description=\"\"\n               data-image-slug=\"sc1116\"\n               class=\"shutterset_6bd4a67f62a7de13e8a03aec327a2ec6\">\n                <img\n                    title=\"SC(1116)\"\n                    alt=\"SC(1116)\"\n                    src=\"http:\/\/www.karate-neuhofen.at\/wp-content\/gallery\/9-sommercamp-2017\/thumbs\/thumbs_SC1116.JPG\"\n                    width=\"240\"\n                    height=\"160\"\n                    style=\"max-width:100%;\"\n                \/>\n            <\/a>\n        <\/div>\n\t\t\t\t\t\t\t<\/div> \n\t\t\t\n        \n\t\t\t\t<div id=\"ngg-image-116\" class=\"ngg-gallery-thumbnail-box\" >\n\t\t\t\t        <div class=\"ngg-gallery-thumbnail\">\n            <a href=\"http:\/\/www.karate-neuhofen.at\/wp-content\/gallery\/9-sommercamp-2017\/SC1117.JPG\"\n               title=\"\"\n               data-src=\"http:\/\/www.karate-neuhofen.at\/wp-content\/gallery\/9-sommercamp-2017\/SC1117.JPG\"\n               data-thumbnail=\"http:\/\/www.karate-neuhofen.at\/wp-content\/gallery\/9-sommercamp-2017\/thumbs\/thumbs_SC1117.JPG\"\n               data-image-id=\"16001\"\n               data-title=\"SC(1117)\"\n               data-description=\"\"\n               data-image-slug=\"sc1117\"\n               class=\"shutterset_6bd4a67f62a7de13e8a03aec327a2ec6\">\n                <img\n                    title=\"SC(1117)\"\n                    alt=\"SC(1117)\"\n                    src=\"http:\/\/www.karate-neuhofen.at\/wp-content\/gallery\/9-sommercamp-2017\/thumbs\/thumbs_SC1117.JPG\"\n                    width=\"240\"\n                    height=\"160\"\n                    style=\"max-width:100%;\"\n                \/>\n            <\/a>\n        <\/div>\n\t\t\t\t\t\t\t<\/div> \n\t\t\t\n        \n\t\t\t\t<div id=\"ngg-image-117\" class=\"ngg-gallery-thumbnail-box\" >\n\t\t\t\t        <div class=\"ngg-gallery-thumbnail\">\n            <a href=\"http:\/\/www.karate-neuhofen.at\/wp-content\/gallery\/9-sommercamp-2017\/SC1118.JPG\"\n               title=\"\"\n               data-src=\"http:\/\/www.karate-neuhofen.at\/wp-content\/gallery\/9-sommercamp-2017\/SC1118.JPG\"\n               data-thumbnail=\"http:\/\/www.karate-neuhofen.at\/wp-content\/gallery\/9-sommercamp-2017\/thumbs\/thumbs_SC1118.JPG\"\n               data-image-id=\"16002\"\n               data-title=\"SC(1118)\"\n               data-description=\"\"\n               data-image-slug=\"sc1118\"\n               class=\"shutterset_6bd4a67f62a7de13e8a03aec327a2ec6\">\n                <img\n                    title=\"SC(1118)\"\n                    alt=\"SC(1118)\"\n                    src=\"http:\/\/www.karate-neuhofen.at\/wp-content\/gallery\/9-sommercamp-2017\/thumbs\/thumbs_SC1118.JPG\"\n                    width=\"240\"\n                    height=\"160\"\n                    style=\"max-width:100%;\"\n                \/>\n            <\/a>\n        <\/div>\n\t\t\t\t\t\t\t<\/div> \n\t\t\t\n        \n\t\t\t\t<div id=\"ngg-image-118\" class=\"ngg-gallery-thumbnail-box\" >\n\t\t\t\t        <div class=\"ngg-gallery-thumbnail\">\n            <a href=\"http:\/\/www.karate-neuhofen.at\/wp-content\/gallery\/9-sommercamp-2017\/SC1119.JPG\"\n               title=\"\"\n               data-src=\"http:\/\/www.karate-neuhofen.at\/wp-content\/gallery\/9-sommercamp-2017\/SC1119.JPG\"\n               data-thumbnail=\"http:\/\/www.karate-neuhofen.at\/wp-content\/gallery\/9-sommercamp-2017\/thumbs\/thumbs_SC1119.JPG\"\n               data-image-id=\"16003\"\n               data-title=\"SC(1119)\"\n               data-description=\"\"\n               data-image-slug=\"sc1119\"\n               class=\"shutterset_6bd4a67f62a7de13e8a03aec327a2ec6\">\n                <img\n                    title=\"SC(1119)\"\n                    alt=\"SC(1119)\"\n                    src=\"http:\/\/www.karate-neuhofen.at\/wp-content\/gallery\/9-sommercamp-2017\/thumbs\/thumbs_SC1119.JPG\"\n                    width=\"240\"\n                    height=\"160\"\n                    style=\"max-width:100%;\"\n                \/>\n            <\/a>\n        <\/div>\n\t\t\t\t\t\t\t<\/div> \n\t\t\t\n        \n\t\t\t\t<div id=\"ngg-image-119\" class=\"ngg-gallery-thumbnail-box\" >\n\t\t\t\t        <div class=\"ngg-gallery-thumbnail\">\n            <a href=\"http:\/\/www.karate-neuhofen.at\/wp-content\/gallery\/9-sommercamp-2017\/SC1120.JPG\"\n               title=\"\"\n               data-src=\"http:\/\/www.karate-neuhofen.at\/wp-content\/gallery\/9-sommercamp-2017\/SC1120.JPG\"\n               data-thumbnail=\"http:\/\/www.karate-neuhofen.at\/wp-content\/gallery\/9-sommercamp-2017\/thumbs\/thumbs_SC1120.JPG\"\n               data-image-id=\"16004\"\n               data-title=\"SC(1120)\"\n               data-description=\"\"\n               data-image-slug=\"sc1120\"\n               class=\"shutterset_6bd4a67f62a7de13e8a03aec327a2ec6\">\n                <img\n                    title=\"SC(1120)\"\n                    alt=\"SC(1120)\"\n                    src=\"http:\/\/www.karate-neuhofen.at\/wp-content\/gallery\/9-sommercamp-2017\/thumbs\/thumbs_SC1120.JPG\"\n                    width=\"240\"\n                    height=\"160\"\n                    style=\"max-width:100%;\"\n                \/>\n            <\/a>\n        <\/div>\n\t\t\t\t\t\t\t<\/div> \n\t\t\t\n        \n\t\t\t\t<div id=\"ngg-image-120\" class=\"ngg-gallery-thumbnail-box\" >\n\t\t\t\t        <div class=\"ngg-gallery-thumbnail\">\n            <a href=\"http:\/\/www.karate-neuhofen.at\/wp-content\/gallery\/9-sommercamp-2017\/SC1121.JPG\"\n               title=\"\"\n               data-src=\"http:\/\/www.karate-neuhofen.at\/wp-content\/gallery\/9-sommercamp-2017\/SC1121.JPG\"\n               data-thumbnail=\"http:\/\/www.karate-neuhofen.at\/wp-content\/gallery\/9-sommercamp-2017\/thumbs\/thumbs_SC1121.JPG\"\n               data-image-id=\"16005\"\n               data-title=\"SC(1121)\"\n               data-description=\"\"\n               data-image-slug=\"sc1121\"\n               class=\"shutterset_6bd4a67f62a7de13e8a03aec327a2ec6\">\n                <img\n                    title=\"SC(1121)\"\n                    alt=\"SC(1121)\"\n                    src=\"http:\/\/www.karate-neuhofen.at\/wp-content\/gallery\/9-sommercamp-2017\/thumbs\/thumbs_SC1121.JPG\"\n                    width=\"240\"\n                    height=\"160\"\n                    style=\"max-width:100%;\"\n                \/>\n            <\/a>\n        <\/div>\n\t\t\t\t\t\t\t<\/div> \n\t\t\t\n        \n\t\t\t\t<div id=\"ngg-image-121\" class=\"ngg-gallery-thumbnail-box\" >\n\t\t\t\t        <div class=\"ngg-gallery-thumbnail\">\n            <a href=\"http:\/\/www.karate-neuhofen.at\/wp-content\/gallery\/9-sommercamp-2017\/SC1122.JPG\"\n               title=\"\"\n               data-src=\"http:\/\/www.karate-neuhofen.at\/wp-content\/gallery\/9-sommercamp-2017\/SC1122.JPG\"\n               data-thumbnail=\"http:\/\/www.karate-neuhofen.at\/wp-content\/gallery\/9-sommercamp-2017\/thumbs\/thumbs_SC1122.JPG\"\n               data-image-id=\"16006\"\n               data-title=\"SC(1122)\"\n               data-description=\"\"\n               data-image-slug=\"sc1122\"\n               class=\"shutterset_6bd4a67f62a7de13e8a03aec327a2ec6\">\n                <img\n                    title=\"SC(1122)\"\n                    alt=\"SC(1122)\"\n                    src=\"http:\/\/www.karate-neuhofen.at\/wp-content\/gallery\/9-sommercamp-2017\/thumbs\/thumbs_SC1122.JPG\"\n                    width=\"240\"\n                    height=\"160\"\n                    style=\"max-width:100%;\"\n                \/>\n            <\/a>\n        <\/div>\n\t\t\t\t\t\t\t<\/div> \n\t\t\t\n        \n\t\t\t\t<div id=\"ngg-image-122\" class=\"ngg-gallery-thumbnail-box\" >\n\t\t\t\t        <div class=\"ngg-gallery-thumbnail\">\n            <a href=\"http:\/\/www.karate-neuhofen.at\/wp-content\/gallery\/9-sommercamp-2017\/SC1123.JPG\"\n               title=\"\"\n               data-src=\"http:\/\/www.karate-neuhofen.at\/wp-content\/gallery\/9-sommercamp-2017\/SC1123.JPG\"\n               data-thumbnail=\"http:\/\/www.karate-neuhofen.at\/wp-content\/gallery\/9-sommercamp-2017\/thumbs\/thumbs_SC1123.JPG\"\n               data-image-id=\"16007\"\n               data-title=\"SC(1123)\"\n               data-description=\"\"\n               data-image-slug=\"sc1123\"\n               class=\"shutterset_6bd4a67f62a7de13e8a03aec327a2ec6\">\n                <img\n                    title=\"SC(1123)\"\n                    alt=\"SC(1123)\"\n                    src=\"http:\/\/www.karate-neuhofen.at\/wp-content\/gallery\/9-sommercamp-2017\/thumbs\/thumbs_SC1123.JPG\"\n                    width=\"240\"\n                    height=\"160\"\n                    style=\"max-width:100%;\"\n                \/>\n            <\/a>\n        <\/div>\n\t\t\t\t\t\t\t<\/div> \n\t\t\t\n        \n\t\t\t\t<div id=\"ngg-image-123\" class=\"ngg-gallery-thumbnail-box\" >\n\t\t\t\t        <div class=\"ngg-gallery-thumbnail\">\n            <a href=\"http:\/\/www.karate-neuhofen.at\/wp-content\/gallery\/9-sommercamp-2017\/SC1124.JPG\"\n               title=\"\"\n               data-src=\"http:\/\/www.karate-neuhofen.at\/wp-content\/gallery\/9-sommercamp-2017\/SC1124.JPG\"\n               data-thumbnail=\"http:\/\/www.karate-neuhofen.at\/wp-content\/gallery\/9-sommercamp-2017\/thumbs\/thumbs_SC1124.JPG\"\n               data-image-id=\"16008\"\n               data-title=\"SC(1124)\"\n               data-description=\"\"\n               data-image-slug=\"sc1124\"\n               class=\"shutterset_6bd4a67f62a7de13e8a03aec327a2ec6\">\n                <img\n                    title=\"SC(1124)\"\n                    alt=\"SC(1124)\"\n                    src=\"http:\/\/www.karate-neuhofen.at\/wp-content\/gallery\/9-sommercamp-2017\/thumbs\/thumbs_SC1124.JPG\"\n                    width=\"240\"\n                    height=\"160\"\n                    style=\"max-width:100%;\"\n                \/>\n            <\/a>\n        <\/div>\n\t\t\t\t\t\t\t<\/div> \n\t\t\t\n        \n\t\t\t\t<div id=\"ngg-image-124\" class=\"ngg-gallery-thumbnail-box\" >\n\t\t\t\t        <div class=\"ngg-gallery-thumbnail\">\n            <a href=\"http:\/\/www.karate-neuhofen.at\/wp-content\/gallery\/9-sommercamp-2017\/SC1125.JPG\"\n               title=\"\"\n               data-src=\"http:\/\/www.karate-neuhofen.at\/wp-content\/gallery\/9-sommercamp-2017\/SC1125.JPG\"\n               data-thumbnail=\"http:\/\/www.karate-neuhofen.at\/wp-content\/gallery\/9-sommercamp-2017\/thumbs\/thumbs_SC1125.JPG\"\n               data-image-id=\"16009\"\n               data-title=\"SC(1125)\"\n               data-description=\"\"\n               data-image-slug=\"sc1125\"\n               class=\"shutterset_6bd4a67f62a7de13e8a03aec327a2ec6\">\n                <img\n                    title=\"SC(1125)\"\n                    alt=\"SC(1125)\"\n                    src=\"http:\/\/www.karate-neuhofen.at\/wp-content\/gallery\/9-sommercamp-2017\/thumbs\/thumbs_SC1125.JPG\"\n                    width=\"240\"\n                    height=\"160\"\n                    style=\"max-width:100%;\"\n                \/>\n            <\/a>\n        <\/div>\n\t\t\t\t\t\t\t<\/div> \n\t\t\t\n        \n\t\t\t\t<div id=\"ngg-image-125\" class=\"ngg-gallery-thumbnail-box\" >\n\t\t\t\t        <div class=\"ngg-gallery-thumbnail\">\n            <a href=\"http:\/\/www.karate-neuhofen.at\/wp-content\/gallery\/9-sommercamp-2017\/SC1126.JPG\"\n               title=\"\"\n               data-src=\"http:\/\/www.karate-neuhofen.at\/wp-content\/gallery\/9-sommercamp-2017\/SC1126.JPG\"\n               data-thumbnail=\"http:\/\/www.karate-neuhofen.at\/wp-content\/gallery\/9-sommercamp-2017\/thumbs\/thumbs_SC1126.JPG\"\n               data-image-id=\"16010\"\n               data-title=\"SC(1126)\"\n               data-description=\"\"\n               data-image-slug=\"sc1126\"\n               class=\"shutterset_6bd4a67f62a7de13e8a03aec327a2ec6\">\n                <img\n                    title=\"SC(1126)\"\n                    alt=\"SC(1126)\"\n                    src=\"http:\/\/www.karate-neuhofen.at\/wp-content\/gallery\/9-sommercamp-2017\/thumbs\/thumbs_SC1126.JPG\"\n                    width=\"240\"\n                    height=\"160\"\n                    style=\"max-width:100%;\"\n                \/>\n            <\/a>\n        <\/div>\n\t\t\t\t\t\t\t<\/div> \n\t\t\t\n        \n\t\t\t\t<div id=\"ngg-image-126\" class=\"ngg-gallery-thumbnail-box\" >\n\t\t\t\t        <div class=\"ngg-gallery-thumbnail\">\n            <a href=\"http:\/\/www.karate-neuhofen.at\/wp-content\/gallery\/9-sommercamp-2017\/SC1127.JPG\"\n               title=\"\"\n               data-src=\"http:\/\/www.karate-neuhofen.at\/wp-content\/gallery\/9-sommercamp-2017\/SC1127.JPG\"\n               data-thumbnail=\"http:\/\/www.karate-neuhofen.at\/wp-content\/gallery\/9-sommercamp-2017\/thumbs\/thumbs_SC1127.JPG\"\n               data-image-id=\"16011\"\n               data-title=\"SC(1127)\"\n               data-description=\"\"\n               data-image-slug=\"sc1127\"\n               class=\"shutterset_6bd4a67f62a7de13e8a03aec327a2ec6\">\n                <img\n                    title=\"SC(1127)\"\n                    alt=\"SC(1127)\"\n                    src=\"http:\/\/www.karate-neuhofen.at\/wp-content\/gallery\/9-sommercamp-2017\/thumbs\/thumbs_SC1127.JPG\"\n                    width=\"240\"\n                    height=\"160\"\n                    style=\"max-width:100%;\"\n                \/>\n            <\/a>\n        <\/div>\n\t\t\t\t\t\t\t<\/div> \n\t\t\t\n        \n\t\t\t\t<div id=\"ngg-image-127\" class=\"ngg-gallery-thumbnail-box\" >\n\t\t\t\t        <div class=\"ngg-gallery-thumbnail\">\n            <a href=\"http:\/\/www.karate-neuhofen.at\/wp-content\/gallery\/9-sommercamp-2017\/SC1128.JPG\"\n               title=\"\"\n               data-src=\"http:\/\/www.karate-neuhofen.at\/wp-content\/gallery\/9-sommercamp-2017\/SC1128.JPG\"\n               data-thumbnail=\"http:\/\/www.karate-neuhofen.at\/wp-content\/gallery\/9-sommercamp-2017\/thumbs\/thumbs_SC1128.JPG\"\n               data-image-id=\"16012\"\n               data-title=\"SC(1128)\"\n               data-description=\"\"\n               data-image-slug=\"sc1128\"\n               class=\"shutterset_6bd4a67f62a7de13e8a03aec327a2ec6\">\n                <img\n                    title=\"SC(1128)\"\n                    alt=\"SC(1128)\"\n                    src=\"http:\/\/www.karate-neuhofen.at\/wp-content\/gallery\/9-sommercamp-2017\/thumbs\/thumbs_SC1128.JPG\"\n                    width=\"240\"\n                    height=\"160\"\n                    style=\"max-width:100%;\"\n                \/>\n            <\/a>\n        <\/div>\n\t\t\t\t\t\t\t<\/div> \n\t\t\t\n        \n\t\t\t\t<div id=\"ngg-image-128\" class=\"ngg-gallery-thumbnail-box\" >\n\t\t\t\t        <div class=\"ngg-gallery-thumbnail\">\n            <a href=\"http:\/\/www.karate-neuhofen.at\/wp-content\/gallery\/9-sommercamp-2017\/SC1129.JPG\"\n               title=\"\"\n               data-src=\"http:\/\/www.karate-neuhofen.at\/wp-content\/gallery\/9-sommercamp-2017\/SC1129.JPG\"\n               data-thumbnail=\"http:\/\/www.karate-neuhofen.at\/wp-content\/gallery\/9-sommercamp-2017\/thumbs\/thumbs_SC1129.JPG\"\n               data-image-id=\"16013\"\n               data-title=\"SC(1129)\"\n               data-description=\"\"\n               data-image-slug=\"sc1129\"\n               class=\"shutterset_6bd4a67f62a7de13e8a03aec327a2ec6\">\n                <img\n                    title=\"SC(1129)\"\n                    alt=\"SC(1129)\"\n                    src=\"http:\/\/www.karate-neuhofen.at\/wp-content\/gallery\/9-sommercamp-2017\/thumbs\/thumbs_SC1129.JPG\"\n                    width=\"240\"\n                    height=\"160\"\n                    style=\"max-width:100%;\"\n                \/>\n            <\/a>\n        <\/div>\n\t\t\t\t\t\t\t<\/div> \n\t\t\t\n        \n\t\t\t\t<div id=\"ngg-image-129\" class=\"ngg-gallery-thumbnail-box\" >\n\t\t\t\t        <div class=\"ngg-gallery-thumbnail\">\n            <a href=\"http:\/\/www.karate-neuhofen.at\/wp-content\/gallery\/9-sommercamp-2017\/SC1130.JPG\"\n               title=\"\"\n               data-src=\"http:\/\/www.karate-neuhofen.at\/wp-content\/gallery\/9-sommercamp-2017\/SC1130.JPG\"\n               data-thumbnail=\"http:\/\/www.karate-neuhofen.at\/wp-content\/gallery\/9-sommercamp-2017\/thumbs\/thumbs_SC1130.JPG\"\n               data-image-id=\"16014\"\n               data-title=\"SC(1130)\"\n               data-description=\"\"\n               data-image-slug=\"sc1130\"\n               class=\"shutterset_6bd4a67f62a7de13e8a03aec327a2ec6\">\n                <img\n                    title=\"SC(1130)\"\n                    alt=\"SC(1130)\"\n                    src=\"http:\/\/www.karate-neuhofen.at\/wp-content\/gallery\/9-sommercamp-2017\/thumbs\/thumbs_SC1130.JPG\"\n                    width=\"240\"\n                    height=\"160\"\n                    style=\"max-width:100%;\"\n                \/>\n            <\/a>\n        <\/div>\n\t\t\t\t\t\t\t<\/div> \n\t\t\t\n        \n\t\t\t\t<div id=\"ngg-image-130\" class=\"ngg-gallery-thumbnail-box\" >\n\t\t\t\t        <div class=\"ngg-gallery-thumbnail\">\n            <a href=\"http:\/\/www.karate-neuhofen.at\/wp-content\/gallery\/9-sommercamp-2017\/SC1131.JPG\"\n               title=\"\"\n               data-src=\"http:\/\/www.karate-neuhofen.at\/wp-content\/gallery\/9-sommercamp-2017\/SC1131.JPG\"\n               data-thumbnail=\"http:\/\/www.karate-neuhofen.at\/wp-content\/gallery\/9-sommercamp-2017\/thumbs\/thumbs_SC1131.JPG\"\n               data-image-id=\"16015\"\n               data-title=\"SC(1131)\"\n               data-description=\"\"\n               data-image-slug=\"sc1131\"\n               class=\"shutterset_6bd4a67f62a7de13e8a03aec327a2ec6\">\n                <img\n                    title=\"SC(1131)\"\n                    alt=\"SC(1131)\"\n                    src=\"http:\/\/www.karate-neuhofen.at\/wp-content\/gallery\/9-sommercamp-2017\/thumbs\/thumbs_SC1131.JPG\"\n                    width=\"240\"\n                    height=\"160\"\n                    style=\"max-width:100%;\"\n                \/>\n            <\/a>\n        <\/div>\n\t\t\t\t\t\t\t<\/div> \n\t\t\t\n        \n\t\t\t\t<div id=\"ngg-image-131\" class=\"ngg-gallery-thumbnail-box\" >\n\t\t\t\t        <div class=\"ngg-gallery-thumbnail\">\n            <a href=\"http:\/\/www.karate-neuhofen.at\/wp-content\/gallery\/9-sommercamp-2017\/SC1132.JPG\"\n               title=\"\"\n               data-src=\"http:\/\/www.karate-neuhofen.at\/wp-content\/gallery\/9-sommercamp-2017\/SC1132.JPG\"\n               data-thumbnail=\"http:\/\/www.karate-neuhofen.at\/wp-content\/gallery\/9-sommercamp-2017\/thumbs\/thumbs_SC1132.JPG\"\n               data-image-id=\"16016\"\n               data-title=\"SC(1132)\"\n               data-description=\"\"\n               data-image-slug=\"sc1132\"\n               class=\"shutterset_6bd4a67f62a7de13e8a03aec327a2ec6\">\n                <img\n                    title=\"SC(1132)\"\n                    alt=\"SC(1132)\"\n                    src=\"http:\/\/www.karate-neuhofen.at\/wp-content\/gallery\/9-sommercamp-2017\/thumbs\/thumbs_SC1132.JPG\"\n                    width=\"240\"\n                    height=\"160\"\n                    style=\"max-width:100%;\"\n                \/>\n            <\/a>\n        <\/div>\n\t\t\t\t\t\t\t<\/div> \n\t\t\t\n        \n\t\t\t\t<div id=\"ngg-image-132\" class=\"ngg-gallery-thumbnail-box\" >\n\t\t\t\t        <div class=\"ngg-gallery-thumbnail\">\n            <a href=\"http:\/\/www.karate-neuhofen.at\/wp-content\/gallery\/9-sommercamp-2017\/SC1133.JPG\"\n               title=\"\"\n               data-src=\"http:\/\/www.karate-neuhofen.at\/wp-content\/gallery\/9-sommercamp-2017\/SC1133.JPG\"\n               data-thumbnail=\"http:\/\/www.karate-neuhofen.at\/wp-content\/gallery\/9-sommercamp-2017\/thumbs\/thumbs_SC1133.JPG\"\n               data-image-id=\"16017\"\n               data-title=\"SC(1133)\"\n               data-description=\"\"\n               data-image-slug=\"sc1133\"\n               class=\"shutterset_6bd4a67f62a7de13e8a03aec327a2ec6\">\n                <img\n                    title=\"SC(1133)\"\n                    alt=\"SC(1133)\"\n                    src=\"http:\/\/www.karate-neuhofen.at\/wp-content\/gallery\/9-sommercamp-2017\/thumbs\/thumbs_SC1133.JPG\"\n                    width=\"240\"\n                    height=\"160\"\n                    style=\"max-width:100%;\"\n                \/>\n            <\/a>\n        <\/div>\n\t\t\t\t\t\t\t<\/div> \n\t\t\t\n        \n\t\t\t\t<div id=\"ngg-image-133\" class=\"ngg-gallery-thumbnail-box\" >\n\t\t\t\t        <div class=\"ngg-gallery-thumbnail\">\n            <a href=\"http:\/\/www.karate-neuhofen.at\/wp-content\/gallery\/9-sommercamp-2017\/SC1134.JPG\"\n               title=\"\"\n               data-src=\"http:\/\/www.karate-neuhofen.at\/wp-content\/gallery\/9-sommercamp-2017\/SC1134.JPG\"\n               data-thumbnail=\"http:\/\/www.karate-neuhofen.at\/wp-content\/gallery\/9-sommercamp-2017\/thumbs\/thumbs_SC1134.JPG\"\n               data-image-id=\"16018\"\n               data-title=\"SC(1134)\"\n               data-description=\"\"\n               data-image-slug=\"sc1134\"\n               class=\"shutterset_6bd4a67f62a7de13e8a03aec327a2ec6\">\n                <img\n                    title=\"SC(1134)\"\n                    alt=\"SC(1134)\"\n                    src=\"http:\/\/www.karate-neuhofen.at\/wp-content\/gallery\/9-sommercamp-2017\/thumbs\/thumbs_SC1134.JPG\"\n                    width=\"240\"\n                    height=\"160\"\n                    style=\"max-width:100%;\"\n                \/>\n            <\/a>\n        <\/div>\n\t\t\t\t\t\t\t<\/div> \n\t\t\t\n        \n\t\t\t\t<div id=\"ngg-image-134\" class=\"ngg-gallery-thumbnail-box\" >\n\t\t\t\t        <div class=\"ngg-gallery-thumbnail\">\n            <a href=\"http:\/\/www.karate-neuhofen.at\/wp-content\/gallery\/9-sommercamp-2017\/SC1135.JPG\"\n               title=\"\"\n               data-src=\"http:\/\/www.karate-neuhofen.at\/wp-content\/gallery\/9-sommercamp-2017\/SC1135.JPG\"\n               data-thumbnail=\"http:\/\/www.karate-neuhofen.at\/wp-content\/gallery\/9-sommercamp-2017\/thumbs\/thumbs_SC1135.JPG\"\n               data-image-id=\"16019\"\n               data-title=\"SC(1135)\"\n               data-description=\"\"\n               data-image-slug=\"sc1135\"\n               class=\"shutterset_6bd4a67f62a7de13e8a03aec327a2ec6\">\n                <img\n                    title=\"SC(1135)\"\n                    alt=\"SC(1135)\"\n                    src=\"http:\/\/www.karate-neuhofen.at\/wp-content\/gallery\/9-sommercamp-2017\/thumbs\/thumbs_SC1135.JPG\"\n                    width=\"240\"\n                    height=\"160\"\n                    style=\"max-width:100%;\"\n                \/>\n            <\/a>\n        <\/div>\n\t\t\t\t\t\t\t<\/div> \n\t\t\t\n        \n\t\t\t\t<div id=\"ngg-image-135\" class=\"ngg-gallery-thumbnail-box\" >\n\t\t\t\t        <div class=\"ngg-gallery-thumbnail\">\n            <a href=\"http:\/\/www.karate-neuhofen.at\/wp-content\/gallery\/9-sommercamp-2017\/SC1136.JPG\"\n               title=\"\"\n               data-src=\"http:\/\/www.karate-neuhofen.at\/wp-content\/gallery\/9-sommercamp-2017\/SC1136.JPG\"\n               data-thumbnail=\"http:\/\/www.karate-neuhofen.at\/wp-content\/gallery\/9-sommercamp-2017\/thumbs\/thumbs_SC1136.JPG\"\n               data-image-id=\"16020\"\n               data-title=\"SC(1136)\"\n               data-description=\"\"\n               data-image-slug=\"sc1136\"\n               class=\"shutterset_6bd4a67f62a7de13e8a03aec327a2ec6\">\n                <img\n                    title=\"SC(1136)\"\n                    alt=\"SC(1136)\"\n                    src=\"http:\/\/www.karate-neuhofen.at\/wp-content\/gallery\/9-sommercamp-2017\/thumbs\/thumbs_SC1136.JPG\"\n                    width=\"240\"\n                    height=\"160\"\n                    style=\"max-width:100%;\"\n                \/>\n            <\/a>\n        <\/div>\n\t\t\t\t\t\t\t<\/div> \n\t\t\t\n        \n\t\t\t\t<div id=\"ngg-image-136\" class=\"ngg-gallery-thumbnail-box\" >\n\t\t\t\t        <div class=\"ngg-gallery-thumbnail\">\n            <a href=\"http:\/\/www.karate-neuhofen.at\/wp-content\/gallery\/9-sommercamp-2017\/SC1137.JPG\"\n               title=\"\"\n               data-src=\"http:\/\/www.karate-neuhofen.at\/wp-content\/gallery\/9-sommercamp-2017\/SC1137.JPG\"\n               data-thumbnail=\"http:\/\/www.karate-neuhofen.at\/wp-content\/gallery\/9-sommercamp-2017\/thumbs\/thumbs_SC1137.JPG\"\n               data-image-id=\"16021\"\n               data-title=\"SC(1137)\"\n               data-description=\"\"\n               data-image-slug=\"sc1137\"\n               class=\"shutterset_6bd4a67f62a7de13e8a03aec327a2ec6\">\n                <img\n                    title=\"SC(1137)\"\n                    alt=\"SC(1137)\"\n                    src=\"http:\/\/www.karate-neuhofen.at\/wp-content\/gallery\/9-sommercamp-2017\/thumbs\/thumbs_SC1137.JPG\"\n                    width=\"240\"\n                    height=\"160\"\n                    style=\"max-width:100%;\"\n                \/>\n            <\/a>\n        <\/div>\n\t\t\t\t\t\t\t<\/div> \n\t\t\t\n        \n\t\t\t\t<div id=\"ngg-image-137\" class=\"ngg-gallery-thumbnail-box\" >\n\t\t\t\t        <div class=\"ngg-gallery-thumbnail\">\n            <a href=\"http:\/\/www.karate-neuhofen.at\/wp-content\/gallery\/9-sommercamp-2017\/SC1138.JPG\"\n               title=\"\"\n               data-src=\"http:\/\/www.karate-neuhofen.at\/wp-content\/gallery\/9-sommercamp-2017\/SC1138.JPG\"\n               data-thumbnail=\"http:\/\/www.karate-neuhofen.at\/wp-content\/gallery\/9-sommercamp-2017\/thumbs\/thumbs_SC1138.JPG\"\n               data-image-id=\"16022\"\n               data-title=\"SC(1138)\"\n               data-description=\"\"\n               data-image-slug=\"sc1138\"\n               class=\"shutterset_6bd4a67f62a7de13e8a03aec327a2ec6\">\n                <img\n                    title=\"SC(1138)\"\n                    alt=\"SC(1138)\"\n                    src=\"http:\/\/www.karate-neuhofen.at\/wp-content\/gallery\/9-sommercamp-2017\/thumbs\/thumbs_SC1138.JPG\"\n                    width=\"240\"\n                    height=\"160\"\n                    style=\"max-width:100%;\"\n                \/>\n            <\/a>\n        <\/div>\n\t\t\t\t\t\t\t<\/div> \n\t\t\t\n        \n\t\t\t\t<div id=\"ngg-image-138\" class=\"ngg-gallery-thumbnail-box\" >\n\t\t\t\t        <div class=\"ngg-gallery-thumbnail\">\n            <a href=\"http:\/\/www.karate-neuhofen.at\/wp-content\/gallery\/9-sommercamp-2017\/SC1139.JPG\"\n               title=\"\"\n               data-src=\"http:\/\/www.karate-neuhofen.at\/wp-content\/gallery\/9-sommercamp-2017\/SC1139.JPG\"\n               data-thumbnail=\"http:\/\/www.karate-neuhofen.at\/wp-content\/gallery\/9-sommercamp-2017\/thumbs\/thumbs_SC1139.JPG\"\n               data-image-id=\"16023\"\n               data-title=\"SC(1139)\"\n               data-description=\"\"\n               data-image-slug=\"sc1139\"\n               class=\"shutterset_6bd4a67f62a7de13e8a03aec327a2ec6\">\n                <img\n                    title=\"SC(1139)\"\n                    alt=\"SC(1139)\"\n                    src=\"http:\/\/www.karate-neuhofen.at\/wp-content\/gallery\/9-sommercamp-2017\/thumbs\/thumbs_SC1139.JPG\"\n                    width=\"240\"\n                    height=\"160\"\n                    style=\"max-width:100%;\"\n                \/>\n            <\/a>\n        <\/div>\n\t\t\t\t\t\t\t<\/div> \n\t\t\t\n        \n\t\t\t\t<div id=\"ngg-image-139\" class=\"ngg-gallery-thumbnail-box\" >\n\t\t\t\t        <div class=\"ngg-gallery-thumbnail\">\n            <a href=\"http:\/\/www.karate-neuhofen.at\/wp-content\/gallery\/9-sommercamp-2017\/SC1140.JPG\"\n               title=\"\"\n               data-src=\"http:\/\/www.karate-neuhofen.at\/wp-content\/gallery\/9-sommercamp-2017\/SC1140.JPG\"\n               data-thumbnail=\"http:\/\/www.karate-neuhofen.at\/wp-content\/gallery\/9-sommercamp-2017\/thumbs\/thumbs_SC1140.JPG\"\n               data-image-id=\"16024\"\n               data-title=\"SC(1140)\"\n               data-description=\"\"\n               data-image-slug=\"sc1140\"\n               class=\"shutterset_6bd4a67f62a7de13e8a03aec327a2ec6\">\n                <img\n                    title=\"SC(1140)\"\n                    alt=\"SC(1140)\"\n                    src=\"http:\/\/www.karate-neuhofen.at\/wp-content\/gallery\/9-sommercamp-2017\/thumbs\/thumbs_SC1140.JPG\"\n                    width=\"240\"\n                    height=\"160\"\n                    style=\"max-width:100%;\"\n                \/>\n            <\/a>\n        <\/div>\n\t\t\t\t\t\t\t<\/div> \n\t\t\t\n        \n\t\t\t\t<div id=\"ngg-image-140\" class=\"ngg-gallery-thumbnail-box\" >\n\t\t\t\t        <div class=\"ngg-gallery-thumbnail\">\n            <a href=\"http:\/\/www.karate-neuhofen.at\/wp-content\/gallery\/9-sommercamp-2017\/SC1141.JPG\"\n               title=\"\"\n               data-src=\"http:\/\/www.karate-neuhofen.at\/wp-content\/gallery\/9-sommercamp-2017\/SC1141.JPG\"\n               data-thumbnail=\"http:\/\/www.karate-neuhofen.at\/wp-content\/gallery\/9-sommercamp-2017\/thumbs\/thumbs_SC1141.JPG\"\n               data-image-id=\"16025\"\n               data-title=\"SC(1141)\"\n               data-description=\"\"\n               data-image-slug=\"sc1141\"\n               class=\"shutterset_6bd4a67f62a7de13e8a03aec327a2ec6\">\n                <img\n                    title=\"SC(1141)\"\n                    alt=\"SC(1141)\"\n                    src=\"http:\/\/www.karate-neuhofen.at\/wp-content\/gallery\/9-sommercamp-2017\/thumbs\/thumbs_SC1141.JPG\"\n                    width=\"240\"\n                    height=\"160\"\n                    style=\"max-width:100%;\"\n                \/>\n            <\/a>\n        <\/div>\n\t\t\t\t\t\t\t<\/div> \n\t\t\t\n        \n\t\t\t\t<div id=\"ngg-image-141\" class=\"ngg-gallery-thumbnail-box\" >\n\t\t\t\t        <div class=\"ngg-gallery-thumbnail\">\n            <a href=\"http:\/\/www.karate-neuhofen.at\/wp-content\/gallery\/9-sommercamp-2017\/SC1142.JPG\"\n               title=\"\"\n               data-src=\"http:\/\/www.karate-neuhofen.at\/wp-content\/gallery\/9-sommercamp-2017\/SC1142.JPG\"\n               data-thumbnail=\"http:\/\/www.karate-neuhofen.at\/wp-content\/gallery\/9-sommercamp-2017\/thumbs\/thumbs_SC1142.JPG\"\n               data-image-id=\"16026\"\n               data-title=\"SC(1142)\"\n               data-description=\"\"\n               data-image-slug=\"sc1142\"\n               class=\"shutterset_6bd4a67f62a7de13e8a03aec327a2ec6\">\n                <img\n                    title=\"SC(1142)\"\n                    alt=\"SC(1142)\"\n                    src=\"http:\/\/www.karate-neuhofen.at\/wp-content\/gallery\/9-sommercamp-2017\/thumbs\/thumbs_SC1142.JPG\"\n                    width=\"240\"\n                    height=\"160\"\n                    style=\"max-width:100%;\"\n                \/>\n            <\/a>\n        <\/div>\n\t\t\t\t\t\t\t<\/div> \n\t\t\t\n        \n\t\t\t\t<div id=\"ngg-image-142\" class=\"ngg-gallery-thumbnail-box\" >\n\t\t\t\t        <div class=\"ngg-gallery-thumbnail\">\n            <a href=\"http:\/\/www.karate-neuhofen.at\/wp-content\/gallery\/9-sommercamp-2017\/SC1143.JPG\"\n               title=\"\"\n               data-src=\"http:\/\/www.karate-neuhofen.at\/wp-content\/gallery\/9-sommercamp-2017\/SC1143.JPG\"\n               data-thumbnail=\"http:\/\/www.karate-neuhofen.at\/wp-content\/gallery\/9-sommercamp-2017\/thumbs\/thumbs_SC1143.JPG\"\n               data-image-id=\"16027\"\n               data-title=\"SC(1143)\"\n               data-description=\"\"\n               data-image-slug=\"sc1143\"\n               class=\"shutterset_6bd4a67f62a7de13e8a03aec327a2ec6\">\n                <img\n                    title=\"SC(1143)\"\n                    alt=\"SC(1143)\"\n                    src=\"http:\/\/www.karate-neuhofen.at\/wp-content\/gallery\/9-sommercamp-2017\/thumbs\/thumbs_SC1143.JPG\"\n                    width=\"240\"\n                    height=\"160\"\n                    style=\"max-width:100%;\"\n                \/>\n            <\/a>\n        <\/div>\n\t\t\t\t\t\t\t<\/div> \n\t\t\t\n        \n\t\t\t\t<div id=\"ngg-image-143\" class=\"ngg-gallery-thumbnail-box\" >\n\t\t\t\t        <div class=\"ngg-gallery-thumbnail\">\n            <a href=\"http:\/\/www.karate-neuhofen.at\/wp-content\/gallery\/9-sommercamp-2017\/SC1144.JPG\"\n               title=\"\"\n               data-src=\"http:\/\/www.karate-neuhofen.at\/wp-content\/gallery\/9-sommercamp-2017\/SC1144.JPG\"\n               data-thumbnail=\"http:\/\/www.karate-neuhofen.at\/wp-content\/gallery\/9-sommercamp-2017\/thumbs\/thumbs_SC1144.JPG\"\n               data-image-id=\"16028\"\n               data-title=\"SC(1144)\"\n               data-description=\"\"\n               data-image-slug=\"sc1144\"\n               class=\"shutterset_6bd4a67f62a7de13e8a03aec327a2ec6\">\n                <img\n                    title=\"SC(1144)\"\n                    alt=\"SC(1144)\"\n                    src=\"http:\/\/www.karate-neuhofen.at\/wp-content\/gallery\/9-sommercamp-2017\/thumbs\/thumbs_SC1144.JPG\"\n                    width=\"240\"\n                    height=\"160\"\n                    style=\"max-width:100%;\"\n                \/>\n            <\/a>\n        <\/div>\n\t\t\t\t\t\t\t<\/div> \n\t\t\t\n        \n\t\t\t\t<div id=\"ngg-image-144\" class=\"ngg-gallery-thumbnail-box\" >\n\t\t\t\t        <div class=\"ngg-gallery-thumbnail\">\n            <a href=\"http:\/\/www.karate-neuhofen.at\/wp-content\/gallery\/9-sommercamp-2017\/SC1145.JPG\"\n               title=\"\"\n               data-src=\"http:\/\/www.karate-neuhofen.at\/wp-content\/gallery\/9-sommercamp-2017\/SC1145.JPG\"\n               data-thumbnail=\"http:\/\/www.karate-neuhofen.at\/wp-content\/gallery\/9-sommercamp-2017\/thumbs\/thumbs_SC1145.JPG\"\n               data-image-id=\"16029\"\n               data-title=\"SC(1145)\"\n               data-description=\"\"\n               data-image-slug=\"sc1145\"\n               class=\"shutterset_6bd4a67f62a7de13e8a03aec327a2ec6\">\n                <img\n                    title=\"SC(1145)\"\n                    alt=\"SC(1145)\"\n                    src=\"http:\/\/www.karate-neuhofen.at\/wp-content\/gallery\/9-sommercamp-2017\/thumbs\/thumbs_SC1145.JPG\"\n                    width=\"240\"\n                    height=\"160\"\n                    style=\"max-width:100%;\"\n                \/>\n            <\/a>\n        <\/div>\n\t\t\t\t\t\t\t<\/div> \n\t\t\t\n        \n\t\t\t\t<div id=\"ngg-image-145\" class=\"ngg-gallery-thumbnail-box\" >\n\t\t\t\t        <div class=\"ngg-gallery-thumbnail\">\n            <a href=\"http:\/\/www.karate-neuhofen.at\/wp-content\/gallery\/9-sommercamp-2017\/SC1146.JPG\"\n               title=\"\"\n               data-src=\"http:\/\/www.karate-neuhofen.at\/wp-content\/gallery\/9-sommercamp-2017\/SC1146.JPG\"\n               data-thumbnail=\"http:\/\/www.karate-neuhofen.at\/wp-content\/gallery\/9-sommercamp-2017\/thumbs\/thumbs_SC1146.JPG\"\n               data-image-id=\"16030\"\n               data-title=\"SC(1146)\"\n               data-description=\"\"\n               data-image-slug=\"sc1146\"\n               class=\"shutterset_6bd4a67f62a7de13e8a03aec327a2ec6\">\n                <img\n                    title=\"SC(1146)\"\n                    alt=\"SC(1146)\"\n                    src=\"http:\/\/www.karate-neuhofen.at\/wp-content\/gallery\/9-sommercamp-2017\/thumbs\/thumbs_SC1146.JPG\"\n                    width=\"240\"\n                    height=\"160\"\n                    style=\"max-width:100%;\"\n                \/>\n            <\/a>\n        <\/div>\n\t\t\t\t\t\t\t<\/div> \n\t\t\t\n        \n\t\t\t\t<div id=\"ngg-image-146\" class=\"ngg-gallery-thumbnail-box\" >\n\t\t\t\t        <div class=\"ngg-gallery-thumbnail\">\n            <a href=\"http:\/\/www.karate-neuhofen.at\/wp-content\/gallery\/9-sommercamp-2017\/SC1147.JPG\"\n               title=\"\"\n               data-src=\"http:\/\/www.karate-neuhofen.at\/wp-content\/gallery\/9-sommercamp-2017\/SC1147.JPG\"\n               data-thumbnail=\"http:\/\/www.karate-neuhofen.at\/wp-content\/gallery\/9-sommercamp-2017\/thumbs\/thumbs_SC1147.JPG\"\n               data-image-id=\"16031\"\n               data-title=\"SC(1147)\"\n               data-description=\"\"\n               data-image-slug=\"sc1147\"\n               class=\"shutterset_6bd4a67f62a7de13e8a03aec327a2ec6\">\n                <img\n                    title=\"SC(1147)\"\n                    alt=\"SC(1147)\"\n                    src=\"http:\/\/www.karate-neuhofen.at\/wp-content\/gallery\/9-sommercamp-2017\/thumbs\/thumbs_SC1147.JPG\"\n                    width=\"240\"\n                    height=\"160\"\n                    style=\"max-width:100%;\"\n                \/>\n            <\/a>\n        <\/div>\n\t\t\t\t\t\t\t<\/div> \n\t\t\t\n        \n\t\t\t\t<div id=\"ngg-image-147\" class=\"ngg-gallery-thumbnail-box\" >\n\t\t\t\t        <div class=\"ngg-gallery-thumbnail\">\n            <a href=\"http:\/\/www.karate-neuhofen.at\/wp-content\/gallery\/9-sommercamp-2017\/SC1148.JPG\"\n               title=\"\"\n               data-src=\"http:\/\/www.karate-neuhofen.at\/wp-content\/gallery\/9-sommercamp-2017\/SC1148.JPG\"\n               data-thumbnail=\"http:\/\/www.karate-neuhofen.at\/wp-content\/gallery\/9-sommercamp-2017\/thumbs\/thumbs_SC1148.JPG\"\n               data-image-id=\"16032\"\n               data-title=\"SC(1148)\"\n               data-description=\"\"\n               data-image-slug=\"sc1148\"\n               class=\"shutterset_6bd4a67f62a7de13e8a03aec327a2ec6\">\n                <img\n                    title=\"SC(1148)\"\n                    alt=\"SC(1148)\"\n                    src=\"http:\/\/www.karate-neuhofen.at\/wp-content\/gallery\/9-sommercamp-2017\/thumbs\/thumbs_SC1148.JPG\"\n                    width=\"240\"\n                    height=\"160\"\n                    style=\"max-width:100%;\"\n                \/>\n            <\/a>\n        <\/div>\n\t\t\t\t\t\t\t<\/div> \n\t\t\t\n        \n\t\t\t\t<div id=\"ngg-image-148\" class=\"ngg-gallery-thumbnail-box\" >\n\t\t\t\t        <div class=\"ngg-gallery-thumbnail\">\n            <a href=\"http:\/\/www.karate-neuhofen.at\/wp-content\/gallery\/9-sommercamp-2017\/SC1149.JPG\"\n               title=\"\"\n               data-src=\"http:\/\/www.karate-neuhofen.at\/wp-content\/gallery\/9-sommercamp-2017\/SC1149.JPG\"\n               data-thumbnail=\"http:\/\/www.karate-neuhofen.at\/wp-content\/gallery\/9-sommercamp-2017\/thumbs\/thumbs_SC1149.JPG\"\n               data-image-id=\"16033\"\n               data-title=\"SC(1149)\"\n               data-description=\"\"\n               data-image-slug=\"sc1149\"\n               class=\"shutterset_6bd4a67f62a7de13e8a03aec327a2ec6\">\n                <img\n                    title=\"SC(1149)\"\n                    alt=\"SC(1149)\"\n                    src=\"http:\/\/www.karate-neuhofen.at\/wp-content\/gallery\/9-sommercamp-2017\/thumbs\/thumbs_SC1149.JPG\"\n                    width=\"240\"\n                    height=\"160\"\n                    style=\"max-width:100%;\"\n                \/>\n            <\/a>\n        <\/div>\n\t\t\t\t\t\t\t<\/div> \n\t\t\t\n        \n\t\t\t\t<div id=\"ngg-image-149\" class=\"ngg-gallery-thumbnail-box\" >\n\t\t\t\t        <div class=\"ngg-gallery-thumbnail\">\n            <a href=\"http:\/\/www.karate-neuhofen.at\/wp-content\/gallery\/9-sommercamp-2017\/SC1150.JPG\"\n               title=\"\"\n               data-src=\"http:\/\/www.karate-neuhofen.at\/wp-content\/gallery\/9-sommercamp-2017\/SC1150.JPG\"\n               data-thumbnail=\"http:\/\/www.karate-neuhofen.at\/wp-content\/gallery\/9-sommercamp-2017\/thumbs\/thumbs_SC1150.JPG\"\n               data-image-id=\"16034\"\n               data-title=\"SC(1150)\"\n               data-description=\"\"\n               data-image-slug=\"sc1150\"\n               class=\"shutterset_6bd4a67f62a7de13e8a03aec327a2ec6\">\n                <img\n                    title=\"SC(1150)\"\n                    alt=\"SC(1150)\"\n                    src=\"http:\/\/www.karate-neuhofen.at\/wp-content\/gallery\/9-sommercamp-2017\/thumbs\/thumbs_SC1150.JPG\"\n                    width=\"240\"\n                    height=\"160\"\n                    style=\"max-width:100%;\"\n                \/>\n            <\/a>\n        <\/div>\n\t\t\t\t\t\t\t<\/div> \n\t\t\t\n        \n\t\t\t\t<div id=\"ngg-image-150\" class=\"ngg-gallery-thumbnail-box\" >\n\t\t\t\t        <div class=\"ngg-gallery-thumbnail\">\n            <a href=\"http:\/\/www.karate-neuhofen.at\/wp-content\/gallery\/9-sommercamp-2017\/SC1151.JPG\"\n               title=\"\"\n               data-src=\"http:\/\/www.karate-neuhofen.at\/wp-content\/gallery\/9-sommercamp-2017\/SC1151.JPG\"\n               data-thumbnail=\"http:\/\/www.karate-neuhofen.at\/wp-content\/gallery\/9-sommercamp-2017\/thumbs\/thumbs_SC1151.JPG\"\n               data-image-id=\"16035\"\n               data-title=\"SC(1151)\"\n               data-description=\"\"\n               data-image-slug=\"sc1151\"\n               class=\"shutterset_6bd4a67f62a7de13e8a03aec327a2ec6\">\n                <img\n                    title=\"SC(1151)\"\n                    alt=\"SC(1151)\"\n                    src=\"http:\/\/www.karate-neuhofen.at\/wp-content\/gallery\/9-sommercamp-2017\/thumbs\/thumbs_SC1151.JPG\"\n                    width=\"240\"\n                    height=\"160\"\n                    style=\"max-width:100%;\"\n                \/>\n            <\/a>\n        <\/div>\n\t\t\t\t\t\t\t<\/div> \n\t\t\t\n        \n\t\t\t\t<div id=\"ngg-image-151\" class=\"ngg-gallery-thumbnail-box\" >\n\t\t\t\t        <div class=\"ngg-gallery-thumbnail\">\n            <a href=\"http:\/\/www.karate-neuhofen.at\/wp-content\/gallery\/9-sommercamp-2017\/SC1152.JPG\"\n               title=\"\"\n               data-src=\"http:\/\/www.karate-neuhofen.at\/wp-content\/gallery\/9-sommercamp-2017\/SC1152.JPG\"\n               data-thumbnail=\"http:\/\/www.karate-neuhofen.at\/wp-content\/gallery\/9-sommercamp-2017\/thumbs\/thumbs_SC1152.JPG\"\n               data-image-id=\"16036\"\n               data-title=\"SC(1152)\"\n               data-description=\"\"\n               data-image-slug=\"sc1152\"\n               class=\"shutterset_6bd4a67f62a7de13e8a03aec327a2ec6\">\n                <img\n                    title=\"SC(1152)\"\n                    alt=\"SC(1152)\"\n                    src=\"http:\/\/www.karate-neuhofen.at\/wp-content\/gallery\/9-sommercamp-2017\/thumbs\/thumbs_SC1152.JPG\"\n                    width=\"240\"\n                    height=\"160\"\n                    style=\"max-width:100%;\"\n                \/>\n            <\/a>\n        <\/div>\n\t\t\t\t\t\t\t<\/div> \n\t\t\t\n        \n\t\t\t\t<div id=\"ngg-image-152\" class=\"ngg-gallery-thumbnail-box\" >\n\t\t\t\t        <div class=\"ngg-gallery-thumbnail\">\n            <a href=\"http:\/\/www.karate-neuhofen.at\/wp-content\/gallery\/9-sommercamp-2017\/SC1153.JPG\"\n               title=\"\"\n               data-src=\"http:\/\/www.karate-neuhofen.at\/wp-content\/gallery\/9-sommercamp-2017\/SC1153.JPG\"\n               data-thumbnail=\"http:\/\/www.karate-neuhofen.at\/wp-content\/gallery\/9-sommercamp-2017\/thumbs\/thumbs_SC1153.JPG\"\n               data-image-id=\"16037\"\n               data-title=\"SC(1153)\"\n               data-description=\"\"\n               data-image-slug=\"sc1153\"\n               class=\"shutterset_6bd4a67f62a7de13e8a03aec327a2ec6\">\n                <img\n                    title=\"SC(1153)\"\n                    alt=\"SC(1153)\"\n                    src=\"http:\/\/www.karate-neuhofen.at\/wp-content\/gallery\/9-sommercamp-2017\/thumbs\/thumbs_SC1153.JPG\"\n                    width=\"240\"\n                    height=\"160\"\n                    style=\"max-width:100%;\"\n                \/>\n            <\/a>\n        <\/div>\n\t\t\t\t\t\t\t<\/div> \n\t\t\t\n        \n\t\t\t\t<div id=\"ngg-image-153\" class=\"ngg-gallery-thumbnail-box\" >\n\t\t\t\t        <div class=\"ngg-gallery-thumbnail\">\n            <a href=\"http:\/\/www.karate-neuhofen.at\/wp-content\/gallery\/9-sommercamp-2017\/SC1154.JPG\"\n               title=\"\"\n               data-src=\"http:\/\/www.karate-neuhofen.at\/wp-content\/gallery\/9-sommercamp-2017\/SC1154.JPG\"\n               data-thumbnail=\"http:\/\/www.karate-neuhofen.at\/wp-content\/gallery\/9-sommercamp-2017\/thumbs\/thumbs_SC1154.JPG\"\n               data-image-id=\"16038\"\n               data-title=\"SC(1154)\"\n               data-description=\"\"\n               data-image-slug=\"sc1154\"\n               class=\"shutterset_6bd4a67f62a7de13e8a03aec327a2ec6\">\n                <img\n                    title=\"SC(1154)\"\n                    alt=\"SC(1154)\"\n                    src=\"http:\/\/www.karate-neuhofen.at\/wp-content\/gallery\/9-sommercamp-2017\/thumbs\/thumbs_SC1154.JPG\"\n                    width=\"240\"\n                    height=\"160\"\n                    style=\"max-width:100%;\"\n                \/>\n            <\/a>\n        <\/div>\n\t\t\t\t\t\t\t<\/div> \n\t\t\t\n        \n\t\t\t\t<div id=\"ngg-image-154\" class=\"ngg-gallery-thumbnail-box\" >\n\t\t\t\t        <div class=\"ngg-gallery-thumbnail\">\n            <a href=\"http:\/\/www.karate-neuhofen.at\/wp-content\/gallery\/9-sommercamp-2017\/SC1155.JPG\"\n               title=\"\"\n               data-src=\"http:\/\/www.karate-neuhofen.at\/wp-content\/gallery\/9-sommercamp-2017\/SC1155.JPG\"\n               data-thumbnail=\"http:\/\/www.karate-neuhofen.at\/wp-content\/gallery\/9-sommercamp-2017\/thumbs\/thumbs_SC1155.JPG\"\n               data-image-id=\"16039\"\n               data-title=\"SC(1155)\"\n               data-description=\"\"\n               data-image-slug=\"sc1155\"\n               class=\"shutterset_6bd4a67f62a7de13e8a03aec327a2ec6\">\n                <img\n                    title=\"SC(1155)\"\n                    alt=\"SC(1155)\"\n                    src=\"http:\/\/www.karate-neuhofen.at\/wp-content\/gallery\/9-sommercamp-2017\/thumbs\/thumbs_SC1155.JPG\"\n                    width=\"240\"\n                    height=\"160\"\n                    style=\"max-width:100%;\"\n                \/>\n            <\/a>\n        <\/div>\n\t\t\t\t\t\t\t<\/div> \n\t\t\t\n        \n\t\t\t\t<div id=\"ngg-image-155\" class=\"ngg-gallery-thumbnail-box\" >\n\t\t\t\t        <div class=\"ngg-gallery-thumbnail\">\n            <a href=\"http:\/\/www.karate-neuhofen.at\/wp-content\/gallery\/9-sommercamp-2017\/SC1156.JPG\"\n               title=\"\"\n               data-src=\"http:\/\/www.karate-neuhofen.at\/wp-content\/gallery\/9-sommercamp-2017\/SC1156.JPG\"\n               data-thumbnail=\"http:\/\/www.karate-neuhofen.at\/wp-content\/gallery\/9-sommercamp-2017\/thumbs\/thumbs_SC1156.JPG\"\n               data-image-id=\"16040\"\n               data-title=\"SC(1156)\"\n               data-description=\"\"\n               data-image-slug=\"sc1156\"\n               class=\"shutterset_6bd4a67f62a7de13e8a03aec327a2ec6\">\n                <img\n                    title=\"SC(1156)\"\n                    alt=\"SC(1156)\"\n                    src=\"http:\/\/www.karate-neuhofen.at\/wp-content\/gallery\/9-sommercamp-2017\/thumbs\/thumbs_SC1156.JPG\"\n                    width=\"240\"\n                    height=\"160\"\n                    style=\"max-width:100%;\"\n                \/>\n            <\/a>\n        <\/div>\n\t\t\t\t\t\t\t<\/div> \n\t\t\t\n        \n\t\t\t\t<div id=\"ngg-image-156\" class=\"ngg-gallery-thumbnail-box\" >\n\t\t\t\t        <div class=\"ngg-gallery-thumbnail\">\n            <a href=\"http:\/\/www.karate-neuhofen.at\/wp-content\/gallery\/9-sommercamp-2017\/SC1157.JPG\"\n               title=\"\"\n               data-src=\"http:\/\/www.karate-neuhofen.at\/wp-content\/gallery\/9-sommercamp-2017\/SC1157.JPG\"\n               data-thumbnail=\"http:\/\/www.karate-neuhofen.at\/wp-content\/gallery\/9-sommercamp-2017\/thumbs\/thumbs_SC1157.JPG\"\n               data-image-id=\"16041\"\n               data-title=\"SC(1157)\"\n               data-description=\"\"\n               data-image-slug=\"sc1157\"\n               class=\"shutterset_6bd4a67f62a7de13e8a03aec327a2ec6\">\n                <img\n                    title=\"SC(1157)\"\n                    alt=\"SC(1157)\"\n                    src=\"http:\/\/www.karate-neuhofen.at\/wp-content\/gallery\/9-sommercamp-2017\/thumbs\/thumbs_SC1157.JPG\"\n                    width=\"240\"\n                    height=\"160\"\n                    style=\"max-width:100%;\"\n                \/>\n            <\/a>\n        <\/div>\n\t\t\t\t\t\t\t<\/div> \n\t\t\t\n        \n\t\t\t\t<div id=\"ngg-image-157\" class=\"ngg-gallery-thumbnail-box\" >\n\t\t\t\t        <div class=\"ngg-gallery-thumbnail\">\n            <a href=\"http:\/\/www.karate-neuhofen.at\/wp-content\/gallery\/9-sommercamp-2017\/SC1158.JPG\"\n               title=\"\"\n               data-src=\"http:\/\/www.karate-neuhofen.at\/wp-content\/gallery\/9-sommercamp-2017\/SC1158.JPG\"\n               data-thumbnail=\"http:\/\/www.karate-neuhofen.at\/wp-content\/gallery\/9-sommercamp-2017\/thumbs\/thumbs_SC1158.JPG\"\n               data-image-id=\"16042\"\n               data-title=\"SC(1158)\"\n               data-description=\"\"\n               data-image-slug=\"sc1158\"\n               class=\"shutterset_6bd4a67f62a7de13e8a03aec327a2ec6\">\n                <img\n                    title=\"SC(1158)\"\n                    alt=\"SC(1158)\"\n                    src=\"http:\/\/www.karate-neuhofen.at\/wp-content\/gallery\/9-sommercamp-2017\/thumbs\/thumbs_SC1158.JPG\"\n                    width=\"240\"\n                    height=\"160\"\n                    style=\"max-width:100%;\"\n                \/>\n            <\/a>\n        <\/div>\n\t\t\t\t\t\t\t<\/div> \n\t\t\t\n        \n\t\t\t\t<div id=\"ngg-image-158\" class=\"ngg-gallery-thumbnail-box\" >\n\t\t\t\t        <div class=\"ngg-gallery-thumbnail\">\n            <a href=\"http:\/\/www.karate-neuhofen.at\/wp-content\/gallery\/9-sommercamp-2017\/SC1159.JPG\"\n               title=\"\"\n               data-src=\"http:\/\/www.karate-neuhofen.at\/wp-content\/gallery\/9-sommercamp-2017\/SC1159.JPG\"\n               data-thumbnail=\"http:\/\/www.karate-neuhofen.at\/wp-content\/gallery\/9-sommercamp-2017\/thumbs\/thumbs_SC1159.JPG\"\n               data-image-id=\"16043\"\n               data-title=\"SC(1159)\"\n               data-description=\"\"\n               data-image-slug=\"sc1159\"\n               class=\"shutterset_6bd4a67f62a7de13e8a03aec327a2ec6\">\n                <img\n                    title=\"SC(1159)\"\n                    alt=\"SC(1159)\"\n                    src=\"http:\/\/www.karate-neuhofen.at\/wp-content\/gallery\/9-sommercamp-2017\/thumbs\/thumbs_SC1159.JPG\"\n                    width=\"240\"\n                    height=\"160\"\n                    style=\"max-width:100%;\"\n                \/>\n            <\/a>\n        <\/div>\n\t\t\t\t\t\t\t<\/div> \n\t\t\t\n        \n\t\t\t\t<div id=\"ngg-image-159\" class=\"ngg-gallery-thumbnail-box\" >\n\t\t\t\t        <div class=\"ngg-gallery-thumbnail\">\n            <a href=\"http:\/\/www.karate-neuhofen.at\/wp-content\/gallery\/9-sommercamp-2017\/SC1160.JPG\"\n               title=\"\"\n               data-src=\"http:\/\/www.karate-neuhofen.at\/wp-content\/gallery\/9-sommercamp-2017\/SC1160.JPG\"\n               data-thumbnail=\"http:\/\/www.karate-neuhofen.at\/wp-content\/gallery\/9-sommercamp-2017\/thumbs\/thumbs_SC1160.JPG\"\n               data-image-id=\"16044\"\n               data-title=\"SC(1160)\"\n               data-description=\"\"\n               data-image-slug=\"sc1160\"\n               class=\"shutterset_6bd4a67f62a7de13e8a03aec327a2ec6\">\n                <img\n                    title=\"SC(1160)\"\n                    alt=\"SC(1160)\"\n                    src=\"http:\/\/www.karate-neuhofen.at\/wp-content\/gallery\/9-sommercamp-2017\/thumbs\/thumbs_SC1160.JPG\"\n                    width=\"240\"\n                    height=\"160\"\n                    style=\"max-width:100%;\"\n                \/>\n            <\/a>\n        <\/div>\n\t\t\t\t\t\t\t<\/div> \n\t\t\t\n        \n\t\t\t\t<div id=\"ngg-image-160\" class=\"ngg-gallery-thumbnail-box\" >\n\t\t\t\t        <div class=\"ngg-gallery-thumbnail\">\n            <a href=\"http:\/\/www.karate-neuhofen.at\/wp-content\/gallery\/9-sommercamp-2017\/SC1161.JPG\"\n               title=\"\"\n               data-src=\"http:\/\/www.karate-neuhofen.at\/wp-content\/gallery\/9-sommercamp-2017\/SC1161.JPG\"\n               data-thumbnail=\"http:\/\/www.karate-neuhofen.at\/wp-content\/gallery\/9-sommercamp-2017\/thumbs\/thumbs_SC1161.JPG\"\n               data-image-id=\"16045\"\n               data-title=\"SC(1161)\"\n               data-description=\"\"\n               data-image-slug=\"sc1161\"\n               class=\"shutterset_6bd4a67f62a7de13e8a03aec327a2ec6\">\n                <img\n                    title=\"SC(1161)\"\n                    alt=\"SC(1161)\"\n                    src=\"http:\/\/www.karate-neuhofen.at\/wp-content\/gallery\/9-sommercamp-2017\/thumbs\/thumbs_SC1161.JPG\"\n                    width=\"240\"\n                    height=\"160\"\n                    style=\"max-width:100%;\"\n                \/>\n            <\/a>\n        <\/div>\n\t\t\t\t\t\t\t<\/div> \n\t\t\t\n        \n\t\t\t\t<div id=\"ngg-image-161\" class=\"ngg-gallery-thumbnail-box\" >\n\t\t\t\t        <div class=\"ngg-gallery-thumbnail\">\n            <a href=\"http:\/\/www.karate-neuhofen.at\/wp-content\/gallery\/9-sommercamp-2017\/SC1162.JPG\"\n               title=\"\"\n               data-src=\"http:\/\/www.karate-neuhofen.at\/wp-content\/gallery\/9-sommercamp-2017\/SC1162.JPG\"\n               data-thumbnail=\"http:\/\/www.karate-neuhofen.at\/wp-content\/gallery\/9-sommercamp-2017\/thumbs\/thumbs_SC1162.JPG\"\n               data-image-id=\"16046\"\n               data-title=\"SC(1162)\"\n               data-description=\"\"\n               data-image-slug=\"sc1162\"\n               class=\"shutterset_6bd4a67f62a7de13e8a03aec327a2ec6\">\n                <img\n                    title=\"SC(1162)\"\n                    alt=\"SC(1162)\"\n                    src=\"http:\/\/www.karate-neuhofen.at\/wp-content\/gallery\/9-sommercamp-2017\/thumbs\/thumbs_SC1162.JPG\"\n                    width=\"240\"\n                    height=\"160\"\n                    style=\"max-width:100%;\"\n                \/>\n            <\/a>\n        <\/div>\n\t\t\t\t\t\t\t<\/div> \n\t\t\t\n        \n\t\t\t\t<div id=\"ngg-image-162\" class=\"ngg-gallery-thumbnail-box\" >\n\t\t\t\t        <div class=\"ngg-gallery-thumbnail\">\n            <a href=\"http:\/\/www.karate-neuhofen.at\/wp-content\/gallery\/9-sommercamp-2017\/SC1163.JPG\"\n               title=\"\"\n               data-src=\"http:\/\/www.karate-neuhofen.at\/wp-content\/gallery\/9-sommercamp-2017\/SC1163.JPG\"\n               data-thumbnail=\"http:\/\/www.karate-neuhofen.at\/wp-content\/gallery\/9-sommercamp-2017\/thumbs\/thumbs_SC1163.JPG\"\n               data-image-id=\"16047\"\n               data-title=\"SC(1163)\"\n               data-description=\"\"\n               data-image-slug=\"sc1163\"\n               class=\"shutterset_6bd4a67f62a7de13e8a03aec327a2ec6\">\n                <img\n                    title=\"SC(1163)\"\n                    alt=\"SC(1163)\"\n                    src=\"http:\/\/www.karate-neuhofen.at\/wp-content\/gallery\/9-sommercamp-2017\/thumbs\/thumbs_SC1163.JPG\"\n                    width=\"240\"\n                    height=\"160\"\n                    style=\"max-width:100%;\"\n                \/>\n            <\/a>\n        <\/div>\n\t\t\t\t\t\t\t<\/div> \n\t\t\t\n        \n\t\t\t\t<div id=\"ngg-image-163\" class=\"ngg-gallery-thumbnail-box\" >\n\t\t\t\t        <div class=\"ngg-gallery-thumbnail\">\n            <a href=\"http:\/\/www.karate-neuhofen.at\/wp-content\/gallery\/9-sommercamp-2017\/SC1164.JPG\"\n               title=\"\"\n               data-src=\"http:\/\/www.karate-neuhofen.at\/wp-content\/gallery\/9-sommercamp-2017\/SC1164.JPG\"\n               data-thumbnail=\"http:\/\/www.karate-neuhofen.at\/wp-content\/gallery\/9-sommercamp-2017\/thumbs\/thumbs_SC1164.JPG\"\n               data-image-id=\"16048\"\n               data-title=\"SC(1164)\"\n               data-description=\"\"\n               data-image-slug=\"sc1164\"\n               class=\"shutterset_6bd4a67f62a7de13e8a03aec327a2ec6\">\n                <img\n                    title=\"SC(1164)\"\n                    alt=\"SC(1164)\"\n                    src=\"http:\/\/www.karate-neuhofen.at\/wp-content\/gallery\/9-sommercamp-2017\/thumbs\/thumbs_SC1164.JPG\"\n                    width=\"240\"\n                    height=\"160\"\n                    style=\"max-width:100%;\"\n                \/>\n            <\/a>\n        <\/div>\n\t\t\t\t\t\t\t<\/div> \n\t\t\t\n        \n\t\t\t\t<div id=\"ngg-image-164\" class=\"ngg-gallery-thumbnail-box\" >\n\t\t\t\t        <div class=\"ngg-gallery-thumbnail\">\n            <a href=\"http:\/\/www.karate-neuhofen.at\/wp-content\/gallery\/9-sommercamp-2017\/SC1165.JPG\"\n               title=\"\"\n               data-src=\"http:\/\/www.karate-neuhofen.at\/wp-content\/gallery\/9-sommercamp-2017\/SC1165.JPG\"\n               data-thumbnail=\"http:\/\/www.karate-neuhofen.at\/wp-content\/gallery\/9-sommercamp-2017\/thumbs\/thumbs_SC1165.JPG\"\n               data-image-id=\"16049\"\n               data-title=\"SC(1165)\"\n               data-description=\"\"\n               data-image-slug=\"sc1165\"\n               class=\"shutterset_6bd4a67f62a7de13e8a03aec327a2ec6\">\n                <img\n                    title=\"SC(1165)\"\n                    alt=\"SC(1165)\"\n                    src=\"http:\/\/www.karate-neuhofen.at\/wp-content\/gallery\/9-sommercamp-2017\/thumbs\/thumbs_SC1165.JPG\"\n                    width=\"240\"\n                    height=\"160\"\n                    style=\"max-width:100%;\"\n                \/>\n            <\/a>\n        <\/div>\n\t\t\t\t\t\t\t<\/div> \n\t\t\t\n        \n\t\t\t\t<div id=\"ngg-image-165\" class=\"ngg-gallery-thumbnail-box\" >\n\t\t\t\t        <div class=\"ngg-gallery-thumbnail\">\n            <a href=\"http:\/\/www.karate-neuhofen.at\/wp-content\/gallery\/9-sommercamp-2017\/SC1166.JPG\"\n               title=\"\"\n               data-src=\"http:\/\/www.karate-neuhofen.at\/wp-content\/gallery\/9-sommercamp-2017\/SC1166.JPG\"\n               data-thumbnail=\"http:\/\/www.karate-neuhofen.at\/wp-content\/gallery\/9-sommercamp-2017\/thumbs\/thumbs_SC1166.JPG\"\n               data-image-id=\"16050\"\n               data-title=\"SC(1166)\"\n               data-description=\"\"\n               data-image-slug=\"sc1166\"\n               class=\"shutterset_6bd4a67f62a7de13e8a03aec327a2ec6\">\n                <img\n                    title=\"SC(1166)\"\n                    alt=\"SC(1166)\"\n                    src=\"http:\/\/www.karate-neuhofen.at\/wp-content\/gallery\/9-sommercamp-2017\/thumbs\/thumbs_SC1166.JPG\"\n                    width=\"240\"\n                    height=\"160\"\n                    style=\"max-width:100%;\"\n                \/>\n            <\/a>\n        <\/div>\n\t\t\t\t\t\t\t<\/div> \n\t\t\t\n        \n\t\t\t\t<div id=\"ngg-image-166\" class=\"ngg-gallery-thumbnail-box\" >\n\t\t\t\t        <div class=\"ngg-gallery-thumbnail\">\n            <a href=\"http:\/\/www.karate-neuhofen.at\/wp-content\/gallery\/9-sommercamp-2017\/SC1167.JPG\"\n               title=\"\"\n               data-src=\"http:\/\/www.karate-neuhofen.at\/wp-content\/gallery\/9-sommercamp-2017\/SC1167.JPG\"\n               data-thumbnail=\"http:\/\/www.karate-neuhofen.at\/wp-content\/gallery\/9-sommercamp-2017\/thumbs\/thumbs_SC1167.JPG\"\n               data-image-id=\"16051\"\n               data-title=\"SC(1167)\"\n               data-description=\"\"\n               data-image-slug=\"sc1167\"\n               class=\"shutterset_6bd4a67f62a7de13e8a03aec327a2ec6\">\n                <img\n                    title=\"SC(1167)\"\n                    alt=\"SC(1167)\"\n                    src=\"http:\/\/www.karate-neuhofen.at\/wp-content\/gallery\/9-sommercamp-2017\/thumbs\/thumbs_SC1167.JPG\"\n                    width=\"240\"\n                    height=\"160\"\n                    style=\"max-width:100%;\"\n                \/>\n            <\/a>\n        <\/div>\n\t\t\t\t\t\t\t<\/div> \n\t\t\t\n        \n\t\t\t\t<div id=\"ngg-image-167\" class=\"ngg-gallery-thumbnail-box\" >\n\t\t\t\t        <div class=\"ngg-gallery-thumbnail\">\n            <a href=\"http:\/\/www.karate-neuhofen.at\/wp-content\/gallery\/9-sommercamp-2017\/SC1168.JPG\"\n               title=\"\"\n               data-src=\"http:\/\/www.karate-neuhofen.at\/wp-content\/gallery\/9-sommercamp-2017\/SC1168.JPG\"\n               data-thumbnail=\"http:\/\/www.karate-neuhofen.at\/wp-content\/gallery\/9-sommercamp-2017\/thumbs\/thumbs_SC1168.JPG\"\n               data-image-id=\"16052\"\n               data-title=\"SC(1168)\"\n               data-description=\"\"\n               data-image-slug=\"sc1168\"\n               class=\"shutterset_6bd4a67f62a7de13e8a03aec327a2ec6\">\n                <img\n                    title=\"SC(1168)\"\n                    alt=\"SC(1168)\"\n                    src=\"http:\/\/www.karate-neuhofen.at\/wp-content\/gallery\/9-sommercamp-2017\/thumbs\/thumbs_SC1168.JPG\"\n                    width=\"240\"\n                    height=\"160\"\n                    style=\"max-width:100%;\"\n                \/>\n            <\/a>\n        <\/div>\n\t\t\t\t\t\t\t<\/div> \n\t\t\t\n        \n\t\t\t\t<div id=\"ngg-image-168\" class=\"ngg-gallery-thumbnail-box\" >\n\t\t\t\t        <div class=\"ngg-gallery-thumbnail\">\n            <a href=\"http:\/\/www.karate-neuhofen.at\/wp-content\/gallery\/9-sommercamp-2017\/SC1169.JPG\"\n               title=\"\"\n               data-src=\"http:\/\/www.karate-neuhofen.at\/wp-content\/gallery\/9-sommercamp-2017\/SC1169.JPG\"\n               data-thumbnail=\"http:\/\/www.karate-neuhofen.at\/wp-content\/gallery\/9-sommercamp-2017\/thumbs\/thumbs_SC1169.JPG\"\n               data-image-id=\"16053\"\n               data-title=\"SC(1169)\"\n               data-description=\"\"\n               data-image-slug=\"sc1169\"\n               class=\"shutterset_6bd4a67f62a7de13e8a03aec327a2ec6\">\n                <img\n                    title=\"SC(1169)\"\n                    alt=\"SC(1169)\"\n                    src=\"http:\/\/www.karate-neuhofen.at\/wp-content\/gallery\/9-sommercamp-2017\/thumbs\/thumbs_SC1169.JPG\"\n                    width=\"240\"\n                    height=\"160\"\n                    style=\"max-width:100%;\"\n                \/>\n            <\/a>\n        <\/div>\n\t\t\t\t\t\t\t<\/div> \n\t\t\t\n        \n\t\t\t\t<div id=\"ngg-image-169\" class=\"ngg-gallery-thumbnail-box\" >\n\t\t\t\t        <div class=\"ngg-gallery-thumbnail\">\n            <a href=\"http:\/\/www.karate-neuhofen.at\/wp-content\/gallery\/9-sommercamp-2017\/SC1170.JPG\"\n               title=\"\"\n               data-src=\"http:\/\/www.karate-neuhofen.at\/wp-content\/gallery\/9-sommercamp-2017\/SC1170.JPG\"\n               data-thumbnail=\"http:\/\/www.karate-neuhofen.at\/wp-content\/gallery\/9-sommercamp-2017\/thumbs\/thumbs_SC1170.JPG\"\n               data-image-id=\"16054\"\n               data-title=\"SC(1170)\"\n               data-description=\"\"\n               data-image-slug=\"sc1170\"\n               class=\"shutterset_6bd4a67f62a7de13e8a03aec327a2ec6\">\n                <img\n                    title=\"SC(1170)\"\n                    alt=\"SC(1170)\"\n                    src=\"http:\/\/www.karate-neuhofen.at\/wp-content\/gallery\/9-sommercamp-2017\/thumbs\/thumbs_SC1170.JPG\"\n                    width=\"240\"\n                    height=\"160\"\n                    style=\"max-width:100%;\"\n                \/>\n            <\/a>\n        <\/div>\n\t\t\t\t\t\t\t<\/div> \n\t\t\t\n        \n\t\t\t\t<div id=\"ngg-image-170\" class=\"ngg-gallery-thumbnail-box\" >\n\t\t\t\t        <div class=\"ngg-gallery-thumbnail\">\n            <a href=\"http:\/\/www.karate-neuhofen.at\/wp-content\/gallery\/9-sommercamp-2017\/SC1171.JPG\"\n               title=\"\"\n               data-src=\"http:\/\/www.karate-neuhofen.at\/wp-content\/gallery\/9-sommercamp-2017\/SC1171.JPG\"\n               data-thumbnail=\"http:\/\/www.karate-neuhofen.at\/wp-content\/gallery\/9-sommercamp-2017\/thumbs\/thumbs_SC1171.JPG\"\n               data-image-id=\"16055\"\n               data-title=\"SC(1171)\"\n               data-description=\"\"\n               data-image-slug=\"sc1171\"\n               class=\"shutterset_6bd4a67f62a7de13e8a03aec327a2ec6\">\n                <img\n                    title=\"SC(1171)\"\n                    alt=\"SC(1171)\"\n                    src=\"http:\/\/www.karate-neuhofen.at\/wp-content\/gallery\/9-sommercamp-2017\/thumbs\/thumbs_SC1171.JPG\"\n                    width=\"240\"\n                    height=\"160\"\n                    style=\"max-width:100%;\"\n                \/>\n            <\/a>\n        <\/div>\n\t\t\t\t\t\t\t<\/div> \n\t\t\t\n        \n\t\t\t\t<div id=\"ngg-image-171\" class=\"ngg-gallery-thumbnail-box\" >\n\t\t\t\t        <div class=\"ngg-gallery-thumbnail\">\n            <a href=\"http:\/\/www.karate-neuhofen.at\/wp-content\/gallery\/9-sommercamp-2017\/SC1172.JPG\"\n               title=\"\"\n               data-src=\"http:\/\/www.karate-neuhofen.at\/wp-content\/gallery\/9-sommercamp-2017\/SC1172.JPG\"\n               data-thumbnail=\"http:\/\/www.karate-neuhofen.at\/wp-content\/gallery\/9-sommercamp-2017\/thumbs\/thumbs_SC1172.JPG\"\n               data-image-id=\"16056\"\n               data-title=\"SC(1172)\"\n               data-description=\"\"\n               data-image-slug=\"sc1172\"\n               class=\"shutterset_6bd4a67f62a7de13e8a03aec327a2ec6\">\n                <img\n                    title=\"SC(1172)\"\n                    alt=\"SC(1172)\"\n                    src=\"http:\/\/www.karate-neuhofen.at\/wp-content\/gallery\/9-sommercamp-2017\/thumbs\/thumbs_SC1172.JPG\"\n                    width=\"240\"\n                    height=\"160\"\n                    style=\"max-width:100%;\"\n                \/>\n            <\/a>\n        <\/div>\n\t\t\t\t\t\t\t<\/div> \n\t\t\t\n        \n\t\t\t\t<div id=\"ngg-image-172\" class=\"ngg-gallery-thumbnail-box\" >\n\t\t\t\t        <div class=\"ngg-gallery-thumbnail\">\n            <a href=\"http:\/\/www.karate-neuhofen.at\/wp-content\/gallery\/9-sommercamp-2017\/SC1173.JPG\"\n               title=\"\"\n               data-src=\"http:\/\/www.karate-neuhofen.at\/wp-content\/gallery\/9-sommercamp-2017\/SC1173.JPG\"\n               data-thumbnail=\"http:\/\/www.karate-neuhofen.at\/wp-content\/gallery\/9-sommercamp-2017\/thumbs\/thumbs_SC1173.JPG\"\n               data-image-id=\"16057\"\n               data-title=\"SC(1173)\"\n               data-description=\"\"\n               data-image-slug=\"sc1173\"\n               class=\"shutterset_6bd4a67f62a7de13e8a03aec327a2ec6\">\n                <img\n                    title=\"SC(1173)\"\n                    alt=\"SC(1173)\"\n                    src=\"http:\/\/www.karate-neuhofen.at\/wp-content\/gallery\/9-sommercamp-2017\/thumbs\/thumbs_SC1173.JPG\"\n                    width=\"240\"\n                    height=\"160\"\n                    style=\"max-width:100%;\"\n                \/>\n            <\/a>\n        <\/div>\n\t\t\t\t\t\t\t<\/div> \n\t\t\t\n        \n\t\t\t\t<div id=\"ngg-image-173\" class=\"ngg-gallery-thumbnail-box\" >\n\t\t\t\t        <div class=\"ngg-gallery-thumbnail\">\n            <a href=\"http:\/\/www.karate-neuhofen.at\/wp-content\/gallery\/9-sommercamp-2017\/SC1174.JPG\"\n               title=\"\"\n               data-src=\"http:\/\/www.karate-neuhofen.at\/wp-content\/gallery\/9-sommercamp-2017\/SC1174.JPG\"\n               data-thumbnail=\"http:\/\/www.karate-neuhofen.at\/wp-content\/gallery\/9-sommercamp-2017\/thumbs\/thumbs_SC1174.JPG\"\n               data-image-id=\"16058\"\n               data-title=\"SC(1174)\"\n               data-description=\"\"\n               data-image-slug=\"sc1174\"\n               class=\"shutterset_6bd4a67f62a7de13e8a03aec327a2ec6\">\n                <img\n                    title=\"SC(1174)\"\n                    alt=\"SC(1174)\"\n                    src=\"http:\/\/www.karate-neuhofen.at\/wp-content\/gallery\/9-sommercamp-2017\/thumbs\/thumbs_SC1174.JPG\"\n                    width=\"240\"\n                    height=\"160\"\n                    style=\"max-width:100%;\"\n                \/>\n            <\/a>\n        <\/div>\n\t\t\t\t\t\t\t<\/div> \n\t\t\t\n        \n\t\t\t\t<div id=\"ngg-image-174\" class=\"ngg-gallery-thumbnail-box\" >\n\t\t\t\t        <div class=\"ngg-gallery-thumbnail\">\n            <a href=\"http:\/\/www.karate-neuhofen.at\/wp-content\/gallery\/9-sommercamp-2017\/SC1175.JPG\"\n               title=\"\"\n               data-src=\"http:\/\/www.karate-neuhofen.at\/wp-content\/gallery\/9-sommercamp-2017\/SC1175.JPG\"\n               data-thumbnail=\"http:\/\/www.karate-neuhofen.at\/wp-content\/gallery\/9-sommercamp-2017\/thumbs\/thumbs_SC1175.JPG\"\n               data-image-id=\"16059\"\n               data-title=\"SC(1175)\"\n               data-description=\"\"\n               data-image-slug=\"sc1175\"\n               class=\"shutterset_6bd4a67f62a7de13e8a03aec327a2ec6\">\n                <img\n                    title=\"SC(1175)\"\n                    alt=\"SC(1175)\"\n                    src=\"http:\/\/www.karate-neuhofen.at\/wp-content\/gallery\/9-sommercamp-2017\/thumbs\/thumbs_SC1175.JPG\"\n                    width=\"240\"\n                    height=\"160\"\n                    style=\"max-width:100%;\"\n                \/>\n            <\/a>\n        <\/div>\n\t\t\t\t\t\t\t<\/div> \n\t\t\t\n        \n\t\t\t\t<div id=\"ngg-image-175\" class=\"ngg-gallery-thumbnail-box\" >\n\t\t\t\t        <div class=\"ngg-gallery-thumbnail\">\n            <a href=\"http:\/\/www.karate-neuhofen.at\/wp-content\/gallery\/9-sommercamp-2017\/SC1176.JPG\"\n               title=\"\"\n               data-src=\"http:\/\/www.karate-neuhofen.at\/wp-content\/gallery\/9-sommercamp-2017\/SC1176.JPG\"\n               data-thumbnail=\"http:\/\/www.karate-neuhofen.at\/wp-content\/gallery\/9-sommercamp-2017\/thumbs\/thumbs_SC1176.JPG\"\n               data-image-id=\"16060\"\n               data-title=\"SC(1176)\"\n               data-description=\"\"\n               data-image-slug=\"sc1176\"\n               class=\"shutterset_6bd4a67f62a7de13e8a03aec327a2ec6\">\n                <img\n                    title=\"SC(1176)\"\n                    alt=\"SC(1176)\"\n                    src=\"http:\/\/www.karate-neuhofen.at\/wp-content\/gallery\/9-sommercamp-2017\/thumbs\/thumbs_SC1176.JPG\"\n                    width=\"240\"\n                    height=\"160\"\n                    style=\"max-width:100%;\"\n                \/>\n            <\/a>\n        <\/div>\n\t\t\t\t\t\t\t<\/div> \n\t\t\t\n        \n\t\t\t\t<div id=\"ngg-image-176\" class=\"ngg-gallery-thumbnail-box\" >\n\t\t\t\t        <div class=\"ngg-gallery-thumbnail\">\n            <a href=\"http:\/\/www.karate-neuhofen.at\/wp-content\/gallery\/9-sommercamp-2017\/SC1177.JPG\"\n               title=\"\"\n               data-src=\"http:\/\/www.karate-neuhofen.at\/wp-content\/gallery\/9-sommercamp-2017\/SC1177.JPG\"\n               data-thumbnail=\"http:\/\/www.karate-neuhofen.at\/wp-content\/gallery\/9-sommercamp-2017\/thumbs\/thumbs_SC1177.JPG\"\n               data-image-id=\"16061\"\n               data-title=\"SC(1177)\"\n               data-description=\"\"\n               data-image-slug=\"sc1177\"\n               class=\"shutterset_6bd4a67f62a7de13e8a03aec327a2ec6\">\n                <img\n                    title=\"SC(1177)\"\n                    alt=\"SC(1177)\"\n                    src=\"http:\/\/www.karate-neuhofen.at\/wp-content\/gallery\/9-sommercamp-2017\/thumbs\/thumbs_SC1177.JPG\"\n                    width=\"240\"\n                    height=\"160\"\n                    style=\"max-width:100%;\"\n                \/>\n            <\/a>\n        <\/div>\n\t\t\t\t\t\t\t<\/div> \n\t\t\t\n        \n\t\t\t\t<div id=\"ngg-image-177\" class=\"ngg-gallery-thumbnail-box\" >\n\t\t\t\t        <div class=\"ngg-gallery-thumbnail\">\n            <a href=\"http:\/\/www.karate-neuhofen.at\/wp-content\/gallery\/9-sommercamp-2017\/SC1178.JPG\"\n               title=\"\"\n               data-src=\"http:\/\/www.karate-neuhofen.at\/wp-content\/gallery\/9-sommercamp-2017\/SC1178.JPG\"\n               data-thumbnail=\"http:\/\/www.karate-neuhofen.at\/wp-content\/gallery\/9-sommercamp-2017\/thumbs\/thumbs_SC1178.JPG\"\n               data-image-id=\"16062\"\n               data-title=\"SC(1178)\"\n               data-description=\"\"\n               data-image-slug=\"sc1178\"\n               class=\"shutterset_6bd4a67f62a7de13e8a03aec327a2ec6\">\n                <img\n                    title=\"SC(1178)\"\n                    alt=\"SC(1178)\"\n                    src=\"http:\/\/www.karate-neuhofen.at\/wp-content\/gallery\/9-sommercamp-2017\/thumbs\/thumbs_SC1178.JPG\"\n                    width=\"240\"\n                    height=\"160\"\n                    style=\"max-width:100%;\"\n                \/>\n            <\/a>\n        <\/div>\n\t\t\t\t\t\t\t<\/div> \n\t\t\t\n        \n\t\t\t\t<div id=\"ngg-image-178\" class=\"ngg-gallery-thumbnail-box\" >\n\t\t\t\t        <div class=\"ngg-gallery-thumbnail\">\n            <a href=\"http:\/\/www.karate-neuhofen.at\/wp-content\/gallery\/9-sommercamp-2017\/SC1179.JPG\"\n               title=\"\"\n               data-src=\"http:\/\/www.karate-neuhofen.at\/wp-content\/gallery\/9-sommercamp-2017\/SC1179.JPG\"\n               data-thumbnail=\"http:\/\/www.karate-neuhofen.at\/wp-content\/gallery\/9-sommercamp-2017\/thumbs\/thumbs_SC1179.JPG\"\n               data-image-id=\"16063\"\n               data-title=\"SC(1179)\"\n               data-description=\"\"\n               data-image-slug=\"sc1179\"\n               class=\"shutterset_6bd4a67f62a7de13e8a03aec327a2ec6\">\n                <img\n                    title=\"SC(1179)\"\n                    alt=\"SC(1179)\"\n                    src=\"http:\/\/www.karate-neuhofen.at\/wp-content\/gallery\/9-sommercamp-2017\/thumbs\/thumbs_SC1179.JPG\"\n                    width=\"240\"\n                    height=\"160\"\n                    style=\"max-width:100%;\"\n                \/>\n            <\/a>\n        <\/div>\n\t\t\t\t\t\t\t<\/div> \n\t\t\t\n        \n\t\t\t\t<div id=\"ngg-image-179\" class=\"ngg-gallery-thumbnail-box\" >\n\t\t\t\t        <div class=\"ngg-gallery-thumbnail\">\n            <a href=\"http:\/\/www.karate-neuhofen.at\/wp-content\/gallery\/9-sommercamp-2017\/SC1180.JPG\"\n               title=\"\"\n               data-src=\"http:\/\/www.karate-neuhofen.at\/wp-content\/gallery\/9-sommercamp-2017\/SC1180.JPG\"\n               data-thumbnail=\"http:\/\/www.karate-neuhofen.at\/wp-content\/gallery\/9-sommercamp-2017\/thumbs\/thumbs_SC1180.JPG\"\n               data-image-id=\"16064\"\n               data-title=\"SC(1180)\"\n               data-description=\"\"\n               data-image-slug=\"sc1180\"\n               class=\"shutterset_6bd4a67f62a7de13e8a03aec327a2ec6\">\n                <img\n                    title=\"SC(1180)\"\n                    alt=\"SC(1180)\"\n                    src=\"http:\/\/www.karate-neuhofen.at\/wp-content\/gallery\/9-sommercamp-2017\/thumbs\/thumbs_SC1180.JPG\"\n                    width=\"240\"\n                    height=\"160\"\n                    style=\"max-width:100%;\"\n                \/>\n            <\/a>\n        <\/div>\n\t\t\t\t\t\t\t<\/div> \n\t\t\t\n        \n\t\t\t\t<div id=\"ngg-image-180\" class=\"ngg-gallery-thumbnail-box\" >\n\t\t\t\t        <div class=\"ngg-gallery-thumbnail\">\n            <a href=\"http:\/\/www.karate-neuhofen.at\/wp-content\/gallery\/9-sommercamp-2017\/SC1181.JPG\"\n               title=\"\"\n               data-src=\"http:\/\/www.karate-neuhofen.at\/wp-content\/gallery\/9-sommercamp-2017\/SC1181.JPG\"\n               data-thumbnail=\"http:\/\/www.karate-neuhofen.at\/wp-content\/gallery\/9-sommercamp-2017\/thumbs\/thumbs_SC1181.JPG\"\n               data-image-id=\"16065\"\n               data-title=\"SC(1181)\"\n               data-description=\"\"\n               data-image-slug=\"sc1181\"\n               class=\"shutterset_6bd4a67f62a7de13e8a03aec327a2ec6\">\n                <img\n                    title=\"SC(1181)\"\n                    alt=\"SC(1181)\"\n                    src=\"http:\/\/www.karate-neuhofen.at\/wp-content\/gallery\/9-sommercamp-2017\/thumbs\/thumbs_SC1181.JPG\"\n                    width=\"240\"\n                    height=\"160\"\n                    style=\"max-width:100%;\"\n                \/>\n            <\/a>\n        <\/div>\n\t\t\t\t\t\t\t<\/div> \n\t\t\t\n        \n\t\t\t\t<div id=\"ngg-image-181\" class=\"ngg-gallery-thumbnail-box\" >\n\t\t\t\t        <div class=\"ngg-gallery-thumbnail\">\n            <a href=\"http:\/\/www.karate-neuhofen.at\/wp-content\/gallery\/9-sommercamp-2017\/SC1182.JPG\"\n               title=\"\"\n               data-src=\"http:\/\/www.karate-neuhofen.at\/wp-content\/gallery\/9-sommercamp-2017\/SC1182.JPG\"\n               data-thumbnail=\"http:\/\/www.karate-neuhofen.at\/wp-content\/gallery\/9-sommercamp-2017\/thumbs\/thumbs_SC1182.JPG\"\n               data-image-id=\"16066\"\n               data-title=\"SC(1182)\"\n               data-description=\"\"\n               data-image-slug=\"sc1182\"\n               class=\"shutterset_6bd4a67f62a7de13e8a03aec327a2ec6\">\n                <img\n                    title=\"SC(1182)\"\n                    alt=\"SC(1182)\"\n                    src=\"http:\/\/www.karate-neuhofen.at\/wp-content\/gallery\/9-sommercamp-2017\/thumbs\/thumbs_SC1182.JPG\"\n                    width=\"240\"\n                    height=\"160\"\n                    style=\"max-width:100%;\"\n                \/>\n            <\/a>\n        <\/div>\n\t\t\t\t\t\t\t<\/div> \n\t\t\t\n        \n\t\t\t\t<div id=\"ngg-image-182\" class=\"ngg-gallery-thumbnail-box\" >\n\t\t\t\t        <div class=\"ngg-gallery-thumbnail\">\n            <a href=\"http:\/\/www.karate-neuhofen.at\/wp-content\/gallery\/9-sommercamp-2017\/SC1183.JPG\"\n               title=\"\"\n               data-src=\"http:\/\/www.karate-neuhofen.at\/wp-content\/gallery\/9-sommercamp-2017\/SC1183.JPG\"\n               data-thumbnail=\"http:\/\/www.karate-neuhofen.at\/wp-content\/gallery\/9-sommercamp-2017\/thumbs\/thumbs_SC1183.JPG\"\n               data-image-id=\"16067\"\n               data-title=\"SC(1183)\"\n               data-description=\"\"\n               data-image-slug=\"sc1183\"\n               class=\"shutterset_6bd4a67f62a7de13e8a03aec327a2ec6\">\n                <img\n                    title=\"SC(1183)\"\n                    alt=\"SC(1183)\"\n                    src=\"http:\/\/www.karate-neuhofen.at\/wp-content\/gallery\/9-sommercamp-2017\/thumbs\/thumbs_SC1183.JPG\"\n                    width=\"240\"\n                    height=\"160\"\n                    style=\"max-width:100%;\"\n                \/>\n            <\/a>\n        <\/div>\n\t\t\t\t\t\t\t<\/div> \n\t\t\t\n        \n\t\t\t\t<div id=\"ngg-image-183\" class=\"ngg-gallery-thumbnail-box\" >\n\t\t\t\t        <div class=\"ngg-gallery-thumbnail\">\n            <a href=\"http:\/\/www.karate-neuhofen.at\/wp-content\/gallery\/9-sommercamp-2017\/SC1184.JPG\"\n               title=\"\"\n               data-src=\"http:\/\/www.karate-neuhofen.at\/wp-content\/gallery\/9-sommercamp-2017\/SC1184.JPG\"\n               data-thumbnail=\"http:\/\/www.karate-neuhofen.at\/wp-content\/gallery\/9-sommercamp-2017\/thumbs\/thumbs_SC1184.JPG\"\n               data-image-id=\"16068\"\n               data-title=\"SC(1184)\"\n               data-description=\"\"\n               data-image-slug=\"sc1184\"\n               class=\"shutterset_6bd4a67f62a7de13e8a03aec327a2ec6\">\n                <img\n                    title=\"SC(1184)\"\n                    alt=\"SC(1184)\"\n                    src=\"http:\/\/www.karate-neuhofen.at\/wp-content\/gallery\/9-sommercamp-2017\/thumbs\/thumbs_SC1184.JPG\"\n                    width=\"240\"\n                    height=\"160\"\n                    style=\"max-width:100%;\"\n                \/>\n            <\/a>\n        <\/div>\n\t\t\t\t\t\t\t<\/div> \n\t\t\t\n        \n\t\t\t\t<div id=\"ngg-image-184\" class=\"ngg-gallery-thumbnail-box\" >\n\t\t\t\t        <div class=\"ngg-gallery-thumbnail\">\n            <a href=\"http:\/\/www.karate-neuhofen.at\/wp-content\/gallery\/9-sommercamp-2017\/SC1185.JPG\"\n               title=\"\"\n               data-src=\"http:\/\/www.karate-neuhofen.at\/wp-content\/gallery\/9-sommercamp-2017\/SC1185.JPG\"\n               data-thumbnail=\"http:\/\/www.karate-neuhofen.at\/wp-content\/gallery\/9-sommercamp-2017\/thumbs\/thumbs_SC1185.JPG\"\n               data-image-id=\"16069\"\n               data-title=\"SC(1185)\"\n               data-description=\"\"\n               data-image-slug=\"sc1185\"\n               class=\"shutterset_6bd4a67f62a7de13e8a03aec327a2ec6\">\n                <img\n                    title=\"SC(1185)\"\n                    alt=\"SC(1185)\"\n                    src=\"http:\/\/www.karate-neuhofen.at\/wp-content\/gallery\/9-sommercamp-2017\/thumbs\/thumbs_SC1185.JPG\"\n                    width=\"240\"\n                    height=\"160\"\n                    style=\"max-width:100%;\"\n                \/>\n            <\/a>\n        <\/div>\n\t\t\t\t\t\t\t<\/div> \n\t\t\t\n        \n\t\t\t\t<div id=\"ngg-image-185\" class=\"ngg-gallery-thumbnail-box\" >\n\t\t\t\t        <div class=\"ngg-gallery-thumbnail\">\n            <a href=\"http:\/\/www.karate-neuhofen.at\/wp-content\/gallery\/9-sommercamp-2017\/SC1186.JPG\"\n               title=\"\"\n               data-src=\"http:\/\/www.karate-neuhofen.at\/wp-content\/gallery\/9-sommercamp-2017\/SC1186.JPG\"\n               data-thumbnail=\"http:\/\/www.karate-neuhofen.at\/wp-content\/gallery\/9-sommercamp-2017\/thumbs\/thumbs_SC1186.JPG\"\n               data-image-id=\"16070\"\n               data-title=\"SC(1186)\"\n               data-description=\"\"\n               data-image-slug=\"sc1186\"\n               class=\"shutterset_6bd4a67f62a7de13e8a03aec327a2ec6\">\n                <img\n                    title=\"SC(1186)\"\n                    alt=\"SC(1186)\"\n                    src=\"http:\/\/www.karate-neuhofen.at\/wp-content\/gallery\/9-sommercamp-2017\/thumbs\/thumbs_SC1186.JPG\"\n                    width=\"240\"\n                    height=\"160\"\n                    style=\"max-width:100%;\"\n                \/>\n            <\/a>\n        <\/div>\n\t\t\t\t\t\t\t<\/div> \n\t\t\t\n        \n\t\t\t\t<div id=\"ngg-image-186\" class=\"ngg-gallery-thumbnail-box\" >\n\t\t\t\t        <div class=\"ngg-gallery-thumbnail\">\n            <a href=\"http:\/\/www.karate-neuhofen.at\/wp-content\/gallery\/9-sommercamp-2017\/SC1187.JPG\"\n               title=\"\"\n               data-src=\"http:\/\/www.karate-neuhofen.at\/wp-content\/gallery\/9-sommercamp-2017\/SC1187.JPG\"\n               data-thumbnail=\"http:\/\/www.karate-neuhofen.at\/wp-content\/gallery\/9-sommercamp-2017\/thumbs\/thumbs_SC1187.JPG\"\n               data-image-id=\"16071\"\n               data-title=\"SC(1187)\"\n               data-description=\"\"\n               data-image-slug=\"sc1187\"\n               class=\"shutterset_6bd4a67f62a7de13e8a03aec327a2ec6\">\n                <img\n                    title=\"SC(1187)\"\n                    alt=\"SC(1187)\"\n                    src=\"http:\/\/www.karate-neuhofen.at\/wp-content\/gallery\/9-sommercamp-2017\/thumbs\/thumbs_SC1187.JPG\"\n                    width=\"240\"\n                    height=\"160\"\n                    style=\"max-width:100%;\"\n                \/>\n            <\/a>\n        <\/div>\n\t\t\t\t\t\t\t<\/div> \n\t\t\t\n        \n\t\t\t\t<div id=\"ngg-image-187\" class=\"ngg-gallery-thumbnail-box\" >\n\t\t\t\t        <div class=\"ngg-gallery-thumbnail\">\n            <a href=\"http:\/\/www.karate-neuhofen.at\/wp-content\/gallery\/9-sommercamp-2017\/SC1188.JPG\"\n               title=\"\"\n               data-src=\"http:\/\/www.karate-neuhofen.at\/wp-content\/gallery\/9-sommercamp-2017\/SC1188.JPG\"\n               data-thumbnail=\"http:\/\/www.karate-neuhofen.at\/wp-content\/gallery\/9-sommercamp-2017\/thumbs\/thumbs_SC1188.JPG\"\n               data-image-id=\"16072\"\n               data-title=\"SC(1188)\"\n               data-description=\"\"\n               data-image-slug=\"sc1188\"\n               class=\"shutterset_6bd4a67f62a7de13e8a03aec327a2ec6\">\n                <img\n                    title=\"SC(1188)\"\n                    alt=\"SC(1188)\"\n                    src=\"http:\/\/www.karate-neuhofen.at\/wp-content\/gallery\/9-sommercamp-2017\/thumbs\/thumbs_SC1188.JPG\"\n                    width=\"240\"\n                    height=\"160\"\n                    style=\"max-width:100%;\"\n                \/>\n            <\/a>\n        <\/div>\n\t\t\t\t\t\t\t<\/div> \n\t\t\t\n        \n\t\t\t\t<div id=\"ngg-image-188\" class=\"ngg-gallery-thumbnail-box\" >\n\t\t\t\t        <div class=\"ngg-gallery-thumbnail\">\n            <a href=\"http:\/\/www.karate-neuhofen.at\/wp-content\/gallery\/9-sommercamp-2017\/SC1189.JPG\"\n               title=\"\"\n               data-src=\"http:\/\/www.karate-neuhofen.at\/wp-content\/gallery\/9-sommercamp-2017\/SC1189.JPG\"\n               data-thumbnail=\"http:\/\/www.karate-neuhofen.at\/wp-content\/gallery\/9-sommercamp-2017\/thumbs\/thumbs_SC1189.JPG\"\n               data-image-id=\"16073\"\n               data-title=\"SC(1189)\"\n               data-description=\"\"\n               data-image-slug=\"sc1189\"\n               class=\"shutterset_6bd4a67f62a7de13e8a03aec327a2ec6\">\n                <img\n                    title=\"SC(1189)\"\n                    alt=\"SC(1189)\"\n                    src=\"http:\/\/www.karate-neuhofen.at\/wp-content\/gallery\/9-sommercamp-2017\/thumbs\/thumbs_SC1189.JPG\"\n                    width=\"240\"\n                    height=\"160\"\n                    style=\"max-width:100%;\"\n                \/>\n            <\/a>\n        <\/div>\n\t\t\t\t\t\t\t<\/div> \n\t\t\t\n        \n\t\t\t\t<div id=\"ngg-image-189\" class=\"ngg-gallery-thumbnail-box\" >\n\t\t\t\t        <div class=\"ngg-gallery-thumbnail\">\n            <a href=\"http:\/\/www.karate-neuhofen.at\/wp-content\/gallery\/9-sommercamp-2017\/SC1190.JPG\"\n               title=\"\"\n               data-src=\"http:\/\/www.karate-neuhofen.at\/wp-content\/gallery\/9-sommercamp-2017\/SC1190.JPG\"\n               data-thumbnail=\"http:\/\/www.karate-neuhofen.at\/wp-content\/gallery\/9-sommercamp-2017\/thumbs\/thumbs_SC1190.JPG\"\n               data-image-id=\"16074\"\n               data-title=\"SC(1190)\"\n               data-description=\"\"\n               data-image-slug=\"sc1190\"\n               class=\"shutterset_6bd4a67f62a7de13e8a03aec327a2ec6\">\n                <img\n                    title=\"SC(1190)\"\n                    alt=\"SC(1190)\"\n                    src=\"http:\/\/www.karate-neuhofen.at\/wp-content\/gallery\/9-sommercamp-2017\/thumbs\/thumbs_SC1190.JPG\"\n                    width=\"240\"\n                    height=\"160\"\n                    style=\"max-width:100%;\"\n                \/>\n            <\/a>\n        <\/div>\n\t\t\t\t\t\t\t<\/div> \n\t\t\t\n        \n\t\t\t\t<div id=\"ngg-image-190\" class=\"ngg-gallery-thumbnail-box\" >\n\t\t\t\t        <div class=\"ngg-gallery-thumbnail\">\n            <a href=\"http:\/\/www.karate-neuhofen.at\/wp-content\/gallery\/9-sommercamp-2017\/SC1191.JPG\"\n               title=\"\"\n               data-src=\"http:\/\/www.karate-neuhofen.at\/wp-content\/gallery\/9-sommercamp-2017\/SC1191.JPG\"\n               data-thumbnail=\"http:\/\/www.karate-neuhofen.at\/wp-content\/gallery\/9-sommercamp-2017\/thumbs\/thumbs_SC1191.JPG\"\n               data-image-id=\"16075\"\n               data-title=\"SC(1191)\"\n               data-description=\"\"\n               data-image-slug=\"sc1191\"\n               class=\"shutterset_6bd4a67f62a7de13e8a03aec327a2ec6\">\n                <img\n                    title=\"SC(1191)\"\n                    alt=\"SC(1191)\"\n                    src=\"http:\/\/www.karate-neuhofen.at\/wp-content\/gallery\/9-sommercamp-2017\/thumbs\/thumbs_SC1191.JPG\"\n                    width=\"240\"\n                    height=\"160\"\n                    style=\"max-width:100%;\"\n                \/>\n            <\/a>\n        <\/div>\n\t\t\t\t\t\t\t<\/div> \n\t\t\t\n        \n\t\t\t\t<div id=\"ngg-image-191\" class=\"ngg-gallery-thumbnail-box\" >\n\t\t\t\t        <div class=\"ngg-gallery-thumbnail\">\n            <a href=\"http:\/\/www.karate-neuhofen.at\/wp-content\/gallery\/9-sommercamp-2017\/SC1192.JPG\"\n               title=\"\"\n               data-src=\"http:\/\/www.karate-neuhofen.at\/wp-content\/gallery\/9-sommercamp-2017\/SC1192.JPG\"\n               data-thumbnail=\"http:\/\/www.karate-neuhofen.at\/wp-content\/gallery\/9-sommercamp-2017\/thumbs\/thumbs_SC1192.JPG\"\n               data-image-id=\"16076\"\n               data-title=\"SC(1192)\"\n               data-description=\"\"\n               data-image-slug=\"sc1192\"\n               class=\"shutterset_6bd4a67f62a7de13e8a03aec327a2ec6\">\n                <img\n                    title=\"SC(1192)\"\n                    alt=\"SC(1192)\"\n                    src=\"http:\/\/www.karate-neuhofen.at\/wp-content\/gallery\/9-sommercamp-2017\/thumbs\/thumbs_SC1192.JPG\"\n                    width=\"240\"\n                    height=\"160\"\n                    style=\"max-width:100%;\"\n                \/>\n            <\/a>\n        <\/div>\n\t\t\t\t\t\t\t<\/div> \n\t\t\t\n        \n\t\t\t\t<div id=\"ngg-image-192\" class=\"ngg-gallery-thumbnail-box\" >\n\t\t\t\t        <div class=\"ngg-gallery-thumbnail\">\n            <a href=\"http:\/\/www.karate-neuhofen.at\/wp-content\/gallery\/9-sommercamp-2017\/SC1193.JPG\"\n               title=\"\"\n               data-src=\"http:\/\/www.karate-neuhofen.at\/wp-content\/gallery\/9-sommercamp-2017\/SC1193.JPG\"\n               data-thumbnail=\"http:\/\/www.karate-neuhofen.at\/wp-content\/gallery\/9-sommercamp-2017\/thumbs\/thumbs_SC1193.JPG\"\n               data-image-id=\"16077\"\n               data-title=\"SC(1193)\"\n               data-description=\"\"\n               data-image-slug=\"sc1193\"\n               class=\"shutterset_6bd4a67f62a7de13e8a03aec327a2ec6\">\n                <img\n                    title=\"SC(1193)\"\n                    alt=\"SC(1193)\"\n                    src=\"http:\/\/www.karate-neuhofen.at\/wp-content\/gallery\/9-sommercamp-2017\/thumbs\/thumbs_SC1193.JPG\"\n                    width=\"240\"\n                    height=\"160\"\n                    style=\"max-width:100%;\"\n                \/>\n            <\/a>\n        <\/div>\n\t\t\t\t\t\t\t<\/div> \n\t\t\t\n        \n\t\t\t\t<div id=\"ngg-image-193\" class=\"ngg-gallery-thumbnail-box\" >\n\t\t\t\t        <div class=\"ngg-gallery-thumbnail\">\n            <a href=\"http:\/\/www.karate-neuhofen.at\/wp-content\/gallery\/9-sommercamp-2017\/SC1194.JPG\"\n               title=\"\"\n               data-src=\"http:\/\/www.karate-neuhofen.at\/wp-content\/gallery\/9-sommercamp-2017\/SC1194.JPG\"\n               data-thumbnail=\"http:\/\/www.karate-neuhofen.at\/wp-content\/gallery\/9-sommercamp-2017\/thumbs\/thumbs_SC1194.JPG\"\n               data-image-id=\"16078\"\n               data-title=\"SC(1194)\"\n               data-description=\"\"\n               data-image-slug=\"sc1194\"\n               class=\"shutterset_6bd4a67f62a7de13e8a03aec327a2ec6\">\n                <img\n                    title=\"SC(1194)\"\n                    alt=\"SC(1194)\"\n                    src=\"http:\/\/www.karate-neuhofen.at\/wp-content\/gallery\/9-sommercamp-2017\/thumbs\/thumbs_SC1194.JPG\"\n                    width=\"240\"\n                    height=\"160\"\n                    style=\"max-width:100%;\"\n                \/>\n            <\/a>\n        <\/div>\n\t\t\t\t\t\t\t<\/div> \n\t\t\t\n        \n\t\t\t\t<div id=\"ngg-image-194\" class=\"ngg-gallery-thumbnail-box\" >\n\t\t\t\t        <div class=\"ngg-gallery-thumbnail\">\n            <a href=\"http:\/\/www.karate-neuhofen.at\/wp-content\/gallery\/9-sommercamp-2017\/SC1195.JPG\"\n               title=\"\"\n               data-src=\"http:\/\/www.karate-neuhofen.at\/wp-content\/gallery\/9-sommercamp-2017\/SC1195.JPG\"\n               data-thumbnail=\"http:\/\/www.karate-neuhofen.at\/wp-content\/gallery\/9-sommercamp-2017\/thumbs\/thumbs_SC1195.JPG\"\n               data-image-id=\"16079\"\n               data-title=\"SC(1195)\"\n               data-description=\"\"\n               data-image-slug=\"sc1195\"\n               class=\"shutterset_6bd4a67f62a7de13e8a03aec327a2ec6\">\n                <img\n                    title=\"SC(1195)\"\n                    alt=\"SC(1195)\"\n                    src=\"http:\/\/www.karate-neuhofen.at\/wp-content\/gallery\/9-sommercamp-2017\/thumbs\/thumbs_SC1195.JPG\"\n                    width=\"240\"\n                    height=\"160\"\n                    style=\"max-width:100%;\"\n                \/>\n            <\/a>\n        <\/div>\n\t\t\t\t\t\t\t<\/div> \n\t\t\t\n        \n\t\t\t\t<div id=\"ngg-image-195\" class=\"ngg-gallery-thumbnail-box\" >\n\t\t\t\t        <div class=\"ngg-gallery-thumbnail\">\n            <a href=\"http:\/\/www.karate-neuhofen.at\/wp-content\/gallery\/9-sommercamp-2017\/SC1196.JPG\"\n               title=\"\"\n               data-src=\"http:\/\/www.karate-neuhofen.at\/wp-content\/gallery\/9-sommercamp-2017\/SC1196.JPG\"\n               data-thumbnail=\"http:\/\/www.karate-neuhofen.at\/wp-content\/gallery\/9-sommercamp-2017\/thumbs\/thumbs_SC1196.JPG\"\n               data-image-id=\"16080\"\n               data-title=\"SC(1196)\"\n               data-description=\"\"\n               data-image-slug=\"sc1196\"\n               class=\"shutterset_6bd4a67f62a7de13e8a03aec327a2ec6\">\n                <img\n                    title=\"SC(1196)\"\n                    alt=\"SC(1196)\"\n                    src=\"http:\/\/www.karate-neuhofen.at\/wp-content\/gallery\/9-sommercamp-2017\/thumbs\/thumbs_SC1196.JPG\"\n                    width=\"240\"\n                    height=\"160\"\n                    style=\"max-width:100%;\"\n                \/>\n            <\/a>\n        <\/div>\n\t\t\t\t\t\t\t<\/div> \n\t\t\t\n        \n\t\t\t\t<div id=\"ngg-image-196\" class=\"ngg-gallery-thumbnail-box\" >\n\t\t\t\t        <div class=\"ngg-gallery-thumbnail\">\n            <a href=\"http:\/\/www.karate-neuhofen.at\/wp-content\/gallery\/9-sommercamp-2017\/SC1197.JPG\"\n               title=\"\"\n               data-src=\"http:\/\/www.karate-neuhofen.at\/wp-content\/gallery\/9-sommercamp-2017\/SC1197.JPG\"\n               data-thumbnail=\"http:\/\/www.karate-neuhofen.at\/wp-content\/gallery\/9-sommercamp-2017\/thumbs\/thumbs_SC1197.JPG\"\n               data-image-id=\"16081\"\n               data-title=\"SC(1197)\"\n               data-description=\"\"\n               data-image-slug=\"sc1197\"\n               class=\"shutterset_6bd4a67f62a7de13e8a03aec327a2ec6\">\n                <img\n                    title=\"SC(1197)\"\n                    alt=\"SC(1197)\"\n                    src=\"http:\/\/www.karate-neuhofen.at\/wp-content\/gallery\/9-sommercamp-2017\/thumbs\/thumbs_SC1197.JPG\"\n                    width=\"240\"\n                    height=\"160\"\n                    style=\"max-width:100%;\"\n                \/>\n            <\/a>\n        <\/div>\n\t\t\t\t\t\t\t<\/div> \n\t\t\t\n        \n\t\t\t\t<div id=\"ngg-image-197\" class=\"ngg-gallery-thumbnail-box\" >\n\t\t\t\t        <div class=\"ngg-gallery-thumbnail\">\n            <a href=\"http:\/\/www.karate-neuhofen.at\/wp-content\/gallery\/9-sommercamp-2017\/SC1198.JPG\"\n               title=\"\"\n               data-src=\"http:\/\/www.karate-neuhofen.at\/wp-content\/gallery\/9-sommercamp-2017\/SC1198.JPG\"\n               data-thumbnail=\"http:\/\/www.karate-neuhofen.at\/wp-content\/gallery\/9-sommercamp-2017\/thumbs\/thumbs_SC1198.JPG\"\n               data-image-id=\"16082\"\n               data-title=\"SC(1198)\"\n               data-description=\"\"\n               data-image-slug=\"sc1198\"\n               class=\"shutterset_6bd4a67f62a7de13e8a03aec327a2ec6\">\n                <img\n                    title=\"SC(1198)\"\n                    alt=\"SC(1198)\"\n                    src=\"http:\/\/www.karate-neuhofen.at\/wp-content\/gallery\/9-sommercamp-2017\/thumbs\/thumbs_SC1198.JPG\"\n                    width=\"240\"\n                    height=\"160\"\n                    style=\"max-width:100%;\"\n                \/>\n            <\/a>\n        <\/div>\n\t\t\t\t\t\t\t<\/div> \n\t\t\t\n        \n\t\t\t\t<div id=\"ngg-image-198\" class=\"ngg-gallery-thumbnail-box\" >\n\t\t\t\t        <div class=\"ngg-gallery-thumbnail\">\n            <a href=\"http:\/\/www.karate-neuhofen.at\/wp-content\/gallery\/9-sommercamp-2017\/SC1199.JPG\"\n               title=\"\"\n               data-src=\"http:\/\/www.karate-neuhofen.at\/wp-content\/gallery\/9-sommercamp-2017\/SC1199.JPG\"\n               data-thumbnail=\"http:\/\/www.karate-neuhofen.at\/wp-content\/gallery\/9-sommercamp-2017\/thumbs\/thumbs_SC1199.JPG\"\n               data-image-id=\"16083\"\n               data-title=\"SC(1199)\"\n               data-description=\"\"\n               data-image-slug=\"sc1199\"\n               class=\"shutterset_6bd4a67f62a7de13e8a03aec327a2ec6\">\n                <img\n                    title=\"SC(1199)\"\n                    alt=\"SC(1199)\"\n                    src=\"http:\/\/www.karate-neuhofen.at\/wp-content\/gallery\/9-sommercamp-2017\/thumbs\/thumbs_SC1199.JPG\"\n                    width=\"240\"\n                    height=\"160\"\n                    style=\"max-width:100%;\"\n                \/>\n            <\/a>\n        <\/div>\n\t\t\t\t\t\t\t<\/div> \n\t\t\t\n        \n\t\t\t\t<div id=\"ngg-image-199\" class=\"ngg-gallery-thumbnail-box\" >\n\t\t\t\t        <div class=\"ngg-gallery-thumbnail\">\n            <a href=\"http:\/\/www.karate-neuhofen.at\/wp-content\/gallery\/9-sommercamp-2017\/SC1200.JPG\"\n               title=\"\"\n               data-src=\"http:\/\/www.karate-neuhofen.at\/wp-content\/gallery\/9-sommercamp-2017\/SC1200.JPG\"\n               data-thumbnail=\"http:\/\/www.karate-neuhofen.at\/wp-content\/gallery\/9-sommercamp-2017\/thumbs\/thumbs_SC1200.JPG\"\n               data-image-id=\"16084\"\n               data-title=\"SC(1200)\"\n               data-description=\"\"\n               data-image-slug=\"sc1200\"\n               class=\"shutterset_6bd4a67f62a7de13e8a03aec327a2ec6\">\n                <img\n                    title=\"SC(1200)\"\n                    alt=\"SC(1200)\"\n                    src=\"http:\/\/www.karate-neuhofen.at\/wp-content\/gallery\/9-sommercamp-2017\/thumbs\/thumbs_SC1200.JPG\"\n                    width=\"240\"\n                    height=\"160\"\n                    style=\"max-width:100%;\"\n                \/>\n            <\/a>\n        <\/div>\n\t\t\t\t\t\t\t<\/div> \n\t\t\t\n        \n\t\t\t\t<div id=\"ngg-image-200\" class=\"ngg-gallery-thumbnail-box\" >\n\t\t\t\t        <div class=\"ngg-gallery-thumbnail\">\n            <a href=\"http:\/\/www.karate-neuhofen.at\/wp-content\/gallery\/9-sommercamp-2017\/SC1201.JPG\"\n               title=\"\"\n               data-src=\"http:\/\/www.karate-neuhofen.at\/wp-content\/gallery\/9-sommercamp-2017\/SC1201.JPG\"\n               data-thumbnail=\"http:\/\/www.karate-neuhofen.at\/wp-content\/gallery\/9-sommercamp-2017\/thumbs\/thumbs_SC1201.JPG\"\n               data-image-id=\"16085\"\n               data-title=\"SC(1201)\"\n               data-description=\"\"\n               data-image-slug=\"sc1201\"\n               class=\"shutterset_6bd4a67f62a7de13e8a03aec327a2ec6\">\n                <img\n                    title=\"SC(1201)\"\n                    alt=\"SC(1201)\"\n                    src=\"http:\/\/www.karate-neuhofen.at\/wp-content\/gallery\/9-sommercamp-2017\/thumbs\/thumbs_SC1201.JPG\"\n                    width=\"240\"\n                    height=\"160\"\n                    style=\"max-width:100%;\"\n                \/>\n            <\/a>\n        <\/div>\n\t\t\t\t\t\t\t<\/div> \n\t\t\t\n        \n\t\t\t\t<div id=\"ngg-image-201\" class=\"ngg-gallery-thumbnail-box\" >\n\t\t\t\t        <div class=\"ngg-gallery-thumbnail\">\n            <a href=\"http:\/\/www.karate-neuhofen.at\/wp-content\/gallery\/9-sommercamp-2017\/SC1202.JPG\"\n               title=\"\"\n               data-src=\"http:\/\/www.karate-neuhofen.at\/wp-content\/gallery\/9-sommercamp-2017\/SC1202.JPG\"\n               data-thumbnail=\"http:\/\/www.karate-neuhofen.at\/wp-content\/gallery\/9-sommercamp-2017\/thumbs\/thumbs_SC1202.JPG\"\n               data-image-id=\"16086\"\n               data-title=\"SC(1202)\"\n               data-description=\"\"\n               data-image-slug=\"sc1202\"\n               class=\"shutterset_6bd4a67f62a7de13e8a03aec327a2ec6\">\n                <img\n                    title=\"SC(1202)\"\n                    alt=\"SC(1202)\"\n                    src=\"http:\/\/www.karate-neuhofen.at\/wp-content\/gallery\/9-sommercamp-2017\/thumbs\/thumbs_SC1202.JPG\"\n                    width=\"240\"\n                    height=\"160\"\n                    style=\"max-width:100%;\"\n                \/>\n            <\/a>\n        <\/div>\n\t\t\t\t\t\t\t<\/div> \n\t\t\t\n        \n\t\t\t\t<div id=\"ngg-image-202\" class=\"ngg-gallery-thumbnail-box\" >\n\t\t\t\t        <div class=\"ngg-gallery-thumbnail\">\n            <a href=\"http:\/\/www.karate-neuhofen.at\/wp-content\/gallery\/9-sommercamp-2017\/SC1203.JPG\"\n               title=\"\"\n               data-src=\"http:\/\/www.karate-neuhofen.at\/wp-content\/gallery\/9-sommercamp-2017\/SC1203.JPG\"\n               data-thumbnail=\"http:\/\/www.karate-neuhofen.at\/wp-content\/gallery\/9-sommercamp-2017\/thumbs\/thumbs_SC1203.JPG\"\n               data-image-id=\"16087\"\n               data-title=\"SC(1203)\"\n               data-description=\"\"\n               data-image-slug=\"sc1203\"\n               class=\"shutterset_6bd4a67f62a7de13e8a03aec327a2ec6\">\n                <img\n                    title=\"SC(1203)\"\n                    alt=\"SC(1203)\"\n                    src=\"http:\/\/www.karate-neuhofen.at\/wp-content\/gallery\/9-sommercamp-2017\/thumbs\/thumbs_SC1203.JPG\"\n                    width=\"240\"\n                    height=\"160\"\n                    style=\"max-width:100%;\"\n                \/>\n            <\/a>\n        <\/div>\n\t\t\t\t\t\t\t<\/div> \n\t\t\t\n        \n\t\t\t\t<div id=\"ngg-image-203\" class=\"ngg-gallery-thumbnail-box\" >\n\t\t\t\t        <div class=\"ngg-gallery-thumbnail\">\n            <a href=\"http:\/\/www.karate-neuhofen.at\/wp-content\/gallery\/9-sommercamp-2017\/SC1204.JPG\"\n               title=\"\"\n               data-src=\"http:\/\/www.karate-neuhofen.at\/wp-content\/gallery\/9-sommercamp-2017\/SC1204.JPG\"\n               data-thumbnail=\"http:\/\/www.karate-neuhofen.at\/wp-content\/gallery\/9-sommercamp-2017\/thumbs\/thumbs_SC1204.JPG\"\n               data-image-id=\"16088\"\n               data-title=\"SC(1204)\"\n               data-description=\"\"\n               data-image-slug=\"sc1204\"\n               class=\"shutterset_6bd4a67f62a7de13e8a03aec327a2ec6\">\n                <img\n                    title=\"SC(1204)\"\n                    alt=\"SC(1204)\"\n                    src=\"http:\/\/www.karate-neuhofen.at\/wp-content\/gallery\/9-sommercamp-2017\/thumbs\/thumbs_SC1204.JPG\"\n                    width=\"240\"\n                    height=\"160\"\n                    style=\"max-width:100%;\"\n                \/>\n            <\/a>\n        <\/div>\n\t\t\t\t\t\t\t<\/div> \n\t\t\t\n        \n\t\t\t\t<div id=\"ngg-image-204\" class=\"ngg-gallery-thumbnail-box\" >\n\t\t\t\t        <div class=\"ngg-gallery-thumbnail\">\n            <a href=\"http:\/\/www.karate-neuhofen.at\/wp-content\/gallery\/9-sommercamp-2017\/SC1205.JPG\"\n               title=\"\"\n               data-src=\"http:\/\/www.karate-neuhofen.at\/wp-content\/gallery\/9-sommercamp-2017\/SC1205.JPG\"\n               data-thumbnail=\"http:\/\/www.karate-neuhofen.at\/wp-content\/gallery\/9-sommercamp-2017\/thumbs\/thumbs_SC1205.JPG\"\n               data-image-id=\"16089\"\n               data-title=\"SC(1205)\"\n               data-description=\"\"\n               data-image-slug=\"sc1205\"\n               class=\"shutterset_6bd4a67f62a7de13e8a03aec327a2ec6\">\n                <img\n                    title=\"SC(1205)\"\n                    alt=\"SC(1205)\"\n                    src=\"http:\/\/www.karate-neuhofen.at\/wp-content\/gallery\/9-sommercamp-2017\/thumbs\/thumbs_SC1205.JPG\"\n                    width=\"240\"\n                    height=\"160\"\n                    style=\"max-width:100%;\"\n                \/>\n            <\/a>\n        <\/div>\n\t\t\t\t\t\t\t<\/div> \n\t\t\t\n        \n\t\t\t\t<div id=\"ngg-image-205\" class=\"ngg-gallery-thumbnail-box\" >\n\t\t\t\t        <div class=\"ngg-gallery-thumbnail\">\n            <a href=\"http:\/\/www.karate-neuhofen.at\/wp-content\/gallery\/9-sommercamp-2017\/SC1206.JPG\"\n               title=\"\"\n               data-src=\"http:\/\/www.karate-neuhofen.at\/wp-content\/gallery\/9-sommercamp-2017\/SC1206.JPG\"\n               data-thumbnail=\"http:\/\/www.karate-neuhofen.at\/wp-content\/gallery\/9-sommercamp-2017\/thumbs\/thumbs_SC1206.JPG\"\n               data-image-id=\"16090\"\n               data-title=\"SC(1206)\"\n               data-description=\"\"\n               data-image-slug=\"sc1206\"\n               class=\"shutterset_6bd4a67f62a7de13e8a03aec327a2ec6\">\n                <img\n                    title=\"SC(1206)\"\n                    alt=\"SC(1206)\"\n                    src=\"http:\/\/www.karate-neuhofen.at\/wp-content\/gallery\/9-sommercamp-2017\/thumbs\/thumbs_SC1206.JPG\"\n                    width=\"240\"\n                    height=\"160\"\n                    style=\"max-width:100%;\"\n                \/>\n            <\/a>\n        <\/div>\n\t\t\t\t\t\t\t<\/div> \n\t\t\t\n        \n\t\t\t\t<div id=\"ngg-image-206\" class=\"ngg-gallery-thumbnail-box\" >\n\t\t\t\t        <div class=\"ngg-gallery-thumbnail\">\n            <a href=\"http:\/\/www.karate-neuhofen.at\/wp-content\/gallery\/9-sommercamp-2017\/SC1207.JPG\"\n               title=\"\"\n               data-src=\"http:\/\/www.karate-neuhofen.at\/wp-content\/gallery\/9-sommercamp-2017\/SC1207.JPG\"\n               data-thumbnail=\"http:\/\/www.karate-neuhofen.at\/wp-content\/gallery\/9-sommercamp-2017\/thumbs\/thumbs_SC1207.JPG\"\n               data-image-id=\"16091\"\n               data-title=\"SC(1207)\"\n               data-description=\"\"\n               data-image-slug=\"sc1207\"\n               class=\"shutterset_6bd4a67f62a7de13e8a03aec327a2ec6\">\n                <img\n                    title=\"SC(1207)\"\n                    alt=\"SC(1207)\"\n                    src=\"http:\/\/www.karate-neuhofen.at\/wp-content\/gallery\/9-sommercamp-2017\/thumbs\/thumbs_SC1207.JPG\"\n                    width=\"240\"\n                    height=\"160\"\n                    style=\"max-width:100%;\"\n                \/>\n            <\/a>\n        <\/div>\n\t\t\t\t\t\t\t<\/div> \n\t\t\t\n        \n\t\t\t\t<div id=\"ngg-image-207\" class=\"ngg-gallery-thumbnail-box\" >\n\t\t\t\t        <div class=\"ngg-gallery-thumbnail\">\n            <a href=\"http:\/\/www.karate-neuhofen.at\/wp-content\/gallery\/9-sommercamp-2017\/SC1208.JPG\"\n               title=\"\"\n               data-src=\"http:\/\/www.karate-neuhofen.at\/wp-content\/gallery\/9-sommercamp-2017\/SC1208.JPG\"\n               data-thumbnail=\"http:\/\/www.karate-neuhofen.at\/wp-content\/gallery\/9-sommercamp-2017\/thumbs\/thumbs_SC1208.JPG\"\n               data-image-id=\"16092\"\n               data-title=\"SC(1208)\"\n               data-description=\"\"\n               data-image-slug=\"sc1208\"\n               class=\"shutterset_6bd4a67f62a7de13e8a03aec327a2ec6\">\n                <img\n                    title=\"SC(1208)\"\n                    alt=\"SC(1208)\"\n                    src=\"http:\/\/www.karate-neuhofen.at\/wp-content\/gallery\/9-sommercamp-2017\/thumbs\/thumbs_SC1208.JPG\"\n                    width=\"240\"\n                    height=\"160\"\n                    style=\"max-width:100%;\"\n                \/>\n            <\/a>\n        <\/div>\n\t\t\t\t\t\t\t<\/div> \n\t\t\t\n        \n\t\t\t\t<div id=\"ngg-image-208\" class=\"ngg-gallery-thumbnail-box\" >\n\t\t\t\t        <div class=\"ngg-gallery-thumbnail\">\n            <a href=\"http:\/\/www.karate-neuhofen.at\/wp-content\/gallery\/9-sommercamp-2017\/SC1209.JPG\"\n               title=\"\"\n               data-src=\"http:\/\/www.karate-neuhofen.at\/wp-content\/gallery\/9-sommercamp-2017\/SC1209.JPG\"\n               data-thumbnail=\"http:\/\/www.karate-neuhofen.at\/wp-content\/gallery\/9-sommercamp-2017\/thumbs\/thumbs_SC1209.JPG\"\n               data-image-id=\"16093\"\n               data-title=\"SC(1209)\"\n               data-description=\"\"\n               data-image-slug=\"sc1209\"\n               class=\"shutterset_6bd4a67f62a7de13e8a03aec327a2ec6\">\n                <img\n                    title=\"SC(1209)\"\n                    alt=\"SC(1209)\"\n                    src=\"http:\/\/www.karate-neuhofen.at\/wp-content\/gallery\/9-sommercamp-2017\/thumbs\/thumbs_SC1209.JPG\"\n                    width=\"240\"\n                    height=\"160\"\n                    style=\"max-width:100%;\"\n                \/>\n            <\/a>\n        <\/div>\n\t\t\t\t\t\t\t<\/div> \n\t\t\t\n        \n\t\t\t\t<div id=\"ngg-image-209\" class=\"ngg-gallery-thumbnail-box\" >\n\t\t\t\t        <div class=\"ngg-gallery-thumbnail\">\n            <a href=\"http:\/\/www.karate-neuhofen.at\/wp-content\/gallery\/9-sommercamp-2017\/SC1210.JPG\"\n               title=\"\"\n               data-src=\"http:\/\/www.karate-neuhofen.at\/wp-content\/gallery\/9-sommercamp-2017\/SC1210.JPG\"\n               data-thumbnail=\"http:\/\/www.karate-neuhofen.at\/wp-content\/gallery\/9-sommercamp-2017\/thumbs\/thumbs_SC1210.JPG\"\n               data-image-id=\"16094\"\n               data-title=\"SC(1210)\"\n               data-description=\"\"\n               data-image-slug=\"sc1210\"\n               class=\"shutterset_6bd4a67f62a7de13e8a03aec327a2ec6\">\n                <img\n                    title=\"SC(1210)\"\n                    alt=\"SC(1210)\"\n                    src=\"http:\/\/www.karate-neuhofen.at\/wp-content\/gallery\/9-sommercamp-2017\/thumbs\/thumbs_SC1210.JPG\"\n                    width=\"240\"\n                    height=\"160\"\n                    style=\"max-width:100%;\"\n                \/>\n            <\/a>\n        <\/div>\n\t\t\t\t\t\t\t<\/div> \n\t\t\t\n        \n\t\t\t\t<div id=\"ngg-image-210\" class=\"ngg-gallery-thumbnail-box\" >\n\t\t\t\t        <div class=\"ngg-gallery-thumbnail\">\n            <a href=\"http:\/\/www.karate-neuhofen.at\/wp-content\/gallery\/9-sommercamp-2017\/SC1211.JPG\"\n               title=\"\"\n               data-src=\"http:\/\/www.karate-neuhofen.at\/wp-content\/gallery\/9-sommercamp-2017\/SC1211.JPG\"\n               data-thumbnail=\"http:\/\/www.karate-neuhofen.at\/wp-content\/gallery\/9-sommercamp-2017\/thumbs\/thumbs_SC1211.JPG\"\n               data-image-id=\"16095\"\n               data-title=\"SC(1211)\"\n               data-description=\"\"\n               data-image-slug=\"sc1211\"\n               class=\"shutterset_6bd4a67f62a7de13e8a03aec327a2ec6\">\n                <img\n                    title=\"SC(1211)\"\n                    alt=\"SC(1211)\"\n                    src=\"http:\/\/www.karate-neuhofen.at\/wp-content\/gallery\/9-sommercamp-2017\/thumbs\/thumbs_SC1211.JPG\"\n                    width=\"240\"\n                    height=\"160\"\n                    style=\"max-width:100%;\"\n                \/>\n            <\/a>\n        <\/div>\n\t\t\t\t\t\t\t<\/div> \n\t\t\t\n        \n\t\t\t\t<div id=\"ngg-image-211\" class=\"ngg-gallery-thumbnail-box\" >\n\t\t\t\t        <div class=\"ngg-gallery-thumbnail\">\n            <a href=\"http:\/\/www.karate-neuhofen.at\/wp-content\/gallery\/9-sommercamp-2017\/SC1212.JPG\"\n               title=\"\"\n               data-src=\"http:\/\/www.karate-neuhofen.at\/wp-content\/gallery\/9-sommercamp-2017\/SC1212.JPG\"\n               data-thumbnail=\"http:\/\/www.karate-neuhofen.at\/wp-content\/gallery\/9-sommercamp-2017\/thumbs\/thumbs_SC1212.JPG\"\n               data-image-id=\"16096\"\n               data-title=\"SC(1212)\"\n               data-description=\"\"\n               data-image-slug=\"sc1212\"\n               class=\"shutterset_6bd4a67f62a7de13e8a03aec327a2ec6\">\n                <img\n                    title=\"SC(1212)\"\n                    alt=\"SC(1212)\"\n                    src=\"http:\/\/www.karate-neuhofen.at\/wp-content\/gallery\/9-sommercamp-2017\/thumbs\/thumbs_SC1212.JPG\"\n                    width=\"240\"\n                    height=\"160\"\n                    style=\"max-width:100%;\"\n                \/>\n            <\/a>\n        <\/div>\n\t\t\t\t\t\t\t<\/div> \n\t\t\t\n        \n\t\t\t\t<div id=\"ngg-image-212\" class=\"ngg-gallery-thumbnail-box\" >\n\t\t\t\t        <div class=\"ngg-gallery-thumbnail\">\n            <a href=\"http:\/\/www.karate-neuhofen.at\/wp-content\/gallery\/9-sommercamp-2017\/SC1213.JPG\"\n               title=\"\"\n               data-src=\"http:\/\/www.karate-neuhofen.at\/wp-content\/gallery\/9-sommercamp-2017\/SC1213.JPG\"\n               data-thumbnail=\"http:\/\/www.karate-neuhofen.at\/wp-content\/gallery\/9-sommercamp-2017\/thumbs\/thumbs_SC1213.JPG\"\n               data-image-id=\"16097\"\n               data-title=\"SC(1213)\"\n               data-description=\"\"\n               data-image-slug=\"sc1213\"\n               class=\"shutterset_6bd4a67f62a7de13e8a03aec327a2ec6\">\n                <img\n                    title=\"SC(1213)\"\n                    alt=\"SC(1213)\"\n                    src=\"http:\/\/www.karate-neuhofen.at\/wp-content\/gallery\/9-sommercamp-2017\/thumbs\/thumbs_SC1213.JPG\"\n                    width=\"240\"\n                    height=\"160\"\n                    style=\"max-width:100%;\"\n                \/>\n            <\/a>\n        <\/div>\n\t\t\t\t\t\t\t<\/div> \n\t\t\t\n        \n\t\t\t\t<div id=\"ngg-image-213\" class=\"ngg-gallery-thumbnail-box\" >\n\t\t\t\t        <div class=\"ngg-gallery-thumbnail\">\n            <a href=\"http:\/\/www.karate-neuhofen.at\/wp-content\/gallery\/9-sommercamp-2017\/SC1214.JPG\"\n               title=\"\"\n               data-src=\"http:\/\/www.karate-neuhofen.at\/wp-content\/gallery\/9-sommercamp-2017\/SC1214.JPG\"\n               data-thumbnail=\"http:\/\/www.karate-neuhofen.at\/wp-content\/gallery\/9-sommercamp-2017\/thumbs\/thumbs_SC1214.JPG\"\n               data-image-id=\"16098\"\n               data-title=\"SC(1214)\"\n               data-description=\"\"\n               data-image-slug=\"sc1214\"\n               class=\"shutterset_6bd4a67f62a7de13e8a03aec327a2ec6\">\n                <img\n                    title=\"SC(1214)\"\n                    alt=\"SC(1214)\"\n                    src=\"http:\/\/www.karate-neuhofen.at\/wp-content\/gallery\/9-sommercamp-2017\/thumbs\/thumbs_SC1214.JPG\"\n                    width=\"240\"\n                    height=\"160\"\n                    style=\"max-width:100%;\"\n                \/>\n            <\/a>\n        <\/div>\n\t\t\t\t\t\t\t<\/div> \n\t\t\t\n        \n\t\t\t\t<div id=\"ngg-image-214\" class=\"ngg-gallery-thumbnail-box\" >\n\t\t\t\t        <div class=\"ngg-gallery-thumbnail\">\n            <a href=\"http:\/\/www.karate-neuhofen.at\/wp-content\/gallery\/9-sommercamp-2017\/SC1215.JPG\"\n               title=\"\"\n               data-src=\"http:\/\/www.karate-neuhofen.at\/wp-content\/gallery\/9-sommercamp-2017\/SC1215.JPG\"\n               data-thumbnail=\"http:\/\/www.karate-neuhofen.at\/wp-content\/gallery\/9-sommercamp-2017\/thumbs\/thumbs_SC1215.JPG\"\n               data-image-id=\"16099\"\n               data-title=\"SC(1215)\"\n               data-description=\"\"\n               data-image-slug=\"sc1215\"\n               class=\"shutterset_6bd4a67f62a7de13e8a03aec327a2ec6\">\n                <img\n                    title=\"SC(1215)\"\n                    alt=\"SC(1215)\"\n                    src=\"http:\/\/www.karate-neuhofen.at\/wp-content\/gallery\/9-sommercamp-2017\/thumbs\/thumbs_SC1215.JPG\"\n                    width=\"240\"\n                    height=\"160\"\n                    style=\"max-width:100%;\"\n                \/>\n            <\/a>\n        <\/div>\n\t\t\t\t\t\t\t<\/div> \n\t\t\t\n        \n\t\t\t\t<div id=\"ngg-image-215\" class=\"ngg-gallery-thumbnail-box\" >\n\t\t\t\t        <div class=\"ngg-gallery-thumbnail\">\n            <a href=\"http:\/\/www.karate-neuhofen.at\/wp-content\/gallery\/9-sommercamp-2017\/SC1216.JPG\"\n               title=\"\"\n               data-src=\"http:\/\/www.karate-neuhofen.at\/wp-content\/gallery\/9-sommercamp-2017\/SC1216.JPG\"\n               data-thumbnail=\"http:\/\/www.karate-neuhofen.at\/wp-content\/gallery\/9-sommercamp-2017\/thumbs\/thumbs_SC1216.JPG\"\n               data-image-id=\"16100\"\n               data-title=\"SC(1216)\"\n               data-description=\"\"\n               data-image-slug=\"sc1216\"\n               class=\"shutterset_6bd4a67f62a7de13e8a03aec327a2ec6\">\n                <img\n                    title=\"SC(1216)\"\n                    alt=\"SC(1216)\"\n                    src=\"http:\/\/www.karate-neuhofen.at\/wp-content\/gallery\/9-sommercamp-2017\/thumbs\/thumbs_SC1216.JPG\"\n                    width=\"240\"\n                    height=\"160\"\n                    style=\"max-width:100%;\"\n                \/>\n            <\/a>\n        <\/div>\n\t\t\t\t\t\t\t<\/div> \n\t\t\t\n        \n\t\t\t\t<div id=\"ngg-image-216\" class=\"ngg-gallery-thumbnail-box\" >\n\t\t\t\t        <div class=\"ngg-gallery-thumbnail\">\n            <a href=\"http:\/\/www.karate-neuhofen.at\/wp-content\/gallery\/9-sommercamp-2017\/SC1217.JPG\"\n               title=\"\"\n               data-src=\"http:\/\/www.karate-neuhofen.at\/wp-content\/gallery\/9-sommercamp-2017\/SC1217.JPG\"\n               data-thumbnail=\"http:\/\/www.karate-neuhofen.at\/wp-content\/gallery\/9-sommercamp-2017\/thumbs\/thumbs_SC1217.JPG\"\n               data-image-id=\"16101\"\n               data-title=\"SC(1217)\"\n               data-description=\"\"\n               data-image-slug=\"sc1217\"\n               class=\"shutterset_6bd4a67f62a7de13e8a03aec327a2ec6\">\n                <img\n                    title=\"SC(1217)\"\n                    alt=\"SC(1217)\"\n                    src=\"http:\/\/www.karate-neuhofen.at\/wp-content\/gallery\/9-sommercamp-2017\/thumbs\/thumbs_SC1217.JPG\"\n                    width=\"240\"\n                    height=\"160\"\n                    style=\"max-width:100%;\"\n                \/>\n            <\/a>\n        <\/div>\n\t\t\t\t\t\t\t<\/div> \n\t\t\t\n        \n\t\t\t\t<div id=\"ngg-image-217\" class=\"ngg-gallery-thumbnail-box\" >\n\t\t\t\t        <div class=\"ngg-gallery-thumbnail\">\n            <a href=\"http:\/\/www.karate-neuhofen.at\/wp-content\/gallery\/9-sommercamp-2017\/SC1218.JPG\"\n               title=\"\"\n               data-src=\"http:\/\/www.karate-neuhofen.at\/wp-content\/gallery\/9-sommercamp-2017\/SC1218.JPG\"\n               data-thumbnail=\"http:\/\/www.karate-neuhofen.at\/wp-content\/gallery\/9-sommercamp-2017\/thumbs\/thumbs_SC1218.JPG\"\n               data-image-id=\"16102\"\n               data-title=\"SC(1218)\"\n               data-description=\"\"\n               data-image-slug=\"sc1218\"\n               class=\"shutterset_6bd4a67f62a7de13e8a03aec327a2ec6\">\n                <img\n                    title=\"SC(1218)\"\n                    alt=\"SC(1218)\"\n                    src=\"http:\/\/www.karate-neuhofen.at\/wp-content\/gallery\/9-sommercamp-2017\/thumbs\/thumbs_SC1218.JPG\"\n                    width=\"240\"\n                    height=\"160\"\n                    style=\"max-width:100%;\"\n                \/>\n            <\/a>\n        <\/div>\n\t\t\t\t\t\t\t<\/div> \n\t\t\t\n        \n\t\t\t\t<div id=\"ngg-image-218\" class=\"ngg-gallery-thumbnail-box\" >\n\t\t\t\t        <div class=\"ngg-gallery-thumbnail\">\n            <a href=\"http:\/\/www.karate-neuhofen.at\/wp-content\/gallery\/9-sommercamp-2017\/SC1219.JPG\"\n               title=\"\"\n               data-src=\"http:\/\/www.karate-neuhofen.at\/wp-content\/gallery\/9-sommercamp-2017\/SC1219.JPG\"\n               data-thumbnail=\"http:\/\/www.karate-neuhofen.at\/wp-content\/gallery\/9-sommercamp-2017\/thumbs\/thumbs_SC1219.JPG\"\n               data-image-id=\"16103\"\n               data-title=\"SC(1219)\"\n               data-description=\"\"\n               data-image-slug=\"sc1219\"\n               class=\"shutterset_6bd4a67f62a7de13e8a03aec327a2ec6\">\n                <img\n                    title=\"SC(1219)\"\n                    alt=\"SC(1219)\"\n                    src=\"http:\/\/www.karate-neuhofen.at\/wp-content\/gallery\/9-sommercamp-2017\/thumbs\/thumbs_SC1219.JPG\"\n                    width=\"240\"\n                    height=\"160\"\n                    style=\"max-width:100%;\"\n                \/>\n            <\/a>\n        <\/div>\n\t\t\t\t\t\t\t<\/div> \n\t\t\t\n        \n\t\t\t\t<div id=\"ngg-image-219\" class=\"ngg-gallery-thumbnail-box\" >\n\t\t\t\t        <div class=\"ngg-gallery-thumbnail\">\n            <a href=\"http:\/\/www.karate-neuhofen.at\/wp-content\/gallery\/9-sommercamp-2017\/SC1220.JPG\"\n               title=\"\"\n               data-src=\"http:\/\/www.karate-neuhofen.at\/wp-content\/gallery\/9-sommercamp-2017\/SC1220.JPG\"\n               data-thumbnail=\"http:\/\/www.karate-neuhofen.at\/wp-content\/gallery\/9-sommercamp-2017\/thumbs\/thumbs_SC1220.JPG\"\n               data-image-id=\"16104\"\n               data-title=\"SC(1220)\"\n               data-description=\"\"\n               data-image-slug=\"sc1220\"\n               class=\"shutterset_6bd4a67f62a7de13e8a03aec327a2ec6\">\n                <img\n                    title=\"SC(1220)\"\n                    alt=\"SC(1220)\"\n                    src=\"http:\/\/www.karate-neuhofen.at\/wp-content\/gallery\/9-sommercamp-2017\/thumbs\/thumbs_SC1220.JPG\"\n                    width=\"240\"\n                    height=\"160\"\n                    style=\"max-width:100%;\"\n                \/>\n            <\/a>\n        <\/div>\n\t\t\t\t\t\t\t<\/div> \n\t\t\t\n        \n\t\t\t\t<div id=\"ngg-image-220\" class=\"ngg-gallery-thumbnail-box\" >\n\t\t\t\t        <div class=\"ngg-gallery-thumbnail\">\n            <a href=\"http:\/\/www.karate-neuhofen.at\/wp-content\/gallery\/9-sommercamp-2017\/SC1221.JPG\"\n               title=\"\"\n               data-src=\"http:\/\/www.karate-neuhofen.at\/wp-content\/gallery\/9-sommercamp-2017\/SC1221.JPG\"\n               data-thumbnail=\"http:\/\/www.karate-neuhofen.at\/wp-content\/gallery\/9-sommercamp-2017\/thumbs\/thumbs_SC1221.JPG\"\n               data-image-id=\"16105\"\n               data-title=\"SC(1221)\"\n               data-description=\"\"\n               data-image-slug=\"sc1221\"\n               class=\"shutterset_6bd4a67f62a7de13e8a03aec327a2ec6\">\n                <img\n                    title=\"SC(1221)\"\n                    alt=\"SC(1221)\"\n                    src=\"http:\/\/www.karate-neuhofen.at\/wp-content\/gallery\/9-sommercamp-2017\/thumbs\/thumbs_SC1221.JPG\"\n                    width=\"240\"\n                    height=\"160\"\n                    style=\"max-width:100%;\"\n                \/>\n            <\/a>\n        <\/div>\n\t\t\t\t\t\t\t<\/div> \n\t\t\t\n        \n\t\t\t\t<div id=\"ngg-image-221\" class=\"ngg-gallery-thumbnail-box\" >\n\t\t\t\t        <div class=\"ngg-gallery-thumbnail\">\n            <a href=\"http:\/\/www.karate-neuhofen.at\/wp-content\/gallery\/9-sommercamp-2017\/SC1222.JPG\"\n               title=\"\"\n               data-src=\"http:\/\/www.karate-neuhofen.at\/wp-content\/gallery\/9-sommercamp-2017\/SC1222.JPG\"\n               data-thumbnail=\"http:\/\/www.karate-neuhofen.at\/wp-content\/gallery\/9-sommercamp-2017\/thumbs\/thumbs_SC1222.JPG\"\n               data-image-id=\"16106\"\n               data-title=\"SC(1222)\"\n               data-description=\"\"\n               data-image-slug=\"sc1222\"\n               class=\"shutterset_6bd4a67f62a7de13e8a03aec327a2ec6\">\n                <img\n                    title=\"SC(1222)\"\n                    alt=\"SC(1222)\"\n                    src=\"http:\/\/www.karate-neuhofen.at\/wp-content\/gallery\/9-sommercamp-2017\/thumbs\/thumbs_SC1222.JPG\"\n                    width=\"240\"\n                    height=\"160\"\n                    style=\"max-width:100%;\"\n                \/>\n            <\/a>\n        <\/div>\n\t\t\t\t\t\t\t<\/div> \n\t\t\t\n        \n\t\t\t\t<div id=\"ngg-image-222\" class=\"ngg-gallery-thumbnail-box\" >\n\t\t\t\t        <div class=\"ngg-gallery-thumbnail\">\n            <a href=\"http:\/\/www.karate-neuhofen.at\/wp-content\/gallery\/9-sommercamp-2017\/SC2001.JPG\"\n               title=\"\"\n               data-src=\"http:\/\/www.karate-neuhofen.at\/wp-content\/gallery\/9-sommercamp-2017\/SC2001.JPG\"\n               data-thumbnail=\"http:\/\/www.karate-neuhofen.at\/wp-content\/gallery\/9-sommercamp-2017\/thumbs\/thumbs_SC2001.JPG\"\n               data-image-id=\"16107\"\n               data-title=\"SC(2001)\"\n               data-description=\"\"\n               data-image-slug=\"sc2001\"\n               class=\"shutterset_6bd4a67f62a7de13e8a03aec327a2ec6\">\n                <img\n                    title=\"SC(2001)\"\n                    alt=\"SC(2001)\"\n                    src=\"http:\/\/www.karate-neuhofen.at\/wp-content\/gallery\/9-sommercamp-2017\/thumbs\/thumbs_SC2001.JPG\"\n                    width=\"240\"\n                    height=\"160\"\n                    style=\"max-width:100%;\"\n                \/>\n            <\/a>\n        <\/div>\n\t\t\t\t\t\t\t<\/div> \n\t\t\t\n        \n\t\t\t\t<div id=\"ngg-image-223\" class=\"ngg-gallery-thumbnail-box\" >\n\t\t\t\t        <div class=\"ngg-gallery-thumbnail\">\n            <a href=\"http:\/\/www.karate-neuhofen.at\/wp-content\/gallery\/9-sommercamp-2017\/SC2002.JPG\"\n               title=\"\"\n               data-src=\"http:\/\/www.karate-neuhofen.at\/wp-content\/gallery\/9-sommercamp-2017\/SC2002.JPG\"\n               data-thumbnail=\"http:\/\/www.karate-neuhofen.at\/wp-content\/gallery\/9-sommercamp-2017\/thumbs\/thumbs_SC2002.JPG\"\n               data-image-id=\"16108\"\n               data-title=\"SC(2002)\"\n               data-description=\"\"\n               data-image-slug=\"sc2002\"\n               class=\"shutterset_6bd4a67f62a7de13e8a03aec327a2ec6\">\n                <img\n                    title=\"SC(2002)\"\n                    alt=\"SC(2002)\"\n                    src=\"http:\/\/www.karate-neuhofen.at\/wp-content\/gallery\/9-sommercamp-2017\/thumbs\/thumbs_SC2002.JPG\"\n                    width=\"240\"\n                    height=\"160\"\n                    style=\"max-width:100%;\"\n                \/>\n            <\/a>\n        <\/div>\n\t\t\t\t\t\t\t<\/div> \n\t\t\t\n        \n\t\t\t\t<div id=\"ngg-image-224\" class=\"ngg-gallery-thumbnail-box\" >\n\t\t\t\t        <div class=\"ngg-gallery-thumbnail\">\n            <a href=\"http:\/\/www.karate-neuhofen.at\/wp-content\/gallery\/9-sommercamp-2017\/SC2003.JPG\"\n               title=\"\"\n               data-src=\"http:\/\/www.karate-neuhofen.at\/wp-content\/gallery\/9-sommercamp-2017\/SC2003.JPG\"\n               data-thumbnail=\"http:\/\/www.karate-neuhofen.at\/wp-content\/gallery\/9-sommercamp-2017\/thumbs\/thumbs_SC2003.JPG\"\n               data-image-id=\"16109\"\n               data-title=\"SC(2003)\"\n               data-description=\"\"\n               data-image-slug=\"sc2003\"\n               class=\"shutterset_6bd4a67f62a7de13e8a03aec327a2ec6\">\n                <img\n                    title=\"SC(2003)\"\n                    alt=\"SC(2003)\"\n                    src=\"http:\/\/www.karate-neuhofen.at\/wp-content\/gallery\/9-sommercamp-2017\/thumbs\/thumbs_SC2003.JPG\"\n                    width=\"240\"\n                    height=\"160\"\n                    style=\"max-width:100%;\"\n                \/>\n            <\/a>\n        <\/div>\n\t\t\t\t\t\t\t<\/div> \n\t\t\t\n        \n\t\t\t\t<div id=\"ngg-image-225\" class=\"ngg-gallery-thumbnail-box\" >\n\t\t\t\t        <div class=\"ngg-gallery-thumbnail\">\n            <a href=\"http:\/\/www.karate-neuhofen.at\/wp-content\/gallery\/9-sommercamp-2017\/SC2004.JPG\"\n               title=\"\"\n               data-src=\"http:\/\/www.karate-neuhofen.at\/wp-content\/gallery\/9-sommercamp-2017\/SC2004.JPG\"\n               data-thumbnail=\"http:\/\/www.karate-neuhofen.at\/wp-content\/gallery\/9-sommercamp-2017\/thumbs\/thumbs_SC2004.JPG\"\n               data-image-id=\"16110\"\n               data-title=\"SC(2004)\"\n               data-description=\"\"\n               data-image-slug=\"sc2004\"\n               class=\"shutterset_6bd4a67f62a7de13e8a03aec327a2ec6\">\n                <img\n                    title=\"SC(2004)\"\n                    alt=\"SC(2004)\"\n                    src=\"http:\/\/www.karate-neuhofen.at\/wp-content\/gallery\/9-sommercamp-2017\/thumbs\/thumbs_SC2004.JPG\"\n                    width=\"240\"\n                    height=\"160\"\n                    style=\"max-width:100%;\"\n                \/>\n            <\/a>\n        <\/div>\n\t\t\t\t\t\t\t<\/div> \n\t\t\t\n        \n\t\t\t\t<div id=\"ngg-image-226\" class=\"ngg-gallery-thumbnail-box\" >\n\t\t\t\t        <div class=\"ngg-gallery-thumbnail\">\n            <a href=\"http:\/\/www.karate-neuhofen.at\/wp-content\/gallery\/9-sommercamp-2017\/SC2005.JPG\"\n               title=\"\"\n               data-src=\"http:\/\/www.karate-neuhofen.at\/wp-content\/gallery\/9-sommercamp-2017\/SC2005.JPG\"\n               data-thumbnail=\"http:\/\/www.karate-neuhofen.at\/wp-content\/gallery\/9-sommercamp-2017\/thumbs\/thumbs_SC2005.JPG\"\n               data-image-id=\"16111\"\n               data-title=\"SC(2005)\"\n               data-description=\"\"\n               data-image-slug=\"sc2005\"\n               class=\"shutterset_6bd4a67f62a7de13e8a03aec327a2ec6\">\n                <img\n                    title=\"SC(2005)\"\n                    alt=\"SC(2005)\"\n                    src=\"http:\/\/www.karate-neuhofen.at\/wp-content\/gallery\/9-sommercamp-2017\/thumbs\/thumbs_SC2005.JPG\"\n                    width=\"240\"\n                    height=\"160\"\n                    style=\"max-width:100%;\"\n                \/>\n            <\/a>\n        <\/div>\n\t\t\t\t\t\t\t<\/div> \n\t\t\t\n        \n\t\t\t\t<div id=\"ngg-image-227\" class=\"ngg-gallery-thumbnail-box\" >\n\t\t\t\t        <div class=\"ngg-gallery-thumbnail\">\n            <a href=\"http:\/\/www.karate-neuhofen.at\/wp-content\/gallery\/9-sommercamp-2017\/SC2006.JPG\"\n               title=\"\"\n               data-src=\"http:\/\/www.karate-neuhofen.at\/wp-content\/gallery\/9-sommercamp-2017\/SC2006.JPG\"\n               data-thumbnail=\"http:\/\/www.karate-neuhofen.at\/wp-content\/gallery\/9-sommercamp-2017\/thumbs\/thumbs_SC2006.JPG\"\n               data-image-id=\"16112\"\n               data-title=\"SC(2006)\"\n               data-description=\"\"\n               data-image-slug=\"sc2006\"\n               class=\"shutterset_6bd4a67f62a7de13e8a03aec327a2ec6\">\n                <img\n                    title=\"SC(2006)\"\n                    alt=\"SC(2006)\"\n                    src=\"http:\/\/www.karate-neuhofen.at\/wp-content\/gallery\/9-sommercamp-2017\/thumbs\/thumbs_SC2006.JPG\"\n                    width=\"240\"\n                    height=\"160\"\n                    style=\"max-width:100%;\"\n                \/>\n            <\/a>\n        <\/div>\n\t\t\t\t\t\t\t<\/div> \n\t\t\t\n        \n\t\t\t\t<div id=\"ngg-image-228\" class=\"ngg-gallery-thumbnail-box\" >\n\t\t\t\t        <div class=\"ngg-gallery-thumbnail\">\n            <a href=\"http:\/\/www.karate-neuhofen.at\/wp-content\/gallery\/9-sommercamp-2017\/SC2007.JPG\"\n               title=\"\"\n               data-src=\"http:\/\/www.karate-neuhofen.at\/wp-content\/gallery\/9-sommercamp-2017\/SC2007.JPG\"\n               data-thumbnail=\"http:\/\/www.karate-neuhofen.at\/wp-content\/gallery\/9-sommercamp-2017\/thumbs\/thumbs_SC2007.JPG\"\n               data-image-id=\"16113\"\n               data-title=\"SC(2007)\"\n               data-description=\"\"\n               data-image-slug=\"sc2007\"\n               class=\"shutterset_6bd4a67f62a7de13e8a03aec327a2ec6\">\n                <img\n                    title=\"SC(2007)\"\n                    alt=\"SC(2007)\"\n                    src=\"http:\/\/www.karate-neuhofen.at\/wp-content\/gallery\/9-sommercamp-2017\/thumbs\/thumbs_SC2007.JPG\"\n                    width=\"240\"\n                    height=\"160\"\n                    style=\"max-width:100%;\"\n                \/>\n            <\/a>\n        <\/div>\n\t\t\t\t\t\t\t<\/div> \n\t\t\t\n        \n\t\t\t\t<div id=\"ngg-image-229\" class=\"ngg-gallery-thumbnail-box\" >\n\t\t\t\t        <div class=\"ngg-gallery-thumbnail\">\n            <a href=\"http:\/\/www.karate-neuhofen.at\/wp-content\/gallery\/9-sommercamp-2017\/SC2008.JPG\"\n               title=\"\"\n               data-src=\"http:\/\/www.karate-neuhofen.at\/wp-content\/gallery\/9-sommercamp-2017\/SC2008.JPG\"\n               data-thumbnail=\"http:\/\/www.karate-neuhofen.at\/wp-content\/gallery\/9-sommercamp-2017\/thumbs\/thumbs_SC2008.JPG\"\n               data-image-id=\"16114\"\n               data-title=\"SC(2008)\"\n               data-description=\"\"\n               data-image-slug=\"sc2008\"\n               class=\"shutterset_6bd4a67f62a7de13e8a03aec327a2ec6\">\n                <img\n                    title=\"SC(2008)\"\n                    alt=\"SC(2008)\"\n                    src=\"http:\/\/www.karate-neuhofen.at\/wp-content\/gallery\/9-sommercamp-2017\/thumbs\/thumbs_SC2008.JPG\"\n                    width=\"240\"\n                    height=\"160\"\n                    style=\"max-width:100%;\"\n                \/>\n            <\/a>\n        <\/div>\n\t\t\t\t\t\t\t<\/div> \n\t\t\t\n        \n\t\t\t\t<div id=\"ngg-image-230\" class=\"ngg-gallery-thumbnail-box\" >\n\t\t\t\t        <div class=\"ngg-gallery-thumbnail\">\n            <a href=\"http:\/\/www.karate-neuhofen.at\/wp-content\/gallery\/9-sommercamp-2017\/SC2009.JPG\"\n               title=\"\"\n               data-src=\"http:\/\/www.karate-neuhofen.at\/wp-content\/gallery\/9-sommercamp-2017\/SC2009.JPG\"\n               data-thumbnail=\"http:\/\/www.karate-neuhofen.at\/wp-content\/gallery\/9-sommercamp-2017\/thumbs\/thumbs_SC2009.JPG\"\n               data-image-id=\"16115\"\n               data-title=\"SC(2009)\"\n               data-description=\"\"\n               data-image-slug=\"sc2009\"\n               class=\"shutterset_6bd4a67f62a7de13e8a03aec327a2ec6\">\n                <img\n                    title=\"SC(2009)\"\n                    alt=\"SC(2009)\"\n                    src=\"http:\/\/www.karate-neuhofen.at\/wp-content\/gallery\/9-sommercamp-2017\/thumbs\/thumbs_SC2009.JPG\"\n                    width=\"240\"\n                    height=\"160\"\n                    style=\"max-width:100%;\"\n                \/>\n            <\/a>\n        <\/div>\n\t\t\t\t\t\t\t<\/div> \n\t\t\t\n        \n\t\t\t\t<div id=\"ngg-image-231\" class=\"ngg-gallery-thumbnail-box\" >\n\t\t\t\t        <div class=\"ngg-gallery-thumbnail\">\n            <a href=\"http:\/\/www.karate-neuhofen.at\/wp-content\/gallery\/9-sommercamp-2017\/SC2010.JPG\"\n               title=\"\"\n               data-src=\"http:\/\/www.karate-neuhofen.at\/wp-content\/gallery\/9-sommercamp-2017\/SC2010.JPG\"\n               data-thumbnail=\"http:\/\/www.karate-neuhofen.at\/wp-content\/gallery\/9-sommercamp-2017\/thumbs\/thumbs_SC2010.JPG\"\n               data-image-id=\"16116\"\n               data-title=\"SC(2010)\"\n               data-description=\"\"\n               data-image-slug=\"sc2010\"\n               class=\"shutterset_6bd4a67f62a7de13e8a03aec327a2ec6\">\n                <img\n                    title=\"SC(2010)\"\n                    alt=\"SC(2010)\"\n                    src=\"http:\/\/www.karate-neuhofen.at\/wp-content\/gallery\/9-sommercamp-2017\/thumbs\/thumbs_SC2010.JPG\"\n                    width=\"240\"\n                    height=\"160\"\n                    style=\"max-width:100%;\"\n                \/>\n            <\/a>\n        <\/div>\n\t\t\t\t\t\t\t<\/div> \n\t\t\t\n        \n\t\t\t\t<div id=\"ngg-image-232\" class=\"ngg-gallery-thumbnail-box\" >\n\t\t\t\t        <div class=\"ngg-gallery-thumbnail\">\n            <a href=\"http:\/\/www.karate-neuhofen.at\/wp-content\/gallery\/9-sommercamp-2017\/SC2011.JPG\"\n               title=\"\"\n               data-src=\"http:\/\/www.karate-neuhofen.at\/wp-content\/gallery\/9-sommercamp-2017\/SC2011.JPG\"\n               data-thumbnail=\"http:\/\/www.karate-neuhofen.at\/wp-content\/gallery\/9-sommercamp-2017\/thumbs\/thumbs_SC2011.JPG\"\n               data-image-id=\"16117\"\n               data-title=\"SC(2011)\"\n               data-description=\"\"\n               data-image-slug=\"sc2011\"\n               class=\"shutterset_6bd4a67f62a7de13e8a03aec327a2ec6\">\n                <img\n                    title=\"SC(2011)\"\n                    alt=\"SC(2011)\"\n                    src=\"http:\/\/www.karate-neuhofen.at\/wp-content\/gallery\/9-sommercamp-2017\/thumbs\/thumbs_SC2011.JPG\"\n                    width=\"240\"\n                    height=\"160\"\n                    style=\"max-width:100%;\"\n                \/>\n            <\/a>\n        <\/div>\n\t\t\t\t\t\t\t<\/div> \n\t\t\t\n        \n\t\t\t\t<div id=\"ngg-image-233\" class=\"ngg-gallery-thumbnail-box\" >\n\t\t\t\t        <div class=\"ngg-gallery-thumbnail\">\n            <a href=\"http:\/\/www.karate-neuhofen.at\/wp-content\/gallery\/9-sommercamp-2017\/SC2012.JPG\"\n               title=\"\"\n               data-src=\"http:\/\/www.karate-neuhofen.at\/wp-content\/gallery\/9-sommercamp-2017\/SC2012.JPG\"\n               data-thumbnail=\"http:\/\/www.karate-neuhofen.at\/wp-content\/gallery\/9-sommercamp-2017\/thumbs\/thumbs_SC2012.JPG\"\n               data-image-id=\"16118\"\n               data-title=\"SC(2012)\"\n               data-description=\"\"\n               data-image-slug=\"sc2012\"\n               class=\"shutterset_6bd4a67f62a7de13e8a03aec327a2ec6\">\n                <img\n                    title=\"SC(2012)\"\n                    alt=\"SC(2012)\"\n                    src=\"http:\/\/www.karate-neuhofen.at\/wp-content\/gallery\/9-sommercamp-2017\/thumbs\/thumbs_SC2012.JPG\"\n                    width=\"240\"\n                    height=\"160\"\n                    style=\"max-width:100%;\"\n                \/>\n            <\/a>\n        <\/div>\n\t\t\t\t\t\t\t<\/div> \n\t\t\t\n        \n\t\t\t\t<div id=\"ngg-image-234\" class=\"ngg-gallery-thumbnail-box\" >\n\t\t\t\t        <div class=\"ngg-gallery-thumbnail\">\n            <a href=\"http:\/\/www.karate-neuhofen.at\/wp-content\/gallery\/9-sommercamp-2017\/SC2013.JPG\"\n               title=\"\"\n               data-src=\"http:\/\/www.karate-neuhofen.at\/wp-content\/gallery\/9-sommercamp-2017\/SC2013.JPG\"\n               data-thumbnail=\"http:\/\/www.karate-neuhofen.at\/wp-content\/gallery\/9-sommercamp-2017\/thumbs\/thumbs_SC2013.JPG\"\n               data-image-id=\"16119\"\n               data-title=\"SC(2013)\"\n               data-description=\"\"\n               data-image-slug=\"sc2013\"\n               class=\"shutterset_6bd4a67f62a7de13e8a03aec327a2ec6\">\n                <img\n                    title=\"SC(2013)\"\n                    alt=\"SC(2013)\"\n                    src=\"http:\/\/www.karate-neuhofen.at\/wp-content\/gallery\/9-sommercamp-2017\/thumbs\/thumbs_SC2013.JPG\"\n                    width=\"240\"\n                    height=\"160\"\n                    style=\"max-width:100%;\"\n                \/>\n            <\/a>\n        <\/div>\n\t\t\t\t\t\t\t<\/div> \n\t\t\t\n        \n\t\t\t\t<div id=\"ngg-image-235\" class=\"ngg-gallery-thumbnail-box\" >\n\t\t\t\t        <div class=\"ngg-gallery-thumbnail\">\n            <a href=\"http:\/\/www.karate-neuhofen.at\/wp-content\/gallery\/9-sommercamp-2017\/SC2014.JPG\"\n               title=\"\"\n               data-src=\"http:\/\/www.karate-neuhofen.at\/wp-content\/gallery\/9-sommercamp-2017\/SC2014.JPG\"\n               data-thumbnail=\"http:\/\/www.karate-neuhofen.at\/wp-content\/gallery\/9-sommercamp-2017\/thumbs\/thumbs_SC2014.JPG\"\n               data-image-id=\"16120\"\n               data-title=\"SC(2014)\"\n               data-description=\"\"\n               data-image-slug=\"sc2014\"\n               class=\"shutterset_6bd4a67f62a7de13e8a03aec327a2ec6\">\n                <img\n                    title=\"SC(2014)\"\n                    alt=\"SC(2014)\"\n                    src=\"http:\/\/www.karate-neuhofen.at\/wp-content\/gallery\/9-sommercamp-2017\/thumbs\/thumbs_SC2014.JPG\"\n                    width=\"240\"\n                    height=\"160\"\n                    style=\"max-width:100%;\"\n                \/>\n            <\/a>\n        <\/div>\n\t\t\t\t\t\t\t<\/div> \n\t\t\t\n        \n\t\t\t\t<div id=\"ngg-image-236\" class=\"ngg-gallery-thumbnail-box\" >\n\t\t\t\t        <div class=\"ngg-gallery-thumbnail\">\n            <a href=\"http:\/\/www.karate-neuhofen.at\/wp-content\/gallery\/9-sommercamp-2017\/SC2015.JPG\"\n               title=\"\"\n               data-src=\"http:\/\/www.karate-neuhofen.at\/wp-content\/gallery\/9-sommercamp-2017\/SC2015.JPG\"\n               data-thumbnail=\"http:\/\/www.karate-neuhofen.at\/wp-content\/gallery\/9-sommercamp-2017\/thumbs\/thumbs_SC2015.JPG\"\n               data-image-id=\"16121\"\n               data-title=\"SC(2015)\"\n               data-description=\"\"\n               data-image-slug=\"sc2015\"\n               class=\"shutterset_6bd4a67f62a7de13e8a03aec327a2ec6\">\n                <img\n                    title=\"SC(2015)\"\n                    alt=\"SC(2015)\"\n                    src=\"http:\/\/www.karate-neuhofen.at\/wp-content\/gallery\/9-sommercamp-2017\/thumbs\/thumbs_SC2015.JPG\"\n                    width=\"240\"\n                    height=\"160\"\n                    style=\"max-width:100%;\"\n                \/>\n            <\/a>\n        <\/div>\n\t\t\t\t\t\t\t<\/div> \n\t\t\t\n        \n\t\t\t\t<div id=\"ngg-image-237\" class=\"ngg-gallery-thumbnail-box\" >\n\t\t\t\t        <div class=\"ngg-gallery-thumbnail\">\n            <a href=\"http:\/\/www.karate-neuhofen.at\/wp-content\/gallery\/9-sommercamp-2017\/SC2016.JPG\"\n               title=\"\"\n               data-src=\"http:\/\/www.karate-neuhofen.at\/wp-content\/gallery\/9-sommercamp-2017\/SC2016.JPG\"\n               data-thumbnail=\"http:\/\/www.karate-neuhofen.at\/wp-content\/gallery\/9-sommercamp-2017\/thumbs\/thumbs_SC2016.JPG\"\n               data-image-id=\"16122\"\n               data-title=\"SC(2016)\"\n               data-description=\"\"\n               data-image-slug=\"sc2016\"\n               class=\"shutterset_6bd4a67f62a7de13e8a03aec327a2ec6\">\n                <img\n                    title=\"SC(2016)\"\n                    alt=\"SC(2016)\"\n                    src=\"http:\/\/www.karate-neuhofen.at\/wp-content\/gallery\/9-sommercamp-2017\/thumbs\/thumbs_SC2016.JPG\"\n                    width=\"240\"\n                    height=\"160\"\n                    style=\"max-width:100%;\"\n                \/>\n            <\/a>\n        <\/div>\n\t\t\t\t\t\t\t<\/div> \n\t\t\t\n        \n\t\t\t\t<div id=\"ngg-image-238\" class=\"ngg-gallery-thumbnail-box\" >\n\t\t\t\t        <div class=\"ngg-gallery-thumbnail\">\n            <a href=\"http:\/\/www.karate-neuhofen.at\/wp-content\/gallery\/9-sommercamp-2017\/SC2017.JPG\"\n               title=\"\"\n               data-src=\"http:\/\/www.karate-neuhofen.at\/wp-content\/gallery\/9-sommercamp-2017\/SC2017.JPG\"\n               data-thumbnail=\"http:\/\/www.karate-neuhofen.at\/wp-content\/gallery\/9-sommercamp-2017\/thumbs\/thumbs_SC2017.JPG\"\n               data-image-id=\"16123\"\n               data-title=\"SC(2017)\"\n               data-description=\"\"\n               data-image-slug=\"sc2017\"\n               class=\"shutterset_6bd4a67f62a7de13e8a03aec327a2ec6\">\n                <img\n                    title=\"SC(2017)\"\n                    alt=\"SC(2017)\"\n                    src=\"http:\/\/www.karate-neuhofen.at\/wp-content\/gallery\/9-sommercamp-2017\/thumbs\/thumbs_SC2017.JPG\"\n                    width=\"240\"\n                    height=\"160\"\n                    style=\"max-width:100%;\"\n                \/>\n            <\/a>\n        <\/div>\n\t\t\t\t\t\t\t<\/div> \n\t\t\t\n        \n\t\t\t\t<div id=\"ngg-image-239\" class=\"ngg-gallery-thumbnail-box\" >\n\t\t\t\t        <div class=\"ngg-gallery-thumbnail\">\n            <a href=\"http:\/\/www.karate-neuhofen.at\/wp-content\/gallery\/9-sommercamp-2017\/SC2018.JPG\"\n               title=\"\"\n               data-src=\"http:\/\/www.karate-neuhofen.at\/wp-content\/gallery\/9-sommercamp-2017\/SC2018.JPG\"\n               data-thumbnail=\"http:\/\/www.karate-neuhofen.at\/wp-content\/gallery\/9-sommercamp-2017\/thumbs\/thumbs_SC2018.JPG\"\n               data-image-id=\"16124\"\n               data-title=\"SC(2018)\"\n               data-description=\"\"\n               data-image-slug=\"sc2018\"\n               class=\"shutterset_6bd4a67f62a7de13e8a03aec327a2ec6\">\n                <img\n                    title=\"SC(2018)\"\n                    alt=\"SC(2018)\"\n                    src=\"http:\/\/www.karate-neuhofen.at\/wp-content\/gallery\/9-sommercamp-2017\/thumbs\/thumbs_SC2018.JPG\"\n                    width=\"240\"\n                    height=\"160\"\n                    style=\"max-width:100%;\"\n                \/>\n            <\/a>\n        <\/div>\n\t\t\t\t\t\t\t<\/div> \n\t\t\t\n        \n\t\t\t\t<div id=\"ngg-image-240\" class=\"ngg-gallery-thumbnail-box\" >\n\t\t\t\t        <div class=\"ngg-gallery-thumbnail\">\n            <a href=\"http:\/\/www.karate-neuhofen.at\/wp-content\/gallery\/9-sommercamp-2017\/SC2019.JPG\"\n               title=\"\"\n               data-src=\"http:\/\/www.karate-neuhofen.at\/wp-content\/gallery\/9-sommercamp-2017\/SC2019.JPG\"\n               data-thumbnail=\"http:\/\/www.karate-neuhofen.at\/wp-content\/gallery\/9-sommercamp-2017\/thumbs\/thumbs_SC2019.JPG\"\n               data-image-id=\"16125\"\n               data-title=\"SC(2019)\"\n               data-description=\"\"\n               data-image-slug=\"sc2019\"\n               class=\"shutterset_6bd4a67f62a7de13e8a03aec327a2ec6\">\n                <img\n                    title=\"SC(2019)\"\n                    alt=\"SC(2019)\"\n                    src=\"http:\/\/www.karate-neuhofen.at\/wp-content\/gallery\/9-sommercamp-2017\/thumbs\/thumbs_SC2019.JPG\"\n                    width=\"240\"\n                    height=\"160\"\n                    style=\"max-width:100%;\"\n                \/>\n            <\/a>\n        <\/div>\n\t\t\t\t\t\t\t<\/div> \n\t\t\t\n        \n\t\t\t\t<div id=\"ngg-image-241\" class=\"ngg-gallery-thumbnail-box\" >\n\t\t\t\t        <div class=\"ngg-gallery-thumbnail\">\n            <a href=\"http:\/\/www.karate-neuhofen.at\/wp-content\/gallery\/9-sommercamp-2017\/SC2020.JPG\"\n               title=\"\"\n               data-src=\"http:\/\/www.karate-neuhofen.at\/wp-content\/gallery\/9-sommercamp-2017\/SC2020.JPG\"\n               data-thumbnail=\"http:\/\/www.karate-neuhofen.at\/wp-content\/gallery\/9-sommercamp-2017\/thumbs\/thumbs_SC2020.JPG\"\n               data-image-id=\"16126\"\n               data-title=\"SC(2020)\"\n               data-description=\"\"\n               data-image-slug=\"sc2020\"\n               class=\"shutterset_6bd4a67f62a7de13e8a03aec327a2ec6\">\n                <img\n                    title=\"SC(2020)\"\n                    alt=\"SC(2020)\"\n                    src=\"http:\/\/www.karate-neuhofen.at\/wp-content\/gallery\/9-sommercamp-2017\/thumbs\/thumbs_SC2020.JPG\"\n                    width=\"240\"\n                    height=\"160\"\n                    style=\"max-width:100%;\"\n                \/>\n            <\/a>\n        <\/div>\n\t\t\t\t\t\t\t<\/div> \n\t\t\t\n        \n\t\t\t\t<div id=\"ngg-image-242\" class=\"ngg-gallery-thumbnail-box\" >\n\t\t\t\t        <div class=\"ngg-gallery-thumbnail\">\n            <a href=\"http:\/\/www.karate-neuhofen.at\/wp-content\/gallery\/9-sommercamp-2017\/SC2021.JPG\"\n               title=\"\"\n               data-src=\"http:\/\/www.karate-neuhofen.at\/wp-content\/gallery\/9-sommercamp-2017\/SC2021.JPG\"\n               data-thumbnail=\"http:\/\/www.karate-neuhofen.at\/wp-content\/gallery\/9-sommercamp-2017\/thumbs\/thumbs_SC2021.JPG\"\n               data-image-id=\"16127\"\n               data-title=\"SC(2021)\"\n               data-description=\"\"\n               data-image-slug=\"sc2021\"\n               class=\"shutterset_6bd4a67f62a7de13e8a03aec327a2ec6\">\n                <img\n                    title=\"SC(2021)\"\n                    alt=\"SC(2021)\"\n                    src=\"http:\/\/www.karate-neuhofen.at\/wp-content\/gallery\/9-sommercamp-2017\/thumbs\/thumbs_SC2021.JPG\"\n                    width=\"240\"\n                    height=\"160\"\n                    style=\"max-width:100%;\"\n                \/>\n            <\/a>\n        <\/div>\n\t\t\t\t\t\t\t<\/div> \n\t\t\t\n        \n\t\t\t\t<div id=\"ngg-image-243\" class=\"ngg-gallery-thumbnail-box\" >\n\t\t\t\t        <div class=\"ngg-gallery-thumbnail\">\n            <a href=\"http:\/\/www.karate-neuhofen.at\/wp-content\/gallery\/9-sommercamp-2017\/SC2022.JPG\"\n               title=\"\"\n               data-src=\"http:\/\/www.karate-neuhofen.at\/wp-content\/gallery\/9-sommercamp-2017\/SC2022.JPG\"\n               data-thumbnail=\"http:\/\/www.karate-neuhofen.at\/wp-content\/gallery\/9-sommercamp-2017\/thumbs\/thumbs_SC2022.JPG\"\n               data-image-id=\"16128\"\n               data-title=\"SC(2022)\"\n               data-description=\"\"\n               data-image-slug=\"sc2022\"\n               class=\"shutterset_6bd4a67f62a7de13e8a03aec327a2ec6\">\n                <img\n                    title=\"SC(2022)\"\n                    alt=\"SC(2022)\"\n                    src=\"http:\/\/www.karate-neuhofen.at\/wp-content\/gallery\/9-sommercamp-2017\/thumbs\/thumbs_SC2022.JPG\"\n                    width=\"240\"\n                    height=\"160\"\n                    style=\"max-width:100%;\"\n                \/>\n            <\/a>\n        <\/div>\n\t\t\t\t\t\t\t<\/div> \n\t\t\t\n        \n\t\t\t\t<div id=\"ngg-image-244\" class=\"ngg-gallery-thumbnail-box\" >\n\t\t\t\t        <div class=\"ngg-gallery-thumbnail\">\n            <a href=\"http:\/\/www.karate-neuhofen.at\/wp-content\/gallery\/9-sommercamp-2017\/SC2023.JPG\"\n               title=\"\"\n               data-src=\"http:\/\/www.karate-neuhofen.at\/wp-content\/gallery\/9-sommercamp-2017\/SC2023.JPG\"\n               data-thumbnail=\"http:\/\/www.karate-neuhofen.at\/wp-content\/gallery\/9-sommercamp-2017\/thumbs\/thumbs_SC2023.JPG\"\n               data-image-id=\"16129\"\n               data-title=\"SC(2023)\"\n               data-description=\"\"\n               data-image-slug=\"sc2023\"\n               class=\"shutterset_6bd4a67f62a7de13e8a03aec327a2ec6\">\n                <img\n                    title=\"SC(2023)\"\n                    alt=\"SC(2023)\"\n                    src=\"http:\/\/www.karate-neuhofen.at\/wp-content\/gallery\/9-sommercamp-2017\/thumbs\/thumbs_SC2023.JPG\"\n                    width=\"240\"\n                    height=\"160\"\n                    style=\"max-width:100%;\"\n                \/>\n            <\/a>\n        <\/div>\n\t\t\t\t\t\t\t<\/div> \n\t\t\t\n        \n\t\t\t\t<div id=\"ngg-image-245\" class=\"ngg-gallery-thumbnail-box\" >\n\t\t\t\t        <div class=\"ngg-gallery-thumbnail\">\n            <a href=\"http:\/\/www.karate-neuhofen.at\/wp-content\/gallery\/9-sommercamp-2017\/SC2024.JPG\"\n               title=\"\"\n               data-src=\"http:\/\/www.karate-neuhofen.at\/wp-content\/gallery\/9-sommercamp-2017\/SC2024.JPG\"\n               data-thumbnail=\"http:\/\/www.karate-neuhofen.at\/wp-content\/gallery\/9-sommercamp-2017\/thumbs\/thumbs_SC2024.JPG\"\n               data-image-id=\"16130\"\n               data-title=\"SC(2024)\"\n               data-description=\"\"\n               data-image-slug=\"sc2024\"\n               class=\"shutterset_6bd4a67f62a7de13e8a03aec327a2ec6\">\n                <img\n                    title=\"SC(2024)\"\n                    alt=\"SC(2024)\"\n                    src=\"http:\/\/www.karate-neuhofen.at\/wp-content\/gallery\/9-sommercamp-2017\/thumbs\/thumbs_SC2024.JPG\"\n                    width=\"240\"\n                    height=\"160\"\n                    style=\"max-width:100%;\"\n                \/>\n            <\/a>\n        <\/div>\n\t\t\t\t\t\t\t<\/div> \n\t\t\t\n        \n\t\t\t\t<div id=\"ngg-image-246\" class=\"ngg-gallery-thumbnail-box\" >\n\t\t\t\t        <div class=\"ngg-gallery-thumbnail\">\n            <a href=\"http:\/\/www.karate-neuhofen.at\/wp-content\/gallery\/9-sommercamp-2017\/SC2025.JPG\"\n               title=\"\"\n               data-src=\"http:\/\/www.karate-neuhofen.at\/wp-content\/gallery\/9-sommercamp-2017\/SC2025.JPG\"\n               data-thumbnail=\"http:\/\/www.karate-neuhofen.at\/wp-content\/gallery\/9-sommercamp-2017\/thumbs\/thumbs_SC2025.JPG\"\n               data-image-id=\"16131\"\n               data-title=\"SC(2025)\"\n               data-description=\"\"\n               data-image-slug=\"sc2025\"\n               class=\"shutterset_6bd4a67f62a7de13e8a03aec327a2ec6\">\n                <img\n                    title=\"SC(2025)\"\n                    alt=\"SC(2025)\"\n                    src=\"http:\/\/www.karate-neuhofen.at\/wp-content\/gallery\/9-sommercamp-2017\/thumbs\/thumbs_SC2025.JPG\"\n                    width=\"240\"\n                    height=\"160\"\n                    style=\"max-width:100%;\"\n                \/>\n            <\/a>\n        <\/div>\n\t\t\t\t\t\t\t<\/div> \n\t\t\t\n        \n\t\t\t\t<div id=\"ngg-image-247\" class=\"ngg-gallery-thumbnail-box\" >\n\t\t\t\t        <div class=\"ngg-gallery-thumbnail\">\n            <a href=\"http:\/\/www.karate-neuhofen.at\/wp-content\/gallery\/9-sommercamp-2017\/SC2026.JPG\"\n               title=\"\"\n               data-src=\"http:\/\/www.karate-neuhofen.at\/wp-content\/gallery\/9-sommercamp-2017\/SC2026.JPG\"\n               data-thumbnail=\"http:\/\/www.karate-neuhofen.at\/wp-content\/gallery\/9-sommercamp-2017\/thumbs\/thumbs_SC2026.JPG\"\n               data-image-id=\"16132\"\n               data-title=\"SC(2026)\"\n               data-description=\"\"\n               data-image-slug=\"sc2026\"\n               class=\"shutterset_6bd4a67f62a7de13e8a03aec327a2ec6\">\n                <img\n                    title=\"SC(2026)\"\n                    alt=\"SC(2026)\"\n                    src=\"http:\/\/www.karate-neuhofen.at\/wp-content\/gallery\/9-sommercamp-2017\/thumbs\/thumbs_SC2026.JPG\"\n                    width=\"240\"\n                    height=\"160\"\n                    style=\"max-width:100%;\"\n                \/>\n            <\/a>\n        <\/div>\n\t\t\t\t\t\t\t<\/div> \n\t\t\t\n        \n\t\t\t\t<div id=\"ngg-image-248\" class=\"ngg-gallery-thumbnail-box\" >\n\t\t\t\t        <div class=\"ngg-gallery-thumbnail\">\n            <a href=\"http:\/\/www.karate-neuhofen.at\/wp-content\/gallery\/9-sommercamp-2017\/SC2027.JPG\"\n               title=\"\"\n               data-src=\"http:\/\/www.karate-neuhofen.at\/wp-content\/gallery\/9-sommercamp-2017\/SC2027.JPG\"\n               data-thumbnail=\"http:\/\/www.karate-neuhofen.at\/wp-content\/gallery\/9-sommercamp-2017\/thumbs\/thumbs_SC2027.JPG\"\n               data-image-id=\"16133\"\n               data-title=\"SC(2027)\"\n               data-description=\"\"\n               data-image-slug=\"sc2027\"\n               class=\"shutterset_6bd4a67f62a7de13e8a03aec327a2ec6\">\n                <img\n                    title=\"SC(2027)\"\n                    alt=\"SC(2027)\"\n                    src=\"http:\/\/www.karate-neuhofen.at\/wp-content\/gallery\/9-sommercamp-2017\/thumbs\/thumbs_SC2027.JPG\"\n                    width=\"240\"\n                    height=\"160\"\n                    style=\"max-width:100%;\"\n                \/>\n            <\/a>\n        <\/div>\n\t\t\t\t\t\t\t<\/div> \n\t\t\t\n        \n\t\t\t\t<div id=\"ngg-image-249\" class=\"ngg-gallery-thumbnail-box\" >\n\t\t\t\t        <div class=\"ngg-gallery-thumbnail\">\n            <a href=\"http:\/\/www.karate-neuhofen.at\/wp-content\/gallery\/9-sommercamp-2017\/SC2028.JPG\"\n               title=\"\"\n               data-src=\"http:\/\/www.karate-neuhofen.at\/wp-content\/gallery\/9-sommercamp-2017\/SC2028.JPG\"\n               data-thumbnail=\"http:\/\/www.karate-neuhofen.at\/wp-content\/gallery\/9-sommercamp-2017\/thumbs\/thumbs_SC2028.JPG\"\n               data-image-id=\"16134\"\n               data-title=\"SC(2028)\"\n               data-description=\"\"\n               data-image-slug=\"sc2028\"\n               class=\"shutterset_6bd4a67f62a7de13e8a03aec327a2ec6\">\n                <img\n                    title=\"SC(2028)\"\n                    alt=\"SC(2028)\"\n                    src=\"http:\/\/www.karate-neuhofen.at\/wp-content\/gallery\/9-sommercamp-2017\/thumbs\/thumbs_SC2028.JPG\"\n                    width=\"240\"\n                    height=\"160\"\n                    style=\"max-width:100%;\"\n                \/>\n            <\/a>\n        <\/div>\n\t\t\t\t\t\t\t<\/div> \n\t\t\t\n        \n\t\t\t\t<div id=\"ngg-image-250\" class=\"ngg-gallery-thumbnail-box\" >\n\t\t\t\t        <div class=\"ngg-gallery-thumbnail\">\n            <a href=\"http:\/\/www.karate-neuhofen.at\/wp-content\/gallery\/9-sommercamp-2017\/SC2029.JPG\"\n               title=\"\"\n               data-src=\"http:\/\/www.karate-neuhofen.at\/wp-content\/gallery\/9-sommercamp-2017\/SC2029.JPG\"\n               data-thumbnail=\"http:\/\/www.karate-neuhofen.at\/wp-content\/gallery\/9-sommercamp-2017\/thumbs\/thumbs_SC2029.JPG\"\n               data-image-id=\"16135\"\n               data-title=\"SC(2029)\"\n               data-description=\"\"\n               data-image-slug=\"sc2029\"\n               class=\"shutterset_6bd4a67f62a7de13e8a03aec327a2ec6\">\n                <img\n                    title=\"SC(2029)\"\n                    alt=\"SC(2029)\"\n                    src=\"http:\/\/www.karate-neuhofen.at\/wp-content\/gallery\/9-sommercamp-2017\/thumbs\/thumbs_SC2029.JPG\"\n                    width=\"240\"\n                    height=\"160\"\n                    style=\"max-width:100%;\"\n                \/>\n            <\/a>\n        <\/div>\n\t\t\t\t\t\t\t<\/div> \n\t\t\t\n        \n\t\t\t\t<div id=\"ngg-image-251\" class=\"ngg-gallery-thumbnail-box\" >\n\t\t\t\t        <div class=\"ngg-gallery-thumbnail\">\n            <a href=\"http:\/\/www.karate-neuhofen.at\/wp-content\/gallery\/9-sommercamp-2017\/SC2030.JPG\"\n               title=\"\"\n               data-src=\"http:\/\/www.karate-neuhofen.at\/wp-content\/gallery\/9-sommercamp-2017\/SC2030.JPG\"\n               data-thumbnail=\"http:\/\/www.karate-neuhofen.at\/wp-content\/gallery\/9-sommercamp-2017\/thumbs\/thumbs_SC2030.JPG\"\n               data-image-id=\"16136\"\n               data-title=\"SC(2030)\"\n               data-description=\"\"\n               data-image-slug=\"sc2030\"\n               class=\"shutterset_6bd4a67f62a7de13e8a03aec327a2ec6\">\n                <img\n                    title=\"SC(2030)\"\n                    alt=\"SC(2030)\"\n                    src=\"http:\/\/www.karate-neuhofen.at\/wp-content\/gallery\/9-sommercamp-2017\/thumbs\/thumbs_SC2030.JPG\"\n                    width=\"240\"\n                    height=\"160\"\n                    style=\"max-width:100%;\"\n                \/>\n            <\/a>\n        <\/div>\n\t\t\t\t\t\t\t<\/div> \n\t\t\t\n        \n\t\t\t\t<div id=\"ngg-image-252\" class=\"ngg-gallery-thumbnail-box\" >\n\t\t\t\t        <div class=\"ngg-gallery-thumbnail\">\n            <a href=\"http:\/\/www.karate-neuhofen.at\/wp-content\/gallery\/9-sommercamp-2017\/SC2031.JPG\"\n               title=\"\"\n               data-src=\"http:\/\/www.karate-neuhofen.at\/wp-content\/gallery\/9-sommercamp-2017\/SC2031.JPG\"\n               data-thumbnail=\"http:\/\/www.karate-neuhofen.at\/wp-content\/gallery\/9-sommercamp-2017\/thumbs\/thumbs_SC2031.JPG\"\n               data-image-id=\"16137\"\n               data-title=\"SC(2031)\"\n               data-description=\"\"\n               data-image-slug=\"sc2031\"\n               class=\"shutterset_6bd4a67f62a7de13e8a03aec327a2ec6\">\n                <img\n                    title=\"SC(2031)\"\n                    alt=\"SC(2031)\"\n                    src=\"http:\/\/www.karate-neuhofen.at\/wp-content\/gallery\/9-sommercamp-2017\/thumbs\/thumbs_SC2031.JPG\"\n                    width=\"240\"\n                    height=\"160\"\n                    style=\"max-width:100%;\"\n                \/>\n            <\/a>\n        <\/div>\n\t\t\t\t\t\t\t<\/div> \n\t\t\t\n        \n\t\t\t\t<div id=\"ngg-image-253\" class=\"ngg-gallery-thumbnail-box\" >\n\t\t\t\t        <div class=\"ngg-gallery-thumbnail\">\n            <a href=\"http:\/\/www.karate-neuhofen.at\/wp-content\/gallery\/9-sommercamp-2017\/SC2032.JPG\"\n               title=\"\"\n               data-src=\"http:\/\/www.karate-neuhofen.at\/wp-content\/gallery\/9-sommercamp-2017\/SC2032.JPG\"\n               data-thumbnail=\"http:\/\/www.karate-neuhofen.at\/wp-content\/gallery\/9-sommercamp-2017\/thumbs\/thumbs_SC2032.JPG\"\n               data-image-id=\"16138\"\n               data-title=\"SC(2032)\"\n               data-description=\"\"\n               data-image-slug=\"sc2032\"\n               class=\"shutterset_6bd4a67f62a7de13e8a03aec327a2ec6\">\n                <img\n                    title=\"SC(2032)\"\n                    alt=\"SC(2032)\"\n                    src=\"http:\/\/www.karate-neuhofen.at\/wp-content\/gallery\/9-sommercamp-2017\/thumbs\/thumbs_SC2032.JPG\"\n                    width=\"240\"\n                    height=\"160\"\n                    style=\"max-width:100%;\"\n                \/>\n            <\/a>\n        <\/div>\n\t\t\t\t\t\t\t<\/div> \n\t\t\t\n        \n\t\t\t\t<div id=\"ngg-image-254\" class=\"ngg-gallery-thumbnail-box\" >\n\t\t\t\t        <div class=\"ngg-gallery-thumbnail\">\n            <a href=\"http:\/\/www.karate-neuhofen.at\/wp-content\/gallery\/9-sommercamp-2017\/SC2033.JPG\"\n               title=\"\"\n               data-src=\"http:\/\/www.karate-neuhofen.at\/wp-content\/gallery\/9-sommercamp-2017\/SC2033.JPG\"\n               data-thumbnail=\"http:\/\/www.karate-neuhofen.at\/wp-content\/gallery\/9-sommercamp-2017\/thumbs\/thumbs_SC2033.JPG\"\n               data-image-id=\"16139\"\n               data-title=\"SC(2033)\"\n               data-description=\"\"\n               data-image-slug=\"sc2033\"\n               class=\"shutterset_6bd4a67f62a7de13e8a03aec327a2ec6\">\n                <img\n                    title=\"SC(2033)\"\n                    alt=\"SC(2033)\"\n                    src=\"http:\/\/www.karate-neuhofen.at\/wp-content\/gallery\/9-sommercamp-2017\/thumbs\/thumbs_SC2033.JPG\"\n                    width=\"240\"\n                    height=\"160\"\n                    style=\"max-width:100%;\"\n                \/>\n            <\/a>\n        <\/div>\n\t\t\t\t\t\t\t<\/div> \n\t\t\t\n        \n\t\t\t\t<div id=\"ngg-image-255\" class=\"ngg-gallery-thumbnail-box\" >\n\t\t\t\t        <div class=\"ngg-gallery-thumbnail\">\n            <a href=\"http:\/\/www.karate-neuhofen.at\/wp-content\/gallery\/9-sommercamp-2017\/SC2034.JPG\"\n               title=\"\"\n               data-src=\"http:\/\/www.karate-neuhofen.at\/wp-content\/gallery\/9-sommercamp-2017\/SC2034.JPG\"\n               data-thumbnail=\"http:\/\/www.karate-neuhofen.at\/wp-content\/gallery\/9-sommercamp-2017\/thumbs\/thumbs_SC2034.JPG\"\n               data-image-id=\"16140\"\n               data-title=\"SC(2034)\"\n               data-description=\"\"\n               data-image-slug=\"sc2034\"\n               class=\"shutterset_6bd4a67f62a7de13e8a03aec327a2ec6\">\n                <img\n                    title=\"SC(2034)\"\n                    alt=\"SC(2034)\"\n                    src=\"http:\/\/www.karate-neuhofen.at\/wp-content\/gallery\/9-sommercamp-2017\/thumbs\/thumbs_SC2034.JPG\"\n                    width=\"240\"\n                    height=\"160\"\n                    style=\"max-width:100%;\"\n                \/>\n            <\/a>\n        <\/div>\n\t\t\t\t\t\t\t<\/div> \n\t\t\t\n        \n\t\t\t\t<div id=\"ngg-image-256\" class=\"ngg-gallery-thumbnail-box\" >\n\t\t\t\t        <div class=\"ngg-gallery-thumbnail\">\n            <a href=\"http:\/\/www.karate-neuhofen.at\/wp-content\/gallery\/9-sommercamp-2017\/SC2035.JPG\"\n               title=\"\"\n               data-src=\"http:\/\/www.karate-neuhofen.at\/wp-content\/gallery\/9-sommercamp-2017\/SC2035.JPG\"\n               data-thumbnail=\"http:\/\/www.karate-neuhofen.at\/wp-content\/gallery\/9-sommercamp-2017\/thumbs\/thumbs_SC2035.JPG\"\n               data-image-id=\"16141\"\n               data-title=\"SC(2035)\"\n               data-description=\"\"\n               data-image-slug=\"sc2035\"\n               class=\"shutterset_6bd4a67f62a7de13e8a03aec327a2ec6\">\n                <img\n                    title=\"SC(2035)\"\n                    alt=\"SC(2035)\"\n                    src=\"http:\/\/www.karate-neuhofen.at\/wp-content\/gallery\/9-sommercamp-2017\/thumbs\/thumbs_SC2035.JPG\"\n                    width=\"240\"\n                    height=\"160\"\n                    style=\"max-width:100%;\"\n                \/>\n            <\/a>\n        <\/div>\n\t\t\t\t\t\t\t<\/div> \n\t\t\t\n        \n\t\t\t\t<div id=\"ngg-image-257\" class=\"ngg-gallery-thumbnail-box\" >\n\t\t\t\t        <div class=\"ngg-gallery-thumbnail\">\n            <a href=\"http:\/\/www.karate-neuhofen.at\/wp-content\/gallery\/9-sommercamp-2017\/SC2036.JPG\"\n               title=\"\"\n               data-src=\"http:\/\/www.karate-neuhofen.at\/wp-content\/gallery\/9-sommercamp-2017\/SC2036.JPG\"\n               data-thumbnail=\"http:\/\/www.karate-neuhofen.at\/wp-content\/gallery\/9-sommercamp-2017\/thumbs\/thumbs_SC2036.JPG\"\n               data-image-id=\"16142\"\n               data-title=\"SC(2036)\"\n               data-description=\"\"\n               data-image-slug=\"sc2036\"\n               class=\"shutterset_6bd4a67f62a7de13e8a03aec327a2ec6\">\n                <img\n                    title=\"SC(2036)\"\n                    alt=\"SC(2036)\"\n                    src=\"http:\/\/www.karate-neuhofen.at\/wp-content\/gallery\/9-sommercamp-2017\/thumbs\/thumbs_SC2036.JPG\"\n                    width=\"240\"\n                    height=\"160\"\n                    style=\"max-width:100%;\"\n                \/>\n            <\/a>\n        <\/div>\n\t\t\t\t\t\t\t<\/div> \n\t\t\t\n        \n\t\t\t\t<div id=\"ngg-image-258\" class=\"ngg-gallery-thumbnail-box\" >\n\t\t\t\t        <div class=\"ngg-gallery-thumbnail\">\n            <a href=\"http:\/\/www.karate-neuhofen.at\/wp-content\/gallery\/9-sommercamp-2017\/SC2037.JPG\"\n               title=\"\"\n               data-src=\"http:\/\/www.karate-neuhofen.at\/wp-content\/gallery\/9-sommercamp-2017\/SC2037.JPG\"\n               data-thumbnail=\"http:\/\/www.karate-neuhofen.at\/wp-content\/gallery\/9-sommercamp-2017\/thumbs\/thumbs_SC2037.JPG\"\n               data-image-id=\"16143\"\n               data-title=\"SC(2037)\"\n               data-description=\"\"\n               data-image-slug=\"sc2037\"\n               class=\"shutterset_6bd4a67f62a7de13e8a03aec327a2ec6\">\n                <img\n                    title=\"SC(2037)\"\n                    alt=\"SC(2037)\"\n                    src=\"http:\/\/www.karate-neuhofen.at\/wp-content\/gallery\/9-sommercamp-2017\/thumbs\/thumbs_SC2037.JPG\"\n                    width=\"240\"\n                    height=\"160\"\n                    style=\"max-width:100%;\"\n                \/>\n            <\/a>\n        <\/div>\n\t\t\t\t\t\t\t<\/div> \n\t\t\t\n        \n\t\t\t\t<div id=\"ngg-image-259\" class=\"ngg-gallery-thumbnail-box\" >\n\t\t\t\t        <div class=\"ngg-gallery-thumbnail\">\n            <a href=\"http:\/\/www.karate-neuhofen.at\/wp-content\/gallery\/9-sommercamp-2017\/SC2038.JPG\"\n               title=\"\"\n               data-src=\"http:\/\/www.karate-neuhofen.at\/wp-content\/gallery\/9-sommercamp-2017\/SC2038.JPG\"\n               data-thumbnail=\"http:\/\/www.karate-neuhofen.at\/wp-content\/gallery\/9-sommercamp-2017\/thumbs\/thumbs_SC2038.JPG\"\n               data-image-id=\"16144\"\n               data-title=\"SC(2038)\"\n               data-description=\"\"\n               data-image-slug=\"sc2038\"\n               class=\"shutterset_6bd4a67f62a7de13e8a03aec327a2ec6\">\n                <img\n                    title=\"SC(2038)\"\n                    alt=\"SC(2038)\"\n                    src=\"http:\/\/www.karate-neuhofen.at\/wp-content\/gallery\/9-sommercamp-2017\/thumbs\/thumbs_SC2038.JPG\"\n                    width=\"240\"\n                    height=\"160\"\n                    style=\"max-width:100%;\"\n                \/>\n            <\/a>\n        <\/div>\n\t\t\t\t\t\t\t<\/div> \n\t\t\t\n        \n\t\t\t\t<div id=\"ngg-image-260\" class=\"ngg-gallery-thumbnail-box\" >\n\t\t\t\t        <div class=\"ngg-gallery-thumbnail\">\n            <a href=\"http:\/\/www.karate-neuhofen.at\/wp-content\/gallery\/9-sommercamp-2017\/SC2039.JPG\"\n               title=\"\"\n               data-src=\"http:\/\/www.karate-neuhofen.at\/wp-content\/gallery\/9-sommercamp-2017\/SC2039.JPG\"\n               data-thumbnail=\"http:\/\/www.karate-neuhofen.at\/wp-content\/gallery\/9-sommercamp-2017\/thumbs\/thumbs_SC2039.JPG\"\n               data-image-id=\"16145\"\n               data-title=\"SC(2039)\"\n               data-description=\"\"\n               data-image-slug=\"sc2039\"\n               class=\"shutterset_6bd4a67f62a7de13e8a03aec327a2ec6\">\n                <img\n                    title=\"SC(2039)\"\n                    alt=\"SC(2039)\"\n                    src=\"http:\/\/www.karate-neuhofen.at\/wp-content\/gallery\/9-sommercamp-2017\/thumbs\/thumbs_SC2039.JPG\"\n                    width=\"240\"\n                    height=\"160\"\n                    style=\"max-width:100%;\"\n                \/>\n            <\/a>\n        <\/div>\n\t\t\t\t\t\t\t<\/div> \n\t\t\t\n        \n\t\t\t\t<div id=\"ngg-image-261\" class=\"ngg-gallery-thumbnail-box\" >\n\t\t\t\t        <div class=\"ngg-gallery-thumbnail\">\n            <a href=\"http:\/\/www.karate-neuhofen.at\/wp-content\/gallery\/9-sommercamp-2017\/SC2040.JPG\"\n               title=\"\"\n               data-src=\"http:\/\/www.karate-neuhofen.at\/wp-content\/gallery\/9-sommercamp-2017\/SC2040.JPG\"\n               data-thumbnail=\"http:\/\/www.karate-neuhofen.at\/wp-content\/gallery\/9-sommercamp-2017\/thumbs\/thumbs_SC2040.JPG\"\n               data-image-id=\"16146\"\n               data-title=\"SC(2040)\"\n               data-description=\"\"\n               data-image-slug=\"sc2040\"\n               class=\"shutterset_6bd4a67f62a7de13e8a03aec327a2ec6\">\n                <img\n                    title=\"SC(2040)\"\n                    alt=\"SC(2040)\"\n                    src=\"http:\/\/www.karate-neuhofen.at\/wp-content\/gallery\/9-sommercamp-2017\/thumbs\/thumbs_SC2040.JPG\"\n                    width=\"240\"\n                    height=\"160\"\n                    style=\"max-width:100%;\"\n                \/>\n            <\/a>\n        <\/div>\n\t\t\t\t\t\t\t<\/div> \n\t\t\t\n        \n\t\t\t\t<div id=\"ngg-image-262\" class=\"ngg-gallery-thumbnail-box\" >\n\t\t\t\t        <div class=\"ngg-gallery-thumbnail\">\n            <a href=\"http:\/\/www.karate-neuhofen.at\/wp-content\/gallery\/9-sommercamp-2017\/SC2041.JPG\"\n               title=\"\"\n               data-src=\"http:\/\/www.karate-neuhofen.at\/wp-content\/gallery\/9-sommercamp-2017\/SC2041.JPG\"\n               data-thumbnail=\"http:\/\/www.karate-neuhofen.at\/wp-content\/gallery\/9-sommercamp-2017\/thumbs\/thumbs_SC2041.JPG\"\n               data-image-id=\"16147\"\n               data-title=\"SC(2041)\"\n               data-description=\"\"\n               data-image-slug=\"sc2041\"\n               class=\"shutterset_6bd4a67f62a7de13e8a03aec327a2ec6\">\n                <img\n                    title=\"SC(2041)\"\n                    alt=\"SC(2041)\"\n                    src=\"http:\/\/www.karate-neuhofen.at\/wp-content\/gallery\/9-sommercamp-2017\/thumbs\/thumbs_SC2041.JPG\"\n                    width=\"240\"\n                    height=\"160\"\n                    style=\"max-width:100%;\"\n                \/>\n            <\/a>\n        <\/div>\n\t\t\t\t\t\t\t<\/div> \n\t\t\t\n        \n\t\t\t\t<div id=\"ngg-image-263\" class=\"ngg-gallery-thumbnail-box\" >\n\t\t\t\t        <div class=\"ngg-gallery-thumbnail\">\n            <a href=\"http:\/\/www.karate-neuhofen.at\/wp-content\/gallery\/9-sommercamp-2017\/SC2042.JPG\"\n               title=\"\"\n               data-src=\"http:\/\/www.karate-neuhofen.at\/wp-content\/gallery\/9-sommercamp-2017\/SC2042.JPG\"\n               data-thumbnail=\"http:\/\/www.karate-neuhofen.at\/wp-content\/gallery\/9-sommercamp-2017\/thumbs\/thumbs_SC2042.JPG\"\n               data-image-id=\"16148\"\n               data-title=\"SC(2042)\"\n               data-description=\"\"\n               data-image-slug=\"sc2042\"\n               class=\"shutterset_6bd4a67f62a7de13e8a03aec327a2ec6\">\n                <img\n                    title=\"SC(2042)\"\n                    alt=\"SC(2042)\"\n                    src=\"http:\/\/www.karate-neuhofen.at\/wp-content\/gallery\/9-sommercamp-2017\/thumbs\/thumbs_SC2042.JPG\"\n                    width=\"240\"\n                    height=\"160\"\n                    style=\"max-width:100%;\"\n                \/>\n            <\/a>\n        <\/div>\n\t\t\t\t\t\t\t<\/div> \n\t\t\t\n        \n\t\t\t\t<div id=\"ngg-image-264\" class=\"ngg-gallery-thumbnail-box\" >\n\t\t\t\t        <div class=\"ngg-gallery-thumbnail\">\n            <a href=\"http:\/\/www.karate-neuhofen.at\/wp-content\/gallery\/9-sommercamp-2017\/SC2043.JPG\"\n               title=\"\"\n               data-src=\"http:\/\/www.karate-neuhofen.at\/wp-content\/gallery\/9-sommercamp-2017\/SC2043.JPG\"\n               data-thumbnail=\"http:\/\/www.karate-neuhofen.at\/wp-content\/gallery\/9-sommercamp-2017\/thumbs\/thumbs_SC2043.JPG\"\n               data-image-id=\"16149\"\n               data-title=\"SC(2043)\"\n               data-description=\"\"\n               data-image-slug=\"sc2043\"\n               class=\"shutterset_6bd4a67f62a7de13e8a03aec327a2ec6\">\n                <img\n                    title=\"SC(2043)\"\n                    alt=\"SC(2043)\"\n                    src=\"http:\/\/www.karate-neuhofen.at\/wp-content\/gallery\/9-sommercamp-2017\/thumbs\/thumbs_SC2043.JPG\"\n                    width=\"240\"\n                    height=\"160\"\n                    style=\"max-width:100%;\"\n                \/>\n            <\/a>\n        <\/div>\n\t\t\t\t\t\t\t<\/div> \n\t\t\t\n        \n\t\t\t\t<div id=\"ngg-image-265\" class=\"ngg-gallery-thumbnail-box\" >\n\t\t\t\t        <div class=\"ngg-gallery-thumbnail\">\n            <a href=\"http:\/\/www.karate-neuhofen.at\/wp-content\/gallery\/9-sommercamp-2017\/SC2044.JPG\"\n               title=\"\"\n               data-src=\"http:\/\/www.karate-neuhofen.at\/wp-content\/gallery\/9-sommercamp-2017\/SC2044.JPG\"\n               data-thumbnail=\"http:\/\/www.karate-neuhofen.at\/wp-content\/gallery\/9-sommercamp-2017\/thumbs\/thumbs_SC2044.JPG\"\n               data-image-id=\"16150\"\n               data-title=\"SC(2044)\"\n               data-description=\"\"\n               data-image-slug=\"sc2044\"\n               class=\"shutterset_6bd4a67f62a7de13e8a03aec327a2ec6\">\n                <img\n                    title=\"SC(2044)\"\n                    alt=\"SC(2044)\"\n                    src=\"http:\/\/www.karate-neuhofen.at\/wp-content\/gallery\/9-sommercamp-2017\/thumbs\/thumbs_SC2044.JPG\"\n                    width=\"240\"\n                    height=\"160\"\n                    style=\"max-width:100%;\"\n                \/>\n            <\/a>\n        <\/div>\n\t\t\t\t\t\t\t<\/div> \n\t\t\t\n        \n\t\t\t\t<div id=\"ngg-image-266\" class=\"ngg-gallery-thumbnail-box\" >\n\t\t\t\t        <div class=\"ngg-gallery-thumbnail\">\n            <a href=\"http:\/\/www.karate-neuhofen.at\/wp-content\/gallery\/9-sommercamp-2017\/SC2045.JPG\"\n               title=\"\"\n               data-src=\"http:\/\/www.karate-neuhofen.at\/wp-content\/gallery\/9-sommercamp-2017\/SC2045.JPG\"\n               data-thumbnail=\"http:\/\/www.karate-neuhofen.at\/wp-content\/gallery\/9-sommercamp-2017\/thumbs\/thumbs_SC2045.JPG\"\n               data-image-id=\"16151\"\n               data-title=\"SC(2045)\"\n               data-description=\"\"\n               data-image-slug=\"sc2045\"\n               class=\"shutterset_6bd4a67f62a7de13e8a03aec327a2ec6\">\n                <img\n                    title=\"SC(2045)\"\n                    alt=\"SC(2045)\"\n                    src=\"http:\/\/www.karate-neuhofen.at\/wp-content\/gallery\/9-sommercamp-2017\/thumbs\/thumbs_SC2045.JPG\"\n                    width=\"240\"\n                    height=\"160\"\n                    style=\"max-width:100%;\"\n                \/>\n            <\/a>\n        <\/div>\n\t\t\t\t\t\t\t<\/div> \n\t\t\t\n        \n\t\t\t\t<div id=\"ngg-image-267\" class=\"ngg-gallery-thumbnail-box\" >\n\t\t\t\t        <div class=\"ngg-gallery-thumbnail\">\n            <a href=\"http:\/\/www.karate-neuhofen.at\/wp-content\/gallery\/9-sommercamp-2017\/SC2046.JPG\"\n               title=\"\"\n               data-src=\"http:\/\/www.karate-neuhofen.at\/wp-content\/gallery\/9-sommercamp-2017\/SC2046.JPG\"\n               data-thumbnail=\"http:\/\/www.karate-neuhofen.at\/wp-content\/gallery\/9-sommercamp-2017\/thumbs\/thumbs_SC2046.JPG\"\n               data-image-id=\"16152\"\n               data-title=\"SC(2046)\"\n               data-description=\"\"\n               data-image-slug=\"sc2046\"\n               class=\"shutterset_6bd4a67f62a7de13e8a03aec327a2ec6\">\n                <img\n                    title=\"SC(2046)\"\n                    alt=\"SC(2046)\"\n                    src=\"http:\/\/www.karate-neuhofen.at\/wp-content\/gallery\/9-sommercamp-2017\/thumbs\/thumbs_SC2046.JPG\"\n                    width=\"240\"\n                    height=\"160\"\n                    style=\"max-width:100%;\"\n                \/>\n            <\/a>\n        <\/div>\n\t\t\t\t\t\t\t<\/div> \n\t\t\t\n        \n\t\t\t\t<div id=\"ngg-image-268\" class=\"ngg-gallery-thumbnail-box\" >\n\t\t\t\t        <div class=\"ngg-gallery-thumbnail\">\n            <a href=\"http:\/\/www.karate-neuhofen.at\/wp-content\/gallery\/9-sommercamp-2017\/SC2047.JPG\"\n               title=\"\"\n               data-src=\"http:\/\/www.karate-neuhofen.at\/wp-content\/gallery\/9-sommercamp-2017\/SC2047.JPG\"\n               data-thumbnail=\"http:\/\/www.karate-neuhofen.at\/wp-content\/gallery\/9-sommercamp-2017\/thumbs\/thumbs_SC2047.JPG\"\n               data-image-id=\"16153\"\n               data-title=\"SC(2047)\"\n               data-description=\"\"\n               data-image-slug=\"sc2047\"\n               class=\"shutterset_6bd4a67f62a7de13e8a03aec327a2ec6\">\n                <img\n                    title=\"SC(2047)\"\n                    alt=\"SC(2047)\"\n                    src=\"http:\/\/www.karate-neuhofen.at\/wp-content\/gallery\/9-sommercamp-2017\/thumbs\/thumbs_SC2047.JPG\"\n                    width=\"240\"\n                    height=\"160\"\n                    style=\"max-width:100%;\"\n                \/>\n            <\/a>\n        <\/div>\n\t\t\t\t\t\t\t<\/div> \n\t\t\t\n        \n\t\t\t\t<div id=\"ngg-image-269\" class=\"ngg-gallery-thumbnail-box\" >\n\t\t\t\t        <div class=\"ngg-gallery-thumbnail\">\n            <a href=\"http:\/\/www.karate-neuhofen.at\/wp-content\/gallery\/9-sommercamp-2017\/SC2048.JPG\"\n               title=\"\"\n               data-src=\"http:\/\/www.karate-neuhofen.at\/wp-content\/gallery\/9-sommercamp-2017\/SC2048.JPG\"\n               data-thumbnail=\"http:\/\/www.karate-neuhofen.at\/wp-content\/gallery\/9-sommercamp-2017\/thumbs\/thumbs_SC2048.JPG\"\n               data-image-id=\"16154\"\n               data-title=\"SC(2048)\"\n               data-description=\"\"\n               data-image-slug=\"sc2048\"\n               class=\"shutterset_6bd4a67f62a7de13e8a03aec327a2ec6\">\n                <img\n                    title=\"SC(2048)\"\n                    alt=\"SC(2048)\"\n                    src=\"http:\/\/www.karate-neuhofen.at\/wp-content\/gallery\/9-sommercamp-2017\/thumbs\/thumbs_SC2048.JPG\"\n                    width=\"240\"\n                    height=\"160\"\n                    style=\"max-width:100%;\"\n                \/>\n            <\/a>\n        <\/div>\n\t\t\t\t\t\t\t<\/div> \n\t\t\t\n        \n\t\t\t\t<div id=\"ngg-image-270\" class=\"ngg-gallery-thumbnail-box\" >\n\t\t\t\t        <div class=\"ngg-gallery-thumbnail\">\n            <a href=\"http:\/\/www.karate-neuhofen.at\/wp-content\/gallery\/9-sommercamp-2017\/SC2049.JPG\"\n               title=\"\"\n               data-src=\"http:\/\/www.karate-neuhofen.at\/wp-content\/gallery\/9-sommercamp-2017\/SC2049.JPG\"\n               data-thumbnail=\"http:\/\/www.karate-neuhofen.at\/wp-content\/gallery\/9-sommercamp-2017\/thumbs\/thumbs_SC2049.JPG\"\n               data-image-id=\"16155\"\n               data-title=\"SC(2049)\"\n               data-description=\"\"\n               data-image-slug=\"sc2049\"\n               class=\"shutterset_6bd4a67f62a7de13e8a03aec327a2ec6\">\n                <img\n                    title=\"SC(2049)\"\n                    alt=\"SC(2049)\"\n                    src=\"http:\/\/www.karate-neuhofen.at\/wp-content\/gallery\/9-sommercamp-2017\/thumbs\/thumbs_SC2049.JPG\"\n                    width=\"240\"\n                    height=\"160\"\n                    style=\"max-width:100%;\"\n                \/>\n            <\/a>\n        <\/div>\n\t\t\t\t\t\t\t<\/div> \n\t\t\t\n        \n\t\t\t\t<div id=\"ngg-image-271\" class=\"ngg-gallery-thumbnail-box\" >\n\t\t\t\t        <div class=\"ngg-gallery-thumbnail\">\n            <a href=\"http:\/\/www.karate-neuhofen.at\/wp-content\/gallery\/9-sommercamp-2017\/SC2050.JPG\"\n               title=\"\"\n               data-src=\"http:\/\/www.karate-neuhofen.at\/wp-content\/gallery\/9-sommercamp-2017\/SC2050.JPG\"\n               data-thumbnail=\"http:\/\/www.karate-neuhofen.at\/wp-content\/gallery\/9-sommercamp-2017\/thumbs\/thumbs_SC2050.JPG\"\n               data-image-id=\"16156\"\n               data-title=\"SC(2050)\"\n               data-description=\"\"\n               data-image-slug=\"sc2050\"\n               class=\"shutterset_6bd4a67f62a7de13e8a03aec327a2ec6\">\n                <img\n                    title=\"SC(2050)\"\n                    alt=\"SC(2050)\"\n                    src=\"http:\/\/www.karate-neuhofen.at\/wp-content\/gallery\/9-sommercamp-2017\/thumbs\/thumbs_SC2050.JPG\"\n                    width=\"240\"\n                    height=\"160\"\n                    style=\"max-width:100%;\"\n                \/>\n            <\/a>\n        <\/div>\n\t\t\t\t\t\t\t<\/div> \n\t\t\t\n        \n\t\t\t\t<div id=\"ngg-image-272\" class=\"ngg-gallery-thumbnail-box\" >\n\t\t\t\t        <div class=\"ngg-gallery-thumbnail\">\n            <a href=\"http:\/\/www.karate-neuhofen.at\/wp-content\/gallery\/9-sommercamp-2017\/SC2051.JPG\"\n               title=\"\"\n               data-src=\"http:\/\/www.karate-neuhofen.at\/wp-content\/gallery\/9-sommercamp-2017\/SC2051.JPG\"\n               data-thumbnail=\"http:\/\/www.karate-neuhofen.at\/wp-content\/gallery\/9-sommercamp-2017\/thumbs\/thumbs_SC2051.JPG\"\n               data-image-id=\"16157\"\n               data-title=\"SC(2051)\"\n               data-description=\"\"\n               data-image-slug=\"sc2051\"\n               class=\"shutterset_6bd4a67f62a7de13e8a03aec327a2ec6\">\n                <img\n                    title=\"SC(2051)\"\n                    alt=\"SC(2051)\"\n                    src=\"http:\/\/www.karate-neuhofen.at\/wp-content\/gallery\/9-sommercamp-2017\/thumbs\/thumbs_SC2051.JPG\"\n                    width=\"240\"\n                    height=\"160\"\n                    style=\"max-width:100%;\"\n                \/>\n            <\/a>\n        <\/div>\n\t\t\t\t\t\t\t<\/div> \n\t\t\t\n        \n\t\t\t\t<div id=\"ngg-image-273\" class=\"ngg-gallery-thumbnail-box\" >\n\t\t\t\t        <div class=\"ngg-gallery-thumbnail\">\n            <a href=\"http:\/\/www.karate-neuhofen.at\/wp-content\/gallery\/9-sommercamp-2017\/SC2052.JPG\"\n               title=\"\"\n               data-src=\"http:\/\/www.karate-neuhofen.at\/wp-content\/gallery\/9-sommercamp-2017\/SC2052.JPG\"\n               data-thumbnail=\"http:\/\/www.karate-neuhofen.at\/wp-content\/gallery\/9-sommercamp-2017\/thumbs\/thumbs_SC2052.JPG\"\n               data-image-id=\"16158\"\n               data-title=\"SC(2052)\"\n               data-description=\"\"\n               data-image-slug=\"sc2052\"\n               class=\"shutterset_6bd4a67f62a7de13e8a03aec327a2ec6\">\n                <img\n                    title=\"SC(2052)\"\n                    alt=\"SC(2052)\"\n                    src=\"http:\/\/www.karate-neuhofen.at\/wp-content\/gallery\/9-sommercamp-2017\/thumbs\/thumbs_SC2052.JPG\"\n                    width=\"240\"\n                    height=\"160\"\n                    style=\"max-width:100%;\"\n                \/>\n            <\/a>\n        <\/div>\n\t\t\t\t\t\t\t<\/div> \n\t\t\t\n        \n\t\t\t\t<div id=\"ngg-image-274\" class=\"ngg-gallery-thumbnail-box\" >\n\t\t\t\t        <div class=\"ngg-gallery-thumbnail\">\n            <a href=\"http:\/\/www.karate-neuhofen.at\/wp-content\/gallery\/9-sommercamp-2017\/SC2053.JPG\"\n               title=\"\"\n               data-src=\"http:\/\/www.karate-neuhofen.at\/wp-content\/gallery\/9-sommercamp-2017\/SC2053.JPG\"\n               data-thumbnail=\"http:\/\/www.karate-neuhofen.at\/wp-content\/gallery\/9-sommercamp-2017\/thumbs\/thumbs_SC2053.JPG\"\n               data-image-id=\"16159\"\n               data-title=\"SC(2053)\"\n               data-description=\"\"\n               data-image-slug=\"sc2053\"\n               class=\"shutterset_6bd4a67f62a7de13e8a03aec327a2ec6\">\n                <img\n                    title=\"SC(2053)\"\n                    alt=\"SC(2053)\"\n                    src=\"http:\/\/www.karate-neuhofen.at\/wp-content\/gallery\/9-sommercamp-2017\/thumbs\/thumbs_SC2053.JPG\"\n                    width=\"240\"\n                    height=\"160\"\n                    style=\"max-width:100%;\"\n                \/>\n            <\/a>\n        <\/div>\n\t\t\t\t\t\t\t<\/div> \n\t\t\t\n        \n\t\t\t\t<div id=\"ngg-image-275\" class=\"ngg-gallery-thumbnail-box\" >\n\t\t\t\t        <div class=\"ngg-gallery-thumbnail\">\n            <a href=\"http:\/\/www.karate-neuhofen.at\/wp-content\/gallery\/9-sommercamp-2017\/SC2054.JPG\"\n               title=\"\"\n               data-src=\"http:\/\/www.karate-neuhofen.at\/wp-content\/gallery\/9-sommercamp-2017\/SC2054.JPG\"\n               data-thumbnail=\"http:\/\/www.karate-neuhofen.at\/wp-content\/gallery\/9-sommercamp-2017\/thumbs\/thumbs_SC2054.JPG\"\n               data-image-id=\"16160\"\n               data-title=\"SC(2054)\"\n               data-description=\"\"\n               data-image-slug=\"sc2054\"\n               class=\"shutterset_6bd4a67f62a7de13e8a03aec327a2ec6\">\n                <img\n                    title=\"SC(2054)\"\n                    alt=\"SC(2054)\"\n                    src=\"http:\/\/www.karate-neuhofen.at\/wp-content\/gallery\/9-sommercamp-2017\/thumbs\/thumbs_SC2054.JPG\"\n                    width=\"240\"\n                    height=\"160\"\n                    style=\"max-width:100%;\"\n                \/>\n            <\/a>\n        <\/div>\n\t\t\t\t\t\t\t<\/div> \n\t\t\t\n        \n\t\t\t\t<div id=\"ngg-image-276\" class=\"ngg-gallery-thumbnail-box\" >\n\t\t\t\t        <div class=\"ngg-gallery-thumbnail\">\n            <a href=\"http:\/\/www.karate-neuhofen.at\/wp-content\/gallery\/9-sommercamp-2017\/SC2055.JPG\"\n               title=\"\"\n               data-src=\"http:\/\/www.karate-neuhofen.at\/wp-content\/gallery\/9-sommercamp-2017\/SC2055.JPG\"\n               data-thumbnail=\"http:\/\/www.karate-neuhofen.at\/wp-content\/gallery\/9-sommercamp-2017\/thumbs\/thumbs_SC2055.JPG\"\n               data-image-id=\"16161\"\n               data-title=\"SC(2055)\"\n               data-description=\"\"\n               data-image-slug=\"sc2055\"\n               class=\"shutterset_6bd4a67f62a7de13e8a03aec327a2ec6\">\n                <img\n                    title=\"SC(2055)\"\n                    alt=\"SC(2055)\"\n                    src=\"http:\/\/www.karate-neuhofen.at\/wp-content\/gallery\/9-sommercamp-2017\/thumbs\/thumbs_SC2055.JPG\"\n                    width=\"240\"\n                    height=\"160\"\n                    style=\"max-width:100%;\"\n                \/>\n            <\/a>\n        <\/div>\n\t\t\t\t\t\t\t<\/div> \n\t\t\t\n        \n\t\t\t\t<div id=\"ngg-image-277\" class=\"ngg-gallery-thumbnail-box\" >\n\t\t\t\t        <div class=\"ngg-gallery-thumbnail\">\n            <a href=\"http:\/\/www.karate-neuhofen.at\/wp-content\/gallery\/9-sommercamp-2017\/SC2056.JPG\"\n               title=\"\"\n               data-src=\"http:\/\/www.karate-neuhofen.at\/wp-content\/gallery\/9-sommercamp-2017\/SC2056.JPG\"\n               data-thumbnail=\"http:\/\/www.karate-neuhofen.at\/wp-content\/gallery\/9-sommercamp-2017\/thumbs\/thumbs_SC2056.JPG\"\n               data-image-id=\"16162\"\n               data-title=\"SC(2056)\"\n               data-description=\"\"\n               data-image-slug=\"sc2056\"\n               class=\"shutterset_6bd4a67f62a7de13e8a03aec327a2ec6\">\n                <img\n                    title=\"SC(2056)\"\n                    alt=\"SC(2056)\"\n                    src=\"http:\/\/www.karate-neuhofen.at\/wp-content\/gallery\/9-sommercamp-2017\/thumbs\/thumbs_SC2056.JPG\"\n                    width=\"240\"\n                    height=\"160\"\n                    style=\"max-width:100%;\"\n                \/>\n            <\/a>\n        <\/div>\n\t\t\t\t\t\t\t<\/div> \n\t\t\t\n        \n\t\t\t\t<div id=\"ngg-image-278\" class=\"ngg-gallery-thumbnail-box\" >\n\t\t\t\t        <div class=\"ngg-gallery-thumbnail\">\n            <a href=\"http:\/\/www.karate-neuhofen.at\/wp-content\/gallery\/9-sommercamp-2017\/SC2057.JPG\"\n               title=\"\"\n               data-src=\"http:\/\/www.karate-neuhofen.at\/wp-content\/gallery\/9-sommercamp-2017\/SC2057.JPG\"\n               data-thumbnail=\"http:\/\/www.karate-neuhofen.at\/wp-content\/gallery\/9-sommercamp-2017\/thumbs\/thumbs_SC2057.JPG\"\n               data-image-id=\"16163\"\n               data-title=\"SC(2057)\"\n               data-description=\"\"\n               data-image-slug=\"sc2057\"\n               class=\"shutterset_6bd4a67f62a7de13e8a03aec327a2ec6\">\n                <img\n                    title=\"SC(2057)\"\n                    alt=\"SC(2057)\"\n                    src=\"http:\/\/www.karate-neuhofen.at\/wp-content\/gallery\/9-sommercamp-2017\/thumbs\/thumbs_SC2057.JPG\"\n                    width=\"240\"\n                    height=\"160\"\n                    style=\"max-width:100%;\"\n                \/>\n            <\/a>\n        <\/div>\n\t\t\t\t\t\t\t<\/div> \n\t\t\t\n        \n\t\t\t\t<div id=\"ngg-image-279\" class=\"ngg-gallery-thumbnail-box\" >\n\t\t\t\t        <div class=\"ngg-gallery-thumbnail\">\n            <a href=\"http:\/\/www.karate-neuhofen.at\/wp-content\/gallery\/9-sommercamp-2017\/SC2058.JPG\"\n               title=\"\"\n               data-src=\"http:\/\/www.karate-neuhofen.at\/wp-content\/gallery\/9-sommercamp-2017\/SC2058.JPG\"\n               data-thumbnail=\"http:\/\/www.karate-neuhofen.at\/wp-content\/gallery\/9-sommercamp-2017\/thumbs\/thumbs_SC2058.JPG\"\n               data-image-id=\"16164\"\n               data-title=\"SC(2058)\"\n               data-description=\"\"\n               data-image-slug=\"sc2058\"\n               class=\"shutterset_6bd4a67f62a7de13e8a03aec327a2ec6\">\n                <img\n                    title=\"SC(2058)\"\n                    alt=\"SC(2058)\"\n                    src=\"http:\/\/www.karate-neuhofen.at\/wp-content\/gallery\/9-sommercamp-2017\/thumbs\/thumbs_SC2058.JPG\"\n                    width=\"240\"\n                    height=\"160\"\n                    style=\"max-width:100%;\"\n                \/>\n            <\/a>\n        <\/div>\n\t\t\t\t\t\t\t<\/div> \n\t\t\t\n        \n\t\t\t\t<div id=\"ngg-image-280\" class=\"ngg-gallery-thumbnail-box\" >\n\t\t\t\t        <div class=\"ngg-gallery-thumbnail\">\n            <a href=\"http:\/\/www.karate-neuhofen.at\/wp-content\/gallery\/9-sommercamp-2017\/SC2059.JPG\"\n               title=\"\"\n               data-src=\"http:\/\/www.karate-neuhofen.at\/wp-content\/gallery\/9-sommercamp-2017\/SC2059.JPG\"\n               data-thumbnail=\"http:\/\/www.karate-neuhofen.at\/wp-content\/gallery\/9-sommercamp-2017\/thumbs\/thumbs_SC2059.JPG\"\n               data-image-id=\"16165\"\n               data-title=\"SC(2059)\"\n               data-description=\"\"\n               data-image-slug=\"sc2059\"\n               class=\"shutterset_6bd4a67f62a7de13e8a03aec327a2ec6\">\n                <img\n                    title=\"SC(2059)\"\n                    alt=\"SC(2059)\"\n                    src=\"http:\/\/www.karate-neuhofen.at\/wp-content\/gallery\/9-sommercamp-2017\/thumbs\/thumbs_SC2059.JPG\"\n                    width=\"240\"\n                    height=\"160\"\n                    style=\"max-width:100%;\"\n                \/>\n            <\/a>\n        <\/div>\n\t\t\t\t\t\t\t<\/div> \n\t\t\t\n        \n\t\t\t\t<div id=\"ngg-image-281\" class=\"ngg-gallery-thumbnail-box\" >\n\t\t\t\t        <div class=\"ngg-gallery-thumbnail\">\n            <a href=\"http:\/\/www.karate-neuhofen.at\/wp-content\/gallery\/9-sommercamp-2017\/SC2060.JPG\"\n               title=\"\"\n               data-src=\"http:\/\/www.karate-neuhofen.at\/wp-content\/gallery\/9-sommercamp-2017\/SC2060.JPG\"\n               data-thumbnail=\"http:\/\/www.karate-neuhofen.at\/wp-content\/gallery\/9-sommercamp-2017\/thumbs\/thumbs_SC2060.JPG\"\n               data-image-id=\"16166\"\n               data-title=\"SC(2060)\"\n               data-description=\"\"\n               data-image-slug=\"sc2060\"\n               class=\"shutterset_6bd4a67f62a7de13e8a03aec327a2ec6\">\n                <img\n                    title=\"SC(2060)\"\n                    alt=\"SC(2060)\"\n                    src=\"http:\/\/www.karate-neuhofen.at\/wp-content\/gallery\/9-sommercamp-2017\/thumbs\/thumbs_SC2060.JPG\"\n                    width=\"240\"\n                    height=\"160\"\n                    style=\"max-width:100%;\"\n                \/>\n            <\/a>\n        <\/div>\n\t\t\t\t\t\t\t<\/div> \n\t\t\t\n        \n\t\t\t\t<div id=\"ngg-image-282\" class=\"ngg-gallery-thumbnail-box\" >\n\t\t\t\t        <div class=\"ngg-gallery-thumbnail\">\n            <a href=\"http:\/\/www.karate-neuhofen.at\/wp-content\/gallery\/9-sommercamp-2017\/SC2061.JPG\"\n               title=\"\"\n               data-src=\"http:\/\/www.karate-neuhofen.at\/wp-content\/gallery\/9-sommercamp-2017\/SC2061.JPG\"\n               data-thumbnail=\"http:\/\/www.karate-neuhofen.at\/wp-content\/gallery\/9-sommercamp-2017\/thumbs\/thumbs_SC2061.JPG\"\n               data-image-id=\"16167\"\n               data-title=\"SC(2061)\"\n               data-description=\"\"\n               data-image-slug=\"sc2061\"\n               class=\"shutterset_6bd4a67f62a7de13e8a03aec327a2ec6\">\n                <img\n                    title=\"SC(2061)\"\n                    alt=\"SC(2061)\"\n                    src=\"http:\/\/www.karate-neuhofen.at\/wp-content\/gallery\/9-sommercamp-2017\/thumbs\/thumbs_SC2061.JPG\"\n                    width=\"240\"\n                    height=\"160\"\n                    style=\"max-width:100%;\"\n                \/>\n            <\/a>\n        <\/div>\n\t\t\t\t\t\t\t<\/div> \n\t\t\t\n        \n\t\t\t\t<div id=\"ngg-image-283\" class=\"ngg-gallery-thumbnail-box\" >\n\t\t\t\t        <div class=\"ngg-gallery-thumbnail\">\n            <a href=\"http:\/\/www.karate-neuhofen.at\/wp-content\/gallery\/9-sommercamp-2017\/SC2062.JPG\"\n               title=\"\"\n               data-src=\"http:\/\/www.karate-neuhofen.at\/wp-content\/gallery\/9-sommercamp-2017\/SC2062.JPG\"\n               data-thumbnail=\"http:\/\/www.karate-neuhofen.at\/wp-content\/gallery\/9-sommercamp-2017\/thumbs\/thumbs_SC2062.JPG\"\n               data-image-id=\"16168\"\n               data-title=\"SC(2062)\"\n               data-description=\"\"\n               data-image-slug=\"sc2062\"\n               class=\"shutterset_6bd4a67f62a7de13e8a03aec327a2ec6\">\n                <img\n                    title=\"SC(2062)\"\n                    alt=\"SC(2062)\"\n                    src=\"http:\/\/www.karate-neuhofen.at\/wp-content\/gallery\/9-sommercamp-2017\/thumbs\/thumbs_SC2062.JPG\"\n                    width=\"240\"\n                    height=\"160\"\n                    style=\"max-width:100%;\"\n                \/>\n            <\/a>\n        <\/div>\n\t\t\t\t\t\t\t<\/div> \n\t\t\t\n        \n\t\t\t\t<div id=\"ngg-image-284\" class=\"ngg-gallery-thumbnail-box\" >\n\t\t\t\t        <div class=\"ngg-gallery-thumbnail\">\n            <a href=\"http:\/\/www.karate-neuhofen.at\/wp-content\/gallery\/9-sommercamp-2017\/SC2063.JPG\"\n               title=\"\"\n               data-src=\"http:\/\/www.karate-neuhofen.at\/wp-content\/gallery\/9-sommercamp-2017\/SC2063.JPG\"\n               data-thumbnail=\"http:\/\/www.karate-neuhofen.at\/wp-content\/gallery\/9-sommercamp-2017\/thumbs\/thumbs_SC2063.JPG\"\n               data-image-id=\"16169\"\n               data-title=\"SC(2063)\"\n               data-description=\"\"\n               data-image-slug=\"sc2063\"\n               class=\"shutterset_6bd4a67f62a7de13e8a03aec327a2ec6\">\n                <img\n                    title=\"SC(2063)\"\n                    alt=\"SC(2063)\"\n                    src=\"http:\/\/www.karate-neuhofen.at\/wp-content\/gallery\/9-sommercamp-2017\/thumbs\/thumbs_SC2063.JPG\"\n                    width=\"240\"\n                    height=\"160\"\n                    style=\"max-width:100%;\"\n                \/>\n            <\/a>\n        <\/div>\n\t\t\t\t\t\t\t<\/div> \n\t\t\t\n        \n\t\t\t\t<div id=\"ngg-image-285\" class=\"ngg-gallery-thumbnail-box\" >\n\t\t\t\t        <div class=\"ngg-gallery-thumbnail\">\n            <a href=\"http:\/\/www.karate-neuhofen.at\/wp-content\/gallery\/9-sommercamp-2017\/SC2064.JPG\"\n               title=\"\"\n               data-src=\"http:\/\/www.karate-neuhofen.at\/wp-content\/gallery\/9-sommercamp-2017\/SC2064.JPG\"\n               data-thumbnail=\"http:\/\/www.karate-neuhofen.at\/wp-content\/gallery\/9-sommercamp-2017\/thumbs\/thumbs_SC2064.JPG\"\n               data-image-id=\"16170\"\n               data-title=\"SC(2064)\"\n               data-description=\"\"\n               data-image-slug=\"sc2064\"\n               class=\"shutterset_6bd4a67f62a7de13e8a03aec327a2ec6\">\n                <img\n                    title=\"SC(2064)\"\n                    alt=\"SC(2064)\"\n                    src=\"http:\/\/www.karate-neuhofen.at\/wp-content\/gallery\/9-sommercamp-2017\/thumbs\/thumbs_SC2064.JPG\"\n                    width=\"240\"\n                    height=\"160\"\n                    style=\"max-width:100%;\"\n                \/>\n            <\/a>\n        <\/div>\n\t\t\t\t\t\t\t<\/div> \n\t\t\t\n        \n\t\t\t\t<div id=\"ngg-image-286\" class=\"ngg-gallery-thumbnail-box\" >\n\t\t\t\t        <div class=\"ngg-gallery-thumbnail\">\n            <a href=\"http:\/\/www.karate-neuhofen.at\/wp-content\/gallery\/9-sommercamp-2017\/SC2065.JPG\"\n               title=\"\"\n               data-src=\"http:\/\/www.karate-neuhofen.at\/wp-content\/gallery\/9-sommercamp-2017\/SC2065.JPG\"\n               data-thumbnail=\"http:\/\/www.karate-neuhofen.at\/wp-content\/gallery\/9-sommercamp-2017\/thumbs\/thumbs_SC2065.JPG\"\n               data-image-id=\"16171\"\n               data-title=\"SC(2065)\"\n               data-description=\"\"\n               data-image-slug=\"sc2065\"\n               class=\"shutterset_6bd4a67f62a7de13e8a03aec327a2ec6\">\n                <img\n                    title=\"SC(2065)\"\n                    alt=\"SC(2065)\"\n                    src=\"http:\/\/www.karate-neuhofen.at\/wp-content\/gallery\/9-sommercamp-2017\/thumbs\/thumbs_SC2065.JPG\"\n                    width=\"240\"\n                    height=\"160\"\n                    style=\"max-width:100%;\"\n                \/>\n            <\/a>\n        <\/div>\n\t\t\t\t\t\t\t<\/div> \n\t\t\t\n        \n\t\t\t\t<div id=\"ngg-image-287\" class=\"ngg-gallery-thumbnail-box\" >\n\t\t\t\t        <div class=\"ngg-gallery-thumbnail\">\n            <a href=\"http:\/\/www.karate-neuhofen.at\/wp-content\/gallery\/9-sommercamp-2017\/SC2066.JPG\"\n               title=\"\"\n               data-src=\"http:\/\/www.karate-neuhofen.at\/wp-content\/gallery\/9-sommercamp-2017\/SC2066.JPG\"\n               data-thumbnail=\"http:\/\/www.karate-neuhofen.at\/wp-content\/gallery\/9-sommercamp-2017\/thumbs\/thumbs_SC2066.JPG\"\n               data-image-id=\"16172\"\n               data-title=\"SC(2066)\"\n               data-description=\"\"\n               data-image-slug=\"sc2066\"\n               class=\"shutterset_6bd4a67f62a7de13e8a03aec327a2ec6\">\n                <img\n                    title=\"SC(2066)\"\n                    alt=\"SC(2066)\"\n                    src=\"http:\/\/www.karate-neuhofen.at\/wp-content\/gallery\/9-sommercamp-2017\/thumbs\/thumbs_SC2066.JPG\"\n                    width=\"240\"\n                    height=\"160\"\n                    style=\"max-width:100%;\"\n                \/>\n            <\/a>\n        <\/div>\n\t\t\t\t\t\t\t<\/div> \n\t\t\t\n        \n\t\t\t\t<div id=\"ngg-image-288\" class=\"ngg-gallery-thumbnail-box\" >\n\t\t\t\t        <div class=\"ngg-gallery-thumbnail\">\n            <a href=\"http:\/\/www.karate-neuhofen.at\/wp-content\/gallery\/9-sommercamp-2017\/SC2067.JPG\"\n               title=\"\"\n               data-src=\"http:\/\/www.karate-neuhofen.at\/wp-content\/gallery\/9-sommercamp-2017\/SC2067.JPG\"\n               data-thumbnail=\"http:\/\/www.karate-neuhofen.at\/wp-content\/gallery\/9-sommercamp-2017\/thumbs\/thumbs_SC2067.JPG\"\n               data-image-id=\"16173\"\n               data-title=\"SC(2067)\"\n               data-description=\"\"\n               data-image-slug=\"sc2067\"\n               class=\"shutterset_6bd4a67f62a7de13e8a03aec327a2ec6\">\n                <img\n                    title=\"SC(2067)\"\n                    alt=\"SC(2067)\"\n                    src=\"http:\/\/www.karate-neuhofen.at\/wp-content\/gallery\/9-sommercamp-2017\/thumbs\/thumbs_SC2067.JPG\"\n                    width=\"240\"\n                    height=\"160\"\n                    style=\"max-width:100%;\"\n                \/>\n            <\/a>\n        <\/div>\n\t\t\t\t\t\t\t<\/div> \n\t\t\t\n        \n\t\t\t\t<div id=\"ngg-image-289\" class=\"ngg-gallery-thumbnail-box\" >\n\t\t\t\t        <div class=\"ngg-gallery-thumbnail\">\n            <a href=\"http:\/\/www.karate-neuhofen.at\/wp-content\/gallery\/9-sommercamp-2017\/SC2068.JPG\"\n               title=\"\"\n               data-src=\"http:\/\/www.karate-neuhofen.at\/wp-content\/gallery\/9-sommercamp-2017\/SC2068.JPG\"\n               data-thumbnail=\"http:\/\/www.karate-neuhofen.at\/wp-content\/gallery\/9-sommercamp-2017\/thumbs\/thumbs_SC2068.JPG\"\n               data-image-id=\"16174\"\n               data-title=\"SC(2068)\"\n               data-description=\"\"\n               data-image-slug=\"sc2068\"\n               class=\"shutterset_6bd4a67f62a7de13e8a03aec327a2ec6\">\n                <img\n                    title=\"SC(2068)\"\n                    alt=\"SC(2068)\"\n                    src=\"http:\/\/www.karate-neuhofen.at\/wp-content\/gallery\/9-sommercamp-2017\/thumbs\/thumbs_SC2068.JPG\"\n                    width=\"240\"\n                    height=\"160\"\n                    style=\"max-width:100%;\"\n                \/>\n            <\/a>\n        <\/div>\n\t\t\t\t\t\t\t<\/div> \n\t\t\t\n        \n\t\t\t\t<div id=\"ngg-image-290\" class=\"ngg-gallery-thumbnail-box\" >\n\t\t\t\t        <div class=\"ngg-gallery-thumbnail\">\n            <a href=\"http:\/\/www.karate-neuhofen.at\/wp-content\/gallery\/9-sommercamp-2017\/SC2069.JPG\"\n               title=\"\"\n               data-src=\"http:\/\/www.karate-neuhofen.at\/wp-content\/gallery\/9-sommercamp-2017\/SC2069.JPG\"\n               data-thumbnail=\"http:\/\/www.karate-neuhofen.at\/wp-content\/gallery\/9-sommercamp-2017\/thumbs\/thumbs_SC2069.JPG\"\n               data-image-id=\"16175\"\n               data-title=\"SC(2069)\"\n               data-description=\"\"\n               data-image-slug=\"sc2069\"\n               class=\"shutterset_6bd4a67f62a7de13e8a03aec327a2ec6\">\n                <img\n                    title=\"SC(2069)\"\n                    alt=\"SC(2069)\"\n                    src=\"http:\/\/www.karate-neuhofen.at\/wp-content\/gallery\/9-sommercamp-2017\/thumbs\/thumbs_SC2069.JPG\"\n                    width=\"240\"\n                    height=\"160\"\n                    style=\"max-width:100%;\"\n                \/>\n            <\/a>\n        <\/div>\n\t\t\t\t\t\t\t<\/div> \n\t\t\t\n        \n\t\t\t\t<div id=\"ngg-image-291\" class=\"ngg-gallery-thumbnail-box\" >\n\t\t\t\t        <div class=\"ngg-gallery-thumbnail\">\n            <a href=\"http:\/\/www.karate-neuhofen.at\/wp-content\/gallery\/9-sommercamp-2017\/SC2070.JPG\"\n               title=\"\"\n               data-src=\"http:\/\/www.karate-neuhofen.at\/wp-content\/gallery\/9-sommercamp-2017\/SC2070.JPG\"\n               data-thumbnail=\"http:\/\/www.karate-neuhofen.at\/wp-content\/gallery\/9-sommercamp-2017\/thumbs\/thumbs_SC2070.JPG\"\n               data-image-id=\"16176\"\n               data-title=\"SC(2070)\"\n               data-description=\"\"\n               data-image-slug=\"sc2070\"\n               class=\"shutterset_6bd4a67f62a7de13e8a03aec327a2ec6\">\n                <img\n                    title=\"SC(2070)\"\n                    alt=\"SC(2070)\"\n                    src=\"http:\/\/www.karate-neuhofen.at\/wp-content\/gallery\/9-sommercamp-2017\/thumbs\/thumbs_SC2070.JPG\"\n                    width=\"240\"\n                    height=\"160\"\n                    style=\"max-width:100%;\"\n                \/>\n            <\/a>\n        <\/div>\n\t\t\t\t\t\t\t<\/div> \n\t\t\t\n        \n\t\t\t\t<div id=\"ngg-image-292\" class=\"ngg-gallery-thumbnail-box\" >\n\t\t\t\t        <div class=\"ngg-gallery-thumbnail\">\n            <a href=\"http:\/\/www.karate-neuhofen.at\/wp-content\/gallery\/9-sommercamp-2017\/SC2071.JPG\"\n               title=\"\"\n               data-src=\"http:\/\/www.karate-neuhofen.at\/wp-content\/gallery\/9-sommercamp-2017\/SC2071.JPG\"\n               data-thumbnail=\"http:\/\/www.karate-neuhofen.at\/wp-content\/gallery\/9-sommercamp-2017\/thumbs\/thumbs_SC2071.JPG\"\n               data-image-id=\"16177\"\n               data-title=\"SC(2071)\"\n               data-description=\"\"\n               data-image-slug=\"sc2071\"\n               class=\"shutterset_6bd4a67f62a7de13e8a03aec327a2ec6\">\n                <img\n                    title=\"SC(2071)\"\n                    alt=\"SC(2071)\"\n                    src=\"http:\/\/www.karate-neuhofen.at\/wp-content\/gallery\/9-sommercamp-2017\/thumbs\/thumbs_SC2071.JPG\"\n                    width=\"240\"\n                    height=\"160\"\n                    style=\"max-width:100%;\"\n                \/>\n            <\/a>\n        <\/div>\n\t\t\t\t\t\t\t<\/div> \n\t\t\t\n        \n\t\t\t\t<div id=\"ngg-image-293\" class=\"ngg-gallery-thumbnail-box\" >\n\t\t\t\t        <div class=\"ngg-gallery-thumbnail\">\n            <a href=\"http:\/\/www.karate-neuhofen.at\/wp-content\/gallery\/9-sommercamp-2017\/SC2072.JPG\"\n               title=\"\"\n               data-src=\"http:\/\/www.karate-neuhofen.at\/wp-content\/gallery\/9-sommercamp-2017\/SC2072.JPG\"\n               data-thumbnail=\"http:\/\/www.karate-neuhofen.at\/wp-content\/gallery\/9-sommercamp-2017\/thumbs\/thumbs_SC2072.JPG\"\n               data-image-id=\"16178\"\n               data-title=\"SC(2072)\"\n               data-description=\"\"\n               data-image-slug=\"sc2072\"\n               class=\"shutterset_6bd4a67f62a7de13e8a03aec327a2ec6\">\n                <img\n                    title=\"SC(2072)\"\n                    alt=\"SC(2072)\"\n                    src=\"http:\/\/www.karate-neuhofen.at\/wp-content\/gallery\/9-sommercamp-2017\/thumbs\/thumbs_SC2072.JPG\"\n                    width=\"240\"\n                    height=\"160\"\n                    style=\"max-width:100%;\"\n                \/>\n            <\/a>\n        <\/div>\n\t\t\t\t\t\t\t<\/div> \n\t\t\t\n        \n\t\t\t\t<div id=\"ngg-image-294\" class=\"ngg-gallery-thumbnail-box\" >\n\t\t\t\t        <div class=\"ngg-gallery-thumbnail\">\n            <a href=\"http:\/\/www.karate-neuhofen.at\/wp-content\/gallery\/9-sommercamp-2017\/SC2073.JPG\"\n               title=\"\"\n               data-src=\"http:\/\/www.karate-neuhofen.at\/wp-content\/gallery\/9-sommercamp-2017\/SC2073.JPG\"\n               data-thumbnail=\"http:\/\/www.karate-neuhofen.at\/wp-content\/gallery\/9-sommercamp-2017\/thumbs\/thumbs_SC2073.JPG\"\n               data-image-id=\"16179\"\n               data-title=\"SC(2073)\"\n               data-description=\"\"\n               data-image-slug=\"sc2073\"\n               class=\"shutterset_6bd4a67f62a7de13e8a03aec327a2ec6\">\n                <img\n                    title=\"SC(2073)\"\n                    alt=\"SC(2073)\"\n                    src=\"http:\/\/www.karate-neuhofen.at\/wp-content\/gallery\/9-sommercamp-2017\/thumbs\/thumbs_SC2073.JPG\"\n                    width=\"240\"\n                    height=\"160\"\n                    style=\"max-width:100%;\"\n                \/>\n            <\/a>\n        <\/div>\n\t\t\t\t\t\t\t<\/div> \n\t\t\t\n        \n\t\t\t\t<div id=\"ngg-image-295\" class=\"ngg-gallery-thumbnail-box\" >\n\t\t\t\t        <div class=\"ngg-gallery-thumbnail\">\n            <a href=\"http:\/\/www.karate-neuhofen.at\/wp-content\/gallery\/9-sommercamp-2017\/SC2074.JPG\"\n               title=\"\"\n               data-src=\"http:\/\/www.karate-neuhofen.at\/wp-content\/gallery\/9-sommercamp-2017\/SC2074.JPG\"\n               data-thumbnail=\"http:\/\/www.karate-neuhofen.at\/wp-content\/gallery\/9-sommercamp-2017\/thumbs\/thumbs_SC2074.JPG\"\n               data-image-id=\"16180\"\n               data-title=\"SC(2074)\"\n               data-description=\"\"\n               data-image-slug=\"sc2074\"\n               class=\"shutterset_6bd4a67f62a7de13e8a03aec327a2ec6\">\n                <img\n                    title=\"SC(2074)\"\n                    alt=\"SC(2074)\"\n                    src=\"http:\/\/www.karate-neuhofen.at\/wp-content\/gallery\/9-sommercamp-2017\/thumbs\/thumbs_SC2074.JPG\"\n                    width=\"240\"\n                    height=\"160\"\n                    style=\"max-width:100%;\"\n                \/>\n            <\/a>\n        <\/div>\n\t\t\t\t\t\t\t<\/div> \n\t\t\t\n        \n\t\t\t\t<div id=\"ngg-image-296\" class=\"ngg-gallery-thumbnail-box\" >\n\t\t\t\t        <div class=\"ngg-gallery-thumbnail\">\n            <a href=\"http:\/\/www.karate-neuhofen.at\/wp-content\/gallery\/9-sommercamp-2017\/SC2075.JPG\"\n               title=\"\"\n               data-src=\"http:\/\/www.karate-neuhofen.at\/wp-content\/gallery\/9-sommercamp-2017\/SC2075.JPG\"\n               data-thumbnail=\"http:\/\/www.karate-neuhofen.at\/wp-content\/gallery\/9-sommercamp-2017\/thumbs\/thumbs_SC2075.JPG\"\n               data-image-id=\"16181\"\n               data-title=\"SC(2075)\"\n               data-description=\"\"\n               data-image-slug=\"sc2075\"\n               class=\"shutterset_6bd4a67f62a7de13e8a03aec327a2ec6\">\n                <img\n                    title=\"SC(2075)\"\n                    alt=\"SC(2075)\"\n                    src=\"http:\/\/www.karate-neuhofen.at\/wp-content\/gallery\/9-sommercamp-2017\/thumbs\/thumbs_SC2075.JPG\"\n                    width=\"240\"\n                    height=\"160\"\n                    style=\"max-width:100%;\"\n                \/>\n            <\/a>\n        <\/div>\n\t\t\t\t\t\t\t<\/div> \n\t\t\t\n        \n\t\t\t\t<div id=\"ngg-image-297\" class=\"ngg-gallery-thumbnail-box\" >\n\t\t\t\t        <div class=\"ngg-gallery-thumbnail\">\n            <a href=\"http:\/\/www.karate-neuhofen.at\/wp-content\/gallery\/9-sommercamp-2017\/SC2076.JPG\"\n               title=\"\"\n               data-src=\"http:\/\/www.karate-neuhofen.at\/wp-content\/gallery\/9-sommercamp-2017\/SC2076.JPG\"\n               data-thumbnail=\"http:\/\/www.karate-neuhofen.at\/wp-content\/gallery\/9-sommercamp-2017\/thumbs\/thumbs_SC2076.JPG\"\n               data-image-id=\"16182\"\n               data-title=\"SC(2076)\"\n               data-description=\"\"\n               data-image-slug=\"sc2076\"\n               class=\"shutterset_6bd4a67f62a7de13e8a03aec327a2ec6\">\n                <img\n                    title=\"SC(2076)\"\n                    alt=\"SC(2076)\"\n                    src=\"http:\/\/www.karate-neuhofen.at\/wp-content\/gallery\/9-sommercamp-2017\/thumbs\/thumbs_SC2076.JPG\"\n                    width=\"240\"\n                    height=\"160\"\n                    style=\"max-width:100%;\"\n                \/>\n            <\/a>\n        <\/div>\n\t\t\t\t\t\t\t<\/div> \n\t\t\t\n        \n\t\t\t\t<div id=\"ngg-image-298\" class=\"ngg-gallery-thumbnail-box\" >\n\t\t\t\t        <div class=\"ngg-gallery-thumbnail\">\n            <a href=\"http:\/\/www.karate-neuhofen.at\/wp-content\/gallery\/9-sommercamp-2017\/SC2077.JPG\"\n               title=\"\"\n               data-src=\"http:\/\/www.karate-neuhofen.at\/wp-content\/gallery\/9-sommercamp-2017\/SC2077.JPG\"\n               data-thumbnail=\"http:\/\/www.karate-neuhofen.at\/wp-content\/gallery\/9-sommercamp-2017\/thumbs\/thumbs_SC2077.JPG\"\n               data-image-id=\"16183\"\n               data-title=\"SC(2077)\"\n               data-description=\"\"\n               data-image-slug=\"sc2077\"\n               class=\"shutterset_6bd4a67f62a7de13e8a03aec327a2ec6\">\n                <img\n                    title=\"SC(2077)\"\n                    alt=\"SC(2077)\"\n                    src=\"http:\/\/www.karate-neuhofen.at\/wp-content\/gallery\/9-sommercamp-2017\/thumbs\/thumbs_SC2077.JPG\"\n                    width=\"240\"\n                    height=\"160\"\n                    style=\"max-width:100%;\"\n                \/>\n            <\/a>\n        <\/div>\n\t\t\t\t\t\t\t<\/div> \n\t\t\t\n        \n\t\t\t\t<div id=\"ngg-image-299\" class=\"ngg-gallery-thumbnail-box\" >\n\t\t\t\t        <div class=\"ngg-gallery-thumbnail\">\n            <a href=\"http:\/\/www.karate-neuhofen.at\/wp-content\/gallery\/9-sommercamp-2017\/SC2078.JPG\"\n               title=\"\"\n               data-src=\"http:\/\/www.karate-neuhofen.at\/wp-content\/gallery\/9-sommercamp-2017\/SC2078.JPG\"\n               data-thumbnail=\"http:\/\/www.karate-neuhofen.at\/wp-content\/gallery\/9-sommercamp-2017\/thumbs\/thumbs_SC2078.JPG\"\n               data-image-id=\"16184\"\n               data-title=\"SC(2078)\"\n               data-description=\"\"\n               data-image-slug=\"sc2078\"\n               class=\"shutterset_6bd4a67f62a7de13e8a03aec327a2ec6\">\n                <img\n                    title=\"SC(2078)\"\n                    alt=\"SC(2078)\"\n                    src=\"http:\/\/www.karate-neuhofen.at\/wp-content\/gallery\/9-sommercamp-2017\/thumbs\/thumbs_SC2078.JPG\"\n                    width=\"240\"\n                    height=\"160\"\n                    style=\"max-width:100%;\"\n                \/>\n            <\/a>\n        <\/div>\n\t\t\t\t\t\t\t<\/div> \n\t\t\t\n        \n\t\t\t\t<div id=\"ngg-image-300\" class=\"ngg-gallery-thumbnail-box\" >\n\t\t\t\t        <div class=\"ngg-gallery-thumbnail\">\n            <a href=\"http:\/\/www.karate-neuhofen.at\/wp-content\/gallery\/9-sommercamp-2017\/SC2079.JPG\"\n               title=\"\"\n               data-src=\"http:\/\/www.karate-neuhofen.at\/wp-content\/gallery\/9-sommercamp-2017\/SC2079.JPG\"\n               data-thumbnail=\"http:\/\/www.karate-neuhofen.at\/wp-content\/gallery\/9-sommercamp-2017\/thumbs\/thumbs_SC2079.JPG\"\n               data-image-id=\"16185\"\n               data-title=\"SC(2079)\"\n               data-description=\"\"\n               data-image-slug=\"sc2079\"\n               class=\"shutterset_6bd4a67f62a7de13e8a03aec327a2ec6\">\n                <img\n                    title=\"SC(2079)\"\n                    alt=\"SC(2079)\"\n                    src=\"http:\/\/www.karate-neuhofen.at\/wp-content\/gallery\/9-sommercamp-2017\/thumbs\/thumbs_SC2079.JPG\"\n                    width=\"240\"\n                    height=\"160\"\n                    style=\"max-width:100%;\"\n                \/>\n            <\/a>\n        <\/div>\n\t\t\t\t\t\t\t<\/div> \n\t\t\t\n        \n\t\t\t\t<div id=\"ngg-image-301\" class=\"ngg-gallery-thumbnail-box\" >\n\t\t\t\t        <div class=\"ngg-gallery-thumbnail\">\n            <a href=\"http:\/\/www.karate-neuhofen.at\/wp-content\/gallery\/9-sommercamp-2017\/SC2080.JPG\"\n               title=\"\"\n               data-src=\"http:\/\/www.karate-neuhofen.at\/wp-content\/gallery\/9-sommercamp-2017\/SC2080.JPG\"\n               data-thumbnail=\"http:\/\/www.karate-neuhofen.at\/wp-content\/gallery\/9-sommercamp-2017\/thumbs\/thumbs_SC2080.JPG\"\n               data-image-id=\"16186\"\n               data-title=\"SC(2080)\"\n               data-description=\"\"\n               data-image-slug=\"sc2080\"\n               class=\"shutterset_6bd4a67f62a7de13e8a03aec327a2ec6\">\n                <img\n                    title=\"SC(2080)\"\n                    alt=\"SC(2080)\"\n                    src=\"http:\/\/www.karate-neuhofen.at\/wp-content\/gallery\/9-sommercamp-2017\/thumbs\/thumbs_SC2080.JPG\"\n                    width=\"240\"\n                    height=\"160\"\n                    style=\"max-width:100%;\"\n                \/>\n            <\/a>\n        <\/div>\n\t\t\t\t\t\t\t<\/div> \n\t\t\t\n        \n\t\t\t\t<div id=\"ngg-image-302\" class=\"ngg-gallery-thumbnail-box\" >\n\t\t\t\t        <div class=\"ngg-gallery-thumbnail\">\n            <a href=\"http:\/\/www.karate-neuhofen.at\/wp-content\/gallery\/9-sommercamp-2017\/SC2081.JPG\"\n               title=\"\"\n               data-src=\"http:\/\/www.karate-neuhofen.at\/wp-content\/gallery\/9-sommercamp-2017\/SC2081.JPG\"\n               data-thumbnail=\"http:\/\/www.karate-neuhofen.at\/wp-content\/gallery\/9-sommercamp-2017\/thumbs\/thumbs_SC2081.JPG\"\n               data-image-id=\"16187\"\n               data-title=\"SC(2081)\"\n               data-description=\"\"\n               data-image-slug=\"sc2081\"\n               class=\"shutterset_6bd4a67f62a7de13e8a03aec327a2ec6\">\n                <img\n                    title=\"SC(2081)\"\n                    alt=\"SC(2081)\"\n                    src=\"http:\/\/www.karate-neuhofen.at\/wp-content\/gallery\/9-sommercamp-2017\/thumbs\/thumbs_SC2081.JPG\"\n                    width=\"240\"\n                    height=\"160\"\n                    style=\"max-width:100%;\"\n                \/>\n            <\/a>\n        <\/div>\n\t\t\t\t\t\t\t<\/div> \n\t\t\t\n        \n\t\t\t\t<div id=\"ngg-image-303\" class=\"ngg-gallery-thumbnail-box\" >\n\t\t\t\t        <div class=\"ngg-gallery-thumbnail\">\n            <a href=\"http:\/\/www.karate-neuhofen.at\/wp-content\/gallery\/9-sommercamp-2017\/SC2082.JPG\"\n               title=\"\"\n               data-src=\"http:\/\/www.karate-neuhofen.at\/wp-content\/gallery\/9-sommercamp-2017\/SC2082.JPG\"\n               data-thumbnail=\"http:\/\/www.karate-neuhofen.at\/wp-content\/gallery\/9-sommercamp-2017\/thumbs\/thumbs_SC2082.JPG\"\n               data-image-id=\"16188\"\n               data-title=\"SC(2082)\"\n               data-description=\"\"\n               data-image-slug=\"sc2082\"\n               class=\"shutterset_6bd4a67f62a7de13e8a03aec327a2ec6\">\n                <img\n                    title=\"SC(2082)\"\n                    alt=\"SC(2082)\"\n                    src=\"http:\/\/www.karate-neuhofen.at\/wp-content\/gallery\/9-sommercamp-2017\/thumbs\/thumbs_SC2082.JPG\"\n                    width=\"240\"\n                    height=\"160\"\n                    style=\"max-width:100%;\"\n                \/>\n            <\/a>\n        <\/div>\n\t\t\t\t\t\t\t<\/div> \n\t\t\t\n        \n\t\t\t\t<div id=\"ngg-image-304\" class=\"ngg-gallery-thumbnail-box\" >\n\t\t\t\t        <div class=\"ngg-gallery-thumbnail\">\n            <a href=\"http:\/\/www.karate-neuhofen.at\/wp-content\/gallery\/9-sommercamp-2017\/SC2083.JPG\"\n               title=\"\"\n               data-src=\"http:\/\/www.karate-neuhofen.at\/wp-content\/gallery\/9-sommercamp-2017\/SC2083.JPG\"\n               data-thumbnail=\"http:\/\/www.karate-neuhofen.at\/wp-content\/gallery\/9-sommercamp-2017\/thumbs\/thumbs_SC2083.JPG\"\n               data-image-id=\"16189\"\n               data-title=\"SC(2083)\"\n               data-description=\"\"\n               data-image-slug=\"sc2083\"\n               class=\"shutterset_6bd4a67f62a7de13e8a03aec327a2ec6\">\n                <img\n                    title=\"SC(2083)\"\n                    alt=\"SC(2083)\"\n                    src=\"http:\/\/www.karate-neuhofen.at\/wp-content\/gallery\/9-sommercamp-2017\/thumbs\/thumbs_SC2083.JPG\"\n                    width=\"240\"\n                    height=\"160\"\n                    style=\"max-width:100%;\"\n                \/>\n            <\/a>\n        <\/div>\n\t\t\t\t\t\t\t<\/div> \n\t\t\t\n        \n\t\t\t\t<div id=\"ngg-image-305\" class=\"ngg-gallery-thumbnail-box\" >\n\t\t\t\t        <div class=\"ngg-gallery-thumbnail\">\n            <a href=\"http:\/\/www.karate-neuhofen.at\/wp-content\/gallery\/9-sommercamp-2017\/SC2084.JPG\"\n               title=\"\"\n               data-src=\"http:\/\/www.karate-neuhofen.at\/wp-content\/gallery\/9-sommercamp-2017\/SC2084.JPG\"\n               data-thumbnail=\"http:\/\/www.karate-neuhofen.at\/wp-content\/gallery\/9-sommercamp-2017\/thumbs\/thumbs_SC2084.JPG\"\n               data-image-id=\"16190\"\n               data-title=\"SC(2084)\"\n               data-description=\"\"\n               data-image-slug=\"sc2084\"\n               class=\"shutterset_6bd4a67f62a7de13e8a03aec327a2ec6\">\n                <img\n                    title=\"SC(2084)\"\n                    alt=\"SC(2084)\"\n                    src=\"http:\/\/www.karate-neuhofen.at\/wp-content\/gallery\/9-sommercamp-2017\/thumbs\/thumbs_SC2084.JPG\"\n                    width=\"240\"\n                    height=\"160\"\n                    style=\"max-width:100%;\"\n                \/>\n            <\/a>\n        <\/div>\n\t\t\t\t\t\t\t<\/div> \n\t\t\t\n        \n\t\t\t\t<div id=\"ngg-image-306\" class=\"ngg-gallery-thumbnail-box\" >\n\t\t\t\t        <div class=\"ngg-gallery-thumbnail\">\n            <a href=\"http:\/\/www.karate-neuhofen.at\/wp-content\/gallery\/9-sommercamp-2017\/SC2085.JPG\"\n               title=\"\"\n               data-src=\"http:\/\/www.karate-neuhofen.at\/wp-content\/gallery\/9-sommercamp-2017\/SC2085.JPG\"\n               data-thumbnail=\"http:\/\/www.karate-neuhofen.at\/wp-content\/gallery\/9-sommercamp-2017\/thumbs\/thumbs_SC2085.JPG\"\n               data-image-id=\"16191\"\n               data-title=\"SC(2085)\"\n               data-description=\"\"\n               data-image-slug=\"sc2085\"\n               class=\"shutterset_6bd4a67f62a7de13e8a03aec327a2ec6\">\n                <img\n                    title=\"SC(2085)\"\n                    alt=\"SC(2085)\"\n                    src=\"http:\/\/www.karate-neuhofen.at\/wp-content\/gallery\/9-sommercamp-2017\/thumbs\/thumbs_SC2085.JPG\"\n                    width=\"240\"\n                    height=\"160\"\n                    style=\"max-width:100%;\"\n                \/>\n            <\/a>\n        <\/div>\n\t\t\t\t\t\t\t<\/div> \n\t\t\t\n        \n\t\t\t\t<div id=\"ngg-image-307\" class=\"ngg-gallery-thumbnail-box\" >\n\t\t\t\t        <div class=\"ngg-gallery-thumbnail\">\n            <a href=\"http:\/\/www.karate-neuhofen.at\/wp-content\/gallery\/9-sommercamp-2017\/SC2086.JPG\"\n               title=\"\"\n               data-src=\"http:\/\/www.karate-neuhofen.at\/wp-content\/gallery\/9-sommercamp-2017\/SC2086.JPG\"\n               data-thumbnail=\"http:\/\/www.karate-neuhofen.at\/wp-content\/gallery\/9-sommercamp-2017\/thumbs\/thumbs_SC2086.JPG\"\n               data-image-id=\"16192\"\n               data-title=\"SC(2086)\"\n               data-description=\"\"\n               data-image-slug=\"sc2086\"\n               class=\"shutterset_6bd4a67f62a7de13e8a03aec327a2ec6\">\n                <img\n                    title=\"SC(2086)\"\n                    alt=\"SC(2086)\"\n                    src=\"http:\/\/www.karate-neuhofen.at\/wp-content\/gallery\/9-sommercamp-2017\/thumbs\/thumbs_SC2086.JPG\"\n                    width=\"240\"\n                    height=\"160\"\n                    style=\"max-width:100%;\"\n                \/>\n            <\/a>\n        <\/div>\n\t\t\t\t\t\t\t<\/div> \n\t\t\t\n        \n\t\t\t\t<div id=\"ngg-image-308\" class=\"ngg-gallery-thumbnail-box\" >\n\t\t\t\t        <div class=\"ngg-gallery-thumbnail\">\n            <a href=\"http:\/\/www.karate-neuhofen.at\/wp-content\/gallery\/9-sommercamp-2017\/SC2087.JPG\"\n               title=\"\"\n               data-src=\"http:\/\/www.karate-neuhofen.at\/wp-content\/gallery\/9-sommercamp-2017\/SC2087.JPG\"\n               data-thumbnail=\"http:\/\/www.karate-neuhofen.at\/wp-content\/gallery\/9-sommercamp-2017\/thumbs\/thumbs_SC2087.JPG\"\n               data-image-id=\"16193\"\n               data-title=\"SC(2087)\"\n               data-description=\"\"\n               data-image-slug=\"sc2087\"\n               class=\"shutterset_6bd4a67f62a7de13e8a03aec327a2ec6\">\n                <img\n                    title=\"SC(2087)\"\n                    alt=\"SC(2087)\"\n                    src=\"http:\/\/www.karate-neuhofen.at\/wp-content\/gallery\/9-sommercamp-2017\/thumbs\/thumbs_SC2087.JPG\"\n                    width=\"240\"\n                    height=\"160\"\n                    style=\"max-width:100%;\"\n                \/>\n            <\/a>\n        <\/div>\n\t\t\t\t\t\t\t<\/div> \n\t\t\t\n        \n\t\t\t\t<div id=\"ngg-image-309\" class=\"ngg-gallery-thumbnail-box\" >\n\t\t\t\t        <div class=\"ngg-gallery-thumbnail\">\n            <a href=\"http:\/\/www.karate-neuhofen.at\/wp-content\/gallery\/9-sommercamp-2017\/SC2088.JPG\"\n               title=\"\"\n               data-src=\"http:\/\/www.karate-neuhofen.at\/wp-content\/gallery\/9-sommercamp-2017\/SC2088.JPG\"\n               data-thumbnail=\"http:\/\/www.karate-neuhofen.at\/wp-content\/gallery\/9-sommercamp-2017\/thumbs\/thumbs_SC2088.JPG\"\n               data-image-id=\"16194\"\n               data-title=\"SC(2088)\"\n               data-description=\"\"\n               data-image-slug=\"sc2088\"\n               class=\"shutterset_6bd4a67f62a7de13e8a03aec327a2ec6\">\n                <img\n                    title=\"SC(2088)\"\n                    alt=\"SC(2088)\"\n                    src=\"http:\/\/www.karate-neuhofen.at\/wp-content\/gallery\/9-sommercamp-2017\/thumbs\/thumbs_SC2088.JPG\"\n                    width=\"240\"\n                    height=\"160\"\n                    style=\"max-width:100%;\"\n                \/>\n            <\/a>\n        <\/div>\n\t\t\t\t\t\t\t<\/div> \n\t\t\t\n        \n\t\t\t\t<div id=\"ngg-image-310\" class=\"ngg-gallery-thumbnail-box\" >\n\t\t\t\t        <div class=\"ngg-gallery-thumbnail\">\n            <a href=\"http:\/\/www.karate-neuhofen.at\/wp-content\/gallery\/9-sommercamp-2017\/SC2089.JPG\"\n               title=\"\"\n               data-src=\"http:\/\/www.karate-neuhofen.at\/wp-content\/gallery\/9-sommercamp-2017\/SC2089.JPG\"\n               data-thumbnail=\"http:\/\/www.karate-neuhofen.at\/wp-content\/gallery\/9-sommercamp-2017\/thumbs\/thumbs_SC2089.JPG\"\n               data-image-id=\"16195\"\n               data-title=\"SC(2089)\"\n               data-description=\"\"\n               data-image-slug=\"sc2089\"\n               class=\"shutterset_6bd4a67f62a7de13e8a03aec327a2ec6\">\n                <img\n                    title=\"SC(2089)\"\n                    alt=\"SC(2089)\"\n                    src=\"http:\/\/www.karate-neuhofen.at\/wp-content\/gallery\/9-sommercamp-2017\/thumbs\/thumbs_SC2089.JPG\"\n                    width=\"240\"\n                    height=\"160\"\n                    style=\"max-width:100%;\"\n                \/>\n            <\/a>\n        <\/div>\n\t\t\t\t\t\t\t<\/div> \n\t\t\t\n        \n\t\t\t\t<div id=\"ngg-image-311\" class=\"ngg-gallery-thumbnail-box\" >\n\t\t\t\t        <div class=\"ngg-gallery-thumbnail\">\n            <a href=\"http:\/\/www.karate-neuhofen.at\/wp-content\/gallery\/9-sommercamp-2017\/SC2090.JPG\"\n               title=\"\"\n               data-src=\"http:\/\/www.karate-neuhofen.at\/wp-content\/gallery\/9-sommercamp-2017\/SC2090.JPG\"\n               data-thumbnail=\"http:\/\/www.karate-neuhofen.at\/wp-content\/gallery\/9-sommercamp-2017\/thumbs\/thumbs_SC2090.JPG\"\n               data-image-id=\"16196\"\n               data-title=\"SC(2090)\"\n               data-description=\"\"\n               data-image-slug=\"sc2090\"\n               class=\"shutterset_6bd4a67f62a7de13e8a03aec327a2ec6\">\n                <img\n                    title=\"SC(2090)\"\n                    alt=\"SC(2090)\"\n                    src=\"http:\/\/www.karate-neuhofen.at\/wp-content\/gallery\/9-sommercamp-2017\/thumbs\/thumbs_SC2090.JPG\"\n                    width=\"240\"\n                    height=\"160\"\n                    style=\"max-width:100%;\"\n                \/>\n            <\/a>\n        <\/div>\n\t\t\t\t\t\t\t<\/div> \n\t\t\t\n        \n\t\t\t\t<div id=\"ngg-image-312\" class=\"ngg-gallery-thumbnail-box\" >\n\t\t\t\t        <div class=\"ngg-gallery-thumbnail\">\n            <a href=\"http:\/\/www.karate-neuhofen.at\/wp-content\/gallery\/9-sommercamp-2017\/SC2091.JPG\"\n               title=\"\"\n               data-src=\"http:\/\/www.karate-neuhofen.at\/wp-content\/gallery\/9-sommercamp-2017\/SC2091.JPG\"\n               data-thumbnail=\"http:\/\/www.karate-neuhofen.at\/wp-content\/gallery\/9-sommercamp-2017\/thumbs\/thumbs_SC2091.JPG\"\n               data-image-id=\"16197\"\n               data-title=\"SC(2091)\"\n               data-description=\"\"\n               data-image-slug=\"sc2091\"\n               class=\"shutterset_6bd4a67f62a7de13e8a03aec327a2ec6\">\n                <img\n                    title=\"SC(2091)\"\n                    alt=\"SC(2091)\"\n                    src=\"http:\/\/www.karate-neuhofen.at\/wp-content\/gallery\/9-sommercamp-2017\/thumbs\/thumbs_SC2091.JPG\"\n                    width=\"240\"\n                    height=\"160\"\n                    style=\"max-width:100%;\"\n                \/>\n            <\/a>\n        <\/div>\n\t\t\t\t\t\t\t<\/div> \n\t\t\t\n        \n\t\t\t\t<div id=\"ngg-image-313\" class=\"ngg-gallery-thumbnail-box\" >\n\t\t\t\t        <div class=\"ngg-gallery-thumbnail\">\n            <a href=\"http:\/\/www.karate-neuhofen.at\/wp-content\/gallery\/9-sommercamp-2017\/SC2092.JPG\"\n               title=\"\"\n               data-src=\"http:\/\/www.karate-neuhofen.at\/wp-content\/gallery\/9-sommercamp-2017\/SC2092.JPG\"\n               data-thumbnail=\"http:\/\/www.karate-neuhofen.at\/wp-content\/gallery\/9-sommercamp-2017\/thumbs\/thumbs_SC2092.JPG\"\n               data-image-id=\"16198\"\n               data-title=\"SC(2092)\"\n               data-description=\"\"\n               data-image-slug=\"sc2092\"\n               class=\"shutterset_6bd4a67f62a7de13e8a03aec327a2ec6\">\n                <img\n                    title=\"SC(2092)\"\n                    alt=\"SC(2092)\"\n                    src=\"http:\/\/www.karate-neuhofen.at\/wp-content\/gallery\/9-sommercamp-2017\/thumbs\/thumbs_SC2092.JPG\"\n                    width=\"240\"\n                    height=\"160\"\n                    style=\"max-width:100%;\"\n                \/>\n            <\/a>\n        <\/div>\n\t\t\t\t\t\t\t<\/div> \n\t\t\t\n        \n\t\t\t\t<div id=\"ngg-image-314\" class=\"ngg-gallery-thumbnail-box\" >\n\t\t\t\t        <div class=\"ngg-gallery-thumbnail\">\n            <a href=\"http:\/\/www.karate-neuhofen.at\/wp-content\/gallery\/9-sommercamp-2017\/SC2093.JPG\"\n               title=\"\"\n               data-src=\"http:\/\/www.karate-neuhofen.at\/wp-content\/gallery\/9-sommercamp-2017\/SC2093.JPG\"\n               data-thumbnail=\"http:\/\/www.karate-neuhofen.at\/wp-content\/gallery\/9-sommercamp-2017\/thumbs\/thumbs_SC2093.JPG\"\n               data-image-id=\"16199\"\n               data-title=\"SC(2093)\"\n               data-description=\"\"\n               data-image-slug=\"sc2093\"\n               class=\"shutterset_6bd4a67f62a7de13e8a03aec327a2ec6\">\n                <img\n                    title=\"SC(2093)\"\n                    alt=\"SC(2093)\"\n                    src=\"http:\/\/www.karate-neuhofen.at\/wp-content\/gallery\/9-sommercamp-2017\/thumbs\/thumbs_SC2093.JPG\"\n                    width=\"240\"\n                    height=\"160\"\n                    style=\"max-width:100%;\"\n                \/>\n            <\/a>\n        <\/div>\n\t\t\t\t\t\t\t<\/div> \n\t\t\t\n        \n\t\t\t\t<div id=\"ngg-image-315\" class=\"ngg-gallery-thumbnail-box\" >\n\t\t\t\t        <div class=\"ngg-gallery-thumbnail\">\n            <a href=\"http:\/\/www.karate-neuhofen.at\/wp-content\/gallery\/9-sommercamp-2017\/SC2094.JPG\"\n               title=\"\"\n               data-src=\"http:\/\/www.karate-neuhofen.at\/wp-content\/gallery\/9-sommercamp-2017\/SC2094.JPG\"\n               data-thumbnail=\"http:\/\/www.karate-neuhofen.at\/wp-content\/gallery\/9-sommercamp-2017\/thumbs\/thumbs_SC2094.JPG\"\n               data-image-id=\"16200\"\n               data-title=\"SC(2094)\"\n               data-description=\"\"\n               data-image-slug=\"sc2094\"\n               class=\"shutterset_6bd4a67f62a7de13e8a03aec327a2ec6\">\n                <img\n                    title=\"SC(2094)\"\n                    alt=\"SC(2094)\"\n                    src=\"http:\/\/www.karate-neuhofen.at\/wp-content\/gallery\/9-sommercamp-2017\/thumbs\/thumbs_SC2094.JPG\"\n                    width=\"240\"\n                    height=\"160\"\n                    style=\"max-width:100%;\"\n                \/>\n            <\/a>\n        <\/div>\n\t\t\t\t\t\t\t<\/div> \n\t\t\t\n        \n\t\t\t\t<div id=\"ngg-image-316\" class=\"ngg-gallery-thumbnail-box\" >\n\t\t\t\t        <div class=\"ngg-gallery-thumbnail\">\n            <a href=\"http:\/\/www.karate-neuhofen.at\/wp-content\/gallery\/9-sommercamp-2017\/SC2095.JPG\"\n               title=\"\"\n               data-src=\"http:\/\/www.karate-neuhofen.at\/wp-content\/gallery\/9-sommercamp-2017\/SC2095.JPG\"\n               data-thumbnail=\"http:\/\/www.karate-neuhofen.at\/wp-content\/gallery\/9-sommercamp-2017\/thumbs\/thumbs_SC2095.JPG\"\n               data-image-id=\"16201\"\n               data-title=\"SC(2095)\"\n               data-description=\"\"\n               data-image-slug=\"sc2095\"\n               class=\"shutterset_6bd4a67f62a7de13e8a03aec327a2ec6\">\n                <img\n                    title=\"SC(2095)\"\n                    alt=\"SC(2095)\"\n                    src=\"http:\/\/www.karate-neuhofen.at\/wp-content\/gallery\/9-sommercamp-2017\/thumbs\/thumbs_SC2095.JPG\"\n                    width=\"240\"\n                    height=\"160\"\n                    style=\"max-width:100%;\"\n                \/>\n            <\/a>\n        <\/div>\n\t\t\t\t\t\t\t<\/div> \n\t\t\t\n        \n\t\t\t\t<div id=\"ngg-image-317\" class=\"ngg-gallery-thumbnail-box\" >\n\t\t\t\t        <div class=\"ngg-gallery-thumbnail\">\n            <a href=\"http:\/\/www.karate-neuhofen.at\/wp-content\/gallery\/9-sommercamp-2017\/SC2096.JPG\"\n               title=\"\"\n               data-src=\"http:\/\/www.karate-neuhofen.at\/wp-content\/gallery\/9-sommercamp-2017\/SC2096.JPG\"\n               data-thumbnail=\"http:\/\/www.karate-neuhofen.at\/wp-content\/gallery\/9-sommercamp-2017\/thumbs\/thumbs_SC2096.JPG\"\n               data-image-id=\"16202\"\n               data-title=\"SC(2096)\"\n               data-description=\"\"\n               data-image-slug=\"sc2096\"\n               class=\"shutterset_6bd4a67f62a7de13e8a03aec327a2ec6\">\n                <img\n                    title=\"SC(2096)\"\n                    alt=\"SC(2096)\"\n                    src=\"http:\/\/www.karate-neuhofen.at\/wp-content\/gallery\/9-sommercamp-2017\/thumbs\/thumbs_SC2096.JPG\"\n                    width=\"240\"\n                    height=\"160\"\n                    style=\"max-width:100%;\"\n                \/>\n            <\/a>\n        <\/div>\n\t\t\t\t\t\t\t<\/div> \n\t\t\t\n        \n\t\t\t\t<div id=\"ngg-image-318\" class=\"ngg-gallery-thumbnail-box\" >\n\t\t\t\t        <div class=\"ngg-gallery-thumbnail\">\n            <a href=\"http:\/\/www.karate-neuhofen.at\/wp-content\/gallery\/9-sommercamp-2017\/SC2097.JPG\"\n               title=\"\"\n               data-src=\"http:\/\/www.karate-neuhofen.at\/wp-content\/gallery\/9-sommercamp-2017\/SC2097.JPG\"\n               data-thumbnail=\"http:\/\/www.karate-neuhofen.at\/wp-content\/gallery\/9-sommercamp-2017\/thumbs\/thumbs_SC2097.JPG\"\n               data-image-id=\"16203\"\n               data-title=\"SC(2097)\"\n               data-description=\"\"\n               data-image-slug=\"sc2097\"\n               class=\"shutterset_6bd4a67f62a7de13e8a03aec327a2ec6\">\n                <img\n                    title=\"SC(2097)\"\n                    alt=\"SC(2097)\"\n                    src=\"http:\/\/www.karate-neuhofen.at\/wp-content\/gallery\/9-sommercamp-2017\/thumbs\/thumbs_SC2097.JPG\"\n                    width=\"240\"\n                    height=\"160\"\n                    style=\"max-width:100%;\"\n                \/>\n            <\/a>\n        <\/div>\n\t\t\t\t\t\t\t<\/div> \n\t\t\t\n        \n\t\t\t\t<div id=\"ngg-image-319\" class=\"ngg-gallery-thumbnail-box\" >\n\t\t\t\t        <div class=\"ngg-gallery-thumbnail\">\n            <a href=\"http:\/\/www.karate-neuhofen.at\/wp-content\/gallery\/9-sommercamp-2017\/SC2098.JPG\"\n               title=\"\"\n               data-src=\"http:\/\/www.karate-neuhofen.at\/wp-content\/gallery\/9-sommercamp-2017\/SC2098.JPG\"\n               data-thumbnail=\"http:\/\/www.karate-neuhofen.at\/wp-content\/gallery\/9-sommercamp-2017\/thumbs\/thumbs_SC2098.JPG\"\n               data-image-id=\"16204\"\n               data-title=\"SC(2098)\"\n               data-description=\"\"\n               data-image-slug=\"sc2098\"\n               class=\"shutterset_6bd4a67f62a7de13e8a03aec327a2ec6\">\n                <img\n                    title=\"SC(2098)\"\n                    alt=\"SC(2098)\"\n                    src=\"http:\/\/www.karate-neuhofen.at\/wp-content\/gallery\/9-sommercamp-2017\/thumbs\/thumbs_SC2098.JPG\"\n                    width=\"240\"\n                    height=\"160\"\n                    style=\"max-width:100%;\"\n                \/>\n            <\/a>\n        <\/div>\n\t\t\t\t\t\t\t<\/div> \n\t\t\t\n        \n\t\t\t\t<div id=\"ngg-image-320\" class=\"ngg-gallery-thumbnail-box\" >\n\t\t\t\t        <div class=\"ngg-gallery-thumbnail\">\n            <a href=\"http:\/\/www.karate-neuhofen.at\/wp-content\/gallery\/9-sommercamp-2017\/SC2099.JPG\"\n               title=\"\"\n               data-src=\"http:\/\/www.karate-neuhofen.at\/wp-content\/gallery\/9-sommercamp-2017\/SC2099.JPG\"\n               data-thumbnail=\"http:\/\/www.karate-neuhofen.at\/wp-content\/gallery\/9-sommercamp-2017\/thumbs\/thumbs_SC2099.JPG\"\n               data-image-id=\"16205\"\n               data-title=\"SC(2099)\"\n               data-description=\"\"\n               data-image-slug=\"sc2099\"\n               class=\"shutterset_6bd4a67f62a7de13e8a03aec327a2ec6\">\n                <img\n                    title=\"SC(2099)\"\n                    alt=\"SC(2099)\"\n                    src=\"http:\/\/www.karate-neuhofen.at\/wp-content\/gallery\/9-sommercamp-2017\/thumbs\/thumbs_SC2099.JPG\"\n                    width=\"240\"\n                    height=\"160\"\n                    style=\"max-width:100%;\"\n                \/>\n            <\/a>\n        <\/div>\n\t\t\t\t\t\t\t<\/div> \n\t\t\t\n        \n\t\t\t\t<div id=\"ngg-image-321\" class=\"ngg-gallery-thumbnail-box\" >\n\t\t\t\t        <div class=\"ngg-gallery-thumbnail\">\n            <a href=\"http:\/\/www.karate-neuhofen.at\/wp-content\/gallery\/9-sommercamp-2017\/SC2100.JPG\"\n               title=\"\"\n               data-src=\"http:\/\/www.karate-neuhofen.at\/wp-content\/gallery\/9-sommercamp-2017\/SC2100.JPG\"\n               data-thumbnail=\"http:\/\/www.karate-neuhofen.at\/wp-content\/gallery\/9-sommercamp-2017\/thumbs\/thumbs_SC2100.JPG\"\n               data-image-id=\"16206\"\n               data-title=\"SC(2100)\"\n               data-description=\"\"\n               data-image-slug=\"sc2100\"\n               class=\"shutterset_6bd4a67f62a7de13e8a03aec327a2ec6\">\n                <img\n                    title=\"SC(2100)\"\n                    alt=\"SC(2100)\"\n                    src=\"http:\/\/www.karate-neuhofen.at\/wp-content\/gallery\/9-sommercamp-2017\/thumbs\/thumbs_SC2100.JPG\"\n                    width=\"240\"\n                    height=\"160\"\n                    style=\"max-width:100%;\"\n                \/>\n            <\/a>\n        <\/div>\n\t\t\t\t\t\t\t<\/div> \n\t\t\t\n        \n\t\t\t\t<div id=\"ngg-image-322\" class=\"ngg-gallery-thumbnail-box\" >\n\t\t\t\t        <div class=\"ngg-gallery-thumbnail\">\n            <a href=\"http:\/\/www.karate-neuhofen.at\/wp-content\/gallery\/9-sommercamp-2017\/SC2101.JPG\"\n               title=\"\"\n               data-src=\"http:\/\/www.karate-neuhofen.at\/wp-content\/gallery\/9-sommercamp-2017\/SC2101.JPG\"\n               data-thumbnail=\"http:\/\/www.karate-neuhofen.at\/wp-content\/gallery\/9-sommercamp-2017\/thumbs\/thumbs_SC2101.JPG\"\n               data-image-id=\"16207\"\n               data-title=\"SC(2101)\"\n               data-description=\"\"\n               data-image-slug=\"sc2101\"\n               class=\"shutterset_6bd4a67f62a7de13e8a03aec327a2ec6\">\n                <img\n                    title=\"SC(2101)\"\n                    alt=\"SC(2101)\"\n                    src=\"http:\/\/www.karate-neuhofen.at\/wp-content\/gallery\/9-sommercamp-2017\/thumbs\/thumbs_SC2101.JPG\"\n                    width=\"240\"\n                    height=\"160\"\n                    style=\"max-width:100%;\"\n                \/>\n            <\/a>\n        <\/div>\n\t\t\t\t\t\t\t<\/div> \n\t\t\t\n        \n\t\t\t\t<div id=\"ngg-image-323\" class=\"ngg-gallery-thumbnail-box\" >\n\t\t\t\t        <div class=\"ngg-gallery-thumbnail\">\n            <a href=\"http:\/\/www.karate-neuhofen.at\/wp-content\/gallery\/9-sommercamp-2017\/SC2102.JPG\"\n               title=\"\"\n               data-src=\"http:\/\/www.karate-neuhofen.at\/wp-content\/gallery\/9-sommercamp-2017\/SC2102.JPG\"\n               data-thumbnail=\"http:\/\/www.karate-neuhofen.at\/wp-content\/gallery\/9-sommercamp-2017\/thumbs\/thumbs_SC2102.JPG\"\n               data-image-id=\"16208\"\n               data-title=\"SC(2102)\"\n               data-description=\"\"\n               data-image-slug=\"sc2102\"\n               class=\"shutterset_6bd4a67f62a7de13e8a03aec327a2ec6\">\n                <img\n                    title=\"SC(2102)\"\n                    alt=\"SC(2102)\"\n                    src=\"http:\/\/www.karate-neuhofen.at\/wp-content\/gallery\/9-sommercamp-2017\/thumbs\/thumbs_SC2102.JPG\"\n                    width=\"240\"\n                    height=\"160\"\n                    style=\"max-width:100%;\"\n                \/>\n            <\/a>\n        <\/div>\n\t\t\t\t\t\t\t<\/div> \n\t\t\t\n        \n\t\t\t\t<div id=\"ngg-image-324\" class=\"ngg-gallery-thumbnail-box\" >\n\t\t\t\t        <div class=\"ngg-gallery-thumbnail\">\n            <a href=\"http:\/\/www.karate-neuhofen.at\/wp-content\/gallery\/9-sommercamp-2017\/SC2103.JPG\"\n               title=\"\"\n               data-src=\"http:\/\/www.karate-neuhofen.at\/wp-content\/gallery\/9-sommercamp-2017\/SC2103.JPG\"\n               data-thumbnail=\"http:\/\/www.karate-neuhofen.at\/wp-content\/gallery\/9-sommercamp-2017\/thumbs\/thumbs_SC2103.JPG\"\n               data-image-id=\"16209\"\n               data-title=\"SC(2103)\"\n               data-description=\"\"\n               data-image-slug=\"sc2103\"\n               class=\"shutterset_6bd4a67f62a7de13e8a03aec327a2ec6\">\n                <img\n                    title=\"SC(2103)\"\n                    alt=\"SC(2103)\"\n                    src=\"http:\/\/www.karate-neuhofen.at\/wp-content\/gallery\/9-sommercamp-2017\/thumbs\/thumbs_SC2103.JPG\"\n                    width=\"240\"\n                    height=\"160\"\n                    style=\"max-width:100%;\"\n                \/>\n            <\/a>\n        <\/div>\n\t\t\t\t\t\t\t<\/div> \n\t\t\t\n        \n\t\t\t\t<div id=\"ngg-image-325\" class=\"ngg-gallery-thumbnail-box\" >\n\t\t\t\t        <div class=\"ngg-gallery-thumbnail\">\n            <a href=\"http:\/\/www.karate-neuhofen.at\/wp-content\/gallery\/9-sommercamp-2017\/SC2104.JPG\"\n               title=\"\"\n               data-src=\"http:\/\/www.karate-neuhofen.at\/wp-content\/gallery\/9-sommercamp-2017\/SC2104.JPG\"\n               data-thumbnail=\"http:\/\/www.karate-neuhofen.at\/wp-content\/gallery\/9-sommercamp-2017\/thumbs\/thumbs_SC2104.JPG\"\n               data-image-id=\"16210\"\n               data-title=\"SC(2104)\"\n               data-description=\"\"\n               data-image-slug=\"sc2104\"\n               class=\"shutterset_6bd4a67f62a7de13e8a03aec327a2ec6\">\n                <img\n                    title=\"SC(2104)\"\n                    alt=\"SC(2104)\"\n                    src=\"http:\/\/www.karate-neuhofen.at\/wp-content\/gallery\/9-sommercamp-2017\/thumbs\/thumbs_SC2104.JPG\"\n                    width=\"240\"\n                    height=\"160\"\n                    style=\"max-width:100%;\"\n                \/>\n            <\/a>\n        <\/div>\n\t\t\t\t\t\t\t<\/div> \n\t\t\t\n        \n\t\t\t\t<div id=\"ngg-image-326\" class=\"ngg-gallery-thumbnail-box\" >\n\t\t\t\t        <div class=\"ngg-gallery-thumbnail\">\n            <a href=\"http:\/\/www.karate-neuhofen.at\/wp-content\/gallery\/9-sommercamp-2017\/SC2105.JPG\"\n               title=\"\"\n               data-src=\"http:\/\/www.karate-neuhofen.at\/wp-content\/gallery\/9-sommercamp-2017\/SC2105.JPG\"\n               data-thumbnail=\"http:\/\/www.karate-neuhofen.at\/wp-content\/gallery\/9-sommercamp-2017\/thumbs\/thumbs_SC2105.JPG\"\n               data-image-id=\"16211\"\n               data-title=\"SC(2105)\"\n               data-description=\"\"\n               data-image-slug=\"sc2105\"\n               class=\"shutterset_6bd4a67f62a7de13e8a03aec327a2ec6\">\n                <img\n                    title=\"SC(2105)\"\n                    alt=\"SC(2105)\"\n                    src=\"http:\/\/www.karate-neuhofen.at\/wp-content\/gallery\/9-sommercamp-2017\/thumbs\/thumbs_SC2105.JPG\"\n                    width=\"240\"\n                    height=\"160\"\n                    style=\"max-width:100%;\"\n                \/>\n            <\/a>\n        <\/div>\n\t\t\t\t\t\t\t<\/div> \n\t\t\t\n        \n\t\t\t\t<div id=\"ngg-image-327\" class=\"ngg-gallery-thumbnail-box\" >\n\t\t\t\t        <div class=\"ngg-gallery-thumbnail\">\n            <a href=\"http:\/\/www.karate-neuhofen.at\/wp-content\/gallery\/9-sommercamp-2017\/SC2106.JPG\"\n               title=\"\"\n               data-src=\"http:\/\/www.karate-neuhofen.at\/wp-content\/gallery\/9-sommercamp-2017\/SC2106.JPG\"\n               data-thumbnail=\"http:\/\/www.karate-neuhofen.at\/wp-content\/gallery\/9-sommercamp-2017\/thumbs\/thumbs_SC2106.JPG\"\n               data-image-id=\"16212\"\n               data-title=\"SC(2106)\"\n               data-description=\"\"\n               data-image-slug=\"sc2106\"\n               class=\"shutterset_6bd4a67f62a7de13e8a03aec327a2ec6\">\n                <img\n                    title=\"SC(2106)\"\n                    alt=\"SC(2106)\"\n                    src=\"http:\/\/www.karate-neuhofen.at\/wp-content\/gallery\/9-sommercamp-2017\/thumbs\/thumbs_SC2106.JPG\"\n                    width=\"240\"\n                    height=\"160\"\n                    style=\"max-width:100%;\"\n                \/>\n            <\/a>\n        <\/div>\n\t\t\t\t\t\t\t<\/div> \n\t\t\t\n        \n\t\t\t\t<div id=\"ngg-image-328\" class=\"ngg-gallery-thumbnail-box\" >\n\t\t\t\t        <div class=\"ngg-gallery-thumbnail\">\n            <a href=\"http:\/\/www.karate-neuhofen.at\/wp-content\/gallery\/9-sommercamp-2017\/SC2107.JPG\"\n               title=\"\"\n               data-src=\"http:\/\/www.karate-neuhofen.at\/wp-content\/gallery\/9-sommercamp-2017\/SC2107.JPG\"\n               data-thumbnail=\"http:\/\/www.karate-neuhofen.at\/wp-content\/gallery\/9-sommercamp-2017\/thumbs\/thumbs_SC2107.JPG\"\n               data-image-id=\"16213\"\n               data-title=\"SC(2107)\"\n               data-description=\"\"\n               data-image-slug=\"sc2107\"\n               class=\"shutterset_6bd4a67f62a7de13e8a03aec327a2ec6\">\n                <img\n                    title=\"SC(2107)\"\n                    alt=\"SC(2107)\"\n                    src=\"http:\/\/www.karate-neuhofen.at\/wp-content\/gallery\/9-sommercamp-2017\/thumbs\/thumbs_SC2107.JPG\"\n                    width=\"240\"\n                    height=\"160\"\n                    style=\"max-width:100%;\"\n                \/>\n            <\/a>\n        <\/div>\n\t\t\t\t\t\t\t<\/div> \n\t\t\t\n        \n\t\t\t\t<div id=\"ngg-image-329\" class=\"ngg-gallery-thumbnail-box\" >\n\t\t\t\t        <div class=\"ngg-gallery-thumbnail\">\n            <a href=\"http:\/\/www.karate-neuhofen.at\/wp-content\/gallery\/9-sommercamp-2017\/SC2108.JPG\"\n               title=\"\"\n               data-src=\"http:\/\/www.karate-neuhofen.at\/wp-content\/gallery\/9-sommercamp-2017\/SC2108.JPG\"\n               data-thumbnail=\"http:\/\/www.karate-neuhofen.at\/wp-content\/gallery\/9-sommercamp-2017\/thumbs\/thumbs_SC2108.JPG\"\n               data-image-id=\"16214\"\n               data-title=\"SC(2108)\"\n               data-description=\"\"\n               data-image-slug=\"sc2108\"\n               class=\"shutterset_6bd4a67f62a7de13e8a03aec327a2ec6\">\n                <img\n                    title=\"SC(2108)\"\n                    alt=\"SC(2108)\"\n                    src=\"http:\/\/www.karate-neuhofen.at\/wp-content\/gallery\/9-sommercamp-2017\/thumbs\/thumbs_SC2108.JPG\"\n                    width=\"240\"\n                    height=\"160\"\n                    style=\"max-width:100%;\"\n                \/>\n            <\/a>\n        <\/div>\n\t\t\t\t\t\t\t<\/div> \n\t\t\t\n        \n\t\t\t\t<div id=\"ngg-image-330\" class=\"ngg-gallery-thumbnail-box\" >\n\t\t\t\t        <div class=\"ngg-gallery-thumbnail\">\n            <a href=\"http:\/\/www.karate-neuhofen.at\/wp-content\/gallery\/9-sommercamp-2017\/SC2109.JPG\"\n               title=\"\"\n               data-src=\"http:\/\/www.karate-neuhofen.at\/wp-content\/gallery\/9-sommercamp-2017\/SC2109.JPG\"\n               data-thumbnail=\"http:\/\/www.karate-neuhofen.at\/wp-content\/gallery\/9-sommercamp-2017\/thumbs\/thumbs_SC2109.JPG\"\n               data-image-id=\"16215\"\n               data-title=\"SC(2109)\"\n               data-description=\"\"\n               data-image-slug=\"sc2109\"\n               class=\"shutterset_6bd4a67f62a7de13e8a03aec327a2ec6\">\n                <img\n                    title=\"SC(2109)\"\n                    alt=\"SC(2109)\"\n                    src=\"http:\/\/www.karate-neuhofen.at\/wp-content\/gallery\/9-sommercamp-2017\/thumbs\/thumbs_SC2109.JPG\"\n                    width=\"240\"\n                    height=\"160\"\n                    style=\"max-width:100%;\"\n                \/>\n            <\/a>\n        <\/div>\n\t\t\t\t\t\t\t<\/div> \n\t\t\t\n        \n\t\t\t\t<div id=\"ngg-image-331\" class=\"ngg-gallery-thumbnail-box\" >\n\t\t\t\t        <div class=\"ngg-gallery-thumbnail\">\n            <a href=\"http:\/\/www.karate-neuhofen.at\/wp-content\/gallery\/9-sommercamp-2017\/SC2110.JPG\"\n               title=\"\"\n               data-src=\"http:\/\/www.karate-neuhofen.at\/wp-content\/gallery\/9-sommercamp-2017\/SC2110.JPG\"\n               data-thumbnail=\"http:\/\/www.karate-neuhofen.at\/wp-content\/gallery\/9-sommercamp-2017\/thumbs\/thumbs_SC2110.JPG\"\n               data-image-id=\"16216\"\n               data-title=\"SC(2110)\"\n               data-description=\"\"\n               data-image-slug=\"sc2110\"\n               class=\"shutterset_6bd4a67f62a7de13e8a03aec327a2ec6\">\n                <img\n                    title=\"SC(2110)\"\n                    alt=\"SC(2110)\"\n                    src=\"http:\/\/www.karate-neuhofen.at\/wp-content\/gallery\/9-sommercamp-2017\/thumbs\/thumbs_SC2110.JPG\"\n                    width=\"240\"\n                    height=\"160\"\n                    style=\"max-width:100%;\"\n                \/>\n            <\/a>\n        <\/div>\n\t\t\t\t\t\t\t<\/div> \n\t\t\t\n        \n\t\t\t\t<div id=\"ngg-image-332\" class=\"ngg-gallery-thumbnail-box\" >\n\t\t\t\t        <div class=\"ngg-gallery-thumbnail\">\n            <a href=\"http:\/\/www.karate-neuhofen.at\/wp-content\/gallery\/9-sommercamp-2017\/SC2111.JPG\"\n               title=\"\"\n               data-src=\"http:\/\/www.karate-neuhofen.at\/wp-content\/gallery\/9-sommercamp-2017\/SC2111.JPG\"\n               data-thumbnail=\"http:\/\/www.karate-neuhofen.at\/wp-content\/gallery\/9-sommercamp-2017\/thumbs\/thumbs_SC2111.JPG\"\n               data-image-id=\"16217\"\n               data-title=\"SC(2111)\"\n               data-description=\"\"\n               data-image-slug=\"sc2111\"\n               class=\"shutterset_6bd4a67f62a7de13e8a03aec327a2ec6\">\n                <img\n                    title=\"SC(2111)\"\n                    alt=\"SC(2111)\"\n                    src=\"http:\/\/www.karate-neuhofen.at\/wp-content\/gallery\/9-sommercamp-2017\/thumbs\/thumbs_SC2111.JPG\"\n                    width=\"240\"\n                    height=\"160\"\n                    style=\"max-width:100%;\"\n                \/>\n            <\/a>\n        <\/div>\n\t\t\t\t\t\t\t<\/div> \n\t\t\t\n        \n\t\t\t\t<div id=\"ngg-image-333\" class=\"ngg-gallery-thumbnail-box\" >\n\t\t\t\t        <div class=\"ngg-gallery-thumbnail\">\n            <a href=\"http:\/\/www.karate-neuhofen.at\/wp-content\/gallery\/9-sommercamp-2017\/SC2112.JPG\"\n               title=\"\"\n               data-src=\"http:\/\/www.karate-neuhofen.at\/wp-content\/gallery\/9-sommercamp-2017\/SC2112.JPG\"\n               data-thumbnail=\"http:\/\/www.karate-neuhofen.at\/wp-content\/gallery\/9-sommercamp-2017\/thumbs\/thumbs_SC2112.JPG\"\n               data-image-id=\"16218\"\n               data-title=\"SC(2112)\"\n               data-description=\"\"\n               data-image-slug=\"sc2112\"\n               class=\"shutterset_6bd4a67f62a7de13e8a03aec327a2ec6\">\n                <img\n                    title=\"SC(2112)\"\n                    alt=\"SC(2112)\"\n                    src=\"http:\/\/www.karate-neuhofen.at\/wp-content\/gallery\/9-sommercamp-2017\/thumbs\/thumbs_SC2112.JPG\"\n                    width=\"240\"\n                    height=\"160\"\n                    style=\"max-width:100%;\"\n                \/>\n            <\/a>\n        <\/div>\n\t\t\t\t\t\t\t<\/div> \n\t\t\t\n        \n\t\t\t\t<div id=\"ngg-image-334\" class=\"ngg-gallery-thumbnail-box\" >\n\t\t\t\t        <div class=\"ngg-gallery-thumbnail\">\n            <a href=\"http:\/\/www.karate-neuhofen.at\/wp-content\/gallery\/9-sommercamp-2017\/SC2113.JPG\"\n               title=\"\"\n               data-src=\"http:\/\/www.karate-neuhofen.at\/wp-content\/gallery\/9-sommercamp-2017\/SC2113.JPG\"\n               data-thumbnail=\"http:\/\/www.karate-neuhofen.at\/wp-content\/gallery\/9-sommercamp-2017\/thumbs\/thumbs_SC2113.JPG\"\n               data-image-id=\"16219\"\n               data-title=\"SC(2113)\"\n               data-description=\"\"\n               data-image-slug=\"sc2113\"\n               class=\"shutterset_6bd4a67f62a7de13e8a03aec327a2ec6\">\n                <img\n                    title=\"SC(2113)\"\n                    alt=\"SC(2113)\"\n                    src=\"http:\/\/www.karate-neuhofen.at\/wp-content\/gallery\/9-sommercamp-2017\/thumbs\/thumbs_SC2113.JPG\"\n                    width=\"240\"\n                    height=\"160\"\n                    style=\"max-width:100%;\"\n                \/>\n            <\/a>\n        <\/div>\n\t\t\t\t\t\t\t<\/div> \n\t\t\t\n        \n\t\t\t\t<div id=\"ngg-image-335\" class=\"ngg-gallery-thumbnail-box\" >\n\t\t\t\t        <div class=\"ngg-gallery-thumbnail\">\n            <a href=\"http:\/\/www.karate-neuhofen.at\/wp-content\/gallery\/9-sommercamp-2017\/SC2114.JPG\"\n               title=\"\"\n               data-src=\"http:\/\/www.karate-neuhofen.at\/wp-content\/gallery\/9-sommercamp-2017\/SC2114.JPG\"\n               data-thumbnail=\"http:\/\/www.karate-neuhofen.at\/wp-content\/gallery\/9-sommercamp-2017\/thumbs\/thumbs_SC2114.JPG\"\n               data-image-id=\"16220\"\n               data-title=\"SC(2114)\"\n               data-description=\"\"\n               data-image-slug=\"sc2114\"\n               class=\"shutterset_6bd4a67f62a7de13e8a03aec327a2ec6\">\n                <img\n                    title=\"SC(2114)\"\n                    alt=\"SC(2114)\"\n                    src=\"http:\/\/www.karate-neuhofen.at\/wp-content\/gallery\/9-sommercamp-2017\/thumbs\/thumbs_SC2114.JPG\"\n                    width=\"240\"\n                    height=\"160\"\n                    style=\"max-width:100%;\"\n                \/>\n            <\/a>\n        <\/div>\n\t\t\t\t\t\t\t<\/div> \n\t\t\t\n        \n\t\t\t\t<div id=\"ngg-image-336\" class=\"ngg-gallery-thumbnail-box\" >\n\t\t\t\t        <div class=\"ngg-gallery-thumbnail\">\n            <a href=\"http:\/\/www.karate-neuhofen.at\/wp-content\/gallery\/9-sommercamp-2017\/SC2115.JPG\"\n               title=\"\"\n               data-src=\"http:\/\/www.karate-neuhofen.at\/wp-content\/gallery\/9-sommercamp-2017\/SC2115.JPG\"\n               data-thumbnail=\"http:\/\/www.karate-neuhofen.at\/wp-content\/gallery\/9-sommercamp-2017\/thumbs\/thumbs_SC2115.JPG\"\n               data-image-id=\"16221\"\n               data-title=\"SC(2115)\"\n               data-description=\"\"\n               data-image-slug=\"sc2115\"\n               class=\"shutterset_6bd4a67f62a7de13e8a03aec327a2ec6\">\n                <img\n                    title=\"SC(2115)\"\n                    alt=\"SC(2115)\"\n                    src=\"http:\/\/www.karate-neuhofen.at\/wp-content\/gallery\/9-sommercamp-2017\/thumbs\/thumbs_SC2115.JPG\"\n                    width=\"240\"\n                    height=\"160\"\n                    style=\"max-width:100%;\"\n                \/>\n            <\/a>\n        <\/div>\n\t\t\t\t\t\t\t<\/div> \n\t\t\t\n        \n\t\t\t\t<div id=\"ngg-image-337\" class=\"ngg-gallery-thumbnail-box\" >\n\t\t\t\t        <div class=\"ngg-gallery-thumbnail\">\n            <a href=\"http:\/\/www.karate-neuhofen.at\/wp-content\/gallery\/9-sommercamp-2017\/SC2116.JPG\"\n               title=\"\"\n               data-src=\"http:\/\/www.karate-neuhofen.at\/wp-content\/gallery\/9-sommercamp-2017\/SC2116.JPG\"\n               data-thumbnail=\"http:\/\/www.karate-neuhofen.at\/wp-content\/gallery\/9-sommercamp-2017\/thumbs\/thumbs_SC2116.JPG\"\n               data-image-id=\"16222\"\n               data-title=\"SC(2116)\"\n               data-description=\"\"\n               data-image-slug=\"sc2116\"\n               class=\"shutterset_6bd4a67f62a7de13e8a03aec327a2ec6\">\n                <img\n                    title=\"SC(2116)\"\n                    alt=\"SC(2116)\"\n                    src=\"http:\/\/www.karate-neuhofen.at\/wp-content\/gallery\/9-sommercamp-2017\/thumbs\/thumbs_SC2116.JPG\"\n                    width=\"240\"\n                    height=\"160\"\n                    style=\"max-width:100%;\"\n                \/>\n            <\/a>\n        <\/div>\n\t\t\t\t\t\t\t<\/div> \n\t\t\t\n        \n\t\t\t\t<div id=\"ngg-image-338\" class=\"ngg-gallery-thumbnail-box\" >\n\t\t\t\t        <div class=\"ngg-gallery-thumbnail\">\n            <a href=\"http:\/\/www.karate-neuhofen.at\/wp-content\/gallery\/9-sommercamp-2017\/SC2117.JPG\"\n               title=\"\"\n               data-src=\"http:\/\/www.karate-neuhofen.at\/wp-content\/gallery\/9-sommercamp-2017\/SC2117.JPG\"\n               data-thumbnail=\"http:\/\/www.karate-neuhofen.at\/wp-content\/gallery\/9-sommercamp-2017\/thumbs\/thumbs_SC2117.JPG\"\n               data-image-id=\"16223\"\n               data-title=\"SC(2117)\"\n               data-description=\"\"\n               data-image-slug=\"sc2117\"\n               class=\"shutterset_6bd4a67f62a7de13e8a03aec327a2ec6\">\n                <img\n                    title=\"SC(2117)\"\n                    alt=\"SC(2117)\"\n                    src=\"http:\/\/www.karate-neuhofen.at\/wp-content\/gallery\/9-sommercamp-2017\/thumbs\/thumbs_SC2117.JPG\"\n                    width=\"240\"\n                    height=\"160\"\n                    style=\"max-width:100%;\"\n                \/>\n            <\/a>\n        <\/div>\n\t\t\t\t\t\t\t<\/div> \n\t\t\t\n        \n\t\t\t\t<div id=\"ngg-image-339\" class=\"ngg-gallery-thumbnail-box\" >\n\t\t\t\t        <div class=\"ngg-gallery-thumbnail\">\n            <a href=\"http:\/\/www.karate-neuhofen.at\/wp-content\/gallery\/9-sommercamp-2017\/SC2118.JPG\"\n               title=\"\"\n               data-src=\"http:\/\/www.karate-neuhofen.at\/wp-content\/gallery\/9-sommercamp-2017\/SC2118.JPG\"\n               data-thumbnail=\"http:\/\/www.karate-neuhofen.at\/wp-content\/gallery\/9-sommercamp-2017\/thumbs\/thumbs_SC2118.JPG\"\n               data-image-id=\"16224\"\n               data-title=\"SC(2118)\"\n               data-description=\"\"\n               data-image-slug=\"sc2118\"\n               class=\"shutterset_6bd4a67f62a7de13e8a03aec327a2ec6\">\n                <img\n                    title=\"SC(2118)\"\n                    alt=\"SC(2118)\"\n                    src=\"http:\/\/www.karate-neuhofen.at\/wp-content\/gallery\/9-sommercamp-2017\/thumbs\/thumbs_SC2118.JPG\"\n                    width=\"240\"\n                    height=\"160\"\n                    style=\"max-width:100%;\"\n                \/>\n            <\/a>\n        <\/div>\n\t\t\t\t\t\t\t<\/div> \n\t\t\t\n        \n\t\t\t\t<div id=\"ngg-image-340\" class=\"ngg-gallery-thumbnail-box\" >\n\t\t\t\t        <div class=\"ngg-gallery-thumbnail\">\n            <a href=\"http:\/\/www.karate-neuhofen.at\/wp-content\/gallery\/9-sommercamp-2017\/SC2119.JPG\"\n               title=\"\"\n               data-src=\"http:\/\/www.karate-neuhofen.at\/wp-content\/gallery\/9-sommercamp-2017\/SC2119.JPG\"\n               data-thumbnail=\"http:\/\/www.karate-neuhofen.at\/wp-content\/gallery\/9-sommercamp-2017\/thumbs\/thumbs_SC2119.JPG\"\n               data-image-id=\"16225\"\n               data-title=\"SC(2119)\"\n               data-description=\"\"\n               data-image-slug=\"sc2119\"\n               class=\"shutterset_6bd4a67f62a7de13e8a03aec327a2ec6\">\n                <img\n                    title=\"SC(2119)\"\n                    alt=\"SC(2119)\"\n                    src=\"http:\/\/www.karate-neuhofen.at\/wp-content\/gallery\/9-sommercamp-2017\/thumbs\/thumbs_SC2119.JPG\"\n                    width=\"240\"\n                    height=\"160\"\n                    style=\"max-width:100%;\"\n                \/>\n            <\/a>\n        <\/div>\n\t\t\t\t\t\t\t<\/div> \n\t\t\t\n        \n\t\t\t\t<div id=\"ngg-image-341\" class=\"ngg-gallery-thumbnail-box\" >\n\t\t\t\t        <div class=\"ngg-gallery-thumbnail\">\n            <a href=\"http:\/\/www.karate-neuhofen.at\/wp-content\/gallery\/9-sommercamp-2017\/SC2120.JPG\"\n               title=\"\"\n               data-src=\"http:\/\/www.karate-neuhofen.at\/wp-content\/gallery\/9-sommercamp-2017\/SC2120.JPG\"\n               data-thumbnail=\"http:\/\/www.karate-neuhofen.at\/wp-content\/gallery\/9-sommercamp-2017\/thumbs\/thumbs_SC2120.JPG\"\n               data-image-id=\"16226\"\n               data-title=\"SC(2120)\"\n               data-description=\"\"\n               data-image-slug=\"sc2120\"\n               class=\"shutterset_6bd4a67f62a7de13e8a03aec327a2ec6\">\n                <img\n                    title=\"SC(2120)\"\n                    alt=\"SC(2120)\"\n                    src=\"http:\/\/www.karate-neuhofen.at\/wp-content\/gallery\/9-sommercamp-2017\/thumbs\/thumbs_SC2120.JPG\"\n                    width=\"240\"\n                    height=\"160\"\n                    style=\"max-width:100%;\"\n                \/>\n            <\/a>\n        <\/div>\n\t\t\t\t\t\t\t<\/div> \n\t\t\t\n        \n\t\t\t\t<div id=\"ngg-image-342\" class=\"ngg-gallery-thumbnail-box\" >\n\t\t\t\t        <div class=\"ngg-gallery-thumbnail\">\n            <a href=\"http:\/\/www.karate-neuhofen.at\/wp-content\/gallery\/9-sommercamp-2017\/SC2121.JPG\"\n               title=\"\"\n               data-src=\"http:\/\/www.karate-neuhofen.at\/wp-content\/gallery\/9-sommercamp-2017\/SC2121.JPG\"\n               data-thumbnail=\"http:\/\/www.karate-neuhofen.at\/wp-content\/gallery\/9-sommercamp-2017\/thumbs\/thumbs_SC2121.JPG\"\n               data-image-id=\"16227\"\n               data-title=\"SC(2121)\"\n               data-description=\"\"\n               data-image-slug=\"sc2121\"\n               class=\"shutterset_6bd4a67f62a7de13e8a03aec327a2ec6\">\n                <img\n                    title=\"SC(2121)\"\n                    alt=\"SC(2121)\"\n                    src=\"http:\/\/www.karate-neuhofen.at\/wp-content\/gallery\/9-sommercamp-2017\/thumbs\/thumbs_SC2121.JPG\"\n                    width=\"240\"\n                    height=\"160\"\n                    style=\"max-width:100%;\"\n                \/>\n            <\/a>\n        <\/div>\n\t\t\t\t\t\t\t<\/div> \n\t\t\t\n        \n\t\t\t\t<div id=\"ngg-image-343\" class=\"ngg-gallery-thumbnail-box\" >\n\t\t\t\t        <div class=\"ngg-gallery-thumbnail\">\n            <a href=\"http:\/\/www.karate-neuhofen.at\/wp-content\/gallery\/9-sommercamp-2017\/SC2122.JPG\"\n               title=\"\"\n               data-src=\"http:\/\/www.karate-neuhofen.at\/wp-content\/gallery\/9-sommercamp-2017\/SC2122.JPG\"\n               data-thumbnail=\"http:\/\/www.karate-neuhofen.at\/wp-content\/gallery\/9-sommercamp-2017\/thumbs\/thumbs_SC2122.JPG\"\n               data-image-id=\"16228\"\n               data-title=\"SC(2122)\"\n               data-description=\"\"\n               data-image-slug=\"sc2122\"\n               class=\"shutterset_6bd4a67f62a7de13e8a03aec327a2ec6\">\n                <img\n                    title=\"SC(2122)\"\n                    alt=\"SC(2122)\"\n                    src=\"http:\/\/www.karate-neuhofen.at\/wp-content\/gallery\/9-sommercamp-2017\/thumbs\/thumbs_SC2122.JPG\"\n                    width=\"240\"\n                    height=\"160\"\n                    style=\"max-width:100%;\"\n                \/>\n            <\/a>\n        <\/div>\n\t\t\t\t\t\t\t<\/div> \n\t\t\t\n        \n\t\t\t\t<div id=\"ngg-image-344\" class=\"ngg-gallery-thumbnail-box\" >\n\t\t\t\t        <div class=\"ngg-gallery-thumbnail\">\n            <a href=\"http:\/\/www.karate-neuhofen.at\/wp-content\/gallery\/9-sommercamp-2017\/SC2123.JPG\"\n               title=\"\"\n               data-src=\"http:\/\/www.karate-neuhofen.at\/wp-content\/gallery\/9-sommercamp-2017\/SC2123.JPG\"\n               data-thumbnail=\"http:\/\/www.karate-neuhofen.at\/wp-content\/gallery\/9-sommercamp-2017\/thumbs\/thumbs_SC2123.JPG\"\n               data-image-id=\"16229\"\n               data-title=\"SC(2123)\"\n               data-description=\"\"\n               data-image-slug=\"sc2123\"\n               class=\"shutterset_6bd4a67f62a7de13e8a03aec327a2ec6\">\n                <img\n                    title=\"SC(2123)\"\n                    alt=\"SC(2123)\"\n                    src=\"http:\/\/www.karate-neuhofen.at\/wp-content\/gallery\/9-sommercamp-2017\/thumbs\/thumbs_SC2123.JPG\"\n                    width=\"240\"\n                    height=\"160\"\n                    style=\"max-width:100%;\"\n                \/>\n            <\/a>\n        <\/div>\n\t\t\t\t\t\t\t<\/div> \n\t\t\t\n        \n\t\t\t\t<div id=\"ngg-image-345\" class=\"ngg-gallery-thumbnail-box\" >\n\t\t\t\t        <div class=\"ngg-gallery-thumbnail\">\n            <a href=\"http:\/\/www.karate-neuhofen.at\/wp-content\/gallery\/9-sommercamp-2017\/SC2124.JPG\"\n               title=\"\"\n               data-src=\"http:\/\/www.karate-neuhofen.at\/wp-content\/gallery\/9-sommercamp-2017\/SC2124.JPG\"\n               data-thumbnail=\"http:\/\/www.karate-neuhofen.at\/wp-content\/gallery\/9-sommercamp-2017\/thumbs\/thumbs_SC2124.JPG\"\n               data-image-id=\"16230\"\n               data-title=\"SC(2124)\"\n               data-description=\"\"\n               data-image-slug=\"sc2124\"\n               class=\"shutterset_6bd4a67f62a7de13e8a03aec327a2ec6\">\n                <img\n                    title=\"SC(2124)\"\n                    alt=\"SC(2124)\"\n                    src=\"http:\/\/www.karate-neuhofen.at\/wp-content\/gallery\/9-sommercamp-2017\/thumbs\/thumbs_SC2124.JPG\"\n                    width=\"240\"\n                    height=\"160\"\n                    style=\"max-width:100%;\"\n                \/>\n            <\/a>\n        <\/div>\n\t\t\t\t\t\t\t<\/div> \n\t\t\t\n        \n\t\t\t\t<div id=\"ngg-image-346\" class=\"ngg-gallery-thumbnail-box\" >\n\t\t\t\t        <div class=\"ngg-gallery-thumbnail\">\n            <a href=\"http:\/\/www.karate-neuhofen.at\/wp-content\/gallery\/9-sommercamp-2017\/SC2125.JPG\"\n               title=\"\"\n               data-src=\"http:\/\/www.karate-neuhofen.at\/wp-content\/gallery\/9-sommercamp-2017\/SC2125.JPG\"\n               data-thumbnail=\"http:\/\/www.karate-neuhofen.at\/wp-content\/gallery\/9-sommercamp-2017\/thumbs\/thumbs_SC2125.JPG\"\n               data-image-id=\"16231\"\n               data-title=\"SC(2125)\"\n               data-description=\"\"\n               data-image-slug=\"sc2125\"\n               class=\"shutterset_6bd4a67f62a7de13e8a03aec327a2ec6\">\n                <img\n                    title=\"SC(2125)\"\n                    alt=\"SC(2125)\"\n                    src=\"http:\/\/www.karate-neuhofen.at\/wp-content\/gallery\/9-sommercamp-2017\/thumbs\/thumbs_SC2125.JPG\"\n                    width=\"240\"\n                    height=\"160\"\n                    style=\"max-width:100%;\"\n                \/>\n            <\/a>\n        <\/div>\n\t\t\t\t\t\t\t<\/div> \n\t\t\t\n        \n\t\t\t\t<div id=\"ngg-image-347\" class=\"ngg-gallery-thumbnail-box\" >\n\t\t\t\t        <div class=\"ngg-gallery-thumbnail\">\n            <a href=\"http:\/\/www.karate-neuhofen.at\/wp-content\/gallery\/9-sommercamp-2017\/SC2126.JPG\"\n               title=\"\"\n               data-src=\"http:\/\/www.karate-neuhofen.at\/wp-content\/gallery\/9-sommercamp-2017\/SC2126.JPG\"\n               data-thumbnail=\"http:\/\/www.karate-neuhofen.at\/wp-content\/gallery\/9-sommercamp-2017\/thumbs\/thumbs_SC2126.JPG\"\n               data-image-id=\"16232\"\n               data-title=\"SC(2126)\"\n               data-description=\"\"\n               data-image-slug=\"sc2126\"\n               class=\"shutterset_6bd4a67f62a7de13e8a03aec327a2ec6\">\n                <img\n                    title=\"SC(2126)\"\n                    alt=\"SC(2126)\"\n                    src=\"http:\/\/www.karate-neuhofen.at\/wp-content\/gallery\/9-sommercamp-2017\/thumbs\/thumbs_SC2126.JPG\"\n                    width=\"240\"\n                    height=\"160\"\n                    style=\"max-width:100%;\"\n                \/>\n            <\/a>\n        <\/div>\n\t\t\t\t\t\t\t<\/div> \n\t\t\t\n        \n\t\t\t\t<div id=\"ngg-image-348\" class=\"ngg-gallery-thumbnail-box\" >\n\t\t\t\t        <div class=\"ngg-gallery-thumbnail\">\n            <a href=\"http:\/\/www.karate-neuhofen.at\/wp-content\/gallery\/9-sommercamp-2017\/SC2127.JPG\"\n               title=\"\"\n               data-src=\"http:\/\/www.karate-neuhofen.at\/wp-content\/gallery\/9-sommercamp-2017\/SC2127.JPG\"\n               data-thumbnail=\"http:\/\/www.karate-neuhofen.at\/wp-content\/gallery\/9-sommercamp-2017\/thumbs\/thumbs_SC2127.JPG\"\n               data-image-id=\"16233\"\n               data-title=\"SC(2127)\"\n               data-description=\"\"\n               data-image-slug=\"sc2127\"\n               class=\"shutterset_6bd4a67f62a7de13e8a03aec327a2ec6\">\n                <img\n                    title=\"SC(2127)\"\n                    alt=\"SC(2127)\"\n                    src=\"http:\/\/www.karate-neuhofen.at\/wp-content\/gallery\/9-sommercamp-2017\/thumbs\/thumbs_SC2127.JPG\"\n                    width=\"240\"\n                    height=\"160\"\n                    style=\"max-width:100%;\"\n                \/>\n            <\/a>\n        <\/div>\n\t\t\t\t\t\t\t<\/div> \n\t\t\t\n        \n\t\t\t\t<div id=\"ngg-image-349\" class=\"ngg-gallery-thumbnail-box\" >\n\t\t\t\t        <div class=\"ngg-gallery-thumbnail\">\n            <a href=\"http:\/\/www.karate-neuhofen.at\/wp-content\/gallery\/9-sommercamp-2017\/SC2128.JPG\"\n               title=\"\"\n               data-src=\"http:\/\/www.karate-neuhofen.at\/wp-content\/gallery\/9-sommercamp-2017\/SC2128.JPG\"\n               data-thumbnail=\"http:\/\/www.karate-neuhofen.at\/wp-content\/gallery\/9-sommercamp-2017\/thumbs\/thumbs_SC2128.JPG\"\n               data-image-id=\"16234\"\n               data-title=\"SC(2128)\"\n               data-description=\"\"\n               data-image-slug=\"sc2128\"\n               class=\"shutterset_6bd4a67f62a7de13e8a03aec327a2ec6\">\n                <img\n                    title=\"SC(2128)\"\n                    alt=\"SC(2128)\"\n                    src=\"http:\/\/www.karate-neuhofen.at\/wp-content\/gallery\/9-sommercamp-2017\/thumbs\/thumbs_SC2128.JPG\"\n                    width=\"240\"\n                    height=\"160\"\n                    style=\"max-width:100%;\"\n                \/>\n            <\/a>\n        <\/div>\n\t\t\t\t\t\t\t<\/div> \n\t\t\t\n        \n\t\t\t\t<div id=\"ngg-image-350\" class=\"ngg-gallery-thumbnail-box\" >\n\t\t\t\t        <div class=\"ngg-gallery-thumbnail\">\n            <a href=\"http:\/\/www.karate-neuhofen.at\/wp-content\/gallery\/9-sommercamp-2017\/SC2129.JPG\"\n               title=\"\"\n               data-src=\"http:\/\/www.karate-neuhofen.at\/wp-content\/gallery\/9-sommercamp-2017\/SC2129.JPG\"\n               data-thumbnail=\"http:\/\/www.karate-neuhofen.at\/wp-content\/gallery\/9-sommercamp-2017\/thumbs\/thumbs_SC2129.JPG\"\n               data-image-id=\"16235\"\n               data-title=\"SC(2129)\"\n               data-description=\"\"\n               data-image-slug=\"sc2129\"\n               class=\"shutterset_6bd4a67f62a7de13e8a03aec327a2ec6\">\n                <img\n                    title=\"SC(2129)\"\n                    alt=\"SC(2129)\"\n                    src=\"http:\/\/www.karate-neuhofen.at\/wp-content\/gallery\/9-sommercamp-2017\/thumbs\/thumbs_SC2129.JPG\"\n                    width=\"240\"\n                    height=\"160\"\n                    style=\"max-width:100%;\"\n                \/>\n            <\/a>\n        <\/div>\n\t\t\t\t\t\t\t<\/div> \n\t\t\t\n        \n\t\t\t\t<div id=\"ngg-image-351\" class=\"ngg-gallery-thumbnail-box\" >\n\t\t\t\t        <div class=\"ngg-gallery-thumbnail\">\n            <a href=\"http:\/\/www.karate-neuhofen.at\/wp-content\/gallery\/9-sommercamp-2017\/SC2130.JPG\"\n               title=\"\"\n               data-src=\"http:\/\/www.karate-neuhofen.at\/wp-content\/gallery\/9-sommercamp-2017\/SC2130.JPG\"\n               data-thumbnail=\"http:\/\/www.karate-neuhofen.at\/wp-content\/gallery\/9-sommercamp-2017\/thumbs\/thumbs_SC2130.JPG\"\n               data-image-id=\"16236\"\n               data-title=\"SC(2130)\"\n               data-description=\"\"\n               data-image-slug=\"sc2130\"\n               class=\"shutterset_6bd4a67f62a7de13e8a03aec327a2ec6\">\n                <img\n                    title=\"SC(2130)\"\n                    alt=\"SC(2130)\"\n                    src=\"http:\/\/www.karate-neuhofen.at\/wp-content\/gallery\/9-sommercamp-2017\/thumbs\/thumbs_SC2130.JPG\"\n                    width=\"240\"\n                    height=\"160\"\n                    style=\"max-width:100%;\"\n                \/>\n            <\/a>\n        <\/div>\n\t\t\t\t\t\t\t<\/div> \n\t\t\t\n        \n\t\t\t\t<div id=\"ngg-image-352\" class=\"ngg-gallery-thumbnail-box\" >\n\t\t\t\t        <div class=\"ngg-gallery-thumbnail\">\n            <a href=\"http:\/\/www.karate-neuhofen.at\/wp-content\/gallery\/9-sommercamp-2017\/SC2131.JPG\"\n               title=\"\"\n               data-src=\"http:\/\/www.karate-neuhofen.at\/wp-content\/gallery\/9-sommercamp-2017\/SC2131.JPG\"\n               data-thumbnail=\"http:\/\/www.karate-neuhofen.at\/wp-content\/gallery\/9-sommercamp-2017\/thumbs\/thumbs_SC2131.JPG\"\n               data-image-id=\"16237\"\n               data-title=\"SC(2131)\"\n               data-description=\"\"\n               data-image-slug=\"sc2131\"\n               class=\"shutterset_6bd4a67f62a7de13e8a03aec327a2ec6\">\n                <img\n                    title=\"SC(2131)\"\n                    alt=\"SC(2131)\"\n                    src=\"http:\/\/www.karate-neuhofen.at\/wp-content\/gallery\/9-sommercamp-2017\/thumbs\/thumbs_SC2131.JPG\"\n                    width=\"240\"\n                    height=\"160\"\n                    style=\"max-width:100%;\"\n                \/>\n            <\/a>\n        <\/div>\n\t\t\t\t\t\t\t<\/div> \n\t\t\t\n        \n\t\t\t\t<div id=\"ngg-image-353\" class=\"ngg-gallery-thumbnail-box\" >\n\t\t\t\t        <div class=\"ngg-gallery-thumbnail\">\n            <a href=\"http:\/\/www.karate-neuhofen.at\/wp-content\/gallery\/9-sommercamp-2017\/SC2132.JPG\"\n               title=\"\"\n               data-src=\"http:\/\/www.karate-neuhofen.at\/wp-content\/gallery\/9-sommercamp-2017\/SC2132.JPG\"\n               data-thumbnail=\"http:\/\/www.karate-neuhofen.at\/wp-content\/gallery\/9-sommercamp-2017\/thumbs\/thumbs_SC2132.JPG\"\n               data-image-id=\"16238\"\n               data-title=\"SC(2132)\"\n               data-description=\"\"\n               data-image-slug=\"sc2132\"\n               class=\"shutterset_6bd4a67f62a7de13e8a03aec327a2ec6\">\n                <img\n                    title=\"SC(2132)\"\n                    alt=\"SC(2132)\"\n                    src=\"http:\/\/www.karate-neuhofen.at\/wp-content\/gallery\/9-sommercamp-2017\/thumbs\/thumbs_SC2132.JPG\"\n                    width=\"240\"\n                    height=\"160\"\n                    style=\"max-width:100%;\"\n                \/>\n            <\/a>\n        <\/div>\n\t\t\t\t\t\t\t<\/div> \n\t\t\t\n        \n\t\t\t\t<div id=\"ngg-image-354\" class=\"ngg-gallery-thumbnail-box\" >\n\t\t\t\t        <div class=\"ngg-gallery-thumbnail\">\n            <a href=\"http:\/\/www.karate-neuhofen.at\/wp-content\/gallery\/9-sommercamp-2017\/SC2133.JPG\"\n               title=\"\"\n               data-src=\"http:\/\/www.karate-neuhofen.at\/wp-content\/gallery\/9-sommercamp-2017\/SC2133.JPG\"\n               data-thumbnail=\"http:\/\/www.karate-neuhofen.at\/wp-content\/gallery\/9-sommercamp-2017\/thumbs\/thumbs_SC2133.JPG\"\n               data-image-id=\"16239\"\n               data-title=\"SC(2133)\"\n               data-description=\"\"\n               data-image-slug=\"sc2133\"\n               class=\"shutterset_6bd4a67f62a7de13e8a03aec327a2ec6\">\n                <img\n                    title=\"SC(2133)\"\n                    alt=\"SC(2133)\"\n                    src=\"http:\/\/www.karate-neuhofen.at\/wp-content\/gallery\/9-sommercamp-2017\/thumbs\/thumbs_SC2133.JPG\"\n                    width=\"240\"\n                    height=\"160\"\n                    style=\"max-width:100%;\"\n                \/>\n            <\/a>\n        <\/div>\n\t\t\t\t\t\t\t<\/div> \n\t\t\t\n        \n\t\t\t\t<div id=\"ngg-image-355\" class=\"ngg-gallery-thumbnail-box\" >\n\t\t\t\t        <div class=\"ngg-gallery-thumbnail\">\n            <a href=\"http:\/\/www.karate-neuhofen.at\/wp-content\/gallery\/9-sommercamp-2017\/SC2134.JPG\"\n               title=\"\"\n               data-src=\"http:\/\/www.karate-neuhofen.at\/wp-content\/gallery\/9-sommercamp-2017\/SC2134.JPG\"\n               data-thumbnail=\"http:\/\/www.karate-neuhofen.at\/wp-content\/gallery\/9-sommercamp-2017\/thumbs\/thumbs_SC2134.JPG\"\n               data-image-id=\"16240\"\n               data-title=\"SC(2134)\"\n               data-description=\"\"\n               data-image-slug=\"sc2134\"\n               class=\"shutterset_6bd4a67f62a7de13e8a03aec327a2ec6\">\n                <img\n                    title=\"SC(2134)\"\n                    alt=\"SC(2134)\"\n                    src=\"http:\/\/www.karate-neuhofen.at\/wp-content\/gallery\/9-sommercamp-2017\/thumbs\/thumbs_SC2134.JPG\"\n                    width=\"240\"\n                    height=\"160\"\n                    style=\"max-width:100%;\"\n                \/>\n            <\/a>\n        <\/div>\n\t\t\t\t\t\t\t<\/div> \n\t\t\t\n        \n\t\t\t\t<div id=\"ngg-image-356\" class=\"ngg-gallery-thumbnail-box\" >\n\t\t\t\t        <div class=\"ngg-gallery-thumbnail\">\n            <a href=\"http:\/\/www.karate-neuhofen.at\/wp-content\/gallery\/9-sommercamp-2017\/SC2135.JPG\"\n               title=\"\"\n               data-src=\"http:\/\/www.karate-neuhofen.at\/wp-content\/gallery\/9-sommercamp-2017\/SC2135.JPG\"\n               data-thumbnail=\"http:\/\/www.karate-neuhofen.at\/wp-content\/gallery\/9-sommercamp-2017\/thumbs\/thumbs_SC2135.JPG\"\n               data-image-id=\"16241\"\n               data-title=\"SC(2135)\"\n               data-description=\"\"\n               data-image-slug=\"sc2135\"\n               class=\"shutterset_6bd4a67f62a7de13e8a03aec327a2ec6\">\n                <img\n                    title=\"SC(2135)\"\n                    alt=\"SC(2135)\"\n                    src=\"http:\/\/www.karate-neuhofen.at\/wp-content\/gallery\/9-sommercamp-2017\/thumbs\/thumbs_SC2135.JPG\"\n                    width=\"240\"\n                    height=\"160\"\n                    style=\"max-width:100%;\"\n                \/>\n            <\/a>\n        <\/div>\n\t\t\t\t\t\t\t<\/div> \n\t\t\t\n        \n\t\t\t\t<div id=\"ngg-image-357\" class=\"ngg-gallery-thumbnail-box\" >\n\t\t\t\t        <div class=\"ngg-gallery-thumbnail\">\n            <a href=\"http:\/\/www.karate-neuhofen.at\/wp-content\/gallery\/9-sommercamp-2017\/SC2136.JPG\"\n               title=\"\"\n               data-src=\"http:\/\/www.karate-neuhofen.at\/wp-content\/gallery\/9-sommercamp-2017\/SC2136.JPG\"\n               data-thumbnail=\"http:\/\/www.karate-neuhofen.at\/wp-content\/gallery\/9-sommercamp-2017\/thumbs\/thumbs_SC2136.JPG\"\n               data-image-id=\"16242\"\n               data-title=\"SC(2136)\"\n               data-description=\"\"\n               data-image-slug=\"sc2136\"\n               class=\"shutterset_6bd4a67f62a7de13e8a03aec327a2ec6\">\n                <img\n                    title=\"SC(2136)\"\n                    alt=\"SC(2136)\"\n                    src=\"http:\/\/www.karate-neuhofen.at\/wp-content\/gallery\/9-sommercamp-2017\/thumbs\/thumbs_SC2136.JPG\"\n                    width=\"240\"\n                    height=\"160\"\n                    style=\"max-width:100%;\"\n                \/>\n            <\/a>\n        <\/div>\n\t\t\t\t\t\t\t<\/div> \n\t\t\t\n        \n\t\t\t\t<div id=\"ngg-image-358\" class=\"ngg-gallery-thumbnail-box\" >\n\t\t\t\t        <div class=\"ngg-gallery-thumbnail\">\n            <a href=\"http:\/\/www.karate-neuhofen.at\/wp-content\/gallery\/9-sommercamp-2017\/SC2137.JPG\"\n               title=\"\"\n               data-src=\"http:\/\/www.karate-neuhofen.at\/wp-content\/gallery\/9-sommercamp-2017\/SC2137.JPG\"\n               data-thumbnail=\"http:\/\/www.karate-neuhofen.at\/wp-content\/gallery\/9-sommercamp-2017\/thumbs\/thumbs_SC2137.JPG\"\n               data-image-id=\"16243\"\n               data-title=\"SC(2137)\"\n               data-description=\"\"\n               data-image-slug=\"sc2137\"\n               class=\"shutterset_6bd4a67f62a7de13e8a03aec327a2ec6\">\n                <img\n                    title=\"SC(2137)\"\n                    alt=\"SC(2137)\"\n                    src=\"http:\/\/www.karate-neuhofen.at\/wp-content\/gallery\/9-sommercamp-2017\/thumbs\/thumbs_SC2137.JPG\"\n                    width=\"240\"\n                    height=\"160\"\n                    style=\"max-width:100%;\"\n                \/>\n            <\/a>\n        <\/div>\n\t\t\t\t\t\t\t<\/div> \n\t\t\t\n        \n\t\t\t\t<div id=\"ngg-image-359\" class=\"ngg-gallery-thumbnail-box\" >\n\t\t\t\t        <div class=\"ngg-gallery-thumbnail\">\n            <a href=\"http:\/\/www.karate-neuhofen.at\/wp-content\/gallery\/9-sommercamp-2017\/SC2138.JPG\"\n               title=\"\"\n               data-src=\"http:\/\/www.karate-neuhofen.at\/wp-content\/gallery\/9-sommercamp-2017\/SC2138.JPG\"\n               data-thumbnail=\"http:\/\/www.karate-neuhofen.at\/wp-content\/gallery\/9-sommercamp-2017\/thumbs\/thumbs_SC2138.JPG\"\n               data-image-id=\"16244\"\n               data-title=\"SC(2138)\"\n               data-description=\"\"\n               data-image-slug=\"sc2138\"\n               class=\"shutterset_6bd4a67f62a7de13e8a03aec327a2ec6\">\n                <img\n                    title=\"SC(2138)\"\n                    alt=\"SC(2138)\"\n                    src=\"http:\/\/www.karate-neuhofen.at\/wp-content\/gallery\/9-sommercamp-2017\/thumbs\/thumbs_SC2138.JPG\"\n                    width=\"240\"\n                    height=\"160\"\n                    style=\"max-width:100%;\"\n                \/>\n            <\/a>\n        <\/div>\n\t\t\t\t\t\t\t<\/div> \n\t\t\t\n        \n\t\t\t\t<div id=\"ngg-image-360\" class=\"ngg-gallery-thumbnail-box\" >\n\t\t\t\t        <div class=\"ngg-gallery-thumbnail\">\n            <a href=\"http:\/\/www.karate-neuhofen.at\/wp-content\/gallery\/9-sommercamp-2017\/SC2139.JPG\"\n               title=\"\"\n               data-src=\"http:\/\/www.karate-neuhofen.at\/wp-content\/gallery\/9-sommercamp-2017\/SC2139.JPG\"\n               data-thumbnail=\"http:\/\/www.karate-neuhofen.at\/wp-content\/gallery\/9-sommercamp-2017\/thumbs\/thumbs_SC2139.JPG\"\n               data-image-id=\"16245\"\n               data-title=\"SC(2139)\"\n               data-description=\"\"\n               data-image-slug=\"sc2139\"\n               class=\"shutterset_6bd4a67f62a7de13e8a03aec327a2ec6\">\n                <img\n                    title=\"SC(2139)\"\n                    alt=\"SC(2139)\"\n                    src=\"http:\/\/www.karate-neuhofen.at\/wp-content\/gallery\/9-sommercamp-2017\/thumbs\/thumbs_SC2139.JPG\"\n                    width=\"240\"\n                    height=\"160\"\n                    style=\"max-width:100%;\"\n                \/>\n            <\/a>\n        <\/div>\n\t\t\t\t\t\t\t<\/div> \n\t\t\t\n        \n\t\t\t\t<div id=\"ngg-image-361\" class=\"ngg-gallery-thumbnail-box\" >\n\t\t\t\t        <div class=\"ngg-gallery-thumbnail\">\n            <a href=\"http:\/\/www.karate-neuhofen.at\/wp-content\/gallery\/9-sommercamp-2017\/SC2140.JPG\"\n               title=\"\"\n               data-src=\"http:\/\/www.karate-neuhofen.at\/wp-content\/gallery\/9-sommercamp-2017\/SC2140.JPG\"\n               data-thumbnail=\"http:\/\/www.karate-neuhofen.at\/wp-content\/gallery\/9-sommercamp-2017\/thumbs\/thumbs_SC2140.JPG\"\n               data-image-id=\"16246\"\n               data-title=\"SC(2140)\"\n               data-description=\"\"\n               data-image-slug=\"sc2140\"\n               class=\"shutterset_6bd4a67f62a7de13e8a03aec327a2ec6\">\n                <img\n                    title=\"SC(2140)\"\n                    alt=\"SC(2140)\"\n                    src=\"http:\/\/www.karate-neuhofen.at\/wp-content\/gallery\/9-sommercamp-2017\/thumbs\/thumbs_SC2140.JPG\"\n                    width=\"240\"\n                    height=\"160\"\n                    style=\"max-width:100%;\"\n                \/>\n            <\/a>\n        <\/div>\n\t\t\t\t\t\t\t<\/div> \n\t\t\t\n        \n\t\t\t\t<div id=\"ngg-image-362\" class=\"ngg-gallery-thumbnail-box\" >\n\t\t\t\t        <div class=\"ngg-gallery-thumbnail\">\n            <a href=\"http:\/\/www.karate-neuhofen.at\/wp-content\/gallery\/9-sommercamp-2017\/SC2141.JPG\"\n               title=\"\"\n               data-src=\"http:\/\/www.karate-neuhofen.at\/wp-content\/gallery\/9-sommercamp-2017\/SC2141.JPG\"\n               data-thumbnail=\"http:\/\/www.karate-neuhofen.at\/wp-content\/gallery\/9-sommercamp-2017\/thumbs\/thumbs_SC2141.JPG\"\n               data-image-id=\"16247\"\n               data-title=\"SC(2141)\"\n               data-description=\"\"\n               data-image-slug=\"sc2141\"\n               class=\"shutterset_6bd4a67f62a7de13e8a03aec327a2ec6\">\n                <img\n                    title=\"SC(2141)\"\n                    alt=\"SC(2141)\"\n                    src=\"http:\/\/www.karate-neuhofen.at\/wp-content\/gallery\/9-sommercamp-2017\/thumbs\/thumbs_SC2141.JPG\"\n                    width=\"240\"\n                    height=\"160\"\n                    style=\"max-width:100%;\"\n                \/>\n            <\/a>\n        <\/div>\n\t\t\t\t\t\t\t<\/div> \n\t\t\t\n        \n\t\t\t\t<div id=\"ngg-image-363\" class=\"ngg-gallery-thumbnail-box\" >\n\t\t\t\t        <div class=\"ngg-gallery-thumbnail\">\n            <a href=\"http:\/\/www.karate-neuhofen.at\/wp-content\/gallery\/9-sommercamp-2017\/SC2142.JPG\"\n               title=\"\"\n               data-src=\"http:\/\/www.karate-neuhofen.at\/wp-content\/gallery\/9-sommercamp-2017\/SC2142.JPG\"\n               data-thumbnail=\"http:\/\/www.karate-neuhofen.at\/wp-content\/gallery\/9-sommercamp-2017\/thumbs\/thumbs_SC2142.JPG\"\n               data-image-id=\"16248\"\n               data-title=\"SC(2142)\"\n               data-description=\"\"\n               data-image-slug=\"sc2142\"\n               class=\"shutterset_6bd4a67f62a7de13e8a03aec327a2ec6\">\n                <img\n                    title=\"SC(2142)\"\n                    alt=\"SC(2142)\"\n                    src=\"http:\/\/www.karate-neuhofen.at\/wp-content\/gallery\/9-sommercamp-2017\/thumbs\/thumbs_SC2142.JPG\"\n                    width=\"240\"\n                    height=\"160\"\n                    style=\"max-width:100%;\"\n                \/>\n            <\/a>\n        <\/div>\n\t\t\t\t\t\t\t<\/div> \n\t\t\t\n        \n\t\t\t\t<div id=\"ngg-image-364\" class=\"ngg-gallery-thumbnail-box\" >\n\t\t\t\t        <div class=\"ngg-gallery-thumbnail\">\n            <a href=\"http:\/\/www.karate-neuhofen.at\/wp-content\/gallery\/9-sommercamp-2017\/SC2143.JPG\"\n               title=\"\"\n               data-src=\"http:\/\/www.karate-neuhofen.at\/wp-content\/gallery\/9-sommercamp-2017\/SC2143.JPG\"\n               data-thumbnail=\"http:\/\/www.karate-neuhofen.at\/wp-content\/gallery\/9-sommercamp-2017\/thumbs\/thumbs_SC2143.JPG\"\n               data-image-id=\"16249\"\n               data-title=\"SC(2143)\"\n               data-description=\"\"\n               data-image-slug=\"sc2143\"\n               class=\"shutterset_6bd4a67f62a7de13e8a03aec327a2ec6\">\n                <img\n                    title=\"SC(2143)\"\n                    alt=\"SC(2143)\"\n                    src=\"http:\/\/www.karate-neuhofen.at\/wp-content\/gallery\/9-sommercamp-2017\/thumbs\/thumbs_SC2143.JPG\"\n                    width=\"240\"\n                    height=\"160\"\n                    style=\"max-width:100%;\"\n                \/>\n            <\/a>\n        <\/div>\n\t\t\t\t\t\t\t<\/div> \n\t\t\t\n        \n\t\t\t\t<div id=\"ngg-image-365\" class=\"ngg-gallery-thumbnail-box\" >\n\t\t\t\t        <div class=\"ngg-gallery-thumbnail\">\n            <a href=\"http:\/\/www.karate-neuhofen.at\/wp-content\/gallery\/9-sommercamp-2017\/SC2144.JPG\"\n               title=\"\"\n               data-src=\"http:\/\/www.karate-neuhofen.at\/wp-content\/gallery\/9-sommercamp-2017\/SC2144.JPG\"\n               data-thumbnail=\"http:\/\/www.karate-neuhofen.at\/wp-content\/gallery\/9-sommercamp-2017\/thumbs\/thumbs_SC2144.JPG\"\n               data-image-id=\"16250\"\n               data-title=\"SC(2144)\"\n               data-description=\"\"\n               data-image-slug=\"sc2144\"\n               class=\"shutterset_6bd4a67f62a7de13e8a03aec327a2ec6\">\n                <img\n                    title=\"SC(2144)\"\n                    alt=\"SC(2144)\"\n                    src=\"http:\/\/www.karate-neuhofen.at\/wp-content\/gallery\/9-sommercamp-2017\/thumbs\/thumbs_SC2144.JPG\"\n                    width=\"240\"\n                    height=\"160\"\n                    style=\"max-width:100%;\"\n                \/>\n            <\/a>\n        <\/div>\n\t\t\t\t\t\t\t<\/div> \n\t\t\t\n        \n\t\t\t\t<div id=\"ngg-image-366\" class=\"ngg-gallery-thumbnail-box\" >\n\t\t\t\t        <div class=\"ngg-gallery-thumbnail\">\n            <a href=\"http:\/\/www.karate-neuhofen.at\/wp-content\/gallery\/9-sommercamp-2017\/SC2145.JPG\"\n               title=\"\"\n               data-src=\"http:\/\/www.karate-neuhofen.at\/wp-content\/gallery\/9-sommercamp-2017\/SC2145.JPG\"\n               data-thumbnail=\"http:\/\/www.karate-neuhofen.at\/wp-content\/gallery\/9-sommercamp-2017\/thumbs\/thumbs_SC2145.JPG\"\n               data-image-id=\"16251\"\n               data-title=\"SC(2145)\"\n               data-description=\"\"\n               data-image-slug=\"sc2145\"\n               class=\"shutterset_6bd4a67f62a7de13e8a03aec327a2ec6\">\n                <img\n                    title=\"SC(2145)\"\n                    alt=\"SC(2145)\"\n                    src=\"http:\/\/www.karate-neuhofen.at\/wp-content\/gallery\/9-sommercamp-2017\/thumbs\/thumbs_SC2145.JPG\"\n                    width=\"240\"\n                    height=\"160\"\n                    style=\"max-width:100%;\"\n                \/>\n            <\/a>\n        <\/div>\n\t\t\t\t\t\t\t<\/div> \n\t\t\t\n        \n\t\t\t\t<div id=\"ngg-image-367\" class=\"ngg-gallery-thumbnail-box\" >\n\t\t\t\t        <div class=\"ngg-gallery-thumbnail\">\n            <a href=\"http:\/\/www.karate-neuhofen.at\/wp-content\/gallery\/9-sommercamp-2017\/SC2146.JPG\"\n               title=\"\"\n               data-src=\"http:\/\/www.karate-neuhofen.at\/wp-content\/gallery\/9-sommercamp-2017\/SC2146.JPG\"\n               data-thumbnail=\"http:\/\/www.karate-neuhofen.at\/wp-content\/gallery\/9-sommercamp-2017\/thumbs\/thumbs_SC2146.JPG\"\n               data-image-id=\"16252\"\n               data-title=\"SC(2146)\"\n               data-description=\"\"\n               data-image-slug=\"sc2146\"\n               class=\"shutterset_6bd4a67f62a7de13e8a03aec327a2ec6\">\n                <img\n                    title=\"SC(2146)\"\n                    alt=\"SC(2146)\"\n                    src=\"http:\/\/www.karate-neuhofen.at\/wp-content\/gallery\/9-sommercamp-2017\/thumbs\/thumbs_SC2146.JPG\"\n                    width=\"240\"\n                    height=\"160\"\n                    style=\"max-width:100%;\"\n                \/>\n            <\/a>\n        <\/div>\n\t\t\t\t\t\t\t<\/div> \n\t\t\t\n        \n\t\t\t\t<div id=\"ngg-image-368\" class=\"ngg-gallery-thumbnail-box\" >\n\t\t\t\t        <div class=\"ngg-gallery-thumbnail\">\n            <a href=\"http:\/\/www.karate-neuhofen.at\/wp-content\/gallery\/9-sommercamp-2017\/SC2147.JPG\"\n               title=\"\"\n               data-src=\"http:\/\/www.karate-neuhofen.at\/wp-content\/gallery\/9-sommercamp-2017\/SC2147.JPG\"\n               data-thumbnail=\"http:\/\/www.karate-neuhofen.at\/wp-content\/gallery\/9-sommercamp-2017\/thumbs\/thumbs_SC2147.JPG\"\n               data-image-id=\"16253\"\n               data-title=\"SC(2147)\"\n               data-description=\"\"\n               data-image-slug=\"sc2147\"\n               class=\"shutterset_6bd4a67f62a7de13e8a03aec327a2ec6\">\n                <img\n                    title=\"SC(2147)\"\n                    alt=\"SC(2147)\"\n                    src=\"http:\/\/www.karate-neuhofen.at\/wp-content\/gallery\/9-sommercamp-2017\/thumbs\/thumbs_SC2147.JPG\"\n                    width=\"240\"\n                    height=\"160\"\n                    style=\"max-width:100%;\"\n                \/>\n            <\/a>\n        <\/div>\n\t\t\t\t\t\t\t<\/div> \n\t\t\t\n        \n\t\t\t\t<div id=\"ngg-image-369\" class=\"ngg-gallery-thumbnail-box\" >\n\t\t\t\t        <div class=\"ngg-gallery-thumbnail\">\n            <a href=\"http:\/\/www.karate-neuhofen.at\/wp-content\/gallery\/9-sommercamp-2017\/SC2148.JPG\"\n               title=\"\"\n               data-src=\"http:\/\/www.karate-neuhofen.at\/wp-content\/gallery\/9-sommercamp-2017\/SC2148.JPG\"\n               data-thumbnail=\"http:\/\/www.karate-neuhofen.at\/wp-content\/gallery\/9-sommercamp-2017\/thumbs\/thumbs_SC2148.JPG\"\n               data-image-id=\"16254\"\n               data-title=\"SC(2148)\"\n               data-description=\"\"\n               data-image-slug=\"sc2148\"\n               class=\"shutterset_6bd4a67f62a7de13e8a03aec327a2ec6\">\n                <img\n                    title=\"SC(2148)\"\n                    alt=\"SC(2148)\"\n                    src=\"http:\/\/www.karate-neuhofen.at\/wp-content\/gallery\/9-sommercamp-2017\/thumbs\/thumbs_SC2148.JPG\"\n                    width=\"240\"\n                    height=\"160\"\n                    style=\"max-width:100%;\"\n                \/>\n            <\/a>\n        <\/div>\n\t\t\t\t\t\t\t<\/div> \n\t\t\t\n        \n\t\t\t\t<div id=\"ngg-image-370\" class=\"ngg-gallery-thumbnail-box\" >\n\t\t\t\t        <div class=\"ngg-gallery-thumbnail\">\n            <a href=\"http:\/\/www.karate-neuhofen.at\/wp-content\/gallery\/9-sommercamp-2017\/SC2149.JPG\"\n               title=\"\"\n               data-src=\"http:\/\/www.karate-neuhofen.at\/wp-content\/gallery\/9-sommercamp-2017\/SC2149.JPG\"\n               data-thumbnail=\"http:\/\/www.karate-neuhofen.at\/wp-content\/gallery\/9-sommercamp-2017\/thumbs\/thumbs_SC2149.JPG\"\n               data-image-id=\"16255\"\n               data-title=\"SC(2149)\"\n               data-description=\"\"\n               data-image-slug=\"sc2149\"\n               class=\"shutterset_6bd4a67f62a7de13e8a03aec327a2ec6\">\n                <img\n                    title=\"SC(2149)\"\n                    alt=\"SC(2149)\"\n                    src=\"http:\/\/www.karate-neuhofen.at\/wp-content\/gallery\/9-sommercamp-2017\/thumbs\/thumbs_SC2149.JPG\"\n                    width=\"240\"\n                    height=\"160\"\n                    style=\"max-width:100%;\"\n                \/>\n            <\/a>\n        <\/div>\n\t\t\t\t\t\t\t<\/div> \n\t\t\t\n        \n\t\t\t\t<div id=\"ngg-image-371\" class=\"ngg-gallery-thumbnail-box\" >\n\t\t\t\t        <div class=\"ngg-gallery-thumbnail\">\n            <a href=\"http:\/\/www.karate-neuhofen.at\/wp-content\/gallery\/9-sommercamp-2017\/SC2150.JPG\"\n               title=\"\"\n               data-src=\"http:\/\/www.karate-neuhofen.at\/wp-content\/gallery\/9-sommercamp-2017\/SC2150.JPG\"\n               data-thumbnail=\"http:\/\/www.karate-neuhofen.at\/wp-content\/gallery\/9-sommercamp-2017\/thumbs\/thumbs_SC2150.JPG\"\n               data-image-id=\"16256\"\n               data-title=\"SC(2150)\"\n               data-description=\"\"\n               data-image-slug=\"sc2150\"\n               class=\"shutterset_6bd4a67f62a7de13e8a03aec327a2ec6\">\n                <img\n                    title=\"SC(2150)\"\n                    alt=\"SC(2150)\"\n                    src=\"http:\/\/www.karate-neuhofen.at\/wp-content\/gallery\/9-sommercamp-2017\/thumbs\/thumbs_SC2150.JPG\"\n                    width=\"240\"\n                    height=\"160\"\n                    style=\"max-width:100%;\"\n                \/>\n            <\/a>\n        <\/div>\n\t\t\t\t\t\t\t<\/div> \n\t\t\t\n        \n\t\t\t\t<div id=\"ngg-image-372\" class=\"ngg-gallery-thumbnail-box\" >\n\t\t\t\t        <div class=\"ngg-gallery-thumbnail\">\n            <a href=\"http:\/\/www.karate-neuhofen.at\/wp-content\/gallery\/9-sommercamp-2017\/SC2151.JPG\"\n               title=\"\"\n               data-src=\"http:\/\/www.karate-neuhofen.at\/wp-content\/gallery\/9-sommercamp-2017\/SC2151.JPG\"\n               data-thumbnail=\"http:\/\/www.karate-neuhofen.at\/wp-content\/gallery\/9-sommercamp-2017\/thumbs\/thumbs_SC2151.JPG\"\n               data-image-id=\"16257\"\n               data-title=\"SC(2151)\"\n               data-description=\"\"\n               data-image-slug=\"sc2151\"\n               class=\"shutterset_6bd4a67f62a7de13e8a03aec327a2ec6\">\n                <img\n                    title=\"SC(2151)\"\n                    alt=\"SC(2151)\"\n                    src=\"http:\/\/www.karate-neuhofen.at\/wp-content\/gallery\/9-sommercamp-2017\/thumbs\/thumbs_SC2151.JPG\"\n                    width=\"240\"\n                    height=\"160\"\n                    style=\"max-width:100%;\"\n                \/>\n            <\/a>\n        <\/div>\n\t\t\t\t\t\t\t<\/div> \n\t\t\t\n        \n\t\t\t\t<div id=\"ngg-image-373\" class=\"ngg-gallery-thumbnail-box\" >\n\t\t\t\t        <div class=\"ngg-gallery-thumbnail\">\n            <a href=\"http:\/\/www.karate-neuhofen.at\/wp-content\/gallery\/9-sommercamp-2017\/SC2152.JPG\"\n               title=\"\"\n               data-src=\"http:\/\/www.karate-neuhofen.at\/wp-content\/gallery\/9-sommercamp-2017\/SC2152.JPG\"\n               data-thumbnail=\"http:\/\/www.karate-neuhofen.at\/wp-content\/gallery\/9-sommercamp-2017\/thumbs\/thumbs_SC2152.JPG\"\n               data-image-id=\"16258\"\n               data-title=\"SC(2152)\"\n               data-description=\"\"\n               data-image-slug=\"sc2152\"\n               class=\"shutterset_6bd4a67f62a7de13e8a03aec327a2ec6\">\n                <img\n                    title=\"SC(2152)\"\n                    alt=\"SC(2152)\"\n                    src=\"http:\/\/www.karate-neuhofen.at\/wp-content\/gallery\/9-sommercamp-2017\/thumbs\/thumbs_SC2152.JPG\"\n                    width=\"240\"\n                    height=\"160\"\n                    style=\"max-width:100%;\"\n                \/>\n            <\/a>\n        <\/div>\n\t\t\t\t\t\t\t<\/div> \n\t\t\t\n        \n\t\t\t\t<div id=\"ngg-image-374\" class=\"ngg-gallery-thumbnail-box\" >\n\t\t\t\t        <div class=\"ngg-gallery-thumbnail\">\n            <a href=\"http:\/\/www.karate-neuhofen.at\/wp-content\/gallery\/9-sommercamp-2017\/SC2153.JPG\"\n               title=\"\"\n               data-src=\"http:\/\/www.karate-neuhofen.at\/wp-content\/gallery\/9-sommercamp-2017\/SC2153.JPG\"\n               data-thumbnail=\"http:\/\/www.karate-neuhofen.at\/wp-content\/gallery\/9-sommercamp-2017\/thumbs\/thumbs_SC2153.JPG\"\n               data-image-id=\"16259\"\n               data-title=\"SC(2153)\"\n               data-description=\"\"\n               data-image-slug=\"sc2153\"\n               class=\"shutterset_6bd4a67f62a7de13e8a03aec327a2ec6\">\n                <img\n                    title=\"SC(2153)\"\n                    alt=\"SC(2153)\"\n                    src=\"http:\/\/www.karate-neuhofen.at\/wp-content\/gallery\/9-sommercamp-2017\/thumbs\/thumbs_SC2153.JPG\"\n                    width=\"240\"\n                    height=\"160\"\n                    style=\"max-width:100%;\"\n                \/>\n            <\/a>\n        <\/div>\n\t\t\t\t\t\t\t<\/div> \n\t\t\t\n        \n\t\t\t\t<div id=\"ngg-image-375\" class=\"ngg-gallery-thumbnail-box\" >\n\t\t\t\t        <div class=\"ngg-gallery-thumbnail\">\n            <a href=\"http:\/\/www.karate-neuhofen.at\/wp-content\/gallery\/9-sommercamp-2017\/SC2154.JPG\"\n               title=\"\"\n               data-src=\"http:\/\/www.karate-neuhofen.at\/wp-content\/gallery\/9-sommercamp-2017\/SC2154.JPG\"\n               data-thumbnail=\"http:\/\/www.karate-neuhofen.at\/wp-content\/gallery\/9-sommercamp-2017\/thumbs\/thumbs_SC2154.JPG\"\n               data-image-id=\"16260\"\n               data-title=\"SC(2154)\"\n               data-description=\"\"\n               data-image-slug=\"sc2154\"\n               class=\"shutterset_6bd4a67f62a7de13e8a03aec327a2ec6\">\n                <img\n                    title=\"SC(2154)\"\n                    alt=\"SC(2154)\"\n                    src=\"http:\/\/www.karate-neuhofen.at\/wp-content\/gallery\/9-sommercamp-2017\/thumbs\/thumbs_SC2154.JPG\"\n                    width=\"240\"\n                    height=\"160\"\n                    style=\"max-width:100%;\"\n                \/>\n            <\/a>\n        <\/div>\n\t\t\t\t\t\t\t<\/div> \n\t\t\t\n        \n\t\t\t\t<div id=\"ngg-image-376\" class=\"ngg-gallery-thumbnail-box\" >\n\t\t\t\t        <div class=\"ngg-gallery-thumbnail\">\n            <a href=\"http:\/\/www.karate-neuhofen.at\/wp-content\/gallery\/9-sommercamp-2017\/SC2155.JPG\"\n               title=\"\"\n               data-src=\"http:\/\/www.karate-neuhofen.at\/wp-content\/gallery\/9-sommercamp-2017\/SC2155.JPG\"\n               data-thumbnail=\"http:\/\/www.karate-neuhofen.at\/wp-content\/gallery\/9-sommercamp-2017\/thumbs\/thumbs_SC2155.JPG\"\n               data-image-id=\"16261\"\n               data-title=\"SC(2155)\"\n               data-description=\"\"\n               data-image-slug=\"sc2155\"\n               class=\"shutterset_6bd4a67f62a7de13e8a03aec327a2ec6\">\n                <img\n                    title=\"SC(2155)\"\n                    alt=\"SC(2155)\"\n                    src=\"http:\/\/www.karate-neuhofen.at\/wp-content\/gallery\/9-sommercamp-2017\/thumbs\/thumbs_SC2155.JPG\"\n                    width=\"240\"\n                    height=\"160\"\n                    style=\"max-width:100%;\"\n                \/>\n            <\/a>\n        <\/div>\n\t\t\t\t\t\t\t<\/div> \n\t\t\t\n        \n\t\t\t\t<div id=\"ngg-image-377\" class=\"ngg-gallery-thumbnail-box\" >\n\t\t\t\t        <div class=\"ngg-gallery-thumbnail\">\n            <a href=\"http:\/\/www.karate-neuhofen.at\/wp-content\/gallery\/9-sommercamp-2017\/SC2156.JPG\"\n               title=\"\"\n               data-src=\"http:\/\/www.karate-neuhofen.at\/wp-content\/gallery\/9-sommercamp-2017\/SC2156.JPG\"\n               data-thumbnail=\"http:\/\/www.karate-neuhofen.at\/wp-content\/gallery\/9-sommercamp-2017\/thumbs\/thumbs_SC2156.JPG\"\n               data-image-id=\"16262\"\n               data-title=\"SC(2156)\"\n               data-description=\"\"\n               data-image-slug=\"sc2156\"\n               class=\"shutterset_6bd4a67f62a7de13e8a03aec327a2ec6\">\n                <img\n                    title=\"SC(2156)\"\n                    alt=\"SC(2156)\"\n                    src=\"http:\/\/www.karate-neuhofen.at\/wp-content\/gallery\/9-sommercamp-2017\/thumbs\/thumbs_SC2156.JPG\"\n                    width=\"240\"\n                    height=\"160\"\n                    style=\"max-width:100%;\"\n                \/>\n            <\/a>\n        <\/div>\n\t\t\t\t\t\t\t<\/div> \n\t\t\t\n        \n\t\t\t\t<div id=\"ngg-image-378\" class=\"ngg-gallery-thumbnail-box\" >\n\t\t\t\t        <div class=\"ngg-gallery-thumbnail\">\n            <a href=\"http:\/\/www.karate-neuhofen.at\/wp-content\/gallery\/9-sommercamp-2017\/SC2157.JPG\"\n               title=\"\"\n               data-src=\"http:\/\/www.karate-neuhofen.at\/wp-content\/gallery\/9-sommercamp-2017\/SC2157.JPG\"\n               data-thumbnail=\"http:\/\/www.karate-neuhofen.at\/wp-content\/gallery\/9-sommercamp-2017\/thumbs\/thumbs_SC2157.JPG\"\n               data-image-id=\"16263\"\n               data-title=\"SC(2157)\"\n               data-description=\"\"\n               data-image-slug=\"sc2157\"\n               class=\"shutterset_6bd4a67f62a7de13e8a03aec327a2ec6\">\n                <img\n                    title=\"SC(2157)\"\n                    alt=\"SC(2157)\"\n                    src=\"http:\/\/www.karate-neuhofen.at\/wp-content\/gallery\/9-sommercamp-2017\/thumbs\/thumbs_SC2157.JPG\"\n                    width=\"240\"\n                    height=\"160\"\n                    style=\"max-width:100%;\"\n                \/>\n            <\/a>\n        <\/div>\n\t\t\t\t\t\t\t<\/div> \n\t\t\t\n        \n\t\t\t\t<div id=\"ngg-image-379\" class=\"ngg-gallery-thumbnail-box\" >\n\t\t\t\t        <div class=\"ngg-gallery-thumbnail\">\n            <a href=\"http:\/\/www.karate-neuhofen.at\/wp-content\/gallery\/9-sommercamp-2017\/SC2158.JPG\"\n               title=\"\"\n               data-src=\"http:\/\/www.karate-neuhofen.at\/wp-content\/gallery\/9-sommercamp-2017\/SC2158.JPG\"\n               data-thumbnail=\"http:\/\/www.karate-neuhofen.at\/wp-content\/gallery\/9-sommercamp-2017\/thumbs\/thumbs_SC2158.JPG\"\n               data-image-id=\"16264\"\n               data-title=\"SC(2158)\"\n               data-description=\"\"\n               data-image-slug=\"sc2158\"\n               class=\"shutterset_6bd4a67f62a7de13e8a03aec327a2ec6\">\n                <img\n                    title=\"SC(2158)\"\n                    alt=\"SC(2158)\"\n                    src=\"http:\/\/www.karate-neuhofen.at\/wp-content\/gallery\/9-sommercamp-2017\/thumbs\/thumbs_SC2158.JPG\"\n                    width=\"240\"\n                    height=\"160\"\n                    style=\"max-width:100%;\"\n                \/>\n            <\/a>\n        <\/div>\n\t\t\t\t\t\t\t<\/div> \n\t\t\t\n        \n\t\t\t\t<div id=\"ngg-image-380\" class=\"ngg-gallery-thumbnail-box\" >\n\t\t\t\t        <div class=\"ngg-gallery-thumbnail\">\n            <a href=\"http:\/\/www.karate-neuhofen.at\/wp-content\/gallery\/9-sommercamp-2017\/SC2159.JPG\"\n               title=\"\"\n               data-src=\"http:\/\/www.karate-neuhofen.at\/wp-content\/gallery\/9-sommercamp-2017\/SC2159.JPG\"\n               data-thumbnail=\"http:\/\/www.karate-neuhofen.at\/wp-content\/gallery\/9-sommercamp-2017\/thumbs\/thumbs_SC2159.JPG\"\n               data-image-id=\"16265\"\n               data-title=\"SC(2159)\"\n               data-description=\"\"\n               data-image-slug=\"sc2159\"\n               class=\"shutterset_6bd4a67f62a7de13e8a03aec327a2ec6\">\n                <img\n                    title=\"SC(2159)\"\n                    alt=\"SC(2159)\"\n                    src=\"http:\/\/www.karate-neuhofen.at\/wp-content\/gallery\/9-sommercamp-2017\/thumbs\/thumbs_SC2159.JPG\"\n                    width=\"240\"\n                    height=\"160\"\n                    style=\"max-width:100%;\"\n                \/>\n            <\/a>\n        <\/div>\n\t\t\t\t\t\t\t<\/div> \n\t\t\t\n        \n\t\t\t\t<div id=\"ngg-image-381\" class=\"ngg-gallery-thumbnail-box\" >\n\t\t\t\t        <div class=\"ngg-gallery-thumbnail\">\n            <a href=\"http:\/\/www.karate-neuhofen.at\/wp-content\/gallery\/9-sommercamp-2017\/SC2160.JPG\"\n               title=\"\"\n               data-src=\"http:\/\/www.karate-neuhofen.at\/wp-content\/gallery\/9-sommercamp-2017\/SC2160.JPG\"\n               data-thumbnail=\"http:\/\/www.karate-neuhofen.at\/wp-content\/gallery\/9-sommercamp-2017\/thumbs\/thumbs_SC2160.JPG\"\n               data-image-id=\"16266\"\n               data-title=\"SC(2160)\"\n               data-description=\"\"\n               data-image-slug=\"sc2160\"\n               class=\"shutterset_6bd4a67f62a7de13e8a03aec327a2ec6\">\n                <img\n                    title=\"SC(2160)\"\n                    alt=\"SC(2160)\"\n                    src=\"http:\/\/www.karate-neuhofen.at\/wp-content\/gallery\/9-sommercamp-2017\/thumbs\/thumbs_SC2160.JPG\"\n                    width=\"240\"\n                    height=\"160\"\n                    style=\"max-width:100%;\"\n                \/>\n            <\/a>\n        <\/div>\n\t\t\t\t\t\t\t<\/div> \n\t\t\t\n        \n\t\t\t\t<div id=\"ngg-image-382\" class=\"ngg-gallery-thumbnail-box\" >\n\t\t\t\t        <div class=\"ngg-gallery-thumbnail\">\n            <a href=\"http:\/\/www.karate-neuhofen.at\/wp-content\/gallery\/9-sommercamp-2017\/SC2161.JPG\"\n               title=\"\"\n               data-src=\"http:\/\/www.karate-neuhofen.at\/wp-content\/gallery\/9-sommercamp-2017\/SC2161.JPG\"\n               data-thumbnail=\"http:\/\/www.karate-neuhofen.at\/wp-content\/gallery\/9-sommercamp-2017\/thumbs\/thumbs_SC2161.JPG\"\n               data-image-id=\"16267\"\n               data-title=\"SC(2161)\"\n               data-description=\"\"\n               data-image-slug=\"sc2161\"\n               class=\"shutterset_6bd4a67f62a7de13e8a03aec327a2ec6\">\n                <img\n                    title=\"SC(2161)\"\n                    alt=\"SC(2161)\"\n                    src=\"http:\/\/www.karate-neuhofen.at\/wp-content\/gallery\/9-sommercamp-2017\/thumbs\/thumbs_SC2161.JPG\"\n                    width=\"240\"\n                    height=\"160\"\n                    style=\"max-width:100%;\"\n                \/>\n            <\/a>\n        <\/div>\n\t\t\t\t\t\t\t<\/div> \n\t\t\t\n        \n\t\t\t\t<div id=\"ngg-image-383\" class=\"ngg-gallery-thumbnail-box\" >\n\t\t\t\t        <div class=\"ngg-gallery-thumbnail\">\n            <a href=\"http:\/\/www.karate-neuhofen.at\/wp-content\/gallery\/9-sommercamp-2017\/SC2162.JPG\"\n               title=\"\"\n               data-src=\"http:\/\/www.karate-neuhofen.at\/wp-content\/gallery\/9-sommercamp-2017\/SC2162.JPG\"\n               data-thumbnail=\"http:\/\/www.karate-neuhofen.at\/wp-content\/gallery\/9-sommercamp-2017\/thumbs\/thumbs_SC2162.JPG\"\n               data-image-id=\"16268\"\n               data-title=\"SC(2162)\"\n               data-description=\"\"\n               data-image-slug=\"sc2162\"\n               class=\"shutterset_6bd4a67f62a7de13e8a03aec327a2ec6\">\n                <img\n                    title=\"SC(2162)\"\n                    alt=\"SC(2162)\"\n                    src=\"http:\/\/www.karate-neuhofen.at\/wp-content\/gallery\/9-sommercamp-2017\/thumbs\/thumbs_SC2162.JPG\"\n                    width=\"240\"\n                    height=\"160\"\n                    style=\"max-width:100%;\"\n                \/>\n            <\/a>\n        <\/div>\n\t\t\t\t\t\t\t<\/div> \n\t\t\t\n        \n\t\t\t\t<div id=\"ngg-image-384\" class=\"ngg-gallery-thumbnail-box\" >\n\t\t\t\t        <div class=\"ngg-gallery-thumbnail\">\n            <a href=\"http:\/\/www.karate-neuhofen.at\/wp-content\/gallery\/9-sommercamp-2017\/SC2163.JPG\"\n               title=\"\"\n               data-src=\"http:\/\/www.karate-neuhofen.at\/wp-content\/gallery\/9-sommercamp-2017\/SC2163.JPG\"\n               data-thumbnail=\"http:\/\/www.karate-neuhofen.at\/wp-content\/gallery\/9-sommercamp-2017\/thumbs\/thumbs_SC2163.JPG\"\n               data-image-id=\"16269\"\n               data-title=\"SC(2163)\"\n               data-description=\"\"\n               data-image-slug=\"sc2163\"\n               class=\"shutterset_6bd4a67f62a7de13e8a03aec327a2ec6\">\n                <img\n                    title=\"SC(2163)\"\n                    alt=\"SC(2163)\"\n                    src=\"http:\/\/www.karate-neuhofen.at\/wp-content\/gallery\/9-sommercamp-2017\/thumbs\/thumbs_SC2163.JPG\"\n                    width=\"240\"\n                    height=\"160\"\n                    style=\"max-width:100%;\"\n                \/>\n            <\/a>\n        <\/div>\n\t\t\t\t\t\t\t<\/div> \n\t\t\t\n        \n\t\t\t\t<div id=\"ngg-image-385\" class=\"ngg-gallery-thumbnail-box\" >\n\t\t\t\t        <div class=\"ngg-gallery-thumbnail\">\n            <a href=\"http:\/\/www.karate-neuhofen.at\/wp-content\/gallery\/9-sommercamp-2017\/SC2164.JPG\"\n               title=\"\"\n               data-src=\"http:\/\/www.karate-neuhofen.at\/wp-content\/gallery\/9-sommercamp-2017\/SC2164.JPG\"\n               data-thumbnail=\"http:\/\/www.karate-neuhofen.at\/wp-content\/gallery\/9-sommercamp-2017\/thumbs\/thumbs_SC2164.JPG\"\n               data-image-id=\"16270\"\n               data-title=\"SC(2164)\"\n               data-description=\"\"\n               data-image-slug=\"sc2164\"\n               class=\"shutterset_6bd4a67f62a7de13e8a03aec327a2ec6\">\n                <img\n                    title=\"SC(2164)\"\n                    alt=\"SC(2164)\"\n                    src=\"http:\/\/www.karate-neuhofen.at\/wp-content\/gallery\/9-sommercamp-2017\/thumbs\/thumbs_SC2164.JPG\"\n                    width=\"240\"\n                    height=\"160\"\n                    style=\"max-width:100%;\"\n                \/>\n            <\/a>\n        <\/div>\n\t\t\t\t\t\t\t<\/div> \n\t\t\t\n        \n\t\t\t\t<div id=\"ngg-image-386\" class=\"ngg-gallery-thumbnail-box\" >\n\t\t\t\t        <div class=\"ngg-gallery-thumbnail\">\n            <a href=\"http:\/\/www.karate-neuhofen.at\/wp-content\/gallery\/9-sommercamp-2017\/SC2165.JPG\"\n               title=\"\"\n               data-src=\"http:\/\/www.karate-neuhofen.at\/wp-content\/gallery\/9-sommercamp-2017\/SC2165.JPG\"\n               data-thumbnail=\"http:\/\/www.karate-neuhofen.at\/wp-content\/gallery\/9-sommercamp-2017\/thumbs\/thumbs_SC2165.JPG\"\n               data-image-id=\"16271\"\n               data-title=\"SC(2165)\"\n               data-description=\"\"\n               data-image-slug=\"sc2165\"\n               class=\"shutterset_6bd4a67f62a7de13e8a03aec327a2ec6\">\n                <img\n                    title=\"SC(2165)\"\n                    alt=\"SC(2165)\"\n                    src=\"http:\/\/www.karate-neuhofen.at\/wp-content\/gallery\/9-sommercamp-2017\/thumbs\/thumbs_SC2165.JPG\"\n                    width=\"240\"\n                    height=\"160\"\n                    style=\"max-width:100%;\"\n                \/>\n            <\/a>\n        <\/div>\n\t\t\t\t\t\t\t<\/div> \n\t\t\t\n        \n\t\t\t\t<div id=\"ngg-image-387\" class=\"ngg-gallery-thumbnail-box\" >\n\t\t\t\t        <div class=\"ngg-gallery-thumbnail\">\n            <a href=\"http:\/\/www.karate-neuhofen.at\/wp-content\/gallery\/9-sommercamp-2017\/SC2166.JPG\"\n               title=\"\"\n               data-src=\"http:\/\/www.karate-neuhofen.at\/wp-content\/gallery\/9-sommercamp-2017\/SC2166.JPG\"\n               data-thumbnail=\"http:\/\/www.karate-neuhofen.at\/wp-content\/gallery\/9-sommercamp-2017\/thumbs\/thumbs_SC2166.JPG\"\n               data-image-id=\"16272\"\n               data-title=\"SC(2166)\"\n               data-description=\"\"\n               data-image-slug=\"sc2166\"\n               class=\"shutterset_6bd4a67f62a7de13e8a03aec327a2ec6\">\n                <img\n                    title=\"SC(2166)\"\n                    alt=\"SC(2166)\"\n                    src=\"http:\/\/www.karate-neuhofen.at\/wp-content\/gallery\/9-sommercamp-2017\/thumbs\/thumbs_SC2166.JPG\"\n                    width=\"240\"\n                    height=\"160\"\n                    style=\"max-width:100%;\"\n                \/>\n            <\/a>\n        <\/div>\n\t\t\t\t\t\t\t<\/div> \n\t\t\t\n        \n\t\t\t\t<div id=\"ngg-image-388\" class=\"ngg-gallery-thumbnail-box\" >\n\t\t\t\t        <div class=\"ngg-gallery-thumbnail\">\n            <a href=\"http:\/\/www.karate-neuhofen.at\/wp-content\/gallery\/9-sommercamp-2017\/SC2167.JPG\"\n               title=\"\"\n               data-src=\"http:\/\/www.karate-neuhofen.at\/wp-content\/gallery\/9-sommercamp-2017\/SC2167.JPG\"\n               data-thumbnail=\"http:\/\/www.karate-neuhofen.at\/wp-content\/gallery\/9-sommercamp-2017\/thumbs\/thumbs_SC2167.JPG\"\n               data-image-id=\"16273\"\n               data-title=\"SC(2167)\"\n               data-description=\"\"\n               data-image-slug=\"sc2167\"\n               class=\"shutterset_6bd4a67f62a7de13e8a03aec327a2ec6\">\n                <img\n                    title=\"SC(2167)\"\n                    alt=\"SC(2167)\"\n                    src=\"http:\/\/www.karate-neuhofen.at\/wp-content\/gallery\/9-sommercamp-2017\/thumbs\/thumbs_SC2167.JPG\"\n                    width=\"240\"\n                    height=\"160\"\n                    style=\"max-width:100%;\"\n                \/>\n            <\/a>\n        <\/div>\n\t\t\t\t\t\t\t<\/div> \n\t\t\t\n        \n\t\t\t\t<div id=\"ngg-image-389\" class=\"ngg-gallery-thumbnail-box\" >\n\t\t\t\t        <div class=\"ngg-gallery-thumbnail\">\n            <a href=\"http:\/\/www.karate-neuhofen.at\/wp-content\/gallery\/9-sommercamp-2017\/SC2168.JPG\"\n               title=\"\"\n               data-src=\"http:\/\/www.karate-neuhofen.at\/wp-content\/gallery\/9-sommercamp-2017\/SC2168.JPG\"\n               data-thumbnail=\"http:\/\/www.karate-neuhofen.at\/wp-content\/gallery\/9-sommercamp-2017\/thumbs\/thumbs_SC2168.JPG\"\n               data-image-id=\"16274\"\n               data-title=\"SC(2168)\"\n               data-description=\"\"\n               data-image-slug=\"sc2168\"\n               class=\"shutterset_6bd4a67f62a7de13e8a03aec327a2ec6\">\n                <img\n                    title=\"SC(2168)\"\n                    alt=\"SC(2168)\"\n                    src=\"http:\/\/www.karate-neuhofen.at\/wp-content\/gallery\/9-sommercamp-2017\/thumbs\/thumbs_SC2168.JPG\"\n                    width=\"240\"\n                    height=\"160\"\n                    style=\"max-width:100%;\"\n                \/>\n            <\/a>\n        <\/div>\n\t\t\t\t\t\t\t<\/div> \n\t\t\t\n        \n\t\t\t\t<div id=\"ngg-image-390\" class=\"ngg-gallery-thumbnail-box\" >\n\t\t\t\t        <div class=\"ngg-gallery-thumbnail\">\n            <a href=\"http:\/\/www.karate-neuhofen.at\/wp-content\/gallery\/9-sommercamp-2017\/SC2169.JPG\"\n               title=\"\"\n               data-src=\"http:\/\/www.karate-neuhofen.at\/wp-content\/gallery\/9-sommercamp-2017\/SC2169.JPG\"\n               data-thumbnail=\"http:\/\/www.karate-neuhofen.at\/wp-content\/gallery\/9-sommercamp-2017\/thumbs\/thumbs_SC2169.JPG\"\n               data-image-id=\"16275\"\n               data-title=\"SC(2169)\"\n               data-description=\"\"\n               data-image-slug=\"sc2169\"\n               class=\"shutterset_6bd4a67f62a7de13e8a03aec327a2ec6\">\n                <img\n                    title=\"SC(2169)\"\n                    alt=\"SC(2169)\"\n                    src=\"http:\/\/www.karate-neuhofen.at\/wp-content\/gallery\/9-sommercamp-2017\/thumbs\/thumbs_SC2169.JPG\"\n                    width=\"240\"\n                    height=\"160\"\n                    style=\"max-width:100%;\"\n                \/>\n            <\/a>\n        <\/div>\n\t\t\t\t\t\t\t<\/div> \n\t\t\t\n        \n\t\t\t\t<div id=\"ngg-image-391\" class=\"ngg-gallery-thumbnail-box\" >\n\t\t\t\t        <div class=\"ngg-gallery-thumbnail\">\n            <a href=\"http:\/\/www.karate-neuhofen.at\/wp-content\/gallery\/9-sommercamp-2017\/SC2170.JPG\"\n               title=\"\"\n               data-src=\"http:\/\/www.karate-neuhofen.at\/wp-content\/gallery\/9-sommercamp-2017\/SC2170.JPG\"\n               data-thumbnail=\"http:\/\/www.karate-neuhofen.at\/wp-content\/gallery\/9-sommercamp-2017\/thumbs\/thumbs_SC2170.JPG\"\n               data-image-id=\"16276\"\n               data-title=\"SC(2170)\"\n               data-description=\"\"\n               data-image-slug=\"sc2170\"\n               class=\"shutterset_6bd4a67f62a7de13e8a03aec327a2ec6\">\n                <img\n                    title=\"SC(2170)\"\n                    alt=\"SC(2170)\"\n                    src=\"http:\/\/www.karate-neuhofen.at\/wp-content\/gallery\/9-sommercamp-2017\/thumbs\/thumbs_SC2170.JPG\"\n                    width=\"240\"\n                    height=\"160\"\n                    style=\"max-width:100%;\"\n                \/>\n            <\/a>\n        <\/div>\n\t\t\t\t\t\t\t<\/div> \n\t\t\t\n        \n\t\t\t\t<div id=\"ngg-image-392\" class=\"ngg-gallery-thumbnail-box\" >\n\t\t\t\t        <div class=\"ngg-gallery-thumbnail\">\n            <a href=\"http:\/\/www.karate-neuhofen.at\/wp-content\/gallery\/9-sommercamp-2017\/SC2171.JPG\"\n               title=\"\"\n               data-src=\"http:\/\/www.karate-neuhofen.at\/wp-content\/gallery\/9-sommercamp-2017\/SC2171.JPG\"\n               data-thumbnail=\"http:\/\/www.karate-neuhofen.at\/wp-content\/gallery\/9-sommercamp-2017\/thumbs\/thumbs_SC2171.JPG\"\n               data-image-id=\"16277\"\n               data-title=\"SC(2171)\"\n               data-description=\"\"\n               data-image-slug=\"sc2171\"\n               class=\"shutterset_6bd4a67f62a7de13e8a03aec327a2ec6\">\n                <img\n                    title=\"SC(2171)\"\n                    alt=\"SC(2171)\"\n                    src=\"http:\/\/www.karate-neuhofen.at\/wp-content\/gallery\/9-sommercamp-2017\/thumbs\/thumbs_SC2171.JPG\"\n                    width=\"240\"\n                    height=\"160\"\n                    style=\"max-width:100%;\"\n                \/>\n            <\/a>\n        <\/div>\n\t\t\t\t\t\t\t<\/div> \n\t\t\t\n        \n\t\t\t\t<div id=\"ngg-image-393\" class=\"ngg-gallery-thumbnail-box\" >\n\t\t\t\t        <div class=\"ngg-gallery-thumbnail\">\n            <a href=\"http:\/\/www.karate-neuhofen.at\/wp-content\/gallery\/9-sommercamp-2017\/SC2172.JPG\"\n               title=\"\"\n               data-src=\"http:\/\/www.karate-neuhofen.at\/wp-content\/gallery\/9-sommercamp-2017\/SC2172.JPG\"\n               data-thumbnail=\"http:\/\/www.karate-neuhofen.at\/wp-content\/gallery\/9-sommercamp-2017\/thumbs\/thumbs_SC2172.JPG\"\n               data-image-id=\"16278\"\n               data-title=\"SC(2172)\"\n               data-description=\"\"\n               data-image-slug=\"sc2172\"\n               class=\"shutterset_6bd4a67f62a7de13e8a03aec327a2ec6\">\n                <img\n                    title=\"SC(2172)\"\n                    alt=\"SC(2172)\"\n                    src=\"http:\/\/www.karate-neuhofen.at\/wp-content\/gallery\/9-sommercamp-2017\/thumbs\/thumbs_SC2172.JPG\"\n                    width=\"240\"\n                    height=\"160\"\n                    style=\"max-width:100%;\"\n                \/>\n            <\/a>\n        <\/div>\n\t\t\t\t\t\t\t<\/div> \n\t\t\t\n        \n\t\t\t\t<div id=\"ngg-image-394\" class=\"ngg-gallery-thumbnail-box\" >\n\t\t\t\t        <div class=\"ngg-gallery-thumbnail\">\n            <a href=\"http:\/\/www.karate-neuhofen.at\/wp-content\/gallery\/9-sommercamp-2017\/SC2173.JPG\"\n               title=\"\"\n               data-src=\"http:\/\/www.karate-neuhofen.at\/wp-content\/gallery\/9-sommercamp-2017\/SC2173.JPG\"\n               data-thumbnail=\"http:\/\/www.karate-neuhofen.at\/wp-content\/gallery\/9-sommercamp-2017\/thumbs\/thumbs_SC2173.JPG\"\n               data-image-id=\"16279\"\n               data-title=\"SC(2173)\"\n               data-description=\"\"\n               data-image-slug=\"sc2173\"\n               class=\"shutterset_6bd4a67f62a7de13e8a03aec327a2ec6\">\n                <img\n                    title=\"SC(2173)\"\n                    alt=\"SC(2173)\"\n                    src=\"http:\/\/www.karate-neuhofen.at\/wp-content\/gallery\/9-sommercamp-2017\/thumbs\/thumbs_SC2173.JPG\"\n                    width=\"240\"\n                    height=\"160\"\n                    style=\"max-width:100%;\"\n                \/>\n            <\/a>\n        <\/div>\n\t\t\t\t\t\t\t<\/div> \n\t\t\t\n        \n\t\t\t\t<div id=\"ngg-image-395\" class=\"ngg-gallery-thumbnail-box\" >\n\t\t\t\t        <div class=\"ngg-gallery-thumbnail\">\n            <a href=\"http:\/\/www.karate-neuhofen.at\/wp-content\/gallery\/9-sommercamp-2017\/SC2174.JPG\"\n               title=\"\"\n               data-src=\"http:\/\/www.karate-neuhofen.at\/wp-content\/gallery\/9-sommercamp-2017\/SC2174.JPG\"\n               data-thumbnail=\"http:\/\/www.karate-neuhofen.at\/wp-content\/gallery\/9-sommercamp-2017\/thumbs\/thumbs_SC2174.JPG\"\n               data-image-id=\"16280\"\n               data-title=\"SC(2174)\"\n               data-description=\"\"\n               data-image-slug=\"sc2174\"\n               class=\"shutterset_6bd4a67f62a7de13e8a03aec327a2ec6\">\n                <img\n                    title=\"SC(2174)\"\n                    alt=\"SC(2174)\"\n                    src=\"http:\/\/www.karate-neuhofen.at\/wp-content\/gallery\/9-sommercamp-2017\/thumbs\/thumbs_SC2174.JPG\"\n                    width=\"240\"\n                    height=\"160\"\n                    style=\"max-width:100%;\"\n                \/>\n            <\/a>\n        <\/div>\n\t\t\t\t\t\t\t<\/div> \n\t\t\t\n        \n\t\t\t\t<div id=\"ngg-image-396\" class=\"ngg-gallery-thumbnail-box\" >\n\t\t\t\t        <div class=\"ngg-gallery-thumbnail\">\n            <a href=\"http:\/\/www.karate-neuhofen.at\/wp-content\/gallery\/9-sommercamp-2017\/SC2175.JPG\"\n               title=\"\"\n               data-src=\"http:\/\/www.karate-neuhofen.at\/wp-content\/gallery\/9-sommercamp-2017\/SC2175.JPG\"\n               data-thumbnail=\"http:\/\/www.karate-neuhofen.at\/wp-content\/gallery\/9-sommercamp-2017\/thumbs\/thumbs_SC2175.JPG\"\n               data-image-id=\"16281\"\n               data-title=\"SC(2175)\"\n               data-description=\"\"\n               data-image-slug=\"sc2175\"\n               class=\"shutterset_6bd4a67f62a7de13e8a03aec327a2ec6\">\n                <img\n                    title=\"SC(2175)\"\n                    alt=\"SC(2175)\"\n                    src=\"http:\/\/www.karate-neuhofen.at\/wp-content\/gallery\/9-sommercamp-2017\/thumbs\/thumbs_SC2175.JPG\"\n                    width=\"240\"\n                    height=\"160\"\n                    style=\"max-width:100%;\"\n                \/>\n            <\/a>\n        <\/div>\n\t\t\t\t\t\t\t<\/div> \n\t\t\t\n        \n\t\t\t\t<div id=\"ngg-image-397\" class=\"ngg-gallery-thumbnail-box\" >\n\t\t\t\t        <div class=\"ngg-gallery-thumbnail\">\n            <a href=\"http:\/\/www.karate-neuhofen.at\/wp-content\/gallery\/9-sommercamp-2017\/SC2176.JPG\"\n               title=\"\"\n               data-src=\"http:\/\/www.karate-neuhofen.at\/wp-content\/gallery\/9-sommercamp-2017\/SC2176.JPG\"\n               data-thumbnail=\"http:\/\/www.karate-neuhofen.at\/wp-content\/gallery\/9-sommercamp-2017\/thumbs\/thumbs_SC2176.JPG\"\n               data-image-id=\"16282\"\n               data-title=\"SC(2176)\"\n               data-description=\"\"\n               data-image-slug=\"sc2176\"\n               class=\"shutterset_6bd4a67f62a7de13e8a03aec327a2ec6\">\n                <img\n                    title=\"SC(2176)\"\n                    alt=\"SC(2176)\"\n                    src=\"http:\/\/www.karate-neuhofen.at\/wp-content\/gallery\/9-sommercamp-2017\/thumbs\/thumbs_SC2176.JPG\"\n                    width=\"240\"\n                    height=\"160\"\n                    style=\"max-width:100%;\"\n                \/>\n            <\/a>\n        <\/div>\n\t\t\t\t\t\t\t<\/div> \n\t\t\t\n        \n\t\t\t\t<div id=\"ngg-image-398\" class=\"ngg-gallery-thumbnail-box\" >\n\t\t\t\t        <div class=\"ngg-gallery-thumbnail\">\n            <a href=\"http:\/\/www.karate-neuhofen.at\/wp-content\/gallery\/9-sommercamp-2017\/SC2177.JPG\"\n               title=\"\"\n               data-src=\"http:\/\/www.karate-neuhofen.at\/wp-content\/gallery\/9-sommercamp-2017\/SC2177.JPG\"\n               data-thumbnail=\"http:\/\/www.karate-neuhofen.at\/wp-content\/gallery\/9-sommercamp-2017\/thumbs\/thumbs_SC2177.JPG\"\n               data-image-id=\"16283\"\n               data-title=\"SC(2177)\"\n               data-description=\"\"\n               data-image-slug=\"sc2177\"\n               class=\"shutterset_6bd4a67f62a7de13e8a03aec327a2ec6\">\n                <img\n                    title=\"SC(2177)\"\n                    alt=\"SC(2177)\"\n                    src=\"http:\/\/www.karate-neuhofen.at\/wp-content\/gallery\/9-sommercamp-2017\/thumbs\/thumbs_SC2177.JPG\"\n                    width=\"240\"\n                    height=\"160\"\n                    style=\"max-width:100%;\"\n                \/>\n            <\/a>\n        <\/div>\n\t\t\t\t\t\t\t<\/div> \n\t\t\t\n        \n\t\t\t\t<div id=\"ngg-image-399\" class=\"ngg-gallery-thumbnail-box\" >\n\t\t\t\t        <div class=\"ngg-gallery-thumbnail\">\n            <a href=\"http:\/\/www.karate-neuhofen.at\/wp-content\/gallery\/9-sommercamp-2017\/SC2178.JPG\"\n               title=\"\"\n               data-src=\"http:\/\/www.karate-neuhofen.at\/wp-content\/gallery\/9-sommercamp-2017\/SC2178.JPG\"\n               data-thumbnail=\"http:\/\/www.karate-neuhofen.at\/wp-content\/gallery\/9-sommercamp-2017\/thumbs\/thumbs_SC2178.JPG\"\n               data-image-id=\"16284\"\n               data-title=\"SC(2178)\"\n               data-description=\"\"\n               data-image-slug=\"sc2178\"\n               class=\"shutterset_6bd4a67f62a7de13e8a03aec327a2ec6\">\n                <img\n                    title=\"SC(2178)\"\n                    alt=\"SC(2178)\"\n                    src=\"http:\/\/www.karate-neuhofen.at\/wp-content\/gallery\/9-sommercamp-2017\/thumbs\/thumbs_SC2178.JPG\"\n                    width=\"240\"\n                    height=\"160\"\n                    style=\"max-width:100%;\"\n                \/>\n            <\/a>\n        <\/div>\n\t\t\t\t\t\t\t<\/div> \n\t\t\t\n        \n\t\t\t\t<div id=\"ngg-image-400\" class=\"ngg-gallery-thumbnail-box\" >\n\t\t\t\t        <div class=\"ngg-gallery-thumbnail\">\n            <a href=\"http:\/\/www.karate-neuhofen.at\/wp-content\/gallery\/9-sommercamp-2017\/SC2179.JPG\"\n               title=\"\"\n               data-src=\"http:\/\/www.karate-neuhofen.at\/wp-content\/gallery\/9-sommercamp-2017\/SC2179.JPG\"\n               data-thumbnail=\"http:\/\/www.karate-neuhofen.at\/wp-content\/gallery\/9-sommercamp-2017\/thumbs\/thumbs_SC2179.JPG\"\n               data-image-id=\"16285\"\n               data-title=\"SC(2179)\"\n               data-description=\"\"\n               data-image-slug=\"sc2179\"\n               class=\"shutterset_6bd4a67f62a7de13e8a03aec327a2ec6\">\n                <img\n                    title=\"SC(2179)\"\n                    alt=\"SC(2179)\"\n                    src=\"http:\/\/www.karate-neuhofen.at\/wp-content\/gallery\/9-sommercamp-2017\/thumbs\/thumbs_SC2179.JPG\"\n                    width=\"240\"\n                    height=\"160\"\n                    style=\"max-width:100%;\"\n                \/>\n            <\/a>\n        <\/div>\n\t\t\t\t\t\t\t<\/div> \n\t\t\t\n        \n\t\t\t\t<div id=\"ngg-image-401\" class=\"ngg-gallery-thumbnail-box\" >\n\t\t\t\t        <div class=\"ngg-gallery-thumbnail\">\n            <a href=\"http:\/\/www.karate-neuhofen.at\/wp-content\/gallery\/9-sommercamp-2017\/SC2180.JPG\"\n               title=\"\"\n               data-src=\"http:\/\/www.karate-neuhofen.at\/wp-content\/gallery\/9-sommercamp-2017\/SC2180.JPG\"\n               data-thumbnail=\"http:\/\/www.karate-neuhofen.at\/wp-content\/gallery\/9-sommercamp-2017\/thumbs\/thumbs_SC2180.JPG\"\n               data-image-id=\"16286\"\n               data-title=\"SC(2180)\"\n               data-description=\"\"\n               data-image-slug=\"sc2180\"\n               class=\"shutterset_6bd4a67f62a7de13e8a03aec327a2ec6\">\n                <img\n                    title=\"SC(2180)\"\n                    alt=\"SC(2180)\"\n                    src=\"http:\/\/www.karate-neuhofen.at\/wp-content\/gallery\/9-sommercamp-2017\/thumbs\/thumbs_SC2180.JPG\"\n                    width=\"240\"\n                    height=\"160\"\n                    style=\"max-width:100%;\"\n                \/>\n            <\/a>\n        <\/div>\n\t\t\t\t\t\t\t<\/div> \n\t\t\t\n        \n\t\t\t\t<div id=\"ngg-image-402\" class=\"ngg-gallery-thumbnail-box\" >\n\t\t\t\t        <div class=\"ngg-gallery-thumbnail\">\n            <a href=\"http:\/\/www.karate-neuhofen.at\/wp-content\/gallery\/9-sommercamp-2017\/SC2181.JPG\"\n               title=\"\"\n               data-src=\"http:\/\/www.karate-neuhofen.at\/wp-content\/gallery\/9-sommercamp-2017\/SC2181.JPG\"\n               data-thumbnail=\"http:\/\/www.karate-neuhofen.at\/wp-content\/gallery\/9-sommercamp-2017\/thumbs\/thumbs_SC2181.JPG\"\n               data-image-id=\"16287\"\n               data-title=\"SC(2181)\"\n               data-description=\"\"\n               data-image-slug=\"sc2181\"\n               class=\"shutterset_6bd4a67f62a7de13e8a03aec327a2ec6\">\n                <img\n                    title=\"SC(2181)\"\n                    alt=\"SC(2181)\"\n                    src=\"http:\/\/www.karate-neuhofen.at\/wp-content\/gallery\/9-sommercamp-2017\/thumbs\/thumbs_SC2181.JPG\"\n                    width=\"240\"\n                    height=\"160\"\n                    style=\"max-width:100%;\"\n                \/>\n            <\/a>\n        <\/div>\n\t\t\t\t\t\t\t<\/div> \n\t\t\t\n        \n\t\t\t\t<div id=\"ngg-image-403\" class=\"ngg-gallery-thumbnail-box\" >\n\t\t\t\t        <div class=\"ngg-gallery-thumbnail\">\n            <a href=\"http:\/\/www.karate-neuhofen.at\/wp-content\/gallery\/9-sommercamp-2017\/SC2182.JPG\"\n               title=\"\"\n               data-src=\"http:\/\/www.karate-neuhofen.at\/wp-content\/gallery\/9-sommercamp-2017\/SC2182.JPG\"\n               data-thumbnail=\"http:\/\/www.karate-neuhofen.at\/wp-content\/gallery\/9-sommercamp-2017\/thumbs\/thumbs_SC2182.JPG\"\n               data-image-id=\"16288\"\n               data-title=\"SC(2182)\"\n               data-description=\"\"\n               data-image-slug=\"sc2182\"\n               class=\"shutterset_6bd4a67f62a7de13e8a03aec327a2ec6\">\n                <img\n                    title=\"SC(2182)\"\n                    alt=\"SC(2182)\"\n                    src=\"http:\/\/www.karate-neuhofen.at\/wp-content\/gallery\/9-sommercamp-2017\/thumbs\/thumbs_SC2182.JPG\"\n                    width=\"240\"\n                    height=\"160\"\n                    style=\"max-width:100%;\"\n                \/>\n            <\/a>\n        <\/div>\n\t\t\t\t\t\t\t<\/div> \n\t\t\t\n        \n\t\t\t\t<div id=\"ngg-image-404\" class=\"ngg-gallery-thumbnail-box\" >\n\t\t\t\t        <div class=\"ngg-gallery-thumbnail\">\n            <a href=\"http:\/\/www.karate-neuhofen.at\/wp-content\/gallery\/9-sommercamp-2017\/SC2183.JPG\"\n               title=\"\"\n               data-src=\"http:\/\/www.karate-neuhofen.at\/wp-content\/gallery\/9-sommercamp-2017\/SC2183.JPG\"\n               data-thumbnail=\"http:\/\/www.karate-neuhofen.at\/wp-content\/gallery\/9-sommercamp-2017\/thumbs\/thumbs_SC2183.JPG\"\n               data-image-id=\"16289\"\n               data-title=\"SC(2183)\"\n               data-description=\"\"\n               data-image-slug=\"sc2183\"\n               class=\"shutterset_6bd4a67f62a7de13e8a03aec327a2ec6\">\n                <img\n                    title=\"SC(2183)\"\n                    alt=\"SC(2183)\"\n                    src=\"http:\/\/www.karate-neuhofen.at\/wp-content\/gallery\/9-sommercamp-2017\/thumbs\/thumbs_SC2183.JPG\"\n                    width=\"240\"\n                    height=\"160\"\n                    style=\"max-width:100%;\"\n                \/>\n            <\/a>\n        <\/div>\n\t\t\t\t\t\t\t<\/div> \n\t\t\t\n        \n\t\t\t\t<div id=\"ngg-image-405\" class=\"ngg-gallery-thumbnail-box\" >\n\t\t\t\t        <div class=\"ngg-gallery-thumbnail\">\n            <a href=\"http:\/\/www.karate-neuhofen.at\/wp-content\/gallery\/9-sommercamp-2017\/SC2184.JPG\"\n               title=\"\"\n               data-src=\"http:\/\/www.karate-neuhofen.at\/wp-content\/gallery\/9-sommercamp-2017\/SC2184.JPG\"\n               data-thumbnail=\"http:\/\/www.karate-neuhofen.at\/wp-content\/gallery\/9-sommercamp-2017\/thumbs\/thumbs_SC2184.JPG\"\n               data-image-id=\"16290\"\n               data-title=\"SC(2184)\"\n               data-description=\"\"\n               data-image-slug=\"sc2184\"\n               class=\"shutterset_6bd4a67f62a7de13e8a03aec327a2ec6\">\n                <img\n                    title=\"SC(2184)\"\n                    alt=\"SC(2184)\"\n                    src=\"http:\/\/www.karate-neuhofen.at\/wp-content\/gallery\/9-sommercamp-2017\/thumbs\/thumbs_SC2184.JPG\"\n                    width=\"240\"\n                    height=\"160\"\n                    style=\"max-width:100%;\"\n                \/>\n            <\/a>\n        <\/div>\n\t\t\t\t\t\t\t<\/div> \n\t\t\t\n        \n\t\t\t\t<div id=\"ngg-image-406\" class=\"ngg-gallery-thumbnail-box\" >\n\t\t\t\t        <div class=\"ngg-gallery-thumbnail\">\n            <a href=\"http:\/\/www.karate-neuhofen.at\/wp-content\/gallery\/9-sommercamp-2017\/SC2185.JPG\"\n               title=\"\"\n               data-src=\"http:\/\/www.karate-neuhofen.at\/wp-content\/gallery\/9-sommercamp-2017\/SC2185.JPG\"\n               data-thumbnail=\"http:\/\/www.karate-neuhofen.at\/wp-content\/gallery\/9-sommercamp-2017\/thumbs\/thumbs_SC2185.JPG\"\n               data-image-id=\"16291\"\n               data-title=\"SC(2185)\"\n               data-description=\"\"\n               data-image-slug=\"sc2185\"\n               class=\"shutterset_6bd4a67f62a7de13e8a03aec327a2ec6\">\n                <img\n                    title=\"SC(2185)\"\n                    alt=\"SC(2185)\"\n                    src=\"http:\/\/www.karate-neuhofen.at\/wp-content\/gallery\/9-sommercamp-2017\/thumbs\/thumbs_SC2185.JPG\"\n                    width=\"240\"\n                    height=\"160\"\n                    style=\"max-width:100%;\"\n                \/>\n            <\/a>\n        <\/div>\n\t\t\t\t\t\t\t<\/div> \n\t\t\t\n        \n\t\t\t\t<div id=\"ngg-image-407\" class=\"ngg-gallery-thumbnail-box\" >\n\t\t\t\t        <div class=\"ngg-gallery-thumbnail\">\n            <a href=\"http:\/\/www.karate-neuhofen.at\/wp-content\/gallery\/9-sommercamp-2017\/SC2186.JPG\"\n               title=\"\"\n               data-src=\"http:\/\/www.karate-neuhofen.at\/wp-content\/gallery\/9-sommercamp-2017\/SC2186.JPG\"\n               data-thumbnail=\"http:\/\/www.karate-neuhofen.at\/wp-content\/gallery\/9-sommercamp-2017\/thumbs\/thumbs_SC2186.JPG\"\n               data-image-id=\"16292\"\n               data-title=\"SC(2186)\"\n               data-description=\"\"\n               data-image-slug=\"sc2186\"\n               class=\"shutterset_6bd4a67f62a7de13e8a03aec327a2ec6\">\n                <img\n                    title=\"SC(2186)\"\n                    alt=\"SC(2186)\"\n                    src=\"http:\/\/www.karate-neuhofen.at\/wp-content\/gallery\/9-sommercamp-2017\/thumbs\/thumbs_SC2186.JPG\"\n                    width=\"240\"\n                    height=\"160\"\n                    style=\"max-width:100%;\"\n                \/>\n            <\/a>\n        <\/div>\n\t\t\t\t\t\t\t<\/div> \n\t\t\t\n        \n\t\t\t\t<div id=\"ngg-image-408\" class=\"ngg-gallery-thumbnail-box\" >\n\t\t\t\t        <div class=\"ngg-gallery-thumbnail\">\n            <a href=\"http:\/\/www.karate-neuhofen.at\/wp-content\/gallery\/9-sommercamp-2017\/SC2187.JPG\"\n               title=\"\"\n               data-src=\"http:\/\/www.karate-neuhofen.at\/wp-content\/gallery\/9-sommercamp-2017\/SC2187.JPG\"\n               data-thumbnail=\"http:\/\/www.karate-neuhofen.at\/wp-content\/gallery\/9-sommercamp-2017\/thumbs\/thumbs_SC2187.JPG\"\n               data-image-id=\"16293\"\n               data-title=\"SC(2187)\"\n               data-description=\"\"\n               data-image-slug=\"sc2187\"\n               class=\"shutterset_6bd4a67f62a7de13e8a03aec327a2ec6\">\n                <img\n                    title=\"SC(2187)\"\n                    alt=\"SC(2187)\"\n                    src=\"http:\/\/www.karate-neuhofen.at\/wp-content\/gallery\/9-sommercamp-2017\/thumbs\/thumbs_SC2187.JPG\"\n                    width=\"240\"\n                    height=\"160\"\n                    style=\"max-width:100%;\"\n                \/>\n            <\/a>\n        <\/div>\n\t\t\t\t\t\t\t<\/div> \n\t\t\t\n        \n\t\t\t\t<div id=\"ngg-image-409\" class=\"ngg-gallery-thumbnail-box\" >\n\t\t\t\t        <div class=\"ngg-gallery-thumbnail\">\n            <a href=\"http:\/\/www.karate-neuhofen.at\/wp-content\/gallery\/9-sommercamp-2017\/SC2188.JPG\"\n               title=\"\"\n               data-src=\"http:\/\/www.karate-neuhofen.at\/wp-content\/gallery\/9-sommercamp-2017\/SC2188.JPG\"\n               data-thumbnail=\"http:\/\/www.karate-neuhofen.at\/wp-content\/gallery\/9-sommercamp-2017\/thumbs\/thumbs_SC2188.JPG\"\n               data-image-id=\"16294\"\n               data-title=\"SC(2188)\"\n               data-description=\"\"\n               data-image-slug=\"sc2188\"\n               class=\"shutterset_6bd4a67f62a7de13e8a03aec327a2ec6\">\n                <img\n                    title=\"SC(2188)\"\n                    alt=\"SC(2188)\"\n                    src=\"http:\/\/www.karate-neuhofen.at\/wp-content\/gallery\/9-sommercamp-2017\/thumbs\/thumbs_SC2188.JPG\"\n                    width=\"240\"\n                    height=\"160\"\n                    style=\"max-width:100%;\"\n                \/>\n            <\/a>\n        <\/div>\n\t\t\t\t\t\t\t<\/div> \n\t\t\t\n        \n\t\t\t\t<div id=\"ngg-image-410\" class=\"ngg-gallery-thumbnail-box\" >\n\t\t\t\t        <div class=\"ngg-gallery-thumbnail\">\n            <a href=\"http:\/\/www.karate-neuhofen.at\/wp-content\/gallery\/9-sommercamp-2017\/SC2189.JPG\"\n               title=\"\"\n               data-src=\"http:\/\/www.karate-neuhofen.at\/wp-content\/gallery\/9-sommercamp-2017\/SC2189.JPG\"\n               data-thumbnail=\"http:\/\/www.karate-neuhofen.at\/wp-content\/gallery\/9-sommercamp-2017\/thumbs\/thumbs_SC2189.JPG\"\n               data-image-id=\"16295\"\n               data-title=\"SC(2189)\"\n               data-description=\"\"\n               data-image-slug=\"sc2189\"\n               class=\"shutterset_6bd4a67f62a7de13e8a03aec327a2ec6\">\n                <img\n                    title=\"SC(2189)\"\n                    alt=\"SC(2189)\"\n                    src=\"http:\/\/www.karate-neuhofen.at\/wp-content\/gallery\/9-sommercamp-2017\/thumbs\/thumbs_SC2189.JPG\"\n                    width=\"240\"\n                    height=\"160\"\n                    style=\"max-width:100%;\"\n                \/>\n            <\/a>\n        <\/div>\n\t\t\t\t\t\t\t<\/div> \n\t\t\t\n        \n\t\t\t\t<div id=\"ngg-image-411\" class=\"ngg-gallery-thumbnail-box\" >\n\t\t\t\t        <div class=\"ngg-gallery-thumbnail\">\n            <a href=\"http:\/\/www.karate-neuhofen.at\/wp-content\/gallery\/9-sommercamp-2017\/SC2190.JPG\"\n               title=\"\"\n               data-src=\"http:\/\/www.karate-neuhofen.at\/wp-content\/gallery\/9-sommercamp-2017\/SC2190.JPG\"\n               data-thumbnail=\"http:\/\/www.karate-neuhofen.at\/wp-content\/gallery\/9-sommercamp-2017\/thumbs\/thumbs_SC2190.JPG\"\n               data-image-id=\"16296\"\n               data-title=\"SC(2190)\"\n               data-description=\"\"\n               data-image-slug=\"sc2190\"\n               class=\"shutterset_6bd4a67f62a7de13e8a03aec327a2ec6\">\n                <img\n                    title=\"SC(2190)\"\n                    alt=\"SC(2190)\"\n                    src=\"http:\/\/www.karate-neuhofen.at\/wp-content\/gallery\/9-sommercamp-2017\/thumbs\/thumbs_SC2190.JPG\"\n                    width=\"240\"\n                    height=\"160\"\n                    style=\"max-width:100%;\"\n                \/>\n            <\/a>\n        <\/div>\n\t\t\t\t\t\t\t<\/div> \n\t\t\t\n        \n\t\t\t\t<div id=\"ngg-image-412\" class=\"ngg-gallery-thumbnail-box\" >\n\t\t\t\t        <div class=\"ngg-gallery-thumbnail\">\n            <a href=\"http:\/\/www.karate-neuhofen.at\/wp-content\/gallery\/9-sommercamp-2017\/SC2191.JPG\"\n               title=\"\"\n               data-src=\"http:\/\/www.karate-neuhofen.at\/wp-content\/gallery\/9-sommercamp-2017\/SC2191.JPG\"\n               data-thumbnail=\"http:\/\/www.karate-neuhofen.at\/wp-content\/gallery\/9-sommercamp-2017\/thumbs\/thumbs_SC2191.JPG\"\n               data-image-id=\"16297\"\n               data-title=\"SC(2191)\"\n               data-description=\"\"\n               data-image-slug=\"sc2191\"\n               class=\"shutterset_6bd4a67f62a7de13e8a03aec327a2ec6\">\n                <img\n                    title=\"SC(2191)\"\n                    alt=\"SC(2191)\"\n                    src=\"http:\/\/www.karate-neuhofen.at\/wp-content\/gallery\/9-sommercamp-2017\/thumbs\/thumbs_SC2191.JPG\"\n                    width=\"240\"\n                    height=\"160\"\n                    style=\"max-width:100%;\"\n                \/>\n            <\/a>\n        <\/div>\n\t\t\t\t\t\t\t<\/div> \n\t\t\t\n        \n\t\t\t\t<div id=\"ngg-image-413\" class=\"ngg-gallery-thumbnail-box\" >\n\t\t\t\t        <div class=\"ngg-gallery-thumbnail\">\n            <a href=\"http:\/\/www.karate-neuhofen.at\/wp-content\/gallery\/9-sommercamp-2017\/SC2192.JPG\"\n               title=\"\"\n               data-src=\"http:\/\/www.karate-neuhofen.at\/wp-content\/gallery\/9-sommercamp-2017\/SC2192.JPG\"\n               data-thumbnail=\"http:\/\/www.karate-neuhofen.at\/wp-content\/gallery\/9-sommercamp-2017\/thumbs\/thumbs_SC2192.JPG\"\n               data-image-id=\"16298\"\n               data-title=\"SC(2192)\"\n               data-description=\"\"\n               data-image-slug=\"sc2192\"\n               class=\"shutterset_6bd4a67f62a7de13e8a03aec327a2ec6\">\n                <img\n                    title=\"SC(2192)\"\n                    alt=\"SC(2192)\"\n                    src=\"http:\/\/www.karate-neuhofen.at\/wp-content\/gallery\/9-sommercamp-2017\/thumbs\/thumbs_SC2192.JPG\"\n                    width=\"240\"\n                    height=\"160\"\n                    style=\"max-width:100%;\"\n                \/>\n            <\/a>\n        <\/div>\n\t\t\t\t\t\t\t<\/div> \n\t\t\t\n        \n\t\t\t\t<div id=\"ngg-image-414\" class=\"ngg-gallery-thumbnail-box\" >\n\t\t\t\t        <div class=\"ngg-gallery-thumbnail\">\n            <a href=\"http:\/\/www.karate-neuhofen.at\/wp-content\/gallery\/9-sommercamp-2017\/SC2193.JPG\"\n               title=\"\"\n               data-src=\"http:\/\/www.karate-neuhofen.at\/wp-content\/gallery\/9-sommercamp-2017\/SC2193.JPG\"\n               data-thumbnail=\"http:\/\/www.karate-neuhofen.at\/wp-content\/gallery\/9-sommercamp-2017\/thumbs\/thumbs_SC2193.JPG\"\n               data-image-id=\"16299\"\n               data-title=\"SC(2193)\"\n               data-description=\"\"\n               data-image-slug=\"sc2193\"\n               class=\"shutterset_6bd4a67f62a7de13e8a03aec327a2ec6\">\n                <img\n                    title=\"SC(2193)\"\n                    alt=\"SC(2193)\"\n                    src=\"http:\/\/www.karate-neuhofen.at\/wp-content\/gallery\/9-sommercamp-2017\/thumbs\/thumbs_SC2193.JPG\"\n                    width=\"240\"\n                    height=\"160\"\n                    style=\"max-width:100%;\"\n                \/>\n            <\/a>\n        <\/div>\n\t\t\t\t\t\t\t<\/div> \n\t\t\t\n        \n\t\t\t\t<div id=\"ngg-image-415\" class=\"ngg-gallery-thumbnail-box\" >\n\t\t\t\t        <div class=\"ngg-gallery-thumbnail\">\n            <a href=\"http:\/\/www.karate-neuhofen.at\/wp-content\/gallery\/9-sommercamp-2017\/SC2194.JPG\"\n               title=\"\"\n               data-src=\"http:\/\/www.karate-neuhofen.at\/wp-content\/gallery\/9-sommercamp-2017\/SC2194.JPG\"\n               data-thumbnail=\"http:\/\/www.karate-neuhofen.at\/wp-content\/gallery\/9-sommercamp-2017\/thumbs\/thumbs_SC2194.JPG\"\n               data-image-id=\"16300\"\n               data-title=\"SC(2194)\"\n               data-description=\"\"\n               data-image-slug=\"sc2194\"\n               class=\"shutterset_6bd4a67f62a7de13e8a03aec327a2ec6\">\n                <img\n                    title=\"SC(2194)\"\n                    alt=\"SC(2194)\"\n                    src=\"http:\/\/www.karate-neuhofen.at\/wp-content\/gallery\/9-sommercamp-2017\/thumbs\/thumbs_SC2194.JPG\"\n                    width=\"240\"\n                    height=\"160\"\n                    style=\"max-width:100%;\"\n                \/>\n            <\/a>\n        <\/div>\n\t\t\t\t\t\t\t<\/div> \n\t\t\t\n        \n\t\t\t\t<div id=\"ngg-image-416\" class=\"ngg-gallery-thumbnail-box\" >\n\t\t\t\t        <div class=\"ngg-gallery-thumbnail\">\n            <a href=\"http:\/\/www.karate-neuhofen.at\/wp-content\/gallery\/9-sommercamp-2017\/SC2195.JPG\"\n               title=\"\"\n               data-src=\"http:\/\/www.karate-neuhofen.at\/wp-content\/gallery\/9-sommercamp-2017\/SC2195.JPG\"\n               data-thumbnail=\"http:\/\/www.karate-neuhofen.at\/wp-content\/gallery\/9-sommercamp-2017\/thumbs\/thumbs_SC2195.JPG\"\n               data-image-id=\"16301\"\n               data-title=\"SC(2195)\"\n               data-description=\"\"\n               data-image-slug=\"sc2195\"\n               class=\"shutterset_6bd4a67f62a7de13e8a03aec327a2ec6\">\n                <img\n                    title=\"SC(2195)\"\n                    alt=\"SC(2195)\"\n                    src=\"http:\/\/www.karate-neuhofen.at\/wp-content\/gallery\/9-sommercamp-2017\/thumbs\/thumbs_SC2195.JPG\"\n                    width=\"240\"\n                    height=\"160\"\n                    style=\"max-width:100%;\"\n                \/>\n            <\/a>\n        <\/div>\n\t\t\t\t\t\t\t<\/div> \n\t\t\t\n        \n\t\t\t\t<div id=\"ngg-image-417\" class=\"ngg-gallery-thumbnail-box\" >\n\t\t\t\t        <div class=\"ngg-gallery-thumbnail\">\n            <a href=\"http:\/\/www.karate-neuhofen.at\/wp-content\/gallery\/9-sommercamp-2017\/SC2196.JPG\"\n               title=\"\"\n               data-src=\"http:\/\/www.karate-neuhofen.at\/wp-content\/gallery\/9-sommercamp-2017\/SC2196.JPG\"\n               data-thumbnail=\"http:\/\/www.karate-neuhofen.at\/wp-content\/gallery\/9-sommercamp-2017\/thumbs\/thumbs_SC2196.JPG\"\n               data-image-id=\"16302\"\n               data-title=\"SC(2196)\"\n               data-description=\"\"\n               data-image-slug=\"sc2196\"\n               class=\"shutterset_6bd4a67f62a7de13e8a03aec327a2ec6\">\n                <img\n                    title=\"SC(2196)\"\n                    alt=\"SC(2196)\"\n                    src=\"http:\/\/www.karate-neuhofen.at\/wp-content\/gallery\/9-sommercamp-2017\/thumbs\/thumbs_SC2196.JPG\"\n                    width=\"240\"\n                    height=\"160\"\n                    style=\"max-width:100%;\"\n                \/>\n            <\/a>\n        <\/div>\n\t\t\t\t\t\t\t<\/div> \n\t\t\t\n        \n\t\t\t\t<div id=\"ngg-image-418\" class=\"ngg-gallery-thumbnail-box\" >\n\t\t\t\t        <div class=\"ngg-gallery-thumbnail\">\n            <a href=\"http:\/\/www.karate-neuhofen.at\/wp-content\/gallery\/9-sommercamp-2017\/SC2197.JPG\"\n               title=\"\"\n               data-src=\"http:\/\/www.karate-neuhofen.at\/wp-content\/gallery\/9-sommercamp-2017\/SC2197.JPG\"\n               data-thumbnail=\"http:\/\/www.karate-neuhofen.at\/wp-content\/gallery\/9-sommercamp-2017\/thumbs\/thumbs_SC2197.JPG\"\n               data-image-id=\"16303\"\n               data-title=\"SC(2197)\"\n               data-description=\"\"\n               data-image-slug=\"sc2197\"\n               class=\"shutterset_6bd4a67f62a7de13e8a03aec327a2ec6\">\n                <img\n                    title=\"SC(2197)\"\n                    alt=\"SC(2197)\"\n                    src=\"http:\/\/www.karate-neuhofen.at\/wp-content\/gallery\/9-sommercamp-2017\/thumbs\/thumbs_SC2197.JPG\"\n                    width=\"240\"\n                    height=\"160\"\n                    style=\"max-width:100%;\"\n                \/>\n            <\/a>\n        <\/div>\n\t\t\t\t\t\t\t<\/div> \n\t\t\t\n        \n\t\t\t\t<div id=\"ngg-image-419\" class=\"ngg-gallery-thumbnail-box\" >\n\t\t\t\t        <div class=\"ngg-gallery-thumbnail\">\n            <a href=\"http:\/\/www.karate-neuhofen.at\/wp-content\/gallery\/9-sommercamp-2017\/SC2198.JPG\"\n               title=\"\"\n               data-src=\"http:\/\/www.karate-neuhofen.at\/wp-content\/gallery\/9-sommercamp-2017\/SC2198.JPG\"\n               data-thumbnail=\"http:\/\/www.karate-neuhofen.at\/wp-content\/gallery\/9-sommercamp-2017\/thumbs\/thumbs_SC2198.JPG\"\n               data-image-id=\"16304\"\n               data-title=\"SC(2198)\"\n               data-description=\"\"\n               data-image-slug=\"sc2198\"\n               class=\"shutterset_6bd4a67f62a7de13e8a03aec327a2ec6\">\n                <img\n                    title=\"SC(2198)\"\n                    alt=\"SC(2198)\"\n                    src=\"http:\/\/www.karate-neuhofen.at\/wp-content\/gallery\/9-sommercamp-2017\/thumbs\/thumbs_SC2198.JPG\"\n                    width=\"240\"\n                    height=\"160\"\n                    style=\"max-width:100%;\"\n                \/>\n            <\/a>\n        <\/div>\n\t\t\t\t\t\t\t<\/div> \n\t\t\t\n        \n\t\t\t\t<div id=\"ngg-image-420\" class=\"ngg-gallery-thumbnail-box\" >\n\t\t\t\t        <div class=\"ngg-gallery-thumbnail\">\n            <a href=\"http:\/\/www.karate-neuhofen.at\/wp-content\/gallery\/9-sommercamp-2017\/SC2199.JPG\"\n               title=\"\"\n               data-src=\"http:\/\/www.karate-neuhofen.at\/wp-content\/gallery\/9-sommercamp-2017\/SC2199.JPG\"\n               data-thumbnail=\"http:\/\/www.karate-neuhofen.at\/wp-content\/gallery\/9-sommercamp-2017\/thumbs\/thumbs_SC2199.JPG\"\n               data-image-id=\"16305\"\n               data-title=\"SC(2199)\"\n               data-description=\"\"\n               data-image-slug=\"sc2199\"\n               class=\"shutterset_6bd4a67f62a7de13e8a03aec327a2ec6\">\n                <img\n                    title=\"SC(2199)\"\n                    alt=\"SC(2199)\"\n                    src=\"http:\/\/www.karate-neuhofen.at\/wp-content\/gallery\/9-sommercamp-2017\/thumbs\/thumbs_SC2199.JPG\"\n                    width=\"240\"\n                    height=\"160\"\n                    style=\"max-width:100%;\"\n                \/>\n            <\/a>\n        <\/div>\n\t\t\t\t\t\t\t<\/div> \n\t\t\t\n        \n\t\t\t\t<div id=\"ngg-image-421\" class=\"ngg-gallery-thumbnail-box\" >\n\t\t\t\t        <div class=\"ngg-gallery-thumbnail\">\n            <a href=\"http:\/\/www.karate-neuhofen.at\/wp-content\/gallery\/9-sommercamp-2017\/SC2200.JPG\"\n               title=\"\"\n               data-src=\"http:\/\/www.karate-neuhofen.at\/wp-content\/gallery\/9-sommercamp-2017\/SC2200.JPG\"\n               data-thumbnail=\"http:\/\/www.karate-neuhofen.at\/wp-content\/gallery\/9-sommercamp-2017\/thumbs\/thumbs_SC2200.JPG\"\n               data-image-id=\"16306\"\n               data-title=\"SC(2200)\"\n               data-description=\"\"\n               data-image-slug=\"sc2200\"\n               class=\"shutterset_6bd4a67f62a7de13e8a03aec327a2ec6\">\n                <img\n                    title=\"SC(2200)\"\n                    alt=\"SC(2200)\"\n                    src=\"http:\/\/www.karate-neuhofen.at\/wp-content\/gallery\/9-sommercamp-2017\/thumbs\/thumbs_SC2200.JPG\"\n                    width=\"240\"\n                    height=\"160\"\n                    style=\"max-width:100%;\"\n                \/>\n            <\/a>\n        <\/div>\n\t\t\t\t\t\t\t<\/div> \n\t\t\t\n        \n\t\t\t\t<div id=\"ngg-image-422\" class=\"ngg-gallery-thumbnail-box\" >\n\t\t\t\t        <div class=\"ngg-gallery-thumbnail\">\n            <a href=\"http:\/\/www.karate-neuhofen.at\/wp-content\/gallery\/9-sommercamp-2017\/SC2201.JPG\"\n               title=\"\"\n               data-src=\"http:\/\/www.karate-neuhofen.at\/wp-content\/gallery\/9-sommercamp-2017\/SC2201.JPG\"\n               data-thumbnail=\"http:\/\/www.karate-neuhofen.at\/wp-content\/gallery\/9-sommercamp-2017\/thumbs\/thumbs_SC2201.JPG\"\n               data-image-id=\"16307\"\n               data-title=\"SC(2201)\"\n               data-description=\"\"\n               data-image-slug=\"sc2201\"\n               class=\"shutterset_6bd4a67f62a7de13e8a03aec327a2ec6\">\n                <img\n                    title=\"SC(2201)\"\n                    alt=\"SC(2201)\"\n                    src=\"http:\/\/www.karate-neuhofen.at\/wp-content\/gallery\/9-sommercamp-2017\/thumbs\/thumbs_SC2201.JPG\"\n                    width=\"240\"\n                    height=\"160\"\n                    style=\"max-width:100%;\"\n                \/>\n            <\/a>\n        <\/div>\n\t\t\t\t\t\t\t<\/div> \n\t\t\t\n        \n\t\t\t\t<div id=\"ngg-image-423\" class=\"ngg-gallery-thumbnail-box\" >\n\t\t\t\t        <div class=\"ngg-gallery-thumbnail\">\n            <a href=\"http:\/\/www.karate-neuhofen.at\/wp-content\/gallery\/9-sommercamp-2017\/SC2202.JPG\"\n               title=\"\"\n               data-src=\"http:\/\/www.karate-neuhofen.at\/wp-content\/gallery\/9-sommercamp-2017\/SC2202.JPG\"\n               data-thumbnail=\"http:\/\/www.karate-neuhofen.at\/wp-content\/gallery\/9-sommercamp-2017\/thumbs\/thumbs_SC2202.JPG\"\n               data-image-id=\"16308\"\n               data-title=\"SC(2202)\"\n               data-description=\"\"\n               data-image-slug=\"sc2202\"\n               class=\"shutterset_6bd4a67f62a7de13e8a03aec327a2ec6\">\n                <img\n                    title=\"SC(2202)\"\n                    alt=\"SC(2202)\"\n                    src=\"http:\/\/www.karate-neuhofen.at\/wp-content\/gallery\/9-sommercamp-2017\/thumbs\/thumbs_SC2202.JPG\"\n                    width=\"240\"\n                    height=\"160\"\n                    style=\"max-width:100%;\"\n                \/>\n            <\/a>\n        <\/div>\n\t\t\t\t\t\t\t<\/div> \n\t\t\t\n        \n\t\t\t\t<div id=\"ngg-image-424\" class=\"ngg-gallery-thumbnail-box\" >\n\t\t\t\t        <div class=\"ngg-gallery-thumbnail\">\n            <a href=\"http:\/\/www.karate-neuhofen.at\/wp-content\/gallery\/9-sommercamp-2017\/SC2203.JPG\"\n               title=\"\"\n               data-src=\"http:\/\/www.karate-neuhofen.at\/wp-content\/gallery\/9-sommercamp-2017\/SC2203.JPG\"\n               data-thumbnail=\"http:\/\/www.karate-neuhofen.at\/wp-content\/gallery\/9-sommercamp-2017\/thumbs\/thumbs_SC2203.JPG\"\n               data-image-id=\"16309\"\n               data-title=\"SC(2203)\"\n               data-description=\"\"\n               data-image-slug=\"sc2203\"\n               class=\"shutterset_6bd4a67f62a7de13e8a03aec327a2ec6\">\n                <img\n                    title=\"SC(2203)\"\n                    alt=\"SC(2203)\"\n                    src=\"http:\/\/www.karate-neuhofen.at\/wp-content\/gallery\/9-sommercamp-2017\/thumbs\/thumbs_SC2203.JPG\"\n                    width=\"240\"\n                    height=\"160\"\n                    style=\"max-width:100%;\"\n                \/>\n            <\/a>\n        <\/div>\n\t\t\t\t\t\t\t<\/div> \n\t\t\t\n        \n\t\t\t\t<div id=\"ngg-image-425\" class=\"ngg-gallery-thumbnail-box\" >\n\t\t\t\t        <div class=\"ngg-gallery-thumbnail\">\n            <a href=\"http:\/\/www.karate-neuhofen.at\/wp-content\/gallery\/9-sommercamp-2017\/SC2204.JPG\"\n               title=\"\"\n               data-src=\"http:\/\/www.karate-neuhofen.at\/wp-content\/gallery\/9-sommercamp-2017\/SC2204.JPG\"\n               data-thumbnail=\"http:\/\/www.karate-neuhofen.at\/wp-content\/gallery\/9-sommercamp-2017\/thumbs\/thumbs_SC2204.JPG\"\n               data-image-id=\"16310\"\n               data-title=\"SC(2204)\"\n               data-description=\"\"\n               data-image-slug=\"sc2204\"\n               class=\"shutterset_6bd4a67f62a7de13e8a03aec327a2ec6\">\n                <img\n                    title=\"SC(2204)\"\n                    alt=\"SC(2204)\"\n                    src=\"http:\/\/www.karate-neuhofen.at\/wp-content\/gallery\/9-sommercamp-2017\/thumbs\/thumbs_SC2204.JPG\"\n                    width=\"240\"\n                    height=\"160\"\n                    style=\"max-width:100%;\"\n                \/>\n            <\/a>\n        <\/div>\n\t\t\t\t\t\t\t<\/div> \n\t\t\t\n        \n\t\t\t\t<div id=\"ngg-image-426\" class=\"ngg-gallery-thumbnail-box\" >\n\t\t\t\t        <div class=\"ngg-gallery-thumbnail\">\n            <a href=\"http:\/\/www.karate-neuhofen.at\/wp-content\/gallery\/9-sommercamp-2017\/SC2205.JPG\"\n               title=\"\"\n               data-src=\"http:\/\/www.karate-neuhofen.at\/wp-content\/gallery\/9-sommercamp-2017\/SC2205.JPG\"\n               data-thumbnail=\"http:\/\/www.karate-neuhofen.at\/wp-content\/gallery\/9-sommercamp-2017\/thumbs\/thumbs_SC2205.JPG\"\n               data-image-id=\"16311\"\n               data-title=\"SC(2205)\"\n               data-description=\"\"\n               data-image-slug=\"sc2205\"\n               class=\"shutterset_6bd4a67f62a7de13e8a03aec327a2ec6\">\n                <img\n                    title=\"SC(2205)\"\n                    alt=\"SC(2205)\"\n                    src=\"http:\/\/www.karate-neuhofen.at\/wp-content\/gallery\/9-sommercamp-2017\/thumbs\/thumbs_SC2205.JPG\"\n                    width=\"240\"\n                    height=\"160\"\n                    style=\"max-width:100%;\"\n                \/>\n            <\/a>\n        <\/div>\n\t\t\t\t\t\t\t<\/div> \n\t\t\t\n        \n\t\t\t\t<div id=\"ngg-image-427\" class=\"ngg-gallery-thumbnail-box\" >\n\t\t\t\t        <div class=\"ngg-gallery-thumbnail\">\n            <a href=\"http:\/\/www.karate-neuhofen.at\/wp-content\/gallery\/9-sommercamp-2017\/SC2206.JPG\"\n               title=\"\"\n               data-src=\"http:\/\/www.karate-neuhofen.at\/wp-content\/gallery\/9-sommercamp-2017\/SC2206.JPG\"\n               data-thumbnail=\"http:\/\/www.karate-neuhofen.at\/wp-content\/gallery\/9-sommercamp-2017\/thumbs\/thumbs_SC2206.JPG\"\n               data-image-id=\"16312\"\n               data-title=\"SC(2206)\"\n               data-description=\"\"\n               data-image-slug=\"sc2206\"\n               class=\"shutterset_6bd4a67f62a7de13e8a03aec327a2ec6\">\n                <img\n                    title=\"SC(2206)\"\n                    alt=\"SC(2206)\"\n                    src=\"http:\/\/www.karate-neuhofen.at\/wp-content\/gallery\/9-sommercamp-2017\/thumbs\/thumbs_SC2206.JPG\"\n                    width=\"240\"\n                    height=\"160\"\n                    style=\"max-width:100%;\"\n                \/>\n            <\/a>\n        <\/div>\n\t\t\t\t\t\t\t<\/div> \n\t\t\t\n        \n\t\t\t\t<div id=\"ngg-image-428\" class=\"ngg-gallery-thumbnail-box\" >\n\t\t\t\t        <div class=\"ngg-gallery-thumbnail\">\n            <a href=\"http:\/\/www.karate-neuhofen.at\/wp-content\/gallery\/9-sommercamp-2017\/SC2207.JPG\"\n               title=\"\"\n               data-src=\"http:\/\/www.karate-neuhofen.at\/wp-content\/gallery\/9-sommercamp-2017\/SC2207.JPG\"\n               data-thumbnail=\"http:\/\/www.karate-neuhofen.at\/wp-content\/gallery\/9-sommercamp-2017\/thumbs\/thumbs_SC2207.JPG\"\n               data-image-id=\"16313\"\n               data-title=\"SC(2207)\"\n               data-description=\"\"\n               data-image-slug=\"sc2207\"\n               class=\"shutterset_6bd4a67f62a7de13e8a03aec327a2ec6\">\n                <img\n                    title=\"SC(2207)\"\n                    alt=\"SC(2207)\"\n                    src=\"http:\/\/www.karate-neuhofen.at\/wp-content\/gallery\/9-sommercamp-2017\/thumbs\/thumbs_SC2207.JPG\"\n                    width=\"240\"\n                    height=\"160\"\n                    style=\"max-width:100%;\"\n                \/>\n            <\/a>\n        <\/div>\n\t\t\t\t\t\t\t<\/div> \n\t\t\t\n        \n\t\t\t\t<div id=\"ngg-image-429\" class=\"ngg-gallery-thumbnail-box\" >\n\t\t\t\t        <div class=\"ngg-gallery-thumbnail\">\n            <a href=\"http:\/\/www.karate-neuhofen.at\/wp-content\/gallery\/9-sommercamp-2017\/SC2208.JPG\"\n               title=\"\"\n               data-src=\"http:\/\/www.karate-neuhofen.at\/wp-content\/gallery\/9-sommercamp-2017\/SC2208.JPG\"\n               data-thumbnail=\"http:\/\/www.karate-neuhofen.at\/wp-content\/gallery\/9-sommercamp-2017\/thumbs\/thumbs_SC2208.JPG\"\n               data-image-id=\"16314\"\n               data-title=\"SC(2208)\"\n               data-description=\"\"\n               data-image-slug=\"sc2208\"\n               class=\"shutterset_6bd4a67f62a7de13e8a03aec327a2ec6\">\n                <img\n                    title=\"SC(2208)\"\n                    alt=\"SC(2208)\"\n                    src=\"http:\/\/www.karate-neuhofen.at\/wp-content\/gallery\/9-sommercamp-2017\/thumbs\/thumbs_SC2208.JPG\"\n                    width=\"240\"\n                    height=\"160\"\n                    style=\"max-width:100%;\"\n                \/>\n            <\/a>\n        <\/div>\n\t\t\t\t\t\t\t<\/div> \n\t\t\t\n        \n\t\t\t\t<div id=\"ngg-image-430\" class=\"ngg-gallery-thumbnail-box\" >\n\t\t\t\t        <div class=\"ngg-gallery-thumbnail\">\n            <a href=\"http:\/\/www.karate-neuhofen.at\/wp-content\/gallery\/9-sommercamp-2017\/SC2209.JPG\"\n               title=\"\"\n               data-src=\"http:\/\/www.karate-neuhofen.at\/wp-content\/gallery\/9-sommercamp-2017\/SC2209.JPG\"\n               data-thumbnail=\"http:\/\/www.karate-neuhofen.at\/wp-content\/gallery\/9-sommercamp-2017\/thumbs\/thumbs_SC2209.JPG\"\n               data-image-id=\"16315\"\n               data-title=\"SC(2209)\"\n               data-description=\"\"\n               data-image-slug=\"sc2209\"\n               class=\"shutterset_6bd4a67f62a7de13e8a03aec327a2ec6\">\n                <img\n                    title=\"SC(2209)\"\n                    alt=\"SC(2209)\"\n                    src=\"http:\/\/www.karate-neuhofen.at\/wp-content\/gallery\/9-sommercamp-2017\/thumbs\/thumbs_SC2209.JPG\"\n                    width=\"240\"\n                    height=\"160\"\n                    style=\"max-width:100%;\"\n                \/>\n            <\/a>\n        <\/div>\n\t\t\t\t\t\t\t<\/div> \n\t\t\t\n        \n\t\t\t\t<div id=\"ngg-image-431\" class=\"ngg-gallery-thumbnail-box\" >\n\t\t\t\t        <div class=\"ngg-gallery-thumbnail\">\n            <a href=\"http:\/\/www.karate-neuhofen.at\/wp-content\/gallery\/9-sommercamp-2017\/SC2210.JPG\"\n               title=\"\"\n               data-src=\"http:\/\/www.karate-neuhofen.at\/wp-content\/gallery\/9-sommercamp-2017\/SC2210.JPG\"\n               data-thumbnail=\"http:\/\/www.karate-neuhofen.at\/wp-content\/gallery\/9-sommercamp-2017\/thumbs\/thumbs_SC2210.JPG\"\n               data-image-id=\"16316\"\n               data-title=\"SC(2210)\"\n               data-description=\"\"\n               data-image-slug=\"sc2210\"\n               class=\"shutterset_6bd4a67f62a7de13e8a03aec327a2ec6\">\n                <img\n                    title=\"SC(2210)\"\n                    alt=\"SC(2210)\"\n                    src=\"http:\/\/www.karate-neuhofen.at\/wp-content\/gallery\/9-sommercamp-2017\/thumbs\/thumbs_SC2210.JPG\"\n                    width=\"240\"\n                    height=\"160\"\n                    style=\"max-width:100%;\"\n                \/>\n            <\/a>\n        <\/div>\n\t\t\t\t\t\t\t<\/div> \n\t\t\t\n        \n\t\t\t\t<div id=\"ngg-image-432\" class=\"ngg-gallery-thumbnail-box\" >\n\t\t\t\t        <div class=\"ngg-gallery-thumbnail\">\n            <a href=\"http:\/\/www.karate-neuhofen.at\/wp-content\/gallery\/9-sommercamp-2017\/SC2211.JPG\"\n               title=\"\"\n               data-src=\"http:\/\/www.karate-neuhofen.at\/wp-content\/gallery\/9-sommercamp-2017\/SC2211.JPG\"\n               data-thumbnail=\"http:\/\/www.karate-neuhofen.at\/wp-content\/gallery\/9-sommercamp-2017\/thumbs\/thumbs_SC2211.JPG\"\n               data-image-id=\"16317\"\n               data-title=\"SC(2211)\"\n               data-description=\"\"\n               data-image-slug=\"sc2211\"\n               class=\"shutterset_6bd4a67f62a7de13e8a03aec327a2ec6\">\n                <img\n                    title=\"SC(2211)\"\n                    alt=\"SC(2211)\"\n                    src=\"http:\/\/www.karate-neuhofen.at\/wp-content\/gallery\/9-sommercamp-2017\/thumbs\/thumbs_SC2211.JPG\"\n                    width=\"240\"\n                    height=\"160\"\n                    style=\"max-width:100%;\"\n                \/>\n            <\/a>\n        <\/div>\n\t\t\t\t\t\t\t<\/div> \n\t\t\t\n        \n\t\t\t\t<div id=\"ngg-image-433\" class=\"ngg-gallery-thumbnail-box\" >\n\t\t\t\t        <div class=\"ngg-gallery-thumbnail\">\n            <a href=\"http:\/\/www.karate-neuhofen.at\/wp-content\/gallery\/9-sommercamp-2017\/SC2212.JPG\"\n               title=\"\"\n               data-src=\"http:\/\/www.karate-neuhofen.at\/wp-content\/gallery\/9-sommercamp-2017\/SC2212.JPG\"\n               data-thumbnail=\"http:\/\/www.karate-neuhofen.at\/wp-content\/gallery\/9-sommercamp-2017\/thumbs\/thumbs_SC2212.JPG\"\n               data-image-id=\"16318\"\n               data-title=\"SC(2212)\"\n               data-description=\"\"\n               data-image-slug=\"sc2212\"\n               class=\"shutterset_6bd4a67f62a7de13e8a03aec327a2ec6\">\n                <img\n                    title=\"SC(2212)\"\n                    alt=\"SC(2212)\"\n                    src=\"http:\/\/www.karate-neuhofen.at\/wp-content\/gallery\/9-sommercamp-2017\/thumbs\/thumbs_SC2212.JPG\"\n                    width=\"240\"\n                    height=\"160\"\n                    style=\"max-width:100%;\"\n                \/>\n            <\/a>\n        <\/div>\n\t\t\t\t\t\t\t<\/div> \n\t\t\t\n        \n\t\t\t\t<div id=\"ngg-image-434\" class=\"ngg-gallery-thumbnail-box\" >\n\t\t\t\t        <div class=\"ngg-gallery-thumbnail\">\n            <a href=\"http:\/\/www.karate-neuhofen.at\/wp-content\/gallery\/9-sommercamp-2017\/SC2213.JPG\"\n               title=\"\"\n               data-src=\"http:\/\/www.karate-neuhofen.at\/wp-content\/gallery\/9-sommercamp-2017\/SC2213.JPG\"\n               data-thumbnail=\"http:\/\/www.karate-neuhofen.at\/wp-content\/gallery\/9-sommercamp-2017\/thumbs\/thumbs_SC2213.JPG\"\n               data-image-id=\"16319\"\n               data-title=\"SC(2213)\"\n               data-description=\"\"\n               data-image-slug=\"sc2213\"\n               class=\"shutterset_6bd4a67f62a7de13e8a03aec327a2ec6\">\n                <img\n                    title=\"SC(2213)\"\n                    alt=\"SC(2213)\"\n                    src=\"http:\/\/www.karate-neuhofen.at\/wp-content\/gallery\/9-sommercamp-2017\/thumbs\/thumbs_SC2213.JPG\"\n                    width=\"240\"\n                    height=\"160\"\n                    style=\"max-width:100%;\"\n                \/>\n            <\/a>\n        <\/div>\n\t\t\t\t\t\t\t<\/div> \n\t\t\t\n        \n\t\t\t\t<div id=\"ngg-image-435\" class=\"ngg-gallery-thumbnail-box\" >\n\t\t\t\t        <div class=\"ngg-gallery-thumbnail\">\n            <a href=\"http:\/\/www.karate-neuhofen.at\/wp-content\/gallery\/9-sommercamp-2017\/SC2214.JPG\"\n               title=\"\"\n               data-src=\"http:\/\/www.karate-neuhofen.at\/wp-content\/gallery\/9-sommercamp-2017\/SC2214.JPG\"\n               data-thumbnail=\"http:\/\/www.karate-neuhofen.at\/wp-content\/gallery\/9-sommercamp-2017\/thumbs\/thumbs_SC2214.JPG\"\n               data-image-id=\"16320\"\n               data-title=\"SC(2214)\"\n               data-description=\"\"\n               data-image-slug=\"sc2214\"\n               class=\"shutterset_6bd4a67f62a7de13e8a03aec327a2ec6\">\n                <img\n                    title=\"SC(2214)\"\n                    alt=\"SC(2214)\"\n                    src=\"http:\/\/www.karate-neuhofen.at\/wp-content\/gallery\/9-sommercamp-2017\/thumbs\/thumbs_SC2214.JPG\"\n                    width=\"240\"\n                    height=\"160\"\n                    style=\"max-width:100%;\"\n                \/>\n            <\/a>\n        <\/div>\n\t\t\t\t\t\t\t<\/div> \n\t\t\t\n        \n\t\t\t\t<div id=\"ngg-image-436\" class=\"ngg-gallery-thumbnail-box\" >\n\t\t\t\t        <div class=\"ngg-gallery-thumbnail\">\n            <a href=\"http:\/\/www.karate-neuhofen.at\/wp-content\/gallery\/9-sommercamp-2017\/SC2215.JPG\"\n               title=\"\"\n               data-src=\"http:\/\/www.karate-neuhofen.at\/wp-content\/gallery\/9-sommercamp-2017\/SC2215.JPG\"\n               data-thumbnail=\"http:\/\/www.karate-neuhofen.at\/wp-content\/gallery\/9-sommercamp-2017\/thumbs\/thumbs_SC2215.JPG\"\n               data-image-id=\"16321\"\n               data-title=\"SC(2215)\"\n               data-description=\"\"\n               data-image-slug=\"sc2215\"\n               class=\"shutterset_6bd4a67f62a7de13e8a03aec327a2ec6\">\n                <img\n                    title=\"SC(2215)\"\n                    alt=\"SC(2215)\"\n                    src=\"http:\/\/www.karate-neuhofen.at\/wp-content\/gallery\/9-sommercamp-2017\/thumbs\/thumbs_SC2215.JPG\"\n                    width=\"240\"\n                    height=\"160\"\n                    style=\"max-width:100%;\"\n                \/>\n            <\/a>\n        <\/div>\n\t\t\t\t\t\t\t<\/div> \n\t\t\t\n        \n\t\t\t\t<div id=\"ngg-image-437\" class=\"ngg-gallery-thumbnail-box\" >\n\t\t\t\t        <div class=\"ngg-gallery-thumbnail\">\n            <a href=\"http:\/\/www.karate-neuhofen.at\/wp-content\/gallery\/9-sommercamp-2017\/SC2216.JPG\"\n               title=\"\"\n               data-src=\"http:\/\/www.karate-neuhofen.at\/wp-content\/gallery\/9-sommercamp-2017\/SC2216.JPG\"\n               data-thumbnail=\"http:\/\/www.karate-neuhofen.at\/wp-content\/gallery\/9-sommercamp-2017\/thumbs\/thumbs_SC2216.JPG\"\n               data-image-id=\"16322\"\n               data-title=\"SC(2216)\"\n               data-description=\"\"\n               data-image-slug=\"sc2216\"\n               class=\"shutterset_6bd4a67f62a7de13e8a03aec327a2ec6\">\n                <img\n                    title=\"SC(2216)\"\n                    alt=\"SC(2216)\"\n                    src=\"http:\/\/www.karate-neuhofen.at\/wp-content\/gallery\/9-sommercamp-2017\/thumbs\/thumbs_SC2216.JPG\"\n                    width=\"240\"\n                    height=\"160\"\n                    style=\"max-width:100%;\"\n                \/>\n            <\/a>\n        <\/div>\n\t\t\t\t\t\t\t<\/div> \n\t\t\t\n        \n\t\t\t\t<div id=\"ngg-image-438\" class=\"ngg-gallery-thumbnail-box\" >\n\t\t\t\t        <div class=\"ngg-gallery-thumbnail\">\n            <a href=\"http:\/\/www.karate-neuhofen.at\/wp-content\/gallery\/9-sommercamp-2017\/SC2217.JPG\"\n               title=\"\"\n               data-src=\"http:\/\/www.karate-neuhofen.at\/wp-content\/gallery\/9-sommercamp-2017\/SC2217.JPG\"\n               data-thumbnail=\"http:\/\/www.karate-neuhofen.at\/wp-content\/gallery\/9-sommercamp-2017\/thumbs\/thumbs_SC2217.JPG\"\n               data-image-id=\"16323\"\n               data-title=\"SC(2217)\"\n               data-description=\"\"\n               data-image-slug=\"sc2217\"\n               class=\"shutterset_6bd4a67f62a7de13e8a03aec327a2ec6\">\n                <img\n                    title=\"SC(2217)\"\n                    alt=\"SC(2217)\"\n                    src=\"http:\/\/www.karate-neuhofen.at\/wp-content\/gallery\/9-sommercamp-2017\/thumbs\/thumbs_SC2217.JPG\"\n                    width=\"240\"\n                    height=\"160\"\n                    style=\"max-width:100%;\"\n                \/>\n            <\/a>\n        <\/div>\n\t\t\t\t\t\t\t<\/div> \n\t\t\t\n        \n\t\t\t\t<div id=\"ngg-image-439\" class=\"ngg-gallery-thumbnail-box\" >\n\t\t\t\t        <div class=\"ngg-gallery-thumbnail\">\n            <a href=\"http:\/\/www.karate-neuhofen.at\/wp-content\/gallery\/9-sommercamp-2017\/SC2218.JPG\"\n               title=\"\"\n               data-src=\"http:\/\/www.karate-neuhofen.at\/wp-content\/gallery\/9-sommercamp-2017\/SC2218.JPG\"\n               data-thumbnail=\"http:\/\/www.karate-neuhofen.at\/wp-content\/gallery\/9-sommercamp-2017\/thumbs\/thumbs_SC2218.JPG\"\n               data-image-id=\"16324\"\n               data-title=\"SC(2218)\"\n               data-description=\"\"\n               data-image-slug=\"sc2218\"\n               class=\"shutterset_6bd4a67f62a7de13e8a03aec327a2ec6\">\n                <img\n                    title=\"SC(2218)\"\n                    alt=\"SC(2218)\"\n                    src=\"http:\/\/www.karate-neuhofen.at\/wp-content\/gallery\/9-sommercamp-2017\/thumbs\/thumbs_SC2218.JPG\"\n                    width=\"240\"\n                    height=\"160\"\n                    style=\"max-width:100%;\"\n                \/>\n            <\/a>\n        <\/div>\n\t\t\t\t\t\t\t<\/div> \n\t\t\t\n        \n\t\t\t\t<div id=\"ngg-image-440\" class=\"ngg-gallery-thumbnail-box\" >\n\t\t\t\t        <div class=\"ngg-gallery-thumbnail\">\n            <a href=\"http:\/\/www.karate-neuhofen.at\/wp-content\/gallery\/9-sommercamp-2017\/SC2219.JPG\"\n               title=\"\"\n               data-src=\"http:\/\/www.karate-neuhofen.at\/wp-content\/gallery\/9-sommercamp-2017\/SC2219.JPG\"\n               data-thumbnail=\"http:\/\/www.karate-neuhofen.at\/wp-content\/gallery\/9-sommercamp-2017\/thumbs\/thumbs_SC2219.JPG\"\n               data-image-id=\"16325\"\n               data-title=\"SC(2219)\"\n               data-description=\"\"\n               data-image-slug=\"sc2219\"\n               class=\"shutterset_6bd4a67f62a7de13e8a03aec327a2ec6\">\n                <img\n                    title=\"SC(2219)\"\n                    alt=\"SC(2219)\"\n                    src=\"http:\/\/www.karate-neuhofen.at\/wp-content\/gallery\/9-sommercamp-2017\/thumbs\/thumbs_SC2219.JPG\"\n                    width=\"240\"\n                    height=\"160\"\n                    style=\"max-width:100%;\"\n                \/>\n            <\/a>\n        <\/div>\n\t\t\t\t\t\t\t<\/div> \n\t\t\t\n        \n\t\t\t\t<div id=\"ngg-image-441\" class=\"ngg-gallery-thumbnail-box\" >\n\t\t\t\t        <div class=\"ngg-gallery-thumbnail\">\n            <a href=\"http:\/\/www.karate-neuhofen.at\/wp-content\/gallery\/9-sommercamp-2017\/SC2220.JPG\"\n               title=\"\"\n               data-src=\"http:\/\/www.karate-neuhofen.at\/wp-content\/gallery\/9-sommercamp-2017\/SC2220.JPG\"\n               data-thumbnail=\"http:\/\/www.karate-neuhofen.at\/wp-content\/gallery\/9-sommercamp-2017\/thumbs\/thumbs_SC2220.JPG\"\n               data-image-id=\"16326\"\n               data-title=\"SC(2220)\"\n               data-description=\"\"\n               data-image-slug=\"sc2220\"\n               class=\"shutterset_6bd4a67f62a7de13e8a03aec327a2ec6\">\n                <img\n                    title=\"SC(2220)\"\n                    alt=\"SC(2220)\"\n                    src=\"http:\/\/www.karate-neuhofen.at\/wp-content\/gallery\/9-sommercamp-2017\/thumbs\/thumbs_SC2220.JPG\"\n                    width=\"240\"\n                    height=\"160\"\n                    style=\"max-width:100%;\"\n                \/>\n            <\/a>\n        <\/div>\n\t\t\t\t\t\t\t<\/div> \n\t\t\t\n        \n\t\t\t\t<div id=\"ngg-image-442\" class=\"ngg-gallery-thumbnail-box\" >\n\t\t\t\t        <div class=\"ngg-gallery-thumbnail\">\n            <a href=\"http:\/\/www.karate-neuhofen.at\/wp-content\/gallery\/9-sommercamp-2017\/SC2221.JPG\"\n               title=\"\"\n               data-src=\"http:\/\/www.karate-neuhofen.at\/wp-content\/gallery\/9-sommercamp-2017\/SC2221.JPG\"\n               data-thumbnail=\"http:\/\/www.karate-neuhofen.at\/wp-content\/gallery\/9-sommercamp-2017\/thumbs\/thumbs_SC2221.JPG\"\n               data-image-id=\"16327\"\n               data-title=\"SC(2221)\"\n               data-description=\"\"\n               data-image-slug=\"sc2221\"\n               class=\"shutterset_6bd4a67f62a7de13e8a03aec327a2ec6\">\n                <img\n                    title=\"SC(2221)\"\n                    alt=\"SC(2221)\"\n                    src=\"http:\/\/www.karate-neuhofen.at\/wp-content\/gallery\/9-sommercamp-2017\/thumbs\/thumbs_SC2221.JPG\"\n                    width=\"240\"\n                    height=\"160\"\n                    style=\"max-width:100%;\"\n                \/>\n            <\/a>\n        <\/div>\n\t\t\t\t\t\t\t<\/div> \n\t\t\t\n        \n\t\t\t\t<div id=\"ngg-image-443\" class=\"ngg-gallery-thumbnail-box\" >\n\t\t\t\t        <div class=\"ngg-gallery-thumbnail\">\n            <a href=\"http:\/\/www.karate-neuhofen.at\/wp-content\/gallery\/9-sommercamp-2017\/SC2222.JPG\"\n               title=\"\"\n               data-src=\"http:\/\/www.karate-neuhofen.at\/wp-content\/gallery\/9-sommercamp-2017\/SC2222.JPG\"\n               data-thumbnail=\"http:\/\/www.karate-neuhofen.at\/wp-content\/gallery\/9-sommercamp-2017\/thumbs\/thumbs_SC2222.JPG\"\n               data-image-id=\"16328\"\n               data-title=\"SC(2222)\"\n               data-description=\"\"\n               data-image-slug=\"sc2222\"\n               class=\"shutterset_6bd4a67f62a7de13e8a03aec327a2ec6\">\n                <img\n                    title=\"SC(2222)\"\n                    alt=\"SC(2222)\"\n                    src=\"http:\/\/www.karate-neuhofen.at\/wp-content\/gallery\/9-sommercamp-2017\/thumbs\/thumbs_SC2222.JPG\"\n                    width=\"240\"\n                    height=\"160\"\n                    style=\"max-width:100%;\"\n                \/>\n            <\/a>\n        <\/div>\n\t\t\t\t\t\t\t<\/div> \n\t\t\t\n        \n\t\t\t\t<div id=\"ngg-image-444\" class=\"ngg-gallery-thumbnail-box\" >\n\t\t\t\t        <div class=\"ngg-gallery-thumbnail\">\n            <a href=\"http:\/\/www.karate-neuhofen.at\/wp-content\/gallery\/9-sommercamp-2017\/SC2223.JPG\"\n               title=\"\"\n               data-src=\"http:\/\/www.karate-neuhofen.at\/wp-content\/gallery\/9-sommercamp-2017\/SC2223.JPG\"\n               data-thumbnail=\"http:\/\/www.karate-neuhofen.at\/wp-content\/gallery\/9-sommercamp-2017\/thumbs\/thumbs_SC2223.JPG\"\n               data-image-id=\"16329\"\n               data-title=\"SC(2223)\"\n               data-description=\"\"\n               data-image-slug=\"sc2223\"\n               class=\"shutterset_6bd4a67f62a7de13e8a03aec327a2ec6\">\n                <img\n                    title=\"SC(2223)\"\n                    alt=\"SC(2223)\"\n                    src=\"http:\/\/www.karate-neuhofen.at\/wp-content\/gallery\/9-sommercamp-2017\/thumbs\/thumbs_SC2223.JPG\"\n                    width=\"240\"\n                    height=\"160\"\n                    style=\"max-width:100%;\"\n                \/>\n            <\/a>\n        <\/div>\n\t\t\t\t\t\t\t<\/div> \n\t\t\t\n        \n\t\t\t\t<div id=\"ngg-image-445\" class=\"ngg-gallery-thumbnail-box\" >\n\t\t\t\t        <div class=\"ngg-gallery-thumbnail\">\n            <a href=\"http:\/\/www.karate-neuhofen.at\/wp-content\/gallery\/9-sommercamp-2017\/SC2224.JPG\"\n               title=\"\"\n               data-src=\"http:\/\/www.karate-neuhofen.at\/wp-content\/gallery\/9-sommercamp-2017\/SC2224.JPG\"\n               data-thumbnail=\"http:\/\/www.karate-neuhofen.at\/wp-content\/gallery\/9-sommercamp-2017\/thumbs\/thumbs_SC2224.JPG\"\n               data-image-id=\"16330\"\n               data-title=\"SC(2224)\"\n               data-description=\"\"\n               data-image-slug=\"sc2224\"\n               class=\"shutterset_6bd4a67f62a7de13e8a03aec327a2ec6\">\n                <img\n                    title=\"SC(2224)\"\n                    alt=\"SC(2224)\"\n                    src=\"http:\/\/www.karate-neuhofen.at\/wp-content\/gallery\/9-sommercamp-2017\/thumbs\/thumbs_SC2224.JPG\"\n                    width=\"240\"\n                    height=\"160\"\n                    style=\"max-width:100%;\"\n                \/>\n            <\/a>\n        <\/div>\n\t\t\t\t\t\t\t<\/div> \n\t\t\t\n        \n\t\t\t\t<div id=\"ngg-image-446\" class=\"ngg-gallery-thumbnail-box\" >\n\t\t\t\t        <div class=\"ngg-gallery-thumbnail\">\n            <a href=\"http:\/\/www.karate-neuhofen.at\/wp-content\/gallery\/9-sommercamp-2017\/SC2225.JPG\"\n               title=\"\"\n               data-src=\"http:\/\/www.karate-neuhofen.at\/wp-content\/gallery\/9-sommercamp-2017\/SC2225.JPG\"\n               data-thumbnail=\"http:\/\/www.karate-neuhofen.at\/wp-content\/gallery\/9-sommercamp-2017\/thumbs\/thumbs_SC2225.JPG\"\n               data-image-id=\"16331\"\n               data-title=\"SC(2225)\"\n               data-description=\"\"\n               data-image-slug=\"sc2225\"\n               class=\"shutterset_6bd4a67f62a7de13e8a03aec327a2ec6\">\n                <img\n                    title=\"SC(2225)\"\n                    alt=\"SC(2225)\"\n                    src=\"http:\/\/www.karate-neuhofen.at\/wp-content\/gallery\/9-sommercamp-2017\/thumbs\/thumbs_SC2225.JPG\"\n                    width=\"240\"\n                    height=\"160\"\n                    style=\"max-width:100%;\"\n                \/>\n            <\/a>\n        <\/div>\n\t\t\t\t\t\t\t<\/div> \n\t\t\t\n        \n\t\t\t\t<div id=\"ngg-image-447\" class=\"ngg-gallery-thumbnail-box\" >\n\t\t\t\t        <div class=\"ngg-gallery-thumbnail\">\n            <a href=\"http:\/\/www.karate-neuhofen.at\/wp-content\/gallery\/9-sommercamp-2017\/SC2226.JPG\"\n               title=\"\"\n               data-src=\"http:\/\/www.karate-neuhofen.at\/wp-content\/gallery\/9-sommercamp-2017\/SC2226.JPG\"\n               data-thumbnail=\"http:\/\/www.karate-neuhofen.at\/wp-content\/gallery\/9-sommercamp-2017\/thumbs\/thumbs_SC2226.JPG\"\n               data-image-id=\"16332\"\n               data-title=\"SC(2226)\"\n               data-description=\"\"\n               data-image-slug=\"sc2226\"\n               class=\"shutterset_6bd4a67f62a7de13e8a03aec327a2ec6\">\n                <img\n                    title=\"SC(2226)\"\n                    alt=\"SC(2226)\"\n                    src=\"http:\/\/www.karate-neuhofen.at\/wp-content\/gallery\/9-sommercamp-2017\/thumbs\/thumbs_SC2226.JPG\"\n                    width=\"240\"\n                    height=\"160\"\n                    style=\"max-width:100%;\"\n                \/>\n            <\/a>\n        <\/div>\n\t\t\t\t\t\t\t<\/div> \n\t\t\t\n        \n\t\t\t\t<div id=\"ngg-image-448\" class=\"ngg-gallery-thumbnail-box\" >\n\t\t\t\t        <div class=\"ngg-gallery-thumbnail\">\n            <a href=\"http:\/\/www.karate-neuhofen.at\/wp-content\/gallery\/9-sommercamp-2017\/SC2227.JPG\"\n               title=\"\"\n               data-src=\"http:\/\/www.karate-neuhofen.at\/wp-content\/gallery\/9-sommercamp-2017\/SC2227.JPG\"\n               data-thumbnail=\"http:\/\/www.karate-neuhofen.at\/wp-content\/gallery\/9-sommercamp-2017\/thumbs\/thumbs_SC2227.JPG\"\n               data-image-id=\"16333\"\n               data-title=\"SC(2227)\"\n               data-description=\"\"\n               data-image-slug=\"sc2227\"\n               class=\"shutterset_6bd4a67f62a7de13e8a03aec327a2ec6\">\n                <img\n                    title=\"SC(2227)\"\n                    alt=\"SC(2227)\"\n                    src=\"http:\/\/www.karate-neuhofen.at\/wp-content\/gallery\/9-sommercamp-2017\/thumbs\/thumbs_SC2227.JPG\"\n                    width=\"240\"\n                    height=\"160\"\n                    style=\"max-width:100%;\"\n                \/>\n            <\/a>\n        <\/div>\n\t\t\t\t\t\t\t<\/div> \n\t\t\t\n        \n\t\t\t\t<div id=\"ngg-image-449\" class=\"ngg-gallery-thumbnail-box\" >\n\t\t\t\t        <div class=\"ngg-gallery-thumbnail\">\n            <a href=\"http:\/\/www.karate-neuhofen.at\/wp-content\/gallery\/9-sommercamp-2017\/SC2228.JPG\"\n               title=\"\"\n               data-src=\"http:\/\/www.karate-neuhofen.at\/wp-content\/gallery\/9-sommercamp-2017\/SC2228.JPG\"\n               data-thumbnail=\"http:\/\/www.karate-neuhofen.at\/wp-content\/gallery\/9-sommercamp-2017\/thumbs\/thumbs_SC2228.JPG\"\n               data-image-id=\"16334\"\n               data-title=\"SC(2228)\"\n               data-description=\"\"\n               data-image-slug=\"sc2228\"\n               class=\"shutterset_6bd4a67f62a7de13e8a03aec327a2ec6\">\n                <img\n                    title=\"SC(2228)\"\n                    alt=\"SC(2228)\"\n                    src=\"http:\/\/www.karate-neuhofen.at\/wp-content\/gallery\/9-sommercamp-2017\/thumbs\/thumbs_SC2228.JPG\"\n                    width=\"240\"\n                    height=\"160\"\n                    style=\"max-width:100%;\"\n                \/>\n            <\/a>\n        <\/div>\n\t\t\t\t\t\t\t<\/div> \n\t\t\t\n        \n\t\t\t\t<div id=\"ngg-image-450\" class=\"ngg-gallery-thumbnail-box\" >\n\t\t\t\t        <div class=\"ngg-gallery-thumbnail\">\n            <a href=\"http:\/\/www.karate-neuhofen.at\/wp-content\/gallery\/9-sommercamp-2017\/SC2229.JPG\"\n               title=\"\"\n               data-src=\"http:\/\/www.karate-neuhofen.at\/wp-content\/gallery\/9-sommercamp-2017\/SC2229.JPG\"\n               data-thumbnail=\"http:\/\/www.karate-neuhofen.at\/wp-content\/gallery\/9-sommercamp-2017\/thumbs\/thumbs_SC2229.JPG\"\n               data-image-id=\"16335\"\n               data-title=\"SC(2229)\"\n               data-description=\"\"\n               data-image-slug=\"sc2229\"\n               class=\"shutterset_6bd4a67f62a7de13e8a03aec327a2ec6\">\n                <img\n                    title=\"SC(2229)\"\n                    alt=\"SC(2229)\"\n                    src=\"http:\/\/www.karate-neuhofen.at\/wp-content\/gallery\/9-sommercamp-2017\/thumbs\/thumbs_SC2229.JPG\"\n                    width=\"240\"\n                    height=\"160\"\n                    style=\"max-width:100%;\"\n                \/>\n            <\/a>\n        <\/div>\n\t\t\t\t\t\t\t<\/div> \n\t\t\t\n        \n\t\t\t\t<div id=\"ngg-image-451\" class=\"ngg-gallery-thumbnail-box\" >\n\t\t\t\t        <div class=\"ngg-gallery-thumbnail\">\n            <a href=\"http:\/\/www.karate-neuhofen.at\/wp-content\/gallery\/9-sommercamp-2017\/SC2230.JPG\"\n               title=\"\"\n               data-src=\"http:\/\/www.karate-neuhofen.at\/wp-content\/gallery\/9-sommercamp-2017\/SC2230.JPG\"\n               data-thumbnail=\"http:\/\/www.karate-neuhofen.at\/wp-content\/gallery\/9-sommercamp-2017\/thumbs\/thumbs_SC2230.JPG\"\n               data-image-id=\"16336\"\n               data-title=\"SC(2230)\"\n               data-description=\"\"\n               data-image-slug=\"sc2230\"\n               class=\"shutterset_6bd4a67f62a7de13e8a03aec327a2ec6\">\n                <img\n                    title=\"SC(2230)\"\n                    alt=\"SC(2230)\"\n                    src=\"http:\/\/www.karate-neuhofen.at\/wp-content\/gallery\/9-sommercamp-2017\/thumbs\/thumbs_SC2230.JPG\"\n                    width=\"240\"\n                    height=\"160\"\n                    style=\"max-width:100%;\"\n                \/>\n            <\/a>\n        <\/div>\n\t\t\t\t\t\t\t<\/div> \n\t\t\t\n        \n\t\t\t\t<div id=\"ngg-image-452\" class=\"ngg-gallery-thumbnail-box\" >\n\t\t\t\t        <div class=\"ngg-gallery-thumbnail\">\n            <a href=\"http:\/\/www.karate-neuhofen.at\/wp-content\/gallery\/9-sommercamp-2017\/SC2231.JPG\"\n               title=\"\"\n               data-src=\"http:\/\/www.karate-neuhofen.at\/wp-content\/gallery\/9-sommercamp-2017\/SC2231.JPG\"\n               data-thumbnail=\"http:\/\/www.karate-neuhofen.at\/wp-content\/gallery\/9-sommercamp-2017\/thumbs\/thumbs_SC2231.JPG\"\n               data-image-id=\"16337\"\n               data-title=\"SC(2231)\"\n               data-description=\"\"\n               data-image-slug=\"sc2231\"\n               class=\"shutterset_6bd4a67f62a7de13e8a03aec327a2ec6\">\n                <img\n                    title=\"SC(2231)\"\n                    alt=\"SC(2231)\"\n                    src=\"http:\/\/www.karate-neuhofen.at\/wp-content\/gallery\/9-sommercamp-2017\/thumbs\/thumbs_SC2231.JPG\"\n                    width=\"240\"\n                    height=\"160\"\n                    style=\"max-width:100%;\"\n                \/>\n            <\/a>\n        <\/div>\n\t\t\t\t\t\t\t<\/div> \n\t\t\t\n        \n\t\t\t\t<div id=\"ngg-image-453\" class=\"ngg-gallery-thumbnail-box\" >\n\t\t\t\t        <div class=\"ngg-gallery-thumbnail\">\n            <a href=\"http:\/\/www.karate-neuhofen.at\/wp-content\/gallery\/9-sommercamp-2017\/SC2232.JPG\"\n               title=\"\"\n               data-src=\"http:\/\/www.karate-neuhofen.at\/wp-content\/gallery\/9-sommercamp-2017\/SC2232.JPG\"\n               data-thumbnail=\"http:\/\/www.karate-neuhofen.at\/wp-content\/gallery\/9-sommercamp-2017\/thumbs\/thumbs_SC2232.JPG\"\n               data-image-id=\"16338\"\n               data-title=\"SC(2232)\"\n               data-description=\"\"\n               data-image-slug=\"sc2232\"\n               class=\"shutterset_6bd4a67f62a7de13e8a03aec327a2ec6\">\n                <img\n                    title=\"SC(2232)\"\n                    alt=\"SC(2232)\"\n                    src=\"http:\/\/www.karate-neuhofen.at\/wp-content\/gallery\/9-sommercamp-2017\/thumbs\/thumbs_SC2232.JPG\"\n                    width=\"240\"\n                    height=\"160\"\n                    style=\"max-width:100%;\"\n                \/>\n            <\/a>\n        <\/div>\n\t\t\t\t\t\t\t<\/div> \n\t\t\t\n        \n\t\t\t\t<div id=\"ngg-image-454\" class=\"ngg-gallery-thumbnail-box\" >\n\t\t\t\t        <div class=\"ngg-gallery-thumbnail\">\n            <a href=\"http:\/\/www.karate-neuhofen.at\/wp-content\/gallery\/9-sommercamp-2017\/SC2233.JPG\"\n               title=\"\"\n               data-src=\"http:\/\/www.karate-neuhofen.at\/wp-content\/gallery\/9-sommercamp-2017\/SC2233.JPG\"\n               data-thumbnail=\"http:\/\/www.karate-neuhofen.at\/wp-content\/gallery\/9-sommercamp-2017\/thumbs\/thumbs_SC2233.JPG\"\n               data-image-id=\"16339\"\n               data-title=\"SC(2233)\"\n               data-description=\"\"\n               data-image-slug=\"sc2233\"\n               class=\"shutterset_6bd4a67f62a7de13e8a03aec327a2ec6\">\n                <img\n                    title=\"SC(2233)\"\n                    alt=\"SC(2233)\"\n                    src=\"http:\/\/www.karate-neuhofen.at\/wp-content\/gallery\/9-sommercamp-2017\/thumbs\/thumbs_SC2233.JPG\"\n                    width=\"240\"\n                    height=\"160\"\n                    style=\"max-width:100%;\"\n                \/>\n            <\/a>\n        <\/div>\n\t\t\t\t\t\t\t<\/div> \n\t\t\t\n        \n\t\t\t\t<div id=\"ngg-image-455\" class=\"ngg-gallery-thumbnail-box\" >\n\t\t\t\t        <div class=\"ngg-gallery-thumbnail\">\n            <a href=\"http:\/\/www.karate-neuhofen.at\/wp-content\/gallery\/9-sommercamp-2017\/SC2234.JPG\"\n               title=\"\"\n               data-src=\"http:\/\/www.karate-neuhofen.at\/wp-content\/gallery\/9-sommercamp-2017\/SC2234.JPG\"\n               data-thumbnail=\"http:\/\/www.karate-neuhofen.at\/wp-content\/gallery\/9-sommercamp-2017\/thumbs\/thumbs_SC2234.JPG\"\n               data-image-id=\"16340\"\n               data-title=\"SC(2234)\"\n               data-description=\"\"\n               data-image-slug=\"sc2234\"\n               class=\"shutterset_6bd4a67f62a7de13e8a03aec327a2ec6\">\n                <img\n                    title=\"SC(2234)\"\n                    alt=\"SC(2234)\"\n                    src=\"http:\/\/www.karate-neuhofen.at\/wp-content\/gallery\/9-sommercamp-2017\/thumbs\/thumbs_SC2234.JPG\"\n                    width=\"240\"\n                    height=\"160\"\n                    style=\"max-width:100%;\"\n                \/>\n            <\/a>\n        <\/div>\n\t\t\t\t\t\t\t<\/div> \n\t\t\t\n        \n\t\t\t\t<div id=\"ngg-image-456\" class=\"ngg-gallery-thumbnail-box\" >\n\t\t\t\t        <div class=\"ngg-gallery-thumbnail\">\n            <a href=\"http:\/\/www.karate-neuhofen.at\/wp-content\/gallery\/9-sommercamp-2017\/SC2235.JPG\"\n               title=\"\"\n               data-src=\"http:\/\/www.karate-neuhofen.at\/wp-content\/gallery\/9-sommercamp-2017\/SC2235.JPG\"\n               data-thumbnail=\"http:\/\/www.karate-neuhofen.at\/wp-content\/gallery\/9-sommercamp-2017\/thumbs\/thumbs_SC2235.JPG\"\n               data-image-id=\"16341\"\n               data-title=\"SC(2235)\"\n               data-description=\"\"\n               data-image-slug=\"sc2235\"\n               class=\"shutterset_6bd4a67f62a7de13e8a03aec327a2ec6\">\n                <img\n                    title=\"SC(2235)\"\n                    alt=\"SC(2235)\"\n                    src=\"http:\/\/www.karate-neuhofen.at\/wp-content\/gallery\/9-sommercamp-2017\/thumbs\/thumbs_SC2235.JPG\"\n                    width=\"240\"\n                    height=\"160\"\n                    style=\"max-width:100%;\"\n                \/>\n            <\/a>\n        <\/div>\n\t\t\t\t\t\t\t<\/div> \n\t\t\t\n        \n\t\t\t\t<div id=\"ngg-image-457\" class=\"ngg-gallery-thumbnail-box\" >\n\t\t\t\t        <div class=\"ngg-gallery-thumbnail\">\n            <a href=\"http:\/\/www.karate-neuhofen.at\/wp-content\/gallery\/9-sommercamp-2017\/SC2236.JPG\"\n               title=\"\"\n               data-src=\"http:\/\/www.karate-neuhofen.at\/wp-content\/gallery\/9-sommercamp-2017\/SC2236.JPG\"\n               data-thumbnail=\"http:\/\/www.karate-neuhofen.at\/wp-content\/gallery\/9-sommercamp-2017\/thumbs\/thumbs_SC2236.JPG\"\n               data-image-id=\"16342\"\n               data-title=\"SC(2236)\"\n               data-description=\"\"\n               data-image-slug=\"sc2236\"\n               class=\"shutterset_6bd4a67f62a7de13e8a03aec327a2ec6\">\n                <img\n                    title=\"SC(2236)\"\n                    alt=\"SC(2236)\"\n                    src=\"http:\/\/www.karate-neuhofen.at\/wp-content\/gallery\/9-sommercamp-2017\/thumbs\/thumbs_SC2236.JPG\"\n                    width=\"240\"\n                    height=\"160\"\n                    style=\"max-width:100%;\"\n                \/>\n            <\/a>\n        <\/div>\n\t\t\t\t\t\t\t<\/div> \n\t\t\t\n        \n\t\t\t\t<div id=\"ngg-image-458\" class=\"ngg-gallery-thumbnail-box\" >\n\t\t\t\t        <div class=\"ngg-gallery-thumbnail\">\n            <a href=\"http:\/\/www.karate-neuhofen.at\/wp-content\/gallery\/9-sommercamp-2017\/SC2237.JPG\"\n               title=\"\"\n               data-src=\"http:\/\/www.karate-neuhofen.at\/wp-content\/gallery\/9-sommercamp-2017\/SC2237.JPG\"\n               data-thumbnail=\"http:\/\/www.karate-neuhofen.at\/wp-content\/gallery\/9-sommercamp-2017\/thumbs\/thumbs_SC2237.JPG\"\n               data-image-id=\"16343\"\n               data-title=\"SC(2237)\"\n               data-description=\"\"\n               data-image-slug=\"sc2237\"\n               class=\"shutterset_6bd4a67f62a7de13e8a03aec327a2ec6\">\n                <img\n                    title=\"SC(2237)\"\n                    alt=\"SC(2237)\"\n                    src=\"http:\/\/www.karate-neuhofen.at\/wp-content\/gallery\/9-sommercamp-2017\/thumbs\/thumbs_SC2237.JPG\"\n                    width=\"240\"\n                    height=\"160\"\n                    style=\"max-width:100%;\"\n                \/>\n            <\/a>\n        <\/div>\n\t\t\t\t\t\t\t<\/div> \n\t\t\t\n        \n\t\t\t\t<div id=\"ngg-image-459\" class=\"ngg-gallery-thumbnail-box\" >\n\t\t\t\t        <div class=\"ngg-gallery-thumbnail\">\n            <a href=\"http:\/\/www.karate-neuhofen.at\/wp-content\/gallery\/9-sommercamp-2017\/SC2238.JPG\"\n               title=\"\"\n               data-src=\"http:\/\/www.karate-neuhofen.at\/wp-content\/gallery\/9-sommercamp-2017\/SC2238.JPG\"\n               data-thumbnail=\"http:\/\/www.karate-neuhofen.at\/wp-content\/gallery\/9-sommercamp-2017\/thumbs\/thumbs_SC2238.JPG\"\n               data-image-id=\"16344\"\n               data-title=\"SC(2238)\"\n               data-description=\"\"\n               data-image-slug=\"sc2238\"\n               class=\"shutterset_6bd4a67f62a7de13e8a03aec327a2ec6\">\n                <img\n                    title=\"SC(2238)\"\n                    alt=\"SC(2238)\"\n                    src=\"http:\/\/www.karate-neuhofen.at\/wp-content\/gallery\/9-sommercamp-2017\/thumbs\/thumbs_SC2238.JPG\"\n                    width=\"240\"\n                    height=\"160\"\n                    style=\"max-width:100%;\"\n                \/>\n            <\/a>\n        <\/div>\n\t\t\t\t\t\t\t<\/div> \n\t\t\t\n        \n\t\t\t\t<div id=\"ngg-image-460\" class=\"ngg-gallery-thumbnail-box\" >\n\t\t\t\t        <div class=\"ngg-gallery-thumbnail\">\n            <a href=\"http:\/\/www.karate-neuhofen.at\/wp-content\/gallery\/9-sommercamp-2017\/SC2239.JPG\"\n               title=\"\"\n               data-src=\"http:\/\/www.karate-neuhofen.at\/wp-content\/gallery\/9-sommercamp-2017\/SC2239.JPG\"\n               data-thumbnail=\"http:\/\/www.karate-neuhofen.at\/wp-content\/gallery\/9-sommercamp-2017\/thumbs\/thumbs_SC2239.JPG\"\n               data-image-id=\"16345\"\n               data-title=\"SC(2239)\"\n               data-description=\"\"\n               data-image-slug=\"sc2239\"\n               class=\"shutterset_6bd4a67f62a7de13e8a03aec327a2ec6\">\n                <img\n                    title=\"SC(2239)\"\n                    alt=\"SC(2239)\"\n                    src=\"http:\/\/www.karate-neuhofen.at\/wp-content\/gallery\/9-sommercamp-2017\/thumbs\/thumbs_SC2239.JPG\"\n                    width=\"240\"\n                    height=\"160\"\n                    style=\"max-width:100%;\"\n                \/>\n            <\/a>\n        <\/div>\n\t\t\t\t\t\t\t<\/div> \n\t\t\t\n        \n\t\t\t\t<div id=\"ngg-image-461\" class=\"ngg-gallery-thumbnail-box\" >\n\t\t\t\t        <div class=\"ngg-gallery-thumbnail\">\n            <a href=\"http:\/\/www.karate-neuhofen.at\/wp-content\/gallery\/9-sommercamp-2017\/SC2240.JPG\"\n               title=\"\"\n               data-src=\"http:\/\/www.karate-neuhofen.at\/wp-content\/gallery\/9-sommercamp-2017\/SC2240.JPG\"\n               data-thumbnail=\"http:\/\/www.karate-neuhofen.at\/wp-content\/gallery\/9-sommercamp-2017\/thumbs\/thumbs_SC2240.JPG\"\n               data-image-id=\"16346\"\n               data-title=\"SC(2240)\"\n               data-description=\"\"\n               data-image-slug=\"sc2240\"\n               class=\"shutterset_6bd4a67f62a7de13e8a03aec327a2ec6\">\n                <img\n                    title=\"SC(2240)\"\n                    alt=\"SC(2240)\"\n                    src=\"http:\/\/www.karate-neuhofen.at\/wp-content\/gallery\/9-sommercamp-2017\/thumbs\/thumbs_SC2240.JPG\"\n                    width=\"240\"\n                    height=\"160\"\n                    style=\"max-width:100%;\"\n                \/>\n            <\/a>\n        <\/div>\n\t\t\t\t\t\t\t<\/div> \n\t\t\t\n        \n\t\t\t\t<div id=\"ngg-image-462\" class=\"ngg-gallery-thumbnail-box\" >\n\t\t\t\t        <div class=\"ngg-gallery-thumbnail\">\n            <a href=\"http:\/\/www.karate-neuhofen.at\/wp-content\/gallery\/9-sommercamp-2017\/SC2241.JPG\"\n               title=\"\"\n               data-src=\"http:\/\/www.karate-neuhofen.at\/wp-content\/gallery\/9-sommercamp-2017\/SC2241.JPG\"\n               data-thumbnail=\"http:\/\/www.karate-neuhofen.at\/wp-content\/gallery\/9-sommercamp-2017\/thumbs\/thumbs_SC2241.JPG\"\n               data-image-id=\"16347\"\n               data-title=\"SC(2241)\"\n               data-description=\"\"\n               data-image-slug=\"sc2241\"\n               class=\"shutterset_6bd4a67f62a7de13e8a03aec327a2ec6\">\n                <img\n                    title=\"SC(2241)\"\n                    alt=\"SC(2241)\"\n                    src=\"http:\/\/www.karate-neuhofen.at\/wp-content\/gallery\/9-sommercamp-2017\/thumbs\/thumbs_SC2241.JPG\"\n                    width=\"240\"\n                    height=\"160\"\n                    style=\"max-width:100%;\"\n                \/>\n            <\/a>\n        <\/div>\n\t\t\t\t\t\t\t<\/div> \n\t\t\t\n        \n\t\t\t\t<div id=\"ngg-image-463\" class=\"ngg-gallery-thumbnail-box\" >\n\t\t\t\t        <div class=\"ngg-gallery-thumbnail\">\n            <a href=\"http:\/\/www.karate-neuhofen.at\/wp-content\/gallery\/9-sommercamp-2017\/SC2242.JPG\"\n               title=\"\"\n               data-src=\"http:\/\/www.karate-neuhofen.at\/wp-content\/gallery\/9-sommercamp-2017\/SC2242.JPG\"\n               data-thumbnail=\"http:\/\/www.karate-neuhofen.at\/wp-content\/gallery\/9-sommercamp-2017\/thumbs\/thumbs_SC2242.JPG\"\n               data-image-id=\"16348\"\n               data-title=\"SC(2242)\"\n               data-description=\"\"\n               data-image-slug=\"sc2242\"\n               class=\"shutterset_6bd4a67f62a7de13e8a03aec327a2ec6\">\n                <img\n                    title=\"SC(2242)\"\n                    alt=\"SC(2242)\"\n                    src=\"http:\/\/www.karate-neuhofen.at\/wp-content\/gallery\/9-sommercamp-2017\/thumbs\/thumbs_SC2242.JPG\"\n                    width=\"240\"\n                    height=\"160\"\n                    style=\"max-width:100%;\"\n                \/>\n            <\/a>\n        <\/div>\n\t\t\t\t\t\t\t<\/div> \n\t\t\t\n        \n\t\t\t\t<div id=\"ngg-image-464\" class=\"ngg-gallery-thumbnail-box\" >\n\t\t\t\t        <div class=\"ngg-gallery-thumbnail\">\n            <a href=\"http:\/\/www.karate-neuhofen.at\/wp-content\/gallery\/9-sommercamp-2017\/SC2243.JPG\"\n               title=\"\"\n               data-src=\"http:\/\/www.karate-neuhofen.at\/wp-content\/gallery\/9-sommercamp-2017\/SC2243.JPG\"\n               data-thumbnail=\"http:\/\/www.karate-neuhofen.at\/wp-content\/gallery\/9-sommercamp-2017\/thumbs\/thumbs_SC2243.JPG\"\n               data-image-id=\"16349\"\n               data-title=\"SC(2243)\"\n               data-description=\"\"\n               data-image-slug=\"sc2243\"\n               class=\"shutterset_6bd4a67f62a7de13e8a03aec327a2ec6\">\n                <img\n                    title=\"SC(2243)\"\n                    alt=\"SC(2243)\"\n                    src=\"http:\/\/www.karate-neuhofen.at\/wp-content\/gallery\/9-sommercamp-2017\/thumbs\/thumbs_SC2243.JPG\"\n                    width=\"240\"\n                    height=\"160\"\n                    style=\"max-width:100%;\"\n                \/>\n            <\/a>\n        <\/div>\n\t\t\t\t\t\t\t<\/div> \n\t\t\t\n        \n\t\t\t\t<div id=\"ngg-image-465\" class=\"ngg-gallery-thumbnail-box\" >\n\t\t\t\t        <div class=\"ngg-gallery-thumbnail\">\n            <a href=\"http:\/\/www.karate-neuhofen.at\/wp-content\/gallery\/9-sommercamp-2017\/SC2244.JPG\"\n               title=\"\"\n               data-src=\"http:\/\/www.karate-neuhofen.at\/wp-content\/gallery\/9-sommercamp-2017\/SC2244.JPG\"\n               data-thumbnail=\"http:\/\/www.karate-neuhofen.at\/wp-content\/gallery\/9-sommercamp-2017\/thumbs\/thumbs_SC2244.JPG\"\n               data-image-id=\"16350\"\n               data-title=\"SC(2244)\"\n               data-description=\"\"\n               data-image-slug=\"sc2244\"\n               class=\"shutterset_6bd4a67f62a7de13e8a03aec327a2ec6\">\n                <img\n                    title=\"SC(2244)\"\n                    alt=\"SC(2244)\"\n                    src=\"http:\/\/www.karate-neuhofen.at\/wp-content\/gallery\/9-sommercamp-2017\/thumbs\/thumbs_SC2244.JPG\"\n                    width=\"240\"\n                    height=\"160\"\n                    style=\"max-width:100%;\"\n                \/>\n            <\/a>\n        <\/div>\n\t\t\t\t\t\t\t<\/div> \n\t\t\t\n        \n\t\t\t\t<div id=\"ngg-image-466\" class=\"ngg-gallery-thumbnail-box\" >\n\t\t\t\t        <div class=\"ngg-gallery-thumbnail\">\n            <a href=\"http:\/\/www.karate-neuhofen.at\/wp-content\/gallery\/9-sommercamp-2017\/SC2245.JPG\"\n               title=\"\"\n               data-src=\"http:\/\/www.karate-neuhofen.at\/wp-content\/gallery\/9-sommercamp-2017\/SC2245.JPG\"\n               data-thumbnail=\"http:\/\/www.karate-neuhofen.at\/wp-content\/gallery\/9-sommercamp-2017\/thumbs\/thumbs_SC2245.JPG\"\n               data-image-id=\"16351\"\n               data-title=\"SC(2245)\"\n               data-description=\"\"\n               data-image-slug=\"sc2245\"\n               class=\"shutterset_6bd4a67f62a7de13e8a03aec327a2ec6\">\n                <img\n                    title=\"SC(2245)\"\n                    alt=\"SC(2245)\"\n                    src=\"http:\/\/www.karate-neuhofen.at\/wp-content\/gallery\/9-sommercamp-2017\/thumbs\/thumbs_SC2245.JPG\"\n                    width=\"240\"\n                    height=\"160\"\n                    style=\"max-width:100%;\"\n                \/>\n            <\/a>\n        <\/div>\n\t\t\t\t\t\t\t<\/div> \n\t\t\t\n        \n\t\t\t\t<div id=\"ngg-image-467\" class=\"ngg-gallery-thumbnail-box\" >\n\t\t\t\t        <div class=\"ngg-gallery-thumbnail\">\n            <a href=\"http:\/\/www.karate-neuhofen.at\/wp-content\/gallery\/9-sommercamp-2017\/SC2246.JPG\"\n               title=\"\"\n               data-src=\"http:\/\/www.karate-neuhofen.at\/wp-content\/gallery\/9-sommercamp-2017\/SC2246.JPG\"\n               data-thumbnail=\"http:\/\/www.karate-neuhofen.at\/wp-content\/gallery\/9-sommercamp-2017\/thumbs\/thumbs_SC2246.JPG\"\n               data-image-id=\"16352\"\n               data-title=\"SC(2246)\"\n               data-description=\"\"\n               data-image-slug=\"sc2246\"\n               class=\"shutterset_6bd4a67f62a7de13e8a03aec327a2ec6\">\n                <img\n                    title=\"SC(2246)\"\n                    alt=\"SC(2246)\"\n                    src=\"http:\/\/www.karate-neuhofen.at\/wp-content\/gallery\/9-sommercamp-2017\/thumbs\/thumbs_SC2246.JPG\"\n                    width=\"240\"\n                    height=\"160\"\n                    style=\"max-width:100%;\"\n                \/>\n            <\/a>\n        <\/div>\n\t\t\t\t\t\t\t<\/div> \n\t\t\t\n        \n\t\t\t\t<div id=\"ngg-image-468\" class=\"ngg-gallery-thumbnail-box\" >\n\t\t\t\t        <div class=\"ngg-gallery-thumbnail\">\n            <a href=\"http:\/\/www.karate-neuhofen.at\/wp-content\/gallery\/9-sommercamp-2017\/SC2247.JPG\"\n               title=\"\"\n               data-src=\"http:\/\/www.karate-neuhofen.at\/wp-content\/gallery\/9-sommercamp-2017\/SC2247.JPG\"\n               data-thumbnail=\"http:\/\/www.karate-neuhofen.at\/wp-content\/gallery\/9-sommercamp-2017\/thumbs\/thumbs_SC2247.JPG\"\n               data-image-id=\"16353\"\n               data-title=\"SC(2247)\"\n               data-description=\"\"\n               data-image-slug=\"sc2247\"\n               class=\"shutterset_6bd4a67f62a7de13e8a03aec327a2ec6\">\n                <img\n                    title=\"SC(2247)\"\n                    alt=\"SC(2247)\"\n                    src=\"http:\/\/www.karate-neuhofen.at\/wp-content\/gallery\/9-sommercamp-2017\/thumbs\/thumbs_SC2247.JPG\"\n                    width=\"240\"\n                    height=\"160\"\n                    style=\"max-width:100%;\"\n                \/>\n            <\/a>\n        <\/div>\n\t\t\t\t\t\t\t<\/div> \n\t\t\t\n        \n\t\t\t\t<div id=\"ngg-image-469\" class=\"ngg-gallery-thumbnail-box\" >\n\t\t\t\t        <div class=\"ngg-gallery-thumbnail\">\n            <a href=\"http:\/\/www.karate-neuhofen.at\/wp-content\/gallery\/9-sommercamp-2017\/SC2248.JPG\"\n               title=\"\"\n               data-src=\"http:\/\/www.karate-neuhofen.at\/wp-content\/gallery\/9-sommercamp-2017\/SC2248.JPG\"\n               data-thumbnail=\"http:\/\/www.karate-neuhofen.at\/wp-content\/gallery\/9-sommercamp-2017\/thumbs\/thumbs_SC2248.JPG\"\n               data-image-id=\"16354\"\n               data-title=\"SC(2248)\"\n               data-description=\"\"\n               data-image-slug=\"sc2248\"\n               class=\"shutterset_6bd4a67f62a7de13e8a03aec327a2ec6\">\n                <img\n                    title=\"SC(2248)\"\n                    alt=\"SC(2248)\"\n                    src=\"http:\/\/www.karate-neuhofen.at\/wp-content\/gallery\/9-sommercamp-2017\/thumbs\/thumbs_SC2248.JPG\"\n                    width=\"240\"\n                    height=\"160\"\n                    style=\"max-width:100%;\"\n                \/>\n            <\/a>\n        <\/div>\n\t\t\t\t\t\t\t<\/div> \n\t\t\t\n        \n\t\t\t\t<div id=\"ngg-image-470\" class=\"ngg-gallery-thumbnail-box\" >\n\t\t\t\t        <div class=\"ngg-gallery-thumbnail\">\n            <a href=\"http:\/\/www.karate-neuhofen.at\/wp-content\/gallery\/9-sommercamp-2017\/SC2249.JPG\"\n               title=\"\"\n               data-src=\"http:\/\/www.karate-neuhofen.at\/wp-content\/gallery\/9-sommercamp-2017\/SC2249.JPG\"\n               data-thumbnail=\"http:\/\/www.karate-neuhofen.at\/wp-content\/gallery\/9-sommercamp-2017\/thumbs\/thumbs_SC2249.JPG\"\n               data-image-id=\"16355\"\n               data-title=\"SC(2249)\"\n               data-description=\"\"\n               data-image-slug=\"sc2249\"\n               class=\"shutterset_6bd4a67f62a7de13e8a03aec327a2ec6\">\n                <img\n                    title=\"SC(2249)\"\n                    alt=\"SC(2249)\"\n                    src=\"http:\/\/www.karate-neuhofen.at\/wp-content\/gallery\/9-sommercamp-2017\/thumbs\/thumbs_SC2249.JPG\"\n                    width=\"240\"\n                    height=\"160\"\n                    style=\"max-width:100%;\"\n                \/>\n            <\/a>\n        <\/div>\n\t\t\t\t\t\t\t<\/div> \n\t\t\t\n        \n\t\t\t\t<div id=\"ngg-image-471\" class=\"ngg-gallery-thumbnail-box\" >\n\t\t\t\t        <div class=\"ngg-gallery-thumbnail\">\n            <a href=\"http:\/\/www.karate-neuhofen.at\/wp-content\/gallery\/9-sommercamp-2017\/SC2250.JPG\"\n               title=\"\"\n               data-src=\"http:\/\/www.karate-neuhofen.at\/wp-content\/gallery\/9-sommercamp-2017\/SC2250.JPG\"\n               data-thumbnail=\"http:\/\/www.karate-neuhofen.at\/wp-content\/gallery\/9-sommercamp-2017\/thumbs\/thumbs_SC2250.JPG\"\n               data-image-id=\"16356\"\n               data-title=\"SC(2250)\"\n               data-description=\"\"\n               data-image-slug=\"sc2250\"\n               class=\"shutterset_6bd4a67f62a7de13e8a03aec327a2ec6\">\n                <img\n                    title=\"SC(2250)\"\n                    alt=\"SC(2250)\"\n                    src=\"http:\/\/www.karate-neuhofen.at\/wp-content\/gallery\/9-sommercamp-2017\/thumbs\/thumbs_SC2250.JPG\"\n                    width=\"240\"\n                    height=\"160\"\n                    style=\"max-width:100%;\"\n                \/>\n            <\/a>\n        <\/div>\n\t\t\t\t\t\t\t<\/div> \n\t\t\t\n        \n\t\t\t\t<div id=\"ngg-image-472\" class=\"ngg-gallery-thumbnail-box\" >\n\t\t\t\t        <div class=\"ngg-gallery-thumbnail\">\n            <a href=\"http:\/\/www.karate-neuhofen.at\/wp-content\/gallery\/9-sommercamp-2017\/SC2251.JPG\"\n               title=\"\"\n               data-src=\"http:\/\/www.karate-neuhofen.at\/wp-content\/gallery\/9-sommercamp-2017\/SC2251.JPG\"\n               data-thumbnail=\"http:\/\/www.karate-neuhofen.at\/wp-content\/gallery\/9-sommercamp-2017\/thumbs\/thumbs_SC2251.JPG\"\n               data-image-id=\"16357\"\n               data-title=\"SC(2251)\"\n               data-description=\"\"\n               data-image-slug=\"sc2251\"\n               class=\"shutterset_6bd4a67f62a7de13e8a03aec327a2ec6\">\n                <img\n                    title=\"SC(2251)\"\n                    alt=\"SC(2251)\"\n                    src=\"http:\/\/www.karate-neuhofen.at\/wp-content\/gallery\/9-sommercamp-2017\/thumbs\/thumbs_SC2251.JPG\"\n                    width=\"240\"\n                    height=\"160\"\n                    style=\"max-width:100%;\"\n                \/>\n            <\/a>\n        <\/div>\n\t\t\t\t\t\t\t<\/div> \n\t\t\t\n        \n\t\t\t\t<div id=\"ngg-image-473\" class=\"ngg-gallery-thumbnail-box\" >\n\t\t\t\t        <div class=\"ngg-gallery-thumbnail\">\n            <a href=\"http:\/\/www.karate-neuhofen.at\/wp-content\/gallery\/9-sommercamp-2017\/SC2252.JPG\"\n               title=\"\"\n               data-src=\"http:\/\/www.karate-neuhofen.at\/wp-content\/gallery\/9-sommercamp-2017\/SC2252.JPG\"\n               data-thumbnail=\"http:\/\/www.karate-neuhofen.at\/wp-content\/gallery\/9-sommercamp-2017\/thumbs\/thumbs_SC2252.JPG\"\n               data-image-id=\"16358\"\n               data-title=\"SC(2252)\"\n               data-description=\"\"\n               data-image-slug=\"sc2252\"\n               class=\"shutterset_6bd4a67f62a7de13e8a03aec327a2ec6\">\n                <img\n                    title=\"SC(2252)\"\n                    alt=\"SC(2252)\"\n                    src=\"http:\/\/www.karate-neuhofen.at\/wp-content\/gallery\/9-sommercamp-2017\/thumbs\/thumbs_SC2252.JPG\"\n                    width=\"240\"\n                    height=\"160\"\n                    style=\"max-width:100%;\"\n                \/>\n            <\/a>\n        <\/div>\n\t\t\t\t\t\t\t<\/div> \n\t\t\t\n        \n\t\t\t\t<div id=\"ngg-image-474\" class=\"ngg-gallery-thumbnail-box\" >\n\t\t\t\t        <div class=\"ngg-gallery-thumbnail\">\n            <a href=\"http:\/\/www.karate-neuhofen.at\/wp-content\/gallery\/9-sommercamp-2017\/SC2253.JPG\"\n               title=\"\"\n               data-src=\"http:\/\/www.karate-neuhofen.at\/wp-content\/gallery\/9-sommercamp-2017\/SC2253.JPG\"\n               data-thumbnail=\"http:\/\/www.karate-neuhofen.at\/wp-content\/gallery\/9-sommercamp-2017\/thumbs\/thumbs_SC2253.JPG\"\n               data-image-id=\"16359\"\n               data-title=\"SC(2253)\"\n               data-description=\"\"\n               data-image-slug=\"sc2253\"\n               class=\"shutterset_6bd4a67f62a7de13e8a03aec327a2ec6\">\n                <img\n                    title=\"SC(2253)\"\n                    alt=\"SC(2253)\"\n                    src=\"http:\/\/www.karate-neuhofen.at\/wp-content\/gallery\/9-sommercamp-2017\/thumbs\/thumbs_SC2253.JPG\"\n                    width=\"240\"\n                    height=\"160\"\n                    style=\"max-width:100%;\"\n                \/>\n            <\/a>\n        <\/div>\n\t\t\t\t\t\t\t<\/div> \n\t\t\t\n        \n\t\t\t\t<div id=\"ngg-image-475\" class=\"ngg-gallery-thumbnail-box\" >\n\t\t\t\t        <div class=\"ngg-gallery-thumbnail\">\n            <a href=\"http:\/\/www.karate-neuhofen.at\/wp-content\/gallery\/9-sommercamp-2017\/SC2254.JPG\"\n               title=\"\"\n               data-src=\"http:\/\/www.karate-neuhofen.at\/wp-content\/gallery\/9-sommercamp-2017\/SC2254.JPG\"\n               data-thumbnail=\"http:\/\/www.karate-neuhofen.at\/wp-content\/gallery\/9-sommercamp-2017\/thumbs\/thumbs_SC2254.JPG\"\n               data-image-id=\"16360\"\n               data-title=\"SC(2254)\"\n               data-description=\"\"\n               data-image-slug=\"sc2254\"\n               class=\"shutterset_6bd4a67f62a7de13e8a03aec327a2ec6\">\n                <img\n                    title=\"SC(2254)\"\n                    alt=\"SC(2254)\"\n                    src=\"http:\/\/www.karate-neuhofen.at\/wp-content\/gallery\/9-sommercamp-2017\/thumbs\/thumbs_SC2254.JPG\"\n                    width=\"240\"\n                    height=\"160\"\n                    style=\"max-width:100%;\"\n                \/>\n            <\/a>\n        <\/div>\n\t\t\t\t\t\t\t<\/div> \n\t\t\t\n        \n\t\t\t\t<div id=\"ngg-image-476\" class=\"ngg-gallery-thumbnail-box\" >\n\t\t\t\t        <div class=\"ngg-gallery-thumbnail\">\n            <a href=\"http:\/\/www.karate-neuhofen.at\/wp-content\/gallery\/9-sommercamp-2017\/SC2255.JPG\"\n               title=\"\"\n               data-src=\"http:\/\/www.karate-neuhofen.at\/wp-content\/gallery\/9-sommercamp-2017\/SC2255.JPG\"\n               data-thumbnail=\"http:\/\/www.karate-neuhofen.at\/wp-content\/gallery\/9-sommercamp-2017\/thumbs\/thumbs_SC2255.JPG\"\n               data-image-id=\"16361\"\n               data-title=\"SC(2255)\"\n               data-description=\"\"\n               data-image-slug=\"sc2255\"\n               class=\"shutterset_6bd4a67f62a7de13e8a03aec327a2ec6\">\n                <img\n                    title=\"SC(2255)\"\n                    alt=\"SC(2255)\"\n                    src=\"http:\/\/www.karate-neuhofen.at\/wp-content\/gallery\/9-sommercamp-2017\/thumbs\/thumbs_SC2255.JPG\"\n                    width=\"240\"\n                    height=\"160\"\n                    style=\"max-width:100%;\"\n                \/>\n            <\/a>\n        <\/div>\n\t\t\t\t\t\t\t<\/div> \n\t\t\t\n        \n\t\t\t\t<div id=\"ngg-image-477\" class=\"ngg-gallery-thumbnail-box\" >\n\t\t\t\t        <div class=\"ngg-gallery-thumbnail\">\n            <a href=\"http:\/\/www.karate-neuhofen.at\/wp-content\/gallery\/9-sommercamp-2017\/SC2256.JPG\"\n               title=\"\"\n               data-src=\"http:\/\/www.karate-neuhofen.at\/wp-content\/gallery\/9-sommercamp-2017\/SC2256.JPG\"\n               data-thumbnail=\"http:\/\/www.karate-neuhofen.at\/wp-content\/gallery\/9-sommercamp-2017\/thumbs\/thumbs_SC2256.JPG\"\n               data-image-id=\"16362\"\n               data-title=\"SC(2256)\"\n               data-description=\"\"\n               data-image-slug=\"sc2256\"\n               class=\"shutterset_6bd4a67f62a7de13e8a03aec327a2ec6\">\n                <img\n                    title=\"SC(2256)\"\n                    alt=\"SC(2256)\"\n                    src=\"http:\/\/www.karate-neuhofen.at\/wp-content\/gallery\/9-sommercamp-2017\/thumbs\/thumbs_SC2256.JPG\"\n                    width=\"240\"\n                    height=\"160\"\n                    style=\"max-width:100%;\"\n                \/>\n            <\/a>\n        <\/div>\n\t\t\t\t\t\t\t<\/div> \n\t\t\t\n        \n\t\t\t\t<div id=\"ngg-image-478\" class=\"ngg-gallery-thumbnail-box\" >\n\t\t\t\t        <div class=\"ngg-gallery-thumbnail\">\n            <a href=\"http:\/\/www.karate-neuhofen.at\/wp-content\/gallery\/9-sommercamp-2017\/SC2257.JPG\"\n               title=\"\"\n               data-src=\"http:\/\/www.karate-neuhofen.at\/wp-content\/gallery\/9-sommercamp-2017\/SC2257.JPG\"\n               data-thumbnail=\"http:\/\/www.karate-neuhofen.at\/wp-content\/gallery\/9-sommercamp-2017\/thumbs\/thumbs_SC2257.JPG\"\n               data-image-id=\"16363\"\n               data-title=\"SC(2257)\"\n               data-description=\"\"\n               data-image-slug=\"sc2257\"\n               class=\"shutterset_6bd4a67f62a7de13e8a03aec327a2ec6\">\n                <img\n                    title=\"SC(2257)\"\n                    alt=\"SC(2257)\"\n                    src=\"http:\/\/www.karate-neuhofen.at\/wp-content\/gallery\/9-sommercamp-2017\/thumbs\/thumbs_SC2257.JPG\"\n                    width=\"240\"\n                    height=\"160\"\n                    style=\"max-width:100%;\"\n                \/>\n            <\/a>\n        <\/div>\n\t\t\t\t\t\t\t<\/div> \n\t\t\t\n        \n\t\t\t\t<div id=\"ngg-image-479\" class=\"ngg-gallery-thumbnail-box\" >\n\t\t\t\t        <div class=\"ngg-gallery-thumbnail\">\n            <a href=\"http:\/\/www.karate-neuhofen.at\/wp-content\/gallery\/9-sommercamp-2017\/SC2258.JPG\"\n               title=\"\"\n               data-src=\"http:\/\/www.karate-neuhofen.at\/wp-content\/gallery\/9-sommercamp-2017\/SC2258.JPG\"\n               data-thumbnail=\"http:\/\/www.karate-neuhofen.at\/wp-content\/gallery\/9-sommercamp-2017\/thumbs\/thumbs_SC2258.JPG\"\n               data-image-id=\"16364\"\n               data-title=\"SC(2258)\"\n               data-description=\"\"\n               data-image-slug=\"sc2258\"\n               class=\"shutterset_6bd4a67f62a7de13e8a03aec327a2ec6\">\n                <img\n                    title=\"SC(2258)\"\n                    alt=\"SC(2258)\"\n                    src=\"http:\/\/www.karate-neuhofen.at\/wp-content\/gallery\/9-sommercamp-2017\/thumbs\/thumbs_SC2258.JPG\"\n                    width=\"240\"\n                    height=\"160\"\n                    style=\"max-width:100%;\"\n                \/>\n            <\/a>\n        <\/div>\n\t\t\t\t\t\t\t<\/div> \n\t\t\t\n        \n\t\t\t\t<div id=\"ngg-image-480\" class=\"ngg-gallery-thumbnail-box\" >\n\t\t\t\t        <div class=\"ngg-gallery-thumbnail\">\n            <a href=\"http:\/\/www.karate-neuhofen.at\/wp-content\/gallery\/9-sommercamp-2017\/SC2259.JPG\"\n               title=\"\"\n               data-src=\"http:\/\/www.karate-neuhofen.at\/wp-content\/gallery\/9-sommercamp-2017\/SC2259.JPG\"\n               data-thumbnail=\"http:\/\/www.karate-neuhofen.at\/wp-content\/gallery\/9-sommercamp-2017\/thumbs\/thumbs_SC2259.JPG\"\n               data-image-id=\"16365\"\n               data-title=\"SC(2259)\"\n               data-description=\"\"\n               data-image-slug=\"sc2259\"\n               class=\"shutterset_6bd4a67f62a7de13e8a03aec327a2ec6\">\n                <img\n                    title=\"SC(2259)\"\n                    alt=\"SC(2259)\"\n                    src=\"http:\/\/www.karate-neuhofen.at\/wp-content\/gallery\/9-sommercamp-2017\/thumbs\/thumbs_SC2259.JPG\"\n                    width=\"240\"\n                    height=\"160\"\n                    style=\"max-width:100%;\"\n                \/>\n            <\/a>\n        <\/div>\n\t\t\t\t\t\t\t<\/div> \n\t\t\t\n        \n\t\t\t\t<div id=\"ngg-image-481\" class=\"ngg-gallery-thumbnail-box\" >\n\t\t\t\t        <div class=\"ngg-gallery-thumbnail\">\n            <a href=\"http:\/\/www.karate-neuhofen.at\/wp-content\/gallery\/9-sommercamp-2017\/SC2260.JPG\"\n               title=\"\"\n               data-src=\"http:\/\/www.karate-neuhofen.at\/wp-content\/gallery\/9-sommercamp-2017\/SC2260.JPG\"\n               data-thumbnail=\"http:\/\/www.karate-neuhofen.at\/wp-content\/gallery\/9-sommercamp-2017\/thumbs\/thumbs_SC2260.JPG\"\n               data-image-id=\"16366\"\n               data-title=\"SC(2260)\"\n               data-description=\"\"\n               data-image-slug=\"sc2260\"\n               class=\"shutterset_6bd4a67f62a7de13e8a03aec327a2ec6\">\n                <img\n                    title=\"SC(2260)\"\n                    alt=\"SC(2260)\"\n                    src=\"http:\/\/www.karate-neuhofen.at\/wp-content\/gallery\/9-sommercamp-2017\/thumbs\/thumbs_SC2260.JPG\"\n                    width=\"240\"\n                    height=\"160\"\n                    style=\"max-width:100%;\"\n                \/>\n            <\/a>\n        <\/div>\n\t\t\t\t\t\t\t<\/div> \n\t\t\t\n        \n\t\t\t\t<div id=\"ngg-image-482\" class=\"ngg-gallery-thumbnail-box\" >\n\t\t\t\t        <div class=\"ngg-gallery-thumbnail\">\n            <a href=\"http:\/\/www.karate-neuhofen.at\/wp-content\/gallery\/9-sommercamp-2017\/SC2261.JPG\"\n               title=\"\"\n               data-src=\"http:\/\/www.karate-neuhofen.at\/wp-content\/gallery\/9-sommercamp-2017\/SC2261.JPG\"\n               data-thumbnail=\"http:\/\/www.karate-neuhofen.at\/wp-content\/gallery\/9-sommercamp-2017\/thumbs\/thumbs_SC2261.JPG\"\n               data-image-id=\"16367\"\n               data-title=\"SC(2261)\"\n               data-description=\"\"\n               data-image-slug=\"sc2261\"\n               class=\"shutterset_6bd4a67f62a7de13e8a03aec327a2ec6\">\n                <img\n                    title=\"SC(2261)\"\n                    alt=\"SC(2261)\"\n                    src=\"http:\/\/www.karate-neuhofen.at\/wp-content\/gallery\/9-sommercamp-2017\/thumbs\/thumbs_SC2261.JPG\"\n                    width=\"240\"\n                    height=\"160\"\n                    style=\"max-width:100%;\"\n                \/>\n            <\/a>\n        <\/div>\n\t\t\t\t\t\t\t<\/div> \n\t\t\t\n        \n\t\t\t\t<div id=\"ngg-image-483\" class=\"ngg-gallery-thumbnail-box\" >\n\t\t\t\t        <div class=\"ngg-gallery-thumbnail\">\n            <a href=\"http:\/\/www.karate-neuhofen.at\/wp-content\/gallery\/9-sommercamp-2017\/SC2262.JPG\"\n               title=\"\"\n               data-src=\"http:\/\/www.karate-neuhofen.at\/wp-content\/gallery\/9-sommercamp-2017\/SC2262.JPG\"\n               data-thumbnail=\"http:\/\/www.karate-neuhofen.at\/wp-content\/gallery\/9-sommercamp-2017\/thumbs\/thumbs_SC2262.JPG\"\n               data-image-id=\"16368\"\n               data-title=\"SC(2262)\"\n               data-description=\"\"\n               data-image-slug=\"sc2262\"\n               class=\"shutterset_6bd4a67f62a7de13e8a03aec327a2ec6\">\n                <img\n                    title=\"SC(2262)\"\n                    alt=\"SC(2262)\"\n                    src=\"http:\/\/www.karate-neuhofen.at\/wp-content\/gallery\/9-sommercamp-2017\/thumbs\/thumbs_SC2262.JPG\"\n                    width=\"240\"\n                    height=\"160\"\n                    style=\"max-width:100%;\"\n                \/>\n            <\/a>\n        <\/div>\n\t\t\t\t\t\t\t<\/div> \n\t\t\t\n        \n\t\t\t\t<div id=\"ngg-image-484\" class=\"ngg-gallery-thumbnail-box\" >\n\t\t\t\t        <div class=\"ngg-gallery-thumbnail\">\n            <a href=\"http:\/\/www.karate-neuhofen.at\/wp-content\/gallery\/9-sommercamp-2017\/SC2263.JPG\"\n               title=\"\"\n               data-src=\"http:\/\/www.karate-neuhofen.at\/wp-content\/gallery\/9-sommercamp-2017\/SC2263.JPG\"\n               data-thumbnail=\"http:\/\/www.karate-neuhofen.at\/wp-content\/gallery\/9-sommercamp-2017\/thumbs\/thumbs_SC2263.JPG\"\n               data-image-id=\"16369\"\n               data-title=\"SC(2263)\"\n               data-description=\"\"\n               data-image-slug=\"sc2263\"\n               class=\"shutterset_6bd4a67f62a7de13e8a03aec327a2ec6\">\n                <img\n                    title=\"SC(2263)\"\n                    alt=\"SC(2263)\"\n                    src=\"http:\/\/www.karate-neuhofen.at\/wp-content\/gallery\/9-sommercamp-2017\/thumbs\/thumbs_SC2263.JPG\"\n                    width=\"240\"\n                    height=\"160\"\n                    style=\"max-width:100%;\"\n                \/>\n            <\/a>\n        <\/div>\n\t\t\t\t\t\t\t<\/div> \n\t\t\t\n        \n\t\t\t\t<div id=\"ngg-image-485\" class=\"ngg-gallery-thumbnail-box\" >\n\t\t\t\t        <div class=\"ngg-gallery-thumbnail\">\n            <a href=\"http:\/\/www.karate-neuhofen.at\/wp-content\/gallery\/9-sommercamp-2017\/SC2264.JPG\"\n               title=\"\"\n               data-src=\"http:\/\/www.karate-neuhofen.at\/wp-content\/gallery\/9-sommercamp-2017\/SC2264.JPG\"\n               data-thumbnail=\"http:\/\/www.karate-neuhofen.at\/wp-content\/gallery\/9-sommercamp-2017\/thumbs\/thumbs_SC2264.JPG\"\n               data-image-id=\"16370\"\n               data-title=\"SC(2264)\"\n               data-description=\"\"\n               data-image-slug=\"sc2264\"\n               class=\"shutterset_6bd4a67f62a7de13e8a03aec327a2ec6\">\n                <img\n                    title=\"SC(2264)\"\n                    alt=\"SC(2264)\"\n                    src=\"http:\/\/www.karate-neuhofen.at\/wp-content\/gallery\/9-sommercamp-2017\/thumbs\/thumbs_SC2264.JPG\"\n                    width=\"240\"\n                    height=\"160\"\n                    style=\"max-width:100%;\"\n                \/>\n            <\/a>\n        <\/div>\n\t\t\t\t\t\t\t<\/div> \n\t\t\t\n        \n\t\t\t\t<div id=\"ngg-image-486\" class=\"ngg-gallery-thumbnail-box\" >\n\t\t\t\t        <div class=\"ngg-gallery-thumbnail\">\n            <a href=\"http:\/\/www.karate-neuhofen.at\/wp-content\/gallery\/9-sommercamp-2017\/SC2265.JPG\"\n               title=\"\"\n               data-src=\"http:\/\/www.karate-neuhofen.at\/wp-content\/gallery\/9-sommercamp-2017\/SC2265.JPG\"\n               data-thumbnail=\"http:\/\/www.karate-neuhofen.at\/wp-content\/gallery\/9-sommercamp-2017\/thumbs\/thumbs_SC2265.JPG\"\n               data-image-id=\"16371\"\n               data-title=\"SC(2265)\"\n               data-description=\"\"\n               data-image-slug=\"sc2265\"\n               class=\"shutterset_6bd4a67f62a7de13e8a03aec327a2ec6\">\n                <img\n                    title=\"SC(2265)\"\n                    alt=\"SC(2265)\"\n                    src=\"http:\/\/www.karate-neuhofen.at\/wp-content\/gallery\/9-sommercamp-2017\/thumbs\/thumbs_SC2265.JPG\"\n                    width=\"240\"\n                    height=\"160\"\n                    style=\"max-width:100%;\"\n                \/>\n            <\/a>\n        <\/div>\n\t\t\t\t\t\t\t<\/div> \n\t\t\t\n        \n\t\t\t\t<div id=\"ngg-image-487\" class=\"ngg-gallery-thumbnail-box\" >\n\t\t\t\t        <div class=\"ngg-gallery-thumbnail\">\n            <a href=\"http:\/\/www.karate-neuhofen.at\/wp-content\/gallery\/9-sommercamp-2017\/SC2266.JPG\"\n               title=\"\"\n               data-src=\"http:\/\/www.karate-neuhofen.at\/wp-content\/gallery\/9-sommercamp-2017\/SC2266.JPG\"\n               data-thumbnail=\"http:\/\/www.karate-neuhofen.at\/wp-content\/gallery\/9-sommercamp-2017\/thumbs\/thumbs_SC2266.JPG\"\n               data-image-id=\"16372\"\n               data-title=\"SC(2266)\"\n               data-description=\"\"\n               data-image-slug=\"sc2266\"\n               class=\"shutterset_6bd4a67f62a7de13e8a03aec327a2ec6\">\n                <img\n                    title=\"SC(2266)\"\n                    alt=\"SC(2266)\"\n                    src=\"http:\/\/www.karate-neuhofen.at\/wp-content\/gallery\/9-sommercamp-2017\/thumbs\/thumbs_SC2266.JPG\"\n                    width=\"240\"\n                    height=\"160\"\n                    style=\"max-width:100%;\"\n                \/>\n            <\/a>\n        <\/div>\n\t\t\t\t\t\t\t<\/div> \n\t\t\t\n        \n\t\t\t\t<div id=\"ngg-image-488\" class=\"ngg-gallery-thumbnail-box\" >\n\t\t\t\t        <div class=\"ngg-gallery-thumbnail\">\n            <a href=\"http:\/\/www.karate-neuhofen.at\/wp-content\/gallery\/9-sommercamp-2017\/SC2267.JPG\"\n               title=\"\"\n               data-src=\"http:\/\/www.karate-neuhofen.at\/wp-content\/gallery\/9-sommercamp-2017\/SC2267.JPG\"\n               data-thumbnail=\"http:\/\/www.karate-neuhofen.at\/wp-content\/gallery\/9-sommercamp-2017\/thumbs\/thumbs_SC2267.JPG\"\n               data-image-id=\"16373\"\n               data-title=\"SC(2267)\"\n               data-description=\"\"\n               data-image-slug=\"sc2267\"\n               class=\"shutterset_6bd4a67f62a7de13e8a03aec327a2ec6\">\n                <img\n                    title=\"SC(2267)\"\n                    alt=\"SC(2267)\"\n                    src=\"http:\/\/www.karate-neuhofen.at\/wp-content\/gallery\/9-sommercamp-2017\/thumbs\/thumbs_SC2267.JPG\"\n                    width=\"240\"\n                    height=\"160\"\n                    style=\"max-width:100%;\"\n                \/>\n            <\/a>\n        <\/div>\n\t\t\t\t\t\t\t<\/div> \n\t\t\t\n        \n\t\t\t\t<div id=\"ngg-image-489\" class=\"ngg-gallery-thumbnail-box\" >\n\t\t\t\t        <div class=\"ngg-gallery-thumbnail\">\n            <a href=\"http:\/\/www.karate-neuhofen.at\/wp-content\/gallery\/9-sommercamp-2017\/SC2268.JPG\"\n               title=\"\"\n               data-src=\"http:\/\/www.karate-neuhofen.at\/wp-content\/gallery\/9-sommercamp-2017\/SC2268.JPG\"\n               data-thumbnail=\"http:\/\/www.karate-neuhofen.at\/wp-content\/gallery\/9-sommercamp-2017\/thumbs\/thumbs_SC2268.JPG\"\n               data-image-id=\"16374\"\n               data-title=\"SC(2268)\"\n               data-description=\"\"\n               data-image-slug=\"sc2268\"\n               class=\"shutterset_6bd4a67f62a7de13e8a03aec327a2ec6\">\n                <img\n                    title=\"SC(2268)\"\n                    alt=\"SC(2268)\"\n                    src=\"http:\/\/www.karate-neuhofen.at\/wp-content\/gallery\/9-sommercamp-2017\/thumbs\/thumbs_SC2268.JPG\"\n                    width=\"240\"\n                    height=\"160\"\n                    style=\"max-width:100%;\"\n                \/>\n            <\/a>\n        <\/div>\n\t\t\t\t\t\t\t<\/div> \n\t\t\t\n        \n\t\t\t\t<div id=\"ngg-image-490\" class=\"ngg-gallery-thumbnail-box\" >\n\t\t\t\t        <div class=\"ngg-gallery-thumbnail\">\n            <a href=\"http:\/\/www.karate-neuhofen.at\/wp-content\/gallery\/9-sommercamp-2017\/SC2269.JPG\"\n               title=\"\"\n               data-src=\"http:\/\/www.karate-neuhofen.at\/wp-content\/gallery\/9-sommercamp-2017\/SC2269.JPG\"\n               data-thumbnail=\"http:\/\/www.karate-neuhofen.at\/wp-content\/gallery\/9-sommercamp-2017\/thumbs\/thumbs_SC2269.JPG\"\n               data-image-id=\"16375\"\n               data-title=\"SC(2269)\"\n               data-description=\"\"\n               data-image-slug=\"sc2269\"\n               class=\"shutterset_6bd4a67f62a7de13e8a03aec327a2ec6\">\n                <img\n                    title=\"SC(2269)\"\n                    alt=\"SC(2269)\"\n                    src=\"http:\/\/www.karate-neuhofen.at\/wp-content\/gallery\/9-sommercamp-2017\/thumbs\/thumbs_SC2269.JPG\"\n                    width=\"240\"\n                    height=\"160\"\n                    style=\"max-width:100%;\"\n                \/>\n            <\/a>\n        <\/div>\n\t\t\t\t\t\t\t<\/div> \n\t\t\t\n        \n\t\t\t\t<div id=\"ngg-image-491\" class=\"ngg-gallery-thumbnail-box\" >\n\t\t\t\t        <div class=\"ngg-gallery-thumbnail\">\n            <a href=\"http:\/\/www.karate-neuhofen.at\/wp-content\/gallery\/9-sommercamp-2017\/SC2270.JPG\"\n               title=\"\"\n               data-src=\"http:\/\/www.karate-neuhofen.at\/wp-content\/gallery\/9-sommercamp-2017\/SC2270.JPG\"\n               data-thumbnail=\"http:\/\/www.karate-neuhofen.at\/wp-content\/gallery\/9-sommercamp-2017\/thumbs\/thumbs_SC2270.JPG\"\n               data-image-id=\"16376\"\n               data-title=\"SC(2270)\"\n               data-description=\"\"\n               data-image-slug=\"sc2270\"\n               class=\"shutterset_6bd4a67f62a7de13e8a03aec327a2ec6\">\n                <img\n                    title=\"SC(2270)\"\n                    alt=\"SC(2270)\"\n                    src=\"http:\/\/www.karate-neuhofen.at\/wp-content\/gallery\/9-sommercamp-2017\/thumbs\/thumbs_SC2270.JPG\"\n                    width=\"240\"\n                    height=\"160\"\n                    style=\"max-width:100%;\"\n                \/>\n            <\/a>\n        <\/div>\n\t\t\t\t\t\t\t<\/div> \n\t\t\t\n        \n\t\t\t\t<div id=\"ngg-image-492\" class=\"ngg-gallery-thumbnail-box\" >\n\t\t\t\t        <div class=\"ngg-gallery-thumbnail\">\n            <a href=\"http:\/\/www.karate-neuhofen.at\/wp-content\/gallery\/9-sommercamp-2017\/SC2271.JPG\"\n               title=\"\"\n               data-src=\"http:\/\/www.karate-neuhofen.at\/wp-content\/gallery\/9-sommercamp-2017\/SC2271.JPG\"\n               data-thumbnail=\"http:\/\/www.karate-neuhofen.at\/wp-content\/gallery\/9-sommercamp-2017\/thumbs\/thumbs_SC2271.JPG\"\n               data-image-id=\"16377\"\n               data-title=\"SC(2271)\"\n               data-description=\"\"\n               data-image-slug=\"sc2271\"\n               class=\"shutterset_6bd4a67f62a7de13e8a03aec327a2ec6\">\n                <img\n                    title=\"SC(2271)\"\n                    alt=\"SC(2271)\"\n                    src=\"http:\/\/www.karate-neuhofen.at\/wp-content\/gallery\/9-sommercamp-2017\/thumbs\/thumbs_SC2271.JPG\"\n                    width=\"240\"\n                    height=\"160\"\n                    style=\"max-width:100%;\"\n                \/>\n            <\/a>\n        <\/div>\n\t\t\t\t\t\t\t<\/div> \n\t\t\t\n        \n\t\t\t\t<div id=\"ngg-image-493\" class=\"ngg-gallery-thumbnail-box\" >\n\t\t\t\t        <div class=\"ngg-gallery-thumbnail\">\n            <a href=\"http:\/\/www.karate-neuhofen.at\/wp-content\/gallery\/9-sommercamp-2017\/SC2272.JPG\"\n               title=\"\"\n               data-src=\"http:\/\/www.karate-neuhofen.at\/wp-content\/gallery\/9-sommercamp-2017\/SC2272.JPG\"\n               data-thumbnail=\"http:\/\/www.karate-neuhofen.at\/wp-content\/gallery\/9-sommercamp-2017\/thumbs\/thumbs_SC2272.JPG\"\n               data-image-id=\"16378\"\n               data-title=\"SC(2272)\"\n               data-description=\"\"\n               data-image-slug=\"sc2272\"\n               class=\"shutterset_6bd4a67f62a7de13e8a03aec327a2ec6\">\n                <img\n                    title=\"SC(2272)\"\n                    alt=\"SC(2272)\"\n                    src=\"http:\/\/www.karate-neuhofen.at\/wp-content\/gallery\/9-sommercamp-2017\/thumbs\/thumbs_SC2272.JPG\"\n                    width=\"240\"\n                    height=\"160\"\n                    style=\"max-width:100%;\"\n                \/>\n            <\/a>\n        <\/div>\n\t\t\t\t\t\t\t<\/div> \n\t\t\t\n        \n\t\t\t\t<div id=\"ngg-image-494\" class=\"ngg-gallery-thumbnail-box\" >\n\t\t\t\t        <div class=\"ngg-gallery-thumbnail\">\n            <a href=\"http:\/\/www.karate-neuhofen.at\/wp-content\/gallery\/9-sommercamp-2017\/SC2273.JPG\"\n               title=\"\"\n               data-src=\"http:\/\/www.karate-neuhofen.at\/wp-content\/gallery\/9-sommercamp-2017\/SC2273.JPG\"\n               data-thumbnail=\"http:\/\/www.karate-neuhofen.at\/wp-content\/gallery\/9-sommercamp-2017\/thumbs\/thumbs_SC2273.JPG\"\n               data-image-id=\"16379\"\n               data-title=\"SC(2273)\"\n               data-description=\"\"\n               data-image-slug=\"sc2273\"\n               class=\"shutterset_6bd4a67f62a7de13e8a03aec327a2ec6\">\n                <img\n                    title=\"SC(2273)\"\n                    alt=\"SC(2273)\"\n                    src=\"http:\/\/www.karate-neuhofen.at\/wp-content\/gallery\/9-sommercamp-2017\/thumbs\/thumbs_SC2273.JPG\"\n                    width=\"240\"\n                    height=\"160\"\n                    style=\"max-width:100%;\"\n                \/>\n            <\/a>\n        <\/div>\n\t\t\t\t\t\t\t<\/div> \n\t\t\t\n        \n\t\t\t\t<div id=\"ngg-image-495\" class=\"ngg-gallery-thumbnail-box\" >\n\t\t\t\t        <div class=\"ngg-gallery-thumbnail\">\n            <a href=\"http:\/\/www.karate-neuhofen.at\/wp-content\/gallery\/9-sommercamp-2017\/SC2274.JPG\"\n               title=\"\"\n               data-src=\"http:\/\/www.karate-neuhofen.at\/wp-content\/gallery\/9-sommercamp-2017\/SC2274.JPG\"\n               data-thumbnail=\"http:\/\/www.karate-neuhofen.at\/wp-content\/gallery\/9-sommercamp-2017\/thumbs\/thumbs_SC2274.JPG\"\n               data-image-id=\"16380\"\n               data-title=\"SC(2274)\"\n               data-description=\"\"\n               data-image-slug=\"sc2274\"\n               class=\"shutterset_6bd4a67f62a7de13e8a03aec327a2ec6\">\n                <img\n                    title=\"SC(2274)\"\n                    alt=\"SC(2274)\"\n                    src=\"http:\/\/www.karate-neuhofen.at\/wp-content\/gallery\/9-sommercamp-2017\/thumbs\/thumbs_SC2274.JPG\"\n                    width=\"240\"\n                    height=\"160\"\n                    style=\"max-width:100%;\"\n                \/>\n            <\/a>\n        <\/div>\n\t\t\t\t\t\t\t<\/div> \n\t\t\t\n        \n\t\t\t\t<div id=\"ngg-image-496\" class=\"ngg-gallery-thumbnail-box\" >\n\t\t\t\t        <div class=\"ngg-gallery-thumbnail\">\n            <a href=\"http:\/\/www.karate-neuhofen.at\/wp-content\/gallery\/9-sommercamp-2017\/SC2275.JPG\"\n               title=\"\"\n               data-src=\"http:\/\/www.karate-neuhofen.at\/wp-content\/gallery\/9-sommercamp-2017\/SC2275.JPG\"\n               data-thumbnail=\"http:\/\/www.karate-neuhofen.at\/wp-content\/gallery\/9-sommercamp-2017\/thumbs\/thumbs_SC2275.JPG\"\n               data-image-id=\"16381\"\n               data-title=\"SC(2275)\"\n               data-description=\"\"\n               data-image-slug=\"sc2275\"\n               class=\"shutterset_6bd4a67f62a7de13e8a03aec327a2ec6\">\n                <img\n                    title=\"SC(2275)\"\n                    alt=\"SC(2275)\"\n                    src=\"http:\/\/www.karate-neuhofen.at\/wp-content\/gallery\/9-sommercamp-2017\/thumbs\/thumbs_SC2275.JPG\"\n                    width=\"240\"\n                    height=\"160\"\n                    style=\"max-width:100%;\"\n                \/>\n            <\/a>\n        <\/div>\n\t\t\t\t\t\t\t<\/div> \n\t\t\t\n        \n\t\t\t\t<div id=\"ngg-image-497\" class=\"ngg-gallery-thumbnail-box\" >\n\t\t\t\t        <div class=\"ngg-gallery-thumbnail\">\n            <a href=\"http:\/\/www.karate-neuhofen.at\/wp-content\/gallery\/9-sommercamp-2017\/SC2276.JPG\"\n               title=\"\"\n               data-src=\"http:\/\/www.karate-neuhofen.at\/wp-content\/gallery\/9-sommercamp-2017\/SC2276.JPG\"\n               data-thumbnail=\"http:\/\/www.karate-neuhofen.at\/wp-content\/gallery\/9-sommercamp-2017\/thumbs\/thumbs_SC2276.JPG\"\n               data-image-id=\"16382\"\n               data-title=\"SC(2276)\"\n               data-description=\"\"\n               data-image-slug=\"sc2276\"\n               class=\"shutterset_6bd4a67f62a7de13e8a03aec327a2ec6\">\n                <img\n                    title=\"SC(2276)\"\n                    alt=\"SC(2276)\"\n                    src=\"http:\/\/www.karate-neuhofen.at\/wp-content\/gallery\/9-sommercamp-2017\/thumbs\/thumbs_SC2276.JPG\"\n                    width=\"240\"\n                    height=\"160\"\n                    style=\"max-width:100%;\"\n                \/>\n            <\/a>\n        <\/div>\n\t\t\t\t\t\t\t<\/div> \n\t\t\t\n        \n\t\t\t\t<div id=\"ngg-image-498\" class=\"ngg-gallery-thumbnail-box\" >\n\t\t\t\t        <div class=\"ngg-gallery-thumbnail\">\n            <a href=\"http:\/\/www.karate-neuhofen.at\/wp-content\/gallery\/9-sommercamp-2017\/SC2277.JPG\"\n               title=\"\"\n               data-src=\"http:\/\/www.karate-neuhofen.at\/wp-content\/gallery\/9-sommercamp-2017\/SC2277.JPG\"\n               data-thumbnail=\"http:\/\/www.karate-neuhofen.at\/wp-content\/gallery\/9-sommercamp-2017\/thumbs\/thumbs_SC2277.JPG\"\n               data-image-id=\"16383\"\n               data-title=\"SC(2277)\"\n               data-description=\"\"\n               data-image-slug=\"sc2277\"\n               class=\"shutterset_6bd4a67f62a7de13e8a03aec327a2ec6\">\n                <img\n                    title=\"SC(2277)\"\n                    alt=\"SC(2277)\"\n                    src=\"http:\/\/www.karate-neuhofen.at\/wp-content\/gallery\/9-sommercamp-2017\/thumbs\/thumbs_SC2277.JPG\"\n                    width=\"240\"\n                    height=\"160\"\n                    style=\"max-width:100%;\"\n                \/>\n            <\/a>\n        <\/div>\n\t\t\t\t\t\t\t<\/div> \n\t\t\t\n        \n\t\t\t\t<div id=\"ngg-image-499\" class=\"ngg-gallery-thumbnail-box\" >\n\t\t\t\t        <div class=\"ngg-gallery-thumbnail\">\n            <a href=\"http:\/\/www.karate-neuhofen.at\/wp-content\/gallery\/9-sommercamp-2017\/SC2278.JPG\"\n               title=\"\"\n               data-src=\"http:\/\/www.karate-neuhofen.at\/wp-content\/gallery\/9-sommercamp-2017\/SC2278.JPG\"\n               data-thumbnail=\"http:\/\/www.karate-neuhofen.at\/wp-content\/gallery\/9-sommercamp-2017\/thumbs\/thumbs_SC2278.JPG\"\n               data-image-id=\"16384\"\n               data-title=\"SC(2278)\"\n               data-description=\"\"\n               data-image-slug=\"sc2278\"\n               class=\"shutterset_6bd4a67f62a7de13e8a03aec327a2ec6\">\n                <img\n                    title=\"SC(2278)\"\n                    alt=\"SC(2278)\"\n                    src=\"http:\/\/www.karate-neuhofen.at\/wp-content\/gallery\/9-sommercamp-2017\/thumbs\/thumbs_SC2278.JPG\"\n                    width=\"240\"\n                    height=\"160\"\n                    style=\"max-width:100%;\"\n                \/>\n            <\/a>\n        <\/div>\n\t\t\t\t\t\t\t<\/div> \n\t\t\t\n        \n\t\t\t\t<div id=\"ngg-image-500\" class=\"ngg-gallery-thumbnail-box\" >\n\t\t\t\t        <div class=\"ngg-gallery-thumbnail\">\n            <a href=\"http:\/\/www.karate-neuhofen.at\/wp-content\/gallery\/9-sommercamp-2017\/SC2279.JPG\"\n               title=\"\"\n               data-src=\"http:\/\/www.karate-neuhofen.at\/wp-content\/gallery\/9-sommercamp-2017\/SC2279.JPG\"\n               data-thumbnail=\"http:\/\/www.karate-neuhofen.at\/wp-content\/gallery\/9-sommercamp-2017\/thumbs\/thumbs_SC2279.JPG\"\n               data-image-id=\"16385\"\n               data-title=\"SC(2279)\"\n               data-description=\"\"\n               data-image-slug=\"sc2279\"\n               class=\"shutterset_6bd4a67f62a7de13e8a03aec327a2ec6\">\n                <img\n                    title=\"SC(2279)\"\n                    alt=\"SC(2279)\"\n                    src=\"http:\/\/www.karate-neuhofen.at\/wp-content\/gallery\/9-sommercamp-2017\/thumbs\/thumbs_SC2279.JPG\"\n                    width=\"240\"\n                    height=\"160\"\n                    style=\"max-width:100%;\"\n                \/>\n            <\/a>\n        <\/div>\n\t\t\t\t\t\t\t<\/div> \n\t\t\t\n        \n\t\t\t\t<div id=\"ngg-image-501\" class=\"ngg-gallery-thumbnail-box\" >\n\t\t\t\t        <div class=\"ngg-gallery-thumbnail\">\n            <a href=\"http:\/\/www.karate-neuhofen.at\/wp-content\/gallery\/9-sommercamp-2017\/SC2280.JPG\"\n               title=\"\"\n               data-src=\"http:\/\/www.karate-neuhofen.at\/wp-content\/gallery\/9-sommercamp-2017\/SC2280.JPG\"\n               data-thumbnail=\"http:\/\/www.karate-neuhofen.at\/wp-content\/gallery\/9-sommercamp-2017\/thumbs\/thumbs_SC2280.JPG\"\n               data-image-id=\"16386\"\n               data-title=\"SC(2280)\"\n               data-description=\"\"\n               data-image-slug=\"sc2280\"\n               class=\"shutterset_6bd4a67f62a7de13e8a03aec327a2ec6\">\n                <img\n                    title=\"SC(2280)\"\n                    alt=\"SC(2280)\"\n                    src=\"http:\/\/www.karate-neuhofen.at\/wp-content\/gallery\/9-sommercamp-2017\/thumbs\/thumbs_SC2280.JPG\"\n                    width=\"240\"\n                    height=\"160\"\n                    style=\"max-width:100%;\"\n                \/>\n            <\/a>\n        <\/div>\n\t\t\t\t\t\t\t<\/div> \n\t\t\t\n        \n\t\t\t\t<div id=\"ngg-image-502\" class=\"ngg-gallery-thumbnail-box\" >\n\t\t\t\t        <div class=\"ngg-gallery-thumbnail\">\n            <a href=\"http:\/\/www.karate-neuhofen.at\/wp-content\/gallery\/9-sommercamp-2017\/SC2281.JPG\"\n               title=\"\"\n               data-src=\"http:\/\/www.karate-neuhofen.at\/wp-content\/gallery\/9-sommercamp-2017\/SC2281.JPG\"\n               data-thumbnail=\"http:\/\/www.karate-neuhofen.at\/wp-content\/gallery\/9-sommercamp-2017\/thumbs\/thumbs_SC2281.JPG\"\n               data-image-id=\"16387\"\n               data-title=\"SC(2281)\"\n               data-description=\"\"\n               data-image-slug=\"sc2281\"\n               class=\"shutterset_6bd4a67f62a7de13e8a03aec327a2ec6\">\n                <img\n                    title=\"SC(2281)\"\n                    alt=\"SC(2281)\"\n                    src=\"http:\/\/www.karate-neuhofen.at\/wp-content\/gallery\/9-sommercamp-2017\/thumbs\/thumbs_SC2281.JPG\"\n                    width=\"240\"\n                    height=\"160\"\n                    style=\"max-width:100%;\"\n                \/>\n            <\/a>\n        <\/div>\n\t\t\t\t\t\t\t<\/div> \n\t\t\t\n        \n\t\t\t\t<div id=\"ngg-image-503\" class=\"ngg-gallery-thumbnail-box\" >\n\t\t\t\t        <div class=\"ngg-gallery-thumbnail\">\n            <a href=\"http:\/\/www.karate-neuhofen.at\/wp-content\/gallery\/9-sommercamp-2017\/SC2282.JPG\"\n               title=\"\"\n               data-src=\"http:\/\/www.karate-neuhofen.at\/wp-content\/gallery\/9-sommercamp-2017\/SC2282.JPG\"\n               data-thumbnail=\"http:\/\/www.karate-neuhofen.at\/wp-content\/gallery\/9-sommercamp-2017\/thumbs\/thumbs_SC2282.JPG\"\n               data-image-id=\"16388\"\n               data-title=\"SC(2282)\"\n               data-description=\"\"\n               data-image-slug=\"sc2282\"\n               class=\"shutterset_6bd4a67f62a7de13e8a03aec327a2ec6\">\n                <img\n                    title=\"SC(2282)\"\n                    alt=\"SC(2282)\"\n                    src=\"http:\/\/www.karate-neuhofen.at\/wp-content\/gallery\/9-sommercamp-2017\/thumbs\/thumbs_SC2282.JPG\"\n                    width=\"240\"\n                    height=\"160\"\n                    style=\"max-width:100%;\"\n                \/>\n            <\/a>\n        <\/div>\n\t\t\t\t\t\t\t<\/div> \n\t\t\t\n        \n\t\t\t\t<div id=\"ngg-image-504\" class=\"ngg-gallery-thumbnail-box\" >\n\t\t\t\t        <div class=\"ngg-gallery-thumbnail\">\n            <a href=\"http:\/\/www.karate-neuhofen.at\/wp-content\/gallery\/9-sommercamp-2017\/SC2283.JPG\"\n               title=\"\"\n               data-src=\"http:\/\/www.karate-neuhofen.at\/wp-content\/gallery\/9-sommercamp-2017\/SC2283.JPG\"\n               data-thumbnail=\"http:\/\/www.karate-neuhofen.at\/wp-content\/gallery\/9-sommercamp-2017\/thumbs\/thumbs_SC2283.JPG\"\n               data-image-id=\"16389\"\n               data-title=\"SC(2283)\"\n               data-description=\"\"\n               data-image-slug=\"sc2283\"\n               class=\"shutterset_6bd4a67f62a7de13e8a03aec327a2ec6\">\n                <img\n                    title=\"SC(2283)\"\n                    alt=\"SC(2283)\"\n                    src=\"http:\/\/www.karate-neuhofen.at\/wp-content\/gallery\/9-sommercamp-2017\/thumbs\/thumbs_SC2283.JPG\"\n                    width=\"240\"\n                    height=\"160\"\n                    style=\"max-width:100%;\"\n                \/>\n            <\/a>\n        <\/div>\n\t\t\t\t\t\t\t<\/div> \n\t\t\t\n        \n\t\t\t\t<div id=\"ngg-image-505\" class=\"ngg-gallery-thumbnail-box\" >\n\t\t\t\t        <div class=\"ngg-gallery-thumbnail\">\n            <a href=\"http:\/\/www.karate-neuhofen.at\/wp-content\/gallery\/9-sommercamp-2017\/SC2284.JPG\"\n               title=\"\"\n               data-src=\"http:\/\/www.karate-neuhofen.at\/wp-content\/gallery\/9-sommercamp-2017\/SC2284.JPG\"\n               data-thumbnail=\"http:\/\/www.karate-neuhofen.at\/wp-content\/gallery\/9-sommercamp-2017\/thumbs\/thumbs_SC2284.JPG\"\n               data-image-id=\"16390\"\n               data-title=\"SC(2284)\"\n               data-description=\"\"\n               data-image-slug=\"sc2284\"\n               class=\"shutterset_6bd4a67f62a7de13e8a03aec327a2ec6\">\n                <img\n                    title=\"SC(2284)\"\n                    alt=\"SC(2284)\"\n                    src=\"http:\/\/www.karate-neuhofen.at\/wp-content\/gallery\/9-sommercamp-2017\/thumbs\/thumbs_SC2284.JPG\"\n                    width=\"240\"\n                    height=\"160\"\n                    style=\"max-width:100%;\"\n                \/>\n            <\/a>\n        <\/div>\n\t\t\t\t\t\t\t<\/div> \n\t\t\t\n        \n\t\t\t\t<div id=\"ngg-image-506\" class=\"ngg-gallery-thumbnail-box\" >\n\t\t\t\t        <div class=\"ngg-gallery-thumbnail\">\n            <a href=\"http:\/\/www.karate-neuhofen.at\/wp-content\/gallery\/9-sommercamp-2017\/SC2285.JPG\"\n               title=\"\"\n               data-src=\"http:\/\/www.karate-neuhofen.at\/wp-content\/gallery\/9-sommercamp-2017\/SC2285.JPG\"\n               data-thumbnail=\"http:\/\/www.karate-neuhofen.at\/wp-content\/gallery\/9-sommercamp-2017\/thumbs\/thumbs_SC2285.JPG\"\n               data-image-id=\"16391\"\n               data-title=\"SC(2285)\"\n               data-description=\"\"\n               data-image-slug=\"sc2285\"\n               class=\"shutterset_6bd4a67f62a7de13e8a03aec327a2ec6\">\n                <img\n                    title=\"SC(2285)\"\n                    alt=\"SC(2285)\"\n                    src=\"http:\/\/www.karate-neuhofen.at\/wp-content\/gallery\/9-sommercamp-2017\/thumbs\/thumbs_SC2285.JPG\"\n                    width=\"240\"\n                    height=\"160\"\n                    style=\"max-width:100%;\"\n                \/>\n            <\/a>\n        <\/div>\n\t\t\t\t\t\t\t<\/div> \n\t\t\t\n        \n\t\t\t\t<div id=\"ngg-image-507\" class=\"ngg-gallery-thumbnail-box\" >\n\t\t\t\t        <div class=\"ngg-gallery-thumbnail\">\n            <a href=\"http:\/\/www.karate-neuhofen.at\/wp-content\/gallery\/9-sommercamp-2017\/SC2286.JPG\"\n               title=\"\"\n               data-src=\"http:\/\/www.karate-neuhofen.at\/wp-content\/gallery\/9-sommercamp-2017\/SC2286.JPG\"\n               data-thumbnail=\"http:\/\/www.karate-neuhofen.at\/wp-content\/gallery\/9-sommercamp-2017\/thumbs\/thumbs_SC2286.JPG\"\n               data-image-id=\"16392\"\n               data-title=\"SC(2286)\"\n               data-description=\"\"\n               data-image-slug=\"sc2286\"\n               class=\"shutterset_6bd4a67f62a7de13e8a03aec327a2ec6\">\n                <img\n                    title=\"SC(2286)\"\n                    alt=\"SC(2286)\"\n                    src=\"http:\/\/www.karate-neuhofen.at\/wp-content\/gallery\/9-sommercamp-2017\/thumbs\/thumbs_SC2286.JPG\"\n                    width=\"240\"\n                    height=\"160\"\n                    style=\"max-width:100%;\"\n                \/>\n            <\/a>\n        <\/div>\n\t\t\t\t\t\t\t<\/div> \n\t\t\t\n        \n\t\t\t\t<div id=\"ngg-image-508\" class=\"ngg-gallery-thumbnail-box\" >\n\t\t\t\t        <div class=\"ngg-gallery-thumbnail\">\n            <a href=\"http:\/\/www.karate-neuhofen.at\/wp-content\/gallery\/9-sommercamp-2017\/SC2287.JPG\"\n               title=\"\"\n               data-src=\"http:\/\/www.karate-neuhofen.at\/wp-content\/gallery\/9-sommercamp-2017\/SC2287.JPG\"\n               data-thumbnail=\"http:\/\/www.karate-neuhofen.at\/wp-content\/gallery\/9-sommercamp-2017\/thumbs\/thumbs_SC2287.JPG\"\n               data-image-id=\"16393\"\n               data-title=\"SC(2287)\"\n               data-description=\"\"\n               data-image-slug=\"sc2287\"\n               class=\"shutterset_6bd4a67f62a7de13e8a03aec327a2ec6\">\n                <img\n                    title=\"SC(2287)\"\n                    alt=\"SC(2287)\"\n                    src=\"http:\/\/www.karate-neuhofen.at\/wp-content\/gallery\/9-sommercamp-2017\/thumbs\/thumbs_SC2287.JPG\"\n                    width=\"240\"\n                    height=\"160\"\n                    style=\"max-width:100%;\"\n                \/>\n            <\/a>\n        <\/div>\n\t\t\t\t\t\t\t<\/div> \n\t\t\t\n        \n\t\t\t\t<div id=\"ngg-image-509\" class=\"ngg-gallery-thumbnail-box\" >\n\t\t\t\t        <div class=\"ngg-gallery-thumbnail\">\n            <a href=\"http:\/\/www.karate-neuhofen.at\/wp-content\/gallery\/9-sommercamp-2017\/SC2288.JPG\"\n               title=\"\"\n               data-src=\"http:\/\/www.karate-neuhofen.at\/wp-content\/gallery\/9-sommercamp-2017\/SC2288.JPG\"\n               data-thumbnail=\"http:\/\/www.karate-neuhofen.at\/wp-content\/gallery\/9-sommercamp-2017\/thumbs\/thumbs_SC2288.JPG\"\n               data-image-id=\"16394\"\n               data-title=\"SC(2288)\"\n               data-description=\"\"\n               data-image-slug=\"sc2288\"\n               class=\"shutterset_6bd4a67f62a7de13e8a03aec327a2ec6\">\n                <img\n                    title=\"SC(2288)\"\n                    alt=\"SC(2288)\"\n                    src=\"http:\/\/www.karate-neuhofen.at\/wp-content\/gallery\/9-sommercamp-2017\/thumbs\/thumbs_SC2288.JPG\"\n                    width=\"240\"\n                    height=\"160\"\n                    style=\"max-width:100%;\"\n                \/>\n            <\/a>\n        <\/div>\n\t\t\t\t\t\t\t<\/div> \n\t\t\t\n        \n\t\t\t\t<div id=\"ngg-image-510\" class=\"ngg-gallery-thumbnail-box\" >\n\t\t\t\t        <div class=\"ngg-gallery-thumbnail\">\n            <a href=\"http:\/\/www.karate-neuhofen.at\/wp-content\/gallery\/9-sommercamp-2017\/SC2289.JPG\"\n               title=\"\"\n               data-src=\"http:\/\/www.karate-neuhofen.at\/wp-content\/gallery\/9-sommercamp-2017\/SC2289.JPG\"\n               data-thumbnail=\"http:\/\/www.karate-neuhofen.at\/wp-content\/gallery\/9-sommercamp-2017\/thumbs\/thumbs_SC2289.JPG\"\n               data-image-id=\"16395\"\n               data-title=\"SC(2289)\"\n               data-description=\"\"\n               data-image-slug=\"sc2289\"\n               class=\"shutterset_6bd4a67f62a7de13e8a03aec327a2ec6\">\n                <img\n                    title=\"SC(2289)\"\n                    alt=\"SC(2289)\"\n                    src=\"http:\/\/www.karate-neuhofen.at\/wp-content\/gallery\/9-sommercamp-2017\/thumbs\/thumbs_SC2289.JPG\"\n                    width=\"240\"\n                    height=\"160\"\n                    style=\"max-width:100%;\"\n                \/>\n            <\/a>\n        <\/div>\n\t\t\t\t\t\t\t<\/div> \n\t\t\t\n        \n\t\t\t\t<div id=\"ngg-image-511\" class=\"ngg-gallery-thumbnail-box\" >\n\t\t\t\t        <div class=\"ngg-gallery-thumbnail\">\n            <a href=\"http:\/\/www.karate-neuhofen.at\/wp-content\/gallery\/9-sommercamp-2017\/SC2290.JPG\"\n               title=\"\"\n               data-src=\"http:\/\/www.karate-neuhofen.at\/wp-content\/gallery\/9-sommercamp-2017\/SC2290.JPG\"\n               data-thumbnail=\"http:\/\/www.karate-neuhofen.at\/wp-content\/gallery\/9-sommercamp-2017\/thumbs\/thumbs_SC2290.JPG\"\n               data-image-id=\"16396\"\n               data-title=\"SC(2290)\"\n               data-description=\"\"\n               data-image-slug=\"sc2290\"\n               class=\"shutterset_6bd4a67f62a7de13e8a03aec327a2ec6\">\n                <img\n                    title=\"SC(2290)\"\n                    alt=\"SC(2290)\"\n                    src=\"http:\/\/www.karate-neuhofen.at\/wp-content\/gallery\/9-sommercamp-2017\/thumbs\/thumbs_SC2290.JPG\"\n                    width=\"240\"\n                    height=\"160\"\n                    style=\"max-width:100%;\"\n                \/>\n            <\/a>\n        <\/div>\n\t\t\t\t\t\t\t<\/div> \n\t\t\t\n        \n\t\t\t\t<div id=\"ngg-image-512\" class=\"ngg-gallery-thumbnail-box\" >\n\t\t\t\t        <div class=\"ngg-gallery-thumbnail\">\n            <a href=\"http:\/\/www.karate-neuhofen.at\/wp-content\/gallery\/9-sommercamp-2017\/SC2291.JPG\"\n               title=\"\"\n               data-src=\"http:\/\/www.karate-neuhofen.at\/wp-content\/gallery\/9-sommercamp-2017\/SC2291.JPG\"\n               data-thumbnail=\"http:\/\/www.karate-neuhofen.at\/wp-content\/gallery\/9-sommercamp-2017\/thumbs\/thumbs_SC2291.JPG\"\n               data-image-id=\"16397\"\n               data-title=\"SC(2291)\"\n               data-description=\"\"\n               data-image-slug=\"sc2291\"\n               class=\"shutterset_6bd4a67f62a7de13e8a03aec327a2ec6\">\n                <img\n                    title=\"SC(2291)\"\n                    alt=\"SC(2291)\"\n                    src=\"http:\/\/www.karate-neuhofen.at\/wp-content\/gallery\/9-sommercamp-2017\/thumbs\/thumbs_SC2291.JPG\"\n                    width=\"240\"\n                    height=\"160\"\n                    style=\"max-width:100%;\"\n                \/>\n            <\/a>\n        <\/div>\n\t\t\t\t\t\t\t<\/div> \n\t\t\t\n        \n\t\t\t\t<div id=\"ngg-image-513\" class=\"ngg-gallery-thumbnail-box\" >\n\t\t\t\t        <div class=\"ngg-gallery-thumbnail\">\n            <a href=\"http:\/\/www.karate-neuhofen.at\/wp-content\/gallery\/9-sommercamp-2017\/SC2292.JPG\"\n               title=\"\"\n               data-src=\"http:\/\/www.karate-neuhofen.at\/wp-content\/gallery\/9-sommercamp-2017\/SC2292.JPG\"\n               data-thumbnail=\"http:\/\/www.karate-neuhofen.at\/wp-content\/gallery\/9-sommercamp-2017\/thumbs\/thumbs_SC2292.JPG\"\n               data-image-id=\"16398\"\n               data-title=\"SC(2292)\"\n               data-description=\"\"\n               data-image-slug=\"sc2292\"\n               class=\"shutterset_6bd4a67f62a7de13e8a03aec327a2ec6\">\n                <img\n                    title=\"SC(2292)\"\n                    alt=\"SC(2292)\"\n                    src=\"http:\/\/www.karate-neuhofen.at\/wp-content\/gallery\/9-sommercamp-2017\/thumbs\/thumbs_SC2292.JPG\"\n                    width=\"240\"\n                    height=\"160\"\n                    style=\"max-width:100%;\"\n                \/>\n            <\/a>\n        <\/div>\n\t\t\t\t\t\t\t<\/div> \n\t\t\t\n        \n\t\t\t\t<div id=\"ngg-image-514\" class=\"ngg-gallery-thumbnail-box\" >\n\t\t\t\t        <div class=\"ngg-gallery-thumbnail\">\n            <a href=\"http:\/\/www.karate-neuhofen.at\/wp-content\/gallery\/9-sommercamp-2017\/SC2293.JPG\"\n               title=\"\"\n               data-src=\"http:\/\/www.karate-neuhofen.at\/wp-content\/gallery\/9-sommercamp-2017\/SC2293.JPG\"\n               data-thumbnail=\"http:\/\/www.karate-neuhofen.at\/wp-content\/gallery\/9-sommercamp-2017\/thumbs\/thumbs_SC2293.JPG\"\n               data-image-id=\"16399\"\n               data-title=\"SC(2293)\"\n               data-description=\"\"\n               data-image-slug=\"sc2293\"\n               class=\"shutterset_6bd4a67f62a7de13e8a03aec327a2ec6\">\n                <img\n                    title=\"SC(2293)\"\n                    alt=\"SC(2293)\"\n                    src=\"http:\/\/www.karate-neuhofen.at\/wp-content\/gallery\/9-sommercamp-2017\/thumbs\/thumbs_SC2293.JPG\"\n                    width=\"240\"\n                    height=\"160\"\n                    style=\"max-width:100%;\"\n                \/>\n            <\/a>\n        <\/div>\n\t\t\t\t\t\t\t<\/div> \n\t\t\t\n        \n\t\t\t\t<div id=\"ngg-image-515\" class=\"ngg-gallery-thumbnail-box\" >\n\t\t\t\t        <div class=\"ngg-gallery-thumbnail\">\n            <a href=\"http:\/\/www.karate-neuhofen.at\/wp-content\/gallery\/9-sommercamp-2017\/SC2294.JPG\"\n               title=\"\"\n               data-src=\"http:\/\/www.karate-neuhofen.at\/wp-content\/gallery\/9-sommercamp-2017\/SC2294.JPG\"\n               data-thumbnail=\"http:\/\/www.karate-neuhofen.at\/wp-content\/gallery\/9-sommercamp-2017\/thumbs\/thumbs_SC2294.JPG\"\n               data-image-id=\"16400\"\n               data-title=\"SC(2294)\"\n               data-description=\"\"\n               data-image-slug=\"sc2294\"\n               class=\"shutterset_6bd4a67f62a7de13e8a03aec327a2ec6\">\n                <img\n                    title=\"SC(2294)\"\n                    alt=\"SC(2294)\"\n                    src=\"http:\/\/www.karate-neuhofen.at\/wp-content\/gallery\/9-sommercamp-2017\/thumbs\/thumbs_SC2294.JPG\"\n                    width=\"240\"\n                    height=\"160\"\n                    style=\"max-width:100%;\"\n                \/>\n            <\/a>\n        <\/div>\n\t\t\t\t\t\t\t<\/div> \n\t\t\t\n        \n\t\t\t\t<div id=\"ngg-image-516\" class=\"ngg-gallery-thumbnail-box\" >\n\t\t\t\t        <div class=\"ngg-gallery-thumbnail\">\n            <a href=\"http:\/\/www.karate-neuhofen.at\/wp-content\/gallery\/9-sommercamp-2017\/SC2295.JPG\"\n               title=\"\"\n               data-src=\"http:\/\/www.karate-neuhofen.at\/wp-content\/gallery\/9-sommercamp-2017\/SC2295.JPG\"\n               data-thumbnail=\"http:\/\/www.karate-neuhofen.at\/wp-content\/gallery\/9-sommercamp-2017\/thumbs\/thumbs_SC2295.JPG\"\n               data-image-id=\"16401\"\n               data-title=\"SC(2295)\"\n               data-description=\"\"\n               data-image-slug=\"sc2295\"\n               class=\"shutterset_6bd4a67f62a7de13e8a03aec327a2ec6\">\n                <img\n                    title=\"SC(2295)\"\n                    alt=\"SC(2295)\"\n                    src=\"http:\/\/www.karate-neuhofen.at\/wp-content\/gallery\/9-sommercamp-2017\/thumbs\/thumbs_SC2295.JPG\"\n                    width=\"240\"\n                    height=\"160\"\n                    style=\"max-width:100%;\"\n                \/>\n            <\/a>\n        <\/div>\n\t\t\t\t\t\t\t<\/div> \n\t\t\t\n        \n\t\t\t\t<div id=\"ngg-image-517\" class=\"ngg-gallery-thumbnail-box\" >\n\t\t\t\t        <div class=\"ngg-gallery-thumbnail\">\n            <a href=\"http:\/\/www.karate-neuhofen.at\/wp-content\/gallery\/9-sommercamp-2017\/SC2296.JPG\"\n               title=\"\"\n               data-src=\"http:\/\/www.karate-neuhofen.at\/wp-content\/gallery\/9-sommercamp-2017\/SC2296.JPG\"\n               data-thumbnail=\"http:\/\/www.karate-neuhofen.at\/wp-content\/gallery\/9-sommercamp-2017\/thumbs\/thumbs_SC2296.JPG\"\n               data-image-id=\"16402\"\n               data-title=\"SC(2296)\"\n               data-description=\"\"\n               data-image-slug=\"sc2296\"\n               class=\"shutterset_6bd4a67f62a7de13e8a03aec327a2ec6\">\n                <img\n                    title=\"SC(2296)\"\n                    alt=\"SC(2296)\"\n                    src=\"http:\/\/www.karate-neuhofen.at\/wp-content\/gallery\/9-sommercamp-2017\/thumbs\/thumbs_SC2296.JPG\"\n                    width=\"240\"\n                    height=\"160\"\n                    style=\"max-width:100%;\"\n                \/>\n            <\/a>\n        <\/div>\n\t\t\t\t\t\t\t<\/div> \n\t\t\t\n        \n\t\t\t\t<div id=\"ngg-image-518\" class=\"ngg-gallery-thumbnail-box\" >\n\t\t\t\t        <div class=\"ngg-gallery-thumbnail\">\n            <a href=\"http:\/\/www.karate-neuhofen.at\/wp-content\/gallery\/9-sommercamp-2017\/SC2297.JPG\"\n               title=\"\"\n               data-src=\"http:\/\/www.karate-neuhofen.at\/wp-content\/gallery\/9-sommercamp-2017\/SC2297.JPG\"\n               data-thumbnail=\"http:\/\/www.karate-neuhofen.at\/wp-content\/gallery\/9-sommercamp-2017\/thumbs\/thumbs_SC2297.JPG\"\n               data-image-id=\"16403\"\n               data-title=\"SC(2297)\"\n               data-description=\"\"\n               data-image-slug=\"sc2297\"\n               class=\"shutterset_6bd4a67f62a7de13e8a03aec327a2ec6\">\n                <img\n                    title=\"SC(2297)\"\n                    alt=\"SC(2297)\"\n                    src=\"http:\/\/www.karate-neuhofen.at\/wp-content\/gallery\/9-sommercamp-2017\/thumbs\/thumbs_SC2297.JPG\"\n                    width=\"240\"\n                    height=\"160\"\n                    style=\"max-width:100%;\"\n                \/>\n            <\/a>\n        <\/div>\n\t\t\t\t\t\t\t<\/div> \n\t\t\t\n        \n\t\t\t\t<div id=\"ngg-image-519\" class=\"ngg-gallery-thumbnail-box\" >\n\t\t\t\t        <div class=\"ngg-gallery-thumbnail\">\n            <a href=\"http:\/\/www.karate-neuhofen.at\/wp-content\/gallery\/9-sommercamp-2017\/SC2298.JPG\"\n               title=\"\"\n               data-src=\"http:\/\/www.karate-neuhofen.at\/wp-content\/gallery\/9-sommercamp-2017\/SC2298.JPG\"\n               data-thumbnail=\"http:\/\/www.karate-neuhofen.at\/wp-content\/gallery\/9-sommercamp-2017\/thumbs\/thumbs_SC2298.JPG\"\n               data-image-id=\"16404\"\n               data-title=\"SC(2298)\"\n               data-description=\"\"\n               data-image-slug=\"sc2298\"\n               class=\"shutterset_6bd4a67f62a7de13e8a03aec327a2ec6\">\n                <img\n                    title=\"SC(2298)\"\n                    alt=\"SC(2298)\"\n                    src=\"http:\/\/www.karate-neuhofen.at\/wp-content\/gallery\/9-sommercamp-2017\/thumbs\/thumbs_SC2298.JPG\"\n                    width=\"240\"\n                    height=\"160\"\n                    style=\"max-width:100%;\"\n                \/>\n            <\/a>\n        <\/div>\n\t\t\t\t\t\t\t<\/div> \n\t\t\t\n        \n\t\t\t\t<div id=\"ngg-image-520\" class=\"ngg-gallery-thumbnail-box\" >\n\t\t\t\t        <div class=\"ngg-gallery-thumbnail\">\n            <a href=\"http:\/\/www.karate-neuhofen.at\/wp-content\/gallery\/9-sommercamp-2017\/SC2299.JPG\"\n               title=\"\"\n               data-src=\"http:\/\/www.karate-neuhofen.at\/wp-content\/gallery\/9-sommercamp-2017\/SC2299.JPG\"\n               data-thumbnail=\"http:\/\/www.karate-neuhofen.at\/wp-content\/gallery\/9-sommercamp-2017\/thumbs\/thumbs_SC2299.JPG\"\n               data-image-id=\"16405\"\n               data-title=\"SC(2299)\"\n               data-description=\"\"\n               data-image-slug=\"sc2299\"\n               class=\"shutterset_6bd4a67f62a7de13e8a03aec327a2ec6\">\n                <img\n                    title=\"SC(2299)\"\n                    alt=\"SC(2299)\"\n                    src=\"http:\/\/www.karate-neuhofen.at\/wp-content\/gallery\/9-sommercamp-2017\/thumbs\/thumbs_SC2299.JPG\"\n                    width=\"240\"\n                    height=\"160\"\n                    style=\"max-width:100%;\"\n                \/>\n            <\/a>\n        <\/div>\n\t\t\t\t\t\t\t<\/div> \n\t\t\t\n        \n\t\t\t\t<div id=\"ngg-image-521\" class=\"ngg-gallery-thumbnail-box\" >\n\t\t\t\t        <div class=\"ngg-gallery-thumbnail\">\n            <a href=\"http:\/\/www.karate-neuhofen.at\/wp-content\/gallery\/9-sommercamp-2017\/SC2300.JPG\"\n               title=\"\"\n               data-src=\"http:\/\/www.karate-neuhofen.at\/wp-content\/gallery\/9-sommercamp-2017\/SC2300.JPG\"\n               data-thumbnail=\"http:\/\/www.karate-neuhofen.at\/wp-content\/gallery\/9-sommercamp-2017\/thumbs\/thumbs_SC2300.JPG\"\n               data-image-id=\"16406\"\n               data-title=\"SC(2300)\"\n               data-description=\"\"\n               data-image-slug=\"sc2300\"\n               class=\"shutterset_6bd4a67f62a7de13e8a03aec327a2ec6\">\n                <img\n                    title=\"SC(2300)\"\n                    alt=\"SC(2300)\"\n                    src=\"http:\/\/www.karate-neuhofen.at\/wp-content\/gallery\/9-sommercamp-2017\/thumbs\/thumbs_SC2300.JPG\"\n                    width=\"240\"\n                    height=\"160\"\n                    style=\"max-width:100%;\"\n                \/>\n            <\/a>\n        <\/div>\n\t\t\t\t\t\t\t<\/div> \n\t\t\t\n        \n\t\t\t\t<div id=\"ngg-image-522\" class=\"ngg-gallery-thumbnail-box\" >\n\t\t\t\t        <div class=\"ngg-gallery-thumbnail\">\n            <a href=\"http:\/\/www.karate-neuhofen.at\/wp-content\/gallery\/9-sommercamp-2017\/SC2301.JPG\"\n               title=\"\"\n               data-src=\"http:\/\/www.karate-neuhofen.at\/wp-content\/gallery\/9-sommercamp-2017\/SC2301.JPG\"\n               data-thumbnail=\"http:\/\/www.karate-neuhofen.at\/wp-content\/gallery\/9-sommercamp-2017\/thumbs\/thumbs_SC2301.JPG\"\n               data-image-id=\"16407\"\n               data-title=\"SC(2301)\"\n               data-description=\"\"\n               data-image-slug=\"sc2301\"\n               class=\"shutterset_6bd4a67f62a7de13e8a03aec327a2ec6\">\n                <img\n                    title=\"SC(2301)\"\n                    alt=\"SC(2301)\"\n                    src=\"http:\/\/www.karate-neuhofen.at\/wp-content\/gallery\/9-sommercamp-2017\/thumbs\/thumbs_SC2301.JPG\"\n                    width=\"240\"\n                    height=\"160\"\n                    style=\"max-width:100%;\"\n                \/>\n            <\/a>\n        <\/div>\n\t\t\t\t\t\t\t<\/div> \n\t\t\t\n        \n\t\t\t\t<div id=\"ngg-image-523\" class=\"ngg-gallery-thumbnail-box\" >\n\t\t\t\t        <div class=\"ngg-gallery-thumbnail\">\n            <a href=\"http:\/\/www.karate-neuhofen.at\/wp-content\/gallery\/9-sommercamp-2017\/SC2302.JPG\"\n               title=\"\"\n               data-src=\"http:\/\/www.karate-neuhofen.at\/wp-content\/gallery\/9-sommercamp-2017\/SC2302.JPG\"\n               data-thumbnail=\"http:\/\/www.karate-neuhofen.at\/wp-content\/gallery\/9-sommercamp-2017\/thumbs\/thumbs_SC2302.JPG\"\n               data-image-id=\"16408\"\n               data-title=\"SC(2302)\"\n               data-description=\"\"\n               data-image-slug=\"sc2302\"\n               class=\"shutterset_6bd4a67f62a7de13e8a03aec327a2ec6\">\n                <img\n                    title=\"SC(2302)\"\n                    alt=\"SC(2302)\"\n                    src=\"http:\/\/www.karate-neuhofen.at\/wp-content\/gallery\/9-sommercamp-2017\/thumbs\/thumbs_SC2302.JPG\"\n                    width=\"240\"\n                    height=\"160\"\n                    style=\"max-width:100%;\"\n                \/>\n            <\/a>\n        <\/div>\n\t\t\t\t\t\t\t<\/div> \n\t\t\t\n        \n\t\t\t\t<div id=\"ngg-image-524\" class=\"ngg-gallery-thumbnail-box\" >\n\t\t\t\t        <div class=\"ngg-gallery-thumbnail\">\n            <a href=\"http:\/\/www.karate-neuhofen.at\/wp-content\/gallery\/9-sommercamp-2017\/SC2303.JPG\"\n               title=\"\"\n               data-src=\"http:\/\/www.karate-neuhofen.at\/wp-content\/gallery\/9-sommercamp-2017\/SC2303.JPG\"\n               data-thumbnail=\"http:\/\/www.karate-neuhofen.at\/wp-content\/gallery\/9-sommercamp-2017\/thumbs\/thumbs_SC2303.JPG\"\n               data-image-id=\"16409\"\n               data-title=\"SC(2303)\"\n               data-description=\"\"\n               data-image-slug=\"sc2303\"\n               class=\"shutterset_6bd4a67f62a7de13e8a03aec327a2ec6\">\n                <img\n                    title=\"SC(2303)\"\n                    alt=\"SC(2303)\"\n                    src=\"http:\/\/www.karate-neuhofen.at\/wp-content\/gallery\/9-sommercamp-2017\/thumbs\/thumbs_SC2303.JPG\"\n                    width=\"240\"\n                    height=\"160\"\n                    style=\"max-width:100%;\"\n                \/>\n            <\/a>\n        <\/div>\n\t\t\t\t\t\t\t<\/div> \n\t\t\t\n        \n\t\t\t\t<div id=\"ngg-image-525\" class=\"ngg-gallery-thumbnail-box\" >\n\t\t\t\t        <div class=\"ngg-gallery-thumbnail\">\n            <a href=\"http:\/\/www.karate-neuhofen.at\/wp-content\/gallery\/9-sommercamp-2017\/SC2304.JPG\"\n               title=\"\"\n               data-src=\"http:\/\/www.karate-neuhofen.at\/wp-content\/gallery\/9-sommercamp-2017\/SC2304.JPG\"\n               data-thumbnail=\"http:\/\/www.karate-neuhofen.at\/wp-content\/gallery\/9-sommercamp-2017\/thumbs\/thumbs_SC2304.JPG\"\n               data-image-id=\"16410\"\n               data-title=\"SC(2304)\"\n               data-description=\"\"\n               data-image-slug=\"sc2304\"\n               class=\"shutterset_6bd4a67f62a7de13e8a03aec327a2ec6\">\n                <img\n                    title=\"SC(2304)\"\n                    alt=\"SC(2304)\"\n                    src=\"http:\/\/www.karate-neuhofen.at\/wp-content\/gallery\/9-sommercamp-2017\/thumbs\/thumbs_SC2304.JPG\"\n                    width=\"240\"\n                    height=\"160\"\n                    style=\"max-width:100%;\"\n                \/>\n            <\/a>\n        <\/div>\n\t\t\t\t\t\t\t<\/div> \n\t\t\t\n        \n\t\t\t\t<div id=\"ngg-image-526\" class=\"ngg-gallery-thumbnail-box\" >\n\t\t\t\t        <div class=\"ngg-gallery-thumbnail\">\n            <a href=\"http:\/\/www.karate-neuhofen.at\/wp-content\/gallery\/9-sommercamp-2017\/SC2305.JPG\"\n               title=\"\"\n               data-src=\"http:\/\/www.karate-neuhofen.at\/wp-content\/gallery\/9-sommercamp-2017\/SC2305.JPG\"\n               data-thumbnail=\"http:\/\/www.karate-neuhofen.at\/wp-content\/gallery\/9-sommercamp-2017\/thumbs\/thumbs_SC2305.JPG\"\n               data-image-id=\"16411\"\n               data-title=\"SC(2305)\"\n               data-description=\"\"\n               data-image-slug=\"sc2305\"\n               class=\"shutterset_6bd4a67f62a7de13e8a03aec327a2ec6\">\n                <img\n                    title=\"SC(2305)\"\n                    alt=\"SC(2305)\"\n                    src=\"http:\/\/www.karate-neuhofen.at\/wp-content\/gallery\/9-sommercamp-2017\/thumbs\/thumbs_SC2305.JPG\"\n                    width=\"240\"\n                    height=\"160\"\n                    style=\"max-width:100%;\"\n                \/>\n            <\/a>\n        <\/div>\n\t\t\t\t\t\t\t<\/div> \n\t\t\t\n        \n\t\t\t\t<div id=\"ngg-image-527\" class=\"ngg-gallery-thumbnail-box\" >\n\t\t\t\t        <div class=\"ngg-gallery-thumbnail\">\n            <a href=\"http:\/\/www.karate-neuhofen.at\/wp-content\/gallery\/9-sommercamp-2017\/SC2306.JPG\"\n               title=\"\"\n               data-src=\"http:\/\/www.karate-neuhofen.at\/wp-content\/gallery\/9-sommercamp-2017\/SC2306.JPG\"\n               data-thumbnail=\"http:\/\/www.karate-neuhofen.at\/wp-content\/gallery\/9-sommercamp-2017\/thumbs\/thumbs_SC2306.JPG\"\n               data-image-id=\"16412\"\n               data-title=\"SC(2306)\"\n               data-description=\"\"\n               data-image-slug=\"sc2306\"\n               class=\"shutterset_6bd4a67f62a7de13e8a03aec327a2ec6\">\n                <img\n                    title=\"SC(2306)\"\n                    alt=\"SC(2306)\"\n                    src=\"http:\/\/www.karate-neuhofen.at\/wp-content\/gallery\/9-sommercamp-2017\/thumbs\/thumbs_SC2306.JPG\"\n                    width=\"240\"\n                    height=\"160\"\n                    style=\"max-width:100%;\"\n                \/>\n            <\/a>\n        <\/div>\n\t\t\t\t\t\t\t<\/div> \n\t\t\t\n        \n\t\t\t\t<div id=\"ngg-image-528\" class=\"ngg-gallery-thumbnail-box\" >\n\t\t\t\t        <div class=\"ngg-gallery-thumbnail\">\n            <a href=\"http:\/\/www.karate-neuhofen.at\/wp-content\/gallery\/9-sommercamp-2017\/SC2307.JPG\"\n               title=\"\"\n               data-src=\"http:\/\/www.karate-neuhofen.at\/wp-content\/gallery\/9-sommercamp-2017\/SC2307.JPG\"\n               data-thumbnail=\"http:\/\/www.karate-neuhofen.at\/wp-content\/gallery\/9-sommercamp-2017\/thumbs\/thumbs_SC2307.JPG\"\n               data-image-id=\"16413\"\n               data-title=\"SC(2307)\"\n               data-description=\"\"\n               data-image-slug=\"sc2307\"\n               class=\"shutterset_6bd4a67f62a7de13e8a03aec327a2ec6\">\n                <img\n                    title=\"SC(2307)\"\n                    alt=\"SC(2307)\"\n                    src=\"http:\/\/www.karate-neuhofen.at\/wp-content\/gallery\/9-sommercamp-2017\/thumbs\/thumbs_SC2307.JPG\"\n                    width=\"240\"\n                    height=\"160\"\n                    style=\"max-width:100%;\"\n                \/>\n            <\/a>\n        <\/div>\n\t\t\t\t\t\t\t<\/div> \n\t\t\t\n        \n\t\t\t\t<div id=\"ngg-image-529\" class=\"ngg-gallery-thumbnail-box\" >\n\t\t\t\t        <div class=\"ngg-gallery-thumbnail\">\n            <a href=\"http:\/\/www.karate-neuhofen.at\/wp-content\/gallery\/9-sommercamp-2017\/SC2308.JPG\"\n               title=\"\"\n               data-src=\"http:\/\/www.karate-neuhofen.at\/wp-content\/gallery\/9-sommercamp-2017\/SC2308.JPG\"\n               data-thumbnail=\"http:\/\/www.karate-neuhofen.at\/wp-content\/gallery\/9-sommercamp-2017\/thumbs\/thumbs_SC2308.JPG\"\n               data-image-id=\"16414\"\n               data-title=\"SC(2308)\"\n               data-description=\"\"\n               data-image-slug=\"sc2308\"\n               class=\"shutterset_6bd4a67f62a7de13e8a03aec327a2ec6\">\n                <img\n                    title=\"SC(2308)\"\n                    alt=\"SC(2308)\"\n                    src=\"http:\/\/www.karate-neuhofen.at\/wp-content\/gallery\/9-sommercamp-2017\/thumbs\/thumbs_SC2308.JPG\"\n                    width=\"240\"\n                    height=\"160\"\n                    style=\"max-width:100%;\"\n                \/>\n            <\/a>\n        <\/div>\n\t\t\t\t\t\t\t<\/div> \n\t\t\t\n        \n\t\t\t\t<div id=\"ngg-image-530\" class=\"ngg-gallery-thumbnail-box\" >\n\t\t\t\t        <div class=\"ngg-gallery-thumbnail\">\n            <a href=\"http:\/\/www.karate-neuhofen.at\/wp-content\/gallery\/9-sommercamp-2017\/SC3001.JPG\"\n               title=\"\"\n               data-src=\"http:\/\/www.karate-neuhofen.at\/wp-content\/gallery\/9-sommercamp-2017\/SC3001.JPG\"\n               data-thumbnail=\"http:\/\/www.karate-neuhofen.at\/wp-content\/gallery\/9-sommercamp-2017\/thumbs\/thumbs_SC3001.JPG\"\n               data-image-id=\"16415\"\n               data-title=\"SC(3001)\"\n               data-description=\"\"\n               data-image-slug=\"sc3001\"\n               class=\"shutterset_6bd4a67f62a7de13e8a03aec327a2ec6\">\n                <img\n                    title=\"SC(3001)\"\n                    alt=\"SC(3001)\"\n                    src=\"http:\/\/www.karate-neuhofen.at\/wp-content\/gallery\/9-sommercamp-2017\/thumbs\/thumbs_SC3001.JPG\"\n                    width=\"240\"\n                    height=\"160\"\n                    style=\"max-width:100%;\"\n                \/>\n            <\/a>\n        <\/div>\n\t\t\t\t\t\t\t<\/div> \n\t\t\t\n        \n\t\t\t\t<div id=\"ngg-image-531\" class=\"ngg-gallery-thumbnail-box\" >\n\t\t\t\t        <div class=\"ngg-gallery-thumbnail\">\n            <a href=\"http:\/\/www.karate-neuhofen.at\/wp-content\/gallery\/9-sommercamp-2017\/SC3002.JPG\"\n               title=\"\"\n               data-src=\"http:\/\/www.karate-neuhofen.at\/wp-content\/gallery\/9-sommercamp-2017\/SC3002.JPG\"\n               data-thumbnail=\"http:\/\/www.karate-neuhofen.at\/wp-content\/gallery\/9-sommercamp-2017\/thumbs\/thumbs_SC3002.JPG\"\n               data-image-id=\"16416\"\n               data-title=\"SC(3002)\"\n               data-description=\"\"\n               data-image-slug=\"sc3002\"\n               class=\"shutterset_6bd4a67f62a7de13e8a03aec327a2ec6\">\n                <img\n                    title=\"SC(3002)\"\n                    alt=\"SC(3002)\"\n                    src=\"http:\/\/www.karate-neuhofen.at\/wp-content\/gallery\/9-sommercamp-2017\/thumbs\/thumbs_SC3002.JPG\"\n                    width=\"240\"\n                    height=\"160\"\n                    style=\"max-width:100%;\"\n                \/>\n            <\/a>\n        <\/div>\n\t\t\t\t\t\t\t<\/div> \n\t\t\t\n        \n\t\t\t\t<div id=\"ngg-image-532\" class=\"ngg-gallery-thumbnail-box\" >\n\t\t\t\t        <div class=\"ngg-gallery-thumbnail\">\n            <a href=\"http:\/\/www.karate-neuhofen.at\/wp-content\/gallery\/9-sommercamp-2017\/SC3003.JPG\"\n               title=\"\"\n               data-src=\"http:\/\/www.karate-neuhofen.at\/wp-content\/gallery\/9-sommercamp-2017\/SC3003.JPG\"\n               data-thumbnail=\"http:\/\/www.karate-neuhofen.at\/wp-content\/gallery\/9-sommercamp-2017\/thumbs\/thumbs_SC3003.JPG\"\n               data-image-id=\"16417\"\n               data-title=\"SC(3003)\"\n               data-description=\"\"\n               data-image-slug=\"sc3003\"\n               class=\"shutterset_6bd4a67f62a7de13e8a03aec327a2ec6\">\n                <img\n                    title=\"SC(3003)\"\n                    alt=\"SC(3003)\"\n                    src=\"http:\/\/www.karate-neuhofen.at\/wp-content\/gallery\/9-sommercamp-2017\/thumbs\/thumbs_SC3003.JPG\"\n                    width=\"240\"\n                    height=\"160\"\n                    style=\"max-width:100%;\"\n                \/>\n            <\/a>\n        <\/div>\n\t\t\t\t\t\t\t<\/div> \n\t\t\t\n        \n\t\t\t\t<div id=\"ngg-image-533\" class=\"ngg-gallery-thumbnail-box\" >\n\t\t\t\t        <div class=\"ngg-gallery-thumbnail\">\n            <a href=\"http:\/\/www.karate-neuhofen.at\/wp-content\/gallery\/9-sommercamp-2017\/SC3004.JPG\"\n               title=\"\"\n               data-src=\"http:\/\/www.karate-neuhofen.at\/wp-content\/gallery\/9-sommercamp-2017\/SC3004.JPG\"\n               data-thumbnail=\"http:\/\/www.karate-neuhofen.at\/wp-content\/gallery\/9-sommercamp-2017\/thumbs\/thumbs_SC3004.JPG\"\n               data-image-id=\"16418\"\n               data-title=\"SC(3004)\"\n               data-description=\"\"\n               data-image-slug=\"sc3004\"\n               class=\"shutterset_6bd4a67f62a7de13e8a03aec327a2ec6\">\n                <img\n                    title=\"SC(3004)\"\n                    alt=\"SC(3004)\"\n                    src=\"http:\/\/www.karate-neuhofen.at\/wp-content\/gallery\/9-sommercamp-2017\/thumbs\/thumbs_SC3004.JPG\"\n                    width=\"240\"\n                    height=\"160\"\n                    style=\"max-width:100%;\"\n                \/>\n            <\/a>\n        <\/div>\n\t\t\t\t\t\t\t<\/div> \n\t\t\t\n        \n\t\t\t\t<div id=\"ngg-image-534\" class=\"ngg-gallery-thumbnail-box\" >\n\t\t\t\t        <div class=\"ngg-gallery-thumbnail\">\n            <a href=\"http:\/\/www.karate-neuhofen.at\/wp-content\/gallery\/9-sommercamp-2017\/SC3005.JPG\"\n               title=\"\"\n               data-src=\"http:\/\/www.karate-neuhofen.at\/wp-content\/gallery\/9-sommercamp-2017\/SC3005.JPG\"\n               data-thumbnail=\"http:\/\/www.karate-neuhofen.at\/wp-content\/gallery\/9-sommercamp-2017\/thumbs\/thumbs_SC3005.JPG\"\n               data-image-id=\"16419\"\n               data-title=\"SC(3005)\"\n               data-description=\"\"\n               data-image-slug=\"sc3005\"\n               class=\"shutterset_6bd4a67f62a7de13e8a03aec327a2ec6\">\n                <img\n                    title=\"SC(3005)\"\n                    alt=\"SC(3005)\"\n                    src=\"http:\/\/www.karate-neuhofen.at\/wp-content\/gallery\/9-sommercamp-2017\/thumbs\/thumbs_SC3005.JPG\"\n                    width=\"240\"\n                    height=\"160\"\n                    style=\"max-width:100%;\"\n                \/>\n            <\/a>\n        <\/div>\n\t\t\t\t\t\t\t<\/div> \n\t\t\t\n        \n\t\t\t\t<div id=\"ngg-image-535\" class=\"ngg-gallery-thumbnail-box\" >\n\t\t\t\t        <div class=\"ngg-gallery-thumbnail\">\n            <a href=\"http:\/\/www.karate-neuhofen.at\/wp-content\/gallery\/9-sommercamp-2017\/SC3006.JPG\"\n               title=\"\"\n               data-src=\"http:\/\/www.karate-neuhofen.at\/wp-content\/gallery\/9-sommercamp-2017\/SC3006.JPG\"\n               data-thumbnail=\"http:\/\/www.karate-neuhofen.at\/wp-content\/gallery\/9-sommercamp-2017\/thumbs\/thumbs_SC3006.JPG\"\n               data-image-id=\"16420\"\n               data-title=\"SC(3006)\"\n               data-description=\"\"\n               data-image-slug=\"sc3006\"\n               class=\"shutterset_6bd4a67f62a7de13e8a03aec327a2ec6\">\n                <img\n                    title=\"SC(3006)\"\n                    alt=\"SC(3006)\"\n                    src=\"http:\/\/www.karate-neuhofen.at\/wp-content\/gallery\/9-sommercamp-2017\/thumbs\/thumbs_SC3006.JPG\"\n                    width=\"240\"\n                    height=\"160\"\n                    style=\"max-width:100%;\"\n                \/>\n            <\/a>\n        <\/div>\n\t\t\t\t\t\t\t<\/div> \n\t\t\t\n        \n\t\t\t\t<div id=\"ngg-image-536\" class=\"ngg-gallery-thumbnail-box\" >\n\t\t\t\t        <div class=\"ngg-gallery-thumbnail\">\n            <a href=\"http:\/\/www.karate-neuhofen.at\/wp-content\/gallery\/9-sommercamp-2017\/SC3007.JPG\"\n               title=\"\"\n               data-src=\"http:\/\/www.karate-neuhofen.at\/wp-content\/gallery\/9-sommercamp-2017\/SC3007.JPG\"\n               data-thumbnail=\"http:\/\/www.karate-neuhofen.at\/wp-content\/gallery\/9-sommercamp-2017\/thumbs\/thumbs_SC3007.JPG\"\n               data-image-id=\"16421\"\n               data-title=\"SC(3007)\"\n               data-description=\"\"\n               data-image-slug=\"sc3007\"\n               class=\"shutterset_6bd4a67f62a7de13e8a03aec327a2ec6\">\n                <img\n                    title=\"SC(3007)\"\n                    alt=\"SC(3007)\"\n                    src=\"http:\/\/www.karate-neuhofen.at\/wp-content\/gallery\/9-sommercamp-2017\/thumbs\/thumbs_SC3007.JPG\"\n                    width=\"240\"\n                    height=\"160\"\n                    style=\"max-width:100%;\"\n                \/>\n            <\/a>\n        <\/div>\n\t\t\t\t\t\t\t<\/div> \n\t\t\t\n        \n\t\t\t\t<div id=\"ngg-image-537\" class=\"ngg-gallery-thumbnail-box\" >\n\t\t\t\t        <div class=\"ngg-gallery-thumbnail\">\n            <a href=\"http:\/\/www.karate-neuhofen.at\/wp-content\/gallery\/9-sommercamp-2017\/SC3008.JPG\"\n               title=\"\"\n               data-src=\"http:\/\/www.karate-neuhofen.at\/wp-content\/gallery\/9-sommercamp-2017\/SC3008.JPG\"\n               data-thumbnail=\"http:\/\/www.karate-neuhofen.at\/wp-content\/gallery\/9-sommercamp-2017\/thumbs\/thumbs_SC3008.JPG\"\n               data-image-id=\"16422\"\n               data-title=\"SC(3008)\"\n               data-description=\"\"\n               data-image-slug=\"sc3008\"\n               class=\"shutterset_6bd4a67f62a7de13e8a03aec327a2ec6\">\n                <img\n                    title=\"SC(3008)\"\n                    alt=\"SC(3008)\"\n                    src=\"http:\/\/www.karate-neuhofen.at\/wp-content\/gallery\/9-sommercamp-2017\/thumbs\/thumbs_SC3008.JPG\"\n                    width=\"240\"\n                    height=\"160\"\n                    style=\"max-width:100%;\"\n                \/>\n            <\/a>\n        <\/div>\n\t\t\t\t\t\t\t<\/div> \n\t\t\t\n        \n\t\t\t\t<div id=\"ngg-image-538\" class=\"ngg-gallery-thumbnail-box\" >\n\t\t\t\t        <div class=\"ngg-gallery-thumbnail\">\n            <a href=\"http:\/\/www.karate-neuhofen.at\/wp-content\/gallery\/9-sommercamp-2017\/SC3009.JPG\"\n               title=\"\"\n               data-src=\"http:\/\/www.karate-neuhofen.at\/wp-content\/gallery\/9-sommercamp-2017\/SC3009.JPG\"\n               data-thumbnail=\"http:\/\/www.karate-neuhofen.at\/wp-content\/gallery\/9-sommercamp-2017\/thumbs\/thumbs_SC3009.JPG\"\n               data-image-id=\"16423\"\n               data-title=\"SC(3009)\"\n               data-description=\"\"\n               data-image-slug=\"sc3009\"\n               class=\"shutterset_6bd4a67f62a7de13e8a03aec327a2ec6\">\n                <img\n                    title=\"SC(3009)\"\n                    alt=\"SC(3009)\"\n                    src=\"http:\/\/www.karate-neuhofen.at\/wp-content\/gallery\/9-sommercamp-2017\/thumbs\/thumbs_SC3009.JPG\"\n                    width=\"240\"\n                    height=\"160\"\n                    style=\"max-width:100%;\"\n                \/>\n            <\/a>\n        <\/div>\n\t\t\t\t\t\t\t<\/div> \n\t\t\t\n        \n\t\t\t\t<div id=\"ngg-image-539\" class=\"ngg-gallery-thumbnail-box\" >\n\t\t\t\t        <div class=\"ngg-gallery-thumbnail\">\n            <a href=\"http:\/\/www.karate-neuhofen.at\/wp-content\/gallery\/9-sommercamp-2017\/SC3010.JPG\"\n               title=\"\"\n               data-src=\"http:\/\/www.karate-neuhofen.at\/wp-content\/gallery\/9-sommercamp-2017\/SC3010.JPG\"\n               data-thumbnail=\"http:\/\/www.karate-neuhofen.at\/wp-content\/gallery\/9-sommercamp-2017\/thumbs\/thumbs_SC3010.JPG\"\n               data-image-id=\"16424\"\n               data-title=\"SC(3010)\"\n               data-description=\"\"\n               data-image-slug=\"sc3010\"\n               class=\"shutterset_6bd4a67f62a7de13e8a03aec327a2ec6\">\n                <img\n                    title=\"SC(3010)\"\n                    alt=\"SC(3010)\"\n                    src=\"http:\/\/www.karate-neuhofen.at\/wp-content\/gallery\/9-sommercamp-2017\/thumbs\/thumbs_SC3010.JPG\"\n                    width=\"240\"\n                    height=\"160\"\n                    style=\"max-width:100%;\"\n                \/>\n            <\/a>\n        <\/div>\n\t\t\t\t\t\t\t<\/div> \n\t\t\t\n        \n\t\t\t\t<div id=\"ngg-image-540\" class=\"ngg-gallery-thumbnail-box\" >\n\t\t\t\t        <div class=\"ngg-gallery-thumbnail\">\n            <a href=\"http:\/\/www.karate-neuhofen.at\/wp-content\/gallery\/9-sommercamp-2017\/SC3011.JPG\"\n               title=\"\"\n               data-src=\"http:\/\/www.karate-neuhofen.at\/wp-content\/gallery\/9-sommercamp-2017\/SC3011.JPG\"\n               data-thumbnail=\"http:\/\/www.karate-neuhofen.at\/wp-content\/gallery\/9-sommercamp-2017\/thumbs\/thumbs_SC3011.JPG\"\n               data-image-id=\"16425\"\n               data-title=\"SC(3011)\"\n               data-description=\"\"\n               data-image-slug=\"sc3011\"\n               class=\"shutterset_6bd4a67f62a7de13e8a03aec327a2ec6\">\n                <img\n                    title=\"SC(3011)\"\n                    alt=\"SC(3011)\"\n                    src=\"http:\/\/www.karate-neuhofen.at\/wp-content\/gallery\/9-sommercamp-2017\/thumbs\/thumbs_SC3011.JPG\"\n                    width=\"240\"\n                    height=\"160\"\n                    style=\"max-width:100%;\"\n                \/>\n            <\/a>\n        <\/div>\n\t\t\t\t\t\t\t<\/div> \n\t\t\t\n        \n\t\t\t\t<div id=\"ngg-image-541\" class=\"ngg-gallery-thumbnail-box\" >\n\t\t\t\t        <div class=\"ngg-gallery-thumbnail\">\n            <a href=\"http:\/\/www.karate-neuhofen.at\/wp-content\/gallery\/9-sommercamp-2017\/SC3012.JPG\"\n               title=\"\"\n               data-src=\"http:\/\/www.karate-neuhofen.at\/wp-content\/gallery\/9-sommercamp-2017\/SC3012.JPG\"\n               data-thumbnail=\"http:\/\/www.karate-neuhofen.at\/wp-content\/gallery\/9-sommercamp-2017\/thumbs\/thumbs_SC3012.JPG\"\n               data-image-id=\"16426\"\n               data-title=\"SC(3012)\"\n               data-description=\"\"\n               data-image-slug=\"sc3012\"\n               class=\"shutterset_6bd4a67f62a7de13e8a03aec327a2ec6\">\n                <img\n                    title=\"SC(3012)\"\n                    alt=\"SC(3012)\"\n                    src=\"http:\/\/www.karate-neuhofen.at\/wp-content\/gallery\/9-sommercamp-2017\/thumbs\/thumbs_SC3012.JPG\"\n                    width=\"240\"\n                    height=\"160\"\n                    style=\"max-width:100%;\"\n                \/>\n            <\/a>\n        <\/div>\n\t\t\t\t\t\t\t<\/div> \n\t\t\t\n        \n\t\t\t\t<div id=\"ngg-image-542\" class=\"ngg-gallery-thumbnail-box\" >\n\t\t\t\t        <div class=\"ngg-gallery-thumbnail\">\n            <a href=\"http:\/\/www.karate-neuhofen.at\/wp-content\/gallery\/9-sommercamp-2017\/SC3013.JPG\"\n               title=\"\"\n               data-src=\"http:\/\/www.karate-neuhofen.at\/wp-content\/gallery\/9-sommercamp-2017\/SC3013.JPG\"\n               data-thumbnail=\"http:\/\/www.karate-neuhofen.at\/wp-content\/gallery\/9-sommercamp-2017\/thumbs\/thumbs_SC3013.JPG\"\n               data-image-id=\"16427\"\n               data-title=\"SC(3013)\"\n               data-description=\"\"\n               data-image-slug=\"sc3013\"\n               class=\"shutterset_6bd4a67f62a7de13e8a03aec327a2ec6\">\n                <img\n                    title=\"SC(3013)\"\n                    alt=\"SC(3013)\"\n                    src=\"http:\/\/www.karate-neuhofen.at\/wp-content\/gallery\/9-sommercamp-2017\/thumbs\/thumbs_SC3013.JPG\"\n                    width=\"240\"\n                    height=\"160\"\n                    style=\"max-width:100%;\"\n                \/>\n            <\/a>\n        <\/div>\n\t\t\t\t\t\t\t<\/div> \n\t\t\t\n        \n\t\t\t\t<div id=\"ngg-image-543\" class=\"ngg-gallery-thumbnail-box\" >\n\t\t\t\t        <div class=\"ngg-gallery-thumbnail\">\n            <a href=\"http:\/\/www.karate-neuhofen.at\/wp-content\/gallery\/9-sommercamp-2017\/SC3014.JPG\"\n               title=\"\"\n               data-src=\"http:\/\/www.karate-neuhofen.at\/wp-content\/gallery\/9-sommercamp-2017\/SC3014.JPG\"\n               data-thumbnail=\"http:\/\/www.karate-neuhofen.at\/wp-content\/gallery\/9-sommercamp-2017\/thumbs\/thumbs_SC3014.JPG\"\n               data-image-id=\"16428\"\n               data-title=\"SC(3014)\"\n               data-description=\"\"\n               data-image-slug=\"sc3014\"\n               class=\"shutterset_6bd4a67f62a7de13e8a03aec327a2ec6\">\n                <img\n                    title=\"SC(3014)\"\n                    alt=\"SC(3014)\"\n                    src=\"http:\/\/www.karate-neuhofen.at\/wp-content\/gallery\/9-sommercamp-2017\/thumbs\/thumbs_SC3014.JPG\"\n                    width=\"240\"\n                    height=\"160\"\n                    style=\"max-width:100%;\"\n                \/>\n            <\/a>\n        <\/div>\n\t\t\t\t\t\t\t<\/div> \n\t\t\t\n        \n\t\t\t\t<div id=\"ngg-image-544\" class=\"ngg-gallery-thumbnail-box\" >\n\t\t\t\t        <div class=\"ngg-gallery-thumbnail\">\n            <a href=\"http:\/\/www.karate-neuhofen.at\/wp-content\/gallery\/9-sommercamp-2017\/SC3015.JPG\"\n               title=\"\"\n               data-src=\"http:\/\/www.karate-neuhofen.at\/wp-content\/gallery\/9-sommercamp-2017\/SC3015.JPG\"\n               data-thumbnail=\"http:\/\/www.karate-neuhofen.at\/wp-content\/gallery\/9-sommercamp-2017\/thumbs\/thumbs_SC3015.JPG\"\n               data-image-id=\"16429\"\n               data-title=\"SC(3015)\"\n               data-description=\"\"\n               data-image-slug=\"sc3015\"\n               class=\"shutterset_6bd4a67f62a7de13e8a03aec327a2ec6\">\n                <img\n                    title=\"SC(3015)\"\n                    alt=\"SC(3015)\"\n                    src=\"http:\/\/www.karate-neuhofen.at\/wp-content\/gallery\/9-sommercamp-2017\/thumbs\/thumbs_SC3015.JPG\"\n                    width=\"240\"\n                    height=\"160\"\n                    style=\"max-width:100%;\"\n                \/>\n            <\/a>\n        <\/div>\n\t\t\t\t\t\t\t<\/div> \n\t\t\t\n        \n\t\t\t\t<div id=\"ngg-image-545\" class=\"ngg-gallery-thumbnail-box\" >\n\t\t\t\t        <div class=\"ngg-gallery-thumbnail\">\n            <a href=\"http:\/\/www.karate-neuhofen.at\/wp-content\/gallery\/9-sommercamp-2017\/SC3016.JPG\"\n               title=\"\"\n               data-src=\"http:\/\/www.karate-neuhofen.at\/wp-content\/gallery\/9-sommercamp-2017\/SC3016.JPG\"\n               data-thumbnail=\"http:\/\/www.karate-neuhofen.at\/wp-content\/gallery\/9-sommercamp-2017\/thumbs\/thumbs_SC3016.JPG\"\n               data-image-id=\"16430\"\n               data-title=\"SC(3016)\"\n               data-description=\"\"\n               data-image-slug=\"sc3016\"\n               class=\"shutterset_6bd4a67f62a7de13e8a03aec327a2ec6\">\n                <img\n                    title=\"SC(3016)\"\n                    alt=\"SC(3016)\"\n                    src=\"http:\/\/www.karate-neuhofen.at\/wp-content\/gallery\/9-sommercamp-2017\/thumbs\/thumbs_SC3016.JPG\"\n                    width=\"240\"\n                    height=\"160\"\n                    style=\"max-width:100%;\"\n                \/>\n            <\/a>\n        <\/div>\n\t\t\t\t\t\t\t<\/div> \n\t\t\t\n        \n\t\t\t\t<div id=\"ngg-image-546\" class=\"ngg-gallery-thumbnail-box\" >\n\t\t\t\t        <div class=\"ngg-gallery-thumbnail\">\n            <a href=\"http:\/\/www.karate-neuhofen.at\/wp-content\/gallery\/9-sommercamp-2017\/SC3017.JPG\"\n               title=\"\"\n               data-src=\"http:\/\/www.karate-neuhofen.at\/wp-content\/gallery\/9-sommercamp-2017\/SC3017.JPG\"\n               data-thumbnail=\"http:\/\/www.karate-neuhofen.at\/wp-content\/gallery\/9-sommercamp-2017\/thumbs\/thumbs_SC3017.JPG\"\n               data-image-id=\"16431\"\n               data-title=\"SC(3017)\"\n               data-description=\"\"\n               data-image-slug=\"sc3017\"\n               class=\"shutterset_6bd4a67f62a7de13e8a03aec327a2ec6\">\n                <img\n                    title=\"SC(3017)\"\n                    alt=\"SC(3017)\"\n                    src=\"http:\/\/www.karate-neuhofen.at\/wp-content\/gallery\/9-sommercamp-2017\/thumbs\/thumbs_SC3017.JPG\"\n                    width=\"240\"\n                    height=\"160\"\n                    style=\"max-width:100%;\"\n                \/>\n            <\/a>\n        <\/div>\n\t\t\t\t\t\t\t<\/div> \n\t\t\t\n        \n\t\t\t\t<div id=\"ngg-image-547\" class=\"ngg-gallery-thumbnail-box\" >\n\t\t\t\t        <div class=\"ngg-gallery-thumbnail\">\n            <a href=\"http:\/\/www.karate-neuhofen.at\/wp-content\/gallery\/9-sommercamp-2017\/SC3018.JPG\"\n               title=\"\"\n               data-src=\"http:\/\/www.karate-neuhofen.at\/wp-content\/gallery\/9-sommercamp-2017\/SC3018.JPG\"\n               data-thumbnail=\"http:\/\/www.karate-neuhofen.at\/wp-content\/gallery\/9-sommercamp-2017\/thumbs\/thumbs_SC3018.JPG\"\n               data-image-id=\"16432\"\n               data-title=\"SC(3018)\"\n               data-description=\"\"\n               data-image-slug=\"sc3018\"\n               class=\"shutterset_6bd4a67f62a7de13e8a03aec327a2ec6\">\n                <img\n                    title=\"SC(3018)\"\n                    alt=\"SC(3018)\"\n                    src=\"http:\/\/www.karate-neuhofen.at\/wp-content\/gallery\/9-sommercamp-2017\/thumbs\/thumbs_SC3018.JPG\"\n                    width=\"240\"\n                    height=\"160\"\n                    style=\"max-width:100%;\"\n                \/>\n            <\/a>\n        <\/div>\n\t\t\t\t\t\t\t<\/div> \n\t\t\t\n        \n\t\t\t\t<div id=\"ngg-image-548\" class=\"ngg-gallery-thumbnail-box\" >\n\t\t\t\t        <div class=\"ngg-gallery-thumbnail\">\n            <a href=\"http:\/\/www.karate-neuhofen.at\/wp-content\/gallery\/9-sommercamp-2017\/SC3019.JPG\"\n               title=\"\"\n               data-src=\"http:\/\/www.karate-neuhofen.at\/wp-content\/gallery\/9-sommercamp-2017\/SC3019.JPG\"\n               data-thumbnail=\"http:\/\/www.karate-neuhofen.at\/wp-content\/gallery\/9-sommercamp-2017\/thumbs\/thumbs_SC3019.JPG\"\n               data-image-id=\"16433\"\n               data-title=\"SC(3019)\"\n               data-description=\"\"\n               data-image-slug=\"sc3019\"\n               class=\"shutterset_6bd4a67f62a7de13e8a03aec327a2ec6\">\n                <img\n                    title=\"SC(3019)\"\n                    alt=\"SC(3019)\"\n                    src=\"http:\/\/www.karate-neuhofen.at\/wp-content\/gallery\/9-sommercamp-2017\/thumbs\/thumbs_SC3019.JPG\"\n                    width=\"240\"\n                    height=\"160\"\n                    style=\"max-width:100%;\"\n                \/>\n            <\/a>\n        <\/div>\n\t\t\t\t\t\t\t<\/div> \n\t\t\t\n        \n\t\t\t\t<div id=\"ngg-image-549\" class=\"ngg-gallery-thumbnail-box\" >\n\t\t\t\t        <div class=\"ngg-gallery-thumbnail\">\n            <a href=\"http:\/\/www.karate-neuhofen.at\/wp-content\/gallery\/9-sommercamp-2017\/SC3020.JPG\"\n               title=\"\"\n               data-src=\"http:\/\/www.karate-neuhofen.at\/wp-content\/gallery\/9-sommercamp-2017\/SC3020.JPG\"\n               data-thumbnail=\"http:\/\/www.karate-neuhofen.at\/wp-content\/gallery\/9-sommercamp-2017\/thumbs\/thumbs_SC3020.JPG\"\n               data-image-id=\"16434\"\n               data-title=\"SC(3020)\"\n               data-description=\"\"\n               data-image-slug=\"sc3020\"\n               class=\"shutterset_6bd4a67f62a7de13e8a03aec327a2ec6\">\n                <img\n                    title=\"SC(3020)\"\n                    alt=\"SC(3020)\"\n                    src=\"http:\/\/www.karate-neuhofen.at\/wp-content\/gallery\/9-sommercamp-2017\/thumbs\/thumbs_SC3020.JPG\"\n                    width=\"240\"\n                    height=\"160\"\n                    style=\"max-width:100%;\"\n                \/>\n            <\/a>\n        <\/div>\n\t\t\t\t\t\t\t<\/div> \n\t\t\t\n        \n\t\t\t\t<div id=\"ngg-image-550\" class=\"ngg-gallery-thumbnail-box\" >\n\t\t\t\t        <div class=\"ngg-gallery-thumbnail\">\n            <a href=\"http:\/\/www.karate-neuhofen.at\/wp-content\/gallery\/9-sommercamp-2017\/SC3021.JPG\"\n               title=\"\"\n               data-src=\"http:\/\/www.karate-neuhofen.at\/wp-content\/gallery\/9-sommercamp-2017\/SC3021.JPG\"\n               data-thumbnail=\"http:\/\/www.karate-neuhofen.at\/wp-content\/gallery\/9-sommercamp-2017\/thumbs\/thumbs_SC3021.JPG\"\n               data-image-id=\"16435\"\n               data-title=\"SC(3021)\"\n               data-description=\"\"\n               data-image-slug=\"sc3021\"\n               class=\"shutterset_6bd4a67f62a7de13e8a03aec327a2ec6\">\n                <img\n                    title=\"SC(3021)\"\n                    alt=\"SC(3021)\"\n                    src=\"http:\/\/www.karate-neuhofen.at\/wp-content\/gallery\/9-sommercamp-2017\/thumbs\/thumbs_SC3021.JPG\"\n                    width=\"240\"\n                    height=\"160\"\n                    style=\"max-width:100%;\"\n                \/>\n            <\/a>\n        <\/div>\n\t\t\t\t\t\t\t<\/div> \n\t\t\t\n        \n\t\t\t\t<div id=\"ngg-image-551\" class=\"ngg-gallery-thumbnail-box\" >\n\t\t\t\t        <div class=\"ngg-gallery-thumbnail\">\n            <a href=\"http:\/\/www.karate-neuhofen.at\/wp-content\/gallery\/9-sommercamp-2017\/SC3022.JPG\"\n               title=\"\"\n               data-src=\"http:\/\/www.karate-neuhofen.at\/wp-content\/gallery\/9-sommercamp-2017\/SC3022.JPG\"\n               data-thumbnail=\"http:\/\/www.karate-neuhofen.at\/wp-content\/gallery\/9-sommercamp-2017\/thumbs\/thumbs_SC3022.JPG\"\n               data-image-id=\"16436\"\n               data-title=\"SC(3022)\"\n               data-description=\"\"\n               data-image-slug=\"sc3022\"\n               class=\"shutterset_6bd4a67f62a7de13e8a03aec327a2ec6\">\n                <img\n                    title=\"SC(3022)\"\n                    alt=\"SC(3022)\"\n                    src=\"http:\/\/www.karate-neuhofen.at\/wp-content\/gallery\/9-sommercamp-2017\/thumbs\/thumbs_SC3022.JPG\"\n                    width=\"240\"\n                    height=\"160\"\n                    style=\"max-width:100%;\"\n                \/>\n            <\/a>\n        <\/div>\n\t\t\t\t\t\t\t<\/div> \n\t\t\t\n        \n\t\t\t\t<div id=\"ngg-image-552\" class=\"ngg-gallery-thumbnail-box\" >\n\t\t\t\t        <div class=\"ngg-gallery-thumbnail\">\n            <a href=\"http:\/\/www.karate-neuhofen.at\/wp-content\/gallery\/9-sommercamp-2017\/SC3023.JPG\"\n               title=\"\"\n               data-src=\"http:\/\/www.karate-neuhofen.at\/wp-content\/gallery\/9-sommercamp-2017\/SC3023.JPG\"\n               data-thumbnail=\"http:\/\/www.karate-neuhofen.at\/wp-content\/gallery\/9-sommercamp-2017\/thumbs\/thumbs_SC3023.JPG\"\n               data-image-id=\"16437\"\n               data-title=\"SC(3023)\"\n               data-description=\"\"\n               data-image-slug=\"sc3023\"\n               class=\"shutterset_6bd4a67f62a7de13e8a03aec327a2ec6\">\n                <img\n                    title=\"SC(3023)\"\n                    alt=\"SC(3023)\"\n                    src=\"http:\/\/www.karate-neuhofen.at\/wp-content\/gallery\/9-sommercamp-2017\/thumbs\/thumbs_SC3023.JPG\"\n                    width=\"240\"\n                    height=\"160\"\n                    style=\"max-width:100%;\"\n                \/>\n            <\/a>\n        <\/div>\n\t\t\t\t\t\t\t<\/div> \n\t\t\t\n        \n\t\t\t\t<div id=\"ngg-image-553\" class=\"ngg-gallery-thumbnail-box\" >\n\t\t\t\t        <div class=\"ngg-gallery-thumbnail\">\n            <a href=\"http:\/\/www.karate-neuhofen.at\/wp-content\/gallery\/9-sommercamp-2017\/SC3024.JPG\"\n               title=\"\"\n               data-src=\"http:\/\/www.karate-neuhofen.at\/wp-content\/gallery\/9-sommercamp-2017\/SC3024.JPG\"\n               data-thumbnail=\"http:\/\/www.karate-neuhofen.at\/wp-content\/gallery\/9-sommercamp-2017\/thumbs\/thumbs_SC3024.JPG\"\n               data-image-id=\"16438\"\n               data-title=\"SC(3024)\"\n               data-description=\"\"\n               data-image-slug=\"sc3024\"\n               class=\"shutterset_6bd4a67f62a7de13e8a03aec327a2ec6\">\n                <img\n                    title=\"SC(3024)\"\n                    alt=\"SC(3024)\"\n                    src=\"http:\/\/www.karate-neuhofen.at\/wp-content\/gallery\/9-sommercamp-2017\/thumbs\/thumbs_SC3024.JPG\"\n                    width=\"240\"\n                    height=\"160\"\n                    style=\"max-width:100%;\"\n                \/>\n            <\/a>\n        <\/div>\n\t\t\t\t\t\t\t<\/div> \n\t\t\t\n        \n\t\t\t\t<div id=\"ngg-image-554\" class=\"ngg-gallery-thumbnail-box\" >\n\t\t\t\t        <div class=\"ngg-gallery-thumbnail\">\n            <a href=\"http:\/\/www.karate-neuhofen.at\/wp-content\/gallery\/9-sommercamp-2017\/SC3025.JPG\"\n               title=\"\"\n               data-src=\"http:\/\/www.karate-neuhofen.at\/wp-content\/gallery\/9-sommercamp-2017\/SC3025.JPG\"\n               data-thumbnail=\"http:\/\/www.karate-neuhofen.at\/wp-content\/gallery\/9-sommercamp-2017\/thumbs\/thumbs_SC3025.JPG\"\n               data-image-id=\"16439\"\n               data-title=\"SC(3025)\"\n               data-description=\"\"\n               data-image-slug=\"sc3025\"\n               class=\"shutterset_6bd4a67f62a7de13e8a03aec327a2ec6\">\n                <img\n                    title=\"SC(3025)\"\n                    alt=\"SC(3025)\"\n                    src=\"http:\/\/www.karate-neuhofen.at\/wp-content\/gallery\/9-sommercamp-2017\/thumbs\/thumbs_SC3025.JPG\"\n                    width=\"240\"\n                    height=\"160\"\n                    style=\"max-width:100%;\"\n                \/>\n            <\/a>\n        <\/div>\n\t\t\t\t\t\t\t<\/div> \n\t\t\t\n        \n\t\t\t\t<div id=\"ngg-image-555\" class=\"ngg-gallery-thumbnail-box\" >\n\t\t\t\t        <div class=\"ngg-gallery-thumbnail\">\n            <a href=\"http:\/\/www.karate-neuhofen.at\/wp-content\/gallery\/9-sommercamp-2017\/SC3026.JPG\"\n               title=\"\"\n               data-src=\"http:\/\/www.karate-neuhofen.at\/wp-content\/gallery\/9-sommercamp-2017\/SC3026.JPG\"\n               data-thumbnail=\"http:\/\/www.karate-neuhofen.at\/wp-content\/gallery\/9-sommercamp-2017\/thumbs\/thumbs_SC3026.JPG\"\n               data-image-id=\"16440\"\n               data-title=\"SC(3026)\"\n               data-description=\"\"\n               data-image-slug=\"sc3026\"\n               class=\"shutterset_6bd4a67f62a7de13e8a03aec327a2ec6\">\n                <img\n                    title=\"SC(3026)\"\n                    alt=\"SC(3026)\"\n                    src=\"http:\/\/www.karate-neuhofen.at\/wp-content\/gallery\/9-sommercamp-2017\/thumbs\/thumbs_SC3026.JPG\"\n                    width=\"240\"\n                    height=\"160\"\n                    style=\"max-width:100%;\"\n                \/>\n            <\/a>\n        <\/div>\n\t\t\t\t\t\t\t<\/div> \n\t\t\t\n        \n\t\t\t\t<div id=\"ngg-image-556\" class=\"ngg-gallery-thumbnail-box\" >\n\t\t\t\t        <div class=\"ngg-gallery-thumbnail\">\n            <a href=\"http:\/\/www.karate-neuhofen.at\/wp-content\/gallery\/9-sommercamp-2017\/SC3027.JPG\"\n               title=\"\"\n               data-src=\"http:\/\/www.karate-neuhofen.at\/wp-content\/gallery\/9-sommercamp-2017\/SC3027.JPG\"\n               data-thumbnail=\"http:\/\/www.karate-neuhofen.at\/wp-content\/gallery\/9-sommercamp-2017\/thumbs\/thumbs_SC3027.JPG\"\n               data-image-id=\"16441\"\n               data-title=\"SC(3027)\"\n               data-description=\"\"\n               data-image-slug=\"sc3027\"\n               class=\"shutterset_6bd4a67f62a7de13e8a03aec327a2ec6\">\n                <img\n                    title=\"SC(3027)\"\n                    alt=\"SC(3027)\"\n                    src=\"http:\/\/www.karate-neuhofen.at\/wp-content\/gallery\/9-sommercamp-2017\/thumbs\/thumbs_SC3027.JPG\"\n                    width=\"240\"\n                    height=\"160\"\n                    style=\"max-width:100%;\"\n                \/>\n            <\/a>\n        <\/div>\n\t\t\t\t\t\t\t<\/div> \n\t\t\t\n        \n\t\t\t\t<div id=\"ngg-image-557\" class=\"ngg-gallery-thumbnail-box\" >\n\t\t\t\t        <div class=\"ngg-gallery-thumbnail\">\n            <a href=\"http:\/\/www.karate-neuhofen.at\/wp-content\/gallery\/9-sommercamp-2017\/SC3028.JPG\"\n               title=\"\"\n               data-src=\"http:\/\/www.karate-neuhofen.at\/wp-content\/gallery\/9-sommercamp-2017\/SC3028.JPG\"\n               data-thumbnail=\"http:\/\/www.karate-neuhofen.at\/wp-content\/gallery\/9-sommercamp-2017\/thumbs\/thumbs_SC3028.JPG\"\n               data-image-id=\"16442\"\n               data-title=\"SC(3028)\"\n               data-description=\"\"\n               data-image-slug=\"sc3028\"\n               class=\"shutterset_6bd4a67f62a7de13e8a03aec327a2ec6\">\n                <img\n                    title=\"SC(3028)\"\n                    alt=\"SC(3028)\"\n                    src=\"http:\/\/www.karate-neuhofen.at\/wp-content\/gallery\/9-sommercamp-2017\/thumbs\/thumbs_SC3028.JPG\"\n                    width=\"240\"\n                    height=\"160\"\n                    style=\"max-width:100%;\"\n                \/>\n            <\/a>\n        <\/div>\n\t\t\t\t\t\t\t<\/div> \n\t\t\t\n        \n\t\t\t\t<div id=\"ngg-image-558\" class=\"ngg-gallery-thumbnail-box\" >\n\t\t\t\t        <div class=\"ngg-gallery-thumbnail\">\n            <a href=\"http:\/\/www.karate-neuhofen.at\/wp-content\/gallery\/9-sommercamp-2017\/SC3029.JPG\"\n               title=\"\"\n               data-src=\"http:\/\/www.karate-neuhofen.at\/wp-content\/gallery\/9-sommercamp-2017\/SC3029.JPG\"\n               data-thumbnail=\"http:\/\/www.karate-neuhofen.at\/wp-content\/gallery\/9-sommercamp-2017\/thumbs\/thumbs_SC3029.JPG\"\n               data-image-id=\"16443\"\n               data-title=\"SC(3029)\"\n               data-description=\"\"\n               data-image-slug=\"sc3029\"\n               class=\"shutterset_6bd4a67f62a7de13e8a03aec327a2ec6\">\n                <img\n                    title=\"SC(3029)\"\n                    alt=\"SC(3029)\"\n                    src=\"http:\/\/www.karate-neuhofen.at\/wp-content\/gallery\/9-sommercamp-2017\/thumbs\/thumbs_SC3029.JPG\"\n                    width=\"240\"\n                    height=\"160\"\n                    style=\"max-width:100%;\"\n                \/>\n            <\/a>\n        <\/div>\n\t\t\t\t\t\t\t<\/div> \n\t\t\t\n        \n\t\t\t\t<div id=\"ngg-image-559\" class=\"ngg-gallery-thumbnail-box\" >\n\t\t\t\t        <div class=\"ngg-gallery-thumbnail\">\n            <a href=\"http:\/\/www.karate-neuhofen.at\/wp-content\/gallery\/9-sommercamp-2017\/SC3030.JPG\"\n               title=\"\"\n               data-src=\"http:\/\/www.karate-neuhofen.at\/wp-content\/gallery\/9-sommercamp-2017\/SC3030.JPG\"\n               data-thumbnail=\"http:\/\/www.karate-neuhofen.at\/wp-content\/gallery\/9-sommercamp-2017\/thumbs\/thumbs_SC3030.JPG\"\n               data-image-id=\"16444\"\n               data-title=\"SC(3030)\"\n               data-description=\"\"\n               data-image-slug=\"sc3030\"\n               class=\"shutterset_6bd4a67f62a7de13e8a03aec327a2ec6\">\n                <img\n                    title=\"SC(3030)\"\n                    alt=\"SC(3030)\"\n                    src=\"http:\/\/www.karate-neuhofen.at\/wp-content\/gallery\/9-sommercamp-2017\/thumbs\/thumbs_SC3030.JPG\"\n                    width=\"240\"\n                    height=\"160\"\n                    style=\"max-width:100%;\"\n                \/>\n            <\/a>\n        <\/div>\n\t\t\t\t\t\t\t<\/div> \n\t\t\t\n        \n\t\t\t\t<div id=\"ngg-image-560\" class=\"ngg-gallery-thumbnail-box\" >\n\t\t\t\t        <div class=\"ngg-gallery-thumbnail\">\n            <a href=\"http:\/\/www.karate-neuhofen.at\/wp-content\/gallery\/9-sommercamp-2017\/SC3031.JPG\"\n               title=\"\"\n               data-src=\"http:\/\/www.karate-neuhofen.at\/wp-content\/gallery\/9-sommercamp-2017\/SC3031.JPG\"\n               data-thumbnail=\"http:\/\/www.karate-neuhofen.at\/wp-content\/gallery\/9-sommercamp-2017\/thumbs\/thumbs_SC3031.JPG\"\n               data-image-id=\"16445\"\n               data-title=\"SC(3031)\"\n               data-description=\"\"\n               data-image-slug=\"sc3031\"\n               class=\"shutterset_6bd4a67f62a7de13e8a03aec327a2ec6\">\n                <img\n                    title=\"SC(3031)\"\n                    alt=\"SC(3031)\"\n                    src=\"http:\/\/www.karate-neuhofen.at\/wp-content\/gallery\/9-sommercamp-2017\/thumbs\/thumbs_SC3031.JPG\"\n                    width=\"240\"\n                    height=\"160\"\n                    style=\"max-width:100%;\"\n                \/>\n            <\/a>\n        <\/div>\n\t\t\t\t\t\t\t<\/div> \n\t\t\t\n        \n\t\t\t\t<div id=\"ngg-image-561\" class=\"ngg-gallery-thumbnail-box\" >\n\t\t\t\t        <div class=\"ngg-gallery-thumbnail\">\n            <a href=\"http:\/\/www.karate-neuhofen.at\/wp-content\/gallery\/9-sommercamp-2017\/SC3032.JPG\"\n               title=\"\"\n               data-src=\"http:\/\/www.karate-neuhofen.at\/wp-content\/gallery\/9-sommercamp-2017\/SC3032.JPG\"\n               data-thumbnail=\"http:\/\/www.karate-neuhofen.at\/wp-content\/gallery\/9-sommercamp-2017\/thumbs\/thumbs_SC3032.JPG\"\n               data-image-id=\"16446\"\n               data-title=\"SC(3032)\"\n               data-description=\"\"\n               data-image-slug=\"sc3032\"\n               class=\"shutterset_6bd4a67f62a7de13e8a03aec327a2ec6\">\n                <img\n                    title=\"SC(3032)\"\n                    alt=\"SC(3032)\"\n                    src=\"http:\/\/www.karate-neuhofen.at\/wp-content\/gallery\/9-sommercamp-2017\/thumbs\/thumbs_SC3032.JPG\"\n                    width=\"240\"\n                    height=\"160\"\n                    style=\"max-width:100%;\"\n                \/>\n            <\/a>\n        <\/div>\n\t\t\t\t\t\t\t<\/div> \n\t\t\t\n        \n\t\t\t\t<div id=\"ngg-image-562\" class=\"ngg-gallery-thumbnail-box\" >\n\t\t\t\t        <div class=\"ngg-gallery-thumbnail\">\n            <a href=\"http:\/\/www.karate-neuhofen.at\/wp-content\/gallery\/9-sommercamp-2017\/SC3033.JPG\"\n               title=\"\"\n               data-src=\"http:\/\/www.karate-neuhofen.at\/wp-content\/gallery\/9-sommercamp-2017\/SC3033.JPG\"\n               data-thumbnail=\"http:\/\/www.karate-neuhofen.at\/wp-content\/gallery\/9-sommercamp-2017\/thumbs\/thumbs_SC3033.JPG\"\n               data-image-id=\"16447\"\n               data-title=\"SC(3033)\"\n               data-description=\"\"\n               data-image-slug=\"sc3033\"\n               class=\"shutterset_6bd4a67f62a7de13e8a03aec327a2ec6\">\n                <img\n                    title=\"SC(3033)\"\n                    alt=\"SC(3033)\"\n                    src=\"http:\/\/www.karate-neuhofen.at\/wp-content\/gallery\/9-sommercamp-2017\/thumbs\/thumbs_SC3033.JPG\"\n                    width=\"240\"\n                    height=\"160\"\n                    style=\"max-width:100%;\"\n                \/>\n            <\/a>\n        <\/div>\n\t\t\t\t\t\t\t<\/div> \n\t\t\t\n        \n\t\t\t\t<div id=\"ngg-image-563\" class=\"ngg-gallery-thumbnail-box\" >\n\t\t\t\t        <div class=\"ngg-gallery-thumbnail\">\n            <a href=\"http:\/\/www.karate-neuhofen.at\/wp-content\/gallery\/9-sommercamp-2017\/SC3034.JPG\"\n               title=\"\"\n               data-src=\"http:\/\/www.karate-neuhofen.at\/wp-content\/gallery\/9-sommercamp-2017\/SC3034.JPG\"\n               data-thumbnail=\"http:\/\/www.karate-neuhofen.at\/wp-content\/gallery\/9-sommercamp-2017\/thumbs\/thumbs_SC3034.JPG\"\n               data-image-id=\"16448\"\n               data-title=\"SC(3034)\"\n               data-description=\"\"\n               data-image-slug=\"sc3034\"\n               class=\"shutterset_6bd4a67f62a7de13e8a03aec327a2ec6\">\n                <img\n                    title=\"SC(3034)\"\n                    alt=\"SC(3034)\"\n                    src=\"http:\/\/www.karate-neuhofen.at\/wp-content\/gallery\/9-sommercamp-2017\/thumbs\/thumbs_SC3034.JPG\"\n                    width=\"240\"\n                    height=\"160\"\n                    style=\"max-width:100%;\"\n                \/>\n            <\/a>\n        <\/div>\n\t\t\t\t\t\t\t<\/div> \n\t\t\t\n        \n\t\t\t\t<div id=\"ngg-image-564\" class=\"ngg-gallery-thumbnail-box\" >\n\t\t\t\t        <div class=\"ngg-gallery-thumbnail\">\n            <a href=\"http:\/\/www.karate-neuhofen.at\/wp-content\/gallery\/9-sommercamp-2017\/SC3035.JPG\"\n               title=\"\"\n               data-src=\"http:\/\/www.karate-neuhofen.at\/wp-content\/gallery\/9-sommercamp-2017\/SC3035.JPG\"\n               data-thumbnail=\"http:\/\/www.karate-neuhofen.at\/wp-content\/gallery\/9-sommercamp-2017\/thumbs\/thumbs_SC3035.JPG\"\n               data-image-id=\"16449\"\n               data-title=\"SC(3035)\"\n               data-description=\"\"\n               data-image-slug=\"sc3035\"\n               class=\"shutterset_6bd4a67f62a7de13e8a03aec327a2ec6\">\n                <img\n                    title=\"SC(3035)\"\n                    alt=\"SC(3035)\"\n                    src=\"http:\/\/www.karate-neuhofen.at\/wp-content\/gallery\/9-sommercamp-2017\/thumbs\/thumbs_SC3035.JPG\"\n                    width=\"240\"\n                    height=\"160\"\n                    style=\"max-width:100%;\"\n                \/>\n            <\/a>\n        <\/div>\n\t\t\t\t\t\t\t<\/div> \n\t\t\t\n        \n\t\t\t\t<div id=\"ngg-image-565\" class=\"ngg-gallery-thumbnail-box\" >\n\t\t\t\t        <div class=\"ngg-gallery-thumbnail\">\n            <a href=\"http:\/\/www.karate-neuhofen.at\/wp-content\/gallery\/9-sommercamp-2017\/SC3036.JPG\"\n               title=\"\"\n               data-src=\"http:\/\/www.karate-neuhofen.at\/wp-content\/gallery\/9-sommercamp-2017\/SC3036.JPG\"\n               data-thumbnail=\"http:\/\/www.karate-neuhofen.at\/wp-content\/gallery\/9-sommercamp-2017\/thumbs\/thumbs_SC3036.JPG\"\n               data-image-id=\"16450\"\n               data-title=\"SC(3036)\"\n               data-description=\"\"\n               data-image-slug=\"sc3036\"\n               class=\"shutterset_6bd4a67f62a7de13e8a03aec327a2ec6\">\n                <img\n                    title=\"SC(3036)\"\n                    alt=\"SC(3036)\"\n                    src=\"http:\/\/www.karate-neuhofen.at\/wp-content\/gallery\/9-sommercamp-2017\/thumbs\/thumbs_SC3036.JPG\"\n                    width=\"240\"\n                    height=\"160\"\n                    style=\"max-width:100%;\"\n                \/>\n            <\/a>\n        <\/div>\n\t\t\t\t\t\t\t<\/div> \n\t\t\t\n        \n\t\t\t\t<div id=\"ngg-image-566\" class=\"ngg-gallery-thumbnail-box\" >\n\t\t\t\t        <div class=\"ngg-gallery-thumbnail\">\n            <a href=\"http:\/\/www.karate-neuhofen.at\/wp-content\/gallery\/9-sommercamp-2017\/SC3037.JPG\"\n               title=\"\"\n               data-src=\"http:\/\/www.karate-neuhofen.at\/wp-content\/gallery\/9-sommercamp-2017\/SC3037.JPG\"\n               data-thumbnail=\"http:\/\/www.karate-neuhofen.at\/wp-content\/gallery\/9-sommercamp-2017\/thumbs\/thumbs_SC3037.JPG\"\n               data-image-id=\"16451\"\n               data-title=\"SC(3037)\"\n               data-description=\"\"\n               data-image-slug=\"sc3037\"\n               class=\"shutterset_6bd4a67f62a7de13e8a03aec327a2ec6\">\n                <img\n                    title=\"SC(3037)\"\n                    alt=\"SC(3037)\"\n                    src=\"http:\/\/www.karate-neuhofen.at\/wp-content\/gallery\/9-sommercamp-2017\/thumbs\/thumbs_SC3037.JPG\"\n                    width=\"240\"\n                    height=\"160\"\n                    style=\"max-width:100%;\"\n                \/>\n            <\/a>\n        <\/div>\n\t\t\t\t\t\t\t<\/div> \n\t\t\t\n        \n\t\t\t\t<div id=\"ngg-image-567\" class=\"ngg-gallery-thumbnail-box\" >\n\t\t\t\t        <div class=\"ngg-gallery-thumbnail\">\n            <a href=\"http:\/\/www.karate-neuhofen.at\/wp-content\/gallery\/9-sommercamp-2017\/SC3038.JPG\"\n               title=\"\"\n               data-src=\"http:\/\/www.karate-neuhofen.at\/wp-content\/gallery\/9-sommercamp-2017\/SC3038.JPG\"\n               data-thumbnail=\"http:\/\/www.karate-neuhofen.at\/wp-content\/gallery\/9-sommercamp-2017\/thumbs\/thumbs_SC3038.JPG\"\n               data-image-id=\"16452\"\n               data-title=\"SC(3038)\"\n               data-description=\"\"\n               data-image-slug=\"sc3038\"\n               class=\"shutterset_6bd4a67f62a7de13e8a03aec327a2ec6\">\n                <img\n                    title=\"SC(3038)\"\n                    alt=\"SC(3038)\"\n                    src=\"http:\/\/www.karate-neuhofen.at\/wp-content\/gallery\/9-sommercamp-2017\/thumbs\/thumbs_SC3038.JPG\"\n                    width=\"240\"\n                    height=\"160\"\n                    style=\"max-width:100%;\"\n                \/>\n            <\/a>\n        <\/div>\n\t\t\t\t\t\t\t<\/div> \n\t\t\t\n        \n\t\t\t\t<div id=\"ngg-image-568\" class=\"ngg-gallery-thumbnail-box\" >\n\t\t\t\t        <div class=\"ngg-gallery-thumbnail\">\n            <a href=\"http:\/\/www.karate-neuhofen.at\/wp-content\/gallery\/9-sommercamp-2017\/SC3039.JPG\"\n               title=\"\"\n               data-src=\"http:\/\/www.karate-neuhofen.at\/wp-content\/gallery\/9-sommercamp-2017\/SC3039.JPG\"\n               data-thumbnail=\"http:\/\/www.karate-neuhofen.at\/wp-content\/gallery\/9-sommercamp-2017\/thumbs\/thumbs_SC3039.JPG\"\n               data-image-id=\"16453\"\n               data-title=\"SC(3039)\"\n               data-description=\"\"\n               data-image-slug=\"sc3039\"\n               class=\"shutterset_6bd4a67f62a7de13e8a03aec327a2ec6\">\n                <img\n                    title=\"SC(3039)\"\n                    alt=\"SC(3039)\"\n                    src=\"http:\/\/www.karate-neuhofen.at\/wp-content\/gallery\/9-sommercamp-2017\/thumbs\/thumbs_SC3039.JPG\"\n                    width=\"240\"\n                    height=\"160\"\n                    style=\"max-width:100%;\"\n                \/>\n            <\/a>\n        <\/div>\n\t\t\t\t\t\t\t<\/div> \n\t\t\t\n        \n\t\t\t\t<div id=\"ngg-image-569\" class=\"ngg-gallery-thumbnail-box\" >\n\t\t\t\t        <div class=\"ngg-gallery-thumbnail\">\n            <a href=\"http:\/\/www.karate-neuhofen.at\/wp-content\/gallery\/9-sommercamp-2017\/SC3040.JPG\"\n               title=\"\"\n               data-src=\"http:\/\/www.karate-neuhofen.at\/wp-content\/gallery\/9-sommercamp-2017\/SC3040.JPG\"\n               data-thumbnail=\"http:\/\/www.karate-neuhofen.at\/wp-content\/gallery\/9-sommercamp-2017\/thumbs\/thumbs_SC3040.JPG\"\n               data-image-id=\"16454\"\n               data-title=\"SC(3040)\"\n               data-description=\"\"\n               data-image-slug=\"sc3040\"\n               class=\"shutterset_6bd4a67f62a7de13e8a03aec327a2ec6\">\n                <img\n                    title=\"SC(3040)\"\n                    alt=\"SC(3040)\"\n                    src=\"http:\/\/www.karate-neuhofen.at\/wp-content\/gallery\/9-sommercamp-2017\/thumbs\/thumbs_SC3040.JPG\"\n                    width=\"240\"\n                    height=\"160\"\n                    style=\"max-width:100%;\"\n                \/>\n            <\/a>\n        <\/div>\n\t\t\t\t\t\t\t<\/div> \n\t\t\t\n        \n\t\t\t\t<div id=\"ngg-image-570\" class=\"ngg-gallery-thumbnail-box\" >\n\t\t\t\t        <div class=\"ngg-gallery-thumbnail\">\n            <a href=\"http:\/\/www.karate-neuhofen.at\/wp-content\/gallery\/9-sommercamp-2017\/SC3041.JPG\"\n               title=\"\"\n               data-src=\"http:\/\/www.karate-neuhofen.at\/wp-content\/gallery\/9-sommercamp-2017\/SC3041.JPG\"\n               data-thumbnail=\"http:\/\/www.karate-neuhofen.at\/wp-content\/gallery\/9-sommercamp-2017\/thumbs\/thumbs_SC3041.JPG\"\n               data-image-id=\"16455\"\n               data-title=\"SC(3041)\"\n               data-description=\"\"\n               data-image-slug=\"sc3041\"\n               class=\"shutterset_6bd4a67f62a7de13e8a03aec327a2ec6\">\n                <img\n                    title=\"SC(3041)\"\n                    alt=\"SC(3041)\"\n                    src=\"http:\/\/www.karate-neuhofen.at\/wp-content\/gallery\/9-sommercamp-2017\/thumbs\/thumbs_SC3041.JPG\"\n                    width=\"240\"\n                    height=\"160\"\n                    style=\"max-width:100%;\"\n                \/>\n            <\/a>\n        <\/div>\n\t\t\t\t\t\t\t<\/div> \n\t\t\t\n        \n\t\t\t\t<div id=\"ngg-image-571\" class=\"ngg-gallery-thumbnail-box\" >\n\t\t\t\t        <div class=\"ngg-gallery-thumbnail\">\n            <a href=\"http:\/\/www.karate-neuhofen.at\/wp-content\/gallery\/9-sommercamp-2017\/SC3042.JPG\"\n               title=\"\"\n               data-src=\"http:\/\/www.karate-neuhofen.at\/wp-content\/gallery\/9-sommercamp-2017\/SC3042.JPG\"\n               data-thumbnail=\"http:\/\/www.karate-neuhofen.at\/wp-content\/gallery\/9-sommercamp-2017\/thumbs\/thumbs_SC3042.JPG\"\n               data-image-id=\"16456\"\n               data-title=\"SC(3042)\"\n               data-description=\"\"\n               data-image-slug=\"sc3042\"\n               class=\"shutterset_6bd4a67f62a7de13e8a03aec327a2ec6\">\n                <img\n                    title=\"SC(3042)\"\n                    alt=\"SC(3042)\"\n                    src=\"http:\/\/www.karate-neuhofen.at\/wp-content\/gallery\/9-sommercamp-2017\/thumbs\/thumbs_SC3042.JPG\"\n                    width=\"240\"\n                    height=\"160\"\n                    style=\"max-width:100%;\"\n                \/>\n            <\/a>\n        <\/div>\n\t\t\t\t\t\t\t<\/div> \n\t\t\t\n        \n\t\t\t\t<div id=\"ngg-image-572\" class=\"ngg-gallery-thumbnail-box\" >\n\t\t\t\t        <div class=\"ngg-gallery-thumbnail\">\n            <a href=\"http:\/\/www.karate-neuhofen.at\/wp-content\/gallery\/9-sommercamp-2017\/SC3043.JPG\"\n               title=\"\"\n               data-src=\"http:\/\/www.karate-neuhofen.at\/wp-content\/gallery\/9-sommercamp-2017\/SC3043.JPG\"\n               data-thumbnail=\"http:\/\/www.karate-neuhofen.at\/wp-content\/gallery\/9-sommercamp-2017\/thumbs\/thumbs_SC3043.JPG\"\n               data-image-id=\"16457\"\n               data-title=\"SC(3043)\"\n               data-description=\"\"\n               data-image-slug=\"sc3043\"\n               class=\"shutterset_6bd4a67f62a7de13e8a03aec327a2ec6\">\n                <img\n                    title=\"SC(3043)\"\n                    alt=\"SC(3043)\"\n                    src=\"http:\/\/www.karate-neuhofen.at\/wp-content\/gallery\/9-sommercamp-2017\/thumbs\/thumbs_SC3043.JPG\"\n                    width=\"240\"\n                    height=\"160\"\n                    style=\"max-width:100%;\"\n                \/>\n            <\/a>\n        <\/div>\n\t\t\t\t\t\t\t<\/div> \n\t\t\t\n        \n\t\t\t\t<div id=\"ngg-image-573\" class=\"ngg-gallery-thumbnail-box\" >\n\t\t\t\t        <div class=\"ngg-gallery-thumbnail\">\n            <a href=\"http:\/\/www.karate-neuhofen.at\/wp-content\/gallery\/9-sommercamp-2017\/SC3044.JPG\"\n               title=\"\"\n               data-src=\"http:\/\/www.karate-neuhofen.at\/wp-content\/gallery\/9-sommercamp-2017\/SC3044.JPG\"\n               data-thumbnail=\"http:\/\/www.karate-neuhofen.at\/wp-content\/gallery\/9-sommercamp-2017\/thumbs\/thumbs_SC3044.JPG\"\n               data-image-id=\"16458\"\n               data-title=\"SC(3044)\"\n               data-description=\"\"\n               data-image-slug=\"sc3044\"\n               class=\"shutterset_6bd4a67f62a7de13e8a03aec327a2ec6\">\n                <img\n                    title=\"SC(3044)\"\n                    alt=\"SC(3044)\"\n                    src=\"http:\/\/www.karate-neuhofen.at\/wp-content\/gallery\/9-sommercamp-2017\/thumbs\/thumbs_SC3044.JPG\"\n                    width=\"240\"\n                    height=\"160\"\n                    style=\"max-width:100%;\"\n                \/>\n            <\/a>\n        <\/div>\n\t\t\t\t\t\t\t<\/div> \n\t\t\t\n        \n\t\t\t\t<div id=\"ngg-image-574\" class=\"ngg-gallery-thumbnail-box\" >\n\t\t\t\t        <div class=\"ngg-gallery-thumbnail\">\n            <a href=\"http:\/\/www.karate-neuhofen.at\/wp-content\/gallery\/9-sommercamp-2017\/SC3045.JPG\"\n               title=\"\"\n               data-src=\"http:\/\/www.karate-neuhofen.at\/wp-content\/gallery\/9-sommercamp-2017\/SC3045.JPG\"\n               data-thumbnail=\"http:\/\/www.karate-neuhofen.at\/wp-content\/gallery\/9-sommercamp-2017\/thumbs\/thumbs_SC3045.JPG\"\n               data-image-id=\"16459\"\n               data-title=\"SC(3045)\"\n               data-description=\"\"\n               data-image-slug=\"sc3045\"\n               class=\"shutterset_6bd4a67f62a7de13e8a03aec327a2ec6\">\n                <img\n                    title=\"SC(3045)\"\n                    alt=\"SC(3045)\"\n                    src=\"http:\/\/www.karate-neuhofen.at\/wp-content\/gallery\/9-sommercamp-2017\/thumbs\/thumbs_SC3045.JPG\"\n                    width=\"240\"\n                    height=\"160\"\n                    style=\"max-width:100%;\"\n                \/>\n            <\/a>\n        <\/div>\n\t\t\t\t\t\t\t<\/div> \n\t\t\t\n        \n\t\t\t\t<div id=\"ngg-image-575\" class=\"ngg-gallery-thumbnail-box\" >\n\t\t\t\t        <div class=\"ngg-gallery-thumbnail\">\n            <a href=\"http:\/\/www.karate-neuhofen.at\/wp-content\/gallery\/9-sommercamp-2017\/SC3046.JPG\"\n               title=\"\"\n               data-src=\"http:\/\/www.karate-neuhofen.at\/wp-content\/gallery\/9-sommercamp-2017\/SC3046.JPG\"\n               data-thumbnail=\"http:\/\/www.karate-neuhofen.at\/wp-content\/gallery\/9-sommercamp-2017\/thumbs\/thumbs_SC3046.JPG\"\n               data-image-id=\"16460\"\n               data-title=\"SC(3046)\"\n               data-description=\"\"\n               data-image-slug=\"sc3046\"\n               class=\"shutterset_6bd4a67f62a7de13e8a03aec327a2ec6\">\n                <img\n                    title=\"SC(3046)\"\n                    alt=\"SC(3046)\"\n                    src=\"http:\/\/www.karate-neuhofen.at\/wp-content\/gallery\/9-sommercamp-2017\/thumbs\/thumbs_SC3046.JPG\"\n                    width=\"240\"\n                    height=\"160\"\n                    style=\"max-width:100%;\"\n                \/>\n            <\/a>\n        <\/div>\n\t\t\t\t\t\t\t<\/div> \n\t\t\t\n        \n\t\t\t\t<div id=\"ngg-image-576\" class=\"ngg-gallery-thumbnail-box\" >\n\t\t\t\t        <div class=\"ngg-gallery-thumbnail\">\n            <a href=\"http:\/\/www.karate-neuhofen.at\/wp-content\/gallery\/9-sommercamp-2017\/SC3047.JPG\"\n               title=\"\"\n               data-src=\"http:\/\/www.karate-neuhofen.at\/wp-content\/gallery\/9-sommercamp-2017\/SC3047.JPG\"\n               data-thumbnail=\"http:\/\/www.karate-neuhofen.at\/wp-content\/gallery\/9-sommercamp-2017\/thumbs\/thumbs_SC3047.JPG\"\n               data-image-id=\"16461\"\n               data-title=\"SC(3047)\"\n               data-description=\"\"\n               data-image-slug=\"sc3047\"\n               class=\"shutterset_6bd4a67f62a7de13e8a03aec327a2ec6\">\n                <img\n                    title=\"SC(3047)\"\n                    alt=\"SC(3047)\"\n                    src=\"http:\/\/www.karate-neuhofen.at\/wp-content\/gallery\/9-sommercamp-2017\/thumbs\/thumbs_SC3047.JPG\"\n                    width=\"240\"\n                    height=\"160\"\n                    style=\"max-width:100%;\"\n                \/>\n            <\/a>\n        <\/div>\n\t\t\t\t\t\t\t<\/div> \n\t\t\t\n        \n\t\t\t\t<div id=\"ngg-image-577\" class=\"ngg-gallery-thumbnail-box\" >\n\t\t\t\t        <div class=\"ngg-gallery-thumbnail\">\n            <a href=\"http:\/\/www.karate-neuhofen.at\/wp-content\/gallery\/9-sommercamp-2017\/SC3048.JPG\"\n               title=\"\"\n               data-src=\"http:\/\/www.karate-neuhofen.at\/wp-content\/gallery\/9-sommercamp-2017\/SC3048.JPG\"\n               data-thumbnail=\"http:\/\/www.karate-neuhofen.at\/wp-content\/gallery\/9-sommercamp-2017\/thumbs\/thumbs_SC3048.JPG\"\n               data-image-id=\"16462\"\n               data-title=\"SC(3048)\"\n               data-description=\"\"\n               data-image-slug=\"sc3048\"\n               class=\"shutterset_6bd4a67f62a7de13e8a03aec327a2ec6\">\n                <img\n                    title=\"SC(3048)\"\n                    alt=\"SC(3048)\"\n                    src=\"http:\/\/www.karate-neuhofen.at\/wp-content\/gallery\/9-sommercamp-2017\/thumbs\/thumbs_SC3048.JPG\"\n                    width=\"240\"\n                    height=\"160\"\n                    style=\"max-width:100%;\"\n                \/>\n            <\/a>\n        <\/div>\n\t\t\t\t\t\t\t<\/div> \n\t\t\t\n        \n\t\t\t\t<div id=\"ngg-image-578\" class=\"ngg-gallery-thumbnail-box\" >\n\t\t\t\t        <div class=\"ngg-gallery-thumbnail\">\n            <a href=\"http:\/\/www.karate-neuhofen.at\/wp-content\/gallery\/9-sommercamp-2017\/SC3049.JPG\"\n               title=\"\"\n               data-src=\"http:\/\/www.karate-neuhofen.at\/wp-content\/gallery\/9-sommercamp-2017\/SC3049.JPG\"\n               data-thumbnail=\"http:\/\/www.karate-neuhofen.at\/wp-content\/gallery\/9-sommercamp-2017\/thumbs\/thumbs_SC3049.JPG\"\n               data-image-id=\"16463\"\n               data-title=\"SC(3049)\"\n               data-description=\"\"\n               data-image-slug=\"sc3049\"\n               class=\"shutterset_6bd4a67f62a7de13e8a03aec327a2ec6\">\n                <img\n                    title=\"SC(3049)\"\n                    alt=\"SC(3049)\"\n                    src=\"http:\/\/www.karate-neuhofen.at\/wp-content\/gallery\/9-sommercamp-2017\/thumbs\/thumbs_SC3049.JPG\"\n                    width=\"240\"\n                    height=\"160\"\n                    style=\"max-width:100%;\"\n                \/>\n            <\/a>\n        <\/div>\n\t\t\t\t\t\t\t<\/div> \n\t\t\t\n        \n\t\t\t\t<div id=\"ngg-image-579\" class=\"ngg-gallery-thumbnail-box\" >\n\t\t\t\t        <div class=\"ngg-gallery-thumbnail\">\n            <a href=\"http:\/\/www.karate-neuhofen.at\/wp-content\/gallery\/9-sommercamp-2017\/SC3050.JPG\"\n               title=\"\"\n               data-src=\"http:\/\/www.karate-neuhofen.at\/wp-content\/gallery\/9-sommercamp-2017\/SC3050.JPG\"\n               data-thumbnail=\"http:\/\/www.karate-neuhofen.at\/wp-content\/gallery\/9-sommercamp-2017\/thumbs\/thumbs_SC3050.JPG\"\n               data-image-id=\"16464\"\n               data-title=\"SC(3050)\"\n               data-description=\"\"\n               data-image-slug=\"sc3050\"\n               class=\"shutterset_6bd4a67f62a7de13e8a03aec327a2ec6\">\n                <img\n                    title=\"SC(3050)\"\n                    alt=\"SC(3050)\"\n                    src=\"http:\/\/www.karate-neuhofen.at\/wp-content\/gallery\/9-sommercamp-2017\/thumbs\/thumbs_SC3050.JPG\"\n                    width=\"240\"\n                    height=\"160\"\n                    style=\"max-width:100%;\"\n                \/>\n            <\/a>\n        <\/div>\n\t\t\t\t\t\t\t<\/div> \n\t\t\t\n        \n\t\t\t\t<div id=\"ngg-image-580\" class=\"ngg-gallery-thumbnail-box\" >\n\t\t\t\t        <div class=\"ngg-gallery-thumbnail\">\n            <a href=\"http:\/\/www.karate-neuhofen.at\/wp-content\/gallery\/9-sommercamp-2017\/SC3051.JPG\"\n               title=\"\"\n               data-src=\"http:\/\/www.karate-neuhofen.at\/wp-content\/gallery\/9-sommercamp-2017\/SC3051.JPG\"\n               data-thumbnail=\"http:\/\/www.karate-neuhofen.at\/wp-content\/gallery\/9-sommercamp-2017\/thumbs\/thumbs_SC3051.JPG\"\n               data-image-id=\"16465\"\n               data-title=\"SC(3051)\"\n               data-description=\"\"\n               data-image-slug=\"sc3051\"\n               class=\"shutterset_6bd4a67f62a7de13e8a03aec327a2ec6\">\n                <img\n                    title=\"SC(3051)\"\n                    alt=\"SC(3051)\"\n                    src=\"http:\/\/www.karate-neuhofen.at\/wp-content\/gallery\/9-sommercamp-2017\/thumbs\/thumbs_SC3051.JPG\"\n                    width=\"240\"\n                    height=\"160\"\n                    style=\"max-width:100%;\"\n                \/>\n            <\/a>\n        <\/div>\n\t\t\t\t\t\t\t<\/div> \n\t\t\t\n        \n\t\t\t\t<div id=\"ngg-image-581\" class=\"ngg-gallery-thumbnail-box\" >\n\t\t\t\t        <div class=\"ngg-gallery-thumbnail\">\n            <a href=\"http:\/\/www.karate-neuhofen.at\/wp-content\/gallery\/9-sommercamp-2017\/SC3052.JPG\"\n               title=\"\"\n               data-src=\"http:\/\/www.karate-neuhofen.at\/wp-content\/gallery\/9-sommercamp-2017\/SC3052.JPG\"\n               data-thumbnail=\"http:\/\/www.karate-neuhofen.at\/wp-content\/gallery\/9-sommercamp-2017\/thumbs\/thumbs_SC3052.JPG\"\n               data-image-id=\"16466\"\n               data-title=\"SC(3052)\"\n               data-description=\"\"\n               data-image-slug=\"sc3052\"\n               class=\"shutterset_6bd4a67f62a7de13e8a03aec327a2ec6\">\n                <img\n                    title=\"SC(3052)\"\n                    alt=\"SC(3052)\"\n                    src=\"http:\/\/www.karate-neuhofen.at\/wp-content\/gallery\/9-sommercamp-2017\/thumbs\/thumbs_SC3052.JPG\"\n                    width=\"240\"\n                    height=\"160\"\n                    style=\"max-width:100%;\"\n                \/>\n            <\/a>\n        <\/div>\n\t\t\t\t\t\t\t<\/div> \n\t\t\t\n        \n\t\t\t\t<div id=\"ngg-image-582\" class=\"ngg-gallery-thumbnail-box\" >\n\t\t\t\t        <div class=\"ngg-gallery-thumbnail\">\n            <a href=\"http:\/\/www.karate-neuhofen.at\/wp-content\/gallery\/9-sommercamp-2017\/SC3053.JPG\"\n               title=\"\"\n               data-src=\"http:\/\/www.karate-neuhofen.at\/wp-content\/gallery\/9-sommercamp-2017\/SC3053.JPG\"\n               data-thumbnail=\"http:\/\/www.karate-neuhofen.at\/wp-content\/gallery\/9-sommercamp-2017\/thumbs\/thumbs_SC3053.JPG\"\n               data-image-id=\"16467\"\n               data-title=\"SC(3053)\"\n               data-description=\"\"\n               data-image-slug=\"sc3053\"\n               class=\"shutterset_6bd4a67f62a7de13e8a03aec327a2ec6\">\n                <img\n                    title=\"SC(3053)\"\n                    alt=\"SC(3053)\"\n                    src=\"http:\/\/www.karate-neuhofen.at\/wp-content\/gallery\/9-sommercamp-2017\/thumbs\/thumbs_SC3053.JPG\"\n                    width=\"240\"\n                    height=\"160\"\n                    style=\"max-width:100%;\"\n                \/>\n            <\/a>\n        <\/div>\n\t\t\t\t\t\t\t<\/div> \n\t\t\t\n        \n\t\t\t\t<div id=\"ngg-image-583\" class=\"ngg-gallery-thumbnail-box\" >\n\t\t\t\t        <div class=\"ngg-gallery-thumbnail\">\n            <a href=\"http:\/\/www.karate-neuhofen.at\/wp-content\/gallery\/9-sommercamp-2017\/SC3054.JPG\"\n               title=\"\"\n               data-src=\"http:\/\/www.karate-neuhofen.at\/wp-content\/gallery\/9-sommercamp-2017\/SC3054.JPG\"\n               data-thumbnail=\"http:\/\/www.karate-neuhofen.at\/wp-content\/gallery\/9-sommercamp-2017\/thumbs\/thumbs_SC3054.JPG\"\n               data-image-id=\"16468\"\n               data-title=\"SC(3054)\"\n               data-description=\"\"\n               data-image-slug=\"sc3054\"\n               class=\"shutterset_6bd4a67f62a7de13e8a03aec327a2ec6\">\n                <img\n                    title=\"SC(3054)\"\n                    alt=\"SC(3054)\"\n                    src=\"http:\/\/www.karate-neuhofen.at\/wp-content\/gallery\/9-sommercamp-2017\/thumbs\/thumbs_SC3054.JPG\"\n                    width=\"240\"\n                    height=\"160\"\n                    style=\"max-width:100%;\"\n                \/>\n            <\/a>\n        <\/div>\n\t\t\t\t\t\t\t<\/div> \n\t\t\t\n        \n\t\t\t\t<div id=\"ngg-image-584\" class=\"ngg-gallery-thumbnail-box\" >\n\t\t\t\t        <div class=\"ngg-gallery-thumbnail\">\n            <a href=\"http:\/\/www.karate-neuhofen.at\/wp-content\/gallery\/9-sommercamp-2017\/SC3055.JPG\"\n               title=\"\"\n               data-src=\"http:\/\/www.karate-neuhofen.at\/wp-content\/gallery\/9-sommercamp-2017\/SC3055.JPG\"\n               data-thumbnail=\"http:\/\/www.karate-neuhofen.at\/wp-content\/gallery\/9-sommercamp-2017\/thumbs\/thumbs_SC3055.JPG\"\n               data-image-id=\"16469\"\n               data-title=\"SC(3055)\"\n               data-description=\"\"\n               data-image-slug=\"sc3055\"\n               class=\"shutterset_6bd4a67f62a7de13e8a03aec327a2ec6\">\n                <img\n                    title=\"SC(3055)\"\n                    alt=\"SC(3055)\"\n                    src=\"http:\/\/www.karate-neuhofen.at\/wp-content\/gallery\/9-sommercamp-2017\/thumbs\/thumbs_SC3055.JPG\"\n                    width=\"240\"\n                    height=\"160\"\n                    style=\"max-width:100%;\"\n                \/>\n            <\/a>\n        <\/div>\n\t\t\t\t\t\t\t<\/div> \n\t\t\t\n        \n\t\t\t\t<div id=\"ngg-image-585\" class=\"ngg-gallery-thumbnail-box\" >\n\t\t\t\t        <div class=\"ngg-gallery-thumbnail\">\n            <a href=\"http:\/\/www.karate-neuhofen.at\/wp-content\/gallery\/9-sommercamp-2017\/SC3056.JPG\"\n               title=\"\"\n               data-src=\"http:\/\/www.karate-neuhofen.at\/wp-content\/gallery\/9-sommercamp-2017\/SC3056.JPG\"\n               data-thumbnail=\"http:\/\/www.karate-neuhofen.at\/wp-content\/gallery\/9-sommercamp-2017\/thumbs\/thumbs_SC3056.JPG\"\n               data-image-id=\"16470\"\n               data-title=\"SC(3056)\"\n               data-description=\"\"\n               data-image-slug=\"sc3056\"\n               class=\"shutterset_6bd4a67f62a7de13e8a03aec327a2ec6\">\n                <img\n                    title=\"SC(3056)\"\n                    alt=\"SC(3056)\"\n                    src=\"http:\/\/www.karate-neuhofen.at\/wp-content\/gallery\/9-sommercamp-2017\/thumbs\/thumbs_SC3056.JPG\"\n                    width=\"240\"\n                    height=\"160\"\n                    style=\"max-width:100%;\"\n                \/>\n            <\/a>\n        <\/div>\n\t\t\t\t\t\t\t<\/div> \n\t\t\t\n        \n\t\t\t\t<div id=\"ngg-image-586\" class=\"ngg-gallery-thumbnail-box\" >\n\t\t\t\t        <div class=\"ngg-gallery-thumbnail\">\n            <a href=\"http:\/\/www.karate-neuhofen.at\/wp-content\/gallery\/9-sommercamp-2017\/SC3057.JPG\"\n               title=\"\"\n               data-src=\"http:\/\/www.karate-neuhofen.at\/wp-content\/gallery\/9-sommercamp-2017\/SC3057.JPG\"\n               data-thumbnail=\"http:\/\/www.karate-neuhofen.at\/wp-content\/gallery\/9-sommercamp-2017\/thumbs\/thumbs_SC3057.JPG\"\n               data-image-id=\"16471\"\n               data-title=\"SC(3057)\"\n               data-description=\"\"\n               data-image-slug=\"sc3057\"\n               class=\"shutterset_6bd4a67f62a7de13e8a03aec327a2ec6\">\n                <img\n                    title=\"SC(3057)\"\n                    alt=\"SC(3057)\"\n                    src=\"http:\/\/www.karate-neuhofen.at\/wp-content\/gallery\/9-sommercamp-2017\/thumbs\/thumbs_SC3057.JPG\"\n                    width=\"240\"\n                    height=\"160\"\n                    style=\"max-width:100%;\"\n                \/>\n            <\/a>\n        <\/div>\n\t\t\t\t\t\t\t<\/div> \n\t\t\t\n        \n\t\t\t\t<div id=\"ngg-image-587\" class=\"ngg-gallery-thumbnail-box\" >\n\t\t\t\t        <div class=\"ngg-gallery-thumbnail\">\n            <a href=\"http:\/\/www.karate-neuhofen.at\/wp-content\/gallery\/9-sommercamp-2017\/SC3058.JPG\"\n               title=\"\"\n               data-src=\"http:\/\/www.karate-neuhofen.at\/wp-content\/gallery\/9-sommercamp-2017\/SC3058.JPG\"\n               data-thumbnail=\"http:\/\/www.karate-neuhofen.at\/wp-content\/gallery\/9-sommercamp-2017\/thumbs\/thumbs_SC3058.JPG\"\n               data-image-id=\"16472\"\n               data-title=\"SC(3058)\"\n               data-description=\"\"\n               data-image-slug=\"sc3058\"\n               class=\"shutterset_6bd4a67f62a7de13e8a03aec327a2ec6\">\n                <img\n                    title=\"SC(3058)\"\n                    alt=\"SC(3058)\"\n                    src=\"http:\/\/www.karate-neuhofen.at\/wp-content\/gallery\/9-sommercamp-2017\/thumbs\/thumbs_SC3058.JPG\"\n                    width=\"240\"\n                    height=\"160\"\n                    style=\"max-width:100%;\"\n                \/>\n            <\/a>\n        <\/div>\n\t\t\t\t\t\t\t<\/div> \n\t\t\t\n        \n\t\t\t\t<div id=\"ngg-image-588\" class=\"ngg-gallery-thumbnail-box\" >\n\t\t\t\t        <div class=\"ngg-gallery-thumbnail\">\n            <a href=\"http:\/\/www.karate-neuhofen.at\/wp-content\/gallery\/9-sommercamp-2017\/SC3059.JPG\"\n               title=\"\"\n               data-src=\"http:\/\/www.karate-neuhofen.at\/wp-content\/gallery\/9-sommercamp-2017\/SC3059.JPG\"\n               data-thumbnail=\"http:\/\/www.karate-neuhofen.at\/wp-content\/gallery\/9-sommercamp-2017\/thumbs\/thumbs_SC3059.JPG\"\n               data-image-id=\"16473\"\n               data-title=\"SC(3059)\"\n               data-description=\"\"\n               data-image-slug=\"sc3059\"\n               class=\"shutterset_6bd4a67f62a7de13e8a03aec327a2ec6\">\n                <img\n                    title=\"SC(3059)\"\n                    alt=\"SC(3059)\"\n                    src=\"http:\/\/www.karate-neuhofen.at\/wp-content\/gallery\/9-sommercamp-2017\/thumbs\/thumbs_SC3059.JPG\"\n                    width=\"240\"\n                    height=\"160\"\n                    style=\"max-width:100%;\"\n                \/>\n            <\/a>\n        <\/div>\n\t\t\t\t\t\t\t<\/div> \n\t\t\t\n        \n\t\t\t\t<div id=\"ngg-image-589\" class=\"ngg-gallery-thumbnail-box\" >\n\t\t\t\t        <div class=\"ngg-gallery-thumbnail\">\n            <a href=\"http:\/\/www.karate-neuhofen.at\/wp-content\/gallery\/9-sommercamp-2017\/SC3060.JPG\"\n               title=\"\"\n               data-src=\"http:\/\/www.karate-neuhofen.at\/wp-content\/gallery\/9-sommercamp-2017\/SC3060.JPG\"\n               data-thumbnail=\"http:\/\/www.karate-neuhofen.at\/wp-content\/gallery\/9-sommercamp-2017\/thumbs\/thumbs_SC3060.JPG\"\n               data-image-id=\"16474\"\n               data-title=\"SC(3060)\"\n               data-description=\"\"\n               data-image-slug=\"sc3060\"\n               class=\"shutterset_6bd4a67f62a7de13e8a03aec327a2ec6\">\n                <img\n                    title=\"SC(3060)\"\n                    alt=\"SC(3060)\"\n                    src=\"http:\/\/www.karate-neuhofen.at\/wp-content\/gallery\/9-sommercamp-2017\/thumbs\/thumbs_SC3060.JPG\"\n                    width=\"240\"\n                    height=\"160\"\n                    style=\"max-width:100%;\"\n                \/>\n            <\/a>\n        <\/div>\n\t\t\t\t\t\t\t<\/div> \n\t\t\t\n        \n\t\t\t\t<div id=\"ngg-image-590\" class=\"ngg-gallery-thumbnail-box\" >\n\t\t\t\t        <div class=\"ngg-gallery-thumbnail\">\n            <a href=\"http:\/\/www.karate-neuhofen.at\/wp-content\/gallery\/9-sommercamp-2017\/SC3061.JPG\"\n               title=\"\"\n               data-src=\"http:\/\/www.karate-neuhofen.at\/wp-content\/gallery\/9-sommercamp-2017\/SC3061.JPG\"\n               data-thumbnail=\"http:\/\/www.karate-neuhofen.at\/wp-content\/gallery\/9-sommercamp-2017\/thumbs\/thumbs_SC3061.JPG\"\n               data-image-id=\"16475\"\n               data-title=\"SC(3061)\"\n               data-description=\"\"\n               data-image-slug=\"sc3061\"\n               class=\"shutterset_6bd4a67f62a7de13e8a03aec327a2ec6\">\n                <img\n                    title=\"SC(3061)\"\n                    alt=\"SC(3061)\"\n                    src=\"http:\/\/www.karate-neuhofen.at\/wp-content\/gallery\/9-sommercamp-2017\/thumbs\/thumbs_SC3061.JPG\"\n                    width=\"240\"\n                    height=\"160\"\n                    style=\"max-width:100%;\"\n                \/>\n            <\/a>\n        <\/div>\n\t\t\t\t\t\t\t<\/div> \n\t\t\t\n        \n\t\t\t\t<div id=\"ngg-image-591\" class=\"ngg-gallery-thumbnail-box\" >\n\t\t\t\t        <div class=\"ngg-gallery-thumbnail\">\n            <a href=\"http:\/\/www.karate-neuhofen.at\/wp-content\/gallery\/9-sommercamp-2017\/SC3062.JPG\"\n               title=\"\"\n               data-src=\"http:\/\/www.karate-neuhofen.at\/wp-content\/gallery\/9-sommercamp-2017\/SC3062.JPG\"\n               data-thumbnail=\"http:\/\/www.karate-neuhofen.at\/wp-content\/gallery\/9-sommercamp-2017\/thumbs\/thumbs_SC3062.JPG\"\n               data-image-id=\"16476\"\n               data-title=\"SC(3062)\"\n               data-description=\"\"\n               data-image-slug=\"sc3062\"\n               class=\"shutterset_6bd4a67f62a7de13e8a03aec327a2ec6\">\n                <img\n                    title=\"SC(3062)\"\n                    alt=\"SC(3062)\"\n                    src=\"http:\/\/www.karate-neuhofen.at\/wp-content\/gallery\/9-sommercamp-2017\/thumbs\/thumbs_SC3062.JPG\"\n                    width=\"240\"\n                    height=\"160\"\n                    style=\"max-width:100%;\"\n                \/>\n            <\/a>\n        <\/div>\n\t\t\t\t\t\t\t<\/div> \n\t\t\t\n        \n\t\t\t\t<div id=\"ngg-image-592\" class=\"ngg-gallery-thumbnail-box\" >\n\t\t\t\t        <div class=\"ngg-gallery-thumbnail\">\n            <a href=\"http:\/\/www.karate-neuhofen.at\/wp-content\/gallery\/9-sommercamp-2017\/SC3063.JPG\"\n               title=\"\"\n               data-src=\"http:\/\/www.karate-neuhofen.at\/wp-content\/gallery\/9-sommercamp-2017\/SC3063.JPG\"\n               data-thumbnail=\"http:\/\/www.karate-neuhofen.at\/wp-content\/gallery\/9-sommercamp-2017\/thumbs\/thumbs_SC3063.JPG\"\n               data-image-id=\"16477\"\n               data-title=\"SC(3063)\"\n               data-description=\"\"\n               data-image-slug=\"sc3063\"\n               class=\"shutterset_6bd4a67f62a7de13e8a03aec327a2ec6\">\n                <img\n                    title=\"SC(3063)\"\n                    alt=\"SC(3063)\"\n                    src=\"http:\/\/www.karate-neuhofen.at\/wp-content\/gallery\/9-sommercamp-2017\/thumbs\/thumbs_SC3063.JPG\"\n                    width=\"240\"\n                    height=\"160\"\n                    style=\"max-width:100%;\"\n                \/>\n            <\/a>\n        <\/div>\n\t\t\t\t\t\t\t<\/div> \n\t\t\t\n        \n\t\t\t\t<div id=\"ngg-image-593\" class=\"ngg-gallery-thumbnail-box\" >\n\t\t\t\t        <div class=\"ngg-gallery-thumbnail\">\n            <a href=\"http:\/\/www.karate-neuhofen.at\/wp-content\/gallery\/9-sommercamp-2017\/SC3064.JPG\"\n               title=\"\"\n               data-src=\"http:\/\/www.karate-neuhofen.at\/wp-content\/gallery\/9-sommercamp-2017\/SC3064.JPG\"\n               data-thumbnail=\"http:\/\/www.karate-neuhofen.at\/wp-content\/gallery\/9-sommercamp-2017\/thumbs\/thumbs_SC3064.JPG\"\n               data-image-id=\"16478\"\n               data-title=\"SC(3064)\"\n               data-description=\"\"\n               data-image-slug=\"sc3064\"\n               class=\"shutterset_6bd4a67f62a7de13e8a03aec327a2ec6\">\n                <img\n                    title=\"SC(3064)\"\n                    alt=\"SC(3064)\"\n                    src=\"http:\/\/www.karate-neuhofen.at\/wp-content\/gallery\/9-sommercamp-2017\/thumbs\/thumbs_SC3064.JPG\"\n                    width=\"240\"\n                    height=\"160\"\n                    style=\"max-width:100%;\"\n                \/>\n            <\/a>\n        <\/div>\n\t\t\t\t\t\t\t<\/div> \n\t\t\t\n        \n\t\t\t\t<div id=\"ngg-image-594\" class=\"ngg-gallery-thumbnail-box\" >\n\t\t\t\t        <div class=\"ngg-gallery-thumbnail\">\n            <a href=\"http:\/\/www.karate-neuhofen.at\/wp-content\/gallery\/9-sommercamp-2017\/SC3065.JPG\"\n               title=\"\"\n               data-src=\"http:\/\/www.karate-neuhofen.at\/wp-content\/gallery\/9-sommercamp-2017\/SC3065.JPG\"\n               data-thumbnail=\"http:\/\/www.karate-neuhofen.at\/wp-content\/gallery\/9-sommercamp-2017\/thumbs\/thumbs_SC3065.JPG\"\n               data-image-id=\"16479\"\n               data-title=\"SC(3065)\"\n               data-description=\"\"\n               data-image-slug=\"sc3065\"\n               class=\"shutterset_6bd4a67f62a7de13e8a03aec327a2ec6\">\n                <img\n                    title=\"SC(3065)\"\n                    alt=\"SC(3065)\"\n                    src=\"http:\/\/www.karate-neuhofen.at\/wp-content\/gallery\/9-sommercamp-2017\/thumbs\/thumbs_SC3065.JPG\"\n                    width=\"240\"\n                    height=\"160\"\n                    style=\"max-width:100%;\"\n                \/>\n            <\/a>\n        <\/div>\n\t\t\t\t\t\t\t<\/div> \n\t\t\t\n        \n\t\t\t\t<div id=\"ngg-image-595\" class=\"ngg-gallery-thumbnail-box\" >\n\t\t\t\t        <div class=\"ngg-gallery-thumbnail\">\n            <a href=\"http:\/\/www.karate-neuhofen.at\/wp-content\/gallery\/9-sommercamp-2017\/SC3066.JPG\"\n               title=\"\"\n               data-src=\"http:\/\/www.karate-neuhofen.at\/wp-content\/gallery\/9-sommercamp-2017\/SC3066.JPG\"\n               data-thumbnail=\"http:\/\/www.karate-neuhofen.at\/wp-content\/gallery\/9-sommercamp-2017\/thumbs\/thumbs_SC3066.JPG\"\n               data-image-id=\"16480\"\n               data-title=\"SC(3066)\"\n               data-description=\"\"\n               data-image-slug=\"sc3066\"\n               class=\"shutterset_6bd4a67f62a7de13e8a03aec327a2ec6\">\n                <img\n                    title=\"SC(3066)\"\n                    alt=\"SC(3066)\"\n                    src=\"http:\/\/www.karate-neuhofen.at\/wp-content\/gallery\/9-sommercamp-2017\/thumbs\/thumbs_SC3066.JPG\"\n                    width=\"240\"\n                    height=\"160\"\n                    style=\"max-width:100%;\"\n                \/>\n            <\/a>\n        <\/div>\n\t\t\t\t\t\t\t<\/div> \n\t\t\t\n        \n\t\t\t\t<div id=\"ngg-image-596\" class=\"ngg-gallery-thumbnail-box\" >\n\t\t\t\t        <div class=\"ngg-gallery-thumbnail\">\n            <a href=\"http:\/\/www.karate-neuhofen.at\/wp-content\/gallery\/9-sommercamp-2017\/SC3067.JPG\"\n               title=\"\"\n               data-src=\"http:\/\/www.karate-neuhofen.at\/wp-content\/gallery\/9-sommercamp-2017\/SC3067.JPG\"\n               data-thumbnail=\"http:\/\/www.karate-neuhofen.at\/wp-content\/gallery\/9-sommercamp-2017\/thumbs\/thumbs_SC3067.JPG\"\n               data-image-id=\"16481\"\n               data-title=\"SC(3067)\"\n               data-description=\"\"\n               data-image-slug=\"sc3067\"\n               class=\"shutterset_6bd4a67f62a7de13e8a03aec327a2ec6\">\n                <img\n                    title=\"SC(3067)\"\n                    alt=\"SC(3067)\"\n                    src=\"http:\/\/www.karate-neuhofen.at\/wp-content\/gallery\/9-sommercamp-2017\/thumbs\/thumbs_SC3067.JPG\"\n                    width=\"240\"\n                    height=\"160\"\n                    style=\"max-width:100%;\"\n                \/>\n            <\/a>\n        <\/div>\n\t\t\t\t\t\t\t<\/div> \n\t\t\t\n        \n\t\t\t\t<div id=\"ngg-image-597\" class=\"ngg-gallery-thumbnail-box\" >\n\t\t\t\t        <div class=\"ngg-gallery-thumbnail\">\n            <a href=\"http:\/\/www.karate-neuhofen.at\/wp-content\/gallery\/9-sommercamp-2017\/SC3068.JPG\"\n               title=\"\"\n               data-src=\"http:\/\/www.karate-neuhofen.at\/wp-content\/gallery\/9-sommercamp-2017\/SC3068.JPG\"\n               data-thumbnail=\"http:\/\/www.karate-neuhofen.at\/wp-content\/gallery\/9-sommercamp-2017\/thumbs\/thumbs_SC3068.JPG\"\n               data-image-id=\"16482\"\n               data-title=\"SC(3068)\"\n               data-description=\"\"\n               data-image-slug=\"sc3068\"\n               class=\"shutterset_6bd4a67f62a7de13e8a03aec327a2ec6\">\n                <img\n                    title=\"SC(3068)\"\n                    alt=\"SC(3068)\"\n                    src=\"http:\/\/www.karate-neuhofen.at\/wp-content\/gallery\/9-sommercamp-2017\/thumbs\/thumbs_SC3068.JPG\"\n                    width=\"240\"\n                    height=\"160\"\n                    style=\"max-width:100%;\"\n                \/>\n            <\/a>\n        <\/div>\n\t\t\t\t\t\t\t<\/div> \n\t\t\t\n        \n\t\t\t\t<div id=\"ngg-image-598\" class=\"ngg-gallery-thumbnail-box\" >\n\t\t\t\t        <div class=\"ngg-gallery-thumbnail\">\n            <a href=\"http:\/\/www.karate-neuhofen.at\/wp-content\/gallery\/9-sommercamp-2017\/SC3069.JPG\"\n               title=\"\"\n               data-src=\"http:\/\/www.karate-neuhofen.at\/wp-content\/gallery\/9-sommercamp-2017\/SC3069.JPG\"\n               data-thumbnail=\"http:\/\/www.karate-neuhofen.at\/wp-content\/gallery\/9-sommercamp-2017\/thumbs\/thumbs_SC3069.JPG\"\n               data-image-id=\"16483\"\n               data-title=\"SC(3069)\"\n               data-description=\"\"\n               data-image-slug=\"sc3069\"\n               class=\"shutterset_6bd4a67f62a7de13e8a03aec327a2ec6\">\n                <img\n                    title=\"SC(3069)\"\n                    alt=\"SC(3069)\"\n                    src=\"http:\/\/www.karate-neuhofen.at\/wp-content\/gallery\/9-sommercamp-2017\/thumbs\/thumbs_SC3069.JPG\"\n                    width=\"240\"\n                    height=\"160\"\n                    style=\"max-width:100%;\"\n                \/>\n            <\/a>\n        <\/div>\n\t\t\t\t\t\t\t<\/div> \n\t\t\t\n        \n\t\t\t\t<div id=\"ngg-image-599\" class=\"ngg-gallery-thumbnail-box\" >\n\t\t\t\t        <div class=\"ngg-gallery-thumbnail\">\n            <a href=\"http:\/\/www.karate-neuhofen.at\/wp-content\/gallery\/9-sommercamp-2017\/SC3070.JPG\"\n               title=\"\"\n               data-src=\"http:\/\/www.karate-neuhofen.at\/wp-content\/gallery\/9-sommercamp-2017\/SC3070.JPG\"\n               data-thumbnail=\"http:\/\/www.karate-neuhofen.at\/wp-content\/gallery\/9-sommercamp-2017\/thumbs\/thumbs_SC3070.JPG\"\n               data-image-id=\"16484\"\n               data-title=\"SC(3070)\"\n               data-description=\"\"\n               data-image-slug=\"sc3070\"\n               class=\"shutterset_6bd4a67f62a7de13e8a03aec327a2ec6\">\n                <img\n                    title=\"SC(3070)\"\n                    alt=\"SC(3070)\"\n                    src=\"http:\/\/www.karate-neuhofen.at\/wp-content\/gallery\/9-sommercamp-2017\/thumbs\/thumbs_SC3070.JPG\"\n                    width=\"240\"\n                    height=\"160\"\n                    style=\"max-width:100%;\"\n                \/>\n            <\/a>\n        <\/div>\n\t\t\t\t\t\t\t<\/div> \n\t\t\t\n        \n\t\t\t\t<div id=\"ngg-image-600\" class=\"ngg-gallery-thumbnail-box\" >\n\t\t\t\t        <div class=\"ngg-gallery-thumbnail\">\n            <a href=\"http:\/\/www.karate-neuhofen.at\/wp-content\/gallery\/9-sommercamp-2017\/SC3071.JPG\"\n               title=\"\"\n               data-src=\"http:\/\/www.karate-neuhofen.at\/wp-content\/gallery\/9-sommercamp-2017\/SC3071.JPG\"\n               data-thumbnail=\"http:\/\/www.karate-neuhofen.at\/wp-content\/gallery\/9-sommercamp-2017\/thumbs\/thumbs_SC3071.JPG\"\n               data-image-id=\"16485\"\n               data-title=\"SC(3071)\"\n               data-description=\"\"\n               data-image-slug=\"sc3071\"\n               class=\"shutterset_6bd4a67f62a7de13e8a03aec327a2ec6\">\n                <img\n                    title=\"SC(3071)\"\n                    alt=\"SC(3071)\"\n                    src=\"http:\/\/www.karate-neuhofen.at\/wp-content\/gallery\/9-sommercamp-2017\/thumbs\/thumbs_SC3071.JPG\"\n                    width=\"240\"\n                    height=\"160\"\n                    style=\"max-width:100%;\"\n                \/>\n            <\/a>\n        <\/div>\n\t\t\t\t\t\t\t<\/div> \n\t\t\t\n        \n\t\t\t\t<div id=\"ngg-image-601\" class=\"ngg-gallery-thumbnail-box\" >\n\t\t\t\t        <div class=\"ngg-gallery-thumbnail\">\n            <a href=\"http:\/\/www.karate-neuhofen.at\/wp-content\/gallery\/9-sommercamp-2017\/SC3072.JPG\"\n               title=\"\"\n               data-src=\"http:\/\/www.karate-neuhofen.at\/wp-content\/gallery\/9-sommercamp-2017\/SC3072.JPG\"\n               data-thumbnail=\"http:\/\/www.karate-neuhofen.at\/wp-content\/gallery\/9-sommercamp-2017\/thumbs\/thumbs_SC3072.JPG\"\n               data-image-id=\"16486\"\n               data-title=\"SC(3072)\"\n               data-description=\"\"\n               data-image-slug=\"sc3072\"\n               class=\"shutterset_6bd4a67f62a7de13e8a03aec327a2ec6\">\n                <img\n                    title=\"SC(3072)\"\n                    alt=\"SC(3072)\"\n                    src=\"http:\/\/www.karate-neuhofen.at\/wp-content\/gallery\/9-sommercamp-2017\/thumbs\/thumbs_SC3072.JPG\"\n                    width=\"240\"\n                    height=\"160\"\n                    style=\"max-width:100%;\"\n                \/>\n            <\/a>\n        <\/div>\n\t\t\t\t\t\t\t<\/div> \n\t\t\t\n        \n\t\t\t\t<div id=\"ngg-image-602\" class=\"ngg-gallery-thumbnail-box\" >\n\t\t\t\t        <div class=\"ngg-gallery-thumbnail\">\n            <a href=\"http:\/\/www.karate-neuhofen.at\/wp-content\/gallery\/9-sommercamp-2017\/SC3073.JPG\"\n               title=\"\"\n               data-src=\"http:\/\/www.karate-neuhofen.at\/wp-content\/gallery\/9-sommercamp-2017\/SC3073.JPG\"\n               data-thumbnail=\"http:\/\/www.karate-neuhofen.at\/wp-content\/gallery\/9-sommercamp-2017\/thumbs\/thumbs_SC3073.JPG\"\n               data-image-id=\"16487\"\n               data-title=\"SC(3073)\"\n               data-description=\"\"\n               data-image-slug=\"sc3073\"\n               class=\"shutterset_6bd4a67f62a7de13e8a03aec327a2ec6\">\n                <img\n                    title=\"SC(3073)\"\n                    alt=\"SC(3073)\"\n                    src=\"http:\/\/www.karate-neuhofen.at\/wp-content\/gallery\/9-sommercamp-2017\/thumbs\/thumbs_SC3073.JPG\"\n                    width=\"240\"\n                    height=\"160\"\n                    style=\"max-width:100%;\"\n                \/>\n            <\/a>\n        <\/div>\n\t\t\t\t\t\t\t<\/div> \n\t\t\t\n        \n\t\t\t\t<div id=\"ngg-image-603\" class=\"ngg-gallery-thumbnail-box\" >\n\t\t\t\t        <div class=\"ngg-gallery-thumbnail\">\n            <a href=\"http:\/\/www.karate-neuhofen.at\/wp-content\/gallery\/9-sommercamp-2017\/SC3074.JPG\"\n               title=\"\"\n               data-src=\"http:\/\/www.karate-neuhofen.at\/wp-content\/gallery\/9-sommercamp-2017\/SC3074.JPG\"\n               data-thumbnail=\"http:\/\/www.karate-neuhofen.at\/wp-content\/gallery\/9-sommercamp-2017\/thumbs\/thumbs_SC3074.JPG\"\n               data-image-id=\"16488\"\n               data-title=\"SC(3074)\"\n               data-description=\"\"\n               data-image-slug=\"sc3074\"\n               class=\"shutterset_6bd4a67f62a7de13e8a03aec327a2ec6\">\n                <img\n                    title=\"SC(3074)\"\n                    alt=\"SC(3074)\"\n                    src=\"http:\/\/www.karate-neuhofen.at\/wp-content\/gallery\/9-sommercamp-2017\/thumbs\/thumbs_SC3074.JPG\"\n                    width=\"240\"\n                    height=\"160\"\n                    style=\"max-width:100%;\"\n                \/>\n            <\/a>\n        <\/div>\n\t\t\t\t\t\t\t<\/div> \n\t\t\t\n        \n\t\t\t\t<div id=\"ngg-image-604\" class=\"ngg-gallery-thumbnail-box\" >\n\t\t\t\t        <div class=\"ngg-gallery-thumbnail\">\n            <a href=\"http:\/\/www.karate-neuhofen.at\/wp-content\/gallery\/9-sommercamp-2017\/SC3075.JPG\"\n               title=\"\"\n               data-src=\"http:\/\/www.karate-neuhofen.at\/wp-content\/gallery\/9-sommercamp-2017\/SC3075.JPG\"\n               data-thumbnail=\"http:\/\/www.karate-neuhofen.at\/wp-content\/gallery\/9-sommercamp-2017\/thumbs\/thumbs_SC3075.JPG\"\n               data-image-id=\"16489\"\n               data-title=\"SC(3075)\"\n               data-description=\"\"\n               data-image-slug=\"sc3075\"\n               class=\"shutterset_6bd4a67f62a7de13e8a03aec327a2ec6\">\n                <img\n                    title=\"SC(3075)\"\n                    alt=\"SC(3075)\"\n                    src=\"http:\/\/www.karate-neuhofen.at\/wp-content\/gallery\/9-sommercamp-2017\/thumbs\/thumbs_SC3075.JPG\"\n                    width=\"240\"\n                    height=\"160\"\n                    style=\"max-width:100%;\"\n                \/>\n            <\/a>\n        <\/div>\n\t\t\t\t\t\t\t<\/div> \n\t\t\t\n        \n\t\t\t\t<div id=\"ngg-image-605\" class=\"ngg-gallery-thumbnail-box\" >\n\t\t\t\t        <div class=\"ngg-gallery-thumbnail\">\n            <a href=\"http:\/\/www.karate-neuhofen.at\/wp-content\/gallery\/9-sommercamp-2017\/SC3076.JPG\"\n               title=\"\"\n               data-src=\"http:\/\/www.karate-neuhofen.at\/wp-content\/gallery\/9-sommercamp-2017\/SC3076.JPG\"\n               data-thumbnail=\"http:\/\/www.karate-neuhofen.at\/wp-content\/gallery\/9-sommercamp-2017\/thumbs\/thumbs_SC3076.JPG\"\n               data-image-id=\"16490\"\n               data-title=\"SC(3076)\"\n               data-description=\"\"\n               data-image-slug=\"sc3076\"\n               class=\"shutterset_6bd4a67f62a7de13e8a03aec327a2ec6\">\n                <img\n                    title=\"SC(3076)\"\n                    alt=\"SC(3076)\"\n                    src=\"http:\/\/www.karate-neuhofen.at\/wp-content\/gallery\/9-sommercamp-2017\/thumbs\/thumbs_SC3076.JPG\"\n                    width=\"240\"\n                    height=\"160\"\n                    style=\"max-width:100%;\"\n                \/>\n            <\/a>\n        <\/div>\n\t\t\t\t\t\t\t<\/div> \n\t\t\t\n        \n\t\t\t\t<div id=\"ngg-image-606\" class=\"ngg-gallery-thumbnail-box\" >\n\t\t\t\t        <div class=\"ngg-gallery-thumbnail\">\n            <a href=\"http:\/\/www.karate-neuhofen.at\/wp-content\/gallery\/9-sommercamp-2017\/SC3077.JPG\"\n               title=\"\"\n               data-src=\"http:\/\/www.karate-neuhofen.at\/wp-content\/gallery\/9-sommercamp-2017\/SC3077.JPG\"\n               data-thumbnail=\"http:\/\/www.karate-neuhofen.at\/wp-content\/gallery\/9-sommercamp-2017\/thumbs\/thumbs_SC3077.JPG\"\n               data-image-id=\"16491\"\n               data-title=\"SC(3077)\"\n               data-description=\"\"\n               data-image-slug=\"sc3077\"\n               class=\"shutterset_6bd4a67f62a7de13e8a03aec327a2ec6\">\n                <img\n                    title=\"SC(3077)\"\n                    alt=\"SC(3077)\"\n                    src=\"http:\/\/www.karate-neuhofen.at\/wp-content\/gallery\/9-sommercamp-2017\/thumbs\/thumbs_SC3077.JPG\"\n                    width=\"240\"\n                    height=\"160\"\n                    style=\"max-width:100%;\"\n                \/>\n            <\/a>\n        <\/div>\n\t\t\t\t\t\t\t<\/div> \n\t\t\t\n        \n\t\t\t\t<div id=\"ngg-image-607\" class=\"ngg-gallery-thumbnail-box\" >\n\t\t\t\t        <div class=\"ngg-gallery-thumbnail\">\n            <a href=\"http:\/\/www.karate-neuhofen.at\/wp-content\/gallery\/9-sommercamp-2017\/SC3078.JPG\"\n               title=\"\"\n               data-src=\"http:\/\/www.karate-neuhofen.at\/wp-content\/gallery\/9-sommercamp-2017\/SC3078.JPG\"\n               data-thumbnail=\"http:\/\/www.karate-neuhofen.at\/wp-content\/gallery\/9-sommercamp-2017\/thumbs\/thumbs_SC3078.JPG\"\n               data-image-id=\"16492\"\n               data-title=\"SC(3078)\"\n               data-description=\"\"\n               data-image-slug=\"sc3078\"\n               class=\"shutterset_6bd4a67f62a7de13e8a03aec327a2ec6\">\n                <img\n                    title=\"SC(3078)\"\n                    alt=\"SC(3078)\"\n                    src=\"http:\/\/www.karate-neuhofen.at\/wp-content\/gallery\/9-sommercamp-2017\/thumbs\/thumbs_SC3078.JPG\"\n                    width=\"240\"\n                    height=\"160\"\n                    style=\"max-width:100%;\"\n                \/>\n            <\/a>\n        <\/div>\n\t\t\t\t\t\t\t<\/div> \n\t\t\t\n        \n\t\t\t\t<div id=\"ngg-image-608\" class=\"ngg-gallery-thumbnail-box\" >\n\t\t\t\t        <div class=\"ngg-gallery-thumbnail\">\n            <a href=\"http:\/\/www.karate-neuhofen.at\/wp-content\/gallery\/9-sommercamp-2017\/SC3079.JPG\"\n               title=\"\"\n               data-src=\"http:\/\/www.karate-neuhofen.at\/wp-content\/gallery\/9-sommercamp-2017\/SC3079.JPG\"\n               data-thumbnail=\"http:\/\/www.karate-neuhofen.at\/wp-content\/gallery\/9-sommercamp-2017\/thumbs\/thumbs_SC3079.JPG\"\n               data-image-id=\"16493\"\n               data-title=\"SC(3079)\"\n               data-description=\"\"\n               data-image-slug=\"sc3079\"\n               class=\"shutterset_6bd4a67f62a7de13e8a03aec327a2ec6\">\n                <img\n                    title=\"SC(3079)\"\n                    alt=\"SC(3079)\"\n                    src=\"http:\/\/www.karate-neuhofen.at\/wp-content\/gallery\/9-sommercamp-2017\/thumbs\/thumbs_SC3079.JPG\"\n                    width=\"240\"\n                    height=\"160\"\n                    style=\"max-width:100%;\"\n                \/>\n            <\/a>\n        <\/div>\n\t\t\t\t\t\t\t<\/div> \n\t\t\t\n        \n\t\t\t\t<div id=\"ngg-image-609\" class=\"ngg-gallery-thumbnail-box\" >\n\t\t\t\t        <div class=\"ngg-gallery-thumbnail\">\n            <a href=\"http:\/\/www.karate-neuhofen.at\/wp-content\/gallery\/9-sommercamp-2017\/SC3080.JPG\"\n               title=\"\"\n               data-src=\"http:\/\/www.karate-neuhofen.at\/wp-content\/gallery\/9-sommercamp-2017\/SC3080.JPG\"\n               data-thumbnail=\"http:\/\/www.karate-neuhofen.at\/wp-content\/gallery\/9-sommercamp-2017\/thumbs\/thumbs_SC3080.JPG\"\n               data-image-id=\"16494\"\n               data-title=\"SC(3080)\"\n               data-description=\"\"\n               data-image-slug=\"sc3080\"\n               class=\"shutterset_6bd4a67f62a7de13e8a03aec327a2ec6\">\n                <img\n                    title=\"SC(3080)\"\n                    alt=\"SC(3080)\"\n                    src=\"http:\/\/www.karate-neuhofen.at\/wp-content\/gallery\/9-sommercamp-2017\/thumbs\/thumbs_SC3080.JPG\"\n                    width=\"240\"\n                    height=\"160\"\n                    style=\"max-width:100%;\"\n                \/>\n            <\/a>\n        <\/div>\n\t\t\t\t\t\t\t<\/div> \n\t\t\t\n        \n\t\t\t\t<div id=\"ngg-image-610\" class=\"ngg-gallery-thumbnail-box\" >\n\t\t\t\t        <div class=\"ngg-gallery-thumbnail\">\n            <a href=\"http:\/\/www.karate-neuhofen.at\/wp-content\/gallery\/9-sommercamp-2017\/SC3081.JPG\"\n               title=\"\"\n               data-src=\"http:\/\/www.karate-neuhofen.at\/wp-content\/gallery\/9-sommercamp-2017\/SC3081.JPG\"\n               data-thumbnail=\"http:\/\/www.karate-neuhofen.at\/wp-content\/gallery\/9-sommercamp-2017\/thumbs\/thumbs_SC3081.JPG\"\n               data-image-id=\"16495\"\n               data-title=\"SC(3081)\"\n               data-description=\"\"\n               data-image-slug=\"sc3081\"\n               class=\"shutterset_6bd4a67f62a7de13e8a03aec327a2ec6\">\n                <img\n                    title=\"SC(3081)\"\n                    alt=\"SC(3081)\"\n                    src=\"http:\/\/www.karate-neuhofen.at\/wp-content\/gallery\/9-sommercamp-2017\/thumbs\/thumbs_SC3081.JPG\"\n                    width=\"240\"\n                    height=\"160\"\n                    style=\"max-width:100%;\"\n                \/>\n            <\/a>\n        <\/div>\n\t\t\t\t\t\t\t<\/div> \n\t\t\t\n        \n\t\t\t\t<div id=\"ngg-image-611\" class=\"ngg-gallery-thumbnail-box\" >\n\t\t\t\t        <div class=\"ngg-gallery-thumbnail\">\n            <a href=\"http:\/\/www.karate-neuhofen.at\/wp-content\/gallery\/9-sommercamp-2017\/SC3082.JPG\"\n               title=\"\"\n               data-src=\"http:\/\/www.karate-neuhofen.at\/wp-content\/gallery\/9-sommercamp-2017\/SC3082.JPG\"\n               data-thumbnail=\"http:\/\/www.karate-neuhofen.at\/wp-content\/gallery\/9-sommercamp-2017\/thumbs\/thumbs_SC3082.JPG\"\n               data-image-id=\"16496\"\n               data-title=\"SC(3082)\"\n               data-description=\"\"\n               data-image-slug=\"sc3082\"\n               class=\"shutterset_6bd4a67f62a7de13e8a03aec327a2ec6\">\n                <img\n                    title=\"SC(3082)\"\n                    alt=\"SC(3082)\"\n                    src=\"http:\/\/www.karate-neuhofen.at\/wp-content\/gallery\/9-sommercamp-2017\/thumbs\/thumbs_SC3082.JPG\"\n                    width=\"240\"\n                    height=\"160\"\n                    style=\"max-width:100%;\"\n                \/>\n            <\/a>\n        <\/div>\n\t\t\t\t\t\t\t<\/div> \n\t\t\t\n        \n\t\t\t\t<div id=\"ngg-image-612\" class=\"ngg-gallery-thumbnail-box\" >\n\t\t\t\t        <div class=\"ngg-gallery-thumbnail\">\n            <a href=\"http:\/\/www.karate-neuhofen.at\/wp-content\/gallery\/9-sommercamp-2017\/SC3083.JPG\"\n               title=\"\"\n               data-src=\"http:\/\/www.karate-neuhofen.at\/wp-content\/gallery\/9-sommercamp-2017\/SC3083.JPG\"\n               data-thumbnail=\"http:\/\/www.karate-neuhofen.at\/wp-content\/gallery\/9-sommercamp-2017\/thumbs\/thumbs_SC3083.JPG\"\n               data-image-id=\"16497\"\n               data-title=\"SC(3083)\"\n               data-description=\"\"\n               data-image-slug=\"sc3083\"\n               class=\"shutterset_6bd4a67f62a7de13e8a03aec327a2ec6\">\n                <img\n                    title=\"SC(3083)\"\n                    alt=\"SC(3083)\"\n                    src=\"http:\/\/www.karate-neuhofen.at\/wp-content\/gallery\/9-sommercamp-2017\/thumbs\/thumbs_SC3083.JPG\"\n                    width=\"240\"\n                    height=\"160\"\n                    style=\"max-width:100%;\"\n                \/>\n            <\/a>\n        <\/div>\n\t\t\t\t\t\t\t<\/div> \n\t\t\t\n        \n\t\t\t\t<div id=\"ngg-image-613\" class=\"ngg-gallery-thumbnail-box\" >\n\t\t\t\t        <div class=\"ngg-gallery-thumbnail\">\n            <a href=\"http:\/\/www.karate-neuhofen.at\/wp-content\/gallery\/9-sommercamp-2017\/SC3084.JPG\"\n               title=\"\"\n               data-src=\"http:\/\/www.karate-neuhofen.at\/wp-content\/gallery\/9-sommercamp-2017\/SC3084.JPG\"\n               data-thumbnail=\"http:\/\/www.karate-neuhofen.at\/wp-content\/gallery\/9-sommercamp-2017\/thumbs\/thumbs_SC3084.JPG\"\n               data-image-id=\"16498\"\n               data-title=\"SC(3084)\"\n               data-description=\"\"\n               data-image-slug=\"sc3084\"\n               class=\"shutterset_6bd4a67f62a7de13e8a03aec327a2ec6\">\n                <img\n                    title=\"SC(3084)\"\n                    alt=\"SC(3084)\"\n                    src=\"http:\/\/www.karate-neuhofen.at\/wp-content\/gallery\/9-sommercamp-2017\/thumbs\/thumbs_SC3084.JPG\"\n                    width=\"240\"\n                    height=\"160\"\n                    style=\"max-width:100%;\"\n                \/>\n            <\/a>\n        <\/div>\n\t\t\t\t\t\t\t<\/div> \n\t\t\t\n        \n\t\t\t\t<div id=\"ngg-image-614\" class=\"ngg-gallery-thumbnail-box\" >\n\t\t\t\t        <div class=\"ngg-gallery-thumbnail\">\n            <a href=\"http:\/\/www.karate-neuhofen.at\/wp-content\/gallery\/9-sommercamp-2017\/SC3085.JPG\"\n               title=\"\"\n               data-src=\"http:\/\/www.karate-neuhofen.at\/wp-content\/gallery\/9-sommercamp-2017\/SC3085.JPG\"\n               data-thumbnail=\"http:\/\/www.karate-neuhofen.at\/wp-content\/gallery\/9-sommercamp-2017\/thumbs\/thumbs_SC3085.JPG\"\n               data-image-id=\"16499\"\n               data-title=\"SC(3085)\"\n               data-description=\"\"\n               data-image-slug=\"sc3085\"\n               class=\"shutterset_6bd4a67f62a7de13e8a03aec327a2ec6\">\n                <img\n                    title=\"SC(3085)\"\n                    alt=\"SC(3085)\"\n                    src=\"http:\/\/www.karate-neuhofen.at\/wp-content\/gallery\/9-sommercamp-2017\/thumbs\/thumbs_SC3085.JPG\"\n                    width=\"240\"\n                    height=\"160\"\n                    style=\"max-width:100%;\"\n                \/>\n            <\/a>\n        <\/div>\n\t\t\t\t\t\t\t<\/div> \n\t\t\t\n        \n\t\t\t\t<div id=\"ngg-image-615\" class=\"ngg-gallery-thumbnail-box\" >\n\t\t\t\t        <div class=\"ngg-gallery-thumbnail\">\n            <a href=\"http:\/\/www.karate-neuhofen.at\/wp-content\/gallery\/9-sommercamp-2017\/SC3086.JPG\"\n               title=\"\"\n               data-src=\"http:\/\/www.karate-neuhofen.at\/wp-content\/gallery\/9-sommercamp-2017\/SC3086.JPG\"\n               data-thumbnail=\"http:\/\/www.karate-neuhofen.at\/wp-content\/gallery\/9-sommercamp-2017\/thumbs\/thumbs_SC3086.JPG\"\n               data-image-id=\"16500\"\n               data-title=\"SC(3086)\"\n               data-description=\"\"\n               data-image-slug=\"sc3086\"\n               class=\"shutterset_6bd4a67f62a7de13e8a03aec327a2ec6\">\n                <img\n                    title=\"SC(3086)\"\n                    alt=\"SC(3086)\"\n                    src=\"http:\/\/www.karate-neuhofen.at\/wp-content\/gallery\/9-sommercamp-2017\/thumbs\/thumbs_SC3086.JPG\"\n                    width=\"240\"\n                    height=\"160\"\n                    style=\"max-width:100%;\"\n                \/>\n            <\/a>\n        <\/div>\n\t\t\t\t\t\t\t<\/div> \n\t\t\t\n        \n\t\t\t\t<div id=\"ngg-image-616\" class=\"ngg-gallery-thumbnail-box\" >\n\t\t\t\t        <div class=\"ngg-gallery-thumbnail\">\n            <a href=\"http:\/\/www.karate-neuhofen.at\/wp-content\/gallery\/9-sommercamp-2017\/SC3087.JPG\"\n               title=\"\"\n               data-src=\"http:\/\/www.karate-neuhofen.at\/wp-content\/gallery\/9-sommercamp-2017\/SC3087.JPG\"\n               data-thumbnail=\"http:\/\/www.karate-neuhofen.at\/wp-content\/gallery\/9-sommercamp-2017\/thumbs\/thumbs_SC3087.JPG\"\n               data-image-id=\"16501\"\n               data-title=\"SC(3087)\"\n               data-description=\"\"\n               data-image-slug=\"sc3087\"\n               class=\"shutterset_6bd4a67f62a7de13e8a03aec327a2ec6\">\n                <img\n                    title=\"SC(3087)\"\n                    alt=\"SC(3087)\"\n                    src=\"http:\/\/www.karate-neuhofen.at\/wp-content\/gallery\/9-sommercamp-2017\/thumbs\/thumbs_SC3087.JPG\"\n                    width=\"240\"\n                    height=\"160\"\n                    style=\"max-width:100%;\"\n                \/>\n            <\/a>\n        <\/div>\n\t\t\t\t\t\t\t<\/div> \n\t\t\t\n        \n\t\t\t\t<div id=\"ngg-image-617\" class=\"ngg-gallery-thumbnail-box\" >\n\t\t\t\t        <div class=\"ngg-gallery-thumbnail\">\n            <a href=\"http:\/\/www.karate-neuhofen.at\/wp-content\/gallery\/9-sommercamp-2017\/SC3088.JPG\"\n               title=\"\"\n               data-src=\"http:\/\/www.karate-neuhofen.at\/wp-content\/gallery\/9-sommercamp-2017\/SC3088.JPG\"\n               data-thumbnail=\"http:\/\/www.karate-neuhofen.at\/wp-content\/gallery\/9-sommercamp-2017\/thumbs\/thumbs_SC3088.JPG\"\n               data-image-id=\"16502\"\n               data-title=\"SC(3088)\"\n               data-description=\"\"\n               data-image-slug=\"sc3088\"\n               class=\"shutterset_6bd4a67f62a7de13e8a03aec327a2ec6\">\n                <img\n                    title=\"SC(3088)\"\n                    alt=\"SC(3088)\"\n                    src=\"http:\/\/www.karate-neuhofen.at\/wp-content\/gallery\/9-sommercamp-2017\/thumbs\/thumbs_SC3088.JPG\"\n                    width=\"240\"\n                    height=\"160\"\n                    style=\"max-width:100%;\"\n                \/>\n            <\/a>\n        <\/div>\n\t\t\t\t\t\t\t<\/div> \n\t\t\t\n        \n\t\t\t\t<div id=\"ngg-image-618\" class=\"ngg-gallery-thumbnail-box\" >\n\t\t\t\t        <div class=\"ngg-gallery-thumbnail\">\n            <a href=\"http:\/\/www.karate-neuhofen.at\/wp-content\/gallery\/9-sommercamp-2017\/SC3089.JPG\"\n               title=\"\"\n               data-src=\"http:\/\/www.karate-neuhofen.at\/wp-content\/gallery\/9-sommercamp-2017\/SC3089.JPG\"\n               data-thumbnail=\"http:\/\/www.karate-neuhofen.at\/wp-content\/gallery\/9-sommercamp-2017\/thumbs\/thumbs_SC3089.JPG\"\n               data-image-id=\"16503\"\n               data-title=\"SC(3089)\"\n               data-description=\"\"\n               data-image-slug=\"sc3089\"\n               class=\"shutterset_6bd4a67f62a7de13e8a03aec327a2ec6\">\n                <img\n                    title=\"SC(3089)\"\n                    alt=\"SC(3089)\"\n                    src=\"http:\/\/www.karate-neuhofen.at\/wp-content\/gallery\/9-sommercamp-2017\/thumbs\/thumbs_SC3089.JPG\"\n                    width=\"240\"\n                    height=\"160\"\n                    style=\"max-width:100%;\"\n                \/>\n            <\/a>\n        <\/div>\n\t\t\t\t\t\t\t<\/div> \n\t\t\t\n        \n\t\t\t\t<div id=\"ngg-image-619\" class=\"ngg-gallery-thumbnail-box\" >\n\t\t\t\t        <div class=\"ngg-gallery-thumbnail\">\n            <a href=\"http:\/\/www.karate-neuhofen.at\/wp-content\/gallery\/9-sommercamp-2017\/SC3090.JPG\"\n               title=\"\"\n               data-src=\"http:\/\/www.karate-neuhofen.at\/wp-content\/gallery\/9-sommercamp-2017\/SC3090.JPG\"\n               data-thumbnail=\"http:\/\/www.karate-neuhofen.at\/wp-content\/gallery\/9-sommercamp-2017\/thumbs\/thumbs_SC3090.JPG\"\n               data-image-id=\"16504\"\n               data-title=\"SC(3090)\"\n               data-description=\"\"\n               data-image-slug=\"sc3090\"\n               class=\"shutterset_6bd4a67f62a7de13e8a03aec327a2ec6\">\n                <img\n                    title=\"SC(3090)\"\n                    alt=\"SC(3090)\"\n                    src=\"http:\/\/www.karate-neuhofen.at\/wp-content\/gallery\/9-sommercamp-2017\/thumbs\/thumbs_SC3090.JPG\"\n                    width=\"240\"\n                    height=\"160\"\n                    style=\"max-width:100%;\"\n                \/>\n            <\/a>\n        <\/div>\n\t\t\t\t\t\t\t<\/div> \n\t\t\t\n        \n\t\t\t\t<div id=\"ngg-image-620\" class=\"ngg-gallery-thumbnail-box\" >\n\t\t\t\t        <div class=\"ngg-gallery-thumbnail\">\n            <a href=\"http:\/\/www.karate-neuhofen.at\/wp-content\/gallery\/9-sommercamp-2017\/SC3091.JPG\"\n               title=\"\"\n               data-src=\"http:\/\/www.karate-neuhofen.at\/wp-content\/gallery\/9-sommercamp-2017\/SC3091.JPG\"\n               data-thumbnail=\"http:\/\/www.karate-neuhofen.at\/wp-content\/gallery\/9-sommercamp-2017\/thumbs\/thumbs_SC3091.JPG\"\n               data-image-id=\"16505\"\n               data-title=\"SC(3091)\"\n               data-description=\"\"\n               data-image-slug=\"sc3091\"\n               class=\"shutterset_6bd4a67f62a7de13e8a03aec327a2ec6\">\n                <img\n                    title=\"SC(3091)\"\n                    alt=\"SC(3091)\"\n                    src=\"http:\/\/www.karate-neuhofen.at\/wp-content\/gallery\/9-sommercamp-2017\/thumbs\/thumbs_SC3091.JPG\"\n                    width=\"240\"\n                    height=\"160\"\n                    style=\"max-width:100%;\"\n                \/>\n            <\/a>\n        <\/div>\n\t\t\t\t\t\t\t<\/div> \n\t\t\t\n        \n\t\t\t\t<div id=\"ngg-image-621\" class=\"ngg-gallery-thumbnail-box\" >\n\t\t\t\t        <div class=\"ngg-gallery-thumbnail\">\n            <a href=\"http:\/\/www.karate-neuhofen.at\/wp-content\/gallery\/9-sommercamp-2017\/SC3092.JPG\"\n               title=\"\"\n               data-src=\"http:\/\/www.karate-neuhofen.at\/wp-content\/gallery\/9-sommercamp-2017\/SC3092.JPG\"\n               data-thumbnail=\"http:\/\/www.karate-neuhofen.at\/wp-content\/gallery\/9-sommercamp-2017\/thumbs\/thumbs_SC3092.JPG\"\n               data-image-id=\"16506\"\n               data-title=\"SC(3092)\"\n               data-description=\"\"\n               data-image-slug=\"sc3092\"\n               class=\"shutterset_6bd4a67f62a7de13e8a03aec327a2ec6\">\n                <img\n                    title=\"SC(3092)\"\n                    alt=\"SC(3092)\"\n                    src=\"http:\/\/www.karate-neuhofen.at\/wp-content\/gallery\/9-sommercamp-2017\/thumbs\/thumbs_SC3092.JPG\"\n                    width=\"240\"\n                    height=\"160\"\n                    style=\"max-width:100%;\"\n                \/>\n            <\/a>\n        <\/div>\n\t\t\t\t\t\t\t<\/div> \n\t\t\t\n        \n\t\t\t\t<div id=\"ngg-image-622\" class=\"ngg-gallery-thumbnail-box\" >\n\t\t\t\t        <div class=\"ngg-gallery-thumbnail\">\n            <a href=\"http:\/\/www.karate-neuhofen.at\/wp-content\/gallery\/9-sommercamp-2017\/SC3093.JPG\"\n               title=\"\"\n               data-src=\"http:\/\/www.karate-neuhofen.at\/wp-content\/gallery\/9-sommercamp-2017\/SC3093.JPG\"\n               data-thumbnail=\"http:\/\/www.karate-neuhofen.at\/wp-content\/gallery\/9-sommercamp-2017\/thumbs\/thumbs_SC3093.JPG\"\n               data-image-id=\"16507\"\n               data-title=\"SC(3093)\"\n               data-description=\"\"\n               data-image-slug=\"sc3093\"\n               class=\"shutterset_6bd4a67f62a7de13e8a03aec327a2ec6\">\n                <img\n                    title=\"SC(3093)\"\n                    alt=\"SC(3093)\"\n                    src=\"http:\/\/www.karate-neuhofen.at\/wp-content\/gallery\/9-sommercamp-2017\/thumbs\/thumbs_SC3093.JPG\"\n                    width=\"240\"\n                    height=\"160\"\n                    style=\"max-width:100%;\"\n                \/>\n            <\/a>\n        <\/div>\n\t\t\t\t\t\t\t<\/div> \n\t\t\t\n        \n\t\t\t\t<div id=\"ngg-image-623\" class=\"ngg-gallery-thumbnail-box\" >\n\t\t\t\t        <div class=\"ngg-gallery-thumbnail\">\n            <a href=\"http:\/\/www.karate-neuhofen.at\/wp-content\/gallery\/9-sommercamp-2017\/SC3094.JPG\"\n               title=\"\"\n               data-src=\"http:\/\/www.karate-neuhofen.at\/wp-content\/gallery\/9-sommercamp-2017\/SC3094.JPG\"\n               data-thumbnail=\"http:\/\/www.karate-neuhofen.at\/wp-content\/gallery\/9-sommercamp-2017\/thumbs\/thumbs_SC3094.JPG\"\n               data-image-id=\"16508\"\n               data-title=\"SC(3094)\"\n               data-description=\"\"\n               data-image-slug=\"sc3094\"\n               class=\"shutterset_6bd4a67f62a7de13e8a03aec327a2ec6\">\n                <img\n                    title=\"SC(3094)\"\n                    alt=\"SC(3094)\"\n                    src=\"http:\/\/www.karate-neuhofen.at\/wp-content\/gallery\/9-sommercamp-2017\/thumbs\/thumbs_SC3094.JPG\"\n                    width=\"240\"\n                    height=\"160\"\n                    style=\"max-width:100%;\"\n                \/>\n            <\/a>\n        <\/div>\n\t\t\t\t\t\t\t<\/div> \n\t\t\t\n        \n\t\t\t\t<div id=\"ngg-image-624\" class=\"ngg-gallery-thumbnail-box\" >\n\t\t\t\t        <div class=\"ngg-gallery-thumbnail\">\n            <a href=\"http:\/\/www.karate-neuhofen.at\/wp-content\/gallery\/9-sommercamp-2017\/SC3095.JPG\"\n               title=\"\"\n               data-src=\"http:\/\/www.karate-neuhofen.at\/wp-content\/gallery\/9-sommercamp-2017\/SC3095.JPG\"\n               data-thumbnail=\"http:\/\/www.karate-neuhofen.at\/wp-content\/gallery\/9-sommercamp-2017\/thumbs\/thumbs_SC3095.JPG\"\n               data-image-id=\"16509\"\n               data-title=\"SC(3095)\"\n               data-description=\"\"\n               data-image-slug=\"sc3095\"\n               class=\"shutterset_6bd4a67f62a7de13e8a03aec327a2ec6\">\n                <img\n                    title=\"SC(3095)\"\n                    alt=\"SC(3095)\"\n                    src=\"http:\/\/www.karate-neuhofen.at\/wp-content\/gallery\/9-sommercamp-2017\/thumbs\/thumbs_SC3095.JPG\"\n                    width=\"240\"\n                    height=\"160\"\n                    style=\"max-width:100%;\"\n                \/>\n            <\/a>\n        <\/div>\n\t\t\t\t\t\t\t<\/div> \n\t\t\t\n        \n\t\t\t\t<div id=\"ngg-image-625\" class=\"ngg-gallery-thumbnail-box\" >\n\t\t\t\t        <div class=\"ngg-gallery-thumbnail\">\n            <a href=\"http:\/\/www.karate-neuhofen.at\/wp-content\/gallery\/9-sommercamp-2017\/SC3096.JPG\"\n               title=\"\"\n               data-src=\"http:\/\/www.karate-neuhofen.at\/wp-content\/gallery\/9-sommercamp-2017\/SC3096.JPG\"\n               data-thumbnail=\"http:\/\/www.karate-neuhofen.at\/wp-content\/gallery\/9-sommercamp-2017\/thumbs\/thumbs_SC3096.JPG\"\n               data-image-id=\"16510\"\n               data-title=\"SC(3096)\"\n               data-description=\"\"\n               data-image-slug=\"sc3096\"\n               class=\"shutterset_6bd4a67f62a7de13e8a03aec327a2ec6\">\n                <img\n                    title=\"SC(3096)\"\n                    alt=\"SC(3096)\"\n                    src=\"http:\/\/www.karate-neuhofen.at\/wp-content\/gallery\/9-sommercamp-2017\/thumbs\/thumbs_SC3096.JPG\"\n                    width=\"240\"\n                    height=\"160\"\n                    style=\"max-width:100%;\"\n                \/>\n            <\/a>\n        <\/div>\n\t\t\t\t\t\t\t<\/div> \n\t\t\t\n        \n\t\t\t\t<div id=\"ngg-image-626\" class=\"ngg-gallery-thumbnail-box\" >\n\t\t\t\t        <div class=\"ngg-gallery-thumbnail\">\n            <a href=\"http:\/\/www.karate-neuhofen.at\/wp-content\/gallery\/9-sommercamp-2017\/SC3097.JPG\"\n               title=\"\"\n               data-src=\"http:\/\/www.karate-neuhofen.at\/wp-content\/gallery\/9-sommercamp-2017\/SC3097.JPG\"\n               data-thumbnail=\"http:\/\/www.karate-neuhofen.at\/wp-content\/gallery\/9-sommercamp-2017\/thumbs\/thumbs_SC3097.JPG\"\n               data-image-id=\"16511\"\n               data-title=\"SC(3097)\"\n               data-description=\"\"\n               data-image-slug=\"sc3097\"\n               class=\"shutterset_6bd4a67f62a7de13e8a03aec327a2ec6\">\n                <img\n                    title=\"SC(3097)\"\n                    alt=\"SC(3097)\"\n                    src=\"http:\/\/www.karate-neuhofen.at\/wp-content\/gallery\/9-sommercamp-2017\/thumbs\/thumbs_SC3097.JPG\"\n                    width=\"240\"\n                    height=\"160\"\n                    style=\"max-width:100%;\"\n                \/>\n            <\/a>\n        <\/div>\n\t\t\t\t\t\t\t<\/div> \n\t\t\t\n        \n\t\t\t\t<div id=\"ngg-image-627\" class=\"ngg-gallery-thumbnail-box\" >\n\t\t\t\t        <div class=\"ngg-gallery-thumbnail\">\n            <a href=\"http:\/\/www.karate-neuhofen.at\/wp-content\/gallery\/9-sommercamp-2017\/SC3098.JPG\"\n               title=\"\"\n               data-src=\"http:\/\/www.karate-neuhofen.at\/wp-content\/gallery\/9-sommercamp-2017\/SC3098.JPG\"\n               data-thumbnail=\"http:\/\/www.karate-neuhofen.at\/wp-content\/gallery\/9-sommercamp-2017\/thumbs\/thumbs_SC3098.JPG\"\n               data-image-id=\"16512\"\n               data-title=\"SC(3098)\"\n               data-description=\"\"\n               data-image-slug=\"sc3098\"\n               class=\"shutterset_6bd4a67f62a7de13e8a03aec327a2ec6\">\n                <img\n                    title=\"SC(3098)\"\n                    alt=\"SC(3098)\"\n                    src=\"http:\/\/www.karate-neuhofen.at\/wp-content\/gallery\/9-sommercamp-2017\/thumbs\/thumbs_SC3098.JPG\"\n                    width=\"240\"\n                    height=\"160\"\n                    style=\"max-width:100%;\"\n                \/>\n            <\/a>\n        <\/div>\n\t\t\t\t\t\t\t<\/div> \n\t\t\t\n        \n\t\t\t\t<div id=\"ngg-image-628\" class=\"ngg-gallery-thumbnail-box\" >\n\t\t\t\t        <div class=\"ngg-gallery-thumbnail\">\n            <a href=\"http:\/\/www.karate-neuhofen.at\/wp-content\/gallery\/9-sommercamp-2017\/SC3099.JPG\"\n               title=\"\"\n               data-src=\"http:\/\/www.karate-neuhofen.at\/wp-content\/gallery\/9-sommercamp-2017\/SC3099.JPG\"\n               data-thumbnail=\"http:\/\/www.karate-neuhofen.at\/wp-content\/gallery\/9-sommercamp-2017\/thumbs\/thumbs_SC3099.JPG\"\n               data-image-id=\"16513\"\n               data-title=\"SC(3099)\"\n               data-description=\"\"\n               data-image-slug=\"sc3099\"\n               class=\"shutterset_6bd4a67f62a7de13e8a03aec327a2ec6\">\n                <img\n                    title=\"SC(3099)\"\n                    alt=\"SC(3099)\"\n                    src=\"http:\/\/www.karate-neuhofen.at\/wp-content\/gallery\/9-sommercamp-2017\/thumbs\/thumbs_SC3099.JPG\"\n                    width=\"240\"\n                    height=\"160\"\n                    style=\"max-width:100%;\"\n                \/>\n            <\/a>\n        <\/div>\n\t\t\t\t\t\t\t<\/div> \n\t\t\t\n        \n\t\t\t\t<div id=\"ngg-image-629\" class=\"ngg-gallery-thumbnail-box\" >\n\t\t\t\t        <div class=\"ngg-gallery-thumbnail\">\n            <a href=\"http:\/\/www.karate-neuhofen.at\/wp-content\/gallery\/9-sommercamp-2017\/SC3100.JPG\"\n               title=\"\"\n               data-src=\"http:\/\/www.karate-neuhofen.at\/wp-content\/gallery\/9-sommercamp-2017\/SC3100.JPG\"\n               data-thumbnail=\"http:\/\/www.karate-neuhofen.at\/wp-content\/gallery\/9-sommercamp-2017\/thumbs\/thumbs_SC3100.JPG\"\n               data-image-id=\"16514\"\n               data-title=\"SC(3100)\"\n               data-description=\"\"\n               data-image-slug=\"sc3100\"\n               class=\"shutterset_6bd4a67f62a7de13e8a03aec327a2ec6\">\n                <img\n                    title=\"SC(3100)\"\n                    alt=\"SC(3100)\"\n                    src=\"http:\/\/www.karate-neuhofen.at\/wp-content\/gallery\/9-sommercamp-2017\/thumbs\/thumbs_SC3100.JPG\"\n                    width=\"240\"\n                    height=\"160\"\n                    style=\"max-width:100%;\"\n                \/>\n            <\/a>\n        <\/div>\n\t\t\t\t\t\t\t<\/div> \n\t\t\t\n        \n\t\t\t\t<div id=\"ngg-image-630\" class=\"ngg-gallery-thumbnail-box\" >\n\t\t\t\t        <div class=\"ngg-gallery-thumbnail\">\n            <a href=\"http:\/\/www.karate-neuhofen.at\/wp-content\/gallery\/9-sommercamp-2017\/SC3101.JPG\"\n               title=\"\"\n               data-src=\"http:\/\/www.karate-neuhofen.at\/wp-content\/gallery\/9-sommercamp-2017\/SC3101.JPG\"\n               data-thumbnail=\"http:\/\/www.karate-neuhofen.at\/wp-content\/gallery\/9-sommercamp-2017\/thumbs\/thumbs_SC3101.JPG\"\n               data-image-id=\"16515\"\n               data-title=\"SC(3101)\"\n               data-description=\"\"\n               data-image-slug=\"sc3101\"\n               class=\"shutterset_6bd4a67f62a7de13e8a03aec327a2ec6\">\n                <img\n                    title=\"SC(3101)\"\n                    alt=\"SC(3101)\"\n                    src=\"http:\/\/www.karate-neuhofen.at\/wp-content\/gallery\/9-sommercamp-2017\/thumbs\/thumbs_SC3101.JPG\"\n                    width=\"240\"\n                    height=\"160\"\n                    style=\"max-width:100%;\"\n                \/>\n            <\/a>\n        <\/div>\n\t\t\t\t\t\t\t<\/div> \n\t\t\t\n        \n\t\t\t\t<div id=\"ngg-image-631\" class=\"ngg-gallery-thumbnail-box\" >\n\t\t\t\t        <div class=\"ngg-gallery-thumbnail\">\n            <a href=\"http:\/\/www.karate-neuhofen.at\/wp-content\/gallery\/9-sommercamp-2017\/SC3102.JPG\"\n               title=\"\"\n               data-src=\"http:\/\/www.karate-neuhofen.at\/wp-content\/gallery\/9-sommercamp-2017\/SC3102.JPG\"\n               data-thumbnail=\"http:\/\/www.karate-neuhofen.at\/wp-content\/gallery\/9-sommercamp-2017\/thumbs\/thumbs_SC3102.JPG\"\n               data-image-id=\"16516\"\n               data-title=\"SC(3102)\"\n               data-description=\"\"\n               data-image-slug=\"sc3102\"\n               class=\"shutterset_6bd4a67f62a7de13e8a03aec327a2ec6\">\n                <img\n                    title=\"SC(3102)\"\n                    alt=\"SC(3102)\"\n                    src=\"http:\/\/www.karate-neuhofen.at\/wp-content\/gallery\/9-sommercamp-2017\/thumbs\/thumbs_SC3102.JPG\"\n                    width=\"240\"\n                    height=\"160\"\n                    style=\"max-width:100%;\"\n                \/>\n            <\/a>\n        <\/div>\n\t\t\t\t\t\t\t<\/div> \n\t\t\t\n        \n\t\t\t\t<div id=\"ngg-image-632\" class=\"ngg-gallery-thumbnail-box\" >\n\t\t\t\t        <div class=\"ngg-gallery-thumbnail\">\n            <a href=\"http:\/\/www.karate-neuhofen.at\/wp-content\/gallery\/9-sommercamp-2017\/SC3103.JPG\"\n               title=\"\"\n               data-src=\"http:\/\/www.karate-neuhofen.at\/wp-content\/gallery\/9-sommercamp-2017\/SC3103.JPG\"\n               data-thumbnail=\"http:\/\/www.karate-neuhofen.at\/wp-content\/gallery\/9-sommercamp-2017\/thumbs\/thumbs_SC3103.JPG\"\n               data-image-id=\"16517\"\n               data-title=\"SC(3103)\"\n               data-description=\"\"\n               data-image-slug=\"sc3103\"\n               class=\"shutterset_6bd4a67f62a7de13e8a03aec327a2ec6\">\n                <img\n                    title=\"SC(3103)\"\n                    alt=\"SC(3103)\"\n                    src=\"http:\/\/www.karate-neuhofen.at\/wp-content\/gallery\/9-sommercamp-2017\/thumbs\/thumbs_SC3103.JPG\"\n                    width=\"240\"\n                    height=\"160\"\n                    style=\"max-width:100%;\"\n                \/>\n            <\/a>\n        <\/div>\n\t\t\t\t\t\t\t<\/div> \n\t\t\t\n        \n\t\t\t\t<div id=\"ngg-image-633\" class=\"ngg-gallery-thumbnail-box\" >\n\t\t\t\t        <div class=\"ngg-gallery-thumbnail\">\n            <a href=\"http:\/\/www.karate-neuhofen.at\/wp-content\/gallery\/9-sommercamp-2017\/SC3104.JPG\"\n               title=\"\"\n               data-src=\"http:\/\/www.karate-neuhofen.at\/wp-content\/gallery\/9-sommercamp-2017\/SC3104.JPG\"\n               data-thumbnail=\"http:\/\/www.karate-neuhofen.at\/wp-content\/gallery\/9-sommercamp-2017\/thumbs\/thumbs_SC3104.JPG\"\n               data-image-id=\"16518\"\n               data-title=\"SC(3104)\"\n               data-description=\"\"\n               data-image-slug=\"sc3104\"\n               class=\"shutterset_6bd4a67f62a7de13e8a03aec327a2ec6\">\n                <img\n                    title=\"SC(3104)\"\n                    alt=\"SC(3104)\"\n                    src=\"http:\/\/www.karate-neuhofen.at\/wp-content\/gallery\/9-sommercamp-2017\/thumbs\/thumbs_SC3104.JPG\"\n                    width=\"240\"\n                    height=\"160\"\n                    style=\"max-width:100%;\"\n                \/>\n            <\/a>\n        <\/div>\n\t\t\t\t\t\t\t<\/div> \n\t\t\t\n        \n\t\t\t\t<div id=\"ngg-image-634\" class=\"ngg-gallery-thumbnail-box\" >\n\t\t\t\t        <div class=\"ngg-gallery-thumbnail\">\n            <a href=\"http:\/\/www.karate-neuhofen.at\/wp-content\/gallery\/9-sommercamp-2017\/SC3105.JPG\"\n               title=\"\"\n               data-src=\"http:\/\/www.karate-neuhofen.at\/wp-content\/gallery\/9-sommercamp-2017\/SC3105.JPG\"\n               data-thumbnail=\"http:\/\/www.karate-neuhofen.at\/wp-content\/gallery\/9-sommercamp-2017\/thumbs\/thumbs_SC3105.JPG\"\n               data-image-id=\"16519\"\n               data-title=\"SC(3105)\"\n               data-description=\"\"\n               data-image-slug=\"sc3105\"\n               class=\"shutterset_6bd4a67f62a7de13e8a03aec327a2ec6\">\n                <img\n                    title=\"SC(3105)\"\n                    alt=\"SC(3105)\"\n                    src=\"http:\/\/www.karate-neuhofen.at\/wp-content\/gallery\/9-sommercamp-2017\/thumbs\/thumbs_SC3105.JPG\"\n                    width=\"240\"\n                    height=\"160\"\n                    style=\"max-width:100%;\"\n                \/>\n            <\/a>\n        <\/div>\n\t\t\t\t\t\t\t<\/div> \n\t\t\t\n        \n\t\t\t\t<div id=\"ngg-image-635\" class=\"ngg-gallery-thumbnail-box\" >\n\t\t\t\t        <div class=\"ngg-gallery-thumbnail\">\n            <a href=\"http:\/\/www.karate-neuhofen.at\/wp-content\/gallery\/9-sommercamp-2017\/SC3106.JPG\"\n               title=\"\"\n               data-src=\"http:\/\/www.karate-neuhofen.at\/wp-content\/gallery\/9-sommercamp-2017\/SC3106.JPG\"\n               data-thumbnail=\"http:\/\/www.karate-neuhofen.at\/wp-content\/gallery\/9-sommercamp-2017\/thumbs\/thumbs_SC3106.JPG\"\n               data-image-id=\"16520\"\n               data-title=\"SC(3106)\"\n               data-description=\"\"\n               data-image-slug=\"sc3106\"\n               class=\"shutterset_6bd4a67f62a7de13e8a03aec327a2ec6\">\n                <img\n                    title=\"SC(3106)\"\n                    alt=\"SC(3106)\"\n                    src=\"http:\/\/www.karate-neuhofen.at\/wp-content\/gallery\/9-sommercamp-2017\/thumbs\/thumbs_SC3106.JPG\"\n                    width=\"240\"\n                    height=\"160\"\n                    style=\"max-width:100%;\"\n                \/>\n            <\/a>\n        <\/div>\n\t\t\t\t\t\t\t<\/div> \n\t\t\t\n        \n\t\t\t\t<div id=\"ngg-image-636\" class=\"ngg-gallery-thumbnail-box\" >\n\t\t\t\t        <div class=\"ngg-gallery-thumbnail\">\n            <a href=\"http:\/\/www.karate-neuhofen.at\/wp-content\/gallery\/9-sommercamp-2017\/SC3107.JPG\"\n               title=\"\"\n               data-src=\"http:\/\/www.karate-neuhofen.at\/wp-content\/gallery\/9-sommercamp-2017\/SC3107.JPG\"\n               data-thumbnail=\"http:\/\/www.karate-neuhofen.at\/wp-content\/gallery\/9-sommercamp-2017\/thumbs\/thumbs_SC3107.JPG\"\n               data-image-id=\"16521\"\n               data-title=\"SC(3107)\"\n               data-description=\"\"\n               data-image-slug=\"sc3107\"\n               class=\"shutterset_6bd4a67f62a7de13e8a03aec327a2ec6\">\n                <img\n                    title=\"SC(3107)\"\n                    alt=\"SC(3107)\"\n                    src=\"http:\/\/www.karate-neuhofen.at\/wp-content\/gallery\/9-sommercamp-2017\/thumbs\/thumbs_SC3107.JPG\"\n                    width=\"240\"\n                    height=\"160\"\n                    style=\"max-width:100%;\"\n                \/>\n            <\/a>\n        <\/div>\n\t\t\t\t\t\t\t<\/div> \n\t\t\t\n        \n\t\t\t\t<div id=\"ngg-image-637\" class=\"ngg-gallery-thumbnail-box\" >\n\t\t\t\t        <div class=\"ngg-gallery-thumbnail\">\n            <a href=\"http:\/\/www.karate-neuhofen.at\/wp-content\/gallery\/9-sommercamp-2017\/SC3108.JPG\"\n               title=\"\"\n               data-src=\"http:\/\/www.karate-neuhofen.at\/wp-content\/gallery\/9-sommercamp-2017\/SC3108.JPG\"\n               data-thumbnail=\"http:\/\/www.karate-neuhofen.at\/wp-content\/gallery\/9-sommercamp-2017\/thumbs\/thumbs_SC3108.JPG\"\n               data-image-id=\"16522\"\n               data-title=\"SC(3108)\"\n               data-description=\"\"\n               data-image-slug=\"sc3108\"\n               class=\"shutterset_6bd4a67f62a7de13e8a03aec327a2ec6\">\n                <img\n                    title=\"SC(3108)\"\n                    alt=\"SC(3108)\"\n                    src=\"http:\/\/www.karate-neuhofen.at\/wp-content\/gallery\/9-sommercamp-2017\/thumbs\/thumbs_SC3108.JPG\"\n                    width=\"240\"\n                    height=\"160\"\n                    style=\"max-width:100%;\"\n                \/>\n            <\/a>\n        <\/div>\n\t\t\t\t\t\t\t<\/div> \n\t\t\t\n        \n\t\t\t\t<div id=\"ngg-image-638\" class=\"ngg-gallery-thumbnail-box\" >\n\t\t\t\t        <div class=\"ngg-gallery-thumbnail\">\n            <a href=\"http:\/\/www.karate-neuhofen.at\/wp-content\/gallery\/9-sommercamp-2017\/SC3109.JPG\"\n               title=\"\"\n               data-src=\"http:\/\/www.karate-neuhofen.at\/wp-content\/gallery\/9-sommercamp-2017\/SC3109.JPG\"\n               data-thumbnail=\"http:\/\/www.karate-neuhofen.at\/wp-content\/gallery\/9-sommercamp-2017\/thumbs\/thumbs_SC3109.JPG\"\n               data-image-id=\"16523\"\n               data-title=\"SC(3109)\"\n               data-description=\"\"\n               data-image-slug=\"sc3109\"\n               class=\"shutterset_6bd4a67f62a7de13e8a03aec327a2ec6\">\n                <img\n                    title=\"SC(3109)\"\n                    alt=\"SC(3109)\"\n                    src=\"http:\/\/www.karate-neuhofen.at\/wp-content\/gallery\/9-sommercamp-2017\/thumbs\/thumbs_SC3109.JPG\"\n                    width=\"240\"\n                    height=\"160\"\n                    style=\"max-width:100%;\"\n                \/>\n            <\/a>\n        <\/div>\n\t\t\t\t\t\t\t<\/div> \n\t\t\t\n        \n\t\t\t\t<div id=\"ngg-image-639\" class=\"ngg-gallery-thumbnail-box\" >\n\t\t\t\t        <div class=\"ngg-gallery-thumbnail\">\n            <a href=\"http:\/\/www.karate-neuhofen.at\/wp-content\/gallery\/9-sommercamp-2017\/SC3110.JPG\"\n               title=\"\"\n               data-src=\"http:\/\/www.karate-neuhofen.at\/wp-content\/gallery\/9-sommercamp-2017\/SC3110.JPG\"\n               data-thumbnail=\"http:\/\/www.karate-neuhofen.at\/wp-content\/gallery\/9-sommercamp-2017\/thumbs\/thumbs_SC3110.JPG\"\n               data-image-id=\"16524\"\n               data-title=\"SC(3110)\"\n               data-description=\"\"\n               data-image-slug=\"sc3110\"\n               class=\"shutterset_6bd4a67f62a7de13e8a03aec327a2ec6\">\n                <img\n                    title=\"SC(3110)\"\n                    alt=\"SC(3110)\"\n                    src=\"http:\/\/www.karate-neuhofen.at\/wp-content\/gallery\/9-sommercamp-2017\/thumbs\/thumbs_SC3110.JPG\"\n                    width=\"240\"\n                    height=\"160\"\n                    style=\"max-width:100%;\"\n                \/>\n            <\/a>\n        <\/div>\n\t\t\t\t\t\t\t<\/div> \n\t\t\t\n        \n\t\t\t\t<div id=\"ngg-image-640\" class=\"ngg-gallery-thumbnail-box\" >\n\t\t\t\t        <div class=\"ngg-gallery-thumbnail\">\n            <a href=\"http:\/\/www.karate-neuhofen.at\/wp-content\/gallery\/9-sommercamp-2017\/SC3111.JPG\"\n               title=\"\"\n               data-src=\"http:\/\/www.karate-neuhofen.at\/wp-content\/gallery\/9-sommercamp-2017\/SC3111.JPG\"\n               data-thumbnail=\"http:\/\/www.karate-neuhofen.at\/wp-content\/gallery\/9-sommercamp-2017\/thumbs\/thumbs_SC3111.JPG\"\n               data-image-id=\"16525\"\n               data-title=\"SC(3111)\"\n               data-description=\"\"\n               data-image-slug=\"sc3111\"\n               class=\"shutterset_6bd4a67f62a7de13e8a03aec327a2ec6\">\n                <img\n                    title=\"SC(3111)\"\n                    alt=\"SC(3111)\"\n                    src=\"http:\/\/www.karate-neuhofen.at\/wp-content\/gallery\/9-sommercamp-2017\/thumbs\/thumbs_SC3111.JPG\"\n                    width=\"240\"\n                    height=\"160\"\n                    style=\"max-width:100%;\"\n                \/>\n            <\/a>\n        <\/div>\n\t\t\t\t\t\t\t<\/div> \n\t\t\t\n        \n\t\t\t\t<div id=\"ngg-image-641\" class=\"ngg-gallery-thumbnail-box\" >\n\t\t\t\t        <div class=\"ngg-gallery-thumbnail\">\n            <a href=\"http:\/\/www.karate-neuhofen.at\/wp-content\/gallery\/9-sommercamp-2017\/SC3112.JPG\"\n               title=\"\"\n               data-src=\"http:\/\/www.karate-neuhofen.at\/wp-content\/gallery\/9-sommercamp-2017\/SC3112.JPG\"\n               data-thumbnail=\"http:\/\/www.karate-neuhofen.at\/wp-content\/gallery\/9-sommercamp-2017\/thumbs\/thumbs_SC3112.JPG\"\n               data-image-id=\"16526\"\n               data-title=\"SC(3112)\"\n               data-description=\"\"\n               data-image-slug=\"sc3112\"\n               class=\"shutterset_6bd4a67f62a7de13e8a03aec327a2ec6\">\n                <img\n                    title=\"SC(3112)\"\n                    alt=\"SC(3112)\"\n                    src=\"http:\/\/www.karate-neuhofen.at\/wp-content\/gallery\/9-sommercamp-2017\/thumbs\/thumbs_SC3112.JPG\"\n                    width=\"240\"\n                    height=\"160\"\n                    style=\"max-width:100%;\"\n                \/>\n            <\/a>\n        <\/div>\n\t\t\t\t\t\t\t<\/div> \n\t\t\t\n        \n\t\t\t\t<div id=\"ngg-image-642\" class=\"ngg-gallery-thumbnail-box\" >\n\t\t\t\t        <div class=\"ngg-gallery-thumbnail\">\n            <a href=\"http:\/\/www.karate-neuhofen.at\/wp-content\/gallery\/9-sommercamp-2017\/SC3113.JPG\"\n               title=\"\"\n               data-src=\"http:\/\/www.karate-neuhofen.at\/wp-content\/gallery\/9-sommercamp-2017\/SC3113.JPG\"\n               data-thumbnail=\"http:\/\/www.karate-neuhofen.at\/wp-content\/gallery\/9-sommercamp-2017\/thumbs\/thumbs_SC3113.JPG\"\n               data-image-id=\"16527\"\n               data-title=\"SC(3113)\"\n               data-description=\"\"\n               data-image-slug=\"sc3113\"\n               class=\"shutterset_6bd4a67f62a7de13e8a03aec327a2ec6\">\n                <img\n                    title=\"SC(3113)\"\n                    alt=\"SC(3113)\"\n                    src=\"http:\/\/www.karate-neuhofen.at\/wp-content\/gallery\/9-sommercamp-2017\/thumbs\/thumbs_SC3113.JPG\"\n                    width=\"240\"\n                    height=\"160\"\n                    style=\"max-width:100%;\"\n                \/>\n            <\/a>\n        <\/div>\n\t\t\t\t\t\t\t<\/div> \n\t\t\t\n        \n\t\t\t\t<div id=\"ngg-image-643\" class=\"ngg-gallery-thumbnail-box\" >\n\t\t\t\t        <div class=\"ngg-gallery-thumbnail\">\n            <a href=\"http:\/\/www.karate-neuhofen.at\/wp-content\/gallery\/9-sommercamp-2017\/SC3114.JPG\"\n               title=\"\"\n               data-src=\"http:\/\/www.karate-neuhofen.at\/wp-content\/gallery\/9-sommercamp-2017\/SC3114.JPG\"\n               data-thumbnail=\"http:\/\/www.karate-neuhofen.at\/wp-content\/gallery\/9-sommercamp-2017\/thumbs\/thumbs_SC3114.JPG\"\n               data-image-id=\"16528\"\n               data-title=\"SC(3114)\"\n               data-description=\"\"\n               data-image-slug=\"sc3114\"\n               class=\"shutterset_6bd4a67f62a7de13e8a03aec327a2ec6\">\n                <img\n                    title=\"SC(3114)\"\n                    alt=\"SC(3114)\"\n                    src=\"http:\/\/www.karate-neuhofen.at\/wp-content\/gallery\/9-sommercamp-2017\/thumbs\/thumbs_SC3114.JPG\"\n                    width=\"240\"\n                    height=\"160\"\n                    style=\"max-width:100%;\"\n                \/>\n            <\/a>\n        <\/div>\n\t\t\t\t\t\t\t<\/div> \n\t\t\t\n        \n\t\t\t\t<div id=\"ngg-image-644\" class=\"ngg-gallery-thumbnail-box\" >\n\t\t\t\t        <div class=\"ngg-gallery-thumbnail\">\n            <a href=\"http:\/\/www.karate-neuhofen.at\/wp-content\/gallery\/9-sommercamp-2017\/SC3115.JPG\"\n               title=\"\"\n               data-src=\"http:\/\/www.karate-neuhofen.at\/wp-content\/gallery\/9-sommercamp-2017\/SC3115.JPG\"\n               data-thumbnail=\"http:\/\/www.karate-neuhofen.at\/wp-content\/gallery\/9-sommercamp-2017\/thumbs\/thumbs_SC3115.JPG\"\n               data-image-id=\"16529\"\n               data-title=\"SC(3115)\"\n               data-description=\"\"\n               data-image-slug=\"sc3115\"\n               class=\"shutterset_6bd4a67f62a7de13e8a03aec327a2ec6\">\n                <img\n                    title=\"SC(3115)\"\n                    alt=\"SC(3115)\"\n                    src=\"http:\/\/www.karate-neuhofen.at\/wp-content\/gallery\/9-sommercamp-2017\/thumbs\/thumbs_SC3115.JPG\"\n                    width=\"240\"\n                    height=\"160\"\n                    style=\"max-width:100%;\"\n                \/>\n            <\/a>\n        <\/div>\n\t\t\t\t\t\t\t<\/div> \n\t\t\t\n        \n\t\t\t\t<div id=\"ngg-image-645\" class=\"ngg-gallery-thumbnail-box\" >\n\t\t\t\t        <div class=\"ngg-gallery-thumbnail\">\n            <a href=\"http:\/\/www.karate-neuhofen.at\/wp-content\/gallery\/9-sommercamp-2017\/SC3116.JPG\"\n               title=\"\"\n               data-src=\"http:\/\/www.karate-neuhofen.at\/wp-content\/gallery\/9-sommercamp-2017\/SC3116.JPG\"\n               data-thumbnail=\"http:\/\/www.karate-neuhofen.at\/wp-content\/gallery\/9-sommercamp-2017\/thumbs\/thumbs_SC3116.JPG\"\n               data-image-id=\"16530\"\n               data-title=\"SC(3116)\"\n               data-description=\"\"\n               data-image-slug=\"sc3116\"\n               class=\"shutterset_6bd4a67f62a7de13e8a03aec327a2ec6\">\n                <img\n                    title=\"SC(3116)\"\n                    alt=\"SC(3116)\"\n                    src=\"http:\/\/www.karate-neuhofen.at\/wp-content\/gallery\/9-sommercamp-2017\/thumbs\/thumbs_SC3116.JPG\"\n                    width=\"240\"\n                    height=\"160\"\n                    style=\"max-width:100%;\"\n                \/>\n            <\/a>\n        <\/div>\n\t\t\t\t\t\t\t<\/div> \n\t\t\t\n        \n\t\t\t\t<div id=\"ngg-image-646\" class=\"ngg-gallery-thumbnail-box\" >\n\t\t\t\t        <div class=\"ngg-gallery-thumbnail\">\n            <a href=\"http:\/\/www.karate-neuhofen.at\/wp-content\/gallery\/9-sommercamp-2017\/SC3117.JPG\"\n               title=\"\"\n               data-src=\"http:\/\/www.karate-neuhofen.at\/wp-content\/gallery\/9-sommercamp-2017\/SC3117.JPG\"\n               data-thumbnail=\"http:\/\/www.karate-neuhofen.at\/wp-content\/gallery\/9-sommercamp-2017\/thumbs\/thumbs_SC3117.JPG\"\n               data-image-id=\"16531\"\n               data-title=\"SC(3117)\"\n               data-description=\"\"\n               data-image-slug=\"sc3117\"\n               class=\"shutterset_6bd4a67f62a7de13e8a03aec327a2ec6\">\n                <img\n                    title=\"SC(3117)\"\n                    alt=\"SC(3117)\"\n                    src=\"http:\/\/www.karate-neuhofen.at\/wp-content\/gallery\/9-sommercamp-2017\/thumbs\/thumbs_SC3117.JPG\"\n                    width=\"240\"\n                    height=\"160\"\n                    style=\"max-width:100%;\"\n                \/>\n            <\/a>\n        <\/div>\n\t\t\t\t\t\t\t<\/div> \n\t\t\t\n        \n\t\t\t\t<div id=\"ngg-image-647\" class=\"ngg-gallery-thumbnail-box\" >\n\t\t\t\t        <div class=\"ngg-gallery-thumbnail\">\n            <a href=\"http:\/\/www.karate-neuhofen.at\/wp-content\/gallery\/9-sommercamp-2017\/SC3118.JPG\"\n               title=\"\"\n               data-src=\"http:\/\/www.karate-neuhofen.at\/wp-content\/gallery\/9-sommercamp-2017\/SC3118.JPG\"\n               data-thumbnail=\"http:\/\/www.karate-neuhofen.at\/wp-content\/gallery\/9-sommercamp-2017\/thumbs\/thumbs_SC3118.JPG\"\n               data-image-id=\"16532\"\n               data-title=\"SC(3118)\"\n               data-description=\"\"\n               data-image-slug=\"sc3118\"\n               class=\"shutterset_6bd4a67f62a7de13e8a03aec327a2ec6\">\n                <img\n                    title=\"SC(3118)\"\n                    alt=\"SC(3118)\"\n                    src=\"http:\/\/www.karate-neuhofen.at\/wp-content\/gallery\/9-sommercamp-2017\/thumbs\/thumbs_SC3118.JPG\"\n                    width=\"240\"\n                    height=\"160\"\n                    style=\"max-width:100%;\"\n                \/>\n            <\/a>\n        <\/div>\n\t\t\t\t\t\t\t<\/div> \n\t\t\t\n        \n\t\t\t\t<div id=\"ngg-image-648\" class=\"ngg-gallery-thumbnail-box\" >\n\t\t\t\t        <div class=\"ngg-gallery-thumbnail\">\n            <a href=\"http:\/\/www.karate-neuhofen.at\/wp-content\/gallery\/9-sommercamp-2017\/SC3119.JPG\"\n               title=\"\"\n               data-src=\"http:\/\/www.karate-neuhofen.at\/wp-content\/gallery\/9-sommercamp-2017\/SC3119.JPG\"\n               data-thumbnail=\"http:\/\/www.karate-neuhofen.at\/wp-content\/gallery\/9-sommercamp-2017\/thumbs\/thumbs_SC3119.JPG\"\n               data-image-id=\"16533\"\n               data-title=\"SC(3119)\"\n               data-description=\"\"\n               data-image-slug=\"sc3119\"\n               class=\"shutterset_6bd4a67f62a7de13e8a03aec327a2ec6\">\n                <img\n                    title=\"SC(3119)\"\n                    alt=\"SC(3119)\"\n                    src=\"http:\/\/www.karate-neuhofen.at\/wp-content\/gallery\/9-sommercamp-2017\/thumbs\/thumbs_SC3119.JPG\"\n                    width=\"240\"\n                    height=\"160\"\n                    style=\"max-width:100%;\"\n                \/>\n            <\/a>\n        <\/div>\n\t\t\t\t\t\t\t<\/div> \n\t\t\t\n        \n\t\t\t\t<div id=\"ngg-image-649\" class=\"ngg-gallery-thumbnail-box\" >\n\t\t\t\t        <div class=\"ngg-gallery-thumbnail\">\n            <a href=\"http:\/\/www.karate-neuhofen.at\/wp-content\/gallery\/9-sommercamp-2017\/SC3120.JPG\"\n               title=\"\"\n               data-src=\"http:\/\/www.karate-neuhofen.at\/wp-content\/gallery\/9-sommercamp-2017\/SC3120.JPG\"\n               data-thumbnail=\"http:\/\/www.karate-neuhofen.at\/wp-content\/gallery\/9-sommercamp-2017\/thumbs\/thumbs_SC3120.JPG\"\n               data-image-id=\"16534\"\n               data-title=\"SC(3120)\"\n               data-description=\"\"\n               data-image-slug=\"sc3120\"\n               class=\"shutterset_6bd4a67f62a7de13e8a03aec327a2ec6\">\n                <img\n                    title=\"SC(3120)\"\n                    alt=\"SC(3120)\"\n                    src=\"http:\/\/www.karate-neuhofen.at\/wp-content\/gallery\/9-sommercamp-2017\/thumbs\/thumbs_SC3120.JPG\"\n                    width=\"240\"\n                    height=\"160\"\n                    style=\"max-width:100%;\"\n                \/>\n            <\/a>\n        <\/div>\n\t\t\t\t\t\t\t<\/div> \n\t\t\t\n        \n\t\t\t\t<div id=\"ngg-image-650\" class=\"ngg-gallery-thumbnail-box\" >\n\t\t\t\t        <div class=\"ngg-gallery-thumbnail\">\n            <a href=\"http:\/\/www.karate-neuhofen.at\/wp-content\/gallery\/9-sommercamp-2017\/SC3121.JPG\"\n               title=\"\"\n               data-src=\"http:\/\/www.karate-neuhofen.at\/wp-content\/gallery\/9-sommercamp-2017\/SC3121.JPG\"\n               data-thumbnail=\"http:\/\/www.karate-neuhofen.at\/wp-content\/gallery\/9-sommercamp-2017\/thumbs\/thumbs_SC3121.JPG\"\n               data-image-id=\"16535\"\n               data-title=\"SC(3121)\"\n               data-description=\"\"\n               data-image-slug=\"sc3121\"\n               class=\"shutterset_6bd4a67f62a7de13e8a03aec327a2ec6\">\n                <img\n                    title=\"SC(3121)\"\n                    alt=\"SC(3121)\"\n                    src=\"http:\/\/www.karate-neuhofen.at\/wp-content\/gallery\/9-sommercamp-2017\/thumbs\/thumbs_SC3121.JPG\"\n                    width=\"240\"\n                    height=\"160\"\n                    style=\"max-width:100%;\"\n                \/>\n            <\/a>\n        <\/div>\n\t\t\t\t\t\t\t<\/div> \n\t\t\t\n        \n\t\t\t\t<div id=\"ngg-image-651\" class=\"ngg-gallery-thumbnail-box\" >\n\t\t\t\t        <div class=\"ngg-gallery-thumbnail\">\n            <a href=\"http:\/\/www.karate-neuhofen.at\/wp-content\/gallery\/9-sommercamp-2017\/SC3122.JPG\"\n               title=\"\"\n               data-src=\"http:\/\/www.karate-neuhofen.at\/wp-content\/gallery\/9-sommercamp-2017\/SC3122.JPG\"\n               data-thumbnail=\"http:\/\/www.karate-neuhofen.at\/wp-content\/gallery\/9-sommercamp-2017\/thumbs\/thumbs_SC3122.JPG\"\n               data-image-id=\"16536\"\n               data-title=\"SC(3122)\"\n               data-description=\"\"\n               data-image-slug=\"sc3122\"\n               class=\"shutterset_6bd4a67f62a7de13e8a03aec327a2ec6\">\n                <img\n                    title=\"SC(3122)\"\n                    alt=\"SC(3122)\"\n                    src=\"http:\/\/www.karate-neuhofen.at\/wp-content\/gallery\/9-sommercamp-2017\/thumbs\/thumbs_SC3122.JPG\"\n                    width=\"240\"\n                    height=\"160\"\n                    style=\"max-width:100%;\"\n                \/>\n            <\/a>\n        <\/div>\n\t\t\t\t\t\t\t<\/div> \n\t\t\t\n        \n\t\t\t\t<div id=\"ngg-image-652\" class=\"ngg-gallery-thumbnail-box\" >\n\t\t\t\t        <div class=\"ngg-gallery-thumbnail\">\n            <a href=\"http:\/\/www.karate-neuhofen.at\/wp-content\/gallery\/9-sommercamp-2017\/SC3123.JPG\"\n               title=\"\"\n               data-src=\"http:\/\/www.karate-neuhofen.at\/wp-content\/gallery\/9-sommercamp-2017\/SC3123.JPG\"\n               data-thumbnail=\"http:\/\/www.karate-neuhofen.at\/wp-content\/gallery\/9-sommercamp-2017\/thumbs\/thumbs_SC3123.JPG\"\n               data-image-id=\"16537\"\n               data-title=\"SC(3123)\"\n               data-description=\"\"\n               data-image-slug=\"sc3123\"\n               class=\"shutterset_6bd4a67f62a7de13e8a03aec327a2ec6\">\n                <img\n                    title=\"SC(3123)\"\n                    alt=\"SC(3123)\"\n                    src=\"http:\/\/www.karate-neuhofen.at\/wp-content\/gallery\/9-sommercamp-2017\/thumbs\/thumbs_SC3123.JPG\"\n                    width=\"240\"\n                    height=\"160\"\n                    style=\"max-width:100%;\"\n                \/>\n            <\/a>\n        <\/div>\n\t\t\t\t\t\t\t<\/div> \n\t\t\t\n        \n\t\t\t\t<div id=\"ngg-image-653\" class=\"ngg-gallery-thumbnail-box\" >\n\t\t\t\t        <div class=\"ngg-gallery-thumbnail\">\n            <a href=\"http:\/\/www.karate-neuhofen.at\/wp-content\/gallery\/9-sommercamp-2017\/SC3124.JPG\"\n               title=\"\"\n               data-src=\"http:\/\/www.karate-neuhofen.at\/wp-content\/gallery\/9-sommercamp-2017\/SC3124.JPG\"\n               data-thumbnail=\"http:\/\/www.karate-neuhofen.at\/wp-content\/gallery\/9-sommercamp-2017\/thumbs\/thumbs_SC3124.JPG\"\n               data-image-id=\"16538\"\n               data-title=\"SC(3124)\"\n               data-description=\"\"\n               data-image-slug=\"sc3124\"\n               class=\"shutterset_6bd4a67f62a7de13e8a03aec327a2ec6\">\n                <img\n                    title=\"SC(3124)\"\n                    alt=\"SC(3124)\"\n                    src=\"http:\/\/www.karate-neuhofen.at\/wp-content\/gallery\/9-sommercamp-2017\/thumbs\/thumbs_SC3124.JPG\"\n                    width=\"240\"\n                    height=\"160\"\n                    style=\"max-width:100%;\"\n                \/>\n            <\/a>\n        <\/div>\n\t\t\t\t\t\t\t<\/div> \n\t\t\t\n        \n\t\t\t\t<div id=\"ngg-image-654\" class=\"ngg-gallery-thumbnail-box\" >\n\t\t\t\t        <div class=\"ngg-gallery-thumbnail\">\n            <a href=\"http:\/\/www.karate-neuhofen.at\/wp-content\/gallery\/9-sommercamp-2017\/SC3125.JPG\"\n               title=\"\"\n               data-src=\"http:\/\/www.karate-neuhofen.at\/wp-content\/gallery\/9-sommercamp-2017\/SC3125.JPG\"\n               data-thumbnail=\"http:\/\/www.karate-neuhofen.at\/wp-content\/gallery\/9-sommercamp-2017\/thumbs\/thumbs_SC3125.JPG\"\n               data-image-id=\"16539\"\n               data-title=\"SC(3125)\"\n               data-description=\"\"\n               data-image-slug=\"sc3125\"\n               class=\"shutterset_6bd4a67f62a7de13e8a03aec327a2ec6\">\n                <img\n                    title=\"SC(3125)\"\n                    alt=\"SC(3125)\"\n                    src=\"http:\/\/www.karate-neuhofen.at\/wp-content\/gallery\/9-sommercamp-2017\/thumbs\/thumbs_SC3125.JPG\"\n                    width=\"240\"\n                    height=\"160\"\n                    style=\"max-width:100%;\"\n                \/>\n            <\/a>\n        <\/div>\n\t\t\t\t\t\t\t<\/div> \n\t\t\t\n        \n\t\t\t\t<div id=\"ngg-image-655\" class=\"ngg-gallery-thumbnail-box\" >\n\t\t\t\t        <div class=\"ngg-gallery-thumbnail\">\n            <a href=\"http:\/\/www.karate-neuhofen.at\/wp-content\/gallery\/9-sommercamp-2017\/SC3126.JPG\"\n               title=\"\"\n               data-src=\"http:\/\/www.karate-neuhofen.at\/wp-content\/gallery\/9-sommercamp-2017\/SC3126.JPG\"\n               data-thumbnail=\"http:\/\/www.karate-neuhofen.at\/wp-content\/gallery\/9-sommercamp-2017\/thumbs\/thumbs_SC3126.JPG\"\n               data-image-id=\"16540\"\n               data-title=\"SC(3126)\"\n               data-description=\"\"\n               data-image-slug=\"sc3126\"\n               class=\"shutterset_6bd4a67f62a7de13e8a03aec327a2ec6\">\n                <img\n                    title=\"SC(3126)\"\n                    alt=\"SC(3126)\"\n                    src=\"http:\/\/www.karate-neuhofen.at\/wp-content\/gallery\/9-sommercamp-2017\/thumbs\/thumbs_SC3126.JPG\"\n                    width=\"240\"\n                    height=\"160\"\n                    style=\"max-width:100%;\"\n                \/>\n            <\/a>\n        <\/div>\n\t\t\t\t\t\t\t<\/div> \n\t\t\t\n        \n\t\t\t\t<div id=\"ngg-image-656\" class=\"ngg-gallery-thumbnail-box\" >\n\t\t\t\t        <div class=\"ngg-gallery-thumbnail\">\n            <a href=\"http:\/\/www.karate-neuhofen.at\/wp-content\/gallery\/9-sommercamp-2017\/SC3127.JPG\"\n               title=\"\"\n               data-src=\"http:\/\/www.karate-neuhofen.at\/wp-content\/gallery\/9-sommercamp-2017\/SC3127.JPG\"\n               data-thumbnail=\"http:\/\/www.karate-neuhofen.at\/wp-content\/gallery\/9-sommercamp-2017\/thumbs\/thumbs_SC3127.JPG\"\n               data-image-id=\"16541\"\n               data-title=\"SC(3127)\"\n               data-description=\"\"\n               data-image-slug=\"sc3127\"\n               class=\"shutterset_6bd4a67f62a7de13e8a03aec327a2ec6\">\n                <img\n                    title=\"SC(3127)\"\n                    alt=\"SC(3127)\"\n                    src=\"http:\/\/www.karate-neuhofen.at\/wp-content\/gallery\/9-sommercamp-2017\/thumbs\/thumbs_SC3127.JPG\"\n                    width=\"240\"\n                    height=\"160\"\n                    style=\"max-width:100%;\"\n                \/>\n            <\/a>\n        <\/div>\n\t\t\t\t\t\t\t<\/div> \n\t\t\t\n        \n\t\t\t\t<div id=\"ngg-image-657\" class=\"ngg-gallery-thumbnail-box\" >\n\t\t\t\t        <div class=\"ngg-gallery-thumbnail\">\n            <a href=\"http:\/\/www.karate-neuhofen.at\/wp-content\/gallery\/9-sommercamp-2017\/SC3128.JPG\"\n               title=\"\"\n               data-src=\"http:\/\/www.karate-neuhofen.at\/wp-content\/gallery\/9-sommercamp-2017\/SC3128.JPG\"\n               data-thumbnail=\"http:\/\/www.karate-neuhofen.at\/wp-content\/gallery\/9-sommercamp-2017\/thumbs\/thumbs_SC3128.JPG\"\n               data-image-id=\"16542\"\n               data-title=\"SC(3128)\"\n               data-description=\"\"\n               data-image-slug=\"sc3128\"\n               class=\"shutterset_6bd4a67f62a7de13e8a03aec327a2ec6\">\n                <img\n                    title=\"SC(3128)\"\n                    alt=\"SC(3128)\"\n                    src=\"http:\/\/www.karate-neuhofen.at\/wp-content\/gallery\/9-sommercamp-2017\/thumbs\/thumbs_SC3128.JPG\"\n                    width=\"240\"\n                    height=\"160\"\n                    style=\"max-width:100%;\"\n                \/>\n            <\/a>\n        <\/div>\n\t\t\t\t\t\t\t<\/div> \n\t\t\t\n        \n\t\t\t\t<div id=\"ngg-image-658\" class=\"ngg-gallery-thumbnail-box\" >\n\t\t\t\t        <div class=\"ngg-gallery-thumbnail\">\n            <a href=\"http:\/\/www.karate-neuhofen.at\/wp-content\/gallery\/9-sommercamp-2017\/SC3129.JPG\"\n               title=\"\"\n               data-src=\"http:\/\/www.karate-neuhofen.at\/wp-content\/gallery\/9-sommercamp-2017\/SC3129.JPG\"\n               data-thumbnail=\"http:\/\/www.karate-neuhofen.at\/wp-content\/gallery\/9-sommercamp-2017\/thumbs\/thumbs_SC3129.JPG\"\n               data-image-id=\"16543\"\n               data-title=\"SC(3129)\"\n               data-description=\"\"\n               data-image-slug=\"sc3129\"\n               class=\"shutterset_6bd4a67f62a7de13e8a03aec327a2ec6\">\n                <img\n                    title=\"SC(3129)\"\n                    alt=\"SC(3129)\"\n                    src=\"http:\/\/www.karate-neuhofen.at\/wp-content\/gallery\/9-sommercamp-2017\/thumbs\/thumbs_SC3129.JPG\"\n                    width=\"240\"\n                    height=\"160\"\n                    style=\"max-width:100%;\"\n                \/>\n            <\/a>\n        <\/div>\n\t\t\t\t\t\t\t<\/div> \n\t\t\t\n        \n\t\t\t\t<div id=\"ngg-image-659\" class=\"ngg-gallery-thumbnail-box\" >\n\t\t\t\t        <div class=\"ngg-gallery-thumbnail\">\n            <a href=\"http:\/\/www.karate-neuhofen.at\/wp-content\/gallery\/9-sommercamp-2017\/SC3130.JPG\"\n               title=\"\"\n               data-src=\"http:\/\/www.karate-neuhofen.at\/wp-content\/gallery\/9-sommercamp-2017\/SC3130.JPG\"\n               data-thumbnail=\"http:\/\/www.karate-neuhofen.at\/wp-content\/gallery\/9-sommercamp-2017\/thumbs\/thumbs_SC3130.JPG\"\n               data-image-id=\"16544\"\n               data-title=\"SC(3130)\"\n               data-description=\"\"\n               data-image-slug=\"sc3130\"\n               class=\"shutterset_6bd4a67f62a7de13e8a03aec327a2ec6\">\n                <img\n                    title=\"SC(3130)\"\n                    alt=\"SC(3130)\"\n                    src=\"http:\/\/www.karate-neuhofen.at\/wp-content\/gallery\/9-sommercamp-2017\/thumbs\/thumbs_SC3130.JPG\"\n                    width=\"240\"\n                    height=\"160\"\n                    style=\"max-width:100%;\"\n                \/>\n            <\/a>\n        <\/div>\n\t\t\t\t\t\t\t<\/div> \n\t\t\t\n        \n\t\t\t\t<div id=\"ngg-image-660\" class=\"ngg-gallery-thumbnail-box\" >\n\t\t\t\t        <div class=\"ngg-gallery-thumbnail\">\n            <a href=\"http:\/\/www.karate-neuhofen.at\/wp-content\/gallery\/9-sommercamp-2017\/SC3131.JPG\"\n               title=\"\"\n               data-src=\"http:\/\/www.karate-neuhofen.at\/wp-content\/gallery\/9-sommercamp-2017\/SC3131.JPG\"\n               data-thumbnail=\"http:\/\/www.karate-neuhofen.at\/wp-content\/gallery\/9-sommercamp-2017\/thumbs\/thumbs_SC3131.JPG\"\n               data-image-id=\"16545\"\n               data-title=\"SC(3131)\"\n               data-description=\"\"\n               data-image-slug=\"sc3131\"\n               class=\"shutterset_6bd4a67f62a7de13e8a03aec327a2ec6\">\n                <img\n                    title=\"SC(3131)\"\n                    alt=\"SC(3131)\"\n                    src=\"http:\/\/www.karate-neuhofen.at\/wp-content\/gallery\/9-sommercamp-2017\/thumbs\/thumbs_SC3131.JPG\"\n                    width=\"240\"\n                    height=\"160\"\n                    style=\"max-width:100%;\"\n                \/>\n            <\/a>\n        <\/div>\n\t\t\t\t\t\t\t<\/div> \n\t\t\t\n        \n\t\t\t\t<div id=\"ngg-image-661\" class=\"ngg-gallery-thumbnail-box\" >\n\t\t\t\t        <div class=\"ngg-gallery-thumbnail\">\n            <a href=\"http:\/\/www.karate-neuhofen.at\/wp-content\/gallery\/9-sommercamp-2017\/SC3132.JPG\"\n               title=\"\"\n               data-src=\"http:\/\/www.karate-neuhofen.at\/wp-content\/gallery\/9-sommercamp-2017\/SC3132.JPG\"\n               data-thumbnail=\"http:\/\/www.karate-neuhofen.at\/wp-content\/gallery\/9-sommercamp-2017\/thumbs\/thumbs_SC3132.JPG\"\n               data-image-id=\"16546\"\n               data-title=\"SC(3132)\"\n               data-description=\"\"\n               data-image-slug=\"sc3132\"\n               class=\"shutterset_6bd4a67f62a7de13e8a03aec327a2ec6\">\n                <img\n                    title=\"SC(3132)\"\n                    alt=\"SC(3132)\"\n                    src=\"http:\/\/www.karate-neuhofen.at\/wp-content\/gallery\/9-sommercamp-2017\/thumbs\/thumbs_SC3132.JPG\"\n                    width=\"240\"\n                    height=\"160\"\n                    style=\"max-width:100%;\"\n                \/>\n            <\/a>\n        <\/div>\n\t\t\t\t\t\t\t<\/div> \n\t\t\t\n        \n\t\t\t\t<div id=\"ngg-image-662\" class=\"ngg-gallery-thumbnail-box\" >\n\t\t\t\t        <div class=\"ngg-gallery-thumbnail\">\n            <a href=\"http:\/\/www.karate-neuhofen.at\/wp-content\/gallery\/9-sommercamp-2017\/SC3133.JPG\"\n               title=\"\"\n               data-src=\"http:\/\/www.karate-neuhofen.at\/wp-content\/gallery\/9-sommercamp-2017\/SC3133.JPG\"\n               data-thumbnail=\"http:\/\/www.karate-neuhofen.at\/wp-content\/gallery\/9-sommercamp-2017\/thumbs\/thumbs_SC3133.JPG\"\n               data-image-id=\"16547\"\n               data-title=\"SC(3133)\"\n               data-description=\"\"\n               data-image-slug=\"sc3133\"\n               class=\"shutterset_6bd4a67f62a7de13e8a03aec327a2ec6\">\n                <img\n                    title=\"SC(3133)\"\n                    alt=\"SC(3133)\"\n                    src=\"http:\/\/www.karate-neuhofen.at\/wp-content\/gallery\/9-sommercamp-2017\/thumbs\/thumbs_SC3133.JPG\"\n                    width=\"240\"\n                    height=\"160\"\n                    style=\"max-width:100%;\"\n                \/>\n            <\/a>\n        <\/div>\n\t\t\t\t\t\t\t<\/div> \n\t\t\t\n        \n\t\t\t\t<div id=\"ngg-image-663\" class=\"ngg-gallery-thumbnail-box\" >\n\t\t\t\t        <div class=\"ngg-gallery-thumbnail\">\n            <a href=\"http:\/\/www.karate-neuhofen.at\/wp-content\/gallery\/9-sommercamp-2017\/SC3134.JPG\"\n               title=\"\"\n               data-src=\"http:\/\/www.karate-neuhofen.at\/wp-content\/gallery\/9-sommercamp-2017\/SC3134.JPG\"\n               data-thumbnail=\"http:\/\/www.karate-neuhofen.at\/wp-content\/gallery\/9-sommercamp-2017\/thumbs\/thumbs_SC3134.JPG\"\n               data-image-id=\"16548\"\n               data-title=\"SC(3134)\"\n               data-description=\"\"\n               data-image-slug=\"sc3134\"\n               class=\"shutterset_6bd4a67f62a7de13e8a03aec327a2ec6\">\n                <img\n                    title=\"SC(3134)\"\n                    alt=\"SC(3134)\"\n                    src=\"http:\/\/www.karate-neuhofen.at\/wp-content\/gallery\/9-sommercamp-2017\/thumbs\/thumbs_SC3134.JPG\"\n                    width=\"240\"\n                    height=\"160\"\n                    style=\"max-width:100%;\"\n                \/>\n            <\/a>\n        <\/div>\n\t\t\t\t\t\t\t<\/div> \n\t\t\t\n        \n\t\t\t\t<div id=\"ngg-image-664\" class=\"ngg-gallery-thumbnail-box\" >\n\t\t\t\t        <div class=\"ngg-gallery-thumbnail\">\n            <a href=\"http:\/\/www.karate-neuhofen.at\/wp-content\/gallery\/9-sommercamp-2017\/SC3135.JPG\"\n               title=\"\"\n               data-src=\"http:\/\/www.karate-neuhofen.at\/wp-content\/gallery\/9-sommercamp-2017\/SC3135.JPG\"\n               data-thumbnail=\"http:\/\/www.karate-neuhofen.at\/wp-content\/gallery\/9-sommercamp-2017\/thumbs\/thumbs_SC3135.JPG\"\n               data-image-id=\"16549\"\n               data-title=\"SC(3135)\"\n               data-description=\"\"\n               data-image-slug=\"sc3135\"\n               class=\"shutterset_6bd4a67f62a7de13e8a03aec327a2ec6\">\n                <img\n                    title=\"SC(3135)\"\n                    alt=\"SC(3135)\"\n                    src=\"http:\/\/www.karate-neuhofen.at\/wp-content\/gallery\/9-sommercamp-2017\/thumbs\/thumbs_SC3135.JPG\"\n                    width=\"240\"\n                    height=\"160\"\n                    style=\"max-width:100%;\"\n                \/>\n            <\/a>\n        <\/div>\n\t\t\t\t\t\t\t<\/div> \n\t\t\t\n        \n\t\t\t\t<div id=\"ngg-image-665\" class=\"ngg-gallery-thumbnail-box\" >\n\t\t\t\t        <div class=\"ngg-gallery-thumbnail\">\n            <a href=\"http:\/\/www.karate-neuhofen.at\/wp-content\/gallery\/9-sommercamp-2017\/SC3136.JPG\"\n               title=\"\"\n               data-src=\"http:\/\/www.karate-neuhofen.at\/wp-content\/gallery\/9-sommercamp-2017\/SC3136.JPG\"\n               data-thumbnail=\"http:\/\/www.karate-neuhofen.at\/wp-content\/gallery\/9-sommercamp-2017\/thumbs\/thumbs_SC3136.JPG\"\n               data-image-id=\"16550\"\n               data-title=\"SC(3136)\"\n               data-description=\"\"\n               data-image-slug=\"sc3136\"\n               class=\"shutterset_6bd4a67f62a7de13e8a03aec327a2ec6\">\n                <img\n                    title=\"SC(3136)\"\n                    alt=\"SC(3136)\"\n                    src=\"http:\/\/www.karate-neuhofen.at\/wp-content\/gallery\/9-sommercamp-2017\/thumbs\/thumbs_SC3136.JPG\"\n                    width=\"240\"\n                    height=\"160\"\n                    style=\"max-width:100%;\"\n                \/>\n            <\/a>\n        <\/div>\n\t\t\t\t\t\t\t<\/div> \n\t\t\t\n        \n\t\t\t\t<div id=\"ngg-image-666\" class=\"ngg-gallery-thumbnail-box\" >\n\t\t\t\t        <div class=\"ngg-gallery-thumbnail\">\n            <a href=\"http:\/\/www.karate-neuhofen.at\/wp-content\/gallery\/9-sommercamp-2017\/SC3137.JPG\"\n               title=\"\"\n               data-src=\"http:\/\/www.karate-neuhofen.at\/wp-content\/gallery\/9-sommercamp-2017\/SC3137.JPG\"\n               data-thumbnail=\"http:\/\/www.karate-neuhofen.at\/wp-content\/gallery\/9-sommercamp-2017\/thumbs\/thumbs_SC3137.JPG\"\n               data-image-id=\"16551\"\n               data-title=\"SC(3137)\"\n               data-description=\"\"\n               data-image-slug=\"sc3137\"\n               class=\"shutterset_6bd4a67f62a7de13e8a03aec327a2ec6\">\n                <img\n                    title=\"SC(3137)\"\n                    alt=\"SC(3137)\"\n                    src=\"http:\/\/www.karate-neuhofen.at\/wp-content\/gallery\/9-sommercamp-2017\/thumbs\/thumbs_SC3137.JPG\"\n                    width=\"240\"\n                    height=\"160\"\n                    style=\"max-width:100%;\"\n                \/>\n            <\/a>\n        <\/div>\n\t\t\t\t\t\t\t<\/div> \n\t\t\t\n        \n\t\t\t\t<div id=\"ngg-image-667\" class=\"ngg-gallery-thumbnail-box\" >\n\t\t\t\t        <div class=\"ngg-gallery-thumbnail\">\n            <a href=\"http:\/\/www.karate-neuhofen.at\/wp-content\/gallery\/9-sommercamp-2017\/SC4001.JPG\"\n               title=\"\"\n               data-src=\"http:\/\/www.karate-neuhofen.at\/wp-content\/gallery\/9-sommercamp-2017\/SC4001.JPG\"\n               data-thumbnail=\"http:\/\/www.karate-neuhofen.at\/wp-content\/gallery\/9-sommercamp-2017\/thumbs\/thumbs_SC4001.JPG\"\n               data-image-id=\"16552\"\n               data-title=\"SC(4001)\"\n               data-description=\"\"\n               data-image-slug=\"sc4001\"\n               class=\"shutterset_6bd4a67f62a7de13e8a03aec327a2ec6\">\n                <img\n                    title=\"SC(4001)\"\n                    alt=\"SC(4001)\"\n                    src=\"http:\/\/www.karate-neuhofen.at\/wp-content\/gallery\/9-sommercamp-2017\/thumbs\/thumbs_SC4001.JPG\"\n                    width=\"240\"\n                    height=\"160\"\n                    style=\"max-width:100%;\"\n                \/>\n            <\/a>\n        <\/div>\n\t\t\t\t\t\t\t<\/div> \n\t\t\t\n        \n\t\t\t\t<div id=\"ngg-image-668\" class=\"ngg-gallery-thumbnail-box\" >\n\t\t\t\t        <div class=\"ngg-gallery-thumbnail\">\n            <a href=\"http:\/\/www.karate-neuhofen.at\/wp-content\/gallery\/9-sommercamp-2017\/SC4002.JPG\"\n               title=\"\"\n               data-src=\"http:\/\/www.karate-neuhofen.at\/wp-content\/gallery\/9-sommercamp-2017\/SC4002.JPG\"\n               data-thumbnail=\"http:\/\/www.karate-neuhofen.at\/wp-content\/gallery\/9-sommercamp-2017\/thumbs\/thumbs_SC4002.JPG\"\n               data-image-id=\"16553\"\n               data-title=\"SC(4002)\"\n               data-description=\"\"\n               data-image-slug=\"sc4002\"\n               class=\"shutterset_6bd4a67f62a7de13e8a03aec327a2ec6\">\n                <img\n                    title=\"SC(4002)\"\n                    alt=\"SC(4002)\"\n                    src=\"http:\/\/www.karate-neuhofen.at\/wp-content\/gallery\/9-sommercamp-2017\/thumbs\/thumbs_SC4002.JPG\"\n                    width=\"240\"\n                    height=\"160\"\n                    style=\"max-width:100%;\"\n                \/>\n            <\/a>\n        <\/div>\n\t\t\t\t\t\t\t<\/div> \n\t\t\t\n        \n\t\t\t\t<div id=\"ngg-image-669\" class=\"ngg-gallery-thumbnail-box\" >\n\t\t\t\t        <div class=\"ngg-gallery-thumbnail\">\n            <a href=\"http:\/\/www.karate-neuhofen.at\/wp-content\/gallery\/9-sommercamp-2017\/SC4003.JPG\"\n               title=\"\"\n               data-src=\"http:\/\/www.karate-neuhofen.at\/wp-content\/gallery\/9-sommercamp-2017\/SC4003.JPG\"\n               data-thumbnail=\"http:\/\/www.karate-neuhofen.at\/wp-content\/gallery\/9-sommercamp-2017\/thumbs\/thumbs_SC4003.JPG\"\n               data-image-id=\"16554\"\n               data-title=\"SC(4003)\"\n               data-description=\"\"\n               data-image-slug=\"sc4003\"\n               class=\"shutterset_6bd4a67f62a7de13e8a03aec327a2ec6\">\n                <img\n                    title=\"SC(4003)\"\n                    alt=\"SC(4003)\"\n                    src=\"http:\/\/www.karate-neuhofen.at\/wp-content\/gallery\/9-sommercamp-2017\/thumbs\/thumbs_SC4003.JPG\"\n                    width=\"240\"\n                    height=\"160\"\n                    style=\"max-width:100%;\"\n                \/>\n            <\/a>\n        <\/div>\n\t\t\t\t\t\t\t<\/div> \n\t\t\t\n        \n\t\t\t\t<div id=\"ngg-image-670\" class=\"ngg-gallery-thumbnail-box\" >\n\t\t\t\t        <div class=\"ngg-gallery-thumbnail\">\n            <a href=\"http:\/\/www.karate-neuhofen.at\/wp-content\/gallery\/9-sommercamp-2017\/SC4004.JPG\"\n               title=\"\"\n               data-src=\"http:\/\/www.karate-neuhofen.at\/wp-content\/gallery\/9-sommercamp-2017\/SC4004.JPG\"\n               data-thumbnail=\"http:\/\/www.karate-neuhofen.at\/wp-content\/gallery\/9-sommercamp-2017\/thumbs\/thumbs_SC4004.JPG\"\n               data-image-id=\"16555\"\n               data-title=\"SC(4004)\"\n               data-description=\"\"\n               data-image-slug=\"sc4004\"\n               class=\"shutterset_6bd4a67f62a7de13e8a03aec327a2ec6\">\n                <img\n                    title=\"SC(4004)\"\n                    alt=\"SC(4004)\"\n                    src=\"http:\/\/www.karate-neuhofen.at\/wp-content\/gallery\/9-sommercamp-2017\/thumbs\/thumbs_SC4004.JPG\"\n                    width=\"240\"\n                    height=\"160\"\n                    style=\"max-width:100%;\"\n                \/>\n            <\/a>\n        <\/div>\n\t\t\t\t\t\t\t<\/div> \n\t\t\t\n        \n\t\t\t\t<div id=\"ngg-image-671\" class=\"ngg-gallery-thumbnail-box\" >\n\t\t\t\t        <div class=\"ngg-gallery-thumbnail\">\n            <a href=\"http:\/\/www.karate-neuhofen.at\/wp-content\/gallery\/9-sommercamp-2017\/SC4005.JPG\"\n               title=\"\"\n               data-src=\"http:\/\/www.karate-neuhofen.at\/wp-content\/gallery\/9-sommercamp-2017\/SC4005.JPG\"\n               data-thumbnail=\"http:\/\/www.karate-neuhofen.at\/wp-content\/gallery\/9-sommercamp-2017\/thumbs\/thumbs_SC4005.JPG\"\n               data-image-id=\"16556\"\n               data-title=\"SC(4005)\"\n               data-description=\"\"\n               data-image-slug=\"sc4005\"\n               class=\"shutterset_6bd4a67f62a7de13e8a03aec327a2ec6\">\n                <img\n                    title=\"SC(4005)\"\n                    alt=\"SC(4005)\"\n                    src=\"http:\/\/www.karate-neuhofen.at\/wp-content\/gallery\/9-sommercamp-2017\/thumbs\/thumbs_SC4005.JPG\"\n                    width=\"240\"\n                    height=\"160\"\n                    style=\"max-width:100%;\"\n                \/>\n            <\/a>\n        <\/div>\n\t\t\t\t\t\t\t<\/div> \n\t\t\t\n        \n\t\t\t\t<div id=\"ngg-image-672\" class=\"ngg-gallery-thumbnail-box\" >\n\t\t\t\t        <div class=\"ngg-gallery-thumbnail\">\n            <a href=\"http:\/\/www.karate-neuhofen.at\/wp-content\/gallery\/9-sommercamp-2017\/SC4006.JPG\"\n               title=\"\"\n               data-src=\"http:\/\/www.karate-neuhofen.at\/wp-content\/gallery\/9-sommercamp-2017\/SC4006.JPG\"\n               data-thumbnail=\"http:\/\/www.karate-neuhofen.at\/wp-content\/gallery\/9-sommercamp-2017\/thumbs\/thumbs_SC4006.JPG\"\n               data-image-id=\"16557\"\n               data-title=\"SC(4006)\"\n               data-description=\"\"\n               data-image-slug=\"sc4006\"\n               class=\"shutterset_6bd4a67f62a7de13e8a03aec327a2ec6\">\n                <img\n                    title=\"SC(4006)\"\n                    alt=\"SC(4006)\"\n                    src=\"http:\/\/www.karate-neuhofen.at\/wp-content\/gallery\/9-sommercamp-2017\/thumbs\/thumbs_SC4006.JPG\"\n                    width=\"240\"\n                    height=\"160\"\n                    style=\"max-width:100%;\"\n                \/>\n            <\/a>\n        <\/div>\n\t\t\t\t\t\t\t<\/div> \n\t\t\t\n        \n\t\t\t\t<div id=\"ngg-image-673\" class=\"ngg-gallery-thumbnail-box\" >\n\t\t\t\t        <div class=\"ngg-gallery-thumbnail\">\n            <a href=\"http:\/\/www.karate-neuhofen.at\/wp-content\/gallery\/9-sommercamp-2017\/SC4007.JPG\"\n               title=\"\"\n               data-src=\"http:\/\/www.karate-neuhofen.at\/wp-content\/gallery\/9-sommercamp-2017\/SC4007.JPG\"\n               data-thumbnail=\"http:\/\/www.karate-neuhofen.at\/wp-content\/gallery\/9-sommercamp-2017\/thumbs\/thumbs_SC4007.JPG\"\n               data-image-id=\"16558\"\n               data-title=\"SC(4007)\"\n               data-description=\"\"\n               data-image-slug=\"sc4007\"\n               class=\"shutterset_6bd4a67f62a7de13e8a03aec327a2ec6\">\n                <img\n                    title=\"SC(4007)\"\n                    alt=\"SC(4007)\"\n                    src=\"http:\/\/www.karate-neuhofen.at\/wp-content\/gallery\/9-sommercamp-2017\/thumbs\/thumbs_SC4007.JPG\"\n                    width=\"240\"\n                    height=\"160\"\n                    style=\"max-width:100%;\"\n                \/>\n            <\/a>\n        <\/div>\n\t\t\t\t\t\t\t<\/div> \n\t\t\t\n        \n\t\t\t\t<div id=\"ngg-image-674\" class=\"ngg-gallery-thumbnail-box\" >\n\t\t\t\t        <div class=\"ngg-gallery-thumbnail\">\n            <a href=\"http:\/\/www.karate-neuhofen.at\/wp-content\/gallery\/9-sommercamp-2017\/SC4008.JPG\"\n               title=\"\"\n               data-src=\"http:\/\/www.karate-neuhofen.at\/wp-content\/gallery\/9-sommercamp-2017\/SC4008.JPG\"\n               data-thumbnail=\"http:\/\/www.karate-neuhofen.at\/wp-content\/gallery\/9-sommercamp-2017\/thumbs\/thumbs_SC4008.JPG\"\n               data-image-id=\"16559\"\n               data-title=\"SC(4008)\"\n               data-description=\"\"\n               data-image-slug=\"sc4008\"\n               class=\"shutterset_6bd4a67f62a7de13e8a03aec327a2ec6\">\n                <img\n                    title=\"SC(4008)\"\n                    alt=\"SC(4008)\"\n                    src=\"http:\/\/www.karate-neuhofen.at\/wp-content\/gallery\/9-sommercamp-2017\/thumbs\/thumbs_SC4008.JPG\"\n                    width=\"240\"\n                    height=\"160\"\n                    style=\"max-width:100%;\"\n                \/>\n            <\/a>\n        <\/div>\n\t\t\t\t\t\t\t<\/div> \n\t\t\t\n        \n\t\t\t\t<div id=\"ngg-image-675\" class=\"ngg-gallery-thumbnail-box\" >\n\t\t\t\t        <div class=\"ngg-gallery-thumbnail\">\n            <a href=\"http:\/\/www.karate-neuhofen.at\/wp-content\/gallery\/9-sommercamp-2017\/SC4009.JPG\"\n               title=\"\"\n               data-src=\"http:\/\/www.karate-neuhofen.at\/wp-content\/gallery\/9-sommercamp-2017\/SC4009.JPG\"\n               data-thumbnail=\"http:\/\/www.karate-neuhofen.at\/wp-content\/gallery\/9-sommercamp-2017\/thumbs\/thumbs_SC4009.JPG\"\n               data-image-id=\"16560\"\n               data-title=\"SC(4009)\"\n               data-description=\"\"\n               data-image-slug=\"sc4009\"\n               class=\"shutterset_6bd4a67f62a7de13e8a03aec327a2ec6\">\n                <img\n                    title=\"SC(4009)\"\n                    alt=\"SC(4009)\"\n                    src=\"http:\/\/www.karate-neuhofen.at\/wp-content\/gallery\/9-sommercamp-2017\/thumbs\/thumbs_SC4009.JPG\"\n                    width=\"240\"\n                    height=\"160\"\n                    style=\"max-width:100%;\"\n                \/>\n            <\/a>\n        <\/div>\n\t\t\t\t\t\t\t<\/div> \n\t\t\t\n        \n\t\t\t\t<div id=\"ngg-image-676\" class=\"ngg-gallery-thumbnail-box\" >\n\t\t\t\t        <div class=\"ngg-gallery-thumbnail\">\n            <a href=\"http:\/\/www.karate-neuhofen.at\/wp-content\/gallery\/9-sommercamp-2017\/SC4010.JPG\"\n               title=\"\"\n               data-src=\"http:\/\/www.karate-neuhofen.at\/wp-content\/gallery\/9-sommercamp-2017\/SC4010.JPG\"\n               data-thumbnail=\"http:\/\/www.karate-neuhofen.at\/wp-content\/gallery\/9-sommercamp-2017\/thumbs\/thumbs_SC4010.JPG\"\n               data-image-id=\"16561\"\n               data-title=\"SC(4010)\"\n               data-description=\"\"\n               data-image-slug=\"sc4010\"\n               class=\"shutterset_6bd4a67f62a7de13e8a03aec327a2ec6\">\n                <img\n                    title=\"SC(4010)\"\n                    alt=\"SC(4010)\"\n                    src=\"http:\/\/www.karate-neuhofen.at\/wp-content\/gallery\/9-sommercamp-2017\/thumbs\/thumbs_SC4010.JPG\"\n                    width=\"240\"\n                    height=\"160\"\n                    style=\"max-width:100%;\"\n                \/>\n            <\/a>\n        <\/div>\n\t\t\t\t\t\t\t<\/div> \n\t\t\t\n        \n\t\t\t\t<div id=\"ngg-image-677\" class=\"ngg-gallery-thumbnail-box\" >\n\t\t\t\t        <div class=\"ngg-gallery-thumbnail\">\n            <a href=\"http:\/\/www.karate-neuhofen.at\/wp-content\/gallery\/9-sommercamp-2017\/SC4011.JPG\"\n               title=\"\"\n               data-src=\"http:\/\/www.karate-neuhofen.at\/wp-content\/gallery\/9-sommercamp-2017\/SC4011.JPG\"\n               data-thumbnail=\"http:\/\/www.karate-neuhofen.at\/wp-content\/gallery\/9-sommercamp-2017\/thumbs\/thumbs_SC4011.JPG\"\n               data-image-id=\"16562\"\n               data-title=\"SC(4011)\"\n               data-description=\"\"\n               data-image-slug=\"sc4011\"\n               class=\"shutterset_6bd4a67f62a7de13e8a03aec327a2ec6\">\n                <img\n                    title=\"SC(4011)\"\n                    alt=\"SC(4011)\"\n                    src=\"http:\/\/www.karate-neuhofen.at\/wp-content\/gallery\/9-sommercamp-2017\/thumbs\/thumbs_SC4011.JPG\"\n                    width=\"240\"\n                    height=\"160\"\n                    style=\"max-width:100%;\"\n                \/>\n            <\/a>\n        <\/div>\n\t\t\t\t\t\t\t<\/div> \n\t\t\t\n        \n\t\t\t\t<div id=\"ngg-image-678\" class=\"ngg-gallery-thumbnail-box\" >\n\t\t\t\t        <div class=\"ngg-gallery-thumbnail\">\n            <a href=\"http:\/\/www.karate-neuhofen.at\/wp-content\/gallery\/9-sommercamp-2017\/SC4012.JPG\"\n               title=\"\"\n               data-src=\"http:\/\/www.karate-neuhofen.at\/wp-content\/gallery\/9-sommercamp-2017\/SC4012.JPG\"\n               data-thumbnail=\"http:\/\/www.karate-neuhofen.at\/wp-content\/gallery\/9-sommercamp-2017\/thumbs\/thumbs_SC4012.JPG\"\n               data-image-id=\"16563\"\n               data-title=\"SC(4012)\"\n               data-description=\"\"\n               data-image-slug=\"sc4012\"\n               class=\"shutterset_6bd4a67f62a7de13e8a03aec327a2ec6\">\n                <img\n                    title=\"SC(4012)\"\n                    alt=\"SC(4012)\"\n                    src=\"http:\/\/www.karate-neuhofen.at\/wp-content\/gallery\/9-sommercamp-2017\/thumbs\/thumbs_SC4012.JPG\"\n                    width=\"240\"\n                    height=\"160\"\n                    style=\"max-width:100%;\"\n                \/>\n            <\/a>\n        <\/div>\n\t\t\t\t\t\t\t<\/div> \n\t\t\t\n        \n\t\t\t\t<div id=\"ngg-image-679\" class=\"ngg-gallery-thumbnail-box\" >\n\t\t\t\t        <div class=\"ngg-gallery-thumbnail\">\n            <a href=\"http:\/\/www.karate-neuhofen.at\/wp-content\/gallery\/9-sommercamp-2017\/SC4013.JPG\"\n               title=\"\"\n               data-src=\"http:\/\/www.karate-neuhofen.at\/wp-content\/gallery\/9-sommercamp-2017\/SC4013.JPG\"\n               data-thumbnail=\"http:\/\/www.karate-neuhofen.at\/wp-content\/gallery\/9-sommercamp-2017\/thumbs\/thumbs_SC4013.JPG\"\n               data-image-id=\"16564\"\n               data-title=\"SC(4013)\"\n               data-description=\"\"\n               data-image-slug=\"sc4013\"\n               class=\"shutterset_6bd4a67f62a7de13e8a03aec327a2ec6\">\n                <img\n                    title=\"SC(4013)\"\n                    alt=\"SC(4013)\"\n                    src=\"http:\/\/www.karate-neuhofen.at\/wp-content\/gallery\/9-sommercamp-2017\/thumbs\/thumbs_SC4013.JPG\"\n                    width=\"240\"\n                    height=\"160\"\n                    style=\"max-width:100%;\"\n                \/>\n            <\/a>\n        <\/div>\n\t\t\t\t\t\t\t<\/div> \n\t\t\t\n        \n\t\t\t\t<div id=\"ngg-image-680\" class=\"ngg-gallery-thumbnail-box\" >\n\t\t\t\t        <div class=\"ngg-gallery-thumbnail\">\n            <a href=\"http:\/\/www.karate-neuhofen.at\/wp-content\/gallery\/9-sommercamp-2017\/SC4014.JPG\"\n               title=\"\"\n               data-src=\"http:\/\/www.karate-neuhofen.at\/wp-content\/gallery\/9-sommercamp-2017\/SC4014.JPG\"\n               data-thumbnail=\"http:\/\/www.karate-neuhofen.at\/wp-content\/gallery\/9-sommercamp-2017\/thumbs\/thumbs_SC4014.JPG\"\n               data-image-id=\"16565\"\n               data-title=\"SC(4014)\"\n               data-description=\"\"\n               data-image-slug=\"sc4014\"\n               class=\"shutterset_6bd4a67f62a7de13e8a03aec327a2ec6\">\n                <img\n                    title=\"SC(4014)\"\n                    alt=\"SC(4014)\"\n                    src=\"http:\/\/www.karate-neuhofen.at\/wp-content\/gallery\/9-sommercamp-2017\/thumbs\/thumbs_SC4014.JPG\"\n                    width=\"240\"\n                    height=\"160\"\n                    style=\"max-width:100%;\"\n                \/>\n            <\/a>\n        <\/div>\n\t\t\t\t\t\t\t<\/div> \n\t\t\t\n        \n\t\t\t\t<div id=\"ngg-image-681\" class=\"ngg-gallery-thumbnail-box\" >\n\t\t\t\t        <div class=\"ngg-gallery-thumbnail\">\n            <a href=\"http:\/\/www.karate-neuhofen.at\/wp-content\/gallery\/9-sommercamp-2017\/SC4015.JPG\"\n               title=\"\"\n               data-src=\"http:\/\/www.karate-neuhofen.at\/wp-content\/gallery\/9-sommercamp-2017\/SC4015.JPG\"\n               data-thumbnail=\"http:\/\/www.karate-neuhofen.at\/wp-content\/gallery\/9-sommercamp-2017\/thumbs\/thumbs_SC4015.JPG\"\n               data-image-id=\"16566\"\n               data-title=\"SC(4015)\"\n               data-description=\"\"\n               data-image-slug=\"sc4015\"\n               class=\"shutterset_6bd4a67f62a7de13e8a03aec327a2ec6\">\n                <img\n                    title=\"SC(4015)\"\n                    alt=\"SC(4015)\"\n                    src=\"http:\/\/www.karate-neuhofen.at\/wp-content\/gallery\/9-sommercamp-2017\/thumbs\/thumbs_SC4015.JPG\"\n                    width=\"240\"\n                    height=\"160\"\n                    style=\"max-width:100%;\"\n                \/>\n            <\/a>\n        <\/div>\n\t\t\t\t\t\t\t<\/div> \n\t\t\t\n        \n\t\t\t\t<div id=\"ngg-image-682\" class=\"ngg-gallery-thumbnail-box\" >\n\t\t\t\t        <div class=\"ngg-gallery-thumbnail\">\n            <a href=\"http:\/\/www.karate-neuhofen.at\/wp-content\/gallery\/9-sommercamp-2017\/SC4016.JPG\"\n               title=\"\"\n               data-src=\"http:\/\/www.karate-neuhofen.at\/wp-content\/gallery\/9-sommercamp-2017\/SC4016.JPG\"\n               data-thumbnail=\"http:\/\/www.karate-neuhofen.at\/wp-content\/gallery\/9-sommercamp-2017\/thumbs\/thumbs_SC4016.JPG\"\n               data-image-id=\"16567\"\n               data-title=\"SC(4016)\"\n               data-description=\"\"\n               data-image-slug=\"sc4016\"\n               class=\"shutterset_6bd4a67f62a7de13e8a03aec327a2ec6\">\n                <img\n                    title=\"SC(4016)\"\n                    alt=\"SC(4016)\"\n                    src=\"http:\/\/www.karate-neuhofen.at\/wp-content\/gallery\/9-sommercamp-2017\/thumbs\/thumbs_SC4016.JPG\"\n                    width=\"240\"\n                    height=\"160\"\n                    style=\"max-width:100%;\"\n                \/>\n            <\/a>\n        <\/div>\n\t\t\t\t\t\t\t<\/div> \n\t\t\t\n        \n\t\t\t\t<div id=\"ngg-image-683\" class=\"ngg-gallery-thumbnail-box\" >\n\t\t\t\t        <div class=\"ngg-gallery-thumbnail\">\n            <a href=\"http:\/\/www.karate-neuhofen.at\/wp-content\/gallery\/9-sommercamp-2017\/SC4017.JPG\"\n               title=\"\"\n               data-src=\"http:\/\/www.karate-neuhofen.at\/wp-content\/gallery\/9-sommercamp-2017\/SC4017.JPG\"\n               data-thumbnail=\"http:\/\/www.karate-neuhofen.at\/wp-content\/gallery\/9-sommercamp-2017\/thumbs\/thumbs_SC4017.JPG\"\n               data-image-id=\"16568\"\n               data-title=\"SC(4017)\"\n               data-description=\"\"\n               data-image-slug=\"sc4017\"\n               class=\"shutterset_6bd4a67f62a7de13e8a03aec327a2ec6\">\n                <img\n                    title=\"SC(4017)\"\n                    alt=\"SC(4017)\"\n                    src=\"http:\/\/www.karate-neuhofen.at\/wp-content\/gallery\/9-sommercamp-2017\/thumbs\/thumbs_SC4017.JPG\"\n                    width=\"240\"\n                    height=\"160\"\n                    style=\"max-width:100%;\"\n                \/>\n            <\/a>\n        <\/div>\n\t\t\t\t\t\t\t<\/div> \n\t\t\t\n        \n\t\t\t\t<div id=\"ngg-image-684\" class=\"ngg-gallery-thumbnail-box\" >\n\t\t\t\t        <div class=\"ngg-gallery-thumbnail\">\n            <a href=\"http:\/\/www.karate-neuhofen.at\/wp-content\/gallery\/9-sommercamp-2017\/SC4018.JPG\"\n               title=\"\"\n               data-src=\"http:\/\/www.karate-neuhofen.at\/wp-content\/gallery\/9-sommercamp-2017\/SC4018.JPG\"\n               data-thumbnail=\"http:\/\/www.karate-neuhofen.at\/wp-content\/gallery\/9-sommercamp-2017\/thumbs\/thumbs_SC4018.JPG\"\n               data-image-id=\"16569\"\n               data-title=\"SC(4018)\"\n               data-description=\"\"\n               data-image-slug=\"sc4018\"\n               class=\"shutterset_6bd4a67f62a7de13e8a03aec327a2ec6\">\n                <img\n                    title=\"SC(4018)\"\n                    alt=\"SC(4018)\"\n                    src=\"http:\/\/www.karate-neuhofen.at\/wp-content\/gallery\/9-sommercamp-2017\/thumbs\/thumbs_SC4018.JPG\"\n                    width=\"240\"\n                    height=\"160\"\n                    style=\"max-width:100%;\"\n                \/>\n            <\/a>\n        <\/div>\n\t\t\t\t\t\t\t<\/div> \n\t\t\t\n        \n\t\t\t\t<div id=\"ngg-image-685\" class=\"ngg-gallery-thumbnail-box\" >\n\t\t\t\t        <div class=\"ngg-gallery-thumbnail\">\n            <a href=\"http:\/\/www.karate-neuhofen.at\/wp-content\/gallery\/9-sommercamp-2017\/SC4019.JPG\"\n               title=\"\"\n               data-src=\"http:\/\/www.karate-neuhofen.at\/wp-content\/gallery\/9-sommercamp-2017\/SC4019.JPG\"\n               data-thumbnail=\"http:\/\/www.karate-neuhofen.at\/wp-content\/gallery\/9-sommercamp-2017\/thumbs\/thumbs_SC4019.JPG\"\n               data-image-id=\"16570\"\n               data-title=\"SC(4019)\"\n               data-description=\"\"\n               data-image-slug=\"sc4019\"\n               class=\"shutterset_6bd4a67f62a7de13e8a03aec327a2ec6\">\n                <img\n                    title=\"SC(4019)\"\n                    alt=\"SC(4019)\"\n                    src=\"http:\/\/www.karate-neuhofen.at\/wp-content\/gallery\/9-sommercamp-2017\/thumbs\/thumbs_SC4019.JPG\"\n                    width=\"240\"\n                    height=\"160\"\n                    style=\"max-width:100%;\"\n                \/>\n            <\/a>\n        <\/div>\n\t\t\t\t\t\t\t<\/div> \n\t\t\t\n        \n\t\t\t\t<div id=\"ngg-image-686\" class=\"ngg-gallery-thumbnail-box\" >\n\t\t\t\t        <div class=\"ngg-gallery-thumbnail\">\n            <a href=\"http:\/\/www.karate-neuhofen.at\/wp-content\/gallery\/9-sommercamp-2017\/SC4020.JPG\"\n               title=\"\"\n               data-src=\"http:\/\/www.karate-neuhofen.at\/wp-content\/gallery\/9-sommercamp-2017\/SC4020.JPG\"\n               data-thumbnail=\"http:\/\/www.karate-neuhofen.at\/wp-content\/gallery\/9-sommercamp-2017\/thumbs\/thumbs_SC4020.JPG\"\n               data-image-id=\"16571\"\n               data-title=\"SC(4020)\"\n               data-description=\"\"\n               data-image-slug=\"sc4020\"\n               class=\"shutterset_6bd4a67f62a7de13e8a03aec327a2ec6\">\n                <img\n                    title=\"SC(4020)\"\n                    alt=\"SC(4020)\"\n                    src=\"http:\/\/www.karate-neuhofen.at\/wp-content\/gallery\/9-sommercamp-2017\/thumbs\/thumbs_SC4020.JPG\"\n                    width=\"240\"\n                    height=\"160\"\n                    style=\"max-width:100%;\"\n                \/>\n            <\/a>\n        <\/div>\n\t\t\t\t\t\t\t<\/div> \n\t\t\t\n        \n\t\t\t\t<div id=\"ngg-image-687\" class=\"ngg-gallery-thumbnail-box\" >\n\t\t\t\t        <div class=\"ngg-gallery-thumbnail\">\n            <a href=\"http:\/\/www.karate-neuhofen.at\/wp-content\/gallery\/9-sommercamp-2017\/SC4021.JPG\"\n               title=\"\"\n               data-src=\"http:\/\/www.karate-neuhofen.at\/wp-content\/gallery\/9-sommercamp-2017\/SC4021.JPG\"\n               data-thumbnail=\"http:\/\/www.karate-neuhofen.at\/wp-content\/gallery\/9-sommercamp-2017\/thumbs\/thumbs_SC4021.JPG\"\n               data-image-id=\"16572\"\n               data-title=\"SC(4021)\"\n               data-description=\"\"\n               data-image-slug=\"sc4021\"\n               class=\"shutterset_6bd4a67f62a7de13e8a03aec327a2ec6\">\n                <img\n                    title=\"SC(4021)\"\n                    alt=\"SC(4021)\"\n                    src=\"http:\/\/www.karate-neuhofen.at\/wp-content\/gallery\/9-sommercamp-2017\/thumbs\/thumbs_SC4021.JPG\"\n                    width=\"240\"\n                    height=\"160\"\n                    style=\"max-width:100%;\"\n                \/>\n            <\/a>\n        <\/div>\n\t\t\t\t\t\t\t<\/div> \n\t\t\t\n        \n\t\t\t\t<div id=\"ngg-image-688\" class=\"ngg-gallery-thumbnail-box\" >\n\t\t\t\t        <div class=\"ngg-gallery-thumbnail\">\n            <a href=\"http:\/\/www.karate-neuhofen.at\/wp-content\/gallery\/9-sommercamp-2017\/SC4022.JPG\"\n               title=\"\"\n               data-src=\"http:\/\/www.karate-neuhofen.at\/wp-content\/gallery\/9-sommercamp-2017\/SC4022.JPG\"\n               data-thumbnail=\"http:\/\/www.karate-neuhofen.at\/wp-content\/gallery\/9-sommercamp-2017\/thumbs\/thumbs_SC4022.JPG\"\n               data-image-id=\"16573\"\n               data-title=\"SC(4022)\"\n               data-description=\"\"\n               data-image-slug=\"sc4022\"\n               class=\"shutterset_6bd4a67f62a7de13e8a03aec327a2ec6\">\n                <img\n                    title=\"SC(4022)\"\n                    alt=\"SC(4022)\"\n                    src=\"http:\/\/www.karate-neuhofen.at\/wp-content\/gallery\/9-sommercamp-2017\/thumbs\/thumbs_SC4022.JPG\"\n                    width=\"240\"\n                    height=\"160\"\n                    style=\"max-width:100%;\"\n                \/>\n            <\/a>\n        <\/div>\n\t\t\t\t\t\t\t<\/div> \n\t\t\t\n        \n\t\t\t\t<div id=\"ngg-image-689\" class=\"ngg-gallery-thumbnail-box\" >\n\t\t\t\t        <div class=\"ngg-gallery-thumbnail\">\n            <a href=\"http:\/\/www.karate-neuhofen.at\/wp-content\/gallery\/9-sommercamp-2017\/SC4023.JPG\"\n               title=\"\"\n               data-src=\"http:\/\/www.karate-neuhofen.at\/wp-content\/gallery\/9-sommercamp-2017\/SC4023.JPG\"\n               data-thumbnail=\"http:\/\/www.karate-neuhofen.at\/wp-content\/gallery\/9-sommercamp-2017\/thumbs\/thumbs_SC4023.JPG\"\n               data-image-id=\"16574\"\n               data-title=\"SC(4023)\"\n               data-description=\"\"\n               data-image-slug=\"sc4023\"\n               class=\"shutterset_6bd4a67f62a7de13e8a03aec327a2ec6\">\n                <img\n                    title=\"SC(4023)\"\n                    alt=\"SC(4023)\"\n                    src=\"http:\/\/www.karate-neuhofen.at\/wp-content\/gallery\/9-sommercamp-2017\/thumbs\/thumbs_SC4023.JPG\"\n                    width=\"240\"\n                    height=\"160\"\n                    style=\"max-width:100%;\"\n                \/>\n            <\/a>\n        <\/div>\n\t\t\t\t\t\t\t<\/div> \n\t\t\t\n        \n\t\t\t\t<div id=\"ngg-image-690\" class=\"ngg-gallery-thumbnail-box\" >\n\t\t\t\t        <div class=\"ngg-gallery-thumbnail\">\n            <a href=\"http:\/\/www.karate-neuhofen.at\/wp-content\/gallery\/9-sommercamp-2017\/SC4024.JPG\"\n               title=\"\"\n               data-src=\"http:\/\/www.karate-neuhofen.at\/wp-content\/gallery\/9-sommercamp-2017\/SC4024.JPG\"\n               data-thumbnail=\"http:\/\/www.karate-neuhofen.at\/wp-content\/gallery\/9-sommercamp-2017\/thumbs\/thumbs_SC4024.JPG\"\n               data-image-id=\"16575\"\n               data-title=\"SC(4024)\"\n               data-description=\"\"\n               data-image-slug=\"sc4024\"\n               class=\"shutterset_6bd4a67f62a7de13e8a03aec327a2ec6\">\n                <img\n                    title=\"SC(4024)\"\n                    alt=\"SC(4024)\"\n                    src=\"http:\/\/www.karate-neuhofen.at\/wp-content\/gallery\/9-sommercamp-2017\/thumbs\/thumbs_SC4024.JPG\"\n                    width=\"240\"\n                    height=\"160\"\n                    style=\"max-width:100%;\"\n                \/>\n            <\/a>\n        <\/div>\n\t\t\t\t\t\t\t<\/div> \n\t\t\t\n        \n\t\t\t\t<div id=\"ngg-image-691\" class=\"ngg-gallery-thumbnail-box\" >\n\t\t\t\t        <div class=\"ngg-gallery-thumbnail\">\n            <a href=\"http:\/\/www.karate-neuhofen.at\/wp-content\/gallery\/9-sommercamp-2017\/SC4025.JPG\"\n               title=\"\"\n               data-src=\"http:\/\/www.karate-neuhofen.at\/wp-content\/gallery\/9-sommercamp-2017\/SC4025.JPG\"\n               data-thumbnail=\"http:\/\/www.karate-neuhofen.at\/wp-content\/gallery\/9-sommercamp-2017\/thumbs\/thumbs_SC4025.JPG\"\n               data-image-id=\"16576\"\n               data-title=\"SC(4025)\"\n               data-description=\"\"\n               data-image-slug=\"sc4025\"\n               class=\"shutterset_6bd4a67f62a7de13e8a03aec327a2ec6\">\n                <img\n                    title=\"SC(4025)\"\n                    alt=\"SC(4025)\"\n                    src=\"http:\/\/www.karate-neuhofen.at\/wp-content\/gallery\/9-sommercamp-2017\/thumbs\/thumbs_SC4025.JPG\"\n                    width=\"240\"\n                    height=\"160\"\n                    style=\"max-width:100%;\"\n                \/>\n            <\/a>\n        <\/div>\n\t\t\t\t\t\t\t<\/div> \n\t\t\t\n        \n\t\t\t\t<div id=\"ngg-image-692\" class=\"ngg-gallery-thumbnail-box\" >\n\t\t\t\t        <div class=\"ngg-gallery-thumbnail\">\n            <a href=\"http:\/\/www.karate-neuhofen.at\/wp-content\/gallery\/9-sommercamp-2017\/SC4026.JPG\"\n               title=\"\"\n               data-src=\"http:\/\/www.karate-neuhofen.at\/wp-content\/gallery\/9-sommercamp-2017\/SC4026.JPG\"\n               data-thumbnail=\"http:\/\/www.karate-neuhofen.at\/wp-content\/gallery\/9-sommercamp-2017\/thumbs\/thumbs_SC4026.JPG\"\n               data-image-id=\"16577\"\n               data-title=\"SC(4026)\"\n               data-description=\"\"\n               data-image-slug=\"sc4026\"\n               class=\"shutterset_6bd4a67f62a7de13e8a03aec327a2ec6\">\n                <img\n                    title=\"SC(4026)\"\n                    alt=\"SC(4026)\"\n                    src=\"http:\/\/www.karate-neuhofen.at\/wp-content\/gallery\/9-sommercamp-2017\/thumbs\/thumbs_SC4026.JPG\"\n                    width=\"240\"\n                    height=\"160\"\n                    style=\"max-width:100%;\"\n                \/>\n            <\/a>\n        <\/div>\n\t\t\t\t\t\t\t<\/div> \n\t\t\t\n        \n\t\t\t\t<div id=\"ngg-image-693\" class=\"ngg-gallery-thumbnail-box\" >\n\t\t\t\t        <div class=\"ngg-gallery-thumbnail\">\n            <a href=\"http:\/\/www.karate-neuhofen.at\/wp-content\/gallery\/9-sommercamp-2017\/SC4027.JPG\"\n               title=\"\"\n               data-src=\"http:\/\/www.karate-neuhofen.at\/wp-content\/gallery\/9-sommercamp-2017\/SC4027.JPG\"\n               data-thumbnail=\"http:\/\/www.karate-neuhofen.at\/wp-content\/gallery\/9-sommercamp-2017\/thumbs\/thumbs_SC4027.JPG\"\n               data-image-id=\"16578\"\n               data-title=\"SC(4027)\"\n               data-description=\"\"\n               data-image-slug=\"sc4027\"\n               class=\"shutterset_6bd4a67f62a7de13e8a03aec327a2ec6\">\n                <img\n                    title=\"SC(4027)\"\n                    alt=\"SC(4027)\"\n                    src=\"http:\/\/www.karate-neuhofen.at\/wp-content\/gallery\/9-sommercamp-2017\/thumbs\/thumbs_SC4027.JPG\"\n                    width=\"240\"\n                    height=\"160\"\n                    style=\"max-width:100%;\"\n                \/>\n            <\/a>\n        <\/div>\n\t\t\t\t\t\t\t<\/div> \n\t\t\t\n        \n\t\t\t\t<div id=\"ngg-image-694\" class=\"ngg-gallery-thumbnail-box\" >\n\t\t\t\t        <div class=\"ngg-gallery-thumbnail\">\n            <a href=\"http:\/\/www.karate-neuhofen.at\/wp-content\/gallery\/9-sommercamp-2017\/SC4028.JPG\"\n               title=\"\"\n               data-src=\"http:\/\/www.karate-neuhofen.at\/wp-content\/gallery\/9-sommercamp-2017\/SC4028.JPG\"\n               data-thumbnail=\"http:\/\/www.karate-neuhofen.at\/wp-content\/gallery\/9-sommercamp-2017\/thumbs\/thumbs_SC4028.JPG\"\n               data-image-id=\"16579\"\n               data-title=\"SC(4028)\"\n               data-description=\"\"\n               data-image-slug=\"sc4028\"\n               class=\"shutterset_6bd4a67f62a7de13e8a03aec327a2ec6\">\n                <img\n                    title=\"SC(4028)\"\n                    alt=\"SC(4028)\"\n                    src=\"http:\/\/www.karate-neuhofen.at\/wp-content\/gallery\/9-sommercamp-2017\/thumbs\/thumbs_SC4028.JPG\"\n                    width=\"240\"\n                    height=\"160\"\n                    style=\"max-width:100%;\"\n                \/>\n            <\/a>\n        <\/div>\n\t\t\t\t\t\t\t<\/div> \n\t\t\t\n        \n\t\t\t\t<div id=\"ngg-image-695\" class=\"ngg-gallery-thumbnail-box\" >\n\t\t\t\t        <div class=\"ngg-gallery-thumbnail\">\n            <a href=\"http:\/\/www.karate-neuhofen.at\/wp-content\/gallery\/9-sommercamp-2017\/SC4029.JPG\"\n               title=\"\"\n               data-src=\"http:\/\/www.karate-neuhofen.at\/wp-content\/gallery\/9-sommercamp-2017\/SC4029.JPG\"\n               data-thumbnail=\"http:\/\/www.karate-neuhofen.at\/wp-content\/gallery\/9-sommercamp-2017\/thumbs\/thumbs_SC4029.JPG\"\n               data-image-id=\"16580\"\n               data-title=\"SC(4029)\"\n               data-description=\"\"\n               data-image-slug=\"sc4029\"\n               class=\"shutterset_6bd4a67f62a7de13e8a03aec327a2ec6\">\n                <img\n                    title=\"SC(4029)\"\n                    alt=\"SC(4029)\"\n                    src=\"http:\/\/www.karate-neuhofen.at\/wp-content\/gallery\/9-sommercamp-2017\/thumbs\/thumbs_SC4029.JPG\"\n                    width=\"240\"\n                    height=\"160\"\n                    style=\"max-width:100%;\"\n                \/>\n            <\/a>\n        <\/div>\n\t\t\t\t\t\t\t<\/div> \n\t\t\t\n        \n\t\t\t\t<div id=\"ngg-image-696\" class=\"ngg-gallery-thumbnail-box\" >\n\t\t\t\t        <div class=\"ngg-gallery-thumbnail\">\n            <a href=\"http:\/\/www.karate-neuhofen.at\/wp-content\/gallery\/9-sommercamp-2017\/SC4030.JPG\"\n               title=\"\"\n               data-src=\"http:\/\/www.karate-neuhofen.at\/wp-content\/gallery\/9-sommercamp-2017\/SC4030.JPG\"\n               data-thumbnail=\"http:\/\/www.karate-neuhofen.at\/wp-content\/gallery\/9-sommercamp-2017\/thumbs\/thumbs_SC4030.JPG\"\n               data-image-id=\"16581\"\n               data-title=\"SC(4030)\"\n               data-description=\"\"\n               data-image-slug=\"sc4030\"\n               class=\"shutterset_6bd4a67f62a7de13e8a03aec327a2ec6\">\n                <img\n                    title=\"SC(4030)\"\n                    alt=\"SC(4030)\"\n                    src=\"http:\/\/www.karate-neuhofen.at\/wp-content\/gallery\/9-sommercamp-2017\/thumbs\/thumbs_SC4030.JPG\"\n                    width=\"240\"\n                    height=\"160\"\n                    style=\"max-width:100%;\"\n                \/>\n            <\/a>\n        <\/div>\n\t\t\t\t\t\t\t<\/div> \n\t\t\t\n        \n\t\t\t\t<div id=\"ngg-image-697\" class=\"ngg-gallery-thumbnail-box\" >\n\t\t\t\t        <div class=\"ngg-gallery-thumbnail\">\n            <a href=\"http:\/\/www.karate-neuhofen.at\/wp-content\/gallery\/9-sommercamp-2017\/SC4031.JPG\"\n               title=\"\"\n               data-src=\"http:\/\/www.karate-neuhofen.at\/wp-content\/gallery\/9-sommercamp-2017\/SC4031.JPG\"\n               data-thumbnail=\"http:\/\/www.karate-neuhofen.at\/wp-content\/gallery\/9-sommercamp-2017\/thumbs\/thumbs_SC4031.JPG\"\n               data-image-id=\"16582\"\n               data-title=\"SC(4031)\"\n               data-description=\"\"\n               data-image-slug=\"sc4031\"\n               class=\"shutterset_6bd4a67f62a7de13e8a03aec327a2ec6\">\n                <img\n                    title=\"SC(4031)\"\n                    alt=\"SC(4031)\"\n                    src=\"http:\/\/www.karate-neuhofen.at\/wp-content\/gallery\/9-sommercamp-2017\/thumbs\/thumbs_SC4031.JPG\"\n                    width=\"240\"\n                    height=\"160\"\n                    style=\"max-width:100%;\"\n                \/>\n            <\/a>\n        <\/div>\n\t\t\t\t\t\t\t<\/div> \n\t\t\t\n        \n\t\t\t\t<div id=\"ngg-image-698\" class=\"ngg-gallery-thumbnail-box\" >\n\t\t\t\t        <div class=\"ngg-gallery-thumbnail\">\n            <a href=\"http:\/\/www.karate-neuhofen.at\/wp-content\/gallery\/9-sommercamp-2017\/SC4032.JPG\"\n               title=\"\"\n               data-src=\"http:\/\/www.karate-neuhofen.at\/wp-content\/gallery\/9-sommercamp-2017\/SC4032.JPG\"\n               data-thumbnail=\"http:\/\/www.karate-neuhofen.at\/wp-content\/gallery\/9-sommercamp-2017\/thumbs\/thumbs_SC4032.JPG\"\n               data-image-id=\"16583\"\n               data-title=\"SC(4032)\"\n               data-description=\"\"\n               data-image-slug=\"sc4032\"\n               class=\"shutterset_6bd4a67f62a7de13e8a03aec327a2ec6\">\n                <img\n                    title=\"SC(4032)\"\n                    alt=\"SC(4032)\"\n                    src=\"http:\/\/www.karate-neuhofen.at\/wp-content\/gallery\/9-sommercamp-2017\/thumbs\/thumbs_SC4032.JPG\"\n                    width=\"240\"\n                    height=\"160\"\n                    style=\"max-width:100%;\"\n                \/>\n            <\/a>\n        <\/div>\n\t\t\t\t\t\t\t<\/div> \n\t\t\t\n        \n\t\t\t\t<div id=\"ngg-image-699\" class=\"ngg-gallery-thumbnail-box\" >\n\t\t\t\t        <div class=\"ngg-gallery-thumbnail\">\n            <a href=\"http:\/\/www.karate-neuhofen.at\/wp-content\/gallery\/9-sommercamp-2017\/SC4033.JPG\"\n               title=\"\"\n               data-src=\"http:\/\/www.karate-neuhofen.at\/wp-content\/gallery\/9-sommercamp-2017\/SC4033.JPG\"\n               data-thumbnail=\"http:\/\/www.karate-neuhofen.at\/wp-content\/gallery\/9-sommercamp-2017\/thumbs\/thumbs_SC4033.JPG\"\n               data-image-id=\"16584\"\n               data-title=\"SC(4033)\"\n               data-description=\"\"\n               data-image-slug=\"sc4033\"\n               class=\"shutterset_6bd4a67f62a7de13e8a03aec327a2ec6\">\n                <img\n                    title=\"SC(4033)\"\n                    alt=\"SC(4033)\"\n                    src=\"http:\/\/www.karate-neuhofen.at\/wp-content\/gallery\/9-sommercamp-2017\/thumbs\/thumbs_SC4033.JPG\"\n                    width=\"240\"\n                    height=\"160\"\n                    style=\"max-width:100%;\"\n                \/>\n            <\/a>\n        <\/div>\n\t\t\t\t\t\t\t<\/div> \n\t\t\t\n        \n\t\t\t\t<div id=\"ngg-image-700\" class=\"ngg-gallery-thumbnail-box\" >\n\t\t\t\t        <div class=\"ngg-gallery-thumbnail\">\n            <a href=\"http:\/\/www.karate-neuhofen.at\/wp-content\/gallery\/9-sommercamp-2017\/SC4034.JPG\"\n               title=\"\"\n               data-src=\"http:\/\/www.karate-neuhofen.at\/wp-content\/gallery\/9-sommercamp-2017\/SC4034.JPG\"\n               data-thumbnail=\"http:\/\/www.karate-neuhofen.at\/wp-content\/gallery\/9-sommercamp-2017\/thumbs\/thumbs_SC4034.JPG\"\n               data-image-id=\"16585\"\n               data-title=\"SC(4034)\"\n               data-description=\"\"\n               data-image-slug=\"sc4034\"\n               class=\"shutterset_6bd4a67f62a7de13e8a03aec327a2ec6\">\n                <img\n                    title=\"SC(4034)\"\n                    alt=\"SC(4034)\"\n                    src=\"http:\/\/www.karate-neuhofen.at\/wp-content\/gallery\/9-sommercamp-2017\/thumbs\/thumbs_SC4034.JPG\"\n                    width=\"240\"\n                    height=\"160\"\n                    style=\"max-width:100%;\"\n                \/>\n            <\/a>\n        <\/div>\n\t\t\t\t\t\t\t<\/div> \n\t\t\t\n        \n\t\t\t\t<div id=\"ngg-image-701\" class=\"ngg-gallery-thumbnail-box\" >\n\t\t\t\t        <div class=\"ngg-gallery-thumbnail\">\n            <a href=\"http:\/\/www.karate-neuhofen.at\/wp-content\/gallery\/9-sommercamp-2017\/SC4035.JPG\"\n               title=\"\"\n               data-src=\"http:\/\/www.karate-neuhofen.at\/wp-content\/gallery\/9-sommercamp-2017\/SC4035.JPG\"\n               data-thumbnail=\"http:\/\/www.karate-neuhofen.at\/wp-content\/gallery\/9-sommercamp-2017\/thumbs\/thumbs_SC4035.JPG\"\n               data-image-id=\"16586\"\n               data-title=\"SC(4035)\"\n               data-description=\"\"\n               data-image-slug=\"sc4035\"\n               class=\"shutterset_6bd4a67f62a7de13e8a03aec327a2ec6\">\n                <img\n                    title=\"SC(4035)\"\n                    alt=\"SC(4035)\"\n                    src=\"http:\/\/www.karate-neuhofen.at\/wp-content\/gallery\/9-sommercamp-2017\/thumbs\/thumbs_SC4035.JPG\"\n                    width=\"240\"\n                    height=\"160\"\n                    style=\"max-width:100%;\"\n                \/>\n            <\/a>\n        <\/div>\n\t\t\t\t\t\t\t<\/div> \n\t\t\t\n        \n\t\t\t\t<div id=\"ngg-image-702\" class=\"ngg-gallery-thumbnail-box\" >\n\t\t\t\t        <div class=\"ngg-gallery-thumbnail\">\n            <a href=\"http:\/\/www.karate-neuhofen.at\/wp-content\/gallery\/9-sommercamp-2017\/SC4036.JPG\"\n               title=\"\"\n               data-src=\"http:\/\/www.karate-neuhofen.at\/wp-content\/gallery\/9-sommercamp-2017\/SC4036.JPG\"\n               data-thumbnail=\"http:\/\/www.karate-neuhofen.at\/wp-content\/gallery\/9-sommercamp-2017\/thumbs\/thumbs_SC4036.JPG\"\n               data-image-id=\"16587\"\n               data-title=\"SC(4036)\"\n               data-description=\"\"\n               data-image-slug=\"sc4036\"\n               class=\"shutterset_6bd4a67f62a7de13e8a03aec327a2ec6\">\n                <img\n                    title=\"SC(4036)\"\n                    alt=\"SC(4036)\"\n                    src=\"http:\/\/www.karate-neuhofen.at\/wp-content\/gallery\/9-sommercamp-2017\/thumbs\/thumbs_SC4036.JPG\"\n                    width=\"240\"\n                    height=\"160\"\n                    style=\"max-width:100%;\"\n                \/>\n            <\/a>\n        <\/div>\n\t\t\t\t\t\t\t<\/div> \n\t\t\t\n        \n\t\t\t\t<div id=\"ngg-image-703\" class=\"ngg-gallery-thumbnail-box\" >\n\t\t\t\t        <div class=\"ngg-gallery-thumbnail\">\n            <a href=\"http:\/\/www.karate-neuhofen.at\/wp-content\/gallery\/9-sommercamp-2017\/SC4037.JPG\"\n               title=\"\"\n               data-src=\"http:\/\/www.karate-neuhofen.at\/wp-content\/gallery\/9-sommercamp-2017\/SC4037.JPG\"\n               data-thumbnail=\"http:\/\/www.karate-neuhofen.at\/wp-content\/gallery\/9-sommercamp-2017\/thumbs\/thumbs_SC4037.JPG\"\n               data-image-id=\"16588\"\n               data-title=\"SC(4037)\"\n               data-description=\"\"\n               data-image-slug=\"sc4037\"\n               class=\"shutterset_6bd4a67f62a7de13e8a03aec327a2ec6\">\n                <img\n                    title=\"SC(4037)\"\n                    alt=\"SC(4037)\"\n                    src=\"http:\/\/www.karate-neuhofen.at\/wp-content\/gallery\/9-sommercamp-2017\/thumbs\/thumbs_SC4037.JPG\"\n                    width=\"240\"\n                    height=\"160\"\n                    style=\"max-width:100%;\"\n                \/>\n            <\/a>\n        <\/div>\n\t\t\t\t\t\t\t<\/div> \n\t\t\t\n        \n\t\t\t\t<div id=\"ngg-image-704\" class=\"ngg-gallery-thumbnail-box\" >\n\t\t\t\t        <div class=\"ngg-gallery-thumbnail\">\n            <a href=\"http:\/\/www.karate-neuhofen.at\/wp-content\/gallery\/9-sommercamp-2017\/SC4038.JPG\"\n               title=\"\"\n               data-src=\"http:\/\/www.karate-neuhofen.at\/wp-content\/gallery\/9-sommercamp-2017\/SC4038.JPG\"\n               data-thumbnail=\"http:\/\/www.karate-neuhofen.at\/wp-content\/gallery\/9-sommercamp-2017\/thumbs\/thumbs_SC4038.JPG\"\n               data-image-id=\"16589\"\n               data-title=\"SC(4038)\"\n               data-description=\"\"\n               data-image-slug=\"sc4038\"\n               class=\"shutterset_6bd4a67f62a7de13e8a03aec327a2ec6\">\n                <img\n                    title=\"SC(4038)\"\n                    alt=\"SC(4038)\"\n                    src=\"http:\/\/www.karate-neuhofen.at\/wp-content\/gallery\/9-sommercamp-2017\/thumbs\/thumbs_SC4038.JPG\"\n                    width=\"240\"\n                    height=\"160\"\n                    style=\"max-width:100%;\"\n                \/>\n            <\/a>\n        <\/div>\n\t\t\t\t\t\t\t<\/div> \n\t\t\t\n        \n\t\t\t\t<div id=\"ngg-image-705\" class=\"ngg-gallery-thumbnail-box\" >\n\t\t\t\t        <div class=\"ngg-gallery-thumbnail\">\n            <a href=\"http:\/\/www.karate-neuhofen.at\/wp-content\/gallery\/9-sommercamp-2017\/SC4039.JPG\"\n               title=\"\"\n               data-src=\"http:\/\/www.karate-neuhofen.at\/wp-content\/gallery\/9-sommercamp-2017\/SC4039.JPG\"\n               data-thumbnail=\"http:\/\/www.karate-neuhofen.at\/wp-content\/gallery\/9-sommercamp-2017\/thumbs\/thumbs_SC4039.JPG\"\n               data-image-id=\"16590\"\n               data-title=\"SC(4039)\"\n               data-description=\"\"\n               data-image-slug=\"sc4039\"\n               class=\"shutterset_6bd4a67f62a7de13e8a03aec327a2ec6\">\n                <img\n                    title=\"SC(4039)\"\n                    alt=\"SC(4039)\"\n                    src=\"http:\/\/www.karate-neuhofen.at\/wp-content\/gallery\/9-sommercamp-2017\/thumbs\/thumbs_SC4039.JPG\"\n                    width=\"240\"\n                    height=\"160\"\n                    style=\"max-width:100%;\"\n                \/>\n            <\/a>\n        <\/div>\n\t\t\t\t\t\t\t<\/div> \n\t\t\t\n        \n\t\t\t\t<div id=\"ngg-image-706\" class=\"ngg-gallery-thumbnail-box\" >\n\t\t\t\t        <div class=\"ngg-gallery-thumbnail\">\n            <a href=\"http:\/\/www.karate-neuhofen.at\/wp-content\/gallery\/9-sommercamp-2017\/SC4040.JPG\"\n               title=\"\"\n               data-src=\"http:\/\/www.karate-neuhofen.at\/wp-content\/gallery\/9-sommercamp-2017\/SC4040.JPG\"\n               data-thumbnail=\"http:\/\/www.karate-neuhofen.at\/wp-content\/gallery\/9-sommercamp-2017\/thumbs\/thumbs_SC4040.JPG\"\n               data-image-id=\"16591\"\n               data-title=\"SC(4040)\"\n               data-description=\"\"\n               data-image-slug=\"sc4040\"\n               class=\"shutterset_6bd4a67f62a7de13e8a03aec327a2ec6\">\n                <img\n                    title=\"SC(4040)\"\n                    alt=\"SC(4040)\"\n                    src=\"http:\/\/www.karate-neuhofen.at\/wp-content\/gallery\/9-sommercamp-2017\/thumbs\/thumbs_SC4040.JPG\"\n                    width=\"240\"\n                    height=\"160\"\n                    style=\"max-width:100%;\"\n                \/>\n            <\/a>\n        <\/div>\n\t\t\t\t\t\t\t<\/div> \n\t\t\t\n        \n\t\t\t\t<div id=\"ngg-image-707\" class=\"ngg-gallery-thumbnail-box\" >\n\t\t\t\t        <div class=\"ngg-gallery-thumbnail\">\n            <a href=\"http:\/\/www.karate-neuhofen.at\/wp-content\/gallery\/9-sommercamp-2017\/SC4041.JPG\"\n               title=\"\"\n               data-src=\"http:\/\/www.karate-neuhofen.at\/wp-content\/gallery\/9-sommercamp-2017\/SC4041.JPG\"\n               data-thumbnail=\"http:\/\/www.karate-neuhofen.at\/wp-content\/gallery\/9-sommercamp-2017\/thumbs\/thumbs_SC4041.JPG\"\n               data-image-id=\"16592\"\n               data-title=\"SC(4041)\"\n               data-description=\"\"\n               data-image-slug=\"sc4041\"\n               class=\"shutterset_6bd4a67f62a7de13e8a03aec327a2ec6\">\n                <img\n                    title=\"SC(4041)\"\n                    alt=\"SC(4041)\"\n                    src=\"http:\/\/www.karate-neuhofen.at\/wp-content\/gallery\/9-sommercamp-2017\/thumbs\/thumbs_SC4041.JPG\"\n                    width=\"240\"\n                    height=\"160\"\n                    style=\"max-width:100%;\"\n                \/>\n            <\/a>\n        <\/div>\n\t\t\t\t\t\t\t<\/div> \n\t\t\t\n        \n\t\t\t\t<div id=\"ngg-image-708\" class=\"ngg-gallery-thumbnail-box\" >\n\t\t\t\t        <div class=\"ngg-gallery-thumbnail\">\n            <a href=\"http:\/\/www.karate-neuhofen.at\/wp-content\/gallery\/9-sommercamp-2017\/SC4042.JPG\"\n               title=\"\"\n               data-src=\"http:\/\/www.karate-neuhofen.at\/wp-content\/gallery\/9-sommercamp-2017\/SC4042.JPG\"\n               data-thumbnail=\"http:\/\/www.karate-neuhofen.at\/wp-content\/gallery\/9-sommercamp-2017\/thumbs\/thumbs_SC4042.JPG\"\n               data-image-id=\"16593\"\n               data-title=\"SC(4042)\"\n               data-description=\"\"\n               data-image-slug=\"sc4042\"\n               class=\"shutterset_6bd4a67f62a7de13e8a03aec327a2ec6\">\n                <img\n                    title=\"SC(4042)\"\n                    alt=\"SC(4042)\"\n                    src=\"http:\/\/www.karate-neuhofen.at\/wp-content\/gallery\/9-sommercamp-2017\/thumbs\/thumbs_SC4042.JPG\"\n                    width=\"240\"\n                    height=\"160\"\n                    style=\"max-width:100%;\"\n                \/>\n            <\/a>\n        <\/div>\n\t\t\t\t\t\t\t<\/div> \n\t\t\t\n        \n\t\t\t\t<div id=\"ngg-image-709\" class=\"ngg-gallery-thumbnail-box\" >\n\t\t\t\t        <div class=\"ngg-gallery-thumbnail\">\n            <a href=\"http:\/\/www.karate-neuhofen.at\/wp-content\/gallery\/9-sommercamp-2017\/SC4043.JPG\"\n               title=\"\"\n               data-src=\"http:\/\/www.karate-neuhofen.at\/wp-content\/gallery\/9-sommercamp-2017\/SC4043.JPG\"\n               data-thumbnail=\"http:\/\/www.karate-neuhofen.at\/wp-content\/gallery\/9-sommercamp-2017\/thumbs\/thumbs_SC4043.JPG\"\n               data-image-id=\"16594\"\n               data-title=\"SC(4043)\"\n               data-description=\"\"\n               data-image-slug=\"sc4043\"\n               class=\"shutterset_6bd4a67f62a7de13e8a03aec327a2ec6\">\n                <img\n                    title=\"SC(4043)\"\n                    alt=\"SC(4043)\"\n                    src=\"http:\/\/www.karate-neuhofen.at\/wp-content\/gallery\/9-sommercamp-2017\/thumbs\/thumbs_SC4043.JPG\"\n                    width=\"240\"\n                    height=\"160\"\n                    style=\"max-width:100%;\"\n                \/>\n            <\/a>\n        <\/div>\n\t\t\t\t\t\t\t<\/div> \n\t\t\t\n        \n\t\t\t\t<div id=\"ngg-image-710\" class=\"ngg-gallery-thumbnail-box\" >\n\t\t\t\t        <div class=\"ngg-gallery-thumbnail\">\n            <a href=\"http:\/\/www.karate-neuhofen.at\/wp-content\/gallery\/9-sommercamp-2017\/SC4044.JPG\"\n               title=\"\"\n               data-src=\"http:\/\/www.karate-neuhofen.at\/wp-content\/gallery\/9-sommercamp-2017\/SC4044.JPG\"\n               data-thumbnail=\"http:\/\/www.karate-neuhofen.at\/wp-content\/gallery\/9-sommercamp-2017\/thumbs\/thumbs_SC4044.JPG\"\n               data-image-id=\"16595\"\n               data-title=\"SC(4044)\"\n               data-description=\"\"\n               data-image-slug=\"sc4044\"\n               class=\"shutterset_6bd4a67f62a7de13e8a03aec327a2ec6\">\n                <img\n                    title=\"SC(4044)\"\n                    alt=\"SC(4044)\"\n                    src=\"http:\/\/www.karate-neuhofen.at\/wp-content\/gallery\/9-sommercamp-2017\/thumbs\/thumbs_SC4044.JPG\"\n                    width=\"240\"\n                    height=\"160\"\n                    style=\"max-width:100%;\"\n                \/>\n            <\/a>\n        <\/div>\n\t\t\t\t\t\t\t<\/div> \n\t\t\t\n        \n\t\t\t\t<div id=\"ngg-image-711\" class=\"ngg-gallery-thumbnail-box\" >\n\t\t\t\t        <div class=\"ngg-gallery-thumbnail\">\n            <a href=\"http:\/\/www.karate-neuhofen.at\/wp-content\/gallery\/9-sommercamp-2017\/SC4045.JPG\"\n               title=\"\"\n               data-src=\"http:\/\/www.karate-neuhofen.at\/wp-content\/gallery\/9-sommercamp-2017\/SC4045.JPG\"\n               data-thumbnail=\"http:\/\/www.karate-neuhofen.at\/wp-content\/gallery\/9-sommercamp-2017\/thumbs\/thumbs_SC4045.JPG\"\n               data-image-id=\"16596\"\n               data-title=\"SC(4045)\"\n               data-description=\"\"\n               data-image-slug=\"sc4045\"\n               class=\"shutterset_6bd4a67f62a7de13e8a03aec327a2ec6\">\n                <img\n                    title=\"SC(4045)\"\n                    alt=\"SC(4045)\"\n                    src=\"http:\/\/www.karate-neuhofen.at\/wp-content\/gallery\/9-sommercamp-2017\/thumbs\/thumbs_SC4045.JPG\"\n                    width=\"240\"\n                    height=\"160\"\n                    style=\"max-width:100%;\"\n                \/>\n            <\/a>\n        <\/div>\n\t\t\t\t\t\t\t<\/div> \n\t\t\t\n        \n\t\t\t\t<div id=\"ngg-image-712\" class=\"ngg-gallery-thumbnail-box\" >\n\t\t\t\t        <div class=\"ngg-gallery-thumbnail\">\n            <a href=\"http:\/\/www.karate-neuhofen.at\/wp-content\/gallery\/9-sommercamp-2017\/SC4046.JPG\"\n               title=\"\"\n               data-src=\"http:\/\/www.karate-neuhofen.at\/wp-content\/gallery\/9-sommercamp-2017\/SC4046.JPG\"\n               data-thumbnail=\"http:\/\/www.karate-neuhofen.at\/wp-content\/gallery\/9-sommercamp-2017\/thumbs\/thumbs_SC4046.JPG\"\n               data-image-id=\"16597\"\n               data-title=\"SC(4046)\"\n               data-description=\"\"\n               data-image-slug=\"sc4046\"\n               class=\"shutterset_6bd4a67f62a7de13e8a03aec327a2ec6\">\n                <img\n                    title=\"SC(4046)\"\n                    alt=\"SC(4046)\"\n                    src=\"http:\/\/www.karate-neuhofen.at\/wp-content\/gallery\/9-sommercamp-2017\/thumbs\/thumbs_SC4046.JPG\"\n                    width=\"240\"\n                    height=\"160\"\n                    style=\"max-width:100%;\"\n                \/>\n            <\/a>\n        <\/div>\n\t\t\t\t\t\t\t<\/div> \n\t\t\t\n        \n\t\t\t\t<div id=\"ngg-image-713\" class=\"ngg-gallery-thumbnail-box\" >\n\t\t\t\t        <div class=\"ngg-gallery-thumbnail\">\n            <a href=\"http:\/\/www.karate-neuhofen.at\/wp-content\/gallery\/9-sommercamp-2017\/SC4047.JPG\"\n               title=\"\"\n               data-src=\"http:\/\/www.karate-neuhofen.at\/wp-content\/gallery\/9-sommercamp-2017\/SC4047.JPG\"\n               data-thumbnail=\"http:\/\/www.karate-neuhofen.at\/wp-content\/gallery\/9-sommercamp-2017\/thumbs\/thumbs_SC4047.JPG\"\n               data-image-id=\"16598\"\n               data-title=\"SC(4047)\"\n               data-description=\"\"\n               data-image-slug=\"sc4047\"\n               class=\"shutterset_6bd4a67f62a7de13e8a03aec327a2ec6\">\n                <img\n                    title=\"SC(4047)\"\n                    alt=\"SC(4047)\"\n                    src=\"http:\/\/www.karate-neuhofen.at\/wp-content\/gallery\/9-sommercamp-2017\/thumbs\/thumbs_SC4047.JPG\"\n                    width=\"240\"\n                    height=\"160\"\n                    style=\"max-width:100%;\"\n                \/>\n            <\/a>\n        <\/div>\n\t\t\t\t\t\t\t<\/div> \n\t\t\t\n        \n\t\t\t\t<div id=\"ngg-image-714\" class=\"ngg-gallery-thumbnail-box\" >\n\t\t\t\t        <div class=\"ngg-gallery-thumbnail\">\n            <a href=\"http:\/\/www.karate-neuhofen.at\/wp-content\/gallery\/9-sommercamp-2017\/SC4048.JPG\"\n               title=\"\"\n               data-src=\"http:\/\/www.karate-neuhofen.at\/wp-content\/gallery\/9-sommercamp-2017\/SC4048.JPG\"\n               data-thumbnail=\"http:\/\/www.karate-neuhofen.at\/wp-content\/gallery\/9-sommercamp-2017\/thumbs\/thumbs_SC4048.JPG\"\n               data-image-id=\"16599\"\n               data-title=\"SC(4048)\"\n               data-description=\"\"\n               data-image-slug=\"sc4048\"\n               class=\"shutterset_6bd4a67f62a7de13e8a03aec327a2ec6\">\n                <img\n                    title=\"SC(4048)\"\n                    alt=\"SC(4048)\"\n                    src=\"http:\/\/www.karate-neuhofen.at\/wp-content\/gallery\/9-sommercamp-2017\/thumbs\/thumbs_SC4048.JPG\"\n                    width=\"240\"\n                    height=\"160\"\n                    style=\"max-width:100%;\"\n                \/>\n            <\/a>\n        <\/div>\n\t\t\t\t\t\t\t<\/div> \n\t\t\t\n        \n\t\t\t\t<div id=\"ngg-image-715\" class=\"ngg-gallery-thumbnail-box\" >\n\t\t\t\t        <div class=\"ngg-gallery-thumbnail\">\n            <a href=\"http:\/\/www.karate-neuhofen.at\/wp-content\/gallery\/9-sommercamp-2017\/SC4049.JPG\"\n               title=\"\"\n               data-src=\"http:\/\/www.karate-neuhofen.at\/wp-content\/gallery\/9-sommercamp-2017\/SC4049.JPG\"\n               data-thumbnail=\"http:\/\/www.karate-neuhofen.at\/wp-content\/gallery\/9-sommercamp-2017\/thumbs\/thumbs_SC4049.JPG\"\n               data-image-id=\"16600\"\n               data-title=\"SC(4049)\"\n               data-description=\"\"\n               data-image-slug=\"sc4049\"\n               class=\"shutterset_6bd4a67f62a7de13e8a03aec327a2ec6\">\n                <img\n                    title=\"SC(4049)\"\n                    alt=\"SC(4049)\"\n                    src=\"http:\/\/www.karate-neuhofen.at\/wp-content\/gallery\/9-sommercamp-2017\/thumbs\/thumbs_SC4049.JPG\"\n                    width=\"240\"\n                    height=\"160\"\n                    style=\"max-width:100%;\"\n                \/>\n            <\/a>\n        <\/div>\n\t\t\t\t\t\t\t<\/div> \n\t\t\t\n        \n\t\t\t\t<div id=\"ngg-image-716\" class=\"ngg-gallery-thumbnail-box\" >\n\t\t\t\t        <div class=\"ngg-gallery-thumbnail\">\n            <a href=\"http:\/\/www.karate-neuhofen.at\/wp-content\/gallery\/9-sommercamp-2017\/SC4050.JPG\"\n               title=\"\"\n               data-src=\"http:\/\/www.karate-neuhofen.at\/wp-content\/gallery\/9-sommercamp-2017\/SC4050.JPG\"\n               data-thumbnail=\"http:\/\/www.karate-neuhofen.at\/wp-content\/gallery\/9-sommercamp-2017\/thumbs\/thumbs_SC4050.JPG\"\n               data-image-id=\"16601\"\n               data-title=\"SC(4050)\"\n               data-description=\"\"\n               data-image-slug=\"sc4050\"\n               class=\"shutterset_6bd4a67f62a7de13e8a03aec327a2ec6\">\n                <img\n                    title=\"SC(4050)\"\n                    alt=\"SC(4050)\"\n                    src=\"http:\/\/www.karate-neuhofen.at\/wp-content\/gallery\/9-sommercamp-2017\/thumbs\/thumbs_SC4050.JPG\"\n                    width=\"240\"\n                    height=\"160\"\n                    style=\"max-width:100%;\"\n                \/>\n            <\/a>\n        <\/div>\n\t\t\t\t\t\t\t<\/div> \n\t\t\t\n        \n\t\t\t\t<div id=\"ngg-image-717\" class=\"ngg-gallery-thumbnail-box\" >\n\t\t\t\t        <div class=\"ngg-gallery-thumbnail\">\n            <a href=\"http:\/\/www.karate-neuhofen.at\/wp-content\/gallery\/9-sommercamp-2017\/SC4051.JPG\"\n               title=\"\"\n               data-src=\"http:\/\/www.karate-neuhofen.at\/wp-content\/gallery\/9-sommercamp-2017\/SC4051.JPG\"\n               data-thumbnail=\"http:\/\/www.karate-neuhofen.at\/wp-content\/gallery\/9-sommercamp-2017\/thumbs\/thumbs_SC4051.JPG\"\n               data-image-id=\"16602\"\n               data-title=\"SC(4051)\"\n               data-description=\"\"\n               data-image-slug=\"sc4051\"\n               class=\"shutterset_6bd4a67f62a7de13e8a03aec327a2ec6\">\n                <img\n                    title=\"SC(4051)\"\n                    alt=\"SC(4051)\"\n                    src=\"http:\/\/www.karate-neuhofen.at\/wp-content\/gallery\/9-sommercamp-2017\/thumbs\/thumbs_SC4051.JPG\"\n                    width=\"240\"\n                    height=\"160\"\n                    style=\"max-width:100%;\"\n                \/>\n            <\/a>\n        <\/div>\n\t\t\t\t\t\t\t<\/div> \n\t\t\t\n        \n\t\t\t\t<div id=\"ngg-image-718\" class=\"ngg-gallery-thumbnail-box\" >\n\t\t\t\t        <div class=\"ngg-gallery-thumbnail\">\n            <a href=\"http:\/\/www.karate-neuhofen.at\/wp-content\/gallery\/9-sommercamp-2017\/SC4052.JPG\"\n               title=\"\"\n               data-src=\"http:\/\/www.karate-neuhofen.at\/wp-content\/gallery\/9-sommercamp-2017\/SC4052.JPG\"\n               data-thumbnail=\"http:\/\/www.karate-neuhofen.at\/wp-content\/gallery\/9-sommercamp-2017\/thumbs\/thumbs_SC4052.JPG\"\n               data-image-id=\"16603\"\n               data-title=\"SC(4052)\"\n               data-description=\"\"\n               data-image-slug=\"sc4052\"\n               class=\"shutterset_6bd4a67f62a7de13e8a03aec327a2ec6\">\n                <img\n                    title=\"SC(4052)\"\n                    alt=\"SC(4052)\"\n                    src=\"http:\/\/www.karate-neuhofen.at\/wp-content\/gallery\/9-sommercamp-2017\/thumbs\/thumbs_SC4052.JPG\"\n                    width=\"240\"\n                    height=\"160\"\n                    style=\"max-width:100%;\"\n                \/>\n            <\/a>\n        <\/div>\n\t\t\t\t\t\t\t<\/div> \n\t\t\t\n        \n\t\t\t\t<div id=\"ngg-image-719\" class=\"ngg-gallery-thumbnail-box\" >\n\t\t\t\t        <div class=\"ngg-gallery-thumbnail\">\n            <a href=\"http:\/\/www.karate-neuhofen.at\/wp-content\/gallery\/9-sommercamp-2017\/SC4053.JPG\"\n               title=\"\"\n               data-src=\"http:\/\/www.karate-neuhofen.at\/wp-content\/gallery\/9-sommercamp-2017\/SC4053.JPG\"\n               data-thumbnail=\"http:\/\/www.karate-neuhofen.at\/wp-content\/gallery\/9-sommercamp-2017\/thumbs\/thumbs_SC4053.JPG\"\n               data-image-id=\"16604\"\n               data-title=\"SC(4053)\"\n               data-description=\"\"\n               data-image-slug=\"sc4053\"\n               class=\"shutterset_6bd4a67f62a7de13e8a03aec327a2ec6\">\n                <img\n                    title=\"SC(4053)\"\n                    alt=\"SC(4053)\"\n                    src=\"http:\/\/www.karate-neuhofen.at\/wp-content\/gallery\/9-sommercamp-2017\/thumbs\/thumbs_SC4053.JPG\"\n                    width=\"240\"\n                    height=\"160\"\n                    style=\"max-width:100%;\"\n                \/>\n            <\/a>\n        <\/div>\n\t\t\t\t\t\t\t<\/div> \n\t\t\t\n        \n\t\t\t\t<div id=\"ngg-image-720\" class=\"ngg-gallery-thumbnail-box\" >\n\t\t\t\t        <div class=\"ngg-gallery-thumbnail\">\n            <a href=\"http:\/\/www.karate-neuhofen.at\/wp-content\/gallery\/9-sommercamp-2017\/SC4054.JPG\"\n               title=\"\"\n               data-src=\"http:\/\/www.karate-neuhofen.at\/wp-content\/gallery\/9-sommercamp-2017\/SC4054.JPG\"\n               data-thumbnail=\"http:\/\/www.karate-neuhofen.at\/wp-content\/gallery\/9-sommercamp-2017\/thumbs\/thumbs_SC4054.JPG\"\n               data-image-id=\"16605\"\n               data-title=\"SC(4054)\"\n               data-description=\"\"\n               data-image-slug=\"sc4054\"\n               class=\"shutterset_6bd4a67f62a7de13e8a03aec327a2ec6\">\n                <img\n                    title=\"SC(4054)\"\n                    alt=\"SC(4054)\"\n                    src=\"http:\/\/www.karate-neuhofen.at\/wp-content\/gallery\/9-sommercamp-2017\/thumbs\/thumbs_SC4054.JPG\"\n                    width=\"240\"\n                    height=\"160\"\n                    style=\"max-width:100%;\"\n                \/>\n            <\/a>\n        <\/div>\n\t\t\t\t\t\t\t<\/div> \n\t\t\t\n        \n\t\t\t\t<div id=\"ngg-image-721\" class=\"ngg-gallery-thumbnail-box\" >\n\t\t\t\t        <div class=\"ngg-gallery-thumbnail\">\n            <a href=\"http:\/\/www.karate-neuhofen.at\/wp-content\/gallery\/9-sommercamp-2017\/SC4055.JPG\"\n               title=\"\"\n               data-src=\"http:\/\/www.karate-neuhofen.at\/wp-content\/gallery\/9-sommercamp-2017\/SC4055.JPG\"\n               data-thumbnail=\"http:\/\/www.karate-neuhofen.at\/wp-content\/gallery\/9-sommercamp-2017\/thumbs\/thumbs_SC4055.JPG\"\n               data-image-id=\"16606\"\n               data-title=\"SC(4055)\"\n               data-description=\"\"\n               data-image-slug=\"sc4055\"\n               class=\"shutterset_6bd4a67f62a7de13e8a03aec327a2ec6\">\n                <img\n                    title=\"SC(4055)\"\n                    alt=\"SC(4055)\"\n                    src=\"http:\/\/www.karate-neuhofen.at\/wp-content\/gallery\/9-sommercamp-2017\/thumbs\/thumbs_SC4055.JPG\"\n                    width=\"240\"\n                    height=\"160\"\n                    style=\"max-width:100%;\"\n                \/>\n            <\/a>\n        <\/div>\n\t\t\t\t\t\t\t<\/div> \n\t\t\t\n        \n\t\t\t\t<div id=\"ngg-image-722\" class=\"ngg-gallery-thumbnail-box\" >\n\t\t\t\t        <div class=\"ngg-gallery-thumbnail\">\n            <a href=\"http:\/\/www.karate-neuhofen.at\/wp-content\/gallery\/9-sommercamp-2017\/SC4056.JPG\"\n               title=\"\"\n               data-src=\"http:\/\/www.karate-neuhofen.at\/wp-content\/gallery\/9-sommercamp-2017\/SC4056.JPG\"\n               data-thumbnail=\"http:\/\/www.karate-neuhofen.at\/wp-content\/gallery\/9-sommercamp-2017\/thumbs\/thumbs_SC4056.JPG\"\n               data-image-id=\"16607\"\n               data-title=\"SC(4056)\"\n               data-description=\"\"\n               data-image-slug=\"sc4056\"\n               class=\"shutterset_6bd4a67f62a7de13e8a03aec327a2ec6\">\n                <img\n                    title=\"SC(4056)\"\n                    alt=\"SC(4056)\"\n                    src=\"http:\/\/www.karate-neuhofen.at\/wp-content\/gallery\/9-sommercamp-2017\/thumbs\/thumbs_SC4056.JPG\"\n                    width=\"240\"\n                    height=\"160\"\n                    style=\"max-width:100%;\"\n                \/>\n            <\/a>\n        <\/div>\n\t\t\t\t\t\t\t<\/div> \n\t\t\t\n        \n\t\t\t\t<div id=\"ngg-image-723\" class=\"ngg-gallery-thumbnail-box\" >\n\t\t\t\t        <div class=\"ngg-gallery-thumbnail\">\n            <a href=\"http:\/\/www.karate-neuhofen.at\/wp-content\/gallery\/9-sommercamp-2017\/SC4057.JPG\"\n               title=\"\"\n               data-src=\"http:\/\/www.karate-neuhofen.at\/wp-content\/gallery\/9-sommercamp-2017\/SC4057.JPG\"\n               data-thumbnail=\"http:\/\/www.karate-neuhofen.at\/wp-content\/gallery\/9-sommercamp-2017\/thumbs\/thumbs_SC4057.JPG\"\n               data-image-id=\"16608\"\n               data-title=\"SC(4057)\"\n               data-description=\"\"\n               data-image-slug=\"sc4057\"\n               class=\"shutterset_6bd4a67f62a7de13e8a03aec327a2ec6\">\n                <img\n                    title=\"SC(4057)\"\n                    alt=\"SC(4057)\"\n                    src=\"http:\/\/www.karate-neuhofen.at\/wp-content\/gallery\/9-sommercamp-2017\/thumbs\/thumbs_SC4057.JPG\"\n                    width=\"240\"\n                    height=\"160\"\n                    style=\"max-width:100%;\"\n                \/>\n            <\/a>\n        <\/div>\n\t\t\t\t\t\t\t<\/div> \n\t\t\t\n        \n\t\t\t\t<div id=\"ngg-image-724\" class=\"ngg-gallery-thumbnail-box\" >\n\t\t\t\t        <div class=\"ngg-gallery-thumbnail\">\n            <a href=\"http:\/\/www.karate-neuhofen.at\/wp-content\/gallery\/9-sommercamp-2017\/SC4058.JPG\"\n               title=\"\"\n               data-src=\"http:\/\/www.karate-neuhofen.at\/wp-content\/gallery\/9-sommercamp-2017\/SC4058.JPG\"\n               data-thumbnail=\"http:\/\/www.karate-neuhofen.at\/wp-content\/gallery\/9-sommercamp-2017\/thumbs\/thumbs_SC4058.JPG\"\n               data-image-id=\"16609\"\n               data-title=\"SC(4058)\"\n               data-description=\"\"\n               data-image-slug=\"sc4058\"\n               class=\"shutterset_6bd4a67f62a7de13e8a03aec327a2ec6\">\n                <img\n                    title=\"SC(4058)\"\n                    alt=\"SC(4058)\"\n                    src=\"http:\/\/www.karate-neuhofen.at\/wp-content\/gallery\/9-sommercamp-2017\/thumbs\/thumbs_SC4058.JPG\"\n                    width=\"240\"\n                    height=\"160\"\n                    style=\"max-width:100%;\"\n                \/>\n            <\/a>\n        <\/div>\n\t\t\t\t\t\t\t<\/div> \n\t\t\t\n        \n\t\t\t\t<div id=\"ngg-image-725\" class=\"ngg-gallery-thumbnail-box\" >\n\t\t\t\t        <div class=\"ngg-gallery-thumbnail\">\n            <a href=\"http:\/\/www.karate-neuhofen.at\/wp-content\/gallery\/9-sommercamp-2017\/SC4059.JPG\"\n               title=\"\"\n               data-src=\"http:\/\/www.karate-neuhofen.at\/wp-content\/gallery\/9-sommercamp-2017\/SC4059.JPG\"\n               data-thumbnail=\"http:\/\/www.karate-neuhofen.at\/wp-content\/gallery\/9-sommercamp-2017\/thumbs\/thumbs_SC4059.JPG\"\n               data-image-id=\"16610\"\n               data-title=\"SC(4059)\"\n               data-description=\"\"\n               data-image-slug=\"sc4059\"\n               class=\"shutterset_6bd4a67f62a7de13e8a03aec327a2ec6\">\n                <img\n                    title=\"SC(4059)\"\n                    alt=\"SC(4059)\"\n                    src=\"http:\/\/www.karate-neuhofen.at\/wp-content\/gallery\/9-sommercamp-2017\/thumbs\/thumbs_SC4059.JPG\"\n                    width=\"240\"\n                    height=\"160\"\n                    style=\"max-width:100%;\"\n                \/>\n            <\/a>\n        <\/div>\n\t\t\t\t\t\t\t<\/div> \n\t\t\t\n        \n\t\t\t\t<div id=\"ngg-image-726\" class=\"ngg-gallery-thumbnail-box\" >\n\t\t\t\t        <div class=\"ngg-gallery-thumbnail\">\n            <a href=\"http:\/\/www.karate-neuhofen.at\/wp-content\/gallery\/9-sommercamp-2017\/SC4060.JPG\"\n               title=\"\"\n               data-src=\"http:\/\/www.karate-neuhofen.at\/wp-content\/gallery\/9-sommercamp-2017\/SC4060.JPG\"\n               data-thumbnail=\"http:\/\/www.karate-neuhofen.at\/wp-content\/gallery\/9-sommercamp-2017\/thumbs\/thumbs_SC4060.JPG\"\n               data-image-id=\"16611\"\n               data-title=\"SC(4060)\"\n               data-description=\"\"\n               data-image-slug=\"sc4060\"\n               class=\"shutterset_6bd4a67f62a7de13e8a03aec327a2ec6\">\n                <img\n                    title=\"SC(4060)\"\n                    alt=\"SC(4060)\"\n                    src=\"http:\/\/www.karate-neuhofen.at\/wp-content\/gallery\/9-sommercamp-2017\/thumbs\/thumbs_SC4060.JPG\"\n                    width=\"240\"\n                    height=\"160\"\n                    style=\"max-width:100%;\"\n                \/>\n            <\/a>\n        <\/div>\n\t\t\t\t\t\t\t<\/div> \n\t\t\t\n        \n\t\t\t\t<div id=\"ngg-image-727\" class=\"ngg-gallery-thumbnail-box\" >\n\t\t\t\t        <div class=\"ngg-gallery-thumbnail\">\n            <a href=\"http:\/\/www.karate-neuhofen.at\/wp-content\/gallery\/9-sommercamp-2017\/SC4061.JPG\"\n               title=\"\"\n               data-src=\"http:\/\/www.karate-neuhofen.at\/wp-content\/gallery\/9-sommercamp-2017\/SC4061.JPG\"\n               data-thumbnail=\"http:\/\/www.karate-neuhofen.at\/wp-content\/gallery\/9-sommercamp-2017\/thumbs\/thumbs_SC4061.JPG\"\n               data-image-id=\"16612\"\n               data-title=\"SC(4061)\"\n               data-description=\"\"\n               data-image-slug=\"sc4061\"\n               class=\"shutterset_6bd4a67f62a7de13e8a03aec327a2ec6\">\n                <img\n                    title=\"SC(4061)\"\n                    alt=\"SC(4061)\"\n                    src=\"http:\/\/www.karate-neuhofen.at\/wp-content\/gallery\/9-sommercamp-2017\/thumbs\/thumbs_SC4061.JPG\"\n                    width=\"240\"\n                    height=\"160\"\n                    style=\"max-width:100%;\"\n                \/>\n            <\/a>\n        <\/div>\n\t\t\t\t\t\t\t<\/div> \n\t\t\t\n        \n\t\t\t\t<div id=\"ngg-image-728\" class=\"ngg-gallery-thumbnail-box\" >\n\t\t\t\t        <div class=\"ngg-gallery-thumbnail\">\n            <a href=\"http:\/\/www.karate-neuhofen.at\/wp-content\/gallery\/9-sommercamp-2017\/SC4062.JPG\"\n               title=\"\"\n               data-src=\"http:\/\/www.karate-neuhofen.at\/wp-content\/gallery\/9-sommercamp-2017\/SC4062.JPG\"\n               data-thumbnail=\"http:\/\/www.karate-neuhofen.at\/wp-content\/gallery\/9-sommercamp-2017\/thumbs\/thumbs_SC4062.JPG\"\n               data-image-id=\"16613\"\n               data-title=\"SC(4062)\"\n               data-description=\"\"\n               data-image-slug=\"sc4062\"\n               class=\"shutterset_6bd4a67f62a7de13e8a03aec327a2ec6\">\n                <img\n                    title=\"SC(4062)\"\n                    alt=\"SC(4062)\"\n                    src=\"http:\/\/www.karate-neuhofen.at\/wp-content\/gallery\/9-sommercamp-2017\/thumbs\/thumbs_SC4062.JPG\"\n                    width=\"240\"\n                    height=\"160\"\n                    style=\"max-width:100%;\"\n                \/>\n            <\/a>\n        <\/div>\n\t\t\t\t\t\t\t<\/div> \n\t\t\t\n        \n\t\t\t\t<div id=\"ngg-image-729\" class=\"ngg-gallery-thumbnail-box\" >\n\t\t\t\t        <div class=\"ngg-gallery-thumbnail\">\n            <a href=\"http:\/\/www.karate-neuhofen.at\/wp-content\/gallery\/9-sommercamp-2017\/SC4063.JPG\"\n               title=\"\"\n               data-src=\"http:\/\/www.karate-neuhofen.at\/wp-content\/gallery\/9-sommercamp-2017\/SC4063.JPG\"\n               data-thumbnail=\"http:\/\/www.karate-neuhofen.at\/wp-content\/gallery\/9-sommercamp-2017\/thumbs\/thumbs_SC4063.JPG\"\n               data-image-id=\"16614\"\n               data-title=\"SC(4063)\"\n               data-description=\"\"\n               data-image-slug=\"sc4063\"\n               class=\"shutterset_6bd4a67f62a7de13e8a03aec327a2ec6\">\n                <img\n                    title=\"SC(4063)\"\n                    alt=\"SC(4063)\"\n                    src=\"http:\/\/www.karate-neuhofen.at\/wp-content\/gallery\/9-sommercamp-2017\/thumbs\/thumbs_SC4063.JPG\"\n                    width=\"240\"\n                    height=\"160\"\n                    style=\"max-width:100%;\"\n                \/>\n            <\/a>\n        <\/div>\n\t\t\t\t\t\t\t<\/div> \n\t\t\t\n        \n\t\t\t\t<div id=\"ngg-image-730\" class=\"ngg-gallery-thumbnail-box\" >\n\t\t\t\t        <div class=\"ngg-gallery-thumbnail\">\n            <a href=\"http:\/\/www.karate-neuhofen.at\/wp-content\/gallery\/9-sommercamp-2017\/SC4064.JPG\"\n               title=\"\"\n               data-src=\"http:\/\/www.karate-neuhofen.at\/wp-content\/gallery\/9-sommercamp-2017\/SC4064.JPG\"\n               data-thumbnail=\"http:\/\/www.karate-neuhofen.at\/wp-content\/gallery\/9-sommercamp-2017\/thumbs\/thumbs_SC4064.JPG\"\n               data-image-id=\"16615\"\n               data-title=\"SC(4064)\"\n               data-description=\"\"\n               data-image-slug=\"sc4064\"\n               class=\"shutterset_6bd4a67f62a7de13e8a03aec327a2ec6\">\n                <img\n                    title=\"SC(4064)\"\n                    alt=\"SC(4064)\"\n                    src=\"http:\/\/www.karate-neuhofen.at\/wp-content\/gallery\/9-sommercamp-2017\/thumbs\/thumbs_SC4064.JPG\"\n                    width=\"240\"\n                    height=\"160\"\n                    style=\"max-width:100%;\"\n                \/>\n            <\/a>\n        <\/div>\n\t\t\t\t\t\t\t<\/div> \n\t\t\t\n        \n\t\t\t\t<div id=\"ngg-image-731\" class=\"ngg-gallery-thumbnail-box\" >\n\t\t\t\t        <div class=\"ngg-gallery-thumbnail\">\n            <a href=\"http:\/\/www.karate-neuhofen.at\/wp-content\/gallery\/9-sommercamp-2017\/SC4065.JPG\"\n               title=\"\"\n               data-src=\"http:\/\/www.karate-neuhofen.at\/wp-content\/gallery\/9-sommercamp-2017\/SC4065.JPG\"\n               data-thumbnail=\"http:\/\/www.karate-neuhofen.at\/wp-content\/gallery\/9-sommercamp-2017\/thumbs\/thumbs_SC4065.JPG\"\n               data-image-id=\"16616\"\n               data-title=\"SC(4065)\"\n               data-description=\"\"\n               data-image-slug=\"sc4065\"\n               class=\"shutterset_6bd4a67f62a7de13e8a03aec327a2ec6\">\n                <img\n                    title=\"SC(4065)\"\n                    alt=\"SC(4065)\"\n                    src=\"http:\/\/www.karate-neuhofen.at\/wp-content\/gallery\/9-sommercamp-2017\/thumbs\/thumbs_SC4065.JPG\"\n                    width=\"240\"\n                    height=\"160\"\n                    style=\"max-width:100%;\"\n                \/>\n            <\/a>\n        <\/div>\n\t\t\t\t\t\t\t<\/div> \n\t\t\t\n        \n\t\t\t\t<div id=\"ngg-image-732\" class=\"ngg-gallery-thumbnail-box\" >\n\t\t\t\t        <div class=\"ngg-gallery-thumbnail\">\n            <a href=\"http:\/\/www.karate-neuhofen.at\/wp-content\/gallery\/9-sommercamp-2017\/SC4066.JPG\"\n               title=\"\"\n               data-src=\"http:\/\/www.karate-neuhofen.at\/wp-content\/gallery\/9-sommercamp-2017\/SC4066.JPG\"\n               data-thumbnail=\"http:\/\/www.karate-neuhofen.at\/wp-content\/gallery\/9-sommercamp-2017\/thumbs\/thumbs_SC4066.JPG\"\n               data-image-id=\"16617\"\n               data-title=\"SC(4066)\"\n               data-description=\"\"\n               data-image-slug=\"sc4066\"\n               class=\"shutterset_6bd4a67f62a7de13e8a03aec327a2ec6\">\n                <img\n                    title=\"SC(4066)\"\n                    alt=\"SC(4066)\"\n                    src=\"http:\/\/www.karate-neuhofen.at\/wp-content\/gallery\/9-sommercamp-2017\/thumbs\/thumbs_SC4066.JPG\"\n                    width=\"240\"\n                    height=\"160\"\n                    style=\"max-width:100%;\"\n                \/>\n            <\/a>\n        <\/div>\n\t\t\t\t\t\t\t<\/div> \n\t\t\t\n        \n\t\t\t\t<div id=\"ngg-image-733\" class=\"ngg-gallery-thumbnail-box\" >\n\t\t\t\t        <div class=\"ngg-gallery-thumbnail\">\n            <a href=\"http:\/\/www.karate-neuhofen.at\/wp-content\/gallery\/9-sommercamp-2017\/SC4067.JPG\"\n               title=\"\"\n               data-src=\"http:\/\/www.karate-neuhofen.at\/wp-content\/gallery\/9-sommercamp-2017\/SC4067.JPG\"\n               data-thumbnail=\"http:\/\/www.karate-neuhofen.at\/wp-content\/gallery\/9-sommercamp-2017\/thumbs\/thumbs_SC4067.JPG\"\n               data-image-id=\"16618\"\n               data-title=\"SC(4067)\"\n               data-description=\"\"\n               data-image-slug=\"sc4067\"\n               class=\"shutterset_6bd4a67f62a7de13e8a03aec327a2ec6\">\n                <img\n                    title=\"SC(4067)\"\n                    alt=\"SC(4067)\"\n                    src=\"http:\/\/www.karate-neuhofen.at\/wp-content\/gallery\/9-sommercamp-2017\/thumbs\/thumbs_SC4067.JPG\"\n                    width=\"240\"\n                    height=\"160\"\n                    style=\"max-width:100%;\"\n                \/>\n            <\/a>\n        <\/div>\n\t\t\t\t\t\t\t<\/div> \n\t\t\t\n        \n\t\t\t\t<div id=\"ngg-image-734\" class=\"ngg-gallery-thumbnail-box\" >\n\t\t\t\t        <div class=\"ngg-gallery-thumbnail\">\n            <a href=\"http:\/\/www.karate-neuhofen.at\/wp-content\/gallery\/9-sommercamp-2017\/SC4068.JPG\"\n               title=\"\"\n               data-src=\"http:\/\/www.karate-neuhofen.at\/wp-content\/gallery\/9-sommercamp-2017\/SC4068.JPG\"\n               data-thumbnail=\"http:\/\/www.karate-neuhofen.at\/wp-content\/gallery\/9-sommercamp-2017\/thumbs\/thumbs_SC4068.JPG\"\n               data-image-id=\"16619\"\n               data-title=\"SC(4068)\"\n               data-description=\"\"\n               data-image-slug=\"sc4068\"\n               class=\"shutterset_6bd4a67f62a7de13e8a03aec327a2ec6\">\n                <img\n                    title=\"SC(4068)\"\n                    alt=\"SC(4068)\"\n                    src=\"http:\/\/www.karate-neuhofen.at\/wp-content\/gallery\/9-sommercamp-2017\/thumbs\/thumbs_SC4068.JPG\"\n                    width=\"240\"\n                    height=\"160\"\n                    style=\"max-width:100%;\"\n                \/>\n            <\/a>\n        <\/div>\n\t\t\t\t\t\t\t<\/div> \n\t\t\t\n        \n\t\t\t\t<div id=\"ngg-image-735\" class=\"ngg-gallery-thumbnail-box\" >\n\t\t\t\t        <div class=\"ngg-gallery-thumbnail\">\n            <a href=\"http:\/\/www.karate-neuhofen.at\/wp-content\/gallery\/9-sommercamp-2017\/SC4069.JPG\"\n               title=\"\"\n               data-src=\"http:\/\/www.karate-neuhofen.at\/wp-content\/gallery\/9-sommercamp-2017\/SC4069.JPG\"\n               data-thumbnail=\"http:\/\/www.karate-neuhofen.at\/wp-content\/gallery\/9-sommercamp-2017\/thumbs\/thumbs_SC4069.JPG\"\n               data-image-id=\"16620\"\n               data-title=\"SC(4069)\"\n               data-description=\"\"\n               data-image-slug=\"sc4069\"\n               class=\"shutterset_6bd4a67f62a7de13e8a03aec327a2ec6\">\n                <img\n                    title=\"SC(4069)\"\n                    alt=\"SC(4069)\"\n                    src=\"http:\/\/www.karate-neuhofen.at\/wp-content\/gallery\/9-sommercamp-2017\/thumbs\/thumbs_SC4069.JPG\"\n                    width=\"240\"\n                    height=\"160\"\n                    style=\"max-width:100%;\"\n                \/>\n            <\/a>\n        <\/div>\n\t\t\t\t\t\t\t<\/div> \n\t\t\t\n        \n\t\t\t\t<div id=\"ngg-image-736\" class=\"ngg-gallery-thumbnail-box\" >\n\t\t\t\t        <div class=\"ngg-gallery-thumbnail\">\n            <a href=\"http:\/\/www.karate-neuhofen.at\/wp-content\/gallery\/9-sommercamp-2017\/SC4070.JPG\"\n               title=\"\"\n               data-src=\"http:\/\/www.karate-neuhofen.at\/wp-content\/gallery\/9-sommercamp-2017\/SC4070.JPG\"\n               data-thumbnail=\"http:\/\/www.karate-neuhofen.at\/wp-content\/gallery\/9-sommercamp-2017\/thumbs\/thumbs_SC4070.JPG\"\n               data-image-id=\"16621\"\n               data-title=\"SC(4070)\"\n               data-description=\"\"\n               data-image-slug=\"sc4070\"\n               class=\"shutterset_6bd4a67f62a7de13e8a03aec327a2ec6\">\n                <img\n                    title=\"SC(4070)\"\n                    alt=\"SC(4070)\"\n                    src=\"http:\/\/www.karate-neuhofen.at\/wp-content\/gallery\/9-sommercamp-2017\/thumbs\/thumbs_SC4070.JPG\"\n                    width=\"240\"\n                    height=\"160\"\n                    style=\"max-width:100%;\"\n                \/>\n            <\/a>\n        <\/div>\n\t\t\t\t\t\t\t<\/div> \n\t\t\t\n        \n\t\t\t\t<div id=\"ngg-image-737\" class=\"ngg-gallery-thumbnail-box\" >\n\t\t\t\t        <div class=\"ngg-gallery-thumbnail\">\n            <a href=\"http:\/\/www.karate-neuhofen.at\/wp-content\/gallery\/9-sommercamp-2017\/SC4071.JPG\"\n               title=\"\"\n               data-src=\"http:\/\/www.karate-neuhofen.at\/wp-content\/gallery\/9-sommercamp-2017\/SC4071.JPG\"\n               data-thumbnail=\"http:\/\/www.karate-neuhofen.at\/wp-content\/gallery\/9-sommercamp-2017\/thumbs\/thumbs_SC4071.JPG\"\n               data-image-id=\"16622\"\n               data-title=\"SC(4071)\"\n               data-description=\"\"\n               data-image-slug=\"sc4071\"\n               class=\"shutterset_6bd4a67f62a7de13e8a03aec327a2ec6\">\n                <img\n                    title=\"SC(4071)\"\n                    alt=\"SC(4071)\"\n                    src=\"http:\/\/www.karate-neuhofen.at\/wp-content\/gallery\/9-sommercamp-2017\/thumbs\/thumbs_SC4071.JPG\"\n                    width=\"240\"\n                    height=\"160\"\n                    style=\"max-width:100%;\"\n                \/>\n            <\/a>\n        <\/div>\n\t\t\t\t\t\t\t<\/div> \n\t\t\t\n        \n\t\t\t\t<div id=\"ngg-image-738\" class=\"ngg-gallery-thumbnail-box\" >\n\t\t\t\t        <div class=\"ngg-gallery-thumbnail\">\n            <a href=\"http:\/\/www.karate-neuhofen.at\/wp-content\/gallery\/9-sommercamp-2017\/SC4072.JPG\"\n               title=\"\"\n               data-src=\"http:\/\/www.karate-neuhofen.at\/wp-content\/gallery\/9-sommercamp-2017\/SC4072.JPG\"\n               data-thumbnail=\"http:\/\/www.karate-neuhofen.at\/wp-content\/gallery\/9-sommercamp-2017\/thumbs\/thumbs_SC4072.JPG\"\n               data-image-id=\"16623\"\n               data-title=\"SC(4072)\"\n               data-description=\"\"\n               data-image-slug=\"sc4072\"\n               class=\"shutterset_6bd4a67f62a7de13e8a03aec327a2ec6\">\n                <img\n                    title=\"SC(4072)\"\n                    alt=\"SC(4072)\"\n                    src=\"http:\/\/www.karate-neuhofen.at\/wp-content\/gallery\/9-sommercamp-2017\/thumbs\/thumbs_SC4072.JPG\"\n                    width=\"240\"\n                    height=\"160\"\n                    style=\"max-width:100%;\"\n                \/>\n            <\/a>\n        <\/div>\n\t\t\t\t\t\t\t<\/div> \n\t\t\t\n        \n\t\t\t\t<div id=\"ngg-image-739\" class=\"ngg-gallery-thumbnail-box\" >\n\t\t\t\t        <div class=\"ngg-gallery-thumbnail\">\n            <a href=\"http:\/\/www.karate-neuhofen.at\/wp-content\/gallery\/9-sommercamp-2017\/SC4073.JPG\"\n               title=\"\"\n               data-src=\"http:\/\/www.karate-neuhofen.at\/wp-content\/gallery\/9-sommercamp-2017\/SC4073.JPG\"\n               data-thumbnail=\"http:\/\/www.karate-neuhofen.at\/wp-content\/gallery\/9-sommercamp-2017\/thumbs\/thumbs_SC4073.JPG\"\n               data-image-id=\"16624\"\n               data-title=\"SC(4073)\"\n               data-description=\"\"\n               data-image-slug=\"sc4073\"\n               class=\"shutterset_6bd4a67f62a7de13e8a03aec327a2ec6\">\n                <img\n                    title=\"SC(4073)\"\n                    alt=\"SC(4073)\"\n                    src=\"http:\/\/www.karate-neuhofen.at\/wp-content\/gallery\/9-sommercamp-2017\/thumbs\/thumbs_SC4073.JPG\"\n                    width=\"240\"\n                    height=\"160\"\n                    style=\"max-width:100%;\"\n                \/>\n            <\/a>\n        <\/div>\n\t\t\t\t\t\t\t<\/div> \n\t\t\t\n        \n\t\t\t\t<div id=\"ngg-image-740\" class=\"ngg-gallery-thumbnail-box\" >\n\t\t\t\t        <div class=\"ngg-gallery-thumbnail\">\n            <a href=\"http:\/\/www.karate-neuhofen.at\/wp-content\/gallery\/9-sommercamp-2017\/SC4074.JPG\"\n               title=\"\"\n               data-src=\"http:\/\/www.karate-neuhofen.at\/wp-content\/gallery\/9-sommercamp-2017\/SC4074.JPG\"\n               data-thumbnail=\"http:\/\/www.karate-neuhofen.at\/wp-content\/gallery\/9-sommercamp-2017\/thumbs\/thumbs_SC4074.JPG\"\n               data-image-id=\"16625\"\n               data-title=\"SC(4074)\"\n               data-description=\"\"\n               data-image-slug=\"sc4074\"\n               class=\"shutterset_6bd4a67f62a7de13e8a03aec327a2ec6\">\n                <img\n                    title=\"SC(4074)\"\n                    alt=\"SC(4074)\"\n                    src=\"http:\/\/www.karate-neuhofen.at\/wp-content\/gallery\/9-sommercamp-2017\/thumbs\/thumbs_SC4074.JPG\"\n                    width=\"240\"\n                    height=\"160\"\n                    style=\"max-width:100%;\"\n                \/>\n            <\/a>\n        <\/div>\n\t\t\t\t\t\t\t<\/div> \n\t\t\t\n        \n\t\t\t\t<div id=\"ngg-image-741\" class=\"ngg-gallery-thumbnail-box\" >\n\t\t\t\t        <div class=\"ngg-gallery-thumbnail\">\n            <a href=\"http:\/\/www.karate-neuhofen.at\/wp-content\/gallery\/9-sommercamp-2017\/SC4075.JPG\"\n               title=\"\"\n               data-src=\"http:\/\/www.karate-neuhofen.at\/wp-content\/gallery\/9-sommercamp-2017\/SC4075.JPG\"\n               data-thumbnail=\"http:\/\/www.karate-neuhofen.at\/wp-content\/gallery\/9-sommercamp-2017\/thumbs\/thumbs_SC4075.JPG\"\n               data-image-id=\"16626\"\n               data-title=\"SC(4075)\"\n               data-description=\"\"\n               data-image-slug=\"sc4075\"\n               class=\"shutterset_6bd4a67f62a7de13e8a03aec327a2ec6\">\n                <img\n                    title=\"SC(4075)\"\n                    alt=\"SC(4075)\"\n                    src=\"http:\/\/www.karate-neuhofen.at\/wp-content\/gallery\/9-sommercamp-2017\/thumbs\/thumbs_SC4075.JPG\"\n                    width=\"240\"\n                    height=\"160\"\n                    style=\"max-width:100%;\"\n                \/>\n            <\/a>\n        <\/div>\n\t\t\t\t\t\t\t<\/div> \n\t\t\t\n        \n\t\t\t\t<div id=\"ngg-image-742\" class=\"ngg-gallery-thumbnail-box\" >\n\t\t\t\t        <div class=\"ngg-gallery-thumbnail\">\n            <a href=\"http:\/\/www.karate-neuhofen.at\/wp-content\/gallery\/9-sommercamp-2017\/SC4076.JPG\"\n               title=\"\"\n               data-src=\"http:\/\/www.karate-neuhofen.at\/wp-content\/gallery\/9-sommercamp-2017\/SC4076.JPG\"\n               data-thumbnail=\"http:\/\/www.karate-neuhofen.at\/wp-content\/gallery\/9-sommercamp-2017\/thumbs\/thumbs_SC4076.JPG\"\n               data-image-id=\"16627\"\n               data-title=\"SC(4076)\"\n               data-description=\"\"\n               data-image-slug=\"sc4076\"\n               class=\"shutterset_6bd4a67f62a7de13e8a03aec327a2ec6\">\n                <img\n                    title=\"SC(4076)\"\n                    alt=\"SC(4076)\"\n                    src=\"http:\/\/www.karate-neuhofen.at\/wp-content\/gallery\/9-sommercamp-2017\/thumbs\/thumbs_SC4076.JPG\"\n                    width=\"240\"\n                    height=\"160\"\n                    style=\"max-width:100%;\"\n                \/>\n            <\/a>\n        <\/div>\n\t\t\t\t\t\t\t<\/div> \n\t\t\t\n        \n\t\t\t\t<div id=\"ngg-image-743\" class=\"ngg-gallery-thumbnail-box\" >\n\t\t\t\t        <div class=\"ngg-gallery-thumbnail\">\n            <a href=\"http:\/\/www.karate-neuhofen.at\/wp-content\/gallery\/9-sommercamp-2017\/SC4077.JPG\"\n               title=\"\"\n               data-src=\"http:\/\/www.karate-neuhofen.at\/wp-content\/gallery\/9-sommercamp-2017\/SC4077.JPG\"\n               data-thumbnail=\"http:\/\/www.karate-neuhofen.at\/wp-content\/gallery\/9-sommercamp-2017\/thumbs\/thumbs_SC4077.JPG\"\n               data-image-id=\"16628\"\n               data-title=\"SC(4077)\"\n               data-description=\"\"\n               data-image-slug=\"sc4077\"\n               class=\"shutterset_6bd4a67f62a7de13e8a03aec327a2ec6\">\n                <img\n                    title=\"SC(4077)\"\n                    alt=\"SC(4077)\"\n                    src=\"http:\/\/www.karate-neuhofen.at\/wp-content\/gallery\/9-sommercamp-2017\/thumbs\/thumbs_SC4077.JPG\"\n                    width=\"240\"\n                    height=\"160\"\n                    style=\"max-width:100%;\"\n                \/>\n            <\/a>\n        <\/div>\n\t\t\t\t\t\t\t<\/div> \n\t\t\t\n        \n\t\t\t\t<div id=\"ngg-image-744\" class=\"ngg-gallery-thumbnail-box\" >\n\t\t\t\t        <div class=\"ngg-gallery-thumbnail\">\n            <a href=\"http:\/\/www.karate-neuhofen.at\/wp-content\/gallery\/9-sommercamp-2017\/SC4078.JPG\"\n               title=\"\"\n               data-src=\"http:\/\/www.karate-neuhofen.at\/wp-content\/gallery\/9-sommercamp-2017\/SC4078.JPG\"\n               data-thumbnail=\"http:\/\/www.karate-neuhofen.at\/wp-content\/gallery\/9-sommercamp-2017\/thumbs\/thumbs_SC4078.JPG\"\n               data-image-id=\"16629\"\n               data-title=\"SC(4078)\"\n               data-description=\"\"\n               data-image-slug=\"sc4078\"\n               class=\"shutterset_6bd4a67f62a7de13e8a03aec327a2ec6\">\n                <img\n                    title=\"SC(4078)\"\n                    alt=\"SC(4078)\"\n                    src=\"http:\/\/www.karate-neuhofen.at\/wp-content\/gallery\/9-sommercamp-2017\/thumbs\/thumbs_SC4078.JPG\"\n                    width=\"240\"\n                    height=\"160\"\n                    style=\"max-width:100%;\"\n                \/>\n            <\/a>\n        <\/div>\n\t\t\t\t\t\t\t<\/div> \n\t\t\t\n        \n\t\t\t\t<div id=\"ngg-image-745\" class=\"ngg-gallery-thumbnail-box\" >\n\t\t\t\t        <div class=\"ngg-gallery-thumbnail\">\n            <a href=\"http:\/\/www.karate-neuhofen.at\/wp-content\/gallery\/9-sommercamp-2017\/SC4079.JPG\"\n               title=\"\"\n               data-src=\"http:\/\/www.karate-neuhofen.at\/wp-content\/gallery\/9-sommercamp-2017\/SC4079.JPG\"\n               data-thumbnail=\"http:\/\/www.karate-neuhofen.at\/wp-content\/gallery\/9-sommercamp-2017\/thumbs\/thumbs_SC4079.JPG\"\n               data-image-id=\"16630\"\n               data-title=\"SC(4079)\"\n               data-description=\"\"\n               data-image-slug=\"sc4079\"\n               class=\"shutterset_6bd4a67f62a7de13e8a03aec327a2ec6\">\n                <img\n                    title=\"SC(4079)\"\n                    alt=\"SC(4079)\"\n                    src=\"http:\/\/www.karate-neuhofen.at\/wp-content\/gallery\/9-sommercamp-2017\/thumbs\/thumbs_SC4079.JPG\"\n                    width=\"240\"\n                    height=\"160\"\n                    style=\"max-width:100%;\"\n                \/>\n            <\/a>\n        <\/div>\n\t\t\t\t\t\t\t<\/div> \n\t\t\t\n        \n\t\t\t\t<div id=\"ngg-image-746\" class=\"ngg-gallery-thumbnail-box\" >\n\t\t\t\t        <div class=\"ngg-gallery-thumbnail\">\n            <a href=\"http:\/\/www.karate-neuhofen.at\/wp-content\/gallery\/9-sommercamp-2017\/SC4080.JPG\"\n               title=\"\"\n               data-src=\"http:\/\/www.karate-neuhofen.at\/wp-content\/gallery\/9-sommercamp-2017\/SC4080.JPG\"\n               data-thumbnail=\"http:\/\/www.karate-neuhofen.at\/wp-content\/gallery\/9-sommercamp-2017\/thumbs\/thumbs_SC4080.JPG\"\n               data-image-id=\"16631\"\n               data-title=\"SC(4080)\"\n               data-description=\"\"\n               data-image-slug=\"sc4080\"\n               class=\"shutterset_6bd4a67f62a7de13e8a03aec327a2ec6\">\n                <img\n                    title=\"SC(4080)\"\n                    alt=\"SC(4080)\"\n                    src=\"http:\/\/www.karate-neuhofen.at\/wp-content\/gallery\/9-sommercamp-2017\/thumbs\/thumbs_SC4080.JPG\"\n                    width=\"240\"\n                    height=\"160\"\n                    style=\"max-width:100%;\"\n                \/>\n            <\/a>\n        <\/div>\n\t\t\t\t\t\t\t<\/div> \n\t\t\t\n        \n\t\t\t\t<div id=\"ngg-image-747\" class=\"ngg-gallery-thumbnail-box\" >\n\t\t\t\t        <div class=\"ngg-gallery-thumbnail\">\n            <a href=\"http:\/\/www.karate-neuhofen.at\/wp-content\/gallery\/9-sommercamp-2017\/SC4081.JPG\"\n               title=\"\"\n               data-src=\"http:\/\/www.karate-neuhofen.at\/wp-content\/gallery\/9-sommercamp-2017\/SC4081.JPG\"\n               data-thumbnail=\"http:\/\/www.karate-neuhofen.at\/wp-content\/gallery\/9-sommercamp-2017\/thumbs\/thumbs_SC4081.JPG\"\n               data-image-id=\"16632\"\n               data-title=\"SC(4081)\"\n               data-description=\"\"\n               data-image-slug=\"sc4081\"\n               class=\"shutterset_6bd4a67f62a7de13e8a03aec327a2ec6\">\n                <img\n                    title=\"SC(4081)\"\n                    alt=\"SC(4081)\"\n                    src=\"http:\/\/www.karate-neuhofen.at\/wp-content\/gallery\/9-sommercamp-2017\/thumbs\/thumbs_SC4081.JPG\"\n                    width=\"240\"\n                    height=\"160\"\n                    style=\"max-width:100%;\"\n                \/>\n            <\/a>\n        <\/div>\n\t\t\t\t\t\t\t<\/div> \n\t\t\t\n        \n\t\t\t\t<div id=\"ngg-image-748\" class=\"ngg-gallery-thumbnail-box\" >\n\t\t\t\t        <div class=\"ngg-gallery-thumbnail\">\n            <a href=\"http:\/\/www.karate-neuhofen.at\/wp-content\/gallery\/9-sommercamp-2017\/SC4082.JPG\"\n               title=\"\"\n               data-src=\"http:\/\/www.karate-neuhofen.at\/wp-content\/gallery\/9-sommercamp-2017\/SC4082.JPG\"\n               data-thumbnail=\"http:\/\/www.karate-neuhofen.at\/wp-content\/gallery\/9-sommercamp-2017\/thumbs\/thumbs_SC4082.JPG\"\n               data-image-id=\"16633\"\n               data-title=\"SC(4082)\"\n               data-description=\"\"\n               data-image-slug=\"sc4082\"\n               class=\"shutterset_6bd4a67f62a7de13e8a03aec327a2ec6\">\n                <img\n                    title=\"SC(4082)\"\n                    alt=\"SC(4082)\"\n                    src=\"http:\/\/www.karate-neuhofen.at\/wp-content\/gallery\/9-sommercamp-2017\/thumbs\/thumbs_SC4082.JPG\"\n                    width=\"240\"\n                    height=\"160\"\n                    style=\"max-width:100%;\"\n                \/>\n            <\/a>\n        <\/div>\n\t\t\t\t\t\t\t<\/div> \n\t\t\t\n        \n\t\t\t\t<div id=\"ngg-image-749\" class=\"ngg-gallery-thumbnail-box\" >\n\t\t\t\t        <div class=\"ngg-gallery-thumbnail\">\n            <a href=\"http:\/\/www.karate-neuhofen.at\/wp-content\/gallery\/9-sommercamp-2017\/SC4083.JPG\"\n               title=\"\"\n               data-src=\"http:\/\/www.karate-neuhofen.at\/wp-content\/gallery\/9-sommercamp-2017\/SC4083.JPG\"\n               data-thumbnail=\"http:\/\/www.karate-neuhofen.at\/wp-content\/gallery\/9-sommercamp-2017\/thumbs\/thumbs_SC4083.JPG\"\n               data-image-id=\"16634\"\n               data-title=\"SC(4083)\"\n               data-description=\"\"\n               data-image-slug=\"sc4083\"\n               class=\"shutterset_6bd4a67f62a7de13e8a03aec327a2ec6\">\n                <img\n                    title=\"SC(4083)\"\n                    alt=\"SC(4083)\"\n                    src=\"http:\/\/www.karate-neuhofen.at\/wp-content\/gallery\/9-sommercamp-2017\/thumbs\/thumbs_SC4083.JPG\"\n                    width=\"240\"\n                    height=\"160\"\n                    style=\"max-width:100%;\"\n                \/>\n            <\/a>\n        <\/div>\n\t\t\t\t\t\t\t<\/div> \n\t\t\t\n        \n\t\t\t\t<div id=\"ngg-image-750\" class=\"ngg-gallery-thumbnail-box\" >\n\t\t\t\t        <div class=\"ngg-gallery-thumbnail\">\n            <a href=\"http:\/\/www.karate-neuhofen.at\/wp-content\/gallery\/9-sommercamp-2017\/SC4084.JPG\"\n               title=\"\"\n               data-src=\"http:\/\/www.karate-neuhofen.at\/wp-content\/gallery\/9-sommercamp-2017\/SC4084.JPG\"\n               data-thumbnail=\"http:\/\/www.karate-neuhofen.at\/wp-content\/gallery\/9-sommercamp-2017\/thumbs\/thumbs_SC4084.JPG\"\n               data-image-id=\"16635\"\n               data-title=\"SC(4084)\"\n               data-description=\"\"\n               data-image-slug=\"sc4084\"\n               class=\"shutterset_6bd4a67f62a7de13e8a03aec327a2ec6\">\n                <img\n                    title=\"SC(4084)\"\n                    alt=\"SC(4084)\"\n                    src=\"http:\/\/www.karate-neuhofen.at\/wp-content\/gallery\/9-sommercamp-2017\/thumbs\/thumbs_SC4084.JPG\"\n                    width=\"240\"\n                    height=\"160\"\n                    style=\"max-width:100%;\"\n                \/>\n            <\/a>\n        <\/div>\n\t\t\t\t\t\t\t<\/div> \n\t\t\t\n        \n\t\t\t\t<div id=\"ngg-image-751\" class=\"ngg-gallery-thumbnail-box\" >\n\t\t\t\t        <div class=\"ngg-gallery-thumbnail\">\n            <a href=\"http:\/\/www.karate-neuhofen.at\/wp-content\/gallery\/9-sommercamp-2017\/SC4085.JPG\"\n               title=\"\"\n               data-src=\"http:\/\/www.karate-neuhofen.at\/wp-content\/gallery\/9-sommercamp-2017\/SC4085.JPG\"\n               data-thumbnail=\"http:\/\/www.karate-neuhofen.at\/wp-content\/gallery\/9-sommercamp-2017\/thumbs\/thumbs_SC4085.JPG\"\n               data-image-id=\"16636\"\n               data-title=\"SC(4085)\"\n               data-description=\"\"\n               data-image-slug=\"sc4085\"\n               class=\"shutterset_6bd4a67f62a7de13e8a03aec327a2ec6\">\n                <img\n                    title=\"SC(4085)\"\n                    alt=\"SC(4085)\"\n                    src=\"http:\/\/www.karate-neuhofen.at\/wp-content\/gallery\/9-sommercamp-2017\/thumbs\/thumbs_SC4085.JPG\"\n                    width=\"240\"\n                    height=\"160\"\n                    style=\"max-width:100%;\"\n                \/>\n            <\/a>\n        <\/div>\n\t\t\t\t\t\t\t<\/div> \n\t\t\t\n        \n\t\t\t\t<div id=\"ngg-image-752\" class=\"ngg-gallery-thumbnail-box\" >\n\t\t\t\t        <div class=\"ngg-gallery-thumbnail\">\n            <a href=\"http:\/\/www.karate-neuhofen.at\/wp-content\/gallery\/9-sommercamp-2017\/SC4086.JPG\"\n               title=\"\"\n               data-src=\"http:\/\/www.karate-neuhofen.at\/wp-content\/gallery\/9-sommercamp-2017\/SC4086.JPG\"\n               data-thumbnail=\"http:\/\/www.karate-neuhofen.at\/wp-content\/gallery\/9-sommercamp-2017\/thumbs\/thumbs_SC4086.JPG\"\n               data-image-id=\"16637\"\n               data-title=\"SC(4086)\"\n               data-description=\"\"\n               data-image-slug=\"sc4086\"\n               class=\"shutterset_6bd4a67f62a7de13e8a03aec327a2ec6\">\n                <img\n                    title=\"SC(4086)\"\n                    alt=\"SC(4086)\"\n                    src=\"http:\/\/www.karate-neuhofen.at\/wp-content\/gallery\/9-sommercamp-2017\/thumbs\/thumbs_SC4086.JPG\"\n                    width=\"240\"\n                    height=\"160\"\n                    style=\"max-width:100%;\"\n                \/>\n            <\/a>\n        <\/div>\n\t\t\t\t\t\t\t<\/div> \n\t\t\t\n        \n\t\t\t\t<div id=\"ngg-image-753\" class=\"ngg-gallery-thumbnail-box\" >\n\t\t\t\t        <div class=\"ngg-gallery-thumbnail\">\n            <a href=\"http:\/\/www.karate-neuhofen.at\/wp-content\/gallery\/9-sommercamp-2017\/SC4087.JPG\"\n               title=\"\"\n               data-src=\"http:\/\/www.karate-neuhofen.at\/wp-content\/gallery\/9-sommercamp-2017\/SC4087.JPG\"\n               data-thumbnail=\"http:\/\/www.karate-neuhofen.at\/wp-content\/gallery\/9-sommercamp-2017\/thumbs\/thumbs_SC4087.JPG\"\n               data-image-id=\"16638\"\n               data-title=\"SC(4087)\"\n               data-description=\"\"\n               data-image-slug=\"sc4087\"\n               class=\"shutterset_6bd4a67f62a7de13e8a03aec327a2ec6\">\n                <img\n                    title=\"SC(4087)\"\n                    alt=\"SC(4087)\"\n                    src=\"http:\/\/www.karate-neuhofen.at\/wp-content\/gallery\/9-sommercamp-2017\/thumbs\/thumbs_SC4087.JPG\"\n                    width=\"240\"\n                    height=\"160\"\n                    style=\"max-width:100%;\"\n                \/>\n            <\/a>\n        <\/div>\n\t\t\t\t\t\t\t<\/div> \n\t\t\t\n        \n\t\t\t\t<div id=\"ngg-image-754\" class=\"ngg-gallery-thumbnail-box\" >\n\t\t\t\t        <div class=\"ngg-gallery-thumbnail\">\n            <a href=\"http:\/\/www.karate-neuhofen.at\/wp-content\/gallery\/9-sommercamp-2017\/SC4088.JPG\"\n               title=\"\"\n               data-src=\"http:\/\/www.karate-neuhofen.at\/wp-content\/gallery\/9-sommercamp-2017\/SC4088.JPG\"\n               data-thumbnail=\"http:\/\/www.karate-neuhofen.at\/wp-content\/gallery\/9-sommercamp-2017\/thumbs\/thumbs_SC4088.JPG\"\n               data-image-id=\"16639\"\n               data-title=\"SC(4088)\"\n               data-description=\"\"\n               data-image-slug=\"sc4088\"\n               class=\"shutterset_6bd4a67f62a7de13e8a03aec327a2ec6\">\n                <img\n                    title=\"SC(4088)\"\n                    alt=\"SC(4088)\"\n                    src=\"http:\/\/www.karate-neuhofen.at\/wp-content\/gallery\/9-sommercamp-2017\/thumbs\/thumbs_SC4088.JPG\"\n                    width=\"240\"\n                    height=\"160\"\n                    style=\"max-width:100%;\"\n                \/>\n            <\/a>\n        <\/div>\n\t\t\t\t\t\t\t<\/div> \n\t\t\t\n        \n\t\t\t\t<div id=\"ngg-image-755\" class=\"ngg-gallery-thumbnail-box\" >\n\t\t\t\t        <div class=\"ngg-gallery-thumbnail\">\n            <a href=\"http:\/\/www.karate-neuhofen.at\/wp-content\/gallery\/9-sommercamp-2017\/SC4089.JPG\"\n               title=\"\"\n               data-src=\"http:\/\/www.karate-neuhofen.at\/wp-content\/gallery\/9-sommercamp-2017\/SC4089.JPG\"\n               data-thumbnail=\"http:\/\/www.karate-neuhofen.at\/wp-content\/gallery\/9-sommercamp-2017\/thumbs\/thumbs_SC4089.JPG\"\n               data-image-id=\"16640\"\n               data-title=\"SC(4089)\"\n               data-description=\"\"\n               data-image-slug=\"sc4089\"\n               class=\"shutterset_6bd4a67f62a7de13e8a03aec327a2ec6\">\n                <img\n                    title=\"SC(4089)\"\n                    alt=\"SC(4089)\"\n                    src=\"http:\/\/www.karate-neuhofen.at\/wp-content\/gallery\/9-sommercamp-2017\/thumbs\/thumbs_SC4089.JPG\"\n                    width=\"240\"\n                    height=\"160\"\n                    style=\"max-width:100%;\"\n                \/>\n            <\/a>\n        <\/div>\n\t\t\t\t\t\t\t<\/div> \n\t\t\t\n        \n\t\t\t\t<div id=\"ngg-image-756\" class=\"ngg-gallery-thumbnail-box\" >\n\t\t\t\t        <div class=\"ngg-gallery-thumbnail\">\n            <a href=\"http:\/\/www.karate-neuhofen.at\/wp-content\/gallery\/9-sommercamp-2017\/SC4090.JPG\"\n               title=\"\"\n               data-src=\"http:\/\/www.karate-neuhofen.at\/wp-content\/gallery\/9-sommercamp-2017\/SC4090.JPG\"\n               data-thumbnail=\"http:\/\/www.karate-neuhofen.at\/wp-content\/gallery\/9-sommercamp-2017\/thumbs\/thumbs_SC4090.JPG\"\n               data-image-id=\"16641\"\n               data-title=\"SC(4090)\"\n               data-description=\"\"\n               data-image-slug=\"sc4090\"\n               class=\"shutterset_6bd4a67f62a7de13e8a03aec327a2ec6\">\n                <img\n                    title=\"SC(4090)\"\n                    alt=\"SC(4090)\"\n                    src=\"http:\/\/www.karate-neuhofen.at\/wp-content\/gallery\/9-sommercamp-2017\/thumbs\/thumbs_SC4090.JPG\"\n                    width=\"240\"\n                    height=\"160\"\n                    style=\"max-width:100%;\"\n                \/>\n            <\/a>\n        <\/div>\n\t\t\t\t\t\t\t<\/div> \n\t\t\t\n        \n\t\t\t\t<div id=\"ngg-image-757\" class=\"ngg-gallery-thumbnail-box\" >\n\t\t\t\t        <div class=\"ngg-gallery-thumbnail\">\n            <a href=\"http:\/\/www.karate-neuhofen.at\/wp-content\/gallery\/9-sommercamp-2017\/SC4091.JPG\"\n               title=\"\"\n               data-src=\"http:\/\/www.karate-neuhofen.at\/wp-content\/gallery\/9-sommercamp-2017\/SC4091.JPG\"\n               data-thumbnail=\"http:\/\/www.karate-neuhofen.at\/wp-content\/gallery\/9-sommercamp-2017\/thumbs\/thumbs_SC4091.JPG\"\n               data-image-id=\"16642\"\n               data-title=\"SC(4091)\"\n               data-description=\"\"\n               data-image-slug=\"sc4091\"\n               class=\"shutterset_6bd4a67f62a7de13e8a03aec327a2ec6\">\n                <img\n                    title=\"SC(4091)\"\n                    alt=\"SC(4091)\"\n                    src=\"http:\/\/www.karate-neuhofen.at\/wp-content\/gallery\/9-sommercamp-2017\/thumbs\/thumbs_SC4091.JPG\"\n                    width=\"240\"\n                    height=\"160\"\n                    style=\"max-width:100%;\"\n                \/>\n            <\/a>\n        <\/div>\n\t\t\t\t\t\t\t<\/div> \n\t\t\t\n        \n\t\t\t\t<div id=\"ngg-image-758\" class=\"ngg-gallery-thumbnail-box\" >\n\t\t\t\t        <div class=\"ngg-gallery-thumbnail\">\n            <a href=\"http:\/\/www.karate-neuhofen.at\/wp-content\/gallery\/9-sommercamp-2017\/SC4092.JPG\"\n               title=\"\"\n               data-src=\"http:\/\/www.karate-neuhofen.at\/wp-content\/gallery\/9-sommercamp-2017\/SC4092.JPG\"\n               data-thumbnail=\"http:\/\/www.karate-neuhofen.at\/wp-content\/gallery\/9-sommercamp-2017\/thumbs\/thumbs_SC4092.JPG\"\n               data-image-id=\"16643\"\n               data-title=\"SC(4092)\"\n               data-description=\"\"\n               data-image-slug=\"sc4092\"\n               class=\"shutterset_6bd4a67f62a7de13e8a03aec327a2ec6\">\n                <img\n                    title=\"SC(4092)\"\n                    alt=\"SC(4092)\"\n                    src=\"http:\/\/www.karate-neuhofen.at\/wp-content\/gallery\/9-sommercamp-2017\/thumbs\/thumbs_SC4092.JPG\"\n                    width=\"240\"\n                    height=\"160\"\n                    style=\"max-width:100%;\"\n                \/>\n            <\/a>\n        <\/div>\n\t\t\t\t\t\t\t<\/div> \n\t\t\t\n        \n\t\t\t\t<div id=\"ngg-image-759\" class=\"ngg-gallery-thumbnail-box\" >\n\t\t\t\t        <div class=\"ngg-gallery-thumbnail\">\n            <a href=\"http:\/\/www.karate-neuhofen.at\/wp-content\/gallery\/9-sommercamp-2017\/SC4093.JPG\"\n               title=\"\"\n               data-src=\"http:\/\/www.karate-neuhofen.at\/wp-content\/gallery\/9-sommercamp-2017\/SC4093.JPG\"\n               data-thumbnail=\"http:\/\/www.karate-neuhofen.at\/wp-content\/gallery\/9-sommercamp-2017\/thumbs\/thumbs_SC4093.JPG\"\n               data-image-id=\"16644\"\n               data-title=\"SC(4093)\"\n               data-description=\"\"\n               data-image-slug=\"sc4093\"\n               class=\"shutterset_6bd4a67f62a7de13e8a03aec327a2ec6\">\n                <img\n                    title=\"SC(4093)\"\n                    alt=\"SC(4093)\"\n                    src=\"http:\/\/www.karate-neuhofen.at\/wp-content\/gallery\/9-sommercamp-2017\/thumbs\/thumbs_SC4093.JPG\"\n                    width=\"240\"\n                    height=\"160\"\n                    style=\"max-width:100%;\"\n                \/>\n            <\/a>\n        <\/div>\n\t\t\t\t\t\t\t<\/div> \n\t\t\t\n        \n\t\t\t\t<div id=\"ngg-image-760\" class=\"ngg-gallery-thumbnail-box\" >\n\t\t\t\t        <div class=\"ngg-gallery-thumbnail\">\n            <a href=\"http:\/\/www.karate-neuhofen.at\/wp-content\/gallery\/9-sommercamp-2017\/SC4094.JPG\"\n               title=\"\"\n               data-src=\"http:\/\/www.karate-neuhofen.at\/wp-content\/gallery\/9-sommercamp-2017\/SC4094.JPG\"\n               data-thumbnail=\"http:\/\/www.karate-neuhofen.at\/wp-content\/gallery\/9-sommercamp-2017\/thumbs\/thumbs_SC4094.JPG\"\n               data-image-id=\"16645\"\n               data-title=\"SC(4094)\"\n               data-description=\"\"\n               data-image-slug=\"sc4094\"\n               class=\"shutterset_6bd4a67f62a7de13e8a03aec327a2ec6\">\n                <img\n                    title=\"SC(4094)\"\n                    alt=\"SC(4094)\"\n                    src=\"http:\/\/www.karate-neuhofen.at\/wp-content\/gallery\/9-sommercamp-2017\/thumbs\/thumbs_SC4094.JPG\"\n                    width=\"240\"\n                    height=\"160\"\n                    style=\"max-width:100%;\"\n                \/>\n            <\/a>\n        <\/div>\n\t\t\t\t\t\t\t<\/div> \n\t\t\t\n        \n\t\t\t\t<div id=\"ngg-image-761\" class=\"ngg-gallery-thumbnail-box\" >\n\t\t\t\t        <div class=\"ngg-gallery-thumbnail\">\n            <a href=\"http:\/\/www.karate-neuhofen.at\/wp-content\/gallery\/9-sommercamp-2017\/SC4095.JPG\"\n               title=\"\"\n               data-src=\"http:\/\/www.karate-neuhofen.at\/wp-content\/gallery\/9-sommercamp-2017\/SC4095.JPG\"\n               data-thumbnail=\"http:\/\/www.karate-neuhofen.at\/wp-content\/gallery\/9-sommercamp-2017\/thumbs\/thumbs_SC4095.JPG\"\n               data-image-id=\"16646\"\n               data-title=\"SC(4095)\"\n               data-description=\"\"\n               data-image-slug=\"sc4095\"\n               class=\"shutterset_6bd4a67f62a7de13e8a03aec327a2ec6\">\n                <img\n                    title=\"SC(4095)\"\n                    alt=\"SC(4095)\"\n                    src=\"http:\/\/www.karate-neuhofen.at\/wp-content\/gallery\/9-sommercamp-2017\/thumbs\/thumbs_SC4095.JPG\"\n                    width=\"240\"\n                    height=\"160\"\n                    style=\"max-width:100%;\"\n                \/>\n            <\/a>\n        <\/div>\n\t\t\t\t\t\t\t<\/div> \n\t\t\t\n        \n\t\t\t\t<div id=\"ngg-image-762\" class=\"ngg-gallery-thumbnail-box\" >\n\t\t\t\t        <div class=\"ngg-gallery-thumbnail\">\n            <a href=\"http:\/\/www.karate-neuhofen.at\/wp-content\/gallery\/9-sommercamp-2017\/SC4096.JPG\"\n               title=\"\"\n               data-src=\"http:\/\/www.karate-neuhofen.at\/wp-content\/gallery\/9-sommercamp-2017\/SC4096.JPG\"\n               data-thumbnail=\"http:\/\/www.karate-neuhofen.at\/wp-content\/gallery\/9-sommercamp-2017\/thumbs\/thumbs_SC4096.JPG\"\n               data-image-id=\"16647\"\n               data-title=\"SC(4096)\"\n               data-description=\"\"\n               data-image-slug=\"sc4096\"\n               class=\"shutterset_6bd4a67f62a7de13e8a03aec327a2ec6\">\n                <img\n                    title=\"SC(4096)\"\n                    alt=\"SC(4096)\"\n                    src=\"http:\/\/www.karate-neuhofen.at\/wp-content\/gallery\/9-sommercamp-2017\/thumbs\/thumbs_SC4096.JPG\"\n                    width=\"240\"\n                    height=\"160\"\n                    style=\"max-width:100%;\"\n                \/>\n            <\/a>\n        <\/div>\n\t\t\t\t\t\t\t<\/div> \n\t\t\t\n        \n\t\t\t\t<div id=\"ngg-image-763\" class=\"ngg-gallery-thumbnail-box\" >\n\t\t\t\t        <div class=\"ngg-gallery-thumbnail\">\n            <a href=\"http:\/\/www.karate-neuhofen.at\/wp-content\/gallery\/9-sommercamp-2017\/SC4097.JPG\"\n               title=\"\"\n               data-src=\"http:\/\/www.karate-neuhofen.at\/wp-content\/gallery\/9-sommercamp-2017\/SC4097.JPG\"\n               data-thumbnail=\"http:\/\/www.karate-neuhofen.at\/wp-content\/gallery\/9-sommercamp-2017\/thumbs\/thumbs_SC4097.JPG\"\n               data-image-id=\"16648\"\n               data-title=\"SC(4097)\"\n               data-description=\"\"\n               data-image-slug=\"sc4097\"\n               class=\"shutterset_6bd4a67f62a7de13e8a03aec327a2ec6\">\n                <img\n                    title=\"SC(4097)\"\n                    alt=\"SC(4097)\"\n                    src=\"http:\/\/www.karate-neuhofen.at\/wp-content\/gallery\/9-sommercamp-2017\/thumbs\/thumbs_SC4097.JPG\"\n                    width=\"240\"\n                    height=\"160\"\n                    style=\"max-width:100%;\"\n                \/>\n            <\/a>\n        <\/div>\n\t\t\t\t\t\t\t<\/div> \n\t\t\t\n        \n\t\t\t\t<div id=\"ngg-image-764\" class=\"ngg-gallery-thumbnail-box\" >\n\t\t\t\t        <div class=\"ngg-gallery-thumbnail\">\n            <a href=\"http:\/\/www.karate-neuhofen.at\/wp-content\/gallery\/9-sommercamp-2017\/SC4098.JPG\"\n               title=\"\"\n               data-src=\"http:\/\/www.karate-neuhofen.at\/wp-content\/gallery\/9-sommercamp-2017\/SC4098.JPG\"\n               data-thumbnail=\"http:\/\/www.karate-neuhofen.at\/wp-content\/gallery\/9-sommercamp-2017\/thumbs\/thumbs_SC4098.JPG\"\n               data-image-id=\"16649\"\n               data-title=\"SC(4098)\"\n               data-description=\"\"\n               data-image-slug=\"sc4098\"\n               class=\"shutterset_6bd4a67f62a7de13e8a03aec327a2ec6\">\n                <img\n                    title=\"SC(4098)\"\n                    alt=\"SC(4098)\"\n                    src=\"http:\/\/www.karate-neuhofen.at\/wp-content\/gallery\/9-sommercamp-2017\/thumbs\/thumbs_SC4098.JPG\"\n                    width=\"240\"\n                    height=\"160\"\n                    style=\"max-width:100%;\"\n                \/>\n            <\/a>\n        <\/div>\n\t\t\t\t\t\t\t<\/div> \n\t\t\t\n        \n\t\t\t\t<div id=\"ngg-image-765\" class=\"ngg-gallery-thumbnail-box\" >\n\t\t\t\t        <div class=\"ngg-gallery-thumbnail\">\n            <a href=\"http:\/\/www.karate-neuhofen.at\/wp-content\/gallery\/9-sommercamp-2017\/SC4099.JPG\"\n               title=\"\"\n               data-src=\"http:\/\/www.karate-neuhofen.at\/wp-content\/gallery\/9-sommercamp-2017\/SC4099.JPG\"\n               data-thumbnail=\"http:\/\/www.karate-neuhofen.at\/wp-content\/gallery\/9-sommercamp-2017\/thumbs\/thumbs_SC4099.JPG\"\n               data-image-id=\"16650\"\n               data-title=\"SC(4099)\"\n               data-description=\"\"\n               data-image-slug=\"sc4099\"\n               class=\"shutterset_6bd4a67f62a7de13e8a03aec327a2ec6\">\n                <img\n                    title=\"SC(4099)\"\n                    alt=\"SC(4099)\"\n                    src=\"http:\/\/www.karate-neuhofen.at\/wp-content\/gallery\/9-sommercamp-2017\/thumbs\/thumbs_SC4099.JPG\"\n                    width=\"240\"\n                    height=\"160\"\n                    style=\"max-width:100%;\"\n                \/>\n            <\/a>\n        <\/div>\n\t\t\t\t\t\t\t<\/div> \n\t\t\t\n        \n\t\t\t\t<div id=\"ngg-image-766\" class=\"ngg-gallery-thumbnail-box\" >\n\t\t\t\t        <div class=\"ngg-gallery-thumbnail\">\n            <a href=\"http:\/\/www.karate-neuhofen.at\/wp-content\/gallery\/9-sommercamp-2017\/SC4100.JPG\"\n               title=\"\"\n               data-src=\"http:\/\/www.karate-neuhofen.at\/wp-content\/gallery\/9-sommercamp-2017\/SC4100.JPG\"\n               data-thumbnail=\"http:\/\/www.karate-neuhofen.at\/wp-content\/gallery\/9-sommercamp-2017\/thumbs\/thumbs_SC4100.JPG\"\n               data-image-id=\"16651\"\n               data-title=\"SC(4100)\"\n               data-description=\"\"\n               data-image-slug=\"sc4100\"\n               class=\"shutterset_6bd4a67f62a7de13e8a03aec327a2ec6\">\n                <img\n                    title=\"SC(4100)\"\n                    alt=\"SC(4100)\"\n                    src=\"http:\/\/www.karate-neuhofen.at\/wp-content\/gallery\/9-sommercamp-2017\/thumbs\/thumbs_SC4100.JPG\"\n                    width=\"240\"\n                    height=\"160\"\n                    style=\"max-width:100%;\"\n                \/>\n            <\/a>\n        <\/div>\n\t\t\t\t\t\t\t<\/div> \n\t\t\t\n        \n\t\t\t\t<div id=\"ngg-image-767\" class=\"ngg-gallery-thumbnail-box\" >\n\t\t\t\t        <div class=\"ngg-gallery-thumbnail\">\n            <a href=\"http:\/\/www.karate-neuhofen.at\/wp-content\/gallery\/9-sommercamp-2017\/SC4101.JPG\"\n               title=\"\"\n               data-src=\"http:\/\/www.karate-neuhofen.at\/wp-content\/gallery\/9-sommercamp-2017\/SC4101.JPG\"\n               data-thumbnail=\"http:\/\/www.karate-neuhofen.at\/wp-content\/gallery\/9-sommercamp-2017\/thumbs\/thumbs_SC4101.JPG\"\n               data-image-id=\"16652\"\n               data-title=\"SC(4101)\"\n               data-description=\"\"\n               data-image-slug=\"sc4101\"\n               class=\"shutterset_6bd4a67f62a7de13e8a03aec327a2ec6\">\n                <img\n                    title=\"SC(4101)\"\n                    alt=\"SC(4101)\"\n                    src=\"http:\/\/www.karate-neuhofen.at\/wp-content\/gallery\/9-sommercamp-2017\/thumbs\/thumbs_SC4101.JPG\"\n                    width=\"240\"\n                    height=\"160\"\n                    style=\"max-width:100%;\"\n                \/>\n            <\/a>\n        <\/div>\n\t\t\t\t\t\t\t<\/div> \n\t\t\t\n        \n\t\t\t\t<div id=\"ngg-image-768\" class=\"ngg-gallery-thumbnail-box\" >\n\t\t\t\t        <div class=\"ngg-gallery-thumbnail\">\n            <a href=\"http:\/\/www.karate-neuhofen.at\/wp-content\/gallery\/9-sommercamp-2017\/SC4102.JPG\"\n               title=\"\"\n               data-src=\"http:\/\/www.karate-neuhofen.at\/wp-content\/gallery\/9-sommercamp-2017\/SC4102.JPG\"\n               data-thumbnail=\"http:\/\/www.karate-neuhofen.at\/wp-content\/gallery\/9-sommercamp-2017\/thumbs\/thumbs_SC4102.JPG\"\n               data-image-id=\"16653\"\n               data-title=\"SC(4102)\"\n               data-description=\"\"\n               data-image-slug=\"sc4102\"\n               class=\"shutterset_6bd4a67f62a7de13e8a03aec327a2ec6\">\n                <img\n                    title=\"SC(4102)\"\n                    alt=\"SC(4102)\"\n                    src=\"http:\/\/www.karate-neuhofen.at\/wp-content\/gallery\/9-sommercamp-2017\/thumbs\/thumbs_SC4102.JPG\"\n                    width=\"240\"\n                    height=\"160\"\n                    style=\"max-width:100%;\"\n                \/>\n            <\/a>\n        <\/div>\n\t\t\t\t\t\t\t<\/div> \n\t\t\t\n        \n\t\t\t\t<div id=\"ngg-image-769\" class=\"ngg-gallery-thumbnail-box\" >\n\t\t\t\t        <div class=\"ngg-gallery-thumbnail\">\n            <a href=\"http:\/\/www.karate-neuhofen.at\/wp-content\/gallery\/9-sommercamp-2017\/SC4103.JPG\"\n               title=\"\"\n               data-src=\"http:\/\/www.karate-neuhofen.at\/wp-content\/gallery\/9-sommercamp-2017\/SC4103.JPG\"\n               data-thumbnail=\"http:\/\/www.karate-neuhofen.at\/wp-content\/gallery\/9-sommercamp-2017\/thumbs\/thumbs_SC4103.JPG\"\n               data-image-id=\"16654\"\n               data-title=\"SC(4103)\"\n               data-description=\"\"\n               data-image-slug=\"sc4103\"\n               class=\"shutterset_6bd4a67f62a7de13e8a03aec327a2ec6\">\n                <img\n                    title=\"SC(4103)\"\n                    alt=\"SC(4103)\"\n                    src=\"http:\/\/www.karate-neuhofen.at\/wp-content\/gallery\/9-sommercamp-2017\/thumbs\/thumbs_SC4103.JPG\"\n                    width=\"240\"\n                    height=\"160\"\n                    style=\"max-width:100%;\"\n                \/>\n            <\/a>\n        <\/div>\n\t\t\t\t\t\t\t<\/div> \n\t\t\t\n        \n\t\t\t\t<div id=\"ngg-image-770\" class=\"ngg-gallery-thumbnail-box\" >\n\t\t\t\t        <div class=\"ngg-gallery-thumbnail\">\n            <a href=\"http:\/\/www.karate-neuhofen.at\/wp-content\/gallery\/9-sommercamp-2017\/SC4104.JPG\"\n               title=\"\"\n               data-src=\"http:\/\/www.karate-neuhofen.at\/wp-content\/gallery\/9-sommercamp-2017\/SC4104.JPG\"\n               data-thumbnail=\"http:\/\/www.karate-neuhofen.at\/wp-content\/gallery\/9-sommercamp-2017\/thumbs\/thumbs_SC4104.JPG\"\n               data-image-id=\"16655\"\n               data-title=\"SC(4104)\"\n               data-description=\"\"\n               data-image-slug=\"sc4104\"\n               class=\"shutterset_6bd4a67f62a7de13e8a03aec327a2ec6\">\n                <img\n                    title=\"SC(4104)\"\n                    alt=\"SC(4104)\"\n                    src=\"http:\/\/www.karate-neuhofen.at\/wp-content\/gallery\/9-sommercamp-2017\/thumbs\/thumbs_SC4104.JPG\"\n                    width=\"240\"\n                    height=\"160\"\n                    style=\"max-width:100%;\"\n                \/>\n            <\/a>\n        <\/div>\n\t\t\t\t\t\t\t<\/div> \n\t\t\t\n        \n\t\t\t\t<div id=\"ngg-image-771\" class=\"ngg-gallery-thumbnail-box\" >\n\t\t\t\t        <div class=\"ngg-gallery-thumbnail\">\n            <a href=\"http:\/\/www.karate-neuhofen.at\/wp-content\/gallery\/9-sommercamp-2017\/SC4105.JPG\"\n               title=\"\"\n               data-src=\"http:\/\/www.karate-neuhofen.at\/wp-content\/gallery\/9-sommercamp-2017\/SC4105.JPG\"\n               data-thumbnail=\"http:\/\/www.karate-neuhofen.at\/wp-content\/gallery\/9-sommercamp-2017\/thumbs\/thumbs_SC4105.JPG\"\n               data-image-id=\"16656\"\n               data-title=\"SC(4105)\"\n               data-description=\"\"\n               data-image-slug=\"sc4105\"\n               class=\"shutterset_6bd4a67f62a7de13e8a03aec327a2ec6\">\n                <img\n                    title=\"SC(4105)\"\n                    alt=\"SC(4105)\"\n                    src=\"http:\/\/www.karate-neuhofen.at\/wp-content\/gallery\/9-sommercamp-2017\/thumbs\/thumbs_SC4105.JPG\"\n                    width=\"240\"\n                    height=\"160\"\n                    style=\"max-width:100%;\"\n                \/>\n            <\/a>\n        <\/div>\n\t\t\t\t\t\t\t<\/div> \n\t\t\t\n        \n\t\t\t\t<div id=\"ngg-image-772\" class=\"ngg-gallery-thumbnail-box\" >\n\t\t\t\t        <div class=\"ngg-gallery-thumbnail\">\n            <a href=\"http:\/\/www.karate-neuhofen.at\/wp-content\/gallery\/9-sommercamp-2017\/SC4106.JPG\"\n               title=\"\"\n               data-src=\"http:\/\/www.karate-neuhofen.at\/wp-content\/gallery\/9-sommercamp-2017\/SC4106.JPG\"\n               data-thumbnail=\"http:\/\/www.karate-neuhofen.at\/wp-content\/gallery\/9-sommercamp-2017\/thumbs\/thumbs_SC4106.JPG\"\n               data-image-id=\"16657\"\n               data-title=\"SC(4106)\"\n               data-description=\"\"\n               data-image-slug=\"sc4106\"\n               class=\"shutterset_6bd4a67f62a7de13e8a03aec327a2ec6\">\n                <img\n                    title=\"SC(4106)\"\n                    alt=\"SC(4106)\"\n                    src=\"http:\/\/www.karate-neuhofen.at\/wp-content\/gallery\/9-sommercamp-2017\/thumbs\/thumbs_SC4106.JPG\"\n                    width=\"240\"\n                    height=\"160\"\n                    style=\"max-width:100%;\"\n                \/>\n            <\/a>\n        <\/div>\n\t\t\t\t\t\t\t<\/div> \n\t\t\t\n        \n\t\t\t\t<div id=\"ngg-image-773\" class=\"ngg-gallery-thumbnail-box\" >\n\t\t\t\t        <div class=\"ngg-gallery-thumbnail\">\n            <a href=\"http:\/\/www.karate-neuhofen.at\/wp-content\/gallery\/9-sommercamp-2017\/SC4107.JPG\"\n               title=\"\"\n               data-src=\"http:\/\/www.karate-neuhofen.at\/wp-content\/gallery\/9-sommercamp-2017\/SC4107.JPG\"\n               data-thumbnail=\"http:\/\/www.karate-neuhofen.at\/wp-content\/gallery\/9-sommercamp-2017\/thumbs\/thumbs_SC4107.JPG\"\n               data-image-id=\"16658\"\n               data-title=\"SC(4107)\"\n               data-description=\"\"\n               data-image-slug=\"sc4107\"\n               class=\"shutterset_6bd4a67f62a7de13e8a03aec327a2ec6\">\n                <img\n                    title=\"SC(4107)\"\n                    alt=\"SC(4107)\"\n                    src=\"http:\/\/www.karate-neuhofen.at\/wp-content\/gallery\/9-sommercamp-2017\/thumbs\/thumbs_SC4107.JPG\"\n                    width=\"240\"\n                    height=\"160\"\n                    style=\"max-width:100%;\"\n                \/>\n            <\/a>\n        <\/div>\n\t\t\t\t\t\t\t<\/div> \n\t\t\t\n        \n\t\t\t\t<div id=\"ngg-image-774\" class=\"ngg-gallery-thumbnail-box\" >\n\t\t\t\t        <div class=\"ngg-gallery-thumbnail\">\n            <a href=\"http:\/\/www.karate-neuhofen.at\/wp-content\/gallery\/9-sommercamp-2017\/SC4108.JPG\"\n               title=\"\"\n               data-src=\"http:\/\/www.karate-neuhofen.at\/wp-content\/gallery\/9-sommercamp-2017\/SC4108.JPG\"\n               data-thumbnail=\"http:\/\/www.karate-neuhofen.at\/wp-content\/gallery\/9-sommercamp-2017\/thumbs\/thumbs_SC4108.JPG\"\n               data-image-id=\"16659\"\n               data-title=\"SC(4108)\"\n               data-description=\"\"\n               data-image-slug=\"sc4108\"\n               class=\"shutterset_6bd4a67f62a7de13e8a03aec327a2ec6\">\n                <img\n                    title=\"SC(4108)\"\n                    alt=\"SC(4108)\"\n                    src=\"http:\/\/www.karate-neuhofen.at\/wp-content\/gallery\/9-sommercamp-2017\/thumbs\/thumbs_SC4108.JPG\"\n                    width=\"240\"\n                    height=\"160\"\n                    style=\"max-width:100%;\"\n                \/>\n            <\/a>\n        <\/div>\n\t\t\t\t\t\t\t<\/div> \n\t\t\t\n        \n\t\t\t\t<div id=\"ngg-image-775\" class=\"ngg-gallery-thumbnail-box\" >\n\t\t\t\t        <div class=\"ngg-gallery-thumbnail\">\n            <a href=\"http:\/\/www.karate-neuhofen.at\/wp-content\/gallery\/9-sommercamp-2017\/SC4109.JPG\"\n               title=\"\"\n               data-src=\"http:\/\/www.karate-neuhofen.at\/wp-content\/gallery\/9-sommercamp-2017\/SC4109.JPG\"\n               data-thumbnail=\"http:\/\/www.karate-neuhofen.at\/wp-content\/gallery\/9-sommercamp-2017\/thumbs\/thumbs_SC4109.JPG\"\n               data-image-id=\"16660\"\n               data-title=\"SC(4109)\"\n               data-description=\"\"\n               data-image-slug=\"sc4109\"\n               class=\"shutterset_6bd4a67f62a7de13e8a03aec327a2ec6\">\n                <img\n                    title=\"SC(4109)\"\n                    alt=\"SC(4109)\"\n                    src=\"http:\/\/www.karate-neuhofen.at\/wp-content\/gallery\/9-sommercamp-2017\/thumbs\/thumbs_SC4109.JPG\"\n                    width=\"240\"\n                    height=\"160\"\n                    style=\"max-width:100%;\"\n                \/>\n            <\/a>\n        <\/div>\n\t\t\t\t\t\t\t<\/div> \n\t\t\t\n        \n\t\t\t\t<div id=\"ngg-image-776\" class=\"ngg-gallery-thumbnail-box\" >\n\t\t\t\t        <div class=\"ngg-gallery-thumbnail\">\n            <a href=\"http:\/\/www.karate-neuhofen.at\/wp-content\/gallery\/9-sommercamp-2017\/SC4110.JPG\"\n               title=\"\"\n               data-src=\"http:\/\/www.karate-neuhofen.at\/wp-content\/gallery\/9-sommercamp-2017\/SC4110.JPG\"\n               data-thumbnail=\"http:\/\/www.karate-neuhofen.at\/wp-content\/gallery\/9-sommercamp-2017\/thumbs\/thumbs_SC4110.JPG\"\n               data-image-id=\"16661\"\n               data-title=\"SC(4110)\"\n               data-description=\"\"\n               data-image-slug=\"sc4110\"\n               class=\"shutterset_6bd4a67f62a7de13e8a03aec327a2ec6\">\n                <img\n                    title=\"SC(4110)\"\n                    alt=\"SC(4110)\"\n                    src=\"http:\/\/www.karate-neuhofen.at\/wp-content\/gallery\/9-sommercamp-2017\/thumbs\/thumbs_SC4110.JPG\"\n                    width=\"240\"\n                    height=\"160\"\n                    style=\"max-width:100%;\"\n                \/>\n            <\/a>\n        <\/div>\n\t\t\t\t\t\t\t<\/div> \n\t\t\t\n        \n\t\t\t\t<div id=\"ngg-image-777\" class=\"ngg-gallery-thumbnail-box\" >\n\t\t\t\t        <div class=\"ngg-gallery-thumbnail\">\n            <a href=\"http:\/\/www.karate-neuhofen.at\/wp-content\/gallery\/9-sommercamp-2017\/SC4111.JPG\"\n               title=\"\"\n               data-src=\"http:\/\/www.karate-neuhofen.at\/wp-content\/gallery\/9-sommercamp-2017\/SC4111.JPG\"\n               data-thumbnail=\"http:\/\/www.karate-neuhofen.at\/wp-content\/gallery\/9-sommercamp-2017\/thumbs\/thumbs_SC4111.JPG\"\n               data-image-id=\"16662\"\n               data-title=\"SC(4111)\"\n               data-description=\"\"\n               data-image-slug=\"sc4111\"\n               class=\"shutterset_6bd4a67f62a7de13e8a03aec327a2ec6\">\n                <img\n                    title=\"SC(4111)\"\n                    alt=\"SC(4111)\"\n                    src=\"http:\/\/www.karate-neuhofen.at\/wp-content\/gallery\/9-sommercamp-2017\/thumbs\/thumbs_SC4111.JPG\"\n                    width=\"240\"\n                    height=\"160\"\n                    style=\"max-width:100%;\"\n                \/>\n            <\/a>\n        <\/div>\n\t\t\t\t\t\t\t<\/div> \n\t\t\t\n        \n\t\t\t\t<div id=\"ngg-image-778\" class=\"ngg-gallery-thumbnail-box\" >\n\t\t\t\t        <div class=\"ngg-gallery-thumbnail\">\n            <a href=\"http:\/\/www.karate-neuhofen.at\/wp-content\/gallery\/9-sommercamp-2017\/SC4112.JPG\"\n               title=\"\"\n               data-src=\"http:\/\/www.karate-neuhofen.at\/wp-content\/gallery\/9-sommercamp-2017\/SC4112.JPG\"\n               data-thumbnail=\"http:\/\/www.karate-neuhofen.at\/wp-content\/gallery\/9-sommercamp-2017\/thumbs\/thumbs_SC4112.JPG\"\n               data-image-id=\"16663\"\n               data-title=\"SC(4112)\"\n               data-description=\"\"\n               data-image-slug=\"sc4112\"\n               class=\"shutterset_6bd4a67f62a7de13e8a03aec327a2ec6\">\n                <img\n                    title=\"SC(4112)\"\n                    alt=\"SC(4112)\"\n                    src=\"http:\/\/www.karate-neuhofen.at\/wp-content\/gallery\/9-sommercamp-2017\/thumbs\/thumbs_SC4112.JPG\"\n                    width=\"240\"\n                    height=\"160\"\n                    style=\"max-width:100%;\"\n                \/>\n            <\/a>\n        <\/div>\n\t\t\t\t\t\t\t<\/div> \n\t\t\t\n        \n\t\t\t\t<div id=\"ngg-image-779\" class=\"ngg-gallery-thumbnail-box\" >\n\t\t\t\t        <div class=\"ngg-gallery-thumbnail\">\n            <a href=\"http:\/\/www.karate-neuhofen.at\/wp-content\/gallery\/9-sommercamp-2017\/SC4113.JPG\"\n               title=\"\"\n               data-src=\"http:\/\/www.karate-neuhofen.at\/wp-content\/gallery\/9-sommercamp-2017\/SC4113.JPG\"\n               data-thumbnail=\"http:\/\/www.karate-neuhofen.at\/wp-content\/gallery\/9-sommercamp-2017\/thumbs\/thumbs_SC4113.JPG\"\n               data-image-id=\"16664\"\n               data-title=\"SC(4113)\"\n               data-description=\"\"\n               data-image-slug=\"sc4113\"\n               class=\"shutterset_6bd4a67f62a7de13e8a03aec327a2ec6\">\n                <img\n                    title=\"SC(4113)\"\n                    alt=\"SC(4113)\"\n                    src=\"http:\/\/www.karate-neuhofen.at\/wp-content\/gallery\/9-sommercamp-2017\/thumbs\/thumbs_SC4113.JPG\"\n                    width=\"240\"\n                    height=\"160\"\n                    style=\"max-width:100%;\"\n                \/>\n            <\/a>\n        <\/div>\n\t\t\t\t\t\t\t<\/div> \n\t\t\t\n        \n\t\t\t\t<div id=\"ngg-image-780\" class=\"ngg-gallery-thumbnail-box\" >\n\t\t\t\t        <div class=\"ngg-gallery-thumbnail\">\n            <a href=\"http:\/\/www.karate-neuhofen.at\/wp-content\/gallery\/9-sommercamp-2017\/SC4114.JPG\"\n               title=\"\"\n               data-src=\"http:\/\/www.karate-neuhofen.at\/wp-content\/gallery\/9-sommercamp-2017\/SC4114.JPG\"\n               data-thumbnail=\"http:\/\/www.karate-neuhofen.at\/wp-content\/gallery\/9-sommercamp-2017\/thumbs\/thumbs_SC4114.JPG\"\n               data-image-id=\"16665\"\n               data-title=\"SC(4114)\"\n               data-description=\"\"\n               data-image-slug=\"sc4114\"\n               class=\"shutterset_6bd4a67f62a7de13e8a03aec327a2ec6\">\n                <img\n                    title=\"SC(4114)\"\n                    alt=\"SC(4114)\"\n                    src=\"http:\/\/www.karate-neuhofen.at\/wp-content\/gallery\/9-sommercamp-2017\/thumbs\/thumbs_SC4114.JPG\"\n                    width=\"240\"\n                    height=\"160\"\n                    style=\"max-width:100%;\"\n                \/>\n            <\/a>\n        <\/div>\n\t\t\t\t\t\t\t<\/div> \n\t\t\t\n        \n\t\t\t\t<div id=\"ngg-image-781\" class=\"ngg-gallery-thumbnail-box\" >\n\t\t\t\t        <div class=\"ngg-gallery-thumbnail\">\n            <a href=\"http:\/\/www.karate-neuhofen.at\/wp-content\/gallery\/9-sommercamp-2017\/SC4115.JPG\"\n               title=\"\"\n               data-src=\"http:\/\/www.karate-neuhofen.at\/wp-content\/gallery\/9-sommercamp-2017\/SC4115.JPG\"\n               data-thumbnail=\"http:\/\/www.karate-neuhofen.at\/wp-content\/gallery\/9-sommercamp-2017\/thumbs\/thumbs_SC4115.JPG\"\n               data-image-id=\"16666\"\n               data-title=\"SC(4115)\"\n               data-description=\"\"\n               data-image-slug=\"sc4115\"\n               class=\"shutterset_6bd4a67f62a7de13e8a03aec327a2ec6\">\n                <img\n                    title=\"SC(4115)\"\n                    alt=\"SC(4115)\"\n                    src=\"http:\/\/www.karate-neuhofen.at\/wp-content\/gallery\/9-sommercamp-2017\/thumbs\/thumbs_SC4115.JPG\"\n                    width=\"240\"\n                    height=\"160\"\n                    style=\"max-width:100%;\"\n                \/>\n            <\/a>\n        <\/div>\n\t\t\t\t\t\t\t<\/div> \n\t\t\t\n        \n\t\t\t\t<div id=\"ngg-image-782\" class=\"ngg-gallery-thumbnail-box\" >\n\t\t\t\t        <div class=\"ngg-gallery-thumbnail\">\n            <a href=\"http:\/\/www.karate-neuhofen.at\/wp-content\/gallery\/9-sommercamp-2017\/SC4116.JPG\"\n               title=\"\"\n               data-src=\"http:\/\/www.karate-neuhofen.at\/wp-content\/gallery\/9-sommercamp-2017\/SC4116.JPG\"\n               data-thumbnail=\"http:\/\/www.karate-neuhofen.at\/wp-content\/gallery\/9-sommercamp-2017\/thumbs\/thumbs_SC4116.JPG\"\n               data-image-id=\"16667\"\n               data-title=\"SC(4116)\"\n               data-description=\"\"\n               data-image-slug=\"sc4116\"\n               class=\"shutterset_6bd4a67f62a7de13e8a03aec327a2ec6\">\n                <img\n                    title=\"SC(4116)\"\n                    alt=\"SC(4116)\"\n                    src=\"http:\/\/www.karate-neuhofen.at\/wp-content\/gallery\/9-sommercamp-2017\/thumbs\/thumbs_SC4116.JPG\"\n                    width=\"240\"\n                    height=\"160\"\n                    style=\"max-width:100%;\"\n                \/>\n            <\/a>\n        <\/div>\n\t\t\t\t\t\t\t<\/div> \n\t\t\t\n        \n\t\t\t\t<div id=\"ngg-image-783\" class=\"ngg-gallery-thumbnail-box\" >\n\t\t\t\t        <div class=\"ngg-gallery-thumbnail\">\n            <a href=\"http:\/\/www.karate-neuhofen.at\/wp-content\/gallery\/9-sommercamp-2017\/SC4117.JPG\"\n               title=\"\"\n               data-src=\"http:\/\/www.karate-neuhofen.at\/wp-content\/gallery\/9-sommercamp-2017\/SC4117.JPG\"\n               data-thumbnail=\"http:\/\/www.karate-neuhofen.at\/wp-content\/gallery\/9-sommercamp-2017\/thumbs\/thumbs_SC4117.JPG\"\n               data-image-id=\"16668\"\n               data-title=\"SC(4117)\"\n               data-description=\"\"\n               data-image-slug=\"sc4117\"\n               class=\"shutterset_6bd4a67f62a7de13e8a03aec327a2ec6\">\n                <img\n                    title=\"SC(4117)\"\n                    alt=\"SC(4117)\"\n                    src=\"http:\/\/www.karate-neuhofen.at\/wp-content\/gallery\/9-sommercamp-2017\/thumbs\/thumbs_SC4117.JPG\"\n                    width=\"240\"\n                    height=\"160\"\n                    style=\"max-width:100%;\"\n                \/>\n            <\/a>\n        <\/div>\n\t\t\t\t\t\t\t<\/div> \n\t\t\t\n        \n\t\t\t\t<div id=\"ngg-image-784\" class=\"ngg-gallery-thumbnail-box\" >\n\t\t\t\t        <div class=\"ngg-gallery-thumbnail\">\n            <a href=\"http:\/\/www.karate-neuhofen.at\/wp-content\/gallery\/9-sommercamp-2017\/SC4118.JPG\"\n               title=\"\"\n               data-src=\"http:\/\/www.karate-neuhofen.at\/wp-content\/gallery\/9-sommercamp-2017\/SC4118.JPG\"\n               data-thumbnail=\"http:\/\/www.karate-neuhofen.at\/wp-content\/gallery\/9-sommercamp-2017\/thumbs\/thumbs_SC4118.JPG\"\n               data-image-id=\"16669\"\n               data-title=\"SC(4118)\"\n               data-description=\"\"\n               data-image-slug=\"sc4118\"\n               class=\"shutterset_6bd4a67f62a7de13e8a03aec327a2ec6\">\n                <img\n                    title=\"SC(4118)\"\n                    alt=\"SC(4118)\"\n                    src=\"http:\/\/www.karate-neuhofen.at\/wp-content\/gallery\/9-sommercamp-2017\/thumbs\/thumbs_SC4118.JPG\"\n                    width=\"240\"\n                    height=\"160\"\n                    style=\"max-width:100%;\"\n                \/>\n            <\/a>\n        <\/div>\n\t\t\t\t\t\t\t<\/div> \n\t\t\t\n        \n\t\t\t\t<div id=\"ngg-image-785\" class=\"ngg-gallery-thumbnail-box\" >\n\t\t\t\t        <div class=\"ngg-gallery-thumbnail\">\n            <a href=\"http:\/\/www.karate-neuhofen.at\/wp-content\/gallery\/9-sommercamp-2017\/SC4119.JPG\"\n               title=\"\"\n               data-src=\"http:\/\/www.karate-neuhofen.at\/wp-content\/gallery\/9-sommercamp-2017\/SC4119.JPG\"\n               data-thumbnail=\"http:\/\/www.karate-neuhofen.at\/wp-content\/gallery\/9-sommercamp-2017\/thumbs\/thumbs_SC4119.JPG\"\n               data-image-id=\"16670\"\n               data-title=\"SC(4119)\"\n               data-description=\"\"\n               data-image-slug=\"sc4119\"\n               class=\"shutterset_6bd4a67f62a7de13e8a03aec327a2ec6\">\n                <img\n                    title=\"SC(4119)\"\n                    alt=\"SC(4119)\"\n                    src=\"http:\/\/www.karate-neuhofen.at\/wp-content\/gallery\/9-sommercamp-2017\/thumbs\/thumbs_SC4119.JPG\"\n                    width=\"240\"\n                    height=\"160\"\n                    style=\"max-width:100%;\"\n                \/>\n            <\/a>\n        <\/div>\n\t\t\t\t\t\t\t<\/div> \n\t\t\t\n        \n\t\t\t\t<div id=\"ngg-image-786\" class=\"ngg-gallery-thumbnail-box\" >\n\t\t\t\t        <div class=\"ngg-gallery-thumbnail\">\n            <a href=\"http:\/\/www.karate-neuhofen.at\/wp-content\/gallery\/9-sommercamp-2017\/SC4120.JPG\"\n               title=\"\"\n               data-src=\"http:\/\/www.karate-neuhofen.at\/wp-content\/gallery\/9-sommercamp-2017\/SC4120.JPG\"\n               data-thumbnail=\"http:\/\/www.karate-neuhofen.at\/wp-content\/gallery\/9-sommercamp-2017\/thumbs\/thumbs_SC4120.JPG\"\n               data-image-id=\"16671\"\n               data-title=\"SC(4120)\"\n               data-description=\"\"\n               data-image-slug=\"sc4120\"\n               class=\"shutterset_6bd4a67f62a7de13e8a03aec327a2ec6\">\n                <img\n                    title=\"SC(4120)\"\n                    alt=\"SC(4120)\"\n                    src=\"http:\/\/www.karate-neuhofen.at\/wp-content\/gallery\/9-sommercamp-2017\/thumbs\/thumbs_SC4120.JPG\"\n                    width=\"240\"\n                    height=\"160\"\n                    style=\"max-width:100%;\"\n                \/>\n            <\/a>\n        <\/div>\n\t\t\t\t\t\t\t<\/div> \n\t\t\t\n        \n\t\t\t\t<div id=\"ngg-image-787\" class=\"ngg-gallery-thumbnail-box\" >\n\t\t\t\t        <div class=\"ngg-gallery-thumbnail\">\n            <a href=\"http:\/\/www.karate-neuhofen.at\/wp-content\/gallery\/9-sommercamp-2017\/SC4121.JPG\"\n               title=\"\"\n               data-src=\"http:\/\/www.karate-neuhofen.at\/wp-content\/gallery\/9-sommercamp-2017\/SC4121.JPG\"\n               data-thumbnail=\"http:\/\/www.karate-neuhofen.at\/wp-content\/gallery\/9-sommercamp-2017\/thumbs\/thumbs_SC4121.JPG\"\n               data-image-id=\"16672\"\n               data-title=\"SC(4121)\"\n               data-description=\"\"\n               data-image-slug=\"sc4121\"\n               class=\"shutterset_6bd4a67f62a7de13e8a03aec327a2ec6\">\n                <img\n                    title=\"SC(4121)\"\n                    alt=\"SC(4121)\"\n                    src=\"http:\/\/www.karate-neuhofen.at\/wp-content\/gallery\/9-sommercamp-2017\/thumbs\/thumbs_SC4121.JPG\"\n                    width=\"240\"\n                    height=\"160\"\n                    style=\"max-width:100%;\"\n                \/>\n            <\/a>\n        <\/div>\n\t\t\t\t\t\t\t<\/div> \n\t\t\t\n        \n\t\t\t\t<div id=\"ngg-image-788\" class=\"ngg-gallery-thumbnail-box\" >\n\t\t\t\t        <div class=\"ngg-gallery-thumbnail\">\n            <a href=\"http:\/\/www.karate-neuhofen.at\/wp-content\/gallery\/9-sommercamp-2017\/SC4122.JPG\"\n               title=\"\"\n               data-src=\"http:\/\/www.karate-neuhofen.at\/wp-content\/gallery\/9-sommercamp-2017\/SC4122.JPG\"\n               data-thumbnail=\"http:\/\/www.karate-neuhofen.at\/wp-content\/gallery\/9-sommercamp-2017\/thumbs\/thumbs_SC4122.JPG\"\n               data-image-id=\"16673\"\n               data-title=\"SC(4122)\"\n               data-description=\"\"\n               data-image-slug=\"sc4122\"\n               class=\"shutterset_6bd4a67f62a7de13e8a03aec327a2ec6\">\n                <img\n                    title=\"SC(4122)\"\n                    alt=\"SC(4122)\"\n                    src=\"http:\/\/www.karate-neuhofen.at\/wp-content\/gallery\/9-sommercamp-2017\/thumbs\/thumbs_SC4122.JPG\"\n                    width=\"240\"\n                    height=\"160\"\n                    style=\"max-width:100%;\"\n                \/>\n            <\/a>\n        <\/div>\n\t\t\t\t\t\t\t<\/div> \n\t\t\t\n        \n\t\t\t\t<div id=\"ngg-image-789\" class=\"ngg-gallery-thumbnail-box\" >\n\t\t\t\t        <div class=\"ngg-gallery-thumbnail\">\n            <a href=\"http:\/\/www.karate-neuhofen.at\/wp-content\/gallery\/9-sommercamp-2017\/SC5001.JPG\"\n               title=\"\"\n               data-src=\"http:\/\/www.karate-neuhofen.at\/wp-content\/gallery\/9-sommercamp-2017\/SC5001.JPG\"\n               data-thumbnail=\"http:\/\/www.karate-neuhofen.at\/wp-content\/gallery\/9-sommercamp-2017\/thumbs\/thumbs_SC5001.JPG\"\n               data-image-id=\"16674\"\n               data-title=\"SC(5001)\"\n               data-description=\"\"\n               data-image-slug=\"sc5001\"\n               class=\"shutterset_6bd4a67f62a7de13e8a03aec327a2ec6\">\n                <img\n                    title=\"SC(5001)\"\n                    alt=\"SC(5001)\"\n                    src=\"http:\/\/www.karate-neuhofen.at\/wp-content\/gallery\/9-sommercamp-2017\/thumbs\/thumbs_SC5001.JPG\"\n                    width=\"240\"\n                    height=\"160\"\n                    style=\"max-width:100%;\"\n                \/>\n            <\/a>\n        <\/div>\n\t\t\t\t\t\t\t<\/div> \n\t\t\t\n        \n\t\t\t\t<div id=\"ngg-image-790\" class=\"ngg-gallery-thumbnail-box\" >\n\t\t\t\t        <div class=\"ngg-gallery-thumbnail\">\n            <a href=\"http:\/\/www.karate-neuhofen.at\/wp-content\/gallery\/9-sommercamp-2017\/SC5002.JPG\"\n               title=\"\"\n               data-src=\"http:\/\/www.karate-neuhofen.at\/wp-content\/gallery\/9-sommercamp-2017\/SC5002.JPG\"\n               data-thumbnail=\"http:\/\/www.karate-neuhofen.at\/wp-content\/gallery\/9-sommercamp-2017\/thumbs\/thumbs_SC5002.JPG\"\n               data-image-id=\"16675\"\n               data-title=\"SC(5002)\"\n               data-description=\"\"\n               data-image-slug=\"sc5002\"\n               class=\"shutterset_6bd4a67f62a7de13e8a03aec327a2ec6\">\n                <img\n                    title=\"SC(5002)\"\n                    alt=\"SC(5002)\"\n                    src=\"http:\/\/www.karate-neuhofen.at\/wp-content\/gallery\/9-sommercamp-2017\/thumbs\/thumbs_SC5002.JPG\"\n                    width=\"240\"\n                    height=\"160\"\n                    style=\"max-width:100%;\"\n                \/>\n            <\/a>\n        <\/div>\n\t\t\t\t\t\t\t<\/div> \n\t\t\t\n        \n\t\t\t\t<div id=\"ngg-image-791\" class=\"ngg-gallery-thumbnail-box\" >\n\t\t\t\t        <div class=\"ngg-gallery-thumbnail\">\n            <a href=\"http:\/\/www.karate-neuhofen.at\/wp-content\/gallery\/9-sommercamp-2017\/SC5003.JPG\"\n               title=\"\"\n               data-src=\"http:\/\/www.karate-neuhofen.at\/wp-content\/gallery\/9-sommercamp-2017\/SC5003.JPG\"\n               data-thumbnail=\"http:\/\/www.karate-neuhofen.at\/wp-content\/gallery\/9-sommercamp-2017\/thumbs\/thumbs_SC5003.JPG\"\n               data-image-id=\"16676\"\n               data-title=\"SC(5003)\"\n               data-description=\"\"\n               data-image-slug=\"sc5003\"\n               class=\"shutterset_6bd4a67f62a7de13e8a03aec327a2ec6\">\n                <img\n                    title=\"SC(5003)\"\n                    alt=\"SC(5003)\"\n                    src=\"http:\/\/www.karate-neuhofen.at\/wp-content\/gallery\/9-sommercamp-2017\/thumbs\/thumbs_SC5003.JPG\"\n                    width=\"240\"\n                    height=\"160\"\n                    style=\"max-width:100%;\"\n                \/>\n            <\/a>\n        <\/div>\n\t\t\t\t\t\t\t<\/div> \n\t\t\t\n        \n\t\t\t\t<div id=\"ngg-image-792\" class=\"ngg-gallery-thumbnail-box\" >\n\t\t\t\t        <div class=\"ngg-gallery-thumbnail\">\n            <a href=\"http:\/\/www.karate-neuhofen.at\/wp-content\/gallery\/9-sommercamp-2017\/SC5004.JPG\"\n               title=\"\"\n               data-src=\"http:\/\/www.karate-neuhofen.at\/wp-content\/gallery\/9-sommercamp-2017\/SC5004.JPG\"\n               data-thumbnail=\"http:\/\/www.karate-neuhofen.at\/wp-content\/gallery\/9-sommercamp-2017\/thumbs\/thumbs_SC5004.JPG\"\n               data-image-id=\"16677\"\n               data-title=\"SC(5004)\"\n               data-description=\"\"\n               data-image-slug=\"sc5004\"\n               class=\"shutterset_6bd4a67f62a7de13e8a03aec327a2ec6\">\n                <img\n                    title=\"SC(5004)\"\n                    alt=\"SC(5004)\"\n                    src=\"http:\/\/www.karate-neuhofen.at\/wp-content\/gallery\/9-sommercamp-2017\/thumbs\/thumbs_SC5004.JPG\"\n                    width=\"240\"\n                    height=\"160\"\n                    style=\"max-width:100%;\"\n                \/>\n            <\/a>\n        <\/div>\n\t\t\t\t\t\t\t<\/div> \n\t\t\t\n        \n\t\t\t\t<div id=\"ngg-image-793\" class=\"ngg-gallery-thumbnail-box\" >\n\t\t\t\t        <div class=\"ngg-gallery-thumbnail\">\n            <a href=\"http:\/\/www.karate-neuhofen.at\/wp-content\/gallery\/9-sommercamp-2017\/SC5005.JPG\"\n               title=\"\"\n               data-src=\"http:\/\/www.karate-neuhofen.at\/wp-content\/gallery\/9-sommercamp-2017\/SC5005.JPG\"\n               data-thumbnail=\"http:\/\/www.karate-neuhofen.at\/wp-content\/gallery\/9-sommercamp-2017\/thumbs\/thumbs_SC5005.JPG\"\n               data-image-id=\"16678\"\n               data-title=\"SC(5005)\"\n               data-description=\"\"\n               data-image-slug=\"sc5005\"\n               class=\"shutterset_6bd4a67f62a7de13e8a03aec327a2ec6\">\n                <img\n                    title=\"SC(5005)\"\n                    alt=\"SC(5005)\"\n                    src=\"http:\/\/www.karate-neuhofen.at\/wp-content\/gallery\/9-sommercamp-2017\/thumbs\/thumbs_SC5005.JPG\"\n                    width=\"240\"\n                    height=\"160\"\n                    style=\"max-width:100%;\"\n                \/>\n            <\/a>\n        <\/div>\n\t\t\t\t\t\t\t<\/div> \n\t\t\t\n        \n\t\t\t\t<div id=\"ngg-image-794\" class=\"ngg-gallery-thumbnail-box\" >\n\t\t\t\t        <div class=\"ngg-gallery-thumbnail\">\n            <a href=\"http:\/\/www.karate-neuhofen.at\/wp-content\/gallery\/9-sommercamp-2017\/SC5006.JPG\"\n               title=\"\"\n               data-src=\"http:\/\/www.karate-neuhofen.at\/wp-content\/gallery\/9-sommercamp-2017\/SC5006.JPG\"\n               data-thumbnail=\"http:\/\/www.karate-neuhofen.at\/wp-content\/gallery\/9-sommercamp-2017\/thumbs\/thumbs_SC5006.JPG\"\n               data-image-id=\"16679\"\n               data-title=\"SC(5006)\"\n               data-description=\"\"\n               data-image-slug=\"sc5006\"\n               class=\"shutterset_6bd4a67f62a7de13e8a03aec327a2ec6\">\n                <img\n                    title=\"SC(5006)\"\n                    alt=\"SC(5006)\"\n                    src=\"http:\/\/www.karate-neuhofen.at\/wp-content\/gallery\/9-sommercamp-2017\/thumbs\/thumbs_SC5006.JPG\"\n                    width=\"240\"\n                    height=\"160\"\n                    style=\"max-width:100%;\"\n                \/>\n            <\/a>\n        <\/div>\n\t\t\t\t\t\t\t<\/div> \n\t\t\t\n        \n\t\t\t\t<div id=\"ngg-image-795\" class=\"ngg-gallery-thumbnail-box\" >\n\t\t\t\t        <div class=\"ngg-gallery-thumbnail\">\n            <a href=\"http:\/\/www.karate-neuhofen.at\/wp-content\/gallery\/9-sommercamp-2017\/SC5007.JPG\"\n               title=\"\"\n               data-src=\"http:\/\/www.karate-neuhofen.at\/wp-content\/gallery\/9-sommercamp-2017\/SC5007.JPG\"\n               data-thumbnail=\"http:\/\/www.karate-neuhofen.at\/wp-content\/gallery\/9-sommercamp-2017\/thumbs\/thumbs_SC5007.JPG\"\n               data-image-id=\"16680\"\n               data-title=\"SC(5007)\"\n               data-description=\"\"\n               data-image-slug=\"sc5007\"\n               class=\"shutterset_6bd4a67f62a7de13e8a03aec327a2ec6\">\n                <img\n                    title=\"SC(5007)\"\n                    alt=\"SC(5007)\"\n                    src=\"http:\/\/www.karate-neuhofen.at\/wp-content\/gallery\/9-sommercamp-2017\/thumbs\/thumbs_SC5007.JPG\"\n                    width=\"240\"\n                    height=\"160\"\n                    style=\"max-width:100%;\"\n                \/>\n            <\/a>\n        <\/div>\n\t\t\t\t\t\t\t<\/div> \n\t\t\t\n        \n\t\t\t\t<div id=\"ngg-image-796\" class=\"ngg-gallery-thumbnail-box\" >\n\t\t\t\t        <div class=\"ngg-gallery-thumbnail\">\n            <a href=\"http:\/\/www.karate-neuhofen.at\/wp-content\/gallery\/9-sommercamp-2017\/SC5008.JPG\"\n               title=\"\"\n               data-src=\"http:\/\/www.karate-neuhofen.at\/wp-content\/gallery\/9-sommercamp-2017\/SC5008.JPG\"\n               data-thumbnail=\"http:\/\/www.karate-neuhofen.at\/wp-content\/gallery\/9-sommercamp-2017\/thumbs\/thumbs_SC5008.JPG\"\n               data-image-id=\"16681\"\n               data-title=\"SC(5008)\"\n               data-description=\"\"\n               data-image-slug=\"sc5008\"\n               class=\"shutterset_6bd4a67f62a7de13e8a03aec327a2ec6\">\n                <img\n                    title=\"SC(5008)\"\n                    alt=\"SC(5008)\"\n                    src=\"http:\/\/www.karate-neuhofen.at\/wp-content\/gallery\/9-sommercamp-2017\/thumbs\/thumbs_SC5008.JPG\"\n                    width=\"240\"\n                    height=\"160\"\n                    style=\"max-width:100%;\"\n                \/>\n            <\/a>\n        <\/div>\n\t\t\t\t\t\t\t<\/div> \n\t\t\t\n        \n\t\t\t\t<div id=\"ngg-image-797\" class=\"ngg-gallery-thumbnail-box\" >\n\t\t\t\t        <div class=\"ngg-gallery-thumbnail\">\n            <a href=\"http:\/\/www.karate-neuhofen.at\/wp-content\/gallery\/9-sommercamp-2017\/SC5009.JPG\"\n               title=\"\"\n               data-src=\"http:\/\/www.karate-neuhofen.at\/wp-content\/gallery\/9-sommercamp-2017\/SC5009.JPG\"\n               data-thumbnail=\"http:\/\/www.karate-neuhofen.at\/wp-content\/gallery\/9-sommercamp-2017\/thumbs\/thumbs_SC5009.JPG\"\n               data-image-id=\"16682\"\n               data-title=\"SC(5009)\"\n               data-description=\"\"\n               data-image-slug=\"sc5009\"\n               class=\"shutterset_6bd4a67f62a7de13e8a03aec327a2ec6\">\n                <img\n                    title=\"SC(5009)\"\n                    alt=\"SC(5009)\"\n                    src=\"http:\/\/www.karate-neuhofen.at\/wp-content\/gallery\/9-sommercamp-2017\/thumbs\/thumbs_SC5009.JPG\"\n                    width=\"240\"\n                    height=\"160\"\n                    style=\"max-width:100%;\"\n                \/>\n            <\/a>\n        <\/div>\n\t\t\t\t\t\t\t<\/div> \n\t\t\t\n        \n\t\t\t\t<div id=\"ngg-image-798\" class=\"ngg-gallery-thumbnail-box\" >\n\t\t\t\t        <div class=\"ngg-gallery-thumbnail\">\n            <a href=\"http:\/\/www.karate-neuhofen.at\/wp-content\/gallery\/9-sommercamp-2017\/SC5010.JPG\"\n               title=\"\"\n               data-src=\"http:\/\/www.karate-neuhofen.at\/wp-content\/gallery\/9-sommercamp-2017\/SC5010.JPG\"\n               data-thumbnail=\"http:\/\/www.karate-neuhofen.at\/wp-content\/gallery\/9-sommercamp-2017\/thumbs\/thumbs_SC5010.JPG\"\n               data-image-id=\"16683\"\n               data-title=\"SC(5010)\"\n               data-description=\"\"\n               data-image-slug=\"sc5010\"\n               class=\"shutterset_6bd4a67f62a7de13e8a03aec327a2ec6\">\n                <img\n                    title=\"SC(5010)\"\n                    alt=\"SC(5010)\"\n                    src=\"http:\/\/www.karate-neuhofen.at\/wp-content\/gallery\/9-sommercamp-2017\/thumbs\/thumbs_SC5010.JPG\"\n                    width=\"240\"\n                    height=\"160\"\n                    style=\"max-width:100%;\"\n                \/>\n            <\/a>\n        <\/div>\n\t\t\t\t\t\t\t<\/div> \n\t\t\t\n        \n\t\t\t\t<div id=\"ngg-image-799\" class=\"ngg-gallery-thumbnail-box\" >\n\t\t\t\t        <div class=\"ngg-gallery-thumbnail\">\n            <a href=\"http:\/\/www.karate-neuhofen.at\/wp-content\/gallery\/9-sommercamp-2017\/SC5011.JPG\"\n               title=\"\"\n               data-src=\"http:\/\/www.karate-neuhofen.at\/wp-content\/gallery\/9-sommercamp-2017\/SC5011.JPG\"\n               data-thumbnail=\"http:\/\/www.karate-neuhofen.at\/wp-content\/gallery\/9-sommercamp-2017\/thumbs\/thumbs_SC5011.JPG\"\n               data-image-id=\"16684\"\n               data-title=\"SC(5011)\"\n               data-description=\"\"\n               data-image-slug=\"sc5011\"\n               class=\"shutterset_6bd4a67f62a7de13e8a03aec327a2ec6\">\n                <img\n                    title=\"SC(5011)\"\n                    alt=\"SC(5011)\"\n                    src=\"http:\/\/www.karate-neuhofen.at\/wp-content\/gallery\/9-sommercamp-2017\/thumbs\/thumbs_SC5011.JPG\"\n                    width=\"240\"\n                    height=\"160\"\n                    style=\"max-width:100%;\"\n                \/>\n            <\/a>\n        <\/div>\n\t\t\t\t\t\t\t<\/div> \n\t\t\t\n        \n\t\t\t\t<div id=\"ngg-image-800\" class=\"ngg-gallery-thumbnail-box\" >\n\t\t\t\t        <div class=\"ngg-gallery-thumbnail\">\n            <a href=\"http:\/\/www.karate-neuhofen.at\/wp-content\/gallery\/9-sommercamp-2017\/SC5012.JPG\"\n               title=\"\"\n               data-src=\"http:\/\/www.karate-neuhofen.at\/wp-content\/gallery\/9-sommercamp-2017\/SC5012.JPG\"\n               data-thumbnail=\"http:\/\/www.karate-neuhofen.at\/wp-content\/gallery\/9-sommercamp-2017\/thumbs\/thumbs_SC5012.JPG\"\n               data-image-id=\"16685\"\n               data-title=\"SC(5012)\"\n               data-description=\"\"\n               data-image-slug=\"sc5012\"\n               class=\"shutterset_6bd4a67f62a7de13e8a03aec327a2ec6\">\n                <img\n                    title=\"SC(5012)\"\n                    alt=\"SC(5012)\"\n                    src=\"http:\/\/www.karate-neuhofen.at\/wp-content\/gallery\/9-sommercamp-2017\/thumbs\/thumbs_SC5012.JPG\"\n                    width=\"240\"\n                    height=\"160\"\n                    style=\"max-width:100%;\"\n                \/>\n            <\/a>\n        <\/div>\n\t\t\t\t\t\t\t<\/div> \n\t\t\t\n        \n\t\t\t\t<div id=\"ngg-image-801\" class=\"ngg-gallery-thumbnail-box\" >\n\t\t\t\t        <div class=\"ngg-gallery-thumbnail\">\n            <a href=\"http:\/\/www.karate-neuhofen.at\/wp-content\/gallery\/9-sommercamp-2017\/SC5013.JPG\"\n               title=\"\"\n               data-src=\"http:\/\/www.karate-neuhofen.at\/wp-content\/gallery\/9-sommercamp-2017\/SC5013.JPG\"\n               data-thumbnail=\"http:\/\/www.karate-neuhofen.at\/wp-content\/gallery\/9-sommercamp-2017\/thumbs\/thumbs_SC5013.JPG\"\n               data-image-id=\"16686\"\n               data-title=\"SC(5013)\"\n               data-description=\"\"\n               data-image-slug=\"sc5013\"\n               class=\"shutterset_6bd4a67f62a7de13e8a03aec327a2ec6\">\n                <img\n                    title=\"SC(5013)\"\n                    alt=\"SC(5013)\"\n                    src=\"http:\/\/www.karate-neuhofen.at\/wp-content\/gallery\/9-sommercamp-2017\/thumbs\/thumbs_SC5013.JPG\"\n                    width=\"240\"\n                    height=\"160\"\n                    style=\"max-width:100%;\"\n                \/>\n            <\/a>\n        <\/div>\n\t\t\t\t\t\t\t<\/div> \n\t\t\t\n        \n\t\t\t\t<div id=\"ngg-image-802\" class=\"ngg-gallery-thumbnail-box\" >\n\t\t\t\t        <div class=\"ngg-gallery-thumbnail\">\n            <a href=\"http:\/\/www.karate-neuhofen.at\/wp-content\/gallery\/9-sommercamp-2017\/SC5014.JPG\"\n               title=\"\"\n               data-src=\"http:\/\/www.karate-neuhofen.at\/wp-content\/gallery\/9-sommercamp-2017\/SC5014.JPG\"\n               data-thumbnail=\"http:\/\/www.karate-neuhofen.at\/wp-content\/gallery\/9-sommercamp-2017\/thumbs\/thumbs_SC5014.JPG\"\n               data-image-id=\"16687\"\n               data-title=\"SC(5014)\"\n               data-description=\"\"\n               data-image-slug=\"sc5014\"\n               class=\"shutterset_6bd4a67f62a7de13e8a03aec327a2ec6\">\n                <img\n                    title=\"SC(5014)\"\n                    alt=\"SC(5014)\"\n                    src=\"http:\/\/www.karate-neuhofen.at\/wp-content\/gallery\/9-sommercamp-2017\/thumbs\/thumbs_SC5014.JPG\"\n                    width=\"240\"\n                    height=\"160\"\n                    style=\"max-width:100%;\"\n                \/>\n            <\/a>\n        <\/div>\n\t\t\t\t\t\t\t<\/div> \n\t\t\t\n        \n\t\t\t\t<div id=\"ngg-image-803\" class=\"ngg-gallery-thumbnail-box\" >\n\t\t\t\t        <div class=\"ngg-gallery-thumbnail\">\n            <a href=\"http:\/\/www.karate-neuhofen.at\/wp-content\/gallery\/9-sommercamp-2017\/SC5015.JPG\"\n               title=\"\"\n               data-src=\"http:\/\/www.karate-neuhofen.at\/wp-content\/gallery\/9-sommercamp-2017\/SC5015.JPG\"\n               data-thumbnail=\"http:\/\/www.karate-neuhofen.at\/wp-content\/gallery\/9-sommercamp-2017\/thumbs\/thumbs_SC5015.JPG\"\n               data-image-id=\"16688\"\n               data-title=\"SC(5015)\"\n               data-description=\"\"\n               data-image-slug=\"sc5015\"\n               class=\"shutterset_6bd4a67f62a7de13e8a03aec327a2ec6\">\n                <img\n                    title=\"SC(5015)\"\n                    alt=\"SC(5015)\"\n                    src=\"http:\/\/www.karate-neuhofen.at\/wp-content\/gallery\/9-sommercamp-2017\/thumbs\/thumbs_SC5015.JPG\"\n                    width=\"240\"\n                    height=\"160\"\n                    style=\"max-width:100%;\"\n                \/>\n            <\/a>\n        <\/div>\n\t\t\t\t\t\t\t<\/div> \n\t\t\t\n        \n\t\t\t\t<div id=\"ngg-image-804\" class=\"ngg-gallery-thumbnail-box\" >\n\t\t\t\t        <div class=\"ngg-gallery-thumbnail\">\n            <a href=\"http:\/\/www.karate-neuhofen.at\/wp-content\/gallery\/9-sommercamp-2017\/SC5016.JPG\"\n               title=\"\"\n               data-src=\"http:\/\/www.karate-neuhofen.at\/wp-content\/gallery\/9-sommercamp-2017\/SC5016.JPG\"\n               data-thumbnail=\"http:\/\/www.karate-neuhofen.at\/wp-content\/gallery\/9-sommercamp-2017\/thumbs\/thumbs_SC5016.JPG\"\n               data-image-id=\"16689\"\n               data-title=\"SC(5016)\"\n               data-description=\"\"\n               data-image-slug=\"sc5016\"\n               class=\"shutterset_6bd4a67f62a7de13e8a03aec327a2ec6\">\n                <img\n                    title=\"SC(5016)\"\n                    alt=\"SC(5016)\"\n                    src=\"http:\/\/www.karate-neuhofen.at\/wp-content\/gallery\/9-sommercamp-2017\/thumbs\/thumbs_SC5016.JPG\"\n                    width=\"240\"\n                    height=\"160\"\n                    style=\"max-width:100%;\"\n                \/>\n            <\/a>\n        <\/div>\n\t\t\t\t\t\t\t<\/div> \n\t\t\t\n        \n\t\t\t\t<div id=\"ngg-image-805\" class=\"ngg-gallery-thumbnail-box\" >\n\t\t\t\t        <div class=\"ngg-gallery-thumbnail\">\n            <a href=\"http:\/\/www.karate-neuhofen.at\/wp-content\/gallery\/9-sommercamp-2017\/SC5017.JPG\"\n               title=\"\"\n               data-src=\"http:\/\/www.karate-neuhofen.at\/wp-content\/gallery\/9-sommercamp-2017\/SC5017.JPG\"\n               data-thumbnail=\"http:\/\/www.karate-neuhofen.at\/wp-content\/gallery\/9-sommercamp-2017\/thumbs\/thumbs_SC5017.JPG\"\n               data-image-id=\"16690\"\n               data-title=\"SC(5017)\"\n               data-description=\"\"\n               data-image-slug=\"sc5017\"\n               class=\"shutterset_6bd4a67f62a7de13e8a03aec327a2ec6\">\n                <img\n                    title=\"SC(5017)\"\n                    alt=\"SC(5017)\"\n                    src=\"http:\/\/www.karate-neuhofen.at\/wp-content\/gallery\/9-sommercamp-2017\/thumbs\/thumbs_SC5017.JPG\"\n                    width=\"240\"\n                    height=\"160\"\n                    style=\"max-width:100%;\"\n                \/>\n            <\/a>\n        <\/div>\n\t\t\t\t\t\t\t<\/div> \n\t\t\t\n        \n\t\t\t\t<div id=\"ngg-image-806\" class=\"ngg-gallery-thumbnail-box\" >\n\t\t\t\t        <div class=\"ngg-gallery-thumbnail\">\n            <a href=\"http:\/\/www.karate-neuhofen.at\/wp-content\/gallery\/9-sommercamp-2017\/SC5018.JPG\"\n               title=\"\"\n               data-src=\"http:\/\/www.karate-neuhofen.at\/wp-content\/gallery\/9-sommercamp-2017\/SC5018.JPG\"\n               data-thumbnail=\"http:\/\/www.karate-neuhofen.at\/wp-content\/gallery\/9-sommercamp-2017\/thumbs\/thumbs_SC5018.JPG\"\n               data-image-id=\"16691\"\n               data-title=\"SC(5018)\"\n               data-description=\"\"\n               data-image-slug=\"sc5018\"\n               class=\"shutterset_6bd4a67f62a7de13e8a03aec327a2ec6\">\n                <img\n                    title=\"SC(5018)\"\n                    alt=\"SC(5018)\"\n                    src=\"http:\/\/www.karate-neuhofen.at\/wp-content\/gallery\/9-sommercamp-2017\/thumbs\/thumbs_SC5018.JPG\"\n                    width=\"240\"\n                    height=\"160\"\n                    style=\"max-width:100%;\"\n                \/>\n            <\/a>\n        <\/div>\n\t\t\t\t\t\t\t<\/div> \n\t\t\t\n        \n\t\t\t\t<div id=\"ngg-image-807\" class=\"ngg-gallery-thumbnail-box\" >\n\t\t\t\t        <div class=\"ngg-gallery-thumbnail\">\n            <a href=\"http:\/\/www.karate-neuhofen.at\/wp-content\/gallery\/9-sommercamp-2017\/SC5019.JPG\"\n               title=\"\"\n               data-src=\"http:\/\/www.karate-neuhofen.at\/wp-content\/gallery\/9-sommercamp-2017\/SC5019.JPG\"\n               data-thumbnail=\"http:\/\/www.karate-neuhofen.at\/wp-content\/gallery\/9-sommercamp-2017\/thumbs\/thumbs_SC5019.JPG\"\n               data-image-id=\"16692\"\n               data-title=\"SC(5019)\"\n               data-description=\"\"\n               data-image-slug=\"sc5019\"\n               class=\"shutterset_6bd4a67f62a7de13e8a03aec327a2ec6\">\n                <img\n                    title=\"SC(5019)\"\n                    alt=\"SC(5019)\"\n                    src=\"http:\/\/www.karate-neuhofen.at\/wp-content\/gallery\/9-sommercamp-2017\/thumbs\/thumbs_SC5019.JPG\"\n                    width=\"240\"\n                    height=\"160\"\n                    style=\"max-width:100%;\"\n                \/>\n            <\/a>\n        <\/div>\n\t\t\t\t\t\t\t<\/div> \n\t\t\t\n        \n\t\t\t\t<div id=\"ngg-image-808\" class=\"ngg-gallery-thumbnail-box\" >\n\t\t\t\t        <div class=\"ngg-gallery-thumbnail\">\n            <a href=\"http:\/\/www.karate-neuhofen.at\/wp-content\/gallery\/9-sommercamp-2017\/SC5020.JPG\"\n               title=\"\"\n               data-src=\"http:\/\/www.karate-neuhofen.at\/wp-content\/gallery\/9-sommercamp-2017\/SC5020.JPG\"\n               data-thumbnail=\"http:\/\/www.karate-neuhofen.at\/wp-content\/gallery\/9-sommercamp-2017\/thumbs\/thumbs_SC5020.JPG\"\n               data-image-id=\"16693\"\n               data-title=\"SC(5020)\"\n               data-description=\"\"\n               data-image-slug=\"sc5020\"\n               class=\"shutterset_6bd4a67f62a7de13e8a03aec327a2ec6\">\n                <img\n                    title=\"SC(5020)\"\n                    alt=\"SC(5020)\"\n                    src=\"http:\/\/www.karate-neuhofen.at\/wp-content\/gallery\/9-sommercamp-2017\/thumbs\/thumbs_SC5020.JPG\"\n                    width=\"240\"\n                    height=\"160\"\n                    style=\"max-width:100%;\"\n                \/>\n            <\/a>\n        <\/div>\n\t\t\t\t\t\t\t<\/div> \n\t\t\t\n        \n\t\t\t\t<div id=\"ngg-image-809\" class=\"ngg-gallery-thumbnail-box\" >\n\t\t\t\t        <div class=\"ngg-gallery-thumbnail\">\n            <a href=\"http:\/\/www.karate-neuhofen.at\/wp-content\/gallery\/9-sommercamp-2017\/SC5021.JPG\"\n               title=\"\"\n               data-src=\"http:\/\/www.karate-neuhofen.at\/wp-content\/gallery\/9-sommercamp-2017\/SC5021.JPG\"\n               data-thumbnail=\"http:\/\/www.karate-neuhofen.at\/wp-content\/gallery\/9-sommercamp-2017\/thumbs\/thumbs_SC5021.JPG\"\n               data-image-id=\"16694\"\n               data-title=\"SC(5021)\"\n               data-description=\"\"\n               data-image-slug=\"sc5021\"\n               class=\"shutterset_6bd4a67f62a7de13e8a03aec327a2ec6\">\n                <img\n                    title=\"SC(5021)\"\n                    alt=\"SC(5021)\"\n                    src=\"http:\/\/www.karate-neuhofen.at\/wp-content\/gallery\/9-sommercamp-2017\/thumbs\/thumbs_SC5021.JPG\"\n                    width=\"240\"\n                    height=\"160\"\n                    style=\"max-width:100%;\"\n                \/>\n            <\/a>\n        <\/div>\n\t\t\t\t\t\t\t<\/div> \n\t\t\t\n        \n\t\t\t\t<div id=\"ngg-image-810\" class=\"ngg-gallery-thumbnail-box\" >\n\t\t\t\t        <div class=\"ngg-gallery-thumbnail\">\n            <a href=\"http:\/\/www.karate-neuhofen.at\/wp-content\/gallery\/9-sommercamp-2017\/SC5022.JPG\"\n               title=\"\"\n               data-src=\"http:\/\/www.karate-neuhofen.at\/wp-content\/gallery\/9-sommercamp-2017\/SC5022.JPG\"\n               data-thumbnail=\"http:\/\/www.karate-neuhofen.at\/wp-content\/gallery\/9-sommercamp-2017\/thumbs\/thumbs_SC5022.JPG\"\n               data-image-id=\"16695\"\n               data-title=\"SC(5022)\"\n               data-description=\"\"\n               data-image-slug=\"sc5022\"\n               class=\"shutterset_6bd4a67f62a7de13e8a03aec327a2ec6\">\n                <img\n                    title=\"SC(5022)\"\n                    alt=\"SC(5022)\"\n                    src=\"http:\/\/www.karate-neuhofen.at\/wp-content\/gallery\/9-sommercamp-2017\/thumbs\/thumbs_SC5022.JPG\"\n                    width=\"240\"\n                    height=\"160\"\n                    style=\"max-width:100%;\"\n                \/>\n            <\/a>\n        <\/div>\n\t\t\t\t\t\t\t<\/div> \n\t\t\t\n        \n\t\t\t\t<div id=\"ngg-image-811\" class=\"ngg-gallery-thumbnail-box\" >\n\t\t\t\t        <div class=\"ngg-gallery-thumbnail\">\n            <a href=\"http:\/\/www.karate-neuhofen.at\/wp-content\/gallery\/9-sommercamp-2017\/SC5023.JPG\"\n               title=\"\"\n               data-src=\"http:\/\/www.karate-neuhofen.at\/wp-content\/gallery\/9-sommercamp-2017\/SC5023.JPG\"\n               data-thumbnail=\"http:\/\/www.karate-neuhofen.at\/wp-content\/gallery\/9-sommercamp-2017\/thumbs\/thumbs_SC5023.JPG\"\n               data-image-id=\"16696\"\n               data-title=\"SC(5023)\"\n               data-description=\"\"\n               data-image-slug=\"sc5023\"\n               class=\"shutterset_6bd4a67f62a7de13e8a03aec327a2ec6\">\n                <img\n                    title=\"SC(5023)\"\n                    alt=\"SC(5023)\"\n                    src=\"http:\/\/www.karate-neuhofen.at\/wp-content\/gallery\/9-sommercamp-2017\/thumbs\/thumbs_SC5023.JPG\"\n                    width=\"240\"\n                    height=\"160\"\n                    style=\"max-width:100%;\"\n                \/>\n            <\/a>\n        <\/div>\n\t\t\t\t\t\t\t<\/div> \n\t\t\t\n        \n\t\t\t\t<div id=\"ngg-image-812\" class=\"ngg-gallery-thumbnail-box\" >\n\t\t\t\t        <div class=\"ngg-gallery-thumbnail\">\n            <a href=\"http:\/\/www.karate-neuhofen.at\/wp-content\/gallery\/9-sommercamp-2017\/SC5024.JPG\"\n               title=\"\"\n               data-src=\"http:\/\/www.karate-neuhofen.at\/wp-content\/gallery\/9-sommercamp-2017\/SC5024.JPG\"\n               data-thumbnail=\"http:\/\/www.karate-neuhofen.at\/wp-content\/gallery\/9-sommercamp-2017\/thumbs\/thumbs_SC5024.JPG\"\n               data-image-id=\"16697\"\n               data-title=\"SC(5024)\"\n               data-description=\"\"\n               data-image-slug=\"sc5024\"\n               class=\"shutterset_6bd4a67f62a7de13e8a03aec327a2ec6\">\n                <img\n                    title=\"SC(5024)\"\n                    alt=\"SC(5024)\"\n                    src=\"http:\/\/www.karate-neuhofen.at\/wp-content\/gallery\/9-sommercamp-2017\/thumbs\/thumbs_SC5024.JPG\"\n                    width=\"240\"\n                    height=\"160\"\n                    style=\"max-width:100%;\"\n                \/>\n            <\/a>\n        <\/div>\n\t\t\t\t\t\t\t<\/div> \n\t\t\t\n        \n\t\t\t\t<div id=\"ngg-image-813\" class=\"ngg-gallery-thumbnail-box\" >\n\t\t\t\t        <div class=\"ngg-gallery-thumbnail\">\n            <a href=\"http:\/\/www.karate-neuhofen.at\/wp-content\/gallery\/9-sommercamp-2017\/SC5025.JPG\"\n               title=\"\"\n               data-src=\"http:\/\/www.karate-neuhofen.at\/wp-content\/gallery\/9-sommercamp-2017\/SC5025.JPG\"\n               data-thumbnail=\"http:\/\/www.karate-neuhofen.at\/wp-content\/gallery\/9-sommercamp-2017\/thumbs\/thumbs_SC5025.JPG\"\n               data-image-id=\"16698\"\n               data-title=\"SC(5025)\"\n               data-description=\"\"\n               data-image-slug=\"sc5025\"\n               class=\"shutterset_6bd4a67f62a7de13e8a03aec327a2ec6\">\n                <img\n                    title=\"SC(5025)\"\n                    alt=\"SC(5025)\"\n                    src=\"http:\/\/www.karate-neuhofen.at\/wp-content\/gallery\/9-sommercamp-2017\/thumbs\/thumbs_SC5025.JPG\"\n                    width=\"240\"\n                    height=\"160\"\n                    style=\"max-width:100%;\"\n                \/>\n            <\/a>\n        <\/div>\n\t\t\t\t\t\t\t<\/div> \n\t\t\t\n        \n\t\t\t\t<div id=\"ngg-image-814\" class=\"ngg-gallery-thumbnail-box\" >\n\t\t\t\t        <div class=\"ngg-gallery-thumbnail\">\n            <a href=\"http:\/\/www.karate-neuhofen.at\/wp-content\/gallery\/9-sommercamp-2017\/SC5026.JPG\"\n               title=\"\"\n               data-src=\"http:\/\/www.karate-neuhofen.at\/wp-content\/gallery\/9-sommercamp-2017\/SC5026.JPG\"\n               data-thumbnail=\"http:\/\/www.karate-neuhofen.at\/wp-content\/gallery\/9-sommercamp-2017\/thumbs\/thumbs_SC5026.JPG\"\n               data-image-id=\"16699\"\n               data-title=\"SC(5026)\"\n               data-description=\"\"\n               data-image-slug=\"sc5026\"\n               class=\"shutterset_6bd4a67f62a7de13e8a03aec327a2ec6\">\n                <img\n                    title=\"SC(5026)\"\n                    alt=\"SC(5026)\"\n                    src=\"http:\/\/www.karate-neuhofen.at\/wp-content\/gallery\/9-sommercamp-2017\/thumbs\/thumbs_SC5026.JPG\"\n                    width=\"240\"\n                    height=\"160\"\n                    style=\"max-width:100%;\"\n                \/>\n            <\/a>\n        <\/div>\n\t\t\t\t\t\t\t<\/div> \n\t\t\t\n        \n\t\t\t\t<div id=\"ngg-image-815\" class=\"ngg-gallery-thumbnail-box\" >\n\t\t\t\t        <div class=\"ngg-gallery-thumbnail\">\n            <a href=\"http:\/\/www.karate-neuhofen.at\/wp-content\/gallery\/9-sommercamp-2017\/SC5027.JPG\"\n               title=\"\"\n               data-src=\"http:\/\/www.karate-neuhofen.at\/wp-content\/gallery\/9-sommercamp-2017\/SC5027.JPG\"\n               data-thumbnail=\"http:\/\/www.karate-neuhofen.at\/wp-content\/gallery\/9-sommercamp-2017\/thumbs\/thumbs_SC5027.JPG\"\n               data-image-id=\"16700\"\n               data-title=\"SC(5027)\"\n               data-description=\"\"\n               data-image-slug=\"sc5027\"\n               class=\"shutterset_6bd4a67f62a7de13e8a03aec327a2ec6\">\n                <img\n                    title=\"SC(5027)\"\n                    alt=\"SC(5027)\"\n                    src=\"http:\/\/www.karate-neuhofen.at\/wp-content\/gallery\/9-sommercamp-2017\/thumbs\/thumbs_SC5027.JPG\"\n                    width=\"240\"\n                    height=\"160\"\n                    style=\"max-width:100%;\"\n                \/>\n            <\/a>\n        <\/div>\n\t\t\t\t\t\t\t<\/div> \n\t\t\t\n        \n\t\t\t\t<div id=\"ngg-image-816\" class=\"ngg-gallery-thumbnail-box\" >\n\t\t\t\t        <div class=\"ngg-gallery-thumbnail\">\n            <a href=\"http:\/\/www.karate-neuhofen.at\/wp-content\/gallery\/9-sommercamp-2017\/SC5028.JPG\"\n               title=\"\"\n               data-src=\"http:\/\/www.karate-neuhofen.at\/wp-content\/gallery\/9-sommercamp-2017\/SC5028.JPG\"\n               data-thumbnail=\"http:\/\/www.karate-neuhofen.at\/wp-content\/gallery\/9-sommercamp-2017\/thumbs\/thumbs_SC5028.JPG\"\n               data-image-id=\"16701\"\n               data-title=\"SC(5028)\"\n               data-description=\"\"\n               data-image-slug=\"sc5028\"\n               class=\"shutterset_6bd4a67f62a7de13e8a03aec327a2ec6\">\n                <img\n                    title=\"SC(5028)\"\n                    alt=\"SC(5028)\"\n                    src=\"http:\/\/www.karate-neuhofen.at\/wp-content\/gallery\/9-sommercamp-2017\/thumbs\/thumbs_SC5028.JPG\"\n                    width=\"240\"\n                    height=\"160\"\n                    style=\"max-width:100%;\"\n                \/>\n            <\/a>\n        <\/div>\n\t\t\t\t\t\t\t<\/div> \n\t\t\t\n        \n\t\t\t\t<div id=\"ngg-image-817\" class=\"ngg-gallery-thumbnail-box\" >\n\t\t\t\t        <div class=\"ngg-gallery-thumbnail\">\n            <a href=\"http:\/\/www.karate-neuhofen.at\/wp-content\/gallery\/9-sommercamp-2017\/SC5029.JPG\"\n               title=\"\"\n               data-src=\"http:\/\/www.karate-neuhofen.at\/wp-content\/gallery\/9-sommercamp-2017\/SC5029.JPG\"\n               data-thumbnail=\"http:\/\/www.karate-neuhofen.at\/wp-content\/gallery\/9-sommercamp-2017\/thumbs\/thumbs_SC5029.JPG\"\n               data-image-id=\"16702\"\n               data-title=\"SC(5029)\"\n               data-description=\"\"\n               data-image-slug=\"sc5029\"\n               class=\"shutterset_6bd4a67f62a7de13e8a03aec327a2ec6\">\n                <img\n                    title=\"SC(5029)\"\n                    alt=\"SC(5029)\"\n                    src=\"http:\/\/www.karate-neuhofen.at\/wp-content\/gallery\/9-sommercamp-2017\/thumbs\/thumbs_SC5029.JPG\"\n                    width=\"240\"\n                    height=\"160\"\n                    style=\"max-width:100%;\"\n                \/>\n            <\/a>\n        <\/div>\n\t\t\t\t\t\t\t<\/div> \n\t\t\t\n        \n\t\t\t\t<div id=\"ngg-image-818\" class=\"ngg-gallery-thumbnail-box\" >\n\t\t\t\t        <div class=\"ngg-gallery-thumbnail\">\n            <a href=\"http:\/\/www.karate-neuhofen.at\/wp-content\/gallery\/9-sommercamp-2017\/SC5030.JPG\"\n               title=\"\"\n               data-src=\"http:\/\/www.karate-neuhofen.at\/wp-content\/gallery\/9-sommercamp-2017\/SC5030.JPG\"\n               data-thumbnail=\"http:\/\/www.karate-neuhofen.at\/wp-content\/gallery\/9-sommercamp-2017\/thumbs\/thumbs_SC5030.JPG\"\n               data-image-id=\"16703\"\n               data-title=\"SC(5030)\"\n               data-description=\"\"\n               data-image-slug=\"sc5030\"\n               class=\"shutterset_6bd4a67f62a7de13e8a03aec327a2ec6\">\n                <img\n                    title=\"SC(5030)\"\n                    alt=\"SC(5030)\"\n                    src=\"http:\/\/www.karate-neuhofen.at\/wp-content\/gallery\/9-sommercamp-2017\/thumbs\/thumbs_SC5030.JPG\"\n                    width=\"240\"\n                    height=\"160\"\n                    style=\"max-width:100%;\"\n                \/>\n            <\/a>\n        <\/div>\n\t\t\t\t\t\t\t<\/div> \n\t\t\t\n        \n\t\t\t\t<div id=\"ngg-image-819\" class=\"ngg-gallery-thumbnail-box\" >\n\t\t\t\t        <div class=\"ngg-gallery-thumbnail\">\n            <a href=\"http:\/\/www.karate-neuhofen.at\/wp-content\/gallery\/9-sommercamp-2017\/SC5031.JPG\"\n               title=\"\"\n               data-src=\"http:\/\/www.karate-neuhofen.at\/wp-content\/gallery\/9-sommercamp-2017\/SC5031.JPG\"\n               data-thumbnail=\"http:\/\/www.karate-neuhofen.at\/wp-content\/gallery\/9-sommercamp-2017\/thumbs\/thumbs_SC5031.JPG\"\n               data-image-id=\"16704\"\n               data-title=\"SC(5031)\"\n               data-description=\"\"\n               data-image-slug=\"sc5031\"\n               class=\"shutterset_6bd4a67f62a7de13e8a03aec327a2ec6\">\n                <img\n                    title=\"SC(5031)\"\n                    alt=\"SC(5031)\"\n                    src=\"http:\/\/www.karate-neuhofen.at\/wp-content\/gallery\/9-sommercamp-2017\/thumbs\/thumbs_SC5031.JPG\"\n                    width=\"240\"\n                    height=\"160\"\n                    style=\"max-width:100%;\"\n                \/>\n            <\/a>\n        <\/div>\n\t\t\t\t\t\t\t<\/div> \n\t\t\t\n        \n\t\t\t\t<div id=\"ngg-image-820\" class=\"ngg-gallery-thumbnail-box\" >\n\t\t\t\t        <div class=\"ngg-gallery-thumbnail\">\n            <a href=\"http:\/\/www.karate-neuhofen.at\/wp-content\/gallery\/9-sommercamp-2017\/SC5032.JPG\"\n               title=\"\"\n               data-src=\"http:\/\/www.karate-neuhofen.at\/wp-content\/gallery\/9-sommercamp-2017\/SC5032.JPG\"\n               data-thumbnail=\"http:\/\/www.karate-neuhofen.at\/wp-content\/gallery\/9-sommercamp-2017\/thumbs\/thumbs_SC5032.JPG\"\n               data-image-id=\"16705\"\n               data-title=\"SC(5032)\"\n               data-description=\"\"\n               data-image-slug=\"sc5032\"\n               class=\"shutterset_6bd4a67f62a7de13e8a03aec327a2ec6\">\n                <img\n                    title=\"SC(5032)\"\n                    alt=\"SC(5032)\"\n                    src=\"http:\/\/www.karate-neuhofen.at\/wp-content\/gallery\/9-sommercamp-2017\/thumbs\/thumbs_SC5032.JPG\"\n                    width=\"240\"\n                    height=\"160\"\n                    style=\"max-width:100%;\"\n                \/>\n            <\/a>\n        <\/div>\n\t\t\t\t\t\t\t<\/div> \n\t\t\t\n        \n\t\t\t\t<div id=\"ngg-image-821\" class=\"ngg-gallery-thumbnail-box\" >\n\t\t\t\t        <div class=\"ngg-gallery-thumbnail\">\n            <a href=\"http:\/\/www.karate-neuhofen.at\/wp-content\/gallery\/9-sommercamp-2017\/SC5033.JPG\"\n               title=\"\"\n               data-src=\"http:\/\/www.karate-neuhofen.at\/wp-content\/gallery\/9-sommercamp-2017\/SC5033.JPG\"\n               data-thumbnail=\"http:\/\/www.karate-neuhofen.at\/wp-content\/gallery\/9-sommercamp-2017\/thumbs\/thumbs_SC5033.JPG\"\n               data-image-id=\"16706\"\n               data-title=\"SC(5033)\"\n               data-description=\"\"\n               data-image-slug=\"sc5033\"\n               class=\"shutterset_6bd4a67f62a7de13e8a03aec327a2ec6\">\n                <img\n                    title=\"SC(5033)\"\n                    alt=\"SC(5033)\"\n                    src=\"http:\/\/www.karate-neuhofen.at\/wp-content\/gallery\/9-sommercamp-2017\/thumbs\/thumbs_SC5033.JPG\"\n                    width=\"240\"\n                    height=\"160\"\n                    style=\"max-width:100%;\"\n                \/>\n            <\/a>\n        <\/div>\n\t\t\t\t\t\t\t<\/div> \n\t\t\t\n        \n\t\t\t\t<div id=\"ngg-image-822\" class=\"ngg-gallery-thumbnail-box\" >\n\t\t\t\t        <div class=\"ngg-gallery-thumbnail\">\n            <a href=\"http:\/\/www.karate-neuhofen.at\/wp-content\/gallery\/9-sommercamp-2017\/SC5034.JPG\"\n               title=\"\"\n               data-src=\"http:\/\/www.karate-neuhofen.at\/wp-content\/gallery\/9-sommercamp-2017\/SC5034.JPG\"\n               data-thumbnail=\"http:\/\/www.karate-neuhofen.at\/wp-content\/gallery\/9-sommercamp-2017\/thumbs\/thumbs_SC5034.JPG\"\n               data-image-id=\"16707\"\n               data-title=\"SC(5034)\"\n               data-description=\"\"\n               data-image-slug=\"sc5034\"\n               class=\"shutterset_6bd4a67f62a7de13e8a03aec327a2ec6\">\n                <img\n                    title=\"SC(5034)\"\n                    alt=\"SC(5034)\"\n                    src=\"http:\/\/www.karate-neuhofen.at\/wp-content\/gallery\/9-sommercamp-2017\/thumbs\/thumbs_SC5034.JPG\"\n                    width=\"240\"\n                    height=\"160\"\n                    style=\"max-width:100%;\"\n                \/>\n            <\/a>\n        <\/div>\n\t\t\t\t\t\t\t<\/div> \n\t\t\t\n        \n\t\t\t\t<div id=\"ngg-image-823\" class=\"ngg-gallery-thumbnail-box\" >\n\t\t\t\t        <div class=\"ngg-gallery-thumbnail\">\n            <a href=\"http:\/\/www.karate-neuhofen.at\/wp-content\/gallery\/9-sommercamp-2017\/SC5035.JPG\"\n               title=\"\"\n               data-src=\"http:\/\/www.karate-neuhofen.at\/wp-content\/gallery\/9-sommercamp-2017\/SC5035.JPG\"\n               data-thumbnail=\"http:\/\/www.karate-neuhofen.at\/wp-content\/gallery\/9-sommercamp-2017\/thumbs\/thumbs_SC5035.JPG\"\n               data-image-id=\"16708\"\n               data-title=\"SC(5035)\"\n               data-description=\"\"\n               data-image-slug=\"sc5035\"\n               class=\"shutterset_6bd4a67f62a7de13e8a03aec327a2ec6\">\n                <img\n                    title=\"SC(5035)\"\n                    alt=\"SC(5035)\"\n                    src=\"http:\/\/www.karate-neuhofen.at\/wp-content\/gallery\/9-sommercamp-2017\/thumbs\/thumbs_SC5035.JPG\"\n                    width=\"240\"\n                    height=\"160\"\n                    style=\"max-width:100%;\"\n                \/>\n            <\/a>\n        <\/div>\n\t\t\t\t\t\t\t<\/div> \n\t\t\t\n        \n\t\t\t\t<div id=\"ngg-image-824\" class=\"ngg-gallery-thumbnail-box\" >\n\t\t\t\t        <div class=\"ngg-gallery-thumbnail\">\n            <a href=\"http:\/\/www.karate-neuhofen.at\/wp-content\/gallery\/9-sommercamp-2017\/SC5036.JPG\"\n               title=\"\"\n               data-src=\"http:\/\/www.karate-neuhofen.at\/wp-content\/gallery\/9-sommercamp-2017\/SC5036.JPG\"\n               data-thumbnail=\"http:\/\/www.karate-neuhofen.at\/wp-content\/gallery\/9-sommercamp-2017\/thumbs\/thumbs_SC5036.JPG\"\n               data-image-id=\"16709\"\n               data-title=\"SC(5036)\"\n               data-description=\"\"\n               data-image-slug=\"sc5036\"\n               class=\"shutterset_6bd4a67f62a7de13e8a03aec327a2ec6\">\n                <img\n                    title=\"SC(5036)\"\n                    alt=\"SC(5036)\"\n                    src=\"http:\/\/www.karate-neuhofen.at\/wp-content\/gallery\/9-sommercamp-2017\/thumbs\/thumbs_SC5036.JPG\"\n                    width=\"240\"\n                    height=\"160\"\n                    style=\"max-width:100%;\"\n                \/>\n            <\/a>\n        <\/div>\n\t\t\t\t\t\t\t<\/div> \n\t\t\t\n        \n\t\t\t\t<div id=\"ngg-image-825\" class=\"ngg-gallery-thumbnail-box\" >\n\t\t\t\t        <div class=\"ngg-gallery-thumbnail\">\n            <a href=\"http:\/\/www.karate-neuhofen.at\/wp-content\/gallery\/9-sommercamp-2017\/SC5037.JPG\"\n               title=\"\"\n               data-src=\"http:\/\/www.karate-neuhofen.at\/wp-content\/gallery\/9-sommercamp-2017\/SC5037.JPG\"\n               data-thumbnail=\"http:\/\/www.karate-neuhofen.at\/wp-content\/gallery\/9-sommercamp-2017\/thumbs\/thumbs_SC5037.JPG\"\n               data-image-id=\"16710\"\n               data-title=\"SC(5037)\"\n               data-description=\"\"\n               data-image-slug=\"sc5037\"\n               class=\"shutterset_6bd4a67f62a7de13e8a03aec327a2ec6\">\n                <img\n                    title=\"SC(5037)\"\n                    alt=\"SC(5037)\"\n                    src=\"http:\/\/www.karate-neuhofen.at\/wp-content\/gallery\/9-sommercamp-2017\/thumbs\/thumbs_SC5037.JPG\"\n                    width=\"240\"\n                    height=\"160\"\n                    style=\"max-width:100%;\"\n                \/>\n            <\/a>\n        <\/div>\n\t\t\t\t\t\t\t<\/div> \n\t\t\t\n        \n\t\t\t\t<div id=\"ngg-image-826\" class=\"ngg-gallery-thumbnail-box\" >\n\t\t\t\t        <div class=\"ngg-gallery-thumbnail\">\n            <a href=\"http:\/\/www.karate-neuhofen.at\/wp-content\/gallery\/9-sommercamp-2017\/SC5038.JPG\"\n               title=\"\"\n               data-src=\"http:\/\/www.karate-neuhofen.at\/wp-content\/gallery\/9-sommercamp-2017\/SC5038.JPG\"\n               data-thumbnail=\"http:\/\/www.karate-neuhofen.at\/wp-content\/gallery\/9-sommercamp-2017\/thumbs\/thumbs_SC5038.JPG\"\n               data-image-id=\"16711\"\n               data-title=\"SC(5038)\"\n               data-description=\"\"\n               data-image-slug=\"sc5038\"\n               class=\"shutterset_6bd4a67f62a7de13e8a03aec327a2ec6\">\n                <img\n                    title=\"SC(5038)\"\n                    alt=\"SC(5038)\"\n                    src=\"http:\/\/www.karate-neuhofen.at\/wp-content\/gallery\/9-sommercamp-2017\/thumbs\/thumbs_SC5038.JPG\"\n                    width=\"240\"\n                    height=\"160\"\n                    style=\"max-width:100%;\"\n                \/>\n            <\/a>\n        <\/div>\n\t\t\t\t\t\t\t<\/div> \n\t\t\t\n        \n\t\t\t\t<div id=\"ngg-image-827\" class=\"ngg-gallery-thumbnail-box\" >\n\t\t\t\t        <div class=\"ngg-gallery-thumbnail\">\n            <a href=\"http:\/\/www.karate-neuhofen.at\/wp-content\/gallery\/9-sommercamp-2017\/SC5039.JPG\"\n               title=\"\"\n               data-src=\"http:\/\/www.karate-neuhofen.at\/wp-content\/gallery\/9-sommercamp-2017\/SC5039.JPG\"\n               data-thumbnail=\"http:\/\/www.karate-neuhofen.at\/wp-content\/gallery\/9-sommercamp-2017\/thumbs\/thumbs_SC5039.JPG\"\n               data-image-id=\"16712\"\n               data-title=\"SC(5039)\"\n               data-description=\"\"\n               data-image-slug=\"sc5039\"\n               class=\"shutterset_6bd4a67f62a7de13e8a03aec327a2ec6\">\n                <img\n                    title=\"SC(5039)\"\n                    alt=\"SC(5039)\"\n                    src=\"http:\/\/www.karate-neuhofen.at\/wp-content\/gallery\/9-sommercamp-2017\/thumbs\/thumbs_SC5039.JPG\"\n                    width=\"240\"\n                    height=\"160\"\n                    style=\"max-width:100%;\"\n                \/>\n            <\/a>\n        <\/div>\n\t\t\t\t\t\t\t<\/div> \n\t\t\t\n        \n\t\t\t\t<div id=\"ngg-image-828\" class=\"ngg-gallery-thumbnail-box\" >\n\t\t\t\t        <div class=\"ngg-gallery-thumbnail\">\n            <a href=\"http:\/\/www.karate-neuhofen.at\/wp-content\/gallery\/9-sommercamp-2017\/SC5040.JPG\"\n               title=\"\"\n               data-src=\"http:\/\/www.karate-neuhofen.at\/wp-content\/gallery\/9-sommercamp-2017\/SC5040.JPG\"\n               data-thumbnail=\"http:\/\/www.karate-neuhofen.at\/wp-content\/gallery\/9-sommercamp-2017\/thumbs\/thumbs_SC5040.JPG\"\n               data-image-id=\"16713\"\n               data-title=\"SC(5040)\"\n               data-description=\"\"\n               data-image-slug=\"sc5040\"\n               class=\"shutterset_6bd4a67f62a7de13e8a03aec327a2ec6\">\n                <img\n                    title=\"SC(5040)\"\n                    alt=\"SC(5040)\"\n                    src=\"http:\/\/www.karate-neuhofen.at\/wp-content\/gallery\/9-sommercamp-2017\/thumbs\/thumbs_SC5040.JPG\"\n                    width=\"240\"\n                    height=\"160\"\n                    style=\"max-width:100%;\"\n                \/>\n            <\/a>\n        <\/div>\n\t\t\t\t\t\t\t<\/div> \n\t\t\t\n        \n\t\t\t\t<div id=\"ngg-image-829\" class=\"ngg-gallery-thumbnail-box\" >\n\t\t\t\t        <div class=\"ngg-gallery-thumbnail\">\n            <a href=\"http:\/\/www.karate-neuhofen.at\/wp-content\/gallery\/9-sommercamp-2017\/SC5041.JPG\"\n               title=\"\"\n               data-src=\"http:\/\/www.karate-neuhofen.at\/wp-content\/gallery\/9-sommercamp-2017\/SC5041.JPG\"\n               data-thumbnail=\"http:\/\/www.karate-neuhofen.at\/wp-content\/gallery\/9-sommercamp-2017\/thumbs\/thumbs_SC5041.JPG\"\n               data-image-id=\"16714\"\n               data-title=\"SC(5041)\"\n               data-description=\"\"\n               data-image-slug=\"sc5041\"\n               class=\"shutterset_6bd4a67f62a7de13e8a03aec327a2ec6\">\n                <img\n                    title=\"SC(5041)\"\n                    alt=\"SC(5041)\"\n                    src=\"http:\/\/www.karate-neuhofen.at\/wp-content\/gallery\/9-sommercamp-2017\/thumbs\/thumbs_SC5041.JPG\"\n                    width=\"240\"\n                    height=\"160\"\n                    style=\"max-width:100%;\"\n                \/>\n            <\/a>\n        <\/div>\n\t\t\t\t\t\t\t<\/div> \n\t\t\t\n        \n\t\t\t\t<div id=\"ngg-image-830\" class=\"ngg-gallery-thumbnail-box\" >\n\t\t\t\t        <div class=\"ngg-gallery-thumbnail\">\n            <a href=\"http:\/\/www.karate-neuhofen.at\/wp-content\/gallery\/9-sommercamp-2017\/SC5042.JPG\"\n               title=\"\"\n               data-src=\"http:\/\/www.karate-neuhofen.at\/wp-content\/gallery\/9-sommercamp-2017\/SC5042.JPG\"\n               data-thumbnail=\"http:\/\/www.karate-neuhofen.at\/wp-content\/gallery\/9-sommercamp-2017\/thumbs\/thumbs_SC5042.JPG\"\n               data-image-id=\"16715\"\n               data-title=\"SC(5042)\"\n               data-description=\"\"\n               data-image-slug=\"sc5042\"\n               class=\"shutterset_6bd4a67f62a7de13e8a03aec327a2ec6\">\n                <img\n                    title=\"SC(5042)\"\n                    alt=\"SC(5042)\"\n                    src=\"http:\/\/www.karate-neuhofen.at\/wp-content\/gallery\/9-sommercamp-2017\/thumbs\/thumbs_SC5042.JPG\"\n                    width=\"240\"\n                    height=\"160\"\n                    style=\"max-width:100%;\"\n                \/>\n            <\/a>\n        <\/div>\n\t\t\t\t\t\t\t<\/div> \n\t\t\t\n        \n\t\t\t\t<div id=\"ngg-image-831\" class=\"ngg-gallery-thumbnail-box\" >\n\t\t\t\t        <div class=\"ngg-gallery-thumbnail\">\n            <a href=\"http:\/\/www.karate-neuhofen.at\/wp-content\/gallery\/9-sommercamp-2017\/SC5043.JPG\"\n               title=\"\"\n               data-src=\"http:\/\/www.karate-neuhofen.at\/wp-content\/gallery\/9-sommercamp-2017\/SC5043.JPG\"\n               data-thumbnail=\"http:\/\/www.karate-neuhofen.at\/wp-content\/gallery\/9-sommercamp-2017\/thumbs\/thumbs_SC5043.JPG\"\n               data-image-id=\"16716\"\n               data-title=\"SC(5043)\"\n               data-description=\"\"\n               data-image-slug=\"sc5043\"\n               class=\"shutterset_6bd4a67f62a7de13e8a03aec327a2ec6\">\n                <img\n                    title=\"SC(5043)\"\n                    alt=\"SC(5043)\"\n                    src=\"http:\/\/www.karate-neuhofen.at\/wp-content\/gallery\/9-sommercamp-2017\/thumbs\/thumbs_SC5043.JPG\"\n                    width=\"240\"\n                    height=\"160\"\n                    style=\"max-width:100%;\"\n                \/>\n            <\/a>\n        <\/div>\n\t\t\t\t\t\t\t<\/div> \n\t\t\t\n        \n\t\t\t\t<div id=\"ngg-image-832\" class=\"ngg-gallery-thumbnail-box\" >\n\t\t\t\t        <div class=\"ngg-gallery-thumbnail\">\n            <a href=\"http:\/\/www.karate-neuhofen.at\/wp-content\/gallery\/9-sommercamp-2017\/SC5044.JPG\"\n               title=\"\"\n               data-src=\"http:\/\/www.karate-neuhofen.at\/wp-content\/gallery\/9-sommercamp-2017\/SC5044.JPG\"\n               data-thumbnail=\"http:\/\/www.karate-neuhofen.at\/wp-content\/gallery\/9-sommercamp-2017\/thumbs\/thumbs_SC5044.JPG\"\n               data-image-id=\"16717\"\n               data-title=\"SC(5044)\"\n               data-description=\"\"\n               data-image-slug=\"sc5044\"\n               class=\"shutterset_6bd4a67f62a7de13e8a03aec327a2ec6\">\n                <img\n                    title=\"SC(5044)\"\n                    alt=\"SC(5044)\"\n                    src=\"http:\/\/www.karate-neuhofen.at\/wp-content\/gallery\/9-sommercamp-2017\/thumbs\/thumbs_SC5044.JPG\"\n                    width=\"240\"\n                    height=\"160\"\n                    style=\"max-width:100%;\"\n                \/>\n            <\/a>\n        <\/div>\n\t\t\t\t\t\t\t<\/div> \n\t\t\t\n        \n\t\t\t\t<div id=\"ngg-image-833\" class=\"ngg-gallery-thumbnail-box\" >\n\t\t\t\t        <div class=\"ngg-gallery-thumbnail\">\n            <a href=\"http:\/\/www.karate-neuhofen.at\/wp-content\/gallery\/9-sommercamp-2017\/SC5045.JPG\"\n               title=\"\"\n               data-src=\"http:\/\/www.karate-neuhofen.at\/wp-content\/gallery\/9-sommercamp-2017\/SC5045.JPG\"\n               data-thumbnail=\"http:\/\/www.karate-neuhofen.at\/wp-content\/gallery\/9-sommercamp-2017\/thumbs\/thumbs_SC5045.JPG\"\n               data-image-id=\"16718\"\n               data-title=\"SC(5045)\"\n               data-description=\"\"\n               data-image-slug=\"sc5045\"\n               class=\"shutterset_6bd4a67f62a7de13e8a03aec327a2ec6\">\n                <img\n                    title=\"SC(5045)\"\n                    alt=\"SC(5045)\"\n                    src=\"http:\/\/www.karate-neuhofen.at\/wp-content\/gallery\/9-sommercamp-2017\/thumbs\/thumbs_SC5045.JPG\"\n                    width=\"240\"\n                    height=\"160\"\n                    style=\"max-width:100%;\"\n                \/>\n            <\/a>\n        <\/div>\n\t\t\t\t\t\t\t<\/div> \n\t\t\t\n        \n\t\t\t\t<div id=\"ngg-image-834\" class=\"ngg-gallery-thumbnail-box\" >\n\t\t\t\t        <div class=\"ngg-gallery-thumbnail\">\n            <a href=\"http:\/\/www.karate-neuhofen.at\/wp-content\/gallery\/9-sommercamp-2017\/SC5046.JPG\"\n               title=\"\"\n               data-src=\"http:\/\/www.karate-neuhofen.at\/wp-content\/gallery\/9-sommercamp-2017\/SC5046.JPG\"\n               data-thumbnail=\"http:\/\/www.karate-neuhofen.at\/wp-content\/gallery\/9-sommercamp-2017\/thumbs\/thumbs_SC5046.JPG\"\n               data-image-id=\"16719\"\n               data-title=\"SC(5046)\"\n               data-description=\"\"\n               data-image-slug=\"sc5046\"\n               class=\"shutterset_6bd4a67f62a7de13e8a03aec327a2ec6\">\n                <img\n                    title=\"SC(5046)\"\n                    alt=\"SC(5046)\"\n                    src=\"http:\/\/www.karate-neuhofen.at\/wp-content\/gallery\/9-sommercamp-2017\/thumbs\/thumbs_SC5046.JPG\"\n                    width=\"240\"\n                    height=\"160\"\n                    style=\"max-width:100%;\"\n                \/>\n            <\/a>\n        <\/div>\n\t\t\t\t\t\t\t<\/div> \n\t\t\t\n        \n\t\t\t\t<div id=\"ngg-image-835\" class=\"ngg-gallery-thumbnail-box\" >\n\t\t\t\t        <div class=\"ngg-gallery-thumbnail\">\n            <a href=\"http:\/\/www.karate-neuhofen.at\/wp-content\/gallery\/9-sommercamp-2017\/SC5047.JPG\"\n               title=\"\"\n               data-src=\"http:\/\/www.karate-neuhofen.at\/wp-content\/gallery\/9-sommercamp-2017\/SC5047.JPG\"\n               data-thumbnail=\"http:\/\/www.karate-neuhofen.at\/wp-content\/gallery\/9-sommercamp-2017\/thumbs\/thumbs_SC5047.JPG\"\n               data-image-id=\"16720\"\n               data-title=\"SC(5047)\"\n               data-description=\"\"\n               data-image-slug=\"sc5047\"\n               class=\"shutterset_6bd4a67f62a7de13e8a03aec327a2ec6\">\n                <img\n                    title=\"SC(5047)\"\n                    alt=\"SC(5047)\"\n                    src=\"http:\/\/www.karate-neuhofen.at\/wp-content\/gallery\/9-sommercamp-2017\/thumbs\/thumbs_SC5047.JPG\"\n                    width=\"240\"\n                    height=\"160\"\n                    style=\"max-width:100%;\"\n                \/>\n            <\/a>\n        <\/div>\n\t\t\t\t\t\t\t<\/div> \n\t\t\t\n        \n\t\t\t\t<div id=\"ngg-image-836\" class=\"ngg-gallery-thumbnail-box\" >\n\t\t\t\t        <div class=\"ngg-gallery-thumbnail\">\n            <a href=\"http:\/\/www.karate-neuhofen.at\/wp-content\/gallery\/9-sommercamp-2017\/SC5048.JPG\"\n               title=\"\"\n               data-src=\"http:\/\/www.karate-neuhofen.at\/wp-content\/gallery\/9-sommercamp-2017\/SC5048.JPG\"\n               data-thumbnail=\"http:\/\/www.karate-neuhofen.at\/wp-content\/gallery\/9-sommercamp-2017\/thumbs\/thumbs_SC5048.JPG\"\n               data-image-id=\"16721\"\n               data-title=\"SC(5048)\"\n               data-description=\"\"\n               data-image-slug=\"sc5048\"\n               class=\"shutterset_6bd4a67f62a7de13e8a03aec327a2ec6\">\n                <img\n                    title=\"SC(5048)\"\n                    alt=\"SC(5048)\"\n                    src=\"http:\/\/www.karate-neuhofen.at\/wp-content\/gallery\/9-sommercamp-2017\/thumbs\/thumbs_SC5048.JPG\"\n                    width=\"240\"\n                    height=\"160\"\n                    style=\"max-width:100%;\"\n                \/>\n            <\/a>\n        <\/div>\n\t\t\t\t\t\t\t<\/div> \n\t\t\t\n        \n\t\t\t\t<div id=\"ngg-image-837\" class=\"ngg-gallery-thumbnail-box\" >\n\t\t\t\t        <div class=\"ngg-gallery-thumbnail\">\n            <a href=\"http:\/\/www.karate-neuhofen.at\/wp-content\/gallery\/9-sommercamp-2017\/SC5049.JPG\"\n               title=\"\"\n               data-src=\"http:\/\/www.karate-neuhofen.at\/wp-content\/gallery\/9-sommercamp-2017\/SC5049.JPG\"\n               data-thumbnail=\"http:\/\/www.karate-neuhofen.at\/wp-content\/gallery\/9-sommercamp-2017\/thumbs\/thumbs_SC5049.JPG\"\n               data-image-id=\"16722\"\n               data-title=\"SC(5049)\"\n               data-description=\"\"\n               data-image-slug=\"sc5049\"\n               class=\"shutterset_6bd4a67f62a7de13e8a03aec327a2ec6\">\n                <img\n                    title=\"SC(5049)\"\n                    alt=\"SC(5049)\"\n                    src=\"http:\/\/www.karate-neuhofen.at\/wp-content\/gallery\/9-sommercamp-2017\/thumbs\/thumbs_SC5049.JPG\"\n                    width=\"240\"\n                    height=\"160\"\n                    style=\"max-width:100%;\"\n                \/>\n            <\/a>\n        <\/div>\n\t\t\t\t\t\t\t<\/div> \n\t\t\t\n        \n\t\t\t\t<div id=\"ngg-image-838\" class=\"ngg-gallery-thumbnail-box\" >\n\t\t\t\t        <div class=\"ngg-gallery-thumbnail\">\n            <a href=\"http:\/\/www.karate-neuhofen.at\/wp-content\/gallery\/9-sommercamp-2017\/SC5050.JPG\"\n               title=\"\"\n               data-src=\"http:\/\/www.karate-neuhofen.at\/wp-content\/gallery\/9-sommercamp-2017\/SC5050.JPG\"\n               data-thumbnail=\"http:\/\/www.karate-neuhofen.at\/wp-content\/gallery\/9-sommercamp-2017\/thumbs\/thumbs_SC5050.JPG\"\n               data-image-id=\"16723\"\n               data-title=\"SC(5050)\"\n               data-description=\"\"\n               data-image-slug=\"sc5050\"\n               class=\"shutterset_6bd4a67f62a7de13e8a03aec327a2ec6\">\n                <img\n                    title=\"SC(5050)\"\n                    alt=\"SC(5050)\"\n                    src=\"http:\/\/www.karate-neuhofen.at\/wp-content\/gallery\/9-sommercamp-2017\/thumbs\/thumbs_SC5050.JPG\"\n                    width=\"240\"\n                    height=\"160\"\n                    style=\"max-width:100%;\"\n                \/>\n            <\/a>\n        <\/div>\n\t\t\t\t\t\t\t<\/div> \n\t\t\t\n        \n\t\t\t\t<div id=\"ngg-image-839\" class=\"ngg-gallery-thumbnail-box\" >\n\t\t\t\t        <div class=\"ngg-gallery-thumbnail\">\n            <a href=\"http:\/\/www.karate-neuhofen.at\/wp-content\/gallery\/9-sommercamp-2017\/SC5051.JPG\"\n               title=\"\"\n               data-src=\"http:\/\/www.karate-neuhofen.at\/wp-content\/gallery\/9-sommercamp-2017\/SC5051.JPG\"\n               data-thumbnail=\"http:\/\/www.karate-neuhofen.at\/wp-content\/gallery\/9-sommercamp-2017\/thumbs\/thumbs_SC5051.JPG\"\n               data-image-id=\"16724\"\n               data-title=\"SC(5051)\"\n               data-description=\"\"\n               data-image-slug=\"sc5051\"\n               class=\"shutterset_6bd4a67f62a7de13e8a03aec327a2ec6\">\n                <img\n                    title=\"SC(5051)\"\n                    alt=\"SC(5051)\"\n                    src=\"http:\/\/www.karate-neuhofen.at\/wp-content\/gallery\/9-sommercamp-2017\/thumbs\/thumbs_SC5051.JPG\"\n                    width=\"240\"\n                    height=\"160\"\n                    style=\"max-width:100%;\"\n                \/>\n            <\/a>\n        <\/div>\n\t\t\t\t\t\t\t<\/div> \n\t\t\t\n        \n\t\t\t\t<div id=\"ngg-image-840\" class=\"ngg-gallery-thumbnail-box\" >\n\t\t\t\t        <div class=\"ngg-gallery-thumbnail\">\n            <a href=\"http:\/\/www.karate-neuhofen.at\/wp-content\/gallery\/9-sommercamp-2017\/SC5052.JPG\"\n               title=\"\"\n               data-src=\"http:\/\/www.karate-neuhofen.at\/wp-content\/gallery\/9-sommercamp-2017\/SC5052.JPG\"\n               data-thumbnail=\"http:\/\/www.karate-neuhofen.at\/wp-content\/gallery\/9-sommercamp-2017\/thumbs\/thumbs_SC5052.JPG\"\n               data-image-id=\"16725\"\n               data-title=\"SC(5052)\"\n               data-description=\"\"\n               data-image-slug=\"sc5052\"\n               class=\"shutterset_6bd4a67f62a7de13e8a03aec327a2ec6\">\n                <img\n                    title=\"SC(5052)\"\n                    alt=\"SC(5052)\"\n                    src=\"http:\/\/www.karate-neuhofen.at\/wp-content\/gallery\/9-sommercamp-2017\/thumbs\/thumbs_SC5052.JPG\"\n                    width=\"240\"\n                    height=\"160\"\n                    style=\"max-width:100%;\"\n                \/>\n            <\/a>\n        <\/div>\n\t\t\t\t\t\t\t<\/div> \n\t\t\t\n        \n\t\t\t\t<div id=\"ngg-image-841\" class=\"ngg-gallery-thumbnail-box\" >\n\t\t\t\t        <div class=\"ngg-gallery-thumbnail\">\n            <a href=\"http:\/\/www.karate-neuhofen.at\/wp-content\/gallery\/9-sommercamp-2017\/SC5053.JPG\"\n               title=\"\"\n               data-src=\"http:\/\/www.karate-neuhofen.at\/wp-content\/gallery\/9-sommercamp-2017\/SC5053.JPG\"\n               data-thumbnail=\"http:\/\/www.karate-neuhofen.at\/wp-content\/gallery\/9-sommercamp-2017\/thumbs\/thumbs_SC5053.JPG\"\n               data-image-id=\"16726\"\n               data-title=\"SC(5053)\"\n               data-description=\"\"\n               data-image-slug=\"sc5053\"\n               class=\"shutterset_6bd4a67f62a7de13e8a03aec327a2ec6\">\n                <img\n                    title=\"SC(5053)\"\n                    alt=\"SC(5053)\"\n                    src=\"http:\/\/www.karate-neuhofen.at\/wp-content\/gallery\/9-sommercamp-2017\/thumbs\/thumbs_SC5053.JPG\"\n                    width=\"240\"\n                    height=\"160\"\n                    style=\"max-width:100%;\"\n                \/>\n            <\/a>\n        <\/div>\n\t\t\t\t\t\t\t<\/div> \n\t\t\t\n        \n\t\t\t\t<div id=\"ngg-image-842\" class=\"ngg-gallery-thumbnail-box\" >\n\t\t\t\t        <div class=\"ngg-gallery-thumbnail\">\n            <a href=\"http:\/\/www.karate-neuhofen.at\/wp-content\/gallery\/9-sommercamp-2017\/SC5054.JPG\"\n               title=\"\"\n               data-src=\"http:\/\/www.karate-neuhofen.at\/wp-content\/gallery\/9-sommercamp-2017\/SC5054.JPG\"\n               data-thumbnail=\"http:\/\/www.karate-neuhofen.at\/wp-content\/gallery\/9-sommercamp-2017\/thumbs\/thumbs_SC5054.JPG\"\n               data-image-id=\"16727\"\n               data-title=\"SC(5054)\"\n               data-description=\"\"\n               data-image-slug=\"sc5054\"\n               class=\"shutterset_6bd4a67f62a7de13e8a03aec327a2ec6\">\n                <img\n                    title=\"SC(5054)\"\n                    alt=\"SC(5054)\"\n                    src=\"http:\/\/www.karate-neuhofen.at\/wp-content\/gallery\/9-sommercamp-2017\/thumbs\/thumbs_SC5054.JPG\"\n                    width=\"240\"\n                    height=\"160\"\n                    style=\"max-width:100%;\"\n                \/>\n            <\/a>\n        <\/div>\n\t\t\t\t\t\t\t<\/div> \n\t\t\t\n        \n\t\t\t\t<div id=\"ngg-image-843\" class=\"ngg-gallery-thumbnail-box\" >\n\t\t\t\t        <div class=\"ngg-gallery-thumbnail\">\n            <a href=\"http:\/\/www.karate-neuhofen.at\/wp-content\/gallery\/9-sommercamp-2017\/SC5055.JPG\"\n               title=\"\"\n               data-src=\"http:\/\/www.karate-neuhofen.at\/wp-content\/gallery\/9-sommercamp-2017\/SC5055.JPG\"\n               data-thumbnail=\"http:\/\/www.karate-neuhofen.at\/wp-content\/gallery\/9-sommercamp-2017\/thumbs\/thumbs_SC5055.JPG\"\n               data-image-id=\"16728\"\n               data-title=\"SC(5055)\"\n               data-description=\"\"\n               data-image-slug=\"sc5055\"\n               class=\"shutterset_6bd4a67f62a7de13e8a03aec327a2ec6\">\n                <img\n                    title=\"SC(5055)\"\n                    alt=\"SC(5055)\"\n                    src=\"http:\/\/www.karate-neuhofen.at\/wp-content\/gallery\/9-sommercamp-2017\/thumbs\/thumbs_SC5055.JPG\"\n                    width=\"240\"\n                    height=\"160\"\n                    style=\"max-width:100%;\"\n                \/>\n            <\/a>\n        <\/div>\n\t\t\t\t\t\t\t<\/div> \n\t\t\t\n        \n\t\t\t\t<div id=\"ngg-image-844\" class=\"ngg-gallery-thumbnail-box\" >\n\t\t\t\t        <div class=\"ngg-gallery-thumbnail\">\n            <a href=\"http:\/\/www.karate-neuhofen.at\/wp-content\/gallery\/9-sommercamp-2017\/SC5056.JPG\"\n               title=\"\"\n               data-src=\"http:\/\/www.karate-neuhofen.at\/wp-content\/gallery\/9-sommercamp-2017\/SC5056.JPG\"\n               data-thumbnail=\"http:\/\/www.karate-neuhofen.at\/wp-content\/gallery\/9-sommercamp-2017\/thumbs\/thumbs_SC5056.JPG\"\n               data-image-id=\"16729\"\n               data-title=\"SC(5056)\"\n               data-description=\"\"\n               data-image-slug=\"sc5056\"\n               class=\"shutterset_6bd4a67f62a7de13e8a03aec327a2ec6\">\n                <img\n                    title=\"SC(5056)\"\n                    alt=\"SC(5056)\"\n                    src=\"http:\/\/www.karate-neuhofen.at\/wp-content\/gallery\/9-sommercamp-2017\/thumbs\/thumbs_SC5056.JPG\"\n                    width=\"240\"\n                    height=\"160\"\n                    style=\"max-width:100%;\"\n                \/>\n            <\/a>\n        <\/div>\n\t\t\t\t\t\t\t<\/div> \n\t\t\t\n        \n\t\t\t\t<div id=\"ngg-image-845\" class=\"ngg-gallery-thumbnail-box\" >\n\t\t\t\t        <div class=\"ngg-gallery-thumbnail\">\n            <a href=\"http:\/\/www.karate-neuhofen.at\/wp-content\/gallery\/9-sommercamp-2017\/SC5057.JPG\"\n               title=\"\"\n               data-src=\"http:\/\/www.karate-neuhofen.at\/wp-content\/gallery\/9-sommercamp-2017\/SC5057.JPG\"\n               data-thumbnail=\"http:\/\/www.karate-neuhofen.at\/wp-content\/gallery\/9-sommercamp-2017\/thumbs\/thumbs_SC5057.JPG\"\n               data-image-id=\"16730\"\n               data-title=\"SC(5057)\"\n               data-description=\"\"\n               data-image-slug=\"sc5057\"\n               class=\"shutterset_6bd4a67f62a7de13e8a03aec327a2ec6\">\n                <img\n                    title=\"SC(5057)\"\n                    alt=\"SC(5057)\"\n                    src=\"http:\/\/www.karate-neuhofen.at\/wp-content\/gallery\/9-sommercamp-2017\/thumbs\/thumbs_SC5057.JPG\"\n                    width=\"240\"\n                    height=\"160\"\n                    style=\"max-width:100%;\"\n                \/>\n            <\/a>\n        <\/div>\n\t\t\t\t\t\t\t<\/div> \n\t\t\t\n        \n\t\t\t\t<div id=\"ngg-image-846\" class=\"ngg-gallery-thumbnail-box\" >\n\t\t\t\t        <div class=\"ngg-gallery-thumbnail\">\n            <a href=\"http:\/\/www.karate-neuhofen.at\/wp-content\/gallery\/9-sommercamp-2017\/SC5058.JPG\"\n               title=\"\"\n               data-src=\"http:\/\/www.karate-neuhofen.at\/wp-content\/gallery\/9-sommercamp-2017\/SC5058.JPG\"\n               data-thumbnail=\"http:\/\/www.karate-neuhofen.at\/wp-content\/gallery\/9-sommercamp-2017\/thumbs\/thumbs_SC5058.JPG\"\n               data-image-id=\"16731\"\n               data-title=\"SC(5058)\"\n               data-description=\"\"\n               data-image-slug=\"sc5058\"\n               class=\"shutterset_6bd4a67f62a7de13e8a03aec327a2ec6\">\n                <img\n                    title=\"SC(5058)\"\n                    alt=\"SC(5058)\"\n                    src=\"http:\/\/www.karate-neuhofen.at\/wp-content\/gallery\/9-sommercamp-2017\/thumbs\/thumbs_SC5058.JPG\"\n                    width=\"240\"\n                    height=\"160\"\n                    style=\"max-width:100%;\"\n                \/>\n            <\/a>\n        <\/div>\n\t\t\t\t\t\t\t<\/div> \n\t\t\t\n        \n\t\t\t\t<div id=\"ngg-image-847\" class=\"ngg-gallery-thumbnail-box\" >\n\t\t\t\t        <div class=\"ngg-gallery-thumbnail\">\n            <a href=\"http:\/\/www.karate-neuhofen.at\/wp-content\/gallery\/9-sommercamp-2017\/SC5059.JPG\"\n               title=\"\"\n               data-src=\"http:\/\/www.karate-neuhofen.at\/wp-content\/gallery\/9-sommercamp-2017\/SC5059.JPG\"\n               data-thumbnail=\"http:\/\/www.karate-neuhofen.at\/wp-content\/gallery\/9-sommercamp-2017\/thumbs\/thumbs_SC5059.JPG\"\n               data-image-id=\"16732\"\n               data-title=\"SC(5059)\"\n               data-description=\"\"\n               data-image-slug=\"sc5059\"\n               class=\"shutterset_6bd4a67f62a7de13e8a03aec327a2ec6\">\n                <img\n                    title=\"SC(5059)\"\n                    alt=\"SC(5059)\"\n                    src=\"http:\/\/www.karate-neuhofen.at\/wp-content\/gallery\/9-sommercamp-2017\/thumbs\/thumbs_SC5059.JPG\"\n                    width=\"240\"\n                    height=\"160\"\n                    style=\"max-width:100%;\"\n                \/>\n            <\/a>\n        <\/div>\n\t\t\t\t\t\t\t<\/div> \n\t\t\t\n        \n\t\t\t\t<div id=\"ngg-image-848\" class=\"ngg-gallery-thumbnail-box\" >\n\t\t\t\t        <div class=\"ngg-gallery-thumbnail\">\n            <a href=\"http:\/\/www.karate-neuhofen.at\/wp-content\/gallery\/9-sommercamp-2017\/SC5060.JPG\"\n               title=\"\"\n               data-src=\"http:\/\/www.karate-neuhofen.at\/wp-content\/gallery\/9-sommercamp-2017\/SC5060.JPG\"\n               data-thumbnail=\"http:\/\/www.karate-neuhofen.at\/wp-content\/gallery\/9-sommercamp-2017\/thumbs\/thumbs_SC5060.JPG\"\n               data-image-id=\"16733\"\n               data-title=\"SC(5060)\"\n               data-description=\"\"\n               data-image-slug=\"sc5060\"\n               class=\"shutterset_6bd4a67f62a7de13e8a03aec327a2ec6\">\n                <img\n                    title=\"SC(5060)\"\n                    alt=\"SC(5060)\"\n                    src=\"http:\/\/www.karate-neuhofen.at\/wp-content\/gallery\/9-sommercamp-2017\/thumbs\/thumbs_SC5060.JPG\"\n                    width=\"240\"\n                    height=\"160\"\n                    style=\"max-width:100%;\"\n                \/>\n            <\/a>\n        <\/div>\n\t\t\t\t\t\t\t<\/div> \n\t\t\t\n        \n\t\t\t\t<div id=\"ngg-image-849\" class=\"ngg-gallery-thumbnail-box\" >\n\t\t\t\t        <div class=\"ngg-gallery-thumbnail\">\n            <a href=\"http:\/\/www.karate-neuhofen.at\/wp-content\/gallery\/9-sommercamp-2017\/SC5061.JPG\"\n               title=\"\"\n               data-src=\"http:\/\/www.karate-neuhofen.at\/wp-content\/gallery\/9-sommercamp-2017\/SC5061.JPG\"\n               data-thumbnail=\"http:\/\/www.karate-neuhofen.at\/wp-content\/gallery\/9-sommercamp-2017\/thumbs\/thumbs_SC5061.JPG\"\n               data-image-id=\"16734\"\n               data-title=\"SC(5061)\"\n               data-description=\"\"\n               data-image-slug=\"sc5061\"\n               class=\"shutterset_6bd4a67f62a7de13e8a03aec327a2ec6\">\n                <img\n                    title=\"SC(5061)\"\n                    alt=\"SC(5061)\"\n                    src=\"http:\/\/www.karate-neuhofen.at\/wp-content\/gallery\/9-sommercamp-2017\/thumbs\/thumbs_SC5061.JPG\"\n                    width=\"240\"\n                    height=\"160\"\n                    style=\"max-width:100%;\"\n                \/>\n            <\/a>\n        <\/div>\n\t\t\t\t\t\t\t<\/div> \n\t\t\t\n        \n\t\t\t\t<div id=\"ngg-image-850\" class=\"ngg-gallery-thumbnail-box\" >\n\t\t\t\t        <div class=\"ngg-gallery-thumbnail\">\n            <a href=\"http:\/\/www.karate-neuhofen.at\/wp-content\/gallery\/9-sommercamp-2017\/SC5062.JPG\"\n               title=\"\"\n               data-src=\"http:\/\/www.karate-neuhofen.at\/wp-content\/gallery\/9-sommercamp-2017\/SC5062.JPG\"\n               data-thumbnail=\"http:\/\/www.karate-neuhofen.at\/wp-content\/gallery\/9-sommercamp-2017\/thumbs\/thumbs_SC5062.JPG\"\n               data-image-id=\"16735\"\n               data-title=\"SC(5062)\"\n               data-description=\"\"\n               data-image-slug=\"sc5062\"\n               class=\"shutterset_6bd4a67f62a7de13e8a03aec327a2ec6\">\n                <img\n                    title=\"SC(5062)\"\n                    alt=\"SC(5062)\"\n                    src=\"http:\/\/www.karate-neuhofen.at\/wp-content\/gallery\/9-sommercamp-2017\/thumbs\/thumbs_SC5062.JPG\"\n                    width=\"240\"\n                    height=\"160\"\n                    style=\"max-width:100%;\"\n                \/>\n            <\/a>\n        <\/div>\n\t\t\t\t\t\t\t<\/div> \n\t\t\t\n        \n\t\t\t\t<div id=\"ngg-image-851\" class=\"ngg-gallery-thumbnail-box\" >\n\t\t\t\t        <div class=\"ngg-gallery-thumbnail\">\n            <a href=\"http:\/\/www.karate-neuhofen.at\/wp-content\/gallery\/9-sommercamp-2017\/SC5063.JPG\"\n               title=\"\"\n               data-src=\"http:\/\/www.karate-neuhofen.at\/wp-content\/gallery\/9-sommercamp-2017\/SC5063.JPG\"\n               data-thumbnail=\"http:\/\/www.karate-neuhofen.at\/wp-content\/gallery\/9-sommercamp-2017\/thumbs\/thumbs_SC5063.JPG\"\n               data-image-id=\"16736\"\n               data-title=\"SC(5063)\"\n               data-description=\"\"\n               data-image-slug=\"sc5063\"\n               class=\"shutterset_6bd4a67f62a7de13e8a03aec327a2ec6\">\n                <img\n                    title=\"SC(5063)\"\n                    alt=\"SC(5063)\"\n                    src=\"http:\/\/www.karate-neuhofen.at\/wp-content\/gallery\/9-sommercamp-2017\/thumbs\/thumbs_SC5063.JPG\"\n                    width=\"240\"\n                    height=\"160\"\n                    style=\"max-width:100%;\"\n                \/>\n            <\/a>\n        <\/div>\n\t\t\t\t\t\t\t<\/div> \n\t\t\t\n        \n\t\t\t\t<div id=\"ngg-image-852\" class=\"ngg-gallery-thumbnail-box\" >\n\t\t\t\t        <div class=\"ngg-gallery-thumbnail\">\n            <a href=\"http:\/\/www.karate-neuhofen.at\/wp-content\/gallery\/9-sommercamp-2017\/SC5064.JPG\"\n               title=\"\"\n               data-src=\"http:\/\/www.karate-neuhofen.at\/wp-content\/gallery\/9-sommercamp-2017\/SC5064.JPG\"\n               data-thumbnail=\"http:\/\/www.karate-neuhofen.at\/wp-content\/gallery\/9-sommercamp-2017\/thumbs\/thumbs_SC5064.JPG\"\n               data-image-id=\"16737\"\n               data-title=\"SC(5064)\"\n               data-description=\"\"\n               data-image-slug=\"sc5064\"\n               class=\"shutterset_6bd4a67f62a7de13e8a03aec327a2ec6\">\n                <img\n                    title=\"SC(5064)\"\n                    alt=\"SC(5064)\"\n                    src=\"http:\/\/www.karate-neuhofen.at\/wp-content\/gallery\/9-sommercamp-2017\/thumbs\/thumbs_SC5064.JPG\"\n                    width=\"240\"\n                    height=\"160\"\n                    style=\"max-width:100%;\"\n                \/>\n            <\/a>\n        <\/div>\n\t\t\t\t\t\t\t<\/div> \n\t\t\t\n        \n\t\t\t\t<div id=\"ngg-image-853\" class=\"ngg-gallery-thumbnail-box\" >\n\t\t\t\t        <div class=\"ngg-gallery-thumbnail\">\n            <a href=\"http:\/\/www.karate-neuhofen.at\/wp-content\/gallery\/9-sommercamp-2017\/SC5065.JPG\"\n               title=\"\"\n               data-src=\"http:\/\/www.karate-neuhofen.at\/wp-content\/gallery\/9-sommercamp-2017\/SC5065.JPG\"\n               data-thumbnail=\"http:\/\/www.karate-neuhofen.at\/wp-content\/gallery\/9-sommercamp-2017\/thumbs\/thumbs_SC5065.JPG\"\n               data-image-id=\"16738\"\n               data-title=\"SC(5065)\"\n               data-description=\"\"\n               data-image-slug=\"sc5065\"\n               class=\"shutterset_6bd4a67f62a7de13e8a03aec327a2ec6\">\n                <img\n                    title=\"SC(5065)\"\n                    alt=\"SC(5065)\"\n                    src=\"http:\/\/www.karate-neuhofen.at\/wp-content\/gallery\/9-sommercamp-2017\/thumbs\/thumbs_SC5065.JPG\"\n                    width=\"240\"\n                    height=\"160\"\n                    style=\"max-width:100%;\"\n                \/>\n            <\/a>\n        <\/div>\n\t\t\t\t\t\t\t<\/div> \n\t\t\t\n        \n\t\t\t\t<div id=\"ngg-image-854\" class=\"ngg-gallery-thumbnail-box\" >\n\t\t\t\t        <div class=\"ngg-gallery-thumbnail\">\n            <a href=\"http:\/\/www.karate-neuhofen.at\/wp-content\/gallery\/9-sommercamp-2017\/SC5066.JPG\"\n               title=\"\"\n               data-src=\"http:\/\/www.karate-neuhofen.at\/wp-content\/gallery\/9-sommercamp-2017\/SC5066.JPG\"\n               data-thumbnail=\"http:\/\/www.karate-neuhofen.at\/wp-content\/gallery\/9-sommercamp-2017\/thumbs\/thumbs_SC5066.JPG\"\n               data-image-id=\"16739\"\n               data-title=\"SC(5066)\"\n               data-description=\"\"\n               data-image-slug=\"sc5066\"\n               class=\"shutterset_6bd4a67f62a7de13e8a03aec327a2ec6\">\n                <img\n                    title=\"SC(5066)\"\n                    alt=\"SC(5066)\"\n                    src=\"http:\/\/www.karate-neuhofen.at\/wp-content\/gallery\/9-sommercamp-2017\/thumbs\/thumbs_SC5066.JPG\"\n                    width=\"240\"\n                    height=\"160\"\n                    style=\"max-width:100%;\"\n                \/>\n            <\/a>\n        <\/div>\n\t\t\t\t\t\t\t<\/div> \n\t\t\t\n        \n\t\t\t\t<div id=\"ngg-image-855\" class=\"ngg-gallery-thumbnail-box\" >\n\t\t\t\t        <div class=\"ngg-gallery-thumbnail\">\n            <a href=\"http:\/\/www.karate-neuhofen.at\/wp-content\/gallery\/9-sommercamp-2017\/SC5067.JPG\"\n               title=\"\"\n               data-src=\"http:\/\/www.karate-neuhofen.at\/wp-content\/gallery\/9-sommercamp-2017\/SC5067.JPG\"\n               data-thumbnail=\"http:\/\/www.karate-neuhofen.at\/wp-content\/gallery\/9-sommercamp-2017\/thumbs\/thumbs_SC5067.JPG\"\n               data-image-id=\"16740\"\n               data-title=\"SC(5067)\"\n               data-description=\"\"\n               data-image-slug=\"sc5067\"\n               class=\"shutterset_6bd4a67f62a7de13e8a03aec327a2ec6\">\n                <img\n                    title=\"SC(5067)\"\n                    alt=\"SC(5067)\"\n                    src=\"http:\/\/www.karate-neuhofen.at\/wp-content\/gallery\/9-sommercamp-2017\/thumbs\/thumbs_SC5067.JPG\"\n                    width=\"240\"\n                    height=\"160\"\n                    style=\"max-width:100%;\"\n                \/>\n            <\/a>\n        <\/div>\n\t\t\t\t\t\t\t<\/div> \n\t\t\t\n        \n\t\t\t\t<div id=\"ngg-image-856\" class=\"ngg-gallery-thumbnail-box\" >\n\t\t\t\t        <div class=\"ngg-gallery-thumbnail\">\n            <a href=\"http:\/\/www.karate-neuhofen.at\/wp-content\/gallery\/9-sommercamp-2017\/SC5068.JPG\"\n               title=\"\"\n               data-src=\"http:\/\/www.karate-neuhofen.at\/wp-content\/gallery\/9-sommercamp-2017\/SC5068.JPG\"\n               data-thumbnail=\"http:\/\/www.karate-neuhofen.at\/wp-content\/gallery\/9-sommercamp-2017\/thumbs\/thumbs_SC5068.JPG\"\n               data-image-id=\"16741\"\n               data-title=\"SC(5068)\"\n               data-description=\"\"\n               data-image-slug=\"sc5068\"\n               class=\"shutterset_6bd4a67f62a7de13e8a03aec327a2ec6\">\n                <img\n                    title=\"SC(5068)\"\n                    alt=\"SC(5068)\"\n                    src=\"http:\/\/www.karate-neuhofen.at\/wp-content\/gallery\/9-sommercamp-2017\/thumbs\/thumbs_SC5068.JPG\"\n                    width=\"240\"\n                    height=\"160\"\n                    style=\"max-width:100%;\"\n                \/>\n            <\/a>\n        <\/div>\n\t\t\t\t\t\t\t<\/div> \n\t\t\t\n        \n\t\t\t\t<div id=\"ngg-image-857\" class=\"ngg-gallery-thumbnail-box\" >\n\t\t\t\t        <div class=\"ngg-gallery-thumbnail\">\n            <a href=\"http:\/\/www.karate-neuhofen.at\/wp-content\/gallery\/9-sommercamp-2017\/SC6001.JPG\"\n               title=\"\"\n               data-src=\"http:\/\/www.karate-neuhofen.at\/wp-content\/gallery\/9-sommercamp-2017\/SC6001.JPG\"\n               data-thumbnail=\"http:\/\/www.karate-neuhofen.at\/wp-content\/gallery\/9-sommercamp-2017\/thumbs\/thumbs_SC6001.JPG\"\n               data-image-id=\"16742\"\n               data-title=\"SC(6001)\"\n               data-description=\"\"\n               data-image-slug=\"sc6001\"\n               class=\"shutterset_6bd4a67f62a7de13e8a03aec327a2ec6\">\n                <img\n                    title=\"SC(6001)\"\n                    alt=\"SC(6001)\"\n                    src=\"http:\/\/www.karate-neuhofen.at\/wp-content\/gallery\/9-sommercamp-2017\/thumbs\/thumbs_SC6001.JPG\"\n                    width=\"240\"\n                    height=\"160\"\n                    style=\"max-width:100%;\"\n                \/>\n            <\/a>\n        <\/div>\n\t\t\t\t\t\t\t<\/div> \n\t\t\t\n        \n\t\t\t\t<div id=\"ngg-image-858\" class=\"ngg-gallery-thumbnail-box\" >\n\t\t\t\t        <div class=\"ngg-gallery-thumbnail\">\n            <a href=\"http:\/\/www.karate-neuhofen.at\/wp-content\/gallery\/9-sommercamp-2017\/SC6002.JPG\"\n               title=\"\"\n               data-src=\"http:\/\/www.karate-neuhofen.at\/wp-content\/gallery\/9-sommercamp-2017\/SC6002.JPG\"\n               data-thumbnail=\"http:\/\/www.karate-neuhofen.at\/wp-content\/gallery\/9-sommercamp-2017\/thumbs\/thumbs_SC6002.JPG\"\n               data-image-id=\"16743\"\n               data-title=\"SC(6002)\"\n               data-description=\"\"\n               data-image-slug=\"sc6002\"\n               class=\"shutterset_6bd4a67f62a7de13e8a03aec327a2ec6\">\n                <img\n                    title=\"SC(6002)\"\n                    alt=\"SC(6002)\"\n                    src=\"http:\/\/www.karate-neuhofen.at\/wp-content\/gallery\/9-sommercamp-2017\/thumbs\/thumbs_SC6002.JPG\"\n                    width=\"240\"\n                    height=\"160\"\n                    style=\"max-width:100%;\"\n                \/>\n            <\/a>\n        <\/div>\n\t\t\t\t\t\t\t<\/div> \n\t\t\t\n        \n\t\t\t\t<div id=\"ngg-image-859\" class=\"ngg-gallery-thumbnail-box\" >\n\t\t\t\t        <div class=\"ngg-gallery-thumbnail\">\n            <a href=\"http:\/\/www.karate-neuhofen.at\/wp-content\/gallery\/9-sommercamp-2017\/SC6003.JPG\"\n               title=\"\"\n               data-src=\"http:\/\/www.karate-neuhofen.at\/wp-content\/gallery\/9-sommercamp-2017\/SC6003.JPG\"\n               data-thumbnail=\"http:\/\/www.karate-neuhofen.at\/wp-content\/gallery\/9-sommercamp-2017\/thumbs\/thumbs_SC6003.JPG\"\n               data-image-id=\"16744\"\n               data-title=\"SC(6003)\"\n               data-description=\"\"\n               data-image-slug=\"sc6003\"\n               class=\"shutterset_6bd4a67f62a7de13e8a03aec327a2ec6\">\n                <img\n                    title=\"SC(6003)\"\n                    alt=\"SC(6003)\"\n                    src=\"http:\/\/www.karate-neuhofen.at\/wp-content\/gallery\/9-sommercamp-2017\/thumbs\/thumbs_SC6003.JPG\"\n                    width=\"240\"\n                    height=\"160\"\n                    style=\"max-width:100%;\"\n                \/>\n            <\/a>\n        <\/div>\n\t\t\t\t\t\t\t<\/div> \n\t\t\t\n        \n\t\t\t\t<div id=\"ngg-image-860\" class=\"ngg-gallery-thumbnail-box\" >\n\t\t\t\t        <div class=\"ngg-gallery-thumbnail\">\n            <a href=\"http:\/\/www.karate-neuhofen.at\/wp-content\/gallery\/9-sommercamp-2017\/SC6004.JPG\"\n               title=\"\"\n               data-src=\"http:\/\/www.karate-neuhofen.at\/wp-content\/gallery\/9-sommercamp-2017\/SC6004.JPG\"\n               data-thumbnail=\"http:\/\/www.karate-neuhofen.at\/wp-content\/gallery\/9-sommercamp-2017\/thumbs\/thumbs_SC6004.JPG\"\n               data-image-id=\"16745\"\n               data-title=\"SC(6004)\"\n               data-description=\"\"\n               data-image-slug=\"sc6004\"\n               class=\"shutterset_6bd4a67f62a7de13e8a03aec327a2ec6\">\n                <img\n                    title=\"SC(6004)\"\n                    alt=\"SC(6004)\"\n                    src=\"http:\/\/www.karate-neuhofen.at\/wp-content\/gallery\/9-sommercamp-2017\/thumbs\/thumbs_SC6004.JPG\"\n                    width=\"240\"\n                    height=\"160\"\n                    style=\"max-width:100%;\"\n                \/>\n            <\/a>\n        <\/div>\n\t\t\t\t\t\t\t<\/div> \n\t\t\t\n        \n\t\t\t\t<div id=\"ngg-image-861\" class=\"ngg-gallery-thumbnail-box\" >\n\t\t\t\t        <div class=\"ngg-gallery-thumbnail\">\n            <a href=\"http:\/\/www.karate-neuhofen.at\/wp-content\/gallery\/9-sommercamp-2017\/SC6005.JPG\"\n               title=\"\"\n               data-src=\"http:\/\/www.karate-neuhofen.at\/wp-content\/gallery\/9-sommercamp-2017\/SC6005.JPG\"\n               data-thumbnail=\"http:\/\/www.karate-neuhofen.at\/wp-content\/gallery\/9-sommercamp-2017\/thumbs\/thumbs_SC6005.JPG\"\n               data-image-id=\"16746\"\n               data-title=\"SC(6005)\"\n               data-description=\"\"\n               data-image-slug=\"sc6005\"\n               class=\"shutterset_6bd4a67f62a7de13e8a03aec327a2ec6\">\n                <img\n                    title=\"SC(6005)\"\n                    alt=\"SC(6005)\"\n                    src=\"http:\/\/www.karate-neuhofen.at\/wp-content\/gallery\/9-sommercamp-2017\/thumbs\/thumbs_SC6005.JPG\"\n                    width=\"240\"\n                    height=\"160\"\n                    style=\"max-width:100%;\"\n                \/>\n            <\/a>\n        <\/div>\n\t\t\t\t\t\t\t<\/div> \n\t\t\t\n        \n\t\t\t\t<div id=\"ngg-image-862\" class=\"ngg-gallery-thumbnail-box\" >\n\t\t\t\t        <div class=\"ngg-gallery-thumbnail\">\n            <a href=\"http:\/\/www.karate-neuhofen.at\/wp-content\/gallery\/9-sommercamp-2017\/SC6006.JPG\"\n               title=\"\"\n               data-src=\"http:\/\/www.karate-neuhofen.at\/wp-content\/gallery\/9-sommercamp-2017\/SC6006.JPG\"\n               data-thumbnail=\"http:\/\/www.karate-neuhofen.at\/wp-content\/gallery\/9-sommercamp-2017\/thumbs\/thumbs_SC6006.JPG\"\n               data-image-id=\"16747\"\n               data-title=\"SC(6006)\"\n               data-description=\"\"\n               data-image-slug=\"sc6006\"\n               class=\"shutterset_6bd4a67f62a7de13e8a03aec327a2ec6\">\n                <img\n                    title=\"SC(6006)\"\n                    alt=\"SC(6006)\"\n                    src=\"http:\/\/www.karate-neuhofen.at\/wp-content\/gallery\/9-sommercamp-2017\/thumbs\/thumbs_SC6006.JPG\"\n                    width=\"240\"\n                    height=\"160\"\n                    style=\"max-width:100%;\"\n                \/>\n            <\/a>\n        <\/div>\n\t\t\t\t\t\t\t<\/div> \n\t\t\t\n        \n\t\t\t\t<div id=\"ngg-image-863\" class=\"ngg-gallery-thumbnail-box\" >\n\t\t\t\t        <div class=\"ngg-gallery-thumbnail\">\n            <a href=\"http:\/\/www.karate-neuhofen.at\/wp-content\/gallery\/9-sommercamp-2017\/SC6007.JPG\"\n               title=\"\"\n               data-src=\"http:\/\/www.karate-neuhofen.at\/wp-content\/gallery\/9-sommercamp-2017\/SC6007.JPG\"\n               data-thumbnail=\"http:\/\/www.karate-neuhofen.at\/wp-content\/gallery\/9-sommercamp-2017\/thumbs\/thumbs_SC6007.JPG\"\n               data-image-id=\"16748\"\n               data-title=\"SC(6007)\"\n               data-description=\"\"\n               data-image-slug=\"sc6007\"\n               class=\"shutterset_6bd4a67f62a7de13e8a03aec327a2ec6\">\n                <img\n                    title=\"SC(6007)\"\n                    alt=\"SC(6007)\"\n                    src=\"http:\/\/www.karate-neuhofen.at\/wp-content\/gallery\/9-sommercamp-2017\/thumbs\/thumbs_SC6007.JPG\"\n                    width=\"240\"\n                    height=\"160\"\n                    style=\"max-width:100%;\"\n                \/>\n            <\/a>\n        <\/div>\n\t\t\t\t\t\t\t<\/div> \n\t\t\t\n        \n\t\t\t\t<div id=\"ngg-image-864\" class=\"ngg-gallery-thumbnail-box\" >\n\t\t\t\t        <div class=\"ngg-gallery-thumbnail\">\n            <a href=\"http:\/\/www.karate-neuhofen.at\/wp-content\/gallery\/9-sommercamp-2017\/SC6008.JPG\"\n               title=\"\"\n               data-src=\"http:\/\/www.karate-neuhofen.at\/wp-content\/gallery\/9-sommercamp-2017\/SC6008.JPG\"\n               data-thumbnail=\"http:\/\/www.karate-neuhofen.at\/wp-content\/gallery\/9-sommercamp-2017\/thumbs\/thumbs_SC6008.JPG\"\n               data-image-id=\"16749\"\n               data-title=\"SC(6008)\"\n               data-description=\"\"\n               data-image-slug=\"sc6008\"\n               class=\"shutterset_6bd4a67f62a7de13e8a03aec327a2ec6\">\n                <img\n                    title=\"SC(6008)\"\n                    alt=\"SC(6008)\"\n                    src=\"http:\/\/www.karate-neuhofen.at\/wp-content\/gallery\/9-sommercamp-2017\/thumbs\/thumbs_SC6008.JPG\"\n                    width=\"240\"\n                    height=\"160\"\n                    style=\"max-width:100%;\"\n                \/>\n            <\/a>\n        <\/div>\n\t\t\t\t\t\t\t<\/div> \n\t\t\t\n        \n\t\t\t\t<div id=\"ngg-image-865\" class=\"ngg-gallery-thumbnail-box\" >\n\t\t\t\t        <div class=\"ngg-gallery-thumbnail\">\n            <a href=\"http:\/\/www.karate-neuhofen.at\/wp-content\/gallery\/9-sommercamp-2017\/SC6009.JPG\"\n               title=\"\"\n               data-src=\"http:\/\/www.karate-neuhofen.at\/wp-content\/gallery\/9-sommercamp-2017\/SC6009.JPG\"\n               data-thumbnail=\"http:\/\/www.karate-neuhofen.at\/wp-content\/gallery\/9-sommercamp-2017\/thumbs\/thumbs_SC6009.JPG\"\n               data-image-id=\"16750\"\n               data-title=\"SC(6009)\"\n               data-description=\"\"\n               data-image-slug=\"sc6009\"\n               class=\"shutterset_6bd4a67f62a7de13e8a03aec327a2ec6\">\n                <img\n                    title=\"SC(6009)\"\n                    alt=\"SC(6009)\"\n                    src=\"http:\/\/www.karate-neuhofen.at\/wp-content\/gallery\/9-sommercamp-2017\/thumbs\/thumbs_SC6009.JPG\"\n                    width=\"240\"\n                    height=\"160\"\n                    style=\"max-width:100%;\"\n                \/>\n            <\/a>\n        <\/div>\n\t\t\t\t\t\t\t<\/div> \n\t\t\t\n        \n\t\t\t\t<div id=\"ngg-image-866\" class=\"ngg-gallery-thumbnail-box\" >\n\t\t\t\t        <div class=\"ngg-gallery-thumbnail\">\n            <a href=\"http:\/\/www.karate-neuhofen.at\/wp-content\/gallery\/9-sommercamp-2017\/SC6010.JPG\"\n               title=\"\"\n               data-src=\"http:\/\/www.karate-neuhofen.at\/wp-content\/gallery\/9-sommercamp-2017\/SC6010.JPG\"\n               data-thumbnail=\"http:\/\/www.karate-neuhofen.at\/wp-content\/gallery\/9-sommercamp-2017\/thumbs\/thumbs_SC6010.JPG\"\n               data-image-id=\"16751\"\n               data-title=\"SC(6010)\"\n               data-description=\"\"\n               data-image-slug=\"sc6010\"\n               class=\"shutterset_6bd4a67f62a7de13e8a03aec327a2ec6\">\n                <img\n                    title=\"SC(6010)\"\n                    alt=\"SC(6010)\"\n                    src=\"http:\/\/www.karate-neuhofen.at\/wp-content\/gallery\/9-sommercamp-2017\/thumbs\/thumbs_SC6010.JPG\"\n                    width=\"240\"\n                    height=\"160\"\n                    style=\"max-width:100%;\"\n                \/>\n            <\/a>\n        <\/div>\n\t\t\t\t\t\t\t<\/div> \n\t\t\t\n        \n\t\t\t\t<div id=\"ngg-image-867\" class=\"ngg-gallery-thumbnail-box\" >\n\t\t\t\t        <div class=\"ngg-gallery-thumbnail\">\n            <a href=\"http:\/\/www.karate-neuhofen.at\/wp-content\/gallery\/9-sommercamp-2017\/SC6011.JPG\"\n               title=\"\"\n               data-src=\"http:\/\/www.karate-neuhofen.at\/wp-content\/gallery\/9-sommercamp-2017\/SC6011.JPG\"\n               data-thumbnail=\"http:\/\/www.karate-neuhofen.at\/wp-content\/gallery\/9-sommercamp-2017\/thumbs\/thumbs_SC6011.JPG\"\n               data-image-id=\"16752\"\n               data-title=\"SC(6011)\"\n               data-description=\"\"\n               data-image-slug=\"sc6011\"\n               class=\"shutterset_6bd4a67f62a7de13e8a03aec327a2ec6\">\n                <img\n                    title=\"SC(6011)\"\n                    alt=\"SC(6011)\"\n                    src=\"http:\/\/www.karate-neuhofen.at\/wp-content\/gallery\/9-sommercamp-2017\/thumbs\/thumbs_SC6011.JPG\"\n                    width=\"240\"\n                    height=\"160\"\n                    style=\"max-width:100%;\"\n                \/>\n            <\/a>\n        <\/div>\n\t\t\t\t\t\t\t<\/div> \n\t\t\t\n        \n\t\t\t\t<div id=\"ngg-image-868\" class=\"ngg-gallery-thumbnail-box\" >\n\t\t\t\t        <div class=\"ngg-gallery-thumbnail\">\n            <a href=\"http:\/\/www.karate-neuhofen.at\/wp-content\/gallery\/9-sommercamp-2017\/SC6012.JPG\"\n               title=\"\"\n               data-src=\"http:\/\/www.karate-neuhofen.at\/wp-content\/gallery\/9-sommercamp-2017\/SC6012.JPG\"\n               data-thumbnail=\"http:\/\/www.karate-neuhofen.at\/wp-content\/gallery\/9-sommercamp-2017\/thumbs\/thumbs_SC6012.JPG\"\n               data-image-id=\"16753\"\n               data-title=\"SC(6012)\"\n               data-description=\"\"\n               data-image-slug=\"sc6012\"\n               class=\"shutterset_6bd4a67f62a7de13e8a03aec327a2ec6\">\n                <img\n                    title=\"SC(6012)\"\n                    alt=\"SC(6012)\"\n                    src=\"http:\/\/www.karate-neuhofen.at\/wp-content\/gallery\/9-sommercamp-2017\/thumbs\/thumbs_SC6012.JPG\"\n                    width=\"240\"\n                    height=\"160\"\n                    style=\"max-width:100%;\"\n                \/>\n            <\/a>\n        <\/div>\n\t\t\t\t\t\t\t<\/div> \n\t\t\t\n        \n\t\t\t\t<div id=\"ngg-image-869\" class=\"ngg-gallery-thumbnail-box\" >\n\t\t\t\t        <div class=\"ngg-gallery-thumbnail\">\n            <a href=\"http:\/\/www.karate-neuhofen.at\/wp-content\/gallery\/9-sommercamp-2017\/SC6013.JPG\"\n               title=\"\"\n               data-src=\"http:\/\/www.karate-neuhofen.at\/wp-content\/gallery\/9-sommercamp-2017\/SC6013.JPG\"\n               data-thumbnail=\"http:\/\/www.karate-neuhofen.at\/wp-content\/gallery\/9-sommercamp-2017\/thumbs\/thumbs_SC6013.JPG\"\n               data-image-id=\"16754\"\n               data-title=\"SC(6013)\"\n               data-description=\"\"\n               data-image-slug=\"sc6013\"\n               class=\"shutterset_6bd4a67f62a7de13e8a03aec327a2ec6\">\n                <img\n                    title=\"SC(6013)\"\n                    alt=\"SC(6013)\"\n                    src=\"http:\/\/www.karate-neuhofen.at\/wp-content\/gallery\/9-sommercamp-2017\/thumbs\/thumbs_SC6013.JPG\"\n                    width=\"240\"\n                    height=\"160\"\n                    style=\"max-width:100%;\"\n                \/>\n            <\/a>\n        <\/div>\n\t\t\t\t\t\t\t<\/div> \n\t\t\t\n        \n\t\t\t\t<div id=\"ngg-image-870\" class=\"ngg-gallery-thumbnail-box\" >\n\t\t\t\t        <div class=\"ngg-gallery-thumbnail\">\n            <a href=\"http:\/\/www.karate-neuhofen.at\/wp-content\/gallery\/9-sommercamp-2017\/SC6014.JPG\"\n               title=\"\"\n               data-src=\"http:\/\/www.karate-neuhofen.at\/wp-content\/gallery\/9-sommercamp-2017\/SC6014.JPG\"\n               data-thumbnail=\"http:\/\/www.karate-neuhofen.at\/wp-content\/gallery\/9-sommercamp-2017\/thumbs\/thumbs_SC6014.JPG\"\n               data-image-id=\"16755\"\n               data-title=\"SC(6014)\"\n               data-description=\"\"\n               data-image-slug=\"sc6014\"\n               class=\"shutterset_6bd4a67f62a7de13e8a03aec327a2ec6\">\n                <img\n                    title=\"SC(6014)\"\n                    alt=\"SC(6014)\"\n                    src=\"http:\/\/www.karate-neuhofen.at\/wp-content\/gallery\/9-sommercamp-2017\/thumbs\/thumbs_SC6014.JPG\"\n                    width=\"240\"\n                    height=\"160\"\n                    style=\"max-width:100%;\"\n                \/>\n            <\/a>\n        <\/div>\n\t\t\t\t\t\t\t<\/div> \n\t\t\t\n        \n\t\t\t\t<div id=\"ngg-image-871\" class=\"ngg-gallery-thumbnail-box\" >\n\t\t\t\t        <div class=\"ngg-gallery-thumbnail\">\n            <a href=\"http:\/\/www.karate-neuhofen.at\/wp-content\/gallery\/9-sommercamp-2017\/SC6015.JPG\"\n               title=\"\"\n               data-src=\"http:\/\/www.karate-neuhofen.at\/wp-content\/gallery\/9-sommercamp-2017\/SC6015.JPG\"\n               data-thumbnail=\"http:\/\/www.karate-neuhofen.at\/wp-content\/gallery\/9-sommercamp-2017\/thumbs\/thumbs_SC6015.JPG\"\n               data-image-id=\"16756\"\n               data-title=\"SC(6015)\"\n               data-description=\"\"\n               data-image-slug=\"sc6015\"\n               class=\"shutterset_6bd4a67f62a7de13e8a03aec327a2ec6\">\n                <img\n                    title=\"SC(6015)\"\n                    alt=\"SC(6015)\"\n                    src=\"http:\/\/www.karate-neuhofen.at\/wp-content\/gallery\/9-sommercamp-2017\/thumbs\/thumbs_SC6015.JPG\"\n                    width=\"240\"\n                    height=\"160\"\n                    style=\"max-width:100%;\"\n                \/>\n            <\/a>\n        <\/div>\n\t\t\t\t\t\t\t<\/div> \n\t\t\t\n        \n\t\t\t\t<div id=\"ngg-image-872\" class=\"ngg-gallery-thumbnail-box\" >\n\t\t\t\t        <div class=\"ngg-gallery-thumbnail\">\n            <a href=\"http:\/\/www.karate-neuhofen.at\/wp-content\/gallery\/9-sommercamp-2017\/SC6016.JPG\"\n               title=\"\"\n               data-src=\"http:\/\/www.karate-neuhofen.at\/wp-content\/gallery\/9-sommercamp-2017\/SC6016.JPG\"\n               data-thumbnail=\"http:\/\/www.karate-neuhofen.at\/wp-content\/gallery\/9-sommercamp-2017\/thumbs\/thumbs_SC6016.JPG\"\n               data-image-id=\"16757\"\n               data-title=\"SC(6016)\"\n               data-description=\"\"\n               data-image-slug=\"sc6016\"\n               class=\"shutterset_6bd4a67f62a7de13e8a03aec327a2ec6\">\n                <img\n                    title=\"SC(6016)\"\n                    alt=\"SC(6016)\"\n                    src=\"http:\/\/www.karate-neuhofen.at\/wp-content\/gallery\/9-sommercamp-2017\/thumbs\/thumbs_SC6016.JPG\"\n                    width=\"240\"\n                    height=\"160\"\n                    style=\"max-width:100%;\"\n                \/>\n            <\/a>\n        <\/div>\n\t\t\t\t\t\t\t<\/div> \n\t\t\t\n        \n\t\t\t\t<div id=\"ngg-image-873\" class=\"ngg-gallery-thumbnail-box\" >\n\t\t\t\t        <div class=\"ngg-gallery-thumbnail\">\n            <a href=\"http:\/\/www.karate-neuhofen.at\/wp-content\/gallery\/9-sommercamp-2017\/SC6017.JPG\"\n               title=\"\"\n               data-src=\"http:\/\/www.karate-neuhofen.at\/wp-content\/gallery\/9-sommercamp-2017\/SC6017.JPG\"\n               data-thumbnail=\"http:\/\/www.karate-neuhofen.at\/wp-content\/gallery\/9-sommercamp-2017\/thumbs\/thumbs_SC6017.JPG\"\n               data-image-id=\"16758\"\n               data-title=\"SC(6017)\"\n               data-description=\"\"\n               data-image-slug=\"sc6017\"\n               class=\"shutterset_6bd4a67f62a7de13e8a03aec327a2ec6\">\n                <img\n                    title=\"SC(6017)\"\n                    alt=\"SC(6017)\"\n                    src=\"http:\/\/www.karate-neuhofen.at\/wp-content\/gallery\/9-sommercamp-2017\/thumbs\/thumbs_SC6017.JPG\"\n                    width=\"240\"\n                    height=\"160\"\n                    style=\"max-width:100%;\"\n                \/>\n            <\/a>\n        <\/div>\n\t\t\t\t\t\t\t<\/div> \n\t\t\t\n        \n\t\t\t\t<div id=\"ngg-image-874\" class=\"ngg-gallery-thumbnail-box\" >\n\t\t\t\t        <div class=\"ngg-gallery-thumbnail\">\n            <a href=\"http:\/\/www.karate-neuhofen.at\/wp-content\/gallery\/9-sommercamp-2017\/SC6018.JPG\"\n               title=\"\"\n               data-src=\"http:\/\/www.karate-neuhofen.at\/wp-content\/gallery\/9-sommercamp-2017\/SC6018.JPG\"\n               data-thumbnail=\"http:\/\/www.karate-neuhofen.at\/wp-content\/gallery\/9-sommercamp-2017\/thumbs\/thumbs_SC6018.JPG\"\n               data-image-id=\"16759\"\n               data-title=\"SC(6018)\"\n               data-description=\"\"\n               data-image-slug=\"sc6018\"\n               class=\"shutterset_6bd4a67f62a7de13e8a03aec327a2ec6\">\n                <img\n                    title=\"SC(6018)\"\n                    alt=\"SC(6018)\"\n                    src=\"http:\/\/www.karate-neuhofen.at\/wp-content\/gallery\/9-sommercamp-2017\/thumbs\/thumbs_SC6018.JPG\"\n                    width=\"240\"\n                    height=\"160\"\n                    style=\"max-width:100%;\"\n                \/>\n            <\/a>\n        <\/div>\n\t\t\t\t\t\t\t<\/div> \n\t\t\t\n        \n\t\t\t\t<div id=\"ngg-image-875\" class=\"ngg-gallery-thumbnail-box\" >\n\t\t\t\t        <div class=\"ngg-gallery-thumbnail\">\n            <a href=\"http:\/\/www.karate-neuhofen.at\/wp-content\/gallery\/9-sommercamp-2017\/SC6019.JPG\"\n               title=\"\"\n               data-src=\"http:\/\/www.karate-neuhofen.at\/wp-content\/gallery\/9-sommercamp-2017\/SC6019.JPG\"\n               data-thumbnail=\"http:\/\/www.karate-neuhofen.at\/wp-content\/gallery\/9-sommercamp-2017\/thumbs\/thumbs_SC6019.JPG\"\n               data-image-id=\"16760\"\n               data-title=\"SC(6019)\"\n               data-description=\"\"\n               data-image-slug=\"sc6019\"\n               class=\"shutterset_6bd4a67f62a7de13e8a03aec327a2ec6\">\n                <img\n                    title=\"SC(6019)\"\n                    alt=\"SC(6019)\"\n                    src=\"http:\/\/www.karate-neuhofen.at\/wp-content\/gallery\/9-sommercamp-2017\/thumbs\/thumbs_SC6019.JPG\"\n                    width=\"240\"\n                    height=\"160\"\n                    style=\"max-width:100%;\"\n                \/>\n            <\/a>\n        <\/div>\n\t\t\t\t\t\t\t<\/div> \n\t\t\t\n        \n\t\t\t\t<div id=\"ngg-image-876\" class=\"ngg-gallery-thumbnail-box\" >\n\t\t\t\t        <div class=\"ngg-gallery-thumbnail\">\n            <a href=\"http:\/\/www.karate-neuhofen.at\/wp-content\/gallery\/9-sommercamp-2017\/SC6020.JPG\"\n               title=\"\"\n               data-src=\"http:\/\/www.karate-neuhofen.at\/wp-content\/gallery\/9-sommercamp-2017\/SC6020.JPG\"\n               data-thumbnail=\"http:\/\/www.karate-neuhofen.at\/wp-content\/gallery\/9-sommercamp-2017\/thumbs\/thumbs_SC6020.JPG\"\n               data-image-id=\"16761\"\n               data-title=\"SC(6020)\"\n               data-description=\"\"\n               data-image-slug=\"sc6020\"\n               class=\"shutterset_6bd4a67f62a7de13e8a03aec327a2ec6\">\n                <img\n                    title=\"SC(6020)\"\n                    alt=\"SC(6020)\"\n                    src=\"http:\/\/www.karate-neuhofen.at\/wp-content\/gallery\/9-sommercamp-2017\/thumbs\/thumbs_SC6020.JPG\"\n                    width=\"240\"\n                    height=\"160\"\n                    style=\"max-width:100%;\"\n                \/>\n            <\/a>\n        <\/div>\n\t\t\t\t\t\t\t<\/div> \n\t\t\t\n        \n\t\t\t\t<div id=\"ngg-image-877\" class=\"ngg-gallery-thumbnail-box\" >\n\t\t\t\t        <div class=\"ngg-gallery-thumbnail\">\n            <a href=\"http:\/\/www.karate-neuhofen.at\/wp-content\/gallery\/9-sommercamp-2017\/SC6021.JPG\"\n               title=\"\"\n               data-src=\"http:\/\/www.karate-neuhofen.at\/wp-content\/gallery\/9-sommercamp-2017\/SC6021.JPG\"\n               data-thumbnail=\"http:\/\/www.karate-neuhofen.at\/wp-content\/gallery\/9-sommercamp-2017\/thumbs\/thumbs_SC6021.JPG\"\n               data-image-id=\"16762\"\n               data-title=\"SC(6021)\"\n               data-description=\"\"\n               data-image-slug=\"sc6021\"\n               class=\"shutterset_6bd4a67f62a7de13e8a03aec327a2ec6\">\n                <img\n                    title=\"SC(6021)\"\n                    alt=\"SC(6021)\"\n                    src=\"http:\/\/www.karate-neuhofen.at\/wp-content\/gallery\/9-sommercamp-2017\/thumbs\/thumbs_SC6021.JPG\"\n                    width=\"240\"\n                    height=\"160\"\n                    style=\"max-width:100%;\"\n                \/>\n            <\/a>\n        <\/div>\n\t\t\t\t\t\t\t<\/div> \n\t\t\t\n        \n\t\t\t\t<div id=\"ngg-image-878\" class=\"ngg-gallery-thumbnail-box\" >\n\t\t\t\t        <div class=\"ngg-gallery-thumbnail\">\n            <a href=\"http:\/\/www.karate-neuhofen.at\/wp-content\/gallery\/9-sommercamp-2017\/SC6022.JPG\"\n               title=\"\"\n               data-src=\"http:\/\/www.karate-neuhofen.at\/wp-content\/gallery\/9-sommercamp-2017\/SC6022.JPG\"\n               data-thumbnail=\"http:\/\/www.karate-neuhofen.at\/wp-content\/gallery\/9-sommercamp-2017\/thumbs\/thumbs_SC6022.JPG\"\n               data-image-id=\"16763\"\n               data-title=\"SC(6022)\"\n               data-description=\"\"\n               data-image-slug=\"sc6022\"\n               class=\"shutterset_6bd4a67f62a7de13e8a03aec327a2ec6\">\n                <img\n                    title=\"SC(6022)\"\n                    alt=\"SC(6022)\"\n                    src=\"http:\/\/www.karate-neuhofen.at\/wp-content\/gallery\/9-sommercamp-2017\/thumbs\/thumbs_SC6022.JPG\"\n                    width=\"240\"\n                    height=\"160\"\n                    style=\"max-width:100%;\"\n                \/>\n            <\/a>\n        <\/div>\n\t\t\t\t\t\t\t<\/div> \n\t\t\t\n        \n\t\t\t\t<div id=\"ngg-image-879\" class=\"ngg-gallery-thumbnail-box\" >\n\t\t\t\t        <div class=\"ngg-gallery-thumbnail\">\n            <a href=\"http:\/\/www.karate-neuhofen.at\/wp-content\/gallery\/9-sommercamp-2017\/SC6023.JPG\"\n               title=\"\"\n               data-src=\"http:\/\/www.karate-neuhofen.at\/wp-content\/gallery\/9-sommercamp-2017\/SC6023.JPG\"\n               data-thumbnail=\"http:\/\/www.karate-neuhofen.at\/wp-content\/gallery\/9-sommercamp-2017\/thumbs\/thumbs_SC6023.JPG\"\n               data-image-id=\"16764\"\n               data-title=\"SC(6023)\"\n               data-description=\"\"\n               data-image-slug=\"sc6023\"\n               class=\"shutterset_6bd4a67f62a7de13e8a03aec327a2ec6\">\n                <img\n                    title=\"SC(6023)\"\n                    alt=\"SC(6023)\"\n                    src=\"http:\/\/www.karate-neuhofen.at\/wp-content\/gallery\/9-sommercamp-2017\/thumbs\/thumbs_SC6023.JPG\"\n                    width=\"240\"\n                    height=\"160\"\n                    style=\"max-width:100%;\"\n                \/>\n            <\/a>\n        <\/div>\n\t\t\t\t\t\t\t<\/div> \n\t\t\t\n        \n\t\t\t\t<div id=\"ngg-image-880\" class=\"ngg-gallery-thumbnail-box\" >\n\t\t\t\t        <div class=\"ngg-gallery-thumbnail\">\n            <a href=\"http:\/\/www.karate-neuhofen.at\/wp-content\/gallery\/9-sommercamp-2017\/SC6024.JPG\"\n               title=\"\"\n               data-src=\"http:\/\/www.karate-neuhofen.at\/wp-content\/gallery\/9-sommercamp-2017\/SC6024.JPG\"\n               data-thumbnail=\"http:\/\/www.karate-neuhofen.at\/wp-content\/gallery\/9-sommercamp-2017\/thumbs\/thumbs_SC6024.JPG\"\n               data-image-id=\"16765\"\n               data-title=\"SC(6024)\"\n               data-description=\"\"\n               data-image-slug=\"sc6024\"\n               class=\"shutterset_6bd4a67f62a7de13e8a03aec327a2ec6\">\n                <img\n                    title=\"SC(6024)\"\n                    alt=\"SC(6024)\"\n                    src=\"http:\/\/www.karate-neuhofen.at\/wp-content\/gallery\/9-sommercamp-2017\/thumbs\/thumbs_SC6024.JPG\"\n                    width=\"240\"\n                    height=\"160\"\n                    style=\"max-width:100%;\"\n                \/>\n            <\/a>\n        <\/div>\n\t\t\t\t\t\t\t<\/div> \n\t\t\t\n        \n\t\t\t\t<div id=\"ngg-image-881\" class=\"ngg-gallery-thumbnail-box\" >\n\t\t\t\t        <div class=\"ngg-gallery-thumbnail\">\n            <a href=\"http:\/\/www.karate-neuhofen.at\/wp-content\/gallery\/9-sommercamp-2017\/SC6025.JPG\"\n               title=\"\"\n               data-src=\"http:\/\/www.karate-neuhofen.at\/wp-content\/gallery\/9-sommercamp-2017\/SC6025.JPG\"\n               data-thumbnail=\"http:\/\/www.karate-neuhofen.at\/wp-content\/gallery\/9-sommercamp-2017\/thumbs\/thumbs_SC6025.JPG\"\n               data-image-id=\"16766\"\n               data-title=\"SC(6025)\"\n               data-description=\"\"\n               data-image-slug=\"sc6025\"\n               class=\"shutterset_6bd4a67f62a7de13e8a03aec327a2ec6\">\n                <img\n                    title=\"SC(6025)\"\n                    alt=\"SC(6025)\"\n                    src=\"http:\/\/www.karate-neuhofen.at\/wp-content\/gallery\/9-sommercamp-2017\/thumbs\/thumbs_SC6025.JPG\"\n                    width=\"240\"\n                    height=\"160\"\n                    style=\"max-width:100%;\"\n                \/>\n            <\/a>\n        <\/div>\n\t\t\t\t\t\t\t<\/div> \n\t\t\t\n        \n\t\t\t\t<div id=\"ngg-image-882\" class=\"ngg-gallery-thumbnail-box\" >\n\t\t\t\t        <div class=\"ngg-gallery-thumbnail\">\n            <a href=\"http:\/\/www.karate-neuhofen.at\/wp-content\/gallery\/9-sommercamp-2017\/SC6026.JPG\"\n               title=\"\"\n               data-src=\"http:\/\/www.karate-neuhofen.at\/wp-content\/gallery\/9-sommercamp-2017\/SC6026.JPG\"\n               data-thumbnail=\"http:\/\/www.karate-neuhofen.at\/wp-content\/gallery\/9-sommercamp-2017\/thumbs\/thumbs_SC6026.JPG\"\n               data-image-id=\"16767\"\n               data-title=\"SC(6026)\"\n               data-description=\"\"\n               data-image-slug=\"sc6026\"\n               class=\"shutterset_6bd4a67f62a7de13e8a03aec327a2ec6\">\n                <img\n                    title=\"SC(6026)\"\n                    alt=\"SC(6026)\"\n                    src=\"http:\/\/www.karate-neuhofen.at\/wp-content\/gallery\/9-sommercamp-2017\/thumbs\/thumbs_SC6026.JPG\"\n                    width=\"240\"\n                    height=\"160\"\n                    style=\"max-width:100%;\"\n                \/>\n            <\/a>\n        <\/div>\n\t\t\t\t\t\t\t<\/div> \n\t\t\t\n        \n\t\t\t\t<div id=\"ngg-image-883\" class=\"ngg-gallery-thumbnail-box\" >\n\t\t\t\t        <div class=\"ngg-gallery-thumbnail\">\n            <a href=\"http:\/\/www.karate-neuhofen.at\/wp-content\/gallery\/9-sommercamp-2017\/SC6027.JPG\"\n               title=\"\"\n               data-src=\"http:\/\/www.karate-neuhofen.at\/wp-content\/gallery\/9-sommercamp-2017\/SC6027.JPG\"\n               data-thumbnail=\"http:\/\/www.karate-neuhofen.at\/wp-content\/gallery\/9-sommercamp-2017\/thumbs\/thumbs_SC6027.JPG\"\n               data-image-id=\"16768\"\n               data-title=\"SC(6027)\"\n               data-description=\"\"\n               data-image-slug=\"sc6027\"\n               class=\"shutterset_6bd4a67f62a7de13e8a03aec327a2ec6\">\n                <img\n                    title=\"SC(6027)\"\n                    alt=\"SC(6027)\"\n                    src=\"http:\/\/www.karate-neuhofen.at\/wp-content\/gallery\/9-sommercamp-2017\/thumbs\/thumbs_SC6027.JPG\"\n                    width=\"240\"\n                    height=\"160\"\n                    style=\"max-width:100%;\"\n                \/>\n            <\/a>\n        <\/div>\n\t\t\t\t\t\t\t<\/div> \n\t\t\t\n        \n\t\t\t\t<div id=\"ngg-image-884\" class=\"ngg-gallery-thumbnail-box\" >\n\t\t\t\t        <div class=\"ngg-gallery-thumbnail\">\n            <a href=\"http:\/\/www.karate-neuhofen.at\/wp-content\/gallery\/9-sommercamp-2017\/SC6028.JPG\"\n               title=\"\"\n               data-src=\"http:\/\/www.karate-neuhofen.at\/wp-content\/gallery\/9-sommercamp-2017\/SC6028.JPG\"\n               data-thumbnail=\"http:\/\/www.karate-neuhofen.at\/wp-content\/gallery\/9-sommercamp-2017\/thumbs\/thumbs_SC6028.JPG\"\n               data-image-id=\"16769\"\n               data-title=\"SC(6028)\"\n               data-description=\"\"\n               data-image-slug=\"sc6028\"\n               class=\"shutterset_6bd4a67f62a7de13e8a03aec327a2ec6\">\n                <img\n                    title=\"SC(6028)\"\n                    alt=\"SC(6028)\"\n                    src=\"http:\/\/www.karate-neuhofen.at\/wp-content\/gallery\/9-sommercamp-2017\/thumbs\/thumbs_SC6028.JPG\"\n                    width=\"240\"\n                    height=\"160\"\n                    style=\"max-width:100%;\"\n                \/>\n            <\/a>\n        <\/div>\n\t\t\t\t\t\t\t<\/div> \n\t\t\t\n        \n\t\t\t\t<div id=\"ngg-image-885\" class=\"ngg-gallery-thumbnail-box\" >\n\t\t\t\t        <div class=\"ngg-gallery-thumbnail\">\n            <a href=\"http:\/\/www.karate-neuhofen.at\/wp-content\/gallery\/9-sommercamp-2017\/SC6029.JPG\"\n               title=\"\"\n               data-src=\"http:\/\/www.karate-neuhofen.at\/wp-content\/gallery\/9-sommercamp-2017\/SC6029.JPG\"\n               data-thumbnail=\"http:\/\/www.karate-neuhofen.at\/wp-content\/gallery\/9-sommercamp-2017\/thumbs\/thumbs_SC6029.JPG\"\n               data-image-id=\"16770\"\n               data-title=\"SC(6029)\"\n               data-description=\"\"\n               data-image-slug=\"sc6029\"\n               class=\"shutterset_6bd4a67f62a7de13e8a03aec327a2ec6\">\n                <img\n                    title=\"SC(6029)\"\n                    alt=\"SC(6029)\"\n                    src=\"http:\/\/www.karate-neuhofen.at\/wp-content\/gallery\/9-sommercamp-2017\/thumbs\/thumbs_SC6029.JPG\"\n                    width=\"240\"\n                    height=\"160\"\n                    style=\"max-width:100%;\"\n                \/>\n            <\/a>\n        <\/div>\n\t\t\t\t\t\t\t<\/div> \n\t\t\t\n        \n\t\t\t\t<div id=\"ngg-image-886\" class=\"ngg-gallery-thumbnail-box\" >\n\t\t\t\t        <div class=\"ngg-gallery-thumbnail\">\n            <a href=\"http:\/\/www.karate-neuhofen.at\/wp-content\/gallery\/9-sommercamp-2017\/SC6030.JPG\"\n               title=\"\"\n               data-src=\"http:\/\/www.karate-neuhofen.at\/wp-content\/gallery\/9-sommercamp-2017\/SC6030.JPG\"\n               data-thumbnail=\"http:\/\/www.karate-neuhofen.at\/wp-content\/gallery\/9-sommercamp-2017\/thumbs\/thumbs_SC6030.JPG\"\n               data-image-id=\"16771\"\n               data-title=\"SC(6030)\"\n               data-description=\"\"\n               data-image-slug=\"sc6030\"\n               class=\"shutterset_6bd4a67f62a7de13e8a03aec327a2ec6\">\n                <img\n                    title=\"SC(6030)\"\n                    alt=\"SC(6030)\"\n                    src=\"http:\/\/www.karate-neuhofen.at\/wp-content\/gallery\/9-sommercamp-2017\/thumbs\/thumbs_SC6030.JPG\"\n                    width=\"240\"\n                    height=\"160\"\n                    style=\"max-width:100%;\"\n                \/>\n            <\/a>\n        <\/div>\n\t\t\t\t\t\t\t<\/div> \n\t\t\t\n        \n\t\t\t\t<div id=\"ngg-image-887\" class=\"ngg-gallery-thumbnail-box\" >\n\t\t\t\t        <div class=\"ngg-gallery-thumbnail\">\n            <a href=\"http:\/\/www.karate-neuhofen.at\/wp-content\/gallery\/9-sommercamp-2017\/SC6031.JPG\"\n               title=\"\"\n               data-src=\"http:\/\/www.karate-neuhofen.at\/wp-content\/gallery\/9-sommercamp-2017\/SC6031.JPG\"\n               data-thumbnail=\"http:\/\/www.karate-neuhofen.at\/wp-content\/gallery\/9-sommercamp-2017\/thumbs\/thumbs_SC6031.JPG\"\n               data-image-id=\"16772\"\n               data-title=\"SC(6031)\"\n               data-description=\"\"\n               data-image-slug=\"sc6031\"\n               class=\"shutterset_6bd4a67f62a7de13e8a03aec327a2ec6\">\n                <img\n                    title=\"SC(6031)\"\n                    alt=\"SC(6031)\"\n                    src=\"http:\/\/www.karate-neuhofen.at\/wp-content\/gallery\/9-sommercamp-2017\/thumbs\/thumbs_SC6031.JPG\"\n                    width=\"240\"\n                    height=\"160\"\n                    style=\"max-width:100%;\"\n                \/>\n            <\/a>\n        <\/div>\n\t\t\t\t\t\t\t<\/div> \n\t\t\t\n        \n\t\t\t\t<div id=\"ngg-image-888\" class=\"ngg-gallery-thumbnail-box\" >\n\t\t\t\t        <div class=\"ngg-gallery-thumbnail\">\n            <a href=\"http:\/\/www.karate-neuhofen.at\/wp-content\/gallery\/9-sommercamp-2017\/SC6032.JPG\"\n               title=\"\"\n               data-src=\"http:\/\/www.karate-neuhofen.at\/wp-content\/gallery\/9-sommercamp-2017\/SC6032.JPG\"\n               data-thumbnail=\"http:\/\/www.karate-neuhofen.at\/wp-content\/gallery\/9-sommercamp-2017\/thumbs\/thumbs_SC6032.JPG\"\n               data-image-id=\"16773\"\n               data-title=\"SC(6032)\"\n               data-description=\"\"\n               data-image-slug=\"sc6032\"\n               class=\"shutterset_6bd4a67f62a7de13e8a03aec327a2ec6\">\n                <img\n                    title=\"SC(6032)\"\n                    alt=\"SC(6032)\"\n                    src=\"http:\/\/www.karate-neuhofen.at\/wp-content\/gallery\/9-sommercamp-2017\/thumbs\/thumbs_SC6032.JPG\"\n                    width=\"240\"\n                    height=\"160\"\n                    style=\"max-width:100%;\"\n                \/>\n            <\/a>\n        <\/div>\n\t\t\t\t\t\t\t<\/div> \n\t\t\t\n        \n\t\t\t\t<div id=\"ngg-image-889\" class=\"ngg-gallery-thumbnail-box\" >\n\t\t\t\t        <div class=\"ngg-gallery-thumbnail\">\n            <a href=\"http:\/\/www.karate-neuhofen.at\/wp-content\/gallery\/9-sommercamp-2017\/SC6033.JPG\"\n               title=\"\"\n               data-src=\"http:\/\/www.karate-neuhofen.at\/wp-content\/gallery\/9-sommercamp-2017\/SC6033.JPG\"\n               data-thumbnail=\"http:\/\/www.karate-neuhofen.at\/wp-content\/gallery\/9-sommercamp-2017\/thumbs\/thumbs_SC6033.JPG\"\n               data-image-id=\"16774\"\n               data-title=\"SC(6033)\"\n               data-description=\"\"\n               data-image-slug=\"sc6033\"\n               class=\"shutterset_6bd4a67f62a7de13e8a03aec327a2ec6\">\n                <img\n                    title=\"SC(6033)\"\n                    alt=\"SC(6033)\"\n                    src=\"http:\/\/www.karate-neuhofen.at\/wp-content\/gallery\/9-sommercamp-2017\/thumbs\/thumbs_SC6033.JPG\"\n                    width=\"240\"\n                    height=\"160\"\n                    style=\"max-width:100%;\"\n                \/>\n            <\/a>\n        <\/div>\n\t\t\t\t\t\t\t<\/div> \n\t\t\t\n        \n\t\t\t\t<div id=\"ngg-image-890\" class=\"ngg-gallery-thumbnail-box\" >\n\t\t\t\t        <div class=\"ngg-gallery-thumbnail\">\n            <a href=\"http:\/\/www.karate-neuhofen.at\/wp-content\/gallery\/9-sommercamp-2017\/SC6034.JPG\"\n               title=\"\"\n               data-src=\"http:\/\/www.karate-neuhofen.at\/wp-content\/gallery\/9-sommercamp-2017\/SC6034.JPG\"\n               data-thumbnail=\"http:\/\/www.karate-neuhofen.at\/wp-content\/gallery\/9-sommercamp-2017\/thumbs\/thumbs_SC6034.JPG\"\n               data-image-id=\"16775\"\n               data-title=\"SC(6034)\"\n               data-description=\"\"\n               data-image-slug=\"sc6034\"\n               class=\"shutterset_6bd4a67f62a7de13e8a03aec327a2ec6\">\n                <img\n                    title=\"SC(6034)\"\n                    alt=\"SC(6034)\"\n                    src=\"http:\/\/www.karate-neuhofen.at\/wp-content\/gallery\/9-sommercamp-2017\/thumbs\/thumbs_SC6034.JPG\"\n                    width=\"240\"\n                    height=\"160\"\n                    style=\"max-width:100%;\"\n                \/>\n            <\/a>\n        <\/div>\n\t\t\t\t\t\t\t<\/div> \n\t\t\t\n        \n\t\t\t\t<div id=\"ngg-image-891\" class=\"ngg-gallery-thumbnail-box\" >\n\t\t\t\t        <div class=\"ngg-gallery-thumbnail\">\n            <a href=\"http:\/\/www.karate-neuhofen.at\/wp-content\/gallery\/9-sommercamp-2017\/SC6035.JPG\"\n               title=\"\"\n               data-src=\"http:\/\/www.karate-neuhofen.at\/wp-content\/gallery\/9-sommercamp-2017\/SC6035.JPG\"\n               data-thumbnail=\"http:\/\/www.karate-neuhofen.at\/wp-content\/gallery\/9-sommercamp-2017\/thumbs\/thumbs_SC6035.JPG\"\n               data-image-id=\"16776\"\n               data-title=\"SC(6035)\"\n               data-description=\"\"\n               data-image-slug=\"sc6035\"\n               class=\"shutterset_6bd4a67f62a7de13e8a03aec327a2ec6\">\n                <img\n                    title=\"SC(6035)\"\n                    alt=\"SC(6035)\"\n                    src=\"http:\/\/www.karate-neuhofen.at\/wp-content\/gallery\/9-sommercamp-2017\/thumbs\/thumbs_SC6035.JPG\"\n                    width=\"240\"\n                    height=\"160\"\n                    style=\"max-width:100%;\"\n                \/>\n            <\/a>\n        <\/div>\n\t\t\t\t\t\t\t<\/div> \n\t\t\t\n        \n\t\t\t\t<div id=\"ngg-image-892\" class=\"ngg-gallery-thumbnail-box\" >\n\t\t\t\t        <div class=\"ngg-gallery-thumbnail\">\n            <a href=\"http:\/\/www.karate-neuhofen.at\/wp-content\/gallery\/9-sommercamp-2017\/SC6036.JPG\"\n               title=\"\"\n               data-src=\"http:\/\/www.karate-neuhofen.at\/wp-content\/gallery\/9-sommercamp-2017\/SC6036.JPG\"\n               data-thumbnail=\"http:\/\/www.karate-neuhofen.at\/wp-content\/gallery\/9-sommercamp-2017\/thumbs\/thumbs_SC6036.JPG\"\n               data-image-id=\"16777\"\n               data-title=\"SC(6036)\"\n               data-description=\"\"\n               data-image-slug=\"sc6036\"\n               class=\"shutterset_6bd4a67f62a7de13e8a03aec327a2ec6\">\n                <img\n                    title=\"SC(6036)\"\n                    alt=\"SC(6036)\"\n                    src=\"http:\/\/www.karate-neuhofen.at\/wp-content\/gallery\/9-sommercamp-2017\/thumbs\/thumbs_SC6036.JPG\"\n                    width=\"240\"\n                    height=\"160\"\n                    style=\"max-width:100%;\"\n                \/>\n            <\/a>\n        <\/div>\n\t\t\t\t\t\t\t<\/div> \n\t\t\t\n        \n\t\t\n\t\t<div class=\"ngg-clear\"><\/div>\n\t<\/div>\n","protected":false},"excerpt":{"rendered":"<p>Neuer Teilnehmerrekord &#8211; 9. internationales Kamikaze Sommercamp vom 27. &#8211; 30. Juli 2017 erfreut sich gr\u00f6\u00dfter Beliebtheit! Das gro\u00dfe Engagement der mittlerweile knapp 200 Mitglieder des Ask\u00f6 Karate Vereins Seibukan Neuhofen und nicht zuletzt der vision\u00e4re und unerm\u00fcdliche Geist des Gr\u00fcnders und Camp Veranstalters Christian Ramsebner tr\u00e4gt reiche Fr\u00fcchte: Das seit Jahren gr\u00f6\u00dfte \u00f6sterreichische Karatecamp [&hellip;]<\/p>\n","protected":false},"author":3,"featured_media":15230,"comment_status":"closed","ping_status":"closed","sticky":false,"template":"","format":"standard","meta":{"ngg_post_thumbnail":0},"categories":[4],"tags":[47],"_links":{"self":[{"href":"http:\/\/www.karate-neuhofen.at\/index.php?rest_route=\/wp\/v2\/posts\/15082"}],"collection":[{"href":"http:\/\/www.karate-neuhofen.at\/index.php?rest_route=\/wp\/v2\/posts"}],"about":[{"href":"http:\/\/www.karate-neuhofen.at\/index.php?rest_route=\/wp\/v2\/types\/post"}],"author":[{"embeddable":true,"href":"http:\/\/www.karate-neuhofen.at\/index.php?rest_route=\/wp\/v2\/users\/3"}],"replies":[{"embeddable":true,"href":"http:\/\/www.karate-neuhofen.at\/index.php?rest_route=%2Fwp%2Fv2%2Fcomments&post=15082"}],"version-history":[{"count":2,"href":"http:\/\/www.karate-neuhofen.at\/index.php?rest_route=\/wp\/v2\/posts\/15082\/revisions"}],"predecessor-version":[{"id":15110,"href":"http:\/\/www.karate-neuhofen.at\/index.php?rest_route=\/wp\/v2\/posts\/15082\/revisions\/15110"}],"wp:featuredmedia":[{"embeddable":true,"href":"http:\/\/www.karate-neuhofen.at\/index.php?rest_route=\/wp\/v2\/media\/15230"}],"wp:attachment":[{"href":"http:\/\/www.karate-neuhofen.at\/index.php?rest_route=%2Fwp%2Fv2%2Fmedia&parent=15082"}],"wp:term":[{"taxonomy":"category","embeddable":true,"href":"http:\/\/www.karate-neuhofen.at\/index.php?rest_route=%2Fwp%2Fv2%2Fcategories&post=15082"},{"taxonomy":"post_tag","embeddable":true,"href":"http:\/\/www.karate-neuhofen.at\/index.php?rest_route=%2Fwp%2Fv2%2Ftags&post=15082"}],"curies":[{"name":"wp","href":"https:\/\/api.w.org\/{rel}","templated":true}]}}