{"id":1542,"date":"2013-05-29T19:02:00","date_gmt":"2013-05-29T18:02:00","guid":{"rendered":"http:\/\/www.karate-neuhofen.at\/?p=1542"},"modified":"2014-12-14T10:46:52","modified_gmt":"2014-12-14T09:46:52","slug":"trainingslager-in-gnas","status":"publish","type":"post","link":"http:\/\/www.karate-neuhofen.at\/?p=1542","title":{"rendered":"Trainingslager in Gnas"},"content":{"rendered":"<div><span style=\"color: #ffcc00;\"><strong>G<\/strong><\/span>enossen haben wir, trotz nicht so tollem Wetter, das JUFA Gnas, weil es einerseits auch Indoor gen\u00fcgend M\u00f6glichkeiten gibt, um sich die Zeit zu vertrieben, und andererseits weil wir dort sehr gut verk\u00f6stigt worden sind. Auch die Zimmer sind sehr angenehm und das Personal war immer sehr freundlich und bem\u00fcht.<\/div>\n<div><span style=\"color: #ffcc00;\"><strong>N<\/strong><\/span>at\u00fcrlich wurde viel trainiert und das unter der Leitung von zwei tollen \u00a0Trainern, n\u00e4mlich Sensei Ursula Porkert und Sensei Dragan Leiler. Die Trainings waren sehr intensiv und es hat sicherlich jeder viel Neues kennen gelernt und f\u00fcr sich mitnehmen k\u00f6nnen.<\/div>\n<div><span style=\"color: #ffcc00;\"><strong>A<\/strong><\/span>u\u00dfer Trainieren gab es nat\u00fcrlich auch die M\u00f6glichkeit, den einen oder anderen Ausflug zu unternehmen. Ausflugsziele gibt es in dieser sch\u00f6nen Gegend \u00a0in der S\u00fcdsteiermark genug. Auf Grund des Wetters und weil man nat\u00fcrlich m\u00f6glichst wenige Trainingseinheiten ausfallen lassen m\u00f6chte, haben wir uns allerdings auf einen Ausflug beschr\u00e4nkt. Daf\u00fcr haben wir in der Freizeit sehr oft das Hallenbad gen\u00fctzt, was besonders den Kindern sehr gefallen hat.<\/div>\n<div><span style=\"color: #ffcc00;\"><strong>S<\/strong><\/span>ehr gem\u00fctlich war nat\u00fcrlich das Beisammensein in der Freizeit, was unserer Meinung auch ein wichtiger Aspekt des Trainingslagers war. Ob beim Essen, beim Nachtmittagskaffee oder in den Abendstunden im Barbereich- man hatte viel Zeit miteinander zu plaudern und sich auszutauschen und der Spa\u00df kam nat\u00fcrlich auch nicht zu kurz.<\/div>\n<div>\u201eHallo, ham wir heut\u2018\u2026.\u201c \u2013 Aber das ist eine andere Geschichte!<\/div>\n<div><\/div><!-- index.php -->\n<div\n\tclass=\"ngg-galleryoverview ngg-ajax-pagination-none\"\n\tid=\"ngg-gallery-ff47fd508f60c5ff8630e9e3ad1de006-1\">\n\n    \t<div class=\"slideshowlink\">\n        <a href='http:\/\/www.karate-neuhofen.at\/index.php\/nggallery\/slideshow?p=1542'>[Zeige eine Slideshow]<\/a>\n\t\t\n\t<\/div>\n\t\t\t<!-- Thumbnails -->\n\t\t\t\t<div id=\"ngg-image-0\" class=\"ngg-gallery-thumbnail-box\" >\n\t\t\t\t        <div class=\"ngg-gallery-thumbnail\">\n            <a href=\"http:\/\/www.karate-neuhofen.at\/wp-content\/gallery\/trainingslager-in-gnas-2013\/imgx_001.jpg\"\n               title=\"\"\n               data-src=\"http:\/\/www.karate-neuhofen.at\/wp-content\/gallery\/trainingslager-in-gnas-2013\/imgx_001.jpg\"\n               data-thumbnail=\"http:\/\/www.karate-neuhofen.at\/wp-content\/gallery\/trainingslager-in-gnas-2013\/thumbs\/thumbs_imgx_001.jpg\"\n               data-image-id=\"2970\"\n               data-title=\"imgx_001\"\n               data-description=\"\"\n               data-image-slug=\"imgx_001\"\n               class=\"shutterset_ff47fd508f60c5ff8630e9e3ad1de006\">\n                <img\n                    title=\"imgx_001\"\n                    alt=\"imgx_001\"\n                    src=\"http:\/\/www.karate-neuhofen.at\/wp-content\/gallery\/trainingslager-in-gnas-2013\/thumbs\/thumbs_imgx_001.jpg\"\n                    width=\"100\"\n                    height=\"66\"\n                    style=\"max-width:100%;\"\n                \/>\n            <\/a>\n        <\/div>\n\t\t\t\t\t\t\t<\/div> \n\t\t\t\n        \n\t\t\t\t<div id=\"ngg-image-1\" class=\"ngg-gallery-thumbnail-box\" >\n\t\t\t\t        <div class=\"ngg-gallery-thumbnail\">\n            <a href=\"http:\/\/www.karate-neuhofen.at\/wp-content\/gallery\/trainingslager-in-gnas-2013\/imgx_002.jpg\"\n               title=\"\"\n               data-src=\"http:\/\/www.karate-neuhofen.at\/wp-content\/gallery\/trainingslager-in-gnas-2013\/imgx_002.jpg\"\n               data-thumbnail=\"http:\/\/www.karate-neuhofen.at\/wp-content\/gallery\/trainingslager-in-gnas-2013\/thumbs\/thumbs_imgx_002.jpg\"\n               data-image-id=\"2971\"\n               data-title=\"imgx_002\"\n               data-description=\"\"\n               data-image-slug=\"imgx_002\"\n               class=\"shutterset_ff47fd508f60c5ff8630e9e3ad1de006\">\n                <img\n                    title=\"imgx_002\"\n                    alt=\"imgx_002\"\n                    src=\"http:\/\/www.karate-neuhofen.at\/wp-content\/gallery\/trainingslager-in-gnas-2013\/thumbs\/thumbs_imgx_002.jpg\"\n                    width=\"100\"\n                    height=\"50\"\n                    style=\"max-width:100%;\"\n                \/>\n            <\/a>\n        <\/div>\n\t\t\t\t\t\t\t<\/div> \n\t\t\t\n        \n\t\t\t\t<div id=\"ngg-image-2\" class=\"ngg-gallery-thumbnail-box\" >\n\t\t\t\t        <div class=\"ngg-gallery-thumbnail\">\n            <a href=\"http:\/\/www.karate-neuhofen.at\/wp-content\/gallery\/trainingslager-in-gnas-2013\/imgx_003.jpg\"\n               title=\"\"\n               data-src=\"http:\/\/www.karate-neuhofen.at\/wp-content\/gallery\/trainingslager-in-gnas-2013\/imgx_003.jpg\"\n               data-thumbnail=\"http:\/\/www.karate-neuhofen.at\/wp-content\/gallery\/trainingslager-in-gnas-2013\/thumbs\/thumbs_imgx_003.jpg\"\n               data-image-id=\"2972\"\n               data-title=\"imgx_003\"\n               data-description=\"\"\n               data-image-slug=\"imgx_003\"\n               class=\"shutterset_ff47fd508f60c5ff8630e9e3ad1de006\">\n                <img\n                    title=\"imgx_003\"\n                    alt=\"imgx_003\"\n                    src=\"http:\/\/www.karate-neuhofen.at\/wp-content\/gallery\/trainingslager-in-gnas-2013\/thumbs\/thumbs_imgx_003.jpg\"\n                    width=\"100\"\n                    height=\"66\"\n                    style=\"max-width:100%;\"\n                \/>\n            <\/a>\n        <\/div>\n\t\t\t\t\t\t\t<\/div> \n\t\t\t\n        \n\t\t\t\t<div id=\"ngg-image-3\" class=\"ngg-gallery-thumbnail-box\" >\n\t\t\t\t        <div class=\"ngg-gallery-thumbnail\">\n            <a href=\"http:\/\/www.karate-neuhofen.at\/wp-content\/gallery\/trainingslager-in-gnas-2013\/imgx_004.jpg\"\n               title=\"\"\n               data-src=\"http:\/\/www.karate-neuhofen.at\/wp-content\/gallery\/trainingslager-in-gnas-2013\/imgx_004.jpg\"\n               data-thumbnail=\"http:\/\/www.karate-neuhofen.at\/wp-content\/gallery\/trainingslager-in-gnas-2013\/thumbs\/thumbs_imgx_004.jpg\"\n               data-image-id=\"2973\"\n               data-title=\"imgx_004\"\n               data-description=\"\"\n               data-image-slug=\"imgx_004\"\n               class=\"shutterset_ff47fd508f60c5ff8630e9e3ad1de006\">\n                <img\n                    title=\"imgx_004\"\n                    alt=\"imgx_004\"\n                    src=\"http:\/\/www.karate-neuhofen.at\/wp-content\/gallery\/trainingslager-in-gnas-2013\/thumbs\/thumbs_imgx_004.jpg\"\n                    width=\"50\"\n                    height=\"75\"\n                    style=\"max-width:100%;\"\n                \/>\n            <\/a>\n        <\/div>\n\t\t\t\t\t\t\t<\/div> \n\t\t\t\n        \n\t\t\t\t<div id=\"ngg-image-4\" class=\"ngg-gallery-thumbnail-box\" >\n\t\t\t\t        <div class=\"ngg-gallery-thumbnail\">\n            <a href=\"http:\/\/www.karate-neuhofen.at\/wp-content\/gallery\/trainingslager-in-gnas-2013\/imgx_005.jpg\"\n               title=\"\"\n               data-src=\"http:\/\/www.karate-neuhofen.at\/wp-content\/gallery\/trainingslager-in-gnas-2013\/imgx_005.jpg\"\n               data-thumbnail=\"http:\/\/www.karate-neuhofen.at\/wp-content\/gallery\/trainingslager-in-gnas-2013\/thumbs\/thumbs_imgx_005.jpg\"\n               data-image-id=\"2974\"\n               data-title=\"imgx_005\"\n               data-description=\"\"\n               data-image-slug=\"imgx_005\"\n               class=\"shutterset_ff47fd508f60c5ff8630e9e3ad1de006\">\n                <img\n                    title=\"imgx_005\"\n                    alt=\"imgx_005\"\n                    src=\"http:\/\/www.karate-neuhofen.at\/wp-content\/gallery\/trainingslager-in-gnas-2013\/thumbs\/thumbs_imgx_005.jpg\"\n                    width=\"100\"\n                    height=\"66\"\n                    style=\"max-width:100%;\"\n                \/>\n            <\/a>\n        <\/div>\n\t\t\t\t\t\t\t<\/div> \n\t\t\t\n        \n\t\t\t\t<div id=\"ngg-image-5\" class=\"ngg-gallery-thumbnail-box\" >\n\t\t\t\t        <div class=\"ngg-gallery-thumbnail\">\n            <a href=\"http:\/\/www.karate-neuhofen.at\/wp-content\/gallery\/trainingslager-in-gnas-2013\/imgx_006.jpg\"\n               title=\"\"\n               data-src=\"http:\/\/www.karate-neuhofen.at\/wp-content\/gallery\/trainingslager-in-gnas-2013\/imgx_006.jpg\"\n               data-thumbnail=\"http:\/\/www.karate-neuhofen.at\/wp-content\/gallery\/trainingslager-in-gnas-2013\/thumbs\/thumbs_imgx_006.jpg\"\n               data-image-id=\"2975\"\n               data-title=\"imgx_006\"\n               data-description=\"\"\n               data-image-slug=\"imgx_006\"\n               class=\"shutterset_ff47fd508f60c5ff8630e9e3ad1de006\">\n                <img\n                    title=\"imgx_006\"\n                    alt=\"imgx_006\"\n                    src=\"http:\/\/www.karate-neuhofen.at\/wp-content\/gallery\/trainingslager-in-gnas-2013\/thumbs\/thumbs_imgx_006.jpg\"\n                    width=\"100\"\n                    height=\"66\"\n                    style=\"max-width:100%;\"\n                \/>\n            <\/a>\n        <\/div>\n\t\t\t\t\t\t\t<\/div> \n\t\t\t\n        \n\t\t\t\t<div id=\"ngg-image-6\" class=\"ngg-gallery-thumbnail-box\" >\n\t\t\t\t        <div class=\"ngg-gallery-thumbnail\">\n            <a href=\"http:\/\/www.karate-neuhofen.at\/wp-content\/gallery\/trainingslager-in-gnas-2013\/imgx_007.jpg\"\n               title=\"\"\n               data-src=\"http:\/\/www.karate-neuhofen.at\/wp-content\/gallery\/trainingslager-in-gnas-2013\/imgx_007.jpg\"\n               data-thumbnail=\"http:\/\/www.karate-neuhofen.at\/wp-content\/gallery\/trainingslager-in-gnas-2013\/thumbs\/thumbs_imgx_007.jpg\"\n               data-image-id=\"2976\"\n               data-title=\"imgx_007\"\n               data-description=\"\"\n               data-image-slug=\"imgx_007\"\n               class=\"shutterset_ff47fd508f60c5ff8630e9e3ad1de006\">\n                <img\n                    title=\"imgx_007\"\n                    alt=\"imgx_007\"\n                    src=\"http:\/\/www.karate-neuhofen.at\/wp-content\/gallery\/trainingslager-in-gnas-2013\/thumbs\/thumbs_imgx_007.jpg\"\n                    width=\"100\"\n                    height=\"66\"\n                    style=\"max-width:100%;\"\n                \/>\n            <\/a>\n        <\/div>\n\t\t\t\t\t\t\t<\/div> \n\t\t\t\n        \n\t\t\t\t<div id=\"ngg-image-7\" class=\"ngg-gallery-thumbnail-box\" >\n\t\t\t\t        <div class=\"ngg-gallery-thumbnail\">\n            <a href=\"http:\/\/www.karate-neuhofen.at\/wp-content\/gallery\/trainingslager-in-gnas-2013\/imgx_008.jpg\"\n               title=\"\"\n               data-src=\"http:\/\/www.karate-neuhofen.at\/wp-content\/gallery\/trainingslager-in-gnas-2013\/imgx_008.jpg\"\n               data-thumbnail=\"http:\/\/www.karate-neuhofen.at\/wp-content\/gallery\/trainingslager-in-gnas-2013\/thumbs\/thumbs_imgx_008.jpg\"\n               data-image-id=\"2977\"\n               data-title=\"imgx_008\"\n               data-description=\"\"\n               data-image-slug=\"imgx_008\"\n               class=\"shutterset_ff47fd508f60c5ff8630e9e3ad1de006\">\n                <img\n                    title=\"imgx_008\"\n                    alt=\"imgx_008\"\n                    src=\"http:\/\/www.karate-neuhofen.at\/wp-content\/gallery\/trainingslager-in-gnas-2013\/thumbs\/thumbs_imgx_008.jpg\"\n                    width=\"100\"\n                    height=\"66\"\n                    style=\"max-width:100%;\"\n                \/>\n            <\/a>\n        <\/div>\n\t\t\t\t\t\t\t<\/div> \n\t\t\t\n        \n\t\t\t\t<div id=\"ngg-image-8\" class=\"ngg-gallery-thumbnail-box\" >\n\t\t\t\t        <div class=\"ngg-gallery-thumbnail\">\n            <a href=\"http:\/\/www.karate-neuhofen.at\/wp-content\/gallery\/trainingslager-in-gnas-2013\/imgx_009.jpg\"\n               title=\"\"\n               data-src=\"http:\/\/www.karate-neuhofen.at\/wp-content\/gallery\/trainingslager-in-gnas-2013\/imgx_009.jpg\"\n               data-thumbnail=\"http:\/\/www.karate-neuhofen.at\/wp-content\/gallery\/trainingslager-in-gnas-2013\/thumbs\/thumbs_imgx_009.jpg\"\n               data-image-id=\"2978\"\n               data-title=\"imgx_009\"\n               data-description=\"\"\n               data-image-slug=\"imgx_009\"\n               class=\"shutterset_ff47fd508f60c5ff8630e9e3ad1de006\">\n                <img\n                    title=\"imgx_009\"\n                    alt=\"imgx_009\"\n                    src=\"http:\/\/www.karate-neuhofen.at\/wp-content\/gallery\/trainingslager-in-gnas-2013\/thumbs\/thumbs_imgx_009.jpg\"\n                    width=\"100\"\n                    height=\"66\"\n                    style=\"max-width:100%;\"\n                \/>\n            <\/a>\n        <\/div>\n\t\t\t\t\t\t\t<\/div> \n\t\t\t\n        \n\t\t\t\t<div id=\"ngg-image-9\" class=\"ngg-gallery-thumbnail-box\" >\n\t\t\t\t        <div class=\"ngg-gallery-thumbnail\">\n            <a href=\"http:\/\/www.karate-neuhofen.at\/wp-content\/gallery\/trainingslager-in-gnas-2013\/imgx_010.jpg\"\n               title=\"\"\n               data-src=\"http:\/\/www.karate-neuhofen.at\/wp-content\/gallery\/trainingslager-in-gnas-2013\/imgx_010.jpg\"\n               data-thumbnail=\"http:\/\/www.karate-neuhofen.at\/wp-content\/gallery\/trainingslager-in-gnas-2013\/thumbs\/thumbs_imgx_010.jpg\"\n               data-image-id=\"2979\"\n               data-title=\"imgx_010\"\n               data-description=\"\"\n               data-image-slug=\"imgx_010\"\n               class=\"shutterset_ff47fd508f60c5ff8630e9e3ad1de006\">\n                <img\n                    title=\"imgx_010\"\n                    alt=\"imgx_010\"\n                    src=\"http:\/\/www.karate-neuhofen.at\/wp-content\/gallery\/trainingslager-in-gnas-2013\/thumbs\/thumbs_imgx_010.jpg\"\n                    width=\"100\"\n                    height=\"66\"\n                    style=\"max-width:100%;\"\n                \/>\n            <\/a>\n        <\/div>\n\t\t\t\t\t\t\t<\/div> \n\t\t\t\n        \n\t\t\t\t<div id=\"ngg-image-10\" class=\"ngg-gallery-thumbnail-box\" >\n\t\t\t\t        <div class=\"ngg-gallery-thumbnail\">\n            <a href=\"http:\/\/www.karate-neuhofen.at\/wp-content\/gallery\/trainingslager-in-gnas-2013\/imgx_011.jpg\"\n               title=\"\"\n               data-src=\"http:\/\/www.karate-neuhofen.at\/wp-content\/gallery\/trainingslager-in-gnas-2013\/imgx_011.jpg\"\n               data-thumbnail=\"http:\/\/www.karate-neuhofen.at\/wp-content\/gallery\/trainingslager-in-gnas-2013\/thumbs\/thumbs_imgx_011.jpg\"\n               data-image-id=\"2980\"\n               data-title=\"imgx_011\"\n               data-description=\"\"\n               data-image-slug=\"imgx_011\"\n               class=\"shutterset_ff47fd508f60c5ff8630e9e3ad1de006\">\n                <img\n                    title=\"imgx_011\"\n                    alt=\"imgx_011\"\n                    src=\"http:\/\/www.karate-neuhofen.at\/wp-content\/gallery\/trainingslager-in-gnas-2013\/thumbs\/thumbs_imgx_011.jpg\"\n                    width=\"50\"\n                    height=\"75\"\n                    style=\"max-width:100%;\"\n                \/>\n            <\/a>\n        <\/div>\n\t\t\t\t\t\t\t<\/div> \n\t\t\t\n        \n\t\t\t\t<div id=\"ngg-image-11\" class=\"ngg-gallery-thumbnail-box\" >\n\t\t\t\t        <div class=\"ngg-gallery-thumbnail\">\n            <a href=\"http:\/\/www.karate-neuhofen.at\/wp-content\/gallery\/trainingslager-in-gnas-2013\/imgx_012.jpg\"\n               title=\"\"\n               data-src=\"http:\/\/www.karate-neuhofen.at\/wp-content\/gallery\/trainingslager-in-gnas-2013\/imgx_012.jpg\"\n               data-thumbnail=\"http:\/\/www.karate-neuhofen.at\/wp-content\/gallery\/trainingslager-in-gnas-2013\/thumbs\/thumbs_imgx_012.jpg\"\n               data-image-id=\"2981\"\n               data-title=\"imgx_012\"\n               data-description=\"\"\n               data-image-slug=\"imgx_012\"\n               class=\"shutterset_ff47fd508f60c5ff8630e9e3ad1de006\">\n                <img\n                    title=\"imgx_012\"\n                    alt=\"imgx_012\"\n                    src=\"http:\/\/www.karate-neuhofen.at\/wp-content\/gallery\/trainingslager-in-gnas-2013\/thumbs\/thumbs_imgx_012.jpg\"\n                    width=\"100\"\n                    height=\"44\"\n                    style=\"max-width:100%;\"\n                \/>\n            <\/a>\n        <\/div>\n\t\t\t\t\t\t\t<\/div> \n\t\t\t\n        \n\t\t\t\t<div id=\"ngg-image-12\" class=\"ngg-gallery-thumbnail-box\" >\n\t\t\t\t        <div class=\"ngg-gallery-thumbnail\">\n            <a href=\"http:\/\/www.karate-neuhofen.at\/wp-content\/gallery\/trainingslager-in-gnas-2013\/imgx_013.jpg\"\n               title=\"\"\n               data-src=\"http:\/\/www.karate-neuhofen.at\/wp-content\/gallery\/trainingslager-in-gnas-2013\/imgx_013.jpg\"\n               data-thumbnail=\"http:\/\/www.karate-neuhofen.at\/wp-content\/gallery\/trainingslager-in-gnas-2013\/thumbs\/thumbs_imgx_013.jpg\"\n               data-image-id=\"2982\"\n               data-title=\"imgx_013\"\n               data-description=\"\"\n               data-image-slug=\"imgx_013\"\n               class=\"shutterset_ff47fd508f60c5ff8630e9e3ad1de006\">\n                <img\n                    title=\"imgx_013\"\n                    alt=\"imgx_013\"\n                    src=\"http:\/\/www.karate-neuhofen.at\/wp-content\/gallery\/trainingslager-in-gnas-2013\/thumbs\/thumbs_imgx_013.jpg\"\n                    width=\"50\"\n                    height=\"75\"\n                    style=\"max-width:100%;\"\n                \/>\n            <\/a>\n        <\/div>\n\t\t\t\t\t\t\t<\/div> \n\t\t\t\n        \n\t\t\t\t<div id=\"ngg-image-13\" class=\"ngg-gallery-thumbnail-box\" >\n\t\t\t\t        <div class=\"ngg-gallery-thumbnail\">\n            <a href=\"http:\/\/www.karate-neuhofen.at\/wp-content\/gallery\/trainingslager-in-gnas-2013\/imgx_014.jpg\"\n               title=\"\"\n               data-src=\"http:\/\/www.karate-neuhofen.at\/wp-content\/gallery\/trainingslager-in-gnas-2013\/imgx_014.jpg\"\n               data-thumbnail=\"http:\/\/www.karate-neuhofen.at\/wp-content\/gallery\/trainingslager-in-gnas-2013\/thumbs\/thumbs_imgx_014.jpg\"\n               data-image-id=\"2983\"\n               data-title=\"imgx_014\"\n               data-description=\"\"\n               data-image-slug=\"imgx_014\"\n               class=\"shutterset_ff47fd508f60c5ff8630e9e3ad1de006\">\n                <img\n                    title=\"imgx_014\"\n                    alt=\"imgx_014\"\n                    src=\"http:\/\/www.karate-neuhofen.at\/wp-content\/gallery\/trainingslager-in-gnas-2013\/thumbs\/thumbs_imgx_014.jpg\"\n                    width=\"50\"\n                    height=\"75\"\n                    style=\"max-width:100%;\"\n                \/>\n            <\/a>\n        <\/div>\n\t\t\t\t\t\t\t<\/div> \n\t\t\t\n        \n\t\t\t\t<div id=\"ngg-image-14\" class=\"ngg-gallery-thumbnail-box\" >\n\t\t\t\t        <div class=\"ngg-gallery-thumbnail\">\n            <a href=\"http:\/\/www.karate-neuhofen.at\/wp-content\/gallery\/trainingslager-in-gnas-2013\/imgx_015.jpg\"\n               title=\"\"\n               data-src=\"http:\/\/www.karate-neuhofen.at\/wp-content\/gallery\/trainingslager-in-gnas-2013\/imgx_015.jpg\"\n               data-thumbnail=\"http:\/\/www.karate-neuhofen.at\/wp-content\/gallery\/trainingslager-in-gnas-2013\/thumbs\/thumbs_imgx_015.jpg\"\n               data-image-id=\"2984\"\n               data-title=\"imgx_015\"\n               data-description=\"\"\n               data-image-slug=\"imgx_015\"\n               class=\"shutterset_ff47fd508f60c5ff8630e9e3ad1de006\">\n                <img\n                    title=\"imgx_015\"\n                    alt=\"imgx_015\"\n                    src=\"http:\/\/www.karate-neuhofen.at\/wp-content\/gallery\/trainingslager-in-gnas-2013\/thumbs\/thumbs_imgx_015.jpg\"\n                    width=\"100\"\n                    height=\"66\"\n                    style=\"max-width:100%;\"\n                \/>\n            <\/a>\n        <\/div>\n\t\t\t\t\t\t\t<\/div> \n\t\t\t\n        \n\t\t\t\t<div id=\"ngg-image-15\" class=\"ngg-gallery-thumbnail-box\" >\n\t\t\t\t        <div class=\"ngg-gallery-thumbnail\">\n            <a href=\"http:\/\/www.karate-neuhofen.at\/wp-content\/gallery\/trainingslager-in-gnas-2013\/imgx_016.jpg\"\n               title=\"\"\n               data-src=\"http:\/\/www.karate-neuhofen.at\/wp-content\/gallery\/trainingslager-in-gnas-2013\/imgx_016.jpg\"\n               data-thumbnail=\"http:\/\/www.karate-neuhofen.at\/wp-content\/gallery\/trainingslager-in-gnas-2013\/thumbs\/thumbs_imgx_016.jpg\"\n               data-image-id=\"2985\"\n               data-title=\"imgx_016\"\n               data-description=\"\"\n               data-image-slug=\"imgx_016\"\n               class=\"shutterset_ff47fd508f60c5ff8630e9e3ad1de006\">\n                <img\n                    title=\"imgx_016\"\n                    alt=\"imgx_016\"\n                    src=\"http:\/\/www.karate-neuhofen.at\/wp-content\/gallery\/trainingslager-in-gnas-2013\/thumbs\/thumbs_imgx_016.jpg\"\n                    width=\"50\"\n                    height=\"75\"\n                    style=\"max-width:100%;\"\n                \/>\n            <\/a>\n        <\/div>\n\t\t\t\t\t\t\t<\/div> \n\t\t\t\n        \n\t\t\t\t<div id=\"ngg-image-16\" class=\"ngg-gallery-thumbnail-box\" >\n\t\t\t\t        <div class=\"ngg-gallery-thumbnail\">\n            <a href=\"http:\/\/www.karate-neuhofen.at\/wp-content\/gallery\/trainingslager-in-gnas-2013\/imgx_017.jpg\"\n               title=\"\"\n               data-src=\"http:\/\/www.karate-neuhofen.at\/wp-content\/gallery\/trainingslager-in-gnas-2013\/imgx_017.jpg\"\n               data-thumbnail=\"http:\/\/www.karate-neuhofen.at\/wp-content\/gallery\/trainingslager-in-gnas-2013\/thumbs\/thumbs_imgx_017.jpg\"\n               data-image-id=\"2986\"\n               data-title=\"imgx_017\"\n               data-description=\"\"\n               data-image-slug=\"imgx_017\"\n               class=\"shutterset_ff47fd508f60c5ff8630e9e3ad1de006\">\n                <img\n                    title=\"imgx_017\"\n                    alt=\"imgx_017\"\n                    src=\"http:\/\/www.karate-neuhofen.at\/wp-content\/gallery\/trainingslager-in-gnas-2013\/thumbs\/thumbs_imgx_017.jpg\"\n                    width=\"50\"\n                    height=\"75\"\n                    style=\"max-width:100%;\"\n                \/>\n            <\/a>\n        <\/div>\n\t\t\t\t\t\t\t<\/div> \n\t\t\t\n        \n\t\t\t\t<div id=\"ngg-image-17\" class=\"ngg-gallery-thumbnail-box\" >\n\t\t\t\t        <div class=\"ngg-gallery-thumbnail\">\n            <a href=\"http:\/\/www.karate-neuhofen.at\/wp-content\/gallery\/trainingslager-in-gnas-2013\/imgx_018.jpg\"\n               title=\"\"\n               data-src=\"http:\/\/www.karate-neuhofen.at\/wp-content\/gallery\/trainingslager-in-gnas-2013\/imgx_018.jpg\"\n               data-thumbnail=\"http:\/\/www.karate-neuhofen.at\/wp-content\/gallery\/trainingslager-in-gnas-2013\/thumbs\/thumbs_imgx_018.jpg\"\n               data-image-id=\"2987\"\n               data-title=\"imgx_018\"\n               data-description=\"\"\n               data-image-slug=\"imgx_018\"\n               class=\"shutterset_ff47fd508f60c5ff8630e9e3ad1de006\">\n                <img\n                    title=\"imgx_018\"\n                    alt=\"imgx_018\"\n                    src=\"http:\/\/www.karate-neuhofen.at\/wp-content\/gallery\/trainingslager-in-gnas-2013\/thumbs\/thumbs_imgx_018.jpg\"\n                    width=\"100\"\n                    height=\"66\"\n                    style=\"max-width:100%;\"\n                \/>\n            <\/a>\n        <\/div>\n\t\t\t\t\t\t\t<\/div> \n\t\t\t\n        \n\t\t\t\t<div id=\"ngg-image-18\" class=\"ngg-gallery-thumbnail-box\" >\n\t\t\t\t        <div class=\"ngg-gallery-thumbnail\">\n            <a href=\"http:\/\/www.karate-neuhofen.at\/wp-content\/gallery\/trainingslager-in-gnas-2013\/imgx_019.jpg\"\n               title=\"\"\n               data-src=\"http:\/\/www.karate-neuhofen.at\/wp-content\/gallery\/trainingslager-in-gnas-2013\/imgx_019.jpg\"\n               data-thumbnail=\"http:\/\/www.karate-neuhofen.at\/wp-content\/gallery\/trainingslager-in-gnas-2013\/thumbs\/thumbs_imgx_019.jpg\"\n               data-image-id=\"2988\"\n               data-title=\"imgx_019\"\n               data-description=\"\"\n               data-image-slug=\"imgx_019\"\n               class=\"shutterset_ff47fd508f60c5ff8630e9e3ad1de006\">\n                <img\n                    title=\"imgx_019\"\n                    alt=\"imgx_019\"\n                    src=\"http:\/\/www.karate-neuhofen.at\/wp-content\/gallery\/trainingslager-in-gnas-2013\/thumbs\/thumbs_imgx_019.jpg\"\n                    width=\"50\"\n                    height=\"75\"\n                    style=\"max-width:100%;\"\n                \/>\n            <\/a>\n        <\/div>\n\t\t\t\t\t\t\t<\/div> \n\t\t\t\n        \n\t\t\t\t<div id=\"ngg-image-19\" class=\"ngg-gallery-thumbnail-box\" >\n\t\t\t\t        <div class=\"ngg-gallery-thumbnail\">\n            <a href=\"http:\/\/www.karate-neuhofen.at\/wp-content\/gallery\/trainingslager-in-gnas-2013\/imgx_020.jpg\"\n               title=\"\"\n               data-src=\"http:\/\/www.karate-neuhofen.at\/wp-content\/gallery\/trainingslager-in-gnas-2013\/imgx_020.jpg\"\n               data-thumbnail=\"http:\/\/www.karate-neuhofen.at\/wp-content\/gallery\/trainingslager-in-gnas-2013\/thumbs\/thumbs_imgx_020.jpg\"\n               data-image-id=\"2989\"\n               data-title=\"imgx_020\"\n               data-description=\"\"\n               data-image-slug=\"imgx_020\"\n               class=\"shutterset_ff47fd508f60c5ff8630e9e3ad1de006\">\n                <img\n                    title=\"imgx_020\"\n                    alt=\"imgx_020\"\n                    src=\"http:\/\/www.karate-neuhofen.at\/wp-content\/gallery\/trainingslager-in-gnas-2013\/thumbs\/thumbs_imgx_020.jpg\"\n                    width=\"100\"\n                    height=\"66\"\n                    style=\"max-width:100%;\"\n                \/>\n            <\/a>\n        <\/div>\n\t\t\t\t\t\t\t<\/div> \n\t\t\t\n        \n\t\t\t\t<div id=\"ngg-image-20\" class=\"ngg-gallery-thumbnail-box\" >\n\t\t\t\t        <div class=\"ngg-gallery-thumbnail\">\n            <a href=\"http:\/\/www.karate-neuhofen.at\/wp-content\/gallery\/trainingslager-in-gnas-2013\/imgx_021.jpg\"\n               title=\"\"\n               data-src=\"http:\/\/www.karate-neuhofen.at\/wp-content\/gallery\/trainingslager-in-gnas-2013\/imgx_021.jpg\"\n               data-thumbnail=\"http:\/\/www.karate-neuhofen.at\/wp-content\/gallery\/trainingslager-in-gnas-2013\/thumbs\/thumbs_imgx_021.jpg\"\n               data-image-id=\"2990\"\n               data-title=\"imgx_021\"\n               data-description=\"\"\n               data-image-slug=\"imgx_021\"\n               class=\"shutterset_ff47fd508f60c5ff8630e9e3ad1de006\">\n                <img\n                    title=\"imgx_021\"\n                    alt=\"imgx_021\"\n                    src=\"http:\/\/www.karate-neuhofen.at\/wp-content\/gallery\/trainingslager-in-gnas-2013\/thumbs\/thumbs_imgx_021.jpg\"\n                    width=\"100\"\n                    height=\"66\"\n                    style=\"max-width:100%;\"\n                \/>\n            <\/a>\n        <\/div>\n\t\t\t\t\t\t\t<\/div> \n\t\t\t\n        \n\t\t\t\t<div id=\"ngg-image-21\" class=\"ngg-gallery-thumbnail-box\" >\n\t\t\t\t        <div class=\"ngg-gallery-thumbnail\">\n            <a href=\"http:\/\/www.karate-neuhofen.at\/wp-content\/gallery\/trainingslager-in-gnas-2013\/imgx_022.jpg\"\n               title=\"\"\n               data-src=\"http:\/\/www.karate-neuhofen.at\/wp-content\/gallery\/trainingslager-in-gnas-2013\/imgx_022.jpg\"\n               data-thumbnail=\"http:\/\/www.karate-neuhofen.at\/wp-content\/gallery\/trainingslager-in-gnas-2013\/thumbs\/thumbs_imgx_022.jpg\"\n               data-image-id=\"2991\"\n               data-title=\"imgx_022\"\n               data-description=\"\"\n               data-image-slug=\"imgx_022\"\n               class=\"shutterset_ff47fd508f60c5ff8630e9e3ad1de006\">\n                <img\n                    title=\"imgx_022\"\n                    alt=\"imgx_022\"\n                    src=\"http:\/\/www.karate-neuhofen.at\/wp-content\/gallery\/trainingslager-in-gnas-2013\/thumbs\/thumbs_imgx_022.jpg\"\n                    width=\"100\"\n                    height=\"66\"\n                    style=\"max-width:100%;\"\n                \/>\n            <\/a>\n        <\/div>\n\t\t\t\t\t\t\t<\/div> \n\t\t\t\n        \n\t\t\t\t<div id=\"ngg-image-22\" class=\"ngg-gallery-thumbnail-box\" >\n\t\t\t\t        <div class=\"ngg-gallery-thumbnail\">\n            <a href=\"http:\/\/www.karate-neuhofen.at\/wp-content\/gallery\/trainingslager-in-gnas-2013\/imgx_023.jpg\"\n               title=\"\"\n               data-src=\"http:\/\/www.karate-neuhofen.at\/wp-content\/gallery\/trainingslager-in-gnas-2013\/imgx_023.jpg\"\n               data-thumbnail=\"http:\/\/www.karate-neuhofen.at\/wp-content\/gallery\/trainingslager-in-gnas-2013\/thumbs\/thumbs_imgx_023.jpg\"\n               data-image-id=\"2992\"\n               data-title=\"imgx_023\"\n               data-description=\"\"\n               data-image-slug=\"imgx_023\"\n               class=\"shutterset_ff47fd508f60c5ff8630e9e3ad1de006\">\n                <img\n                    title=\"imgx_023\"\n                    alt=\"imgx_023\"\n                    src=\"http:\/\/www.karate-neuhofen.at\/wp-content\/gallery\/trainingslager-in-gnas-2013\/thumbs\/thumbs_imgx_023.jpg\"\n                    width=\"100\"\n                    height=\"66\"\n                    style=\"max-width:100%;\"\n                \/>\n            <\/a>\n        <\/div>\n\t\t\t\t\t\t\t<\/div> \n\t\t\t\n        \n\t\t\t\t<div id=\"ngg-image-23\" class=\"ngg-gallery-thumbnail-box\" >\n\t\t\t\t        <div class=\"ngg-gallery-thumbnail\">\n            <a href=\"http:\/\/www.karate-neuhofen.at\/wp-content\/gallery\/trainingslager-in-gnas-2013\/imgx_024.jpg\"\n               title=\"\"\n               data-src=\"http:\/\/www.karate-neuhofen.at\/wp-content\/gallery\/trainingslager-in-gnas-2013\/imgx_024.jpg\"\n               data-thumbnail=\"http:\/\/www.karate-neuhofen.at\/wp-content\/gallery\/trainingslager-in-gnas-2013\/thumbs\/thumbs_imgx_024.jpg\"\n               data-image-id=\"2993\"\n               data-title=\"imgx_024\"\n               data-description=\"\"\n               data-image-slug=\"imgx_024\"\n               class=\"shutterset_ff47fd508f60c5ff8630e9e3ad1de006\">\n                <img\n                    title=\"imgx_024\"\n                    alt=\"imgx_024\"\n                    src=\"http:\/\/www.karate-neuhofen.at\/wp-content\/gallery\/trainingslager-in-gnas-2013\/thumbs\/thumbs_imgx_024.jpg\"\n                    width=\"100\"\n                    height=\"66\"\n                    style=\"max-width:100%;\"\n                \/>\n            <\/a>\n        <\/div>\n\t\t\t\t\t\t\t<\/div> \n\t\t\t\n        \n\t\t\t\t<div id=\"ngg-image-24\" class=\"ngg-gallery-thumbnail-box\" >\n\t\t\t\t        <div class=\"ngg-gallery-thumbnail\">\n            <a href=\"http:\/\/www.karate-neuhofen.at\/wp-content\/gallery\/trainingslager-in-gnas-2013\/imgx_025.jpg\"\n               title=\"\"\n               data-src=\"http:\/\/www.karate-neuhofen.at\/wp-content\/gallery\/trainingslager-in-gnas-2013\/imgx_025.jpg\"\n               data-thumbnail=\"http:\/\/www.karate-neuhofen.at\/wp-content\/gallery\/trainingslager-in-gnas-2013\/thumbs\/thumbs_imgx_025.jpg\"\n               data-image-id=\"2994\"\n               data-title=\"imgx_025\"\n               data-description=\"\"\n               data-image-slug=\"imgx_025\"\n               class=\"shutterset_ff47fd508f60c5ff8630e9e3ad1de006\">\n                <img\n                    title=\"imgx_025\"\n                    alt=\"imgx_025\"\n                    src=\"http:\/\/www.karate-neuhofen.at\/wp-content\/gallery\/trainingslager-in-gnas-2013\/thumbs\/thumbs_imgx_025.jpg\"\n                    width=\"100\"\n                    height=\"66\"\n                    style=\"max-width:100%;\"\n                \/>\n            <\/a>\n        <\/div>\n\t\t\t\t\t\t\t<\/div> \n\t\t\t\n        \n\t\t\t\t<div id=\"ngg-image-25\" class=\"ngg-gallery-thumbnail-box\" >\n\t\t\t\t        <div class=\"ngg-gallery-thumbnail\">\n            <a href=\"http:\/\/www.karate-neuhofen.at\/wp-content\/gallery\/trainingslager-in-gnas-2013\/imgx_026.jpg\"\n               title=\"\"\n               data-src=\"http:\/\/www.karate-neuhofen.at\/wp-content\/gallery\/trainingslager-in-gnas-2013\/imgx_026.jpg\"\n               data-thumbnail=\"http:\/\/www.karate-neuhofen.at\/wp-content\/gallery\/trainingslager-in-gnas-2013\/thumbs\/thumbs_imgx_026.jpg\"\n               data-image-id=\"2995\"\n               data-title=\"imgx_026\"\n               data-description=\"\"\n               data-image-slug=\"imgx_026\"\n               class=\"shutterset_ff47fd508f60c5ff8630e9e3ad1de006\">\n                <img\n                    title=\"imgx_026\"\n                    alt=\"imgx_026\"\n                    src=\"http:\/\/www.karate-neuhofen.at\/wp-content\/gallery\/trainingslager-in-gnas-2013\/thumbs\/thumbs_imgx_026.jpg\"\n                    width=\"100\"\n                    height=\"66\"\n                    style=\"max-width:100%;\"\n                \/>\n            <\/a>\n        <\/div>\n\t\t\t\t\t\t\t<\/div> \n\t\t\t\n        \n\t\t\t\t<div id=\"ngg-image-26\" class=\"ngg-gallery-thumbnail-box\" >\n\t\t\t\t        <div class=\"ngg-gallery-thumbnail\">\n            <a href=\"http:\/\/www.karate-neuhofen.at\/wp-content\/gallery\/trainingslager-in-gnas-2013\/imgx_027.jpg\"\n               title=\"\"\n               data-src=\"http:\/\/www.karate-neuhofen.at\/wp-content\/gallery\/trainingslager-in-gnas-2013\/imgx_027.jpg\"\n               data-thumbnail=\"http:\/\/www.karate-neuhofen.at\/wp-content\/gallery\/trainingslager-in-gnas-2013\/thumbs\/thumbs_imgx_027.jpg\"\n               data-image-id=\"2996\"\n               data-title=\"imgx_027\"\n               data-description=\"\"\n               data-image-slug=\"imgx_027\"\n               class=\"shutterset_ff47fd508f60c5ff8630e9e3ad1de006\">\n                <img\n                    title=\"imgx_027\"\n                    alt=\"imgx_027\"\n                    src=\"http:\/\/www.karate-neuhofen.at\/wp-content\/gallery\/trainingslager-in-gnas-2013\/thumbs\/thumbs_imgx_027.jpg\"\n                    width=\"100\"\n                    height=\"66\"\n                    style=\"max-width:100%;\"\n                \/>\n            <\/a>\n        <\/div>\n\t\t\t\t\t\t\t<\/div> \n\t\t\t\n        \n\t\t\t\t<div id=\"ngg-image-27\" class=\"ngg-gallery-thumbnail-box\" >\n\t\t\t\t        <div class=\"ngg-gallery-thumbnail\">\n            <a href=\"http:\/\/www.karate-neuhofen.at\/wp-content\/gallery\/trainingslager-in-gnas-2013\/imgx_028.jpg\"\n               title=\"\"\n               data-src=\"http:\/\/www.karate-neuhofen.at\/wp-content\/gallery\/trainingslager-in-gnas-2013\/imgx_028.jpg\"\n               data-thumbnail=\"http:\/\/www.karate-neuhofen.at\/wp-content\/gallery\/trainingslager-in-gnas-2013\/thumbs\/thumbs_imgx_028.jpg\"\n               data-image-id=\"2997\"\n               data-title=\"imgx_028\"\n               data-description=\"\"\n               data-image-slug=\"imgx_028\"\n               class=\"shutterset_ff47fd508f60c5ff8630e9e3ad1de006\">\n                <img\n                    title=\"imgx_028\"\n                    alt=\"imgx_028\"\n                    src=\"http:\/\/www.karate-neuhofen.at\/wp-content\/gallery\/trainingslager-in-gnas-2013\/thumbs\/thumbs_imgx_028.jpg\"\n                    width=\"100\"\n                    height=\"66\"\n                    style=\"max-width:100%;\"\n                \/>\n            <\/a>\n        <\/div>\n\t\t\t\t\t\t\t<\/div> \n\t\t\t\n        \n\t\t\t\t<div id=\"ngg-image-28\" class=\"ngg-gallery-thumbnail-box\" >\n\t\t\t\t        <div class=\"ngg-gallery-thumbnail\">\n            <a href=\"http:\/\/www.karate-neuhofen.at\/wp-content\/gallery\/trainingslager-in-gnas-2013\/imgx_029.jpg\"\n               title=\"\"\n               data-src=\"http:\/\/www.karate-neuhofen.at\/wp-content\/gallery\/trainingslager-in-gnas-2013\/imgx_029.jpg\"\n               data-thumbnail=\"http:\/\/www.karate-neuhofen.at\/wp-content\/gallery\/trainingslager-in-gnas-2013\/thumbs\/thumbs_imgx_029.jpg\"\n               data-image-id=\"2998\"\n               data-title=\"imgx_029\"\n               data-description=\"\"\n               data-image-slug=\"imgx_029\"\n               class=\"shutterset_ff47fd508f60c5ff8630e9e3ad1de006\">\n                <img\n                    title=\"imgx_029\"\n                    alt=\"imgx_029\"\n                    src=\"http:\/\/www.karate-neuhofen.at\/wp-content\/gallery\/trainingslager-in-gnas-2013\/thumbs\/thumbs_imgx_029.jpg\"\n                    width=\"100\"\n                    height=\"66\"\n                    style=\"max-width:100%;\"\n                \/>\n            <\/a>\n        <\/div>\n\t\t\t\t\t\t\t<\/div> \n\t\t\t\n        \n\t\t\t\t<div id=\"ngg-image-29\" class=\"ngg-gallery-thumbnail-box\" >\n\t\t\t\t        <div class=\"ngg-gallery-thumbnail\">\n            <a href=\"http:\/\/www.karate-neuhofen.at\/wp-content\/gallery\/trainingslager-in-gnas-2013\/imgx_030.jpg\"\n               title=\"\"\n               data-src=\"http:\/\/www.karate-neuhofen.at\/wp-content\/gallery\/trainingslager-in-gnas-2013\/imgx_030.jpg\"\n               data-thumbnail=\"http:\/\/www.karate-neuhofen.at\/wp-content\/gallery\/trainingslager-in-gnas-2013\/thumbs\/thumbs_imgx_030.jpg\"\n               data-image-id=\"2999\"\n               data-title=\"imgx_030\"\n               data-description=\"\"\n               data-image-slug=\"imgx_030\"\n               class=\"shutterset_ff47fd508f60c5ff8630e9e3ad1de006\">\n                <img\n                    title=\"imgx_030\"\n                    alt=\"imgx_030\"\n                    src=\"http:\/\/www.karate-neuhofen.at\/wp-content\/gallery\/trainingslager-in-gnas-2013\/thumbs\/thumbs_imgx_030.jpg\"\n                    width=\"100\"\n                    height=\"66\"\n                    style=\"max-width:100%;\"\n                \/>\n            <\/a>\n        <\/div>\n\t\t\t\t\t\t\t<\/div> \n\t\t\t\n        \n\t\t\t\t<div id=\"ngg-image-30\" class=\"ngg-gallery-thumbnail-box\" >\n\t\t\t\t        <div class=\"ngg-gallery-thumbnail\">\n            <a href=\"http:\/\/www.karate-neuhofen.at\/wp-content\/gallery\/trainingslager-in-gnas-2013\/imgx_031.jpg\"\n               title=\"\"\n               data-src=\"http:\/\/www.karate-neuhofen.at\/wp-content\/gallery\/trainingslager-in-gnas-2013\/imgx_031.jpg\"\n               data-thumbnail=\"http:\/\/www.karate-neuhofen.at\/wp-content\/gallery\/trainingslager-in-gnas-2013\/thumbs\/thumbs_imgx_031.jpg\"\n               data-image-id=\"3000\"\n               data-title=\"imgx_031\"\n               data-description=\"\"\n               data-image-slug=\"imgx_031\"\n               class=\"shutterset_ff47fd508f60c5ff8630e9e3ad1de006\">\n                <img\n                    title=\"imgx_031\"\n                    alt=\"imgx_031\"\n                    src=\"http:\/\/www.karate-neuhofen.at\/wp-content\/gallery\/trainingslager-in-gnas-2013\/thumbs\/thumbs_imgx_031.jpg\"\n                    width=\"100\"\n                    height=\"66\"\n                    style=\"max-width:100%;\"\n                \/>\n            <\/a>\n        <\/div>\n\t\t\t\t\t\t\t<\/div> \n\t\t\t\n        \n\t\t\t\t<div id=\"ngg-image-31\" class=\"ngg-gallery-thumbnail-box\" >\n\t\t\t\t        <div class=\"ngg-gallery-thumbnail\">\n            <a href=\"http:\/\/www.karate-neuhofen.at\/wp-content\/gallery\/trainingslager-in-gnas-2013\/imgx_032.jpg\"\n               title=\"\"\n               data-src=\"http:\/\/www.karate-neuhofen.at\/wp-content\/gallery\/trainingslager-in-gnas-2013\/imgx_032.jpg\"\n               data-thumbnail=\"http:\/\/www.karate-neuhofen.at\/wp-content\/gallery\/trainingslager-in-gnas-2013\/thumbs\/thumbs_imgx_032.jpg\"\n               data-image-id=\"3001\"\n               data-title=\"imgx_032\"\n               data-description=\"\"\n               data-image-slug=\"imgx_032\"\n               class=\"shutterset_ff47fd508f60c5ff8630e9e3ad1de006\">\n                <img\n                    title=\"imgx_032\"\n                    alt=\"imgx_032\"\n                    src=\"http:\/\/www.karate-neuhofen.at\/wp-content\/gallery\/trainingslager-in-gnas-2013\/thumbs\/thumbs_imgx_032.jpg\"\n                    width=\"100\"\n                    height=\"66\"\n                    style=\"max-width:100%;\"\n                \/>\n            <\/a>\n        <\/div>\n\t\t\t\t\t\t\t<\/div> \n\t\t\t\n        \n\t\t\t\t<div id=\"ngg-image-32\" class=\"ngg-gallery-thumbnail-box\" >\n\t\t\t\t        <div class=\"ngg-gallery-thumbnail\">\n            <a href=\"http:\/\/www.karate-neuhofen.at\/wp-content\/gallery\/trainingslager-in-gnas-2013\/imgx_033.jpg\"\n               title=\"\"\n               data-src=\"http:\/\/www.karate-neuhofen.at\/wp-content\/gallery\/trainingslager-in-gnas-2013\/imgx_033.jpg\"\n               data-thumbnail=\"http:\/\/www.karate-neuhofen.at\/wp-content\/gallery\/trainingslager-in-gnas-2013\/thumbs\/thumbs_imgx_033.jpg\"\n               data-image-id=\"3002\"\n               data-title=\"imgx_033\"\n               data-description=\"\"\n               data-image-slug=\"imgx_033\"\n               class=\"shutterset_ff47fd508f60c5ff8630e9e3ad1de006\">\n                <img\n                    title=\"imgx_033\"\n                    alt=\"imgx_033\"\n                    src=\"http:\/\/www.karate-neuhofen.at\/wp-content\/gallery\/trainingslager-in-gnas-2013\/thumbs\/thumbs_imgx_033.jpg\"\n                    width=\"100\"\n                    height=\"63\"\n                    style=\"max-width:100%;\"\n                \/>\n            <\/a>\n        <\/div>\n\t\t\t\t\t\t\t<\/div> \n\t\t\t\n        \n\t\t\t\t<div id=\"ngg-image-33\" class=\"ngg-gallery-thumbnail-box\" >\n\t\t\t\t        <div class=\"ngg-gallery-thumbnail\">\n            <a href=\"http:\/\/www.karate-neuhofen.at\/wp-content\/gallery\/trainingslager-in-gnas-2013\/imgx_034.jpg\"\n               title=\"\"\n               data-src=\"http:\/\/www.karate-neuhofen.at\/wp-content\/gallery\/trainingslager-in-gnas-2013\/imgx_034.jpg\"\n               data-thumbnail=\"http:\/\/www.karate-neuhofen.at\/wp-content\/gallery\/trainingslager-in-gnas-2013\/thumbs\/thumbs_imgx_034.jpg\"\n               data-image-id=\"3003\"\n               data-title=\"imgx_034\"\n               data-description=\"\"\n               data-image-slug=\"imgx_034\"\n               class=\"shutterset_ff47fd508f60c5ff8630e9e3ad1de006\">\n                <img\n                    title=\"imgx_034\"\n                    alt=\"imgx_034\"\n                    src=\"http:\/\/www.karate-neuhofen.at\/wp-content\/gallery\/trainingslager-in-gnas-2013\/thumbs\/thumbs_imgx_034.jpg\"\n                    width=\"100\"\n                    height=\"66\"\n                    style=\"max-width:100%;\"\n                \/>\n            <\/a>\n        <\/div>\n\t\t\t\t\t\t\t<\/div> \n\t\t\t\n        \n\t\t\t\t<div id=\"ngg-image-34\" class=\"ngg-gallery-thumbnail-box\" >\n\t\t\t\t        <div class=\"ngg-gallery-thumbnail\">\n            <a href=\"http:\/\/www.karate-neuhofen.at\/wp-content\/gallery\/trainingslager-in-gnas-2013\/imgx_035.jpg\"\n               title=\"\"\n               data-src=\"http:\/\/www.karate-neuhofen.at\/wp-content\/gallery\/trainingslager-in-gnas-2013\/imgx_035.jpg\"\n               data-thumbnail=\"http:\/\/www.karate-neuhofen.at\/wp-content\/gallery\/trainingslager-in-gnas-2013\/thumbs\/thumbs_imgx_035.jpg\"\n               data-image-id=\"3004\"\n               data-title=\"imgx_035\"\n               data-description=\"\"\n               data-image-slug=\"imgx_035\"\n               class=\"shutterset_ff47fd508f60c5ff8630e9e3ad1de006\">\n                <img\n                    title=\"imgx_035\"\n                    alt=\"imgx_035\"\n                    src=\"http:\/\/www.karate-neuhofen.at\/wp-content\/gallery\/trainingslager-in-gnas-2013\/thumbs\/thumbs_imgx_035.jpg\"\n                    width=\"100\"\n                    height=\"66\"\n                    style=\"max-width:100%;\"\n                \/>\n            <\/a>\n        <\/div>\n\t\t\t\t\t\t\t<\/div> \n\t\t\t\n        \n\t\t\t\t<div id=\"ngg-image-35\" class=\"ngg-gallery-thumbnail-box\" >\n\t\t\t\t        <div class=\"ngg-gallery-thumbnail\">\n            <a href=\"http:\/\/www.karate-neuhofen.at\/wp-content\/gallery\/trainingslager-in-gnas-2013\/imgx_036.jpg\"\n               title=\"\"\n               data-src=\"http:\/\/www.karate-neuhofen.at\/wp-content\/gallery\/trainingslager-in-gnas-2013\/imgx_036.jpg\"\n               data-thumbnail=\"http:\/\/www.karate-neuhofen.at\/wp-content\/gallery\/trainingslager-in-gnas-2013\/thumbs\/thumbs_imgx_036.jpg\"\n               data-image-id=\"3005\"\n               data-title=\"imgx_036\"\n               data-description=\"\"\n               data-image-slug=\"imgx_036\"\n               class=\"shutterset_ff47fd508f60c5ff8630e9e3ad1de006\">\n                <img\n                    title=\"imgx_036\"\n                    alt=\"imgx_036\"\n                    src=\"http:\/\/www.karate-neuhofen.at\/wp-content\/gallery\/trainingslager-in-gnas-2013\/thumbs\/thumbs_imgx_036.jpg\"\n                    width=\"50\"\n                    height=\"75\"\n                    style=\"max-width:100%;\"\n                \/>\n            <\/a>\n        <\/div>\n\t\t\t\t\t\t\t<\/div> \n\t\t\t\n        \n\t\t\t\t<div id=\"ngg-image-36\" class=\"ngg-gallery-thumbnail-box\" >\n\t\t\t\t        <div class=\"ngg-gallery-thumbnail\">\n            <a href=\"http:\/\/www.karate-neuhofen.at\/wp-content\/gallery\/trainingslager-in-gnas-2013\/imgx_037.jpg\"\n               title=\"\"\n               data-src=\"http:\/\/www.karate-neuhofen.at\/wp-content\/gallery\/trainingslager-in-gnas-2013\/imgx_037.jpg\"\n               data-thumbnail=\"http:\/\/www.karate-neuhofen.at\/wp-content\/gallery\/trainingslager-in-gnas-2013\/thumbs\/thumbs_imgx_037.jpg\"\n               data-image-id=\"3006\"\n               data-title=\"imgx_037\"\n               data-description=\"\"\n               data-image-slug=\"imgx_037\"\n               class=\"shutterset_ff47fd508f60c5ff8630e9e3ad1de006\">\n                <img\n                    title=\"imgx_037\"\n                    alt=\"imgx_037\"\n                    src=\"http:\/\/www.karate-neuhofen.at\/wp-content\/gallery\/trainingslager-in-gnas-2013\/thumbs\/thumbs_imgx_037.jpg\"\n                    width=\"50\"\n                    height=\"75\"\n                    style=\"max-width:100%;\"\n                \/>\n            <\/a>\n        <\/div>\n\t\t\t\t\t\t\t<\/div> \n\t\t\t\n        \n\t\t\t\t<div id=\"ngg-image-37\" class=\"ngg-gallery-thumbnail-box\" >\n\t\t\t\t        <div class=\"ngg-gallery-thumbnail\">\n            <a href=\"http:\/\/www.karate-neuhofen.at\/wp-content\/gallery\/trainingslager-in-gnas-2013\/imgx_038.jpg\"\n               title=\"\"\n               data-src=\"http:\/\/www.karate-neuhofen.at\/wp-content\/gallery\/trainingslager-in-gnas-2013\/imgx_038.jpg\"\n               data-thumbnail=\"http:\/\/www.karate-neuhofen.at\/wp-content\/gallery\/trainingslager-in-gnas-2013\/thumbs\/thumbs_imgx_038.jpg\"\n               data-image-id=\"3007\"\n               data-title=\"imgx_038\"\n               data-description=\"\"\n               data-image-slug=\"imgx_038\"\n               class=\"shutterset_ff47fd508f60c5ff8630e9e3ad1de006\">\n                <img\n                    title=\"imgx_038\"\n                    alt=\"imgx_038\"\n                    src=\"http:\/\/www.karate-neuhofen.at\/wp-content\/gallery\/trainingslager-in-gnas-2013\/thumbs\/thumbs_imgx_038.jpg\"\n                    width=\"100\"\n                    height=\"66\"\n                    style=\"max-width:100%;\"\n                \/>\n            <\/a>\n        <\/div>\n\t\t\t\t\t\t\t<\/div> \n\t\t\t\n        \n\t\t\t\t<div id=\"ngg-image-38\" class=\"ngg-gallery-thumbnail-box\" >\n\t\t\t\t        <div class=\"ngg-gallery-thumbnail\">\n            <a href=\"http:\/\/www.karate-neuhofen.at\/wp-content\/gallery\/trainingslager-in-gnas-2013\/imgx_039.jpg\"\n               title=\"\"\n               data-src=\"http:\/\/www.karate-neuhofen.at\/wp-content\/gallery\/trainingslager-in-gnas-2013\/imgx_039.jpg\"\n               data-thumbnail=\"http:\/\/www.karate-neuhofen.at\/wp-content\/gallery\/trainingslager-in-gnas-2013\/thumbs\/thumbs_imgx_039.jpg\"\n               data-image-id=\"3008\"\n               data-title=\"imgx_039\"\n               data-description=\"\"\n               data-image-slug=\"imgx_039\"\n               class=\"shutterset_ff47fd508f60c5ff8630e9e3ad1de006\">\n                <img\n                    title=\"imgx_039\"\n                    alt=\"imgx_039\"\n                    src=\"http:\/\/www.karate-neuhofen.at\/wp-content\/gallery\/trainingslager-in-gnas-2013\/thumbs\/thumbs_imgx_039.jpg\"\n                    width=\"100\"\n                    height=\"66\"\n                    style=\"max-width:100%;\"\n                \/>\n            <\/a>\n        <\/div>\n\t\t\t\t\t\t\t<\/div> \n\t\t\t\n        \n\t\t\t\t<div id=\"ngg-image-39\" class=\"ngg-gallery-thumbnail-box\" >\n\t\t\t\t        <div class=\"ngg-gallery-thumbnail\">\n            <a href=\"http:\/\/www.karate-neuhofen.at\/wp-content\/gallery\/trainingslager-in-gnas-2013\/imgx_040.jpg\"\n               title=\"\"\n               data-src=\"http:\/\/www.karate-neuhofen.at\/wp-content\/gallery\/trainingslager-in-gnas-2013\/imgx_040.jpg\"\n               data-thumbnail=\"http:\/\/www.karate-neuhofen.at\/wp-content\/gallery\/trainingslager-in-gnas-2013\/thumbs\/thumbs_imgx_040.jpg\"\n               data-image-id=\"3009\"\n               data-title=\"imgx_040\"\n               data-description=\"\"\n               data-image-slug=\"imgx_040\"\n               class=\"shutterset_ff47fd508f60c5ff8630e9e3ad1de006\">\n                <img\n                    title=\"imgx_040\"\n                    alt=\"imgx_040\"\n                    src=\"http:\/\/www.karate-neuhofen.at\/wp-content\/gallery\/trainingslager-in-gnas-2013\/thumbs\/thumbs_imgx_040.jpg\"\n                    width=\"100\"\n                    height=\"66\"\n                    style=\"max-width:100%;\"\n                \/>\n            <\/a>\n        <\/div>\n\t\t\t\t\t\t\t<\/div> \n\t\t\t\n        \n\t\t\t\t<div id=\"ngg-image-40\" class=\"ngg-gallery-thumbnail-box\" >\n\t\t\t\t        <div class=\"ngg-gallery-thumbnail\">\n            <a href=\"http:\/\/www.karate-neuhofen.at\/wp-content\/gallery\/trainingslager-in-gnas-2013\/imgx_041.jpg\"\n               title=\"\"\n               data-src=\"http:\/\/www.karate-neuhofen.at\/wp-content\/gallery\/trainingslager-in-gnas-2013\/imgx_041.jpg\"\n               data-thumbnail=\"http:\/\/www.karate-neuhofen.at\/wp-content\/gallery\/trainingslager-in-gnas-2013\/thumbs\/thumbs_imgx_041.jpg\"\n               data-image-id=\"3010\"\n               data-title=\"imgx_041\"\n               data-description=\"\"\n               data-image-slug=\"imgx_041\"\n               class=\"shutterset_ff47fd508f60c5ff8630e9e3ad1de006\">\n                <img\n                    title=\"imgx_041\"\n                    alt=\"imgx_041\"\n                    src=\"http:\/\/www.karate-neuhofen.at\/wp-content\/gallery\/trainingslager-in-gnas-2013\/thumbs\/thumbs_imgx_041.jpg\"\n                    width=\"100\"\n                    height=\"70\"\n                    style=\"max-width:100%;\"\n                \/>\n            <\/a>\n        <\/div>\n\t\t\t\t\t\t\t<\/div> \n\t\t\t\n        \n\t\t\t\t<div id=\"ngg-image-41\" class=\"ngg-gallery-thumbnail-box\" >\n\t\t\t\t        <div class=\"ngg-gallery-thumbnail\">\n            <a href=\"http:\/\/www.karate-neuhofen.at\/wp-content\/gallery\/trainingslager-in-gnas-2013\/imgx_042.jpg\"\n               title=\"\"\n               data-src=\"http:\/\/www.karate-neuhofen.at\/wp-content\/gallery\/trainingslager-in-gnas-2013\/imgx_042.jpg\"\n               data-thumbnail=\"http:\/\/www.karate-neuhofen.at\/wp-content\/gallery\/trainingslager-in-gnas-2013\/thumbs\/thumbs_imgx_042.jpg\"\n               data-image-id=\"3011\"\n               data-title=\"imgx_042\"\n               data-description=\"\"\n               data-image-slug=\"imgx_042\"\n               class=\"shutterset_ff47fd508f60c5ff8630e9e3ad1de006\">\n                <img\n                    title=\"imgx_042\"\n                    alt=\"imgx_042\"\n                    src=\"http:\/\/www.karate-neuhofen.at\/wp-content\/gallery\/trainingslager-in-gnas-2013\/thumbs\/thumbs_imgx_042.jpg\"\n                    width=\"100\"\n                    height=\"66\"\n                    style=\"max-width:100%;\"\n                \/>\n            <\/a>\n        <\/div>\n\t\t\t\t\t\t\t<\/div> \n\t\t\t\n        \n\t\t\t\t<div id=\"ngg-image-42\" class=\"ngg-gallery-thumbnail-box\" >\n\t\t\t\t        <div class=\"ngg-gallery-thumbnail\">\n            <a href=\"http:\/\/www.karate-neuhofen.at\/wp-content\/gallery\/trainingslager-in-gnas-2013\/imgx_043.jpg\"\n               title=\"\"\n               data-src=\"http:\/\/www.karate-neuhofen.at\/wp-content\/gallery\/trainingslager-in-gnas-2013\/imgx_043.jpg\"\n               data-thumbnail=\"http:\/\/www.karate-neuhofen.at\/wp-content\/gallery\/trainingslager-in-gnas-2013\/thumbs\/thumbs_imgx_043.jpg\"\n               data-image-id=\"3012\"\n               data-title=\"imgx_043\"\n               data-description=\"\"\n               data-image-slug=\"imgx_043\"\n               class=\"shutterset_ff47fd508f60c5ff8630e9e3ad1de006\">\n                <img\n                    title=\"imgx_043\"\n                    alt=\"imgx_043\"\n                    src=\"http:\/\/www.karate-neuhofen.at\/wp-content\/gallery\/trainingslager-in-gnas-2013\/thumbs\/thumbs_imgx_043.jpg\"\n                    width=\"100\"\n                    height=\"66\"\n                    style=\"max-width:100%;\"\n                \/>\n            <\/a>\n        <\/div>\n\t\t\t\t\t\t\t<\/div> \n\t\t\t\n        \n\t\t\t\t<div id=\"ngg-image-43\" class=\"ngg-gallery-thumbnail-box\" >\n\t\t\t\t        <div class=\"ngg-gallery-thumbnail\">\n            <a href=\"http:\/\/www.karate-neuhofen.at\/wp-content\/gallery\/trainingslager-in-gnas-2013\/imgx_044.jpg\"\n               title=\"\"\n               data-src=\"http:\/\/www.karate-neuhofen.at\/wp-content\/gallery\/trainingslager-in-gnas-2013\/imgx_044.jpg\"\n               data-thumbnail=\"http:\/\/www.karate-neuhofen.at\/wp-content\/gallery\/trainingslager-in-gnas-2013\/thumbs\/thumbs_imgx_044.jpg\"\n               data-image-id=\"3013\"\n               data-title=\"imgx_044\"\n               data-description=\"\"\n               data-image-slug=\"imgx_044\"\n               class=\"shutterset_ff47fd508f60c5ff8630e9e3ad1de006\">\n                <img\n                    title=\"imgx_044\"\n                    alt=\"imgx_044\"\n                    src=\"http:\/\/www.karate-neuhofen.at\/wp-content\/gallery\/trainingslager-in-gnas-2013\/thumbs\/thumbs_imgx_044.jpg\"\n                    width=\"100\"\n                    height=\"66\"\n                    style=\"max-width:100%;\"\n                \/>\n            <\/a>\n        <\/div>\n\t\t\t\t\t\t\t<\/div> \n\t\t\t\n        \n\t\t\t\t<div id=\"ngg-image-44\" class=\"ngg-gallery-thumbnail-box\" >\n\t\t\t\t        <div class=\"ngg-gallery-thumbnail\">\n            <a href=\"http:\/\/www.karate-neuhofen.at\/wp-content\/gallery\/trainingslager-in-gnas-2013\/imgx_045.jpg\"\n               title=\"\"\n               data-src=\"http:\/\/www.karate-neuhofen.at\/wp-content\/gallery\/trainingslager-in-gnas-2013\/imgx_045.jpg\"\n               data-thumbnail=\"http:\/\/www.karate-neuhofen.at\/wp-content\/gallery\/trainingslager-in-gnas-2013\/thumbs\/thumbs_imgx_045.jpg\"\n               data-image-id=\"3014\"\n               data-title=\"imgx_045\"\n               data-description=\"\"\n               data-image-slug=\"imgx_045\"\n               class=\"shutterset_ff47fd508f60c5ff8630e9e3ad1de006\">\n                <img\n                    title=\"imgx_045\"\n                    alt=\"imgx_045\"\n                    src=\"http:\/\/www.karate-neuhofen.at\/wp-content\/gallery\/trainingslager-in-gnas-2013\/thumbs\/thumbs_imgx_045.jpg\"\n                    width=\"100\"\n                    height=\"63\"\n                    style=\"max-width:100%;\"\n                \/>\n            <\/a>\n        <\/div>\n\t\t\t\t\t\t\t<\/div> \n\t\t\t\n        \n\t\t\t\t<div id=\"ngg-image-45\" class=\"ngg-gallery-thumbnail-box\" >\n\t\t\t\t        <div class=\"ngg-gallery-thumbnail\">\n            <a href=\"http:\/\/www.karate-neuhofen.at\/wp-content\/gallery\/trainingslager-in-gnas-2013\/imgx_046.jpg\"\n               title=\"\"\n               data-src=\"http:\/\/www.karate-neuhofen.at\/wp-content\/gallery\/trainingslager-in-gnas-2013\/imgx_046.jpg\"\n               data-thumbnail=\"http:\/\/www.karate-neuhofen.at\/wp-content\/gallery\/trainingslager-in-gnas-2013\/thumbs\/thumbs_imgx_046.jpg\"\n               data-image-id=\"3015\"\n               data-title=\"imgx_046\"\n               data-description=\"\"\n               data-image-slug=\"imgx_046\"\n               class=\"shutterset_ff47fd508f60c5ff8630e9e3ad1de006\">\n                <img\n                    title=\"imgx_046\"\n                    alt=\"imgx_046\"\n                    src=\"http:\/\/www.karate-neuhofen.at\/wp-content\/gallery\/trainingslager-in-gnas-2013\/thumbs\/thumbs_imgx_046.jpg\"\n                    width=\"100\"\n                    height=\"66\"\n                    style=\"max-width:100%;\"\n                \/>\n            <\/a>\n        <\/div>\n\t\t\t\t\t\t\t<\/div> \n\t\t\t\n        \n\t\t\t\t<div id=\"ngg-image-46\" class=\"ngg-gallery-thumbnail-box\" >\n\t\t\t\t        <div class=\"ngg-gallery-thumbnail\">\n            <a href=\"http:\/\/www.karate-neuhofen.at\/wp-content\/gallery\/trainingslager-in-gnas-2013\/imgx_047.jpg\"\n               title=\"\"\n               data-src=\"http:\/\/www.karate-neuhofen.at\/wp-content\/gallery\/trainingslager-in-gnas-2013\/imgx_047.jpg\"\n               data-thumbnail=\"http:\/\/www.karate-neuhofen.at\/wp-content\/gallery\/trainingslager-in-gnas-2013\/thumbs\/thumbs_imgx_047.jpg\"\n               data-image-id=\"3016\"\n               data-title=\"imgx_047\"\n               data-description=\"\"\n               data-image-slug=\"imgx_047\"\n               class=\"shutterset_ff47fd508f60c5ff8630e9e3ad1de006\">\n                <img\n                    title=\"imgx_047\"\n                    alt=\"imgx_047\"\n                    src=\"http:\/\/www.karate-neuhofen.at\/wp-content\/gallery\/trainingslager-in-gnas-2013\/thumbs\/thumbs_imgx_047.jpg\"\n                    width=\"100\"\n                    height=\"66\"\n                    style=\"max-width:100%;\"\n                \/>\n            <\/a>\n        <\/div>\n\t\t\t\t\t\t\t<\/div> \n\t\t\t\n        \n\t\t\t\t<div id=\"ngg-image-47\" class=\"ngg-gallery-thumbnail-box\" >\n\t\t\t\t        <div class=\"ngg-gallery-thumbnail\">\n            <a href=\"http:\/\/www.karate-neuhofen.at\/wp-content\/gallery\/trainingslager-in-gnas-2013\/imgx_048.jpg\"\n               title=\"\"\n               data-src=\"http:\/\/www.karate-neuhofen.at\/wp-content\/gallery\/trainingslager-in-gnas-2013\/imgx_048.jpg\"\n               data-thumbnail=\"http:\/\/www.karate-neuhofen.at\/wp-content\/gallery\/trainingslager-in-gnas-2013\/thumbs\/thumbs_imgx_048.jpg\"\n               data-image-id=\"3017\"\n               data-title=\"imgx_048\"\n               data-description=\"\"\n               data-image-slug=\"imgx_048\"\n               class=\"shutterset_ff47fd508f60c5ff8630e9e3ad1de006\">\n                <img\n                    title=\"imgx_048\"\n                    alt=\"imgx_048\"\n                    src=\"http:\/\/www.karate-neuhofen.at\/wp-content\/gallery\/trainingslager-in-gnas-2013\/thumbs\/thumbs_imgx_048.jpg\"\n                    width=\"100\"\n                    height=\"66\"\n                    style=\"max-width:100%;\"\n                \/>\n            <\/a>\n        <\/div>\n\t\t\t\t\t\t\t<\/div> \n\t\t\t\n        \n\t\t\t\t<div id=\"ngg-image-48\" class=\"ngg-gallery-thumbnail-box\" >\n\t\t\t\t        <div class=\"ngg-gallery-thumbnail\">\n            <a href=\"http:\/\/www.karate-neuhofen.at\/wp-content\/gallery\/trainingslager-in-gnas-2013\/imgx_049.jpg\"\n               title=\"\"\n               data-src=\"http:\/\/www.karate-neuhofen.at\/wp-content\/gallery\/trainingslager-in-gnas-2013\/imgx_049.jpg\"\n               data-thumbnail=\"http:\/\/www.karate-neuhofen.at\/wp-content\/gallery\/trainingslager-in-gnas-2013\/thumbs\/thumbs_imgx_049.jpg\"\n               data-image-id=\"3018\"\n               data-title=\"imgx_049\"\n               data-description=\"\"\n               data-image-slug=\"imgx_049\"\n               class=\"shutterset_ff47fd508f60c5ff8630e9e3ad1de006\">\n                <img\n                    title=\"imgx_049\"\n                    alt=\"imgx_049\"\n                    src=\"http:\/\/www.karate-neuhofen.at\/wp-content\/gallery\/trainingslager-in-gnas-2013\/thumbs\/thumbs_imgx_049.jpg\"\n                    width=\"100\"\n                    height=\"66\"\n                    style=\"max-width:100%;\"\n                \/>\n            <\/a>\n        <\/div>\n\t\t\t\t\t\t\t<\/div> \n\t\t\t\n        \n\t\t\t\t<div id=\"ngg-image-49\" class=\"ngg-gallery-thumbnail-box\" >\n\t\t\t\t        <div class=\"ngg-gallery-thumbnail\">\n            <a href=\"http:\/\/www.karate-neuhofen.at\/wp-content\/gallery\/trainingslager-in-gnas-2013\/imgx_050.jpg\"\n               title=\"\"\n               data-src=\"http:\/\/www.karate-neuhofen.at\/wp-content\/gallery\/trainingslager-in-gnas-2013\/imgx_050.jpg\"\n               data-thumbnail=\"http:\/\/www.karate-neuhofen.at\/wp-content\/gallery\/trainingslager-in-gnas-2013\/thumbs\/thumbs_imgx_050.jpg\"\n               data-image-id=\"3019\"\n               data-title=\"imgx_050\"\n               data-description=\"\"\n               data-image-slug=\"imgx_050\"\n               class=\"shutterset_ff47fd508f60c5ff8630e9e3ad1de006\">\n                <img\n                    title=\"imgx_050\"\n                    alt=\"imgx_050\"\n                    src=\"http:\/\/www.karate-neuhofen.at\/wp-content\/gallery\/trainingslager-in-gnas-2013\/thumbs\/thumbs_imgx_050.jpg\"\n                    width=\"100\"\n                    height=\"66\"\n                    style=\"max-width:100%;\"\n                \/>\n            <\/a>\n        <\/div>\n\t\t\t\t\t\t\t<\/div> \n\t\t\t\n        \n\t\t\t\t<div id=\"ngg-image-50\" class=\"ngg-gallery-thumbnail-box\" >\n\t\t\t\t        <div class=\"ngg-gallery-thumbnail\">\n            <a href=\"http:\/\/www.karate-neuhofen.at\/wp-content\/gallery\/trainingslager-in-gnas-2013\/imgx_051.jpg\"\n               title=\"\"\n               data-src=\"http:\/\/www.karate-neuhofen.at\/wp-content\/gallery\/trainingslager-in-gnas-2013\/imgx_051.jpg\"\n               data-thumbnail=\"http:\/\/www.karate-neuhofen.at\/wp-content\/gallery\/trainingslager-in-gnas-2013\/thumbs\/thumbs_imgx_051.jpg\"\n               data-image-id=\"3020\"\n               data-title=\"imgx_051\"\n               data-description=\"\"\n               data-image-slug=\"imgx_051\"\n               class=\"shutterset_ff47fd508f60c5ff8630e9e3ad1de006\">\n                <img\n                    title=\"imgx_051\"\n                    alt=\"imgx_051\"\n                    src=\"http:\/\/www.karate-neuhofen.at\/wp-content\/gallery\/trainingslager-in-gnas-2013\/thumbs\/thumbs_imgx_051.jpg\"\n                    width=\"100\"\n                    height=\"66\"\n                    style=\"max-width:100%;\"\n                \/>\n            <\/a>\n        <\/div>\n\t\t\t\t\t\t\t<\/div> \n\t\t\t\n        \n\t\t\t\t<div id=\"ngg-image-51\" class=\"ngg-gallery-thumbnail-box\" >\n\t\t\t\t        <div class=\"ngg-gallery-thumbnail\">\n            <a href=\"http:\/\/www.karate-neuhofen.at\/wp-content\/gallery\/trainingslager-in-gnas-2013\/imgx_052.jpg\"\n               title=\"\"\n               data-src=\"http:\/\/www.karate-neuhofen.at\/wp-content\/gallery\/trainingslager-in-gnas-2013\/imgx_052.jpg\"\n               data-thumbnail=\"http:\/\/www.karate-neuhofen.at\/wp-content\/gallery\/trainingslager-in-gnas-2013\/thumbs\/thumbs_imgx_052.jpg\"\n               data-image-id=\"3021\"\n               data-title=\"imgx_052\"\n               data-description=\"\"\n               data-image-slug=\"imgx_052\"\n               class=\"shutterset_ff47fd508f60c5ff8630e9e3ad1de006\">\n                <img\n                    title=\"imgx_052\"\n                    alt=\"imgx_052\"\n                    src=\"http:\/\/www.karate-neuhofen.at\/wp-content\/gallery\/trainingslager-in-gnas-2013\/thumbs\/thumbs_imgx_052.jpg\"\n                    width=\"100\"\n                    height=\"66\"\n                    style=\"max-width:100%;\"\n                \/>\n            <\/a>\n        <\/div>\n\t\t\t\t\t\t\t<\/div> \n\t\t\t\n        \n\t\t\t\t<div id=\"ngg-image-52\" class=\"ngg-gallery-thumbnail-box\" >\n\t\t\t\t        <div class=\"ngg-gallery-thumbnail\">\n            <a href=\"http:\/\/www.karate-neuhofen.at\/wp-content\/gallery\/trainingslager-in-gnas-2013\/imgx_053.jpg\"\n               title=\"\"\n               data-src=\"http:\/\/www.karate-neuhofen.at\/wp-content\/gallery\/trainingslager-in-gnas-2013\/imgx_053.jpg\"\n               data-thumbnail=\"http:\/\/www.karate-neuhofen.at\/wp-content\/gallery\/trainingslager-in-gnas-2013\/thumbs\/thumbs_imgx_053.jpg\"\n               data-image-id=\"3022\"\n               data-title=\"imgx_053\"\n               data-description=\"\"\n               data-image-slug=\"imgx_053\"\n               class=\"shutterset_ff47fd508f60c5ff8630e9e3ad1de006\">\n                <img\n                    title=\"imgx_053\"\n                    alt=\"imgx_053\"\n                    src=\"http:\/\/www.karate-neuhofen.at\/wp-content\/gallery\/trainingslager-in-gnas-2013\/thumbs\/thumbs_imgx_053.jpg\"\n                    width=\"100\"\n                    height=\"66\"\n                    style=\"max-width:100%;\"\n                \/>\n            <\/a>\n        <\/div>\n\t\t\t\t\t\t\t<\/div> \n\t\t\t\n        \n\t\t\t\t<div id=\"ngg-image-53\" class=\"ngg-gallery-thumbnail-box\" >\n\t\t\t\t        <div class=\"ngg-gallery-thumbnail\">\n            <a href=\"http:\/\/www.karate-neuhofen.at\/wp-content\/gallery\/trainingslager-in-gnas-2013\/imgx_054.jpg\"\n               title=\"\"\n               data-src=\"http:\/\/www.karate-neuhofen.at\/wp-content\/gallery\/trainingslager-in-gnas-2013\/imgx_054.jpg\"\n               data-thumbnail=\"http:\/\/www.karate-neuhofen.at\/wp-content\/gallery\/trainingslager-in-gnas-2013\/thumbs\/thumbs_imgx_054.jpg\"\n               data-image-id=\"3023\"\n               data-title=\"imgx_054\"\n               data-description=\"\"\n               data-image-slug=\"imgx_054\"\n               class=\"shutterset_ff47fd508f60c5ff8630e9e3ad1de006\">\n                <img\n                    title=\"imgx_054\"\n                    alt=\"imgx_054\"\n                    src=\"http:\/\/www.karate-neuhofen.at\/wp-content\/gallery\/trainingslager-in-gnas-2013\/thumbs\/thumbs_imgx_054.jpg\"\n                    width=\"100\"\n                    height=\"66\"\n                    style=\"max-width:100%;\"\n                \/>\n            <\/a>\n        <\/div>\n\t\t\t\t\t\t\t<\/div> \n\t\t\t\n        \n\t\t\t\t<div id=\"ngg-image-54\" class=\"ngg-gallery-thumbnail-box\" >\n\t\t\t\t        <div class=\"ngg-gallery-thumbnail\">\n            <a href=\"http:\/\/www.karate-neuhofen.at\/wp-content\/gallery\/trainingslager-in-gnas-2013\/imgx_055.jpg\"\n               title=\"\"\n               data-src=\"http:\/\/www.karate-neuhofen.at\/wp-content\/gallery\/trainingslager-in-gnas-2013\/imgx_055.jpg\"\n               data-thumbnail=\"http:\/\/www.karate-neuhofen.at\/wp-content\/gallery\/trainingslager-in-gnas-2013\/thumbs\/thumbs_imgx_055.jpg\"\n               data-image-id=\"3024\"\n               data-title=\"imgx_055\"\n               data-description=\"\"\n               data-image-slug=\"imgx_055\"\n               class=\"shutterset_ff47fd508f60c5ff8630e9e3ad1de006\">\n                <img\n                    title=\"imgx_055\"\n                    alt=\"imgx_055\"\n                    src=\"http:\/\/www.karate-neuhofen.at\/wp-content\/gallery\/trainingslager-in-gnas-2013\/thumbs\/thumbs_imgx_055.jpg\"\n                    width=\"100\"\n                    height=\"66\"\n                    style=\"max-width:100%;\"\n                \/>\n            <\/a>\n        <\/div>\n\t\t\t\t\t\t\t<\/div> \n\t\t\t\n        \n\t\t\t\t<div id=\"ngg-image-55\" class=\"ngg-gallery-thumbnail-box\" >\n\t\t\t\t        <div class=\"ngg-gallery-thumbnail\">\n            <a href=\"http:\/\/www.karate-neuhofen.at\/wp-content\/gallery\/trainingslager-in-gnas-2013\/imgx_056.jpg\"\n               title=\"\"\n               data-src=\"http:\/\/www.karate-neuhofen.at\/wp-content\/gallery\/trainingslager-in-gnas-2013\/imgx_056.jpg\"\n               data-thumbnail=\"http:\/\/www.karate-neuhofen.at\/wp-content\/gallery\/trainingslager-in-gnas-2013\/thumbs\/thumbs_imgx_056.jpg\"\n               data-image-id=\"3025\"\n               data-title=\"imgx_056\"\n               data-description=\"\"\n               data-image-slug=\"imgx_056\"\n               class=\"shutterset_ff47fd508f60c5ff8630e9e3ad1de006\">\n                <img\n                    title=\"imgx_056\"\n                    alt=\"imgx_056\"\n                    src=\"http:\/\/www.karate-neuhofen.at\/wp-content\/gallery\/trainingslager-in-gnas-2013\/thumbs\/thumbs_imgx_056.jpg\"\n                    width=\"100\"\n                    height=\"66\"\n                    style=\"max-width:100%;\"\n                \/>\n            <\/a>\n        <\/div>\n\t\t\t\t\t\t\t<\/div> \n\t\t\t\n        \n\t\t\t\t<div id=\"ngg-image-56\" class=\"ngg-gallery-thumbnail-box\" >\n\t\t\t\t        <div class=\"ngg-gallery-thumbnail\">\n            <a href=\"http:\/\/www.karate-neuhofen.at\/wp-content\/gallery\/trainingslager-in-gnas-2013\/imgx_057.jpg\"\n               title=\"\"\n               data-src=\"http:\/\/www.karate-neuhofen.at\/wp-content\/gallery\/trainingslager-in-gnas-2013\/imgx_057.jpg\"\n               data-thumbnail=\"http:\/\/www.karate-neuhofen.at\/wp-content\/gallery\/trainingslager-in-gnas-2013\/thumbs\/thumbs_imgx_057.jpg\"\n               data-image-id=\"3026\"\n               data-title=\"imgx_057\"\n               data-description=\"\"\n               data-image-slug=\"imgx_057\"\n               class=\"shutterset_ff47fd508f60c5ff8630e9e3ad1de006\">\n                <img\n                    title=\"imgx_057\"\n                    alt=\"imgx_057\"\n                    src=\"http:\/\/www.karate-neuhofen.at\/wp-content\/gallery\/trainingslager-in-gnas-2013\/thumbs\/thumbs_imgx_057.jpg\"\n                    width=\"100\"\n                    height=\"66\"\n                    style=\"max-width:100%;\"\n                \/>\n            <\/a>\n        <\/div>\n\t\t\t\t\t\t\t<\/div> \n\t\t\t\n        \n\t\t\t\t<div id=\"ngg-image-57\" class=\"ngg-gallery-thumbnail-box\" >\n\t\t\t\t        <div class=\"ngg-gallery-thumbnail\">\n            <a href=\"http:\/\/www.karate-neuhofen.at\/wp-content\/gallery\/trainingslager-in-gnas-2013\/imgx_058.jpg\"\n               title=\"\"\n               data-src=\"http:\/\/www.karate-neuhofen.at\/wp-content\/gallery\/trainingslager-in-gnas-2013\/imgx_058.jpg\"\n               data-thumbnail=\"http:\/\/www.karate-neuhofen.at\/wp-content\/gallery\/trainingslager-in-gnas-2013\/thumbs\/thumbs_imgx_058.jpg\"\n               data-image-id=\"3027\"\n               data-title=\"imgx_058\"\n               data-description=\"\"\n               data-image-slug=\"imgx_058\"\n               class=\"shutterset_ff47fd508f60c5ff8630e9e3ad1de006\">\n                <img\n                    title=\"imgx_058\"\n                    alt=\"imgx_058\"\n                    src=\"http:\/\/www.karate-neuhofen.at\/wp-content\/gallery\/trainingslager-in-gnas-2013\/thumbs\/thumbs_imgx_058.jpg\"\n                    width=\"100\"\n                    height=\"70\"\n                    style=\"max-width:100%;\"\n                \/>\n            <\/a>\n        <\/div>\n\t\t\t\t\t\t\t<\/div> \n\t\t\t\n        \n\t\t\t\t<div id=\"ngg-image-58\" class=\"ngg-gallery-thumbnail-box\" >\n\t\t\t\t        <div class=\"ngg-gallery-thumbnail\">\n            <a href=\"http:\/\/www.karate-neuhofen.at\/wp-content\/gallery\/trainingslager-in-gnas-2013\/imgx_059.jpg\"\n               title=\"\"\n               data-src=\"http:\/\/www.karate-neuhofen.at\/wp-content\/gallery\/trainingslager-in-gnas-2013\/imgx_059.jpg\"\n               data-thumbnail=\"http:\/\/www.karate-neuhofen.at\/wp-content\/gallery\/trainingslager-in-gnas-2013\/thumbs\/thumbs_imgx_059.jpg\"\n               data-image-id=\"3028\"\n               data-title=\"imgx_059\"\n               data-description=\"\"\n               data-image-slug=\"imgx_059\"\n               class=\"shutterset_ff47fd508f60c5ff8630e9e3ad1de006\">\n                <img\n                    title=\"imgx_059\"\n                    alt=\"imgx_059\"\n                    src=\"http:\/\/www.karate-neuhofen.at\/wp-content\/gallery\/trainingslager-in-gnas-2013\/thumbs\/thumbs_imgx_059.jpg\"\n                    width=\"100\"\n                    height=\"66\"\n                    style=\"max-width:100%;\"\n                \/>\n            <\/a>\n        <\/div>\n\t\t\t\t\t\t\t<\/div> \n\t\t\t\n        \n\t\t\t\t<div id=\"ngg-image-59\" class=\"ngg-gallery-thumbnail-box\" >\n\t\t\t\t        <div class=\"ngg-gallery-thumbnail\">\n            <a href=\"http:\/\/www.karate-neuhofen.at\/wp-content\/gallery\/trainingslager-in-gnas-2013\/imgx_060.jpg\"\n               title=\"\"\n               data-src=\"http:\/\/www.karate-neuhofen.at\/wp-content\/gallery\/trainingslager-in-gnas-2013\/imgx_060.jpg\"\n               data-thumbnail=\"http:\/\/www.karate-neuhofen.at\/wp-content\/gallery\/trainingslager-in-gnas-2013\/thumbs\/thumbs_imgx_060.jpg\"\n               data-image-id=\"3029\"\n               data-title=\"imgx_060\"\n               data-description=\"\"\n               data-image-slug=\"imgx_060\"\n               class=\"shutterset_ff47fd508f60c5ff8630e9e3ad1de006\">\n                <img\n                    title=\"imgx_060\"\n                    alt=\"imgx_060\"\n                    src=\"http:\/\/www.karate-neuhofen.at\/wp-content\/gallery\/trainingslager-in-gnas-2013\/thumbs\/thumbs_imgx_060.jpg\"\n                    width=\"100\"\n                    height=\"66\"\n                    style=\"max-width:100%;\"\n                \/>\n            <\/a>\n        <\/div>\n\t\t\t\t\t\t\t<\/div> \n\t\t\t\n        \n\t\t\t\t<div id=\"ngg-image-60\" class=\"ngg-gallery-thumbnail-box\" >\n\t\t\t\t        <div class=\"ngg-gallery-thumbnail\">\n            <a href=\"http:\/\/www.karate-neuhofen.at\/wp-content\/gallery\/trainingslager-in-gnas-2013\/imgx_061.jpg\"\n               title=\"\"\n               data-src=\"http:\/\/www.karate-neuhofen.at\/wp-content\/gallery\/trainingslager-in-gnas-2013\/imgx_061.jpg\"\n               data-thumbnail=\"http:\/\/www.karate-neuhofen.at\/wp-content\/gallery\/trainingslager-in-gnas-2013\/thumbs\/thumbs_imgx_061.jpg\"\n               data-image-id=\"3030\"\n               data-title=\"imgx_061\"\n               data-description=\"\"\n               data-image-slug=\"imgx_061\"\n               class=\"shutterset_ff47fd508f60c5ff8630e9e3ad1de006\">\n                <img\n                    title=\"imgx_061\"\n                    alt=\"imgx_061\"\n                    src=\"http:\/\/www.karate-neuhofen.at\/wp-content\/gallery\/trainingslager-in-gnas-2013\/thumbs\/thumbs_imgx_061.jpg\"\n                    width=\"100\"\n                    height=\"66\"\n                    style=\"max-width:100%;\"\n                \/>\n            <\/a>\n        <\/div>\n\t\t\t\t\t\t\t<\/div> \n\t\t\t\n        \n\t\t\t\t<div id=\"ngg-image-61\" class=\"ngg-gallery-thumbnail-box\" >\n\t\t\t\t        <div class=\"ngg-gallery-thumbnail\">\n            <a href=\"http:\/\/www.karate-neuhofen.at\/wp-content\/gallery\/trainingslager-in-gnas-2013\/imgx_062.jpg\"\n               title=\"\"\n               data-src=\"http:\/\/www.karate-neuhofen.at\/wp-content\/gallery\/trainingslager-in-gnas-2013\/imgx_062.jpg\"\n               data-thumbnail=\"http:\/\/www.karate-neuhofen.at\/wp-content\/gallery\/trainingslager-in-gnas-2013\/thumbs\/thumbs_imgx_062.jpg\"\n               data-image-id=\"3031\"\n               data-title=\"imgx_062\"\n               data-description=\"\"\n               data-image-slug=\"imgx_062\"\n               class=\"shutterset_ff47fd508f60c5ff8630e9e3ad1de006\">\n                <img\n                    title=\"imgx_062\"\n                    alt=\"imgx_062\"\n                    src=\"http:\/\/www.karate-neuhofen.at\/wp-content\/gallery\/trainingslager-in-gnas-2013\/thumbs\/thumbs_imgx_062.jpg\"\n                    width=\"100\"\n                    height=\"66\"\n                    style=\"max-width:100%;\"\n                \/>\n            <\/a>\n        <\/div>\n\t\t\t\t\t\t\t<\/div> \n\t\t\t\n        \n\t\t\t\t<div id=\"ngg-image-62\" class=\"ngg-gallery-thumbnail-box\" >\n\t\t\t\t        <div class=\"ngg-gallery-thumbnail\">\n            <a href=\"http:\/\/www.karate-neuhofen.at\/wp-content\/gallery\/trainingslager-in-gnas-2013\/imgx_063.jpg\"\n               title=\"\"\n               data-src=\"http:\/\/www.karate-neuhofen.at\/wp-content\/gallery\/trainingslager-in-gnas-2013\/imgx_063.jpg\"\n               data-thumbnail=\"http:\/\/www.karate-neuhofen.at\/wp-content\/gallery\/trainingslager-in-gnas-2013\/thumbs\/thumbs_imgx_063.jpg\"\n               data-image-id=\"3032\"\n               data-title=\"imgx_063\"\n               data-description=\"\"\n               data-image-slug=\"imgx_063\"\n               class=\"shutterset_ff47fd508f60c5ff8630e9e3ad1de006\">\n                <img\n                    title=\"imgx_063\"\n                    alt=\"imgx_063\"\n                    src=\"http:\/\/www.karate-neuhofen.at\/wp-content\/gallery\/trainingslager-in-gnas-2013\/thumbs\/thumbs_imgx_063.jpg\"\n                    width=\"100\"\n                    height=\"66\"\n                    style=\"max-width:100%;\"\n                \/>\n            <\/a>\n        <\/div>\n\t\t\t\t\t\t\t<\/div> \n\t\t\t\n        \n\t\t\t\t<div id=\"ngg-image-63\" class=\"ngg-gallery-thumbnail-box\" >\n\t\t\t\t        <div class=\"ngg-gallery-thumbnail\">\n            <a href=\"http:\/\/www.karate-neuhofen.at\/wp-content\/gallery\/trainingslager-in-gnas-2013\/imgx_064.jpg\"\n               title=\"\"\n               data-src=\"http:\/\/www.karate-neuhofen.at\/wp-content\/gallery\/trainingslager-in-gnas-2013\/imgx_064.jpg\"\n               data-thumbnail=\"http:\/\/www.karate-neuhofen.at\/wp-content\/gallery\/trainingslager-in-gnas-2013\/thumbs\/thumbs_imgx_064.jpg\"\n               data-image-id=\"3033\"\n               data-title=\"imgx_064\"\n               data-description=\"\"\n               data-image-slug=\"imgx_064\"\n               class=\"shutterset_ff47fd508f60c5ff8630e9e3ad1de006\">\n                <img\n                    title=\"imgx_064\"\n                    alt=\"imgx_064\"\n                    src=\"http:\/\/www.karate-neuhofen.at\/wp-content\/gallery\/trainingslager-in-gnas-2013\/thumbs\/thumbs_imgx_064.jpg\"\n                    width=\"100\"\n                    height=\"66\"\n                    style=\"max-width:100%;\"\n                \/>\n            <\/a>\n        <\/div>\n\t\t\t\t\t\t\t<\/div> \n\t\t\t\n        \n\t\t\t\t<div id=\"ngg-image-64\" class=\"ngg-gallery-thumbnail-box\" >\n\t\t\t\t        <div class=\"ngg-gallery-thumbnail\">\n            <a href=\"http:\/\/www.karate-neuhofen.at\/wp-content\/gallery\/trainingslager-in-gnas-2013\/imgx_065.jpg\"\n               title=\"\"\n               data-src=\"http:\/\/www.karate-neuhofen.at\/wp-content\/gallery\/trainingslager-in-gnas-2013\/imgx_065.jpg\"\n               data-thumbnail=\"http:\/\/www.karate-neuhofen.at\/wp-content\/gallery\/trainingslager-in-gnas-2013\/thumbs\/thumbs_imgx_065.jpg\"\n               data-image-id=\"3034\"\n               data-title=\"imgx_065\"\n               data-description=\"\"\n               data-image-slug=\"imgx_065\"\n               class=\"shutterset_ff47fd508f60c5ff8630e9e3ad1de006\">\n                <img\n                    title=\"imgx_065\"\n                    alt=\"imgx_065\"\n                    src=\"http:\/\/www.karate-neuhofen.at\/wp-content\/gallery\/trainingslager-in-gnas-2013\/thumbs\/thumbs_imgx_065.jpg\"\n                    width=\"50\"\n                    height=\"75\"\n                    style=\"max-width:100%;\"\n                \/>\n            <\/a>\n        <\/div>\n\t\t\t\t\t\t\t<\/div> \n\t\t\t\n        \n\t\t\t\t<div id=\"ngg-image-65\" class=\"ngg-gallery-thumbnail-box\" >\n\t\t\t\t        <div class=\"ngg-gallery-thumbnail\">\n            <a href=\"http:\/\/www.karate-neuhofen.at\/wp-content\/gallery\/trainingslager-in-gnas-2013\/imgx_066.jpg\"\n               title=\"\"\n               data-src=\"http:\/\/www.karate-neuhofen.at\/wp-content\/gallery\/trainingslager-in-gnas-2013\/imgx_066.jpg\"\n               data-thumbnail=\"http:\/\/www.karate-neuhofen.at\/wp-content\/gallery\/trainingslager-in-gnas-2013\/thumbs\/thumbs_imgx_066.jpg\"\n               data-image-id=\"3035\"\n               data-title=\"imgx_066\"\n               data-description=\"\"\n               data-image-slug=\"imgx_066\"\n               class=\"shutterset_ff47fd508f60c5ff8630e9e3ad1de006\">\n                <img\n                    title=\"imgx_066\"\n                    alt=\"imgx_066\"\n                    src=\"http:\/\/www.karate-neuhofen.at\/wp-content\/gallery\/trainingslager-in-gnas-2013\/thumbs\/thumbs_imgx_066.jpg\"\n                    width=\"100\"\n                    height=\"66\"\n                    style=\"max-width:100%;\"\n                \/>\n            <\/a>\n        <\/div>\n\t\t\t\t\t\t\t<\/div> \n\t\t\t\n        \n\t\t\t\t<div id=\"ngg-image-66\" class=\"ngg-gallery-thumbnail-box\" >\n\t\t\t\t        <div class=\"ngg-gallery-thumbnail\">\n            <a href=\"http:\/\/www.karate-neuhofen.at\/wp-content\/gallery\/trainingslager-in-gnas-2013\/imgx_067.jpg\"\n               title=\"\"\n               data-src=\"http:\/\/www.karate-neuhofen.at\/wp-content\/gallery\/trainingslager-in-gnas-2013\/imgx_067.jpg\"\n               data-thumbnail=\"http:\/\/www.karate-neuhofen.at\/wp-content\/gallery\/trainingslager-in-gnas-2013\/thumbs\/thumbs_imgx_067.jpg\"\n               data-image-id=\"3036\"\n               data-title=\"imgx_067\"\n               data-description=\"\"\n               data-image-slug=\"imgx_067\"\n               class=\"shutterset_ff47fd508f60c5ff8630e9e3ad1de006\">\n                <img\n                    title=\"imgx_067\"\n                    alt=\"imgx_067\"\n                    src=\"http:\/\/www.karate-neuhofen.at\/wp-content\/gallery\/trainingslager-in-gnas-2013\/thumbs\/thumbs_imgx_067.jpg\"\n                    width=\"100\"\n                    height=\"66\"\n                    style=\"max-width:100%;\"\n                \/>\n            <\/a>\n        <\/div>\n\t\t\t\t\t\t\t<\/div> \n\t\t\t\n        \n\t\t\t\t<div id=\"ngg-image-67\" class=\"ngg-gallery-thumbnail-box\" >\n\t\t\t\t        <div class=\"ngg-gallery-thumbnail\">\n            <a href=\"http:\/\/www.karate-neuhofen.at\/wp-content\/gallery\/trainingslager-in-gnas-2013\/imgx_068.jpg\"\n               title=\"\"\n               data-src=\"http:\/\/www.karate-neuhofen.at\/wp-content\/gallery\/trainingslager-in-gnas-2013\/imgx_068.jpg\"\n               data-thumbnail=\"http:\/\/www.karate-neuhofen.at\/wp-content\/gallery\/trainingslager-in-gnas-2013\/thumbs\/thumbs_imgx_068.jpg\"\n               data-image-id=\"3037\"\n               data-title=\"imgx_068\"\n               data-description=\"\"\n               data-image-slug=\"imgx_068\"\n               class=\"shutterset_ff47fd508f60c5ff8630e9e3ad1de006\">\n                <img\n                    title=\"imgx_068\"\n                    alt=\"imgx_068\"\n                    src=\"http:\/\/www.karate-neuhofen.at\/wp-content\/gallery\/trainingslager-in-gnas-2013\/thumbs\/thumbs_imgx_068.jpg\"\n                    width=\"100\"\n                    height=\"66\"\n                    style=\"max-width:100%;\"\n                \/>\n            <\/a>\n        <\/div>\n\t\t\t\t\t\t\t<\/div> \n\t\t\t\n        \n\t\t\t\t<div id=\"ngg-image-68\" class=\"ngg-gallery-thumbnail-box\" >\n\t\t\t\t        <div class=\"ngg-gallery-thumbnail\">\n            <a href=\"http:\/\/www.karate-neuhofen.at\/wp-content\/gallery\/trainingslager-in-gnas-2013\/imgx_069.jpg\"\n               title=\"\"\n               data-src=\"http:\/\/www.karate-neuhofen.at\/wp-content\/gallery\/trainingslager-in-gnas-2013\/imgx_069.jpg\"\n               data-thumbnail=\"http:\/\/www.karate-neuhofen.at\/wp-content\/gallery\/trainingslager-in-gnas-2013\/thumbs\/thumbs_imgx_069.jpg\"\n               data-image-id=\"3038\"\n               data-title=\"imgx_069\"\n               data-description=\"\"\n               data-image-slug=\"imgx_069\"\n               class=\"shutterset_ff47fd508f60c5ff8630e9e3ad1de006\">\n                <img\n                    title=\"imgx_069\"\n                    alt=\"imgx_069\"\n                    src=\"http:\/\/www.karate-neuhofen.at\/wp-content\/gallery\/trainingslager-in-gnas-2013\/thumbs\/thumbs_imgx_069.jpg\"\n                    width=\"100\"\n                    height=\"66\"\n                    style=\"max-width:100%;\"\n                \/>\n            <\/a>\n        <\/div>\n\t\t\t\t\t\t\t<\/div> \n\t\t\t\n        \n\t\t\t\t<div id=\"ngg-image-69\" class=\"ngg-gallery-thumbnail-box\" >\n\t\t\t\t        <div class=\"ngg-gallery-thumbnail\">\n            <a href=\"http:\/\/www.karate-neuhofen.at\/wp-content\/gallery\/trainingslager-in-gnas-2013\/imgx_070.jpg\"\n               title=\"\"\n               data-src=\"http:\/\/www.karate-neuhofen.at\/wp-content\/gallery\/trainingslager-in-gnas-2013\/imgx_070.jpg\"\n               data-thumbnail=\"http:\/\/www.karate-neuhofen.at\/wp-content\/gallery\/trainingslager-in-gnas-2013\/thumbs\/thumbs_imgx_070.jpg\"\n               data-image-id=\"3039\"\n               data-title=\"imgx_070\"\n               data-description=\"\"\n               data-image-slug=\"imgx_070\"\n               class=\"shutterset_ff47fd508f60c5ff8630e9e3ad1de006\">\n                <img\n                    title=\"imgx_070\"\n                    alt=\"imgx_070\"\n                    src=\"http:\/\/www.karate-neuhofen.at\/wp-content\/gallery\/trainingslager-in-gnas-2013\/thumbs\/thumbs_imgx_070.jpg\"\n                    width=\"100\"\n                    height=\"66\"\n                    style=\"max-width:100%;\"\n                \/>\n            <\/a>\n        <\/div>\n\t\t\t\t\t\t\t<\/div> \n\t\t\t\n        \n\t\t\t\t<div id=\"ngg-image-70\" class=\"ngg-gallery-thumbnail-box\" >\n\t\t\t\t        <div class=\"ngg-gallery-thumbnail\">\n            <a href=\"http:\/\/www.karate-neuhofen.at\/wp-content\/gallery\/trainingslager-in-gnas-2013\/imgx_071.jpg\"\n               title=\"\"\n               data-src=\"http:\/\/www.karate-neuhofen.at\/wp-content\/gallery\/trainingslager-in-gnas-2013\/imgx_071.jpg\"\n               data-thumbnail=\"http:\/\/www.karate-neuhofen.at\/wp-content\/gallery\/trainingslager-in-gnas-2013\/thumbs\/thumbs_imgx_071.jpg\"\n               data-image-id=\"3040\"\n               data-title=\"imgx_071\"\n               data-description=\"\"\n               data-image-slug=\"imgx_071\"\n               class=\"shutterset_ff47fd508f60c5ff8630e9e3ad1de006\">\n                <img\n                    title=\"imgx_071\"\n                    alt=\"imgx_071\"\n                    src=\"http:\/\/www.karate-neuhofen.at\/wp-content\/gallery\/trainingslager-in-gnas-2013\/thumbs\/thumbs_imgx_071.jpg\"\n                    width=\"100\"\n                    height=\"46\"\n                    style=\"max-width:100%;\"\n                \/>\n            <\/a>\n        <\/div>\n\t\t\t\t\t\t\t<\/div> \n\t\t\t\n        \n\t\t\t\t<div id=\"ngg-image-71\" class=\"ngg-gallery-thumbnail-box\" >\n\t\t\t\t        <div class=\"ngg-gallery-thumbnail\">\n            <a href=\"http:\/\/www.karate-neuhofen.at\/wp-content\/gallery\/trainingslager-in-gnas-2013\/imgx_072.jpg\"\n               title=\"\"\n               data-src=\"http:\/\/www.karate-neuhofen.at\/wp-content\/gallery\/trainingslager-in-gnas-2013\/imgx_072.jpg\"\n               data-thumbnail=\"http:\/\/www.karate-neuhofen.at\/wp-content\/gallery\/trainingslager-in-gnas-2013\/thumbs\/thumbs_imgx_072.jpg\"\n               data-image-id=\"3041\"\n               data-title=\"imgx_072\"\n               data-description=\"\"\n               data-image-slug=\"imgx_072\"\n               class=\"shutterset_ff47fd508f60c5ff8630e9e3ad1de006\">\n                <img\n                    title=\"imgx_072\"\n                    alt=\"imgx_072\"\n                    src=\"http:\/\/www.karate-neuhofen.at\/wp-content\/gallery\/trainingslager-in-gnas-2013\/thumbs\/thumbs_imgx_072.jpg\"\n                    width=\"100\"\n                    height=\"47\"\n                    style=\"max-width:100%;\"\n                \/>\n            <\/a>\n        <\/div>\n\t\t\t\t\t\t\t<\/div> \n\t\t\t\n        \n\t\t\t\t<div id=\"ngg-image-72\" class=\"ngg-gallery-thumbnail-box\" >\n\t\t\t\t        <div class=\"ngg-gallery-thumbnail\">\n            <a href=\"http:\/\/www.karate-neuhofen.at\/wp-content\/gallery\/trainingslager-in-gnas-2013\/imgx_073.jpg\"\n               title=\"\"\n               data-src=\"http:\/\/www.karate-neuhofen.at\/wp-content\/gallery\/trainingslager-in-gnas-2013\/imgx_073.jpg\"\n               data-thumbnail=\"http:\/\/www.karate-neuhofen.at\/wp-content\/gallery\/trainingslager-in-gnas-2013\/thumbs\/thumbs_imgx_073.jpg\"\n               data-image-id=\"3042\"\n               data-title=\"imgx_073\"\n               data-description=\"\"\n               data-image-slug=\"imgx_073\"\n               class=\"shutterset_ff47fd508f60c5ff8630e9e3ad1de006\">\n                <img\n                    title=\"imgx_073\"\n                    alt=\"imgx_073\"\n                    src=\"http:\/\/www.karate-neuhofen.at\/wp-content\/gallery\/trainingslager-in-gnas-2013\/thumbs\/thumbs_imgx_073.jpg\"\n                    width=\"100\"\n                    height=\"66\"\n                    style=\"max-width:100%;\"\n                \/>\n            <\/a>\n        <\/div>\n\t\t\t\t\t\t\t<\/div> \n\t\t\t\n        \n\t\t\t\t<div id=\"ngg-image-73\" class=\"ngg-gallery-thumbnail-box\" >\n\t\t\t\t        <div class=\"ngg-gallery-thumbnail\">\n            <a href=\"http:\/\/www.karate-neuhofen.at\/wp-content\/gallery\/trainingslager-in-gnas-2013\/imgx_074.jpg\"\n               title=\"\"\n               data-src=\"http:\/\/www.karate-neuhofen.at\/wp-content\/gallery\/trainingslager-in-gnas-2013\/imgx_074.jpg\"\n               data-thumbnail=\"http:\/\/www.karate-neuhofen.at\/wp-content\/gallery\/trainingslager-in-gnas-2013\/thumbs\/thumbs_imgx_074.jpg\"\n               data-image-id=\"3043\"\n               data-title=\"imgx_074\"\n               data-description=\"\"\n               data-image-slug=\"imgx_074\"\n               class=\"shutterset_ff47fd508f60c5ff8630e9e3ad1de006\">\n                <img\n                    title=\"imgx_074\"\n                    alt=\"imgx_074\"\n                    src=\"http:\/\/www.karate-neuhofen.at\/wp-content\/gallery\/trainingslager-in-gnas-2013\/thumbs\/thumbs_imgx_074.jpg\"\n                    width=\"100\"\n                    height=\"66\"\n                    style=\"max-width:100%;\"\n                \/>\n            <\/a>\n        <\/div>\n\t\t\t\t\t\t\t<\/div> \n\t\t\t\n        \n\t\t\t\t<div id=\"ngg-image-74\" class=\"ngg-gallery-thumbnail-box\" >\n\t\t\t\t        <div class=\"ngg-gallery-thumbnail\">\n            <a href=\"http:\/\/www.karate-neuhofen.at\/wp-content\/gallery\/trainingslager-in-gnas-2013\/imgx_075.jpg\"\n               title=\"\"\n               data-src=\"http:\/\/www.karate-neuhofen.at\/wp-content\/gallery\/trainingslager-in-gnas-2013\/imgx_075.jpg\"\n               data-thumbnail=\"http:\/\/www.karate-neuhofen.at\/wp-content\/gallery\/trainingslager-in-gnas-2013\/thumbs\/thumbs_imgx_075.jpg\"\n               data-image-id=\"3044\"\n               data-title=\"imgx_075\"\n               data-description=\"\"\n               data-image-slug=\"imgx_075\"\n               class=\"shutterset_ff47fd508f60c5ff8630e9e3ad1de006\">\n                <img\n                    title=\"imgx_075\"\n                    alt=\"imgx_075\"\n                    src=\"http:\/\/www.karate-neuhofen.at\/wp-content\/gallery\/trainingslager-in-gnas-2013\/thumbs\/thumbs_imgx_075.jpg\"\n                    width=\"100\"\n                    height=\"66\"\n                    style=\"max-width:100%;\"\n                \/>\n            <\/a>\n        <\/div>\n\t\t\t\t\t\t\t<\/div> \n\t\t\t\n        \n\t\t\t\t<div id=\"ngg-image-75\" class=\"ngg-gallery-thumbnail-box\" >\n\t\t\t\t        <div class=\"ngg-gallery-thumbnail\">\n            <a href=\"http:\/\/www.karate-neuhofen.at\/wp-content\/gallery\/trainingslager-in-gnas-2013\/imgx_076.jpg\"\n               title=\"\"\n               data-src=\"http:\/\/www.karate-neuhofen.at\/wp-content\/gallery\/trainingslager-in-gnas-2013\/imgx_076.jpg\"\n               data-thumbnail=\"http:\/\/www.karate-neuhofen.at\/wp-content\/gallery\/trainingslager-in-gnas-2013\/thumbs\/thumbs_imgx_076.jpg\"\n               data-image-id=\"3045\"\n               data-title=\"imgx_076\"\n               data-description=\"\"\n               data-image-slug=\"imgx_076\"\n               class=\"shutterset_ff47fd508f60c5ff8630e9e3ad1de006\">\n                <img\n                    title=\"imgx_076\"\n                    alt=\"imgx_076\"\n                    src=\"http:\/\/www.karate-neuhofen.at\/wp-content\/gallery\/trainingslager-in-gnas-2013\/thumbs\/thumbs_imgx_076.jpg\"\n                    width=\"50\"\n                    height=\"75\"\n                    style=\"max-width:100%;\"\n                \/>\n            <\/a>\n        <\/div>\n\t\t\t\t\t\t\t<\/div> \n\t\t\t\n        \n\t\t\t\t<div id=\"ngg-image-76\" class=\"ngg-gallery-thumbnail-box\" >\n\t\t\t\t        <div class=\"ngg-gallery-thumbnail\">\n            <a href=\"http:\/\/www.karate-neuhofen.at\/wp-content\/gallery\/trainingslager-in-gnas-2013\/imgx_077.jpg\"\n               title=\"\"\n               data-src=\"http:\/\/www.karate-neuhofen.at\/wp-content\/gallery\/trainingslager-in-gnas-2013\/imgx_077.jpg\"\n               data-thumbnail=\"http:\/\/www.karate-neuhofen.at\/wp-content\/gallery\/trainingslager-in-gnas-2013\/thumbs\/thumbs_imgx_077.jpg\"\n               data-image-id=\"3046\"\n               data-title=\"imgx_077\"\n               data-description=\"\"\n               data-image-slug=\"imgx_077\"\n               class=\"shutterset_ff47fd508f60c5ff8630e9e3ad1de006\">\n                <img\n                    title=\"imgx_077\"\n                    alt=\"imgx_077\"\n                    src=\"http:\/\/www.karate-neuhofen.at\/wp-content\/gallery\/trainingslager-in-gnas-2013\/thumbs\/thumbs_imgx_077.jpg\"\n                    width=\"100\"\n                    height=\"66\"\n                    style=\"max-width:100%;\"\n                \/>\n            <\/a>\n        <\/div>\n\t\t\t\t\t\t\t<\/div> \n\t\t\t\n        \n\t\t\t\t<div id=\"ngg-image-77\" class=\"ngg-gallery-thumbnail-box\" >\n\t\t\t\t        <div class=\"ngg-gallery-thumbnail\">\n            <a href=\"http:\/\/www.karate-neuhofen.at\/wp-content\/gallery\/trainingslager-in-gnas-2013\/imgx_078.jpg\"\n               title=\"\"\n               data-src=\"http:\/\/www.karate-neuhofen.at\/wp-content\/gallery\/trainingslager-in-gnas-2013\/imgx_078.jpg\"\n               data-thumbnail=\"http:\/\/www.karate-neuhofen.at\/wp-content\/gallery\/trainingslager-in-gnas-2013\/thumbs\/thumbs_imgx_078.jpg\"\n               data-image-id=\"3047\"\n               data-title=\"imgx_078\"\n               data-description=\"\"\n               data-image-slug=\"imgx_078\"\n               class=\"shutterset_ff47fd508f60c5ff8630e9e3ad1de006\">\n                <img\n                    title=\"imgx_078\"\n                    alt=\"imgx_078\"\n                    src=\"http:\/\/www.karate-neuhofen.at\/wp-content\/gallery\/trainingslager-in-gnas-2013\/thumbs\/thumbs_imgx_078.jpg\"\n                    width=\"100\"\n                    height=\"66\"\n                    style=\"max-width:100%;\"\n                \/>\n            <\/a>\n        <\/div>\n\t\t\t\t\t\t\t<\/div> \n\t\t\t\n        \n\t\t\t\t<div id=\"ngg-image-78\" class=\"ngg-gallery-thumbnail-box\" >\n\t\t\t\t        <div class=\"ngg-gallery-thumbnail\">\n            <a href=\"http:\/\/www.karate-neuhofen.at\/wp-content\/gallery\/trainingslager-in-gnas-2013\/imgx_079.jpg\"\n               title=\"\"\n               data-src=\"http:\/\/www.karate-neuhofen.at\/wp-content\/gallery\/trainingslager-in-gnas-2013\/imgx_079.jpg\"\n               data-thumbnail=\"http:\/\/www.karate-neuhofen.at\/wp-content\/gallery\/trainingslager-in-gnas-2013\/thumbs\/thumbs_imgx_079.jpg\"\n               data-image-id=\"3048\"\n               data-title=\"imgx_079\"\n               data-description=\"\"\n               data-image-slug=\"imgx_079\"\n               class=\"shutterset_ff47fd508f60c5ff8630e9e3ad1de006\">\n                <img\n                    title=\"imgx_079\"\n                    alt=\"imgx_079\"\n                    src=\"http:\/\/www.karate-neuhofen.at\/wp-content\/gallery\/trainingslager-in-gnas-2013\/thumbs\/thumbs_imgx_079.jpg\"\n                    width=\"43\"\n                    height=\"75\"\n                    style=\"max-width:100%;\"\n                \/>\n            <\/a>\n        <\/div>\n\t\t\t\t\t\t\t<\/div> \n\t\t\t\n        \n\t\t\t\t<div id=\"ngg-image-79\" class=\"ngg-gallery-thumbnail-box\" >\n\t\t\t\t        <div class=\"ngg-gallery-thumbnail\">\n            <a href=\"http:\/\/www.karate-neuhofen.at\/wp-content\/gallery\/trainingslager-in-gnas-2013\/imgx_080.jpg\"\n               title=\"\"\n               data-src=\"http:\/\/www.karate-neuhofen.at\/wp-content\/gallery\/trainingslager-in-gnas-2013\/imgx_080.jpg\"\n               data-thumbnail=\"http:\/\/www.karate-neuhofen.at\/wp-content\/gallery\/trainingslager-in-gnas-2013\/thumbs\/thumbs_imgx_080.jpg\"\n               data-image-id=\"3049\"\n               data-title=\"imgx_080\"\n               data-description=\"\"\n               data-image-slug=\"imgx_080\"\n               class=\"shutterset_ff47fd508f60c5ff8630e9e3ad1de006\">\n                <img\n                    title=\"imgx_080\"\n                    alt=\"imgx_080\"\n                    src=\"http:\/\/www.karate-neuhofen.at\/wp-content\/gallery\/trainingslager-in-gnas-2013\/thumbs\/thumbs_imgx_080.jpg\"\n                    width=\"100\"\n                    height=\"66\"\n                    style=\"max-width:100%;\"\n                \/>\n            <\/a>\n        <\/div>\n\t\t\t\t\t\t\t<\/div> \n\t\t\t\n        \n\t\t\t\t<div id=\"ngg-image-80\" class=\"ngg-gallery-thumbnail-box\" >\n\t\t\t\t        <div class=\"ngg-gallery-thumbnail\">\n            <a href=\"http:\/\/www.karate-neuhofen.at\/wp-content\/gallery\/trainingslager-in-gnas-2013\/imgx_081.jpg\"\n               title=\"\"\n               data-src=\"http:\/\/www.karate-neuhofen.at\/wp-content\/gallery\/trainingslager-in-gnas-2013\/imgx_081.jpg\"\n               data-thumbnail=\"http:\/\/www.karate-neuhofen.at\/wp-content\/gallery\/trainingslager-in-gnas-2013\/thumbs\/thumbs_imgx_081.jpg\"\n               data-image-id=\"3050\"\n               data-title=\"imgx_081\"\n               data-description=\"\"\n               data-image-slug=\"imgx_081\"\n               class=\"shutterset_ff47fd508f60c5ff8630e9e3ad1de006\">\n                <img\n                    title=\"imgx_081\"\n                    alt=\"imgx_081\"\n                    src=\"http:\/\/www.karate-neuhofen.at\/wp-content\/gallery\/trainingslager-in-gnas-2013\/thumbs\/thumbs_imgx_081.jpg\"\n                    width=\"100\"\n                    height=\"66\"\n                    style=\"max-width:100%;\"\n                \/>\n            <\/a>\n        <\/div>\n\t\t\t\t\t\t\t<\/div> \n\t\t\t\n        \n\t\t\t\t<div id=\"ngg-image-81\" class=\"ngg-gallery-thumbnail-box\" >\n\t\t\t\t        <div class=\"ngg-gallery-thumbnail\">\n            <a href=\"http:\/\/www.karate-neuhofen.at\/wp-content\/gallery\/trainingslager-in-gnas-2013\/imgx_082.jpg\"\n               title=\"\"\n               data-src=\"http:\/\/www.karate-neuhofen.at\/wp-content\/gallery\/trainingslager-in-gnas-2013\/imgx_082.jpg\"\n               data-thumbnail=\"http:\/\/www.karate-neuhofen.at\/wp-content\/gallery\/trainingslager-in-gnas-2013\/thumbs\/thumbs_imgx_082.jpg\"\n               data-image-id=\"3051\"\n               data-title=\"imgx_082\"\n               data-description=\"\"\n               data-image-slug=\"imgx_082\"\n               class=\"shutterset_ff47fd508f60c5ff8630e9e3ad1de006\">\n                <img\n                    title=\"imgx_082\"\n                    alt=\"imgx_082\"\n                    src=\"http:\/\/www.karate-neuhofen.at\/wp-content\/gallery\/trainingslager-in-gnas-2013\/thumbs\/thumbs_imgx_082.jpg\"\n                    width=\"100\"\n                    height=\"66\"\n                    style=\"max-width:100%;\"\n                \/>\n            <\/a>\n        <\/div>\n\t\t\t\t\t\t\t<\/div> \n\t\t\t\n        \n\t\t\t\t<div id=\"ngg-image-82\" class=\"ngg-gallery-thumbnail-box\" >\n\t\t\t\t        <div class=\"ngg-gallery-thumbnail\">\n            <a href=\"http:\/\/www.karate-neuhofen.at\/wp-content\/gallery\/trainingslager-in-gnas-2013\/imgx_083.jpg\"\n               title=\"\"\n               data-src=\"http:\/\/www.karate-neuhofen.at\/wp-content\/gallery\/trainingslager-in-gnas-2013\/imgx_083.jpg\"\n               data-thumbnail=\"http:\/\/www.karate-neuhofen.at\/wp-content\/gallery\/trainingslager-in-gnas-2013\/thumbs\/thumbs_imgx_083.jpg\"\n               data-image-id=\"3052\"\n               data-title=\"imgx_083\"\n               data-description=\"\"\n               data-image-slug=\"imgx_083\"\n               class=\"shutterset_ff47fd508f60c5ff8630e9e3ad1de006\">\n                <img\n                    title=\"imgx_083\"\n                    alt=\"imgx_083\"\n                    src=\"http:\/\/www.karate-neuhofen.at\/wp-content\/gallery\/trainingslager-in-gnas-2013\/thumbs\/thumbs_imgx_083.jpg\"\n                    width=\"100\"\n                    height=\"66\"\n                    style=\"max-width:100%;\"\n                \/>\n            <\/a>\n        <\/div>\n\t\t\t\t\t\t\t<\/div> \n\t\t\t\n        \n\t\t\t\t<div id=\"ngg-image-83\" class=\"ngg-gallery-thumbnail-box\" >\n\t\t\t\t        <div class=\"ngg-gallery-thumbnail\">\n            <a href=\"http:\/\/www.karate-neuhofen.at\/wp-content\/gallery\/trainingslager-in-gnas-2013\/imgx_084.jpg\"\n               title=\"\"\n               data-src=\"http:\/\/www.karate-neuhofen.at\/wp-content\/gallery\/trainingslager-in-gnas-2013\/imgx_084.jpg\"\n               data-thumbnail=\"http:\/\/www.karate-neuhofen.at\/wp-content\/gallery\/trainingslager-in-gnas-2013\/thumbs\/thumbs_imgx_084.jpg\"\n               data-image-id=\"3053\"\n               data-title=\"imgx_084\"\n               data-description=\"\"\n               data-image-slug=\"imgx_084\"\n               class=\"shutterset_ff47fd508f60c5ff8630e9e3ad1de006\">\n                <img\n                    title=\"imgx_084\"\n                    alt=\"imgx_084\"\n                    src=\"http:\/\/www.karate-neuhofen.at\/wp-content\/gallery\/trainingslager-in-gnas-2013\/thumbs\/thumbs_imgx_084.jpg\"\n                    width=\"50\"\n                    height=\"75\"\n                    style=\"max-width:100%;\"\n                \/>\n            <\/a>\n        <\/div>\n\t\t\t\t\t\t\t<\/div> \n\t\t\t\n        \n\t\t\t\t<div id=\"ngg-image-84\" class=\"ngg-gallery-thumbnail-box\" >\n\t\t\t\t        <div class=\"ngg-gallery-thumbnail\">\n            <a href=\"http:\/\/www.karate-neuhofen.at\/wp-content\/gallery\/trainingslager-in-gnas-2013\/imgx_085.jpg\"\n               title=\"\"\n               data-src=\"http:\/\/www.karate-neuhofen.at\/wp-content\/gallery\/trainingslager-in-gnas-2013\/imgx_085.jpg\"\n               data-thumbnail=\"http:\/\/www.karate-neuhofen.at\/wp-content\/gallery\/trainingslager-in-gnas-2013\/thumbs\/thumbs_imgx_085.jpg\"\n               data-image-id=\"3054\"\n               data-title=\"imgx_085\"\n               data-description=\"\"\n               data-image-slug=\"imgx_085\"\n               class=\"shutterset_ff47fd508f60c5ff8630e9e3ad1de006\">\n                <img\n                    title=\"imgx_085\"\n                    alt=\"imgx_085\"\n                    src=\"http:\/\/www.karate-neuhofen.at\/wp-content\/gallery\/trainingslager-in-gnas-2013\/thumbs\/thumbs_imgx_085.jpg\"\n                    width=\"50\"\n                    height=\"75\"\n                    style=\"max-width:100%;\"\n                \/>\n            <\/a>\n        <\/div>\n\t\t\t\t\t\t\t<\/div> \n\t\t\t\n        \n\t\t\t\t<div id=\"ngg-image-85\" class=\"ngg-gallery-thumbnail-box\" >\n\t\t\t\t        <div class=\"ngg-gallery-thumbnail\">\n            <a href=\"http:\/\/www.karate-neuhofen.at\/wp-content\/gallery\/trainingslager-in-gnas-2013\/imgx_086.jpg\"\n               title=\"\"\n               data-src=\"http:\/\/www.karate-neuhofen.at\/wp-content\/gallery\/trainingslager-in-gnas-2013\/imgx_086.jpg\"\n               data-thumbnail=\"http:\/\/www.karate-neuhofen.at\/wp-content\/gallery\/trainingslager-in-gnas-2013\/thumbs\/thumbs_imgx_086.jpg\"\n               data-image-id=\"3055\"\n               data-title=\"imgx_086\"\n               data-description=\"\"\n               data-image-slug=\"imgx_086\"\n               class=\"shutterset_ff47fd508f60c5ff8630e9e3ad1de006\">\n                <img\n                    title=\"imgx_086\"\n                    alt=\"imgx_086\"\n                    src=\"http:\/\/www.karate-neuhofen.at\/wp-content\/gallery\/trainingslager-in-gnas-2013\/thumbs\/thumbs_imgx_086.jpg\"\n                    width=\"50\"\n                    height=\"75\"\n                    style=\"max-width:100%;\"\n                \/>\n            <\/a>\n        <\/div>\n\t\t\t\t\t\t\t<\/div> \n\t\t\t\n        \n\t\t\t\t<div id=\"ngg-image-86\" class=\"ngg-gallery-thumbnail-box\" >\n\t\t\t\t        <div class=\"ngg-gallery-thumbnail\">\n            <a href=\"http:\/\/www.karate-neuhofen.at\/wp-content\/gallery\/trainingslager-in-gnas-2013\/imgx_087.jpg\"\n               title=\"\"\n               data-src=\"http:\/\/www.karate-neuhofen.at\/wp-content\/gallery\/trainingslager-in-gnas-2013\/imgx_087.jpg\"\n               data-thumbnail=\"http:\/\/www.karate-neuhofen.at\/wp-content\/gallery\/trainingslager-in-gnas-2013\/thumbs\/thumbs_imgx_087.jpg\"\n               data-image-id=\"3056\"\n               data-title=\"imgx_087\"\n               data-description=\"\"\n               data-image-slug=\"imgx_087\"\n               class=\"shutterset_ff47fd508f60c5ff8630e9e3ad1de006\">\n                <img\n                    title=\"imgx_087\"\n                    alt=\"imgx_087\"\n                    src=\"http:\/\/www.karate-neuhofen.at\/wp-content\/gallery\/trainingslager-in-gnas-2013\/thumbs\/thumbs_imgx_087.jpg\"\n                    width=\"100\"\n                    height=\"66\"\n                    style=\"max-width:100%;\"\n                \/>\n            <\/a>\n        <\/div>\n\t\t\t\t\t\t\t<\/div> \n\t\t\t\n        \n\t\t\t\t<div id=\"ngg-image-87\" class=\"ngg-gallery-thumbnail-box\" >\n\t\t\t\t        <div class=\"ngg-gallery-thumbnail\">\n            <a href=\"http:\/\/www.karate-neuhofen.at\/wp-content\/gallery\/trainingslager-in-gnas-2013\/imgx_088.jpg\"\n               title=\"\"\n               data-src=\"http:\/\/www.karate-neuhofen.at\/wp-content\/gallery\/trainingslager-in-gnas-2013\/imgx_088.jpg\"\n               data-thumbnail=\"http:\/\/www.karate-neuhofen.at\/wp-content\/gallery\/trainingslager-in-gnas-2013\/thumbs\/thumbs_imgx_088.jpg\"\n               data-image-id=\"3057\"\n               data-title=\"imgx_088\"\n               data-description=\"\"\n               data-image-slug=\"imgx_088\"\n               class=\"shutterset_ff47fd508f60c5ff8630e9e3ad1de006\">\n                <img\n                    title=\"imgx_088\"\n                    alt=\"imgx_088\"\n                    src=\"http:\/\/www.karate-neuhofen.at\/wp-content\/gallery\/trainingslager-in-gnas-2013\/thumbs\/thumbs_imgx_088.jpg\"\n                    width=\"100\"\n                    height=\"63\"\n                    style=\"max-width:100%;\"\n                \/>\n            <\/a>\n        <\/div>\n\t\t\t\t\t\t\t<\/div> \n\t\t\t\n        \n\t\t\t\t<div id=\"ngg-image-88\" class=\"ngg-gallery-thumbnail-box\" >\n\t\t\t\t        <div class=\"ngg-gallery-thumbnail\">\n            <a href=\"http:\/\/www.karate-neuhofen.at\/wp-content\/gallery\/trainingslager-in-gnas-2013\/imgx_089.jpg\"\n               title=\"\"\n               data-src=\"http:\/\/www.karate-neuhofen.at\/wp-content\/gallery\/trainingslager-in-gnas-2013\/imgx_089.jpg\"\n               data-thumbnail=\"http:\/\/www.karate-neuhofen.at\/wp-content\/gallery\/trainingslager-in-gnas-2013\/thumbs\/thumbs_imgx_089.jpg\"\n               data-image-id=\"3058\"\n               data-title=\"imgx_089\"\n               data-description=\"\"\n               data-image-slug=\"imgx_089\"\n               class=\"shutterset_ff47fd508f60c5ff8630e9e3ad1de006\">\n                <img\n                    title=\"imgx_089\"\n                    alt=\"imgx_089\"\n                    src=\"http:\/\/www.karate-neuhofen.at\/wp-content\/gallery\/trainingslager-in-gnas-2013\/thumbs\/thumbs_imgx_089.jpg\"\n                    width=\"100\"\n                    height=\"66\"\n                    style=\"max-width:100%;\"\n                \/>\n            <\/a>\n        <\/div>\n\t\t\t\t\t\t\t<\/div> \n\t\t\t\n        \n\t\t\t\t<div id=\"ngg-image-89\" class=\"ngg-gallery-thumbnail-box\" >\n\t\t\t\t        <div class=\"ngg-gallery-thumbnail\">\n            <a href=\"http:\/\/www.karate-neuhofen.at\/wp-content\/gallery\/trainingslager-in-gnas-2013\/imgx_090.jpg\"\n               title=\"\"\n               data-src=\"http:\/\/www.karate-neuhofen.at\/wp-content\/gallery\/trainingslager-in-gnas-2013\/imgx_090.jpg\"\n               data-thumbnail=\"http:\/\/www.karate-neuhofen.at\/wp-content\/gallery\/trainingslager-in-gnas-2013\/thumbs\/thumbs_imgx_090.jpg\"\n               data-image-id=\"3059\"\n               data-title=\"imgx_090\"\n               data-description=\"\"\n               data-image-slug=\"imgx_090\"\n               class=\"shutterset_ff47fd508f60c5ff8630e9e3ad1de006\">\n                <img\n                    title=\"imgx_090\"\n                    alt=\"imgx_090\"\n                    src=\"http:\/\/www.karate-neuhofen.at\/wp-content\/gallery\/trainingslager-in-gnas-2013\/thumbs\/thumbs_imgx_090.jpg\"\n                    width=\"100\"\n                    height=\"66\"\n                    style=\"max-width:100%;\"\n                \/>\n            <\/a>\n        <\/div>\n\t\t\t\t\t\t\t<\/div> \n\t\t\t\n        \n\t\t\t\t<div id=\"ngg-image-90\" class=\"ngg-gallery-thumbnail-box\" >\n\t\t\t\t        <div class=\"ngg-gallery-thumbnail\">\n            <a href=\"http:\/\/www.karate-neuhofen.at\/wp-content\/gallery\/trainingslager-in-gnas-2013\/imgx_091.jpg\"\n               title=\"\"\n               data-src=\"http:\/\/www.karate-neuhofen.at\/wp-content\/gallery\/trainingslager-in-gnas-2013\/imgx_091.jpg\"\n               data-thumbnail=\"http:\/\/www.karate-neuhofen.at\/wp-content\/gallery\/trainingslager-in-gnas-2013\/thumbs\/thumbs_imgx_091.jpg\"\n               data-image-id=\"3060\"\n               data-title=\"imgx_091\"\n               data-description=\"\"\n               data-image-slug=\"imgx_091\"\n               class=\"shutterset_ff47fd508f60c5ff8630e9e3ad1de006\">\n                <img\n                    title=\"imgx_091\"\n                    alt=\"imgx_091\"\n                    src=\"http:\/\/www.karate-neuhofen.at\/wp-content\/gallery\/trainingslager-in-gnas-2013\/thumbs\/thumbs_imgx_091.jpg\"\n                    width=\"50\"\n                    height=\"75\"\n                    style=\"max-width:100%;\"\n                \/>\n            <\/a>\n        <\/div>\n\t\t\t\t\t\t\t<\/div> \n\t\t\t\n        \n\t\t\t\t<div id=\"ngg-image-91\" class=\"ngg-gallery-thumbnail-box\" >\n\t\t\t\t        <div class=\"ngg-gallery-thumbnail\">\n            <a href=\"http:\/\/www.karate-neuhofen.at\/wp-content\/gallery\/trainingslager-in-gnas-2013\/imgx_092.jpg\"\n               title=\"\"\n               data-src=\"http:\/\/www.karate-neuhofen.at\/wp-content\/gallery\/trainingslager-in-gnas-2013\/imgx_092.jpg\"\n               data-thumbnail=\"http:\/\/www.karate-neuhofen.at\/wp-content\/gallery\/trainingslager-in-gnas-2013\/thumbs\/thumbs_imgx_092.jpg\"\n               data-image-id=\"3061\"\n               data-title=\"imgx_092\"\n               data-description=\"\"\n               data-image-slug=\"imgx_092\"\n               class=\"shutterset_ff47fd508f60c5ff8630e9e3ad1de006\">\n                <img\n                    title=\"imgx_092\"\n                    alt=\"imgx_092\"\n                    src=\"http:\/\/www.karate-neuhofen.at\/wp-content\/gallery\/trainingslager-in-gnas-2013\/thumbs\/thumbs_imgx_092.jpg\"\n                    width=\"100\"\n                    height=\"63\"\n                    style=\"max-width:100%;\"\n                \/>\n            <\/a>\n        <\/div>\n\t\t\t\t\t\t\t<\/div> \n\t\t\t\n        \n\t\t\t\t<div id=\"ngg-image-92\" class=\"ngg-gallery-thumbnail-box\" >\n\t\t\t\t        <div class=\"ngg-gallery-thumbnail\">\n            <a href=\"http:\/\/www.karate-neuhofen.at\/wp-content\/gallery\/trainingslager-in-gnas-2013\/imgx_093.jpg\"\n               title=\"\"\n               data-src=\"http:\/\/www.karate-neuhofen.at\/wp-content\/gallery\/trainingslager-in-gnas-2013\/imgx_093.jpg\"\n               data-thumbnail=\"http:\/\/www.karate-neuhofen.at\/wp-content\/gallery\/trainingslager-in-gnas-2013\/thumbs\/thumbs_imgx_093.jpg\"\n               data-image-id=\"3062\"\n               data-title=\"imgx_093\"\n               data-description=\"\"\n               data-image-slug=\"imgx_093\"\n               class=\"shutterset_ff47fd508f60c5ff8630e9e3ad1de006\">\n                <img\n                    title=\"imgx_093\"\n                    alt=\"imgx_093\"\n                    src=\"http:\/\/www.karate-neuhofen.at\/wp-content\/gallery\/trainingslager-in-gnas-2013\/thumbs\/thumbs_imgx_093.jpg\"\n                    width=\"100\"\n                    height=\"66\"\n                    style=\"max-width:100%;\"\n                \/>\n            <\/a>\n        <\/div>\n\t\t\t\t\t\t\t<\/div> \n\t\t\t\n        \n\t\t\t\t<div id=\"ngg-image-93\" class=\"ngg-gallery-thumbnail-box\" >\n\t\t\t\t        <div class=\"ngg-gallery-thumbnail\">\n            <a href=\"http:\/\/www.karate-neuhofen.at\/wp-content\/gallery\/trainingslager-in-gnas-2013\/imgx_094.jpg\"\n               title=\"\"\n               data-src=\"http:\/\/www.karate-neuhofen.at\/wp-content\/gallery\/trainingslager-in-gnas-2013\/imgx_094.jpg\"\n               data-thumbnail=\"http:\/\/www.karate-neuhofen.at\/wp-content\/gallery\/trainingslager-in-gnas-2013\/thumbs\/thumbs_imgx_094.jpg\"\n               data-image-id=\"3063\"\n               data-title=\"imgx_094\"\n               data-description=\"\"\n               data-image-slug=\"imgx_094\"\n               class=\"shutterset_ff47fd508f60c5ff8630e9e3ad1de006\">\n                <img\n                    title=\"imgx_094\"\n                    alt=\"imgx_094\"\n                    src=\"http:\/\/www.karate-neuhofen.at\/wp-content\/gallery\/trainingslager-in-gnas-2013\/thumbs\/thumbs_imgx_094.jpg\"\n                    width=\"100\"\n                    height=\"66\"\n                    style=\"max-width:100%;\"\n                \/>\n            <\/a>\n        <\/div>\n\t\t\t\t\t\t\t<\/div> \n\t\t\t\n        \n\t\t\t\t<div id=\"ngg-image-94\" class=\"ngg-gallery-thumbnail-box\" >\n\t\t\t\t        <div class=\"ngg-gallery-thumbnail\">\n            <a href=\"http:\/\/www.karate-neuhofen.at\/wp-content\/gallery\/trainingslager-in-gnas-2013\/imgx_095.jpg\"\n               title=\"\"\n               data-src=\"http:\/\/www.karate-neuhofen.at\/wp-content\/gallery\/trainingslager-in-gnas-2013\/imgx_095.jpg\"\n               data-thumbnail=\"http:\/\/www.karate-neuhofen.at\/wp-content\/gallery\/trainingslager-in-gnas-2013\/thumbs\/thumbs_imgx_095.jpg\"\n               data-image-id=\"3064\"\n               data-title=\"imgx_095\"\n               data-description=\"\"\n               data-image-slug=\"imgx_095\"\n               class=\"shutterset_ff47fd508f60c5ff8630e9e3ad1de006\">\n                <img\n                    title=\"imgx_095\"\n                    alt=\"imgx_095\"\n                    src=\"http:\/\/www.karate-neuhofen.at\/wp-content\/gallery\/trainingslager-in-gnas-2013\/thumbs\/thumbs_imgx_095.jpg\"\n                    width=\"100\"\n                    height=\"66\"\n                    style=\"max-width:100%;\"\n                \/>\n            <\/a>\n        <\/div>\n\t\t\t\t\t\t\t<\/div> \n\t\t\t\n        \n\t\t\t\t<div id=\"ngg-image-95\" class=\"ngg-gallery-thumbnail-box\" >\n\t\t\t\t        <div class=\"ngg-gallery-thumbnail\">\n            <a href=\"http:\/\/www.karate-neuhofen.at\/wp-content\/gallery\/trainingslager-in-gnas-2013\/imgx_096.jpg\"\n               title=\"\"\n               data-src=\"http:\/\/www.karate-neuhofen.at\/wp-content\/gallery\/trainingslager-in-gnas-2013\/imgx_096.jpg\"\n               data-thumbnail=\"http:\/\/www.karate-neuhofen.at\/wp-content\/gallery\/trainingslager-in-gnas-2013\/thumbs\/thumbs_imgx_096.jpg\"\n               data-image-id=\"3065\"\n               data-title=\"imgx_096\"\n               data-description=\"\"\n               data-image-slug=\"imgx_096\"\n               class=\"shutterset_ff47fd508f60c5ff8630e9e3ad1de006\">\n                <img\n                    title=\"imgx_096\"\n                    alt=\"imgx_096\"\n                    src=\"http:\/\/www.karate-neuhofen.at\/wp-content\/gallery\/trainingslager-in-gnas-2013\/thumbs\/thumbs_imgx_096.jpg\"\n                    width=\"100\"\n                    height=\"66\"\n                    style=\"max-width:100%;\"\n                \/>\n            <\/a>\n        <\/div>\n\t\t\t\t\t\t\t<\/div> \n\t\t\t\n        \n\t\t\t\t<div id=\"ngg-image-96\" class=\"ngg-gallery-thumbnail-box\" >\n\t\t\t\t        <div class=\"ngg-gallery-thumbnail\">\n            <a href=\"http:\/\/www.karate-neuhofen.at\/wp-content\/gallery\/trainingslager-in-gnas-2013\/imgx_097.jpg\"\n               title=\"\"\n               data-src=\"http:\/\/www.karate-neuhofen.at\/wp-content\/gallery\/trainingslager-in-gnas-2013\/imgx_097.jpg\"\n               data-thumbnail=\"http:\/\/www.karate-neuhofen.at\/wp-content\/gallery\/trainingslager-in-gnas-2013\/thumbs\/thumbs_imgx_097.jpg\"\n               data-image-id=\"3066\"\n               data-title=\"imgx_097\"\n               data-description=\"\"\n               data-image-slug=\"imgx_097\"\n               class=\"shutterset_ff47fd508f60c5ff8630e9e3ad1de006\">\n                <img\n                    title=\"imgx_097\"\n                    alt=\"imgx_097\"\n                    src=\"http:\/\/www.karate-neuhofen.at\/wp-content\/gallery\/trainingslager-in-gnas-2013\/thumbs\/thumbs_imgx_097.jpg\"\n                    width=\"100\"\n                    height=\"66\"\n                    style=\"max-width:100%;\"\n                \/>\n            <\/a>\n        <\/div>\n\t\t\t\t\t\t\t<\/div> \n\t\t\t\n        \n\t\t\t\t<div id=\"ngg-image-97\" class=\"ngg-gallery-thumbnail-box\" >\n\t\t\t\t        <div class=\"ngg-gallery-thumbnail\">\n            <a href=\"http:\/\/www.karate-neuhofen.at\/wp-content\/gallery\/trainingslager-in-gnas-2013\/imgx_098.jpg\"\n               title=\"\"\n               data-src=\"http:\/\/www.karate-neuhofen.at\/wp-content\/gallery\/trainingslager-in-gnas-2013\/imgx_098.jpg\"\n               data-thumbnail=\"http:\/\/www.karate-neuhofen.at\/wp-content\/gallery\/trainingslager-in-gnas-2013\/thumbs\/thumbs_imgx_098.jpg\"\n               data-image-id=\"3067\"\n               data-title=\"imgx_098\"\n               data-description=\"\"\n               data-image-slug=\"imgx_098\"\n               class=\"shutterset_ff47fd508f60c5ff8630e9e3ad1de006\">\n                <img\n                    title=\"imgx_098\"\n                    alt=\"imgx_098\"\n                    src=\"http:\/\/www.karate-neuhofen.at\/wp-content\/gallery\/trainingslager-in-gnas-2013\/thumbs\/thumbs_imgx_098.jpg\"\n                    width=\"100\"\n                    height=\"66\"\n                    style=\"max-width:100%;\"\n                \/>\n            <\/a>\n        <\/div>\n\t\t\t\t\t\t\t<\/div> \n\t\t\t\n        \n\t\t\t\t<div id=\"ngg-image-98\" class=\"ngg-gallery-thumbnail-box\" >\n\t\t\t\t        <div class=\"ngg-gallery-thumbnail\">\n            <a href=\"http:\/\/www.karate-neuhofen.at\/wp-content\/gallery\/trainingslager-in-gnas-2013\/imgx_099.jpg\"\n               title=\"\"\n               data-src=\"http:\/\/www.karate-neuhofen.at\/wp-content\/gallery\/trainingslager-in-gnas-2013\/imgx_099.jpg\"\n               data-thumbnail=\"http:\/\/www.karate-neuhofen.at\/wp-content\/gallery\/trainingslager-in-gnas-2013\/thumbs\/thumbs_imgx_099.jpg\"\n               data-image-id=\"3068\"\n               data-title=\"imgx_099\"\n               data-description=\"\"\n               data-image-slug=\"imgx_099\"\n               class=\"shutterset_ff47fd508f60c5ff8630e9e3ad1de006\">\n                <img\n                    title=\"imgx_099\"\n                    alt=\"imgx_099\"\n                    src=\"http:\/\/www.karate-neuhofen.at\/wp-content\/gallery\/trainingslager-in-gnas-2013\/thumbs\/thumbs_imgx_099.jpg\"\n                    width=\"100\"\n                    height=\"66\"\n                    style=\"max-width:100%;\"\n                \/>\n            <\/a>\n        <\/div>\n\t\t\t\t\t\t\t<\/div> \n\t\t\t\n        \n\t\t\t\t<div id=\"ngg-image-99\" class=\"ngg-gallery-thumbnail-box\" >\n\t\t\t\t        <div class=\"ngg-gallery-thumbnail\">\n            <a href=\"http:\/\/www.karate-neuhofen.at\/wp-content\/gallery\/trainingslager-in-gnas-2013\/imgx_100.jpg\"\n               title=\"\"\n               data-src=\"http:\/\/www.karate-neuhofen.at\/wp-content\/gallery\/trainingslager-in-gnas-2013\/imgx_100.jpg\"\n               data-thumbnail=\"http:\/\/www.karate-neuhofen.at\/wp-content\/gallery\/trainingslager-in-gnas-2013\/thumbs\/thumbs_imgx_100.jpg\"\n               data-image-id=\"3069\"\n               data-title=\"imgx_100\"\n               data-description=\"\"\n               data-image-slug=\"imgx_100\"\n               class=\"shutterset_ff47fd508f60c5ff8630e9e3ad1de006\">\n                <img\n                    title=\"imgx_100\"\n                    alt=\"imgx_100\"\n                    src=\"http:\/\/www.karate-neuhofen.at\/wp-content\/gallery\/trainingslager-in-gnas-2013\/thumbs\/thumbs_imgx_100.jpg\"\n                    width=\"100\"\n                    height=\"32\"\n                    style=\"max-width:100%;\"\n                \/>\n            <\/a>\n        <\/div>\n\t\t\t\t\t\t\t<\/div> \n\t\t\t\n        \n\t\t\t\t<div id=\"ngg-image-100\" class=\"ngg-gallery-thumbnail-box\" >\n\t\t\t\t        <div class=\"ngg-gallery-thumbnail\">\n            <a href=\"http:\/\/www.karate-neuhofen.at\/wp-content\/gallery\/trainingslager-in-gnas-2013\/imgx_101.jpg\"\n               title=\"\"\n               data-src=\"http:\/\/www.karate-neuhofen.at\/wp-content\/gallery\/trainingslager-in-gnas-2013\/imgx_101.jpg\"\n               data-thumbnail=\"http:\/\/www.karate-neuhofen.at\/wp-content\/gallery\/trainingslager-in-gnas-2013\/thumbs\/thumbs_imgx_101.jpg\"\n               data-image-id=\"3070\"\n               data-title=\"imgx_101\"\n               data-description=\"\"\n               data-image-slug=\"imgx_101\"\n               class=\"shutterset_ff47fd508f60c5ff8630e9e3ad1de006\">\n                <img\n                    title=\"imgx_101\"\n                    alt=\"imgx_101\"\n                    src=\"http:\/\/www.karate-neuhofen.at\/wp-content\/gallery\/trainingslager-in-gnas-2013\/thumbs\/thumbs_imgx_101.jpg\"\n                    width=\"100\"\n                    height=\"66\"\n                    style=\"max-width:100%;\"\n                \/>\n            <\/a>\n        <\/div>\n\t\t\t\t\t\t\t<\/div> \n\t\t\t\n        \n\t\t\t\t<div id=\"ngg-image-101\" class=\"ngg-gallery-thumbnail-box\" >\n\t\t\t\t        <div class=\"ngg-gallery-thumbnail\">\n            <a href=\"http:\/\/www.karate-neuhofen.at\/wp-content\/gallery\/trainingslager-in-gnas-2013\/imgx_102.jpg\"\n               title=\"\"\n               data-src=\"http:\/\/www.karate-neuhofen.at\/wp-content\/gallery\/trainingslager-in-gnas-2013\/imgx_102.jpg\"\n               data-thumbnail=\"http:\/\/www.karate-neuhofen.at\/wp-content\/gallery\/trainingslager-in-gnas-2013\/thumbs\/thumbs_imgx_102.jpg\"\n               data-image-id=\"3071\"\n               data-title=\"imgx_102\"\n               data-description=\"\"\n               data-image-slug=\"imgx_102\"\n               class=\"shutterset_ff47fd508f60c5ff8630e9e3ad1de006\">\n                <img\n                    title=\"imgx_102\"\n                    alt=\"imgx_102\"\n                    src=\"http:\/\/www.karate-neuhofen.at\/wp-content\/gallery\/trainingslager-in-gnas-2013\/thumbs\/thumbs_imgx_102.jpg\"\n                    width=\"100\"\n                    height=\"66\"\n                    style=\"max-width:100%;\"\n                \/>\n            <\/a>\n        <\/div>\n\t\t\t\t\t\t\t<\/div> \n\t\t\t\n        \n\t\t\t\t<div id=\"ngg-image-102\" class=\"ngg-gallery-thumbnail-box\" >\n\t\t\t\t        <div class=\"ngg-gallery-thumbnail\">\n            <a href=\"http:\/\/www.karate-neuhofen.at\/wp-content\/gallery\/trainingslager-in-gnas-2013\/imgx_103.jpg\"\n               title=\"\"\n               data-src=\"http:\/\/www.karate-neuhofen.at\/wp-content\/gallery\/trainingslager-in-gnas-2013\/imgx_103.jpg\"\n               data-thumbnail=\"http:\/\/www.karate-neuhofen.at\/wp-content\/gallery\/trainingslager-in-gnas-2013\/thumbs\/thumbs_imgx_103.jpg\"\n               data-image-id=\"3072\"\n               data-title=\"imgx_103\"\n               data-description=\"\"\n               data-image-slug=\"imgx_103\"\n               class=\"shutterset_ff47fd508f60c5ff8630e9e3ad1de006\">\n                <img\n                    title=\"imgx_103\"\n                    alt=\"imgx_103\"\n                    src=\"http:\/\/www.karate-neuhofen.at\/wp-content\/gallery\/trainingslager-in-gnas-2013\/thumbs\/thumbs_imgx_103.jpg\"\n                    width=\"100\"\n                    height=\"66\"\n                    style=\"max-width:100%;\"\n                \/>\n            <\/a>\n        <\/div>\n\t\t\t\t\t\t\t<\/div> \n\t\t\t\n        \n\t\t\t\t<div id=\"ngg-image-103\" class=\"ngg-gallery-thumbnail-box\" >\n\t\t\t\t        <div class=\"ngg-gallery-thumbnail\">\n            <a href=\"http:\/\/www.karate-neuhofen.at\/wp-content\/gallery\/trainingslager-in-gnas-2013\/imgx_104.jpg\"\n               title=\"\"\n               data-src=\"http:\/\/www.karate-neuhofen.at\/wp-content\/gallery\/trainingslager-in-gnas-2013\/imgx_104.jpg\"\n               data-thumbnail=\"http:\/\/www.karate-neuhofen.at\/wp-content\/gallery\/trainingslager-in-gnas-2013\/thumbs\/thumbs_imgx_104.jpg\"\n               data-image-id=\"3073\"\n               data-title=\"imgx_104\"\n               data-description=\"\"\n               data-image-slug=\"imgx_104\"\n               class=\"shutterset_ff47fd508f60c5ff8630e9e3ad1de006\">\n                <img\n                    title=\"imgx_104\"\n                    alt=\"imgx_104\"\n                    src=\"http:\/\/www.karate-neuhofen.at\/wp-content\/gallery\/trainingslager-in-gnas-2013\/thumbs\/thumbs_imgx_104.jpg\"\n                    width=\"100\"\n                    height=\"66\"\n                    style=\"max-width:100%;\"\n                \/>\n            <\/a>\n        <\/div>\n\t\t\t\t\t\t\t<\/div> \n\t\t\t\n        \n\t\t\t\t<div id=\"ngg-image-104\" class=\"ngg-gallery-thumbnail-box\" >\n\t\t\t\t        <div class=\"ngg-gallery-thumbnail\">\n            <a href=\"http:\/\/www.karate-neuhofen.at\/wp-content\/gallery\/trainingslager-in-gnas-2013\/imgx_105.jpg\"\n               title=\"\"\n               data-src=\"http:\/\/www.karate-neuhofen.at\/wp-content\/gallery\/trainingslager-in-gnas-2013\/imgx_105.jpg\"\n               data-thumbnail=\"http:\/\/www.karate-neuhofen.at\/wp-content\/gallery\/trainingslager-in-gnas-2013\/thumbs\/thumbs_imgx_105.jpg\"\n               data-image-id=\"3074\"\n               data-title=\"imgx_105\"\n               data-description=\"\"\n               data-image-slug=\"imgx_105\"\n               class=\"shutterset_ff47fd508f60c5ff8630e9e3ad1de006\">\n                <img\n                    title=\"imgx_105\"\n                    alt=\"imgx_105\"\n                    src=\"http:\/\/www.karate-neuhofen.at\/wp-content\/gallery\/trainingslager-in-gnas-2013\/thumbs\/thumbs_imgx_105.jpg\"\n                    width=\"100\"\n                    height=\"66\"\n                    style=\"max-width:100%;\"\n                \/>\n            <\/a>\n        <\/div>\n\t\t\t\t\t\t\t<\/div> \n\t\t\t\n        \n\t\t\t\t<div id=\"ngg-image-105\" class=\"ngg-gallery-thumbnail-box\" >\n\t\t\t\t        <div class=\"ngg-gallery-thumbnail\">\n            <a href=\"http:\/\/www.karate-neuhofen.at\/wp-content\/gallery\/trainingslager-in-gnas-2013\/imgx_106.jpg\"\n               title=\"\"\n               data-src=\"http:\/\/www.karate-neuhofen.at\/wp-content\/gallery\/trainingslager-in-gnas-2013\/imgx_106.jpg\"\n               data-thumbnail=\"http:\/\/www.karate-neuhofen.at\/wp-content\/gallery\/trainingslager-in-gnas-2013\/thumbs\/thumbs_imgx_106.jpg\"\n               data-image-id=\"3075\"\n               data-title=\"imgx_106\"\n               data-description=\"\"\n               data-image-slug=\"imgx_106\"\n               class=\"shutterset_ff47fd508f60c5ff8630e9e3ad1de006\">\n                <img\n                    title=\"imgx_106\"\n                    alt=\"imgx_106\"\n                    src=\"http:\/\/www.karate-neuhofen.at\/wp-content\/gallery\/trainingslager-in-gnas-2013\/thumbs\/thumbs_imgx_106.jpg\"\n                    width=\"100\"\n                    height=\"66\"\n                    style=\"max-width:100%;\"\n                \/>\n            <\/a>\n        <\/div>\n\t\t\t\t\t\t\t<\/div> \n\t\t\t\n        \n\t\t\t\t<div id=\"ngg-image-106\" class=\"ngg-gallery-thumbnail-box\" >\n\t\t\t\t        <div class=\"ngg-gallery-thumbnail\">\n            <a href=\"http:\/\/www.karate-neuhofen.at\/wp-content\/gallery\/trainingslager-in-gnas-2013\/imgx_107.jpg\"\n               title=\"\"\n               data-src=\"http:\/\/www.karate-neuhofen.at\/wp-content\/gallery\/trainingslager-in-gnas-2013\/imgx_107.jpg\"\n               data-thumbnail=\"http:\/\/www.karate-neuhofen.at\/wp-content\/gallery\/trainingslager-in-gnas-2013\/thumbs\/thumbs_imgx_107.jpg\"\n               data-image-id=\"3076\"\n               data-title=\"imgx_107\"\n               data-description=\"\"\n               data-image-slug=\"imgx_107\"\n               class=\"shutterset_ff47fd508f60c5ff8630e9e3ad1de006\">\n                <img\n                    title=\"imgx_107\"\n                    alt=\"imgx_107\"\n                    src=\"http:\/\/www.karate-neuhofen.at\/wp-content\/gallery\/trainingslager-in-gnas-2013\/thumbs\/thumbs_imgx_107.jpg\"\n                    width=\"100\"\n                    height=\"66\"\n                    style=\"max-width:100%;\"\n                \/>\n            <\/a>\n        <\/div>\n\t\t\t\t\t\t\t<\/div> \n\t\t\t\n        \n\t\t\t\t<div id=\"ngg-image-107\" class=\"ngg-gallery-thumbnail-box\" >\n\t\t\t\t        <div class=\"ngg-gallery-thumbnail\">\n            <a href=\"http:\/\/www.karate-neuhofen.at\/wp-content\/gallery\/trainingslager-in-gnas-2013\/imgx_108.jpg\"\n               title=\"\"\n               data-src=\"http:\/\/www.karate-neuhofen.at\/wp-content\/gallery\/trainingslager-in-gnas-2013\/imgx_108.jpg\"\n               data-thumbnail=\"http:\/\/www.karate-neuhofen.at\/wp-content\/gallery\/trainingslager-in-gnas-2013\/thumbs\/thumbs_imgx_108.jpg\"\n               data-image-id=\"3077\"\n               data-title=\"imgx_108\"\n               data-description=\"\"\n               data-image-slug=\"imgx_108\"\n               class=\"shutterset_ff47fd508f60c5ff8630e9e3ad1de006\">\n                <img\n                    title=\"imgx_108\"\n                    alt=\"imgx_108\"\n                    src=\"http:\/\/www.karate-neuhofen.at\/wp-content\/gallery\/trainingslager-in-gnas-2013\/thumbs\/thumbs_imgx_108.jpg\"\n                    width=\"50\"\n                    height=\"75\"\n                    style=\"max-width:100%;\"\n                \/>\n            <\/a>\n        <\/div>\n\t\t\t\t\t\t\t<\/div> \n\t\t\t\n        \n\t\t\t\t<div id=\"ngg-image-108\" class=\"ngg-gallery-thumbnail-box\" >\n\t\t\t\t        <div class=\"ngg-gallery-thumbnail\">\n            <a href=\"http:\/\/www.karate-neuhofen.at\/wp-content\/gallery\/trainingslager-in-gnas-2013\/imgx_109.jpg\"\n               title=\"\"\n               data-src=\"http:\/\/www.karate-neuhofen.at\/wp-content\/gallery\/trainingslager-in-gnas-2013\/imgx_109.jpg\"\n               data-thumbnail=\"http:\/\/www.karate-neuhofen.at\/wp-content\/gallery\/trainingslager-in-gnas-2013\/thumbs\/thumbs_imgx_109.jpg\"\n               data-image-id=\"3078\"\n               data-title=\"imgx_109\"\n               data-description=\"\"\n               data-image-slug=\"imgx_109\"\n               class=\"shutterset_ff47fd508f60c5ff8630e9e3ad1de006\">\n                <img\n                    title=\"imgx_109\"\n                    alt=\"imgx_109\"\n                    src=\"http:\/\/www.karate-neuhofen.at\/wp-content\/gallery\/trainingslager-in-gnas-2013\/thumbs\/thumbs_imgx_109.jpg\"\n                    width=\"100\"\n                    height=\"66\"\n                    style=\"max-width:100%;\"\n                \/>\n            <\/a>\n        <\/div>\n\t\t\t\t\t\t\t<\/div> \n\t\t\t\n        \n\t\t\t\t<div id=\"ngg-image-109\" class=\"ngg-gallery-thumbnail-box\" >\n\t\t\t\t        <div class=\"ngg-gallery-thumbnail\">\n            <a href=\"http:\/\/www.karate-neuhofen.at\/wp-content\/gallery\/trainingslager-in-gnas-2013\/imgx_110.jpg\"\n               title=\"\"\n               data-src=\"http:\/\/www.karate-neuhofen.at\/wp-content\/gallery\/trainingslager-in-gnas-2013\/imgx_110.jpg\"\n               data-thumbnail=\"http:\/\/www.karate-neuhofen.at\/wp-content\/gallery\/trainingslager-in-gnas-2013\/thumbs\/thumbs_imgx_110.jpg\"\n               data-image-id=\"3079\"\n               data-title=\"imgx_110\"\n               data-description=\"\"\n               data-image-slug=\"imgx_110\"\n               class=\"shutterset_ff47fd508f60c5ff8630e9e3ad1de006\">\n                <img\n                    title=\"imgx_110\"\n                    alt=\"imgx_110\"\n                    src=\"http:\/\/www.karate-neuhofen.at\/wp-content\/gallery\/trainingslager-in-gnas-2013\/thumbs\/thumbs_imgx_110.jpg\"\n                    width=\"100\"\n                    height=\"60\"\n                    style=\"max-width:100%;\"\n                \/>\n            <\/a>\n        <\/div>\n\t\t\t\t\t\t\t<\/div> \n\t\t\t\n        \n\t\t\t\t<div id=\"ngg-image-110\" class=\"ngg-gallery-thumbnail-box\" >\n\t\t\t\t        <div class=\"ngg-gallery-thumbnail\">\n            <a href=\"http:\/\/www.karate-neuhofen.at\/wp-content\/gallery\/trainingslager-in-gnas-2013\/imgx_111.jpg\"\n               title=\"\"\n               data-src=\"http:\/\/www.karate-neuhofen.at\/wp-content\/gallery\/trainingslager-in-gnas-2013\/imgx_111.jpg\"\n               data-thumbnail=\"http:\/\/www.karate-neuhofen.at\/wp-content\/gallery\/trainingslager-in-gnas-2013\/thumbs\/thumbs_imgx_111.jpg\"\n               data-image-id=\"3080\"\n               data-title=\"imgx_111\"\n               data-description=\"\"\n               data-image-slug=\"imgx_111\"\n               class=\"shutterset_ff47fd508f60c5ff8630e9e3ad1de006\">\n                <img\n                    title=\"imgx_111\"\n                    alt=\"imgx_111\"\n                    src=\"http:\/\/www.karate-neuhofen.at\/wp-content\/gallery\/trainingslager-in-gnas-2013\/thumbs\/thumbs_imgx_111.jpg\"\n                    width=\"100\"\n                    height=\"66\"\n                    style=\"max-width:100%;\"\n                \/>\n            <\/a>\n        <\/div>\n\t\t\t\t\t\t\t<\/div> \n\t\t\t\n        \n\t\t\t\t<div id=\"ngg-image-111\" class=\"ngg-gallery-thumbnail-box\" >\n\t\t\t\t        <div class=\"ngg-gallery-thumbnail\">\n            <a href=\"http:\/\/www.karate-neuhofen.at\/wp-content\/gallery\/trainingslager-in-gnas-2013\/imgx_112.jpg\"\n               title=\"\"\n               data-src=\"http:\/\/www.karate-neuhofen.at\/wp-content\/gallery\/trainingslager-in-gnas-2013\/imgx_112.jpg\"\n               data-thumbnail=\"http:\/\/www.karate-neuhofen.at\/wp-content\/gallery\/trainingslager-in-gnas-2013\/thumbs\/thumbs_imgx_112.jpg\"\n               data-image-id=\"3081\"\n               data-title=\"imgx_112\"\n               data-description=\"\"\n               data-image-slug=\"imgx_112\"\n               class=\"shutterset_ff47fd508f60c5ff8630e9e3ad1de006\">\n                <img\n                    title=\"imgx_112\"\n                    alt=\"imgx_112\"\n                    src=\"http:\/\/www.karate-neuhofen.at\/wp-content\/gallery\/trainingslager-in-gnas-2013\/thumbs\/thumbs_imgx_112.jpg\"\n                    width=\"100\"\n                    height=\"66\"\n                    style=\"max-width:100%;\"\n                \/>\n            <\/a>\n        <\/div>\n\t\t\t\t\t\t\t<\/div> \n\t\t\t\n        \n\t\t\t\t<div id=\"ngg-image-112\" class=\"ngg-gallery-thumbnail-box\" >\n\t\t\t\t        <div class=\"ngg-gallery-thumbnail\">\n            <a href=\"http:\/\/www.karate-neuhofen.at\/wp-content\/gallery\/trainingslager-in-gnas-2013\/img_1854.jpg\"\n               title=\"\"\n               data-src=\"http:\/\/www.karate-neuhofen.at\/wp-content\/gallery\/trainingslager-in-gnas-2013\/img_1854.jpg\"\n               data-thumbnail=\"http:\/\/www.karate-neuhofen.at\/wp-content\/gallery\/trainingslager-in-gnas-2013\/thumbs\/thumbs_img_1854.jpg\"\n               data-image-id=\"2702\"\n               data-title=\"img_1854\"\n               data-description=\"\"\n               data-image-slug=\"img_1854\"\n               class=\"shutterset_ff47fd508f60c5ff8630e9e3ad1de006\">\n                <img\n                    title=\"img_1854\"\n                    alt=\"img_1854\"\n                    src=\"http:\/\/www.karate-neuhofen.at\/wp-content\/gallery\/trainingslager-in-gnas-2013\/thumbs\/thumbs_img_1854.jpg\"\n                    width=\"100\"\n                    height=\"66\"\n                    style=\"max-width:100%;\"\n                \/>\n            <\/a>\n        <\/div>\n\t\t\t\t\t\t\t<\/div> \n\t\t\t\n        \n\t\t\t\t<div id=\"ngg-image-113\" class=\"ngg-gallery-thumbnail-box\" >\n\t\t\t\t        <div class=\"ngg-gallery-thumbnail\">\n            <a href=\"http:\/\/www.karate-neuhofen.at\/wp-content\/gallery\/trainingslager-in-gnas-2013\/img_1857.jpg\"\n               title=\"\"\n               data-src=\"http:\/\/www.karate-neuhofen.at\/wp-content\/gallery\/trainingslager-in-gnas-2013\/img_1857.jpg\"\n               data-thumbnail=\"http:\/\/www.karate-neuhofen.at\/wp-content\/gallery\/trainingslager-in-gnas-2013\/thumbs\/thumbs_img_1857.jpg\"\n               data-image-id=\"2703\"\n               data-title=\"img_1857\"\n               data-description=\"\"\n               data-image-slug=\"img_1857\"\n               class=\"shutterset_ff47fd508f60c5ff8630e9e3ad1de006\">\n                <img\n                    title=\"img_1857\"\n                    alt=\"img_1857\"\n                    src=\"http:\/\/www.karate-neuhofen.at\/wp-content\/gallery\/trainingslager-in-gnas-2013\/thumbs\/thumbs_img_1857.jpg\"\n                    width=\"100\"\n                    height=\"66\"\n                    style=\"max-width:100%;\"\n                \/>\n            <\/a>\n        <\/div>\n\t\t\t\t\t\t\t<\/div> \n\t\t\t\n        \n\t\t\t\t<div id=\"ngg-image-114\" class=\"ngg-gallery-thumbnail-box\" >\n\t\t\t\t        <div class=\"ngg-gallery-thumbnail\">\n            <a href=\"http:\/\/www.karate-neuhofen.at\/wp-content\/gallery\/trainingslager-in-gnas-2013\/img_1859.jpg\"\n               title=\"\"\n               data-src=\"http:\/\/www.karate-neuhofen.at\/wp-content\/gallery\/trainingslager-in-gnas-2013\/img_1859.jpg\"\n               data-thumbnail=\"http:\/\/www.karate-neuhofen.at\/wp-content\/gallery\/trainingslager-in-gnas-2013\/thumbs\/thumbs_img_1859.jpg\"\n               data-image-id=\"2704\"\n               data-title=\"img_1859\"\n               data-description=\"\"\n               data-image-slug=\"img_1859\"\n               class=\"shutterset_ff47fd508f60c5ff8630e9e3ad1de006\">\n                <img\n                    title=\"img_1859\"\n                    alt=\"img_1859\"\n                    src=\"http:\/\/www.karate-neuhofen.at\/wp-content\/gallery\/trainingslager-in-gnas-2013\/thumbs\/thumbs_img_1859.jpg\"\n                    width=\"100\"\n                    height=\"66\"\n                    style=\"max-width:100%;\"\n                \/>\n            <\/a>\n        <\/div>\n\t\t\t\t\t\t\t<\/div> \n\t\t\t\n        \n\t\t\t\t<div id=\"ngg-image-115\" class=\"ngg-gallery-thumbnail-box\" >\n\t\t\t\t        <div class=\"ngg-gallery-thumbnail\">\n            <a href=\"http:\/\/www.karate-neuhofen.at\/wp-content\/gallery\/trainingslager-in-gnas-2013\/img_1860.jpg\"\n               title=\"\"\n               data-src=\"http:\/\/www.karate-neuhofen.at\/wp-content\/gallery\/trainingslager-in-gnas-2013\/img_1860.jpg\"\n               data-thumbnail=\"http:\/\/www.karate-neuhofen.at\/wp-content\/gallery\/trainingslager-in-gnas-2013\/thumbs\/thumbs_img_1860.jpg\"\n               data-image-id=\"2705\"\n               data-title=\"img_1860\"\n               data-description=\"\"\n               data-image-slug=\"img_1860\"\n               class=\"shutterset_ff47fd508f60c5ff8630e9e3ad1de006\">\n                <img\n                    title=\"img_1860\"\n                    alt=\"img_1860\"\n                    src=\"http:\/\/www.karate-neuhofen.at\/wp-content\/gallery\/trainingslager-in-gnas-2013\/thumbs\/thumbs_img_1860.jpg\"\n                    width=\"100\"\n                    height=\"66\"\n                    style=\"max-width:100%;\"\n                \/>\n            <\/a>\n        <\/div>\n\t\t\t\t\t\t\t<\/div> \n\t\t\t\n        \n\t\t\t\t<div id=\"ngg-image-116\" class=\"ngg-gallery-thumbnail-box\" >\n\t\t\t\t        <div class=\"ngg-gallery-thumbnail\">\n            <a href=\"http:\/\/www.karate-neuhofen.at\/wp-content\/gallery\/trainingslager-in-gnas-2013\/img_1861.jpg\"\n               title=\"\"\n               data-src=\"http:\/\/www.karate-neuhofen.at\/wp-content\/gallery\/trainingslager-in-gnas-2013\/img_1861.jpg\"\n               data-thumbnail=\"http:\/\/www.karate-neuhofen.at\/wp-content\/gallery\/trainingslager-in-gnas-2013\/thumbs\/thumbs_img_1861.jpg\"\n               data-image-id=\"2706\"\n               data-title=\"img_1861\"\n               data-description=\"\"\n               data-image-slug=\"img_1861\"\n               class=\"shutterset_ff47fd508f60c5ff8630e9e3ad1de006\">\n                <img\n                    title=\"img_1861\"\n                    alt=\"img_1861\"\n                    src=\"http:\/\/www.karate-neuhofen.at\/wp-content\/gallery\/trainingslager-in-gnas-2013\/thumbs\/thumbs_img_1861.jpg\"\n                    width=\"100\"\n                    height=\"66\"\n                    style=\"max-width:100%;\"\n                \/>\n            <\/a>\n        <\/div>\n\t\t\t\t\t\t\t<\/div> \n\t\t\t\n        \n\t\t\t\t<div id=\"ngg-image-117\" class=\"ngg-gallery-thumbnail-box\" >\n\t\t\t\t        <div class=\"ngg-gallery-thumbnail\">\n            <a href=\"http:\/\/www.karate-neuhofen.at\/wp-content\/gallery\/trainingslager-in-gnas-2013\/img_1863.jpg\"\n               title=\"\"\n               data-src=\"http:\/\/www.karate-neuhofen.at\/wp-content\/gallery\/trainingslager-in-gnas-2013\/img_1863.jpg\"\n               data-thumbnail=\"http:\/\/www.karate-neuhofen.at\/wp-content\/gallery\/trainingslager-in-gnas-2013\/thumbs\/thumbs_img_1863.jpg\"\n               data-image-id=\"2707\"\n               data-title=\"img_1863\"\n               data-description=\"\"\n               data-image-slug=\"img_1863\"\n               class=\"shutterset_ff47fd508f60c5ff8630e9e3ad1de006\">\n                <img\n                    title=\"img_1863\"\n                    alt=\"img_1863\"\n                    src=\"http:\/\/www.karate-neuhofen.at\/wp-content\/gallery\/trainingslager-in-gnas-2013\/thumbs\/thumbs_img_1863.jpg\"\n                    width=\"100\"\n                    height=\"66\"\n                    style=\"max-width:100%;\"\n                \/>\n            <\/a>\n        <\/div>\n\t\t\t\t\t\t\t<\/div> \n\t\t\t\n        \n\t\t\t\t<div id=\"ngg-image-118\" class=\"ngg-gallery-thumbnail-box\" >\n\t\t\t\t        <div class=\"ngg-gallery-thumbnail\">\n            <a href=\"http:\/\/www.karate-neuhofen.at\/wp-content\/gallery\/trainingslager-in-gnas-2013\/img_1865.jpg\"\n               title=\"\"\n               data-src=\"http:\/\/www.karate-neuhofen.at\/wp-content\/gallery\/trainingslager-in-gnas-2013\/img_1865.jpg\"\n               data-thumbnail=\"http:\/\/www.karate-neuhofen.at\/wp-content\/gallery\/trainingslager-in-gnas-2013\/thumbs\/thumbs_img_1865.jpg\"\n               data-image-id=\"2708\"\n               data-title=\"img_1865\"\n               data-description=\"\"\n               data-image-slug=\"img_1865\"\n               class=\"shutterset_ff47fd508f60c5ff8630e9e3ad1de006\">\n                <img\n                    title=\"img_1865\"\n                    alt=\"img_1865\"\n                    src=\"http:\/\/www.karate-neuhofen.at\/wp-content\/gallery\/trainingslager-in-gnas-2013\/thumbs\/thumbs_img_1865.jpg\"\n                    width=\"100\"\n                    height=\"66\"\n                    style=\"max-width:100%;\"\n                \/>\n            <\/a>\n        <\/div>\n\t\t\t\t\t\t\t<\/div> \n\t\t\t\n        \n\t\t\t\t<div id=\"ngg-image-119\" class=\"ngg-gallery-thumbnail-box\" >\n\t\t\t\t        <div class=\"ngg-gallery-thumbnail\">\n            <a href=\"http:\/\/www.karate-neuhofen.at\/wp-content\/gallery\/trainingslager-in-gnas-2013\/img_1866.jpg\"\n               title=\"\"\n               data-src=\"http:\/\/www.karate-neuhofen.at\/wp-content\/gallery\/trainingslager-in-gnas-2013\/img_1866.jpg\"\n               data-thumbnail=\"http:\/\/www.karate-neuhofen.at\/wp-content\/gallery\/trainingslager-in-gnas-2013\/thumbs\/thumbs_img_1866.jpg\"\n               data-image-id=\"2709\"\n               data-title=\"img_1866\"\n               data-description=\"\"\n               data-image-slug=\"img_1866\"\n               class=\"shutterset_ff47fd508f60c5ff8630e9e3ad1de006\">\n                <img\n                    title=\"img_1866\"\n                    alt=\"img_1866\"\n                    src=\"http:\/\/www.karate-neuhofen.at\/wp-content\/gallery\/trainingslager-in-gnas-2013\/thumbs\/thumbs_img_1866.jpg\"\n                    width=\"100\"\n                    height=\"66\"\n                    style=\"max-width:100%;\"\n                \/>\n            <\/a>\n        <\/div>\n\t\t\t\t\t\t\t<\/div> \n\t\t\t\n        \n\t\t\t\t<div id=\"ngg-image-120\" class=\"ngg-gallery-thumbnail-box\" >\n\t\t\t\t        <div class=\"ngg-gallery-thumbnail\">\n            <a href=\"http:\/\/www.karate-neuhofen.at\/wp-content\/gallery\/trainingslager-in-gnas-2013\/img_1867.jpg\"\n               title=\"\"\n               data-src=\"http:\/\/www.karate-neuhofen.at\/wp-content\/gallery\/trainingslager-in-gnas-2013\/img_1867.jpg\"\n               data-thumbnail=\"http:\/\/www.karate-neuhofen.at\/wp-content\/gallery\/trainingslager-in-gnas-2013\/thumbs\/thumbs_img_1867.jpg\"\n               data-image-id=\"2710\"\n               data-title=\"img_1867\"\n               data-description=\"\"\n               data-image-slug=\"img_1867\"\n               class=\"shutterset_ff47fd508f60c5ff8630e9e3ad1de006\">\n                <img\n                    title=\"img_1867\"\n                    alt=\"img_1867\"\n                    src=\"http:\/\/www.karate-neuhofen.at\/wp-content\/gallery\/trainingslager-in-gnas-2013\/thumbs\/thumbs_img_1867.jpg\"\n                    width=\"100\"\n                    height=\"66\"\n                    style=\"max-width:100%;\"\n                \/>\n            <\/a>\n        <\/div>\n\t\t\t\t\t\t\t<\/div> \n\t\t\t\n        \n\t\t\t\t<div id=\"ngg-image-121\" class=\"ngg-gallery-thumbnail-box\" >\n\t\t\t\t        <div class=\"ngg-gallery-thumbnail\">\n            <a href=\"http:\/\/www.karate-neuhofen.at\/wp-content\/gallery\/trainingslager-in-gnas-2013\/img_1870.jpg\"\n               title=\"\"\n               data-src=\"http:\/\/www.karate-neuhofen.at\/wp-content\/gallery\/trainingslager-in-gnas-2013\/img_1870.jpg\"\n               data-thumbnail=\"http:\/\/www.karate-neuhofen.at\/wp-content\/gallery\/trainingslager-in-gnas-2013\/thumbs\/thumbs_img_1870.jpg\"\n               data-image-id=\"2711\"\n               data-title=\"img_1870\"\n               data-description=\"\"\n               data-image-slug=\"img_1870\"\n               class=\"shutterset_ff47fd508f60c5ff8630e9e3ad1de006\">\n                <img\n                    title=\"img_1870\"\n                    alt=\"img_1870\"\n                    src=\"http:\/\/www.karate-neuhofen.at\/wp-content\/gallery\/trainingslager-in-gnas-2013\/thumbs\/thumbs_img_1870.jpg\"\n                    width=\"50\"\n                    height=\"75\"\n                    style=\"max-width:100%;\"\n                \/>\n            <\/a>\n        <\/div>\n\t\t\t\t\t\t\t<\/div> \n\t\t\t\n        \n\t\t\t\t<div id=\"ngg-image-122\" class=\"ngg-gallery-thumbnail-box\" >\n\t\t\t\t        <div class=\"ngg-gallery-thumbnail\">\n            <a href=\"http:\/\/www.karate-neuhofen.at\/wp-content\/gallery\/trainingslager-in-gnas-2013\/img_1871.jpg\"\n               title=\"\"\n               data-src=\"http:\/\/www.karate-neuhofen.at\/wp-content\/gallery\/trainingslager-in-gnas-2013\/img_1871.jpg\"\n               data-thumbnail=\"http:\/\/www.karate-neuhofen.at\/wp-content\/gallery\/trainingslager-in-gnas-2013\/thumbs\/thumbs_img_1871.jpg\"\n               data-image-id=\"2712\"\n               data-title=\"img_1871\"\n               data-description=\"\"\n               data-image-slug=\"img_1871\"\n               class=\"shutterset_ff47fd508f60c5ff8630e9e3ad1de006\">\n                <img\n                    title=\"img_1871\"\n                    alt=\"img_1871\"\n                    src=\"http:\/\/www.karate-neuhofen.at\/wp-content\/gallery\/trainingslager-in-gnas-2013\/thumbs\/thumbs_img_1871.jpg\"\n                    width=\"100\"\n                    height=\"66\"\n                    style=\"max-width:100%;\"\n                \/>\n            <\/a>\n        <\/div>\n\t\t\t\t\t\t\t<\/div> \n\t\t\t\n        \n\t\t\t\t<div id=\"ngg-image-123\" class=\"ngg-gallery-thumbnail-box\" >\n\t\t\t\t        <div class=\"ngg-gallery-thumbnail\">\n            <a href=\"http:\/\/www.karate-neuhofen.at\/wp-content\/gallery\/trainingslager-in-gnas-2013\/img_1875.jpg\"\n               title=\"\"\n               data-src=\"http:\/\/www.karate-neuhofen.at\/wp-content\/gallery\/trainingslager-in-gnas-2013\/img_1875.jpg\"\n               data-thumbnail=\"http:\/\/www.karate-neuhofen.at\/wp-content\/gallery\/trainingslager-in-gnas-2013\/thumbs\/thumbs_img_1875.jpg\"\n               data-image-id=\"2713\"\n               data-title=\"img_1875\"\n               data-description=\"\"\n               data-image-slug=\"img_1875\"\n               class=\"shutterset_ff47fd508f60c5ff8630e9e3ad1de006\">\n                <img\n                    title=\"img_1875\"\n                    alt=\"img_1875\"\n                    src=\"http:\/\/www.karate-neuhofen.at\/wp-content\/gallery\/trainingslager-in-gnas-2013\/thumbs\/thumbs_img_1875.jpg\"\n                    width=\"100\"\n                    height=\"66\"\n                    style=\"max-width:100%;\"\n                \/>\n            <\/a>\n        <\/div>\n\t\t\t\t\t\t\t<\/div> \n\t\t\t\n        \n\t\t\t\t<div id=\"ngg-image-124\" class=\"ngg-gallery-thumbnail-box\" >\n\t\t\t\t        <div class=\"ngg-gallery-thumbnail\">\n            <a href=\"http:\/\/www.karate-neuhofen.at\/wp-content\/gallery\/trainingslager-in-gnas-2013\/img_1876.jpg\"\n               title=\"\"\n               data-src=\"http:\/\/www.karate-neuhofen.at\/wp-content\/gallery\/trainingslager-in-gnas-2013\/img_1876.jpg\"\n               data-thumbnail=\"http:\/\/www.karate-neuhofen.at\/wp-content\/gallery\/trainingslager-in-gnas-2013\/thumbs\/thumbs_img_1876.jpg\"\n               data-image-id=\"2714\"\n               data-title=\"img_1876\"\n               data-description=\"\"\n               data-image-slug=\"img_1876\"\n               class=\"shutterset_ff47fd508f60c5ff8630e9e3ad1de006\">\n                <img\n                    title=\"img_1876\"\n                    alt=\"img_1876\"\n                    src=\"http:\/\/www.karate-neuhofen.at\/wp-content\/gallery\/trainingslager-in-gnas-2013\/thumbs\/thumbs_img_1876.jpg\"\n                    width=\"100\"\n                    height=\"66\"\n                    style=\"max-width:100%;\"\n                \/>\n            <\/a>\n        <\/div>\n\t\t\t\t\t\t\t<\/div> \n\t\t\t\n        \n\t\t\t\t<div id=\"ngg-image-125\" class=\"ngg-gallery-thumbnail-box\" >\n\t\t\t\t        <div class=\"ngg-gallery-thumbnail\">\n            <a href=\"http:\/\/www.karate-neuhofen.at\/wp-content\/gallery\/trainingslager-in-gnas-2013\/img_1879.jpg\"\n               title=\"\"\n               data-src=\"http:\/\/www.karate-neuhofen.at\/wp-content\/gallery\/trainingslager-in-gnas-2013\/img_1879.jpg\"\n               data-thumbnail=\"http:\/\/www.karate-neuhofen.at\/wp-content\/gallery\/trainingslager-in-gnas-2013\/thumbs\/thumbs_img_1879.jpg\"\n               data-image-id=\"2715\"\n               data-title=\"img_1879\"\n               data-description=\"\"\n               data-image-slug=\"img_1879\"\n               class=\"shutterset_ff47fd508f60c5ff8630e9e3ad1de006\">\n                <img\n                    title=\"img_1879\"\n                    alt=\"img_1879\"\n                    src=\"http:\/\/www.karate-neuhofen.at\/wp-content\/gallery\/trainingslager-in-gnas-2013\/thumbs\/thumbs_img_1879.jpg\"\n                    width=\"100\"\n                    height=\"66\"\n                    style=\"max-width:100%;\"\n                \/>\n            <\/a>\n        <\/div>\n\t\t\t\t\t\t\t<\/div> \n\t\t\t\n        \n\t\t\t\t<div id=\"ngg-image-126\" class=\"ngg-gallery-thumbnail-box\" >\n\t\t\t\t        <div class=\"ngg-gallery-thumbnail\">\n            <a href=\"http:\/\/www.karate-neuhofen.at\/wp-content\/gallery\/trainingslager-in-gnas-2013\/img_1881.jpg\"\n               title=\"\"\n               data-src=\"http:\/\/www.karate-neuhofen.at\/wp-content\/gallery\/trainingslager-in-gnas-2013\/img_1881.jpg\"\n               data-thumbnail=\"http:\/\/www.karate-neuhofen.at\/wp-content\/gallery\/trainingslager-in-gnas-2013\/thumbs\/thumbs_img_1881.jpg\"\n               data-image-id=\"2716\"\n               data-title=\"img_1881\"\n               data-description=\"\"\n               data-image-slug=\"img_1881\"\n               class=\"shutterset_ff47fd508f60c5ff8630e9e3ad1de006\">\n                <img\n                    title=\"img_1881\"\n                    alt=\"img_1881\"\n                    src=\"http:\/\/www.karate-neuhofen.at\/wp-content\/gallery\/trainingslager-in-gnas-2013\/thumbs\/thumbs_img_1881.jpg\"\n                    width=\"100\"\n                    height=\"66\"\n                    style=\"max-width:100%;\"\n                \/>\n            <\/a>\n        <\/div>\n\t\t\t\t\t\t\t<\/div> \n\t\t\t\n        \n\t\t\t\t<div id=\"ngg-image-127\" class=\"ngg-gallery-thumbnail-box\" >\n\t\t\t\t        <div class=\"ngg-gallery-thumbnail\">\n            <a href=\"http:\/\/www.karate-neuhofen.at\/wp-content\/gallery\/trainingslager-in-gnas-2013\/img_1882.jpg\"\n               title=\"\"\n               data-src=\"http:\/\/www.karate-neuhofen.at\/wp-content\/gallery\/trainingslager-in-gnas-2013\/img_1882.jpg\"\n               data-thumbnail=\"http:\/\/www.karate-neuhofen.at\/wp-content\/gallery\/trainingslager-in-gnas-2013\/thumbs\/thumbs_img_1882.jpg\"\n               data-image-id=\"2717\"\n               data-title=\"img_1882\"\n               data-description=\"\"\n               data-image-slug=\"img_1882\"\n               class=\"shutterset_ff47fd508f60c5ff8630e9e3ad1de006\">\n                <img\n                    title=\"img_1882\"\n                    alt=\"img_1882\"\n                    src=\"http:\/\/www.karate-neuhofen.at\/wp-content\/gallery\/trainingslager-in-gnas-2013\/thumbs\/thumbs_img_1882.jpg\"\n                    width=\"100\"\n                    height=\"66\"\n                    style=\"max-width:100%;\"\n                \/>\n            <\/a>\n        <\/div>\n\t\t\t\t\t\t\t<\/div> \n\t\t\t\n        \n\t\t\t\t<div id=\"ngg-image-128\" class=\"ngg-gallery-thumbnail-box\" >\n\t\t\t\t        <div class=\"ngg-gallery-thumbnail\">\n            <a href=\"http:\/\/www.karate-neuhofen.at\/wp-content\/gallery\/trainingslager-in-gnas-2013\/img_1886.jpg\"\n               title=\"\"\n               data-src=\"http:\/\/www.karate-neuhofen.at\/wp-content\/gallery\/trainingslager-in-gnas-2013\/img_1886.jpg\"\n               data-thumbnail=\"http:\/\/www.karate-neuhofen.at\/wp-content\/gallery\/trainingslager-in-gnas-2013\/thumbs\/thumbs_img_1886.jpg\"\n               data-image-id=\"2718\"\n               data-title=\"img_1886\"\n               data-description=\"\"\n               data-image-slug=\"img_1886\"\n               class=\"shutterset_ff47fd508f60c5ff8630e9e3ad1de006\">\n                <img\n                    title=\"img_1886\"\n                    alt=\"img_1886\"\n                    src=\"http:\/\/www.karate-neuhofen.at\/wp-content\/gallery\/trainingslager-in-gnas-2013\/thumbs\/thumbs_img_1886.jpg\"\n                    width=\"100\"\n                    height=\"66\"\n                    style=\"max-width:100%;\"\n                \/>\n            <\/a>\n        <\/div>\n\t\t\t\t\t\t\t<\/div> \n\t\t\t\n        \n\t\t\t\t<div id=\"ngg-image-129\" class=\"ngg-gallery-thumbnail-box\" >\n\t\t\t\t        <div class=\"ngg-gallery-thumbnail\">\n            <a href=\"http:\/\/www.karate-neuhofen.at\/wp-content\/gallery\/trainingslager-in-gnas-2013\/img_1887.jpg\"\n               title=\"\"\n               data-src=\"http:\/\/www.karate-neuhofen.at\/wp-content\/gallery\/trainingslager-in-gnas-2013\/img_1887.jpg\"\n               data-thumbnail=\"http:\/\/www.karate-neuhofen.at\/wp-content\/gallery\/trainingslager-in-gnas-2013\/thumbs\/thumbs_img_1887.jpg\"\n               data-image-id=\"2719\"\n               data-title=\"img_1887\"\n               data-description=\"\"\n               data-image-slug=\"img_1887\"\n               class=\"shutterset_ff47fd508f60c5ff8630e9e3ad1de006\">\n                <img\n                    title=\"img_1887\"\n                    alt=\"img_1887\"\n                    src=\"http:\/\/www.karate-neuhofen.at\/wp-content\/gallery\/trainingslager-in-gnas-2013\/thumbs\/thumbs_img_1887.jpg\"\n                    width=\"50\"\n                    height=\"75\"\n                    style=\"max-width:100%;\"\n                \/>\n            <\/a>\n        <\/div>\n\t\t\t\t\t\t\t<\/div> \n\t\t\t\n        \n\t\t\t\t<div id=\"ngg-image-130\" class=\"ngg-gallery-thumbnail-box\" >\n\t\t\t\t        <div class=\"ngg-gallery-thumbnail\">\n            <a href=\"http:\/\/www.karate-neuhofen.at\/wp-content\/gallery\/trainingslager-in-gnas-2013\/img_1888.jpg\"\n               title=\"\"\n               data-src=\"http:\/\/www.karate-neuhofen.at\/wp-content\/gallery\/trainingslager-in-gnas-2013\/img_1888.jpg\"\n               data-thumbnail=\"http:\/\/www.karate-neuhofen.at\/wp-content\/gallery\/trainingslager-in-gnas-2013\/thumbs\/thumbs_img_1888.jpg\"\n               data-image-id=\"2720\"\n               data-title=\"img_1888\"\n               data-description=\"\"\n               data-image-slug=\"img_1888\"\n               class=\"shutterset_ff47fd508f60c5ff8630e9e3ad1de006\">\n                <img\n                    title=\"img_1888\"\n                    alt=\"img_1888\"\n                    src=\"http:\/\/www.karate-neuhofen.at\/wp-content\/gallery\/trainingslager-in-gnas-2013\/thumbs\/thumbs_img_1888.jpg\"\n                    width=\"50\"\n                    height=\"75\"\n                    style=\"max-width:100%;\"\n                \/>\n            <\/a>\n        <\/div>\n\t\t\t\t\t\t\t<\/div> \n\t\t\t\n        \n\t\t\t\t<div id=\"ngg-image-131\" class=\"ngg-gallery-thumbnail-box\" >\n\t\t\t\t        <div class=\"ngg-gallery-thumbnail\">\n            <a href=\"http:\/\/www.karate-neuhofen.at\/wp-content\/gallery\/trainingslager-in-gnas-2013\/img_1889.jpg\"\n               title=\"\"\n               data-src=\"http:\/\/www.karate-neuhofen.at\/wp-content\/gallery\/trainingslager-in-gnas-2013\/img_1889.jpg\"\n               data-thumbnail=\"http:\/\/www.karate-neuhofen.at\/wp-content\/gallery\/trainingslager-in-gnas-2013\/thumbs\/thumbs_img_1889.jpg\"\n               data-image-id=\"2721\"\n               data-title=\"img_1889\"\n               data-description=\"\"\n               data-image-slug=\"img_1889\"\n               class=\"shutterset_ff47fd508f60c5ff8630e9e3ad1de006\">\n                <img\n                    title=\"img_1889\"\n                    alt=\"img_1889\"\n                    src=\"http:\/\/www.karate-neuhofen.at\/wp-content\/gallery\/trainingslager-in-gnas-2013\/thumbs\/thumbs_img_1889.jpg\"\n                    width=\"100\"\n                    height=\"66\"\n                    style=\"max-width:100%;\"\n                \/>\n            <\/a>\n        <\/div>\n\t\t\t\t\t\t\t<\/div> \n\t\t\t\n        \n\t\t\t\t<div id=\"ngg-image-132\" class=\"ngg-gallery-thumbnail-box\" >\n\t\t\t\t        <div class=\"ngg-gallery-thumbnail\">\n            <a href=\"http:\/\/www.karate-neuhofen.at\/wp-content\/gallery\/trainingslager-in-gnas-2013\/img_1890.jpg\"\n               title=\"\"\n               data-src=\"http:\/\/www.karate-neuhofen.at\/wp-content\/gallery\/trainingslager-in-gnas-2013\/img_1890.jpg\"\n               data-thumbnail=\"http:\/\/www.karate-neuhofen.at\/wp-content\/gallery\/trainingslager-in-gnas-2013\/thumbs\/thumbs_img_1890.jpg\"\n               data-image-id=\"2722\"\n               data-title=\"img_1890\"\n               data-description=\"\"\n               data-image-slug=\"img_1890\"\n               class=\"shutterset_ff47fd508f60c5ff8630e9e3ad1de006\">\n                <img\n                    title=\"img_1890\"\n                    alt=\"img_1890\"\n                    src=\"http:\/\/www.karate-neuhofen.at\/wp-content\/gallery\/trainingslager-in-gnas-2013\/thumbs\/thumbs_img_1890.jpg\"\n                    width=\"100\"\n                    height=\"66\"\n                    style=\"max-width:100%;\"\n                \/>\n            <\/a>\n        <\/div>\n\t\t\t\t\t\t\t<\/div> \n\t\t\t\n        \n\t\t\t\t<div id=\"ngg-image-133\" class=\"ngg-gallery-thumbnail-box\" >\n\t\t\t\t        <div class=\"ngg-gallery-thumbnail\">\n            <a href=\"http:\/\/www.karate-neuhofen.at\/wp-content\/gallery\/trainingslager-in-gnas-2013\/img_1891.jpg\"\n               title=\"\"\n               data-src=\"http:\/\/www.karate-neuhofen.at\/wp-content\/gallery\/trainingslager-in-gnas-2013\/img_1891.jpg\"\n               data-thumbnail=\"http:\/\/www.karate-neuhofen.at\/wp-content\/gallery\/trainingslager-in-gnas-2013\/thumbs\/thumbs_img_1891.jpg\"\n               data-image-id=\"2723\"\n               data-title=\"img_1891\"\n               data-description=\"\"\n               data-image-slug=\"img_1891\"\n               class=\"shutterset_ff47fd508f60c5ff8630e9e3ad1de006\">\n                <img\n                    title=\"img_1891\"\n                    alt=\"img_1891\"\n                    src=\"http:\/\/www.karate-neuhofen.at\/wp-content\/gallery\/trainingslager-in-gnas-2013\/thumbs\/thumbs_img_1891.jpg\"\n                    width=\"100\"\n                    height=\"66\"\n                    style=\"max-width:100%;\"\n                \/>\n            <\/a>\n        <\/div>\n\t\t\t\t\t\t\t<\/div> \n\t\t\t\n        \n\t\t\t\t<div id=\"ngg-image-134\" class=\"ngg-gallery-thumbnail-box\" >\n\t\t\t\t        <div class=\"ngg-gallery-thumbnail\">\n            <a href=\"http:\/\/www.karate-neuhofen.at\/wp-content\/gallery\/trainingslager-in-gnas-2013\/img_1892.jpg\"\n               title=\"\"\n               data-src=\"http:\/\/www.karate-neuhofen.at\/wp-content\/gallery\/trainingslager-in-gnas-2013\/img_1892.jpg\"\n               data-thumbnail=\"http:\/\/www.karate-neuhofen.at\/wp-content\/gallery\/trainingslager-in-gnas-2013\/thumbs\/thumbs_img_1892.jpg\"\n               data-image-id=\"2724\"\n               data-title=\"img_1892\"\n               data-description=\"\"\n               data-image-slug=\"img_1892\"\n               class=\"shutterset_ff47fd508f60c5ff8630e9e3ad1de006\">\n                <img\n                    title=\"img_1892\"\n                    alt=\"img_1892\"\n                    src=\"http:\/\/www.karate-neuhofen.at\/wp-content\/gallery\/trainingslager-in-gnas-2013\/thumbs\/thumbs_img_1892.jpg\"\n                    width=\"100\"\n                    height=\"66\"\n                    style=\"max-width:100%;\"\n                \/>\n            <\/a>\n        <\/div>\n\t\t\t\t\t\t\t<\/div> \n\t\t\t\n        \n\t\t\t\t<div id=\"ngg-image-135\" class=\"ngg-gallery-thumbnail-box\" >\n\t\t\t\t        <div class=\"ngg-gallery-thumbnail\">\n            <a href=\"http:\/\/www.karate-neuhofen.at\/wp-content\/gallery\/trainingslager-in-gnas-2013\/img_1893.jpg\"\n               title=\"\"\n               data-src=\"http:\/\/www.karate-neuhofen.at\/wp-content\/gallery\/trainingslager-in-gnas-2013\/img_1893.jpg\"\n               data-thumbnail=\"http:\/\/www.karate-neuhofen.at\/wp-content\/gallery\/trainingslager-in-gnas-2013\/thumbs\/thumbs_img_1893.jpg\"\n               data-image-id=\"2725\"\n               data-title=\"img_1893\"\n               data-description=\"\"\n               data-image-slug=\"img_1893\"\n               class=\"shutterset_ff47fd508f60c5ff8630e9e3ad1de006\">\n                <img\n                    title=\"img_1893\"\n                    alt=\"img_1893\"\n                    src=\"http:\/\/www.karate-neuhofen.at\/wp-content\/gallery\/trainingslager-in-gnas-2013\/thumbs\/thumbs_img_1893.jpg\"\n                    width=\"100\"\n                    height=\"66\"\n                    style=\"max-width:100%;\"\n                \/>\n            <\/a>\n        <\/div>\n\t\t\t\t\t\t\t<\/div> \n\t\t\t\n        \n\t\t\t\t<div id=\"ngg-image-136\" class=\"ngg-gallery-thumbnail-box\" >\n\t\t\t\t        <div class=\"ngg-gallery-thumbnail\">\n            <a href=\"http:\/\/www.karate-neuhofen.at\/wp-content\/gallery\/trainingslager-in-gnas-2013\/img_1894.jpg\"\n               title=\"\"\n               data-src=\"http:\/\/www.karate-neuhofen.at\/wp-content\/gallery\/trainingslager-in-gnas-2013\/img_1894.jpg\"\n               data-thumbnail=\"http:\/\/www.karate-neuhofen.at\/wp-content\/gallery\/trainingslager-in-gnas-2013\/thumbs\/thumbs_img_1894.jpg\"\n               data-image-id=\"2726\"\n               data-title=\"img_1894\"\n               data-description=\"\"\n               data-image-slug=\"img_1894\"\n               class=\"shutterset_ff47fd508f60c5ff8630e9e3ad1de006\">\n                <img\n                    title=\"img_1894\"\n                    alt=\"img_1894\"\n                    src=\"http:\/\/www.karate-neuhofen.at\/wp-content\/gallery\/trainingslager-in-gnas-2013\/thumbs\/thumbs_img_1894.jpg\"\n                    width=\"100\"\n                    height=\"66\"\n                    style=\"max-width:100%;\"\n                \/>\n            <\/a>\n        <\/div>\n\t\t\t\t\t\t\t<\/div> \n\t\t\t\n        \n\t\t\t\t<div id=\"ngg-image-137\" class=\"ngg-gallery-thumbnail-box\" >\n\t\t\t\t        <div class=\"ngg-gallery-thumbnail\">\n            <a href=\"http:\/\/www.karate-neuhofen.at\/wp-content\/gallery\/trainingslager-in-gnas-2013\/img_1896.jpg\"\n               title=\"\"\n               data-src=\"http:\/\/www.karate-neuhofen.at\/wp-content\/gallery\/trainingslager-in-gnas-2013\/img_1896.jpg\"\n               data-thumbnail=\"http:\/\/www.karate-neuhofen.at\/wp-content\/gallery\/trainingslager-in-gnas-2013\/thumbs\/thumbs_img_1896.jpg\"\n               data-image-id=\"2727\"\n               data-title=\"img_1896\"\n               data-description=\"\"\n               data-image-slug=\"img_1896\"\n               class=\"shutterset_ff47fd508f60c5ff8630e9e3ad1de006\">\n                <img\n                    title=\"img_1896\"\n                    alt=\"img_1896\"\n                    src=\"http:\/\/www.karate-neuhofen.at\/wp-content\/gallery\/trainingslager-in-gnas-2013\/thumbs\/thumbs_img_1896.jpg\"\n                    width=\"100\"\n                    height=\"66\"\n                    style=\"max-width:100%;\"\n                \/>\n            <\/a>\n        <\/div>\n\t\t\t\t\t\t\t<\/div> \n\t\t\t\n        \n\t\t\t\t<div id=\"ngg-image-138\" class=\"ngg-gallery-thumbnail-box\" >\n\t\t\t\t        <div class=\"ngg-gallery-thumbnail\">\n            <a href=\"http:\/\/www.karate-neuhofen.at\/wp-content\/gallery\/trainingslager-in-gnas-2013\/img_1897.jpg\"\n               title=\"\"\n               data-src=\"http:\/\/www.karate-neuhofen.at\/wp-content\/gallery\/trainingslager-in-gnas-2013\/img_1897.jpg\"\n               data-thumbnail=\"http:\/\/www.karate-neuhofen.at\/wp-content\/gallery\/trainingslager-in-gnas-2013\/thumbs\/thumbs_img_1897.jpg\"\n               data-image-id=\"2728\"\n               data-title=\"img_1897\"\n               data-description=\"\"\n               data-image-slug=\"img_1897\"\n               class=\"shutterset_ff47fd508f60c5ff8630e9e3ad1de006\">\n                <img\n                    title=\"img_1897\"\n                    alt=\"img_1897\"\n                    src=\"http:\/\/www.karate-neuhofen.at\/wp-content\/gallery\/trainingslager-in-gnas-2013\/thumbs\/thumbs_img_1897.jpg\"\n                    width=\"100\"\n                    height=\"66\"\n                    style=\"max-width:100%;\"\n                \/>\n            <\/a>\n        <\/div>\n\t\t\t\t\t\t\t<\/div> \n\t\t\t\n        \n\t\t\t\t<div id=\"ngg-image-139\" class=\"ngg-gallery-thumbnail-box\" >\n\t\t\t\t        <div class=\"ngg-gallery-thumbnail\">\n            <a href=\"http:\/\/www.karate-neuhofen.at\/wp-content\/gallery\/trainingslager-in-gnas-2013\/img_1898.jpg\"\n               title=\"\"\n               data-src=\"http:\/\/www.karate-neuhofen.at\/wp-content\/gallery\/trainingslager-in-gnas-2013\/img_1898.jpg\"\n               data-thumbnail=\"http:\/\/www.karate-neuhofen.at\/wp-content\/gallery\/trainingslager-in-gnas-2013\/thumbs\/thumbs_img_1898.jpg\"\n               data-image-id=\"2729\"\n               data-title=\"img_1898\"\n               data-description=\"\"\n               data-image-slug=\"img_1898\"\n               class=\"shutterset_ff47fd508f60c5ff8630e9e3ad1de006\">\n                <img\n                    title=\"img_1898\"\n                    alt=\"img_1898\"\n                    src=\"http:\/\/www.karate-neuhofen.at\/wp-content\/gallery\/trainingslager-in-gnas-2013\/thumbs\/thumbs_img_1898.jpg\"\n                    width=\"100\"\n                    height=\"66\"\n                    style=\"max-width:100%;\"\n                \/>\n            <\/a>\n        <\/div>\n\t\t\t\t\t\t\t<\/div> \n\t\t\t\n        \n\t\t\t\t<div id=\"ngg-image-140\" class=\"ngg-gallery-thumbnail-box\" >\n\t\t\t\t        <div class=\"ngg-gallery-thumbnail\">\n            <a href=\"http:\/\/www.karate-neuhofen.at\/wp-content\/gallery\/trainingslager-in-gnas-2013\/img_1900.jpg\"\n               title=\"\"\n               data-src=\"http:\/\/www.karate-neuhofen.at\/wp-content\/gallery\/trainingslager-in-gnas-2013\/img_1900.jpg\"\n               data-thumbnail=\"http:\/\/www.karate-neuhofen.at\/wp-content\/gallery\/trainingslager-in-gnas-2013\/thumbs\/thumbs_img_1900.jpg\"\n               data-image-id=\"2730\"\n               data-title=\"img_1900\"\n               data-description=\"\"\n               data-image-slug=\"img_1900\"\n               class=\"shutterset_ff47fd508f60c5ff8630e9e3ad1de006\">\n                <img\n                    title=\"img_1900\"\n                    alt=\"img_1900\"\n                    src=\"http:\/\/www.karate-neuhofen.at\/wp-content\/gallery\/trainingslager-in-gnas-2013\/thumbs\/thumbs_img_1900.jpg\"\n                    width=\"100\"\n                    height=\"66\"\n                    style=\"max-width:100%;\"\n                \/>\n            <\/a>\n        <\/div>\n\t\t\t\t\t\t\t<\/div> \n\t\t\t\n        \n\t\t\t\t<div id=\"ngg-image-141\" class=\"ngg-gallery-thumbnail-box\" >\n\t\t\t\t        <div class=\"ngg-gallery-thumbnail\">\n            <a href=\"http:\/\/www.karate-neuhofen.at\/wp-content\/gallery\/trainingslager-in-gnas-2013\/img_1901.jpg\"\n               title=\"\"\n               data-src=\"http:\/\/www.karate-neuhofen.at\/wp-content\/gallery\/trainingslager-in-gnas-2013\/img_1901.jpg\"\n               data-thumbnail=\"http:\/\/www.karate-neuhofen.at\/wp-content\/gallery\/trainingslager-in-gnas-2013\/thumbs\/thumbs_img_1901.jpg\"\n               data-image-id=\"2731\"\n               data-title=\"img_1901\"\n               data-description=\"\"\n               data-image-slug=\"img_1901\"\n               class=\"shutterset_ff47fd508f60c5ff8630e9e3ad1de006\">\n                <img\n                    title=\"img_1901\"\n                    alt=\"img_1901\"\n                    src=\"http:\/\/www.karate-neuhofen.at\/wp-content\/gallery\/trainingslager-in-gnas-2013\/thumbs\/thumbs_img_1901.jpg\"\n                    width=\"100\"\n                    height=\"66\"\n                    style=\"max-width:100%;\"\n                \/>\n            <\/a>\n        <\/div>\n\t\t\t\t\t\t\t<\/div> \n\t\t\t\n        \n\t\t\t\t<div id=\"ngg-image-142\" class=\"ngg-gallery-thumbnail-box\" >\n\t\t\t\t        <div class=\"ngg-gallery-thumbnail\">\n            <a href=\"http:\/\/www.karate-neuhofen.at\/wp-content\/gallery\/trainingslager-in-gnas-2013\/img_1902.jpg\"\n               title=\"\"\n               data-src=\"http:\/\/www.karate-neuhofen.at\/wp-content\/gallery\/trainingslager-in-gnas-2013\/img_1902.jpg\"\n               data-thumbnail=\"http:\/\/www.karate-neuhofen.at\/wp-content\/gallery\/trainingslager-in-gnas-2013\/thumbs\/thumbs_img_1902.jpg\"\n               data-image-id=\"2732\"\n               data-title=\"img_1902\"\n               data-description=\"\"\n               data-image-slug=\"img_1902\"\n               class=\"shutterset_ff47fd508f60c5ff8630e9e3ad1de006\">\n                <img\n                    title=\"img_1902\"\n                    alt=\"img_1902\"\n                    src=\"http:\/\/www.karate-neuhofen.at\/wp-content\/gallery\/trainingslager-in-gnas-2013\/thumbs\/thumbs_img_1902.jpg\"\n                    width=\"100\"\n                    height=\"66\"\n                    style=\"max-width:100%;\"\n                \/>\n            <\/a>\n        <\/div>\n\t\t\t\t\t\t\t<\/div> \n\t\t\t\n        \n\t\t\t\t<div id=\"ngg-image-143\" class=\"ngg-gallery-thumbnail-box\" >\n\t\t\t\t        <div class=\"ngg-gallery-thumbnail\">\n            <a href=\"http:\/\/www.karate-neuhofen.at\/wp-content\/gallery\/trainingslager-in-gnas-2013\/img_1904.jpg\"\n               title=\"\"\n               data-src=\"http:\/\/www.karate-neuhofen.at\/wp-content\/gallery\/trainingslager-in-gnas-2013\/img_1904.jpg\"\n               data-thumbnail=\"http:\/\/www.karate-neuhofen.at\/wp-content\/gallery\/trainingslager-in-gnas-2013\/thumbs\/thumbs_img_1904.jpg\"\n               data-image-id=\"2733\"\n               data-title=\"img_1904\"\n               data-description=\"\"\n               data-image-slug=\"img_1904\"\n               class=\"shutterset_ff47fd508f60c5ff8630e9e3ad1de006\">\n                <img\n                    title=\"img_1904\"\n                    alt=\"img_1904\"\n                    src=\"http:\/\/www.karate-neuhofen.at\/wp-content\/gallery\/trainingslager-in-gnas-2013\/thumbs\/thumbs_img_1904.jpg\"\n                    width=\"100\"\n                    height=\"66\"\n                    style=\"max-width:100%;\"\n                \/>\n            <\/a>\n        <\/div>\n\t\t\t\t\t\t\t<\/div> \n\t\t\t\n        \n\t\t\t\t<div id=\"ngg-image-144\" class=\"ngg-gallery-thumbnail-box\" >\n\t\t\t\t        <div class=\"ngg-gallery-thumbnail\">\n            <a href=\"http:\/\/www.karate-neuhofen.at\/wp-content\/gallery\/trainingslager-in-gnas-2013\/img_1906.jpg\"\n               title=\"\"\n               data-src=\"http:\/\/www.karate-neuhofen.at\/wp-content\/gallery\/trainingslager-in-gnas-2013\/img_1906.jpg\"\n               data-thumbnail=\"http:\/\/www.karate-neuhofen.at\/wp-content\/gallery\/trainingslager-in-gnas-2013\/thumbs\/thumbs_img_1906.jpg\"\n               data-image-id=\"2734\"\n               data-title=\"img_1906\"\n               data-description=\"\"\n               data-image-slug=\"img_1906\"\n               class=\"shutterset_ff47fd508f60c5ff8630e9e3ad1de006\">\n                <img\n                    title=\"img_1906\"\n                    alt=\"img_1906\"\n                    src=\"http:\/\/www.karate-neuhofen.at\/wp-content\/gallery\/trainingslager-in-gnas-2013\/thumbs\/thumbs_img_1906.jpg\"\n                    width=\"100\"\n                    height=\"66\"\n                    style=\"max-width:100%;\"\n                \/>\n            <\/a>\n        <\/div>\n\t\t\t\t\t\t\t<\/div> \n\t\t\t\n        \n\t\t\t\t<div id=\"ngg-image-145\" class=\"ngg-gallery-thumbnail-box\" >\n\t\t\t\t        <div class=\"ngg-gallery-thumbnail\">\n            <a href=\"http:\/\/www.karate-neuhofen.at\/wp-content\/gallery\/trainingslager-in-gnas-2013\/img_1907.jpg\"\n               title=\"\"\n               data-src=\"http:\/\/www.karate-neuhofen.at\/wp-content\/gallery\/trainingslager-in-gnas-2013\/img_1907.jpg\"\n               data-thumbnail=\"http:\/\/www.karate-neuhofen.at\/wp-content\/gallery\/trainingslager-in-gnas-2013\/thumbs\/thumbs_img_1907.jpg\"\n               data-image-id=\"2735\"\n               data-title=\"img_1907\"\n               data-description=\"\"\n               data-image-slug=\"img_1907\"\n               class=\"shutterset_ff47fd508f60c5ff8630e9e3ad1de006\">\n                <img\n                    title=\"img_1907\"\n                    alt=\"img_1907\"\n                    src=\"http:\/\/www.karate-neuhofen.at\/wp-content\/gallery\/trainingslager-in-gnas-2013\/thumbs\/thumbs_img_1907.jpg\"\n                    width=\"100\"\n                    height=\"66\"\n                    style=\"max-width:100%;\"\n                \/>\n            <\/a>\n        <\/div>\n\t\t\t\t\t\t\t<\/div> \n\t\t\t\n        \n\t\t\t\t<div id=\"ngg-image-146\" class=\"ngg-gallery-thumbnail-box\" >\n\t\t\t\t        <div class=\"ngg-gallery-thumbnail\">\n            <a href=\"http:\/\/www.karate-neuhofen.at\/wp-content\/gallery\/trainingslager-in-gnas-2013\/img_1908.jpg\"\n               title=\"\"\n               data-src=\"http:\/\/www.karate-neuhofen.at\/wp-content\/gallery\/trainingslager-in-gnas-2013\/img_1908.jpg\"\n               data-thumbnail=\"http:\/\/www.karate-neuhofen.at\/wp-content\/gallery\/trainingslager-in-gnas-2013\/thumbs\/thumbs_img_1908.jpg\"\n               data-image-id=\"2736\"\n               data-title=\"img_1908\"\n               data-description=\"\"\n               data-image-slug=\"img_1908\"\n               class=\"shutterset_ff47fd508f60c5ff8630e9e3ad1de006\">\n                <img\n                    title=\"img_1908\"\n                    alt=\"img_1908\"\n                    src=\"http:\/\/www.karate-neuhofen.at\/wp-content\/gallery\/trainingslager-in-gnas-2013\/thumbs\/thumbs_img_1908.jpg\"\n                    width=\"100\"\n                    height=\"66\"\n                    style=\"max-width:100%;\"\n                \/>\n            <\/a>\n        <\/div>\n\t\t\t\t\t\t\t<\/div> \n\t\t\t\n        \n\t\t\t\t<div id=\"ngg-image-147\" class=\"ngg-gallery-thumbnail-box\" >\n\t\t\t\t        <div class=\"ngg-gallery-thumbnail\">\n            <a href=\"http:\/\/www.karate-neuhofen.at\/wp-content\/gallery\/trainingslager-in-gnas-2013\/img_1910.jpg\"\n               title=\"\"\n               data-src=\"http:\/\/www.karate-neuhofen.at\/wp-content\/gallery\/trainingslager-in-gnas-2013\/img_1910.jpg\"\n               data-thumbnail=\"http:\/\/www.karate-neuhofen.at\/wp-content\/gallery\/trainingslager-in-gnas-2013\/thumbs\/thumbs_img_1910.jpg\"\n               data-image-id=\"2737\"\n               data-title=\"img_1910\"\n               data-description=\"\"\n               data-image-slug=\"img_1910\"\n               class=\"shutterset_ff47fd508f60c5ff8630e9e3ad1de006\">\n                <img\n                    title=\"img_1910\"\n                    alt=\"img_1910\"\n                    src=\"http:\/\/www.karate-neuhofen.at\/wp-content\/gallery\/trainingslager-in-gnas-2013\/thumbs\/thumbs_img_1910.jpg\"\n                    width=\"100\"\n                    height=\"66\"\n                    style=\"max-width:100%;\"\n                \/>\n            <\/a>\n        <\/div>\n\t\t\t\t\t\t\t<\/div> \n\t\t\t\n        \n\t\t\t\t<div id=\"ngg-image-148\" class=\"ngg-gallery-thumbnail-box\" >\n\t\t\t\t        <div class=\"ngg-gallery-thumbnail\">\n            <a href=\"http:\/\/www.karate-neuhofen.at\/wp-content\/gallery\/trainingslager-in-gnas-2013\/img_1911.jpg\"\n               title=\"\"\n               data-src=\"http:\/\/www.karate-neuhofen.at\/wp-content\/gallery\/trainingslager-in-gnas-2013\/img_1911.jpg\"\n               data-thumbnail=\"http:\/\/www.karate-neuhofen.at\/wp-content\/gallery\/trainingslager-in-gnas-2013\/thumbs\/thumbs_img_1911.jpg\"\n               data-image-id=\"2738\"\n               data-title=\"img_1911\"\n               data-description=\"\"\n               data-image-slug=\"img_1911\"\n               class=\"shutterset_ff47fd508f60c5ff8630e9e3ad1de006\">\n                <img\n                    title=\"img_1911\"\n                    alt=\"img_1911\"\n                    src=\"http:\/\/www.karate-neuhofen.at\/wp-content\/gallery\/trainingslager-in-gnas-2013\/thumbs\/thumbs_img_1911.jpg\"\n                    width=\"100\"\n                    height=\"66\"\n                    style=\"max-width:100%;\"\n                \/>\n            <\/a>\n        <\/div>\n\t\t\t\t\t\t\t<\/div> \n\t\t\t\n        \n\t\t\t\t<div id=\"ngg-image-149\" class=\"ngg-gallery-thumbnail-box\" >\n\t\t\t\t        <div class=\"ngg-gallery-thumbnail\">\n            <a href=\"http:\/\/www.karate-neuhofen.at\/wp-content\/gallery\/trainingslager-in-gnas-2013\/img_1914.jpg\"\n               title=\"\"\n               data-src=\"http:\/\/www.karate-neuhofen.at\/wp-content\/gallery\/trainingslager-in-gnas-2013\/img_1914.jpg\"\n               data-thumbnail=\"http:\/\/www.karate-neuhofen.at\/wp-content\/gallery\/trainingslager-in-gnas-2013\/thumbs\/thumbs_img_1914.jpg\"\n               data-image-id=\"2739\"\n               data-title=\"img_1914\"\n               data-description=\"\"\n               data-image-slug=\"img_1914\"\n               class=\"shutterset_ff47fd508f60c5ff8630e9e3ad1de006\">\n                <img\n                    title=\"img_1914\"\n                    alt=\"img_1914\"\n                    src=\"http:\/\/www.karate-neuhofen.at\/wp-content\/gallery\/trainingslager-in-gnas-2013\/thumbs\/thumbs_img_1914.jpg\"\n                    width=\"100\"\n                    height=\"66\"\n                    style=\"max-width:100%;\"\n                \/>\n            <\/a>\n        <\/div>\n\t\t\t\t\t\t\t<\/div> \n\t\t\t\n        \n\t\t\t\t<div id=\"ngg-image-150\" class=\"ngg-gallery-thumbnail-box\" >\n\t\t\t\t        <div class=\"ngg-gallery-thumbnail\">\n            <a href=\"http:\/\/www.karate-neuhofen.at\/wp-content\/gallery\/trainingslager-in-gnas-2013\/img_1916.jpg\"\n               title=\"\"\n               data-src=\"http:\/\/www.karate-neuhofen.at\/wp-content\/gallery\/trainingslager-in-gnas-2013\/img_1916.jpg\"\n               data-thumbnail=\"http:\/\/www.karate-neuhofen.at\/wp-content\/gallery\/trainingslager-in-gnas-2013\/thumbs\/thumbs_img_1916.jpg\"\n               data-image-id=\"2740\"\n               data-title=\"img_1916\"\n               data-description=\"\"\n               data-image-slug=\"img_1916\"\n               class=\"shutterset_ff47fd508f60c5ff8630e9e3ad1de006\">\n                <img\n                    title=\"img_1916\"\n                    alt=\"img_1916\"\n                    src=\"http:\/\/www.karate-neuhofen.at\/wp-content\/gallery\/trainingslager-in-gnas-2013\/thumbs\/thumbs_img_1916.jpg\"\n                    width=\"100\"\n                    height=\"66\"\n                    style=\"max-width:100%;\"\n                \/>\n            <\/a>\n        <\/div>\n\t\t\t\t\t\t\t<\/div> \n\t\t\t\n        \n\t\t\t\t<div id=\"ngg-image-151\" class=\"ngg-gallery-thumbnail-box\" >\n\t\t\t\t        <div class=\"ngg-gallery-thumbnail\">\n            <a href=\"http:\/\/www.karate-neuhofen.at\/wp-content\/gallery\/trainingslager-in-gnas-2013\/img_1918.jpg\"\n               title=\"\"\n               data-src=\"http:\/\/www.karate-neuhofen.at\/wp-content\/gallery\/trainingslager-in-gnas-2013\/img_1918.jpg\"\n               data-thumbnail=\"http:\/\/www.karate-neuhofen.at\/wp-content\/gallery\/trainingslager-in-gnas-2013\/thumbs\/thumbs_img_1918.jpg\"\n               data-image-id=\"2741\"\n               data-title=\"img_1918\"\n               data-description=\"\"\n               data-image-slug=\"img_1918\"\n               class=\"shutterset_ff47fd508f60c5ff8630e9e3ad1de006\">\n                <img\n                    title=\"img_1918\"\n                    alt=\"img_1918\"\n                    src=\"http:\/\/www.karate-neuhofen.at\/wp-content\/gallery\/trainingslager-in-gnas-2013\/thumbs\/thumbs_img_1918.jpg\"\n                    width=\"100\"\n                    height=\"66\"\n                    style=\"max-width:100%;\"\n                \/>\n            <\/a>\n        <\/div>\n\t\t\t\t\t\t\t<\/div> \n\t\t\t\n        \n\t\t\t\t<div id=\"ngg-image-152\" class=\"ngg-gallery-thumbnail-box\" >\n\t\t\t\t        <div class=\"ngg-gallery-thumbnail\">\n            <a href=\"http:\/\/www.karate-neuhofen.at\/wp-content\/gallery\/trainingslager-in-gnas-2013\/img_1919.jpg\"\n               title=\"\"\n               data-src=\"http:\/\/www.karate-neuhofen.at\/wp-content\/gallery\/trainingslager-in-gnas-2013\/img_1919.jpg\"\n               data-thumbnail=\"http:\/\/www.karate-neuhofen.at\/wp-content\/gallery\/trainingslager-in-gnas-2013\/thumbs\/thumbs_img_1919.jpg\"\n               data-image-id=\"2742\"\n               data-title=\"img_1919\"\n               data-description=\"\"\n               data-image-slug=\"img_1919\"\n               class=\"shutterset_ff47fd508f60c5ff8630e9e3ad1de006\">\n                <img\n                    title=\"img_1919\"\n                    alt=\"img_1919\"\n                    src=\"http:\/\/www.karate-neuhofen.at\/wp-content\/gallery\/trainingslager-in-gnas-2013\/thumbs\/thumbs_img_1919.jpg\"\n                    width=\"100\"\n                    height=\"66\"\n                    style=\"max-width:100%;\"\n                \/>\n            <\/a>\n        <\/div>\n\t\t\t\t\t\t\t<\/div> \n\t\t\t\n        \n\t\t\t\t<div id=\"ngg-image-153\" class=\"ngg-gallery-thumbnail-box\" >\n\t\t\t\t        <div class=\"ngg-gallery-thumbnail\">\n            <a href=\"http:\/\/www.karate-neuhofen.at\/wp-content\/gallery\/trainingslager-in-gnas-2013\/img_1921.jpg\"\n               title=\"\"\n               data-src=\"http:\/\/www.karate-neuhofen.at\/wp-content\/gallery\/trainingslager-in-gnas-2013\/img_1921.jpg\"\n               data-thumbnail=\"http:\/\/www.karate-neuhofen.at\/wp-content\/gallery\/trainingslager-in-gnas-2013\/thumbs\/thumbs_img_1921.jpg\"\n               data-image-id=\"2743\"\n               data-title=\"img_1921\"\n               data-description=\"\"\n               data-image-slug=\"img_1921\"\n               class=\"shutterset_ff47fd508f60c5ff8630e9e3ad1de006\">\n                <img\n                    title=\"img_1921\"\n                    alt=\"img_1921\"\n                    src=\"http:\/\/www.karate-neuhofen.at\/wp-content\/gallery\/trainingslager-in-gnas-2013\/thumbs\/thumbs_img_1921.jpg\"\n                    width=\"100\"\n                    height=\"66\"\n                    style=\"max-width:100%;\"\n                \/>\n            <\/a>\n        <\/div>\n\t\t\t\t\t\t\t<\/div> \n\t\t\t\n        \n\t\t\t\t<div id=\"ngg-image-154\" class=\"ngg-gallery-thumbnail-box\" >\n\t\t\t\t        <div class=\"ngg-gallery-thumbnail\">\n            <a href=\"http:\/\/www.karate-neuhofen.at\/wp-content\/gallery\/trainingslager-in-gnas-2013\/img_1922.jpg\"\n               title=\"\"\n               data-src=\"http:\/\/www.karate-neuhofen.at\/wp-content\/gallery\/trainingslager-in-gnas-2013\/img_1922.jpg\"\n               data-thumbnail=\"http:\/\/www.karate-neuhofen.at\/wp-content\/gallery\/trainingslager-in-gnas-2013\/thumbs\/thumbs_img_1922.jpg\"\n               data-image-id=\"2744\"\n               data-title=\"img_1922\"\n               data-description=\"\"\n               data-image-slug=\"img_1922\"\n               class=\"shutterset_ff47fd508f60c5ff8630e9e3ad1de006\">\n                <img\n                    title=\"img_1922\"\n                    alt=\"img_1922\"\n                    src=\"http:\/\/www.karate-neuhofen.at\/wp-content\/gallery\/trainingslager-in-gnas-2013\/thumbs\/thumbs_img_1922.jpg\"\n                    width=\"100\"\n                    height=\"66\"\n                    style=\"max-width:100%;\"\n                \/>\n            <\/a>\n        <\/div>\n\t\t\t\t\t\t\t<\/div> \n\t\t\t\n        \n\t\t\t\t<div id=\"ngg-image-155\" class=\"ngg-gallery-thumbnail-box\" >\n\t\t\t\t        <div class=\"ngg-gallery-thumbnail\">\n            <a href=\"http:\/\/www.karate-neuhofen.at\/wp-content\/gallery\/trainingslager-in-gnas-2013\/img_1923.jpg\"\n               title=\"\"\n               data-src=\"http:\/\/www.karate-neuhofen.at\/wp-content\/gallery\/trainingslager-in-gnas-2013\/img_1923.jpg\"\n               data-thumbnail=\"http:\/\/www.karate-neuhofen.at\/wp-content\/gallery\/trainingslager-in-gnas-2013\/thumbs\/thumbs_img_1923.jpg\"\n               data-image-id=\"2745\"\n               data-title=\"img_1923\"\n               data-description=\"\"\n               data-image-slug=\"img_1923\"\n               class=\"shutterset_ff47fd508f60c5ff8630e9e3ad1de006\">\n                <img\n                    title=\"img_1923\"\n                    alt=\"img_1923\"\n                    src=\"http:\/\/www.karate-neuhofen.at\/wp-content\/gallery\/trainingslager-in-gnas-2013\/thumbs\/thumbs_img_1923.jpg\"\n                    width=\"100\"\n                    height=\"66\"\n                    style=\"max-width:100%;\"\n                \/>\n            <\/a>\n        <\/div>\n\t\t\t\t\t\t\t<\/div> \n\t\t\t\n        \n\t\t\t\t<div id=\"ngg-image-156\" class=\"ngg-gallery-thumbnail-box\" >\n\t\t\t\t        <div class=\"ngg-gallery-thumbnail\">\n            <a href=\"http:\/\/www.karate-neuhofen.at\/wp-content\/gallery\/trainingslager-in-gnas-2013\/img_1925.jpg\"\n               title=\"\"\n               data-src=\"http:\/\/www.karate-neuhofen.at\/wp-content\/gallery\/trainingslager-in-gnas-2013\/img_1925.jpg\"\n               data-thumbnail=\"http:\/\/www.karate-neuhofen.at\/wp-content\/gallery\/trainingslager-in-gnas-2013\/thumbs\/thumbs_img_1925.jpg\"\n               data-image-id=\"2746\"\n               data-title=\"img_1925\"\n               data-description=\"\"\n               data-image-slug=\"img_1925\"\n               class=\"shutterset_ff47fd508f60c5ff8630e9e3ad1de006\">\n                <img\n                    title=\"img_1925\"\n                    alt=\"img_1925\"\n                    src=\"http:\/\/www.karate-neuhofen.at\/wp-content\/gallery\/trainingslager-in-gnas-2013\/thumbs\/thumbs_img_1925.jpg\"\n                    width=\"100\"\n                    height=\"66\"\n                    style=\"max-width:100%;\"\n                \/>\n            <\/a>\n        <\/div>\n\t\t\t\t\t\t\t<\/div> \n\t\t\t\n        \n\t\t\t\t<div id=\"ngg-image-157\" class=\"ngg-gallery-thumbnail-box\" >\n\t\t\t\t        <div class=\"ngg-gallery-thumbnail\">\n            <a href=\"http:\/\/www.karate-neuhofen.at\/wp-content\/gallery\/trainingslager-in-gnas-2013\/img_1926.jpg\"\n               title=\"\"\n               data-src=\"http:\/\/www.karate-neuhofen.at\/wp-content\/gallery\/trainingslager-in-gnas-2013\/img_1926.jpg\"\n               data-thumbnail=\"http:\/\/www.karate-neuhofen.at\/wp-content\/gallery\/trainingslager-in-gnas-2013\/thumbs\/thumbs_img_1926.jpg\"\n               data-image-id=\"2747\"\n               data-title=\"img_1926\"\n               data-description=\"\"\n               data-image-slug=\"img_1926\"\n               class=\"shutterset_ff47fd508f60c5ff8630e9e3ad1de006\">\n                <img\n                    title=\"img_1926\"\n                    alt=\"img_1926\"\n                    src=\"http:\/\/www.karate-neuhofen.at\/wp-content\/gallery\/trainingslager-in-gnas-2013\/thumbs\/thumbs_img_1926.jpg\"\n                    width=\"50\"\n                    height=\"75\"\n                    style=\"max-width:100%;\"\n                \/>\n            <\/a>\n        <\/div>\n\t\t\t\t\t\t\t<\/div> \n\t\t\t\n        \n\t\t\t\t<div id=\"ngg-image-158\" class=\"ngg-gallery-thumbnail-box\" >\n\t\t\t\t        <div class=\"ngg-gallery-thumbnail\">\n            <a href=\"http:\/\/www.karate-neuhofen.at\/wp-content\/gallery\/trainingslager-in-gnas-2013\/img_1928.jpg\"\n               title=\"\"\n               data-src=\"http:\/\/www.karate-neuhofen.at\/wp-content\/gallery\/trainingslager-in-gnas-2013\/img_1928.jpg\"\n               data-thumbnail=\"http:\/\/www.karate-neuhofen.at\/wp-content\/gallery\/trainingslager-in-gnas-2013\/thumbs\/thumbs_img_1928.jpg\"\n               data-image-id=\"2748\"\n               data-title=\"img_1928\"\n               data-description=\"\"\n               data-image-slug=\"img_1928\"\n               class=\"shutterset_ff47fd508f60c5ff8630e9e3ad1de006\">\n                <img\n                    title=\"img_1928\"\n                    alt=\"img_1928\"\n                    src=\"http:\/\/www.karate-neuhofen.at\/wp-content\/gallery\/trainingslager-in-gnas-2013\/thumbs\/thumbs_img_1928.jpg\"\n                    width=\"100\"\n                    height=\"66\"\n                    style=\"max-width:100%;\"\n                \/>\n            <\/a>\n        <\/div>\n\t\t\t\t\t\t\t<\/div> \n\t\t\t\n        \n\t\t\t\t<div id=\"ngg-image-159\" class=\"ngg-gallery-thumbnail-box\" >\n\t\t\t\t        <div class=\"ngg-gallery-thumbnail\">\n            <a href=\"http:\/\/www.karate-neuhofen.at\/wp-content\/gallery\/trainingslager-in-gnas-2013\/img_1929.jpg\"\n               title=\"\"\n               data-src=\"http:\/\/www.karate-neuhofen.at\/wp-content\/gallery\/trainingslager-in-gnas-2013\/img_1929.jpg\"\n               data-thumbnail=\"http:\/\/www.karate-neuhofen.at\/wp-content\/gallery\/trainingslager-in-gnas-2013\/thumbs\/thumbs_img_1929.jpg\"\n               data-image-id=\"2749\"\n               data-title=\"img_1929\"\n               data-description=\"\"\n               data-image-slug=\"img_1929\"\n               class=\"shutterset_ff47fd508f60c5ff8630e9e3ad1de006\">\n                <img\n                    title=\"img_1929\"\n                    alt=\"img_1929\"\n                    src=\"http:\/\/www.karate-neuhofen.at\/wp-content\/gallery\/trainingslager-in-gnas-2013\/thumbs\/thumbs_img_1929.jpg\"\n                    width=\"100\"\n                    height=\"66\"\n                    style=\"max-width:100%;\"\n                \/>\n            <\/a>\n        <\/div>\n\t\t\t\t\t\t\t<\/div> \n\t\t\t\n        \n\t\t\t\t<div id=\"ngg-image-160\" class=\"ngg-gallery-thumbnail-box\" >\n\t\t\t\t        <div class=\"ngg-gallery-thumbnail\">\n            <a href=\"http:\/\/www.karate-neuhofen.at\/wp-content\/gallery\/trainingslager-in-gnas-2013\/img_1930.jpg\"\n               title=\"\"\n               data-src=\"http:\/\/www.karate-neuhofen.at\/wp-content\/gallery\/trainingslager-in-gnas-2013\/img_1930.jpg\"\n               data-thumbnail=\"http:\/\/www.karate-neuhofen.at\/wp-content\/gallery\/trainingslager-in-gnas-2013\/thumbs\/thumbs_img_1930.jpg\"\n               data-image-id=\"2750\"\n               data-title=\"img_1930\"\n               data-description=\"\"\n               data-image-slug=\"img_1930\"\n               class=\"shutterset_ff47fd508f60c5ff8630e9e3ad1de006\">\n                <img\n                    title=\"img_1930\"\n                    alt=\"img_1930\"\n                    src=\"http:\/\/www.karate-neuhofen.at\/wp-content\/gallery\/trainingslager-in-gnas-2013\/thumbs\/thumbs_img_1930.jpg\"\n                    width=\"100\"\n                    height=\"66\"\n                    style=\"max-width:100%;\"\n                \/>\n            <\/a>\n        <\/div>\n\t\t\t\t\t\t\t<\/div> \n\t\t\t\n        \n\t\t\t\t<div id=\"ngg-image-161\" class=\"ngg-gallery-thumbnail-box\" >\n\t\t\t\t        <div class=\"ngg-gallery-thumbnail\">\n            <a href=\"http:\/\/www.karate-neuhofen.at\/wp-content\/gallery\/trainingslager-in-gnas-2013\/img_1931.jpg\"\n               title=\"\"\n               data-src=\"http:\/\/www.karate-neuhofen.at\/wp-content\/gallery\/trainingslager-in-gnas-2013\/img_1931.jpg\"\n               data-thumbnail=\"http:\/\/www.karate-neuhofen.at\/wp-content\/gallery\/trainingslager-in-gnas-2013\/thumbs\/thumbs_img_1931.jpg\"\n               data-image-id=\"2751\"\n               data-title=\"img_1931\"\n               data-description=\"\"\n               data-image-slug=\"img_1931\"\n               class=\"shutterset_ff47fd508f60c5ff8630e9e3ad1de006\">\n                <img\n                    title=\"img_1931\"\n                    alt=\"img_1931\"\n                    src=\"http:\/\/www.karate-neuhofen.at\/wp-content\/gallery\/trainingslager-in-gnas-2013\/thumbs\/thumbs_img_1931.jpg\"\n                    width=\"100\"\n                    height=\"66\"\n                    style=\"max-width:100%;\"\n                \/>\n            <\/a>\n        <\/div>\n\t\t\t\t\t\t\t<\/div> \n\t\t\t\n        \n\t\t\t\t<div id=\"ngg-image-162\" class=\"ngg-gallery-thumbnail-box\" >\n\t\t\t\t        <div class=\"ngg-gallery-thumbnail\">\n            <a href=\"http:\/\/www.karate-neuhofen.at\/wp-content\/gallery\/trainingslager-in-gnas-2013\/img_1932.jpg\"\n               title=\"\"\n               data-src=\"http:\/\/www.karate-neuhofen.at\/wp-content\/gallery\/trainingslager-in-gnas-2013\/img_1932.jpg\"\n               data-thumbnail=\"http:\/\/www.karate-neuhofen.at\/wp-content\/gallery\/trainingslager-in-gnas-2013\/thumbs\/thumbs_img_1932.jpg\"\n               data-image-id=\"2752\"\n               data-title=\"img_1932\"\n               data-description=\"\"\n               data-image-slug=\"img_1932\"\n               class=\"shutterset_ff47fd508f60c5ff8630e9e3ad1de006\">\n                <img\n                    title=\"img_1932\"\n                    alt=\"img_1932\"\n                    src=\"http:\/\/www.karate-neuhofen.at\/wp-content\/gallery\/trainingslager-in-gnas-2013\/thumbs\/thumbs_img_1932.jpg\"\n                    width=\"100\"\n                    height=\"66\"\n                    style=\"max-width:100%;\"\n                \/>\n            <\/a>\n        <\/div>\n\t\t\t\t\t\t\t<\/div> \n\t\t\t\n        \n\t\t\t\t<div id=\"ngg-image-163\" class=\"ngg-gallery-thumbnail-box\" >\n\t\t\t\t        <div class=\"ngg-gallery-thumbnail\">\n            <a href=\"http:\/\/www.karate-neuhofen.at\/wp-content\/gallery\/trainingslager-in-gnas-2013\/img_1933.jpg\"\n               title=\"\"\n               data-src=\"http:\/\/www.karate-neuhofen.at\/wp-content\/gallery\/trainingslager-in-gnas-2013\/img_1933.jpg\"\n               data-thumbnail=\"http:\/\/www.karate-neuhofen.at\/wp-content\/gallery\/trainingslager-in-gnas-2013\/thumbs\/thumbs_img_1933.jpg\"\n               data-image-id=\"2753\"\n               data-title=\"img_1933\"\n               data-description=\"\"\n               data-image-slug=\"img_1933\"\n               class=\"shutterset_ff47fd508f60c5ff8630e9e3ad1de006\">\n                <img\n                    title=\"img_1933\"\n                    alt=\"img_1933\"\n                    src=\"http:\/\/www.karate-neuhofen.at\/wp-content\/gallery\/trainingslager-in-gnas-2013\/thumbs\/thumbs_img_1933.jpg\"\n                    width=\"50\"\n                    height=\"75\"\n                    style=\"max-width:100%;\"\n                \/>\n            <\/a>\n        <\/div>\n\t\t\t\t\t\t\t<\/div> \n\t\t\t\n        \n\t\t\t\t<div id=\"ngg-image-164\" class=\"ngg-gallery-thumbnail-box\" >\n\t\t\t\t        <div class=\"ngg-gallery-thumbnail\">\n            <a href=\"http:\/\/www.karate-neuhofen.at\/wp-content\/gallery\/trainingslager-in-gnas-2013\/img_1934.jpg\"\n               title=\"\"\n               data-src=\"http:\/\/www.karate-neuhofen.at\/wp-content\/gallery\/trainingslager-in-gnas-2013\/img_1934.jpg\"\n               data-thumbnail=\"http:\/\/www.karate-neuhofen.at\/wp-content\/gallery\/trainingslager-in-gnas-2013\/thumbs\/thumbs_img_1934.jpg\"\n               data-image-id=\"2754\"\n               data-title=\"img_1934\"\n               data-description=\"\"\n               data-image-slug=\"img_1934\"\n               class=\"shutterset_ff47fd508f60c5ff8630e9e3ad1de006\">\n                <img\n                    title=\"img_1934\"\n                    alt=\"img_1934\"\n                    src=\"http:\/\/www.karate-neuhofen.at\/wp-content\/gallery\/trainingslager-in-gnas-2013\/thumbs\/thumbs_img_1934.jpg\"\n                    width=\"50\"\n                    height=\"75\"\n                    style=\"max-width:100%;\"\n                \/>\n            <\/a>\n        <\/div>\n\t\t\t\t\t\t\t<\/div> \n\t\t\t\n        \n\t\t\t\t<div id=\"ngg-image-165\" class=\"ngg-gallery-thumbnail-box\" >\n\t\t\t\t        <div class=\"ngg-gallery-thumbnail\">\n            <a href=\"http:\/\/www.karate-neuhofen.at\/wp-content\/gallery\/trainingslager-in-gnas-2013\/img_1935.jpg\"\n               title=\"\"\n               data-src=\"http:\/\/www.karate-neuhofen.at\/wp-content\/gallery\/trainingslager-in-gnas-2013\/img_1935.jpg\"\n               data-thumbnail=\"http:\/\/www.karate-neuhofen.at\/wp-content\/gallery\/trainingslager-in-gnas-2013\/thumbs\/thumbs_img_1935.jpg\"\n               data-image-id=\"2755\"\n               data-title=\"img_1935\"\n               data-description=\"\"\n               data-image-slug=\"img_1935\"\n               class=\"shutterset_ff47fd508f60c5ff8630e9e3ad1de006\">\n                <img\n                    title=\"img_1935\"\n                    alt=\"img_1935\"\n                    src=\"http:\/\/www.karate-neuhofen.at\/wp-content\/gallery\/trainingslager-in-gnas-2013\/thumbs\/thumbs_img_1935.jpg\"\n                    width=\"100\"\n                    height=\"66\"\n                    style=\"max-width:100%;\"\n                \/>\n            <\/a>\n        <\/div>\n\t\t\t\t\t\t\t<\/div> \n\t\t\t\n        \n\t\t\t\t<div id=\"ngg-image-166\" class=\"ngg-gallery-thumbnail-box\" >\n\t\t\t\t        <div class=\"ngg-gallery-thumbnail\">\n            <a href=\"http:\/\/www.karate-neuhofen.at\/wp-content\/gallery\/trainingslager-in-gnas-2013\/img_1936.jpg\"\n               title=\"\"\n               data-src=\"http:\/\/www.karate-neuhofen.at\/wp-content\/gallery\/trainingslager-in-gnas-2013\/img_1936.jpg\"\n               data-thumbnail=\"http:\/\/www.karate-neuhofen.at\/wp-content\/gallery\/trainingslager-in-gnas-2013\/thumbs\/thumbs_img_1936.jpg\"\n               data-image-id=\"2756\"\n               data-title=\"img_1936\"\n               data-description=\"\"\n               data-image-slug=\"img_1936\"\n               class=\"shutterset_ff47fd508f60c5ff8630e9e3ad1de006\">\n                <img\n                    title=\"img_1936\"\n                    alt=\"img_1936\"\n                    src=\"http:\/\/www.karate-neuhofen.at\/wp-content\/gallery\/trainingslager-in-gnas-2013\/thumbs\/thumbs_img_1936.jpg\"\n                    width=\"100\"\n                    height=\"66\"\n                    style=\"max-width:100%;\"\n                \/>\n            <\/a>\n        <\/div>\n\t\t\t\t\t\t\t<\/div> \n\t\t\t\n        \n\t\t\t\t<div id=\"ngg-image-167\" class=\"ngg-gallery-thumbnail-box\" >\n\t\t\t\t        <div class=\"ngg-gallery-thumbnail\">\n            <a href=\"http:\/\/www.karate-neuhofen.at\/wp-content\/gallery\/trainingslager-in-gnas-2013\/img_1937.jpg\"\n               title=\"\"\n               data-src=\"http:\/\/www.karate-neuhofen.at\/wp-content\/gallery\/trainingslager-in-gnas-2013\/img_1937.jpg\"\n               data-thumbnail=\"http:\/\/www.karate-neuhofen.at\/wp-content\/gallery\/trainingslager-in-gnas-2013\/thumbs\/thumbs_img_1937.jpg\"\n               data-image-id=\"2757\"\n               data-title=\"img_1937\"\n               data-description=\"\"\n               data-image-slug=\"img_1937\"\n               class=\"shutterset_ff47fd508f60c5ff8630e9e3ad1de006\">\n                <img\n                    title=\"img_1937\"\n                    alt=\"img_1937\"\n                    src=\"http:\/\/www.karate-neuhofen.at\/wp-content\/gallery\/trainingslager-in-gnas-2013\/thumbs\/thumbs_img_1937.jpg\"\n                    width=\"100\"\n                    height=\"66\"\n                    style=\"max-width:100%;\"\n                \/>\n            <\/a>\n        <\/div>\n\t\t\t\t\t\t\t<\/div> \n\t\t\t\n        \n\t\t\t\t<div id=\"ngg-image-168\" class=\"ngg-gallery-thumbnail-box\" >\n\t\t\t\t        <div class=\"ngg-gallery-thumbnail\">\n            <a href=\"http:\/\/www.karate-neuhofen.at\/wp-content\/gallery\/trainingslager-in-gnas-2013\/img_1939.jpg\"\n               title=\"\"\n               data-src=\"http:\/\/www.karate-neuhofen.at\/wp-content\/gallery\/trainingslager-in-gnas-2013\/img_1939.jpg\"\n               data-thumbnail=\"http:\/\/www.karate-neuhofen.at\/wp-content\/gallery\/trainingslager-in-gnas-2013\/thumbs\/thumbs_img_1939.jpg\"\n               data-image-id=\"2758\"\n               data-title=\"img_1939\"\n               data-description=\"\"\n               data-image-slug=\"img_1939\"\n               class=\"shutterset_ff47fd508f60c5ff8630e9e3ad1de006\">\n                <img\n                    title=\"img_1939\"\n                    alt=\"img_1939\"\n                    src=\"http:\/\/www.karate-neuhofen.at\/wp-content\/gallery\/trainingslager-in-gnas-2013\/thumbs\/thumbs_img_1939.jpg\"\n                    width=\"100\"\n                    height=\"66\"\n                    style=\"max-width:100%;\"\n                \/>\n            <\/a>\n        <\/div>\n\t\t\t\t\t\t\t<\/div> \n\t\t\t\n        \n\t\t\t\t<div id=\"ngg-image-169\" class=\"ngg-gallery-thumbnail-box\" >\n\t\t\t\t        <div class=\"ngg-gallery-thumbnail\">\n            <a href=\"http:\/\/www.karate-neuhofen.at\/wp-content\/gallery\/trainingslager-in-gnas-2013\/img_1940.jpg\"\n               title=\"\"\n               data-src=\"http:\/\/www.karate-neuhofen.at\/wp-content\/gallery\/trainingslager-in-gnas-2013\/img_1940.jpg\"\n               data-thumbnail=\"http:\/\/www.karate-neuhofen.at\/wp-content\/gallery\/trainingslager-in-gnas-2013\/thumbs\/thumbs_img_1940.jpg\"\n               data-image-id=\"2759\"\n               data-title=\"img_1940\"\n               data-description=\"\"\n               data-image-slug=\"img_1940\"\n               class=\"shutterset_ff47fd508f60c5ff8630e9e3ad1de006\">\n                <img\n                    title=\"img_1940\"\n                    alt=\"img_1940\"\n                    src=\"http:\/\/www.karate-neuhofen.at\/wp-content\/gallery\/trainingslager-in-gnas-2013\/thumbs\/thumbs_img_1940.jpg\"\n                    width=\"100\"\n                    height=\"66\"\n                    style=\"max-width:100%;\"\n                \/>\n            <\/a>\n        <\/div>\n\t\t\t\t\t\t\t<\/div> \n\t\t\t\n        \n\t\t\t\t<div id=\"ngg-image-170\" class=\"ngg-gallery-thumbnail-box\" >\n\t\t\t\t        <div class=\"ngg-gallery-thumbnail\">\n            <a href=\"http:\/\/www.karate-neuhofen.at\/wp-content\/gallery\/trainingslager-in-gnas-2013\/img_1941.jpg\"\n               title=\"\"\n               data-src=\"http:\/\/www.karate-neuhofen.at\/wp-content\/gallery\/trainingslager-in-gnas-2013\/img_1941.jpg\"\n               data-thumbnail=\"http:\/\/www.karate-neuhofen.at\/wp-content\/gallery\/trainingslager-in-gnas-2013\/thumbs\/thumbs_img_1941.jpg\"\n               data-image-id=\"2760\"\n               data-title=\"img_1941\"\n               data-description=\"\"\n               data-image-slug=\"img_1941\"\n               class=\"shutterset_ff47fd508f60c5ff8630e9e3ad1de006\">\n                <img\n                    title=\"img_1941\"\n                    alt=\"img_1941\"\n                    src=\"http:\/\/www.karate-neuhofen.at\/wp-content\/gallery\/trainingslager-in-gnas-2013\/thumbs\/thumbs_img_1941.jpg\"\n                    width=\"100\"\n                    height=\"66\"\n                    style=\"max-width:100%;\"\n                \/>\n            <\/a>\n        <\/div>\n\t\t\t\t\t\t\t<\/div> \n\t\t\t\n        \n\t\t\t\t<div id=\"ngg-image-171\" class=\"ngg-gallery-thumbnail-box\" >\n\t\t\t\t        <div class=\"ngg-gallery-thumbnail\">\n            <a href=\"http:\/\/www.karate-neuhofen.at\/wp-content\/gallery\/trainingslager-in-gnas-2013\/img_1942.jpg\"\n               title=\"\"\n               data-src=\"http:\/\/www.karate-neuhofen.at\/wp-content\/gallery\/trainingslager-in-gnas-2013\/img_1942.jpg\"\n               data-thumbnail=\"http:\/\/www.karate-neuhofen.at\/wp-content\/gallery\/trainingslager-in-gnas-2013\/thumbs\/thumbs_img_1942.jpg\"\n               data-image-id=\"2761\"\n               data-title=\"img_1942\"\n               data-description=\"\"\n               data-image-slug=\"img_1942\"\n               class=\"shutterset_ff47fd508f60c5ff8630e9e3ad1de006\">\n                <img\n                    title=\"img_1942\"\n                    alt=\"img_1942\"\n                    src=\"http:\/\/www.karate-neuhofen.at\/wp-content\/gallery\/trainingslager-in-gnas-2013\/thumbs\/thumbs_img_1942.jpg\"\n                    width=\"100\"\n                    height=\"66\"\n                    style=\"max-width:100%;\"\n                \/>\n            <\/a>\n        <\/div>\n\t\t\t\t\t\t\t<\/div> \n\t\t\t\n        \n\t\t\t\t<div id=\"ngg-image-172\" class=\"ngg-gallery-thumbnail-box\" >\n\t\t\t\t        <div class=\"ngg-gallery-thumbnail\">\n            <a href=\"http:\/\/www.karate-neuhofen.at\/wp-content\/gallery\/trainingslager-in-gnas-2013\/img_1943.jpg\"\n               title=\"\"\n               data-src=\"http:\/\/www.karate-neuhofen.at\/wp-content\/gallery\/trainingslager-in-gnas-2013\/img_1943.jpg\"\n               data-thumbnail=\"http:\/\/www.karate-neuhofen.at\/wp-content\/gallery\/trainingslager-in-gnas-2013\/thumbs\/thumbs_img_1943.jpg\"\n               data-image-id=\"2762\"\n               data-title=\"img_1943\"\n               data-description=\"\"\n               data-image-slug=\"img_1943\"\n               class=\"shutterset_ff47fd508f60c5ff8630e9e3ad1de006\">\n                <img\n                    title=\"img_1943\"\n                    alt=\"img_1943\"\n                    src=\"http:\/\/www.karate-neuhofen.at\/wp-content\/gallery\/trainingslager-in-gnas-2013\/thumbs\/thumbs_img_1943.jpg\"\n                    width=\"100\"\n                    height=\"66\"\n                    style=\"max-width:100%;\"\n                \/>\n            <\/a>\n        <\/div>\n\t\t\t\t\t\t\t<\/div> \n\t\t\t\n        \n\t\t\t\t<div id=\"ngg-image-173\" class=\"ngg-gallery-thumbnail-box\" >\n\t\t\t\t        <div class=\"ngg-gallery-thumbnail\">\n            <a href=\"http:\/\/www.karate-neuhofen.at\/wp-content\/gallery\/trainingslager-in-gnas-2013\/img_1944.jpg\"\n               title=\"\"\n               data-src=\"http:\/\/www.karate-neuhofen.at\/wp-content\/gallery\/trainingslager-in-gnas-2013\/img_1944.jpg\"\n               data-thumbnail=\"http:\/\/www.karate-neuhofen.at\/wp-content\/gallery\/trainingslager-in-gnas-2013\/thumbs\/thumbs_img_1944.jpg\"\n               data-image-id=\"2763\"\n               data-title=\"img_1944\"\n               data-description=\"\"\n               data-image-slug=\"img_1944\"\n               class=\"shutterset_ff47fd508f60c5ff8630e9e3ad1de006\">\n                <img\n                    title=\"img_1944\"\n                    alt=\"img_1944\"\n                    src=\"http:\/\/www.karate-neuhofen.at\/wp-content\/gallery\/trainingslager-in-gnas-2013\/thumbs\/thumbs_img_1944.jpg\"\n                    width=\"100\"\n                    height=\"66\"\n                    style=\"max-width:100%;\"\n                \/>\n            <\/a>\n        <\/div>\n\t\t\t\t\t\t\t<\/div> \n\t\t\t\n        \n\t\t\t\t<div id=\"ngg-image-174\" class=\"ngg-gallery-thumbnail-box\" >\n\t\t\t\t        <div class=\"ngg-gallery-thumbnail\">\n            <a href=\"http:\/\/www.karate-neuhofen.at\/wp-content\/gallery\/trainingslager-in-gnas-2013\/img_1945.jpg\"\n               title=\"\"\n               data-src=\"http:\/\/www.karate-neuhofen.at\/wp-content\/gallery\/trainingslager-in-gnas-2013\/img_1945.jpg\"\n               data-thumbnail=\"http:\/\/www.karate-neuhofen.at\/wp-content\/gallery\/trainingslager-in-gnas-2013\/thumbs\/thumbs_img_1945.jpg\"\n               data-image-id=\"2764\"\n               data-title=\"img_1945\"\n               data-description=\"\"\n               data-image-slug=\"img_1945\"\n               class=\"shutterset_ff47fd508f60c5ff8630e9e3ad1de006\">\n                <img\n                    title=\"img_1945\"\n                    alt=\"img_1945\"\n                    src=\"http:\/\/www.karate-neuhofen.at\/wp-content\/gallery\/trainingslager-in-gnas-2013\/thumbs\/thumbs_img_1945.jpg\"\n                    width=\"100\"\n                    height=\"66\"\n                    style=\"max-width:100%;\"\n                \/>\n            <\/a>\n        <\/div>\n\t\t\t\t\t\t\t<\/div> \n\t\t\t\n        \n\t\t\t\t<div id=\"ngg-image-175\" class=\"ngg-gallery-thumbnail-box\" >\n\t\t\t\t        <div class=\"ngg-gallery-thumbnail\">\n            <a href=\"http:\/\/www.karate-neuhofen.at\/wp-content\/gallery\/trainingslager-in-gnas-2013\/img_1947.jpg\"\n               title=\"\"\n               data-src=\"http:\/\/www.karate-neuhofen.at\/wp-content\/gallery\/trainingslager-in-gnas-2013\/img_1947.jpg\"\n               data-thumbnail=\"http:\/\/www.karate-neuhofen.at\/wp-content\/gallery\/trainingslager-in-gnas-2013\/thumbs\/thumbs_img_1947.jpg\"\n               data-image-id=\"2765\"\n               data-title=\"img_1947\"\n               data-description=\"\"\n               data-image-slug=\"img_1947\"\n               class=\"shutterset_ff47fd508f60c5ff8630e9e3ad1de006\">\n                <img\n                    title=\"img_1947\"\n                    alt=\"img_1947\"\n                    src=\"http:\/\/www.karate-neuhofen.at\/wp-content\/gallery\/trainingslager-in-gnas-2013\/thumbs\/thumbs_img_1947.jpg\"\n                    width=\"100\"\n                    height=\"66\"\n                    style=\"max-width:100%;\"\n                \/>\n            <\/a>\n        <\/div>\n\t\t\t\t\t\t\t<\/div> \n\t\t\t\n        \n\t\t\t\t<div id=\"ngg-image-176\" class=\"ngg-gallery-thumbnail-box\" >\n\t\t\t\t        <div class=\"ngg-gallery-thumbnail\">\n            <a href=\"http:\/\/www.karate-neuhofen.at\/wp-content\/gallery\/trainingslager-in-gnas-2013\/img_1948.jpg\"\n               title=\"\"\n               data-src=\"http:\/\/www.karate-neuhofen.at\/wp-content\/gallery\/trainingslager-in-gnas-2013\/img_1948.jpg\"\n               data-thumbnail=\"http:\/\/www.karate-neuhofen.at\/wp-content\/gallery\/trainingslager-in-gnas-2013\/thumbs\/thumbs_img_1948.jpg\"\n               data-image-id=\"2766\"\n               data-title=\"img_1948\"\n               data-description=\"\"\n               data-image-slug=\"img_1948\"\n               class=\"shutterset_ff47fd508f60c5ff8630e9e3ad1de006\">\n                <img\n                    title=\"img_1948\"\n                    alt=\"img_1948\"\n                    src=\"http:\/\/www.karate-neuhofen.at\/wp-content\/gallery\/trainingslager-in-gnas-2013\/thumbs\/thumbs_img_1948.jpg\"\n                    width=\"100\"\n                    height=\"66\"\n                    style=\"max-width:100%;\"\n                \/>\n            <\/a>\n        <\/div>\n\t\t\t\t\t\t\t<\/div> \n\t\t\t\n        \n\t\t\t\t<div id=\"ngg-image-177\" class=\"ngg-gallery-thumbnail-box\" >\n\t\t\t\t        <div class=\"ngg-gallery-thumbnail\">\n            <a href=\"http:\/\/www.karate-neuhofen.at\/wp-content\/gallery\/trainingslager-in-gnas-2013\/img_1949.jpg\"\n               title=\"\"\n               data-src=\"http:\/\/www.karate-neuhofen.at\/wp-content\/gallery\/trainingslager-in-gnas-2013\/img_1949.jpg\"\n               data-thumbnail=\"http:\/\/www.karate-neuhofen.at\/wp-content\/gallery\/trainingslager-in-gnas-2013\/thumbs\/thumbs_img_1949.jpg\"\n               data-image-id=\"2767\"\n               data-title=\"img_1949\"\n               data-description=\"\"\n               data-image-slug=\"img_1949\"\n               class=\"shutterset_ff47fd508f60c5ff8630e9e3ad1de006\">\n                <img\n                    title=\"img_1949\"\n                    alt=\"img_1949\"\n                    src=\"http:\/\/www.karate-neuhofen.at\/wp-content\/gallery\/trainingslager-in-gnas-2013\/thumbs\/thumbs_img_1949.jpg\"\n                    width=\"100\"\n                    height=\"66\"\n                    style=\"max-width:100%;\"\n                \/>\n            <\/a>\n        <\/div>\n\t\t\t\t\t\t\t<\/div> \n\t\t\t\n        \n\t\t\t\t<div id=\"ngg-image-178\" class=\"ngg-gallery-thumbnail-box\" >\n\t\t\t\t        <div class=\"ngg-gallery-thumbnail\">\n            <a href=\"http:\/\/www.karate-neuhofen.at\/wp-content\/gallery\/trainingslager-in-gnas-2013\/img_1951.jpg\"\n               title=\"\"\n               data-src=\"http:\/\/www.karate-neuhofen.at\/wp-content\/gallery\/trainingslager-in-gnas-2013\/img_1951.jpg\"\n               data-thumbnail=\"http:\/\/www.karate-neuhofen.at\/wp-content\/gallery\/trainingslager-in-gnas-2013\/thumbs\/thumbs_img_1951.jpg\"\n               data-image-id=\"2768\"\n               data-title=\"img_1951\"\n               data-description=\"\"\n               data-image-slug=\"img_1951\"\n               class=\"shutterset_ff47fd508f60c5ff8630e9e3ad1de006\">\n                <img\n                    title=\"img_1951\"\n                    alt=\"img_1951\"\n                    src=\"http:\/\/www.karate-neuhofen.at\/wp-content\/gallery\/trainingslager-in-gnas-2013\/thumbs\/thumbs_img_1951.jpg\"\n                    width=\"100\"\n                    height=\"66\"\n                    style=\"max-width:100%;\"\n                \/>\n            <\/a>\n        <\/div>\n\t\t\t\t\t\t\t<\/div> \n\t\t\t\n        \n\t\t\t\t<div id=\"ngg-image-179\" class=\"ngg-gallery-thumbnail-box\" >\n\t\t\t\t        <div class=\"ngg-gallery-thumbnail\">\n            <a href=\"http:\/\/www.karate-neuhofen.at\/wp-content\/gallery\/trainingslager-in-gnas-2013\/img_1952.jpg\"\n               title=\"\"\n               data-src=\"http:\/\/www.karate-neuhofen.at\/wp-content\/gallery\/trainingslager-in-gnas-2013\/img_1952.jpg\"\n               data-thumbnail=\"http:\/\/www.karate-neuhofen.at\/wp-content\/gallery\/trainingslager-in-gnas-2013\/thumbs\/thumbs_img_1952.jpg\"\n               data-image-id=\"2769\"\n               data-title=\"img_1952\"\n               data-description=\"\"\n               data-image-slug=\"img_1952\"\n               class=\"shutterset_ff47fd508f60c5ff8630e9e3ad1de006\">\n                <img\n                    title=\"img_1952\"\n                    alt=\"img_1952\"\n                    src=\"http:\/\/www.karate-neuhofen.at\/wp-content\/gallery\/trainingslager-in-gnas-2013\/thumbs\/thumbs_img_1952.jpg\"\n                    width=\"100\"\n                    height=\"66\"\n                    style=\"max-width:100%;\"\n                \/>\n            <\/a>\n        <\/div>\n\t\t\t\t\t\t\t<\/div> \n\t\t\t\n        \n\t\t\t\t<div id=\"ngg-image-180\" class=\"ngg-gallery-thumbnail-box\" >\n\t\t\t\t        <div class=\"ngg-gallery-thumbnail\">\n            <a href=\"http:\/\/www.karate-neuhofen.at\/wp-content\/gallery\/trainingslager-in-gnas-2013\/img_1959.jpg\"\n               title=\"\"\n               data-src=\"http:\/\/www.karate-neuhofen.at\/wp-content\/gallery\/trainingslager-in-gnas-2013\/img_1959.jpg\"\n               data-thumbnail=\"http:\/\/www.karate-neuhofen.at\/wp-content\/gallery\/trainingslager-in-gnas-2013\/thumbs\/thumbs_img_1959.jpg\"\n               data-image-id=\"2770\"\n               data-title=\"img_1959\"\n               data-description=\"\"\n               data-image-slug=\"img_1959\"\n               class=\"shutterset_ff47fd508f60c5ff8630e9e3ad1de006\">\n                <img\n                    title=\"img_1959\"\n                    alt=\"img_1959\"\n                    src=\"http:\/\/www.karate-neuhofen.at\/wp-content\/gallery\/trainingslager-in-gnas-2013\/thumbs\/thumbs_img_1959.jpg\"\n                    width=\"100\"\n                    height=\"66\"\n                    style=\"max-width:100%;\"\n                \/>\n            <\/a>\n        <\/div>\n\t\t\t\t\t\t\t<\/div> \n\t\t\t\n        \n\t\t\t\t<div id=\"ngg-image-181\" class=\"ngg-gallery-thumbnail-box\" >\n\t\t\t\t        <div class=\"ngg-gallery-thumbnail\">\n            <a href=\"http:\/\/www.karate-neuhofen.at\/wp-content\/gallery\/trainingslager-in-gnas-2013\/img_1961.jpg\"\n               title=\"\"\n               data-src=\"http:\/\/www.karate-neuhofen.at\/wp-content\/gallery\/trainingslager-in-gnas-2013\/img_1961.jpg\"\n               data-thumbnail=\"http:\/\/www.karate-neuhofen.at\/wp-content\/gallery\/trainingslager-in-gnas-2013\/thumbs\/thumbs_img_1961.jpg\"\n               data-image-id=\"2771\"\n               data-title=\"img_1961\"\n               data-description=\"\"\n               data-image-slug=\"img_1961\"\n               class=\"shutterset_ff47fd508f60c5ff8630e9e3ad1de006\">\n                <img\n                    title=\"img_1961\"\n                    alt=\"img_1961\"\n                    src=\"http:\/\/www.karate-neuhofen.at\/wp-content\/gallery\/trainingslager-in-gnas-2013\/thumbs\/thumbs_img_1961.jpg\"\n                    width=\"100\"\n                    height=\"66\"\n                    style=\"max-width:100%;\"\n                \/>\n            <\/a>\n        <\/div>\n\t\t\t\t\t\t\t<\/div> \n\t\t\t\n        \n\t\t\t\t<div id=\"ngg-image-182\" class=\"ngg-gallery-thumbnail-box\" >\n\t\t\t\t        <div class=\"ngg-gallery-thumbnail\">\n            <a href=\"http:\/\/www.karate-neuhofen.at\/wp-content\/gallery\/trainingslager-in-gnas-2013\/img_1963.jpg\"\n               title=\"\"\n               data-src=\"http:\/\/www.karate-neuhofen.at\/wp-content\/gallery\/trainingslager-in-gnas-2013\/img_1963.jpg\"\n               data-thumbnail=\"http:\/\/www.karate-neuhofen.at\/wp-content\/gallery\/trainingslager-in-gnas-2013\/thumbs\/thumbs_img_1963.jpg\"\n               data-image-id=\"2772\"\n               data-title=\"img_1963\"\n               data-description=\"\"\n               data-image-slug=\"img_1963\"\n               class=\"shutterset_ff47fd508f60c5ff8630e9e3ad1de006\">\n                <img\n                    title=\"img_1963\"\n                    alt=\"img_1963\"\n                    src=\"http:\/\/www.karate-neuhofen.at\/wp-content\/gallery\/trainingslager-in-gnas-2013\/thumbs\/thumbs_img_1963.jpg\"\n                    width=\"100\"\n                    height=\"66\"\n                    style=\"max-width:100%;\"\n                \/>\n            <\/a>\n        <\/div>\n\t\t\t\t\t\t\t<\/div> \n\t\t\t\n        \n\t\t\t\t<div id=\"ngg-image-183\" class=\"ngg-gallery-thumbnail-box\" >\n\t\t\t\t        <div class=\"ngg-gallery-thumbnail\">\n            <a href=\"http:\/\/www.karate-neuhofen.at\/wp-content\/gallery\/trainingslager-in-gnas-2013\/img_1964.jpg\"\n               title=\"\"\n               data-src=\"http:\/\/www.karate-neuhofen.at\/wp-content\/gallery\/trainingslager-in-gnas-2013\/img_1964.jpg\"\n               data-thumbnail=\"http:\/\/www.karate-neuhofen.at\/wp-content\/gallery\/trainingslager-in-gnas-2013\/thumbs\/thumbs_img_1964.jpg\"\n               data-image-id=\"2773\"\n               data-title=\"img_1964\"\n               data-description=\"\"\n               data-image-slug=\"img_1964\"\n               class=\"shutterset_ff47fd508f60c5ff8630e9e3ad1de006\">\n                <img\n                    title=\"img_1964\"\n                    alt=\"img_1964\"\n                    src=\"http:\/\/www.karate-neuhofen.at\/wp-content\/gallery\/trainingslager-in-gnas-2013\/thumbs\/thumbs_img_1964.jpg\"\n                    width=\"100\"\n                    height=\"66\"\n                    style=\"max-width:100%;\"\n                \/>\n            <\/a>\n        <\/div>\n\t\t\t\t\t\t\t<\/div> \n\t\t\t\n        \n\t\t\t\t<div id=\"ngg-image-184\" class=\"ngg-gallery-thumbnail-box\" >\n\t\t\t\t        <div class=\"ngg-gallery-thumbnail\">\n            <a href=\"http:\/\/www.karate-neuhofen.at\/wp-content\/gallery\/trainingslager-in-gnas-2013\/img_1965.jpg\"\n               title=\"\"\n               data-src=\"http:\/\/www.karate-neuhofen.at\/wp-content\/gallery\/trainingslager-in-gnas-2013\/img_1965.jpg\"\n               data-thumbnail=\"http:\/\/www.karate-neuhofen.at\/wp-content\/gallery\/trainingslager-in-gnas-2013\/thumbs\/thumbs_img_1965.jpg\"\n               data-image-id=\"2774\"\n               data-title=\"img_1965\"\n               data-description=\"\"\n               data-image-slug=\"img_1965\"\n               class=\"shutterset_ff47fd508f60c5ff8630e9e3ad1de006\">\n                <img\n                    title=\"img_1965\"\n                    alt=\"img_1965\"\n                    src=\"http:\/\/www.karate-neuhofen.at\/wp-content\/gallery\/trainingslager-in-gnas-2013\/thumbs\/thumbs_img_1965.jpg\"\n                    width=\"100\"\n                    height=\"66\"\n                    style=\"max-width:100%;\"\n                \/>\n            <\/a>\n        <\/div>\n\t\t\t\t\t\t\t<\/div> \n\t\t\t\n        \n\t\t\t\t<div id=\"ngg-image-185\" class=\"ngg-gallery-thumbnail-box\" >\n\t\t\t\t        <div class=\"ngg-gallery-thumbnail\">\n            <a href=\"http:\/\/www.karate-neuhofen.at\/wp-content\/gallery\/trainingslager-in-gnas-2013\/img_1966.jpg\"\n               title=\"\"\n               data-src=\"http:\/\/www.karate-neuhofen.at\/wp-content\/gallery\/trainingslager-in-gnas-2013\/img_1966.jpg\"\n               data-thumbnail=\"http:\/\/www.karate-neuhofen.at\/wp-content\/gallery\/trainingslager-in-gnas-2013\/thumbs\/thumbs_img_1966.jpg\"\n               data-image-id=\"2775\"\n               data-title=\"img_1966\"\n               data-description=\"\"\n               data-image-slug=\"img_1966\"\n               class=\"shutterset_ff47fd508f60c5ff8630e9e3ad1de006\">\n                <img\n                    title=\"img_1966\"\n                    alt=\"img_1966\"\n                    src=\"http:\/\/www.karate-neuhofen.at\/wp-content\/gallery\/trainingslager-in-gnas-2013\/thumbs\/thumbs_img_1966.jpg\"\n                    width=\"100\"\n                    height=\"66\"\n                    style=\"max-width:100%;\"\n                \/>\n            <\/a>\n        <\/div>\n\t\t\t\t\t\t\t<\/div> \n\t\t\t\n        \n\t\t\t\t<div id=\"ngg-image-186\" class=\"ngg-gallery-thumbnail-box\" >\n\t\t\t\t        <div class=\"ngg-gallery-thumbnail\">\n            <a href=\"http:\/\/www.karate-neuhofen.at\/wp-content\/gallery\/trainingslager-in-gnas-2013\/img_1967.jpg\"\n               title=\"\"\n               data-src=\"http:\/\/www.karate-neuhofen.at\/wp-content\/gallery\/trainingslager-in-gnas-2013\/img_1967.jpg\"\n               data-thumbnail=\"http:\/\/www.karate-neuhofen.at\/wp-content\/gallery\/trainingslager-in-gnas-2013\/thumbs\/thumbs_img_1967.jpg\"\n               data-image-id=\"2776\"\n               data-title=\"img_1967\"\n               data-description=\"\"\n               data-image-slug=\"img_1967\"\n               class=\"shutterset_ff47fd508f60c5ff8630e9e3ad1de006\">\n                <img\n                    title=\"img_1967\"\n                    alt=\"img_1967\"\n                    src=\"http:\/\/www.karate-neuhofen.at\/wp-content\/gallery\/trainingslager-in-gnas-2013\/thumbs\/thumbs_img_1967.jpg\"\n                    width=\"100\"\n                    height=\"66\"\n                    style=\"max-width:100%;\"\n                \/>\n            <\/a>\n        <\/div>\n\t\t\t\t\t\t\t<\/div> \n\t\t\t\n        \n\t\t\t\t<div id=\"ngg-image-187\" class=\"ngg-gallery-thumbnail-box\" >\n\t\t\t\t        <div class=\"ngg-gallery-thumbnail\">\n            <a href=\"http:\/\/www.karate-neuhofen.at\/wp-content\/gallery\/trainingslager-in-gnas-2013\/img_1969.jpg\"\n               title=\"\"\n               data-src=\"http:\/\/www.karate-neuhofen.at\/wp-content\/gallery\/trainingslager-in-gnas-2013\/img_1969.jpg\"\n               data-thumbnail=\"http:\/\/www.karate-neuhofen.at\/wp-content\/gallery\/trainingslager-in-gnas-2013\/thumbs\/thumbs_img_1969.jpg\"\n               data-image-id=\"2777\"\n               data-title=\"img_1969\"\n               data-description=\"\"\n               data-image-slug=\"img_1969\"\n               class=\"shutterset_ff47fd508f60c5ff8630e9e3ad1de006\">\n                <img\n                    title=\"img_1969\"\n                    alt=\"img_1969\"\n                    src=\"http:\/\/www.karate-neuhofen.at\/wp-content\/gallery\/trainingslager-in-gnas-2013\/thumbs\/thumbs_img_1969.jpg\"\n                    width=\"100\"\n                    height=\"66\"\n                    style=\"max-width:100%;\"\n                \/>\n            <\/a>\n        <\/div>\n\t\t\t\t\t\t\t<\/div> \n\t\t\t\n        \n\t\t\t\t<div id=\"ngg-image-188\" class=\"ngg-gallery-thumbnail-box\" >\n\t\t\t\t        <div class=\"ngg-gallery-thumbnail\">\n            <a href=\"http:\/\/www.karate-neuhofen.at\/wp-content\/gallery\/trainingslager-in-gnas-2013\/img_1970.jpg\"\n               title=\"\"\n               data-src=\"http:\/\/www.karate-neuhofen.at\/wp-content\/gallery\/trainingslager-in-gnas-2013\/img_1970.jpg\"\n               data-thumbnail=\"http:\/\/www.karate-neuhofen.at\/wp-content\/gallery\/trainingslager-in-gnas-2013\/thumbs\/thumbs_img_1970.jpg\"\n               data-image-id=\"2778\"\n               data-title=\"img_1970\"\n               data-description=\"\"\n               data-image-slug=\"img_1970\"\n               class=\"shutterset_ff47fd508f60c5ff8630e9e3ad1de006\">\n                <img\n                    title=\"img_1970\"\n                    alt=\"img_1970\"\n                    src=\"http:\/\/www.karate-neuhofen.at\/wp-content\/gallery\/trainingslager-in-gnas-2013\/thumbs\/thumbs_img_1970.jpg\"\n                    width=\"100\"\n                    height=\"66\"\n                    style=\"max-width:100%;\"\n                \/>\n            <\/a>\n        <\/div>\n\t\t\t\t\t\t\t<\/div> \n\t\t\t\n        \n\t\t\t\t<div id=\"ngg-image-189\" class=\"ngg-gallery-thumbnail-box\" >\n\t\t\t\t        <div class=\"ngg-gallery-thumbnail\">\n            <a href=\"http:\/\/www.karate-neuhofen.at\/wp-content\/gallery\/trainingslager-in-gnas-2013\/img_1972.jpg\"\n               title=\"\"\n               data-src=\"http:\/\/www.karate-neuhofen.at\/wp-content\/gallery\/trainingslager-in-gnas-2013\/img_1972.jpg\"\n               data-thumbnail=\"http:\/\/www.karate-neuhofen.at\/wp-content\/gallery\/trainingslager-in-gnas-2013\/thumbs\/thumbs_img_1972.jpg\"\n               data-image-id=\"2779\"\n               data-title=\"img_1972\"\n               data-description=\"\"\n               data-image-slug=\"img_1972\"\n               class=\"shutterset_ff47fd508f60c5ff8630e9e3ad1de006\">\n                <img\n                    title=\"img_1972\"\n                    alt=\"img_1972\"\n                    src=\"http:\/\/www.karate-neuhofen.at\/wp-content\/gallery\/trainingslager-in-gnas-2013\/thumbs\/thumbs_img_1972.jpg\"\n                    width=\"100\"\n                    height=\"66\"\n                    style=\"max-width:100%;\"\n                \/>\n            <\/a>\n        <\/div>\n\t\t\t\t\t\t\t<\/div> \n\t\t\t\n        \n\t\t\t\t<div id=\"ngg-image-190\" class=\"ngg-gallery-thumbnail-box\" >\n\t\t\t\t        <div class=\"ngg-gallery-thumbnail\">\n            <a href=\"http:\/\/www.karate-neuhofen.at\/wp-content\/gallery\/trainingslager-in-gnas-2013\/img_1974.jpg\"\n               title=\"\"\n               data-src=\"http:\/\/www.karate-neuhofen.at\/wp-content\/gallery\/trainingslager-in-gnas-2013\/img_1974.jpg\"\n               data-thumbnail=\"http:\/\/www.karate-neuhofen.at\/wp-content\/gallery\/trainingslager-in-gnas-2013\/thumbs\/thumbs_img_1974.jpg\"\n               data-image-id=\"2780\"\n               data-title=\"img_1974\"\n               data-description=\"\"\n               data-image-slug=\"img_1974\"\n               class=\"shutterset_ff47fd508f60c5ff8630e9e3ad1de006\">\n                <img\n                    title=\"img_1974\"\n                    alt=\"img_1974\"\n                    src=\"http:\/\/www.karate-neuhofen.at\/wp-content\/gallery\/trainingslager-in-gnas-2013\/thumbs\/thumbs_img_1974.jpg\"\n                    width=\"100\"\n                    height=\"66\"\n                    style=\"max-width:100%;\"\n                \/>\n            <\/a>\n        <\/div>\n\t\t\t\t\t\t\t<\/div> \n\t\t\t\n        \n\t\t\t\t<div id=\"ngg-image-191\" class=\"ngg-gallery-thumbnail-box\" >\n\t\t\t\t        <div class=\"ngg-gallery-thumbnail\">\n            <a href=\"http:\/\/www.karate-neuhofen.at\/wp-content\/gallery\/trainingslager-in-gnas-2013\/img_1976.jpg\"\n               title=\"\"\n               data-src=\"http:\/\/www.karate-neuhofen.at\/wp-content\/gallery\/trainingslager-in-gnas-2013\/img_1976.jpg\"\n               data-thumbnail=\"http:\/\/www.karate-neuhofen.at\/wp-content\/gallery\/trainingslager-in-gnas-2013\/thumbs\/thumbs_img_1976.jpg\"\n               data-image-id=\"2781\"\n               data-title=\"img_1976\"\n               data-description=\"\"\n               data-image-slug=\"img_1976\"\n               class=\"shutterset_ff47fd508f60c5ff8630e9e3ad1de006\">\n                <img\n                    title=\"img_1976\"\n                    alt=\"img_1976\"\n                    src=\"http:\/\/www.karate-neuhofen.at\/wp-content\/gallery\/trainingslager-in-gnas-2013\/thumbs\/thumbs_img_1976.jpg\"\n                    width=\"100\"\n                    height=\"66\"\n                    style=\"max-width:100%;\"\n                \/>\n            <\/a>\n        <\/div>\n\t\t\t\t\t\t\t<\/div> \n\t\t\t\n        \n\t\t\t\t<div id=\"ngg-image-192\" class=\"ngg-gallery-thumbnail-box\" >\n\t\t\t\t        <div class=\"ngg-gallery-thumbnail\">\n            <a href=\"http:\/\/www.karate-neuhofen.at\/wp-content\/gallery\/trainingslager-in-gnas-2013\/img_1978.jpg\"\n               title=\"\"\n               data-src=\"http:\/\/www.karate-neuhofen.at\/wp-content\/gallery\/trainingslager-in-gnas-2013\/img_1978.jpg\"\n               data-thumbnail=\"http:\/\/www.karate-neuhofen.at\/wp-content\/gallery\/trainingslager-in-gnas-2013\/thumbs\/thumbs_img_1978.jpg\"\n               data-image-id=\"2782\"\n               data-title=\"img_1978\"\n               data-description=\"\"\n               data-image-slug=\"img_1978\"\n               class=\"shutterset_ff47fd508f60c5ff8630e9e3ad1de006\">\n                <img\n                    title=\"img_1978\"\n                    alt=\"img_1978\"\n                    src=\"http:\/\/www.karate-neuhofen.at\/wp-content\/gallery\/trainingslager-in-gnas-2013\/thumbs\/thumbs_img_1978.jpg\"\n                    width=\"100\"\n                    height=\"66\"\n                    style=\"max-width:100%;\"\n                \/>\n            <\/a>\n        <\/div>\n\t\t\t\t\t\t\t<\/div> \n\t\t\t\n        \n\t\t\t\t<div id=\"ngg-image-193\" class=\"ngg-gallery-thumbnail-box\" >\n\t\t\t\t        <div class=\"ngg-gallery-thumbnail\">\n            <a href=\"http:\/\/www.karate-neuhofen.at\/wp-content\/gallery\/trainingslager-in-gnas-2013\/img_1982.jpg\"\n               title=\"\"\n               data-src=\"http:\/\/www.karate-neuhofen.at\/wp-content\/gallery\/trainingslager-in-gnas-2013\/img_1982.jpg\"\n               data-thumbnail=\"http:\/\/www.karate-neuhofen.at\/wp-content\/gallery\/trainingslager-in-gnas-2013\/thumbs\/thumbs_img_1982.jpg\"\n               data-image-id=\"2783\"\n               data-title=\"img_1982\"\n               data-description=\"\"\n               data-image-slug=\"img_1982\"\n               class=\"shutterset_ff47fd508f60c5ff8630e9e3ad1de006\">\n                <img\n                    title=\"img_1982\"\n                    alt=\"img_1982\"\n                    src=\"http:\/\/www.karate-neuhofen.at\/wp-content\/gallery\/trainingslager-in-gnas-2013\/thumbs\/thumbs_img_1982.jpg\"\n                    width=\"100\"\n                    height=\"66\"\n                    style=\"max-width:100%;\"\n                \/>\n            <\/a>\n        <\/div>\n\t\t\t\t\t\t\t<\/div> \n\t\t\t\n        \n\t\t\t\t<div id=\"ngg-image-194\" class=\"ngg-gallery-thumbnail-box\" >\n\t\t\t\t        <div class=\"ngg-gallery-thumbnail\">\n            <a href=\"http:\/\/www.karate-neuhofen.at\/wp-content\/gallery\/trainingslager-in-gnas-2013\/img_1986.jpg\"\n               title=\"\"\n               data-src=\"http:\/\/www.karate-neuhofen.at\/wp-content\/gallery\/trainingslager-in-gnas-2013\/img_1986.jpg\"\n               data-thumbnail=\"http:\/\/www.karate-neuhofen.at\/wp-content\/gallery\/trainingslager-in-gnas-2013\/thumbs\/thumbs_img_1986.jpg\"\n               data-image-id=\"2784\"\n               data-title=\"img_1986\"\n               data-description=\"\"\n               data-image-slug=\"img_1986\"\n               class=\"shutterset_ff47fd508f60c5ff8630e9e3ad1de006\">\n                <img\n                    title=\"img_1986\"\n                    alt=\"img_1986\"\n                    src=\"http:\/\/www.karate-neuhofen.at\/wp-content\/gallery\/trainingslager-in-gnas-2013\/thumbs\/thumbs_img_1986.jpg\"\n                    width=\"100\"\n                    height=\"66\"\n                    style=\"max-width:100%;\"\n                \/>\n            <\/a>\n        <\/div>\n\t\t\t\t\t\t\t<\/div> \n\t\t\t\n        \n\t\t\t\t<div id=\"ngg-image-195\" class=\"ngg-gallery-thumbnail-box\" >\n\t\t\t\t        <div class=\"ngg-gallery-thumbnail\">\n            <a href=\"http:\/\/www.karate-neuhofen.at\/wp-content\/gallery\/trainingslager-in-gnas-2013\/img_1987.jpg\"\n               title=\"\"\n               data-src=\"http:\/\/www.karate-neuhofen.at\/wp-content\/gallery\/trainingslager-in-gnas-2013\/img_1987.jpg\"\n               data-thumbnail=\"http:\/\/www.karate-neuhofen.at\/wp-content\/gallery\/trainingslager-in-gnas-2013\/thumbs\/thumbs_img_1987.jpg\"\n               data-image-id=\"2785\"\n               data-title=\"img_1987\"\n               data-description=\"\"\n               data-image-slug=\"img_1987\"\n               class=\"shutterset_ff47fd508f60c5ff8630e9e3ad1de006\">\n                <img\n                    title=\"img_1987\"\n                    alt=\"img_1987\"\n                    src=\"http:\/\/www.karate-neuhofen.at\/wp-content\/gallery\/trainingslager-in-gnas-2013\/thumbs\/thumbs_img_1987.jpg\"\n                    width=\"100\"\n                    height=\"66\"\n                    style=\"max-width:100%;\"\n                \/>\n            <\/a>\n        <\/div>\n\t\t\t\t\t\t\t<\/div> \n\t\t\t\n        \n\t\t\t\t<div id=\"ngg-image-196\" class=\"ngg-gallery-thumbnail-box\" >\n\t\t\t\t        <div class=\"ngg-gallery-thumbnail\">\n            <a href=\"http:\/\/www.karate-neuhofen.at\/wp-content\/gallery\/trainingslager-in-gnas-2013\/img_1990.jpg\"\n               title=\"\"\n               data-src=\"http:\/\/www.karate-neuhofen.at\/wp-content\/gallery\/trainingslager-in-gnas-2013\/img_1990.jpg\"\n               data-thumbnail=\"http:\/\/www.karate-neuhofen.at\/wp-content\/gallery\/trainingslager-in-gnas-2013\/thumbs\/thumbs_img_1990.jpg\"\n               data-image-id=\"2786\"\n               data-title=\"img_1990\"\n               data-description=\"\"\n               data-image-slug=\"img_1990\"\n               class=\"shutterset_ff47fd508f60c5ff8630e9e3ad1de006\">\n                <img\n                    title=\"img_1990\"\n                    alt=\"img_1990\"\n                    src=\"http:\/\/www.karate-neuhofen.at\/wp-content\/gallery\/trainingslager-in-gnas-2013\/thumbs\/thumbs_img_1990.jpg\"\n                    width=\"100\"\n                    height=\"66\"\n                    style=\"max-width:100%;\"\n                \/>\n            <\/a>\n        <\/div>\n\t\t\t\t\t\t\t<\/div> \n\t\t\t\n        \n\t\t\t\t<div id=\"ngg-image-197\" class=\"ngg-gallery-thumbnail-box\" >\n\t\t\t\t        <div class=\"ngg-gallery-thumbnail\">\n            <a href=\"http:\/\/www.karate-neuhofen.at\/wp-content\/gallery\/trainingslager-in-gnas-2013\/img_1992.jpg\"\n               title=\"\"\n               data-src=\"http:\/\/www.karate-neuhofen.at\/wp-content\/gallery\/trainingslager-in-gnas-2013\/img_1992.jpg\"\n               data-thumbnail=\"http:\/\/www.karate-neuhofen.at\/wp-content\/gallery\/trainingslager-in-gnas-2013\/thumbs\/thumbs_img_1992.jpg\"\n               data-image-id=\"2787\"\n               data-title=\"img_1992\"\n               data-description=\"\"\n               data-image-slug=\"img_1992\"\n               class=\"shutterset_ff47fd508f60c5ff8630e9e3ad1de006\">\n                <img\n                    title=\"img_1992\"\n                    alt=\"img_1992\"\n                    src=\"http:\/\/www.karate-neuhofen.at\/wp-content\/gallery\/trainingslager-in-gnas-2013\/thumbs\/thumbs_img_1992.jpg\"\n                    width=\"100\"\n                    height=\"66\"\n                    style=\"max-width:100%;\"\n                \/>\n            <\/a>\n        <\/div>\n\t\t\t\t\t\t\t<\/div> \n\t\t\t\n        \n\t\t\t\t<div id=\"ngg-image-198\" class=\"ngg-gallery-thumbnail-box\" >\n\t\t\t\t        <div class=\"ngg-gallery-thumbnail\">\n            <a href=\"http:\/\/www.karate-neuhofen.at\/wp-content\/gallery\/trainingslager-in-gnas-2013\/img_1994.jpg\"\n               title=\"\"\n               data-src=\"http:\/\/www.karate-neuhofen.at\/wp-content\/gallery\/trainingslager-in-gnas-2013\/img_1994.jpg\"\n               data-thumbnail=\"http:\/\/www.karate-neuhofen.at\/wp-content\/gallery\/trainingslager-in-gnas-2013\/thumbs\/thumbs_img_1994.jpg\"\n               data-image-id=\"2788\"\n               data-title=\"img_1994\"\n               data-description=\"\"\n               data-image-slug=\"img_1994\"\n               class=\"shutterset_ff47fd508f60c5ff8630e9e3ad1de006\">\n                <img\n                    title=\"img_1994\"\n                    alt=\"img_1994\"\n                    src=\"http:\/\/www.karate-neuhofen.at\/wp-content\/gallery\/trainingslager-in-gnas-2013\/thumbs\/thumbs_img_1994.jpg\"\n                    width=\"100\"\n                    height=\"66\"\n                    style=\"max-width:100%;\"\n                \/>\n            <\/a>\n        <\/div>\n\t\t\t\t\t\t\t<\/div> \n\t\t\t\n        \n\t\t\t\t<div id=\"ngg-image-199\" class=\"ngg-gallery-thumbnail-box\" >\n\t\t\t\t        <div class=\"ngg-gallery-thumbnail\">\n            <a href=\"http:\/\/www.karate-neuhofen.at\/wp-content\/gallery\/trainingslager-in-gnas-2013\/img_1995.jpg\"\n               title=\"\"\n               data-src=\"http:\/\/www.karate-neuhofen.at\/wp-content\/gallery\/trainingslager-in-gnas-2013\/img_1995.jpg\"\n               data-thumbnail=\"http:\/\/www.karate-neuhofen.at\/wp-content\/gallery\/trainingslager-in-gnas-2013\/thumbs\/thumbs_img_1995.jpg\"\n               data-image-id=\"2789\"\n               data-title=\"img_1995\"\n               data-description=\"\"\n               data-image-slug=\"img_1995\"\n               class=\"shutterset_ff47fd508f60c5ff8630e9e3ad1de006\">\n                <img\n                    title=\"img_1995\"\n                    alt=\"img_1995\"\n                    src=\"http:\/\/www.karate-neuhofen.at\/wp-content\/gallery\/trainingslager-in-gnas-2013\/thumbs\/thumbs_img_1995.jpg\"\n                    width=\"100\"\n                    height=\"66\"\n                    style=\"max-width:100%;\"\n                \/>\n            <\/a>\n        <\/div>\n\t\t\t\t\t\t\t<\/div> \n\t\t\t\n        \n\t\t\t\t<div id=\"ngg-image-200\" class=\"ngg-gallery-thumbnail-box\" >\n\t\t\t\t        <div class=\"ngg-gallery-thumbnail\">\n            <a href=\"http:\/\/www.karate-neuhofen.at\/wp-content\/gallery\/trainingslager-in-gnas-2013\/img_1996.jpg\"\n               title=\"\"\n               data-src=\"http:\/\/www.karate-neuhofen.at\/wp-content\/gallery\/trainingslager-in-gnas-2013\/img_1996.jpg\"\n               data-thumbnail=\"http:\/\/www.karate-neuhofen.at\/wp-content\/gallery\/trainingslager-in-gnas-2013\/thumbs\/thumbs_img_1996.jpg\"\n               data-image-id=\"2790\"\n               data-title=\"img_1996\"\n               data-description=\"\"\n               data-image-slug=\"img_1996\"\n               class=\"shutterset_ff47fd508f60c5ff8630e9e3ad1de006\">\n                <img\n                    title=\"img_1996\"\n                    alt=\"img_1996\"\n                    src=\"http:\/\/www.karate-neuhofen.at\/wp-content\/gallery\/trainingslager-in-gnas-2013\/thumbs\/thumbs_img_1996.jpg\"\n                    width=\"50\"\n                    height=\"75\"\n                    style=\"max-width:100%;\"\n                \/>\n            <\/a>\n        <\/div>\n\t\t\t\t\t\t\t<\/div> \n\t\t\t\n        \n\t\t\t\t<div id=\"ngg-image-201\" class=\"ngg-gallery-thumbnail-box\" >\n\t\t\t\t        <div class=\"ngg-gallery-thumbnail\">\n            <a href=\"http:\/\/www.karate-neuhofen.at\/wp-content\/gallery\/trainingslager-in-gnas-2013\/img_1998.jpg\"\n               title=\"\"\n               data-src=\"http:\/\/www.karate-neuhofen.at\/wp-content\/gallery\/trainingslager-in-gnas-2013\/img_1998.jpg\"\n               data-thumbnail=\"http:\/\/www.karate-neuhofen.at\/wp-content\/gallery\/trainingslager-in-gnas-2013\/thumbs\/thumbs_img_1998.jpg\"\n               data-image-id=\"2791\"\n               data-title=\"img_1998\"\n               data-description=\"\"\n               data-image-slug=\"img_1998\"\n               class=\"shutterset_ff47fd508f60c5ff8630e9e3ad1de006\">\n                <img\n                    title=\"img_1998\"\n                    alt=\"img_1998\"\n                    src=\"http:\/\/www.karate-neuhofen.at\/wp-content\/gallery\/trainingslager-in-gnas-2013\/thumbs\/thumbs_img_1998.jpg\"\n                    width=\"100\"\n                    height=\"66\"\n                    style=\"max-width:100%;\"\n                \/>\n            <\/a>\n        <\/div>\n\t\t\t\t\t\t\t<\/div> \n\t\t\t\n        \n\t\t\t\t<div id=\"ngg-image-202\" class=\"ngg-gallery-thumbnail-box\" >\n\t\t\t\t        <div class=\"ngg-gallery-thumbnail\">\n            <a href=\"http:\/\/www.karate-neuhofen.at\/wp-content\/gallery\/trainingslager-in-gnas-2013\/img_1999.jpg\"\n               title=\"\"\n               data-src=\"http:\/\/www.karate-neuhofen.at\/wp-content\/gallery\/trainingslager-in-gnas-2013\/img_1999.jpg\"\n               data-thumbnail=\"http:\/\/www.karate-neuhofen.at\/wp-content\/gallery\/trainingslager-in-gnas-2013\/thumbs\/thumbs_img_1999.jpg\"\n               data-image-id=\"2792\"\n               data-title=\"img_1999\"\n               data-description=\"\"\n               data-image-slug=\"img_1999\"\n               class=\"shutterset_ff47fd508f60c5ff8630e9e3ad1de006\">\n                <img\n                    title=\"img_1999\"\n                    alt=\"img_1999\"\n                    src=\"http:\/\/www.karate-neuhofen.at\/wp-content\/gallery\/trainingslager-in-gnas-2013\/thumbs\/thumbs_img_1999.jpg\"\n                    width=\"100\"\n                    height=\"66\"\n                    style=\"max-width:100%;\"\n                \/>\n            <\/a>\n        <\/div>\n\t\t\t\t\t\t\t<\/div> \n\t\t\t\n        \n\t\t\t\t<div id=\"ngg-image-203\" class=\"ngg-gallery-thumbnail-box\" >\n\t\t\t\t        <div class=\"ngg-gallery-thumbnail\">\n            <a href=\"http:\/\/www.karate-neuhofen.at\/wp-content\/gallery\/trainingslager-in-gnas-2013\/img_2000.jpg\"\n               title=\"\"\n               data-src=\"http:\/\/www.karate-neuhofen.at\/wp-content\/gallery\/trainingslager-in-gnas-2013\/img_2000.jpg\"\n               data-thumbnail=\"http:\/\/www.karate-neuhofen.at\/wp-content\/gallery\/trainingslager-in-gnas-2013\/thumbs\/thumbs_img_2000.jpg\"\n               data-image-id=\"2793\"\n               data-title=\"img_2000\"\n               data-description=\"\"\n               data-image-slug=\"img_2000\"\n               class=\"shutterset_ff47fd508f60c5ff8630e9e3ad1de006\">\n                <img\n                    title=\"img_2000\"\n                    alt=\"img_2000\"\n                    src=\"http:\/\/www.karate-neuhofen.at\/wp-content\/gallery\/trainingslager-in-gnas-2013\/thumbs\/thumbs_img_2000.jpg\"\n                    width=\"100\"\n                    height=\"66\"\n                    style=\"max-width:100%;\"\n                \/>\n            <\/a>\n        <\/div>\n\t\t\t\t\t\t\t<\/div> \n\t\t\t\n        \n\t\t\t\t<div id=\"ngg-image-204\" class=\"ngg-gallery-thumbnail-box\" >\n\t\t\t\t        <div class=\"ngg-gallery-thumbnail\">\n            <a href=\"http:\/\/www.karate-neuhofen.at\/wp-content\/gallery\/trainingslager-in-gnas-2013\/img_2004.jpg\"\n               title=\"\"\n               data-src=\"http:\/\/www.karate-neuhofen.at\/wp-content\/gallery\/trainingslager-in-gnas-2013\/img_2004.jpg\"\n               data-thumbnail=\"http:\/\/www.karate-neuhofen.at\/wp-content\/gallery\/trainingslager-in-gnas-2013\/thumbs\/thumbs_img_2004.jpg\"\n               data-image-id=\"2794\"\n               data-title=\"img_2004\"\n               data-description=\"\"\n               data-image-slug=\"img_2004\"\n               class=\"shutterset_ff47fd508f60c5ff8630e9e3ad1de006\">\n                <img\n                    title=\"img_2004\"\n                    alt=\"img_2004\"\n                    src=\"http:\/\/www.karate-neuhofen.at\/wp-content\/gallery\/trainingslager-in-gnas-2013\/thumbs\/thumbs_img_2004.jpg\"\n                    width=\"50\"\n                    height=\"75\"\n                    style=\"max-width:100%;\"\n                \/>\n            <\/a>\n        <\/div>\n\t\t\t\t\t\t\t<\/div> \n\t\t\t\n        \n\t\t\t\t<div id=\"ngg-image-205\" class=\"ngg-gallery-thumbnail-box\" >\n\t\t\t\t        <div class=\"ngg-gallery-thumbnail\">\n            <a href=\"http:\/\/www.karate-neuhofen.at\/wp-content\/gallery\/trainingslager-in-gnas-2013\/img_2006.jpg\"\n               title=\"\"\n               data-src=\"http:\/\/www.karate-neuhofen.at\/wp-content\/gallery\/trainingslager-in-gnas-2013\/img_2006.jpg\"\n               data-thumbnail=\"http:\/\/www.karate-neuhofen.at\/wp-content\/gallery\/trainingslager-in-gnas-2013\/thumbs\/thumbs_img_2006.jpg\"\n               data-image-id=\"2795\"\n               data-title=\"img_2006\"\n               data-description=\"\"\n               data-image-slug=\"img_2006\"\n               class=\"shutterset_ff47fd508f60c5ff8630e9e3ad1de006\">\n                <img\n                    title=\"img_2006\"\n                    alt=\"img_2006\"\n                    src=\"http:\/\/www.karate-neuhofen.at\/wp-content\/gallery\/trainingslager-in-gnas-2013\/thumbs\/thumbs_img_2006.jpg\"\n                    width=\"100\"\n                    height=\"66\"\n                    style=\"max-width:100%;\"\n                \/>\n            <\/a>\n        <\/div>\n\t\t\t\t\t\t\t<\/div> \n\t\t\t\n        \n\t\t\t\t<div id=\"ngg-image-206\" class=\"ngg-gallery-thumbnail-box\" >\n\t\t\t\t        <div class=\"ngg-gallery-thumbnail\">\n            <a href=\"http:\/\/www.karate-neuhofen.at\/wp-content\/gallery\/trainingslager-in-gnas-2013\/img_2010.jpg\"\n               title=\"\"\n               data-src=\"http:\/\/www.karate-neuhofen.at\/wp-content\/gallery\/trainingslager-in-gnas-2013\/img_2010.jpg\"\n               data-thumbnail=\"http:\/\/www.karate-neuhofen.at\/wp-content\/gallery\/trainingslager-in-gnas-2013\/thumbs\/thumbs_img_2010.jpg\"\n               data-image-id=\"2796\"\n               data-title=\"img_2010\"\n               data-description=\"\"\n               data-image-slug=\"img_2010\"\n               class=\"shutterset_ff47fd508f60c5ff8630e9e3ad1de006\">\n                <img\n                    title=\"img_2010\"\n                    alt=\"img_2010\"\n                    src=\"http:\/\/www.karate-neuhofen.at\/wp-content\/gallery\/trainingslager-in-gnas-2013\/thumbs\/thumbs_img_2010.jpg\"\n                    width=\"100\"\n                    height=\"66\"\n                    style=\"max-width:100%;\"\n                \/>\n            <\/a>\n        <\/div>\n\t\t\t\t\t\t\t<\/div> \n\t\t\t\n        \n\t\t\t\t<div id=\"ngg-image-207\" class=\"ngg-gallery-thumbnail-box\" >\n\t\t\t\t        <div class=\"ngg-gallery-thumbnail\">\n            <a href=\"http:\/\/www.karate-neuhofen.at\/wp-content\/gallery\/trainingslager-in-gnas-2013\/img_2011.jpg\"\n               title=\"\"\n               data-src=\"http:\/\/www.karate-neuhofen.at\/wp-content\/gallery\/trainingslager-in-gnas-2013\/img_2011.jpg\"\n               data-thumbnail=\"http:\/\/www.karate-neuhofen.at\/wp-content\/gallery\/trainingslager-in-gnas-2013\/thumbs\/thumbs_img_2011.jpg\"\n               data-image-id=\"2797\"\n               data-title=\"img_2011\"\n               data-description=\"\"\n               data-image-slug=\"img_2011\"\n               class=\"shutterset_ff47fd508f60c5ff8630e9e3ad1de006\">\n                <img\n                    title=\"img_2011\"\n                    alt=\"img_2011\"\n                    src=\"http:\/\/www.karate-neuhofen.at\/wp-content\/gallery\/trainingslager-in-gnas-2013\/thumbs\/thumbs_img_2011.jpg\"\n                    width=\"100\"\n                    height=\"66\"\n                    style=\"max-width:100%;\"\n                \/>\n            <\/a>\n        <\/div>\n\t\t\t\t\t\t\t<\/div> \n\t\t\t\n        \n\t\t\t\t<div id=\"ngg-image-208\" class=\"ngg-gallery-thumbnail-box\" >\n\t\t\t\t        <div class=\"ngg-gallery-thumbnail\">\n            <a href=\"http:\/\/www.karate-neuhofen.at\/wp-content\/gallery\/trainingslager-in-gnas-2013\/img_2015.jpg\"\n               title=\"\"\n               data-src=\"http:\/\/www.karate-neuhofen.at\/wp-content\/gallery\/trainingslager-in-gnas-2013\/img_2015.jpg\"\n               data-thumbnail=\"http:\/\/www.karate-neuhofen.at\/wp-content\/gallery\/trainingslager-in-gnas-2013\/thumbs\/thumbs_img_2015.jpg\"\n               data-image-id=\"2798\"\n               data-title=\"img_2015\"\n               data-description=\"\"\n               data-image-slug=\"img_2015\"\n               class=\"shutterset_ff47fd508f60c5ff8630e9e3ad1de006\">\n                <img\n                    title=\"img_2015\"\n                    alt=\"img_2015\"\n                    src=\"http:\/\/www.karate-neuhofen.at\/wp-content\/gallery\/trainingslager-in-gnas-2013\/thumbs\/thumbs_img_2015.jpg\"\n                    width=\"100\"\n                    height=\"59\"\n                    style=\"max-width:100%;\"\n                \/>\n            <\/a>\n        <\/div>\n\t\t\t\t\t\t\t<\/div> \n\t\t\t\n        \n\t\t\t\t<div id=\"ngg-image-209\" class=\"ngg-gallery-thumbnail-box\" >\n\t\t\t\t        <div class=\"ngg-gallery-thumbnail\">\n            <a href=\"http:\/\/www.karate-neuhofen.at\/wp-content\/gallery\/trainingslager-in-gnas-2013\/img_2016.jpg\"\n               title=\"\"\n               data-src=\"http:\/\/www.karate-neuhofen.at\/wp-content\/gallery\/trainingslager-in-gnas-2013\/img_2016.jpg\"\n               data-thumbnail=\"http:\/\/www.karate-neuhofen.at\/wp-content\/gallery\/trainingslager-in-gnas-2013\/thumbs\/thumbs_img_2016.jpg\"\n               data-image-id=\"2799\"\n               data-title=\"img_2016\"\n               data-description=\"\"\n               data-image-slug=\"img_2016\"\n               class=\"shutterset_ff47fd508f60c5ff8630e9e3ad1de006\">\n                <img\n                    title=\"img_2016\"\n                    alt=\"img_2016\"\n                    src=\"http:\/\/www.karate-neuhofen.at\/wp-content\/gallery\/trainingslager-in-gnas-2013\/thumbs\/thumbs_img_2016.jpg\"\n                    width=\"100\"\n                    height=\"66\"\n                    style=\"max-width:100%;\"\n                \/>\n            <\/a>\n        <\/div>\n\t\t\t\t\t\t\t<\/div> \n\t\t\t\n        \n\t\t\t\t<div id=\"ngg-image-210\" class=\"ngg-gallery-thumbnail-box\" >\n\t\t\t\t        <div class=\"ngg-gallery-thumbnail\">\n            <a href=\"http:\/\/www.karate-neuhofen.at\/wp-content\/gallery\/trainingslager-in-gnas-2013\/img_2017.jpg\"\n               title=\"\"\n               data-src=\"http:\/\/www.karate-neuhofen.at\/wp-content\/gallery\/trainingslager-in-gnas-2013\/img_2017.jpg\"\n               data-thumbnail=\"http:\/\/www.karate-neuhofen.at\/wp-content\/gallery\/trainingslager-in-gnas-2013\/thumbs\/thumbs_img_2017.jpg\"\n               data-image-id=\"2800\"\n               data-title=\"img_2017\"\n               data-description=\"\"\n               data-image-slug=\"img_2017\"\n               class=\"shutterset_ff47fd508f60c5ff8630e9e3ad1de006\">\n                <img\n                    title=\"img_2017\"\n                    alt=\"img_2017\"\n                    src=\"http:\/\/www.karate-neuhofen.at\/wp-content\/gallery\/trainingslager-in-gnas-2013\/thumbs\/thumbs_img_2017.jpg\"\n                    width=\"50\"\n                    height=\"75\"\n                    style=\"max-width:100%;\"\n                \/>\n            <\/a>\n        <\/div>\n\t\t\t\t\t\t\t<\/div> \n\t\t\t\n        \n\t\t\t\t<div id=\"ngg-image-211\" class=\"ngg-gallery-thumbnail-box\" >\n\t\t\t\t        <div class=\"ngg-gallery-thumbnail\">\n            <a href=\"http:\/\/www.karate-neuhofen.at\/wp-content\/gallery\/trainingslager-in-gnas-2013\/img_2018.jpg\"\n               title=\"\"\n               data-src=\"http:\/\/www.karate-neuhofen.at\/wp-content\/gallery\/trainingslager-in-gnas-2013\/img_2018.jpg\"\n               data-thumbnail=\"http:\/\/www.karate-neuhofen.at\/wp-content\/gallery\/trainingslager-in-gnas-2013\/thumbs\/thumbs_img_2018.jpg\"\n               data-image-id=\"2801\"\n               data-title=\"img_2018\"\n               data-description=\"\"\n               data-image-slug=\"img_2018\"\n               class=\"shutterset_ff47fd508f60c5ff8630e9e3ad1de006\">\n                <img\n                    title=\"img_2018\"\n                    alt=\"img_2018\"\n                    src=\"http:\/\/www.karate-neuhofen.at\/wp-content\/gallery\/trainingslager-in-gnas-2013\/thumbs\/thumbs_img_2018.jpg\"\n                    width=\"100\"\n                    height=\"66\"\n                    style=\"max-width:100%;\"\n                \/>\n            <\/a>\n        <\/div>\n\t\t\t\t\t\t\t<\/div> \n\t\t\t\n        \n\t\t\t\t<div id=\"ngg-image-212\" class=\"ngg-gallery-thumbnail-box\" >\n\t\t\t\t        <div class=\"ngg-gallery-thumbnail\">\n            <a href=\"http:\/\/www.karate-neuhofen.at\/wp-content\/gallery\/trainingslager-in-gnas-2013\/img_2020.jpg\"\n               title=\"\"\n               data-src=\"http:\/\/www.karate-neuhofen.at\/wp-content\/gallery\/trainingslager-in-gnas-2013\/img_2020.jpg\"\n               data-thumbnail=\"http:\/\/www.karate-neuhofen.at\/wp-content\/gallery\/trainingslager-in-gnas-2013\/thumbs\/thumbs_img_2020.jpg\"\n               data-image-id=\"2802\"\n               data-title=\"img_2020\"\n               data-description=\"\"\n               data-image-slug=\"img_2020\"\n               class=\"shutterset_ff47fd508f60c5ff8630e9e3ad1de006\">\n                <img\n                    title=\"img_2020\"\n                    alt=\"img_2020\"\n                    src=\"http:\/\/www.karate-neuhofen.at\/wp-content\/gallery\/trainingslager-in-gnas-2013\/thumbs\/thumbs_img_2020.jpg\"\n                    width=\"50\"\n                    height=\"75\"\n                    style=\"max-width:100%;\"\n                \/>\n            <\/a>\n        <\/div>\n\t\t\t\t\t\t\t<\/div> \n\t\t\t\n        \n\t\t\t\t<div id=\"ngg-image-213\" class=\"ngg-gallery-thumbnail-box\" >\n\t\t\t\t        <div class=\"ngg-gallery-thumbnail\">\n            <a href=\"http:\/\/www.karate-neuhofen.at\/wp-content\/gallery\/trainingslager-in-gnas-2013\/img_2023.jpg\"\n               title=\"\"\n               data-src=\"http:\/\/www.karate-neuhofen.at\/wp-content\/gallery\/trainingslager-in-gnas-2013\/img_2023.jpg\"\n               data-thumbnail=\"http:\/\/www.karate-neuhofen.at\/wp-content\/gallery\/trainingslager-in-gnas-2013\/thumbs\/thumbs_img_2023.jpg\"\n               data-image-id=\"2803\"\n               data-title=\"img_2023\"\n               data-description=\"\"\n               data-image-slug=\"img_2023\"\n               class=\"shutterset_ff47fd508f60c5ff8630e9e3ad1de006\">\n                <img\n                    title=\"img_2023\"\n                    alt=\"img_2023\"\n                    src=\"http:\/\/www.karate-neuhofen.at\/wp-content\/gallery\/trainingslager-in-gnas-2013\/thumbs\/thumbs_img_2023.jpg\"\n                    width=\"50\"\n                    height=\"75\"\n                    style=\"max-width:100%;\"\n                \/>\n            <\/a>\n        <\/div>\n\t\t\t\t\t\t\t<\/div> \n\t\t\t\n        \n\t\t\t\t<div id=\"ngg-image-214\" class=\"ngg-gallery-thumbnail-box\" >\n\t\t\t\t        <div class=\"ngg-gallery-thumbnail\">\n            <a href=\"http:\/\/www.karate-neuhofen.at\/wp-content\/gallery\/trainingslager-in-gnas-2013\/img_2024.jpg\"\n               title=\"\"\n               data-src=\"http:\/\/www.karate-neuhofen.at\/wp-content\/gallery\/trainingslager-in-gnas-2013\/img_2024.jpg\"\n               data-thumbnail=\"http:\/\/www.karate-neuhofen.at\/wp-content\/gallery\/trainingslager-in-gnas-2013\/thumbs\/thumbs_img_2024.jpg\"\n               data-image-id=\"2804\"\n               data-title=\"img_2024\"\n               data-description=\"\"\n               data-image-slug=\"img_2024\"\n               class=\"shutterset_ff47fd508f60c5ff8630e9e3ad1de006\">\n                <img\n                    title=\"img_2024\"\n                    alt=\"img_2024\"\n                    src=\"http:\/\/www.karate-neuhofen.at\/wp-content\/gallery\/trainingslager-in-gnas-2013\/thumbs\/thumbs_img_2024.jpg\"\n                    width=\"100\"\n                    height=\"66\"\n                    style=\"max-width:100%;\"\n                \/>\n            <\/a>\n        <\/div>\n\t\t\t\t\t\t\t<\/div> \n\t\t\t\n        \n\t\t\t\t<div id=\"ngg-image-215\" class=\"ngg-gallery-thumbnail-box\" >\n\t\t\t\t        <div class=\"ngg-gallery-thumbnail\">\n            <a href=\"http:\/\/www.karate-neuhofen.at\/wp-content\/gallery\/trainingslager-in-gnas-2013\/img_2025.jpg\"\n               title=\"\"\n               data-src=\"http:\/\/www.karate-neuhofen.at\/wp-content\/gallery\/trainingslager-in-gnas-2013\/img_2025.jpg\"\n               data-thumbnail=\"http:\/\/www.karate-neuhofen.at\/wp-content\/gallery\/trainingslager-in-gnas-2013\/thumbs\/thumbs_img_2025.jpg\"\n               data-image-id=\"2805\"\n               data-title=\"img_2025\"\n               data-description=\"\"\n               data-image-slug=\"img_2025\"\n               class=\"shutterset_ff47fd508f60c5ff8630e9e3ad1de006\">\n                <img\n                    title=\"img_2025\"\n                    alt=\"img_2025\"\n                    src=\"http:\/\/www.karate-neuhofen.at\/wp-content\/gallery\/trainingslager-in-gnas-2013\/thumbs\/thumbs_img_2025.jpg\"\n                    width=\"100\"\n                    height=\"66\"\n                    style=\"max-width:100%;\"\n                \/>\n            <\/a>\n        <\/div>\n\t\t\t\t\t\t\t<\/div> \n\t\t\t\n        \n\t\t\t\t<div id=\"ngg-image-216\" class=\"ngg-gallery-thumbnail-box\" >\n\t\t\t\t        <div class=\"ngg-gallery-thumbnail\">\n            <a href=\"http:\/\/www.karate-neuhofen.at\/wp-content\/gallery\/trainingslager-in-gnas-2013\/img_2027.jpg\"\n               title=\"\"\n               data-src=\"http:\/\/www.karate-neuhofen.at\/wp-content\/gallery\/trainingslager-in-gnas-2013\/img_2027.jpg\"\n               data-thumbnail=\"http:\/\/www.karate-neuhofen.at\/wp-content\/gallery\/trainingslager-in-gnas-2013\/thumbs\/thumbs_img_2027.jpg\"\n               data-image-id=\"2806\"\n               data-title=\"img_2027\"\n               data-description=\"\"\n               data-image-slug=\"img_2027\"\n               class=\"shutterset_ff47fd508f60c5ff8630e9e3ad1de006\">\n                <img\n                    title=\"img_2027\"\n                    alt=\"img_2027\"\n                    src=\"http:\/\/www.karate-neuhofen.at\/wp-content\/gallery\/trainingslager-in-gnas-2013\/thumbs\/thumbs_img_2027.jpg\"\n                    width=\"50\"\n                    height=\"75\"\n                    style=\"max-width:100%;\"\n                \/>\n            <\/a>\n        <\/div>\n\t\t\t\t\t\t\t<\/div> \n\t\t\t\n        \n\t\t\t\t<div id=\"ngg-image-217\" class=\"ngg-gallery-thumbnail-box\" >\n\t\t\t\t        <div class=\"ngg-gallery-thumbnail\">\n            <a href=\"http:\/\/www.karate-neuhofen.at\/wp-content\/gallery\/trainingslager-in-gnas-2013\/img_2028.jpg\"\n               title=\"\"\n               data-src=\"http:\/\/www.karate-neuhofen.at\/wp-content\/gallery\/trainingslager-in-gnas-2013\/img_2028.jpg\"\n               data-thumbnail=\"http:\/\/www.karate-neuhofen.at\/wp-content\/gallery\/trainingslager-in-gnas-2013\/thumbs\/thumbs_img_2028.jpg\"\n               data-image-id=\"2807\"\n               data-title=\"img_2028\"\n               data-description=\"\"\n               data-image-slug=\"img_2028\"\n               class=\"shutterset_ff47fd508f60c5ff8630e9e3ad1de006\">\n                <img\n                    title=\"img_2028\"\n                    alt=\"img_2028\"\n                    src=\"http:\/\/www.karate-neuhofen.at\/wp-content\/gallery\/trainingslager-in-gnas-2013\/thumbs\/thumbs_img_2028.jpg\"\n                    width=\"100\"\n                    height=\"66\"\n                    style=\"max-width:100%;\"\n                \/>\n            <\/a>\n        <\/div>\n\t\t\t\t\t\t\t<\/div> \n\t\t\t\n        \n\t\t\t\t<div id=\"ngg-image-218\" class=\"ngg-gallery-thumbnail-box\" >\n\t\t\t\t        <div class=\"ngg-gallery-thumbnail\">\n            <a href=\"http:\/\/www.karate-neuhofen.at\/wp-content\/gallery\/trainingslager-in-gnas-2013\/img_2029.jpg\"\n               title=\"\"\n               data-src=\"http:\/\/www.karate-neuhofen.at\/wp-content\/gallery\/trainingslager-in-gnas-2013\/img_2029.jpg\"\n               data-thumbnail=\"http:\/\/www.karate-neuhofen.at\/wp-content\/gallery\/trainingslager-in-gnas-2013\/thumbs\/thumbs_img_2029.jpg\"\n               data-image-id=\"2808\"\n               data-title=\"img_2029\"\n               data-description=\"\"\n               data-image-slug=\"img_2029\"\n               class=\"shutterset_ff47fd508f60c5ff8630e9e3ad1de006\">\n                <img\n                    title=\"img_2029\"\n                    alt=\"img_2029\"\n                    src=\"http:\/\/www.karate-neuhofen.at\/wp-content\/gallery\/trainingslager-in-gnas-2013\/thumbs\/thumbs_img_2029.jpg\"\n                    width=\"100\"\n                    height=\"66\"\n                    style=\"max-width:100%;\"\n                \/>\n            <\/a>\n        <\/div>\n\t\t\t\t\t\t\t<\/div> \n\t\t\t\n        \n\t\t\t\t<div id=\"ngg-image-219\" class=\"ngg-gallery-thumbnail-box\" >\n\t\t\t\t        <div class=\"ngg-gallery-thumbnail\">\n            <a href=\"http:\/\/www.karate-neuhofen.at\/wp-content\/gallery\/trainingslager-in-gnas-2013\/img_2030.jpg\"\n               title=\"\"\n               data-src=\"http:\/\/www.karate-neuhofen.at\/wp-content\/gallery\/trainingslager-in-gnas-2013\/img_2030.jpg\"\n               data-thumbnail=\"http:\/\/www.karate-neuhofen.at\/wp-content\/gallery\/trainingslager-in-gnas-2013\/thumbs\/thumbs_img_2030.jpg\"\n               data-image-id=\"2809\"\n               data-title=\"img_2030\"\n               data-description=\"\"\n               data-image-slug=\"img_2030\"\n               class=\"shutterset_ff47fd508f60c5ff8630e9e3ad1de006\">\n                <img\n                    title=\"img_2030\"\n                    alt=\"img_2030\"\n                    src=\"http:\/\/www.karate-neuhofen.at\/wp-content\/gallery\/trainingslager-in-gnas-2013\/thumbs\/thumbs_img_2030.jpg\"\n                    width=\"100\"\n                    height=\"66\"\n                    style=\"max-width:100%;\"\n                \/>\n            <\/a>\n        <\/div>\n\t\t\t\t\t\t\t<\/div> \n\t\t\t\n        \n\t\t\t\t<div id=\"ngg-image-220\" class=\"ngg-gallery-thumbnail-box\" >\n\t\t\t\t        <div class=\"ngg-gallery-thumbnail\">\n            <a href=\"http:\/\/www.karate-neuhofen.at\/wp-content\/gallery\/trainingslager-in-gnas-2013\/img_2031.jpg\"\n               title=\"\"\n               data-src=\"http:\/\/www.karate-neuhofen.at\/wp-content\/gallery\/trainingslager-in-gnas-2013\/img_2031.jpg\"\n               data-thumbnail=\"http:\/\/www.karate-neuhofen.at\/wp-content\/gallery\/trainingslager-in-gnas-2013\/thumbs\/thumbs_img_2031.jpg\"\n               data-image-id=\"2810\"\n               data-title=\"img_2031\"\n               data-description=\"\"\n               data-image-slug=\"img_2031\"\n               class=\"shutterset_ff47fd508f60c5ff8630e9e3ad1de006\">\n                <img\n                    title=\"img_2031\"\n                    alt=\"img_2031\"\n                    src=\"http:\/\/www.karate-neuhofen.at\/wp-content\/gallery\/trainingslager-in-gnas-2013\/thumbs\/thumbs_img_2031.jpg\"\n                    width=\"100\"\n                    height=\"66\"\n                    style=\"max-width:100%;\"\n                \/>\n            <\/a>\n        <\/div>\n\t\t\t\t\t\t\t<\/div> \n\t\t\t\n        \n\t\t\t\t<div id=\"ngg-image-221\" class=\"ngg-gallery-thumbnail-box\" >\n\t\t\t\t        <div class=\"ngg-gallery-thumbnail\">\n            <a href=\"http:\/\/www.karate-neuhofen.at\/wp-content\/gallery\/trainingslager-in-gnas-2013\/img_2032.jpg\"\n               title=\"\"\n               data-src=\"http:\/\/www.karate-neuhofen.at\/wp-content\/gallery\/trainingslager-in-gnas-2013\/img_2032.jpg\"\n               data-thumbnail=\"http:\/\/www.karate-neuhofen.at\/wp-content\/gallery\/trainingslager-in-gnas-2013\/thumbs\/thumbs_img_2032.jpg\"\n               data-image-id=\"2811\"\n               data-title=\"img_2032\"\n               data-description=\"\"\n               data-image-slug=\"img_2032\"\n               class=\"shutterset_ff47fd508f60c5ff8630e9e3ad1de006\">\n                <img\n                    title=\"img_2032\"\n                    alt=\"img_2032\"\n                    src=\"http:\/\/www.karate-neuhofen.at\/wp-content\/gallery\/trainingslager-in-gnas-2013\/thumbs\/thumbs_img_2032.jpg\"\n                    width=\"100\"\n                    height=\"66\"\n                    style=\"max-width:100%;\"\n                \/>\n            <\/a>\n        <\/div>\n\t\t\t\t\t\t\t<\/div> \n\t\t\t\n        \n\t\t\t\t<div id=\"ngg-image-222\" class=\"ngg-gallery-thumbnail-box\" >\n\t\t\t\t        <div class=\"ngg-gallery-thumbnail\">\n            <a href=\"http:\/\/www.karate-neuhofen.at\/wp-content\/gallery\/trainingslager-in-gnas-2013\/img_2033.jpg\"\n               title=\"\"\n               data-src=\"http:\/\/www.karate-neuhofen.at\/wp-content\/gallery\/trainingslager-in-gnas-2013\/img_2033.jpg\"\n               data-thumbnail=\"http:\/\/www.karate-neuhofen.at\/wp-content\/gallery\/trainingslager-in-gnas-2013\/thumbs\/thumbs_img_2033.jpg\"\n               data-image-id=\"2812\"\n               data-title=\"img_2033\"\n               data-description=\"\"\n               data-image-slug=\"img_2033\"\n               class=\"shutterset_ff47fd508f60c5ff8630e9e3ad1de006\">\n                <img\n                    title=\"img_2033\"\n                    alt=\"img_2033\"\n                    src=\"http:\/\/www.karate-neuhofen.at\/wp-content\/gallery\/trainingslager-in-gnas-2013\/thumbs\/thumbs_img_2033.jpg\"\n                    width=\"100\"\n                    height=\"66\"\n                    style=\"max-width:100%;\"\n                \/>\n            <\/a>\n        <\/div>\n\t\t\t\t\t\t\t<\/div> \n\t\t\t\n        \n\t\t\t\t<div id=\"ngg-image-223\" class=\"ngg-gallery-thumbnail-box\" >\n\t\t\t\t        <div class=\"ngg-gallery-thumbnail\">\n            <a href=\"http:\/\/www.karate-neuhofen.at\/wp-content\/gallery\/trainingslager-in-gnas-2013\/img_2034.jpg\"\n               title=\"\"\n               data-src=\"http:\/\/www.karate-neuhofen.at\/wp-content\/gallery\/trainingslager-in-gnas-2013\/img_2034.jpg\"\n               data-thumbnail=\"http:\/\/www.karate-neuhofen.at\/wp-content\/gallery\/trainingslager-in-gnas-2013\/thumbs\/thumbs_img_2034.jpg\"\n               data-image-id=\"2813\"\n               data-title=\"img_2034\"\n               data-description=\"\"\n               data-image-slug=\"img_2034\"\n               class=\"shutterset_ff47fd508f60c5ff8630e9e3ad1de006\">\n                <img\n                    title=\"img_2034\"\n                    alt=\"img_2034\"\n                    src=\"http:\/\/www.karate-neuhofen.at\/wp-content\/gallery\/trainingslager-in-gnas-2013\/thumbs\/thumbs_img_2034.jpg\"\n                    width=\"50\"\n                    height=\"75\"\n                    style=\"max-width:100%;\"\n                \/>\n            <\/a>\n        <\/div>\n\t\t\t\t\t\t\t<\/div> \n\t\t\t\n        \n\t\t\t\t<div id=\"ngg-image-224\" class=\"ngg-gallery-thumbnail-box\" >\n\t\t\t\t        <div class=\"ngg-gallery-thumbnail\">\n            <a href=\"http:\/\/www.karate-neuhofen.at\/wp-content\/gallery\/trainingslager-in-gnas-2013\/img_2035.jpg\"\n               title=\"\"\n               data-src=\"http:\/\/www.karate-neuhofen.at\/wp-content\/gallery\/trainingslager-in-gnas-2013\/img_2035.jpg\"\n               data-thumbnail=\"http:\/\/www.karate-neuhofen.at\/wp-content\/gallery\/trainingslager-in-gnas-2013\/thumbs\/thumbs_img_2035.jpg\"\n               data-image-id=\"2814\"\n               data-title=\"img_2035\"\n               data-description=\"\"\n               data-image-slug=\"img_2035\"\n               class=\"shutterset_ff47fd508f60c5ff8630e9e3ad1de006\">\n                <img\n                    title=\"img_2035\"\n                    alt=\"img_2035\"\n                    src=\"http:\/\/www.karate-neuhofen.at\/wp-content\/gallery\/trainingslager-in-gnas-2013\/thumbs\/thumbs_img_2035.jpg\"\n                    width=\"50\"\n                    height=\"75\"\n                    style=\"max-width:100%;\"\n                \/>\n            <\/a>\n        <\/div>\n\t\t\t\t\t\t\t<\/div> \n\t\t\t\n        \n\t\t\t\t<div id=\"ngg-image-225\" class=\"ngg-gallery-thumbnail-box\" >\n\t\t\t\t        <div class=\"ngg-gallery-thumbnail\">\n            <a href=\"http:\/\/www.karate-neuhofen.at\/wp-content\/gallery\/trainingslager-in-gnas-2013\/img_2036.jpg\"\n               title=\"\"\n               data-src=\"http:\/\/www.karate-neuhofen.at\/wp-content\/gallery\/trainingslager-in-gnas-2013\/img_2036.jpg\"\n               data-thumbnail=\"http:\/\/www.karate-neuhofen.at\/wp-content\/gallery\/trainingslager-in-gnas-2013\/thumbs\/thumbs_img_2036.jpg\"\n               data-image-id=\"2815\"\n               data-title=\"img_2036\"\n               data-description=\"\"\n               data-image-slug=\"img_2036\"\n               class=\"shutterset_ff47fd508f60c5ff8630e9e3ad1de006\">\n                <img\n                    title=\"img_2036\"\n                    alt=\"img_2036\"\n                    src=\"http:\/\/www.karate-neuhofen.at\/wp-content\/gallery\/trainingslager-in-gnas-2013\/thumbs\/thumbs_img_2036.jpg\"\n                    width=\"100\"\n                    height=\"66\"\n                    style=\"max-width:100%;\"\n                \/>\n            <\/a>\n        <\/div>\n\t\t\t\t\t\t\t<\/div> \n\t\t\t\n        \n\t\t\t\t<div id=\"ngg-image-226\" class=\"ngg-gallery-thumbnail-box\" >\n\t\t\t\t        <div class=\"ngg-gallery-thumbnail\">\n            <a href=\"http:\/\/www.karate-neuhofen.at\/wp-content\/gallery\/trainingslager-in-gnas-2013\/img_2037.jpg\"\n               title=\"\"\n               data-src=\"http:\/\/www.karate-neuhofen.at\/wp-content\/gallery\/trainingslager-in-gnas-2013\/img_2037.jpg\"\n               data-thumbnail=\"http:\/\/www.karate-neuhofen.at\/wp-content\/gallery\/trainingslager-in-gnas-2013\/thumbs\/thumbs_img_2037.jpg\"\n               data-image-id=\"2816\"\n               data-title=\"img_2037\"\n               data-description=\"\"\n               data-image-slug=\"img_2037\"\n               class=\"shutterset_ff47fd508f60c5ff8630e9e3ad1de006\">\n                <img\n                    title=\"img_2037\"\n                    alt=\"img_2037\"\n                    src=\"http:\/\/www.karate-neuhofen.at\/wp-content\/gallery\/trainingslager-in-gnas-2013\/thumbs\/thumbs_img_2037.jpg\"\n                    width=\"100\"\n                    height=\"66\"\n                    style=\"max-width:100%;\"\n                \/>\n            <\/a>\n        <\/div>\n\t\t\t\t\t\t\t<\/div> \n\t\t\t\n        \n\t\t\t\t<div id=\"ngg-image-227\" class=\"ngg-gallery-thumbnail-box\" >\n\t\t\t\t        <div class=\"ngg-gallery-thumbnail\">\n            <a href=\"http:\/\/www.karate-neuhofen.at\/wp-content\/gallery\/trainingslager-in-gnas-2013\/img_2042.jpg\"\n               title=\"\"\n               data-src=\"http:\/\/www.karate-neuhofen.at\/wp-content\/gallery\/trainingslager-in-gnas-2013\/img_2042.jpg\"\n               data-thumbnail=\"http:\/\/www.karate-neuhofen.at\/wp-content\/gallery\/trainingslager-in-gnas-2013\/thumbs\/thumbs_img_2042.jpg\"\n               data-image-id=\"2817\"\n               data-title=\"img_2042\"\n               data-description=\"\"\n               data-image-slug=\"img_2042\"\n               class=\"shutterset_ff47fd508f60c5ff8630e9e3ad1de006\">\n                <img\n                    title=\"img_2042\"\n                    alt=\"img_2042\"\n                    src=\"http:\/\/www.karate-neuhofen.at\/wp-content\/gallery\/trainingslager-in-gnas-2013\/thumbs\/thumbs_img_2042.jpg\"\n                    width=\"100\"\n                    height=\"66\"\n                    style=\"max-width:100%;\"\n                \/>\n            <\/a>\n        <\/div>\n\t\t\t\t\t\t\t<\/div> \n\t\t\t\n        \n\t\t\t\t<div id=\"ngg-image-228\" class=\"ngg-gallery-thumbnail-box\" >\n\t\t\t\t        <div class=\"ngg-gallery-thumbnail\">\n            <a href=\"http:\/\/www.karate-neuhofen.at\/wp-content\/gallery\/trainingslager-in-gnas-2013\/img_2044.jpg\"\n               title=\"\"\n               data-src=\"http:\/\/www.karate-neuhofen.at\/wp-content\/gallery\/trainingslager-in-gnas-2013\/img_2044.jpg\"\n               data-thumbnail=\"http:\/\/www.karate-neuhofen.at\/wp-content\/gallery\/trainingslager-in-gnas-2013\/thumbs\/thumbs_img_2044.jpg\"\n               data-image-id=\"2818\"\n               data-title=\"img_2044\"\n               data-description=\"\"\n               data-image-slug=\"img_2044\"\n               class=\"shutterset_ff47fd508f60c5ff8630e9e3ad1de006\">\n                <img\n                    title=\"img_2044\"\n                    alt=\"img_2044\"\n                    src=\"http:\/\/www.karate-neuhofen.at\/wp-content\/gallery\/trainingslager-in-gnas-2013\/thumbs\/thumbs_img_2044.jpg\"\n                    width=\"100\"\n                    height=\"66\"\n                    style=\"max-width:100%;\"\n                \/>\n            <\/a>\n        <\/div>\n\t\t\t\t\t\t\t<\/div> \n\t\t\t\n        \n\t\t\t\t<div id=\"ngg-image-229\" class=\"ngg-gallery-thumbnail-box\" >\n\t\t\t\t        <div class=\"ngg-gallery-thumbnail\">\n            <a href=\"http:\/\/www.karate-neuhofen.at\/wp-content\/gallery\/trainingslager-in-gnas-2013\/img_2046.jpg\"\n               title=\"\"\n               data-src=\"http:\/\/www.karate-neuhofen.at\/wp-content\/gallery\/trainingslager-in-gnas-2013\/img_2046.jpg\"\n               data-thumbnail=\"http:\/\/www.karate-neuhofen.at\/wp-content\/gallery\/trainingslager-in-gnas-2013\/thumbs\/thumbs_img_2046.jpg\"\n               data-image-id=\"2819\"\n               data-title=\"img_2046\"\n               data-description=\"\"\n               data-image-slug=\"img_2046\"\n               class=\"shutterset_ff47fd508f60c5ff8630e9e3ad1de006\">\n                <img\n                    title=\"img_2046\"\n                    alt=\"img_2046\"\n                    src=\"http:\/\/www.karate-neuhofen.at\/wp-content\/gallery\/trainingslager-in-gnas-2013\/thumbs\/thumbs_img_2046.jpg\"\n                    width=\"49\"\n                    height=\"75\"\n                    style=\"max-width:100%;\"\n                \/>\n            <\/a>\n        <\/div>\n\t\t\t\t\t\t\t<\/div> \n\t\t\t\n        \n\t\t\t\t<div id=\"ngg-image-230\" class=\"ngg-gallery-thumbnail-box\" >\n\t\t\t\t        <div class=\"ngg-gallery-thumbnail\">\n            <a href=\"http:\/\/www.karate-neuhofen.at\/wp-content\/gallery\/trainingslager-in-gnas-2013\/img_2048.jpg\"\n               title=\"\"\n               data-src=\"http:\/\/www.karate-neuhofen.at\/wp-content\/gallery\/trainingslager-in-gnas-2013\/img_2048.jpg\"\n               data-thumbnail=\"http:\/\/www.karate-neuhofen.at\/wp-content\/gallery\/trainingslager-in-gnas-2013\/thumbs\/thumbs_img_2048.jpg\"\n               data-image-id=\"2820\"\n               data-title=\"img_2048\"\n               data-description=\"\"\n               data-image-slug=\"img_2048\"\n               class=\"shutterset_ff47fd508f60c5ff8630e9e3ad1de006\">\n                <img\n                    title=\"img_2048\"\n                    alt=\"img_2048\"\n                    src=\"http:\/\/www.karate-neuhofen.at\/wp-content\/gallery\/trainingslager-in-gnas-2013\/thumbs\/thumbs_img_2048.jpg\"\n                    width=\"100\"\n                    height=\"66\"\n                    style=\"max-width:100%;\"\n                \/>\n            <\/a>\n        <\/div>\n\t\t\t\t\t\t\t<\/div> \n\t\t\t\n        \n\t\t\t\t<div id=\"ngg-image-231\" class=\"ngg-gallery-thumbnail-box\" >\n\t\t\t\t        <div class=\"ngg-gallery-thumbnail\">\n            <a href=\"http:\/\/www.karate-neuhofen.at\/wp-content\/gallery\/trainingslager-in-gnas-2013\/img_2052.jpg\"\n               title=\"\"\n               data-src=\"http:\/\/www.karate-neuhofen.at\/wp-content\/gallery\/trainingslager-in-gnas-2013\/img_2052.jpg\"\n               data-thumbnail=\"http:\/\/www.karate-neuhofen.at\/wp-content\/gallery\/trainingslager-in-gnas-2013\/thumbs\/thumbs_img_2052.jpg\"\n               data-image-id=\"2821\"\n               data-title=\"img_2052\"\n               data-description=\"\"\n               data-image-slug=\"img_2052\"\n               class=\"shutterset_ff47fd508f60c5ff8630e9e3ad1de006\">\n                <img\n                    title=\"img_2052\"\n                    alt=\"img_2052\"\n                    src=\"http:\/\/www.karate-neuhofen.at\/wp-content\/gallery\/trainingslager-in-gnas-2013\/thumbs\/thumbs_img_2052.jpg\"\n                    width=\"50\"\n                    height=\"75\"\n                    style=\"max-width:100%;\"\n                \/>\n            <\/a>\n        <\/div>\n\t\t\t\t\t\t\t<\/div> \n\t\t\t\n        \n\t\t\t\t<div id=\"ngg-image-232\" class=\"ngg-gallery-thumbnail-box\" >\n\t\t\t\t        <div class=\"ngg-gallery-thumbnail\">\n            <a href=\"http:\/\/www.karate-neuhofen.at\/wp-content\/gallery\/trainingslager-in-gnas-2013\/img_2053.jpg\"\n               title=\"\"\n               data-src=\"http:\/\/www.karate-neuhofen.at\/wp-content\/gallery\/trainingslager-in-gnas-2013\/img_2053.jpg\"\n               data-thumbnail=\"http:\/\/www.karate-neuhofen.at\/wp-content\/gallery\/trainingslager-in-gnas-2013\/thumbs\/thumbs_img_2053.jpg\"\n               data-image-id=\"2822\"\n               data-title=\"img_2053\"\n               data-description=\"\"\n               data-image-slug=\"img_2053\"\n               class=\"shutterset_ff47fd508f60c5ff8630e9e3ad1de006\">\n                <img\n                    title=\"img_2053\"\n                    alt=\"img_2053\"\n                    src=\"http:\/\/www.karate-neuhofen.at\/wp-content\/gallery\/trainingslager-in-gnas-2013\/thumbs\/thumbs_img_2053.jpg\"\n                    width=\"100\"\n                    height=\"66\"\n                    style=\"max-width:100%;\"\n                \/>\n            <\/a>\n        <\/div>\n\t\t\t\t\t\t\t<\/div> \n\t\t\t\n        \n\t\t\t\t<div id=\"ngg-image-233\" class=\"ngg-gallery-thumbnail-box\" >\n\t\t\t\t        <div class=\"ngg-gallery-thumbnail\">\n            <a href=\"http:\/\/www.karate-neuhofen.at\/wp-content\/gallery\/trainingslager-in-gnas-2013\/img_2055.jpg\"\n               title=\"\"\n               data-src=\"http:\/\/www.karate-neuhofen.at\/wp-content\/gallery\/trainingslager-in-gnas-2013\/img_2055.jpg\"\n               data-thumbnail=\"http:\/\/www.karate-neuhofen.at\/wp-content\/gallery\/trainingslager-in-gnas-2013\/thumbs\/thumbs_img_2055.jpg\"\n               data-image-id=\"2823\"\n               data-title=\"img_2055\"\n               data-description=\"\"\n               data-image-slug=\"img_2055\"\n               class=\"shutterset_ff47fd508f60c5ff8630e9e3ad1de006\">\n                <img\n                    title=\"img_2055\"\n                    alt=\"img_2055\"\n                    src=\"http:\/\/www.karate-neuhofen.at\/wp-content\/gallery\/trainingslager-in-gnas-2013\/thumbs\/thumbs_img_2055.jpg\"\n                    width=\"100\"\n                    height=\"66\"\n                    style=\"max-width:100%;\"\n                \/>\n            <\/a>\n        <\/div>\n\t\t\t\t\t\t\t<\/div> \n\t\t\t\n        \n\t\t\t\t<div id=\"ngg-image-234\" class=\"ngg-gallery-thumbnail-box\" >\n\t\t\t\t        <div class=\"ngg-gallery-thumbnail\">\n            <a href=\"http:\/\/www.karate-neuhofen.at\/wp-content\/gallery\/trainingslager-in-gnas-2013\/img_2056.jpg\"\n               title=\"\"\n               data-src=\"http:\/\/www.karate-neuhofen.at\/wp-content\/gallery\/trainingslager-in-gnas-2013\/img_2056.jpg\"\n               data-thumbnail=\"http:\/\/www.karate-neuhofen.at\/wp-content\/gallery\/trainingslager-in-gnas-2013\/thumbs\/thumbs_img_2056.jpg\"\n               data-image-id=\"2824\"\n               data-title=\"img_2056\"\n               data-description=\"\"\n               data-image-slug=\"img_2056\"\n               class=\"shutterset_ff47fd508f60c5ff8630e9e3ad1de006\">\n                <img\n                    title=\"img_2056\"\n                    alt=\"img_2056\"\n                    src=\"http:\/\/www.karate-neuhofen.at\/wp-content\/gallery\/trainingslager-in-gnas-2013\/thumbs\/thumbs_img_2056.jpg\"\n                    width=\"100\"\n                    height=\"66\"\n                    style=\"max-width:100%;\"\n                \/>\n            <\/a>\n        <\/div>\n\t\t\t\t\t\t\t<\/div> \n\t\t\t\n        \n\t\t\t\t<div id=\"ngg-image-235\" class=\"ngg-gallery-thumbnail-box\" >\n\t\t\t\t        <div class=\"ngg-gallery-thumbnail\">\n            <a href=\"http:\/\/www.karate-neuhofen.at\/wp-content\/gallery\/trainingslager-in-gnas-2013\/img_2057.jpg\"\n               title=\"\"\n               data-src=\"http:\/\/www.karate-neuhofen.at\/wp-content\/gallery\/trainingslager-in-gnas-2013\/img_2057.jpg\"\n               data-thumbnail=\"http:\/\/www.karate-neuhofen.at\/wp-content\/gallery\/trainingslager-in-gnas-2013\/thumbs\/thumbs_img_2057.jpg\"\n               data-image-id=\"2825\"\n               data-title=\"img_2057\"\n               data-description=\"\"\n               data-image-slug=\"img_2057\"\n               class=\"shutterset_ff47fd508f60c5ff8630e9e3ad1de006\">\n                <img\n                    title=\"img_2057\"\n                    alt=\"img_2057\"\n                    src=\"http:\/\/www.karate-neuhofen.at\/wp-content\/gallery\/trainingslager-in-gnas-2013\/thumbs\/thumbs_img_2057.jpg\"\n                    width=\"100\"\n                    height=\"66\"\n                    style=\"max-width:100%;\"\n                \/>\n            <\/a>\n        <\/div>\n\t\t\t\t\t\t\t<\/div> \n\t\t\t\n        \n\t\t\t\t<div id=\"ngg-image-236\" class=\"ngg-gallery-thumbnail-box\" >\n\t\t\t\t        <div class=\"ngg-gallery-thumbnail\">\n            <a href=\"http:\/\/www.karate-neuhofen.at\/wp-content\/gallery\/trainingslager-in-gnas-2013\/img_2058.jpg\"\n               title=\"\"\n               data-src=\"http:\/\/www.karate-neuhofen.at\/wp-content\/gallery\/trainingslager-in-gnas-2013\/img_2058.jpg\"\n               data-thumbnail=\"http:\/\/www.karate-neuhofen.at\/wp-content\/gallery\/trainingslager-in-gnas-2013\/thumbs\/thumbs_img_2058.jpg\"\n               data-image-id=\"2826\"\n               data-title=\"img_2058\"\n               data-description=\"\"\n               data-image-slug=\"img_2058\"\n               class=\"shutterset_ff47fd508f60c5ff8630e9e3ad1de006\">\n                <img\n                    title=\"img_2058\"\n                    alt=\"img_2058\"\n                    src=\"http:\/\/www.karate-neuhofen.at\/wp-content\/gallery\/trainingslager-in-gnas-2013\/thumbs\/thumbs_img_2058.jpg\"\n                    width=\"100\"\n                    height=\"66\"\n                    style=\"max-width:100%;\"\n                \/>\n            <\/a>\n        <\/div>\n\t\t\t\t\t\t\t<\/div> \n\t\t\t\n        \n\t\t\t\t<div id=\"ngg-image-237\" class=\"ngg-gallery-thumbnail-box\" >\n\t\t\t\t        <div class=\"ngg-gallery-thumbnail\">\n            <a href=\"http:\/\/www.karate-neuhofen.at\/wp-content\/gallery\/trainingslager-in-gnas-2013\/img_2059.jpg\"\n               title=\"\"\n               data-src=\"http:\/\/www.karate-neuhofen.at\/wp-content\/gallery\/trainingslager-in-gnas-2013\/img_2059.jpg\"\n               data-thumbnail=\"http:\/\/www.karate-neuhofen.at\/wp-content\/gallery\/trainingslager-in-gnas-2013\/thumbs\/thumbs_img_2059.jpg\"\n               data-image-id=\"2827\"\n               data-title=\"img_2059\"\n               data-description=\"\"\n               data-image-slug=\"img_2059\"\n               class=\"shutterset_ff47fd508f60c5ff8630e9e3ad1de006\">\n                <img\n                    title=\"img_2059\"\n                    alt=\"img_2059\"\n                    src=\"http:\/\/www.karate-neuhofen.at\/wp-content\/gallery\/trainingslager-in-gnas-2013\/thumbs\/thumbs_img_2059.jpg\"\n                    width=\"100\"\n                    height=\"66\"\n                    style=\"max-width:100%;\"\n                \/>\n            <\/a>\n        <\/div>\n\t\t\t\t\t\t\t<\/div> \n\t\t\t\n        \n\t\t\t\t<div id=\"ngg-image-238\" class=\"ngg-gallery-thumbnail-box\" >\n\t\t\t\t        <div class=\"ngg-gallery-thumbnail\">\n            <a href=\"http:\/\/www.karate-neuhofen.at\/wp-content\/gallery\/trainingslager-in-gnas-2013\/img_2061.jpg\"\n               title=\"\"\n               data-src=\"http:\/\/www.karate-neuhofen.at\/wp-content\/gallery\/trainingslager-in-gnas-2013\/img_2061.jpg\"\n               data-thumbnail=\"http:\/\/www.karate-neuhofen.at\/wp-content\/gallery\/trainingslager-in-gnas-2013\/thumbs\/thumbs_img_2061.jpg\"\n               data-image-id=\"2828\"\n               data-title=\"img_2061\"\n               data-description=\"\"\n               data-image-slug=\"img_2061\"\n               class=\"shutterset_ff47fd508f60c5ff8630e9e3ad1de006\">\n                <img\n                    title=\"img_2061\"\n                    alt=\"img_2061\"\n                    src=\"http:\/\/www.karate-neuhofen.at\/wp-content\/gallery\/trainingslager-in-gnas-2013\/thumbs\/thumbs_img_2061.jpg\"\n                    width=\"100\"\n                    height=\"66\"\n                    style=\"max-width:100%;\"\n                \/>\n            <\/a>\n        <\/div>\n\t\t\t\t\t\t\t<\/div> \n\t\t\t\n        \n\t\t\t\t<div id=\"ngg-image-239\" class=\"ngg-gallery-thumbnail-box\" >\n\t\t\t\t        <div class=\"ngg-gallery-thumbnail\">\n            <a href=\"http:\/\/www.karate-neuhofen.at\/wp-content\/gallery\/trainingslager-in-gnas-2013\/img_2062.jpg\"\n               title=\"\"\n               data-src=\"http:\/\/www.karate-neuhofen.at\/wp-content\/gallery\/trainingslager-in-gnas-2013\/img_2062.jpg\"\n               data-thumbnail=\"http:\/\/www.karate-neuhofen.at\/wp-content\/gallery\/trainingslager-in-gnas-2013\/thumbs\/thumbs_img_2062.jpg\"\n               data-image-id=\"2829\"\n               data-title=\"img_2062\"\n               data-description=\"\"\n               data-image-slug=\"img_2062\"\n               class=\"shutterset_ff47fd508f60c5ff8630e9e3ad1de006\">\n                <img\n                    title=\"img_2062\"\n                    alt=\"img_2062\"\n                    src=\"http:\/\/www.karate-neuhofen.at\/wp-content\/gallery\/trainingslager-in-gnas-2013\/thumbs\/thumbs_img_2062.jpg\"\n                    width=\"100\"\n                    height=\"66\"\n                    style=\"max-width:100%;\"\n                \/>\n            <\/a>\n        <\/div>\n\t\t\t\t\t\t\t<\/div> \n\t\t\t\n        \n\t\t\t\t<div id=\"ngg-image-240\" class=\"ngg-gallery-thumbnail-box\" >\n\t\t\t\t        <div class=\"ngg-gallery-thumbnail\">\n            <a href=\"http:\/\/www.karate-neuhofen.at\/wp-content\/gallery\/trainingslager-in-gnas-2013\/img_2063.jpg\"\n               title=\"\"\n               data-src=\"http:\/\/www.karate-neuhofen.at\/wp-content\/gallery\/trainingslager-in-gnas-2013\/img_2063.jpg\"\n               data-thumbnail=\"http:\/\/www.karate-neuhofen.at\/wp-content\/gallery\/trainingslager-in-gnas-2013\/thumbs\/thumbs_img_2063.jpg\"\n               data-image-id=\"2830\"\n               data-title=\"img_2063\"\n               data-description=\"\"\n               data-image-slug=\"img_2063\"\n               class=\"shutterset_ff47fd508f60c5ff8630e9e3ad1de006\">\n                <img\n                    title=\"img_2063\"\n                    alt=\"img_2063\"\n                    src=\"http:\/\/www.karate-neuhofen.at\/wp-content\/gallery\/trainingslager-in-gnas-2013\/thumbs\/thumbs_img_2063.jpg\"\n                    width=\"100\"\n                    height=\"66\"\n                    style=\"max-width:100%;\"\n                \/>\n            <\/a>\n        <\/div>\n\t\t\t\t\t\t\t<\/div> \n\t\t\t\n        \n\t\t\t\t<div id=\"ngg-image-241\" class=\"ngg-gallery-thumbnail-box\" >\n\t\t\t\t        <div class=\"ngg-gallery-thumbnail\">\n            <a href=\"http:\/\/www.karate-neuhofen.at\/wp-content\/gallery\/trainingslager-in-gnas-2013\/img_2066.jpg\"\n               title=\"\"\n               data-src=\"http:\/\/www.karate-neuhofen.at\/wp-content\/gallery\/trainingslager-in-gnas-2013\/img_2066.jpg\"\n               data-thumbnail=\"http:\/\/www.karate-neuhofen.at\/wp-content\/gallery\/trainingslager-in-gnas-2013\/thumbs\/thumbs_img_2066.jpg\"\n               data-image-id=\"2831\"\n               data-title=\"img_2066\"\n               data-description=\"\"\n               data-image-slug=\"img_2066\"\n               class=\"shutterset_ff47fd508f60c5ff8630e9e3ad1de006\">\n                <img\n                    title=\"img_2066\"\n                    alt=\"img_2066\"\n                    src=\"http:\/\/www.karate-neuhofen.at\/wp-content\/gallery\/trainingslager-in-gnas-2013\/thumbs\/thumbs_img_2066.jpg\"\n                    width=\"100\"\n                    height=\"66\"\n                    style=\"max-width:100%;\"\n                \/>\n            <\/a>\n        <\/div>\n\t\t\t\t\t\t\t<\/div> \n\t\t\t\n        \n\t\t\t\t<div id=\"ngg-image-242\" class=\"ngg-gallery-thumbnail-box\" >\n\t\t\t\t        <div class=\"ngg-gallery-thumbnail\">\n            <a href=\"http:\/\/www.karate-neuhofen.at\/wp-content\/gallery\/trainingslager-in-gnas-2013\/img_2067.jpg\"\n               title=\"\"\n               data-src=\"http:\/\/www.karate-neuhofen.at\/wp-content\/gallery\/trainingslager-in-gnas-2013\/img_2067.jpg\"\n               data-thumbnail=\"http:\/\/www.karate-neuhofen.at\/wp-content\/gallery\/trainingslager-in-gnas-2013\/thumbs\/thumbs_img_2067.jpg\"\n               data-image-id=\"2832\"\n               data-title=\"img_2067\"\n               data-description=\"\"\n               data-image-slug=\"img_2067\"\n               class=\"shutterset_ff47fd508f60c5ff8630e9e3ad1de006\">\n                <img\n                    title=\"img_2067\"\n                    alt=\"img_2067\"\n                    src=\"http:\/\/www.karate-neuhofen.at\/wp-content\/gallery\/trainingslager-in-gnas-2013\/thumbs\/thumbs_img_2067.jpg\"\n                    width=\"100\"\n                    height=\"66\"\n                    style=\"max-width:100%;\"\n                \/>\n            <\/a>\n        <\/div>\n\t\t\t\t\t\t\t<\/div> \n\t\t\t\n        \n\t\t\t\t<div id=\"ngg-image-243\" class=\"ngg-gallery-thumbnail-box\" >\n\t\t\t\t        <div class=\"ngg-gallery-thumbnail\">\n            <a href=\"http:\/\/www.karate-neuhofen.at\/wp-content\/gallery\/trainingslager-in-gnas-2013\/img_2068.jpg\"\n               title=\"\"\n               data-src=\"http:\/\/www.karate-neuhofen.at\/wp-content\/gallery\/trainingslager-in-gnas-2013\/img_2068.jpg\"\n               data-thumbnail=\"http:\/\/www.karate-neuhofen.at\/wp-content\/gallery\/trainingslager-in-gnas-2013\/thumbs\/thumbs_img_2068.jpg\"\n               data-image-id=\"2833\"\n               data-title=\"img_2068\"\n               data-description=\"\"\n               data-image-slug=\"img_2068\"\n               class=\"shutterset_ff47fd508f60c5ff8630e9e3ad1de006\">\n                <img\n                    title=\"img_2068\"\n                    alt=\"img_2068\"\n                    src=\"http:\/\/www.karate-neuhofen.at\/wp-content\/gallery\/trainingslager-in-gnas-2013\/thumbs\/thumbs_img_2068.jpg\"\n                    width=\"100\"\n                    height=\"66\"\n                    style=\"max-width:100%;\"\n                \/>\n            <\/a>\n        <\/div>\n\t\t\t\t\t\t\t<\/div> \n\t\t\t\n        \n\t\t\t\t<div id=\"ngg-image-244\" class=\"ngg-gallery-thumbnail-box\" >\n\t\t\t\t        <div class=\"ngg-gallery-thumbnail\">\n            <a href=\"http:\/\/www.karate-neuhofen.at\/wp-content\/gallery\/trainingslager-in-gnas-2013\/img_2073.jpg\"\n               title=\"\"\n               data-src=\"http:\/\/www.karate-neuhofen.at\/wp-content\/gallery\/trainingslager-in-gnas-2013\/img_2073.jpg\"\n               data-thumbnail=\"http:\/\/www.karate-neuhofen.at\/wp-content\/gallery\/trainingslager-in-gnas-2013\/thumbs\/thumbs_img_2073.jpg\"\n               data-image-id=\"2834\"\n               data-title=\"img_2073\"\n               data-description=\"\"\n               data-image-slug=\"img_2073\"\n               class=\"shutterset_ff47fd508f60c5ff8630e9e3ad1de006\">\n                <img\n                    title=\"img_2073\"\n                    alt=\"img_2073\"\n                    src=\"http:\/\/www.karate-neuhofen.at\/wp-content\/gallery\/trainingslager-in-gnas-2013\/thumbs\/thumbs_img_2073.jpg\"\n                    width=\"100\"\n                    height=\"66\"\n                    style=\"max-width:100%;\"\n                \/>\n            <\/a>\n        <\/div>\n\t\t\t\t\t\t\t<\/div> \n\t\t\t\n        \n\t\t\t\t<div id=\"ngg-image-245\" class=\"ngg-gallery-thumbnail-box\" >\n\t\t\t\t        <div class=\"ngg-gallery-thumbnail\">\n            <a href=\"http:\/\/www.karate-neuhofen.at\/wp-content\/gallery\/trainingslager-in-gnas-2013\/img_2074.jpg\"\n               title=\"\"\n               data-src=\"http:\/\/www.karate-neuhofen.at\/wp-content\/gallery\/trainingslager-in-gnas-2013\/img_2074.jpg\"\n               data-thumbnail=\"http:\/\/www.karate-neuhofen.at\/wp-content\/gallery\/trainingslager-in-gnas-2013\/thumbs\/thumbs_img_2074.jpg\"\n               data-image-id=\"2835\"\n               data-title=\"img_2074\"\n               data-description=\"\"\n               data-image-slug=\"img_2074\"\n               class=\"shutterset_ff47fd508f60c5ff8630e9e3ad1de006\">\n                <img\n                    title=\"img_2074\"\n                    alt=\"img_2074\"\n                    src=\"http:\/\/www.karate-neuhofen.at\/wp-content\/gallery\/trainingslager-in-gnas-2013\/thumbs\/thumbs_img_2074.jpg\"\n                    width=\"100\"\n                    height=\"66\"\n                    style=\"max-width:100%;\"\n                \/>\n            <\/a>\n        <\/div>\n\t\t\t\t\t\t\t<\/div> \n\t\t\t\n        \n\t\t\t\t<div id=\"ngg-image-246\" class=\"ngg-gallery-thumbnail-box\" >\n\t\t\t\t        <div class=\"ngg-gallery-thumbnail\">\n            <a href=\"http:\/\/www.karate-neuhofen.at\/wp-content\/gallery\/trainingslager-in-gnas-2013\/img_2075.jpg\"\n               title=\"\"\n               data-src=\"http:\/\/www.karate-neuhofen.at\/wp-content\/gallery\/trainingslager-in-gnas-2013\/img_2075.jpg\"\n               data-thumbnail=\"http:\/\/www.karate-neuhofen.at\/wp-content\/gallery\/trainingslager-in-gnas-2013\/thumbs\/thumbs_img_2075.jpg\"\n               data-image-id=\"2836\"\n               data-title=\"img_2075\"\n               data-description=\"\"\n               data-image-slug=\"img_2075\"\n               class=\"shutterset_ff47fd508f60c5ff8630e9e3ad1de006\">\n                <img\n                    title=\"img_2075\"\n                    alt=\"img_2075\"\n                    src=\"http:\/\/www.karate-neuhofen.at\/wp-content\/gallery\/trainingslager-in-gnas-2013\/thumbs\/thumbs_img_2075.jpg\"\n                    width=\"100\"\n                    height=\"66\"\n                    style=\"max-width:100%;\"\n                \/>\n            <\/a>\n        <\/div>\n\t\t\t\t\t\t\t<\/div> \n\t\t\t\n        \n\t\t\t\t<div id=\"ngg-image-247\" class=\"ngg-gallery-thumbnail-box\" >\n\t\t\t\t        <div class=\"ngg-gallery-thumbnail\">\n            <a href=\"http:\/\/www.karate-neuhofen.at\/wp-content\/gallery\/trainingslager-in-gnas-2013\/img_2076.jpg\"\n               title=\"\"\n               data-src=\"http:\/\/www.karate-neuhofen.at\/wp-content\/gallery\/trainingslager-in-gnas-2013\/img_2076.jpg\"\n               data-thumbnail=\"http:\/\/www.karate-neuhofen.at\/wp-content\/gallery\/trainingslager-in-gnas-2013\/thumbs\/thumbs_img_2076.jpg\"\n               data-image-id=\"2837\"\n               data-title=\"img_2076\"\n               data-description=\"\"\n               data-image-slug=\"img_2076\"\n               class=\"shutterset_ff47fd508f60c5ff8630e9e3ad1de006\">\n                <img\n                    title=\"img_2076\"\n                    alt=\"img_2076\"\n                    src=\"http:\/\/www.karate-neuhofen.at\/wp-content\/gallery\/trainingslager-in-gnas-2013\/thumbs\/thumbs_img_2076.jpg\"\n                    width=\"100\"\n                    height=\"66\"\n                    style=\"max-width:100%;\"\n                \/>\n            <\/a>\n        <\/div>\n\t\t\t\t\t\t\t<\/div> \n\t\t\t\n        \n\t\t\t\t<div id=\"ngg-image-248\" class=\"ngg-gallery-thumbnail-box\" >\n\t\t\t\t        <div class=\"ngg-gallery-thumbnail\">\n            <a href=\"http:\/\/www.karate-neuhofen.at\/wp-content\/gallery\/trainingslager-in-gnas-2013\/img_2078.jpg\"\n               title=\"\"\n               data-src=\"http:\/\/www.karate-neuhofen.at\/wp-content\/gallery\/trainingslager-in-gnas-2013\/img_2078.jpg\"\n               data-thumbnail=\"http:\/\/www.karate-neuhofen.at\/wp-content\/gallery\/trainingslager-in-gnas-2013\/thumbs\/thumbs_img_2078.jpg\"\n               data-image-id=\"2838\"\n               data-title=\"img_2078\"\n               data-description=\"\"\n               data-image-slug=\"img_2078\"\n               class=\"shutterset_ff47fd508f60c5ff8630e9e3ad1de006\">\n                <img\n                    title=\"img_2078\"\n                    alt=\"img_2078\"\n                    src=\"http:\/\/www.karate-neuhofen.at\/wp-content\/gallery\/trainingslager-in-gnas-2013\/thumbs\/thumbs_img_2078.jpg\"\n                    width=\"100\"\n                    height=\"66\"\n                    style=\"max-width:100%;\"\n                \/>\n            <\/a>\n        <\/div>\n\t\t\t\t\t\t\t<\/div> \n\t\t\t\n        \n\t\t\t\t<div id=\"ngg-image-249\" class=\"ngg-gallery-thumbnail-box\" >\n\t\t\t\t        <div class=\"ngg-gallery-thumbnail\">\n            <a href=\"http:\/\/www.karate-neuhofen.at\/wp-content\/gallery\/trainingslager-in-gnas-2013\/img_2079.jpg\"\n               title=\"\"\n               data-src=\"http:\/\/www.karate-neuhofen.at\/wp-content\/gallery\/trainingslager-in-gnas-2013\/img_2079.jpg\"\n               data-thumbnail=\"http:\/\/www.karate-neuhofen.at\/wp-content\/gallery\/trainingslager-in-gnas-2013\/thumbs\/thumbs_img_2079.jpg\"\n               data-image-id=\"2839\"\n               data-title=\"img_2079\"\n               data-description=\"\"\n               data-image-slug=\"img_2079\"\n               class=\"shutterset_ff47fd508f60c5ff8630e9e3ad1de006\">\n                <img\n                    title=\"img_2079\"\n                    alt=\"img_2079\"\n                    src=\"http:\/\/www.karate-neuhofen.at\/wp-content\/gallery\/trainingslager-in-gnas-2013\/thumbs\/thumbs_img_2079.jpg\"\n                    width=\"100\"\n                    height=\"66\"\n                    style=\"max-width:100%;\"\n                \/>\n            <\/a>\n        <\/div>\n\t\t\t\t\t\t\t<\/div> \n\t\t\t\n        \n\t\t\t\t<div id=\"ngg-image-250\" class=\"ngg-gallery-thumbnail-box\" >\n\t\t\t\t        <div class=\"ngg-gallery-thumbnail\">\n            <a href=\"http:\/\/www.karate-neuhofen.at\/wp-content\/gallery\/trainingslager-in-gnas-2013\/img_2080.jpg\"\n               title=\"\"\n               data-src=\"http:\/\/www.karate-neuhofen.at\/wp-content\/gallery\/trainingslager-in-gnas-2013\/img_2080.jpg\"\n               data-thumbnail=\"http:\/\/www.karate-neuhofen.at\/wp-content\/gallery\/trainingslager-in-gnas-2013\/thumbs\/thumbs_img_2080.jpg\"\n               data-image-id=\"2840\"\n               data-title=\"img_2080\"\n               data-description=\"\"\n               data-image-slug=\"img_2080\"\n               class=\"shutterset_ff47fd508f60c5ff8630e9e3ad1de006\">\n                <img\n                    title=\"img_2080\"\n                    alt=\"img_2080\"\n                    src=\"http:\/\/www.karate-neuhofen.at\/wp-content\/gallery\/trainingslager-in-gnas-2013\/thumbs\/thumbs_img_2080.jpg\"\n                    width=\"100\"\n                    height=\"66\"\n                    style=\"max-width:100%;\"\n                \/>\n            <\/a>\n        <\/div>\n\t\t\t\t\t\t\t<\/div> \n\t\t\t\n        \n\t\t\t\t<div id=\"ngg-image-251\" class=\"ngg-gallery-thumbnail-box\" >\n\t\t\t\t        <div class=\"ngg-gallery-thumbnail\">\n            <a href=\"http:\/\/www.karate-neuhofen.at\/wp-content\/gallery\/trainingslager-in-gnas-2013\/img_2081.jpg\"\n               title=\"\"\n               data-src=\"http:\/\/www.karate-neuhofen.at\/wp-content\/gallery\/trainingslager-in-gnas-2013\/img_2081.jpg\"\n               data-thumbnail=\"http:\/\/www.karate-neuhofen.at\/wp-content\/gallery\/trainingslager-in-gnas-2013\/thumbs\/thumbs_img_2081.jpg\"\n               data-image-id=\"2841\"\n               data-title=\"img_2081\"\n               data-description=\"\"\n               data-image-slug=\"img_2081\"\n               class=\"shutterset_ff47fd508f60c5ff8630e9e3ad1de006\">\n                <img\n                    title=\"img_2081\"\n                    alt=\"img_2081\"\n                    src=\"http:\/\/www.karate-neuhofen.at\/wp-content\/gallery\/trainingslager-in-gnas-2013\/thumbs\/thumbs_img_2081.jpg\"\n                    width=\"100\"\n                    height=\"66\"\n                    style=\"max-width:100%;\"\n                \/>\n            <\/a>\n        <\/div>\n\t\t\t\t\t\t\t<\/div> \n\t\t\t\n        \n\t\t\t\t<div id=\"ngg-image-252\" class=\"ngg-gallery-thumbnail-box\" >\n\t\t\t\t        <div class=\"ngg-gallery-thumbnail\">\n            <a href=\"http:\/\/www.karate-neuhofen.at\/wp-content\/gallery\/trainingslager-in-gnas-2013\/img_2082.jpg\"\n               title=\"\"\n               data-src=\"http:\/\/www.karate-neuhofen.at\/wp-content\/gallery\/trainingslager-in-gnas-2013\/img_2082.jpg\"\n               data-thumbnail=\"http:\/\/www.karate-neuhofen.at\/wp-content\/gallery\/trainingslager-in-gnas-2013\/thumbs\/thumbs_img_2082.jpg\"\n               data-image-id=\"2842\"\n               data-title=\"img_2082\"\n               data-description=\"\"\n               data-image-slug=\"img_2082\"\n               class=\"shutterset_ff47fd508f60c5ff8630e9e3ad1de006\">\n                <img\n                    title=\"img_2082\"\n                    alt=\"img_2082\"\n                    src=\"http:\/\/www.karate-neuhofen.at\/wp-content\/gallery\/trainingslager-in-gnas-2013\/thumbs\/thumbs_img_2082.jpg\"\n                    width=\"100\"\n                    height=\"66\"\n                    style=\"max-width:100%;\"\n                \/>\n            <\/a>\n        <\/div>\n\t\t\t\t\t\t\t<\/div> \n\t\t\t\n        \n\t\t\t\t<div id=\"ngg-image-253\" class=\"ngg-gallery-thumbnail-box\" >\n\t\t\t\t        <div class=\"ngg-gallery-thumbnail\">\n            <a href=\"http:\/\/www.karate-neuhofen.at\/wp-content\/gallery\/trainingslager-in-gnas-2013\/img_2083.jpg\"\n               title=\"\"\n               data-src=\"http:\/\/www.karate-neuhofen.at\/wp-content\/gallery\/trainingslager-in-gnas-2013\/img_2083.jpg\"\n               data-thumbnail=\"http:\/\/www.karate-neuhofen.at\/wp-content\/gallery\/trainingslager-in-gnas-2013\/thumbs\/thumbs_img_2083.jpg\"\n               data-image-id=\"2843\"\n               data-title=\"img_2083\"\n               data-description=\"\"\n               data-image-slug=\"img_2083\"\n               class=\"shutterset_ff47fd508f60c5ff8630e9e3ad1de006\">\n                <img\n                    title=\"img_2083\"\n                    alt=\"img_2083\"\n                    src=\"http:\/\/www.karate-neuhofen.at\/wp-content\/gallery\/trainingslager-in-gnas-2013\/thumbs\/thumbs_img_2083.jpg\"\n                    width=\"100\"\n                    height=\"66\"\n                    style=\"max-width:100%;\"\n                \/>\n            <\/a>\n        <\/div>\n\t\t\t\t\t\t\t<\/div> \n\t\t\t\n        \n\t\t\t\t<div id=\"ngg-image-254\" class=\"ngg-gallery-thumbnail-box\" >\n\t\t\t\t        <div class=\"ngg-gallery-thumbnail\">\n            <a href=\"http:\/\/www.karate-neuhofen.at\/wp-content\/gallery\/trainingslager-in-gnas-2013\/img_2085.jpg\"\n               title=\"\"\n               data-src=\"http:\/\/www.karate-neuhofen.at\/wp-content\/gallery\/trainingslager-in-gnas-2013\/img_2085.jpg\"\n               data-thumbnail=\"http:\/\/www.karate-neuhofen.at\/wp-content\/gallery\/trainingslager-in-gnas-2013\/thumbs\/thumbs_img_2085.jpg\"\n               data-image-id=\"2844\"\n               data-title=\"img_2085\"\n               data-description=\"\"\n               data-image-slug=\"img_2085\"\n               class=\"shutterset_ff47fd508f60c5ff8630e9e3ad1de006\">\n                <img\n                    title=\"img_2085\"\n                    alt=\"img_2085\"\n                    src=\"http:\/\/www.karate-neuhofen.at\/wp-content\/gallery\/trainingslager-in-gnas-2013\/thumbs\/thumbs_img_2085.jpg\"\n                    width=\"100\"\n                    height=\"66\"\n                    style=\"max-width:100%;\"\n                \/>\n            <\/a>\n        <\/div>\n\t\t\t\t\t\t\t<\/div> \n\t\t\t\n        \n\t\t\t\t<div id=\"ngg-image-255\" class=\"ngg-gallery-thumbnail-box\" >\n\t\t\t\t        <div class=\"ngg-gallery-thumbnail\">\n            <a href=\"http:\/\/www.karate-neuhofen.at\/wp-content\/gallery\/trainingslager-in-gnas-2013\/img_2086.jpg\"\n               title=\"\"\n               data-src=\"http:\/\/www.karate-neuhofen.at\/wp-content\/gallery\/trainingslager-in-gnas-2013\/img_2086.jpg\"\n               data-thumbnail=\"http:\/\/www.karate-neuhofen.at\/wp-content\/gallery\/trainingslager-in-gnas-2013\/thumbs\/thumbs_img_2086.jpg\"\n               data-image-id=\"2845\"\n               data-title=\"img_2086\"\n               data-description=\"\"\n               data-image-slug=\"img_2086\"\n               class=\"shutterset_ff47fd508f60c5ff8630e9e3ad1de006\">\n                <img\n                    title=\"img_2086\"\n                    alt=\"img_2086\"\n                    src=\"http:\/\/www.karate-neuhofen.at\/wp-content\/gallery\/trainingslager-in-gnas-2013\/thumbs\/thumbs_img_2086.jpg\"\n                    width=\"100\"\n                    height=\"66\"\n                    style=\"max-width:100%;\"\n                \/>\n            <\/a>\n        <\/div>\n\t\t\t\t\t\t\t<\/div> \n\t\t\t\n        \n\t\t\t\t<div id=\"ngg-image-256\" class=\"ngg-gallery-thumbnail-box\" >\n\t\t\t\t        <div class=\"ngg-gallery-thumbnail\">\n            <a href=\"http:\/\/www.karate-neuhofen.at\/wp-content\/gallery\/trainingslager-in-gnas-2013\/img_2087.jpg\"\n               title=\"\"\n               data-src=\"http:\/\/www.karate-neuhofen.at\/wp-content\/gallery\/trainingslager-in-gnas-2013\/img_2087.jpg\"\n               data-thumbnail=\"http:\/\/www.karate-neuhofen.at\/wp-content\/gallery\/trainingslager-in-gnas-2013\/thumbs\/thumbs_img_2087.jpg\"\n               data-image-id=\"2846\"\n               data-title=\"img_2087\"\n               data-description=\"\"\n               data-image-slug=\"img_2087\"\n               class=\"shutterset_ff47fd508f60c5ff8630e9e3ad1de006\">\n                <img\n                    title=\"img_2087\"\n                    alt=\"img_2087\"\n                    src=\"http:\/\/www.karate-neuhofen.at\/wp-content\/gallery\/trainingslager-in-gnas-2013\/thumbs\/thumbs_img_2087.jpg\"\n                    width=\"100\"\n                    height=\"66\"\n                    style=\"max-width:100%;\"\n                \/>\n            <\/a>\n        <\/div>\n\t\t\t\t\t\t\t<\/div> \n\t\t\t\n        \n\t\t\t\t<div id=\"ngg-image-257\" class=\"ngg-gallery-thumbnail-box\" >\n\t\t\t\t        <div class=\"ngg-gallery-thumbnail\">\n            <a href=\"http:\/\/www.karate-neuhofen.at\/wp-content\/gallery\/trainingslager-in-gnas-2013\/img_2090.jpg\"\n               title=\"\"\n               data-src=\"http:\/\/www.karate-neuhofen.at\/wp-content\/gallery\/trainingslager-in-gnas-2013\/img_2090.jpg\"\n               data-thumbnail=\"http:\/\/www.karate-neuhofen.at\/wp-content\/gallery\/trainingslager-in-gnas-2013\/thumbs\/thumbs_img_2090.jpg\"\n               data-image-id=\"2847\"\n               data-title=\"img_2090\"\n               data-description=\"\"\n               data-image-slug=\"img_2090\"\n               class=\"shutterset_ff47fd508f60c5ff8630e9e3ad1de006\">\n                <img\n                    title=\"img_2090\"\n                    alt=\"img_2090\"\n                    src=\"http:\/\/www.karate-neuhofen.at\/wp-content\/gallery\/trainingslager-in-gnas-2013\/thumbs\/thumbs_img_2090.jpg\"\n                    width=\"100\"\n                    height=\"66\"\n                    style=\"max-width:100%;\"\n                \/>\n            <\/a>\n        <\/div>\n\t\t\t\t\t\t\t<\/div> \n\t\t\t\n        \n\t\t\t\t<div id=\"ngg-image-258\" class=\"ngg-gallery-thumbnail-box\" >\n\t\t\t\t        <div class=\"ngg-gallery-thumbnail\">\n            <a href=\"http:\/\/www.karate-neuhofen.at\/wp-content\/gallery\/trainingslager-in-gnas-2013\/img_2092.jpg\"\n               title=\"\"\n               data-src=\"http:\/\/www.karate-neuhofen.at\/wp-content\/gallery\/trainingslager-in-gnas-2013\/img_2092.jpg\"\n               data-thumbnail=\"http:\/\/www.karate-neuhofen.at\/wp-content\/gallery\/trainingslager-in-gnas-2013\/thumbs\/thumbs_img_2092.jpg\"\n               data-image-id=\"2848\"\n               data-title=\"img_2092\"\n               data-description=\"\"\n               data-image-slug=\"img_2092\"\n               class=\"shutterset_ff47fd508f60c5ff8630e9e3ad1de006\">\n                <img\n                    title=\"img_2092\"\n                    alt=\"img_2092\"\n                    src=\"http:\/\/www.karate-neuhofen.at\/wp-content\/gallery\/trainingslager-in-gnas-2013\/thumbs\/thumbs_img_2092.jpg\"\n                    width=\"100\"\n                    height=\"66\"\n                    style=\"max-width:100%;\"\n                \/>\n            <\/a>\n        <\/div>\n\t\t\t\t\t\t\t<\/div> \n\t\t\t\n        \n\t\t\t\t<div id=\"ngg-image-259\" class=\"ngg-gallery-thumbnail-box\" >\n\t\t\t\t        <div class=\"ngg-gallery-thumbnail\">\n            <a href=\"http:\/\/www.karate-neuhofen.at\/wp-content\/gallery\/trainingslager-in-gnas-2013\/img_2093.jpg\"\n               title=\"\"\n               data-src=\"http:\/\/www.karate-neuhofen.at\/wp-content\/gallery\/trainingslager-in-gnas-2013\/img_2093.jpg\"\n               data-thumbnail=\"http:\/\/www.karate-neuhofen.at\/wp-content\/gallery\/trainingslager-in-gnas-2013\/thumbs\/thumbs_img_2093.jpg\"\n               data-image-id=\"2849\"\n               data-title=\"img_2093\"\n               data-description=\"\"\n               data-image-slug=\"img_2093\"\n               class=\"shutterset_ff47fd508f60c5ff8630e9e3ad1de006\">\n                <img\n                    title=\"img_2093\"\n                    alt=\"img_2093\"\n                    src=\"http:\/\/www.karate-neuhofen.at\/wp-content\/gallery\/trainingslager-in-gnas-2013\/thumbs\/thumbs_img_2093.jpg\"\n                    width=\"100\"\n                    height=\"66\"\n                    style=\"max-width:100%;\"\n                \/>\n            <\/a>\n        <\/div>\n\t\t\t\t\t\t\t<\/div> \n\t\t\t\n        \n\t\t\t\t<div id=\"ngg-image-260\" class=\"ngg-gallery-thumbnail-box\" >\n\t\t\t\t        <div class=\"ngg-gallery-thumbnail\">\n            <a href=\"http:\/\/www.karate-neuhofen.at\/wp-content\/gallery\/trainingslager-in-gnas-2013\/img_2095.jpg\"\n               title=\"\"\n               data-src=\"http:\/\/www.karate-neuhofen.at\/wp-content\/gallery\/trainingslager-in-gnas-2013\/img_2095.jpg\"\n               data-thumbnail=\"http:\/\/www.karate-neuhofen.at\/wp-content\/gallery\/trainingslager-in-gnas-2013\/thumbs\/thumbs_img_2095.jpg\"\n               data-image-id=\"2850\"\n               data-title=\"img_2095\"\n               data-description=\"\"\n               data-image-slug=\"img_2095\"\n               class=\"shutterset_ff47fd508f60c5ff8630e9e3ad1de006\">\n                <img\n                    title=\"img_2095\"\n                    alt=\"img_2095\"\n                    src=\"http:\/\/www.karate-neuhofen.at\/wp-content\/gallery\/trainingslager-in-gnas-2013\/thumbs\/thumbs_img_2095.jpg\"\n                    width=\"100\"\n                    height=\"66\"\n                    style=\"max-width:100%;\"\n                \/>\n            <\/a>\n        <\/div>\n\t\t\t\t\t\t\t<\/div> \n\t\t\t\n        \n\t\t\t\t<div id=\"ngg-image-261\" class=\"ngg-gallery-thumbnail-box\" >\n\t\t\t\t        <div class=\"ngg-gallery-thumbnail\">\n            <a href=\"http:\/\/www.karate-neuhofen.at\/wp-content\/gallery\/trainingslager-in-gnas-2013\/img_2096.jpg\"\n               title=\"\"\n               data-src=\"http:\/\/www.karate-neuhofen.at\/wp-content\/gallery\/trainingslager-in-gnas-2013\/img_2096.jpg\"\n               data-thumbnail=\"http:\/\/www.karate-neuhofen.at\/wp-content\/gallery\/trainingslager-in-gnas-2013\/thumbs\/thumbs_img_2096.jpg\"\n               data-image-id=\"2851\"\n               data-title=\"img_2096\"\n               data-description=\"\"\n               data-image-slug=\"img_2096\"\n               class=\"shutterset_ff47fd508f60c5ff8630e9e3ad1de006\">\n                <img\n                    title=\"img_2096\"\n                    alt=\"img_2096\"\n                    src=\"http:\/\/www.karate-neuhofen.at\/wp-content\/gallery\/trainingslager-in-gnas-2013\/thumbs\/thumbs_img_2096.jpg\"\n                    width=\"100\"\n                    height=\"66\"\n                    style=\"max-width:100%;\"\n                \/>\n            <\/a>\n        <\/div>\n\t\t\t\t\t\t\t<\/div> \n\t\t\t\n        \n\t\t\t\t<div id=\"ngg-image-262\" class=\"ngg-gallery-thumbnail-box\" >\n\t\t\t\t        <div class=\"ngg-gallery-thumbnail\">\n            <a href=\"http:\/\/www.karate-neuhofen.at\/wp-content\/gallery\/trainingslager-in-gnas-2013\/img_2097.jpg\"\n               title=\"\"\n               data-src=\"http:\/\/www.karate-neuhofen.at\/wp-content\/gallery\/trainingslager-in-gnas-2013\/img_2097.jpg\"\n               data-thumbnail=\"http:\/\/www.karate-neuhofen.at\/wp-content\/gallery\/trainingslager-in-gnas-2013\/thumbs\/thumbs_img_2097.jpg\"\n               data-image-id=\"2852\"\n               data-title=\"img_2097\"\n               data-description=\"\"\n               data-image-slug=\"img_2097\"\n               class=\"shutterset_ff47fd508f60c5ff8630e9e3ad1de006\">\n                <img\n                    title=\"img_2097\"\n                    alt=\"img_2097\"\n                    src=\"http:\/\/www.karate-neuhofen.at\/wp-content\/gallery\/trainingslager-in-gnas-2013\/thumbs\/thumbs_img_2097.jpg\"\n                    width=\"100\"\n                    height=\"66\"\n                    style=\"max-width:100%;\"\n                \/>\n            <\/a>\n        <\/div>\n\t\t\t\t\t\t\t<\/div> \n\t\t\t\n        \n\t\t\t\t<div id=\"ngg-image-263\" class=\"ngg-gallery-thumbnail-box\" >\n\t\t\t\t        <div class=\"ngg-gallery-thumbnail\">\n            <a href=\"http:\/\/www.karate-neuhofen.at\/wp-content\/gallery\/trainingslager-in-gnas-2013\/img_2099.jpg\"\n               title=\"\"\n               data-src=\"http:\/\/www.karate-neuhofen.at\/wp-content\/gallery\/trainingslager-in-gnas-2013\/img_2099.jpg\"\n               data-thumbnail=\"http:\/\/www.karate-neuhofen.at\/wp-content\/gallery\/trainingslager-in-gnas-2013\/thumbs\/thumbs_img_2099.jpg\"\n               data-image-id=\"2853\"\n               data-title=\"img_2099\"\n               data-description=\"\"\n               data-image-slug=\"img_2099\"\n               class=\"shutterset_ff47fd508f60c5ff8630e9e3ad1de006\">\n                <img\n                    title=\"img_2099\"\n                    alt=\"img_2099\"\n                    src=\"http:\/\/www.karate-neuhofen.at\/wp-content\/gallery\/trainingslager-in-gnas-2013\/thumbs\/thumbs_img_2099.jpg\"\n                    width=\"100\"\n                    height=\"66\"\n                    style=\"max-width:100%;\"\n                \/>\n            <\/a>\n        <\/div>\n\t\t\t\t\t\t\t<\/div> \n\t\t\t\n        \n\t\t\t\t<div id=\"ngg-image-264\" class=\"ngg-gallery-thumbnail-box\" >\n\t\t\t\t        <div class=\"ngg-gallery-thumbnail\">\n            <a href=\"http:\/\/www.karate-neuhofen.at\/wp-content\/gallery\/trainingslager-in-gnas-2013\/img_2100.jpg\"\n               title=\"\"\n               data-src=\"http:\/\/www.karate-neuhofen.at\/wp-content\/gallery\/trainingslager-in-gnas-2013\/img_2100.jpg\"\n               data-thumbnail=\"http:\/\/www.karate-neuhofen.at\/wp-content\/gallery\/trainingslager-in-gnas-2013\/thumbs\/thumbs_img_2100.jpg\"\n               data-image-id=\"2854\"\n               data-title=\"img_2100\"\n               data-description=\"\"\n               data-image-slug=\"img_2100\"\n               class=\"shutterset_ff47fd508f60c5ff8630e9e3ad1de006\">\n                <img\n                    title=\"img_2100\"\n                    alt=\"img_2100\"\n                    src=\"http:\/\/www.karate-neuhofen.at\/wp-content\/gallery\/trainingslager-in-gnas-2013\/thumbs\/thumbs_img_2100.jpg\"\n                    width=\"50\"\n                    height=\"75\"\n                    style=\"max-width:100%;\"\n                \/>\n            <\/a>\n        <\/div>\n\t\t\t\t\t\t\t<\/div> \n\t\t\t\n        \n\t\t\t\t<div id=\"ngg-image-265\" class=\"ngg-gallery-thumbnail-box\" >\n\t\t\t\t        <div class=\"ngg-gallery-thumbnail\">\n            <a href=\"http:\/\/www.karate-neuhofen.at\/wp-content\/gallery\/trainingslager-in-gnas-2013\/img_2102.jpg\"\n               title=\"\"\n               data-src=\"http:\/\/www.karate-neuhofen.at\/wp-content\/gallery\/trainingslager-in-gnas-2013\/img_2102.jpg\"\n               data-thumbnail=\"http:\/\/www.karate-neuhofen.at\/wp-content\/gallery\/trainingslager-in-gnas-2013\/thumbs\/thumbs_img_2102.jpg\"\n               data-image-id=\"2855\"\n               data-title=\"img_2102\"\n               data-description=\"\"\n               data-image-slug=\"img_2102\"\n               class=\"shutterset_ff47fd508f60c5ff8630e9e3ad1de006\">\n                <img\n                    title=\"img_2102\"\n                    alt=\"img_2102\"\n                    src=\"http:\/\/www.karate-neuhofen.at\/wp-content\/gallery\/trainingslager-in-gnas-2013\/thumbs\/thumbs_img_2102.jpg\"\n                    width=\"100\"\n                    height=\"66\"\n                    style=\"max-width:100%;\"\n                \/>\n            <\/a>\n        <\/div>\n\t\t\t\t\t\t\t<\/div> \n\t\t\t\n        \n\t\t\t\t<div id=\"ngg-image-266\" class=\"ngg-gallery-thumbnail-box\" >\n\t\t\t\t        <div class=\"ngg-gallery-thumbnail\">\n            <a href=\"http:\/\/www.karate-neuhofen.at\/wp-content\/gallery\/trainingslager-in-gnas-2013\/img_2107.jpg\"\n               title=\"\"\n               data-src=\"http:\/\/www.karate-neuhofen.at\/wp-content\/gallery\/trainingslager-in-gnas-2013\/img_2107.jpg\"\n               data-thumbnail=\"http:\/\/www.karate-neuhofen.at\/wp-content\/gallery\/trainingslager-in-gnas-2013\/thumbs\/thumbs_img_2107.jpg\"\n               data-image-id=\"2856\"\n               data-title=\"img_2107\"\n               data-description=\"\"\n               data-image-slug=\"img_2107\"\n               class=\"shutterset_ff47fd508f60c5ff8630e9e3ad1de006\">\n                <img\n                    title=\"img_2107\"\n                    alt=\"img_2107\"\n                    src=\"http:\/\/www.karate-neuhofen.at\/wp-content\/gallery\/trainingslager-in-gnas-2013\/thumbs\/thumbs_img_2107.jpg\"\n                    width=\"100\"\n                    height=\"66\"\n                    style=\"max-width:100%;\"\n                \/>\n            <\/a>\n        <\/div>\n\t\t\t\t\t\t\t<\/div> \n\t\t\t\n        \n\t\t\t\t<div id=\"ngg-image-267\" class=\"ngg-gallery-thumbnail-box\" >\n\t\t\t\t        <div class=\"ngg-gallery-thumbnail\">\n            <a href=\"http:\/\/www.karate-neuhofen.at\/wp-content\/gallery\/trainingslager-in-gnas-2013\/img_2108.jpg\"\n               title=\"\"\n               data-src=\"http:\/\/www.karate-neuhofen.at\/wp-content\/gallery\/trainingslager-in-gnas-2013\/img_2108.jpg\"\n               data-thumbnail=\"http:\/\/www.karate-neuhofen.at\/wp-content\/gallery\/trainingslager-in-gnas-2013\/thumbs\/thumbs_img_2108.jpg\"\n               data-image-id=\"2857\"\n               data-title=\"img_2108\"\n               data-description=\"\"\n               data-image-slug=\"img_2108\"\n               class=\"shutterset_ff47fd508f60c5ff8630e9e3ad1de006\">\n                <img\n                    title=\"img_2108\"\n                    alt=\"img_2108\"\n                    src=\"http:\/\/www.karate-neuhofen.at\/wp-content\/gallery\/trainingslager-in-gnas-2013\/thumbs\/thumbs_img_2108.jpg\"\n                    width=\"100\"\n                    height=\"66\"\n                    style=\"max-width:100%;\"\n                \/>\n            <\/a>\n        <\/div>\n\t\t\t\t\t\t\t<\/div> \n\t\t\t\n        \n\t\t\t\t<div id=\"ngg-image-268\" class=\"ngg-gallery-thumbnail-box\" >\n\t\t\t\t        <div class=\"ngg-gallery-thumbnail\">\n            <a href=\"http:\/\/www.karate-neuhofen.at\/wp-content\/gallery\/trainingslager-in-gnas-2013\/img_2109.jpg\"\n               title=\"\"\n               data-src=\"http:\/\/www.karate-neuhofen.at\/wp-content\/gallery\/trainingslager-in-gnas-2013\/img_2109.jpg\"\n               data-thumbnail=\"http:\/\/www.karate-neuhofen.at\/wp-content\/gallery\/trainingslager-in-gnas-2013\/thumbs\/thumbs_img_2109.jpg\"\n               data-image-id=\"2858\"\n               data-title=\"img_2109\"\n               data-description=\"\"\n               data-image-slug=\"img_2109\"\n               class=\"shutterset_ff47fd508f60c5ff8630e9e3ad1de006\">\n                <img\n                    title=\"img_2109\"\n                    alt=\"img_2109\"\n                    src=\"http:\/\/www.karate-neuhofen.at\/wp-content\/gallery\/trainingslager-in-gnas-2013\/thumbs\/thumbs_img_2109.jpg\"\n                    width=\"100\"\n                    height=\"66\"\n                    style=\"max-width:100%;\"\n                \/>\n            <\/a>\n        <\/div>\n\t\t\t\t\t\t\t<\/div> \n\t\t\t\n        \n\t\t\t\t<div id=\"ngg-image-269\" class=\"ngg-gallery-thumbnail-box\" >\n\t\t\t\t        <div class=\"ngg-gallery-thumbnail\">\n            <a href=\"http:\/\/www.karate-neuhofen.at\/wp-content\/gallery\/trainingslager-in-gnas-2013\/img_2110.jpg\"\n               title=\"\"\n               data-src=\"http:\/\/www.karate-neuhofen.at\/wp-content\/gallery\/trainingslager-in-gnas-2013\/img_2110.jpg\"\n               data-thumbnail=\"http:\/\/www.karate-neuhofen.at\/wp-content\/gallery\/trainingslager-in-gnas-2013\/thumbs\/thumbs_img_2110.jpg\"\n               data-image-id=\"2859\"\n               data-title=\"img_2110\"\n               data-description=\"\"\n               data-image-slug=\"img_2110\"\n               class=\"shutterset_ff47fd508f60c5ff8630e9e3ad1de006\">\n                <img\n                    title=\"img_2110\"\n                    alt=\"img_2110\"\n                    src=\"http:\/\/www.karate-neuhofen.at\/wp-content\/gallery\/trainingslager-in-gnas-2013\/thumbs\/thumbs_img_2110.jpg\"\n                    width=\"100\"\n                    height=\"66\"\n                    style=\"max-width:100%;\"\n                \/>\n            <\/a>\n        <\/div>\n\t\t\t\t\t\t\t<\/div> \n\t\t\t\n        \n\t\t\t\t<div id=\"ngg-image-270\" class=\"ngg-gallery-thumbnail-box\" >\n\t\t\t\t        <div class=\"ngg-gallery-thumbnail\">\n            <a href=\"http:\/\/www.karate-neuhofen.at\/wp-content\/gallery\/trainingslager-in-gnas-2013\/img_2112.jpg\"\n               title=\"\"\n               data-src=\"http:\/\/www.karate-neuhofen.at\/wp-content\/gallery\/trainingslager-in-gnas-2013\/img_2112.jpg\"\n               data-thumbnail=\"http:\/\/www.karate-neuhofen.at\/wp-content\/gallery\/trainingslager-in-gnas-2013\/thumbs\/thumbs_img_2112.jpg\"\n               data-image-id=\"2860\"\n               data-title=\"img_2112\"\n               data-description=\"\"\n               data-image-slug=\"img_2112\"\n               class=\"shutterset_ff47fd508f60c5ff8630e9e3ad1de006\">\n                <img\n                    title=\"img_2112\"\n                    alt=\"img_2112\"\n                    src=\"http:\/\/www.karate-neuhofen.at\/wp-content\/gallery\/trainingslager-in-gnas-2013\/thumbs\/thumbs_img_2112.jpg\"\n                    width=\"50\"\n                    height=\"75\"\n                    style=\"max-width:100%;\"\n                \/>\n            <\/a>\n        <\/div>\n\t\t\t\t\t\t\t<\/div> \n\t\t\t\n        \n\t\t\t\t<div id=\"ngg-image-271\" class=\"ngg-gallery-thumbnail-box\" >\n\t\t\t\t        <div class=\"ngg-gallery-thumbnail\">\n            <a href=\"http:\/\/www.karate-neuhofen.at\/wp-content\/gallery\/trainingslager-in-gnas-2013\/img_2113.jpg\"\n               title=\"\"\n               data-src=\"http:\/\/www.karate-neuhofen.at\/wp-content\/gallery\/trainingslager-in-gnas-2013\/img_2113.jpg\"\n               data-thumbnail=\"http:\/\/www.karate-neuhofen.at\/wp-content\/gallery\/trainingslager-in-gnas-2013\/thumbs\/thumbs_img_2113.jpg\"\n               data-image-id=\"2861\"\n               data-title=\"img_2113\"\n               data-description=\"\"\n               data-image-slug=\"img_2113\"\n               class=\"shutterset_ff47fd508f60c5ff8630e9e3ad1de006\">\n                <img\n                    title=\"img_2113\"\n                    alt=\"img_2113\"\n                    src=\"http:\/\/www.karate-neuhofen.at\/wp-content\/gallery\/trainingslager-in-gnas-2013\/thumbs\/thumbs_img_2113.jpg\"\n                    width=\"100\"\n                    height=\"66\"\n                    style=\"max-width:100%;\"\n                \/>\n            <\/a>\n        <\/div>\n\t\t\t\t\t\t\t<\/div> \n\t\t\t\n        \n\t\t\t\t<div id=\"ngg-image-272\" class=\"ngg-gallery-thumbnail-box\" >\n\t\t\t\t        <div class=\"ngg-gallery-thumbnail\">\n            <a href=\"http:\/\/www.karate-neuhofen.at\/wp-content\/gallery\/trainingslager-in-gnas-2013\/img_2115.jpg\"\n               title=\"\"\n               data-src=\"http:\/\/www.karate-neuhofen.at\/wp-content\/gallery\/trainingslager-in-gnas-2013\/img_2115.jpg\"\n               data-thumbnail=\"http:\/\/www.karate-neuhofen.at\/wp-content\/gallery\/trainingslager-in-gnas-2013\/thumbs\/thumbs_img_2115.jpg\"\n               data-image-id=\"2862\"\n               data-title=\"img_2115\"\n               data-description=\"\"\n               data-image-slug=\"img_2115\"\n               class=\"shutterset_ff47fd508f60c5ff8630e9e3ad1de006\">\n                <img\n                    title=\"img_2115\"\n                    alt=\"img_2115\"\n                    src=\"http:\/\/www.karate-neuhofen.at\/wp-content\/gallery\/trainingslager-in-gnas-2013\/thumbs\/thumbs_img_2115.jpg\"\n                    width=\"100\"\n                    height=\"66\"\n                    style=\"max-width:100%;\"\n                \/>\n            <\/a>\n        <\/div>\n\t\t\t\t\t\t\t<\/div> \n\t\t\t\n        \n\t\t\t\t<div id=\"ngg-image-273\" class=\"ngg-gallery-thumbnail-box\" >\n\t\t\t\t        <div class=\"ngg-gallery-thumbnail\">\n            <a href=\"http:\/\/www.karate-neuhofen.at\/wp-content\/gallery\/trainingslager-in-gnas-2013\/img_2116.jpg\"\n               title=\"\"\n               data-src=\"http:\/\/www.karate-neuhofen.at\/wp-content\/gallery\/trainingslager-in-gnas-2013\/img_2116.jpg\"\n               data-thumbnail=\"http:\/\/www.karate-neuhofen.at\/wp-content\/gallery\/trainingslager-in-gnas-2013\/thumbs\/thumbs_img_2116.jpg\"\n               data-image-id=\"2863\"\n               data-title=\"img_2116\"\n               data-description=\"\"\n               data-image-slug=\"img_2116\"\n               class=\"shutterset_ff47fd508f60c5ff8630e9e3ad1de006\">\n                <img\n                    title=\"img_2116\"\n                    alt=\"img_2116\"\n                    src=\"http:\/\/www.karate-neuhofen.at\/wp-content\/gallery\/trainingslager-in-gnas-2013\/thumbs\/thumbs_img_2116.jpg\"\n                    width=\"100\"\n                    height=\"66\"\n                    style=\"max-width:100%;\"\n                \/>\n            <\/a>\n        <\/div>\n\t\t\t\t\t\t\t<\/div> \n\t\t\t\n        \n\t\t\t\t<div id=\"ngg-image-274\" class=\"ngg-gallery-thumbnail-box\" >\n\t\t\t\t        <div class=\"ngg-gallery-thumbnail\">\n            <a href=\"http:\/\/www.karate-neuhofen.at\/wp-content\/gallery\/trainingslager-in-gnas-2013\/img_2118.jpg\"\n               title=\"\"\n               data-src=\"http:\/\/www.karate-neuhofen.at\/wp-content\/gallery\/trainingslager-in-gnas-2013\/img_2118.jpg\"\n               data-thumbnail=\"http:\/\/www.karate-neuhofen.at\/wp-content\/gallery\/trainingslager-in-gnas-2013\/thumbs\/thumbs_img_2118.jpg\"\n               data-image-id=\"2864\"\n               data-title=\"img_2118\"\n               data-description=\"\"\n               data-image-slug=\"img_2118\"\n               class=\"shutterset_ff47fd508f60c5ff8630e9e3ad1de006\">\n                <img\n                    title=\"img_2118\"\n                    alt=\"img_2118\"\n                    src=\"http:\/\/www.karate-neuhofen.at\/wp-content\/gallery\/trainingslager-in-gnas-2013\/thumbs\/thumbs_img_2118.jpg\"\n                    width=\"100\"\n                    height=\"66\"\n                    style=\"max-width:100%;\"\n                \/>\n            <\/a>\n        <\/div>\n\t\t\t\t\t\t\t<\/div> \n\t\t\t\n        \n\t\t\t\t<div id=\"ngg-image-275\" class=\"ngg-gallery-thumbnail-box\" >\n\t\t\t\t        <div class=\"ngg-gallery-thumbnail\">\n            <a href=\"http:\/\/www.karate-neuhofen.at\/wp-content\/gallery\/trainingslager-in-gnas-2013\/img_2121.jpg\"\n               title=\"\"\n               data-src=\"http:\/\/www.karate-neuhofen.at\/wp-content\/gallery\/trainingslager-in-gnas-2013\/img_2121.jpg\"\n               data-thumbnail=\"http:\/\/www.karate-neuhofen.at\/wp-content\/gallery\/trainingslager-in-gnas-2013\/thumbs\/thumbs_img_2121.jpg\"\n               data-image-id=\"2865\"\n               data-title=\"img_2121\"\n               data-description=\"\"\n               data-image-slug=\"img_2121\"\n               class=\"shutterset_ff47fd508f60c5ff8630e9e3ad1de006\">\n                <img\n                    title=\"img_2121\"\n                    alt=\"img_2121\"\n                    src=\"http:\/\/www.karate-neuhofen.at\/wp-content\/gallery\/trainingslager-in-gnas-2013\/thumbs\/thumbs_img_2121.jpg\"\n                    width=\"100\"\n                    height=\"66\"\n                    style=\"max-width:100%;\"\n                \/>\n            <\/a>\n        <\/div>\n\t\t\t\t\t\t\t<\/div> \n\t\t\t\n        \n\t\t\t\t<div id=\"ngg-image-276\" class=\"ngg-gallery-thumbnail-box\" >\n\t\t\t\t        <div class=\"ngg-gallery-thumbnail\">\n            <a href=\"http:\/\/www.karate-neuhofen.at\/wp-content\/gallery\/trainingslager-in-gnas-2013\/img_2123.jpg\"\n               title=\"\"\n               data-src=\"http:\/\/www.karate-neuhofen.at\/wp-content\/gallery\/trainingslager-in-gnas-2013\/img_2123.jpg\"\n               data-thumbnail=\"http:\/\/www.karate-neuhofen.at\/wp-content\/gallery\/trainingslager-in-gnas-2013\/thumbs\/thumbs_img_2123.jpg\"\n               data-image-id=\"2866\"\n               data-title=\"img_2123\"\n               data-description=\"\"\n               data-image-slug=\"img_2123\"\n               class=\"shutterset_ff47fd508f60c5ff8630e9e3ad1de006\">\n                <img\n                    title=\"img_2123\"\n                    alt=\"img_2123\"\n                    src=\"http:\/\/www.karate-neuhofen.at\/wp-content\/gallery\/trainingslager-in-gnas-2013\/thumbs\/thumbs_img_2123.jpg\"\n                    width=\"100\"\n                    height=\"66\"\n                    style=\"max-width:100%;\"\n                \/>\n            <\/a>\n        <\/div>\n\t\t\t\t\t\t\t<\/div> \n\t\t\t\n        \n\t\t\t\t<div id=\"ngg-image-277\" class=\"ngg-gallery-thumbnail-box\" >\n\t\t\t\t        <div class=\"ngg-gallery-thumbnail\">\n            <a href=\"http:\/\/www.karate-neuhofen.at\/wp-content\/gallery\/trainingslager-in-gnas-2013\/img_2126.jpg\"\n               title=\"\"\n               data-src=\"http:\/\/www.karate-neuhofen.at\/wp-content\/gallery\/trainingslager-in-gnas-2013\/img_2126.jpg\"\n               data-thumbnail=\"http:\/\/www.karate-neuhofen.at\/wp-content\/gallery\/trainingslager-in-gnas-2013\/thumbs\/thumbs_img_2126.jpg\"\n               data-image-id=\"2867\"\n               data-title=\"img_2126\"\n               data-description=\"\"\n               data-image-slug=\"img_2126\"\n               class=\"shutterset_ff47fd508f60c5ff8630e9e3ad1de006\">\n                <img\n                    title=\"img_2126\"\n                    alt=\"img_2126\"\n                    src=\"http:\/\/www.karate-neuhofen.at\/wp-content\/gallery\/trainingslager-in-gnas-2013\/thumbs\/thumbs_img_2126.jpg\"\n                    width=\"100\"\n                    height=\"66\"\n                    style=\"max-width:100%;\"\n                \/>\n            <\/a>\n        <\/div>\n\t\t\t\t\t\t\t<\/div> \n\t\t\t\n        \n\t\t\t\t<div id=\"ngg-image-278\" class=\"ngg-gallery-thumbnail-box\" >\n\t\t\t\t        <div class=\"ngg-gallery-thumbnail\">\n            <a href=\"http:\/\/www.karate-neuhofen.at\/wp-content\/gallery\/trainingslager-in-gnas-2013\/img_2128.jpg\"\n               title=\"\"\n               data-src=\"http:\/\/www.karate-neuhofen.at\/wp-content\/gallery\/trainingslager-in-gnas-2013\/img_2128.jpg\"\n               data-thumbnail=\"http:\/\/www.karate-neuhofen.at\/wp-content\/gallery\/trainingslager-in-gnas-2013\/thumbs\/thumbs_img_2128.jpg\"\n               data-image-id=\"2868\"\n               data-title=\"img_2128\"\n               data-description=\"\"\n               data-image-slug=\"img_2128\"\n               class=\"shutterset_ff47fd508f60c5ff8630e9e3ad1de006\">\n                <img\n                    title=\"img_2128\"\n                    alt=\"img_2128\"\n                    src=\"http:\/\/www.karate-neuhofen.at\/wp-content\/gallery\/trainingslager-in-gnas-2013\/thumbs\/thumbs_img_2128.jpg\"\n                    width=\"100\"\n                    height=\"66\"\n                    style=\"max-width:100%;\"\n                \/>\n            <\/a>\n        <\/div>\n\t\t\t\t\t\t\t<\/div> \n\t\t\t\n        \n\t\t\t\t<div id=\"ngg-image-279\" class=\"ngg-gallery-thumbnail-box\" >\n\t\t\t\t        <div class=\"ngg-gallery-thumbnail\">\n            <a href=\"http:\/\/www.karate-neuhofen.at\/wp-content\/gallery\/trainingslager-in-gnas-2013\/img_2131.jpg\"\n               title=\"\"\n               data-src=\"http:\/\/www.karate-neuhofen.at\/wp-content\/gallery\/trainingslager-in-gnas-2013\/img_2131.jpg\"\n               data-thumbnail=\"http:\/\/www.karate-neuhofen.at\/wp-content\/gallery\/trainingslager-in-gnas-2013\/thumbs\/thumbs_img_2131.jpg\"\n               data-image-id=\"2869\"\n               data-title=\"img_2131\"\n               data-description=\"\"\n               data-image-slug=\"img_2131\"\n               class=\"shutterset_ff47fd508f60c5ff8630e9e3ad1de006\">\n                <img\n                    title=\"img_2131\"\n                    alt=\"img_2131\"\n                    src=\"http:\/\/www.karate-neuhofen.at\/wp-content\/gallery\/trainingslager-in-gnas-2013\/thumbs\/thumbs_img_2131.jpg\"\n                    width=\"100\"\n                    height=\"66\"\n                    style=\"max-width:100%;\"\n                \/>\n            <\/a>\n        <\/div>\n\t\t\t\t\t\t\t<\/div> \n\t\t\t\n        \n\t\t\t\t<div id=\"ngg-image-280\" class=\"ngg-gallery-thumbnail-box\" >\n\t\t\t\t        <div class=\"ngg-gallery-thumbnail\">\n            <a href=\"http:\/\/www.karate-neuhofen.at\/wp-content\/gallery\/trainingslager-in-gnas-2013\/img_2134.jpg\"\n               title=\"\"\n               data-src=\"http:\/\/www.karate-neuhofen.at\/wp-content\/gallery\/trainingslager-in-gnas-2013\/img_2134.jpg\"\n               data-thumbnail=\"http:\/\/www.karate-neuhofen.at\/wp-content\/gallery\/trainingslager-in-gnas-2013\/thumbs\/thumbs_img_2134.jpg\"\n               data-image-id=\"2870\"\n               data-title=\"img_2134\"\n               data-description=\"\"\n               data-image-slug=\"img_2134\"\n               class=\"shutterset_ff47fd508f60c5ff8630e9e3ad1de006\">\n                <img\n                    title=\"img_2134\"\n                    alt=\"img_2134\"\n                    src=\"http:\/\/www.karate-neuhofen.at\/wp-content\/gallery\/trainingslager-in-gnas-2013\/thumbs\/thumbs_img_2134.jpg\"\n                    width=\"100\"\n                    height=\"66\"\n                    style=\"max-width:100%;\"\n                \/>\n            <\/a>\n        <\/div>\n\t\t\t\t\t\t\t<\/div> \n\t\t\t\n        \n\t\t\t\t<div id=\"ngg-image-281\" class=\"ngg-gallery-thumbnail-box\" >\n\t\t\t\t        <div class=\"ngg-gallery-thumbnail\">\n            <a href=\"http:\/\/www.karate-neuhofen.at\/wp-content\/gallery\/trainingslager-in-gnas-2013\/img_2135.jpg\"\n               title=\"\"\n               data-src=\"http:\/\/www.karate-neuhofen.at\/wp-content\/gallery\/trainingslager-in-gnas-2013\/img_2135.jpg\"\n               data-thumbnail=\"http:\/\/www.karate-neuhofen.at\/wp-content\/gallery\/trainingslager-in-gnas-2013\/thumbs\/thumbs_img_2135.jpg\"\n               data-image-id=\"2871\"\n               data-title=\"img_2135\"\n               data-description=\"\"\n               data-image-slug=\"img_2135\"\n               class=\"shutterset_ff47fd508f60c5ff8630e9e3ad1de006\">\n                <img\n                    title=\"img_2135\"\n                    alt=\"img_2135\"\n                    src=\"http:\/\/www.karate-neuhofen.at\/wp-content\/gallery\/trainingslager-in-gnas-2013\/thumbs\/thumbs_img_2135.jpg\"\n                    width=\"100\"\n                    height=\"66\"\n                    style=\"max-width:100%;\"\n                \/>\n            <\/a>\n        <\/div>\n\t\t\t\t\t\t\t<\/div> \n\t\t\t\n        \n\t\t\t\t<div id=\"ngg-image-282\" class=\"ngg-gallery-thumbnail-box\" >\n\t\t\t\t        <div class=\"ngg-gallery-thumbnail\">\n            <a href=\"http:\/\/www.karate-neuhofen.at\/wp-content\/gallery\/trainingslager-in-gnas-2013\/img_2140.jpg\"\n               title=\"\"\n               data-src=\"http:\/\/www.karate-neuhofen.at\/wp-content\/gallery\/trainingslager-in-gnas-2013\/img_2140.jpg\"\n               data-thumbnail=\"http:\/\/www.karate-neuhofen.at\/wp-content\/gallery\/trainingslager-in-gnas-2013\/thumbs\/thumbs_img_2140.jpg\"\n               data-image-id=\"2872\"\n               data-title=\"img_2140\"\n               data-description=\"\"\n               data-image-slug=\"img_2140\"\n               class=\"shutterset_ff47fd508f60c5ff8630e9e3ad1de006\">\n                <img\n                    title=\"img_2140\"\n                    alt=\"img_2140\"\n                    src=\"http:\/\/www.karate-neuhofen.at\/wp-content\/gallery\/trainingslager-in-gnas-2013\/thumbs\/thumbs_img_2140.jpg\"\n                    width=\"100\"\n                    height=\"66\"\n                    style=\"max-width:100%;\"\n                \/>\n            <\/a>\n        <\/div>\n\t\t\t\t\t\t\t<\/div> \n\t\t\t\n        \n\t\t\t\t<div id=\"ngg-image-283\" class=\"ngg-gallery-thumbnail-box\" >\n\t\t\t\t        <div class=\"ngg-gallery-thumbnail\">\n            <a href=\"http:\/\/www.karate-neuhofen.at\/wp-content\/gallery\/trainingslager-in-gnas-2013\/img_2141.jpg\"\n               title=\"\"\n               data-src=\"http:\/\/www.karate-neuhofen.at\/wp-content\/gallery\/trainingslager-in-gnas-2013\/img_2141.jpg\"\n               data-thumbnail=\"http:\/\/www.karate-neuhofen.at\/wp-content\/gallery\/trainingslager-in-gnas-2013\/thumbs\/thumbs_img_2141.jpg\"\n               data-image-id=\"2873\"\n               data-title=\"img_2141\"\n               data-description=\"\"\n               data-image-slug=\"img_2141\"\n               class=\"shutterset_ff47fd508f60c5ff8630e9e3ad1de006\">\n                <img\n                    title=\"img_2141\"\n                    alt=\"img_2141\"\n                    src=\"http:\/\/www.karate-neuhofen.at\/wp-content\/gallery\/trainingslager-in-gnas-2013\/thumbs\/thumbs_img_2141.jpg\"\n                    width=\"100\"\n                    height=\"66\"\n                    style=\"max-width:100%;\"\n                \/>\n            <\/a>\n        <\/div>\n\t\t\t\t\t\t\t<\/div> \n\t\t\t\n        \n\t\t\t\t<div id=\"ngg-image-284\" class=\"ngg-gallery-thumbnail-box\" >\n\t\t\t\t        <div class=\"ngg-gallery-thumbnail\">\n            <a href=\"http:\/\/www.karate-neuhofen.at\/wp-content\/gallery\/trainingslager-in-gnas-2013\/img_2142.jpg\"\n               title=\"\"\n               data-src=\"http:\/\/www.karate-neuhofen.at\/wp-content\/gallery\/trainingslager-in-gnas-2013\/img_2142.jpg\"\n               data-thumbnail=\"http:\/\/www.karate-neuhofen.at\/wp-content\/gallery\/trainingslager-in-gnas-2013\/thumbs\/thumbs_img_2142.jpg\"\n               data-image-id=\"2874\"\n               data-title=\"img_2142\"\n               data-description=\"\"\n               data-image-slug=\"img_2142\"\n               class=\"shutterset_ff47fd508f60c5ff8630e9e3ad1de006\">\n                <img\n                    title=\"img_2142\"\n                    alt=\"img_2142\"\n                    src=\"http:\/\/www.karate-neuhofen.at\/wp-content\/gallery\/trainingslager-in-gnas-2013\/thumbs\/thumbs_img_2142.jpg\"\n                    width=\"100\"\n                    height=\"66\"\n                    style=\"max-width:100%;\"\n                \/>\n            <\/a>\n        <\/div>\n\t\t\t\t\t\t\t<\/div> \n\t\t\t\n        \n\t\t\t\t<div id=\"ngg-image-285\" class=\"ngg-gallery-thumbnail-box\" >\n\t\t\t\t        <div class=\"ngg-gallery-thumbnail\">\n            <a href=\"http:\/\/www.karate-neuhofen.at\/wp-content\/gallery\/trainingslager-in-gnas-2013\/img_2143.jpg\"\n               title=\"\"\n               data-src=\"http:\/\/www.karate-neuhofen.at\/wp-content\/gallery\/trainingslager-in-gnas-2013\/img_2143.jpg\"\n               data-thumbnail=\"http:\/\/www.karate-neuhofen.at\/wp-content\/gallery\/trainingslager-in-gnas-2013\/thumbs\/thumbs_img_2143.jpg\"\n               data-image-id=\"2875\"\n               data-title=\"img_2143\"\n               data-description=\"\"\n               data-image-slug=\"img_2143\"\n               class=\"shutterset_ff47fd508f60c5ff8630e9e3ad1de006\">\n                <img\n                    title=\"img_2143\"\n                    alt=\"img_2143\"\n                    src=\"http:\/\/www.karate-neuhofen.at\/wp-content\/gallery\/trainingslager-in-gnas-2013\/thumbs\/thumbs_img_2143.jpg\"\n                    width=\"100\"\n                    height=\"66\"\n                    style=\"max-width:100%;\"\n                \/>\n            <\/a>\n        <\/div>\n\t\t\t\t\t\t\t<\/div> \n\t\t\t\n        \n\t\t\t\t<div id=\"ngg-image-286\" class=\"ngg-gallery-thumbnail-box\" >\n\t\t\t\t        <div class=\"ngg-gallery-thumbnail\">\n            <a href=\"http:\/\/www.karate-neuhofen.at\/wp-content\/gallery\/trainingslager-in-gnas-2013\/img_2144.jpg\"\n               title=\"\"\n               data-src=\"http:\/\/www.karate-neuhofen.at\/wp-content\/gallery\/trainingslager-in-gnas-2013\/img_2144.jpg\"\n               data-thumbnail=\"http:\/\/www.karate-neuhofen.at\/wp-content\/gallery\/trainingslager-in-gnas-2013\/thumbs\/thumbs_img_2144.jpg\"\n               data-image-id=\"2876\"\n               data-title=\"img_2144\"\n               data-description=\"\"\n               data-image-slug=\"img_2144\"\n               class=\"shutterset_ff47fd508f60c5ff8630e9e3ad1de006\">\n                <img\n                    title=\"img_2144\"\n                    alt=\"img_2144\"\n                    src=\"http:\/\/www.karate-neuhofen.at\/wp-content\/gallery\/trainingslager-in-gnas-2013\/thumbs\/thumbs_img_2144.jpg\"\n                    width=\"100\"\n                    height=\"66\"\n                    style=\"max-width:100%;\"\n                \/>\n            <\/a>\n        <\/div>\n\t\t\t\t\t\t\t<\/div> \n\t\t\t\n        \n\t\t\t\t<div id=\"ngg-image-287\" class=\"ngg-gallery-thumbnail-box\" >\n\t\t\t\t        <div class=\"ngg-gallery-thumbnail\">\n            <a href=\"http:\/\/www.karate-neuhofen.at\/wp-content\/gallery\/trainingslager-in-gnas-2013\/img_2145.jpg\"\n               title=\"\"\n               data-src=\"http:\/\/www.karate-neuhofen.at\/wp-content\/gallery\/trainingslager-in-gnas-2013\/img_2145.jpg\"\n               data-thumbnail=\"http:\/\/www.karate-neuhofen.at\/wp-content\/gallery\/trainingslager-in-gnas-2013\/thumbs\/thumbs_img_2145.jpg\"\n               data-image-id=\"2877\"\n               data-title=\"img_2145\"\n               data-description=\"\"\n               data-image-slug=\"img_2145\"\n               class=\"shutterset_ff47fd508f60c5ff8630e9e3ad1de006\">\n                <img\n                    title=\"img_2145\"\n                    alt=\"img_2145\"\n                    src=\"http:\/\/www.karate-neuhofen.at\/wp-content\/gallery\/trainingslager-in-gnas-2013\/thumbs\/thumbs_img_2145.jpg\"\n                    width=\"100\"\n                    height=\"66\"\n                    style=\"max-width:100%;\"\n                \/>\n            <\/a>\n        <\/div>\n\t\t\t\t\t\t\t<\/div> \n\t\t\t\n        \n\t\t\t\t<div id=\"ngg-image-288\" class=\"ngg-gallery-thumbnail-box\" >\n\t\t\t\t        <div class=\"ngg-gallery-thumbnail\">\n            <a href=\"http:\/\/www.karate-neuhofen.at\/wp-content\/gallery\/trainingslager-in-gnas-2013\/img_2147.jpg\"\n               title=\"\"\n               data-src=\"http:\/\/www.karate-neuhofen.at\/wp-content\/gallery\/trainingslager-in-gnas-2013\/img_2147.jpg\"\n               data-thumbnail=\"http:\/\/www.karate-neuhofen.at\/wp-content\/gallery\/trainingslager-in-gnas-2013\/thumbs\/thumbs_img_2147.jpg\"\n               data-image-id=\"2878\"\n               data-title=\"img_2147\"\n               data-description=\"\"\n               data-image-slug=\"img_2147\"\n               class=\"shutterset_ff47fd508f60c5ff8630e9e3ad1de006\">\n                <img\n                    title=\"img_2147\"\n                    alt=\"img_2147\"\n                    src=\"http:\/\/www.karate-neuhofen.at\/wp-content\/gallery\/trainingslager-in-gnas-2013\/thumbs\/thumbs_img_2147.jpg\"\n                    width=\"100\"\n                    height=\"66\"\n                    style=\"max-width:100%;\"\n                \/>\n            <\/a>\n        <\/div>\n\t\t\t\t\t\t\t<\/div> \n\t\t\t\n        \n\t\t\t\t<div id=\"ngg-image-289\" class=\"ngg-gallery-thumbnail-box\" >\n\t\t\t\t        <div class=\"ngg-gallery-thumbnail\">\n            <a href=\"http:\/\/www.karate-neuhofen.at\/wp-content\/gallery\/trainingslager-in-gnas-2013\/img_2149.jpg\"\n               title=\"\"\n               data-src=\"http:\/\/www.karate-neuhofen.at\/wp-content\/gallery\/trainingslager-in-gnas-2013\/img_2149.jpg\"\n               data-thumbnail=\"http:\/\/www.karate-neuhofen.at\/wp-content\/gallery\/trainingslager-in-gnas-2013\/thumbs\/thumbs_img_2149.jpg\"\n               data-image-id=\"2879\"\n               data-title=\"img_2149\"\n               data-description=\"\"\n               data-image-slug=\"img_2149\"\n               class=\"shutterset_ff47fd508f60c5ff8630e9e3ad1de006\">\n                <img\n                    title=\"img_2149\"\n                    alt=\"img_2149\"\n                    src=\"http:\/\/www.karate-neuhofen.at\/wp-content\/gallery\/trainingslager-in-gnas-2013\/thumbs\/thumbs_img_2149.jpg\"\n                    width=\"100\"\n                    height=\"66\"\n                    style=\"max-width:100%;\"\n                \/>\n            <\/a>\n        <\/div>\n\t\t\t\t\t\t\t<\/div> \n\t\t\t\n        \n\t\t\t\t<div id=\"ngg-image-290\" class=\"ngg-gallery-thumbnail-box\" >\n\t\t\t\t        <div class=\"ngg-gallery-thumbnail\">\n            <a href=\"http:\/\/www.karate-neuhofen.at\/wp-content\/gallery\/trainingslager-in-gnas-2013\/img_2152.jpg\"\n               title=\"\"\n               data-src=\"http:\/\/www.karate-neuhofen.at\/wp-content\/gallery\/trainingslager-in-gnas-2013\/img_2152.jpg\"\n               data-thumbnail=\"http:\/\/www.karate-neuhofen.at\/wp-content\/gallery\/trainingslager-in-gnas-2013\/thumbs\/thumbs_img_2152.jpg\"\n               data-image-id=\"2880\"\n               data-title=\"img_2152\"\n               data-description=\"\"\n               data-image-slug=\"img_2152\"\n               class=\"shutterset_ff47fd508f60c5ff8630e9e3ad1de006\">\n                <img\n                    title=\"img_2152\"\n                    alt=\"img_2152\"\n                    src=\"http:\/\/www.karate-neuhofen.at\/wp-content\/gallery\/trainingslager-in-gnas-2013\/thumbs\/thumbs_img_2152.jpg\"\n                    width=\"50\"\n                    height=\"75\"\n                    style=\"max-width:100%;\"\n                \/>\n            <\/a>\n        <\/div>\n\t\t\t\t\t\t\t<\/div> \n\t\t\t\n        \n\t\t\t\t<div id=\"ngg-image-291\" class=\"ngg-gallery-thumbnail-box\" >\n\t\t\t\t        <div class=\"ngg-gallery-thumbnail\">\n            <a href=\"http:\/\/www.karate-neuhofen.at\/wp-content\/gallery\/trainingslager-in-gnas-2013\/img_2153.jpg\"\n               title=\"\"\n               data-src=\"http:\/\/www.karate-neuhofen.at\/wp-content\/gallery\/trainingslager-in-gnas-2013\/img_2153.jpg\"\n               data-thumbnail=\"http:\/\/www.karate-neuhofen.at\/wp-content\/gallery\/trainingslager-in-gnas-2013\/thumbs\/thumbs_img_2153.jpg\"\n               data-image-id=\"2881\"\n               data-title=\"img_2153\"\n               data-description=\"\"\n               data-image-slug=\"img_2153\"\n               class=\"shutterset_ff47fd508f60c5ff8630e9e3ad1de006\">\n                <img\n                    title=\"img_2153\"\n                    alt=\"img_2153\"\n                    src=\"http:\/\/www.karate-neuhofen.at\/wp-content\/gallery\/trainingslager-in-gnas-2013\/thumbs\/thumbs_img_2153.jpg\"\n                    width=\"50\"\n                    height=\"75\"\n                    style=\"max-width:100%;\"\n                \/>\n            <\/a>\n        <\/div>\n\t\t\t\t\t\t\t<\/div> \n\t\t\t\n        \n\t\t\t\t<div id=\"ngg-image-292\" class=\"ngg-gallery-thumbnail-box\" >\n\t\t\t\t        <div class=\"ngg-gallery-thumbnail\">\n            <a href=\"http:\/\/www.karate-neuhofen.at\/wp-content\/gallery\/trainingslager-in-gnas-2013\/img_2154.jpg\"\n               title=\"\"\n               data-src=\"http:\/\/www.karate-neuhofen.at\/wp-content\/gallery\/trainingslager-in-gnas-2013\/img_2154.jpg\"\n               data-thumbnail=\"http:\/\/www.karate-neuhofen.at\/wp-content\/gallery\/trainingslager-in-gnas-2013\/thumbs\/thumbs_img_2154.jpg\"\n               data-image-id=\"2882\"\n               data-title=\"img_2154\"\n               data-description=\"\"\n               data-image-slug=\"img_2154\"\n               class=\"shutterset_ff47fd508f60c5ff8630e9e3ad1de006\">\n                <img\n                    title=\"img_2154\"\n                    alt=\"img_2154\"\n                    src=\"http:\/\/www.karate-neuhofen.at\/wp-content\/gallery\/trainingslager-in-gnas-2013\/thumbs\/thumbs_img_2154.jpg\"\n                    width=\"100\"\n                    height=\"66\"\n                    style=\"max-width:100%;\"\n                \/>\n            <\/a>\n        <\/div>\n\t\t\t\t\t\t\t<\/div> \n\t\t\t\n        \n\t\t\t\t<div id=\"ngg-image-293\" class=\"ngg-gallery-thumbnail-box\" >\n\t\t\t\t        <div class=\"ngg-gallery-thumbnail\">\n            <a href=\"http:\/\/www.karate-neuhofen.at\/wp-content\/gallery\/trainingslager-in-gnas-2013\/img_2156.jpg\"\n               title=\"\"\n               data-src=\"http:\/\/www.karate-neuhofen.at\/wp-content\/gallery\/trainingslager-in-gnas-2013\/img_2156.jpg\"\n               data-thumbnail=\"http:\/\/www.karate-neuhofen.at\/wp-content\/gallery\/trainingslager-in-gnas-2013\/thumbs\/thumbs_img_2156.jpg\"\n               data-image-id=\"2883\"\n               data-title=\"img_2156\"\n               data-description=\"\"\n               data-image-slug=\"img_2156\"\n               class=\"shutterset_ff47fd508f60c5ff8630e9e3ad1de006\">\n                <img\n                    title=\"img_2156\"\n                    alt=\"img_2156\"\n                    src=\"http:\/\/www.karate-neuhofen.at\/wp-content\/gallery\/trainingslager-in-gnas-2013\/thumbs\/thumbs_img_2156.jpg\"\n                    width=\"50\"\n                    height=\"75\"\n                    style=\"max-width:100%;\"\n                \/>\n            <\/a>\n        <\/div>\n\t\t\t\t\t\t\t<\/div> \n\t\t\t\n        \n\t\t\t\t<div id=\"ngg-image-294\" class=\"ngg-gallery-thumbnail-box\" >\n\t\t\t\t        <div class=\"ngg-gallery-thumbnail\">\n            <a href=\"http:\/\/www.karate-neuhofen.at\/wp-content\/gallery\/trainingslager-in-gnas-2013\/img_2158.jpg\"\n               title=\"\"\n               data-src=\"http:\/\/www.karate-neuhofen.at\/wp-content\/gallery\/trainingslager-in-gnas-2013\/img_2158.jpg\"\n               data-thumbnail=\"http:\/\/www.karate-neuhofen.at\/wp-content\/gallery\/trainingslager-in-gnas-2013\/thumbs\/thumbs_img_2158.jpg\"\n               data-image-id=\"2884\"\n               data-title=\"img_2158\"\n               data-description=\"\"\n               data-image-slug=\"img_2158\"\n               class=\"shutterset_ff47fd508f60c5ff8630e9e3ad1de006\">\n                <img\n                    title=\"img_2158\"\n                    alt=\"img_2158\"\n                    src=\"http:\/\/www.karate-neuhofen.at\/wp-content\/gallery\/trainingslager-in-gnas-2013\/thumbs\/thumbs_img_2158.jpg\"\n                    width=\"100\"\n                    height=\"66\"\n                    style=\"max-width:100%;\"\n                \/>\n            <\/a>\n        <\/div>\n\t\t\t\t\t\t\t<\/div> \n\t\t\t\n        \n\t\t\t\t<div id=\"ngg-image-295\" class=\"ngg-gallery-thumbnail-box\" >\n\t\t\t\t        <div class=\"ngg-gallery-thumbnail\">\n            <a href=\"http:\/\/www.karate-neuhofen.at\/wp-content\/gallery\/trainingslager-in-gnas-2013\/img_2162.jpg\"\n               title=\"\"\n               data-src=\"http:\/\/www.karate-neuhofen.at\/wp-content\/gallery\/trainingslager-in-gnas-2013\/img_2162.jpg\"\n               data-thumbnail=\"http:\/\/www.karate-neuhofen.at\/wp-content\/gallery\/trainingslager-in-gnas-2013\/thumbs\/thumbs_img_2162.jpg\"\n               data-image-id=\"2885\"\n               data-title=\"img_2162\"\n               data-description=\"\"\n               data-image-slug=\"img_2162\"\n               class=\"shutterset_ff47fd508f60c5ff8630e9e3ad1de006\">\n                <img\n                    title=\"img_2162\"\n                    alt=\"img_2162\"\n                    src=\"http:\/\/www.karate-neuhofen.at\/wp-content\/gallery\/trainingslager-in-gnas-2013\/thumbs\/thumbs_img_2162.jpg\"\n                    width=\"100\"\n                    height=\"66\"\n                    style=\"max-width:100%;\"\n                \/>\n            <\/a>\n        <\/div>\n\t\t\t\t\t\t\t<\/div> \n\t\t\t\n        \n\t\t\t\t<div id=\"ngg-image-296\" class=\"ngg-gallery-thumbnail-box\" >\n\t\t\t\t        <div class=\"ngg-gallery-thumbnail\">\n            <a href=\"http:\/\/www.karate-neuhofen.at\/wp-content\/gallery\/trainingslager-in-gnas-2013\/img_2166.jpg\"\n               title=\"\"\n               data-src=\"http:\/\/www.karate-neuhofen.at\/wp-content\/gallery\/trainingslager-in-gnas-2013\/img_2166.jpg\"\n               data-thumbnail=\"http:\/\/www.karate-neuhofen.at\/wp-content\/gallery\/trainingslager-in-gnas-2013\/thumbs\/thumbs_img_2166.jpg\"\n               data-image-id=\"2886\"\n               data-title=\"img_2166\"\n               data-description=\"\"\n               data-image-slug=\"img_2166\"\n               class=\"shutterset_ff47fd508f60c5ff8630e9e3ad1de006\">\n                <img\n                    title=\"img_2166\"\n                    alt=\"img_2166\"\n                    src=\"http:\/\/www.karate-neuhofen.at\/wp-content\/gallery\/trainingslager-in-gnas-2013\/thumbs\/thumbs_img_2166.jpg\"\n                    width=\"100\"\n                    height=\"66\"\n                    style=\"max-width:100%;\"\n                \/>\n            <\/a>\n        <\/div>\n\t\t\t\t\t\t\t<\/div> \n\t\t\t\n        \n\t\t\t\t<div id=\"ngg-image-297\" class=\"ngg-gallery-thumbnail-box\" >\n\t\t\t\t        <div class=\"ngg-gallery-thumbnail\">\n            <a href=\"http:\/\/www.karate-neuhofen.at\/wp-content\/gallery\/trainingslager-in-gnas-2013\/img_2167.jpg\"\n               title=\"\"\n               data-src=\"http:\/\/www.karate-neuhofen.at\/wp-content\/gallery\/trainingslager-in-gnas-2013\/img_2167.jpg\"\n               data-thumbnail=\"http:\/\/www.karate-neuhofen.at\/wp-content\/gallery\/trainingslager-in-gnas-2013\/thumbs\/thumbs_img_2167.jpg\"\n               data-image-id=\"2887\"\n               data-title=\"img_2167\"\n               data-description=\"\"\n               data-image-slug=\"img_2167\"\n               class=\"shutterset_ff47fd508f60c5ff8630e9e3ad1de006\">\n                <img\n                    title=\"img_2167\"\n                    alt=\"img_2167\"\n                    src=\"http:\/\/www.karate-neuhofen.at\/wp-content\/gallery\/trainingslager-in-gnas-2013\/thumbs\/thumbs_img_2167.jpg\"\n                    width=\"100\"\n                    height=\"66\"\n                    style=\"max-width:100%;\"\n                \/>\n            <\/a>\n        <\/div>\n\t\t\t\t\t\t\t<\/div> \n\t\t\t\n        \n\t\t\t\t<div id=\"ngg-image-298\" class=\"ngg-gallery-thumbnail-box\" >\n\t\t\t\t        <div class=\"ngg-gallery-thumbnail\">\n            <a href=\"http:\/\/www.karate-neuhofen.at\/wp-content\/gallery\/trainingslager-in-gnas-2013\/img_2168.jpg\"\n               title=\"\"\n               data-src=\"http:\/\/www.karate-neuhofen.at\/wp-content\/gallery\/trainingslager-in-gnas-2013\/img_2168.jpg\"\n               data-thumbnail=\"http:\/\/www.karate-neuhofen.at\/wp-content\/gallery\/trainingslager-in-gnas-2013\/thumbs\/thumbs_img_2168.jpg\"\n               data-image-id=\"2888\"\n               data-title=\"img_2168\"\n               data-description=\"\"\n               data-image-slug=\"img_2168\"\n               class=\"shutterset_ff47fd508f60c5ff8630e9e3ad1de006\">\n                <img\n                    title=\"img_2168\"\n                    alt=\"img_2168\"\n                    src=\"http:\/\/www.karate-neuhofen.at\/wp-content\/gallery\/trainingslager-in-gnas-2013\/thumbs\/thumbs_img_2168.jpg\"\n                    width=\"100\"\n                    height=\"66\"\n                    style=\"max-width:100%;\"\n                \/>\n            <\/a>\n        <\/div>\n\t\t\t\t\t\t\t<\/div> \n\t\t\t\n        \n\t\t\t\t<div id=\"ngg-image-299\" class=\"ngg-gallery-thumbnail-box\" >\n\t\t\t\t        <div class=\"ngg-gallery-thumbnail\">\n            <a href=\"http:\/\/www.karate-neuhofen.at\/wp-content\/gallery\/trainingslager-in-gnas-2013\/img_2169.jpg\"\n               title=\"\"\n               data-src=\"http:\/\/www.karate-neuhofen.at\/wp-content\/gallery\/trainingslager-in-gnas-2013\/img_2169.jpg\"\n               data-thumbnail=\"http:\/\/www.karate-neuhofen.at\/wp-content\/gallery\/trainingslager-in-gnas-2013\/thumbs\/thumbs_img_2169.jpg\"\n               data-image-id=\"2889\"\n               data-title=\"img_2169\"\n               data-description=\"\"\n               data-image-slug=\"img_2169\"\n               class=\"shutterset_ff47fd508f60c5ff8630e9e3ad1de006\">\n                <img\n                    title=\"img_2169\"\n                    alt=\"img_2169\"\n                    src=\"http:\/\/www.karate-neuhofen.at\/wp-content\/gallery\/trainingslager-in-gnas-2013\/thumbs\/thumbs_img_2169.jpg\"\n                    width=\"100\"\n                    height=\"66\"\n                    style=\"max-width:100%;\"\n                \/>\n            <\/a>\n        <\/div>\n\t\t\t\t\t\t\t<\/div> \n\t\t\t\n        \n\t\t\t\t<div id=\"ngg-image-300\" class=\"ngg-gallery-thumbnail-box\" >\n\t\t\t\t        <div class=\"ngg-gallery-thumbnail\">\n            <a href=\"http:\/\/www.karate-neuhofen.at\/wp-content\/gallery\/trainingslager-in-gnas-2013\/img_2172.jpg\"\n               title=\"\"\n               data-src=\"http:\/\/www.karate-neuhofen.at\/wp-content\/gallery\/trainingslager-in-gnas-2013\/img_2172.jpg\"\n               data-thumbnail=\"http:\/\/www.karate-neuhofen.at\/wp-content\/gallery\/trainingslager-in-gnas-2013\/thumbs\/thumbs_img_2172.jpg\"\n               data-image-id=\"2890\"\n               data-title=\"img_2172\"\n               data-description=\"\"\n               data-image-slug=\"img_2172\"\n               class=\"shutterset_ff47fd508f60c5ff8630e9e3ad1de006\">\n                <img\n                    title=\"img_2172\"\n                    alt=\"img_2172\"\n                    src=\"http:\/\/www.karate-neuhofen.at\/wp-content\/gallery\/trainingslager-in-gnas-2013\/thumbs\/thumbs_img_2172.jpg\"\n                    width=\"100\"\n                    height=\"66\"\n                    style=\"max-width:100%;\"\n                \/>\n            <\/a>\n        <\/div>\n\t\t\t\t\t\t\t<\/div> \n\t\t\t\n        \n\t\t\t\t<div id=\"ngg-image-301\" class=\"ngg-gallery-thumbnail-box\" >\n\t\t\t\t        <div class=\"ngg-gallery-thumbnail\">\n            <a href=\"http:\/\/www.karate-neuhofen.at\/wp-content\/gallery\/trainingslager-in-gnas-2013\/img_2176.jpg\"\n               title=\"\"\n               data-src=\"http:\/\/www.karate-neuhofen.at\/wp-content\/gallery\/trainingslager-in-gnas-2013\/img_2176.jpg\"\n               data-thumbnail=\"http:\/\/www.karate-neuhofen.at\/wp-content\/gallery\/trainingslager-in-gnas-2013\/thumbs\/thumbs_img_2176.jpg\"\n               data-image-id=\"2891\"\n               data-title=\"img_2176\"\n               data-description=\"\"\n               data-image-slug=\"img_2176\"\n               class=\"shutterset_ff47fd508f60c5ff8630e9e3ad1de006\">\n                <img\n                    title=\"img_2176\"\n                    alt=\"img_2176\"\n                    src=\"http:\/\/www.karate-neuhofen.at\/wp-content\/gallery\/trainingslager-in-gnas-2013\/thumbs\/thumbs_img_2176.jpg\"\n                    width=\"100\"\n                    height=\"66\"\n                    style=\"max-width:100%;\"\n                \/>\n            <\/a>\n        <\/div>\n\t\t\t\t\t\t\t<\/div> \n\t\t\t\n        \n\t\t\t\t<div id=\"ngg-image-302\" class=\"ngg-gallery-thumbnail-box\" >\n\t\t\t\t        <div class=\"ngg-gallery-thumbnail\">\n            <a href=\"http:\/\/www.karate-neuhofen.at\/wp-content\/gallery\/trainingslager-in-gnas-2013\/img_2177.jpg\"\n               title=\"\"\n               data-src=\"http:\/\/www.karate-neuhofen.at\/wp-content\/gallery\/trainingslager-in-gnas-2013\/img_2177.jpg\"\n               data-thumbnail=\"http:\/\/www.karate-neuhofen.at\/wp-content\/gallery\/trainingslager-in-gnas-2013\/thumbs\/thumbs_img_2177.jpg\"\n               data-image-id=\"2892\"\n               data-title=\"img_2177\"\n               data-description=\"\"\n               data-image-slug=\"img_2177\"\n               class=\"shutterset_ff47fd508f60c5ff8630e9e3ad1de006\">\n                <img\n                    title=\"img_2177\"\n                    alt=\"img_2177\"\n                    src=\"http:\/\/www.karate-neuhofen.at\/wp-content\/gallery\/trainingslager-in-gnas-2013\/thumbs\/thumbs_img_2177.jpg\"\n                    width=\"100\"\n                    height=\"66\"\n                    style=\"max-width:100%;\"\n                \/>\n            <\/a>\n        <\/div>\n\t\t\t\t\t\t\t<\/div> \n\t\t\t\n        \n\t\t\t\t<div id=\"ngg-image-303\" class=\"ngg-gallery-thumbnail-box\" >\n\t\t\t\t        <div class=\"ngg-gallery-thumbnail\">\n            <a href=\"http:\/\/www.karate-neuhofen.at\/wp-content\/gallery\/trainingslager-in-gnas-2013\/img_2178.jpg\"\n               title=\"\"\n               data-src=\"http:\/\/www.karate-neuhofen.at\/wp-content\/gallery\/trainingslager-in-gnas-2013\/img_2178.jpg\"\n               data-thumbnail=\"http:\/\/www.karate-neuhofen.at\/wp-content\/gallery\/trainingslager-in-gnas-2013\/thumbs\/thumbs_img_2178.jpg\"\n               data-image-id=\"2893\"\n               data-title=\"img_2178\"\n               data-description=\"\"\n               data-image-slug=\"img_2178\"\n               class=\"shutterset_ff47fd508f60c5ff8630e9e3ad1de006\">\n                <img\n                    title=\"img_2178\"\n                    alt=\"img_2178\"\n                    src=\"http:\/\/www.karate-neuhofen.at\/wp-content\/gallery\/trainingslager-in-gnas-2013\/thumbs\/thumbs_img_2178.jpg\"\n                    width=\"100\"\n                    height=\"66\"\n                    style=\"max-width:100%;\"\n                \/>\n            <\/a>\n        <\/div>\n\t\t\t\t\t\t\t<\/div> \n\t\t\t\n        \n\t\t\t\t<div id=\"ngg-image-304\" class=\"ngg-gallery-thumbnail-box\" >\n\t\t\t\t        <div class=\"ngg-gallery-thumbnail\">\n            <a href=\"http:\/\/www.karate-neuhofen.at\/wp-content\/gallery\/trainingslager-in-gnas-2013\/img_2181.jpg\"\n               title=\"\"\n               data-src=\"http:\/\/www.karate-neuhofen.at\/wp-content\/gallery\/trainingslager-in-gnas-2013\/img_2181.jpg\"\n               data-thumbnail=\"http:\/\/www.karate-neuhofen.at\/wp-content\/gallery\/trainingslager-in-gnas-2013\/thumbs\/thumbs_img_2181.jpg\"\n               data-image-id=\"2894\"\n               data-title=\"img_2181\"\n               data-description=\"\"\n               data-image-slug=\"img_2181\"\n               class=\"shutterset_ff47fd508f60c5ff8630e9e3ad1de006\">\n                <img\n                    title=\"img_2181\"\n                    alt=\"img_2181\"\n                    src=\"http:\/\/www.karate-neuhofen.at\/wp-content\/gallery\/trainingslager-in-gnas-2013\/thumbs\/thumbs_img_2181.jpg\"\n                    width=\"100\"\n                    height=\"66\"\n                    style=\"max-width:100%;\"\n                \/>\n            <\/a>\n        <\/div>\n\t\t\t\t\t\t\t<\/div> \n\t\t\t\n        \n\t\t\t\t<div id=\"ngg-image-305\" class=\"ngg-gallery-thumbnail-box\" >\n\t\t\t\t        <div class=\"ngg-gallery-thumbnail\">\n            <a href=\"http:\/\/www.karate-neuhofen.at\/wp-content\/gallery\/trainingslager-in-gnas-2013\/img_2182.jpg\"\n               title=\"\"\n               data-src=\"http:\/\/www.karate-neuhofen.at\/wp-content\/gallery\/trainingslager-in-gnas-2013\/img_2182.jpg\"\n               data-thumbnail=\"http:\/\/www.karate-neuhofen.at\/wp-content\/gallery\/trainingslager-in-gnas-2013\/thumbs\/thumbs_img_2182.jpg\"\n               data-image-id=\"2895\"\n               data-title=\"img_2182\"\n               data-description=\"\"\n               data-image-slug=\"img_2182\"\n               class=\"shutterset_ff47fd508f60c5ff8630e9e3ad1de006\">\n                <img\n                    title=\"img_2182\"\n                    alt=\"img_2182\"\n                    src=\"http:\/\/www.karate-neuhofen.at\/wp-content\/gallery\/trainingslager-in-gnas-2013\/thumbs\/thumbs_img_2182.jpg\"\n                    width=\"100\"\n                    height=\"66\"\n                    style=\"max-width:100%;\"\n                \/>\n            <\/a>\n        <\/div>\n\t\t\t\t\t\t\t<\/div> \n\t\t\t\n        \n\t\t\t\t<div id=\"ngg-image-306\" class=\"ngg-gallery-thumbnail-box\" >\n\t\t\t\t        <div class=\"ngg-gallery-thumbnail\">\n            <a href=\"http:\/\/www.karate-neuhofen.at\/wp-content\/gallery\/trainingslager-in-gnas-2013\/img_2183.jpg\"\n               title=\"\"\n               data-src=\"http:\/\/www.karate-neuhofen.at\/wp-content\/gallery\/trainingslager-in-gnas-2013\/img_2183.jpg\"\n               data-thumbnail=\"http:\/\/www.karate-neuhofen.at\/wp-content\/gallery\/trainingslager-in-gnas-2013\/thumbs\/thumbs_img_2183.jpg\"\n               data-image-id=\"2896\"\n               data-title=\"img_2183\"\n               data-description=\"\"\n               data-image-slug=\"img_2183\"\n               class=\"shutterset_ff47fd508f60c5ff8630e9e3ad1de006\">\n                <img\n                    title=\"img_2183\"\n                    alt=\"img_2183\"\n                    src=\"http:\/\/www.karate-neuhofen.at\/wp-content\/gallery\/trainingslager-in-gnas-2013\/thumbs\/thumbs_img_2183.jpg\"\n                    width=\"100\"\n                    height=\"66\"\n                    style=\"max-width:100%;\"\n                \/>\n            <\/a>\n        <\/div>\n\t\t\t\t\t\t\t<\/div> \n\t\t\t\n        \n\t\t\t\t<div id=\"ngg-image-307\" class=\"ngg-gallery-thumbnail-box\" >\n\t\t\t\t        <div class=\"ngg-gallery-thumbnail\">\n            <a href=\"http:\/\/www.karate-neuhofen.at\/wp-content\/gallery\/trainingslager-in-gnas-2013\/img_2185.jpg\"\n               title=\"\"\n               data-src=\"http:\/\/www.karate-neuhofen.at\/wp-content\/gallery\/trainingslager-in-gnas-2013\/img_2185.jpg\"\n               data-thumbnail=\"http:\/\/www.karate-neuhofen.at\/wp-content\/gallery\/trainingslager-in-gnas-2013\/thumbs\/thumbs_img_2185.jpg\"\n               data-image-id=\"2897\"\n               data-title=\"img_2185\"\n               data-description=\"\"\n               data-image-slug=\"img_2185\"\n               class=\"shutterset_ff47fd508f60c5ff8630e9e3ad1de006\">\n                <img\n                    title=\"img_2185\"\n                    alt=\"img_2185\"\n                    src=\"http:\/\/www.karate-neuhofen.at\/wp-content\/gallery\/trainingslager-in-gnas-2013\/thumbs\/thumbs_img_2185.jpg\"\n                    width=\"100\"\n                    height=\"66\"\n                    style=\"max-width:100%;\"\n                \/>\n            <\/a>\n        <\/div>\n\t\t\t\t\t\t\t<\/div> \n\t\t\t\n        \n\t\t\t\t<div id=\"ngg-image-308\" class=\"ngg-gallery-thumbnail-box\" >\n\t\t\t\t        <div class=\"ngg-gallery-thumbnail\">\n            <a href=\"http:\/\/www.karate-neuhofen.at\/wp-content\/gallery\/trainingslager-in-gnas-2013\/img_2186.jpg\"\n               title=\"\"\n               data-src=\"http:\/\/www.karate-neuhofen.at\/wp-content\/gallery\/trainingslager-in-gnas-2013\/img_2186.jpg\"\n               data-thumbnail=\"http:\/\/www.karate-neuhofen.at\/wp-content\/gallery\/trainingslager-in-gnas-2013\/thumbs\/thumbs_img_2186.jpg\"\n               data-image-id=\"2898\"\n               data-title=\"img_2186\"\n               data-description=\"\"\n               data-image-slug=\"img_2186\"\n               class=\"shutterset_ff47fd508f60c5ff8630e9e3ad1de006\">\n                <img\n                    title=\"img_2186\"\n                    alt=\"img_2186\"\n                    src=\"http:\/\/www.karate-neuhofen.at\/wp-content\/gallery\/trainingslager-in-gnas-2013\/thumbs\/thumbs_img_2186.jpg\"\n                    width=\"100\"\n                    height=\"66\"\n                    style=\"max-width:100%;\"\n                \/>\n            <\/a>\n        <\/div>\n\t\t\t\t\t\t\t<\/div> \n\t\t\t\n        \n\t\t\t\t<div id=\"ngg-image-309\" class=\"ngg-gallery-thumbnail-box\" >\n\t\t\t\t        <div class=\"ngg-gallery-thumbnail\">\n            <a href=\"http:\/\/www.karate-neuhofen.at\/wp-content\/gallery\/trainingslager-in-gnas-2013\/img_2188.jpg\"\n               title=\"\"\n               data-src=\"http:\/\/www.karate-neuhofen.at\/wp-content\/gallery\/trainingslager-in-gnas-2013\/img_2188.jpg\"\n               data-thumbnail=\"http:\/\/www.karate-neuhofen.at\/wp-content\/gallery\/trainingslager-in-gnas-2013\/thumbs\/thumbs_img_2188.jpg\"\n               data-image-id=\"2899\"\n               data-title=\"img_2188\"\n               data-description=\"\"\n               data-image-slug=\"img_2188\"\n               class=\"shutterset_ff47fd508f60c5ff8630e9e3ad1de006\">\n                <img\n                    title=\"img_2188\"\n                    alt=\"img_2188\"\n                    src=\"http:\/\/www.karate-neuhofen.at\/wp-content\/gallery\/trainingslager-in-gnas-2013\/thumbs\/thumbs_img_2188.jpg\"\n                    width=\"100\"\n                    height=\"66\"\n                    style=\"max-width:100%;\"\n                \/>\n            <\/a>\n        <\/div>\n\t\t\t\t\t\t\t<\/div> \n\t\t\t\n        \n\t\t\t\t<div id=\"ngg-image-310\" class=\"ngg-gallery-thumbnail-box\" >\n\t\t\t\t        <div class=\"ngg-gallery-thumbnail\">\n            <a href=\"http:\/\/www.karate-neuhofen.at\/wp-content\/gallery\/trainingslager-in-gnas-2013\/img_2189.jpg\"\n               title=\"\"\n               data-src=\"http:\/\/www.karate-neuhofen.at\/wp-content\/gallery\/trainingslager-in-gnas-2013\/img_2189.jpg\"\n               data-thumbnail=\"http:\/\/www.karate-neuhofen.at\/wp-content\/gallery\/trainingslager-in-gnas-2013\/thumbs\/thumbs_img_2189.jpg\"\n               data-image-id=\"2900\"\n               data-title=\"img_2189\"\n               data-description=\"\"\n               data-image-slug=\"img_2189\"\n               class=\"shutterset_ff47fd508f60c5ff8630e9e3ad1de006\">\n                <img\n                    title=\"img_2189\"\n                    alt=\"img_2189\"\n                    src=\"http:\/\/www.karate-neuhofen.at\/wp-content\/gallery\/trainingslager-in-gnas-2013\/thumbs\/thumbs_img_2189.jpg\"\n                    width=\"100\"\n                    height=\"66\"\n                    style=\"max-width:100%;\"\n                \/>\n            <\/a>\n        <\/div>\n\t\t\t\t\t\t\t<\/div> \n\t\t\t\n        \n\t\t\t\t<div id=\"ngg-image-311\" class=\"ngg-gallery-thumbnail-box\" >\n\t\t\t\t        <div class=\"ngg-gallery-thumbnail\">\n            <a href=\"http:\/\/www.karate-neuhofen.at\/wp-content\/gallery\/trainingslager-in-gnas-2013\/img_2196.jpg\"\n               title=\"\"\n               data-src=\"http:\/\/www.karate-neuhofen.at\/wp-content\/gallery\/trainingslager-in-gnas-2013\/img_2196.jpg\"\n               data-thumbnail=\"http:\/\/www.karate-neuhofen.at\/wp-content\/gallery\/trainingslager-in-gnas-2013\/thumbs\/thumbs_img_2196.jpg\"\n               data-image-id=\"2901\"\n               data-title=\"img_2196\"\n               data-description=\"\"\n               data-image-slug=\"img_2196\"\n               class=\"shutterset_ff47fd508f60c5ff8630e9e3ad1de006\">\n                <img\n                    title=\"img_2196\"\n                    alt=\"img_2196\"\n                    src=\"http:\/\/www.karate-neuhofen.at\/wp-content\/gallery\/trainingslager-in-gnas-2013\/thumbs\/thumbs_img_2196.jpg\"\n                    width=\"100\"\n                    height=\"66\"\n                    style=\"max-width:100%;\"\n                \/>\n            <\/a>\n        <\/div>\n\t\t\t\t\t\t\t<\/div> \n\t\t\t\n        \n\t\t\t\t<div id=\"ngg-image-312\" class=\"ngg-gallery-thumbnail-box\" >\n\t\t\t\t        <div class=\"ngg-gallery-thumbnail\">\n            <a href=\"http:\/\/www.karate-neuhofen.at\/wp-content\/gallery\/trainingslager-in-gnas-2013\/img_2197.jpg\"\n               title=\"\"\n               data-src=\"http:\/\/www.karate-neuhofen.at\/wp-content\/gallery\/trainingslager-in-gnas-2013\/img_2197.jpg\"\n               data-thumbnail=\"http:\/\/www.karate-neuhofen.at\/wp-content\/gallery\/trainingslager-in-gnas-2013\/thumbs\/thumbs_img_2197.jpg\"\n               data-image-id=\"2902\"\n               data-title=\"img_2197\"\n               data-description=\"\"\n               data-image-slug=\"img_2197\"\n               class=\"shutterset_ff47fd508f60c5ff8630e9e3ad1de006\">\n                <img\n                    title=\"img_2197\"\n                    alt=\"img_2197\"\n                    src=\"http:\/\/www.karate-neuhofen.at\/wp-content\/gallery\/trainingslager-in-gnas-2013\/thumbs\/thumbs_img_2197.jpg\"\n                    width=\"50\"\n                    height=\"75\"\n                    style=\"max-width:100%;\"\n                \/>\n            <\/a>\n        <\/div>\n\t\t\t\t\t\t\t<\/div> \n\t\t\t\n        \n\t\t\t\t<div id=\"ngg-image-313\" class=\"ngg-gallery-thumbnail-box\" >\n\t\t\t\t        <div class=\"ngg-gallery-thumbnail\">\n            <a href=\"http:\/\/www.karate-neuhofen.at\/wp-content\/gallery\/trainingslager-in-gnas-2013\/img_2198.jpg\"\n               title=\"\"\n               data-src=\"http:\/\/www.karate-neuhofen.at\/wp-content\/gallery\/trainingslager-in-gnas-2013\/img_2198.jpg\"\n               data-thumbnail=\"http:\/\/www.karate-neuhofen.at\/wp-content\/gallery\/trainingslager-in-gnas-2013\/thumbs\/thumbs_img_2198.jpg\"\n               data-image-id=\"2903\"\n               data-title=\"img_2198\"\n               data-description=\"\"\n               data-image-slug=\"img_2198\"\n               class=\"shutterset_ff47fd508f60c5ff8630e9e3ad1de006\">\n                <img\n                    title=\"img_2198\"\n                    alt=\"img_2198\"\n                    src=\"http:\/\/www.karate-neuhofen.at\/wp-content\/gallery\/trainingslager-in-gnas-2013\/thumbs\/thumbs_img_2198.jpg\"\n                    width=\"50\"\n                    height=\"75\"\n                    style=\"max-width:100%;\"\n                \/>\n            <\/a>\n        <\/div>\n\t\t\t\t\t\t\t<\/div> \n\t\t\t\n        \n\t\t\t\t<div id=\"ngg-image-314\" class=\"ngg-gallery-thumbnail-box\" >\n\t\t\t\t        <div class=\"ngg-gallery-thumbnail\">\n            <a href=\"http:\/\/www.karate-neuhofen.at\/wp-content\/gallery\/trainingslager-in-gnas-2013\/img_2200.jpg\"\n               title=\"\"\n               data-src=\"http:\/\/www.karate-neuhofen.at\/wp-content\/gallery\/trainingslager-in-gnas-2013\/img_2200.jpg\"\n               data-thumbnail=\"http:\/\/www.karate-neuhofen.at\/wp-content\/gallery\/trainingslager-in-gnas-2013\/thumbs\/thumbs_img_2200.jpg\"\n               data-image-id=\"2904\"\n               data-title=\"img_2200\"\n               data-description=\"\"\n               data-image-slug=\"img_2200\"\n               class=\"shutterset_ff47fd508f60c5ff8630e9e3ad1de006\">\n                <img\n                    title=\"img_2200\"\n                    alt=\"img_2200\"\n                    src=\"http:\/\/www.karate-neuhofen.at\/wp-content\/gallery\/trainingslager-in-gnas-2013\/thumbs\/thumbs_img_2200.jpg\"\n                    width=\"100\"\n                    height=\"66\"\n                    style=\"max-width:100%;\"\n                \/>\n            <\/a>\n        <\/div>\n\t\t\t\t\t\t\t<\/div> \n\t\t\t\n        \n\t\t\t\t<div id=\"ngg-image-315\" class=\"ngg-gallery-thumbnail-box\" >\n\t\t\t\t        <div class=\"ngg-gallery-thumbnail\">\n            <a href=\"http:\/\/www.karate-neuhofen.at\/wp-content\/gallery\/trainingslager-in-gnas-2013\/img_2203.jpg\"\n               title=\"\"\n               data-src=\"http:\/\/www.karate-neuhofen.at\/wp-content\/gallery\/trainingslager-in-gnas-2013\/img_2203.jpg\"\n               data-thumbnail=\"http:\/\/www.karate-neuhofen.at\/wp-content\/gallery\/trainingslager-in-gnas-2013\/thumbs\/thumbs_img_2203.jpg\"\n               data-image-id=\"2905\"\n               data-title=\"img_2203\"\n               data-description=\"\"\n               data-image-slug=\"img_2203\"\n               class=\"shutterset_ff47fd508f60c5ff8630e9e3ad1de006\">\n                <img\n                    title=\"img_2203\"\n                    alt=\"img_2203\"\n                    src=\"http:\/\/www.karate-neuhofen.at\/wp-content\/gallery\/trainingslager-in-gnas-2013\/thumbs\/thumbs_img_2203.jpg\"\n                    width=\"100\"\n                    height=\"66\"\n                    style=\"max-width:100%;\"\n                \/>\n            <\/a>\n        <\/div>\n\t\t\t\t\t\t\t<\/div> \n\t\t\t\n        \n\t\t\t\t<div id=\"ngg-image-316\" class=\"ngg-gallery-thumbnail-box\" >\n\t\t\t\t        <div class=\"ngg-gallery-thumbnail\">\n            <a href=\"http:\/\/www.karate-neuhofen.at\/wp-content\/gallery\/trainingslager-in-gnas-2013\/img_2204.jpg\"\n               title=\"\"\n               data-src=\"http:\/\/www.karate-neuhofen.at\/wp-content\/gallery\/trainingslager-in-gnas-2013\/img_2204.jpg\"\n               data-thumbnail=\"http:\/\/www.karate-neuhofen.at\/wp-content\/gallery\/trainingslager-in-gnas-2013\/thumbs\/thumbs_img_2204.jpg\"\n               data-image-id=\"2906\"\n               data-title=\"img_2204\"\n               data-description=\"\"\n               data-image-slug=\"img_2204\"\n               class=\"shutterset_ff47fd508f60c5ff8630e9e3ad1de006\">\n                <img\n                    title=\"img_2204\"\n                    alt=\"img_2204\"\n                    src=\"http:\/\/www.karate-neuhofen.at\/wp-content\/gallery\/trainingslager-in-gnas-2013\/thumbs\/thumbs_img_2204.jpg\"\n                    width=\"100\"\n                    height=\"66\"\n                    style=\"max-width:100%;\"\n                \/>\n            <\/a>\n        <\/div>\n\t\t\t\t\t\t\t<\/div> \n\t\t\t\n        \n\t\t\t\t<div id=\"ngg-image-317\" class=\"ngg-gallery-thumbnail-box\" >\n\t\t\t\t        <div class=\"ngg-gallery-thumbnail\">\n            <a href=\"http:\/\/www.karate-neuhofen.at\/wp-content\/gallery\/trainingslager-in-gnas-2013\/img_2209.jpg\"\n               title=\"\"\n               data-src=\"http:\/\/www.karate-neuhofen.at\/wp-content\/gallery\/trainingslager-in-gnas-2013\/img_2209.jpg\"\n               data-thumbnail=\"http:\/\/www.karate-neuhofen.at\/wp-content\/gallery\/trainingslager-in-gnas-2013\/thumbs\/thumbs_img_2209.jpg\"\n               data-image-id=\"2907\"\n               data-title=\"img_2209\"\n               data-description=\"\"\n               data-image-slug=\"img_2209\"\n               class=\"shutterset_ff47fd508f60c5ff8630e9e3ad1de006\">\n                <img\n                    title=\"img_2209\"\n                    alt=\"img_2209\"\n                    src=\"http:\/\/www.karate-neuhofen.at\/wp-content\/gallery\/trainingslager-in-gnas-2013\/thumbs\/thumbs_img_2209.jpg\"\n                    width=\"100\"\n                    height=\"66\"\n                    style=\"max-width:100%;\"\n                \/>\n            <\/a>\n        <\/div>\n\t\t\t\t\t\t\t<\/div> \n\t\t\t\n        \n\t\t\t\t<div id=\"ngg-image-318\" class=\"ngg-gallery-thumbnail-box\" >\n\t\t\t\t        <div class=\"ngg-gallery-thumbnail\">\n            <a href=\"http:\/\/www.karate-neuhofen.at\/wp-content\/gallery\/trainingslager-in-gnas-2013\/img_2210.jpg\"\n               title=\"\"\n               data-src=\"http:\/\/www.karate-neuhofen.at\/wp-content\/gallery\/trainingslager-in-gnas-2013\/img_2210.jpg\"\n               data-thumbnail=\"http:\/\/www.karate-neuhofen.at\/wp-content\/gallery\/trainingslager-in-gnas-2013\/thumbs\/thumbs_img_2210.jpg\"\n               data-image-id=\"2908\"\n               data-title=\"img_2210\"\n               data-description=\"\"\n               data-image-slug=\"img_2210\"\n               class=\"shutterset_ff47fd508f60c5ff8630e9e3ad1de006\">\n                <img\n                    title=\"img_2210\"\n                    alt=\"img_2210\"\n                    src=\"http:\/\/www.karate-neuhofen.at\/wp-content\/gallery\/trainingslager-in-gnas-2013\/thumbs\/thumbs_img_2210.jpg\"\n                    width=\"50\"\n                    height=\"75\"\n                    style=\"max-width:100%;\"\n                \/>\n            <\/a>\n        <\/div>\n\t\t\t\t\t\t\t<\/div> \n\t\t\t\n        \n\t\t\t\t<div id=\"ngg-image-319\" class=\"ngg-gallery-thumbnail-box\" >\n\t\t\t\t        <div class=\"ngg-gallery-thumbnail\">\n            <a href=\"http:\/\/www.karate-neuhofen.at\/wp-content\/gallery\/trainingslager-in-gnas-2013\/img_2212.jpg\"\n               title=\"\"\n               data-src=\"http:\/\/www.karate-neuhofen.at\/wp-content\/gallery\/trainingslager-in-gnas-2013\/img_2212.jpg\"\n               data-thumbnail=\"http:\/\/www.karate-neuhofen.at\/wp-content\/gallery\/trainingslager-in-gnas-2013\/thumbs\/thumbs_img_2212.jpg\"\n               data-image-id=\"2909\"\n               data-title=\"img_2212\"\n               data-description=\"\"\n               data-image-slug=\"img_2212\"\n               class=\"shutterset_ff47fd508f60c5ff8630e9e3ad1de006\">\n                <img\n                    title=\"img_2212\"\n                    alt=\"img_2212\"\n                    src=\"http:\/\/www.karate-neuhofen.at\/wp-content\/gallery\/trainingslager-in-gnas-2013\/thumbs\/thumbs_img_2212.jpg\"\n                    width=\"50\"\n                    height=\"75\"\n                    style=\"max-width:100%;\"\n                \/>\n            <\/a>\n        <\/div>\n\t\t\t\t\t\t\t<\/div> \n\t\t\t\n        \n\t\t\t\t<div id=\"ngg-image-320\" class=\"ngg-gallery-thumbnail-box\" >\n\t\t\t\t        <div class=\"ngg-gallery-thumbnail\">\n            <a href=\"http:\/\/www.karate-neuhofen.at\/wp-content\/gallery\/trainingslager-in-gnas-2013\/img_2214.jpg\"\n               title=\"\"\n               data-src=\"http:\/\/www.karate-neuhofen.at\/wp-content\/gallery\/trainingslager-in-gnas-2013\/img_2214.jpg\"\n               data-thumbnail=\"http:\/\/www.karate-neuhofen.at\/wp-content\/gallery\/trainingslager-in-gnas-2013\/thumbs\/thumbs_img_2214.jpg\"\n               data-image-id=\"2910\"\n               data-title=\"img_2214\"\n               data-description=\"\"\n               data-image-slug=\"img_2214\"\n               class=\"shutterset_ff47fd508f60c5ff8630e9e3ad1de006\">\n                <img\n                    title=\"img_2214\"\n                    alt=\"img_2214\"\n                    src=\"http:\/\/www.karate-neuhofen.at\/wp-content\/gallery\/trainingslager-in-gnas-2013\/thumbs\/thumbs_img_2214.jpg\"\n                    width=\"100\"\n                    height=\"66\"\n                    style=\"max-width:100%;\"\n                \/>\n            <\/a>\n        <\/div>\n\t\t\t\t\t\t\t<\/div> \n\t\t\t\n        \n\t\t\t\t<div id=\"ngg-image-321\" class=\"ngg-gallery-thumbnail-box\" >\n\t\t\t\t        <div class=\"ngg-gallery-thumbnail\">\n            <a href=\"http:\/\/www.karate-neuhofen.at\/wp-content\/gallery\/trainingslager-in-gnas-2013\/img_2215.jpg\"\n               title=\"\"\n               data-src=\"http:\/\/www.karate-neuhofen.at\/wp-content\/gallery\/trainingslager-in-gnas-2013\/img_2215.jpg\"\n               data-thumbnail=\"http:\/\/www.karate-neuhofen.at\/wp-content\/gallery\/trainingslager-in-gnas-2013\/thumbs\/thumbs_img_2215.jpg\"\n               data-image-id=\"2911\"\n               data-title=\"img_2215\"\n               data-description=\"\"\n               data-image-slug=\"img_2215\"\n               class=\"shutterset_ff47fd508f60c5ff8630e9e3ad1de006\">\n                <img\n                    title=\"img_2215\"\n                    alt=\"img_2215\"\n                    src=\"http:\/\/www.karate-neuhofen.at\/wp-content\/gallery\/trainingslager-in-gnas-2013\/thumbs\/thumbs_img_2215.jpg\"\n                    width=\"100\"\n                    height=\"66\"\n                    style=\"max-width:100%;\"\n                \/>\n            <\/a>\n        <\/div>\n\t\t\t\t\t\t\t<\/div> \n\t\t\t\n        \n\t\t\t\t<div id=\"ngg-image-322\" class=\"ngg-gallery-thumbnail-box\" >\n\t\t\t\t        <div class=\"ngg-gallery-thumbnail\">\n            <a href=\"http:\/\/www.karate-neuhofen.at\/wp-content\/gallery\/trainingslager-in-gnas-2013\/img_2216.jpg\"\n               title=\"\"\n               data-src=\"http:\/\/www.karate-neuhofen.at\/wp-content\/gallery\/trainingslager-in-gnas-2013\/img_2216.jpg\"\n               data-thumbnail=\"http:\/\/www.karate-neuhofen.at\/wp-content\/gallery\/trainingslager-in-gnas-2013\/thumbs\/thumbs_img_2216.jpg\"\n               data-image-id=\"2912\"\n               data-title=\"img_2216\"\n               data-description=\"\"\n               data-image-slug=\"img_2216\"\n               class=\"shutterset_ff47fd508f60c5ff8630e9e3ad1de006\">\n                <img\n                    title=\"img_2216\"\n                    alt=\"img_2216\"\n                    src=\"http:\/\/www.karate-neuhofen.at\/wp-content\/gallery\/trainingslager-in-gnas-2013\/thumbs\/thumbs_img_2216.jpg\"\n                    width=\"100\"\n                    height=\"66\"\n                    style=\"max-width:100%;\"\n                \/>\n            <\/a>\n        <\/div>\n\t\t\t\t\t\t\t<\/div> \n\t\t\t\n        \n\t\t\t\t<div id=\"ngg-image-323\" class=\"ngg-gallery-thumbnail-box\" >\n\t\t\t\t        <div class=\"ngg-gallery-thumbnail\">\n            <a href=\"http:\/\/www.karate-neuhofen.at\/wp-content\/gallery\/trainingslager-in-gnas-2013\/img_2217.jpg\"\n               title=\"\"\n               data-src=\"http:\/\/www.karate-neuhofen.at\/wp-content\/gallery\/trainingslager-in-gnas-2013\/img_2217.jpg\"\n               data-thumbnail=\"http:\/\/www.karate-neuhofen.at\/wp-content\/gallery\/trainingslager-in-gnas-2013\/thumbs\/thumbs_img_2217.jpg\"\n               data-image-id=\"2913\"\n               data-title=\"img_2217\"\n               data-description=\"\"\n               data-image-slug=\"img_2217\"\n               class=\"shutterset_ff47fd508f60c5ff8630e9e3ad1de006\">\n                <img\n                    title=\"img_2217\"\n                    alt=\"img_2217\"\n                    src=\"http:\/\/www.karate-neuhofen.at\/wp-content\/gallery\/trainingslager-in-gnas-2013\/thumbs\/thumbs_img_2217.jpg\"\n                    width=\"100\"\n                    height=\"66\"\n                    style=\"max-width:100%;\"\n                \/>\n            <\/a>\n        <\/div>\n\t\t\t\t\t\t\t<\/div> \n\t\t\t\n        \n\t\t\t\t<div id=\"ngg-image-324\" class=\"ngg-gallery-thumbnail-box\" >\n\t\t\t\t        <div class=\"ngg-gallery-thumbnail\">\n            <a href=\"http:\/\/www.karate-neuhofen.at\/wp-content\/gallery\/trainingslager-in-gnas-2013\/img_2218.jpg\"\n               title=\"\"\n               data-src=\"http:\/\/www.karate-neuhofen.at\/wp-content\/gallery\/trainingslager-in-gnas-2013\/img_2218.jpg\"\n               data-thumbnail=\"http:\/\/www.karate-neuhofen.at\/wp-content\/gallery\/trainingslager-in-gnas-2013\/thumbs\/thumbs_img_2218.jpg\"\n               data-image-id=\"2914\"\n               data-title=\"img_2218\"\n               data-description=\"\"\n               data-image-slug=\"img_2218\"\n               class=\"shutterset_ff47fd508f60c5ff8630e9e3ad1de006\">\n                <img\n                    title=\"img_2218\"\n                    alt=\"img_2218\"\n                    src=\"http:\/\/www.karate-neuhofen.at\/wp-content\/gallery\/trainingslager-in-gnas-2013\/thumbs\/thumbs_img_2218.jpg\"\n                    width=\"100\"\n                    height=\"66\"\n                    style=\"max-width:100%;\"\n                \/>\n            <\/a>\n        <\/div>\n\t\t\t\t\t\t\t<\/div> \n\t\t\t\n        \n\t\t\t\t<div id=\"ngg-image-325\" class=\"ngg-gallery-thumbnail-box\" >\n\t\t\t\t        <div class=\"ngg-gallery-thumbnail\">\n            <a href=\"http:\/\/www.karate-neuhofen.at\/wp-content\/gallery\/trainingslager-in-gnas-2013\/img_2219.jpg\"\n               title=\"\"\n               data-src=\"http:\/\/www.karate-neuhofen.at\/wp-content\/gallery\/trainingslager-in-gnas-2013\/img_2219.jpg\"\n               data-thumbnail=\"http:\/\/www.karate-neuhofen.at\/wp-content\/gallery\/trainingslager-in-gnas-2013\/thumbs\/thumbs_img_2219.jpg\"\n               data-image-id=\"2915\"\n               data-title=\"img_2219\"\n               data-description=\"\"\n               data-image-slug=\"img_2219\"\n               class=\"shutterset_ff47fd508f60c5ff8630e9e3ad1de006\">\n                <img\n                    title=\"img_2219\"\n                    alt=\"img_2219\"\n                    src=\"http:\/\/www.karate-neuhofen.at\/wp-content\/gallery\/trainingslager-in-gnas-2013\/thumbs\/thumbs_img_2219.jpg\"\n                    width=\"100\"\n                    height=\"66\"\n                    style=\"max-width:100%;\"\n                \/>\n            <\/a>\n        <\/div>\n\t\t\t\t\t\t\t<\/div> \n\t\t\t\n        \n\t\t\t\t<div id=\"ngg-image-326\" class=\"ngg-gallery-thumbnail-box\" >\n\t\t\t\t        <div class=\"ngg-gallery-thumbnail\">\n            <a href=\"http:\/\/www.karate-neuhofen.at\/wp-content\/gallery\/trainingslager-in-gnas-2013\/img_2220.jpg\"\n               title=\"\"\n               data-src=\"http:\/\/www.karate-neuhofen.at\/wp-content\/gallery\/trainingslager-in-gnas-2013\/img_2220.jpg\"\n               data-thumbnail=\"http:\/\/www.karate-neuhofen.at\/wp-content\/gallery\/trainingslager-in-gnas-2013\/thumbs\/thumbs_img_2220.jpg\"\n               data-image-id=\"2916\"\n               data-title=\"img_2220\"\n               data-description=\"\"\n               data-image-slug=\"img_2220\"\n               class=\"shutterset_ff47fd508f60c5ff8630e9e3ad1de006\">\n                <img\n                    title=\"img_2220\"\n                    alt=\"img_2220\"\n                    src=\"http:\/\/www.karate-neuhofen.at\/wp-content\/gallery\/trainingslager-in-gnas-2013\/thumbs\/thumbs_img_2220.jpg\"\n                    width=\"100\"\n                    height=\"66\"\n                    style=\"max-width:100%;\"\n                \/>\n            <\/a>\n        <\/div>\n\t\t\t\t\t\t\t<\/div> \n\t\t\t\n        \n\t\t\t\t<div id=\"ngg-image-327\" class=\"ngg-gallery-thumbnail-box\" >\n\t\t\t\t        <div class=\"ngg-gallery-thumbnail\">\n            <a href=\"http:\/\/www.karate-neuhofen.at\/wp-content\/gallery\/trainingslager-in-gnas-2013\/img_2221.jpg\"\n               title=\"\"\n               data-src=\"http:\/\/www.karate-neuhofen.at\/wp-content\/gallery\/trainingslager-in-gnas-2013\/img_2221.jpg\"\n               data-thumbnail=\"http:\/\/www.karate-neuhofen.at\/wp-content\/gallery\/trainingslager-in-gnas-2013\/thumbs\/thumbs_img_2221.jpg\"\n               data-image-id=\"2917\"\n               data-title=\"img_2221\"\n               data-description=\"\"\n               data-image-slug=\"img_2221\"\n               class=\"shutterset_ff47fd508f60c5ff8630e9e3ad1de006\">\n                <img\n                    title=\"img_2221\"\n                    alt=\"img_2221\"\n                    src=\"http:\/\/www.karate-neuhofen.at\/wp-content\/gallery\/trainingslager-in-gnas-2013\/thumbs\/thumbs_img_2221.jpg\"\n                    width=\"50\"\n                    height=\"75\"\n                    style=\"max-width:100%;\"\n                \/>\n            <\/a>\n        <\/div>\n\t\t\t\t\t\t\t<\/div> \n\t\t\t\n        \n\t\t\t\t<div id=\"ngg-image-328\" class=\"ngg-gallery-thumbnail-box\" >\n\t\t\t\t        <div class=\"ngg-gallery-thumbnail\">\n            <a href=\"http:\/\/www.karate-neuhofen.at\/wp-content\/gallery\/trainingslager-in-gnas-2013\/img_2222.jpg\"\n               title=\"\"\n               data-src=\"http:\/\/www.karate-neuhofen.at\/wp-content\/gallery\/trainingslager-in-gnas-2013\/img_2222.jpg\"\n               data-thumbnail=\"http:\/\/www.karate-neuhofen.at\/wp-content\/gallery\/trainingslager-in-gnas-2013\/thumbs\/thumbs_img_2222.jpg\"\n               data-image-id=\"2918\"\n               data-title=\"img_2222\"\n               data-description=\"\"\n               data-image-slug=\"img_2222\"\n               class=\"shutterset_ff47fd508f60c5ff8630e9e3ad1de006\">\n                <img\n                    title=\"img_2222\"\n                    alt=\"img_2222\"\n                    src=\"http:\/\/www.karate-neuhofen.at\/wp-content\/gallery\/trainingslager-in-gnas-2013\/thumbs\/thumbs_img_2222.jpg\"\n                    width=\"50\"\n                    height=\"75\"\n                    style=\"max-width:100%;\"\n                \/>\n            <\/a>\n        <\/div>\n\t\t\t\t\t\t\t<\/div> \n\t\t\t\n        \n\t\t\t\t<div id=\"ngg-image-329\" class=\"ngg-gallery-thumbnail-box\" >\n\t\t\t\t        <div class=\"ngg-gallery-thumbnail\">\n            <a href=\"http:\/\/www.karate-neuhofen.at\/wp-content\/gallery\/trainingslager-in-gnas-2013\/img_2223.jpg\"\n               title=\"\"\n               data-src=\"http:\/\/www.karate-neuhofen.at\/wp-content\/gallery\/trainingslager-in-gnas-2013\/img_2223.jpg\"\n               data-thumbnail=\"http:\/\/www.karate-neuhofen.at\/wp-content\/gallery\/trainingslager-in-gnas-2013\/thumbs\/thumbs_img_2223.jpg\"\n               data-image-id=\"2919\"\n               data-title=\"img_2223\"\n               data-description=\"\"\n               data-image-slug=\"img_2223\"\n               class=\"shutterset_ff47fd508f60c5ff8630e9e3ad1de006\">\n                <img\n                    title=\"img_2223\"\n                    alt=\"img_2223\"\n                    src=\"http:\/\/www.karate-neuhofen.at\/wp-content\/gallery\/trainingslager-in-gnas-2013\/thumbs\/thumbs_img_2223.jpg\"\n                    width=\"50\"\n                    height=\"75\"\n                    style=\"max-width:100%;\"\n                \/>\n            <\/a>\n        <\/div>\n\t\t\t\t\t\t\t<\/div> \n\t\t\t\n        \n\t\t\t\t<div id=\"ngg-image-330\" class=\"ngg-gallery-thumbnail-box\" >\n\t\t\t\t        <div class=\"ngg-gallery-thumbnail\">\n            <a href=\"http:\/\/www.karate-neuhofen.at\/wp-content\/gallery\/trainingslager-in-gnas-2013\/img_2224.jpg\"\n               title=\"\"\n               data-src=\"http:\/\/www.karate-neuhofen.at\/wp-content\/gallery\/trainingslager-in-gnas-2013\/img_2224.jpg\"\n               data-thumbnail=\"http:\/\/www.karate-neuhofen.at\/wp-content\/gallery\/trainingslager-in-gnas-2013\/thumbs\/thumbs_img_2224.jpg\"\n               data-image-id=\"2920\"\n               data-title=\"img_2224\"\n               data-description=\"\"\n               data-image-slug=\"img_2224\"\n               class=\"shutterset_ff47fd508f60c5ff8630e9e3ad1de006\">\n                <img\n                    title=\"img_2224\"\n                    alt=\"img_2224\"\n                    src=\"http:\/\/www.karate-neuhofen.at\/wp-content\/gallery\/trainingslager-in-gnas-2013\/thumbs\/thumbs_img_2224.jpg\"\n                    width=\"100\"\n                    height=\"66\"\n                    style=\"max-width:100%;\"\n                \/>\n            <\/a>\n        <\/div>\n\t\t\t\t\t\t\t<\/div> \n\t\t\t\n        \n\t\t\t\t<div id=\"ngg-image-331\" class=\"ngg-gallery-thumbnail-box\" >\n\t\t\t\t        <div class=\"ngg-gallery-thumbnail\">\n            <a href=\"http:\/\/www.karate-neuhofen.at\/wp-content\/gallery\/trainingslager-in-gnas-2013\/img_2225.jpg\"\n               title=\"\"\n               data-src=\"http:\/\/www.karate-neuhofen.at\/wp-content\/gallery\/trainingslager-in-gnas-2013\/img_2225.jpg\"\n               data-thumbnail=\"http:\/\/www.karate-neuhofen.at\/wp-content\/gallery\/trainingslager-in-gnas-2013\/thumbs\/thumbs_img_2225.jpg\"\n               data-image-id=\"2921\"\n               data-title=\"img_2225\"\n               data-description=\"\"\n               data-image-slug=\"img_2225\"\n               class=\"shutterset_ff47fd508f60c5ff8630e9e3ad1de006\">\n                <img\n                    title=\"img_2225\"\n                    alt=\"img_2225\"\n                    src=\"http:\/\/www.karate-neuhofen.at\/wp-content\/gallery\/trainingslager-in-gnas-2013\/thumbs\/thumbs_img_2225.jpg\"\n                    width=\"100\"\n                    height=\"66\"\n                    style=\"max-width:100%;\"\n                \/>\n            <\/a>\n        <\/div>\n\t\t\t\t\t\t\t<\/div> \n\t\t\t\n        \n\t\t\t\t<div id=\"ngg-image-332\" class=\"ngg-gallery-thumbnail-box\" >\n\t\t\t\t        <div class=\"ngg-gallery-thumbnail\">\n            <a href=\"http:\/\/www.karate-neuhofen.at\/wp-content\/gallery\/trainingslager-in-gnas-2013\/img_2227.jpg\"\n               title=\"\"\n               data-src=\"http:\/\/www.karate-neuhofen.at\/wp-content\/gallery\/trainingslager-in-gnas-2013\/img_2227.jpg\"\n               data-thumbnail=\"http:\/\/www.karate-neuhofen.at\/wp-content\/gallery\/trainingslager-in-gnas-2013\/thumbs\/thumbs_img_2227.jpg\"\n               data-image-id=\"2922\"\n               data-title=\"img_2227\"\n               data-description=\"\"\n               data-image-slug=\"img_2227\"\n               class=\"shutterset_ff47fd508f60c5ff8630e9e3ad1de006\">\n                <img\n                    title=\"img_2227\"\n                    alt=\"img_2227\"\n                    src=\"http:\/\/www.karate-neuhofen.at\/wp-content\/gallery\/trainingslager-in-gnas-2013\/thumbs\/thumbs_img_2227.jpg\"\n                    width=\"100\"\n                    height=\"66\"\n                    style=\"max-width:100%;\"\n                \/>\n            <\/a>\n        <\/div>\n\t\t\t\t\t\t\t<\/div> \n\t\t\t\n        \n\t\t\t\t<div id=\"ngg-image-333\" class=\"ngg-gallery-thumbnail-box\" >\n\t\t\t\t        <div class=\"ngg-gallery-thumbnail\">\n            <a href=\"http:\/\/www.karate-neuhofen.at\/wp-content\/gallery\/trainingslager-in-gnas-2013\/img_2228.jpg\"\n               title=\"\"\n               data-src=\"http:\/\/www.karate-neuhofen.at\/wp-content\/gallery\/trainingslager-in-gnas-2013\/img_2228.jpg\"\n               data-thumbnail=\"http:\/\/www.karate-neuhofen.at\/wp-content\/gallery\/trainingslager-in-gnas-2013\/thumbs\/thumbs_img_2228.jpg\"\n               data-image-id=\"2923\"\n               data-title=\"img_2228\"\n               data-description=\"\"\n               data-image-slug=\"img_2228\"\n               class=\"shutterset_ff47fd508f60c5ff8630e9e3ad1de006\">\n                <img\n                    title=\"img_2228\"\n                    alt=\"img_2228\"\n                    src=\"http:\/\/www.karate-neuhofen.at\/wp-content\/gallery\/trainingslager-in-gnas-2013\/thumbs\/thumbs_img_2228.jpg\"\n                    width=\"100\"\n                    height=\"66\"\n                    style=\"max-width:100%;\"\n                \/>\n            <\/a>\n        <\/div>\n\t\t\t\t\t\t\t<\/div> \n\t\t\t\n        \n\t\t\t\t<div id=\"ngg-image-334\" class=\"ngg-gallery-thumbnail-box\" >\n\t\t\t\t        <div class=\"ngg-gallery-thumbnail\">\n            <a href=\"http:\/\/www.karate-neuhofen.at\/wp-content\/gallery\/trainingslager-in-gnas-2013\/img_2229.jpg\"\n               title=\"\"\n               data-src=\"http:\/\/www.karate-neuhofen.at\/wp-content\/gallery\/trainingslager-in-gnas-2013\/img_2229.jpg\"\n               data-thumbnail=\"http:\/\/www.karate-neuhofen.at\/wp-content\/gallery\/trainingslager-in-gnas-2013\/thumbs\/thumbs_img_2229.jpg\"\n               data-image-id=\"2924\"\n               data-title=\"img_2229\"\n               data-description=\"\"\n               data-image-slug=\"img_2229\"\n               class=\"shutterset_ff47fd508f60c5ff8630e9e3ad1de006\">\n                <img\n                    title=\"img_2229\"\n                    alt=\"img_2229\"\n                    src=\"http:\/\/www.karate-neuhofen.at\/wp-content\/gallery\/trainingslager-in-gnas-2013\/thumbs\/thumbs_img_2229.jpg\"\n                    width=\"100\"\n                    height=\"66\"\n                    style=\"max-width:100%;\"\n                \/>\n            <\/a>\n        <\/div>\n\t\t\t\t\t\t\t<\/div> \n\t\t\t\n        \n\t\t\t\t<div id=\"ngg-image-335\" class=\"ngg-gallery-thumbnail-box\" >\n\t\t\t\t        <div class=\"ngg-gallery-thumbnail\">\n            <a href=\"http:\/\/www.karate-neuhofen.at\/wp-content\/gallery\/trainingslager-in-gnas-2013\/img_2230.jpg\"\n               title=\"\"\n               data-src=\"http:\/\/www.karate-neuhofen.at\/wp-content\/gallery\/trainingslager-in-gnas-2013\/img_2230.jpg\"\n               data-thumbnail=\"http:\/\/www.karate-neuhofen.at\/wp-content\/gallery\/trainingslager-in-gnas-2013\/thumbs\/thumbs_img_2230.jpg\"\n               data-image-id=\"2925\"\n               data-title=\"img_2230\"\n               data-description=\"\"\n               data-image-slug=\"img_2230\"\n               class=\"shutterset_ff47fd508f60c5ff8630e9e3ad1de006\">\n                <img\n                    title=\"img_2230\"\n                    alt=\"img_2230\"\n                    src=\"http:\/\/www.karate-neuhofen.at\/wp-content\/gallery\/trainingslager-in-gnas-2013\/thumbs\/thumbs_img_2230.jpg\"\n                    width=\"100\"\n                    height=\"66\"\n                    style=\"max-width:100%;\"\n                \/>\n            <\/a>\n        <\/div>\n\t\t\t\t\t\t\t<\/div> \n\t\t\t\n        \n\t\t\t\t<div id=\"ngg-image-336\" class=\"ngg-gallery-thumbnail-box\" >\n\t\t\t\t        <div class=\"ngg-gallery-thumbnail\">\n            <a href=\"http:\/\/www.karate-neuhofen.at\/wp-content\/gallery\/trainingslager-in-gnas-2013\/img_2231.jpg\"\n               title=\"\"\n               data-src=\"http:\/\/www.karate-neuhofen.at\/wp-content\/gallery\/trainingslager-in-gnas-2013\/img_2231.jpg\"\n               data-thumbnail=\"http:\/\/www.karate-neuhofen.at\/wp-content\/gallery\/trainingslager-in-gnas-2013\/thumbs\/thumbs_img_2231.jpg\"\n               data-image-id=\"2926\"\n               data-title=\"img_2231\"\n               data-description=\"\"\n               data-image-slug=\"img_2231\"\n               class=\"shutterset_ff47fd508f60c5ff8630e9e3ad1de006\">\n                <img\n                    title=\"img_2231\"\n                    alt=\"img_2231\"\n                    src=\"http:\/\/www.karate-neuhofen.at\/wp-content\/gallery\/trainingslager-in-gnas-2013\/thumbs\/thumbs_img_2231.jpg\"\n                    width=\"100\"\n                    height=\"66\"\n                    style=\"max-width:100%;\"\n                \/>\n            <\/a>\n        <\/div>\n\t\t\t\t\t\t\t<\/div> \n\t\t\t\n        \n\t\t\t\t<div id=\"ngg-image-337\" class=\"ngg-gallery-thumbnail-box\" >\n\t\t\t\t        <div class=\"ngg-gallery-thumbnail\">\n            <a href=\"http:\/\/www.karate-neuhofen.at\/wp-content\/gallery\/trainingslager-in-gnas-2013\/img_2232.jpg\"\n               title=\"\"\n               data-src=\"http:\/\/www.karate-neuhofen.at\/wp-content\/gallery\/trainingslager-in-gnas-2013\/img_2232.jpg\"\n               data-thumbnail=\"http:\/\/www.karate-neuhofen.at\/wp-content\/gallery\/trainingslager-in-gnas-2013\/thumbs\/thumbs_img_2232.jpg\"\n               data-image-id=\"2927\"\n               data-title=\"img_2232\"\n               data-description=\"\"\n               data-image-slug=\"img_2232\"\n               class=\"shutterset_ff47fd508f60c5ff8630e9e3ad1de006\">\n                <img\n                    title=\"img_2232\"\n                    alt=\"img_2232\"\n                    src=\"http:\/\/www.karate-neuhofen.at\/wp-content\/gallery\/trainingslager-in-gnas-2013\/thumbs\/thumbs_img_2232.jpg\"\n                    width=\"100\"\n                    height=\"66\"\n                    style=\"max-width:100%;\"\n                \/>\n            <\/a>\n        <\/div>\n\t\t\t\t\t\t\t<\/div> \n\t\t\t\n        \n\t\t\t\t<div id=\"ngg-image-338\" class=\"ngg-gallery-thumbnail-box\" >\n\t\t\t\t        <div class=\"ngg-gallery-thumbnail\">\n            <a href=\"http:\/\/www.karate-neuhofen.at\/wp-content\/gallery\/trainingslager-in-gnas-2013\/img_2234.jpg\"\n               title=\"\"\n               data-src=\"http:\/\/www.karate-neuhofen.at\/wp-content\/gallery\/trainingslager-in-gnas-2013\/img_2234.jpg\"\n               data-thumbnail=\"http:\/\/www.karate-neuhofen.at\/wp-content\/gallery\/trainingslager-in-gnas-2013\/thumbs\/thumbs_img_2234.jpg\"\n               data-image-id=\"2928\"\n               data-title=\"img_2234\"\n               data-description=\"\"\n               data-image-slug=\"img_2234\"\n               class=\"shutterset_ff47fd508f60c5ff8630e9e3ad1de006\">\n                <img\n                    title=\"img_2234\"\n                    alt=\"img_2234\"\n                    src=\"http:\/\/www.karate-neuhofen.at\/wp-content\/gallery\/trainingslager-in-gnas-2013\/thumbs\/thumbs_img_2234.jpg\"\n                    width=\"100\"\n                    height=\"66\"\n                    style=\"max-width:100%;\"\n                \/>\n            <\/a>\n        <\/div>\n\t\t\t\t\t\t\t<\/div> \n\t\t\t\n        \n\t\t\t\t<div id=\"ngg-image-339\" class=\"ngg-gallery-thumbnail-box\" >\n\t\t\t\t        <div class=\"ngg-gallery-thumbnail\">\n            <a href=\"http:\/\/www.karate-neuhofen.at\/wp-content\/gallery\/trainingslager-in-gnas-2013\/img_2235.jpg\"\n               title=\"\"\n               data-src=\"http:\/\/www.karate-neuhofen.at\/wp-content\/gallery\/trainingslager-in-gnas-2013\/img_2235.jpg\"\n               data-thumbnail=\"http:\/\/www.karate-neuhofen.at\/wp-content\/gallery\/trainingslager-in-gnas-2013\/thumbs\/thumbs_img_2235.jpg\"\n               data-image-id=\"2929\"\n               data-title=\"img_2235\"\n               data-description=\"\"\n               data-image-slug=\"img_2235\"\n               class=\"shutterset_ff47fd508f60c5ff8630e9e3ad1de006\">\n                <img\n                    title=\"img_2235\"\n                    alt=\"img_2235\"\n                    src=\"http:\/\/www.karate-neuhofen.at\/wp-content\/gallery\/trainingslager-in-gnas-2013\/thumbs\/thumbs_img_2235.jpg\"\n                    width=\"100\"\n                    height=\"66\"\n                    style=\"max-width:100%;\"\n                \/>\n            <\/a>\n        <\/div>\n\t\t\t\t\t\t\t<\/div> \n\t\t\t\n        \n\t\t\t\t<div id=\"ngg-image-340\" class=\"ngg-gallery-thumbnail-box\" >\n\t\t\t\t        <div class=\"ngg-gallery-thumbnail\">\n            <a href=\"http:\/\/www.karate-neuhofen.at\/wp-content\/gallery\/trainingslager-in-gnas-2013\/img_2238.jpg\"\n               title=\"\"\n               data-src=\"http:\/\/www.karate-neuhofen.at\/wp-content\/gallery\/trainingslager-in-gnas-2013\/img_2238.jpg\"\n               data-thumbnail=\"http:\/\/www.karate-neuhofen.at\/wp-content\/gallery\/trainingslager-in-gnas-2013\/thumbs\/thumbs_img_2238.jpg\"\n               data-image-id=\"2930\"\n               data-title=\"img_2238\"\n               data-description=\"\"\n               data-image-slug=\"img_2238\"\n               class=\"shutterset_ff47fd508f60c5ff8630e9e3ad1de006\">\n                <img\n                    title=\"img_2238\"\n                    alt=\"img_2238\"\n                    src=\"http:\/\/www.karate-neuhofen.at\/wp-content\/gallery\/trainingslager-in-gnas-2013\/thumbs\/thumbs_img_2238.jpg\"\n                    width=\"100\"\n                    height=\"66\"\n                    style=\"max-width:100%;\"\n                \/>\n            <\/a>\n        <\/div>\n\t\t\t\t\t\t\t<\/div> \n\t\t\t\n        \n\t\t\t\t<div id=\"ngg-image-341\" class=\"ngg-gallery-thumbnail-box\" >\n\t\t\t\t        <div class=\"ngg-gallery-thumbnail\">\n            <a href=\"http:\/\/www.karate-neuhofen.at\/wp-content\/gallery\/trainingslager-in-gnas-2013\/img_2239.jpg\"\n               title=\"\"\n               data-src=\"http:\/\/www.karate-neuhofen.at\/wp-content\/gallery\/trainingslager-in-gnas-2013\/img_2239.jpg\"\n               data-thumbnail=\"http:\/\/www.karate-neuhofen.at\/wp-content\/gallery\/trainingslager-in-gnas-2013\/thumbs\/thumbs_img_2239.jpg\"\n               data-image-id=\"2931\"\n               data-title=\"img_2239\"\n               data-description=\"\"\n               data-image-slug=\"img_2239\"\n               class=\"shutterset_ff47fd508f60c5ff8630e9e3ad1de006\">\n                <img\n                    title=\"img_2239\"\n                    alt=\"img_2239\"\n                    src=\"http:\/\/www.karate-neuhofen.at\/wp-content\/gallery\/trainingslager-in-gnas-2013\/thumbs\/thumbs_img_2239.jpg\"\n                    width=\"100\"\n                    height=\"66\"\n                    style=\"max-width:100%;\"\n                \/>\n            <\/a>\n        <\/div>\n\t\t\t\t\t\t\t<\/div> \n\t\t\t\n        \n\t\t\t\t<div id=\"ngg-image-342\" class=\"ngg-gallery-thumbnail-box\" >\n\t\t\t\t        <div class=\"ngg-gallery-thumbnail\">\n            <a href=\"http:\/\/www.karate-neuhofen.at\/wp-content\/gallery\/trainingslager-in-gnas-2013\/img_2240.jpg\"\n               title=\"\"\n               data-src=\"http:\/\/www.karate-neuhofen.at\/wp-content\/gallery\/trainingslager-in-gnas-2013\/img_2240.jpg\"\n               data-thumbnail=\"http:\/\/www.karate-neuhofen.at\/wp-content\/gallery\/trainingslager-in-gnas-2013\/thumbs\/thumbs_img_2240.jpg\"\n               data-image-id=\"2932\"\n               data-title=\"img_2240\"\n               data-description=\"\"\n               data-image-slug=\"img_2240\"\n               class=\"shutterset_ff47fd508f60c5ff8630e9e3ad1de006\">\n                <img\n                    title=\"img_2240\"\n                    alt=\"img_2240\"\n                    src=\"http:\/\/www.karate-neuhofen.at\/wp-content\/gallery\/trainingslager-in-gnas-2013\/thumbs\/thumbs_img_2240.jpg\"\n                    width=\"100\"\n                    height=\"66\"\n                    style=\"max-width:100%;\"\n                \/>\n            <\/a>\n        <\/div>\n\t\t\t\t\t\t\t<\/div> \n\t\t\t\n        \n\t\t\t\t<div id=\"ngg-image-343\" class=\"ngg-gallery-thumbnail-box\" >\n\t\t\t\t        <div class=\"ngg-gallery-thumbnail\">\n            <a href=\"http:\/\/www.karate-neuhofen.at\/wp-content\/gallery\/trainingslager-in-gnas-2013\/img_2244.jpg\"\n               title=\"\"\n               data-src=\"http:\/\/www.karate-neuhofen.at\/wp-content\/gallery\/trainingslager-in-gnas-2013\/img_2244.jpg\"\n               data-thumbnail=\"http:\/\/www.karate-neuhofen.at\/wp-content\/gallery\/trainingslager-in-gnas-2013\/thumbs\/thumbs_img_2244.jpg\"\n               data-image-id=\"2933\"\n               data-title=\"img_2244\"\n               data-description=\"\"\n               data-image-slug=\"img_2244\"\n               class=\"shutterset_ff47fd508f60c5ff8630e9e3ad1de006\">\n                <img\n                    title=\"img_2244\"\n                    alt=\"img_2244\"\n                    src=\"http:\/\/www.karate-neuhofen.at\/wp-content\/gallery\/trainingslager-in-gnas-2013\/thumbs\/thumbs_img_2244.jpg\"\n                    width=\"50\"\n                    height=\"75\"\n                    style=\"max-width:100%;\"\n                \/>\n            <\/a>\n        <\/div>\n\t\t\t\t\t\t\t<\/div> \n\t\t\t\n        \n\t\t\t\t<div id=\"ngg-image-344\" class=\"ngg-gallery-thumbnail-box\" >\n\t\t\t\t        <div class=\"ngg-gallery-thumbnail\">\n            <a href=\"http:\/\/www.karate-neuhofen.at\/wp-content\/gallery\/trainingslager-in-gnas-2013\/img_2246.jpg\"\n               title=\"\"\n               data-src=\"http:\/\/www.karate-neuhofen.at\/wp-content\/gallery\/trainingslager-in-gnas-2013\/img_2246.jpg\"\n               data-thumbnail=\"http:\/\/www.karate-neuhofen.at\/wp-content\/gallery\/trainingslager-in-gnas-2013\/thumbs\/thumbs_img_2246.jpg\"\n               data-image-id=\"2934\"\n               data-title=\"img_2246\"\n               data-description=\"\"\n               data-image-slug=\"img_2246\"\n               class=\"shutterset_ff47fd508f60c5ff8630e9e3ad1de006\">\n                <img\n                    title=\"img_2246\"\n                    alt=\"img_2246\"\n                    src=\"http:\/\/www.karate-neuhofen.at\/wp-content\/gallery\/trainingslager-in-gnas-2013\/thumbs\/thumbs_img_2246.jpg\"\n                    width=\"100\"\n                    height=\"66\"\n                    style=\"max-width:100%;\"\n                \/>\n            <\/a>\n        <\/div>\n\t\t\t\t\t\t\t<\/div> \n\t\t\t\n        \n\t\t\t\t<div id=\"ngg-image-345\" class=\"ngg-gallery-thumbnail-box\" >\n\t\t\t\t        <div class=\"ngg-gallery-thumbnail\">\n            <a href=\"http:\/\/www.karate-neuhofen.at\/wp-content\/gallery\/trainingslager-in-gnas-2013\/img_2247.jpg\"\n               title=\"\"\n               data-src=\"http:\/\/www.karate-neuhofen.at\/wp-content\/gallery\/trainingslager-in-gnas-2013\/img_2247.jpg\"\n               data-thumbnail=\"http:\/\/www.karate-neuhofen.at\/wp-content\/gallery\/trainingslager-in-gnas-2013\/thumbs\/thumbs_img_2247.jpg\"\n               data-image-id=\"2935\"\n               data-title=\"img_2247\"\n               data-description=\"\"\n               data-image-slug=\"img_2247\"\n               class=\"shutterset_ff47fd508f60c5ff8630e9e3ad1de006\">\n                <img\n                    title=\"img_2247\"\n                    alt=\"img_2247\"\n                    src=\"http:\/\/www.karate-neuhofen.at\/wp-content\/gallery\/trainingslager-in-gnas-2013\/thumbs\/thumbs_img_2247.jpg\"\n                    width=\"50\"\n                    height=\"75\"\n                    style=\"max-width:100%;\"\n                \/>\n            <\/a>\n        <\/div>\n\t\t\t\t\t\t\t<\/div> \n\t\t\t\n        \n\t\t\t\t<div id=\"ngg-image-346\" class=\"ngg-gallery-thumbnail-box\" >\n\t\t\t\t        <div class=\"ngg-gallery-thumbnail\">\n            <a href=\"http:\/\/www.karate-neuhofen.at\/wp-content\/gallery\/trainingslager-in-gnas-2013\/img_2248.jpg\"\n               title=\"\"\n               data-src=\"http:\/\/www.karate-neuhofen.at\/wp-content\/gallery\/trainingslager-in-gnas-2013\/img_2248.jpg\"\n               data-thumbnail=\"http:\/\/www.karate-neuhofen.at\/wp-content\/gallery\/trainingslager-in-gnas-2013\/thumbs\/thumbs_img_2248.jpg\"\n               data-image-id=\"2936\"\n               data-title=\"img_2248\"\n               data-description=\"\"\n               data-image-slug=\"img_2248\"\n               class=\"shutterset_ff47fd508f60c5ff8630e9e3ad1de006\">\n                <img\n                    title=\"img_2248\"\n                    alt=\"img_2248\"\n                    src=\"http:\/\/www.karate-neuhofen.at\/wp-content\/gallery\/trainingslager-in-gnas-2013\/thumbs\/thumbs_img_2248.jpg\"\n                    width=\"100\"\n                    height=\"66\"\n                    style=\"max-width:100%;\"\n                \/>\n            <\/a>\n        <\/div>\n\t\t\t\t\t\t\t<\/div> \n\t\t\t\n        \n\t\t\t\t<div id=\"ngg-image-347\" class=\"ngg-gallery-thumbnail-box\" >\n\t\t\t\t        <div class=\"ngg-gallery-thumbnail\">\n            <a href=\"http:\/\/www.karate-neuhofen.at\/wp-content\/gallery\/trainingslager-in-gnas-2013\/img_2249.jpg\"\n               title=\"\"\n               data-src=\"http:\/\/www.karate-neuhofen.at\/wp-content\/gallery\/trainingslager-in-gnas-2013\/img_2249.jpg\"\n               data-thumbnail=\"http:\/\/www.karate-neuhofen.at\/wp-content\/gallery\/trainingslager-in-gnas-2013\/thumbs\/thumbs_img_2249.jpg\"\n               data-image-id=\"2937\"\n               data-title=\"img_2249\"\n               data-description=\"\"\n               data-image-slug=\"img_2249\"\n               class=\"shutterset_ff47fd508f60c5ff8630e9e3ad1de006\">\n                <img\n                    title=\"img_2249\"\n                    alt=\"img_2249\"\n                    src=\"http:\/\/www.karate-neuhofen.at\/wp-content\/gallery\/trainingslager-in-gnas-2013\/thumbs\/thumbs_img_2249.jpg\"\n                    width=\"100\"\n                    height=\"66\"\n                    style=\"max-width:100%;\"\n                \/>\n            <\/a>\n        <\/div>\n\t\t\t\t\t\t\t<\/div> \n\t\t\t\n        \n\t\t\t\t<div id=\"ngg-image-348\" class=\"ngg-gallery-thumbnail-box\" >\n\t\t\t\t        <div class=\"ngg-gallery-thumbnail\">\n            <a href=\"http:\/\/www.karate-neuhofen.at\/wp-content\/gallery\/trainingslager-in-gnas-2013\/img_2250.jpg\"\n               title=\"\"\n               data-src=\"http:\/\/www.karate-neuhofen.at\/wp-content\/gallery\/trainingslager-in-gnas-2013\/img_2250.jpg\"\n               data-thumbnail=\"http:\/\/www.karate-neuhofen.at\/wp-content\/gallery\/trainingslager-in-gnas-2013\/thumbs\/thumbs_img_2250.jpg\"\n               data-image-id=\"2938\"\n               data-title=\"img_2250\"\n               data-description=\"\"\n               data-image-slug=\"img_2250\"\n               class=\"shutterset_ff47fd508f60c5ff8630e9e3ad1de006\">\n                <img\n                    title=\"img_2250\"\n                    alt=\"img_2250\"\n                    src=\"http:\/\/www.karate-neuhofen.at\/wp-content\/gallery\/trainingslager-in-gnas-2013\/thumbs\/thumbs_img_2250.jpg\"\n                    width=\"100\"\n                    height=\"66\"\n                    style=\"max-width:100%;\"\n                \/>\n            <\/a>\n        <\/div>\n\t\t\t\t\t\t\t<\/div> \n\t\t\t\n        \n\t\t\t\t<div id=\"ngg-image-349\" class=\"ngg-gallery-thumbnail-box\" >\n\t\t\t\t        <div class=\"ngg-gallery-thumbnail\">\n            <a href=\"http:\/\/www.karate-neuhofen.at\/wp-content\/gallery\/trainingslager-in-gnas-2013\/img_2251.jpg\"\n               title=\"\"\n               data-src=\"http:\/\/www.karate-neuhofen.at\/wp-content\/gallery\/trainingslager-in-gnas-2013\/img_2251.jpg\"\n               data-thumbnail=\"http:\/\/www.karate-neuhofen.at\/wp-content\/gallery\/trainingslager-in-gnas-2013\/thumbs\/thumbs_img_2251.jpg\"\n               data-image-id=\"2939\"\n               data-title=\"img_2251\"\n               data-description=\"\"\n               data-image-slug=\"img_2251\"\n               class=\"shutterset_ff47fd508f60c5ff8630e9e3ad1de006\">\n                <img\n                    title=\"img_2251\"\n                    alt=\"img_2251\"\n                    src=\"http:\/\/www.karate-neuhofen.at\/wp-content\/gallery\/trainingslager-in-gnas-2013\/thumbs\/thumbs_img_2251.jpg\"\n                    width=\"100\"\n                    height=\"66\"\n                    style=\"max-width:100%;\"\n                \/>\n            <\/a>\n        <\/div>\n\t\t\t\t\t\t\t<\/div> \n\t\t\t\n        \n\t\t\t\t<div id=\"ngg-image-350\" class=\"ngg-gallery-thumbnail-box\" >\n\t\t\t\t        <div class=\"ngg-gallery-thumbnail\">\n            <a href=\"http:\/\/www.karate-neuhofen.at\/wp-content\/gallery\/trainingslager-in-gnas-2013\/img_2252.jpg\"\n               title=\"\"\n               data-src=\"http:\/\/www.karate-neuhofen.at\/wp-content\/gallery\/trainingslager-in-gnas-2013\/img_2252.jpg\"\n               data-thumbnail=\"http:\/\/www.karate-neuhofen.at\/wp-content\/gallery\/trainingslager-in-gnas-2013\/thumbs\/thumbs_img_2252.jpg\"\n               data-image-id=\"2940\"\n               data-title=\"img_2252\"\n               data-description=\"\"\n               data-image-slug=\"img_2252\"\n               class=\"shutterset_ff47fd508f60c5ff8630e9e3ad1de006\">\n                <img\n                    title=\"img_2252\"\n                    alt=\"img_2252\"\n                    src=\"http:\/\/www.karate-neuhofen.at\/wp-content\/gallery\/trainingslager-in-gnas-2013\/thumbs\/thumbs_img_2252.jpg\"\n                    width=\"100\"\n                    height=\"66\"\n                    style=\"max-width:100%;\"\n                \/>\n            <\/a>\n        <\/div>\n\t\t\t\t\t\t\t<\/div> \n\t\t\t\n        \n\t\t\t\t<div id=\"ngg-image-351\" class=\"ngg-gallery-thumbnail-box\" >\n\t\t\t\t        <div class=\"ngg-gallery-thumbnail\">\n            <a href=\"http:\/\/www.karate-neuhofen.at\/wp-content\/gallery\/trainingslager-in-gnas-2013\/img_2255.jpg\"\n               title=\"\"\n               data-src=\"http:\/\/www.karate-neuhofen.at\/wp-content\/gallery\/trainingslager-in-gnas-2013\/img_2255.jpg\"\n               data-thumbnail=\"http:\/\/www.karate-neuhofen.at\/wp-content\/gallery\/trainingslager-in-gnas-2013\/thumbs\/thumbs_img_2255.jpg\"\n               data-image-id=\"2941\"\n               data-title=\"img_2255\"\n               data-description=\"\"\n               data-image-slug=\"img_2255\"\n               class=\"shutterset_ff47fd508f60c5ff8630e9e3ad1de006\">\n                <img\n                    title=\"img_2255\"\n                    alt=\"img_2255\"\n                    src=\"http:\/\/www.karate-neuhofen.at\/wp-content\/gallery\/trainingslager-in-gnas-2013\/thumbs\/thumbs_img_2255.jpg\"\n                    width=\"50\"\n                    height=\"75\"\n                    style=\"max-width:100%;\"\n                \/>\n            <\/a>\n        <\/div>\n\t\t\t\t\t\t\t<\/div> \n\t\t\t\n        \n\t\t\t\t<div id=\"ngg-image-352\" class=\"ngg-gallery-thumbnail-box\" >\n\t\t\t\t        <div class=\"ngg-gallery-thumbnail\">\n            <a href=\"http:\/\/www.karate-neuhofen.at\/wp-content\/gallery\/trainingslager-in-gnas-2013\/img_2256.jpg\"\n               title=\"\"\n               data-src=\"http:\/\/www.karate-neuhofen.at\/wp-content\/gallery\/trainingslager-in-gnas-2013\/img_2256.jpg\"\n               data-thumbnail=\"http:\/\/www.karate-neuhofen.at\/wp-content\/gallery\/trainingslager-in-gnas-2013\/thumbs\/thumbs_img_2256.jpg\"\n               data-image-id=\"2942\"\n               data-title=\"img_2256\"\n               data-description=\"\"\n               data-image-slug=\"img_2256\"\n               class=\"shutterset_ff47fd508f60c5ff8630e9e3ad1de006\">\n                <img\n                    title=\"img_2256\"\n                    alt=\"img_2256\"\n                    src=\"http:\/\/www.karate-neuhofen.at\/wp-content\/gallery\/trainingslager-in-gnas-2013\/thumbs\/thumbs_img_2256.jpg\"\n                    width=\"50\"\n                    height=\"75\"\n                    style=\"max-width:100%;\"\n                \/>\n            <\/a>\n        <\/div>\n\t\t\t\t\t\t\t<\/div> \n\t\t\t\n        \n\t\t\t\t<div id=\"ngg-image-353\" class=\"ngg-gallery-thumbnail-box\" >\n\t\t\t\t        <div class=\"ngg-gallery-thumbnail\">\n            <a href=\"http:\/\/www.karate-neuhofen.at\/wp-content\/gallery\/trainingslager-in-gnas-2013\/img_2258.jpg\"\n               title=\"\"\n               data-src=\"http:\/\/www.karate-neuhofen.at\/wp-content\/gallery\/trainingslager-in-gnas-2013\/img_2258.jpg\"\n               data-thumbnail=\"http:\/\/www.karate-neuhofen.at\/wp-content\/gallery\/trainingslager-in-gnas-2013\/thumbs\/thumbs_img_2258.jpg\"\n               data-image-id=\"2943\"\n               data-title=\"img_2258\"\n               data-description=\"\"\n               data-image-slug=\"img_2258\"\n               class=\"shutterset_ff47fd508f60c5ff8630e9e3ad1de006\">\n                <img\n                    title=\"img_2258\"\n                    alt=\"img_2258\"\n                    src=\"http:\/\/www.karate-neuhofen.at\/wp-content\/gallery\/trainingslager-in-gnas-2013\/thumbs\/thumbs_img_2258.jpg\"\n                    width=\"100\"\n                    height=\"66\"\n                    style=\"max-width:100%;\"\n                \/>\n            <\/a>\n        <\/div>\n\t\t\t\t\t\t\t<\/div> \n\t\t\t\n        \n\t\t\t\t<div id=\"ngg-image-354\" class=\"ngg-gallery-thumbnail-box\" >\n\t\t\t\t        <div class=\"ngg-gallery-thumbnail\">\n            <a href=\"http:\/\/www.karate-neuhofen.at\/wp-content\/gallery\/trainingslager-in-gnas-2013\/img_2259.jpg\"\n               title=\"\"\n               data-src=\"http:\/\/www.karate-neuhofen.at\/wp-content\/gallery\/trainingslager-in-gnas-2013\/img_2259.jpg\"\n               data-thumbnail=\"http:\/\/www.karate-neuhofen.at\/wp-content\/gallery\/trainingslager-in-gnas-2013\/thumbs\/thumbs_img_2259.jpg\"\n               data-image-id=\"2944\"\n               data-title=\"img_2259\"\n               data-description=\"\"\n               data-image-slug=\"img_2259\"\n               class=\"shutterset_ff47fd508f60c5ff8630e9e3ad1de006\">\n                <img\n                    title=\"img_2259\"\n                    alt=\"img_2259\"\n                    src=\"http:\/\/www.karate-neuhofen.at\/wp-content\/gallery\/trainingslager-in-gnas-2013\/thumbs\/thumbs_img_2259.jpg\"\n                    width=\"50\"\n                    height=\"75\"\n                    style=\"max-width:100%;\"\n                \/>\n            <\/a>\n        <\/div>\n\t\t\t\t\t\t\t<\/div> \n\t\t\t\n        \n\t\t\t\t<div id=\"ngg-image-355\" class=\"ngg-gallery-thumbnail-box\" >\n\t\t\t\t        <div class=\"ngg-gallery-thumbnail\">\n            <a href=\"http:\/\/www.karate-neuhofen.at\/wp-content\/gallery\/trainingslager-in-gnas-2013\/img_2261.jpg\"\n               title=\"\"\n               data-src=\"http:\/\/www.karate-neuhofen.at\/wp-content\/gallery\/trainingslager-in-gnas-2013\/img_2261.jpg\"\n               data-thumbnail=\"http:\/\/www.karate-neuhofen.at\/wp-content\/gallery\/trainingslager-in-gnas-2013\/thumbs\/thumbs_img_2261.jpg\"\n               data-image-id=\"2945\"\n               data-title=\"img_2261\"\n               data-description=\"\"\n               data-image-slug=\"img_2261\"\n               class=\"shutterset_ff47fd508f60c5ff8630e9e3ad1de006\">\n                <img\n                    title=\"img_2261\"\n                    alt=\"img_2261\"\n                    src=\"http:\/\/www.karate-neuhofen.at\/wp-content\/gallery\/trainingslager-in-gnas-2013\/thumbs\/thumbs_img_2261.jpg\"\n                    width=\"100\"\n                    height=\"66\"\n                    style=\"max-width:100%;\"\n                \/>\n            <\/a>\n        <\/div>\n\t\t\t\t\t\t\t<\/div> \n\t\t\t\n        \n\t\t\t\t<div id=\"ngg-image-356\" class=\"ngg-gallery-thumbnail-box\" >\n\t\t\t\t        <div class=\"ngg-gallery-thumbnail\">\n            <a href=\"http:\/\/www.karate-neuhofen.at\/wp-content\/gallery\/trainingslager-in-gnas-2013\/img_2262.jpg\"\n               title=\"\"\n               data-src=\"http:\/\/www.karate-neuhofen.at\/wp-content\/gallery\/trainingslager-in-gnas-2013\/img_2262.jpg\"\n               data-thumbnail=\"http:\/\/www.karate-neuhofen.at\/wp-content\/gallery\/trainingslager-in-gnas-2013\/thumbs\/thumbs_img_2262.jpg\"\n               data-image-id=\"2946\"\n               data-title=\"img_2262\"\n               data-description=\"\"\n               data-image-slug=\"img_2262\"\n               class=\"shutterset_ff47fd508f60c5ff8630e9e3ad1de006\">\n                <img\n                    title=\"img_2262\"\n                    alt=\"img_2262\"\n                    src=\"http:\/\/www.karate-neuhofen.at\/wp-content\/gallery\/trainingslager-in-gnas-2013\/thumbs\/thumbs_img_2262.jpg\"\n                    width=\"50\"\n                    height=\"75\"\n                    style=\"max-width:100%;\"\n                \/>\n            <\/a>\n        <\/div>\n\t\t\t\t\t\t\t<\/div> \n\t\t\t\n        \n\t\t\t\t<div id=\"ngg-image-357\" class=\"ngg-gallery-thumbnail-box\" >\n\t\t\t\t        <div class=\"ngg-gallery-thumbnail\">\n            <a href=\"http:\/\/www.karate-neuhofen.at\/wp-content\/gallery\/trainingslager-in-gnas-2013\/img_2263.jpg\"\n               title=\"\"\n               data-src=\"http:\/\/www.karate-neuhofen.at\/wp-content\/gallery\/trainingslager-in-gnas-2013\/img_2263.jpg\"\n               data-thumbnail=\"http:\/\/www.karate-neuhofen.at\/wp-content\/gallery\/trainingslager-in-gnas-2013\/thumbs\/thumbs_img_2263.jpg\"\n               data-image-id=\"2947\"\n               data-title=\"img_2263\"\n               data-description=\"\"\n               data-image-slug=\"img_2263\"\n               class=\"shutterset_ff47fd508f60c5ff8630e9e3ad1de006\">\n                <img\n                    title=\"img_2263\"\n                    alt=\"img_2263\"\n                    src=\"http:\/\/www.karate-neuhofen.at\/wp-content\/gallery\/trainingslager-in-gnas-2013\/thumbs\/thumbs_img_2263.jpg\"\n                    width=\"100\"\n                    height=\"66\"\n                    style=\"max-width:100%;\"\n                \/>\n            <\/a>\n        <\/div>\n\t\t\t\t\t\t\t<\/div> \n\t\t\t\n        \n\t\t\t\t<div id=\"ngg-image-358\" class=\"ngg-gallery-thumbnail-box\" >\n\t\t\t\t        <div class=\"ngg-gallery-thumbnail\">\n            <a href=\"http:\/\/www.karate-neuhofen.at\/wp-content\/gallery\/trainingslager-in-gnas-2013\/img_2264.jpg\"\n               title=\"\"\n               data-src=\"http:\/\/www.karate-neuhofen.at\/wp-content\/gallery\/trainingslager-in-gnas-2013\/img_2264.jpg\"\n               data-thumbnail=\"http:\/\/www.karate-neuhofen.at\/wp-content\/gallery\/trainingslager-in-gnas-2013\/thumbs\/thumbs_img_2264.jpg\"\n               data-image-id=\"2948\"\n               data-title=\"img_2264\"\n               data-description=\"\"\n               data-image-slug=\"img_2264\"\n               class=\"shutterset_ff47fd508f60c5ff8630e9e3ad1de006\">\n                <img\n                    title=\"img_2264\"\n                    alt=\"img_2264\"\n                    src=\"http:\/\/www.karate-neuhofen.at\/wp-content\/gallery\/trainingslager-in-gnas-2013\/thumbs\/thumbs_img_2264.jpg\"\n                    width=\"100\"\n                    height=\"66\"\n                    style=\"max-width:100%;\"\n                \/>\n            <\/a>\n        <\/div>\n\t\t\t\t\t\t\t<\/div> \n\t\t\t\n        \n\t\t\t\t<div id=\"ngg-image-359\" class=\"ngg-gallery-thumbnail-box\" >\n\t\t\t\t        <div class=\"ngg-gallery-thumbnail\">\n            <a href=\"http:\/\/www.karate-neuhofen.at\/wp-content\/gallery\/trainingslager-in-gnas-2013\/img_2265.jpg\"\n               title=\"\"\n               data-src=\"http:\/\/www.karate-neuhofen.at\/wp-content\/gallery\/trainingslager-in-gnas-2013\/img_2265.jpg\"\n               data-thumbnail=\"http:\/\/www.karate-neuhofen.at\/wp-content\/gallery\/trainingslager-in-gnas-2013\/thumbs\/thumbs_img_2265.jpg\"\n               data-image-id=\"2949\"\n               data-title=\"img_2265\"\n               data-description=\"\"\n               data-image-slug=\"img_2265\"\n               class=\"shutterset_ff47fd508f60c5ff8630e9e3ad1de006\">\n                <img\n                    title=\"img_2265\"\n                    alt=\"img_2265\"\n                    src=\"http:\/\/www.karate-neuhofen.at\/wp-content\/gallery\/trainingslager-in-gnas-2013\/thumbs\/thumbs_img_2265.jpg\"\n                    width=\"50\"\n                    height=\"75\"\n                    style=\"max-width:100%;\"\n                \/>\n            <\/a>\n        <\/div>\n\t\t\t\t\t\t\t<\/div> \n\t\t\t\n        \n\t\t\t\t<div id=\"ngg-image-360\" class=\"ngg-gallery-thumbnail-box\" >\n\t\t\t\t        <div class=\"ngg-gallery-thumbnail\">\n            <a href=\"http:\/\/www.karate-neuhofen.at\/wp-content\/gallery\/trainingslager-in-gnas-2013\/img_2266.jpg\"\n               title=\"\"\n               data-src=\"http:\/\/www.karate-neuhofen.at\/wp-content\/gallery\/trainingslager-in-gnas-2013\/img_2266.jpg\"\n               data-thumbnail=\"http:\/\/www.karate-neuhofen.at\/wp-content\/gallery\/trainingslager-in-gnas-2013\/thumbs\/thumbs_img_2266.jpg\"\n               data-image-id=\"2950\"\n               data-title=\"img_2266\"\n               data-description=\"\"\n               data-image-slug=\"img_2266\"\n               class=\"shutterset_ff47fd508f60c5ff8630e9e3ad1de006\">\n                <img\n                    title=\"img_2266\"\n                    alt=\"img_2266\"\n                    src=\"http:\/\/www.karate-neuhofen.at\/wp-content\/gallery\/trainingslager-in-gnas-2013\/thumbs\/thumbs_img_2266.jpg\"\n                    width=\"50\"\n                    height=\"75\"\n                    style=\"max-width:100%;\"\n                \/>\n            <\/a>\n        <\/div>\n\t\t\t\t\t\t\t<\/div> \n\t\t\t\n        \n\t\t\t\t<div id=\"ngg-image-361\" class=\"ngg-gallery-thumbnail-box\" >\n\t\t\t\t        <div class=\"ngg-gallery-thumbnail\">\n            <a href=\"http:\/\/www.karate-neuhofen.at\/wp-content\/gallery\/trainingslager-in-gnas-2013\/img_2267.jpg\"\n               title=\"\"\n               data-src=\"http:\/\/www.karate-neuhofen.at\/wp-content\/gallery\/trainingslager-in-gnas-2013\/img_2267.jpg\"\n               data-thumbnail=\"http:\/\/www.karate-neuhofen.at\/wp-content\/gallery\/trainingslager-in-gnas-2013\/thumbs\/thumbs_img_2267.jpg\"\n               data-image-id=\"2951\"\n               data-title=\"img_2267\"\n               data-description=\"\"\n               data-image-slug=\"img_2267\"\n               class=\"shutterset_ff47fd508f60c5ff8630e9e3ad1de006\">\n                <img\n                    title=\"img_2267\"\n                    alt=\"img_2267\"\n                    src=\"http:\/\/www.karate-neuhofen.at\/wp-content\/gallery\/trainingslager-in-gnas-2013\/thumbs\/thumbs_img_2267.jpg\"\n                    width=\"100\"\n                    height=\"66\"\n                    style=\"max-width:100%;\"\n                \/>\n            <\/a>\n        <\/div>\n\t\t\t\t\t\t\t<\/div> \n\t\t\t\n        \n\t\t\t\t<div id=\"ngg-image-362\" class=\"ngg-gallery-thumbnail-box\" >\n\t\t\t\t        <div class=\"ngg-gallery-thumbnail\">\n            <a href=\"http:\/\/www.karate-neuhofen.at\/wp-content\/gallery\/trainingslager-in-gnas-2013\/img_2268.jpg\"\n               title=\"\"\n               data-src=\"http:\/\/www.karate-neuhofen.at\/wp-content\/gallery\/trainingslager-in-gnas-2013\/img_2268.jpg\"\n               data-thumbnail=\"http:\/\/www.karate-neuhofen.at\/wp-content\/gallery\/trainingslager-in-gnas-2013\/thumbs\/thumbs_img_2268.jpg\"\n               data-image-id=\"2952\"\n               data-title=\"img_2268\"\n               data-description=\"\"\n               data-image-slug=\"img_2268\"\n               class=\"shutterset_ff47fd508f60c5ff8630e9e3ad1de006\">\n                <img\n                    title=\"img_2268\"\n                    alt=\"img_2268\"\n                    src=\"http:\/\/www.karate-neuhofen.at\/wp-content\/gallery\/trainingslager-in-gnas-2013\/thumbs\/thumbs_img_2268.jpg\"\n                    width=\"100\"\n                    height=\"66\"\n                    style=\"max-width:100%;\"\n                \/>\n            <\/a>\n        <\/div>\n\t\t\t\t\t\t\t<\/div> \n\t\t\t\n        \n\t\t\t\t<div id=\"ngg-image-363\" class=\"ngg-gallery-thumbnail-box\" >\n\t\t\t\t        <div class=\"ngg-gallery-thumbnail\">\n            <a href=\"http:\/\/www.karate-neuhofen.at\/wp-content\/gallery\/trainingslager-in-gnas-2013\/img_2270.jpg\"\n               title=\"\"\n               data-src=\"http:\/\/www.karate-neuhofen.at\/wp-content\/gallery\/trainingslager-in-gnas-2013\/img_2270.jpg\"\n               data-thumbnail=\"http:\/\/www.karate-neuhofen.at\/wp-content\/gallery\/trainingslager-in-gnas-2013\/thumbs\/thumbs_img_2270.jpg\"\n               data-image-id=\"2953\"\n               data-title=\"img_2270\"\n               data-description=\"\"\n               data-image-slug=\"img_2270\"\n               class=\"shutterset_ff47fd508f60c5ff8630e9e3ad1de006\">\n                <img\n                    title=\"img_2270\"\n                    alt=\"img_2270\"\n                    src=\"http:\/\/www.karate-neuhofen.at\/wp-content\/gallery\/trainingslager-in-gnas-2013\/thumbs\/thumbs_img_2270.jpg\"\n                    width=\"100\"\n                    height=\"66\"\n                    style=\"max-width:100%;\"\n                \/>\n            <\/a>\n        <\/div>\n\t\t\t\t\t\t\t<\/div> \n\t\t\t\n        \n\t\t\t\t<div id=\"ngg-image-364\" class=\"ngg-gallery-thumbnail-box\" >\n\t\t\t\t        <div class=\"ngg-gallery-thumbnail\">\n            <a href=\"http:\/\/www.karate-neuhofen.at\/wp-content\/gallery\/trainingslager-in-gnas-2013\/img_2272.jpg\"\n               title=\"\"\n               data-src=\"http:\/\/www.karate-neuhofen.at\/wp-content\/gallery\/trainingslager-in-gnas-2013\/img_2272.jpg\"\n               data-thumbnail=\"http:\/\/www.karate-neuhofen.at\/wp-content\/gallery\/trainingslager-in-gnas-2013\/thumbs\/thumbs_img_2272.jpg\"\n               data-image-id=\"2954\"\n               data-title=\"img_2272\"\n               data-description=\"\"\n               data-image-slug=\"img_2272\"\n               class=\"shutterset_ff47fd508f60c5ff8630e9e3ad1de006\">\n                <img\n                    title=\"img_2272\"\n                    alt=\"img_2272\"\n                    src=\"http:\/\/www.karate-neuhofen.at\/wp-content\/gallery\/trainingslager-in-gnas-2013\/thumbs\/thumbs_img_2272.jpg\"\n                    width=\"100\"\n                    height=\"66\"\n                    style=\"max-width:100%;\"\n                \/>\n            <\/a>\n        <\/div>\n\t\t\t\t\t\t\t<\/div> \n\t\t\t\n        \n\t\t\t\t<div id=\"ngg-image-365\" class=\"ngg-gallery-thumbnail-box\" >\n\t\t\t\t        <div class=\"ngg-gallery-thumbnail\">\n            <a href=\"http:\/\/www.karate-neuhofen.at\/wp-content\/gallery\/trainingslager-in-gnas-2013\/img_2273.jpg\"\n               title=\"\"\n               data-src=\"http:\/\/www.karate-neuhofen.at\/wp-content\/gallery\/trainingslager-in-gnas-2013\/img_2273.jpg\"\n               data-thumbnail=\"http:\/\/www.karate-neuhofen.at\/wp-content\/gallery\/trainingslager-in-gnas-2013\/thumbs\/thumbs_img_2273.jpg\"\n               data-image-id=\"2955\"\n               data-title=\"img_2273\"\n               data-description=\"\"\n               data-image-slug=\"img_2273\"\n               class=\"shutterset_ff47fd508f60c5ff8630e9e3ad1de006\">\n                <img\n                    title=\"img_2273\"\n                    alt=\"img_2273\"\n                    src=\"http:\/\/www.karate-neuhofen.at\/wp-content\/gallery\/trainingslager-in-gnas-2013\/thumbs\/thumbs_img_2273.jpg\"\n                    width=\"100\"\n                    height=\"66\"\n                    style=\"max-width:100%;\"\n                \/>\n            <\/a>\n        <\/div>\n\t\t\t\t\t\t\t<\/div> \n\t\t\t\n        \n\t\t\t\t<div id=\"ngg-image-366\" class=\"ngg-gallery-thumbnail-box\" >\n\t\t\t\t        <div class=\"ngg-gallery-thumbnail\">\n            <a href=\"http:\/\/www.karate-neuhofen.at\/wp-content\/gallery\/trainingslager-in-gnas-2013\/img_2274.jpg\"\n               title=\"\"\n               data-src=\"http:\/\/www.karate-neuhofen.at\/wp-content\/gallery\/trainingslager-in-gnas-2013\/img_2274.jpg\"\n               data-thumbnail=\"http:\/\/www.karate-neuhofen.at\/wp-content\/gallery\/trainingslager-in-gnas-2013\/thumbs\/thumbs_img_2274.jpg\"\n               data-image-id=\"2956\"\n               data-title=\"img_2274\"\n               data-description=\"\"\n               data-image-slug=\"img_2274\"\n               class=\"shutterset_ff47fd508f60c5ff8630e9e3ad1de006\">\n                <img\n                    title=\"img_2274\"\n                    alt=\"img_2274\"\n                    src=\"http:\/\/www.karate-neuhofen.at\/wp-content\/gallery\/trainingslager-in-gnas-2013\/thumbs\/thumbs_img_2274.jpg\"\n                    width=\"50\"\n                    height=\"75\"\n                    style=\"max-width:100%;\"\n                \/>\n            <\/a>\n        <\/div>\n\t\t\t\t\t\t\t<\/div> \n\t\t\t\n        \n\t\t\t\t<div id=\"ngg-image-367\" class=\"ngg-gallery-thumbnail-box\" >\n\t\t\t\t        <div class=\"ngg-gallery-thumbnail\">\n            <a href=\"http:\/\/www.karate-neuhofen.at\/wp-content\/gallery\/trainingslager-in-gnas-2013\/img_2275.jpg\"\n               title=\"\"\n               data-src=\"http:\/\/www.karate-neuhofen.at\/wp-content\/gallery\/trainingslager-in-gnas-2013\/img_2275.jpg\"\n               data-thumbnail=\"http:\/\/www.karate-neuhofen.at\/wp-content\/gallery\/trainingslager-in-gnas-2013\/thumbs\/thumbs_img_2275.jpg\"\n               data-image-id=\"2957\"\n               data-title=\"img_2275\"\n               data-description=\"\"\n               data-image-slug=\"img_2275\"\n               class=\"shutterset_ff47fd508f60c5ff8630e9e3ad1de006\">\n                <img\n                    title=\"img_2275\"\n                    alt=\"img_2275\"\n                    src=\"http:\/\/www.karate-neuhofen.at\/wp-content\/gallery\/trainingslager-in-gnas-2013\/thumbs\/thumbs_img_2275.jpg\"\n                    width=\"50\"\n                    height=\"75\"\n                    style=\"max-width:100%;\"\n                \/>\n            <\/a>\n        <\/div>\n\t\t\t\t\t\t\t<\/div> \n\t\t\t\n        \n\t\t\t\t<div id=\"ngg-image-368\" class=\"ngg-gallery-thumbnail-box\" >\n\t\t\t\t        <div class=\"ngg-gallery-thumbnail\">\n            <a href=\"http:\/\/www.karate-neuhofen.at\/wp-content\/gallery\/trainingslager-in-gnas-2013\/img_2277.jpg\"\n               title=\"\"\n               data-src=\"http:\/\/www.karate-neuhofen.at\/wp-content\/gallery\/trainingslager-in-gnas-2013\/img_2277.jpg\"\n               data-thumbnail=\"http:\/\/www.karate-neuhofen.at\/wp-content\/gallery\/trainingslager-in-gnas-2013\/thumbs\/thumbs_img_2277.jpg\"\n               data-image-id=\"2958\"\n               data-title=\"img_2277\"\n               data-description=\"\"\n               data-image-slug=\"img_2277\"\n               class=\"shutterset_ff47fd508f60c5ff8630e9e3ad1de006\">\n                <img\n                    title=\"img_2277\"\n                    alt=\"img_2277\"\n                    src=\"http:\/\/www.karate-neuhofen.at\/wp-content\/gallery\/trainingslager-in-gnas-2013\/thumbs\/thumbs_img_2277.jpg\"\n                    width=\"100\"\n                    height=\"66\"\n                    style=\"max-width:100%;\"\n                \/>\n            <\/a>\n        <\/div>\n\t\t\t\t\t\t\t<\/div> \n\t\t\t\n        \n\t\t\t\t<div id=\"ngg-image-369\" class=\"ngg-gallery-thumbnail-box\" >\n\t\t\t\t        <div class=\"ngg-gallery-thumbnail\">\n            <a href=\"http:\/\/www.karate-neuhofen.at\/wp-content\/gallery\/trainingslager-in-gnas-2013\/img_2278.jpg\"\n               title=\"\"\n               data-src=\"http:\/\/www.karate-neuhofen.at\/wp-content\/gallery\/trainingslager-in-gnas-2013\/img_2278.jpg\"\n               data-thumbnail=\"http:\/\/www.karate-neuhofen.at\/wp-content\/gallery\/trainingslager-in-gnas-2013\/thumbs\/thumbs_img_2278.jpg\"\n               data-image-id=\"2959\"\n               data-title=\"img_2278\"\n               data-description=\"\"\n               data-image-slug=\"img_2278\"\n               class=\"shutterset_ff47fd508f60c5ff8630e9e3ad1de006\">\n                <img\n                    title=\"img_2278\"\n                    alt=\"img_2278\"\n                    src=\"http:\/\/www.karate-neuhofen.at\/wp-content\/gallery\/trainingslager-in-gnas-2013\/thumbs\/thumbs_img_2278.jpg\"\n                    width=\"100\"\n                    height=\"66\"\n                    style=\"max-width:100%;\"\n                \/>\n            <\/a>\n        <\/div>\n\t\t\t\t\t\t\t<\/div> \n\t\t\t\n        \n\t\t\t\t<div id=\"ngg-image-370\" class=\"ngg-gallery-thumbnail-box\" >\n\t\t\t\t        <div class=\"ngg-gallery-thumbnail\">\n            <a href=\"http:\/\/www.karate-neuhofen.at\/wp-content\/gallery\/trainingslager-in-gnas-2013\/img_2279.jpg\"\n               title=\"\"\n               data-src=\"http:\/\/www.karate-neuhofen.at\/wp-content\/gallery\/trainingslager-in-gnas-2013\/img_2279.jpg\"\n               data-thumbnail=\"http:\/\/www.karate-neuhofen.at\/wp-content\/gallery\/trainingslager-in-gnas-2013\/thumbs\/thumbs_img_2279.jpg\"\n               data-image-id=\"2960\"\n               data-title=\"img_2279\"\n               data-description=\"\"\n               data-image-slug=\"img_2279\"\n               class=\"shutterset_ff47fd508f60c5ff8630e9e3ad1de006\">\n                <img\n                    title=\"img_2279\"\n                    alt=\"img_2279\"\n                    src=\"http:\/\/www.karate-neuhofen.at\/wp-content\/gallery\/trainingslager-in-gnas-2013\/thumbs\/thumbs_img_2279.jpg\"\n                    width=\"100\"\n                    height=\"66\"\n                    style=\"max-width:100%;\"\n                \/>\n            <\/a>\n        <\/div>\n\t\t\t\t\t\t\t<\/div> \n\t\t\t\n        \n\t\t\t\t<div id=\"ngg-image-371\" class=\"ngg-gallery-thumbnail-box\" >\n\t\t\t\t        <div class=\"ngg-gallery-thumbnail\">\n            <a href=\"http:\/\/www.karate-neuhofen.at\/wp-content\/gallery\/trainingslager-in-gnas-2013\/img_2286.jpg\"\n               title=\"\"\n               data-src=\"http:\/\/www.karate-neuhofen.at\/wp-content\/gallery\/trainingslager-in-gnas-2013\/img_2286.jpg\"\n               data-thumbnail=\"http:\/\/www.karate-neuhofen.at\/wp-content\/gallery\/trainingslager-in-gnas-2013\/thumbs\/thumbs_img_2286.jpg\"\n               data-image-id=\"2961\"\n               data-title=\"img_2286\"\n               data-description=\"\"\n               data-image-slug=\"img_2286\"\n               class=\"shutterset_ff47fd508f60c5ff8630e9e3ad1de006\">\n                <img\n                    title=\"img_2286\"\n                    alt=\"img_2286\"\n                    src=\"http:\/\/www.karate-neuhofen.at\/wp-content\/gallery\/trainingslager-in-gnas-2013\/thumbs\/thumbs_img_2286.jpg\"\n                    width=\"100\"\n                    height=\"66\"\n                    style=\"max-width:100%;\"\n                \/>\n            <\/a>\n        <\/div>\n\t\t\t\t\t\t\t<\/div> \n\t\t\t\n        \n\t\t\t\t<div id=\"ngg-image-372\" class=\"ngg-gallery-thumbnail-box\" >\n\t\t\t\t        <div class=\"ngg-gallery-thumbnail\">\n            <a href=\"http:\/\/www.karate-neuhofen.at\/wp-content\/gallery\/trainingslager-in-gnas-2013\/img_2287.jpg\"\n               title=\"\"\n               data-src=\"http:\/\/www.karate-neuhofen.at\/wp-content\/gallery\/trainingslager-in-gnas-2013\/img_2287.jpg\"\n               data-thumbnail=\"http:\/\/www.karate-neuhofen.at\/wp-content\/gallery\/trainingslager-in-gnas-2013\/thumbs\/thumbs_img_2287.jpg\"\n               data-image-id=\"2962\"\n               data-title=\"img_2287\"\n               data-description=\"\"\n               data-image-slug=\"img_2287\"\n               class=\"shutterset_ff47fd508f60c5ff8630e9e3ad1de006\">\n                <img\n                    title=\"img_2287\"\n                    alt=\"img_2287\"\n                    src=\"http:\/\/www.karate-neuhofen.at\/wp-content\/gallery\/trainingslager-in-gnas-2013\/thumbs\/thumbs_img_2287.jpg\"\n                    width=\"100\"\n                    height=\"66\"\n                    style=\"max-width:100%;\"\n                \/>\n            <\/a>\n        <\/div>\n\t\t\t\t\t\t\t<\/div> \n\t\t\t\n        \n\t\t\t\t<div id=\"ngg-image-373\" class=\"ngg-gallery-thumbnail-box\" >\n\t\t\t\t        <div class=\"ngg-gallery-thumbnail\">\n            <a href=\"http:\/\/www.karate-neuhofen.at\/wp-content\/gallery\/trainingslager-in-gnas-2013\/img_2288.jpg\"\n               title=\"\"\n               data-src=\"http:\/\/www.karate-neuhofen.at\/wp-content\/gallery\/trainingslager-in-gnas-2013\/img_2288.jpg\"\n               data-thumbnail=\"http:\/\/www.karate-neuhofen.at\/wp-content\/gallery\/trainingslager-in-gnas-2013\/thumbs\/thumbs_img_2288.jpg\"\n               data-image-id=\"2963\"\n               data-title=\"img_2288\"\n               data-description=\"\"\n               data-image-slug=\"img_2288\"\n               class=\"shutterset_ff47fd508f60c5ff8630e9e3ad1de006\">\n                <img\n                    title=\"img_2288\"\n                    alt=\"img_2288\"\n                    src=\"http:\/\/www.karate-neuhofen.at\/wp-content\/gallery\/trainingslager-in-gnas-2013\/thumbs\/thumbs_img_2288.jpg\"\n                    width=\"100\"\n                    height=\"66\"\n                    style=\"max-width:100%;\"\n                \/>\n            <\/a>\n        <\/div>\n\t\t\t\t\t\t\t<\/div> \n\t\t\t\n        \n\t\t\t\t<div id=\"ngg-image-374\" class=\"ngg-gallery-thumbnail-box\" >\n\t\t\t\t        <div class=\"ngg-gallery-thumbnail\">\n            <a href=\"http:\/\/www.karate-neuhofen.at\/wp-content\/gallery\/trainingslager-in-gnas-2013\/img_2289.jpg\"\n               title=\"\"\n               data-src=\"http:\/\/www.karate-neuhofen.at\/wp-content\/gallery\/trainingslager-in-gnas-2013\/img_2289.jpg\"\n               data-thumbnail=\"http:\/\/www.karate-neuhofen.at\/wp-content\/gallery\/trainingslager-in-gnas-2013\/thumbs\/thumbs_img_2289.jpg\"\n               data-image-id=\"2964\"\n               data-title=\"img_2289\"\n               data-description=\"\"\n               data-image-slug=\"img_2289\"\n               class=\"shutterset_ff47fd508f60c5ff8630e9e3ad1de006\">\n                <img\n                    title=\"img_2289\"\n                    alt=\"img_2289\"\n                    src=\"http:\/\/www.karate-neuhofen.at\/wp-content\/gallery\/trainingslager-in-gnas-2013\/thumbs\/thumbs_img_2289.jpg\"\n                    width=\"100\"\n                    height=\"66\"\n                    style=\"max-width:100%;\"\n                \/>\n            <\/a>\n        <\/div>\n\t\t\t\t\t\t\t<\/div> \n\t\t\t\n        \n\t\t\t\t<div id=\"ngg-image-375\" class=\"ngg-gallery-thumbnail-box\" >\n\t\t\t\t        <div class=\"ngg-gallery-thumbnail\">\n            <a href=\"http:\/\/www.karate-neuhofen.at\/wp-content\/gallery\/trainingslager-in-gnas-2013\/img_2290.jpg\"\n               title=\"\"\n               data-src=\"http:\/\/www.karate-neuhofen.at\/wp-content\/gallery\/trainingslager-in-gnas-2013\/img_2290.jpg\"\n               data-thumbnail=\"http:\/\/www.karate-neuhofen.at\/wp-content\/gallery\/trainingslager-in-gnas-2013\/thumbs\/thumbs_img_2290.jpg\"\n               data-image-id=\"2965\"\n               data-title=\"img_2290\"\n               data-description=\"\"\n               data-image-slug=\"img_2290\"\n               class=\"shutterset_ff47fd508f60c5ff8630e9e3ad1de006\">\n                <img\n                    title=\"img_2290\"\n                    alt=\"img_2290\"\n                    src=\"http:\/\/www.karate-neuhofen.at\/wp-content\/gallery\/trainingslager-in-gnas-2013\/thumbs\/thumbs_img_2290.jpg\"\n                    width=\"100\"\n                    height=\"66\"\n                    style=\"max-width:100%;\"\n                \/>\n            <\/a>\n        <\/div>\n\t\t\t\t\t\t\t<\/div> \n\t\t\t\n        \n\t\t\t\t<div id=\"ngg-image-376\" class=\"ngg-gallery-thumbnail-box\" >\n\t\t\t\t        <div class=\"ngg-gallery-thumbnail\">\n            <a href=\"http:\/\/www.karate-neuhofen.at\/wp-content\/gallery\/trainingslager-in-gnas-2013\/img_2291.jpg\"\n               title=\"\"\n               data-src=\"http:\/\/www.karate-neuhofen.at\/wp-content\/gallery\/trainingslager-in-gnas-2013\/img_2291.jpg\"\n               data-thumbnail=\"http:\/\/www.karate-neuhofen.at\/wp-content\/gallery\/trainingslager-in-gnas-2013\/thumbs\/thumbs_img_2291.jpg\"\n               data-image-id=\"2966\"\n               data-title=\"img_2291\"\n               data-description=\"\"\n               data-image-slug=\"img_2291\"\n               class=\"shutterset_ff47fd508f60c5ff8630e9e3ad1de006\">\n                <img\n                    title=\"img_2291\"\n                    alt=\"img_2291\"\n                    src=\"http:\/\/www.karate-neuhofen.at\/wp-content\/gallery\/trainingslager-in-gnas-2013\/thumbs\/thumbs_img_2291.jpg\"\n                    width=\"100\"\n                    height=\"66\"\n                    style=\"max-width:100%;\"\n                \/>\n            <\/a>\n        <\/div>\n\t\t\t\t\t\t\t<\/div> \n\t\t\t\n        \n\t\t\t\t<div id=\"ngg-image-377\" class=\"ngg-gallery-thumbnail-box\" >\n\t\t\t\t        <div class=\"ngg-gallery-thumbnail\">\n            <a href=\"http:\/\/www.karate-neuhofen.at\/wp-content\/gallery\/trainingslager-in-gnas-2013\/img_2292.jpg\"\n               title=\"\"\n               data-src=\"http:\/\/www.karate-neuhofen.at\/wp-content\/gallery\/trainingslager-in-gnas-2013\/img_2292.jpg\"\n               data-thumbnail=\"http:\/\/www.karate-neuhofen.at\/wp-content\/gallery\/trainingslager-in-gnas-2013\/thumbs\/thumbs_img_2292.jpg\"\n               data-image-id=\"2967\"\n               data-title=\"img_2292\"\n               data-description=\"\"\n               data-image-slug=\"img_2292\"\n               class=\"shutterset_ff47fd508f60c5ff8630e9e3ad1de006\">\n                <img\n                    title=\"img_2292\"\n                    alt=\"img_2292\"\n                    src=\"http:\/\/www.karate-neuhofen.at\/wp-content\/gallery\/trainingslager-in-gnas-2013\/thumbs\/thumbs_img_2292.jpg\"\n                    width=\"100\"\n                    height=\"66\"\n                    style=\"max-width:100%;\"\n                \/>\n            <\/a>\n        <\/div>\n\t\t\t\t\t\t\t<\/div> \n\t\t\t\n        \n\t\t\t\t<div id=\"ngg-image-378\" class=\"ngg-gallery-thumbnail-box\" >\n\t\t\t\t        <div class=\"ngg-gallery-thumbnail\">\n            <a href=\"http:\/\/www.karate-neuhofen.at\/wp-content\/gallery\/trainingslager-in-gnas-2013\/img_2293.jpg\"\n               title=\"\"\n               data-src=\"http:\/\/www.karate-neuhofen.at\/wp-content\/gallery\/trainingslager-in-gnas-2013\/img_2293.jpg\"\n               data-thumbnail=\"http:\/\/www.karate-neuhofen.at\/wp-content\/gallery\/trainingslager-in-gnas-2013\/thumbs\/thumbs_img_2293.jpg\"\n               data-image-id=\"2968\"\n               data-title=\"img_2293\"\n               data-description=\"\"\n               data-image-slug=\"img_2293\"\n               class=\"shutterset_ff47fd508f60c5ff8630e9e3ad1de006\">\n                <img\n                    title=\"img_2293\"\n                    alt=\"img_2293\"\n                    src=\"http:\/\/www.karate-neuhofen.at\/wp-content\/gallery\/trainingslager-in-gnas-2013\/thumbs\/thumbs_img_2293.jpg\"\n                    width=\"100\"\n                    height=\"66\"\n                    style=\"max-width:100%;\"\n                \/>\n            <\/a>\n        <\/div>\n\t\t\t\t\t\t\t<\/div> \n\t\t\t\n        \n\t\t\t\t<div id=\"ngg-image-379\" class=\"ngg-gallery-thumbnail-box\" >\n\t\t\t\t        <div class=\"ngg-gallery-thumbnail\">\n            <a href=\"http:\/\/www.karate-neuhofen.at\/wp-content\/gallery\/trainingslager-in-gnas-2013\/img_2295.jpg\"\n               title=\"\"\n               data-src=\"http:\/\/www.karate-neuhofen.at\/wp-content\/gallery\/trainingslager-in-gnas-2013\/img_2295.jpg\"\n               data-thumbnail=\"http:\/\/www.karate-neuhofen.at\/wp-content\/gallery\/trainingslager-in-gnas-2013\/thumbs\/thumbs_img_2295.jpg\"\n               data-image-id=\"2969\"\n               data-title=\"img_2295\"\n               data-description=\"\"\n               data-image-slug=\"img_2295\"\n               class=\"shutterset_ff47fd508f60c5ff8630e9e3ad1de006\">\n                <img\n                    title=\"img_2295\"\n                    alt=\"img_2295\"\n                    src=\"http:\/\/www.karate-neuhofen.at\/wp-content\/gallery\/trainingslager-in-gnas-2013\/thumbs\/thumbs_img_2295.jpg\"\n                    width=\"100\"\n                    height=\"66\"\n                    style=\"max-width:100%;\"\n                \/>\n            <\/a>\n        <\/div>\n\t\t\t\t\t\t\t<\/div> \n\t\t\t\n        \n\t\t\n\t\t<div class=\"ngg-clear\"><\/div>\n\t<\/div>\n","protected":false},"excerpt":{"rendered":"<p>Genossen haben wir, trotz nicht so tollem Wetter, das JUFA Gnas, weil es einerseits auch Indoor gen\u00fcgend M\u00f6glichkeiten gibt, um sich die Zeit zu vertrieben, und andererseits weil wir dort sehr gut verk\u00f6stigt worden sind. Auch die Zimmer sind sehr angenehm und das Personal war immer sehr freundlich und bem\u00fcht. Nat\u00fcrlich wurde viel trainiert und [&hellip;]<\/p>\n","protected":false},"author":3,"featured_media":2502,"comment_status":"closed","ping_status":"closed","sticky":false,"template":"","format":"standard","meta":{"ngg_post_thumbnail":0},"categories":[14],"tags":[29],"_links":{"self":[{"href":"http:\/\/www.karate-neuhofen.at\/index.php?rest_route=\/wp\/v2\/posts\/1542"}],"collection":[{"href":"http:\/\/www.karate-neuhofen.at\/index.php?rest_route=\/wp\/v2\/posts"}],"about":[{"href":"http:\/\/www.karate-neuhofen.at\/index.php?rest_route=\/wp\/v2\/types\/post"}],"author":[{"embeddable":true,"href":"http:\/\/www.karate-neuhofen.at\/index.php?rest_route=\/wp\/v2\/users\/3"}],"replies":[{"embeddable":true,"href":"http:\/\/www.karate-neuhofen.at\/index.php?rest_route=%2Fwp%2Fv2%2Fcomments&post=1542"}],"version-history":[{"count":4,"href":"http:\/\/www.karate-neuhofen.at\/index.php?rest_route=\/wp\/v2\/posts\/1542\/revisions"}],"predecessor-version":[{"id":2501,"href":"http:\/\/www.karate-neuhofen.at\/index.php?rest_route=\/wp\/v2\/posts\/1542\/revisions\/2501"}],"wp:featuredmedia":[{"embeddable":true,"href":"http:\/\/www.karate-neuhofen.at\/index.php?rest_route=\/wp\/v2\/media\/2502"}],"wp:attachment":[{"href":"http:\/\/www.karate-neuhofen.at\/index.php?rest_route=%2Fwp%2Fv2%2Fmedia&parent=1542"}],"wp:term":[{"taxonomy":"category","embeddable":true,"href":"http:\/\/www.karate-neuhofen.at\/index.php?rest_route=%2Fwp%2Fv2%2Fcategories&post=1542"},{"taxonomy":"post_tag","embeddable":true,"href":"http:\/\/www.karate-neuhofen.at\/index.php?rest_route=%2Fwp%2Fv2%2Ftags&post=1542"}],"curies":[{"name":"wp","href":"https:\/\/api.w.org\/{rel}","templated":true}]}}