{"id":1574,"date":"2013-06-26T00:00:56","date_gmt":"2013-06-25T23:00:56","guid":{"rendered":"http:\/\/www.karate-neuhofen.at\/?p=1574"},"modified":"2014-12-08T21:50:47","modified_gmt":"2014-12-08T20:50:47","slug":"weise-fahne-uber-neuhofen","status":"publish","type":"post","link":"http:\/\/www.karate-neuhofen.at\/?p=1574","title":{"rendered":"Kyu Pr\u00fcfungen Sommer 2013"},"content":{"rendered":"<p>Wei\u00dfe Fahne \u00fcber Neuhofen!<\/p>\n<p>Am Mittwoch, den 26.6. war es wieder soweit. Ca. 80 Karatekas fieberten auf ihre n\u00e4chste Kyu-Pr\u00fcfung hin. Obwohl die Pr\u00fcfung in Unterstufe und Oberstufe geteilt wurde, war es im Dojo Neuhofen inklusive den gespannten Zuschauern ziemlich voll. Trotz angenehmer Temperaturen in der Halle floss der Schwei\u00df in Str\u00f6men, da Pr\u00fcfer Sensei Hubert Havlik, 6. Dan ungewohnte Abfolgen von Grundschultechniken verlangte. Auf das Pr\u00fcfungsprogramm wurde jeder durch unsere Senseis Christian, Ursula und Dietmar gut vorbereitet. So kam es anders und man sp\u00fcrte, dass die Nerven etwas blank lagen. Doch dies war unbegr\u00fcndet, alle waren hochmotiviert und schlugen sich mit Bravour! Am Ende kam sogar gro\u00dfes Lob von Sensei Hubert f\u00fcr die ausgezeichneten Leistungen, die vor allem unseren Sensei Christian besonders freuten. Dank der immer guten Vorbereitung wurden alle mit dem Erfolg belohnt, die G\u00fcrtelpr\u00fcfung bestanden zu haben (einige mit ausgezeichnetem Erfolg ). Im Anschluss an die Pr\u00fcfung wurde im Caf\u00e9 Insass noch ausgiebig bis in die fr\u00fchen Morgenstunden gefeiert. Herzliche Gratulation!!!!<\/p>\n<p>Jahr!<\/p><!-- index.php -->\n<div\n\tclass=\"ngg-galleryoverview ngg-ajax-pagination-none\"\n\tid=\"ngg-gallery-18c2b95c41d3c65b6a47aa90ad0ae654-1\">\n\n    \t<div class=\"slideshowlink\">\n        <a href='http:\/\/www.karate-neuhofen.at\/index.php\/nggallery\/slideshow?p=1574'>[Zeige eine Slideshow]<\/a>\n\t\t\n\t<\/div>\n\t\t\t<!-- Thumbnails -->\n\t\t\t\t<div id=\"ngg-image-0\" class=\"ngg-gallery-thumbnail-box\" >\n\t\t\t\t        <div class=\"ngg-gallery-thumbnail\">\n            <a href=\"http:\/\/www.karate-neuhofen.at\/wp-content\/gallery\/kyu-prufungen-sommer-2013\/pruefjuni2013-020.jpg\"\n               title=\"\"\n               data-src=\"http:\/\/www.karate-neuhofen.at\/wp-content\/gallery\/kyu-prufungen-sommer-2013\/pruefjuni2013-020.jpg\"\n               data-thumbnail=\"http:\/\/www.karate-neuhofen.at\/wp-content\/gallery\/kyu-prufungen-sommer-2013\/thumbs\/thumbs_pruefjuni2013-020.jpg\"\n               data-image-id=\"3147\"\n               data-title=\"pruefjuni2013-020\"\n               data-description=\"\"\n               data-image-slug=\"pruefjuni2013-020\"\n               class=\"shutterset_18c2b95c41d3c65b6a47aa90ad0ae654\">\n                <img\n                    title=\"pruefjuni2013-020\"\n                    alt=\"pruefjuni2013-020\"\n                    src=\"http:\/\/www.karate-neuhofen.at\/wp-content\/gallery\/kyu-prufungen-sommer-2013\/thumbs\/thumbs_pruefjuni2013-020.jpg\"\n                    width=\"100\"\n                    height=\"66\"\n                    style=\"max-width:100%;\"\n                \/>\n            <\/a>\n        <\/div>\n\t\t\t\t\t\t\t<\/div> \n\t\t\t\n        \n\t\t\t\t<div id=\"ngg-image-1\" class=\"ngg-gallery-thumbnail-box\" >\n\t\t\t\t        <div class=\"ngg-gallery-thumbnail\">\n            <a href=\"http:\/\/www.karate-neuhofen.at\/wp-content\/gallery\/kyu-prufungen-sommer-2013\/pruefjuni2013-021.jpg\"\n               title=\"\"\n               data-src=\"http:\/\/www.karate-neuhofen.at\/wp-content\/gallery\/kyu-prufungen-sommer-2013\/pruefjuni2013-021.jpg\"\n               data-thumbnail=\"http:\/\/www.karate-neuhofen.at\/wp-content\/gallery\/kyu-prufungen-sommer-2013\/thumbs\/thumbs_pruefjuni2013-021.jpg\"\n               data-image-id=\"3148\"\n               data-title=\"pruefjuni2013-021\"\n               data-description=\"\"\n               data-image-slug=\"pruefjuni2013-021\"\n               class=\"shutterset_18c2b95c41d3c65b6a47aa90ad0ae654\">\n                <img\n                    title=\"pruefjuni2013-021\"\n                    alt=\"pruefjuni2013-021\"\n                    src=\"http:\/\/www.karate-neuhofen.at\/wp-content\/gallery\/kyu-prufungen-sommer-2013\/thumbs\/thumbs_pruefjuni2013-021.jpg\"\n                    width=\"100\"\n                    height=\"64\"\n                    style=\"max-width:100%;\"\n                \/>\n            <\/a>\n        <\/div>\n\t\t\t\t\t\t\t<\/div> \n\t\t\t\n        \n\t\t\t\t<div id=\"ngg-image-2\" class=\"ngg-gallery-thumbnail-box\" >\n\t\t\t\t        <div class=\"ngg-gallery-thumbnail\">\n            <a href=\"http:\/\/www.karate-neuhofen.at\/wp-content\/gallery\/kyu-prufungen-sommer-2013\/pruefjuni2013-025.jpg\"\n               title=\"\"\n               data-src=\"http:\/\/www.karate-neuhofen.at\/wp-content\/gallery\/kyu-prufungen-sommer-2013\/pruefjuni2013-025.jpg\"\n               data-thumbnail=\"http:\/\/www.karate-neuhofen.at\/wp-content\/gallery\/kyu-prufungen-sommer-2013\/thumbs\/thumbs_pruefjuni2013-025.jpg\"\n               data-image-id=\"3149\"\n               data-title=\"pruefjuni2013-025\"\n               data-description=\"\"\n               data-image-slug=\"pruefjuni2013-025\"\n               class=\"shutterset_18c2b95c41d3c65b6a47aa90ad0ae654\">\n                <img\n                    title=\"pruefjuni2013-025\"\n                    alt=\"pruefjuni2013-025\"\n                    src=\"http:\/\/www.karate-neuhofen.at\/wp-content\/gallery\/kyu-prufungen-sommer-2013\/thumbs\/thumbs_pruefjuni2013-025.jpg\"\n                    width=\"99\"\n                    height=\"75\"\n                    style=\"max-width:100%;\"\n                \/>\n            <\/a>\n        <\/div>\n\t\t\t\t\t\t\t<\/div> \n\t\t\t\n        \n\t\t\t\t<div id=\"ngg-image-3\" class=\"ngg-gallery-thumbnail-box\" >\n\t\t\t\t        <div class=\"ngg-gallery-thumbnail\">\n            <a href=\"http:\/\/www.karate-neuhofen.at\/wp-content\/gallery\/kyu-prufungen-sommer-2013\/pruefjuni2013-028.jpg\"\n               title=\"\"\n               data-src=\"http:\/\/www.karate-neuhofen.at\/wp-content\/gallery\/kyu-prufungen-sommer-2013\/pruefjuni2013-028.jpg\"\n               data-thumbnail=\"http:\/\/www.karate-neuhofen.at\/wp-content\/gallery\/kyu-prufungen-sommer-2013\/thumbs\/thumbs_pruefjuni2013-028.jpg\"\n               data-image-id=\"3150\"\n               data-title=\"pruefjuni2013-028\"\n               data-description=\"\"\n               data-image-slug=\"pruefjuni2013-028\"\n               class=\"shutterset_18c2b95c41d3c65b6a47aa90ad0ae654\">\n                <img\n                    title=\"pruefjuni2013-028\"\n                    alt=\"pruefjuni2013-028\"\n                    src=\"http:\/\/www.karate-neuhofen.at\/wp-content\/gallery\/kyu-prufungen-sommer-2013\/thumbs\/thumbs_pruefjuni2013-028.jpg\"\n                    width=\"100\"\n                    height=\"66\"\n                    style=\"max-width:100%;\"\n                \/>\n            <\/a>\n        <\/div>\n\t\t\t\t\t\t\t<\/div> \n\t\t\t\n        \n\t\t\t\t<div id=\"ngg-image-4\" class=\"ngg-gallery-thumbnail-box\" >\n\t\t\t\t        <div class=\"ngg-gallery-thumbnail\">\n            <a href=\"http:\/\/www.karate-neuhofen.at\/wp-content\/gallery\/kyu-prufungen-sommer-2013\/pruefjuni2013-029.jpg\"\n               title=\"\"\n               data-src=\"http:\/\/www.karate-neuhofen.at\/wp-content\/gallery\/kyu-prufungen-sommer-2013\/pruefjuni2013-029.jpg\"\n               data-thumbnail=\"http:\/\/www.karate-neuhofen.at\/wp-content\/gallery\/kyu-prufungen-sommer-2013\/thumbs\/thumbs_pruefjuni2013-029.jpg\"\n               data-image-id=\"3151\"\n               data-title=\"pruefjuni2013-029\"\n               data-description=\"\"\n               data-image-slug=\"pruefjuni2013-029\"\n               class=\"shutterset_18c2b95c41d3c65b6a47aa90ad0ae654\">\n                <img\n                    title=\"pruefjuni2013-029\"\n                    alt=\"pruefjuni2013-029\"\n                    src=\"http:\/\/www.karate-neuhofen.at\/wp-content\/gallery\/kyu-prufungen-sommer-2013\/thumbs\/thumbs_pruefjuni2013-029.jpg\"\n                    width=\"100\"\n                    height=\"53\"\n                    style=\"max-width:100%;\"\n                \/>\n            <\/a>\n        <\/div>\n\t\t\t\t\t\t\t<\/div> \n\t\t\t\n        \n\t\t\t\t<div id=\"ngg-image-5\" class=\"ngg-gallery-thumbnail-box\" >\n\t\t\t\t        <div class=\"ngg-gallery-thumbnail\">\n            <a href=\"http:\/\/www.karate-neuhofen.at\/wp-content\/gallery\/kyu-prufungen-sommer-2013\/pruefjuni2013-034.jpg\"\n               title=\"\"\n               data-src=\"http:\/\/www.karate-neuhofen.at\/wp-content\/gallery\/kyu-prufungen-sommer-2013\/pruefjuni2013-034.jpg\"\n               data-thumbnail=\"http:\/\/www.karate-neuhofen.at\/wp-content\/gallery\/kyu-prufungen-sommer-2013\/thumbs\/thumbs_pruefjuni2013-034.jpg\"\n               data-image-id=\"3152\"\n               data-title=\"pruefjuni2013-034\"\n               data-description=\"\"\n               data-image-slug=\"pruefjuni2013-034\"\n               class=\"shutterset_18c2b95c41d3c65b6a47aa90ad0ae654\">\n                <img\n                    title=\"pruefjuni2013-034\"\n                    alt=\"pruefjuni2013-034\"\n                    src=\"http:\/\/www.karate-neuhofen.at\/wp-content\/gallery\/kyu-prufungen-sommer-2013\/thumbs\/thumbs_pruefjuni2013-034.jpg\"\n                    width=\"100\"\n                    height=\"52\"\n                    style=\"max-width:100%;\"\n                \/>\n            <\/a>\n        <\/div>\n\t\t\t\t\t\t\t<\/div> \n\t\t\t\n        \n\t\t\t\t<div id=\"ngg-image-6\" class=\"ngg-gallery-thumbnail-box\" >\n\t\t\t\t        <div class=\"ngg-gallery-thumbnail\">\n            <a href=\"http:\/\/www.karate-neuhofen.at\/wp-content\/gallery\/kyu-prufungen-sommer-2013\/pruefjuni2013-035.jpg\"\n               title=\"\"\n               data-src=\"http:\/\/www.karate-neuhofen.at\/wp-content\/gallery\/kyu-prufungen-sommer-2013\/pruefjuni2013-035.jpg\"\n               data-thumbnail=\"http:\/\/www.karate-neuhofen.at\/wp-content\/gallery\/kyu-prufungen-sommer-2013\/thumbs\/thumbs_pruefjuni2013-035.jpg\"\n               data-image-id=\"3153\"\n               data-title=\"pruefjuni2013-035\"\n               data-description=\"\"\n               data-image-slug=\"pruefjuni2013-035\"\n               class=\"shutterset_18c2b95c41d3c65b6a47aa90ad0ae654\">\n                <img\n                    title=\"pruefjuni2013-035\"\n                    alt=\"pruefjuni2013-035\"\n                    src=\"http:\/\/www.karate-neuhofen.at\/wp-content\/gallery\/kyu-prufungen-sommer-2013\/thumbs\/thumbs_pruefjuni2013-035.jpg\"\n                    width=\"100\"\n                    height=\"66\"\n                    style=\"max-width:100%;\"\n                \/>\n            <\/a>\n        <\/div>\n\t\t\t\t\t\t\t<\/div> \n\t\t\t\n        \n\t\t\t\t<div id=\"ngg-image-7\" class=\"ngg-gallery-thumbnail-box\" >\n\t\t\t\t        <div class=\"ngg-gallery-thumbnail\">\n            <a href=\"http:\/\/www.karate-neuhofen.at\/wp-content\/gallery\/kyu-prufungen-sommer-2013\/pruefjuni2013-036.jpg\"\n               title=\"\"\n               data-src=\"http:\/\/www.karate-neuhofen.at\/wp-content\/gallery\/kyu-prufungen-sommer-2013\/pruefjuni2013-036.jpg\"\n               data-thumbnail=\"http:\/\/www.karate-neuhofen.at\/wp-content\/gallery\/kyu-prufungen-sommer-2013\/thumbs\/thumbs_pruefjuni2013-036.jpg\"\n               data-image-id=\"3154\"\n               data-title=\"pruefjuni2013-036\"\n               data-description=\"\"\n               data-image-slug=\"pruefjuni2013-036\"\n               class=\"shutterset_18c2b95c41d3c65b6a47aa90ad0ae654\">\n                <img\n                    title=\"pruefjuni2013-036\"\n                    alt=\"pruefjuni2013-036\"\n                    src=\"http:\/\/www.karate-neuhofen.at\/wp-content\/gallery\/kyu-prufungen-sommer-2013\/thumbs\/thumbs_pruefjuni2013-036.jpg\"\n                    width=\"100\"\n                    height=\"66\"\n                    style=\"max-width:100%;\"\n                \/>\n            <\/a>\n        <\/div>\n\t\t\t\t\t\t\t<\/div> \n\t\t\t\n        \n\t\t\t\t<div id=\"ngg-image-8\" class=\"ngg-gallery-thumbnail-box\" >\n\t\t\t\t        <div class=\"ngg-gallery-thumbnail\">\n            <a href=\"http:\/\/www.karate-neuhofen.at\/wp-content\/gallery\/kyu-prufungen-sommer-2013\/pruefjuni2013-039.jpg\"\n               title=\"\"\n               data-src=\"http:\/\/www.karate-neuhofen.at\/wp-content\/gallery\/kyu-prufungen-sommer-2013\/pruefjuni2013-039.jpg\"\n               data-thumbnail=\"http:\/\/www.karate-neuhofen.at\/wp-content\/gallery\/kyu-prufungen-sommer-2013\/thumbs\/thumbs_pruefjuni2013-039.jpg\"\n               data-image-id=\"3155\"\n               data-title=\"pruefjuni2013-039\"\n               data-description=\"\"\n               data-image-slug=\"pruefjuni2013-039\"\n               class=\"shutterset_18c2b95c41d3c65b6a47aa90ad0ae654\">\n                <img\n                    title=\"pruefjuni2013-039\"\n                    alt=\"pruefjuni2013-039\"\n                    src=\"http:\/\/www.karate-neuhofen.at\/wp-content\/gallery\/kyu-prufungen-sommer-2013\/thumbs\/thumbs_pruefjuni2013-039.jpg\"\n                    width=\"100\"\n                    height=\"66\"\n                    style=\"max-width:100%;\"\n                \/>\n            <\/a>\n        <\/div>\n\t\t\t\t\t\t\t<\/div> \n\t\t\t\n        \n\t\t\t\t<div id=\"ngg-image-9\" class=\"ngg-gallery-thumbnail-box\" >\n\t\t\t\t        <div class=\"ngg-gallery-thumbnail\">\n            <a href=\"http:\/\/www.karate-neuhofen.at\/wp-content\/gallery\/kyu-prufungen-sommer-2013\/pruefjuni2013-040.jpg\"\n               title=\"\"\n               data-src=\"http:\/\/www.karate-neuhofen.at\/wp-content\/gallery\/kyu-prufungen-sommer-2013\/pruefjuni2013-040.jpg\"\n               data-thumbnail=\"http:\/\/www.karate-neuhofen.at\/wp-content\/gallery\/kyu-prufungen-sommer-2013\/thumbs\/thumbs_pruefjuni2013-040.jpg\"\n               data-image-id=\"3156\"\n               data-title=\"pruefjuni2013-040\"\n               data-description=\"\"\n               data-image-slug=\"pruefjuni2013-040\"\n               class=\"shutterset_18c2b95c41d3c65b6a47aa90ad0ae654\">\n                <img\n                    title=\"pruefjuni2013-040\"\n                    alt=\"pruefjuni2013-040\"\n                    src=\"http:\/\/www.karate-neuhofen.at\/wp-content\/gallery\/kyu-prufungen-sommer-2013\/thumbs\/thumbs_pruefjuni2013-040.jpg\"\n                    width=\"100\"\n                    height=\"66\"\n                    style=\"max-width:100%;\"\n                \/>\n            <\/a>\n        <\/div>\n\t\t\t\t\t\t\t<\/div> \n\t\t\t\n        \n\t\t\t\t<div id=\"ngg-image-10\" class=\"ngg-gallery-thumbnail-box\" >\n\t\t\t\t        <div class=\"ngg-gallery-thumbnail\">\n            <a href=\"http:\/\/www.karate-neuhofen.at\/wp-content\/gallery\/kyu-prufungen-sommer-2013\/pruefjuni2013-041.jpg\"\n               title=\"\"\n               data-src=\"http:\/\/www.karate-neuhofen.at\/wp-content\/gallery\/kyu-prufungen-sommer-2013\/pruefjuni2013-041.jpg\"\n               data-thumbnail=\"http:\/\/www.karate-neuhofen.at\/wp-content\/gallery\/kyu-prufungen-sommer-2013\/thumbs\/thumbs_pruefjuni2013-041.jpg\"\n               data-image-id=\"3157\"\n               data-title=\"pruefjuni2013-041\"\n               data-description=\"\"\n               data-image-slug=\"pruefjuni2013-041\"\n               class=\"shutterset_18c2b95c41d3c65b6a47aa90ad0ae654\">\n                <img\n                    title=\"pruefjuni2013-041\"\n                    alt=\"pruefjuni2013-041\"\n                    src=\"http:\/\/www.karate-neuhofen.at\/wp-content\/gallery\/kyu-prufungen-sommer-2013\/thumbs\/thumbs_pruefjuni2013-041.jpg\"\n                    width=\"100\"\n                    height=\"66\"\n                    style=\"max-width:100%;\"\n                \/>\n            <\/a>\n        <\/div>\n\t\t\t\t\t\t\t<\/div> \n\t\t\t\n        \n\t\t\t\t<div id=\"ngg-image-11\" class=\"ngg-gallery-thumbnail-box\" >\n\t\t\t\t        <div class=\"ngg-gallery-thumbnail\">\n            <a href=\"http:\/\/www.karate-neuhofen.at\/wp-content\/gallery\/kyu-prufungen-sommer-2013\/pruefjuni2013-042.jpg\"\n               title=\"\"\n               data-src=\"http:\/\/www.karate-neuhofen.at\/wp-content\/gallery\/kyu-prufungen-sommer-2013\/pruefjuni2013-042.jpg\"\n               data-thumbnail=\"http:\/\/www.karate-neuhofen.at\/wp-content\/gallery\/kyu-prufungen-sommer-2013\/thumbs\/thumbs_pruefjuni2013-042.jpg\"\n               data-image-id=\"3158\"\n               data-title=\"pruefjuni2013-042\"\n               data-description=\"\"\n               data-image-slug=\"pruefjuni2013-042\"\n               class=\"shutterset_18c2b95c41d3c65b6a47aa90ad0ae654\">\n                <img\n                    title=\"pruefjuni2013-042\"\n                    alt=\"pruefjuni2013-042\"\n                    src=\"http:\/\/www.karate-neuhofen.at\/wp-content\/gallery\/kyu-prufungen-sommer-2013\/thumbs\/thumbs_pruefjuni2013-042.jpg\"\n                    width=\"100\"\n                    height=\"66\"\n                    style=\"max-width:100%;\"\n                \/>\n            <\/a>\n        <\/div>\n\t\t\t\t\t\t\t<\/div> \n\t\t\t\n        \n\t\t\t\t<div id=\"ngg-image-12\" class=\"ngg-gallery-thumbnail-box\" >\n\t\t\t\t        <div class=\"ngg-gallery-thumbnail\">\n            <a href=\"http:\/\/www.karate-neuhofen.at\/wp-content\/gallery\/kyu-prufungen-sommer-2013\/pruefjuni2013-043.jpg\"\n               title=\"\"\n               data-src=\"http:\/\/www.karate-neuhofen.at\/wp-content\/gallery\/kyu-prufungen-sommer-2013\/pruefjuni2013-043.jpg\"\n               data-thumbnail=\"http:\/\/www.karate-neuhofen.at\/wp-content\/gallery\/kyu-prufungen-sommer-2013\/thumbs\/thumbs_pruefjuni2013-043.jpg\"\n               data-image-id=\"3159\"\n               data-title=\"pruefjuni2013-043\"\n               data-description=\"\"\n               data-image-slug=\"pruefjuni2013-043\"\n               class=\"shutterset_18c2b95c41d3c65b6a47aa90ad0ae654\">\n                <img\n                    title=\"pruefjuni2013-043\"\n                    alt=\"pruefjuni2013-043\"\n                    src=\"http:\/\/www.karate-neuhofen.at\/wp-content\/gallery\/kyu-prufungen-sommer-2013\/thumbs\/thumbs_pruefjuni2013-043.jpg\"\n                    width=\"100\"\n                    height=\"66\"\n                    style=\"max-width:100%;\"\n                \/>\n            <\/a>\n        <\/div>\n\t\t\t\t\t\t\t<\/div> \n\t\t\t\n        \n\t\t\t\t<div id=\"ngg-image-13\" class=\"ngg-gallery-thumbnail-box\" >\n\t\t\t\t        <div class=\"ngg-gallery-thumbnail\">\n            <a href=\"http:\/\/www.karate-neuhofen.at\/wp-content\/gallery\/kyu-prufungen-sommer-2013\/pruefjuni2013-044.jpg\"\n               title=\"\"\n               data-src=\"http:\/\/www.karate-neuhofen.at\/wp-content\/gallery\/kyu-prufungen-sommer-2013\/pruefjuni2013-044.jpg\"\n               data-thumbnail=\"http:\/\/www.karate-neuhofen.at\/wp-content\/gallery\/kyu-prufungen-sommer-2013\/thumbs\/thumbs_pruefjuni2013-044.jpg\"\n               data-image-id=\"3160\"\n               data-title=\"pruefjuni2013-044\"\n               data-description=\"\"\n               data-image-slug=\"pruefjuni2013-044\"\n               class=\"shutterset_18c2b95c41d3c65b6a47aa90ad0ae654\">\n                <img\n                    title=\"pruefjuni2013-044\"\n                    alt=\"pruefjuni2013-044\"\n                    src=\"http:\/\/www.karate-neuhofen.at\/wp-content\/gallery\/kyu-prufungen-sommer-2013\/thumbs\/thumbs_pruefjuni2013-044.jpg\"\n                    width=\"100\"\n                    height=\"55\"\n                    style=\"max-width:100%;\"\n                \/>\n            <\/a>\n        <\/div>\n\t\t\t\t\t\t\t<\/div> \n\t\t\t\n        \n\t\t\t\t<div id=\"ngg-image-14\" class=\"ngg-gallery-thumbnail-box\" >\n\t\t\t\t        <div class=\"ngg-gallery-thumbnail\">\n            <a href=\"http:\/\/www.karate-neuhofen.at\/wp-content\/gallery\/kyu-prufungen-sommer-2013\/pruefjuni2013-045.jpg\"\n               title=\"\"\n               data-src=\"http:\/\/www.karate-neuhofen.at\/wp-content\/gallery\/kyu-prufungen-sommer-2013\/pruefjuni2013-045.jpg\"\n               data-thumbnail=\"http:\/\/www.karate-neuhofen.at\/wp-content\/gallery\/kyu-prufungen-sommer-2013\/thumbs\/thumbs_pruefjuni2013-045.jpg\"\n               data-image-id=\"3161\"\n               data-title=\"pruefjuni2013-045\"\n               data-description=\"\"\n               data-image-slug=\"pruefjuni2013-045\"\n               class=\"shutterset_18c2b95c41d3c65b6a47aa90ad0ae654\">\n                <img\n                    title=\"pruefjuni2013-045\"\n                    alt=\"pruefjuni2013-045\"\n                    src=\"http:\/\/www.karate-neuhofen.at\/wp-content\/gallery\/kyu-prufungen-sommer-2013\/thumbs\/thumbs_pruefjuni2013-045.jpg\"\n                    width=\"100\"\n                    height=\"60\"\n                    style=\"max-width:100%;\"\n                \/>\n            <\/a>\n        <\/div>\n\t\t\t\t\t\t\t<\/div> \n\t\t\t\n        \n\t\t\t\t<div id=\"ngg-image-15\" class=\"ngg-gallery-thumbnail-box\" >\n\t\t\t\t        <div class=\"ngg-gallery-thumbnail\">\n            <a href=\"http:\/\/www.karate-neuhofen.at\/wp-content\/gallery\/kyu-prufungen-sommer-2013\/pruefjuni2013-047.jpg\"\n               title=\"\"\n               data-src=\"http:\/\/www.karate-neuhofen.at\/wp-content\/gallery\/kyu-prufungen-sommer-2013\/pruefjuni2013-047.jpg\"\n               data-thumbnail=\"http:\/\/www.karate-neuhofen.at\/wp-content\/gallery\/kyu-prufungen-sommer-2013\/thumbs\/thumbs_pruefjuni2013-047.jpg\"\n               data-image-id=\"3162\"\n               data-title=\"pruefjuni2013-047\"\n               data-description=\"\"\n               data-image-slug=\"pruefjuni2013-047\"\n               class=\"shutterset_18c2b95c41d3c65b6a47aa90ad0ae654\">\n                <img\n                    title=\"pruefjuni2013-047\"\n                    alt=\"pruefjuni2013-047\"\n                    src=\"http:\/\/www.karate-neuhofen.at\/wp-content\/gallery\/kyu-prufungen-sommer-2013\/thumbs\/thumbs_pruefjuni2013-047.jpg\"\n                    width=\"100\"\n                    height=\"64\"\n                    style=\"max-width:100%;\"\n                \/>\n            <\/a>\n        <\/div>\n\t\t\t\t\t\t\t<\/div> \n\t\t\t\n        \n\t\t\t\t<div id=\"ngg-image-16\" class=\"ngg-gallery-thumbnail-box\" >\n\t\t\t\t        <div class=\"ngg-gallery-thumbnail\">\n            <a href=\"http:\/\/www.karate-neuhofen.at\/wp-content\/gallery\/kyu-prufungen-sommer-2013\/pruefjuni2013-048.jpg\"\n               title=\"\"\n               data-src=\"http:\/\/www.karate-neuhofen.at\/wp-content\/gallery\/kyu-prufungen-sommer-2013\/pruefjuni2013-048.jpg\"\n               data-thumbnail=\"http:\/\/www.karate-neuhofen.at\/wp-content\/gallery\/kyu-prufungen-sommer-2013\/thumbs\/thumbs_pruefjuni2013-048.jpg\"\n               data-image-id=\"3163\"\n               data-title=\"pruefjuni2013-048\"\n               data-description=\"\"\n               data-image-slug=\"pruefjuni2013-048\"\n               class=\"shutterset_18c2b95c41d3c65b6a47aa90ad0ae654\">\n                <img\n                    title=\"pruefjuni2013-048\"\n                    alt=\"pruefjuni2013-048\"\n                    src=\"http:\/\/www.karate-neuhofen.at\/wp-content\/gallery\/kyu-prufungen-sommer-2013\/thumbs\/thumbs_pruefjuni2013-048.jpg\"\n                    width=\"100\"\n                    height=\"60\"\n                    style=\"max-width:100%;\"\n                \/>\n            <\/a>\n        <\/div>\n\t\t\t\t\t\t\t<\/div> \n\t\t\t\n        \n\t\t\t\t<div id=\"ngg-image-17\" class=\"ngg-gallery-thumbnail-box\" >\n\t\t\t\t        <div class=\"ngg-gallery-thumbnail\">\n            <a href=\"http:\/\/www.karate-neuhofen.at\/wp-content\/gallery\/kyu-prufungen-sommer-2013\/pruefjuni2013-049.jpg\"\n               title=\"\"\n               data-src=\"http:\/\/www.karate-neuhofen.at\/wp-content\/gallery\/kyu-prufungen-sommer-2013\/pruefjuni2013-049.jpg\"\n               data-thumbnail=\"http:\/\/www.karate-neuhofen.at\/wp-content\/gallery\/kyu-prufungen-sommer-2013\/thumbs\/thumbs_pruefjuni2013-049.jpg\"\n               data-image-id=\"3164\"\n               data-title=\"pruefjuni2013-049\"\n               data-description=\"\"\n               data-image-slug=\"pruefjuni2013-049\"\n               class=\"shutterset_18c2b95c41d3c65b6a47aa90ad0ae654\">\n                <img\n                    title=\"pruefjuni2013-049\"\n                    alt=\"pruefjuni2013-049\"\n                    src=\"http:\/\/www.karate-neuhofen.at\/wp-content\/gallery\/kyu-prufungen-sommer-2013\/thumbs\/thumbs_pruefjuni2013-049.jpg\"\n                    width=\"100\"\n                    height=\"65\"\n                    style=\"max-width:100%;\"\n                \/>\n            <\/a>\n        <\/div>\n\t\t\t\t\t\t\t<\/div> \n\t\t\t\n        \n\t\t\t\t<div id=\"ngg-image-18\" class=\"ngg-gallery-thumbnail-box\" >\n\t\t\t\t        <div class=\"ngg-gallery-thumbnail\">\n            <a href=\"http:\/\/www.karate-neuhofen.at\/wp-content\/gallery\/kyu-prufungen-sommer-2013\/pruefjuni2013-050.jpg\"\n               title=\"\"\n               data-src=\"http:\/\/www.karate-neuhofen.at\/wp-content\/gallery\/kyu-prufungen-sommer-2013\/pruefjuni2013-050.jpg\"\n               data-thumbnail=\"http:\/\/www.karate-neuhofen.at\/wp-content\/gallery\/kyu-prufungen-sommer-2013\/thumbs\/thumbs_pruefjuni2013-050.jpg\"\n               data-image-id=\"3165\"\n               data-title=\"pruefjuni2013-050\"\n               data-description=\"\"\n               data-image-slug=\"pruefjuni2013-050\"\n               class=\"shutterset_18c2b95c41d3c65b6a47aa90ad0ae654\">\n                <img\n                    title=\"pruefjuni2013-050\"\n                    alt=\"pruefjuni2013-050\"\n                    src=\"http:\/\/www.karate-neuhofen.at\/wp-content\/gallery\/kyu-prufungen-sommer-2013\/thumbs\/thumbs_pruefjuni2013-050.jpg\"\n                    width=\"100\"\n                    height=\"62\"\n                    style=\"max-width:100%;\"\n                \/>\n            <\/a>\n        <\/div>\n\t\t\t\t\t\t\t<\/div> \n\t\t\t\n        \n\t\t\t\t<div id=\"ngg-image-19\" class=\"ngg-gallery-thumbnail-box\" >\n\t\t\t\t        <div class=\"ngg-gallery-thumbnail\">\n            <a href=\"http:\/\/www.karate-neuhofen.at\/wp-content\/gallery\/kyu-prufungen-sommer-2013\/pruefjuni2013-052.jpg\"\n               title=\"\"\n               data-src=\"http:\/\/www.karate-neuhofen.at\/wp-content\/gallery\/kyu-prufungen-sommer-2013\/pruefjuni2013-052.jpg\"\n               data-thumbnail=\"http:\/\/www.karate-neuhofen.at\/wp-content\/gallery\/kyu-prufungen-sommer-2013\/thumbs\/thumbs_pruefjuni2013-052.jpg\"\n               data-image-id=\"3166\"\n               data-title=\"pruefjuni2013-052\"\n               data-description=\"\"\n               data-image-slug=\"pruefjuni2013-052\"\n               class=\"shutterset_18c2b95c41d3c65b6a47aa90ad0ae654\">\n                <img\n                    title=\"pruefjuni2013-052\"\n                    alt=\"pruefjuni2013-052\"\n                    src=\"http:\/\/www.karate-neuhofen.at\/wp-content\/gallery\/kyu-prufungen-sommer-2013\/thumbs\/thumbs_pruefjuni2013-052.jpg\"\n                    width=\"100\"\n                    height=\"62\"\n                    style=\"max-width:100%;\"\n                \/>\n            <\/a>\n        <\/div>\n\t\t\t\t\t\t\t<\/div> \n\t\t\t\n        \n\t\t\t\t<div id=\"ngg-image-20\" class=\"ngg-gallery-thumbnail-box\" >\n\t\t\t\t        <div class=\"ngg-gallery-thumbnail\">\n            <a href=\"http:\/\/www.karate-neuhofen.at\/wp-content\/gallery\/kyu-prufungen-sommer-2013\/pruefjuni2013-054.jpg\"\n               title=\"\"\n               data-src=\"http:\/\/www.karate-neuhofen.at\/wp-content\/gallery\/kyu-prufungen-sommer-2013\/pruefjuni2013-054.jpg\"\n               data-thumbnail=\"http:\/\/www.karate-neuhofen.at\/wp-content\/gallery\/kyu-prufungen-sommer-2013\/thumbs\/thumbs_pruefjuni2013-054.jpg\"\n               data-image-id=\"3167\"\n               data-title=\"pruefjuni2013-054\"\n               data-description=\"\"\n               data-image-slug=\"pruefjuni2013-054\"\n               class=\"shutterset_18c2b95c41d3c65b6a47aa90ad0ae654\">\n                <img\n                    title=\"pruefjuni2013-054\"\n                    alt=\"pruefjuni2013-054\"\n                    src=\"http:\/\/www.karate-neuhofen.at\/wp-content\/gallery\/kyu-prufungen-sommer-2013\/thumbs\/thumbs_pruefjuni2013-054.jpg\"\n                    width=\"100\"\n                    height=\"64\"\n                    style=\"max-width:100%;\"\n                \/>\n            <\/a>\n        <\/div>\n\t\t\t\t\t\t\t<\/div> \n\t\t\t\n        \n\t\t\t\t<div id=\"ngg-image-21\" class=\"ngg-gallery-thumbnail-box\" >\n\t\t\t\t        <div class=\"ngg-gallery-thumbnail\">\n            <a href=\"http:\/\/www.karate-neuhofen.at\/wp-content\/gallery\/kyu-prufungen-sommer-2013\/pruefjuni2013-055.jpg\"\n               title=\"\"\n               data-src=\"http:\/\/www.karate-neuhofen.at\/wp-content\/gallery\/kyu-prufungen-sommer-2013\/pruefjuni2013-055.jpg\"\n               data-thumbnail=\"http:\/\/www.karate-neuhofen.at\/wp-content\/gallery\/kyu-prufungen-sommer-2013\/thumbs\/thumbs_pruefjuni2013-055.jpg\"\n               data-image-id=\"3168\"\n               data-title=\"pruefjuni2013-055\"\n               data-description=\"\"\n               data-image-slug=\"pruefjuni2013-055\"\n               class=\"shutterset_18c2b95c41d3c65b6a47aa90ad0ae654\">\n                <img\n                    title=\"pruefjuni2013-055\"\n                    alt=\"pruefjuni2013-055\"\n                    src=\"http:\/\/www.karate-neuhofen.at\/wp-content\/gallery\/kyu-prufungen-sommer-2013\/thumbs\/thumbs_pruefjuni2013-055.jpg\"\n                    width=\"100\"\n                    height=\"66\"\n                    style=\"max-width:100%;\"\n                \/>\n            <\/a>\n        <\/div>\n\t\t\t\t\t\t\t<\/div> \n\t\t\t\n        \n\t\t\t\t<div id=\"ngg-image-22\" class=\"ngg-gallery-thumbnail-box\" >\n\t\t\t\t        <div class=\"ngg-gallery-thumbnail\">\n            <a href=\"http:\/\/www.karate-neuhofen.at\/wp-content\/gallery\/kyu-prufungen-sommer-2013\/pruefjuni2013-056.jpg\"\n               title=\"\"\n               data-src=\"http:\/\/www.karate-neuhofen.at\/wp-content\/gallery\/kyu-prufungen-sommer-2013\/pruefjuni2013-056.jpg\"\n               data-thumbnail=\"http:\/\/www.karate-neuhofen.at\/wp-content\/gallery\/kyu-prufungen-sommer-2013\/thumbs\/thumbs_pruefjuni2013-056.jpg\"\n               data-image-id=\"3169\"\n               data-title=\"pruefjuni2013-056\"\n               data-description=\"\"\n               data-image-slug=\"pruefjuni2013-056\"\n               class=\"shutterset_18c2b95c41d3c65b6a47aa90ad0ae654\">\n                <img\n                    title=\"pruefjuni2013-056\"\n                    alt=\"pruefjuni2013-056\"\n                    src=\"http:\/\/www.karate-neuhofen.at\/wp-content\/gallery\/kyu-prufungen-sommer-2013\/thumbs\/thumbs_pruefjuni2013-056.jpg\"\n                    width=\"100\"\n                    height=\"60\"\n                    style=\"max-width:100%;\"\n                \/>\n            <\/a>\n        <\/div>\n\t\t\t\t\t\t\t<\/div> \n\t\t\t\n        \n\t\t\t\t<div id=\"ngg-image-23\" class=\"ngg-gallery-thumbnail-box\" >\n\t\t\t\t        <div class=\"ngg-gallery-thumbnail\">\n            <a href=\"http:\/\/www.karate-neuhofen.at\/wp-content\/gallery\/kyu-prufungen-sommer-2013\/pruefjuni2013-057.jpg\"\n               title=\"\"\n               data-src=\"http:\/\/www.karate-neuhofen.at\/wp-content\/gallery\/kyu-prufungen-sommer-2013\/pruefjuni2013-057.jpg\"\n               data-thumbnail=\"http:\/\/www.karate-neuhofen.at\/wp-content\/gallery\/kyu-prufungen-sommer-2013\/thumbs\/thumbs_pruefjuni2013-057.jpg\"\n               data-image-id=\"3170\"\n               data-title=\"pruefjuni2013-057\"\n               data-description=\"\"\n               data-image-slug=\"pruefjuni2013-057\"\n               class=\"shutterset_18c2b95c41d3c65b6a47aa90ad0ae654\">\n                <img\n                    title=\"pruefjuni2013-057\"\n                    alt=\"pruefjuni2013-057\"\n                    src=\"http:\/\/www.karate-neuhofen.at\/wp-content\/gallery\/kyu-prufungen-sommer-2013\/thumbs\/thumbs_pruefjuni2013-057.jpg\"\n                    width=\"100\"\n                    height=\"52\"\n                    style=\"max-width:100%;\"\n                \/>\n            <\/a>\n        <\/div>\n\t\t\t\t\t\t\t<\/div> \n\t\t\t\n        \n\t\t\t\t<div id=\"ngg-image-24\" class=\"ngg-gallery-thumbnail-box\" >\n\t\t\t\t        <div class=\"ngg-gallery-thumbnail\">\n            <a href=\"http:\/\/www.karate-neuhofen.at\/wp-content\/gallery\/kyu-prufungen-sommer-2013\/pruefjuni2013-058.jpg\"\n               title=\"\"\n               data-src=\"http:\/\/www.karate-neuhofen.at\/wp-content\/gallery\/kyu-prufungen-sommer-2013\/pruefjuni2013-058.jpg\"\n               data-thumbnail=\"http:\/\/www.karate-neuhofen.at\/wp-content\/gallery\/kyu-prufungen-sommer-2013\/thumbs\/thumbs_pruefjuni2013-058.jpg\"\n               data-image-id=\"3171\"\n               data-title=\"pruefjuni2013-058\"\n               data-description=\"\"\n               data-image-slug=\"pruefjuni2013-058\"\n               class=\"shutterset_18c2b95c41d3c65b6a47aa90ad0ae654\">\n                <img\n                    title=\"pruefjuni2013-058\"\n                    alt=\"pruefjuni2013-058\"\n                    src=\"http:\/\/www.karate-neuhofen.at\/wp-content\/gallery\/kyu-prufungen-sommer-2013\/thumbs\/thumbs_pruefjuni2013-058.jpg\"\n                    width=\"100\"\n                    height=\"57\"\n                    style=\"max-width:100%;\"\n                \/>\n            <\/a>\n        <\/div>\n\t\t\t\t\t\t\t<\/div> \n\t\t\t\n        \n\t\t\t\t<div id=\"ngg-image-25\" class=\"ngg-gallery-thumbnail-box\" >\n\t\t\t\t        <div class=\"ngg-gallery-thumbnail\">\n            <a href=\"http:\/\/www.karate-neuhofen.at\/wp-content\/gallery\/kyu-prufungen-sommer-2013\/pruefjuni2013-059.jpg\"\n               title=\"\"\n               data-src=\"http:\/\/www.karate-neuhofen.at\/wp-content\/gallery\/kyu-prufungen-sommer-2013\/pruefjuni2013-059.jpg\"\n               data-thumbnail=\"http:\/\/www.karate-neuhofen.at\/wp-content\/gallery\/kyu-prufungen-sommer-2013\/thumbs\/thumbs_pruefjuni2013-059.jpg\"\n               data-image-id=\"3172\"\n               data-title=\"pruefjuni2013-059\"\n               data-description=\"\"\n               data-image-slug=\"pruefjuni2013-059\"\n               class=\"shutterset_18c2b95c41d3c65b6a47aa90ad0ae654\">\n                <img\n                    title=\"pruefjuni2013-059\"\n                    alt=\"pruefjuni2013-059\"\n                    src=\"http:\/\/www.karate-neuhofen.at\/wp-content\/gallery\/kyu-prufungen-sommer-2013\/thumbs\/thumbs_pruefjuni2013-059.jpg\"\n                    width=\"100\"\n                    height=\"66\"\n                    style=\"max-width:100%;\"\n                \/>\n            <\/a>\n        <\/div>\n\t\t\t\t\t\t\t<\/div> \n\t\t\t\n        \n\t\t\t\t<div id=\"ngg-image-26\" class=\"ngg-gallery-thumbnail-box\" >\n\t\t\t\t        <div class=\"ngg-gallery-thumbnail\">\n            <a href=\"http:\/\/www.karate-neuhofen.at\/wp-content\/gallery\/kyu-prufungen-sommer-2013\/pruefjuni2013-060.jpg\"\n               title=\"\"\n               data-src=\"http:\/\/www.karate-neuhofen.at\/wp-content\/gallery\/kyu-prufungen-sommer-2013\/pruefjuni2013-060.jpg\"\n               data-thumbnail=\"http:\/\/www.karate-neuhofen.at\/wp-content\/gallery\/kyu-prufungen-sommer-2013\/thumbs\/thumbs_pruefjuni2013-060.jpg\"\n               data-image-id=\"3173\"\n               data-title=\"pruefjuni2013-060\"\n               data-description=\"\"\n               data-image-slug=\"pruefjuni2013-060\"\n               class=\"shutterset_18c2b95c41d3c65b6a47aa90ad0ae654\">\n                <img\n                    title=\"pruefjuni2013-060\"\n                    alt=\"pruefjuni2013-060\"\n                    src=\"http:\/\/www.karate-neuhofen.at\/wp-content\/gallery\/kyu-prufungen-sommer-2013\/thumbs\/thumbs_pruefjuni2013-060.jpg\"\n                    width=\"100\"\n                    height=\"44\"\n                    style=\"max-width:100%;\"\n                \/>\n            <\/a>\n        <\/div>\n\t\t\t\t\t\t\t<\/div> \n\t\t\t\n        \n\t\t\t\t<div id=\"ngg-image-27\" class=\"ngg-gallery-thumbnail-box\" >\n\t\t\t\t        <div class=\"ngg-gallery-thumbnail\">\n            <a href=\"http:\/\/www.karate-neuhofen.at\/wp-content\/gallery\/kyu-prufungen-sommer-2013\/pruefjuni2013-061.jpg\"\n               title=\"\"\n               data-src=\"http:\/\/www.karate-neuhofen.at\/wp-content\/gallery\/kyu-prufungen-sommer-2013\/pruefjuni2013-061.jpg\"\n               data-thumbnail=\"http:\/\/www.karate-neuhofen.at\/wp-content\/gallery\/kyu-prufungen-sommer-2013\/thumbs\/thumbs_pruefjuni2013-061.jpg\"\n               data-image-id=\"3174\"\n               data-title=\"pruefjuni2013-061\"\n               data-description=\"\"\n               data-image-slug=\"pruefjuni2013-061\"\n               class=\"shutterset_18c2b95c41d3c65b6a47aa90ad0ae654\">\n                <img\n                    title=\"pruefjuni2013-061\"\n                    alt=\"pruefjuni2013-061\"\n                    src=\"http:\/\/www.karate-neuhofen.at\/wp-content\/gallery\/kyu-prufungen-sommer-2013\/thumbs\/thumbs_pruefjuni2013-061.jpg\"\n                    width=\"100\"\n                    height=\"66\"\n                    style=\"max-width:100%;\"\n                \/>\n            <\/a>\n        <\/div>\n\t\t\t\t\t\t\t<\/div> \n\t\t\t\n        \n\t\t\t\t<div id=\"ngg-image-28\" class=\"ngg-gallery-thumbnail-box\" >\n\t\t\t\t        <div class=\"ngg-gallery-thumbnail\">\n            <a href=\"http:\/\/www.karate-neuhofen.at\/wp-content\/gallery\/kyu-prufungen-sommer-2013\/pruefjuni2013-062.jpg\"\n               title=\"\"\n               data-src=\"http:\/\/www.karate-neuhofen.at\/wp-content\/gallery\/kyu-prufungen-sommer-2013\/pruefjuni2013-062.jpg\"\n               data-thumbnail=\"http:\/\/www.karate-neuhofen.at\/wp-content\/gallery\/kyu-prufungen-sommer-2013\/thumbs\/thumbs_pruefjuni2013-062.jpg\"\n               data-image-id=\"3175\"\n               data-title=\"pruefjuni2013-062\"\n               data-description=\"\"\n               data-image-slug=\"pruefjuni2013-062\"\n               class=\"shutterset_18c2b95c41d3c65b6a47aa90ad0ae654\">\n                <img\n                    title=\"pruefjuni2013-062\"\n                    alt=\"pruefjuni2013-062\"\n                    src=\"http:\/\/www.karate-neuhofen.at\/wp-content\/gallery\/kyu-prufungen-sommer-2013\/thumbs\/thumbs_pruefjuni2013-062.jpg\"\n                    width=\"100\"\n                    height=\"61\"\n                    style=\"max-width:100%;\"\n                \/>\n            <\/a>\n        <\/div>\n\t\t\t\t\t\t\t<\/div> \n\t\t\t\n        \n\t\t\t\t<div id=\"ngg-image-29\" class=\"ngg-gallery-thumbnail-box\" >\n\t\t\t\t        <div class=\"ngg-gallery-thumbnail\">\n            <a href=\"http:\/\/www.karate-neuhofen.at\/wp-content\/gallery\/kyu-prufungen-sommer-2013\/pruefjuni2013-063.jpg\"\n               title=\"\"\n               data-src=\"http:\/\/www.karate-neuhofen.at\/wp-content\/gallery\/kyu-prufungen-sommer-2013\/pruefjuni2013-063.jpg\"\n               data-thumbnail=\"http:\/\/www.karate-neuhofen.at\/wp-content\/gallery\/kyu-prufungen-sommer-2013\/thumbs\/thumbs_pruefjuni2013-063.jpg\"\n               data-image-id=\"3176\"\n               data-title=\"pruefjuni2013-063\"\n               data-description=\"\"\n               data-image-slug=\"pruefjuni2013-063\"\n               class=\"shutterset_18c2b95c41d3c65b6a47aa90ad0ae654\">\n                <img\n                    title=\"pruefjuni2013-063\"\n                    alt=\"pruefjuni2013-063\"\n                    src=\"http:\/\/www.karate-neuhofen.at\/wp-content\/gallery\/kyu-prufungen-sommer-2013\/thumbs\/thumbs_pruefjuni2013-063.jpg\"\n                    width=\"100\"\n                    height=\"66\"\n                    style=\"max-width:100%;\"\n                \/>\n            <\/a>\n        <\/div>\n\t\t\t\t\t\t\t<\/div> \n\t\t\t\n        \n\t\t\t\t<div id=\"ngg-image-30\" class=\"ngg-gallery-thumbnail-box\" >\n\t\t\t\t        <div class=\"ngg-gallery-thumbnail\">\n            <a href=\"http:\/\/www.karate-neuhofen.at\/wp-content\/gallery\/kyu-prufungen-sommer-2013\/pruefjuni2013-066.jpg\"\n               title=\"\"\n               data-src=\"http:\/\/www.karate-neuhofen.at\/wp-content\/gallery\/kyu-prufungen-sommer-2013\/pruefjuni2013-066.jpg\"\n               data-thumbnail=\"http:\/\/www.karate-neuhofen.at\/wp-content\/gallery\/kyu-prufungen-sommer-2013\/thumbs\/thumbs_pruefjuni2013-066.jpg\"\n               data-image-id=\"3177\"\n               data-title=\"pruefjuni2013-066\"\n               data-description=\"\"\n               data-image-slug=\"pruefjuni2013-066\"\n               class=\"shutterset_18c2b95c41d3c65b6a47aa90ad0ae654\">\n                <img\n                    title=\"pruefjuni2013-066\"\n                    alt=\"pruefjuni2013-066\"\n                    src=\"http:\/\/www.karate-neuhofen.at\/wp-content\/gallery\/kyu-prufungen-sommer-2013\/thumbs\/thumbs_pruefjuni2013-066.jpg\"\n                    width=\"100\"\n                    height=\"70\"\n                    style=\"max-width:100%;\"\n                \/>\n            <\/a>\n        <\/div>\n\t\t\t\t\t\t\t<\/div> \n\t\t\t\n        \n\t\t\t\t<div id=\"ngg-image-31\" class=\"ngg-gallery-thumbnail-box\" >\n\t\t\t\t        <div class=\"ngg-gallery-thumbnail\">\n            <a href=\"http:\/\/www.karate-neuhofen.at\/wp-content\/gallery\/kyu-prufungen-sommer-2013\/pruefjuni2013-068.jpg\"\n               title=\"\"\n               data-src=\"http:\/\/www.karate-neuhofen.at\/wp-content\/gallery\/kyu-prufungen-sommer-2013\/pruefjuni2013-068.jpg\"\n               data-thumbnail=\"http:\/\/www.karate-neuhofen.at\/wp-content\/gallery\/kyu-prufungen-sommer-2013\/thumbs\/thumbs_pruefjuni2013-068.jpg\"\n               data-image-id=\"3178\"\n               data-title=\"pruefjuni2013-068\"\n               data-description=\"\"\n               data-image-slug=\"pruefjuni2013-068\"\n               class=\"shutterset_18c2b95c41d3c65b6a47aa90ad0ae654\">\n                <img\n                    title=\"pruefjuni2013-068\"\n                    alt=\"pruefjuni2013-068\"\n                    src=\"http:\/\/www.karate-neuhofen.at\/wp-content\/gallery\/kyu-prufungen-sommer-2013\/thumbs\/thumbs_pruefjuni2013-068.jpg\"\n                    width=\"100\"\n                    height=\"70\"\n                    style=\"max-width:100%;\"\n                \/>\n            <\/a>\n        <\/div>\n\t\t\t\t\t\t\t<\/div> \n\t\t\t\n        \n\t\t\t\t<div id=\"ngg-image-32\" class=\"ngg-gallery-thumbnail-box\" >\n\t\t\t\t        <div class=\"ngg-gallery-thumbnail\">\n            <a href=\"http:\/\/www.karate-neuhofen.at\/wp-content\/gallery\/kyu-prufungen-sommer-2013\/pruefjuni2013-069.jpg\"\n               title=\"\"\n               data-src=\"http:\/\/www.karate-neuhofen.at\/wp-content\/gallery\/kyu-prufungen-sommer-2013\/pruefjuni2013-069.jpg\"\n               data-thumbnail=\"http:\/\/www.karate-neuhofen.at\/wp-content\/gallery\/kyu-prufungen-sommer-2013\/thumbs\/thumbs_pruefjuni2013-069.jpg\"\n               data-image-id=\"3179\"\n               data-title=\"pruefjuni2013-069\"\n               data-description=\"\"\n               data-image-slug=\"pruefjuni2013-069\"\n               class=\"shutterset_18c2b95c41d3c65b6a47aa90ad0ae654\">\n                <img\n                    title=\"pruefjuni2013-069\"\n                    alt=\"pruefjuni2013-069\"\n                    src=\"http:\/\/www.karate-neuhofen.at\/wp-content\/gallery\/kyu-prufungen-sommer-2013\/thumbs\/thumbs_pruefjuni2013-069.jpg\"\n                    width=\"100\"\n                    height=\"64\"\n                    style=\"max-width:100%;\"\n                \/>\n            <\/a>\n        <\/div>\n\t\t\t\t\t\t\t<\/div> \n\t\t\t\n        \n\t\t\t\t<div id=\"ngg-image-33\" class=\"ngg-gallery-thumbnail-box\" >\n\t\t\t\t        <div class=\"ngg-gallery-thumbnail\">\n            <a href=\"http:\/\/www.karate-neuhofen.at\/wp-content\/gallery\/kyu-prufungen-sommer-2013\/pruefjuni2013-070.jpg\"\n               title=\"\"\n               data-src=\"http:\/\/www.karate-neuhofen.at\/wp-content\/gallery\/kyu-prufungen-sommer-2013\/pruefjuni2013-070.jpg\"\n               data-thumbnail=\"http:\/\/www.karate-neuhofen.at\/wp-content\/gallery\/kyu-prufungen-sommer-2013\/thumbs\/thumbs_pruefjuni2013-070.jpg\"\n               data-image-id=\"3180\"\n               data-title=\"pruefjuni2013-070\"\n               data-description=\"\"\n               data-image-slug=\"pruefjuni2013-070\"\n               class=\"shutterset_18c2b95c41d3c65b6a47aa90ad0ae654\">\n                <img\n                    title=\"pruefjuni2013-070\"\n                    alt=\"pruefjuni2013-070\"\n                    src=\"http:\/\/www.karate-neuhofen.at\/wp-content\/gallery\/kyu-prufungen-sommer-2013\/thumbs\/thumbs_pruefjuni2013-070.jpg\"\n                    width=\"100\"\n                    height=\"59\"\n                    style=\"max-width:100%;\"\n                \/>\n            <\/a>\n        <\/div>\n\t\t\t\t\t\t\t<\/div> \n\t\t\t\n        \n\t\t\t\t<div id=\"ngg-image-34\" class=\"ngg-gallery-thumbnail-box\" >\n\t\t\t\t        <div class=\"ngg-gallery-thumbnail\">\n            <a href=\"http:\/\/www.karate-neuhofen.at\/wp-content\/gallery\/kyu-prufungen-sommer-2013\/pruefjuni2013-071.jpg\"\n               title=\"\"\n               data-src=\"http:\/\/www.karate-neuhofen.at\/wp-content\/gallery\/kyu-prufungen-sommer-2013\/pruefjuni2013-071.jpg\"\n               data-thumbnail=\"http:\/\/www.karate-neuhofen.at\/wp-content\/gallery\/kyu-prufungen-sommer-2013\/thumbs\/thumbs_pruefjuni2013-071.jpg\"\n               data-image-id=\"3181\"\n               data-title=\"pruefjuni2013-071\"\n               data-description=\"\"\n               data-image-slug=\"pruefjuni2013-071\"\n               class=\"shutterset_18c2b95c41d3c65b6a47aa90ad0ae654\">\n                <img\n                    title=\"pruefjuni2013-071\"\n                    alt=\"pruefjuni2013-071\"\n                    src=\"http:\/\/www.karate-neuhofen.at\/wp-content\/gallery\/kyu-prufungen-sommer-2013\/thumbs\/thumbs_pruefjuni2013-071.jpg\"\n                    width=\"100\"\n                    height=\"66\"\n                    style=\"max-width:100%;\"\n                \/>\n            <\/a>\n        <\/div>\n\t\t\t\t\t\t\t<\/div> \n\t\t\t\n        \n\t\t\t\t<div id=\"ngg-image-35\" class=\"ngg-gallery-thumbnail-box\" >\n\t\t\t\t        <div class=\"ngg-gallery-thumbnail\">\n            <a href=\"http:\/\/www.karate-neuhofen.at\/wp-content\/gallery\/kyu-prufungen-sommer-2013\/pruefjuni2013-073.jpg\"\n               title=\"\"\n               data-src=\"http:\/\/www.karate-neuhofen.at\/wp-content\/gallery\/kyu-prufungen-sommer-2013\/pruefjuni2013-073.jpg\"\n               data-thumbnail=\"http:\/\/www.karate-neuhofen.at\/wp-content\/gallery\/kyu-prufungen-sommer-2013\/thumbs\/thumbs_pruefjuni2013-073.jpg\"\n               data-image-id=\"3182\"\n               data-title=\"pruefjuni2013-073\"\n               data-description=\"\"\n               data-image-slug=\"pruefjuni2013-073\"\n               class=\"shutterset_18c2b95c41d3c65b6a47aa90ad0ae654\">\n                <img\n                    title=\"pruefjuni2013-073\"\n                    alt=\"pruefjuni2013-073\"\n                    src=\"http:\/\/www.karate-neuhofen.at\/wp-content\/gallery\/kyu-prufungen-sommer-2013\/thumbs\/thumbs_pruefjuni2013-073.jpg\"\n                    width=\"59\"\n                    height=\"75\"\n                    style=\"max-width:100%;\"\n                \/>\n            <\/a>\n        <\/div>\n\t\t\t\t\t\t\t<\/div> \n\t\t\t\n        \n\t\t\t\t<div id=\"ngg-image-36\" class=\"ngg-gallery-thumbnail-box\" >\n\t\t\t\t        <div class=\"ngg-gallery-thumbnail\">\n            <a href=\"http:\/\/www.karate-neuhofen.at\/wp-content\/gallery\/kyu-prufungen-sommer-2013\/pruefjuni2013-076.jpg\"\n               title=\"\"\n               data-src=\"http:\/\/www.karate-neuhofen.at\/wp-content\/gallery\/kyu-prufungen-sommer-2013\/pruefjuni2013-076.jpg\"\n               data-thumbnail=\"http:\/\/www.karate-neuhofen.at\/wp-content\/gallery\/kyu-prufungen-sommer-2013\/thumbs\/thumbs_pruefjuni2013-076.jpg\"\n               data-image-id=\"3183\"\n               data-title=\"pruefjuni2013-076\"\n               data-description=\"\"\n               data-image-slug=\"pruefjuni2013-076\"\n               class=\"shutterset_18c2b95c41d3c65b6a47aa90ad0ae654\">\n                <img\n                    title=\"pruefjuni2013-076\"\n                    alt=\"pruefjuni2013-076\"\n                    src=\"http:\/\/www.karate-neuhofen.at\/wp-content\/gallery\/kyu-prufungen-sommer-2013\/thumbs\/thumbs_pruefjuni2013-076.jpg\"\n                    width=\"100\"\n                    height=\"58\"\n                    style=\"max-width:100%;\"\n                \/>\n            <\/a>\n        <\/div>\n\t\t\t\t\t\t\t<\/div> \n\t\t\t\n        \n\t\t\t\t<div id=\"ngg-image-37\" class=\"ngg-gallery-thumbnail-box\" >\n\t\t\t\t        <div class=\"ngg-gallery-thumbnail\">\n            <a href=\"http:\/\/www.karate-neuhofen.at\/wp-content\/gallery\/kyu-prufungen-sommer-2013\/pruefjuni2013-080.jpg\"\n               title=\"\"\n               data-src=\"http:\/\/www.karate-neuhofen.at\/wp-content\/gallery\/kyu-prufungen-sommer-2013\/pruefjuni2013-080.jpg\"\n               data-thumbnail=\"http:\/\/www.karate-neuhofen.at\/wp-content\/gallery\/kyu-prufungen-sommer-2013\/thumbs\/thumbs_pruefjuni2013-080.jpg\"\n               data-image-id=\"3184\"\n               data-title=\"pruefjuni2013-080\"\n               data-description=\"\"\n               data-image-slug=\"pruefjuni2013-080\"\n               class=\"shutterset_18c2b95c41d3c65b6a47aa90ad0ae654\">\n                <img\n                    title=\"pruefjuni2013-080\"\n                    alt=\"pruefjuni2013-080\"\n                    src=\"http:\/\/www.karate-neuhofen.at\/wp-content\/gallery\/kyu-prufungen-sommer-2013\/thumbs\/thumbs_pruefjuni2013-080.jpg\"\n                    width=\"100\"\n                    height=\"68\"\n                    style=\"max-width:100%;\"\n                \/>\n            <\/a>\n        <\/div>\n\t\t\t\t\t\t\t<\/div> \n\t\t\t\n        \n\t\t\t\t<div id=\"ngg-image-38\" class=\"ngg-gallery-thumbnail-box\" >\n\t\t\t\t        <div class=\"ngg-gallery-thumbnail\">\n            <a href=\"http:\/\/www.karate-neuhofen.at\/wp-content\/gallery\/kyu-prufungen-sommer-2013\/pruefjuni2013-081.jpg\"\n               title=\"\"\n               data-src=\"http:\/\/www.karate-neuhofen.at\/wp-content\/gallery\/kyu-prufungen-sommer-2013\/pruefjuni2013-081.jpg\"\n               data-thumbnail=\"http:\/\/www.karate-neuhofen.at\/wp-content\/gallery\/kyu-prufungen-sommer-2013\/thumbs\/thumbs_pruefjuni2013-081.jpg\"\n               data-image-id=\"3185\"\n               data-title=\"pruefjuni2013-081\"\n               data-description=\"\"\n               data-image-slug=\"pruefjuni2013-081\"\n               class=\"shutterset_18c2b95c41d3c65b6a47aa90ad0ae654\">\n                <img\n                    title=\"pruefjuni2013-081\"\n                    alt=\"pruefjuni2013-081\"\n                    src=\"http:\/\/www.karate-neuhofen.at\/wp-content\/gallery\/kyu-prufungen-sommer-2013\/thumbs\/thumbs_pruefjuni2013-081.jpg\"\n                    width=\"100\"\n                    height=\"66\"\n                    style=\"max-width:100%;\"\n                \/>\n            <\/a>\n        <\/div>\n\t\t\t\t\t\t\t<\/div> \n\t\t\t\n        \n\t\t\t\t<div id=\"ngg-image-39\" class=\"ngg-gallery-thumbnail-box\" >\n\t\t\t\t        <div class=\"ngg-gallery-thumbnail\">\n            <a href=\"http:\/\/www.karate-neuhofen.at\/wp-content\/gallery\/kyu-prufungen-sommer-2013\/pruefjuni2013-083.jpg\"\n               title=\"\"\n               data-src=\"http:\/\/www.karate-neuhofen.at\/wp-content\/gallery\/kyu-prufungen-sommer-2013\/pruefjuni2013-083.jpg\"\n               data-thumbnail=\"http:\/\/www.karate-neuhofen.at\/wp-content\/gallery\/kyu-prufungen-sommer-2013\/thumbs\/thumbs_pruefjuni2013-083.jpg\"\n               data-image-id=\"3186\"\n               data-title=\"pruefjuni2013-083\"\n               data-description=\"\"\n               data-image-slug=\"pruefjuni2013-083\"\n               class=\"shutterset_18c2b95c41d3c65b6a47aa90ad0ae654\">\n                <img\n                    title=\"pruefjuni2013-083\"\n                    alt=\"pruefjuni2013-083\"\n                    src=\"http:\/\/www.karate-neuhofen.at\/wp-content\/gallery\/kyu-prufungen-sommer-2013\/thumbs\/thumbs_pruefjuni2013-083.jpg\"\n                    width=\"100\"\n                    height=\"66\"\n                    style=\"max-width:100%;\"\n                \/>\n            <\/a>\n        <\/div>\n\t\t\t\t\t\t\t<\/div> \n\t\t\t\n        \n\t\t\t\t<div id=\"ngg-image-40\" class=\"ngg-gallery-thumbnail-box\" >\n\t\t\t\t        <div class=\"ngg-gallery-thumbnail\">\n            <a href=\"http:\/\/www.karate-neuhofen.at\/wp-content\/gallery\/kyu-prufungen-sommer-2013\/pruefjuni2013-084.jpg\"\n               title=\"\"\n               data-src=\"http:\/\/www.karate-neuhofen.at\/wp-content\/gallery\/kyu-prufungen-sommer-2013\/pruefjuni2013-084.jpg\"\n               data-thumbnail=\"http:\/\/www.karate-neuhofen.at\/wp-content\/gallery\/kyu-prufungen-sommer-2013\/thumbs\/thumbs_pruefjuni2013-084.jpg\"\n               data-image-id=\"3187\"\n               data-title=\"pruefjuni2013-084\"\n               data-description=\"\"\n               data-image-slug=\"pruefjuni2013-084\"\n               class=\"shutterset_18c2b95c41d3c65b6a47aa90ad0ae654\">\n                <img\n                    title=\"pruefjuni2013-084\"\n                    alt=\"pruefjuni2013-084\"\n                    src=\"http:\/\/www.karate-neuhofen.at\/wp-content\/gallery\/kyu-prufungen-sommer-2013\/thumbs\/thumbs_pruefjuni2013-084.jpg\"\n                    width=\"100\"\n                    height=\"66\"\n                    style=\"max-width:100%;\"\n                \/>\n            <\/a>\n        <\/div>\n\t\t\t\t\t\t\t<\/div> \n\t\t\t\n        \n\t\t\t\t<div id=\"ngg-image-41\" class=\"ngg-gallery-thumbnail-box\" >\n\t\t\t\t        <div class=\"ngg-gallery-thumbnail\">\n            <a href=\"http:\/\/www.karate-neuhofen.at\/wp-content\/gallery\/kyu-prufungen-sommer-2013\/pruefjuni2013-085.jpg\"\n               title=\"\"\n               data-src=\"http:\/\/www.karate-neuhofen.at\/wp-content\/gallery\/kyu-prufungen-sommer-2013\/pruefjuni2013-085.jpg\"\n               data-thumbnail=\"http:\/\/www.karate-neuhofen.at\/wp-content\/gallery\/kyu-prufungen-sommer-2013\/thumbs\/thumbs_pruefjuni2013-085.jpg\"\n               data-image-id=\"3188\"\n               data-title=\"pruefjuni2013-085\"\n               data-description=\"\"\n               data-image-slug=\"pruefjuni2013-085\"\n               class=\"shutterset_18c2b95c41d3c65b6a47aa90ad0ae654\">\n                <img\n                    title=\"pruefjuni2013-085\"\n                    alt=\"pruefjuni2013-085\"\n                    src=\"http:\/\/www.karate-neuhofen.at\/wp-content\/gallery\/kyu-prufungen-sommer-2013\/thumbs\/thumbs_pruefjuni2013-085.jpg\"\n                    width=\"100\"\n                    height=\"66\"\n                    style=\"max-width:100%;\"\n                \/>\n            <\/a>\n        <\/div>\n\t\t\t\t\t\t\t<\/div> \n\t\t\t\n        \n\t\t\t\t<div id=\"ngg-image-42\" class=\"ngg-gallery-thumbnail-box\" >\n\t\t\t\t        <div class=\"ngg-gallery-thumbnail\">\n            <a href=\"http:\/\/www.karate-neuhofen.at\/wp-content\/gallery\/kyu-prufungen-sommer-2013\/pruefjuni2013-086.jpg\"\n               title=\"\"\n               data-src=\"http:\/\/www.karate-neuhofen.at\/wp-content\/gallery\/kyu-prufungen-sommer-2013\/pruefjuni2013-086.jpg\"\n               data-thumbnail=\"http:\/\/www.karate-neuhofen.at\/wp-content\/gallery\/kyu-prufungen-sommer-2013\/thumbs\/thumbs_pruefjuni2013-086.jpg\"\n               data-image-id=\"3189\"\n               data-title=\"pruefjuni2013-086\"\n               data-description=\"\"\n               data-image-slug=\"pruefjuni2013-086\"\n               class=\"shutterset_18c2b95c41d3c65b6a47aa90ad0ae654\">\n                <img\n                    title=\"pruefjuni2013-086\"\n                    alt=\"pruefjuni2013-086\"\n                    src=\"http:\/\/www.karate-neuhofen.at\/wp-content\/gallery\/kyu-prufungen-sommer-2013\/thumbs\/thumbs_pruefjuni2013-086.jpg\"\n                    width=\"100\"\n                    height=\"66\"\n                    style=\"max-width:100%;\"\n                \/>\n            <\/a>\n        <\/div>\n\t\t\t\t\t\t\t<\/div> \n\t\t\t\n        \n\t\t\t\t<div id=\"ngg-image-43\" class=\"ngg-gallery-thumbnail-box\" >\n\t\t\t\t        <div class=\"ngg-gallery-thumbnail\">\n            <a href=\"http:\/\/www.karate-neuhofen.at\/wp-content\/gallery\/kyu-prufungen-sommer-2013\/pruefjuni2013-091.jpg\"\n               title=\"\"\n               data-src=\"http:\/\/www.karate-neuhofen.at\/wp-content\/gallery\/kyu-prufungen-sommer-2013\/pruefjuni2013-091.jpg\"\n               data-thumbnail=\"http:\/\/www.karate-neuhofen.at\/wp-content\/gallery\/kyu-prufungen-sommer-2013\/thumbs\/thumbs_pruefjuni2013-091.jpg\"\n               data-image-id=\"3190\"\n               data-title=\"pruefjuni2013-091\"\n               data-description=\"\"\n               data-image-slug=\"pruefjuni2013-091\"\n               class=\"shutterset_18c2b95c41d3c65b6a47aa90ad0ae654\">\n                <img\n                    title=\"pruefjuni2013-091\"\n                    alt=\"pruefjuni2013-091\"\n                    src=\"http:\/\/www.karate-neuhofen.at\/wp-content\/gallery\/kyu-prufungen-sommer-2013\/thumbs\/thumbs_pruefjuni2013-091.jpg\"\n                    width=\"100\"\n                    height=\"50\"\n                    style=\"max-width:100%;\"\n                \/>\n            <\/a>\n        <\/div>\n\t\t\t\t\t\t\t<\/div> \n\t\t\t\n        \n\t\t\t\t<div id=\"ngg-image-44\" class=\"ngg-gallery-thumbnail-box\" >\n\t\t\t\t        <div class=\"ngg-gallery-thumbnail\">\n            <a href=\"http:\/\/www.karate-neuhofen.at\/wp-content\/gallery\/kyu-prufungen-sommer-2013\/pruefjuni2013-092.jpg\"\n               title=\"\"\n               data-src=\"http:\/\/www.karate-neuhofen.at\/wp-content\/gallery\/kyu-prufungen-sommer-2013\/pruefjuni2013-092.jpg\"\n               data-thumbnail=\"http:\/\/www.karate-neuhofen.at\/wp-content\/gallery\/kyu-prufungen-sommer-2013\/thumbs\/thumbs_pruefjuni2013-092.jpg\"\n               data-image-id=\"3191\"\n               data-title=\"pruefjuni2013-092\"\n               data-description=\"\"\n               data-image-slug=\"pruefjuni2013-092\"\n               class=\"shutterset_18c2b95c41d3c65b6a47aa90ad0ae654\">\n                <img\n                    title=\"pruefjuni2013-092\"\n                    alt=\"pruefjuni2013-092\"\n                    src=\"http:\/\/www.karate-neuhofen.at\/wp-content\/gallery\/kyu-prufungen-sommer-2013\/thumbs\/thumbs_pruefjuni2013-092.jpg\"\n                    width=\"100\"\n                    height=\"49\"\n                    style=\"max-width:100%;\"\n                \/>\n            <\/a>\n        <\/div>\n\t\t\t\t\t\t\t<\/div> \n\t\t\t\n        \n\t\t\t\t<div id=\"ngg-image-45\" class=\"ngg-gallery-thumbnail-box\" >\n\t\t\t\t        <div class=\"ngg-gallery-thumbnail\">\n            <a href=\"http:\/\/www.karate-neuhofen.at\/wp-content\/gallery\/kyu-prufungen-sommer-2013\/pruefjuni2013-094.jpg\"\n               title=\"\"\n               data-src=\"http:\/\/www.karate-neuhofen.at\/wp-content\/gallery\/kyu-prufungen-sommer-2013\/pruefjuni2013-094.jpg\"\n               data-thumbnail=\"http:\/\/www.karate-neuhofen.at\/wp-content\/gallery\/kyu-prufungen-sommer-2013\/thumbs\/thumbs_pruefjuni2013-094.jpg\"\n               data-image-id=\"3192\"\n               data-title=\"pruefjuni2013-094\"\n               data-description=\"\"\n               data-image-slug=\"pruefjuni2013-094\"\n               class=\"shutterset_18c2b95c41d3c65b6a47aa90ad0ae654\">\n                <img\n                    title=\"pruefjuni2013-094\"\n                    alt=\"pruefjuni2013-094\"\n                    src=\"http:\/\/www.karate-neuhofen.at\/wp-content\/gallery\/kyu-prufungen-sommer-2013\/thumbs\/thumbs_pruefjuni2013-094.jpg\"\n                    width=\"100\"\n                    height=\"40\"\n                    style=\"max-width:100%;\"\n                \/>\n            <\/a>\n        <\/div>\n\t\t\t\t\t\t\t<\/div> \n\t\t\t\n        \n\t\t\t\t<div id=\"ngg-image-46\" class=\"ngg-gallery-thumbnail-box\" >\n\t\t\t\t        <div class=\"ngg-gallery-thumbnail\">\n            <a href=\"http:\/\/www.karate-neuhofen.at\/wp-content\/gallery\/kyu-prufungen-sommer-2013\/pruefjuni2013-095.jpg\"\n               title=\"\"\n               data-src=\"http:\/\/www.karate-neuhofen.at\/wp-content\/gallery\/kyu-prufungen-sommer-2013\/pruefjuni2013-095.jpg\"\n               data-thumbnail=\"http:\/\/www.karate-neuhofen.at\/wp-content\/gallery\/kyu-prufungen-sommer-2013\/thumbs\/thumbs_pruefjuni2013-095.jpg\"\n               data-image-id=\"3193\"\n               data-title=\"pruefjuni2013-095\"\n               data-description=\"\"\n               data-image-slug=\"pruefjuni2013-095\"\n               class=\"shutterset_18c2b95c41d3c65b6a47aa90ad0ae654\">\n                <img\n                    title=\"pruefjuni2013-095\"\n                    alt=\"pruefjuni2013-095\"\n                    src=\"http:\/\/www.karate-neuhofen.at\/wp-content\/gallery\/kyu-prufungen-sommer-2013\/thumbs\/thumbs_pruefjuni2013-095.jpg\"\n                    width=\"100\"\n                    height=\"37\"\n                    style=\"max-width:100%;\"\n                \/>\n            <\/a>\n        <\/div>\n\t\t\t\t\t\t\t<\/div> \n\t\t\t\n        \n\t\t\t\t<div id=\"ngg-image-47\" class=\"ngg-gallery-thumbnail-box\" >\n\t\t\t\t        <div class=\"ngg-gallery-thumbnail\">\n            <a href=\"http:\/\/www.karate-neuhofen.at\/wp-content\/gallery\/kyu-prufungen-sommer-2013\/pruefjuni2013-096.jpg\"\n               title=\"\"\n               data-src=\"http:\/\/www.karate-neuhofen.at\/wp-content\/gallery\/kyu-prufungen-sommer-2013\/pruefjuni2013-096.jpg\"\n               data-thumbnail=\"http:\/\/www.karate-neuhofen.at\/wp-content\/gallery\/kyu-prufungen-sommer-2013\/thumbs\/thumbs_pruefjuni2013-096.jpg\"\n               data-image-id=\"3194\"\n               data-title=\"pruefjuni2013-096\"\n               data-description=\"\"\n               data-image-slug=\"pruefjuni2013-096\"\n               class=\"shutterset_18c2b95c41d3c65b6a47aa90ad0ae654\">\n                <img\n                    title=\"pruefjuni2013-096\"\n                    alt=\"pruefjuni2013-096\"\n                    src=\"http:\/\/www.karate-neuhofen.at\/wp-content\/gallery\/kyu-prufungen-sommer-2013\/thumbs\/thumbs_pruefjuni2013-096.jpg\"\n                    width=\"100\"\n                    height=\"60\"\n                    style=\"max-width:100%;\"\n                \/>\n            <\/a>\n        <\/div>\n\t\t\t\t\t\t\t<\/div> \n\t\t\t\n        \n\t\t\t\t<div id=\"ngg-image-48\" class=\"ngg-gallery-thumbnail-box\" >\n\t\t\t\t        <div class=\"ngg-gallery-thumbnail\">\n            <a href=\"http:\/\/www.karate-neuhofen.at\/wp-content\/gallery\/kyu-prufungen-sommer-2013\/pruefjuni2013-098.jpg\"\n               title=\"\"\n               data-src=\"http:\/\/www.karate-neuhofen.at\/wp-content\/gallery\/kyu-prufungen-sommer-2013\/pruefjuni2013-098.jpg\"\n               data-thumbnail=\"http:\/\/www.karate-neuhofen.at\/wp-content\/gallery\/kyu-prufungen-sommer-2013\/thumbs\/thumbs_pruefjuni2013-098.jpg\"\n               data-image-id=\"3195\"\n               data-title=\"pruefjuni2013-098\"\n               data-description=\"\"\n               data-image-slug=\"pruefjuni2013-098\"\n               class=\"shutterset_18c2b95c41d3c65b6a47aa90ad0ae654\">\n                <img\n                    title=\"pruefjuni2013-098\"\n                    alt=\"pruefjuni2013-098\"\n                    src=\"http:\/\/www.karate-neuhofen.at\/wp-content\/gallery\/kyu-prufungen-sommer-2013\/thumbs\/thumbs_pruefjuni2013-098.jpg\"\n                    width=\"100\"\n                    height=\"66\"\n                    style=\"max-width:100%;\"\n                \/>\n            <\/a>\n        <\/div>\n\t\t\t\t\t\t\t<\/div> \n\t\t\t\n        \n\t\t\t\t<div id=\"ngg-image-49\" class=\"ngg-gallery-thumbnail-box\" >\n\t\t\t\t        <div class=\"ngg-gallery-thumbnail\">\n            <a href=\"http:\/\/www.karate-neuhofen.at\/wp-content\/gallery\/kyu-prufungen-sommer-2013\/pruefjuni2013-099.jpg\"\n               title=\"\"\n               data-src=\"http:\/\/www.karate-neuhofen.at\/wp-content\/gallery\/kyu-prufungen-sommer-2013\/pruefjuni2013-099.jpg\"\n               data-thumbnail=\"http:\/\/www.karate-neuhofen.at\/wp-content\/gallery\/kyu-prufungen-sommer-2013\/thumbs\/thumbs_pruefjuni2013-099.jpg\"\n               data-image-id=\"3196\"\n               data-title=\"pruefjuni2013-099\"\n               data-description=\"\"\n               data-image-slug=\"pruefjuni2013-099\"\n               class=\"shutterset_18c2b95c41d3c65b6a47aa90ad0ae654\">\n                <img\n                    title=\"pruefjuni2013-099\"\n                    alt=\"pruefjuni2013-099\"\n                    src=\"http:\/\/www.karate-neuhofen.at\/wp-content\/gallery\/kyu-prufungen-sommer-2013\/thumbs\/thumbs_pruefjuni2013-099.jpg\"\n                    width=\"100\"\n                    height=\"60\"\n                    style=\"max-width:100%;\"\n                \/>\n            <\/a>\n        <\/div>\n\t\t\t\t\t\t\t<\/div> \n\t\t\t\n        \n\t\t\t\t<div id=\"ngg-image-50\" class=\"ngg-gallery-thumbnail-box\" >\n\t\t\t\t        <div class=\"ngg-gallery-thumbnail\">\n            <a href=\"http:\/\/www.karate-neuhofen.at\/wp-content\/gallery\/kyu-prufungen-sommer-2013\/pruefjuni2013-100.jpg\"\n               title=\"\"\n               data-src=\"http:\/\/www.karate-neuhofen.at\/wp-content\/gallery\/kyu-prufungen-sommer-2013\/pruefjuni2013-100.jpg\"\n               data-thumbnail=\"http:\/\/www.karate-neuhofen.at\/wp-content\/gallery\/kyu-prufungen-sommer-2013\/thumbs\/thumbs_pruefjuni2013-100.jpg\"\n               data-image-id=\"3197\"\n               data-title=\"pruefjuni2013-100\"\n               data-description=\"\"\n               data-image-slug=\"pruefjuni2013-100\"\n               class=\"shutterset_18c2b95c41d3c65b6a47aa90ad0ae654\">\n                <img\n                    title=\"pruefjuni2013-100\"\n                    alt=\"pruefjuni2013-100\"\n                    src=\"http:\/\/www.karate-neuhofen.at\/wp-content\/gallery\/kyu-prufungen-sommer-2013\/thumbs\/thumbs_pruefjuni2013-100.jpg\"\n                    width=\"100\"\n                    height=\"60\"\n                    style=\"max-width:100%;\"\n                \/>\n            <\/a>\n        <\/div>\n\t\t\t\t\t\t\t<\/div> \n\t\t\t\n        \n\t\t\t\t<div id=\"ngg-image-51\" class=\"ngg-gallery-thumbnail-box\" >\n\t\t\t\t        <div class=\"ngg-gallery-thumbnail\">\n            <a href=\"http:\/\/www.karate-neuhofen.at\/wp-content\/gallery\/kyu-prufungen-sommer-2013\/pruefjuni2013-102.jpg\"\n               title=\"\"\n               data-src=\"http:\/\/www.karate-neuhofen.at\/wp-content\/gallery\/kyu-prufungen-sommer-2013\/pruefjuni2013-102.jpg\"\n               data-thumbnail=\"http:\/\/www.karate-neuhofen.at\/wp-content\/gallery\/kyu-prufungen-sommer-2013\/thumbs\/thumbs_pruefjuni2013-102.jpg\"\n               data-image-id=\"3198\"\n               data-title=\"pruefjuni2013-102\"\n               data-description=\"\"\n               data-image-slug=\"pruefjuni2013-102\"\n               class=\"shutterset_18c2b95c41d3c65b6a47aa90ad0ae654\">\n                <img\n                    title=\"pruefjuni2013-102\"\n                    alt=\"pruefjuni2013-102\"\n                    src=\"http:\/\/www.karate-neuhofen.at\/wp-content\/gallery\/kyu-prufungen-sommer-2013\/thumbs\/thumbs_pruefjuni2013-102.jpg\"\n                    width=\"100\"\n                    height=\"69\"\n                    style=\"max-width:100%;\"\n                \/>\n            <\/a>\n        <\/div>\n\t\t\t\t\t\t\t<\/div> \n\t\t\t\n        \n\t\t\t\t<div id=\"ngg-image-52\" class=\"ngg-gallery-thumbnail-box\" >\n\t\t\t\t        <div class=\"ngg-gallery-thumbnail\">\n            <a href=\"http:\/\/www.karate-neuhofen.at\/wp-content\/gallery\/kyu-prufungen-sommer-2013\/pruefjuni2013-103.jpg\"\n               title=\"\"\n               data-src=\"http:\/\/www.karate-neuhofen.at\/wp-content\/gallery\/kyu-prufungen-sommer-2013\/pruefjuni2013-103.jpg\"\n               data-thumbnail=\"http:\/\/www.karate-neuhofen.at\/wp-content\/gallery\/kyu-prufungen-sommer-2013\/thumbs\/thumbs_pruefjuni2013-103.jpg\"\n               data-image-id=\"3199\"\n               data-title=\"pruefjuni2013-103\"\n               data-description=\"\"\n               data-image-slug=\"pruefjuni2013-103\"\n               class=\"shutterset_18c2b95c41d3c65b6a47aa90ad0ae654\">\n                <img\n                    title=\"pruefjuni2013-103\"\n                    alt=\"pruefjuni2013-103\"\n                    src=\"http:\/\/www.karate-neuhofen.at\/wp-content\/gallery\/kyu-prufungen-sommer-2013\/thumbs\/thumbs_pruefjuni2013-103.jpg\"\n                    width=\"100\"\n                    height=\"71\"\n                    style=\"max-width:100%;\"\n                \/>\n            <\/a>\n        <\/div>\n\t\t\t\t\t\t\t<\/div> \n\t\t\t\n        \n\t\t\t\t<div id=\"ngg-image-53\" class=\"ngg-gallery-thumbnail-box\" >\n\t\t\t\t        <div class=\"ngg-gallery-thumbnail\">\n            <a href=\"http:\/\/www.karate-neuhofen.at\/wp-content\/gallery\/kyu-prufungen-sommer-2013\/pruefjuni2013-106.jpg\"\n               title=\"\"\n               data-src=\"http:\/\/www.karate-neuhofen.at\/wp-content\/gallery\/kyu-prufungen-sommer-2013\/pruefjuni2013-106.jpg\"\n               data-thumbnail=\"http:\/\/www.karate-neuhofen.at\/wp-content\/gallery\/kyu-prufungen-sommer-2013\/thumbs\/thumbs_pruefjuni2013-106.jpg\"\n               data-image-id=\"3200\"\n               data-title=\"pruefjuni2013-106\"\n               data-description=\"\"\n               data-image-slug=\"pruefjuni2013-106\"\n               class=\"shutterset_18c2b95c41d3c65b6a47aa90ad0ae654\">\n                <img\n                    title=\"pruefjuni2013-106\"\n                    alt=\"pruefjuni2013-106\"\n                    src=\"http:\/\/www.karate-neuhofen.at\/wp-content\/gallery\/kyu-prufungen-sommer-2013\/thumbs\/thumbs_pruefjuni2013-106.jpg\"\n                    width=\"100\"\n                    height=\"68\"\n                    style=\"max-width:100%;\"\n                \/>\n            <\/a>\n        <\/div>\n\t\t\t\t\t\t\t<\/div> \n\t\t\t\n        \n\t\t\t\t<div id=\"ngg-image-54\" class=\"ngg-gallery-thumbnail-box\" >\n\t\t\t\t        <div class=\"ngg-gallery-thumbnail\">\n            <a href=\"http:\/\/www.karate-neuhofen.at\/wp-content\/gallery\/kyu-prufungen-sommer-2013\/pruefjuni2013-107.jpg\"\n               title=\"\"\n               data-src=\"http:\/\/www.karate-neuhofen.at\/wp-content\/gallery\/kyu-prufungen-sommer-2013\/pruefjuni2013-107.jpg\"\n               data-thumbnail=\"http:\/\/www.karate-neuhofen.at\/wp-content\/gallery\/kyu-prufungen-sommer-2013\/thumbs\/thumbs_pruefjuni2013-107.jpg\"\n               data-image-id=\"3201\"\n               data-title=\"pruefjuni2013-107\"\n               data-description=\"\"\n               data-image-slug=\"pruefjuni2013-107\"\n               class=\"shutterset_18c2b95c41d3c65b6a47aa90ad0ae654\">\n                <img\n                    title=\"pruefjuni2013-107\"\n                    alt=\"pruefjuni2013-107\"\n                    src=\"http:\/\/www.karate-neuhofen.at\/wp-content\/gallery\/kyu-prufungen-sommer-2013\/thumbs\/thumbs_pruefjuni2013-107.jpg\"\n                    width=\"100\"\n                    height=\"69\"\n                    style=\"max-width:100%;\"\n                \/>\n            <\/a>\n        <\/div>\n\t\t\t\t\t\t\t<\/div> \n\t\t\t\n        \n\t\t\t\t<div id=\"ngg-image-55\" class=\"ngg-gallery-thumbnail-box\" >\n\t\t\t\t        <div class=\"ngg-gallery-thumbnail\">\n            <a href=\"http:\/\/www.karate-neuhofen.at\/wp-content\/gallery\/kyu-prufungen-sommer-2013\/pruefjuni2013-108.jpg\"\n               title=\"\"\n               data-src=\"http:\/\/www.karate-neuhofen.at\/wp-content\/gallery\/kyu-prufungen-sommer-2013\/pruefjuni2013-108.jpg\"\n               data-thumbnail=\"http:\/\/www.karate-neuhofen.at\/wp-content\/gallery\/kyu-prufungen-sommer-2013\/thumbs\/thumbs_pruefjuni2013-108.jpg\"\n               data-image-id=\"3202\"\n               data-title=\"pruefjuni2013-108\"\n               data-description=\"\"\n               data-image-slug=\"pruefjuni2013-108\"\n               class=\"shutterset_18c2b95c41d3c65b6a47aa90ad0ae654\">\n                <img\n                    title=\"pruefjuni2013-108\"\n                    alt=\"pruefjuni2013-108\"\n                    src=\"http:\/\/www.karate-neuhofen.at\/wp-content\/gallery\/kyu-prufungen-sommer-2013\/thumbs\/thumbs_pruefjuni2013-108.jpg\"\n                    width=\"100\"\n                    height=\"55\"\n                    style=\"max-width:100%;\"\n                \/>\n            <\/a>\n        <\/div>\n\t\t\t\t\t\t\t<\/div> \n\t\t\t\n        \n\t\t\t\t<div id=\"ngg-image-56\" class=\"ngg-gallery-thumbnail-box\" >\n\t\t\t\t        <div class=\"ngg-gallery-thumbnail\">\n            <a href=\"http:\/\/www.karate-neuhofen.at\/wp-content\/gallery\/kyu-prufungen-sommer-2013\/pruefjuni2013-110.jpg\"\n               title=\"\"\n               data-src=\"http:\/\/www.karate-neuhofen.at\/wp-content\/gallery\/kyu-prufungen-sommer-2013\/pruefjuni2013-110.jpg\"\n               data-thumbnail=\"http:\/\/www.karate-neuhofen.at\/wp-content\/gallery\/kyu-prufungen-sommer-2013\/thumbs\/thumbs_pruefjuni2013-110.jpg\"\n               data-image-id=\"3203\"\n               data-title=\"pruefjuni2013-110\"\n               data-description=\"\"\n               data-image-slug=\"pruefjuni2013-110\"\n               class=\"shutterset_18c2b95c41d3c65b6a47aa90ad0ae654\">\n                <img\n                    title=\"pruefjuni2013-110\"\n                    alt=\"pruefjuni2013-110\"\n                    src=\"http:\/\/www.karate-neuhofen.at\/wp-content\/gallery\/kyu-prufungen-sommer-2013\/thumbs\/thumbs_pruefjuni2013-110.jpg\"\n                    width=\"100\"\n                    height=\"66\"\n                    style=\"max-width:100%;\"\n                \/>\n            <\/a>\n        <\/div>\n\t\t\t\t\t\t\t<\/div> \n\t\t\t\n        \n\t\t\t\t<div id=\"ngg-image-57\" class=\"ngg-gallery-thumbnail-box\" >\n\t\t\t\t        <div class=\"ngg-gallery-thumbnail\">\n            <a href=\"http:\/\/www.karate-neuhofen.at\/wp-content\/gallery\/kyu-prufungen-sommer-2013\/pruefjuni2013-111.jpg\"\n               title=\"\"\n               data-src=\"http:\/\/www.karate-neuhofen.at\/wp-content\/gallery\/kyu-prufungen-sommer-2013\/pruefjuni2013-111.jpg\"\n               data-thumbnail=\"http:\/\/www.karate-neuhofen.at\/wp-content\/gallery\/kyu-prufungen-sommer-2013\/thumbs\/thumbs_pruefjuni2013-111.jpg\"\n               data-image-id=\"3204\"\n               data-title=\"pruefjuni2013-111\"\n               data-description=\"\"\n               data-image-slug=\"pruefjuni2013-111\"\n               class=\"shutterset_18c2b95c41d3c65b6a47aa90ad0ae654\">\n                <img\n                    title=\"pruefjuni2013-111\"\n                    alt=\"pruefjuni2013-111\"\n                    src=\"http:\/\/www.karate-neuhofen.at\/wp-content\/gallery\/kyu-prufungen-sommer-2013\/thumbs\/thumbs_pruefjuni2013-111.jpg\"\n                    width=\"100\"\n                    height=\"58\"\n                    style=\"max-width:100%;\"\n                \/>\n            <\/a>\n        <\/div>\n\t\t\t\t\t\t\t<\/div> \n\t\t\t\n        \n\t\t\t\t<div id=\"ngg-image-58\" class=\"ngg-gallery-thumbnail-box\" >\n\t\t\t\t        <div class=\"ngg-gallery-thumbnail\">\n            <a href=\"http:\/\/www.karate-neuhofen.at\/wp-content\/gallery\/kyu-prufungen-sommer-2013\/pruefjuni2013-112.jpg\"\n               title=\"\"\n               data-src=\"http:\/\/www.karate-neuhofen.at\/wp-content\/gallery\/kyu-prufungen-sommer-2013\/pruefjuni2013-112.jpg\"\n               data-thumbnail=\"http:\/\/www.karate-neuhofen.at\/wp-content\/gallery\/kyu-prufungen-sommer-2013\/thumbs\/thumbs_pruefjuni2013-112.jpg\"\n               data-image-id=\"3205\"\n               data-title=\"pruefjuni2013-112\"\n               data-description=\"\"\n               data-image-slug=\"pruefjuni2013-112\"\n               class=\"shutterset_18c2b95c41d3c65b6a47aa90ad0ae654\">\n                <img\n                    title=\"pruefjuni2013-112\"\n                    alt=\"pruefjuni2013-112\"\n                    src=\"http:\/\/www.karate-neuhofen.at\/wp-content\/gallery\/kyu-prufungen-sommer-2013\/thumbs\/thumbs_pruefjuni2013-112.jpg\"\n                    width=\"100\"\n                    height=\"64\"\n                    style=\"max-width:100%;\"\n                \/>\n            <\/a>\n        <\/div>\n\t\t\t\t\t\t\t<\/div> \n\t\t\t\n        \n\t\t\t\t<div id=\"ngg-image-59\" class=\"ngg-gallery-thumbnail-box\" >\n\t\t\t\t        <div class=\"ngg-gallery-thumbnail\">\n            <a href=\"http:\/\/www.karate-neuhofen.at\/wp-content\/gallery\/kyu-prufungen-sommer-2013\/pruefjuni2013-113.jpg\"\n               title=\"\"\n               data-src=\"http:\/\/www.karate-neuhofen.at\/wp-content\/gallery\/kyu-prufungen-sommer-2013\/pruefjuni2013-113.jpg\"\n               data-thumbnail=\"http:\/\/www.karate-neuhofen.at\/wp-content\/gallery\/kyu-prufungen-sommer-2013\/thumbs\/thumbs_pruefjuni2013-113.jpg\"\n               data-image-id=\"3206\"\n               data-title=\"pruefjuni2013-113\"\n               data-description=\"\"\n               data-image-slug=\"pruefjuni2013-113\"\n               class=\"shutterset_18c2b95c41d3c65b6a47aa90ad0ae654\">\n                <img\n                    title=\"pruefjuni2013-113\"\n                    alt=\"pruefjuni2013-113\"\n                    src=\"http:\/\/www.karate-neuhofen.at\/wp-content\/gallery\/kyu-prufungen-sommer-2013\/thumbs\/thumbs_pruefjuni2013-113.jpg\"\n                    width=\"100\"\n                    height=\"66\"\n                    style=\"max-width:100%;\"\n                \/>\n            <\/a>\n        <\/div>\n\t\t\t\t\t\t\t<\/div> \n\t\t\t\n        \n\t\t\t\t<div id=\"ngg-image-60\" class=\"ngg-gallery-thumbnail-box\" >\n\t\t\t\t        <div class=\"ngg-gallery-thumbnail\">\n            <a href=\"http:\/\/www.karate-neuhofen.at\/wp-content\/gallery\/kyu-prufungen-sommer-2013\/pruefjuni2013-114.jpg\"\n               title=\"\"\n               data-src=\"http:\/\/www.karate-neuhofen.at\/wp-content\/gallery\/kyu-prufungen-sommer-2013\/pruefjuni2013-114.jpg\"\n               data-thumbnail=\"http:\/\/www.karate-neuhofen.at\/wp-content\/gallery\/kyu-prufungen-sommer-2013\/thumbs\/thumbs_pruefjuni2013-114.jpg\"\n               data-image-id=\"3207\"\n               data-title=\"pruefjuni2013-114\"\n               data-description=\"\"\n               data-image-slug=\"pruefjuni2013-114\"\n               class=\"shutterset_18c2b95c41d3c65b6a47aa90ad0ae654\">\n                <img\n                    title=\"pruefjuni2013-114\"\n                    alt=\"pruefjuni2013-114\"\n                    src=\"http:\/\/www.karate-neuhofen.at\/wp-content\/gallery\/kyu-prufungen-sommer-2013\/thumbs\/thumbs_pruefjuni2013-114.jpg\"\n                    width=\"100\"\n                    height=\"66\"\n                    style=\"max-width:100%;\"\n                \/>\n            <\/a>\n        <\/div>\n\t\t\t\t\t\t\t<\/div> \n\t\t\t\n        \n\t\t\t\t<div id=\"ngg-image-61\" class=\"ngg-gallery-thumbnail-box\" >\n\t\t\t\t        <div class=\"ngg-gallery-thumbnail\">\n            <a href=\"http:\/\/www.karate-neuhofen.at\/wp-content\/gallery\/kyu-prufungen-sommer-2013\/pruefjuni2013-115.jpg\"\n               title=\"\"\n               data-src=\"http:\/\/www.karate-neuhofen.at\/wp-content\/gallery\/kyu-prufungen-sommer-2013\/pruefjuni2013-115.jpg\"\n               data-thumbnail=\"http:\/\/www.karate-neuhofen.at\/wp-content\/gallery\/kyu-prufungen-sommer-2013\/thumbs\/thumbs_pruefjuni2013-115.jpg\"\n               data-image-id=\"3208\"\n               data-title=\"pruefjuni2013-115\"\n               data-description=\"\"\n               data-image-slug=\"pruefjuni2013-115\"\n               class=\"shutterset_18c2b95c41d3c65b6a47aa90ad0ae654\">\n                <img\n                    title=\"pruefjuni2013-115\"\n                    alt=\"pruefjuni2013-115\"\n                    src=\"http:\/\/www.karate-neuhofen.at\/wp-content\/gallery\/kyu-prufungen-sommer-2013\/thumbs\/thumbs_pruefjuni2013-115.jpg\"\n                    width=\"100\"\n                    height=\"60\"\n                    style=\"max-width:100%;\"\n                \/>\n            <\/a>\n        <\/div>\n\t\t\t\t\t\t\t<\/div> \n\t\t\t\n        \n\t\t\t\t<div id=\"ngg-image-62\" class=\"ngg-gallery-thumbnail-box\" >\n\t\t\t\t        <div class=\"ngg-gallery-thumbnail\">\n            <a href=\"http:\/\/www.karate-neuhofen.at\/wp-content\/gallery\/kyu-prufungen-sommer-2013\/pruefjuni2013-116.jpg\"\n               title=\"\"\n               data-src=\"http:\/\/www.karate-neuhofen.at\/wp-content\/gallery\/kyu-prufungen-sommer-2013\/pruefjuni2013-116.jpg\"\n               data-thumbnail=\"http:\/\/www.karate-neuhofen.at\/wp-content\/gallery\/kyu-prufungen-sommer-2013\/thumbs\/thumbs_pruefjuni2013-116.jpg\"\n               data-image-id=\"3209\"\n               data-title=\"pruefjuni2013-116\"\n               data-description=\"\"\n               data-image-slug=\"pruefjuni2013-116\"\n               class=\"shutterset_18c2b95c41d3c65b6a47aa90ad0ae654\">\n                <img\n                    title=\"pruefjuni2013-116\"\n                    alt=\"pruefjuni2013-116\"\n                    src=\"http:\/\/www.karate-neuhofen.at\/wp-content\/gallery\/kyu-prufungen-sommer-2013\/thumbs\/thumbs_pruefjuni2013-116.jpg\"\n                    width=\"100\"\n                    height=\"66\"\n                    style=\"max-width:100%;\"\n                \/>\n            <\/a>\n        <\/div>\n\t\t\t\t\t\t\t<\/div> \n\t\t\t\n        \n\t\t\t\t<div id=\"ngg-image-63\" class=\"ngg-gallery-thumbnail-box\" >\n\t\t\t\t        <div class=\"ngg-gallery-thumbnail\">\n            <a href=\"http:\/\/www.karate-neuhofen.at\/wp-content\/gallery\/kyu-prufungen-sommer-2013\/pruefjuni2013-119.jpg\"\n               title=\"\"\n               data-src=\"http:\/\/www.karate-neuhofen.at\/wp-content\/gallery\/kyu-prufungen-sommer-2013\/pruefjuni2013-119.jpg\"\n               data-thumbnail=\"http:\/\/www.karate-neuhofen.at\/wp-content\/gallery\/kyu-prufungen-sommer-2013\/thumbs\/thumbs_pruefjuni2013-119.jpg\"\n               data-image-id=\"3210\"\n               data-title=\"pruefjuni2013-119\"\n               data-description=\"\"\n               data-image-slug=\"pruefjuni2013-119\"\n               class=\"shutterset_18c2b95c41d3c65b6a47aa90ad0ae654\">\n                <img\n                    title=\"pruefjuni2013-119\"\n                    alt=\"pruefjuni2013-119\"\n                    src=\"http:\/\/www.karate-neuhofen.at\/wp-content\/gallery\/kyu-prufungen-sommer-2013\/thumbs\/thumbs_pruefjuni2013-119.jpg\"\n                    width=\"100\"\n                    height=\"66\"\n                    style=\"max-width:100%;\"\n                \/>\n            <\/a>\n        <\/div>\n\t\t\t\t\t\t\t<\/div> \n\t\t\t\n        \n\t\t\t\t<div id=\"ngg-image-64\" class=\"ngg-gallery-thumbnail-box\" >\n\t\t\t\t        <div class=\"ngg-gallery-thumbnail\">\n            <a href=\"http:\/\/www.karate-neuhofen.at\/wp-content\/gallery\/kyu-prufungen-sommer-2013\/pruefjuni2013-120.jpg\"\n               title=\"\"\n               data-src=\"http:\/\/www.karate-neuhofen.at\/wp-content\/gallery\/kyu-prufungen-sommer-2013\/pruefjuni2013-120.jpg\"\n               data-thumbnail=\"http:\/\/www.karate-neuhofen.at\/wp-content\/gallery\/kyu-prufungen-sommer-2013\/thumbs\/thumbs_pruefjuni2013-120.jpg\"\n               data-image-id=\"3211\"\n               data-title=\"pruefjuni2013-120\"\n               data-description=\"\"\n               data-image-slug=\"pruefjuni2013-120\"\n               class=\"shutterset_18c2b95c41d3c65b6a47aa90ad0ae654\">\n                <img\n                    title=\"pruefjuni2013-120\"\n                    alt=\"pruefjuni2013-120\"\n                    src=\"http:\/\/www.karate-neuhofen.at\/wp-content\/gallery\/kyu-prufungen-sommer-2013\/thumbs\/thumbs_pruefjuni2013-120.jpg\"\n                    width=\"100\"\n                    height=\"50\"\n                    style=\"max-width:100%;\"\n                \/>\n            <\/a>\n        <\/div>\n\t\t\t\t\t\t\t<\/div> \n\t\t\t\n        \n\t\t\t\t<div id=\"ngg-image-65\" class=\"ngg-gallery-thumbnail-box\" >\n\t\t\t\t        <div class=\"ngg-gallery-thumbnail\">\n            <a href=\"http:\/\/www.karate-neuhofen.at\/wp-content\/gallery\/kyu-prufungen-sommer-2013\/pruefjuni2013-122.jpg\"\n               title=\"\"\n               data-src=\"http:\/\/www.karate-neuhofen.at\/wp-content\/gallery\/kyu-prufungen-sommer-2013\/pruefjuni2013-122.jpg\"\n               data-thumbnail=\"http:\/\/www.karate-neuhofen.at\/wp-content\/gallery\/kyu-prufungen-sommer-2013\/thumbs\/thumbs_pruefjuni2013-122.jpg\"\n               data-image-id=\"3212\"\n               data-title=\"pruefjuni2013-122\"\n               data-description=\"\"\n               data-image-slug=\"pruefjuni2013-122\"\n               class=\"shutterset_18c2b95c41d3c65b6a47aa90ad0ae654\">\n                <img\n                    title=\"pruefjuni2013-122\"\n                    alt=\"pruefjuni2013-122\"\n                    src=\"http:\/\/www.karate-neuhofen.at\/wp-content\/gallery\/kyu-prufungen-sommer-2013\/thumbs\/thumbs_pruefjuni2013-122.jpg\"\n                    width=\"100\"\n                    height=\"63\"\n                    style=\"max-width:100%;\"\n                \/>\n            <\/a>\n        <\/div>\n\t\t\t\t\t\t\t<\/div> \n\t\t\t\n        \n\t\t\t\t<div id=\"ngg-image-66\" class=\"ngg-gallery-thumbnail-box\" >\n\t\t\t\t        <div class=\"ngg-gallery-thumbnail\">\n            <a href=\"http:\/\/www.karate-neuhofen.at\/wp-content\/gallery\/kyu-prufungen-sommer-2013\/pruefjuni2013-123.jpg\"\n               title=\"\"\n               data-src=\"http:\/\/www.karate-neuhofen.at\/wp-content\/gallery\/kyu-prufungen-sommer-2013\/pruefjuni2013-123.jpg\"\n               data-thumbnail=\"http:\/\/www.karate-neuhofen.at\/wp-content\/gallery\/kyu-prufungen-sommer-2013\/thumbs\/thumbs_pruefjuni2013-123.jpg\"\n               data-image-id=\"3213\"\n               data-title=\"pruefjuni2013-123\"\n               data-description=\"\"\n               data-image-slug=\"pruefjuni2013-123\"\n               class=\"shutterset_18c2b95c41d3c65b6a47aa90ad0ae654\">\n                <img\n                    title=\"pruefjuni2013-123\"\n                    alt=\"pruefjuni2013-123\"\n                    src=\"http:\/\/www.karate-neuhofen.at\/wp-content\/gallery\/kyu-prufungen-sommer-2013\/thumbs\/thumbs_pruefjuni2013-123.jpg\"\n                    width=\"100\"\n                    height=\"66\"\n                    style=\"max-width:100%;\"\n                \/>\n            <\/a>\n        <\/div>\n\t\t\t\t\t\t\t<\/div> \n\t\t\t\n        \n\t\t\t\t<div id=\"ngg-image-67\" class=\"ngg-gallery-thumbnail-box\" >\n\t\t\t\t        <div class=\"ngg-gallery-thumbnail\">\n            <a href=\"http:\/\/www.karate-neuhofen.at\/wp-content\/gallery\/kyu-prufungen-sommer-2013\/pruefjuni2013-124.jpg\"\n               title=\"\"\n               data-src=\"http:\/\/www.karate-neuhofen.at\/wp-content\/gallery\/kyu-prufungen-sommer-2013\/pruefjuni2013-124.jpg\"\n               data-thumbnail=\"http:\/\/www.karate-neuhofen.at\/wp-content\/gallery\/kyu-prufungen-sommer-2013\/thumbs\/thumbs_pruefjuni2013-124.jpg\"\n               data-image-id=\"3214\"\n               data-title=\"pruefjuni2013-124\"\n               data-description=\"\"\n               data-image-slug=\"pruefjuni2013-124\"\n               class=\"shutterset_18c2b95c41d3c65b6a47aa90ad0ae654\">\n                <img\n                    title=\"pruefjuni2013-124\"\n                    alt=\"pruefjuni2013-124\"\n                    src=\"http:\/\/www.karate-neuhofen.at\/wp-content\/gallery\/kyu-prufungen-sommer-2013\/thumbs\/thumbs_pruefjuni2013-124.jpg\"\n                    width=\"100\"\n                    height=\"66\"\n                    style=\"max-width:100%;\"\n                \/>\n            <\/a>\n        <\/div>\n\t\t\t\t\t\t\t<\/div> \n\t\t\t\n        \n\t\t\t\t<div id=\"ngg-image-68\" class=\"ngg-gallery-thumbnail-box\" >\n\t\t\t\t        <div class=\"ngg-gallery-thumbnail\">\n            <a href=\"http:\/\/www.karate-neuhofen.at\/wp-content\/gallery\/kyu-prufungen-sommer-2013\/pruefjuni2013-127.jpg\"\n               title=\"\"\n               data-src=\"http:\/\/www.karate-neuhofen.at\/wp-content\/gallery\/kyu-prufungen-sommer-2013\/pruefjuni2013-127.jpg\"\n               data-thumbnail=\"http:\/\/www.karate-neuhofen.at\/wp-content\/gallery\/kyu-prufungen-sommer-2013\/thumbs\/thumbs_pruefjuni2013-127.jpg\"\n               data-image-id=\"3215\"\n               data-title=\"pruefjuni2013-127\"\n               data-description=\"\"\n               data-image-slug=\"pruefjuni2013-127\"\n               class=\"shutterset_18c2b95c41d3c65b6a47aa90ad0ae654\">\n                <img\n                    title=\"pruefjuni2013-127\"\n                    alt=\"pruefjuni2013-127\"\n                    src=\"http:\/\/www.karate-neuhofen.at\/wp-content\/gallery\/kyu-prufungen-sommer-2013\/thumbs\/thumbs_pruefjuni2013-127.jpg\"\n                    width=\"100\"\n                    height=\"65\"\n                    style=\"max-width:100%;\"\n                \/>\n            <\/a>\n        <\/div>\n\t\t\t\t\t\t\t<\/div> \n\t\t\t\n        \n\t\t\t\t<div id=\"ngg-image-69\" class=\"ngg-gallery-thumbnail-box\" >\n\t\t\t\t        <div class=\"ngg-gallery-thumbnail\">\n            <a href=\"http:\/\/www.karate-neuhofen.at\/wp-content\/gallery\/kyu-prufungen-sommer-2013\/pruefjuni2013-128.jpg\"\n               title=\"\"\n               data-src=\"http:\/\/www.karate-neuhofen.at\/wp-content\/gallery\/kyu-prufungen-sommer-2013\/pruefjuni2013-128.jpg\"\n               data-thumbnail=\"http:\/\/www.karate-neuhofen.at\/wp-content\/gallery\/kyu-prufungen-sommer-2013\/thumbs\/thumbs_pruefjuni2013-128.jpg\"\n               data-image-id=\"3216\"\n               data-title=\"pruefjuni2013-128\"\n               data-description=\"\"\n               data-image-slug=\"pruefjuni2013-128\"\n               class=\"shutterset_18c2b95c41d3c65b6a47aa90ad0ae654\">\n                <img\n                    title=\"pruefjuni2013-128\"\n                    alt=\"pruefjuni2013-128\"\n                    src=\"http:\/\/www.karate-neuhofen.at\/wp-content\/gallery\/kyu-prufungen-sommer-2013\/thumbs\/thumbs_pruefjuni2013-128.jpg\"\n                    width=\"100\"\n                    height=\"60\"\n                    style=\"max-width:100%;\"\n                \/>\n            <\/a>\n        <\/div>\n\t\t\t\t\t\t\t<\/div> \n\t\t\t\n        \n\t\t\t\t<div id=\"ngg-image-70\" class=\"ngg-gallery-thumbnail-box\" >\n\t\t\t\t        <div class=\"ngg-gallery-thumbnail\">\n            <a href=\"http:\/\/www.karate-neuhofen.at\/wp-content\/gallery\/kyu-prufungen-sommer-2013\/pruefjuni2013-130.jpg\"\n               title=\"\"\n               data-src=\"http:\/\/www.karate-neuhofen.at\/wp-content\/gallery\/kyu-prufungen-sommer-2013\/pruefjuni2013-130.jpg\"\n               data-thumbnail=\"http:\/\/www.karate-neuhofen.at\/wp-content\/gallery\/kyu-prufungen-sommer-2013\/thumbs\/thumbs_pruefjuni2013-130.jpg\"\n               data-image-id=\"3217\"\n               data-title=\"pruefjuni2013-130\"\n               data-description=\"\"\n               data-image-slug=\"pruefjuni2013-130\"\n               class=\"shutterset_18c2b95c41d3c65b6a47aa90ad0ae654\">\n                <img\n                    title=\"pruefjuni2013-130\"\n                    alt=\"pruefjuni2013-130\"\n                    src=\"http:\/\/www.karate-neuhofen.at\/wp-content\/gallery\/kyu-prufungen-sommer-2013\/thumbs\/thumbs_pruefjuni2013-130.jpg\"\n                    width=\"100\"\n                    height=\"63\"\n                    style=\"max-width:100%;\"\n                \/>\n            <\/a>\n        <\/div>\n\t\t\t\t\t\t\t<\/div> \n\t\t\t\n        \n\t\t\t\t<div id=\"ngg-image-71\" class=\"ngg-gallery-thumbnail-box\" >\n\t\t\t\t        <div class=\"ngg-gallery-thumbnail\">\n            <a href=\"http:\/\/www.karate-neuhofen.at\/wp-content\/gallery\/kyu-prufungen-sommer-2013\/pruefjuni2013-131.jpg\"\n               title=\"\"\n               data-src=\"http:\/\/www.karate-neuhofen.at\/wp-content\/gallery\/kyu-prufungen-sommer-2013\/pruefjuni2013-131.jpg\"\n               data-thumbnail=\"http:\/\/www.karate-neuhofen.at\/wp-content\/gallery\/kyu-prufungen-sommer-2013\/thumbs\/thumbs_pruefjuni2013-131.jpg\"\n               data-image-id=\"3218\"\n               data-title=\"pruefjuni2013-131\"\n               data-description=\"\"\n               data-image-slug=\"pruefjuni2013-131\"\n               class=\"shutterset_18c2b95c41d3c65b6a47aa90ad0ae654\">\n                <img\n                    title=\"pruefjuni2013-131\"\n                    alt=\"pruefjuni2013-131\"\n                    src=\"http:\/\/www.karate-neuhofen.at\/wp-content\/gallery\/kyu-prufungen-sommer-2013\/thumbs\/thumbs_pruefjuni2013-131.jpg\"\n                    width=\"100\"\n                    height=\"66\"\n                    style=\"max-width:100%;\"\n                \/>\n            <\/a>\n        <\/div>\n\t\t\t\t\t\t\t<\/div> \n\t\t\t\n        \n\t\t\t\t<div id=\"ngg-image-72\" class=\"ngg-gallery-thumbnail-box\" >\n\t\t\t\t        <div class=\"ngg-gallery-thumbnail\">\n            <a href=\"http:\/\/www.karate-neuhofen.at\/wp-content\/gallery\/kyu-prufungen-sommer-2013\/pruefjuni2013-133.jpg\"\n               title=\"\"\n               data-src=\"http:\/\/www.karate-neuhofen.at\/wp-content\/gallery\/kyu-prufungen-sommer-2013\/pruefjuni2013-133.jpg\"\n               data-thumbnail=\"http:\/\/www.karate-neuhofen.at\/wp-content\/gallery\/kyu-prufungen-sommer-2013\/thumbs\/thumbs_pruefjuni2013-133.jpg\"\n               data-image-id=\"3219\"\n               data-title=\"pruefjuni2013-133\"\n               data-description=\"\"\n               data-image-slug=\"pruefjuni2013-133\"\n               class=\"shutterset_18c2b95c41d3c65b6a47aa90ad0ae654\">\n                <img\n                    title=\"pruefjuni2013-133\"\n                    alt=\"pruefjuni2013-133\"\n                    src=\"http:\/\/www.karate-neuhofen.at\/wp-content\/gallery\/kyu-prufungen-sommer-2013\/thumbs\/thumbs_pruefjuni2013-133.jpg\"\n                    width=\"100\"\n                    height=\"66\"\n                    style=\"max-width:100%;\"\n                \/>\n            <\/a>\n        <\/div>\n\t\t\t\t\t\t\t<\/div> \n\t\t\t\n        \n\t\t\t\t<div id=\"ngg-image-73\" class=\"ngg-gallery-thumbnail-box\" >\n\t\t\t\t        <div class=\"ngg-gallery-thumbnail\">\n            <a href=\"http:\/\/www.karate-neuhofen.at\/wp-content\/gallery\/kyu-prufungen-sommer-2013\/pruefjuni2013-139.jpg\"\n               title=\"\"\n               data-src=\"http:\/\/www.karate-neuhofen.at\/wp-content\/gallery\/kyu-prufungen-sommer-2013\/pruefjuni2013-139.jpg\"\n               data-thumbnail=\"http:\/\/www.karate-neuhofen.at\/wp-content\/gallery\/kyu-prufungen-sommer-2013\/thumbs\/thumbs_pruefjuni2013-139.jpg\"\n               data-image-id=\"3220\"\n               data-title=\"pruefjuni2013-139\"\n               data-description=\"\"\n               data-image-slug=\"pruefjuni2013-139\"\n               class=\"shutterset_18c2b95c41d3c65b6a47aa90ad0ae654\">\n                <img\n                    title=\"pruefjuni2013-139\"\n                    alt=\"pruefjuni2013-139\"\n                    src=\"http:\/\/www.karate-neuhofen.at\/wp-content\/gallery\/kyu-prufungen-sommer-2013\/thumbs\/thumbs_pruefjuni2013-139.jpg\"\n                    width=\"100\"\n                    height=\"66\"\n                    style=\"max-width:100%;\"\n                \/>\n            <\/a>\n        <\/div>\n\t\t\t\t\t\t\t<\/div> \n\t\t\t\n        \n\t\t\t\t<div id=\"ngg-image-74\" class=\"ngg-gallery-thumbnail-box\" >\n\t\t\t\t        <div class=\"ngg-gallery-thumbnail\">\n            <a href=\"http:\/\/www.karate-neuhofen.at\/wp-content\/gallery\/kyu-prufungen-sommer-2013\/pruefjuni2013-141.jpg\"\n               title=\"\"\n               data-src=\"http:\/\/www.karate-neuhofen.at\/wp-content\/gallery\/kyu-prufungen-sommer-2013\/pruefjuni2013-141.jpg\"\n               data-thumbnail=\"http:\/\/www.karate-neuhofen.at\/wp-content\/gallery\/kyu-prufungen-sommer-2013\/thumbs\/thumbs_pruefjuni2013-141.jpg\"\n               data-image-id=\"3221\"\n               data-title=\"pruefjuni2013-141\"\n               data-description=\"\"\n               data-image-slug=\"pruefjuni2013-141\"\n               class=\"shutterset_18c2b95c41d3c65b6a47aa90ad0ae654\">\n                <img\n                    title=\"pruefjuni2013-141\"\n                    alt=\"pruefjuni2013-141\"\n                    src=\"http:\/\/www.karate-neuhofen.at\/wp-content\/gallery\/kyu-prufungen-sommer-2013\/thumbs\/thumbs_pruefjuni2013-141.jpg\"\n                    width=\"100\"\n                    height=\"68\"\n                    style=\"max-width:100%;\"\n                \/>\n            <\/a>\n        <\/div>\n\t\t\t\t\t\t\t<\/div> \n\t\t\t\n        \n\t\t\t\t<div id=\"ngg-image-75\" class=\"ngg-gallery-thumbnail-box\" >\n\t\t\t\t        <div class=\"ngg-gallery-thumbnail\">\n            <a href=\"http:\/\/www.karate-neuhofen.at\/wp-content\/gallery\/kyu-prufungen-sommer-2013\/pruefjuni2013-142.jpg\"\n               title=\"\"\n               data-src=\"http:\/\/www.karate-neuhofen.at\/wp-content\/gallery\/kyu-prufungen-sommer-2013\/pruefjuni2013-142.jpg\"\n               data-thumbnail=\"http:\/\/www.karate-neuhofen.at\/wp-content\/gallery\/kyu-prufungen-sommer-2013\/thumbs\/thumbs_pruefjuni2013-142.jpg\"\n               data-image-id=\"3222\"\n               data-title=\"pruefjuni2013-142\"\n               data-description=\"\"\n               data-image-slug=\"pruefjuni2013-142\"\n               class=\"shutterset_18c2b95c41d3c65b6a47aa90ad0ae654\">\n                <img\n                    title=\"pruefjuni2013-142\"\n                    alt=\"pruefjuni2013-142\"\n                    src=\"http:\/\/www.karate-neuhofen.at\/wp-content\/gallery\/kyu-prufungen-sommer-2013\/thumbs\/thumbs_pruefjuni2013-142.jpg\"\n                    width=\"100\"\n                    height=\"66\"\n                    style=\"max-width:100%;\"\n                \/>\n            <\/a>\n        <\/div>\n\t\t\t\t\t\t\t<\/div> \n\t\t\t\n        \n\t\t\t\t<div id=\"ngg-image-76\" class=\"ngg-gallery-thumbnail-box\" >\n\t\t\t\t        <div class=\"ngg-gallery-thumbnail\">\n            <a href=\"http:\/\/www.karate-neuhofen.at\/wp-content\/gallery\/kyu-prufungen-sommer-2013\/pruefjuni2013-144.jpg\"\n               title=\"\"\n               data-src=\"http:\/\/www.karate-neuhofen.at\/wp-content\/gallery\/kyu-prufungen-sommer-2013\/pruefjuni2013-144.jpg\"\n               data-thumbnail=\"http:\/\/www.karate-neuhofen.at\/wp-content\/gallery\/kyu-prufungen-sommer-2013\/thumbs\/thumbs_pruefjuni2013-144.jpg\"\n               data-image-id=\"3223\"\n               data-title=\"pruefjuni2013-144\"\n               data-description=\"\"\n               data-image-slug=\"pruefjuni2013-144\"\n               class=\"shutterset_18c2b95c41d3c65b6a47aa90ad0ae654\">\n                <img\n                    title=\"pruefjuni2013-144\"\n                    alt=\"pruefjuni2013-144\"\n                    src=\"http:\/\/www.karate-neuhofen.at\/wp-content\/gallery\/kyu-prufungen-sommer-2013\/thumbs\/thumbs_pruefjuni2013-144.jpg\"\n                    width=\"100\"\n                    height=\"66\"\n                    style=\"max-width:100%;\"\n                \/>\n            <\/a>\n        <\/div>\n\t\t\t\t\t\t\t<\/div> \n\t\t\t\n        \n\t\t\t\t<div id=\"ngg-image-77\" class=\"ngg-gallery-thumbnail-box\" >\n\t\t\t\t        <div class=\"ngg-gallery-thumbnail\">\n            <a href=\"http:\/\/www.karate-neuhofen.at\/wp-content\/gallery\/kyu-prufungen-sommer-2013\/pruefjuni2013-146.jpg\"\n               title=\"\"\n               data-src=\"http:\/\/www.karate-neuhofen.at\/wp-content\/gallery\/kyu-prufungen-sommer-2013\/pruefjuni2013-146.jpg\"\n               data-thumbnail=\"http:\/\/www.karate-neuhofen.at\/wp-content\/gallery\/kyu-prufungen-sommer-2013\/thumbs\/thumbs_pruefjuni2013-146.jpg\"\n               data-image-id=\"3224\"\n               data-title=\"pruefjuni2013-146\"\n               data-description=\"\"\n               data-image-slug=\"pruefjuni2013-146\"\n               class=\"shutterset_18c2b95c41d3c65b6a47aa90ad0ae654\">\n                <img\n                    title=\"pruefjuni2013-146\"\n                    alt=\"pruefjuni2013-146\"\n                    src=\"http:\/\/www.karate-neuhofen.at\/wp-content\/gallery\/kyu-prufungen-sommer-2013\/thumbs\/thumbs_pruefjuni2013-146.jpg\"\n                    width=\"87\"\n                    height=\"75\"\n                    style=\"max-width:100%;\"\n                \/>\n            <\/a>\n        <\/div>\n\t\t\t\t\t\t\t<\/div> \n\t\t\t\n        \n\t\t\t\t<div id=\"ngg-image-78\" class=\"ngg-gallery-thumbnail-box\" >\n\t\t\t\t        <div class=\"ngg-gallery-thumbnail\">\n            <a href=\"http:\/\/www.karate-neuhofen.at\/wp-content\/gallery\/kyu-prufungen-sommer-2013\/pruefjuni2013-147.jpg\"\n               title=\"\"\n               data-src=\"http:\/\/www.karate-neuhofen.at\/wp-content\/gallery\/kyu-prufungen-sommer-2013\/pruefjuni2013-147.jpg\"\n               data-thumbnail=\"http:\/\/www.karate-neuhofen.at\/wp-content\/gallery\/kyu-prufungen-sommer-2013\/thumbs\/thumbs_pruefjuni2013-147.jpg\"\n               data-image-id=\"3225\"\n               data-title=\"pruefjuni2013-147\"\n               data-description=\"\"\n               data-image-slug=\"pruefjuni2013-147\"\n               class=\"shutterset_18c2b95c41d3c65b6a47aa90ad0ae654\">\n                <img\n                    title=\"pruefjuni2013-147\"\n                    alt=\"pruefjuni2013-147\"\n                    src=\"http:\/\/www.karate-neuhofen.at\/wp-content\/gallery\/kyu-prufungen-sommer-2013\/thumbs\/thumbs_pruefjuni2013-147.jpg\"\n                    width=\"100\"\n                    height=\"66\"\n                    style=\"max-width:100%;\"\n                \/>\n            <\/a>\n        <\/div>\n\t\t\t\t\t\t\t<\/div> \n\t\t\t\n        \n\t\t\t\t<div id=\"ngg-image-79\" class=\"ngg-gallery-thumbnail-box\" >\n\t\t\t\t        <div class=\"ngg-gallery-thumbnail\">\n            <a href=\"http:\/\/www.karate-neuhofen.at\/wp-content\/gallery\/kyu-prufungen-sommer-2013\/pruefjuni2013-148.jpg\"\n               title=\"\"\n               data-src=\"http:\/\/www.karate-neuhofen.at\/wp-content\/gallery\/kyu-prufungen-sommer-2013\/pruefjuni2013-148.jpg\"\n               data-thumbnail=\"http:\/\/www.karate-neuhofen.at\/wp-content\/gallery\/kyu-prufungen-sommer-2013\/thumbs\/thumbs_pruefjuni2013-148.jpg\"\n               data-image-id=\"3226\"\n               data-title=\"pruefjuni2013-148\"\n               data-description=\"\"\n               data-image-slug=\"pruefjuni2013-148\"\n               class=\"shutterset_18c2b95c41d3c65b6a47aa90ad0ae654\">\n                <img\n                    title=\"pruefjuni2013-148\"\n                    alt=\"pruefjuni2013-148\"\n                    src=\"http:\/\/www.karate-neuhofen.at\/wp-content\/gallery\/kyu-prufungen-sommer-2013\/thumbs\/thumbs_pruefjuni2013-148.jpg\"\n                    width=\"100\"\n                    height=\"64\"\n                    style=\"max-width:100%;\"\n                \/>\n            <\/a>\n        <\/div>\n\t\t\t\t\t\t\t<\/div> \n\t\t\t\n        \n\t\t\t\t<div id=\"ngg-image-80\" class=\"ngg-gallery-thumbnail-box\" >\n\t\t\t\t        <div class=\"ngg-gallery-thumbnail\">\n            <a href=\"http:\/\/www.karate-neuhofen.at\/wp-content\/gallery\/kyu-prufungen-sommer-2013\/pruefjuni2013-163.jpg\"\n               title=\"\"\n               data-src=\"http:\/\/www.karate-neuhofen.at\/wp-content\/gallery\/kyu-prufungen-sommer-2013\/pruefjuni2013-163.jpg\"\n               data-thumbnail=\"http:\/\/www.karate-neuhofen.at\/wp-content\/gallery\/kyu-prufungen-sommer-2013\/thumbs\/thumbs_pruefjuni2013-163.jpg\"\n               data-image-id=\"3227\"\n               data-title=\"pruefjuni2013-163\"\n               data-description=\"\"\n               data-image-slug=\"pruefjuni2013-163\"\n               class=\"shutterset_18c2b95c41d3c65b6a47aa90ad0ae654\">\n                <img\n                    title=\"pruefjuni2013-163\"\n                    alt=\"pruefjuni2013-163\"\n                    src=\"http:\/\/www.karate-neuhofen.at\/wp-content\/gallery\/kyu-prufungen-sommer-2013\/thumbs\/thumbs_pruefjuni2013-163.jpg\"\n                    width=\"100\"\n                    height=\"59\"\n                    style=\"max-width:100%;\"\n                \/>\n            <\/a>\n        <\/div>\n\t\t\t\t\t\t\t<\/div> \n\t\t\t\n        \n\t\t\t\t<div id=\"ngg-image-81\" class=\"ngg-gallery-thumbnail-box\" >\n\t\t\t\t        <div class=\"ngg-gallery-thumbnail\">\n            <a href=\"http:\/\/www.karate-neuhofen.at\/wp-content\/gallery\/kyu-prufungen-sommer-2013\/pruefjuni2013-165.jpg\"\n               title=\"\"\n               data-src=\"http:\/\/www.karate-neuhofen.at\/wp-content\/gallery\/kyu-prufungen-sommer-2013\/pruefjuni2013-165.jpg\"\n               data-thumbnail=\"http:\/\/www.karate-neuhofen.at\/wp-content\/gallery\/kyu-prufungen-sommer-2013\/thumbs\/thumbs_pruefjuni2013-165.jpg\"\n               data-image-id=\"3228\"\n               data-title=\"pruefjuni2013-165\"\n               data-description=\"\"\n               data-image-slug=\"pruefjuni2013-165\"\n               class=\"shutterset_18c2b95c41d3c65b6a47aa90ad0ae654\">\n                <img\n                    title=\"pruefjuni2013-165\"\n                    alt=\"pruefjuni2013-165\"\n                    src=\"http:\/\/www.karate-neuhofen.at\/wp-content\/gallery\/kyu-prufungen-sommer-2013\/thumbs\/thumbs_pruefjuni2013-165.jpg\"\n                    width=\"100\"\n                    height=\"66\"\n                    style=\"max-width:100%;\"\n                \/>\n            <\/a>\n        <\/div>\n\t\t\t\t\t\t\t<\/div> \n\t\t\t\n        \n\t\t\t\t<div id=\"ngg-image-82\" class=\"ngg-gallery-thumbnail-box\" >\n\t\t\t\t        <div class=\"ngg-gallery-thumbnail\">\n            <a href=\"http:\/\/www.karate-neuhofen.at\/wp-content\/gallery\/kyu-prufungen-sommer-2013\/pruefjuni2013-169.jpg\"\n               title=\"\"\n               data-src=\"http:\/\/www.karate-neuhofen.at\/wp-content\/gallery\/kyu-prufungen-sommer-2013\/pruefjuni2013-169.jpg\"\n               data-thumbnail=\"http:\/\/www.karate-neuhofen.at\/wp-content\/gallery\/kyu-prufungen-sommer-2013\/thumbs\/thumbs_pruefjuni2013-169.jpg\"\n               data-image-id=\"3229\"\n               data-title=\"pruefjuni2013-169\"\n               data-description=\"\"\n               data-image-slug=\"pruefjuni2013-169\"\n               class=\"shutterset_18c2b95c41d3c65b6a47aa90ad0ae654\">\n                <img\n                    title=\"pruefjuni2013-169\"\n                    alt=\"pruefjuni2013-169\"\n                    src=\"http:\/\/www.karate-neuhofen.at\/wp-content\/gallery\/kyu-prufungen-sommer-2013\/thumbs\/thumbs_pruefjuni2013-169.jpg\"\n                    width=\"100\"\n                    height=\"60\"\n                    style=\"max-width:100%;\"\n                \/>\n            <\/a>\n        <\/div>\n\t\t\t\t\t\t\t<\/div> \n\t\t\t\n        \n\t\t\t\t<div id=\"ngg-image-83\" class=\"ngg-gallery-thumbnail-box\" >\n\t\t\t\t        <div class=\"ngg-gallery-thumbnail\">\n            <a href=\"http:\/\/www.karate-neuhofen.at\/wp-content\/gallery\/kyu-prufungen-sommer-2013\/pruefjuni2013-170.jpg\"\n               title=\"\"\n               data-src=\"http:\/\/www.karate-neuhofen.at\/wp-content\/gallery\/kyu-prufungen-sommer-2013\/pruefjuni2013-170.jpg\"\n               data-thumbnail=\"http:\/\/www.karate-neuhofen.at\/wp-content\/gallery\/kyu-prufungen-sommer-2013\/thumbs\/thumbs_pruefjuni2013-170.jpg\"\n               data-image-id=\"3230\"\n               data-title=\"pruefjuni2013-170\"\n               data-description=\"\"\n               data-image-slug=\"pruefjuni2013-170\"\n               class=\"shutterset_18c2b95c41d3c65b6a47aa90ad0ae654\">\n                <img\n                    title=\"pruefjuni2013-170\"\n                    alt=\"pruefjuni2013-170\"\n                    src=\"http:\/\/www.karate-neuhofen.at\/wp-content\/gallery\/kyu-prufungen-sommer-2013\/thumbs\/thumbs_pruefjuni2013-170.jpg\"\n                    width=\"100\"\n                    height=\"60\"\n                    style=\"max-width:100%;\"\n                \/>\n            <\/a>\n        <\/div>\n\t\t\t\t\t\t\t<\/div> \n\t\t\t\n        \n\t\t\t\t<div id=\"ngg-image-84\" class=\"ngg-gallery-thumbnail-box\" >\n\t\t\t\t        <div class=\"ngg-gallery-thumbnail\">\n            <a href=\"http:\/\/www.karate-neuhofen.at\/wp-content\/gallery\/kyu-prufungen-sommer-2013\/pruefjuni2013-171.jpg\"\n               title=\"\"\n               data-src=\"http:\/\/www.karate-neuhofen.at\/wp-content\/gallery\/kyu-prufungen-sommer-2013\/pruefjuni2013-171.jpg\"\n               data-thumbnail=\"http:\/\/www.karate-neuhofen.at\/wp-content\/gallery\/kyu-prufungen-sommer-2013\/thumbs\/thumbs_pruefjuni2013-171.jpg\"\n               data-image-id=\"3231\"\n               data-title=\"pruefjuni2013-171\"\n               data-description=\"\"\n               data-image-slug=\"pruefjuni2013-171\"\n               class=\"shutterset_18c2b95c41d3c65b6a47aa90ad0ae654\">\n                <img\n                    title=\"pruefjuni2013-171\"\n                    alt=\"pruefjuni2013-171\"\n                    src=\"http:\/\/www.karate-neuhofen.at\/wp-content\/gallery\/kyu-prufungen-sommer-2013\/thumbs\/thumbs_pruefjuni2013-171.jpg\"\n                    width=\"100\"\n                    height=\"66\"\n                    style=\"max-width:100%;\"\n                \/>\n            <\/a>\n        <\/div>\n\t\t\t\t\t\t\t<\/div> \n\t\t\t\n        \n\t\t\t\t<div id=\"ngg-image-85\" class=\"ngg-gallery-thumbnail-box\" >\n\t\t\t\t        <div class=\"ngg-gallery-thumbnail\">\n            <a href=\"http:\/\/www.karate-neuhofen.at\/wp-content\/gallery\/kyu-prufungen-sommer-2013\/pruefjuni2013-176.jpg\"\n               title=\"\"\n               data-src=\"http:\/\/www.karate-neuhofen.at\/wp-content\/gallery\/kyu-prufungen-sommer-2013\/pruefjuni2013-176.jpg\"\n               data-thumbnail=\"http:\/\/www.karate-neuhofen.at\/wp-content\/gallery\/kyu-prufungen-sommer-2013\/thumbs\/thumbs_pruefjuni2013-176.jpg\"\n               data-image-id=\"3232\"\n               data-title=\"pruefjuni2013-176\"\n               data-description=\"\"\n               data-image-slug=\"pruefjuni2013-176\"\n               class=\"shutterset_18c2b95c41d3c65b6a47aa90ad0ae654\">\n                <img\n                    title=\"pruefjuni2013-176\"\n                    alt=\"pruefjuni2013-176\"\n                    src=\"http:\/\/www.karate-neuhofen.at\/wp-content\/gallery\/kyu-prufungen-sommer-2013\/thumbs\/thumbs_pruefjuni2013-176.jpg\"\n                    width=\"100\"\n                    height=\"66\"\n                    style=\"max-width:100%;\"\n                \/>\n            <\/a>\n        <\/div>\n\t\t\t\t\t\t\t<\/div> \n\t\t\t\n        \n\t\t\t\t<div id=\"ngg-image-86\" class=\"ngg-gallery-thumbnail-box\" >\n\t\t\t\t        <div class=\"ngg-gallery-thumbnail\">\n            <a href=\"http:\/\/www.karate-neuhofen.at\/wp-content\/gallery\/kyu-prufungen-sommer-2013\/pruefjuni2013-177.jpg\"\n               title=\"\"\n               data-src=\"http:\/\/www.karate-neuhofen.at\/wp-content\/gallery\/kyu-prufungen-sommer-2013\/pruefjuni2013-177.jpg\"\n               data-thumbnail=\"http:\/\/www.karate-neuhofen.at\/wp-content\/gallery\/kyu-prufungen-sommer-2013\/thumbs\/thumbs_pruefjuni2013-177.jpg\"\n               data-image-id=\"3233\"\n               data-title=\"pruefjuni2013-177\"\n               data-description=\"\"\n               data-image-slug=\"pruefjuni2013-177\"\n               class=\"shutterset_18c2b95c41d3c65b6a47aa90ad0ae654\">\n                <img\n                    title=\"pruefjuni2013-177\"\n                    alt=\"pruefjuni2013-177\"\n                    src=\"http:\/\/www.karate-neuhofen.at\/wp-content\/gallery\/kyu-prufungen-sommer-2013\/thumbs\/thumbs_pruefjuni2013-177.jpg\"\n                    width=\"100\"\n                    height=\"66\"\n                    style=\"max-width:100%;\"\n                \/>\n            <\/a>\n        <\/div>\n\t\t\t\t\t\t\t<\/div> \n\t\t\t\n        \n\t\t\t\t<div id=\"ngg-image-87\" class=\"ngg-gallery-thumbnail-box\" >\n\t\t\t\t        <div class=\"ngg-gallery-thumbnail\">\n            <a href=\"http:\/\/www.karate-neuhofen.at\/wp-content\/gallery\/kyu-prufungen-sommer-2013\/pruefjuni2013-195.jpg\"\n               title=\"\"\n               data-src=\"http:\/\/www.karate-neuhofen.at\/wp-content\/gallery\/kyu-prufungen-sommer-2013\/pruefjuni2013-195.jpg\"\n               data-thumbnail=\"http:\/\/www.karate-neuhofen.at\/wp-content\/gallery\/kyu-prufungen-sommer-2013\/thumbs\/thumbs_pruefjuni2013-195.jpg\"\n               data-image-id=\"3234\"\n               data-title=\"pruefjuni2013-195\"\n               data-description=\"\"\n               data-image-slug=\"pruefjuni2013-195\"\n               class=\"shutterset_18c2b95c41d3c65b6a47aa90ad0ae654\">\n                <img\n                    title=\"pruefjuni2013-195\"\n                    alt=\"pruefjuni2013-195\"\n                    src=\"http:\/\/www.karate-neuhofen.at\/wp-content\/gallery\/kyu-prufungen-sommer-2013\/thumbs\/thumbs_pruefjuni2013-195.jpg\"\n                    width=\"100\"\n                    height=\"64\"\n                    style=\"max-width:100%;\"\n                \/>\n            <\/a>\n        <\/div>\n\t\t\t\t\t\t\t<\/div> \n\t\t\t\n        \n\t\t\t\t<div id=\"ngg-image-88\" class=\"ngg-gallery-thumbnail-box\" >\n\t\t\t\t        <div class=\"ngg-gallery-thumbnail\">\n            <a href=\"http:\/\/www.karate-neuhofen.at\/wp-content\/gallery\/kyu-prufungen-sommer-2013\/pruefjuni2013-198.jpg\"\n               title=\"\"\n               data-src=\"http:\/\/www.karate-neuhofen.at\/wp-content\/gallery\/kyu-prufungen-sommer-2013\/pruefjuni2013-198.jpg\"\n               data-thumbnail=\"http:\/\/www.karate-neuhofen.at\/wp-content\/gallery\/kyu-prufungen-sommer-2013\/thumbs\/thumbs_pruefjuni2013-198.jpg\"\n               data-image-id=\"3235\"\n               data-title=\"pruefjuni2013-198\"\n               data-description=\"\"\n               data-image-slug=\"pruefjuni2013-198\"\n               class=\"shutterset_18c2b95c41d3c65b6a47aa90ad0ae654\">\n                <img\n                    title=\"pruefjuni2013-198\"\n                    alt=\"pruefjuni2013-198\"\n                    src=\"http:\/\/www.karate-neuhofen.at\/wp-content\/gallery\/kyu-prufungen-sommer-2013\/thumbs\/thumbs_pruefjuni2013-198.jpg\"\n                    width=\"100\"\n                    height=\"66\"\n                    style=\"max-width:100%;\"\n                \/>\n            <\/a>\n        <\/div>\n\t\t\t\t\t\t\t<\/div> \n\t\t\t\n        \n\t\t\t\t<div id=\"ngg-image-89\" class=\"ngg-gallery-thumbnail-box\" >\n\t\t\t\t        <div class=\"ngg-gallery-thumbnail\">\n            <a href=\"http:\/\/www.karate-neuhofen.at\/wp-content\/gallery\/kyu-prufungen-sommer-2013\/pruefjuni2013-199.jpg\"\n               title=\"\"\n               data-src=\"http:\/\/www.karate-neuhofen.at\/wp-content\/gallery\/kyu-prufungen-sommer-2013\/pruefjuni2013-199.jpg\"\n               data-thumbnail=\"http:\/\/www.karate-neuhofen.at\/wp-content\/gallery\/kyu-prufungen-sommer-2013\/thumbs\/thumbs_pruefjuni2013-199.jpg\"\n               data-image-id=\"3236\"\n               data-title=\"pruefjuni2013-199\"\n               data-description=\"\"\n               data-image-slug=\"pruefjuni2013-199\"\n               class=\"shutterset_18c2b95c41d3c65b6a47aa90ad0ae654\">\n                <img\n                    title=\"pruefjuni2013-199\"\n                    alt=\"pruefjuni2013-199\"\n                    src=\"http:\/\/www.karate-neuhofen.at\/wp-content\/gallery\/kyu-prufungen-sommer-2013\/thumbs\/thumbs_pruefjuni2013-199.jpg\"\n                    width=\"100\"\n                    height=\"66\"\n                    style=\"max-width:100%;\"\n                \/>\n            <\/a>\n        <\/div>\n\t\t\t\t\t\t\t<\/div> \n\t\t\t\n        \n\t\t\t\t<div id=\"ngg-image-90\" class=\"ngg-gallery-thumbnail-box\" >\n\t\t\t\t        <div class=\"ngg-gallery-thumbnail\">\n            <a href=\"http:\/\/www.karate-neuhofen.at\/wp-content\/gallery\/kyu-prufungen-sommer-2013\/pruefjuni2013-200.jpg\"\n               title=\"\"\n               data-src=\"http:\/\/www.karate-neuhofen.at\/wp-content\/gallery\/kyu-prufungen-sommer-2013\/pruefjuni2013-200.jpg\"\n               data-thumbnail=\"http:\/\/www.karate-neuhofen.at\/wp-content\/gallery\/kyu-prufungen-sommer-2013\/thumbs\/thumbs_pruefjuni2013-200.jpg\"\n               data-image-id=\"3237\"\n               data-title=\"pruefjuni2013-200\"\n               data-description=\"\"\n               data-image-slug=\"pruefjuni2013-200\"\n               class=\"shutterset_18c2b95c41d3c65b6a47aa90ad0ae654\">\n                <img\n                    title=\"pruefjuni2013-200\"\n                    alt=\"pruefjuni2013-200\"\n                    src=\"http:\/\/www.karate-neuhofen.at\/wp-content\/gallery\/kyu-prufungen-sommer-2013\/thumbs\/thumbs_pruefjuni2013-200.jpg\"\n                    width=\"100\"\n                    height=\"66\"\n                    style=\"max-width:100%;\"\n                \/>\n            <\/a>\n        <\/div>\n\t\t\t\t\t\t\t<\/div> \n\t\t\t\n        \n\t\t\t\t<div id=\"ngg-image-91\" class=\"ngg-gallery-thumbnail-box\" >\n\t\t\t\t        <div class=\"ngg-gallery-thumbnail\">\n            <a href=\"http:\/\/www.karate-neuhofen.at\/wp-content\/gallery\/kyu-prufungen-sommer-2013\/pruefjuni2013-201.jpg\"\n               title=\"\"\n               data-src=\"http:\/\/www.karate-neuhofen.at\/wp-content\/gallery\/kyu-prufungen-sommer-2013\/pruefjuni2013-201.jpg\"\n               data-thumbnail=\"http:\/\/www.karate-neuhofen.at\/wp-content\/gallery\/kyu-prufungen-sommer-2013\/thumbs\/thumbs_pruefjuni2013-201.jpg\"\n               data-image-id=\"3238\"\n               data-title=\"pruefjuni2013-201\"\n               data-description=\"\"\n               data-image-slug=\"pruefjuni2013-201\"\n               class=\"shutterset_18c2b95c41d3c65b6a47aa90ad0ae654\">\n                <img\n                    title=\"pruefjuni2013-201\"\n                    alt=\"pruefjuni2013-201\"\n                    src=\"http:\/\/www.karate-neuhofen.at\/wp-content\/gallery\/kyu-prufungen-sommer-2013\/thumbs\/thumbs_pruefjuni2013-201.jpg\"\n                    width=\"100\"\n                    height=\"66\"\n                    style=\"max-width:100%;\"\n                \/>\n            <\/a>\n        <\/div>\n\t\t\t\t\t\t\t<\/div> \n\t\t\t\n        \n\t\t\t\t<div id=\"ngg-image-92\" class=\"ngg-gallery-thumbnail-box\" >\n\t\t\t\t        <div class=\"ngg-gallery-thumbnail\">\n            <a href=\"http:\/\/www.karate-neuhofen.at\/wp-content\/gallery\/kyu-prufungen-sommer-2013\/pruefjuni2013-203.jpg\"\n               title=\"\"\n               data-src=\"http:\/\/www.karate-neuhofen.at\/wp-content\/gallery\/kyu-prufungen-sommer-2013\/pruefjuni2013-203.jpg\"\n               data-thumbnail=\"http:\/\/www.karate-neuhofen.at\/wp-content\/gallery\/kyu-prufungen-sommer-2013\/thumbs\/thumbs_pruefjuni2013-203.jpg\"\n               data-image-id=\"3239\"\n               data-title=\"pruefjuni2013-203\"\n               data-description=\"\"\n               data-image-slug=\"pruefjuni2013-203\"\n               class=\"shutterset_18c2b95c41d3c65b6a47aa90ad0ae654\">\n                <img\n                    title=\"pruefjuni2013-203\"\n                    alt=\"pruefjuni2013-203\"\n                    src=\"http:\/\/www.karate-neuhofen.at\/wp-content\/gallery\/kyu-prufungen-sommer-2013\/thumbs\/thumbs_pruefjuni2013-203.jpg\"\n                    width=\"100\"\n                    height=\"63\"\n                    style=\"max-width:100%;\"\n                \/>\n            <\/a>\n        <\/div>\n\t\t\t\t\t\t\t<\/div> \n\t\t\t\n        \n\t\t\t\t<div id=\"ngg-image-93\" class=\"ngg-gallery-thumbnail-box\" >\n\t\t\t\t        <div class=\"ngg-gallery-thumbnail\">\n            <a href=\"http:\/\/www.karate-neuhofen.at\/wp-content\/gallery\/kyu-prufungen-sommer-2013\/pruefjuni2013-205.jpg\"\n               title=\"\"\n               data-src=\"http:\/\/www.karate-neuhofen.at\/wp-content\/gallery\/kyu-prufungen-sommer-2013\/pruefjuni2013-205.jpg\"\n               data-thumbnail=\"http:\/\/www.karate-neuhofen.at\/wp-content\/gallery\/kyu-prufungen-sommer-2013\/thumbs\/thumbs_pruefjuni2013-205.jpg\"\n               data-image-id=\"3240\"\n               data-title=\"pruefjuni2013-205\"\n               data-description=\"\"\n               data-image-slug=\"pruefjuni2013-205\"\n               class=\"shutterset_18c2b95c41d3c65b6a47aa90ad0ae654\">\n                <img\n                    title=\"pruefjuni2013-205\"\n                    alt=\"pruefjuni2013-205\"\n                    src=\"http:\/\/www.karate-neuhofen.at\/wp-content\/gallery\/kyu-prufungen-sommer-2013\/thumbs\/thumbs_pruefjuni2013-205.jpg\"\n                    width=\"100\"\n                    height=\"66\"\n                    style=\"max-width:100%;\"\n                \/>\n            <\/a>\n        <\/div>\n\t\t\t\t\t\t\t<\/div> \n\t\t\t\n        \n\t\t\t\t<div id=\"ngg-image-94\" class=\"ngg-gallery-thumbnail-box\" >\n\t\t\t\t        <div class=\"ngg-gallery-thumbnail\">\n            <a href=\"http:\/\/www.karate-neuhofen.at\/wp-content\/gallery\/kyu-prufungen-sommer-2013\/pruefjuni2013-208.jpg\"\n               title=\"\"\n               data-src=\"http:\/\/www.karate-neuhofen.at\/wp-content\/gallery\/kyu-prufungen-sommer-2013\/pruefjuni2013-208.jpg\"\n               data-thumbnail=\"http:\/\/www.karate-neuhofen.at\/wp-content\/gallery\/kyu-prufungen-sommer-2013\/thumbs\/thumbs_pruefjuni2013-208.jpg\"\n               data-image-id=\"3241\"\n               data-title=\"pruefjuni2013-208\"\n               data-description=\"\"\n               data-image-slug=\"pruefjuni2013-208\"\n               class=\"shutterset_18c2b95c41d3c65b6a47aa90ad0ae654\">\n                <img\n                    title=\"pruefjuni2013-208\"\n                    alt=\"pruefjuni2013-208\"\n                    src=\"http:\/\/www.karate-neuhofen.at\/wp-content\/gallery\/kyu-prufungen-sommer-2013\/thumbs\/thumbs_pruefjuni2013-208.jpg\"\n                    width=\"100\"\n                    height=\"61\"\n                    style=\"max-width:100%;\"\n                \/>\n            <\/a>\n        <\/div>\n\t\t\t\t\t\t\t<\/div> \n\t\t\t\n        \n\t\t\t\t<div id=\"ngg-image-95\" class=\"ngg-gallery-thumbnail-box\" >\n\t\t\t\t        <div class=\"ngg-gallery-thumbnail\">\n            <a href=\"http:\/\/www.karate-neuhofen.at\/wp-content\/gallery\/kyu-prufungen-sommer-2013\/pruefjuni2013-211.jpg\"\n               title=\"\"\n               data-src=\"http:\/\/www.karate-neuhofen.at\/wp-content\/gallery\/kyu-prufungen-sommer-2013\/pruefjuni2013-211.jpg\"\n               data-thumbnail=\"http:\/\/www.karate-neuhofen.at\/wp-content\/gallery\/kyu-prufungen-sommer-2013\/thumbs\/thumbs_pruefjuni2013-211.jpg\"\n               data-image-id=\"3242\"\n               data-title=\"pruefjuni2013-211\"\n               data-description=\"\"\n               data-image-slug=\"pruefjuni2013-211\"\n               class=\"shutterset_18c2b95c41d3c65b6a47aa90ad0ae654\">\n                <img\n                    title=\"pruefjuni2013-211\"\n                    alt=\"pruefjuni2013-211\"\n                    src=\"http:\/\/www.karate-neuhofen.at\/wp-content\/gallery\/kyu-prufungen-sommer-2013\/thumbs\/thumbs_pruefjuni2013-211.jpg\"\n                    width=\"100\"\n                    height=\"66\"\n                    style=\"max-width:100%;\"\n                \/>\n            <\/a>\n        <\/div>\n\t\t\t\t\t\t\t<\/div> \n\t\t\t\n        \n\t\t\t\t<div id=\"ngg-image-96\" class=\"ngg-gallery-thumbnail-box\" >\n\t\t\t\t        <div class=\"ngg-gallery-thumbnail\">\n            <a href=\"http:\/\/www.karate-neuhofen.at\/wp-content\/gallery\/kyu-prufungen-sommer-2013\/pruefjuni2013-213.jpg\"\n               title=\"\"\n               data-src=\"http:\/\/www.karate-neuhofen.at\/wp-content\/gallery\/kyu-prufungen-sommer-2013\/pruefjuni2013-213.jpg\"\n               data-thumbnail=\"http:\/\/www.karate-neuhofen.at\/wp-content\/gallery\/kyu-prufungen-sommer-2013\/thumbs\/thumbs_pruefjuni2013-213.jpg\"\n               data-image-id=\"3243\"\n               data-title=\"pruefjuni2013-213\"\n               data-description=\"\"\n               data-image-slug=\"pruefjuni2013-213\"\n               class=\"shutterset_18c2b95c41d3c65b6a47aa90ad0ae654\">\n                <img\n                    title=\"pruefjuni2013-213\"\n                    alt=\"pruefjuni2013-213\"\n                    src=\"http:\/\/www.karate-neuhofen.at\/wp-content\/gallery\/kyu-prufungen-sommer-2013\/thumbs\/thumbs_pruefjuni2013-213.jpg\"\n                    width=\"100\"\n                    height=\"55\"\n                    style=\"max-width:100%;\"\n                \/>\n            <\/a>\n        <\/div>\n\t\t\t\t\t\t\t<\/div> \n\t\t\t\n        \n\t\t\t\t<div id=\"ngg-image-97\" class=\"ngg-gallery-thumbnail-box\" >\n\t\t\t\t        <div class=\"ngg-gallery-thumbnail\">\n            <a href=\"http:\/\/www.karate-neuhofen.at\/wp-content\/gallery\/kyu-prufungen-sommer-2013\/pruefjuni2013-220.jpg\"\n               title=\"\"\n               data-src=\"http:\/\/www.karate-neuhofen.at\/wp-content\/gallery\/kyu-prufungen-sommer-2013\/pruefjuni2013-220.jpg\"\n               data-thumbnail=\"http:\/\/www.karate-neuhofen.at\/wp-content\/gallery\/kyu-prufungen-sommer-2013\/thumbs\/thumbs_pruefjuni2013-220.jpg\"\n               data-image-id=\"3244\"\n               data-title=\"pruefjuni2013-220\"\n               data-description=\"\"\n               data-image-slug=\"pruefjuni2013-220\"\n               class=\"shutterset_18c2b95c41d3c65b6a47aa90ad0ae654\">\n                <img\n                    title=\"pruefjuni2013-220\"\n                    alt=\"pruefjuni2013-220\"\n                    src=\"http:\/\/www.karate-neuhofen.at\/wp-content\/gallery\/kyu-prufungen-sommer-2013\/thumbs\/thumbs_pruefjuni2013-220.jpg\"\n                    width=\"100\"\n                    height=\"59\"\n                    style=\"max-width:100%;\"\n                \/>\n            <\/a>\n        <\/div>\n\t\t\t\t\t\t\t<\/div> \n\t\t\t\n        \n\t\t\t\t<div id=\"ngg-image-98\" class=\"ngg-gallery-thumbnail-box\" >\n\t\t\t\t        <div class=\"ngg-gallery-thumbnail\">\n            <a href=\"http:\/\/www.karate-neuhofen.at\/wp-content\/gallery\/kyu-prufungen-sommer-2013\/pruefjuni2013-224.jpg\"\n               title=\"\"\n               data-src=\"http:\/\/www.karate-neuhofen.at\/wp-content\/gallery\/kyu-prufungen-sommer-2013\/pruefjuni2013-224.jpg\"\n               data-thumbnail=\"http:\/\/www.karate-neuhofen.at\/wp-content\/gallery\/kyu-prufungen-sommer-2013\/thumbs\/thumbs_pruefjuni2013-224.jpg\"\n               data-image-id=\"3245\"\n               data-title=\"pruefjuni2013-224\"\n               data-description=\"\"\n               data-image-slug=\"pruefjuni2013-224\"\n               class=\"shutterset_18c2b95c41d3c65b6a47aa90ad0ae654\">\n                <img\n                    title=\"pruefjuni2013-224\"\n                    alt=\"pruefjuni2013-224\"\n                    src=\"http:\/\/www.karate-neuhofen.at\/wp-content\/gallery\/kyu-prufungen-sommer-2013\/thumbs\/thumbs_pruefjuni2013-224.jpg\"\n                    width=\"100\"\n                    height=\"66\"\n                    style=\"max-width:100%;\"\n                \/>\n            <\/a>\n        <\/div>\n\t\t\t\t\t\t\t<\/div> \n\t\t\t\n        \n\t\t\t\t<div id=\"ngg-image-99\" class=\"ngg-gallery-thumbnail-box\" >\n\t\t\t\t        <div class=\"ngg-gallery-thumbnail\">\n            <a href=\"http:\/\/www.karate-neuhofen.at\/wp-content\/gallery\/kyu-prufungen-sommer-2013\/pruefjuni2013-230.jpg\"\n               title=\"\"\n               data-src=\"http:\/\/www.karate-neuhofen.at\/wp-content\/gallery\/kyu-prufungen-sommer-2013\/pruefjuni2013-230.jpg\"\n               data-thumbnail=\"http:\/\/www.karate-neuhofen.at\/wp-content\/gallery\/kyu-prufungen-sommer-2013\/thumbs\/thumbs_pruefjuni2013-230.jpg\"\n               data-image-id=\"3248\"\n               data-title=\"pruefjuni2013-230\"\n               data-description=\"\"\n               data-image-slug=\"pruefjuni2013-230\"\n               class=\"shutterset_18c2b95c41d3c65b6a47aa90ad0ae654\">\n                <img\n                    title=\"pruefjuni2013-230\"\n                    alt=\"pruefjuni2013-230\"\n                    src=\"http:\/\/www.karate-neuhofen.at\/wp-content\/gallery\/kyu-prufungen-sommer-2013\/thumbs\/thumbs_pruefjuni2013-230.jpg\"\n                    width=\"100\"\n                    height=\"64\"\n                    style=\"max-width:100%;\"\n                \/>\n            <\/a>\n        <\/div>\n\t\t\t\t\t\t\t<\/div> \n\t\t\t\n        \n\t\t\t\t<div id=\"ngg-image-100\" class=\"ngg-gallery-thumbnail-box\" >\n\t\t\t\t        <div class=\"ngg-gallery-thumbnail\">\n            <a href=\"http:\/\/www.karate-neuhofen.at\/wp-content\/gallery\/kyu-prufungen-sommer-2013\/pruefjuni2013-234.jpg\"\n               title=\"\"\n               data-src=\"http:\/\/www.karate-neuhofen.at\/wp-content\/gallery\/kyu-prufungen-sommer-2013\/pruefjuni2013-234.jpg\"\n               data-thumbnail=\"http:\/\/www.karate-neuhofen.at\/wp-content\/gallery\/kyu-prufungen-sommer-2013\/thumbs\/thumbs_pruefjuni2013-234.jpg\"\n               data-image-id=\"3249\"\n               data-title=\"pruefjuni2013-234\"\n               data-description=\"\"\n               data-image-slug=\"pruefjuni2013-234\"\n               class=\"shutterset_18c2b95c41d3c65b6a47aa90ad0ae654\">\n                <img\n                    title=\"pruefjuni2013-234\"\n                    alt=\"pruefjuni2013-234\"\n                    src=\"http:\/\/www.karate-neuhofen.at\/wp-content\/gallery\/kyu-prufungen-sommer-2013\/thumbs\/thumbs_pruefjuni2013-234.jpg\"\n                    width=\"100\"\n                    height=\"62\"\n                    style=\"max-width:100%;\"\n                \/>\n            <\/a>\n        <\/div>\n\t\t\t\t\t\t\t<\/div> \n\t\t\t\n        \n\t\t\n\t\t<div class=\"ngg-clear\"><\/div>\n\t<\/div>\n","protected":false},"excerpt":{"rendered":"<p>Wei\u00dfe Fahne \u00fcber Neuhofen! Am Mittwoch, den 26.6. war es wieder soweit. Ca. 80 Karatekas fieberten auf ihre n\u00e4chste Kyu-Pr\u00fcfung hin. Obwohl die Pr\u00fcfung in Unterstufe und Oberstufe geteilt wurde, war es im Dojo Neuhofen inklusive den gespannten Zuschauern ziemlich voll. Trotz angenehmer Temperaturen in der Halle floss der Schwei\u00df in Str\u00f6men, da Pr\u00fcfer Sensei [&hellip;]<\/p>\n","protected":false},"author":3,"featured_media":2474,"comment_status":"closed","ping_status":"closed","sticky":false,"template":"","format":"standard","meta":{"ngg_post_thumbnail":0},"categories":[4],"tags":[32],"_links":{"self":[{"href":"http:\/\/www.karate-neuhofen.at\/index.php?rest_route=\/wp\/v2\/posts\/1574"}],"collection":[{"href":"http:\/\/www.karate-neuhofen.at\/index.php?rest_route=\/wp\/v2\/posts"}],"about":[{"href":"http:\/\/www.karate-neuhofen.at\/index.php?rest_route=\/wp\/v2\/types\/post"}],"author":[{"embeddable":true,"href":"http:\/\/www.karate-neuhofen.at\/index.php?rest_route=\/wp\/v2\/users\/3"}],"replies":[{"embeddable":true,"href":"http:\/\/www.karate-neuhofen.at\/index.php?rest_route=%2Fwp%2Fv2%2Fcomments&post=1574"}],"version-history":[{"count":10,"href":"http:\/\/www.karate-neuhofen.at\/index.php?rest_route=\/wp\/v2\/posts\/1574\/revisions"}],"predecessor-version":[{"id":2475,"href":"http:\/\/www.karate-neuhofen.at\/index.php?rest_route=\/wp\/v2\/posts\/1574\/revisions\/2475"}],"wp:featuredmedia":[{"embeddable":true,"href":"http:\/\/www.karate-neuhofen.at\/index.php?rest_route=\/wp\/v2\/media\/2474"}],"wp:attachment":[{"href":"http:\/\/www.karate-neuhofen.at\/index.php?rest_route=%2Fwp%2Fv2%2Fmedia&parent=1574"}],"wp:term":[{"taxonomy":"category","embeddable":true,"href":"http:\/\/www.karate-neuhofen.at\/index.php?rest_route=%2Fwp%2Fv2%2Fcategories&post=1574"},{"taxonomy":"post_tag","embeddable":true,"href":"http:\/\/www.karate-neuhofen.at\/index.php?rest_route=%2Fwp%2Fv2%2Ftags&post=1574"}],"curies":[{"name":"wp","href":"https:\/\/api.w.org\/{rel}","templated":true}]}}