{"id":1597800,"date":"2025-12-20T18:00:05","date_gmt":"2025-12-20T17:00:05","guid":{"rendered":"http:\/\/www.karate-neuhofen.at\/?p=1597800"},"modified":"2025-12-23T05:01:28","modified_gmt":"2025-12-23T04:01:28","slug":"weihnachtsfeier-beim-kemue","status":"publish","type":"post","link":"http:\/\/www.karate-neuhofen.at\/?p=1597800","title":{"rendered":"Weihnachtsfeier beim Kem\u00fc"},"content":{"rendered":"<p>Alle Jahre wieder<br \/>\nl\u00e4dt der Christian ein,<br \/>\nzu der Weihnachtsfeier<br \/>\nalle sollen fr\u00f6hlich sein.<\/p>\n<p>Alle Zahlen kennt Marika<br \/>\nplant, z\u00e4hlt und rechnet &#8211; ja,<br \/>\nohne sie w\u00e4r Chaos,<br \/>\ndoch mit ihr l\u00e4uft alles klar.<\/p>\n<p>Alle sagen Danke<br \/>\nf\u00fcr ein ganzes Jahr,<br \/>\nTraining, Schwei\u00df und harte Arbeit-<br \/>\nihr seid f\u00fcr uns da.<\/p>\n<!-- index.php -->\n<div\n\tclass=\"ngg-galleryoverview ngg-ajax-pagination-none\"\n\tid=\"ngg-gallery-57d88d0128dfac935a3754325baf3709-1\">\n\n    \t<div class=\"slideshowlink\">\n        <a href='http:\/\/www.karate-neuhofen.at\/index.php\/nggallery\/slideshow?p=1597800'>[Zeige eine Slideshow]<\/a>\n\t\t\n\t<\/div>\n\t\t\t<!-- Thumbnails -->\n\t\t\t\t<div id=\"ngg-image-0\" class=\"ngg-gallery-thumbnail-box\" >\n\t\t\t\t        <div class=\"ngg-gallery-thumbnail\">\n            <a href=\"http:\/\/www.karate-neuhofen.at\/wp-content\/gallery\/weihnachtsfeier-2025\/IMG_2427.JPG\"\n               title=\"\"\n               data-src=\"http:\/\/www.karate-neuhofen.at\/wp-content\/gallery\/weihnachtsfeier-2025\/IMG_2427.JPG\"\n               data-thumbnail=\"http:\/\/www.karate-neuhofen.at\/wp-content\/gallery\/weihnachtsfeier-2025\/thumbs\/thumbs_IMG_2427.JPG\"\n               data-image-id=\"35060\"\n               data-title=\"IMG_2427\"\n               data-description=\"\"\n               data-image-slug=\"img_2427-1\"\n               class=\"shutterset_57d88d0128dfac935a3754325baf3709\">\n                <img\n                    title=\"IMG_2427\"\n                    alt=\"IMG_2427\"\n                    src=\"http:\/\/www.karate-neuhofen.at\/wp-content\/gallery\/weihnachtsfeier-2025\/thumbs\/thumbs_IMG_2427.JPG\"\n                    width=\"240\"\n                    height=\"160\"\n                    style=\"max-width:100%;\"\n                \/>\n            <\/a>\n        <\/div>\n\t\t\t\t\t\t\t<\/div> \n\t\t\t\n        \n\t\t\t\t<div id=\"ngg-image-1\" class=\"ngg-gallery-thumbnail-box\" >\n\t\t\t\t        <div class=\"ngg-gallery-thumbnail\">\n            <a href=\"http:\/\/www.karate-neuhofen.at\/wp-content\/gallery\/weihnachtsfeier-2025\/IMG_2428.JPG\"\n               title=\"\"\n               data-src=\"http:\/\/www.karate-neuhofen.at\/wp-content\/gallery\/weihnachtsfeier-2025\/IMG_2428.JPG\"\n               data-thumbnail=\"http:\/\/www.karate-neuhofen.at\/wp-content\/gallery\/weihnachtsfeier-2025\/thumbs\/thumbs_IMG_2428.JPG\"\n               data-image-id=\"35061\"\n               data-title=\"IMG_2428\"\n               data-description=\"\"\n               data-image-slug=\"img_2428\"\n               class=\"shutterset_57d88d0128dfac935a3754325baf3709\">\n                <img\n                    title=\"IMG_2428\"\n                    alt=\"IMG_2428\"\n                    src=\"http:\/\/www.karate-neuhofen.at\/wp-content\/gallery\/weihnachtsfeier-2025\/thumbs\/thumbs_IMG_2428.JPG\"\n                    width=\"240\"\n                    height=\"160\"\n                    style=\"max-width:100%;\"\n                \/>\n            <\/a>\n        <\/div>\n\t\t\t\t\t\t\t<\/div> \n\t\t\t\n        \n\t\t\t\t<div id=\"ngg-image-2\" class=\"ngg-gallery-thumbnail-box\" >\n\t\t\t\t        <div class=\"ngg-gallery-thumbnail\">\n            <a href=\"http:\/\/www.karate-neuhofen.at\/wp-content\/gallery\/weihnachtsfeier-2025\/IMG_2430.JPG\"\n               title=\"\"\n               data-src=\"http:\/\/www.karate-neuhofen.at\/wp-content\/gallery\/weihnachtsfeier-2025\/IMG_2430.JPG\"\n               data-thumbnail=\"http:\/\/www.karate-neuhofen.at\/wp-content\/gallery\/weihnachtsfeier-2025\/thumbs\/thumbs_IMG_2430.JPG\"\n               data-image-id=\"35065\"\n               data-title=\"IMG_2430\"\n               data-description=\"\"\n               data-image-slug=\"img_2430-1\"\n               class=\"shutterset_57d88d0128dfac935a3754325baf3709\">\n                <img\n                    title=\"IMG_2430\"\n                    alt=\"IMG_2430\"\n                    src=\"http:\/\/www.karate-neuhofen.at\/wp-content\/gallery\/weihnachtsfeier-2025\/thumbs\/thumbs_IMG_2430.JPG\"\n                    width=\"240\"\n                    height=\"160\"\n                    style=\"max-width:100%;\"\n                \/>\n            <\/a>\n        <\/div>\n\t\t\t\t\t\t\t<\/div> \n\t\t\t\n        \n\t\t\t\t<div id=\"ngg-image-3\" class=\"ngg-gallery-thumbnail-box\" >\n\t\t\t\t        <div class=\"ngg-gallery-thumbnail\">\n            <a href=\"http:\/\/www.karate-neuhofen.at\/wp-content\/gallery\/weihnachtsfeier-2025\/IMG_2431.JPG\"\n               title=\"\"\n               data-src=\"http:\/\/www.karate-neuhofen.at\/wp-content\/gallery\/weihnachtsfeier-2025\/IMG_2431.JPG\"\n               data-thumbnail=\"http:\/\/www.karate-neuhofen.at\/wp-content\/gallery\/weihnachtsfeier-2025\/thumbs\/thumbs_IMG_2431.JPG\"\n               data-image-id=\"35063\"\n               data-title=\"IMG_2431\"\n               data-description=\"\"\n               data-image-slug=\"img_2431\"\n               class=\"shutterset_57d88d0128dfac935a3754325baf3709\">\n                <img\n                    title=\"IMG_2431\"\n                    alt=\"IMG_2431\"\n                    src=\"http:\/\/www.karate-neuhofen.at\/wp-content\/gallery\/weihnachtsfeier-2025\/thumbs\/thumbs_IMG_2431.JPG\"\n                    width=\"240\"\n                    height=\"160\"\n                    style=\"max-width:100%;\"\n                \/>\n            <\/a>\n        <\/div>\n\t\t\t\t\t\t\t<\/div> \n\t\t\t\n        \n\t\t\t\t<div id=\"ngg-image-4\" class=\"ngg-gallery-thumbnail-box\" >\n\t\t\t\t        <div class=\"ngg-gallery-thumbnail\">\n            <a href=\"http:\/\/www.karate-neuhofen.at\/wp-content\/gallery\/weihnachtsfeier-2025\/IMG_2433.JPG\"\n               title=\"\"\n               data-src=\"http:\/\/www.karate-neuhofen.at\/wp-content\/gallery\/weihnachtsfeier-2025\/IMG_2433.JPG\"\n               data-thumbnail=\"http:\/\/www.karate-neuhofen.at\/wp-content\/gallery\/weihnachtsfeier-2025\/thumbs\/thumbs_IMG_2433.JPG\"\n               data-image-id=\"35064\"\n               data-title=\"IMG_2433\"\n               data-description=\"\"\n               data-image-slug=\"img_2433-1\"\n               class=\"shutterset_57d88d0128dfac935a3754325baf3709\">\n                <img\n                    title=\"IMG_2433\"\n                    alt=\"IMG_2433\"\n                    src=\"http:\/\/www.karate-neuhofen.at\/wp-content\/gallery\/weihnachtsfeier-2025\/thumbs\/thumbs_IMG_2433.JPG\"\n                    width=\"240\"\n                    height=\"160\"\n                    style=\"max-width:100%;\"\n                \/>\n            <\/a>\n        <\/div>\n\t\t\t\t\t\t\t<\/div> \n\t\t\t\n        \n\t\t\t\t<div id=\"ngg-image-5\" class=\"ngg-gallery-thumbnail-box\" >\n\t\t\t\t        <div class=\"ngg-gallery-thumbnail\">\n            <a href=\"http:\/\/www.karate-neuhofen.at\/wp-content\/gallery\/weihnachtsfeier-2025\/IMG_2434.JPG\"\n               title=\"\"\n               data-src=\"http:\/\/www.karate-neuhofen.at\/wp-content\/gallery\/weihnachtsfeier-2025\/IMG_2434.JPG\"\n               data-thumbnail=\"http:\/\/www.karate-neuhofen.at\/wp-content\/gallery\/weihnachtsfeier-2025\/thumbs\/thumbs_IMG_2434.JPG\"\n               data-image-id=\"35066\"\n               data-title=\"IMG_2434\"\n               data-description=\"\"\n               data-image-slug=\"img_2434-1\"\n               class=\"shutterset_57d88d0128dfac935a3754325baf3709\">\n                <img\n                    title=\"IMG_2434\"\n                    alt=\"IMG_2434\"\n                    src=\"http:\/\/www.karate-neuhofen.at\/wp-content\/gallery\/weihnachtsfeier-2025\/thumbs\/thumbs_IMG_2434.JPG\"\n                    width=\"240\"\n                    height=\"160\"\n                    style=\"max-width:100%;\"\n                \/>\n            <\/a>\n        <\/div>\n\t\t\t\t\t\t\t<\/div> \n\t\t\t\n        \n\t\t\t\t<div id=\"ngg-image-6\" class=\"ngg-gallery-thumbnail-box\" >\n\t\t\t\t        <div class=\"ngg-gallery-thumbnail\">\n            <a href=\"http:\/\/www.karate-neuhofen.at\/wp-content\/gallery\/weihnachtsfeier-2025\/IMG_2437.JPG\"\n               title=\"\"\n               data-src=\"http:\/\/www.karate-neuhofen.at\/wp-content\/gallery\/weihnachtsfeier-2025\/IMG_2437.JPG\"\n               data-thumbnail=\"http:\/\/www.karate-neuhofen.at\/wp-content\/gallery\/weihnachtsfeier-2025\/thumbs\/thumbs_IMG_2437.JPG\"\n               data-image-id=\"35067\"\n               data-title=\"IMG_2437\"\n               data-description=\"\"\n               data-image-slug=\"img_2437\"\n               class=\"shutterset_57d88d0128dfac935a3754325baf3709\">\n                <img\n                    title=\"IMG_2437\"\n                    alt=\"IMG_2437\"\n                    src=\"http:\/\/www.karate-neuhofen.at\/wp-content\/gallery\/weihnachtsfeier-2025\/thumbs\/thumbs_IMG_2437.JPG\"\n                    width=\"240\"\n                    height=\"160\"\n                    style=\"max-width:100%;\"\n                \/>\n            <\/a>\n        <\/div>\n\t\t\t\t\t\t\t<\/div> \n\t\t\t\n        \n\t\t\t\t<div id=\"ngg-image-7\" class=\"ngg-gallery-thumbnail-box\" >\n\t\t\t\t        <div class=\"ngg-gallery-thumbnail\">\n            <a href=\"http:\/\/www.karate-neuhofen.at\/wp-content\/gallery\/weihnachtsfeier-2025\/IMG_2439.JPG\"\n               title=\"\"\n               data-src=\"http:\/\/www.karate-neuhofen.at\/wp-content\/gallery\/weihnachtsfeier-2025\/IMG_2439.JPG\"\n               data-thumbnail=\"http:\/\/www.karate-neuhofen.at\/wp-content\/gallery\/weihnachtsfeier-2025\/thumbs\/thumbs_IMG_2439.JPG\"\n               data-image-id=\"35068\"\n               data-title=\"IMG_2439\"\n               data-description=\"\"\n               data-image-slug=\"img_2439\"\n               class=\"shutterset_57d88d0128dfac935a3754325baf3709\">\n                <img\n                    title=\"IMG_2439\"\n                    alt=\"IMG_2439\"\n                    src=\"http:\/\/www.karate-neuhofen.at\/wp-content\/gallery\/weihnachtsfeier-2025\/thumbs\/thumbs_IMG_2439.JPG\"\n                    width=\"240\"\n                    height=\"160\"\n                    style=\"max-width:100%;\"\n                \/>\n            <\/a>\n        <\/div>\n\t\t\t\t\t\t\t<\/div> \n\t\t\t\n        \n\t\t\t\t<div id=\"ngg-image-8\" class=\"ngg-gallery-thumbnail-box\" >\n\t\t\t\t        <div class=\"ngg-gallery-thumbnail\">\n            <a href=\"http:\/\/www.karate-neuhofen.at\/wp-content\/gallery\/weihnachtsfeier-2025\/IMG_2440.JPG\"\n               title=\"\"\n               data-src=\"http:\/\/www.karate-neuhofen.at\/wp-content\/gallery\/weihnachtsfeier-2025\/IMG_2440.JPG\"\n               data-thumbnail=\"http:\/\/www.karate-neuhofen.at\/wp-content\/gallery\/weihnachtsfeier-2025\/thumbs\/thumbs_IMG_2440.JPG\"\n               data-image-id=\"35069\"\n               data-title=\"IMG_2440\"\n               data-description=\"\"\n               data-image-slug=\"img_2440-1\"\n               class=\"shutterset_57d88d0128dfac935a3754325baf3709\">\n                <img\n                    title=\"IMG_2440\"\n                    alt=\"IMG_2440\"\n                    src=\"http:\/\/www.karate-neuhofen.at\/wp-content\/gallery\/weihnachtsfeier-2025\/thumbs\/thumbs_IMG_2440.JPG\"\n                    width=\"240\"\n                    height=\"160\"\n                    style=\"max-width:100%;\"\n                \/>\n            <\/a>\n        <\/div>\n\t\t\t\t\t\t\t<\/div> \n\t\t\t\n        \n\t\t\t\t<div id=\"ngg-image-9\" class=\"ngg-gallery-thumbnail-box\" >\n\t\t\t\t        <div class=\"ngg-gallery-thumbnail\">\n            <a href=\"http:\/\/www.karate-neuhofen.at\/wp-content\/gallery\/weihnachtsfeier-2025\/IMG_2442.JPG\"\n               title=\"\"\n               data-src=\"http:\/\/www.karate-neuhofen.at\/wp-content\/gallery\/weihnachtsfeier-2025\/IMG_2442.JPG\"\n               data-thumbnail=\"http:\/\/www.karate-neuhofen.at\/wp-content\/gallery\/weihnachtsfeier-2025\/thumbs\/thumbs_IMG_2442.JPG\"\n               data-image-id=\"35070\"\n               data-title=\"IMG_2442\"\n               data-description=\"\"\n               data-image-slug=\"img_2442\"\n               class=\"shutterset_57d88d0128dfac935a3754325baf3709\">\n                <img\n                    title=\"IMG_2442\"\n                    alt=\"IMG_2442\"\n                    src=\"http:\/\/www.karate-neuhofen.at\/wp-content\/gallery\/weihnachtsfeier-2025\/thumbs\/thumbs_IMG_2442.JPG\"\n                    width=\"240\"\n                    height=\"160\"\n                    style=\"max-width:100%;\"\n                \/>\n            <\/a>\n        <\/div>\n\t\t\t\t\t\t\t<\/div> \n\t\t\t\n        \n\t\t\t\t<div id=\"ngg-image-10\" class=\"ngg-gallery-thumbnail-box\" >\n\t\t\t\t        <div class=\"ngg-gallery-thumbnail\">\n            <a href=\"http:\/\/www.karate-neuhofen.at\/wp-content\/gallery\/weihnachtsfeier-2025\/IMG_2446.JPG\"\n               title=\"\"\n               data-src=\"http:\/\/www.karate-neuhofen.at\/wp-content\/gallery\/weihnachtsfeier-2025\/IMG_2446.JPG\"\n               data-thumbnail=\"http:\/\/www.karate-neuhofen.at\/wp-content\/gallery\/weihnachtsfeier-2025\/thumbs\/thumbs_IMG_2446.JPG\"\n               data-image-id=\"35071\"\n               data-title=\"IMG_2446\"\n               data-description=\"\"\n               data-image-slug=\"img_2446-1\"\n               class=\"shutterset_57d88d0128dfac935a3754325baf3709\">\n                <img\n                    title=\"IMG_2446\"\n                    alt=\"IMG_2446\"\n                    src=\"http:\/\/www.karate-neuhofen.at\/wp-content\/gallery\/weihnachtsfeier-2025\/thumbs\/thumbs_IMG_2446.JPG\"\n                    width=\"240\"\n                    height=\"160\"\n                    style=\"max-width:100%;\"\n                \/>\n            <\/a>\n        <\/div>\n\t\t\t\t\t\t\t<\/div> \n\t\t\t\n        \n\t\t\t\t<div id=\"ngg-image-11\" class=\"ngg-gallery-thumbnail-box\" >\n\t\t\t\t        <div class=\"ngg-gallery-thumbnail\">\n            <a href=\"http:\/\/www.karate-neuhofen.at\/wp-content\/gallery\/weihnachtsfeier-2025\/IMG_2448.JPG\"\n               title=\"\"\n               data-src=\"http:\/\/www.karate-neuhofen.at\/wp-content\/gallery\/weihnachtsfeier-2025\/IMG_2448.JPG\"\n               data-thumbnail=\"http:\/\/www.karate-neuhofen.at\/wp-content\/gallery\/weihnachtsfeier-2025\/thumbs\/thumbs_IMG_2448.JPG\"\n               data-image-id=\"35072\"\n               data-title=\"IMG_2448\"\n               data-description=\"\"\n               data-image-slug=\"img_2448\"\n               class=\"shutterset_57d88d0128dfac935a3754325baf3709\">\n                <img\n                    title=\"IMG_2448\"\n                    alt=\"IMG_2448\"\n                    src=\"http:\/\/www.karate-neuhofen.at\/wp-content\/gallery\/weihnachtsfeier-2025\/thumbs\/thumbs_IMG_2448.JPG\"\n                    width=\"240\"\n                    height=\"160\"\n                    style=\"max-width:100%;\"\n                \/>\n            <\/a>\n        <\/div>\n\t\t\t\t\t\t\t<\/div> \n\t\t\t\n        \n\t\t\t\t<div id=\"ngg-image-12\" class=\"ngg-gallery-thumbnail-box\" >\n\t\t\t\t        <div class=\"ngg-gallery-thumbnail\">\n            <a href=\"http:\/\/www.karate-neuhofen.at\/wp-content\/gallery\/weihnachtsfeier-2025\/IMG_2449.JPG\"\n               title=\"\"\n               data-src=\"http:\/\/www.karate-neuhofen.at\/wp-content\/gallery\/weihnachtsfeier-2025\/IMG_2449.JPG\"\n               data-thumbnail=\"http:\/\/www.karate-neuhofen.at\/wp-content\/gallery\/weihnachtsfeier-2025\/thumbs\/thumbs_IMG_2449.JPG\"\n               data-image-id=\"35073\"\n               data-title=\"IMG_2449\"\n               data-description=\"\"\n               data-image-slug=\"img_2449-1\"\n               class=\"shutterset_57d88d0128dfac935a3754325baf3709\">\n                <img\n                    title=\"IMG_2449\"\n                    alt=\"IMG_2449\"\n                    src=\"http:\/\/www.karate-neuhofen.at\/wp-content\/gallery\/weihnachtsfeier-2025\/thumbs\/thumbs_IMG_2449.JPG\"\n                    width=\"240\"\n                    height=\"160\"\n                    style=\"max-width:100%;\"\n                \/>\n            <\/a>\n        <\/div>\n\t\t\t\t\t\t\t<\/div> \n\t\t\t\n        \n\t\t\t\t<div id=\"ngg-image-13\" class=\"ngg-gallery-thumbnail-box\" >\n\t\t\t\t        <div class=\"ngg-gallery-thumbnail\">\n            <a href=\"http:\/\/www.karate-neuhofen.at\/wp-content\/gallery\/weihnachtsfeier-2025\/IMG_2451.JPG\"\n               title=\"\"\n               data-src=\"http:\/\/www.karate-neuhofen.at\/wp-content\/gallery\/weihnachtsfeier-2025\/IMG_2451.JPG\"\n               data-thumbnail=\"http:\/\/www.karate-neuhofen.at\/wp-content\/gallery\/weihnachtsfeier-2025\/thumbs\/thumbs_IMG_2451.JPG\"\n               data-image-id=\"35074\"\n               data-title=\"IMG_2451\"\n               data-description=\"\"\n               data-image-slug=\"img_2451\"\n               class=\"shutterset_57d88d0128dfac935a3754325baf3709\">\n                <img\n                    title=\"IMG_2451\"\n                    alt=\"IMG_2451\"\n                    src=\"http:\/\/www.karate-neuhofen.at\/wp-content\/gallery\/weihnachtsfeier-2025\/thumbs\/thumbs_IMG_2451.JPG\"\n                    width=\"240\"\n                    height=\"160\"\n                    style=\"max-width:100%;\"\n                \/>\n            <\/a>\n        <\/div>\n\t\t\t\t\t\t\t<\/div> \n\t\t\t\n        \n\t\t\t\t<div id=\"ngg-image-14\" class=\"ngg-gallery-thumbnail-box\" >\n\t\t\t\t        <div class=\"ngg-gallery-thumbnail\">\n            <a href=\"http:\/\/www.karate-neuhofen.at\/wp-content\/gallery\/weihnachtsfeier-2025\/IMG_2452.JPG\"\n               title=\"\"\n               data-src=\"http:\/\/www.karate-neuhofen.at\/wp-content\/gallery\/weihnachtsfeier-2025\/IMG_2452.JPG\"\n               data-thumbnail=\"http:\/\/www.karate-neuhofen.at\/wp-content\/gallery\/weihnachtsfeier-2025\/thumbs\/thumbs_IMG_2452.JPG\"\n               data-image-id=\"35075\"\n               data-title=\"IMG_2452\"\n               data-description=\"\"\n               data-image-slug=\"img_2452\"\n               class=\"shutterset_57d88d0128dfac935a3754325baf3709\">\n                <img\n                    title=\"IMG_2452\"\n                    alt=\"IMG_2452\"\n                    src=\"http:\/\/www.karate-neuhofen.at\/wp-content\/gallery\/weihnachtsfeier-2025\/thumbs\/thumbs_IMG_2452.JPG\"\n                    width=\"240\"\n                    height=\"160\"\n                    style=\"max-width:100%;\"\n                \/>\n            <\/a>\n        <\/div>\n\t\t\t\t\t\t\t<\/div> \n\t\t\t\n        \n\t\t\t\t<div id=\"ngg-image-15\" class=\"ngg-gallery-thumbnail-box\" >\n\t\t\t\t        <div class=\"ngg-gallery-thumbnail\">\n            <a href=\"http:\/\/www.karate-neuhofen.at\/wp-content\/gallery\/weihnachtsfeier-2025\/IMG_2454.JPG\"\n               title=\"\"\n               data-src=\"http:\/\/www.karate-neuhofen.at\/wp-content\/gallery\/weihnachtsfeier-2025\/IMG_2454.JPG\"\n               data-thumbnail=\"http:\/\/www.karate-neuhofen.at\/wp-content\/gallery\/weihnachtsfeier-2025\/thumbs\/thumbs_IMG_2454.JPG\"\n               data-image-id=\"35076\"\n               data-title=\"IMG_2454\"\n               data-description=\"\"\n               data-image-slug=\"img_2454-1\"\n               class=\"shutterset_57d88d0128dfac935a3754325baf3709\">\n                <img\n                    title=\"IMG_2454\"\n                    alt=\"IMG_2454\"\n                    src=\"http:\/\/www.karate-neuhofen.at\/wp-content\/gallery\/weihnachtsfeier-2025\/thumbs\/thumbs_IMG_2454.JPG\"\n                    width=\"240\"\n                    height=\"160\"\n                    style=\"max-width:100%;\"\n                \/>\n            <\/a>\n        <\/div>\n\t\t\t\t\t\t\t<\/div> \n\t\t\t\n        \n\t\t\t\t<div id=\"ngg-image-16\" class=\"ngg-gallery-thumbnail-box\" >\n\t\t\t\t        <div class=\"ngg-gallery-thumbnail\">\n            <a href=\"http:\/\/www.karate-neuhofen.at\/wp-content\/gallery\/weihnachtsfeier-2025\/IMG_2456.JPG\"\n               title=\"\"\n               data-src=\"http:\/\/www.karate-neuhofen.at\/wp-content\/gallery\/weihnachtsfeier-2025\/IMG_2456.JPG\"\n               data-thumbnail=\"http:\/\/www.karate-neuhofen.at\/wp-content\/gallery\/weihnachtsfeier-2025\/thumbs\/thumbs_IMG_2456.JPG\"\n               data-image-id=\"35077\"\n               data-title=\"IMG_2456\"\n               data-description=\"\"\n               data-image-slug=\"img_2456-1\"\n               class=\"shutterset_57d88d0128dfac935a3754325baf3709\">\n                <img\n                    title=\"IMG_2456\"\n                    alt=\"IMG_2456\"\n                    src=\"http:\/\/www.karate-neuhofen.at\/wp-content\/gallery\/weihnachtsfeier-2025\/thumbs\/thumbs_IMG_2456.JPG\"\n                    width=\"240\"\n                    height=\"160\"\n                    style=\"max-width:100%;\"\n                \/>\n            <\/a>\n        <\/div>\n\t\t\t\t\t\t\t<\/div> \n\t\t\t\n        \n\t\t\t\t<div id=\"ngg-image-17\" class=\"ngg-gallery-thumbnail-box\" >\n\t\t\t\t        <div class=\"ngg-gallery-thumbnail\">\n            <a href=\"http:\/\/www.karate-neuhofen.at\/wp-content\/gallery\/weihnachtsfeier-2025\/IMG_2457.JPG\"\n               title=\"\"\n               data-src=\"http:\/\/www.karate-neuhofen.at\/wp-content\/gallery\/weihnachtsfeier-2025\/IMG_2457.JPG\"\n               data-thumbnail=\"http:\/\/www.karate-neuhofen.at\/wp-content\/gallery\/weihnachtsfeier-2025\/thumbs\/thumbs_IMG_2457.JPG\"\n               data-image-id=\"35078\"\n               data-title=\"IMG_2457\"\n               data-description=\"\"\n               data-image-slug=\"img_2457-1\"\n               class=\"shutterset_57d88d0128dfac935a3754325baf3709\">\n                <img\n                    title=\"IMG_2457\"\n                    alt=\"IMG_2457\"\n                    src=\"http:\/\/www.karate-neuhofen.at\/wp-content\/gallery\/weihnachtsfeier-2025\/thumbs\/thumbs_IMG_2457.JPG\"\n                    width=\"240\"\n                    height=\"160\"\n                    style=\"max-width:100%;\"\n                \/>\n            <\/a>\n        <\/div>\n\t\t\t\t\t\t\t<\/div> \n\t\t\t\n        \n\t\t\t\t<div id=\"ngg-image-18\" class=\"ngg-gallery-thumbnail-box\" >\n\t\t\t\t        <div class=\"ngg-gallery-thumbnail\">\n            <a href=\"http:\/\/www.karate-neuhofen.at\/wp-content\/gallery\/weihnachtsfeier-2025\/IMG_2458.JPG\"\n               title=\"\"\n               data-src=\"http:\/\/www.karate-neuhofen.at\/wp-content\/gallery\/weihnachtsfeier-2025\/IMG_2458.JPG\"\n               data-thumbnail=\"http:\/\/www.karate-neuhofen.at\/wp-content\/gallery\/weihnachtsfeier-2025\/thumbs\/thumbs_IMG_2458.JPG\"\n               data-image-id=\"35079\"\n               data-title=\"IMG_2458\"\n               data-description=\"\"\n               data-image-slug=\"img_2458-1\"\n               class=\"shutterset_57d88d0128dfac935a3754325baf3709\">\n                <img\n                    title=\"IMG_2458\"\n                    alt=\"IMG_2458\"\n                    src=\"http:\/\/www.karate-neuhofen.at\/wp-content\/gallery\/weihnachtsfeier-2025\/thumbs\/thumbs_IMG_2458.JPG\"\n                    width=\"240\"\n                    height=\"160\"\n                    style=\"max-width:100%;\"\n                \/>\n            <\/a>\n        <\/div>\n\t\t\t\t\t\t\t<\/div> \n\t\t\t\n        \n\t\t\t\t<div id=\"ngg-image-19\" class=\"ngg-gallery-thumbnail-box\" >\n\t\t\t\t        <div class=\"ngg-gallery-thumbnail\">\n            <a href=\"http:\/\/www.karate-neuhofen.at\/wp-content\/gallery\/weihnachtsfeier-2025\/IMG_2459.JPG\"\n               title=\"\"\n               data-src=\"http:\/\/www.karate-neuhofen.at\/wp-content\/gallery\/weihnachtsfeier-2025\/IMG_2459.JPG\"\n               data-thumbnail=\"http:\/\/www.karate-neuhofen.at\/wp-content\/gallery\/weihnachtsfeier-2025\/thumbs\/thumbs_IMG_2459.JPG\"\n               data-image-id=\"35082\"\n               data-title=\"IMG_2459\"\n               data-description=\"\"\n               data-image-slug=\"img_2459-1\"\n               class=\"shutterset_57d88d0128dfac935a3754325baf3709\">\n                <img\n                    title=\"IMG_2459\"\n                    alt=\"IMG_2459\"\n                    src=\"http:\/\/www.karate-neuhofen.at\/wp-content\/gallery\/weihnachtsfeier-2025\/thumbs\/thumbs_IMG_2459.JPG\"\n                    width=\"240\"\n                    height=\"160\"\n                    style=\"max-width:100%;\"\n                \/>\n            <\/a>\n        <\/div>\n\t\t\t\t\t\t\t<\/div> \n\t\t\t\n        \n\t\t\t\t<div id=\"ngg-image-20\" class=\"ngg-gallery-thumbnail-box\" >\n\t\t\t\t        <div class=\"ngg-gallery-thumbnail\">\n            <a href=\"http:\/\/www.karate-neuhofen.at\/wp-content\/gallery\/weihnachtsfeier-2025\/IMG_2460.JPG\"\n               title=\"\"\n               data-src=\"http:\/\/www.karate-neuhofen.at\/wp-content\/gallery\/weihnachtsfeier-2025\/IMG_2460.JPG\"\n               data-thumbnail=\"http:\/\/www.karate-neuhofen.at\/wp-content\/gallery\/weihnachtsfeier-2025\/thumbs\/thumbs_IMG_2460.JPG\"\n               data-image-id=\"35080\"\n               data-title=\"IMG_2460\"\n               data-description=\"\"\n               data-image-slug=\"img_2460\"\n               class=\"shutterset_57d88d0128dfac935a3754325baf3709\">\n                <img\n                    title=\"IMG_2460\"\n                    alt=\"IMG_2460\"\n                    src=\"http:\/\/www.karate-neuhofen.at\/wp-content\/gallery\/weihnachtsfeier-2025\/thumbs\/thumbs_IMG_2460.JPG\"\n                    width=\"240\"\n                    height=\"160\"\n                    style=\"max-width:100%;\"\n                \/>\n            <\/a>\n        <\/div>\n\t\t\t\t\t\t\t<\/div> \n\t\t\t\n        \n\t\t\t\t<div id=\"ngg-image-21\" class=\"ngg-gallery-thumbnail-box\" >\n\t\t\t\t        <div class=\"ngg-gallery-thumbnail\">\n            <a href=\"http:\/\/www.karate-neuhofen.at\/wp-content\/gallery\/weihnachtsfeier-2025\/IMG_2461.JPG\"\n               title=\"\"\n               data-src=\"http:\/\/www.karate-neuhofen.at\/wp-content\/gallery\/weihnachtsfeier-2025\/IMG_2461.JPG\"\n               data-thumbnail=\"http:\/\/www.karate-neuhofen.at\/wp-content\/gallery\/weihnachtsfeier-2025\/thumbs\/thumbs_IMG_2461.JPG\"\n               data-image-id=\"35081\"\n               data-title=\"IMG_2461\"\n               data-description=\"\"\n               data-image-slug=\"img_2461\"\n               class=\"shutterset_57d88d0128dfac935a3754325baf3709\">\n                <img\n                    title=\"IMG_2461\"\n                    alt=\"IMG_2461\"\n                    src=\"http:\/\/www.karate-neuhofen.at\/wp-content\/gallery\/weihnachtsfeier-2025\/thumbs\/thumbs_IMG_2461.JPG\"\n                    width=\"240\"\n                    height=\"160\"\n                    style=\"max-width:100%;\"\n                \/>\n            <\/a>\n        <\/div>\n\t\t\t\t\t\t\t<\/div> \n\t\t\t\n        \n\t\t\t\t<div id=\"ngg-image-22\" class=\"ngg-gallery-thumbnail-box\" >\n\t\t\t\t        <div class=\"ngg-gallery-thumbnail\">\n            <a href=\"http:\/\/www.karate-neuhofen.at\/wp-content\/gallery\/weihnachtsfeier-2025\/IMG_2463.JPG\"\n               title=\"\"\n               data-src=\"http:\/\/www.karate-neuhofen.at\/wp-content\/gallery\/weihnachtsfeier-2025\/IMG_2463.JPG\"\n               data-thumbnail=\"http:\/\/www.karate-neuhofen.at\/wp-content\/gallery\/weihnachtsfeier-2025\/thumbs\/thumbs_IMG_2463.JPG\"\n               data-image-id=\"35083\"\n               data-title=\"IMG_2463\"\n               data-description=\"\"\n               data-image-slug=\"img_2463-1\"\n               class=\"shutterset_57d88d0128dfac935a3754325baf3709\">\n                <img\n                    title=\"IMG_2463\"\n                    alt=\"IMG_2463\"\n                    src=\"http:\/\/www.karate-neuhofen.at\/wp-content\/gallery\/weihnachtsfeier-2025\/thumbs\/thumbs_IMG_2463.JPG\"\n                    width=\"240\"\n                    height=\"160\"\n                    style=\"max-width:100%;\"\n                \/>\n            <\/a>\n        <\/div>\n\t\t\t\t\t\t\t<\/div> \n\t\t\t\n        \n\t\t\t\t<div id=\"ngg-image-23\" class=\"ngg-gallery-thumbnail-box\" >\n\t\t\t\t        <div class=\"ngg-gallery-thumbnail\">\n            <a href=\"http:\/\/www.karate-neuhofen.at\/wp-content\/gallery\/weihnachtsfeier-2025\/IMG_2464.JPG\"\n               title=\"\"\n               data-src=\"http:\/\/www.karate-neuhofen.at\/wp-content\/gallery\/weihnachtsfeier-2025\/IMG_2464.JPG\"\n               data-thumbnail=\"http:\/\/www.karate-neuhofen.at\/wp-content\/gallery\/weihnachtsfeier-2025\/thumbs\/thumbs_IMG_2464.JPG\"\n               data-image-id=\"35084\"\n               data-title=\"IMG_2464\"\n               data-description=\"\"\n               data-image-slug=\"img_2464\"\n               class=\"shutterset_57d88d0128dfac935a3754325baf3709\">\n                <img\n                    title=\"IMG_2464\"\n                    alt=\"IMG_2464\"\n                    src=\"http:\/\/www.karate-neuhofen.at\/wp-content\/gallery\/weihnachtsfeier-2025\/thumbs\/thumbs_IMG_2464.JPG\"\n                    width=\"240\"\n                    height=\"160\"\n                    style=\"max-width:100%;\"\n                \/>\n            <\/a>\n        <\/div>\n\t\t\t\t\t\t\t<\/div> \n\t\t\t\n        \n\t\t\t\t<div id=\"ngg-image-24\" class=\"ngg-gallery-thumbnail-box\" >\n\t\t\t\t        <div class=\"ngg-gallery-thumbnail\">\n            <a href=\"http:\/\/www.karate-neuhofen.at\/wp-content\/gallery\/weihnachtsfeier-2025\/IMG_2465.JPG\"\n               title=\"\"\n               data-src=\"http:\/\/www.karate-neuhofen.at\/wp-content\/gallery\/weihnachtsfeier-2025\/IMG_2465.JPG\"\n               data-thumbnail=\"http:\/\/www.karate-neuhofen.at\/wp-content\/gallery\/weihnachtsfeier-2025\/thumbs\/thumbs_IMG_2465.JPG\"\n               data-image-id=\"35085\"\n               data-title=\"IMG_2465\"\n               data-description=\"\"\n               data-image-slug=\"img_2465\"\n               class=\"shutterset_57d88d0128dfac935a3754325baf3709\">\n                <img\n                    title=\"IMG_2465\"\n                    alt=\"IMG_2465\"\n                    src=\"http:\/\/www.karate-neuhofen.at\/wp-content\/gallery\/weihnachtsfeier-2025\/thumbs\/thumbs_IMG_2465.JPG\"\n                    width=\"240\"\n                    height=\"160\"\n                    style=\"max-width:100%;\"\n                \/>\n            <\/a>\n        <\/div>\n\t\t\t\t\t\t\t<\/div> \n\t\t\t\n        \n\t\t\t\t<div id=\"ngg-image-25\" class=\"ngg-gallery-thumbnail-box\" >\n\t\t\t\t        <div class=\"ngg-gallery-thumbnail\">\n            <a href=\"http:\/\/www.karate-neuhofen.at\/wp-content\/gallery\/weihnachtsfeier-2025\/IMG_2467.JPG\"\n               title=\"\"\n               data-src=\"http:\/\/www.karate-neuhofen.at\/wp-content\/gallery\/weihnachtsfeier-2025\/IMG_2467.JPG\"\n               data-thumbnail=\"http:\/\/www.karate-neuhofen.at\/wp-content\/gallery\/weihnachtsfeier-2025\/thumbs\/thumbs_IMG_2467.JPG\"\n               data-image-id=\"35087\"\n               data-title=\"IMG_2467\"\n               data-description=\"\"\n               data-image-slug=\"img_2467\"\n               class=\"shutterset_57d88d0128dfac935a3754325baf3709\">\n                <img\n                    title=\"IMG_2467\"\n                    alt=\"IMG_2467\"\n                    src=\"http:\/\/www.karate-neuhofen.at\/wp-content\/gallery\/weihnachtsfeier-2025\/thumbs\/thumbs_IMG_2467.JPG\"\n                    width=\"240\"\n                    height=\"160\"\n                    style=\"max-width:100%;\"\n                \/>\n            <\/a>\n        <\/div>\n\t\t\t\t\t\t\t<\/div> \n\t\t\t\n        \n\t\t\t\t<div id=\"ngg-image-26\" class=\"ngg-gallery-thumbnail-box\" >\n\t\t\t\t        <div class=\"ngg-gallery-thumbnail\">\n            <a href=\"http:\/\/www.karate-neuhofen.at\/wp-content\/gallery\/weihnachtsfeier-2025\/IMG_2468.JPG\"\n               title=\"\"\n               data-src=\"http:\/\/www.karate-neuhofen.at\/wp-content\/gallery\/weihnachtsfeier-2025\/IMG_2468.JPG\"\n               data-thumbnail=\"http:\/\/www.karate-neuhofen.at\/wp-content\/gallery\/weihnachtsfeier-2025\/thumbs\/thumbs_IMG_2468.JPG\"\n               data-image-id=\"35089\"\n               data-title=\"IMG_2468\"\n               data-description=\"\"\n               data-image-slug=\"img_2468\"\n               class=\"shutterset_57d88d0128dfac935a3754325baf3709\">\n                <img\n                    title=\"IMG_2468\"\n                    alt=\"IMG_2468\"\n                    src=\"http:\/\/www.karate-neuhofen.at\/wp-content\/gallery\/weihnachtsfeier-2025\/thumbs\/thumbs_IMG_2468.JPG\"\n                    width=\"240\"\n                    height=\"160\"\n                    style=\"max-width:100%;\"\n                \/>\n            <\/a>\n        <\/div>\n\t\t\t\t\t\t\t<\/div> \n\t\t\t\n        \n\t\t\t\t<div id=\"ngg-image-27\" class=\"ngg-gallery-thumbnail-box\" >\n\t\t\t\t        <div class=\"ngg-gallery-thumbnail\">\n            <a href=\"http:\/\/www.karate-neuhofen.at\/wp-content\/gallery\/weihnachtsfeier-2025\/IMG_2469.JPG\"\n               title=\"\"\n               data-src=\"http:\/\/www.karate-neuhofen.at\/wp-content\/gallery\/weihnachtsfeier-2025\/IMG_2469.JPG\"\n               data-thumbnail=\"http:\/\/www.karate-neuhofen.at\/wp-content\/gallery\/weihnachtsfeier-2025\/thumbs\/thumbs_IMG_2469.JPG\"\n               data-image-id=\"35086\"\n               data-title=\"IMG_2469\"\n               data-description=\"\"\n               data-image-slug=\"img_2469-1\"\n               class=\"shutterset_57d88d0128dfac935a3754325baf3709\">\n                <img\n                    title=\"IMG_2469\"\n                    alt=\"IMG_2469\"\n                    src=\"http:\/\/www.karate-neuhofen.at\/wp-content\/gallery\/weihnachtsfeier-2025\/thumbs\/thumbs_IMG_2469.JPG\"\n                    width=\"240\"\n                    height=\"160\"\n                    style=\"max-width:100%;\"\n                \/>\n            <\/a>\n        <\/div>\n\t\t\t\t\t\t\t<\/div> \n\t\t\t\n        \n\t\t\t\t<div id=\"ngg-image-28\" class=\"ngg-gallery-thumbnail-box\" >\n\t\t\t\t        <div class=\"ngg-gallery-thumbnail\">\n            <a href=\"http:\/\/www.karate-neuhofen.at\/wp-content\/gallery\/weihnachtsfeier-2025\/IMG_2470.JPG\"\n               title=\"\"\n               data-src=\"http:\/\/www.karate-neuhofen.at\/wp-content\/gallery\/weihnachtsfeier-2025\/IMG_2470.JPG\"\n               data-thumbnail=\"http:\/\/www.karate-neuhofen.at\/wp-content\/gallery\/weihnachtsfeier-2025\/thumbs\/thumbs_IMG_2470.JPG\"\n               data-image-id=\"35088\"\n               data-title=\"IMG_2470\"\n               data-description=\"\"\n               data-image-slug=\"img_2470\"\n               class=\"shutterset_57d88d0128dfac935a3754325baf3709\">\n                <img\n                    title=\"IMG_2470\"\n                    alt=\"IMG_2470\"\n                    src=\"http:\/\/www.karate-neuhofen.at\/wp-content\/gallery\/weihnachtsfeier-2025\/thumbs\/thumbs_IMG_2470.JPG\"\n                    width=\"240\"\n                    height=\"160\"\n                    style=\"max-width:100%;\"\n                \/>\n            <\/a>\n        <\/div>\n\t\t\t\t\t\t\t<\/div> \n\t\t\t\n        \n\t\t\t\t<div id=\"ngg-image-29\" class=\"ngg-gallery-thumbnail-box\" >\n\t\t\t\t        <div class=\"ngg-gallery-thumbnail\">\n            <a href=\"http:\/\/www.karate-neuhofen.at\/wp-content\/gallery\/weihnachtsfeier-2025\/IMG_2471.JPG\"\n               title=\"\"\n               data-src=\"http:\/\/www.karate-neuhofen.at\/wp-content\/gallery\/weihnachtsfeier-2025\/IMG_2471.JPG\"\n               data-thumbnail=\"http:\/\/www.karate-neuhofen.at\/wp-content\/gallery\/weihnachtsfeier-2025\/thumbs\/thumbs_IMG_2471.JPG\"\n               data-image-id=\"35090\"\n               data-title=\"IMG_2471\"\n               data-description=\"\"\n               data-image-slug=\"img_2471\"\n               class=\"shutterset_57d88d0128dfac935a3754325baf3709\">\n                <img\n                    title=\"IMG_2471\"\n                    alt=\"IMG_2471\"\n                    src=\"http:\/\/www.karate-neuhofen.at\/wp-content\/gallery\/weihnachtsfeier-2025\/thumbs\/thumbs_IMG_2471.JPG\"\n                    width=\"240\"\n                    height=\"160\"\n                    style=\"max-width:100%;\"\n                \/>\n            <\/a>\n        <\/div>\n\t\t\t\t\t\t\t<\/div> \n\t\t\t\n        \n\t\t\t\t<div id=\"ngg-image-30\" class=\"ngg-gallery-thumbnail-box\" >\n\t\t\t\t        <div class=\"ngg-gallery-thumbnail\">\n            <a href=\"http:\/\/www.karate-neuhofen.at\/wp-content\/gallery\/weihnachtsfeier-2025\/IMG_2475.JPG\"\n               title=\"\"\n               data-src=\"http:\/\/www.karate-neuhofen.at\/wp-content\/gallery\/weihnachtsfeier-2025\/IMG_2475.JPG\"\n               data-thumbnail=\"http:\/\/www.karate-neuhofen.at\/wp-content\/gallery\/weihnachtsfeier-2025\/thumbs\/thumbs_IMG_2475.JPG\"\n               data-image-id=\"35091\"\n               data-title=\"IMG_2475\"\n               data-description=\"\"\n               data-image-slug=\"img_2475-1\"\n               class=\"shutterset_57d88d0128dfac935a3754325baf3709\">\n                <img\n                    title=\"IMG_2475\"\n                    alt=\"IMG_2475\"\n                    src=\"http:\/\/www.karate-neuhofen.at\/wp-content\/gallery\/weihnachtsfeier-2025\/thumbs\/thumbs_IMG_2475.JPG\"\n                    width=\"240\"\n                    height=\"160\"\n                    style=\"max-width:100%;\"\n                \/>\n            <\/a>\n        <\/div>\n\t\t\t\t\t\t\t<\/div> \n\t\t\t\n        \n\t\t\t\t<div id=\"ngg-image-31\" class=\"ngg-gallery-thumbnail-box\" >\n\t\t\t\t        <div class=\"ngg-gallery-thumbnail\">\n            <a href=\"http:\/\/www.karate-neuhofen.at\/wp-content\/gallery\/weihnachtsfeier-2025\/IMG_2476.JPG\"\n               title=\"\"\n               data-src=\"http:\/\/www.karate-neuhofen.at\/wp-content\/gallery\/weihnachtsfeier-2025\/IMG_2476.JPG\"\n               data-thumbnail=\"http:\/\/www.karate-neuhofen.at\/wp-content\/gallery\/weihnachtsfeier-2025\/thumbs\/thumbs_IMG_2476.JPG\"\n               data-image-id=\"35092\"\n               data-title=\"IMG_2476\"\n               data-description=\"\"\n               data-image-slug=\"img_2476\"\n               class=\"shutterset_57d88d0128dfac935a3754325baf3709\">\n                <img\n                    title=\"IMG_2476\"\n                    alt=\"IMG_2476\"\n                    src=\"http:\/\/www.karate-neuhofen.at\/wp-content\/gallery\/weihnachtsfeier-2025\/thumbs\/thumbs_IMG_2476.JPG\"\n                    width=\"240\"\n                    height=\"160\"\n                    style=\"max-width:100%;\"\n                \/>\n            <\/a>\n        <\/div>\n\t\t\t\t\t\t\t<\/div> \n\t\t\t\n        \n\t\t\t\t<div id=\"ngg-image-32\" class=\"ngg-gallery-thumbnail-box\" >\n\t\t\t\t        <div class=\"ngg-gallery-thumbnail\">\n            <a href=\"http:\/\/www.karate-neuhofen.at\/wp-content\/gallery\/weihnachtsfeier-2025\/IMG_2478.JPG\"\n               title=\"\"\n               data-src=\"http:\/\/www.karate-neuhofen.at\/wp-content\/gallery\/weihnachtsfeier-2025\/IMG_2478.JPG\"\n               data-thumbnail=\"http:\/\/www.karate-neuhofen.at\/wp-content\/gallery\/weihnachtsfeier-2025\/thumbs\/thumbs_IMG_2478.JPG\"\n               data-image-id=\"35093\"\n               data-title=\"IMG_2478\"\n               data-description=\"\"\n               data-image-slug=\"img_2478-1\"\n               class=\"shutterset_57d88d0128dfac935a3754325baf3709\">\n                <img\n                    title=\"IMG_2478\"\n                    alt=\"IMG_2478\"\n                    src=\"http:\/\/www.karate-neuhofen.at\/wp-content\/gallery\/weihnachtsfeier-2025\/thumbs\/thumbs_IMG_2478.JPG\"\n                    width=\"240\"\n                    height=\"160\"\n                    style=\"max-width:100%;\"\n                \/>\n            <\/a>\n        <\/div>\n\t\t\t\t\t\t\t<\/div> \n\t\t\t\n        \n\t\t\t\t<div id=\"ngg-image-33\" class=\"ngg-gallery-thumbnail-box\" >\n\t\t\t\t        <div class=\"ngg-gallery-thumbnail\">\n            <a href=\"http:\/\/www.karate-neuhofen.at\/wp-content\/gallery\/weihnachtsfeier-2025\/IMG_2479.JPG\"\n               title=\"\"\n               data-src=\"http:\/\/www.karate-neuhofen.at\/wp-content\/gallery\/weihnachtsfeier-2025\/IMG_2479.JPG\"\n               data-thumbnail=\"http:\/\/www.karate-neuhofen.at\/wp-content\/gallery\/weihnachtsfeier-2025\/thumbs\/thumbs_IMG_2479.JPG\"\n               data-image-id=\"35094\"\n               data-title=\"IMG_2479\"\n               data-description=\"\"\n               data-image-slug=\"img_2479-1\"\n               class=\"shutterset_57d88d0128dfac935a3754325baf3709\">\n                <img\n                    title=\"IMG_2479\"\n                    alt=\"IMG_2479\"\n                    src=\"http:\/\/www.karate-neuhofen.at\/wp-content\/gallery\/weihnachtsfeier-2025\/thumbs\/thumbs_IMG_2479.JPG\"\n                    width=\"240\"\n                    height=\"160\"\n                    style=\"max-width:100%;\"\n                \/>\n            <\/a>\n        <\/div>\n\t\t\t\t\t\t\t<\/div> \n\t\t\t\n        \n\t\t\t\t<div id=\"ngg-image-34\" class=\"ngg-gallery-thumbnail-box\" >\n\t\t\t\t        <div class=\"ngg-gallery-thumbnail\">\n            <a href=\"http:\/\/www.karate-neuhofen.at\/wp-content\/gallery\/weihnachtsfeier-2025\/IMG_2480.JPG\"\n               title=\"\"\n               data-src=\"http:\/\/www.karate-neuhofen.at\/wp-content\/gallery\/weihnachtsfeier-2025\/IMG_2480.JPG\"\n               data-thumbnail=\"http:\/\/www.karate-neuhofen.at\/wp-content\/gallery\/weihnachtsfeier-2025\/thumbs\/thumbs_IMG_2480.JPG\"\n               data-image-id=\"35095\"\n               data-title=\"IMG_2480\"\n               data-description=\"\"\n               data-image-slug=\"img_2480-2\"\n               class=\"shutterset_57d88d0128dfac935a3754325baf3709\">\n                <img\n                    title=\"IMG_2480\"\n                    alt=\"IMG_2480\"\n                    src=\"http:\/\/www.karate-neuhofen.at\/wp-content\/gallery\/weihnachtsfeier-2025\/thumbs\/thumbs_IMG_2480.JPG\"\n                    width=\"240\"\n                    height=\"160\"\n                    style=\"max-width:100%;\"\n                \/>\n            <\/a>\n        <\/div>\n\t\t\t\t\t\t\t<\/div> \n\t\t\t\n        \n\t\t\t\t<div id=\"ngg-image-35\" class=\"ngg-gallery-thumbnail-box\" >\n\t\t\t\t        <div class=\"ngg-gallery-thumbnail\">\n            <a href=\"http:\/\/www.karate-neuhofen.at\/wp-content\/gallery\/weihnachtsfeier-2025\/IMG_2482.JPG\"\n               title=\"\"\n               data-src=\"http:\/\/www.karate-neuhofen.at\/wp-content\/gallery\/weihnachtsfeier-2025\/IMG_2482.JPG\"\n               data-thumbnail=\"http:\/\/www.karate-neuhofen.at\/wp-content\/gallery\/weihnachtsfeier-2025\/thumbs\/thumbs_IMG_2482.JPG\"\n               data-image-id=\"35096\"\n               data-title=\"IMG_2482\"\n               data-description=\"\"\n               data-image-slug=\"img_2482-1\"\n               class=\"shutterset_57d88d0128dfac935a3754325baf3709\">\n                <img\n                    title=\"IMG_2482\"\n                    alt=\"IMG_2482\"\n                    src=\"http:\/\/www.karate-neuhofen.at\/wp-content\/gallery\/weihnachtsfeier-2025\/thumbs\/thumbs_IMG_2482.JPG\"\n                    width=\"240\"\n                    height=\"160\"\n                    style=\"max-width:100%;\"\n                \/>\n            <\/a>\n        <\/div>\n\t\t\t\t\t\t\t<\/div> \n\t\t\t\n        \n\t\t\t\t<div id=\"ngg-image-36\" class=\"ngg-gallery-thumbnail-box\" >\n\t\t\t\t        <div class=\"ngg-gallery-thumbnail\">\n            <a href=\"http:\/\/www.karate-neuhofen.at\/wp-content\/gallery\/weihnachtsfeier-2025\/IMG_2483.JPG\"\n               title=\"\"\n               data-src=\"http:\/\/www.karate-neuhofen.at\/wp-content\/gallery\/weihnachtsfeier-2025\/IMG_2483.JPG\"\n               data-thumbnail=\"http:\/\/www.karate-neuhofen.at\/wp-content\/gallery\/weihnachtsfeier-2025\/thumbs\/thumbs_IMG_2483.JPG\"\n               data-image-id=\"35097\"\n               data-title=\"IMG_2483\"\n               data-description=\"\"\n               data-image-slug=\"img_2483\"\n               class=\"shutterset_57d88d0128dfac935a3754325baf3709\">\n                <img\n                    title=\"IMG_2483\"\n                    alt=\"IMG_2483\"\n                    src=\"http:\/\/www.karate-neuhofen.at\/wp-content\/gallery\/weihnachtsfeier-2025\/thumbs\/thumbs_IMG_2483.JPG\"\n                    width=\"240\"\n                    height=\"160\"\n                    style=\"max-width:100%;\"\n                \/>\n            <\/a>\n        <\/div>\n\t\t\t\t\t\t\t<\/div> \n\t\t\t\n        \n\t\t\t\t<div id=\"ngg-image-37\" class=\"ngg-gallery-thumbnail-box\" >\n\t\t\t\t        <div class=\"ngg-gallery-thumbnail\">\n            <a href=\"http:\/\/www.karate-neuhofen.at\/wp-content\/gallery\/weihnachtsfeier-2025\/IMG_2484.JPG\"\n               title=\"\"\n               data-src=\"http:\/\/www.karate-neuhofen.at\/wp-content\/gallery\/weihnachtsfeier-2025\/IMG_2484.JPG\"\n               data-thumbnail=\"http:\/\/www.karate-neuhofen.at\/wp-content\/gallery\/weihnachtsfeier-2025\/thumbs\/thumbs_IMG_2484.JPG\"\n               data-image-id=\"35098\"\n               data-title=\"IMG_2484\"\n               data-description=\"\"\n               data-image-slug=\"img_2484-1\"\n               class=\"shutterset_57d88d0128dfac935a3754325baf3709\">\n                <img\n                    title=\"IMG_2484\"\n                    alt=\"IMG_2484\"\n                    src=\"http:\/\/www.karate-neuhofen.at\/wp-content\/gallery\/weihnachtsfeier-2025\/thumbs\/thumbs_IMG_2484.JPG\"\n                    width=\"240\"\n                    height=\"160\"\n                    style=\"max-width:100%;\"\n                \/>\n            <\/a>\n        <\/div>\n\t\t\t\t\t\t\t<\/div> \n\t\t\t\n        \n\t\t\t\t<div id=\"ngg-image-38\" class=\"ngg-gallery-thumbnail-box\" >\n\t\t\t\t        <div class=\"ngg-gallery-thumbnail\">\n            <a href=\"http:\/\/www.karate-neuhofen.at\/wp-content\/gallery\/weihnachtsfeier-2025\/IMG_2485.JPG\"\n               title=\"\"\n               data-src=\"http:\/\/www.karate-neuhofen.at\/wp-content\/gallery\/weihnachtsfeier-2025\/IMG_2485.JPG\"\n               data-thumbnail=\"http:\/\/www.karate-neuhofen.at\/wp-content\/gallery\/weihnachtsfeier-2025\/thumbs\/thumbs_IMG_2485.JPG\"\n               data-image-id=\"35099\"\n               data-title=\"IMG_2485\"\n               data-description=\"\"\n               data-image-slug=\"img_2485-1\"\n               class=\"shutterset_57d88d0128dfac935a3754325baf3709\">\n                <img\n                    title=\"IMG_2485\"\n                    alt=\"IMG_2485\"\n                    src=\"http:\/\/www.karate-neuhofen.at\/wp-content\/gallery\/weihnachtsfeier-2025\/thumbs\/thumbs_IMG_2485.JPG\"\n                    width=\"240\"\n                    height=\"160\"\n                    style=\"max-width:100%;\"\n                \/>\n            <\/a>\n        <\/div>\n\t\t\t\t\t\t\t<\/div> \n\t\t\t\n        \n\t\t\t\t<div id=\"ngg-image-39\" class=\"ngg-gallery-thumbnail-box\" >\n\t\t\t\t        <div class=\"ngg-gallery-thumbnail\">\n            <a href=\"http:\/\/www.karate-neuhofen.at\/wp-content\/gallery\/weihnachtsfeier-2025\/IMG_2486.JPG\"\n               title=\"\"\n               data-src=\"http:\/\/www.karate-neuhofen.at\/wp-content\/gallery\/weihnachtsfeier-2025\/IMG_2486.JPG\"\n               data-thumbnail=\"http:\/\/www.karate-neuhofen.at\/wp-content\/gallery\/weihnachtsfeier-2025\/thumbs\/thumbs_IMG_2486.JPG\"\n               data-image-id=\"35100\"\n               data-title=\"IMG_2486\"\n               data-description=\"\"\n               data-image-slug=\"img_2486\"\n               class=\"shutterset_57d88d0128dfac935a3754325baf3709\">\n                <img\n                    title=\"IMG_2486\"\n                    alt=\"IMG_2486\"\n                    src=\"http:\/\/www.karate-neuhofen.at\/wp-content\/gallery\/weihnachtsfeier-2025\/thumbs\/thumbs_IMG_2486.JPG\"\n                    width=\"240\"\n                    height=\"160\"\n                    style=\"max-width:100%;\"\n                \/>\n            <\/a>\n        <\/div>\n\t\t\t\t\t\t\t<\/div> \n\t\t\t\n        \n\t\t\t\t<div id=\"ngg-image-40\" class=\"ngg-gallery-thumbnail-box\" >\n\t\t\t\t        <div class=\"ngg-gallery-thumbnail\">\n            <a href=\"http:\/\/www.karate-neuhofen.at\/wp-content\/gallery\/weihnachtsfeier-2025\/IMG_2487.JPG\"\n               title=\"\"\n               data-src=\"http:\/\/www.karate-neuhofen.at\/wp-content\/gallery\/weihnachtsfeier-2025\/IMG_2487.JPG\"\n               data-thumbnail=\"http:\/\/www.karate-neuhofen.at\/wp-content\/gallery\/weihnachtsfeier-2025\/thumbs\/thumbs_IMG_2487.JPG\"\n               data-image-id=\"35101\"\n               data-title=\"IMG_2487\"\n               data-description=\"\"\n               data-image-slug=\"img_2487\"\n               class=\"shutterset_57d88d0128dfac935a3754325baf3709\">\n                <img\n                    title=\"IMG_2487\"\n                    alt=\"IMG_2487\"\n                    src=\"http:\/\/www.karate-neuhofen.at\/wp-content\/gallery\/weihnachtsfeier-2025\/thumbs\/thumbs_IMG_2487.JPG\"\n                    width=\"240\"\n                    height=\"160\"\n                    style=\"max-width:100%;\"\n                \/>\n            <\/a>\n        <\/div>\n\t\t\t\t\t\t\t<\/div> \n\t\t\t\n        \n\t\t\t\t<div id=\"ngg-image-41\" class=\"ngg-gallery-thumbnail-box\" >\n\t\t\t\t        <div class=\"ngg-gallery-thumbnail\">\n            <a href=\"http:\/\/www.karate-neuhofen.at\/wp-content\/gallery\/weihnachtsfeier-2025\/IMG_2488.JPG\"\n               title=\"\"\n               data-src=\"http:\/\/www.karate-neuhofen.at\/wp-content\/gallery\/weihnachtsfeier-2025\/IMG_2488.JPG\"\n               data-thumbnail=\"http:\/\/www.karate-neuhofen.at\/wp-content\/gallery\/weihnachtsfeier-2025\/thumbs\/thumbs_IMG_2488.JPG\"\n               data-image-id=\"35102\"\n               data-title=\"IMG_2488\"\n               data-description=\"\"\n               data-image-slug=\"img_2488-1\"\n               class=\"shutterset_57d88d0128dfac935a3754325baf3709\">\n                <img\n                    title=\"IMG_2488\"\n                    alt=\"IMG_2488\"\n                    src=\"http:\/\/www.karate-neuhofen.at\/wp-content\/gallery\/weihnachtsfeier-2025\/thumbs\/thumbs_IMG_2488.JPG\"\n                    width=\"240\"\n                    height=\"160\"\n                    style=\"max-width:100%;\"\n                \/>\n            <\/a>\n        <\/div>\n\t\t\t\t\t\t\t<\/div> \n\t\t\t\n        \n\t\t\t\t<div id=\"ngg-image-42\" class=\"ngg-gallery-thumbnail-box\" >\n\t\t\t\t        <div class=\"ngg-gallery-thumbnail\">\n            <a href=\"http:\/\/www.karate-neuhofen.at\/wp-content\/gallery\/weihnachtsfeier-2025\/IMG_2489.JPG\"\n               title=\"\"\n               data-src=\"http:\/\/www.karate-neuhofen.at\/wp-content\/gallery\/weihnachtsfeier-2025\/IMG_2489.JPG\"\n               data-thumbnail=\"http:\/\/www.karate-neuhofen.at\/wp-content\/gallery\/weihnachtsfeier-2025\/thumbs\/thumbs_IMG_2489.JPG\"\n               data-image-id=\"35103\"\n               data-title=\"IMG_2489\"\n               data-description=\"\"\n               data-image-slug=\"img_2489-1\"\n               class=\"shutterset_57d88d0128dfac935a3754325baf3709\">\n                <img\n                    title=\"IMG_2489\"\n                    alt=\"IMG_2489\"\n                    src=\"http:\/\/www.karate-neuhofen.at\/wp-content\/gallery\/weihnachtsfeier-2025\/thumbs\/thumbs_IMG_2489.JPG\"\n                    width=\"240\"\n                    height=\"160\"\n                    style=\"max-width:100%;\"\n                \/>\n            <\/a>\n        <\/div>\n\t\t\t\t\t\t\t<\/div> \n\t\t\t\n        \n\t\t\t\t<div id=\"ngg-image-43\" class=\"ngg-gallery-thumbnail-box\" >\n\t\t\t\t        <div class=\"ngg-gallery-thumbnail\">\n            <a href=\"http:\/\/www.karate-neuhofen.at\/wp-content\/gallery\/weihnachtsfeier-2025\/IMG_2490.JPG\"\n               title=\"\"\n               data-src=\"http:\/\/www.karate-neuhofen.at\/wp-content\/gallery\/weihnachtsfeier-2025\/IMG_2490.JPG\"\n               data-thumbnail=\"http:\/\/www.karate-neuhofen.at\/wp-content\/gallery\/weihnachtsfeier-2025\/thumbs\/thumbs_IMG_2490.JPG\"\n               data-image-id=\"35104\"\n               data-title=\"IMG_2490\"\n               data-description=\"\"\n               data-image-slug=\"img_2490\"\n               class=\"shutterset_57d88d0128dfac935a3754325baf3709\">\n                <img\n                    title=\"IMG_2490\"\n                    alt=\"IMG_2490\"\n                    src=\"http:\/\/www.karate-neuhofen.at\/wp-content\/gallery\/weihnachtsfeier-2025\/thumbs\/thumbs_IMG_2490.JPG\"\n                    width=\"240\"\n                    height=\"160\"\n                    style=\"max-width:100%;\"\n                \/>\n            <\/a>\n        <\/div>\n\t\t\t\t\t\t\t<\/div> \n\t\t\t\n        \n\t\t\t\t<div id=\"ngg-image-44\" class=\"ngg-gallery-thumbnail-box\" >\n\t\t\t\t        <div class=\"ngg-gallery-thumbnail\">\n            <a href=\"http:\/\/www.karate-neuhofen.at\/wp-content\/gallery\/weihnachtsfeier-2025\/IMG_2492.JPG\"\n               title=\"\"\n               data-src=\"http:\/\/www.karate-neuhofen.at\/wp-content\/gallery\/weihnachtsfeier-2025\/IMG_2492.JPG\"\n               data-thumbnail=\"http:\/\/www.karate-neuhofen.at\/wp-content\/gallery\/weihnachtsfeier-2025\/thumbs\/thumbs_IMG_2492.JPG\"\n               data-image-id=\"35105\"\n               data-title=\"IMG_2492\"\n               data-description=\"\"\n               data-image-slug=\"img_2492\"\n               class=\"shutterset_57d88d0128dfac935a3754325baf3709\">\n                <img\n                    title=\"IMG_2492\"\n                    alt=\"IMG_2492\"\n                    src=\"http:\/\/www.karate-neuhofen.at\/wp-content\/gallery\/weihnachtsfeier-2025\/thumbs\/thumbs_IMG_2492.JPG\"\n                    width=\"240\"\n                    height=\"160\"\n                    style=\"max-width:100%;\"\n                \/>\n            <\/a>\n        <\/div>\n\t\t\t\t\t\t\t<\/div> \n\t\t\t\n        \n\t\t\t\t<div id=\"ngg-image-45\" class=\"ngg-gallery-thumbnail-box\" >\n\t\t\t\t        <div class=\"ngg-gallery-thumbnail\">\n            <a href=\"http:\/\/www.karate-neuhofen.at\/wp-content\/gallery\/weihnachtsfeier-2025\/IMG_2494.JPG\"\n               title=\"\"\n               data-src=\"http:\/\/www.karate-neuhofen.at\/wp-content\/gallery\/weihnachtsfeier-2025\/IMG_2494.JPG\"\n               data-thumbnail=\"http:\/\/www.karate-neuhofen.at\/wp-content\/gallery\/weihnachtsfeier-2025\/thumbs\/thumbs_IMG_2494.JPG\"\n               data-image-id=\"35106\"\n               data-title=\"IMG_2494\"\n               data-description=\"\"\n               data-image-slug=\"img_2494-2\"\n               class=\"shutterset_57d88d0128dfac935a3754325baf3709\">\n                <img\n                    title=\"IMG_2494\"\n                    alt=\"IMG_2494\"\n                    src=\"http:\/\/www.karate-neuhofen.at\/wp-content\/gallery\/weihnachtsfeier-2025\/thumbs\/thumbs_IMG_2494.JPG\"\n                    width=\"240\"\n                    height=\"160\"\n                    style=\"max-width:100%;\"\n                \/>\n            <\/a>\n        <\/div>\n\t\t\t\t\t\t\t<\/div> \n\t\t\t\n        \n\t\t\t\t<div id=\"ngg-image-46\" class=\"ngg-gallery-thumbnail-box\" >\n\t\t\t\t        <div class=\"ngg-gallery-thumbnail\">\n            <a href=\"http:\/\/www.karate-neuhofen.at\/wp-content\/gallery\/weihnachtsfeier-2025\/IMG_2495.JPG\"\n               title=\"\"\n               data-src=\"http:\/\/www.karate-neuhofen.at\/wp-content\/gallery\/weihnachtsfeier-2025\/IMG_2495.JPG\"\n               data-thumbnail=\"http:\/\/www.karate-neuhofen.at\/wp-content\/gallery\/weihnachtsfeier-2025\/thumbs\/thumbs_IMG_2495.JPG\"\n               data-image-id=\"35107\"\n               data-title=\"IMG_2495\"\n               data-description=\"\"\n               data-image-slug=\"img_2495-1\"\n               class=\"shutterset_57d88d0128dfac935a3754325baf3709\">\n                <img\n                    title=\"IMG_2495\"\n                    alt=\"IMG_2495\"\n                    src=\"http:\/\/www.karate-neuhofen.at\/wp-content\/gallery\/weihnachtsfeier-2025\/thumbs\/thumbs_IMG_2495.JPG\"\n                    width=\"240\"\n                    height=\"160\"\n                    style=\"max-width:100%;\"\n                \/>\n            <\/a>\n        <\/div>\n\t\t\t\t\t\t\t<\/div> \n\t\t\t\n        \n\t\t\t\t<div id=\"ngg-image-47\" class=\"ngg-gallery-thumbnail-box\" >\n\t\t\t\t        <div class=\"ngg-gallery-thumbnail\">\n            <a href=\"http:\/\/www.karate-neuhofen.at\/wp-content\/gallery\/weihnachtsfeier-2025\/IMG_2496.JPG\"\n               title=\"\"\n               data-src=\"http:\/\/www.karate-neuhofen.at\/wp-content\/gallery\/weihnachtsfeier-2025\/IMG_2496.JPG\"\n               data-thumbnail=\"http:\/\/www.karate-neuhofen.at\/wp-content\/gallery\/weihnachtsfeier-2025\/thumbs\/thumbs_IMG_2496.JPG\"\n               data-image-id=\"35108\"\n               data-title=\"IMG_2496\"\n               data-description=\"\"\n               data-image-slug=\"img_2496-1\"\n               class=\"shutterset_57d88d0128dfac935a3754325baf3709\">\n                <img\n                    title=\"IMG_2496\"\n                    alt=\"IMG_2496\"\n                    src=\"http:\/\/www.karate-neuhofen.at\/wp-content\/gallery\/weihnachtsfeier-2025\/thumbs\/thumbs_IMG_2496.JPG\"\n                    width=\"240\"\n                    height=\"160\"\n                    style=\"max-width:100%;\"\n                \/>\n            <\/a>\n        <\/div>\n\t\t\t\t\t\t\t<\/div> \n\t\t\t\n        \n\t\t\t\t<div id=\"ngg-image-48\" class=\"ngg-gallery-thumbnail-box\" >\n\t\t\t\t        <div class=\"ngg-gallery-thumbnail\">\n            <a href=\"http:\/\/www.karate-neuhofen.at\/wp-content\/gallery\/weihnachtsfeier-2025\/IMG_2497.JPG\"\n               title=\"\"\n               data-src=\"http:\/\/www.karate-neuhofen.at\/wp-content\/gallery\/weihnachtsfeier-2025\/IMG_2497.JPG\"\n               data-thumbnail=\"http:\/\/www.karate-neuhofen.at\/wp-content\/gallery\/weihnachtsfeier-2025\/thumbs\/thumbs_IMG_2497.JPG\"\n               data-image-id=\"35109\"\n               data-title=\"IMG_2497\"\n               data-description=\"\"\n               data-image-slug=\"img_2497\"\n               class=\"shutterset_57d88d0128dfac935a3754325baf3709\">\n                <img\n                    title=\"IMG_2497\"\n                    alt=\"IMG_2497\"\n                    src=\"http:\/\/www.karate-neuhofen.at\/wp-content\/gallery\/weihnachtsfeier-2025\/thumbs\/thumbs_IMG_2497.JPG\"\n                    width=\"240\"\n                    height=\"160\"\n                    style=\"max-width:100%;\"\n                \/>\n            <\/a>\n        <\/div>\n\t\t\t\t\t\t\t<\/div> \n\t\t\t\n        \n\t\t\t\t<div id=\"ngg-image-49\" class=\"ngg-gallery-thumbnail-box\" >\n\t\t\t\t        <div class=\"ngg-gallery-thumbnail\">\n            <a href=\"http:\/\/www.karate-neuhofen.at\/wp-content\/gallery\/weihnachtsfeier-2025\/IMG_2498.JPG\"\n               title=\"\"\n               data-src=\"http:\/\/www.karate-neuhofen.at\/wp-content\/gallery\/weihnachtsfeier-2025\/IMG_2498.JPG\"\n               data-thumbnail=\"http:\/\/www.karate-neuhofen.at\/wp-content\/gallery\/weihnachtsfeier-2025\/thumbs\/thumbs_IMG_2498.JPG\"\n               data-image-id=\"35110\"\n               data-title=\"IMG_2498\"\n               data-description=\"\"\n               data-image-slug=\"img_2498-1\"\n               class=\"shutterset_57d88d0128dfac935a3754325baf3709\">\n                <img\n                    title=\"IMG_2498\"\n                    alt=\"IMG_2498\"\n                    src=\"http:\/\/www.karate-neuhofen.at\/wp-content\/gallery\/weihnachtsfeier-2025\/thumbs\/thumbs_IMG_2498.JPG\"\n                    width=\"240\"\n                    height=\"160\"\n                    style=\"max-width:100%;\"\n                \/>\n            <\/a>\n        <\/div>\n\t\t\t\t\t\t\t<\/div> \n\t\t\t\n        \n\t\t\t\t<div id=\"ngg-image-50\" class=\"ngg-gallery-thumbnail-box\" >\n\t\t\t\t        <div class=\"ngg-gallery-thumbnail\">\n            <a href=\"http:\/\/www.karate-neuhofen.at\/wp-content\/gallery\/weihnachtsfeier-2025\/IMG_2500.JPG\"\n               title=\"\"\n               data-src=\"http:\/\/www.karate-neuhofen.at\/wp-content\/gallery\/weihnachtsfeier-2025\/IMG_2500.JPG\"\n               data-thumbnail=\"http:\/\/www.karate-neuhofen.at\/wp-content\/gallery\/weihnachtsfeier-2025\/thumbs\/thumbs_IMG_2500.JPG\"\n               data-image-id=\"35111\"\n               data-title=\"IMG_2500\"\n               data-description=\"\"\n               data-image-slug=\"img_2500-1\"\n               class=\"shutterset_57d88d0128dfac935a3754325baf3709\">\n                <img\n                    title=\"IMG_2500\"\n                    alt=\"IMG_2500\"\n                    src=\"http:\/\/www.karate-neuhofen.at\/wp-content\/gallery\/weihnachtsfeier-2025\/thumbs\/thumbs_IMG_2500.JPG\"\n                    width=\"240\"\n                    height=\"160\"\n                    style=\"max-width:100%;\"\n                \/>\n            <\/a>\n        <\/div>\n\t\t\t\t\t\t\t<\/div> \n\t\t\t\n        \n\t\t\t\t<div id=\"ngg-image-51\" class=\"ngg-gallery-thumbnail-box\" >\n\t\t\t\t        <div class=\"ngg-gallery-thumbnail\">\n            <a href=\"http:\/\/www.karate-neuhofen.at\/wp-content\/gallery\/weihnachtsfeier-2025\/IMG_2501.JPG\"\n               title=\"\"\n               data-src=\"http:\/\/www.karate-neuhofen.at\/wp-content\/gallery\/weihnachtsfeier-2025\/IMG_2501.JPG\"\n               data-thumbnail=\"http:\/\/www.karate-neuhofen.at\/wp-content\/gallery\/weihnachtsfeier-2025\/thumbs\/thumbs_IMG_2501.JPG\"\n               data-image-id=\"35112\"\n               data-title=\"IMG_2501\"\n               data-description=\"\"\n               data-image-slug=\"img_2501-1\"\n               class=\"shutterset_57d88d0128dfac935a3754325baf3709\">\n                <img\n                    title=\"IMG_2501\"\n                    alt=\"IMG_2501\"\n                    src=\"http:\/\/www.karate-neuhofen.at\/wp-content\/gallery\/weihnachtsfeier-2025\/thumbs\/thumbs_IMG_2501.JPG\"\n                    width=\"240\"\n                    height=\"160\"\n                    style=\"max-width:100%;\"\n                \/>\n            <\/a>\n        <\/div>\n\t\t\t\t\t\t\t<\/div> \n\t\t\t\n        \n\t\t\t\t<div id=\"ngg-image-52\" class=\"ngg-gallery-thumbnail-box\" >\n\t\t\t\t        <div class=\"ngg-gallery-thumbnail\">\n            <a href=\"http:\/\/www.karate-neuhofen.at\/wp-content\/gallery\/weihnachtsfeier-2025\/IMG_2502.JPG\"\n               title=\"\"\n               data-src=\"http:\/\/www.karate-neuhofen.at\/wp-content\/gallery\/weihnachtsfeier-2025\/IMG_2502.JPG\"\n               data-thumbnail=\"http:\/\/www.karate-neuhofen.at\/wp-content\/gallery\/weihnachtsfeier-2025\/thumbs\/thumbs_IMG_2502.JPG\"\n               data-image-id=\"35113\"\n               data-title=\"IMG_2502\"\n               data-description=\"\"\n               data-image-slug=\"img_2502-1\"\n               class=\"shutterset_57d88d0128dfac935a3754325baf3709\">\n                <img\n                    title=\"IMG_2502\"\n                    alt=\"IMG_2502\"\n                    src=\"http:\/\/www.karate-neuhofen.at\/wp-content\/gallery\/weihnachtsfeier-2025\/thumbs\/thumbs_IMG_2502.JPG\"\n                    width=\"240\"\n                    height=\"160\"\n                    style=\"max-width:100%;\"\n                \/>\n            <\/a>\n        <\/div>\n\t\t\t\t\t\t\t<\/div> \n\t\t\t\n        \n\t\t\t\t<div id=\"ngg-image-53\" class=\"ngg-gallery-thumbnail-box\" >\n\t\t\t\t        <div class=\"ngg-gallery-thumbnail\">\n            <a href=\"http:\/\/www.karate-neuhofen.at\/wp-content\/gallery\/weihnachtsfeier-2025\/IMG_2503.JPG\"\n               title=\"\"\n               data-src=\"http:\/\/www.karate-neuhofen.at\/wp-content\/gallery\/weihnachtsfeier-2025\/IMG_2503.JPG\"\n               data-thumbnail=\"http:\/\/www.karate-neuhofen.at\/wp-content\/gallery\/weihnachtsfeier-2025\/thumbs\/thumbs_IMG_2503.JPG\"\n               data-image-id=\"35114\"\n               data-title=\"IMG_2503\"\n               data-description=\"\"\n               data-image-slug=\"img_2503-2\"\n               class=\"shutterset_57d88d0128dfac935a3754325baf3709\">\n                <img\n                    title=\"IMG_2503\"\n                    alt=\"IMG_2503\"\n                    src=\"http:\/\/www.karate-neuhofen.at\/wp-content\/gallery\/weihnachtsfeier-2025\/thumbs\/thumbs_IMG_2503.JPG\"\n                    width=\"240\"\n                    height=\"160\"\n                    style=\"max-width:100%;\"\n                \/>\n            <\/a>\n        <\/div>\n\t\t\t\t\t\t\t<\/div> \n\t\t\t\n        \n\t\t\t\t<div id=\"ngg-image-54\" class=\"ngg-gallery-thumbnail-box\" >\n\t\t\t\t        <div class=\"ngg-gallery-thumbnail\">\n            <a href=\"http:\/\/www.karate-neuhofen.at\/wp-content\/gallery\/weihnachtsfeier-2025\/IMG_2504.JPG\"\n               title=\"\"\n               data-src=\"http:\/\/www.karate-neuhofen.at\/wp-content\/gallery\/weihnachtsfeier-2025\/IMG_2504.JPG\"\n               data-thumbnail=\"http:\/\/www.karate-neuhofen.at\/wp-content\/gallery\/weihnachtsfeier-2025\/thumbs\/thumbs_IMG_2504.JPG\"\n               data-image-id=\"35115\"\n               data-title=\"IMG_2504\"\n               data-description=\"\"\n               data-image-slug=\"img_2504-1\"\n               class=\"shutterset_57d88d0128dfac935a3754325baf3709\">\n                <img\n                    title=\"IMG_2504\"\n                    alt=\"IMG_2504\"\n                    src=\"http:\/\/www.karate-neuhofen.at\/wp-content\/gallery\/weihnachtsfeier-2025\/thumbs\/thumbs_IMG_2504.JPG\"\n                    width=\"240\"\n                    height=\"160\"\n                    style=\"max-width:100%;\"\n                \/>\n            <\/a>\n        <\/div>\n\t\t\t\t\t\t\t<\/div> \n\t\t\t\n        \n\t\t\t\t<div id=\"ngg-image-55\" class=\"ngg-gallery-thumbnail-box\" >\n\t\t\t\t        <div class=\"ngg-gallery-thumbnail\">\n            <a href=\"http:\/\/www.karate-neuhofen.at\/wp-content\/gallery\/weihnachtsfeier-2025\/IMG_2506.JPG\"\n               title=\"\"\n               data-src=\"http:\/\/www.karate-neuhofen.at\/wp-content\/gallery\/weihnachtsfeier-2025\/IMG_2506.JPG\"\n               data-thumbnail=\"http:\/\/www.karate-neuhofen.at\/wp-content\/gallery\/weihnachtsfeier-2025\/thumbs\/thumbs_IMG_2506.JPG\"\n               data-image-id=\"35116\"\n               data-title=\"IMG_2506\"\n               data-description=\"\"\n               data-image-slug=\"img_2506\"\n               class=\"shutterset_57d88d0128dfac935a3754325baf3709\">\n                <img\n                    title=\"IMG_2506\"\n                    alt=\"IMG_2506\"\n                    src=\"http:\/\/www.karate-neuhofen.at\/wp-content\/gallery\/weihnachtsfeier-2025\/thumbs\/thumbs_IMG_2506.JPG\"\n                    width=\"240\"\n                    height=\"160\"\n                    style=\"max-width:100%;\"\n                \/>\n            <\/a>\n        <\/div>\n\t\t\t\t\t\t\t<\/div> \n\t\t\t\n        \n\t\t\t\t<div id=\"ngg-image-56\" class=\"ngg-gallery-thumbnail-box\" >\n\t\t\t\t        <div class=\"ngg-gallery-thumbnail\">\n            <a href=\"http:\/\/www.karate-neuhofen.at\/wp-content\/gallery\/weihnachtsfeier-2025\/IMG_2507.JPG\"\n               title=\"\"\n               data-src=\"http:\/\/www.karate-neuhofen.at\/wp-content\/gallery\/weihnachtsfeier-2025\/IMG_2507.JPG\"\n               data-thumbnail=\"http:\/\/www.karate-neuhofen.at\/wp-content\/gallery\/weihnachtsfeier-2025\/thumbs\/thumbs_IMG_2507.JPG\"\n               data-image-id=\"35117\"\n               data-title=\"IMG_2507\"\n               data-description=\"\"\n               data-image-slug=\"img_2507-1\"\n               class=\"shutterset_57d88d0128dfac935a3754325baf3709\">\n                <img\n                    title=\"IMG_2507\"\n                    alt=\"IMG_2507\"\n                    src=\"http:\/\/www.karate-neuhofen.at\/wp-content\/gallery\/weihnachtsfeier-2025\/thumbs\/thumbs_IMG_2507.JPG\"\n                    width=\"240\"\n                    height=\"160\"\n                    style=\"max-width:100%;\"\n                \/>\n            <\/a>\n        <\/div>\n\t\t\t\t\t\t\t<\/div> \n\t\t\t\n        \n\t\t\t\t<div id=\"ngg-image-57\" class=\"ngg-gallery-thumbnail-box\" >\n\t\t\t\t        <div class=\"ngg-gallery-thumbnail\">\n            <a href=\"http:\/\/www.karate-neuhofen.at\/wp-content\/gallery\/weihnachtsfeier-2025\/IMG_2508.JPG\"\n               title=\"\"\n               data-src=\"http:\/\/www.karate-neuhofen.at\/wp-content\/gallery\/weihnachtsfeier-2025\/IMG_2508.JPG\"\n               data-thumbnail=\"http:\/\/www.karate-neuhofen.at\/wp-content\/gallery\/weihnachtsfeier-2025\/thumbs\/thumbs_IMG_2508.JPG\"\n               data-image-id=\"35119\"\n               data-title=\"IMG_2508\"\n               data-description=\"\"\n               data-image-slug=\"img_2508-1\"\n               class=\"shutterset_57d88d0128dfac935a3754325baf3709\">\n                <img\n                    title=\"IMG_2508\"\n                    alt=\"IMG_2508\"\n                    src=\"http:\/\/www.karate-neuhofen.at\/wp-content\/gallery\/weihnachtsfeier-2025\/thumbs\/thumbs_IMG_2508.JPG\"\n                    width=\"240\"\n                    height=\"160\"\n                    style=\"max-width:100%;\"\n                \/>\n            <\/a>\n        <\/div>\n\t\t\t\t\t\t\t<\/div> \n\t\t\t\n        \n\t\t\t\t<div id=\"ngg-image-58\" class=\"ngg-gallery-thumbnail-box\" >\n\t\t\t\t        <div class=\"ngg-gallery-thumbnail\">\n            <a href=\"http:\/\/www.karate-neuhofen.at\/wp-content\/gallery\/weihnachtsfeier-2025\/IMG_2509.JPG\"\n               title=\"\"\n               data-src=\"http:\/\/www.karate-neuhofen.at\/wp-content\/gallery\/weihnachtsfeier-2025\/IMG_2509.JPG\"\n               data-thumbnail=\"http:\/\/www.karate-neuhofen.at\/wp-content\/gallery\/weihnachtsfeier-2025\/thumbs\/thumbs_IMG_2509.JPG\"\n               data-image-id=\"35118\"\n               data-title=\"IMG_2509\"\n               data-description=\"\"\n               data-image-slug=\"img_2509-1\"\n               class=\"shutterset_57d88d0128dfac935a3754325baf3709\">\n                <img\n                    title=\"IMG_2509\"\n                    alt=\"IMG_2509\"\n                    src=\"http:\/\/www.karate-neuhofen.at\/wp-content\/gallery\/weihnachtsfeier-2025\/thumbs\/thumbs_IMG_2509.JPG\"\n                    width=\"240\"\n                    height=\"160\"\n                    style=\"max-width:100%;\"\n                \/>\n            <\/a>\n        <\/div>\n\t\t\t\t\t\t\t<\/div> \n\t\t\t\n        \n\t\t\t\t<div id=\"ngg-image-59\" class=\"ngg-gallery-thumbnail-box\" >\n\t\t\t\t        <div class=\"ngg-gallery-thumbnail\">\n            <a href=\"http:\/\/www.karate-neuhofen.at\/wp-content\/gallery\/weihnachtsfeier-2025\/IMG_2510.JPG\"\n               title=\"\"\n               data-src=\"http:\/\/www.karate-neuhofen.at\/wp-content\/gallery\/weihnachtsfeier-2025\/IMG_2510.JPG\"\n               data-thumbnail=\"http:\/\/www.karate-neuhofen.at\/wp-content\/gallery\/weihnachtsfeier-2025\/thumbs\/thumbs_IMG_2510.JPG\"\n               data-image-id=\"35120\"\n               data-title=\"IMG_2510\"\n               data-description=\"\"\n               data-image-slug=\"img_2510\"\n               class=\"shutterset_57d88d0128dfac935a3754325baf3709\">\n                <img\n                    title=\"IMG_2510\"\n                    alt=\"IMG_2510\"\n                    src=\"http:\/\/www.karate-neuhofen.at\/wp-content\/gallery\/weihnachtsfeier-2025\/thumbs\/thumbs_IMG_2510.JPG\"\n                    width=\"240\"\n                    height=\"160\"\n                    style=\"max-width:100%;\"\n                \/>\n            <\/a>\n        <\/div>\n\t\t\t\t\t\t\t<\/div> \n\t\t\t\n        \n\t\t\t\t<div id=\"ngg-image-60\" class=\"ngg-gallery-thumbnail-box\" >\n\t\t\t\t        <div class=\"ngg-gallery-thumbnail\">\n            <a href=\"http:\/\/www.karate-neuhofen.at\/wp-content\/gallery\/weihnachtsfeier-2025\/IMG_2512.JPG\"\n               title=\"\"\n               data-src=\"http:\/\/www.karate-neuhofen.at\/wp-content\/gallery\/weihnachtsfeier-2025\/IMG_2512.JPG\"\n               data-thumbnail=\"http:\/\/www.karate-neuhofen.at\/wp-content\/gallery\/weihnachtsfeier-2025\/thumbs\/thumbs_IMG_2512.JPG\"\n               data-image-id=\"35121\"\n               data-title=\"IMG_2512\"\n               data-description=\"\"\n               data-image-slug=\"img_2512\"\n               class=\"shutterset_57d88d0128dfac935a3754325baf3709\">\n                <img\n                    title=\"IMG_2512\"\n                    alt=\"IMG_2512\"\n                    src=\"http:\/\/www.karate-neuhofen.at\/wp-content\/gallery\/weihnachtsfeier-2025\/thumbs\/thumbs_IMG_2512.JPG\"\n                    width=\"240\"\n                    height=\"160\"\n                    style=\"max-width:100%;\"\n                \/>\n            <\/a>\n        <\/div>\n\t\t\t\t\t\t\t<\/div> \n\t\t\t\n        \n\t\t\t\t<div id=\"ngg-image-61\" class=\"ngg-gallery-thumbnail-box\" >\n\t\t\t\t        <div class=\"ngg-gallery-thumbnail\">\n            <a href=\"http:\/\/www.karate-neuhofen.at\/wp-content\/gallery\/weihnachtsfeier-2025\/IMG_2513.JPG\"\n               title=\"\"\n               data-src=\"http:\/\/www.karate-neuhofen.at\/wp-content\/gallery\/weihnachtsfeier-2025\/IMG_2513.JPG\"\n               data-thumbnail=\"http:\/\/www.karate-neuhofen.at\/wp-content\/gallery\/weihnachtsfeier-2025\/thumbs\/thumbs_IMG_2513.JPG\"\n               data-image-id=\"35122\"\n               data-title=\"IMG_2513\"\n               data-description=\"\"\n               data-image-slug=\"img_2513\"\n               class=\"shutterset_57d88d0128dfac935a3754325baf3709\">\n                <img\n                    title=\"IMG_2513\"\n                    alt=\"IMG_2513\"\n                    src=\"http:\/\/www.karate-neuhofen.at\/wp-content\/gallery\/weihnachtsfeier-2025\/thumbs\/thumbs_IMG_2513.JPG\"\n                    width=\"240\"\n                    height=\"160\"\n                    style=\"max-width:100%;\"\n                \/>\n            <\/a>\n        <\/div>\n\t\t\t\t\t\t\t<\/div> \n\t\t\t\n        \n\t\t\t\t<div id=\"ngg-image-62\" class=\"ngg-gallery-thumbnail-box\" >\n\t\t\t\t        <div class=\"ngg-gallery-thumbnail\">\n            <a href=\"http:\/\/www.karate-neuhofen.at\/wp-content\/gallery\/weihnachtsfeier-2025\/IMG_2514.JPG\"\n               title=\"\"\n               data-src=\"http:\/\/www.karate-neuhofen.at\/wp-content\/gallery\/weihnachtsfeier-2025\/IMG_2514.JPG\"\n               data-thumbnail=\"http:\/\/www.karate-neuhofen.at\/wp-content\/gallery\/weihnachtsfeier-2025\/thumbs\/thumbs_IMG_2514.JPG\"\n               data-image-id=\"35123\"\n               data-title=\"IMG_2514\"\n               data-description=\"\"\n               data-image-slug=\"img_2514\"\n               class=\"shutterset_57d88d0128dfac935a3754325baf3709\">\n                <img\n                    title=\"IMG_2514\"\n                    alt=\"IMG_2514\"\n                    src=\"http:\/\/www.karate-neuhofen.at\/wp-content\/gallery\/weihnachtsfeier-2025\/thumbs\/thumbs_IMG_2514.JPG\"\n                    width=\"240\"\n                    height=\"160\"\n                    style=\"max-width:100%;\"\n                \/>\n            <\/a>\n        <\/div>\n\t\t\t\t\t\t\t<\/div> \n\t\t\t\n        \n\t\t\t\t<div id=\"ngg-image-63\" class=\"ngg-gallery-thumbnail-box\" >\n\t\t\t\t        <div class=\"ngg-gallery-thumbnail\">\n            <a href=\"http:\/\/www.karate-neuhofen.at\/wp-content\/gallery\/weihnachtsfeier-2025\/IMG_2518.JPG\"\n               title=\"\"\n               data-src=\"http:\/\/www.karate-neuhofen.at\/wp-content\/gallery\/weihnachtsfeier-2025\/IMG_2518.JPG\"\n               data-thumbnail=\"http:\/\/www.karate-neuhofen.at\/wp-content\/gallery\/weihnachtsfeier-2025\/thumbs\/thumbs_IMG_2518.JPG\"\n               data-image-id=\"35124\"\n               data-title=\"IMG_2518\"\n               data-description=\"\"\n               data-image-slug=\"img_2518-1\"\n               class=\"shutterset_57d88d0128dfac935a3754325baf3709\">\n                <img\n                    title=\"IMG_2518\"\n                    alt=\"IMG_2518\"\n                    src=\"http:\/\/www.karate-neuhofen.at\/wp-content\/gallery\/weihnachtsfeier-2025\/thumbs\/thumbs_IMG_2518.JPG\"\n                    width=\"240\"\n                    height=\"160\"\n                    style=\"max-width:100%;\"\n                \/>\n            <\/a>\n        <\/div>\n\t\t\t\t\t\t\t<\/div> \n\t\t\t\n        \n\t\t\t\t<div id=\"ngg-image-64\" class=\"ngg-gallery-thumbnail-box\" >\n\t\t\t\t        <div class=\"ngg-gallery-thumbnail\">\n            <a href=\"http:\/\/www.karate-neuhofen.at\/wp-content\/gallery\/weihnachtsfeier-2025\/IMG_2526.JPG\"\n               title=\"\"\n               data-src=\"http:\/\/www.karate-neuhofen.at\/wp-content\/gallery\/weihnachtsfeier-2025\/IMG_2526.JPG\"\n               data-thumbnail=\"http:\/\/www.karate-neuhofen.at\/wp-content\/gallery\/weihnachtsfeier-2025\/thumbs\/thumbs_IMG_2526.JPG\"\n               data-image-id=\"35125\"\n               data-title=\"IMG_2526\"\n               data-description=\"\"\n               data-image-slug=\"img_2526-2\"\n               class=\"shutterset_57d88d0128dfac935a3754325baf3709\">\n                <img\n                    title=\"IMG_2526\"\n                    alt=\"IMG_2526\"\n                    src=\"http:\/\/www.karate-neuhofen.at\/wp-content\/gallery\/weihnachtsfeier-2025\/thumbs\/thumbs_IMG_2526.JPG\"\n                    width=\"240\"\n                    height=\"160\"\n                    style=\"max-width:100%;\"\n                \/>\n            <\/a>\n        <\/div>\n\t\t\t\t\t\t\t<\/div> \n\t\t\t\n        \n\t\t\t\t<div id=\"ngg-image-65\" class=\"ngg-gallery-thumbnail-box\" >\n\t\t\t\t        <div class=\"ngg-gallery-thumbnail\">\n            <a href=\"http:\/\/www.karate-neuhofen.at\/wp-content\/gallery\/weihnachtsfeier-2025\/IMG_2528.JPG\"\n               title=\"\"\n               data-src=\"http:\/\/www.karate-neuhofen.at\/wp-content\/gallery\/weihnachtsfeier-2025\/IMG_2528.JPG\"\n               data-thumbnail=\"http:\/\/www.karate-neuhofen.at\/wp-content\/gallery\/weihnachtsfeier-2025\/thumbs\/thumbs_IMG_2528.JPG\"\n               data-image-id=\"35126\"\n               data-title=\"IMG_2528\"\n               data-description=\"\"\n               data-image-slug=\"img_2528-2\"\n               class=\"shutterset_57d88d0128dfac935a3754325baf3709\">\n                <img\n                    title=\"IMG_2528\"\n                    alt=\"IMG_2528\"\n                    src=\"http:\/\/www.karate-neuhofen.at\/wp-content\/gallery\/weihnachtsfeier-2025\/thumbs\/thumbs_IMG_2528.JPG\"\n                    width=\"240\"\n                    height=\"160\"\n                    style=\"max-width:100%;\"\n                \/>\n            <\/a>\n        <\/div>\n\t\t\t\t\t\t\t<\/div> \n\t\t\t\n        \n\t\t\t\t<div id=\"ngg-image-66\" class=\"ngg-gallery-thumbnail-box\" >\n\t\t\t\t        <div class=\"ngg-gallery-thumbnail\">\n            <a href=\"http:\/\/www.karate-neuhofen.at\/wp-content\/gallery\/weihnachtsfeier-2025\/IMG_2531.JPG\"\n               title=\"\"\n               data-src=\"http:\/\/www.karate-neuhofen.at\/wp-content\/gallery\/weihnachtsfeier-2025\/IMG_2531.JPG\"\n               data-thumbnail=\"http:\/\/www.karate-neuhofen.at\/wp-content\/gallery\/weihnachtsfeier-2025\/thumbs\/thumbs_IMG_2531.JPG\"\n               data-image-id=\"35127\"\n               data-title=\"IMG_2531\"\n               data-description=\"\"\n               data-image-slug=\"img_2531\"\n               class=\"shutterset_57d88d0128dfac935a3754325baf3709\">\n                <img\n                    title=\"IMG_2531\"\n                    alt=\"IMG_2531\"\n                    src=\"http:\/\/www.karate-neuhofen.at\/wp-content\/gallery\/weihnachtsfeier-2025\/thumbs\/thumbs_IMG_2531.JPG\"\n                    width=\"240\"\n                    height=\"160\"\n                    style=\"max-width:100%;\"\n                \/>\n            <\/a>\n        <\/div>\n\t\t\t\t\t\t\t<\/div> \n\t\t\t\n        \n\t\t\t\t<div id=\"ngg-image-67\" class=\"ngg-gallery-thumbnail-box\" >\n\t\t\t\t        <div class=\"ngg-gallery-thumbnail\">\n            <a href=\"http:\/\/www.karate-neuhofen.at\/wp-content\/gallery\/weihnachtsfeier-2025\/IMG_2533.JPG\"\n               title=\"\"\n               data-src=\"http:\/\/www.karate-neuhofen.at\/wp-content\/gallery\/weihnachtsfeier-2025\/IMG_2533.JPG\"\n               data-thumbnail=\"http:\/\/www.karate-neuhofen.at\/wp-content\/gallery\/weihnachtsfeier-2025\/thumbs\/thumbs_IMG_2533.JPG\"\n               data-image-id=\"35128\"\n               data-title=\"IMG_2533\"\n               data-description=\"\"\n               data-image-slug=\"img_2533\"\n               class=\"shutterset_57d88d0128dfac935a3754325baf3709\">\n                <img\n                    title=\"IMG_2533\"\n                    alt=\"IMG_2533\"\n                    src=\"http:\/\/www.karate-neuhofen.at\/wp-content\/gallery\/weihnachtsfeier-2025\/thumbs\/thumbs_IMG_2533.JPG\"\n                    width=\"240\"\n                    height=\"160\"\n                    style=\"max-width:100%;\"\n                \/>\n            <\/a>\n        <\/div>\n\t\t\t\t\t\t\t<\/div> \n\t\t\t\n        \n\t\t\t\t<div id=\"ngg-image-68\" class=\"ngg-gallery-thumbnail-box\" >\n\t\t\t\t        <div class=\"ngg-gallery-thumbnail\">\n            <a href=\"http:\/\/www.karate-neuhofen.at\/wp-content\/gallery\/weihnachtsfeier-2025\/IMG_2534.JPG\"\n               title=\"\"\n               data-src=\"http:\/\/www.karate-neuhofen.at\/wp-content\/gallery\/weihnachtsfeier-2025\/IMG_2534.JPG\"\n               data-thumbnail=\"http:\/\/www.karate-neuhofen.at\/wp-content\/gallery\/weihnachtsfeier-2025\/thumbs\/thumbs_IMG_2534.JPG\"\n               data-image-id=\"35129\"\n               data-title=\"IMG_2534\"\n               data-description=\"\"\n               data-image-slug=\"img_2534-2\"\n               class=\"shutterset_57d88d0128dfac935a3754325baf3709\">\n                <img\n                    title=\"IMG_2534\"\n                    alt=\"IMG_2534\"\n                    src=\"http:\/\/www.karate-neuhofen.at\/wp-content\/gallery\/weihnachtsfeier-2025\/thumbs\/thumbs_IMG_2534.JPG\"\n                    width=\"240\"\n                    height=\"160\"\n                    style=\"max-width:100%;\"\n                \/>\n            <\/a>\n        <\/div>\n\t\t\t\t\t\t\t<\/div> \n\t\t\t\n        \n\t\t\t\t<div id=\"ngg-image-69\" class=\"ngg-gallery-thumbnail-box\" >\n\t\t\t\t        <div class=\"ngg-gallery-thumbnail\">\n            <a href=\"http:\/\/www.karate-neuhofen.at\/wp-content\/gallery\/weihnachtsfeier-2025\/IMG_2536.JPG\"\n               title=\"\"\n               data-src=\"http:\/\/www.karate-neuhofen.at\/wp-content\/gallery\/weihnachtsfeier-2025\/IMG_2536.JPG\"\n               data-thumbnail=\"http:\/\/www.karate-neuhofen.at\/wp-content\/gallery\/weihnachtsfeier-2025\/thumbs\/thumbs_IMG_2536.JPG\"\n               data-image-id=\"35130\"\n               data-title=\"IMG_2536\"\n               data-description=\"\"\n               data-image-slug=\"img_2536\"\n               class=\"shutterset_57d88d0128dfac935a3754325baf3709\">\n                <img\n                    title=\"IMG_2536\"\n                    alt=\"IMG_2536\"\n                    src=\"http:\/\/www.karate-neuhofen.at\/wp-content\/gallery\/weihnachtsfeier-2025\/thumbs\/thumbs_IMG_2536.JPG\"\n                    width=\"240\"\n                    height=\"160\"\n                    style=\"max-width:100%;\"\n                \/>\n            <\/a>\n        <\/div>\n\t\t\t\t\t\t\t<\/div> \n\t\t\t\n        \n\t\t\t\t<div id=\"ngg-image-70\" class=\"ngg-gallery-thumbnail-box\" >\n\t\t\t\t        <div class=\"ngg-gallery-thumbnail\">\n            <a href=\"http:\/\/www.karate-neuhofen.at\/wp-content\/gallery\/weihnachtsfeier-2025\/IMG_2539.JPG\"\n               title=\"\"\n               data-src=\"http:\/\/www.karate-neuhofen.at\/wp-content\/gallery\/weihnachtsfeier-2025\/IMG_2539.JPG\"\n               data-thumbnail=\"http:\/\/www.karate-neuhofen.at\/wp-content\/gallery\/weihnachtsfeier-2025\/thumbs\/thumbs_IMG_2539.JPG\"\n               data-image-id=\"35131\"\n               data-title=\"IMG_2539\"\n               data-description=\"\"\n               data-image-slug=\"img_2539\"\n               class=\"shutterset_57d88d0128dfac935a3754325baf3709\">\n                <img\n                    title=\"IMG_2539\"\n                    alt=\"IMG_2539\"\n                    src=\"http:\/\/www.karate-neuhofen.at\/wp-content\/gallery\/weihnachtsfeier-2025\/thumbs\/thumbs_IMG_2539.JPG\"\n                    width=\"240\"\n                    height=\"160\"\n                    style=\"max-width:100%;\"\n                \/>\n            <\/a>\n        <\/div>\n\t\t\t\t\t\t\t<\/div> \n\t\t\t\n        \n\t\t\t\t<div id=\"ngg-image-71\" class=\"ngg-gallery-thumbnail-box\" >\n\t\t\t\t        <div class=\"ngg-gallery-thumbnail\">\n            <a href=\"http:\/\/www.karate-neuhofen.at\/wp-content\/gallery\/weihnachtsfeier-2025\/IMG_2549.JPG\"\n               title=\"\"\n               data-src=\"http:\/\/www.karate-neuhofen.at\/wp-content\/gallery\/weihnachtsfeier-2025\/IMG_2549.JPG\"\n               data-thumbnail=\"http:\/\/www.karate-neuhofen.at\/wp-content\/gallery\/weihnachtsfeier-2025\/thumbs\/thumbs_IMG_2549.JPG\"\n               data-image-id=\"35132\"\n               data-title=\"IMG_2549\"\n               data-description=\"\"\n               data-image-slug=\"img_2549\"\n               class=\"shutterset_57d88d0128dfac935a3754325baf3709\">\n                <img\n                    title=\"IMG_2549\"\n                    alt=\"IMG_2549\"\n                    src=\"http:\/\/www.karate-neuhofen.at\/wp-content\/gallery\/weihnachtsfeier-2025\/thumbs\/thumbs_IMG_2549.JPG\"\n                    width=\"240\"\n                    height=\"160\"\n                    style=\"max-width:100%;\"\n                \/>\n            <\/a>\n        <\/div>\n\t\t\t\t\t\t\t<\/div> \n\t\t\t\n        \n\t\t\t\t<div id=\"ngg-image-72\" class=\"ngg-gallery-thumbnail-box\" >\n\t\t\t\t        <div class=\"ngg-gallery-thumbnail\">\n            <a href=\"http:\/\/www.karate-neuhofen.at\/wp-content\/gallery\/weihnachtsfeier-2025\/IMG_2552.JPG\"\n               title=\"\"\n               data-src=\"http:\/\/www.karate-neuhofen.at\/wp-content\/gallery\/weihnachtsfeier-2025\/IMG_2552.JPG\"\n               data-thumbnail=\"http:\/\/www.karate-neuhofen.at\/wp-content\/gallery\/weihnachtsfeier-2025\/thumbs\/thumbs_IMG_2552.JPG\"\n               data-image-id=\"35133\"\n               data-title=\"IMG_2552\"\n               data-description=\"\"\n               data-image-slug=\"img_2552\"\n               class=\"shutterset_57d88d0128dfac935a3754325baf3709\">\n                <img\n                    title=\"IMG_2552\"\n                    alt=\"IMG_2552\"\n                    src=\"http:\/\/www.karate-neuhofen.at\/wp-content\/gallery\/weihnachtsfeier-2025\/thumbs\/thumbs_IMG_2552.JPG\"\n                    width=\"240\"\n                    height=\"160\"\n                    style=\"max-width:100%;\"\n                \/>\n            <\/a>\n        <\/div>\n\t\t\t\t\t\t\t<\/div> \n\t\t\t\n        \n\t\t\t\t<div id=\"ngg-image-73\" class=\"ngg-gallery-thumbnail-box\" >\n\t\t\t\t        <div class=\"ngg-gallery-thumbnail\">\n            <a href=\"http:\/\/www.karate-neuhofen.at\/wp-content\/gallery\/weihnachtsfeier-2025\/IMG_2553.JPG\"\n               title=\"\"\n               data-src=\"http:\/\/www.karate-neuhofen.at\/wp-content\/gallery\/weihnachtsfeier-2025\/IMG_2553.JPG\"\n               data-thumbnail=\"http:\/\/www.karate-neuhofen.at\/wp-content\/gallery\/weihnachtsfeier-2025\/thumbs\/thumbs_IMG_2553.JPG\"\n               data-image-id=\"35134\"\n               data-title=\"IMG_2553\"\n               data-description=\"\"\n               data-image-slug=\"img_2553-1\"\n               class=\"shutterset_57d88d0128dfac935a3754325baf3709\">\n                <img\n                    title=\"IMG_2553\"\n                    alt=\"IMG_2553\"\n                    src=\"http:\/\/www.karate-neuhofen.at\/wp-content\/gallery\/weihnachtsfeier-2025\/thumbs\/thumbs_IMG_2553.JPG\"\n                    width=\"240\"\n                    height=\"160\"\n                    style=\"max-width:100%;\"\n                \/>\n            <\/a>\n        <\/div>\n\t\t\t\t\t\t\t<\/div> \n\t\t\t\n        \n\t\t\t\t<div id=\"ngg-image-74\" class=\"ngg-gallery-thumbnail-box\" >\n\t\t\t\t        <div class=\"ngg-gallery-thumbnail\">\n            <a href=\"http:\/\/www.karate-neuhofen.at\/wp-content\/gallery\/weihnachtsfeier-2025\/IMG_2554.JPG\"\n               title=\"\"\n               data-src=\"http:\/\/www.karate-neuhofen.at\/wp-content\/gallery\/weihnachtsfeier-2025\/IMG_2554.JPG\"\n               data-thumbnail=\"http:\/\/www.karate-neuhofen.at\/wp-content\/gallery\/weihnachtsfeier-2025\/thumbs\/thumbs_IMG_2554.JPG\"\n               data-image-id=\"35135\"\n               data-title=\"IMG_2554\"\n               data-description=\"\"\n               data-image-slug=\"img_2554-1\"\n               class=\"shutterset_57d88d0128dfac935a3754325baf3709\">\n                <img\n                    title=\"IMG_2554\"\n                    alt=\"IMG_2554\"\n                    src=\"http:\/\/www.karate-neuhofen.at\/wp-content\/gallery\/weihnachtsfeier-2025\/thumbs\/thumbs_IMG_2554.JPG\"\n                    width=\"240\"\n                    height=\"160\"\n                    style=\"max-width:100%;\"\n                \/>\n            <\/a>\n        <\/div>\n\t\t\t\t\t\t\t<\/div> \n\t\t\t\n        \n\t\t\t\t<div id=\"ngg-image-75\" class=\"ngg-gallery-thumbnail-box\" >\n\t\t\t\t        <div class=\"ngg-gallery-thumbnail\">\n            <a href=\"http:\/\/www.karate-neuhofen.at\/wp-content\/gallery\/weihnachtsfeier-2025\/IMG_2555.JPG\"\n               title=\"\"\n               data-src=\"http:\/\/www.karate-neuhofen.at\/wp-content\/gallery\/weihnachtsfeier-2025\/IMG_2555.JPG\"\n               data-thumbnail=\"http:\/\/www.karate-neuhofen.at\/wp-content\/gallery\/weihnachtsfeier-2025\/thumbs\/thumbs_IMG_2555.JPG\"\n               data-image-id=\"35136\"\n               data-title=\"IMG_2555\"\n               data-description=\"\"\n               data-image-slug=\"img_2555\"\n               class=\"shutterset_57d88d0128dfac935a3754325baf3709\">\n                <img\n                    title=\"IMG_2555\"\n                    alt=\"IMG_2555\"\n                    src=\"http:\/\/www.karate-neuhofen.at\/wp-content\/gallery\/weihnachtsfeier-2025\/thumbs\/thumbs_IMG_2555.JPG\"\n                    width=\"240\"\n                    height=\"160\"\n                    style=\"max-width:100%;\"\n                \/>\n            <\/a>\n        <\/div>\n\t\t\t\t\t\t\t<\/div> \n\t\t\t\n        \n\t\t\t\t<div id=\"ngg-image-76\" class=\"ngg-gallery-thumbnail-box\" >\n\t\t\t\t        <div class=\"ngg-gallery-thumbnail\">\n            <a href=\"http:\/\/www.karate-neuhofen.at\/wp-content\/gallery\/weihnachtsfeier-2025\/IMG_2556.JPG\"\n               title=\"\"\n               data-src=\"http:\/\/www.karate-neuhofen.at\/wp-content\/gallery\/weihnachtsfeier-2025\/IMG_2556.JPG\"\n               data-thumbnail=\"http:\/\/www.karate-neuhofen.at\/wp-content\/gallery\/weihnachtsfeier-2025\/thumbs\/thumbs_IMG_2556.JPG\"\n               data-image-id=\"35137\"\n               data-title=\"IMG_2556\"\n               data-description=\"\"\n               data-image-slug=\"img_2556-1\"\n               class=\"shutterset_57d88d0128dfac935a3754325baf3709\">\n                <img\n                    title=\"IMG_2556\"\n                    alt=\"IMG_2556\"\n                    src=\"http:\/\/www.karate-neuhofen.at\/wp-content\/gallery\/weihnachtsfeier-2025\/thumbs\/thumbs_IMG_2556.JPG\"\n                    width=\"240\"\n                    height=\"160\"\n                    style=\"max-width:100%;\"\n                \/>\n            <\/a>\n        <\/div>\n\t\t\t\t\t\t\t<\/div> \n\t\t\t\n        \n\t\t\t\t<div id=\"ngg-image-77\" class=\"ngg-gallery-thumbnail-box\" >\n\t\t\t\t        <div class=\"ngg-gallery-thumbnail\">\n            <a href=\"http:\/\/www.karate-neuhofen.at\/wp-content\/gallery\/weihnachtsfeier-2025\/IMG_2559.JPG\"\n               title=\"\"\n               data-src=\"http:\/\/www.karate-neuhofen.at\/wp-content\/gallery\/weihnachtsfeier-2025\/IMG_2559.JPG\"\n               data-thumbnail=\"http:\/\/www.karate-neuhofen.at\/wp-content\/gallery\/weihnachtsfeier-2025\/thumbs\/thumbs_IMG_2559.JPG\"\n               data-image-id=\"35138\"\n               data-title=\"IMG_2559\"\n               data-description=\"\"\n               data-image-slug=\"img_2559-2\"\n               class=\"shutterset_57d88d0128dfac935a3754325baf3709\">\n                <img\n                    title=\"IMG_2559\"\n                    alt=\"IMG_2559\"\n                    src=\"http:\/\/www.karate-neuhofen.at\/wp-content\/gallery\/weihnachtsfeier-2025\/thumbs\/thumbs_IMG_2559.JPG\"\n                    width=\"240\"\n                    height=\"160\"\n                    style=\"max-width:100%;\"\n                \/>\n            <\/a>\n        <\/div>\n\t\t\t\t\t\t\t<\/div> \n\t\t\t\n        \n\t\t\t\t<div id=\"ngg-image-78\" class=\"ngg-gallery-thumbnail-box\" >\n\t\t\t\t        <div class=\"ngg-gallery-thumbnail\">\n            <a href=\"http:\/\/www.karate-neuhofen.at\/wp-content\/gallery\/weihnachtsfeier-2025\/IMG_2560.JPG\"\n               title=\"\"\n               data-src=\"http:\/\/www.karate-neuhofen.at\/wp-content\/gallery\/weihnachtsfeier-2025\/IMG_2560.JPG\"\n               data-thumbnail=\"http:\/\/www.karate-neuhofen.at\/wp-content\/gallery\/weihnachtsfeier-2025\/thumbs\/thumbs_IMG_2560.JPG\"\n               data-image-id=\"35139\"\n               data-title=\"IMG_2560\"\n               data-description=\"\"\n               data-image-slug=\"img_2560-2\"\n               class=\"shutterset_57d88d0128dfac935a3754325baf3709\">\n                <img\n                    title=\"IMG_2560\"\n                    alt=\"IMG_2560\"\n                    src=\"http:\/\/www.karate-neuhofen.at\/wp-content\/gallery\/weihnachtsfeier-2025\/thumbs\/thumbs_IMG_2560.JPG\"\n                    width=\"240\"\n                    height=\"160\"\n                    style=\"max-width:100%;\"\n                \/>\n            <\/a>\n        <\/div>\n\t\t\t\t\t\t\t<\/div> \n\t\t\t\n        \n\t\t\t\t<div id=\"ngg-image-79\" class=\"ngg-gallery-thumbnail-box\" >\n\t\t\t\t        <div class=\"ngg-gallery-thumbnail\">\n            <a href=\"http:\/\/www.karate-neuhofen.at\/wp-content\/gallery\/weihnachtsfeier-2025\/IMG_2561.JPG\"\n               title=\"\"\n               data-src=\"http:\/\/www.karate-neuhofen.at\/wp-content\/gallery\/weihnachtsfeier-2025\/IMG_2561.JPG\"\n               data-thumbnail=\"http:\/\/www.karate-neuhofen.at\/wp-content\/gallery\/weihnachtsfeier-2025\/thumbs\/thumbs_IMG_2561.JPG\"\n               data-image-id=\"35140\"\n               data-title=\"IMG_2561\"\n               data-description=\"\"\n               data-image-slug=\"img_2561-1\"\n               class=\"shutterset_57d88d0128dfac935a3754325baf3709\">\n                <img\n                    title=\"IMG_2561\"\n                    alt=\"IMG_2561\"\n                    src=\"http:\/\/www.karate-neuhofen.at\/wp-content\/gallery\/weihnachtsfeier-2025\/thumbs\/thumbs_IMG_2561.JPG\"\n                    width=\"240\"\n                    height=\"160\"\n                    style=\"max-width:100%;\"\n                \/>\n            <\/a>\n        <\/div>\n\t\t\t\t\t\t\t<\/div> \n\t\t\t\n        \n\t\t\t\t<div id=\"ngg-image-80\" class=\"ngg-gallery-thumbnail-box\" >\n\t\t\t\t        <div class=\"ngg-gallery-thumbnail\">\n            <a href=\"http:\/\/www.karate-neuhofen.at\/wp-content\/gallery\/weihnachtsfeier-2025\/IMG_2562.JPG\"\n               title=\"\"\n               data-src=\"http:\/\/www.karate-neuhofen.at\/wp-content\/gallery\/weihnachtsfeier-2025\/IMG_2562.JPG\"\n               data-thumbnail=\"http:\/\/www.karate-neuhofen.at\/wp-content\/gallery\/weihnachtsfeier-2025\/thumbs\/thumbs_IMG_2562.JPG\"\n               data-image-id=\"35141\"\n               data-title=\"IMG_2562\"\n               data-description=\"\"\n               data-image-slug=\"img_2562-2\"\n               class=\"shutterset_57d88d0128dfac935a3754325baf3709\">\n                <img\n                    title=\"IMG_2562\"\n                    alt=\"IMG_2562\"\n                    src=\"http:\/\/www.karate-neuhofen.at\/wp-content\/gallery\/weihnachtsfeier-2025\/thumbs\/thumbs_IMG_2562.JPG\"\n                    width=\"240\"\n                    height=\"160\"\n                    style=\"max-width:100%;\"\n                \/>\n            <\/a>\n        <\/div>\n\t\t\t\t\t\t\t<\/div> \n\t\t\t\n        \n\t\t\t\t<div id=\"ngg-image-81\" class=\"ngg-gallery-thumbnail-box\" >\n\t\t\t\t        <div class=\"ngg-gallery-thumbnail\">\n            <a href=\"http:\/\/www.karate-neuhofen.at\/wp-content\/gallery\/weihnachtsfeier-2025\/IMG_2563.JPG\"\n               title=\"\"\n               data-src=\"http:\/\/www.karate-neuhofen.at\/wp-content\/gallery\/weihnachtsfeier-2025\/IMG_2563.JPG\"\n               data-thumbnail=\"http:\/\/www.karate-neuhofen.at\/wp-content\/gallery\/weihnachtsfeier-2025\/thumbs\/thumbs_IMG_2563.JPG\"\n               data-image-id=\"35142\"\n               data-title=\"IMG_2563\"\n               data-description=\"\"\n               data-image-slug=\"img_2563-1\"\n               class=\"shutterset_57d88d0128dfac935a3754325baf3709\">\n                <img\n                    title=\"IMG_2563\"\n                    alt=\"IMG_2563\"\n                    src=\"http:\/\/www.karate-neuhofen.at\/wp-content\/gallery\/weihnachtsfeier-2025\/thumbs\/thumbs_IMG_2563.JPG\"\n                    width=\"240\"\n                    height=\"160\"\n                    style=\"max-width:100%;\"\n                \/>\n            <\/a>\n        <\/div>\n\t\t\t\t\t\t\t<\/div> \n\t\t\t\n        \n\t\t\t\t<div id=\"ngg-image-82\" class=\"ngg-gallery-thumbnail-box\" >\n\t\t\t\t        <div class=\"ngg-gallery-thumbnail\">\n            <a href=\"http:\/\/www.karate-neuhofen.at\/wp-content\/gallery\/weihnachtsfeier-2025\/IMG_2564.JPG\"\n               title=\"\"\n               data-src=\"http:\/\/www.karate-neuhofen.at\/wp-content\/gallery\/weihnachtsfeier-2025\/IMG_2564.JPG\"\n               data-thumbnail=\"http:\/\/www.karate-neuhofen.at\/wp-content\/gallery\/weihnachtsfeier-2025\/thumbs\/thumbs_IMG_2564.JPG\"\n               data-image-id=\"35143\"\n               data-title=\"IMG_2564\"\n               data-description=\"\"\n               data-image-slug=\"img_2564\"\n               class=\"shutterset_57d88d0128dfac935a3754325baf3709\">\n                <img\n                    title=\"IMG_2564\"\n                    alt=\"IMG_2564\"\n                    src=\"http:\/\/www.karate-neuhofen.at\/wp-content\/gallery\/weihnachtsfeier-2025\/thumbs\/thumbs_IMG_2564.JPG\"\n                    width=\"240\"\n                    height=\"160\"\n                    style=\"max-width:100%;\"\n                \/>\n            <\/a>\n        <\/div>\n\t\t\t\t\t\t\t<\/div> \n\t\t\t\n        \n\t\t\t\t<div id=\"ngg-image-83\" class=\"ngg-gallery-thumbnail-box\" >\n\t\t\t\t        <div class=\"ngg-gallery-thumbnail\">\n            <a href=\"http:\/\/www.karate-neuhofen.at\/wp-content\/gallery\/weihnachtsfeier-2025\/IMG_2565.JPG\"\n               title=\"\"\n               data-src=\"http:\/\/www.karate-neuhofen.at\/wp-content\/gallery\/weihnachtsfeier-2025\/IMG_2565.JPG\"\n               data-thumbnail=\"http:\/\/www.karate-neuhofen.at\/wp-content\/gallery\/weihnachtsfeier-2025\/thumbs\/thumbs_IMG_2565.JPG\"\n               data-image-id=\"35144\"\n               data-title=\"IMG_2565\"\n               data-description=\"\"\n               data-image-slug=\"img_2565\"\n               class=\"shutterset_57d88d0128dfac935a3754325baf3709\">\n                <img\n                    title=\"IMG_2565\"\n                    alt=\"IMG_2565\"\n                    src=\"http:\/\/www.karate-neuhofen.at\/wp-content\/gallery\/weihnachtsfeier-2025\/thumbs\/thumbs_IMG_2565.JPG\"\n                    width=\"240\"\n                    height=\"160\"\n                    style=\"max-width:100%;\"\n                \/>\n            <\/a>\n        <\/div>\n\t\t\t\t\t\t\t<\/div> \n\t\t\t\n        \n\t\t\t\t<div id=\"ngg-image-84\" class=\"ngg-gallery-thumbnail-box\" >\n\t\t\t\t        <div class=\"ngg-gallery-thumbnail\">\n            <a href=\"http:\/\/www.karate-neuhofen.at\/wp-content\/gallery\/weihnachtsfeier-2025\/IMG_2566.JPG\"\n               title=\"\"\n               data-src=\"http:\/\/www.karate-neuhofen.at\/wp-content\/gallery\/weihnachtsfeier-2025\/IMG_2566.JPG\"\n               data-thumbnail=\"http:\/\/www.karate-neuhofen.at\/wp-content\/gallery\/weihnachtsfeier-2025\/thumbs\/thumbs_IMG_2566.JPG\"\n               data-image-id=\"35145\"\n               data-title=\"IMG_2566\"\n               data-description=\"\"\n               data-image-slug=\"img_2566-1\"\n               class=\"shutterset_57d88d0128dfac935a3754325baf3709\">\n                <img\n                    title=\"IMG_2566\"\n                    alt=\"IMG_2566\"\n                    src=\"http:\/\/www.karate-neuhofen.at\/wp-content\/gallery\/weihnachtsfeier-2025\/thumbs\/thumbs_IMG_2566.JPG\"\n                    width=\"240\"\n                    height=\"160\"\n                    style=\"max-width:100%;\"\n                \/>\n            <\/a>\n        <\/div>\n\t\t\t\t\t\t\t<\/div> \n\t\t\t\n        \n\t\t\t\t<div id=\"ngg-image-85\" class=\"ngg-gallery-thumbnail-box\" >\n\t\t\t\t        <div class=\"ngg-gallery-thumbnail\">\n            <a href=\"http:\/\/www.karate-neuhofen.at\/wp-content\/gallery\/weihnachtsfeier-2025\/IMG_2568.JPG\"\n               title=\"\"\n               data-src=\"http:\/\/www.karate-neuhofen.at\/wp-content\/gallery\/weihnachtsfeier-2025\/IMG_2568.JPG\"\n               data-thumbnail=\"http:\/\/www.karate-neuhofen.at\/wp-content\/gallery\/weihnachtsfeier-2025\/thumbs\/thumbs_IMG_2568.JPG\"\n               data-image-id=\"35146\"\n               data-title=\"IMG_2568\"\n               data-description=\"\"\n               data-image-slug=\"img_2568-1\"\n               class=\"shutterset_57d88d0128dfac935a3754325baf3709\">\n                <img\n                    title=\"IMG_2568\"\n                    alt=\"IMG_2568\"\n                    src=\"http:\/\/www.karate-neuhofen.at\/wp-content\/gallery\/weihnachtsfeier-2025\/thumbs\/thumbs_IMG_2568.JPG\"\n                    width=\"240\"\n                    height=\"160\"\n                    style=\"max-width:100%;\"\n                \/>\n            <\/a>\n        <\/div>\n\t\t\t\t\t\t\t<\/div> \n\t\t\t\n        \n\t\t\t\t<div id=\"ngg-image-86\" class=\"ngg-gallery-thumbnail-box\" >\n\t\t\t\t        <div class=\"ngg-gallery-thumbnail\">\n            <a href=\"http:\/\/www.karate-neuhofen.at\/wp-content\/gallery\/weihnachtsfeier-2025\/IMG_2570.JPG\"\n               title=\"\"\n               data-src=\"http:\/\/www.karate-neuhofen.at\/wp-content\/gallery\/weihnachtsfeier-2025\/IMG_2570.JPG\"\n               data-thumbnail=\"http:\/\/www.karate-neuhofen.at\/wp-content\/gallery\/weihnachtsfeier-2025\/thumbs\/thumbs_IMG_2570.JPG\"\n               data-image-id=\"35147\"\n               data-title=\"IMG_2570\"\n               data-description=\"\"\n               data-image-slug=\"img_2570\"\n               class=\"shutterset_57d88d0128dfac935a3754325baf3709\">\n                <img\n                    title=\"IMG_2570\"\n                    alt=\"IMG_2570\"\n                    src=\"http:\/\/www.karate-neuhofen.at\/wp-content\/gallery\/weihnachtsfeier-2025\/thumbs\/thumbs_IMG_2570.JPG\"\n                    width=\"240\"\n                    height=\"160\"\n                    style=\"max-width:100%;\"\n                \/>\n            <\/a>\n        <\/div>\n\t\t\t\t\t\t\t<\/div> \n\t\t\t\n        \n\t\t\t\t<div id=\"ngg-image-87\" class=\"ngg-gallery-thumbnail-box\" >\n\t\t\t\t        <div class=\"ngg-gallery-thumbnail\">\n            <a href=\"http:\/\/www.karate-neuhofen.at\/wp-content\/gallery\/weihnachtsfeier-2025\/IMG_2573.JPG\"\n               title=\"\"\n               data-src=\"http:\/\/www.karate-neuhofen.at\/wp-content\/gallery\/weihnachtsfeier-2025\/IMG_2573.JPG\"\n               data-thumbnail=\"http:\/\/www.karate-neuhofen.at\/wp-content\/gallery\/weihnachtsfeier-2025\/thumbs\/thumbs_IMG_2573.JPG\"\n               data-image-id=\"35148\"\n               data-title=\"IMG_2573\"\n               data-description=\"\"\n               data-image-slug=\"img_2573\"\n               class=\"shutterset_57d88d0128dfac935a3754325baf3709\">\n                <img\n                    title=\"IMG_2573\"\n                    alt=\"IMG_2573\"\n                    src=\"http:\/\/www.karate-neuhofen.at\/wp-content\/gallery\/weihnachtsfeier-2025\/thumbs\/thumbs_IMG_2573.JPG\"\n                    width=\"240\"\n                    height=\"160\"\n                    style=\"max-width:100%;\"\n                \/>\n            <\/a>\n        <\/div>\n\t\t\t\t\t\t\t<\/div> \n\t\t\t\n        \n\t\t\t\t<div id=\"ngg-image-88\" class=\"ngg-gallery-thumbnail-box\" >\n\t\t\t\t        <div class=\"ngg-gallery-thumbnail\">\n            <a href=\"http:\/\/www.karate-neuhofen.at\/wp-content\/gallery\/weihnachtsfeier-2025\/IMG_2574.JPG\"\n               title=\"\"\n               data-src=\"http:\/\/www.karate-neuhofen.at\/wp-content\/gallery\/weihnachtsfeier-2025\/IMG_2574.JPG\"\n               data-thumbnail=\"http:\/\/www.karate-neuhofen.at\/wp-content\/gallery\/weihnachtsfeier-2025\/thumbs\/thumbs_IMG_2574.JPG\"\n               data-image-id=\"35149\"\n               data-title=\"IMG_2574\"\n               data-description=\"\"\n               data-image-slug=\"img_2574\"\n               class=\"shutterset_57d88d0128dfac935a3754325baf3709\">\n                <img\n                    title=\"IMG_2574\"\n                    alt=\"IMG_2574\"\n                    src=\"http:\/\/www.karate-neuhofen.at\/wp-content\/gallery\/weihnachtsfeier-2025\/thumbs\/thumbs_IMG_2574.JPG\"\n                    width=\"240\"\n                    height=\"160\"\n                    style=\"max-width:100%;\"\n                \/>\n            <\/a>\n        <\/div>\n\t\t\t\t\t\t\t<\/div> \n\t\t\t\n        \n\t\t\t\t<div id=\"ngg-image-89\" class=\"ngg-gallery-thumbnail-box\" >\n\t\t\t\t        <div class=\"ngg-gallery-thumbnail\">\n            <a href=\"http:\/\/www.karate-neuhofen.at\/wp-content\/gallery\/weihnachtsfeier-2025\/IMG_2575.JPG\"\n               title=\"\"\n               data-src=\"http:\/\/www.karate-neuhofen.at\/wp-content\/gallery\/weihnachtsfeier-2025\/IMG_2575.JPG\"\n               data-thumbnail=\"http:\/\/www.karate-neuhofen.at\/wp-content\/gallery\/weihnachtsfeier-2025\/thumbs\/thumbs_IMG_2575.JPG\"\n               data-image-id=\"35150\"\n               data-title=\"IMG_2575\"\n               data-description=\"\"\n               data-image-slug=\"img_2575\"\n               class=\"shutterset_57d88d0128dfac935a3754325baf3709\">\n                <img\n                    title=\"IMG_2575\"\n                    alt=\"IMG_2575\"\n                    src=\"http:\/\/www.karate-neuhofen.at\/wp-content\/gallery\/weihnachtsfeier-2025\/thumbs\/thumbs_IMG_2575.JPG\"\n                    width=\"240\"\n                    height=\"160\"\n                    style=\"max-width:100%;\"\n                \/>\n            <\/a>\n        <\/div>\n\t\t\t\t\t\t\t<\/div> \n\t\t\t\n        \n\t\t\t\t<div id=\"ngg-image-90\" class=\"ngg-gallery-thumbnail-box\" >\n\t\t\t\t        <div class=\"ngg-gallery-thumbnail\">\n            <a href=\"http:\/\/www.karate-neuhofen.at\/wp-content\/gallery\/weihnachtsfeier-2025\/IMG_2576.JPG\"\n               title=\"\"\n               data-src=\"http:\/\/www.karate-neuhofen.at\/wp-content\/gallery\/weihnachtsfeier-2025\/IMG_2576.JPG\"\n               data-thumbnail=\"http:\/\/www.karate-neuhofen.at\/wp-content\/gallery\/weihnachtsfeier-2025\/thumbs\/thumbs_IMG_2576.JPG\"\n               data-image-id=\"35151\"\n               data-title=\"IMG_2576\"\n               data-description=\"\"\n               data-image-slug=\"img_2576-2\"\n               class=\"shutterset_57d88d0128dfac935a3754325baf3709\">\n                <img\n                    title=\"IMG_2576\"\n                    alt=\"IMG_2576\"\n                    src=\"http:\/\/www.karate-neuhofen.at\/wp-content\/gallery\/weihnachtsfeier-2025\/thumbs\/thumbs_IMG_2576.JPG\"\n                    width=\"240\"\n                    height=\"160\"\n                    style=\"max-width:100%;\"\n                \/>\n            <\/a>\n        <\/div>\n\t\t\t\t\t\t\t<\/div> \n\t\t\t\n        \n\t\t\t\t<div id=\"ngg-image-91\" class=\"ngg-gallery-thumbnail-box\" >\n\t\t\t\t        <div class=\"ngg-gallery-thumbnail\">\n            <a href=\"http:\/\/www.karate-neuhofen.at\/wp-content\/gallery\/weihnachtsfeier-2025\/IMG_2577.JPG\"\n               title=\"\"\n               data-src=\"http:\/\/www.karate-neuhofen.at\/wp-content\/gallery\/weihnachtsfeier-2025\/IMG_2577.JPG\"\n               data-thumbnail=\"http:\/\/www.karate-neuhofen.at\/wp-content\/gallery\/weihnachtsfeier-2025\/thumbs\/thumbs_IMG_2577.JPG\"\n               data-image-id=\"35152\"\n               data-title=\"IMG_2577\"\n               data-description=\"\"\n               data-image-slug=\"img_2577\"\n               class=\"shutterset_57d88d0128dfac935a3754325baf3709\">\n                <img\n                    title=\"IMG_2577\"\n                    alt=\"IMG_2577\"\n                    src=\"http:\/\/www.karate-neuhofen.at\/wp-content\/gallery\/weihnachtsfeier-2025\/thumbs\/thumbs_IMG_2577.JPG\"\n                    width=\"240\"\n                    height=\"160\"\n                    style=\"max-width:100%;\"\n                \/>\n            <\/a>\n        <\/div>\n\t\t\t\t\t\t\t<\/div> \n\t\t\t\n        \n\t\t\t\t<div id=\"ngg-image-92\" class=\"ngg-gallery-thumbnail-box\" >\n\t\t\t\t        <div class=\"ngg-gallery-thumbnail\">\n            <a href=\"http:\/\/www.karate-neuhofen.at\/wp-content\/gallery\/weihnachtsfeier-2025\/IMG_2578.JPG\"\n               title=\"\"\n               data-src=\"http:\/\/www.karate-neuhofen.at\/wp-content\/gallery\/weihnachtsfeier-2025\/IMG_2578.JPG\"\n               data-thumbnail=\"http:\/\/www.karate-neuhofen.at\/wp-content\/gallery\/weihnachtsfeier-2025\/thumbs\/thumbs_IMG_2578.JPG\"\n               data-image-id=\"35153\"\n               data-title=\"IMG_2578\"\n               data-description=\"\"\n               data-image-slug=\"img_2578\"\n               class=\"shutterset_57d88d0128dfac935a3754325baf3709\">\n                <img\n                    title=\"IMG_2578\"\n                    alt=\"IMG_2578\"\n                    src=\"http:\/\/www.karate-neuhofen.at\/wp-content\/gallery\/weihnachtsfeier-2025\/thumbs\/thumbs_IMG_2578.JPG\"\n                    width=\"240\"\n                    height=\"160\"\n                    style=\"max-width:100%;\"\n                \/>\n            <\/a>\n        <\/div>\n\t\t\t\t\t\t\t<\/div> \n\t\t\t\n        \n\t\t\t\t<div id=\"ngg-image-93\" class=\"ngg-gallery-thumbnail-box\" >\n\t\t\t\t        <div class=\"ngg-gallery-thumbnail\">\n            <a href=\"http:\/\/www.karate-neuhofen.at\/wp-content\/gallery\/weihnachtsfeier-2025\/IMG_2580.JPG\"\n               title=\"\"\n               data-src=\"http:\/\/www.karate-neuhofen.at\/wp-content\/gallery\/weihnachtsfeier-2025\/IMG_2580.JPG\"\n               data-thumbnail=\"http:\/\/www.karate-neuhofen.at\/wp-content\/gallery\/weihnachtsfeier-2025\/thumbs\/thumbs_IMG_2580.JPG\"\n               data-image-id=\"35154\"\n               data-title=\"IMG_2580\"\n               data-description=\"\"\n               data-image-slug=\"img_2580\"\n               class=\"shutterset_57d88d0128dfac935a3754325baf3709\">\n                <img\n                    title=\"IMG_2580\"\n                    alt=\"IMG_2580\"\n                    src=\"http:\/\/www.karate-neuhofen.at\/wp-content\/gallery\/weihnachtsfeier-2025\/thumbs\/thumbs_IMG_2580.JPG\"\n                    width=\"240\"\n                    height=\"160\"\n                    style=\"max-width:100%;\"\n                \/>\n            <\/a>\n        <\/div>\n\t\t\t\t\t\t\t<\/div> \n\t\t\t\n        \n\t\t\t\t<div id=\"ngg-image-94\" class=\"ngg-gallery-thumbnail-box\" >\n\t\t\t\t        <div class=\"ngg-gallery-thumbnail\">\n            <a href=\"http:\/\/www.karate-neuhofen.at\/wp-content\/gallery\/weihnachtsfeier-2025\/IMG_2581.JPG\"\n               title=\"\"\n               data-src=\"http:\/\/www.karate-neuhofen.at\/wp-content\/gallery\/weihnachtsfeier-2025\/IMG_2581.JPG\"\n               data-thumbnail=\"http:\/\/www.karate-neuhofen.at\/wp-content\/gallery\/weihnachtsfeier-2025\/thumbs\/thumbs_IMG_2581.JPG\"\n               data-image-id=\"35155\"\n               data-title=\"IMG_2581\"\n               data-description=\"\"\n               data-image-slug=\"img_2581\"\n               class=\"shutterset_57d88d0128dfac935a3754325baf3709\">\n                <img\n                    title=\"IMG_2581\"\n                    alt=\"IMG_2581\"\n                    src=\"http:\/\/www.karate-neuhofen.at\/wp-content\/gallery\/weihnachtsfeier-2025\/thumbs\/thumbs_IMG_2581.JPG\"\n                    width=\"240\"\n                    height=\"160\"\n                    style=\"max-width:100%;\"\n                \/>\n            <\/a>\n        <\/div>\n\t\t\t\t\t\t\t<\/div> \n\t\t\t\n        \n\t\t\t\t<div id=\"ngg-image-95\" class=\"ngg-gallery-thumbnail-box\" >\n\t\t\t\t        <div class=\"ngg-gallery-thumbnail\">\n            <a href=\"http:\/\/www.karate-neuhofen.at\/wp-content\/gallery\/weihnachtsfeier-2025\/IMG_2582.JPG\"\n               title=\"\"\n               data-src=\"http:\/\/www.karate-neuhofen.at\/wp-content\/gallery\/weihnachtsfeier-2025\/IMG_2582.JPG\"\n               data-thumbnail=\"http:\/\/www.karate-neuhofen.at\/wp-content\/gallery\/weihnachtsfeier-2025\/thumbs\/thumbs_IMG_2582.JPG\"\n               data-image-id=\"35156\"\n               data-title=\"IMG_2582\"\n               data-description=\"\"\n               data-image-slug=\"img_2582-1\"\n               class=\"shutterset_57d88d0128dfac935a3754325baf3709\">\n                <img\n                    title=\"IMG_2582\"\n                    alt=\"IMG_2582\"\n                    src=\"http:\/\/www.karate-neuhofen.at\/wp-content\/gallery\/weihnachtsfeier-2025\/thumbs\/thumbs_IMG_2582.JPG\"\n                    width=\"240\"\n                    height=\"160\"\n                    style=\"max-width:100%;\"\n                \/>\n            <\/a>\n        <\/div>\n\t\t\t\t\t\t\t<\/div> \n\t\t\t\n        \n\t\t\t\t<div id=\"ngg-image-96\" class=\"ngg-gallery-thumbnail-box\" >\n\t\t\t\t        <div class=\"ngg-gallery-thumbnail\">\n            <a href=\"http:\/\/www.karate-neuhofen.at\/wp-content\/gallery\/weihnachtsfeier-2025\/IMG_2583.JPG\"\n               title=\"\"\n               data-src=\"http:\/\/www.karate-neuhofen.at\/wp-content\/gallery\/weihnachtsfeier-2025\/IMG_2583.JPG\"\n               data-thumbnail=\"http:\/\/www.karate-neuhofen.at\/wp-content\/gallery\/weihnachtsfeier-2025\/thumbs\/thumbs_IMG_2583.JPG\"\n               data-image-id=\"35157\"\n               data-title=\"IMG_2583\"\n               data-description=\"\"\n               data-image-slug=\"img_2583-1\"\n               class=\"shutterset_57d88d0128dfac935a3754325baf3709\">\n                <img\n                    title=\"IMG_2583\"\n                    alt=\"IMG_2583\"\n                    src=\"http:\/\/www.karate-neuhofen.at\/wp-content\/gallery\/weihnachtsfeier-2025\/thumbs\/thumbs_IMG_2583.JPG\"\n                    width=\"240\"\n                    height=\"160\"\n                    style=\"max-width:100%;\"\n                \/>\n            <\/a>\n        <\/div>\n\t\t\t\t\t\t\t<\/div> \n\t\t\t\n        \n\t\t\t\t<div id=\"ngg-image-97\" class=\"ngg-gallery-thumbnail-box\" >\n\t\t\t\t        <div class=\"ngg-gallery-thumbnail\">\n            <a href=\"http:\/\/www.karate-neuhofen.at\/wp-content\/gallery\/weihnachtsfeier-2025\/IMG_2585.JPG\"\n               title=\"\"\n               data-src=\"http:\/\/www.karate-neuhofen.at\/wp-content\/gallery\/weihnachtsfeier-2025\/IMG_2585.JPG\"\n               data-thumbnail=\"http:\/\/www.karate-neuhofen.at\/wp-content\/gallery\/weihnachtsfeier-2025\/thumbs\/thumbs_IMG_2585.JPG\"\n               data-image-id=\"35159\"\n               data-title=\"IMG_2585\"\n               data-description=\"\"\n               data-image-slug=\"img_2585-1\"\n               class=\"shutterset_57d88d0128dfac935a3754325baf3709\">\n                <img\n                    title=\"IMG_2585\"\n                    alt=\"IMG_2585\"\n                    src=\"http:\/\/www.karate-neuhofen.at\/wp-content\/gallery\/weihnachtsfeier-2025\/thumbs\/thumbs_IMG_2585.JPG\"\n                    width=\"240\"\n                    height=\"160\"\n                    style=\"max-width:100%;\"\n                \/>\n            <\/a>\n        <\/div>\n\t\t\t\t\t\t\t<\/div> \n\t\t\t\n        \n\t\t\t\t<div id=\"ngg-image-98\" class=\"ngg-gallery-thumbnail-box\" >\n\t\t\t\t        <div class=\"ngg-gallery-thumbnail\">\n            <a href=\"http:\/\/www.karate-neuhofen.at\/wp-content\/gallery\/weihnachtsfeier-2025\/IMG_2588.JPG\"\n               title=\"\"\n               data-src=\"http:\/\/www.karate-neuhofen.at\/wp-content\/gallery\/weihnachtsfeier-2025\/IMG_2588.JPG\"\n               data-thumbnail=\"http:\/\/www.karate-neuhofen.at\/wp-content\/gallery\/weihnachtsfeier-2025\/thumbs\/thumbs_IMG_2588.JPG\"\n               data-image-id=\"35158\"\n               data-title=\"IMG_2588\"\n               data-description=\"\"\n               data-image-slug=\"img_2588\"\n               class=\"shutterset_57d88d0128dfac935a3754325baf3709\">\n                <img\n                    title=\"IMG_2588\"\n                    alt=\"IMG_2588\"\n                    src=\"http:\/\/www.karate-neuhofen.at\/wp-content\/gallery\/weihnachtsfeier-2025\/thumbs\/thumbs_IMG_2588.JPG\"\n                    width=\"240\"\n                    height=\"160\"\n                    style=\"max-width:100%;\"\n                \/>\n            <\/a>\n        <\/div>\n\t\t\t\t\t\t\t<\/div> \n\t\t\t\n        \n\t\t\t\t<div id=\"ngg-image-99\" class=\"ngg-gallery-thumbnail-box\" >\n\t\t\t\t        <div class=\"ngg-gallery-thumbnail\">\n            <a href=\"http:\/\/www.karate-neuhofen.at\/wp-content\/gallery\/weihnachtsfeier-2025\/IMG_2589.JPG\"\n               title=\"\"\n               data-src=\"http:\/\/www.karate-neuhofen.at\/wp-content\/gallery\/weihnachtsfeier-2025\/IMG_2589.JPG\"\n               data-thumbnail=\"http:\/\/www.karate-neuhofen.at\/wp-content\/gallery\/weihnachtsfeier-2025\/thumbs\/thumbs_IMG_2589.JPG\"\n               data-image-id=\"35160\"\n               data-title=\"IMG_2589\"\n               data-description=\"\"\n               data-image-slug=\"img_2589\"\n               class=\"shutterset_57d88d0128dfac935a3754325baf3709\">\n                <img\n                    title=\"IMG_2589\"\n                    alt=\"IMG_2589\"\n                    src=\"http:\/\/www.karate-neuhofen.at\/wp-content\/gallery\/weihnachtsfeier-2025\/thumbs\/thumbs_IMG_2589.JPG\"\n                    width=\"240\"\n                    height=\"160\"\n                    style=\"max-width:100%;\"\n                \/>\n            <\/a>\n        <\/div>\n\t\t\t\t\t\t\t<\/div> \n\t\t\t\n        \n\t\t\t\t<div id=\"ngg-image-100\" class=\"ngg-gallery-thumbnail-box\" >\n\t\t\t\t        <div class=\"ngg-gallery-thumbnail\">\n            <a href=\"http:\/\/www.karate-neuhofen.at\/wp-content\/gallery\/weihnachtsfeier-2025\/IMG_2590.JPG\"\n               title=\"\"\n               data-src=\"http:\/\/www.karate-neuhofen.at\/wp-content\/gallery\/weihnachtsfeier-2025\/IMG_2590.JPG\"\n               data-thumbnail=\"http:\/\/www.karate-neuhofen.at\/wp-content\/gallery\/weihnachtsfeier-2025\/thumbs\/thumbs_IMG_2590.JPG\"\n               data-image-id=\"35161\"\n               data-title=\"IMG_2590\"\n               data-description=\"\"\n               data-image-slug=\"img_2590\"\n               class=\"shutterset_57d88d0128dfac935a3754325baf3709\">\n                <img\n                    title=\"IMG_2590\"\n                    alt=\"IMG_2590\"\n                    src=\"http:\/\/www.karate-neuhofen.at\/wp-content\/gallery\/weihnachtsfeier-2025\/thumbs\/thumbs_IMG_2590.JPG\"\n                    width=\"240\"\n                    height=\"160\"\n                    style=\"max-width:100%;\"\n                \/>\n            <\/a>\n        <\/div>\n\t\t\t\t\t\t\t<\/div> \n\t\t\t\n        \n\t\t\t\t<div id=\"ngg-image-101\" class=\"ngg-gallery-thumbnail-box\" >\n\t\t\t\t        <div class=\"ngg-gallery-thumbnail\">\n            <a href=\"http:\/\/www.karate-neuhofen.at\/wp-content\/gallery\/weihnachtsfeier-2025\/IMG_2591.JPG\"\n               title=\"\"\n               data-src=\"http:\/\/www.karate-neuhofen.at\/wp-content\/gallery\/weihnachtsfeier-2025\/IMG_2591.JPG\"\n               data-thumbnail=\"http:\/\/www.karate-neuhofen.at\/wp-content\/gallery\/weihnachtsfeier-2025\/thumbs\/thumbs_IMG_2591.JPG\"\n               data-image-id=\"35162\"\n               data-title=\"IMG_2591\"\n               data-description=\"\"\n               data-image-slug=\"img_2591-1\"\n               class=\"shutterset_57d88d0128dfac935a3754325baf3709\">\n                <img\n                    title=\"IMG_2591\"\n                    alt=\"IMG_2591\"\n                    src=\"http:\/\/www.karate-neuhofen.at\/wp-content\/gallery\/weihnachtsfeier-2025\/thumbs\/thumbs_IMG_2591.JPG\"\n                    width=\"240\"\n                    height=\"160\"\n                    style=\"max-width:100%;\"\n                \/>\n            <\/a>\n        <\/div>\n\t\t\t\t\t\t\t<\/div> \n\t\t\t\n        \n\t\t\t\t<div id=\"ngg-image-102\" class=\"ngg-gallery-thumbnail-box\" >\n\t\t\t\t        <div class=\"ngg-gallery-thumbnail\">\n            <a href=\"http:\/\/www.karate-neuhofen.at\/wp-content\/gallery\/weihnachtsfeier-2025\/IMG_2592.JPG\"\n               title=\"\"\n               data-src=\"http:\/\/www.karate-neuhofen.at\/wp-content\/gallery\/weihnachtsfeier-2025\/IMG_2592.JPG\"\n               data-thumbnail=\"http:\/\/www.karate-neuhofen.at\/wp-content\/gallery\/weihnachtsfeier-2025\/thumbs\/thumbs_IMG_2592.JPG\"\n               data-image-id=\"35163\"\n               data-title=\"IMG_2592\"\n               data-description=\"\"\n               data-image-slug=\"img_2592-1\"\n               class=\"shutterset_57d88d0128dfac935a3754325baf3709\">\n                <img\n                    title=\"IMG_2592\"\n                    alt=\"IMG_2592\"\n                    src=\"http:\/\/www.karate-neuhofen.at\/wp-content\/gallery\/weihnachtsfeier-2025\/thumbs\/thumbs_IMG_2592.JPG\"\n                    width=\"240\"\n                    height=\"160\"\n                    style=\"max-width:100%;\"\n                \/>\n            <\/a>\n        <\/div>\n\t\t\t\t\t\t\t<\/div> \n\t\t\t\n        \n\t\t\t\t<div id=\"ngg-image-103\" class=\"ngg-gallery-thumbnail-box\" >\n\t\t\t\t        <div class=\"ngg-gallery-thumbnail\">\n            <a href=\"http:\/\/www.karate-neuhofen.at\/wp-content\/gallery\/weihnachtsfeier-2025\/IMG_2593.JPG\"\n               title=\"\"\n               data-src=\"http:\/\/www.karate-neuhofen.at\/wp-content\/gallery\/weihnachtsfeier-2025\/IMG_2593.JPG\"\n               data-thumbnail=\"http:\/\/www.karate-neuhofen.at\/wp-content\/gallery\/weihnachtsfeier-2025\/thumbs\/thumbs_IMG_2593.JPG\"\n               data-image-id=\"35164\"\n               data-title=\"IMG_2593\"\n               data-description=\"\"\n               data-image-slug=\"img_2593-1\"\n               class=\"shutterset_57d88d0128dfac935a3754325baf3709\">\n                <img\n                    title=\"IMG_2593\"\n                    alt=\"IMG_2593\"\n                    src=\"http:\/\/www.karate-neuhofen.at\/wp-content\/gallery\/weihnachtsfeier-2025\/thumbs\/thumbs_IMG_2593.JPG\"\n                    width=\"240\"\n                    height=\"160\"\n                    style=\"max-width:100%;\"\n                \/>\n            <\/a>\n        <\/div>\n\t\t\t\t\t\t\t<\/div> \n\t\t\t\n        \n\t\t\t\t<div id=\"ngg-image-104\" class=\"ngg-gallery-thumbnail-box\" >\n\t\t\t\t        <div class=\"ngg-gallery-thumbnail\">\n            <a href=\"http:\/\/www.karate-neuhofen.at\/wp-content\/gallery\/weihnachtsfeier-2025\/IMG_2595.JPG\"\n               title=\"\"\n               data-src=\"http:\/\/www.karate-neuhofen.at\/wp-content\/gallery\/weihnachtsfeier-2025\/IMG_2595.JPG\"\n               data-thumbnail=\"http:\/\/www.karate-neuhofen.at\/wp-content\/gallery\/weihnachtsfeier-2025\/thumbs\/thumbs_IMG_2595.JPG\"\n               data-image-id=\"35165\"\n               data-title=\"IMG_2595\"\n               data-description=\"\"\n               data-image-slug=\"img_2595-1\"\n               class=\"shutterset_57d88d0128dfac935a3754325baf3709\">\n                <img\n                    title=\"IMG_2595\"\n                    alt=\"IMG_2595\"\n                    src=\"http:\/\/www.karate-neuhofen.at\/wp-content\/gallery\/weihnachtsfeier-2025\/thumbs\/thumbs_IMG_2595.JPG\"\n                    width=\"240\"\n                    height=\"160\"\n                    style=\"max-width:100%;\"\n                \/>\n            <\/a>\n        <\/div>\n\t\t\t\t\t\t\t<\/div> \n\t\t\t\n        \n\t\t\t\t<div id=\"ngg-image-105\" class=\"ngg-gallery-thumbnail-box\" >\n\t\t\t\t        <div class=\"ngg-gallery-thumbnail\">\n            <a href=\"http:\/\/www.karate-neuhofen.at\/wp-content\/gallery\/weihnachtsfeier-2025\/IMG_2597.JPG\"\n               title=\"\"\n               data-src=\"http:\/\/www.karate-neuhofen.at\/wp-content\/gallery\/weihnachtsfeier-2025\/IMG_2597.JPG\"\n               data-thumbnail=\"http:\/\/www.karate-neuhofen.at\/wp-content\/gallery\/weihnachtsfeier-2025\/thumbs\/thumbs_IMG_2597.JPG\"\n               data-image-id=\"35166\"\n               data-title=\"IMG_2597\"\n               data-description=\"\"\n               data-image-slug=\"img_2597-1\"\n               class=\"shutterset_57d88d0128dfac935a3754325baf3709\">\n                <img\n                    title=\"IMG_2597\"\n                    alt=\"IMG_2597\"\n                    src=\"http:\/\/www.karate-neuhofen.at\/wp-content\/gallery\/weihnachtsfeier-2025\/thumbs\/thumbs_IMG_2597.JPG\"\n                    width=\"240\"\n                    height=\"160\"\n                    style=\"max-width:100%;\"\n                \/>\n            <\/a>\n        <\/div>\n\t\t\t\t\t\t\t<\/div> \n\t\t\t\n        \n\t\t\t\t<div id=\"ngg-image-106\" class=\"ngg-gallery-thumbnail-box\" >\n\t\t\t\t        <div class=\"ngg-gallery-thumbnail\">\n            <a href=\"http:\/\/www.karate-neuhofen.at\/wp-content\/gallery\/weihnachtsfeier-2025\/IMG_2600.JPG\"\n               title=\"\"\n               data-src=\"http:\/\/www.karate-neuhofen.at\/wp-content\/gallery\/weihnachtsfeier-2025\/IMG_2600.JPG\"\n               data-thumbnail=\"http:\/\/www.karate-neuhofen.at\/wp-content\/gallery\/weihnachtsfeier-2025\/thumbs\/thumbs_IMG_2600.JPG\"\n               data-image-id=\"35167\"\n               data-title=\"IMG_2600\"\n               data-description=\"\"\n               data-image-slug=\"img_2600-1\"\n               class=\"shutterset_57d88d0128dfac935a3754325baf3709\">\n                <img\n                    title=\"IMG_2600\"\n                    alt=\"IMG_2600\"\n                    src=\"http:\/\/www.karate-neuhofen.at\/wp-content\/gallery\/weihnachtsfeier-2025\/thumbs\/thumbs_IMG_2600.JPG\"\n                    width=\"240\"\n                    height=\"160\"\n                    style=\"max-width:100%;\"\n                \/>\n            <\/a>\n        <\/div>\n\t\t\t\t\t\t\t<\/div> \n\t\t\t\n        \n\t\t\t\t<div id=\"ngg-image-107\" class=\"ngg-gallery-thumbnail-box\" >\n\t\t\t\t        <div class=\"ngg-gallery-thumbnail\">\n            <a href=\"http:\/\/www.karate-neuhofen.at\/wp-content\/gallery\/weihnachtsfeier-2025\/IMG_2601.JPG\"\n               title=\"\"\n               data-src=\"http:\/\/www.karate-neuhofen.at\/wp-content\/gallery\/weihnachtsfeier-2025\/IMG_2601.JPG\"\n               data-thumbnail=\"http:\/\/www.karate-neuhofen.at\/wp-content\/gallery\/weihnachtsfeier-2025\/thumbs\/thumbs_IMG_2601.JPG\"\n               data-image-id=\"35168\"\n               data-title=\"IMG_2601\"\n               data-description=\"\"\n               data-image-slug=\"img_2601\"\n               class=\"shutterset_57d88d0128dfac935a3754325baf3709\">\n                <img\n                    title=\"IMG_2601\"\n                    alt=\"IMG_2601\"\n                    src=\"http:\/\/www.karate-neuhofen.at\/wp-content\/gallery\/weihnachtsfeier-2025\/thumbs\/thumbs_IMG_2601.JPG\"\n                    width=\"240\"\n                    height=\"160\"\n                    style=\"max-width:100%;\"\n                \/>\n            <\/a>\n        <\/div>\n\t\t\t\t\t\t\t<\/div> \n\t\t\t\n        \n\t\t\t\t<div id=\"ngg-image-108\" class=\"ngg-gallery-thumbnail-box\" >\n\t\t\t\t        <div class=\"ngg-gallery-thumbnail\">\n            <a href=\"http:\/\/www.karate-neuhofen.at\/wp-content\/gallery\/weihnachtsfeier-2025\/IMG_2602.JPG\"\n               title=\"\"\n               data-src=\"http:\/\/www.karate-neuhofen.at\/wp-content\/gallery\/weihnachtsfeier-2025\/IMG_2602.JPG\"\n               data-thumbnail=\"http:\/\/www.karate-neuhofen.at\/wp-content\/gallery\/weihnachtsfeier-2025\/thumbs\/thumbs_IMG_2602.JPG\"\n               data-image-id=\"35169\"\n               data-title=\"IMG_2602\"\n               data-description=\"\"\n               data-image-slug=\"img_2602\"\n               class=\"shutterset_57d88d0128dfac935a3754325baf3709\">\n                <img\n                    title=\"IMG_2602\"\n                    alt=\"IMG_2602\"\n                    src=\"http:\/\/www.karate-neuhofen.at\/wp-content\/gallery\/weihnachtsfeier-2025\/thumbs\/thumbs_IMG_2602.JPG\"\n                    width=\"240\"\n                    height=\"160\"\n                    style=\"max-width:100%;\"\n                \/>\n            <\/a>\n        <\/div>\n\t\t\t\t\t\t\t<\/div> \n\t\t\t\n        \n\t\t\t\t<div id=\"ngg-image-109\" class=\"ngg-gallery-thumbnail-box\" >\n\t\t\t\t        <div class=\"ngg-gallery-thumbnail\">\n            <a href=\"http:\/\/www.karate-neuhofen.at\/wp-content\/gallery\/weihnachtsfeier-2025\/IMG_2603.JPG\"\n               title=\"\"\n               data-src=\"http:\/\/www.karate-neuhofen.at\/wp-content\/gallery\/weihnachtsfeier-2025\/IMG_2603.JPG\"\n               data-thumbnail=\"http:\/\/www.karate-neuhofen.at\/wp-content\/gallery\/weihnachtsfeier-2025\/thumbs\/thumbs_IMG_2603.JPG\"\n               data-image-id=\"35170\"\n               data-title=\"IMG_2603\"\n               data-description=\"\"\n               data-image-slug=\"img_2603\"\n               class=\"shutterset_57d88d0128dfac935a3754325baf3709\">\n                <img\n                    title=\"IMG_2603\"\n                    alt=\"IMG_2603\"\n                    src=\"http:\/\/www.karate-neuhofen.at\/wp-content\/gallery\/weihnachtsfeier-2025\/thumbs\/thumbs_IMG_2603.JPG\"\n                    width=\"240\"\n                    height=\"160\"\n                    style=\"max-width:100%;\"\n                \/>\n            <\/a>\n        <\/div>\n\t\t\t\t\t\t\t<\/div> \n\t\t\t\n        \n\t\t\t\t<div id=\"ngg-image-110\" class=\"ngg-gallery-thumbnail-box\" >\n\t\t\t\t        <div class=\"ngg-gallery-thumbnail\">\n            <a href=\"http:\/\/www.karate-neuhofen.at\/wp-content\/gallery\/weihnachtsfeier-2025\/IMG_2604.JPG\"\n               title=\"\"\n               data-src=\"http:\/\/www.karate-neuhofen.at\/wp-content\/gallery\/weihnachtsfeier-2025\/IMG_2604.JPG\"\n               data-thumbnail=\"http:\/\/www.karate-neuhofen.at\/wp-content\/gallery\/weihnachtsfeier-2025\/thumbs\/thumbs_IMG_2604.JPG\"\n               data-image-id=\"35171\"\n               data-title=\"IMG_2604\"\n               data-description=\"\"\n               data-image-slug=\"img_2604-1\"\n               class=\"shutterset_57d88d0128dfac935a3754325baf3709\">\n                <img\n                    title=\"IMG_2604\"\n                    alt=\"IMG_2604\"\n                    src=\"http:\/\/www.karate-neuhofen.at\/wp-content\/gallery\/weihnachtsfeier-2025\/thumbs\/thumbs_IMG_2604.JPG\"\n                    width=\"240\"\n                    height=\"160\"\n                    style=\"max-width:100%;\"\n                \/>\n            <\/a>\n        <\/div>\n\t\t\t\t\t\t\t<\/div> \n\t\t\t\n        \n\t\t\t\t<div id=\"ngg-image-111\" class=\"ngg-gallery-thumbnail-box\" >\n\t\t\t\t        <div class=\"ngg-gallery-thumbnail\">\n            <a href=\"http:\/\/www.karate-neuhofen.at\/wp-content\/gallery\/weihnachtsfeier-2025\/IMG_2606.JPG\"\n               title=\"\"\n               data-src=\"http:\/\/www.karate-neuhofen.at\/wp-content\/gallery\/weihnachtsfeier-2025\/IMG_2606.JPG\"\n               data-thumbnail=\"http:\/\/www.karate-neuhofen.at\/wp-content\/gallery\/weihnachtsfeier-2025\/thumbs\/thumbs_IMG_2606.JPG\"\n               data-image-id=\"35172\"\n               data-title=\"IMG_2606\"\n               data-description=\"\"\n               data-image-slug=\"img_2606-1\"\n               class=\"shutterset_57d88d0128dfac935a3754325baf3709\">\n                <img\n                    title=\"IMG_2606\"\n                    alt=\"IMG_2606\"\n                    src=\"http:\/\/www.karate-neuhofen.at\/wp-content\/gallery\/weihnachtsfeier-2025\/thumbs\/thumbs_IMG_2606.JPG\"\n                    width=\"240\"\n                    height=\"160\"\n                    style=\"max-width:100%;\"\n                \/>\n            <\/a>\n        <\/div>\n\t\t\t\t\t\t\t<\/div> \n\t\t\t\n        \n\t\t\t\t<div id=\"ngg-image-112\" class=\"ngg-gallery-thumbnail-box\" >\n\t\t\t\t        <div class=\"ngg-gallery-thumbnail\">\n            <a href=\"http:\/\/www.karate-neuhofen.at\/wp-content\/gallery\/weihnachtsfeier-2025\/IMG_2607.JPG\"\n               title=\"\"\n               data-src=\"http:\/\/www.karate-neuhofen.at\/wp-content\/gallery\/weihnachtsfeier-2025\/IMG_2607.JPG\"\n               data-thumbnail=\"http:\/\/www.karate-neuhofen.at\/wp-content\/gallery\/weihnachtsfeier-2025\/thumbs\/thumbs_IMG_2607.JPG\"\n               data-image-id=\"35173\"\n               data-title=\"IMG_2607\"\n               data-description=\"\"\n               data-image-slug=\"img_2607-1\"\n               class=\"shutterset_57d88d0128dfac935a3754325baf3709\">\n                <img\n                    title=\"IMG_2607\"\n                    alt=\"IMG_2607\"\n                    src=\"http:\/\/www.karate-neuhofen.at\/wp-content\/gallery\/weihnachtsfeier-2025\/thumbs\/thumbs_IMG_2607.JPG\"\n                    width=\"240\"\n                    height=\"160\"\n                    style=\"max-width:100%;\"\n                \/>\n            <\/a>\n        <\/div>\n\t\t\t\t\t\t\t<\/div> \n\t\t\t\n        \n\t\t\t\t<div id=\"ngg-image-113\" class=\"ngg-gallery-thumbnail-box\" >\n\t\t\t\t        <div class=\"ngg-gallery-thumbnail\">\n            <a href=\"http:\/\/www.karate-neuhofen.at\/wp-content\/gallery\/weihnachtsfeier-2025\/IMG_2609.JPG\"\n               title=\"\"\n               data-src=\"http:\/\/www.karate-neuhofen.at\/wp-content\/gallery\/weihnachtsfeier-2025\/IMG_2609.JPG\"\n               data-thumbnail=\"http:\/\/www.karate-neuhofen.at\/wp-content\/gallery\/weihnachtsfeier-2025\/thumbs\/thumbs_IMG_2609.JPG\"\n               data-image-id=\"35174\"\n               data-title=\"IMG_2609\"\n               data-description=\"\"\n               data-image-slug=\"img_2609-2\"\n               class=\"shutterset_57d88d0128dfac935a3754325baf3709\">\n                <img\n                    title=\"IMG_2609\"\n                    alt=\"IMG_2609\"\n                    src=\"http:\/\/www.karate-neuhofen.at\/wp-content\/gallery\/weihnachtsfeier-2025\/thumbs\/thumbs_IMG_2609.JPG\"\n                    width=\"240\"\n                    height=\"160\"\n                    style=\"max-width:100%;\"\n                \/>\n            <\/a>\n        <\/div>\n\t\t\t\t\t\t\t<\/div> \n\t\t\t\n        \n\t\t\t\t<div id=\"ngg-image-114\" class=\"ngg-gallery-thumbnail-box\" >\n\t\t\t\t        <div class=\"ngg-gallery-thumbnail\">\n            <a href=\"http:\/\/www.karate-neuhofen.at\/wp-content\/gallery\/weihnachtsfeier-2025\/IMG_2611.JPG\"\n               title=\"\"\n               data-src=\"http:\/\/www.karate-neuhofen.at\/wp-content\/gallery\/weihnachtsfeier-2025\/IMG_2611.JPG\"\n               data-thumbnail=\"http:\/\/www.karate-neuhofen.at\/wp-content\/gallery\/weihnachtsfeier-2025\/thumbs\/thumbs_IMG_2611.JPG\"\n               data-image-id=\"35175\"\n               data-title=\"IMG_2611\"\n               data-description=\"\"\n               data-image-slug=\"img_2611\"\n               class=\"shutterset_57d88d0128dfac935a3754325baf3709\">\n                <img\n                    title=\"IMG_2611\"\n                    alt=\"IMG_2611\"\n                    src=\"http:\/\/www.karate-neuhofen.at\/wp-content\/gallery\/weihnachtsfeier-2025\/thumbs\/thumbs_IMG_2611.JPG\"\n                    width=\"240\"\n                    height=\"160\"\n                    style=\"max-width:100%;\"\n                \/>\n            <\/a>\n        <\/div>\n\t\t\t\t\t\t\t<\/div> \n\t\t\t\n        \n\t\t\t\t<div id=\"ngg-image-115\" class=\"ngg-gallery-thumbnail-box\" >\n\t\t\t\t        <div class=\"ngg-gallery-thumbnail\">\n            <a href=\"http:\/\/www.karate-neuhofen.at\/wp-content\/gallery\/weihnachtsfeier-2025\/IMG_2615.JPG\"\n               title=\"\"\n               data-src=\"http:\/\/www.karate-neuhofen.at\/wp-content\/gallery\/weihnachtsfeier-2025\/IMG_2615.JPG\"\n               data-thumbnail=\"http:\/\/www.karate-neuhofen.at\/wp-content\/gallery\/weihnachtsfeier-2025\/thumbs\/thumbs_IMG_2615.JPG\"\n               data-image-id=\"35176\"\n               data-title=\"IMG_2615\"\n               data-description=\"\"\n               data-image-slug=\"img_2615-1\"\n               class=\"shutterset_57d88d0128dfac935a3754325baf3709\">\n                <img\n                    title=\"IMG_2615\"\n                    alt=\"IMG_2615\"\n                    src=\"http:\/\/www.karate-neuhofen.at\/wp-content\/gallery\/weihnachtsfeier-2025\/thumbs\/thumbs_IMG_2615.JPG\"\n                    width=\"240\"\n                    height=\"160\"\n                    style=\"max-width:100%;\"\n                \/>\n            <\/a>\n        <\/div>\n\t\t\t\t\t\t\t<\/div> \n\t\t\t\n        \n\t\t\t\t<div id=\"ngg-image-116\" class=\"ngg-gallery-thumbnail-box\" >\n\t\t\t\t        <div class=\"ngg-gallery-thumbnail\">\n            <a href=\"http:\/\/www.karate-neuhofen.at\/wp-content\/gallery\/weihnachtsfeier-2025\/IMG_2618.JPG\"\n               title=\"\"\n               data-src=\"http:\/\/www.karate-neuhofen.at\/wp-content\/gallery\/weihnachtsfeier-2025\/IMG_2618.JPG\"\n               data-thumbnail=\"http:\/\/www.karate-neuhofen.at\/wp-content\/gallery\/weihnachtsfeier-2025\/thumbs\/thumbs_IMG_2618.JPG\"\n               data-image-id=\"35177\"\n               data-title=\"IMG_2618\"\n               data-description=\"\"\n               data-image-slug=\"img_2618-1\"\n               class=\"shutterset_57d88d0128dfac935a3754325baf3709\">\n                <img\n                    title=\"IMG_2618\"\n                    alt=\"IMG_2618\"\n                    src=\"http:\/\/www.karate-neuhofen.at\/wp-content\/gallery\/weihnachtsfeier-2025\/thumbs\/thumbs_IMG_2618.JPG\"\n                    width=\"240\"\n                    height=\"160\"\n                    style=\"max-width:100%;\"\n                \/>\n            <\/a>\n        <\/div>\n\t\t\t\t\t\t\t<\/div> \n\t\t\t\n        \n\t\t\t\t<div id=\"ngg-image-117\" class=\"ngg-gallery-thumbnail-box\" >\n\t\t\t\t        <div class=\"ngg-gallery-thumbnail\">\n            <a href=\"http:\/\/www.karate-neuhofen.at\/wp-content\/gallery\/weihnachtsfeier-2025\/IMG_2620.JPG\"\n               title=\"\"\n               data-src=\"http:\/\/www.karate-neuhofen.at\/wp-content\/gallery\/weihnachtsfeier-2025\/IMG_2620.JPG\"\n               data-thumbnail=\"http:\/\/www.karate-neuhofen.at\/wp-content\/gallery\/weihnachtsfeier-2025\/thumbs\/thumbs_IMG_2620.JPG\"\n               data-image-id=\"35178\"\n               data-title=\"IMG_2620\"\n               data-description=\"\"\n               data-image-slug=\"img_2620-2\"\n               class=\"shutterset_57d88d0128dfac935a3754325baf3709\">\n                <img\n                    title=\"IMG_2620\"\n                    alt=\"IMG_2620\"\n                    src=\"http:\/\/www.karate-neuhofen.at\/wp-content\/gallery\/weihnachtsfeier-2025\/thumbs\/thumbs_IMG_2620.JPG\"\n                    width=\"240\"\n                    height=\"160\"\n                    style=\"max-width:100%;\"\n                \/>\n            <\/a>\n        <\/div>\n\t\t\t\t\t\t\t<\/div> \n\t\t\t\n        \n\t\t\t\t<div id=\"ngg-image-118\" class=\"ngg-gallery-thumbnail-box\" >\n\t\t\t\t        <div class=\"ngg-gallery-thumbnail\">\n            <a href=\"http:\/\/www.karate-neuhofen.at\/wp-content\/gallery\/weihnachtsfeier-2025\/IMG_2623.JPG\"\n               title=\"\"\n               data-src=\"http:\/\/www.karate-neuhofen.at\/wp-content\/gallery\/weihnachtsfeier-2025\/IMG_2623.JPG\"\n               data-thumbnail=\"http:\/\/www.karate-neuhofen.at\/wp-content\/gallery\/weihnachtsfeier-2025\/thumbs\/thumbs_IMG_2623.JPG\"\n               data-image-id=\"35179\"\n               data-title=\"IMG_2623\"\n               data-description=\"\"\n               data-image-slug=\"img_2623-1\"\n               class=\"shutterset_57d88d0128dfac935a3754325baf3709\">\n                <img\n                    title=\"IMG_2623\"\n                    alt=\"IMG_2623\"\n                    src=\"http:\/\/www.karate-neuhofen.at\/wp-content\/gallery\/weihnachtsfeier-2025\/thumbs\/thumbs_IMG_2623.JPG\"\n                    width=\"240\"\n                    height=\"160\"\n                    style=\"max-width:100%;\"\n                \/>\n            <\/a>\n        <\/div>\n\t\t\t\t\t\t\t<\/div> \n\t\t\t\n        \n\t\t\t\t<div id=\"ngg-image-119\" class=\"ngg-gallery-thumbnail-box\" >\n\t\t\t\t        <div class=\"ngg-gallery-thumbnail\">\n            <a href=\"http:\/\/www.karate-neuhofen.at\/wp-content\/gallery\/weihnachtsfeier-2025\/IMG_2624.JPG\"\n               title=\"\"\n               data-src=\"http:\/\/www.karate-neuhofen.at\/wp-content\/gallery\/weihnachtsfeier-2025\/IMG_2624.JPG\"\n               data-thumbnail=\"http:\/\/www.karate-neuhofen.at\/wp-content\/gallery\/weihnachtsfeier-2025\/thumbs\/thumbs_IMG_2624.JPG\"\n               data-image-id=\"35180\"\n               data-title=\"IMG_2624\"\n               data-description=\"\"\n               data-image-slug=\"img_2624-2\"\n               class=\"shutterset_57d88d0128dfac935a3754325baf3709\">\n                <img\n                    title=\"IMG_2624\"\n                    alt=\"IMG_2624\"\n                    src=\"http:\/\/www.karate-neuhofen.at\/wp-content\/gallery\/weihnachtsfeier-2025\/thumbs\/thumbs_IMG_2624.JPG\"\n                    width=\"240\"\n                    height=\"160\"\n                    style=\"max-width:100%;\"\n                \/>\n            <\/a>\n        <\/div>\n\t\t\t\t\t\t\t<\/div> \n\t\t\t\n        \n\t\t\t\t<div id=\"ngg-image-120\" class=\"ngg-gallery-thumbnail-box\" >\n\t\t\t\t        <div class=\"ngg-gallery-thumbnail\">\n            <a href=\"http:\/\/www.karate-neuhofen.at\/wp-content\/gallery\/weihnachtsfeier-2025\/IMG_2625.JPG\"\n               title=\"\"\n               data-src=\"http:\/\/www.karate-neuhofen.at\/wp-content\/gallery\/weihnachtsfeier-2025\/IMG_2625.JPG\"\n               data-thumbnail=\"http:\/\/www.karate-neuhofen.at\/wp-content\/gallery\/weihnachtsfeier-2025\/thumbs\/thumbs_IMG_2625.JPG\"\n               data-image-id=\"35181\"\n               data-title=\"IMG_2625\"\n               data-description=\"\"\n               data-image-slug=\"img_2625-1\"\n               class=\"shutterset_57d88d0128dfac935a3754325baf3709\">\n                <img\n                    title=\"IMG_2625\"\n                    alt=\"IMG_2625\"\n                    src=\"http:\/\/www.karate-neuhofen.at\/wp-content\/gallery\/weihnachtsfeier-2025\/thumbs\/thumbs_IMG_2625.JPG\"\n                    width=\"240\"\n                    height=\"160\"\n                    style=\"max-width:100%;\"\n                \/>\n            <\/a>\n        <\/div>\n\t\t\t\t\t\t\t<\/div> \n\t\t\t\n        \n\t\t\t\t<div id=\"ngg-image-121\" class=\"ngg-gallery-thumbnail-box\" >\n\t\t\t\t        <div class=\"ngg-gallery-thumbnail\">\n            <a href=\"http:\/\/www.karate-neuhofen.at\/wp-content\/gallery\/weihnachtsfeier-2025\/IMG_2626.JPG\"\n               title=\"\"\n               data-src=\"http:\/\/www.karate-neuhofen.at\/wp-content\/gallery\/weihnachtsfeier-2025\/IMG_2626.JPG\"\n               data-thumbnail=\"http:\/\/www.karate-neuhofen.at\/wp-content\/gallery\/weihnachtsfeier-2025\/thumbs\/thumbs_IMG_2626.JPG\"\n               data-image-id=\"35182\"\n               data-title=\"IMG_2626\"\n               data-description=\"\"\n               data-image-slug=\"img_2626\"\n               class=\"shutterset_57d88d0128dfac935a3754325baf3709\">\n                <img\n                    title=\"IMG_2626\"\n                    alt=\"IMG_2626\"\n                    src=\"http:\/\/www.karate-neuhofen.at\/wp-content\/gallery\/weihnachtsfeier-2025\/thumbs\/thumbs_IMG_2626.JPG\"\n                    width=\"240\"\n                    height=\"160\"\n                    style=\"max-width:100%;\"\n                \/>\n            <\/a>\n        <\/div>\n\t\t\t\t\t\t\t<\/div> \n\t\t\t\n        \n\t\t\t\t<div id=\"ngg-image-122\" class=\"ngg-gallery-thumbnail-box\" >\n\t\t\t\t        <div class=\"ngg-gallery-thumbnail\">\n            <a href=\"http:\/\/www.karate-neuhofen.at\/wp-content\/gallery\/weihnachtsfeier-2025\/IMG_2629.JPG\"\n               title=\"\"\n               data-src=\"http:\/\/www.karate-neuhofen.at\/wp-content\/gallery\/weihnachtsfeier-2025\/IMG_2629.JPG\"\n               data-thumbnail=\"http:\/\/www.karate-neuhofen.at\/wp-content\/gallery\/weihnachtsfeier-2025\/thumbs\/thumbs_IMG_2629.JPG\"\n               data-image-id=\"35183\"\n               data-title=\"IMG_2629\"\n               data-description=\"\"\n               data-image-slug=\"img_2629-1\"\n               class=\"shutterset_57d88d0128dfac935a3754325baf3709\">\n                <img\n                    title=\"IMG_2629\"\n                    alt=\"IMG_2629\"\n                    src=\"http:\/\/www.karate-neuhofen.at\/wp-content\/gallery\/weihnachtsfeier-2025\/thumbs\/thumbs_IMG_2629.JPG\"\n                    width=\"240\"\n                    height=\"160\"\n                    style=\"max-width:100%;\"\n                \/>\n            <\/a>\n        <\/div>\n\t\t\t\t\t\t\t<\/div> \n\t\t\t\n        \n\t\t\t\t<div id=\"ngg-image-123\" class=\"ngg-gallery-thumbnail-box\" >\n\t\t\t\t        <div class=\"ngg-gallery-thumbnail\">\n            <a href=\"http:\/\/www.karate-neuhofen.at\/wp-content\/gallery\/weihnachtsfeier-2025\/IMG_2630.JPG\"\n               title=\"\"\n               data-src=\"http:\/\/www.karate-neuhofen.at\/wp-content\/gallery\/weihnachtsfeier-2025\/IMG_2630.JPG\"\n               data-thumbnail=\"http:\/\/www.karate-neuhofen.at\/wp-content\/gallery\/weihnachtsfeier-2025\/thumbs\/thumbs_IMG_2630.JPG\"\n               data-image-id=\"35184\"\n               data-title=\"IMG_2630\"\n               data-description=\"\"\n               data-image-slug=\"img_2630-1\"\n               class=\"shutterset_57d88d0128dfac935a3754325baf3709\">\n                <img\n                    title=\"IMG_2630\"\n                    alt=\"IMG_2630\"\n                    src=\"http:\/\/www.karate-neuhofen.at\/wp-content\/gallery\/weihnachtsfeier-2025\/thumbs\/thumbs_IMG_2630.JPG\"\n                    width=\"240\"\n                    height=\"160\"\n                    style=\"max-width:100%;\"\n                \/>\n            <\/a>\n        <\/div>\n\t\t\t\t\t\t\t<\/div> \n\t\t\t\n        \n\t\t\t\t<div id=\"ngg-image-124\" class=\"ngg-gallery-thumbnail-box\" >\n\t\t\t\t        <div class=\"ngg-gallery-thumbnail\">\n            <a href=\"http:\/\/www.karate-neuhofen.at\/wp-content\/gallery\/weihnachtsfeier-2025\/IMG_2632.JPG\"\n               title=\"\"\n               data-src=\"http:\/\/www.karate-neuhofen.at\/wp-content\/gallery\/weihnachtsfeier-2025\/IMG_2632.JPG\"\n               data-thumbnail=\"http:\/\/www.karate-neuhofen.at\/wp-content\/gallery\/weihnachtsfeier-2025\/thumbs\/thumbs_IMG_2632.JPG\"\n               data-image-id=\"35185\"\n               data-title=\"IMG_2632\"\n               data-description=\"\"\n               data-image-slug=\"img_2632\"\n               class=\"shutterset_57d88d0128dfac935a3754325baf3709\">\n                <img\n                    title=\"IMG_2632\"\n                    alt=\"IMG_2632\"\n                    src=\"http:\/\/www.karate-neuhofen.at\/wp-content\/gallery\/weihnachtsfeier-2025\/thumbs\/thumbs_IMG_2632.JPG\"\n                    width=\"240\"\n                    height=\"160\"\n                    style=\"max-width:100%;\"\n                \/>\n            <\/a>\n        <\/div>\n\t\t\t\t\t\t\t<\/div> \n\t\t\t\n        \n\t\t\t\t<div id=\"ngg-image-125\" class=\"ngg-gallery-thumbnail-box\" >\n\t\t\t\t        <div class=\"ngg-gallery-thumbnail\">\n            <a href=\"http:\/\/www.karate-neuhofen.at\/wp-content\/gallery\/weihnachtsfeier-2025\/IMG_2633.JPG\"\n               title=\"\"\n               data-src=\"http:\/\/www.karate-neuhofen.at\/wp-content\/gallery\/weihnachtsfeier-2025\/IMG_2633.JPG\"\n               data-thumbnail=\"http:\/\/www.karate-neuhofen.at\/wp-content\/gallery\/weihnachtsfeier-2025\/thumbs\/thumbs_IMG_2633.JPG\"\n               data-image-id=\"35186\"\n               data-title=\"IMG_2633\"\n               data-description=\"\"\n               data-image-slug=\"img_2633\"\n               class=\"shutterset_57d88d0128dfac935a3754325baf3709\">\n                <img\n                    title=\"IMG_2633\"\n                    alt=\"IMG_2633\"\n                    src=\"http:\/\/www.karate-neuhofen.at\/wp-content\/gallery\/weihnachtsfeier-2025\/thumbs\/thumbs_IMG_2633.JPG\"\n                    width=\"240\"\n                    height=\"160\"\n                    style=\"max-width:100%;\"\n                \/>\n            <\/a>\n        <\/div>\n\t\t\t\t\t\t\t<\/div> \n\t\t\t\n        \n\t\t\t\t<div id=\"ngg-image-126\" class=\"ngg-gallery-thumbnail-box\" >\n\t\t\t\t        <div class=\"ngg-gallery-thumbnail\">\n            <a href=\"http:\/\/www.karate-neuhofen.at\/wp-content\/gallery\/weihnachtsfeier-2025\/IMG_2634.JPG\"\n               title=\"\"\n               data-src=\"http:\/\/www.karate-neuhofen.at\/wp-content\/gallery\/weihnachtsfeier-2025\/IMG_2634.JPG\"\n               data-thumbnail=\"http:\/\/www.karate-neuhofen.at\/wp-content\/gallery\/weihnachtsfeier-2025\/thumbs\/thumbs_IMG_2634.JPG\"\n               data-image-id=\"35187\"\n               data-title=\"IMG_2634\"\n               data-description=\"\"\n               data-image-slug=\"img_2634-1\"\n               class=\"shutterset_57d88d0128dfac935a3754325baf3709\">\n                <img\n                    title=\"IMG_2634\"\n                    alt=\"IMG_2634\"\n                    src=\"http:\/\/www.karate-neuhofen.at\/wp-content\/gallery\/weihnachtsfeier-2025\/thumbs\/thumbs_IMG_2634.JPG\"\n                    width=\"240\"\n                    height=\"160\"\n                    style=\"max-width:100%;\"\n                \/>\n            <\/a>\n        <\/div>\n\t\t\t\t\t\t\t<\/div> \n\t\t\t\n        \n\t\t\t\t<div id=\"ngg-image-127\" class=\"ngg-gallery-thumbnail-box\" >\n\t\t\t\t        <div class=\"ngg-gallery-thumbnail\">\n            <a href=\"http:\/\/www.karate-neuhofen.at\/wp-content\/gallery\/weihnachtsfeier-2025\/IMG_2636.JPG\"\n               title=\"\"\n               data-src=\"http:\/\/www.karate-neuhofen.at\/wp-content\/gallery\/weihnachtsfeier-2025\/IMG_2636.JPG\"\n               data-thumbnail=\"http:\/\/www.karate-neuhofen.at\/wp-content\/gallery\/weihnachtsfeier-2025\/thumbs\/thumbs_IMG_2636.JPG\"\n               data-image-id=\"35188\"\n               data-title=\"IMG_2636\"\n               data-description=\"\"\n               data-image-slug=\"img_2636-2\"\n               class=\"shutterset_57d88d0128dfac935a3754325baf3709\">\n                <img\n                    title=\"IMG_2636\"\n                    alt=\"IMG_2636\"\n                    src=\"http:\/\/www.karate-neuhofen.at\/wp-content\/gallery\/weihnachtsfeier-2025\/thumbs\/thumbs_IMG_2636.JPG\"\n                    width=\"240\"\n                    height=\"160\"\n                    style=\"max-width:100%;\"\n                \/>\n            <\/a>\n        <\/div>\n\t\t\t\t\t\t\t<\/div> \n\t\t\t\n        \n\t\t\t\t<div id=\"ngg-image-128\" class=\"ngg-gallery-thumbnail-box\" >\n\t\t\t\t        <div class=\"ngg-gallery-thumbnail\">\n            <a href=\"http:\/\/www.karate-neuhofen.at\/wp-content\/gallery\/weihnachtsfeier-2025\/IMG_2638.JPG\"\n               title=\"\"\n               data-src=\"http:\/\/www.karate-neuhofen.at\/wp-content\/gallery\/weihnachtsfeier-2025\/IMG_2638.JPG\"\n               data-thumbnail=\"http:\/\/www.karate-neuhofen.at\/wp-content\/gallery\/weihnachtsfeier-2025\/thumbs\/thumbs_IMG_2638.JPG\"\n               data-image-id=\"35189\"\n               data-title=\"IMG_2638\"\n               data-description=\"\"\n               data-image-slug=\"img_2638\"\n               class=\"shutterset_57d88d0128dfac935a3754325baf3709\">\n                <img\n                    title=\"IMG_2638\"\n                    alt=\"IMG_2638\"\n                    src=\"http:\/\/www.karate-neuhofen.at\/wp-content\/gallery\/weihnachtsfeier-2025\/thumbs\/thumbs_IMG_2638.JPG\"\n                    width=\"240\"\n                    height=\"160\"\n                    style=\"max-width:100%;\"\n                \/>\n            <\/a>\n        <\/div>\n\t\t\t\t\t\t\t<\/div> \n\t\t\t\n        \n\t\t\t\t<div id=\"ngg-image-129\" class=\"ngg-gallery-thumbnail-box\" >\n\t\t\t\t        <div class=\"ngg-gallery-thumbnail\">\n            <a href=\"http:\/\/www.karate-neuhofen.at\/wp-content\/gallery\/weihnachtsfeier-2025\/IMG_2639.JPG\"\n               title=\"\"\n               data-src=\"http:\/\/www.karate-neuhofen.at\/wp-content\/gallery\/weihnachtsfeier-2025\/IMG_2639.JPG\"\n               data-thumbnail=\"http:\/\/www.karate-neuhofen.at\/wp-content\/gallery\/weihnachtsfeier-2025\/thumbs\/thumbs_IMG_2639.JPG\"\n               data-image-id=\"35190\"\n               data-title=\"IMG_2639\"\n               data-description=\"\"\n               data-image-slug=\"img_2639-1\"\n               class=\"shutterset_57d88d0128dfac935a3754325baf3709\">\n                <img\n                    title=\"IMG_2639\"\n                    alt=\"IMG_2639\"\n                    src=\"http:\/\/www.karate-neuhofen.at\/wp-content\/gallery\/weihnachtsfeier-2025\/thumbs\/thumbs_IMG_2639.JPG\"\n                    width=\"240\"\n                    height=\"160\"\n                    style=\"max-width:100%;\"\n                \/>\n            <\/a>\n        <\/div>\n\t\t\t\t\t\t\t<\/div> \n\t\t\t\n        \n\t\t\t\t<div id=\"ngg-image-130\" class=\"ngg-gallery-thumbnail-box\" >\n\t\t\t\t        <div class=\"ngg-gallery-thumbnail\">\n            <a href=\"http:\/\/www.karate-neuhofen.at\/wp-content\/gallery\/weihnachtsfeier-2025\/IMG_2645.JPG\"\n               title=\"\"\n               data-src=\"http:\/\/www.karate-neuhofen.at\/wp-content\/gallery\/weihnachtsfeier-2025\/IMG_2645.JPG\"\n               data-thumbnail=\"http:\/\/www.karate-neuhofen.at\/wp-content\/gallery\/weihnachtsfeier-2025\/thumbs\/thumbs_IMG_2645.JPG\"\n               data-image-id=\"35191\"\n               data-title=\"IMG_2645\"\n               data-description=\"\"\n               data-image-slug=\"img_2645-1\"\n               class=\"shutterset_57d88d0128dfac935a3754325baf3709\">\n                <img\n                    title=\"IMG_2645\"\n                    alt=\"IMG_2645\"\n                    src=\"http:\/\/www.karate-neuhofen.at\/wp-content\/gallery\/weihnachtsfeier-2025\/thumbs\/thumbs_IMG_2645.JPG\"\n                    width=\"240\"\n                    height=\"160\"\n                    style=\"max-width:100%;\"\n                \/>\n            <\/a>\n        <\/div>\n\t\t\t\t\t\t\t<\/div> \n\t\t\t\n        \n\t\t\t\t<div id=\"ngg-image-131\" class=\"ngg-gallery-thumbnail-box\" >\n\t\t\t\t        <div class=\"ngg-gallery-thumbnail\">\n            <a href=\"http:\/\/www.karate-neuhofen.at\/wp-content\/gallery\/weihnachtsfeier-2025\/IMG_2646.JPG\"\n               title=\"\"\n               data-src=\"http:\/\/www.karate-neuhofen.at\/wp-content\/gallery\/weihnachtsfeier-2025\/IMG_2646.JPG\"\n               data-thumbnail=\"http:\/\/www.karate-neuhofen.at\/wp-content\/gallery\/weihnachtsfeier-2025\/thumbs\/thumbs_IMG_2646.JPG\"\n               data-image-id=\"35192\"\n               data-title=\"IMG_2646\"\n               data-description=\"\"\n               data-image-slug=\"img_2646-1\"\n               class=\"shutterset_57d88d0128dfac935a3754325baf3709\">\n                <img\n                    title=\"IMG_2646\"\n                    alt=\"IMG_2646\"\n                    src=\"http:\/\/www.karate-neuhofen.at\/wp-content\/gallery\/weihnachtsfeier-2025\/thumbs\/thumbs_IMG_2646.JPG\"\n                    width=\"240\"\n                    height=\"160\"\n                    style=\"max-width:100%;\"\n                \/>\n            <\/a>\n        <\/div>\n\t\t\t\t\t\t\t<\/div> \n\t\t\t\n        \n\t\t\t\t<div id=\"ngg-image-132\" class=\"ngg-gallery-thumbnail-box\" >\n\t\t\t\t        <div class=\"ngg-gallery-thumbnail\">\n            <a href=\"http:\/\/www.karate-neuhofen.at\/wp-content\/gallery\/weihnachtsfeier-2025\/IMG_2647.JPG\"\n               title=\"\"\n               data-src=\"http:\/\/www.karate-neuhofen.at\/wp-content\/gallery\/weihnachtsfeier-2025\/IMG_2647.JPG\"\n               data-thumbnail=\"http:\/\/www.karate-neuhofen.at\/wp-content\/gallery\/weihnachtsfeier-2025\/thumbs\/thumbs_IMG_2647.JPG\"\n               data-image-id=\"35193\"\n               data-title=\"IMG_2647\"\n               data-description=\"\"\n               data-image-slug=\"img_2647-2\"\n               class=\"shutterset_57d88d0128dfac935a3754325baf3709\">\n                <img\n                    title=\"IMG_2647\"\n                    alt=\"IMG_2647\"\n                    src=\"http:\/\/www.karate-neuhofen.at\/wp-content\/gallery\/weihnachtsfeier-2025\/thumbs\/thumbs_IMG_2647.JPG\"\n                    width=\"240\"\n                    height=\"160\"\n                    style=\"max-width:100%;\"\n                \/>\n            <\/a>\n        <\/div>\n\t\t\t\t\t\t\t<\/div> \n\t\t\t\n        \n\t\t\t\t<div id=\"ngg-image-133\" class=\"ngg-gallery-thumbnail-box\" >\n\t\t\t\t        <div class=\"ngg-gallery-thumbnail\">\n            <a href=\"http:\/\/www.karate-neuhofen.at\/wp-content\/gallery\/weihnachtsfeier-2025\/IMG_2648.JPG\"\n               title=\"\"\n               data-src=\"http:\/\/www.karate-neuhofen.at\/wp-content\/gallery\/weihnachtsfeier-2025\/IMG_2648.JPG\"\n               data-thumbnail=\"http:\/\/www.karate-neuhofen.at\/wp-content\/gallery\/weihnachtsfeier-2025\/thumbs\/thumbs_IMG_2648.JPG\"\n               data-image-id=\"35194\"\n               data-title=\"IMG_2648\"\n               data-description=\"\"\n               data-image-slug=\"img_2648-1\"\n               class=\"shutterset_57d88d0128dfac935a3754325baf3709\">\n                <img\n                    title=\"IMG_2648\"\n                    alt=\"IMG_2648\"\n                    src=\"http:\/\/www.karate-neuhofen.at\/wp-content\/gallery\/weihnachtsfeier-2025\/thumbs\/thumbs_IMG_2648.JPG\"\n                    width=\"240\"\n                    height=\"160\"\n                    style=\"max-width:100%;\"\n                \/>\n            <\/a>\n        <\/div>\n\t\t\t\t\t\t\t<\/div> \n\t\t\t\n        \n\t\t\t\t<div id=\"ngg-image-134\" class=\"ngg-gallery-thumbnail-box\" >\n\t\t\t\t        <div class=\"ngg-gallery-thumbnail\">\n            <a href=\"http:\/\/www.karate-neuhofen.at\/wp-content\/gallery\/weihnachtsfeier-2025\/IMG_2650.JPG\"\n               title=\"\"\n               data-src=\"http:\/\/www.karate-neuhofen.at\/wp-content\/gallery\/weihnachtsfeier-2025\/IMG_2650.JPG\"\n               data-thumbnail=\"http:\/\/www.karate-neuhofen.at\/wp-content\/gallery\/weihnachtsfeier-2025\/thumbs\/thumbs_IMG_2650.JPG\"\n               data-image-id=\"35195\"\n               data-title=\"IMG_2650\"\n               data-description=\"\"\n               data-image-slug=\"img_2650-1\"\n               class=\"shutterset_57d88d0128dfac935a3754325baf3709\">\n                <img\n                    title=\"IMG_2650\"\n                    alt=\"IMG_2650\"\n                    src=\"http:\/\/www.karate-neuhofen.at\/wp-content\/gallery\/weihnachtsfeier-2025\/thumbs\/thumbs_IMG_2650.JPG\"\n                    width=\"240\"\n                    height=\"160\"\n                    style=\"max-width:100%;\"\n                \/>\n            <\/a>\n        <\/div>\n\t\t\t\t\t\t\t<\/div> \n\t\t\t\n        \n\t\t\t\t<div id=\"ngg-image-135\" class=\"ngg-gallery-thumbnail-box\" >\n\t\t\t\t        <div class=\"ngg-gallery-thumbnail\">\n            <a href=\"http:\/\/www.karate-neuhofen.at\/wp-content\/gallery\/weihnachtsfeier-2025\/IMG_2651.JPG\"\n               title=\"\"\n               data-src=\"http:\/\/www.karate-neuhofen.at\/wp-content\/gallery\/weihnachtsfeier-2025\/IMG_2651.JPG\"\n               data-thumbnail=\"http:\/\/www.karate-neuhofen.at\/wp-content\/gallery\/weihnachtsfeier-2025\/thumbs\/thumbs_IMG_2651.JPG\"\n               data-image-id=\"35196\"\n               data-title=\"IMG_2651\"\n               data-description=\"\"\n               data-image-slug=\"img_2651-2\"\n               class=\"shutterset_57d88d0128dfac935a3754325baf3709\">\n                <img\n                    title=\"IMG_2651\"\n                    alt=\"IMG_2651\"\n                    src=\"http:\/\/www.karate-neuhofen.at\/wp-content\/gallery\/weihnachtsfeier-2025\/thumbs\/thumbs_IMG_2651.JPG\"\n                    width=\"240\"\n                    height=\"160\"\n                    style=\"max-width:100%;\"\n                \/>\n            <\/a>\n        <\/div>\n\t\t\t\t\t\t\t<\/div> \n\t\t\t\n        \n\t\t\t\t<div id=\"ngg-image-136\" class=\"ngg-gallery-thumbnail-box\" >\n\t\t\t\t        <div class=\"ngg-gallery-thumbnail\">\n            <a href=\"http:\/\/www.karate-neuhofen.at\/wp-content\/gallery\/weihnachtsfeier-2025\/IMG_2652.JPG\"\n               title=\"\"\n               data-src=\"http:\/\/www.karate-neuhofen.at\/wp-content\/gallery\/weihnachtsfeier-2025\/IMG_2652.JPG\"\n               data-thumbnail=\"http:\/\/www.karate-neuhofen.at\/wp-content\/gallery\/weihnachtsfeier-2025\/thumbs\/thumbs_IMG_2652.JPG\"\n               data-image-id=\"35197\"\n               data-title=\"IMG_2652\"\n               data-description=\"\"\n               data-image-slug=\"img_2652\"\n               class=\"shutterset_57d88d0128dfac935a3754325baf3709\">\n                <img\n                    title=\"IMG_2652\"\n                    alt=\"IMG_2652\"\n                    src=\"http:\/\/www.karate-neuhofen.at\/wp-content\/gallery\/weihnachtsfeier-2025\/thumbs\/thumbs_IMG_2652.JPG\"\n                    width=\"240\"\n                    height=\"160\"\n                    style=\"max-width:100%;\"\n                \/>\n            <\/a>\n        <\/div>\n\t\t\t\t\t\t\t<\/div> \n\t\t\t\n        \n\t\t\t\t<div id=\"ngg-image-137\" class=\"ngg-gallery-thumbnail-box\" >\n\t\t\t\t        <div class=\"ngg-gallery-thumbnail\">\n            <a href=\"http:\/\/www.karate-neuhofen.at\/wp-content\/gallery\/weihnachtsfeier-2025\/IMG_2657.JPG\"\n               title=\"\"\n               data-src=\"http:\/\/www.karate-neuhofen.at\/wp-content\/gallery\/weihnachtsfeier-2025\/IMG_2657.JPG\"\n               data-thumbnail=\"http:\/\/www.karate-neuhofen.at\/wp-content\/gallery\/weihnachtsfeier-2025\/thumbs\/thumbs_IMG_2657.JPG\"\n               data-image-id=\"35198\"\n               data-title=\"IMG_2657\"\n               data-description=\"\"\n               data-image-slug=\"img_2657-3\"\n               class=\"shutterset_57d88d0128dfac935a3754325baf3709\">\n                <img\n                    title=\"IMG_2657\"\n                    alt=\"IMG_2657\"\n                    src=\"http:\/\/www.karate-neuhofen.at\/wp-content\/gallery\/weihnachtsfeier-2025\/thumbs\/thumbs_IMG_2657.JPG\"\n                    width=\"240\"\n                    height=\"160\"\n                    style=\"max-width:100%;\"\n                \/>\n            <\/a>\n        <\/div>\n\t\t\t\t\t\t\t<\/div> \n\t\t\t\n        \n\t\t\t\t<div id=\"ngg-image-138\" class=\"ngg-gallery-thumbnail-box\" >\n\t\t\t\t        <div class=\"ngg-gallery-thumbnail\">\n            <a href=\"http:\/\/www.karate-neuhofen.at\/wp-content\/gallery\/weihnachtsfeier-2025\/IMG_2659.JPG\"\n               title=\"\"\n               data-src=\"http:\/\/www.karate-neuhofen.at\/wp-content\/gallery\/weihnachtsfeier-2025\/IMG_2659.JPG\"\n               data-thumbnail=\"http:\/\/www.karate-neuhofen.at\/wp-content\/gallery\/weihnachtsfeier-2025\/thumbs\/thumbs_IMG_2659.JPG\"\n               data-image-id=\"35199\"\n               data-title=\"IMG_2659\"\n               data-description=\"\"\n               data-image-slug=\"img_2659\"\n               class=\"shutterset_57d88d0128dfac935a3754325baf3709\">\n                <img\n                    title=\"IMG_2659\"\n                    alt=\"IMG_2659\"\n                    src=\"http:\/\/www.karate-neuhofen.at\/wp-content\/gallery\/weihnachtsfeier-2025\/thumbs\/thumbs_IMG_2659.JPG\"\n                    width=\"240\"\n                    height=\"160\"\n                    style=\"max-width:100%;\"\n                \/>\n            <\/a>\n        <\/div>\n\t\t\t\t\t\t\t<\/div> \n\t\t\t\n        \n\t\t\t\t<div id=\"ngg-image-139\" class=\"ngg-gallery-thumbnail-box\" >\n\t\t\t\t        <div class=\"ngg-gallery-thumbnail\">\n            <a href=\"http:\/\/www.karate-neuhofen.at\/wp-content\/gallery\/weihnachtsfeier-2025\/IMG_2660.JPG\"\n               title=\"\"\n               data-src=\"http:\/\/www.karate-neuhofen.at\/wp-content\/gallery\/weihnachtsfeier-2025\/IMG_2660.JPG\"\n               data-thumbnail=\"http:\/\/www.karate-neuhofen.at\/wp-content\/gallery\/weihnachtsfeier-2025\/thumbs\/thumbs_IMG_2660.JPG\"\n               data-image-id=\"35200\"\n               data-title=\"IMG_2660\"\n               data-description=\"\"\n               data-image-slug=\"img_2660-3\"\n               class=\"shutterset_57d88d0128dfac935a3754325baf3709\">\n                <img\n                    title=\"IMG_2660\"\n                    alt=\"IMG_2660\"\n                    src=\"http:\/\/www.karate-neuhofen.at\/wp-content\/gallery\/weihnachtsfeier-2025\/thumbs\/thumbs_IMG_2660.JPG\"\n                    width=\"240\"\n                    height=\"160\"\n                    style=\"max-width:100%;\"\n                \/>\n            <\/a>\n        <\/div>\n\t\t\t\t\t\t\t<\/div> \n\t\t\t\n        \n\t\t\t\t<div id=\"ngg-image-140\" class=\"ngg-gallery-thumbnail-box\" >\n\t\t\t\t        <div class=\"ngg-gallery-thumbnail\">\n            <a href=\"http:\/\/www.karate-neuhofen.at\/wp-content\/gallery\/weihnachtsfeier-2025\/IMG_2662.JPG\"\n               title=\"\"\n               data-src=\"http:\/\/www.karate-neuhofen.at\/wp-content\/gallery\/weihnachtsfeier-2025\/IMG_2662.JPG\"\n               data-thumbnail=\"http:\/\/www.karate-neuhofen.at\/wp-content\/gallery\/weihnachtsfeier-2025\/thumbs\/thumbs_IMG_2662.JPG\"\n               data-image-id=\"35201\"\n               data-title=\"IMG_2662\"\n               data-description=\"\"\n               data-image-slug=\"img_2662-1\"\n               class=\"shutterset_57d88d0128dfac935a3754325baf3709\">\n                <img\n                    title=\"IMG_2662\"\n                    alt=\"IMG_2662\"\n                    src=\"http:\/\/www.karate-neuhofen.at\/wp-content\/gallery\/weihnachtsfeier-2025\/thumbs\/thumbs_IMG_2662.JPG\"\n                    width=\"240\"\n                    height=\"160\"\n                    style=\"max-width:100%;\"\n                \/>\n            <\/a>\n        <\/div>\n\t\t\t\t\t\t\t<\/div> \n\t\t\t\n        \n\t\t\t\t<div id=\"ngg-image-141\" class=\"ngg-gallery-thumbnail-box\" >\n\t\t\t\t        <div class=\"ngg-gallery-thumbnail\">\n            <a href=\"http:\/\/www.karate-neuhofen.at\/wp-content\/gallery\/weihnachtsfeier-2025\/IMG_2664.JPG\"\n               title=\"\"\n               data-src=\"http:\/\/www.karate-neuhofen.at\/wp-content\/gallery\/weihnachtsfeier-2025\/IMG_2664.JPG\"\n               data-thumbnail=\"http:\/\/www.karate-neuhofen.at\/wp-content\/gallery\/weihnachtsfeier-2025\/thumbs\/thumbs_IMG_2664.JPG\"\n               data-image-id=\"35202\"\n               data-title=\"IMG_2664\"\n               data-description=\"\"\n               data-image-slug=\"img_2664-4\"\n               class=\"shutterset_57d88d0128dfac935a3754325baf3709\">\n                <img\n                    title=\"IMG_2664\"\n                    alt=\"IMG_2664\"\n                    src=\"http:\/\/www.karate-neuhofen.at\/wp-content\/gallery\/weihnachtsfeier-2025\/thumbs\/thumbs_IMG_2664.JPG\"\n                    width=\"240\"\n                    height=\"160\"\n                    style=\"max-width:100%;\"\n                \/>\n            <\/a>\n        <\/div>\n\t\t\t\t\t\t\t<\/div> \n\t\t\t\n        \n\t\t\t\t<div id=\"ngg-image-142\" class=\"ngg-gallery-thumbnail-box\" >\n\t\t\t\t        <div class=\"ngg-gallery-thumbnail\">\n            <a href=\"http:\/\/www.karate-neuhofen.at\/wp-content\/gallery\/weihnachtsfeier-2025\/IMG_2665.JPG\"\n               title=\"\"\n               data-src=\"http:\/\/www.karate-neuhofen.at\/wp-content\/gallery\/weihnachtsfeier-2025\/IMG_2665.JPG\"\n               data-thumbnail=\"http:\/\/www.karate-neuhofen.at\/wp-content\/gallery\/weihnachtsfeier-2025\/thumbs\/thumbs_IMG_2665.JPG\"\n               data-image-id=\"35203\"\n               data-title=\"IMG_2665\"\n               data-description=\"\"\n               data-image-slug=\"img_2665\"\n               class=\"shutterset_57d88d0128dfac935a3754325baf3709\">\n                <img\n                    title=\"IMG_2665\"\n                    alt=\"IMG_2665\"\n                    src=\"http:\/\/www.karate-neuhofen.at\/wp-content\/gallery\/weihnachtsfeier-2025\/thumbs\/thumbs_IMG_2665.JPG\"\n                    width=\"240\"\n                    height=\"160\"\n                    style=\"max-width:100%;\"\n                \/>\n            <\/a>\n        <\/div>\n\t\t\t\t\t\t\t<\/div> \n\t\t\t\n        \n\t\t\t\t<div id=\"ngg-image-143\" class=\"ngg-gallery-thumbnail-box\" >\n\t\t\t\t        <div class=\"ngg-gallery-thumbnail\">\n            <a href=\"http:\/\/www.karate-neuhofen.at\/wp-content\/gallery\/weihnachtsfeier-2025\/IMG_2667.JPG\"\n               title=\"\"\n               data-src=\"http:\/\/www.karate-neuhofen.at\/wp-content\/gallery\/weihnachtsfeier-2025\/IMG_2667.JPG\"\n               data-thumbnail=\"http:\/\/www.karate-neuhofen.at\/wp-content\/gallery\/weihnachtsfeier-2025\/thumbs\/thumbs_IMG_2667.JPG\"\n               data-image-id=\"35204\"\n               data-title=\"IMG_2667\"\n               data-description=\"\"\n               data-image-slug=\"img_2667-2\"\n               class=\"shutterset_57d88d0128dfac935a3754325baf3709\">\n                <img\n                    title=\"IMG_2667\"\n                    alt=\"IMG_2667\"\n                    src=\"http:\/\/www.karate-neuhofen.at\/wp-content\/gallery\/weihnachtsfeier-2025\/thumbs\/thumbs_IMG_2667.JPG\"\n                    width=\"240\"\n                    height=\"160\"\n                    style=\"max-width:100%;\"\n                \/>\n            <\/a>\n        <\/div>\n\t\t\t\t\t\t\t<\/div> \n\t\t\t\n        \n\t\t\t\t<div id=\"ngg-image-144\" class=\"ngg-gallery-thumbnail-box\" >\n\t\t\t\t        <div class=\"ngg-gallery-thumbnail\">\n            <a href=\"http:\/\/www.karate-neuhofen.at\/wp-content\/gallery\/weihnachtsfeier-2025\/IMG_2668.JPG\"\n               title=\"\"\n               data-src=\"http:\/\/www.karate-neuhofen.at\/wp-content\/gallery\/weihnachtsfeier-2025\/IMG_2668.JPG\"\n               data-thumbnail=\"http:\/\/www.karate-neuhofen.at\/wp-content\/gallery\/weihnachtsfeier-2025\/thumbs\/thumbs_IMG_2668.JPG\"\n               data-image-id=\"35205\"\n               data-title=\"IMG_2668\"\n               data-description=\"\"\n               data-image-slug=\"img_2668-1\"\n               class=\"shutterset_57d88d0128dfac935a3754325baf3709\">\n                <img\n                    title=\"IMG_2668\"\n                    alt=\"IMG_2668\"\n                    src=\"http:\/\/www.karate-neuhofen.at\/wp-content\/gallery\/weihnachtsfeier-2025\/thumbs\/thumbs_IMG_2668.JPG\"\n                    width=\"240\"\n                    height=\"160\"\n                    style=\"max-width:100%;\"\n                \/>\n            <\/a>\n        <\/div>\n\t\t\t\t\t\t\t<\/div> \n\t\t\t\n        \n\t\t\t\t<div id=\"ngg-image-145\" class=\"ngg-gallery-thumbnail-box\" >\n\t\t\t\t        <div class=\"ngg-gallery-thumbnail\">\n            <a href=\"http:\/\/www.karate-neuhofen.at\/wp-content\/gallery\/weihnachtsfeier-2025\/IMG_2669.JPG\"\n               title=\"\"\n               data-src=\"http:\/\/www.karate-neuhofen.at\/wp-content\/gallery\/weihnachtsfeier-2025\/IMG_2669.JPG\"\n               data-thumbnail=\"http:\/\/www.karate-neuhofen.at\/wp-content\/gallery\/weihnachtsfeier-2025\/thumbs\/thumbs_IMG_2669.JPG\"\n               data-image-id=\"35206\"\n               data-title=\"IMG_2669\"\n               data-description=\"\"\n               data-image-slug=\"img_2669-1\"\n               class=\"shutterset_57d88d0128dfac935a3754325baf3709\">\n                <img\n                    title=\"IMG_2669\"\n                    alt=\"IMG_2669\"\n                    src=\"http:\/\/www.karate-neuhofen.at\/wp-content\/gallery\/weihnachtsfeier-2025\/thumbs\/thumbs_IMG_2669.JPG\"\n                    width=\"240\"\n                    height=\"160\"\n                    style=\"max-width:100%;\"\n                \/>\n            <\/a>\n        <\/div>\n\t\t\t\t\t\t\t<\/div> \n\t\t\t\n        \n\t\t\t\t<div id=\"ngg-image-146\" class=\"ngg-gallery-thumbnail-box\" >\n\t\t\t\t        <div class=\"ngg-gallery-thumbnail\">\n            <a href=\"http:\/\/www.karate-neuhofen.at\/wp-content\/gallery\/weihnachtsfeier-2025\/IMG_2670.JPG\"\n               title=\"\"\n               data-src=\"http:\/\/www.karate-neuhofen.at\/wp-content\/gallery\/weihnachtsfeier-2025\/IMG_2670.JPG\"\n               data-thumbnail=\"http:\/\/www.karate-neuhofen.at\/wp-content\/gallery\/weihnachtsfeier-2025\/thumbs\/thumbs_IMG_2670.JPG\"\n               data-image-id=\"35207\"\n               data-title=\"IMG_2670\"\n               data-description=\"\"\n               data-image-slug=\"img_2670-2\"\n               class=\"shutterset_57d88d0128dfac935a3754325baf3709\">\n                <img\n                    title=\"IMG_2670\"\n                    alt=\"IMG_2670\"\n                    src=\"http:\/\/www.karate-neuhofen.at\/wp-content\/gallery\/weihnachtsfeier-2025\/thumbs\/thumbs_IMG_2670.JPG\"\n                    width=\"240\"\n                    height=\"160\"\n                    style=\"max-width:100%;\"\n                \/>\n            <\/a>\n        <\/div>\n\t\t\t\t\t\t\t<\/div> \n\t\t\t\n        \n\t\t\t\t<div id=\"ngg-image-147\" class=\"ngg-gallery-thumbnail-box\" >\n\t\t\t\t        <div class=\"ngg-gallery-thumbnail\">\n            <a href=\"http:\/\/www.karate-neuhofen.at\/wp-content\/gallery\/weihnachtsfeier-2025\/IMG_2672.JPG\"\n               title=\"\"\n               data-src=\"http:\/\/www.karate-neuhofen.at\/wp-content\/gallery\/weihnachtsfeier-2025\/IMG_2672.JPG\"\n               data-thumbnail=\"http:\/\/www.karate-neuhofen.at\/wp-content\/gallery\/weihnachtsfeier-2025\/thumbs\/thumbs_IMG_2672.JPG\"\n               data-image-id=\"35208\"\n               data-title=\"IMG_2672\"\n               data-description=\"\"\n               data-image-slug=\"img_2672-2\"\n               class=\"shutterset_57d88d0128dfac935a3754325baf3709\">\n                <img\n                    title=\"IMG_2672\"\n                    alt=\"IMG_2672\"\n                    src=\"http:\/\/www.karate-neuhofen.at\/wp-content\/gallery\/weihnachtsfeier-2025\/thumbs\/thumbs_IMG_2672.JPG\"\n                    width=\"240\"\n                    height=\"160\"\n                    style=\"max-width:100%;\"\n                \/>\n            <\/a>\n        <\/div>\n\t\t\t\t\t\t\t<\/div> \n\t\t\t\n        \n\t\t\t\t<div id=\"ngg-image-148\" class=\"ngg-gallery-thumbnail-box\" >\n\t\t\t\t        <div class=\"ngg-gallery-thumbnail\">\n            <a href=\"http:\/\/www.karate-neuhofen.at\/wp-content\/gallery\/weihnachtsfeier-2025\/IMG_2673.JPG\"\n               title=\"\"\n               data-src=\"http:\/\/www.karate-neuhofen.at\/wp-content\/gallery\/weihnachtsfeier-2025\/IMG_2673.JPG\"\n               data-thumbnail=\"http:\/\/www.karate-neuhofen.at\/wp-content\/gallery\/weihnachtsfeier-2025\/thumbs\/thumbs_IMG_2673.JPG\"\n               data-image-id=\"35209\"\n               data-title=\"IMG_2673\"\n               data-description=\"\"\n               data-image-slug=\"img_2673-1\"\n               class=\"shutterset_57d88d0128dfac935a3754325baf3709\">\n                <img\n                    title=\"IMG_2673\"\n                    alt=\"IMG_2673\"\n                    src=\"http:\/\/www.karate-neuhofen.at\/wp-content\/gallery\/weihnachtsfeier-2025\/thumbs\/thumbs_IMG_2673.JPG\"\n                    width=\"240\"\n                    height=\"160\"\n                    style=\"max-width:100%;\"\n                \/>\n            <\/a>\n        <\/div>\n\t\t\t\t\t\t\t<\/div> \n\t\t\t\n        \n\t\t\t\t<div id=\"ngg-image-149\" class=\"ngg-gallery-thumbnail-box\" >\n\t\t\t\t        <div class=\"ngg-gallery-thumbnail\">\n            <a href=\"http:\/\/www.karate-neuhofen.at\/wp-content\/gallery\/weihnachtsfeier-2025\/IMG_2675.JPG\"\n               title=\"\"\n               data-src=\"http:\/\/www.karate-neuhofen.at\/wp-content\/gallery\/weihnachtsfeier-2025\/IMG_2675.JPG\"\n               data-thumbnail=\"http:\/\/www.karate-neuhofen.at\/wp-content\/gallery\/weihnachtsfeier-2025\/thumbs\/thumbs_IMG_2675.JPG\"\n               data-image-id=\"35210\"\n               data-title=\"IMG_2675\"\n               data-description=\"\"\n               data-image-slug=\"img_2675-1\"\n               class=\"shutterset_57d88d0128dfac935a3754325baf3709\">\n                <img\n                    title=\"IMG_2675\"\n                    alt=\"IMG_2675\"\n                    src=\"http:\/\/www.karate-neuhofen.at\/wp-content\/gallery\/weihnachtsfeier-2025\/thumbs\/thumbs_IMG_2675.JPG\"\n                    width=\"240\"\n                    height=\"160\"\n                    style=\"max-width:100%;\"\n                \/>\n            <\/a>\n        <\/div>\n\t\t\t\t\t\t\t<\/div> \n\t\t\t\n        \n\t\t\t\t<div id=\"ngg-image-150\" class=\"ngg-gallery-thumbnail-box\" >\n\t\t\t\t        <div class=\"ngg-gallery-thumbnail\">\n            <a href=\"http:\/\/www.karate-neuhofen.at\/wp-content\/gallery\/weihnachtsfeier-2025\/IMG_2676.JPG\"\n               title=\"\"\n               data-src=\"http:\/\/www.karate-neuhofen.at\/wp-content\/gallery\/weihnachtsfeier-2025\/IMG_2676.JPG\"\n               data-thumbnail=\"http:\/\/www.karate-neuhofen.at\/wp-content\/gallery\/weihnachtsfeier-2025\/thumbs\/thumbs_IMG_2676.JPG\"\n               data-image-id=\"35211\"\n               data-title=\"IMG_2676\"\n               data-description=\"\"\n               data-image-slug=\"img_2676-1\"\n               class=\"shutterset_57d88d0128dfac935a3754325baf3709\">\n                <img\n                    title=\"IMG_2676\"\n                    alt=\"IMG_2676\"\n                    src=\"http:\/\/www.karate-neuhofen.at\/wp-content\/gallery\/weihnachtsfeier-2025\/thumbs\/thumbs_IMG_2676.JPG\"\n                    width=\"240\"\n                    height=\"160\"\n                    style=\"max-width:100%;\"\n                \/>\n            <\/a>\n        <\/div>\n\t\t\t\t\t\t\t<\/div> \n\t\t\t\n        \n\t\t\t\t<div id=\"ngg-image-151\" class=\"ngg-gallery-thumbnail-box\" >\n\t\t\t\t        <div class=\"ngg-gallery-thumbnail\">\n            <a href=\"http:\/\/www.karate-neuhofen.at\/wp-content\/gallery\/weihnachtsfeier-2025\/IMG_2677.JPG\"\n               title=\"\"\n               data-src=\"http:\/\/www.karate-neuhofen.at\/wp-content\/gallery\/weihnachtsfeier-2025\/IMG_2677.JPG\"\n               data-thumbnail=\"http:\/\/www.karate-neuhofen.at\/wp-content\/gallery\/weihnachtsfeier-2025\/thumbs\/thumbs_IMG_2677.JPG\"\n               data-image-id=\"35212\"\n               data-title=\"IMG_2677\"\n               data-description=\"\"\n               data-image-slug=\"img_2677-2\"\n               class=\"shutterset_57d88d0128dfac935a3754325baf3709\">\n                <img\n                    title=\"IMG_2677\"\n                    alt=\"IMG_2677\"\n                    src=\"http:\/\/www.karate-neuhofen.at\/wp-content\/gallery\/weihnachtsfeier-2025\/thumbs\/thumbs_IMG_2677.JPG\"\n                    width=\"240\"\n                    height=\"160\"\n                    style=\"max-width:100%;\"\n                \/>\n            <\/a>\n        <\/div>\n\t\t\t\t\t\t\t<\/div> \n\t\t\t\n        \n\t\t\t\t<div id=\"ngg-image-152\" class=\"ngg-gallery-thumbnail-box\" >\n\t\t\t\t        <div class=\"ngg-gallery-thumbnail\">\n            <a href=\"http:\/\/www.karate-neuhofen.at\/wp-content\/gallery\/weihnachtsfeier-2025\/IMG_2678.JPG\"\n               title=\"\"\n               data-src=\"http:\/\/www.karate-neuhofen.at\/wp-content\/gallery\/weihnachtsfeier-2025\/IMG_2678.JPG\"\n               data-thumbnail=\"http:\/\/www.karate-neuhofen.at\/wp-content\/gallery\/weihnachtsfeier-2025\/thumbs\/thumbs_IMG_2678.JPG\"\n               data-image-id=\"35213\"\n               data-title=\"IMG_2678\"\n               data-description=\"\"\n               data-image-slug=\"img_2678\"\n               class=\"shutterset_57d88d0128dfac935a3754325baf3709\">\n                <img\n                    title=\"IMG_2678\"\n                    alt=\"IMG_2678\"\n                    src=\"http:\/\/www.karate-neuhofen.at\/wp-content\/gallery\/weihnachtsfeier-2025\/thumbs\/thumbs_IMG_2678.JPG\"\n                    width=\"240\"\n                    height=\"160\"\n                    style=\"max-width:100%;\"\n                \/>\n            <\/a>\n        <\/div>\n\t\t\t\t\t\t\t<\/div> \n\t\t\t\n        \n\t\t\t\t<div id=\"ngg-image-153\" class=\"ngg-gallery-thumbnail-box\" >\n\t\t\t\t        <div class=\"ngg-gallery-thumbnail\">\n            <a href=\"http:\/\/www.karate-neuhofen.at\/wp-content\/gallery\/weihnachtsfeier-2025\/IMG_2680.JPG\"\n               title=\"\"\n               data-src=\"http:\/\/www.karate-neuhofen.at\/wp-content\/gallery\/weihnachtsfeier-2025\/IMG_2680.JPG\"\n               data-thumbnail=\"http:\/\/www.karate-neuhofen.at\/wp-content\/gallery\/weihnachtsfeier-2025\/thumbs\/thumbs_IMG_2680.JPG\"\n               data-image-id=\"35214\"\n               data-title=\"IMG_2680\"\n               data-description=\"\"\n               data-image-slug=\"img_2680-2\"\n               class=\"shutterset_57d88d0128dfac935a3754325baf3709\">\n                <img\n                    title=\"IMG_2680\"\n                    alt=\"IMG_2680\"\n                    src=\"http:\/\/www.karate-neuhofen.at\/wp-content\/gallery\/weihnachtsfeier-2025\/thumbs\/thumbs_IMG_2680.JPG\"\n                    width=\"240\"\n                    height=\"160\"\n                    style=\"max-width:100%;\"\n                \/>\n            <\/a>\n        <\/div>\n\t\t\t\t\t\t\t<\/div> \n\t\t\t\n        \n\t\t\t\t<div id=\"ngg-image-154\" class=\"ngg-gallery-thumbnail-box\" >\n\t\t\t\t        <div class=\"ngg-gallery-thumbnail\">\n            <a href=\"http:\/\/www.karate-neuhofen.at\/wp-content\/gallery\/weihnachtsfeier-2025\/IMG_2682.JPG\"\n               title=\"\"\n               data-src=\"http:\/\/www.karate-neuhofen.at\/wp-content\/gallery\/weihnachtsfeier-2025\/IMG_2682.JPG\"\n               data-thumbnail=\"http:\/\/www.karate-neuhofen.at\/wp-content\/gallery\/weihnachtsfeier-2025\/thumbs\/thumbs_IMG_2682.JPG\"\n               data-image-id=\"35215\"\n               data-title=\"IMG_2682\"\n               data-description=\"\"\n               data-image-slug=\"img_2682\"\n               class=\"shutterset_57d88d0128dfac935a3754325baf3709\">\n                <img\n                    title=\"IMG_2682\"\n                    alt=\"IMG_2682\"\n                    src=\"http:\/\/www.karate-neuhofen.at\/wp-content\/gallery\/weihnachtsfeier-2025\/thumbs\/thumbs_IMG_2682.JPG\"\n                    width=\"240\"\n                    height=\"160\"\n                    style=\"max-width:100%;\"\n                \/>\n            <\/a>\n        <\/div>\n\t\t\t\t\t\t\t<\/div> \n\t\t\t\n        \n\t\t\t\t<div id=\"ngg-image-155\" class=\"ngg-gallery-thumbnail-box\" >\n\t\t\t\t        <div class=\"ngg-gallery-thumbnail\">\n            <a href=\"http:\/\/www.karate-neuhofen.at\/wp-content\/gallery\/weihnachtsfeier-2025\/IMG_2683.JPG\"\n               title=\"\"\n               data-src=\"http:\/\/www.karate-neuhofen.at\/wp-content\/gallery\/weihnachtsfeier-2025\/IMG_2683.JPG\"\n               data-thumbnail=\"http:\/\/www.karate-neuhofen.at\/wp-content\/gallery\/weihnachtsfeier-2025\/thumbs\/thumbs_IMG_2683.JPG\"\n               data-image-id=\"35216\"\n               data-title=\"IMG_2683\"\n               data-description=\"\"\n               data-image-slug=\"img_2683-1\"\n               class=\"shutterset_57d88d0128dfac935a3754325baf3709\">\n                <img\n                    title=\"IMG_2683\"\n                    alt=\"IMG_2683\"\n                    src=\"http:\/\/www.karate-neuhofen.at\/wp-content\/gallery\/weihnachtsfeier-2025\/thumbs\/thumbs_IMG_2683.JPG\"\n                    width=\"240\"\n                    height=\"160\"\n                    style=\"max-width:100%;\"\n                \/>\n            <\/a>\n        <\/div>\n\t\t\t\t\t\t\t<\/div> \n\t\t\t\n        \n\t\t\t\t<div id=\"ngg-image-156\" class=\"ngg-gallery-thumbnail-box\" >\n\t\t\t\t        <div class=\"ngg-gallery-thumbnail\">\n            <a href=\"http:\/\/www.karate-neuhofen.at\/wp-content\/gallery\/weihnachtsfeier-2025\/IMG_2684.JPG\"\n               title=\"\"\n               data-src=\"http:\/\/www.karate-neuhofen.at\/wp-content\/gallery\/weihnachtsfeier-2025\/IMG_2684.JPG\"\n               data-thumbnail=\"http:\/\/www.karate-neuhofen.at\/wp-content\/gallery\/weihnachtsfeier-2025\/thumbs\/thumbs_IMG_2684.JPG\"\n               data-image-id=\"35217\"\n               data-title=\"IMG_2684\"\n               data-description=\"\"\n               data-image-slug=\"img_2684-3\"\n               class=\"shutterset_57d88d0128dfac935a3754325baf3709\">\n                <img\n                    title=\"IMG_2684\"\n                    alt=\"IMG_2684\"\n                    src=\"http:\/\/www.karate-neuhofen.at\/wp-content\/gallery\/weihnachtsfeier-2025\/thumbs\/thumbs_IMG_2684.JPG\"\n                    width=\"240\"\n                    height=\"160\"\n                    style=\"max-width:100%;\"\n                \/>\n            <\/a>\n        <\/div>\n\t\t\t\t\t\t\t<\/div> \n\t\t\t\n        \n\t\t\t\t<div id=\"ngg-image-157\" class=\"ngg-gallery-thumbnail-box\" >\n\t\t\t\t        <div class=\"ngg-gallery-thumbnail\">\n            <a href=\"http:\/\/www.karate-neuhofen.at\/wp-content\/gallery\/weihnachtsfeier-2025\/IMG_2685.JPG\"\n               title=\"\"\n               data-src=\"http:\/\/www.karate-neuhofen.at\/wp-content\/gallery\/weihnachtsfeier-2025\/IMG_2685.JPG\"\n               data-thumbnail=\"http:\/\/www.karate-neuhofen.at\/wp-content\/gallery\/weihnachtsfeier-2025\/thumbs\/thumbs_IMG_2685.JPG\"\n               data-image-id=\"35218\"\n               data-title=\"IMG_2685\"\n               data-description=\"\"\n               data-image-slug=\"img_2685-1\"\n               class=\"shutterset_57d88d0128dfac935a3754325baf3709\">\n                <img\n                    title=\"IMG_2685\"\n                    alt=\"IMG_2685\"\n                    src=\"http:\/\/www.karate-neuhofen.at\/wp-content\/gallery\/weihnachtsfeier-2025\/thumbs\/thumbs_IMG_2685.JPG\"\n                    width=\"240\"\n                    height=\"160\"\n                    style=\"max-width:100%;\"\n                \/>\n            <\/a>\n        <\/div>\n\t\t\t\t\t\t\t<\/div> \n\t\t\t\n        \n\t\t\t\t<div id=\"ngg-image-158\" class=\"ngg-gallery-thumbnail-box\" >\n\t\t\t\t        <div class=\"ngg-gallery-thumbnail\">\n            <a href=\"http:\/\/www.karate-neuhofen.at\/wp-content\/gallery\/weihnachtsfeier-2025\/IMG_2686.JPG\"\n               title=\"\"\n               data-src=\"http:\/\/www.karate-neuhofen.at\/wp-content\/gallery\/weihnachtsfeier-2025\/IMG_2686.JPG\"\n               data-thumbnail=\"http:\/\/www.karate-neuhofen.at\/wp-content\/gallery\/weihnachtsfeier-2025\/thumbs\/thumbs_IMG_2686.JPG\"\n               data-image-id=\"35219\"\n               data-title=\"IMG_2686\"\n               data-description=\"\"\n               data-image-slug=\"img_2686-2\"\n               class=\"shutterset_57d88d0128dfac935a3754325baf3709\">\n                <img\n                    title=\"IMG_2686\"\n                    alt=\"IMG_2686\"\n                    src=\"http:\/\/www.karate-neuhofen.at\/wp-content\/gallery\/weihnachtsfeier-2025\/thumbs\/thumbs_IMG_2686.JPG\"\n                    width=\"240\"\n                    height=\"160\"\n                    style=\"max-width:100%;\"\n                \/>\n            <\/a>\n        <\/div>\n\t\t\t\t\t\t\t<\/div> \n\t\t\t\n        \n\t\t\t\t<div id=\"ngg-image-159\" class=\"ngg-gallery-thumbnail-box\" >\n\t\t\t\t        <div class=\"ngg-gallery-thumbnail\">\n            <a href=\"http:\/\/www.karate-neuhofen.at\/wp-content\/gallery\/weihnachtsfeier-2025\/IMG_2687.JPG\"\n               title=\"\"\n               data-src=\"http:\/\/www.karate-neuhofen.at\/wp-content\/gallery\/weihnachtsfeier-2025\/IMG_2687.JPG\"\n               data-thumbnail=\"http:\/\/www.karate-neuhofen.at\/wp-content\/gallery\/weihnachtsfeier-2025\/thumbs\/thumbs_IMG_2687.JPG\"\n               data-image-id=\"35221\"\n               data-title=\"IMG_2687\"\n               data-description=\"\"\n               data-image-slug=\"img_2687\"\n               class=\"shutterset_57d88d0128dfac935a3754325baf3709\">\n                <img\n                    title=\"IMG_2687\"\n                    alt=\"IMG_2687\"\n                    src=\"http:\/\/www.karate-neuhofen.at\/wp-content\/gallery\/weihnachtsfeier-2025\/thumbs\/thumbs_IMG_2687.JPG\"\n                    width=\"240\"\n                    height=\"160\"\n                    style=\"max-width:100%;\"\n                \/>\n            <\/a>\n        <\/div>\n\t\t\t\t\t\t\t<\/div> \n\t\t\t\n        \n\t\t\t\t<div id=\"ngg-image-160\" class=\"ngg-gallery-thumbnail-box\" >\n\t\t\t\t        <div class=\"ngg-gallery-thumbnail\">\n            <a href=\"http:\/\/www.karate-neuhofen.at\/wp-content\/gallery\/weihnachtsfeier-2025\/IMG_2690.JPG\"\n               title=\"\"\n               data-src=\"http:\/\/www.karate-neuhofen.at\/wp-content\/gallery\/weihnachtsfeier-2025\/IMG_2690.JPG\"\n               data-thumbnail=\"http:\/\/www.karate-neuhofen.at\/wp-content\/gallery\/weihnachtsfeier-2025\/thumbs\/thumbs_IMG_2690.JPG\"\n               data-image-id=\"35222\"\n               data-title=\"IMG_2690\"\n               data-description=\"\"\n               data-image-slug=\"img_2690\"\n               class=\"shutterset_57d88d0128dfac935a3754325baf3709\">\n                <img\n                    title=\"IMG_2690\"\n                    alt=\"IMG_2690\"\n                    src=\"http:\/\/www.karate-neuhofen.at\/wp-content\/gallery\/weihnachtsfeier-2025\/thumbs\/thumbs_IMG_2690.JPG\"\n                    width=\"240\"\n                    height=\"160\"\n                    style=\"max-width:100%;\"\n                \/>\n            <\/a>\n        <\/div>\n\t\t\t\t\t\t\t<\/div> \n\t\t\t\n        \n\t\t\t\t<div id=\"ngg-image-161\" class=\"ngg-gallery-thumbnail-box\" >\n\t\t\t\t        <div class=\"ngg-gallery-thumbnail\">\n            <a href=\"http:\/\/www.karate-neuhofen.at\/wp-content\/gallery\/weihnachtsfeier-2025\/IMG_2691.JPG\"\n               title=\"\"\n               data-src=\"http:\/\/www.karate-neuhofen.at\/wp-content\/gallery\/weihnachtsfeier-2025\/IMG_2691.JPG\"\n               data-thumbnail=\"http:\/\/www.karate-neuhofen.at\/wp-content\/gallery\/weihnachtsfeier-2025\/thumbs\/thumbs_IMG_2691.JPG\"\n               data-image-id=\"35220\"\n               data-title=\"IMG_2691\"\n               data-description=\"\"\n               data-image-slug=\"img_2691-2\"\n               class=\"shutterset_57d88d0128dfac935a3754325baf3709\">\n                <img\n                    title=\"IMG_2691\"\n                    alt=\"IMG_2691\"\n                    src=\"http:\/\/www.karate-neuhofen.at\/wp-content\/gallery\/weihnachtsfeier-2025\/thumbs\/thumbs_IMG_2691.JPG\"\n                    width=\"240\"\n                    height=\"160\"\n                    style=\"max-width:100%;\"\n                \/>\n            <\/a>\n        <\/div>\n\t\t\t\t\t\t\t<\/div> \n\t\t\t\n        \n\t\t\t\t<div id=\"ngg-image-162\" class=\"ngg-gallery-thumbnail-box\" >\n\t\t\t\t        <div class=\"ngg-gallery-thumbnail\">\n            <a href=\"http:\/\/www.karate-neuhofen.at\/wp-content\/gallery\/weihnachtsfeier-2025\/IMG_2695.JPG\"\n               title=\"\"\n               data-src=\"http:\/\/www.karate-neuhofen.at\/wp-content\/gallery\/weihnachtsfeier-2025\/IMG_2695.JPG\"\n               data-thumbnail=\"http:\/\/www.karate-neuhofen.at\/wp-content\/gallery\/weihnachtsfeier-2025\/thumbs\/thumbs_IMG_2695.JPG\"\n               data-image-id=\"35223\"\n               data-title=\"IMG_2695\"\n               data-description=\"\"\n               data-image-slug=\"img_2695-1\"\n               class=\"shutterset_57d88d0128dfac935a3754325baf3709\">\n                <img\n                    title=\"IMG_2695\"\n                    alt=\"IMG_2695\"\n                    src=\"http:\/\/www.karate-neuhofen.at\/wp-content\/gallery\/weihnachtsfeier-2025\/thumbs\/thumbs_IMG_2695.JPG\"\n                    width=\"240\"\n                    height=\"160\"\n                    style=\"max-width:100%;\"\n                \/>\n            <\/a>\n        <\/div>\n\t\t\t\t\t\t\t<\/div> \n\t\t\t\n        \n\t\t\t\t<div id=\"ngg-image-163\" class=\"ngg-gallery-thumbnail-box\" >\n\t\t\t\t        <div class=\"ngg-gallery-thumbnail\">\n            <a href=\"http:\/\/www.karate-neuhofen.at\/wp-content\/gallery\/weihnachtsfeier-2025\/IMG_2697.JPG\"\n               title=\"\"\n               data-src=\"http:\/\/www.karate-neuhofen.at\/wp-content\/gallery\/weihnachtsfeier-2025\/IMG_2697.JPG\"\n               data-thumbnail=\"http:\/\/www.karate-neuhofen.at\/wp-content\/gallery\/weihnachtsfeier-2025\/thumbs\/thumbs_IMG_2697.JPG\"\n               data-image-id=\"35224\"\n               data-title=\"IMG_2697\"\n               data-description=\"\"\n               data-image-slug=\"img_2697\"\n               class=\"shutterset_57d88d0128dfac935a3754325baf3709\">\n                <img\n                    title=\"IMG_2697\"\n                    alt=\"IMG_2697\"\n                    src=\"http:\/\/www.karate-neuhofen.at\/wp-content\/gallery\/weihnachtsfeier-2025\/thumbs\/thumbs_IMG_2697.JPG\"\n                    width=\"240\"\n                    height=\"160\"\n                    style=\"max-width:100%;\"\n                \/>\n            <\/a>\n        <\/div>\n\t\t\t\t\t\t\t<\/div> \n\t\t\t\n        \n\t\t\t\t<div id=\"ngg-image-164\" class=\"ngg-gallery-thumbnail-box\" >\n\t\t\t\t        <div class=\"ngg-gallery-thumbnail\">\n            <a href=\"http:\/\/www.karate-neuhofen.at\/wp-content\/gallery\/weihnachtsfeier-2025\/IMG_2698.JPG\"\n               title=\"\"\n               data-src=\"http:\/\/www.karate-neuhofen.at\/wp-content\/gallery\/weihnachtsfeier-2025\/IMG_2698.JPG\"\n               data-thumbnail=\"http:\/\/www.karate-neuhofen.at\/wp-content\/gallery\/weihnachtsfeier-2025\/thumbs\/thumbs_IMG_2698.JPG\"\n               data-image-id=\"35225\"\n               data-title=\"IMG_2698\"\n               data-description=\"\"\n               data-image-slug=\"img_2698-1\"\n               class=\"shutterset_57d88d0128dfac935a3754325baf3709\">\n                <img\n                    title=\"IMG_2698\"\n                    alt=\"IMG_2698\"\n                    src=\"http:\/\/www.karate-neuhofen.at\/wp-content\/gallery\/weihnachtsfeier-2025\/thumbs\/thumbs_IMG_2698.JPG\"\n                    width=\"240\"\n                    height=\"160\"\n                    style=\"max-width:100%;\"\n                \/>\n            <\/a>\n        <\/div>\n\t\t\t\t\t\t\t<\/div> \n\t\t\t\n        \n\t\t\t\t<div id=\"ngg-image-165\" class=\"ngg-gallery-thumbnail-box\" >\n\t\t\t\t        <div class=\"ngg-gallery-thumbnail\">\n            <a href=\"http:\/\/www.karate-neuhofen.at\/wp-content\/gallery\/weihnachtsfeier-2025\/IMG_2701.JPG\"\n               title=\"\"\n               data-src=\"http:\/\/www.karate-neuhofen.at\/wp-content\/gallery\/weihnachtsfeier-2025\/IMG_2701.JPG\"\n               data-thumbnail=\"http:\/\/www.karate-neuhofen.at\/wp-content\/gallery\/weihnachtsfeier-2025\/thumbs\/thumbs_IMG_2701.JPG\"\n               data-image-id=\"35226\"\n               data-title=\"IMG_2701\"\n               data-description=\"\"\n               data-image-slug=\"img_2701-3\"\n               class=\"shutterset_57d88d0128dfac935a3754325baf3709\">\n                <img\n                    title=\"IMG_2701\"\n                    alt=\"IMG_2701\"\n                    src=\"http:\/\/www.karate-neuhofen.at\/wp-content\/gallery\/weihnachtsfeier-2025\/thumbs\/thumbs_IMG_2701.JPG\"\n                    width=\"240\"\n                    height=\"160\"\n                    style=\"max-width:100%;\"\n                \/>\n            <\/a>\n        <\/div>\n\t\t\t\t\t\t\t<\/div> \n\t\t\t\n        \n\t\t\t\t<div id=\"ngg-image-166\" class=\"ngg-gallery-thumbnail-box\" >\n\t\t\t\t        <div class=\"ngg-gallery-thumbnail\">\n            <a href=\"http:\/\/www.karate-neuhofen.at\/wp-content\/gallery\/weihnachtsfeier-2025\/IMG_2706.JPG\"\n               title=\"\"\n               data-src=\"http:\/\/www.karate-neuhofen.at\/wp-content\/gallery\/weihnachtsfeier-2025\/IMG_2706.JPG\"\n               data-thumbnail=\"http:\/\/www.karate-neuhofen.at\/wp-content\/gallery\/weihnachtsfeier-2025\/thumbs\/thumbs_IMG_2706.JPG\"\n               data-image-id=\"35227\"\n               data-title=\"IMG_2706\"\n               data-description=\"\"\n               data-image-slug=\"img_2706\"\n               class=\"shutterset_57d88d0128dfac935a3754325baf3709\">\n                <img\n                    title=\"IMG_2706\"\n                    alt=\"IMG_2706\"\n                    src=\"http:\/\/www.karate-neuhofen.at\/wp-content\/gallery\/weihnachtsfeier-2025\/thumbs\/thumbs_IMG_2706.JPG\"\n                    width=\"240\"\n                    height=\"160\"\n                    style=\"max-width:100%;\"\n                \/>\n            <\/a>\n        <\/div>\n\t\t\t\t\t\t\t<\/div> \n\t\t\t\n        \n\t\t\t\t<div id=\"ngg-image-167\" class=\"ngg-gallery-thumbnail-box\" >\n\t\t\t\t        <div class=\"ngg-gallery-thumbnail\">\n            <a href=\"http:\/\/www.karate-neuhofen.at\/wp-content\/gallery\/weihnachtsfeier-2025\/IMG_2707.JPG\"\n               title=\"\"\n               data-src=\"http:\/\/www.karate-neuhofen.at\/wp-content\/gallery\/weihnachtsfeier-2025\/IMG_2707.JPG\"\n               data-thumbnail=\"http:\/\/www.karate-neuhofen.at\/wp-content\/gallery\/weihnachtsfeier-2025\/thumbs\/thumbs_IMG_2707.JPG\"\n               data-image-id=\"35228\"\n               data-title=\"IMG_2707\"\n               data-description=\"\"\n               data-image-slug=\"img_2707-2\"\n               class=\"shutterset_57d88d0128dfac935a3754325baf3709\">\n                <img\n                    title=\"IMG_2707\"\n                    alt=\"IMG_2707\"\n                    src=\"http:\/\/www.karate-neuhofen.at\/wp-content\/gallery\/weihnachtsfeier-2025\/thumbs\/thumbs_IMG_2707.JPG\"\n                    width=\"240\"\n                    height=\"160\"\n                    style=\"max-width:100%;\"\n                \/>\n            <\/a>\n        <\/div>\n\t\t\t\t\t\t\t<\/div> \n\t\t\t\n        \n\t\t\t\t<div id=\"ngg-image-168\" class=\"ngg-gallery-thumbnail-box\" >\n\t\t\t\t        <div class=\"ngg-gallery-thumbnail\">\n            <a href=\"http:\/\/www.karate-neuhofen.at\/wp-content\/gallery\/weihnachtsfeier-2025\/IMG_2708.JPG\"\n               title=\"\"\n               data-src=\"http:\/\/www.karate-neuhofen.at\/wp-content\/gallery\/weihnachtsfeier-2025\/IMG_2708.JPG\"\n               data-thumbnail=\"http:\/\/www.karate-neuhofen.at\/wp-content\/gallery\/weihnachtsfeier-2025\/thumbs\/thumbs_IMG_2708.JPG\"\n               data-image-id=\"35229\"\n               data-title=\"IMG_2708\"\n               data-description=\"\"\n               data-image-slug=\"img_2708-1\"\n               class=\"shutterset_57d88d0128dfac935a3754325baf3709\">\n                <img\n                    title=\"IMG_2708\"\n                    alt=\"IMG_2708\"\n                    src=\"http:\/\/www.karate-neuhofen.at\/wp-content\/gallery\/weihnachtsfeier-2025\/thumbs\/thumbs_IMG_2708.JPG\"\n                    width=\"240\"\n                    height=\"160\"\n                    style=\"max-width:100%;\"\n                \/>\n            <\/a>\n        <\/div>\n\t\t\t\t\t\t\t<\/div> \n\t\t\t\n        \n\t\t\t\t<div id=\"ngg-image-169\" class=\"ngg-gallery-thumbnail-box\" >\n\t\t\t\t        <div class=\"ngg-gallery-thumbnail\">\n            <a href=\"http:\/\/www.karate-neuhofen.at\/wp-content\/gallery\/weihnachtsfeier-2025\/IMG_2709.JPG\"\n               title=\"\"\n               data-src=\"http:\/\/www.karate-neuhofen.at\/wp-content\/gallery\/weihnachtsfeier-2025\/IMG_2709.JPG\"\n               data-thumbnail=\"http:\/\/www.karate-neuhofen.at\/wp-content\/gallery\/weihnachtsfeier-2025\/thumbs\/thumbs_IMG_2709.JPG\"\n               data-image-id=\"35230\"\n               data-title=\"IMG_2709\"\n               data-description=\"\"\n               data-image-slug=\"img_2709-1\"\n               class=\"shutterset_57d88d0128dfac935a3754325baf3709\">\n                <img\n                    title=\"IMG_2709\"\n                    alt=\"IMG_2709\"\n                    src=\"http:\/\/www.karate-neuhofen.at\/wp-content\/gallery\/weihnachtsfeier-2025\/thumbs\/thumbs_IMG_2709.JPG\"\n                    width=\"240\"\n                    height=\"160\"\n                    style=\"max-width:100%;\"\n                \/>\n            <\/a>\n        <\/div>\n\t\t\t\t\t\t\t<\/div> \n\t\t\t\n        \n\t\t\t\t<div id=\"ngg-image-170\" class=\"ngg-gallery-thumbnail-box\" >\n\t\t\t\t        <div class=\"ngg-gallery-thumbnail\">\n            <a href=\"http:\/\/www.karate-neuhofen.at\/wp-content\/gallery\/weihnachtsfeier-2025\/IMG_2715.JPG\"\n               title=\"\"\n               data-src=\"http:\/\/www.karate-neuhofen.at\/wp-content\/gallery\/weihnachtsfeier-2025\/IMG_2715.JPG\"\n               data-thumbnail=\"http:\/\/www.karate-neuhofen.at\/wp-content\/gallery\/weihnachtsfeier-2025\/thumbs\/thumbs_IMG_2715.JPG\"\n               data-image-id=\"35231\"\n               data-title=\"IMG_2715\"\n               data-description=\"\"\n               data-image-slug=\"img_2715-1\"\n               class=\"shutterset_57d88d0128dfac935a3754325baf3709\">\n                <img\n                    title=\"IMG_2715\"\n                    alt=\"IMG_2715\"\n                    src=\"http:\/\/www.karate-neuhofen.at\/wp-content\/gallery\/weihnachtsfeier-2025\/thumbs\/thumbs_IMG_2715.JPG\"\n                    width=\"240\"\n                    height=\"160\"\n                    style=\"max-width:100%;\"\n                \/>\n            <\/a>\n        <\/div>\n\t\t\t\t\t\t\t<\/div> \n\t\t\t\n        \n\t\t\t\t<div id=\"ngg-image-171\" class=\"ngg-gallery-thumbnail-box\" >\n\t\t\t\t        <div class=\"ngg-gallery-thumbnail\">\n            <a href=\"http:\/\/www.karate-neuhofen.at\/wp-content\/gallery\/weihnachtsfeier-2025\/IMG_2716.JPG\"\n               title=\"\"\n               data-src=\"http:\/\/www.karate-neuhofen.at\/wp-content\/gallery\/weihnachtsfeier-2025\/IMG_2716.JPG\"\n               data-thumbnail=\"http:\/\/www.karate-neuhofen.at\/wp-content\/gallery\/weihnachtsfeier-2025\/thumbs\/thumbs_IMG_2716.JPG\"\n               data-image-id=\"35232\"\n               data-title=\"IMG_2716\"\n               data-description=\"\"\n               data-image-slug=\"img_2716-2\"\n               class=\"shutterset_57d88d0128dfac935a3754325baf3709\">\n                <img\n                    title=\"IMG_2716\"\n                    alt=\"IMG_2716\"\n                    src=\"http:\/\/www.karate-neuhofen.at\/wp-content\/gallery\/weihnachtsfeier-2025\/thumbs\/thumbs_IMG_2716.JPG\"\n                    width=\"240\"\n                    height=\"160\"\n                    style=\"max-width:100%;\"\n                \/>\n            <\/a>\n        <\/div>\n\t\t\t\t\t\t\t<\/div> \n\t\t\t\n        \n\t\t\t\t<div id=\"ngg-image-172\" class=\"ngg-gallery-thumbnail-box\" >\n\t\t\t\t        <div class=\"ngg-gallery-thumbnail\">\n            <a href=\"http:\/\/www.karate-neuhofen.at\/wp-content\/gallery\/weihnachtsfeier-2025\/IMG_2717.JPG\"\n               title=\"\"\n               data-src=\"http:\/\/www.karate-neuhofen.at\/wp-content\/gallery\/weihnachtsfeier-2025\/IMG_2717.JPG\"\n               data-thumbnail=\"http:\/\/www.karate-neuhofen.at\/wp-content\/gallery\/weihnachtsfeier-2025\/thumbs\/thumbs_IMG_2717.JPG\"\n               data-image-id=\"35233\"\n               data-title=\"IMG_2717\"\n               data-description=\"\"\n               data-image-slug=\"img_2717\"\n               class=\"shutterset_57d88d0128dfac935a3754325baf3709\">\n                <img\n                    title=\"IMG_2717\"\n                    alt=\"IMG_2717\"\n                    src=\"http:\/\/www.karate-neuhofen.at\/wp-content\/gallery\/weihnachtsfeier-2025\/thumbs\/thumbs_IMG_2717.JPG\"\n                    width=\"240\"\n                    height=\"160\"\n                    style=\"max-width:100%;\"\n                \/>\n            <\/a>\n        <\/div>\n\t\t\t\t\t\t\t<\/div> \n\t\t\t\n        \n\t\t\t\t<div id=\"ngg-image-173\" class=\"ngg-gallery-thumbnail-box\" >\n\t\t\t\t        <div class=\"ngg-gallery-thumbnail\">\n            <a href=\"http:\/\/www.karate-neuhofen.at\/wp-content\/gallery\/weihnachtsfeier-2025\/IMG_2719.JPG\"\n               title=\"\"\n               data-src=\"http:\/\/www.karate-neuhofen.at\/wp-content\/gallery\/weihnachtsfeier-2025\/IMG_2719.JPG\"\n               data-thumbnail=\"http:\/\/www.karate-neuhofen.at\/wp-content\/gallery\/weihnachtsfeier-2025\/thumbs\/thumbs_IMG_2719.JPG\"\n               data-image-id=\"35234\"\n               data-title=\"IMG_2719\"\n               data-description=\"\"\n               data-image-slug=\"img_2719-1\"\n               class=\"shutterset_57d88d0128dfac935a3754325baf3709\">\n                <img\n                    title=\"IMG_2719\"\n                    alt=\"IMG_2719\"\n                    src=\"http:\/\/www.karate-neuhofen.at\/wp-content\/gallery\/weihnachtsfeier-2025\/thumbs\/thumbs_IMG_2719.JPG\"\n                    width=\"240\"\n                    height=\"160\"\n                    style=\"max-width:100%;\"\n                \/>\n            <\/a>\n        <\/div>\n\t\t\t\t\t\t\t<\/div> \n\t\t\t\n        \n\t\t\t\t<div id=\"ngg-image-174\" class=\"ngg-gallery-thumbnail-box\" >\n\t\t\t\t        <div class=\"ngg-gallery-thumbnail\">\n            <a href=\"http:\/\/www.karate-neuhofen.at\/wp-content\/gallery\/weihnachtsfeier-2025\/IMG_2722.JPG\"\n               title=\"\"\n               data-src=\"http:\/\/www.karate-neuhofen.at\/wp-content\/gallery\/weihnachtsfeier-2025\/IMG_2722.JPG\"\n               data-thumbnail=\"http:\/\/www.karate-neuhofen.at\/wp-content\/gallery\/weihnachtsfeier-2025\/thumbs\/thumbs_IMG_2722.JPG\"\n               data-image-id=\"35235\"\n               data-title=\"IMG_2722\"\n               data-description=\"\"\n               data-image-slug=\"img_2722-1\"\n               class=\"shutterset_57d88d0128dfac935a3754325baf3709\">\n                <img\n                    title=\"IMG_2722\"\n                    alt=\"IMG_2722\"\n                    src=\"http:\/\/www.karate-neuhofen.at\/wp-content\/gallery\/weihnachtsfeier-2025\/thumbs\/thumbs_IMG_2722.JPG\"\n                    width=\"240\"\n                    height=\"160\"\n                    style=\"max-width:100%;\"\n                \/>\n            <\/a>\n        <\/div>\n\t\t\t\t\t\t\t<\/div> \n\t\t\t\n        \n\t\t\t\t<div id=\"ngg-image-175\" class=\"ngg-gallery-thumbnail-box\" >\n\t\t\t\t        <div class=\"ngg-gallery-thumbnail\">\n            <a href=\"http:\/\/www.karate-neuhofen.at\/wp-content\/gallery\/weihnachtsfeier-2025\/IMG_2727.JPG\"\n               title=\"\"\n               data-src=\"http:\/\/www.karate-neuhofen.at\/wp-content\/gallery\/weihnachtsfeier-2025\/IMG_2727.JPG\"\n               data-thumbnail=\"http:\/\/www.karate-neuhofen.at\/wp-content\/gallery\/weihnachtsfeier-2025\/thumbs\/thumbs_IMG_2727.JPG\"\n               data-image-id=\"35236\"\n               data-title=\"IMG_2727\"\n               data-description=\"\"\n               data-image-slug=\"img_2727-1\"\n               class=\"shutterset_57d88d0128dfac935a3754325baf3709\">\n                <img\n                    title=\"IMG_2727\"\n                    alt=\"IMG_2727\"\n                    src=\"http:\/\/www.karate-neuhofen.at\/wp-content\/gallery\/weihnachtsfeier-2025\/thumbs\/thumbs_IMG_2727.JPG\"\n                    width=\"240\"\n                    height=\"160\"\n                    style=\"max-width:100%;\"\n                \/>\n            <\/a>\n        <\/div>\n\t\t\t\t\t\t\t<\/div> \n\t\t\t\n        \n\t\t\t\t<div id=\"ngg-image-176\" class=\"ngg-gallery-thumbnail-box\" >\n\t\t\t\t        <div class=\"ngg-gallery-thumbnail\">\n            <a href=\"http:\/\/www.karate-neuhofen.at\/wp-content\/gallery\/weihnachtsfeier-2025\/IMG_2728.JPG\"\n               title=\"\"\n               data-src=\"http:\/\/www.karate-neuhofen.at\/wp-content\/gallery\/weihnachtsfeier-2025\/IMG_2728.JPG\"\n               data-thumbnail=\"http:\/\/www.karate-neuhofen.at\/wp-content\/gallery\/weihnachtsfeier-2025\/thumbs\/thumbs_IMG_2728.JPG\"\n               data-image-id=\"35237\"\n               data-title=\"IMG_2728\"\n               data-description=\"\"\n               data-image-slug=\"img_2728-1\"\n               class=\"shutterset_57d88d0128dfac935a3754325baf3709\">\n                <img\n                    title=\"IMG_2728\"\n                    alt=\"IMG_2728\"\n                    src=\"http:\/\/www.karate-neuhofen.at\/wp-content\/gallery\/weihnachtsfeier-2025\/thumbs\/thumbs_IMG_2728.JPG\"\n                    width=\"240\"\n                    height=\"160\"\n                    style=\"max-width:100%;\"\n                \/>\n            <\/a>\n        <\/div>\n\t\t\t\t\t\t\t<\/div> \n\t\t\t\n        \n\t\t\t\t<div id=\"ngg-image-177\" class=\"ngg-gallery-thumbnail-box\" >\n\t\t\t\t        <div class=\"ngg-gallery-thumbnail\">\n            <a href=\"http:\/\/www.karate-neuhofen.at\/wp-content\/gallery\/weihnachtsfeier-2025\/IMG_2729.JPG\"\n               title=\"\"\n               data-src=\"http:\/\/www.karate-neuhofen.at\/wp-content\/gallery\/weihnachtsfeier-2025\/IMG_2729.JPG\"\n               data-thumbnail=\"http:\/\/www.karate-neuhofen.at\/wp-content\/gallery\/weihnachtsfeier-2025\/thumbs\/thumbs_IMG_2729.JPG\"\n               data-image-id=\"35238\"\n               data-title=\"IMG_2729\"\n               data-description=\"\"\n               data-image-slug=\"img_2729-2\"\n               class=\"shutterset_57d88d0128dfac935a3754325baf3709\">\n                <img\n                    title=\"IMG_2729\"\n                    alt=\"IMG_2729\"\n                    src=\"http:\/\/www.karate-neuhofen.at\/wp-content\/gallery\/weihnachtsfeier-2025\/thumbs\/thumbs_IMG_2729.JPG\"\n                    width=\"240\"\n                    height=\"160\"\n                    style=\"max-width:100%;\"\n                \/>\n            <\/a>\n        <\/div>\n\t\t\t\t\t\t\t<\/div> \n\t\t\t\n        \n\t\t\t\t<div id=\"ngg-image-178\" class=\"ngg-gallery-thumbnail-box\" >\n\t\t\t\t        <div class=\"ngg-gallery-thumbnail\">\n            <a href=\"http:\/\/www.karate-neuhofen.at\/wp-content\/gallery\/weihnachtsfeier-2025\/IMG_2732.JPG\"\n               title=\"\"\n               data-src=\"http:\/\/www.karate-neuhofen.at\/wp-content\/gallery\/weihnachtsfeier-2025\/IMG_2732.JPG\"\n               data-thumbnail=\"http:\/\/www.karate-neuhofen.at\/wp-content\/gallery\/weihnachtsfeier-2025\/thumbs\/thumbs_IMG_2732.JPG\"\n               data-image-id=\"35239\"\n               data-title=\"IMG_2732\"\n               data-description=\"\"\n               data-image-slug=\"img_2732-2\"\n               class=\"shutterset_57d88d0128dfac935a3754325baf3709\">\n                <img\n                    title=\"IMG_2732\"\n                    alt=\"IMG_2732\"\n                    src=\"http:\/\/www.karate-neuhofen.at\/wp-content\/gallery\/weihnachtsfeier-2025\/thumbs\/thumbs_IMG_2732.JPG\"\n                    width=\"240\"\n                    height=\"160\"\n                    style=\"max-width:100%;\"\n                \/>\n            <\/a>\n        <\/div>\n\t\t\t\t\t\t\t<\/div> \n\t\t\t\n        \n\t\t\t\t<div id=\"ngg-image-179\" class=\"ngg-gallery-thumbnail-box\" >\n\t\t\t\t        <div class=\"ngg-gallery-thumbnail\">\n            <a href=\"http:\/\/www.karate-neuhofen.at\/wp-content\/gallery\/weihnachtsfeier-2025\/IMG_2738.JPG\"\n               title=\"\"\n               data-src=\"http:\/\/www.karate-neuhofen.at\/wp-content\/gallery\/weihnachtsfeier-2025\/IMG_2738.JPG\"\n               data-thumbnail=\"http:\/\/www.karate-neuhofen.at\/wp-content\/gallery\/weihnachtsfeier-2025\/thumbs\/thumbs_IMG_2738.JPG\"\n               data-image-id=\"35240\"\n               data-title=\"IMG_2738\"\n               data-description=\"\"\n               data-image-slug=\"img_2738-2\"\n               class=\"shutterset_57d88d0128dfac935a3754325baf3709\">\n                <img\n                    title=\"IMG_2738\"\n                    alt=\"IMG_2738\"\n                    src=\"http:\/\/www.karate-neuhofen.at\/wp-content\/gallery\/weihnachtsfeier-2025\/thumbs\/thumbs_IMG_2738.JPG\"\n                    width=\"240\"\n                    height=\"160\"\n                    style=\"max-width:100%;\"\n                \/>\n            <\/a>\n        <\/div>\n\t\t\t\t\t\t\t<\/div> \n\t\t\t\n        \n\t\t\t\t<div id=\"ngg-image-180\" class=\"ngg-gallery-thumbnail-box\" >\n\t\t\t\t        <div class=\"ngg-gallery-thumbnail\">\n            <a href=\"http:\/\/www.karate-neuhofen.at\/wp-content\/gallery\/weihnachtsfeier-2025\/IMG_2740.JPG\"\n               title=\"\"\n               data-src=\"http:\/\/www.karate-neuhofen.at\/wp-content\/gallery\/weihnachtsfeier-2025\/IMG_2740.JPG\"\n               data-thumbnail=\"http:\/\/www.karate-neuhofen.at\/wp-content\/gallery\/weihnachtsfeier-2025\/thumbs\/thumbs_IMG_2740.JPG\"\n               data-image-id=\"35241\"\n               data-title=\"IMG_2740\"\n               data-description=\"\"\n               data-image-slug=\"img_2740-1\"\n               class=\"shutterset_57d88d0128dfac935a3754325baf3709\">\n                <img\n                    title=\"IMG_2740\"\n                    alt=\"IMG_2740\"\n                    src=\"http:\/\/www.karate-neuhofen.at\/wp-content\/gallery\/weihnachtsfeier-2025\/thumbs\/thumbs_IMG_2740.JPG\"\n                    width=\"240\"\n                    height=\"160\"\n                    style=\"max-width:100%;\"\n                \/>\n            <\/a>\n        <\/div>\n\t\t\t\t\t\t\t<\/div> \n\t\t\t\n        \n\t\t\t\t<div id=\"ngg-image-181\" class=\"ngg-gallery-thumbnail-box\" >\n\t\t\t\t        <div class=\"ngg-gallery-thumbnail\">\n            <a href=\"http:\/\/www.karate-neuhofen.at\/wp-content\/gallery\/weihnachtsfeier-2025\/IMG_2743.JPG\"\n               title=\"\"\n               data-src=\"http:\/\/www.karate-neuhofen.at\/wp-content\/gallery\/weihnachtsfeier-2025\/IMG_2743.JPG\"\n               data-thumbnail=\"http:\/\/www.karate-neuhofen.at\/wp-content\/gallery\/weihnachtsfeier-2025\/thumbs\/thumbs_IMG_2743.JPG\"\n               data-image-id=\"35242\"\n               data-title=\"IMG_2743\"\n               data-description=\"\"\n               data-image-slug=\"img_2743-1\"\n               class=\"shutterset_57d88d0128dfac935a3754325baf3709\">\n                <img\n                    title=\"IMG_2743\"\n                    alt=\"IMG_2743\"\n                    src=\"http:\/\/www.karate-neuhofen.at\/wp-content\/gallery\/weihnachtsfeier-2025\/thumbs\/thumbs_IMG_2743.JPG\"\n                    width=\"240\"\n                    height=\"160\"\n                    style=\"max-width:100%;\"\n                \/>\n            <\/a>\n        <\/div>\n\t\t\t\t\t\t\t<\/div> \n\t\t\t\n        \n\t\t\t\t<div id=\"ngg-image-182\" class=\"ngg-gallery-thumbnail-box\" >\n\t\t\t\t        <div class=\"ngg-gallery-thumbnail\">\n            <a href=\"http:\/\/www.karate-neuhofen.at\/wp-content\/gallery\/weihnachtsfeier-2025\/IMG_2744.JPG\"\n               title=\"\"\n               data-src=\"http:\/\/www.karate-neuhofen.at\/wp-content\/gallery\/weihnachtsfeier-2025\/IMG_2744.JPG\"\n               data-thumbnail=\"http:\/\/www.karate-neuhofen.at\/wp-content\/gallery\/weihnachtsfeier-2025\/thumbs\/thumbs_IMG_2744.JPG\"\n               data-image-id=\"35243\"\n               data-title=\"IMG_2744\"\n               data-description=\"\"\n               data-image-slug=\"img_2744-1\"\n               class=\"shutterset_57d88d0128dfac935a3754325baf3709\">\n                <img\n                    title=\"IMG_2744\"\n                    alt=\"IMG_2744\"\n                    src=\"http:\/\/www.karate-neuhofen.at\/wp-content\/gallery\/weihnachtsfeier-2025\/thumbs\/thumbs_IMG_2744.JPG\"\n                    width=\"240\"\n                    height=\"160\"\n                    style=\"max-width:100%;\"\n                \/>\n            <\/a>\n        <\/div>\n\t\t\t\t\t\t\t<\/div> \n\t\t\t\n        \n\t\t\t\t<div id=\"ngg-image-183\" class=\"ngg-gallery-thumbnail-box\" >\n\t\t\t\t        <div class=\"ngg-gallery-thumbnail\">\n            <a href=\"http:\/\/www.karate-neuhofen.at\/wp-content\/gallery\/weihnachtsfeier-2025\/IMG_2747.JPG\"\n               title=\"\"\n               data-src=\"http:\/\/www.karate-neuhofen.at\/wp-content\/gallery\/weihnachtsfeier-2025\/IMG_2747.JPG\"\n               data-thumbnail=\"http:\/\/www.karate-neuhofen.at\/wp-content\/gallery\/weihnachtsfeier-2025\/thumbs\/thumbs_IMG_2747.JPG\"\n               data-image-id=\"35244\"\n               data-title=\"IMG_2747\"\n               data-description=\"\"\n               data-image-slug=\"img_2747-3\"\n               class=\"shutterset_57d88d0128dfac935a3754325baf3709\">\n                <img\n                    title=\"IMG_2747\"\n                    alt=\"IMG_2747\"\n                    src=\"http:\/\/www.karate-neuhofen.at\/wp-content\/gallery\/weihnachtsfeier-2025\/thumbs\/thumbs_IMG_2747.JPG\"\n                    width=\"240\"\n                    height=\"160\"\n                    style=\"max-width:100%;\"\n                \/>\n            <\/a>\n        <\/div>\n\t\t\t\t\t\t\t<\/div> \n\t\t\t\n        \n\t\t\t\t<div id=\"ngg-image-184\" class=\"ngg-gallery-thumbnail-box\" >\n\t\t\t\t        <div class=\"ngg-gallery-thumbnail\">\n            <a href=\"http:\/\/www.karate-neuhofen.at\/wp-content\/gallery\/weihnachtsfeier-2025\/IMG_2748.JPG\"\n               title=\"\"\n               data-src=\"http:\/\/www.karate-neuhofen.at\/wp-content\/gallery\/weihnachtsfeier-2025\/IMG_2748.JPG\"\n               data-thumbnail=\"http:\/\/www.karate-neuhofen.at\/wp-content\/gallery\/weihnachtsfeier-2025\/thumbs\/thumbs_IMG_2748.JPG\"\n               data-image-id=\"35245\"\n               data-title=\"IMG_2748\"\n               data-description=\"\"\n               data-image-slug=\"img_2748-2\"\n               class=\"shutterset_57d88d0128dfac935a3754325baf3709\">\n                <img\n                    title=\"IMG_2748\"\n                    alt=\"IMG_2748\"\n                    src=\"http:\/\/www.karate-neuhofen.at\/wp-content\/gallery\/weihnachtsfeier-2025\/thumbs\/thumbs_IMG_2748.JPG\"\n                    width=\"240\"\n                    height=\"160\"\n                    style=\"max-width:100%;\"\n                \/>\n            <\/a>\n        <\/div>\n\t\t\t\t\t\t\t<\/div> \n\t\t\t\n        \n\t\t\t\t<div id=\"ngg-image-185\" class=\"ngg-gallery-thumbnail-box\" >\n\t\t\t\t        <div class=\"ngg-gallery-thumbnail\">\n            <a href=\"http:\/\/www.karate-neuhofen.at\/wp-content\/gallery\/weihnachtsfeier-2025\/IMG_2749.JPG\"\n               title=\"\"\n               data-src=\"http:\/\/www.karate-neuhofen.at\/wp-content\/gallery\/weihnachtsfeier-2025\/IMG_2749.JPG\"\n               data-thumbnail=\"http:\/\/www.karate-neuhofen.at\/wp-content\/gallery\/weihnachtsfeier-2025\/thumbs\/thumbs_IMG_2749.JPG\"\n               data-image-id=\"35246\"\n               data-title=\"IMG_2749\"\n               data-description=\"\"\n               data-image-slug=\"img_2749\"\n               class=\"shutterset_57d88d0128dfac935a3754325baf3709\">\n                <img\n                    title=\"IMG_2749\"\n                    alt=\"IMG_2749\"\n                    src=\"http:\/\/www.karate-neuhofen.at\/wp-content\/gallery\/weihnachtsfeier-2025\/thumbs\/thumbs_IMG_2749.JPG\"\n                    width=\"240\"\n                    height=\"160\"\n                    style=\"max-width:100%;\"\n                \/>\n            <\/a>\n        <\/div>\n\t\t\t\t\t\t\t<\/div> \n\t\t\t\n        \n\t\t\t\t<div id=\"ngg-image-186\" class=\"ngg-gallery-thumbnail-box\" >\n\t\t\t\t        <div class=\"ngg-gallery-thumbnail\">\n            <a href=\"http:\/\/www.karate-neuhofen.at\/wp-content\/gallery\/weihnachtsfeier-2025\/IMG_2750.JPG\"\n               title=\"\"\n               data-src=\"http:\/\/www.karate-neuhofen.at\/wp-content\/gallery\/weihnachtsfeier-2025\/IMG_2750.JPG\"\n               data-thumbnail=\"http:\/\/www.karate-neuhofen.at\/wp-content\/gallery\/weihnachtsfeier-2025\/thumbs\/thumbs_IMG_2750.JPG\"\n               data-image-id=\"35247\"\n               data-title=\"IMG_2750\"\n               data-description=\"\"\n               data-image-slug=\"img_2750-1\"\n               class=\"shutterset_57d88d0128dfac935a3754325baf3709\">\n                <img\n                    title=\"IMG_2750\"\n                    alt=\"IMG_2750\"\n                    src=\"http:\/\/www.karate-neuhofen.at\/wp-content\/gallery\/weihnachtsfeier-2025\/thumbs\/thumbs_IMG_2750.JPG\"\n                    width=\"240\"\n                    height=\"160\"\n                    style=\"max-width:100%;\"\n                \/>\n            <\/a>\n        <\/div>\n\t\t\t\t\t\t\t<\/div> \n\t\t\t\n        \n\t\t\t\t<div id=\"ngg-image-187\" class=\"ngg-gallery-thumbnail-box\" >\n\t\t\t\t        <div class=\"ngg-gallery-thumbnail\">\n            <a href=\"http:\/\/www.karate-neuhofen.at\/wp-content\/gallery\/weihnachtsfeier-2025\/IMG_2752.JPG\"\n               title=\"\"\n               data-src=\"http:\/\/www.karate-neuhofen.at\/wp-content\/gallery\/weihnachtsfeier-2025\/IMG_2752.JPG\"\n               data-thumbnail=\"http:\/\/www.karate-neuhofen.at\/wp-content\/gallery\/weihnachtsfeier-2025\/thumbs\/thumbs_IMG_2752.JPG\"\n               data-image-id=\"35248\"\n               data-title=\"IMG_2752\"\n               data-description=\"\"\n               data-image-slug=\"img_2752-1\"\n               class=\"shutterset_57d88d0128dfac935a3754325baf3709\">\n                <img\n                    title=\"IMG_2752\"\n                    alt=\"IMG_2752\"\n                    src=\"http:\/\/www.karate-neuhofen.at\/wp-content\/gallery\/weihnachtsfeier-2025\/thumbs\/thumbs_IMG_2752.JPG\"\n                    width=\"240\"\n                    height=\"160\"\n                    style=\"max-width:100%;\"\n                \/>\n            <\/a>\n        <\/div>\n\t\t\t\t\t\t\t<\/div> \n\t\t\t\n        \n\t\t\t\t<div id=\"ngg-image-188\" class=\"ngg-gallery-thumbnail-box\" >\n\t\t\t\t        <div class=\"ngg-gallery-thumbnail\">\n            <a href=\"http:\/\/www.karate-neuhofen.at\/wp-content\/gallery\/weihnachtsfeier-2025\/IMG_2754.JPG\"\n               title=\"\"\n               data-src=\"http:\/\/www.karate-neuhofen.at\/wp-content\/gallery\/weihnachtsfeier-2025\/IMG_2754.JPG\"\n               data-thumbnail=\"http:\/\/www.karate-neuhofen.at\/wp-content\/gallery\/weihnachtsfeier-2025\/thumbs\/thumbs_IMG_2754.JPG\"\n               data-image-id=\"35249\"\n               data-title=\"IMG_2754\"\n               data-description=\"\"\n               data-image-slug=\"img_2754-2\"\n               class=\"shutterset_57d88d0128dfac935a3754325baf3709\">\n                <img\n                    title=\"IMG_2754\"\n                    alt=\"IMG_2754\"\n                    src=\"http:\/\/www.karate-neuhofen.at\/wp-content\/gallery\/weihnachtsfeier-2025\/thumbs\/thumbs_IMG_2754.JPG\"\n                    width=\"240\"\n                    height=\"160\"\n                    style=\"max-width:100%;\"\n                \/>\n            <\/a>\n        <\/div>\n\t\t\t\t\t\t\t<\/div> \n\t\t\t\n        \n\t\t\t\t<div id=\"ngg-image-189\" class=\"ngg-gallery-thumbnail-box\" >\n\t\t\t\t        <div class=\"ngg-gallery-thumbnail\">\n            <a href=\"http:\/\/www.karate-neuhofen.at\/wp-content\/gallery\/weihnachtsfeier-2025\/IMG_2755.JPG\"\n               title=\"\"\n               data-src=\"http:\/\/www.karate-neuhofen.at\/wp-content\/gallery\/weihnachtsfeier-2025\/IMG_2755.JPG\"\n               data-thumbnail=\"http:\/\/www.karate-neuhofen.at\/wp-content\/gallery\/weihnachtsfeier-2025\/thumbs\/thumbs_IMG_2755.JPG\"\n               data-image-id=\"35251\"\n               data-title=\"IMG_2755\"\n               data-description=\"\"\n               data-image-slug=\"img_2755-1\"\n               class=\"shutterset_57d88d0128dfac935a3754325baf3709\">\n                <img\n                    title=\"IMG_2755\"\n                    alt=\"IMG_2755\"\n                    src=\"http:\/\/www.karate-neuhofen.at\/wp-content\/gallery\/weihnachtsfeier-2025\/thumbs\/thumbs_IMG_2755.JPG\"\n                    width=\"240\"\n                    height=\"160\"\n                    style=\"max-width:100%;\"\n                \/>\n            <\/a>\n        <\/div>\n\t\t\t\t\t\t\t<\/div> \n\t\t\t\n        \n\t\t\t\t<div id=\"ngg-image-190\" class=\"ngg-gallery-thumbnail-box\" >\n\t\t\t\t        <div class=\"ngg-gallery-thumbnail\">\n            <a href=\"http:\/\/www.karate-neuhofen.at\/wp-content\/gallery\/weihnachtsfeier-2025\/IMG_2757.JPG\"\n               title=\"\"\n               data-src=\"http:\/\/www.karate-neuhofen.at\/wp-content\/gallery\/weihnachtsfeier-2025\/IMG_2757.JPG\"\n               data-thumbnail=\"http:\/\/www.karate-neuhofen.at\/wp-content\/gallery\/weihnachtsfeier-2025\/thumbs\/thumbs_IMG_2757.JPG\"\n               data-image-id=\"35250\"\n               data-title=\"IMG_2757\"\n               data-description=\"\"\n               data-image-slug=\"img_2757-2\"\n               class=\"shutterset_57d88d0128dfac935a3754325baf3709\">\n                <img\n                    title=\"IMG_2757\"\n                    alt=\"IMG_2757\"\n                    src=\"http:\/\/www.karate-neuhofen.at\/wp-content\/gallery\/weihnachtsfeier-2025\/thumbs\/thumbs_IMG_2757.JPG\"\n                    width=\"240\"\n                    height=\"160\"\n                    style=\"max-width:100%;\"\n                \/>\n            <\/a>\n        <\/div>\n\t\t\t\t\t\t\t<\/div> \n\t\t\t\n        \n\t\t\t\t<div id=\"ngg-image-191\" class=\"ngg-gallery-thumbnail-box\" >\n\t\t\t\t        <div class=\"ngg-gallery-thumbnail\">\n            <a href=\"http:\/\/www.karate-neuhofen.at\/wp-content\/gallery\/weihnachtsfeier-2025\/IMG_2758.JPG\"\n               title=\"\"\n               data-src=\"http:\/\/www.karate-neuhofen.at\/wp-content\/gallery\/weihnachtsfeier-2025\/IMG_2758.JPG\"\n               data-thumbnail=\"http:\/\/www.karate-neuhofen.at\/wp-content\/gallery\/weihnachtsfeier-2025\/thumbs\/thumbs_IMG_2758.JPG\"\n               data-image-id=\"35252\"\n               data-title=\"IMG_2758\"\n               data-description=\"\"\n               data-image-slug=\"img_2758\"\n               class=\"shutterset_57d88d0128dfac935a3754325baf3709\">\n                <img\n                    title=\"IMG_2758\"\n                    alt=\"IMG_2758\"\n                    src=\"http:\/\/www.karate-neuhofen.at\/wp-content\/gallery\/weihnachtsfeier-2025\/thumbs\/thumbs_IMG_2758.JPG\"\n                    width=\"240\"\n                    height=\"160\"\n                    style=\"max-width:100%;\"\n                \/>\n            <\/a>\n        <\/div>\n\t\t\t\t\t\t\t<\/div> \n\t\t\t\n        \n\t\t\t\t<div id=\"ngg-image-192\" class=\"ngg-gallery-thumbnail-box\" >\n\t\t\t\t        <div class=\"ngg-gallery-thumbnail\">\n            <a href=\"http:\/\/www.karate-neuhofen.at\/wp-content\/gallery\/weihnachtsfeier-2025\/IMG_2759.JPG\"\n               title=\"\"\n               data-src=\"http:\/\/www.karate-neuhofen.at\/wp-content\/gallery\/weihnachtsfeier-2025\/IMG_2759.JPG\"\n               data-thumbnail=\"http:\/\/www.karate-neuhofen.at\/wp-content\/gallery\/weihnachtsfeier-2025\/thumbs\/thumbs_IMG_2759.JPG\"\n               data-image-id=\"35253\"\n               data-title=\"IMG_2759\"\n               data-description=\"\"\n               data-image-slug=\"img_2759-3\"\n               class=\"shutterset_57d88d0128dfac935a3754325baf3709\">\n                <img\n                    title=\"IMG_2759\"\n                    alt=\"IMG_2759\"\n                    src=\"http:\/\/www.karate-neuhofen.at\/wp-content\/gallery\/weihnachtsfeier-2025\/thumbs\/thumbs_IMG_2759.JPG\"\n                    width=\"240\"\n                    height=\"160\"\n                    style=\"max-width:100%;\"\n                \/>\n            <\/a>\n        <\/div>\n\t\t\t\t\t\t\t<\/div> \n\t\t\t\n        \n\t\t\t\t<div id=\"ngg-image-193\" class=\"ngg-gallery-thumbnail-box\" >\n\t\t\t\t        <div class=\"ngg-gallery-thumbnail\">\n            <a href=\"http:\/\/www.karate-neuhofen.at\/wp-content\/gallery\/weihnachtsfeier-2025\/IMG_2761.JPG\"\n               title=\"\"\n               data-src=\"http:\/\/www.karate-neuhofen.at\/wp-content\/gallery\/weihnachtsfeier-2025\/IMG_2761.JPG\"\n               data-thumbnail=\"http:\/\/www.karate-neuhofen.at\/wp-content\/gallery\/weihnachtsfeier-2025\/thumbs\/thumbs_IMG_2761.JPG\"\n               data-image-id=\"35254\"\n               data-title=\"IMG_2761\"\n               data-description=\"\"\n               data-image-slug=\"img_2761-3\"\n               class=\"shutterset_57d88d0128dfac935a3754325baf3709\">\n                <img\n                    title=\"IMG_2761\"\n                    alt=\"IMG_2761\"\n                    src=\"http:\/\/www.karate-neuhofen.at\/wp-content\/gallery\/weihnachtsfeier-2025\/thumbs\/thumbs_IMG_2761.JPG\"\n                    width=\"240\"\n                    height=\"160\"\n                    style=\"max-width:100%;\"\n                \/>\n            <\/a>\n        <\/div>\n\t\t\t\t\t\t\t<\/div> \n\t\t\t\n        \n\t\t\t\t<div id=\"ngg-image-194\" class=\"ngg-gallery-thumbnail-box\" >\n\t\t\t\t        <div class=\"ngg-gallery-thumbnail\">\n            <a href=\"http:\/\/www.karate-neuhofen.at\/wp-content\/gallery\/weihnachtsfeier-2025\/IMG_2762.JPG\"\n               title=\"\"\n               data-src=\"http:\/\/www.karate-neuhofen.at\/wp-content\/gallery\/weihnachtsfeier-2025\/IMG_2762.JPG\"\n               data-thumbnail=\"http:\/\/www.karate-neuhofen.at\/wp-content\/gallery\/weihnachtsfeier-2025\/thumbs\/thumbs_IMG_2762.JPG\"\n               data-image-id=\"35255\"\n               data-title=\"IMG_2762\"\n               data-description=\"\"\n               data-image-slug=\"img_2762-2\"\n               class=\"shutterset_57d88d0128dfac935a3754325baf3709\">\n                <img\n                    title=\"IMG_2762\"\n                    alt=\"IMG_2762\"\n                    src=\"http:\/\/www.karate-neuhofen.at\/wp-content\/gallery\/weihnachtsfeier-2025\/thumbs\/thumbs_IMG_2762.JPG\"\n                    width=\"240\"\n                    height=\"160\"\n                    style=\"max-width:100%;\"\n                \/>\n            <\/a>\n        <\/div>\n\t\t\t\t\t\t\t<\/div> \n\t\t\t\n        \n\t\t\t\t<div id=\"ngg-image-195\" class=\"ngg-gallery-thumbnail-box\" >\n\t\t\t\t        <div class=\"ngg-gallery-thumbnail\">\n            <a href=\"http:\/\/www.karate-neuhofen.at\/wp-content\/gallery\/weihnachtsfeier-2025\/IMG_2765.JPG\"\n               title=\"\"\n               data-src=\"http:\/\/www.karate-neuhofen.at\/wp-content\/gallery\/weihnachtsfeier-2025\/IMG_2765.JPG\"\n               data-thumbnail=\"http:\/\/www.karate-neuhofen.at\/wp-content\/gallery\/weihnachtsfeier-2025\/thumbs\/thumbs_IMG_2765.JPG\"\n               data-image-id=\"35256\"\n               data-title=\"IMG_2765\"\n               data-description=\"\"\n               data-image-slug=\"img_2765-1\"\n               class=\"shutterset_57d88d0128dfac935a3754325baf3709\">\n                <img\n                    title=\"IMG_2765\"\n                    alt=\"IMG_2765\"\n                    src=\"http:\/\/www.karate-neuhofen.at\/wp-content\/gallery\/weihnachtsfeier-2025\/thumbs\/thumbs_IMG_2765.JPG\"\n                    width=\"240\"\n                    height=\"160\"\n                    style=\"max-width:100%;\"\n                \/>\n            <\/a>\n        <\/div>\n\t\t\t\t\t\t\t<\/div> \n\t\t\t\n        \n\t\t\t\t<div id=\"ngg-image-196\" class=\"ngg-gallery-thumbnail-box\" >\n\t\t\t\t        <div class=\"ngg-gallery-thumbnail\">\n            <a href=\"http:\/\/www.karate-neuhofen.at\/wp-content\/gallery\/weihnachtsfeier-2025\/IMG_2767.JPG\"\n               title=\"\"\n               data-src=\"http:\/\/www.karate-neuhofen.at\/wp-content\/gallery\/weihnachtsfeier-2025\/IMG_2767.JPG\"\n               data-thumbnail=\"http:\/\/www.karate-neuhofen.at\/wp-content\/gallery\/weihnachtsfeier-2025\/thumbs\/thumbs_IMG_2767.JPG\"\n               data-image-id=\"35257\"\n               data-title=\"IMG_2767\"\n               data-description=\"\"\n               data-image-slug=\"img_2767-2\"\n               class=\"shutterset_57d88d0128dfac935a3754325baf3709\">\n                <img\n                    title=\"IMG_2767\"\n                    alt=\"IMG_2767\"\n                    src=\"http:\/\/www.karate-neuhofen.at\/wp-content\/gallery\/weihnachtsfeier-2025\/thumbs\/thumbs_IMG_2767.JPG\"\n                    width=\"240\"\n                    height=\"160\"\n                    style=\"max-width:100%;\"\n                \/>\n            <\/a>\n        <\/div>\n\t\t\t\t\t\t\t<\/div> \n\t\t\t\n        \n\t\t\t\t<div id=\"ngg-image-197\" class=\"ngg-gallery-thumbnail-box\" >\n\t\t\t\t        <div class=\"ngg-gallery-thumbnail\">\n            <a href=\"http:\/\/www.karate-neuhofen.at\/wp-content\/gallery\/weihnachtsfeier-2025\/IMG_2768.JPG\"\n               title=\"\"\n               data-src=\"http:\/\/www.karate-neuhofen.at\/wp-content\/gallery\/weihnachtsfeier-2025\/IMG_2768.JPG\"\n               data-thumbnail=\"http:\/\/www.karate-neuhofen.at\/wp-content\/gallery\/weihnachtsfeier-2025\/thumbs\/thumbs_IMG_2768.JPG\"\n               data-image-id=\"35258\"\n               data-title=\"IMG_2768\"\n               data-description=\"\"\n               data-image-slug=\"img_2768-1\"\n               class=\"shutterset_57d88d0128dfac935a3754325baf3709\">\n                <img\n                    title=\"IMG_2768\"\n                    alt=\"IMG_2768\"\n                    src=\"http:\/\/www.karate-neuhofen.at\/wp-content\/gallery\/weihnachtsfeier-2025\/thumbs\/thumbs_IMG_2768.JPG\"\n                    width=\"240\"\n                    height=\"160\"\n                    style=\"max-width:100%;\"\n                \/>\n            <\/a>\n        <\/div>\n\t\t\t\t\t\t\t<\/div> \n\t\t\t\n        \n\t\t\t\t<div id=\"ngg-image-198\" class=\"ngg-gallery-thumbnail-box\" >\n\t\t\t\t        <div class=\"ngg-gallery-thumbnail\">\n            <a href=\"http:\/\/www.karate-neuhofen.at\/wp-content\/gallery\/weihnachtsfeier-2025\/IMG_2769.JPG\"\n               title=\"\"\n               data-src=\"http:\/\/www.karate-neuhofen.at\/wp-content\/gallery\/weihnachtsfeier-2025\/IMG_2769.JPG\"\n               data-thumbnail=\"http:\/\/www.karate-neuhofen.at\/wp-content\/gallery\/weihnachtsfeier-2025\/thumbs\/thumbs_IMG_2769.JPG\"\n               data-image-id=\"35259\"\n               data-title=\"IMG_2769\"\n               data-description=\"\"\n               data-image-slug=\"img_2769-2\"\n               class=\"shutterset_57d88d0128dfac935a3754325baf3709\">\n                <img\n                    title=\"IMG_2769\"\n                    alt=\"IMG_2769\"\n                    src=\"http:\/\/www.karate-neuhofen.at\/wp-content\/gallery\/weihnachtsfeier-2025\/thumbs\/thumbs_IMG_2769.JPG\"\n                    width=\"240\"\n                    height=\"160\"\n                    style=\"max-width:100%;\"\n                \/>\n            <\/a>\n        <\/div>\n\t\t\t\t\t\t\t<\/div> \n\t\t\t\n        \n\t\t\t\t<div id=\"ngg-image-199\" class=\"ngg-gallery-thumbnail-box\" >\n\t\t\t\t        <div class=\"ngg-gallery-thumbnail\">\n            <a href=\"http:\/\/www.karate-neuhofen.at\/wp-content\/gallery\/weihnachtsfeier-2025\/IMG_2770.JPG\"\n               title=\"\"\n               data-src=\"http:\/\/www.karate-neuhofen.at\/wp-content\/gallery\/weihnachtsfeier-2025\/IMG_2770.JPG\"\n               data-thumbnail=\"http:\/\/www.karate-neuhofen.at\/wp-content\/gallery\/weihnachtsfeier-2025\/thumbs\/thumbs_IMG_2770.JPG\"\n               data-image-id=\"35260\"\n               data-title=\"IMG_2770\"\n               data-description=\"\"\n               data-image-slug=\"img_2770-2\"\n               class=\"shutterset_57d88d0128dfac935a3754325baf3709\">\n                <img\n                    title=\"IMG_2770\"\n                    alt=\"IMG_2770\"\n                    src=\"http:\/\/www.karate-neuhofen.at\/wp-content\/gallery\/weihnachtsfeier-2025\/thumbs\/thumbs_IMG_2770.JPG\"\n                    width=\"240\"\n                    height=\"160\"\n                    style=\"max-width:100%;\"\n                \/>\n            <\/a>\n        <\/div>\n\t\t\t\t\t\t\t<\/div> \n\t\t\t\n        \n\t\t\t\t<div id=\"ngg-image-200\" class=\"ngg-gallery-thumbnail-box\" >\n\t\t\t\t        <div class=\"ngg-gallery-thumbnail\">\n            <a href=\"http:\/\/www.karate-neuhofen.at\/wp-content\/gallery\/weihnachtsfeier-2025\/IMG_2771.JPG\"\n               title=\"\"\n               data-src=\"http:\/\/www.karate-neuhofen.at\/wp-content\/gallery\/weihnachtsfeier-2025\/IMG_2771.JPG\"\n               data-thumbnail=\"http:\/\/www.karate-neuhofen.at\/wp-content\/gallery\/weihnachtsfeier-2025\/thumbs\/thumbs_IMG_2771.JPG\"\n               data-image-id=\"35261\"\n               data-title=\"IMG_2771\"\n               data-description=\"\"\n               data-image-slug=\"img_2771-2\"\n               class=\"shutterset_57d88d0128dfac935a3754325baf3709\">\n                <img\n                    title=\"IMG_2771\"\n                    alt=\"IMG_2771\"\n                    src=\"http:\/\/www.karate-neuhofen.at\/wp-content\/gallery\/weihnachtsfeier-2025\/thumbs\/thumbs_IMG_2771.JPG\"\n                    width=\"240\"\n                    height=\"160\"\n                    style=\"max-width:100%;\"\n                \/>\n            <\/a>\n        <\/div>\n\t\t\t\t\t\t\t<\/div> \n\t\t\t\n        \n\t\t\t\t<div id=\"ngg-image-201\" class=\"ngg-gallery-thumbnail-box\" >\n\t\t\t\t        <div class=\"ngg-gallery-thumbnail\">\n            <a href=\"http:\/\/www.karate-neuhofen.at\/wp-content\/gallery\/weihnachtsfeier-2025\/IMG_2772.JPG\"\n               title=\"\"\n               data-src=\"http:\/\/www.karate-neuhofen.at\/wp-content\/gallery\/weihnachtsfeier-2025\/IMG_2772.JPG\"\n               data-thumbnail=\"http:\/\/www.karate-neuhofen.at\/wp-content\/gallery\/weihnachtsfeier-2025\/thumbs\/thumbs_IMG_2772.JPG\"\n               data-image-id=\"35262\"\n               data-title=\"IMG_2772\"\n               data-description=\"\"\n               data-image-slug=\"img_2772\"\n               class=\"shutterset_57d88d0128dfac935a3754325baf3709\">\n                <img\n                    title=\"IMG_2772\"\n                    alt=\"IMG_2772\"\n                    src=\"http:\/\/www.karate-neuhofen.at\/wp-content\/gallery\/weihnachtsfeier-2025\/thumbs\/thumbs_IMG_2772.JPG\"\n                    width=\"240\"\n                    height=\"160\"\n                    style=\"max-width:100%;\"\n                \/>\n            <\/a>\n        <\/div>\n\t\t\t\t\t\t\t<\/div> \n\t\t\t\n        \n\t\t\t\t<div id=\"ngg-image-202\" class=\"ngg-gallery-thumbnail-box\" >\n\t\t\t\t        <div class=\"ngg-gallery-thumbnail\">\n            <a href=\"http:\/\/www.karate-neuhofen.at\/wp-content\/gallery\/weihnachtsfeier-2025\/IMG_2773.JPG\"\n               title=\"\"\n               data-src=\"http:\/\/www.karate-neuhofen.at\/wp-content\/gallery\/weihnachtsfeier-2025\/IMG_2773.JPG\"\n               data-thumbnail=\"http:\/\/www.karate-neuhofen.at\/wp-content\/gallery\/weihnachtsfeier-2025\/thumbs\/thumbs_IMG_2773.JPG\"\n               data-image-id=\"35263\"\n               data-title=\"IMG_2773\"\n               data-description=\"\"\n               data-image-slug=\"img_2773-4\"\n               class=\"shutterset_57d88d0128dfac935a3754325baf3709\">\n                <img\n                    title=\"IMG_2773\"\n                    alt=\"IMG_2773\"\n                    src=\"http:\/\/www.karate-neuhofen.at\/wp-content\/gallery\/weihnachtsfeier-2025\/thumbs\/thumbs_IMG_2773.JPG\"\n                    width=\"240\"\n                    height=\"160\"\n                    style=\"max-width:100%;\"\n                \/>\n            <\/a>\n        <\/div>\n\t\t\t\t\t\t\t<\/div> \n\t\t\t\n        \n\t\t\t\t<div id=\"ngg-image-203\" class=\"ngg-gallery-thumbnail-box\" >\n\t\t\t\t        <div class=\"ngg-gallery-thumbnail\">\n            <a href=\"http:\/\/www.karate-neuhofen.at\/wp-content\/gallery\/weihnachtsfeier-2025\/IMG_2783.JPG\"\n               title=\"\"\n               data-src=\"http:\/\/www.karate-neuhofen.at\/wp-content\/gallery\/weihnachtsfeier-2025\/IMG_2783.JPG\"\n               data-thumbnail=\"http:\/\/www.karate-neuhofen.at\/wp-content\/gallery\/weihnachtsfeier-2025\/thumbs\/thumbs_IMG_2783.JPG\"\n               data-image-id=\"35264\"\n               data-title=\"IMG_2783\"\n               data-description=\"\"\n               data-image-slug=\"img_2783-1\"\n               class=\"shutterset_57d88d0128dfac935a3754325baf3709\">\n                <img\n                    title=\"IMG_2783\"\n                    alt=\"IMG_2783\"\n                    src=\"http:\/\/www.karate-neuhofen.at\/wp-content\/gallery\/weihnachtsfeier-2025\/thumbs\/thumbs_IMG_2783.JPG\"\n                    width=\"240\"\n                    height=\"160\"\n                    style=\"max-width:100%;\"\n                \/>\n            <\/a>\n        <\/div>\n\t\t\t\t\t\t\t<\/div> \n\t\t\t\n        \n\t\t\t\t<div id=\"ngg-image-204\" class=\"ngg-gallery-thumbnail-box\" >\n\t\t\t\t        <div class=\"ngg-gallery-thumbnail\">\n            <a href=\"http:\/\/www.karate-neuhofen.at\/wp-content\/gallery\/weihnachtsfeier-2025\/IMG_2786.JPG\"\n               title=\"\"\n               data-src=\"http:\/\/www.karate-neuhofen.at\/wp-content\/gallery\/weihnachtsfeier-2025\/IMG_2786.JPG\"\n               data-thumbnail=\"http:\/\/www.karate-neuhofen.at\/wp-content\/gallery\/weihnachtsfeier-2025\/thumbs\/thumbs_IMG_2786.JPG\"\n               data-image-id=\"35265\"\n               data-title=\"IMG_2786\"\n               data-description=\"\"\n               data-image-slug=\"img_2786-3\"\n               class=\"shutterset_57d88d0128dfac935a3754325baf3709\">\n                <img\n                    title=\"IMG_2786\"\n                    alt=\"IMG_2786\"\n                    src=\"http:\/\/www.karate-neuhofen.at\/wp-content\/gallery\/weihnachtsfeier-2025\/thumbs\/thumbs_IMG_2786.JPG\"\n                    width=\"240\"\n                    height=\"160\"\n                    style=\"max-width:100%;\"\n                \/>\n            <\/a>\n        <\/div>\n\t\t\t\t\t\t\t<\/div> \n\t\t\t\n        \n\t\t\t\t<div id=\"ngg-image-205\" class=\"ngg-gallery-thumbnail-box\" >\n\t\t\t\t        <div class=\"ngg-gallery-thumbnail\">\n            <a href=\"http:\/\/www.karate-neuhofen.at\/wp-content\/gallery\/weihnachtsfeier-2025\/IMG_2787.JPG\"\n               title=\"\"\n               data-src=\"http:\/\/www.karate-neuhofen.at\/wp-content\/gallery\/weihnachtsfeier-2025\/IMG_2787.JPG\"\n               data-thumbnail=\"http:\/\/www.karate-neuhofen.at\/wp-content\/gallery\/weihnachtsfeier-2025\/thumbs\/thumbs_IMG_2787.JPG\"\n               data-image-id=\"35266\"\n               data-title=\"IMG_2787\"\n               data-description=\"\"\n               data-image-slug=\"img_2787\"\n               class=\"shutterset_57d88d0128dfac935a3754325baf3709\">\n                <img\n                    title=\"IMG_2787\"\n                    alt=\"IMG_2787\"\n                    src=\"http:\/\/www.karate-neuhofen.at\/wp-content\/gallery\/weihnachtsfeier-2025\/thumbs\/thumbs_IMG_2787.JPG\"\n                    width=\"240\"\n                    height=\"160\"\n                    style=\"max-width:100%;\"\n                \/>\n            <\/a>\n        <\/div>\n\t\t\t\t\t\t\t<\/div> \n\t\t\t\n        \n\t\t\t\t<div id=\"ngg-image-206\" class=\"ngg-gallery-thumbnail-box\" >\n\t\t\t\t        <div class=\"ngg-gallery-thumbnail\">\n            <a href=\"http:\/\/www.karate-neuhofen.at\/wp-content\/gallery\/weihnachtsfeier-2025\/IMG_2788.JPG\"\n               title=\"\"\n               data-src=\"http:\/\/www.karate-neuhofen.at\/wp-content\/gallery\/weihnachtsfeier-2025\/IMG_2788.JPG\"\n               data-thumbnail=\"http:\/\/www.karate-neuhofen.at\/wp-content\/gallery\/weihnachtsfeier-2025\/thumbs\/thumbs_IMG_2788.JPG\"\n               data-image-id=\"35267\"\n               data-title=\"IMG_2788\"\n               data-description=\"\"\n               data-image-slug=\"img_2788\"\n               class=\"shutterset_57d88d0128dfac935a3754325baf3709\">\n                <img\n                    title=\"IMG_2788\"\n                    alt=\"IMG_2788\"\n                    src=\"http:\/\/www.karate-neuhofen.at\/wp-content\/gallery\/weihnachtsfeier-2025\/thumbs\/thumbs_IMG_2788.JPG\"\n                    width=\"240\"\n                    height=\"160\"\n                    style=\"max-width:100%;\"\n                \/>\n            <\/a>\n        <\/div>\n\t\t\t\t\t\t\t<\/div> \n\t\t\t\n        \n\t\t\t\t<div id=\"ngg-image-207\" class=\"ngg-gallery-thumbnail-box\" >\n\t\t\t\t        <div class=\"ngg-gallery-thumbnail\">\n            <a href=\"http:\/\/www.karate-neuhofen.at\/wp-content\/gallery\/weihnachtsfeier-2025\/IMG_2792.JPG\"\n               title=\"\"\n               data-src=\"http:\/\/www.karate-neuhofen.at\/wp-content\/gallery\/weihnachtsfeier-2025\/IMG_2792.JPG\"\n               data-thumbnail=\"http:\/\/www.karate-neuhofen.at\/wp-content\/gallery\/weihnachtsfeier-2025\/thumbs\/thumbs_IMG_2792.JPG\"\n               data-image-id=\"35268\"\n               data-title=\"IMG_2792\"\n               data-description=\"\"\n               data-image-slug=\"img_2792-1\"\n               class=\"shutterset_57d88d0128dfac935a3754325baf3709\">\n                <img\n                    title=\"IMG_2792\"\n                    alt=\"IMG_2792\"\n                    src=\"http:\/\/www.karate-neuhofen.at\/wp-content\/gallery\/weihnachtsfeier-2025\/thumbs\/thumbs_IMG_2792.JPG\"\n                    width=\"240\"\n                    height=\"160\"\n                    style=\"max-width:100%;\"\n                \/>\n            <\/a>\n        <\/div>\n\t\t\t\t\t\t\t<\/div> \n\t\t\t\n        \n\t\t\t\t<div id=\"ngg-image-208\" class=\"ngg-gallery-thumbnail-box\" >\n\t\t\t\t        <div class=\"ngg-gallery-thumbnail\">\n            <a href=\"http:\/\/www.karate-neuhofen.at\/wp-content\/gallery\/weihnachtsfeier-2025\/IMG_2798.JPG\"\n               title=\"\"\n               data-src=\"http:\/\/www.karate-neuhofen.at\/wp-content\/gallery\/weihnachtsfeier-2025\/IMG_2798.JPG\"\n               data-thumbnail=\"http:\/\/www.karate-neuhofen.at\/wp-content\/gallery\/weihnachtsfeier-2025\/thumbs\/thumbs_IMG_2798.JPG\"\n               data-image-id=\"35269\"\n               data-title=\"IMG_2798\"\n               data-description=\"\"\n               data-image-slug=\"img_2798-2\"\n               class=\"shutterset_57d88d0128dfac935a3754325baf3709\">\n                <img\n                    title=\"IMG_2798\"\n                    alt=\"IMG_2798\"\n                    src=\"http:\/\/www.karate-neuhofen.at\/wp-content\/gallery\/weihnachtsfeier-2025\/thumbs\/thumbs_IMG_2798.JPG\"\n                    width=\"240\"\n                    height=\"160\"\n                    style=\"max-width:100%;\"\n                \/>\n            <\/a>\n        <\/div>\n\t\t\t\t\t\t\t<\/div> \n\t\t\t\n        \n\t\t\t\t<div id=\"ngg-image-209\" class=\"ngg-gallery-thumbnail-box\" >\n\t\t\t\t        <div class=\"ngg-gallery-thumbnail\">\n            <a href=\"http:\/\/www.karate-neuhofen.at\/wp-content\/gallery\/weihnachtsfeier-2025\/IMG_2800.JPG\"\n               title=\"\"\n               data-src=\"http:\/\/www.karate-neuhofen.at\/wp-content\/gallery\/weihnachtsfeier-2025\/IMG_2800.JPG\"\n               data-thumbnail=\"http:\/\/www.karate-neuhofen.at\/wp-content\/gallery\/weihnachtsfeier-2025\/thumbs\/thumbs_IMG_2800.JPG\"\n               data-image-id=\"35270\"\n               data-title=\"IMG_2800\"\n               data-description=\"\"\n               data-image-slug=\"img_2800-1\"\n               class=\"shutterset_57d88d0128dfac935a3754325baf3709\">\n                <img\n                    title=\"IMG_2800\"\n                    alt=\"IMG_2800\"\n                    src=\"http:\/\/www.karate-neuhofen.at\/wp-content\/gallery\/weihnachtsfeier-2025\/thumbs\/thumbs_IMG_2800.JPG\"\n                    width=\"240\"\n                    height=\"160\"\n                    style=\"max-width:100%;\"\n                \/>\n            <\/a>\n        <\/div>\n\t\t\t\t\t\t\t<\/div> \n\t\t\t\n        \n\t\t\t\t<div id=\"ngg-image-210\" class=\"ngg-gallery-thumbnail-box\" >\n\t\t\t\t        <div class=\"ngg-gallery-thumbnail\">\n            <a href=\"http:\/\/www.karate-neuhofen.at\/wp-content\/gallery\/weihnachtsfeier-2025\/IMG_2802.JPG\"\n               title=\"\"\n               data-src=\"http:\/\/www.karate-neuhofen.at\/wp-content\/gallery\/weihnachtsfeier-2025\/IMG_2802.JPG\"\n               data-thumbnail=\"http:\/\/www.karate-neuhofen.at\/wp-content\/gallery\/weihnachtsfeier-2025\/thumbs\/thumbs_IMG_2802.JPG\"\n               data-image-id=\"35271\"\n               data-title=\"IMG_2802\"\n               data-description=\"\"\n               data-image-slug=\"img_2802-2\"\n               class=\"shutterset_57d88d0128dfac935a3754325baf3709\">\n                <img\n                    title=\"IMG_2802\"\n                    alt=\"IMG_2802\"\n                    src=\"http:\/\/www.karate-neuhofen.at\/wp-content\/gallery\/weihnachtsfeier-2025\/thumbs\/thumbs_IMG_2802.JPG\"\n                    width=\"240\"\n                    height=\"160\"\n                    style=\"max-width:100%;\"\n                \/>\n            <\/a>\n        <\/div>\n\t\t\t\t\t\t\t<\/div> \n\t\t\t\n        \n\t\t\t\t<div id=\"ngg-image-211\" class=\"ngg-gallery-thumbnail-box\" >\n\t\t\t\t        <div class=\"ngg-gallery-thumbnail\">\n            <a href=\"http:\/\/www.karate-neuhofen.at\/wp-content\/gallery\/weihnachtsfeier-2025\/IMG_2803.JPG\"\n               title=\"\"\n               data-src=\"http:\/\/www.karate-neuhofen.at\/wp-content\/gallery\/weihnachtsfeier-2025\/IMG_2803.JPG\"\n               data-thumbnail=\"http:\/\/www.karate-neuhofen.at\/wp-content\/gallery\/weihnachtsfeier-2025\/thumbs\/thumbs_IMG_2803.JPG\"\n               data-image-id=\"35272\"\n               data-title=\"IMG_2803\"\n               data-description=\"\"\n               data-image-slug=\"img_2803-2\"\n               class=\"shutterset_57d88d0128dfac935a3754325baf3709\">\n                <img\n                    title=\"IMG_2803\"\n                    alt=\"IMG_2803\"\n                    src=\"http:\/\/www.karate-neuhofen.at\/wp-content\/gallery\/weihnachtsfeier-2025\/thumbs\/thumbs_IMG_2803.JPG\"\n                    width=\"240\"\n                    height=\"160\"\n                    style=\"max-width:100%;\"\n                \/>\n            <\/a>\n        <\/div>\n\t\t\t\t\t\t\t<\/div> \n\t\t\t\n        \n\t\t\t\t<div id=\"ngg-image-212\" class=\"ngg-gallery-thumbnail-box\" >\n\t\t\t\t        <div class=\"ngg-gallery-thumbnail\">\n            <a href=\"http:\/\/www.karate-neuhofen.at\/wp-content\/gallery\/weihnachtsfeier-2025\/IMG_2804.JPG\"\n               title=\"\"\n               data-src=\"http:\/\/www.karate-neuhofen.at\/wp-content\/gallery\/weihnachtsfeier-2025\/IMG_2804.JPG\"\n               data-thumbnail=\"http:\/\/www.karate-neuhofen.at\/wp-content\/gallery\/weihnachtsfeier-2025\/thumbs\/thumbs_IMG_2804.JPG\"\n               data-image-id=\"35273\"\n               data-title=\"IMG_2804\"\n               data-description=\"\"\n               data-image-slug=\"img_2804\"\n               class=\"shutterset_57d88d0128dfac935a3754325baf3709\">\n                <img\n                    title=\"IMG_2804\"\n                    alt=\"IMG_2804\"\n                    src=\"http:\/\/www.karate-neuhofen.at\/wp-content\/gallery\/weihnachtsfeier-2025\/thumbs\/thumbs_IMG_2804.JPG\"\n                    width=\"240\"\n                    height=\"160\"\n                    style=\"max-width:100%;\"\n                \/>\n            <\/a>\n        <\/div>\n\t\t\t\t\t\t\t<\/div> \n\t\t\t\n        \n\t\t\t\t<div id=\"ngg-image-213\" class=\"ngg-gallery-thumbnail-box\" >\n\t\t\t\t        <div class=\"ngg-gallery-thumbnail\">\n            <a href=\"http:\/\/www.karate-neuhofen.at\/wp-content\/gallery\/weihnachtsfeier-2025\/IMG_2805.JPG\"\n               title=\"\"\n               data-src=\"http:\/\/www.karate-neuhofen.at\/wp-content\/gallery\/weihnachtsfeier-2025\/IMG_2805.JPG\"\n               data-thumbnail=\"http:\/\/www.karate-neuhofen.at\/wp-content\/gallery\/weihnachtsfeier-2025\/thumbs\/thumbs_IMG_2805.JPG\"\n               data-image-id=\"35274\"\n               data-title=\"IMG_2805\"\n               data-description=\"\"\n               data-image-slug=\"img_2805\"\n               class=\"shutterset_57d88d0128dfac935a3754325baf3709\">\n                <img\n                    title=\"IMG_2805\"\n                    alt=\"IMG_2805\"\n                    src=\"http:\/\/www.karate-neuhofen.at\/wp-content\/gallery\/weihnachtsfeier-2025\/thumbs\/thumbs_IMG_2805.JPG\"\n                    width=\"240\"\n                    height=\"160\"\n                    style=\"max-width:100%;\"\n                \/>\n            <\/a>\n        <\/div>\n\t\t\t\t\t\t\t<\/div> \n\t\t\t\n        \n\t\t\t\t<div id=\"ngg-image-214\" class=\"ngg-gallery-thumbnail-box\" >\n\t\t\t\t        <div class=\"ngg-gallery-thumbnail\">\n            <a href=\"http:\/\/www.karate-neuhofen.at\/wp-content\/gallery\/weihnachtsfeier-2025\/IMG_2806.JPG\"\n               title=\"\"\n               data-src=\"http:\/\/www.karate-neuhofen.at\/wp-content\/gallery\/weihnachtsfeier-2025\/IMG_2806.JPG\"\n               data-thumbnail=\"http:\/\/www.karate-neuhofen.at\/wp-content\/gallery\/weihnachtsfeier-2025\/thumbs\/thumbs_IMG_2806.JPG\"\n               data-image-id=\"35275\"\n               data-title=\"IMG_2806\"\n               data-description=\"\"\n               data-image-slug=\"img_2806-2\"\n               class=\"shutterset_57d88d0128dfac935a3754325baf3709\">\n                <img\n                    title=\"IMG_2806\"\n                    alt=\"IMG_2806\"\n                    src=\"http:\/\/www.karate-neuhofen.at\/wp-content\/gallery\/weihnachtsfeier-2025\/thumbs\/thumbs_IMG_2806.JPG\"\n                    width=\"240\"\n                    height=\"160\"\n                    style=\"max-width:100%;\"\n                \/>\n            <\/a>\n        <\/div>\n\t\t\t\t\t\t\t<\/div> \n\t\t\t\n        \n\t\t\t\t<div id=\"ngg-image-215\" class=\"ngg-gallery-thumbnail-box\" >\n\t\t\t\t        <div class=\"ngg-gallery-thumbnail\">\n            <a href=\"http:\/\/www.karate-neuhofen.at\/wp-content\/gallery\/weihnachtsfeier-2025\/IMG_2807.JPG\"\n               title=\"\"\n               data-src=\"http:\/\/www.karate-neuhofen.at\/wp-content\/gallery\/weihnachtsfeier-2025\/IMG_2807.JPG\"\n               data-thumbnail=\"http:\/\/www.karate-neuhofen.at\/wp-content\/gallery\/weihnachtsfeier-2025\/thumbs\/thumbs_IMG_2807.JPG\"\n               data-image-id=\"35276\"\n               data-title=\"IMG_2807\"\n               data-description=\"\"\n               data-image-slug=\"img_2807-2\"\n               class=\"shutterset_57d88d0128dfac935a3754325baf3709\">\n                <img\n                    title=\"IMG_2807\"\n                    alt=\"IMG_2807\"\n                    src=\"http:\/\/www.karate-neuhofen.at\/wp-content\/gallery\/weihnachtsfeier-2025\/thumbs\/thumbs_IMG_2807.JPG\"\n                    width=\"240\"\n                    height=\"160\"\n                    style=\"max-width:100%;\"\n                \/>\n            <\/a>\n        <\/div>\n\t\t\t\t\t\t\t<\/div> \n\t\t\t\n        \n\t\t\t\t<div id=\"ngg-image-216\" class=\"ngg-gallery-thumbnail-box\" >\n\t\t\t\t        <div class=\"ngg-gallery-thumbnail\">\n            <a href=\"http:\/\/www.karate-neuhofen.at\/wp-content\/gallery\/weihnachtsfeier-2025\/IMG_2808.JPG\"\n               title=\"\"\n               data-src=\"http:\/\/www.karate-neuhofen.at\/wp-content\/gallery\/weihnachtsfeier-2025\/IMG_2808.JPG\"\n               data-thumbnail=\"http:\/\/www.karate-neuhofen.at\/wp-content\/gallery\/weihnachtsfeier-2025\/thumbs\/thumbs_IMG_2808.JPG\"\n               data-image-id=\"35277\"\n               data-title=\"IMG_2808\"\n               data-description=\"\"\n               data-image-slug=\"img_2808-2\"\n               class=\"shutterset_57d88d0128dfac935a3754325baf3709\">\n                <img\n                    title=\"IMG_2808\"\n                    alt=\"IMG_2808\"\n                    src=\"http:\/\/www.karate-neuhofen.at\/wp-content\/gallery\/weihnachtsfeier-2025\/thumbs\/thumbs_IMG_2808.JPG\"\n                    width=\"240\"\n                    height=\"160\"\n                    style=\"max-width:100%;\"\n                \/>\n            <\/a>\n        <\/div>\n\t\t\t\t\t\t\t<\/div> \n\t\t\t\n        \n\t\t\t\t<div id=\"ngg-image-217\" class=\"ngg-gallery-thumbnail-box\" >\n\t\t\t\t        <div class=\"ngg-gallery-thumbnail\">\n            <a href=\"http:\/\/www.karate-neuhofen.at\/wp-content\/gallery\/weihnachtsfeier-2025\/IMG_2809.JPG\"\n               title=\"\"\n               data-src=\"http:\/\/www.karate-neuhofen.at\/wp-content\/gallery\/weihnachtsfeier-2025\/IMG_2809.JPG\"\n               data-thumbnail=\"http:\/\/www.karate-neuhofen.at\/wp-content\/gallery\/weihnachtsfeier-2025\/thumbs\/thumbs_IMG_2809.JPG\"\n               data-image-id=\"35278\"\n               data-title=\"IMG_2809\"\n               data-description=\"\"\n               data-image-slug=\"img_2809\"\n               class=\"shutterset_57d88d0128dfac935a3754325baf3709\">\n                <img\n                    title=\"IMG_2809\"\n                    alt=\"IMG_2809\"\n                    src=\"http:\/\/www.karate-neuhofen.at\/wp-content\/gallery\/weihnachtsfeier-2025\/thumbs\/thumbs_IMG_2809.JPG\"\n                    width=\"240\"\n                    height=\"160\"\n                    style=\"max-width:100%;\"\n                \/>\n            <\/a>\n        <\/div>\n\t\t\t\t\t\t\t<\/div> \n\t\t\t\n        \n\t\t\t\t<div id=\"ngg-image-218\" class=\"ngg-gallery-thumbnail-box\" >\n\t\t\t\t        <div class=\"ngg-gallery-thumbnail\">\n            <a href=\"http:\/\/www.karate-neuhofen.at\/wp-content\/gallery\/weihnachtsfeier-2025\/IMG_2810.JPG\"\n               title=\"\"\n               data-src=\"http:\/\/www.karate-neuhofen.at\/wp-content\/gallery\/weihnachtsfeier-2025\/IMG_2810.JPG\"\n               data-thumbnail=\"http:\/\/www.karate-neuhofen.at\/wp-content\/gallery\/weihnachtsfeier-2025\/thumbs\/thumbs_IMG_2810.JPG\"\n               data-image-id=\"35279\"\n               data-title=\"IMG_2810\"\n               data-description=\"\"\n               data-image-slug=\"img_2810\"\n               class=\"shutterset_57d88d0128dfac935a3754325baf3709\">\n                <img\n                    title=\"IMG_2810\"\n                    alt=\"IMG_2810\"\n                    src=\"http:\/\/www.karate-neuhofen.at\/wp-content\/gallery\/weihnachtsfeier-2025\/thumbs\/thumbs_IMG_2810.JPG\"\n                    width=\"240\"\n                    height=\"160\"\n                    style=\"max-width:100%;\"\n                \/>\n            <\/a>\n        <\/div>\n\t\t\t\t\t\t\t<\/div> \n\t\t\t\n        \n\t\t\t\t<div id=\"ngg-image-219\" class=\"ngg-gallery-thumbnail-box\" >\n\t\t\t\t        <div class=\"ngg-gallery-thumbnail\">\n            <a href=\"http:\/\/www.karate-neuhofen.at\/wp-content\/gallery\/weihnachtsfeier-2025\/IMG_2811.JPG\"\n               title=\"\"\n               data-src=\"http:\/\/www.karate-neuhofen.at\/wp-content\/gallery\/weihnachtsfeier-2025\/IMG_2811.JPG\"\n               data-thumbnail=\"http:\/\/www.karate-neuhofen.at\/wp-content\/gallery\/weihnachtsfeier-2025\/thumbs\/thumbs_IMG_2811.JPG\"\n               data-image-id=\"35280\"\n               data-title=\"IMG_2811\"\n               data-description=\"\"\n               data-image-slug=\"img_2811-2\"\n               class=\"shutterset_57d88d0128dfac935a3754325baf3709\">\n                <img\n                    title=\"IMG_2811\"\n                    alt=\"IMG_2811\"\n                    src=\"http:\/\/www.karate-neuhofen.at\/wp-content\/gallery\/weihnachtsfeier-2025\/thumbs\/thumbs_IMG_2811.JPG\"\n                    width=\"240\"\n                    height=\"160\"\n                    style=\"max-width:100%;\"\n                \/>\n            <\/a>\n        <\/div>\n\t\t\t\t\t\t\t<\/div> \n\t\t\t\n        \n\t\t\t\t<div id=\"ngg-image-220\" class=\"ngg-gallery-thumbnail-box\" >\n\t\t\t\t        <div class=\"ngg-gallery-thumbnail\">\n            <a href=\"http:\/\/www.karate-neuhofen.at\/wp-content\/gallery\/weihnachtsfeier-2025\/IMG_2813.JPG\"\n               title=\"\"\n               data-src=\"http:\/\/www.karate-neuhofen.at\/wp-content\/gallery\/weihnachtsfeier-2025\/IMG_2813.JPG\"\n               data-thumbnail=\"http:\/\/www.karate-neuhofen.at\/wp-content\/gallery\/weihnachtsfeier-2025\/thumbs\/thumbs_IMG_2813.JPG\"\n               data-image-id=\"35281\"\n               data-title=\"IMG_2813\"\n               data-description=\"\"\n               data-image-slug=\"img_2813-1\"\n               class=\"shutterset_57d88d0128dfac935a3754325baf3709\">\n                <img\n                    title=\"IMG_2813\"\n                    alt=\"IMG_2813\"\n                    src=\"http:\/\/www.karate-neuhofen.at\/wp-content\/gallery\/weihnachtsfeier-2025\/thumbs\/thumbs_IMG_2813.JPG\"\n                    width=\"240\"\n                    height=\"160\"\n                    style=\"max-width:100%;\"\n                \/>\n            <\/a>\n        <\/div>\n\t\t\t\t\t\t\t<\/div> \n\t\t\t\n        \n\t\t\t\t<div id=\"ngg-image-221\" class=\"ngg-gallery-thumbnail-box\" >\n\t\t\t\t        <div class=\"ngg-gallery-thumbnail\">\n            <a href=\"http:\/\/www.karate-neuhofen.at\/wp-content\/gallery\/weihnachtsfeier-2025\/IMG_2818.JPG\"\n               title=\"\"\n               data-src=\"http:\/\/www.karate-neuhofen.at\/wp-content\/gallery\/weihnachtsfeier-2025\/IMG_2818.JPG\"\n               data-thumbnail=\"http:\/\/www.karate-neuhofen.at\/wp-content\/gallery\/weihnachtsfeier-2025\/thumbs\/thumbs_IMG_2818.JPG\"\n               data-image-id=\"35282\"\n               data-title=\"IMG_2818\"\n               data-description=\"\"\n               data-image-slug=\"img_2818-4\"\n               class=\"shutterset_57d88d0128dfac935a3754325baf3709\">\n                <img\n                    title=\"IMG_2818\"\n                    alt=\"IMG_2818\"\n                    src=\"http:\/\/www.karate-neuhofen.at\/wp-content\/gallery\/weihnachtsfeier-2025\/thumbs\/thumbs_IMG_2818.JPG\"\n                    width=\"240\"\n                    height=\"160\"\n                    style=\"max-width:100%;\"\n                \/>\n            <\/a>\n        <\/div>\n\t\t\t\t\t\t\t<\/div> \n\t\t\t\n        \n\t\t\t\t<div id=\"ngg-image-222\" class=\"ngg-gallery-thumbnail-box\" >\n\t\t\t\t        <div class=\"ngg-gallery-thumbnail\">\n            <a href=\"http:\/\/www.karate-neuhofen.at\/wp-content\/gallery\/weihnachtsfeier-2025\/IMG_2823.JPG\"\n               title=\"\"\n               data-src=\"http:\/\/www.karate-neuhofen.at\/wp-content\/gallery\/weihnachtsfeier-2025\/IMG_2823.JPG\"\n               data-thumbnail=\"http:\/\/www.karate-neuhofen.at\/wp-content\/gallery\/weihnachtsfeier-2025\/thumbs\/thumbs_IMG_2823.JPG\"\n               data-image-id=\"35283\"\n               data-title=\"IMG_2823\"\n               data-description=\"\"\n               data-image-slug=\"img_2823\"\n               class=\"shutterset_57d88d0128dfac935a3754325baf3709\">\n                <img\n                    title=\"IMG_2823\"\n                    alt=\"IMG_2823\"\n                    src=\"http:\/\/www.karate-neuhofen.at\/wp-content\/gallery\/weihnachtsfeier-2025\/thumbs\/thumbs_IMG_2823.JPG\"\n                    width=\"240\"\n                    height=\"160\"\n                    style=\"max-width:100%;\"\n                \/>\n            <\/a>\n        <\/div>\n\t\t\t\t\t\t\t<\/div> \n\t\t\t\n        \n\t\t\t\t<div id=\"ngg-image-223\" class=\"ngg-gallery-thumbnail-box\" >\n\t\t\t\t        <div class=\"ngg-gallery-thumbnail\">\n            <a href=\"http:\/\/www.karate-neuhofen.at\/wp-content\/gallery\/weihnachtsfeier-2025\/IMG_2826.JPG\"\n               title=\"\"\n               data-src=\"http:\/\/www.karate-neuhofen.at\/wp-content\/gallery\/weihnachtsfeier-2025\/IMG_2826.JPG\"\n               data-thumbnail=\"http:\/\/www.karate-neuhofen.at\/wp-content\/gallery\/weihnachtsfeier-2025\/thumbs\/thumbs_IMG_2826.JPG\"\n               data-image-id=\"35284\"\n               data-title=\"IMG_2826\"\n               data-description=\"\"\n               data-image-slug=\"img_2826\"\n               class=\"shutterset_57d88d0128dfac935a3754325baf3709\">\n                <img\n                    title=\"IMG_2826\"\n                    alt=\"IMG_2826\"\n                    src=\"http:\/\/www.karate-neuhofen.at\/wp-content\/gallery\/weihnachtsfeier-2025\/thumbs\/thumbs_IMG_2826.JPG\"\n                    width=\"240\"\n                    height=\"160\"\n                    style=\"max-width:100%;\"\n                \/>\n            <\/a>\n        <\/div>\n\t\t\t\t\t\t\t<\/div> \n\t\t\t\n        \n\t\t\t\t<div id=\"ngg-image-224\" class=\"ngg-gallery-thumbnail-box\" >\n\t\t\t\t        <div class=\"ngg-gallery-thumbnail\">\n            <a href=\"http:\/\/www.karate-neuhofen.at\/wp-content\/gallery\/weihnachtsfeier-2025\/IMG_2831.JPG\"\n               title=\"\"\n               data-src=\"http:\/\/www.karate-neuhofen.at\/wp-content\/gallery\/weihnachtsfeier-2025\/IMG_2831.JPG\"\n               data-thumbnail=\"http:\/\/www.karate-neuhofen.at\/wp-content\/gallery\/weihnachtsfeier-2025\/thumbs\/thumbs_IMG_2831.JPG\"\n               data-image-id=\"35285\"\n               data-title=\"IMG_2831\"\n               data-description=\"\"\n               data-image-slug=\"img_2831-5\"\n               class=\"shutterset_57d88d0128dfac935a3754325baf3709\">\n                <img\n                    title=\"IMG_2831\"\n                    alt=\"IMG_2831\"\n                    src=\"http:\/\/www.karate-neuhofen.at\/wp-content\/gallery\/weihnachtsfeier-2025\/thumbs\/thumbs_IMG_2831.JPG\"\n                    width=\"240\"\n                    height=\"160\"\n                    style=\"max-width:100%;\"\n                \/>\n            <\/a>\n        <\/div>\n\t\t\t\t\t\t\t<\/div> \n\t\t\t\n        \n\t\t\t\t<div id=\"ngg-image-225\" class=\"ngg-gallery-thumbnail-box\" >\n\t\t\t\t        <div class=\"ngg-gallery-thumbnail\">\n            <a href=\"http:\/\/www.karate-neuhofen.at\/wp-content\/gallery\/weihnachtsfeier-2025\/IMG_2840.JPG\"\n               title=\"\"\n               data-src=\"http:\/\/www.karate-neuhofen.at\/wp-content\/gallery\/weihnachtsfeier-2025\/IMG_2840.JPG\"\n               data-thumbnail=\"http:\/\/www.karate-neuhofen.at\/wp-content\/gallery\/weihnachtsfeier-2025\/thumbs\/thumbs_IMG_2840.JPG\"\n               data-image-id=\"35286\"\n               data-title=\"IMG_2840\"\n               data-description=\"\"\n               data-image-slug=\"img_2840-1\"\n               class=\"shutterset_57d88d0128dfac935a3754325baf3709\">\n                <img\n                    title=\"IMG_2840\"\n                    alt=\"IMG_2840\"\n                    src=\"http:\/\/www.karate-neuhofen.at\/wp-content\/gallery\/weihnachtsfeier-2025\/thumbs\/thumbs_IMG_2840.JPG\"\n                    width=\"240\"\n                    height=\"160\"\n                    style=\"max-width:100%;\"\n                \/>\n            <\/a>\n        <\/div>\n\t\t\t\t\t\t\t<\/div> \n\t\t\t\n        \n\t\t\t\t<div id=\"ngg-image-226\" class=\"ngg-gallery-thumbnail-box\" >\n\t\t\t\t        <div class=\"ngg-gallery-thumbnail\">\n            <a href=\"http:\/\/www.karate-neuhofen.at\/wp-content\/gallery\/weihnachtsfeier-2025\/IMG_2841.JPG\"\n               title=\"\"\n               data-src=\"http:\/\/www.karate-neuhofen.at\/wp-content\/gallery\/weihnachtsfeier-2025\/IMG_2841.JPG\"\n               data-thumbnail=\"http:\/\/www.karate-neuhofen.at\/wp-content\/gallery\/weihnachtsfeier-2025\/thumbs\/thumbs_IMG_2841.JPG\"\n               data-image-id=\"35287\"\n               data-title=\"IMG_2841\"\n               data-description=\"\"\n               data-image-slug=\"img_2841-4\"\n               class=\"shutterset_57d88d0128dfac935a3754325baf3709\">\n                <img\n                    title=\"IMG_2841\"\n                    alt=\"IMG_2841\"\n                    src=\"http:\/\/www.karate-neuhofen.at\/wp-content\/gallery\/weihnachtsfeier-2025\/thumbs\/thumbs_IMG_2841.JPG\"\n                    width=\"240\"\n                    height=\"160\"\n                    style=\"max-width:100%;\"\n                \/>\n            <\/a>\n        <\/div>\n\t\t\t\t\t\t\t<\/div> \n\t\t\t\n        \n\t\t\t\t<div id=\"ngg-image-227\" class=\"ngg-gallery-thumbnail-box\" >\n\t\t\t\t        <div class=\"ngg-gallery-thumbnail\">\n            <a href=\"http:\/\/www.karate-neuhofen.at\/wp-content\/gallery\/weihnachtsfeier-2025\/IMG_2844.JPG\"\n               title=\"\"\n               data-src=\"http:\/\/www.karate-neuhofen.at\/wp-content\/gallery\/weihnachtsfeier-2025\/IMG_2844.JPG\"\n               data-thumbnail=\"http:\/\/www.karate-neuhofen.at\/wp-content\/gallery\/weihnachtsfeier-2025\/thumbs\/thumbs_IMG_2844.JPG\"\n               data-image-id=\"35288\"\n               data-title=\"IMG_2844\"\n               data-description=\"\"\n               data-image-slug=\"img_2844-3\"\n               class=\"shutterset_57d88d0128dfac935a3754325baf3709\">\n                <img\n                    title=\"IMG_2844\"\n                    alt=\"IMG_2844\"\n                    src=\"http:\/\/www.karate-neuhofen.at\/wp-content\/gallery\/weihnachtsfeier-2025\/thumbs\/thumbs_IMG_2844.JPG\"\n                    width=\"240\"\n                    height=\"160\"\n                    style=\"max-width:100%;\"\n                \/>\n            <\/a>\n        <\/div>\n\t\t\t\t\t\t\t<\/div> \n\t\t\t\n        \n\t\t\t\t<div id=\"ngg-image-228\" class=\"ngg-gallery-thumbnail-box\" >\n\t\t\t\t        <div class=\"ngg-gallery-thumbnail\">\n            <a href=\"http:\/\/www.karate-neuhofen.at\/wp-content\/gallery\/weihnachtsfeier-2025\/IMG_2848.JPG\"\n               title=\"\"\n               data-src=\"http:\/\/www.karate-neuhofen.at\/wp-content\/gallery\/weihnachtsfeier-2025\/IMG_2848.JPG\"\n               data-thumbnail=\"http:\/\/www.karate-neuhofen.at\/wp-content\/gallery\/weihnachtsfeier-2025\/thumbs\/thumbs_IMG_2848.JPG\"\n               data-image-id=\"35289\"\n               data-title=\"IMG_2848\"\n               data-description=\"\"\n               data-image-slug=\"img_2848-1\"\n               class=\"shutterset_57d88d0128dfac935a3754325baf3709\">\n                <img\n                    title=\"IMG_2848\"\n                    alt=\"IMG_2848\"\n                    src=\"http:\/\/www.karate-neuhofen.at\/wp-content\/gallery\/weihnachtsfeier-2025\/thumbs\/thumbs_IMG_2848.JPG\"\n                    width=\"240\"\n                    height=\"160\"\n                    style=\"max-width:100%;\"\n                \/>\n            <\/a>\n        <\/div>\n\t\t\t\t\t\t\t<\/div> \n\t\t\t\n        \n\t\t\t\t<div id=\"ngg-image-229\" class=\"ngg-gallery-thumbnail-box\" >\n\t\t\t\t        <div class=\"ngg-gallery-thumbnail\">\n            <a href=\"http:\/\/www.karate-neuhofen.at\/wp-content\/gallery\/weihnachtsfeier-2025\/IMG_2852.JPG\"\n               title=\"\"\n               data-src=\"http:\/\/www.karate-neuhofen.at\/wp-content\/gallery\/weihnachtsfeier-2025\/IMG_2852.JPG\"\n               data-thumbnail=\"http:\/\/www.karate-neuhofen.at\/wp-content\/gallery\/weihnachtsfeier-2025\/thumbs\/thumbs_IMG_2852.JPG\"\n               data-image-id=\"35290\"\n               data-title=\"IMG_2852\"\n               data-description=\"\"\n               data-image-slug=\"img_2852\"\n               class=\"shutterset_57d88d0128dfac935a3754325baf3709\">\n                <img\n                    title=\"IMG_2852\"\n                    alt=\"IMG_2852\"\n                    src=\"http:\/\/www.karate-neuhofen.at\/wp-content\/gallery\/weihnachtsfeier-2025\/thumbs\/thumbs_IMG_2852.JPG\"\n                    width=\"240\"\n                    height=\"160\"\n                    style=\"max-width:100%;\"\n                \/>\n            <\/a>\n        <\/div>\n\t\t\t\t\t\t\t<\/div> \n\t\t\t\n        \n\t\t\t\t<div id=\"ngg-image-230\" class=\"ngg-gallery-thumbnail-box\" >\n\t\t\t\t        <div class=\"ngg-gallery-thumbnail\">\n            <a href=\"http:\/\/www.karate-neuhofen.at\/wp-content\/gallery\/weihnachtsfeier-2025\/IMG_2854.JPG\"\n               title=\"\"\n               data-src=\"http:\/\/www.karate-neuhofen.at\/wp-content\/gallery\/weihnachtsfeier-2025\/IMG_2854.JPG\"\n               data-thumbnail=\"http:\/\/www.karate-neuhofen.at\/wp-content\/gallery\/weihnachtsfeier-2025\/thumbs\/thumbs_IMG_2854.JPG\"\n               data-image-id=\"35291\"\n               data-title=\"IMG_2854\"\n               data-description=\"\"\n               data-image-slug=\"img_2854-1\"\n               class=\"shutterset_57d88d0128dfac935a3754325baf3709\">\n                <img\n                    title=\"IMG_2854\"\n                    alt=\"IMG_2854\"\n                    src=\"http:\/\/www.karate-neuhofen.at\/wp-content\/gallery\/weihnachtsfeier-2025\/thumbs\/thumbs_IMG_2854.JPG\"\n                    width=\"240\"\n                    height=\"160\"\n                    style=\"max-width:100%;\"\n                \/>\n            <\/a>\n        <\/div>\n\t\t\t\t\t\t\t<\/div> \n\t\t\t\n        \n\t\t\t\t<div id=\"ngg-image-231\" class=\"ngg-gallery-thumbnail-box\" >\n\t\t\t\t        <div class=\"ngg-gallery-thumbnail\">\n            <a href=\"http:\/\/www.karate-neuhofen.at\/wp-content\/gallery\/weihnachtsfeier-2025\/IMG_2855.JPG\"\n               title=\"\"\n               data-src=\"http:\/\/www.karate-neuhofen.at\/wp-content\/gallery\/weihnachtsfeier-2025\/IMG_2855.JPG\"\n               data-thumbnail=\"http:\/\/www.karate-neuhofen.at\/wp-content\/gallery\/weihnachtsfeier-2025\/thumbs\/thumbs_IMG_2855.JPG\"\n               data-image-id=\"35292\"\n               data-title=\"IMG_2855\"\n               data-description=\"\"\n               data-image-slug=\"img_2855-4\"\n               class=\"shutterset_57d88d0128dfac935a3754325baf3709\">\n                <img\n                    title=\"IMG_2855\"\n                    alt=\"IMG_2855\"\n                    src=\"http:\/\/www.karate-neuhofen.at\/wp-content\/gallery\/weihnachtsfeier-2025\/thumbs\/thumbs_IMG_2855.JPG\"\n                    width=\"240\"\n                    height=\"160\"\n                    style=\"max-width:100%;\"\n                \/>\n            <\/a>\n        <\/div>\n\t\t\t\t\t\t\t<\/div> \n\t\t\t\n        \n\t\t\t\t<div id=\"ngg-image-232\" class=\"ngg-gallery-thumbnail-box\" >\n\t\t\t\t        <div class=\"ngg-gallery-thumbnail\">\n            <a href=\"http:\/\/www.karate-neuhofen.at\/wp-content\/gallery\/weihnachtsfeier-2025\/IMG_2856.JPG\"\n               title=\"\"\n               data-src=\"http:\/\/www.karate-neuhofen.at\/wp-content\/gallery\/weihnachtsfeier-2025\/IMG_2856.JPG\"\n               data-thumbnail=\"http:\/\/www.karate-neuhofen.at\/wp-content\/gallery\/weihnachtsfeier-2025\/thumbs\/thumbs_IMG_2856.JPG\"\n               data-image-id=\"35293\"\n               data-title=\"IMG_2856\"\n               data-description=\"\"\n               data-image-slug=\"img_2856-5\"\n               class=\"shutterset_57d88d0128dfac935a3754325baf3709\">\n                <img\n                    title=\"IMG_2856\"\n                    alt=\"IMG_2856\"\n                    src=\"http:\/\/www.karate-neuhofen.at\/wp-content\/gallery\/weihnachtsfeier-2025\/thumbs\/thumbs_IMG_2856.JPG\"\n                    width=\"240\"\n                    height=\"160\"\n                    style=\"max-width:100%;\"\n                \/>\n            <\/a>\n        <\/div>\n\t\t\t\t\t\t\t<\/div> \n\t\t\t\n        \n\t\t\t\t<div id=\"ngg-image-233\" class=\"ngg-gallery-thumbnail-box\" >\n\t\t\t\t        <div class=\"ngg-gallery-thumbnail\">\n            <a href=\"http:\/\/www.karate-neuhofen.at\/wp-content\/gallery\/weihnachtsfeier-2025\/IMG_2859.JPG\"\n               title=\"\"\n               data-src=\"http:\/\/www.karate-neuhofen.at\/wp-content\/gallery\/weihnachtsfeier-2025\/IMG_2859.JPG\"\n               data-thumbnail=\"http:\/\/www.karate-neuhofen.at\/wp-content\/gallery\/weihnachtsfeier-2025\/thumbs\/thumbs_IMG_2859.JPG\"\n               data-image-id=\"35294\"\n               data-title=\"IMG_2859\"\n               data-description=\"\"\n               data-image-slug=\"img_2859-6\"\n               class=\"shutterset_57d88d0128dfac935a3754325baf3709\">\n                <img\n                    title=\"IMG_2859\"\n                    alt=\"IMG_2859\"\n                    src=\"http:\/\/www.karate-neuhofen.at\/wp-content\/gallery\/weihnachtsfeier-2025\/thumbs\/thumbs_IMG_2859.JPG\"\n                    width=\"240\"\n                    height=\"160\"\n                    style=\"max-width:100%;\"\n                \/>\n            <\/a>\n        <\/div>\n\t\t\t\t\t\t\t<\/div> \n\t\t\t\n        \n\t\t\t\t<div id=\"ngg-image-234\" class=\"ngg-gallery-thumbnail-box\" >\n\t\t\t\t        <div class=\"ngg-gallery-thumbnail\">\n            <a href=\"http:\/\/www.karate-neuhofen.at\/wp-content\/gallery\/weihnachtsfeier-2025\/IMG_2862.JPG\"\n               title=\"\"\n               data-src=\"http:\/\/www.karate-neuhofen.at\/wp-content\/gallery\/weihnachtsfeier-2025\/IMG_2862.JPG\"\n               data-thumbnail=\"http:\/\/www.karate-neuhofen.at\/wp-content\/gallery\/weihnachtsfeier-2025\/thumbs\/thumbs_IMG_2862.JPG\"\n               data-image-id=\"35296\"\n               data-title=\"IMG_2862\"\n               data-description=\"\"\n               data-image-slug=\"img_2862-5\"\n               class=\"shutterset_57d88d0128dfac935a3754325baf3709\">\n                <img\n                    title=\"IMG_2862\"\n                    alt=\"IMG_2862\"\n                    src=\"http:\/\/www.karate-neuhofen.at\/wp-content\/gallery\/weihnachtsfeier-2025\/thumbs\/thumbs_IMG_2862.JPG\"\n                    width=\"240\"\n                    height=\"160\"\n                    style=\"max-width:100%;\"\n                \/>\n            <\/a>\n        <\/div>\n\t\t\t\t\t\t\t<\/div> \n\t\t\t\n        \n\t\t\t\t<div id=\"ngg-image-235\" class=\"ngg-gallery-thumbnail-box\" >\n\t\t\t\t        <div class=\"ngg-gallery-thumbnail\">\n            <a href=\"http:\/\/www.karate-neuhofen.at\/wp-content\/gallery\/weihnachtsfeier-2025\/IMG_2864.JPG\"\n               title=\"\"\n               data-src=\"http:\/\/www.karate-neuhofen.at\/wp-content\/gallery\/weihnachtsfeier-2025\/IMG_2864.JPG\"\n               data-thumbnail=\"http:\/\/www.karate-neuhofen.at\/wp-content\/gallery\/weihnachtsfeier-2025\/thumbs\/thumbs_IMG_2864.JPG\"\n               data-image-id=\"35295\"\n               data-title=\"IMG_2864\"\n               data-description=\"\"\n               data-image-slug=\"img_2864-4\"\n               class=\"shutterset_57d88d0128dfac935a3754325baf3709\">\n                <img\n                    title=\"IMG_2864\"\n                    alt=\"IMG_2864\"\n                    src=\"http:\/\/www.karate-neuhofen.at\/wp-content\/gallery\/weihnachtsfeier-2025\/thumbs\/thumbs_IMG_2864.JPG\"\n                    width=\"240\"\n                    height=\"160\"\n                    style=\"max-width:100%;\"\n                \/>\n            <\/a>\n        <\/div>\n\t\t\t\t\t\t\t<\/div> \n\t\t\t\n        \n\t\t\t\t<div id=\"ngg-image-236\" class=\"ngg-gallery-thumbnail-box\" >\n\t\t\t\t        <div class=\"ngg-gallery-thumbnail\">\n            <a href=\"http:\/\/www.karate-neuhofen.at\/wp-content\/gallery\/weihnachtsfeier-2025\/IMG_2865.JPG\"\n               title=\"\"\n               data-src=\"http:\/\/www.karate-neuhofen.at\/wp-content\/gallery\/weihnachtsfeier-2025\/IMG_2865.JPG\"\n               data-thumbnail=\"http:\/\/www.karate-neuhofen.at\/wp-content\/gallery\/weihnachtsfeier-2025\/thumbs\/thumbs_IMG_2865.JPG\"\n               data-image-id=\"35297\"\n               data-title=\"IMG_2865\"\n               data-description=\"\"\n               data-image-slug=\"img_2865\"\n               class=\"shutterset_57d88d0128dfac935a3754325baf3709\">\n                <img\n                    title=\"IMG_2865\"\n                    alt=\"IMG_2865\"\n                    src=\"http:\/\/www.karate-neuhofen.at\/wp-content\/gallery\/weihnachtsfeier-2025\/thumbs\/thumbs_IMG_2865.JPG\"\n                    width=\"240\"\n                    height=\"160\"\n                    style=\"max-width:100%;\"\n                \/>\n            <\/a>\n        <\/div>\n\t\t\t\t\t\t\t<\/div> \n\t\t\t\n        \n\t\t\t\t<div id=\"ngg-image-237\" class=\"ngg-gallery-thumbnail-box\" >\n\t\t\t\t        <div class=\"ngg-gallery-thumbnail\">\n            <a href=\"http:\/\/www.karate-neuhofen.at\/wp-content\/gallery\/weihnachtsfeier-2025\/IMG_2875.JPG\"\n               title=\"\"\n               data-src=\"http:\/\/www.karate-neuhofen.at\/wp-content\/gallery\/weihnachtsfeier-2025\/IMG_2875.JPG\"\n               data-thumbnail=\"http:\/\/www.karate-neuhofen.at\/wp-content\/gallery\/weihnachtsfeier-2025\/thumbs\/thumbs_IMG_2875.JPG\"\n               data-image-id=\"35298\"\n               data-title=\"IMG_2875\"\n               data-description=\"\"\n               data-image-slug=\"img_2875-4\"\n               class=\"shutterset_57d88d0128dfac935a3754325baf3709\">\n                <img\n                    title=\"IMG_2875\"\n                    alt=\"IMG_2875\"\n                    src=\"http:\/\/www.karate-neuhofen.at\/wp-content\/gallery\/weihnachtsfeier-2025\/thumbs\/thumbs_IMG_2875.JPG\"\n                    width=\"240\"\n                    height=\"160\"\n                    style=\"max-width:100%;\"\n                \/>\n            <\/a>\n        <\/div>\n\t\t\t\t\t\t\t<\/div> \n\t\t\t\n        \n\t\t\t\t<div id=\"ngg-image-238\" class=\"ngg-gallery-thumbnail-box\" >\n\t\t\t\t        <div class=\"ngg-gallery-thumbnail\">\n            <a href=\"http:\/\/www.karate-neuhofen.at\/wp-content\/gallery\/weihnachtsfeier-2025\/IMG_2876.JPG\"\n               title=\"\"\n               data-src=\"http:\/\/www.karate-neuhofen.at\/wp-content\/gallery\/weihnachtsfeier-2025\/IMG_2876.JPG\"\n               data-thumbnail=\"http:\/\/www.karate-neuhofen.at\/wp-content\/gallery\/weihnachtsfeier-2025\/thumbs\/thumbs_IMG_2876.JPG\"\n               data-image-id=\"35062\"\n               data-title=\"IMG_2876\"\n               data-description=\"\"\n               data-image-slug=\"img_2876-1\"\n               class=\"shutterset_57d88d0128dfac935a3754325baf3709\">\n                <img\n                    title=\"IMG_2876\"\n                    alt=\"IMG_2876\"\n                    src=\"http:\/\/www.karate-neuhofen.at\/wp-content\/gallery\/weihnachtsfeier-2025\/thumbs\/thumbs_IMG_2876.JPG\"\n                    width=\"240\"\n                    height=\"160\"\n                    style=\"max-width:100%;\"\n                \/>\n            <\/a>\n        <\/div>\n\t\t\t\t\t\t\t<\/div> \n\t\t\t\n        \n\t\t\n\t\t<div class=\"ngg-clear\"><\/div>\n\t<\/div>\n\n","protected":false},"excerpt":{"rendered":"<p>Alle Jahre wieder l\u00e4dt der Christian ein, zu der Weihnachtsfeier alle sollen fr\u00f6hlich sein. Alle Zahlen kennt Marika plant, z\u00e4hlt und rechnet &#8211; ja, ohne sie w\u00e4r Chaos, doch mit ihr l\u00e4uft alles klar. Alle sagen Danke f\u00fcr ein ganzes Jahr, Training, Schwei\u00df und harte Arbeit- ihr seid f\u00fcr uns da.<\/p>\n","protected":false},"author":3,"featured_media":1597801,"comment_status":"closed","ping_status":"closed","sticky":false,"template":"","format":"standard","meta":{"ngg_post_thumbnail":0},"categories":[4],"tags":[102],"_links":{"self":[{"href":"http:\/\/www.karate-neuhofen.at\/index.php?rest_route=\/wp\/v2\/posts\/1597800"}],"collection":[{"href":"http:\/\/www.karate-neuhofen.at\/index.php?rest_route=\/wp\/v2\/posts"}],"about":[{"href":"http:\/\/www.karate-neuhofen.at\/index.php?rest_route=\/wp\/v2\/types\/post"}],"author":[{"embeddable":true,"href":"http:\/\/www.karate-neuhofen.at\/index.php?rest_route=\/wp\/v2\/users\/3"}],"replies":[{"embeddable":true,"href":"http:\/\/www.karate-neuhofen.at\/index.php?rest_route=%2Fwp%2Fv2%2Fcomments&post=1597800"}],"version-history":[{"count":1,"href":"http:\/\/www.karate-neuhofen.at\/index.php?rest_route=\/wp\/v2\/posts\/1597800\/revisions"}],"predecessor-version":[{"id":1597802,"href":"http:\/\/www.karate-neuhofen.at\/index.php?rest_route=\/wp\/v2\/posts\/1597800\/revisions\/1597802"}],"wp:featuredmedia":[{"embeddable":true,"href":"http:\/\/www.karate-neuhofen.at\/index.php?rest_route=\/wp\/v2\/media\/1597801"}],"wp:attachment":[{"href":"http:\/\/www.karate-neuhofen.at\/index.php?rest_route=%2Fwp%2Fv2%2Fmedia&parent=1597800"}],"wp:term":[{"taxonomy":"category","embeddable":true,"href":"http:\/\/www.karate-neuhofen.at\/index.php?rest_route=%2Fwp%2Fv2%2Fcategories&post=1597800"},{"taxonomy":"post_tag","embeddable":true,"href":"http:\/\/www.karate-neuhofen.at\/index.php?rest_route=%2Fwp%2Fv2%2Ftags&post=1597800"}],"curies":[{"name":"wp","href":"https:\/\/api.w.org\/{rel}","templated":true}]}}