{"id":21188,"date":"2018-05-31T00:00:14","date_gmt":"2018-05-30T23:00:14","guid":{"rendered":"http:\/\/www.karate-neuhofen.at\/?p=21188"},"modified":"2018-06-09T06:44:28","modified_gmt":"2018-06-09T05:44:28","slug":"trainingslager-in-gnas-2018","status":"publish","type":"post","link":"http:\/\/www.karate-neuhofen.at\/?p=21188","title":{"rendered":"Trainingslager in Gnas 2018"},"content":{"rendered":"<p>93 Neuhofener Seibukaner in Gnas\/Steiermark. Ein gro\u00dfes Dankesch\u00f6n f\u00fcr die sch\u00f6ne Zeit an die Sensei\u00b4s Ursula Porkert, Samad Azadi, Thomas Kaserer UND nat\u00fcrlich an DIESE wahnsinns Seibukan Familie !!!<\/p><!-- index.php -->\n<div\n\tclass=\"ngg-galleryoverview ngg-ajax-pagination-none\"\n\tid=\"ngg-gallery-5a0da7a1340930de18337e8275bb6594-1\">\n\n    \t<div class=\"slideshowlink\">\n        <a href='http:\/\/www.karate-neuhofen.at\/index.php\/nggallery\/slideshow?p=21188'>[Zeige eine Slideshow]<\/a>\n\t\t\n\t<\/div>\n\t\t\t<!-- Thumbnails -->\n\t\t\t\t<div id=\"ngg-image-0\" class=\"ngg-gallery-thumbnail-box\" >\n\t\t\t\t        <div class=\"ngg-gallery-thumbnail\">\n            <a href=\"http:\/\/www.karate-neuhofen.at\/wp-content\/gallery\/trainingslager-gnas-2018\/Gans2018101.jpg\"\n               title=\"\"\n               data-src=\"http:\/\/www.karate-neuhofen.at\/wp-content\/gallery\/trainingslager-gnas-2018\/Gans2018101.jpg\"\n               data-thumbnail=\"http:\/\/www.karate-neuhofen.at\/wp-content\/gallery\/trainingslager-gnas-2018\/thumbs\/thumbs_Gans2018101.jpg\"\n               data-image-id=\"18853\"\n               data-title=\"Gans2018(101)\"\n               data-description=\"\"\n               data-image-slug=\"gans2018101\"\n               class=\"shutterset_5a0da7a1340930de18337e8275bb6594\">\n                <img\n                    title=\"Gans2018(101)\"\n                    alt=\"Gans2018(101)\"\n                    src=\"http:\/\/www.karate-neuhofen.at\/wp-content\/gallery\/trainingslager-gnas-2018\/thumbs\/thumbs_Gans2018101.jpg\"\n                    width=\"240\"\n                    height=\"160\"\n                    style=\"max-width:100%;\"\n                \/>\n            <\/a>\n        <\/div>\n\t\t\t\t\t\t\t<\/div> \n\t\t\t\n        \n\t\t\t\t<div id=\"ngg-image-1\" class=\"ngg-gallery-thumbnail-box\" >\n\t\t\t\t        <div class=\"ngg-gallery-thumbnail\">\n            <a href=\"http:\/\/www.karate-neuhofen.at\/wp-content\/gallery\/trainingslager-gnas-2018\/Gans2018102.jpg\"\n               title=\"\"\n               data-src=\"http:\/\/www.karate-neuhofen.at\/wp-content\/gallery\/trainingslager-gnas-2018\/Gans2018102.jpg\"\n               data-thumbnail=\"http:\/\/www.karate-neuhofen.at\/wp-content\/gallery\/trainingslager-gnas-2018\/thumbs\/thumbs_Gans2018102.jpg\"\n               data-image-id=\"18854\"\n               data-title=\"Gans2018(102)\"\n               data-description=\"\"\n               data-image-slug=\"gans2018102\"\n               class=\"shutterset_5a0da7a1340930de18337e8275bb6594\">\n                <img\n                    title=\"Gans2018(102)\"\n                    alt=\"Gans2018(102)\"\n                    src=\"http:\/\/www.karate-neuhofen.at\/wp-content\/gallery\/trainingslager-gnas-2018\/thumbs\/thumbs_Gans2018102.jpg\"\n                    width=\"240\"\n                    height=\"160\"\n                    style=\"max-width:100%;\"\n                \/>\n            <\/a>\n        <\/div>\n\t\t\t\t\t\t\t<\/div> \n\t\t\t\n        \n\t\t\t\t<div id=\"ngg-image-2\" class=\"ngg-gallery-thumbnail-box\" >\n\t\t\t\t        <div class=\"ngg-gallery-thumbnail\">\n            <a href=\"http:\/\/www.karate-neuhofen.at\/wp-content\/gallery\/trainingslager-gnas-2018\/Gans2018103.JPG\"\n               title=\"\"\n               data-src=\"http:\/\/www.karate-neuhofen.at\/wp-content\/gallery\/trainingslager-gnas-2018\/Gans2018103.JPG\"\n               data-thumbnail=\"http:\/\/www.karate-neuhofen.at\/wp-content\/gallery\/trainingslager-gnas-2018\/thumbs\/thumbs_Gans2018103.JPG\"\n               data-image-id=\"18855\"\n               data-title=\"Gans2018(103)\"\n               data-description=\"\"\n               data-image-slug=\"gans2018103\"\n               class=\"shutterset_5a0da7a1340930de18337e8275bb6594\">\n                <img\n                    title=\"Gans2018(103)\"\n                    alt=\"Gans2018(103)\"\n                    src=\"http:\/\/www.karate-neuhofen.at\/wp-content\/gallery\/trainingslager-gnas-2018\/thumbs\/thumbs_Gans2018103.JPG\"\n                    width=\"240\"\n                    height=\"160\"\n                    style=\"max-width:100%;\"\n                \/>\n            <\/a>\n        <\/div>\n\t\t\t\t\t\t\t<\/div> \n\t\t\t\n        \n\t\t\t\t<div id=\"ngg-image-3\" class=\"ngg-gallery-thumbnail-box\" >\n\t\t\t\t        <div class=\"ngg-gallery-thumbnail\">\n            <a href=\"http:\/\/www.karate-neuhofen.at\/wp-content\/gallery\/trainingslager-gnas-2018\/Gans2018104.JPG\"\n               title=\"\"\n               data-src=\"http:\/\/www.karate-neuhofen.at\/wp-content\/gallery\/trainingslager-gnas-2018\/Gans2018104.JPG\"\n               data-thumbnail=\"http:\/\/www.karate-neuhofen.at\/wp-content\/gallery\/trainingslager-gnas-2018\/thumbs\/thumbs_Gans2018104.JPG\"\n               data-image-id=\"18856\"\n               data-title=\"Gans2018(104)\"\n               data-description=\"\"\n               data-image-slug=\"gans2018104\"\n               class=\"shutterset_5a0da7a1340930de18337e8275bb6594\">\n                <img\n                    title=\"Gans2018(104)\"\n                    alt=\"Gans2018(104)\"\n                    src=\"http:\/\/www.karate-neuhofen.at\/wp-content\/gallery\/trainingslager-gnas-2018\/thumbs\/thumbs_Gans2018104.JPG\"\n                    width=\"240\"\n                    height=\"160\"\n                    style=\"max-width:100%;\"\n                \/>\n            <\/a>\n        <\/div>\n\t\t\t\t\t\t\t<\/div> \n\t\t\t\n        \n\t\t\t\t<div id=\"ngg-image-4\" class=\"ngg-gallery-thumbnail-box\" >\n\t\t\t\t        <div class=\"ngg-gallery-thumbnail\">\n            <a href=\"http:\/\/www.karate-neuhofen.at\/wp-content\/gallery\/trainingslager-gnas-2018\/Gans2018105.JPG\"\n               title=\"\"\n               data-src=\"http:\/\/www.karate-neuhofen.at\/wp-content\/gallery\/trainingslager-gnas-2018\/Gans2018105.JPG\"\n               data-thumbnail=\"http:\/\/www.karate-neuhofen.at\/wp-content\/gallery\/trainingslager-gnas-2018\/thumbs\/thumbs_Gans2018105.JPG\"\n               data-image-id=\"18857\"\n               data-title=\"Gans2018(105)\"\n               data-description=\"\"\n               data-image-slug=\"gans2018105\"\n               class=\"shutterset_5a0da7a1340930de18337e8275bb6594\">\n                <img\n                    title=\"Gans2018(105)\"\n                    alt=\"Gans2018(105)\"\n                    src=\"http:\/\/www.karate-neuhofen.at\/wp-content\/gallery\/trainingslager-gnas-2018\/thumbs\/thumbs_Gans2018105.JPG\"\n                    width=\"240\"\n                    height=\"160\"\n                    style=\"max-width:100%;\"\n                \/>\n            <\/a>\n        <\/div>\n\t\t\t\t\t\t\t<\/div> \n\t\t\t\n        \n\t\t\t\t<div id=\"ngg-image-5\" class=\"ngg-gallery-thumbnail-box\" >\n\t\t\t\t        <div class=\"ngg-gallery-thumbnail\">\n            <a href=\"http:\/\/www.karate-neuhofen.at\/wp-content\/gallery\/trainingslager-gnas-2018\/Gans2018106.JPG\"\n               title=\"\"\n               data-src=\"http:\/\/www.karate-neuhofen.at\/wp-content\/gallery\/trainingslager-gnas-2018\/Gans2018106.JPG\"\n               data-thumbnail=\"http:\/\/www.karate-neuhofen.at\/wp-content\/gallery\/trainingslager-gnas-2018\/thumbs\/thumbs_Gans2018106.JPG\"\n               data-image-id=\"18858\"\n               data-title=\"Gans2018(106)\"\n               data-description=\"\"\n               data-image-slug=\"gans2018106\"\n               class=\"shutterset_5a0da7a1340930de18337e8275bb6594\">\n                <img\n                    title=\"Gans2018(106)\"\n                    alt=\"Gans2018(106)\"\n                    src=\"http:\/\/www.karate-neuhofen.at\/wp-content\/gallery\/trainingslager-gnas-2018\/thumbs\/thumbs_Gans2018106.JPG\"\n                    width=\"240\"\n                    height=\"160\"\n                    style=\"max-width:100%;\"\n                \/>\n            <\/a>\n        <\/div>\n\t\t\t\t\t\t\t<\/div> \n\t\t\t\n        \n\t\t\t\t<div id=\"ngg-image-6\" class=\"ngg-gallery-thumbnail-box\" >\n\t\t\t\t        <div class=\"ngg-gallery-thumbnail\">\n            <a href=\"http:\/\/www.karate-neuhofen.at\/wp-content\/gallery\/trainingslager-gnas-2018\/Gans2018107.JPG\"\n               title=\"\"\n               data-src=\"http:\/\/www.karate-neuhofen.at\/wp-content\/gallery\/trainingslager-gnas-2018\/Gans2018107.JPG\"\n               data-thumbnail=\"http:\/\/www.karate-neuhofen.at\/wp-content\/gallery\/trainingslager-gnas-2018\/thumbs\/thumbs_Gans2018107.JPG\"\n               data-image-id=\"18859\"\n               data-title=\"Gans2018(107)\"\n               data-description=\"\"\n               data-image-slug=\"gans2018107\"\n               class=\"shutterset_5a0da7a1340930de18337e8275bb6594\">\n                <img\n                    title=\"Gans2018(107)\"\n                    alt=\"Gans2018(107)\"\n                    src=\"http:\/\/www.karate-neuhofen.at\/wp-content\/gallery\/trainingslager-gnas-2018\/thumbs\/thumbs_Gans2018107.JPG\"\n                    width=\"240\"\n                    height=\"160\"\n                    style=\"max-width:100%;\"\n                \/>\n            <\/a>\n        <\/div>\n\t\t\t\t\t\t\t<\/div> \n\t\t\t\n        \n\t\t\t\t<div id=\"ngg-image-7\" class=\"ngg-gallery-thumbnail-box\" >\n\t\t\t\t        <div class=\"ngg-gallery-thumbnail\">\n            <a href=\"http:\/\/www.karate-neuhofen.at\/wp-content\/gallery\/trainingslager-gnas-2018\/Gans2018108.jpg\"\n               title=\"\"\n               data-src=\"http:\/\/www.karate-neuhofen.at\/wp-content\/gallery\/trainingslager-gnas-2018\/Gans2018108.jpg\"\n               data-thumbnail=\"http:\/\/www.karate-neuhofen.at\/wp-content\/gallery\/trainingslager-gnas-2018\/thumbs\/thumbs_Gans2018108.jpg\"\n               data-image-id=\"18860\"\n               data-title=\"Gans2018(108)\"\n               data-description=\"\"\n               data-image-slug=\"gans2018108\"\n               class=\"shutterset_5a0da7a1340930de18337e8275bb6594\">\n                <img\n                    title=\"Gans2018(108)\"\n                    alt=\"Gans2018(108)\"\n                    src=\"http:\/\/www.karate-neuhofen.at\/wp-content\/gallery\/trainingslager-gnas-2018\/thumbs\/thumbs_Gans2018108.jpg\"\n                    width=\"240\"\n                    height=\"160\"\n                    style=\"max-width:100%;\"\n                \/>\n            <\/a>\n        <\/div>\n\t\t\t\t\t\t\t<\/div> \n\t\t\t\n        \n\t\t\t\t<div id=\"ngg-image-8\" class=\"ngg-gallery-thumbnail-box\" >\n\t\t\t\t        <div class=\"ngg-gallery-thumbnail\">\n            <a href=\"http:\/\/www.karate-neuhofen.at\/wp-content\/gallery\/trainingslager-gnas-2018\/Gans2018109.JPG\"\n               title=\"\"\n               data-src=\"http:\/\/www.karate-neuhofen.at\/wp-content\/gallery\/trainingslager-gnas-2018\/Gans2018109.JPG\"\n               data-thumbnail=\"http:\/\/www.karate-neuhofen.at\/wp-content\/gallery\/trainingslager-gnas-2018\/thumbs\/thumbs_Gans2018109.JPG\"\n               data-image-id=\"18861\"\n               data-title=\"Gans2018(109)\"\n               data-description=\"\"\n               data-image-slug=\"gans2018109\"\n               class=\"shutterset_5a0da7a1340930de18337e8275bb6594\">\n                <img\n                    title=\"Gans2018(109)\"\n                    alt=\"Gans2018(109)\"\n                    src=\"http:\/\/www.karate-neuhofen.at\/wp-content\/gallery\/trainingslager-gnas-2018\/thumbs\/thumbs_Gans2018109.JPG\"\n                    width=\"240\"\n                    height=\"160\"\n                    style=\"max-width:100%;\"\n                \/>\n            <\/a>\n        <\/div>\n\t\t\t\t\t\t\t<\/div> \n\t\t\t\n        \n\t\t\t\t<div id=\"ngg-image-9\" class=\"ngg-gallery-thumbnail-box\" >\n\t\t\t\t        <div class=\"ngg-gallery-thumbnail\">\n            <a href=\"http:\/\/www.karate-neuhofen.at\/wp-content\/gallery\/trainingslager-gnas-2018\/Gans2018110.JPG\"\n               title=\"\"\n               data-src=\"http:\/\/www.karate-neuhofen.at\/wp-content\/gallery\/trainingslager-gnas-2018\/Gans2018110.JPG\"\n               data-thumbnail=\"http:\/\/www.karate-neuhofen.at\/wp-content\/gallery\/trainingslager-gnas-2018\/thumbs\/thumbs_Gans2018110.JPG\"\n               data-image-id=\"18862\"\n               data-title=\"Gans2018(110)\"\n               data-description=\"\"\n               data-image-slug=\"gans2018110\"\n               class=\"shutterset_5a0da7a1340930de18337e8275bb6594\">\n                <img\n                    title=\"Gans2018(110)\"\n                    alt=\"Gans2018(110)\"\n                    src=\"http:\/\/www.karate-neuhofen.at\/wp-content\/gallery\/trainingslager-gnas-2018\/thumbs\/thumbs_Gans2018110.JPG\"\n                    width=\"240\"\n                    height=\"160\"\n                    style=\"max-width:100%;\"\n                \/>\n            <\/a>\n        <\/div>\n\t\t\t\t\t\t\t<\/div> \n\t\t\t\n        \n\t\t\t\t<div id=\"ngg-image-10\" class=\"ngg-gallery-thumbnail-box\" >\n\t\t\t\t        <div class=\"ngg-gallery-thumbnail\">\n            <a href=\"http:\/\/www.karate-neuhofen.at\/wp-content\/gallery\/trainingslager-gnas-2018\/Gans2018111.JPG\"\n               title=\"\"\n               data-src=\"http:\/\/www.karate-neuhofen.at\/wp-content\/gallery\/trainingslager-gnas-2018\/Gans2018111.JPG\"\n               data-thumbnail=\"http:\/\/www.karate-neuhofen.at\/wp-content\/gallery\/trainingslager-gnas-2018\/thumbs\/thumbs_Gans2018111.JPG\"\n               data-image-id=\"18863\"\n               data-title=\"Gans2018(111)\"\n               data-description=\"\"\n               data-image-slug=\"gans2018111\"\n               class=\"shutterset_5a0da7a1340930de18337e8275bb6594\">\n                <img\n                    title=\"Gans2018(111)\"\n                    alt=\"Gans2018(111)\"\n                    src=\"http:\/\/www.karate-neuhofen.at\/wp-content\/gallery\/trainingslager-gnas-2018\/thumbs\/thumbs_Gans2018111.JPG\"\n                    width=\"240\"\n                    height=\"160\"\n                    style=\"max-width:100%;\"\n                \/>\n            <\/a>\n        <\/div>\n\t\t\t\t\t\t\t<\/div> \n\t\t\t\n        \n\t\t\t\t<div id=\"ngg-image-11\" class=\"ngg-gallery-thumbnail-box\" >\n\t\t\t\t        <div class=\"ngg-gallery-thumbnail\">\n            <a href=\"http:\/\/www.karate-neuhofen.at\/wp-content\/gallery\/trainingslager-gnas-2018\/Gans2018112.JPG\"\n               title=\"\"\n               data-src=\"http:\/\/www.karate-neuhofen.at\/wp-content\/gallery\/trainingslager-gnas-2018\/Gans2018112.JPG\"\n               data-thumbnail=\"http:\/\/www.karate-neuhofen.at\/wp-content\/gallery\/trainingslager-gnas-2018\/thumbs\/thumbs_Gans2018112.JPG\"\n               data-image-id=\"18864\"\n               data-title=\"Gans2018(112)\"\n               data-description=\"\"\n               data-image-slug=\"gans2018112\"\n               class=\"shutterset_5a0da7a1340930de18337e8275bb6594\">\n                <img\n                    title=\"Gans2018(112)\"\n                    alt=\"Gans2018(112)\"\n                    src=\"http:\/\/www.karate-neuhofen.at\/wp-content\/gallery\/trainingslager-gnas-2018\/thumbs\/thumbs_Gans2018112.JPG\"\n                    width=\"240\"\n                    height=\"160\"\n                    style=\"max-width:100%;\"\n                \/>\n            <\/a>\n        <\/div>\n\t\t\t\t\t\t\t<\/div> \n\t\t\t\n        \n\t\t\t\t<div id=\"ngg-image-12\" class=\"ngg-gallery-thumbnail-box\" >\n\t\t\t\t        <div class=\"ngg-gallery-thumbnail\">\n            <a href=\"http:\/\/www.karate-neuhofen.at\/wp-content\/gallery\/trainingslager-gnas-2018\/Gans2018113.JPG\"\n               title=\"\"\n               data-src=\"http:\/\/www.karate-neuhofen.at\/wp-content\/gallery\/trainingslager-gnas-2018\/Gans2018113.JPG\"\n               data-thumbnail=\"http:\/\/www.karate-neuhofen.at\/wp-content\/gallery\/trainingslager-gnas-2018\/thumbs\/thumbs_Gans2018113.JPG\"\n               data-image-id=\"18865\"\n               data-title=\"Gans2018(113)\"\n               data-description=\"\"\n               data-image-slug=\"gans2018113\"\n               class=\"shutterset_5a0da7a1340930de18337e8275bb6594\">\n                <img\n                    title=\"Gans2018(113)\"\n                    alt=\"Gans2018(113)\"\n                    src=\"http:\/\/www.karate-neuhofen.at\/wp-content\/gallery\/trainingslager-gnas-2018\/thumbs\/thumbs_Gans2018113.JPG\"\n                    width=\"240\"\n                    height=\"160\"\n                    style=\"max-width:100%;\"\n                \/>\n            <\/a>\n        <\/div>\n\t\t\t\t\t\t\t<\/div> \n\t\t\t\n        \n\t\t\t\t<div id=\"ngg-image-13\" class=\"ngg-gallery-thumbnail-box\" >\n\t\t\t\t        <div class=\"ngg-gallery-thumbnail\">\n            <a href=\"http:\/\/www.karate-neuhofen.at\/wp-content\/gallery\/trainingslager-gnas-2018\/Gans2018114.JPG\"\n               title=\"\"\n               data-src=\"http:\/\/www.karate-neuhofen.at\/wp-content\/gallery\/trainingslager-gnas-2018\/Gans2018114.JPG\"\n               data-thumbnail=\"http:\/\/www.karate-neuhofen.at\/wp-content\/gallery\/trainingslager-gnas-2018\/thumbs\/thumbs_Gans2018114.JPG\"\n               data-image-id=\"18866\"\n               data-title=\"Gans2018(114)\"\n               data-description=\"\"\n               data-image-slug=\"gans2018114\"\n               class=\"shutterset_5a0da7a1340930de18337e8275bb6594\">\n                <img\n                    title=\"Gans2018(114)\"\n                    alt=\"Gans2018(114)\"\n                    src=\"http:\/\/www.karate-neuhofen.at\/wp-content\/gallery\/trainingslager-gnas-2018\/thumbs\/thumbs_Gans2018114.JPG\"\n                    width=\"240\"\n                    height=\"160\"\n                    style=\"max-width:100%;\"\n                \/>\n            <\/a>\n        <\/div>\n\t\t\t\t\t\t\t<\/div> \n\t\t\t\n        \n\t\t\t\t<div id=\"ngg-image-14\" class=\"ngg-gallery-thumbnail-box\" >\n\t\t\t\t        <div class=\"ngg-gallery-thumbnail\">\n            <a href=\"http:\/\/www.karate-neuhofen.at\/wp-content\/gallery\/trainingslager-gnas-2018\/Gans2018115.JPG\"\n               title=\"\"\n               data-src=\"http:\/\/www.karate-neuhofen.at\/wp-content\/gallery\/trainingslager-gnas-2018\/Gans2018115.JPG\"\n               data-thumbnail=\"http:\/\/www.karate-neuhofen.at\/wp-content\/gallery\/trainingslager-gnas-2018\/thumbs\/thumbs_Gans2018115.JPG\"\n               data-image-id=\"18867\"\n               data-title=\"Gans2018(115)\"\n               data-description=\"\"\n               data-image-slug=\"gans2018115\"\n               class=\"shutterset_5a0da7a1340930de18337e8275bb6594\">\n                <img\n                    title=\"Gans2018(115)\"\n                    alt=\"Gans2018(115)\"\n                    src=\"http:\/\/www.karate-neuhofen.at\/wp-content\/gallery\/trainingslager-gnas-2018\/thumbs\/thumbs_Gans2018115.JPG\"\n                    width=\"240\"\n                    height=\"160\"\n                    style=\"max-width:100%;\"\n                \/>\n            <\/a>\n        <\/div>\n\t\t\t\t\t\t\t<\/div> \n\t\t\t\n        \n\t\t\t\t<div id=\"ngg-image-15\" class=\"ngg-gallery-thumbnail-box\" >\n\t\t\t\t        <div class=\"ngg-gallery-thumbnail\">\n            <a href=\"http:\/\/www.karate-neuhofen.at\/wp-content\/gallery\/trainingslager-gnas-2018\/Gans2018116.JPG\"\n               title=\"\"\n               data-src=\"http:\/\/www.karate-neuhofen.at\/wp-content\/gallery\/trainingslager-gnas-2018\/Gans2018116.JPG\"\n               data-thumbnail=\"http:\/\/www.karate-neuhofen.at\/wp-content\/gallery\/trainingslager-gnas-2018\/thumbs\/thumbs_Gans2018116.JPG\"\n               data-image-id=\"18868\"\n               data-title=\"Gans2018(116)\"\n               data-description=\"\"\n               data-image-slug=\"gans2018116\"\n               class=\"shutterset_5a0da7a1340930de18337e8275bb6594\">\n                <img\n                    title=\"Gans2018(116)\"\n                    alt=\"Gans2018(116)\"\n                    src=\"http:\/\/www.karate-neuhofen.at\/wp-content\/gallery\/trainingslager-gnas-2018\/thumbs\/thumbs_Gans2018116.JPG\"\n                    width=\"240\"\n                    height=\"160\"\n                    style=\"max-width:100%;\"\n                \/>\n            <\/a>\n        <\/div>\n\t\t\t\t\t\t\t<\/div> \n\t\t\t\n        \n\t\t\t\t<div id=\"ngg-image-16\" class=\"ngg-gallery-thumbnail-box\" >\n\t\t\t\t        <div class=\"ngg-gallery-thumbnail\">\n            <a href=\"http:\/\/www.karate-neuhofen.at\/wp-content\/gallery\/trainingslager-gnas-2018\/Gans2018117.JPG\"\n               title=\"\"\n               data-src=\"http:\/\/www.karate-neuhofen.at\/wp-content\/gallery\/trainingslager-gnas-2018\/Gans2018117.JPG\"\n               data-thumbnail=\"http:\/\/www.karate-neuhofen.at\/wp-content\/gallery\/trainingslager-gnas-2018\/thumbs\/thumbs_Gans2018117.JPG\"\n               data-image-id=\"18869\"\n               data-title=\"Gans2018(117)\"\n               data-description=\"\"\n               data-image-slug=\"gans2018117\"\n               class=\"shutterset_5a0da7a1340930de18337e8275bb6594\">\n                <img\n                    title=\"Gans2018(117)\"\n                    alt=\"Gans2018(117)\"\n                    src=\"http:\/\/www.karate-neuhofen.at\/wp-content\/gallery\/trainingslager-gnas-2018\/thumbs\/thumbs_Gans2018117.JPG\"\n                    width=\"240\"\n                    height=\"160\"\n                    style=\"max-width:100%;\"\n                \/>\n            <\/a>\n        <\/div>\n\t\t\t\t\t\t\t<\/div> \n\t\t\t\n        \n\t\t\t\t<div id=\"ngg-image-17\" class=\"ngg-gallery-thumbnail-box\" >\n\t\t\t\t        <div class=\"ngg-gallery-thumbnail\">\n            <a href=\"http:\/\/www.karate-neuhofen.at\/wp-content\/gallery\/trainingslager-gnas-2018\/Gans2018118.JPG\"\n               title=\"\"\n               data-src=\"http:\/\/www.karate-neuhofen.at\/wp-content\/gallery\/trainingslager-gnas-2018\/Gans2018118.JPG\"\n               data-thumbnail=\"http:\/\/www.karate-neuhofen.at\/wp-content\/gallery\/trainingslager-gnas-2018\/thumbs\/thumbs_Gans2018118.JPG\"\n               data-image-id=\"18870\"\n               data-title=\"Gans2018(118)\"\n               data-description=\"\"\n               data-image-slug=\"gans2018118\"\n               class=\"shutterset_5a0da7a1340930de18337e8275bb6594\">\n                <img\n                    title=\"Gans2018(118)\"\n                    alt=\"Gans2018(118)\"\n                    src=\"http:\/\/www.karate-neuhofen.at\/wp-content\/gallery\/trainingslager-gnas-2018\/thumbs\/thumbs_Gans2018118.JPG\"\n                    width=\"240\"\n                    height=\"160\"\n                    style=\"max-width:100%;\"\n                \/>\n            <\/a>\n        <\/div>\n\t\t\t\t\t\t\t<\/div> \n\t\t\t\n        \n\t\t\t\t<div id=\"ngg-image-18\" class=\"ngg-gallery-thumbnail-box\" >\n\t\t\t\t        <div class=\"ngg-gallery-thumbnail\">\n            <a href=\"http:\/\/www.karate-neuhofen.at\/wp-content\/gallery\/trainingslager-gnas-2018\/Gans2018119.JPG\"\n               title=\"\"\n               data-src=\"http:\/\/www.karate-neuhofen.at\/wp-content\/gallery\/trainingslager-gnas-2018\/Gans2018119.JPG\"\n               data-thumbnail=\"http:\/\/www.karate-neuhofen.at\/wp-content\/gallery\/trainingslager-gnas-2018\/thumbs\/thumbs_Gans2018119.JPG\"\n               data-image-id=\"18871\"\n               data-title=\"Gans2018(119)\"\n               data-description=\"\"\n               data-image-slug=\"gans2018119\"\n               class=\"shutterset_5a0da7a1340930de18337e8275bb6594\">\n                <img\n                    title=\"Gans2018(119)\"\n                    alt=\"Gans2018(119)\"\n                    src=\"http:\/\/www.karate-neuhofen.at\/wp-content\/gallery\/trainingslager-gnas-2018\/thumbs\/thumbs_Gans2018119.JPG\"\n                    width=\"240\"\n                    height=\"160\"\n                    style=\"max-width:100%;\"\n                \/>\n            <\/a>\n        <\/div>\n\t\t\t\t\t\t\t<\/div> \n\t\t\t\n        \n\t\t\t\t<div id=\"ngg-image-19\" class=\"ngg-gallery-thumbnail-box\" >\n\t\t\t\t        <div class=\"ngg-gallery-thumbnail\">\n            <a href=\"http:\/\/www.karate-neuhofen.at\/wp-content\/gallery\/trainingslager-gnas-2018\/Gans2018120.JPG\"\n               title=\"\"\n               data-src=\"http:\/\/www.karate-neuhofen.at\/wp-content\/gallery\/trainingslager-gnas-2018\/Gans2018120.JPG\"\n               data-thumbnail=\"http:\/\/www.karate-neuhofen.at\/wp-content\/gallery\/trainingslager-gnas-2018\/thumbs\/thumbs_Gans2018120.JPG\"\n               data-image-id=\"18872\"\n               data-title=\"Gans2018(120)\"\n               data-description=\"\"\n               data-image-slug=\"gans2018120\"\n               class=\"shutterset_5a0da7a1340930de18337e8275bb6594\">\n                <img\n                    title=\"Gans2018(120)\"\n                    alt=\"Gans2018(120)\"\n                    src=\"http:\/\/www.karate-neuhofen.at\/wp-content\/gallery\/trainingslager-gnas-2018\/thumbs\/thumbs_Gans2018120.JPG\"\n                    width=\"240\"\n                    height=\"160\"\n                    style=\"max-width:100%;\"\n                \/>\n            <\/a>\n        <\/div>\n\t\t\t\t\t\t\t<\/div> \n\t\t\t\n        \n\t\t\t\t<div id=\"ngg-image-20\" class=\"ngg-gallery-thumbnail-box\" >\n\t\t\t\t        <div class=\"ngg-gallery-thumbnail\">\n            <a href=\"http:\/\/www.karate-neuhofen.at\/wp-content\/gallery\/trainingslager-gnas-2018\/Gans2018121.JPG\"\n               title=\"\"\n               data-src=\"http:\/\/www.karate-neuhofen.at\/wp-content\/gallery\/trainingslager-gnas-2018\/Gans2018121.JPG\"\n               data-thumbnail=\"http:\/\/www.karate-neuhofen.at\/wp-content\/gallery\/trainingslager-gnas-2018\/thumbs\/thumbs_Gans2018121.JPG\"\n               data-image-id=\"18873\"\n               data-title=\"Gans2018(121)\"\n               data-description=\"\"\n               data-image-slug=\"gans2018121\"\n               class=\"shutterset_5a0da7a1340930de18337e8275bb6594\">\n                <img\n                    title=\"Gans2018(121)\"\n                    alt=\"Gans2018(121)\"\n                    src=\"http:\/\/www.karate-neuhofen.at\/wp-content\/gallery\/trainingslager-gnas-2018\/thumbs\/thumbs_Gans2018121.JPG\"\n                    width=\"240\"\n                    height=\"160\"\n                    style=\"max-width:100%;\"\n                \/>\n            <\/a>\n        <\/div>\n\t\t\t\t\t\t\t<\/div> \n\t\t\t\n        \n\t\t\t\t<div id=\"ngg-image-21\" class=\"ngg-gallery-thumbnail-box\" >\n\t\t\t\t        <div class=\"ngg-gallery-thumbnail\">\n            <a href=\"http:\/\/www.karate-neuhofen.at\/wp-content\/gallery\/trainingslager-gnas-2018\/Gans2018122.JPG\"\n               title=\"\"\n               data-src=\"http:\/\/www.karate-neuhofen.at\/wp-content\/gallery\/trainingslager-gnas-2018\/Gans2018122.JPG\"\n               data-thumbnail=\"http:\/\/www.karate-neuhofen.at\/wp-content\/gallery\/trainingslager-gnas-2018\/thumbs\/thumbs_Gans2018122.JPG\"\n               data-image-id=\"18874\"\n               data-title=\"Gans2018(122)\"\n               data-description=\"\"\n               data-image-slug=\"gans2018122\"\n               class=\"shutterset_5a0da7a1340930de18337e8275bb6594\">\n                <img\n                    title=\"Gans2018(122)\"\n                    alt=\"Gans2018(122)\"\n                    src=\"http:\/\/www.karate-neuhofen.at\/wp-content\/gallery\/trainingslager-gnas-2018\/thumbs\/thumbs_Gans2018122.JPG\"\n                    width=\"240\"\n                    height=\"160\"\n                    style=\"max-width:100%;\"\n                \/>\n            <\/a>\n        <\/div>\n\t\t\t\t\t\t\t<\/div> \n\t\t\t\n        \n\t\t\t\t<div id=\"ngg-image-22\" class=\"ngg-gallery-thumbnail-box\" >\n\t\t\t\t        <div class=\"ngg-gallery-thumbnail\">\n            <a href=\"http:\/\/www.karate-neuhofen.at\/wp-content\/gallery\/trainingslager-gnas-2018\/Gans2018123.JPG\"\n               title=\"\"\n               data-src=\"http:\/\/www.karate-neuhofen.at\/wp-content\/gallery\/trainingslager-gnas-2018\/Gans2018123.JPG\"\n               data-thumbnail=\"http:\/\/www.karate-neuhofen.at\/wp-content\/gallery\/trainingslager-gnas-2018\/thumbs\/thumbs_Gans2018123.JPG\"\n               data-image-id=\"18875\"\n               data-title=\"Gans2018(123)\"\n               data-description=\"\"\n               data-image-slug=\"gans2018123\"\n               class=\"shutterset_5a0da7a1340930de18337e8275bb6594\">\n                <img\n                    title=\"Gans2018(123)\"\n                    alt=\"Gans2018(123)\"\n                    src=\"http:\/\/www.karate-neuhofen.at\/wp-content\/gallery\/trainingslager-gnas-2018\/thumbs\/thumbs_Gans2018123.JPG\"\n                    width=\"240\"\n                    height=\"160\"\n                    style=\"max-width:100%;\"\n                \/>\n            <\/a>\n        <\/div>\n\t\t\t\t\t\t\t<\/div> \n\t\t\t\n        \n\t\t\t\t<div id=\"ngg-image-23\" class=\"ngg-gallery-thumbnail-box\" >\n\t\t\t\t        <div class=\"ngg-gallery-thumbnail\">\n            <a href=\"http:\/\/www.karate-neuhofen.at\/wp-content\/gallery\/trainingslager-gnas-2018\/Gans2018124.JPG\"\n               title=\"\"\n               data-src=\"http:\/\/www.karate-neuhofen.at\/wp-content\/gallery\/trainingslager-gnas-2018\/Gans2018124.JPG\"\n               data-thumbnail=\"http:\/\/www.karate-neuhofen.at\/wp-content\/gallery\/trainingslager-gnas-2018\/thumbs\/thumbs_Gans2018124.JPG\"\n               data-image-id=\"18876\"\n               data-title=\"Gans2018(124)\"\n               data-description=\"\"\n               data-image-slug=\"gans2018124\"\n               class=\"shutterset_5a0da7a1340930de18337e8275bb6594\">\n                <img\n                    title=\"Gans2018(124)\"\n                    alt=\"Gans2018(124)\"\n                    src=\"http:\/\/www.karate-neuhofen.at\/wp-content\/gallery\/trainingslager-gnas-2018\/thumbs\/thumbs_Gans2018124.JPG\"\n                    width=\"240\"\n                    height=\"160\"\n                    style=\"max-width:100%;\"\n                \/>\n            <\/a>\n        <\/div>\n\t\t\t\t\t\t\t<\/div> \n\t\t\t\n        \n\t\t\t\t<div id=\"ngg-image-24\" class=\"ngg-gallery-thumbnail-box\" >\n\t\t\t\t        <div class=\"ngg-gallery-thumbnail\">\n            <a href=\"http:\/\/www.karate-neuhofen.at\/wp-content\/gallery\/trainingslager-gnas-2018\/Gans2018125.JPG\"\n               title=\"\"\n               data-src=\"http:\/\/www.karate-neuhofen.at\/wp-content\/gallery\/trainingslager-gnas-2018\/Gans2018125.JPG\"\n               data-thumbnail=\"http:\/\/www.karate-neuhofen.at\/wp-content\/gallery\/trainingslager-gnas-2018\/thumbs\/thumbs_Gans2018125.JPG\"\n               data-image-id=\"18877\"\n               data-title=\"Gans2018(125)\"\n               data-description=\"\"\n               data-image-slug=\"gans2018125\"\n               class=\"shutterset_5a0da7a1340930de18337e8275bb6594\">\n                <img\n                    title=\"Gans2018(125)\"\n                    alt=\"Gans2018(125)\"\n                    src=\"http:\/\/www.karate-neuhofen.at\/wp-content\/gallery\/trainingslager-gnas-2018\/thumbs\/thumbs_Gans2018125.JPG\"\n                    width=\"240\"\n                    height=\"160\"\n                    style=\"max-width:100%;\"\n                \/>\n            <\/a>\n        <\/div>\n\t\t\t\t\t\t\t<\/div> \n\t\t\t\n        \n\t\t\t\t<div id=\"ngg-image-25\" class=\"ngg-gallery-thumbnail-box\" >\n\t\t\t\t        <div class=\"ngg-gallery-thumbnail\">\n            <a href=\"http:\/\/www.karate-neuhofen.at\/wp-content\/gallery\/trainingslager-gnas-2018\/Gans2018126.JPG\"\n               title=\"\"\n               data-src=\"http:\/\/www.karate-neuhofen.at\/wp-content\/gallery\/trainingslager-gnas-2018\/Gans2018126.JPG\"\n               data-thumbnail=\"http:\/\/www.karate-neuhofen.at\/wp-content\/gallery\/trainingslager-gnas-2018\/thumbs\/thumbs_Gans2018126.JPG\"\n               data-image-id=\"18878\"\n               data-title=\"Gans2018(126)\"\n               data-description=\"\"\n               data-image-slug=\"gans2018126\"\n               class=\"shutterset_5a0da7a1340930de18337e8275bb6594\">\n                <img\n                    title=\"Gans2018(126)\"\n                    alt=\"Gans2018(126)\"\n                    src=\"http:\/\/www.karate-neuhofen.at\/wp-content\/gallery\/trainingslager-gnas-2018\/thumbs\/thumbs_Gans2018126.JPG\"\n                    width=\"240\"\n                    height=\"160\"\n                    style=\"max-width:100%;\"\n                \/>\n            <\/a>\n        <\/div>\n\t\t\t\t\t\t\t<\/div> \n\t\t\t\n        \n\t\t\t\t<div id=\"ngg-image-26\" class=\"ngg-gallery-thumbnail-box\" >\n\t\t\t\t        <div class=\"ngg-gallery-thumbnail\">\n            <a href=\"http:\/\/www.karate-neuhofen.at\/wp-content\/gallery\/trainingslager-gnas-2018\/Gans2018127.JPG\"\n               title=\"\"\n               data-src=\"http:\/\/www.karate-neuhofen.at\/wp-content\/gallery\/trainingslager-gnas-2018\/Gans2018127.JPG\"\n               data-thumbnail=\"http:\/\/www.karate-neuhofen.at\/wp-content\/gallery\/trainingslager-gnas-2018\/thumbs\/thumbs_Gans2018127.JPG\"\n               data-image-id=\"18879\"\n               data-title=\"Gans2018(127)\"\n               data-description=\"\"\n               data-image-slug=\"gans2018127\"\n               class=\"shutterset_5a0da7a1340930de18337e8275bb6594\">\n                <img\n                    title=\"Gans2018(127)\"\n                    alt=\"Gans2018(127)\"\n                    src=\"http:\/\/www.karate-neuhofen.at\/wp-content\/gallery\/trainingslager-gnas-2018\/thumbs\/thumbs_Gans2018127.JPG\"\n                    width=\"240\"\n                    height=\"160\"\n                    style=\"max-width:100%;\"\n                \/>\n            <\/a>\n        <\/div>\n\t\t\t\t\t\t\t<\/div> \n\t\t\t\n        \n\t\t\t\t<div id=\"ngg-image-27\" class=\"ngg-gallery-thumbnail-box\" >\n\t\t\t\t        <div class=\"ngg-gallery-thumbnail\">\n            <a href=\"http:\/\/www.karate-neuhofen.at\/wp-content\/gallery\/trainingslager-gnas-2018\/Gans2018128.JPG\"\n               title=\"\"\n               data-src=\"http:\/\/www.karate-neuhofen.at\/wp-content\/gallery\/trainingslager-gnas-2018\/Gans2018128.JPG\"\n               data-thumbnail=\"http:\/\/www.karate-neuhofen.at\/wp-content\/gallery\/trainingslager-gnas-2018\/thumbs\/thumbs_Gans2018128.JPG\"\n               data-image-id=\"18880\"\n               data-title=\"Gans2018(128)\"\n               data-description=\"\"\n               data-image-slug=\"gans2018128\"\n               class=\"shutterset_5a0da7a1340930de18337e8275bb6594\">\n                <img\n                    title=\"Gans2018(128)\"\n                    alt=\"Gans2018(128)\"\n                    src=\"http:\/\/www.karate-neuhofen.at\/wp-content\/gallery\/trainingslager-gnas-2018\/thumbs\/thumbs_Gans2018128.JPG\"\n                    width=\"240\"\n                    height=\"160\"\n                    style=\"max-width:100%;\"\n                \/>\n            <\/a>\n        <\/div>\n\t\t\t\t\t\t\t<\/div> \n\t\t\t\n        \n\t\t\t\t<div id=\"ngg-image-28\" class=\"ngg-gallery-thumbnail-box\" >\n\t\t\t\t        <div class=\"ngg-gallery-thumbnail\">\n            <a href=\"http:\/\/www.karate-neuhofen.at\/wp-content\/gallery\/trainingslager-gnas-2018\/Gans2018129.JPG\"\n               title=\"\"\n               data-src=\"http:\/\/www.karate-neuhofen.at\/wp-content\/gallery\/trainingslager-gnas-2018\/Gans2018129.JPG\"\n               data-thumbnail=\"http:\/\/www.karate-neuhofen.at\/wp-content\/gallery\/trainingslager-gnas-2018\/thumbs\/thumbs_Gans2018129.JPG\"\n               data-image-id=\"18881\"\n               data-title=\"Gans2018(129)\"\n               data-description=\"\"\n               data-image-slug=\"gans2018129\"\n               class=\"shutterset_5a0da7a1340930de18337e8275bb6594\">\n                <img\n                    title=\"Gans2018(129)\"\n                    alt=\"Gans2018(129)\"\n                    src=\"http:\/\/www.karate-neuhofen.at\/wp-content\/gallery\/trainingslager-gnas-2018\/thumbs\/thumbs_Gans2018129.JPG\"\n                    width=\"240\"\n                    height=\"160\"\n                    style=\"max-width:100%;\"\n                \/>\n            <\/a>\n        <\/div>\n\t\t\t\t\t\t\t<\/div> \n\t\t\t\n        \n\t\t\t\t<div id=\"ngg-image-29\" class=\"ngg-gallery-thumbnail-box\" >\n\t\t\t\t        <div class=\"ngg-gallery-thumbnail\">\n            <a href=\"http:\/\/www.karate-neuhofen.at\/wp-content\/gallery\/trainingslager-gnas-2018\/Gans2018130.JPG\"\n               title=\"\"\n               data-src=\"http:\/\/www.karate-neuhofen.at\/wp-content\/gallery\/trainingslager-gnas-2018\/Gans2018130.JPG\"\n               data-thumbnail=\"http:\/\/www.karate-neuhofen.at\/wp-content\/gallery\/trainingslager-gnas-2018\/thumbs\/thumbs_Gans2018130.JPG\"\n               data-image-id=\"18882\"\n               data-title=\"Gans2018(130)\"\n               data-description=\"\"\n               data-image-slug=\"gans2018130\"\n               class=\"shutterset_5a0da7a1340930de18337e8275bb6594\">\n                <img\n                    title=\"Gans2018(130)\"\n                    alt=\"Gans2018(130)\"\n                    src=\"http:\/\/www.karate-neuhofen.at\/wp-content\/gallery\/trainingslager-gnas-2018\/thumbs\/thumbs_Gans2018130.JPG\"\n                    width=\"240\"\n                    height=\"160\"\n                    style=\"max-width:100%;\"\n                \/>\n            <\/a>\n        <\/div>\n\t\t\t\t\t\t\t<\/div> \n\t\t\t\n        \n\t\t\t\t<div id=\"ngg-image-30\" class=\"ngg-gallery-thumbnail-box\" >\n\t\t\t\t        <div class=\"ngg-gallery-thumbnail\">\n            <a href=\"http:\/\/www.karate-neuhofen.at\/wp-content\/gallery\/trainingslager-gnas-2018\/Gans2018131.JPG\"\n               title=\"\"\n               data-src=\"http:\/\/www.karate-neuhofen.at\/wp-content\/gallery\/trainingslager-gnas-2018\/Gans2018131.JPG\"\n               data-thumbnail=\"http:\/\/www.karate-neuhofen.at\/wp-content\/gallery\/trainingslager-gnas-2018\/thumbs\/thumbs_Gans2018131.JPG\"\n               data-image-id=\"18883\"\n               data-title=\"Gans2018(131)\"\n               data-description=\"\"\n               data-image-slug=\"gans2018131\"\n               class=\"shutterset_5a0da7a1340930de18337e8275bb6594\">\n                <img\n                    title=\"Gans2018(131)\"\n                    alt=\"Gans2018(131)\"\n                    src=\"http:\/\/www.karate-neuhofen.at\/wp-content\/gallery\/trainingslager-gnas-2018\/thumbs\/thumbs_Gans2018131.JPG\"\n                    width=\"240\"\n                    height=\"160\"\n                    style=\"max-width:100%;\"\n                \/>\n            <\/a>\n        <\/div>\n\t\t\t\t\t\t\t<\/div> \n\t\t\t\n        \n\t\t\t\t<div id=\"ngg-image-31\" class=\"ngg-gallery-thumbnail-box\" >\n\t\t\t\t        <div class=\"ngg-gallery-thumbnail\">\n            <a href=\"http:\/\/www.karate-neuhofen.at\/wp-content\/gallery\/trainingslager-gnas-2018\/Gans2018132.JPG\"\n               title=\"\"\n               data-src=\"http:\/\/www.karate-neuhofen.at\/wp-content\/gallery\/trainingslager-gnas-2018\/Gans2018132.JPG\"\n               data-thumbnail=\"http:\/\/www.karate-neuhofen.at\/wp-content\/gallery\/trainingslager-gnas-2018\/thumbs\/thumbs_Gans2018132.JPG\"\n               data-image-id=\"18884\"\n               data-title=\"Gans2018(132)\"\n               data-description=\"\"\n               data-image-slug=\"gans2018132\"\n               class=\"shutterset_5a0da7a1340930de18337e8275bb6594\">\n                <img\n                    title=\"Gans2018(132)\"\n                    alt=\"Gans2018(132)\"\n                    src=\"http:\/\/www.karate-neuhofen.at\/wp-content\/gallery\/trainingslager-gnas-2018\/thumbs\/thumbs_Gans2018132.JPG\"\n                    width=\"240\"\n                    height=\"160\"\n                    style=\"max-width:100%;\"\n                \/>\n            <\/a>\n        <\/div>\n\t\t\t\t\t\t\t<\/div> \n\t\t\t\n        \n\t\t\t\t<div id=\"ngg-image-32\" class=\"ngg-gallery-thumbnail-box\" >\n\t\t\t\t        <div class=\"ngg-gallery-thumbnail\">\n            <a href=\"http:\/\/www.karate-neuhofen.at\/wp-content\/gallery\/trainingslager-gnas-2018\/Gans2018133.JPG\"\n               title=\"\"\n               data-src=\"http:\/\/www.karate-neuhofen.at\/wp-content\/gallery\/trainingslager-gnas-2018\/Gans2018133.JPG\"\n               data-thumbnail=\"http:\/\/www.karate-neuhofen.at\/wp-content\/gallery\/trainingslager-gnas-2018\/thumbs\/thumbs_Gans2018133.JPG\"\n               data-image-id=\"18885\"\n               data-title=\"Gans2018(133)\"\n               data-description=\"\"\n               data-image-slug=\"gans2018133\"\n               class=\"shutterset_5a0da7a1340930de18337e8275bb6594\">\n                <img\n                    title=\"Gans2018(133)\"\n                    alt=\"Gans2018(133)\"\n                    src=\"http:\/\/www.karate-neuhofen.at\/wp-content\/gallery\/trainingslager-gnas-2018\/thumbs\/thumbs_Gans2018133.JPG\"\n                    width=\"240\"\n                    height=\"160\"\n                    style=\"max-width:100%;\"\n                \/>\n            <\/a>\n        <\/div>\n\t\t\t\t\t\t\t<\/div> \n\t\t\t\n        \n\t\t\t\t<div id=\"ngg-image-33\" class=\"ngg-gallery-thumbnail-box\" >\n\t\t\t\t        <div class=\"ngg-gallery-thumbnail\">\n            <a href=\"http:\/\/www.karate-neuhofen.at\/wp-content\/gallery\/trainingslager-gnas-2018\/Gans2018134.JPG\"\n               title=\"\"\n               data-src=\"http:\/\/www.karate-neuhofen.at\/wp-content\/gallery\/trainingslager-gnas-2018\/Gans2018134.JPG\"\n               data-thumbnail=\"http:\/\/www.karate-neuhofen.at\/wp-content\/gallery\/trainingslager-gnas-2018\/thumbs\/thumbs_Gans2018134.JPG\"\n               data-image-id=\"18886\"\n               data-title=\"Gans2018(134)\"\n               data-description=\"\"\n               data-image-slug=\"gans2018134\"\n               class=\"shutterset_5a0da7a1340930de18337e8275bb6594\">\n                <img\n                    title=\"Gans2018(134)\"\n                    alt=\"Gans2018(134)\"\n                    src=\"http:\/\/www.karate-neuhofen.at\/wp-content\/gallery\/trainingslager-gnas-2018\/thumbs\/thumbs_Gans2018134.JPG\"\n                    width=\"240\"\n                    height=\"160\"\n                    style=\"max-width:100%;\"\n                \/>\n            <\/a>\n        <\/div>\n\t\t\t\t\t\t\t<\/div> \n\t\t\t\n        \n\t\t\t\t<div id=\"ngg-image-34\" class=\"ngg-gallery-thumbnail-box\" >\n\t\t\t\t        <div class=\"ngg-gallery-thumbnail\">\n            <a href=\"http:\/\/www.karate-neuhofen.at\/wp-content\/gallery\/trainingslager-gnas-2018\/Gans2018135.JPG\"\n               title=\"\"\n               data-src=\"http:\/\/www.karate-neuhofen.at\/wp-content\/gallery\/trainingslager-gnas-2018\/Gans2018135.JPG\"\n               data-thumbnail=\"http:\/\/www.karate-neuhofen.at\/wp-content\/gallery\/trainingslager-gnas-2018\/thumbs\/thumbs_Gans2018135.JPG\"\n               data-image-id=\"18887\"\n               data-title=\"Gans2018(135)\"\n               data-description=\"\"\n               data-image-slug=\"gans2018135\"\n               class=\"shutterset_5a0da7a1340930de18337e8275bb6594\">\n                <img\n                    title=\"Gans2018(135)\"\n                    alt=\"Gans2018(135)\"\n                    src=\"http:\/\/www.karate-neuhofen.at\/wp-content\/gallery\/trainingslager-gnas-2018\/thumbs\/thumbs_Gans2018135.JPG\"\n                    width=\"240\"\n                    height=\"160\"\n                    style=\"max-width:100%;\"\n                \/>\n            <\/a>\n        <\/div>\n\t\t\t\t\t\t\t<\/div> \n\t\t\t\n        \n\t\t\t\t<div id=\"ngg-image-35\" class=\"ngg-gallery-thumbnail-box\" >\n\t\t\t\t        <div class=\"ngg-gallery-thumbnail\">\n            <a href=\"http:\/\/www.karate-neuhofen.at\/wp-content\/gallery\/trainingslager-gnas-2018\/Gans2018136.JPG\"\n               title=\"\"\n               data-src=\"http:\/\/www.karate-neuhofen.at\/wp-content\/gallery\/trainingslager-gnas-2018\/Gans2018136.JPG\"\n               data-thumbnail=\"http:\/\/www.karate-neuhofen.at\/wp-content\/gallery\/trainingslager-gnas-2018\/thumbs\/thumbs_Gans2018136.JPG\"\n               data-image-id=\"18888\"\n               data-title=\"Gans2018(136)\"\n               data-description=\"\"\n               data-image-slug=\"gans2018136\"\n               class=\"shutterset_5a0da7a1340930de18337e8275bb6594\">\n                <img\n                    title=\"Gans2018(136)\"\n                    alt=\"Gans2018(136)\"\n                    src=\"http:\/\/www.karate-neuhofen.at\/wp-content\/gallery\/trainingslager-gnas-2018\/thumbs\/thumbs_Gans2018136.JPG\"\n                    width=\"240\"\n                    height=\"160\"\n                    style=\"max-width:100%;\"\n                \/>\n            <\/a>\n        <\/div>\n\t\t\t\t\t\t\t<\/div> \n\t\t\t\n        \n\t\t\t\t<div id=\"ngg-image-36\" class=\"ngg-gallery-thumbnail-box\" >\n\t\t\t\t        <div class=\"ngg-gallery-thumbnail\">\n            <a href=\"http:\/\/www.karate-neuhofen.at\/wp-content\/gallery\/trainingslager-gnas-2018\/Gans2018137.JPG\"\n               title=\"\"\n               data-src=\"http:\/\/www.karate-neuhofen.at\/wp-content\/gallery\/trainingslager-gnas-2018\/Gans2018137.JPG\"\n               data-thumbnail=\"http:\/\/www.karate-neuhofen.at\/wp-content\/gallery\/trainingslager-gnas-2018\/thumbs\/thumbs_Gans2018137.JPG\"\n               data-image-id=\"18889\"\n               data-title=\"Gans2018(137)\"\n               data-description=\"\"\n               data-image-slug=\"gans2018137\"\n               class=\"shutterset_5a0da7a1340930de18337e8275bb6594\">\n                <img\n                    title=\"Gans2018(137)\"\n                    alt=\"Gans2018(137)\"\n                    src=\"http:\/\/www.karate-neuhofen.at\/wp-content\/gallery\/trainingslager-gnas-2018\/thumbs\/thumbs_Gans2018137.JPG\"\n                    width=\"240\"\n                    height=\"160\"\n                    style=\"max-width:100%;\"\n                \/>\n            <\/a>\n        <\/div>\n\t\t\t\t\t\t\t<\/div> \n\t\t\t\n        \n\t\t\t\t<div id=\"ngg-image-37\" class=\"ngg-gallery-thumbnail-box\" >\n\t\t\t\t        <div class=\"ngg-gallery-thumbnail\">\n            <a href=\"http:\/\/www.karate-neuhofen.at\/wp-content\/gallery\/trainingslager-gnas-2018\/Gans2018138.JPG\"\n               title=\"\"\n               data-src=\"http:\/\/www.karate-neuhofen.at\/wp-content\/gallery\/trainingslager-gnas-2018\/Gans2018138.JPG\"\n               data-thumbnail=\"http:\/\/www.karate-neuhofen.at\/wp-content\/gallery\/trainingslager-gnas-2018\/thumbs\/thumbs_Gans2018138.JPG\"\n               data-image-id=\"18890\"\n               data-title=\"Gans2018(138)\"\n               data-description=\"\"\n               data-image-slug=\"gans2018138\"\n               class=\"shutterset_5a0da7a1340930de18337e8275bb6594\">\n                <img\n                    title=\"Gans2018(138)\"\n                    alt=\"Gans2018(138)\"\n                    src=\"http:\/\/www.karate-neuhofen.at\/wp-content\/gallery\/trainingslager-gnas-2018\/thumbs\/thumbs_Gans2018138.JPG\"\n                    width=\"240\"\n                    height=\"160\"\n                    style=\"max-width:100%;\"\n                \/>\n            <\/a>\n        <\/div>\n\t\t\t\t\t\t\t<\/div> \n\t\t\t\n        \n\t\t\t\t<div id=\"ngg-image-38\" class=\"ngg-gallery-thumbnail-box\" >\n\t\t\t\t        <div class=\"ngg-gallery-thumbnail\">\n            <a href=\"http:\/\/www.karate-neuhofen.at\/wp-content\/gallery\/trainingslager-gnas-2018\/Gans2018139.JPG\"\n               title=\"\"\n               data-src=\"http:\/\/www.karate-neuhofen.at\/wp-content\/gallery\/trainingslager-gnas-2018\/Gans2018139.JPG\"\n               data-thumbnail=\"http:\/\/www.karate-neuhofen.at\/wp-content\/gallery\/trainingslager-gnas-2018\/thumbs\/thumbs_Gans2018139.JPG\"\n               data-image-id=\"18891\"\n               data-title=\"Gans2018(139)\"\n               data-description=\"\"\n               data-image-slug=\"gans2018139\"\n               class=\"shutterset_5a0da7a1340930de18337e8275bb6594\">\n                <img\n                    title=\"Gans2018(139)\"\n                    alt=\"Gans2018(139)\"\n                    src=\"http:\/\/www.karate-neuhofen.at\/wp-content\/gallery\/trainingslager-gnas-2018\/thumbs\/thumbs_Gans2018139.JPG\"\n                    width=\"240\"\n                    height=\"160\"\n                    style=\"max-width:100%;\"\n                \/>\n            <\/a>\n        <\/div>\n\t\t\t\t\t\t\t<\/div> \n\t\t\t\n        \n\t\t\t\t<div id=\"ngg-image-39\" class=\"ngg-gallery-thumbnail-box\" >\n\t\t\t\t        <div class=\"ngg-gallery-thumbnail\">\n            <a href=\"http:\/\/www.karate-neuhofen.at\/wp-content\/gallery\/trainingslager-gnas-2018\/Gans2018140.JPG\"\n               title=\"\"\n               data-src=\"http:\/\/www.karate-neuhofen.at\/wp-content\/gallery\/trainingslager-gnas-2018\/Gans2018140.JPG\"\n               data-thumbnail=\"http:\/\/www.karate-neuhofen.at\/wp-content\/gallery\/trainingslager-gnas-2018\/thumbs\/thumbs_Gans2018140.JPG\"\n               data-image-id=\"18892\"\n               data-title=\"Gans2018(140)\"\n               data-description=\"\"\n               data-image-slug=\"gans2018140\"\n               class=\"shutterset_5a0da7a1340930de18337e8275bb6594\">\n                <img\n                    title=\"Gans2018(140)\"\n                    alt=\"Gans2018(140)\"\n                    src=\"http:\/\/www.karate-neuhofen.at\/wp-content\/gallery\/trainingslager-gnas-2018\/thumbs\/thumbs_Gans2018140.JPG\"\n                    width=\"240\"\n                    height=\"160\"\n                    style=\"max-width:100%;\"\n                \/>\n            <\/a>\n        <\/div>\n\t\t\t\t\t\t\t<\/div> \n\t\t\t\n        \n\t\t\t\t<div id=\"ngg-image-40\" class=\"ngg-gallery-thumbnail-box\" >\n\t\t\t\t        <div class=\"ngg-gallery-thumbnail\">\n            <a href=\"http:\/\/www.karate-neuhofen.at\/wp-content\/gallery\/trainingslager-gnas-2018\/Gans2018141.JPG\"\n               title=\"\"\n               data-src=\"http:\/\/www.karate-neuhofen.at\/wp-content\/gallery\/trainingslager-gnas-2018\/Gans2018141.JPG\"\n               data-thumbnail=\"http:\/\/www.karate-neuhofen.at\/wp-content\/gallery\/trainingslager-gnas-2018\/thumbs\/thumbs_Gans2018141.JPG\"\n               data-image-id=\"18893\"\n               data-title=\"Gans2018(141)\"\n               data-description=\"\"\n               data-image-slug=\"gans2018141\"\n               class=\"shutterset_5a0da7a1340930de18337e8275bb6594\">\n                <img\n                    title=\"Gans2018(141)\"\n                    alt=\"Gans2018(141)\"\n                    src=\"http:\/\/www.karate-neuhofen.at\/wp-content\/gallery\/trainingslager-gnas-2018\/thumbs\/thumbs_Gans2018141.JPG\"\n                    width=\"240\"\n                    height=\"160\"\n                    style=\"max-width:100%;\"\n                \/>\n            <\/a>\n        <\/div>\n\t\t\t\t\t\t\t<\/div> \n\t\t\t\n        \n\t\t\t\t<div id=\"ngg-image-41\" class=\"ngg-gallery-thumbnail-box\" >\n\t\t\t\t        <div class=\"ngg-gallery-thumbnail\">\n            <a href=\"http:\/\/www.karate-neuhofen.at\/wp-content\/gallery\/trainingslager-gnas-2018\/Gans2018142.JPG\"\n               title=\"\"\n               data-src=\"http:\/\/www.karate-neuhofen.at\/wp-content\/gallery\/trainingslager-gnas-2018\/Gans2018142.JPG\"\n               data-thumbnail=\"http:\/\/www.karate-neuhofen.at\/wp-content\/gallery\/trainingslager-gnas-2018\/thumbs\/thumbs_Gans2018142.JPG\"\n               data-image-id=\"18894\"\n               data-title=\"Gans2018(142)\"\n               data-description=\"\"\n               data-image-slug=\"gans2018142\"\n               class=\"shutterset_5a0da7a1340930de18337e8275bb6594\">\n                <img\n                    title=\"Gans2018(142)\"\n                    alt=\"Gans2018(142)\"\n                    src=\"http:\/\/www.karate-neuhofen.at\/wp-content\/gallery\/trainingslager-gnas-2018\/thumbs\/thumbs_Gans2018142.JPG\"\n                    width=\"240\"\n                    height=\"160\"\n                    style=\"max-width:100%;\"\n                \/>\n            <\/a>\n        <\/div>\n\t\t\t\t\t\t\t<\/div> \n\t\t\t\n        \n\t\t\t\t<div id=\"ngg-image-42\" class=\"ngg-gallery-thumbnail-box\" >\n\t\t\t\t        <div class=\"ngg-gallery-thumbnail\">\n            <a href=\"http:\/\/www.karate-neuhofen.at\/wp-content\/gallery\/trainingslager-gnas-2018\/Gans2018143.JPG\"\n               title=\"\"\n               data-src=\"http:\/\/www.karate-neuhofen.at\/wp-content\/gallery\/trainingslager-gnas-2018\/Gans2018143.JPG\"\n               data-thumbnail=\"http:\/\/www.karate-neuhofen.at\/wp-content\/gallery\/trainingslager-gnas-2018\/thumbs\/thumbs_Gans2018143.JPG\"\n               data-image-id=\"18895\"\n               data-title=\"Gans2018(143)\"\n               data-description=\"\"\n               data-image-slug=\"gans2018143\"\n               class=\"shutterset_5a0da7a1340930de18337e8275bb6594\">\n                <img\n                    title=\"Gans2018(143)\"\n                    alt=\"Gans2018(143)\"\n                    src=\"http:\/\/www.karate-neuhofen.at\/wp-content\/gallery\/trainingslager-gnas-2018\/thumbs\/thumbs_Gans2018143.JPG\"\n                    width=\"240\"\n                    height=\"160\"\n                    style=\"max-width:100%;\"\n                \/>\n            <\/a>\n        <\/div>\n\t\t\t\t\t\t\t<\/div> \n\t\t\t\n        \n\t\t\t\t<div id=\"ngg-image-43\" class=\"ngg-gallery-thumbnail-box\" >\n\t\t\t\t        <div class=\"ngg-gallery-thumbnail\">\n            <a href=\"http:\/\/www.karate-neuhofen.at\/wp-content\/gallery\/trainingslager-gnas-2018\/Gans2018144.JPG\"\n               title=\"\"\n               data-src=\"http:\/\/www.karate-neuhofen.at\/wp-content\/gallery\/trainingslager-gnas-2018\/Gans2018144.JPG\"\n               data-thumbnail=\"http:\/\/www.karate-neuhofen.at\/wp-content\/gallery\/trainingslager-gnas-2018\/thumbs\/thumbs_Gans2018144.JPG\"\n               data-image-id=\"18896\"\n               data-title=\"Gans2018(144)\"\n               data-description=\"\"\n               data-image-slug=\"gans2018144\"\n               class=\"shutterset_5a0da7a1340930de18337e8275bb6594\">\n                <img\n                    title=\"Gans2018(144)\"\n                    alt=\"Gans2018(144)\"\n                    src=\"http:\/\/www.karate-neuhofen.at\/wp-content\/gallery\/trainingslager-gnas-2018\/thumbs\/thumbs_Gans2018144.JPG\"\n                    width=\"240\"\n                    height=\"160\"\n                    style=\"max-width:100%;\"\n                \/>\n            <\/a>\n        <\/div>\n\t\t\t\t\t\t\t<\/div> \n\t\t\t\n        \n\t\t\t\t<div id=\"ngg-image-44\" class=\"ngg-gallery-thumbnail-box\" >\n\t\t\t\t        <div class=\"ngg-gallery-thumbnail\">\n            <a href=\"http:\/\/www.karate-neuhofen.at\/wp-content\/gallery\/trainingslager-gnas-2018\/Gans2018145.JPG\"\n               title=\"\"\n               data-src=\"http:\/\/www.karate-neuhofen.at\/wp-content\/gallery\/trainingslager-gnas-2018\/Gans2018145.JPG\"\n               data-thumbnail=\"http:\/\/www.karate-neuhofen.at\/wp-content\/gallery\/trainingslager-gnas-2018\/thumbs\/thumbs_Gans2018145.JPG\"\n               data-image-id=\"18897\"\n               data-title=\"Gans2018(145)\"\n               data-description=\"\"\n               data-image-slug=\"gans2018145\"\n               class=\"shutterset_5a0da7a1340930de18337e8275bb6594\">\n                <img\n                    title=\"Gans2018(145)\"\n                    alt=\"Gans2018(145)\"\n                    src=\"http:\/\/www.karate-neuhofen.at\/wp-content\/gallery\/trainingslager-gnas-2018\/thumbs\/thumbs_Gans2018145.JPG\"\n                    width=\"240\"\n                    height=\"160\"\n                    style=\"max-width:100%;\"\n                \/>\n            <\/a>\n        <\/div>\n\t\t\t\t\t\t\t<\/div> \n\t\t\t\n        \n\t\t\t\t<div id=\"ngg-image-45\" class=\"ngg-gallery-thumbnail-box\" >\n\t\t\t\t        <div class=\"ngg-gallery-thumbnail\">\n            <a href=\"http:\/\/www.karate-neuhofen.at\/wp-content\/gallery\/trainingslager-gnas-2018\/Gans2018146.JPG\"\n               title=\"\"\n               data-src=\"http:\/\/www.karate-neuhofen.at\/wp-content\/gallery\/trainingslager-gnas-2018\/Gans2018146.JPG\"\n               data-thumbnail=\"http:\/\/www.karate-neuhofen.at\/wp-content\/gallery\/trainingslager-gnas-2018\/thumbs\/thumbs_Gans2018146.JPG\"\n               data-image-id=\"18898\"\n               data-title=\"Gans2018(146)\"\n               data-description=\"\"\n               data-image-slug=\"gans2018146\"\n               class=\"shutterset_5a0da7a1340930de18337e8275bb6594\">\n                <img\n                    title=\"Gans2018(146)\"\n                    alt=\"Gans2018(146)\"\n                    src=\"http:\/\/www.karate-neuhofen.at\/wp-content\/gallery\/trainingslager-gnas-2018\/thumbs\/thumbs_Gans2018146.JPG\"\n                    width=\"240\"\n                    height=\"160\"\n                    style=\"max-width:100%;\"\n                \/>\n            <\/a>\n        <\/div>\n\t\t\t\t\t\t\t<\/div> \n\t\t\t\n        \n\t\t\t\t<div id=\"ngg-image-46\" class=\"ngg-gallery-thumbnail-box\" >\n\t\t\t\t        <div class=\"ngg-gallery-thumbnail\">\n            <a href=\"http:\/\/www.karate-neuhofen.at\/wp-content\/gallery\/trainingslager-gnas-2018\/Gans2018147.JPG\"\n               title=\"\"\n               data-src=\"http:\/\/www.karate-neuhofen.at\/wp-content\/gallery\/trainingslager-gnas-2018\/Gans2018147.JPG\"\n               data-thumbnail=\"http:\/\/www.karate-neuhofen.at\/wp-content\/gallery\/trainingslager-gnas-2018\/thumbs\/thumbs_Gans2018147.JPG\"\n               data-image-id=\"18899\"\n               data-title=\"Gans2018(147)\"\n               data-description=\"\"\n               data-image-slug=\"gans2018147\"\n               class=\"shutterset_5a0da7a1340930de18337e8275bb6594\">\n                <img\n                    title=\"Gans2018(147)\"\n                    alt=\"Gans2018(147)\"\n                    src=\"http:\/\/www.karate-neuhofen.at\/wp-content\/gallery\/trainingslager-gnas-2018\/thumbs\/thumbs_Gans2018147.JPG\"\n                    width=\"240\"\n                    height=\"160\"\n                    style=\"max-width:100%;\"\n                \/>\n            <\/a>\n        <\/div>\n\t\t\t\t\t\t\t<\/div> \n\t\t\t\n        \n\t\t\t\t<div id=\"ngg-image-47\" class=\"ngg-gallery-thumbnail-box\" >\n\t\t\t\t        <div class=\"ngg-gallery-thumbnail\">\n            <a href=\"http:\/\/www.karate-neuhofen.at\/wp-content\/gallery\/trainingslager-gnas-2018\/Gans2018148.JPG\"\n               title=\"\"\n               data-src=\"http:\/\/www.karate-neuhofen.at\/wp-content\/gallery\/trainingslager-gnas-2018\/Gans2018148.JPG\"\n               data-thumbnail=\"http:\/\/www.karate-neuhofen.at\/wp-content\/gallery\/trainingslager-gnas-2018\/thumbs\/thumbs_Gans2018148.JPG\"\n               data-image-id=\"18900\"\n               data-title=\"Gans2018(148)\"\n               data-description=\"\"\n               data-image-slug=\"gans2018148\"\n               class=\"shutterset_5a0da7a1340930de18337e8275bb6594\">\n                <img\n                    title=\"Gans2018(148)\"\n                    alt=\"Gans2018(148)\"\n                    src=\"http:\/\/www.karate-neuhofen.at\/wp-content\/gallery\/trainingslager-gnas-2018\/thumbs\/thumbs_Gans2018148.JPG\"\n                    width=\"240\"\n                    height=\"160\"\n                    style=\"max-width:100%;\"\n                \/>\n            <\/a>\n        <\/div>\n\t\t\t\t\t\t\t<\/div> \n\t\t\t\n        \n\t\t\t\t<div id=\"ngg-image-48\" class=\"ngg-gallery-thumbnail-box\" >\n\t\t\t\t        <div class=\"ngg-gallery-thumbnail\">\n            <a href=\"http:\/\/www.karate-neuhofen.at\/wp-content\/gallery\/trainingslager-gnas-2018\/Gans2018149.JPG\"\n               title=\"\"\n               data-src=\"http:\/\/www.karate-neuhofen.at\/wp-content\/gallery\/trainingslager-gnas-2018\/Gans2018149.JPG\"\n               data-thumbnail=\"http:\/\/www.karate-neuhofen.at\/wp-content\/gallery\/trainingslager-gnas-2018\/thumbs\/thumbs_Gans2018149.JPG\"\n               data-image-id=\"18901\"\n               data-title=\"Gans2018(149)\"\n               data-description=\"\"\n               data-image-slug=\"gans2018149\"\n               class=\"shutterset_5a0da7a1340930de18337e8275bb6594\">\n                <img\n                    title=\"Gans2018(149)\"\n                    alt=\"Gans2018(149)\"\n                    src=\"http:\/\/www.karate-neuhofen.at\/wp-content\/gallery\/trainingslager-gnas-2018\/thumbs\/thumbs_Gans2018149.JPG\"\n                    width=\"240\"\n                    height=\"160\"\n                    style=\"max-width:100%;\"\n                \/>\n            <\/a>\n        <\/div>\n\t\t\t\t\t\t\t<\/div> \n\t\t\t\n        \n\t\t\t\t<div id=\"ngg-image-49\" class=\"ngg-gallery-thumbnail-box\" >\n\t\t\t\t        <div class=\"ngg-gallery-thumbnail\">\n            <a href=\"http:\/\/www.karate-neuhofen.at\/wp-content\/gallery\/trainingslager-gnas-2018\/Gans2018150.JPG\"\n               title=\"\"\n               data-src=\"http:\/\/www.karate-neuhofen.at\/wp-content\/gallery\/trainingslager-gnas-2018\/Gans2018150.JPG\"\n               data-thumbnail=\"http:\/\/www.karate-neuhofen.at\/wp-content\/gallery\/trainingslager-gnas-2018\/thumbs\/thumbs_Gans2018150.JPG\"\n               data-image-id=\"18902\"\n               data-title=\"Gans2018(150)\"\n               data-description=\"\"\n               data-image-slug=\"gans2018150\"\n               class=\"shutterset_5a0da7a1340930de18337e8275bb6594\">\n                <img\n                    title=\"Gans2018(150)\"\n                    alt=\"Gans2018(150)\"\n                    src=\"http:\/\/www.karate-neuhofen.at\/wp-content\/gallery\/trainingslager-gnas-2018\/thumbs\/thumbs_Gans2018150.JPG\"\n                    width=\"240\"\n                    height=\"160\"\n                    style=\"max-width:100%;\"\n                \/>\n            <\/a>\n        <\/div>\n\t\t\t\t\t\t\t<\/div> \n\t\t\t\n        \n\t\t\t\t<div id=\"ngg-image-50\" class=\"ngg-gallery-thumbnail-box\" >\n\t\t\t\t        <div class=\"ngg-gallery-thumbnail\">\n            <a href=\"http:\/\/www.karate-neuhofen.at\/wp-content\/gallery\/trainingslager-gnas-2018\/Gans2018151.JPG\"\n               title=\"\"\n               data-src=\"http:\/\/www.karate-neuhofen.at\/wp-content\/gallery\/trainingslager-gnas-2018\/Gans2018151.JPG\"\n               data-thumbnail=\"http:\/\/www.karate-neuhofen.at\/wp-content\/gallery\/trainingslager-gnas-2018\/thumbs\/thumbs_Gans2018151.JPG\"\n               data-image-id=\"18903\"\n               data-title=\"Gans2018(151)\"\n               data-description=\"\"\n               data-image-slug=\"gans2018151\"\n               class=\"shutterset_5a0da7a1340930de18337e8275bb6594\">\n                <img\n                    title=\"Gans2018(151)\"\n                    alt=\"Gans2018(151)\"\n                    src=\"http:\/\/www.karate-neuhofen.at\/wp-content\/gallery\/trainingslager-gnas-2018\/thumbs\/thumbs_Gans2018151.JPG\"\n                    width=\"240\"\n                    height=\"160\"\n                    style=\"max-width:100%;\"\n                \/>\n            <\/a>\n        <\/div>\n\t\t\t\t\t\t\t<\/div> \n\t\t\t\n        \n\t\t\t\t<div id=\"ngg-image-51\" class=\"ngg-gallery-thumbnail-box\" >\n\t\t\t\t        <div class=\"ngg-gallery-thumbnail\">\n            <a href=\"http:\/\/www.karate-neuhofen.at\/wp-content\/gallery\/trainingslager-gnas-2018\/Gans2018152.JPG\"\n               title=\"\"\n               data-src=\"http:\/\/www.karate-neuhofen.at\/wp-content\/gallery\/trainingslager-gnas-2018\/Gans2018152.JPG\"\n               data-thumbnail=\"http:\/\/www.karate-neuhofen.at\/wp-content\/gallery\/trainingslager-gnas-2018\/thumbs\/thumbs_Gans2018152.JPG\"\n               data-image-id=\"18904\"\n               data-title=\"Gans2018(152)\"\n               data-description=\"\"\n               data-image-slug=\"gans2018152\"\n               class=\"shutterset_5a0da7a1340930de18337e8275bb6594\">\n                <img\n                    title=\"Gans2018(152)\"\n                    alt=\"Gans2018(152)\"\n                    src=\"http:\/\/www.karate-neuhofen.at\/wp-content\/gallery\/trainingslager-gnas-2018\/thumbs\/thumbs_Gans2018152.JPG\"\n                    width=\"240\"\n                    height=\"160\"\n                    style=\"max-width:100%;\"\n                \/>\n            <\/a>\n        <\/div>\n\t\t\t\t\t\t\t<\/div> \n\t\t\t\n        \n\t\t\t\t<div id=\"ngg-image-52\" class=\"ngg-gallery-thumbnail-box\" >\n\t\t\t\t        <div class=\"ngg-gallery-thumbnail\">\n            <a href=\"http:\/\/www.karate-neuhofen.at\/wp-content\/gallery\/trainingslager-gnas-2018\/Gans2018153.JPG\"\n               title=\"\"\n               data-src=\"http:\/\/www.karate-neuhofen.at\/wp-content\/gallery\/trainingslager-gnas-2018\/Gans2018153.JPG\"\n               data-thumbnail=\"http:\/\/www.karate-neuhofen.at\/wp-content\/gallery\/trainingslager-gnas-2018\/thumbs\/thumbs_Gans2018153.JPG\"\n               data-image-id=\"18905\"\n               data-title=\"Gans2018(153)\"\n               data-description=\"\"\n               data-image-slug=\"gans2018153\"\n               class=\"shutterset_5a0da7a1340930de18337e8275bb6594\">\n                <img\n                    title=\"Gans2018(153)\"\n                    alt=\"Gans2018(153)\"\n                    src=\"http:\/\/www.karate-neuhofen.at\/wp-content\/gallery\/trainingslager-gnas-2018\/thumbs\/thumbs_Gans2018153.JPG\"\n                    width=\"240\"\n                    height=\"160\"\n                    style=\"max-width:100%;\"\n                \/>\n            <\/a>\n        <\/div>\n\t\t\t\t\t\t\t<\/div> \n\t\t\t\n        \n\t\t\t\t<div id=\"ngg-image-53\" class=\"ngg-gallery-thumbnail-box\" >\n\t\t\t\t        <div class=\"ngg-gallery-thumbnail\">\n            <a href=\"http:\/\/www.karate-neuhofen.at\/wp-content\/gallery\/trainingslager-gnas-2018\/Gans2018154.JPG\"\n               title=\"\"\n               data-src=\"http:\/\/www.karate-neuhofen.at\/wp-content\/gallery\/trainingslager-gnas-2018\/Gans2018154.JPG\"\n               data-thumbnail=\"http:\/\/www.karate-neuhofen.at\/wp-content\/gallery\/trainingslager-gnas-2018\/thumbs\/thumbs_Gans2018154.JPG\"\n               data-image-id=\"18906\"\n               data-title=\"Gans2018(154)\"\n               data-description=\"\"\n               data-image-slug=\"gans2018154\"\n               class=\"shutterset_5a0da7a1340930de18337e8275bb6594\">\n                <img\n                    title=\"Gans2018(154)\"\n                    alt=\"Gans2018(154)\"\n                    src=\"http:\/\/www.karate-neuhofen.at\/wp-content\/gallery\/trainingslager-gnas-2018\/thumbs\/thumbs_Gans2018154.JPG\"\n                    width=\"240\"\n                    height=\"160\"\n                    style=\"max-width:100%;\"\n                \/>\n            <\/a>\n        <\/div>\n\t\t\t\t\t\t\t<\/div> \n\t\t\t\n        \n\t\t\t\t<div id=\"ngg-image-54\" class=\"ngg-gallery-thumbnail-box\" >\n\t\t\t\t        <div class=\"ngg-gallery-thumbnail\">\n            <a href=\"http:\/\/www.karate-neuhofen.at\/wp-content\/gallery\/trainingslager-gnas-2018\/Gans2018155.JPG\"\n               title=\"\"\n               data-src=\"http:\/\/www.karate-neuhofen.at\/wp-content\/gallery\/trainingslager-gnas-2018\/Gans2018155.JPG\"\n               data-thumbnail=\"http:\/\/www.karate-neuhofen.at\/wp-content\/gallery\/trainingslager-gnas-2018\/thumbs\/thumbs_Gans2018155.JPG\"\n               data-image-id=\"18907\"\n               data-title=\"Gans2018(155)\"\n               data-description=\"\"\n               data-image-slug=\"gans2018155\"\n               class=\"shutterset_5a0da7a1340930de18337e8275bb6594\">\n                <img\n                    title=\"Gans2018(155)\"\n                    alt=\"Gans2018(155)\"\n                    src=\"http:\/\/www.karate-neuhofen.at\/wp-content\/gallery\/trainingslager-gnas-2018\/thumbs\/thumbs_Gans2018155.JPG\"\n                    width=\"240\"\n                    height=\"160\"\n                    style=\"max-width:100%;\"\n                \/>\n            <\/a>\n        <\/div>\n\t\t\t\t\t\t\t<\/div> \n\t\t\t\n        \n\t\t\t\t<div id=\"ngg-image-55\" class=\"ngg-gallery-thumbnail-box\" >\n\t\t\t\t        <div class=\"ngg-gallery-thumbnail\">\n            <a href=\"http:\/\/www.karate-neuhofen.at\/wp-content\/gallery\/trainingslager-gnas-2018\/Gans2018156.JPG\"\n               title=\"\"\n               data-src=\"http:\/\/www.karate-neuhofen.at\/wp-content\/gallery\/trainingslager-gnas-2018\/Gans2018156.JPG\"\n               data-thumbnail=\"http:\/\/www.karate-neuhofen.at\/wp-content\/gallery\/trainingslager-gnas-2018\/thumbs\/thumbs_Gans2018156.JPG\"\n               data-image-id=\"18908\"\n               data-title=\"Gans2018(156)\"\n               data-description=\"\"\n               data-image-slug=\"gans2018156\"\n               class=\"shutterset_5a0da7a1340930de18337e8275bb6594\">\n                <img\n                    title=\"Gans2018(156)\"\n                    alt=\"Gans2018(156)\"\n                    src=\"http:\/\/www.karate-neuhofen.at\/wp-content\/gallery\/trainingslager-gnas-2018\/thumbs\/thumbs_Gans2018156.JPG\"\n                    width=\"240\"\n                    height=\"160\"\n                    style=\"max-width:100%;\"\n                \/>\n            <\/a>\n        <\/div>\n\t\t\t\t\t\t\t<\/div> \n\t\t\t\n        \n\t\t\t\t<div id=\"ngg-image-56\" class=\"ngg-gallery-thumbnail-box\" >\n\t\t\t\t        <div class=\"ngg-gallery-thumbnail\">\n            <a href=\"http:\/\/www.karate-neuhofen.at\/wp-content\/gallery\/trainingslager-gnas-2018\/Gans2018157.JPG\"\n               title=\"\"\n               data-src=\"http:\/\/www.karate-neuhofen.at\/wp-content\/gallery\/trainingslager-gnas-2018\/Gans2018157.JPG\"\n               data-thumbnail=\"http:\/\/www.karate-neuhofen.at\/wp-content\/gallery\/trainingslager-gnas-2018\/thumbs\/thumbs_Gans2018157.JPG\"\n               data-image-id=\"18909\"\n               data-title=\"Gans2018(157)\"\n               data-description=\"\"\n               data-image-slug=\"gans2018157\"\n               class=\"shutterset_5a0da7a1340930de18337e8275bb6594\">\n                <img\n                    title=\"Gans2018(157)\"\n                    alt=\"Gans2018(157)\"\n                    src=\"http:\/\/www.karate-neuhofen.at\/wp-content\/gallery\/trainingslager-gnas-2018\/thumbs\/thumbs_Gans2018157.JPG\"\n                    width=\"240\"\n                    height=\"160\"\n                    style=\"max-width:100%;\"\n                \/>\n            <\/a>\n        <\/div>\n\t\t\t\t\t\t\t<\/div> \n\t\t\t\n        \n\t\t\t\t<div id=\"ngg-image-57\" class=\"ngg-gallery-thumbnail-box\" >\n\t\t\t\t        <div class=\"ngg-gallery-thumbnail\">\n            <a href=\"http:\/\/www.karate-neuhofen.at\/wp-content\/gallery\/trainingslager-gnas-2018\/Gans2018158.JPG\"\n               title=\"\"\n               data-src=\"http:\/\/www.karate-neuhofen.at\/wp-content\/gallery\/trainingslager-gnas-2018\/Gans2018158.JPG\"\n               data-thumbnail=\"http:\/\/www.karate-neuhofen.at\/wp-content\/gallery\/trainingslager-gnas-2018\/thumbs\/thumbs_Gans2018158.JPG\"\n               data-image-id=\"18910\"\n               data-title=\"Gans2018(158)\"\n               data-description=\"\"\n               data-image-slug=\"gans2018158\"\n               class=\"shutterset_5a0da7a1340930de18337e8275bb6594\">\n                <img\n                    title=\"Gans2018(158)\"\n                    alt=\"Gans2018(158)\"\n                    src=\"http:\/\/www.karate-neuhofen.at\/wp-content\/gallery\/trainingslager-gnas-2018\/thumbs\/thumbs_Gans2018158.JPG\"\n                    width=\"240\"\n                    height=\"160\"\n                    style=\"max-width:100%;\"\n                \/>\n            <\/a>\n        <\/div>\n\t\t\t\t\t\t\t<\/div> \n\t\t\t\n        \n\t\t\t\t<div id=\"ngg-image-58\" class=\"ngg-gallery-thumbnail-box\" >\n\t\t\t\t        <div class=\"ngg-gallery-thumbnail\">\n            <a href=\"http:\/\/www.karate-neuhofen.at\/wp-content\/gallery\/trainingslager-gnas-2018\/Gans2018159.JPG\"\n               title=\"\"\n               data-src=\"http:\/\/www.karate-neuhofen.at\/wp-content\/gallery\/trainingslager-gnas-2018\/Gans2018159.JPG\"\n               data-thumbnail=\"http:\/\/www.karate-neuhofen.at\/wp-content\/gallery\/trainingslager-gnas-2018\/thumbs\/thumbs_Gans2018159.JPG\"\n               data-image-id=\"18911\"\n               data-title=\"Gans2018(159)\"\n               data-description=\"\"\n               data-image-slug=\"gans2018159\"\n               class=\"shutterset_5a0da7a1340930de18337e8275bb6594\">\n                <img\n                    title=\"Gans2018(159)\"\n                    alt=\"Gans2018(159)\"\n                    src=\"http:\/\/www.karate-neuhofen.at\/wp-content\/gallery\/trainingslager-gnas-2018\/thumbs\/thumbs_Gans2018159.JPG\"\n                    width=\"240\"\n                    height=\"160\"\n                    style=\"max-width:100%;\"\n                \/>\n            <\/a>\n        <\/div>\n\t\t\t\t\t\t\t<\/div> \n\t\t\t\n        \n\t\t\t\t<div id=\"ngg-image-59\" class=\"ngg-gallery-thumbnail-box\" >\n\t\t\t\t        <div class=\"ngg-gallery-thumbnail\">\n            <a href=\"http:\/\/www.karate-neuhofen.at\/wp-content\/gallery\/trainingslager-gnas-2018\/Gans2018160.JPG\"\n               title=\"\"\n               data-src=\"http:\/\/www.karate-neuhofen.at\/wp-content\/gallery\/trainingslager-gnas-2018\/Gans2018160.JPG\"\n               data-thumbnail=\"http:\/\/www.karate-neuhofen.at\/wp-content\/gallery\/trainingslager-gnas-2018\/thumbs\/thumbs_Gans2018160.JPG\"\n               data-image-id=\"18912\"\n               data-title=\"Gans2018(160)\"\n               data-description=\"\"\n               data-image-slug=\"gans2018160\"\n               class=\"shutterset_5a0da7a1340930de18337e8275bb6594\">\n                <img\n                    title=\"Gans2018(160)\"\n                    alt=\"Gans2018(160)\"\n                    src=\"http:\/\/www.karate-neuhofen.at\/wp-content\/gallery\/trainingslager-gnas-2018\/thumbs\/thumbs_Gans2018160.JPG\"\n                    width=\"240\"\n                    height=\"160\"\n                    style=\"max-width:100%;\"\n                \/>\n            <\/a>\n        <\/div>\n\t\t\t\t\t\t\t<\/div> \n\t\t\t\n        \n\t\t\t\t<div id=\"ngg-image-60\" class=\"ngg-gallery-thumbnail-box\" >\n\t\t\t\t        <div class=\"ngg-gallery-thumbnail\">\n            <a href=\"http:\/\/www.karate-neuhofen.at\/wp-content\/gallery\/trainingslager-gnas-2018\/Gans2018161.JPG\"\n               title=\"\"\n               data-src=\"http:\/\/www.karate-neuhofen.at\/wp-content\/gallery\/trainingslager-gnas-2018\/Gans2018161.JPG\"\n               data-thumbnail=\"http:\/\/www.karate-neuhofen.at\/wp-content\/gallery\/trainingslager-gnas-2018\/thumbs\/thumbs_Gans2018161.JPG\"\n               data-image-id=\"18913\"\n               data-title=\"Gans2018(161)\"\n               data-description=\"\"\n               data-image-slug=\"gans2018161\"\n               class=\"shutterset_5a0da7a1340930de18337e8275bb6594\">\n                <img\n                    title=\"Gans2018(161)\"\n                    alt=\"Gans2018(161)\"\n                    src=\"http:\/\/www.karate-neuhofen.at\/wp-content\/gallery\/trainingslager-gnas-2018\/thumbs\/thumbs_Gans2018161.JPG\"\n                    width=\"240\"\n                    height=\"160\"\n                    style=\"max-width:100%;\"\n                \/>\n            <\/a>\n        <\/div>\n\t\t\t\t\t\t\t<\/div> \n\t\t\t\n        \n\t\t\t\t<div id=\"ngg-image-61\" class=\"ngg-gallery-thumbnail-box\" >\n\t\t\t\t        <div class=\"ngg-gallery-thumbnail\">\n            <a href=\"http:\/\/www.karate-neuhofen.at\/wp-content\/gallery\/trainingslager-gnas-2018\/Gans2018162.JPG\"\n               title=\"\"\n               data-src=\"http:\/\/www.karate-neuhofen.at\/wp-content\/gallery\/trainingslager-gnas-2018\/Gans2018162.JPG\"\n               data-thumbnail=\"http:\/\/www.karate-neuhofen.at\/wp-content\/gallery\/trainingslager-gnas-2018\/thumbs\/thumbs_Gans2018162.JPG\"\n               data-image-id=\"18914\"\n               data-title=\"Gans2018(162)\"\n               data-description=\"\"\n               data-image-slug=\"gans2018162\"\n               class=\"shutterset_5a0da7a1340930de18337e8275bb6594\">\n                <img\n                    title=\"Gans2018(162)\"\n                    alt=\"Gans2018(162)\"\n                    src=\"http:\/\/www.karate-neuhofen.at\/wp-content\/gallery\/trainingslager-gnas-2018\/thumbs\/thumbs_Gans2018162.JPG\"\n                    width=\"240\"\n                    height=\"160\"\n                    style=\"max-width:100%;\"\n                \/>\n            <\/a>\n        <\/div>\n\t\t\t\t\t\t\t<\/div> \n\t\t\t\n        \n\t\t\t\t<div id=\"ngg-image-62\" class=\"ngg-gallery-thumbnail-box\" >\n\t\t\t\t        <div class=\"ngg-gallery-thumbnail\">\n            <a href=\"http:\/\/www.karate-neuhofen.at\/wp-content\/gallery\/trainingslager-gnas-2018\/Gans2018163.JPG\"\n               title=\"\"\n               data-src=\"http:\/\/www.karate-neuhofen.at\/wp-content\/gallery\/trainingslager-gnas-2018\/Gans2018163.JPG\"\n               data-thumbnail=\"http:\/\/www.karate-neuhofen.at\/wp-content\/gallery\/trainingslager-gnas-2018\/thumbs\/thumbs_Gans2018163.JPG\"\n               data-image-id=\"18915\"\n               data-title=\"Gans2018(163)\"\n               data-description=\"\"\n               data-image-slug=\"gans2018163\"\n               class=\"shutterset_5a0da7a1340930de18337e8275bb6594\">\n                <img\n                    title=\"Gans2018(163)\"\n                    alt=\"Gans2018(163)\"\n                    src=\"http:\/\/www.karate-neuhofen.at\/wp-content\/gallery\/trainingslager-gnas-2018\/thumbs\/thumbs_Gans2018163.JPG\"\n                    width=\"240\"\n                    height=\"160\"\n                    style=\"max-width:100%;\"\n                \/>\n            <\/a>\n        <\/div>\n\t\t\t\t\t\t\t<\/div> \n\t\t\t\n        \n\t\t\t\t<div id=\"ngg-image-63\" class=\"ngg-gallery-thumbnail-box\" >\n\t\t\t\t        <div class=\"ngg-gallery-thumbnail\">\n            <a href=\"http:\/\/www.karate-neuhofen.at\/wp-content\/gallery\/trainingslager-gnas-2018\/Gans2018164.JPG\"\n               title=\"\"\n               data-src=\"http:\/\/www.karate-neuhofen.at\/wp-content\/gallery\/trainingslager-gnas-2018\/Gans2018164.JPG\"\n               data-thumbnail=\"http:\/\/www.karate-neuhofen.at\/wp-content\/gallery\/trainingslager-gnas-2018\/thumbs\/thumbs_Gans2018164.JPG\"\n               data-image-id=\"18916\"\n               data-title=\"Gans2018(164)\"\n               data-description=\"\"\n               data-image-slug=\"gans2018164\"\n               class=\"shutterset_5a0da7a1340930de18337e8275bb6594\">\n                <img\n                    title=\"Gans2018(164)\"\n                    alt=\"Gans2018(164)\"\n                    src=\"http:\/\/www.karate-neuhofen.at\/wp-content\/gallery\/trainingslager-gnas-2018\/thumbs\/thumbs_Gans2018164.JPG\"\n                    width=\"240\"\n                    height=\"160\"\n                    style=\"max-width:100%;\"\n                \/>\n            <\/a>\n        <\/div>\n\t\t\t\t\t\t\t<\/div> \n\t\t\t\n        \n\t\t\t\t<div id=\"ngg-image-64\" class=\"ngg-gallery-thumbnail-box\" >\n\t\t\t\t        <div class=\"ngg-gallery-thumbnail\">\n            <a href=\"http:\/\/www.karate-neuhofen.at\/wp-content\/gallery\/trainingslager-gnas-2018\/Gans2018165.JPG\"\n               title=\"\"\n               data-src=\"http:\/\/www.karate-neuhofen.at\/wp-content\/gallery\/trainingslager-gnas-2018\/Gans2018165.JPG\"\n               data-thumbnail=\"http:\/\/www.karate-neuhofen.at\/wp-content\/gallery\/trainingslager-gnas-2018\/thumbs\/thumbs_Gans2018165.JPG\"\n               data-image-id=\"18917\"\n               data-title=\"Gans2018(165)\"\n               data-description=\"\"\n               data-image-slug=\"gans2018165\"\n               class=\"shutterset_5a0da7a1340930de18337e8275bb6594\">\n                <img\n                    title=\"Gans2018(165)\"\n                    alt=\"Gans2018(165)\"\n                    src=\"http:\/\/www.karate-neuhofen.at\/wp-content\/gallery\/trainingslager-gnas-2018\/thumbs\/thumbs_Gans2018165.JPG\"\n                    width=\"240\"\n                    height=\"160\"\n                    style=\"max-width:100%;\"\n                \/>\n            <\/a>\n        <\/div>\n\t\t\t\t\t\t\t<\/div> \n\t\t\t\n        \n\t\t\t\t<div id=\"ngg-image-65\" class=\"ngg-gallery-thumbnail-box\" >\n\t\t\t\t        <div class=\"ngg-gallery-thumbnail\">\n            <a href=\"http:\/\/www.karate-neuhofen.at\/wp-content\/gallery\/trainingslager-gnas-2018\/Gans2018166.JPG\"\n               title=\"\"\n               data-src=\"http:\/\/www.karate-neuhofen.at\/wp-content\/gallery\/trainingslager-gnas-2018\/Gans2018166.JPG\"\n               data-thumbnail=\"http:\/\/www.karate-neuhofen.at\/wp-content\/gallery\/trainingslager-gnas-2018\/thumbs\/thumbs_Gans2018166.JPG\"\n               data-image-id=\"18918\"\n               data-title=\"Gans2018(166)\"\n               data-description=\"\"\n               data-image-slug=\"gans2018166\"\n               class=\"shutterset_5a0da7a1340930de18337e8275bb6594\">\n                <img\n                    title=\"Gans2018(166)\"\n                    alt=\"Gans2018(166)\"\n                    src=\"http:\/\/www.karate-neuhofen.at\/wp-content\/gallery\/trainingslager-gnas-2018\/thumbs\/thumbs_Gans2018166.JPG\"\n                    width=\"240\"\n                    height=\"160\"\n                    style=\"max-width:100%;\"\n                \/>\n            <\/a>\n        <\/div>\n\t\t\t\t\t\t\t<\/div> \n\t\t\t\n        \n\t\t\t\t<div id=\"ngg-image-66\" class=\"ngg-gallery-thumbnail-box\" >\n\t\t\t\t        <div class=\"ngg-gallery-thumbnail\">\n            <a href=\"http:\/\/www.karate-neuhofen.at\/wp-content\/gallery\/trainingslager-gnas-2018\/Gans2018167.JPG\"\n               title=\"\"\n               data-src=\"http:\/\/www.karate-neuhofen.at\/wp-content\/gallery\/trainingslager-gnas-2018\/Gans2018167.JPG\"\n               data-thumbnail=\"http:\/\/www.karate-neuhofen.at\/wp-content\/gallery\/trainingslager-gnas-2018\/thumbs\/thumbs_Gans2018167.JPG\"\n               data-image-id=\"18919\"\n               data-title=\"Gans2018(167)\"\n               data-description=\"\"\n               data-image-slug=\"gans2018167\"\n               class=\"shutterset_5a0da7a1340930de18337e8275bb6594\">\n                <img\n                    title=\"Gans2018(167)\"\n                    alt=\"Gans2018(167)\"\n                    src=\"http:\/\/www.karate-neuhofen.at\/wp-content\/gallery\/trainingslager-gnas-2018\/thumbs\/thumbs_Gans2018167.JPG\"\n                    width=\"240\"\n                    height=\"160\"\n                    style=\"max-width:100%;\"\n                \/>\n            <\/a>\n        <\/div>\n\t\t\t\t\t\t\t<\/div> \n\t\t\t\n        \n\t\t\t\t<div id=\"ngg-image-67\" class=\"ngg-gallery-thumbnail-box\" >\n\t\t\t\t        <div class=\"ngg-gallery-thumbnail\">\n            <a href=\"http:\/\/www.karate-neuhofen.at\/wp-content\/gallery\/trainingslager-gnas-2018\/Gans2018168.JPG\"\n               title=\"\"\n               data-src=\"http:\/\/www.karate-neuhofen.at\/wp-content\/gallery\/trainingslager-gnas-2018\/Gans2018168.JPG\"\n               data-thumbnail=\"http:\/\/www.karate-neuhofen.at\/wp-content\/gallery\/trainingslager-gnas-2018\/thumbs\/thumbs_Gans2018168.JPG\"\n               data-image-id=\"18920\"\n               data-title=\"Gans2018(168)\"\n               data-description=\"\"\n               data-image-slug=\"gans2018168\"\n               class=\"shutterset_5a0da7a1340930de18337e8275bb6594\">\n                <img\n                    title=\"Gans2018(168)\"\n                    alt=\"Gans2018(168)\"\n                    src=\"http:\/\/www.karate-neuhofen.at\/wp-content\/gallery\/trainingslager-gnas-2018\/thumbs\/thumbs_Gans2018168.JPG\"\n                    width=\"240\"\n                    height=\"160\"\n                    style=\"max-width:100%;\"\n                \/>\n            <\/a>\n        <\/div>\n\t\t\t\t\t\t\t<\/div> \n\t\t\t\n        \n\t\t\t\t<div id=\"ngg-image-68\" class=\"ngg-gallery-thumbnail-box\" >\n\t\t\t\t        <div class=\"ngg-gallery-thumbnail\">\n            <a href=\"http:\/\/www.karate-neuhofen.at\/wp-content\/gallery\/trainingslager-gnas-2018\/Gans2018169.JPG\"\n               title=\"\"\n               data-src=\"http:\/\/www.karate-neuhofen.at\/wp-content\/gallery\/trainingslager-gnas-2018\/Gans2018169.JPG\"\n               data-thumbnail=\"http:\/\/www.karate-neuhofen.at\/wp-content\/gallery\/trainingslager-gnas-2018\/thumbs\/thumbs_Gans2018169.JPG\"\n               data-image-id=\"18921\"\n               data-title=\"Gans2018(169)\"\n               data-description=\"\"\n               data-image-slug=\"gans2018169\"\n               class=\"shutterset_5a0da7a1340930de18337e8275bb6594\">\n                <img\n                    title=\"Gans2018(169)\"\n                    alt=\"Gans2018(169)\"\n                    src=\"http:\/\/www.karate-neuhofen.at\/wp-content\/gallery\/trainingslager-gnas-2018\/thumbs\/thumbs_Gans2018169.JPG\"\n                    width=\"240\"\n                    height=\"160\"\n                    style=\"max-width:100%;\"\n                \/>\n            <\/a>\n        <\/div>\n\t\t\t\t\t\t\t<\/div> \n\t\t\t\n        \n\t\t\t\t<div id=\"ngg-image-69\" class=\"ngg-gallery-thumbnail-box\" >\n\t\t\t\t        <div class=\"ngg-gallery-thumbnail\">\n            <a href=\"http:\/\/www.karate-neuhofen.at\/wp-content\/gallery\/trainingslager-gnas-2018\/Gans2018170.JPG\"\n               title=\"\"\n               data-src=\"http:\/\/www.karate-neuhofen.at\/wp-content\/gallery\/trainingslager-gnas-2018\/Gans2018170.JPG\"\n               data-thumbnail=\"http:\/\/www.karate-neuhofen.at\/wp-content\/gallery\/trainingslager-gnas-2018\/thumbs\/thumbs_Gans2018170.JPG\"\n               data-image-id=\"18922\"\n               data-title=\"Gans2018(170)\"\n               data-description=\"\"\n               data-image-slug=\"gans2018170\"\n               class=\"shutterset_5a0da7a1340930de18337e8275bb6594\">\n                <img\n                    title=\"Gans2018(170)\"\n                    alt=\"Gans2018(170)\"\n                    src=\"http:\/\/www.karate-neuhofen.at\/wp-content\/gallery\/trainingslager-gnas-2018\/thumbs\/thumbs_Gans2018170.JPG\"\n                    width=\"240\"\n                    height=\"160\"\n                    style=\"max-width:100%;\"\n                \/>\n            <\/a>\n        <\/div>\n\t\t\t\t\t\t\t<\/div> \n\t\t\t\n        \n\t\t\t\t<div id=\"ngg-image-70\" class=\"ngg-gallery-thumbnail-box\" >\n\t\t\t\t        <div class=\"ngg-gallery-thumbnail\">\n            <a href=\"http:\/\/www.karate-neuhofen.at\/wp-content\/gallery\/trainingslager-gnas-2018\/Gans2018171.JPG\"\n               title=\"\"\n               data-src=\"http:\/\/www.karate-neuhofen.at\/wp-content\/gallery\/trainingslager-gnas-2018\/Gans2018171.JPG\"\n               data-thumbnail=\"http:\/\/www.karate-neuhofen.at\/wp-content\/gallery\/trainingslager-gnas-2018\/thumbs\/thumbs_Gans2018171.JPG\"\n               data-image-id=\"18923\"\n               data-title=\"Gans2018(171)\"\n               data-description=\"\"\n               data-image-slug=\"gans2018171\"\n               class=\"shutterset_5a0da7a1340930de18337e8275bb6594\">\n                <img\n                    title=\"Gans2018(171)\"\n                    alt=\"Gans2018(171)\"\n                    src=\"http:\/\/www.karate-neuhofen.at\/wp-content\/gallery\/trainingslager-gnas-2018\/thumbs\/thumbs_Gans2018171.JPG\"\n                    width=\"240\"\n                    height=\"160\"\n                    style=\"max-width:100%;\"\n                \/>\n            <\/a>\n        <\/div>\n\t\t\t\t\t\t\t<\/div> \n\t\t\t\n        \n\t\t\t\t<div id=\"ngg-image-71\" class=\"ngg-gallery-thumbnail-box\" >\n\t\t\t\t        <div class=\"ngg-gallery-thumbnail\">\n            <a href=\"http:\/\/www.karate-neuhofen.at\/wp-content\/gallery\/trainingslager-gnas-2018\/Gans2018172.JPG\"\n               title=\"\"\n               data-src=\"http:\/\/www.karate-neuhofen.at\/wp-content\/gallery\/trainingslager-gnas-2018\/Gans2018172.JPG\"\n               data-thumbnail=\"http:\/\/www.karate-neuhofen.at\/wp-content\/gallery\/trainingslager-gnas-2018\/thumbs\/thumbs_Gans2018172.JPG\"\n               data-image-id=\"18924\"\n               data-title=\"Gans2018(172)\"\n               data-description=\"\"\n               data-image-slug=\"gans2018172\"\n               class=\"shutterset_5a0da7a1340930de18337e8275bb6594\">\n                <img\n                    title=\"Gans2018(172)\"\n                    alt=\"Gans2018(172)\"\n                    src=\"http:\/\/www.karate-neuhofen.at\/wp-content\/gallery\/trainingslager-gnas-2018\/thumbs\/thumbs_Gans2018172.JPG\"\n                    width=\"240\"\n                    height=\"160\"\n                    style=\"max-width:100%;\"\n                \/>\n            <\/a>\n        <\/div>\n\t\t\t\t\t\t\t<\/div> \n\t\t\t\n        \n\t\t\t\t<div id=\"ngg-image-72\" class=\"ngg-gallery-thumbnail-box\" >\n\t\t\t\t        <div class=\"ngg-gallery-thumbnail\">\n            <a href=\"http:\/\/www.karate-neuhofen.at\/wp-content\/gallery\/trainingslager-gnas-2018\/Gans2018173.JPG\"\n               title=\"\"\n               data-src=\"http:\/\/www.karate-neuhofen.at\/wp-content\/gallery\/trainingslager-gnas-2018\/Gans2018173.JPG\"\n               data-thumbnail=\"http:\/\/www.karate-neuhofen.at\/wp-content\/gallery\/trainingslager-gnas-2018\/thumbs\/thumbs_Gans2018173.JPG\"\n               data-image-id=\"18925\"\n               data-title=\"Gans2018(173)\"\n               data-description=\"\"\n               data-image-slug=\"gans2018173\"\n               class=\"shutterset_5a0da7a1340930de18337e8275bb6594\">\n                <img\n                    title=\"Gans2018(173)\"\n                    alt=\"Gans2018(173)\"\n                    src=\"http:\/\/www.karate-neuhofen.at\/wp-content\/gallery\/trainingslager-gnas-2018\/thumbs\/thumbs_Gans2018173.JPG\"\n                    width=\"240\"\n                    height=\"160\"\n                    style=\"max-width:100%;\"\n                \/>\n            <\/a>\n        <\/div>\n\t\t\t\t\t\t\t<\/div> \n\t\t\t\n        \n\t\t\t\t<div id=\"ngg-image-73\" class=\"ngg-gallery-thumbnail-box\" >\n\t\t\t\t        <div class=\"ngg-gallery-thumbnail\">\n            <a href=\"http:\/\/www.karate-neuhofen.at\/wp-content\/gallery\/trainingslager-gnas-2018\/Gans2018174.JPG\"\n               title=\"\"\n               data-src=\"http:\/\/www.karate-neuhofen.at\/wp-content\/gallery\/trainingslager-gnas-2018\/Gans2018174.JPG\"\n               data-thumbnail=\"http:\/\/www.karate-neuhofen.at\/wp-content\/gallery\/trainingslager-gnas-2018\/thumbs\/thumbs_Gans2018174.JPG\"\n               data-image-id=\"18926\"\n               data-title=\"Gans2018(174)\"\n               data-description=\"\"\n               data-image-slug=\"gans2018174\"\n               class=\"shutterset_5a0da7a1340930de18337e8275bb6594\">\n                <img\n                    title=\"Gans2018(174)\"\n                    alt=\"Gans2018(174)\"\n                    src=\"http:\/\/www.karate-neuhofen.at\/wp-content\/gallery\/trainingslager-gnas-2018\/thumbs\/thumbs_Gans2018174.JPG\"\n                    width=\"240\"\n                    height=\"160\"\n                    style=\"max-width:100%;\"\n                \/>\n            <\/a>\n        <\/div>\n\t\t\t\t\t\t\t<\/div> \n\t\t\t\n        \n\t\t\t\t<div id=\"ngg-image-74\" class=\"ngg-gallery-thumbnail-box\" >\n\t\t\t\t        <div class=\"ngg-gallery-thumbnail\">\n            <a href=\"http:\/\/www.karate-neuhofen.at\/wp-content\/gallery\/trainingslager-gnas-2018\/Gans2018175.JPG\"\n               title=\"\"\n               data-src=\"http:\/\/www.karate-neuhofen.at\/wp-content\/gallery\/trainingslager-gnas-2018\/Gans2018175.JPG\"\n               data-thumbnail=\"http:\/\/www.karate-neuhofen.at\/wp-content\/gallery\/trainingslager-gnas-2018\/thumbs\/thumbs_Gans2018175.JPG\"\n               data-image-id=\"18927\"\n               data-title=\"Gans2018(175)\"\n               data-description=\"\"\n               data-image-slug=\"gans2018175\"\n               class=\"shutterset_5a0da7a1340930de18337e8275bb6594\">\n                <img\n                    title=\"Gans2018(175)\"\n                    alt=\"Gans2018(175)\"\n                    src=\"http:\/\/www.karate-neuhofen.at\/wp-content\/gallery\/trainingslager-gnas-2018\/thumbs\/thumbs_Gans2018175.JPG\"\n                    width=\"240\"\n                    height=\"160\"\n                    style=\"max-width:100%;\"\n                \/>\n            <\/a>\n        <\/div>\n\t\t\t\t\t\t\t<\/div> \n\t\t\t\n        \n\t\t\t\t<div id=\"ngg-image-75\" class=\"ngg-gallery-thumbnail-box\" >\n\t\t\t\t        <div class=\"ngg-gallery-thumbnail\">\n            <a href=\"http:\/\/www.karate-neuhofen.at\/wp-content\/gallery\/trainingslager-gnas-2018\/Gans2018176.JPG\"\n               title=\"\"\n               data-src=\"http:\/\/www.karate-neuhofen.at\/wp-content\/gallery\/trainingslager-gnas-2018\/Gans2018176.JPG\"\n               data-thumbnail=\"http:\/\/www.karate-neuhofen.at\/wp-content\/gallery\/trainingslager-gnas-2018\/thumbs\/thumbs_Gans2018176.JPG\"\n               data-image-id=\"18928\"\n               data-title=\"Gans2018(176)\"\n               data-description=\"\"\n               data-image-slug=\"gans2018176\"\n               class=\"shutterset_5a0da7a1340930de18337e8275bb6594\">\n                <img\n                    title=\"Gans2018(176)\"\n                    alt=\"Gans2018(176)\"\n                    src=\"http:\/\/www.karate-neuhofen.at\/wp-content\/gallery\/trainingslager-gnas-2018\/thumbs\/thumbs_Gans2018176.JPG\"\n                    width=\"240\"\n                    height=\"160\"\n                    style=\"max-width:100%;\"\n                \/>\n            <\/a>\n        <\/div>\n\t\t\t\t\t\t\t<\/div> \n\t\t\t\n        \n\t\t\t\t<div id=\"ngg-image-76\" class=\"ngg-gallery-thumbnail-box\" >\n\t\t\t\t        <div class=\"ngg-gallery-thumbnail\">\n            <a href=\"http:\/\/www.karate-neuhofen.at\/wp-content\/gallery\/trainingslager-gnas-2018\/Gans2018177.JPG\"\n               title=\"\"\n               data-src=\"http:\/\/www.karate-neuhofen.at\/wp-content\/gallery\/trainingslager-gnas-2018\/Gans2018177.JPG\"\n               data-thumbnail=\"http:\/\/www.karate-neuhofen.at\/wp-content\/gallery\/trainingslager-gnas-2018\/thumbs\/thumbs_Gans2018177.JPG\"\n               data-image-id=\"18929\"\n               data-title=\"Gans2018(177)\"\n               data-description=\"\"\n               data-image-slug=\"gans2018177\"\n               class=\"shutterset_5a0da7a1340930de18337e8275bb6594\">\n                <img\n                    title=\"Gans2018(177)\"\n                    alt=\"Gans2018(177)\"\n                    src=\"http:\/\/www.karate-neuhofen.at\/wp-content\/gallery\/trainingslager-gnas-2018\/thumbs\/thumbs_Gans2018177.JPG\"\n                    width=\"240\"\n                    height=\"160\"\n                    style=\"max-width:100%;\"\n                \/>\n            <\/a>\n        <\/div>\n\t\t\t\t\t\t\t<\/div> \n\t\t\t\n        \n\t\t\t\t<div id=\"ngg-image-77\" class=\"ngg-gallery-thumbnail-box\" >\n\t\t\t\t        <div class=\"ngg-gallery-thumbnail\">\n            <a href=\"http:\/\/www.karate-neuhofen.at\/wp-content\/gallery\/trainingslager-gnas-2018\/Gans2018178.JPG\"\n               title=\"\"\n               data-src=\"http:\/\/www.karate-neuhofen.at\/wp-content\/gallery\/trainingslager-gnas-2018\/Gans2018178.JPG\"\n               data-thumbnail=\"http:\/\/www.karate-neuhofen.at\/wp-content\/gallery\/trainingslager-gnas-2018\/thumbs\/thumbs_Gans2018178.JPG\"\n               data-image-id=\"18930\"\n               data-title=\"Gans2018(178)\"\n               data-description=\"\"\n               data-image-slug=\"gans2018178\"\n               class=\"shutterset_5a0da7a1340930de18337e8275bb6594\">\n                <img\n                    title=\"Gans2018(178)\"\n                    alt=\"Gans2018(178)\"\n                    src=\"http:\/\/www.karate-neuhofen.at\/wp-content\/gallery\/trainingslager-gnas-2018\/thumbs\/thumbs_Gans2018178.JPG\"\n                    width=\"240\"\n                    height=\"160\"\n                    style=\"max-width:100%;\"\n                \/>\n            <\/a>\n        <\/div>\n\t\t\t\t\t\t\t<\/div> \n\t\t\t\n        \n\t\t\t\t<div id=\"ngg-image-78\" class=\"ngg-gallery-thumbnail-box\" >\n\t\t\t\t        <div class=\"ngg-gallery-thumbnail\">\n            <a href=\"http:\/\/www.karate-neuhofen.at\/wp-content\/gallery\/trainingslager-gnas-2018\/Gans2018179.JPG\"\n               title=\"\"\n               data-src=\"http:\/\/www.karate-neuhofen.at\/wp-content\/gallery\/trainingslager-gnas-2018\/Gans2018179.JPG\"\n               data-thumbnail=\"http:\/\/www.karate-neuhofen.at\/wp-content\/gallery\/trainingslager-gnas-2018\/thumbs\/thumbs_Gans2018179.JPG\"\n               data-image-id=\"18931\"\n               data-title=\"Gans2018(179)\"\n               data-description=\"\"\n               data-image-slug=\"gans2018179\"\n               class=\"shutterset_5a0da7a1340930de18337e8275bb6594\">\n                <img\n                    title=\"Gans2018(179)\"\n                    alt=\"Gans2018(179)\"\n                    src=\"http:\/\/www.karate-neuhofen.at\/wp-content\/gallery\/trainingslager-gnas-2018\/thumbs\/thumbs_Gans2018179.JPG\"\n                    width=\"240\"\n                    height=\"160\"\n                    style=\"max-width:100%;\"\n                \/>\n            <\/a>\n        <\/div>\n\t\t\t\t\t\t\t<\/div> \n\t\t\t\n        \n\t\t\t\t<div id=\"ngg-image-79\" class=\"ngg-gallery-thumbnail-box\" >\n\t\t\t\t        <div class=\"ngg-gallery-thumbnail\">\n            <a href=\"http:\/\/www.karate-neuhofen.at\/wp-content\/gallery\/trainingslager-gnas-2018\/Gans2018180.JPG\"\n               title=\"\"\n               data-src=\"http:\/\/www.karate-neuhofen.at\/wp-content\/gallery\/trainingslager-gnas-2018\/Gans2018180.JPG\"\n               data-thumbnail=\"http:\/\/www.karate-neuhofen.at\/wp-content\/gallery\/trainingslager-gnas-2018\/thumbs\/thumbs_Gans2018180.JPG\"\n               data-image-id=\"18932\"\n               data-title=\"Gans2018(180)\"\n               data-description=\"\"\n               data-image-slug=\"gans2018180\"\n               class=\"shutterset_5a0da7a1340930de18337e8275bb6594\">\n                <img\n                    title=\"Gans2018(180)\"\n                    alt=\"Gans2018(180)\"\n                    src=\"http:\/\/www.karate-neuhofen.at\/wp-content\/gallery\/trainingslager-gnas-2018\/thumbs\/thumbs_Gans2018180.JPG\"\n                    width=\"240\"\n                    height=\"160\"\n                    style=\"max-width:100%;\"\n                \/>\n            <\/a>\n        <\/div>\n\t\t\t\t\t\t\t<\/div> \n\t\t\t\n        \n\t\t\t\t<div id=\"ngg-image-80\" class=\"ngg-gallery-thumbnail-box\" >\n\t\t\t\t        <div class=\"ngg-gallery-thumbnail\">\n            <a href=\"http:\/\/www.karate-neuhofen.at\/wp-content\/gallery\/trainingslager-gnas-2018\/Gans2018181.JPG\"\n               title=\"\"\n               data-src=\"http:\/\/www.karate-neuhofen.at\/wp-content\/gallery\/trainingslager-gnas-2018\/Gans2018181.JPG\"\n               data-thumbnail=\"http:\/\/www.karate-neuhofen.at\/wp-content\/gallery\/trainingslager-gnas-2018\/thumbs\/thumbs_Gans2018181.JPG\"\n               data-image-id=\"18933\"\n               data-title=\"Gans2018(181)\"\n               data-description=\"\"\n               data-image-slug=\"gans2018181\"\n               class=\"shutterset_5a0da7a1340930de18337e8275bb6594\">\n                <img\n                    title=\"Gans2018(181)\"\n                    alt=\"Gans2018(181)\"\n                    src=\"http:\/\/www.karate-neuhofen.at\/wp-content\/gallery\/trainingslager-gnas-2018\/thumbs\/thumbs_Gans2018181.JPG\"\n                    width=\"240\"\n                    height=\"160\"\n                    style=\"max-width:100%;\"\n                \/>\n            <\/a>\n        <\/div>\n\t\t\t\t\t\t\t<\/div> \n\t\t\t\n        \n\t\t\t\t<div id=\"ngg-image-81\" class=\"ngg-gallery-thumbnail-box\" >\n\t\t\t\t        <div class=\"ngg-gallery-thumbnail\">\n            <a href=\"http:\/\/www.karate-neuhofen.at\/wp-content\/gallery\/trainingslager-gnas-2018\/Gans2018182.JPG\"\n               title=\"\"\n               data-src=\"http:\/\/www.karate-neuhofen.at\/wp-content\/gallery\/trainingslager-gnas-2018\/Gans2018182.JPG\"\n               data-thumbnail=\"http:\/\/www.karate-neuhofen.at\/wp-content\/gallery\/trainingslager-gnas-2018\/thumbs\/thumbs_Gans2018182.JPG\"\n               data-image-id=\"18934\"\n               data-title=\"Gans2018(182)\"\n               data-description=\"\"\n               data-image-slug=\"gans2018182\"\n               class=\"shutterset_5a0da7a1340930de18337e8275bb6594\">\n                <img\n                    title=\"Gans2018(182)\"\n                    alt=\"Gans2018(182)\"\n                    src=\"http:\/\/www.karate-neuhofen.at\/wp-content\/gallery\/trainingslager-gnas-2018\/thumbs\/thumbs_Gans2018182.JPG\"\n                    width=\"240\"\n                    height=\"160\"\n                    style=\"max-width:100%;\"\n                \/>\n            <\/a>\n        <\/div>\n\t\t\t\t\t\t\t<\/div> \n\t\t\t\n        \n\t\t\t\t<div id=\"ngg-image-82\" class=\"ngg-gallery-thumbnail-box\" >\n\t\t\t\t        <div class=\"ngg-gallery-thumbnail\">\n            <a href=\"http:\/\/www.karate-neuhofen.at\/wp-content\/gallery\/trainingslager-gnas-2018\/Gans2018183.JPG\"\n               title=\"\"\n               data-src=\"http:\/\/www.karate-neuhofen.at\/wp-content\/gallery\/trainingslager-gnas-2018\/Gans2018183.JPG\"\n               data-thumbnail=\"http:\/\/www.karate-neuhofen.at\/wp-content\/gallery\/trainingslager-gnas-2018\/thumbs\/thumbs_Gans2018183.JPG\"\n               data-image-id=\"18935\"\n               data-title=\"Gans2018(183)\"\n               data-description=\"\"\n               data-image-slug=\"gans2018183\"\n               class=\"shutterset_5a0da7a1340930de18337e8275bb6594\">\n                <img\n                    title=\"Gans2018(183)\"\n                    alt=\"Gans2018(183)\"\n                    src=\"http:\/\/www.karate-neuhofen.at\/wp-content\/gallery\/trainingslager-gnas-2018\/thumbs\/thumbs_Gans2018183.JPG\"\n                    width=\"240\"\n                    height=\"160\"\n                    style=\"max-width:100%;\"\n                \/>\n            <\/a>\n        <\/div>\n\t\t\t\t\t\t\t<\/div> \n\t\t\t\n        \n\t\t\t\t<div id=\"ngg-image-83\" class=\"ngg-gallery-thumbnail-box\" >\n\t\t\t\t        <div class=\"ngg-gallery-thumbnail\">\n            <a href=\"http:\/\/www.karate-neuhofen.at\/wp-content\/gallery\/trainingslager-gnas-2018\/Gans2018184.JPG\"\n               title=\"\"\n               data-src=\"http:\/\/www.karate-neuhofen.at\/wp-content\/gallery\/trainingslager-gnas-2018\/Gans2018184.JPG\"\n               data-thumbnail=\"http:\/\/www.karate-neuhofen.at\/wp-content\/gallery\/trainingslager-gnas-2018\/thumbs\/thumbs_Gans2018184.JPG\"\n               data-image-id=\"18936\"\n               data-title=\"Gans2018(184)\"\n               data-description=\"\"\n               data-image-slug=\"gans2018184\"\n               class=\"shutterset_5a0da7a1340930de18337e8275bb6594\">\n                <img\n                    title=\"Gans2018(184)\"\n                    alt=\"Gans2018(184)\"\n                    src=\"http:\/\/www.karate-neuhofen.at\/wp-content\/gallery\/trainingslager-gnas-2018\/thumbs\/thumbs_Gans2018184.JPG\"\n                    width=\"240\"\n                    height=\"160\"\n                    style=\"max-width:100%;\"\n                \/>\n            <\/a>\n        <\/div>\n\t\t\t\t\t\t\t<\/div> \n\t\t\t\n        \n\t\t\t\t<div id=\"ngg-image-84\" class=\"ngg-gallery-thumbnail-box\" >\n\t\t\t\t        <div class=\"ngg-gallery-thumbnail\">\n            <a href=\"http:\/\/www.karate-neuhofen.at\/wp-content\/gallery\/trainingslager-gnas-2018\/Gans2018185.JPG\"\n               title=\"\"\n               data-src=\"http:\/\/www.karate-neuhofen.at\/wp-content\/gallery\/trainingslager-gnas-2018\/Gans2018185.JPG\"\n               data-thumbnail=\"http:\/\/www.karate-neuhofen.at\/wp-content\/gallery\/trainingslager-gnas-2018\/thumbs\/thumbs_Gans2018185.JPG\"\n               data-image-id=\"18937\"\n               data-title=\"Gans2018(185)\"\n               data-description=\"\"\n               data-image-slug=\"gans2018185\"\n               class=\"shutterset_5a0da7a1340930de18337e8275bb6594\">\n                <img\n                    title=\"Gans2018(185)\"\n                    alt=\"Gans2018(185)\"\n                    src=\"http:\/\/www.karate-neuhofen.at\/wp-content\/gallery\/trainingslager-gnas-2018\/thumbs\/thumbs_Gans2018185.JPG\"\n                    width=\"240\"\n                    height=\"160\"\n                    style=\"max-width:100%;\"\n                \/>\n            <\/a>\n        <\/div>\n\t\t\t\t\t\t\t<\/div> \n\t\t\t\n        \n\t\t\t\t<div id=\"ngg-image-85\" class=\"ngg-gallery-thumbnail-box\" >\n\t\t\t\t        <div class=\"ngg-gallery-thumbnail\">\n            <a href=\"http:\/\/www.karate-neuhofen.at\/wp-content\/gallery\/trainingslager-gnas-2018\/Gans2018186.JPG\"\n               title=\"\"\n               data-src=\"http:\/\/www.karate-neuhofen.at\/wp-content\/gallery\/trainingslager-gnas-2018\/Gans2018186.JPG\"\n               data-thumbnail=\"http:\/\/www.karate-neuhofen.at\/wp-content\/gallery\/trainingslager-gnas-2018\/thumbs\/thumbs_Gans2018186.JPG\"\n               data-image-id=\"18938\"\n               data-title=\"Gans2018(186)\"\n               data-description=\"\"\n               data-image-slug=\"gans2018186\"\n               class=\"shutterset_5a0da7a1340930de18337e8275bb6594\">\n                <img\n                    title=\"Gans2018(186)\"\n                    alt=\"Gans2018(186)\"\n                    src=\"http:\/\/www.karate-neuhofen.at\/wp-content\/gallery\/trainingslager-gnas-2018\/thumbs\/thumbs_Gans2018186.JPG\"\n                    width=\"240\"\n                    height=\"160\"\n                    style=\"max-width:100%;\"\n                \/>\n            <\/a>\n        <\/div>\n\t\t\t\t\t\t\t<\/div> \n\t\t\t\n        \n\t\t\t\t<div id=\"ngg-image-86\" class=\"ngg-gallery-thumbnail-box\" >\n\t\t\t\t        <div class=\"ngg-gallery-thumbnail\">\n            <a href=\"http:\/\/www.karate-neuhofen.at\/wp-content\/gallery\/trainingslager-gnas-2018\/Gans2018187.JPG\"\n               title=\"\"\n               data-src=\"http:\/\/www.karate-neuhofen.at\/wp-content\/gallery\/trainingslager-gnas-2018\/Gans2018187.JPG\"\n               data-thumbnail=\"http:\/\/www.karate-neuhofen.at\/wp-content\/gallery\/trainingslager-gnas-2018\/thumbs\/thumbs_Gans2018187.JPG\"\n               data-image-id=\"18939\"\n               data-title=\"Gans2018(187)\"\n               data-description=\"\"\n               data-image-slug=\"gans2018187\"\n               class=\"shutterset_5a0da7a1340930de18337e8275bb6594\">\n                <img\n                    title=\"Gans2018(187)\"\n                    alt=\"Gans2018(187)\"\n                    src=\"http:\/\/www.karate-neuhofen.at\/wp-content\/gallery\/trainingslager-gnas-2018\/thumbs\/thumbs_Gans2018187.JPG\"\n                    width=\"240\"\n                    height=\"160\"\n                    style=\"max-width:100%;\"\n                \/>\n            <\/a>\n        <\/div>\n\t\t\t\t\t\t\t<\/div> \n\t\t\t\n        \n\t\t\t\t<div id=\"ngg-image-87\" class=\"ngg-gallery-thumbnail-box\" >\n\t\t\t\t        <div class=\"ngg-gallery-thumbnail\">\n            <a href=\"http:\/\/www.karate-neuhofen.at\/wp-content\/gallery\/trainingslager-gnas-2018\/Gans2018188.JPG\"\n               title=\"\"\n               data-src=\"http:\/\/www.karate-neuhofen.at\/wp-content\/gallery\/trainingslager-gnas-2018\/Gans2018188.JPG\"\n               data-thumbnail=\"http:\/\/www.karate-neuhofen.at\/wp-content\/gallery\/trainingslager-gnas-2018\/thumbs\/thumbs_Gans2018188.JPG\"\n               data-image-id=\"18940\"\n               data-title=\"Gans2018(188)\"\n               data-description=\"\"\n               data-image-slug=\"gans2018188\"\n               class=\"shutterset_5a0da7a1340930de18337e8275bb6594\">\n                <img\n                    title=\"Gans2018(188)\"\n                    alt=\"Gans2018(188)\"\n                    src=\"http:\/\/www.karate-neuhofen.at\/wp-content\/gallery\/trainingslager-gnas-2018\/thumbs\/thumbs_Gans2018188.JPG\"\n                    width=\"240\"\n                    height=\"160\"\n                    style=\"max-width:100%;\"\n                \/>\n            <\/a>\n        <\/div>\n\t\t\t\t\t\t\t<\/div> \n\t\t\t\n        \n\t\t\t\t<div id=\"ngg-image-88\" class=\"ngg-gallery-thumbnail-box\" >\n\t\t\t\t        <div class=\"ngg-gallery-thumbnail\">\n            <a href=\"http:\/\/www.karate-neuhofen.at\/wp-content\/gallery\/trainingslager-gnas-2018\/Gans2018189.JPG\"\n               title=\"\"\n               data-src=\"http:\/\/www.karate-neuhofen.at\/wp-content\/gallery\/trainingslager-gnas-2018\/Gans2018189.JPG\"\n               data-thumbnail=\"http:\/\/www.karate-neuhofen.at\/wp-content\/gallery\/trainingslager-gnas-2018\/thumbs\/thumbs_Gans2018189.JPG\"\n               data-image-id=\"18941\"\n               data-title=\"Gans2018(189)\"\n               data-description=\"\"\n               data-image-slug=\"gans2018189\"\n               class=\"shutterset_5a0da7a1340930de18337e8275bb6594\">\n                <img\n                    title=\"Gans2018(189)\"\n                    alt=\"Gans2018(189)\"\n                    src=\"http:\/\/www.karate-neuhofen.at\/wp-content\/gallery\/trainingslager-gnas-2018\/thumbs\/thumbs_Gans2018189.JPG\"\n                    width=\"240\"\n                    height=\"160\"\n                    style=\"max-width:100%;\"\n                \/>\n            <\/a>\n        <\/div>\n\t\t\t\t\t\t\t<\/div> \n\t\t\t\n        \n\t\t\t\t<div id=\"ngg-image-89\" class=\"ngg-gallery-thumbnail-box\" >\n\t\t\t\t        <div class=\"ngg-gallery-thumbnail\">\n            <a href=\"http:\/\/www.karate-neuhofen.at\/wp-content\/gallery\/trainingslager-gnas-2018\/Gans2018190.JPG\"\n               title=\"\"\n               data-src=\"http:\/\/www.karate-neuhofen.at\/wp-content\/gallery\/trainingslager-gnas-2018\/Gans2018190.JPG\"\n               data-thumbnail=\"http:\/\/www.karate-neuhofen.at\/wp-content\/gallery\/trainingslager-gnas-2018\/thumbs\/thumbs_Gans2018190.JPG\"\n               data-image-id=\"18942\"\n               data-title=\"Gans2018(190)\"\n               data-description=\"\"\n               data-image-slug=\"gans2018190\"\n               class=\"shutterset_5a0da7a1340930de18337e8275bb6594\">\n                <img\n                    title=\"Gans2018(190)\"\n                    alt=\"Gans2018(190)\"\n                    src=\"http:\/\/www.karate-neuhofen.at\/wp-content\/gallery\/trainingslager-gnas-2018\/thumbs\/thumbs_Gans2018190.JPG\"\n                    width=\"240\"\n                    height=\"160\"\n                    style=\"max-width:100%;\"\n                \/>\n            <\/a>\n        <\/div>\n\t\t\t\t\t\t\t<\/div> \n\t\t\t\n        \n\t\t\t\t<div id=\"ngg-image-90\" class=\"ngg-gallery-thumbnail-box\" >\n\t\t\t\t        <div class=\"ngg-gallery-thumbnail\">\n            <a href=\"http:\/\/www.karate-neuhofen.at\/wp-content\/gallery\/trainingslager-gnas-2018\/Gans2018191.JPG\"\n               title=\"\"\n               data-src=\"http:\/\/www.karate-neuhofen.at\/wp-content\/gallery\/trainingslager-gnas-2018\/Gans2018191.JPG\"\n               data-thumbnail=\"http:\/\/www.karate-neuhofen.at\/wp-content\/gallery\/trainingslager-gnas-2018\/thumbs\/thumbs_Gans2018191.JPG\"\n               data-image-id=\"18943\"\n               data-title=\"Gans2018(191)\"\n               data-description=\"\"\n               data-image-slug=\"gans2018191\"\n               class=\"shutterset_5a0da7a1340930de18337e8275bb6594\">\n                <img\n                    title=\"Gans2018(191)\"\n                    alt=\"Gans2018(191)\"\n                    src=\"http:\/\/www.karate-neuhofen.at\/wp-content\/gallery\/trainingslager-gnas-2018\/thumbs\/thumbs_Gans2018191.JPG\"\n                    width=\"240\"\n                    height=\"160\"\n                    style=\"max-width:100%;\"\n                \/>\n            <\/a>\n        <\/div>\n\t\t\t\t\t\t\t<\/div> \n\t\t\t\n        \n\t\t\t\t<div id=\"ngg-image-91\" class=\"ngg-gallery-thumbnail-box\" >\n\t\t\t\t        <div class=\"ngg-gallery-thumbnail\">\n            <a href=\"http:\/\/www.karate-neuhofen.at\/wp-content\/gallery\/trainingslager-gnas-2018\/Gans2018192.JPG\"\n               title=\"\"\n               data-src=\"http:\/\/www.karate-neuhofen.at\/wp-content\/gallery\/trainingslager-gnas-2018\/Gans2018192.JPG\"\n               data-thumbnail=\"http:\/\/www.karate-neuhofen.at\/wp-content\/gallery\/trainingslager-gnas-2018\/thumbs\/thumbs_Gans2018192.JPG\"\n               data-image-id=\"18944\"\n               data-title=\"Gans2018(192)\"\n               data-description=\"\"\n               data-image-slug=\"gans2018192\"\n               class=\"shutterset_5a0da7a1340930de18337e8275bb6594\">\n                <img\n                    title=\"Gans2018(192)\"\n                    alt=\"Gans2018(192)\"\n                    src=\"http:\/\/www.karate-neuhofen.at\/wp-content\/gallery\/trainingslager-gnas-2018\/thumbs\/thumbs_Gans2018192.JPG\"\n                    width=\"240\"\n                    height=\"160\"\n                    style=\"max-width:100%;\"\n                \/>\n            <\/a>\n        <\/div>\n\t\t\t\t\t\t\t<\/div> \n\t\t\t\n        \n\t\t\t\t<div id=\"ngg-image-92\" class=\"ngg-gallery-thumbnail-box\" >\n\t\t\t\t        <div class=\"ngg-gallery-thumbnail\">\n            <a href=\"http:\/\/www.karate-neuhofen.at\/wp-content\/gallery\/trainingslager-gnas-2018\/Gans2018193.JPG\"\n               title=\"\"\n               data-src=\"http:\/\/www.karate-neuhofen.at\/wp-content\/gallery\/trainingslager-gnas-2018\/Gans2018193.JPG\"\n               data-thumbnail=\"http:\/\/www.karate-neuhofen.at\/wp-content\/gallery\/trainingslager-gnas-2018\/thumbs\/thumbs_Gans2018193.JPG\"\n               data-image-id=\"18945\"\n               data-title=\"Gans2018(193)\"\n               data-description=\"\"\n               data-image-slug=\"gans2018193\"\n               class=\"shutterset_5a0da7a1340930de18337e8275bb6594\">\n                <img\n                    title=\"Gans2018(193)\"\n                    alt=\"Gans2018(193)\"\n                    src=\"http:\/\/www.karate-neuhofen.at\/wp-content\/gallery\/trainingslager-gnas-2018\/thumbs\/thumbs_Gans2018193.JPG\"\n                    width=\"240\"\n                    height=\"160\"\n                    style=\"max-width:100%;\"\n                \/>\n            <\/a>\n        <\/div>\n\t\t\t\t\t\t\t<\/div> \n\t\t\t\n        \n\t\t\t\t<div id=\"ngg-image-93\" class=\"ngg-gallery-thumbnail-box\" >\n\t\t\t\t        <div class=\"ngg-gallery-thumbnail\">\n            <a href=\"http:\/\/www.karate-neuhofen.at\/wp-content\/gallery\/trainingslager-gnas-2018\/Gans2018194.JPG\"\n               title=\"\"\n               data-src=\"http:\/\/www.karate-neuhofen.at\/wp-content\/gallery\/trainingslager-gnas-2018\/Gans2018194.JPG\"\n               data-thumbnail=\"http:\/\/www.karate-neuhofen.at\/wp-content\/gallery\/trainingslager-gnas-2018\/thumbs\/thumbs_Gans2018194.JPG\"\n               data-image-id=\"18946\"\n               data-title=\"Gans2018(194)\"\n               data-description=\"\"\n               data-image-slug=\"gans2018194\"\n               class=\"shutterset_5a0da7a1340930de18337e8275bb6594\">\n                <img\n                    title=\"Gans2018(194)\"\n                    alt=\"Gans2018(194)\"\n                    src=\"http:\/\/www.karate-neuhofen.at\/wp-content\/gallery\/trainingslager-gnas-2018\/thumbs\/thumbs_Gans2018194.JPG\"\n                    width=\"240\"\n                    height=\"160\"\n                    style=\"max-width:100%;\"\n                \/>\n            <\/a>\n        <\/div>\n\t\t\t\t\t\t\t<\/div> \n\t\t\t\n        \n\t\t\t\t<div id=\"ngg-image-94\" class=\"ngg-gallery-thumbnail-box\" >\n\t\t\t\t        <div class=\"ngg-gallery-thumbnail\">\n            <a href=\"http:\/\/www.karate-neuhofen.at\/wp-content\/gallery\/trainingslager-gnas-2018\/Gans2018195.JPG\"\n               title=\"\"\n               data-src=\"http:\/\/www.karate-neuhofen.at\/wp-content\/gallery\/trainingslager-gnas-2018\/Gans2018195.JPG\"\n               data-thumbnail=\"http:\/\/www.karate-neuhofen.at\/wp-content\/gallery\/trainingslager-gnas-2018\/thumbs\/thumbs_Gans2018195.JPG\"\n               data-image-id=\"18947\"\n               data-title=\"Gans2018(195)\"\n               data-description=\"\"\n               data-image-slug=\"gans2018195\"\n               class=\"shutterset_5a0da7a1340930de18337e8275bb6594\">\n                <img\n                    title=\"Gans2018(195)\"\n                    alt=\"Gans2018(195)\"\n                    src=\"http:\/\/www.karate-neuhofen.at\/wp-content\/gallery\/trainingslager-gnas-2018\/thumbs\/thumbs_Gans2018195.JPG\"\n                    width=\"240\"\n                    height=\"160\"\n                    style=\"max-width:100%;\"\n                \/>\n            <\/a>\n        <\/div>\n\t\t\t\t\t\t\t<\/div> \n\t\t\t\n        \n\t\t\t\t<div id=\"ngg-image-95\" class=\"ngg-gallery-thumbnail-box\" >\n\t\t\t\t        <div class=\"ngg-gallery-thumbnail\">\n            <a href=\"http:\/\/www.karate-neuhofen.at\/wp-content\/gallery\/trainingslager-gnas-2018\/Gans2018196.JPG\"\n               title=\"\"\n               data-src=\"http:\/\/www.karate-neuhofen.at\/wp-content\/gallery\/trainingslager-gnas-2018\/Gans2018196.JPG\"\n               data-thumbnail=\"http:\/\/www.karate-neuhofen.at\/wp-content\/gallery\/trainingslager-gnas-2018\/thumbs\/thumbs_Gans2018196.JPG\"\n               data-image-id=\"18948\"\n               data-title=\"Gans2018(196)\"\n               data-description=\"\"\n               data-image-slug=\"gans2018196\"\n               class=\"shutterset_5a0da7a1340930de18337e8275bb6594\">\n                <img\n                    title=\"Gans2018(196)\"\n                    alt=\"Gans2018(196)\"\n                    src=\"http:\/\/www.karate-neuhofen.at\/wp-content\/gallery\/trainingslager-gnas-2018\/thumbs\/thumbs_Gans2018196.JPG\"\n                    width=\"240\"\n                    height=\"160\"\n                    style=\"max-width:100%;\"\n                \/>\n            <\/a>\n        <\/div>\n\t\t\t\t\t\t\t<\/div> \n\t\t\t\n        \n\t\t\t\t<div id=\"ngg-image-96\" class=\"ngg-gallery-thumbnail-box\" >\n\t\t\t\t        <div class=\"ngg-gallery-thumbnail\">\n            <a href=\"http:\/\/www.karate-neuhofen.at\/wp-content\/gallery\/trainingslager-gnas-2018\/Gans2018197.JPG\"\n               title=\"\"\n               data-src=\"http:\/\/www.karate-neuhofen.at\/wp-content\/gallery\/trainingslager-gnas-2018\/Gans2018197.JPG\"\n               data-thumbnail=\"http:\/\/www.karate-neuhofen.at\/wp-content\/gallery\/trainingslager-gnas-2018\/thumbs\/thumbs_Gans2018197.JPG\"\n               data-image-id=\"18949\"\n               data-title=\"Gans2018(197)\"\n               data-description=\"\"\n               data-image-slug=\"gans2018197\"\n               class=\"shutterset_5a0da7a1340930de18337e8275bb6594\">\n                <img\n                    title=\"Gans2018(197)\"\n                    alt=\"Gans2018(197)\"\n                    src=\"http:\/\/www.karate-neuhofen.at\/wp-content\/gallery\/trainingslager-gnas-2018\/thumbs\/thumbs_Gans2018197.JPG\"\n                    width=\"240\"\n                    height=\"160\"\n                    style=\"max-width:100%;\"\n                \/>\n            <\/a>\n        <\/div>\n\t\t\t\t\t\t\t<\/div> \n\t\t\t\n        \n\t\t\t\t<div id=\"ngg-image-97\" class=\"ngg-gallery-thumbnail-box\" >\n\t\t\t\t        <div class=\"ngg-gallery-thumbnail\">\n            <a href=\"http:\/\/www.karate-neuhofen.at\/wp-content\/gallery\/trainingslager-gnas-2018\/Gans2018198.JPG\"\n               title=\"\"\n               data-src=\"http:\/\/www.karate-neuhofen.at\/wp-content\/gallery\/trainingslager-gnas-2018\/Gans2018198.JPG\"\n               data-thumbnail=\"http:\/\/www.karate-neuhofen.at\/wp-content\/gallery\/trainingslager-gnas-2018\/thumbs\/thumbs_Gans2018198.JPG\"\n               data-image-id=\"18950\"\n               data-title=\"Gans2018(198)\"\n               data-description=\"\"\n               data-image-slug=\"gans2018198\"\n               class=\"shutterset_5a0da7a1340930de18337e8275bb6594\">\n                <img\n                    title=\"Gans2018(198)\"\n                    alt=\"Gans2018(198)\"\n                    src=\"http:\/\/www.karate-neuhofen.at\/wp-content\/gallery\/trainingslager-gnas-2018\/thumbs\/thumbs_Gans2018198.JPG\"\n                    width=\"240\"\n                    height=\"160\"\n                    style=\"max-width:100%;\"\n                \/>\n            <\/a>\n        <\/div>\n\t\t\t\t\t\t\t<\/div> \n\t\t\t\n        \n\t\t\t\t<div id=\"ngg-image-98\" class=\"ngg-gallery-thumbnail-box\" >\n\t\t\t\t        <div class=\"ngg-gallery-thumbnail\">\n            <a href=\"http:\/\/www.karate-neuhofen.at\/wp-content\/gallery\/trainingslager-gnas-2018\/Gans2018199.JPG\"\n               title=\"\"\n               data-src=\"http:\/\/www.karate-neuhofen.at\/wp-content\/gallery\/trainingslager-gnas-2018\/Gans2018199.JPG\"\n               data-thumbnail=\"http:\/\/www.karate-neuhofen.at\/wp-content\/gallery\/trainingslager-gnas-2018\/thumbs\/thumbs_Gans2018199.JPG\"\n               data-image-id=\"18951\"\n               data-title=\"Gans2018(199)\"\n               data-description=\"\"\n               data-image-slug=\"gans2018199\"\n               class=\"shutterset_5a0da7a1340930de18337e8275bb6594\">\n                <img\n                    title=\"Gans2018(199)\"\n                    alt=\"Gans2018(199)\"\n                    src=\"http:\/\/www.karate-neuhofen.at\/wp-content\/gallery\/trainingslager-gnas-2018\/thumbs\/thumbs_Gans2018199.JPG\"\n                    width=\"240\"\n                    height=\"160\"\n                    style=\"max-width:100%;\"\n                \/>\n            <\/a>\n        <\/div>\n\t\t\t\t\t\t\t<\/div> \n\t\t\t\n        \n\t\t\t\t<div id=\"ngg-image-99\" class=\"ngg-gallery-thumbnail-box\" >\n\t\t\t\t        <div class=\"ngg-gallery-thumbnail\">\n            <a href=\"http:\/\/www.karate-neuhofen.at\/wp-content\/gallery\/trainingslager-gnas-2018\/Gans2018200.JPG\"\n               title=\"\"\n               data-src=\"http:\/\/www.karate-neuhofen.at\/wp-content\/gallery\/trainingslager-gnas-2018\/Gans2018200.JPG\"\n               data-thumbnail=\"http:\/\/www.karate-neuhofen.at\/wp-content\/gallery\/trainingslager-gnas-2018\/thumbs\/thumbs_Gans2018200.JPG\"\n               data-image-id=\"18952\"\n               data-title=\"Gans2018(200)\"\n               data-description=\"\"\n               data-image-slug=\"gans2018200\"\n               class=\"shutterset_5a0da7a1340930de18337e8275bb6594\">\n                <img\n                    title=\"Gans2018(200)\"\n                    alt=\"Gans2018(200)\"\n                    src=\"http:\/\/www.karate-neuhofen.at\/wp-content\/gallery\/trainingslager-gnas-2018\/thumbs\/thumbs_Gans2018200.JPG\"\n                    width=\"240\"\n                    height=\"160\"\n                    style=\"max-width:100%;\"\n                \/>\n            <\/a>\n        <\/div>\n\t\t\t\t\t\t\t<\/div> \n\t\t\t\n        \n\t\t\t\t<div id=\"ngg-image-100\" class=\"ngg-gallery-thumbnail-box\" >\n\t\t\t\t        <div class=\"ngg-gallery-thumbnail\">\n            <a href=\"http:\/\/www.karate-neuhofen.at\/wp-content\/gallery\/trainingslager-gnas-2018\/Gans2018201.JPG\"\n               title=\"\"\n               data-src=\"http:\/\/www.karate-neuhofen.at\/wp-content\/gallery\/trainingslager-gnas-2018\/Gans2018201.JPG\"\n               data-thumbnail=\"http:\/\/www.karate-neuhofen.at\/wp-content\/gallery\/trainingslager-gnas-2018\/thumbs\/thumbs_Gans2018201.JPG\"\n               data-image-id=\"18953\"\n               data-title=\"Gans2018(201)\"\n               data-description=\"\"\n               data-image-slug=\"gans2018201\"\n               class=\"shutterset_5a0da7a1340930de18337e8275bb6594\">\n                <img\n                    title=\"Gans2018(201)\"\n                    alt=\"Gans2018(201)\"\n                    src=\"http:\/\/www.karate-neuhofen.at\/wp-content\/gallery\/trainingslager-gnas-2018\/thumbs\/thumbs_Gans2018201.JPG\"\n                    width=\"240\"\n                    height=\"160\"\n                    style=\"max-width:100%;\"\n                \/>\n            <\/a>\n        <\/div>\n\t\t\t\t\t\t\t<\/div> \n\t\t\t\n        \n\t\t\t\t<div id=\"ngg-image-101\" class=\"ngg-gallery-thumbnail-box\" >\n\t\t\t\t        <div class=\"ngg-gallery-thumbnail\">\n            <a href=\"http:\/\/www.karate-neuhofen.at\/wp-content\/gallery\/trainingslager-gnas-2018\/Gans2018202.JPG\"\n               title=\"\"\n               data-src=\"http:\/\/www.karate-neuhofen.at\/wp-content\/gallery\/trainingslager-gnas-2018\/Gans2018202.JPG\"\n               data-thumbnail=\"http:\/\/www.karate-neuhofen.at\/wp-content\/gallery\/trainingslager-gnas-2018\/thumbs\/thumbs_Gans2018202.JPG\"\n               data-image-id=\"18954\"\n               data-title=\"Gans2018(202)\"\n               data-description=\"\"\n               data-image-slug=\"gans2018202\"\n               class=\"shutterset_5a0da7a1340930de18337e8275bb6594\">\n                <img\n                    title=\"Gans2018(202)\"\n                    alt=\"Gans2018(202)\"\n                    src=\"http:\/\/www.karate-neuhofen.at\/wp-content\/gallery\/trainingslager-gnas-2018\/thumbs\/thumbs_Gans2018202.JPG\"\n                    width=\"240\"\n                    height=\"160\"\n                    style=\"max-width:100%;\"\n                \/>\n            <\/a>\n        <\/div>\n\t\t\t\t\t\t\t<\/div> \n\t\t\t\n        \n\t\t\t\t<div id=\"ngg-image-102\" class=\"ngg-gallery-thumbnail-box\" >\n\t\t\t\t        <div class=\"ngg-gallery-thumbnail\">\n            <a href=\"http:\/\/www.karate-neuhofen.at\/wp-content\/gallery\/trainingslager-gnas-2018\/Gans2018203.JPG\"\n               title=\"\"\n               data-src=\"http:\/\/www.karate-neuhofen.at\/wp-content\/gallery\/trainingslager-gnas-2018\/Gans2018203.JPG\"\n               data-thumbnail=\"http:\/\/www.karate-neuhofen.at\/wp-content\/gallery\/trainingslager-gnas-2018\/thumbs\/thumbs_Gans2018203.JPG\"\n               data-image-id=\"18955\"\n               data-title=\"Gans2018(203)\"\n               data-description=\"\"\n               data-image-slug=\"gans2018203\"\n               class=\"shutterset_5a0da7a1340930de18337e8275bb6594\">\n                <img\n                    title=\"Gans2018(203)\"\n                    alt=\"Gans2018(203)\"\n                    src=\"http:\/\/www.karate-neuhofen.at\/wp-content\/gallery\/trainingslager-gnas-2018\/thumbs\/thumbs_Gans2018203.JPG\"\n                    width=\"240\"\n                    height=\"160\"\n                    style=\"max-width:100%;\"\n                \/>\n            <\/a>\n        <\/div>\n\t\t\t\t\t\t\t<\/div> \n\t\t\t\n        \n\t\t\t\t<div id=\"ngg-image-103\" class=\"ngg-gallery-thumbnail-box\" >\n\t\t\t\t        <div class=\"ngg-gallery-thumbnail\">\n            <a href=\"http:\/\/www.karate-neuhofen.at\/wp-content\/gallery\/trainingslager-gnas-2018\/Gans2018204.JPG\"\n               title=\"\"\n               data-src=\"http:\/\/www.karate-neuhofen.at\/wp-content\/gallery\/trainingslager-gnas-2018\/Gans2018204.JPG\"\n               data-thumbnail=\"http:\/\/www.karate-neuhofen.at\/wp-content\/gallery\/trainingslager-gnas-2018\/thumbs\/thumbs_Gans2018204.JPG\"\n               data-image-id=\"18956\"\n               data-title=\"Gans2018(204)\"\n               data-description=\"\"\n               data-image-slug=\"gans2018204\"\n               class=\"shutterset_5a0da7a1340930de18337e8275bb6594\">\n                <img\n                    title=\"Gans2018(204)\"\n                    alt=\"Gans2018(204)\"\n                    src=\"http:\/\/www.karate-neuhofen.at\/wp-content\/gallery\/trainingslager-gnas-2018\/thumbs\/thumbs_Gans2018204.JPG\"\n                    width=\"240\"\n                    height=\"160\"\n                    style=\"max-width:100%;\"\n                \/>\n            <\/a>\n        <\/div>\n\t\t\t\t\t\t\t<\/div> \n\t\t\t\n        \n\t\t\t\t<div id=\"ngg-image-104\" class=\"ngg-gallery-thumbnail-box\" >\n\t\t\t\t        <div class=\"ngg-gallery-thumbnail\">\n            <a href=\"http:\/\/www.karate-neuhofen.at\/wp-content\/gallery\/trainingslager-gnas-2018\/Gans2018205.JPG\"\n               title=\"\"\n               data-src=\"http:\/\/www.karate-neuhofen.at\/wp-content\/gallery\/trainingslager-gnas-2018\/Gans2018205.JPG\"\n               data-thumbnail=\"http:\/\/www.karate-neuhofen.at\/wp-content\/gallery\/trainingslager-gnas-2018\/thumbs\/thumbs_Gans2018205.JPG\"\n               data-image-id=\"18957\"\n               data-title=\"Gans2018(205)\"\n               data-description=\"\"\n               data-image-slug=\"gans2018205\"\n               class=\"shutterset_5a0da7a1340930de18337e8275bb6594\">\n                <img\n                    title=\"Gans2018(205)\"\n                    alt=\"Gans2018(205)\"\n                    src=\"http:\/\/www.karate-neuhofen.at\/wp-content\/gallery\/trainingslager-gnas-2018\/thumbs\/thumbs_Gans2018205.JPG\"\n                    width=\"240\"\n                    height=\"160\"\n                    style=\"max-width:100%;\"\n                \/>\n            <\/a>\n        <\/div>\n\t\t\t\t\t\t\t<\/div> \n\t\t\t\n        \n\t\t\t\t<div id=\"ngg-image-105\" class=\"ngg-gallery-thumbnail-box\" >\n\t\t\t\t        <div class=\"ngg-gallery-thumbnail\">\n            <a href=\"http:\/\/www.karate-neuhofen.at\/wp-content\/gallery\/trainingslager-gnas-2018\/Gans2018206.JPG\"\n               title=\"\"\n               data-src=\"http:\/\/www.karate-neuhofen.at\/wp-content\/gallery\/trainingslager-gnas-2018\/Gans2018206.JPG\"\n               data-thumbnail=\"http:\/\/www.karate-neuhofen.at\/wp-content\/gallery\/trainingslager-gnas-2018\/thumbs\/thumbs_Gans2018206.JPG\"\n               data-image-id=\"18958\"\n               data-title=\"Gans2018(206)\"\n               data-description=\"\"\n               data-image-slug=\"gans2018206\"\n               class=\"shutterset_5a0da7a1340930de18337e8275bb6594\">\n                <img\n                    title=\"Gans2018(206)\"\n                    alt=\"Gans2018(206)\"\n                    src=\"http:\/\/www.karate-neuhofen.at\/wp-content\/gallery\/trainingslager-gnas-2018\/thumbs\/thumbs_Gans2018206.JPG\"\n                    width=\"240\"\n                    height=\"160\"\n                    style=\"max-width:100%;\"\n                \/>\n            <\/a>\n        <\/div>\n\t\t\t\t\t\t\t<\/div> \n\t\t\t\n        \n\t\t\t\t<div id=\"ngg-image-106\" class=\"ngg-gallery-thumbnail-box\" >\n\t\t\t\t        <div class=\"ngg-gallery-thumbnail\">\n            <a href=\"http:\/\/www.karate-neuhofen.at\/wp-content\/gallery\/trainingslager-gnas-2018\/Gans2018207.JPG\"\n               title=\"\"\n               data-src=\"http:\/\/www.karate-neuhofen.at\/wp-content\/gallery\/trainingslager-gnas-2018\/Gans2018207.JPG\"\n               data-thumbnail=\"http:\/\/www.karate-neuhofen.at\/wp-content\/gallery\/trainingslager-gnas-2018\/thumbs\/thumbs_Gans2018207.JPG\"\n               data-image-id=\"18959\"\n               data-title=\"Gans2018(207)\"\n               data-description=\"\"\n               data-image-slug=\"gans2018207\"\n               class=\"shutterset_5a0da7a1340930de18337e8275bb6594\">\n                <img\n                    title=\"Gans2018(207)\"\n                    alt=\"Gans2018(207)\"\n                    src=\"http:\/\/www.karate-neuhofen.at\/wp-content\/gallery\/trainingslager-gnas-2018\/thumbs\/thumbs_Gans2018207.JPG\"\n                    width=\"240\"\n                    height=\"160\"\n                    style=\"max-width:100%;\"\n                \/>\n            <\/a>\n        <\/div>\n\t\t\t\t\t\t\t<\/div> \n\t\t\t\n        \n\t\t\t\t<div id=\"ngg-image-107\" class=\"ngg-gallery-thumbnail-box\" >\n\t\t\t\t        <div class=\"ngg-gallery-thumbnail\">\n            <a href=\"http:\/\/www.karate-neuhofen.at\/wp-content\/gallery\/trainingslager-gnas-2018\/Gans2018208.JPG\"\n               title=\"\"\n               data-src=\"http:\/\/www.karate-neuhofen.at\/wp-content\/gallery\/trainingslager-gnas-2018\/Gans2018208.JPG\"\n               data-thumbnail=\"http:\/\/www.karate-neuhofen.at\/wp-content\/gallery\/trainingslager-gnas-2018\/thumbs\/thumbs_Gans2018208.JPG\"\n               data-image-id=\"18960\"\n               data-title=\"Gans2018(208)\"\n               data-description=\"\"\n               data-image-slug=\"gans2018208\"\n               class=\"shutterset_5a0da7a1340930de18337e8275bb6594\">\n                <img\n                    title=\"Gans2018(208)\"\n                    alt=\"Gans2018(208)\"\n                    src=\"http:\/\/www.karate-neuhofen.at\/wp-content\/gallery\/trainingslager-gnas-2018\/thumbs\/thumbs_Gans2018208.JPG\"\n                    width=\"240\"\n                    height=\"160\"\n                    style=\"max-width:100%;\"\n                \/>\n            <\/a>\n        <\/div>\n\t\t\t\t\t\t\t<\/div> \n\t\t\t\n        \n\t\t\t\t<div id=\"ngg-image-108\" class=\"ngg-gallery-thumbnail-box\" >\n\t\t\t\t        <div class=\"ngg-gallery-thumbnail\">\n            <a href=\"http:\/\/www.karate-neuhofen.at\/wp-content\/gallery\/trainingslager-gnas-2018\/Gans2018209.JPG\"\n               title=\"\"\n               data-src=\"http:\/\/www.karate-neuhofen.at\/wp-content\/gallery\/trainingslager-gnas-2018\/Gans2018209.JPG\"\n               data-thumbnail=\"http:\/\/www.karate-neuhofen.at\/wp-content\/gallery\/trainingslager-gnas-2018\/thumbs\/thumbs_Gans2018209.JPG\"\n               data-image-id=\"18961\"\n               data-title=\"Gans2018(209)\"\n               data-description=\"\"\n               data-image-slug=\"gans2018209\"\n               class=\"shutterset_5a0da7a1340930de18337e8275bb6594\">\n                <img\n                    title=\"Gans2018(209)\"\n                    alt=\"Gans2018(209)\"\n                    src=\"http:\/\/www.karate-neuhofen.at\/wp-content\/gallery\/trainingslager-gnas-2018\/thumbs\/thumbs_Gans2018209.JPG\"\n                    width=\"240\"\n                    height=\"160\"\n                    style=\"max-width:100%;\"\n                \/>\n            <\/a>\n        <\/div>\n\t\t\t\t\t\t\t<\/div> \n\t\t\t\n        \n\t\t\t\t<div id=\"ngg-image-109\" class=\"ngg-gallery-thumbnail-box\" >\n\t\t\t\t        <div class=\"ngg-gallery-thumbnail\">\n            <a href=\"http:\/\/www.karate-neuhofen.at\/wp-content\/gallery\/trainingslager-gnas-2018\/Gans2018210.JPG\"\n               title=\"\"\n               data-src=\"http:\/\/www.karate-neuhofen.at\/wp-content\/gallery\/trainingslager-gnas-2018\/Gans2018210.JPG\"\n               data-thumbnail=\"http:\/\/www.karate-neuhofen.at\/wp-content\/gallery\/trainingslager-gnas-2018\/thumbs\/thumbs_Gans2018210.JPG\"\n               data-image-id=\"18962\"\n               data-title=\"Gans2018(210)\"\n               data-description=\"\"\n               data-image-slug=\"gans2018210\"\n               class=\"shutterset_5a0da7a1340930de18337e8275bb6594\">\n                <img\n                    title=\"Gans2018(210)\"\n                    alt=\"Gans2018(210)\"\n                    src=\"http:\/\/www.karate-neuhofen.at\/wp-content\/gallery\/trainingslager-gnas-2018\/thumbs\/thumbs_Gans2018210.JPG\"\n                    width=\"240\"\n                    height=\"160\"\n                    style=\"max-width:100%;\"\n                \/>\n            <\/a>\n        <\/div>\n\t\t\t\t\t\t\t<\/div> \n\t\t\t\n        \n\t\t\t\t<div id=\"ngg-image-110\" class=\"ngg-gallery-thumbnail-box\" >\n\t\t\t\t        <div class=\"ngg-gallery-thumbnail\">\n            <a href=\"http:\/\/www.karate-neuhofen.at\/wp-content\/gallery\/trainingslager-gnas-2018\/Gans2018211.JPG\"\n               title=\"\"\n               data-src=\"http:\/\/www.karate-neuhofen.at\/wp-content\/gallery\/trainingslager-gnas-2018\/Gans2018211.JPG\"\n               data-thumbnail=\"http:\/\/www.karate-neuhofen.at\/wp-content\/gallery\/trainingslager-gnas-2018\/thumbs\/thumbs_Gans2018211.JPG\"\n               data-image-id=\"18963\"\n               data-title=\"Gans2018(211)\"\n               data-description=\"\"\n               data-image-slug=\"gans2018211\"\n               class=\"shutterset_5a0da7a1340930de18337e8275bb6594\">\n                <img\n                    title=\"Gans2018(211)\"\n                    alt=\"Gans2018(211)\"\n                    src=\"http:\/\/www.karate-neuhofen.at\/wp-content\/gallery\/trainingslager-gnas-2018\/thumbs\/thumbs_Gans2018211.JPG\"\n                    width=\"240\"\n                    height=\"160\"\n                    style=\"max-width:100%;\"\n                \/>\n            <\/a>\n        <\/div>\n\t\t\t\t\t\t\t<\/div> \n\t\t\t\n        \n\t\t\t\t<div id=\"ngg-image-111\" class=\"ngg-gallery-thumbnail-box\" >\n\t\t\t\t        <div class=\"ngg-gallery-thumbnail\">\n            <a href=\"http:\/\/www.karate-neuhofen.at\/wp-content\/gallery\/trainingslager-gnas-2018\/Gans2018212.JPG\"\n               title=\"\"\n               data-src=\"http:\/\/www.karate-neuhofen.at\/wp-content\/gallery\/trainingslager-gnas-2018\/Gans2018212.JPG\"\n               data-thumbnail=\"http:\/\/www.karate-neuhofen.at\/wp-content\/gallery\/trainingslager-gnas-2018\/thumbs\/thumbs_Gans2018212.JPG\"\n               data-image-id=\"18964\"\n               data-title=\"Gans2018(212)\"\n               data-description=\"\"\n               data-image-slug=\"gans2018212\"\n               class=\"shutterset_5a0da7a1340930de18337e8275bb6594\">\n                <img\n                    title=\"Gans2018(212)\"\n                    alt=\"Gans2018(212)\"\n                    src=\"http:\/\/www.karate-neuhofen.at\/wp-content\/gallery\/trainingslager-gnas-2018\/thumbs\/thumbs_Gans2018212.JPG\"\n                    width=\"240\"\n                    height=\"160\"\n                    style=\"max-width:100%;\"\n                \/>\n            <\/a>\n        <\/div>\n\t\t\t\t\t\t\t<\/div> \n\t\t\t\n        \n\t\t\t\t<div id=\"ngg-image-112\" class=\"ngg-gallery-thumbnail-box\" >\n\t\t\t\t        <div class=\"ngg-gallery-thumbnail\">\n            <a href=\"http:\/\/www.karate-neuhofen.at\/wp-content\/gallery\/trainingslager-gnas-2018\/Gans2018213.JPG\"\n               title=\"\"\n               data-src=\"http:\/\/www.karate-neuhofen.at\/wp-content\/gallery\/trainingslager-gnas-2018\/Gans2018213.JPG\"\n               data-thumbnail=\"http:\/\/www.karate-neuhofen.at\/wp-content\/gallery\/trainingslager-gnas-2018\/thumbs\/thumbs_Gans2018213.JPG\"\n               data-image-id=\"18965\"\n               data-title=\"Gans2018(213)\"\n               data-description=\"\"\n               data-image-slug=\"gans2018213\"\n               class=\"shutterset_5a0da7a1340930de18337e8275bb6594\">\n                <img\n                    title=\"Gans2018(213)\"\n                    alt=\"Gans2018(213)\"\n                    src=\"http:\/\/www.karate-neuhofen.at\/wp-content\/gallery\/trainingslager-gnas-2018\/thumbs\/thumbs_Gans2018213.JPG\"\n                    width=\"240\"\n                    height=\"160\"\n                    style=\"max-width:100%;\"\n                \/>\n            <\/a>\n        <\/div>\n\t\t\t\t\t\t\t<\/div> \n\t\t\t\n        \n\t\t\t\t<div id=\"ngg-image-113\" class=\"ngg-gallery-thumbnail-box\" >\n\t\t\t\t        <div class=\"ngg-gallery-thumbnail\">\n            <a href=\"http:\/\/www.karate-neuhofen.at\/wp-content\/gallery\/trainingslager-gnas-2018\/Gans2018214.JPG\"\n               title=\"\"\n               data-src=\"http:\/\/www.karate-neuhofen.at\/wp-content\/gallery\/trainingslager-gnas-2018\/Gans2018214.JPG\"\n               data-thumbnail=\"http:\/\/www.karate-neuhofen.at\/wp-content\/gallery\/trainingslager-gnas-2018\/thumbs\/thumbs_Gans2018214.JPG\"\n               data-image-id=\"18966\"\n               data-title=\"Gans2018(214)\"\n               data-description=\"\"\n               data-image-slug=\"gans2018214\"\n               class=\"shutterset_5a0da7a1340930de18337e8275bb6594\">\n                <img\n                    title=\"Gans2018(214)\"\n                    alt=\"Gans2018(214)\"\n                    src=\"http:\/\/www.karate-neuhofen.at\/wp-content\/gallery\/trainingslager-gnas-2018\/thumbs\/thumbs_Gans2018214.JPG\"\n                    width=\"240\"\n                    height=\"160\"\n                    style=\"max-width:100%;\"\n                \/>\n            <\/a>\n        <\/div>\n\t\t\t\t\t\t\t<\/div> \n\t\t\t\n        \n\t\t\t\t<div id=\"ngg-image-114\" class=\"ngg-gallery-thumbnail-box\" >\n\t\t\t\t        <div class=\"ngg-gallery-thumbnail\">\n            <a href=\"http:\/\/www.karate-neuhofen.at\/wp-content\/gallery\/trainingslager-gnas-2018\/Gans2018215.JPG\"\n               title=\"\"\n               data-src=\"http:\/\/www.karate-neuhofen.at\/wp-content\/gallery\/trainingslager-gnas-2018\/Gans2018215.JPG\"\n               data-thumbnail=\"http:\/\/www.karate-neuhofen.at\/wp-content\/gallery\/trainingslager-gnas-2018\/thumbs\/thumbs_Gans2018215.JPG\"\n               data-image-id=\"18967\"\n               data-title=\"Gans2018(215)\"\n               data-description=\"\"\n               data-image-slug=\"gans2018215\"\n               class=\"shutterset_5a0da7a1340930de18337e8275bb6594\">\n                <img\n                    title=\"Gans2018(215)\"\n                    alt=\"Gans2018(215)\"\n                    src=\"http:\/\/www.karate-neuhofen.at\/wp-content\/gallery\/trainingslager-gnas-2018\/thumbs\/thumbs_Gans2018215.JPG\"\n                    width=\"240\"\n                    height=\"160\"\n                    style=\"max-width:100%;\"\n                \/>\n            <\/a>\n        <\/div>\n\t\t\t\t\t\t\t<\/div> \n\t\t\t\n        \n\t\t\t\t<div id=\"ngg-image-115\" class=\"ngg-gallery-thumbnail-box\" >\n\t\t\t\t        <div class=\"ngg-gallery-thumbnail\">\n            <a href=\"http:\/\/www.karate-neuhofen.at\/wp-content\/gallery\/trainingslager-gnas-2018\/Gans2018216.JPG\"\n               title=\"\"\n               data-src=\"http:\/\/www.karate-neuhofen.at\/wp-content\/gallery\/trainingslager-gnas-2018\/Gans2018216.JPG\"\n               data-thumbnail=\"http:\/\/www.karate-neuhofen.at\/wp-content\/gallery\/trainingslager-gnas-2018\/thumbs\/thumbs_Gans2018216.JPG\"\n               data-image-id=\"18968\"\n               data-title=\"Gans2018(216)\"\n               data-description=\"\"\n               data-image-slug=\"gans2018216\"\n               class=\"shutterset_5a0da7a1340930de18337e8275bb6594\">\n                <img\n                    title=\"Gans2018(216)\"\n                    alt=\"Gans2018(216)\"\n                    src=\"http:\/\/www.karate-neuhofen.at\/wp-content\/gallery\/trainingslager-gnas-2018\/thumbs\/thumbs_Gans2018216.JPG\"\n                    width=\"240\"\n                    height=\"160\"\n                    style=\"max-width:100%;\"\n                \/>\n            <\/a>\n        <\/div>\n\t\t\t\t\t\t\t<\/div> \n\t\t\t\n        \n\t\t\t\t<div id=\"ngg-image-116\" class=\"ngg-gallery-thumbnail-box\" >\n\t\t\t\t        <div class=\"ngg-gallery-thumbnail\">\n            <a href=\"http:\/\/www.karate-neuhofen.at\/wp-content\/gallery\/trainingslager-gnas-2018\/Gans2018217.JPG\"\n               title=\"\"\n               data-src=\"http:\/\/www.karate-neuhofen.at\/wp-content\/gallery\/trainingslager-gnas-2018\/Gans2018217.JPG\"\n               data-thumbnail=\"http:\/\/www.karate-neuhofen.at\/wp-content\/gallery\/trainingslager-gnas-2018\/thumbs\/thumbs_Gans2018217.JPG\"\n               data-image-id=\"18969\"\n               data-title=\"Gans2018(217)\"\n               data-description=\"\"\n               data-image-slug=\"gans2018217\"\n               class=\"shutterset_5a0da7a1340930de18337e8275bb6594\">\n                <img\n                    title=\"Gans2018(217)\"\n                    alt=\"Gans2018(217)\"\n                    src=\"http:\/\/www.karate-neuhofen.at\/wp-content\/gallery\/trainingslager-gnas-2018\/thumbs\/thumbs_Gans2018217.JPG\"\n                    width=\"240\"\n                    height=\"160\"\n                    style=\"max-width:100%;\"\n                \/>\n            <\/a>\n        <\/div>\n\t\t\t\t\t\t\t<\/div> \n\t\t\t\n        \n\t\t\t\t<div id=\"ngg-image-117\" class=\"ngg-gallery-thumbnail-box\" >\n\t\t\t\t        <div class=\"ngg-gallery-thumbnail\">\n            <a href=\"http:\/\/www.karate-neuhofen.at\/wp-content\/gallery\/trainingslager-gnas-2018\/Gans2018218.JPG\"\n               title=\"\"\n               data-src=\"http:\/\/www.karate-neuhofen.at\/wp-content\/gallery\/trainingslager-gnas-2018\/Gans2018218.JPG\"\n               data-thumbnail=\"http:\/\/www.karate-neuhofen.at\/wp-content\/gallery\/trainingslager-gnas-2018\/thumbs\/thumbs_Gans2018218.JPG\"\n               data-image-id=\"18970\"\n               data-title=\"Gans2018(218)\"\n               data-description=\"\"\n               data-image-slug=\"gans2018218\"\n               class=\"shutterset_5a0da7a1340930de18337e8275bb6594\">\n                <img\n                    title=\"Gans2018(218)\"\n                    alt=\"Gans2018(218)\"\n                    src=\"http:\/\/www.karate-neuhofen.at\/wp-content\/gallery\/trainingslager-gnas-2018\/thumbs\/thumbs_Gans2018218.JPG\"\n                    width=\"240\"\n                    height=\"160\"\n                    style=\"max-width:100%;\"\n                \/>\n            <\/a>\n        <\/div>\n\t\t\t\t\t\t\t<\/div> \n\t\t\t\n        \n\t\t\t\t<div id=\"ngg-image-118\" class=\"ngg-gallery-thumbnail-box\" >\n\t\t\t\t        <div class=\"ngg-gallery-thumbnail\">\n            <a href=\"http:\/\/www.karate-neuhofen.at\/wp-content\/gallery\/trainingslager-gnas-2018\/Gans2018219.JPG\"\n               title=\"\"\n               data-src=\"http:\/\/www.karate-neuhofen.at\/wp-content\/gallery\/trainingslager-gnas-2018\/Gans2018219.JPG\"\n               data-thumbnail=\"http:\/\/www.karate-neuhofen.at\/wp-content\/gallery\/trainingslager-gnas-2018\/thumbs\/thumbs_Gans2018219.JPG\"\n               data-image-id=\"18971\"\n               data-title=\"Gans2018(219)\"\n               data-description=\"\"\n               data-image-slug=\"gans2018219\"\n               class=\"shutterset_5a0da7a1340930de18337e8275bb6594\">\n                <img\n                    title=\"Gans2018(219)\"\n                    alt=\"Gans2018(219)\"\n                    src=\"http:\/\/www.karate-neuhofen.at\/wp-content\/gallery\/trainingslager-gnas-2018\/thumbs\/thumbs_Gans2018219.JPG\"\n                    width=\"240\"\n                    height=\"160\"\n                    style=\"max-width:100%;\"\n                \/>\n            <\/a>\n        <\/div>\n\t\t\t\t\t\t\t<\/div> \n\t\t\t\n        \n\t\t\t\t<div id=\"ngg-image-119\" class=\"ngg-gallery-thumbnail-box\" >\n\t\t\t\t        <div class=\"ngg-gallery-thumbnail\">\n            <a href=\"http:\/\/www.karate-neuhofen.at\/wp-content\/gallery\/trainingslager-gnas-2018\/Gans2018220.JPG\"\n               title=\"\"\n               data-src=\"http:\/\/www.karate-neuhofen.at\/wp-content\/gallery\/trainingslager-gnas-2018\/Gans2018220.JPG\"\n               data-thumbnail=\"http:\/\/www.karate-neuhofen.at\/wp-content\/gallery\/trainingslager-gnas-2018\/thumbs\/thumbs_Gans2018220.JPG\"\n               data-image-id=\"18972\"\n               data-title=\"Gans2018(220)\"\n               data-description=\"\"\n               data-image-slug=\"gans2018220\"\n               class=\"shutterset_5a0da7a1340930de18337e8275bb6594\">\n                <img\n                    title=\"Gans2018(220)\"\n                    alt=\"Gans2018(220)\"\n                    src=\"http:\/\/www.karate-neuhofen.at\/wp-content\/gallery\/trainingslager-gnas-2018\/thumbs\/thumbs_Gans2018220.JPG\"\n                    width=\"240\"\n                    height=\"160\"\n                    style=\"max-width:100%;\"\n                \/>\n            <\/a>\n        <\/div>\n\t\t\t\t\t\t\t<\/div> \n\t\t\t\n        \n\t\t\t\t<div id=\"ngg-image-120\" class=\"ngg-gallery-thumbnail-box\" >\n\t\t\t\t        <div class=\"ngg-gallery-thumbnail\">\n            <a href=\"http:\/\/www.karate-neuhofen.at\/wp-content\/gallery\/trainingslager-gnas-2018\/Gans2018221.JPG\"\n               title=\"\"\n               data-src=\"http:\/\/www.karate-neuhofen.at\/wp-content\/gallery\/trainingslager-gnas-2018\/Gans2018221.JPG\"\n               data-thumbnail=\"http:\/\/www.karate-neuhofen.at\/wp-content\/gallery\/trainingslager-gnas-2018\/thumbs\/thumbs_Gans2018221.JPG\"\n               data-image-id=\"18973\"\n               data-title=\"Gans2018(221)\"\n               data-description=\"\"\n               data-image-slug=\"gans2018221\"\n               class=\"shutterset_5a0da7a1340930de18337e8275bb6594\">\n                <img\n                    title=\"Gans2018(221)\"\n                    alt=\"Gans2018(221)\"\n                    src=\"http:\/\/www.karate-neuhofen.at\/wp-content\/gallery\/trainingslager-gnas-2018\/thumbs\/thumbs_Gans2018221.JPG\"\n                    width=\"240\"\n                    height=\"160\"\n                    style=\"max-width:100%;\"\n                \/>\n            <\/a>\n        <\/div>\n\t\t\t\t\t\t\t<\/div> \n\t\t\t\n        \n\t\t\t\t<div id=\"ngg-image-121\" class=\"ngg-gallery-thumbnail-box\" >\n\t\t\t\t        <div class=\"ngg-gallery-thumbnail\">\n            <a href=\"http:\/\/www.karate-neuhofen.at\/wp-content\/gallery\/trainingslager-gnas-2018\/Gans2018222.JPG\"\n               title=\"\"\n               data-src=\"http:\/\/www.karate-neuhofen.at\/wp-content\/gallery\/trainingslager-gnas-2018\/Gans2018222.JPG\"\n               data-thumbnail=\"http:\/\/www.karate-neuhofen.at\/wp-content\/gallery\/trainingslager-gnas-2018\/thumbs\/thumbs_Gans2018222.JPG\"\n               data-image-id=\"18974\"\n               data-title=\"Gans2018(222)\"\n               data-description=\"\"\n               data-image-slug=\"gans2018222\"\n               class=\"shutterset_5a0da7a1340930de18337e8275bb6594\">\n                <img\n                    title=\"Gans2018(222)\"\n                    alt=\"Gans2018(222)\"\n                    src=\"http:\/\/www.karate-neuhofen.at\/wp-content\/gallery\/trainingslager-gnas-2018\/thumbs\/thumbs_Gans2018222.JPG\"\n                    width=\"240\"\n                    height=\"160\"\n                    style=\"max-width:100%;\"\n                \/>\n            <\/a>\n        <\/div>\n\t\t\t\t\t\t\t<\/div> \n\t\t\t\n        \n\t\t\t\t<div id=\"ngg-image-122\" class=\"ngg-gallery-thumbnail-box\" >\n\t\t\t\t        <div class=\"ngg-gallery-thumbnail\">\n            <a href=\"http:\/\/www.karate-neuhofen.at\/wp-content\/gallery\/trainingslager-gnas-2018\/Gans2018223.JPG\"\n               title=\"\"\n               data-src=\"http:\/\/www.karate-neuhofen.at\/wp-content\/gallery\/trainingslager-gnas-2018\/Gans2018223.JPG\"\n               data-thumbnail=\"http:\/\/www.karate-neuhofen.at\/wp-content\/gallery\/trainingslager-gnas-2018\/thumbs\/thumbs_Gans2018223.JPG\"\n               data-image-id=\"18975\"\n               data-title=\"Gans2018(223)\"\n               data-description=\"\"\n               data-image-slug=\"gans2018223\"\n               class=\"shutterset_5a0da7a1340930de18337e8275bb6594\">\n                <img\n                    title=\"Gans2018(223)\"\n                    alt=\"Gans2018(223)\"\n                    src=\"http:\/\/www.karate-neuhofen.at\/wp-content\/gallery\/trainingslager-gnas-2018\/thumbs\/thumbs_Gans2018223.JPG\"\n                    width=\"240\"\n                    height=\"160\"\n                    style=\"max-width:100%;\"\n                \/>\n            <\/a>\n        <\/div>\n\t\t\t\t\t\t\t<\/div> \n\t\t\t\n        \n\t\t\t\t<div id=\"ngg-image-123\" class=\"ngg-gallery-thumbnail-box\" >\n\t\t\t\t        <div class=\"ngg-gallery-thumbnail\">\n            <a href=\"http:\/\/www.karate-neuhofen.at\/wp-content\/gallery\/trainingslager-gnas-2018\/Gans2018224.JPG\"\n               title=\"\"\n               data-src=\"http:\/\/www.karate-neuhofen.at\/wp-content\/gallery\/trainingslager-gnas-2018\/Gans2018224.JPG\"\n               data-thumbnail=\"http:\/\/www.karate-neuhofen.at\/wp-content\/gallery\/trainingslager-gnas-2018\/thumbs\/thumbs_Gans2018224.JPG\"\n               data-image-id=\"18976\"\n               data-title=\"Gans2018(224)\"\n               data-description=\"\"\n               data-image-slug=\"gans2018224\"\n               class=\"shutterset_5a0da7a1340930de18337e8275bb6594\">\n                <img\n                    title=\"Gans2018(224)\"\n                    alt=\"Gans2018(224)\"\n                    src=\"http:\/\/www.karate-neuhofen.at\/wp-content\/gallery\/trainingslager-gnas-2018\/thumbs\/thumbs_Gans2018224.JPG\"\n                    width=\"240\"\n                    height=\"160\"\n                    style=\"max-width:100%;\"\n                \/>\n            <\/a>\n        <\/div>\n\t\t\t\t\t\t\t<\/div> \n\t\t\t\n        \n\t\t\t\t<div id=\"ngg-image-124\" class=\"ngg-gallery-thumbnail-box\" >\n\t\t\t\t        <div class=\"ngg-gallery-thumbnail\">\n            <a href=\"http:\/\/www.karate-neuhofen.at\/wp-content\/gallery\/trainingslager-gnas-2018\/Gans2018225.JPG\"\n               title=\"\"\n               data-src=\"http:\/\/www.karate-neuhofen.at\/wp-content\/gallery\/trainingslager-gnas-2018\/Gans2018225.JPG\"\n               data-thumbnail=\"http:\/\/www.karate-neuhofen.at\/wp-content\/gallery\/trainingslager-gnas-2018\/thumbs\/thumbs_Gans2018225.JPG\"\n               data-image-id=\"18977\"\n               data-title=\"Gans2018(225)\"\n               data-description=\"\"\n               data-image-slug=\"gans2018225\"\n               class=\"shutterset_5a0da7a1340930de18337e8275bb6594\">\n                <img\n                    title=\"Gans2018(225)\"\n                    alt=\"Gans2018(225)\"\n                    src=\"http:\/\/www.karate-neuhofen.at\/wp-content\/gallery\/trainingslager-gnas-2018\/thumbs\/thumbs_Gans2018225.JPG\"\n                    width=\"240\"\n                    height=\"160\"\n                    style=\"max-width:100%;\"\n                \/>\n            <\/a>\n        <\/div>\n\t\t\t\t\t\t\t<\/div> \n\t\t\t\n        \n\t\t\t\t<div id=\"ngg-image-125\" class=\"ngg-gallery-thumbnail-box\" >\n\t\t\t\t        <div class=\"ngg-gallery-thumbnail\">\n            <a href=\"http:\/\/www.karate-neuhofen.at\/wp-content\/gallery\/trainingslager-gnas-2018\/Gans2018226.JPG\"\n               title=\"\"\n               data-src=\"http:\/\/www.karate-neuhofen.at\/wp-content\/gallery\/trainingslager-gnas-2018\/Gans2018226.JPG\"\n               data-thumbnail=\"http:\/\/www.karate-neuhofen.at\/wp-content\/gallery\/trainingslager-gnas-2018\/thumbs\/thumbs_Gans2018226.JPG\"\n               data-image-id=\"18978\"\n               data-title=\"Gans2018(226)\"\n               data-description=\"\"\n               data-image-slug=\"gans2018226\"\n               class=\"shutterset_5a0da7a1340930de18337e8275bb6594\">\n                <img\n                    title=\"Gans2018(226)\"\n                    alt=\"Gans2018(226)\"\n                    src=\"http:\/\/www.karate-neuhofen.at\/wp-content\/gallery\/trainingslager-gnas-2018\/thumbs\/thumbs_Gans2018226.JPG\"\n                    width=\"240\"\n                    height=\"160\"\n                    style=\"max-width:100%;\"\n                \/>\n            <\/a>\n        <\/div>\n\t\t\t\t\t\t\t<\/div> \n\t\t\t\n        \n\t\t\t\t<div id=\"ngg-image-126\" class=\"ngg-gallery-thumbnail-box\" >\n\t\t\t\t        <div class=\"ngg-gallery-thumbnail\">\n            <a href=\"http:\/\/www.karate-neuhofen.at\/wp-content\/gallery\/trainingslager-gnas-2018\/Gans2018227.JPG\"\n               title=\"\"\n               data-src=\"http:\/\/www.karate-neuhofen.at\/wp-content\/gallery\/trainingslager-gnas-2018\/Gans2018227.JPG\"\n               data-thumbnail=\"http:\/\/www.karate-neuhofen.at\/wp-content\/gallery\/trainingslager-gnas-2018\/thumbs\/thumbs_Gans2018227.JPG\"\n               data-image-id=\"18979\"\n               data-title=\"Gans2018(227)\"\n               data-description=\"\"\n               data-image-slug=\"gans2018227\"\n               class=\"shutterset_5a0da7a1340930de18337e8275bb6594\">\n                <img\n                    title=\"Gans2018(227)\"\n                    alt=\"Gans2018(227)\"\n                    src=\"http:\/\/www.karate-neuhofen.at\/wp-content\/gallery\/trainingslager-gnas-2018\/thumbs\/thumbs_Gans2018227.JPG\"\n                    width=\"240\"\n                    height=\"160\"\n                    style=\"max-width:100%;\"\n                \/>\n            <\/a>\n        <\/div>\n\t\t\t\t\t\t\t<\/div> \n\t\t\t\n        \n\t\t\t\t<div id=\"ngg-image-127\" class=\"ngg-gallery-thumbnail-box\" >\n\t\t\t\t        <div class=\"ngg-gallery-thumbnail\">\n            <a href=\"http:\/\/www.karate-neuhofen.at\/wp-content\/gallery\/trainingslager-gnas-2018\/Gans2018228.JPG\"\n               title=\"\"\n               data-src=\"http:\/\/www.karate-neuhofen.at\/wp-content\/gallery\/trainingslager-gnas-2018\/Gans2018228.JPG\"\n               data-thumbnail=\"http:\/\/www.karate-neuhofen.at\/wp-content\/gallery\/trainingslager-gnas-2018\/thumbs\/thumbs_Gans2018228.JPG\"\n               data-image-id=\"18980\"\n               data-title=\"Gans2018(228)\"\n               data-description=\"\"\n               data-image-slug=\"gans2018228\"\n               class=\"shutterset_5a0da7a1340930de18337e8275bb6594\">\n                <img\n                    title=\"Gans2018(228)\"\n                    alt=\"Gans2018(228)\"\n                    src=\"http:\/\/www.karate-neuhofen.at\/wp-content\/gallery\/trainingslager-gnas-2018\/thumbs\/thumbs_Gans2018228.JPG\"\n                    width=\"240\"\n                    height=\"160\"\n                    style=\"max-width:100%;\"\n                \/>\n            <\/a>\n        <\/div>\n\t\t\t\t\t\t\t<\/div> \n\t\t\t\n        \n\t\t\t\t<div id=\"ngg-image-128\" class=\"ngg-gallery-thumbnail-box\" >\n\t\t\t\t        <div class=\"ngg-gallery-thumbnail\">\n            <a href=\"http:\/\/www.karate-neuhofen.at\/wp-content\/gallery\/trainingslager-gnas-2018\/Gans2018229.JPG\"\n               title=\"\"\n               data-src=\"http:\/\/www.karate-neuhofen.at\/wp-content\/gallery\/trainingslager-gnas-2018\/Gans2018229.JPG\"\n               data-thumbnail=\"http:\/\/www.karate-neuhofen.at\/wp-content\/gallery\/trainingslager-gnas-2018\/thumbs\/thumbs_Gans2018229.JPG\"\n               data-image-id=\"18981\"\n               data-title=\"Gans2018(229)\"\n               data-description=\"\"\n               data-image-slug=\"gans2018229\"\n               class=\"shutterset_5a0da7a1340930de18337e8275bb6594\">\n                <img\n                    title=\"Gans2018(229)\"\n                    alt=\"Gans2018(229)\"\n                    src=\"http:\/\/www.karate-neuhofen.at\/wp-content\/gallery\/trainingslager-gnas-2018\/thumbs\/thumbs_Gans2018229.JPG\"\n                    width=\"240\"\n                    height=\"160\"\n                    style=\"max-width:100%;\"\n                \/>\n            <\/a>\n        <\/div>\n\t\t\t\t\t\t\t<\/div> \n\t\t\t\n        \n\t\t\t\t<div id=\"ngg-image-129\" class=\"ngg-gallery-thumbnail-box\" >\n\t\t\t\t        <div class=\"ngg-gallery-thumbnail\">\n            <a href=\"http:\/\/www.karate-neuhofen.at\/wp-content\/gallery\/trainingslager-gnas-2018\/Gans2018230.JPG\"\n               title=\"\"\n               data-src=\"http:\/\/www.karate-neuhofen.at\/wp-content\/gallery\/trainingslager-gnas-2018\/Gans2018230.JPG\"\n               data-thumbnail=\"http:\/\/www.karate-neuhofen.at\/wp-content\/gallery\/trainingslager-gnas-2018\/thumbs\/thumbs_Gans2018230.JPG\"\n               data-image-id=\"18982\"\n               data-title=\"Gans2018(230)\"\n               data-description=\"\"\n               data-image-slug=\"gans2018230\"\n               class=\"shutterset_5a0da7a1340930de18337e8275bb6594\">\n                <img\n                    title=\"Gans2018(230)\"\n                    alt=\"Gans2018(230)\"\n                    src=\"http:\/\/www.karate-neuhofen.at\/wp-content\/gallery\/trainingslager-gnas-2018\/thumbs\/thumbs_Gans2018230.JPG\"\n                    width=\"240\"\n                    height=\"160\"\n                    style=\"max-width:100%;\"\n                \/>\n            <\/a>\n        <\/div>\n\t\t\t\t\t\t\t<\/div> \n\t\t\t\n        \n\t\t\t\t<div id=\"ngg-image-130\" class=\"ngg-gallery-thumbnail-box\" >\n\t\t\t\t        <div class=\"ngg-gallery-thumbnail\">\n            <a href=\"http:\/\/www.karate-neuhofen.at\/wp-content\/gallery\/trainingslager-gnas-2018\/Gans2018231.JPG\"\n               title=\"\"\n               data-src=\"http:\/\/www.karate-neuhofen.at\/wp-content\/gallery\/trainingslager-gnas-2018\/Gans2018231.JPG\"\n               data-thumbnail=\"http:\/\/www.karate-neuhofen.at\/wp-content\/gallery\/trainingslager-gnas-2018\/thumbs\/thumbs_Gans2018231.JPG\"\n               data-image-id=\"18983\"\n               data-title=\"Gans2018(231)\"\n               data-description=\"\"\n               data-image-slug=\"gans2018231\"\n               class=\"shutterset_5a0da7a1340930de18337e8275bb6594\">\n                <img\n                    title=\"Gans2018(231)\"\n                    alt=\"Gans2018(231)\"\n                    src=\"http:\/\/www.karate-neuhofen.at\/wp-content\/gallery\/trainingslager-gnas-2018\/thumbs\/thumbs_Gans2018231.JPG\"\n                    width=\"240\"\n                    height=\"160\"\n                    style=\"max-width:100%;\"\n                \/>\n            <\/a>\n        <\/div>\n\t\t\t\t\t\t\t<\/div> \n\t\t\t\n        \n\t\t\t\t<div id=\"ngg-image-131\" class=\"ngg-gallery-thumbnail-box\" >\n\t\t\t\t        <div class=\"ngg-gallery-thumbnail\">\n            <a href=\"http:\/\/www.karate-neuhofen.at\/wp-content\/gallery\/trainingslager-gnas-2018\/Gans2018232.JPG\"\n               title=\"\"\n               data-src=\"http:\/\/www.karate-neuhofen.at\/wp-content\/gallery\/trainingslager-gnas-2018\/Gans2018232.JPG\"\n               data-thumbnail=\"http:\/\/www.karate-neuhofen.at\/wp-content\/gallery\/trainingslager-gnas-2018\/thumbs\/thumbs_Gans2018232.JPG\"\n               data-image-id=\"18984\"\n               data-title=\"Gans2018(232)\"\n               data-description=\"\"\n               data-image-slug=\"gans2018232\"\n               class=\"shutterset_5a0da7a1340930de18337e8275bb6594\">\n                <img\n                    title=\"Gans2018(232)\"\n                    alt=\"Gans2018(232)\"\n                    src=\"http:\/\/www.karate-neuhofen.at\/wp-content\/gallery\/trainingslager-gnas-2018\/thumbs\/thumbs_Gans2018232.JPG\"\n                    width=\"240\"\n                    height=\"160\"\n                    style=\"max-width:100%;\"\n                \/>\n            <\/a>\n        <\/div>\n\t\t\t\t\t\t\t<\/div> \n\t\t\t\n        \n\t\t\t\t<div id=\"ngg-image-132\" class=\"ngg-gallery-thumbnail-box\" >\n\t\t\t\t        <div class=\"ngg-gallery-thumbnail\">\n            <a href=\"http:\/\/www.karate-neuhofen.at\/wp-content\/gallery\/trainingslager-gnas-2018\/Gans2018233.JPG\"\n               title=\"\"\n               data-src=\"http:\/\/www.karate-neuhofen.at\/wp-content\/gallery\/trainingslager-gnas-2018\/Gans2018233.JPG\"\n               data-thumbnail=\"http:\/\/www.karate-neuhofen.at\/wp-content\/gallery\/trainingslager-gnas-2018\/thumbs\/thumbs_Gans2018233.JPG\"\n               data-image-id=\"18985\"\n               data-title=\"Gans2018(233)\"\n               data-description=\"\"\n               data-image-slug=\"gans2018233\"\n               class=\"shutterset_5a0da7a1340930de18337e8275bb6594\">\n                <img\n                    title=\"Gans2018(233)\"\n                    alt=\"Gans2018(233)\"\n                    src=\"http:\/\/www.karate-neuhofen.at\/wp-content\/gallery\/trainingslager-gnas-2018\/thumbs\/thumbs_Gans2018233.JPG\"\n                    width=\"240\"\n                    height=\"160\"\n                    style=\"max-width:100%;\"\n                \/>\n            <\/a>\n        <\/div>\n\t\t\t\t\t\t\t<\/div> \n\t\t\t\n        \n\t\t\t\t<div id=\"ngg-image-133\" class=\"ngg-gallery-thumbnail-box\" >\n\t\t\t\t        <div class=\"ngg-gallery-thumbnail\">\n            <a href=\"http:\/\/www.karate-neuhofen.at\/wp-content\/gallery\/trainingslager-gnas-2018\/Gans2018234.JPG\"\n               title=\"\"\n               data-src=\"http:\/\/www.karate-neuhofen.at\/wp-content\/gallery\/trainingslager-gnas-2018\/Gans2018234.JPG\"\n               data-thumbnail=\"http:\/\/www.karate-neuhofen.at\/wp-content\/gallery\/trainingslager-gnas-2018\/thumbs\/thumbs_Gans2018234.JPG\"\n               data-image-id=\"18986\"\n               data-title=\"Gans2018(234)\"\n               data-description=\"\"\n               data-image-slug=\"gans2018234\"\n               class=\"shutterset_5a0da7a1340930de18337e8275bb6594\">\n                <img\n                    title=\"Gans2018(234)\"\n                    alt=\"Gans2018(234)\"\n                    src=\"http:\/\/www.karate-neuhofen.at\/wp-content\/gallery\/trainingslager-gnas-2018\/thumbs\/thumbs_Gans2018234.JPG\"\n                    width=\"240\"\n                    height=\"160\"\n                    style=\"max-width:100%;\"\n                \/>\n            <\/a>\n        <\/div>\n\t\t\t\t\t\t\t<\/div> \n\t\t\t\n        \n\t\t\t\t<div id=\"ngg-image-134\" class=\"ngg-gallery-thumbnail-box\" >\n\t\t\t\t        <div class=\"ngg-gallery-thumbnail\">\n            <a href=\"http:\/\/www.karate-neuhofen.at\/wp-content\/gallery\/trainingslager-gnas-2018\/Gans2018235.JPG\"\n               title=\"\"\n               data-src=\"http:\/\/www.karate-neuhofen.at\/wp-content\/gallery\/trainingslager-gnas-2018\/Gans2018235.JPG\"\n               data-thumbnail=\"http:\/\/www.karate-neuhofen.at\/wp-content\/gallery\/trainingslager-gnas-2018\/thumbs\/thumbs_Gans2018235.JPG\"\n               data-image-id=\"18987\"\n               data-title=\"Gans2018(235)\"\n               data-description=\"\"\n               data-image-slug=\"gans2018235\"\n               class=\"shutterset_5a0da7a1340930de18337e8275bb6594\">\n                <img\n                    title=\"Gans2018(235)\"\n                    alt=\"Gans2018(235)\"\n                    src=\"http:\/\/www.karate-neuhofen.at\/wp-content\/gallery\/trainingslager-gnas-2018\/thumbs\/thumbs_Gans2018235.JPG\"\n                    width=\"240\"\n                    height=\"160\"\n                    style=\"max-width:100%;\"\n                \/>\n            <\/a>\n        <\/div>\n\t\t\t\t\t\t\t<\/div> \n\t\t\t\n        \n\t\t\t\t<div id=\"ngg-image-135\" class=\"ngg-gallery-thumbnail-box\" >\n\t\t\t\t        <div class=\"ngg-gallery-thumbnail\">\n            <a href=\"http:\/\/www.karate-neuhofen.at\/wp-content\/gallery\/trainingslager-gnas-2018\/Gans2018236.JPG\"\n               title=\"\"\n               data-src=\"http:\/\/www.karate-neuhofen.at\/wp-content\/gallery\/trainingslager-gnas-2018\/Gans2018236.JPG\"\n               data-thumbnail=\"http:\/\/www.karate-neuhofen.at\/wp-content\/gallery\/trainingslager-gnas-2018\/thumbs\/thumbs_Gans2018236.JPG\"\n               data-image-id=\"18988\"\n               data-title=\"Gans2018(236)\"\n               data-description=\"\"\n               data-image-slug=\"gans2018236\"\n               class=\"shutterset_5a0da7a1340930de18337e8275bb6594\">\n                <img\n                    title=\"Gans2018(236)\"\n                    alt=\"Gans2018(236)\"\n                    src=\"http:\/\/www.karate-neuhofen.at\/wp-content\/gallery\/trainingslager-gnas-2018\/thumbs\/thumbs_Gans2018236.JPG\"\n                    width=\"240\"\n                    height=\"160\"\n                    style=\"max-width:100%;\"\n                \/>\n            <\/a>\n        <\/div>\n\t\t\t\t\t\t\t<\/div> \n\t\t\t\n        \n\t\t\t\t<div id=\"ngg-image-136\" class=\"ngg-gallery-thumbnail-box\" >\n\t\t\t\t        <div class=\"ngg-gallery-thumbnail\">\n            <a href=\"http:\/\/www.karate-neuhofen.at\/wp-content\/gallery\/trainingslager-gnas-2018\/Gans2018237.JPG\"\n               title=\"\"\n               data-src=\"http:\/\/www.karate-neuhofen.at\/wp-content\/gallery\/trainingslager-gnas-2018\/Gans2018237.JPG\"\n               data-thumbnail=\"http:\/\/www.karate-neuhofen.at\/wp-content\/gallery\/trainingslager-gnas-2018\/thumbs\/thumbs_Gans2018237.JPG\"\n               data-image-id=\"18989\"\n               data-title=\"Gans2018(237)\"\n               data-description=\"\"\n               data-image-slug=\"gans2018237\"\n               class=\"shutterset_5a0da7a1340930de18337e8275bb6594\">\n                <img\n                    title=\"Gans2018(237)\"\n                    alt=\"Gans2018(237)\"\n                    src=\"http:\/\/www.karate-neuhofen.at\/wp-content\/gallery\/trainingslager-gnas-2018\/thumbs\/thumbs_Gans2018237.JPG\"\n                    width=\"240\"\n                    height=\"160\"\n                    style=\"max-width:100%;\"\n                \/>\n            <\/a>\n        <\/div>\n\t\t\t\t\t\t\t<\/div> \n\t\t\t\n        \n\t\t\t\t<div id=\"ngg-image-137\" class=\"ngg-gallery-thumbnail-box\" >\n\t\t\t\t        <div class=\"ngg-gallery-thumbnail\">\n            <a href=\"http:\/\/www.karate-neuhofen.at\/wp-content\/gallery\/trainingslager-gnas-2018\/Gans2018238.JPG\"\n               title=\"\"\n               data-src=\"http:\/\/www.karate-neuhofen.at\/wp-content\/gallery\/trainingslager-gnas-2018\/Gans2018238.JPG\"\n               data-thumbnail=\"http:\/\/www.karate-neuhofen.at\/wp-content\/gallery\/trainingslager-gnas-2018\/thumbs\/thumbs_Gans2018238.JPG\"\n               data-image-id=\"18990\"\n               data-title=\"Gans2018(238)\"\n               data-description=\"\"\n               data-image-slug=\"gans2018238\"\n               class=\"shutterset_5a0da7a1340930de18337e8275bb6594\">\n                <img\n                    title=\"Gans2018(238)\"\n                    alt=\"Gans2018(238)\"\n                    src=\"http:\/\/www.karate-neuhofen.at\/wp-content\/gallery\/trainingslager-gnas-2018\/thumbs\/thumbs_Gans2018238.JPG\"\n                    width=\"240\"\n                    height=\"160\"\n                    style=\"max-width:100%;\"\n                \/>\n            <\/a>\n        <\/div>\n\t\t\t\t\t\t\t<\/div> \n\t\t\t\n        \n\t\t\t\t<div id=\"ngg-image-138\" class=\"ngg-gallery-thumbnail-box\" >\n\t\t\t\t        <div class=\"ngg-gallery-thumbnail\">\n            <a href=\"http:\/\/www.karate-neuhofen.at\/wp-content\/gallery\/trainingslager-gnas-2018\/Gans2018239.JPG\"\n               title=\"\"\n               data-src=\"http:\/\/www.karate-neuhofen.at\/wp-content\/gallery\/trainingslager-gnas-2018\/Gans2018239.JPG\"\n               data-thumbnail=\"http:\/\/www.karate-neuhofen.at\/wp-content\/gallery\/trainingslager-gnas-2018\/thumbs\/thumbs_Gans2018239.JPG\"\n               data-image-id=\"18991\"\n               data-title=\"Gans2018(239)\"\n               data-description=\"\"\n               data-image-slug=\"gans2018239\"\n               class=\"shutterset_5a0da7a1340930de18337e8275bb6594\">\n                <img\n                    title=\"Gans2018(239)\"\n                    alt=\"Gans2018(239)\"\n                    src=\"http:\/\/www.karate-neuhofen.at\/wp-content\/gallery\/trainingslager-gnas-2018\/thumbs\/thumbs_Gans2018239.JPG\"\n                    width=\"240\"\n                    height=\"160\"\n                    style=\"max-width:100%;\"\n                \/>\n            <\/a>\n        <\/div>\n\t\t\t\t\t\t\t<\/div> \n\t\t\t\n        \n\t\t\t\t<div id=\"ngg-image-139\" class=\"ngg-gallery-thumbnail-box\" >\n\t\t\t\t        <div class=\"ngg-gallery-thumbnail\">\n            <a href=\"http:\/\/www.karate-neuhofen.at\/wp-content\/gallery\/trainingslager-gnas-2018\/Gans2018240.JPG\"\n               title=\"\"\n               data-src=\"http:\/\/www.karate-neuhofen.at\/wp-content\/gallery\/trainingslager-gnas-2018\/Gans2018240.JPG\"\n               data-thumbnail=\"http:\/\/www.karate-neuhofen.at\/wp-content\/gallery\/trainingslager-gnas-2018\/thumbs\/thumbs_Gans2018240.JPG\"\n               data-image-id=\"18992\"\n               data-title=\"Gans2018(240)\"\n               data-description=\"\"\n               data-image-slug=\"gans2018240\"\n               class=\"shutterset_5a0da7a1340930de18337e8275bb6594\">\n                <img\n                    title=\"Gans2018(240)\"\n                    alt=\"Gans2018(240)\"\n                    src=\"http:\/\/www.karate-neuhofen.at\/wp-content\/gallery\/trainingslager-gnas-2018\/thumbs\/thumbs_Gans2018240.JPG\"\n                    width=\"240\"\n                    height=\"160\"\n                    style=\"max-width:100%;\"\n                \/>\n            <\/a>\n        <\/div>\n\t\t\t\t\t\t\t<\/div> \n\t\t\t\n        \n\t\t\t\t<div id=\"ngg-image-140\" class=\"ngg-gallery-thumbnail-box\" >\n\t\t\t\t        <div class=\"ngg-gallery-thumbnail\">\n            <a href=\"http:\/\/www.karate-neuhofen.at\/wp-content\/gallery\/trainingslager-gnas-2018\/Gans2018241.JPG\"\n               title=\"\"\n               data-src=\"http:\/\/www.karate-neuhofen.at\/wp-content\/gallery\/trainingslager-gnas-2018\/Gans2018241.JPG\"\n               data-thumbnail=\"http:\/\/www.karate-neuhofen.at\/wp-content\/gallery\/trainingslager-gnas-2018\/thumbs\/thumbs_Gans2018241.JPG\"\n               data-image-id=\"18993\"\n               data-title=\"Gans2018(241)\"\n               data-description=\"\"\n               data-image-slug=\"gans2018241\"\n               class=\"shutterset_5a0da7a1340930de18337e8275bb6594\">\n                <img\n                    title=\"Gans2018(241)\"\n                    alt=\"Gans2018(241)\"\n                    src=\"http:\/\/www.karate-neuhofen.at\/wp-content\/gallery\/trainingslager-gnas-2018\/thumbs\/thumbs_Gans2018241.JPG\"\n                    width=\"240\"\n                    height=\"160\"\n                    style=\"max-width:100%;\"\n                \/>\n            <\/a>\n        <\/div>\n\t\t\t\t\t\t\t<\/div> \n\t\t\t\n        \n\t\t\t\t<div id=\"ngg-image-141\" class=\"ngg-gallery-thumbnail-box\" >\n\t\t\t\t        <div class=\"ngg-gallery-thumbnail\">\n            <a href=\"http:\/\/www.karate-neuhofen.at\/wp-content\/gallery\/trainingslager-gnas-2018\/Gans2018242.JPG\"\n               title=\"\"\n               data-src=\"http:\/\/www.karate-neuhofen.at\/wp-content\/gallery\/trainingslager-gnas-2018\/Gans2018242.JPG\"\n               data-thumbnail=\"http:\/\/www.karate-neuhofen.at\/wp-content\/gallery\/trainingslager-gnas-2018\/thumbs\/thumbs_Gans2018242.JPG\"\n               data-image-id=\"18994\"\n               data-title=\"Gans2018(242)\"\n               data-description=\"\"\n               data-image-slug=\"gans2018242\"\n               class=\"shutterset_5a0da7a1340930de18337e8275bb6594\">\n                <img\n                    title=\"Gans2018(242)\"\n                    alt=\"Gans2018(242)\"\n                    src=\"http:\/\/www.karate-neuhofen.at\/wp-content\/gallery\/trainingslager-gnas-2018\/thumbs\/thumbs_Gans2018242.JPG\"\n                    width=\"240\"\n                    height=\"160\"\n                    style=\"max-width:100%;\"\n                \/>\n            <\/a>\n        <\/div>\n\t\t\t\t\t\t\t<\/div> \n\t\t\t\n        \n\t\t\t\t<div id=\"ngg-image-142\" class=\"ngg-gallery-thumbnail-box\" >\n\t\t\t\t        <div class=\"ngg-gallery-thumbnail\">\n            <a href=\"http:\/\/www.karate-neuhofen.at\/wp-content\/gallery\/trainingslager-gnas-2018\/Gans2018243.JPG\"\n               title=\"\"\n               data-src=\"http:\/\/www.karate-neuhofen.at\/wp-content\/gallery\/trainingslager-gnas-2018\/Gans2018243.JPG\"\n               data-thumbnail=\"http:\/\/www.karate-neuhofen.at\/wp-content\/gallery\/trainingslager-gnas-2018\/thumbs\/thumbs_Gans2018243.JPG\"\n               data-image-id=\"18995\"\n               data-title=\"Gans2018(243)\"\n               data-description=\"\"\n               data-image-slug=\"gans2018243\"\n               class=\"shutterset_5a0da7a1340930de18337e8275bb6594\">\n                <img\n                    title=\"Gans2018(243)\"\n                    alt=\"Gans2018(243)\"\n                    src=\"http:\/\/www.karate-neuhofen.at\/wp-content\/gallery\/trainingslager-gnas-2018\/thumbs\/thumbs_Gans2018243.JPG\"\n                    width=\"240\"\n                    height=\"160\"\n                    style=\"max-width:100%;\"\n                \/>\n            <\/a>\n        <\/div>\n\t\t\t\t\t\t\t<\/div> \n\t\t\t\n        \n\t\t\t\t<div id=\"ngg-image-143\" class=\"ngg-gallery-thumbnail-box\" >\n\t\t\t\t        <div class=\"ngg-gallery-thumbnail\">\n            <a href=\"http:\/\/www.karate-neuhofen.at\/wp-content\/gallery\/trainingslager-gnas-2018\/Gans2018244.JPG\"\n               title=\"\"\n               data-src=\"http:\/\/www.karate-neuhofen.at\/wp-content\/gallery\/trainingslager-gnas-2018\/Gans2018244.JPG\"\n               data-thumbnail=\"http:\/\/www.karate-neuhofen.at\/wp-content\/gallery\/trainingslager-gnas-2018\/thumbs\/thumbs_Gans2018244.JPG\"\n               data-image-id=\"18996\"\n               data-title=\"Gans2018(244)\"\n               data-description=\"\"\n               data-image-slug=\"gans2018244\"\n               class=\"shutterset_5a0da7a1340930de18337e8275bb6594\">\n                <img\n                    title=\"Gans2018(244)\"\n                    alt=\"Gans2018(244)\"\n                    src=\"http:\/\/www.karate-neuhofen.at\/wp-content\/gallery\/trainingslager-gnas-2018\/thumbs\/thumbs_Gans2018244.JPG\"\n                    width=\"240\"\n                    height=\"160\"\n                    style=\"max-width:100%;\"\n                \/>\n            <\/a>\n        <\/div>\n\t\t\t\t\t\t\t<\/div> \n\t\t\t\n        \n\t\t\t\t<div id=\"ngg-image-144\" class=\"ngg-gallery-thumbnail-box\" >\n\t\t\t\t        <div class=\"ngg-gallery-thumbnail\">\n            <a href=\"http:\/\/www.karate-neuhofen.at\/wp-content\/gallery\/trainingslager-gnas-2018\/Gans2018245.JPG\"\n               title=\"\"\n               data-src=\"http:\/\/www.karate-neuhofen.at\/wp-content\/gallery\/trainingslager-gnas-2018\/Gans2018245.JPG\"\n               data-thumbnail=\"http:\/\/www.karate-neuhofen.at\/wp-content\/gallery\/trainingslager-gnas-2018\/thumbs\/thumbs_Gans2018245.JPG\"\n               data-image-id=\"18997\"\n               data-title=\"Gans2018(245)\"\n               data-description=\"\"\n               data-image-slug=\"gans2018245\"\n               class=\"shutterset_5a0da7a1340930de18337e8275bb6594\">\n                <img\n                    title=\"Gans2018(245)\"\n                    alt=\"Gans2018(245)\"\n                    src=\"http:\/\/www.karate-neuhofen.at\/wp-content\/gallery\/trainingslager-gnas-2018\/thumbs\/thumbs_Gans2018245.JPG\"\n                    width=\"240\"\n                    height=\"160\"\n                    style=\"max-width:100%;\"\n                \/>\n            <\/a>\n        <\/div>\n\t\t\t\t\t\t\t<\/div> \n\t\t\t\n        \n\t\t\t\t<div id=\"ngg-image-145\" class=\"ngg-gallery-thumbnail-box\" >\n\t\t\t\t        <div class=\"ngg-gallery-thumbnail\">\n            <a href=\"http:\/\/www.karate-neuhofen.at\/wp-content\/gallery\/trainingslager-gnas-2018\/Gans2018246.JPG\"\n               title=\"\"\n               data-src=\"http:\/\/www.karate-neuhofen.at\/wp-content\/gallery\/trainingslager-gnas-2018\/Gans2018246.JPG\"\n               data-thumbnail=\"http:\/\/www.karate-neuhofen.at\/wp-content\/gallery\/trainingslager-gnas-2018\/thumbs\/thumbs_Gans2018246.JPG\"\n               data-image-id=\"18998\"\n               data-title=\"Gans2018(246)\"\n               data-description=\"\"\n               data-image-slug=\"gans2018246\"\n               class=\"shutterset_5a0da7a1340930de18337e8275bb6594\">\n                <img\n                    title=\"Gans2018(246)\"\n                    alt=\"Gans2018(246)\"\n                    src=\"http:\/\/www.karate-neuhofen.at\/wp-content\/gallery\/trainingslager-gnas-2018\/thumbs\/thumbs_Gans2018246.JPG\"\n                    width=\"240\"\n                    height=\"160\"\n                    style=\"max-width:100%;\"\n                \/>\n            <\/a>\n        <\/div>\n\t\t\t\t\t\t\t<\/div> \n\t\t\t\n        \n\t\t\t\t<div id=\"ngg-image-146\" class=\"ngg-gallery-thumbnail-box\" >\n\t\t\t\t        <div class=\"ngg-gallery-thumbnail\">\n            <a href=\"http:\/\/www.karate-neuhofen.at\/wp-content\/gallery\/trainingslager-gnas-2018\/Gans2018247.JPG\"\n               title=\"\"\n               data-src=\"http:\/\/www.karate-neuhofen.at\/wp-content\/gallery\/trainingslager-gnas-2018\/Gans2018247.JPG\"\n               data-thumbnail=\"http:\/\/www.karate-neuhofen.at\/wp-content\/gallery\/trainingslager-gnas-2018\/thumbs\/thumbs_Gans2018247.JPG\"\n               data-image-id=\"18999\"\n               data-title=\"Gans2018(247)\"\n               data-description=\"\"\n               data-image-slug=\"gans2018247\"\n               class=\"shutterset_5a0da7a1340930de18337e8275bb6594\">\n                <img\n                    title=\"Gans2018(247)\"\n                    alt=\"Gans2018(247)\"\n                    src=\"http:\/\/www.karate-neuhofen.at\/wp-content\/gallery\/trainingslager-gnas-2018\/thumbs\/thumbs_Gans2018247.JPG\"\n                    width=\"240\"\n                    height=\"160\"\n                    style=\"max-width:100%;\"\n                \/>\n            <\/a>\n        <\/div>\n\t\t\t\t\t\t\t<\/div> \n\t\t\t\n        \n\t\t\t\t<div id=\"ngg-image-147\" class=\"ngg-gallery-thumbnail-box\" >\n\t\t\t\t        <div class=\"ngg-gallery-thumbnail\">\n            <a href=\"http:\/\/www.karate-neuhofen.at\/wp-content\/gallery\/trainingslager-gnas-2018\/Gans2018248.JPG\"\n               title=\"\"\n               data-src=\"http:\/\/www.karate-neuhofen.at\/wp-content\/gallery\/trainingslager-gnas-2018\/Gans2018248.JPG\"\n               data-thumbnail=\"http:\/\/www.karate-neuhofen.at\/wp-content\/gallery\/trainingslager-gnas-2018\/thumbs\/thumbs_Gans2018248.JPG\"\n               data-image-id=\"19000\"\n               data-title=\"Gans2018(248)\"\n               data-description=\"\"\n               data-image-slug=\"gans2018248\"\n               class=\"shutterset_5a0da7a1340930de18337e8275bb6594\">\n                <img\n                    title=\"Gans2018(248)\"\n                    alt=\"Gans2018(248)\"\n                    src=\"http:\/\/www.karate-neuhofen.at\/wp-content\/gallery\/trainingslager-gnas-2018\/thumbs\/thumbs_Gans2018248.JPG\"\n                    width=\"240\"\n                    height=\"160\"\n                    style=\"max-width:100%;\"\n                \/>\n            <\/a>\n        <\/div>\n\t\t\t\t\t\t\t<\/div> \n\t\t\t\n        \n\t\t\t\t<div id=\"ngg-image-148\" class=\"ngg-gallery-thumbnail-box\" >\n\t\t\t\t        <div class=\"ngg-gallery-thumbnail\">\n            <a href=\"http:\/\/www.karate-neuhofen.at\/wp-content\/gallery\/trainingslager-gnas-2018\/Gans2018249.JPG\"\n               title=\"\"\n               data-src=\"http:\/\/www.karate-neuhofen.at\/wp-content\/gallery\/trainingslager-gnas-2018\/Gans2018249.JPG\"\n               data-thumbnail=\"http:\/\/www.karate-neuhofen.at\/wp-content\/gallery\/trainingslager-gnas-2018\/thumbs\/thumbs_Gans2018249.JPG\"\n               data-image-id=\"19001\"\n               data-title=\"Gans2018(249)\"\n               data-description=\"\"\n               data-image-slug=\"gans2018249\"\n               class=\"shutterset_5a0da7a1340930de18337e8275bb6594\">\n                <img\n                    title=\"Gans2018(249)\"\n                    alt=\"Gans2018(249)\"\n                    src=\"http:\/\/www.karate-neuhofen.at\/wp-content\/gallery\/trainingslager-gnas-2018\/thumbs\/thumbs_Gans2018249.JPG\"\n                    width=\"240\"\n                    height=\"160\"\n                    style=\"max-width:100%;\"\n                \/>\n            <\/a>\n        <\/div>\n\t\t\t\t\t\t\t<\/div> \n\t\t\t\n        \n\t\t\t\t<div id=\"ngg-image-149\" class=\"ngg-gallery-thumbnail-box\" >\n\t\t\t\t        <div class=\"ngg-gallery-thumbnail\">\n            <a href=\"http:\/\/www.karate-neuhofen.at\/wp-content\/gallery\/trainingslager-gnas-2018\/Gans2018250.JPG\"\n               title=\"\"\n               data-src=\"http:\/\/www.karate-neuhofen.at\/wp-content\/gallery\/trainingslager-gnas-2018\/Gans2018250.JPG\"\n               data-thumbnail=\"http:\/\/www.karate-neuhofen.at\/wp-content\/gallery\/trainingslager-gnas-2018\/thumbs\/thumbs_Gans2018250.JPG\"\n               data-image-id=\"19002\"\n               data-title=\"Gans2018(250)\"\n               data-description=\"\"\n               data-image-slug=\"gans2018250\"\n               class=\"shutterset_5a0da7a1340930de18337e8275bb6594\">\n                <img\n                    title=\"Gans2018(250)\"\n                    alt=\"Gans2018(250)\"\n                    src=\"http:\/\/www.karate-neuhofen.at\/wp-content\/gallery\/trainingslager-gnas-2018\/thumbs\/thumbs_Gans2018250.JPG\"\n                    width=\"240\"\n                    height=\"160\"\n                    style=\"max-width:100%;\"\n                \/>\n            <\/a>\n        <\/div>\n\t\t\t\t\t\t\t<\/div> \n\t\t\t\n        \n\t\t\t\t<div id=\"ngg-image-150\" class=\"ngg-gallery-thumbnail-box\" >\n\t\t\t\t        <div class=\"ngg-gallery-thumbnail\">\n            <a href=\"http:\/\/www.karate-neuhofen.at\/wp-content\/gallery\/trainingslager-gnas-2018\/Gans2018251.JPG\"\n               title=\"\"\n               data-src=\"http:\/\/www.karate-neuhofen.at\/wp-content\/gallery\/trainingslager-gnas-2018\/Gans2018251.JPG\"\n               data-thumbnail=\"http:\/\/www.karate-neuhofen.at\/wp-content\/gallery\/trainingslager-gnas-2018\/thumbs\/thumbs_Gans2018251.JPG\"\n               data-image-id=\"19003\"\n               data-title=\"Gans2018(251)\"\n               data-description=\"\"\n               data-image-slug=\"gans2018251\"\n               class=\"shutterset_5a0da7a1340930de18337e8275bb6594\">\n                <img\n                    title=\"Gans2018(251)\"\n                    alt=\"Gans2018(251)\"\n                    src=\"http:\/\/www.karate-neuhofen.at\/wp-content\/gallery\/trainingslager-gnas-2018\/thumbs\/thumbs_Gans2018251.JPG\"\n                    width=\"240\"\n                    height=\"160\"\n                    style=\"max-width:100%;\"\n                \/>\n            <\/a>\n        <\/div>\n\t\t\t\t\t\t\t<\/div> \n\t\t\t\n        \n\t\t\t\t<div id=\"ngg-image-151\" class=\"ngg-gallery-thumbnail-box\" >\n\t\t\t\t        <div class=\"ngg-gallery-thumbnail\">\n            <a href=\"http:\/\/www.karate-neuhofen.at\/wp-content\/gallery\/trainingslager-gnas-2018\/Gans2018252.JPG\"\n               title=\"\"\n               data-src=\"http:\/\/www.karate-neuhofen.at\/wp-content\/gallery\/trainingslager-gnas-2018\/Gans2018252.JPG\"\n               data-thumbnail=\"http:\/\/www.karate-neuhofen.at\/wp-content\/gallery\/trainingslager-gnas-2018\/thumbs\/thumbs_Gans2018252.JPG\"\n               data-image-id=\"19004\"\n               data-title=\"Gans2018(252)\"\n               data-description=\"\"\n               data-image-slug=\"gans2018252\"\n               class=\"shutterset_5a0da7a1340930de18337e8275bb6594\">\n                <img\n                    title=\"Gans2018(252)\"\n                    alt=\"Gans2018(252)\"\n                    src=\"http:\/\/www.karate-neuhofen.at\/wp-content\/gallery\/trainingslager-gnas-2018\/thumbs\/thumbs_Gans2018252.JPG\"\n                    width=\"240\"\n                    height=\"160\"\n                    style=\"max-width:100%;\"\n                \/>\n            <\/a>\n        <\/div>\n\t\t\t\t\t\t\t<\/div> \n\t\t\t\n        \n\t\t\t\t<div id=\"ngg-image-152\" class=\"ngg-gallery-thumbnail-box\" >\n\t\t\t\t        <div class=\"ngg-gallery-thumbnail\">\n            <a href=\"http:\/\/www.karate-neuhofen.at\/wp-content\/gallery\/trainingslager-gnas-2018\/Gans2018253.JPG\"\n               title=\"\"\n               data-src=\"http:\/\/www.karate-neuhofen.at\/wp-content\/gallery\/trainingslager-gnas-2018\/Gans2018253.JPG\"\n               data-thumbnail=\"http:\/\/www.karate-neuhofen.at\/wp-content\/gallery\/trainingslager-gnas-2018\/thumbs\/thumbs_Gans2018253.JPG\"\n               data-image-id=\"19005\"\n               data-title=\"Gans2018(253)\"\n               data-description=\"\"\n               data-image-slug=\"gans2018253\"\n               class=\"shutterset_5a0da7a1340930de18337e8275bb6594\">\n                <img\n                    title=\"Gans2018(253)\"\n                    alt=\"Gans2018(253)\"\n                    src=\"http:\/\/www.karate-neuhofen.at\/wp-content\/gallery\/trainingslager-gnas-2018\/thumbs\/thumbs_Gans2018253.JPG\"\n                    width=\"240\"\n                    height=\"160\"\n                    style=\"max-width:100%;\"\n                \/>\n            <\/a>\n        <\/div>\n\t\t\t\t\t\t\t<\/div> \n\t\t\t\n        \n\t\t\t\t<div id=\"ngg-image-153\" class=\"ngg-gallery-thumbnail-box\" >\n\t\t\t\t        <div class=\"ngg-gallery-thumbnail\">\n            <a href=\"http:\/\/www.karate-neuhofen.at\/wp-content\/gallery\/trainingslager-gnas-2018\/Gans2018254.JPG\"\n               title=\"\"\n               data-src=\"http:\/\/www.karate-neuhofen.at\/wp-content\/gallery\/trainingslager-gnas-2018\/Gans2018254.JPG\"\n               data-thumbnail=\"http:\/\/www.karate-neuhofen.at\/wp-content\/gallery\/trainingslager-gnas-2018\/thumbs\/thumbs_Gans2018254.JPG\"\n               data-image-id=\"19006\"\n               data-title=\"Gans2018(254)\"\n               data-description=\"\"\n               data-image-slug=\"gans2018254\"\n               class=\"shutterset_5a0da7a1340930de18337e8275bb6594\">\n                <img\n                    title=\"Gans2018(254)\"\n                    alt=\"Gans2018(254)\"\n                    src=\"http:\/\/www.karate-neuhofen.at\/wp-content\/gallery\/trainingslager-gnas-2018\/thumbs\/thumbs_Gans2018254.JPG\"\n                    width=\"240\"\n                    height=\"160\"\n                    style=\"max-width:100%;\"\n                \/>\n            <\/a>\n        <\/div>\n\t\t\t\t\t\t\t<\/div> \n\t\t\t\n        \n\t\t\t\t<div id=\"ngg-image-154\" class=\"ngg-gallery-thumbnail-box\" >\n\t\t\t\t        <div class=\"ngg-gallery-thumbnail\">\n            <a href=\"http:\/\/www.karate-neuhofen.at\/wp-content\/gallery\/trainingslager-gnas-2018\/Gans2018255.JPG\"\n               title=\"\"\n               data-src=\"http:\/\/www.karate-neuhofen.at\/wp-content\/gallery\/trainingslager-gnas-2018\/Gans2018255.JPG\"\n               data-thumbnail=\"http:\/\/www.karate-neuhofen.at\/wp-content\/gallery\/trainingslager-gnas-2018\/thumbs\/thumbs_Gans2018255.JPG\"\n               data-image-id=\"19007\"\n               data-title=\"Gans2018(255)\"\n               data-description=\"\"\n               data-image-slug=\"gans2018255\"\n               class=\"shutterset_5a0da7a1340930de18337e8275bb6594\">\n                <img\n                    title=\"Gans2018(255)\"\n                    alt=\"Gans2018(255)\"\n                    src=\"http:\/\/www.karate-neuhofen.at\/wp-content\/gallery\/trainingslager-gnas-2018\/thumbs\/thumbs_Gans2018255.JPG\"\n                    width=\"240\"\n                    height=\"160\"\n                    style=\"max-width:100%;\"\n                \/>\n            <\/a>\n        <\/div>\n\t\t\t\t\t\t\t<\/div> \n\t\t\t\n        \n\t\t\t\t<div id=\"ngg-image-155\" class=\"ngg-gallery-thumbnail-box\" >\n\t\t\t\t        <div class=\"ngg-gallery-thumbnail\">\n            <a href=\"http:\/\/www.karate-neuhofen.at\/wp-content\/gallery\/trainingslager-gnas-2018\/Gans2018256.JPG\"\n               title=\"\"\n               data-src=\"http:\/\/www.karate-neuhofen.at\/wp-content\/gallery\/trainingslager-gnas-2018\/Gans2018256.JPG\"\n               data-thumbnail=\"http:\/\/www.karate-neuhofen.at\/wp-content\/gallery\/trainingslager-gnas-2018\/thumbs\/thumbs_Gans2018256.JPG\"\n               data-image-id=\"19008\"\n               data-title=\"Gans2018(256)\"\n               data-description=\"\"\n               data-image-slug=\"gans2018256\"\n               class=\"shutterset_5a0da7a1340930de18337e8275bb6594\">\n                <img\n                    title=\"Gans2018(256)\"\n                    alt=\"Gans2018(256)\"\n                    src=\"http:\/\/www.karate-neuhofen.at\/wp-content\/gallery\/trainingslager-gnas-2018\/thumbs\/thumbs_Gans2018256.JPG\"\n                    width=\"240\"\n                    height=\"160\"\n                    style=\"max-width:100%;\"\n                \/>\n            <\/a>\n        <\/div>\n\t\t\t\t\t\t\t<\/div> \n\t\t\t\n        \n\t\t\t\t<div id=\"ngg-image-156\" class=\"ngg-gallery-thumbnail-box\" >\n\t\t\t\t        <div class=\"ngg-gallery-thumbnail\">\n            <a href=\"http:\/\/www.karate-neuhofen.at\/wp-content\/gallery\/trainingslager-gnas-2018\/Gans2018257.JPG\"\n               title=\"\"\n               data-src=\"http:\/\/www.karate-neuhofen.at\/wp-content\/gallery\/trainingslager-gnas-2018\/Gans2018257.JPG\"\n               data-thumbnail=\"http:\/\/www.karate-neuhofen.at\/wp-content\/gallery\/trainingslager-gnas-2018\/thumbs\/thumbs_Gans2018257.JPG\"\n               data-image-id=\"19009\"\n               data-title=\"Gans2018(257)\"\n               data-description=\"\"\n               data-image-slug=\"gans2018257\"\n               class=\"shutterset_5a0da7a1340930de18337e8275bb6594\">\n                <img\n                    title=\"Gans2018(257)\"\n                    alt=\"Gans2018(257)\"\n                    src=\"http:\/\/www.karate-neuhofen.at\/wp-content\/gallery\/trainingslager-gnas-2018\/thumbs\/thumbs_Gans2018257.JPG\"\n                    width=\"240\"\n                    height=\"160\"\n                    style=\"max-width:100%;\"\n                \/>\n            <\/a>\n        <\/div>\n\t\t\t\t\t\t\t<\/div> \n\t\t\t\n        \n\t\t\t\t<div id=\"ngg-image-157\" class=\"ngg-gallery-thumbnail-box\" >\n\t\t\t\t        <div class=\"ngg-gallery-thumbnail\">\n            <a href=\"http:\/\/www.karate-neuhofen.at\/wp-content\/gallery\/trainingslager-gnas-2018\/Gans2018258.JPG\"\n               title=\"\"\n               data-src=\"http:\/\/www.karate-neuhofen.at\/wp-content\/gallery\/trainingslager-gnas-2018\/Gans2018258.JPG\"\n               data-thumbnail=\"http:\/\/www.karate-neuhofen.at\/wp-content\/gallery\/trainingslager-gnas-2018\/thumbs\/thumbs_Gans2018258.JPG\"\n               data-image-id=\"19010\"\n               data-title=\"Gans2018(258)\"\n               data-description=\"\"\n               data-image-slug=\"gans2018258\"\n               class=\"shutterset_5a0da7a1340930de18337e8275bb6594\">\n                <img\n                    title=\"Gans2018(258)\"\n                    alt=\"Gans2018(258)\"\n                    src=\"http:\/\/www.karate-neuhofen.at\/wp-content\/gallery\/trainingslager-gnas-2018\/thumbs\/thumbs_Gans2018258.JPG\"\n                    width=\"240\"\n                    height=\"160\"\n                    style=\"max-width:100%;\"\n                \/>\n            <\/a>\n        <\/div>\n\t\t\t\t\t\t\t<\/div> \n\t\t\t\n        \n\t\t\t\t<div id=\"ngg-image-158\" class=\"ngg-gallery-thumbnail-box\" >\n\t\t\t\t        <div class=\"ngg-gallery-thumbnail\">\n            <a href=\"http:\/\/www.karate-neuhofen.at\/wp-content\/gallery\/trainingslager-gnas-2018\/Gans2018259.JPG\"\n               title=\"\"\n               data-src=\"http:\/\/www.karate-neuhofen.at\/wp-content\/gallery\/trainingslager-gnas-2018\/Gans2018259.JPG\"\n               data-thumbnail=\"http:\/\/www.karate-neuhofen.at\/wp-content\/gallery\/trainingslager-gnas-2018\/thumbs\/thumbs_Gans2018259.JPG\"\n               data-image-id=\"19011\"\n               data-title=\"Gans2018(259)\"\n               data-description=\"\"\n               data-image-slug=\"gans2018259\"\n               class=\"shutterset_5a0da7a1340930de18337e8275bb6594\">\n                <img\n                    title=\"Gans2018(259)\"\n                    alt=\"Gans2018(259)\"\n                    src=\"http:\/\/www.karate-neuhofen.at\/wp-content\/gallery\/trainingslager-gnas-2018\/thumbs\/thumbs_Gans2018259.JPG\"\n                    width=\"240\"\n                    height=\"160\"\n                    style=\"max-width:100%;\"\n                \/>\n            <\/a>\n        <\/div>\n\t\t\t\t\t\t\t<\/div> \n\t\t\t\n        \n\t\t\t\t<div id=\"ngg-image-159\" class=\"ngg-gallery-thumbnail-box\" >\n\t\t\t\t        <div class=\"ngg-gallery-thumbnail\">\n            <a href=\"http:\/\/www.karate-neuhofen.at\/wp-content\/gallery\/trainingslager-gnas-2018\/Gans2018260.JPG\"\n               title=\"\"\n               data-src=\"http:\/\/www.karate-neuhofen.at\/wp-content\/gallery\/trainingslager-gnas-2018\/Gans2018260.JPG\"\n               data-thumbnail=\"http:\/\/www.karate-neuhofen.at\/wp-content\/gallery\/trainingslager-gnas-2018\/thumbs\/thumbs_Gans2018260.JPG\"\n               data-image-id=\"19012\"\n               data-title=\"Gans2018(260)\"\n               data-description=\"\"\n               data-image-slug=\"gans2018260\"\n               class=\"shutterset_5a0da7a1340930de18337e8275bb6594\">\n                <img\n                    title=\"Gans2018(260)\"\n                    alt=\"Gans2018(260)\"\n                    src=\"http:\/\/www.karate-neuhofen.at\/wp-content\/gallery\/trainingslager-gnas-2018\/thumbs\/thumbs_Gans2018260.JPG\"\n                    width=\"240\"\n                    height=\"160\"\n                    style=\"max-width:100%;\"\n                \/>\n            <\/a>\n        <\/div>\n\t\t\t\t\t\t\t<\/div> \n\t\t\t\n        \n\t\t\t\t<div id=\"ngg-image-160\" class=\"ngg-gallery-thumbnail-box\" >\n\t\t\t\t        <div class=\"ngg-gallery-thumbnail\">\n            <a href=\"http:\/\/www.karate-neuhofen.at\/wp-content\/gallery\/trainingslager-gnas-2018\/Gans2018261.JPG\"\n               title=\"\"\n               data-src=\"http:\/\/www.karate-neuhofen.at\/wp-content\/gallery\/trainingslager-gnas-2018\/Gans2018261.JPG\"\n               data-thumbnail=\"http:\/\/www.karate-neuhofen.at\/wp-content\/gallery\/trainingslager-gnas-2018\/thumbs\/thumbs_Gans2018261.JPG\"\n               data-image-id=\"19013\"\n               data-title=\"Gans2018(261)\"\n               data-description=\"\"\n               data-image-slug=\"gans2018261\"\n               class=\"shutterset_5a0da7a1340930de18337e8275bb6594\">\n                <img\n                    title=\"Gans2018(261)\"\n                    alt=\"Gans2018(261)\"\n                    src=\"http:\/\/www.karate-neuhofen.at\/wp-content\/gallery\/trainingslager-gnas-2018\/thumbs\/thumbs_Gans2018261.JPG\"\n                    width=\"240\"\n                    height=\"160\"\n                    style=\"max-width:100%;\"\n                \/>\n            <\/a>\n        <\/div>\n\t\t\t\t\t\t\t<\/div> \n\t\t\t\n        \n\t\t\t\t<div id=\"ngg-image-161\" class=\"ngg-gallery-thumbnail-box\" >\n\t\t\t\t        <div class=\"ngg-gallery-thumbnail\">\n            <a href=\"http:\/\/www.karate-neuhofen.at\/wp-content\/gallery\/trainingslager-gnas-2018\/Gans2018262.JPG\"\n               title=\"\"\n               data-src=\"http:\/\/www.karate-neuhofen.at\/wp-content\/gallery\/trainingslager-gnas-2018\/Gans2018262.JPG\"\n               data-thumbnail=\"http:\/\/www.karate-neuhofen.at\/wp-content\/gallery\/trainingslager-gnas-2018\/thumbs\/thumbs_Gans2018262.JPG\"\n               data-image-id=\"19014\"\n               data-title=\"Gans2018(262)\"\n               data-description=\"\"\n               data-image-slug=\"gans2018262\"\n               class=\"shutterset_5a0da7a1340930de18337e8275bb6594\">\n                <img\n                    title=\"Gans2018(262)\"\n                    alt=\"Gans2018(262)\"\n                    src=\"http:\/\/www.karate-neuhofen.at\/wp-content\/gallery\/trainingslager-gnas-2018\/thumbs\/thumbs_Gans2018262.JPG\"\n                    width=\"240\"\n                    height=\"160\"\n                    style=\"max-width:100%;\"\n                \/>\n            <\/a>\n        <\/div>\n\t\t\t\t\t\t\t<\/div> \n\t\t\t\n        \n\t\t\t\t<div id=\"ngg-image-162\" class=\"ngg-gallery-thumbnail-box\" >\n\t\t\t\t        <div class=\"ngg-gallery-thumbnail\">\n            <a href=\"http:\/\/www.karate-neuhofen.at\/wp-content\/gallery\/trainingslager-gnas-2018\/Gans2018263.JPG\"\n               title=\"\"\n               data-src=\"http:\/\/www.karate-neuhofen.at\/wp-content\/gallery\/trainingslager-gnas-2018\/Gans2018263.JPG\"\n               data-thumbnail=\"http:\/\/www.karate-neuhofen.at\/wp-content\/gallery\/trainingslager-gnas-2018\/thumbs\/thumbs_Gans2018263.JPG\"\n               data-image-id=\"19015\"\n               data-title=\"Gans2018(263)\"\n               data-description=\"\"\n               data-image-slug=\"gans2018263\"\n               class=\"shutterset_5a0da7a1340930de18337e8275bb6594\">\n                <img\n                    title=\"Gans2018(263)\"\n                    alt=\"Gans2018(263)\"\n                    src=\"http:\/\/www.karate-neuhofen.at\/wp-content\/gallery\/trainingslager-gnas-2018\/thumbs\/thumbs_Gans2018263.JPG\"\n                    width=\"240\"\n                    height=\"160\"\n                    style=\"max-width:100%;\"\n                \/>\n            <\/a>\n        <\/div>\n\t\t\t\t\t\t\t<\/div> \n\t\t\t\n        \n\t\t\t\t<div id=\"ngg-image-163\" class=\"ngg-gallery-thumbnail-box\" >\n\t\t\t\t        <div class=\"ngg-gallery-thumbnail\">\n            <a href=\"http:\/\/www.karate-neuhofen.at\/wp-content\/gallery\/trainingslager-gnas-2018\/Gans2018264.JPG\"\n               title=\"\"\n               data-src=\"http:\/\/www.karate-neuhofen.at\/wp-content\/gallery\/trainingslager-gnas-2018\/Gans2018264.JPG\"\n               data-thumbnail=\"http:\/\/www.karate-neuhofen.at\/wp-content\/gallery\/trainingslager-gnas-2018\/thumbs\/thumbs_Gans2018264.JPG\"\n               data-image-id=\"19016\"\n               data-title=\"Gans2018(264)\"\n               data-description=\"\"\n               data-image-slug=\"gans2018264\"\n               class=\"shutterset_5a0da7a1340930de18337e8275bb6594\">\n                <img\n                    title=\"Gans2018(264)\"\n                    alt=\"Gans2018(264)\"\n                    src=\"http:\/\/www.karate-neuhofen.at\/wp-content\/gallery\/trainingslager-gnas-2018\/thumbs\/thumbs_Gans2018264.JPG\"\n                    width=\"240\"\n                    height=\"160\"\n                    style=\"max-width:100%;\"\n                \/>\n            <\/a>\n        <\/div>\n\t\t\t\t\t\t\t<\/div> \n\t\t\t\n        \n\t\t\t\t<div id=\"ngg-image-164\" class=\"ngg-gallery-thumbnail-box\" >\n\t\t\t\t        <div class=\"ngg-gallery-thumbnail\">\n            <a href=\"http:\/\/www.karate-neuhofen.at\/wp-content\/gallery\/trainingslager-gnas-2018\/Gans2018265.JPG\"\n               title=\"\"\n               data-src=\"http:\/\/www.karate-neuhofen.at\/wp-content\/gallery\/trainingslager-gnas-2018\/Gans2018265.JPG\"\n               data-thumbnail=\"http:\/\/www.karate-neuhofen.at\/wp-content\/gallery\/trainingslager-gnas-2018\/thumbs\/thumbs_Gans2018265.JPG\"\n               data-image-id=\"19017\"\n               data-title=\"Gans2018(265)\"\n               data-description=\"\"\n               data-image-slug=\"gans2018265\"\n               class=\"shutterset_5a0da7a1340930de18337e8275bb6594\">\n                <img\n                    title=\"Gans2018(265)\"\n                    alt=\"Gans2018(265)\"\n                    src=\"http:\/\/www.karate-neuhofen.at\/wp-content\/gallery\/trainingslager-gnas-2018\/thumbs\/thumbs_Gans2018265.JPG\"\n                    width=\"240\"\n                    height=\"160\"\n                    style=\"max-width:100%;\"\n                \/>\n            <\/a>\n        <\/div>\n\t\t\t\t\t\t\t<\/div> \n\t\t\t\n        \n\t\t\t\t<div id=\"ngg-image-165\" class=\"ngg-gallery-thumbnail-box\" >\n\t\t\t\t        <div class=\"ngg-gallery-thumbnail\">\n            <a href=\"http:\/\/www.karate-neuhofen.at\/wp-content\/gallery\/trainingslager-gnas-2018\/Gans2018266.JPG\"\n               title=\"\"\n               data-src=\"http:\/\/www.karate-neuhofen.at\/wp-content\/gallery\/trainingslager-gnas-2018\/Gans2018266.JPG\"\n               data-thumbnail=\"http:\/\/www.karate-neuhofen.at\/wp-content\/gallery\/trainingslager-gnas-2018\/thumbs\/thumbs_Gans2018266.JPG\"\n               data-image-id=\"19018\"\n               data-title=\"Gans2018(266)\"\n               data-description=\"\"\n               data-image-slug=\"gans2018266\"\n               class=\"shutterset_5a0da7a1340930de18337e8275bb6594\">\n                <img\n                    title=\"Gans2018(266)\"\n                    alt=\"Gans2018(266)\"\n                    src=\"http:\/\/www.karate-neuhofen.at\/wp-content\/gallery\/trainingslager-gnas-2018\/thumbs\/thumbs_Gans2018266.JPG\"\n                    width=\"240\"\n                    height=\"160\"\n                    style=\"max-width:100%;\"\n                \/>\n            <\/a>\n        <\/div>\n\t\t\t\t\t\t\t<\/div> \n\t\t\t\n        \n\t\t\t\t<div id=\"ngg-image-166\" class=\"ngg-gallery-thumbnail-box\" >\n\t\t\t\t        <div class=\"ngg-gallery-thumbnail\">\n            <a href=\"http:\/\/www.karate-neuhofen.at\/wp-content\/gallery\/trainingslager-gnas-2018\/Gans2018267.JPG\"\n               title=\"\"\n               data-src=\"http:\/\/www.karate-neuhofen.at\/wp-content\/gallery\/trainingslager-gnas-2018\/Gans2018267.JPG\"\n               data-thumbnail=\"http:\/\/www.karate-neuhofen.at\/wp-content\/gallery\/trainingslager-gnas-2018\/thumbs\/thumbs_Gans2018267.JPG\"\n               data-image-id=\"19019\"\n               data-title=\"Gans2018(267)\"\n               data-description=\"\"\n               data-image-slug=\"gans2018267\"\n               class=\"shutterset_5a0da7a1340930de18337e8275bb6594\">\n                <img\n                    title=\"Gans2018(267)\"\n                    alt=\"Gans2018(267)\"\n                    src=\"http:\/\/www.karate-neuhofen.at\/wp-content\/gallery\/trainingslager-gnas-2018\/thumbs\/thumbs_Gans2018267.JPG\"\n                    width=\"240\"\n                    height=\"160\"\n                    style=\"max-width:100%;\"\n                \/>\n            <\/a>\n        <\/div>\n\t\t\t\t\t\t\t<\/div> \n\t\t\t\n        \n\t\t\t\t<div id=\"ngg-image-167\" class=\"ngg-gallery-thumbnail-box\" >\n\t\t\t\t        <div class=\"ngg-gallery-thumbnail\">\n            <a href=\"http:\/\/www.karate-neuhofen.at\/wp-content\/gallery\/trainingslager-gnas-2018\/Gans2018268.JPG\"\n               title=\"\"\n               data-src=\"http:\/\/www.karate-neuhofen.at\/wp-content\/gallery\/trainingslager-gnas-2018\/Gans2018268.JPG\"\n               data-thumbnail=\"http:\/\/www.karate-neuhofen.at\/wp-content\/gallery\/trainingslager-gnas-2018\/thumbs\/thumbs_Gans2018268.JPG\"\n               data-image-id=\"19020\"\n               data-title=\"Gans2018(268)\"\n               data-description=\"\"\n               data-image-slug=\"gans2018268\"\n               class=\"shutterset_5a0da7a1340930de18337e8275bb6594\">\n                <img\n                    title=\"Gans2018(268)\"\n                    alt=\"Gans2018(268)\"\n                    src=\"http:\/\/www.karate-neuhofen.at\/wp-content\/gallery\/trainingslager-gnas-2018\/thumbs\/thumbs_Gans2018268.JPG\"\n                    width=\"240\"\n                    height=\"160\"\n                    style=\"max-width:100%;\"\n                \/>\n            <\/a>\n        <\/div>\n\t\t\t\t\t\t\t<\/div> \n\t\t\t\n        \n\t\t\t\t<div id=\"ngg-image-168\" class=\"ngg-gallery-thumbnail-box\" >\n\t\t\t\t        <div class=\"ngg-gallery-thumbnail\">\n            <a href=\"http:\/\/www.karate-neuhofen.at\/wp-content\/gallery\/trainingslager-gnas-2018\/Gans2018269.JPG\"\n               title=\"\"\n               data-src=\"http:\/\/www.karate-neuhofen.at\/wp-content\/gallery\/trainingslager-gnas-2018\/Gans2018269.JPG\"\n               data-thumbnail=\"http:\/\/www.karate-neuhofen.at\/wp-content\/gallery\/trainingslager-gnas-2018\/thumbs\/thumbs_Gans2018269.JPG\"\n               data-image-id=\"19021\"\n               data-title=\"Gans2018(269)\"\n               data-description=\"\"\n               data-image-slug=\"gans2018269\"\n               class=\"shutterset_5a0da7a1340930de18337e8275bb6594\">\n                <img\n                    title=\"Gans2018(269)\"\n                    alt=\"Gans2018(269)\"\n                    src=\"http:\/\/www.karate-neuhofen.at\/wp-content\/gallery\/trainingslager-gnas-2018\/thumbs\/thumbs_Gans2018269.JPG\"\n                    width=\"240\"\n                    height=\"160\"\n                    style=\"max-width:100%;\"\n                \/>\n            <\/a>\n        <\/div>\n\t\t\t\t\t\t\t<\/div> \n\t\t\t\n        \n\t\t\t\t<div id=\"ngg-image-169\" class=\"ngg-gallery-thumbnail-box\" >\n\t\t\t\t        <div class=\"ngg-gallery-thumbnail\">\n            <a href=\"http:\/\/www.karate-neuhofen.at\/wp-content\/gallery\/trainingslager-gnas-2018\/Gans2018270.JPG\"\n               title=\"\"\n               data-src=\"http:\/\/www.karate-neuhofen.at\/wp-content\/gallery\/trainingslager-gnas-2018\/Gans2018270.JPG\"\n               data-thumbnail=\"http:\/\/www.karate-neuhofen.at\/wp-content\/gallery\/trainingslager-gnas-2018\/thumbs\/thumbs_Gans2018270.JPG\"\n               data-image-id=\"19022\"\n               data-title=\"Gans2018(270)\"\n               data-description=\"\"\n               data-image-slug=\"gans2018270\"\n               class=\"shutterset_5a0da7a1340930de18337e8275bb6594\">\n                <img\n                    title=\"Gans2018(270)\"\n                    alt=\"Gans2018(270)\"\n                    src=\"http:\/\/www.karate-neuhofen.at\/wp-content\/gallery\/trainingslager-gnas-2018\/thumbs\/thumbs_Gans2018270.JPG\"\n                    width=\"240\"\n                    height=\"160\"\n                    style=\"max-width:100%;\"\n                \/>\n            <\/a>\n        <\/div>\n\t\t\t\t\t\t\t<\/div> \n\t\t\t\n        \n\t\t\t\t<div id=\"ngg-image-170\" class=\"ngg-gallery-thumbnail-box\" >\n\t\t\t\t        <div class=\"ngg-gallery-thumbnail\">\n            <a href=\"http:\/\/www.karate-neuhofen.at\/wp-content\/gallery\/trainingslager-gnas-2018\/Gans2018271.JPG\"\n               title=\"\"\n               data-src=\"http:\/\/www.karate-neuhofen.at\/wp-content\/gallery\/trainingslager-gnas-2018\/Gans2018271.JPG\"\n               data-thumbnail=\"http:\/\/www.karate-neuhofen.at\/wp-content\/gallery\/trainingslager-gnas-2018\/thumbs\/thumbs_Gans2018271.JPG\"\n               data-image-id=\"19023\"\n               data-title=\"Gans2018(271)\"\n               data-description=\"\"\n               data-image-slug=\"gans2018271\"\n               class=\"shutterset_5a0da7a1340930de18337e8275bb6594\">\n                <img\n                    title=\"Gans2018(271)\"\n                    alt=\"Gans2018(271)\"\n                    src=\"http:\/\/www.karate-neuhofen.at\/wp-content\/gallery\/trainingslager-gnas-2018\/thumbs\/thumbs_Gans2018271.JPG\"\n                    width=\"240\"\n                    height=\"160\"\n                    style=\"max-width:100%;\"\n                \/>\n            <\/a>\n        <\/div>\n\t\t\t\t\t\t\t<\/div> \n\t\t\t\n        \n\t\t\t\t<div id=\"ngg-image-171\" class=\"ngg-gallery-thumbnail-box\" >\n\t\t\t\t        <div class=\"ngg-gallery-thumbnail\">\n            <a href=\"http:\/\/www.karate-neuhofen.at\/wp-content\/gallery\/trainingslager-gnas-2018\/Gans2018272.jpg\"\n               title=\"\"\n               data-src=\"http:\/\/www.karate-neuhofen.at\/wp-content\/gallery\/trainingslager-gnas-2018\/Gans2018272.jpg\"\n               data-thumbnail=\"http:\/\/www.karate-neuhofen.at\/wp-content\/gallery\/trainingslager-gnas-2018\/thumbs\/thumbs_Gans2018272.jpg\"\n               data-image-id=\"19024\"\n               data-title=\"Gans2018(272)\"\n               data-description=\"\"\n               data-image-slug=\"gans2018272\"\n               class=\"shutterset_5a0da7a1340930de18337e8275bb6594\">\n                <img\n                    title=\"Gans2018(272)\"\n                    alt=\"Gans2018(272)\"\n                    src=\"http:\/\/www.karate-neuhofen.at\/wp-content\/gallery\/trainingslager-gnas-2018\/thumbs\/thumbs_Gans2018272.jpg\"\n                    width=\"240\"\n                    height=\"160\"\n                    style=\"max-width:100%;\"\n                \/>\n            <\/a>\n        <\/div>\n\t\t\t\t\t\t\t<\/div> \n\t\t\t\n        \n\t\t\t\t<div id=\"ngg-image-172\" class=\"ngg-gallery-thumbnail-box\" >\n\t\t\t\t        <div class=\"ngg-gallery-thumbnail\">\n            <a href=\"http:\/\/www.karate-neuhofen.at\/wp-content\/gallery\/trainingslager-gnas-2018\/Gans2018273.JPG\"\n               title=\"\"\n               data-src=\"http:\/\/www.karate-neuhofen.at\/wp-content\/gallery\/trainingslager-gnas-2018\/Gans2018273.JPG\"\n               data-thumbnail=\"http:\/\/www.karate-neuhofen.at\/wp-content\/gallery\/trainingslager-gnas-2018\/thumbs\/thumbs_Gans2018273.JPG\"\n               data-image-id=\"19025\"\n               data-title=\"Gans2018(273)\"\n               data-description=\"\"\n               data-image-slug=\"gans2018273\"\n               class=\"shutterset_5a0da7a1340930de18337e8275bb6594\">\n                <img\n                    title=\"Gans2018(273)\"\n                    alt=\"Gans2018(273)\"\n                    src=\"http:\/\/www.karate-neuhofen.at\/wp-content\/gallery\/trainingslager-gnas-2018\/thumbs\/thumbs_Gans2018273.JPG\"\n                    width=\"240\"\n                    height=\"160\"\n                    style=\"max-width:100%;\"\n                \/>\n            <\/a>\n        <\/div>\n\t\t\t\t\t\t\t<\/div> \n\t\t\t\n        \n\t\t\t\t<div id=\"ngg-image-173\" class=\"ngg-gallery-thumbnail-box\" >\n\t\t\t\t        <div class=\"ngg-gallery-thumbnail\">\n            <a href=\"http:\/\/www.karate-neuhofen.at\/wp-content\/gallery\/trainingslager-gnas-2018\/Gans2018274.JPG\"\n               title=\"\"\n               data-src=\"http:\/\/www.karate-neuhofen.at\/wp-content\/gallery\/trainingslager-gnas-2018\/Gans2018274.JPG\"\n               data-thumbnail=\"http:\/\/www.karate-neuhofen.at\/wp-content\/gallery\/trainingslager-gnas-2018\/thumbs\/thumbs_Gans2018274.JPG\"\n               data-image-id=\"19026\"\n               data-title=\"Gans2018(274)\"\n               data-description=\"\"\n               data-image-slug=\"gans2018274\"\n               class=\"shutterset_5a0da7a1340930de18337e8275bb6594\">\n                <img\n                    title=\"Gans2018(274)\"\n                    alt=\"Gans2018(274)\"\n                    src=\"http:\/\/www.karate-neuhofen.at\/wp-content\/gallery\/trainingslager-gnas-2018\/thumbs\/thumbs_Gans2018274.JPG\"\n                    width=\"240\"\n                    height=\"160\"\n                    style=\"max-width:100%;\"\n                \/>\n            <\/a>\n        <\/div>\n\t\t\t\t\t\t\t<\/div> \n\t\t\t\n        \n\t\t\t\t<div id=\"ngg-image-174\" class=\"ngg-gallery-thumbnail-box\" >\n\t\t\t\t        <div class=\"ngg-gallery-thumbnail\">\n            <a href=\"http:\/\/www.karate-neuhofen.at\/wp-content\/gallery\/trainingslager-gnas-2018\/Gans2018275.JPG\"\n               title=\"\"\n               data-src=\"http:\/\/www.karate-neuhofen.at\/wp-content\/gallery\/trainingslager-gnas-2018\/Gans2018275.JPG\"\n               data-thumbnail=\"http:\/\/www.karate-neuhofen.at\/wp-content\/gallery\/trainingslager-gnas-2018\/thumbs\/thumbs_Gans2018275.JPG\"\n               data-image-id=\"19027\"\n               data-title=\"Gans2018(275)\"\n               data-description=\"\"\n               data-image-slug=\"gans2018275\"\n               class=\"shutterset_5a0da7a1340930de18337e8275bb6594\">\n                <img\n                    title=\"Gans2018(275)\"\n                    alt=\"Gans2018(275)\"\n                    src=\"http:\/\/www.karate-neuhofen.at\/wp-content\/gallery\/trainingslager-gnas-2018\/thumbs\/thumbs_Gans2018275.JPG\"\n                    width=\"240\"\n                    height=\"160\"\n                    style=\"max-width:100%;\"\n                \/>\n            <\/a>\n        <\/div>\n\t\t\t\t\t\t\t<\/div> \n\t\t\t\n        \n\t\t\t\t<div id=\"ngg-image-175\" class=\"ngg-gallery-thumbnail-box\" >\n\t\t\t\t        <div class=\"ngg-gallery-thumbnail\">\n            <a href=\"http:\/\/www.karate-neuhofen.at\/wp-content\/gallery\/trainingslager-gnas-2018\/Gans2018276.JPG\"\n               title=\"\"\n               data-src=\"http:\/\/www.karate-neuhofen.at\/wp-content\/gallery\/trainingslager-gnas-2018\/Gans2018276.JPG\"\n               data-thumbnail=\"http:\/\/www.karate-neuhofen.at\/wp-content\/gallery\/trainingslager-gnas-2018\/thumbs\/thumbs_Gans2018276.JPG\"\n               data-image-id=\"19028\"\n               data-title=\"Gans2018(276)\"\n               data-description=\"\"\n               data-image-slug=\"gans2018276\"\n               class=\"shutterset_5a0da7a1340930de18337e8275bb6594\">\n                <img\n                    title=\"Gans2018(276)\"\n                    alt=\"Gans2018(276)\"\n                    src=\"http:\/\/www.karate-neuhofen.at\/wp-content\/gallery\/trainingslager-gnas-2018\/thumbs\/thumbs_Gans2018276.JPG\"\n                    width=\"240\"\n                    height=\"160\"\n                    style=\"max-width:100%;\"\n                \/>\n            <\/a>\n        <\/div>\n\t\t\t\t\t\t\t<\/div> \n\t\t\t\n        \n\t\t\t\t<div id=\"ngg-image-176\" class=\"ngg-gallery-thumbnail-box\" >\n\t\t\t\t        <div class=\"ngg-gallery-thumbnail\">\n            <a href=\"http:\/\/www.karate-neuhofen.at\/wp-content\/gallery\/trainingslager-gnas-2018\/Gans2018277.JPG\"\n               title=\"\"\n               data-src=\"http:\/\/www.karate-neuhofen.at\/wp-content\/gallery\/trainingslager-gnas-2018\/Gans2018277.JPG\"\n               data-thumbnail=\"http:\/\/www.karate-neuhofen.at\/wp-content\/gallery\/trainingslager-gnas-2018\/thumbs\/thumbs_Gans2018277.JPG\"\n               data-image-id=\"19029\"\n               data-title=\"Gans2018(277)\"\n               data-description=\"\"\n               data-image-slug=\"gans2018277\"\n               class=\"shutterset_5a0da7a1340930de18337e8275bb6594\">\n                <img\n                    title=\"Gans2018(277)\"\n                    alt=\"Gans2018(277)\"\n                    src=\"http:\/\/www.karate-neuhofen.at\/wp-content\/gallery\/trainingslager-gnas-2018\/thumbs\/thumbs_Gans2018277.JPG\"\n                    width=\"240\"\n                    height=\"160\"\n                    style=\"max-width:100%;\"\n                \/>\n            <\/a>\n        <\/div>\n\t\t\t\t\t\t\t<\/div> \n\t\t\t\n        \n\t\t\t\t<div id=\"ngg-image-177\" class=\"ngg-gallery-thumbnail-box\" >\n\t\t\t\t        <div class=\"ngg-gallery-thumbnail\">\n            <a href=\"http:\/\/www.karate-neuhofen.at\/wp-content\/gallery\/trainingslager-gnas-2018\/Gans2018278.JPG\"\n               title=\"\"\n               data-src=\"http:\/\/www.karate-neuhofen.at\/wp-content\/gallery\/trainingslager-gnas-2018\/Gans2018278.JPG\"\n               data-thumbnail=\"http:\/\/www.karate-neuhofen.at\/wp-content\/gallery\/trainingslager-gnas-2018\/thumbs\/thumbs_Gans2018278.JPG\"\n               data-image-id=\"19030\"\n               data-title=\"Gans2018(278)\"\n               data-description=\"\"\n               data-image-slug=\"gans2018278\"\n               class=\"shutterset_5a0da7a1340930de18337e8275bb6594\">\n                <img\n                    title=\"Gans2018(278)\"\n                    alt=\"Gans2018(278)\"\n                    src=\"http:\/\/www.karate-neuhofen.at\/wp-content\/gallery\/trainingslager-gnas-2018\/thumbs\/thumbs_Gans2018278.JPG\"\n                    width=\"240\"\n                    height=\"160\"\n                    style=\"max-width:100%;\"\n                \/>\n            <\/a>\n        <\/div>\n\t\t\t\t\t\t\t<\/div> \n\t\t\t\n        \n\t\t\t\t<div id=\"ngg-image-178\" class=\"ngg-gallery-thumbnail-box\" >\n\t\t\t\t        <div class=\"ngg-gallery-thumbnail\">\n            <a href=\"http:\/\/www.karate-neuhofen.at\/wp-content\/gallery\/trainingslager-gnas-2018\/Gans2018279.JPG\"\n               title=\"\"\n               data-src=\"http:\/\/www.karate-neuhofen.at\/wp-content\/gallery\/trainingslager-gnas-2018\/Gans2018279.JPG\"\n               data-thumbnail=\"http:\/\/www.karate-neuhofen.at\/wp-content\/gallery\/trainingslager-gnas-2018\/thumbs\/thumbs_Gans2018279.JPG\"\n               data-image-id=\"19031\"\n               data-title=\"Gans2018(279)\"\n               data-description=\"\"\n               data-image-slug=\"gans2018279\"\n               class=\"shutterset_5a0da7a1340930de18337e8275bb6594\">\n                <img\n                    title=\"Gans2018(279)\"\n                    alt=\"Gans2018(279)\"\n                    src=\"http:\/\/www.karate-neuhofen.at\/wp-content\/gallery\/trainingslager-gnas-2018\/thumbs\/thumbs_Gans2018279.JPG\"\n                    width=\"240\"\n                    height=\"160\"\n                    style=\"max-width:100%;\"\n                \/>\n            <\/a>\n        <\/div>\n\t\t\t\t\t\t\t<\/div> \n\t\t\t\n        \n\t\t\t\t<div id=\"ngg-image-179\" class=\"ngg-gallery-thumbnail-box\" >\n\t\t\t\t        <div class=\"ngg-gallery-thumbnail\">\n            <a href=\"http:\/\/www.karate-neuhofen.at\/wp-content\/gallery\/trainingslager-gnas-2018\/Gans2018280.JPG\"\n               title=\"\"\n               data-src=\"http:\/\/www.karate-neuhofen.at\/wp-content\/gallery\/trainingslager-gnas-2018\/Gans2018280.JPG\"\n               data-thumbnail=\"http:\/\/www.karate-neuhofen.at\/wp-content\/gallery\/trainingslager-gnas-2018\/thumbs\/thumbs_Gans2018280.JPG\"\n               data-image-id=\"19032\"\n               data-title=\"Gans2018(280)\"\n               data-description=\"\"\n               data-image-slug=\"gans2018280\"\n               class=\"shutterset_5a0da7a1340930de18337e8275bb6594\">\n                <img\n                    title=\"Gans2018(280)\"\n                    alt=\"Gans2018(280)\"\n                    src=\"http:\/\/www.karate-neuhofen.at\/wp-content\/gallery\/trainingslager-gnas-2018\/thumbs\/thumbs_Gans2018280.JPG\"\n                    width=\"240\"\n                    height=\"160\"\n                    style=\"max-width:100%;\"\n                \/>\n            <\/a>\n        <\/div>\n\t\t\t\t\t\t\t<\/div> \n\t\t\t\n        \n\t\t\t\t<div id=\"ngg-image-180\" class=\"ngg-gallery-thumbnail-box\" >\n\t\t\t\t        <div class=\"ngg-gallery-thumbnail\">\n            <a href=\"http:\/\/www.karate-neuhofen.at\/wp-content\/gallery\/trainingslager-gnas-2018\/Gans2018281.JPG\"\n               title=\"\"\n               data-src=\"http:\/\/www.karate-neuhofen.at\/wp-content\/gallery\/trainingslager-gnas-2018\/Gans2018281.JPG\"\n               data-thumbnail=\"http:\/\/www.karate-neuhofen.at\/wp-content\/gallery\/trainingslager-gnas-2018\/thumbs\/thumbs_Gans2018281.JPG\"\n               data-image-id=\"19033\"\n               data-title=\"Gans2018(281)\"\n               data-description=\"\"\n               data-image-slug=\"gans2018281\"\n               class=\"shutterset_5a0da7a1340930de18337e8275bb6594\">\n                <img\n                    title=\"Gans2018(281)\"\n                    alt=\"Gans2018(281)\"\n                    src=\"http:\/\/www.karate-neuhofen.at\/wp-content\/gallery\/trainingslager-gnas-2018\/thumbs\/thumbs_Gans2018281.JPG\"\n                    width=\"240\"\n                    height=\"160\"\n                    style=\"max-width:100%;\"\n                \/>\n            <\/a>\n        <\/div>\n\t\t\t\t\t\t\t<\/div> \n\t\t\t\n        \n\t\t\t\t<div id=\"ngg-image-181\" class=\"ngg-gallery-thumbnail-box\" >\n\t\t\t\t        <div class=\"ngg-gallery-thumbnail\">\n            <a href=\"http:\/\/www.karate-neuhofen.at\/wp-content\/gallery\/trainingslager-gnas-2018\/Gans2018282.JPG\"\n               title=\"\"\n               data-src=\"http:\/\/www.karate-neuhofen.at\/wp-content\/gallery\/trainingslager-gnas-2018\/Gans2018282.JPG\"\n               data-thumbnail=\"http:\/\/www.karate-neuhofen.at\/wp-content\/gallery\/trainingslager-gnas-2018\/thumbs\/thumbs_Gans2018282.JPG\"\n               data-image-id=\"19034\"\n               data-title=\"Gans2018(282)\"\n               data-description=\"\"\n               data-image-slug=\"gans2018282\"\n               class=\"shutterset_5a0da7a1340930de18337e8275bb6594\">\n                <img\n                    title=\"Gans2018(282)\"\n                    alt=\"Gans2018(282)\"\n                    src=\"http:\/\/www.karate-neuhofen.at\/wp-content\/gallery\/trainingslager-gnas-2018\/thumbs\/thumbs_Gans2018282.JPG\"\n                    width=\"240\"\n                    height=\"160\"\n                    style=\"max-width:100%;\"\n                \/>\n            <\/a>\n        <\/div>\n\t\t\t\t\t\t\t<\/div> \n\t\t\t\n        \n\t\t\t\t<div id=\"ngg-image-182\" class=\"ngg-gallery-thumbnail-box\" >\n\t\t\t\t        <div class=\"ngg-gallery-thumbnail\">\n            <a href=\"http:\/\/www.karate-neuhofen.at\/wp-content\/gallery\/trainingslager-gnas-2018\/Gans2018283.JPG\"\n               title=\"\"\n               data-src=\"http:\/\/www.karate-neuhofen.at\/wp-content\/gallery\/trainingslager-gnas-2018\/Gans2018283.JPG\"\n               data-thumbnail=\"http:\/\/www.karate-neuhofen.at\/wp-content\/gallery\/trainingslager-gnas-2018\/thumbs\/thumbs_Gans2018283.JPG\"\n               data-image-id=\"19035\"\n               data-title=\"Gans2018(283)\"\n               data-description=\"\"\n               data-image-slug=\"gans2018283\"\n               class=\"shutterset_5a0da7a1340930de18337e8275bb6594\">\n                <img\n                    title=\"Gans2018(283)\"\n                    alt=\"Gans2018(283)\"\n                    src=\"http:\/\/www.karate-neuhofen.at\/wp-content\/gallery\/trainingslager-gnas-2018\/thumbs\/thumbs_Gans2018283.JPG\"\n                    width=\"240\"\n                    height=\"160\"\n                    style=\"max-width:100%;\"\n                \/>\n            <\/a>\n        <\/div>\n\t\t\t\t\t\t\t<\/div> \n\t\t\t\n        \n\t\t\t\t<div id=\"ngg-image-183\" class=\"ngg-gallery-thumbnail-box\" >\n\t\t\t\t        <div class=\"ngg-gallery-thumbnail\">\n            <a href=\"http:\/\/www.karate-neuhofen.at\/wp-content\/gallery\/trainingslager-gnas-2018\/Gans2018284.JPG\"\n               title=\"\"\n               data-src=\"http:\/\/www.karate-neuhofen.at\/wp-content\/gallery\/trainingslager-gnas-2018\/Gans2018284.JPG\"\n               data-thumbnail=\"http:\/\/www.karate-neuhofen.at\/wp-content\/gallery\/trainingslager-gnas-2018\/thumbs\/thumbs_Gans2018284.JPG\"\n               data-image-id=\"19036\"\n               data-title=\"Gans2018(284)\"\n               data-description=\"\"\n               data-image-slug=\"gans2018284\"\n               class=\"shutterset_5a0da7a1340930de18337e8275bb6594\">\n                <img\n                    title=\"Gans2018(284)\"\n                    alt=\"Gans2018(284)\"\n                    src=\"http:\/\/www.karate-neuhofen.at\/wp-content\/gallery\/trainingslager-gnas-2018\/thumbs\/thumbs_Gans2018284.JPG\"\n                    width=\"240\"\n                    height=\"160\"\n                    style=\"max-width:100%;\"\n                \/>\n            <\/a>\n        <\/div>\n\t\t\t\t\t\t\t<\/div> \n\t\t\t\n        \n\t\t\t\t<div id=\"ngg-image-184\" class=\"ngg-gallery-thumbnail-box\" >\n\t\t\t\t        <div class=\"ngg-gallery-thumbnail\">\n            <a href=\"http:\/\/www.karate-neuhofen.at\/wp-content\/gallery\/trainingslager-gnas-2018\/Gans2018285.JPG\"\n               title=\"\"\n               data-src=\"http:\/\/www.karate-neuhofen.at\/wp-content\/gallery\/trainingslager-gnas-2018\/Gans2018285.JPG\"\n               data-thumbnail=\"http:\/\/www.karate-neuhofen.at\/wp-content\/gallery\/trainingslager-gnas-2018\/thumbs\/thumbs_Gans2018285.JPG\"\n               data-image-id=\"19037\"\n               data-title=\"Gans2018(285)\"\n               data-description=\"\"\n               data-image-slug=\"gans2018285\"\n               class=\"shutterset_5a0da7a1340930de18337e8275bb6594\">\n                <img\n                    title=\"Gans2018(285)\"\n                    alt=\"Gans2018(285)\"\n                    src=\"http:\/\/www.karate-neuhofen.at\/wp-content\/gallery\/trainingslager-gnas-2018\/thumbs\/thumbs_Gans2018285.JPG\"\n                    width=\"240\"\n                    height=\"160\"\n                    style=\"max-width:100%;\"\n                \/>\n            <\/a>\n        <\/div>\n\t\t\t\t\t\t\t<\/div> \n\t\t\t\n        \n\t\t\t\t<div id=\"ngg-image-185\" class=\"ngg-gallery-thumbnail-box\" >\n\t\t\t\t        <div class=\"ngg-gallery-thumbnail\">\n            <a href=\"http:\/\/www.karate-neuhofen.at\/wp-content\/gallery\/trainingslager-gnas-2018\/Gans2018286.JPG\"\n               title=\"\"\n               data-src=\"http:\/\/www.karate-neuhofen.at\/wp-content\/gallery\/trainingslager-gnas-2018\/Gans2018286.JPG\"\n               data-thumbnail=\"http:\/\/www.karate-neuhofen.at\/wp-content\/gallery\/trainingslager-gnas-2018\/thumbs\/thumbs_Gans2018286.JPG\"\n               data-image-id=\"19038\"\n               data-title=\"Gans2018(286)\"\n               data-description=\"\"\n               data-image-slug=\"gans2018286\"\n               class=\"shutterset_5a0da7a1340930de18337e8275bb6594\">\n                <img\n                    title=\"Gans2018(286)\"\n                    alt=\"Gans2018(286)\"\n                    src=\"http:\/\/www.karate-neuhofen.at\/wp-content\/gallery\/trainingslager-gnas-2018\/thumbs\/thumbs_Gans2018286.JPG\"\n                    width=\"240\"\n                    height=\"160\"\n                    style=\"max-width:100%;\"\n                \/>\n            <\/a>\n        <\/div>\n\t\t\t\t\t\t\t<\/div> \n\t\t\t\n        \n\t\t\t\t<div id=\"ngg-image-186\" class=\"ngg-gallery-thumbnail-box\" >\n\t\t\t\t        <div class=\"ngg-gallery-thumbnail\">\n            <a href=\"http:\/\/www.karate-neuhofen.at\/wp-content\/gallery\/trainingslager-gnas-2018\/Gans2018287.JPG\"\n               title=\"\"\n               data-src=\"http:\/\/www.karate-neuhofen.at\/wp-content\/gallery\/trainingslager-gnas-2018\/Gans2018287.JPG\"\n               data-thumbnail=\"http:\/\/www.karate-neuhofen.at\/wp-content\/gallery\/trainingslager-gnas-2018\/thumbs\/thumbs_Gans2018287.JPG\"\n               data-image-id=\"19039\"\n               data-title=\"Gans2018(287)\"\n               data-description=\"\"\n               data-image-slug=\"gans2018287\"\n               class=\"shutterset_5a0da7a1340930de18337e8275bb6594\">\n                <img\n                    title=\"Gans2018(287)\"\n                    alt=\"Gans2018(287)\"\n                    src=\"http:\/\/www.karate-neuhofen.at\/wp-content\/gallery\/trainingslager-gnas-2018\/thumbs\/thumbs_Gans2018287.JPG\"\n                    width=\"240\"\n                    height=\"160\"\n                    style=\"max-width:100%;\"\n                \/>\n            <\/a>\n        <\/div>\n\t\t\t\t\t\t\t<\/div> \n\t\t\t\n        \n\t\t\t\t<div id=\"ngg-image-187\" class=\"ngg-gallery-thumbnail-box\" >\n\t\t\t\t        <div class=\"ngg-gallery-thumbnail\">\n            <a href=\"http:\/\/www.karate-neuhofen.at\/wp-content\/gallery\/trainingslager-gnas-2018\/Gans2018288.JPG\"\n               title=\"\"\n               data-src=\"http:\/\/www.karate-neuhofen.at\/wp-content\/gallery\/trainingslager-gnas-2018\/Gans2018288.JPG\"\n               data-thumbnail=\"http:\/\/www.karate-neuhofen.at\/wp-content\/gallery\/trainingslager-gnas-2018\/thumbs\/thumbs_Gans2018288.JPG\"\n               data-image-id=\"19040\"\n               data-title=\"Gans2018(288)\"\n               data-description=\"\"\n               data-image-slug=\"gans2018288\"\n               class=\"shutterset_5a0da7a1340930de18337e8275bb6594\">\n                <img\n                    title=\"Gans2018(288)\"\n                    alt=\"Gans2018(288)\"\n                    src=\"http:\/\/www.karate-neuhofen.at\/wp-content\/gallery\/trainingslager-gnas-2018\/thumbs\/thumbs_Gans2018288.JPG\"\n                    width=\"240\"\n                    height=\"160\"\n                    style=\"max-width:100%;\"\n                \/>\n            <\/a>\n        <\/div>\n\t\t\t\t\t\t\t<\/div> \n\t\t\t\n        \n\t\t\t\t<div id=\"ngg-image-188\" class=\"ngg-gallery-thumbnail-box\" >\n\t\t\t\t        <div class=\"ngg-gallery-thumbnail\">\n            <a href=\"http:\/\/www.karate-neuhofen.at\/wp-content\/gallery\/trainingslager-gnas-2018\/Gans2018289.JPG\"\n               title=\"\"\n               data-src=\"http:\/\/www.karate-neuhofen.at\/wp-content\/gallery\/trainingslager-gnas-2018\/Gans2018289.JPG\"\n               data-thumbnail=\"http:\/\/www.karate-neuhofen.at\/wp-content\/gallery\/trainingslager-gnas-2018\/thumbs\/thumbs_Gans2018289.JPG\"\n               data-image-id=\"19041\"\n               data-title=\"Gans2018(289)\"\n               data-description=\"\"\n               data-image-slug=\"gans2018289\"\n               class=\"shutterset_5a0da7a1340930de18337e8275bb6594\">\n                <img\n                    title=\"Gans2018(289)\"\n                    alt=\"Gans2018(289)\"\n                    src=\"http:\/\/www.karate-neuhofen.at\/wp-content\/gallery\/trainingslager-gnas-2018\/thumbs\/thumbs_Gans2018289.JPG\"\n                    width=\"240\"\n                    height=\"160\"\n                    style=\"max-width:100%;\"\n                \/>\n            <\/a>\n        <\/div>\n\t\t\t\t\t\t\t<\/div> \n\t\t\t\n        \n\t\t\t\t<div id=\"ngg-image-189\" class=\"ngg-gallery-thumbnail-box\" >\n\t\t\t\t        <div class=\"ngg-gallery-thumbnail\">\n            <a href=\"http:\/\/www.karate-neuhofen.at\/wp-content\/gallery\/trainingslager-gnas-2018\/Gans2018290.JPG\"\n               title=\"\"\n               data-src=\"http:\/\/www.karate-neuhofen.at\/wp-content\/gallery\/trainingslager-gnas-2018\/Gans2018290.JPG\"\n               data-thumbnail=\"http:\/\/www.karate-neuhofen.at\/wp-content\/gallery\/trainingslager-gnas-2018\/thumbs\/thumbs_Gans2018290.JPG\"\n               data-image-id=\"19042\"\n               data-title=\"Gans2018(290)\"\n               data-description=\"\"\n               data-image-slug=\"gans2018290\"\n               class=\"shutterset_5a0da7a1340930de18337e8275bb6594\">\n                <img\n                    title=\"Gans2018(290)\"\n                    alt=\"Gans2018(290)\"\n                    src=\"http:\/\/www.karate-neuhofen.at\/wp-content\/gallery\/trainingslager-gnas-2018\/thumbs\/thumbs_Gans2018290.JPG\"\n                    width=\"240\"\n                    height=\"160\"\n                    style=\"max-width:100%;\"\n                \/>\n            <\/a>\n        <\/div>\n\t\t\t\t\t\t\t<\/div> \n\t\t\t\n        \n\t\t\t\t<div id=\"ngg-image-190\" class=\"ngg-gallery-thumbnail-box\" >\n\t\t\t\t        <div class=\"ngg-gallery-thumbnail\">\n            <a href=\"http:\/\/www.karate-neuhofen.at\/wp-content\/gallery\/trainingslager-gnas-2018\/Gans2018291.JPG\"\n               title=\"\"\n               data-src=\"http:\/\/www.karate-neuhofen.at\/wp-content\/gallery\/trainingslager-gnas-2018\/Gans2018291.JPG\"\n               data-thumbnail=\"http:\/\/www.karate-neuhofen.at\/wp-content\/gallery\/trainingslager-gnas-2018\/thumbs\/thumbs_Gans2018291.JPG\"\n               data-image-id=\"19043\"\n               data-title=\"Gans2018(291)\"\n               data-description=\"\"\n               data-image-slug=\"gans2018291\"\n               class=\"shutterset_5a0da7a1340930de18337e8275bb6594\">\n                <img\n                    title=\"Gans2018(291)\"\n                    alt=\"Gans2018(291)\"\n                    src=\"http:\/\/www.karate-neuhofen.at\/wp-content\/gallery\/trainingslager-gnas-2018\/thumbs\/thumbs_Gans2018291.JPG\"\n                    width=\"240\"\n                    height=\"160\"\n                    style=\"max-width:100%;\"\n                \/>\n            <\/a>\n        <\/div>\n\t\t\t\t\t\t\t<\/div> \n\t\t\t\n        \n\t\t\t\t<div id=\"ngg-image-191\" class=\"ngg-gallery-thumbnail-box\" >\n\t\t\t\t        <div class=\"ngg-gallery-thumbnail\">\n            <a href=\"http:\/\/www.karate-neuhofen.at\/wp-content\/gallery\/trainingslager-gnas-2018\/Gans2018292.JPG\"\n               title=\"\"\n               data-src=\"http:\/\/www.karate-neuhofen.at\/wp-content\/gallery\/trainingslager-gnas-2018\/Gans2018292.JPG\"\n               data-thumbnail=\"http:\/\/www.karate-neuhofen.at\/wp-content\/gallery\/trainingslager-gnas-2018\/thumbs\/thumbs_Gans2018292.JPG\"\n               data-image-id=\"19044\"\n               data-title=\"Gans2018(292)\"\n               data-description=\"\"\n               data-image-slug=\"gans2018292\"\n               class=\"shutterset_5a0da7a1340930de18337e8275bb6594\">\n                <img\n                    title=\"Gans2018(292)\"\n                    alt=\"Gans2018(292)\"\n                    src=\"http:\/\/www.karate-neuhofen.at\/wp-content\/gallery\/trainingslager-gnas-2018\/thumbs\/thumbs_Gans2018292.JPG\"\n                    width=\"240\"\n                    height=\"160\"\n                    style=\"max-width:100%;\"\n                \/>\n            <\/a>\n        <\/div>\n\t\t\t\t\t\t\t<\/div> \n\t\t\t\n        \n\t\t\t\t<div id=\"ngg-image-192\" class=\"ngg-gallery-thumbnail-box\" >\n\t\t\t\t        <div class=\"ngg-gallery-thumbnail\">\n            <a href=\"http:\/\/www.karate-neuhofen.at\/wp-content\/gallery\/trainingslager-gnas-2018\/Gans2018293.JPG\"\n               title=\"\"\n               data-src=\"http:\/\/www.karate-neuhofen.at\/wp-content\/gallery\/trainingslager-gnas-2018\/Gans2018293.JPG\"\n               data-thumbnail=\"http:\/\/www.karate-neuhofen.at\/wp-content\/gallery\/trainingslager-gnas-2018\/thumbs\/thumbs_Gans2018293.JPG\"\n               data-image-id=\"19045\"\n               data-title=\"Gans2018(293)\"\n               data-description=\"\"\n               data-image-slug=\"gans2018293\"\n               class=\"shutterset_5a0da7a1340930de18337e8275bb6594\">\n                <img\n                    title=\"Gans2018(293)\"\n                    alt=\"Gans2018(293)\"\n                    src=\"http:\/\/www.karate-neuhofen.at\/wp-content\/gallery\/trainingslager-gnas-2018\/thumbs\/thumbs_Gans2018293.JPG\"\n                    width=\"240\"\n                    height=\"160\"\n                    style=\"max-width:100%;\"\n                \/>\n            <\/a>\n        <\/div>\n\t\t\t\t\t\t\t<\/div> \n\t\t\t\n        \n\t\t\t\t<div id=\"ngg-image-193\" class=\"ngg-gallery-thumbnail-box\" >\n\t\t\t\t        <div class=\"ngg-gallery-thumbnail\">\n            <a href=\"http:\/\/www.karate-neuhofen.at\/wp-content\/gallery\/trainingslager-gnas-2018\/Gans2018294.JPG\"\n               title=\"\"\n               data-src=\"http:\/\/www.karate-neuhofen.at\/wp-content\/gallery\/trainingslager-gnas-2018\/Gans2018294.JPG\"\n               data-thumbnail=\"http:\/\/www.karate-neuhofen.at\/wp-content\/gallery\/trainingslager-gnas-2018\/thumbs\/thumbs_Gans2018294.JPG\"\n               data-image-id=\"19046\"\n               data-title=\"Gans2018(294)\"\n               data-description=\"\"\n               data-image-slug=\"gans2018294\"\n               class=\"shutterset_5a0da7a1340930de18337e8275bb6594\">\n                <img\n                    title=\"Gans2018(294)\"\n                    alt=\"Gans2018(294)\"\n                    src=\"http:\/\/www.karate-neuhofen.at\/wp-content\/gallery\/trainingslager-gnas-2018\/thumbs\/thumbs_Gans2018294.JPG\"\n                    width=\"240\"\n                    height=\"160\"\n                    style=\"max-width:100%;\"\n                \/>\n            <\/a>\n        <\/div>\n\t\t\t\t\t\t\t<\/div> \n\t\t\t\n        \n\t\t\t\t<div id=\"ngg-image-194\" class=\"ngg-gallery-thumbnail-box\" >\n\t\t\t\t        <div class=\"ngg-gallery-thumbnail\">\n            <a href=\"http:\/\/www.karate-neuhofen.at\/wp-content\/gallery\/trainingslager-gnas-2018\/Gans2018295.JPG\"\n               title=\"\"\n               data-src=\"http:\/\/www.karate-neuhofen.at\/wp-content\/gallery\/trainingslager-gnas-2018\/Gans2018295.JPG\"\n               data-thumbnail=\"http:\/\/www.karate-neuhofen.at\/wp-content\/gallery\/trainingslager-gnas-2018\/thumbs\/thumbs_Gans2018295.JPG\"\n               data-image-id=\"19047\"\n               data-title=\"Gans2018(295)\"\n               data-description=\"\"\n               data-image-slug=\"gans2018295\"\n               class=\"shutterset_5a0da7a1340930de18337e8275bb6594\">\n                <img\n                    title=\"Gans2018(295)\"\n                    alt=\"Gans2018(295)\"\n                    src=\"http:\/\/www.karate-neuhofen.at\/wp-content\/gallery\/trainingslager-gnas-2018\/thumbs\/thumbs_Gans2018295.JPG\"\n                    width=\"240\"\n                    height=\"160\"\n                    style=\"max-width:100%;\"\n                \/>\n            <\/a>\n        <\/div>\n\t\t\t\t\t\t\t<\/div> \n\t\t\t\n        \n\t\t\t\t<div id=\"ngg-image-195\" class=\"ngg-gallery-thumbnail-box\" >\n\t\t\t\t        <div class=\"ngg-gallery-thumbnail\">\n            <a href=\"http:\/\/www.karate-neuhofen.at\/wp-content\/gallery\/trainingslager-gnas-2018\/Gans2018296.JPG\"\n               title=\"\"\n               data-src=\"http:\/\/www.karate-neuhofen.at\/wp-content\/gallery\/trainingslager-gnas-2018\/Gans2018296.JPG\"\n               data-thumbnail=\"http:\/\/www.karate-neuhofen.at\/wp-content\/gallery\/trainingslager-gnas-2018\/thumbs\/thumbs_Gans2018296.JPG\"\n               data-image-id=\"19048\"\n               data-title=\"Gans2018(296)\"\n               data-description=\"\"\n               data-image-slug=\"gans2018296\"\n               class=\"shutterset_5a0da7a1340930de18337e8275bb6594\">\n                <img\n                    title=\"Gans2018(296)\"\n                    alt=\"Gans2018(296)\"\n                    src=\"http:\/\/www.karate-neuhofen.at\/wp-content\/gallery\/trainingslager-gnas-2018\/thumbs\/thumbs_Gans2018296.JPG\"\n                    width=\"240\"\n                    height=\"160\"\n                    style=\"max-width:100%;\"\n                \/>\n            <\/a>\n        <\/div>\n\t\t\t\t\t\t\t<\/div> \n\t\t\t\n        \n\t\t\t\t<div id=\"ngg-image-196\" class=\"ngg-gallery-thumbnail-box\" >\n\t\t\t\t        <div class=\"ngg-gallery-thumbnail\">\n            <a href=\"http:\/\/www.karate-neuhofen.at\/wp-content\/gallery\/trainingslager-gnas-2018\/Gans2018297.JPG\"\n               title=\"\"\n               data-src=\"http:\/\/www.karate-neuhofen.at\/wp-content\/gallery\/trainingslager-gnas-2018\/Gans2018297.JPG\"\n               data-thumbnail=\"http:\/\/www.karate-neuhofen.at\/wp-content\/gallery\/trainingslager-gnas-2018\/thumbs\/thumbs_Gans2018297.JPG\"\n               data-image-id=\"19049\"\n               data-title=\"Gans2018(297)\"\n               data-description=\"\"\n               data-image-slug=\"gans2018297\"\n               class=\"shutterset_5a0da7a1340930de18337e8275bb6594\">\n                <img\n                    title=\"Gans2018(297)\"\n                    alt=\"Gans2018(297)\"\n                    src=\"http:\/\/www.karate-neuhofen.at\/wp-content\/gallery\/trainingslager-gnas-2018\/thumbs\/thumbs_Gans2018297.JPG\"\n                    width=\"240\"\n                    height=\"160\"\n                    style=\"max-width:100%;\"\n                \/>\n            <\/a>\n        <\/div>\n\t\t\t\t\t\t\t<\/div> \n\t\t\t\n        \n\t\t\t\t<div id=\"ngg-image-197\" class=\"ngg-gallery-thumbnail-box\" >\n\t\t\t\t        <div class=\"ngg-gallery-thumbnail\">\n            <a href=\"http:\/\/www.karate-neuhofen.at\/wp-content\/gallery\/trainingslager-gnas-2018\/Gans2018298.JPG\"\n               title=\"\"\n               data-src=\"http:\/\/www.karate-neuhofen.at\/wp-content\/gallery\/trainingslager-gnas-2018\/Gans2018298.JPG\"\n               data-thumbnail=\"http:\/\/www.karate-neuhofen.at\/wp-content\/gallery\/trainingslager-gnas-2018\/thumbs\/thumbs_Gans2018298.JPG\"\n               data-image-id=\"19050\"\n               data-title=\"Gans2018(298)\"\n               data-description=\"\"\n               data-image-slug=\"gans2018298\"\n               class=\"shutterset_5a0da7a1340930de18337e8275bb6594\">\n                <img\n                    title=\"Gans2018(298)\"\n                    alt=\"Gans2018(298)\"\n                    src=\"http:\/\/www.karate-neuhofen.at\/wp-content\/gallery\/trainingslager-gnas-2018\/thumbs\/thumbs_Gans2018298.JPG\"\n                    width=\"240\"\n                    height=\"160\"\n                    style=\"max-width:100%;\"\n                \/>\n            <\/a>\n        <\/div>\n\t\t\t\t\t\t\t<\/div> \n\t\t\t\n        \n\t\t\t\t<div id=\"ngg-image-198\" class=\"ngg-gallery-thumbnail-box\" >\n\t\t\t\t        <div class=\"ngg-gallery-thumbnail\">\n            <a href=\"http:\/\/www.karate-neuhofen.at\/wp-content\/gallery\/trainingslager-gnas-2018\/Gans2018299.JPG\"\n               title=\"\"\n               data-src=\"http:\/\/www.karate-neuhofen.at\/wp-content\/gallery\/trainingslager-gnas-2018\/Gans2018299.JPG\"\n               data-thumbnail=\"http:\/\/www.karate-neuhofen.at\/wp-content\/gallery\/trainingslager-gnas-2018\/thumbs\/thumbs_Gans2018299.JPG\"\n               data-image-id=\"19051\"\n               data-title=\"Gans2018(299)\"\n               data-description=\"\"\n               data-image-slug=\"gans2018299\"\n               class=\"shutterset_5a0da7a1340930de18337e8275bb6594\">\n                <img\n                    title=\"Gans2018(299)\"\n                    alt=\"Gans2018(299)\"\n                    src=\"http:\/\/www.karate-neuhofen.at\/wp-content\/gallery\/trainingslager-gnas-2018\/thumbs\/thumbs_Gans2018299.JPG\"\n                    width=\"240\"\n                    height=\"160\"\n                    style=\"max-width:100%;\"\n                \/>\n            <\/a>\n        <\/div>\n\t\t\t\t\t\t\t<\/div> \n\t\t\t\n        \n\t\t\t\t<div id=\"ngg-image-199\" class=\"ngg-gallery-thumbnail-box\" >\n\t\t\t\t        <div class=\"ngg-gallery-thumbnail\">\n            <a href=\"http:\/\/www.karate-neuhofen.at\/wp-content\/gallery\/trainingslager-gnas-2018\/Gans2018300.JPG\"\n               title=\"\"\n               data-src=\"http:\/\/www.karate-neuhofen.at\/wp-content\/gallery\/trainingslager-gnas-2018\/Gans2018300.JPG\"\n               data-thumbnail=\"http:\/\/www.karate-neuhofen.at\/wp-content\/gallery\/trainingslager-gnas-2018\/thumbs\/thumbs_Gans2018300.JPG\"\n               data-image-id=\"19052\"\n               data-title=\"Gans2018(300)\"\n               data-description=\"\"\n               data-image-slug=\"gans2018300\"\n               class=\"shutterset_5a0da7a1340930de18337e8275bb6594\">\n                <img\n                    title=\"Gans2018(300)\"\n                    alt=\"Gans2018(300)\"\n                    src=\"http:\/\/www.karate-neuhofen.at\/wp-content\/gallery\/trainingslager-gnas-2018\/thumbs\/thumbs_Gans2018300.JPG\"\n                    width=\"240\"\n                    height=\"160\"\n                    style=\"max-width:100%;\"\n                \/>\n            <\/a>\n        <\/div>\n\t\t\t\t\t\t\t<\/div> \n\t\t\t\n        \n\t\t\t\t<div id=\"ngg-image-200\" class=\"ngg-gallery-thumbnail-box\" >\n\t\t\t\t        <div class=\"ngg-gallery-thumbnail\">\n            <a href=\"http:\/\/www.karate-neuhofen.at\/wp-content\/gallery\/trainingslager-gnas-2018\/Gans2018301.JPG\"\n               title=\"\"\n               data-src=\"http:\/\/www.karate-neuhofen.at\/wp-content\/gallery\/trainingslager-gnas-2018\/Gans2018301.JPG\"\n               data-thumbnail=\"http:\/\/www.karate-neuhofen.at\/wp-content\/gallery\/trainingslager-gnas-2018\/thumbs\/thumbs_Gans2018301.JPG\"\n               data-image-id=\"19053\"\n               data-title=\"Gans2018(301)\"\n               data-description=\"\"\n               data-image-slug=\"gans2018301\"\n               class=\"shutterset_5a0da7a1340930de18337e8275bb6594\">\n                <img\n                    title=\"Gans2018(301)\"\n                    alt=\"Gans2018(301)\"\n                    src=\"http:\/\/www.karate-neuhofen.at\/wp-content\/gallery\/trainingslager-gnas-2018\/thumbs\/thumbs_Gans2018301.JPG\"\n                    width=\"240\"\n                    height=\"160\"\n                    style=\"max-width:100%;\"\n                \/>\n            <\/a>\n        <\/div>\n\t\t\t\t\t\t\t<\/div> \n\t\t\t\n        \n\t\t\t\t<div id=\"ngg-image-201\" class=\"ngg-gallery-thumbnail-box\" >\n\t\t\t\t        <div class=\"ngg-gallery-thumbnail\">\n            <a href=\"http:\/\/www.karate-neuhofen.at\/wp-content\/gallery\/trainingslager-gnas-2018\/Gans2018302.JPG\"\n               title=\"\"\n               data-src=\"http:\/\/www.karate-neuhofen.at\/wp-content\/gallery\/trainingslager-gnas-2018\/Gans2018302.JPG\"\n               data-thumbnail=\"http:\/\/www.karate-neuhofen.at\/wp-content\/gallery\/trainingslager-gnas-2018\/thumbs\/thumbs_Gans2018302.JPG\"\n               data-image-id=\"19054\"\n               data-title=\"Gans2018(302)\"\n               data-description=\"\"\n               data-image-slug=\"gans2018302\"\n               class=\"shutterset_5a0da7a1340930de18337e8275bb6594\">\n                <img\n                    title=\"Gans2018(302)\"\n                    alt=\"Gans2018(302)\"\n                    src=\"http:\/\/www.karate-neuhofen.at\/wp-content\/gallery\/trainingslager-gnas-2018\/thumbs\/thumbs_Gans2018302.JPG\"\n                    width=\"240\"\n                    height=\"160\"\n                    style=\"max-width:100%;\"\n                \/>\n            <\/a>\n        <\/div>\n\t\t\t\t\t\t\t<\/div> \n\t\t\t\n        \n\t\t\t\t<div id=\"ngg-image-202\" class=\"ngg-gallery-thumbnail-box\" >\n\t\t\t\t        <div class=\"ngg-gallery-thumbnail\">\n            <a href=\"http:\/\/www.karate-neuhofen.at\/wp-content\/gallery\/trainingslager-gnas-2018\/Gans2018303.JPG\"\n               title=\"\"\n               data-src=\"http:\/\/www.karate-neuhofen.at\/wp-content\/gallery\/trainingslager-gnas-2018\/Gans2018303.JPG\"\n               data-thumbnail=\"http:\/\/www.karate-neuhofen.at\/wp-content\/gallery\/trainingslager-gnas-2018\/thumbs\/thumbs_Gans2018303.JPG\"\n               data-image-id=\"19055\"\n               data-title=\"Gans2018(303)\"\n               data-description=\"\"\n               data-image-slug=\"gans2018303\"\n               class=\"shutterset_5a0da7a1340930de18337e8275bb6594\">\n                <img\n                    title=\"Gans2018(303)\"\n                    alt=\"Gans2018(303)\"\n                    src=\"http:\/\/www.karate-neuhofen.at\/wp-content\/gallery\/trainingslager-gnas-2018\/thumbs\/thumbs_Gans2018303.JPG\"\n                    width=\"240\"\n                    height=\"160\"\n                    style=\"max-width:100%;\"\n                \/>\n            <\/a>\n        <\/div>\n\t\t\t\t\t\t\t<\/div> \n\t\t\t\n        \n\t\t\t\t<div id=\"ngg-image-203\" class=\"ngg-gallery-thumbnail-box\" >\n\t\t\t\t        <div class=\"ngg-gallery-thumbnail\">\n            <a href=\"http:\/\/www.karate-neuhofen.at\/wp-content\/gallery\/trainingslager-gnas-2018\/Gans2018304.JPG\"\n               title=\"\"\n               data-src=\"http:\/\/www.karate-neuhofen.at\/wp-content\/gallery\/trainingslager-gnas-2018\/Gans2018304.JPG\"\n               data-thumbnail=\"http:\/\/www.karate-neuhofen.at\/wp-content\/gallery\/trainingslager-gnas-2018\/thumbs\/thumbs_Gans2018304.JPG\"\n               data-image-id=\"19056\"\n               data-title=\"Gans2018(304)\"\n               data-description=\"\"\n               data-image-slug=\"gans2018304\"\n               class=\"shutterset_5a0da7a1340930de18337e8275bb6594\">\n                <img\n                    title=\"Gans2018(304)\"\n                    alt=\"Gans2018(304)\"\n                    src=\"http:\/\/www.karate-neuhofen.at\/wp-content\/gallery\/trainingslager-gnas-2018\/thumbs\/thumbs_Gans2018304.JPG\"\n                    width=\"240\"\n                    height=\"160\"\n                    style=\"max-width:100%;\"\n                \/>\n            <\/a>\n        <\/div>\n\t\t\t\t\t\t\t<\/div> \n\t\t\t\n        \n\t\t\t\t<div id=\"ngg-image-204\" class=\"ngg-gallery-thumbnail-box\" >\n\t\t\t\t        <div class=\"ngg-gallery-thumbnail\">\n            <a href=\"http:\/\/www.karate-neuhofen.at\/wp-content\/gallery\/trainingslager-gnas-2018\/Gans2018305.JPG\"\n               title=\"\"\n               data-src=\"http:\/\/www.karate-neuhofen.at\/wp-content\/gallery\/trainingslager-gnas-2018\/Gans2018305.JPG\"\n               data-thumbnail=\"http:\/\/www.karate-neuhofen.at\/wp-content\/gallery\/trainingslager-gnas-2018\/thumbs\/thumbs_Gans2018305.JPG\"\n               data-image-id=\"19057\"\n               data-title=\"Gans2018(305)\"\n               data-description=\"\"\n               data-image-slug=\"gans2018305\"\n               class=\"shutterset_5a0da7a1340930de18337e8275bb6594\">\n                <img\n                    title=\"Gans2018(305)\"\n                    alt=\"Gans2018(305)\"\n                    src=\"http:\/\/www.karate-neuhofen.at\/wp-content\/gallery\/trainingslager-gnas-2018\/thumbs\/thumbs_Gans2018305.JPG\"\n                    width=\"240\"\n                    height=\"160\"\n                    style=\"max-width:100%;\"\n                \/>\n            <\/a>\n        <\/div>\n\t\t\t\t\t\t\t<\/div> \n\t\t\t\n        \n\t\t\t\t<div id=\"ngg-image-205\" class=\"ngg-gallery-thumbnail-box\" >\n\t\t\t\t        <div class=\"ngg-gallery-thumbnail\">\n            <a href=\"http:\/\/www.karate-neuhofen.at\/wp-content\/gallery\/trainingslager-gnas-2018\/Gans2018306.JPG\"\n               title=\"\"\n               data-src=\"http:\/\/www.karate-neuhofen.at\/wp-content\/gallery\/trainingslager-gnas-2018\/Gans2018306.JPG\"\n               data-thumbnail=\"http:\/\/www.karate-neuhofen.at\/wp-content\/gallery\/trainingslager-gnas-2018\/thumbs\/thumbs_Gans2018306.JPG\"\n               data-image-id=\"19058\"\n               data-title=\"Gans2018(306)\"\n               data-description=\"\"\n               data-image-slug=\"gans2018306\"\n               class=\"shutterset_5a0da7a1340930de18337e8275bb6594\">\n                <img\n                    title=\"Gans2018(306)\"\n                    alt=\"Gans2018(306)\"\n                    src=\"http:\/\/www.karate-neuhofen.at\/wp-content\/gallery\/trainingslager-gnas-2018\/thumbs\/thumbs_Gans2018306.JPG\"\n                    width=\"240\"\n                    height=\"160\"\n                    style=\"max-width:100%;\"\n                \/>\n            <\/a>\n        <\/div>\n\t\t\t\t\t\t\t<\/div> \n\t\t\t\n        \n\t\t\t\t<div id=\"ngg-image-206\" class=\"ngg-gallery-thumbnail-box\" >\n\t\t\t\t        <div class=\"ngg-gallery-thumbnail\">\n            <a href=\"http:\/\/www.karate-neuhofen.at\/wp-content\/gallery\/trainingslager-gnas-2018\/Gans2018307.JPG\"\n               title=\"\"\n               data-src=\"http:\/\/www.karate-neuhofen.at\/wp-content\/gallery\/trainingslager-gnas-2018\/Gans2018307.JPG\"\n               data-thumbnail=\"http:\/\/www.karate-neuhofen.at\/wp-content\/gallery\/trainingslager-gnas-2018\/thumbs\/thumbs_Gans2018307.JPG\"\n               data-image-id=\"19059\"\n               data-title=\"Gans2018(307)\"\n               data-description=\"\"\n               data-image-slug=\"gans2018307\"\n               class=\"shutterset_5a0da7a1340930de18337e8275bb6594\">\n                <img\n                    title=\"Gans2018(307)\"\n                    alt=\"Gans2018(307)\"\n                    src=\"http:\/\/www.karate-neuhofen.at\/wp-content\/gallery\/trainingslager-gnas-2018\/thumbs\/thumbs_Gans2018307.JPG\"\n                    width=\"240\"\n                    height=\"160\"\n                    style=\"max-width:100%;\"\n                \/>\n            <\/a>\n        <\/div>\n\t\t\t\t\t\t\t<\/div> \n\t\t\t\n        \n\t\t\t\t<div id=\"ngg-image-207\" class=\"ngg-gallery-thumbnail-box\" >\n\t\t\t\t        <div class=\"ngg-gallery-thumbnail\">\n            <a href=\"http:\/\/www.karate-neuhofen.at\/wp-content\/gallery\/trainingslager-gnas-2018\/Gans2018308.JPG\"\n               title=\"\"\n               data-src=\"http:\/\/www.karate-neuhofen.at\/wp-content\/gallery\/trainingslager-gnas-2018\/Gans2018308.JPG\"\n               data-thumbnail=\"http:\/\/www.karate-neuhofen.at\/wp-content\/gallery\/trainingslager-gnas-2018\/thumbs\/thumbs_Gans2018308.JPG\"\n               data-image-id=\"19060\"\n               data-title=\"Gans2018(308)\"\n               data-description=\"\"\n               data-image-slug=\"gans2018308\"\n               class=\"shutterset_5a0da7a1340930de18337e8275bb6594\">\n                <img\n                    title=\"Gans2018(308)\"\n                    alt=\"Gans2018(308)\"\n                    src=\"http:\/\/www.karate-neuhofen.at\/wp-content\/gallery\/trainingslager-gnas-2018\/thumbs\/thumbs_Gans2018308.JPG\"\n                    width=\"240\"\n                    height=\"160\"\n                    style=\"max-width:100%;\"\n                \/>\n            <\/a>\n        <\/div>\n\t\t\t\t\t\t\t<\/div> \n\t\t\t\n        \n\t\t\t\t<div id=\"ngg-image-208\" class=\"ngg-gallery-thumbnail-box\" >\n\t\t\t\t        <div class=\"ngg-gallery-thumbnail\">\n            <a href=\"http:\/\/www.karate-neuhofen.at\/wp-content\/gallery\/trainingslager-gnas-2018\/Gans2018309.JPG\"\n               title=\"\"\n               data-src=\"http:\/\/www.karate-neuhofen.at\/wp-content\/gallery\/trainingslager-gnas-2018\/Gans2018309.JPG\"\n               data-thumbnail=\"http:\/\/www.karate-neuhofen.at\/wp-content\/gallery\/trainingslager-gnas-2018\/thumbs\/thumbs_Gans2018309.JPG\"\n               data-image-id=\"19061\"\n               data-title=\"Gans2018(309)\"\n               data-description=\"\"\n               data-image-slug=\"gans2018309\"\n               class=\"shutterset_5a0da7a1340930de18337e8275bb6594\">\n                <img\n                    title=\"Gans2018(309)\"\n                    alt=\"Gans2018(309)\"\n                    src=\"http:\/\/www.karate-neuhofen.at\/wp-content\/gallery\/trainingslager-gnas-2018\/thumbs\/thumbs_Gans2018309.JPG\"\n                    width=\"240\"\n                    height=\"160\"\n                    style=\"max-width:100%;\"\n                \/>\n            <\/a>\n        <\/div>\n\t\t\t\t\t\t\t<\/div> \n\t\t\t\n        \n\t\t\t\t<div id=\"ngg-image-209\" class=\"ngg-gallery-thumbnail-box\" >\n\t\t\t\t        <div class=\"ngg-gallery-thumbnail\">\n            <a href=\"http:\/\/www.karate-neuhofen.at\/wp-content\/gallery\/trainingslager-gnas-2018\/Gans2018310.JPG\"\n               title=\"\"\n               data-src=\"http:\/\/www.karate-neuhofen.at\/wp-content\/gallery\/trainingslager-gnas-2018\/Gans2018310.JPG\"\n               data-thumbnail=\"http:\/\/www.karate-neuhofen.at\/wp-content\/gallery\/trainingslager-gnas-2018\/thumbs\/thumbs_Gans2018310.JPG\"\n               data-image-id=\"19062\"\n               data-title=\"Gans2018(310)\"\n               data-description=\"\"\n               data-image-slug=\"gans2018310\"\n               class=\"shutterset_5a0da7a1340930de18337e8275bb6594\">\n                <img\n                    title=\"Gans2018(310)\"\n                    alt=\"Gans2018(310)\"\n                    src=\"http:\/\/www.karate-neuhofen.at\/wp-content\/gallery\/trainingslager-gnas-2018\/thumbs\/thumbs_Gans2018310.JPG\"\n                    width=\"240\"\n                    height=\"160\"\n                    style=\"max-width:100%;\"\n                \/>\n            <\/a>\n        <\/div>\n\t\t\t\t\t\t\t<\/div> \n\t\t\t\n        \n\t\t\t\t<div id=\"ngg-image-210\" class=\"ngg-gallery-thumbnail-box\" >\n\t\t\t\t        <div class=\"ngg-gallery-thumbnail\">\n            <a href=\"http:\/\/www.karate-neuhofen.at\/wp-content\/gallery\/trainingslager-gnas-2018\/Gans2018311.JPG\"\n               title=\"\"\n               data-src=\"http:\/\/www.karate-neuhofen.at\/wp-content\/gallery\/trainingslager-gnas-2018\/Gans2018311.JPG\"\n               data-thumbnail=\"http:\/\/www.karate-neuhofen.at\/wp-content\/gallery\/trainingslager-gnas-2018\/thumbs\/thumbs_Gans2018311.JPG\"\n               data-image-id=\"19063\"\n               data-title=\"Gans2018(311)\"\n               data-description=\"\"\n               data-image-slug=\"gans2018311\"\n               class=\"shutterset_5a0da7a1340930de18337e8275bb6594\">\n                <img\n                    title=\"Gans2018(311)\"\n                    alt=\"Gans2018(311)\"\n                    src=\"http:\/\/www.karate-neuhofen.at\/wp-content\/gallery\/trainingslager-gnas-2018\/thumbs\/thumbs_Gans2018311.JPG\"\n                    width=\"240\"\n                    height=\"160\"\n                    style=\"max-width:100%;\"\n                \/>\n            <\/a>\n        <\/div>\n\t\t\t\t\t\t\t<\/div> \n\t\t\t\n        \n\t\t\t\t<div id=\"ngg-image-211\" class=\"ngg-gallery-thumbnail-box\" >\n\t\t\t\t        <div class=\"ngg-gallery-thumbnail\">\n            <a href=\"http:\/\/www.karate-neuhofen.at\/wp-content\/gallery\/trainingslager-gnas-2018\/Gans2018312.JPG\"\n               title=\"\"\n               data-src=\"http:\/\/www.karate-neuhofen.at\/wp-content\/gallery\/trainingslager-gnas-2018\/Gans2018312.JPG\"\n               data-thumbnail=\"http:\/\/www.karate-neuhofen.at\/wp-content\/gallery\/trainingslager-gnas-2018\/thumbs\/thumbs_Gans2018312.JPG\"\n               data-image-id=\"19064\"\n               data-title=\"Gans2018(312)\"\n               data-description=\"\"\n               data-image-slug=\"gans2018312\"\n               class=\"shutterset_5a0da7a1340930de18337e8275bb6594\">\n                <img\n                    title=\"Gans2018(312)\"\n                    alt=\"Gans2018(312)\"\n                    src=\"http:\/\/www.karate-neuhofen.at\/wp-content\/gallery\/trainingslager-gnas-2018\/thumbs\/thumbs_Gans2018312.JPG\"\n                    width=\"240\"\n                    height=\"160\"\n                    style=\"max-width:100%;\"\n                \/>\n            <\/a>\n        <\/div>\n\t\t\t\t\t\t\t<\/div> \n\t\t\t\n        \n\t\t\t\t<div id=\"ngg-image-212\" class=\"ngg-gallery-thumbnail-box\" >\n\t\t\t\t        <div class=\"ngg-gallery-thumbnail\">\n            <a href=\"http:\/\/www.karate-neuhofen.at\/wp-content\/gallery\/trainingslager-gnas-2018\/Gans2018313.JPG\"\n               title=\"\"\n               data-src=\"http:\/\/www.karate-neuhofen.at\/wp-content\/gallery\/trainingslager-gnas-2018\/Gans2018313.JPG\"\n               data-thumbnail=\"http:\/\/www.karate-neuhofen.at\/wp-content\/gallery\/trainingslager-gnas-2018\/thumbs\/thumbs_Gans2018313.JPG\"\n               data-image-id=\"19065\"\n               data-title=\"Gans2018(313)\"\n               data-description=\"\"\n               data-image-slug=\"gans2018313\"\n               class=\"shutterset_5a0da7a1340930de18337e8275bb6594\">\n                <img\n                    title=\"Gans2018(313)\"\n                    alt=\"Gans2018(313)\"\n                    src=\"http:\/\/www.karate-neuhofen.at\/wp-content\/gallery\/trainingslager-gnas-2018\/thumbs\/thumbs_Gans2018313.JPG\"\n                    width=\"240\"\n                    height=\"160\"\n                    style=\"max-width:100%;\"\n                \/>\n            <\/a>\n        <\/div>\n\t\t\t\t\t\t\t<\/div> \n\t\t\t\n        \n\t\t\t\t<div id=\"ngg-image-213\" class=\"ngg-gallery-thumbnail-box\" >\n\t\t\t\t        <div class=\"ngg-gallery-thumbnail\">\n            <a href=\"http:\/\/www.karate-neuhofen.at\/wp-content\/gallery\/trainingslager-gnas-2018\/Gans2018314.JPG\"\n               title=\"\"\n               data-src=\"http:\/\/www.karate-neuhofen.at\/wp-content\/gallery\/trainingslager-gnas-2018\/Gans2018314.JPG\"\n               data-thumbnail=\"http:\/\/www.karate-neuhofen.at\/wp-content\/gallery\/trainingslager-gnas-2018\/thumbs\/thumbs_Gans2018314.JPG\"\n               data-image-id=\"19066\"\n               data-title=\"Gans2018(314)\"\n               data-description=\"\"\n               data-image-slug=\"gans2018314\"\n               class=\"shutterset_5a0da7a1340930de18337e8275bb6594\">\n                <img\n                    title=\"Gans2018(314)\"\n                    alt=\"Gans2018(314)\"\n                    src=\"http:\/\/www.karate-neuhofen.at\/wp-content\/gallery\/trainingslager-gnas-2018\/thumbs\/thumbs_Gans2018314.JPG\"\n                    width=\"240\"\n                    height=\"160\"\n                    style=\"max-width:100%;\"\n                \/>\n            <\/a>\n        <\/div>\n\t\t\t\t\t\t\t<\/div> \n\t\t\t\n        \n\t\t\t\t<div id=\"ngg-image-214\" class=\"ngg-gallery-thumbnail-box\" >\n\t\t\t\t        <div class=\"ngg-gallery-thumbnail\">\n            <a href=\"http:\/\/www.karate-neuhofen.at\/wp-content\/gallery\/trainingslager-gnas-2018\/Gans2018315.JPG\"\n               title=\"\"\n               data-src=\"http:\/\/www.karate-neuhofen.at\/wp-content\/gallery\/trainingslager-gnas-2018\/Gans2018315.JPG\"\n               data-thumbnail=\"http:\/\/www.karate-neuhofen.at\/wp-content\/gallery\/trainingslager-gnas-2018\/thumbs\/thumbs_Gans2018315.JPG\"\n               data-image-id=\"19067\"\n               data-title=\"Gans2018(315)\"\n               data-description=\"\"\n               data-image-slug=\"gans2018315\"\n               class=\"shutterset_5a0da7a1340930de18337e8275bb6594\">\n                <img\n                    title=\"Gans2018(315)\"\n                    alt=\"Gans2018(315)\"\n                    src=\"http:\/\/www.karate-neuhofen.at\/wp-content\/gallery\/trainingslager-gnas-2018\/thumbs\/thumbs_Gans2018315.JPG\"\n                    width=\"240\"\n                    height=\"160\"\n                    style=\"max-width:100%;\"\n                \/>\n            <\/a>\n        <\/div>\n\t\t\t\t\t\t\t<\/div> \n\t\t\t\n        \n\t\t\t\t<div id=\"ngg-image-215\" class=\"ngg-gallery-thumbnail-box\" >\n\t\t\t\t        <div class=\"ngg-gallery-thumbnail\">\n            <a href=\"http:\/\/www.karate-neuhofen.at\/wp-content\/gallery\/trainingslager-gnas-2018\/Gans2018316.JPG\"\n               title=\"\"\n               data-src=\"http:\/\/www.karate-neuhofen.at\/wp-content\/gallery\/trainingslager-gnas-2018\/Gans2018316.JPG\"\n               data-thumbnail=\"http:\/\/www.karate-neuhofen.at\/wp-content\/gallery\/trainingslager-gnas-2018\/thumbs\/thumbs_Gans2018316.JPG\"\n               data-image-id=\"19068\"\n               data-title=\"Gans2018(316)\"\n               data-description=\"\"\n               data-image-slug=\"gans2018316\"\n               class=\"shutterset_5a0da7a1340930de18337e8275bb6594\">\n                <img\n                    title=\"Gans2018(316)\"\n                    alt=\"Gans2018(316)\"\n                    src=\"http:\/\/www.karate-neuhofen.at\/wp-content\/gallery\/trainingslager-gnas-2018\/thumbs\/thumbs_Gans2018316.JPG\"\n                    width=\"240\"\n                    height=\"160\"\n                    style=\"max-width:100%;\"\n                \/>\n            <\/a>\n        <\/div>\n\t\t\t\t\t\t\t<\/div> \n\t\t\t\n        \n\t\t\t\t<div id=\"ngg-image-216\" class=\"ngg-gallery-thumbnail-box\" >\n\t\t\t\t        <div class=\"ngg-gallery-thumbnail\">\n            <a href=\"http:\/\/www.karate-neuhofen.at\/wp-content\/gallery\/trainingslager-gnas-2018\/Gans2018317.JPG\"\n               title=\"\"\n               data-src=\"http:\/\/www.karate-neuhofen.at\/wp-content\/gallery\/trainingslager-gnas-2018\/Gans2018317.JPG\"\n               data-thumbnail=\"http:\/\/www.karate-neuhofen.at\/wp-content\/gallery\/trainingslager-gnas-2018\/thumbs\/thumbs_Gans2018317.JPG\"\n               data-image-id=\"19069\"\n               data-title=\"Gans2018(317)\"\n               data-description=\"\"\n               data-image-slug=\"gans2018317\"\n               class=\"shutterset_5a0da7a1340930de18337e8275bb6594\">\n                <img\n                    title=\"Gans2018(317)\"\n                    alt=\"Gans2018(317)\"\n                    src=\"http:\/\/www.karate-neuhofen.at\/wp-content\/gallery\/trainingslager-gnas-2018\/thumbs\/thumbs_Gans2018317.JPG\"\n                    width=\"240\"\n                    height=\"160\"\n                    style=\"max-width:100%;\"\n                \/>\n            <\/a>\n        <\/div>\n\t\t\t\t\t\t\t<\/div> \n\t\t\t\n        \n\t\t\t\t<div id=\"ngg-image-217\" class=\"ngg-gallery-thumbnail-box\" >\n\t\t\t\t        <div class=\"ngg-gallery-thumbnail\">\n            <a href=\"http:\/\/www.karate-neuhofen.at\/wp-content\/gallery\/trainingslager-gnas-2018\/Gans2018318.JPG\"\n               title=\"\"\n               data-src=\"http:\/\/www.karate-neuhofen.at\/wp-content\/gallery\/trainingslager-gnas-2018\/Gans2018318.JPG\"\n               data-thumbnail=\"http:\/\/www.karate-neuhofen.at\/wp-content\/gallery\/trainingslager-gnas-2018\/thumbs\/thumbs_Gans2018318.JPG\"\n               data-image-id=\"19070\"\n               data-title=\"Gans2018(318)\"\n               data-description=\"\"\n               data-image-slug=\"gans2018318\"\n               class=\"shutterset_5a0da7a1340930de18337e8275bb6594\">\n                <img\n                    title=\"Gans2018(318)\"\n                    alt=\"Gans2018(318)\"\n                    src=\"http:\/\/www.karate-neuhofen.at\/wp-content\/gallery\/trainingslager-gnas-2018\/thumbs\/thumbs_Gans2018318.JPG\"\n                    width=\"240\"\n                    height=\"160\"\n                    style=\"max-width:100%;\"\n                \/>\n            <\/a>\n        <\/div>\n\t\t\t\t\t\t\t<\/div> \n\t\t\t\n        \n\t\t\t\t<div id=\"ngg-image-218\" class=\"ngg-gallery-thumbnail-box\" >\n\t\t\t\t        <div class=\"ngg-gallery-thumbnail\">\n            <a href=\"http:\/\/www.karate-neuhofen.at\/wp-content\/gallery\/trainingslager-gnas-2018\/Gans2018319.JPG\"\n               title=\"\"\n               data-src=\"http:\/\/www.karate-neuhofen.at\/wp-content\/gallery\/trainingslager-gnas-2018\/Gans2018319.JPG\"\n               data-thumbnail=\"http:\/\/www.karate-neuhofen.at\/wp-content\/gallery\/trainingslager-gnas-2018\/thumbs\/thumbs_Gans2018319.JPG\"\n               data-image-id=\"19071\"\n               data-title=\"Gans2018(319)\"\n               data-description=\"\"\n               data-image-slug=\"gans2018319\"\n               class=\"shutterset_5a0da7a1340930de18337e8275bb6594\">\n                <img\n                    title=\"Gans2018(319)\"\n                    alt=\"Gans2018(319)\"\n                    src=\"http:\/\/www.karate-neuhofen.at\/wp-content\/gallery\/trainingslager-gnas-2018\/thumbs\/thumbs_Gans2018319.JPG\"\n                    width=\"240\"\n                    height=\"160\"\n                    style=\"max-width:100%;\"\n                \/>\n            <\/a>\n        <\/div>\n\t\t\t\t\t\t\t<\/div> \n\t\t\t\n        \n\t\t\t\t<div id=\"ngg-image-219\" class=\"ngg-gallery-thumbnail-box\" >\n\t\t\t\t        <div class=\"ngg-gallery-thumbnail\">\n            <a href=\"http:\/\/www.karate-neuhofen.at\/wp-content\/gallery\/trainingslager-gnas-2018\/Gans2018320.JPG\"\n               title=\"\"\n               data-src=\"http:\/\/www.karate-neuhofen.at\/wp-content\/gallery\/trainingslager-gnas-2018\/Gans2018320.JPG\"\n               data-thumbnail=\"http:\/\/www.karate-neuhofen.at\/wp-content\/gallery\/trainingslager-gnas-2018\/thumbs\/thumbs_Gans2018320.JPG\"\n               data-image-id=\"19072\"\n               data-title=\"Gans2018(320)\"\n               data-description=\"\"\n               data-image-slug=\"gans2018320\"\n               class=\"shutterset_5a0da7a1340930de18337e8275bb6594\">\n                <img\n                    title=\"Gans2018(320)\"\n                    alt=\"Gans2018(320)\"\n                    src=\"http:\/\/www.karate-neuhofen.at\/wp-content\/gallery\/trainingslager-gnas-2018\/thumbs\/thumbs_Gans2018320.JPG\"\n                    width=\"240\"\n                    height=\"160\"\n                    style=\"max-width:100%;\"\n                \/>\n            <\/a>\n        <\/div>\n\t\t\t\t\t\t\t<\/div> \n\t\t\t\n        \n\t\t\t\t<div id=\"ngg-image-220\" class=\"ngg-gallery-thumbnail-box\" >\n\t\t\t\t        <div class=\"ngg-gallery-thumbnail\">\n            <a href=\"http:\/\/www.karate-neuhofen.at\/wp-content\/gallery\/trainingslager-gnas-2018\/Gans2018321.JPG\"\n               title=\"\"\n               data-src=\"http:\/\/www.karate-neuhofen.at\/wp-content\/gallery\/trainingslager-gnas-2018\/Gans2018321.JPG\"\n               data-thumbnail=\"http:\/\/www.karate-neuhofen.at\/wp-content\/gallery\/trainingslager-gnas-2018\/thumbs\/thumbs_Gans2018321.JPG\"\n               data-image-id=\"19073\"\n               data-title=\"Gans2018(321)\"\n               data-description=\"\"\n               data-image-slug=\"gans2018321\"\n               class=\"shutterset_5a0da7a1340930de18337e8275bb6594\">\n                <img\n                    title=\"Gans2018(321)\"\n                    alt=\"Gans2018(321)\"\n                    src=\"http:\/\/www.karate-neuhofen.at\/wp-content\/gallery\/trainingslager-gnas-2018\/thumbs\/thumbs_Gans2018321.JPG\"\n                    width=\"240\"\n                    height=\"160\"\n                    style=\"max-width:100%;\"\n                \/>\n            <\/a>\n        <\/div>\n\t\t\t\t\t\t\t<\/div> \n\t\t\t\n        \n\t\t\t\t<div id=\"ngg-image-221\" class=\"ngg-gallery-thumbnail-box\" >\n\t\t\t\t        <div class=\"ngg-gallery-thumbnail\">\n            <a href=\"http:\/\/www.karate-neuhofen.at\/wp-content\/gallery\/trainingslager-gnas-2018\/Gans2018322.JPG\"\n               title=\"\"\n               data-src=\"http:\/\/www.karate-neuhofen.at\/wp-content\/gallery\/trainingslager-gnas-2018\/Gans2018322.JPG\"\n               data-thumbnail=\"http:\/\/www.karate-neuhofen.at\/wp-content\/gallery\/trainingslager-gnas-2018\/thumbs\/thumbs_Gans2018322.JPG\"\n               data-image-id=\"19074\"\n               data-title=\"Gans2018(322)\"\n               data-description=\"\"\n               data-image-slug=\"gans2018322\"\n               class=\"shutterset_5a0da7a1340930de18337e8275bb6594\">\n                <img\n                    title=\"Gans2018(322)\"\n                    alt=\"Gans2018(322)\"\n                    src=\"http:\/\/www.karate-neuhofen.at\/wp-content\/gallery\/trainingslager-gnas-2018\/thumbs\/thumbs_Gans2018322.JPG\"\n                    width=\"240\"\n                    height=\"160\"\n                    style=\"max-width:100%;\"\n                \/>\n            <\/a>\n        <\/div>\n\t\t\t\t\t\t\t<\/div> \n\t\t\t\n        \n\t\t\t\t<div id=\"ngg-image-222\" class=\"ngg-gallery-thumbnail-box\" >\n\t\t\t\t        <div class=\"ngg-gallery-thumbnail\">\n            <a href=\"http:\/\/www.karate-neuhofen.at\/wp-content\/gallery\/trainingslager-gnas-2018\/Gans2018323.JPG\"\n               title=\"\"\n               data-src=\"http:\/\/www.karate-neuhofen.at\/wp-content\/gallery\/trainingslager-gnas-2018\/Gans2018323.JPG\"\n               data-thumbnail=\"http:\/\/www.karate-neuhofen.at\/wp-content\/gallery\/trainingslager-gnas-2018\/thumbs\/thumbs_Gans2018323.JPG\"\n               data-image-id=\"19075\"\n               data-title=\"Gans2018(323)\"\n               data-description=\"\"\n               data-image-slug=\"gans2018323\"\n               class=\"shutterset_5a0da7a1340930de18337e8275bb6594\">\n                <img\n                    title=\"Gans2018(323)\"\n                    alt=\"Gans2018(323)\"\n                    src=\"http:\/\/www.karate-neuhofen.at\/wp-content\/gallery\/trainingslager-gnas-2018\/thumbs\/thumbs_Gans2018323.JPG\"\n                    width=\"240\"\n                    height=\"160\"\n                    style=\"max-width:100%;\"\n                \/>\n            <\/a>\n        <\/div>\n\t\t\t\t\t\t\t<\/div> \n\t\t\t\n        \n\t\t\t\t<div id=\"ngg-image-223\" class=\"ngg-gallery-thumbnail-box\" >\n\t\t\t\t        <div class=\"ngg-gallery-thumbnail\">\n            <a href=\"http:\/\/www.karate-neuhofen.at\/wp-content\/gallery\/trainingslager-gnas-2018\/Gans2018324.JPG\"\n               title=\"\"\n               data-src=\"http:\/\/www.karate-neuhofen.at\/wp-content\/gallery\/trainingslager-gnas-2018\/Gans2018324.JPG\"\n               data-thumbnail=\"http:\/\/www.karate-neuhofen.at\/wp-content\/gallery\/trainingslager-gnas-2018\/thumbs\/thumbs_Gans2018324.JPG\"\n               data-image-id=\"19076\"\n               data-title=\"Gans2018(324)\"\n               data-description=\"\"\n               data-image-slug=\"gans2018324\"\n               class=\"shutterset_5a0da7a1340930de18337e8275bb6594\">\n                <img\n                    title=\"Gans2018(324)\"\n                    alt=\"Gans2018(324)\"\n                    src=\"http:\/\/www.karate-neuhofen.at\/wp-content\/gallery\/trainingslager-gnas-2018\/thumbs\/thumbs_Gans2018324.JPG\"\n                    width=\"240\"\n                    height=\"160\"\n                    style=\"max-width:100%;\"\n                \/>\n            <\/a>\n        <\/div>\n\t\t\t\t\t\t\t<\/div> \n\t\t\t\n        \n\t\t\t\t<div id=\"ngg-image-224\" class=\"ngg-gallery-thumbnail-box\" >\n\t\t\t\t        <div class=\"ngg-gallery-thumbnail\">\n            <a href=\"http:\/\/www.karate-neuhofen.at\/wp-content\/gallery\/trainingslager-gnas-2018\/Gans2018325.JPG\"\n               title=\"\"\n               data-src=\"http:\/\/www.karate-neuhofen.at\/wp-content\/gallery\/trainingslager-gnas-2018\/Gans2018325.JPG\"\n               data-thumbnail=\"http:\/\/www.karate-neuhofen.at\/wp-content\/gallery\/trainingslager-gnas-2018\/thumbs\/thumbs_Gans2018325.JPG\"\n               data-image-id=\"19077\"\n               data-title=\"Gans2018(325)\"\n               data-description=\"\"\n               data-image-slug=\"gans2018325\"\n               class=\"shutterset_5a0da7a1340930de18337e8275bb6594\">\n                <img\n                    title=\"Gans2018(325)\"\n                    alt=\"Gans2018(325)\"\n                    src=\"http:\/\/www.karate-neuhofen.at\/wp-content\/gallery\/trainingslager-gnas-2018\/thumbs\/thumbs_Gans2018325.JPG\"\n                    width=\"240\"\n                    height=\"160\"\n                    style=\"max-width:100%;\"\n                \/>\n            <\/a>\n        <\/div>\n\t\t\t\t\t\t\t<\/div> \n\t\t\t\n        \n\t\t\t\t<div id=\"ngg-image-225\" class=\"ngg-gallery-thumbnail-box\" >\n\t\t\t\t        <div class=\"ngg-gallery-thumbnail\">\n            <a href=\"http:\/\/www.karate-neuhofen.at\/wp-content\/gallery\/trainingslager-gnas-2018\/Gans2018326.JPG\"\n               title=\"\"\n               data-src=\"http:\/\/www.karate-neuhofen.at\/wp-content\/gallery\/trainingslager-gnas-2018\/Gans2018326.JPG\"\n               data-thumbnail=\"http:\/\/www.karate-neuhofen.at\/wp-content\/gallery\/trainingslager-gnas-2018\/thumbs\/thumbs_Gans2018326.JPG\"\n               data-image-id=\"19078\"\n               data-title=\"Gans2018(326)\"\n               data-description=\"\"\n               data-image-slug=\"gans2018326\"\n               class=\"shutterset_5a0da7a1340930de18337e8275bb6594\">\n                <img\n                    title=\"Gans2018(326)\"\n                    alt=\"Gans2018(326)\"\n                    src=\"http:\/\/www.karate-neuhofen.at\/wp-content\/gallery\/trainingslager-gnas-2018\/thumbs\/thumbs_Gans2018326.JPG\"\n                    width=\"240\"\n                    height=\"160\"\n                    style=\"max-width:100%;\"\n                \/>\n            <\/a>\n        <\/div>\n\t\t\t\t\t\t\t<\/div> \n\t\t\t\n        \n\t\t\t\t<div id=\"ngg-image-226\" class=\"ngg-gallery-thumbnail-box\" >\n\t\t\t\t        <div class=\"ngg-gallery-thumbnail\">\n            <a href=\"http:\/\/www.karate-neuhofen.at\/wp-content\/gallery\/trainingslager-gnas-2018\/Gans2018327.JPG\"\n               title=\"\"\n               data-src=\"http:\/\/www.karate-neuhofen.at\/wp-content\/gallery\/trainingslager-gnas-2018\/Gans2018327.JPG\"\n               data-thumbnail=\"http:\/\/www.karate-neuhofen.at\/wp-content\/gallery\/trainingslager-gnas-2018\/thumbs\/thumbs_Gans2018327.JPG\"\n               data-image-id=\"19079\"\n               data-title=\"Gans2018(327)\"\n               data-description=\"\"\n               data-image-slug=\"gans2018327\"\n               class=\"shutterset_5a0da7a1340930de18337e8275bb6594\">\n                <img\n                    title=\"Gans2018(327)\"\n                    alt=\"Gans2018(327)\"\n                    src=\"http:\/\/www.karate-neuhofen.at\/wp-content\/gallery\/trainingslager-gnas-2018\/thumbs\/thumbs_Gans2018327.JPG\"\n                    width=\"240\"\n                    height=\"160\"\n                    style=\"max-width:100%;\"\n                \/>\n            <\/a>\n        <\/div>\n\t\t\t\t\t\t\t<\/div> \n\t\t\t\n        \n\t\t\t\t<div id=\"ngg-image-227\" class=\"ngg-gallery-thumbnail-box\" >\n\t\t\t\t        <div class=\"ngg-gallery-thumbnail\">\n            <a href=\"http:\/\/www.karate-neuhofen.at\/wp-content\/gallery\/trainingslager-gnas-2018\/Gans2018328.JPG\"\n               title=\"\"\n               data-src=\"http:\/\/www.karate-neuhofen.at\/wp-content\/gallery\/trainingslager-gnas-2018\/Gans2018328.JPG\"\n               data-thumbnail=\"http:\/\/www.karate-neuhofen.at\/wp-content\/gallery\/trainingslager-gnas-2018\/thumbs\/thumbs_Gans2018328.JPG\"\n               data-image-id=\"19080\"\n               data-title=\"Gans2018(328)\"\n               data-description=\"\"\n               data-image-slug=\"gans2018328\"\n               class=\"shutterset_5a0da7a1340930de18337e8275bb6594\">\n                <img\n                    title=\"Gans2018(328)\"\n                    alt=\"Gans2018(328)\"\n                    src=\"http:\/\/www.karate-neuhofen.at\/wp-content\/gallery\/trainingslager-gnas-2018\/thumbs\/thumbs_Gans2018328.JPG\"\n                    width=\"240\"\n                    height=\"160\"\n                    style=\"max-width:100%;\"\n                \/>\n            <\/a>\n        <\/div>\n\t\t\t\t\t\t\t<\/div> \n\t\t\t\n        \n\t\t\t\t<div id=\"ngg-image-228\" class=\"ngg-gallery-thumbnail-box\" >\n\t\t\t\t        <div class=\"ngg-gallery-thumbnail\">\n            <a href=\"http:\/\/www.karate-neuhofen.at\/wp-content\/gallery\/trainingslager-gnas-2018\/Gans2018329.JPG\"\n               title=\"\"\n               data-src=\"http:\/\/www.karate-neuhofen.at\/wp-content\/gallery\/trainingslager-gnas-2018\/Gans2018329.JPG\"\n               data-thumbnail=\"http:\/\/www.karate-neuhofen.at\/wp-content\/gallery\/trainingslager-gnas-2018\/thumbs\/thumbs_Gans2018329.JPG\"\n               data-image-id=\"19081\"\n               data-title=\"Gans2018(329)\"\n               data-description=\"\"\n               data-image-slug=\"gans2018329\"\n               class=\"shutterset_5a0da7a1340930de18337e8275bb6594\">\n                <img\n                    title=\"Gans2018(329)\"\n                    alt=\"Gans2018(329)\"\n                    src=\"http:\/\/www.karate-neuhofen.at\/wp-content\/gallery\/trainingslager-gnas-2018\/thumbs\/thumbs_Gans2018329.JPG\"\n                    width=\"240\"\n                    height=\"160\"\n                    style=\"max-width:100%;\"\n                \/>\n            <\/a>\n        <\/div>\n\t\t\t\t\t\t\t<\/div> \n\t\t\t\n        \n\t\t\t\t<div id=\"ngg-image-229\" class=\"ngg-gallery-thumbnail-box\" >\n\t\t\t\t        <div class=\"ngg-gallery-thumbnail\">\n            <a href=\"http:\/\/www.karate-neuhofen.at\/wp-content\/gallery\/trainingslager-gnas-2018\/Gans2018330.JPG\"\n               title=\"\"\n               data-src=\"http:\/\/www.karate-neuhofen.at\/wp-content\/gallery\/trainingslager-gnas-2018\/Gans2018330.JPG\"\n               data-thumbnail=\"http:\/\/www.karate-neuhofen.at\/wp-content\/gallery\/trainingslager-gnas-2018\/thumbs\/thumbs_Gans2018330.JPG\"\n               data-image-id=\"19082\"\n               data-title=\"Gans2018(330)\"\n               data-description=\"\"\n               data-image-slug=\"gans2018330\"\n               class=\"shutterset_5a0da7a1340930de18337e8275bb6594\">\n                <img\n                    title=\"Gans2018(330)\"\n                    alt=\"Gans2018(330)\"\n                    src=\"http:\/\/www.karate-neuhofen.at\/wp-content\/gallery\/trainingslager-gnas-2018\/thumbs\/thumbs_Gans2018330.JPG\"\n                    width=\"240\"\n                    height=\"160\"\n                    style=\"max-width:100%;\"\n                \/>\n            <\/a>\n        <\/div>\n\t\t\t\t\t\t\t<\/div> \n\t\t\t\n        \n\t\t\t\t<div id=\"ngg-image-230\" class=\"ngg-gallery-thumbnail-box\" >\n\t\t\t\t        <div class=\"ngg-gallery-thumbnail\">\n            <a href=\"http:\/\/www.karate-neuhofen.at\/wp-content\/gallery\/trainingslager-gnas-2018\/Gans2018331.JPG\"\n               title=\"\"\n               data-src=\"http:\/\/www.karate-neuhofen.at\/wp-content\/gallery\/trainingslager-gnas-2018\/Gans2018331.JPG\"\n               data-thumbnail=\"http:\/\/www.karate-neuhofen.at\/wp-content\/gallery\/trainingslager-gnas-2018\/thumbs\/thumbs_Gans2018331.JPG\"\n               data-image-id=\"19083\"\n               data-title=\"Gans2018(331)\"\n               data-description=\"\"\n               data-image-slug=\"gans2018331\"\n               class=\"shutterset_5a0da7a1340930de18337e8275bb6594\">\n                <img\n                    title=\"Gans2018(331)\"\n                    alt=\"Gans2018(331)\"\n                    src=\"http:\/\/www.karate-neuhofen.at\/wp-content\/gallery\/trainingslager-gnas-2018\/thumbs\/thumbs_Gans2018331.JPG\"\n                    width=\"240\"\n                    height=\"160\"\n                    style=\"max-width:100%;\"\n                \/>\n            <\/a>\n        <\/div>\n\t\t\t\t\t\t\t<\/div> \n\t\t\t\n        \n\t\t\t\t<div id=\"ngg-image-231\" class=\"ngg-gallery-thumbnail-box\" >\n\t\t\t\t        <div class=\"ngg-gallery-thumbnail\">\n            <a href=\"http:\/\/www.karate-neuhofen.at\/wp-content\/gallery\/trainingslager-gnas-2018\/Gans2018332.JPG\"\n               title=\"\"\n               data-src=\"http:\/\/www.karate-neuhofen.at\/wp-content\/gallery\/trainingslager-gnas-2018\/Gans2018332.JPG\"\n               data-thumbnail=\"http:\/\/www.karate-neuhofen.at\/wp-content\/gallery\/trainingslager-gnas-2018\/thumbs\/thumbs_Gans2018332.JPG\"\n               data-image-id=\"19084\"\n               data-title=\"Gans2018(332)\"\n               data-description=\"\"\n               data-image-slug=\"gans2018332\"\n               class=\"shutterset_5a0da7a1340930de18337e8275bb6594\">\n                <img\n                    title=\"Gans2018(332)\"\n                    alt=\"Gans2018(332)\"\n                    src=\"http:\/\/www.karate-neuhofen.at\/wp-content\/gallery\/trainingslager-gnas-2018\/thumbs\/thumbs_Gans2018332.JPG\"\n                    width=\"240\"\n                    height=\"160\"\n                    style=\"max-width:100%;\"\n                \/>\n            <\/a>\n        <\/div>\n\t\t\t\t\t\t\t<\/div> \n\t\t\t\n        \n\t\t\t\t<div id=\"ngg-image-232\" class=\"ngg-gallery-thumbnail-box\" >\n\t\t\t\t        <div class=\"ngg-gallery-thumbnail\">\n            <a href=\"http:\/\/www.karate-neuhofen.at\/wp-content\/gallery\/trainingslager-gnas-2018\/Gans2018333.JPG\"\n               title=\"\"\n               data-src=\"http:\/\/www.karate-neuhofen.at\/wp-content\/gallery\/trainingslager-gnas-2018\/Gans2018333.JPG\"\n               data-thumbnail=\"http:\/\/www.karate-neuhofen.at\/wp-content\/gallery\/trainingslager-gnas-2018\/thumbs\/thumbs_Gans2018333.JPG\"\n               data-image-id=\"19085\"\n               data-title=\"Gans2018(333)\"\n               data-description=\"\"\n               data-image-slug=\"gans2018333\"\n               class=\"shutterset_5a0da7a1340930de18337e8275bb6594\">\n                <img\n                    title=\"Gans2018(333)\"\n                    alt=\"Gans2018(333)\"\n                    src=\"http:\/\/www.karate-neuhofen.at\/wp-content\/gallery\/trainingslager-gnas-2018\/thumbs\/thumbs_Gans2018333.JPG\"\n                    width=\"240\"\n                    height=\"160\"\n                    style=\"max-width:100%;\"\n                \/>\n            <\/a>\n        <\/div>\n\t\t\t\t\t\t\t<\/div> \n\t\t\t\n        \n\t\t\t\t<div id=\"ngg-image-233\" class=\"ngg-gallery-thumbnail-box\" >\n\t\t\t\t        <div class=\"ngg-gallery-thumbnail\">\n            <a href=\"http:\/\/www.karate-neuhofen.at\/wp-content\/gallery\/trainingslager-gnas-2018\/Gans2018334.JPG\"\n               title=\"\"\n               data-src=\"http:\/\/www.karate-neuhofen.at\/wp-content\/gallery\/trainingslager-gnas-2018\/Gans2018334.JPG\"\n               data-thumbnail=\"http:\/\/www.karate-neuhofen.at\/wp-content\/gallery\/trainingslager-gnas-2018\/thumbs\/thumbs_Gans2018334.JPG\"\n               data-image-id=\"19086\"\n               data-title=\"Gans2018(334)\"\n               data-description=\"\"\n               data-image-slug=\"gans2018334\"\n               class=\"shutterset_5a0da7a1340930de18337e8275bb6594\">\n                <img\n                    title=\"Gans2018(334)\"\n                    alt=\"Gans2018(334)\"\n                    src=\"http:\/\/www.karate-neuhofen.at\/wp-content\/gallery\/trainingslager-gnas-2018\/thumbs\/thumbs_Gans2018334.JPG\"\n                    width=\"240\"\n                    height=\"160\"\n                    style=\"max-width:100%;\"\n                \/>\n            <\/a>\n        <\/div>\n\t\t\t\t\t\t\t<\/div> \n\t\t\t\n        \n\t\t\t\t<div id=\"ngg-image-234\" class=\"ngg-gallery-thumbnail-box\" >\n\t\t\t\t        <div class=\"ngg-gallery-thumbnail\">\n            <a href=\"http:\/\/www.karate-neuhofen.at\/wp-content\/gallery\/trainingslager-gnas-2018\/Gans2018335.JPG\"\n               title=\"\"\n               data-src=\"http:\/\/www.karate-neuhofen.at\/wp-content\/gallery\/trainingslager-gnas-2018\/Gans2018335.JPG\"\n               data-thumbnail=\"http:\/\/www.karate-neuhofen.at\/wp-content\/gallery\/trainingslager-gnas-2018\/thumbs\/thumbs_Gans2018335.JPG\"\n               data-image-id=\"19087\"\n               data-title=\"Gans2018(335)\"\n               data-description=\"\"\n               data-image-slug=\"gans2018335\"\n               class=\"shutterset_5a0da7a1340930de18337e8275bb6594\">\n                <img\n                    title=\"Gans2018(335)\"\n                    alt=\"Gans2018(335)\"\n                    src=\"http:\/\/www.karate-neuhofen.at\/wp-content\/gallery\/trainingslager-gnas-2018\/thumbs\/thumbs_Gans2018335.JPG\"\n                    width=\"240\"\n                    height=\"160\"\n                    style=\"max-width:100%;\"\n                \/>\n            <\/a>\n        <\/div>\n\t\t\t\t\t\t\t<\/div> \n\t\t\t\n        \n\t\t\t\t<div id=\"ngg-image-235\" class=\"ngg-gallery-thumbnail-box\" >\n\t\t\t\t        <div class=\"ngg-gallery-thumbnail\">\n            <a href=\"http:\/\/www.karate-neuhofen.at\/wp-content\/gallery\/trainingslager-gnas-2018\/Gans2018336.JPG\"\n               title=\"\"\n               data-src=\"http:\/\/www.karate-neuhofen.at\/wp-content\/gallery\/trainingslager-gnas-2018\/Gans2018336.JPG\"\n               data-thumbnail=\"http:\/\/www.karate-neuhofen.at\/wp-content\/gallery\/trainingslager-gnas-2018\/thumbs\/thumbs_Gans2018336.JPG\"\n               data-image-id=\"19088\"\n               data-title=\"Gans2018(336)\"\n               data-description=\"\"\n               data-image-slug=\"gans2018336\"\n               class=\"shutterset_5a0da7a1340930de18337e8275bb6594\">\n                <img\n                    title=\"Gans2018(336)\"\n                    alt=\"Gans2018(336)\"\n                    src=\"http:\/\/www.karate-neuhofen.at\/wp-content\/gallery\/trainingslager-gnas-2018\/thumbs\/thumbs_Gans2018336.JPG\"\n                    width=\"240\"\n                    height=\"160\"\n                    style=\"max-width:100%;\"\n                \/>\n            <\/a>\n        <\/div>\n\t\t\t\t\t\t\t<\/div> \n\t\t\t\n        \n\t\t\t\t<div id=\"ngg-image-236\" class=\"ngg-gallery-thumbnail-box\" >\n\t\t\t\t        <div class=\"ngg-gallery-thumbnail\">\n            <a href=\"http:\/\/www.karate-neuhofen.at\/wp-content\/gallery\/trainingslager-gnas-2018\/Gans2018337.JPG\"\n               title=\"\"\n               data-src=\"http:\/\/www.karate-neuhofen.at\/wp-content\/gallery\/trainingslager-gnas-2018\/Gans2018337.JPG\"\n               data-thumbnail=\"http:\/\/www.karate-neuhofen.at\/wp-content\/gallery\/trainingslager-gnas-2018\/thumbs\/thumbs_Gans2018337.JPG\"\n               data-image-id=\"19089\"\n               data-title=\"Gans2018(337)\"\n               data-description=\"\"\n               data-image-slug=\"gans2018337\"\n               class=\"shutterset_5a0da7a1340930de18337e8275bb6594\">\n                <img\n                    title=\"Gans2018(337)\"\n                    alt=\"Gans2018(337)\"\n                    src=\"http:\/\/www.karate-neuhofen.at\/wp-content\/gallery\/trainingslager-gnas-2018\/thumbs\/thumbs_Gans2018337.JPG\"\n                    width=\"240\"\n                    height=\"160\"\n                    style=\"max-width:100%;\"\n                \/>\n            <\/a>\n        <\/div>\n\t\t\t\t\t\t\t<\/div> \n\t\t\t\n        \n\t\t\t\t<div id=\"ngg-image-237\" class=\"ngg-gallery-thumbnail-box\" >\n\t\t\t\t        <div class=\"ngg-gallery-thumbnail\">\n            <a href=\"http:\/\/www.karate-neuhofen.at\/wp-content\/gallery\/trainingslager-gnas-2018\/Gans2018338.JPG\"\n               title=\"\"\n               data-src=\"http:\/\/www.karate-neuhofen.at\/wp-content\/gallery\/trainingslager-gnas-2018\/Gans2018338.JPG\"\n               data-thumbnail=\"http:\/\/www.karate-neuhofen.at\/wp-content\/gallery\/trainingslager-gnas-2018\/thumbs\/thumbs_Gans2018338.JPG\"\n               data-image-id=\"19090\"\n               data-title=\"Gans2018(338)\"\n               data-description=\"\"\n               data-image-slug=\"gans2018338\"\n               class=\"shutterset_5a0da7a1340930de18337e8275bb6594\">\n                <img\n                    title=\"Gans2018(338)\"\n                    alt=\"Gans2018(338)\"\n                    src=\"http:\/\/www.karate-neuhofen.at\/wp-content\/gallery\/trainingslager-gnas-2018\/thumbs\/thumbs_Gans2018338.JPG\"\n                    width=\"240\"\n                    height=\"160\"\n                    style=\"max-width:100%;\"\n                \/>\n            <\/a>\n        <\/div>\n\t\t\t\t\t\t\t<\/div> \n\t\t\t\n        \n\t\t\t\t<div id=\"ngg-image-238\" class=\"ngg-gallery-thumbnail-box\" >\n\t\t\t\t        <div class=\"ngg-gallery-thumbnail\">\n            <a href=\"http:\/\/www.karate-neuhofen.at\/wp-content\/gallery\/trainingslager-gnas-2018\/Gans2018339.JPG\"\n               title=\"\"\n               data-src=\"http:\/\/www.karate-neuhofen.at\/wp-content\/gallery\/trainingslager-gnas-2018\/Gans2018339.JPG\"\n               data-thumbnail=\"http:\/\/www.karate-neuhofen.at\/wp-content\/gallery\/trainingslager-gnas-2018\/thumbs\/thumbs_Gans2018339.JPG\"\n               data-image-id=\"19091\"\n               data-title=\"Gans2018(339)\"\n               data-description=\"\"\n               data-image-slug=\"gans2018339\"\n               class=\"shutterset_5a0da7a1340930de18337e8275bb6594\">\n                <img\n                    title=\"Gans2018(339)\"\n                    alt=\"Gans2018(339)\"\n                    src=\"http:\/\/www.karate-neuhofen.at\/wp-content\/gallery\/trainingslager-gnas-2018\/thumbs\/thumbs_Gans2018339.JPG\"\n                    width=\"240\"\n                    height=\"160\"\n                    style=\"max-width:100%;\"\n                \/>\n            <\/a>\n        <\/div>\n\t\t\t\t\t\t\t<\/div> \n\t\t\t\n        \n\t\t\t\t<div id=\"ngg-image-239\" class=\"ngg-gallery-thumbnail-box\" >\n\t\t\t\t        <div class=\"ngg-gallery-thumbnail\">\n            <a href=\"http:\/\/www.karate-neuhofen.at\/wp-content\/gallery\/trainingslager-gnas-2018\/Gans2018340.JPG\"\n               title=\"\"\n               data-src=\"http:\/\/www.karate-neuhofen.at\/wp-content\/gallery\/trainingslager-gnas-2018\/Gans2018340.JPG\"\n               data-thumbnail=\"http:\/\/www.karate-neuhofen.at\/wp-content\/gallery\/trainingslager-gnas-2018\/thumbs\/thumbs_Gans2018340.JPG\"\n               data-image-id=\"19092\"\n               data-title=\"Gans2018(340)\"\n               data-description=\"\"\n               data-image-slug=\"gans2018340\"\n               class=\"shutterset_5a0da7a1340930de18337e8275bb6594\">\n                <img\n                    title=\"Gans2018(340)\"\n                    alt=\"Gans2018(340)\"\n                    src=\"http:\/\/www.karate-neuhofen.at\/wp-content\/gallery\/trainingslager-gnas-2018\/thumbs\/thumbs_Gans2018340.JPG\"\n                    width=\"240\"\n                    height=\"160\"\n                    style=\"max-width:100%;\"\n                \/>\n            <\/a>\n        <\/div>\n\t\t\t\t\t\t\t<\/div> \n\t\t\t\n        \n\t\t\t\t<div id=\"ngg-image-240\" class=\"ngg-gallery-thumbnail-box\" >\n\t\t\t\t        <div class=\"ngg-gallery-thumbnail\">\n            <a href=\"http:\/\/www.karate-neuhofen.at\/wp-content\/gallery\/trainingslager-gnas-2018\/Gans2018341.JPG\"\n               title=\"\"\n               data-src=\"http:\/\/www.karate-neuhofen.at\/wp-content\/gallery\/trainingslager-gnas-2018\/Gans2018341.JPG\"\n               data-thumbnail=\"http:\/\/www.karate-neuhofen.at\/wp-content\/gallery\/trainingslager-gnas-2018\/thumbs\/thumbs_Gans2018341.JPG\"\n               data-image-id=\"19093\"\n               data-title=\"Gans2018(341)\"\n               data-description=\"\"\n               data-image-slug=\"gans2018341\"\n               class=\"shutterset_5a0da7a1340930de18337e8275bb6594\">\n                <img\n                    title=\"Gans2018(341)\"\n                    alt=\"Gans2018(341)\"\n                    src=\"http:\/\/www.karate-neuhofen.at\/wp-content\/gallery\/trainingslager-gnas-2018\/thumbs\/thumbs_Gans2018341.JPG\"\n                    width=\"240\"\n                    height=\"160\"\n                    style=\"max-width:100%;\"\n                \/>\n            <\/a>\n        <\/div>\n\t\t\t\t\t\t\t<\/div> \n\t\t\t\n        \n\t\t\t\t<div id=\"ngg-image-241\" class=\"ngg-gallery-thumbnail-box\" >\n\t\t\t\t        <div class=\"ngg-gallery-thumbnail\">\n            <a href=\"http:\/\/www.karate-neuhofen.at\/wp-content\/gallery\/trainingslager-gnas-2018\/Gans2018342.JPG\"\n               title=\"\"\n               data-src=\"http:\/\/www.karate-neuhofen.at\/wp-content\/gallery\/trainingslager-gnas-2018\/Gans2018342.JPG\"\n               data-thumbnail=\"http:\/\/www.karate-neuhofen.at\/wp-content\/gallery\/trainingslager-gnas-2018\/thumbs\/thumbs_Gans2018342.JPG\"\n               data-image-id=\"19094\"\n               data-title=\"Gans2018(342)\"\n               data-description=\"\"\n               data-image-slug=\"gans2018342\"\n               class=\"shutterset_5a0da7a1340930de18337e8275bb6594\">\n                <img\n                    title=\"Gans2018(342)\"\n                    alt=\"Gans2018(342)\"\n                    src=\"http:\/\/www.karate-neuhofen.at\/wp-content\/gallery\/trainingslager-gnas-2018\/thumbs\/thumbs_Gans2018342.JPG\"\n                    width=\"240\"\n                    height=\"160\"\n                    style=\"max-width:100%;\"\n                \/>\n            <\/a>\n        <\/div>\n\t\t\t\t\t\t\t<\/div> \n\t\t\t\n        \n\t\t\t\t<div id=\"ngg-image-242\" class=\"ngg-gallery-thumbnail-box\" >\n\t\t\t\t        <div class=\"ngg-gallery-thumbnail\">\n            <a href=\"http:\/\/www.karate-neuhofen.at\/wp-content\/gallery\/trainingslager-gnas-2018\/Gans2018343.JPG\"\n               title=\"\"\n               data-src=\"http:\/\/www.karate-neuhofen.at\/wp-content\/gallery\/trainingslager-gnas-2018\/Gans2018343.JPG\"\n               data-thumbnail=\"http:\/\/www.karate-neuhofen.at\/wp-content\/gallery\/trainingslager-gnas-2018\/thumbs\/thumbs_Gans2018343.JPG\"\n               data-image-id=\"19095\"\n               data-title=\"Gans2018(343)\"\n               data-description=\"\"\n               data-image-slug=\"gans2018343\"\n               class=\"shutterset_5a0da7a1340930de18337e8275bb6594\">\n                <img\n                    title=\"Gans2018(343)\"\n                    alt=\"Gans2018(343)\"\n                    src=\"http:\/\/www.karate-neuhofen.at\/wp-content\/gallery\/trainingslager-gnas-2018\/thumbs\/thumbs_Gans2018343.JPG\"\n                    width=\"240\"\n                    height=\"160\"\n                    style=\"max-width:100%;\"\n                \/>\n            <\/a>\n        <\/div>\n\t\t\t\t\t\t\t<\/div> \n\t\t\t\n        \n\t\t\t\t<div id=\"ngg-image-243\" class=\"ngg-gallery-thumbnail-box\" >\n\t\t\t\t        <div class=\"ngg-gallery-thumbnail\">\n            <a href=\"http:\/\/www.karate-neuhofen.at\/wp-content\/gallery\/trainingslager-gnas-2018\/Gans2018344.JPG\"\n               title=\"\"\n               data-src=\"http:\/\/www.karate-neuhofen.at\/wp-content\/gallery\/trainingslager-gnas-2018\/Gans2018344.JPG\"\n               data-thumbnail=\"http:\/\/www.karate-neuhofen.at\/wp-content\/gallery\/trainingslager-gnas-2018\/thumbs\/thumbs_Gans2018344.JPG\"\n               data-image-id=\"19096\"\n               data-title=\"Gans2018(344)\"\n               data-description=\"\"\n               data-image-slug=\"gans2018344\"\n               class=\"shutterset_5a0da7a1340930de18337e8275bb6594\">\n                <img\n                    title=\"Gans2018(344)\"\n                    alt=\"Gans2018(344)\"\n                    src=\"http:\/\/www.karate-neuhofen.at\/wp-content\/gallery\/trainingslager-gnas-2018\/thumbs\/thumbs_Gans2018344.JPG\"\n                    width=\"240\"\n                    height=\"160\"\n                    style=\"max-width:100%;\"\n                \/>\n            <\/a>\n        <\/div>\n\t\t\t\t\t\t\t<\/div> \n\t\t\t\n        \n\t\t\t\t<div id=\"ngg-image-244\" class=\"ngg-gallery-thumbnail-box\" >\n\t\t\t\t        <div class=\"ngg-gallery-thumbnail\">\n            <a href=\"http:\/\/www.karate-neuhofen.at\/wp-content\/gallery\/trainingslager-gnas-2018\/Gans2018345.JPG\"\n               title=\"\"\n               data-src=\"http:\/\/www.karate-neuhofen.at\/wp-content\/gallery\/trainingslager-gnas-2018\/Gans2018345.JPG\"\n               data-thumbnail=\"http:\/\/www.karate-neuhofen.at\/wp-content\/gallery\/trainingslager-gnas-2018\/thumbs\/thumbs_Gans2018345.JPG\"\n               data-image-id=\"19097\"\n               data-title=\"Gans2018(345)\"\n               data-description=\"\"\n               data-image-slug=\"gans2018345\"\n               class=\"shutterset_5a0da7a1340930de18337e8275bb6594\">\n                <img\n                    title=\"Gans2018(345)\"\n                    alt=\"Gans2018(345)\"\n                    src=\"http:\/\/www.karate-neuhofen.at\/wp-content\/gallery\/trainingslager-gnas-2018\/thumbs\/thumbs_Gans2018345.JPG\"\n                    width=\"240\"\n                    height=\"160\"\n                    style=\"max-width:100%;\"\n                \/>\n            <\/a>\n        <\/div>\n\t\t\t\t\t\t\t<\/div> \n\t\t\t\n        \n\t\t\t\t<div id=\"ngg-image-245\" class=\"ngg-gallery-thumbnail-box\" >\n\t\t\t\t        <div class=\"ngg-gallery-thumbnail\">\n            <a href=\"http:\/\/www.karate-neuhofen.at\/wp-content\/gallery\/trainingslager-gnas-2018\/Gans2018346.JPG\"\n               title=\"\"\n               data-src=\"http:\/\/www.karate-neuhofen.at\/wp-content\/gallery\/trainingslager-gnas-2018\/Gans2018346.JPG\"\n               data-thumbnail=\"http:\/\/www.karate-neuhofen.at\/wp-content\/gallery\/trainingslager-gnas-2018\/thumbs\/thumbs_Gans2018346.JPG\"\n               data-image-id=\"19098\"\n               data-title=\"Gans2018(346)\"\n               data-description=\"\"\n               data-image-slug=\"gans2018346\"\n               class=\"shutterset_5a0da7a1340930de18337e8275bb6594\">\n                <img\n                    title=\"Gans2018(346)\"\n                    alt=\"Gans2018(346)\"\n                    src=\"http:\/\/www.karate-neuhofen.at\/wp-content\/gallery\/trainingslager-gnas-2018\/thumbs\/thumbs_Gans2018346.JPG\"\n                    width=\"240\"\n                    height=\"160\"\n                    style=\"max-width:100%;\"\n                \/>\n            <\/a>\n        <\/div>\n\t\t\t\t\t\t\t<\/div> \n\t\t\t\n        \n\t\t\t\t<div id=\"ngg-image-246\" class=\"ngg-gallery-thumbnail-box\" >\n\t\t\t\t        <div class=\"ngg-gallery-thumbnail\">\n            <a href=\"http:\/\/www.karate-neuhofen.at\/wp-content\/gallery\/trainingslager-gnas-2018\/Gans2018347.JPG\"\n               title=\"\"\n               data-src=\"http:\/\/www.karate-neuhofen.at\/wp-content\/gallery\/trainingslager-gnas-2018\/Gans2018347.JPG\"\n               data-thumbnail=\"http:\/\/www.karate-neuhofen.at\/wp-content\/gallery\/trainingslager-gnas-2018\/thumbs\/thumbs_Gans2018347.JPG\"\n               data-image-id=\"19099\"\n               data-title=\"Gans2018(347)\"\n               data-description=\"\"\n               data-image-slug=\"gans2018347\"\n               class=\"shutterset_5a0da7a1340930de18337e8275bb6594\">\n                <img\n                    title=\"Gans2018(347)\"\n                    alt=\"Gans2018(347)\"\n                    src=\"http:\/\/www.karate-neuhofen.at\/wp-content\/gallery\/trainingslager-gnas-2018\/thumbs\/thumbs_Gans2018347.JPG\"\n                    width=\"240\"\n                    height=\"160\"\n                    style=\"max-width:100%;\"\n                \/>\n            <\/a>\n        <\/div>\n\t\t\t\t\t\t\t<\/div> \n\t\t\t\n        \n\t\t\t\t<div id=\"ngg-image-247\" class=\"ngg-gallery-thumbnail-box\" >\n\t\t\t\t        <div class=\"ngg-gallery-thumbnail\">\n            <a href=\"http:\/\/www.karate-neuhofen.at\/wp-content\/gallery\/trainingslager-gnas-2018\/Gans2018348.JPG\"\n               title=\"\"\n               data-src=\"http:\/\/www.karate-neuhofen.at\/wp-content\/gallery\/trainingslager-gnas-2018\/Gans2018348.JPG\"\n               data-thumbnail=\"http:\/\/www.karate-neuhofen.at\/wp-content\/gallery\/trainingslager-gnas-2018\/thumbs\/thumbs_Gans2018348.JPG\"\n               data-image-id=\"19100\"\n               data-title=\"Gans2018(348)\"\n               data-description=\"\"\n               data-image-slug=\"gans2018348\"\n               class=\"shutterset_5a0da7a1340930de18337e8275bb6594\">\n                <img\n                    title=\"Gans2018(348)\"\n                    alt=\"Gans2018(348)\"\n                    src=\"http:\/\/www.karate-neuhofen.at\/wp-content\/gallery\/trainingslager-gnas-2018\/thumbs\/thumbs_Gans2018348.JPG\"\n                    width=\"240\"\n                    height=\"160\"\n                    style=\"max-width:100%;\"\n                \/>\n            <\/a>\n        <\/div>\n\t\t\t\t\t\t\t<\/div> \n\t\t\t\n        \n\t\t\t\t<div id=\"ngg-image-248\" class=\"ngg-gallery-thumbnail-box\" >\n\t\t\t\t        <div class=\"ngg-gallery-thumbnail\">\n            <a href=\"http:\/\/www.karate-neuhofen.at\/wp-content\/gallery\/trainingslager-gnas-2018\/Gans2018349.JPG\"\n               title=\"\"\n               data-src=\"http:\/\/www.karate-neuhofen.at\/wp-content\/gallery\/trainingslager-gnas-2018\/Gans2018349.JPG\"\n               data-thumbnail=\"http:\/\/www.karate-neuhofen.at\/wp-content\/gallery\/trainingslager-gnas-2018\/thumbs\/thumbs_Gans2018349.JPG\"\n               data-image-id=\"19101\"\n               data-title=\"Gans2018(349)\"\n               data-description=\"\"\n               data-image-slug=\"gans2018349\"\n               class=\"shutterset_5a0da7a1340930de18337e8275bb6594\">\n                <img\n                    title=\"Gans2018(349)\"\n                    alt=\"Gans2018(349)\"\n                    src=\"http:\/\/www.karate-neuhofen.at\/wp-content\/gallery\/trainingslager-gnas-2018\/thumbs\/thumbs_Gans2018349.JPG\"\n                    width=\"240\"\n                    height=\"160\"\n                    style=\"max-width:100%;\"\n                \/>\n            <\/a>\n        <\/div>\n\t\t\t\t\t\t\t<\/div> \n\t\t\t\n        \n\t\t\t\t<div id=\"ngg-image-249\" class=\"ngg-gallery-thumbnail-box\" >\n\t\t\t\t        <div class=\"ngg-gallery-thumbnail\">\n            <a href=\"http:\/\/www.karate-neuhofen.at\/wp-content\/gallery\/trainingslager-gnas-2018\/Gans2018350.JPG\"\n               title=\"\"\n               data-src=\"http:\/\/www.karate-neuhofen.at\/wp-content\/gallery\/trainingslager-gnas-2018\/Gans2018350.JPG\"\n               data-thumbnail=\"http:\/\/www.karate-neuhofen.at\/wp-content\/gallery\/trainingslager-gnas-2018\/thumbs\/thumbs_Gans2018350.JPG\"\n               data-image-id=\"19102\"\n               data-title=\"Gans2018(350)\"\n               data-description=\"\"\n               data-image-slug=\"gans2018350\"\n               class=\"shutterset_5a0da7a1340930de18337e8275bb6594\">\n                <img\n                    title=\"Gans2018(350)\"\n                    alt=\"Gans2018(350)\"\n                    src=\"http:\/\/www.karate-neuhofen.at\/wp-content\/gallery\/trainingslager-gnas-2018\/thumbs\/thumbs_Gans2018350.JPG\"\n                    width=\"240\"\n                    height=\"160\"\n                    style=\"max-width:100%;\"\n                \/>\n            <\/a>\n        <\/div>\n\t\t\t\t\t\t\t<\/div> \n\t\t\t\n        \n\t\t\t\t<div id=\"ngg-image-250\" class=\"ngg-gallery-thumbnail-box\" >\n\t\t\t\t        <div class=\"ngg-gallery-thumbnail\">\n            <a href=\"http:\/\/www.karate-neuhofen.at\/wp-content\/gallery\/trainingslager-gnas-2018\/Gans2018351.JPG\"\n               title=\"\"\n               data-src=\"http:\/\/www.karate-neuhofen.at\/wp-content\/gallery\/trainingslager-gnas-2018\/Gans2018351.JPG\"\n               data-thumbnail=\"http:\/\/www.karate-neuhofen.at\/wp-content\/gallery\/trainingslager-gnas-2018\/thumbs\/thumbs_Gans2018351.JPG\"\n               data-image-id=\"19103\"\n               data-title=\"Gans2018(351)\"\n               data-description=\"\"\n               data-image-slug=\"gans2018351\"\n               class=\"shutterset_5a0da7a1340930de18337e8275bb6594\">\n                <img\n                    title=\"Gans2018(351)\"\n                    alt=\"Gans2018(351)\"\n                    src=\"http:\/\/www.karate-neuhofen.at\/wp-content\/gallery\/trainingslager-gnas-2018\/thumbs\/thumbs_Gans2018351.JPG\"\n                    width=\"240\"\n                    height=\"160\"\n                    style=\"max-width:100%;\"\n                \/>\n            <\/a>\n        <\/div>\n\t\t\t\t\t\t\t<\/div> \n\t\t\t\n        \n\t\t\t\t<div id=\"ngg-image-251\" class=\"ngg-gallery-thumbnail-box\" >\n\t\t\t\t        <div class=\"ngg-gallery-thumbnail\">\n            <a href=\"http:\/\/www.karate-neuhofen.at\/wp-content\/gallery\/trainingslager-gnas-2018\/Gans2018352.JPG\"\n               title=\"\"\n               data-src=\"http:\/\/www.karate-neuhofen.at\/wp-content\/gallery\/trainingslager-gnas-2018\/Gans2018352.JPG\"\n               data-thumbnail=\"http:\/\/www.karate-neuhofen.at\/wp-content\/gallery\/trainingslager-gnas-2018\/thumbs\/thumbs_Gans2018352.JPG\"\n               data-image-id=\"19104\"\n               data-title=\"Gans2018(352)\"\n               data-description=\"\"\n               data-image-slug=\"gans2018352\"\n               class=\"shutterset_5a0da7a1340930de18337e8275bb6594\">\n                <img\n                    title=\"Gans2018(352)\"\n                    alt=\"Gans2018(352)\"\n                    src=\"http:\/\/www.karate-neuhofen.at\/wp-content\/gallery\/trainingslager-gnas-2018\/thumbs\/thumbs_Gans2018352.JPG\"\n                    width=\"240\"\n                    height=\"160\"\n                    style=\"max-width:100%;\"\n                \/>\n            <\/a>\n        <\/div>\n\t\t\t\t\t\t\t<\/div> \n\t\t\t\n        \n\t\t\t\t<div id=\"ngg-image-252\" class=\"ngg-gallery-thumbnail-box\" >\n\t\t\t\t        <div class=\"ngg-gallery-thumbnail\">\n            <a href=\"http:\/\/www.karate-neuhofen.at\/wp-content\/gallery\/trainingslager-gnas-2018\/Gans2018353.JPG\"\n               title=\"\"\n               data-src=\"http:\/\/www.karate-neuhofen.at\/wp-content\/gallery\/trainingslager-gnas-2018\/Gans2018353.JPG\"\n               data-thumbnail=\"http:\/\/www.karate-neuhofen.at\/wp-content\/gallery\/trainingslager-gnas-2018\/thumbs\/thumbs_Gans2018353.JPG\"\n               data-image-id=\"19105\"\n               data-title=\"Gans2018(353)\"\n               data-description=\"\"\n               data-image-slug=\"gans2018353\"\n               class=\"shutterset_5a0da7a1340930de18337e8275bb6594\">\n                <img\n                    title=\"Gans2018(353)\"\n                    alt=\"Gans2018(353)\"\n                    src=\"http:\/\/www.karate-neuhofen.at\/wp-content\/gallery\/trainingslager-gnas-2018\/thumbs\/thumbs_Gans2018353.JPG\"\n                    width=\"240\"\n                    height=\"160\"\n                    style=\"max-width:100%;\"\n                \/>\n            <\/a>\n        <\/div>\n\t\t\t\t\t\t\t<\/div> \n\t\t\t\n        \n\t\t\t\t<div id=\"ngg-image-253\" class=\"ngg-gallery-thumbnail-box\" >\n\t\t\t\t        <div class=\"ngg-gallery-thumbnail\">\n            <a href=\"http:\/\/www.karate-neuhofen.at\/wp-content\/gallery\/trainingslager-gnas-2018\/Gans2018354.JPG\"\n               title=\"\"\n               data-src=\"http:\/\/www.karate-neuhofen.at\/wp-content\/gallery\/trainingslager-gnas-2018\/Gans2018354.JPG\"\n               data-thumbnail=\"http:\/\/www.karate-neuhofen.at\/wp-content\/gallery\/trainingslager-gnas-2018\/thumbs\/thumbs_Gans2018354.JPG\"\n               data-image-id=\"19106\"\n               data-title=\"Gans2018(354)\"\n               data-description=\"\"\n               data-image-slug=\"gans2018354\"\n               class=\"shutterset_5a0da7a1340930de18337e8275bb6594\">\n                <img\n                    title=\"Gans2018(354)\"\n                    alt=\"Gans2018(354)\"\n                    src=\"http:\/\/www.karate-neuhofen.at\/wp-content\/gallery\/trainingslager-gnas-2018\/thumbs\/thumbs_Gans2018354.JPG\"\n                    width=\"240\"\n                    height=\"160\"\n                    style=\"max-width:100%;\"\n                \/>\n            <\/a>\n        <\/div>\n\t\t\t\t\t\t\t<\/div> \n\t\t\t\n        \n\t\t\t\t<div id=\"ngg-image-254\" class=\"ngg-gallery-thumbnail-box\" >\n\t\t\t\t        <div class=\"ngg-gallery-thumbnail\">\n            <a href=\"http:\/\/www.karate-neuhofen.at\/wp-content\/gallery\/trainingslager-gnas-2018\/Gans2018355.JPG\"\n               title=\"\"\n               data-src=\"http:\/\/www.karate-neuhofen.at\/wp-content\/gallery\/trainingslager-gnas-2018\/Gans2018355.JPG\"\n               data-thumbnail=\"http:\/\/www.karate-neuhofen.at\/wp-content\/gallery\/trainingslager-gnas-2018\/thumbs\/thumbs_Gans2018355.JPG\"\n               data-image-id=\"19107\"\n               data-title=\"Gans2018(355)\"\n               data-description=\"\"\n               data-image-slug=\"gans2018355\"\n               class=\"shutterset_5a0da7a1340930de18337e8275bb6594\">\n                <img\n                    title=\"Gans2018(355)\"\n                    alt=\"Gans2018(355)\"\n                    src=\"http:\/\/www.karate-neuhofen.at\/wp-content\/gallery\/trainingslager-gnas-2018\/thumbs\/thumbs_Gans2018355.JPG\"\n                    width=\"240\"\n                    height=\"160\"\n                    style=\"max-width:100%;\"\n                \/>\n            <\/a>\n        <\/div>\n\t\t\t\t\t\t\t<\/div> \n\t\t\t\n        \n\t\t\t\t<div id=\"ngg-image-255\" class=\"ngg-gallery-thumbnail-box\" >\n\t\t\t\t        <div class=\"ngg-gallery-thumbnail\">\n            <a href=\"http:\/\/www.karate-neuhofen.at\/wp-content\/gallery\/trainingslager-gnas-2018\/Gans2018356.JPG\"\n               title=\"\"\n               data-src=\"http:\/\/www.karate-neuhofen.at\/wp-content\/gallery\/trainingslager-gnas-2018\/Gans2018356.JPG\"\n               data-thumbnail=\"http:\/\/www.karate-neuhofen.at\/wp-content\/gallery\/trainingslager-gnas-2018\/thumbs\/thumbs_Gans2018356.JPG\"\n               data-image-id=\"19108\"\n               data-title=\"Gans2018(356)\"\n               data-description=\"\"\n               data-image-slug=\"gans2018356\"\n               class=\"shutterset_5a0da7a1340930de18337e8275bb6594\">\n                <img\n                    title=\"Gans2018(356)\"\n                    alt=\"Gans2018(356)\"\n                    src=\"http:\/\/www.karate-neuhofen.at\/wp-content\/gallery\/trainingslager-gnas-2018\/thumbs\/thumbs_Gans2018356.JPG\"\n                    width=\"240\"\n                    height=\"160\"\n                    style=\"max-width:100%;\"\n                \/>\n            <\/a>\n        <\/div>\n\t\t\t\t\t\t\t<\/div> \n\t\t\t\n        \n\t\t\t\t<div id=\"ngg-image-256\" class=\"ngg-gallery-thumbnail-box\" >\n\t\t\t\t        <div class=\"ngg-gallery-thumbnail\">\n            <a href=\"http:\/\/www.karate-neuhofen.at\/wp-content\/gallery\/trainingslager-gnas-2018\/Gans2018357.JPG\"\n               title=\"\"\n               data-src=\"http:\/\/www.karate-neuhofen.at\/wp-content\/gallery\/trainingslager-gnas-2018\/Gans2018357.JPG\"\n               data-thumbnail=\"http:\/\/www.karate-neuhofen.at\/wp-content\/gallery\/trainingslager-gnas-2018\/thumbs\/thumbs_Gans2018357.JPG\"\n               data-image-id=\"19109\"\n               data-title=\"Gans2018(357)\"\n               data-description=\"\"\n               data-image-slug=\"gans2018357\"\n               class=\"shutterset_5a0da7a1340930de18337e8275bb6594\">\n                <img\n                    title=\"Gans2018(357)\"\n                    alt=\"Gans2018(357)\"\n                    src=\"http:\/\/www.karate-neuhofen.at\/wp-content\/gallery\/trainingslager-gnas-2018\/thumbs\/thumbs_Gans2018357.JPG\"\n                    width=\"240\"\n                    height=\"160\"\n                    style=\"max-width:100%;\"\n                \/>\n            <\/a>\n        <\/div>\n\t\t\t\t\t\t\t<\/div> \n\t\t\t\n        \n\t\t\t\t<div id=\"ngg-image-257\" class=\"ngg-gallery-thumbnail-box\" >\n\t\t\t\t        <div class=\"ngg-gallery-thumbnail\">\n            <a href=\"http:\/\/www.karate-neuhofen.at\/wp-content\/gallery\/trainingslager-gnas-2018\/Gans2018358.JPG\"\n               title=\"\"\n               data-src=\"http:\/\/www.karate-neuhofen.at\/wp-content\/gallery\/trainingslager-gnas-2018\/Gans2018358.JPG\"\n               data-thumbnail=\"http:\/\/www.karate-neuhofen.at\/wp-content\/gallery\/trainingslager-gnas-2018\/thumbs\/thumbs_Gans2018358.JPG\"\n               data-image-id=\"19110\"\n               data-title=\"Gans2018(358)\"\n               data-description=\"\"\n               data-image-slug=\"gans2018358\"\n               class=\"shutterset_5a0da7a1340930de18337e8275bb6594\">\n                <img\n                    title=\"Gans2018(358)\"\n                    alt=\"Gans2018(358)\"\n                    src=\"http:\/\/www.karate-neuhofen.at\/wp-content\/gallery\/trainingslager-gnas-2018\/thumbs\/thumbs_Gans2018358.JPG\"\n                    width=\"240\"\n                    height=\"160\"\n                    style=\"max-width:100%;\"\n                \/>\n            <\/a>\n        <\/div>\n\t\t\t\t\t\t\t<\/div> \n\t\t\t\n        \n\t\t\t\t<div id=\"ngg-image-258\" class=\"ngg-gallery-thumbnail-box\" >\n\t\t\t\t        <div class=\"ngg-gallery-thumbnail\">\n            <a href=\"http:\/\/www.karate-neuhofen.at\/wp-content\/gallery\/trainingslager-gnas-2018\/Gans2018359.JPG\"\n               title=\"\"\n               data-src=\"http:\/\/www.karate-neuhofen.at\/wp-content\/gallery\/trainingslager-gnas-2018\/Gans2018359.JPG\"\n               data-thumbnail=\"http:\/\/www.karate-neuhofen.at\/wp-content\/gallery\/trainingslager-gnas-2018\/thumbs\/thumbs_Gans2018359.JPG\"\n               data-image-id=\"19111\"\n               data-title=\"Gans2018(359)\"\n               data-description=\"\"\n               data-image-slug=\"gans2018359\"\n               class=\"shutterset_5a0da7a1340930de18337e8275bb6594\">\n                <img\n                    title=\"Gans2018(359)\"\n                    alt=\"Gans2018(359)\"\n                    src=\"http:\/\/www.karate-neuhofen.at\/wp-content\/gallery\/trainingslager-gnas-2018\/thumbs\/thumbs_Gans2018359.JPG\"\n                    width=\"240\"\n                    height=\"160\"\n                    style=\"max-width:100%;\"\n                \/>\n            <\/a>\n        <\/div>\n\t\t\t\t\t\t\t<\/div> \n\t\t\t\n        \n\t\t\t\t<div id=\"ngg-image-259\" class=\"ngg-gallery-thumbnail-box\" >\n\t\t\t\t        <div class=\"ngg-gallery-thumbnail\">\n            <a href=\"http:\/\/www.karate-neuhofen.at\/wp-content\/gallery\/trainingslager-gnas-2018\/Gans2018360.JPG\"\n               title=\"\"\n               data-src=\"http:\/\/www.karate-neuhofen.at\/wp-content\/gallery\/trainingslager-gnas-2018\/Gans2018360.JPG\"\n               data-thumbnail=\"http:\/\/www.karate-neuhofen.at\/wp-content\/gallery\/trainingslager-gnas-2018\/thumbs\/thumbs_Gans2018360.JPG\"\n               data-image-id=\"19112\"\n               data-title=\"Gans2018(360)\"\n               data-description=\"\"\n               data-image-slug=\"gans2018360\"\n               class=\"shutterset_5a0da7a1340930de18337e8275bb6594\">\n                <img\n                    title=\"Gans2018(360)\"\n                    alt=\"Gans2018(360)\"\n                    src=\"http:\/\/www.karate-neuhofen.at\/wp-content\/gallery\/trainingslager-gnas-2018\/thumbs\/thumbs_Gans2018360.JPG\"\n                    width=\"240\"\n                    height=\"160\"\n                    style=\"max-width:100%;\"\n                \/>\n            <\/a>\n        <\/div>\n\t\t\t\t\t\t\t<\/div> \n\t\t\t\n        \n\t\t\t\t<div id=\"ngg-image-260\" class=\"ngg-gallery-thumbnail-box\" >\n\t\t\t\t        <div class=\"ngg-gallery-thumbnail\">\n            <a href=\"http:\/\/www.karate-neuhofen.at\/wp-content\/gallery\/trainingslager-gnas-2018\/Gans2018361.JPG\"\n               title=\"\"\n               data-src=\"http:\/\/www.karate-neuhofen.at\/wp-content\/gallery\/trainingslager-gnas-2018\/Gans2018361.JPG\"\n               data-thumbnail=\"http:\/\/www.karate-neuhofen.at\/wp-content\/gallery\/trainingslager-gnas-2018\/thumbs\/thumbs_Gans2018361.JPG\"\n               data-image-id=\"19113\"\n               data-title=\"Gans2018(361)\"\n               data-description=\"\"\n               data-image-slug=\"gans2018361\"\n               class=\"shutterset_5a0da7a1340930de18337e8275bb6594\">\n                <img\n                    title=\"Gans2018(361)\"\n                    alt=\"Gans2018(361)\"\n                    src=\"http:\/\/www.karate-neuhofen.at\/wp-content\/gallery\/trainingslager-gnas-2018\/thumbs\/thumbs_Gans2018361.JPG\"\n                    width=\"240\"\n                    height=\"160\"\n                    style=\"max-width:100%;\"\n                \/>\n            <\/a>\n        <\/div>\n\t\t\t\t\t\t\t<\/div> \n\t\t\t\n        \n\t\t\t\t<div id=\"ngg-image-261\" class=\"ngg-gallery-thumbnail-box\" >\n\t\t\t\t        <div class=\"ngg-gallery-thumbnail\">\n            <a href=\"http:\/\/www.karate-neuhofen.at\/wp-content\/gallery\/trainingslager-gnas-2018\/Gans2018362.JPG\"\n               title=\"\"\n               data-src=\"http:\/\/www.karate-neuhofen.at\/wp-content\/gallery\/trainingslager-gnas-2018\/Gans2018362.JPG\"\n               data-thumbnail=\"http:\/\/www.karate-neuhofen.at\/wp-content\/gallery\/trainingslager-gnas-2018\/thumbs\/thumbs_Gans2018362.JPG\"\n               data-image-id=\"19114\"\n               data-title=\"Gans2018(362)\"\n               data-description=\"\"\n               data-image-slug=\"gans2018362\"\n               class=\"shutterset_5a0da7a1340930de18337e8275bb6594\">\n                <img\n                    title=\"Gans2018(362)\"\n                    alt=\"Gans2018(362)\"\n                    src=\"http:\/\/www.karate-neuhofen.at\/wp-content\/gallery\/trainingslager-gnas-2018\/thumbs\/thumbs_Gans2018362.JPG\"\n                    width=\"240\"\n                    height=\"160\"\n                    style=\"max-width:100%;\"\n                \/>\n            <\/a>\n        <\/div>\n\t\t\t\t\t\t\t<\/div> \n\t\t\t\n        \n\t\t\t\t<div id=\"ngg-image-262\" class=\"ngg-gallery-thumbnail-box\" >\n\t\t\t\t        <div class=\"ngg-gallery-thumbnail\">\n            <a href=\"http:\/\/www.karate-neuhofen.at\/wp-content\/gallery\/trainingslager-gnas-2018\/Gans2018363.JPG\"\n               title=\"\"\n               data-src=\"http:\/\/www.karate-neuhofen.at\/wp-content\/gallery\/trainingslager-gnas-2018\/Gans2018363.JPG\"\n               data-thumbnail=\"http:\/\/www.karate-neuhofen.at\/wp-content\/gallery\/trainingslager-gnas-2018\/thumbs\/thumbs_Gans2018363.JPG\"\n               data-image-id=\"19115\"\n               data-title=\"Gans2018(363)\"\n               data-description=\"\"\n               data-image-slug=\"gans2018363\"\n               class=\"shutterset_5a0da7a1340930de18337e8275bb6594\">\n                <img\n                    title=\"Gans2018(363)\"\n                    alt=\"Gans2018(363)\"\n                    src=\"http:\/\/www.karate-neuhofen.at\/wp-content\/gallery\/trainingslager-gnas-2018\/thumbs\/thumbs_Gans2018363.JPG\"\n                    width=\"240\"\n                    height=\"160\"\n                    style=\"max-width:100%;\"\n                \/>\n            <\/a>\n        <\/div>\n\t\t\t\t\t\t\t<\/div> \n\t\t\t\n        \n\t\t\t\t<div id=\"ngg-image-263\" class=\"ngg-gallery-thumbnail-box\" >\n\t\t\t\t        <div class=\"ngg-gallery-thumbnail\">\n            <a href=\"http:\/\/www.karate-neuhofen.at\/wp-content\/gallery\/trainingslager-gnas-2018\/Gans2018364.JPG\"\n               title=\"\"\n               data-src=\"http:\/\/www.karate-neuhofen.at\/wp-content\/gallery\/trainingslager-gnas-2018\/Gans2018364.JPG\"\n               data-thumbnail=\"http:\/\/www.karate-neuhofen.at\/wp-content\/gallery\/trainingslager-gnas-2018\/thumbs\/thumbs_Gans2018364.JPG\"\n               data-image-id=\"19116\"\n               data-title=\"Gans2018(364)\"\n               data-description=\"\"\n               data-image-slug=\"gans2018364\"\n               class=\"shutterset_5a0da7a1340930de18337e8275bb6594\">\n                <img\n                    title=\"Gans2018(364)\"\n                    alt=\"Gans2018(364)\"\n                    src=\"http:\/\/www.karate-neuhofen.at\/wp-content\/gallery\/trainingslager-gnas-2018\/thumbs\/thumbs_Gans2018364.JPG\"\n                    width=\"240\"\n                    height=\"160\"\n                    style=\"max-width:100%;\"\n                \/>\n            <\/a>\n        <\/div>\n\t\t\t\t\t\t\t<\/div> \n\t\t\t\n        \n\t\t\t\t<div id=\"ngg-image-264\" class=\"ngg-gallery-thumbnail-box\" >\n\t\t\t\t        <div class=\"ngg-gallery-thumbnail\">\n            <a href=\"http:\/\/www.karate-neuhofen.at\/wp-content\/gallery\/trainingslager-gnas-2018\/Gans2018365.JPG\"\n               title=\"\"\n               data-src=\"http:\/\/www.karate-neuhofen.at\/wp-content\/gallery\/trainingslager-gnas-2018\/Gans2018365.JPG\"\n               data-thumbnail=\"http:\/\/www.karate-neuhofen.at\/wp-content\/gallery\/trainingslager-gnas-2018\/thumbs\/thumbs_Gans2018365.JPG\"\n               data-image-id=\"19117\"\n               data-title=\"Gans2018(365)\"\n               data-description=\"\"\n               data-image-slug=\"gans2018365\"\n               class=\"shutterset_5a0da7a1340930de18337e8275bb6594\">\n                <img\n                    title=\"Gans2018(365)\"\n                    alt=\"Gans2018(365)\"\n                    src=\"http:\/\/www.karate-neuhofen.at\/wp-content\/gallery\/trainingslager-gnas-2018\/thumbs\/thumbs_Gans2018365.JPG\"\n                    width=\"240\"\n                    height=\"160\"\n                    style=\"max-width:100%;\"\n                \/>\n            <\/a>\n        <\/div>\n\t\t\t\t\t\t\t<\/div> \n\t\t\t\n        \n\t\t\t\t<div id=\"ngg-image-265\" class=\"ngg-gallery-thumbnail-box\" >\n\t\t\t\t        <div class=\"ngg-gallery-thumbnail\">\n            <a href=\"http:\/\/www.karate-neuhofen.at\/wp-content\/gallery\/trainingslager-gnas-2018\/Gans2018366.JPG\"\n               title=\"\"\n               data-src=\"http:\/\/www.karate-neuhofen.at\/wp-content\/gallery\/trainingslager-gnas-2018\/Gans2018366.JPG\"\n               data-thumbnail=\"http:\/\/www.karate-neuhofen.at\/wp-content\/gallery\/trainingslager-gnas-2018\/thumbs\/thumbs_Gans2018366.JPG\"\n               data-image-id=\"19118\"\n               data-title=\"Gans2018(366)\"\n               data-description=\"\"\n               data-image-slug=\"gans2018366\"\n               class=\"shutterset_5a0da7a1340930de18337e8275bb6594\">\n                <img\n                    title=\"Gans2018(366)\"\n                    alt=\"Gans2018(366)\"\n                    src=\"http:\/\/www.karate-neuhofen.at\/wp-content\/gallery\/trainingslager-gnas-2018\/thumbs\/thumbs_Gans2018366.JPG\"\n                    width=\"240\"\n                    height=\"160\"\n                    style=\"max-width:100%;\"\n                \/>\n            <\/a>\n        <\/div>\n\t\t\t\t\t\t\t<\/div> \n\t\t\t\n        \n\t\t\t\t<div id=\"ngg-image-266\" class=\"ngg-gallery-thumbnail-box\" >\n\t\t\t\t        <div class=\"ngg-gallery-thumbnail\">\n            <a href=\"http:\/\/www.karate-neuhofen.at\/wp-content\/gallery\/trainingslager-gnas-2018\/Gans2018367.JPG\"\n               title=\"\"\n               data-src=\"http:\/\/www.karate-neuhofen.at\/wp-content\/gallery\/trainingslager-gnas-2018\/Gans2018367.JPG\"\n               data-thumbnail=\"http:\/\/www.karate-neuhofen.at\/wp-content\/gallery\/trainingslager-gnas-2018\/thumbs\/thumbs_Gans2018367.JPG\"\n               data-image-id=\"19119\"\n               data-title=\"Gans2018(367)\"\n               data-description=\"\"\n               data-image-slug=\"gans2018367\"\n               class=\"shutterset_5a0da7a1340930de18337e8275bb6594\">\n                <img\n                    title=\"Gans2018(367)\"\n                    alt=\"Gans2018(367)\"\n                    src=\"http:\/\/www.karate-neuhofen.at\/wp-content\/gallery\/trainingslager-gnas-2018\/thumbs\/thumbs_Gans2018367.JPG\"\n                    width=\"240\"\n                    height=\"160\"\n                    style=\"max-width:100%;\"\n                \/>\n            <\/a>\n        <\/div>\n\t\t\t\t\t\t\t<\/div> \n\t\t\t\n        \n\t\t\t\t<div id=\"ngg-image-267\" class=\"ngg-gallery-thumbnail-box\" >\n\t\t\t\t        <div class=\"ngg-gallery-thumbnail\">\n            <a href=\"http:\/\/www.karate-neuhofen.at\/wp-content\/gallery\/trainingslager-gnas-2018\/Gans2018368.JPG\"\n               title=\"\"\n               data-src=\"http:\/\/www.karate-neuhofen.at\/wp-content\/gallery\/trainingslager-gnas-2018\/Gans2018368.JPG\"\n               data-thumbnail=\"http:\/\/www.karate-neuhofen.at\/wp-content\/gallery\/trainingslager-gnas-2018\/thumbs\/thumbs_Gans2018368.JPG\"\n               data-image-id=\"19120\"\n               data-title=\"Gans2018(368)\"\n               data-description=\"\"\n               data-image-slug=\"gans2018368\"\n               class=\"shutterset_5a0da7a1340930de18337e8275bb6594\">\n                <img\n                    title=\"Gans2018(368)\"\n                    alt=\"Gans2018(368)\"\n                    src=\"http:\/\/www.karate-neuhofen.at\/wp-content\/gallery\/trainingslager-gnas-2018\/thumbs\/thumbs_Gans2018368.JPG\"\n                    width=\"240\"\n                    height=\"160\"\n                    style=\"max-width:100%;\"\n                \/>\n            <\/a>\n        <\/div>\n\t\t\t\t\t\t\t<\/div> \n\t\t\t\n        \n\t\t\t\t<div id=\"ngg-image-268\" class=\"ngg-gallery-thumbnail-box\" >\n\t\t\t\t        <div class=\"ngg-gallery-thumbnail\">\n            <a href=\"http:\/\/www.karate-neuhofen.at\/wp-content\/gallery\/trainingslager-gnas-2018\/Gans2018369.JPG\"\n               title=\"\"\n               data-src=\"http:\/\/www.karate-neuhofen.at\/wp-content\/gallery\/trainingslager-gnas-2018\/Gans2018369.JPG\"\n               data-thumbnail=\"http:\/\/www.karate-neuhofen.at\/wp-content\/gallery\/trainingslager-gnas-2018\/thumbs\/thumbs_Gans2018369.JPG\"\n               data-image-id=\"19121\"\n               data-title=\"Gans2018(369)\"\n               data-description=\"\"\n               data-image-slug=\"gans2018369\"\n               class=\"shutterset_5a0da7a1340930de18337e8275bb6594\">\n                <img\n                    title=\"Gans2018(369)\"\n                    alt=\"Gans2018(369)\"\n                    src=\"http:\/\/www.karate-neuhofen.at\/wp-content\/gallery\/trainingslager-gnas-2018\/thumbs\/thumbs_Gans2018369.JPG\"\n                    width=\"240\"\n                    height=\"160\"\n                    style=\"max-width:100%;\"\n                \/>\n            <\/a>\n        <\/div>\n\t\t\t\t\t\t\t<\/div> \n\t\t\t\n        \n\t\t\t\t<div id=\"ngg-image-269\" class=\"ngg-gallery-thumbnail-box\" >\n\t\t\t\t        <div class=\"ngg-gallery-thumbnail\">\n            <a href=\"http:\/\/www.karate-neuhofen.at\/wp-content\/gallery\/trainingslager-gnas-2018\/Gans2018370.JPG\"\n               title=\"\"\n               data-src=\"http:\/\/www.karate-neuhofen.at\/wp-content\/gallery\/trainingslager-gnas-2018\/Gans2018370.JPG\"\n               data-thumbnail=\"http:\/\/www.karate-neuhofen.at\/wp-content\/gallery\/trainingslager-gnas-2018\/thumbs\/thumbs_Gans2018370.JPG\"\n               data-image-id=\"19122\"\n               data-title=\"Gans2018(370)\"\n               data-description=\"\"\n               data-image-slug=\"gans2018370\"\n               class=\"shutterset_5a0da7a1340930de18337e8275bb6594\">\n                <img\n                    title=\"Gans2018(370)\"\n                    alt=\"Gans2018(370)\"\n                    src=\"http:\/\/www.karate-neuhofen.at\/wp-content\/gallery\/trainingslager-gnas-2018\/thumbs\/thumbs_Gans2018370.JPG\"\n                    width=\"240\"\n                    height=\"160\"\n                    style=\"max-width:100%;\"\n                \/>\n            <\/a>\n        <\/div>\n\t\t\t\t\t\t\t<\/div> \n\t\t\t\n        \n\t\t\t\t<div id=\"ngg-image-270\" class=\"ngg-gallery-thumbnail-box\" >\n\t\t\t\t        <div class=\"ngg-gallery-thumbnail\">\n            <a href=\"http:\/\/www.karate-neuhofen.at\/wp-content\/gallery\/trainingslager-gnas-2018\/Gans2018371.JPG\"\n               title=\"\"\n               data-src=\"http:\/\/www.karate-neuhofen.at\/wp-content\/gallery\/trainingslager-gnas-2018\/Gans2018371.JPG\"\n               data-thumbnail=\"http:\/\/www.karate-neuhofen.at\/wp-content\/gallery\/trainingslager-gnas-2018\/thumbs\/thumbs_Gans2018371.JPG\"\n               data-image-id=\"19123\"\n               data-title=\"Gans2018(371)\"\n               data-description=\"\"\n               data-image-slug=\"gans2018371\"\n               class=\"shutterset_5a0da7a1340930de18337e8275bb6594\">\n                <img\n                    title=\"Gans2018(371)\"\n                    alt=\"Gans2018(371)\"\n                    src=\"http:\/\/www.karate-neuhofen.at\/wp-content\/gallery\/trainingslager-gnas-2018\/thumbs\/thumbs_Gans2018371.JPG\"\n                    width=\"240\"\n                    height=\"160\"\n                    style=\"max-width:100%;\"\n                \/>\n            <\/a>\n        <\/div>\n\t\t\t\t\t\t\t<\/div> \n\t\t\t\n        \n\t\t\t\t<div id=\"ngg-image-271\" class=\"ngg-gallery-thumbnail-box\" >\n\t\t\t\t        <div class=\"ngg-gallery-thumbnail\">\n            <a href=\"http:\/\/www.karate-neuhofen.at\/wp-content\/gallery\/trainingslager-gnas-2018\/Gans2018372.JPG\"\n               title=\"\"\n               data-src=\"http:\/\/www.karate-neuhofen.at\/wp-content\/gallery\/trainingslager-gnas-2018\/Gans2018372.JPG\"\n               data-thumbnail=\"http:\/\/www.karate-neuhofen.at\/wp-content\/gallery\/trainingslager-gnas-2018\/thumbs\/thumbs_Gans2018372.JPG\"\n               data-image-id=\"19124\"\n               data-title=\"Gans2018(372)\"\n               data-description=\"\"\n               data-image-slug=\"gans2018372\"\n               class=\"shutterset_5a0da7a1340930de18337e8275bb6594\">\n                <img\n                    title=\"Gans2018(372)\"\n                    alt=\"Gans2018(372)\"\n                    src=\"http:\/\/www.karate-neuhofen.at\/wp-content\/gallery\/trainingslager-gnas-2018\/thumbs\/thumbs_Gans2018372.JPG\"\n                    width=\"240\"\n                    height=\"160\"\n                    style=\"max-width:100%;\"\n                \/>\n            <\/a>\n        <\/div>\n\t\t\t\t\t\t\t<\/div> \n\t\t\t\n        \n\t\t\t\t<div id=\"ngg-image-272\" class=\"ngg-gallery-thumbnail-box\" >\n\t\t\t\t        <div class=\"ngg-gallery-thumbnail\">\n            <a href=\"http:\/\/www.karate-neuhofen.at\/wp-content\/gallery\/trainingslager-gnas-2018\/Gans2018373.JPG\"\n               title=\"\"\n               data-src=\"http:\/\/www.karate-neuhofen.at\/wp-content\/gallery\/trainingslager-gnas-2018\/Gans2018373.JPG\"\n               data-thumbnail=\"http:\/\/www.karate-neuhofen.at\/wp-content\/gallery\/trainingslager-gnas-2018\/thumbs\/thumbs_Gans2018373.JPG\"\n               data-image-id=\"19125\"\n               data-title=\"Gans2018(373)\"\n               data-description=\"\"\n               data-image-slug=\"gans2018373\"\n               class=\"shutterset_5a0da7a1340930de18337e8275bb6594\">\n                <img\n                    title=\"Gans2018(373)\"\n                    alt=\"Gans2018(373)\"\n                    src=\"http:\/\/www.karate-neuhofen.at\/wp-content\/gallery\/trainingslager-gnas-2018\/thumbs\/thumbs_Gans2018373.JPG\"\n                    width=\"240\"\n                    height=\"160\"\n                    style=\"max-width:100%;\"\n                \/>\n            <\/a>\n        <\/div>\n\t\t\t\t\t\t\t<\/div> \n\t\t\t\n        \n\t\t\t\t<div id=\"ngg-image-273\" class=\"ngg-gallery-thumbnail-box\" >\n\t\t\t\t        <div class=\"ngg-gallery-thumbnail\">\n            <a href=\"http:\/\/www.karate-neuhofen.at\/wp-content\/gallery\/trainingslager-gnas-2018\/Gans2018374.JPG\"\n               title=\"\"\n               data-src=\"http:\/\/www.karate-neuhofen.at\/wp-content\/gallery\/trainingslager-gnas-2018\/Gans2018374.JPG\"\n               data-thumbnail=\"http:\/\/www.karate-neuhofen.at\/wp-content\/gallery\/trainingslager-gnas-2018\/thumbs\/thumbs_Gans2018374.JPG\"\n               data-image-id=\"19126\"\n               data-title=\"Gans2018(374)\"\n               data-description=\"\"\n               data-image-slug=\"gans2018374\"\n               class=\"shutterset_5a0da7a1340930de18337e8275bb6594\">\n                <img\n                    title=\"Gans2018(374)\"\n                    alt=\"Gans2018(374)\"\n                    src=\"http:\/\/www.karate-neuhofen.at\/wp-content\/gallery\/trainingslager-gnas-2018\/thumbs\/thumbs_Gans2018374.JPG\"\n                    width=\"240\"\n                    height=\"160\"\n                    style=\"max-width:100%;\"\n                \/>\n            <\/a>\n        <\/div>\n\t\t\t\t\t\t\t<\/div> \n\t\t\t\n        \n\t\t\t\t<div id=\"ngg-image-274\" class=\"ngg-gallery-thumbnail-box\" >\n\t\t\t\t        <div class=\"ngg-gallery-thumbnail\">\n            <a href=\"http:\/\/www.karate-neuhofen.at\/wp-content\/gallery\/trainingslager-gnas-2018\/Gans2018375.JPG\"\n               title=\"\"\n               data-src=\"http:\/\/www.karate-neuhofen.at\/wp-content\/gallery\/trainingslager-gnas-2018\/Gans2018375.JPG\"\n               data-thumbnail=\"http:\/\/www.karate-neuhofen.at\/wp-content\/gallery\/trainingslager-gnas-2018\/thumbs\/thumbs_Gans2018375.JPG\"\n               data-image-id=\"19127\"\n               data-title=\"Gans2018(375)\"\n               data-description=\"\"\n               data-image-slug=\"gans2018375\"\n               class=\"shutterset_5a0da7a1340930de18337e8275bb6594\">\n                <img\n                    title=\"Gans2018(375)\"\n                    alt=\"Gans2018(375)\"\n                    src=\"http:\/\/www.karate-neuhofen.at\/wp-content\/gallery\/trainingslager-gnas-2018\/thumbs\/thumbs_Gans2018375.JPG\"\n                    width=\"240\"\n                    height=\"160\"\n                    style=\"max-width:100%;\"\n                \/>\n            <\/a>\n        <\/div>\n\t\t\t\t\t\t\t<\/div> \n\t\t\t\n        \n\t\t\t\t<div id=\"ngg-image-275\" class=\"ngg-gallery-thumbnail-box\" >\n\t\t\t\t        <div class=\"ngg-gallery-thumbnail\">\n            <a href=\"http:\/\/www.karate-neuhofen.at\/wp-content\/gallery\/trainingslager-gnas-2018\/Gans2018376.JPG\"\n               title=\"\"\n               data-src=\"http:\/\/www.karate-neuhofen.at\/wp-content\/gallery\/trainingslager-gnas-2018\/Gans2018376.JPG\"\n               data-thumbnail=\"http:\/\/www.karate-neuhofen.at\/wp-content\/gallery\/trainingslager-gnas-2018\/thumbs\/thumbs_Gans2018376.JPG\"\n               data-image-id=\"19128\"\n               data-title=\"Gans2018(376)\"\n               data-description=\"\"\n               data-image-slug=\"gans2018376\"\n               class=\"shutterset_5a0da7a1340930de18337e8275bb6594\">\n                <img\n                    title=\"Gans2018(376)\"\n                    alt=\"Gans2018(376)\"\n                    src=\"http:\/\/www.karate-neuhofen.at\/wp-content\/gallery\/trainingslager-gnas-2018\/thumbs\/thumbs_Gans2018376.JPG\"\n                    width=\"240\"\n                    height=\"160\"\n                    style=\"max-width:100%;\"\n                \/>\n            <\/a>\n        <\/div>\n\t\t\t\t\t\t\t<\/div> \n\t\t\t\n        \n\t\t\t\t<div id=\"ngg-image-276\" class=\"ngg-gallery-thumbnail-box\" >\n\t\t\t\t        <div class=\"ngg-gallery-thumbnail\">\n            <a href=\"http:\/\/www.karate-neuhofen.at\/wp-content\/gallery\/trainingslager-gnas-2018\/Gans2018377.JPG\"\n               title=\"\"\n               data-src=\"http:\/\/www.karate-neuhofen.at\/wp-content\/gallery\/trainingslager-gnas-2018\/Gans2018377.JPG\"\n               data-thumbnail=\"http:\/\/www.karate-neuhofen.at\/wp-content\/gallery\/trainingslager-gnas-2018\/thumbs\/thumbs_Gans2018377.JPG\"\n               data-image-id=\"19129\"\n               data-title=\"Gans2018(377)\"\n               data-description=\"\"\n               data-image-slug=\"gans2018377\"\n               class=\"shutterset_5a0da7a1340930de18337e8275bb6594\">\n                <img\n                    title=\"Gans2018(377)\"\n                    alt=\"Gans2018(377)\"\n                    src=\"http:\/\/www.karate-neuhofen.at\/wp-content\/gallery\/trainingslager-gnas-2018\/thumbs\/thumbs_Gans2018377.JPG\"\n                    width=\"240\"\n                    height=\"160\"\n                    style=\"max-width:100%;\"\n                \/>\n            <\/a>\n        <\/div>\n\t\t\t\t\t\t\t<\/div> \n\t\t\t\n        \n\t\t\t\t<div id=\"ngg-image-277\" class=\"ngg-gallery-thumbnail-box\" >\n\t\t\t\t        <div class=\"ngg-gallery-thumbnail\">\n            <a href=\"http:\/\/www.karate-neuhofen.at\/wp-content\/gallery\/trainingslager-gnas-2018\/Gans2018378.JPG\"\n               title=\"\"\n               data-src=\"http:\/\/www.karate-neuhofen.at\/wp-content\/gallery\/trainingslager-gnas-2018\/Gans2018378.JPG\"\n               data-thumbnail=\"http:\/\/www.karate-neuhofen.at\/wp-content\/gallery\/trainingslager-gnas-2018\/thumbs\/thumbs_Gans2018378.JPG\"\n               data-image-id=\"19130\"\n               data-title=\"Gans2018(378)\"\n               data-description=\"\"\n               data-image-slug=\"gans2018378\"\n               class=\"shutterset_5a0da7a1340930de18337e8275bb6594\">\n                <img\n                    title=\"Gans2018(378)\"\n                    alt=\"Gans2018(378)\"\n                    src=\"http:\/\/www.karate-neuhofen.at\/wp-content\/gallery\/trainingslager-gnas-2018\/thumbs\/thumbs_Gans2018378.JPG\"\n                    width=\"240\"\n                    height=\"160\"\n                    style=\"max-width:100%;\"\n                \/>\n            <\/a>\n        <\/div>\n\t\t\t\t\t\t\t<\/div> \n\t\t\t\n        \n\t\t\t\t<div id=\"ngg-image-278\" class=\"ngg-gallery-thumbnail-box\" >\n\t\t\t\t        <div class=\"ngg-gallery-thumbnail\">\n            <a href=\"http:\/\/www.karate-neuhofen.at\/wp-content\/gallery\/trainingslager-gnas-2018\/Gans2018379.JPG\"\n               title=\"\"\n               data-src=\"http:\/\/www.karate-neuhofen.at\/wp-content\/gallery\/trainingslager-gnas-2018\/Gans2018379.JPG\"\n               data-thumbnail=\"http:\/\/www.karate-neuhofen.at\/wp-content\/gallery\/trainingslager-gnas-2018\/thumbs\/thumbs_Gans2018379.JPG\"\n               data-image-id=\"19131\"\n               data-title=\"Gans2018(379)\"\n               data-description=\"\"\n               data-image-slug=\"gans2018379\"\n               class=\"shutterset_5a0da7a1340930de18337e8275bb6594\">\n                <img\n                    title=\"Gans2018(379)\"\n                    alt=\"Gans2018(379)\"\n                    src=\"http:\/\/www.karate-neuhofen.at\/wp-content\/gallery\/trainingslager-gnas-2018\/thumbs\/thumbs_Gans2018379.JPG\"\n                    width=\"240\"\n                    height=\"160\"\n                    style=\"max-width:100%;\"\n                \/>\n            <\/a>\n        <\/div>\n\t\t\t\t\t\t\t<\/div> \n\t\t\t\n        \n\t\t\t\t<div id=\"ngg-image-279\" class=\"ngg-gallery-thumbnail-box\" >\n\t\t\t\t        <div class=\"ngg-gallery-thumbnail\">\n            <a href=\"http:\/\/www.karate-neuhofen.at\/wp-content\/gallery\/trainingslager-gnas-2018\/Gans2018380.JPG\"\n               title=\"\"\n               data-src=\"http:\/\/www.karate-neuhofen.at\/wp-content\/gallery\/trainingslager-gnas-2018\/Gans2018380.JPG\"\n               data-thumbnail=\"http:\/\/www.karate-neuhofen.at\/wp-content\/gallery\/trainingslager-gnas-2018\/thumbs\/thumbs_Gans2018380.JPG\"\n               data-image-id=\"19132\"\n               data-title=\"Gans2018(380)\"\n               data-description=\"\"\n               data-image-slug=\"gans2018380\"\n               class=\"shutterset_5a0da7a1340930de18337e8275bb6594\">\n                <img\n                    title=\"Gans2018(380)\"\n                    alt=\"Gans2018(380)\"\n                    src=\"http:\/\/www.karate-neuhofen.at\/wp-content\/gallery\/trainingslager-gnas-2018\/thumbs\/thumbs_Gans2018380.JPG\"\n                    width=\"240\"\n                    height=\"160\"\n                    style=\"max-width:100%;\"\n                \/>\n            <\/a>\n        <\/div>\n\t\t\t\t\t\t\t<\/div> \n\t\t\t\n        \n\t\t\t\t<div id=\"ngg-image-280\" class=\"ngg-gallery-thumbnail-box\" >\n\t\t\t\t        <div class=\"ngg-gallery-thumbnail\">\n            <a href=\"http:\/\/www.karate-neuhofen.at\/wp-content\/gallery\/trainingslager-gnas-2018\/Gans2018381.JPG\"\n               title=\"\"\n               data-src=\"http:\/\/www.karate-neuhofen.at\/wp-content\/gallery\/trainingslager-gnas-2018\/Gans2018381.JPG\"\n               data-thumbnail=\"http:\/\/www.karate-neuhofen.at\/wp-content\/gallery\/trainingslager-gnas-2018\/thumbs\/thumbs_Gans2018381.JPG\"\n               data-image-id=\"19133\"\n               data-title=\"Gans2018(381)\"\n               data-description=\"\"\n               data-image-slug=\"gans2018381\"\n               class=\"shutterset_5a0da7a1340930de18337e8275bb6594\">\n                <img\n                    title=\"Gans2018(381)\"\n                    alt=\"Gans2018(381)\"\n                    src=\"http:\/\/www.karate-neuhofen.at\/wp-content\/gallery\/trainingslager-gnas-2018\/thumbs\/thumbs_Gans2018381.JPG\"\n                    width=\"240\"\n                    height=\"160\"\n                    style=\"max-width:100%;\"\n                \/>\n            <\/a>\n        <\/div>\n\t\t\t\t\t\t\t<\/div> \n\t\t\t\n        \n\t\t\t\t<div id=\"ngg-image-281\" class=\"ngg-gallery-thumbnail-box\" >\n\t\t\t\t        <div class=\"ngg-gallery-thumbnail\">\n            <a href=\"http:\/\/www.karate-neuhofen.at\/wp-content\/gallery\/trainingslager-gnas-2018\/Gans2018382.JPG\"\n               title=\"\"\n               data-src=\"http:\/\/www.karate-neuhofen.at\/wp-content\/gallery\/trainingslager-gnas-2018\/Gans2018382.JPG\"\n               data-thumbnail=\"http:\/\/www.karate-neuhofen.at\/wp-content\/gallery\/trainingslager-gnas-2018\/thumbs\/thumbs_Gans2018382.JPG\"\n               data-image-id=\"19134\"\n               data-title=\"Gans2018(382)\"\n               data-description=\"\"\n               data-image-slug=\"gans2018382\"\n               class=\"shutterset_5a0da7a1340930de18337e8275bb6594\">\n                <img\n                    title=\"Gans2018(382)\"\n                    alt=\"Gans2018(382)\"\n                    src=\"http:\/\/www.karate-neuhofen.at\/wp-content\/gallery\/trainingslager-gnas-2018\/thumbs\/thumbs_Gans2018382.JPG\"\n                    width=\"240\"\n                    height=\"160\"\n                    style=\"max-width:100%;\"\n                \/>\n            <\/a>\n        <\/div>\n\t\t\t\t\t\t\t<\/div> \n\t\t\t\n        \n\t\t\t\t<div id=\"ngg-image-282\" class=\"ngg-gallery-thumbnail-box\" >\n\t\t\t\t        <div class=\"ngg-gallery-thumbnail\">\n            <a href=\"http:\/\/www.karate-neuhofen.at\/wp-content\/gallery\/trainingslager-gnas-2018\/Gans2018383.JPG\"\n               title=\"\"\n               data-src=\"http:\/\/www.karate-neuhofen.at\/wp-content\/gallery\/trainingslager-gnas-2018\/Gans2018383.JPG\"\n               data-thumbnail=\"http:\/\/www.karate-neuhofen.at\/wp-content\/gallery\/trainingslager-gnas-2018\/thumbs\/thumbs_Gans2018383.JPG\"\n               data-image-id=\"19135\"\n               data-title=\"Gans2018(383)\"\n               data-description=\"\"\n               data-image-slug=\"gans2018383\"\n               class=\"shutterset_5a0da7a1340930de18337e8275bb6594\">\n                <img\n                    title=\"Gans2018(383)\"\n                    alt=\"Gans2018(383)\"\n                    src=\"http:\/\/www.karate-neuhofen.at\/wp-content\/gallery\/trainingslager-gnas-2018\/thumbs\/thumbs_Gans2018383.JPG\"\n                    width=\"240\"\n                    height=\"160\"\n                    style=\"max-width:100%;\"\n                \/>\n            <\/a>\n        <\/div>\n\t\t\t\t\t\t\t<\/div> \n\t\t\t\n        \n\t\t\t\t<div id=\"ngg-image-283\" class=\"ngg-gallery-thumbnail-box\" >\n\t\t\t\t        <div class=\"ngg-gallery-thumbnail\">\n            <a href=\"http:\/\/www.karate-neuhofen.at\/wp-content\/gallery\/trainingslager-gnas-2018\/Gans2018384.JPG\"\n               title=\"\"\n               data-src=\"http:\/\/www.karate-neuhofen.at\/wp-content\/gallery\/trainingslager-gnas-2018\/Gans2018384.JPG\"\n               data-thumbnail=\"http:\/\/www.karate-neuhofen.at\/wp-content\/gallery\/trainingslager-gnas-2018\/thumbs\/thumbs_Gans2018384.JPG\"\n               data-image-id=\"19136\"\n               data-title=\"Gans2018(384)\"\n               data-description=\"\"\n               data-image-slug=\"gans2018384\"\n               class=\"shutterset_5a0da7a1340930de18337e8275bb6594\">\n                <img\n                    title=\"Gans2018(384)\"\n                    alt=\"Gans2018(384)\"\n                    src=\"http:\/\/www.karate-neuhofen.at\/wp-content\/gallery\/trainingslager-gnas-2018\/thumbs\/thumbs_Gans2018384.JPG\"\n                    width=\"240\"\n                    height=\"160\"\n                    style=\"max-width:100%;\"\n                \/>\n            <\/a>\n        <\/div>\n\t\t\t\t\t\t\t<\/div> \n\t\t\t\n        \n\t\t\t\t<div id=\"ngg-image-284\" class=\"ngg-gallery-thumbnail-box\" >\n\t\t\t\t        <div class=\"ngg-gallery-thumbnail\">\n            <a href=\"http:\/\/www.karate-neuhofen.at\/wp-content\/gallery\/trainingslager-gnas-2018\/Gans2018385.JPG\"\n               title=\"\"\n               data-src=\"http:\/\/www.karate-neuhofen.at\/wp-content\/gallery\/trainingslager-gnas-2018\/Gans2018385.JPG\"\n               data-thumbnail=\"http:\/\/www.karate-neuhofen.at\/wp-content\/gallery\/trainingslager-gnas-2018\/thumbs\/thumbs_Gans2018385.JPG\"\n               data-image-id=\"19137\"\n               data-title=\"Gans2018(385)\"\n               data-description=\"\"\n               data-image-slug=\"gans2018385\"\n               class=\"shutterset_5a0da7a1340930de18337e8275bb6594\">\n                <img\n                    title=\"Gans2018(385)\"\n                    alt=\"Gans2018(385)\"\n                    src=\"http:\/\/www.karate-neuhofen.at\/wp-content\/gallery\/trainingslager-gnas-2018\/thumbs\/thumbs_Gans2018385.JPG\"\n                    width=\"240\"\n                    height=\"160\"\n                    style=\"max-width:100%;\"\n                \/>\n            <\/a>\n        <\/div>\n\t\t\t\t\t\t\t<\/div> \n\t\t\t\n        \n\t\t\t\t<div id=\"ngg-image-285\" class=\"ngg-gallery-thumbnail-box\" >\n\t\t\t\t        <div class=\"ngg-gallery-thumbnail\">\n            <a href=\"http:\/\/www.karate-neuhofen.at\/wp-content\/gallery\/trainingslager-gnas-2018\/Gans2018386.JPG\"\n               title=\"\"\n               data-src=\"http:\/\/www.karate-neuhofen.at\/wp-content\/gallery\/trainingslager-gnas-2018\/Gans2018386.JPG\"\n               data-thumbnail=\"http:\/\/www.karate-neuhofen.at\/wp-content\/gallery\/trainingslager-gnas-2018\/thumbs\/thumbs_Gans2018386.JPG\"\n               data-image-id=\"19138\"\n               data-title=\"Gans2018(386)\"\n               data-description=\"\"\n               data-image-slug=\"gans2018386\"\n               class=\"shutterset_5a0da7a1340930de18337e8275bb6594\">\n                <img\n                    title=\"Gans2018(386)\"\n                    alt=\"Gans2018(386)\"\n                    src=\"http:\/\/www.karate-neuhofen.at\/wp-content\/gallery\/trainingslager-gnas-2018\/thumbs\/thumbs_Gans2018386.JPG\"\n                    width=\"240\"\n                    height=\"160\"\n                    style=\"max-width:100%;\"\n                \/>\n            <\/a>\n        <\/div>\n\t\t\t\t\t\t\t<\/div> \n\t\t\t\n        \n\t\t\t\t<div id=\"ngg-image-286\" class=\"ngg-gallery-thumbnail-box\" >\n\t\t\t\t        <div class=\"ngg-gallery-thumbnail\">\n            <a href=\"http:\/\/www.karate-neuhofen.at\/wp-content\/gallery\/trainingslager-gnas-2018\/Gans2018387.JPG\"\n               title=\"\"\n               data-src=\"http:\/\/www.karate-neuhofen.at\/wp-content\/gallery\/trainingslager-gnas-2018\/Gans2018387.JPG\"\n               data-thumbnail=\"http:\/\/www.karate-neuhofen.at\/wp-content\/gallery\/trainingslager-gnas-2018\/thumbs\/thumbs_Gans2018387.JPG\"\n               data-image-id=\"19139\"\n               data-title=\"Gans2018(387)\"\n               data-description=\"\"\n               data-image-slug=\"gans2018387\"\n               class=\"shutterset_5a0da7a1340930de18337e8275bb6594\">\n                <img\n                    title=\"Gans2018(387)\"\n                    alt=\"Gans2018(387)\"\n                    src=\"http:\/\/www.karate-neuhofen.at\/wp-content\/gallery\/trainingslager-gnas-2018\/thumbs\/thumbs_Gans2018387.JPG\"\n                    width=\"240\"\n                    height=\"160\"\n                    style=\"max-width:100%;\"\n                \/>\n            <\/a>\n        <\/div>\n\t\t\t\t\t\t\t<\/div> \n\t\t\t\n        \n\t\t\t\t<div id=\"ngg-image-287\" class=\"ngg-gallery-thumbnail-box\" >\n\t\t\t\t        <div class=\"ngg-gallery-thumbnail\">\n            <a href=\"http:\/\/www.karate-neuhofen.at\/wp-content\/gallery\/trainingslager-gnas-2018\/Gans2018388.JPG\"\n               title=\"\"\n               data-src=\"http:\/\/www.karate-neuhofen.at\/wp-content\/gallery\/trainingslager-gnas-2018\/Gans2018388.JPG\"\n               data-thumbnail=\"http:\/\/www.karate-neuhofen.at\/wp-content\/gallery\/trainingslager-gnas-2018\/thumbs\/thumbs_Gans2018388.JPG\"\n               data-image-id=\"19140\"\n               data-title=\"Gans2018(388)\"\n               data-description=\"\"\n               data-image-slug=\"gans2018388\"\n               class=\"shutterset_5a0da7a1340930de18337e8275bb6594\">\n                <img\n                    title=\"Gans2018(388)\"\n                    alt=\"Gans2018(388)\"\n                    src=\"http:\/\/www.karate-neuhofen.at\/wp-content\/gallery\/trainingslager-gnas-2018\/thumbs\/thumbs_Gans2018388.JPG\"\n                    width=\"240\"\n                    height=\"160\"\n                    style=\"max-width:100%;\"\n                \/>\n            <\/a>\n        <\/div>\n\t\t\t\t\t\t\t<\/div> \n\t\t\t\n        \n\t\t\t\t<div id=\"ngg-image-288\" class=\"ngg-gallery-thumbnail-box\" >\n\t\t\t\t        <div class=\"ngg-gallery-thumbnail\">\n            <a href=\"http:\/\/www.karate-neuhofen.at\/wp-content\/gallery\/trainingslager-gnas-2018\/Gans2018389.JPG\"\n               title=\"\"\n               data-src=\"http:\/\/www.karate-neuhofen.at\/wp-content\/gallery\/trainingslager-gnas-2018\/Gans2018389.JPG\"\n               data-thumbnail=\"http:\/\/www.karate-neuhofen.at\/wp-content\/gallery\/trainingslager-gnas-2018\/thumbs\/thumbs_Gans2018389.JPG\"\n               data-image-id=\"19141\"\n               data-title=\"Gans2018(389)\"\n               data-description=\"\"\n               data-image-slug=\"gans2018389\"\n               class=\"shutterset_5a0da7a1340930de18337e8275bb6594\">\n                <img\n                    title=\"Gans2018(389)\"\n                    alt=\"Gans2018(389)\"\n                    src=\"http:\/\/www.karate-neuhofen.at\/wp-content\/gallery\/trainingslager-gnas-2018\/thumbs\/thumbs_Gans2018389.JPG\"\n                    width=\"240\"\n                    height=\"160\"\n                    style=\"max-width:100%;\"\n                \/>\n            <\/a>\n        <\/div>\n\t\t\t\t\t\t\t<\/div> \n\t\t\t\n        \n\t\t\t\t<div id=\"ngg-image-289\" class=\"ngg-gallery-thumbnail-box\" >\n\t\t\t\t        <div class=\"ngg-gallery-thumbnail\">\n            <a href=\"http:\/\/www.karate-neuhofen.at\/wp-content\/gallery\/trainingslager-gnas-2018\/Gans2018390.JPG\"\n               title=\"\"\n               data-src=\"http:\/\/www.karate-neuhofen.at\/wp-content\/gallery\/trainingslager-gnas-2018\/Gans2018390.JPG\"\n               data-thumbnail=\"http:\/\/www.karate-neuhofen.at\/wp-content\/gallery\/trainingslager-gnas-2018\/thumbs\/thumbs_Gans2018390.JPG\"\n               data-image-id=\"19142\"\n               data-title=\"Gans2018(390)\"\n               data-description=\"\"\n               data-image-slug=\"gans2018390\"\n               class=\"shutterset_5a0da7a1340930de18337e8275bb6594\">\n                <img\n                    title=\"Gans2018(390)\"\n                    alt=\"Gans2018(390)\"\n                    src=\"http:\/\/www.karate-neuhofen.at\/wp-content\/gallery\/trainingslager-gnas-2018\/thumbs\/thumbs_Gans2018390.JPG\"\n                    width=\"240\"\n                    height=\"160\"\n                    style=\"max-width:100%;\"\n                \/>\n            <\/a>\n        <\/div>\n\t\t\t\t\t\t\t<\/div> \n\t\t\t\n        \n\t\t\t\t<div id=\"ngg-image-290\" class=\"ngg-gallery-thumbnail-box\" >\n\t\t\t\t        <div class=\"ngg-gallery-thumbnail\">\n            <a href=\"http:\/\/www.karate-neuhofen.at\/wp-content\/gallery\/trainingslager-gnas-2018\/Gans2018391.JPG\"\n               title=\"\"\n               data-src=\"http:\/\/www.karate-neuhofen.at\/wp-content\/gallery\/trainingslager-gnas-2018\/Gans2018391.JPG\"\n               data-thumbnail=\"http:\/\/www.karate-neuhofen.at\/wp-content\/gallery\/trainingslager-gnas-2018\/thumbs\/thumbs_Gans2018391.JPG\"\n               data-image-id=\"19143\"\n               data-title=\"Gans2018(391)\"\n               data-description=\"\"\n               data-image-slug=\"gans2018391\"\n               class=\"shutterset_5a0da7a1340930de18337e8275bb6594\">\n                <img\n                    title=\"Gans2018(391)\"\n                    alt=\"Gans2018(391)\"\n                    src=\"http:\/\/www.karate-neuhofen.at\/wp-content\/gallery\/trainingslager-gnas-2018\/thumbs\/thumbs_Gans2018391.JPG\"\n                    width=\"240\"\n                    height=\"160\"\n                    style=\"max-width:100%;\"\n                \/>\n            <\/a>\n        <\/div>\n\t\t\t\t\t\t\t<\/div> \n\t\t\t\n        \n\t\t\t\t<div id=\"ngg-image-291\" class=\"ngg-gallery-thumbnail-box\" >\n\t\t\t\t        <div class=\"ngg-gallery-thumbnail\">\n            <a href=\"http:\/\/www.karate-neuhofen.at\/wp-content\/gallery\/trainingslager-gnas-2018\/Gans2018392.JPG\"\n               title=\"\"\n               data-src=\"http:\/\/www.karate-neuhofen.at\/wp-content\/gallery\/trainingslager-gnas-2018\/Gans2018392.JPG\"\n               data-thumbnail=\"http:\/\/www.karate-neuhofen.at\/wp-content\/gallery\/trainingslager-gnas-2018\/thumbs\/thumbs_Gans2018392.JPG\"\n               data-image-id=\"19144\"\n               data-title=\"Gans2018(392)\"\n               data-description=\"\"\n               data-image-slug=\"gans2018392\"\n               class=\"shutterset_5a0da7a1340930de18337e8275bb6594\">\n                <img\n                    title=\"Gans2018(392)\"\n                    alt=\"Gans2018(392)\"\n                    src=\"http:\/\/www.karate-neuhofen.at\/wp-content\/gallery\/trainingslager-gnas-2018\/thumbs\/thumbs_Gans2018392.JPG\"\n                    width=\"240\"\n                    height=\"160\"\n                    style=\"max-width:100%;\"\n                \/>\n            <\/a>\n        <\/div>\n\t\t\t\t\t\t\t<\/div> \n\t\t\t\n        \n\t\t\t\t<div id=\"ngg-image-292\" class=\"ngg-gallery-thumbnail-box\" >\n\t\t\t\t        <div class=\"ngg-gallery-thumbnail\">\n            <a href=\"http:\/\/www.karate-neuhofen.at\/wp-content\/gallery\/trainingslager-gnas-2018\/Gans2018393.JPG\"\n               title=\"\"\n               data-src=\"http:\/\/www.karate-neuhofen.at\/wp-content\/gallery\/trainingslager-gnas-2018\/Gans2018393.JPG\"\n               data-thumbnail=\"http:\/\/www.karate-neuhofen.at\/wp-content\/gallery\/trainingslager-gnas-2018\/thumbs\/thumbs_Gans2018393.JPG\"\n               data-image-id=\"19145\"\n               data-title=\"Gans2018(393)\"\n               data-description=\"\"\n               data-image-slug=\"gans2018393\"\n               class=\"shutterset_5a0da7a1340930de18337e8275bb6594\">\n                <img\n                    title=\"Gans2018(393)\"\n                    alt=\"Gans2018(393)\"\n                    src=\"http:\/\/www.karate-neuhofen.at\/wp-content\/gallery\/trainingslager-gnas-2018\/thumbs\/thumbs_Gans2018393.JPG\"\n                    width=\"240\"\n                    height=\"160\"\n                    style=\"max-width:100%;\"\n                \/>\n            <\/a>\n        <\/div>\n\t\t\t\t\t\t\t<\/div> \n\t\t\t\n        \n\t\t\t\t<div id=\"ngg-image-293\" class=\"ngg-gallery-thumbnail-box\" >\n\t\t\t\t        <div class=\"ngg-gallery-thumbnail\">\n            <a href=\"http:\/\/www.karate-neuhofen.at\/wp-content\/gallery\/trainingslager-gnas-2018\/Gans2018394.JPG\"\n               title=\"\"\n               data-src=\"http:\/\/www.karate-neuhofen.at\/wp-content\/gallery\/trainingslager-gnas-2018\/Gans2018394.JPG\"\n               data-thumbnail=\"http:\/\/www.karate-neuhofen.at\/wp-content\/gallery\/trainingslager-gnas-2018\/thumbs\/thumbs_Gans2018394.JPG\"\n               data-image-id=\"19146\"\n               data-title=\"Gans2018(394)\"\n               data-description=\"\"\n               data-image-slug=\"gans2018394\"\n               class=\"shutterset_5a0da7a1340930de18337e8275bb6594\">\n                <img\n                    title=\"Gans2018(394)\"\n                    alt=\"Gans2018(394)\"\n                    src=\"http:\/\/www.karate-neuhofen.at\/wp-content\/gallery\/trainingslager-gnas-2018\/thumbs\/thumbs_Gans2018394.JPG\"\n                    width=\"240\"\n                    height=\"160\"\n                    style=\"max-width:100%;\"\n                \/>\n            <\/a>\n        <\/div>\n\t\t\t\t\t\t\t<\/div> \n\t\t\t\n        \n\t\t\t\t<div id=\"ngg-image-294\" class=\"ngg-gallery-thumbnail-box\" >\n\t\t\t\t        <div class=\"ngg-gallery-thumbnail\">\n            <a href=\"http:\/\/www.karate-neuhofen.at\/wp-content\/gallery\/trainingslager-gnas-2018\/Gans2018395.JPG\"\n               title=\"\"\n               data-src=\"http:\/\/www.karate-neuhofen.at\/wp-content\/gallery\/trainingslager-gnas-2018\/Gans2018395.JPG\"\n               data-thumbnail=\"http:\/\/www.karate-neuhofen.at\/wp-content\/gallery\/trainingslager-gnas-2018\/thumbs\/thumbs_Gans2018395.JPG\"\n               data-image-id=\"19147\"\n               data-title=\"Gans2018(395)\"\n               data-description=\"\"\n               data-image-slug=\"gans2018395\"\n               class=\"shutterset_5a0da7a1340930de18337e8275bb6594\">\n                <img\n                    title=\"Gans2018(395)\"\n                    alt=\"Gans2018(395)\"\n                    src=\"http:\/\/www.karate-neuhofen.at\/wp-content\/gallery\/trainingslager-gnas-2018\/thumbs\/thumbs_Gans2018395.JPG\"\n                    width=\"240\"\n                    height=\"160\"\n                    style=\"max-width:100%;\"\n                \/>\n            <\/a>\n        <\/div>\n\t\t\t\t\t\t\t<\/div> \n\t\t\t\n        \n\t\t\t\t<div id=\"ngg-image-295\" class=\"ngg-gallery-thumbnail-box\" >\n\t\t\t\t        <div class=\"ngg-gallery-thumbnail\">\n            <a href=\"http:\/\/www.karate-neuhofen.at\/wp-content\/gallery\/trainingslager-gnas-2018\/Gans2018396.JPG\"\n               title=\"\"\n               data-src=\"http:\/\/www.karate-neuhofen.at\/wp-content\/gallery\/trainingslager-gnas-2018\/Gans2018396.JPG\"\n               data-thumbnail=\"http:\/\/www.karate-neuhofen.at\/wp-content\/gallery\/trainingslager-gnas-2018\/thumbs\/thumbs_Gans2018396.JPG\"\n               data-image-id=\"19148\"\n               data-title=\"Gans2018(396)\"\n               data-description=\"\"\n               data-image-slug=\"gans2018396\"\n               class=\"shutterset_5a0da7a1340930de18337e8275bb6594\">\n                <img\n                    title=\"Gans2018(396)\"\n                    alt=\"Gans2018(396)\"\n                    src=\"http:\/\/www.karate-neuhofen.at\/wp-content\/gallery\/trainingslager-gnas-2018\/thumbs\/thumbs_Gans2018396.JPG\"\n                    width=\"240\"\n                    height=\"160\"\n                    style=\"max-width:100%;\"\n                \/>\n            <\/a>\n        <\/div>\n\t\t\t\t\t\t\t<\/div> \n\t\t\t\n        \n\t\t\t\t<div id=\"ngg-image-296\" class=\"ngg-gallery-thumbnail-box\" >\n\t\t\t\t        <div class=\"ngg-gallery-thumbnail\">\n            <a href=\"http:\/\/www.karate-neuhofen.at\/wp-content\/gallery\/trainingslager-gnas-2018\/Gans2018397.JPG\"\n               title=\"\"\n               data-src=\"http:\/\/www.karate-neuhofen.at\/wp-content\/gallery\/trainingslager-gnas-2018\/Gans2018397.JPG\"\n               data-thumbnail=\"http:\/\/www.karate-neuhofen.at\/wp-content\/gallery\/trainingslager-gnas-2018\/thumbs\/thumbs_Gans2018397.JPG\"\n               data-image-id=\"19149\"\n               data-title=\"Gans2018(397)\"\n               data-description=\"\"\n               data-image-slug=\"gans2018397\"\n               class=\"shutterset_5a0da7a1340930de18337e8275bb6594\">\n                <img\n                    title=\"Gans2018(397)\"\n                    alt=\"Gans2018(397)\"\n                    src=\"http:\/\/www.karate-neuhofen.at\/wp-content\/gallery\/trainingslager-gnas-2018\/thumbs\/thumbs_Gans2018397.JPG\"\n                    width=\"240\"\n                    height=\"160\"\n                    style=\"max-width:100%;\"\n                \/>\n            <\/a>\n        <\/div>\n\t\t\t\t\t\t\t<\/div> \n\t\t\t\n        \n\t\t\t\t<div id=\"ngg-image-297\" class=\"ngg-gallery-thumbnail-box\" >\n\t\t\t\t        <div class=\"ngg-gallery-thumbnail\">\n            <a href=\"http:\/\/www.karate-neuhofen.at\/wp-content\/gallery\/trainingslager-gnas-2018\/Gans2018398.JPG\"\n               title=\"\"\n               data-src=\"http:\/\/www.karate-neuhofen.at\/wp-content\/gallery\/trainingslager-gnas-2018\/Gans2018398.JPG\"\n               data-thumbnail=\"http:\/\/www.karate-neuhofen.at\/wp-content\/gallery\/trainingslager-gnas-2018\/thumbs\/thumbs_Gans2018398.JPG\"\n               data-image-id=\"19150\"\n               data-title=\"Gans2018(398)\"\n               data-description=\"\"\n               data-image-slug=\"gans2018398\"\n               class=\"shutterset_5a0da7a1340930de18337e8275bb6594\">\n                <img\n                    title=\"Gans2018(398)\"\n                    alt=\"Gans2018(398)\"\n                    src=\"http:\/\/www.karate-neuhofen.at\/wp-content\/gallery\/trainingslager-gnas-2018\/thumbs\/thumbs_Gans2018398.JPG\"\n                    width=\"240\"\n                    height=\"160\"\n                    style=\"max-width:100%;\"\n                \/>\n            <\/a>\n        <\/div>\n\t\t\t\t\t\t\t<\/div> \n\t\t\t\n        \n\t\t\t\t<div id=\"ngg-image-298\" class=\"ngg-gallery-thumbnail-box\" >\n\t\t\t\t        <div class=\"ngg-gallery-thumbnail\">\n            <a href=\"http:\/\/www.karate-neuhofen.at\/wp-content\/gallery\/trainingslager-gnas-2018\/Gans2018399.JPG\"\n               title=\"\"\n               data-src=\"http:\/\/www.karate-neuhofen.at\/wp-content\/gallery\/trainingslager-gnas-2018\/Gans2018399.JPG\"\n               data-thumbnail=\"http:\/\/www.karate-neuhofen.at\/wp-content\/gallery\/trainingslager-gnas-2018\/thumbs\/thumbs_Gans2018399.JPG\"\n               data-image-id=\"19151\"\n               data-title=\"Gans2018(399)\"\n               data-description=\"\"\n               data-image-slug=\"gans2018399\"\n               class=\"shutterset_5a0da7a1340930de18337e8275bb6594\">\n                <img\n                    title=\"Gans2018(399)\"\n                    alt=\"Gans2018(399)\"\n                    src=\"http:\/\/www.karate-neuhofen.at\/wp-content\/gallery\/trainingslager-gnas-2018\/thumbs\/thumbs_Gans2018399.JPG\"\n                    width=\"240\"\n                    height=\"160\"\n                    style=\"max-width:100%;\"\n                \/>\n            <\/a>\n        <\/div>\n\t\t\t\t\t\t\t<\/div> \n\t\t\t\n        \n\t\t\t\t<div id=\"ngg-image-299\" class=\"ngg-gallery-thumbnail-box\" >\n\t\t\t\t        <div class=\"ngg-gallery-thumbnail\">\n            <a href=\"http:\/\/www.karate-neuhofen.at\/wp-content\/gallery\/trainingslager-gnas-2018\/Gans2018400.JPG\"\n               title=\"\"\n               data-src=\"http:\/\/www.karate-neuhofen.at\/wp-content\/gallery\/trainingslager-gnas-2018\/Gans2018400.JPG\"\n               data-thumbnail=\"http:\/\/www.karate-neuhofen.at\/wp-content\/gallery\/trainingslager-gnas-2018\/thumbs\/thumbs_Gans2018400.JPG\"\n               data-image-id=\"19152\"\n               data-title=\"Gans2018(400)\"\n               data-description=\"\"\n               data-image-slug=\"gans2018400\"\n               class=\"shutterset_5a0da7a1340930de18337e8275bb6594\">\n                <img\n                    title=\"Gans2018(400)\"\n                    alt=\"Gans2018(400)\"\n                    src=\"http:\/\/www.karate-neuhofen.at\/wp-content\/gallery\/trainingslager-gnas-2018\/thumbs\/thumbs_Gans2018400.JPG\"\n                    width=\"240\"\n                    height=\"160\"\n                    style=\"max-width:100%;\"\n                \/>\n            <\/a>\n        <\/div>\n\t\t\t\t\t\t\t<\/div> \n\t\t\t\n        \n\t\t\t\t<div id=\"ngg-image-300\" class=\"ngg-gallery-thumbnail-box\" >\n\t\t\t\t        <div class=\"ngg-gallery-thumbnail\">\n            <a href=\"http:\/\/www.karate-neuhofen.at\/wp-content\/gallery\/trainingslager-gnas-2018\/Gans2018401.JPG\"\n               title=\"\"\n               data-src=\"http:\/\/www.karate-neuhofen.at\/wp-content\/gallery\/trainingslager-gnas-2018\/Gans2018401.JPG\"\n               data-thumbnail=\"http:\/\/www.karate-neuhofen.at\/wp-content\/gallery\/trainingslager-gnas-2018\/thumbs\/thumbs_Gans2018401.JPG\"\n               data-image-id=\"19153\"\n               data-title=\"Gans2018(401)\"\n               data-description=\"\"\n               data-image-slug=\"gans2018401\"\n               class=\"shutterset_5a0da7a1340930de18337e8275bb6594\">\n                <img\n                    title=\"Gans2018(401)\"\n                    alt=\"Gans2018(401)\"\n                    src=\"http:\/\/www.karate-neuhofen.at\/wp-content\/gallery\/trainingslager-gnas-2018\/thumbs\/thumbs_Gans2018401.JPG\"\n                    width=\"240\"\n                    height=\"160\"\n                    style=\"max-width:100%;\"\n                \/>\n            <\/a>\n        <\/div>\n\t\t\t\t\t\t\t<\/div> \n\t\t\t\n        \n\t\t\t\t<div id=\"ngg-image-301\" class=\"ngg-gallery-thumbnail-box\" >\n\t\t\t\t        <div class=\"ngg-gallery-thumbnail\">\n            <a href=\"http:\/\/www.karate-neuhofen.at\/wp-content\/gallery\/trainingslager-gnas-2018\/Gans2018402.jpg\"\n               title=\"\"\n               data-src=\"http:\/\/www.karate-neuhofen.at\/wp-content\/gallery\/trainingslager-gnas-2018\/Gans2018402.jpg\"\n               data-thumbnail=\"http:\/\/www.karate-neuhofen.at\/wp-content\/gallery\/trainingslager-gnas-2018\/thumbs\/thumbs_Gans2018402.jpg\"\n               data-image-id=\"19154\"\n               data-title=\"Gans2018(402)\"\n               data-description=\"\"\n               data-image-slug=\"gans2018402\"\n               class=\"shutterset_5a0da7a1340930de18337e8275bb6594\">\n                <img\n                    title=\"Gans2018(402)\"\n                    alt=\"Gans2018(402)\"\n                    src=\"http:\/\/www.karate-neuhofen.at\/wp-content\/gallery\/trainingslager-gnas-2018\/thumbs\/thumbs_Gans2018402.jpg\"\n                    width=\"240\"\n                    height=\"160\"\n                    style=\"max-width:100%;\"\n                \/>\n            <\/a>\n        <\/div>\n\t\t\t\t\t\t\t<\/div> \n\t\t\t\n        \n\t\t\t\t<div id=\"ngg-image-302\" class=\"ngg-gallery-thumbnail-box\" >\n\t\t\t\t        <div class=\"ngg-gallery-thumbnail\">\n            <a href=\"http:\/\/www.karate-neuhofen.at\/wp-content\/gallery\/trainingslager-gnas-2018\/Gans2018403.jpg\"\n               title=\"\"\n               data-src=\"http:\/\/www.karate-neuhofen.at\/wp-content\/gallery\/trainingslager-gnas-2018\/Gans2018403.jpg\"\n               data-thumbnail=\"http:\/\/www.karate-neuhofen.at\/wp-content\/gallery\/trainingslager-gnas-2018\/thumbs\/thumbs_Gans2018403.jpg\"\n               data-image-id=\"19155\"\n               data-title=\"Gans2018(403)\"\n               data-description=\"\"\n               data-image-slug=\"gans2018403\"\n               class=\"shutterset_5a0da7a1340930de18337e8275bb6594\">\n                <img\n                    title=\"Gans2018(403)\"\n                    alt=\"Gans2018(403)\"\n                    src=\"http:\/\/www.karate-neuhofen.at\/wp-content\/gallery\/trainingslager-gnas-2018\/thumbs\/thumbs_Gans2018403.jpg\"\n                    width=\"240\"\n                    height=\"160\"\n                    style=\"max-width:100%;\"\n                \/>\n            <\/a>\n        <\/div>\n\t\t\t\t\t\t\t<\/div> \n\t\t\t\n        \n\t\t\t\t<div id=\"ngg-image-303\" class=\"ngg-gallery-thumbnail-box\" >\n\t\t\t\t        <div class=\"ngg-gallery-thumbnail\">\n            <a href=\"http:\/\/www.karate-neuhofen.at\/wp-content\/gallery\/trainingslager-gnas-2018\/Gans2018404.JPG\"\n               title=\"\"\n               data-src=\"http:\/\/www.karate-neuhofen.at\/wp-content\/gallery\/trainingslager-gnas-2018\/Gans2018404.JPG\"\n               data-thumbnail=\"http:\/\/www.karate-neuhofen.at\/wp-content\/gallery\/trainingslager-gnas-2018\/thumbs\/thumbs_Gans2018404.JPG\"\n               data-image-id=\"19156\"\n               data-title=\"Gans2018(404)\"\n               data-description=\"\"\n               data-image-slug=\"gans2018404\"\n               class=\"shutterset_5a0da7a1340930de18337e8275bb6594\">\n                <img\n                    title=\"Gans2018(404)\"\n                    alt=\"Gans2018(404)\"\n                    src=\"http:\/\/www.karate-neuhofen.at\/wp-content\/gallery\/trainingslager-gnas-2018\/thumbs\/thumbs_Gans2018404.JPG\"\n                    width=\"240\"\n                    height=\"160\"\n                    style=\"max-width:100%;\"\n                \/>\n            <\/a>\n        <\/div>\n\t\t\t\t\t\t\t<\/div> \n\t\t\t\n        \n\t\t\t\t<div id=\"ngg-image-304\" class=\"ngg-gallery-thumbnail-box\" >\n\t\t\t\t        <div class=\"ngg-gallery-thumbnail\">\n            <a href=\"http:\/\/www.karate-neuhofen.at\/wp-content\/gallery\/trainingslager-gnas-2018\/Gans2018405.JPG\"\n               title=\"\"\n               data-src=\"http:\/\/www.karate-neuhofen.at\/wp-content\/gallery\/trainingslager-gnas-2018\/Gans2018405.JPG\"\n               data-thumbnail=\"http:\/\/www.karate-neuhofen.at\/wp-content\/gallery\/trainingslager-gnas-2018\/thumbs\/thumbs_Gans2018405.JPG\"\n               data-image-id=\"19157\"\n               data-title=\"Gans2018(405)\"\n               data-description=\"\"\n               data-image-slug=\"gans2018405\"\n               class=\"shutterset_5a0da7a1340930de18337e8275bb6594\">\n                <img\n                    title=\"Gans2018(405)\"\n                    alt=\"Gans2018(405)\"\n                    src=\"http:\/\/www.karate-neuhofen.at\/wp-content\/gallery\/trainingslager-gnas-2018\/thumbs\/thumbs_Gans2018405.JPG\"\n                    width=\"240\"\n                    height=\"160\"\n                    style=\"max-width:100%;\"\n                \/>\n            <\/a>\n        <\/div>\n\t\t\t\t\t\t\t<\/div> \n\t\t\t\n        \n\t\t\t\t<div id=\"ngg-image-305\" class=\"ngg-gallery-thumbnail-box\" >\n\t\t\t\t        <div class=\"ngg-gallery-thumbnail\">\n            <a href=\"http:\/\/www.karate-neuhofen.at\/wp-content\/gallery\/trainingslager-gnas-2018\/Gans2018406.JPG\"\n               title=\"\"\n               data-src=\"http:\/\/www.karate-neuhofen.at\/wp-content\/gallery\/trainingslager-gnas-2018\/Gans2018406.JPG\"\n               data-thumbnail=\"http:\/\/www.karate-neuhofen.at\/wp-content\/gallery\/trainingslager-gnas-2018\/thumbs\/thumbs_Gans2018406.JPG\"\n               data-image-id=\"19158\"\n               data-title=\"Gans2018(406)\"\n               data-description=\"\"\n               data-image-slug=\"gans2018406\"\n               class=\"shutterset_5a0da7a1340930de18337e8275bb6594\">\n                <img\n                    title=\"Gans2018(406)\"\n                    alt=\"Gans2018(406)\"\n                    src=\"http:\/\/www.karate-neuhofen.at\/wp-content\/gallery\/trainingslager-gnas-2018\/thumbs\/thumbs_Gans2018406.JPG\"\n                    width=\"240\"\n                    height=\"160\"\n                    style=\"max-width:100%;\"\n                \/>\n            <\/a>\n        <\/div>\n\t\t\t\t\t\t\t<\/div> \n\t\t\t\n        \n\t\t\t\t<div id=\"ngg-image-306\" class=\"ngg-gallery-thumbnail-box\" >\n\t\t\t\t        <div class=\"ngg-gallery-thumbnail\">\n            <a href=\"http:\/\/www.karate-neuhofen.at\/wp-content\/gallery\/trainingslager-gnas-2018\/Gans2018407.JPG\"\n               title=\"\"\n               data-src=\"http:\/\/www.karate-neuhofen.at\/wp-content\/gallery\/trainingslager-gnas-2018\/Gans2018407.JPG\"\n               data-thumbnail=\"http:\/\/www.karate-neuhofen.at\/wp-content\/gallery\/trainingslager-gnas-2018\/thumbs\/thumbs_Gans2018407.JPG\"\n               data-image-id=\"19159\"\n               data-title=\"Gans2018(407)\"\n               data-description=\"\"\n               data-image-slug=\"gans2018407\"\n               class=\"shutterset_5a0da7a1340930de18337e8275bb6594\">\n                <img\n                    title=\"Gans2018(407)\"\n                    alt=\"Gans2018(407)\"\n                    src=\"http:\/\/www.karate-neuhofen.at\/wp-content\/gallery\/trainingslager-gnas-2018\/thumbs\/thumbs_Gans2018407.JPG\"\n                    width=\"240\"\n                    height=\"160\"\n                    style=\"max-width:100%;\"\n                \/>\n            <\/a>\n        <\/div>\n\t\t\t\t\t\t\t<\/div> \n\t\t\t\n        \n\t\t\t\t<div id=\"ngg-image-307\" class=\"ngg-gallery-thumbnail-box\" >\n\t\t\t\t        <div class=\"ngg-gallery-thumbnail\">\n            <a href=\"http:\/\/www.karate-neuhofen.at\/wp-content\/gallery\/trainingslager-gnas-2018\/Gans2018408.JPG\"\n               title=\"\"\n               data-src=\"http:\/\/www.karate-neuhofen.at\/wp-content\/gallery\/trainingslager-gnas-2018\/Gans2018408.JPG\"\n               data-thumbnail=\"http:\/\/www.karate-neuhofen.at\/wp-content\/gallery\/trainingslager-gnas-2018\/thumbs\/thumbs_Gans2018408.JPG\"\n               data-image-id=\"19160\"\n               data-title=\"Gans2018(408)\"\n               data-description=\"\"\n               data-image-slug=\"gans2018408\"\n               class=\"shutterset_5a0da7a1340930de18337e8275bb6594\">\n                <img\n                    title=\"Gans2018(408)\"\n                    alt=\"Gans2018(408)\"\n                    src=\"http:\/\/www.karate-neuhofen.at\/wp-content\/gallery\/trainingslager-gnas-2018\/thumbs\/thumbs_Gans2018408.JPG\"\n                    width=\"240\"\n                    height=\"160\"\n                    style=\"max-width:100%;\"\n                \/>\n            <\/a>\n        <\/div>\n\t\t\t\t\t\t\t<\/div> \n\t\t\t\n        \n\t\t\t\t<div id=\"ngg-image-308\" class=\"ngg-gallery-thumbnail-box\" >\n\t\t\t\t        <div class=\"ngg-gallery-thumbnail\">\n            <a href=\"http:\/\/www.karate-neuhofen.at\/wp-content\/gallery\/trainingslager-gnas-2018\/Gans2018409.JPG\"\n               title=\"\"\n               data-src=\"http:\/\/www.karate-neuhofen.at\/wp-content\/gallery\/trainingslager-gnas-2018\/Gans2018409.JPG\"\n               data-thumbnail=\"http:\/\/www.karate-neuhofen.at\/wp-content\/gallery\/trainingslager-gnas-2018\/thumbs\/thumbs_Gans2018409.JPG\"\n               data-image-id=\"19161\"\n               data-title=\"Gans2018(409)\"\n               data-description=\"\"\n               data-image-slug=\"gans2018409\"\n               class=\"shutterset_5a0da7a1340930de18337e8275bb6594\">\n                <img\n                    title=\"Gans2018(409)\"\n                    alt=\"Gans2018(409)\"\n                    src=\"http:\/\/www.karate-neuhofen.at\/wp-content\/gallery\/trainingslager-gnas-2018\/thumbs\/thumbs_Gans2018409.JPG\"\n                    width=\"240\"\n                    height=\"160\"\n                    style=\"max-width:100%;\"\n                \/>\n            <\/a>\n        <\/div>\n\t\t\t\t\t\t\t<\/div> \n\t\t\t\n        \n\t\t\t\t<div id=\"ngg-image-309\" class=\"ngg-gallery-thumbnail-box\" >\n\t\t\t\t        <div class=\"ngg-gallery-thumbnail\">\n            <a href=\"http:\/\/www.karate-neuhofen.at\/wp-content\/gallery\/trainingslager-gnas-2018\/Gans2018410.JPG\"\n               title=\"\"\n               data-src=\"http:\/\/www.karate-neuhofen.at\/wp-content\/gallery\/trainingslager-gnas-2018\/Gans2018410.JPG\"\n               data-thumbnail=\"http:\/\/www.karate-neuhofen.at\/wp-content\/gallery\/trainingslager-gnas-2018\/thumbs\/thumbs_Gans2018410.JPG\"\n               data-image-id=\"19162\"\n               data-title=\"Gans2018(410)\"\n               data-description=\"\"\n               data-image-slug=\"gans2018410\"\n               class=\"shutterset_5a0da7a1340930de18337e8275bb6594\">\n                <img\n                    title=\"Gans2018(410)\"\n                    alt=\"Gans2018(410)\"\n                    src=\"http:\/\/www.karate-neuhofen.at\/wp-content\/gallery\/trainingslager-gnas-2018\/thumbs\/thumbs_Gans2018410.JPG\"\n                    width=\"240\"\n                    height=\"160\"\n                    style=\"max-width:100%;\"\n                \/>\n            <\/a>\n        <\/div>\n\t\t\t\t\t\t\t<\/div> \n\t\t\t\n        \n\t\t\t\t<div id=\"ngg-image-310\" class=\"ngg-gallery-thumbnail-box\" >\n\t\t\t\t        <div class=\"ngg-gallery-thumbnail\">\n            <a href=\"http:\/\/www.karate-neuhofen.at\/wp-content\/gallery\/trainingslager-gnas-2018\/Gans2018411.JPG\"\n               title=\"\"\n               data-src=\"http:\/\/www.karate-neuhofen.at\/wp-content\/gallery\/trainingslager-gnas-2018\/Gans2018411.JPG\"\n               data-thumbnail=\"http:\/\/www.karate-neuhofen.at\/wp-content\/gallery\/trainingslager-gnas-2018\/thumbs\/thumbs_Gans2018411.JPG\"\n               data-image-id=\"19163\"\n               data-title=\"Gans2018(411)\"\n               data-description=\"\"\n               data-image-slug=\"gans2018411\"\n               class=\"shutterset_5a0da7a1340930de18337e8275bb6594\">\n                <img\n                    title=\"Gans2018(411)\"\n                    alt=\"Gans2018(411)\"\n                    src=\"http:\/\/www.karate-neuhofen.at\/wp-content\/gallery\/trainingslager-gnas-2018\/thumbs\/thumbs_Gans2018411.JPG\"\n                    width=\"240\"\n                    height=\"160\"\n                    style=\"max-width:100%;\"\n                \/>\n            <\/a>\n        <\/div>\n\t\t\t\t\t\t\t<\/div> \n\t\t\t\n        \n\t\t\t\t<div id=\"ngg-image-311\" class=\"ngg-gallery-thumbnail-box\" >\n\t\t\t\t        <div class=\"ngg-gallery-thumbnail\">\n            <a href=\"http:\/\/www.karate-neuhofen.at\/wp-content\/gallery\/trainingslager-gnas-2018\/Gans2018412.JPG\"\n               title=\"\"\n               data-src=\"http:\/\/www.karate-neuhofen.at\/wp-content\/gallery\/trainingslager-gnas-2018\/Gans2018412.JPG\"\n               data-thumbnail=\"http:\/\/www.karate-neuhofen.at\/wp-content\/gallery\/trainingslager-gnas-2018\/thumbs\/thumbs_Gans2018412.JPG\"\n               data-image-id=\"19164\"\n               data-title=\"Gans2018(412)\"\n               data-description=\"\"\n               data-image-slug=\"gans2018412\"\n               class=\"shutterset_5a0da7a1340930de18337e8275bb6594\">\n                <img\n                    title=\"Gans2018(412)\"\n                    alt=\"Gans2018(412)\"\n                    src=\"http:\/\/www.karate-neuhofen.at\/wp-content\/gallery\/trainingslager-gnas-2018\/thumbs\/thumbs_Gans2018412.JPG\"\n                    width=\"240\"\n                    height=\"160\"\n                    style=\"max-width:100%;\"\n                \/>\n            <\/a>\n        <\/div>\n\t\t\t\t\t\t\t<\/div> \n\t\t\t\n        \n\t\t\t\t<div id=\"ngg-image-312\" class=\"ngg-gallery-thumbnail-box\" >\n\t\t\t\t        <div class=\"ngg-gallery-thumbnail\">\n            <a href=\"http:\/\/www.karate-neuhofen.at\/wp-content\/gallery\/trainingslager-gnas-2018\/Gans2018413.JPG\"\n               title=\"\"\n               data-src=\"http:\/\/www.karate-neuhofen.at\/wp-content\/gallery\/trainingslager-gnas-2018\/Gans2018413.JPG\"\n               data-thumbnail=\"http:\/\/www.karate-neuhofen.at\/wp-content\/gallery\/trainingslager-gnas-2018\/thumbs\/thumbs_Gans2018413.JPG\"\n               data-image-id=\"19165\"\n               data-title=\"Gans2018(413)\"\n               data-description=\"\"\n               data-image-slug=\"gans2018413\"\n               class=\"shutterset_5a0da7a1340930de18337e8275bb6594\">\n                <img\n                    title=\"Gans2018(413)\"\n                    alt=\"Gans2018(413)\"\n                    src=\"http:\/\/www.karate-neuhofen.at\/wp-content\/gallery\/trainingslager-gnas-2018\/thumbs\/thumbs_Gans2018413.JPG\"\n                    width=\"240\"\n                    height=\"160\"\n                    style=\"max-width:100%;\"\n                \/>\n            <\/a>\n        <\/div>\n\t\t\t\t\t\t\t<\/div> \n\t\t\t\n        \n\t\t\t\t<div id=\"ngg-image-313\" class=\"ngg-gallery-thumbnail-box\" >\n\t\t\t\t        <div class=\"ngg-gallery-thumbnail\">\n            <a href=\"http:\/\/www.karate-neuhofen.at\/wp-content\/gallery\/trainingslager-gnas-2018\/Gans2018414.JPG\"\n               title=\"\"\n               data-src=\"http:\/\/www.karate-neuhofen.at\/wp-content\/gallery\/trainingslager-gnas-2018\/Gans2018414.JPG\"\n               data-thumbnail=\"http:\/\/www.karate-neuhofen.at\/wp-content\/gallery\/trainingslager-gnas-2018\/thumbs\/thumbs_Gans2018414.JPG\"\n               data-image-id=\"19166\"\n               data-title=\"Gans2018(414)\"\n               data-description=\"\"\n               data-image-slug=\"gans2018414\"\n               class=\"shutterset_5a0da7a1340930de18337e8275bb6594\">\n                <img\n                    title=\"Gans2018(414)\"\n                    alt=\"Gans2018(414)\"\n                    src=\"http:\/\/www.karate-neuhofen.at\/wp-content\/gallery\/trainingslager-gnas-2018\/thumbs\/thumbs_Gans2018414.JPG\"\n                    width=\"240\"\n                    height=\"160\"\n                    style=\"max-width:100%;\"\n                \/>\n            <\/a>\n        <\/div>\n\t\t\t\t\t\t\t<\/div> \n\t\t\t\n        \n\t\t\t\t<div id=\"ngg-image-314\" class=\"ngg-gallery-thumbnail-box\" >\n\t\t\t\t        <div class=\"ngg-gallery-thumbnail\">\n            <a href=\"http:\/\/www.karate-neuhofen.at\/wp-content\/gallery\/trainingslager-gnas-2018\/Gans2018415.JPG\"\n               title=\"\"\n               data-src=\"http:\/\/www.karate-neuhofen.at\/wp-content\/gallery\/trainingslager-gnas-2018\/Gans2018415.JPG\"\n               data-thumbnail=\"http:\/\/www.karate-neuhofen.at\/wp-content\/gallery\/trainingslager-gnas-2018\/thumbs\/thumbs_Gans2018415.JPG\"\n               data-image-id=\"19167\"\n               data-title=\"Gans2018(415)\"\n               data-description=\"\"\n               data-image-slug=\"gans2018415\"\n               class=\"shutterset_5a0da7a1340930de18337e8275bb6594\">\n                <img\n                    title=\"Gans2018(415)\"\n                    alt=\"Gans2018(415)\"\n                    src=\"http:\/\/www.karate-neuhofen.at\/wp-content\/gallery\/trainingslager-gnas-2018\/thumbs\/thumbs_Gans2018415.JPG\"\n                    width=\"240\"\n                    height=\"160\"\n                    style=\"max-width:100%;\"\n                \/>\n            <\/a>\n        <\/div>\n\t\t\t\t\t\t\t<\/div> \n\t\t\t\n        \n\t\t\t\t<div id=\"ngg-image-315\" class=\"ngg-gallery-thumbnail-box\" >\n\t\t\t\t        <div class=\"ngg-gallery-thumbnail\">\n            <a href=\"http:\/\/www.karate-neuhofen.at\/wp-content\/gallery\/trainingslager-gnas-2018\/Gans2018416.JPG\"\n               title=\"\"\n               data-src=\"http:\/\/www.karate-neuhofen.at\/wp-content\/gallery\/trainingslager-gnas-2018\/Gans2018416.JPG\"\n               data-thumbnail=\"http:\/\/www.karate-neuhofen.at\/wp-content\/gallery\/trainingslager-gnas-2018\/thumbs\/thumbs_Gans2018416.JPG\"\n               data-image-id=\"19168\"\n               data-title=\"Gans2018(416)\"\n               data-description=\"\"\n               data-image-slug=\"gans2018416\"\n               class=\"shutterset_5a0da7a1340930de18337e8275bb6594\">\n                <img\n                    title=\"Gans2018(416)\"\n                    alt=\"Gans2018(416)\"\n                    src=\"http:\/\/www.karate-neuhofen.at\/wp-content\/gallery\/trainingslager-gnas-2018\/thumbs\/thumbs_Gans2018416.JPG\"\n                    width=\"240\"\n                    height=\"160\"\n                    style=\"max-width:100%;\"\n                \/>\n            <\/a>\n        <\/div>\n\t\t\t\t\t\t\t<\/div> \n\t\t\t\n        \n\t\t\t\t<div id=\"ngg-image-316\" class=\"ngg-gallery-thumbnail-box\" >\n\t\t\t\t        <div class=\"ngg-gallery-thumbnail\">\n            <a href=\"http:\/\/www.karate-neuhofen.at\/wp-content\/gallery\/trainingslager-gnas-2018\/Gans2018417.JPG\"\n               title=\"\"\n               data-src=\"http:\/\/www.karate-neuhofen.at\/wp-content\/gallery\/trainingslager-gnas-2018\/Gans2018417.JPG\"\n               data-thumbnail=\"http:\/\/www.karate-neuhofen.at\/wp-content\/gallery\/trainingslager-gnas-2018\/thumbs\/thumbs_Gans2018417.JPG\"\n               data-image-id=\"19169\"\n               data-title=\"Gans2018(417)\"\n               data-description=\"\"\n               data-image-slug=\"gans2018417\"\n               class=\"shutterset_5a0da7a1340930de18337e8275bb6594\">\n                <img\n                    title=\"Gans2018(417)\"\n                    alt=\"Gans2018(417)\"\n                    src=\"http:\/\/www.karate-neuhofen.at\/wp-content\/gallery\/trainingslager-gnas-2018\/thumbs\/thumbs_Gans2018417.JPG\"\n                    width=\"240\"\n                    height=\"160\"\n                    style=\"max-width:100%;\"\n                \/>\n            <\/a>\n        <\/div>\n\t\t\t\t\t\t\t<\/div> \n\t\t\t\n        \n\t\t\t\t<div id=\"ngg-image-317\" class=\"ngg-gallery-thumbnail-box\" >\n\t\t\t\t        <div class=\"ngg-gallery-thumbnail\">\n            <a href=\"http:\/\/www.karate-neuhofen.at\/wp-content\/gallery\/trainingslager-gnas-2018\/Gans2018418.JPG\"\n               title=\"\"\n               data-src=\"http:\/\/www.karate-neuhofen.at\/wp-content\/gallery\/trainingslager-gnas-2018\/Gans2018418.JPG\"\n               data-thumbnail=\"http:\/\/www.karate-neuhofen.at\/wp-content\/gallery\/trainingslager-gnas-2018\/thumbs\/thumbs_Gans2018418.JPG\"\n               data-image-id=\"19170\"\n               data-title=\"Gans2018(418)\"\n               data-description=\"\"\n               data-image-slug=\"gans2018418\"\n               class=\"shutterset_5a0da7a1340930de18337e8275bb6594\">\n                <img\n                    title=\"Gans2018(418)\"\n                    alt=\"Gans2018(418)\"\n                    src=\"http:\/\/www.karate-neuhofen.at\/wp-content\/gallery\/trainingslager-gnas-2018\/thumbs\/thumbs_Gans2018418.JPG\"\n                    width=\"240\"\n                    height=\"160\"\n                    style=\"max-width:100%;\"\n                \/>\n            <\/a>\n        <\/div>\n\t\t\t\t\t\t\t<\/div> \n\t\t\t\n        \n\t\t\t\t<div id=\"ngg-image-318\" class=\"ngg-gallery-thumbnail-box\" >\n\t\t\t\t        <div class=\"ngg-gallery-thumbnail\">\n            <a href=\"http:\/\/www.karate-neuhofen.at\/wp-content\/gallery\/trainingslager-gnas-2018\/Gans2018419.JPG\"\n               title=\"\"\n               data-src=\"http:\/\/www.karate-neuhofen.at\/wp-content\/gallery\/trainingslager-gnas-2018\/Gans2018419.JPG\"\n               data-thumbnail=\"http:\/\/www.karate-neuhofen.at\/wp-content\/gallery\/trainingslager-gnas-2018\/thumbs\/thumbs_Gans2018419.JPG\"\n               data-image-id=\"19171\"\n               data-title=\"Gans2018(419)\"\n               data-description=\"\"\n               data-image-slug=\"gans2018419\"\n               class=\"shutterset_5a0da7a1340930de18337e8275bb6594\">\n                <img\n                    title=\"Gans2018(419)\"\n                    alt=\"Gans2018(419)\"\n                    src=\"http:\/\/www.karate-neuhofen.at\/wp-content\/gallery\/trainingslager-gnas-2018\/thumbs\/thumbs_Gans2018419.JPG\"\n                    width=\"240\"\n                    height=\"160\"\n                    style=\"max-width:100%;\"\n                \/>\n            <\/a>\n        <\/div>\n\t\t\t\t\t\t\t<\/div> \n\t\t\t\n        \n\t\t\t\t<div id=\"ngg-image-319\" class=\"ngg-gallery-thumbnail-box\" >\n\t\t\t\t        <div class=\"ngg-gallery-thumbnail\">\n            <a href=\"http:\/\/www.karate-neuhofen.at\/wp-content\/gallery\/trainingslager-gnas-2018\/Gans2018420.JPG\"\n               title=\"\"\n               data-src=\"http:\/\/www.karate-neuhofen.at\/wp-content\/gallery\/trainingslager-gnas-2018\/Gans2018420.JPG\"\n               data-thumbnail=\"http:\/\/www.karate-neuhofen.at\/wp-content\/gallery\/trainingslager-gnas-2018\/thumbs\/thumbs_Gans2018420.JPG\"\n               data-image-id=\"19172\"\n               data-title=\"Gans2018(420)\"\n               data-description=\"\"\n               data-image-slug=\"gans2018420\"\n               class=\"shutterset_5a0da7a1340930de18337e8275bb6594\">\n                <img\n                    title=\"Gans2018(420)\"\n                    alt=\"Gans2018(420)\"\n                    src=\"http:\/\/www.karate-neuhofen.at\/wp-content\/gallery\/trainingslager-gnas-2018\/thumbs\/thumbs_Gans2018420.JPG\"\n                    width=\"240\"\n                    height=\"160\"\n                    style=\"max-width:100%;\"\n                \/>\n            <\/a>\n        <\/div>\n\t\t\t\t\t\t\t<\/div> \n\t\t\t\n        \n\t\t\t\t<div id=\"ngg-image-320\" class=\"ngg-gallery-thumbnail-box\" >\n\t\t\t\t        <div class=\"ngg-gallery-thumbnail\">\n            <a href=\"http:\/\/www.karate-neuhofen.at\/wp-content\/gallery\/trainingslager-gnas-2018\/Gans2018421.JPG\"\n               title=\"\"\n               data-src=\"http:\/\/www.karate-neuhofen.at\/wp-content\/gallery\/trainingslager-gnas-2018\/Gans2018421.JPG\"\n               data-thumbnail=\"http:\/\/www.karate-neuhofen.at\/wp-content\/gallery\/trainingslager-gnas-2018\/thumbs\/thumbs_Gans2018421.JPG\"\n               data-image-id=\"19173\"\n               data-title=\"Gans2018(421)\"\n               data-description=\"\"\n               data-image-slug=\"gans2018421\"\n               class=\"shutterset_5a0da7a1340930de18337e8275bb6594\">\n                <img\n                    title=\"Gans2018(421)\"\n                    alt=\"Gans2018(421)\"\n                    src=\"http:\/\/www.karate-neuhofen.at\/wp-content\/gallery\/trainingslager-gnas-2018\/thumbs\/thumbs_Gans2018421.JPG\"\n                    width=\"240\"\n                    height=\"160\"\n                    style=\"max-width:100%;\"\n                \/>\n            <\/a>\n        <\/div>\n\t\t\t\t\t\t\t<\/div> \n\t\t\t\n        \n\t\t\t\t<div id=\"ngg-image-321\" class=\"ngg-gallery-thumbnail-box\" >\n\t\t\t\t        <div class=\"ngg-gallery-thumbnail\">\n            <a href=\"http:\/\/www.karate-neuhofen.at\/wp-content\/gallery\/trainingslager-gnas-2018\/Gans2018422.JPG\"\n               title=\"\"\n               data-src=\"http:\/\/www.karate-neuhofen.at\/wp-content\/gallery\/trainingslager-gnas-2018\/Gans2018422.JPG\"\n               data-thumbnail=\"http:\/\/www.karate-neuhofen.at\/wp-content\/gallery\/trainingslager-gnas-2018\/thumbs\/thumbs_Gans2018422.JPG\"\n               data-image-id=\"19174\"\n               data-title=\"Gans2018(422)\"\n               data-description=\"\"\n               data-image-slug=\"gans2018422\"\n               class=\"shutterset_5a0da7a1340930de18337e8275bb6594\">\n                <img\n                    title=\"Gans2018(422)\"\n                    alt=\"Gans2018(422)\"\n                    src=\"http:\/\/www.karate-neuhofen.at\/wp-content\/gallery\/trainingslager-gnas-2018\/thumbs\/thumbs_Gans2018422.JPG\"\n                    width=\"240\"\n                    height=\"160\"\n                    style=\"max-width:100%;\"\n                \/>\n            <\/a>\n        <\/div>\n\t\t\t\t\t\t\t<\/div> \n\t\t\t\n        \n\t\t\t\t<div id=\"ngg-image-322\" class=\"ngg-gallery-thumbnail-box\" >\n\t\t\t\t        <div class=\"ngg-gallery-thumbnail\">\n            <a href=\"http:\/\/www.karate-neuhofen.at\/wp-content\/gallery\/trainingslager-gnas-2018\/Gans2018423.JPG\"\n               title=\"\"\n               data-src=\"http:\/\/www.karate-neuhofen.at\/wp-content\/gallery\/trainingslager-gnas-2018\/Gans2018423.JPG\"\n               data-thumbnail=\"http:\/\/www.karate-neuhofen.at\/wp-content\/gallery\/trainingslager-gnas-2018\/thumbs\/thumbs_Gans2018423.JPG\"\n               data-image-id=\"19175\"\n               data-title=\"Gans2018(423)\"\n               data-description=\"\"\n               data-image-slug=\"gans2018423\"\n               class=\"shutterset_5a0da7a1340930de18337e8275bb6594\">\n                <img\n                    title=\"Gans2018(423)\"\n                    alt=\"Gans2018(423)\"\n                    src=\"http:\/\/www.karate-neuhofen.at\/wp-content\/gallery\/trainingslager-gnas-2018\/thumbs\/thumbs_Gans2018423.JPG\"\n                    width=\"240\"\n                    height=\"160\"\n                    style=\"max-width:100%;\"\n                \/>\n            <\/a>\n        <\/div>\n\t\t\t\t\t\t\t<\/div> \n\t\t\t\n        \n\t\t\t\t<div id=\"ngg-image-323\" class=\"ngg-gallery-thumbnail-box\" >\n\t\t\t\t        <div class=\"ngg-gallery-thumbnail\">\n            <a href=\"http:\/\/www.karate-neuhofen.at\/wp-content\/gallery\/trainingslager-gnas-2018\/Gans2018424.JPG\"\n               title=\"\"\n               data-src=\"http:\/\/www.karate-neuhofen.at\/wp-content\/gallery\/trainingslager-gnas-2018\/Gans2018424.JPG\"\n               data-thumbnail=\"http:\/\/www.karate-neuhofen.at\/wp-content\/gallery\/trainingslager-gnas-2018\/thumbs\/thumbs_Gans2018424.JPG\"\n               data-image-id=\"19176\"\n               data-title=\"Gans2018(424)\"\n               data-description=\"\"\n               data-image-slug=\"gans2018424\"\n               class=\"shutterset_5a0da7a1340930de18337e8275bb6594\">\n                <img\n                    title=\"Gans2018(424)\"\n                    alt=\"Gans2018(424)\"\n                    src=\"http:\/\/www.karate-neuhofen.at\/wp-content\/gallery\/trainingslager-gnas-2018\/thumbs\/thumbs_Gans2018424.JPG\"\n                    width=\"240\"\n                    height=\"160\"\n                    style=\"max-width:100%;\"\n                \/>\n            <\/a>\n        <\/div>\n\t\t\t\t\t\t\t<\/div> \n\t\t\t\n        \n\t\t\t\t<div id=\"ngg-image-324\" class=\"ngg-gallery-thumbnail-box\" >\n\t\t\t\t        <div class=\"ngg-gallery-thumbnail\">\n            <a href=\"http:\/\/www.karate-neuhofen.at\/wp-content\/gallery\/trainingslager-gnas-2018\/Gans2018425.JPG\"\n               title=\"\"\n               data-src=\"http:\/\/www.karate-neuhofen.at\/wp-content\/gallery\/trainingslager-gnas-2018\/Gans2018425.JPG\"\n               data-thumbnail=\"http:\/\/www.karate-neuhofen.at\/wp-content\/gallery\/trainingslager-gnas-2018\/thumbs\/thumbs_Gans2018425.JPG\"\n               data-image-id=\"19177\"\n               data-title=\"Gans2018(425)\"\n               data-description=\"\"\n               data-image-slug=\"gans2018425\"\n               class=\"shutterset_5a0da7a1340930de18337e8275bb6594\">\n                <img\n                    title=\"Gans2018(425)\"\n                    alt=\"Gans2018(425)\"\n                    src=\"http:\/\/www.karate-neuhofen.at\/wp-content\/gallery\/trainingslager-gnas-2018\/thumbs\/thumbs_Gans2018425.JPG\"\n                    width=\"240\"\n                    height=\"160\"\n                    style=\"max-width:100%;\"\n                \/>\n            <\/a>\n        <\/div>\n\t\t\t\t\t\t\t<\/div> \n\t\t\t\n        \n\t\t\t\t<div id=\"ngg-image-325\" class=\"ngg-gallery-thumbnail-box\" >\n\t\t\t\t        <div class=\"ngg-gallery-thumbnail\">\n            <a href=\"http:\/\/www.karate-neuhofen.at\/wp-content\/gallery\/trainingslager-gnas-2018\/Gans2018426.JPG\"\n               title=\"\"\n               data-src=\"http:\/\/www.karate-neuhofen.at\/wp-content\/gallery\/trainingslager-gnas-2018\/Gans2018426.JPG\"\n               data-thumbnail=\"http:\/\/www.karate-neuhofen.at\/wp-content\/gallery\/trainingslager-gnas-2018\/thumbs\/thumbs_Gans2018426.JPG\"\n               data-image-id=\"19178\"\n               data-title=\"Gans2018(426)\"\n               data-description=\"\"\n               data-image-slug=\"gans2018426\"\n               class=\"shutterset_5a0da7a1340930de18337e8275bb6594\">\n                <img\n                    title=\"Gans2018(426)\"\n                    alt=\"Gans2018(426)\"\n                    src=\"http:\/\/www.karate-neuhofen.at\/wp-content\/gallery\/trainingslager-gnas-2018\/thumbs\/thumbs_Gans2018426.JPG\"\n                    width=\"240\"\n                    height=\"160\"\n                    style=\"max-width:100%;\"\n                \/>\n            <\/a>\n        <\/div>\n\t\t\t\t\t\t\t<\/div> \n\t\t\t\n        \n\t\t\t\t<div id=\"ngg-image-326\" class=\"ngg-gallery-thumbnail-box\" >\n\t\t\t\t        <div class=\"ngg-gallery-thumbnail\">\n            <a href=\"http:\/\/www.karate-neuhofen.at\/wp-content\/gallery\/trainingslager-gnas-2018\/Gans2018427.JPG\"\n               title=\"\"\n               data-src=\"http:\/\/www.karate-neuhofen.at\/wp-content\/gallery\/trainingslager-gnas-2018\/Gans2018427.JPG\"\n               data-thumbnail=\"http:\/\/www.karate-neuhofen.at\/wp-content\/gallery\/trainingslager-gnas-2018\/thumbs\/thumbs_Gans2018427.JPG\"\n               data-image-id=\"19179\"\n               data-title=\"Gans2018(427)\"\n               data-description=\"\"\n               data-image-slug=\"gans2018427\"\n               class=\"shutterset_5a0da7a1340930de18337e8275bb6594\">\n                <img\n                    title=\"Gans2018(427)\"\n                    alt=\"Gans2018(427)\"\n                    src=\"http:\/\/www.karate-neuhofen.at\/wp-content\/gallery\/trainingslager-gnas-2018\/thumbs\/thumbs_Gans2018427.JPG\"\n                    width=\"240\"\n                    height=\"160\"\n                    style=\"max-width:100%;\"\n                \/>\n            <\/a>\n        <\/div>\n\t\t\t\t\t\t\t<\/div> \n\t\t\t\n        \n\t\t\t\t<div id=\"ngg-image-327\" class=\"ngg-gallery-thumbnail-box\" >\n\t\t\t\t        <div class=\"ngg-gallery-thumbnail\">\n            <a href=\"http:\/\/www.karate-neuhofen.at\/wp-content\/gallery\/trainingslager-gnas-2018\/Gans2018428.JPG\"\n               title=\"\"\n               data-src=\"http:\/\/www.karate-neuhofen.at\/wp-content\/gallery\/trainingslager-gnas-2018\/Gans2018428.JPG\"\n               data-thumbnail=\"http:\/\/www.karate-neuhofen.at\/wp-content\/gallery\/trainingslager-gnas-2018\/thumbs\/thumbs_Gans2018428.JPG\"\n               data-image-id=\"19180\"\n               data-title=\"Gans2018(428)\"\n               data-description=\"\"\n               data-image-slug=\"gans2018428\"\n               class=\"shutterset_5a0da7a1340930de18337e8275bb6594\">\n                <img\n                    title=\"Gans2018(428)\"\n                    alt=\"Gans2018(428)\"\n                    src=\"http:\/\/www.karate-neuhofen.at\/wp-content\/gallery\/trainingslager-gnas-2018\/thumbs\/thumbs_Gans2018428.JPG\"\n                    width=\"240\"\n                    height=\"160\"\n                    style=\"max-width:100%;\"\n                \/>\n            <\/a>\n        <\/div>\n\t\t\t\t\t\t\t<\/div> \n\t\t\t\n        \n\t\t\t\t<div id=\"ngg-image-328\" class=\"ngg-gallery-thumbnail-box\" >\n\t\t\t\t        <div class=\"ngg-gallery-thumbnail\">\n            <a href=\"http:\/\/www.karate-neuhofen.at\/wp-content\/gallery\/trainingslager-gnas-2018\/Gans2018429.JPG\"\n               title=\"\"\n               data-src=\"http:\/\/www.karate-neuhofen.at\/wp-content\/gallery\/trainingslager-gnas-2018\/Gans2018429.JPG\"\n               data-thumbnail=\"http:\/\/www.karate-neuhofen.at\/wp-content\/gallery\/trainingslager-gnas-2018\/thumbs\/thumbs_Gans2018429.JPG\"\n               data-image-id=\"19181\"\n               data-title=\"Gans2018(429)\"\n               data-description=\"\"\n               data-image-slug=\"gans2018429\"\n               class=\"shutterset_5a0da7a1340930de18337e8275bb6594\">\n                <img\n                    title=\"Gans2018(429)\"\n                    alt=\"Gans2018(429)\"\n                    src=\"http:\/\/www.karate-neuhofen.at\/wp-content\/gallery\/trainingslager-gnas-2018\/thumbs\/thumbs_Gans2018429.JPG\"\n                    width=\"240\"\n                    height=\"160\"\n                    style=\"max-width:100%;\"\n                \/>\n            <\/a>\n        <\/div>\n\t\t\t\t\t\t\t<\/div> \n\t\t\t\n        \n\t\t\t\t<div id=\"ngg-image-329\" class=\"ngg-gallery-thumbnail-box\" >\n\t\t\t\t        <div class=\"ngg-gallery-thumbnail\">\n            <a href=\"http:\/\/www.karate-neuhofen.at\/wp-content\/gallery\/trainingslager-gnas-2018\/Gans2018430.JPG\"\n               title=\"\"\n               data-src=\"http:\/\/www.karate-neuhofen.at\/wp-content\/gallery\/trainingslager-gnas-2018\/Gans2018430.JPG\"\n               data-thumbnail=\"http:\/\/www.karate-neuhofen.at\/wp-content\/gallery\/trainingslager-gnas-2018\/thumbs\/thumbs_Gans2018430.JPG\"\n               data-image-id=\"19182\"\n               data-title=\"Gans2018(430)\"\n               data-description=\"\"\n               data-image-slug=\"gans2018430\"\n               class=\"shutterset_5a0da7a1340930de18337e8275bb6594\">\n                <img\n                    title=\"Gans2018(430)\"\n                    alt=\"Gans2018(430)\"\n                    src=\"http:\/\/www.karate-neuhofen.at\/wp-content\/gallery\/trainingslager-gnas-2018\/thumbs\/thumbs_Gans2018430.JPG\"\n                    width=\"240\"\n                    height=\"160\"\n                    style=\"max-width:100%;\"\n                \/>\n            <\/a>\n        <\/div>\n\t\t\t\t\t\t\t<\/div> \n\t\t\t\n        \n\t\t\t\t<div id=\"ngg-image-330\" class=\"ngg-gallery-thumbnail-box\" >\n\t\t\t\t        <div class=\"ngg-gallery-thumbnail\">\n            <a href=\"http:\/\/www.karate-neuhofen.at\/wp-content\/gallery\/trainingslager-gnas-2018\/Gans2018431.JPG\"\n               title=\"\"\n               data-src=\"http:\/\/www.karate-neuhofen.at\/wp-content\/gallery\/trainingslager-gnas-2018\/Gans2018431.JPG\"\n               data-thumbnail=\"http:\/\/www.karate-neuhofen.at\/wp-content\/gallery\/trainingslager-gnas-2018\/thumbs\/thumbs_Gans2018431.JPG\"\n               data-image-id=\"19183\"\n               data-title=\"Gans2018(431)\"\n               data-description=\"\"\n               data-image-slug=\"gans2018431\"\n               class=\"shutterset_5a0da7a1340930de18337e8275bb6594\">\n                <img\n                    title=\"Gans2018(431)\"\n                    alt=\"Gans2018(431)\"\n                    src=\"http:\/\/www.karate-neuhofen.at\/wp-content\/gallery\/trainingslager-gnas-2018\/thumbs\/thumbs_Gans2018431.JPG\"\n                    width=\"240\"\n                    height=\"160\"\n                    style=\"max-width:100%;\"\n                \/>\n            <\/a>\n        <\/div>\n\t\t\t\t\t\t\t<\/div> \n\t\t\t\n        \n\t\t\t\t<div id=\"ngg-image-331\" class=\"ngg-gallery-thumbnail-box\" >\n\t\t\t\t        <div class=\"ngg-gallery-thumbnail\">\n            <a href=\"http:\/\/www.karate-neuhofen.at\/wp-content\/gallery\/trainingslager-gnas-2018\/Gans2018432.JPG\"\n               title=\"\"\n               data-src=\"http:\/\/www.karate-neuhofen.at\/wp-content\/gallery\/trainingslager-gnas-2018\/Gans2018432.JPG\"\n               data-thumbnail=\"http:\/\/www.karate-neuhofen.at\/wp-content\/gallery\/trainingslager-gnas-2018\/thumbs\/thumbs_Gans2018432.JPG\"\n               data-image-id=\"19184\"\n               data-title=\"Gans2018(432)\"\n               data-description=\"\"\n               data-image-slug=\"gans2018432\"\n               class=\"shutterset_5a0da7a1340930de18337e8275bb6594\">\n                <img\n                    title=\"Gans2018(432)\"\n                    alt=\"Gans2018(432)\"\n                    src=\"http:\/\/www.karate-neuhofen.at\/wp-content\/gallery\/trainingslager-gnas-2018\/thumbs\/thumbs_Gans2018432.JPG\"\n                    width=\"240\"\n                    height=\"160\"\n                    style=\"max-width:100%;\"\n                \/>\n            <\/a>\n        <\/div>\n\t\t\t\t\t\t\t<\/div> \n\t\t\t\n        \n\t\t\t\t<div id=\"ngg-image-332\" class=\"ngg-gallery-thumbnail-box\" >\n\t\t\t\t        <div class=\"ngg-gallery-thumbnail\">\n            <a href=\"http:\/\/www.karate-neuhofen.at\/wp-content\/gallery\/trainingslager-gnas-2018\/Gans2018433.JPG\"\n               title=\"\"\n               data-src=\"http:\/\/www.karate-neuhofen.at\/wp-content\/gallery\/trainingslager-gnas-2018\/Gans2018433.JPG\"\n               data-thumbnail=\"http:\/\/www.karate-neuhofen.at\/wp-content\/gallery\/trainingslager-gnas-2018\/thumbs\/thumbs_Gans2018433.JPG\"\n               data-image-id=\"19185\"\n               data-title=\"Gans2018(433)\"\n               data-description=\"\"\n               data-image-slug=\"gans2018433\"\n               class=\"shutterset_5a0da7a1340930de18337e8275bb6594\">\n                <img\n                    title=\"Gans2018(433)\"\n                    alt=\"Gans2018(433)\"\n                    src=\"http:\/\/www.karate-neuhofen.at\/wp-content\/gallery\/trainingslager-gnas-2018\/thumbs\/thumbs_Gans2018433.JPG\"\n                    width=\"240\"\n                    height=\"160\"\n                    style=\"max-width:100%;\"\n                \/>\n            <\/a>\n        <\/div>\n\t\t\t\t\t\t\t<\/div> \n\t\t\t\n        \n\t\t\t\t<div id=\"ngg-image-333\" class=\"ngg-gallery-thumbnail-box\" >\n\t\t\t\t        <div class=\"ngg-gallery-thumbnail\">\n            <a href=\"http:\/\/www.karate-neuhofen.at\/wp-content\/gallery\/trainingslager-gnas-2018\/Gans2018434.JPG\"\n               title=\"\"\n               data-src=\"http:\/\/www.karate-neuhofen.at\/wp-content\/gallery\/trainingslager-gnas-2018\/Gans2018434.JPG\"\n               data-thumbnail=\"http:\/\/www.karate-neuhofen.at\/wp-content\/gallery\/trainingslager-gnas-2018\/thumbs\/thumbs_Gans2018434.JPG\"\n               data-image-id=\"19186\"\n               data-title=\"Gans2018(434)\"\n               data-description=\"\"\n               data-image-slug=\"gans2018434\"\n               class=\"shutterset_5a0da7a1340930de18337e8275bb6594\">\n                <img\n                    title=\"Gans2018(434)\"\n                    alt=\"Gans2018(434)\"\n                    src=\"http:\/\/www.karate-neuhofen.at\/wp-content\/gallery\/trainingslager-gnas-2018\/thumbs\/thumbs_Gans2018434.JPG\"\n                    width=\"240\"\n                    height=\"160\"\n                    style=\"max-width:100%;\"\n                \/>\n            <\/a>\n        <\/div>\n\t\t\t\t\t\t\t<\/div> \n\t\t\t\n        \n\t\t\t\t<div id=\"ngg-image-334\" class=\"ngg-gallery-thumbnail-box\" >\n\t\t\t\t        <div class=\"ngg-gallery-thumbnail\">\n            <a href=\"http:\/\/www.karate-neuhofen.at\/wp-content\/gallery\/trainingslager-gnas-2018\/Gans2018435.JPG\"\n               title=\"\"\n               data-src=\"http:\/\/www.karate-neuhofen.at\/wp-content\/gallery\/trainingslager-gnas-2018\/Gans2018435.JPG\"\n               data-thumbnail=\"http:\/\/www.karate-neuhofen.at\/wp-content\/gallery\/trainingslager-gnas-2018\/thumbs\/thumbs_Gans2018435.JPG\"\n               data-image-id=\"19187\"\n               data-title=\"Gans2018(435)\"\n               data-description=\"\"\n               data-image-slug=\"gans2018435\"\n               class=\"shutterset_5a0da7a1340930de18337e8275bb6594\">\n                <img\n                    title=\"Gans2018(435)\"\n                    alt=\"Gans2018(435)\"\n                    src=\"http:\/\/www.karate-neuhofen.at\/wp-content\/gallery\/trainingslager-gnas-2018\/thumbs\/thumbs_Gans2018435.JPG\"\n                    width=\"240\"\n                    height=\"160\"\n                    style=\"max-width:100%;\"\n                \/>\n            <\/a>\n        <\/div>\n\t\t\t\t\t\t\t<\/div> \n\t\t\t\n        \n\t\t\t\t<div id=\"ngg-image-335\" class=\"ngg-gallery-thumbnail-box\" >\n\t\t\t\t        <div class=\"ngg-gallery-thumbnail\">\n            <a href=\"http:\/\/www.karate-neuhofen.at\/wp-content\/gallery\/trainingslager-gnas-2018\/Gans2018436.JPG\"\n               title=\"\"\n               data-src=\"http:\/\/www.karate-neuhofen.at\/wp-content\/gallery\/trainingslager-gnas-2018\/Gans2018436.JPG\"\n               data-thumbnail=\"http:\/\/www.karate-neuhofen.at\/wp-content\/gallery\/trainingslager-gnas-2018\/thumbs\/thumbs_Gans2018436.JPG\"\n               data-image-id=\"19188\"\n               data-title=\"Gans2018(436)\"\n               data-description=\"\"\n               data-image-slug=\"gans2018436\"\n               class=\"shutterset_5a0da7a1340930de18337e8275bb6594\">\n                <img\n                    title=\"Gans2018(436)\"\n                    alt=\"Gans2018(436)\"\n                    src=\"http:\/\/www.karate-neuhofen.at\/wp-content\/gallery\/trainingslager-gnas-2018\/thumbs\/thumbs_Gans2018436.JPG\"\n                    width=\"240\"\n                    height=\"160\"\n                    style=\"max-width:100%;\"\n                \/>\n            <\/a>\n        <\/div>\n\t\t\t\t\t\t\t<\/div> \n\t\t\t\n        \n\t\t\t\t<div id=\"ngg-image-336\" class=\"ngg-gallery-thumbnail-box\" >\n\t\t\t\t        <div class=\"ngg-gallery-thumbnail\">\n            <a href=\"http:\/\/www.karate-neuhofen.at\/wp-content\/gallery\/trainingslager-gnas-2018\/Gans2018437.JPG\"\n               title=\"\"\n               data-src=\"http:\/\/www.karate-neuhofen.at\/wp-content\/gallery\/trainingslager-gnas-2018\/Gans2018437.JPG\"\n               data-thumbnail=\"http:\/\/www.karate-neuhofen.at\/wp-content\/gallery\/trainingslager-gnas-2018\/thumbs\/thumbs_Gans2018437.JPG\"\n               data-image-id=\"19189\"\n               data-title=\"Gans2018(437)\"\n               data-description=\"\"\n               data-image-slug=\"gans2018437\"\n               class=\"shutterset_5a0da7a1340930de18337e8275bb6594\">\n                <img\n                    title=\"Gans2018(437)\"\n                    alt=\"Gans2018(437)\"\n                    src=\"http:\/\/www.karate-neuhofen.at\/wp-content\/gallery\/trainingslager-gnas-2018\/thumbs\/thumbs_Gans2018437.JPG\"\n                    width=\"240\"\n                    height=\"160\"\n                    style=\"max-width:100%;\"\n                \/>\n            <\/a>\n        <\/div>\n\t\t\t\t\t\t\t<\/div> \n\t\t\t\n        \n\t\t\t\t<div id=\"ngg-image-337\" class=\"ngg-gallery-thumbnail-box\" >\n\t\t\t\t        <div class=\"ngg-gallery-thumbnail\">\n            <a href=\"http:\/\/www.karate-neuhofen.at\/wp-content\/gallery\/trainingslager-gnas-2018\/Gans2018438.JPG\"\n               title=\"\"\n               data-src=\"http:\/\/www.karate-neuhofen.at\/wp-content\/gallery\/trainingslager-gnas-2018\/Gans2018438.JPG\"\n               data-thumbnail=\"http:\/\/www.karate-neuhofen.at\/wp-content\/gallery\/trainingslager-gnas-2018\/thumbs\/thumbs_Gans2018438.JPG\"\n               data-image-id=\"19190\"\n               data-title=\"Gans2018(438)\"\n               data-description=\"\"\n               data-image-slug=\"gans2018438\"\n               class=\"shutterset_5a0da7a1340930de18337e8275bb6594\">\n                <img\n                    title=\"Gans2018(438)\"\n                    alt=\"Gans2018(438)\"\n                    src=\"http:\/\/www.karate-neuhofen.at\/wp-content\/gallery\/trainingslager-gnas-2018\/thumbs\/thumbs_Gans2018438.JPG\"\n                    width=\"240\"\n                    height=\"160\"\n                    style=\"max-width:100%;\"\n                \/>\n            <\/a>\n        <\/div>\n\t\t\t\t\t\t\t<\/div> \n\t\t\t\n        \n\t\t\t\t<div id=\"ngg-image-338\" class=\"ngg-gallery-thumbnail-box\" >\n\t\t\t\t        <div class=\"ngg-gallery-thumbnail\">\n            <a href=\"http:\/\/www.karate-neuhofen.at\/wp-content\/gallery\/trainingslager-gnas-2018\/Gans2018439.JPG\"\n               title=\"\"\n               data-src=\"http:\/\/www.karate-neuhofen.at\/wp-content\/gallery\/trainingslager-gnas-2018\/Gans2018439.JPG\"\n               data-thumbnail=\"http:\/\/www.karate-neuhofen.at\/wp-content\/gallery\/trainingslager-gnas-2018\/thumbs\/thumbs_Gans2018439.JPG\"\n               data-image-id=\"19191\"\n               data-title=\"Gans2018(439)\"\n               data-description=\"\"\n               data-image-slug=\"gans2018439\"\n               class=\"shutterset_5a0da7a1340930de18337e8275bb6594\">\n                <img\n                    title=\"Gans2018(439)\"\n                    alt=\"Gans2018(439)\"\n                    src=\"http:\/\/www.karate-neuhofen.at\/wp-content\/gallery\/trainingslager-gnas-2018\/thumbs\/thumbs_Gans2018439.JPG\"\n                    width=\"240\"\n                    height=\"160\"\n                    style=\"max-width:100%;\"\n                \/>\n            <\/a>\n        <\/div>\n\t\t\t\t\t\t\t<\/div> \n\t\t\t\n        \n\t\t\t\t<div id=\"ngg-image-339\" class=\"ngg-gallery-thumbnail-box\" >\n\t\t\t\t        <div class=\"ngg-gallery-thumbnail\">\n            <a href=\"http:\/\/www.karate-neuhofen.at\/wp-content\/gallery\/trainingslager-gnas-2018\/Gans2018440.JPG\"\n               title=\"\"\n               data-src=\"http:\/\/www.karate-neuhofen.at\/wp-content\/gallery\/trainingslager-gnas-2018\/Gans2018440.JPG\"\n               data-thumbnail=\"http:\/\/www.karate-neuhofen.at\/wp-content\/gallery\/trainingslager-gnas-2018\/thumbs\/thumbs_Gans2018440.JPG\"\n               data-image-id=\"19192\"\n               data-title=\"Gans2018(440)\"\n               data-description=\"\"\n               data-image-slug=\"gans2018440\"\n               class=\"shutterset_5a0da7a1340930de18337e8275bb6594\">\n                <img\n                    title=\"Gans2018(440)\"\n                    alt=\"Gans2018(440)\"\n                    src=\"http:\/\/www.karate-neuhofen.at\/wp-content\/gallery\/trainingslager-gnas-2018\/thumbs\/thumbs_Gans2018440.JPG\"\n                    width=\"240\"\n                    height=\"160\"\n                    style=\"max-width:100%;\"\n                \/>\n            <\/a>\n        <\/div>\n\t\t\t\t\t\t\t<\/div> \n\t\t\t\n        \n\t\t\t\t<div id=\"ngg-image-340\" class=\"ngg-gallery-thumbnail-box\" >\n\t\t\t\t        <div class=\"ngg-gallery-thumbnail\">\n            <a href=\"http:\/\/www.karate-neuhofen.at\/wp-content\/gallery\/trainingslager-gnas-2018\/Gans2018441.JPG\"\n               title=\"\"\n               data-src=\"http:\/\/www.karate-neuhofen.at\/wp-content\/gallery\/trainingslager-gnas-2018\/Gans2018441.JPG\"\n               data-thumbnail=\"http:\/\/www.karate-neuhofen.at\/wp-content\/gallery\/trainingslager-gnas-2018\/thumbs\/thumbs_Gans2018441.JPG\"\n               data-image-id=\"19193\"\n               data-title=\"Gans2018(441)\"\n               data-description=\"\"\n               data-image-slug=\"gans2018441\"\n               class=\"shutterset_5a0da7a1340930de18337e8275bb6594\">\n                <img\n                    title=\"Gans2018(441)\"\n                    alt=\"Gans2018(441)\"\n                    src=\"http:\/\/www.karate-neuhofen.at\/wp-content\/gallery\/trainingslager-gnas-2018\/thumbs\/thumbs_Gans2018441.JPG\"\n                    width=\"240\"\n                    height=\"160\"\n                    style=\"max-width:100%;\"\n                \/>\n            <\/a>\n        <\/div>\n\t\t\t\t\t\t\t<\/div> \n\t\t\t\n        \n\t\t\t\t<div id=\"ngg-image-341\" class=\"ngg-gallery-thumbnail-box\" >\n\t\t\t\t        <div class=\"ngg-gallery-thumbnail\">\n            <a href=\"http:\/\/www.karate-neuhofen.at\/wp-content\/gallery\/trainingslager-gnas-2018\/Gans2018442.JPG\"\n               title=\"\"\n               data-src=\"http:\/\/www.karate-neuhofen.at\/wp-content\/gallery\/trainingslager-gnas-2018\/Gans2018442.JPG\"\n               data-thumbnail=\"http:\/\/www.karate-neuhofen.at\/wp-content\/gallery\/trainingslager-gnas-2018\/thumbs\/thumbs_Gans2018442.JPG\"\n               data-image-id=\"19194\"\n               data-title=\"Gans2018(442)\"\n               data-description=\"\"\n               data-image-slug=\"gans2018442\"\n               class=\"shutterset_5a0da7a1340930de18337e8275bb6594\">\n                <img\n                    title=\"Gans2018(442)\"\n                    alt=\"Gans2018(442)\"\n                    src=\"http:\/\/www.karate-neuhofen.at\/wp-content\/gallery\/trainingslager-gnas-2018\/thumbs\/thumbs_Gans2018442.JPG\"\n                    width=\"240\"\n                    height=\"160\"\n                    style=\"max-width:100%;\"\n                \/>\n            <\/a>\n        <\/div>\n\t\t\t\t\t\t\t<\/div> \n\t\t\t\n        \n\t\t\t\t<div id=\"ngg-image-342\" class=\"ngg-gallery-thumbnail-box\" >\n\t\t\t\t        <div class=\"ngg-gallery-thumbnail\">\n            <a href=\"http:\/\/www.karate-neuhofen.at\/wp-content\/gallery\/trainingslager-gnas-2018\/Gans2018443.JPG\"\n               title=\"\"\n               data-src=\"http:\/\/www.karate-neuhofen.at\/wp-content\/gallery\/trainingslager-gnas-2018\/Gans2018443.JPG\"\n               data-thumbnail=\"http:\/\/www.karate-neuhofen.at\/wp-content\/gallery\/trainingslager-gnas-2018\/thumbs\/thumbs_Gans2018443.JPG\"\n               data-image-id=\"19195\"\n               data-title=\"Gans2018(443)\"\n               data-description=\"\"\n               data-image-slug=\"gans2018443\"\n               class=\"shutterset_5a0da7a1340930de18337e8275bb6594\">\n                <img\n                    title=\"Gans2018(443)\"\n                    alt=\"Gans2018(443)\"\n                    src=\"http:\/\/www.karate-neuhofen.at\/wp-content\/gallery\/trainingslager-gnas-2018\/thumbs\/thumbs_Gans2018443.JPG\"\n                    width=\"240\"\n                    height=\"160\"\n                    style=\"max-width:100%;\"\n                \/>\n            <\/a>\n        <\/div>\n\t\t\t\t\t\t\t<\/div> \n\t\t\t\n        \n\t\t\t\t<div id=\"ngg-image-343\" class=\"ngg-gallery-thumbnail-box\" >\n\t\t\t\t        <div class=\"ngg-gallery-thumbnail\">\n            <a href=\"http:\/\/www.karate-neuhofen.at\/wp-content\/gallery\/trainingslager-gnas-2018\/Gans2018444.JPG\"\n               title=\"\"\n               data-src=\"http:\/\/www.karate-neuhofen.at\/wp-content\/gallery\/trainingslager-gnas-2018\/Gans2018444.JPG\"\n               data-thumbnail=\"http:\/\/www.karate-neuhofen.at\/wp-content\/gallery\/trainingslager-gnas-2018\/thumbs\/thumbs_Gans2018444.JPG\"\n               data-image-id=\"19196\"\n               data-title=\"Gans2018(444)\"\n               data-description=\"\"\n               data-image-slug=\"gans2018444\"\n               class=\"shutterset_5a0da7a1340930de18337e8275bb6594\">\n                <img\n                    title=\"Gans2018(444)\"\n                    alt=\"Gans2018(444)\"\n                    src=\"http:\/\/www.karate-neuhofen.at\/wp-content\/gallery\/trainingslager-gnas-2018\/thumbs\/thumbs_Gans2018444.JPG\"\n                    width=\"240\"\n                    height=\"160\"\n                    style=\"max-width:100%;\"\n                \/>\n            <\/a>\n        <\/div>\n\t\t\t\t\t\t\t<\/div> \n\t\t\t\n        \n\t\t\t\t<div id=\"ngg-image-344\" class=\"ngg-gallery-thumbnail-box\" >\n\t\t\t\t        <div class=\"ngg-gallery-thumbnail\">\n            <a href=\"http:\/\/www.karate-neuhofen.at\/wp-content\/gallery\/trainingslager-gnas-2018\/Gans2018445.JPG\"\n               title=\"\"\n               data-src=\"http:\/\/www.karate-neuhofen.at\/wp-content\/gallery\/trainingslager-gnas-2018\/Gans2018445.JPG\"\n               data-thumbnail=\"http:\/\/www.karate-neuhofen.at\/wp-content\/gallery\/trainingslager-gnas-2018\/thumbs\/thumbs_Gans2018445.JPG\"\n               data-image-id=\"19197\"\n               data-title=\"Gans2018(445)\"\n               data-description=\"\"\n               data-image-slug=\"gans2018445\"\n               class=\"shutterset_5a0da7a1340930de18337e8275bb6594\">\n                <img\n                    title=\"Gans2018(445)\"\n                    alt=\"Gans2018(445)\"\n                    src=\"http:\/\/www.karate-neuhofen.at\/wp-content\/gallery\/trainingslager-gnas-2018\/thumbs\/thumbs_Gans2018445.JPG\"\n                    width=\"240\"\n                    height=\"160\"\n                    style=\"max-width:100%;\"\n                \/>\n            <\/a>\n        <\/div>\n\t\t\t\t\t\t\t<\/div> \n\t\t\t\n        \n\t\t\t\t<div id=\"ngg-image-345\" class=\"ngg-gallery-thumbnail-box\" >\n\t\t\t\t        <div class=\"ngg-gallery-thumbnail\">\n            <a href=\"http:\/\/www.karate-neuhofen.at\/wp-content\/gallery\/trainingslager-gnas-2018\/Gans2018446.JPG\"\n               title=\"\"\n               data-src=\"http:\/\/www.karate-neuhofen.at\/wp-content\/gallery\/trainingslager-gnas-2018\/Gans2018446.JPG\"\n               data-thumbnail=\"http:\/\/www.karate-neuhofen.at\/wp-content\/gallery\/trainingslager-gnas-2018\/thumbs\/thumbs_Gans2018446.JPG\"\n               data-image-id=\"19198\"\n               data-title=\"Gans2018(446)\"\n               data-description=\"\"\n               data-image-slug=\"gans2018446\"\n               class=\"shutterset_5a0da7a1340930de18337e8275bb6594\">\n                <img\n                    title=\"Gans2018(446)\"\n                    alt=\"Gans2018(446)\"\n                    src=\"http:\/\/www.karate-neuhofen.at\/wp-content\/gallery\/trainingslager-gnas-2018\/thumbs\/thumbs_Gans2018446.JPG\"\n                    width=\"240\"\n                    height=\"160\"\n                    style=\"max-width:100%;\"\n                \/>\n            <\/a>\n        <\/div>\n\t\t\t\t\t\t\t<\/div> \n\t\t\t\n        \n\t\t\t\t<div id=\"ngg-image-346\" class=\"ngg-gallery-thumbnail-box\" >\n\t\t\t\t        <div class=\"ngg-gallery-thumbnail\">\n            <a href=\"http:\/\/www.karate-neuhofen.at\/wp-content\/gallery\/trainingslager-gnas-2018\/Gans2018447.JPG\"\n               title=\"\"\n               data-src=\"http:\/\/www.karate-neuhofen.at\/wp-content\/gallery\/trainingslager-gnas-2018\/Gans2018447.JPG\"\n               data-thumbnail=\"http:\/\/www.karate-neuhofen.at\/wp-content\/gallery\/trainingslager-gnas-2018\/thumbs\/thumbs_Gans2018447.JPG\"\n               data-image-id=\"19199\"\n               data-title=\"Gans2018(447)\"\n               data-description=\"\"\n               data-image-slug=\"gans2018447\"\n               class=\"shutterset_5a0da7a1340930de18337e8275bb6594\">\n                <img\n                    title=\"Gans2018(447)\"\n                    alt=\"Gans2018(447)\"\n                    src=\"http:\/\/www.karate-neuhofen.at\/wp-content\/gallery\/trainingslager-gnas-2018\/thumbs\/thumbs_Gans2018447.JPG\"\n                    width=\"240\"\n                    height=\"160\"\n                    style=\"max-width:100%;\"\n                \/>\n            <\/a>\n        <\/div>\n\t\t\t\t\t\t\t<\/div> \n\t\t\t\n        \n\t\t\t\t<div id=\"ngg-image-347\" class=\"ngg-gallery-thumbnail-box\" >\n\t\t\t\t        <div class=\"ngg-gallery-thumbnail\">\n            <a href=\"http:\/\/www.karate-neuhofen.at\/wp-content\/gallery\/trainingslager-gnas-2018\/Gans2018448.JPG\"\n               title=\"\"\n               data-src=\"http:\/\/www.karate-neuhofen.at\/wp-content\/gallery\/trainingslager-gnas-2018\/Gans2018448.JPG\"\n               data-thumbnail=\"http:\/\/www.karate-neuhofen.at\/wp-content\/gallery\/trainingslager-gnas-2018\/thumbs\/thumbs_Gans2018448.JPG\"\n               data-image-id=\"19200\"\n               data-title=\"Gans2018(448)\"\n               data-description=\"\"\n               data-image-slug=\"gans2018448\"\n               class=\"shutterset_5a0da7a1340930de18337e8275bb6594\">\n                <img\n                    title=\"Gans2018(448)\"\n                    alt=\"Gans2018(448)\"\n                    src=\"http:\/\/www.karate-neuhofen.at\/wp-content\/gallery\/trainingslager-gnas-2018\/thumbs\/thumbs_Gans2018448.JPG\"\n                    width=\"240\"\n                    height=\"160\"\n                    style=\"max-width:100%;\"\n                \/>\n            <\/a>\n        <\/div>\n\t\t\t\t\t\t\t<\/div> \n\t\t\t\n        \n\t\t\t\t<div id=\"ngg-image-348\" class=\"ngg-gallery-thumbnail-box\" >\n\t\t\t\t        <div class=\"ngg-gallery-thumbnail\">\n            <a href=\"http:\/\/www.karate-neuhofen.at\/wp-content\/gallery\/trainingslager-gnas-2018\/Gans2018449.JPG\"\n               title=\"\"\n               data-src=\"http:\/\/www.karate-neuhofen.at\/wp-content\/gallery\/trainingslager-gnas-2018\/Gans2018449.JPG\"\n               data-thumbnail=\"http:\/\/www.karate-neuhofen.at\/wp-content\/gallery\/trainingslager-gnas-2018\/thumbs\/thumbs_Gans2018449.JPG\"\n               data-image-id=\"19201\"\n               data-title=\"Gans2018(449)\"\n               data-description=\"\"\n               data-image-slug=\"gans2018449\"\n               class=\"shutterset_5a0da7a1340930de18337e8275bb6594\">\n                <img\n                    title=\"Gans2018(449)\"\n                    alt=\"Gans2018(449)\"\n                    src=\"http:\/\/www.karate-neuhofen.at\/wp-content\/gallery\/trainingslager-gnas-2018\/thumbs\/thumbs_Gans2018449.JPG\"\n                    width=\"240\"\n                    height=\"160\"\n                    style=\"max-width:100%;\"\n                \/>\n            <\/a>\n        <\/div>\n\t\t\t\t\t\t\t<\/div> \n\t\t\t\n        \n\t\t\t\t<div id=\"ngg-image-349\" class=\"ngg-gallery-thumbnail-box\" >\n\t\t\t\t        <div class=\"ngg-gallery-thumbnail\">\n            <a href=\"http:\/\/www.karate-neuhofen.at\/wp-content\/gallery\/trainingslager-gnas-2018\/Gans2018450.JPG\"\n               title=\"\"\n               data-src=\"http:\/\/www.karate-neuhofen.at\/wp-content\/gallery\/trainingslager-gnas-2018\/Gans2018450.JPG\"\n               data-thumbnail=\"http:\/\/www.karate-neuhofen.at\/wp-content\/gallery\/trainingslager-gnas-2018\/thumbs\/thumbs_Gans2018450.JPG\"\n               data-image-id=\"19202\"\n               data-title=\"Gans2018(450)\"\n               data-description=\"\"\n               data-image-slug=\"gans2018450\"\n               class=\"shutterset_5a0da7a1340930de18337e8275bb6594\">\n                <img\n                    title=\"Gans2018(450)\"\n                    alt=\"Gans2018(450)\"\n                    src=\"http:\/\/www.karate-neuhofen.at\/wp-content\/gallery\/trainingslager-gnas-2018\/thumbs\/thumbs_Gans2018450.JPG\"\n                    width=\"240\"\n                    height=\"160\"\n                    style=\"max-width:100%;\"\n                \/>\n            <\/a>\n        <\/div>\n\t\t\t\t\t\t\t<\/div> \n\t\t\t\n        \n\t\t\t\t<div id=\"ngg-image-350\" class=\"ngg-gallery-thumbnail-box\" >\n\t\t\t\t        <div class=\"ngg-gallery-thumbnail\">\n            <a href=\"http:\/\/www.karate-neuhofen.at\/wp-content\/gallery\/trainingslager-gnas-2018\/Gans2018451.JPG\"\n               title=\"\"\n               data-src=\"http:\/\/www.karate-neuhofen.at\/wp-content\/gallery\/trainingslager-gnas-2018\/Gans2018451.JPG\"\n               data-thumbnail=\"http:\/\/www.karate-neuhofen.at\/wp-content\/gallery\/trainingslager-gnas-2018\/thumbs\/thumbs_Gans2018451.JPG\"\n               data-image-id=\"19203\"\n               data-title=\"Gans2018(451)\"\n               data-description=\"\"\n               data-image-slug=\"gans2018451\"\n               class=\"shutterset_5a0da7a1340930de18337e8275bb6594\">\n                <img\n                    title=\"Gans2018(451)\"\n                    alt=\"Gans2018(451)\"\n                    src=\"http:\/\/www.karate-neuhofen.at\/wp-content\/gallery\/trainingslager-gnas-2018\/thumbs\/thumbs_Gans2018451.JPG\"\n                    width=\"240\"\n                    height=\"160\"\n                    style=\"max-width:100%;\"\n                \/>\n            <\/a>\n        <\/div>\n\t\t\t\t\t\t\t<\/div> \n\t\t\t\n        \n\t\t\t\t<div id=\"ngg-image-351\" class=\"ngg-gallery-thumbnail-box\" >\n\t\t\t\t        <div class=\"ngg-gallery-thumbnail\">\n            <a href=\"http:\/\/www.karate-neuhofen.at\/wp-content\/gallery\/trainingslager-gnas-2018\/Gans2018452.JPG\"\n               title=\"\"\n               data-src=\"http:\/\/www.karate-neuhofen.at\/wp-content\/gallery\/trainingslager-gnas-2018\/Gans2018452.JPG\"\n               data-thumbnail=\"http:\/\/www.karate-neuhofen.at\/wp-content\/gallery\/trainingslager-gnas-2018\/thumbs\/thumbs_Gans2018452.JPG\"\n               data-image-id=\"19204\"\n               data-title=\"Gans2018(452)\"\n               data-description=\"\"\n               data-image-slug=\"gans2018452\"\n               class=\"shutterset_5a0da7a1340930de18337e8275bb6594\">\n                <img\n                    title=\"Gans2018(452)\"\n                    alt=\"Gans2018(452)\"\n                    src=\"http:\/\/www.karate-neuhofen.at\/wp-content\/gallery\/trainingslager-gnas-2018\/thumbs\/thumbs_Gans2018452.JPG\"\n                    width=\"240\"\n                    height=\"160\"\n                    style=\"max-width:100%;\"\n                \/>\n            <\/a>\n        <\/div>\n\t\t\t\t\t\t\t<\/div> \n\t\t\t\n        \n\t\t\t\t<div id=\"ngg-image-352\" class=\"ngg-gallery-thumbnail-box\" >\n\t\t\t\t        <div class=\"ngg-gallery-thumbnail\">\n            <a href=\"http:\/\/www.karate-neuhofen.at\/wp-content\/gallery\/trainingslager-gnas-2018\/Gans2018453.JPG\"\n               title=\"\"\n               data-src=\"http:\/\/www.karate-neuhofen.at\/wp-content\/gallery\/trainingslager-gnas-2018\/Gans2018453.JPG\"\n               data-thumbnail=\"http:\/\/www.karate-neuhofen.at\/wp-content\/gallery\/trainingslager-gnas-2018\/thumbs\/thumbs_Gans2018453.JPG\"\n               data-image-id=\"19205\"\n               data-title=\"Gans2018(453)\"\n               data-description=\"\"\n               data-image-slug=\"gans2018453\"\n               class=\"shutterset_5a0da7a1340930de18337e8275bb6594\">\n                <img\n                    title=\"Gans2018(453)\"\n                    alt=\"Gans2018(453)\"\n                    src=\"http:\/\/www.karate-neuhofen.at\/wp-content\/gallery\/trainingslager-gnas-2018\/thumbs\/thumbs_Gans2018453.JPG\"\n                    width=\"240\"\n                    height=\"160\"\n                    style=\"max-width:100%;\"\n                \/>\n            <\/a>\n        <\/div>\n\t\t\t\t\t\t\t<\/div> \n\t\t\t\n        \n\t\t\t\t<div id=\"ngg-image-353\" class=\"ngg-gallery-thumbnail-box\" >\n\t\t\t\t        <div class=\"ngg-gallery-thumbnail\">\n            <a href=\"http:\/\/www.karate-neuhofen.at\/wp-content\/gallery\/trainingslager-gnas-2018\/Gans2018454.JPG\"\n               title=\"\"\n               data-src=\"http:\/\/www.karate-neuhofen.at\/wp-content\/gallery\/trainingslager-gnas-2018\/Gans2018454.JPG\"\n               data-thumbnail=\"http:\/\/www.karate-neuhofen.at\/wp-content\/gallery\/trainingslager-gnas-2018\/thumbs\/thumbs_Gans2018454.JPG\"\n               data-image-id=\"19206\"\n               data-title=\"Gans2018(454)\"\n               data-description=\"\"\n               data-image-slug=\"gans2018454\"\n               class=\"shutterset_5a0da7a1340930de18337e8275bb6594\">\n                <img\n                    title=\"Gans2018(454)\"\n                    alt=\"Gans2018(454)\"\n                    src=\"http:\/\/www.karate-neuhofen.at\/wp-content\/gallery\/trainingslager-gnas-2018\/thumbs\/thumbs_Gans2018454.JPG\"\n                    width=\"240\"\n                    height=\"160\"\n                    style=\"max-width:100%;\"\n                \/>\n            <\/a>\n        <\/div>\n\t\t\t\t\t\t\t<\/div> \n\t\t\t\n        \n\t\t\t\t<div id=\"ngg-image-354\" class=\"ngg-gallery-thumbnail-box\" >\n\t\t\t\t        <div class=\"ngg-gallery-thumbnail\">\n            <a href=\"http:\/\/www.karate-neuhofen.at\/wp-content\/gallery\/trainingslager-gnas-2018\/Gans2018455.JPG\"\n               title=\"\"\n               data-src=\"http:\/\/www.karate-neuhofen.at\/wp-content\/gallery\/trainingslager-gnas-2018\/Gans2018455.JPG\"\n               data-thumbnail=\"http:\/\/www.karate-neuhofen.at\/wp-content\/gallery\/trainingslager-gnas-2018\/thumbs\/thumbs_Gans2018455.JPG\"\n               data-image-id=\"19207\"\n               data-title=\"Gans2018(455)\"\n               data-description=\"\"\n               data-image-slug=\"gans2018455\"\n               class=\"shutterset_5a0da7a1340930de18337e8275bb6594\">\n                <img\n                    title=\"Gans2018(455)\"\n                    alt=\"Gans2018(455)\"\n                    src=\"http:\/\/www.karate-neuhofen.at\/wp-content\/gallery\/trainingslager-gnas-2018\/thumbs\/thumbs_Gans2018455.JPG\"\n                    width=\"240\"\n                    height=\"160\"\n                    style=\"max-width:100%;\"\n                \/>\n            <\/a>\n        <\/div>\n\t\t\t\t\t\t\t<\/div> \n\t\t\t\n        \n\t\t\t\t<div id=\"ngg-image-355\" class=\"ngg-gallery-thumbnail-box\" >\n\t\t\t\t        <div class=\"ngg-gallery-thumbnail\">\n            <a href=\"http:\/\/www.karate-neuhofen.at\/wp-content\/gallery\/trainingslager-gnas-2018\/Gans2018456.JPG\"\n               title=\"\"\n               data-src=\"http:\/\/www.karate-neuhofen.at\/wp-content\/gallery\/trainingslager-gnas-2018\/Gans2018456.JPG\"\n               data-thumbnail=\"http:\/\/www.karate-neuhofen.at\/wp-content\/gallery\/trainingslager-gnas-2018\/thumbs\/thumbs_Gans2018456.JPG\"\n               data-image-id=\"19208\"\n               data-title=\"Gans2018(456)\"\n               data-description=\"\"\n               data-image-slug=\"gans2018456\"\n               class=\"shutterset_5a0da7a1340930de18337e8275bb6594\">\n                <img\n                    title=\"Gans2018(456)\"\n                    alt=\"Gans2018(456)\"\n                    src=\"http:\/\/www.karate-neuhofen.at\/wp-content\/gallery\/trainingslager-gnas-2018\/thumbs\/thumbs_Gans2018456.JPG\"\n                    width=\"240\"\n                    height=\"160\"\n                    style=\"max-width:100%;\"\n                \/>\n            <\/a>\n        <\/div>\n\t\t\t\t\t\t\t<\/div> \n\t\t\t\n        \n\t\t\t\t<div id=\"ngg-image-356\" class=\"ngg-gallery-thumbnail-box\" >\n\t\t\t\t        <div class=\"ngg-gallery-thumbnail\">\n            <a href=\"http:\/\/www.karate-neuhofen.at\/wp-content\/gallery\/trainingslager-gnas-2018\/Gans2018457.JPG\"\n               title=\"\"\n               data-src=\"http:\/\/www.karate-neuhofen.at\/wp-content\/gallery\/trainingslager-gnas-2018\/Gans2018457.JPG\"\n               data-thumbnail=\"http:\/\/www.karate-neuhofen.at\/wp-content\/gallery\/trainingslager-gnas-2018\/thumbs\/thumbs_Gans2018457.JPG\"\n               data-image-id=\"19209\"\n               data-title=\"Gans2018(457)\"\n               data-description=\"\"\n               data-image-slug=\"gans2018457\"\n               class=\"shutterset_5a0da7a1340930de18337e8275bb6594\">\n                <img\n                    title=\"Gans2018(457)\"\n                    alt=\"Gans2018(457)\"\n                    src=\"http:\/\/www.karate-neuhofen.at\/wp-content\/gallery\/trainingslager-gnas-2018\/thumbs\/thumbs_Gans2018457.JPG\"\n                    width=\"240\"\n                    height=\"160\"\n                    style=\"max-width:100%;\"\n                \/>\n            <\/a>\n        <\/div>\n\t\t\t\t\t\t\t<\/div> \n\t\t\t\n        \n\t\t\t\t<div id=\"ngg-image-357\" class=\"ngg-gallery-thumbnail-box\" >\n\t\t\t\t        <div class=\"ngg-gallery-thumbnail\">\n            <a href=\"http:\/\/www.karate-neuhofen.at\/wp-content\/gallery\/trainingslager-gnas-2018\/Gans2018458.JPG\"\n               title=\"\"\n               data-src=\"http:\/\/www.karate-neuhofen.at\/wp-content\/gallery\/trainingslager-gnas-2018\/Gans2018458.JPG\"\n               data-thumbnail=\"http:\/\/www.karate-neuhofen.at\/wp-content\/gallery\/trainingslager-gnas-2018\/thumbs\/thumbs_Gans2018458.JPG\"\n               data-image-id=\"19210\"\n               data-title=\"Gans2018(458)\"\n               data-description=\"\"\n               data-image-slug=\"gans2018458\"\n               class=\"shutterset_5a0da7a1340930de18337e8275bb6594\">\n                <img\n                    title=\"Gans2018(458)\"\n                    alt=\"Gans2018(458)\"\n                    src=\"http:\/\/www.karate-neuhofen.at\/wp-content\/gallery\/trainingslager-gnas-2018\/thumbs\/thumbs_Gans2018458.JPG\"\n                    width=\"240\"\n                    height=\"160\"\n                    style=\"max-width:100%;\"\n                \/>\n            <\/a>\n        <\/div>\n\t\t\t\t\t\t\t<\/div> \n\t\t\t\n        \n\t\t\t\t<div id=\"ngg-image-358\" class=\"ngg-gallery-thumbnail-box\" >\n\t\t\t\t        <div class=\"ngg-gallery-thumbnail\">\n            <a href=\"http:\/\/www.karate-neuhofen.at\/wp-content\/gallery\/trainingslager-gnas-2018\/Gans2018459.JPG\"\n               title=\"\"\n               data-src=\"http:\/\/www.karate-neuhofen.at\/wp-content\/gallery\/trainingslager-gnas-2018\/Gans2018459.JPG\"\n               data-thumbnail=\"http:\/\/www.karate-neuhofen.at\/wp-content\/gallery\/trainingslager-gnas-2018\/thumbs\/thumbs_Gans2018459.JPG\"\n               data-image-id=\"19211\"\n               data-title=\"Gans2018(459)\"\n               data-description=\"\"\n               data-image-slug=\"gans2018459\"\n               class=\"shutterset_5a0da7a1340930de18337e8275bb6594\">\n                <img\n                    title=\"Gans2018(459)\"\n                    alt=\"Gans2018(459)\"\n                    src=\"http:\/\/www.karate-neuhofen.at\/wp-content\/gallery\/trainingslager-gnas-2018\/thumbs\/thumbs_Gans2018459.JPG\"\n                    width=\"240\"\n                    height=\"160\"\n                    style=\"max-width:100%;\"\n                \/>\n            <\/a>\n        <\/div>\n\t\t\t\t\t\t\t<\/div> \n\t\t\t\n        \n\t\t\t\t<div id=\"ngg-image-359\" class=\"ngg-gallery-thumbnail-box\" >\n\t\t\t\t        <div class=\"ngg-gallery-thumbnail\">\n            <a href=\"http:\/\/www.karate-neuhofen.at\/wp-content\/gallery\/trainingslager-gnas-2018\/Gans2018460.JPG\"\n               title=\"\"\n               data-src=\"http:\/\/www.karate-neuhofen.at\/wp-content\/gallery\/trainingslager-gnas-2018\/Gans2018460.JPG\"\n               data-thumbnail=\"http:\/\/www.karate-neuhofen.at\/wp-content\/gallery\/trainingslager-gnas-2018\/thumbs\/thumbs_Gans2018460.JPG\"\n               data-image-id=\"19212\"\n               data-title=\"Gans2018(460)\"\n               data-description=\"\"\n               data-image-slug=\"gans2018460\"\n               class=\"shutterset_5a0da7a1340930de18337e8275bb6594\">\n                <img\n                    title=\"Gans2018(460)\"\n                    alt=\"Gans2018(460)\"\n                    src=\"http:\/\/www.karate-neuhofen.at\/wp-content\/gallery\/trainingslager-gnas-2018\/thumbs\/thumbs_Gans2018460.JPG\"\n                    width=\"240\"\n                    height=\"160\"\n                    style=\"max-width:100%;\"\n                \/>\n            <\/a>\n        <\/div>\n\t\t\t\t\t\t\t<\/div> \n\t\t\t\n        \n\t\t\t\t<div id=\"ngg-image-360\" class=\"ngg-gallery-thumbnail-box\" >\n\t\t\t\t        <div class=\"ngg-gallery-thumbnail\">\n            <a href=\"http:\/\/www.karate-neuhofen.at\/wp-content\/gallery\/trainingslager-gnas-2018\/Gans2018461.JPG\"\n               title=\"\"\n               data-src=\"http:\/\/www.karate-neuhofen.at\/wp-content\/gallery\/trainingslager-gnas-2018\/Gans2018461.JPG\"\n               data-thumbnail=\"http:\/\/www.karate-neuhofen.at\/wp-content\/gallery\/trainingslager-gnas-2018\/thumbs\/thumbs_Gans2018461.JPG\"\n               data-image-id=\"19213\"\n               data-title=\"Gans2018(461)\"\n               data-description=\"\"\n               data-image-slug=\"gans2018461\"\n               class=\"shutterset_5a0da7a1340930de18337e8275bb6594\">\n                <img\n                    title=\"Gans2018(461)\"\n                    alt=\"Gans2018(461)\"\n                    src=\"http:\/\/www.karate-neuhofen.at\/wp-content\/gallery\/trainingslager-gnas-2018\/thumbs\/thumbs_Gans2018461.JPG\"\n                    width=\"240\"\n                    height=\"160\"\n                    style=\"max-width:100%;\"\n                \/>\n            <\/a>\n        <\/div>\n\t\t\t\t\t\t\t<\/div> \n\t\t\t\n        \n\t\t\t\t<div id=\"ngg-image-361\" class=\"ngg-gallery-thumbnail-box\" >\n\t\t\t\t        <div class=\"ngg-gallery-thumbnail\">\n            <a href=\"http:\/\/www.karate-neuhofen.at\/wp-content\/gallery\/trainingslager-gnas-2018\/Gans2018462.JPG\"\n               title=\"\"\n               data-src=\"http:\/\/www.karate-neuhofen.at\/wp-content\/gallery\/trainingslager-gnas-2018\/Gans2018462.JPG\"\n               data-thumbnail=\"http:\/\/www.karate-neuhofen.at\/wp-content\/gallery\/trainingslager-gnas-2018\/thumbs\/thumbs_Gans2018462.JPG\"\n               data-image-id=\"19214\"\n               data-title=\"Gans2018(462)\"\n               data-description=\"\"\n               data-image-slug=\"gans2018462\"\n               class=\"shutterset_5a0da7a1340930de18337e8275bb6594\">\n                <img\n                    title=\"Gans2018(462)\"\n                    alt=\"Gans2018(462)\"\n                    src=\"http:\/\/www.karate-neuhofen.at\/wp-content\/gallery\/trainingslager-gnas-2018\/thumbs\/thumbs_Gans2018462.JPG\"\n                    width=\"240\"\n                    height=\"160\"\n                    style=\"max-width:100%;\"\n                \/>\n            <\/a>\n        <\/div>\n\t\t\t\t\t\t\t<\/div> \n\t\t\t\n        \n\t\t\t\t<div id=\"ngg-image-362\" class=\"ngg-gallery-thumbnail-box\" >\n\t\t\t\t        <div class=\"ngg-gallery-thumbnail\">\n            <a href=\"http:\/\/www.karate-neuhofen.at\/wp-content\/gallery\/trainingslager-gnas-2018\/Gans2018463.JPG\"\n               title=\"\"\n               data-src=\"http:\/\/www.karate-neuhofen.at\/wp-content\/gallery\/trainingslager-gnas-2018\/Gans2018463.JPG\"\n               data-thumbnail=\"http:\/\/www.karate-neuhofen.at\/wp-content\/gallery\/trainingslager-gnas-2018\/thumbs\/thumbs_Gans2018463.JPG\"\n               data-image-id=\"19215\"\n               data-title=\"Gans2018(463)\"\n               data-description=\"\"\n               data-image-slug=\"gans2018463\"\n               class=\"shutterset_5a0da7a1340930de18337e8275bb6594\">\n                <img\n                    title=\"Gans2018(463)\"\n                    alt=\"Gans2018(463)\"\n                    src=\"http:\/\/www.karate-neuhofen.at\/wp-content\/gallery\/trainingslager-gnas-2018\/thumbs\/thumbs_Gans2018463.JPG\"\n                    width=\"240\"\n                    height=\"160\"\n                    style=\"max-width:100%;\"\n                \/>\n            <\/a>\n        <\/div>\n\t\t\t\t\t\t\t<\/div> \n\t\t\t\n        \n\t\t\t\t<div id=\"ngg-image-363\" class=\"ngg-gallery-thumbnail-box\" >\n\t\t\t\t        <div class=\"ngg-gallery-thumbnail\">\n            <a href=\"http:\/\/www.karate-neuhofen.at\/wp-content\/gallery\/trainingslager-gnas-2018\/Gans2018464.JPG\"\n               title=\"\"\n               data-src=\"http:\/\/www.karate-neuhofen.at\/wp-content\/gallery\/trainingslager-gnas-2018\/Gans2018464.JPG\"\n               data-thumbnail=\"http:\/\/www.karate-neuhofen.at\/wp-content\/gallery\/trainingslager-gnas-2018\/thumbs\/thumbs_Gans2018464.JPG\"\n               data-image-id=\"19216\"\n               data-title=\"Gans2018(464)\"\n               data-description=\"\"\n               data-image-slug=\"gans2018464\"\n               class=\"shutterset_5a0da7a1340930de18337e8275bb6594\">\n                <img\n                    title=\"Gans2018(464)\"\n                    alt=\"Gans2018(464)\"\n                    src=\"http:\/\/www.karate-neuhofen.at\/wp-content\/gallery\/trainingslager-gnas-2018\/thumbs\/thumbs_Gans2018464.JPG\"\n                    width=\"240\"\n                    height=\"160\"\n                    style=\"max-width:100%;\"\n                \/>\n            <\/a>\n        <\/div>\n\t\t\t\t\t\t\t<\/div> \n\t\t\t\n        \n\t\t\t\t<div id=\"ngg-image-364\" class=\"ngg-gallery-thumbnail-box\" >\n\t\t\t\t        <div class=\"ngg-gallery-thumbnail\">\n            <a href=\"http:\/\/www.karate-neuhofen.at\/wp-content\/gallery\/trainingslager-gnas-2018\/Gans2018465.JPG\"\n               title=\"\"\n               data-src=\"http:\/\/www.karate-neuhofen.at\/wp-content\/gallery\/trainingslager-gnas-2018\/Gans2018465.JPG\"\n               data-thumbnail=\"http:\/\/www.karate-neuhofen.at\/wp-content\/gallery\/trainingslager-gnas-2018\/thumbs\/thumbs_Gans2018465.JPG\"\n               data-image-id=\"19217\"\n               data-title=\"Gans2018(465)\"\n               data-description=\"\"\n               data-image-slug=\"gans2018465\"\n               class=\"shutterset_5a0da7a1340930de18337e8275bb6594\">\n                <img\n                    title=\"Gans2018(465)\"\n                    alt=\"Gans2018(465)\"\n                    src=\"http:\/\/www.karate-neuhofen.at\/wp-content\/gallery\/trainingslager-gnas-2018\/thumbs\/thumbs_Gans2018465.JPG\"\n                    width=\"240\"\n                    height=\"160\"\n                    style=\"max-width:100%;\"\n                \/>\n            <\/a>\n        <\/div>\n\t\t\t\t\t\t\t<\/div> \n\t\t\t\n        \n\t\t\t\t<div id=\"ngg-image-365\" class=\"ngg-gallery-thumbnail-box\" >\n\t\t\t\t        <div class=\"ngg-gallery-thumbnail\">\n            <a href=\"http:\/\/www.karate-neuhofen.at\/wp-content\/gallery\/trainingslager-gnas-2018\/Gans2018466.JPG\"\n               title=\"\"\n               data-src=\"http:\/\/www.karate-neuhofen.at\/wp-content\/gallery\/trainingslager-gnas-2018\/Gans2018466.JPG\"\n               data-thumbnail=\"http:\/\/www.karate-neuhofen.at\/wp-content\/gallery\/trainingslager-gnas-2018\/thumbs\/thumbs_Gans2018466.JPG\"\n               data-image-id=\"19218\"\n               data-title=\"Gans2018(466)\"\n               data-description=\"\"\n               data-image-slug=\"gans2018466\"\n               class=\"shutterset_5a0da7a1340930de18337e8275bb6594\">\n                <img\n                    title=\"Gans2018(466)\"\n                    alt=\"Gans2018(466)\"\n                    src=\"http:\/\/www.karate-neuhofen.at\/wp-content\/gallery\/trainingslager-gnas-2018\/thumbs\/thumbs_Gans2018466.JPG\"\n                    width=\"240\"\n                    height=\"160\"\n                    style=\"max-width:100%;\"\n                \/>\n            <\/a>\n        <\/div>\n\t\t\t\t\t\t\t<\/div> \n\t\t\t\n        \n\t\t\t\t<div id=\"ngg-image-366\" class=\"ngg-gallery-thumbnail-box\" >\n\t\t\t\t        <div class=\"ngg-gallery-thumbnail\">\n            <a href=\"http:\/\/www.karate-neuhofen.at\/wp-content\/gallery\/trainingslager-gnas-2018\/Gans2018467.JPG\"\n               title=\"\"\n               data-src=\"http:\/\/www.karate-neuhofen.at\/wp-content\/gallery\/trainingslager-gnas-2018\/Gans2018467.JPG\"\n               data-thumbnail=\"http:\/\/www.karate-neuhofen.at\/wp-content\/gallery\/trainingslager-gnas-2018\/thumbs\/thumbs_Gans2018467.JPG\"\n               data-image-id=\"19219\"\n               data-title=\"Gans2018(467)\"\n               data-description=\"\"\n               data-image-slug=\"gans2018467\"\n               class=\"shutterset_5a0da7a1340930de18337e8275bb6594\">\n                <img\n                    title=\"Gans2018(467)\"\n                    alt=\"Gans2018(467)\"\n                    src=\"http:\/\/www.karate-neuhofen.at\/wp-content\/gallery\/trainingslager-gnas-2018\/thumbs\/thumbs_Gans2018467.JPG\"\n                    width=\"240\"\n                    height=\"160\"\n                    style=\"max-width:100%;\"\n                \/>\n            <\/a>\n        <\/div>\n\t\t\t\t\t\t\t<\/div> \n\t\t\t\n        \n\t\t\t\t<div id=\"ngg-image-367\" class=\"ngg-gallery-thumbnail-box\" >\n\t\t\t\t        <div class=\"ngg-gallery-thumbnail\">\n            <a href=\"http:\/\/www.karate-neuhofen.at\/wp-content\/gallery\/trainingslager-gnas-2018\/Gans2018468.JPG\"\n               title=\"\"\n               data-src=\"http:\/\/www.karate-neuhofen.at\/wp-content\/gallery\/trainingslager-gnas-2018\/Gans2018468.JPG\"\n               data-thumbnail=\"http:\/\/www.karate-neuhofen.at\/wp-content\/gallery\/trainingslager-gnas-2018\/thumbs\/thumbs_Gans2018468.JPG\"\n               data-image-id=\"19220\"\n               data-title=\"Gans2018(468)\"\n               data-description=\"\"\n               data-image-slug=\"gans2018468\"\n               class=\"shutterset_5a0da7a1340930de18337e8275bb6594\">\n                <img\n                    title=\"Gans2018(468)\"\n                    alt=\"Gans2018(468)\"\n                    src=\"http:\/\/www.karate-neuhofen.at\/wp-content\/gallery\/trainingslager-gnas-2018\/thumbs\/thumbs_Gans2018468.JPG\"\n                    width=\"240\"\n                    height=\"160\"\n                    style=\"max-width:100%;\"\n                \/>\n            <\/a>\n        <\/div>\n\t\t\t\t\t\t\t<\/div> \n\t\t\t\n        \n\t\t\t\t<div id=\"ngg-image-368\" class=\"ngg-gallery-thumbnail-box\" >\n\t\t\t\t        <div class=\"ngg-gallery-thumbnail\">\n            <a href=\"http:\/\/www.karate-neuhofen.at\/wp-content\/gallery\/trainingslager-gnas-2018\/Gans2018469.JPG\"\n               title=\"\"\n               data-src=\"http:\/\/www.karate-neuhofen.at\/wp-content\/gallery\/trainingslager-gnas-2018\/Gans2018469.JPG\"\n               data-thumbnail=\"http:\/\/www.karate-neuhofen.at\/wp-content\/gallery\/trainingslager-gnas-2018\/thumbs\/thumbs_Gans2018469.JPG\"\n               data-image-id=\"19221\"\n               data-title=\"Gans2018(469)\"\n               data-description=\"\"\n               data-image-slug=\"gans2018469\"\n               class=\"shutterset_5a0da7a1340930de18337e8275bb6594\">\n                <img\n                    title=\"Gans2018(469)\"\n                    alt=\"Gans2018(469)\"\n                    src=\"http:\/\/www.karate-neuhofen.at\/wp-content\/gallery\/trainingslager-gnas-2018\/thumbs\/thumbs_Gans2018469.JPG\"\n                    width=\"240\"\n                    height=\"160\"\n                    style=\"max-width:100%;\"\n                \/>\n            <\/a>\n        <\/div>\n\t\t\t\t\t\t\t<\/div> \n\t\t\t\n        \n\t\t\t\t<div id=\"ngg-image-369\" class=\"ngg-gallery-thumbnail-box\" >\n\t\t\t\t        <div class=\"ngg-gallery-thumbnail\">\n            <a href=\"http:\/\/www.karate-neuhofen.at\/wp-content\/gallery\/trainingslager-gnas-2018\/Gans2018470.jpg\"\n               title=\"\"\n               data-src=\"http:\/\/www.karate-neuhofen.at\/wp-content\/gallery\/trainingslager-gnas-2018\/Gans2018470.jpg\"\n               data-thumbnail=\"http:\/\/www.karate-neuhofen.at\/wp-content\/gallery\/trainingslager-gnas-2018\/thumbs\/thumbs_Gans2018470.jpg\"\n               data-image-id=\"19222\"\n               data-title=\"Gans2018(470)\"\n               data-description=\"\"\n               data-image-slug=\"gans2018470\"\n               class=\"shutterset_5a0da7a1340930de18337e8275bb6594\">\n                <img\n                    title=\"Gans2018(470)\"\n                    alt=\"Gans2018(470)\"\n                    src=\"http:\/\/www.karate-neuhofen.at\/wp-content\/gallery\/trainingslager-gnas-2018\/thumbs\/thumbs_Gans2018470.jpg\"\n                    width=\"240\"\n                    height=\"160\"\n                    style=\"max-width:100%;\"\n                \/>\n            <\/a>\n        <\/div>\n\t\t\t\t\t\t\t<\/div> \n\t\t\t\n        \n\t\t\t\t<div id=\"ngg-image-370\" class=\"ngg-gallery-thumbnail-box\" >\n\t\t\t\t        <div class=\"ngg-gallery-thumbnail\">\n            <a href=\"http:\/\/www.karate-neuhofen.at\/wp-content\/gallery\/trainingslager-gnas-2018\/Gans2018471.jpg\"\n               title=\"\"\n               data-src=\"http:\/\/www.karate-neuhofen.at\/wp-content\/gallery\/trainingslager-gnas-2018\/Gans2018471.jpg\"\n               data-thumbnail=\"http:\/\/www.karate-neuhofen.at\/wp-content\/gallery\/trainingslager-gnas-2018\/thumbs\/thumbs_Gans2018471.jpg\"\n               data-image-id=\"19223\"\n               data-title=\"Gans2018(471)\"\n               data-description=\"\"\n               data-image-slug=\"gans2018471\"\n               class=\"shutterset_5a0da7a1340930de18337e8275bb6594\">\n                <img\n                    title=\"Gans2018(471)\"\n                    alt=\"Gans2018(471)\"\n                    src=\"http:\/\/www.karate-neuhofen.at\/wp-content\/gallery\/trainingslager-gnas-2018\/thumbs\/thumbs_Gans2018471.jpg\"\n                    width=\"240\"\n                    height=\"160\"\n                    style=\"max-width:100%;\"\n                \/>\n            <\/a>\n        <\/div>\n\t\t\t\t\t\t\t<\/div> \n\t\t\t\n        \n\t\t\t\t<div id=\"ngg-image-371\" class=\"ngg-gallery-thumbnail-box\" >\n\t\t\t\t        <div class=\"ngg-gallery-thumbnail\">\n            <a href=\"http:\/\/www.karate-neuhofen.at\/wp-content\/gallery\/trainingslager-gnas-2018\/Gans2018472.jpg\"\n               title=\"\"\n               data-src=\"http:\/\/www.karate-neuhofen.at\/wp-content\/gallery\/trainingslager-gnas-2018\/Gans2018472.jpg\"\n               data-thumbnail=\"http:\/\/www.karate-neuhofen.at\/wp-content\/gallery\/trainingslager-gnas-2018\/thumbs\/thumbs_Gans2018472.jpg\"\n               data-image-id=\"19224\"\n               data-title=\"Gans2018(472)\"\n               data-description=\"\"\n               data-image-slug=\"gans2018472\"\n               class=\"shutterset_5a0da7a1340930de18337e8275bb6594\">\n                <img\n                    title=\"Gans2018(472)\"\n                    alt=\"Gans2018(472)\"\n                    src=\"http:\/\/www.karate-neuhofen.at\/wp-content\/gallery\/trainingslager-gnas-2018\/thumbs\/thumbs_Gans2018472.jpg\"\n                    width=\"240\"\n                    height=\"160\"\n                    style=\"max-width:100%;\"\n                \/>\n            <\/a>\n        <\/div>\n\t\t\t\t\t\t\t<\/div> \n\t\t\t\n        \n\t\t\t\t<div id=\"ngg-image-372\" class=\"ngg-gallery-thumbnail-box\" >\n\t\t\t\t        <div class=\"ngg-gallery-thumbnail\">\n            <a href=\"http:\/\/www.karate-neuhofen.at\/wp-content\/gallery\/trainingslager-gnas-2018\/Gans2018473.JPG\"\n               title=\"\"\n               data-src=\"http:\/\/www.karate-neuhofen.at\/wp-content\/gallery\/trainingslager-gnas-2018\/Gans2018473.JPG\"\n               data-thumbnail=\"http:\/\/www.karate-neuhofen.at\/wp-content\/gallery\/trainingslager-gnas-2018\/thumbs\/thumbs_Gans2018473.JPG\"\n               data-image-id=\"19225\"\n               data-title=\"Gans2018(473)\"\n               data-description=\"\"\n               data-image-slug=\"gans2018473\"\n               class=\"shutterset_5a0da7a1340930de18337e8275bb6594\">\n                <img\n                    title=\"Gans2018(473)\"\n                    alt=\"Gans2018(473)\"\n                    src=\"http:\/\/www.karate-neuhofen.at\/wp-content\/gallery\/trainingslager-gnas-2018\/thumbs\/thumbs_Gans2018473.JPG\"\n                    width=\"240\"\n                    height=\"160\"\n                    style=\"max-width:100%;\"\n                \/>\n            <\/a>\n        <\/div>\n\t\t\t\t\t\t\t<\/div> \n\t\t\t\n        \n\t\t\t\t<div id=\"ngg-image-373\" class=\"ngg-gallery-thumbnail-box\" >\n\t\t\t\t        <div class=\"ngg-gallery-thumbnail\">\n            <a href=\"http:\/\/www.karate-neuhofen.at\/wp-content\/gallery\/trainingslager-gnas-2018\/Gans2018474.jpg\"\n               title=\"\"\n               data-src=\"http:\/\/www.karate-neuhofen.at\/wp-content\/gallery\/trainingslager-gnas-2018\/Gans2018474.jpg\"\n               data-thumbnail=\"http:\/\/www.karate-neuhofen.at\/wp-content\/gallery\/trainingslager-gnas-2018\/thumbs\/thumbs_Gans2018474.jpg\"\n               data-image-id=\"19226\"\n               data-title=\"Gans2018(474)\"\n               data-description=\"\"\n               data-image-slug=\"gans2018474\"\n               class=\"shutterset_5a0da7a1340930de18337e8275bb6594\">\n                <img\n                    title=\"Gans2018(474)\"\n                    alt=\"Gans2018(474)\"\n                    src=\"http:\/\/www.karate-neuhofen.at\/wp-content\/gallery\/trainingslager-gnas-2018\/thumbs\/thumbs_Gans2018474.jpg\"\n                    width=\"240\"\n                    height=\"160\"\n                    style=\"max-width:100%;\"\n                \/>\n            <\/a>\n        <\/div>\n\t\t\t\t\t\t\t<\/div> \n\t\t\t\n        \n\t\t\t\t<div id=\"ngg-image-374\" class=\"ngg-gallery-thumbnail-box\" >\n\t\t\t\t        <div class=\"ngg-gallery-thumbnail\">\n            <a href=\"http:\/\/www.karate-neuhofen.at\/wp-content\/gallery\/trainingslager-gnas-2018\/Gans2018475.JPG\"\n               title=\"\"\n               data-src=\"http:\/\/www.karate-neuhofen.at\/wp-content\/gallery\/trainingslager-gnas-2018\/Gans2018475.JPG\"\n               data-thumbnail=\"http:\/\/www.karate-neuhofen.at\/wp-content\/gallery\/trainingslager-gnas-2018\/thumbs\/thumbs_Gans2018475.JPG\"\n               data-image-id=\"19227\"\n               data-title=\"Gans2018(475)\"\n               data-description=\"\"\n               data-image-slug=\"gans2018475\"\n               class=\"shutterset_5a0da7a1340930de18337e8275bb6594\">\n                <img\n                    title=\"Gans2018(475)\"\n                    alt=\"Gans2018(475)\"\n                    src=\"http:\/\/www.karate-neuhofen.at\/wp-content\/gallery\/trainingslager-gnas-2018\/thumbs\/thumbs_Gans2018475.JPG\"\n                    width=\"240\"\n                    height=\"160\"\n                    style=\"max-width:100%;\"\n                \/>\n            <\/a>\n        <\/div>\n\t\t\t\t\t\t\t<\/div> \n\t\t\t\n        \n\t\t\t\t<div id=\"ngg-image-375\" class=\"ngg-gallery-thumbnail-box\" >\n\t\t\t\t        <div class=\"ngg-gallery-thumbnail\">\n            <a href=\"http:\/\/www.karate-neuhofen.at\/wp-content\/gallery\/trainingslager-gnas-2018\/Gans2018476.JPG\"\n               title=\"\"\n               data-src=\"http:\/\/www.karate-neuhofen.at\/wp-content\/gallery\/trainingslager-gnas-2018\/Gans2018476.JPG\"\n               data-thumbnail=\"http:\/\/www.karate-neuhofen.at\/wp-content\/gallery\/trainingslager-gnas-2018\/thumbs\/thumbs_Gans2018476.JPG\"\n               data-image-id=\"19228\"\n               data-title=\"Gans2018(476)\"\n               data-description=\"\"\n               data-image-slug=\"gans2018476\"\n               class=\"shutterset_5a0da7a1340930de18337e8275bb6594\">\n                <img\n                    title=\"Gans2018(476)\"\n                    alt=\"Gans2018(476)\"\n                    src=\"http:\/\/www.karate-neuhofen.at\/wp-content\/gallery\/trainingslager-gnas-2018\/thumbs\/thumbs_Gans2018476.JPG\"\n                    width=\"240\"\n                    height=\"160\"\n                    style=\"max-width:100%;\"\n                \/>\n            <\/a>\n        <\/div>\n\t\t\t\t\t\t\t<\/div> \n\t\t\t\n        \n\t\t\t\t<div id=\"ngg-image-376\" class=\"ngg-gallery-thumbnail-box\" >\n\t\t\t\t        <div class=\"ngg-gallery-thumbnail\">\n            <a href=\"http:\/\/www.karate-neuhofen.at\/wp-content\/gallery\/trainingslager-gnas-2018\/Gans2018477.JPG\"\n               title=\"\"\n               data-src=\"http:\/\/www.karate-neuhofen.at\/wp-content\/gallery\/trainingslager-gnas-2018\/Gans2018477.JPG\"\n               data-thumbnail=\"http:\/\/www.karate-neuhofen.at\/wp-content\/gallery\/trainingslager-gnas-2018\/thumbs\/thumbs_Gans2018477.JPG\"\n               data-image-id=\"19229\"\n               data-title=\"Gans2018(477)\"\n               data-description=\"\"\n               data-image-slug=\"gans2018477\"\n               class=\"shutterset_5a0da7a1340930de18337e8275bb6594\">\n                <img\n                    title=\"Gans2018(477)\"\n                    alt=\"Gans2018(477)\"\n                    src=\"http:\/\/www.karate-neuhofen.at\/wp-content\/gallery\/trainingslager-gnas-2018\/thumbs\/thumbs_Gans2018477.JPG\"\n                    width=\"240\"\n                    height=\"160\"\n                    style=\"max-width:100%;\"\n                \/>\n            <\/a>\n        <\/div>\n\t\t\t\t\t\t\t<\/div> \n\t\t\t\n        \n\t\t\t\t<div id=\"ngg-image-377\" class=\"ngg-gallery-thumbnail-box\" >\n\t\t\t\t        <div class=\"ngg-gallery-thumbnail\">\n            <a href=\"http:\/\/www.karate-neuhofen.at\/wp-content\/gallery\/trainingslager-gnas-2018\/Gans2018478.JPG\"\n               title=\"\"\n               data-src=\"http:\/\/www.karate-neuhofen.at\/wp-content\/gallery\/trainingslager-gnas-2018\/Gans2018478.JPG\"\n               data-thumbnail=\"http:\/\/www.karate-neuhofen.at\/wp-content\/gallery\/trainingslager-gnas-2018\/thumbs\/thumbs_Gans2018478.JPG\"\n               data-image-id=\"19230\"\n               data-title=\"Gans2018(478)\"\n               data-description=\"\"\n               data-image-slug=\"gans2018478\"\n               class=\"shutterset_5a0da7a1340930de18337e8275bb6594\">\n                <img\n                    title=\"Gans2018(478)\"\n                    alt=\"Gans2018(478)\"\n                    src=\"http:\/\/www.karate-neuhofen.at\/wp-content\/gallery\/trainingslager-gnas-2018\/thumbs\/thumbs_Gans2018478.JPG\"\n                    width=\"240\"\n                    height=\"160\"\n                    style=\"max-width:100%;\"\n                \/>\n            <\/a>\n        <\/div>\n\t\t\t\t\t\t\t<\/div> \n\t\t\t\n        \n\t\t\t\t<div id=\"ngg-image-378\" class=\"ngg-gallery-thumbnail-box\" >\n\t\t\t\t        <div class=\"ngg-gallery-thumbnail\">\n            <a href=\"http:\/\/www.karate-neuhofen.at\/wp-content\/gallery\/trainingslager-gnas-2018\/Gans2018479.JPG\"\n               title=\"\"\n               data-src=\"http:\/\/www.karate-neuhofen.at\/wp-content\/gallery\/trainingslager-gnas-2018\/Gans2018479.JPG\"\n               data-thumbnail=\"http:\/\/www.karate-neuhofen.at\/wp-content\/gallery\/trainingslager-gnas-2018\/thumbs\/thumbs_Gans2018479.JPG\"\n               data-image-id=\"19231\"\n               data-title=\"Gans2018(479)\"\n               data-description=\"\"\n               data-image-slug=\"gans2018479\"\n               class=\"shutterset_5a0da7a1340930de18337e8275bb6594\">\n                <img\n                    title=\"Gans2018(479)\"\n                    alt=\"Gans2018(479)\"\n                    src=\"http:\/\/www.karate-neuhofen.at\/wp-content\/gallery\/trainingslager-gnas-2018\/thumbs\/thumbs_Gans2018479.JPG\"\n                    width=\"240\"\n                    height=\"160\"\n                    style=\"max-width:100%;\"\n                \/>\n            <\/a>\n        <\/div>\n\t\t\t\t\t\t\t<\/div> \n\t\t\t\n        \n\t\t\t\t<div id=\"ngg-image-379\" class=\"ngg-gallery-thumbnail-box\" >\n\t\t\t\t        <div class=\"ngg-gallery-thumbnail\">\n            <a href=\"http:\/\/www.karate-neuhofen.at\/wp-content\/gallery\/trainingslager-gnas-2018\/Gans2018480.JPG\"\n               title=\"\"\n               data-src=\"http:\/\/www.karate-neuhofen.at\/wp-content\/gallery\/trainingslager-gnas-2018\/Gans2018480.JPG\"\n               data-thumbnail=\"http:\/\/www.karate-neuhofen.at\/wp-content\/gallery\/trainingslager-gnas-2018\/thumbs\/thumbs_Gans2018480.JPG\"\n               data-image-id=\"19232\"\n               data-title=\"Gans2018(480)\"\n               data-description=\"\"\n               data-image-slug=\"gans2018480\"\n               class=\"shutterset_5a0da7a1340930de18337e8275bb6594\">\n                <img\n                    title=\"Gans2018(480)\"\n                    alt=\"Gans2018(480)\"\n                    src=\"http:\/\/www.karate-neuhofen.at\/wp-content\/gallery\/trainingslager-gnas-2018\/thumbs\/thumbs_Gans2018480.JPG\"\n                    width=\"240\"\n                    height=\"160\"\n                    style=\"max-width:100%;\"\n                \/>\n            <\/a>\n        <\/div>\n\t\t\t\t\t\t\t<\/div> \n\t\t\t\n        \n\t\t\t\t<div id=\"ngg-image-380\" class=\"ngg-gallery-thumbnail-box\" >\n\t\t\t\t        <div class=\"ngg-gallery-thumbnail\">\n            <a href=\"http:\/\/www.karate-neuhofen.at\/wp-content\/gallery\/trainingslager-gnas-2018\/Gans2018481.JPG\"\n               title=\"\"\n               data-src=\"http:\/\/www.karate-neuhofen.at\/wp-content\/gallery\/trainingslager-gnas-2018\/Gans2018481.JPG\"\n               data-thumbnail=\"http:\/\/www.karate-neuhofen.at\/wp-content\/gallery\/trainingslager-gnas-2018\/thumbs\/thumbs_Gans2018481.JPG\"\n               data-image-id=\"19233\"\n               data-title=\"Gans2018(481)\"\n               data-description=\"\"\n               data-image-slug=\"gans2018481\"\n               class=\"shutterset_5a0da7a1340930de18337e8275bb6594\">\n                <img\n                    title=\"Gans2018(481)\"\n                    alt=\"Gans2018(481)\"\n                    src=\"http:\/\/www.karate-neuhofen.at\/wp-content\/gallery\/trainingslager-gnas-2018\/thumbs\/thumbs_Gans2018481.JPG\"\n                    width=\"240\"\n                    height=\"160\"\n                    style=\"max-width:100%;\"\n                \/>\n            <\/a>\n        <\/div>\n\t\t\t\t\t\t\t<\/div> \n\t\t\t\n        \n\t\t\t\t<div id=\"ngg-image-381\" class=\"ngg-gallery-thumbnail-box\" >\n\t\t\t\t        <div class=\"ngg-gallery-thumbnail\">\n            <a href=\"http:\/\/www.karate-neuhofen.at\/wp-content\/gallery\/trainingslager-gnas-2018\/Gans2018482.JPG\"\n               title=\"\"\n               data-src=\"http:\/\/www.karate-neuhofen.at\/wp-content\/gallery\/trainingslager-gnas-2018\/Gans2018482.JPG\"\n               data-thumbnail=\"http:\/\/www.karate-neuhofen.at\/wp-content\/gallery\/trainingslager-gnas-2018\/thumbs\/thumbs_Gans2018482.JPG\"\n               data-image-id=\"19234\"\n               data-title=\"Gans2018(482)\"\n               data-description=\"\"\n               data-image-slug=\"gans2018482\"\n               class=\"shutterset_5a0da7a1340930de18337e8275bb6594\">\n                <img\n                    title=\"Gans2018(482)\"\n                    alt=\"Gans2018(482)\"\n                    src=\"http:\/\/www.karate-neuhofen.at\/wp-content\/gallery\/trainingslager-gnas-2018\/thumbs\/thumbs_Gans2018482.JPG\"\n                    width=\"240\"\n                    height=\"160\"\n                    style=\"max-width:100%;\"\n                \/>\n            <\/a>\n        <\/div>\n\t\t\t\t\t\t\t<\/div> \n\t\t\t\n        \n\t\t\t\t<div id=\"ngg-image-382\" class=\"ngg-gallery-thumbnail-box\" >\n\t\t\t\t        <div class=\"ngg-gallery-thumbnail\">\n            <a href=\"http:\/\/www.karate-neuhofen.at\/wp-content\/gallery\/trainingslager-gnas-2018\/Gans2018483.JPG\"\n               title=\"\"\n               data-src=\"http:\/\/www.karate-neuhofen.at\/wp-content\/gallery\/trainingslager-gnas-2018\/Gans2018483.JPG\"\n               data-thumbnail=\"http:\/\/www.karate-neuhofen.at\/wp-content\/gallery\/trainingslager-gnas-2018\/thumbs\/thumbs_Gans2018483.JPG\"\n               data-image-id=\"19235\"\n               data-title=\"Gans2018(483)\"\n               data-description=\"\"\n               data-image-slug=\"gans2018483\"\n               class=\"shutterset_5a0da7a1340930de18337e8275bb6594\">\n                <img\n                    title=\"Gans2018(483)\"\n                    alt=\"Gans2018(483)\"\n                    src=\"http:\/\/www.karate-neuhofen.at\/wp-content\/gallery\/trainingslager-gnas-2018\/thumbs\/thumbs_Gans2018483.JPG\"\n                    width=\"240\"\n                    height=\"160\"\n                    style=\"max-width:100%;\"\n                \/>\n            <\/a>\n        <\/div>\n\t\t\t\t\t\t\t<\/div> \n\t\t\t\n        \n\t\t\t\t<div id=\"ngg-image-383\" class=\"ngg-gallery-thumbnail-box\" >\n\t\t\t\t        <div class=\"ngg-gallery-thumbnail\">\n            <a href=\"http:\/\/www.karate-neuhofen.at\/wp-content\/gallery\/trainingslager-gnas-2018\/Gans2018484.JPG\"\n               title=\"\"\n               data-src=\"http:\/\/www.karate-neuhofen.at\/wp-content\/gallery\/trainingslager-gnas-2018\/Gans2018484.JPG\"\n               data-thumbnail=\"http:\/\/www.karate-neuhofen.at\/wp-content\/gallery\/trainingslager-gnas-2018\/thumbs\/thumbs_Gans2018484.JPG\"\n               data-image-id=\"19236\"\n               data-title=\"Gans2018(484)\"\n               data-description=\"\"\n               data-image-slug=\"gans2018484\"\n               class=\"shutterset_5a0da7a1340930de18337e8275bb6594\">\n                <img\n                    title=\"Gans2018(484)\"\n                    alt=\"Gans2018(484)\"\n                    src=\"http:\/\/www.karate-neuhofen.at\/wp-content\/gallery\/trainingslager-gnas-2018\/thumbs\/thumbs_Gans2018484.JPG\"\n                    width=\"240\"\n                    height=\"160\"\n                    style=\"max-width:100%;\"\n                \/>\n            <\/a>\n        <\/div>\n\t\t\t\t\t\t\t<\/div> \n\t\t\t\n        \n\t\t\t\t<div id=\"ngg-image-384\" class=\"ngg-gallery-thumbnail-box\" >\n\t\t\t\t        <div class=\"ngg-gallery-thumbnail\">\n            <a href=\"http:\/\/www.karate-neuhofen.at\/wp-content\/gallery\/trainingslager-gnas-2018\/Gans2018485.JPG\"\n               title=\"\"\n               data-src=\"http:\/\/www.karate-neuhofen.at\/wp-content\/gallery\/trainingslager-gnas-2018\/Gans2018485.JPG\"\n               data-thumbnail=\"http:\/\/www.karate-neuhofen.at\/wp-content\/gallery\/trainingslager-gnas-2018\/thumbs\/thumbs_Gans2018485.JPG\"\n               data-image-id=\"19237\"\n               data-title=\"Gans2018(485)\"\n               data-description=\"\"\n               data-image-slug=\"gans2018485\"\n               class=\"shutterset_5a0da7a1340930de18337e8275bb6594\">\n                <img\n                    title=\"Gans2018(485)\"\n                    alt=\"Gans2018(485)\"\n                    src=\"http:\/\/www.karate-neuhofen.at\/wp-content\/gallery\/trainingslager-gnas-2018\/thumbs\/thumbs_Gans2018485.JPG\"\n                    width=\"240\"\n                    height=\"160\"\n                    style=\"max-width:100%;\"\n                \/>\n            <\/a>\n        <\/div>\n\t\t\t\t\t\t\t<\/div> \n\t\t\t\n        \n\t\t\t\t<div id=\"ngg-image-385\" class=\"ngg-gallery-thumbnail-box\" >\n\t\t\t\t        <div class=\"ngg-gallery-thumbnail\">\n            <a href=\"http:\/\/www.karate-neuhofen.at\/wp-content\/gallery\/trainingslager-gnas-2018\/Gans2018486.JPG\"\n               title=\"\"\n               data-src=\"http:\/\/www.karate-neuhofen.at\/wp-content\/gallery\/trainingslager-gnas-2018\/Gans2018486.JPG\"\n               data-thumbnail=\"http:\/\/www.karate-neuhofen.at\/wp-content\/gallery\/trainingslager-gnas-2018\/thumbs\/thumbs_Gans2018486.JPG\"\n               data-image-id=\"19238\"\n               data-title=\"Gans2018(486)\"\n               data-description=\"\"\n               data-image-slug=\"gans2018486\"\n               class=\"shutterset_5a0da7a1340930de18337e8275bb6594\">\n                <img\n                    title=\"Gans2018(486)\"\n                    alt=\"Gans2018(486)\"\n                    src=\"http:\/\/www.karate-neuhofen.at\/wp-content\/gallery\/trainingslager-gnas-2018\/thumbs\/thumbs_Gans2018486.JPG\"\n                    width=\"240\"\n                    height=\"160\"\n                    style=\"max-width:100%;\"\n                \/>\n            <\/a>\n        <\/div>\n\t\t\t\t\t\t\t<\/div> \n\t\t\t\n        \n\t\t\t\t<div id=\"ngg-image-386\" class=\"ngg-gallery-thumbnail-box\" >\n\t\t\t\t        <div class=\"ngg-gallery-thumbnail\">\n            <a href=\"http:\/\/www.karate-neuhofen.at\/wp-content\/gallery\/trainingslager-gnas-2018\/Gans2018487.JPG\"\n               title=\"\"\n               data-src=\"http:\/\/www.karate-neuhofen.at\/wp-content\/gallery\/trainingslager-gnas-2018\/Gans2018487.JPG\"\n               data-thumbnail=\"http:\/\/www.karate-neuhofen.at\/wp-content\/gallery\/trainingslager-gnas-2018\/thumbs\/thumbs_Gans2018487.JPG\"\n               data-image-id=\"19239\"\n               data-title=\"Gans2018(487)\"\n               data-description=\"\"\n               data-image-slug=\"gans2018487\"\n               class=\"shutterset_5a0da7a1340930de18337e8275bb6594\">\n                <img\n                    title=\"Gans2018(487)\"\n                    alt=\"Gans2018(487)\"\n                    src=\"http:\/\/www.karate-neuhofen.at\/wp-content\/gallery\/trainingslager-gnas-2018\/thumbs\/thumbs_Gans2018487.JPG\"\n                    width=\"240\"\n                    height=\"160\"\n                    style=\"max-width:100%;\"\n                \/>\n            <\/a>\n        <\/div>\n\t\t\t\t\t\t\t<\/div> \n\t\t\t\n        \n\t\t\t\t<div id=\"ngg-image-387\" class=\"ngg-gallery-thumbnail-box\" >\n\t\t\t\t        <div class=\"ngg-gallery-thumbnail\">\n            <a href=\"http:\/\/www.karate-neuhofen.at\/wp-content\/gallery\/trainingslager-gnas-2018\/Gans2018488.JPG\"\n               title=\"\"\n               data-src=\"http:\/\/www.karate-neuhofen.at\/wp-content\/gallery\/trainingslager-gnas-2018\/Gans2018488.JPG\"\n               data-thumbnail=\"http:\/\/www.karate-neuhofen.at\/wp-content\/gallery\/trainingslager-gnas-2018\/thumbs\/thumbs_Gans2018488.JPG\"\n               data-image-id=\"19240\"\n               data-title=\"Gans2018(488)\"\n               data-description=\"\"\n               data-image-slug=\"gans2018488\"\n               class=\"shutterset_5a0da7a1340930de18337e8275bb6594\">\n                <img\n                    title=\"Gans2018(488)\"\n                    alt=\"Gans2018(488)\"\n                    src=\"http:\/\/www.karate-neuhofen.at\/wp-content\/gallery\/trainingslager-gnas-2018\/thumbs\/thumbs_Gans2018488.JPG\"\n                    width=\"240\"\n                    height=\"160\"\n                    style=\"max-width:100%;\"\n                \/>\n            <\/a>\n        <\/div>\n\t\t\t\t\t\t\t<\/div> \n\t\t\t\n        \n\t\t\t\t<div id=\"ngg-image-388\" class=\"ngg-gallery-thumbnail-box\" >\n\t\t\t\t        <div class=\"ngg-gallery-thumbnail\">\n            <a href=\"http:\/\/www.karate-neuhofen.at\/wp-content\/gallery\/trainingslager-gnas-2018\/Gans2018489.JPG\"\n               title=\"\"\n               data-src=\"http:\/\/www.karate-neuhofen.at\/wp-content\/gallery\/trainingslager-gnas-2018\/Gans2018489.JPG\"\n               data-thumbnail=\"http:\/\/www.karate-neuhofen.at\/wp-content\/gallery\/trainingslager-gnas-2018\/thumbs\/thumbs_Gans2018489.JPG\"\n               data-image-id=\"19241\"\n               data-title=\"Gans2018(489)\"\n               data-description=\"\"\n               data-image-slug=\"gans2018489\"\n               class=\"shutterset_5a0da7a1340930de18337e8275bb6594\">\n                <img\n                    title=\"Gans2018(489)\"\n                    alt=\"Gans2018(489)\"\n                    src=\"http:\/\/www.karate-neuhofen.at\/wp-content\/gallery\/trainingslager-gnas-2018\/thumbs\/thumbs_Gans2018489.JPG\"\n                    width=\"240\"\n                    height=\"160\"\n                    style=\"max-width:100%;\"\n                \/>\n            <\/a>\n        <\/div>\n\t\t\t\t\t\t\t<\/div> \n\t\t\t\n        \n\t\t\t\t<div id=\"ngg-image-389\" class=\"ngg-gallery-thumbnail-box\" >\n\t\t\t\t        <div class=\"ngg-gallery-thumbnail\">\n            <a href=\"http:\/\/www.karate-neuhofen.at\/wp-content\/gallery\/trainingslager-gnas-2018\/Gans2018490.JPG\"\n               title=\"\"\n               data-src=\"http:\/\/www.karate-neuhofen.at\/wp-content\/gallery\/trainingslager-gnas-2018\/Gans2018490.JPG\"\n               data-thumbnail=\"http:\/\/www.karate-neuhofen.at\/wp-content\/gallery\/trainingslager-gnas-2018\/thumbs\/thumbs_Gans2018490.JPG\"\n               data-image-id=\"19242\"\n               data-title=\"Gans2018(490)\"\n               data-description=\"\"\n               data-image-slug=\"gans2018490\"\n               class=\"shutterset_5a0da7a1340930de18337e8275bb6594\">\n                <img\n                    title=\"Gans2018(490)\"\n                    alt=\"Gans2018(490)\"\n                    src=\"http:\/\/www.karate-neuhofen.at\/wp-content\/gallery\/trainingslager-gnas-2018\/thumbs\/thumbs_Gans2018490.JPG\"\n                    width=\"240\"\n                    height=\"160\"\n                    style=\"max-width:100%;\"\n                \/>\n            <\/a>\n        <\/div>\n\t\t\t\t\t\t\t<\/div> \n\t\t\t\n        \n\t\t\t\t<div id=\"ngg-image-390\" class=\"ngg-gallery-thumbnail-box\" >\n\t\t\t\t        <div class=\"ngg-gallery-thumbnail\">\n            <a href=\"http:\/\/www.karate-neuhofen.at\/wp-content\/gallery\/trainingslager-gnas-2018\/Gans2018491.JPG\"\n               title=\"\"\n               data-src=\"http:\/\/www.karate-neuhofen.at\/wp-content\/gallery\/trainingslager-gnas-2018\/Gans2018491.JPG\"\n               data-thumbnail=\"http:\/\/www.karate-neuhofen.at\/wp-content\/gallery\/trainingslager-gnas-2018\/thumbs\/thumbs_Gans2018491.JPG\"\n               data-image-id=\"19243\"\n               data-title=\"Gans2018(491)\"\n               data-description=\"\"\n               data-image-slug=\"gans2018491\"\n               class=\"shutterset_5a0da7a1340930de18337e8275bb6594\">\n                <img\n                    title=\"Gans2018(491)\"\n                    alt=\"Gans2018(491)\"\n                    src=\"http:\/\/www.karate-neuhofen.at\/wp-content\/gallery\/trainingslager-gnas-2018\/thumbs\/thumbs_Gans2018491.JPG\"\n                    width=\"240\"\n                    height=\"160\"\n                    style=\"max-width:100%;\"\n                \/>\n            <\/a>\n        <\/div>\n\t\t\t\t\t\t\t<\/div> \n\t\t\t\n        \n\t\t\t\t<div id=\"ngg-image-391\" class=\"ngg-gallery-thumbnail-box\" >\n\t\t\t\t        <div class=\"ngg-gallery-thumbnail\">\n            <a href=\"http:\/\/www.karate-neuhofen.at\/wp-content\/gallery\/trainingslager-gnas-2018\/Gans2018492.JPG\"\n               title=\"\"\n               data-src=\"http:\/\/www.karate-neuhofen.at\/wp-content\/gallery\/trainingslager-gnas-2018\/Gans2018492.JPG\"\n               data-thumbnail=\"http:\/\/www.karate-neuhofen.at\/wp-content\/gallery\/trainingslager-gnas-2018\/thumbs\/thumbs_Gans2018492.JPG\"\n               data-image-id=\"19244\"\n               data-title=\"Gans2018(492)\"\n               data-description=\"\"\n               data-image-slug=\"gans2018492\"\n               class=\"shutterset_5a0da7a1340930de18337e8275bb6594\">\n                <img\n                    title=\"Gans2018(492)\"\n                    alt=\"Gans2018(492)\"\n                    src=\"http:\/\/www.karate-neuhofen.at\/wp-content\/gallery\/trainingslager-gnas-2018\/thumbs\/thumbs_Gans2018492.JPG\"\n                    width=\"240\"\n                    height=\"160\"\n                    style=\"max-width:100%;\"\n                \/>\n            <\/a>\n        <\/div>\n\t\t\t\t\t\t\t<\/div> \n\t\t\t\n        \n\t\t\t\t<div id=\"ngg-image-392\" class=\"ngg-gallery-thumbnail-box\" >\n\t\t\t\t        <div class=\"ngg-gallery-thumbnail\">\n            <a href=\"http:\/\/www.karate-neuhofen.at\/wp-content\/gallery\/trainingslager-gnas-2018\/Gans2018493.JPG\"\n               title=\"\"\n               data-src=\"http:\/\/www.karate-neuhofen.at\/wp-content\/gallery\/trainingslager-gnas-2018\/Gans2018493.JPG\"\n               data-thumbnail=\"http:\/\/www.karate-neuhofen.at\/wp-content\/gallery\/trainingslager-gnas-2018\/thumbs\/thumbs_Gans2018493.JPG\"\n               data-image-id=\"19245\"\n               data-title=\"Gans2018(493)\"\n               data-description=\"\"\n               data-image-slug=\"gans2018493\"\n               class=\"shutterset_5a0da7a1340930de18337e8275bb6594\">\n                <img\n                    title=\"Gans2018(493)\"\n                    alt=\"Gans2018(493)\"\n                    src=\"http:\/\/www.karate-neuhofen.at\/wp-content\/gallery\/trainingslager-gnas-2018\/thumbs\/thumbs_Gans2018493.JPG\"\n                    width=\"240\"\n                    height=\"160\"\n                    style=\"max-width:100%;\"\n                \/>\n            <\/a>\n        <\/div>\n\t\t\t\t\t\t\t<\/div> \n\t\t\t\n        \n\t\t\t\t<div id=\"ngg-image-393\" class=\"ngg-gallery-thumbnail-box\" >\n\t\t\t\t        <div class=\"ngg-gallery-thumbnail\">\n            <a href=\"http:\/\/www.karate-neuhofen.at\/wp-content\/gallery\/trainingslager-gnas-2018\/Gans2018494.JPG\"\n               title=\"\"\n               data-src=\"http:\/\/www.karate-neuhofen.at\/wp-content\/gallery\/trainingslager-gnas-2018\/Gans2018494.JPG\"\n               data-thumbnail=\"http:\/\/www.karate-neuhofen.at\/wp-content\/gallery\/trainingslager-gnas-2018\/thumbs\/thumbs_Gans2018494.JPG\"\n               data-image-id=\"19246\"\n               data-title=\"Gans2018(494)\"\n               data-description=\"\"\n               data-image-slug=\"gans2018494\"\n               class=\"shutterset_5a0da7a1340930de18337e8275bb6594\">\n                <img\n                    title=\"Gans2018(494)\"\n                    alt=\"Gans2018(494)\"\n                    src=\"http:\/\/www.karate-neuhofen.at\/wp-content\/gallery\/trainingslager-gnas-2018\/thumbs\/thumbs_Gans2018494.JPG\"\n                    width=\"240\"\n                    height=\"160\"\n                    style=\"max-width:100%;\"\n                \/>\n            <\/a>\n        <\/div>\n\t\t\t\t\t\t\t<\/div> \n\t\t\t\n        \n\t\t\t\t<div id=\"ngg-image-394\" class=\"ngg-gallery-thumbnail-box\" >\n\t\t\t\t        <div class=\"ngg-gallery-thumbnail\">\n            <a href=\"http:\/\/www.karate-neuhofen.at\/wp-content\/gallery\/trainingslager-gnas-2018\/Gans2018495.JPG\"\n               title=\"\"\n               data-src=\"http:\/\/www.karate-neuhofen.at\/wp-content\/gallery\/trainingslager-gnas-2018\/Gans2018495.JPG\"\n               data-thumbnail=\"http:\/\/www.karate-neuhofen.at\/wp-content\/gallery\/trainingslager-gnas-2018\/thumbs\/thumbs_Gans2018495.JPG\"\n               data-image-id=\"19247\"\n               data-title=\"Gans2018(495)\"\n               data-description=\"\"\n               data-image-slug=\"gans2018495\"\n               class=\"shutterset_5a0da7a1340930de18337e8275bb6594\">\n                <img\n                    title=\"Gans2018(495)\"\n                    alt=\"Gans2018(495)\"\n                    src=\"http:\/\/www.karate-neuhofen.at\/wp-content\/gallery\/trainingslager-gnas-2018\/thumbs\/thumbs_Gans2018495.JPG\"\n                    width=\"240\"\n                    height=\"160\"\n                    style=\"max-width:100%;\"\n                \/>\n            <\/a>\n        <\/div>\n\t\t\t\t\t\t\t<\/div> \n\t\t\t\n        \n\t\t\t\t<div id=\"ngg-image-395\" class=\"ngg-gallery-thumbnail-box\" >\n\t\t\t\t        <div class=\"ngg-gallery-thumbnail\">\n            <a href=\"http:\/\/www.karate-neuhofen.at\/wp-content\/gallery\/trainingslager-gnas-2018\/Gans2018496.JPG\"\n               title=\"\"\n               data-src=\"http:\/\/www.karate-neuhofen.at\/wp-content\/gallery\/trainingslager-gnas-2018\/Gans2018496.JPG\"\n               data-thumbnail=\"http:\/\/www.karate-neuhofen.at\/wp-content\/gallery\/trainingslager-gnas-2018\/thumbs\/thumbs_Gans2018496.JPG\"\n               data-image-id=\"19248\"\n               data-title=\"Gans2018(496)\"\n               data-description=\"\"\n               data-image-slug=\"gans2018496\"\n               class=\"shutterset_5a0da7a1340930de18337e8275bb6594\">\n                <img\n                    title=\"Gans2018(496)\"\n                    alt=\"Gans2018(496)\"\n                    src=\"http:\/\/www.karate-neuhofen.at\/wp-content\/gallery\/trainingslager-gnas-2018\/thumbs\/thumbs_Gans2018496.JPG\"\n                    width=\"240\"\n                    height=\"160\"\n                    style=\"max-width:100%;\"\n                \/>\n            <\/a>\n        <\/div>\n\t\t\t\t\t\t\t<\/div> \n\t\t\t\n        \n\t\t\t\t<div id=\"ngg-image-396\" class=\"ngg-gallery-thumbnail-box\" >\n\t\t\t\t        <div class=\"ngg-gallery-thumbnail\">\n            <a href=\"http:\/\/www.karate-neuhofen.at\/wp-content\/gallery\/trainingslager-gnas-2018\/Gans2018497.JPG\"\n               title=\"\"\n               data-src=\"http:\/\/www.karate-neuhofen.at\/wp-content\/gallery\/trainingslager-gnas-2018\/Gans2018497.JPG\"\n               data-thumbnail=\"http:\/\/www.karate-neuhofen.at\/wp-content\/gallery\/trainingslager-gnas-2018\/thumbs\/thumbs_Gans2018497.JPG\"\n               data-image-id=\"19249\"\n               data-title=\"Gans2018(497)\"\n               data-description=\"\"\n               data-image-slug=\"gans2018497\"\n               class=\"shutterset_5a0da7a1340930de18337e8275bb6594\">\n                <img\n                    title=\"Gans2018(497)\"\n                    alt=\"Gans2018(497)\"\n                    src=\"http:\/\/www.karate-neuhofen.at\/wp-content\/gallery\/trainingslager-gnas-2018\/thumbs\/thumbs_Gans2018497.JPG\"\n                    width=\"240\"\n                    height=\"160\"\n                    style=\"max-width:100%;\"\n                \/>\n            <\/a>\n        <\/div>\n\t\t\t\t\t\t\t<\/div> \n\t\t\t\n        \n\t\t\t\t<div id=\"ngg-image-397\" class=\"ngg-gallery-thumbnail-box\" >\n\t\t\t\t        <div class=\"ngg-gallery-thumbnail\">\n            <a href=\"http:\/\/www.karate-neuhofen.at\/wp-content\/gallery\/trainingslager-gnas-2018\/Gans2018498.JPG\"\n               title=\"\"\n               data-src=\"http:\/\/www.karate-neuhofen.at\/wp-content\/gallery\/trainingslager-gnas-2018\/Gans2018498.JPG\"\n               data-thumbnail=\"http:\/\/www.karate-neuhofen.at\/wp-content\/gallery\/trainingslager-gnas-2018\/thumbs\/thumbs_Gans2018498.JPG\"\n               data-image-id=\"19250\"\n               data-title=\"Gans2018(498)\"\n               data-description=\"\"\n               data-image-slug=\"gans2018498\"\n               class=\"shutterset_5a0da7a1340930de18337e8275bb6594\">\n                <img\n                    title=\"Gans2018(498)\"\n                    alt=\"Gans2018(498)\"\n                    src=\"http:\/\/www.karate-neuhofen.at\/wp-content\/gallery\/trainingslager-gnas-2018\/thumbs\/thumbs_Gans2018498.JPG\"\n                    width=\"240\"\n                    height=\"160\"\n                    style=\"max-width:100%;\"\n                \/>\n            <\/a>\n        <\/div>\n\t\t\t\t\t\t\t<\/div> \n\t\t\t\n        \n\t\t\t\t<div id=\"ngg-image-398\" class=\"ngg-gallery-thumbnail-box\" >\n\t\t\t\t        <div class=\"ngg-gallery-thumbnail\">\n            <a href=\"http:\/\/www.karate-neuhofen.at\/wp-content\/gallery\/trainingslager-gnas-2018\/Gans2018499.JPG\"\n               title=\"\"\n               data-src=\"http:\/\/www.karate-neuhofen.at\/wp-content\/gallery\/trainingslager-gnas-2018\/Gans2018499.JPG\"\n               data-thumbnail=\"http:\/\/www.karate-neuhofen.at\/wp-content\/gallery\/trainingslager-gnas-2018\/thumbs\/thumbs_Gans2018499.JPG\"\n               data-image-id=\"19251\"\n               data-title=\"Gans2018(499)\"\n               data-description=\"\"\n               data-image-slug=\"gans2018499\"\n               class=\"shutterset_5a0da7a1340930de18337e8275bb6594\">\n                <img\n                    title=\"Gans2018(499)\"\n                    alt=\"Gans2018(499)\"\n                    src=\"http:\/\/www.karate-neuhofen.at\/wp-content\/gallery\/trainingslager-gnas-2018\/thumbs\/thumbs_Gans2018499.JPG\"\n                    width=\"240\"\n                    height=\"160\"\n                    style=\"max-width:100%;\"\n                \/>\n            <\/a>\n        <\/div>\n\t\t\t\t\t\t\t<\/div> \n\t\t\t\n        \n\t\t\t\t<div id=\"ngg-image-399\" class=\"ngg-gallery-thumbnail-box\" >\n\t\t\t\t        <div class=\"ngg-gallery-thumbnail\">\n            <a href=\"http:\/\/www.karate-neuhofen.at\/wp-content\/gallery\/trainingslager-gnas-2018\/Gans2018500.JPG\"\n               title=\"\"\n               data-src=\"http:\/\/www.karate-neuhofen.at\/wp-content\/gallery\/trainingslager-gnas-2018\/Gans2018500.JPG\"\n               data-thumbnail=\"http:\/\/www.karate-neuhofen.at\/wp-content\/gallery\/trainingslager-gnas-2018\/thumbs\/thumbs_Gans2018500.JPG\"\n               data-image-id=\"19252\"\n               data-title=\"Gans2018(500)\"\n               data-description=\"\"\n               data-image-slug=\"gans2018500\"\n               class=\"shutterset_5a0da7a1340930de18337e8275bb6594\">\n                <img\n                    title=\"Gans2018(500)\"\n                    alt=\"Gans2018(500)\"\n                    src=\"http:\/\/www.karate-neuhofen.at\/wp-content\/gallery\/trainingslager-gnas-2018\/thumbs\/thumbs_Gans2018500.JPG\"\n                    width=\"240\"\n                    height=\"160\"\n                    style=\"max-width:100%;\"\n                \/>\n            <\/a>\n        <\/div>\n\t\t\t\t\t\t\t<\/div> \n\t\t\t\n        \n\t\t\t\t<div id=\"ngg-image-400\" class=\"ngg-gallery-thumbnail-box\" >\n\t\t\t\t        <div class=\"ngg-gallery-thumbnail\">\n            <a href=\"http:\/\/www.karate-neuhofen.at\/wp-content\/gallery\/trainingslager-gnas-2018\/Gans2018501.JPG\"\n               title=\"\"\n               data-src=\"http:\/\/www.karate-neuhofen.at\/wp-content\/gallery\/trainingslager-gnas-2018\/Gans2018501.JPG\"\n               data-thumbnail=\"http:\/\/www.karate-neuhofen.at\/wp-content\/gallery\/trainingslager-gnas-2018\/thumbs\/thumbs_Gans2018501.JPG\"\n               data-image-id=\"19253\"\n               data-title=\"Gans2018(501)\"\n               data-description=\"\"\n               data-image-slug=\"gans2018501\"\n               class=\"shutterset_5a0da7a1340930de18337e8275bb6594\">\n                <img\n                    title=\"Gans2018(501)\"\n                    alt=\"Gans2018(501)\"\n                    src=\"http:\/\/www.karate-neuhofen.at\/wp-content\/gallery\/trainingslager-gnas-2018\/thumbs\/thumbs_Gans2018501.JPG\"\n                    width=\"240\"\n                    height=\"160\"\n                    style=\"max-width:100%;\"\n                \/>\n            <\/a>\n        <\/div>\n\t\t\t\t\t\t\t<\/div> \n\t\t\t\n        \n\t\t\t\t<div id=\"ngg-image-401\" class=\"ngg-gallery-thumbnail-box\" >\n\t\t\t\t        <div class=\"ngg-gallery-thumbnail\">\n            <a href=\"http:\/\/www.karate-neuhofen.at\/wp-content\/gallery\/trainingslager-gnas-2018\/Gans2018502.JPG\"\n               title=\"\"\n               data-src=\"http:\/\/www.karate-neuhofen.at\/wp-content\/gallery\/trainingslager-gnas-2018\/Gans2018502.JPG\"\n               data-thumbnail=\"http:\/\/www.karate-neuhofen.at\/wp-content\/gallery\/trainingslager-gnas-2018\/thumbs\/thumbs_Gans2018502.JPG\"\n               data-image-id=\"19254\"\n               data-title=\"Gans2018(502)\"\n               data-description=\"\"\n               data-image-slug=\"gans2018502\"\n               class=\"shutterset_5a0da7a1340930de18337e8275bb6594\">\n                <img\n                    title=\"Gans2018(502)\"\n                    alt=\"Gans2018(502)\"\n                    src=\"http:\/\/www.karate-neuhofen.at\/wp-content\/gallery\/trainingslager-gnas-2018\/thumbs\/thumbs_Gans2018502.JPG\"\n                    width=\"240\"\n                    height=\"160\"\n                    style=\"max-width:100%;\"\n                \/>\n            <\/a>\n        <\/div>\n\t\t\t\t\t\t\t<\/div> \n\t\t\t\n        \n\t\t\t\t<div id=\"ngg-image-402\" class=\"ngg-gallery-thumbnail-box\" >\n\t\t\t\t        <div class=\"ngg-gallery-thumbnail\">\n            <a href=\"http:\/\/www.karate-neuhofen.at\/wp-content\/gallery\/trainingslager-gnas-2018\/Gans2018503.JPG\"\n               title=\"\"\n               data-src=\"http:\/\/www.karate-neuhofen.at\/wp-content\/gallery\/trainingslager-gnas-2018\/Gans2018503.JPG\"\n               data-thumbnail=\"http:\/\/www.karate-neuhofen.at\/wp-content\/gallery\/trainingslager-gnas-2018\/thumbs\/thumbs_Gans2018503.JPG\"\n               data-image-id=\"19255\"\n               data-title=\"Gans2018(503)\"\n               data-description=\"\"\n               data-image-slug=\"gans2018503\"\n               class=\"shutterset_5a0da7a1340930de18337e8275bb6594\">\n                <img\n                    title=\"Gans2018(503)\"\n                    alt=\"Gans2018(503)\"\n                    src=\"http:\/\/www.karate-neuhofen.at\/wp-content\/gallery\/trainingslager-gnas-2018\/thumbs\/thumbs_Gans2018503.JPG\"\n                    width=\"240\"\n                    height=\"160\"\n                    style=\"max-width:100%;\"\n                \/>\n            <\/a>\n        <\/div>\n\t\t\t\t\t\t\t<\/div> \n\t\t\t\n        \n\t\t\t\t<div id=\"ngg-image-403\" class=\"ngg-gallery-thumbnail-box\" >\n\t\t\t\t        <div class=\"ngg-gallery-thumbnail\">\n            <a href=\"http:\/\/www.karate-neuhofen.at\/wp-content\/gallery\/trainingslager-gnas-2018\/Gans2018504.JPG\"\n               title=\"\"\n               data-src=\"http:\/\/www.karate-neuhofen.at\/wp-content\/gallery\/trainingslager-gnas-2018\/Gans2018504.JPG\"\n               data-thumbnail=\"http:\/\/www.karate-neuhofen.at\/wp-content\/gallery\/trainingslager-gnas-2018\/thumbs\/thumbs_Gans2018504.JPG\"\n               data-image-id=\"19256\"\n               data-title=\"Gans2018(504)\"\n               data-description=\"\"\n               data-image-slug=\"gans2018504\"\n               class=\"shutterset_5a0da7a1340930de18337e8275bb6594\">\n                <img\n                    title=\"Gans2018(504)\"\n                    alt=\"Gans2018(504)\"\n                    src=\"http:\/\/www.karate-neuhofen.at\/wp-content\/gallery\/trainingslager-gnas-2018\/thumbs\/thumbs_Gans2018504.JPG\"\n                    width=\"240\"\n                    height=\"160\"\n                    style=\"max-width:100%;\"\n                \/>\n            <\/a>\n        <\/div>\n\t\t\t\t\t\t\t<\/div> \n\t\t\t\n        \n\t\t\t\t<div id=\"ngg-image-404\" class=\"ngg-gallery-thumbnail-box\" >\n\t\t\t\t        <div class=\"ngg-gallery-thumbnail\">\n            <a href=\"http:\/\/www.karate-neuhofen.at\/wp-content\/gallery\/trainingslager-gnas-2018\/Gans2018505.JPG\"\n               title=\"\"\n               data-src=\"http:\/\/www.karate-neuhofen.at\/wp-content\/gallery\/trainingslager-gnas-2018\/Gans2018505.JPG\"\n               data-thumbnail=\"http:\/\/www.karate-neuhofen.at\/wp-content\/gallery\/trainingslager-gnas-2018\/thumbs\/thumbs_Gans2018505.JPG\"\n               data-image-id=\"19257\"\n               data-title=\"Gans2018(505)\"\n               data-description=\"\"\n               data-image-slug=\"gans2018505\"\n               class=\"shutterset_5a0da7a1340930de18337e8275bb6594\">\n                <img\n                    title=\"Gans2018(505)\"\n                    alt=\"Gans2018(505)\"\n                    src=\"http:\/\/www.karate-neuhofen.at\/wp-content\/gallery\/trainingslager-gnas-2018\/thumbs\/thumbs_Gans2018505.JPG\"\n                    width=\"240\"\n                    height=\"160\"\n                    style=\"max-width:100%;\"\n                \/>\n            <\/a>\n        <\/div>\n\t\t\t\t\t\t\t<\/div> \n\t\t\t\n        \n\t\t\t\t<div id=\"ngg-image-405\" class=\"ngg-gallery-thumbnail-box\" >\n\t\t\t\t        <div class=\"ngg-gallery-thumbnail\">\n            <a href=\"http:\/\/www.karate-neuhofen.at\/wp-content\/gallery\/trainingslager-gnas-2018\/Gans2018506.JPG\"\n               title=\"\"\n               data-src=\"http:\/\/www.karate-neuhofen.at\/wp-content\/gallery\/trainingslager-gnas-2018\/Gans2018506.JPG\"\n               data-thumbnail=\"http:\/\/www.karate-neuhofen.at\/wp-content\/gallery\/trainingslager-gnas-2018\/thumbs\/thumbs_Gans2018506.JPG\"\n               data-image-id=\"19258\"\n               data-title=\"Gans2018(506)\"\n               data-description=\"\"\n               data-image-slug=\"gans2018506\"\n               class=\"shutterset_5a0da7a1340930de18337e8275bb6594\">\n                <img\n                    title=\"Gans2018(506)\"\n                    alt=\"Gans2018(506)\"\n                    src=\"http:\/\/www.karate-neuhofen.at\/wp-content\/gallery\/trainingslager-gnas-2018\/thumbs\/thumbs_Gans2018506.JPG\"\n                    width=\"240\"\n                    height=\"160\"\n                    style=\"max-width:100%;\"\n                \/>\n            <\/a>\n        <\/div>\n\t\t\t\t\t\t\t<\/div> \n\t\t\t\n        \n\t\t\t\t<div id=\"ngg-image-406\" class=\"ngg-gallery-thumbnail-box\" >\n\t\t\t\t        <div class=\"ngg-gallery-thumbnail\">\n            <a href=\"http:\/\/www.karate-neuhofen.at\/wp-content\/gallery\/trainingslager-gnas-2018\/Gans2018507.JPG\"\n               title=\"\"\n               data-src=\"http:\/\/www.karate-neuhofen.at\/wp-content\/gallery\/trainingslager-gnas-2018\/Gans2018507.JPG\"\n               data-thumbnail=\"http:\/\/www.karate-neuhofen.at\/wp-content\/gallery\/trainingslager-gnas-2018\/thumbs\/thumbs_Gans2018507.JPG\"\n               data-image-id=\"19259\"\n               data-title=\"Gans2018(507)\"\n               data-description=\"\"\n               data-image-slug=\"gans2018507\"\n               class=\"shutterset_5a0da7a1340930de18337e8275bb6594\">\n                <img\n                    title=\"Gans2018(507)\"\n                    alt=\"Gans2018(507)\"\n                    src=\"http:\/\/www.karate-neuhofen.at\/wp-content\/gallery\/trainingslager-gnas-2018\/thumbs\/thumbs_Gans2018507.JPG\"\n                    width=\"240\"\n                    height=\"160\"\n                    style=\"max-width:100%;\"\n                \/>\n            <\/a>\n        <\/div>\n\t\t\t\t\t\t\t<\/div> \n\t\t\t\n        \n\t\t\t\t<div id=\"ngg-image-407\" class=\"ngg-gallery-thumbnail-box\" >\n\t\t\t\t        <div class=\"ngg-gallery-thumbnail\">\n            <a href=\"http:\/\/www.karate-neuhofen.at\/wp-content\/gallery\/trainingslager-gnas-2018\/Gans2018508.JPG\"\n               title=\"\"\n               data-src=\"http:\/\/www.karate-neuhofen.at\/wp-content\/gallery\/trainingslager-gnas-2018\/Gans2018508.JPG\"\n               data-thumbnail=\"http:\/\/www.karate-neuhofen.at\/wp-content\/gallery\/trainingslager-gnas-2018\/thumbs\/thumbs_Gans2018508.JPG\"\n               data-image-id=\"19260\"\n               data-title=\"Gans2018(508)\"\n               data-description=\"\"\n               data-image-slug=\"gans2018508\"\n               class=\"shutterset_5a0da7a1340930de18337e8275bb6594\">\n                <img\n                    title=\"Gans2018(508)\"\n                    alt=\"Gans2018(508)\"\n                    src=\"http:\/\/www.karate-neuhofen.at\/wp-content\/gallery\/trainingslager-gnas-2018\/thumbs\/thumbs_Gans2018508.JPG\"\n                    width=\"240\"\n                    height=\"160\"\n                    style=\"max-width:100%;\"\n                \/>\n            <\/a>\n        <\/div>\n\t\t\t\t\t\t\t<\/div> \n\t\t\t\n        \n\t\t\t\t<div id=\"ngg-image-408\" class=\"ngg-gallery-thumbnail-box\" >\n\t\t\t\t        <div class=\"ngg-gallery-thumbnail\">\n            <a href=\"http:\/\/www.karate-neuhofen.at\/wp-content\/gallery\/trainingslager-gnas-2018\/Gans2018509.JPG\"\n               title=\"\"\n               data-src=\"http:\/\/www.karate-neuhofen.at\/wp-content\/gallery\/trainingslager-gnas-2018\/Gans2018509.JPG\"\n               data-thumbnail=\"http:\/\/www.karate-neuhofen.at\/wp-content\/gallery\/trainingslager-gnas-2018\/thumbs\/thumbs_Gans2018509.JPG\"\n               data-image-id=\"19261\"\n               data-title=\"Gans2018(509)\"\n               data-description=\"\"\n               data-image-slug=\"gans2018509\"\n               class=\"shutterset_5a0da7a1340930de18337e8275bb6594\">\n                <img\n                    title=\"Gans2018(509)\"\n                    alt=\"Gans2018(509)\"\n                    src=\"http:\/\/www.karate-neuhofen.at\/wp-content\/gallery\/trainingslager-gnas-2018\/thumbs\/thumbs_Gans2018509.JPG\"\n                    width=\"240\"\n                    height=\"160\"\n                    style=\"max-width:100%;\"\n                \/>\n            <\/a>\n        <\/div>\n\t\t\t\t\t\t\t<\/div> \n\t\t\t\n        \n\t\t\t\t<div id=\"ngg-image-409\" class=\"ngg-gallery-thumbnail-box\" >\n\t\t\t\t        <div class=\"ngg-gallery-thumbnail\">\n            <a href=\"http:\/\/www.karate-neuhofen.at\/wp-content\/gallery\/trainingslager-gnas-2018\/Gans2018510.JPG\"\n               title=\"\"\n               data-src=\"http:\/\/www.karate-neuhofen.at\/wp-content\/gallery\/trainingslager-gnas-2018\/Gans2018510.JPG\"\n               data-thumbnail=\"http:\/\/www.karate-neuhofen.at\/wp-content\/gallery\/trainingslager-gnas-2018\/thumbs\/thumbs_Gans2018510.JPG\"\n               data-image-id=\"19262\"\n               data-title=\"Gans2018(510)\"\n               data-description=\"\"\n               data-image-slug=\"gans2018510\"\n               class=\"shutterset_5a0da7a1340930de18337e8275bb6594\">\n                <img\n                    title=\"Gans2018(510)\"\n                    alt=\"Gans2018(510)\"\n                    src=\"http:\/\/www.karate-neuhofen.at\/wp-content\/gallery\/trainingslager-gnas-2018\/thumbs\/thumbs_Gans2018510.JPG\"\n                    width=\"240\"\n                    height=\"160\"\n                    style=\"max-width:100%;\"\n                \/>\n            <\/a>\n        <\/div>\n\t\t\t\t\t\t\t<\/div> \n\t\t\t\n        \n\t\t\t\t<div id=\"ngg-image-410\" class=\"ngg-gallery-thumbnail-box\" >\n\t\t\t\t        <div class=\"ngg-gallery-thumbnail\">\n            <a href=\"http:\/\/www.karate-neuhofen.at\/wp-content\/gallery\/trainingslager-gnas-2018\/Gans2018511.JPG\"\n               title=\"\"\n               data-src=\"http:\/\/www.karate-neuhofen.at\/wp-content\/gallery\/trainingslager-gnas-2018\/Gans2018511.JPG\"\n               data-thumbnail=\"http:\/\/www.karate-neuhofen.at\/wp-content\/gallery\/trainingslager-gnas-2018\/thumbs\/thumbs_Gans2018511.JPG\"\n               data-image-id=\"19263\"\n               data-title=\"Gans2018(511)\"\n               data-description=\"\"\n               data-image-slug=\"gans2018511\"\n               class=\"shutterset_5a0da7a1340930de18337e8275bb6594\">\n                <img\n                    title=\"Gans2018(511)\"\n                    alt=\"Gans2018(511)\"\n                    src=\"http:\/\/www.karate-neuhofen.at\/wp-content\/gallery\/trainingslager-gnas-2018\/thumbs\/thumbs_Gans2018511.JPG\"\n                    width=\"240\"\n                    height=\"160\"\n                    style=\"max-width:100%;\"\n                \/>\n            <\/a>\n        <\/div>\n\t\t\t\t\t\t\t<\/div> \n\t\t\t\n        \n\t\t\t\t<div id=\"ngg-image-411\" class=\"ngg-gallery-thumbnail-box\" >\n\t\t\t\t        <div class=\"ngg-gallery-thumbnail\">\n            <a href=\"http:\/\/www.karate-neuhofen.at\/wp-content\/gallery\/trainingslager-gnas-2018\/Gans2018512.JPG\"\n               title=\"\"\n               data-src=\"http:\/\/www.karate-neuhofen.at\/wp-content\/gallery\/trainingslager-gnas-2018\/Gans2018512.JPG\"\n               data-thumbnail=\"http:\/\/www.karate-neuhofen.at\/wp-content\/gallery\/trainingslager-gnas-2018\/thumbs\/thumbs_Gans2018512.JPG\"\n               data-image-id=\"19264\"\n               data-title=\"Gans2018(512)\"\n               data-description=\"\"\n               data-image-slug=\"gans2018512\"\n               class=\"shutterset_5a0da7a1340930de18337e8275bb6594\">\n                <img\n                    title=\"Gans2018(512)\"\n                    alt=\"Gans2018(512)\"\n                    src=\"http:\/\/www.karate-neuhofen.at\/wp-content\/gallery\/trainingslager-gnas-2018\/thumbs\/thumbs_Gans2018512.JPG\"\n                    width=\"240\"\n                    height=\"160\"\n                    style=\"max-width:100%;\"\n                \/>\n            <\/a>\n        <\/div>\n\t\t\t\t\t\t\t<\/div> \n\t\t\t\n        \n\t\t\t\t<div id=\"ngg-image-412\" class=\"ngg-gallery-thumbnail-box\" >\n\t\t\t\t        <div class=\"ngg-gallery-thumbnail\">\n            <a href=\"http:\/\/www.karate-neuhofen.at\/wp-content\/gallery\/trainingslager-gnas-2018\/Gans2018513.JPG\"\n               title=\"\"\n               data-src=\"http:\/\/www.karate-neuhofen.at\/wp-content\/gallery\/trainingslager-gnas-2018\/Gans2018513.JPG\"\n               data-thumbnail=\"http:\/\/www.karate-neuhofen.at\/wp-content\/gallery\/trainingslager-gnas-2018\/thumbs\/thumbs_Gans2018513.JPG\"\n               data-image-id=\"19265\"\n               data-title=\"Gans2018(513)\"\n               data-description=\"\"\n               data-image-slug=\"gans2018513\"\n               class=\"shutterset_5a0da7a1340930de18337e8275bb6594\">\n                <img\n                    title=\"Gans2018(513)\"\n                    alt=\"Gans2018(513)\"\n                    src=\"http:\/\/www.karate-neuhofen.at\/wp-content\/gallery\/trainingslager-gnas-2018\/thumbs\/thumbs_Gans2018513.JPG\"\n                    width=\"240\"\n                    height=\"160\"\n                    style=\"max-width:100%;\"\n                \/>\n            <\/a>\n        <\/div>\n\t\t\t\t\t\t\t<\/div> \n\t\t\t\n        \n\t\t\t\t<div id=\"ngg-image-413\" class=\"ngg-gallery-thumbnail-box\" >\n\t\t\t\t        <div class=\"ngg-gallery-thumbnail\">\n            <a href=\"http:\/\/www.karate-neuhofen.at\/wp-content\/gallery\/trainingslager-gnas-2018\/Gans2018514.JPG\"\n               title=\"\"\n               data-src=\"http:\/\/www.karate-neuhofen.at\/wp-content\/gallery\/trainingslager-gnas-2018\/Gans2018514.JPG\"\n               data-thumbnail=\"http:\/\/www.karate-neuhofen.at\/wp-content\/gallery\/trainingslager-gnas-2018\/thumbs\/thumbs_Gans2018514.JPG\"\n               data-image-id=\"19266\"\n               data-title=\"Gans2018(514)\"\n               data-description=\"\"\n               data-image-slug=\"gans2018514\"\n               class=\"shutterset_5a0da7a1340930de18337e8275bb6594\">\n                <img\n                    title=\"Gans2018(514)\"\n                    alt=\"Gans2018(514)\"\n                    src=\"http:\/\/www.karate-neuhofen.at\/wp-content\/gallery\/trainingslager-gnas-2018\/thumbs\/thumbs_Gans2018514.JPG\"\n                    width=\"240\"\n                    height=\"160\"\n                    style=\"max-width:100%;\"\n                \/>\n            <\/a>\n        <\/div>\n\t\t\t\t\t\t\t<\/div> \n\t\t\t\n        \n\t\t\t\t<div id=\"ngg-image-414\" class=\"ngg-gallery-thumbnail-box\" >\n\t\t\t\t        <div class=\"ngg-gallery-thumbnail\">\n            <a href=\"http:\/\/www.karate-neuhofen.at\/wp-content\/gallery\/trainingslager-gnas-2018\/Gans2018515.JPG\"\n               title=\"\"\n               data-src=\"http:\/\/www.karate-neuhofen.at\/wp-content\/gallery\/trainingslager-gnas-2018\/Gans2018515.JPG\"\n               data-thumbnail=\"http:\/\/www.karate-neuhofen.at\/wp-content\/gallery\/trainingslager-gnas-2018\/thumbs\/thumbs_Gans2018515.JPG\"\n               data-image-id=\"19267\"\n               data-title=\"Gans2018(515)\"\n               data-description=\"\"\n               data-image-slug=\"gans2018515\"\n               class=\"shutterset_5a0da7a1340930de18337e8275bb6594\">\n                <img\n                    title=\"Gans2018(515)\"\n                    alt=\"Gans2018(515)\"\n                    src=\"http:\/\/www.karate-neuhofen.at\/wp-content\/gallery\/trainingslager-gnas-2018\/thumbs\/thumbs_Gans2018515.JPG\"\n                    width=\"240\"\n                    height=\"160\"\n                    style=\"max-width:100%;\"\n                \/>\n            <\/a>\n        <\/div>\n\t\t\t\t\t\t\t<\/div> \n\t\t\t\n        \n\t\t\t\t<div id=\"ngg-image-415\" class=\"ngg-gallery-thumbnail-box\" >\n\t\t\t\t        <div class=\"ngg-gallery-thumbnail\">\n            <a href=\"http:\/\/www.karate-neuhofen.at\/wp-content\/gallery\/trainingslager-gnas-2018\/Gans2018516.JPG\"\n               title=\"\"\n               data-src=\"http:\/\/www.karate-neuhofen.at\/wp-content\/gallery\/trainingslager-gnas-2018\/Gans2018516.JPG\"\n               data-thumbnail=\"http:\/\/www.karate-neuhofen.at\/wp-content\/gallery\/trainingslager-gnas-2018\/thumbs\/thumbs_Gans2018516.JPG\"\n               data-image-id=\"19268\"\n               data-title=\"Gans2018(516)\"\n               data-description=\"\"\n               data-image-slug=\"gans2018516\"\n               class=\"shutterset_5a0da7a1340930de18337e8275bb6594\">\n                <img\n                    title=\"Gans2018(516)\"\n                    alt=\"Gans2018(516)\"\n                    src=\"http:\/\/www.karate-neuhofen.at\/wp-content\/gallery\/trainingslager-gnas-2018\/thumbs\/thumbs_Gans2018516.JPG\"\n                    width=\"240\"\n                    height=\"160\"\n                    style=\"max-width:100%;\"\n                \/>\n            <\/a>\n        <\/div>\n\t\t\t\t\t\t\t<\/div> \n\t\t\t\n        \n\t\t\t\t<div id=\"ngg-image-416\" class=\"ngg-gallery-thumbnail-box\" >\n\t\t\t\t        <div class=\"ngg-gallery-thumbnail\">\n            <a href=\"http:\/\/www.karate-neuhofen.at\/wp-content\/gallery\/trainingslager-gnas-2018\/Gans2018517.JPG\"\n               title=\"\"\n               data-src=\"http:\/\/www.karate-neuhofen.at\/wp-content\/gallery\/trainingslager-gnas-2018\/Gans2018517.JPG\"\n               data-thumbnail=\"http:\/\/www.karate-neuhofen.at\/wp-content\/gallery\/trainingslager-gnas-2018\/thumbs\/thumbs_Gans2018517.JPG\"\n               data-image-id=\"19269\"\n               data-title=\"Gans2018(517)\"\n               data-description=\"\"\n               data-image-slug=\"gans2018517\"\n               class=\"shutterset_5a0da7a1340930de18337e8275bb6594\">\n                <img\n                    title=\"Gans2018(517)\"\n                    alt=\"Gans2018(517)\"\n                    src=\"http:\/\/www.karate-neuhofen.at\/wp-content\/gallery\/trainingslager-gnas-2018\/thumbs\/thumbs_Gans2018517.JPG\"\n                    width=\"240\"\n                    height=\"160\"\n                    style=\"max-width:100%;\"\n                \/>\n            <\/a>\n        <\/div>\n\t\t\t\t\t\t\t<\/div> \n\t\t\t\n        \n\t\t\t\t<div id=\"ngg-image-417\" class=\"ngg-gallery-thumbnail-box\" >\n\t\t\t\t        <div class=\"ngg-gallery-thumbnail\">\n            <a href=\"http:\/\/www.karate-neuhofen.at\/wp-content\/gallery\/trainingslager-gnas-2018\/Gans2018518.JPG\"\n               title=\"\"\n               data-src=\"http:\/\/www.karate-neuhofen.at\/wp-content\/gallery\/trainingslager-gnas-2018\/Gans2018518.JPG\"\n               data-thumbnail=\"http:\/\/www.karate-neuhofen.at\/wp-content\/gallery\/trainingslager-gnas-2018\/thumbs\/thumbs_Gans2018518.JPG\"\n               data-image-id=\"19270\"\n               data-title=\"Gans2018(518)\"\n               data-description=\"\"\n               data-image-slug=\"gans2018518\"\n               class=\"shutterset_5a0da7a1340930de18337e8275bb6594\">\n                <img\n                    title=\"Gans2018(518)\"\n                    alt=\"Gans2018(518)\"\n                    src=\"http:\/\/www.karate-neuhofen.at\/wp-content\/gallery\/trainingslager-gnas-2018\/thumbs\/thumbs_Gans2018518.JPG\"\n                    width=\"240\"\n                    height=\"160\"\n                    style=\"max-width:100%;\"\n                \/>\n            <\/a>\n        <\/div>\n\t\t\t\t\t\t\t<\/div> \n\t\t\t\n        \n\t\t\t\t<div id=\"ngg-image-418\" class=\"ngg-gallery-thumbnail-box\" >\n\t\t\t\t        <div class=\"ngg-gallery-thumbnail\">\n            <a href=\"http:\/\/www.karate-neuhofen.at\/wp-content\/gallery\/trainingslager-gnas-2018\/Gans2018519.JPG\"\n               title=\"\"\n               data-src=\"http:\/\/www.karate-neuhofen.at\/wp-content\/gallery\/trainingslager-gnas-2018\/Gans2018519.JPG\"\n               data-thumbnail=\"http:\/\/www.karate-neuhofen.at\/wp-content\/gallery\/trainingslager-gnas-2018\/thumbs\/thumbs_Gans2018519.JPG\"\n               data-image-id=\"19271\"\n               data-title=\"Gans2018(519)\"\n               data-description=\"\"\n               data-image-slug=\"gans2018519\"\n               class=\"shutterset_5a0da7a1340930de18337e8275bb6594\">\n                <img\n                    title=\"Gans2018(519)\"\n                    alt=\"Gans2018(519)\"\n                    src=\"http:\/\/www.karate-neuhofen.at\/wp-content\/gallery\/trainingslager-gnas-2018\/thumbs\/thumbs_Gans2018519.JPG\"\n                    width=\"240\"\n                    height=\"160\"\n                    style=\"max-width:100%;\"\n                \/>\n            <\/a>\n        <\/div>\n\t\t\t\t\t\t\t<\/div> \n\t\t\t\n        \n\t\t\t\t<div id=\"ngg-image-419\" class=\"ngg-gallery-thumbnail-box\" >\n\t\t\t\t        <div class=\"ngg-gallery-thumbnail\">\n            <a href=\"http:\/\/www.karate-neuhofen.at\/wp-content\/gallery\/trainingslager-gnas-2018\/Gans2018520.JPG\"\n               title=\"\"\n               data-src=\"http:\/\/www.karate-neuhofen.at\/wp-content\/gallery\/trainingslager-gnas-2018\/Gans2018520.JPG\"\n               data-thumbnail=\"http:\/\/www.karate-neuhofen.at\/wp-content\/gallery\/trainingslager-gnas-2018\/thumbs\/thumbs_Gans2018520.JPG\"\n               data-image-id=\"19272\"\n               data-title=\"Gans2018(520)\"\n               data-description=\"\"\n               data-image-slug=\"gans2018520\"\n               class=\"shutterset_5a0da7a1340930de18337e8275bb6594\">\n                <img\n                    title=\"Gans2018(520)\"\n                    alt=\"Gans2018(520)\"\n                    src=\"http:\/\/www.karate-neuhofen.at\/wp-content\/gallery\/trainingslager-gnas-2018\/thumbs\/thumbs_Gans2018520.JPG\"\n                    width=\"240\"\n                    height=\"160\"\n                    style=\"max-width:100%;\"\n                \/>\n            <\/a>\n        <\/div>\n\t\t\t\t\t\t\t<\/div> \n\t\t\t\n        \n\t\t\t\t<div id=\"ngg-image-420\" class=\"ngg-gallery-thumbnail-box\" >\n\t\t\t\t        <div class=\"ngg-gallery-thumbnail\">\n            <a href=\"http:\/\/www.karate-neuhofen.at\/wp-content\/gallery\/trainingslager-gnas-2018\/Gans2018521.JPG\"\n               title=\"\"\n               data-src=\"http:\/\/www.karate-neuhofen.at\/wp-content\/gallery\/trainingslager-gnas-2018\/Gans2018521.JPG\"\n               data-thumbnail=\"http:\/\/www.karate-neuhofen.at\/wp-content\/gallery\/trainingslager-gnas-2018\/thumbs\/thumbs_Gans2018521.JPG\"\n               data-image-id=\"19273\"\n               data-title=\"Gans2018(521)\"\n               data-description=\"\"\n               data-image-slug=\"gans2018521\"\n               class=\"shutterset_5a0da7a1340930de18337e8275bb6594\">\n                <img\n                    title=\"Gans2018(521)\"\n                    alt=\"Gans2018(521)\"\n                    src=\"http:\/\/www.karate-neuhofen.at\/wp-content\/gallery\/trainingslager-gnas-2018\/thumbs\/thumbs_Gans2018521.JPG\"\n                    width=\"240\"\n                    height=\"160\"\n                    style=\"max-width:100%;\"\n                \/>\n            <\/a>\n        <\/div>\n\t\t\t\t\t\t\t<\/div> \n\t\t\t\n        \n\t\t\t\t<div id=\"ngg-image-421\" class=\"ngg-gallery-thumbnail-box\" >\n\t\t\t\t        <div class=\"ngg-gallery-thumbnail\">\n            <a href=\"http:\/\/www.karate-neuhofen.at\/wp-content\/gallery\/trainingslager-gnas-2018\/Gans2018522.JPG\"\n               title=\"\"\n               data-src=\"http:\/\/www.karate-neuhofen.at\/wp-content\/gallery\/trainingslager-gnas-2018\/Gans2018522.JPG\"\n               data-thumbnail=\"http:\/\/www.karate-neuhofen.at\/wp-content\/gallery\/trainingslager-gnas-2018\/thumbs\/thumbs_Gans2018522.JPG\"\n               data-image-id=\"19274\"\n               data-title=\"Gans2018(522)\"\n               data-description=\"\"\n               data-image-slug=\"gans2018522\"\n               class=\"shutterset_5a0da7a1340930de18337e8275bb6594\">\n                <img\n                    title=\"Gans2018(522)\"\n                    alt=\"Gans2018(522)\"\n                    src=\"http:\/\/www.karate-neuhofen.at\/wp-content\/gallery\/trainingslager-gnas-2018\/thumbs\/thumbs_Gans2018522.JPG\"\n                    width=\"240\"\n                    height=\"160\"\n                    style=\"max-width:100%;\"\n                \/>\n            <\/a>\n        <\/div>\n\t\t\t\t\t\t\t<\/div> \n\t\t\t\n        \n\t\t\t\t<div id=\"ngg-image-422\" class=\"ngg-gallery-thumbnail-box\" >\n\t\t\t\t        <div class=\"ngg-gallery-thumbnail\">\n            <a href=\"http:\/\/www.karate-neuhofen.at\/wp-content\/gallery\/trainingslager-gnas-2018\/Gans2018523.JPG\"\n               title=\"\"\n               data-src=\"http:\/\/www.karate-neuhofen.at\/wp-content\/gallery\/trainingslager-gnas-2018\/Gans2018523.JPG\"\n               data-thumbnail=\"http:\/\/www.karate-neuhofen.at\/wp-content\/gallery\/trainingslager-gnas-2018\/thumbs\/thumbs_Gans2018523.JPG\"\n               data-image-id=\"19275\"\n               data-title=\"Gans2018(523)\"\n               data-description=\"\"\n               data-image-slug=\"gans2018523\"\n               class=\"shutterset_5a0da7a1340930de18337e8275bb6594\">\n                <img\n                    title=\"Gans2018(523)\"\n                    alt=\"Gans2018(523)\"\n                    src=\"http:\/\/www.karate-neuhofen.at\/wp-content\/gallery\/trainingslager-gnas-2018\/thumbs\/thumbs_Gans2018523.JPG\"\n                    width=\"240\"\n                    height=\"160\"\n                    style=\"max-width:100%;\"\n                \/>\n            <\/a>\n        <\/div>\n\t\t\t\t\t\t\t<\/div> \n\t\t\t\n        \n\t\t\t\t<div id=\"ngg-image-423\" class=\"ngg-gallery-thumbnail-box\" >\n\t\t\t\t        <div class=\"ngg-gallery-thumbnail\">\n            <a href=\"http:\/\/www.karate-neuhofen.at\/wp-content\/gallery\/trainingslager-gnas-2018\/Gans2018524.JPG\"\n               title=\"\"\n               data-src=\"http:\/\/www.karate-neuhofen.at\/wp-content\/gallery\/trainingslager-gnas-2018\/Gans2018524.JPG\"\n               data-thumbnail=\"http:\/\/www.karate-neuhofen.at\/wp-content\/gallery\/trainingslager-gnas-2018\/thumbs\/thumbs_Gans2018524.JPG\"\n               data-image-id=\"19276\"\n               data-title=\"Gans2018(524)\"\n               data-description=\"\"\n               data-image-slug=\"gans2018524\"\n               class=\"shutterset_5a0da7a1340930de18337e8275bb6594\">\n                <img\n                    title=\"Gans2018(524)\"\n                    alt=\"Gans2018(524)\"\n                    src=\"http:\/\/www.karate-neuhofen.at\/wp-content\/gallery\/trainingslager-gnas-2018\/thumbs\/thumbs_Gans2018524.JPG\"\n                    width=\"240\"\n                    height=\"160\"\n                    style=\"max-width:100%;\"\n                \/>\n            <\/a>\n        <\/div>\n\t\t\t\t\t\t\t<\/div> \n\t\t\t\n        \n\t\t\t\t<div id=\"ngg-image-424\" class=\"ngg-gallery-thumbnail-box\" >\n\t\t\t\t        <div class=\"ngg-gallery-thumbnail\">\n            <a href=\"http:\/\/www.karate-neuhofen.at\/wp-content\/gallery\/trainingslager-gnas-2018\/Gans2018525.JPG\"\n               title=\"\"\n               data-src=\"http:\/\/www.karate-neuhofen.at\/wp-content\/gallery\/trainingslager-gnas-2018\/Gans2018525.JPG\"\n               data-thumbnail=\"http:\/\/www.karate-neuhofen.at\/wp-content\/gallery\/trainingslager-gnas-2018\/thumbs\/thumbs_Gans2018525.JPG\"\n               data-image-id=\"19277\"\n               data-title=\"Gans2018(525)\"\n               data-description=\"\"\n               data-image-slug=\"gans2018525\"\n               class=\"shutterset_5a0da7a1340930de18337e8275bb6594\">\n                <img\n                    title=\"Gans2018(525)\"\n                    alt=\"Gans2018(525)\"\n                    src=\"http:\/\/www.karate-neuhofen.at\/wp-content\/gallery\/trainingslager-gnas-2018\/thumbs\/thumbs_Gans2018525.JPG\"\n                    width=\"240\"\n                    height=\"160\"\n                    style=\"max-width:100%;\"\n                \/>\n            <\/a>\n        <\/div>\n\t\t\t\t\t\t\t<\/div> \n\t\t\t\n        \n\t\t\t\t<div id=\"ngg-image-425\" class=\"ngg-gallery-thumbnail-box\" >\n\t\t\t\t        <div class=\"ngg-gallery-thumbnail\">\n            <a href=\"http:\/\/www.karate-neuhofen.at\/wp-content\/gallery\/trainingslager-gnas-2018\/Gans2018526.JPG\"\n               title=\"\"\n               data-src=\"http:\/\/www.karate-neuhofen.at\/wp-content\/gallery\/trainingslager-gnas-2018\/Gans2018526.JPG\"\n               data-thumbnail=\"http:\/\/www.karate-neuhofen.at\/wp-content\/gallery\/trainingslager-gnas-2018\/thumbs\/thumbs_Gans2018526.JPG\"\n               data-image-id=\"19278\"\n               data-title=\"Gans2018(526)\"\n               data-description=\"\"\n               data-image-slug=\"gans2018526\"\n               class=\"shutterset_5a0da7a1340930de18337e8275bb6594\">\n                <img\n                    title=\"Gans2018(526)\"\n                    alt=\"Gans2018(526)\"\n                    src=\"http:\/\/www.karate-neuhofen.at\/wp-content\/gallery\/trainingslager-gnas-2018\/thumbs\/thumbs_Gans2018526.JPG\"\n                    width=\"240\"\n                    height=\"160\"\n                    style=\"max-width:100%;\"\n                \/>\n            <\/a>\n        <\/div>\n\t\t\t\t\t\t\t<\/div> \n\t\t\t\n        \n\t\t\t\t<div id=\"ngg-image-426\" class=\"ngg-gallery-thumbnail-box\" >\n\t\t\t\t        <div class=\"ngg-gallery-thumbnail\">\n            <a href=\"http:\/\/www.karate-neuhofen.at\/wp-content\/gallery\/trainingslager-gnas-2018\/Gans2018527.JPG\"\n               title=\"\"\n               data-src=\"http:\/\/www.karate-neuhofen.at\/wp-content\/gallery\/trainingslager-gnas-2018\/Gans2018527.JPG\"\n               data-thumbnail=\"http:\/\/www.karate-neuhofen.at\/wp-content\/gallery\/trainingslager-gnas-2018\/thumbs\/thumbs_Gans2018527.JPG\"\n               data-image-id=\"19279\"\n               data-title=\"Gans2018(527)\"\n               data-description=\"\"\n               data-image-slug=\"gans2018527\"\n               class=\"shutterset_5a0da7a1340930de18337e8275bb6594\">\n                <img\n                    title=\"Gans2018(527)\"\n                    alt=\"Gans2018(527)\"\n                    src=\"http:\/\/www.karate-neuhofen.at\/wp-content\/gallery\/trainingslager-gnas-2018\/thumbs\/thumbs_Gans2018527.JPG\"\n                    width=\"240\"\n                    height=\"160\"\n                    style=\"max-width:100%;\"\n                \/>\n            <\/a>\n        <\/div>\n\t\t\t\t\t\t\t<\/div> \n\t\t\t\n        \n\t\t\t\t<div id=\"ngg-image-427\" class=\"ngg-gallery-thumbnail-box\" >\n\t\t\t\t        <div class=\"ngg-gallery-thumbnail\">\n            <a href=\"http:\/\/www.karate-neuhofen.at\/wp-content\/gallery\/trainingslager-gnas-2018\/Gans2018528.JPG\"\n               title=\"\"\n               data-src=\"http:\/\/www.karate-neuhofen.at\/wp-content\/gallery\/trainingslager-gnas-2018\/Gans2018528.JPG\"\n               data-thumbnail=\"http:\/\/www.karate-neuhofen.at\/wp-content\/gallery\/trainingslager-gnas-2018\/thumbs\/thumbs_Gans2018528.JPG\"\n               data-image-id=\"19280\"\n               data-title=\"Gans2018(528)\"\n               data-description=\"\"\n               data-image-slug=\"gans2018528\"\n               class=\"shutterset_5a0da7a1340930de18337e8275bb6594\">\n                <img\n                    title=\"Gans2018(528)\"\n                    alt=\"Gans2018(528)\"\n                    src=\"http:\/\/www.karate-neuhofen.at\/wp-content\/gallery\/trainingslager-gnas-2018\/thumbs\/thumbs_Gans2018528.JPG\"\n                    width=\"240\"\n                    height=\"160\"\n                    style=\"max-width:100%;\"\n                \/>\n            <\/a>\n        <\/div>\n\t\t\t\t\t\t\t<\/div> \n\t\t\t\n        \n\t\t\t\t<div id=\"ngg-image-428\" class=\"ngg-gallery-thumbnail-box\" >\n\t\t\t\t        <div class=\"ngg-gallery-thumbnail\">\n            <a href=\"http:\/\/www.karate-neuhofen.at\/wp-content\/gallery\/trainingslager-gnas-2018\/Gans2018529.JPG\"\n               title=\"\"\n               data-src=\"http:\/\/www.karate-neuhofen.at\/wp-content\/gallery\/trainingslager-gnas-2018\/Gans2018529.JPG\"\n               data-thumbnail=\"http:\/\/www.karate-neuhofen.at\/wp-content\/gallery\/trainingslager-gnas-2018\/thumbs\/thumbs_Gans2018529.JPG\"\n               data-image-id=\"19281\"\n               data-title=\"Gans2018(529)\"\n               data-description=\"\"\n               data-image-slug=\"gans2018529\"\n               class=\"shutterset_5a0da7a1340930de18337e8275bb6594\">\n                <img\n                    title=\"Gans2018(529)\"\n                    alt=\"Gans2018(529)\"\n                    src=\"http:\/\/www.karate-neuhofen.at\/wp-content\/gallery\/trainingslager-gnas-2018\/thumbs\/thumbs_Gans2018529.JPG\"\n                    width=\"240\"\n                    height=\"160\"\n                    style=\"max-width:100%;\"\n                \/>\n            <\/a>\n        <\/div>\n\t\t\t\t\t\t\t<\/div> \n\t\t\t\n        \n\t\t\t\t<div id=\"ngg-image-429\" class=\"ngg-gallery-thumbnail-box\" >\n\t\t\t\t        <div class=\"ngg-gallery-thumbnail\">\n            <a href=\"http:\/\/www.karate-neuhofen.at\/wp-content\/gallery\/trainingslager-gnas-2018\/Gans2018530.JPG\"\n               title=\"\"\n               data-src=\"http:\/\/www.karate-neuhofen.at\/wp-content\/gallery\/trainingslager-gnas-2018\/Gans2018530.JPG\"\n               data-thumbnail=\"http:\/\/www.karate-neuhofen.at\/wp-content\/gallery\/trainingslager-gnas-2018\/thumbs\/thumbs_Gans2018530.JPG\"\n               data-image-id=\"19282\"\n               data-title=\"Gans2018(530)\"\n               data-description=\"\"\n               data-image-slug=\"gans2018530\"\n               class=\"shutterset_5a0da7a1340930de18337e8275bb6594\">\n                <img\n                    title=\"Gans2018(530)\"\n                    alt=\"Gans2018(530)\"\n                    src=\"http:\/\/www.karate-neuhofen.at\/wp-content\/gallery\/trainingslager-gnas-2018\/thumbs\/thumbs_Gans2018530.JPG\"\n                    width=\"240\"\n                    height=\"160\"\n                    style=\"max-width:100%;\"\n                \/>\n            <\/a>\n        <\/div>\n\t\t\t\t\t\t\t<\/div> \n\t\t\t\n        \n\t\t\n\t\t<div class=\"ngg-clear\"><\/div>\n\t<\/div>\n","protected":false},"excerpt":{"rendered":"<p>93 Neuhofener Seibukaner in Gnas\/Steiermark. Ein gro\u00dfes Dankesch\u00f6n f\u00fcr die sch\u00f6ne Zeit an die Sensei\u00b4s Ursula Porkert, Samad Azadi, Thomas Kaserer UND nat\u00fcrlich an DIESE wahnsinns Seibukan Familie !!!<\/p>\n","protected":false},"author":3,"featured_media":21195,"comment_status":"closed","ping_status":"closed","sticky":false,"template":"","format":"standard","meta":{"ngg_post_thumbnail":0},"categories":[14],"tags":[28],"_links":{"self":[{"href":"http:\/\/www.karate-neuhofen.at\/index.php?rest_route=\/wp\/v2\/posts\/21188"}],"collection":[{"href":"http:\/\/www.karate-neuhofen.at\/index.php?rest_route=\/wp\/v2\/posts"}],"about":[{"href":"http:\/\/www.karate-neuhofen.at\/index.php?rest_route=\/wp\/v2\/types\/post"}],"author":[{"embeddable":true,"href":"http:\/\/www.karate-neuhofen.at\/index.php?rest_route=\/wp\/v2\/users\/3"}],"replies":[{"embeddable":true,"href":"http:\/\/www.karate-neuhofen.at\/index.php?rest_route=%2Fwp%2Fv2%2Fcomments&post=21188"}],"version-history":[{"count":3,"href":"http:\/\/www.karate-neuhofen.at\/index.php?rest_route=\/wp\/v2\/posts\/21188\/revisions"}],"predecessor-version":[{"id":21191,"href":"http:\/\/www.karate-neuhofen.at\/index.php?rest_route=\/wp\/v2\/posts\/21188\/revisions\/21191"}],"wp:featuredmedia":[{"embeddable":true,"href":"http:\/\/www.karate-neuhofen.at\/index.php?rest_route=\/wp\/v2\/media\/21195"}],"wp:attachment":[{"href":"http:\/\/www.karate-neuhofen.at\/index.php?rest_route=%2Fwp%2Fv2%2Fmedia&parent=21188"}],"wp:term":[{"taxonomy":"category","embeddable":true,"href":"http:\/\/www.karate-neuhofen.at\/index.php?rest_route=%2Fwp%2Fv2%2Fcategories&post=21188"},{"taxonomy":"post_tag","embeddable":true,"href":"http:\/\/www.karate-neuhofen.at\/index.php?rest_route=%2Fwp%2Fv2%2Ftags&post=21188"}],"curies":[{"name":"wp","href":"https:\/\/api.w.org\/{rel}","templated":true}]}}