{"id":2129,"date":"2014-06-01T00:00:55","date_gmt":"2014-05-31T23:00:55","guid":{"rendered":"http:\/\/www.karate-neuhofen.at\/?p=2129"},"modified":"2014-09-28T20:46:01","modified_gmt":"2014-09-28T19:46:01","slug":"vollgas-in-gnas","status":"publish","type":"post","link":"http:\/\/www.karate-neuhofen.at\/?p=2129","title":{"rendered":"Vollgas in Gnas"},"content":{"rendered":"<p>Zum dritten Mal pilgerte heuer vom 29. Mai bis 1. Juni ein Gro\u00dfteil des Karatevereins Seibukan Neuhofen in die wundersch\u00f6ne S\u00fcdsteiermark um sich voller Elan seinem Lieblingssport zu widmen.<\/p>\n<p>Das Jufa Gnas mit all seinen Annehmlichkeiten und den auch heuer wieder am freien Freitagnachmittag genutzten Ausflugszielen (Schokofabrik Zotter, Styrassicpark, Vulcano Schinken Manufaktur, G\u00f6lles \u2026) ist den meisten schon bekannt gewesen.<\/p>\n<p>F\u00fcr frischen Wind sorgte ein neuer Trainerstab. W\u00e4hrend eine Gruppe Kumite vom Feinsten bei Weltmeister Sensei Daniel Devigili genoss, instruierte der 2 fache Europameister Thomas Kaserer mit gro\u00dfer Leidenschaft Kata, die andere Gruppe. Hier erweiterte die Unterstufe ihr K\u00f6nnen bis zur Heian Nidan. Die Oberstufe durfte sich an der Kata Goshoshiho Dai versuchen.<\/p>\n<p>\u00dcberrascht waren wir allesamt jeden Tag beim Lesen des Trainingsplanes, da pl\u00f6tzlich Morgentrainings (alias \u201eDer fr\u00fche Vogel f\u00e4ngt den Wurm\u201c), Aquagymnastik und ein uns die letzten Kr\u00e4fte raubendes \u201eSchweinetraining\u201c am Programm standen. Jedoch auch davon lie\u00df sich der Verein Seibukan Neuhofen nicht abschrecken, und so wurde von den fr\u00fchen Morgenstunden an flei\u00dfig und mit viel Einsatz trainiert.<\/p>\n<p>Dass die Geselligkeit auch heuer wieder nicht zu kurz kam, \u00fcberraschte keinen mehr so wirklich. Wie in den vergangenen Jahren verstanden sich die Kinder und Jugendlichen pr\u00e4chtig und nutzten das weitl\u00e4ufige Areal voll aus. Das Barpersonal musste sich wieder an Arbeit gew\u00f6hnen und auch die Buschen Schenke ums Eck erfreute sich des pl\u00f6tzlichen Umsatzes.<\/p>\n<p>Und so sehen wir auf ein weiteres erfolgreiches, schwei\u00dftreibendendes und lehrreiches Trainingslager mit einem L\u00e4cheln im Gesicht zur\u00fcck und freuen uns aufs n\u00e4chste Jahr\u2026<\/p>\n<div>\n<div><!-- index.php -->\n<div\n\tclass=\"ngg-galleryoverview ngg-ajax-pagination-none\"\n\tid=\"ngg-gallery-ac4aa3065405eea2a5f91ba3c27290cd-1\">\n\n    \t<div class=\"slideshowlink\">\n        <a href='http:\/\/www.karate-neuhofen.at\/index.php\/nggallery\/slideshow?p=2129'>[Zeige eine Slideshow]<\/a>\n\t\t\n\t<\/div>\n\t\t\t<!-- Thumbnails -->\n\t\t\t\t<div id=\"ngg-image-0\" class=\"ngg-gallery-thumbnail-box\" >\n\t\t\t\t        <div class=\"ngg-gallery-thumbnail\">\n            <a href=\"http:\/\/www.karate-neuhofen.at\/wp-content\/gallery\/trainingslager-gnas-2014\/img_1001.jpg\"\n               title=\"\"\n               data-src=\"http:\/\/www.karate-neuhofen.at\/wp-content\/gallery\/trainingslager-gnas-2014\/img_1001.jpg\"\n               data-thumbnail=\"http:\/\/www.karate-neuhofen.at\/wp-content\/gallery\/trainingslager-gnas-2014\/thumbs\/thumbs_img_1001.jpg\"\n               data-image-id=\"6032\"\n               data-title=\"img_1001\"\n               data-description=\"\"\n               data-image-slug=\"img_1001\"\n               class=\"shutterset_ac4aa3065405eea2a5f91ba3c27290cd\">\n                <img\n                    title=\"img_1001\"\n                    alt=\"img_1001\"\n                    src=\"http:\/\/www.karate-neuhofen.at\/wp-content\/gallery\/trainingslager-gnas-2014\/thumbs\/thumbs_img_1001.jpg\"\n                    width=\"100\"\n                    height=\"66\"\n                    style=\"max-width:100%;\"\n                \/>\n            <\/a>\n        <\/div>\n\t\t\t\t\t\t\t<\/div> \n\t\t\t\n        \n\t\t\t\t<div id=\"ngg-image-1\" class=\"ngg-gallery-thumbnail-box\" >\n\t\t\t\t        <div class=\"ngg-gallery-thumbnail\">\n            <a href=\"http:\/\/www.karate-neuhofen.at\/wp-content\/gallery\/trainingslager-gnas-2014\/img_1002.jpg\"\n               title=\"\"\n               data-src=\"http:\/\/www.karate-neuhofen.at\/wp-content\/gallery\/trainingslager-gnas-2014\/img_1002.jpg\"\n               data-thumbnail=\"http:\/\/www.karate-neuhofen.at\/wp-content\/gallery\/trainingslager-gnas-2014\/thumbs\/thumbs_img_1002.jpg\"\n               data-image-id=\"6033\"\n               data-title=\"img_1002\"\n               data-description=\"\"\n               data-image-slug=\"img_1002\"\n               class=\"shutterset_ac4aa3065405eea2a5f91ba3c27290cd\">\n                <img\n                    title=\"img_1002\"\n                    alt=\"img_1002\"\n                    src=\"http:\/\/www.karate-neuhofen.at\/wp-content\/gallery\/trainingslager-gnas-2014\/thumbs\/thumbs_img_1002.jpg\"\n                    width=\"100\"\n                    height=\"66\"\n                    style=\"max-width:100%;\"\n                \/>\n            <\/a>\n        <\/div>\n\t\t\t\t\t\t\t<\/div> \n\t\t\t\n        \n\t\t\t\t<div id=\"ngg-image-2\" class=\"ngg-gallery-thumbnail-box\" >\n\t\t\t\t        <div class=\"ngg-gallery-thumbnail\">\n            <a href=\"http:\/\/www.karate-neuhofen.at\/wp-content\/gallery\/trainingslager-gnas-2014\/img_1003.jpg\"\n               title=\"\"\n               data-src=\"http:\/\/www.karate-neuhofen.at\/wp-content\/gallery\/trainingslager-gnas-2014\/img_1003.jpg\"\n               data-thumbnail=\"http:\/\/www.karate-neuhofen.at\/wp-content\/gallery\/trainingslager-gnas-2014\/thumbs\/thumbs_img_1003.jpg\"\n               data-image-id=\"6034\"\n               data-title=\"img_1003\"\n               data-description=\"\"\n               data-image-slug=\"img_1003\"\n               class=\"shutterset_ac4aa3065405eea2a5f91ba3c27290cd\">\n                <img\n                    title=\"img_1003\"\n                    alt=\"img_1003\"\n                    src=\"http:\/\/www.karate-neuhofen.at\/wp-content\/gallery\/trainingslager-gnas-2014\/thumbs\/thumbs_img_1003.jpg\"\n                    width=\"100\"\n                    height=\"66\"\n                    style=\"max-width:100%;\"\n                \/>\n            <\/a>\n        <\/div>\n\t\t\t\t\t\t\t<\/div> \n\t\t\t\n        \n\t\t\t\t<div id=\"ngg-image-3\" class=\"ngg-gallery-thumbnail-box\" >\n\t\t\t\t        <div class=\"ngg-gallery-thumbnail\">\n            <a href=\"http:\/\/www.karate-neuhofen.at\/wp-content\/gallery\/trainingslager-gnas-2014\/img_1004.jpg\"\n               title=\"\"\n               data-src=\"http:\/\/www.karate-neuhofen.at\/wp-content\/gallery\/trainingslager-gnas-2014\/img_1004.jpg\"\n               data-thumbnail=\"http:\/\/www.karate-neuhofen.at\/wp-content\/gallery\/trainingslager-gnas-2014\/thumbs\/thumbs_img_1004.jpg\"\n               data-image-id=\"6035\"\n               data-title=\"img_1004\"\n               data-description=\"\"\n               data-image-slug=\"img_1004\"\n               class=\"shutterset_ac4aa3065405eea2a5f91ba3c27290cd\">\n                <img\n                    title=\"img_1004\"\n                    alt=\"img_1004\"\n                    src=\"http:\/\/www.karate-neuhofen.at\/wp-content\/gallery\/trainingslager-gnas-2014\/thumbs\/thumbs_img_1004.jpg\"\n                    width=\"100\"\n                    height=\"66\"\n                    style=\"max-width:100%;\"\n                \/>\n            <\/a>\n        <\/div>\n\t\t\t\t\t\t\t<\/div> \n\t\t\t\n        \n\t\t\t\t<div id=\"ngg-image-4\" class=\"ngg-gallery-thumbnail-box\" >\n\t\t\t\t        <div class=\"ngg-gallery-thumbnail\">\n            <a href=\"http:\/\/www.karate-neuhofen.at\/wp-content\/gallery\/trainingslager-gnas-2014\/img_1005.jpg\"\n               title=\"\"\n               data-src=\"http:\/\/www.karate-neuhofen.at\/wp-content\/gallery\/trainingslager-gnas-2014\/img_1005.jpg\"\n               data-thumbnail=\"http:\/\/www.karate-neuhofen.at\/wp-content\/gallery\/trainingslager-gnas-2014\/thumbs\/thumbs_img_1005.jpg\"\n               data-image-id=\"6036\"\n               data-title=\"img_1005\"\n               data-description=\"\"\n               data-image-slug=\"img_1005\"\n               class=\"shutterset_ac4aa3065405eea2a5f91ba3c27290cd\">\n                <img\n                    title=\"img_1005\"\n                    alt=\"img_1005\"\n                    src=\"http:\/\/www.karate-neuhofen.at\/wp-content\/gallery\/trainingslager-gnas-2014\/thumbs\/thumbs_img_1005.jpg\"\n                    width=\"100\"\n                    height=\"66\"\n                    style=\"max-width:100%;\"\n                \/>\n            <\/a>\n        <\/div>\n\t\t\t\t\t\t\t<\/div> \n\t\t\t\n        \n\t\t\t\t<div id=\"ngg-image-5\" class=\"ngg-gallery-thumbnail-box\" >\n\t\t\t\t        <div class=\"ngg-gallery-thumbnail\">\n            <a href=\"http:\/\/www.karate-neuhofen.at\/wp-content\/gallery\/trainingslager-gnas-2014\/img_1006.jpg\"\n               title=\"\"\n               data-src=\"http:\/\/www.karate-neuhofen.at\/wp-content\/gallery\/trainingslager-gnas-2014\/img_1006.jpg\"\n               data-thumbnail=\"http:\/\/www.karate-neuhofen.at\/wp-content\/gallery\/trainingslager-gnas-2014\/thumbs\/thumbs_img_1006.jpg\"\n               data-image-id=\"6037\"\n               data-title=\"img_1006\"\n               data-description=\"\"\n               data-image-slug=\"img_1006\"\n               class=\"shutterset_ac4aa3065405eea2a5f91ba3c27290cd\">\n                <img\n                    title=\"img_1006\"\n                    alt=\"img_1006\"\n                    src=\"http:\/\/www.karate-neuhofen.at\/wp-content\/gallery\/trainingslager-gnas-2014\/thumbs\/thumbs_img_1006.jpg\"\n                    width=\"100\"\n                    height=\"66\"\n                    style=\"max-width:100%;\"\n                \/>\n            <\/a>\n        <\/div>\n\t\t\t\t\t\t\t<\/div> \n\t\t\t\n        \n\t\t\t\t<div id=\"ngg-image-6\" class=\"ngg-gallery-thumbnail-box\" >\n\t\t\t\t        <div class=\"ngg-gallery-thumbnail\">\n            <a href=\"http:\/\/www.karate-neuhofen.at\/wp-content\/gallery\/trainingslager-gnas-2014\/img_1007.jpg\"\n               title=\"\"\n               data-src=\"http:\/\/www.karate-neuhofen.at\/wp-content\/gallery\/trainingslager-gnas-2014\/img_1007.jpg\"\n               data-thumbnail=\"http:\/\/www.karate-neuhofen.at\/wp-content\/gallery\/trainingslager-gnas-2014\/thumbs\/thumbs_img_1007.jpg\"\n               data-image-id=\"6038\"\n               data-title=\"img_1007\"\n               data-description=\"\"\n               data-image-slug=\"img_1007\"\n               class=\"shutterset_ac4aa3065405eea2a5f91ba3c27290cd\">\n                <img\n                    title=\"img_1007\"\n                    alt=\"img_1007\"\n                    src=\"http:\/\/www.karate-neuhofen.at\/wp-content\/gallery\/trainingslager-gnas-2014\/thumbs\/thumbs_img_1007.jpg\"\n                    width=\"100\"\n                    height=\"66\"\n                    style=\"max-width:100%;\"\n                \/>\n            <\/a>\n        <\/div>\n\t\t\t\t\t\t\t<\/div> \n\t\t\t\n        \n\t\t\t\t<div id=\"ngg-image-7\" class=\"ngg-gallery-thumbnail-box\" >\n\t\t\t\t        <div class=\"ngg-gallery-thumbnail\">\n            <a href=\"http:\/\/www.karate-neuhofen.at\/wp-content\/gallery\/trainingslager-gnas-2014\/img_1008.jpg\"\n               title=\"\"\n               data-src=\"http:\/\/www.karate-neuhofen.at\/wp-content\/gallery\/trainingslager-gnas-2014\/img_1008.jpg\"\n               data-thumbnail=\"http:\/\/www.karate-neuhofen.at\/wp-content\/gallery\/trainingslager-gnas-2014\/thumbs\/thumbs_img_1008.jpg\"\n               data-image-id=\"6039\"\n               data-title=\"img_1008\"\n               data-description=\"\"\n               data-image-slug=\"img_1008\"\n               class=\"shutterset_ac4aa3065405eea2a5f91ba3c27290cd\">\n                <img\n                    title=\"img_1008\"\n                    alt=\"img_1008\"\n                    src=\"http:\/\/www.karate-neuhofen.at\/wp-content\/gallery\/trainingslager-gnas-2014\/thumbs\/thumbs_img_1008.jpg\"\n                    width=\"100\"\n                    height=\"66\"\n                    style=\"max-width:100%;\"\n                \/>\n            <\/a>\n        <\/div>\n\t\t\t\t\t\t\t<\/div> \n\t\t\t\n        \n\t\t\t\t<div id=\"ngg-image-8\" class=\"ngg-gallery-thumbnail-box\" >\n\t\t\t\t        <div class=\"ngg-gallery-thumbnail\">\n            <a href=\"http:\/\/www.karate-neuhofen.at\/wp-content\/gallery\/trainingslager-gnas-2014\/img_1009.jpg\"\n               title=\"\"\n               data-src=\"http:\/\/www.karate-neuhofen.at\/wp-content\/gallery\/trainingslager-gnas-2014\/img_1009.jpg\"\n               data-thumbnail=\"http:\/\/www.karate-neuhofen.at\/wp-content\/gallery\/trainingslager-gnas-2014\/thumbs\/thumbs_img_1009.jpg\"\n               data-image-id=\"6040\"\n               data-title=\"img_1009\"\n               data-description=\"\"\n               data-image-slug=\"img_1009\"\n               class=\"shutterset_ac4aa3065405eea2a5f91ba3c27290cd\">\n                <img\n                    title=\"img_1009\"\n                    alt=\"img_1009\"\n                    src=\"http:\/\/www.karate-neuhofen.at\/wp-content\/gallery\/trainingslager-gnas-2014\/thumbs\/thumbs_img_1009.jpg\"\n                    width=\"100\"\n                    height=\"66\"\n                    style=\"max-width:100%;\"\n                \/>\n            <\/a>\n        <\/div>\n\t\t\t\t\t\t\t<\/div> \n\t\t\t\n        \n\t\t\t\t<div id=\"ngg-image-9\" class=\"ngg-gallery-thumbnail-box\" >\n\t\t\t\t        <div class=\"ngg-gallery-thumbnail\">\n            <a href=\"http:\/\/www.karate-neuhofen.at\/wp-content\/gallery\/trainingslager-gnas-2014\/img_1010.jpg\"\n               title=\"\"\n               data-src=\"http:\/\/www.karate-neuhofen.at\/wp-content\/gallery\/trainingslager-gnas-2014\/img_1010.jpg\"\n               data-thumbnail=\"http:\/\/www.karate-neuhofen.at\/wp-content\/gallery\/trainingslager-gnas-2014\/thumbs\/thumbs_img_1010.jpg\"\n               data-image-id=\"6041\"\n               data-title=\"img_1010\"\n               data-description=\"\"\n               data-image-slug=\"img_1010\"\n               class=\"shutterset_ac4aa3065405eea2a5f91ba3c27290cd\">\n                <img\n                    title=\"img_1010\"\n                    alt=\"img_1010\"\n                    src=\"http:\/\/www.karate-neuhofen.at\/wp-content\/gallery\/trainingslager-gnas-2014\/thumbs\/thumbs_img_1010.jpg\"\n                    width=\"100\"\n                    height=\"66\"\n                    style=\"max-width:100%;\"\n                \/>\n            <\/a>\n        <\/div>\n\t\t\t\t\t\t\t<\/div> \n\t\t\t\n        \n\t\t\t\t<div id=\"ngg-image-10\" class=\"ngg-gallery-thumbnail-box\" >\n\t\t\t\t        <div class=\"ngg-gallery-thumbnail\">\n            <a href=\"http:\/\/www.karate-neuhofen.at\/wp-content\/gallery\/trainingslager-gnas-2014\/img_1011.jpg\"\n               title=\"\"\n               data-src=\"http:\/\/www.karate-neuhofen.at\/wp-content\/gallery\/trainingslager-gnas-2014\/img_1011.jpg\"\n               data-thumbnail=\"http:\/\/www.karate-neuhofen.at\/wp-content\/gallery\/trainingslager-gnas-2014\/thumbs\/thumbs_img_1011.jpg\"\n               data-image-id=\"6042\"\n               data-title=\"img_1011\"\n               data-description=\"\"\n               data-image-slug=\"img_1011\"\n               class=\"shutterset_ac4aa3065405eea2a5f91ba3c27290cd\">\n                <img\n                    title=\"img_1011\"\n                    alt=\"img_1011\"\n                    src=\"http:\/\/www.karate-neuhofen.at\/wp-content\/gallery\/trainingslager-gnas-2014\/thumbs\/thumbs_img_1011.jpg\"\n                    width=\"100\"\n                    height=\"66\"\n                    style=\"max-width:100%;\"\n                \/>\n            <\/a>\n        <\/div>\n\t\t\t\t\t\t\t<\/div> \n\t\t\t\n        \n\t\t\t\t<div id=\"ngg-image-11\" class=\"ngg-gallery-thumbnail-box\" >\n\t\t\t\t        <div class=\"ngg-gallery-thumbnail\">\n            <a href=\"http:\/\/www.karate-neuhofen.at\/wp-content\/gallery\/trainingslager-gnas-2014\/img_1012.jpg\"\n               title=\"\"\n               data-src=\"http:\/\/www.karate-neuhofen.at\/wp-content\/gallery\/trainingslager-gnas-2014\/img_1012.jpg\"\n               data-thumbnail=\"http:\/\/www.karate-neuhofen.at\/wp-content\/gallery\/trainingslager-gnas-2014\/thumbs\/thumbs_img_1012.jpg\"\n               data-image-id=\"6043\"\n               data-title=\"img_1012\"\n               data-description=\"\"\n               data-image-slug=\"img_1012\"\n               class=\"shutterset_ac4aa3065405eea2a5f91ba3c27290cd\">\n                <img\n                    title=\"img_1012\"\n                    alt=\"img_1012\"\n                    src=\"http:\/\/www.karate-neuhofen.at\/wp-content\/gallery\/trainingslager-gnas-2014\/thumbs\/thumbs_img_1012.jpg\"\n                    width=\"100\"\n                    height=\"66\"\n                    style=\"max-width:100%;\"\n                \/>\n            <\/a>\n        <\/div>\n\t\t\t\t\t\t\t<\/div> \n\t\t\t\n        \n\t\t\t\t<div id=\"ngg-image-12\" class=\"ngg-gallery-thumbnail-box\" >\n\t\t\t\t        <div class=\"ngg-gallery-thumbnail\">\n            <a href=\"http:\/\/www.karate-neuhofen.at\/wp-content\/gallery\/trainingslager-gnas-2014\/img_1013.jpg\"\n               title=\"\"\n               data-src=\"http:\/\/www.karate-neuhofen.at\/wp-content\/gallery\/trainingslager-gnas-2014\/img_1013.jpg\"\n               data-thumbnail=\"http:\/\/www.karate-neuhofen.at\/wp-content\/gallery\/trainingslager-gnas-2014\/thumbs\/thumbs_img_1013.jpg\"\n               data-image-id=\"6044\"\n               data-title=\"img_1013\"\n               data-description=\"\"\n               data-image-slug=\"img_1013\"\n               class=\"shutterset_ac4aa3065405eea2a5f91ba3c27290cd\">\n                <img\n                    title=\"img_1013\"\n                    alt=\"img_1013\"\n                    src=\"http:\/\/www.karate-neuhofen.at\/wp-content\/gallery\/trainingslager-gnas-2014\/thumbs\/thumbs_img_1013.jpg\"\n                    width=\"100\"\n                    height=\"66\"\n                    style=\"max-width:100%;\"\n                \/>\n            <\/a>\n        <\/div>\n\t\t\t\t\t\t\t<\/div> \n\t\t\t\n        \n\t\t\t\t<div id=\"ngg-image-13\" class=\"ngg-gallery-thumbnail-box\" >\n\t\t\t\t        <div class=\"ngg-gallery-thumbnail\">\n            <a href=\"http:\/\/www.karate-neuhofen.at\/wp-content\/gallery\/trainingslager-gnas-2014\/img_1014.jpg\"\n               title=\"\"\n               data-src=\"http:\/\/www.karate-neuhofen.at\/wp-content\/gallery\/trainingslager-gnas-2014\/img_1014.jpg\"\n               data-thumbnail=\"http:\/\/www.karate-neuhofen.at\/wp-content\/gallery\/trainingslager-gnas-2014\/thumbs\/thumbs_img_1014.jpg\"\n               data-image-id=\"6045\"\n               data-title=\"img_1014\"\n               data-description=\"\"\n               data-image-slug=\"img_1014\"\n               class=\"shutterset_ac4aa3065405eea2a5f91ba3c27290cd\">\n                <img\n                    title=\"img_1014\"\n                    alt=\"img_1014\"\n                    src=\"http:\/\/www.karate-neuhofen.at\/wp-content\/gallery\/trainingslager-gnas-2014\/thumbs\/thumbs_img_1014.jpg\"\n                    width=\"100\"\n                    height=\"66\"\n                    style=\"max-width:100%;\"\n                \/>\n            <\/a>\n        <\/div>\n\t\t\t\t\t\t\t<\/div> \n\t\t\t\n        \n\t\t\t\t<div id=\"ngg-image-14\" class=\"ngg-gallery-thumbnail-box\" >\n\t\t\t\t        <div class=\"ngg-gallery-thumbnail\">\n            <a href=\"http:\/\/www.karate-neuhofen.at\/wp-content\/gallery\/trainingslager-gnas-2014\/img_1015.jpg\"\n               title=\"\"\n               data-src=\"http:\/\/www.karate-neuhofen.at\/wp-content\/gallery\/trainingslager-gnas-2014\/img_1015.jpg\"\n               data-thumbnail=\"http:\/\/www.karate-neuhofen.at\/wp-content\/gallery\/trainingslager-gnas-2014\/thumbs\/thumbs_img_1015.jpg\"\n               data-image-id=\"6046\"\n               data-title=\"img_1015\"\n               data-description=\"\"\n               data-image-slug=\"img_1015\"\n               class=\"shutterset_ac4aa3065405eea2a5f91ba3c27290cd\">\n                <img\n                    title=\"img_1015\"\n                    alt=\"img_1015\"\n                    src=\"http:\/\/www.karate-neuhofen.at\/wp-content\/gallery\/trainingslager-gnas-2014\/thumbs\/thumbs_img_1015.jpg\"\n                    width=\"100\"\n                    height=\"66\"\n                    style=\"max-width:100%;\"\n                \/>\n            <\/a>\n        <\/div>\n\t\t\t\t\t\t\t<\/div> \n\t\t\t\n        \n\t\t\t\t<div id=\"ngg-image-15\" class=\"ngg-gallery-thumbnail-box\" >\n\t\t\t\t        <div class=\"ngg-gallery-thumbnail\">\n            <a href=\"http:\/\/www.karate-neuhofen.at\/wp-content\/gallery\/trainingslager-gnas-2014\/img_1016.jpg\"\n               title=\"\"\n               data-src=\"http:\/\/www.karate-neuhofen.at\/wp-content\/gallery\/trainingslager-gnas-2014\/img_1016.jpg\"\n               data-thumbnail=\"http:\/\/www.karate-neuhofen.at\/wp-content\/gallery\/trainingslager-gnas-2014\/thumbs\/thumbs_img_1016.jpg\"\n               data-image-id=\"6047\"\n               data-title=\"img_1016\"\n               data-description=\"\"\n               data-image-slug=\"img_1016\"\n               class=\"shutterset_ac4aa3065405eea2a5f91ba3c27290cd\">\n                <img\n                    title=\"img_1016\"\n                    alt=\"img_1016\"\n                    src=\"http:\/\/www.karate-neuhofen.at\/wp-content\/gallery\/trainingslager-gnas-2014\/thumbs\/thumbs_img_1016.jpg\"\n                    width=\"100\"\n                    height=\"66\"\n                    style=\"max-width:100%;\"\n                \/>\n            <\/a>\n        <\/div>\n\t\t\t\t\t\t\t<\/div> \n\t\t\t\n        \n\t\t\t\t<div id=\"ngg-image-16\" class=\"ngg-gallery-thumbnail-box\" >\n\t\t\t\t        <div class=\"ngg-gallery-thumbnail\">\n            <a href=\"http:\/\/www.karate-neuhofen.at\/wp-content\/gallery\/trainingslager-gnas-2014\/img_1017.jpg\"\n               title=\"\"\n               data-src=\"http:\/\/www.karate-neuhofen.at\/wp-content\/gallery\/trainingslager-gnas-2014\/img_1017.jpg\"\n               data-thumbnail=\"http:\/\/www.karate-neuhofen.at\/wp-content\/gallery\/trainingslager-gnas-2014\/thumbs\/thumbs_img_1017.jpg\"\n               data-image-id=\"6048\"\n               data-title=\"img_1017\"\n               data-description=\"\"\n               data-image-slug=\"img_1017\"\n               class=\"shutterset_ac4aa3065405eea2a5f91ba3c27290cd\">\n                <img\n                    title=\"img_1017\"\n                    alt=\"img_1017\"\n                    src=\"http:\/\/www.karate-neuhofen.at\/wp-content\/gallery\/trainingslager-gnas-2014\/thumbs\/thumbs_img_1017.jpg\"\n                    width=\"100\"\n                    height=\"66\"\n                    style=\"max-width:100%;\"\n                \/>\n            <\/a>\n        <\/div>\n\t\t\t\t\t\t\t<\/div> \n\t\t\t\n        \n\t\t\t\t<div id=\"ngg-image-17\" class=\"ngg-gallery-thumbnail-box\" >\n\t\t\t\t        <div class=\"ngg-gallery-thumbnail\">\n            <a href=\"http:\/\/www.karate-neuhofen.at\/wp-content\/gallery\/trainingslager-gnas-2014\/img_1018.jpg\"\n               title=\"\"\n               data-src=\"http:\/\/www.karate-neuhofen.at\/wp-content\/gallery\/trainingslager-gnas-2014\/img_1018.jpg\"\n               data-thumbnail=\"http:\/\/www.karate-neuhofen.at\/wp-content\/gallery\/trainingslager-gnas-2014\/thumbs\/thumbs_img_1018.jpg\"\n               data-image-id=\"6049\"\n               data-title=\"img_1018\"\n               data-description=\"\"\n               data-image-slug=\"img_1018\"\n               class=\"shutterset_ac4aa3065405eea2a5f91ba3c27290cd\">\n                <img\n                    title=\"img_1018\"\n                    alt=\"img_1018\"\n                    src=\"http:\/\/www.karate-neuhofen.at\/wp-content\/gallery\/trainingslager-gnas-2014\/thumbs\/thumbs_img_1018.jpg\"\n                    width=\"100\"\n                    height=\"66\"\n                    style=\"max-width:100%;\"\n                \/>\n            <\/a>\n        <\/div>\n\t\t\t\t\t\t\t<\/div> \n\t\t\t\n        \n\t\t\t\t<div id=\"ngg-image-18\" class=\"ngg-gallery-thumbnail-box\" >\n\t\t\t\t        <div class=\"ngg-gallery-thumbnail\">\n            <a href=\"http:\/\/www.karate-neuhofen.at\/wp-content\/gallery\/trainingslager-gnas-2014\/img_1019.jpg\"\n               title=\"\"\n               data-src=\"http:\/\/www.karate-neuhofen.at\/wp-content\/gallery\/trainingslager-gnas-2014\/img_1019.jpg\"\n               data-thumbnail=\"http:\/\/www.karate-neuhofen.at\/wp-content\/gallery\/trainingslager-gnas-2014\/thumbs\/thumbs_img_1019.jpg\"\n               data-image-id=\"6050\"\n               data-title=\"img_1019\"\n               data-description=\"\"\n               data-image-slug=\"img_1019\"\n               class=\"shutterset_ac4aa3065405eea2a5f91ba3c27290cd\">\n                <img\n                    title=\"img_1019\"\n                    alt=\"img_1019\"\n                    src=\"http:\/\/www.karate-neuhofen.at\/wp-content\/gallery\/trainingslager-gnas-2014\/thumbs\/thumbs_img_1019.jpg\"\n                    width=\"100\"\n                    height=\"66\"\n                    style=\"max-width:100%;\"\n                \/>\n            <\/a>\n        <\/div>\n\t\t\t\t\t\t\t<\/div> \n\t\t\t\n        \n\t\t\t\t<div id=\"ngg-image-19\" class=\"ngg-gallery-thumbnail-box\" >\n\t\t\t\t        <div class=\"ngg-gallery-thumbnail\">\n            <a href=\"http:\/\/www.karate-neuhofen.at\/wp-content\/gallery\/trainingslager-gnas-2014\/img_1020.jpg\"\n               title=\"\"\n               data-src=\"http:\/\/www.karate-neuhofen.at\/wp-content\/gallery\/trainingslager-gnas-2014\/img_1020.jpg\"\n               data-thumbnail=\"http:\/\/www.karate-neuhofen.at\/wp-content\/gallery\/trainingslager-gnas-2014\/thumbs\/thumbs_img_1020.jpg\"\n               data-image-id=\"6051\"\n               data-title=\"img_1020\"\n               data-description=\"\"\n               data-image-slug=\"img_1020\"\n               class=\"shutterset_ac4aa3065405eea2a5f91ba3c27290cd\">\n                <img\n                    title=\"img_1020\"\n                    alt=\"img_1020\"\n                    src=\"http:\/\/www.karate-neuhofen.at\/wp-content\/gallery\/trainingslager-gnas-2014\/thumbs\/thumbs_img_1020.jpg\"\n                    width=\"100\"\n                    height=\"66\"\n                    style=\"max-width:100%;\"\n                \/>\n            <\/a>\n        <\/div>\n\t\t\t\t\t\t\t<\/div> \n\t\t\t\n        \n\t\t\t\t<div id=\"ngg-image-20\" class=\"ngg-gallery-thumbnail-box\" >\n\t\t\t\t        <div class=\"ngg-gallery-thumbnail\">\n            <a href=\"http:\/\/www.karate-neuhofen.at\/wp-content\/gallery\/trainingslager-gnas-2014\/img_1021.jpg\"\n               title=\"\"\n               data-src=\"http:\/\/www.karate-neuhofen.at\/wp-content\/gallery\/trainingslager-gnas-2014\/img_1021.jpg\"\n               data-thumbnail=\"http:\/\/www.karate-neuhofen.at\/wp-content\/gallery\/trainingslager-gnas-2014\/thumbs\/thumbs_img_1021.jpg\"\n               data-image-id=\"6052\"\n               data-title=\"img_1021\"\n               data-description=\"\"\n               data-image-slug=\"img_1021\"\n               class=\"shutterset_ac4aa3065405eea2a5f91ba3c27290cd\">\n                <img\n                    title=\"img_1021\"\n                    alt=\"img_1021\"\n                    src=\"http:\/\/www.karate-neuhofen.at\/wp-content\/gallery\/trainingslager-gnas-2014\/thumbs\/thumbs_img_1021.jpg\"\n                    width=\"100\"\n                    height=\"66\"\n                    style=\"max-width:100%;\"\n                \/>\n            <\/a>\n        <\/div>\n\t\t\t\t\t\t\t<\/div> \n\t\t\t\n        \n\t\t\t\t<div id=\"ngg-image-21\" class=\"ngg-gallery-thumbnail-box\" >\n\t\t\t\t        <div class=\"ngg-gallery-thumbnail\">\n            <a href=\"http:\/\/www.karate-neuhofen.at\/wp-content\/gallery\/trainingslager-gnas-2014\/img_1022.jpg\"\n               title=\"\"\n               data-src=\"http:\/\/www.karate-neuhofen.at\/wp-content\/gallery\/trainingslager-gnas-2014\/img_1022.jpg\"\n               data-thumbnail=\"http:\/\/www.karate-neuhofen.at\/wp-content\/gallery\/trainingslager-gnas-2014\/thumbs\/thumbs_img_1022.jpg\"\n               data-image-id=\"6053\"\n               data-title=\"img_1022\"\n               data-description=\"\"\n               data-image-slug=\"img_1022\"\n               class=\"shutterset_ac4aa3065405eea2a5f91ba3c27290cd\">\n                <img\n                    title=\"img_1022\"\n                    alt=\"img_1022\"\n                    src=\"http:\/\/www.karate-neuhofen.at\/wp-content\/gallery\/trainingslager-gnas-2014\/thumbs\/thumbs_img_1022.jpg\"\n                    width=\"100\"\n                    height=\"66\"\n                    style=\"max-width:100%;\"\n                \/>\n            <\/a>\n        <\/div>\n\t\t\t\t\t\t\t<\/div> \n\t\t\t\n        \n\t\t\t\t<div id=\"ngg-image-22\" class=\"ngg-gallery-thumbnail-box\" >\n\t\t\t\t        <div class=\"ngg-gallery-thumbnail\">\n            <a href=\"http:\/\/www.karate-neuhofen.at\/wp-content\/gallery\/trainingslager-gnas-2014\/img_1023.jpg\"\n               title=\"\"\n               data-src=\"http:\/\/www.karate-neuhofen.at\/wp-content\/gallery\/trainingslager-gnas-2014\/img_1023.jpg\"\n               data-thumbnail=\"http:\/\/www.karate-neuhofen.at\/wp-content\/gallery\/trainingslager-gnas-2014\/thumbs\/thumbs_img_1023.jpg\"\n               data-image-id=\"6054\"\n               data-title=\"img_1023\"\n               data-description=\"\"\n               data-image-slug=\"img_1023\"\n               class=\"shutterset_ac4aa3065405eea2a5f91ba3c27290cd\">\n                <img\n                    title=\"img_1023\"\n                    alt=\"img_1023\"\n                    src=\"http:\/\/www.karate-neuhofen.at\/wp-content\/gallery\/trainingslager-gnas-2014\/thumbs\/thumbs_img_1023.jpg\"\n                    width=\"100\"\n                    height=\"66\"\n                    style=\"max-width:100%;\"\n                \/>\n            <\/a>\n        <\/div>\n\t\t\t\t\t\t\t<\/div> \n\t\t\t\n        \n\t\t\t\t<div id=\"ngg-image-23\" class=\"ngg-gallery-thumbnail-box\" >\n\t\t\t\t        <div class=\"ngg-gallery-thumbnail\">\n            <a href=\"http:\/\/www.karate-neuhofen.at\/wp-content\/gallery\/trainingslager-gnas-2014\/img_1024.jpg\"\n               title=\"\"\n               data-src=\"http:\/\/www.karate-neuhofen.at\/wp-content\/gallery\/trainingslager-gnas-2014\/img_1024.jpg\"\n               data-thumbnail=\"http:\/\/www.karate-neuhofen.at\/wp-content\/gallery\/trainingslager-gnas-2014\/thumbs\/thumbs_img_1024.jpg\"\n               data-image-id=\"6055\"\n               data-title=\"img_1024\"\n               data-description=\"\"\n               data-image-slug=\"img_1024\"\n               class=\"shutterset_ac4aa3065405eea2a5f91ba3c27290cd\">\n                <img\n                    title=\"img_1024\"\n                    alt=\"img_1024\"\n                    src=\"http:\/\/www.karate-neuhofen.at\/wp-content\/gallery\/trainingslager-gnas-2014\/thumbs\/thumbs_img_1024.jpg\"\n                    width=\"100\"\n                    height=\"66\"\n                    style=\"max-width:100%;\"\n                \/>\n            <\/a>\n        <\/div>\n\t\t\t\t\t\t\t<\/div> \n\t\t\t\n        \n\t\t\t\t<div id=\"ngg-image-24\" class=\"ngg-gallery-thumbnail-box\" >\n\t\t\t\t        <div class=\"ngg-gallery-thumbnail\">\n            <a href=\"http:\/\/www.karate-neuhofen.at\/wp-content\/gallery\/trainingslager-gnas-2014\/img_1025.jpg\"\n               title=\"\"\n               data-src=\"http:\/\/www.karate-neuhofen.at\/wp-content\/gallery\/trainingslager-gnas-2014\/img_1025.jpg\"\n               data-thumbnail=\"http:\/\/www.karate-neuhofen.at\/wp-content\/gallery\/trainingslager-gnas-2014\/thumbs\/thumbs_img_1025.jpg\"\n               data-image-id=\"6056\"\n               data-title=\"img_1025\"\n               data-description=\"\"\n               data-image-slug=\"img_1025\"\n               class=\"shutterset_ac4aa3065405eea2a5f91ba3c27290cd\">\n                <img\n                    title=\"img_1025\"\n                    alt=\"img_1025\"\n                    src=\"http:\/\/www.karate-neuhofen.at\/wp-content\/gallery\/trainingslager-gnas-2014\/thumbs\/thumbs_img_1025.jpg\"\n                    width=\"100\"\n                    height=\"66\"\n                    style=\"max-width:100%;\"\n                \/>\n            <\/a>\n        <\/div>\n\t\t\t\t\t\t\t<\/div> \n\t\t\t\n        \n\t\t\t\t<div id=\"ngg-image-25\" class=\"ngg-gallery-thumbnail-box\" >\n\t\t\t\t        <div class=\"ngg-gallery-thumbnail\">\n            <a href=\"http:\/\/www.karate-neuhofen.at\/wp-content\/gallery\/trainingslager-gnas-2014\/img_1026.jpg\"\n               title=\"\"\n               data-src=\"http:\/\/www.karate-neuhofen.at\/wp-content\/gallery\/trainingslager-gnas-2014\/img_1026.jpg\"\n               data-thumbnail=\"http:\/\/www.karate-neuhofen.at\/wp-content\/gallery\/trainingslager-gnas-2014\/thumbs\/thumbs_img_1026.jpg\"\n               data-image-id=\"6057\"\n               data-title=\"img_1026\"\n               data-description=\"\"\n               data-image-slug=\"img_1026\"\n               class=\"shutterset_ac4aa3065405eea2a5f91ba3c27290cd\">\n                <img\n                    title=\"img_1026\"\n                    alt=\"img_1026\"\n                    src=\"http:\/\/www.karate-neuhofen.at\/wp-content\/gallery\/trainingslager-gnas-2014\/thumbs\/thumbs_img_1026.jpg\"\n                    width=\"100\"\n                    height=\"66\"\n                    style=\"max-width:100%;\"\n                \/>\n            <\/a>\n        <\/div>\n\t\t\t\t\t\t\t<\/div> \n\t\t\t\n        \n\t\t\t\t<div id=\"ngg-image-26\" class=\"ngg-gallery-thumbnail-box\" >\n\t\t\t\t        <div class=\"ngg-gallery-thumbnail\">\n            <a href=\"http:\/\/www.karate-neuhofen.at\/wp-content\/gallery\/trainingslager-gnas-2014\/img_1027.jpg\"\n               title=\"\"\n               data-src=\"http:\/\/www.karate-neuhofen.at\/wp-content\/gallery\/trainingslager-gnas-2014\/img_1027.jpg\"\n               data-thumbnail=\"http:\/\/www.karate-neuhofen.at\/wp-content\/gallery\/trainingslager-gnas-2014\/thumbs\/thumbs_img_1027.jpg\"\n               data-image-id=\"6058\"\n               data-title=\"img_1027\"\n               data-description=\"\"\n               data-image-slug=\"img_1027\"\n               class=\"shutterset_ac4aa3065405eea2a5f91ba3c27290cd\">\n                <img\n                    title=\"img_1027\"\n                    alt=\"img_1027\"\n                    src=\"http:\/\/www.karate-neuhofen.at\/wp-content\/gallery\/trainingslager-gnas-2014\/thumbs\/thumbs_img_1027.jpg\"\n                    width=\"100\"\n                    height=\"66\"\n                    style=\"max-width:100%;\"\n                \/>\n            <\/a>\n        <\/div>\n\t\t\t\t\t\t\t<\/div> \n\t\t\t\n        \n\t\t\t\t<div id=\"ngg-image-27\" class=\"ngg-gallery-thumbnail-box\" >\n\t\t\t\t        <div class=\"ngg-gallery-thumbnail\">\n            <a href=\"http:\/\/www.karate-neuhofen.at\/wp-content\/gallery\/trainingslager-gnas-2014\/img_1028.jpg\"\n               title=\"\"\n               data-src=\"http:\/\/www.karate-neuhofen.at\/wp-content\/gallery\/trainingslager-gnas-2014\/img_1028.jpg\"\n               data-thumbnail=\"http:\/\/www.karate-neuhofen.at\/wp-content\/gallery\/trainingslager-gnas-2014\/thumbs\/thumbs_img_1028.jpg\"\n               data-image-id=\"6059\"\n               data-title=\"img_1028\"\n               data-description=\"\"\n               data-image-slug=\"img_1028\"\n               class=\"shutterset_ac4aa3065405eea2a5f91ba3c27290cd\">\n                <img\n                    title=\"img_1028\"\n                    alt=\"img_1028\"\n                    src=\"http:\/\/www.karate-neuhofen.at\/wp-content\/gallery\/trainingslager-gnas-2014\/thumbs\/thumbs_img_1028.jpg\"\n                    width=\"50\"\n                    height=\"75\"\n                    style=\"max-width:100%;\"\n                \/>\n            <\/a>\n        <\/div>\n\t\t\t\t\t\t\t<\/div> \n\t\t\t\n        \n\t\t\t\t<div id=\"ngg-image-28\" class=\"ngg-gallery-thumbnail-box\" >\n\t\t\t\t        <div class=\"ngg-gallery-thumbnail\">\n            <a href=\"http:\/\/www.karate-neuhofen.at\/wp-content\/gallery\/trainingslager-gnas-2014\/img_1029.jpg\"\n               title=\"\"\n               data-src=\"http:\/\/www.karate-neuhofen.at\/wp-content\/gallery\/trainingslager-gnas-2014\/img_1029.jpg\"\n               data-thumbnail=\"http:\/\/www.karate-neuhofen.at\/wp-content\/gallery\/trainingslager-gnas-2014\/thumbs\/thumbs_img_1029.jpg\"\n               data-image-id=\"6060\"\n               data-title=\"img_1029\"\n               data-description=\"\"\n               data-image-slug=\"img_1029\"\n               class=\"shutterset_ac4aa3065405eea2a5f91ba3c27290cd\">\n                <img\n                    title=\"img_1029\"\n                    alt=\"img_1029\"\n                    src=\"http:\/\/www.karate-neuhofen.at\/wp-content\/gallery\/trainingslager-gnas-2014\/thumbs\/thumbs_img_1029.jpg\"\n                    width=\"100\"\n                    height=\"66\"\n                    style=\"max-width:100%;\"\n                \/>\n            <\/a>\n        <\/div>\n\t\t\t\t\t\t\t<\/div> \n\t\t\t\n        \n\t\t\t\t<div id=\"ngg-image-29\" class=\"ngg-gallery-thumbnail-box\" >\n\t\t\t\t        <div class=\"ngg-gallery-thumbnail\">\n            <a href=\"http:\/\/www.karate-neuhofen.at\/wp-content\/gallery\/trainingslager-gnas-2014\/img_1030.jpg\"\n               title=\"\"\n               data-src=\"http:\/\/www.karate-neuhofen.at\/wp-content\/gallery\/trainingslager-gnas-2014\/img_1030.jpg\"\n               data-thumbnail=\"http:\/\/www.karate-neuhofen.at\/wp-content\/gallery\/trainingslager-gnas-2014\/thumbs\/thumbs_img_1030.jpg\"\n               data-image-id=\"6061\"\n               data-title=\"img_1030\"\n               data-description=\"\"\n               data-image-slug=\"img_1030\"\n               class=\"shutterset_ac4aa3065405eea2a5f91ba3c27290cd\">\n                <img\n                    title=\"img_1030\"\n                    alt=\"img_1030\"\n                    src=\"http:\/\/www.karate-neuhofen.at\/wp-content\/gallery\/trainingslager-gnas-2014\/thumbs\/thumbs_img_1030.jpg\"\n                    width=\"100\"\n                    height=\"66\"\n                    style=\"max-width:100%;\"\n                \/>\n            <\/a>\n        <\/div>\n\t\t\t\t\t\t\t<\/div> \n\t\t\t\n        \n\t\t\t\t<div id=\"ngg-image-30\" class=\"ngg-gallery-thumbnail-box\" >\n\t\t\t\t        <div class=\"ngg-gallery-thumbnail\">\n            <a href=\"http:\/\/www.karate-neuhofen.at\/wp-content\/gallery\/trainingslager-gnas-2014\/img_1031.jpg\"\n               title=\"\"\n               data-src=\"http:\/\/www.karate-neuhofen.at\/wp-content\/gallery\/trainingslager-gnas-2014\/img_1031.jpg\"\n               data-thumbnail=\"http:\/\/www.karate-neuhofen.at\/wp-content\/gallery\/trainingslager-gnas-2014\/thumbs\/thumbs_img_1031.jpg\"\n               data-image-id=\"6062\"\n               data-title=\"img_1031\"\n               data-description=\"\"\n               data-image-slug=\"img_1031\"\n               class=\"shutterset_ac4aa3065405eea2a5f91ba3c27290cd\">\n                <img\n                    title=\"img_1031\"\n                    alt=\"img_1031\"\n                    src=\"http:\/\/www.karate-neuhofen.at\/wp-content\/gallery\/trainingslager-gnas-2014\/thumbs\/thumbs_img_1031.jpg\"\n                    width=\"100\"\n                    height=\"66\"\n                    style=\"max-width:100%;\"\n                \/>\n            <\/a>\n        <\/div>\n\t\t\t\t\t\t\t<\/div> \n\t\t\t\n        \n\t\t\t\t<div id=\"ngg-image-31\" class=\"ngg-gallery-thumbnail-box\" >\n\t\t\t\t        <div class=\"ngg-gallery-thumbnail\">\n            <a href=\"http:\/\/www.karate-neuhofen.at\/wp-content\/gallery\/trainingslager-gnas-2014\/img_1032.jpg\"\n               title=\"\"\n               data-src=\"http:\/\/www.karate-neuhofen.at\/wp-content\/gallery\/trainingslager-gnas-2014\/img_1032.jpg\"\n               data-thumbnail=\"http:\/\/www.karate-neuhofen.at\/wp-content\/gallery\/trainingslager-gnas-2014\/thumbs\/thumbs_img_1032.jpg\"\n               data-image-id=\"6063\"\n               data-title=\"img_1032\"\n               data-description=\"\"\n               data-image-slug=\"img_1032\"\n               class=\"shutterset_ac4aa3065405eea2a5f91ba3c27290cd\">\n                <img\n                    title=\"img_1032\"\n                    alt=\"img_1032\"\n                    src=\"http:\/\/www.karate-neuhofen.at\/wp-content\/gallery\/trainingslager-gnas-2014\/thumbs\/thumbs_img_1032.jpg\"\n                    width=\"100\"\n                    height=\"66\"\n                    style=\"max-width:100%;\"\n                \/>\n            <\/a>\n        <\/div>\n\t\t\t\t\t\t\t<\/div> \n\t\t\t\n        \n\t\t\t\t<div id=\"ngg-image-32\" class=\"ngg-gallery-thumbnail-box\" >\n\t\t\t\t        <div class=\"ngg-gallery-thumbnail\">\n            <a href=\"http:\/\/www.karate-neuhofen.at\/wp-content\/gallery\/trainingslager-gnas-2014\/img_1033.jpg\"\n               title=\"\"\n               data-src=\"http:\/\/www.karate-neuhofen.at\/wp-content\/gallery\/trainingslager-gnas-2014\/img_1033.jpg\"\n               data-thumbnail=\"http:\/\/www.karate-neuhofen.at\/wp-content\/gallery\/trainingslager-gnas-2014\/thumbs\/thumbs_img_1033.jpg\"\n               data-image-id=\"6064\"\n               data-title=\"img_1033\"\n               data-description=\"\"\n               data-image-slug=\"img_1033\"\n               class=\"shutterset_ac4aa3065405eea2a5f91ba3c27290cd\">\n                <img\n                    title=\"img_1033\"\n                    alt=\"img_1033\"\n                    src=\"http:\/\/www.karate-neuhofen.at\/wp-content\/gallery\/trainingslager-gnas-2014\/thumbs\/thumbs_img_1033.jpg\"\n                    width=\"100\"\n                    height=\"66\"\n                    style=\"max-width:100%;\"\n                \/>\n            <\/a>\n        <\/div>\n\t\t\t\t\t\t\t<\/div> \n\t\t\t\n        \n\t\t\t\t<div id=\"ngg-image-33\" class=\"ngg-gallery-thumbnail-box\" >\n\t\t\t\t        <div class=\"ngg-gallery-thumbnail\">\n            <a href=\"http:\/\/www.karate-neuhofen.at\/wp-content\/gallery\/trainingslager-gnas-2014\/img_1034.jpg\"\n               title=\"\"\n               data-src=\"http:\/\/www.karate-neuhofen.at\/wp-content\/gallery\/trainingslager-gnas-2014\/img_1034.jpg\"\n               data-thumbnail=\"http:\/\/www.karate-neuhofen.at\/wp-content\/gallery\/trainingslager-gnas-2014\/thumbs\/thumbs_img_1034.jpg\"\n               data-image-id=\"6065\"\n               data-title=\"img_1034\"\n               data-description=\"\"\n               data-image-slug=\"img_1034\"\n               class=\"shutterset_ac4aa3065405eea2a5f91ba3c27290cd\">\n                <img\n                    title=\"img_1034\"\n                    alt=\"img_1034\"\n                    src=\"http:\/\/www.karate-neuhofen.at\/wp-content\/gallery\/trainingslager-gnas-2014\/thumbs\/thumbs_img_1034.jpg\"\n                    width=\"100\"\n                    height=\"66\"\n                    style=\"max-width:100%;\"\n                \/>\n            <\/a>\n        <\/div>\n\t\t\t\t\t\t\t<\/div> \n\t\t\t\n        \n\t\t\t\t<div id=\"ngg-image-34\" class=\"ngg-gallery-thumbnail-box\" >\n\t\t\t\t        <div class=\"ngg-gallery-thumbnail\">\n            <a href=\"http:\/\/www.karate-neuhofen.at\/wp-content\/gallery\/trainingslager-gnas-2014\/img_1035.jpg\"\n               title=\"\"\n               data-src=\"http:\/\/www.karate-neuhofen.at\/wp-content\/gallery\/trainingslager-gnas-2014\/img_1035.jpg\"\n               data-thumbnail=\"http:\/\/www.karate-neuhofen.at\/wp-content\/gallery\/trainingslager-gnas-2014\/thumbs\/thumbs_img_1035.jpg\"\n               data-image-id=\"6066\"\n               data-title=\"img_1035\"\n               data-description=\"\"\n               data-image-slug=\"img_1035\"\n               class=\"shutterset_ac4aa3065405eea2a5f91ba3c27290cd\">\n                <img\n                    title=\"img_1035\"\n                    alt=\"img_1035\"\n                    src=\"http:\/\/www.karate-neuhofen.at\/wp-content\/gallery\/trainingslager-gnas-2014\/thumbs\/thumbs_img_1035.jpg\"\n                    width=\"100\"\n                    height=\"66\"\n                    style=\"max-width:100%;\"\n                \/>\n            <\/a>\n        <\/div>\n\t\t\t\t\t\t\t<\/div> \n\t\t\t\n        \n\t\t\t\t<div id=\"ngg-image-35\" class=\"ngg-gallery-thumbnail-box\" >\n\t\t\t\t        <div class=\"ngg-gallery-thumbnail\">\n            <a href=\"http:\/\/www.karate-neuhofen.at\/wp-content\/gallery\/trainingslager-gnas-2014\/img_1036.jpg\"\n               title=\"\"\n               data-src=\"http:\/\/www.karate-neuhofen.at\/wp-content\/gallery\/trainingslager-gnas-2014\/img_1036.jpg\"\n               data-thumbnail=\"http:\/\/www.karate-neuhofen.at\/wp-content\/gallery\/trainingslager-gnas-2014\/thumbs\/thumbs_img_1036.jpg\"\n               data-image-id=\"6067\"\n               data-title=\"img_1036\"\n               data-description=\"\"\n               data-image-slug=\"img_1036\"\n               class=\"shutterset_ac4aa3065405eea2a5f91ba3c27290cd\">\n                <img\n                    title=\"img_1036\"\n                    alt=\"img_1036\"\n                    src=\"http:\/\/www.karate-neuhofen.at\/wp-content\/gallery\/trainingslager-gnas-2014\/thumbs\/thumbs_img_1036.jpg\"\n                    width=\"100\"\n                    height=\"66\"\n                    style=\"max-width:100%;\"\n                \/>\n            <\/a>\n        <\/div>\n\t\t\t\t\t\t\t<\/div> \n\t\t\t\n        \n\t\t\t\t<div id=\"ngg-image-36\" class=\"ngg-gallery-thumbnail-box\" >\n\t\t\t\t        <div class=\"ngg-gallery-thumbnail\">\n            <a href=\"http:\/\/www.karate-neuhofen.at\/wp-content\/gallery\/trainingslager-gnas-2014\/img_1037.jpg\"\n               title=\"\"\n               data-src=\"http:\/\/www.karate-neuhofen.at\/wp-content\/gallery\/trainingslager-gnas-2014\/img_1037.jpg\"\n               data-thumbnail=\"http:\/\/www.karate-neuhofen.at\/wp-content\/gallery\/trainingslager-gnas-2014\/thumbs\/thumbs_img_1037.jpg\"\n               data-image-id=\"6068\"\n               data-title=\"img_1037\"\n               data-description=\"\"\n               data-image-slug=\"img_1037\"\n               class=\"shutterset_ac4aa3065405eea2a5f91ba3c27290cd\">\n                <img\n                    title=\"img_1037\"\n                    alt=\"img_1037\"\n                    src=\"http:\/\/www.karate-neuhofen.at\/wp-content\/gallery\/trainingslager-gnas-2014\/thumbs\/thumbs_img_1037.jpg\"\n                    width=\"100\"\n                    height=\"66\"\n                    style=\"max-width:100%;\"\n                \/>\n            <\/a>\n        <\/div>\n\t\t\t\t\t\t\t<\/div> \n\t\t\t\n        \n\t\t\t\t<div id=\"ngg-image-37\" class=\"ngg-gallery-thumbnail-box\" >\n\t\t\t\t        <div class=\"ngg-gallery-thumbnail\">\n            <a href=\"http:\/\/www.karate-neuhofen.at\/wp-content\/gallery\/trainingslager-gnas-2014\/img_1038.jpg\"\n               title=\"\"\n               data-src=\"http:\/\/www.karate-neuhofen.at\/wp-content\/gallery\/trainingslager-gnas-2014\/img_1038.jpg\"\n               data-thumbnail=\"http:\/\/www.karate-neuhofen.at\/wp-content\/gallery\/trainingslager-gnas-2014\/thumbs\/thumbs_img_1038.jpg\"\n               data-image-id=\"6069\"\n               data-title=\"img_1038\"\n               data-description=\"\"\n               data-image-slug=\"img_1038\"\n               class=\"shutterset_ac4aa3065405eea2a5f91ba3c27290cd\">\n                <img\n                    title=\"img_1038\"\n                    alt=\"img_1038\"\n                    src=\"http:\/\/www.karate-neuhofen.at\/wp-content\/gallery\/trainingslager-gnas-2014\/thumbs\/thumbs_img_1038.jpg\"\n                    width=\"100\"\n                    height=\"66\"\n                    style=\"max-width:100%;\"\n                \/>\n            <\/a>\n        <\/div>\n\t\t\t\t\t\t\t<\/div> \n\t\t\t\n        \n\t\t\t\t<div id=\"ngg-image-38\" class=\"ngg-gallery-thumbnail-box\" >\n\t\t\t\t        <div class=\"ngg-gallery-thumbnail\">\n            <a href=\"http:\/\/www.karate-neuhofen.at\/wp-content\/gallery\/trainingslager-gnas-2014\/img_1039.jpg\"\n               title=\"\"\n               data-src=\"http:\/\/www.karate-neuhofen.at\/wp-content\/gallery\/trainingslager-gnas-2014\/img_1039.jpg\"\n               data-thumbnail=\"http:\/\/www.karate-neuhofen.at\/wp-content\/gallery\/trainingslager-gnas-2014\/thumbs\/thumbs_img_1039.jpg\"\n               data-image-id=\"6070\"\n               data-title=\"img_1039\"\n               data-description=\"\"\n               data-image-slug=\"img_1039\"\n               class=\"shutterset_ac4aa3065405eea2a5f91ba3c27290cd\">\n                <img\n                    title=\"img_1039\"\n                    alt=\"img_1039\"\n                    src=\"http:\/\/www.karate-neuhofen.at\/wp-content\/gallery\/trainingslager-gnas-2014\/thumbs\/thumbs_img_1039.jpg\"\n                    width=\"100\"\n                    height=\"66\"\n                    style=\"max-width:100%;\"\n                \/>\n            <\/a>\n        <\/div>\n\t\t\t\t\t\t\t<\/div> \n\t\t\t\n        \n\t\t\t\t<div id=\"ngg-image-39\" class=\"ngg-gallery-thumbnail-box\" >\n\t\t\t\t        <div class=\"ngg-gallery-thumbnail\">\n            <a href=\"http:\/\/www.karate-neuhofen.at\/wp-content\/gallery\/trainingslager-gnas-2014\/img_1040.jpg\"\n               title=\"\"\n               data-src=\"http:\/\/www.karate-neuhofen.at\/wp-content\/gallery\/trainingslager-gnas-2014\/img_1040.jpg\"\n               data-thumbnail=\"http:\/\/www.karate-neuhofen.at\/wp-content\/gallery\/trainingslager-gnas-2014\/thumbs\/thumbs_img_1040.jpg\"\n               data-image-id=\"6071\"\n               data-title=\"img_1040\"\n               data-description=\"\"\n               data-image-slug=\"img_1040\"\n               class=\"shutterset_ac4aa3065405eea2a5f91ba3c27290cd\">\n                <img\n                    title=\"img_1040\"\n                    alt=\"img_1040\"\n                    src=\"http:\/\/www.karate-neuhofen.at\/wp-content\/gallery\/trainingslager-gnas-2014\/thumbs\/thumbs_img_1040.jpg\"\n                    width=\"100\"\n                    height=\"66\"\n                    style=\"max-width:100%;\"\n                \/>\n            <\/a>\n        <\/div>\n\t\t\t\t\t\t\t<\/div> \n\t\t\t\n        \n\t\t\t\t<div id=\"ngg-image-40\" class=\"ngg-gallery-thumbnail-box\" >\n\t\t\t\t        <div class=\"ngg-gallery-thumbnail\">\n            <a href=\"http:\/\/www.karate-neuhofen.at\/wp-content\/gallery\/trainingslager-gnas-2014\/img_1041.jpg\"\n               title=\"\"\n               data-src=\"http:\/\/www.karate-neuhofen.at\/wp-content\/gallery\/trainingslager-gnas-2014\/img_1041.jpg\"\n               data-thumbnail=\"http:\/\/www.karate-neuhofen.at\/wp-content\/gallery\/trainingslager-gnas-2014\/thumbs\/thumbs_img_1041.jpg\"\n               data-image-id=\"6072\"\n               data-title=\"img_1041\"\n               data-description=\"\"\n               data-image-slug=\"img_1041\"\n               class=\"shutterset_ac4aa3065405eea2a5f91ba3c27290cd\">\n                <img\n                    title=\"img_1041\"\n                    alt=\"img_1041\"\n                    src=\"http:\/\/www.karate-neuhofen.at\/wp-content\/gallery\/trainingslager-gnas-2014\/thumbs\/thumbs_img_1041.jpg\"\n                    width=\"100\"\n                    height=\"66\"\n                    style=\"max-width:100%;\"\n                \/>\n            <\/a>\n        <\/div>\n\t\t\t\t\t\t\t<\/div> \n\t\t\t\n        \n\t\t\t\t<div id=\"ngg-image-41\" class=\"ngg-gallery-thumbnail-box\" >\n\t\t\t\t        <div class=\"ngg-gallery-thumbnail\">\n            <a href=\"http:\/\/www.karate-neuhofen.at\/wp-content\/gallery\/trainingslager-gnas-2014\/img_1042.jpg\"\n               title=\"\"\n               data-src=\"http:\/\/www.karate-neuhofen.at\/wp-content\/gallery\/trainingslager-gnas-2014\/img_1042.jpg\"\n               data-thumbnail=\"http:\/\/www.karate-neuhofen.at\/wp-content\/gallery\/trainingslager-gnas-2014\/thumbs\/thumbs_img_1042.jpg\"\n               data-image-id=\"6073\"\n               data-title=\"img_1042\"\n               data-description=\"\"\n               data-image-slug=\"img_1042\"\n               class=\"shutterset_ac4aa3065405eea2a5f91ba3c27290cd\">\n                <img\n                    title=\"img_1042\"\n                    alt=\"img_1042\"\n                    src=\"http:\/\/www.karate-neuhofen.at\/wp-content\/gallery\/trainingslager-gnas-2014\/thumbs\/thumbs_img_1042.jpg\"\n                    width=\"100\"\n                    height=\"66\"\n                    style=\"max-width:100%;\"\n                \/>\n            <\/a>\n        <\/div>\n\t\t\t\t\t\t\t<\/div> \n\t\t\t\n        \n\t\t\t\t<div id=\"ngg-image-42\" class=\"ngg-gallery-thumbnail-box\" >\n\t\t\t\t        <div class=\"ngg-gallery-thumbnail\">\n            <a href=\"http:\/\/www.karate-neuhofen.at\/wp-content\/gallery\/trainingslager-gnas-2014\/img_1043.jpg\"\n               title=\"\"\n               data-src=\"http:\/\/www.karate-neuhofen.at\/wp-content\/gallery\/trainingslager-gnas-2014\/img_1043.jpg\"\n               data-thumbnail=\"http:\/\/www.karate-neuhofen.at\/wp-content\/gallery\/trainingslager-gnas-2014\/thumbs\/thumbs_img_1043.jpg\"\n               data-image-id=\"6074\"\n               data-title=\"img_1043\"\n               data-description=\"\"\n               data-image-slug=\"img_1043\"\n               class=\"shutterset_ac4aa3065405eea2a5f91ba3c27290cd\">\n                <img\n                    title=\"img_1043\"\n                    alt=\"img_1043\"\n                    src=\"http:\/\/www.karate-neuhofen.at\/wp-content\/gallery\/trainingslager-gnas-2014\/thumbs\/thumbs_img_1043.jpg\"\n                    width=\"100\"\n                    height=\"66\"\n                    style=\"max-width:100%;\"\n                \/>\n            <\/a>\n        <\/div>\n\t\t\t\t\t\t\t<\/div> \n\t\t\t\n        \n\t\t\t\t<div id=\"ngg-image-43\" class=\"ngg-gallery-thumbnail-box\" >\n\t\t\t\t        <div class=\"ngg-gallery-thumbnail\">\n            <a href=\"http:\/\/www.karate-neuhofen.at\/wp-content\/gallery\/trainingslager-gnas-2014\/img_1044.jpg\"\n               title=\"\"\n               data-src=\"http:\/\/www.karate-neuhofen.at\/wp-content\/gallery\/trainingslager-gnas-2014\/img_1044.jpg\"\n               data-thumbnail=\"http:\/\/www.karate-neuhofen.at\/wp-content\/gallery\/trainingslager-gnas-2014\/thumbs\/thumbs_img_1044.jpg\"\n               data-image-id=\"6075\"\n               data-title=\"img_1044\"\n               data-description=\"\"\n               data-image-slug=\"img_1044\"\n               class=\"shutterset_ac4aa3065405eea2a5f91ba3c27290cd\">\n                <img\n                    title=\"img_1044\"\n                    alt=\"img_1044\"\n                    src=\"http:\/\/www.karate-neuhofen.at\/wp-content\/gallery\/trainingslager-gnas-2014\/thumbs\/thumbs_img_1044.jpg\"\n                    width=\"100\"\n                    height=\"66\"\n                    style=\"max-width:100%;\"\n                \/>\n            <\/a>\n        <\/div>\n\t\t\t\t\t\t\t<\/div> \n\t\t\t\n        \n\t\t\t\t<div id=\"ngg-image-44\" class=\"ngg-gallery-thumbnail-box\" >\n\t\t\t\t        <div class=\"ngg-gallery-thumbnail\">\n            <a href=\"http:\/\/www.karate-neuhofen.at\/wp-content\/gallery\/trainingslager-gnas-2014\/img_1045.jpg\"\n               title=\"\"\n               data-src=\"http:\/\/www.karate-neuhofen.at\/wp-content\/gallery\/trainingslager-gnas-2014\/img_1045.jpg\"\n               data-thumbnail=\"http:\/\/www.karate-neuhofen.at\/wp-content\/gallery\/trainingslager-gnas-2014\/thumbs\/thumbs_img_1045.jpg\"\n               data-image-id=\"6076\"\n               data-title=\"img_1045\"\n               data-description=\"\"\n               data-image-slug=\"img_1045\"\n               class=\"shutterset_ac4aa3065405eea2a5f91ba3c27290cd\">\n                <img\n                    title=\"img_1045\"\n                    alt=\"img_1045\"\n                    src=\"http:\/\/www.karate-neuhofen.at\/wp-content\/gallery\/trainingslager-gnas-2014\/thumbs\/thumbs_img_1045.jpg\"\n                    width=\"100\"\n                    height=\"66\"\n                    style=\"max-width:100%;\"\n                \/>\n            <\/a>\n        <\/div>\n\t\t\t\t\t\t\t<\/div> \n\t\t\t\n        \n\t\t\t\t<div id=\"ngg-image-45\" class=\"ngg-gallery-thumbnail-box\" >\n\t\t\t\t        <div class=\"ngg-gallery-thumbnail\">\n            <a href=\"http:\/\/www.karate-neuhofen.at\/wp-content\/gallery\/trainingslager-gnas-2014\/img_1046.jpg\"\n               title=\"\"\n               data-src=\"http:\/\/www.karate-neuhofen.at\/wp-content\/gallery\/trainingslager-gnas-2014\/img_1046.jpg\"\n               data-thumbnail=\"http:\/\/www.karate-neuhofen.at\/wp-content\/gallery\/trainingslager-gnas-2014\/thumbs\/thumbs_img_1046.jpg\"\n               data-image-id=\"6077\"\n               data-title=\"img_1046\"\n               data-description=\"\"\n               data-image-slug=\"img_1046\"\n               class=\"shutterset_ac4aa3065405eea2a5f91ba3c27290cd\">\n                <img\n                    title=\"img_1046\"\n                    alt=\"img_1046\"\n                    src=\"http:\/\/www.karate-neuhofen.at\/wp-content\/gallery\/trainingslager-gnas-2014\/thumbs\/thumbs_img_1046.jpg\"\n                    width=\"100\"\n                    height=\"66\"\n                    style=\"max-width:100%;\"\n                \/>\n            <\/a>\n        <\/div>\n\t\t\t\t\t\t\t<\/div> \n\t\t\t\n        \n\t\t\t\t<div id=\"ngg-image-46\" class=\"ngg-gallery-thumbnail-box\" >\n\t\t\t\t        <div class=\"ngg-gallery-thumbnail\">\n            <a href=\"http:\/\/www.karate-neuhofen.at\/wp-content\/gallery\/trainingslager-gnas-2014\/img_1047.jpg\"\n               title=\"\"\n               data-src=\"http:\/\/www.karate-neuhofen.at\/wp-content\/gallery\/trainingslager-gnas-2014\/img_1047.jpg\"\n               data-thumbnail=\"http:\/\/www.karate-neuhofen.at\/wp-content\/gallery\/trainingslager-gnas-2014\/thumbs\/thumbs_img_1047.jpg\"\n               data-image-id=\"6078\"\n               data-title=\"img_1047\"\n               data-description=\"\"\n               data-image-slug=\"img_1047\"\n               class=\"shutterset_ac4aa3065405eea2a5f91ba3c27290cd\">\n                <img\n                    title=\"img_1047\"\n                    alt=\"img_1047\"\n                    src=\"http:\/\/www.karate-neuhofen.at\/wp-content\/gallery\/trainingslager-gnas-2014\/thumbs\/thumbs_img_1047.jpg\"\n                    width=\"100\"\n                    height=\"66\"\n                    style=\"max-width:100%;\"\n                \/>\n            <\/a>\n        <\/div>\n\t\t\t\t\t\t\t<\/div> \n\t\t\t\n        \n\t\t\t\t<div id=\"ngg-image-47\" class=\"ngg-gallery-thumbnail-box\" >\n\t\t\t\t        <div class=\"ngg-gallery-thumbnail\">\n            <a href=\"http:\/\/www.karate-neuhofen.at\/wp-content\/gallery\/trainingslager-gnas-2014\/img_1048.jpg\"\n               title=\"\"\n               data-src=\"http:\/\/www.karate-neuhofen.at\/wp-content\/gallery\/trainingslager-gnas-2014\/img_1048.jpg\"\n               data-thumbnail=\"http:\/\/www.karate-neuhofen.at\/wp-content\/gallery\/trainingslager-gnas-2014\/thumbs\/thumbs_img_1048.jpg\"\n               data-image-id=\"6079\"\n               data-title=\"img_1048\"\n               data-description=\"\"\n               data-image-slug=\"img_1048\"\n               class=\"shutterset_ac4aa3065405eea2a5f91ba3c27290cd\">\n                <img\n                    title=\"img_1048\"\n                    alt=\"img_1048\"\n                    src=\"http:\/\/www.karate-neuhofen.at\/wp-content\/gallery\/trainingslager-gnas-2014\/thumbs\/thumbs_img_1048.jpg\"\n                    width=\"100\"\n                    height=\"66\"\n                    style=\"max-width:100%;\"\n                \/>\n            <\/a>\n        <\/div>\n\t\t\t\t\t\t\t<\/div> \n\t\t\t\n        \n\t\t\t\t<div id=\"ngg-image-48\" class=\"ngg-gallery-thumbnail-box\" >\n\t\t\t\t        <div class=\"ngg-gallery-thumbnail\">\n            <a href=\"http:\/\/www.karate-neuhofen.at\/wp-content\/gallery\/trainingslager-gnas-2014\/img_1049.jpg\"\n               title=\"\"\n               data-src=\"http:\/\/www.karate-neuhofen.at\/wp-content\/gallery\/trainingslager-gnas-2014\/img_1049.jpg\"\n               data-thumbnail=\"http:\/\/www.karate-neuhofen.at\/wp-content\/gallery\/trainingslager-gnas-2014\/thumbs\/thumbs_img_1049.jpg\"\n               data-image-id=\"6080\"\n               data-title=\"img_1049\"\n               data-description=\"\"\n               data-image-slug=\"img_1049\"\n               class=\"shutterset_ac4aa3065405eea2a5f91ba3c27290cd\">\n                <img\n                    title=\"img_1049\"\n                    alt=\"img_1049\"\n                    src=\"http:\/\/www.karate-neuhofen.at\/wp-content\/gallery\/trainingslager-gnas-2014\/thumbs\/thumbs_img_1049.jpg\"\n                    width=\"100\"\n                    height=\"66\"\n                    style=\"max-width:100%;\"\n                \/>\n            <\/a>\n        <\/div>\n\t\t\t\t\t\t\t<\/div> \n\t\t\t\n        \n\t\t\t\t<div id=\"ngg-image-49\" class=\"ngg-gallery-thumbnail-box\" >\n\t\t\t\t        <div class=\"ngg-gallery-thumbnail\">\n            <a href=\"http:\/\/www.karate-neuhofen.at\/wp-content\/gallery\/trainingslager-gnas-2014\/img_1050.jpg\"\n               title=\"\"\n               data-src=\"http:\/\/www.karate-neuhofen.at\/wp-content\/gallery\/trainingslager-gnas-2014\/img_1050.jpg\"\n               data-thumbnail=\"http:\/\/www.karate-neuhofen.at\/wp-content\/gallery\/trainingslager-gnas-2014\/thumbs\/thumbs_img_1050.jpg\"\n               data-image-id=\"6081\"\n               data-title=\"img_1050\"\n               data-description=\"\"\n               data-image-slug=\"img_1050\"\n               class=\"shutterset_ac4aa3065405eea2a5f91ba3c27290cd\">\n                <img\n                    title=\"img_1050\"\n                    alt=\"img_1050\"\n                    src=\"http:\/\/www.karate-neuhofen.at\/wp-content\/gallery\/trainingslager-gnas-2014\/thumbs\/thumbs_img_1050.jpg\"\n                    width=\"100\"\n                    height=\"66\"\n                    style=\"max-width:100%;\"\n                \/>\n            <\/a>\n        <\/div>\n\t\t\t\t\t\t\t<\/div> \n\t\t\t\n        \n\t\t\t\t<div id=\"ngg-image-50\" class=\"ngg-gallery-thumbnail-box\" >\n\t\t\t\t        <div class=\"ngg-gallery-thumbnail\">\n            <a href=\"http:\/\/www.karate-neuhofen.at\/wp-content\/gallery\/trainingslager-gnas-2014\/img_1051.jpg\"\n               title=\"\"\n               data-src=\"http:\/\/www.karate-neuhofen.at\/wp-content\/gallery\/trainingslager-gnas-2014\/img_1051.jpg\"\n               data-thumbnail=\"http:\/\/www.karate-neuhofen.at\/wp-content\/gallery\/trainingslager-gnas-2014\/thumbs\/thumbs_img_1051.jpg\"\n               data-image-id=\"6082\"\n               data-title=\"img_1051\"\n               data-description=\"\"\n               data-image-slug=\"img_1051\"\n               class=\"shutterset_ac4aa3065405eea2a5f91ba3c27290cd\">\n                <img\n                    title=\"img_1051\"\n                    alt=\"img_1051\"\n                    src=\"http:\/\/www.karate-neuhofen.at\/wp-content\/gallery\/trainingslager-gnas-2014\/thumbs\/thumbs_img_1051.jpg\"\n                    width=\"100\"\n                    height=\"66\"\n                    style=\"max-width:100%;\"\n                \/>\n            <\/a>\n        <\/div>\n\t\t\t\t\t\t\t<\/div> \n\t\t\t\n        \n\t\t\t\t<div id=\"ngg-image-51\" class=\"ngg-gallery-thumbnail-box\" >\n\t\t\t\t        <div class=\"ngg-gallery-thumbnail\">\n            <a href=\"http:\/\/www.karate-neuhofen.at\/wp-content\/gallery\/trainingslager-gnas-2014\/img_1052.jpg\"\n               title=\"\"\n               data-src=\"http:\/\/www.karate-neuhofen.at\/wp-content\/gallery\/trainingslager-gnas-2014\/img_1052.jpg\"\n               data-thumbnail=\"http:\/\/www.karate-neuhofen.at\/wp-content\/gallery\/trainingslager-gnas-2014\/thumbs\/thumbs_img_1052.jpg\"\n               data-image-id=\"6083\"\n               data-title=\"img_1052\"\n               data-description=\"\"\n               data-image-slug=\"img_1052\"\n               class=\"shutterset_ac4aa3065405eea2a5f91ba3c27290cd\">\n                <img\n                    title=\"img_1052\"\n                    alt=\"img_1052\"\n                    src=\"http:\/\/www.karate-neuhofen.at\/wp-content\/gallery\/trainingslager-gnas-2014\/thumbs\/thumbs_img_1052.jpg\"\n                    width=\"50\"\n                    height=\"75\"\n                    style=\"max-width:100%;\"\n                \/>\n            <\/a>\n        <\/div>\n\t\t\t\t\t\t\t<\/div> \n\t\t\t\n        \n\t\t\t\t<div id=\"ngg-image-52\" class=\"ngg-gallery-thumbnail-box\" >\n\t\t\t\t        <div class=\"ngg-gallery-thumbnail\">\n            <a href=\"http:\/\/www.karate-neuhofen.at\/wp-content\/gallery\/trainingslager-gnas-2014\/img_1053.jpg\"\n               title=\"\"\n               data-src=\"http:\/\/www.karate-neuhofen.at\/wp-content\/gallery\/trainingslager-gnas-2014\/img_1053.jpg\"\n               data-thumbnail=\"http:\/\/www.karate-neuhofen.at\/wp-content\/gallery\/trainingslager-gnas-2014\/thumbs\/thumbs_img_1053.jpg\"\n               data-image-id=\"6084\"\n               data-title=\"img_1053\"\n               data-description=\"\"\n               data-image-slug=\"img_1053\"\n               class=\"shutterset_ac4aa3065405eea2a5f91ba3c27290cd\">\n                <img\n                    title=\"img_1053\"\n                    alt=\"img_1053\"\n                    src=\"http:\/\/www.karate-neuhofen.at\/wp-content\/gallery\/trainingslager-gnas-2014\/thumbs\/thumbs_img_1053.jpg\"\n                    width=\"100\"\n                    height=\"66\"\n                    style=\"max-width:100%;\"\n                \/>\n            <\/a>\n        <\/div>\n\t\t\t\t\t\t\t<\/div> \n\t\t\t\n        \n\t\t\t\t<div id=\"ngg-image-53\" class=\"ngg-gallery-thumbnail-box\" >\n\t\t\t\t        <div class=\"ngg-gallery-thumbnail\">\n            <a href=\"http:\/\/www.karate-neuhofen.at\/wp-content\/gallery\/trainingslager-gnas-2014\/img_1054.jpg\"\n               title=\"\"\n               data-src=\"http:\/\/www.karate-neuhofen.at\/wp-content\/gallery\/trainingslager-gnas-2014\/img_1054.jpg\"\n               data-thumbnail=\"http:\/\/www.karate-neuhofen.at\/wp-content\/gallery\/trainingslager-gnas-2014\/thumbs\/thumbs_img_1054.jpg\"\n               data-image-id=\"6085\"\n               data-title=\"img_1054\"\n               data-description=\"\"\n               data-image-slug=\"img_1054\"\n               class=\"shutterset_ac4aa3065405eea2a5f91ba3c27290cd\">\n                <img\n                    title=\"img_1054\"\n                    alt=\"img_1054\"\n                    src=\"http:\/\/www.karate-neuhofen.at\/wp-content\/gallery\/trainingslager-gnas-2014\/thumbs\/thumbs_img_1054.jpg\"\n                    width=\"100\"\n                    height=\"66\"\n                    style=\"max-width:100%;\"\n                \/>\n            <\/a>\n        <\/div>\n\t\t\t\t\t\t\t<\/div> \n\t\t\t\n        \n\t\t\t\t<div id=\"ngg-image-54\" class=\"ngg-gallery-thumbnail-box\" >\n\t\t\t\t        <div class=\"ngg-gallery-thumbnail\">\n            <a href=\"http:\/\/www.karate-neuhofen.at\/wp-content\/gallery\/trainingslager-gnas-2014\/img_1055.jpg\"\n               title=\"\"\n               data-src=\"http:\/\/www.karate-neuhofen.at\/wp-content\/gallery\/trainingslager-gnas-2014\/img_1055.jpg\"\n               data-thumbnail=\"http:\/\/www.karate-neuhofen.at\/wp-content\/gallery\/trainingslager-gnas-2014\/thumbs\/thumbs_img_1055.jpg\"\n               data-image-id=\"6086\"\n               data-title=\"img_1055\"\n               data-description=\"\"\n               data-image-slug=\"img_1055\"\n               class=\"shutterset_ac4aa3065405eea2a5f91ba3c27290cd\">\n                <img\n                    title=\"img_1055\"\n                    alt=\"img_1055\"\n                    src=\"http:\/\/www.karate-neuhofen.at\/wp-content\/gallery\/trainingslager-gnas-2014\/thumbs\/thumbs_img_1055.jpg\"\n                    width=\"100\"\n                    height=\"66\"\n                    style=\"max-width:100%;\"\n                \/>\n            <\/a>\n        <\/div>\n\t\t\t\t\t\t\t<\/div> \n\t\t\t\n        \n\t\t\t\t<div id=\"ngg-image-55\" class=\"ngg-gallery-thumbnail-box\" >\n\t\t\t\t        <div class=\"ngg-gallery-thumbnail\">\n            <a href=\"http:\/\/www.karate-neuhofen.at\/wp-content\/gallery\/trainingslager-gnas-2014\/img_1056.jpg\"\n               title=\"\"\n               data-src=\"http:\/\/www.karate-neuhofen.at\/wp-content\/gallery\/trainingslager-gnas-2014\/img_1056.jpg\"\n               data-thumbnail=\"http:\/\/www.karate-neuhofen.at\/wp-content\/gallery\/trainingslager-gnas-2014\/thumbs\/thumbs_img_1056.jpg\"\n               data-image-id=\"6087\"\n               data-title=\"img_1056\"\n               data-description=\"\"\n               data-image-slug=\"img_1056\"\n               class=\"shutterset_ac4aa3065405eea2a5f91ba3c27290cd\">\n                <img\n                    title=\"img_1056\"\n                    alt=\"img_1056\"\n                    src=\"http:\/\/www.karate-neuhofen.at\/wp-content\/gallery\/trainingslager-gnas-2014\/thumbs\/thumbs_img_1056.jpg\"\n                    width=\"100\"\n                    height=\"66\"\n                    style=\"max-width:100%;\"\n                \/>\n            <\/a>\n        <\/div>\n\t\t\t\t\t\t\t<\/div> \n\t\t\t\n        \n\t\t\t\t<div id=\"ngg-image-56\" class=\"ngg-gallery-thumbnail-box\" >\n\t\t\t\t        <div class=\"ngg-gallery-thumbnail\">\n            <a href=\"http:\/\/www.karate-neuhofen.at\/wp-content\/gallery\/trainingslager-gnas-2014\/img_1057.jpg\"\n               title=\"\"\n               data-src=\"http:\/\/www.karate-neuhofen.at\/wp-content\/gallery\/trainingslager-gnas-2014\/img_1057.jpg\"\n               data-thumbnail=\"http:\/\/www.karate-neuhofen.at\/wp-content\/gallery\/trainingslager-gnas-2014\/thumbs\/thumbs_img_1057.jpg\"\n               data-image-id=\"6088\"\n               data-title=\"img_1057\"\n               data-description=\"\"\n               data-image-slug=\"img_1057\"\n               class=\"shutterset_ac4aa3065405eea2a5f91ba3c27290cd\">\n                <img\n                    title=\"img_1057\"\n                    alt=\"img_1057\"\n                    src=\"http:\/\/www.karate-neuhofen.at\/wp-content\/gallery\/trainingslager-gnas-2014\/thumbs\/thumbs_img_1057.jpg\"\n                    width=\"100\"\n                    height=\"66\"\n                    style=\"max-width:100%;\"\n                \/>\n            <\/a>\n        <\/div>\n\t\t\t\t\t\t\t<\/div> \n\t\t\t\n        \n\t\t\t\t<div id=\"ngg-image-57\" class=\"ngg-gallery-thumbnail-box\" >\n\t\t\t\t        <div class=\"ngg-gallery-thumbnail\">\n            <a href=\"http:\/\/www.karate-neuhofen.at\/wp-content\/gallery\/trainingslager-gnas-2014\/img_1058.jpg\"\n               title=\"\"\n               data-src=\"http:\/\/www.karate-neuhofen.at\/wp-content\/gallery\/trainingslager-gnas-2014\/img_1058.jpg\"\n               data-thumbnail=\"http:\/\/www.karate-neuhofen.at\/wp-content\/gallery\/trainingslager-gnas-2014\/thumbs\/thumbs_img_1058.jpg\"\n               data-image-id=\"6089\"\n               data-title=\"img_1058\"\n               data-description=\"\"\n               data-image-slug=\"img_1058\"\n               class=\"shutterset_ac4aa3065405eea2a5f91ba3c27290cd\">\n                <img\n                    title=\"img_1058\"\n                    alt=\"img_1058\"\n                    src=\"http:\/\/www.karate-neuhofen.at\/wp-content\/gallery\/trainingslager-gnas-2014\/thumbs\/thumbs_img_1058.jpg\"\n                    width=\"100\"\n                    height=\"66\"\n                    style=\"max-width:100%;\"\n                \/>\n            <\/a>\n        <\/div>\n\t\t\t\t\t\t\t<\/div> \n\t\t\t\n        \n\t\t\t\t<div id=\"ngg-image-58\" class=\"ngg-gallery-thumbnail-box\" >\n\t\t\t\t        <div class=\"ngg-gallery-thumbnail\">\n            <a href=\"http:\/\/www.karate-neuhofen.at\/wp-content\/gallery\/trainingslager-gnas-2014\/img_1059.jpg\"\n               title=\"\"\n               data-src=\"http:\/\/www.karate-neuhofen.at\/wp-content\/gallery\/trainingslager-gnas-2014\/img_1059.jpg\"\n               data-thumbnail=\"http:\/\/www.karate-neuhofen.at\/wp-content\/gallery\/trainingslager-gnas-2014\/thumbs\/thumbs_img_1059.jpg\"\n               data-image-id=\"6090\"\n               data-title=\"img_1059\"\n               data-description=\"\"\n               data-image-slug=\"img_1059\"\n               class=\"shutterset_ac4aa3065405eea2a5f91ba3c27290cd\">\n                <img\n                    title=\"img_1059\"\n                    alt=\"img_1059\"\n                    src=\"http:\/\/www.karate-neuhofen.at\/wp-content\/gallery\/trainingslager-gnas-2014\/thumbs\/thumbs_img_1059.jpg\"\n                    width=\"100\"\n                    height=\"66\"\n                    style=\"max-width:100%;\"\n                \/>\n            <\/a>\n        <\/div>\n\t\t\t\t\t\t\t<\/div> \n\t\t\t\n        \n\t\t\t\t<div id=\"ngg-image-59\" class=\"ngg-gallery-thumbnail-box\" >\n\t\t\t\t        <div class=\"ngg-gallery-thumbnail\">\n            <a href=\"http:\/\/www.karate-neuhofen.at\/wp-content\/gallery\/trainingslager-gnas-2014\/img_1060.jpg\"\n               title=\"\"\n               data-src=\"http:\/\/www.karate-neuhofen.at\/wp-content\/gallery\/trainingslager-gnas-2014\/img_1060.jpg\"\n               data-thumbnail=\"http:\/\/www.karate-neuhofen.at\/wp-content\/gallery\/trainingslager-gnas-2014\/thumbs\/thumbs_img_1060.jpg\"\n               data-image-id=\"6091\"\n               data-title=\"img_1060\"\n               data-description=\"\"\n               data-image-slug=\"img_1060\"\n               class=\"shutterset_ac4aa3065405eea2a5f91ba3c27290cd\">\n                <img\n                    title=\"img_1060\"\n                    alt=\"img_1060\"\n                    src=\"http:\/\/www.karate-neuhofen.at\/wp-content\/gallery\/trainingslager-gnas-2014\/thumbs\/thumbs_img_1060.jpg\"\n                    width=\"100\"\n                    height=\"66\"\n                    style=\"max-width:100%;\"\n                \/>\n            <\/a>\n        <\/div>\n\t\t\t\t\t\t\t<\/div> \n\t\t\t\n        \n\t\t\t\t<div id=\"ngg-image-60\" class=\"ngg-gallery-thumbnail-box\" >\n\t\t\t\t        <div class=\"ngg-gallery-thumbnail\">\n            <a href=\"http:\/\/www.karate-neuhofen.at\/wp-content\/gallery\/trainingslager-gnas-2014\/img_1061.jpg\"\n               title=\"\"\n               data-src=\"http:\/\/www.karate-neuhofen.at\/wp-content\/gallery\/trainingslager-gnas-2014\/img_1061.jpg\"\n               data-thumbnail=\"http:\/\/www.karate-neuhofen.at\/wp-content\/gallery\/trainingslager-gnas-2014\/thumbs\/thumbs_img_1061.jpg\"\n               data-image-id=\"6092\"\n               data-title=\"img_1061\"\n               data-description=\"\"\n               data-image-slug=\"img_1061\"\n               class=\"shutterset_ac4aa3065405eea2a5f91ba3c27290cd\">\n                <img\n                    title=\"img_1061\"\n                    alt=\"img_1061\"\n                    src=\"http:\/\/www.karate-neuhofen.at\/wp-content\/gallery\/trainingslager-gnas-2014\/thumbs\/thumbs_img_1061.jpg\"\n                    width=\"100\"\n                    height=\"66\"\n                    style=\"max-width:100%;\"\n                \/>\n            <\/a>\n        <\/div>\n\t\t\t\t\t\t\t<\/div> \n\t\t\t\n        \n\t\t\t\t<div id=\"ngg-image-61\" class=\"ngg-gallery-thumbnail-box\" >\n\t\t\t\t        <div class=\"ngg-gallery-thumbnail\">\n            <a href=\"http:\/\/www.karate-neuhofen.at\/wp-content\/gallery\/trainingslager-gnas-2014\/img_1062.jpg\"\n               title=\"\"\n               data-src=\"http:\/\/www.karate-neuhofen.at\/wp-content\/gallery\/trainingslager-gnas-2014\/img_1062.jpg\"\n               data-thumbnail=\"http:\/\/www.karate-neuhofen.at\/wp-content\/gallery\/trainingslager-gnas-2014\/thumbs\/thumbs_img_1062.jpg\"\n               data-image-id=\"6093\"\n               data-title=\"img_1062\"\n               data-description=\"\"\n               data-image-slug=\"img_1062\"\n               class=\"shutterset_ac4aa3065405eea2a5f91ba3c27290cd\">\n                <img\n                    title=\"img_1062\"\n                    alt=\"img_1062\"\n                    src=\"http:\/\/www.karate-neuhofen.at\/wp-content\/gallery\/trainingslager-gnas-2014\/thumbs\/thumbs_img_1062.jpg\"\n                    width=\"100\"\n                    height=\"66\"\n                    style=\"max-width:100%;\"\n                \/>\n            <\/a>\n        <\/div>\n\t\t\t\t\t\t\t<\/div> \n\t\t\t\n        \n\t\t\t\t<div id=\"ngg-image-62\" class=\"ngg-gallery-thumbnail-box\" >\n\t\t\t\t        <div class=\"ngg-gallery-thumbnail\">\n            <a href=\"http:\/\/www.karate-neuhofen.at\/wp-content\/gallery\/trainingslager-gnas-2014\/img_1063.jpg\"\n               title=\"\"\n               data-src=\"http:\/\/www.karate-neuhofen.at\/wp-content\/gallery\/trainingslager-gnas-2014\/img_1063.jpg\"\n               data-thumbnail=\"http:\/\/www.karate-neuhofen.at\/wp-content\/gallery\/trainingslager-gnas-2014\/thumbs\/thumbs_img_1063.jpg\"\n               data-image-id=\"6094\"\n               data-title=\"img_1063\"\n               data-description=\"\"\n               data-image-slug=\"img_1063\"\n               class=\"shutterset_ac4aa3065405eea2a5f91ba3c27290cd\">\n                <img\n                    title=\"img_1063\"\n                    alt=\"img_1063\"\n                    src=\"http:\/\/www.karate-neuhofen.at\/wp-content\/gallery\/trainingslager-gnas-2014\/thumbs\/thumbs_img_1063.jpg\"\n                    width=\"100\"\n                    height=\"66\"\n                    style=\"max-width:100%;\"\n                \/>\n            <\/a>\n        <\/div>\n\t\t\t\t\t\t\t<\/div> \n\t\t\t\n        \n\t\t\t\t<div id=\"ngg-image-63\" class=\"ngg-gallery-thumbnail-box\" >\n\t\t\t\t        <div class=\"ngg-gallery-thumbnail\">\n            <a href=\"http:\/\/www.karate-neuhofen.at\/wp-content\/gallery\/trainingslager-gnas-2014\/img_1064.jpg\"\n               title=\"\"\n               data-src=\"http:\/\/www.karate-neuhofen.at\/wp-content\/gallery\/trainingslager-gnas-2014\/img_1064.jpg\"\n               data-thumbnail=\"http:\/\/www.karate-neuhofen.at\/wp-content\/gallery\/trainingslager-gnas-2014\/thumbs\/thumbs_img_1064.jpg\"\n               data-image-id=\"6095\"\n               data-title=\"img_1064\"\n               data-description=\"\"\n               data-image-slug=\"img_1064\"\n               class=\"shutterset_ac4aa3065405eea2a5f91ba3c27290cd\">\n                <img\n                    title=\"img_1064\"\n                    alt=\"img_1064\"\n                    src=\"http:\/\/www.karate-neuhofen.at\/wp-content\/gallery\/trainingslager-gnas-2014\/thumbs\/thumbs_img_1064.jpg\"\n                    width=\"100\"\n                    height=\"66\"\n                    style=\"max-width:100%;\"\n                \/>\n            <\/a>\n        <\/div>\n\t\t\t\t\t\t\t<\/div> \n\t\t\t\n        \n\t\t\t\t<div id=\"ngg-image-64\" class=\"ngg-gallery-thumbnail-box\" >\n\t\t\t\t        <div class=\"ngg-gallery-thumbnail\">\n            <a href=\"http:\/\/www.karate-neuhofen.at\/wp-content\/gallery\/trainingslager-gnas-2014\/img_1065.jpg\"\n               title=\"\"\n               data-src=\"http:\/\/www.karate-neuhofen.at\/wp-content\/gallery\/trainingslager-gnas-2014\/img_1065.jpg\"\n               data-thumbnail=\"http:\/\/www.karate-neuhofen.at\/wp-content\/gallery\/trainingslager-gnas-2014\/thumbs\/thumbs_img_1065.jpg\"\n               data-image-id=\"6096\"\n               data-title=\"img_1065\"\n               data-description=\"\"\n               data-image-slug=\"img_1065\"\n               class=\"shutterset_ac4aa3065405eea2a5f91ba3c27290cd\">\n                <img\n                    title=\"img_1065\"\n                    alt=\"img_1065\"\n                    src=\"http:\/\/www.karate-neuhofen.at\/wp-content\/gallery\/trainingslager-gnas-2014\/thumbs\/thumbs_img_1065.jpg\"\n                    width=\"100\"\n                    height=\"66\"\n                    style=\"max-width:100%;\"\n                \/>\n            <\/a>\n        <\/div>\n\t\t\t\t\t\t\t<\/div> \n\t\t\t\n        \n\t\t\t\t<div id=\"ngg-image-65\" class=\"ngg-gallery-thumbnail-box\" >\n\t\t\t\t        <div class=\"ngg-gallery-thumbnail\">\n            <a href=\"http:\/\/www.karate-neuhofen.at\/wp-content\/gallery\/trainingslager-gnas-2014\/img_1066.jpg\"\n               title=\"\"\n               data-src=\"http:\/\/www.karate-neuhofen.at\/wp-content\/gallery\/trainingslager-gnas-2014\/img_1066.jpg\"\n               data-thumbnail=\"http:\/\/www.karate-neuhofen.at\/wp-content\/gallery\/trainingslager-gnas-2014\/thumbs\/thumbs_img_1066.jpg\"\n               data-image-id=\"6097\"\n               data-title=\"img_1066\"\n               data-description=\"\"\n               data-image-slug=\"img_1066\"\n               class=\"shutterset_ac4aa3065405eea2a5f91ba3c27290cd\">\n                <img\n                    title=\"img_1066\"\n                    alt=\"img_1066\"\n                    src=\"http:\/\/www.karate-neuhofen.at\/wp-content\/gallery\/trainingslager-gnas-2014\/thumbs\/thumbs_img_1066.jpg\"\n                    width=\"100\"\n                    height=\"66\"\n                    style=\"max-width:100%;\"\n                \/>\n            <\/a>\n        <\/div>\n\t\t\t\t\t\t\t<\/div> \n\t\t\t\n        \n\t\t\t\t<div id=\"ngg-image-66\" class=\"ngg-gallery-thumbnail-box\" >\n\t\t\t\t        <div class=\"ngg-gallery-thumbnail\">\n            <a href=\"http:\/\/www.karate-neuhofen.at\/wp-content\/gallery\/trainingslager-gnas-2014\/img_1067.jpg\"\n               title=\"\"\n               data-src=\"http:\/\/www.karate-neuhofen.at\/wp-content\/gallery\/trainingslager-gnas-2014\/img_1067.jpg\"\n               data-thumbnail=\"http:\/\/www.karate-neuhofen.at\/wp-content\/gallery\/trainingslager-gnas-2014\/thumbs\/thumbs_img_1067.jpg\"\n               data-image-id=\"6098\"\n               data-title=\"img_1067\"\n               data-description=\"\"\n               data-image-slug=\"img_1067\"\n               class=\"shutterset_ac4aa3065405eea2a5f91ba3c27290cd\">\n                <img\n                    title=\"img_1067\"\n                    alt=\"img_1067\"\n                    src=\"http:\/\/www.karate-neuhofen.at\/wp-content\/gallery\/trainingslager-gnas-2014\/thumbs\/thumbs_img_1067.jpg\"\n                    width=\"100\"\n                    height=\"66\"\n                    style=\"max-width:100%;\"\n                \/>\n            <\/a>\n        <\/div>\n\t\t\t\t\t\t\t<\/div> \n\t\t\t\n        \n\t\t\t\t<div id=\"ngg-image-67\" class=\"ngg-gallery-thumbnail-box\" >\n\t\t\t\t        <div class=\"ngg-gallery-thumbnail\">\n            <a href=\"http:\/\/www.karate-neuhofen.at\/wp-content\/gallery\/trainingslager-gnas-2014\/img_1068.jpg\"\n               title=\"\"\n               data-src=\"http:\/\/www.karate-neuhofen.at\/wp-content\/gallery\/trainingslager-gnas-2014\/img_1068.jpg\"\n               data-thumbnail=\"http:\/\/www.karate-neuhofen.at\/wp-content\/gallery\/trainingslager-gnas-2014\/thumbs\/thumbs_img_1068.jpg\"\n               data-image-id=\"6099\"\n               data-title=\"img_1068\"\n               data-description=\"\"\n               data-image-slug=\"img_1068\"\n               class=\"shutterset_ac4aa3065405eea2a5f91ba3c27290cd\">\n                <img\n                    title=\"img_1068\"\n                    alt=\"img_1068\"\n                    src=\"http:\/\/www.karate-neuhofen.at\/wp-content\/gallery\/trainingslager-gnas-2014\/thumbs\/thumbs_img_1068.jpg\"\n                    width=\"100\"\n                    height=\"66\"\n                    style=\"max-width:100%;\"\n                \/>\n            <\/a>\n        <\/div>\n\t\t\t\t\t\t\t<\/div> \n\t\t\t\n        \n\t\t\t\t<div id=\"ngg-image-68\" class=\"ngg-gallery-thumbnail-box\" >\n\t\t\t\t        <div class=\"ngg-gallery-thumbnail\">\n            <a href=\"http:\/\/www.karate-neuhofen.at\/wp-content\/gallery\/trainingslager-gnas-2014\/img_1069.jpg\"\n               title=\"\"\n               data-src=\"http:\/\/www.karate-neuhofen.at\/wp-content\/gallery\/trainingslager-gnas-2014\/img_1069.jpg\"\n               data-thumbnail=\"http:\/\/www.karate-neuhofen.at\/wp-content\/gallery\/trainingslager-gnas-2014\/thumbs\/thumbs_img_1069.jpg\"\n               data-image-id=\"6100\"\n               data-title=\"img_1069\"\n               data-description=\"\"\n               data-image-slug=\"img_1069\"\n               class=\"shutterset_ac4aa3065405eea2a5f91ba3c27290cd\">\n                <img\n                    title=\"img_1069\"\n                    alt=\"img_1069\"\n                    src=\"http:\/\/www.karate-neuhofen.at\/wp-content\/gallery\/trainingslager-gnas-2014\/thumbs\/thumbs_img_1069.jpg\"\n                    width=\"100\"\n                    height=\"66\"\n                    style=\"max-width:100%;\"\n                \/>\n            <\/a>\n        <\/div>\n\t\t\t\t\t\t\t<\/div> \n\t\t\t\n        \n\t\t\t\t<div id=\"ngg-image-69\" class=\"ngg-gallery-thumbnail-box\" >\n\t\t\t\t        <div class=\"ngg-gallery-thumbnail\">\n            <a href=\"http:\/\/www.karate-neuhofen.at\/wp-content\/gallery\/trainingslager-gnas-2014\/img_1070.jpg\"\n               title=\"\"\n               data-src=\"http:\/\/www.karate-neuhofen.at\/wp-content\/gallery\/trainingslager-gnas-2014\/img_1070.jpg\"\n               data-thumbnail=\"http:\/\/www.karate-neuhofen.at\/wp-content\/gallery\/trainingslager-gnas-2014\/thumbs\/thumbs_img_1070.jpg\"\n               data-image-id=\"6101\"\n               data-title=\"img_1070\"\n               data-description=\"\"\n               data-image-slug=\"img_1070\"\n               class=\"shutterset_ac4aa3065405eea2a5f91ba3c27290cd\">\n                <img\n                    title=\"img_1070\"\n                    alt=\"img_1070\"\n                    src=\"http:\/\/www.karate-neuhofen.at\/wp-content\/gallery\/trainingslager-gnas-2014\/thumbs\/thumbs_img_1070.jpg\"\n                    width=\"100\"\n                    height=\"66\"\n                    style=\"max-width:100%;\"\n                \/>\n            <\/a>\n        <\/div>\n\t\t\t\t\t\t\t<\/div> \n\t\t\t\n        \n\t\t\t\t<div id=\"ngg-image-70\" class=\"ngg-gallery-thumbnail-box\" >\n\t\t\t\t        <div class=\"ngg-gallery-thumbnail\">\n            <a href=\"http:\/\/www.karate-neuhofen.at\/wp-content\/gallery\/trainingslager-gnas-2014\/img_1071.jpg\"\n               title=\"\"\n               data-src=\"http:\/\/www.karate-neuhofen.at\/wp-content\/gallery\/trainingslager-gnas-2014\/img_1071.jpg\"\n               data-thumbnail=\"http:\/\/www.karate-neuhofen.at\/wp-content\/gallery\/trainingslager-gnas-2014\/thumbs\/thumbs_img_1071.jpg\"\n               data-image-id=\"6102\"\n               data-title=\"img_1071\"\n               data-description=\"\"\n               data-image-slug=\"img_1071\"\n               class=\"shutterset_ac4aa3065405eea2a5f91ba3c27290cd\">\n                <img\n                    title=\"img_1071\"\n                    alt=\"img_1071\"\n                    src=\"http:\/\/www.karate-neuhofen.at\/wp-content\/gallery\/trainingslager-gnas-2014\/thumbs\/thumbs_img_1071.jpg\"\n                    width=\"100\"\n                    height=\"66\"\n                    style=\"max-width:100%;\"\n                \/>\n            <\/a>\n        <\/div>\n\t\t\t\t\t\t\t<\/div> \n\t\t\t\n        \n\t\t\t\t<div id=\"ngg-image-71\" class=\"ngg-gallery-thumbnail-box\" >\n\t\t\t\t        <div class=\"ngg-gallery-thumbnail\">\n            <a href=\"http:\/\/www.karate-neuhofen.at\/wp-content\/gallery\/trainingslager-gnas-2014\/img_1072.jpg\"\n               title=\"\"\n               data-src=\"http:\/\/www.karate-neuhofen.at\/wp-content\/gallery\/trainingslager-gnas-2014\/img_1072.jpg\"\n               data-thumbnail=\"http:\/\/www.karate-neuhofen.at\/wp-content\/gallery\/trainingslager-gnas-2014\/thumbs\/thumbs_img_1072.jpg\"\n               data-image-id=\"6103\"\n               data-title=\"img_1072\"\n               data-description=\"\"\n               data-image-slug=\"img_1072\"\n               class=\"shutterset_ac4aa3065405eea2a5f91ba3c27290cd\">\n                <img\n                    title=\"img_1072\"\n                    alt=\"img_1072\"\n                    src=\"http:\/\/www.karate-neuhofen.at\/wp-content\/gallery\/trainingslager-gnas-2014\/thumbs\/thumbs_img_1072.jpg\"\n                    width=\"100\"\n                    height=\"66\"\n                    style=\"max-width:100%;\"\n                \/>\n            <\/a>\n        <\/div>\n\t\t\t\t\t\t\t<\/div> \n\t\t\t\n        \n\t\t\t\t<div id=\"ngg-image-72\" class=\"ngg-gallery-thumbnail-box\" >\n\t\t\t\t        <div class=\"ngg-gallery-thumbnail\">\n            <a href=\"http:\/\/www.karate-neuhofen.at\/wp-content\/gallery\/trainingslager-gnas-2014\/img_1073.jpg\"\n               title=\"\"\n               data-src=\"http:\/\/www.karate-neuhofen.at\/wp-content\/gallery\/trainingslager-gnas-2014\/img_1073.jpg\"\n               data-thumbnail=\"http:\/\/www.karate-neuhofen.at\/wp-content\/gallery\/trainingslager-gnas-2014\/thumbs\/thumbs_img_1073.jpg\"\n               data-image-id=\"6104\"\n               data-title=\"img_1073\"\n               data-description=\"\"\n               data-image-slug=\"img_1073\"\n               class=\"shutterset_ac4aa3065405eea2a5f91ba3c27290cd\">\n                <img\n                    title=\"img_1073\"\n                    alt=\"img_1073\"\n                    src=\"http:\/\/www.karate-neuhofen.at\/wp-content\/gallery\/trainingslager-gnas-2014\/thumbs\/thumbs_img_1073.jpg\"\n                    width=\"100\"\n                    height=\"66\"\n                    style=\"max-width:100%;\"\n                \/>\n            <\/a>\n        <\/div>\n\t\t\t\t\t\t\t<\/div> \n\t\t\t\n        \n\t\t\t\t<div id=\"ngg-image-73\" class=\"ngg-gallery-thumbnail-box\" >\n\t\t\t\t        <div class=\"ngg-gallery-thumbnail\">\n            <a href=\"http:\/\/www.karate-neuhofen.at\/wp-content\/gallery\/trainingslager-gnas-2014\/img_1074.jpg\"\n               title=\"\"\n               data-src=\"http:\/\/www.karate-neuhofen.at\/wp-content\/gallery\/trainingslager-gnas-2014\/img_1074.jpg\"\n               data-thumbnail=\"http:\/\/www.karate-neuhofen.at\/wp-content\/gallery\/trainingslager-gnas-2014\/thumbs\/thumbs_img_1074.jpg\"\n               data-image-id=\"6105\"\n               data-title=\"img_1074\"\n               data-description=\"\"\n               data-image-slug=\"img_1074\"\n               class=\"shutterset_ac4aa3065405eea2a5f91ba3c27290cd\">\n                <img\n                    title=\"img_1074\"\n                    alt=\"img_1074\"\n                    src=\"http:\/\/www.karate-neuhofen.at\/wp-content\/gallery\/trainingslager-gnas-2014\/thumbs\/thumbs_img_1074.jpg\"\n                    width=\"100\"\n                    height=\"66\"\n                    style=\"max-width:100%;\"\n                \/>\n            <\/a>\n        <\/div>\n\t\t\t\t\t\t\t<\/div> \n\t\t\t\n        \n\t\t\t\t<div id=\"ngg-image-74\" class=\"ngg-gallery-thumbnail-box\" >\n\t\t\t\t        <div class=\"ngg-gallery-thumbnail\">\n            <a href=\"http:\/\/www.karate-neuhofen.at\/wp-content\/gallery\/trainingslager-gnas-2014\/img_1075.jpg\"\n               title=\"\"\n               data-src=\"http:\/\/www.karate-neuhofen.at\/wp-content\/gallery\/trainingslager-gnas-2014\/img_1075.jpg\"\n               data-thumbnail=\"http:\/\/www.karate-neuhofen.at\/wp-content\/gallery\/trainingslager-gnas-2014\/thumbs\/thumbs_img_1075.jpg\"\n               data-image-id=\"6106\"\n               data-title=\"img_1075\"\n               data-description=\"\"\n               data-image-slug=\"img_1075\"\n               class=\"shutterset_ac4aa3065405eea2a5f91ba3c27290cd\">\n                <img\n                    title=\"img_1075\"\n                    alt=\"img_1075\"\n                    src=\"http:\/\/www.karate-neuhofen.at\/wp-content\/gallery\/trainingslager-gnas-2014\/thumbs\/thumbs_img_1075.jpg\"\n                    width=\"100\"\n                    height=\"66\"\n                    style=\"max-width:100%;\"\n                \/>\n            <\/a>\n        <\/div>\n\t\t\t\t\t\t\t<\/div> \n\t\t\t\n        \n\t\t\t\t<div id=\"ngg-image-75\" class=\"ngg-gallery-thumbnail-box\" >\n\t\t\t\t        <div class=\"ngg-gallery-thumbnail\">\n            <a href=\"http:\/\/www.karate-neuhofen.at\/wp-content\/gallery\/trainingslager-gnas-2014\/img_1076.jpg\"\n               title=\"\"\n               data-src=\"http:\/\/www.karate-neuhofen.at\/wp-content\/gallery\/trainingslager-gnas-2014\/img_1076.jpg\"\n               data-thumbnail=\"http:\/\/www.karate-neuhofen.at\/wp-content\/gallery\/trainingslager-gnas-2014\/thumbs\/thumbs_img_1076.jpg\"\n               data-image-id=\"6107\"\n               data-title=\"img_1076\"\n               data-description=\"\"\n               data-image-slug=\"img_1076\"\n               class=\"shutterset_ac4aa3065405eea2a5f91ba3c27290cd\">\n                <img\n                    title=\"img_1076\"\n                    alt=\"img_1076\"\n                    src=\"http:\/\/www.karate-neuhofen.at\/wp-content\/gallery\/trainingslager-gnas-2014\/thumbs\/thumbs_img_1076.jpg\"\n                    width=\"100\"\n                    height=\"66\"\n                    style=\"max-width:100%;\"\n                \/>\n            <\/a>\n        <\/div>\n\t\t\t\t\t\t\t<\/div> \n\t\t\t\n        \n\t\t\t\t<div id=\"ngg-image-76\" class=\"ngg-gallery-thumbnail-box\" >\n\t\t\t\t        <div class=\"ngg-gallery-thumbnail\">\n            <a href=\"http:\/\/www.karate-neuhofen.at\/wp-content\/gallery\/trainingslager-gnas-2014\/img_1077.jpg\"\n               title=\"\"\n               data-src=\"http:\/\/www.karate-neuhofen.at\/wp-content\/gallery\/trainingslager-gnas-2014\/img_1077.jpg\"\n               data-thumbnail=\"http:\/\/www.karate-neuhofen.at\/wp-content\/gallery\/trainingslager-gnas-2014\/thumbs\/thumbs_img_1077.jpg\"\n               data-image-id=\"6108\"\n               data-title=\"img_1077\"\n               data-description=\"\"\n               data-image-slug=\"img_1077\"\n               class=\"shutterset_ac4aa3065405eea2a5f91ba3c27290cd\">\n                <img\n                    title=\"img_1077\"\n                    alt=\"img_1077\"\n                    src=\"http:\/\/www.karate-neuhofen.at\/wp-content\/gallery\/trainingslager-gnas-2014\/thumbs\/thumbs_img_1077.jpg\"\n                    width=\"100\"\n                    height=\"66\"\n                    style=\"max-width:100%;\"\n                \/>\n            <\/a>\n        <\/div>\n\t\t\t\t\t\t\t<\/div> \n\t\t\t\n        \n\t\t\t\t<div id=\"ngg-image-77\" class=\"ngg-gallery-thumbnail-box\" >\n\t\t\t\t        <div class=\"ngg-gallery-thumbnail\">\n            <a href=\"http:\/\/www.karate-neuhofen.at\/wp-content\/gallery\/trainingslager-gnas-2014\/img_1078.jpg\"\n               title=\"\"\n               data-src=\"http:\/\/www.karate-neuhofen.at\/wp-content\/gallery\/trainingslager-gnas-2014\/img_1078.jpg\"\n               data-thumbnail=\"http:\/\/www.karate-neuhofen.at\/wp-content\/gallery\/trainingslager-gnas-2014\/thumbs\/thumbs_img_1078.jpg\"\n               data-image-id=\"6109\"\n               data-title=\"img_1078\"\n               data-description=\"\"\n               data-image-slug=\"img_1078\"\n               class=\"shutterset_ac4aa3065405eea2a5f91ba3c27290cd\">\n                <img\n                    title=\"img_1078\"\n                    alt=\"img_1078\"\n                    src=\"http:\/\/www.karate-neuhofen.at\/wp-content\/gallery\/trainingslager-gnas-2014\/thumbs\/thumbs_img_1078.jpg\"\n                    width=\"100\"\n                    height=\"66\"\n                    style=\"max-width:100%;\"\n                \/>\n            <\/a>\n        <\/div>\n\t\t\t\t\t\t\t<\/div> \n\t\t\t\n        \n\t\t\t\t<div id=\"ngg-image-78\" class=\"ngg-gallery-thumbnail-box\" >\n\t\t\t\t        <div class=\"ngg-gallery-thumbnail\">\n            <a href=\"http:\/\/www.karate-neuhofen.at\/wp-content\/gallery\/trainingslager-gnas-2014\/img_1079.jpg\"\n               title=\"\"\n               data-src=\"http:\/\/www.karate-neuhofen.at\/wp-content\/gallery\/trainingslager-gnas-2014\/img_1079.jpg\"\n               data-thumbnail=\"http:\/\/www.karate-neuhofen.at\/wp-content\/gallery\/trainingslager-gnas-2014\/thumbs\/thumbs_img_1079.jpg\"\n               data-image-id=\"6110\"\n               data-title=\"img_1079\"\n               data-description=\"\"\n               data-image-slug=\"img_1079\"\n               class=\"shutterset_ac4aa3065405eea2a5f91ba3c27290cd\">\n                <img\n                    title=\"img_1079\"\n                    alt=\"img_1079\"\n                    src=\"http:\/\/www.karate-neuhofen.at\/wp-content\/gallery\/trainingslager-gnas-2014\/thumbs\/thumbs_img_1079.jpg\"\n                    width=\"100\"\n                    height=\"66\"\n                    style=\"max-width:100%;\"\n                \/>\n            <\/a>\n        <\/div>\n\t\t\t\t\t\t\t<\/div> \n\t\t\t\n        \n\t\t\t\t<div id=\"ngg-image-79\" class=\"ngg-gallery-thumbnail-box\" >\n\t\t\t\t        <div class=\"ngg-gallery-thumbnail\">\n            <a href=\"http:\/\/www.karate-neuhofen.at\/wp-content\/gallery\/trainingslager-gnas-2014\/img_1080.jpg\"\n               title=\"\"\n               data-src=\"http:\/\/www.karate-neuhofen.at\/wp-content\/gallery\/trainingslager-gnas-2014\/img_1080.jpg\"\n               data-thumbnail=\"http:\/\/www.karate-neuhofen.at\/wp-content\/gallery\/trainingslager-gnas-2014\/thumbs\/thumbs_img_1080.jpg\"\n               data-image-id=\"6111\"\n               data-title=\"img_1080\"\n               data-description=\"\"\n               data-image-slug=\"img_1080\"\n               class=\"shutterset_ac4aa3065405eea2a5f91ba3c27290cd\">\n                <img\n                    title=\"img_1080\"\n                    alt=\"img_1080\"\n                    src=\"http:\/\/www.karate-neuhofen.at\/wp-content\/gallery\/trainingslager-gnas-2014\/thumbs\/thumbs_img_1080.jpg\"\n                    width=\"100\"\n                    height=\"66\"\n                    style=\"max-width:100%;\"\n                \/>\n            <\/a>\n        <\/div>\n\t\t\t\t\t\t\t<\/div> \n\t\t\t\n        \n\t\t\t\t<div id=\"ngg-image-80\" class=\"ngg-gallery-thumbnail-box\" >\n\t\t\t\t        <div class=\"ngg-gallery-thumbnail\">\n            <a href=\"http:\/\/www.karate-neuhofen.at\/wp-content\/gallery\/trainingslager-gnas-2014\/img_1081.jpg\"\n               title=\"\"\n               data-src=\"http:\/\/www.karate-neuhofen.at\/wp-content\/gallery\/trainingslager-gnas-2014\/img_1081.jpg\"\n               data-thumbnail=\"http:\/\/www.karate-neuhofen.at\/wp-content\/gallery\/trainingslager-gnas-2014\/thumbs\/thumbs_img_1081.jpg\"\n               data-image-id=\"6112\"\n               data-title=\"img_1081\"\n               data-description=\"\"\n               data-image-slug=\"img_1081\"\n               class=\"shutterset_ac4aa3065405eea2a5f91ba3c27290cd\">\n                <img\n                    title=\"img_1081\"\n                    alt=\"img_1081\"\n                    src=\"http:\/\/www.karate-neuhofen.at\/wp-content\/gallery\/trainingslager-gnas-2014\/thumbs\/thumbs_img_1081.jpg\"\n                    width=\"100\"\n                    height=\"66\"\n                    style=\"max-width:100%;\"\n                \/>\n            <\/a>\n        <\/div>\n\t\t\t\t\t\t\t<\/div> \n\t\t\t\n        \n\t\t\t\t<div id=\"ngg-image-81\" class=\"ngg-gallery-thumbnail-box\" >\n\t\t\t\t        <div class=\"ngg-gallery-thumbnail\">\n            <a href=\"http:\/\/www.karate-neuhofen.at\/wp-content\/gallery\/trainingslager-gnas-2014\/img_1082.jpg\"\n               title=\"\"\n               data-src=\"http:\/\/www.karate-neuhofen.at\/wp-content\/gallery\/trainingslager-gnas-2014\/img_1082.jpg\"\n               data-thumbnail=\"http:\/\/www.karate-neuhofen.at\/wp-content\/gallery\/trainingslager-gnas-2014\/thumbs\/thumbs_img_1082.jpg\"\n               data-image-id=\"6113\"\n               data-title=\"img_1082\"\n               data-description=\"\"\n               data-image-slug=\"img_1082\"\n               class=\"shutterset_ac4aa3065405eea2a5f91ba3c27290cd\">\n                <img\n                    title=\"img_1082\"\n                    alt=\"img_1082\"\n                    src=\"http:\/\/www.karate-neuhofen.at\/wp-content\/gallery\/trainingslager-gnas-2014\/thumbs\/thumbs_img_1082.jpg\"\n                    width=\"100\"\n                    height=\"66\"\n                    style=\"max-width:100%;\"\n                \/>\n            <\/a>\n        <\/div>\n\t\t\t\t\t\t\t<\/div> \n\t\t\t\n        \n\t\t\t\t<div id=\"ngg-image-82\" class=\"ngg-gallery-thumbnail-box\" >\n\t\t\t\t        <div class=\"ngg-gallery-thumbnail\">\n            <a href=\"http:\/\/www.karate-neuhofen.at\/wp-content\/gallery\/trainingslager-gnas-2014\/img_1083.jpg\"\n               title=\"\"\n               data-src=\"http:\/\/www.karate-neuhofen.at\/wp-content\/gallery\/trainingslager-gnas-2014\/img_1083.jpg\"\n               data-thumbnail=\"http:\/\/www.karate-neuhofen.at\/wp-content\/gallery\/trainingslager-gnas-2014\/thumbs\/thumbs_img_1083.jpg\"\n               data-image-id=\"6114\"\n               data-title=\"img_1083\"\n               data-description=\"\"\n               data-image-slug=\"img_1083\"\n               class=\"shutterset_ac4aa3065405eea2a5f91ba3c27290cd\">\n                <img\n                    title=\"img_1083\"\n                    alt=\"img_1083\"\n                    src=\"http:\/\/www.karate-neuhofen.at\/wp-content\/gallery\/trainingslager-gnas-2014\/thumbs\/thumbs_img_1083.jpg\"\n                    width=\"100\"\n                    height=\"66\"\n                    style=\"max-width:100%;\"\n                \/>\n            <\/a>\n        <\/div>\n\t\t\t\t\t\t\t<\/div> \n\t\t\t\n        \n\t\t\t\t<div id=\"ngg-image-83\" class=\"ngg-gallery-thumbnail-box\" >\n\t\t\t\t        <div class=\"ngg-gallery-thumbnail\">\n            <a href=\"http:\/\/www.karate-neuhofen.at\/wp-content\/gallery\/trainingslager-gnas-2014\/img_1084.jpg\"\n               title=\"\"\n               data-src=\"http:\/\/www.karate-neuhofen.at\/wp-content\/gallery\/trainingslager-gnas-2014\/img_1084.jpg\"\n               data-thumbnail=\"http:\/\/www.karate-neuhofen.at\/wp-content\/gallery\/trainingslager-gnas-2014\/thumbs\/thumbs_img_1084.jpg\"\n               data-image-id=\"6115\"\n               data-title=\"img_1084\"\n               data-description=\"\"\n               data-image-slug=\"img_1084\"\n               class=\"shutterset_ac4aa3065405eea2a5f91ba3c27290cd\">\n                <img\n                    title=\"img_1084\"\n                    alt=\"img_1084\"\n                    src=\"http:\/\/www.karate-neuhofen.at\/wp-content\/gallery\/trainingslager-gnas-2014\/thumbs\/thumbs_img_1084.jpg\"\n                    width=\"100\"\n                    height=\"66\"\n                    style=\"max-width:100%;\"\n                \/>\n            <\/a>\n        <\/div>\n\t\t\t\t\t\t\t<\/div> \n\t\t\t\n        \n\t\t\t\t<div id=\"ngg-image-84\" class=\"ngg-gallery-thumbnail-box\" >\n\t\t\t\t        <div class=\"ngg-gallery-thumbnail\">\n            <a href=\"http:\/\/www.karate-neuhofen.at\/wp-content\/gallery\/trainingslager-gnas-2014\/img_1085.jpg\"\n               title=\"\"\n               data-src=\"http:\/\/www.karate-neuhofen.at\/wp-content\/gallery\/trainingslager-gnas-2014\/img_1085.jpg\"\n               data-thumbnail=\"http:\/\/www.karate-neuhofen.at\/wp-content\/gallery\/trainingslager-gnas-2014\/thumbs\/thumbs_img_1085.jpg\"\n               data-image-id=\"6116\"\n               data-title=\"img_1085\"\n               data-description=\"\"\n               data-image-slug=\"img_1085\"\n               class=\"shutterset_ac4aa3065405eea2a5f91ba3c27290cd\">\n                <img\n                    title=\"img_1085\"\n                    alt=\"img_1085\"\n                    src=\"http:\/\/www.karate-neuhofen.at\/wp-content\/gallery\/trainingslager-gnas-2014\/thumbs\/thumbs_img_1085.jpg\"\n                    width=\"100\"\n                    height=\"66\"\n                    style=\"max-width:100%;\"\n                \/>\n            <\/a>\n        <\/div>\n\t\t\t\t\t\t\t<\/div> \n\t\t\t\n        \n\t\t\t\t<div id=\"ngg-image-85\" class=\"ngg-gallery-thumbnail-box\" >\n\t\t\t\t        <div class=\"ngg-gallery-thumbnail\">\n            <a href=\"http:\/\/www.karate-neuhofen.at\/wp-content\/gallery\/trainingslager-gnas-2014\/img_1086.jpg\"\n               title=\"\"\n               data-src=\"http:\/\/www.karate-neuhofen.at\/wp-content\/gallery\/trainingslager-gnas-2014\/img_1086.jpg\"\n               data-thumbnail=\"http:\/\/www.karate-neuhofen.at\/wp-content\/gallery\/trainingslager-gnas-2014\/thumbs\/thumbs_img_1086.jpg\"\n               data-image-id=\"6117\"\n               data-title=\"img_1086\"\n               data-description=\"\"\n               data-image-slug=\"img_1086\"\n               class=\"shutterset_ac4aa3065405eea2a5f91ba3c27290cd\">\n                <img\n                    title=\"img_1086\"\n                    alt=\"img_1086\"\n                    src=\"http:\/\/www.karate-neuhofen.at\/wp-content\/gallery\/trainingslager-gnas-2014\/thumbs\/thumbs_img_1086.jpg\"\n                    width=\"100\"\n                    height=\"66\"\n                    style=\"max-width:100%;\"\n                \/>\n            <\/a>\n        <\/div>\n\t\t\t\t\t\t\t<\/div> \n\t\t\t\n        \n\t\t\t\t<div id=\"ngg-image-86\" class=\"ngg-gallery-thumbnail-box\" >\n\t\t\t\t        <div class=\"ngg-gallery-thumbnail\">\n            <a href=\"http:\/\/www.karate-neuhofen.at\/wp-content\/gallery\/trainingslager-gnas-2014\/img_1087.jpg\"\n               title=\"\"\n               data-src=\"http:\/\/www.karate-neuhofen.at\/wp-content\/gallery\/trainingslager-gnas-2014\/img_1087.jpg\"\n               data-thumbnail=\"http:\/\/www.karate-neuhofen.at\/wp-content\/gallery\/trainingslager-gnas-2014\/thumbs\/thumbs_img_1087.jpg\"\n               data-image-id=\"6118\"\n               data-title=\"img_1087\"\n               data-description=\"\"\n               data-image-slug=\"img_1087\"\n               class=\"shutterset_ac4aa3065405eea2a5f91ba3c27290cd\">\n                <img\n                    title=\"img_1087\"\n                    alt=\"img_1087\"\n                    src=\"http:\/\/www.karate-neuhofen.at\/wp-content\/gallery\/trainingslager-gnas-2014\/thumbs\/thumbs_img_1087.jpg\"\n                    width=\"100\"\n                    height=\"66\"\n                    style=\"max-width:100%;\"\n                \/>\n            <\/a>\n        <\/div>\n\t\t\t\t\t\t\t<\/div> \n\t\t\t\n        \n\t\t\t\t<div id=\"ngg-image-87\" class=\"ngg-gallery-thumbnail-box\" >\n\t\t\t\t        <div class=\"ngg-gallery-thumbnail\">\n            <a href=\"http:\/\/www.karate-neuhofen.at\/wp-content\/gallery\/trainingslager-gnas-2014\/img_1088.jpg\"\n               title=\"\"\n               data-src=\"http:\/\/www.karate-neuhofen.at\/wp-content\/gallery\/trainingslager-gnas-2014\/img_1088.jpg\"\n               data-thumbnail=\"http:\/\/www.karate-neuhofen.at\/wp-content\/gallery\/trainingslager-gnas-2014\/thumbs\/thumbs_img_1088.jpg\"\n               data-image-id=\"6119\"\n               data-title=\"img_1088\"\n               data-description=\"\"\n               data-image-slug=\"img_1088\"\n               class=\"shutterset_ac4aa3065405eea2a5f91ba3c27290cd\">\n                <img\n                    title=\"img_1088\"\n                    alt=\"img_1088\"\n                    src=\"http:\/\/www.karate-neuhofen.at\/wp-content\/gallery\/trainingslager-gnas-2014\/thumbs\/thumbs_img_1088.jpg\"\n                    width=\"100\"\n                    height=\"66\"\n                    style=\"max-width:100%;\"\n                \/>\n            <\/a>\n        <\/div>\n\t\t\t\t\t\t\t<\/div> \n\t\t\t\n        \n\t\t\t\t<div id=\"ngg-image-88\" class=\"ngg-gallery-thumbnail-box\" >\n\t\t\t\t        <div class=\"ngg-gallery-thumbnail\">\n            <a href=\"http:\/\/www.karate-neuhofen.at\/wp-content\/gallery\/trainingslager-gnas-2014\/img_1089.jpg\"\n               title=\"\"\n               data-src=\"http:\/\/www.karate-neuhofen.at\/wp-content\/gallery\/trainingslager-gnas-2014\/img_1089.jpg\"\n               data-thumbnail=\"http:\/\/www.karate-neuhofen.at\/wp-content\/gallery\/trainingslager-gnas-2014\/thumbs\/thumbs_img_1089.jpg\"\n               data-image-id=\"6120\"\n               data-title=\"img_1089\"\n               data-description=\"\"\n               data-image-slug=\"img_1089\"\n               class=\"shutterset_ac4aa3065405eea2a5f91ba3c27290cd\">\n                <img\n                    title=\"img_1089\"\n                    alt=\"img_1089\"\n                    src=\"http:\/\/www.karate-neuhofen.at\/wp-content\/gallery\/trainingslager-gnas-2014\/thumbs\/thumbs_img_1089.jpg\"\n                    width=\"100\"\n                    height=\"66\"\n                    style=\"max-width:100%;\"\n                \/>\n            <\/a>\n        <\/div>\n\t\t\t\t\t\t\t<\/div> \n\t\t\t\n        \n\t\t\t\t<div id=\"ngg-image-89\" class=\"ngg-gallery-thumbnail-box\" >\n\t\t\t\t        <div class=\"ngg-gallery-thumbnail\">\n            <a href=\"http:\/\/www.karate-neuhofen.at\/wp-content\/gallery\/trainingslager-gnas-2014\/img_1090.jpg\"\n               title=\"\"\n               data-src=\"http:\/\/www.karate-neuhofen.at\/wp-content\/gallery\/trainingslager-gnas-2014\/img_1090.jpg\"\n               data-thumbnail=\"http:\/\/www.karate-neuhofen.at\/wp-content\/gallery\/trainingslager-gnas-2014\/thumbs\/thumbs_img_1090.jpg\"\n               data-image-id=\"6121\"\n               data-title=\"img_1090\"\n               data-description=\"\"\n               data-image-slug=\"img_1090\"\n               class=\"shutterset_ac4aa3065405eea2a5f91ba3c27290cd\">\n                <img\n                    title=\"img_1090\"\n                    alt=\"img_1090\"\n                    src=\"http:\/\/www.karate-neuhofen.at\/wp-content\/gallery\/trainingslager-gnas-2014\/thumbs\/thumbs_img_1090.jpg\"\n                    width=\"100\"\n                    height=\"66\"\n                    style=\"max-width:100%;\"\n                \/>\n            <\/a>\n        <\/div>\n\t\t\t\t\t\t\t<\/div> \n\t\t\t\n        \n\t\t\t\t<div id=\"ngg-image-90\" class=\"ngg-gallery-thumbnail-box\" >\n\t\t\t\t        <div class=\"ngg-gallery-thumbnail\">\n            <a href=\"http:\/\/www.karate-neuhofen.at\/wp-content\/gallery\/trainingslager-gnas-2014\/img_1091.jpg\"\n               title=\"\"\n               data-src=\"http:\/\/www.karate-neuhofen.at\/wp-content\/gallery\/trainingslager-gnas-2014\/img_1091.jpg\"\n               data-thumbnail=\"http:\/\/www.karate-neuhofen.at\/wp-content\/gallery\/trainingslager-gnas-2014\/thumbs\/thumbs_img_1091.jpg\"\n               data-image-id=\"6122\"\n               data-title=\"img_1091\"\n               data-description=\"\"\n               data-image-slug=\"img_1091\"\n               class=\"shutterset_ac4aa3065405eea2a5f91ba3c27290cd\">\n                <img\n                    title=\"img_1091\"\n                    alt=\"img_1091\"\n                    src=\"http:\/\/www.karate-neuhofen.at\/wp-content\/gallery\/trainingslager-gnas-2014\/thumbs\/thumbs_img_1091.jpg\"\n                    width=\"100\"\n                    height=\"66\"\n                    style=\"max-width:100%;\"\n                \/>\n            <\/a>\n        <\/div>\n\t\t\t\t\t\t\t<\/div> \n\t\t\t\n        \n\t\t\t\t<div id=\"ngg-image-91\" class=\"ngg-gallery-thumbnail-box\" >\n\t\t\t\t        <div class=\"ngg-gallery-thumbnail\">\n            <a href=\"http:\/\/www.karate-neuhofen.at\/wp-content\/gallery\/trainingslager-gnas-2014\/img_1092.jpg\"\n               title=\"\"\n               data-src=\"http:\/\/www.karate-neuhofen.at\/wp-content\/gallery\/trainingslager-gnas-2014\/img_1092.jpg\"\n               data-thumbnail=\"http:\/\/www.karate-neuhofen.at\/wp-content\/gallery\/trainingslager-gnas-2014\/thumbs\/thumbs_img_1092.jpg\"\n               data-image-id=\"6123\"\n               data-title=\"img_1092\"\n               data-description=\"\"\n               data-image-slug=\"img_1092\"\n               class=\"shutterset_ac4aa3065405eea2a5f91ba3c27290cd\">\n                <img\n                    title=\"img_1092\"\n                    alt=\"img_1092\"\n                    src=\"http:\/\/www.karate-neuhofen.at\/wp-content\/gallery\/trainingslager-gnas-2014\/thumbs\/thumbs_img_1092.jpg\"\n                    width=\"100\"\n                    height=\"66\"\n                    style=\"max-width:100%;\"\n                \/>\n            <\/a>\n        <\/div>\n\t\t\t\t\t\t\t<\/div> \n\t\t\t\n        \n\t\t\t\t<div id=\"ngg-image-92\" class=\"ngg-gallery-thumbnail-box\" >\n\t\t\t\t        <div class=\"ngg-gallery-thumbnail\">\n            <a href=\"http:\/\/www.karate-neuhofen.at\/wp-content\/gallery\/trainingslager-gnas-2014\/img_1093.jpg\"\n               title=\"\"\n               data-src=\"http:\/\/www.karate-neuhofen.at\/wp-content\/gallery\/trainingslager-gnas-2014\/img_1093.jpg\"\n               data-thumbnail=\"http:\/\/www.karate-neuhofen.at\/wp-content\/gallery\/trainingslager-gnas-2014\/thumbs\/thumbs_img_1093.jpg\"\n               data-image-id=\"6124\"\n               data-title=\"img_1093\"\n               data-description=\"\"\n               data-image-slug=\"img_1093\"\n               class=\"shutterset_ac4aa3065405eea2a5f91ba3c27290cd\">\n                <img\n                    title=\"img_1093\"\n                    alt=\"img_1093\"\n                    src=\"http:\/\/www.karate-neuhofen.at\/wp-content\/gallery\/trainingslager-gnas-2014\/thumbs\/thumbs_img_1093.jpg\"\n                    width=\"100\"\n                    height=\"66\"\n                    style=\"max-width:100%;\"\n                \/>\n            <\/a>\n        <\/div>\n\t\t\t\t\t\t\t<\/div> \n\t\t\t\n        \n\t\t\t\t<div id=\"ngg-image-93\" class=\"ngg-gallery-thumbnail-box\" >\n\t\t\t\t        <div class=\"ngg-gallery-thumbnail\">\n            <a href=\"http:\/\/www.karate-neuhofen.at\/wp-content\/gallery\/trainingslager-gnas-2014\/img_1094.jpg\"\n               title=\"\"\n               data-src=\"http:\/\/www.karate-neuhofen.at\/wp-content\/gallery\/trainingslager-gnas-2014\/img_1094.jpg\"\n               data-thumbnail=\"http:\/\/www.karate-neuhofen.at\/wp-content\/gallery\/trainingslager-gnas-2014\/thumbs\/thumbs_img_1094.jpg\"\n               data-image-id=\"6125\"\n               data-title=\"img_1094\"\n               data-description=\"\"\n               data-image-slug=\"img_1094\"\n               class=\"shutterset_ac4aa3065405eea2a5f91ba3c27290cd\">\n                <img\n                    title=\"img_1094\"\n                    alt=\"img_1094\"\n                    src=\"http:\/\/www.karate-neuhofen.at\/wp-content\/gallery\/trainingslager-gnas-2014\/thumbs\/thumbs_img_1094.jpg\"\n                    width=\"100\"\n                    height=\"66\"\n                    style=\"max-width:100%;\"\n                \/>\n            <\/a>\n        <\/div>\n\t\t\t\t\t\t\t<\/div> \n\t\t\t\n        \n\t\t\t\t<div id=\"ngg-image-94\" class=\"ngg-gallery-thumbnail-box\" >\n\t\t\t\t        <div class=\"ngg-gallery-thumbnail\">\n            <a href=\"http:\/\/www.karate-neuhofen.at\/wp-content\/gallery\/trainingslager-gnas-2014\/img_1095.jpg\"\n               title=\"\"\n               data-src=\"http:\/\/www.karate-neuhofen.at\/wp-content\/gallery\/trainingslager-gnas-2014\/img_1095.jpg\"\n               data-thumbnail=\"http:\/\/www.karate-neuhofen.at\/wp-content\/gallery\/trainingslager-gnas-2014\/thumbs\/thumbs_img_1095.jpg\"\n               data-image-id=\"6126\"\n               data-title=\"img_1095\"\n               data-description=\"\"\n               data-image-slug=\"img_1095\"\n               class=\"shutterset_ac4aa3065405eea2a5f91ba3c27290cd\">\n                <img\n                    title=\"img_1095\"\n                    alt=\"img_1095\"\n                    src=\"http:\/\/www.karate-neuhofen.at\/wp-content\/gallery\/trainingslager-gnas-2014\/thumbs\/thumbs_img_1095.jpg\"\n                    width=\"100\"\n                    height=\"66\"\n                    style=\"max-width:100%;\"\n                \/>\n            <\/a>\n        <\/div>\n\t\t\t\t\t\t\t<\/div> \n\t\t\t\n        \n\t\t\t\t<div id=\"ngg-image-95\" class=\"ngg-gallery-thumbnail-box\" >\n\t\t\t\t        <div class=\"ngg-gallery-thumbnail\">\n            <a href=\"http:\/\/www.karate-neuhofen.at\/wp-content\/gallery\/trainingslager-gnas-2014\/img_1096.jpg\"\n               title=\"\"\n               data-src=\"http:\/\/www.karate-neuhofen.at\/wp-content\/gallery\/trainingslager-gnas-2014\/img_1096.jpg\"\n               data-thumbnail=\"http:\/\/www.karate-neuhofen.at\/wp-content\/gallery\/trainingslager-gnas-2014\/thumbs\/thumbs_img_1096.jpg\"\n               data-image-id=\"6127\"\n               data-title=\"img_1096\"\n               data-description=\"\"\n               data-image-slug=\"img_1096\"\n               class=\"shutterset_ac4aa3065405eea2a5f91ba3c27290cd\">\n                <img\n                    title=\"img_1096\"\n                    alt=\"img_1096\"\n                    src=\"http:\/\/www.karate-neuhofen.at\/wp-content\/gallery\/trainingslager-gnas-2014\/thumbs\/thumbs_img_1096.jpg\"\n                    width=\"100\"\n                    height=\"66\"\n                    style=\"max-width:100%;\"\n                \/>\n            <\/a>\n        <\/div>\n\t\t\t\t\t\t\t<\/div> \n\t\t\t\n        \n\t\t\t\t<div id=\"ngg-image-96\" class=\"ngg-gallery-thumbnail-box\" >\n\t\t\t\t        <div class=\"ngg-gallery-thumbnail\">\n            <a href=\"http:\/\/www.karate-neuhofen.at\/wp-content\/gallery\/trainingslager-gnas-2014\/img_1097.jpg\"\n               title=\"\"\n               data-src=\"http:\/\/www.karate-neuhofen.at\/wp-content\/gallery\/trainingslager-gnas-2014\/img_1097.jpg\"\n               data-thumbnail=\"http:\/\/www.karate-neuhofen.at\/wp-content\/gallery\/trainingslager-gnas-2014\/thumbs\/thumbs_img_1097.jpg\"\n               data-image-id=\"6128\"\n               data-title=\"img_1097\"\n               data-description=\"\"\n               data-image-slug=\"img_1097\"\n               class=\"shutterset_ac4aa3065405eea2a5f91ba3c27290cd\">\n                <img\n                    title=\"img_1097\"\n                    alt=\"img_1097\"\n                    src=\"http:\/\/www.karate-neuhofen.at\/wp-content\/gallery\/trainingslager-gnas-2014\/thumbs\/thumbs_img_1097.jpg\"\n                    width=\"100\"\n                    height=\"66\"\n                    style=\"max-width:100%;\"\n                \/>\n            <\/a>\n        <\/div>\n\t\t\t\t\t\t\t<\/div> \n\t\t\t\n        \n\t\t\t\t<div id=\"ngg-image-97\" class=\"ngg-gallery-thumbnail-box\" >\n\t\t\t\t        <div class=\"ngg-gallery-thumbnail\">\n            <a href=\"http:\/\/www.karate-neuhofen.at\/wp-content\/gallery\/trainingslager-gnas-2014\/img_1098.jpg\"\n               title=\"\"\n               data-src=\"http:\/\/www.karate-neuhofen.at\/wp-content\/gallery\/trainingslager-gnas-2014\/img_1098.jpg\"\n               data-thumbnail=\"http:\/\/www.karate-neuhofen.at\/wp-content\/gallery\/trainingslager-gnas-2014\/thumbs\/thumbs_img_1098.jpg\"\n               data-image-id=\"6129\"\n               data-title=\"img_1098\"\n               data-description=\"\"\n               data-image-slug=\"img_1098\"\n               class=\"shutterset_ac4aa3065405eea2a5f91ba3c27290cd\">\n                <img\n                    title=\"img_1098\"\n                    alt=\"img_1098\"\n                    src=\"http:\/\/www.karate-neuhofen.at\/wp-content\/gallery\/trainingslager-gnas-2014\/thumbs\/thumbs_img_1098.jpg\"\n                    width=\"100\"\n                    height=\"66\"\n                    style=\"max-width:100%;\"\n                \/>\n            <\/a>\n        <\/div>\n\t\t\t\t\t\t\t<\/div> \n\t\t\t\n        \n\t\t\t\t<div id=\"ngg-image-98\" class=\"ngg-gallery-thumbnail-box\" >\n\t\t\t\t        <div class=\"ngg-gallery-thumbnail\">\n            <a href=\"http:\/\/www.karate-neuhofen.at\/wp-content\/gallery\/trainingslager-gnas-2014\/img_1099.jpg\"\n               title=\"\"\n               data-src=\"http:\/\/www.karate-neuhofen.at\/wp-content\/gallery\/trainingslager-gnas-2014\/img_1099.jpg\"\n               data-thumbnail=\"http:\/\/www.karate-neuhofen.at\/wp-content\/gallery\/trainingslager-gnas-2014\/thumbs\/thumbs_img_1099.jpg\"\n               data-image-id=\"6130\"\n               data-title=\"img_1099\"\n               data-description=\"\"\n               data-image-slug=\"img_1099\"\n               class=\"shutterset_ac4aa3065405eea2a5f91ba3c27290cd\">\n                <img\n                    title=\"img_1099\"\n                    alt=\"img_1099\"\n                    src=\"http:\/\/www.karate-neuhofen.at\/wp-content\/gallery\/trainingslager-gnas-2014\/thumbs\/thumbs_img_1099.jpg\"\n                    width=\"100\"\n                    height=\"66\"\n                    style=\"max-width:100%;\"\n                \/>\n            <\/a>\n        <\/div>\n\t\t\t\t\t\t\t<\/div> \n\t\t\t\n        \n\t\t\t\t<div id=\"ngg-image-99\" class=\"ngg-gallery-thumbnail-box\" >\n\t\t\t\t        <div class=\"ngg-gallery-thumbnail\">\n            <a href=\"http:\/\/www.karate-neuhofen.at\/wp-content\/gallery\/trainingslager-gnas-2014\/img_1100.jpg\"\n               title=\"\"\n               data-src=\"http:\/\/www.karate-neuhofen.at\/wp-content\/gallery\/trainingslager-gnas-2014\/img_1100.jpg\"\n               data-thumbnail=\"http:\/\/www.karate-neuhofen.at\/wp-content\/gallery\/trainingslager-gnas-2014\/thumbs\/thumbs_img_1100.jpg\"\n               data-image-id=\"6131\"\n               data-title=\"img_1100\"\n               data-description=\"\"\n               data-image-slug=\"img_1100\"\n               class=\"shutterset_ac4aa3065405eea2a5f91ba3c27290cd\">\n                <img\n                    title=\"img_1100\"\n                    alt=\"img_1100\"\n                    src=\"http:\/\/www.karate-neuhofen.at\/wp-content\/gallery\/trainingslager-gnas-2014\/thumbs\/thumbs_img_1100.jpg\"\n                    width=\"100\"\n                    height=\"66\"\n                    style=\"max-width:100%;\"\n                \/>\n            <\/a>\n        <\/div>\n\t\t\t\t\t\t\t<\/div> \n\t\t\t\n        \n\t\t\t\t<div id=\"ngg-image-100\" class=\"ngg-gallery-thumbnail-box\" >\n\t\t\t\t        <div class=\"ngg-gallery-thumbnail\">\n            <a href=\"http:\/\/www.karate-neuhofen.at\/wp-content\/gallery\/trainingslager-gnas-2014\/img_1101.jpg\"\n               title=\"\"\n               data-src=\"http:\/\/www.karate-neuhofen.at\/wp-content\/gallery\/trainingslager-gnas-2014\/img_1101.jpg\"\n               data-thumbnail=\"http:\/\/www.karate-neuhofen.at\/wp-content\/gallery\/trainingslager-gnas-2014\/thumbs\/thumbs_img_1101.jpg\"\n               data-image-id=\"6132\"\n               data-title=\"img_1101\"\n               data-description=\"\"\n               data-image-slug=\"img_1101\"\n               class=\"shutterset_ac4aa3065405eea2a5f91ba3c27290cd\">\n                <img\n                    title=\"img_1101\"\n                    alt=\"img_1101\"\n                    src=\"http:\/\/www.karate-neuhofen.at\/wp-content\/gallery\/trainingslager-gnas-2014\/thumbs\/thumbs_img_1101.jpg\"\n                    width=\"100\"\n                    height=\"66\"\n                    style=\"max-width:100%;\"\n                \/>\n            <\/a>\n        <\/div>\n\t\t\t\t\t\t\t<\/div> \n\t\t\t\n        \n\t\t\t\t<div id=\"ngg-image-101\" class=\"ngg-gallery-thumbnail-box\" >\n\t\t\t\t        <div class=\"ngg-gallery-thumbnail\">\n            <a href=\"http:\/\/www.karate-neuhofen.at\/wp-content\/gallery\/trainingslager-gnas-2014\/img_1102.jpg\"\n               title=\"\"\n               data-src=\"http:\/\/www.karate-neuhofen.at\/wp-content\/gallery\/trainingslager-gnas-2014\/img_1102.jpg\"\n               data-thumbnail=\"http:\/\/www.karate-neuhofen.at\/wp-content\/gallery\/trainingslager-gnas-2014\/thumbs\/thumbs_img_1102.jpg\"\n               data-image-id=\"6133\"\n               data-title=\"img_1102\"\n               data-description=\"\"\n               data-image-slug=\"img_1102\"\n               class=\"shutterset_ac4aa3065405eea2a5f91ba3c27290cd\">\n                <img\n                    title=\"img_1102\"\n                    alt=\"img_1102\"\n                    src=\"http:\/\/www.karate-neuhofen.at\/wp-content\/gallery\/trainingslager-gnas-2014\/thumbs\/thumbs_img_1102.jpg\"\n                    width=\"100\"\n                    height=\"66\"\n                    style=\"max-width:100%;\"\n                \/>\n            <\/a>\n        <\/div>\n\t\t\t\t\t\t\t<\/div> \n\t\t\t\n        \n\t\t\t\t<div id=\"ngg-image-102\" class=\"ngg-gallery-thumbnail-box\" >\n\t\t\t\t        <div class=\"ngg-gallery-thumbnail\">\n            <a href=\"http:\/\/www.karate-neuhofen.at\/wp-content\/gallery\/trainingslager-gnas-2014\/img_1103.jpg\"\n               title=\"\"\n               data-src=\"http:\/\/www.karate-neuhofen.at\/wp-content\/gallery\/trainingslager-gnas-2014\/img_1103.jpg\"\n               data-thumbnail=\"http:\/\/www.karate-neuhofen.at\/wp-content\/gallery\/trainingslager-gnas-2014\/thumbs\/thumbs_img_1103.jpg\"\n               data-image-id=\"6134\"\n               data-title=\"img_1103\"\n               data-description=\"\"\n               data-image-slug=\"img_1103\"\n               class=\"shutterset_ac4aa3065405eea2a5f91ba3c27290cd\">\n                <img\n                    title=\"img_1103\"\n                    alt=\"img_1103\"\n                    src=\"http:\/\/www.karate-neuhofen.at\/wp-content\/gallery\/trainingslager-gnas-2014\/thumbs\/thumbs_img_1103.jpg\"\n                    width=\"100\"\n                    height=\"66\"\n                    style=\"max-width:100%;\"\n                \/>\n            <\/a>\n        <\/div>\n\t\t\t\t\t\t\t<\/div> \n\t\t\t\n        \n\t\t\t\t<div id=\"ngg-image-103\" class=\"ngg-gallery-thumbnail-box\" >\n\t\t\t\t        <div class=\"ngg-gallery-thumbnail\">\n            <a href=\"http:\/\/www.karate-neuhofen.at\/wp-content\/gallery\/trainingslager-gnas-2014\/img_1104.jpg\"\n               title=\"\"\n               data-src=\"http:\/\/www.karate-neuhofen.at\/wp-content\/gallery\/trainingslager-gnas-2014\/img_1104.jpg\"\n               data-thumbnail=\"http:\/\/www.karate-neuhofen.at\/wp-content\/gallery\/trainingslager-gnas-2014\/thumbs\/thumbs_img_1104.jpg\"\n               data-image-id=\"6135\"\n               data-title=\"img_1104\"\n               data-description=\"\"\n               data-image-slug=\"img_1104\"\n               class=\"shutterset_ac4aa3065405eea2a5f91ba3c27290cd\">\n                <img\n                    title=\"img_1104\"\n                    alt=\"img_1104\"\n                    src=\"http:\/\/www.karate-neuhofen.at\/wp-content\/gallery\/trainingslager-gnas-2014\/thumbs\/thumbs_img_1104.jpg\"\n                    width=\"100\"\n                    height=\"66\"\n                    style=\"max-width:100%;\"\n                \/>\n            <\/a>\n        <\/div>\n\t\t\t\t\t\t\t<\/div> \n\t\t\t\n        \n\t\t\t\t<div id=\"ngg-image-104\" class=\"ngg-gallery-thumbnail-box\" >\n\t\t\t\t        <div class=\"ngg-gallery-thumbnail\">\n            <a href=\"http:\/\/www.karate-neuhofen.at\/wp-content\/gallery\/trainingslager-gnas-2014\/img_1105.jpg\"\n               title=\"\"\n               data-src=\"http:\/\/www.karate-neuhofen.at\/wp-content\/gallery\/trainingslager-gnas-2014\/img_1105.jpg\"\n               data-thumbnail=\"http:\/\/www.karate-neuhofen.at\/wp-content\/gallery\/trainingslager-gnas-2014\/thumbs\/thumbs_img_1105.jpg\"\n               data-image-id=\"6136\"\n               data-title=\"img_1105\"\n               data-description=\"\"\n               data-image-slug=\"img_1105\"\n               class=\"shutterset_ac4aa3065405eea2a5f91ba3c27290cd\">\n                <img\n                    title=\"img_1105\"\n                    alt=\"img_1105\"\n                    src=\"http:\/\/www.karate-neuhofen.at\/wp-content\/gallery\/trainingslager-gnas-2014\/thumbs\/thumbs_img_1105.jpg\"\n                    width=\"100\"\n                    height=\"66\"\n                    style=\"max-width:100%;\"\n                \/>\n            <\/a>\n        <\/div>\n\t\t\t\t\t\t\t<\/div> \n\t\t\t\n        \n\t\t\t\t<div id=\"ngg-image-105\" class=\"ngg-gallery-thumbnail-box\" >\n\t\t\t\t        <div class=\"ngg-gallery-thumbnail\">\n            <a href=\"http:\/\/www.karate-neuhofen.at\/wp-content\/gallery\/trainingslager-gnas-2014\/img_1106.jpg\"\n               title=\"\"\n               data-src=\"http:\/\/www.karate-neuhofen.at\/wp-content\/gallery\/trainingslager-gnas-2014\/img_1106.jpg\"\n               data-thumbnail=\"http:\/\/www.karate-neuhofen.at\/wp-content\/gallery\/trainingslager-gnas-2014\/thumbs\/thumbs_img_1106.jpg\"\n               data-image-id=\"6137\"\n               data-title=\"img_1106\"\n               data-description=\"\"\n               data-image-slug=\"img_1106\"\n               class=\"shutterset_ac4aa3065405eea2a5f91ba3c27290cd\">\n                <img\n                    title=\"img_1106\"\n                    alt=\"img_1106\"\n                    src=\"http:\/\/www.karate-neuhofen.at\/wp-content\/gallery\/trainingslager-gnas-2014\/thumbs\/thumbs_img_1106.jpg\"\n                    width=\"100\"\n                    height=\"66\"\n                    style=\"max-width:100%;\"\n                \/>\n            <\/a>\n        <\/div>\n\t\t\t\t\t\t\t<\/div> \n\t\t\t\n        \n\t\t\t\t<div id=\"ngg-image-106\" class=\"ngg-gallery-thumbnail-box\" >\n\t\t\t\t        <div class=\"ngg-gallery-thumbnail\">\n            <a href=\"http:\/\/www.karate-neuhofen.at\/wp-content\/gallery\/trainingslager-gnas-2014\/img_1107.jpg\"\n               title=\"\"\n               data-src=\"http:\/\/www.karate-neuhofen.at\/wp-content\/gallery\/trainingslager-gnas-2014\/img_1107.jpg\"\n               data-thumbnail=\"http:\/\/www.karate-neuhofen.at\/wp-content\/gallery\/trainingslager-gnas-2014\/thumbs\/thumbs_img_1107.jpg\"\n               data-image-id=\"6138\"\n               data-title=\"img_1107\"\n               data-description=\"\"\n               data-image-slug=\"img_1107\"\n               class=\"shutterset_ac4aa3065405eea2a5f91ba3c27290cd\">\n                <img\n                    title=\"img_1107\"\n                    alt=\"img_1107\"\n                    src=\"http:\/\/www.karate-neuhofen.at\/wp-content\/gallery\/trainingslager-gnas-2014\/thumbs\/thumbs_img_1107.jpg\"\n                    width=\"100\"\n                    height=\"66\"\n                    style=\"max-width:100%;\"\n                \/>\n            <\/a>\n        <\/div>\n\t\t\t\t\t\t\t<\/div> \n\t\t\t\n        \n\t\t\t\t<div id=\"ngg-image-107\" class=\"ngg-gallery-thumbnail-box\" >\n\t\t\t\t        <div class=\"ngg-gallery-thumbnail\">\n            <a href=\"http:\/\/www.karate-neuhofen.at\/wp-content\/gallery\/trainingslager-gnas-2014\/img_1108.jpg\"\n               title=\"\"\n               data-src=\"http:\/\/www.karate-neuhofen.at\/wp-content\/gallery\/trainingslager-gnas-2014\/img_1108.jpg\"\n               data-thumbnail=\"http:\/\/www.karate-neuhofen.at\/wp-content\/gallery\/trainingslager-gnas-2014\/thumbs\/thumbs_img_1108.jpg\"\n               data-image-id=\"6139\"\n               data-title=\"img_1108\"\n               data-description=\"\"\n               data-image-slug=\"img_1108\"\n               class=\"shutterset_ac4aa3065405eea2a5f91ba3c27290cd\">\n                <img\n                    title=\"img_1108\"\n                    alt=\"img_1108\"\n                    src=\"http:\/\/www.karate-neuhofen.at\/wp-content\/gallery\/trainingslager-gnas-2014\/thumbs\/thumbs_img_1108.jpg\"\n                    width=\"100\"\n                    height=\"66\"\n                    style=\"max-width:100%;\"\n                \/>\n            <\/a>\n        <\/div>\n\t\t\t\t\t\t\t<\/div> \n\t\t\t\n        \n\t\t\t\t<div id=\"ngg-image-108\" class=\"ngg-gallery-thumbnail-box\" >\n\t\t\t\t        <div class=\"ngg-gallery-thumbnail\">\n            <a href=\"http:\/\/www.karate-neuhofen.at\/wp-content\/gallery\/trainingslager-gnas-2014\/img_1109.jpg\"\n               title=\"\"\n               data-src=\"http:\/\/www.karate-neuhofen.at\/wp-content\/gallery\/trainingslager-gnas-2014\/img_1109.jpg\"\n               data-thumbnail=\"http:\/\/www.karate-neuhofen.at\/wp-content\/gallery\/trainingslager-gnas-2014\/thumbs\/thumbs_img_1109.jpg\"\n               data-image-id=\"6140\"\n               data-title=\"img_1109\"\n               data-description=\"\"\n               data-image-slug=\"img_1109\"\n               class=\"shutterset_ac4aa3065405eea2a5f91ba3c27290cd\">\n                <img\n                    title=\"img_1109\"\n                    alt=\"img_1109\"\n                    src=\"http:\/\/www.karate-neuhofen.at\/wp-content\/gallery\/trainingslager-gnas-2014\/thumbs\/thumbs_img_1109.jpg\"\n                    width=\"100\"\n                    height=\"66\"\n                    style=\"max-width:100%;\"\n                \/>\n            <\/a>\n        <\/div>\n\t\t\t\t\t\t\t<\/div> \n\t\t\t\n        \n\t\t\t\t<div id=\"ngg-image-109\" class=\"ngg-gallery-thumbnail-box\" >\n\t\t\t\t        <div class=\"ngg-gallery-thumbnail\">\n            <a href=\"http:\/\/www.karate-neuhofen.at\/wp-content\/gallery\/trainingslager-gnas-2014\/img_1110.jpg\"\n               title=\"\"\n               data-src=\"http:\/\/www.karate-neuhofen.at\/wp-content\/gallery\/trainingslager-gnas-2014\/img_1110.jpg\"\n               data-thumbnail=\"http:\/\/www.karate-neuhofen.at\/wp-content\/gallery\/trainingslager-gnas-2014\/thumbs\/thumbs_img_1110.jpg\"\n               data-image-id=\"6141\"\n               data-title=\"img_1110\"\n               data-description=\"\"\n               data-image-slug=\"img_1110\"\n               class=\"shutterset_ac4aa3065405eea2a5f91ba3c27290cd\">\n                <img\n                    title=\"img_1110\"\n                    alt=\"img_1110\"\n                    src=\"http:\/\/www.karate-neuhofen.at\/wp-content\/gallery\/trainingslager-gnas-2014\/thumbs\/thumbs_img_1110.jpg\"\n                    width=\"50\"\n                    height=\"75\"\n                    style=\"max-width:100%;\"\n                \/>\n            <\/a>\n        <\/div>\n\t\t\t\t\t\t\t<\/div> \n\t\t\t\n        \n\t\t\t\t<div id=\"ngg-image-110\" class=\"ngg-gallery-thumbnail-box\" >\n\t\t\t\t        <div class=\"ngg-gallery-thumbnail\">\n            <a href=\"http:\/\/www.karate-neuhofen.at\/wp-content\/gallery\/trainingslager-gnas-2014\/img_1111.jpg\"\n               title=\"\"\n               data-src=\"http:\/\/www.karate-neuhofen.at\/wp-content\/gallery\/trainingslager-gnas-2014\/img_1111.jpg\"\n               data-thumbnail=\"http:\/\/www.karate-neuhofen.at\/wp-content\/gallery\/trainingslager-gnas-2014\/thumbs\/thumbs_img_1111.jpg\"\n               data-image-id=\"6142\"\n               data-title=\"img_1111\"\n               data-description=\"\"\n               data-image-slug=\"img_1111\"\n               class=\"shutterset_ac4aa3065405eea2a5f91ba3c27290cd\">\n                <img\n                    title=\"img_1111\"\n                    alt=\"img_1111\"\n                    src=\"http:\/\/www.karate-neuhofen.at\/wp-content\/gallery\/trainingslager-gnas-2014\/thumbs\/thumbs_img_1111.jpg\"\n                    width=\"100\"\n                    height=\"66\"\n                    style=\"max-width:100%;\"\n                \/>\n            <\/a>\n        <\/div>\n\t\t\t\t\t\t\t<\/div> \n\t\t\t\n        \n\t\t\t\t<div id=\"ngg-image-111\" class=\"ngg-gallery-thumbnail-box\" >\n\t\t\t\t        <div class=\"ngg-gallery-thumbnail\">\n            <a href=\"http:\/\/www.karate-neuhofen.at\/wp-content\/gallery\/trainingslager-gnas-2014\/img_1112.jpg\"\n               title=\"\"\n               data-src=\"http:\/\/www.karate-neuhofen.at\/wp-content\/gallery\/trainingslager-gnas-2014\/img_1112.jpg\"\n               data-thumbnail=\"http:\/\/www.karate-neuhofen.at\/wp-content\/gallery\/trainingslager-gnas-2014\/thumbs\/thumbs_img_1112.jpg\"\n               data-image-id=\"6143\"\n               data-title=\"img_1112\"\n               data-description=\"\"\n               data-image-slug=\"img_1112\"\n               class=\"shutterset_ac4aa3065405eea2a5f91ba3c27290cd\">\n                <img\n                    title=\"img_1112\"\n                    alt=\"img_1112\"\n                    src=\"http:\/\/www.karate-neuhofen.at\/wp-content\/gallery\/trainingslager-gnas-2014\/thumbs\/thumbs_img_1112.jpg\"\n                    width=\"100\"\n                    height=\"66\"\n                    style=\"max-width:100%;\"\n                \/>\n            <\/a>\n        <\/div>\n\t\t\t\t\t\t\t<\/div> \n\t\t\t\n        \n\t\t\t\t<div id=\"ngg-image-112\" class=\"ngg-gallery-thumbnail-box\" >\n\t\t\t\t        <div class=\"ngg-gallery-thumbnail\">\n            <a href=\"http:\/\/www.karate-neuhofen.at\/wp-content\/gallery\/trainingslager-gnas-2014\/img_1113.jpg\"\n               title=\"\"\n               data-src=\"http:\/\/www.karate-neuhofen.at\/wp-content\/gallery\/trainingslager-gnas-2014\/img_1113.jpg\"\n               data-thumbnail=\"http:\/\/www.karate-neuhofen.at\/wp-content\/gallery\/trainingslager-gnas-2014\/thumbs\/thumbs_img_1113.jpg\"\n               data-image-id=\"6144\"\n               data-title=\"img_1113\"\n               data-description=\"\"\n               data-image-slug=\"img_1113\"\n               class=\"shutterset_ac4aa3065405eea2a5f91ba3c27290cd\">\n                <img\n                    title=\"img_1113\"\n                    alt=\"img_1113\"\n                    src=\"http:\/\/www.karate-neuhofen.at\/wp-content\/gallery\/trainingslager-gnas-2014\/thumbs\/thumbs_img_1113.jpg\"\n                    width=\"100\"\n                    height=\"66\"\n                    style=\"max-width:100%;\"\n                \/>\n            <\/a>\n        <\/div>\n\t\t\t\t\t\t\t<\/div> \n\t\t\t\n        \n\t\t\t\t<div id=\"ngg-image-113\" class=\"ngg-gallery-thumbnail-box\" >\n\t\t\t\t        <div class=\"ngg-gallery-thumbnail\">\n            <a href=\"http:\/\/www.karate-neuhofen.at\/wp-content\/gallery\/trainingslager-gnas-2014\/img_1114.jpg\"\n               title=\"\"\n               data-src=\"http:\/\/www.karate-neuhofen.at\/wp-content\/gallery\/trainingslager-gnas-2014\/img_1114.jpg\"\n               data-thumbnail=\"http:\/\/www.karate-neuhofen.at\/wp-content\/gallery\/trainingslager-gnas-2014\/thumbs\/thumbs_img_1114.jpg\"\n               data-image-id=\"6145\"\n               data-title=\"img_1114\"\n               data-description=\"\"\n               data-image-slug=\"img_1114\"\n               class=\"shutterset_ac4aa3065405eea2a5f91ba3c27290cd\">\n                <img\n                    title=\"img_1114\"\n                    alt=\"img_1114\"\n                    src=\"http:\/\/www.karate-neuhofen.at\/wp-content\/gallery\/trainingslager-gnas-2014\/thumbs\/thumbs_img_1114.jpg\"\n                    width=\"100\"\n                    height=\"66\"\n                    style=\"max-width:100%;\"\n                \/>\n            <\/a>\n        <\/div>\n\t\t\t\t\t\t\t<\/div> \n\t\t\t\n        \n\t\t\t\t<div id=\"ngg-image-114\" class=\"ngg-gallery-thumbnail-box\" >\n\t\t\t\t        <div class=\"ngg-gallery-thumbnail\">\n            <a href=\"http:\/\/www.karate-neuhofen.at\/wp-content\/gallery\/trainingslager-gnas-2014\/img_1115.jpg\"\n               title=\"\"\n               data-src=\"http:\/\/www.karate-neuhofen.at\/wp-content\/gallery\/trainingslager-gnas-2014\/img_1115.jpg\"\n               data-thumbnail=\"http:\/\/www.karate-neuhofen.at\/wp-content\/gallery\/trainingslager-gnas-2014\/thumbs\/thumbs_img_1115.jpg\"\n               data-image-id=\"6146\"\n               data-title=\"img_1115\"\n               data-description=\"\"\n               data-image-slug=\"img_1115\"\n               class=\"shutterset_ac4aa3065405eea2a5f91ba3c27290cd\">\n                <img\n                    title=\"img_1115\"\n                    alt=\"img_1115\"\n                    src=\"http:\/\/www.karate-neuhofen.at\/wp-content\/gallery\/trainingslager-gnas-2014\/thumbs\/thumbs_img_1115.jpg\"\n                    width=\"50\"\n                    height=\"75\"\n                    style=\"max-width:100%;\"\n                \/>\n            <\/a>\n        <\/div>\n\t\t\t\t\t\t\t<\/div> \n\t\t\t\n        \n\t\t\t\t<div id=\"ngg-image-115\" class=\"ngg-gallery-thumbnail-box\" >\n\t\t\t\t        <div class=\"ngg-gallery-thumbnail\">\n            <a href=\"http:\/\/www.karate-neuhofen.at\/wp-content\/gallery\/trainingslager-gnas-2014\/img_1116.jpg\"\n               title=\"\"\n               data-src=\"http:\/\/www.karate-neuhofen.at\/wp-content\/gallery\/trainingslager-gnas-2014\/img_1116.jpg\"\n               data-thumbnail=\"http:\/\/www.karate-neuhofen.at\/wp-content\/gallery\/trainingslager-gnas-2014\/thumbs\/thumbs_img_1116.jpg\"\n               data-image-id=\"6147\"\n               data-title=\"img_1116\"\n               data-description=\"\"\n               data-image-slug=\"img_1116\"\n               class=\"shutterset_ac4aa3065405eea2a5f91ba3c27290cd\">\n                <img\n                    title=\"img_1116\"\n                    alt=\"img_1116\"\n                    src=\"http:\/\/www.karate-neuhofen.at\/wp-content\/gallery\/trainingslager-gnas-2014\/thumbs\/thumbs_img_1116.jpg\"\n                    width=\"50\"\n                    height=\"75\"\n                    style=\"max-width:100%;\"\n                \/>\n            <\/a>\n        <\/div>\n\t\t\t\t\t\t\t<\/div> \n\t\t\t\n        \n\t\t\t\t<div id=\"ngg-image-116\" class=\"ngg-gallery-thumbnail-box\" >\n\t\t\t\t        <div class=\"ngg-gallery-thumbnail\">\n            <a href=\"http:\/\/www.karate-neuhofen.at\/wp-content\/gallery\/trainingslager-gnas-2014\/img_1117.jpg\"\n               title=\"\"\n               data-src=\"http:\/\/www.karate-neuhofen.at\/wp-content\/gallery\/trainingslager-gnas-2014\/img_1117.jpg\"\n               data-thumbnail=\"http:\/\/www.karate-neuhofen.at\/wp-content\/gallery\/trainingslager-gnas-2014\/thumbs\/thumbs_img_1117.jpg\"\n               data-image-id=\"6148\"\n               data-title=\"img_1117\"\n               data-description=\"\"\n               data-image-slug=\"img_1117\"\n               class=\"shutterset_ac4aa3065405eea2a5f91ba3c27290cd\">\n                <img\n                    title=\"img_1117\"\n                    alt=\"img_1117\"\n                    src=\"http:\/\/www.karate-neuhofen.at\/wp-content\/gallery\/trainingslager-gnas-2014\/thumbs\/thumbs_img_1117.jpg\"\n                    width=\"50\"\n                    height=\"75\"\n                    style=\"max-width:100%;\"\n                \/>\n            <\/a>\n        <\/div>\n\t\t\t\t\t\t\t<\/div> \n\t\t\t\n        \n\t\t\t\t<div id=\"ngg-image-117\" class=\"ngg-gallery-thumbnail-box\" >\n\t\t\t\t        <div class=\"ngg-gallery-thumbnail\">\n            <a href=\"http:\/\/www.karate-neuhofen.at\/wp-content\/gallery\/trainingslager-gnas-2014\/img_1118.jpg\"\n               title=\"\"\n               data-src=\"http:\/\/www.karate-neuhofen.at\/wp-content\/gallery\/trainingslager-gnas-2014\/img_1118.jpg\"\n               data-thumbnail=\"http:\/\/www.karate-neuhofen.at\/wp-content\/gallery\/trainingslager-gnas-2014\/thumbs\/thumbs_img_1118.jpg\"\n               data-image-id=\"6149\"\n               data-title=\"img_1118\"\n               data-description=\"\"\n               data-image-slug=\"img_1118\"\n               class=\"shutterset_ac4aa3065405eea2a5f91ba3c27290cd\">\n                <img\n                    title=\"img_1118\"\n                    alt=\"img_1118\"\n                    src=\"http:\/\/www.karate-neuhofen.at\/wp-content\/gallery\/trainingslager-gnas-2014\/thumbs\/thumbs_img_1118.jpg\"\n                    width=\"50\"\n                    height=\"75\"\n                    style=\"max-width:100%;\"\n                \/>\n            <\/a>\n        <\/div>\n\t\t\t\t\t\t\t<\/div> \n\t\t\t\n        \n\t\t\t\t<div id=\"ngg-image-118\" class=\"ngg-gallery-thumbnail-box\" >\n\t\t\t\t        <div class=\"ngg-gallery-thumbnail\">\n            <a href=\"http:\/\/www.karate-neuhofen.at\/wp-content\/gallery\/trainingslager-gnas-2014\/img_1119.jpg\"\n               title=\"\"\n               data-src=\"http:\/\/www.karate-neuhofen.at\/wp-content\/gallery\/trainingslager-gnas-2014\/img_1119.jpg\"\n               data-thumbnail=\"http:\/\/www.karate-neuhofen.at\/wp-content\/gallery\/trainingslager-gnas-2014\/thumbs\/thumbs_img_1119.jpg\"\n               data-image-id=\"6150\"\n               data-title=\"img_1119\"\n               data-description=\"\"\n               data-image-slug=\"img_1119\"\n               class=\"shutterset_ac4aa3065405eea2a5f91ba3c27290cd\">\n                <img\n                    title=\"img_1119\"\n                    alt=\"img_1119\"\n                    src=\"http:\/\/www.karate-neuhofen.at\/wp-content\/gallery\/trainingslager-gnas-2014\/thumbs\/thumbs_img_1119.jpg\"\n                    width=\"100\"\n                    height=\"66\"\n                    style=\"max-width:100%;\"\n                \/>\n            <\/a>\n        <\/div>\n\t\t\t\t\t\t\t<\/div> \n\t\t\t\n        \n\t\t\t\t<div id=\"ngg-image-119\" class=\"ngg-gallery-thumbnail-box\" >\n\t\t\t\t        <div class=\"ngg-gallery-thumbnail\">\n            <a href=\"http:\/\/www.karate-neuhofen.at\/wp-content\/gallery\/trainingslager-gnas-2014\/img_1120.jpg\"\n               title=\"\"\n               data-src=\"http:\/\/www.karate-neuhofen.at\/wp-content\/gallery\/trainingslager-gnas-2014\/img_1120.jpg\"\n               data-thumbnail=\"http:\/\/www.karate-neuhofen.at\/wp-content\/gallery\/trainingslager-gnas-2014\/thumbs\/thumbs_img_1120.jpg\"\n               data-image-id=\"6151\"\n               data-title=\"img_1120\"\n               data-description=\"\"\n               data-image-slug=\"img_1120\"\n               class=\"shutterset_ac4aa3065405eea2a5f91ba3c27290cd\">\n                <img\n                    title=\"img_1120\"\n                    alt=\"img_1120\"\n                    src=\"http:\/\/www.karate-neuhofen.at\/wp-content\/gallery\/trainingslager-gnas-2014\/thumbs\/thumbs_img_1120.jpg\"\n                    width=\"100\"\n                    height=\"66\"\n                    style=\"max-width:100%;\"\n                \/>\n            <\/a>\n        <\/div>\n\t\t\t\t\t\t\t<\/div> \n\t\t\t\n        \n\t\t\t\t<div id=\"ngg-image-120\" class=\"ngg-gallery-thumbnail-box\" >\n\t\t\t\t        <div class=\"ngg-gallery-thumbnail\">\n            <a href=\"http:\/\/www.karate-neuhofen.at\/wp-content\/gallery\/trainingslager-gnas-2014\/img_1121.jpg\"\n               title=\"\"\n               data-src=\"http:\/\/www.karate-neuhofen.at\/wp-content\/gallery\/trainingslager-gnas-2014\/img_1121.jpg\"\n               data-thumbnail=\"http:\/\/www.karate-neuhofen.at\/wp-content\/gallery\/trainingslager-gnas-2014\/thumbs\/thumbs_img_1121.jpg\"\n               data-image-id=\"6152\"\n               data-title=\"img_1121\"\n               data-description=\"\"\n               data-image-slug=\"img_1121\"\n               class=\"shutterset_ac4aa3065405eea2a5f91ba3c27290cd\">\n                <img\n                    title=\"img_1121\"\n                    alt=\"img_1121\"\n                    src=\"http:\/\/www.karate-neuhofen.at\/wp-content\/gallery\/trainingslager-gnas-2014\/thumbs\/thumbs_img_1121.jpg\"\n                    width=\"100\"\n                    height=\"66\"\n                    style=\"max-width:100%;\"\n                \/>\n            <\/a>\n        <\/div>\n\t\t\t\t\t\t\t<\/div> \n\t\t\t\n        \n\t\t\t\t<div id=\"ngg-image-121\" class=\"ngg-gallery-thumbnail-box\" >\n\t\t\t\t        <div class=\"ngg-gallery-thumbnail\">\n            <a href=\"http:\/\/www.karate-neuhofen.at\/wp-content\/gallery\/trainingslager-gnas-2014\/img_1122.jpg\"\n               title=\"\"\n               data-src=\"http:\/\/www.karate-neuhofen.at\/wp-content\/gallery\/trainingslager-gnas-2014\/img_1122.jpg\"\n               data-thumbnail=\"http:\/\/www.karate-neuhofen.at\/wp-content\/gallery\/trainingslager-gnas-2014\/thumbs\/thumbs_img_1122.jpg\"\n               data-image-id=\"6153\"\n               data-title=\"img_1122\"\n               data-description=\"\"\n               data-image-slug=\"img_1122\"\n               class=\"shutterset_ac4aa3065405eea2a5f91ba3c27290cd\">\n                <img\n                    title=\"img_1122\"\n                    alt=\"img_1122\"\n                    src=\"http:\/\/www.karate-neuhofen.at\/wp-content\/gallery\/trainingslager-gnas-2014\/thumbs\/thumbs_img_1122.jpg\"\n                    width=\"100\"\n                    height=\"66\"\n                    style=\"max-width:100%;\"\n                \/>\n            <\/a>\n        <\/div>\n\t\t\t\t\t\t\t<\/div> \n\t\t\t\n        \n\t\t\t\t<div id=\"ngg-image-122\" class=\"ngg-gallery-thumbnail-box\" >\n\t\t\t\t        <div class=\"ngg-gallery-thumbnail\">\n            <a href=\"http:\/\/www.karate-neuhofen.at\/wp-content\/gallery\/trainingslager-gnas-2014\/img_1123.jpg\"\n               title=\"\"\n               data-src=\"http:\/\/www.karate-neuhofen.at\/wp-content\/gallery\/trainingslager-gnas-2014\/img_1123.jpg\"\n               data-thumbnail=\"http:\/\/www.karate-neuhofen.at\/wp-content\/gallery\/trainingslager-gnas-2014\/thumbs\/thumbs_img_1123.jpg\"\n               data-image-id=\"6154\"\n               data-title=\"img_1123\"\n               data-description=\"\"\n               data-image-slug=\"img_1123\"\n               class=\"shutterset_ac4aa3065405eea2a5f91ba3c27290cd\">\n                <img\n                    title=\"img_1123\"\n                    alt=\"img_1123\"\n                    src=\"http:\/\/www.karate-neuhofen.at\/wp-content\/gallery\/trainingslager-gnas-2014\/thumbs\/thumbs_img_1123.jpg\"\n                    width=\"100\"\n                    height=\"66\"\n                    style=\"max-width:100%;\"\n                \/>\n            <\/a>\n        <\/div>\n\t\t\t\t\t\t\t<\/div> \n\t\t\t\n        \n\t\t\t\t<div id=\"ngg-image-123\" class=\"ngg-gallery-thumbnail-box\" >\n\t\t\t\t        <div class=\"ngg-gallery-thumbnail\">\n            <a href=\"http:\/\/www.karate-neuhofen.at\/wp-content\/gallery\/trainingslager-gnas-2014\/img_1124.jpg\"\n               title=\"\"\n               data-src=\"http:\/\/www.karate-neuhofen.at\/wp-content\/gallery\/trainingslager-gnas-2014\/img_1124.jpg\"\n               data-thumbnail=\"http:\/\/www.karate-neuhofen.at\/wp-content\/gallery\/trainingslager-gnas-2014\/thumbs\/thumbs_img_1124.jpg\"\n               data-image-id=\"6155\"\n               data-title=\"img_1124\"\n               data-description=\"\"\n               data-image-slug=\"img_1124\"\n               class=\"shutterset_ac4aa3065405eea2a5f91ba3c27290cd\">\n                <img\n                    title=\"img_1124\"\n                    alt=\"img_1124\"\n                    src=\"http:\/\/www.karate-neuhofen.at\/wp-content\/gallery\/trainingslager-gnas-2014\/thumbs\/thumbs_img_1124.jpg\"\n                    width=\"100\"\n                    height=\"66\"\n                    style=\"max-width:100%;\"\n                \/>\n            <\/a>\n        <\/div>\n\t\t\t\t\t\t\t<\/div> \n\t\t\t\n        \n\t\t\t\t<div id=\"ngg-image-124\" class=\"ngg-gallery-thumbnail-box\" >\n\t\t\t\t        <div class=\"ngg-gallery-thumbnail\">\n            <a href=\"http:\/\/www.karate-neuhofen.at\/wp-content\/gallery\/trainingslager-gnas-2014\/img_1125.jpg\"\n               title=\"\"\n               data-src=\"http:\/\/www.karate-neuhofen.at\/wp-content\/gallery\/trainingslager-gnas-2014\/img_1125.jpg\"\n               data-thumbnail=\"http:\/\/www.karate-neuhofen.at\/wp-content\/gallery\/trainingslager-gnas-2014\/thumbs\/thumbs_img_1125.jpg\"\n               data-image-id=\"6156\"\n               data-title=\"img_1125\"\n               data-description=\"\"\n               data-image-slug=\"img_1125\"\n               class=\"shutterset_ac4aa3065405eea2a5f91ba3c27290cd\">\n                <img\n                    title=\"img_1125\"\n                    alt=\"img_1125\"\n                    src=\"http:\/\/www.karate-neuhofen.at\/wp-content\/gallery\/trainingslager-gnas-2014\/thumbs\/thumbs_img_1125.jpg\"\n                    width=\"100\"\n                    height=\"66\"\n                    style=\"max-width:100%;\"\n                \/>\n            <\/a>\n        <\/div>\n\t\t\t\t\t\t\t<\/div> \n\t\t\t\n        \n\t\t\t\t<div id=\"ngg-image-125\" class=\"ngg-gallery-thumbnail-box\" >\n\t\t\t\t        <div class=\"ngg-gallery-thumbnail\">\n            <a href=\"http:\/\/www.karate-neuhofen.at\/wp-content\/gallery\/trainingslager-gnas-2014\/img_1126.jpg\"\n               title=\"\"\n               data-src=\"http:\/\/www.karate-neuhofen.at\/wp-content\/gallery\/trainingslager-gnas-2014\/img_1126.jpg\"\n               data-thumbnail=\"http:\/\/www.karate-neuhofen.at\/wp-content\/gallery\/trainingslager-gnas-2014\/thumbs\/thumbs_img_1126.jpg\"\n               data-image-id=\"6157\"\n               data-title=\"img_1126\"\n               data-description=\"\"\n               data-image-slug=\"img_1126\"\n               class=\"shutterset_ac4aa3065405eea2a5f91ba3c27290cd\">\n                <img\n                    title=\"img_1126\"\n                    alt=\"img_1126\"\n                    src=\"http:\/\/www.karate-neuhofen.at\/wp-content\/gallery\/trainingslager-gnas-2014\/thumbs\/thumbs_img_1126.jpg\"\n                    width=\"100\"\n                    height=\"66\"\n                    style=\"max-width:100%;\"\n                \/>\n            <\/a>\n        <\/div>\n\t\t\t\t\t\t\t<\/div> \n\t\t\t\n        \n\t\t\t\t<div id=\"ngg-image-126\" class=\"ngg-gallery-thumbnail-box\" >\n\t\t\t\t        <div class=\"ngg-gallery-thumbnail\">\n            <a href=\"http:\/\/www.karate-neuhofen.at\/wp-content\/gallery\/trainingslager-gnas-2014\/img_1127.jpg\"\n               title=\"\"\n               data-src=\"http:\/\/www.karate-neuhofen.at\/wp-content\/gallery\/trainingslager-gnas-2014\/img_1127.jpg\"\n               data-thumbnail=\"http:\/\/www.karate-neuhofen.at\/wp-content\/gallery\/trainingslager-gnas-2014\/thumbs\/thumbs_img_1127.jpg\"\n               data-image-id=\"6158\"\n               data-title=\"img_1127\"\n               data-description=\"\"\n               data-image-slug=\"img_1127\"\n               class=\"shutterset_ac4aa3065405eea2a5f91ba3c27290cd\">\n                <img\n                    title=\"img_1127\"\n                    alt=\"img_1127\"\n                    src=\"http:\/\/www.karate-neuhofen.at\/wp-content\/gallery\/trainingslager-gnas-2014\/thumbs\/thumbs_img_1127.jpg\"\n                    width=\"100\"\n                    height=\"66\"\n                    style=\"max-width:100%;\"\n                \/>\n            <\/a>\n        <\/div>\n\t\t\t\t\t\t\t<\/div> \n\t\t\t\n        \n\t\t\t\t<div id=\"ngg-image-127\" class=\"ngg-gallery-thumbnail-box\" >\n\t\t\t\t        <div class=\"ngg-gallery-thumbnail\">\n            <a href=\"http:\/\/www.karate-neuhofen.at\/wp-content\/gallery\/trainingslager-gnas-2014\/img_1128.jpg\"\n               title=\"\"\n               data-src=\"http:\/\/www.karate-neuhofen.at\/wp-content\/gallery\/trainingslager-gnas-2014\/img_1128.jpg\"\n               data-thumbnail=\"http:\/\/www.karate-neuhofen.at\/wp-content\/gallery\/trainingslager-gnas-2014\/thumbs\/thumbs_img_1128.jpg\"\n               data-image-id=\"6159\"\n               data-title=\"img_1128\"\n               data-description=\"\"\n               data-image-slug=\"img_1128\"\n               class=\"shutterset_ac4aa3065405eea2a5f91ba3c27290cd\">\n                <img\n                    title=\"img_1128\"\n                    alt=\"img_1128\"\n                    src=\"http:\/\/www.karate-neuhofen.at\/wp-content\/gallery\/trainingslager-gnas-2014\/thumbs\/thumbs_img_1128.jpg\"\n                    width=\"100\"\n                    height=\"66\"\n                    style=\"max-width:100%;\"\n                \/>\n            <\/a>\n        <\/div>\n\t\t\t\t\t\t\t<\/div> \n\t\t\t\n        \n\t\t\t\t<div id=\"ngg-image-128\" class=\"ngg-gallery-thumbnail-box\" >\n\t\t\t\t        <div class=\"ngg-gallery-thumbnail\">\n            <a href=\"http:\/\/www.karate-neuhofen.at\/wp-content\/gallery\/trainingslager-gnas-2014\/img_1129.jpg\"\n               title=\"\"\n               data-src=\"http:\/\/www.karate-neuhofen.at\/wp-content\/gallery\/trainingslager-gnas-2014\/img_1129.jpg\"\n               data-thumbnail=\"http:\/\/www.karate-neuhofen.at\/wp-content\/gallery\/trainingslager-gnas-2014\/thumbs\/thumbs_img_1129.jpg\"\n               data-image-id=\"6160\"\n               data-title=\"img_1129\"\n               data-description=\"\"\n               data-image-slug=\"img_1129\"\n               class=\"shutterset_ac4aa3065405eea2a5f91ba3c27290cd\">\n                <img\n                    title=\"img_1129\"\n                    alt=\"img_1129\"\n                    src=\"http:\/\/www.karate-neuhofen.at\/wp-content\/gallery\/trainingslager-gnas-2014\/thumbs\/thumbs_img_1129.jpg\"\n                    width=\"100\"\n                    height=\"66\"\n                    style=\"max-width:100%;\"\n                \/>\n            <\/a>\n        <\/div>\n\t\t\t\t\t\t\t<\/div> \n\t\t\t\n        \n\t\t\t\t<div id=\"ngg-image-129\" class=\"ngg-gallery-thumbnail-box\" >\n\t\t\t\t        <div class=\"ngg-gallery-thumbnail\">\n            <a href=\"http:\/\/www.karate-neuhofen.at\/wp-content\/gallery\/trainingslager-gnas-2014\/img_1130.jpg\"\n               title=\"\"\n               data-src=\"http:\/\/www.karate-neuhofen.at\/wp-content\/gallery\/trainingslager-gnas-2014\/img_1130.jpg\"\n               data-thumbnail=\"http:\/\/www.karate-neuhofen.at\/wp-content\/gallery\/trainingslager-gnas-2014\/thumbs\/thumbs_img_1130.jpg\"\n               data-image-id=\"6161\"\n               data-title=\"img_1130\"\n               data-description=\"\"\n               data-image-slug=\"img_1130\"\n               class=\"shutterset_ac4aa3065405eea2a5f91ba3c27290cd\">\n                <img\n                    title=\"img_1130\"\n                    alt=\"img_1130\"\n                    src=\"http:\/\/www.karate-neuhofen.at\/wp-content\/gallery\/trainingslager-gnas-2014\/thumbs\/thumbs_img_1130.jpg\"\n                    width=\"50\"\n                    height=\"75\"\n                    style=\"max-width:100%;\"\n                \/>\n            <\/a>\n        <\/div>\n\t\t\t\t\t\t\t<\/div> \n\t\t\t\n        \n\t\t\t\t<div id=\"ngg-image-130\" class=\"ngg-gallery-thumbnail-box\" >\n\t\t\t\t        <div class=\"ngg-gallery-thumbnail\">\n            <a href=\"http:\/\/www.karate-neuhofen.at\/wp-content\/gallery\/trainingslager-gnas-2014\/img_1131.jpg\"\n               title=\"\"\n               data-src=\"http:\/\/www.karate-neuhofen.at\/wp-content\/gallery\/trainingslager-gnas-2014\/img_1131.jpg\"\n               data-thumbnail=\"http:\/\/www.karate-neuhofen.at\/wp-content\/gallery\/trainingslager-gnas-2014\/thumbs\/thumbs_img_1131.jpg\"\n               data-image-id=\"6162\"\n               data-title=\"img_1131\"\n               data-description=\"\"\n               data-image-slug=\"img_1131\"\n               class=\"shutterset_ac4aa3065405eea2a5f91ba3c27290cd\">\n                <img\n                    title=\"img_1131\"\n                    alt=\"img_1131\"\n                    src=\"http:\/\/www.karate-neuhofen.at\/wp-content\/gallery\/trainingslager-gnas-2014\/thumbs\/thumbs_img_1131.jpg\"\n                    width=\"100\"\n                    height=\"66\"\n                    style=\"max-width:100%;\"\n                \/>\n            <\/a>\n        <\/div>\n\t\t\t\t\t\t\t<\/div> \n\t\t\t\n        \n\t\t\t\t<div id=\"ngg-image-131\" class=\"ngg-gallery-thumbnail-box\" >\n\t\t\t\t        <div class=\"ngg-gallery-thumbnail\">\n            <a href=\"http:\/\/www.karate-neuhofen.at\/wp-content\/gallery\/trainingslager-gnas-2014\/img_1132.jpg\"\n               title=\"\"\n               data-src=\"http:\/\/www.karate-neuhofen.at\/wp-content\/gallery\/trainingslager-gnas-2014\/img_1132.jpg\"\n               data-thumbnail=\"http:\/\/www.karate-neuhofen.at\/wp-content\/gallery\/trainingslager-gnas-2014\/thumbs\/thumbs_img_1132.jpg\"\n               data-image-id=\"6163\"\n               data-title=\"img_1132\"\n               data-description=\"\"\n               data-image-slug=\"img_1132\"\n               class=\"shutterset_ac4aa3065405eea2a5f91ba3c27290cd\">\n                <img\n                    title=\"img_1132\"\n                    alt=\"img_1132\"\n                    src=\"http:\/\/www.karate-neuhofen.at\/wp-content\/gallery\/trainingslager-gnas-2014\/thumbs\/thumbs_img_1132.jpg\"\n                    width=\"50\"\n                    height=\"75\"\n                    style=\"max-width:100%;\"\n                \/>\n            <\/a>\n        <\/div>\n\t\t\t\t\t\t\t<\/div> \n\t\t\t\n        \n\t\t\t\t<div id=\"ngg-image-132\" class=\"ngg-gallery-thumbnail-box\" >\n\t\t\t\t        <div class=\"ngg-gallery-thumbnail\">\n            <a href=\"http:\/\/www.karate-neuhofen.at\/wp-content\/gallery\/trainingslager-gnas-2014\/img_1133.jpg\"\n               title=\"\"\n               data-src=\"http:\/\/www.karate-neuhofen.at\/wp-content\/gallery\/trainingslager-gnas-2014\/img_1133.jpg\"\n               data-thumbnail=\"http:\/\/www.karate-neuhofen.at\/wp-content\/gallery\/trainingslager-gnas-2014\/thumbs\/thumbs_img_1133.jpg\"\n               data-image-id=\"6164\"\n               data-title=\"img_1133\"\n               data-description=\"\"\n               data-image-slug=\"img_1133\"\n               class=\"shutterset_ac4aa3065405eea2a5f91ba3c27290cd\">\n                <img\n                    title=\"img_1133\"\n                    alt=\"img_1133\"\n                    src=\"http:\/\/www.karate-neuhofen.at\/wp-content\/gallery\/trainingslager-gnas-2014\/thumbs\/thumbs_img_1133.jpg\"\n                    width=\"100\"\n                    height=\"66\"\n                    style=\"max-width:100%;\"\n                \/>\n            <\/a>\n        <\/div>\n\t\t\t\t\t\t\t<\/div> \n\t\t\t\n        \n\t\t\t\t<div id=\"ngg-image-133\" class=\"ngg-gallery-thumbnail-box\" >\n\t\t\t\t        <div class=\"ngg-gallery-thumbnail\">\n            <a href=\"http:\/\/www.karate-neuhofen.at\/wp-content\/gallery\/trainingslager-gnas-2014\/img_1134.jpg\"\n               title=\"\"\n               data-src=\"http:\/\/www.karate-neuhofen.at\/wp-content\/gallery\/trainingslager-gnas-2014\/img_1134.jpg\"\n               data-thumbnail=\"http:\/\/www.karate-neuhofen.at\/wp-content\/gallery\/trainingslager-gnas-2014\/thumbs\/thumbs_img_1134.jpg\"\n               data-image-id=\"6165\"\n               data-title=\"img_1134\"\n               data-description=\"\"\n               data-image-slug=\"img_1134\"\n               class=\"shutterset_ac4aa3065405eea2a5f91ba3c27290cd\">\n                <img\n                    title=\"img_1134\"\n                    alt=\"img_1134\"\n                    src=\"http:\/\/www.karate-neuhofen.at\/wp-content\/gallery\/trainingslager-gnas-2014\/thumbs\/thumbs_img_1134.jpg\"\n                    width=\"50\"\n                    height=\"75\"\n                    style=\"max-width:100%;\"\n                \/>\n            <\/a>\n        <\/div>\n\t\t\t\t\t\t\t<\/div> \n\t\t\t\n        \n\t\t\t\t<div id=\"ngg-image-134\" class=\"ngg-gallery-thumbnail-box\" >\n\t\t\t\t        <div class=\"ngg-gallery-thumbnail\">\n            <a href=\"http:\/\/www.karate-neuhofen.at\/wp-content\/gallery\/trainingslager-gnas-2014\/img_1135.jpg\"\n               title=\"\"\n               data-src=\"http:\/\/www.karate-neuhofen.at\/wp-content\/gallery\/trainingslager-gnas-2014\/img_1135.jpg\"\n               data-thumbnail=\"http:\/\/www.karate-neuhofen.at\/wp-content\/gallery\/trainingslager-gnas-2014\/thumbs\/thumbs_img_1135.jpg\"\n               data-image-id=\"6166\"\n               data-title=\"img_1135\"\n               data-description=\"\"\n               data-image-slug=\"img_1135\"\n               class=\"shutterset_ac4aa3065405eea2a5f91ba3c27290cd\">\n                <img\n                    title=\"img_1135\"\n                    alt=\"img_1135\"\n                    src=\"http:\/\/www.karate-neuhofen.at\/wp-content\/gallery\/trainingslager-gnas-2014\/thumbs\/thumbs_img_1135.jpg\"\n                    width=\"100\"\n                    height=\"66\"\n                    style=\"max-width:100%;\"\n                \/>\n            <\/a>\n        <\/div>\n\t\t\t\t\t\t\t<\/div> \n\t\t\t\n        \n\t\t\t\t<div id=\"ngg-image-135\" class=\"ngg-gallery-thumbnail-box\" >\n\t\t\t\t        <div class=\"ngg-gallery-thumbnail\">\n            <a href=\"http:\/\/www.karate-neuhofen.at\/wp-content\/gallery\/trainingslager-gnas-2014\/img_1136.jpg\"\n               title=\"\"\n               data-src=\"http:\/\/www.karate-neuhofen.at\/wp-content\/gallery\/trainingslager-gnas-2014\/img_1136.jpg\"\n               data-thumbnail=\"http:\/\/www.karate-neuhofen.at\/wp-content\/gallery\/trainingslager-gnas-2014\/thumbs\/thumbs_img_1136.jpg\"\n               data-image-id=\"6167\"\n               data-title=\"img_1136\"\n               data-description=\"\"\n               data-image-slug=\"img_1136\"\n               class=\"shutterset_ac4aa3065405eea2a5f91ba3c27290cd\">\n                <img\n                    title=\"img_1136\"\n                    alt=\"img_1136\"\n                    src=\"http:\/\/www.karate-neuhofen.at\/wp-content\/gallery\/trainingslager-gnas-2014\/thumbs\/thumbs_img_1136.jpg\"\n                    width=\"100\"\n                    height=\"66\"\n                    style=\"max-width:100%;\"\n                \/>\n            <\/a>\n        <\/div>\n\t\t\t\t\t\t\t<\/div> \n\t\t\t\n        \n\t\t\t\t<div id=\"ngg-image-136\" class=\"ngg-gallery-thumbnail-box\" >\n\t\t\t\t        <div class=\"ngg-gallery-thumbnail\">\n            <a href=\"http:\/\/www.karate-neuhofen.at\/wp-content\/gallery\/trainingslager-gnas-2014\/img_1137.jpg\"\n               title=\"\"\n               data-src=\"http:\/\/www.karate-neuhofen.at\/wp-content\/gallery\/trainingslager-gnas-2014\/img_1137.jpg\"\n               data-thumbnail=\"http:\/\/www.karate-neuhofen.at\/wp-content\/gallery\/trainingslager-gnas-2014\/thumbs\/thumbs_img_1137.jpg\"\n               data-image-id=\"6168\"\n               data-title=\"img_1137\"\n               data-description=\"\"\n               data-image-slug=\"img_1137\"\n               class=\"shutterset_ac4aa3065405eea2a5f91ba3c27290cd\">\n                <img\n                    title=\"img_1137\"\n                    alt=\"img_1137\"\n                    src=\"http:\/\/www.karate-neuhofen.at\/wp-content\/gallery\/trainingslager-gnas-2014\/thumbs\/thumbs_img_1137.jpg\"\n                    width=\"100\"\n                    height=\"66\"\n                    style=\"max-width:100%;\"\n                \/>\n            <\/a>\n        <\/div>\n\t\t\t\t\t\t\t<\/div> \n\t\t\t\n        \n\t\t\t\t<div id=\"ngg-image-137\" class=\"ngg-gallery-thumbnail-box\" >\n\t\t\t\t        <div class=\"ngg-gallery-thumbnail\">\n            <a href=\"http:\/\/www.karate-neuhofen.at\/wp-content\/gallery\/trainingslager-gnas-2014\/img_1138.jpg\"\n               title=\"\"\n               data-src=\"http:\/\/www.karate-neuhofen.at\/wp-content\/gallery\/trainingslager-gnas-2014\/img_1138.jpg\"\n               data-thumbnail=\"http:\/\/www.karate-neuhofen.at\/wp-content\/gallery\/trainingslager-gnas-2014\/thumbs\/thumbs_img_1138.jpg\"\n               data-image-id=\"6169\"\n               data-title=\"img_1138\"\n               data-description=\"\"\n               data-image-slug=\"img_1138\"\n               class=\"shutterset_ac4aa3065405eea2a5f91ba3c27290cd\">\n                <img\n                    title=\"img_1138\"\n                    alt=\"img_1138\"\n                    src=\"http:\/\/www.karate-neuhofen.at\/wp-content\/gallery\/trainingslager-gnas-2014\/thumbs\/thumbs_img_1138.jpg\"\n                    width=\"100\"\n                    height=\"66\"\n                    style=\"max-width:100%;\"\n                \/>\n            <\/a>\n        <\/div>\n\t\t\t\t\t\t\t<\/div> \n\t\t\t\n        \n\t\t\t\t<div id=\"ngg-image-138\" class=\"ngg-gallery-thumbnail-box\" >\n\t\t\t\t        <div class=\"ngg-gallery-thumbnail\">\n            <a href=\"http:\/\/www.karate-neuhofen.at\/wp-content\/gallery\/trainingslager-gnas-2014\/img_1139.jpg\"\n               title=\"\"\n               data-src=\"http:\/\/www.karate-neuhofen.at\/wp-content\/gallery\/trainingslager-gnas-2014\/img_1139.jpg\"\n               data-thumbnail=\"http:\/\/www.karate-neuhofen.at\/wp-content\/gallery\/trainingslager-gnas-2014\/thumbs\/thumbs_img_1139.jpg\"\n               data-image-id=\"6170\"\n               data-title=\"img_1139\"\n               data-description=\"\"\n               data-image-slug=\"img_1139\"\n               class=\"shutterset_ac4aa3065405eea2a5f91ba3c27290cd\">\n                <img\n                    title=\"img_1139\"\n                    alt=\"img_1139\"\n                    src=\"http:\/\/www.karate-neuhofen.at\/wp-content\/gallery\/trainingslager-gnas-2014\/thumbs\/thumbs_img_1139.jpg\"\n                    width=\"100\"\n                    height=\"66\"\n                    style=\"max-width:100%;\"\n                \/>\n            <\/a>\n        <\/div>\n\t\t\t\t\t\t\t<\/div> \n\t\t\t\n        \n\t\t\t\t<div id=\"ngg-image-139\" class=\"ngg-gallery-thumbnail-box\" >\n\t\t\t\t        <div class=\"ngg-gallery-thumbnail\">\n            <a href=\"http:\/\/www.karate-neuhofen.at\/wp-content\/gallery\/trainingslager-gnas-2014\/img_1140.jpg\"\n               title=\"\"\n               data-src=\"http:\/\/www.karate-neuhofen.at\/wp-content\/gallery\/trainingslager-gnas-2014\/img_1140.jpg\"\n               data-thumbnail=\"http:\/\/www.karate-neuhofen.at\/wp-content\/gallery\/trainingslager-gnas-2014\/thumbs\/thumbs_img_1140.jpg\"\n               data-image-id=\"6171\"\n               data-title=\"img_1140\"\n               data-description=\"\"\n               data-image-slug=\"img_1140\"\n               class=\"shutterset_ac4aa3065405eea2a5f91ba3c27290cd\">\n                <img\n                    title=\"img_1140\"\n                    alt=\"img_1140\"\n                    src=\"http:\/\/www.karate-neuhofen.at\/wp-content\/gallery\/trainingslager-gnas-2014\/thumbs\/thumbs_img_1140.jpg\"\n                    width=\"100\"\n                    height=\"66\"\n                    style=\"max-width:100%;\"\n                \/>\n            <\/a>\n        <\/div>\n\t\t\t\t\t\t\t<\/div> \n\t\t\t\n        \n\t\t\t\t<div id=\"ngg-image-140\" class=\"ngg-gallery-thumbnail-box\" >\n\t\t\t\t        <div class=\"ngg-gallery-thumbnail\">\n            <a href=\"http:\/\/www.karate-neuhofen.at\/wp-content\/gallery\/trainingslager-gnas-2014\/img_1141.jpg\"\n               title=\"\"\n               data-src=\"http:\/\/www.karate-neuhofen.at\/wp-content\/gallery\/trainingslager-gnas-2014\/img_1141.jpg\"\n               data-thumbnail=\"http:\/\/www.karate-neuhofen.at\/wp-content\/gallery\/trainingslager-gnas-2014\/thumbs\/thumbs_img_1141.jpg\"\n               data-image-id=\"6172\"\n               data-title=\"img_1141\"\n               data-description=\"\"\n               data-image-slug=\"img_1141\"\n               class=\"shutterset_ac4aa3065405eea2a5f91ba3c27290cd\">\n                <img\n                    title=\"img_1141\"\n                    alt=\"img_1141\"\n                    src=\"http:\/\/www.karate-neuhofen.at\/wp-content\/gallery\/trainingslager-gnas-2014\/thumbs\/thumbs_img_1141.jpg\"\n                    width=\"100\"\n                    height=\"66\"\n                    style=\"max-width:100%;\"\n                \/>\n            <\/a>\n        <\/div>\n\t\t\t\t\t\t\t<\/div> \n\t\t\t\n        \n\t\t\t\t<div id=\"ngg-image-141\" class=\"ngg-gallery-thumbnail-box\" >\n\t\t\t\t        <div class=\"ngg-gallery-thumbnail\">\n            <a href=\"http:\/\/www.karate-neuhofen.at\/wp-content\/gallery\/trainingslager-gnas-2014\/img_1142.jpg\"\n               title=\"\"\n               data-src=\"http:\/\/www.karate-neuhofen.at\/wp-content\/gallery\/trainingslager-gnas-2014\/img_1142.jpg\"\n               data-thumbnail=\"http:\/\/www.karate-neuhofen.at\/wp-content\/gallery\/trainingslager-gnas-2014\/thumbs\/thumbs_img_1142.jpg\"\n               data-image-id=\"6173\"\n               data-title=\"img_1142\"\n               data-description=\"\"\n               data-image-slug=\"img_1142\"\n               class=\"shutterset_ac4aa3065405eea2a5f91ba3c27290cd\">\n                <img\n                    title=\"img_1142\"\n                    alt=\"img_1142\"\n                    src=\"http:\/\/www.karate-neuhofen.at\/wp-content\/gallery\/trainingslager-gnas-2014\/thumbs\/thumbs_img_1142.jpg\"\n                    width=\"100\"\n                    height=\"66\"\n                    style=\"max-width:100%;\"\n                \/>\n            <\/a>\n        <\/div>\n\t\t\t\t\t\t\t<\/div> \n\t\t\t\n        \n\t\t\t\t<div id=\"ngg-image-142\" class=\"ngg-gallery-thumbnail-box\" >\n\t\t\t\t        <div class=\"ngg-gallery-thumbnail\">\n            <a href=\"http:\/\/www.karate-neuhofen.at\/wp-content\/gallery\/trainingslager-gnas-2014\/img_1143.jpg\"\n               title=\"\"\n               data-src=\"http:\/\/www.karate-neuhofen.at\/wp-content\/gallery\/trainingslager-gnas-2014\/img_1143.jpg\"\n               data-thumbnail=\"http:\/\/www.karate-neuhofen.at\/wp-content\/gallery\/trainingslager-gnas-2014\/thumbs\/thumbs_img_1143.jpg\"\n               data-image-id=\"6174\"\n               data-title=\"img_1143\"\n               data-description=\"\"\n               data-image-slug=\"img_1143\"\n               class=\"shutterset_ac4aa3065405eea2a5f91ba3c27290cd\">\n                <img\n                    title=\"img_1143\"\n                    alt=\"img_1143\"\n                    src=\"http:\/\/www.karate-neuhofen.at\/wp-content\/gallery\/trainingslager-gnas-2014\/thumbs\/thumbs_img_1143.jpg\"\n                    width=\"100\"\n                    height=\"66\"\n                    style=\"max-width:100%;\"\n                \/>\n            <\/a>\n        <\/div>\n\t\t\t\t\t\t\t<\/div> \n\t\t\t\n        \n\t\t\t\t<div id=\"ngg-image-143\" class=\"ngg-gallery-thumbnail-box\" >\n\t\t\t\t        <div class=\"ngg-gallery-thumbnail\">\n            <a href=\"http:\/\/www.karate-neuhofen.at\/wp-content\/gallery\/trainingslager-gnas-2014\/img_1144.jpg\"\n               title=\"\"\n               data-src=\"http:\/\/www.karate-neuhofen.at\/wp-content\/gallery\/trainingslager-gnas-2014\/img_1144.jpg\"\n               data-thumbnail=\"http:\/\/www.karate-neuhofen.at\/wp-content\/gallery\/trainingslager-gnas-2014\/thumbs\/thumbs_img_1144.jpg\"\n               data-image-id=\"6175\"\n               data-title=\"img_1144\"\n               data-description=\"\"\n               data-image-slug=\"img_1144\"\n               class=\"shutterset_ac4aa3065405eea2a5f91ba3c27290cd\">\n                <img\n                    title=\"img_1144\"\n                    alt=\"img_1144\"\n                    src=\"http:\/\/www.karate-neuhofen.at\/wp-content\/gallery\/trainingslager-gnas-2014\/thumbs\/thumbs_img_1144.jpg\"\n                    width=\"100\"\n                    height=\"68\"\n                    style=\"max-width:100%;\"\n                \/>\n            <\/a>\n        <\/div>\n\t\t\t\t\t\t\t<\/div> \n\t\t\t\n        \n\t\t\t\t<div id=\"ngg-image-144\" class=\"ngg-gallery-thumbnail-box\" >\n\t\t\t\t        <div class=\"ngg-gallery-thumbnail\">\n            <a href=\"http:\/\/www.karate-neuhofen.at\/wp-content\/gallery\/trainingslager-gnas-2014\/img_1145.jpg\"\n               title=\"\"\n               data-src=\"http:\/\/www.karate-neuhofen.at\/wp-content\/gallery\/trainingslager-gnas-2014\/img_1145.jpg\"\n               data-thumbnail=\"http:\/\/www.karate-neuhofen.at\/wp-content\/gallery\/trainingslager-gnas-2014\/thumbs\/thumbs_img_1145.jpg\"\n               data-image-id=\"6176\"\n               data-title=\"img_1145\"\n               data-description=\"\"\n               data-image-slug=\"img_1145\"\n               class=\"shutterset_ac4aa3065405eea2a5f91ba3c27290cd\">\n                <img\n                    title=\"img_1145\"\n                    alt=\"img_1145\"\n                    src=\"http:\/\/www.karate-neuhofen.at\/wp-content\/gallery\/trainingslager-gnas-2014\/thumbs\/thumbs_img_1145.jpg\"\n                    width=\"100\"\n                    height=\"66\"\n                    style=\"max-width:100%;\"\n                \/>\n            <\/a>\n        <\/div>\n\t\t\t\t\t\t\t<\/div> \n\t\t\t\n        \n\t\t\t\t<div id=\"ngg-image-145\" class=\"ngg-gallery-thumbnail-box\" >\n\t\t\t\t        <div class=\"ngg-gallery-thumbnail\">\n            <a href=\"http:\/\/www.karate-neuhofen.at\/wp-content\/gallery\/trainingslager-gnas-2014\/img_1146.jpg\"\n               title=\"\"\n               data-src=\"http:\/\/www.karate-neuhofen.at\/wp-content\/gallery\/trainingslager-gnas-2014\/img_1146.jpg\"\n               data-thumbnail=\"http:\/\/www.karate-neuhofen.at\/wp-content\/gallery\/trainingslager-gnas-2014\/thumbs\/thumbs_img_1146.jpg\"\n               data-image-id=\"6177\"\n               data-title=\"img_1146\"\n               data-description=\"\"\n               data-image-slug=\"img_1146\"\n               class=\"shutterset_ac4aa3065405eea2a5f91ba3c27290cd\">\n                <img\n                    title=\"img_1146\"\n                    alt=\"img_1146\"\n                    src=\"http:\/\/www.karate-neuhofen.at\/wp-content\/gallery\/trainingslager-gnas-2014\/thumbs\/thumbs_img_1146.jpg\"\n                    width=\"100\"\n                    height=\"66\"\n                    style=\"max-width:100%;\"\n                \/>\n            <\/a>\n        <\/div>\n\t\t\t\t\t\t\t<\/div> \n\t\t\t\n        \n\t\t\t\t<div id=\"ngg-image-146\" class=\"ngg-gallery-thumbnail-box\" >\n\t\t\t\t        <div class=\"ngg-gallery-thumbnail\">\n            <a href=\"http:\/\/www.karate-neuhofen.at\/wp-content\/gallery\/trainingslager-gnas-2014\/img_1147.jpg\"\n               title=\"\"\n               data-src=\"http:\/\/www.karate-neuhofen.at\/wp-content\/gallery\/trainingslager-gnas-2014\/img_1147.jpg\"\n               data-thumbnail=\"http:\/\/www.karate-neuhofen.at\/wp-content\/gallery\/trainingslager-gnas-2014\/thumbs\/thumbs_img_1147.jpg\"\n               data-image-id=\"6178\"\n               data-title=\"img_1147\"\n               data-description=\"\"\n               data-image-slug=\"img_1147\"\n               class=\"shutterset_ac4aa3065405eea2a5f91ba3c27290cd\">\n                <img\n                    title=\"img_1147\"\n                    alt=\"img_1147\"\n                    src=\"http:\/\/www.karate-neuhofen.at\/wp-content\/gallery\/trainingslager-gnas-2014\/thumbs\/thumbs_img_1147.jpg\"\n                    width=\"100\"\n                    height=\"66\"\n                    style=\"max-width:100%;\"\n                \/>\n            <\/a>\n        <\/div>\n\t\t\t\t\t\t\t<\/div> \n\t\t\t\n        \n\t\t\t\t<div id=\"ngg-image-147\" class=\"ngg-gallery-thumbnail-box\" >\n\t\t\t\t        <div class=\"ngg-gallery-thumbnail\">\n            <a href=\"http:\/\/www.karate-neuhofen.at\/wp-content\/gallery\/trainingslager-gnas-2014\/img_1148.jpg\"\n               title=\"\"\n               data-src=\"http:\/\/www.karate-neuhofen.at\/wp-content\/gallery\/trainingslager-gnas-2014\/img_1148.jpg\"\n               data-thumbnail=\"http:\/\/www.karate-neuhofen.at\/wp-content\/gallery\/trainingslager-gnas-2014\/thumbs\/thumbs_img_1148.jpg\"\n               data-image-id=\"6179\"\n               data-title=\"img_1148\"\n               data-description=\"\"\n               data-image-slug=\"img_1148\"\n               class=\"shutterset_ac4aa3065405eea2a5f91ba3c27290cd\">\n                <img\n                    title=\"img_1148\"\n                    alt=\"img_1148\"\n                    src=\"http:\/\/www.karate-neuhofen.at\/wp-content\/gallery\/trainingslager-gnas-2014\/thumbs\/thumbs_img_1148.jpg\"\n                    width=\"100\"\n                    height=\"66\"\n                    style=\"max-width:100%;\"\n                \/>\n            <\/a>\n        <\/div>\n\t\t\t\t\t\t\t<\/div> \n\t\t\t\n        \n\t\t\t\t<div id=\"ngg-image-148\" class=\"ngg-gallery-thumbnail-box\" >\n\t\t\t\t        <div class=\"ngg-gallery-thumbnail\">\n            <a href=\"http:\/\/www.karate-neuhofen.at\/wp-content\/gallery\/trainingslager-gnas-2014\/img_1149.jpg\"\n               title=\"\"\n               data-src=\"http:\/\/www.karate-neuhofen.at\/wp-content\/gallery\/trainingslager-gnas-2014\/img_1149.jpg\"\n               data-thumbnail=\"http:\/\/www.karate-neuhofen.at\/wp-content\/gallery\/trainingslager-gnas-2014\/thumbs\/thumbs_img_1149.jpg\"\n               data-image-id=\"6180\"\n               data-title=\"img_1149\"\n               data-description=\"\"\n               data-image-slug=\"img_1149\"\n               class=\"shutterset_ac4aa3065405eea2a5f91ba3c27290cd\">\n                <img\n                    title=\"img_1149\"\n                    alt=\"img_1149\"\n                    src=\"http:\/\/www.karate-neuhofen.at\/wp-content\/gallery\/trainingslager-gnas-2014\/thumbs\/thumbs_img_1149.jpg\"\n                    width=\"100\"\n                    height=\"66\"\n                    style=\"max-width:100%;\"\n                \/>\n            <\/a>\n        <\/div>\n\t\t\t\t\t\t\t<\/div> \n\t\t\t\n        \n\t\t\t\t<div id=\"ngg-image-149\" class=\"ngg-gallery-thumbnail-box\" >\n\t\t\t\t        <div class=\"ngg-gallery-thumbnail\">\n            <a href=\"http:\/\/www.karate-neuhofen.at\/wp-content\/gallery\/trainingslager-gnas-2014\/img_1150.jpg\"\n               title=\"\"\n               data-src=\"http:\/\/www.karate-neuhofen.at\/wp-content\/gallery\/trainingslager-gnas-2014\/img_1150.jpg\"\n               data-thumbnail=\"http:\/\/www.karate-neuhofen.at\/wp-content\/gallery\/trainingslager-gnas-2014\/thumbs\/thumbs_img_1150.jpg\"\n               data-image-id=\"6181\"\n               data-title=\"img_1150\"\n               data-description=\"\"\n               data-image-slug=\"img_1150\"\n               class=\"shutterset_ac4aa3065405eea2a5f91ba3c27290cd\">\n                <img\n                    title=\"img_1150\"\n                    alt=\"img_1150\"\n                    src=\"http:\/\/www.karate-neuhofen.at\/wp-content\/gallery\/trainingslager-gnas-2014\/thumbs\/thumbs_img_1150.jpg\"\n                    width=\"100\"\n                    height=\"66\"\n                    style=\"max-width:100%;\"\n                \/>\n            <\/a>\n        <\/div>\n\t\t\t\t\t\t\t<\/div> \n\t\t\t\n        \n\t\t\t\t<div id=\"ngg-image-150\" class=\"ngg-gallery-thumbnail-box\" >\n\t\t\t\t        <div class=\"ngg-gallery-thumbnail\">\n            <a href=\"http:\/\/www.karate-neuhofen.at\/wp-content\/gallery\/trainingslager-gnas-2014\/img_1151.jpg\"\n               title=\"\"\n               data-src=\"http:\/\/www.karate-neuhofen.at\/wp-content\/gallery\/trainingslager-gnas-2014\/img_1151.jpg\"\n               data-thumbnail=\"http:\/\/www.karate-neuhofen.at\/wp-content\/gallery\/trainingslager-gnas-2014\/thumbs\/thumbs_img_1151.jpg\"\n               data-image-id=\"6182\"\n               data-title=\"img_1151\"\n               data-description=\"\"\n               data-image-slug=\"img_1151\"\n               class=\"shutterset_ac4aa3065405eea2a5f91ba3c27290cd\">\n                <img\n                    title=\"img_1151\"\n                    alt=\"img_1151\"\n                    src=\"http:\/\/www.karate-neuhofen.at\/wp-content\/gallery\/trainingslager-gnas-2014\/thumbs\/thumbs_img_1151.jpg\"\n                    width=\"100\"\n                    height=\"66\"\n                    style=\"max-width:100%;\"\n                \/>\n            <\/a>\n        <\/div>\n\t\t\t\t\t\t\t<\/div> \n\t\t\t\n        \n\t\t\t\t<div id=\"ngg-image-151\" class=\"ngg-gallery-thumbnail-box\" >\n\t\t\t\t        <div class=\"ngg-gallery-thumbnail\">\n            <a href=\"http:\/\/www.karate-neuhofen.at\/wp-content\/gallery\/trainingslager-gnas-2014\/img_1152.jpg\"\n               title=\"\"\n               data-src=\"http:\/\/www.karate-neuhofen.at\/wp-content\/gallery\/trainingslager-gnas-2014\/img_1152.jpg\"\n               data-thumbnail=\"http:\/\/www.karate-neuhofen.at\/wp-content\/gallery\/trainingslager-gnas-2014\/thumbs\/thumbs_img_1152.jpg\"\n               data-image-id=\"6183\"\n               data-title=\"img_1152\"\n               data-description=\"\"\n               data-image-slug=\"img_1152\"\n               class=\"shutterset_ac4aa3065405eea2a5f91ba3c27290cd\">\n                <img\n                    title=\"img_1152\"\n                    alt=\"img_1152\"\n                    src=\"http:\/\/www.karate-neuhofen.at\/wp-content\/gallery\/trainingslager-gnas-2014\/thumbs\/thumbs_img_1152.jpg\"\n                    width=\"100\"\n                    height=\"66\"\n                    style=\"max-width:100%;\"\n                \/>\n            <\/a>\n        <\/div>\n\t\t\t\t\t\t\t<\/div> \n\t\t\t\n        \n\t\t\t\t<div id=\"ngg-image-152\" class=\"ngg-gallery-thumbnail-box\" >\n\t\t\t\t        <div class=\"ngg-gallery-thumbnail\">\n            <a href=\"http:\/\/www.karate-neuhofen.at\/wp-content\/gallery\/trainingslager-gnas-2014\/img_1153.jpg\"\n               title=\"\"\n               data-src=\"http:\/\/www.karate-neuhofen.at\/wp-content\/gallery\/trainingslager-gnas-2014\/img_1153.jpg\"\n               data-thumbnail=\"http:\/\/www.karate-neuhofen.at\/wp-content\/gallery\/trainingslager-gnas-2014\/thumbs\/thumbs_img_1153.jpg\"\n               data-image-id=\"6184\"\n               data-title=\"img_1153\"\n               data-description=\"\"\n               data-image-slug=\"img_1153\"\n               class=\"shutterset_ac4aa3065405eea2a5f91ba3c27290cd\">\n                <img\n                    title=\"img_1153\"\n                    alt=\"img_1153\"\n                    src=\"http:\/\/www.karate-neuhofen.at\/wp-content\/gallery\/trainingslager-gnas-2014\/thumbs\/thumbs_img_1153.jpg\"\n                    width=\"100\"\n                    height=\"66\"\n                    style=\"max-width:100%;\"\n                \/>\n            <\/a>\n        <\/div>\n\t\t\t\t\t\t\t<\/div> \n\t\t\t\n        \n\t\t\t\t<div id=\"ngg-image-153\" class=\"ngg-gallery-thumbnail-box\" >\n\t\t\t\t        <div class=\"ngg-gallery-thumbnail\">\n            <a href=\"http:\/\/www.karate-neuhofen.at\/wp-content\/gallery\/trainingslager-gnas-2014\/img_1154.jpg\"\n               title=\"\"\n               data-src=\"http:\/\/www.karate-neuhofen.at\/wp-content\/gallery\/trainingslager-gnas-2014\/img_1154.jpg\"\n               data-thumbnail=\"http:\/\/www.karate-neuhofen.at\/wp-content\/gallery\/trainingslager-gnas-2014\/thumbs\/thumbs_img_1154.jpg\"\n               data-image-id=\"6185\"\n               data-title=\"img_1154\"\n               data-description=\"\"\n               data-image-slug=\"img_1154\"\n               class=\"shutterset_ac4aa3065405eea2a5f91ba3c27290cd\">\n                <img\n                    title=\"img_1154\"\n                    alt=\"img_1154\"\n                    src=\"http:\/\/www.karate-neuhofen.at\/wp-content\/gallery\/trainingslager-gnas-2014\/thumbs\/thumbs_img_1154.jpg\"\n                    width=\"100\"\n                    height=\"66\"\n                    style=\"max-width:100%;\"\n                \/>\n            <\/a>\n        <\/div>\n\t\t\t\t\t\t\t<\/div> \n\t\t\t\n        \n\t\t\t\t<div id=\"ngg-image-154\" class=\"ngg-gallery-thumbnail-box\" >\n\t\t\t\t        <div class=\"ngg-gallery-thumbnail\">\n            <a href=\"http:\/\/www.karate-neuhofen.at\/wp-content\/gallery\/trainingslager-gnas-2014\/img_1155.jpg\"\n               title=\"\"\n               data-src=\"http:\/\/www.karate-neuhofen.at\/wp-content\/gallery\/trainingslager-gnas-2014\/img_1155.jpg\"\n               data-thumbnail=\"http:\/\/www.karate-neuhofen.at\/wp-content\/gallery\/trainingslager-gnas-2014\/thumbs\/thumbs_img_1155.jpg\"\n               data-image-id=\"6186\"\n               data-title=\"img_1155\"\n               data-description=\"\"\n               data-image-slug=\"img_1155\"\n               class=\"shutterset_ac4aa3065405eea2a5f91ba3c27290cd\">\n                <img\n                    title=\"img_1155\"\n                    alt=\"img_1155\"\n                    src=\"http:\/\/www.karate-neuhofen.at\/wp-content\/gallery\/trainingslager-gnas-2014\/thumbs\/thumbs_img_1155.jpg\"\n                    width=\"100\"\n                    height=\"66\"\n                    style=\"max-width:100%;\"\n                \/>\n            <\/a>\n        <\/div>\n\t\t\t\t\t\t\t<\/div> \n\t\t\t\n        \n\t\t\t\t<div id=\"ngg-image-155\" class=\"ngg-gallery-thumbnail-box\" >\n\t\t\t\t        <div class=\"ngg-gallery-thumbnail\">\n            <a href=\"http:\/\/www.karate-neuhofen.at\/wp-content\/gallery\/trainingslager-gnas-2014\/img_1156.jpg\"\n               title=\"\"\n               data-src=\"http:\/\/www.karate-neuhofen.at\/wp-content\/gallery\/trainingslager-gnas-2014\/img_1156.jpg\"\n               data-thumbnail=\"http:\/\/www.karate-neuhofen.at\/wp-content\/gallery\/trainingslager-gnas-2014\/thumbs\/thumbs_img_1156.jpg\"\n               data-image-id=\"6187\"\n               data-title=\"img_1156\"\n               data-description=\"\"\n               data-image-slug=\"img_1156\"\n               class=\"shutterset_ac4aa3065405eea2a5f91ba3c27290cd\">\n                <img\n                    title=\"img_1156\"\n                    alt=\"img_1156\"\n                    src=\"http:\/\/www.karate-neuhofen.at\/wp-content\/gallery\/trainingslager-gnas-2014\/thumbs\/thumbs_img_1156.jpg\"\n                    width=\"100\"\n                    height=\"66\"\n                    style=\"max-width:100%;\"\n                \/>\n            <\/a>\n        <\/div>\n\t\t\t\t\t\t\t<\/div> \n\t\t\t\n        \n\t\t\t\t<div id=\"ngg-image-156\" class=\"ngg-gallery-thumbnail-box\" >\n\t\t\t\t        <div class=\"ngg-gallery-thumbnail\">\n            <a href=\"http:\/\/www.karate-neuhofen.at\/wp-content\/gallery\/trainingslager-gnas-2014\/img_1157.jpg\"\n               title=\"\"\n               data-src=\"http:\/\/www.karate-neuhofen.at\/wp-content\/gallery\/trainingslager-gnas-2014\/img_1157.jpg\"\n               data-thumbnail=\"http:\/\/www.karate-neuhofen.at\/wp-content\/gallery\/trainingslager-gnas-2014\/thumbs\/thumbs_img_1157.jpg\"\n               data-image-id=\"6188\"\n               data-title=\"img_1157\"\n               data-description=\"\"\n               data-image-slug=\"img_1157\"\n               class=\"shutterset_ac4aa3065405eea2a5f91ba3c27290cd\">\n                <img\n                    title=\"img_1157\"\n                    alt=\"img_1157\"\n                    src=\"http:\/\/www.karate-neuhofen.at\/wp-content\/gallery\/trainingslager-gnas-2014\/thumbs\/thumbs_img_1157.jpg\"\n                    width=\"100\"\n                    height=\"66\"\n                    style=\"max-width:100%;\"\n                \/>\n            <\/a>\n        <\/div>\n\t\t\t\t\t\t\t<\/div> \n\t\t\t\n        \n\t\t\t\t<div id=\"ngg-image-157\" class=\"ngg-gallery-thumbnail-box\" >\n\t\t\t\t        <div class=\"ngg-gallery-thumbnail\">\n            <a href=\"http:\/\/www.karate-neuhofen.at\/wp-content\/gallery\/trainingslager-gnas-2014\/img_1158.jpg\"\n               title=\"\"\n               data-src=\"http:\/\/www.karate-neuhofen.at\/wp-content\/gallery\/trainingslager-gnas-2014\/img_1158.jpg\"\n               data-thumbnail=\"http:\/\/www.karate-neuhofen.at\/wp-content\/gallery\/trainingslager-gnas-2014\/thumbs\/thumbs_img_1158.jpg\"\n               data-image-id=\"6189\"\n               data-title=\"img_1158\"\n               data-description=\"\"\n               data-image-slug=\"img_1158\"\n               class=\"shutterset_ac4aa3065405eea2a5f91ba3c27290cd\">\n                <img\n                    title=\"img_1158\"\n                    alt=\"img_1158\"\n                    src=\"http:\/\/www.karate-neuhofen.at\/wp-content\/gallery\/trainingslager-gnas-2014\/thumbs\/thumbs_img_1158.jpg\"\n                    width=\"100\"\n                    height=\"66\"\n                    style=\"max-width:100%;\"\n                \/>\n            <\/a>\n        <\/div>\n\t\t\t\t\t\t\t<\/div> \n\t\t\t\n        \n\t\t\t\t<div id=\"ngg-image-158\" class=\"ngg-gallery-thumbnail-box\" >\n\t\t\t\t        <div class=\"ngg-gallery-thumbnail\">\n            <a href=\"http:\/\/www.karate-neuhofen.at\/wp-content\/gallery\/trainingslager-gnas-2014\/img_1159.jpg\"\n               title=\"\"\n               data-src=\"http:\/\/www.karate-neuhofen.at\/wp-content\/gallery\/trainingslager-gnas-2014\/img_1159.jpg\"\n               data-thumbnail=\"http:\/\/www.karate-neuhofen.at\/wp-content\/gallery\/trainingslager-gnas-2014\/thumbs\/thumbs_img_1159.jpg\"\n               data-image-id=\"6190\"\n               data-title=\"img_1159\"\n               data-description=\"\"\n               data-image-slug=\"img_1159\"\n               class=\"shutterset_ac4aa3065405eea2a5f91ba3c27290cd\">\n                <img\n                    title=\"img_1159\"\n                    alt=\"img_1159\"\n                    src=\"http:\/\/www.karate-neuhofen.at\/wp-content\/gallery\/trainingslager-gnas-2014\/thumbs\/thumbs_img_1159.jpg\"\n                    width=\"100\"\n                    height=\"66\"\n                    style=\"max-width:100%;\"\n                \/>\n            <\/a>\n        <\/div>\n\t\t\t\t\t\t\t<\/div> \n\t\t\t\n        \n\t\t\t\t<div id=\"ngg-image-159\" class=\"ngg-gallery-thumbnail-box\" >\n\t\t\t\t        <div class=\"ngg-gallery-thumbnail\">\n            <a href=\"http:\/\/www.karate-neuhofen.at\/wp-content\/gallery\/trainingslager-gnas-2014\/img_1160.jpg\"\n               title=\"\"\n               data-src=\"http:\/\/www.karate-neuhofen.at\/wp-content\/gallery\/trainingslager-gnas-2014\/img_1160.jpg\"\n               data-thumbnail=\"http:\/\/www.karate-neuhofen.at\/wp-content\/gallery\/trainingslager-gnas-2014\/thumbs\/thumbs_img_1160.jpg\"\n               data-image-id=\"6191\"\n               data-title=\"img_1160\"\n               data-description=\"\"\n               data-image-slug=\"img_1160\"\n               class=\"shutterset_ac4aa3065405eea2a5f91ba3c27290cd\">\n                <img\n                    title=\"img_1160\"\n                    alt=\"img_1160\"\n                    src=\"http:\/\/www.karate-neuhofen.at\/wp-content\/gallery\/trainingslager-gnas-2014\/thumbs\/thumbs_img_1160.jpg\"\n                    width=\"100\"\n                    height=\"66\"\n                    style=\"max-width:100%;\"\n                \/>\n            <\/a>\n        <\/div>\n\t\t\t\t\t\t\t<\/div> \n\t\t\t\n        \n\t\t\t\t<div id=\"ngg-image-160\" class=\"ngg-gallery-thumbnail-box\" >\n\t\t\t\t        <div class=\"ngg-gallery-thumbnail\">\n            <a href=\"http:\/\/www.karate-neuhofen.at\/wp-content\/gallery\/trainingslager-gnas-2014\/img_1161.jpg\"\n               title=\"\"\n               data-src=\"http:\/\/www.karate-neuhofen.at\/wp-content\/gallery\/trainingslager-gnas-2014\/img_1161.jpg\"\n               data-thumbnail=\"http:\/\/www.karate-neuhofen.at\/wp-content\/gallery\/trainingslager-gnas-2014\/thumbs\/thumbs_img_1161.jpg\"\n               data-image-id=\"6192\"\n               data-title=\"img_1161\"\n               data-description=\"\"\n               data-image-slug=\"img_1161\"\n               class=\"shutterset_ac4aa3065405eea2a5f91ba3c27290cd\">\n                <img\n                    title=\"img_1161\"\n                    alt=\"img_1161\"\n                    src=\"http:\/\/www.karate-neuhofen.at\/wp-content\/gallery\/trainingslager-gnas-2014\/thumbs\/thumbs_img_1161.jpg\"\n                    width=\"100\"\n                    height=\"66\"\n                    style=\"max-width:100%;\"\n                \/>\n            <\/a>\n        <\/div>\n\t\t\t\t\t\t\t<\/div> \n\t\t\t\n        \n\t\t\t\t<div id=\"ngg-image-161\" class=\"ngg-gallery-thumbnail-box\" >\n\t\t\t\t        <div class=\"ngg-gallery-thumbnail\">\n            <a href=\"http:\/\/www.karate-neuhofen.at\/wp-content\/gallery\/trainingslager-gnas-2014\/img_1162.jpg\"\n               title=\"\"\n               data-src=\"http:\/\/www.karate-neuhofen.at\/wp-content\/gallery\/trainingslager-gnas-2014\/img_1162.jpg\"\n               data-thumbnail=\"http:\/\/www.karate-neuhofen.at\/wp-content\/gallery\/trainingslager-gnas-2014\/thumbs\/thumbs_img_1162.jpg\"\n               data-image-id=\"6193\"\n               data-title=\"img_1162\"\n               data-description=\"\"\n               data-image-slug=\"img_1162\"\n               class=\"shutterset_ac4aa3065405eea2a5f91ba3c27290cd\">\n                <img\n                    title=\"img_1162\"\n                    alt=\"img_1162\"\n                    src=\"http:\/\/www.karate-neuhofen.at\/wp-content\/gallery\/trainingslager-gnas-2014\/thumbs\/thumbs_img_1162.jpg\"\n                    width=\"100\"\n                    height=\"66\"\n                    style=\"max-width:100%;\"\n                \/>\n            <\/a>\n        <\/div>\n\t\t\t\t\t\t\t<\/div> \n\t\t\t\n        \n\t\t\t\t<div id=\"ngg-image-162\" class=\"ngg-gallery-thumbnail-box\" >\n\t\t\t\t        <div class=\"ngg-gallery-thumbnail\">\n            <a href=\"http:\/\/www.karate-neuhofen.at\/wp-content\/gallery\/trainingslager-gnas-2014\/img_1163.jpg\"\n               title=\"\"\n               data-src=\"http:\/\/www.karate-neuhofen.at\/wp-content\/gallery\/trainingslager-gnas-2014\/img_1163.jpg\"\n               data-thumbnail=\"http:\/\/www.karate-neuhofen.at\/wp-content\/gallery\/trainingslager-gnas-2014\/thumbs\/thumbs_img_1163.jpg\"\n               data-image-id=\"6194\"\n               data-title=\"img_1163\"\n               data-description=\"\"\n               data-image-slug=\"img_1163\"\n               class=\"shutterset_ac4aa3065405eea2a5f91ba3c27290cd\">\n                <img\n                    title=\"img_1163\"\n                    alt=\"img_1163\"\n                    src=\"http:\/\/www.karate-neuhofen.at\/wp-content\/gallery\/trainingslager-gnas-2014\/thumbs\/thumbs_img_1163.jpg\"\n                    width=\"100\"\n                    height=\"66\"\n                    style=\"max-width:100%;\"\n                \/>\n            <\/a>\n        <\/div>\n\t\t\t\t\t\t\t<\/div> \n\t\t\t\n        \n\t\t\t\t<div id=\"ngg-image-163\" class=\"ngg-gallery-thumbnail-box\" >\n\t\t\t\t        <div class=\"ngg-gallery-thumbnail\">\n            <a href=\"http:\/\/www.karate-neuhofen.at\/wp-content\/gallery\/trainingslager-gnas-2014\/img_1164.jpg\"\n               title=\"\"\n               data-src=\"http:\/\/www.karate-neuhofen.at\/wp-content\/gallery\/trainingslager-gnas-2014\/img_1164.jpg\"\n               data-thumbnail=\"http:\/\/www.karate-neuhofen.at\/wp-content\/gallery\/trainingslager-gnas-2014\/thumbs\/thumbs_img_1164.jpg\"\n               data-image-id=\"6195\"\n               data-title=\"img_1164\"\n               data-description=\"\"\n               data-image-slug=\"img_1164\"\n               class=\"shutterset_ac4aa3065405eea2a5f91ba3c27290cd\">\n                <img\n                    title=\"img_1164\"\n                    alt=\"img_1164\"\n                    src=\"http:\/\/www.karate-neuhofen.at\/wp-content\/gallery\/trainingslager-gnas-2014\/thumbs\/thumbs_img_1164.jpg\"\n                    width=\"50\"\n                    height=\"75\"\n                    style=\"max-width:100%;\"\n                \/>\n            <\/a>\n        <\/div>\n\t\t\t\t\t\t\t<\/div> \n\t\t\t\n        \n\t\t\t\t<div id=\"ngg-image-164\" class=\"ngg-gallery-thumbnail-box\" >\n\t\t\t\t        <div class=\"ngg-gallery-thumbnail\">\n            <a href=\"http:\/\/www.karate-neuhofen.at\/wp-content\/gallery\/trainingslager-gnas-2014\/img_1165.jpg\"\n               title=\"\"\n               data-src=\"http:\/\/www.karate-neuhofen.at\/wp-content\/gallery\/trainingslager-gnas-2014\/img_1165.jpg\"\n               data-thumbnail=\"http:\/\/www.karate-neuhofen.at\/wp-content\/gallery\/trainingslager-gnas-2014\/thumbs\/thumbs_img_1165.jpg\"\n               data-image-id=\"6196\"\n               data-title=\"img_1165\"\n               data-description=\"\"\n               data-image-slug=\"img_1165\"\n               class=\"shutterset_ac4aa3065405eea2a5f91ba3c27290cd\">\n                <img\n                    title=\"img_1165\"\n                    alt=\"img_1165\"\n                    src=\"http:\/\/www.karate-neuhofen.at\/wp-content\/gallery\/trainingslager-gnas-2014\/thumbs\/thumbs_img_1165.jpg\"\n                    width=\"100\"\n                    height=\"66\"\n                    style=\"max-width:100%;\"\n                \/>\n            <\/a>\n        <\/div>\n\t\t\t\t\t\t\t<\/div> \n\t\t\t\n        \n\t\t\t\t<div id=\"ngg-image-165\" class=\"ngg-gallery-thumbnail-box\" >\n\t\t\t\t        <div class=\"ngg-gallery-thumbnail\">\n            <a href=\"http:\/\/www.karate-neuhofen.at\/wp-content\/gallery\/trainingslager-gnas-2014\/img_1166.jpg\"\n               title=\"\"\n               data-src=\"http:\/\/www.karate-neuhofen.at\/wp-content\/gallery\/trainingslager-gnas-2014\/img_1166.jpg\"\n               data-thumbnail=\"http:\/\/www.karate-neuhofen.at\/wp-content\/gallery\/trainingslager-gnas-2014\/thumbs\/thumbs_img_1166.jpg\"\n               data-image-id=\"6197\"\n               data-title=\"img_1166\"\n               data-description=\"\"\n               data-image-slug=\"img_1166\"\n               class=\"shutterset_ac4aa3065405eea2a5f91ba3c27290cd\">\n                <img\n                    title=\"img_1166\"\n                    alt=\"img_1166\"\n                    src=\"http:\/\/www.karate-neuhofen.at\/wp-content\/gallery\/trainingslager-gnas-2014\/thumbs\/thumbs_img_1166.jpg\"\n                    width=\"100\"\n                    height=\"66\"\n                    style=\"max-width:100%;\"\n                \/>\n            <\/a>\n        <\/div>\n\t\t\t\t\t\t\t<\/div> \n\t\t\t\n        \n\t\t\t\t<div id=\"ngg-image-166\" class=\"ngg-gallery-thumbnail-box\" >\n\t\t\t\t        <div class=\"ngg-gallery-thumbnail\">\n            <a href=\"http:\/\/www.karate-neuhofen.at\/wp-content\/gallery\/trainingslager-gnas-2014\/img_1167.jpg\"\n               title=\"\"\n               data-src=\"http:\/\/www.karate-neuhofen.at\/wp-content\/gallery\/trainingslager-gnas-2014\/img_1167.jpg\"\n               data-thumbnail=\"http:\/\/www.karate-neuhofen.at\/wp-content\/gallery\/trainingslager-gnas-2014\/thumbs\/thumbs_img_1167.jpg\"\n               data-image-id=\"6198\"\n               data-title=\"img_1167\"\n               data-description=\"\"\n               data-image-slug=\"img_1167\"\n               class=\"shutterset_ac4aa3065405eea2a5f91ba3c27290cd\">\n                <img\n                    title=\"img_1167\"\n                    alt=\"img_1167\"\n                    src=\"http:\/\/www.karate-neuhofen.at\/wp-content\/gallery\/trainingslager-gnas-2014\/thumbs\/thumbs_img_1167.jpg\"\n                    width=\"100\"\n                    height=\"66\"\n                    style=\"max-width:100%;\"\n                \/>\n            <\/a>\n        <\/div>\n\t\t\t\t\t\t\t<\/div> \n\t\t\t\n        \n\t\t\t\t<div id=\"ngg-image-167\" class=\"ngg-gallery-thumbnail-box\" >\n\t\t\t\t        <div class=\"ngg-gallery-thumbnail\">\n            <a href=\"http:\/\/www.karate-neuhofen.at\/wp-content\/gallery\/trainingslager-gnas-2014\/img_1168.jpg\"\n               title=\"\"\n               data-src=\"http:\/\/www.karate-neuhofen.at\/wp-content\/gallery\/trainingslager-gnas-2014\/img_1168.jpg\"\n               data-thumbnail=\"http:\/\/www.karate-neuhofen.at\/wp-content\/gallery\/trainingslager-gnas-2014\/thumbs\/thumbs_img_1168.jpg\"\n               data-image-id=\"6199\"\n               data-title=\"img_1168\"\n               data-description=\"\"\n               data-image-slug=\"img_1168\"\n               class=\"shutterset_ac4aa3065405eea2a5f91ba3c27290cd\">\n                <img\n                    title=\"img_1168\"\n                    alt=\"img_1168\"\n                    src=\"http:\/\/www.karate-neuhofen.at\/wp-content\/gallery\/trainingslager-gnas-2014\/thumbs\/thumbs_img_1168.jpg\"\n                    width=\"100\"\n                    height=\"66\"\n                    style=\"max-width:100%;\"\n                \/>\n            <\/a>\n        <\/div>\n\t\t\t\t\t\t\t<\/div> \n\t\t\t\n        \n\t\t\t\t<div id=\"ngg-image-168\" class=\"ngg-gallery-thumbnail-box\" >\n\t\t\t\t        <div class=\"ngg-gallery-thumbnail\">\n            <a href=\"http:\/\/www.karate-neuhofen.at\/wp-content\/gallery\/trainingslager-gnas-2014\/img_1169.jpg\"\n               title=\"\"\n               data-src=\"http:\/\/www.karate-neuhofen.at\/wp-content\/gallery\/trainingslager-gnas-2014\/img_1169.jpg\"\n               data-thumbnail=\"http:\/\/www.karate-neuhofen.at\/wp-content\/gallery\/trainingslager-gnas-2014\/thumbs\/thumbs_img_1169.jpg\"\n               data-image-id=\"6200\"\n               data-title=\"img_1169\"\n               data-description=\"\"\n               data-image-slug=\"img_1169\"\n               class=\"shutterset_ac4aa3065405eea2a5f91ba3c27290cd\">\n                <img\n                    title=\"img_1169\"\n                    alt=\"img_1169\"\n                    src=\"http:\/\/www.karate-neuhofen.at\/wp-content\/gallery\/trainingslager-gnas-2014\/thumbs\/thumbs_img_1169.jpg\"\n                    width=\"100\"\n                    height=\"66\"\n                    style=\"max-width:100%;\"\n                \/>\n            <\/a>\n        <\/div>\n\t\t\t\t\t\t\t<\/div> \n\t\t\t\n        \n\t\t\t\t<div id=\"ngg-image-169\" class=\"ngg-gallery-thumbnail-box\" >\n\t\t\t\t        <div class=\"ngg-gallery-thumbnail\">\n            <a href=\"http:\/\/www.karate-neuhofen.at\/wp-content\/gallery\/trainingslager-gnas-2014\/img_1170.jpg\"\n               title=\"\"\n               data-src=\"http:\/\/www.karate-neuhofen.at\/wp-content\/gallery\/trainingslager-gnas-2014\/img_1170.jpg\"\n               data-thumbnail=\"http:\/\/www.karate-neuhofen.at\/wp-content\/gallery\/trainingslager-gnas-2014\/thumbs\/thumbs_img_1170.jpg\"\n               data-image-id=\"6201\"\n               data-title=\"img_1170\"\n               data-description=\"\"\n               data-image-slug=\"img_1170\"\n               class=\"shutterset_ac4aa3065405eea2a5f91ba3c27290cd\">\n                <img\n                    title=\"img_1170\"\n                    alt=\"img_1170\"\n                    src=\"http:\/\/www.karate-neuhofen.at\/wp-content\/gallery\/trainingslager-gnas-2014\/thumbs\/thumbs_img_1170.jpg\"\n                    width=\"100\"\n                    height=\"66\"\n                    style=\"max-width:100%;\"\n                \/>\n            <\/a>\n        <\/div>\n\t\t\t\t\t\t\t<\/div> \n\t\t\t\n        \n\t\t\t\t<div id=\"ngg-image-170\" class=\"ngg-gallery-thumbnail-box\" >\n\t\t\t\t        <div class=\"ngg-gallery-thumbnail\">\n            <a href=\"http:\/\/www.karate-neuhofen.at\/wp-content\/gallery\/trainingslager-gnas-2014\/img_1171.jpg\"\n               title=\"\"\n               data-src=\"http:\/\/www.karate-neuhofen.at\/wp-content\/gallery\/trainingslager-gnas-2014\/img_1171.jpg\"\n               data-thumbnail=\"http:\/\/www.karate-neuhofen.at\/wp-content\/gallery\/trainingslager-gnas-2014\/thumbs\/thumbs_img_1171.jpg\"\n               data-image-id=\"6202\"\n               data-title=\"img_1171\"\n               data-description=\"\"\n               data-image-slug=\"img_1171\"\n               class=\"shutterset_ac4aa3065405eea2a5f91ba3c27290cd\">\n                <img\n                    title=\"img_1171\"\n                    alt=\"img_1171\"\n                    src=\"http:\/\/www.karate-neuhofen.at\/wp-content\/gallery\/trainingslager-gnas-2014\/thumbs\/thumbs_img_1171.jpg\"\n                    width=\"100\"\n                    height=\"66\"\n                    style=\"max-width:100%;\"\n                \/>\n            <\/a>\n        <\/div>\n\t\t\t\t\t\t\t<\/div> \n\t\t\t\n        \n\t\t\t\t<div id=\"ngg-image-171\" class=\"ngg-gallery-thumbnail-box\" >\n\t\t\t\t        <div class=\"ngg-gallery-thumbnail\">\n            <a href=\"http:\/\/www.karate-neuhofen.at\/wp-content\/gallery\/trainingslager-gnas-2014\/img_1172.jpg\"\n               title=\"\"\n               data-src=\"http:\/\/www.karate-neuhofen.at\/wp-content\/gallery\/trainingslager-gnas-2014\/img_1172.jpg\"\n               data-thumbnail=\"http:\/\/www.karate-neuhofen.at\/wp-content\/gallery\/trainingslager-gnas-2014\/thumbs\/thumbs_img_1172.jpg\"\n               data-image-id=\"6203\"\n               data-title=\"img_1172\"\n               data-description=\"\"\n               data-image-slug=\"img_1172\"\n               class=\"shutterset_ac4aa3065405eea2a5f91ba3c27290cd\">\n                <img\n                    title=\"img_1172\"\n                    alt=\"img_1172\"\n                    src=\"http:\/\/www.karate-neuhofen.at\/wp-content\/gallery\/trainingslager-gnas-2014\/thumbs\/thumbs_img_1172.jpg\"\n                    width=\"100\"\n                    height=\"66\"\n                    style=\"max-width:100%;\"\n                \/>\n            <\/a>\n        <\/div>\n\t\t\t\t\t\t\t<\/div> \n\t\t\t\n        \n\t\t\t\t<div id=\"ngg-image-172\" class=\"ngg-gallery-thumbnail-box\" >\n\t\t\t\t        <div class=\"ngg-gallery-thumbnail\">\n            <a href=\"http:\/\/www.karate-neuhofen.at\/wp-content\/gallery\/trainingslager-gnas-2014\/img_1173.jpg\"\n               title=\"\"\n               data-src=\"http:\/\/www.karate-neuhofen.at\/wp-content\/gallery\/trainingslager-gnas-2014\/img_1173.jpg\"\n               data-thumbnail=\"http:\/\/www.karate-neuhofen.at\/wp-content\/gallery\/trainingslager-gnas-2014\/thumbs\/thumbs_img_1173.jpg\"\n               data-image-id=\"6204\"\n               data-title=\"img_1173\"\n               data-description=\"\"\n               data-image-slug=\"img_1173\"\n               class=\"shutterset_ac4aa3065405eea2a5f91ba3c27290cd\">\n                <img\n                    title=\"img_1173\"\n                    alt=\"img_1173\"\n                    src=\"http:\/\/www.karate-neuhofen.at\/wp-content\/gallery\/trainingslager-gnas-2014\/thumbs\/thumbs_img_1173.jpg\"\n                    width=\"100\"\n                    height=\"66\"\n                    style=\"max-width:100%;\"\n                \/>\n            <\/a>\n        <\/div>\n\t\t\t\t\t\t\t<\/div> \n\t\t\t\n        \n\t\t\t\t<div id=\"ngg-image-173\" class=\"ngg-gallery-thumbnail-box\" >\n\t\t\t\t        <div class=\"ngg-gallery-thumbnail\">\n            <a href=\"http:\/\/www.karate-neuhofen.at\/wp-content\/gallery\/trainingslager-gnas-2014\/img_1174.jpg\"\n               title=\"\"\n               data-src=\"http:\/\/www.karate-neuhofen.at\/wp-content\/gallery\/trainingslager-gnas-2014\/img_1174.jpg\"\n               data-thumbnail=\"http:\/\/www.karate-neuhofen.at\/wp-content\/gallery\/trainingslager-gnas-2014\/thumbs\/thumbs_img_1174.jpg\"\n               data-image-id=\"6205\"\n               data-title=\"img_1174\"\n               data-description=\"\"\n               data-image-slug=\"img_1174\"\n               class=\"shutterset_ac4aa3065405eea2a5f91ba3c27290cd\">\n                <img\n                    title=\"img_1174\"\n                    alt=\"img_1174\"\n                    src=\"http:\/\/www.karate-neuhofen.at\/wp-content\/gallery\/trainingslager-gnas-2014\/thumbs\/thumbs_img_1174.jpg\"\n                    width=\"100\"\n                    height=\"66\"\n                    style=\"max-width:100%;\"\n                \/>\n            <\/a>\n        <\/div>\n\t\t\t\t\t\t\t<\/div> \n\t\t\t\n        \n\t\t\t\t<div id=\"ngg-image-174\" class=\"ngg-gallery-thumbnail-box\" >\n\t\t\t\t        <div class=\"ngg-gallery-thumbnail\">\n            <a href=\"http:\/\/www.karate-neuhofen.at\/wp-content\/gallery\/trainingslager-gnas-2014\/img_1175.jpg\"\n               title=\"\"\n               data-src=\"http:\/\/www.karate-neuhofen.at\/wp-content\/gallery\/trainingslager-gnas-2014\/img_1175.jpg\"\n               data-thumbnail=\"http:\/\/www.karate-neuhofen.at\/wp-content\/gallery\/trainingslager-gnas-2014\/thumbs\/thumbs_img_1175.jpg\"\n               data-image-id=\"6206\"\n               data-title=\"img_1175\"\n               data-description=\"\"\n               data-image-slug=\"img_1175\"\n               class=\"shutterset_ac4aa3065405eea2a5f91ba3c27290cd\">\n                <img\n                    title=\"img_1175\"\n                    alt=\"img_1175\"\n                    src=\"http:\/\/www.karate-neuhofen.at\/wp-content\/gallery\/trainingslager-gnas-2014\/thumbs\/thumbs_img_1175.jpg\"\n                    width=\"100\"\n                    height=\"66\"\n                    style=\"max-width:100%;\"\n                \/>\n            <\/a>\n        <\/div>\n\t\t\t\t\t\t\t<\/div> \n\t\t\t\n        \n\t\t\t\t<div id=\"ngg-image-175\" class=\"ngg-gallery-thumbnail-box\" >\n\t\t\t\t        <div class=\"ngg-gallery-thumbnail\">\n            <a href=\"http:\/\/www.karate-neuhofen.at\/wp-content\/gallery\/trainingslager-gnas-2014\/img_1176.jpg\"\n               title=\"\"\n               data-src=\"http:\/\/www.karate-neuhofen.at\/wp-content\/gallery\/trainingslager-gnas-2014\/img_1176.jpg\"\n               data-thumbnail=\"http:\/\/www.karate-neuhofen.at\/wp-content\/gallery\/trainingslager-gnas-2014\/thumbs\/thumbs_img_1176.jpg\"\n               data-image-id=\"6207\"\n               data-title=\"img_1176\"\n               data-description=\"\"\n               data-image-slug=\"img_1176\"\n               class=\"shutterset_ac4aa3065405eea2a5f91ba3c27290cd\">\n                <img\n                    title=\"img_1176\"\n                    alt=\"img_1176\"\n                    src=\"http:\/\/www.karate-neuhofen.at\/wp-content\/gallery\/trainingslager-gnas-2014\/thumbs\/thumbs_img_1176.jpg\"\n                    width=\"100\"\n                    height=\"66\"\n                    style=\"max-width:100%;\"\n                \/>\n            <\/a>\n        <\/div>\n\t\t\t\t\t\t\t<\/div> \n\t\t\t\n        \n\t\t\t\t<div id=\"ngg-image-176\" class=\"ngg-gallery-thumbnail-box\" >\n\t\t\t\t        <div class=\"ngg-gallery-thumbnail\">\n            <a href=\"http:\/\/www.karate-neuhofen.at\/wp-content\/gallery\/trainingslager-gnas-2014\/img_1177.jpg\"\n               title=\"\"\n               data-src=\"http:\/\/www.karate-neuhofen.at\/wp-content\/gallery\/trainingslager-gnas-2014\/img_1177.jpg\"\n               data-thumbnail=\"http:\/\/www.karate-neuhofen.at\/wp-content\/gallery\/trainingslager-gnas-2014\/thumbs\/thumbs_img_1177.jpg\"\n               data-image-id=\"6208\"\n               data-title=\"img_1177\"\n               data-description=\"\"\n               data-image-slug=\"img_1177\"\n               class=\"shutterset_ac4aa3065405eea2a5f91ba3c27290cd\">\n                <img\n                    title=\"img_1177\"\n                    alt=\"img_1177\"\n                    src=\"http:\/\/www.karate-neuhofen.at\/wp-content\/gallery\/trainingslager-gnas-2014\/thumbs\/thumbs_img_1177.jpg\"\n                    width=\"100\"\n                    height=\"66\"\n                    style=\"max-width:100%;\"\n                \/>\n            <\/a>\n        <\/div>\n\t\t\t\t\t\t\t<\/div> \n\t\t\t\n        \n\t\t\t\t<div id=\"ngg-image-177\" class=\"ngg-gallery-thumbnail-box\" >\n\t\t\t\t        <div class=\"ngg-gallery-thumbnail\">\n            <a href=\"http:\/\/www.karate-neuhofen.at\/wp-content\/gallery\/trainingslager-gnas-2014\/img_1178.jpg\"\n               title=\"\"\n               data-src=\"http:\/\/www.karate-neuhofen.at\/wp-content\/gallery\/trainingslager-gnas-2014\/img_1178.jpg\"\n               data-thumbnail=\"http:\/\/www.karate-neuhofen.at\/wp-content\/gallery\/trainingslager-gnas-2014\/thumbs\/thumbs_img_1178.jpg\"\n               data-image-id=\"6209\"\n               data-title=\"img_1178\"\n               data-description=\"\"\n               data-image-slug=\"img_1178\"\n               class=\"shutterset_ac4aa3065405eea2a5f91ba3c27290cd\">\n                <img\n                    title=\"img_1178\"\n                    alt=\"img_1178\"\n                    src=\"http:\/\/www.karate-neuhofen.at\/wp-content\/gallery\/trainingslager-gnas-2014\/thumbs\/thumbs_img_1178.jpg\"\n                    width=\"100\"\n                    height=\"66\"\n                    style=\"max-width:100%;\"\n                \/>\n            <\/a>\n        <\/div>\n\t\t\t\t\t\t\t<\/div> \n\t\t\t\n        \n\t\t\t\t<div id=\"ngg-image-178\" class=\"ngg-gallery-thumbnail-box\" >\n\t\t\t\t        <div class=\"ngg-gallery-thumbnail\">\n            <a href=\"http:\/\/www.karate-neuhofen.at\/wp-content\/gallery\/trainingslager-gnas-2014\/img_1179.jpg\"\n               title=\"\"\n               data-src=\"http:\/\/www.karate-neuhofen.at\/wp-content\/gallery\/trainingslager-gnas-2014\/img_1179.jpg\"\n               data-thumbnail=\"http:\/\/www.karate-neuhofen.at\/wp-content\/gallery\/trainingslager-gnas-2014\/thumbs\/thumbs_img_1179.jpg\"\n               data-image-id=\"6210\"\n               data-title=\"img_1179\"\n               data-description=\"\"\n               data-image-slug=\"img_1179\"\n               class=\"shutterset_ac4aa3065405eea2a5f91ba3c27290cd\">\n                <img\n                    title=\"img_1179\"\n                    alt=\"img_1179\"\n                    src=\"http:\/\/www.karate-neuhofen.at\/wp-content\/gallery\/trainingslager-gnas-2014\/thumbs\/thumbs_img_1179.jpg\"\n                    width=\"100\"\n                    height=\"66\"\n                    style=\"max-width:100%;\"\n                \/>\n            <\/a>\n        <\/div>\n\t\t\t\t\t\t\t<\/div> \n\t\t\t\n        \n\t\t\t\t<div id=\"ngg-image-179\" class=\"ngg-gallery-thumbnail-box\" >\n\t\t\t\t        <div class=\"ngg-gallery-thumbnail\">\n            <a href=\"http:\/\/www.karate-neuhofen.at\/wp-content\/gallery\/trainingslager-gnas-2014\/img_1180.jpg\"\n               title=\"\"\n               data-src=\"http:\/\/www.karate-neuhofen.at\/wp-content\/gallery\/trainingslager-gnas-2014\/img_1180.jpg\"\n               data-thumbnail=\"http:\/\/www.karate-neuhofen.at\/wp-content\/gallery\/trainingslager-gnas-2014\/thumbs\/thumbs_img_1180.jpg\"\n               data-image-id=\"6211\"\n               data-title=\"img_1180\"\n               data-description=\"\"\n               data-image-slug=\"img_1180\"\n               class=\"shutterset_ac4aa3065405eea2a5f91ba3c27290cd\">\n                <img\n                    title=\"img_1180\"\n                    alt=\"img_1180\"\n                    src=\"http:\/\/www.karate-neuhofen.at\/wp-content\/gallery\/trainingslager-gnas-2014\/thumbs\/thumbs_img_1180.jpg\"\n                    width=\"100\"\n                    height=\"66\"\n                    style=\"max-width:100%;\"\n                \/>\n            <\/a>\n        <\/div>\n\t\t\t\t\t\t\t<\/div> \n\t\t\t\n        \n\t\t\t\t<div id=\"ngg-image-180\" class=\"ngg-gallery-thumbnail-box\" >\n\t\t\t\t        <div class=\"ngg-gallery-thumbnail\">\n            <a href=\"http:\/\/www.karate-neuhofen.at\/wp-content\/gallery\/trainingslager-gnas-2014\/img_1181.jpg\"\n               title=\"\"\n               data-src=\"http:\/\/www.karate-neuhofen.at\/wp-content\/gallery\/trainingslager-gnas-2014\/img_1181.jpg\"\n               data-thumbnail=\"http:\/\/www.karate-neuhofen.at\/wp-content\/gallery\/trainingslager-gnas-2014\/thumbs\/thumbs_img_1181.jpg\"\n               data-image-id=\"6212\"\n               data-title=\"img_1181\"\n               data-description=\"\"\n               data-image-slug=\"img_1181\"\n               class=\"shutterset_ac4aa3065405eea2a5f91ba3c27290cd\">\n                <img\n                    title=\"img_1181\"\n                    alt=\"img_1181\"\n                    src=\"http:\/\/www.karate-neuhofen.at\/wp-content\/gallery\/trainingslager-gnas-2014\/thumbs\/thumbs_img_1181.jpg\"\n                    width=\"100\"\n                    height=\"66\"\n                    style=\"max-width:100%;\"\n                \/>\n            <\/a>\n        <\/div>\n\t\t\t\t\t\t\t<\/div> \n\t\t\t\n        \n\t\t\t\t<div id=\"ngg-image-181\" class=\"ngg-gallery-thumbnail-box\" >\n\t\t\t\t        <div class=\"ngg-gallery-thumbnail\">\n            <a href=\"http:\/\/www.karate-neuhofen.at\/wp-content\/gallery\/trainingslager-gnas-2014\/img_1182.jpg\"\n               title=\"\"\n               data-src=\"http:\/\/www.karate-neuhofen.at\/wp-content\/gallery\/trainingslager-gnas-2014\/img_1182.jpg\"\n               data-thumbnail=\"http:\/\/www.karate-neuhofen.at\/wp-content\/gallery\/trainingslager-gnas-2014\/thumbs\/thumbs_img_1182.jpg\"\n               data-image-id=\"6213\"\n               data-title=\"img_1182\"\n               data-description=\"\"\n               data-image-slug=\"img_1182\"\n               class=\"shutterset_ac4aa3065405eea2a5f91ba3c27290cd\">\n                <img\n                    title=\"img_1182\"\n                    alt=\"img_1182\"\n                    src=\"http:\/\/www.karate-neuhofen.at\/wp-content\/gallery\/trainingslager-gnas-2014\/thumbs\/thumbs_img_1182.jpg\"\n                    width=\"100\"\n                    height=\"66\"\n                    style=\"max-width:100%;\"\n                \/>\n            <\/a>\n        <\/div>\n\t\t\t\t\t\t\t<\/div> \n\t\t\t\n        \n\t\t\t\t<div id=\"ngg-image-182\" class=\"ngg-gallery-thumbnail-box\" >\n\t\t\t\t        <div class=\"ngg-gallery-thumbnail\">\n            <a href=\"http:\/\/www.karate-neuhofen.at\/wp-content\/gallery\/trainingslager-gnas-2014\/img_1183.jpg\"\n               title=\"\"\n               data-src=\"http:\/\/www.karate-neuhofen.at\/wp-content\/gallery\/trainingslager-gnas-2014\/img_1183.jpg\"\n               data-thumbnail=\"http:\/\/www.karate-neuhofen.at\/wp-content\/gallery\/trainingslager-gnas-2014\/thumbs\/thumbs_img_1183.jpg\"\n               data-image-id=\"6214\"\n               data-title=\"img_1183\"\n               data-description=\"\"\n               data-image-slug=\"img_1183\"\n               class=\"shutterset_ac4aa3065405eea2a5f91ba3c27290cd\">\n                <img\n                    title=\"img_1183\"\n                    alt=\"img_1183\"\n                    src=\"http:\/\/www.karate-neuhofen.at\/wp-content\/gallery\/trainingslager-gnas-2014\/thumbs\/thumbs_img_1183.jpg\"\n                    width=\"100\"\n                    height=\"66\"\n                    style=\"max-width:100%;\"\n                \/>\n            <\/a>\n        <\/div>\n\t\t\t\t\t\t\t<\/div> \n\t\t\t\n        \n\t\t\t\t<div id=\"ngg-image-183\" class=\"ngg-gallery-thumbnail-box\" >\n\t\t\t\t        <div class=\"ngg-gallery-thumbnail\">\n            <a href=\"http:\/\/www.karate-neuhofen.at\/wp-content\/gallery\/trainingslager-gnas-2014\/img_1184.jpg\"\n               title=\"\"\n               data-src=\"http:\/\/www.karate-neuhofen.at\/wp-content\/gallery\/trainingslager-gnas-2014\/img_1184.jpg\"\n               data-thumbnail=\"http:\/\/www.karate-neuhofen.at\/wp-content\/gallery\/trainingslager-gnas-2014\/thumbs\/thumbs_img_1184.jpg\"\n               data-image-id=\"6215\"\n               data-title=\"img_1184\"\n               data-description=\"\"\n               data-image-slug=\"img_1184\"\n               class=\"shutterset_ac4aa3065405eea2a5f91ba3c27290cd\">\n                <img\n                    title=\"img_1184\"\n                    alt=\"img_1184\"\n                    src=\"http:\/\/www.karate-neuhofen.at\/wp-content\/gallery\/trainingslager-gnas-2014\/thumbs\/thumbs_img_1184.jpg\"\n                    width=\"100\"\n                    height=\"66\"\n                    style=\"max-width:100%;\"\n                \/>\n            <\/a>\n        <\/div>\n\t\t\t\t\t\t\t<\/div> \n\t\t\t\n        \n\t\t\t\t<div id=\"ngg-image-184\" class=\"ngg-gallery-thumbnail-box\" >\n\t\t\t\t        <div class=\"ngg-gallery-thumbnail\">\n            <a href=\"http:\/\/www.karate-neuhofen.at\/wp-content\/gallery\/trainingslager-gnas-2014\/img_1185.jpg\"\n               title=\"\"\n               data-src=\"http:\/\/www.karate-neuhofen.at\/wp-content\/gallery\/trainingslager-gnas-2014\/img_1185.jpg\"\n               data-thumbnail=\"http:\/\/www.karate-neuhofen.at\/wp-content\/gallery\/trainingslager-gnas-2014\/thumbs\/thumbs_img_1185.jpg\"\n               data-image-id=\"6216\"\n               data-title=\"img_1185\"\n               data-description=\"\"\n               data-image-slug=\"img_1185\"\n               class=\"shutterset_ac4aa3065405eea2a5f91ba3c27290cd\">\n                <img\n                    title=\"img_1185\"\n                    alt=\"img_1185\"\n                    src=\"http:\/\/www.karate-neuhofen.at\/wp-content\/gallery\/trainingslager-gnas-2014\/thumbs\/thumbs_img_1185.jpg\"\n                    width=\"100\"\n                    height=\"66\"\n                    style=\"max-width:100%;\"\n                \/>\n            <\/a>\n        <\/div>\n\t\t\t\t\t\t\t<\/div> \n\t\t\t\n        \n\t\t\t\t<div id=\"ngg-image-185\" class=\"ngg-gallery-thumbnail-box\" >\n\t\t\t\t        <div class=\"ngg-gallery-thumbnail\">\n            <a href=\"http:\/\/www.karate-neuhofen.at\/wp-content\/gallery\/trainingslager-gnas-2014\/img_1186.jpg\"\n               title=\"\"\n               data-src=\"http:\/\/www.karate-neuhofen.at\/wp-content\/gallery\/trainingslager-gnas-2014\/img_1186.jpg\"\n               data-thumbnail=\"http:\/\/www.karate-neuhofen.at\/wp-content\/gallery\/trainingslager-gnas-2014\/thumbs\/thumbs_img_1186.jpg\"\n               data-image-id=\"6217\"\n               data-title=\"img_1186\"\n               data-description=\"\"\n               data-image-slug=\"img_1186\"\n               class=\"shutterset_ac4aa3065405eea2a5f91ba3c27290cd\">\n                <img\n                    title=\"img_1186\"\n                    alt=\"img_1186\"\n                    src=\"http:\/\/www.karate-neuhofen.at\/wp-content\/gallery\/trainingslager-gnas-2014\/thumbs\/thumbs_img_1186.jpg\"\n                    width=\"100\"\n                    height=\"66\"\n                    style=\"max-width:100%;\"\n                \/>\n            <\/a>\n        <\/div>\n\t\t\t\t\t\t\t<\/div> \n\t\t\t\n        \n\t\t\t\t<div id=\"ngg-image-186\" class=\"ngg-gallery-thumbnail-box\" >\n\t\t\t\t        <div class=\"ngg-gallery-thumbnail\">\n            <a href=\"http:\/\/www.karate-neuhofen.at\/wp-content\/gallery\/trainingslager-gnas-2014\/img_1187.jpg\"\n               title=\"\"\n               data-src=\"http:\/\/www.karate-neuhofen.at\/wp-content\/gallery\/trainingslager-gnas-2014\/img_1187.jpg\"\n               data-thumbnail=\"http:\/\/www.karate-neuhofen.at\/wp-content\/gallery\/trainingslager-gnas-2014\/thumbs\/thumbs_img_1187.jpg\"\n               data-image-id=\"6218\"\n               data-title=\"img_1187\"\n               data-description=\"\"\n               data-image-slug=\"img_1187\"\n               class=\"shutterset_ac4aa3065405eea2a5f91ba3c27290cd\">\n                <img\n                    title=\"img_1187\"\n                    alt=\"img_1187\"\n                    src=\"http:\/\/www.karate-neuhofen.at\/wp-content\/gallery\/trainingslager-gnas-2014\/thumbs\/thumbs_img_1187.jpg\"\n                    width=\"100\"\n                    height=\"66\"\n                    style=\"max-width:100%;\"\n                \/>\n            <\/a>\n        <\/div>\n\t\t\t\t\t\t\t<\/div> \n\t\t\t\n        \n\t\t\t\t<div id=\"ngg-image-187\" class=\"ngg-gallery-thumbnail-box\" >\n\t\t\t\t        <div class=\"ngg-gallery-thumbnail\">\n            <a href=\"http:\/\/www.karate-neuhofen.at\/wp-content\/gallery\/trainingslager-gnas-2014\/img_1188.jpg\"\n               title=\"\"\n               data-src=\"http:\/\/www.karate-neuhofen.at\/wp-content\/gallery\/trainingslager-gnas-2014\/img_1188.jpg\"\n               data-thumbnail=\"http:\/\/www.karate-neuhofen.at\/wp-content\/gallery\/trainingslager-gnas-2014\/thumbs\/thumbs_img_1188.jpg\"\n               data-image-id=\"6219\"\n               data-title=\"img_1188\"\n               data-description=\"\"\n               data-image-slug=\"img_1188\"\n               class=\"shutterset_ac4aa3065405eea2a5f91ba3c27290cd\">\n                <img\n                    title=\"img_1188\"\n                    alt=\"img_1188\"\n                    src=\"http:\/\/www.karate-neuhofen.at\/wp-content\/gallery\/trainingslager-gnas-2014\/thumbs\/thumbs_img_1188.jpg\"\n                    width=\"100\"\n                    height=\"66\"\n                    style=\"max-width:100%;\"\n                \/>\n            <\/a>\n        <\/div>\n\t\t\t\t\t\t\t<\/div> \n\t\t\t\n        \n\t\t\t\t<div id=\"ngg-image-188\" class=\"ngg-gallery-thumbnail-box\" >\n\t\t\t\t        <div class=\"ngg-gallery-thumbnail\">\n            <a href=\"http:\/\/www.karate-neuhofen.at\/wp-content\/gallery\/trainingslager-gnas-2014\/img_1189.jpg\"\n               title=\"\"\n               data-src=\"http:\/\/www.karate-neuhofen.at\/wp-content\/gallery\/trainingslager-gnas-2014\/img_1189.jpg\"\n               data-thumbnail=\"http:\/\/www.karate-neuhofen.at\/wp-content\/gallery\/trainingslager-gnas-2014\/thumbs\/thumbs_img_1189.jpg\"\n               data-image-id=\"6220\"\n               data-title=\"img_1189\"\n               data-description=\"\"\n               data-image-slug=\"img_1189\"\n               class=\"shutterset_ac4aa3065405eea2a5f91ba3c27290cd\">\n                <img\n                    title=\"img_1189\"\n                    alt=\"img_1189\"\n                    src=\"http:\/\/www.karate-neuhofen.at\/wp-content\/gallery\/trainingslager-gnas-2014\/thumbs\/thumbs_img_1189.jpg\"\n                    width=\"100\"\n                    height=\"66\"\n                    style=\"max-width:100%;\"\n                \/>\n            <\/a>\n        <\/div>\n\t\t\t\t\t\t\t<\/div> \n\t\t\t\n        \n\t\t\t\t<div id=\"ngg-image-189\" class=\"ngg-gallery-thumbnail-box\" >\n\t\t\t\t        <div class=\"ngg-gallery-thumbnail\">\n            <a href=\"http:\/\/www.karate-neuhofen.at\/wp-content\/gallery\/trainingslager-gnas-2014\/img_1190.jpg\"\n               title=\"\"\n               data-src=\"http:\/\/www.karate-neuhofen.at\/wp-content\/gallery\/trainingslager-gnas-2014\/img_1190.jpg\"\n               data-thumbnail=\"http:\/\/www.karate-neuhofen.at\/wp-content\/gallery\/trainingslager-gnas-2014\/thumbs\/thumbs_img_1190.jpg\"\n               data-image-id=\"6221\"\n               data-title=\"img_1190\"\n               data-description=\"\"\n               data-image-slug=\"img_1190\"\n               class=\"shutterset_ac4aa3065405eea2a5f91ba3c27290cd\">\n                <img\n                    title=\"img_1190\"\n                    alt=\"img_1190\"\n                    src=\"http:\/\/www.karate-neuhofen.at\/wp-content\/gallery\/trainingslager-gnas-2014\/thumbs\/thumbs_img_1190.jpg\"\n                    width=\"100\"\n                    height=\"66\"\n                    style=\"max-width:100%;\"\n                \/>\n            <\/a>\n        <\/div>\n\t\t\t\t\t\t\t<\/div> \n\t\t\t\n        \n\t\t\t\t<div id=\"ngg-image-190\" class=\"ngg-gallery-thumbnail-box\" >\n\t\t\t\t        <div class=\"ngg-gallery-thumbnail\">\n            <a href=\"http:\/\/www.karate-neuhofen.at\/wp-content\/gallery\/trainingslager-gnas-2014\/img_1191.jpg\"\n               title=\"\"\n               data-src=\"http:\/\/www.karate-neuhofen.at\/wp-content\/gallery\/trainingslager-gnas-2014\/img_1191.jpg\"\n               data-thumbnail=\"http:\/\/www.karate-neuhofen.at\/wp-content\/gallery\/trainingslager-gnas-2014\/thumbs\/thumbs_img_1191.jpg\"\n               data-image-id=\"6222\"\n               data-title=\"img_1191\"\n               data-description=\"\"\n               data-image-slug=\"img_1191\"\n               class=\"shutterset_ac4aa3065405eea2a5f91ba3c27290cd\">\n                <img\n                    title=\"img_1191\"\n                    alt=\"img_1191\"\n                    src=\"http:\/\/www.karate-neuhofen.at\/wp-content\/gallery\/trainingslager-gnas-2014\/thumbs\/thumbs_img_1191.jpg\"\n                    width=\"100\"\n                    height=\"66\"\n                    style=\"max-width:100%;\"\n                \/>\n            <\/a>\n        <\/div>\n\t\t\t\t\t\t\t<\/div> \n\t\t\t\n        \n\t\t\t\t<div id=\"ngg-image-191\" class=\"ngg-gallery-thumbnail-box\" >\n\t\t\t\t        <div class=\"ngg-gallery-thumbnail\">\n            <a href=\"http:\/\/www.karate-neuhofen.at\/wp-content\/gallery\/trainingslager-gnas-2014\/img_1192.jpg\"\n               title=\"\"\n               data-src=\"http:\/\/www.karate-neuhofen.at\/wp-content\/gallery\/trainingslager-gnas-2014\/img_1192.jpg\"\n               data-thumbnail=\"http:\/\/www.karate-neuhofen.at\/wp-content\/gallery\/trainingslager-gnas-2014\/thumbs\/thumbs_img_1192.jpg\"\n               data-image-id=\"6223\"\n               data-title=\"img_1192\"\n               data-description=\"\"\n               data-image-slug=\"img_1192\"\n               class=\"shutterset_ac4aa3065405eea2a5f91ba3c27290cd\">\n                <img\n                    title=\"img_1192\"\n                    alt=\"img_1192\"\n                    src=\"http:\/\/www.karate-neuhofen.at\/wp-content\/gallery\/trainingslager-gnas-2014\/thumbs\/thumbs_img_1192.jpg\"\n                    width=\"100\"\n                    height=\"66\"\n                    style=\"max-width:100%;\"\n                \/>\n            <\/a>\n        <\/div>\n\t\t\t\t\t\t\t<\/div> \n\t\t\t\n        \n\t\t\t\t<div id=\"ngg-image-192\" class=\"ngg-gallery-thumbnail-box\" >\n\t\t\t\t        <div class=\"ngg-gallery-thumbnail\">\n            <a href=\"http:\/\/www.karate-neuhofen.at\/wp-content\/gallery\/trainingslager-gnas-2014\/img_1193.jpg\"\n               title=\"\"\n               data-src=\"http:\/\/www.karate-neuhofen.at\/wp-content\/gallery\/trainingslager-gnas-2014\/img_1193.jpg\"\n               data-thumbnail=\"http:\/\/www.karate-neuhofen.at\/wp-content\/gallery\/trainingslager-gnas-2014\/thumbs\/thumbs_img_1193.jpg\"\n               data-image-id=\"6224\"\n               data-title=\"img_1193\"\n               data-description=\"\"\n               data-image-slug=\"img_1193\"\n               class=\"shutterset_ac4aa3065405eea2a5f91ba3c27290cd\">\n                <img\n                    title=\"img_1193\"\n                    alt=\"img_1193\"\n                    src=\"http:\/\/www.karate-neuhofen.at\/wp-content\/gallery\/trainingslager-gnas-2014\/thumbs\/thumbs_img_1193.jpg\"\n                    width=\"100\"\n                    height=\"66\"\n                    style=\"max-width:100%;\"\n                \/>\n            <\/a>\n        <\/div>\n\t\t\t\t\t\t\t<\/div> \n\t\t\t\n        \n\t\t\t\t<div id=\"ngg-image-193\" class=\"ngg-gallery-thumbnail-box\" >\n\t\t\t\t        <div class=\"ngg-gallery-thumbnail\">\n            <a href=\"http:\/\/www.karate-neuhofen.at\/wp-content\/gallery\/trainingslager-gnas-2014\/img_1194.jpg\"\n               title=\"\"\n               data-src=\"http:\/\/www.karate-neuhofen.at\/wp-content\/gallery\/trainingslager-gnas-2014\/img_1194.jpg\"\n               data-thumbnail=\"http:\/\/www.karate-neuhofen.at\/wp-content\/gallery\/trainingslager-gnas-2014\/thumbs\/thumbs_img_1194.jpg\"\n               data-image-id=\"6225\"\n               data-title=\"img_1194\"\n               data-description=\"\"\n               data-image-slug=\"img_1194\"\n               class=\"shutterset_ac4aa3065405eea2a5f91ba3c27290cd\">\n                <img\n                    title=\"img_1194\"\n                    alt=\"img_1194\"\n                    src=\"http:\/\/www.karate-neuhofen.at\/wp-content\/gallery\/trainingslager-gnas-2014\/thumbs\/thumbs_img_1194.jpg\"\n                    width=\"100\"\n                    height=\"66\"\n                    style=\"max-width:100%;\"\n                \/>\n            <\/a>\n        <\/div>\n\t\t\t\t\t\t\t<\/div> \n\t\t\t\n        \n\t\t\t\t<div id=\"ngg-image-194\" class=\"ngg-gallery-thumbnail-box\" >\n\t\t\t\t        <div class=\"ngg-gallery-thumbnail\">\n            <a href=\"http:\/\/www.karate-neuhofen.at\/wp-content\/gallery\/trainingslager-gnas-2014\/img_1195.jpg\"\n               title=\"\"\n               data-src=\"http:\/\/www.karate-neuhofen.at\/wp-content\/gallery\/trainingslager-gnas-2014\/img_1195.jpg\"\n               data-thumbnail=\"http:\/\/www.karate-neuhofen.at\/wp-content\/gallery\/trainingslager-gnas-2014\/thumbs\/thumbs_img_1195.jpg\"\n               data-image-id=\"6226\"\n               data-title=\"img_1195\"\n               data-description=\"\"\n               data-image-slug=\"img_1195\"\n               class=\"shutterset_ac4aa3065405eea2a5f91ba3c27290cd\">\n                <img\n                    title=\"img_1195\"\n                    alt=\"img_1195\"\n                    src=\"http:\/\/www.karate-neuhofen.at\/wp-content\/gallery\/trainingslager-gnas-2014\/thumbs\/thumbs_img_1195.jpg\"\n                    width=\"100\"\n                    height=\"66\"\n                    style=\"max-width:100%;\"\n                \/>\n            <\/a>\n        <\/div>\n\t\t\t\t\t\t\t<\/div> \n\t\t\t\n        \n\t\t\t\t<div id=\"ngg-image-195\" class=\"ngg-gallery-thumbnail-box\" >\n\t\t\t\t        <div class=\"ngg-gallery-thumbnail\">\n            <a href=\"http:\/\/www.karate-neuhofen.at\/wp-content\/gallery\/trainingslager-gnas-2014\/img_1196.jpg\"\n               title=\"\"\n               data-src=\"http:\/\/www.karate-neuhofen.at\/wp-content\/gallery\/trainingslager-gnas-2014\/img_1196.jpg\"\n               data-thumbnail=\"http:\/\/www.karate-neuhofen.at\/wp-content\/gallery\/trainingslager-gnas-2014\/thumbs\/thumbs_img_1196.jpg\"\n               data-image-id=\"6227\"\n               data-title=\"img_1196\"\n               data-description=\"\"\n               data-image-slug=\"img_1196\"\n               class=\"shutterset_ac4aa3065405eea2a5f91ba3c27290cd\">\n                <img\n                    title=\"img_1196\"\n                    alt=\"img_1196\"\n                    src=\"http:\/\/www.karate-neuhofen.at\/wp-content\/gallery\/trainingslager-gnas-2014\/thumbs\/thumbs_img_1196.jpg\"\n                    width=\"100\"\n                    height=\"66\"\n                    style=\"max-width:100%;\"\n                \/>\n            <\/a>\n        <\/div>\n\t\t\t\t\t\t\t<\/div> \n\t\t\t\n        \n\t\t\t\t<div id=\"ngg-image-196\" class=\"ngg-gallery-thumbnail-box\" >\n\t\t\t\t        <div class=\"ngg-gallery-thumbnail\">\n            <a href=\"http:\/\/www.karate-neuhofen.at\/wp-content\/gallery\/trainingslager-gnas-2014\/img_1197.jpg\"\n               title=\"\"\n               data-src=\"http:\/\/www.karate-neuhofen.at\/wp-content\/gallery\/trainingslager-gnas-2014\/img_1197.jpg\"\n               data-thumbnail=\"http:\/\/www.karate-neuhofen.at\/wp-content\/gallery\/trainingslager-gnas-2014\/thumbs\/thumbs_img_1197.jpg\"\n               data-image-id=\"6228\"\n               data-title=\"img_1197\"\n               data-description=\"\"\n               data-image-slug=\"img_1197\"\n               class=\"shutterset_ac4aa3065405eea2a5f91ba3c27290cd\">\n                <img\n                    title=\"img_1197\"\n                    alt=\"img_1197\"\n                    src=\"http:\/\/www.karate-neuhofen.at\/wp-content\/gallery\/trainingslager-gnas-2014\/thumbs\/thumbs_img_1197.jpg\"\n                    width=\"50\"\n                    height=\"75\"\n                    style=\"max-width:100%;\"\n                \/>\n            <\/a>\n        <\/div>\n\t\t\t\t\t\t\t<\/div> \n\t\t\t\n        \n\t\t\t\t<div id=\"ngg-image-197\" class=\"ngg-gallery-thumbnail-box\" >\n\t\t\t\t        <div class=\"ngg-gallery-thumbnail\">\n            <a href=\"http:\/\/www.karate-neuhofen.at\/wp-content\/gallery\/trainingslager-gnas-2014\/img_1198.jpg\"\n               title=\"\"\n               data-src=\"http:\/\/www.karate-neuhofen.at\/wp-content\/gallery\/trainingslager-gnas-2014\/img_1198.jpg\"\n               data-thumbnail=\"http:\/\/www.karate-neuhofen.at\/wp-content\/gallery\/trainingslager-gnas-2014\/thumbs\/thumbs_img_1198.jpg\"\n               data-image-id=\"6229\"\n               data-title=\"img_1198\"\n               data-description=\"\"\n               data-image-slug=\"img_1198\"\n               class=\"shutterset_ac4aa3065405eea2a5f91ba3c27290cd\">\n                <img\n                    title=\"img_1198\"\n                    alt=\"img_1198\"\n                    src=\"http:\/\/www.karate-neuhofen.at\/wp-content\/gallery\/trainingslager-gnas-2014\/thumbs\/thumbs_img_1198.jpg\"\n                    width=\"100\"\n                    height=\"66\"\n                    style=\"max-width:100%;\"\n                \/>\n            <\/a>\n        <\/div>\n\t\t\t\t\t\t\t<\/div> \n\t\t\t\n        \n\t\t\t\t<div id=\"ngg-image-198\" class=\"ngg-gallery-thumbnail-box\" >\n\t\t\t\t        <div class=\"ngg-gallery-thumbnail\">\n            <a href=\"http:\/\/www.karate-neuhofen.at\/wp-content\/gallery\/trainingslager-gnas-2014\/img_1199.jpg\"\n               title=\"\"\n               data-src=\"http:\/\/www.karate-neuhofen.at\/wp-content\/gallery\/trainingslager-gnas-2014\/img_1199.jpg\"\n               data-thumbnail=\"http:\/\/www.karate-neuhofen.at\/wp-content\/gallery\/trainingslager-gnas-2014\/thumbs\/thumbs_img_1199.jpg\"\n               data-image-id=\"6230\"\n               data-title=\"img_1199\"\n               data-description=\"\"\n               data-image-slug=\"img_1199\"\n               class=\"shutterset_ac4aa3065405eea2a5f91ba3c27290cd\">\n                <img\n                    title=\"img_1199\"\n                    alt=\"img_1199\"\n                    src=\"http:\/\/www.karate-neuhofen.at\/wp-content\/gallery\/trainingslager-gnas-2014\/thumbs\/thumbs_img_1199.jpg\"\n                    width=\"100\"\n                    height=\"66\"\n                    style=\"max-width:100%;\"\n                \/>\n            <\/a>\n        <\/div>\n\t\t\t\t\t\t\t<\/div> \n\t\t\t\n        \n\t\t\t\t<div id=\"ngg-image-199\" class=\"ngg-gallery-thumbnail-box\" >\n\t\t\t\t        <div class=\"ngg-gallery-thumbnail\">\n            <a href=\"http:\/\/www.karate-neuhofen.at\/wp-content\/gallery\/trainingslager-gnas-2014\/img_1200.jpg\"\n               title=\"\"\n               data-src=\"http:\/\/www.karate-neuhofen.at\/wp-content\/gallery\/trainingslager-gnas-2014\/img_1200.jpg\"\n               data-thumbnail=\"http:\/\/www.karate-neuhofen.at\/wp-content\/gallery\/trainingslager-gnas-2014\/thumbs\/thumbs_img_1200.jpg\"\n               data-image-id=\"6231\"\n               data-title=\"img_1200\"\n               data-description=\"\"\n               data-image-slug=\"img_1200\"\n               class=\"shutterset_ac4aa3065405eea2a5f91ba3c27290cd\">\n                <img\n                    title=\"img_1200\"\n                    alt=\"img_1200\"\n                    src=\"http:\/\/www.karate-neuhofen.at\/wp-content\/gallery\/trainingslager-gnas-2014\/thumbs\/thumbs_img_1200.jpg\"\n                    width=\"100\"\n                    height=\"66\"\n                    style=\"max-width:100%;\"\n                \/>\n            <\/a>\n        <\/div>\n\t\t\t\t\t\t\t<\/div> \n\t\t\t\n        \n\t\t\t\t<div id=\"ngg-image-200\" class=\"ngg-gallery-thumbnail-box\" >\n\t\t\t\t        <div class=\"ngg-gallery-thumbnail\">\n            <a href=\"http:\/\/www.karate-neuhofen.at\/wp-content\/gallery\/trainingslager-gnas-2014\/img_1201.jpg\"\n               title=\"\"\n               data-src=\"http:\/\/www.karate-neuhofen.at\/wp-content\/gallery\/trainingslager-gnas-2014\/img_1201.jpg\"\n               data-thumbnail=\"http:\/\/www.karate-neuhofen.at\/wp-content\/gallery\/trainingslager-gnas-2014\/thumbs\/thumbs_img_1201.jpg\"\n               data-image-id=\"6232\"\n               data-title=\"img_1201\"\n               data-description=\"\"\n               data-image-slug=\"img_1201\"\n               class=\"shutterset_ac4aa3065405eea2a5f91ba3c27290cd\">\n                <img\n                    title=\"img_1201\"\n                    alt=\"img_1201\"\n                    src=\"http:\/\/www.karate-neuhofen.at\/wp-content\/gallery\/trainingslager-gnas-2014\/thumbs\/thumbs_img_1201.jpg\"\n                    width=\"50\"\n                    height=\"75\"\n                    style=\"max-width:100%;\"\n                \/>\n            <\/a>\n        <\/div>\n\t\t\t\t\t\t\t<\/div> \n\t\t\t\n        \n\t\t\t\t<div id=\"ngg-image-201\" class=\"ngg-gallery-thumbnail-box\" >\n\t\t\t\t        <div class=\"ngg-gallery-thumbnail\">\n            <a href=\"http:\/\/www.karate-neuhofen.at\/wp-content\/gallery\/trainingslager-gnas-2014\/img_1202.jpg\"\n               title=\"\"\n               data-src=\"http:\/\/www.karate-neuhofen.at\/wp-content\/gallery\/trainingslager-gnas-2014\/img_1202.jpg\"\n               data-thumbnail=\"http:\/\/www.karate-neuhofen.at\/wp-content\/gallery\/trainingslager-gnas-2014\/thumbs\/thumbs_img_1202.jpg\"\n               data-image-id=\"6233\"\n               data-title=\"img_1202\"\n               data-description=\"\"\n               data-image-slug=\"img_1202\"\n               class=\"shutterset_ac4aa3065405eea2a5f91ba3c27290cd\">\n                <img\n                    title=\"img_1202\"\n                    alt=\"img_1202\"\n                    src=\"http:\/\/www.karate-neuhofen.at\/wp-content\/gallery\/trainingslager-gnas-2014\/thumbs\/thumbs_img_1202.jpg\"\n                    width=\"50\"\n                    height=\"75\"\n                    style=\"max-width:100%;\"\n                \/>\n            <\/a>\n        <\/div>\n\t\t\t\t\t\t\t<\/div> \n\t\t\t\n        \n\t\t\t\t<div id=\"ngg-image-202\" class=\"ngg-gallery-thumbnail-box\" >\n\t\t\t\t        <div class=\"ngg-gallery-thumbnail\">\n            <a href=\"http:\/\/www.karate-neuhofen.at\/wp-content\/gallery\/trainingslager-gnas-2014\/img_1203.jpg\"\n               title=\"\"\n               data-src=\"http:\/\/www.karate-neuhofen.at\/wp-content\/gallery\/trainingslager-gnas-2014\/img_1203.jpg\"\n               data-thumbnail=\"http:\/\/www.karate-neuhofen.at\/wp-content\/gallery\/trainingslager-gnas-2014\/thumbs\/thumbs_img_1203.jpg\"\n               data-image-id=\"6234\"\n               data-title=\"img_1203\"\n               data-description=\"\"\n               data-image-slug=\"img_1203\"\n               class=\"shutterset_ac4aa3065405eea2a5f91ba3c27290cd\">\n                <img\n                    title=\"img_1203\"\n                    alt=\"img_1203\"\n                    src=\"http:\/\/www.karate-neuhofen.at\/wp-content\/gallery\/trainingslager-gnas-2014\/thumbs\/thumbs_img_1203.jpg\"\n                    width=\"50\"\n                    height=\"75\"\n                    style=\"max-width:100%;\"\n                \/>\n            <\/a>\n        <\/div>\n\t\t\t\t\t\t\t<\/div> \n\t\t\t\n        \n\t\t\t\t<div id=\"ngg-image-203\" class=\"ngg-gallery-thumbnail-box\" >\n\t\t\t\t        <div class=\"ngg-gallery-thumbnail\">\n            <a href=\"http:\/\/www.karate-neuhofen.at\/wp-content\/gallery\/trainingslager-gnas-2014\/img_1204.jpg\"\n               title=\"\"\n               data-src=\"http:\/\/www.karate-neuhofen.at\/wp-content\/gallery\/trainingslager-gnas-2014\/img_1204.jpg\"\n               data-thumbnail=\"http:\/\/www.karate-neuhofen.at\/wp-content\/gallery\/trainingslager-gnas-2014\/thumbs\/thumbs_img_1204.jpg\"\n               data-image-id=\"6235\"\n               data-title=\"img_1204\"\n               data-description=\"\"\n               data-image-slug=\"img_1204\"\n               class=\"shutterset_ac4aa3065405eea2a5f91ba3c27290cd\">\n                <img\n                    title=\"img_1204\"\n                    alt=\"img_1204\"\n                    src=\"http:\/\/www.karate-neuhofen.at\/wp-content\/gallery\/trainingslager-gnas-2014\/thumbs\/thumbs_img_1204.jpg\"\n                    width=\"50\"\n                    height=\"75\"\n                    style=\"max-width:100%;\"\n                \/>\n            <\/a>\n        <\/div>\n\t\t\t\t\t\t\t<\/div> \n\t\t\t\n        \n\t\t\t\t<div id=\"ngg-image-204\" class=\"ngg-gallery-thumbnail-box\" >\n\t\t\t\t        <div class=\"ngg-gallery-thumbnail\">\n            <a href=\"http:\/\/www.karate-neuhofen.at\/wp-content\/gallery\/trainingslager-gnas-2014\/img_1205.jpg\"\n               title=\"\"\n               data-src=\"http:\/\/www.karate-neuhofen.at\/wp-content\/gallery\/trainingslager-gnas-2014\/img_1205.jpg\"\n               data-thumbnail=\"http:\/\/www.karate-neuhofen.at\/wp-content\/gallery\/trainingslager-gnas-2014\/thumbs\/thumbs_img_1205.jpg\"\n               data-image-id=\"6236\"\n               data-title=\"img_1205\"\n               data-description=\"\"\n               data-image-slug=\"img_1205\"\n               class=\"shutterset_ac4aa3065405eea2a5f91ba3c27290cd\">\n                <img\n                    title=\"img_1205\"\n                    alt=\"img_1205\"\n                    src=\"http:\/\/www.karate-neuhofen.at\/wp-content\/gallery\/trainingslager-gnas-2014\/thumbs\/thumbs_img_1205.jpg\"\n                    width=\"50\"\n                    height=\"75\"\n                    style=\"max-width:100%;\"\n                \/>\n            <\/a>\n        <\/div>\n\t\t\t\t\t\t\t<\/div> \n\t\t\t\n        \n\t\t\t\t<div id=\"ngg-image-205\" class=\"ngg-gallery-thumbnail-box\" >\n\t\t\t\t        <div class=\"ngg-gallery-thumbnail\">\n            <a href=\"http:\/\/www.karate-neuhofen.at\/wp-content\/gallery\/trainingslager-gnas-2014\/img_1206.jpg\"\n               title=\"\"\n               data-src=\"http:\/\/www.karate-neuhofen.at\/wp-content\/gallery\/trainingslager-gnas-2014\/img_1206.jpg\"\n               data-thumbnail=\"http:\/\/www.karate-neuhofen.at\/wp-content\/gallery\/trainingslager-gnas-2014\/thumbs\/thumbs_img_1206.jpg\"\n               data-image-id=\"6237\"\n               data-title=\"img_1206\"\n               data-description=\"\"\n               data-image-slug=\"img_1206\"\n               class=\"shutterset_ac4aa3065405eea2a5f91ba3c27290cd\">\n                <img\n                    title=\"img_1206\"\n                    alt=\"img_1206\"\n                    src=\"http:\/\/www.karate-neuhofen.at\/wp-content\/gallery\/trainingslager-gnas-2014\/thumbs\/thumbs_img_1206.jpg\"\n                    width=\"50\"\n                    height=\"75\"\n                    style=\"max-width:100%;\"\n                \/>\n            <\/a>\n        <\/div>\n\t\t\t\t\t\t\t<\/div> \n\t\t\t\n        \n\t\t\t\t<div id=\"ngg-image-206\" class=\"ngg-gallery-thumbnail-box\" >\n\t\t\t\t        <div class=\"ngg-gallery-thumbnail\">\n            <a href=\"http:\/\/www.karate-neuhofen.at\/wp-content\/gallery\/trainingslager-gnas-2014\/img_1207.jpg\"\n               title=\"\"\n               data-src=\"http:\/\/www.karate-neuhofen.at\/wp-content\/gallery\/trainingslager-gnas-2014\/img_1207.jpg\"\n               data-thumbnail=\"http:\/\/www.karate-neuhofen.at\/wp-content\/gallery\/trainingslager-gnas-2014\/thumbs\/thumbs_img_1207.jpg\"\n               data-image-id=\"6238\"\n               data-title=\"img_1207\"\n               data-description=\"\"\n               data-image-slug=\"img_1207\"\n               class=\"shutterset_ac4aa3065405eea2a5f91ba3c27290cd\">\n                <img\n                    title=\"img_1207\"\n                    alt=\"img_1207\"\n                    src=\"http:\/\/www.karate-neuhofen.at\/wp-content\/gallery\/trainingslager-gnas-2014\/thumbs\/thumbs_img_1207.jpg\"\n                    width=\"100\"\n                    height=\"66\"\n                    style=\"max-width:100%;\"\n                \/>\n            <\/a>\n        <\/div>\n\t\t\t\t\t\t\t<\/div> \n\t\t\t\n        \n\t\t\t\t<div id=\"ngg-image-207\" class=\"ngg-gallery-thumbnail-box\" >\n\t\t\t\t        <div class=\"ngg-gallery-thumbnail\">\n            <a href=\"http:\/\/www.karate-neuhofen.at\/wp-content\/gallery\/trainingslager-gnas-2014\/img_1208.jpg\"\n               title=\"\"\n               data-src=\"http:\/\/www.karate-neuhofen.at\/wp-content\/gallery\/trainingslager-gnas-2014\/img_1208.jpg\"\n               data-thumbnail=\"http:\/\/www.karate-neuhofen.at\/wp-content\/gallery\/trainingslager-gnas-2014\/thumbs\/thumbs_img_1208.jpg\"\n               data-image-id=\"6239\"\n               data-title=\"img_1208\"\n               data-description=\"\"\n               data-image-slug=\"img_1208\"\n               class=\"shutterset_ac4aa3065405eea2a5f91ba3c27290cd\">\n                <img\n                    title=\"img_1208\"\n                    alt=\"img_1208\"\n                    src=\"http:\/\/www.karate-neuhofen.at\/wp-content\/gallery\/trainingslager-gnas-2014\/thumbs\/thumbs_img_1208.jpg\"\n                    width=\"100\"\n                    height=\"66\"\n                    style=\"max-width:100%;\"\n                \/>\n            <\/a>\n        <\/div>\n\t\t\t\t\t\t\t<\/div> \n\t\t\t\n        \n\t\t\t\t<div id=\"ngg-image-208\" class=\"ngg-gallery-thumbnail-box\" >\n\t\t\t\t        <div class=\"ngg-gallery-thumbnail\">\n            <a href=\"http:\/\/www.karate-neuhofen.at\/wp-content\/gallery\/trainingslager-gnas-2014\/img_1209.jpg\"\n               title=\"\"\n               data-src=\"http:\/\/www.karate-neuhofen.at\/wp-content\/gallery\/trainingslager-gnas-2014\/img_1209.jpg\"\n               data-thumbnail=\"http:\/\/www.karate-neuhofen.at\/wp-content\/gallery\/trainingslager-gnas-2014\/thumbs\/thumbs_img_1209.jpg\"\n               data-image-id=\"6240\"\n               data-title=\"img_1209\"\n               data-description=\"\"\n               data-image-slug=\"img_1209\"\n               class=\"shutterset_ac4aa3065405eea2a5f91ba3c27290cd\">\n                <img\n                    title=\"img_1209\"\n                    alt=\"img_1209\"\n                    src=\"http:\/\/www.karate-neuhofen.at\/wp-content\/gallery\/trainingslager-gnas-2014\/thumbs\/thumbs_img_1209.jpg\"\n                    width=\"100\"\n                    height=\"66\"\n                    style=\"max-width:100%;\"\n                \/>\n            <\/a>\n        <\/div>\n\t\t\t\t\t\t\t<\/div> \n\t\t\t\n        \n\t\t\t\t<div id=\"ngg-image-209\" class=\"ngg-gallery-thumbnail-box\" >\n\t\t\t\t        <div class=\"ngg-gallery-thumbnail\">\n            <a href=\"http:\/\/www.karate-neuhofen.at\/wp-content\/gallery\/trainingslager-gnas-2014\/img_1210.jpg\"\n               title=\"\"\n               data-src=\"http:\/\/www.karate-neuhofen.at\/wp-content\/gallery\/trainingslager-gnas-2014\/img_1210.jpg\"\n               data-thumbnail=\"http:\/\/www.karate-neuhofen.at\/wp-content\/gallery\/trainingslager-gnas-2014\/thumbs\/thumbs_img_1210.jpg\"\n               data-image-id=\"6241\"\n               data-title=\"img_1210\"\n               data-description=\"\"\n               data-image-slug=\"img_1210\"\n               class=\"shutterset_ac4aa3065405eea2a5f91ba3c27290cd\">\n                <img\n                    title=\"img_1210\"\n                    alt=\"img_1210\"\n                    src=\"http:\/\/www.karate-neuhofen.at\/wp-content\/gallery\/trainingslager-gnas-2014\/thumbs\/thumbs_img_1210.jpg\"\n                    width=\"100\"\n                    height=\"73\"\n                    style=\"max-width:100%;\"\n                \/>\n            <\/a>\n        <\/div>\n\t\t\t\t\t\t\t<\/div> \n\t\t\t\n        \n\t\t\t\t<div id=\"ngg-image-210\" class=\"ngg-gallery-thumbnail-box\" >\n\t\t\t\t        <div class=\"ngg-gallery-thumbnail\">\n            <a href=\"http:\/\/www.karate-neuhofen.at\/wp-content\/gallery\/trainingslager-gnas-2014\/img_1211.jpg\"\n               title=\"\"\n               data-src=\"http:\/\/www.karate-neuhofen.at\/wp-content\/gallery\/trainingslager-gnas-2014\/img_1211.jpg\"\n               data-thumbnail=\"http:\/\/www.karate-neuhofen.at\/wp-content\/gallery\/trainingslager-gnas-2014\/thumbs\/thumbs_img_1211.jpg\"\n               data-image-id=\"6242\"\n               data-title=\"img_1211\"\n               data-description=\"\"\n               data-image-slug=\"img_1211\"\n               class=\"shutterset_ac4aa3065405eea2a5f91ba3c27290cd\">\n                <img\n                    title=\"img_1211\"\n                    alt=\"img_1211\"\n                    src=\"http:\/\/www.karate-neuhofen.at\/wp-content\/gallery\/trainingslager-gnas-2014\/thumbs\/thumbs_img_1211.jpg\"\n                    width=\"100\"\n                    height=\"66\"\n                    style=\"max-width:100%;\"\n                \/>\n            <\/a>\n        <\/div>\n\t\t\t\t\t\t\t<\/div> \n\t\t\t\n        \n\t\t\t\t<div id=\"ngg-image-211\" class=\"ngg-gallery-thumbnail-box\" >\n\t\t\t\t        <div class=\"ngg-gallery-thumbnail\">\n            <a href=\"http:\/\/www.karate-neuhofen.at\/wp-content\/gallery\/trainingslager-gnas-2014\/img_1212.jpg\"\n               title=\"\"\n               data-src=\"http:\/\/www.karate-neuhofen.at\/wp-content\/gallery\/trainingslager-gnas-2014\/img_1212.jpg\"\n               data-thumbnail=\"http:\/\/www.karate-neuhofen.at\/wp-content\/gallery\/trainingslager-gnas-2014\/thumbs\/thumbs_img_1212.jpg\"\n               data-image-id=\"6243\"\n               data-title=\"img_1212\"\n               data-description=\"\"\n               data-image-slug=\"img_1212\"\n               class=\"shutterset_ac4aa3065405eea2a5f91ba3c27290cd\">\n                <img\n                    title=\"img_1212\"\n                    alt=\"img_1212\"\n                    src=\"http:\/\/www.karate-neuhofen.at\/wp-content\/gallery\/trainingslager-gnas-2014\/thumbs\/thumbs_img_1212.jpg\"\n                    width=\"62\"\n                    height=\"75\"\n                    style=\"max-width:100%;\"\n                \/>\n            <\/a>\n        <\/div>\n\t\t\t\t\t\t\t<\/div> \n\t\t\t\n        \n\t\t\t\t<div id=\"ngg-image-212\" class=\"ngg-gallery-thumbnail-box\" >\n\t\t\t\t        <div class=\"ngg-gallery-thumbnail\">\n            <a href=\"http:\/\/www.karate-neuhofen.at\/wp-content\/gallery\/trainingslager-gnas-2014\/img_1213.jpg\"\n               title=\"\"\n               data-src=\"http:\/\/www.karate-neuhofen.at\/wp-content\/gallery\/trainingslager-gnas-2014\/img_1213.jpg\"\n               data-thumbnail=\"http:\/\/www.karate-neuhofen.at\/wp-content\/gallery\/trainingslager-gnas-2014\/thumbs\/thumbs_img_1213.jpg\"\n               data-image-id=\"6244\"\n               data-title=\"img_1213\"\n               data-description=\"\"\n               data-image-slug=\"img_1213\"\n               class=\"shutterset_ac4aa3065405eea2a5f91ba3c27290cd\">\n                <img\n                    title=\"img_1213\"\n                    alt=\"img_1213\"\n                    src=\"http:\/\/www.karate-neuhofen.at\/wp-content\/gallery\/trainingslager-gnas-2014\/thumbs\/thumbs_img_1213.jpg\"\n                    width=\"53\"\n                    height=\"75\"\n                    style=\"max-width:100%;\"\n                \/>\n            <\/a>\n        <\/div>\n\t\t\t\t\t\t\t<\/div> \n\t\t\t\n        \n\t\t\t\t<div id=\"ngg-image-213\" class=\"ngg-gallery-thumbnail-box\" >\n\t\t\t\t        <div class=\"ngg-gallery-thumbnail\">\n            <a href=\"http:\/\/www.karate-neuhofen.at\/wp-content\/gallery\/trainingslager-gnas-2014\/img_1214.jpg\"\n               title=\"\"\n               data-src=\"http:\/\/www.karate-neuhofen.at\/wp-content\/gallery\/trainingslager-gnas-2014\/img_1214.jpg\"\n               data-thumbnail=\"http:\/\/www.karate-neuhofen.at\/wp-content\/gallery\/trainingslager-gnas-2014\/thumbs\/thumbs_img_1214.jpg\"\n               data-image-id=\"6245\"\n               data-title=\"img_1214\"\n               data-description=\"\"\n               data-image-slug=\"img_1214\"\n               class=\"shutterset_ac4aa3065405eea2a5f91ba3c27290cd\">\n                <img\n                    title=\"img_1214\"\n                    alt=\"img_1214\"\n                    src=\"http:\/\/www.karate-neuhofen.at\/wp-content\/gallery\/trainingslager-gnas-2014\/thumbs\/thumbs_img_1214.jpg\"\n                    width=\"100\"\n                    height=\"73\"\n                    style=\"max-width:100%;\"\n                \/>\n            <\/a>\n        <\/div>\n\t\t\t\t\t\t\t<\/div> \n\t\t\t\n        \n\t\t\t\t<div id=\"ngg-image-214\" class=\"ngg-gallery-thumbnail-box\" >\n\t\t\t\t        <div class=\"ngg-gallery-thumbnail\">\n            <a href=\"http:\/\/www.karate-neuhofen.at\/wp-content\/gallery\/trainingslager-gnas-2014\/img_1215.jpg\"\n               title=\"\"\n               data-src=\"http:\/\/www.karate-neuhofen.at\/wp-content\/gallery\/trainingslager-gnas-2014\/img_1215.jpg\"\n               data-thumbnail=\"http:\/\/www.karate-neuhofen.at\/wp-content\/gallery\/trainingslager-gnas-2014\/thumbs\/thumbs_img_1215.jpg\"\n               data-image-id=\"6246\"\n               data-title=\"img_1215\"\n               data-description=\"\"\n               data-image-slug=\"img_1215\"\n               class=\"shutterset_ac4aa3065405eea2a5f91ba3c27290cd\">\n                <img\n                    title=\"img_1215\"\n                    alt=\"img_1215\"\n                    src=\"http:\/\/www.karate-neuhofen.at\/wp-content\/gallery\/trainingslager-gnas-2014\/thumbs\/thumbs_img_1215.jpg\"\n                    width=\"100\"\n                    height=\"66\"\n                    style=\"max-width:100%;\"\n                \/>\n            <\/a>\n        <\/div>\n\t\t\t\t\t\t\t<\/div> \n\t\t\t\n        \n\t\t\t\t<div id=\"ngg-image-215\" class=\"ngg-gallery-thumbnail-box\" >\n\t\t\t\t        <div class=\"ngg-gallery-thumbnail\">\n            <a href=\"http:\/\/www.karate-neuhofen.at\/wp-content\/gallery\/trainingslager-gnas-2014\/img_1216.jpg\"\n               title=\"\"\n               data-src=\"http:\/\/www.karate-neuhofen.at\/wp-content\/gallery\/trainingslager-gnas-2014\/img_1216.jpg\"\n               data-thumbnail=\"http:\/\/www.karate-neuhofen.at\/wp-content\/gallery\/trainingslager-gnas-2014\/thumbs\/thumbs_img_1216.jpg\"\n               data-image-id=\"6247\"\n               data-title=\"img_1216\"\n               data-description=\"\"\n               data-image-slug=\"img_1216\"\n               class=\"shutterset_ac4aa3065405eea2a5f91ba3c27290cd\">\n                <img\n                    title=\"img_1216\"\n                    alt=\"img_1216\"\n                    src=\"http:\/\/www.karate-neuhofen.at\/wp-content\/gallery\/trainingslager-gnas-2014\/thumbs\/thumbs_img_1216.jpg\"\n                    width=\"100\"\n                    height=\"66\"\n                    style=\"max-width:100%;\"\n                \/>\n            <\/a>\n        <\/div>\n\t\t\t\t\t\t\t<\/div> \n\t\t\t\n        \n\t\t\t\t<div id=\"ngg-image-216\" class=\"ngg-gallery-thumbnail-box\" >\n\t\t\t\t        <div class=\"ngg-gallery-thumbnail\">\n            <a href=\"http:\/\/www.karate-neuhofen.at\/wp-content\/gallery\/trainingslager-gnas-2014\/img_1217.jpg\"\n               title=\"\"\n               data-src=\"http:\/\/www.karate-neuhofen.at\/wp-content\/gallery\/trainingslager-gnas-2014\/img_1217.jpg\"\n               data-thumbnail=\"http:\/\/www.karate-neuhofen.at\/wp-content\/gallery\/trainingslager-gnas-2014\/thumbs\/thumbs_img_1217.jpg\"\n               data-image-id=\"6248\"\n               data-title=\"img_1217\"\n               data-description=\"\"\n               data-image-slug=\"img_1217\"\n               class=\"shutterset_ac4aa3065405eea2a5f91ba3c27290cd\">\n                <img\n                    title=\"img_1217\"\n                    alt=\"img_1217\"\n                    src=\"http:\/\/www.karate-neuhofen.at\/wp-content\/gallery\/trainingslager-gnas-2014\/thumbs\/thumbs_img_1217.jpg\"\n                    width=\"100\"\n                    height=\"73\"\n                    style=\"max-width:100%;\"\n                \/>\n            <\/a>\n        <\/div>\n\t\t\t\t\t\t\t<\/div> \n\t\t\t\n        \n\t\t\t\t<div id=\"ngg-image-217\" class=\"ngg-gallery-thumbnail-box\" >\n\t\t\t\t        <div class=\"ngg-gallery-thumbnail\">\n            <a href=\"http:\/\/www.karate-neuhofen.at\/wp-content\/gallery\/trainingslager-gnas-2014\/img_1218.jpg\"\n               title=\"\"\n               data-src=\"http:\/\/www.karate-neuhofen.at\/wp-content\/gallery\/trainingslager-gnas-2014\/img_1218.jpg\"\n               data-thumbnail=\"http:\/\/www.karate-neuhofen.at\/wp-content\/gallery\/trainingslager-gnas-2014\/thumbs\/thumbs_img_1218.jpg\"\n               data-image-id=\"6249\"\n               data-title=\"img_1218\"\n               data-description=\"\"\n               data-image-slug=\"img_1218\"\n               class=\"shutterset_ac4aa3065405eea2a5f91ba3c27290cd\">\n                <img\n                    title=\"img_1218\"\n                    alt=\"img_1218\"\n                    src=\"http:\/\/www.karate-neuhofen.at\/wp-content\/gallery\/trainingslager-gnas-2014\/thumbs\/thumbs_img_1218.jpg\"\n                    width=\"100\"\n                    height=\"66\"\n                    style=\"max-width:100%;\"\n                \/>\n            <\/a>\n        <\/div>\n\t\t\t\t\t\t\t<\/div> \n\t\t\t\n        \n\t\t\t\t<div id=\"ngg-image-218\" class=\"ngg-gallery-thumbnail-box\" >\n\t\t\t\t        <div class=\"ngg-gallery-thumbnail\">\n            <a href=\"http:\/\/www.karate-neuhofen.at\/wp-content\/gallery\/trainingslager-gnas-2014\/img_1219.jpg\"\n               title=\"\"\n               data-src=\"http:\/\/www.karate-neuhofen.at\/wp-content\/gallery\/trainingslager-gnas-2014\/img_1219.jpg\"\n               data-thumbnail=\"http:\/\/www.karate-neuhofen.at\/wp-content\/gallery\/trainingslager-gnas-2014\/thumbs\/thumbs_img_1219.jpg\"\n               data-image-id=\"6250\"\n               data-title=\"img_1219\"\n               data-description=\"\"\n               data-image-slug=\"img_1219\"\n               class=\"shutterset_ac4aa3065405eea2a5f91ba3c27290cd\">\n                <img\n                    title=\"img_1219\"\n                    alt=\"img_1219\"\n                    src=\"http:\/\/www.karate-neuhofen.at\/wp-content\/gallery\/trainingslager-gnas-2014\/thumbs\/thumbs_img_1219.jpg\"\n                    width=\"50\"\n                    height=\"75\"\n                    style=\"max-width:100%;\"\n                \/>\n            <\/a>\n        <\/div>\n\t\t\t\t\t\t\t<\/div> \n\t\t\t\n        \n\t\t\t\t<div id=\"ngg-image-219\" class=\"ngg-gallery-thumbnail-box\" >\n\t\t\t\t        <div class=\"ngg-gallery-thumbnail\">\n            <a href=\"http:\/\/www.karate-neuhofen.at\/wp-content\/gallery\/trainingslager-gnas-2014\/img_1220.jpg\"\n               title=\"\"\n               data-src=\"http:\/\/www.karate-neuhofen.at\/wp-content\/gallery\/trainingslager-gnas-2014\/img_1220.jpg\"\n               data-thumbnail=\"http:\/\/www.karate-neuhofen.at\/wp-content\/gallery\/trainingslager-gnas-2014\/thumbs\/thumbs_img_1220.jpg\"\n               data-image-id=\"6251\"\n               data-title=\"img_1220\"\n               data-description=\"\"\n               data-image-slug=\"img_1220\"\n               class=\"shutterset_ac4aa3065405eea2a5f91ba3c27290cd\">\n                <img\n                    title=\"img_1220\"\n                    alt=\"img_1220\"\n                    src=\"http:\/\/www.karate-neuhofen.at\/wp-content\/gallery\/trainingslager-gnas-2014\/thumbs\/thumbs_img_1220.jpg\"\n                    width=\"100\"\n                    height=\"73\"\n                    style=\"max-width:100%;\"\n                \/>\n            <\/a>\n        <\/div>\n\t\t\t\t\t\t\t<\/div> \n\t\t\t\n        \n\t\t\t\t<div id=\"ngg-image-220\" class=\"ngg-gallery-thumbnail-box\" >\n\t\t\t\t        <div class=\"ngg-gallery-thumbnail\">\n            <a href=\"http:\/\/www.karate-neuhofen.at\/wp-content\/gallery\/trainingslager-gnas-2014\/img_1221.jpg\"\n               title=\"\"\n               data-src=\"http:\/\/www.karate-neuhofen.at\/wp-content\/gallery\/trainingslager-gnas-2014\/img_1221.jpg\"\n               data-thumbnail=\"http:\/\/www.karate-neuhofen.at\/wp-content\/gallery\/trainingslager-gnas-2014\/thumbs\/thumbs_img_1221.jpg\"\n               data-image-id=\"6252\"\n               data-title=\"img_1221\"\n               data-description=\"\"\n               data-image-slug=\"img_1221\"\n               class=\"shutterset_ac4aa3065405eea2a5f91ba3c27290cd\">\n                <img\n                    title=\"img_1221\"\n                    alt=\"img_1221\"\n                    src=\"http:\/\/www.karate-neuhofen.at\/wp-content\/gallery\/trainingslager-gnas-2014\/thumbs\/thumbs_img_1221.jpg\"\n                    width=\"100\"\n                    height=\"66\"\n                    style=\"max-width:100%;\"\n                \/>\n            <\/a>\n        <\/div>\n\t\t\t\t\t\t\t<\/div> \n\t\t\t\n        \n\t\t\t\t<div id=\"ngg-image-221\" class=\"ngg-gallery-thumbnail-box\" >\n\t\t\t\t        <div class=\"ngg-gallery-thumbnail\">\n            <a href=\"http:\/\/www.karate-neuhofen.at\/wp-content\/gallery\/trainingslager-gnas-2014\/img_1222.jpg\"\n               title=\"\"\n               data-src=\"http:\/\/www.karate-neuhofen.at\/wp-content\/gallery\/trainingslager-gnas-2014\/img_1222.jpg\"\n               data-thumbnail=\"http:\/\/www.karate-neuhofen.at\/wp-content\/gallery\/trainingslager-gnas-2014\/thumbs\/thumbs_img_1222.jpg\"\n               data-image-id=\"6253\"\n               data-title=\"img_1222\"\n               data-description=\"\"\n               data-image-slug=\"img_1222\"\n               class=\"shutterset_ac4aa3065405eea2a5f91ba3c27290cd\">\n                <img\n                    title=\"img_1222\"\n                    alt=\"img_1222\"\n                    src=\"http:\/\/www.karate-neuhofen.at\/wp-content\/gallery\/trainingslager-gnas-2014\/thumbs\/thumbs_img_1222.jpg\"\n                    width=\"100\"\n                    height=\"66\"\n                    style=\"max-width:100%;\"\n                \/>\n            <\/a>\n        <\/div>\n\t\t\t\t\t\t\t<\/div> \n\t\t\t\n        \n\t\t\t\t<div id=\"ngg-image-222\" class=\"ngg-gallery-thumbnail-box\" >\n\t\t\t\t        <div class=\"ngg-gallery-thumbnail\">\n            <a href=\"http:\/\/www.karate-neuhofen.at\/wp-content\/gallery\/trainingslager-gnas-2014\/img_1223.jpg\"\n               title=\"\"\n               data-src=\"http:\/\/www.karate-neuhofen.at\/wp-content\/gallery\/trainingslager-gnas-2014\/img_1223.jpg\"\n               data-thumbnail=\"http:\/\/www.karate-neuhofen.at\/wp-content\/gallery\/trainingslager-gnas-2014\/thumbs\/thumbs_img_1223.jpg\"\n               data-image-id=\"6254\"\n               data-title=\"img_1223\"\n               data-description=\"\"\n               data-image-slug=\"img_1223\"\n               class=\"shutterset_ac4aa3065405eea2a5f91ba3c27290cd\">\n                <img\n                    title=\"img_1223\"\n                    alt=\"img_1223\"\n                    src=\"http:\/\/www.karate-neuhofen.at\/wp-content\/gallery\/trainingslager-gnas-2014\/thumbs\/thumbs_img_1223.jpg\"\n                    width=\"100\"\n                    height=\"66\"\n                    style=\"max-width:100%;\"\n                \/>\n            <\/a>\n        <\/div>\n\t\t\t\t\t\t\t<\/div> \n\t\t\t\n        \n\t\t\t\t<div id=\"ngg-image-223\" class=\"ngg-gallery-thumbnail-box\" >\n\t\t\t\t        <div class=\"ngg-gallery-thumbnail\">\n            <a href=\"http:\/\/www.karate-neuhofen.at\/wp-content\/gallery\/trainingslager-gnas-2014\/img_1224.jpg\"\n               title=\"\"\n               data-src=\"http:\/\/www.karate-neuhofen.at\/wp-content\/gallery\/trainingslager-gnas-2014\/img_1224.jpg\"\n               data-thumbnail=\"http:\/\/www.karate-neuhofen.at\/wp-content\/gallery\/trainingslager-gnas-2014\/thumbs\/thumbs_img_1224.jpg\"\n               data-image-id=\"6255\"\n               data-title=\"img_1224\"\n               data-description=\"\"\n               data-image-slug=\"img_1224\"\n               class=\"shutterset_ac4aa3065405eea2a5f91ba3c27290cd\">\n                <img\n                    title=\"img_1224\"\n                    alt=\"img_1224\"\n                    src=\"http:\/\/www.karate-neuhofen.at\/wp-content\/gallery\/trainingslager-gnas-2014\/thumbs\/thumbs_img_1224.jpg\"\n                    width=\"100\"\n                    height=\"66\"\n                    style=\"max-width:100%;\"\n                \/>\n            <\/a>\n        <\/div>\n\t\t\t\t\t\t\t<\/div> \n\t\t\t\n        \n\t\t\t\t<div id=\"ngg-image-224\" class=\"ngg-gallery-thumbnail-box\" >\n\t\t\t\t        <div class=\"ngg-gallery-thumbnail\">\n            <a href=\"http:\/\/www.karate-neuhofen.at\/wp-content\/gallery\/trainingslager-gnas-2014\/img_1225.jpg\"\n               title=\"\"\n               data-src=\"http:\/\/www.karate-neuhofen.at\/wp-content\/gallery\/trainingslager-gnas-2014\/img_1225.jpg\"\n               data-thumbnail=\"http:\/\/www.karate-neuhofen.at\/wp-content\/gallery\/trainingslager-gnas-2014\/thumbs\/thumbs_img_1225.jpg\"\n               data-image-id=\"6256\"\n               data-title=\"img_1225\"\n               data-description=\"\"\n               data-image-slug=\"img_1225\"\n               class=\"shutterset_ac4aa3065405eea2a5f91ba3c27290cd\">\n                <img\n                    title=\"img_1225\"\n                    alt=\"img_1225\"\n                    src=\"http:\/\/www.karate-neuhofen.at\/wp-content\/gallery\/trainingslager-gnas-2014\/thumbs\/thumbs_img_1225.jpg\"\n                    width=\"100\"\n                    height=\"73\"\n                    style=\"max-width:100%;\"\n                \/>\n            <\/a>\n        <\/div>\n\t\t\t\t\t\t\t<\/div> \n\t\t\t\n        \n\t\t\t\t<div id=\"ngg-image-225\" class=\"ngg-gallery-thumbnail-box\" >\n\t\t\t\t        <div class=\"ngg-gallery-thumbnail\">\n            <a href=\"http:\/\/www.karate-neuhofen.at\/wp-content\/gallery\/trainingslager-gnas-2014\/img_1226.jpg\"\n               title=\"\"\n               data-src=\"http:\/\/www.karate-neuhofen.at\/wp-content\/gallery\/trainingslager-gnas-2014\/img_1226.jpg\"\n               data-thumbnail=\"http:\/\/www.karate-neuhofen.at\/wp-content\/gallery\/trainingslager-gnas-2014\/thumbs\/thumbs_img_1226.jpg\"\n               data-image-id=\"6257\"\n               data-title=\"img_1226\"\n               data-description=\"\"\n               data-image-slug=\"img_1226\"\n               class=\"shutterset_ac4aa3065405eea2a5f91ba3c27290cd\">\n                <img\n                    title=\"img_1226\"\n                    alt=\"img_1226\"\n                    src=\"http:\/\/www.karate-neuhofen.at\/wp-content\/gallery\/trainingslager-gnas-2014\/thumbs\/thumbs_img_1226.jpg\"\n                    width=\"100\"\n                    height=\"66\"\n                    style=\"max-width:100%;\"\n                \/>\n            <\/a>\n        <\/div>\n\t\t\t\t\t\t\t<\/div> \n\t\t\t\n        \n\t\t\t\t<div id=\"ngg-image-226\" class=\"ngg-gallery-thumbnail-box\" >\n\t\t\t\t        <div class=\"ngg-gallery-thumbnail\">\n            <a href=\"http:\/\/www.karate-neuhofen.at\/wp-content\/gallery\/trainingslager-gnas-2014\/img_1227.jpg\"\n               title=\"\"\n               data-src=\"http:\/\/www.karate-neuhofen.at\/wp-content\/gallery\/trainingslager-gnas-2014\/img_1227.jpg\"\n               data-thumbnail=\"http:\/\/www.karate-neuhofen.at\/wp-content\/gallery\/trainingslager-gnas-2014\/thumbs\/thumbs_img_1227.jpg\"\n               data-image-id=\"6258\"\n               data-title=\"img_1227\"\n               data-description=\"\"\n               data-image-slug=\"img_1227\"\n               class=\"shutterset_ac4aa3065405eea2a5f91ba3c27290cd\">\n                <img\n                    title=\"img_1227\"\n                    alt=\"img_1227\"\n                    src=\"http:\/\/www.karate-neuhofen.at\/wp-content\/gallery\/trainingslager-gnas-2014\/thumbs\/thumbs_img_1227.jpg\"\n                    width=\"100\"\n                    height=\"73\"\n                    style=\"max-width:100%;\"\n                \/>\n            <\/a>\n        <\/div>\n\t\t\t\t\t\t\t<\/div> \n\t\t\t\n        \n\t\t\t\t<div id=\"ngg-image-227\" class=\"ngg-gallery-thumbnail-box\" >\n\t\t\t\t        <div class=\"ngg-gallery-thumbnail\">\n            <a href=\"http:\/\/www.karate-neuhofen.at\/wp-content\/gallery\/trainingslager-gnas-2014\/img_1228.jpg\"\n               title=\"\"\n               data-src=\"http:\/\/www.karate-neuhofen.at\/wp-content\/gallery\/trainingslager-gnas-2014\/img_1228.jpg\"\n               data-thumbnail=\"http:\/\/www.karate-neuhofen.at\/wp-content\/gallery\/trainingslager-gnas-2014\/thumbs\/thumbs_img_1228.jpg\"\n               data-image-id=\"6259\"\n               data-title=\"img_1228\"\n               data-description=\"\"\n               data-image-slug=\"img_1228\"\n               class=\"shutterset_ac4aa3065405eea2a5f91ba3c27290cd\">\n                <img\n                    title=\"img_1228\"\n                    alt=\"img_1228\"\n                    src=\"http:\/\/www.karate-neuhofen.at\/wp-content\/gallery\/trainingslager-gnas-2014\/thumbs\/thumbs_img_1228.jpg\"\n                    width=\"100\"\n                    height=\"66\"\n                    style=\"max-width:100%;\"\n                \/>\n            <\/a>\n        <\/div>\n\t\t\t\t\t\t\t<\/div> \n\t\t\t\n        \n\t\t\t\t<div id=\"ngg-image-228\" class=\"ngg-gallery-thumbnail-box\" >\n\t\t\t\t        <div class=\"ngg-gallery-thumbnail\">\n            <a href=\"http:\/\/www.karate-neuhofen.at\/wp-content\/gallery\/trainingslager-gnas-2014\/img_1229.jpg\"\n               title=\"\"\n               data-src=\"http:\/\/www.karate-neuhofen.at\/wp-content\/gallery\/trainingslager-gnas-2014\/img_1229.jpg\"\n               data-thumbnail=\"http:\/\/www.karate-neuhofen.at\/wp-content\/gallery\/trainingslager-gnas-2014\/thumbs\/thumbs_img_1229.jpg\"\n               data-image-id=\"6260\"\n               data-title=\"img_1229\"\n               data-description=\"\"\n               data-image-slug=\"img_1229\"\n               class=\"shutterset_ac4aa3065405eea2a5f91ba3c27290cd\">\n                <img\n                    title=\"img_1229\"\n                    alt=\"img_1229\"\n                    src=\"http:\/\/www.karate-neuhofen.at\/wp-content\/gallery\/trainingslager-gnas-2014\/thumbs\/thumbs_img_1229.jpg\"\n                    width=\"98\"\n                    height=\"75\"\n                    style=\"max-width:100%;\"\n                \/>\n            <\/a>\n        <\/div>\n\t\t\t\t\t\t\t<\/div> \n\t\t\t\n        \n\t\t\t\t<div id=\"ngg-image-229\" class=\"ngg-gallery-thumbnail-box\" >\n\t\t\t\t        <div class=\"ngg-gallery-thumbnail\">\n            <a href=\"http:\/\/www.karate-neuhofen.at\/wp-content\/gallery\/trainingslager-gnas-2014\/img_1230.jpg\"\n               title=\"\"\n               data-src=\"http:\/\/www.karate-neuhofen.at\/wp-content\/gallery\/trainingslager-gnas-2014\/img_1230.jpg\"\n               data-thumbnail=\"http:\/\/www.karate-neuhofen.at\/wp-content\/gallery\/trainingslager-gnas-2014\/thumbs\/thumbs_img_1230.jpg\"\n               data-image-id=\"6261\"\n               data-title=\"img_1230\"\n               data-description=\"\"\n               data-image-slug=\"img_1230\"\n               class=\"shutterset_ac4aa3065405eea2a5f91ba3c27290cd\">\n                <img\n                    title=\"img_1230\"\n                    alt=\"img_1230\"\n                    src=\"http:\/\/www.karate-neuhofen.at\/wp-content\/gallery\/trainingslager-gnas-2014\/thumbs\/thumbs_img_1230.jpg\"\n                    width=\"100\"\n                    height=\"66\"\n                    style=\"max-width:100%;\"\n                \/>\n            <\/a>\n        <\/div>\n\t\t\t\t\t\t\t<\/div> \n\t\t\t\n        \n\t\t\t\t<div id=\"ngg-image-230\" class=\"ngg-gallery-thumbnail-box\" >\n\t\t\t\t        <div class=\"ngg-gallery-thumbnail\">\n            <a href=\"http:\/\/www.karate-neuhofen.at\/wp-content\/gallery\/trainingslager-gnas-2014\/img_1231.jpg\"\n               title=\"\"\n               data-src=\"http:\/\/www.karate-neuhofen.at\/wp-content\/gallery\/trainingslager-gnas-2014\/img_1231.jpg\"\n               data-thumbnail=\"http:\/\/www.karate-neuhofen.at\/wp-content\/gallery\/trainingslager-gnas-2014\/thumbs\/thumbs_img_1231.jpg\"\n               data-image-id=\"6262\"\n               data-title=\"img_1231\"\n               data-description=\"\"\n               data-image-slug=\"img_1231\"\n               class=\"shutterset_ac4aa3065405eea2a5f91ba3c27290cd\">\n                <img\n                    title=\"img_1231\"\n                    alt=\"img_1231\"\n                    src=\"http:\/\/www.karate-neuhofen.at\/wp-content\/gallery\/trainingslager-gnas-2014\/thumbs\/thumbs_img_1231.jpg\"\n                    width=\"100\"\n                    height=\"66\"\n                    style=\"max-width:100%;\"\n                \/>\n            <\/a>\n        <\/div>\n\t\t\t\t\t\t\t<\/div> \n\t\t\t\n        \n\t\t\t\t<div id=\"ngg-image-231\" class=\"ngg-gallery-thumbnail-box\" >\n\t\t\t\t        <div class=\"ngg-gallery-thumbnail\">\n            <a href=\"http:\/\/www.karate-neuhofen.at\/wp-content\/gallery\/trainingslager-gnas-2014\/img_1232.jpg\"\n               title=\"\"\n               data-src=\"http:\/\/www.karate-neuhofen.at\/wp-content\/gallery\/trainingslager-gnas-2014\/img_1232.jpg\"\n               data-thumbnail=\"http:\/\/www.karate-neuhofen.at\/wp-content\/gallery\/trainingslager-gnas-2014\/thumbs\/thumbs_img_1232.jpg\"\n               data-image-id=\"6263\"\n               data-title=\"img_1232\"\n               data-description=\"\"\n               data-image-slug=\"img_1232\"\n               class=\"shutterset_ac4aa3065405eea2a5f91ba3c27290cd\">\n                <img\n                    title=\"img_1232\"\n                    alt=\"img_1232\"\n                    src=\"http:\/\/www.karate-neuhofen.at\/wp-content\/gallery\/trainingslager-gnas-2014\/thumbs\/thumbs_img_1232.jpg\"\n                    width=\"100\"\n                    height=\"66\"\n                    style=\"max-width:100%;\"\n                \/>\n            <\/a>\n        <\/div>\n\t\t\t\t\t\t\t<\/div> \n\t\t\t\n        \n\t\t\t\t<div id=\"ngg-image-232\" class=\"ngg-gallery-thumbnail-box\" >\n\t\t\t\t        <div class=\"ngg-gallery-thumbnail\">\n            <a href=\"http:\/\/www.karate-neuhofen.at\/wp-content\/gallery\/trainingslager-gnas-2014\/img_1233.jpg\"\n               title=\"\"\n               data-src=\"http:\/\/www.karate-neuhofen.at\/wp-content\/gallery\/trainingslager-gnas-2014\/img_1233.jpg\"\n               data-thumbnail=\"http:\/\/www.karate-neuhofen.at\/wp-content\/gallery\/trainingslager-gnas-2014\/thumbs\/thumbs_img_1233.jpg\"\n               data-image-id=\"6264\"\n               data-title=\"img_1233\"\n               data-description=\"\"\n               data-image-slug=\"img_1233\"\n               class=\"shutterset_ac4aa3065405eea2a5f91ba3c27290cd\">\n                <img\n                    title=\"img_1233\"\n                    alt=\"img_1233\"\n                    src=\"http:\/\/www.karate-neuhofen.at\/wp-content\/gallery\/trainingslager-gnas-2014\/thumbs\/thumbs_img_1233.jpg\"\n                    width=\"100\"\n                    height=\"66\"\n                    style=\"max-width:100%;\"\n                \/>\n            <\/a>\n        <\/div>\n\t\t\t\t\t\t\t<\/div> \n\t\t\t\n        \n\t\t\t\t<div id=\"ngg-image-233\" class=\"ngg-gallery-thumbnail-box\" >\n\t\t\t\t        <div class=\"ngg-gallery-thumbnail\">\n            <a href=\"http:\/\/www.karate-neuhofen.at\/wp-content\/gallery\/trainingslager-gnas-2014\/img_1234.jpg\"\n               title=\"\"\n               data-src=\"http:\/\/www.karate-neuhofen.at\/wp-content\/gallery\/trainingslager-gnas-2014\/img_1234.jpg\"\n               data-thumbnail=\"http:\/\/www.karate-neuhofen.at\/wp-content\/gallery\/trainingslager-gnas-2014\/thumbs\/thumbs_img_1234.jpg\"\n               data-image-id=\"6265\"\n               data-title=\"img_1234\"\n               data-description=\"\"\n               data-image-slug=\"img_1234\"\n               class=\"shutterset_ac4aa3065405eea2a5f91ba3c27290cd\">\n                <img\n                    title=\"img_1234\"\n                    alt=\"img_1234\"\n                    src=\"http:\/\/www.karate-neuhofen.at\/wp-content\/gallery\/trainingslager-gnas-2014\/thumbs\/thumbs_img_1234.jpg\"\n                    width=\"100\"\n                    height=\"73\"\n                    style=\"max-width:100%;\"\n                \/>\n            <\/a>\n        <\/div>\n\t\t\t\t\t\t\t<\/div> \n\t\t\t\n        \n\t\t\t\t<div id=\"ngg-image-234\" class=\"ngg-gallery-thumbnail-box\" >\n\t\t\t\t        <div class=\"ngg-gallery-thumbnail\">\n            <a href=\"http:\/\/www.karate-neuhofen.at\/wp-content\/gallery\/trainingslager-gnas-2014\/img_1235.jpg\"\n               title=\"\"\n               data-src=\"http:\/\/www.karate-neuhofen.at\/wp-content\/gallery\/trainingslager-gnas-2014\/img_1235.jpg\"\n               data-thumbnail=\"http:\/\/www.karate-neuhofen.at\/wp-content\/gallery\/trainingslager-gnas-2014\/thumbs\/thumbs_img_1235.jpg\"\n               data-image-id=\"6266\"\n               data-title=\"img_1235\"\n               data-description=\"\"\n               data-image-slug=\"img_1235\"\n               class=\"shutterset_ac4aa3065405eea2a5f91ba3c27290cd\">\n                <img\n                    title=\"img_1235\"\n                    alt=\"img_1235\"\n                    src=\"http:\/\/www.karate-neuhofen.at\/wp-content\/gallery\/trainingslager-gnas-2014\/thumbs\/thumbs_img_1235.jpg\"\n                    width=\"100\"\n                    height=\"66\"\n                    style=\"max-width:100%;\"\n                \/>\n            <\/a>\n        <\/div>\n\t\t\t\t\t\t\t<\/div> \n\t\t\t\n        \n\t\t\t\t<div id=\"ngg-image-235\" class=\"ngg-gallery-thumbnail-box\" >\n\t\t\t\t        <div class=\"ngg-gallery-thumbnail\">\n            <a href=\"http:\/\/www.karate-neuhofen.at\/wp-content\/gallery\/trainingslager-gnas-2014\/img_1236.jpg\"\n               title=\"\"\n               data-src=\"http:\/\/www.karate-neuhofen.at\/wp-content\/gallery\/trainingslager-gnas-2014\/img_1236.jpg\"\n               data-thumbnail=\"http:\/\/www.karate-neuhofen.at\/wp-content\/gallery\/trainingslager-gnas-2014\/thumbs\/thumbs_img_1236.jpg\"\n               data-image-id=\"6267\"\n               data-title=\"img_1236\"\n               data-description=\"\"\n               data-image-slug=\"img_1236\"\n               class=\"shutterset_ac4aa3065405eea2a5f91ba3c27290cd\">\n                <img\n                    title=\"img_1236\"\n                    alt=\"img_1236\"\n                    src=\"http:\/\/www.karate-neuhofen.at\/wp-content\/gallery\/trainingslager-gnas-2014\/thumbs\/thumbs_img_1236.jpg\"\n                    width=\"50\"\n                    height=\"75\"\n                    style=\"max-width:100%;\"\n                \/>\n            <\/a>\n        <\/div>\n\t\t\t\t\t\t\t<\/div> \n\t\t\t\n        \n\t\t\t\t<div id=\"ngg-image-236\" class=\"ngg-gallery-thumbnail-box\" >\n\t\t\t\t        <div class=\"ngg-gallery-thumbnail\">\n            <a href=\"http:\/\/www.karate-neuhofen.at\/wp-content\/gallery\/trainingslager-gnas-2014\/img_1237.jpg\"\n               title=\"\"\n               data-src=\"http:\/\/www.karate-neuhofen.at\/wp-content\/gallery\/trainingslager-gnas-2014\/img_1237.jpg\"\n               data-thumbnail=\"http:\/\/www.karate-neuhofen.at\/wp-content\/gallery\/trainingslager-gnas-2014\/thumbs\/thumbs_img_1237.jpg\"\n               data-image-id=\"6268\"\n               data-title=\"img_1237\"\n               data-description=\"\"\n               data-image-slug=\"img_1237\"\n               class=\"shutterset_ac4aa3065405eea2a5f91ba3c27290cd\">\n                <img\n                    title=\"img_1237\"\n                    alt=\"img_1237\"\n                    src=\"http:\/\/www.karate-neuhofen.at\/wp-content\/gallery\/trainingslager-gnas-2014\/thumbs\/thumbs_img_1237.jpg\"\n                    width=\"50\"\n                    height=\"75\"\n                    style=\"max-width:100%;\"\n                \/>\n            <\/a>\n        <\/div>\n\t\t\t\t\t\t\t<\/div> \n\t\t\t\n        \n\t\t\t\t<div id=\"ngg-image-237\" class=\"ngg-gallery-thumbnail-box\" >\n\t\t\t\t        <div class=\"ngg-gallery-thumbnail\">\n            <a href=\"http:\/\/www.karate-neuhofen.at\/wp-content\/gallery\/trainingslager-gnas-2014\/img_1238.jpg\"\n               title=\"\"\n               data-src=\"http:\/\/www.karate-neuhofen.at\/wp-content\/gallery\/trainingslager-gnas-2014\/img_1238.jpg\"\n               data-thumbnail=\"http:\/\/www.karate-neuhofen.at\/wp-content\/gallery\/trainingslager-gnas-2014\/thumbs\/thumbs_img_1238.jpg\"\n               data-image-id=\"6269\"\n               data-title=\"img_1238\"\n               data-description=\"\"\n               data-image-slug=\"img_1238\"\n               class=\"shutterset_ac4aa3065405eea2a5f91ba3c27290cd\">\n                <img\n                    title=\"img_1238\"\n                    alt=\"img_1238\"\n                    src=\"http:\/\/www.karate-neuhofen.at\/wp-content\/gallery\/trainingslager-gnas-2014\/thumbs\/thumbs_img_1238.jpg\"\n                    width=\"50\"\n                    height=\"75\"\n                    style=\"max-width:100%;\"\n                \/>\n            <\/a>\n        <\/div>\n\t\t\t\t\t\t\t<\/div> \n\t\t\t\n        \n\t\t\t\t<div id=\"ngg-image-238\" class=\"ngg-gallery-thumbnail-box\" >\n\t\t\t\t        <div class=\"ngg-gallery-thumbnail\">\n            <a href=\"http:\/\/www.karate-neuhofen.at\/wp-content\/gallery\/trainingslager-gnas-2014\/img_1239.jpg\"\n               title=\"\"\n               data-src=\"http:\/\/www.karate-neuhofen.at\/wp-content\/gallery\/trainingslager-gnas-2014\/img_1239.jpg\"\n               data-thumbnail=\"http:\/\/www.karate-neuhofen.at\/wp-content\/gallery\/trainingslager-gnas-2014\/thumbs\/thumbs_img_1239.jpg\"\n               data-image-id=\"6270\"\n               data-title=\"img_1239\"\n               data-description=\"\"\n               data-image-slug=\"img_1239\"\n               class=\"shutterset_ac4aa3065405eea2a5f91ba3c27290cd\">\n                <img\n                    title=\"img_1239\"\n                    alt=\"img_1239\"\n                    src=\"http:\/\/www.karate-neuhofen.at\/wp-content\/gallery\/trainingslager-gnas-2014\/thumbs\/thumbs_img_1239.jpg\"\n                    width=\"100\"\n                    height=\"66\"\n                    style=\"max-width:100%;\"\n                \/>\n            <\/a>\n        <\/div>\n\t\t\t\t\t\t\t<\/div> \n\t\t\t\n        \n\t\t\t\t<div id=\"ngg-image-239\" class=\"ngg-gallery-thumbnail-box\" >\n\t\t\t\t        <div class=\"ngg-gallery-thumbnail\">\n            <a href=\"http:\/\/www.karate-neuhofen.at\/wp-content\/gallery\/trainingslager-gnas-2014\/img_1240.jpg\"\n               title=\"\"\n               data-src=\"http:\/\/www.karate-neuhofen.at\/wp-content\/gallery\/trainingslager-gnas-2014\/img_1240.jpg\"\n               data-thumbnail=\"http:\/\/www.karate-neuhofen.at\/wp-content\/gallery\/trainingslager-gnas-2014\/thumbs\/thumbs_img_1240.jpg\"\n               data-image-id=\"6271\"\n               data-title=\"img_1240\"\n               data-description=\"\"\n               data-image-slug=\"img_1240\"\n               class=\"shutterset_ac4aa3065405eea2a5f91ba3c27290cd\">\n                <img\n                    title=\"img_1240\"\n                    alt=\"img_1240\"\n                    src=\"http:\/\/www.karate-neuhofen.at\/wp-content\/gallery\/trainingslager-gnas-2014\/thumbs\/thumbs_img_1240.jpg\"\n                    width=\"100\"\n                    height=\"66\"\n                    style=\"max-width:100%;\"\n                \/>\n            <\/a>\n        <\/div>\n\t\t\t\t\t\t\t<\/div> \n\t\t\t\n        \n\t\t\t\t<div id=\"ngg-image-240\" class=\"ngg-gallery-thumbnail-box\" >\n\t\t\t\t        <div class=\"ngg-gallery-thumbnail\">\n            <a href=\"http:\/\/www.karate-neuhofen.at\/wp-content\/gallery\/trainingslager-gnas-2014\/img_1241.jpg\"\n               title=\"\"\n               data-src=\"http:\/\/www.karate-neuhofen.at\/wp-content\/gallery\/trainingslager-gnas-2014\/img_1241.jpg\"\n               data-thumbnail=\"http:\/\/www.karate-neuhofen.at\/wp-content\/gallery\/trainingslager-gnas-2014\/thumbs\/thumbs_img_1241.jpg\"\n               data-image-id=\"6272\"\n               data-title=\"img_1241\"\n               data-description=\"\"\n               data-image-slug=\"img_1241\"\n               class=\"shutterset_ac4aa3065405eea2a5f91ba3c27290cd\">\n                <img\n                    title=\"img_1241\"\n                    alt=\"img_1241\"\n                    src=\"http:\/\/www.karate-neuhofen.at\/wp-content\/gallery\/trainingslager-gnas-2014\/thumbs\/thumbs_img_1241.jpg\"\n                    width=\"100\"\n                    height=\"66\"\n                    style=\"max-width:100%;\"\n                \/>\n            <\/a>\n        <\/div>\n\t\t\t\t\t\t\t<\/div> \n\t\t\t\n        \n\t\t\t\t<div id=\"ngg-image-241\" class=\"ngg-gallery-thumbnail-box\" >\n\t\t\t\t        <div class=\"ngg-gallery-thumbnail\">\n            <a href=\"http:\/\/www.karate-neuhofen.at\/wp-content\/gallery\/trainingslager-gnas-2014\/img_1242.jpg\"\n               title=\"\"\n               data-src=\"http:\/\/www.karate-neuhofen.at\/wp-content\/gallery\/trainingslager-gnas-2014\/img_1242.jpg\"\n               data-thumbnail=\"http:\/\/www.karate-neuhofen.at\/wp-content\/gallery\/trainingslager-gnas-2014\/thumbs\/thumbs_img_1242.jpg\"\n               data-image-id=\"6273\"\n               data-title=\"img_1242\"\n               data-description=\"\"\n               data-image-slug=\"img_1242\"\n               class=\"shutterset_ac4aa3065405eea2a5f91ba3c27290cd\">\n                <img\n                    title=\"img_1242\"\n                    alt=\"img_1242\"\n                    src=\"http:\/\/www.karate-neuhofen.at\/wp-content\/gallery\/trainingslager-gnas-2014\/thumbs\/thumbs_img_1242.jpg\"\n                    width=\"100\"\n                    height=\"66\"\n                    style=\"max-width:100%;\"\n                \/>\n            <\/a>\n        <\/div>\n\t\t\t\t\t\t\t<\/div> \n\t\t\t\n        \n\t\t\t\t<div id=\"ngg-image-242\" class=\"ngg-gallery-thumbnail-box\" >\n\t\t\t\t        <div class=\"ngg-gallery-thumbnail\">\n            <a href=\"http:\/\/www.karate-neuhofen.at\/wp-content\/gallery\/trainingslager-gnas-2014\/img_1243.jpg\"\n               title=\"\"\n               data-src=\"http:\/\/www.karate-neuhofen.at\/wp-content\/gallery\/trainingslager-gnas-2014\/img_1243.jpg\"\n               data-thumbnail=\"http:\/\/www.karate-neuhofen.at\/wp-content\/gallery\/trainingslager-gnas-2014\/thumbs\/thumbs_img_1243.jpg\"\n               data-image-id=\"6274\"\n               data-title=\"img_1243\"\n               data-description=\"\"\n               data-image-slug=\"img_1243\"\n               class=\"shutterset_ac4aa3065405eea2a5f91ba3c27290cd\">\n                <img\n                    title=\"img_1243\"\n                    alt=\"img_1243\"\n                    src=\"http:\/\/www.karate-neuhofen.at\/wp-content\/gallery\/trainingslager-gnas-2014\/thumbs\/thumbs_img_1243.jpg\"\n                    width=\"100\"\n                    height=\"66\"\n                    style=\"max-width:100%;\"\n                \/>\n            <\/a>\n        <\/div>\n\t\t\t\t\t\t\t<\/div> \n\t\t\t\n        \n\t\t\t\t<div id=\"ngg-image-243\" class=\"ngg-gallery-thumbnail-box\" >\n\t\t\t\t        <div class=\"ngg-gallery-thumbnail\">\n            <a href=\"http:\/\/www.karate-neuhofen.at\/wp-content\/gallery\/trainingslager-gnas-2014\/img_1244.jpg\"\n               title=\"\"\n               data-src=\"http:\/\/www.karate-neuhofen.at\/wp-content\/gallery\/trainingslager-gnas-2014\/img_1244.jpg\"\n               data-thumbnail=\"http:\/\/www.karate-neuhofen.at\/wp-content\/gallery\/trainingslager-gnas-2014\/thumbs\/thumbs_img_1244.jpg\"\n               data-image-id=\"6275\"\n               data-title=\"img_1244\"\n               data-description=\"\"\n               data-image-slug=\"img_1244\"\n               class=\"shutterset_ac4aa3065405eea2a5f91ba3c27290cd\">\n                <img\n                    title=\"img_1244\"\n                    alt=\"img_1244\"\n                    src=\"http:\/\/www.karate-neuhofen.at\/wp-content\/gallery\/trainingslager-gnas-2014\/thumbs\/thumbs_img_1244.jpg\"\n                    width=\"100\"\n                    height=\"66\"\n                    style=\"max-width:100%;\"\n                \/>\n            <\/a>\n        <\/div>\n\t\t\t\t\t\t\t<\/div> \n\t\t\t\n        \n\t\t\t\t<div id=\"ngg-image-244\" class=\"ngg-gallery-thumbnail-box\" >\n\t\t\t\t        <div class=\"ngg-gallery-thumbnail\">\n            <a href=\"http:\/\/www.karate-neuhofen.at\/wp-content\/gallery\/trainingslager-gnas-2014\/img_1245.jpg\"\n               title=\"\"\n               data-src=\"http:\/\/www.karate-neuhofen.at\/wp-content\/gallery\/trainingslager-gnas-2014\/img_1245.jpg\"\n               data-thumbnail=\"http:\/\/www.karate-neuhofen.at\/wp-content\/gallery\/trainingslager-gnas-2014\/thumbs\/thumbs_img_1245.jpg\"\n               data-image-id=\"6276\"\n               data-title=\"img_1245\"\n               data-description=\"\"\n               data-image-slug=\"img_1245\"\n               class=\"shutterset_ac4aa3065405eea2a5f91ba3c27290cd\">\n                <img\n                    title=\"img_1245\"\n                    alt=\"img_1245\"\n                    src=\"http:\/\/www.karate-neuhofen.at\/wp-content\/gallery\/trainingslager-gnas-2014\/thumbs\/thumbs_img_1245.jpg\"\n                    width=\"100\"\n                    height=\"66\"\n                    style=\"max-width:100%;\"\n                \/>\n            <\/a>\n        <\/div>\n\t\t\t\t\t\t\t<\/div> \n\t\t\t\n        \n\t\t\t\t<div id=\"ngg-image-245\" class=\"ngg-gallery-thumbnail-box\" >\n\t\t\t\t        <div class=\"ngg-gallery-thumbnail\">\n            <a href=\"http:\/\/www.karate-neuhofen.at\/wp-content\/gallery\/trainingslager-gnas-2014\/img_1246.jpg\"\n               title=\"\"\n               data-src=\"http:\/\/www.karate-neuhofen.at\/wp-content\/gallery\/trainingslager-gnas-2014\/img_1246.jpg\"\n               data-thumbnail=\"http:\/\/www.karate-neuhofen.at\/wp-content\/gallery\/trainingslager-gnas-2014\/thumbs\/thumbs_img_1246.jpg\"\n               data-image-id=\"6277\"\n               data-title=\"img_1246\"\n               data-description=\"\"\n               data-image-slug=\"img_1246\"\n               class=\"shutterset_ac4aa3065405eea2a5f91ba3c27290cd\">\n                <img\n                    title=\"img_1246\"\n                    alt=\"img_1246\"\n                    src=\"http:\/\/www.karate-neuhofen.at\/wp-content\/gallery\/trainingslager-gnas-2014\/thumbs\/thumbs_img_1246.jpg\"\n                    width=\"100\"\n                    height=\"66\"\n                    style=\"max-width:100%;\"\n                \/>\n            <\/a>\n        <\/div>\n\t\t\t\t\t\t\t<\/div> \n\t\t\t\n        \n\t\t\t\t<div id=\"ngg-image-246\" class=\"ngg-gallery-thumbnail-box\" >\n\t\t\t\t        <div class=\"ngg-gallery-thumbnail\">\n            <a href=\"http:\/\/www.karate-neuhofen.at\/wp-content\/gallery\/trainingslager-gnas-2014\/img_1247.jpg\"\n               title=\"\"\n               data-src=\"http:\/\/www.karate-neuhofen.at\/wp-content\/gallery\/trainingslager-gnas-2014\/img_1247.jpg\"\n               data-thumbnail=\"http:\/\/www.karate-neuhofen.at\/wp-content\/gallery\/trainingslager-gnas-2014\/thumbs\/thumbs_img_1247.jpg\"\n               data-image-id=\"6278\"\n               data-title=\"img_1247\"\n               data-description=\"\"\n               data-image-slug=\"img_1247\"\n               class=\"shutterset_ac4aa3065405eea2a5f91ba3c27290cd\">\n                <img\n                    title=\"img_1247\"\n                    alt=\"img_1247\"\n                    src=\"http:\/\/www.karate-neuhofen.at\/wp-content\/gallery\/trainingslager-gnas-2014\/thumbs\/thumbs_img_1247.jpg\"\n                    width=\"100\"\n                    height=\"66\"\n                    style=\"max-width:100%;\"\n                \/>\n            <\/a>\n        <\/div>\n\t\t\t\t\t\t\t<\/div> \n\t\t\t\n        \n\t\t\t\t<div id=\"ngg-image-247\" class=\"ngg-gallery-thumbnail-box\" >\n\t\t\t\t        <div class=\"ngg-gallery-thumbnail\">\n            <a href=\"http:\/\/www.karate-neuhofen.at\/wp-content\/gallery\/trainingslager-gnas-2014\/img_1248.jpg\"\n               title=\"\"\n               data-src=\"http:\/\/www.karate-neuhofen.at\/wp-content\/gallery\/trainingslager-gnas-2014\/img_1248.jpg\"\n               data-thumbnail=\"http:\/\/www.karate-neuhofen.at\/wp-content\/gallery\/trainingslager-gnas-2014\/thumbs\/thumbs_img_1248.jpg\"\n               data-image-id=\"6279\"\n               data-title=\"img_1248\"\n               data-description=\"\"\n               data-image-slug=\"img_1248\"\n               class=\"shutterset_ac4aa3065405eea2a5f91ba3c27290cd\">\n                <img\n                    title=\"img_1248\"\n                    alt=\"img_1248\"\n                    src=\"http:\/\/www.karate-neuhofen.at\/wp-content\/gallery\/trainingslager-gnas-2014\/thumbs\/thumbs_img_1248.jpg\"\n                    width=\"100\"\n                    height=\"66\"\n                    style=\"max-width:100%;\"\n                \/>\n            <\/a>\n        <\/div>\n\t\t\t\t\t\t\t<\/div> \n\t\t\t\n        \n\t\t\t\t<div id=\"ngg-image-248\" class=\"ngg-gallery-thumbnail-box\" >\n\t\t\t\t        <div class=\"ngg-gallery-thumbnail\">\n            <a href=\"http:\/\/www.karate-neuhofen.at\/wp-content\/gallery\/trainingslager-gnas-2014\/img_1249.jpg\"\n               title=\"\"\n               data-src=\"http:\/\/www.karate-neuhofen.at\/wp-content\/gallery\/trainingslager-gnas-2014\/img_1249.jpg\"\n               data-thumbnail=\"http:\/\/www.karate-neuhofen.at\/wp-content\/gallery\/trainingslager-gnas-2014\/thumbs\/thumbs_img_1249.jpg\"\n               data-image-id=\"6280\"\n               data-title=\"img_1249\"\n               data-description=\"\"\n               data-image-slug=\"img_1249\"\n               class=\"shutterset_ac4aa3065405eea2a5f91ba3c27290cd\">\n                <img\n                    title=\"img_1249\"\n                    alt=\"img_1249\"\n                    src=\"http:\/\/www.karate-neuhofen.at\/wp-content\/gallery\/trainingslager-gnas-2014\/thumbs\/thumbs_img_1249.jpg\"\n                    width=\"100\"\n                    height=\"66\"\n                    style=\"max-width:100%;\"\n                \/>\n            <\/a>\n        <\/div>\n\t\t\t\t\t\t\t<\/div> \n\t\t\t\n        \n\t\t\t\t<div id=\"ngg-image-249\" class=\"ngg-gallery-thumbnail-box\" >\n\t\t\t\t        <div class=\"ngg-gallery-thumbnail\">\n            <a href=\"http:\/\/www.karate-neuhofen.at\/wp-content\/gallery\/trainingslager-gnas-2014\/img_1250.jpg\"\n               title=\"\"\n               data-src=\"http:\/\/www.karate-neuhofen.at\/wp-content\/gallery\/trainingslager-gnas-2014\/img_1250.jpg\"\n               data-thumbnail=\"http:\/\/www.karate-neuhofen.at\/wp-content\/gallery\/trainingslager-gnas-2014\/thumbs\/thumbs_img_1250.jpg\"\n               data-image-id=\"6281\"\n               data-title=\"img_1250\"\n               data-description=\"\"\n               data-image-slug=\"img_1250\"\n               class=\"shutterset_ac4aa3065405eea2a5f91ba3c27290cd\">\n                <img\n                    title=\"img_1250\"\n                    alt=\"img_1250\"\n                    src=\"http:\/\/www.karate-neuhofen.at\/wp-content\/gallery\/trainingslager-gnas-2014\/thumbs\/thumbs_img_1250.jpg\"\n                    width=\"50\"\n                    height=\"75\"\n                    style=\"max-width:100%;\"\n                \/>\n            <\/a>\n        <\/div>\n\t\t\t\t\t\t\t<\/div> \n\t\t\t\n        \n\t\t\t\t<div id=\"ngg-image-250\" class=\"ngg-gallery-thumbnail-box\" >\n\t\t\t\t        <div class=\"ngg-gallery-thumbnail\">\n            <a href=\"http:\/\/www.karate-neuhofen.at\/wp-content\/gallery\/trainingslager-gnas-2014\/img_1251.jpg\"\n               title=\"\"\n               data-src=\"http:\/\/www.karate-neuhofen.at\/wp-content\/gallery\/trainingslager-gnas-2014\/img_1251.jpg\"\n               data-thumbnail=\"http:\/\/www.karate-neuhofen.at\/wp-content\/gallery\/trainingslager-gnas-2014\/thumbs\/thumbs_img_1251.jpg\"\n               data-image-id=\"6282\"\n               data-title=\"img_1251\"\n               data-description=\"\"\n               data-image-slug=\"img_1251\"\n               class=\"shutterset_ac4aa3065405eea2a5f91ba3c27290cd\">\n                <img\n                    title=\"img_1251\"\n                    alt=\"img_1251\"\n                    src=\"http:\/\/www.karate-neuhofen.at\/wp-content\/gallery\/trainingslager-gnas-2014\/thumbs\/thumbs_img_1251.jpg\"\n                    width=\"100\"\n                    height=\"66\"\n                    style=\"max-width:100%;\"\n                \/>\n            <\/a>\n        <\/div>\n\t\t\t\t\t\t\t<\/div> \n\t\t\t\n        \n\t\t\t\t<div id=\"ngg-image-251\" class=\"ngg-gallery-thumbnail-box\" >\n\t\t\t\t        <div class=\"ngg-gallery-thumbnail\">\n            <a href=\"http:\/\/www.karate-neuhofen.at\/wp-content\/gallery\/trainingslager-gnas-2014\/img_1252.jpg\"\n               title=\"\"\n               data-src=\"http:\/\/www.karate-neuhofen.at\/wp-content\/gallery\/trainingslager-gnas-2014\/img_1252.jpg\"\n               data-thumbnail=\"http:\/\/www.karate-neuhofen.at\/wp-content\/gallery\/trainingslager-gnas-2014\/thumbs\/thumbs_img_1252.jpg\"\n               data-image-id=\"6283\"\n               data-title=\"img_1252\"\n               data-description=\"\"\n               data-image-slug=\"img_1252\"\n               class=\"shutterset_ac4aa3065405eea2a5f91ba3c27290cd\">\n                <img\n                    title=\"img_1252\"\n                    alt=\"img_1252\"\n                    src=\"http:\/\/www.karate-neuhofen.at\/wp-content\/gallery\/trainingslager-gnas-2014\/thumbs\/thumbs_img_1252.jpg\"\n                    width=\"100\"\n                    height=\"66\"\n                    style=\"max-width:100%;\"\n                \/>\n            <\/a>\n        <\/div>\n\t\t\t\t\t\t\t<\/div> \n\t\t\t\n        \n\t\t\t\t<div id=\"ngg-image-252\" class=\"ngg-gallery-thumbnail-box\" >\n\t\t\t\t        <div class=\"ngg-gallery-thumbnail\">\n            <a href=\"http:\/\/www.karate-neuhofen.at\/wp-content\/gallery\/trainingslager-gnas-2014\/img_1253.jpg\"\n               title=\"\"\n               data-src=\"http:\/\/www.karate-neuhofen.at\/wp-content\/gallery\/trainingslager-gnas-2014\/img_1253.jpg\"\n               data-thumbnail=\"http:\/\/www.karate-neuhofen.at\/wp-content\/gallery\/trainingslager-gnas-2014\/thumbs\/thumbs_img_1253.jpg\"\n               data-image-id=\"6284\"\n               data-title=\"img_1253\"\n               data-description=\"\"\n               data-image-slug=\"img_1253\"\n               class=\"shutterset_ac4aa3065405eea2a5f91ba3c27290cd\">\n                <img\n                    title=\"img_1253\"\n                    alt=\"img_1253\"\n                    src=\"http:\/\/www.karate-neuhofen.at\/wp-content\/gallery\/trainingslager-gnas-2014\/thumbs\/thumbs_img_1253.jpg\"\n                    width=\"100\"\n                    height=\"66\"\n                    style=\"max-width:100%;\"\n                \/>\n            <\/a>\n        <\/div>\n\t\t\t\t\t\t\t<\/div> \n\t\t\t\n        \n\t\t\t\t<div id=\"ngg-image-253\" class=\"ngg-gallery-thumbnail-box\" >\n\t\t\t\t        <div class=\"ngg-gallery-thumbnail\">\n            <a href=\"http:\/\/www.karate-neuhofen.at\/wp-content\/gallery\/trainingslager-gnas-2014\/img_1254.jpg\"\n               title=\"\"\n               data-src=\"http:\/\/www.karate-neuhofen.at\/wp-content\/gallery\/trainingslager-gnas-2014\/img_1254.jpg\"\n               data-thumbnail=\"http:\/\/www.karate-neuhofen.at\/wp-content\/gallery\/trainingslager-gnas-2014\/thumbs\/thumbs_img_1254.jpg\"\n               data-image-id=\"6285\"\n               data-title=\"img_1254\"\n               data-description=\"\"\n               data-image-slug=\"img_1254\"\n               class=\"shutterset_ac4aa3065405eea2a5f91ba3c27290cd\">\n                <img\n                    title=\"img_1254\"\n                    alt=\"img_1254\"\n                    src=\"http:\/\/www.karate-neuhofen.at\/wp-content\/gallery\/trainingslager-gnas-2014\/thumbs\/thumbs_img_1254.jpg\"\n                    width=\"100\"\n                    height=\"66\"\n                    style=\"max-width:100%;\"\n                \/>\n            <\/a>\n        <\/div>\n\t\t\t\t\t\t\t<\/div> \n\t\t\t\n        \n\t\t\t\t<div id=\"ngg-image-254\" class=\"ngg-gallery-thumbnail-box\" >\n\t\t\t\t        <div class=\"ngg-gallery-thumbnail\">\n            <a href=\"http:\/\/www.karate-neuhofen.at\/wp-content\/gallery\/trainingslager-gnas-2014\/img_1255.jpg\"\n               title=\"\"\n               data-src=\"http:\/\/www.karate-neuhofen.at\/wp-content\/gallery\/trainingslager-gnas-2014\/img_1255.jpg\"\n               data-thumbnail=\"http:\/\/www.karate-neuhofen.at\/wp-content\/gallery\/trainingslager-gnas-2014\/thumbs\/thumbs_img_1255.jpg\"\n               data-image-id=\"6286\"\n               data-title=\"img_1255\"\n               data-description=\"\"\n               data-image-slug=\"img_1255\"\n               class=\"shutterset_ac4aa3065405eea2a5f91ba3c27290cd\">\n                <img\n                    title=\"img_1255\"\n                    alt=\"img_1255\"\n                    src=\"http:\/\/www.karate-neuhofen.at\/wp-content\/gallery\/trainingslager-gnas-2014\/thumbs\/thumbs_img_1255.jpg\"\n                    width=\"100\"\n                    height=\"66\"\n                    style=\"max-width:100%;\"\n                \/>\n            <\/a>\n        <\/div>\n\t\t\t\t\t\t\t<\/div> \n\t\t\t\n        \n\t\t\t\t<div id=\"ngg-image-255\" class=\"ngg-gallery-thumbnail-box\" >\n\t\t\t\t        <div class=\"ngg-gallery-thumbnail\">\n            <a href=\"http:\/\/www.karate-neuhofen.at\/wp-content\/gallery\/trainingslager-gnas-2014\/img_1256.jpg\"\n               title=\"\"\n               data-src=\"http:\/\/www.karate-neuhofen.at\/wp-content\/gallery\/trainingslager-gnas-2014\/img_1256.jpg\"\n               data-thumbnail=\"http:\/\/www.karate-neuhofen.at\/wp-content\/gallery\/trainingslager-gnas-2014\/thumbs\/thumbs_img_1256.jpg\"\n               data-image-id=\"6287\"\n               data-title=\"img_1256\"\n               data-description=\"\"\n               data-image-slug=\"img_1256\"\n               class=\"shutterset_ac4aa3065405eea2a5f91ba3c27290cd\">\n                <img\n                    title=\"img_1256\"\n                    alt=\"img_1256\"\n                    src=\"http:\/\/www.karate-neuhofen.at\/wp-content\/gallery\/trainingslager-gnas-2014\/thumbs\/thumbs_img_1256.jpg\"\n                    width=\"100\"\n                    height=\"66\"\n                    style=\"max-width:100%;\"\n                \/>\n            <\/a>\n        <\/div>\n\t\t\t\t\t\t\t<\/div> \n\t\t\t\n        \n\t\t\t\t<div id=\"ngg-image-256\" class=\"ngg-gallery-thumbnail-box\" >\n\t\t\t\t        <div class=\"ngg-gallery-thumbnail\">\n            <a href=\"http:\/\/www.karate-neuhofen.at\/wp-content\/gallery\/trainingslager-gnas-2014\/img_1257.jpg\"\n               title=\"\"\n               data-src=\"http:\/\/www.karate-neuhofen.at\/wp-content\/gallery\/trainingslager-gnas-2014\/img_1257.jpg\"\n               data-thumbnail=\"http:\/\/www.karate-neuhofen.at\/wp-content\/gallery\/trainingslager-gnas-2014\/thumbs\/thumbs_img_1257.jpg\"\n               data-image-id=\"6288\"\n               data-title=\"img_1257\"\n               data-description=\"\"\n               data-image-slug=\"img_1257\"\n               class=\"shutterset_ac4aa3065405eea2a5f91ba3c27290cd\">\n                <img\n                    title=\"img_1257\"\n                    alt=\"img_1257\"\n                    src=\"http:\/\/www.karate-neuhofen.at\/wp-content\/gallery\/trainingslager-gnas-2014\/thumbs\/thumbs_img_1257.jpg\"\n                    width=\"100\"\n                    height=\"66\"\n                    style=\"max-width:100%;\"\n                \/>\n            <\/a>\n        <\/div>\n\t\t\t\t\t\t\t<\/div> \n\t\t\t\n        \n\t\t\t\t<div id=\"ngg-image-257\" class=\"ngg-gallery-thumbnail-box\" >\n\t\t\t\t        <div class=\"ngg-gallery-thumbnail\">\n            <a href=\"http:\/\/www.karate-neuhofen.at\/wp-content\/gallery\/trainingslager-gnas-2014\/img_1258.jpg\"\n               title=\"\"\n               data-src=\"http:\/\/www.karate-neuhofen.at\/wp-content\/gallery\/trainingslager-gnas-2014\/img_1258.jpg\"\n               data-thumbnail=\"http:\/\/www.karate-neuhofen.at\/wp-content\/gallery\/trainingslager-gnas-2014\/thumbs\/thumbs_img_1258.jpg\"\n               data-image-id=\"6289\"\n               data-title=\"img_1258\"\n               data-description=\"\"\n               data-image-slug=\"img_1258\"\n               class=\"shutterset_ac4aa3065405eea2a5f91ba3c27290cd\">\n                <img\n                    title=\"img_1258\"\n                    alt=\"img_1258\"\n                    src=\"http:\/\/www.karate-neuhofen.at\/wp-content\/gallery\/trainingslager-gnas-2014\/thumbs\/thumbs_img_1258.jpg\"\n                    width=\"100\"\n                    height=\"66\"\n                    style=\"max-width:100%;\"\n                \/>\n            <\/a>\n        <\/div>\n\t\t\t\t\t\t\t<\/div> \n\t\t\t\n        \n\t\t\t\t<div id=\"ngg-image-258\" class=\"ngg-gallery-thumbnail-box\" >\n\t\t\t\t        <div class=\"ngg-gallery-thumbnail\">\n            <a href=\"http:\/\/www.karate-neuhofen.at\/wp-content\/gallery\/trainingslager-gnas-2014\/img_1259.jpg\"\n               title=\"\"\n               data-src=\"http:\/\/www.karate-neuhofen.at\/wp-content\/gallery\/trainingslager-gnas-2014\/img_1259.jpg\"\n               data-thumbnail=\"http:\/\/www.karate-neuhofen.at\/wp-content\/gallery\/trainingslager-gnas-2014\/thumbs\/thumbs_img_1259.jpg\"\n               data-image-id=\"6290\"\n               data-title=\"img_1259\"\n               data-description=\"\"\n               data-image-slug=\"img_1259\"\n               class=\"shutterset_ac4aa3065405eea2a5f91ba3c27290cd\">\n                <img\n                    title=\"img_1259\"\n                    alt=\"img_1259\"\n                    src=\"http:\/\/www.karate-neuhofen.at\/wp-content\/gallery\/trainingslager-gnas-2014\/thumbs\/thumbs_img_1259.jpg\"\n                    width=\"100\"\n                    height=\"66\"\n                    style=\"max-width:100%;\"\n                \/>\n            <\/a>\n        <\/div>\n\t\t\t\t\t\t\t<\/div> \n\t\t\t\n        \n\t\t\t\t<div id=\"ngg-image-259\" class=\"ngg-gallery-thumbnail-box\" >\n\t\t\t\t        <div class=\"ngg-gallery-thumbnail\">\n            <a href=\"http:\/\/www.karate-neuhofen.at\/wp-content\/gallery\/trainingslager-gnas-2014\/img_1260.jpg\"\n               title=\"\"\n               data-src=\"http:\/\/www.karate-neuhofen.at\/wp-content\/gallery\/trainingslager-gnas-2014\/img_1260.jpg\"\n               data-thumbnail=\"http:\/\/www.karate-neuhofen.at\/wp-content\/gallery\/trainingslager-gnas-2014\/thumbs\/thumbs_img_1260.jpg\"\n               data-image-id=\"6291\"\n               data-title=\"img_1260\"\n               data-description=\"\"\n               data-image-slug=\"img_1260\"\n               class=\"shutterset_ac4aa3065405eea2a5f91ba3c27290cd\">\n                <img\n                    title=\"img_1260\"\n                    alt=\"img_1260\"\n                    src=\"http:\/\/www.karate-neuhofen.at\/wp-content\/gallery\/trainingslager-gnas-2014\/thumbs\/thumbs_img_1260.jpg\"\n                    width=\"100\"\n                    height=\"66\"\n                    style=\"max-width:100%;\"\n                \/>\n            <\/a>\n        <\/div>\n\t\t\t\t\t\t\t<\/div> \n\t\t\t\n        \n\t\t\t\t<div id=\"ngg-image-260\" class=\"ngg-gallery-thumbnail-box\" >\n\t\t\t\t        <div class=\"ngg-gallery-thumbnail\">\n            <a href=\"http:\/\/www.karate-neuhofen.at\/wp-content\/gallery\/trainingslager-gnas-2014\/img_1261.jpg\"\n               title=\"\"\n               data-src=\"http:\/\/www.karate-neuhofen.at\/wp-content\/gallery\/trainingslager-gnas-2014\/img_1261.jpg\"\n               data-thumbnail=\"http:\/\/www.karate-neuhofen.at\/wp-content\/gallery\/trainingslager-gnas-2014\/thumbs\/thumbs_img_1261.jpg\"\n               data-image-id=\"6292\"\n               data-title=\"img_1261\"\n               data-description=\"\"\n               data-image-slug=\"img_1261\"\n               class=\"shutterset_ac4aa3065405eea2a5f91ba3c27290cd\">\n                <img\n                    title=\"img_1261\"\n                    alt=\"img_1261\"\n                    src=\"http:\/\/www.karate-neuhofen.at\/wp-content\/gallery\/trainingslager-gnas-2014\/thumbs\/thumbs_img_1261.jpg\"\n                    width=\"100\"\n                    height=\"66\"\n                    style=\"max-width:100%;\"\n                \/>\n            <\/a>\n        <\/div>\n\t\t\t\t\t\t\t<\/div> \n\t\t\t\n        \n\t\t\t\t<div id=\"ngg-image-261\" class=\"ngg-gallery-thumbnail-box\" >\n\t\t\t\t        <div class=\"ngg-gallery-thumbnail\">\n            <a href=\"http:\/\/www.karate-neuhofen.at\/wp-content\/gallery\/trainingslager-gnas-2014\/img_1262.jpg\"\n               title=\"\"\n               data-src=\"http:\/\/www.karate-neuhofen.at\/wp-content\/gallery\/trainingslager-gnas-2014\/img_1262.jpg\"\n               data-thumbnail=\"http:\/\/www.karate-neuhofen.at\/wp-content\/gallery\/trainingslager-gnas-2014\/thumbs\/thumbs_img_1262.jpg\"\n               data-image-id=\"6293\"\n               data-title=\"img_1262\"\n               data-description=\"\"\n               data-image-slug=\"img_1262\"\n               class=\"shutterset_ac4aa3065405eea2a5f91ba3c27290cd\">\n                <img\n                    title=\"img_1262\"\n                    alt=\"img_1262\"\n                    src=\"http:\/\/www.karate-neuhofen.at\/wp-content\/gallery\/trainingslager-gnas-2014\/thumbs\/thumbs_img_1262.jpg\"\n                    width=\"100\"\n                    height=\"66\"\n                    style=\"max-width:100%;\"\n                \/>\n            <\/a>\n        <\/div>\n\t\t\t\t\t\t\t<\/div> \n\t\t\t\n        \n\t\t\t\t<div id=\"ngg-image-262\" class=\"ngg-gallery-thumbnail-box\" >\n\t\t\t\t        <div class=\"ngg-gallery-thumbnail\">\n            <a href=\"http:\/\/www.karate-neuhofen.at\/wp-content\/gallery\/trainingslager-gnas-2014\/img_1263.jpg\"\n               title=\"\"\n               data-src=\"http:\/\/www.karate-neuhofen.at\/wp-content\/gallery\/trainingslager-gnas-2014\/img_1263.jpg\"\n               data-thumbnail=\"http:\/\/www.karate-neuhofen.at\/wp-content\/gallery\/trainingslager-gnas-2014\/thumbs\/thumbs_img_1263.jpg\"\n               data-image-id=\"6294\"\n               data-title=\"img_1263\"\n               data-description=\"\"\n               data-image-slug=\"img_1263\"\n               class=\"shutterset_ac4aa3065405eea2a5f91ba3c27290cd\">\n                <img\n                    title=\"img_1263\"\n                    alt=\"img_1263\"\n                    src=\"http:\/\/www.karate-neuhofen.at\/wp-content\/gallery\/trainingslager-gnas-2014\/thumbs\/thumbs_img_1263.jpg\"\n                    width=\"100\"\n                    height=\"66\"\n                    style=\"max-width:100%;\"\n                \/>\n            <\/a>\n        <\/div>\n\t\t\t\t\t\t\t<\/div> \n\t\t\t\n        \n\t\t\t\t<div id=\"ngg-image-263\" class=\"ngg-gallery-thumbnail-box\" >\n\t\t\t\t        <div class=\"ngg-gallery-thumbnail\">\n            <a href=\"http:\/\/www.karate-neuhofen.at\/wp-content\/gallery\/trainingslager-gnas-2014\/img_1264.jpg\"\n               title=\"\"\n               data-src=\"http:\/\/www.karate-neuhofen.at\/wp-content\/gallery\/trainingslager-gnas-2014\/img_1264.jpg\"\n               data-thumbnail=\"http:\/\/www.karate-neuhofen.at\/wp-content\/gallery\/trainingslager-gnas-2014\/thumbs\/thumbs_img_1264.jpg\"\n               data-image-id=\"6295\"\n               data-title=\"img_1264\"\n               data-description=\"\"\n               data-image-slug=\"img_1264\"\n               class=\"shutterset_ac4aa3065405eea2a5f91ba3c27290cd\">\n                <img\n                    title=\"img_1264\"\n                    alt=\"img_1264\"\n                    src=\"http:\/\/www.karate-neuhofen.at\/wp-content\/gallery\/trainingslager-gnas-2014\/thumbs\/thumbs_img_1264.jpg\"\n                    width=\"100\"\n                    height=\"66\"\n                    style=\"max-width:100%;\"\n                \/>\n            <\/a>\n        <\/div>\n\t\t\t\t\t\t\t<\/div> \n\t\t\t\n        \n\t\t\t\t<div id=\"ngg-image-264\" class=\"ngg-gallery-thumbnail-box\" >\n\t\t\t\t        <div class=\"ngg-gallery-thumbnail\">\n            <a href=\"http:\/\/www.karate-neuhofen.at\/wp-content\/gallery\/trainingslager-gnas-2014\/img_1265.jpg\"\n               title=\"\"\n               data-src=\"http:\/\/www.karate-neuhofen.at\/wp-content\/gallery\/trainingslager-gnas-2014\/img_1265.jpg\"\n               data-thumbnail=\"http:\/\/www.karate-neuhofen.at\/wp-content\/gallery\/trainingslager-gnas-2014\/thumbs\/thumbs_img_1265.jpg\"\n               data-image-id=\"6296\"\n               data-title=\"img_1265\"\n               data-description=\"\"\n               data-image-slug=\"img_1265\"\n               class=\"shutterset_ac4aa3065405eea2a5f91ba3c27290cd\">\n                <img\n                    title=\"img_1265\"\n                    alt=\"img_1265\"\n                    src=\"http:\/\/www.karate-neuhofen.at\/wp-content\/gallery\/trainingslager-gnas-2014\/thumbs\/thumbs_img_1265.jpg\"\n                    width=\"100\"\n                    height=\"66\"\n                    style=\"max-width:100%;\"\n                \/>\n            <\/a>\n        <\/div>\n\t\t\t\t\t\t\t<\/div> \n\t\t\t\n        \n\t\t\t\t<div id=\"ngg-image-265\" class=\"ngg-gallery-thumbnail-box\" >\n\t\t\t\t        <div class=\"ngg-gallery-thumbnail\">\n            <a href=\"http:\/\/www.karate-neuhofen.at\/wp-content\/gallery\/trainingslager-gnas-2014\/img_1266.jpg\"\n               title=\"\"\n               data-src=\"http:\/\/www.karate-neuhofen.at\/wp-content\/gallery\/trainingslager-gnas-2014\/img_1266.jpg\"\n               data-thumbnail=\"http:\/\/www.karate-neuhofen.at\/wp-content\/gallery\/trainingslager-gnas-2014\/thumbs\/thumbs_img_1266.jpg\"\n               data-image-id=\"6297\"\n               data-title=\"img_1266\"\n               data-description=\"\"\n               data-image-slug=\"img_1266\"\n               class=\"shutterset_ac4aa3065405eea2a5f91ba3c27290cd\">\n                <img\n                    title=\"img_1266\"\n                    alt=\"img_1266\"\n                    src=\"http:\/\/www.karate-neuhofen.at\/wp-content\/gallery\/trainingslager-gnas-2014\/thumbs\/thumbs_img_1266.jpg\"\n                    width=\"100\"\n                    height=\"66\"\n                    style=\"max-width:100%;\"\n                \/>\n            <\/a>\n        <\/div>\n\t\t\t\t\t\t\t<\/div> \n\t\t\t\n        \n\t\t\t\t<div id=\"ngg-image-266\" class=\"ngg-gallery-thumbnail-box\" >\n\t\t\t\t        <div class=\"ngg-gallery-thumbnail\">\n            <a href=\"http:\/\/www.karate-neuhofen.at\/wp-content\/gallery\/trainingslager-gnas-2014\/img_1267.jpg\"\n               title=\"\"\n               data-src=\"http:\/\/www.karate-neuhofen.at\/wp-content\/gallery\/trainingslager-gnas-2014\/img_1267.jpg\"\n               data-thumbnail=\"http:\/\/www.karate-neuhofen.at\/wp-content\/gallery\/trainingslager-gnas-2014\/thumbs\/thumbs_img_1267.jpg\"\n               data-image-id=\"6298\"\n               data-title=\"img_1267\"\n               data-description=\"\"\n               data-image-slug=\"img_1267\"\n               class=\"shutterset_ac4aa3065405eea2a5f91ba3c27290cd\">\n                <img\n                    title=\"img_1267\"\n                    alt=\"img_1267\"\n                    src=\"http:\/\/www.karate-neuhofen.at\/wp-content\/gallery\/trainingslager-gnas-2014\/thumbs\/thumbs_img_1267.jpg\"\n                    width=\"100\"\n                    height=\"66\"\n                    style=\"max-width:100%;\"\n                \/>\n            <\/a>\n        <\/div>\n\t\t\t\t\t\t\t<\/div> \n\t\t\t\n        \n\t\t\t\t<div id=\"ngg-image-267\" class=\"ngg-gallery-thumbnail-box\" >\n\t\t\t\t        <div class=\"ngg-gallery-thumbnail\">\n            <a href=\"http:\/\/www.karate-neuhofen.at\/wp-content\/gallery\/trainingslager-gnas-2014\/img_1268.jpg\"\n               title=\"\"\n               data-src=\"http:\/\/www.karate-neuhofen.at\/wp-content\/gallery\/trainingslager-gnas-2014\/img_1268.jpg\"\n               data-thumbnail=\"http:\/\/www.karate-neuhofen.at\/wp-content\/gallery\/trainingslager-gnas-2014\/thumbs\/thumbs_img_1268.jpg\"\n               data-image-id=\"6299\"\n               data-title=\"img_1268\"\n               data-description=\"\"\n               data-image-slug=\"img_1268\"\n               class=\"shutterset_ac4aa3065405eea2a5f91ba3c27290cd\">\n                <img\n                    title=\"img_1268\"\n                    alt=\"img_1268\"\n                    src=\"http:\/\/www.karate-neuhofen.at\/wp-content\/gallery\/trainingslager-gnas-2014\/thumbs\/thumbs_img_1268.jpg\"\n                    width=\"100\"\n                    height=\"66\"\n                    style=\"max-width:100%;\"\n                \/>\n            <\/a>\n        <\/div>\n\t\t\t\t\t\t\t<\/div> \n\t\t\t\n        \n\t\t\t\t<div id=\"ngg-image-268\" class=\"ngg-gallery-thumbnail-box\" >\n\t\t\t\t        <div class=\"ngg-gallery-thumbnail\">\n            <a href=\"http:\/\/www.karate-neuhofen.at\/wp-content\/gallery\/trainingslager-gnas-2014\/img_1269.jpg\"\n               title=\"\"\n               data-src=\"http:\/\/www.karate-neuhofen.at\/wp-content\/gallery\/trainingslager-gnas-2014\/img_1269.jpg\"\n               data-thumbnail=\"http:\/\/www.karate-neuhofen.at\/wp-content\/gallery\/trainingslager-gnas-2014\/thumbs\/thumbs_img_1269.jpg\"\n               data-image-id=\"6300\"\n               data-title=\"img_1269\"\n               data-description=\"\"\n               data-image-slug=\"img_1269\"\n               class=\"shutterset_ac4aa3065405eea2a5f91ba3c27290cd\">\n                <img\n                    title=\"img_1269\"\n                    alt=\"img_1269\"\n                    src=\"http:\/\/www.karate-neuhofen.at\/wp-content\/gallery\/trainingslager-gnas-2014\/thumbs\/thumbs_img_1269.jpg\"\n                    width=\"100\"\n                    height=\"66\"\n                    style=\"max-width:100%;\"\n                \/>\n            <\/a>\n        <\/div>\n\t\t\t\t\t\t\t<\/div> \n\t\t\t\n        \n\t\t\t\t<div id=\"ngg-image-269\" class=\"ngg-gallery-thumbnail-box\" >\n\t\t\t\t        <div class=\"ngg-gallery-thumbnail\">\n            <a href=\"http:\/\/www.karate-neuhofen.at\/wp-content\/gallery\/trainingslager-gnas-2014\/img_1270.jpg\"\n               title=\"\"\n               data-src=\"http:\/\/www.karate-neuhofen.at\/wp-content\/gallery\/trainingslager-gnas-2014\/img_1270.jpg\"\n               data-thumbnail=\"http:\/\/www.karate-neuhofen.at\/wp-content\/gallery\/trainingslager-gnas-2014\/thumbs\/thumbs_img_1270.jpg\"\n               data-image-id=\"6301\"\n               data-title=\"img_1270\"\n               data-description=\"\"\n               data-image-slug=\"img_1270\"\n               class=\"shutterset_ac4aa3065405eea2a5f91ba3c27290cd\">\n                <img\n                    title=\"img_1270\"\n                    alt=\"img_1270\"\n                    src=\"http:\/\/www.karate-neuhofen.at\/wp-content\/gallery\/trainingslager-gnas-2014\/thumbs\/thumbs_img_1270.jpg\"\n                    width=\"50\"\n                    height=\"75\"\n                    style=\"max-width:100%;\"\n                \/>\n            <\/a>\n        <\/div>\n\t\t\t\t\t\t\t<\/div> \n\t\t\t\n        \n\t\t\t\t<div id=\"ngg-image-270\" class=\"ngg-gallery-thumbnail-box\" >\n\t\t\t\t        <div class=\"ngg-gallery-thumbnail\">\n            <a href=\"http:\/\/www.karate-neuhofen.at\/wp-content\/gallery\/trainingslager-gnas-2014\/img_1271.jpg\"\n               title=\"\"\n               data-src=\"http:\/\/www.karate-neuhofen.at\/wp-content\/gallery\/trainingslager-gnas-2014\/img_1271.jpg\"\n               data-thumbnail=\"http:\/\/www.karate-neuhofen.at\/wp-content\/gallery\/trainingslager-gnas-2014\/thumbs\/thumbs_img_1271.jpg\"\n               data-image-id=\"6302\"\n               data-title=\"img_1271\"\n               data-description=\"\"\n               data-image-slug=\"img_1271\"\n               class=\"shutterset_ac4aa3065405eea2a5f91ba3c27290cd\">\n                <img\n                    title=\"img_1271\"\n                    alt=\"img_1271\"\n                    src=\"http:\/\/www.karate-neuhofen.at\/wp-content\/gallery\/trainingslager-gnas-2014\/thumbs\/thumbs_img_1271.jpg\"\n                    width=\"100\"\n                    height=\"66\"\n                    style=\"max-width:100%;\"\n                \/>\n            <\/a>\n        <\/div>\n\t\t\t\t\t\t\t<\/div> \n\t\t\t\n        \n\t\t\t\t<div id=\"ngg-image-271\" class=\"ngg-gallery-thumbnail-box\" >\n\t\t\t\t        <div class=\"ngg-gallery-thumbnail\">\n            <a href=\"http:\/\/www.karate-neuhofen.at\/wp-content\/gallery\/trainingslager-gnas-2014\/img_1272.jpg\"\n               title=\"\"\n               data-src=\"http:\/\/www.karate-neuhofen.at\/wp-content\/gallery\/trainingslager-gnas-2014\/img_1272.jpg\"\n               data-thumbnail=\"http:\/\/www.karate-neuhofen.at\/wp-content\/gallery\/trainingslager-gnas-2014\/thumbs\/thumbs_img_1272.jpg\"\n               data-image-id=\"6303\"\n               data-title=\"img_1272\"\n               data-description=\"\"\n               data-image-slug=\"img_1272\"\n               class=\"shutterset_ac4aa3065405eea2a5f91ba3c27290cd\">\n                <img\n                    title=\"img_1272\"\n                    alt=\"img_1272\"\n                    src=\"http:\/\/www.karate-neuhofen.at\/wp-content\/gallery\/trainingslager-gnas-2014\/thumbs\/thumbs_img_1272.jpg\"\n                    width=\"50\"\n                    height=\"75\"\n                    style=\"max-width:100%;\"\n                \/>\n            <\/a>\n        <\/div>\n\t\t\t\t\t\t\t<\/div> \n\t\t\t\n        \n\t\t\t\t<div id=\"ngg-image-272\" class=\"ngg-gallery-thumbnail-box\" >\n\t\t\t\t        <div class=\"ngg-gallery-thumbnail\">\n            <a href=\"http:\/\/www.karate-neuhofen.at\/wp-content\/gallery\/trainingslager-gnas-2014\/img_1273.jpg\"\n               title=\"\"\n               data-src=\"http:\/\/www.karate-neuhofen.at\/wp-content\/gallery\/trainingslager-gnas-2014\/img_1273.jpg\"\n               data-thumbnail=\"http:\/\/www.karate-neuhofen.at\/wp-content\/gallery\/trainingslager-gnas-2014\/thumbs\/thumbs_img_1273.jpg\"\n               data-image-id=\"6304\"\n               data-title=\"img_1273\"\n               data-description=\"\"\n               data-image-slug=\"img_1273\"\n               class=\"shutterset_ac4aa3065405eea2a5f91ba3c27290cd\">\n                <img\n                    title=\"img_1273\"\n                    alt=\"img_1273\"\n                    src=\"http:\/\/www.karate-neuhofen.at\/wp-content\/gallery\/trainingslager-gnas-2014\/thumbs\/thumbs_img_1273.jpg\"\n                    width=\"100\"\n                    height=\"66\"\n                    style=\"max-width:100%;\"\n                \/>\n            <\/a>\n        <\/div>\n\t\t\t\t\t\t\t<\/div> \n\t\t\t\n        \n\t\t\t\t<div id=\"ngg-image-273\" class=\"ngg-gallery-thumbnail-box\" >\n\t\t\t\t        <div class=\"ngg-gallery-thumbnail\">\n            <a href=\"http:\/\/www.karate-neuhofen.at\/wp-content\/gallery\/trainingslager-gnas-2014\/img_1274.jpg\"\n               title=\"\"\n               data-src=\"http:\/\/www.karate-neuhofen.at\/wp-content\/gallery\/trainingslager-gnas-2014\/img_1274.jpg\"\n               data-thumbnail=\"http:\/\/www.karate-neuhofen.at\/wp-content\/gallery\/trainingslager-gnas-2014\/thumbs\/thumbs_img_1274.jpg\"\n               data-image-id=\"6305\"\n               data-title=\"img_1274\"\n               data-description=\"\"\n               data-image-slug=\"img_1274\"\n               class=\"shutterset_ac4aa3065405eea2a5f91ba3c27290cd\">\n                <img\n                    title=\"img_1274\"\n                    alt=\"img_1274\"\n                    src=\"http:\/\/www.karate-neuhofen.at\/wp-content\/gallery\/trainingslager-gnas-2014\/thumbs\/thumbs_img_1274.jpg\"\n                    width=\"50\"\n                    height=\"75\"\n                    style=\"max-width:100%;\"\n                \/>\n            <\/a>\n        <\/div>\n\t\t\t\t\t\t\t<\/div> \n\t\t\t\n        \n\t\t\t\t<div id=\"ngg-image-274\" class=\"ngg-gallery-thumbnail-box\" >\n\t\t\t\t        <div class=\"ngg-gallery-thumbnail\">\n            <a href=\"http:\/\/www.karate-neuhofen.at\/wp-content\/gallery\/trainingslager-gnas-2014\/img_1275.jpg\"\n               title=\"\"\n               data-src=\"http:\/\/www.karate-neuhofen.at\/wp-content\/gallery\/trainingslager-gnas-2014\/img_1275.jpg\"\n               data-thumbnail=\"http:\/\/www.karate-neuhofen.at\/wp-content\/gallery\/trainingslager-gnas-2014\/thumbs\/thumbs_img_1275.jpg\"\n               data-image-id=\"6306\"\n               data-title=\"img_1275\"\n               data-description=\"\"\n               data-image-slug=\"img_1275\"\n               class=\"shutterset_ac4aa3065405eea2a5f91ba3c27290cd\">\n                <img\n                    title=\"img_1275\"\n                    alt=\"img_1275\"\n                    src=\"http:\/\/www.karate-neuhofen.at\/wp-content\/gallery\/trainingslager-gnas-2014\/thumbs\/thumbs_img_1275.jpg\"\n                    width=\"50\"\n                    height=\"75\"\n                    style=\"max-width:100%;\"\n                \/>\n            <\/a>\n        <\/div>\n\t\t\t\t\t\t\t<\/div> \n\t\t\t\n        \n\t\t\t\t<div id=\"ngg-image-275\" class=\"ngg-gallery-thumbnail-box\" >\n\t\t\t\t        <div class=\"ngg-gallery-thumbnail\">\n            <a href=\"http:\/\/www.karate-neuhofen.at\/wp-content\/gallery\/trainingslager-gnas-2014\/img_1276.jpg\"\n               title=\"\"\n               data-src=\"http:\/\/www.karate-neuhofen.at\/wp-content\/gallery\/trainingslager-gnas-2014\/img_1276.jpg\"\n               data-thumbnail=\"http:\/\/www.karate-neuhofen.at\/wp-content\/gallery\/trainingslager-gnas-2014\/thumbs\/thumbs_img_1276.jpg\"\n               data-image-id=\"6307\"\n               data-title=\"img_1276\"\n               data-description=\"\"\n               data-image-slug=\"img_1276\"\n               class=\"shutterset_ac4aa3065405eea2a5f91ba3c27290cd\">\n                <img\n                    title=\"img_1276\"\n                    alt=\"img_1276\"\n                    src=\"http:\/\/www.karate-neuhofen.at\/wp-content\/gallery\/trainingslager-gnas-2014\/thumbs\/thumbs_img_1276.jpg\"\n                    width=\"50\"\n                    height=\"75\"\n                    style=\"max-width:100%;\"\n                \/>\n            <\/a>\n        <\/div>\n\t\t\t\t\t\t\t<\/div> \n\t\t\t\n        \n\t\t\t\t<div id=\"ngg-image-276\" class=\"ngg-gallery-thumbnail-box\" >\n\t\t\t\t        <div class=\"ngg-gallery-thumbnail\">\n            <a href=\"http:\/\/www.karate-neuhofen.at\/wp-content\/gallery\/trainingslager-gnas-2014\/img_1277.jpg\"\n               title=\"\"\n               data-src=\"http:\/\/www.karate-neuhofen.at\/wp-content\/gallery\/trainingslager-gnas-2014\/img_1277.jpg\"\n               data-thumbnail=\"http:\/\/www.karate-neuhofen.at\/wp-content\/gallery\/trainingslager-gnas-2014\/thumbs\/thumbs_img_1277.jpg\"\n               data-image-id=\"6308\"\n               data-title=\"img_1277\"\n               data-description=\"\"\n               data-image-slug=\"img_1277\"\n               class=\"shutterset_ac4aa3065405eea2a5f91ba3c27290cd\">\n                <img\n                    title=\"img_1277\"\n                    alt=\"img_1277\"\n                    src=\"http:\/\/www.karate-neuhofen.at\/wp-content\/gallery\/trainingslager-gnas-2014\/thumbs\/thumbs_img_1277.jpg\"\n                    width=\"100\"\n                    height=\"66\"\n                    style=\"max-width:100%;\"\n                \/>\n            <\/a>\n        <\/div>\n\t\t\t\t\t\t\t<\/div> \n\t\t\t\n        \n\t\t\t\t<div id=\"ngg-image-277\" class=\"ngg-gallery-thumbnail-box\" >\n\t\t\t\t        <div class=\"ngg-gallery-thumbnail\">\n            <a href=\"http:\/\/www.karate-neuhofen.at\/wp-content\/gallery\/trainingslager-gnas-2014\/img_1278.jpg\"\n               title=\"\"\n               data-src=\"http:\/\/www.karate-neuhofen.at\/wp-content\/gallery\/trainingslager-gnas-2014\/img_1278.jpg\"\n               data-thumbnail=\"http:\/\/www.karate-neuhofen.at\/wp-content\/gallery\/trainingslager-gnas-2014\/thumbs\/thumbs_img_1278.jpg\"\n               data-image-id=\"6309\"\n               data-title=\"img_1278\"\n               data-description=\"\"\n               data-image-slug=\"img_1278\"\n               class=\"shutterset_ac4aa3065405eea2a5f91ba3c27290cd\">\n                <img\n                    title=\"img_1278\"\n                    alt=\"img_1278\"\n                    src=\"http:\/\/www.karate-neuhofen.at\/wp-content\/gallery\/trainingslager-gnas-2014\/thumbs\/thumbs_img_1278.jpg\"\n                    width=\"100\"\n                    height=\"66\"\n                    style=\"max-width:100%;\"\n                \/>\n            <\/a>\n        <\/div>\n\t\t\t\t\t\t\t<\/div> \n\t\t\t\n        \n\t\t\t\t<div id=\"ngg-image-278\" class=\"ngg-gallery-thumbnail-box\" >\n\t\t\t\t        <div class=\"ngg-gallery-thumbnail\">\n            <a href=\"http:\/\/www.karate-neuhofen.at\/wp-content\/gallery\/trainingslager-gnas-2014\/img_1279.jpg\"\n               title=\"\"\n               data-src=\"http:\/\/www.karate-neuhofen.at\/wp-content\/gallery\/trainingslager-gnas-2014\/img_1279.jpg\"\n               data-thumbnail=\"http:\/\/www.karate-neuhofen.at\/wp-content\/gallery\/trainingslager-gnas-2014\/thumbs\/thumbs_img_1279.jpg\"\n               data-image-id=\"6310\"\n               data-title=\"img_1279\"\n               data-description=\"\"\n               data-image-slug=\"img_1279\"\n               class=\"shutterset_ac4aa3065405eea2a5f91ba3c27290cd\">\n                <img\n                    title=\"img_1279\"\n                    alt=\"img_1279\"\n                    src=\"http:\/\/www.karate-neuhofen.at\/wp-content\/gallery\/trainingslager-gnas-2014\/thumbs\/thumbs_img_1279.jpg\"\n                    width=\"100\"\n                    height=\"66\"\n                    style=\"max-width:100%;\"\n                \/>\n            <\/a>\n        <\/div>\n\t\t\t\t\t\t\t<\/div> \n\t\t\t\n        \n\t\t\t\t<div id=\"ngg-image-279\" class=\"ngg-gallery-thumbnail-box\" >\n\t\t\t\t        <div class=\"ngg-gallery-thumbnail\">\n            <a href=\"http:\/\/www.karate-neuhofen.at\/wp-content\/gallery\/trainingslager-gnas-2014\/img_1280.jpg\"\n               title=\"\"\n               data-src=\"http:\/\/www.karate-neuhofen.at\/wp-content\/gallery\/trainingslager-gnas-2014\/img_1280.jpg\"\n               data-thumbnail=\"http:\/\/www.karate-neuhofen.at\/wp-content\/gallery\/trainingslager-gnas-2014\/thumbs\/thumbs_img_1280.jpg\"\n               data-image-id=\"6311\"\n               data-title=\"img_1280\"\n               data-description=\"\"\n               data-image-slug=\"img_1280\"\n               class=\"shutterset_ac4aa3065405eea2a5f91ba3c27290cd\">\n                <img\n                    title=\"img_1280\"\n                    alt=\"img_1280\"\n                    src=\"http:\/\/www.karate-neuhofen.at\/wp-content\/gallery\/trainingslager-gnas-2014\/thumbs\/thumbs_img_1280.jpg\"\n                    width=\"100\"\n                    height=\"66\"\n                    style=\"max-width:100%;\"\n                \/>\n            <\/a>\n        <\/div>\n\t\t\t\t\t\t\t<\/div> \n\t\t\t\n        \n\t\t\t\t<div id=\"ngg-image-280\" class=\"ngg-gallery-thumbnail-box\" >\n\t\t\t\t        <div class=\"ngg-gallery-thumbnail\">\n            <a href=\"http:\/\/www.karate-neuhofen.at\/wp-content\/gallery\/trainingslager-gnas-2014\/img_1281.jpg\"\n               title=\"\"\n               data-src=\"http:\/\/www.karate-neuhofen.at\/wp-content\/gallery\/trainingslager-gnas-2014\/img_1281.jpg\"\n               data-thumbnail=\"http:\/\/www.karate-neuhofen.at\/wp-content\/gallery\/trainingslager-gnas-2014\/thumbs\/thumbs_img_1281.jpg\"\n               data-image-id=\"6312\"\n               data-title=\"img_1281\"\n               data-description=\"\"\n               data-image-slug=\"img_1281\"\n               class=\"shutterset_ac4aa3065405eea2a5f91ba3c27290cd\">\n                <img\n                    title=\"img_1281\"\n                    alt=\"img_1281\"\n                    src=\"http:\/\/www.karate-neuhofen.at\/wp-content\/gallery\/trainingslager-gnas-2014\/thumbs\/thumbs_img_1281.jpg\"\n                    width=\"100\"\n                    height=\"66\"\n                    style=\"max-width:100%;\"\n                \/>\n            <\/a>\n        <\/div>\n\t\t\t\t\t\t\t<\/div> \n\t\t\t\n        \n\t\t\t\t<div id=\"ngg-image-281\" class=\"ngg-gallery-thumbnail-box\" >\n\t\t\t\t        <div class=\"ngg-gallery-thumbnail\">\n            <a href=\"http:\/\/www.karate-neuhofen.at\/wp-content\/gallery\/trainingslager-gnas-2014\/img_1282.jpg\"\n               title=\"\"\n               data-src=\"http:\/\/www.karate-neuhofen.at\/wp-content\/gallery\/trainingslager-gnas-2014\/img_1282.jpg\"\n               data-thumbnail=\"http:\/\/www.karate-neuhofen.at\/wp-content\/gallery\/trainingslager-gnas-2014\/thumbs\/thumbs_img_1282.jpg\"\n               data-image-id=\"6313\"\n               data-title=\"img_1282\"\n               data-description=\"\"\n               data-image-slug=\"img_1282\"\n               class=\"shutterset_ac4aa3065405eea2a5f91ba3c27290cd\">\n                <img\n                    title=\"img_1282\"\n                    alt=\"img_1282\"\n                    src=\"http:\/\/www.karate-neuhofen.at\/wp-content\/gallery\/trainingslager-gnas-2014\/thumbs\/thumbs_img_1282.jpg\"\n                    width=\"100\"\n                    height=\"66\"\n                    style=\"max-width:100%;\"\n                \/>\n            <\/a>\n        <\/div>\n\t\t\t\t\t\t\t<\/div> \n\t\t\t\n        \n\t\t\t\t<div id=\"ngg-image-282\" class=\"ngg-gallery-thumbnail-box\" >\n\t\t\t\t        <div class=\"ngg-gallery-thumbnail\">\n            <a href=\"http:\/\/www.karate-neuhofen.at\/wp-content\/gallery\/trainingslager-gnas-2014\/img_1283.jpg\"\n               title=\"\"\n               data-src=\"http:\/\/www.karate-neuhofen.at\/wp-content\/gallery\/trainingslager-gnas-2014\/img_1283.jpg\"\n               data-thumbnail=\"http:\/\/www.karate-neuhofen.at\/wp-content\/gallery\/trainingslager-gnas-2014\/thumbs\/thumbs_img_1283.jpg\"\n               data-image-id=\"6314\"\n               data-title=\"img_1283\"\n               data-description=\"\"\n               data-image-slug=\"img_1283\"\n               class=\"shutterset_ac4aa3065405eea2a5f91ba3c27290cd\">\n                <img\n                    title=\"img_1283\"\n                    alt=\"img_1283\"\n                    src=\"http:\/\/www.karate-neuhofen.at\/wp-content\/gallery\/trainingslager-gnas-2014\/thumbs\/thumbs_img_1283.jpg\"\n                    width=\"100\"\n                    height=\"66\"\n                    style=\"max-width:100%;\"\n                \/>\n            <\/a>\n        <\/div>\n\t\t\t\t\t\t\t<\/div> \n\t\t\t\n        \n\t\t\t\t<div id=\"ngg-image-283\" class=\"ngg-gallery-thumbnail-box\" >\n\t\t\t\t        <div class=\"ngg-gallery-thumbnail\">\n            <a href=\"http:\/\/www.karate-neuhofen.at\/wp-content\/gallery\/trainingslager-gnas-2014\/img_1284.jpg\"\n               title=\"\"\n               data-src=\"http:\/\/www.karate-neuhofen.at\/wp-content\/gallery\/trainingslager-gnas-2014\/img_1284.jpg\"\n               data-thumbnail=\"http:\/\/www.karate-neuhofen.at\/wp-content\/gallery\/trainingslager-gnas-2014\/thumbs\/thumbs_img_1284.jpg\"\n               data-image-id=\"6315\"\n               data-title=\"img_1284\"\n               data-description=\"\"\n               data-image-slug=\"img_1284\"\n               class=\"shutterset_ac4aa3065405eea2a5f91ba3c27290cd\">\n                <img\n                    title=\"img_1284\"\n                    alt=\"img_1284\"\n                    src=\"http:\/\/www.karate-neuhofen.at\/wp-content\/gallery\/trainingslager-gnas-2014\/thumbs\/thumbs_img_1284.jpg\"\n                    width=\"100\"\n                    height=\"66\"\n                    style=\"max-width:100%;\"\n                \/>\n            <\/a>\n        <\/div>\n\t\t\t\t\t\t\t<\/div> \n\t\t\t\n        \n\t\t\t\t<div id=\"ngg-image-284\" class=\"ngg-gallery-thumbnail-box\" >\n\t\t\t\t        <div class=\"ngg-gallery-thumbnail\">\n            <a href=\"http:\/\/www.karate-neuhofen.at\/wp-content\/gallery\/trainingslager-gnas-2014\/img_1285.jpg\"\n               title=\"\"\n               data-src=\"http:\/\/www.karate-neuhofen.at\/wp-content\/gallery\/trainingslager-gnas-2014\/img_1285.jpg\"\n               data-thumbnail=\"http:\/\/www.karate-neuhofen.at\/wp-content\/gallery\/trainingslager-gnas-2014\/thumbs\/thumbs_img_1285.jpg\"\n               data-image-id=\"6316\"\n               data-title=\"img_1285\"\n               data-description=\"\"\n               data-image-slug=\"img_1285\"\n               class=\"shutterset_ac4aa3065405eea2a5f91ba3c27290cd\">\n                <img\n                    title=\"img_1285\"\n                    alt=\"img_1285\"\n                    src=\"http:\/\/www.karate-neuhofen.at\/wp-content\/gallery\/trainingslager-gnas-2014\/thumbs\/thumbs_img_1285.jpg\"\n                    width=\"100\"\n                    height=\"66\"\n                    style=\"max-width:100%;\"\n                \/>\n            <\/a>\n        <\/div>\n\t\t\t\t\t\t\t<\/div> \n\t\t\t\n        \n\t\t\t\t<div id=\"ngg-image-285\" class=\"ngg-gallery-thumbnail-box\" >\n\t\t\t\t        <div class=\"ngg-gallery-thumbnail\">\n            <a href=\"http:\/\/www.karate-neuhofen.at\/wp-content\/gallery\/trainingslager-gnas-2014\/img_1286.jpg\"\n               title=\"\"\n               data-src=\"http:\/\/www.karate-neuhofen.at\/wp-content\/gallery\/trainingslager-gnas-2014\/img_1286.jpg\"\n               data-thumbnail=\"http:\/\/www.karate-neuhofen.at\/wp-content\/gallery\/trainingslager-gnas-2014\/thumbs\/thumbs_img_1286.jpg\"\n               data-image-id=\"6317\"\n               data-title=\"img_1286\"\n               data-description=\"\"\n               data-image-slug=\"img_1286\"\n               class=\"shutterset_ac4aa3065405eea2a5f91ba3c27290cd\">\n                <img\n                    title=\"img_1286\"\n                    alt=\"img_1286\"\n                    src=\"http:\/\/www.karate-neuhofen.at\/wp-content\/gallery\/trainingslager-gnas-2014\/thumbs\/thumbs_img_1286.jpg\"\n                    width=\"100\"\n                    height=\"66\"\n                    style=\"max-width:100%;\"\n                \/>\n            <\/a>\n        <\/div>\n\t\t\t\t\t\t\t<\/div> \n\t\t\t\n        \n\t\t\t\t<div id=\"ngg-image-286\" class=\"ngg-gallery-thumbnail-box\" >\n\t\t\t\t        <div class=\"ngg-gallery-thumbnail\">\n            <a href=\"http:\/\/www.karate-neuhofen.at\/wp-content\/gallery\/trainingslager-gnas-2014\/img_1287.jpg\"\n               title=\"\"\n               data-src=\"http:\/\/www.karate-neuhofen.at\/wp-content\/gallery\/trainingslager-gnas-2014\/img_1287.jpg\"\n               data-thumbnail=\"http:\/\/www.karate-neuhofen.at\/wp-content\/gallery\/trainingslager-gnas-2014\/thumbs\/thumbs_img_1287.jpg\"\n               data-image-id=\"6318\"\n               data-title=\"img_1287\"\n               data-description=\"\"\n               data-image-slug=\"img_1287\"\n               class=\"shutterset_ac4aa3065405eea2a5f91ba3c27290cd\">\n                <img\n                    title=\"img_1287\"\n                    alt=\"img_1287\"\n                    src=\"http:\/\/www.karate-neuhofen.at\/wp-content\/gallery\/trainingslager-gnas-2014\/thumbs\/thumbs_img_1287.jpg\"\n                    width=\"100\"\n                    height=\"66\"\n                    style=\"max-width:100%;\"\n                \/>\n            <\/a>\n        <\/div>\n\t\t\t\t\t\t\t<\/div> \n\t\t\t\n        \n\t\t\t\t<div id=\"ngg-image-287\" class=\"ngg-gallery-thumbnail-box\" >\n\t\t\t\t        <div class=\"ngg-gallery-thumbnail\">\n            <a href=\"http:\/\/www.karate-neuhofen.at\/wp-content\/gallery\/trainingslager-gnas-2014\/img_1288.jpg\"\n               title=\"\"\n               data-src=\"http:\/\/www.karate-neuhofen.at\/wp-content\/gallery\/trainingslager-gnas-2014\/img_1288.jpg\"\n               data-thumbnail=\"http:\/\/www.karate-neuhofen.at\/wp-content\/gallery\/trainingslager-gnas-2014\/thumbs\/thumbs_img_1288.jpg\"\n               data-image-id=\"6319\"\n               data-title=\"img_1288\"\n               data-description=\"\"\n               data-image-slug=\"img_1288\"\n               class=\"shutterset_ac4aa3065405eea2a5f91ba3c27290cd\">\n                <img\n                    title=\"img_1288\"\n                    alt=\"img_1288\"\n                    src=\"http:\/\/www.karate-neuhofen.at\/wp-content\/gallery\/trainingslager-gnas-2014\/thumbs\/thumbs_img_1288.jpg\"\n                    width=\"50\"\n                    height=\"75\"\n                    style=\"max-width:100%;\"\n                \/>\n            <\/a>\n        <\/div>\n\t\t\t\t\t\t\t<\/div> \n\t\t\t\n        \n\t\t\t\t<div id=\"ngg-image-288\" class=\"ngg-gallery-thumbnail-box\" >\n\t\t\t\t        <div class=\"ngg-gallery-thumbnail\">\n            <a href=\"http:\/\/www.karate-neuhofen.at\/wp-content\/gallery\/trainingslager-gnas-2014\/img_1289.jpg\"\n               title=\"\"\n               data-src=\"http:\/\/www.karate-neuhofen.at\/wp-content\/gallery\/trainingslager-gnas-2014\/img_1289.jpg\"\n               data-thumbnail=\"http:\/\/www.karate-neuhofen.at\/wp-content\/gallery\/trainingslager-gnas-2014\/thumbs\/thumbs_img_1289.jpg\"\n               data-image-id=\"6320\"\n               data-title=\"img_1289\"\n               data-description=\"\"\n               data-image-slug=\"img_1289\"\n               class=\"shutterset_ac4aa3065405eea2a5f91ba3c27290cd\">\n                <img\n                    title=\"img_1289\"\n                    alt=\"img_1289\"\n                    src=\"http:\/\/www.karate-neuhofen.at\/wp-content\/gallery\/trainingslager-gnas-2014\/thumbs\/thumbs_img_1289.jpg\"\n                    width=\"50\"\n                    height=\"75\"\n                    style=\"max-width:100%;\"\n                \/>\n            <\/a>\n        <\/div>\n\t\t\t\t\t\t\t<\/div> \n\t\t\t\n        \n\t\t\t\t<div id=\"ngg-image-289\" class=\"ngg-gallery-thumbnail-box\" >\n\t\t\t\t        <div class=\"ngg-gallery-thumbnail\">\n            <a href=\"http:\/\/www.karate-neuhofen.at\/wp-content\/gallery\/trainingslager-gnas-2014\/img_1290.jpg\"\n               title=\"\"\n               data-src=\"http:\/\/www.karate-neuhofen.at\/wp-content\/gallery\/trainingslager-gnas-2014\/img_1290.jpg\"\n               data-thumbnail=\"http:\/\/www.karate-neuhofen.at\/wp-content\/gallery\/trainingslager-gnas-2014\/thumbs\/thumbs_img_1290.jpg\"\n               data-image-id=\"6321\"\n               data-title=\"img_1290\"\n               data-description=\"\"\n               data-image-slug=\"img_1290\"\n               class=\"shutterset_ac4aa3065405eea2a5f91ba3c27290cd\">\n                <img\n                    title=\"img_1290\"\n                    alt=\"img_1290\"\n                    src=\"http:\/\/www.karate-neuhofen.at\/wp-content\/gallery\/trainingslager-gnas-2014\/thumbs\/thumbs_img_1290.jpg\"\n                    width=\"100\"\n                    height=\"66\"\n                    style=\"max-width:100%;\"\n                \/>\n            <\/a>\n        <\/div>\n\t\t\t\t\t\t\t<\/div> \n\t\t\t\n        \n\t\t\t\t<div id=\"ngg-image-290\" class=\"ngg-gallery-thumbnail-box\" >\n\t\t\t\t        <div class=\"ngg-gallery-thumbnail\">\n            <a href=\"http:\/\/www.karate-neuhofen.at\/wp-content\/gallery\/trainingslager-gnas-2014\/img_1291.jpg\"\n               title=\"\"\n               data-src=\"http:\/\/www.karate-neuhofen.at\/wp-content\/gallery\/trainingslager-gnas-2014\/img_1291.jpg\"\n               data-thumbnail=\"http:\/\/www.karate-neuhofen.at\/wp-content\/gallery\/trainingslager-gnas-2014\/thumbs\/thumbs_img_1291.jpg\"\n               data-image-id=\"6322\"\n               data-title=\"img_1291\"\n               data-description=\"\"\n               data-image-slug=\"img_1291\"\n               class=\"shutterset_ac4aa3065405eea2a5f91ba3c27290cd\">\n                <img\n                    title=\"img_1291\"\n                    alt=\"img_1291\"\n                    src=\"http:\/\/www.karate-neuhofen.at\/wp-content\/gallery\/trainingslager-gnas-2014\/thumbs\/thumbs_img_1291.jpg\"\n                    width=\"100\"\n                    height=\"66\"\n                    style=\"max-width:100%;\"\n                \/>\n            <\/a>\n        <\/div>\n\t\t\t\t\t\t\t<\/div> \n\t\t\t\n        \n\t\t\t\t<div id=\"ngg-image-291\" class=\"ngg-gallery-thumbnail-box\" >\n\t\t\t\t        <div class=\"ngg-gallery-thumbnail\">\n            <a href=\"http:\/\/www.karate-neuhofen.at\/wp-content\/gallery\/trainingslager-gnas-2014\/img_1292.jpg\"\n               title=\"\"\n               data-src=\"http:\/\/www.karate-neuhofen.at\/wp-content\/gallery\/trainingslager-gnas-2014\/img_1292.jpg\"\n               data-thumbnail=\"http:\/\/www.karate-neuhofen.at\/wp-content\/gallery\/trainingslager-gnas-2014\/thumbs\/thumbs_img_1292.jpg\"\n               data-image-id=\"6323\"\n               data-title=\"img_1292\"\n               data-description=\"\"\n               data-image-slug=\"img_1292\"\n               class=\"shutterset_ac4aa3065405eea2a5f91ba3c27290cd\">\n                <img\n                    title=\"img_1292\"\n                    alt=\"img_1292\"\n                    src=\"http:\/\/www.karate-neuhofen.at\/wp-content\/gallery\/trainingslager-gnas-2014\/thumbs\/thumbs_img_1292.jpg\"\n                    width=\"50\"\n                    height=\"75\"\n                    style=\"max-width:100%;\"\n                \/>\n            <\/a>\n        <\/div>\n\t\t\t\t\t\t\t<\/div> \n\t\t\t\n        \n\t\t\t\t<div id=\"ngg-image-292\" class=\"ngg-gallery-thumbnail-box\" >\n\t\t\t\t        <div class=\"ngg-gallery-thumbnail\">\n            <a href=\"http:\/\/www.karate-neuhofen.at\/wp-content\/gallery\/trainingslager-gnas-2014\/img_1293.jpg\"\n               title=\"\"\n               data-src=\"http:\/\/www.karate-neuhofen.at\/wp-content\/gallery\/trainingslager-gnas-2014\/img_1293.jpg\"\n               data-thumbnail=\"http:\/\/www.karate-neuhofen.at\/wp-content\/gallery\/trainingslager-gnas-2014\/thumbs\/thumbs_img_1293.jpg\"\n               data-image-id=\"6324\"\n               data-title=\"img_1293\"\n               data-description=\"\"\n               data-image-slug=\"img_1293\"\n               class=\"shutterset_ac4aa3065405eea2a5f91ba3c27290cd\">\n                <img\n                    title=\"img_1293\"\n                    alt=\"img_1293\"\n                    src=\"http:\/\/www.karate-neuhofen.at\/wp-content\/gallery\/trainingslager-gnas-2014\/thumbs\/thumbs_img_1293.jpg\"\n                    width=\"50\"\n                    height=\"75\"\n                    style=\"max-width:100%;\"\n                \/>\n            <\/a>\n        <\/div>\n\t\t\t\t\t\t\t<\/div> \n\t\t\t\n        \n\t\t\t\t<div id=\"ngg-image-293\" class=\"ngg-gallery-thumbnail-box\" >\n\t\t\t\t        <div class=\"ngg-gallery-thumbnail\">\n            <a href=\"http:\/\/www.karate-neuhofen.at\/wp-content\/gallery\/trainingslager-gnas-2014\/img_1294.jpg\"\n               title=\"\"\n               data-src=\"http:\/\/www.karate-neuhofen.at\/wp-content\/gallery\/trainingslager-gnas-2014\/img_1294.jpg\"\n               data-thumbnail=\"http:\/\/www.karate-neuhofen.at\/wp-content\/gallery\/trainingslager-gnas-2014\/thumbs\/thumbs_img_1294.jpg\"\n               data-image-id=\"6325\"\n               data-title=\"img_1294\"\n               data-description=\"\"\n               data-image-slug=\"img_1294\"\n               class=\"shutterset_ac4aa3065405eea2a5f91ba3c27290cd\">\n                <img\n                    title=\"img_1294\"\n                    alt=\"img_1294\"\n                    src=\"http:\/\/www.karate-neuhofen.at\/wp-content\/gallery\/trainingslager-gnas-2014\/thumbs\/thumbs_img_1294.jpg\"\n                    width=\"50\"\n                    height=\"75\"\n                    style=\"max-width:100%;\"\n                \/>\n            <\/a>\n        <\/div>\n\t\t\t\t\t\t\t<\/div> \n\t\t\t\n        \n\t\t\t\t<div id=\"ngg-image-294\" class=\"ngg-gallery-thumbnail-box\" >\n\t\t\t\t        <div class=\"ngg-gallery-thumbnail\">\n            <a href=\"http:\/\/www.karate-neuhofen.at\/wp-content\/gallery\/trainingslager-gnas-2014\/img_1295.jpg\"\n               title=\"\"\n               data-src=\"http:\/\/www.karate-neuhofen.at\/wp-content\/gallery\/trainingslager-gnas-2014\/img_1295.jpg\"\n               data-thumbnail=\"http:\/\/www.karate-neuhofen.at\/wp-content\/gallery\/trainingslager-gnas-2014\/thumbs\/thumbs_img_1295.jpg\"\n               data-image-id=\"6326\"\n               data-title=\"img_1295\"\n               data-description=\"\"\n               data-image-slug=\"img_1295\"\n               class=\"shutterset_ac4aa3065405eea2a5f91ba3c27290cd\">\n                <img\n                    title=\"img_1295\"\n                    alt=\"img_1295\"\n                    src=\"http:\/\/www.karate-neuhofen.at\/wp-content\/gallery\/trainingslager-gnas-2014\/thumbs\/thumbs_img_1295.jpg\"\n                    width=\"50\"\n                    height=\"75\"\n                    style=\"max-width:100%;\"\n                \/>\n            <\/a>\n        <\/div>\n\t\t\t\t\t\t\t<\/div> \n\t\t\t\n        \n\t\t\t\t<div id=\"ngg-image-295\" class=\"ngg-gallery-thumbnail-box\" >\n\t\t\t\t        <div class=\"ngg-gallery-thumbnail\">\n            <a href=\"http:\/\/www.karate-neuhofen.at\/wp-content\/gallery\/trainingslager-gnas-2014\/img_1296.jpg\"\n               title=\"\"\n               data-src=\"http:\/\/www.karate-neuhofen.at\/wp-content\/gallery\/trainingslager-gnas-2014\/img_1296.jpg\"\n               data-thumbnail=\"http:\/\/www.karate-neuhofen.at\/wp-content\/gallery\/trainingslager-gnas-2014\/thumbs\/thumbs_img_1296.jpg\"\n               data-image-id=\"6327\"\n               data-title=\"img_1296\"\n               data-description=\"\"\n               data-image-slug=\"img_1296\"\n               class=\"shutterset_ac4aa3065405eea2a5f91ba3c27290cd\">\n                <img\n                    title=\"img_1296\"\n                    alt=\"img_1296\"\n                    src=\"http:\/\/www.karate-neuhofen.at\/wp-content\/gallery\/trainingslager-gnas-2014\/thumbs\/thumbs_img_1296.jpg\"\n                    width=\"100\"\n                    height=\"66\"\n                    style=\"max-width:100%;\"\n                \/>\n            <\/a>\n        <\/div>\n\t\t\t\t\t\t\t<\/div> \n\t\t\t\n        \n\t\t\t\t<div id=\"ngg-image-296\" class=\"ngg-gallery-thumbnail-box\" >\n\t\t\t\t        <div class=\"ngg-gallery-thumbnail\">\n            <a href=\"http:\/\/www.karate-neuhofen.at\/wp-content\/gallery\/trainingslager-gnas-2014\/img_1297.jpg\"\n               title=\"\"\n               data-src=\"http:\/\/www.karate-neuhofen.at\/wp-content\/gallery\/trainingslager-gnas-2014\/img_1297.jpg\"\n               data-thumbnail=\"http:\/\/www.karate-neuhofen.at\/wp-content\/gallery\/trainingslager-gnas-2014\/thumbs\/thumbs_img_1297.jpg\"\n               data-image-id=\"6328\"\n               data-title=\"img_1297\"\n               data-description=\"\"\n               data-image-slug=\"img_1297\"\n               class=\"shutterset_ac4aa3065405eea2a5f91ba3c27290cd\">\n                <img\n                    title=\"img_1297\"\n                    alt=\"img_1297\"\n                    src=\"http:\/\/www.karate-neuhofen.at\/wp-content\/gallery\/trainingslager-gnas-2014\/thumbs\/thumbs_img_1297.jpg\"\n                    width=\"100\"\n                    height=\"66\"\n                    style=\"max-width:100%;\"\n                \/>\n            <\/a>\n        <\/div>\n\t\t\t\t\t\t\t<\/div> \n\t\t\t\n        \n\t\t\t\t<div id=\"ngg-image-297\" class=\"ngg-gallery-thumbnail-box\" >\n\t\t\t\t        <div class=\"ngg-gallery-thumbnail\">\n            <a href=\"http:\/\/www.karate-neuhofen.at\/wp-content\/gallery\/trainingslager-gnas-2014\/img_1298.jpg\"\n               title=\"\"\n               data-src=\"http:\/\/www.karate-neuhofen.at\/wp-content\/gallery\/trainingslager-gnas-2014\/img_1298.jpg\"\n               data-thumbnail=\"http:\/\/www.karate-neuhofen.at\/wp-content\/gallery\/trainingslager-gnas-2014\/thumbs\/thumbs_img_1298.jpg\"\n               data-image-id=\"6329\"\n               data-title=\"img_1298\"\n               data-description=\"\"\n               data-image-slug=\"img_1298\"\n               class=\"shutterset_ac4aa3065405eea2a5f91ba3c27290cd\">\n                <img\n                    title=\"img_1298\"\n                    alt=\"img_1298\"\n                    src=\"http:\/\/www.karate-neuhofen.at\/wp-content\/gallery\/trainingslager-gnas-2014\/thumbs\/thumbs_img_1298.jpg\"\n                    width=\"100\"\n                    height=\"66\"\n                    style=\"max-width:100%;\"\n                \/>\n            <\/a>\n        <\/div>\n\t\t\t\t\t\t\t<\/div> \n\t\t\t\n        \n\t\t\t\t<div id=\"ngg-image-298\" class=\"ngg-gallery-thumbnail-box\" >\n\t\t\t\t        <div class=\"ngg-gallery-thumbnail\">\n            <a href=\"http:\/\/www.karate-neuhofen.at\/wp-content\/gallery\/trainingslager-gnas-2014\/img_1299.jpg\"\n               title=\"\"\n               data-src=\"http:\/\/www.karate-neuhofen.at\/wp-content\/gallery\/trainingslager-gnas-2014\/img_1299.jpg\"\n               data-thumbnail=\"http:\/\/www.karate-neuhofen.at\/wp-content\/gallery\/trainingslager-gnas-2014\/thumbs\/thumbs_img_1299.jpg\"\n               data-image-id=\"6330\"\n               data-title=\"img_1299\"\n               data-description=\"\"\n               data-image-slug=\"img_1299\"\n               class=\"shutterset_ac4aa3065405eea2a5f91ba3c27290cd\">\n                <img\n                    title=\"img_1299\"\n                    alt=\"img_1299\"\n                    src=\"http:\/\/www.karate-neuhofen.at\/wp-content\/gallery\/trainingslager-gnas-2014\/thumbs\/thumbs_img_1299.jpg\"\n                    width=\"100\"\n                    height=\"66\"\n                    style=\"max-width:100%;\"\n                \/>\n            <\/a>\n        <\/div>\n\t\t\t\t\t\t\t<\/div> \n\t\t\t\n        \n\t\t\t\t<div id=\"ngg-image-299\" class=\"ngg-gallery-thumbnail-box\" >\n\t\t\t\t        <div class=\"ngg-gallery-thumbnail\">\n            <a href=\"http:\/\/www.karate-neuhofen.at\/wp-content\/gallery\/trainingslager-gnas-2014\/img_1300.jpg\"\n               title=\"\"\n               data-src=\"http:\/\/www.karate-neuhofen.at\/wp-content\/gallery\/trainingslager-gnas-2014\/img_1300.jpg\"\n               data-thumbnail=\"http:\/\/www.karate-neuhofen.at\/wp-content\/gallery\/trainingslager-gnas-2014\/thumbs\/thumbs_img_1300.jpg\"\n               data-image-id=\"6331\"\n               data-title=\"img_1300\"\n               data-description=\"\"\n               data-image-slug=\"img_1300\"\n               class=\"shutterset_ac4aa3065405eea2a5f91ba3c27290cd\">\n                <img\n                    title=\"img_1300\"\n                    alt=\"img_1300\"\n                    src=\"http:\/\/www.karate-neuhofen.at\/wp-content\/gallery\/trainingslager-gnas-2014\/thumbs\/thumbs_img_1300.jpg\"\n                    width=\"50\"\n                    height=\"75\"\n                    style=\"max-width:100%;\"\n                \/>\n            <\/a>\n        <\/div>\n\t\t\t\t\t\t\t<\/div> \n\t\t\t\n        \n\t\t\t\t<div id=\"ngg-image-300\" class=\"ngg-gallery-thumbnail-box\" >\n\t\t\t\t        <div class=\"ngg-gallery-thumbnail\">\n            <a href=\"http:\/\/www.karate-neuhofen.at\/wp-content\/gallery\/trainingslager-gnas-2014\/img_1301.jpg\"\n               title=\"\"\n               data-src=\"http:\/\/www.karate-neuhofen.at\/wp-content\/gallery\/trainingslager-gnas-2014\/img_1301.jpg\"\n               data-thumbnail=\"http:\/\/www.karate-neuhofen.at\/wp-content\/gallery\/trainingslager-gnas-2014\/thumbs\/thumbs_img_1301.jpg\"\n               data-image-id=\"6332\"\n               data-title=\"img_1301\"\n               data-description=\"\"\n               data-image-slug=\"img_1301\"\n               class=\"shutterset_ac4aa3065405eea2a5f91ba3c27290cd\">\n                <img\n                    title=\"img_1301\"\n                    alt=\"img_1301\"\n                    src=\"http:\/\/www.karate-neuhofen.at\/wp-content\/gallery\/trainingslager-gnas-2014\/thumbs\/thumbs_img_1301.jpg\"\n                    width=\"100\"\n                    height=\"66\"\n                    style=\"max-width:100%;\"\n                \/>\n            <\/a>\n        <\/div>\n\t\t\t\t\t\t\t<\/div> \n\t\t\t\n        \n\t\t\t\t<div id=\"ngg-image-301\" class=\"ngg-gallery-thumbnail-box\" >\n\t\t\t\t        <div class=\"ngg-gallery-thumbnail\">\n            <a href=\"http:\/\/www.karate-neuhofen.at\/wp-content\/gallery\/trainingslager-gnas-2014\/img_1302.jpg\"\n               title=\"\"\n               data-src=\"http:\/\/www.karate-neuhofen.at\/wp-content\/gallery\/trainingslager-gnas-2014\/img_1302.jpg\"\n               data-thumbnail=\"http:\/\/www.karate-neuhofen.at\/wp-content\/gallery\/trainingslager-gnas-2014\/thumbs\/thumbs_img_1302.jpg\"\n               data-image-id=\"6333\"\n               data-title=\"img_1302\"\n               data-description=\"\"\n               data-image-slug=\"img_1302\"\n               class=\"shutterset_ac4aa3065405eea2a5f91ba3c27290cd\">\n                <img\n                    title=\"img_1302\"\n                    alt=\"img_1302\"\n                    src=\"http:\/\/www.karate-neuhofen.at\/wp-content\/gallery\/trainingslager-gnas-2014\/thumbs\/thumbs_img_1302.jpg\"\n                    width=\"100\"\n                    height=\"66\"\n                    style=\"max-width:100%;\"\n                \/>\n            <\/a>\n        <\/div>\n\t\t\t\t\t\t\t<\/div> \n\t\t\t\n        \n\t\t\t\t<div id=\"ngg-image-302\" class=\"ngg-gallery-thumbnail-box\" >\n\t\t\t\t        <div class=\"ngg-gallery-thumbnail\">\n            <a href=\"http:\/\/www.karate-neuhofen.at\/wp-content\/gallery\/trainingslager-gnas-2014\/img_1303.jpg\"\n               title=\"\"\n               data-src=\"http:\/\/www.karate-neuhofen.at\/wp-content\/gallery\/trainingslager-gnas-2014\/img_1303.jpg\"\n               data-thumbnail=\"http:\/\/www.karate-neuhofen.at\/wp-content\/gallery\/trainingslager-gnas-2014\/thumbs\/thumbs_img_1303.jpg\"\n               data-image-id=\"6334\"\n               data-title=\"img_1303\"\n               data-description=\"\"\n               data-image-slug=\"img_1303\"\n               class=\"shutterset_ac4aa3065405eea2a5f91ba3c27290cd\">\n                <img\n                    title=\"img_1303\"\n                    alt=\"img_1303\"\n                    src=\"http:\/\/www.karate-neuhofen.at\/wp-content\/gallery\/trainingslager-gnas-2014\/thumbs\/thumbs_img_1303.jpg\"\n                    width=\"100\"\n                    height=\"66\"\n                    style=\"max-width:100%;\"\n                \/>\n            <\/a>\n        <\/div>\n\t\t\t\t\t\t\t<\/div> \n\t\t\t\n        \n\t\t\t\t<div id=\"ngg-image-303\" class=\"ngg-gallery-thumbnail-box\" >\n\t\t\t\t        <div class=\"ngg-gallery-thumbnail\">\n            <a href=\"http:\/\/www.karate-neuhofen.at\/wp-content\/gallery\/trainingslager-gnas-2014\/img_1304.jpg\"\n               title=\"\"\n               data-src=\"http:\/\/www.karate-neuhofen.at\/wp-content\/gallery\/trainingslager-gnas-2014\/img_1304.jpg\"\n               data-thumbnail=\"http:\/\/www.karate-neuhofen.at\/wp-content\/gallery\/trainingslager-gnas-2014\/thumbs\/thumbs_img_1304.jpg\"\n               data-image-id=\"6335\"\n               data-title=\"img_1304\"\n               data-description=\"\"\n               data-image-slug=\"img_1304\"\n               class=\"shutterset_ac4aa3065405eea2a5f91ba3c27290cd\">\n                <img\n                    title=\"img_1304\"\n                    alt=\"img_1304\"\n                    src=\"http:\/\/www.karate-neuhofen.at\/wp-content\/gallery\/trainingslager-gnas-2014\/thumbs\/thumbs_img_1304.jpg\"\n                    width=\"100\"\n                    height=\"66\"\n                    style=\"max-width:100%;\"\n                \/>\n            <\/a>\n        <\/div>\n\t\t\t\t\t\t\t<\/div> \n\t\t\t\n        \n\t\t\t\t<div id=\"ngg-image-304\" class=\"ngg-gallery-thumbnail-box\" >\n\t\t\t\t        <div class=\"ngg-gallery-thumbnail\">\n            <a href=\"http:\/\/www.karate-neuhofen.at\/wp-content\/gallery\/trainingslager-gnas-2014\/img_1305.jpg\"\n               title=\"\"\n               data-src=\"http:\/\/www.karate-neuhofen.at\/wp-content\/gallery\/trainingslager-gnas-2014\/img_1305.jpg\"\n               data-thumbnail=\"http:\/\/www.karate-neuhofen.at\/wp-content\/gallery\/trainingslager-gnas-2014\/thumbs\/thumbs_img_1305.jpg\"\n               data-image-id=\"6336\"\n               data-title=\"img_1305\"\n               data-description=\"\"\n               data-image-slug=\"img_1305\"\n               class=\"shutterset_ac4aa3065405eea2a5f91ba3c27290cd\">\n                <img\n                    title=\"img_1305\"\n                    alt=\"img_1305\"\n                    src=\"http:\/\/www.karate-neuhofen.at\/wp-content\/gallery\/trainingslager-gnas-2014\/thumbs\/thumbs_img_1305.jpg\"\n                    width=\"100\"\n                    height=\"66\"\n                    style=\"max-width:100%;\"\n                \/>\n            <\/a>\n        <\/div>\n\t\t\t\t\t\t\t<\/div> \n\t\t\t\n        \n\t\t\t\t<div id=\"ngg-image-305\" class=\"ngg-gallery-thumbnail-box\" >\n\t\t\t\t        <div class=\"ngg-gallery-thumbnail\">\n            <a href=\"http:\/\/www.karate-neuhofen.at\/wp-content\/gallery\/trainingslager-gnas-2014\/img_1306.jpg\"\n               title=\"\"\n               data-src=\"http:\/\/www.karate-neuhofen.at\/wp-content\/gallery\/trainingslager-gnas-2014\/img_1306.jpg\"\n               data-thumbnail=\"http:\/\/www.karate-neuhofen.at\/wp-content\/gallery\/trainingslager-gnas-2014\/thumbs\/thumbs_img_1306.jpg\"\n               data-image-id=\"6337\"\n               data-title=\"img_1306\"\n               data-description=\"\"\n               data-image-slug=\"img_1306\"\n               class=\"shutterset_ac4aa3065405eea2a5f91ba3c27290cd\">\n                <img\n                    title=\"img_1306\"\n                    alt=\"img_1306\"\n                    src=\"http:\/\/www.karate-neuhofen.at\/wp-content\/gallery\/trainingslager-gnas-2014\/thumbs\/thumbs_img_1306.jpg\"\n                    width=\"100\"\n                    height=\"66\"\n                    style=\"max-width:100%;\"\n                \/>\n            <\/a>\n        <\/div>\n\t\t\t\t\t\t\t<\/div> \n\t\t\t\n        \n\t\t\t\t<div id=\"ngg-image-306\" class=\"ngg-gallery-thumbnail-box\" >\n\t\t\t\t        <div class=\"ngg-gallery-thumbnail\">\n            <a href=\"http:\/\/www.karate-neuhofen.at\/wp-content\/gallery\/trainingslager-gnas-2014\/img_1307.jpg\"\n               title=\"\"\n               data-src=\"http:\/\/www.karate-neuhofen.at\/wp-content\/gallery\/trainingslager-gnas-2014\/img_1307.jpg\"\n               data-thumbnail=\"http:\/\/www.karate-neuhofen.at\/wp-content\/gallery\/trainingslager-gnas-2014\/thumbs\/thumbs_img_1307.jpg\"\n               data-image-id=\"6338\"\n               data-title=\"img_1307\"\n               data-description=\"\"\n               data-image-slug=\"img_1307\"\n               class=\"shutterset_ac4aa3065405eea2a5f91ba3c27290cd\">\n                <img\n                    title=\"img_1307\"\n                    alt=\"img_1307\"\n                    src=\"http:\/\/www.karate-neuhofen.at\/wp-content\/gallery\/trainingslager-gnas-2014\/thumbs\/thumbs_img_1307.jpg\"\n                    width=\"100\"\n                    height=\"66\"\n                    style=\"max-width:100%;\"\n                \/>\n            <\/a>\n        <\/div>\n\t\t\t\t\t\t\t<\/div> \n\t\t\t\n        \n\t\t\t\t<div id=\"ngg-image-307\" class=\"ngg-gallery-thumbnail-box\" >\n\t\t\t\t        <div class=\"ngg-gallery-thumbnail\">\n            <a href=\"http:\/\/www.karate-neuhofen.at\/wp-content\/gallery\/trainingslager-gnas-2014\/img_1308.jpg\"\n               title=\"\"\n               data-src=\"http:\/\/www.karate-neuhofen.at\/wp-content\/gallery\/trainingslager-gnas-2014\/img_1308.jpg\"\n               data-thumbnail=\"http:\/\/www.karate-neuhofen.at\/wp-content\/gallery\/trainingslager-gnas-2014\/thumbs\/thumbs_img_1308.jpg\"\n               data-image-id=\"6339\"\n               data-title=\"img_1308\"\n               data-description=\"\"\n               data-image-slug=\"img_1308\"\n               class=\"shutterset_ac4aa3065405eea2a5f91ba3c27290cd\">\n                <img\n                    title=\"img_1308\"\n                    alt=\"img_1308\"\n                    src=\"http:\/\/www.karate-neuhofen.at\/wp-content\/gallery\/trainingslager-gnas-2014\/thumbs\/thumbs_img_1308.jpg\"\n                    width=\"100\"\n                    height=\"66\"\n                    style=\"max-width:100%;\"\n                \/>\n            <\/a>\n        <\/div>\n\t\t\t\t\t\t\t<\/div> \n\t\t\t\n        \n\t\t\t\t<div id=\"ngg-image-308\" class=\"ngg-gallery-thumbnail-box\" >\n\t\t\t\t        <div class=\"ngg-gallery-thumbnail\">\n            <a href=\"http:\/\/www.karate-neuhofen.at\/wp-content\/gallery\/trainingslager-gnas-2014\/img_1309.jpg\"\n               title=\"\"\n               data-src=\"http:\/\/www.karate-neuhofen.at\/wp-content\/gallery\/trainingslager-gnas-2014\/img_1309.jpg\"\n               data-thumbnail=\"http:\/\/www.karate-neuhofen.at\/wp-content\/gallery\/trainingslager-gnas-2014\/thumbs\/thumbs_img_1309.jpg\"\n               data-image-id=\"6340\"\n               data-title=\"img_1309\"\n               data-description=\"\"\n               data-image-slug=\"img_1309\"\n               class=\"shutterset_ac4aa3065405eea2a5f91ba3c27290cd\">\n                <img\n                    title=\"img_1309\"\n                    alt=\"img_1309\"\n                    src=\"http:\/\/www.karate-neuhofen.at\/wp-content\/gallery\/trainingslager-gnas-2014\/thumbs\/thumbs_img_1309.jpg\"\n                    width=\"50\"\n                    height=\"75\"\n                    style=\"max-width:100%;\"\n                \/>\n            <\/a>\n        <\/div>\n\t\t\t\t\t\t\t<\/div> \n\t\t\t\n        \n\t\t\t\t<div id=\"ngg-image-309\" class=\"ngg-gallery-thumbnail-box\" >\n\t\t\t\t        <div class=\"ngg-gallery-thumbnail\">\n            <a href=\"http:\/\/www.karate-neuhofen.at\/wp-content\/gallery\/trainingslager-gnas-2014\/img_1310.jpg\"\n               title=\"\"\n               data-src=\"http:\/\/www.karate-neuhofen.at\/wp-content\/gallery\/trainingslager-gnas-2014\/img_1310.jpg\"\n               data-thumbnail=\"http:\/\/www.karate-neuhofen.at\/wp-content\/gallery\/trainingslager-gnas-2014\/thumbs\/thumbs_img_1310.jpg\"\n               data-image-id=\"6341\"\n               data-title=\"img_1310\"\n               data-description=\"\"\n               data-image-slug=\"img_1310\"\n               class=\"shutterset_ac4aa3065405eea2a5f91ba3c27290cd\">\n                <img\n                    title=\"img_1310\"\n                    alt=\"img_1310\"\n                    src=\"http:\/\/www.karate-neuhofen.at\/wp-content\/gallery\/trainingslager-gnas-2014\/thumbs\/thumbs_img_1310.jpg\"\n                    width=\"100\"\n                    height=\"66\"\n                    style=\"max-width:100%;\"\n                \/>\n            <\/a>\n        <\/div>\n\t\t\t\t\t\t\t<\/div> \n\t\t\t\n        \n\t\t\t\t<div id=\"ngg-image-310\" class=\"ngg-gallery-thumbnail-box\" >\n\t\t\t\t        <div class=\"ngg-gallery-thumbnail\">\n            <a href=\"http:\/\/www.karate-neuhofen.at\/wp-content\/gallery\/trainingslager-gnas-2014\/img_1311.jpg\"\n               title=\"\"\n               data-src=\"http:\/\/www.karate-neuhofen.at\/wp-content\/gallery\/trainingslager-gnas-2014\/img_1311.jpg\"\n               data-thumbnail=\"http:\/\/www.karate-neuhofen.at\/wp-content\/gallery\/trainingslager-gnas-2014\/thumbs\/thumbs_img_1311.jpg\"\n               data-image-id=\"6342\"\n               data-title=\"img_1311\"\n               data-description=\"\"\n               data-image-slug=\"img_1311\"\n               class=\"shutterset_ac4aa3065405eea2a5f91ba3c27290cd\">\n                <img\n                    title=\"img_1311\"\n                    alt=\"img_1311\"\n                    src=\"http:\/\/www.karate-neuhofen.at\/wp-content\/gallery\/trainingslager-gnas-2014\/thumbs\/thumbs_img_1311.jpg\"\n                    width=\"100\"\n                    height=\"66\"\n                    style=\"max-width:100%;\"\n                \/>\n            <\/a>\n        <\/div>\n\t\t\t\t\t\t\t<\/div> \n\t\t\t\n        \n\t\t\t\t<div id=\"ngg-image-311\" class=\"ngg-gallery-thumbnail-box\" >\n\t\t\t\t        <div class=\"ngg-gallery-thumbnail\">\n            <a href=\"http:\/\/www.karate-neuhofen.at\/wp-content\/gallery\/trainingslager-gnas-2014\/img_1312.jpg\"\n               title=\"\"\n               data-src=\"http:\/\/www.karate-neuhofen.at\/wp-content\/gallery\/trainingslager-gnas-2014\/img_1312.jpg\"\n               data-thumbnail=\"http:\/\/www.karate-neuhofen.at\/wp-content\/gallery\/trainingslager-gnas-2014\/thumbs\/thumbs_img_1312.jpg\"\n               data-image-id=\"6343\"\n               data-title=\"img_1312\"\n               data-description=\"\"\n               data-image-slug=\"img_1312\"\n               class=\"shutterset_ac4aa3065405eea2a5f91ba3c27290cd\">\n                <img\n                    title=\"img_1312\"\n                    alt=\"img_1312\"\n                    src=\"http:\/\/www.karate-neuhofen.at\/wp-content\/gallery\/trainingslager-gnas-2014\/thumbs\/thumbs_img_1312.jpg\"\n                    width=\"100\"\n                    height=\"66\"\n                    style=\"max-width:100%;\"\n                \/>\n            <\/a>\n        <\/div>\n\t\t\t\t\t\t\t<\/div> \n\t\t\t\n        \n\t\t\t\t<div id=\"ngg-image-312\" class=\"ngg-gallery-thumbnail-box\" >\n\t\t\t\t        <div class=\"ngg-gallery-thumbnail\">\n            <a href=\"http:\/\/www.karate-neuhofen.at\/wp-content\/gallery\/trainingslager-gnas-2014\/img_1313.jpg\"\n               title=\"\"\n               data-src=\"http:\/\/www.karate-neuhofen.at\/wp-content\/gallery\/trainingslager-gnas-2014\/img_1313.jpg\"\n               data-thumbnail=\"http:\/\/www.karate-neuhofen.at\/wp-content\/gallery\/trainingslager-gnas-2014\/thumbs\/thumbs_img_1313.jpg\"\n               data-image-id=\"6344\"\n               data-title=\"img_1313\"\n               data-description=\"\"\n               data-image-slug=\"img_1313\"\n               class=\"shutterset_ac4aa3065405eea2a5f91ba3c27290cd\">\n                <img\n                    title=\"img_1313\"\n                    alt=\"img_1313\"\n                    src=\"http:\/\/www.karate-neuhofen.at\/wp-content\/gallery\/trainingslager-gnas-2014\/thumbs\/thumbs_img_1313.jpg\"\n                    width=\"100\"\n                    height=\"66\"\n                    style=\"max-width:100%;\"\n                \/>\n            <\/a>\n        <\/div>\n\t\t\t\t\t\t\t<\/div> \n\t\t\t\n        \n\t\t\t\t<div id=\"ngg-image-313\" class=\"ngg-gallery-thumbnail-box\" >\n\t\t\t\t        <div class=\"ngg-gallery-thumbnail\">\n            <a href=\"http:\/\/www.karate-neuhofen.at\/wp-content\/gallery\/trainingslager-gnas-2014\/img_1314.jpg\"\n               title=\"\"\n               data-src=\"http:\/\/www.karate-neuhofen.at\/wp-content\/gallery\/trainingslager-gnas-2014\/img_1314.jpg\"\n               data-thumbnail=\"http:\/\/www.karate-neuhofen.at\/wp-content\/gallery\/trainingslager-gnas-2014\/thumbs\/thumbs_img_1314.jpg\"\n               data-image-id=\"6345\"\n               data-title=\"img_1314\"\n               data-description=\"\"\n               data-image-slug=\"img_1314\"\n               class=\"shutterset_ac4aa3065405eea2a5f91ba3c27290cd\">\n                <img\n                    title=\"img_1314\"\n                    alt=\"img_1314\"\n                    src=\"http:\/\/www.karate-neuhofen.at\/wp-content\/gallery\/trainingslager-gnas-2014\/thumbs\/thumbs_img_1314.jpg\"\n                    width=\"50\"\n                    height=\"75\"\n                    style=\"max-width:100%;\"\n                \/>\n            <\/a>\n        <\/div>\n\t\t\t\t\t\t\t<\/div> \n\t\t\t\n        \n\t\t\t\t<div id=\"ngg-image-314\" class=\"ngg-gallery-thumbnail-box\" >\n\t\t\t\t        <div class=\"ngg-gallery-thumbnail\">\n            <a href=\"http:\/\/www.karate-neuhofen.at\/wp-content\/gallery\/trainingslager-gnas-2014\/img_1315.jpg\"\n               title=\"\"\n               data-src=\"http:\/\/www.karate-neuhofen.at\/wp-content\/gallery\/trainingslager-gnas-2014\/img_1315.jpg\"\n               data-thumbnail=\"http:\/\/www.karate-neuhofen.at\/wp-content\/gallery\/trainingslager-gnas-2014\/thumbs\/thumbs_img_1315.jpg\"\n               data-image-id=\"6346\"\n               data-title=\"img_1315\"\n               data-description=\"\"\n               data-image-slug=\"img_1315\"\n               class=\"shutterset_ac4aa3065405eea2a5f91ba3c27290cd\">\n                <img\n                    title=\"img_1315\"\n                    alt=\"img_1315\"\n                    src=\"http:\/\/www.karate-neuhofen.at\/wp-content\/gallery\/trainingslager-gnas-2014\/thumbs\/thumbs_img_1315.jpg\"\n                    width=\"100\"\n                    height=\"66\"\n                    style=\"max-width:100%;\"\n                \/>\n            <\/a>\n        <\/div>\n\t\t\t\t\t\t\t<\/div> \n\t\t\t\n        \n\t\t\t\t<div id=\"ngg-image-315\" class=\"ngg-gallery-thumbnail-box\" >\n\t\t\t\t        <div class=\"ngg-gallery-thumbnail\">\n            <a href=\"http:\/\/www.karate-neuhofen.at\/wp-content\/gallery\/trainingslager-gnas-2014\/img_1316.jpg\"\n               title=\"\"\n               data-src=\"http:\/\/www.karate-neuhofen.at\/wp-content\/gallery\/trainingslager-gnas-2014\/img_1316.jpg\"\n               data-thumbnail=\"http:\/\/www.karate-neuhofen.at\/wp-content\/gallery\/trainingslager-gnas-2014\/thumbs\/thumbs_img_1316.jpg\"\n               data-image-id=\"6347\"\n               data-title=\"img_1316\"\n               data-description=\"\"\n               data-image-slug=\"img_1316\"\n               class=\"shutterset_ac4aa3065405eea2a5f91ba3c27290cd\">\n                <img\n                    title=\"img_1316\"\n                    alt=\"img_1316\"\n                    src=\"http:\/\/www.karate-neuhofen.at\/wp-content\/gallery\/trainingslager-gnas-2014\/thumbs\/thumbs_img_1316.jpg\"\n                    width=\"100\"\n                    height=\"66\"\n                    style=\"max-width:100%;\"\n                \/>\n            <\/a>\n        <\/div>\n\t\t\t\t\t\t\t<\/div> \n\t\t\t\n        \n\t\t\t\t<div id=\"ngg-image-316\" class=\"ngg-gallery-thumbnail-box\" >\n\t\t\t\t        <div class=\"ngg-gallery-thumbnail\">\n            <a href=\"http:\/\/www.karate-neuhofen.at\/wp-content\/gallery\/trainingslager-gnas-2014\/img_1317.jpg\"\n               title=\"\"\n               data-src=\"http:\/\/www.karate-neuhofen.at\/wp-content\/gallery\/trainingslager-gnas-2014\/img_1317.jpg\"\n               data-thumbnail=\"http:\/\/www.karate-neuhofen.at\/wp-content\/gallery\/trainingslager-gnas-2014\/thumbs\/thumbs_img_1317.jpg\"\n               data-image-id=\"6348\"\n               data-title=\"img_1317\"\n               data-description=\"\"\n               data-image-slug=\"img_1317\"\n               class=\"shutterset_ac4aa3065405eea2a5f91ba3c27290cd\">\n                <img\n                    title=\"img_1317\"\n                    alt=\"img_1317\"\n                    src=\"http:\/\/www.karate-neuhofen.at\/wp-content\/gallery\/trainingslager-gnas-2014\/thumbs\/thumbs_img_1317.jpg\"\n                    width=\"100\"\n                    height=\"66\"\n                    style=\"max-width:100%;\"\n                \/>\n            <\/a>\n        <\/div>\n\t\t\t\t\t\t\t<\/div> \n\t\t\t\n        \n\t\t\t\t<div id=\"ngg-image-317\" class=\"ngg-gallery-thumbnail-box\" >\n\t\t\t\t        <div class=\"ngg-gallery-thumbnail\">\n            <a href=\"http:\/\/www.karate-neuhofen.at\/wp-content\/gallery\/trainingslager-gnas-2014\/img_1318.jpg\"\n               title=\"\"\n               data-src=\"http:\/\/www.karate-neuhofen.at\/wp-content\/gallery\/trainingslager-gnas-2014\/img_1318.jpg\"\n               data-thumbnail=\"http:\/\/www.karate-neuhofen.at\/wp-content\/gallery\/trainingslager-gnas-2014\/thumbs\/thumbs_img_1318.jpg\"\n               data-image-id=\"6349\"\n               data-title=\"img_1318\"\n               data-description=\"\"\n               data-image-slug=\"img_1318\"\n               class=\"shutterset_ac4aa3065405eea2a5f91ba3c27290cd\">\n                <img\n                    title=\"img_1318\"\n                    alt=\"img_1318\"\n                    src=\"http:\/\/www.karate-neuhofen.at\/wp-content\/gallery\/trainingslager-gnas-2014\/thumbs\/thumbs_img_1318.jpg\"\n                    width=\"100\"\n                    height=\"66\"\n                    style=\"max-width:100%;\"\n                \/>\n            <\/a>\n        <\/div>\n\t\t\t\t\t\t\t<\/div> \n\t\t\t\n        \n\t\t\t\t<div id=\"ngg-image-318\" class=\"ngg-gallery-thumbnail-box\" >\n\t\t\t\t        <div class=\"ngg-gallery-thumbnail\">\n            <a href=\"http:\/\/www.karate-neuhofen.at\/wp-content\/gallery\/trainingslager-gnas-2014\/img_1319.jpg\"\n               title=\"\"\n               data-src=\"http:\/\/www.karate-neuhofen.at\/wp-content\/gallery\/trainingslager-gnas-2014\/img_1319.jpg\"\n               data-thumbnail=\"http:\/\/www.karate-neuhofen.at\/wp-content\/gallery\/trainingslager-gnas-2014\/thumbs\/thumbs_img_1319.jpg\"\n               data-image-id=\"6350\"\n               data-title=\"img_1319\"\n               data-description=\"\"\n               data-image-slug=\"img_1319\"\n               class=\"shutterset_ac4aa3065405eea2a5f91ba3c27290cd\">\n                <img\n                    title=\"img_1319\"\n                    alt=\"img_1319\"\n                    src=\"http:\/\/www.karate-neuhofen.at\/wp-content\/gallery\/trainingslager-gnas-2014\/thumbs\/thumbs_img_1319.jpg\"\n                    width=\"100\"\n                    height=\"66\"\n                    style=\"max-width:100%;\"\n                \/>\n            <\/a>\n        <\/div>\n\t\t\t\t\t\t\t<\/div> \n\t\t\t\n        \n\t\t\t\t<div id=\"ngg-image-319\" class=\"ngg-gallery-thumbnail-box\" >\n\t\t\t\t        <div class=\"ngg-gallery-thumbnail\">\n            <a href=\"http:\/\/www.karate-neuhofen.at\/wp-content\/gallery\/trainingslager-gnas-2014\/img_1320.jpg\"\n               title=\"\"\n               data-src=\"http:\/\/www.karate-neuhofen.at\/wp-content\/gallery\/trainingslager-gnas-2014\/img_1320.jpg\"\n               data-thumbnail=\"http:\/\/www.karate-neuhofen.at\/wp-content\/gallery\/trainingslager-gnas-2014\/thumbs\/thumbs_img_1320.jpg\"\n               data-image-id=\"6351\"\n               data-title=\"img_1320\"\n               data-description=\"\"\n               data-image-slug=\"img_1320\"\n               class=\"shutterset_ac4aa3065405eea2a5f91ba3c27290cd\">\n                <img\n                    title=\"img_1320\"\n                    alt=\"img_1320\"\n                    src=\"http:\/\/www.karate-neuhofen.at\/wp-content\/gallery\/trainingslager-gnas-2014\/thumbs\/thumbs_img_1320.jpg\"\n                    width=\"100\"\n                    height=\"66\"\n                    style=\"max-width:100%;\"\n                \/>\n            <\/a>\n        <\/div>\n\t\t\t\t\t\t\t<\/div> \n\t\t\t\n        \n\t\t\t\t<div id=\"ngg-image-320\" class=\"ngg-gallery-thumbnail-box\" >\n\t\t\t\t        <div class=\"ngg-gallery-thumbnail\">\n            <a href=\"http:\/\/www.karate-neuhofen.at\/wp-content\/gallery\/trainingslager-gnas-2014\/img_1321.jpg\"\n               title=\"\"\n               data-src=\"http:\/\/www.karate-neuhofen.at\/wp-content\/gallery\/trainingslager-gnas-2014\/img_1321.jpg\"\n               data-thumbnail=\"http:\/\/www.karate-neuhofen.at\/wp-content\/gallery\/trainingslager-gnas-2014\/thumbs\/thumbs_img_1321.jpg\"\n               data-image-id=\"6352\"\n               data-title=\"img_1321\"\n               data-description=\"\"\n               data-image-slug=\"img_1321\"\n               class=\"shutterset_ac4aa3065405eea2a5f91ba3c27290cd\">\n                <img\n                    title=\"img_1321\"\n                    alt=\"img_1321\"\n                    src=\"http:\/\/www.karate-neuhofen.at\/wp-content\/gallery\/trainingslager-gnas-2014\/thumbs\/thumbs_img_1321.jpg\"\n                    width=\"100\"\n                    height=\"66\"\n                    style=\"max-width:100%;\"\n                \/>\n            <\/a>\n        <\/div>\n\t\t\t\t\t\t\t<\/div> \n\t\t\t\n        \n\t\t\t\t<div id=\"ngg-image-321\" class=\"ngg-gallery-thumbnail-box\" >\n\t\t\t\t        <div class=\"ngg-gallery-thumbnail\">\n            <a href=\"http:\/\/www.karate-neuhofen.at\/wp-content\/gallery\/trainingslager-gnas-2014\/img_1322.jpg\"\n               title=\"\"\n               data-src=\"http:\/\/www.karate-neuhofen.at\/wp-content\/gallery\/trainingslager-gnas-2014\/img_1322.jpg\"\n               data-thumbnail=\"http:\/\/www.karate-neuhofen.at\/wp-content\/gallery\/trainingslager-gnas-2014\/thumbs\/thumbs_img_1322.jpg\"\n               data-image-id=\"6353\"\n               data-title=\"img_1322\"\n               data-description=\"\"\n               data-image-slug=\"img_1322\"\n               class=\"shutterset_ac4aa3065405eea2a5f91ba3c27290cd\">\n                <img\n                    title=\"img_1322\"\n                    alt=\"img_1322\"\n                    src=\"http:\/\/www.karate-neuhofen.at\/wp-content\/gallery\/trainingslager-gnas-2014\/thumbs\/thumbs_img_1322.jpg\"\n                    width=\"50\"\n                    height=\"75\"\n                    style=\"max-width:100%;\"\n                \/>\n            <\/a>\n        <\/div>\n\t\t\t\t\t\t\t<\/div> \n\t\t\t\n        \n\t\t\t\t<div id=\"ngg-image-322\" class=\"ngg-gallery-thumbnail-box\" >\n\t\t\t\t        <div class=\"ngg-gallery-thumbnail\">\n            <a href=\"http:\/\/www.karate-neuhofen.at\/wp-content\/gallery\/trainingslager-gnas-2014\/img_1323.jpg\"\n               title=\"\"\n               data-src=\"http:\/\/www.karate-neuhofen.at\/wp-content\/gallery\/trainingslager-gnas-2014\/img_1323.jpg\"\n               data-thumbnail=\"http:\/\/www.karate-neuhofen.at\/wp-content\/gallery\/trainingslager-gnas-2014\/thumbs\/thumbs_img_1323.jpg\"\n               data-image-id=\"6354\"\n               data-title=\"img_1323\"\n               data-description=\"\"\n               data-image-slug=\"img_1323\"\n               class=\"shutterset_ac4aa3065405eea2a5f91ba3c27290cd\">\n                <img\n                    title=\"img_1323\"\n                    alt=\"img_1323\"\n                    src=\"http:\/\/www.karate-neuhofen.at\/wp-content\/gallery\/trainingslager-gnas-2014\/thumbs\/thumbs_img_1323.jpg\"\n                    width=\"100\"\n                    height=\"66\"\n                    style=\"max-width:100%;\"\n                \/>\n            <\/a>\n        <\/div>\n\t\t\t\t\t\t\t<\/div> \n\t\t\t\n        \n\t\t\t\t<div id=\"ngg-image-323\" class=\"ngg-gallery-thumbnail-box\" >\n\t\t\t\t        <div class=\"ngg-gallery-thumbnail\">\n            <a href=\"http:\/\/www.karate-neuhofen.at\/wp-content\/gallery\/trainingslager-gnas-2014\/img_1324.jpg\"\n               title=\"\"\n               data-src=\"http:\/\/www.karate-neuhofen.at\/wp-content\/gallery\/trainingslager-gnas-2014\/img_1324.jpg\"\n               data-thumbnail=\"http:\/\/www.karate-neuhofen.at\/wp-content\/gallery\/trainingslager-gnas-2014\/thumbs\/thumbs_img_1324.jpg\"\n               data-image-id=\"6355\"\n               data-title=\"img_1324\"\n               data-description=\"\"\n               data-image-slug=\"img_1324\"\n               class=\"shutterset_ac4aa3065405eea2a5f91ba3c27290cd\">\n                <img\n                    title=\"img_1324\"\n                    alt=\"img_1324\"\n                    src=\"http:\/\/www.karate-neuhofen.at\/wp-content\/gallery\/trainingslager-gnas-2014\/thumbs\/thumbs_img_1324.jpg\"\n                    width=\"100\"\n                    height=\"66\"\n                    style=\"max-width:100%;\"\n                \/>\n            <\/a>\n        <\/div>\n\t\t\t\t\t\t\t<\/div> \n\t\t\t\n        \n\t\t\t\t<div id=\"ngg-image-324\" class=\"ngg-gallery-thumbnail-box\" >\n\t\t\t\t        <div class=\"ngg-gallery-thumbnail\">\n            <a href=\"http:\/\/www.karate-neuhofen.at\/wp-content\/gallery\/trainingslager-gnas-2014\/img_1325.jpg\"\n               title=\"\"\n               data-src=\"http:\/\/www.karate-neuhofen.at\/wp-content\/gallery\/trainingslager-gnas-2014\/img_1325.jpg\"\n               data-thumbnail=\"http:\/\/www.karate-neuhofen.at\/wp-content\/gallery\/trainingslager-gnas-2014\/thumbs\/thumbs_img_1325.jpg\"\n               data-image-id=\"6356\"\n               data-title=\"img_1325\"\n               data-description=\"\"\n               data-image-slug=\"img_1325\"\n               class=\"shutterset_ac4aa3065405eea2a5f91ba3c27290cd\">\n                <img\n                    title=\"img_1325\"\n                    alt=\"img_1325\"\n                    src=\"http:\/\/www.karate-neuhofen.at\/wp-content\/gallery\/trainingslager-gnas-2014\/thumbs\/thumbs_img_1325.jpg\"\n                    width=\"100\"\n                    height=\"65\"\n                    style=\"max-width:100%;\"\n                \/>\n            <\/a>\n        <\/div>\n\t\t\t\t\t\t\t<\/div> \n\t\t\t\n        \n\t\t\t\t<div id=\"ngg-image-325\" class=\"ngg-gallery-thumbnail-box\" >\n\t\t\t\t        <div class=\"ngg-gallery-thumbnail\">\n            <a href=\"http:\/\/www.karate-neuhofen.at\/wp-content\/gallery\/trainingslager-gnas-2014\/img_1326.jpg\"\n               title=\"\"\n               data-src=\"http:\/\/www.karate-neuhofen.at\/wp-content\/gallery\/trainingslager-gnas-2014\/img_1326.jpg\"\n               data-thumbnail=\"http:\/\/www.karate-neuhofen.at\/wp-content\/gallery\/trainingslager-gnas-2014\/thumbs\/thumbs_img_1326.jpg\"\n               data-image-id=\"6357\"\n               data-title=\"img_1326\"\n               data-description=\"\"\n               data-image-slug=\"img_1326\"\n               class=\"shutterset_ac4aa3065405eea2a5f91ba3c27290cd\">\n                <img\n                    title=\"img_1326\"\n                    alt=\"img_1326\"\n                    src=\"http:\/\/www.karate-neuhofen.at\/wp-content\/gallery\/trainingslager-gnas-2014\/thumbs\/thumbs_img_1326.jpg\"\n                    width=\"100\"\n                    height=\"66\"\n                    style=\"max-width:100%;\"\n                \/>\n            <\/a>\n        <\/div>\n\t\t\t\t\t\t\t<\/div> \n\t\t\t\n        \n\t\t\t\t<div id=\"ngg-image-326\" class=\"ngg-gallery-thumbnail-box\" >\n\t\t\t\t        <div class=\"ngg-gallery-thumbnail\">\n            <a href=\"http:\/\/www.karate-neuhofen.at\/wp-content\/gallery\/trainingslager-gnas-2014\/img_1327.jpg\"\n               title=\"\"\n               data-src=\"http:\/\/www.karate-neuhofen.at\/wp-content\/gallery\/trainingslager-gnas-2014\/img_1327.jpg\"\n               data-thumbnail=\"http:\/\/www.karate-neuhofen.at\/wp-content\/gallery\/trainingslager-gnas-2014\/thumbs\/thumbs_img_1327.jpg\"\n               data-image-id=\"6358\"\n               data-title=\"img_1327\"\n               data-description=\"\"\n               data-image-slug=\"img_1327\"\n               class=\"shutterset_ac4aa3065405eea2a5f91ba3c27290cd\">\n                <img\n                    title=\"img_1327\"\n                    alt=\"img_1327\"\n                    src=\"http:\/\/www.karate-neuhofen.at\/wp-content\/gallery\/trainingslager-gnas-2014\/thumbs\/thumbs_img_1327.jpg\"\n                    width=\"100\"\n                    height=\"66\"\n                    style=\"max-width:100%;\"\n                \/>\n            <\/a>\n        <\/div>\n\t\t\t\t\t\t\t<\/div> \n\t\t\t\n        \n\t\t\t\t<div id=\"ngg-image-327\" class=\"ngg-gallery-thumbnail-box\" >\n\t\t\t\t        <div class=\"ngg-gallery-thumbnail\">\n            <a href=\"http:\/\/www.karate-neuhofen.at\/wp-content\/gallery\/trainingslager-gnas-2014\/img_1328.jpg\"\n               title=\"\"\n               data-src=\"http:\/\/www.karate-neuhofen.at\/wp-content\/gallery\/trainingslager-gnas-2014\/img_1328.jpg\"\n               data-thumbnail=\"http:\/\/www.karate-neuhofen.at\/wp-content\/gallery\/trainingslager-gnas-2014\/thumbs\/thumbs_img_1328.jpg\"\n               data-image-id=\"6359\"\n               data-title=\"img_1328\"\n               data-description=\"\"\n               data-image-slug=\"img_1328\"\n               class=\"shutterset_ac4aa3065405eea2a5f91ba3c27290cd\">\n                <img\n                    title=\"img_1328\"\n                    alt=\"img_1328\"\n                    src=\"http:\/\/www.karate-neuhofen.at\/wp-content\/gallery\/trainingslager-gnas-2014\/thumbs\/thumbs_img_1328.jpg\"\n                    width=\"100\"\n                    height=\"73\"\n                    style=\"max-width:100%;\"\n                \/>\n            <\/a>\n        <\/div>\n\t\t\t\t\t\t\t<\/div> \n\t\t\t\n        \n\t\t\t\t<div id=\"ngg-image-328\" class=\"ngg-gallery-thumbnail-box\" >\n\t\t\t\t        <div class=\"ngg-gallery-thumbnail\">\n            <a href=\"http:\/\/www.karate-neuhofen.at\/wp-content\/gallery\/trainingslager-gnas-2014\/img_1329.jpg\"\n               title=\"\"\n               data-src=\"http:\/\/www.karate-neuhofen.at\/wp-content\/gallery\/trainingslager-gnas-2014\/img_1329.jpg\"\n               data-thumbnail=\"http:\/\/www.karate-neuhofen.at\/wp-content\/gallery\/trainingslager-gnas-2014\/thumbs\/thumbs_img_1329.jpg\"\n               data-image-id=\"6360\"\n               data-title=\"img_1329\"\n               data-description=\"\"\n               data-image-slug=\"img_1329\"\n               class=\"shutterset_ac4aa3065405eea2a5f91ba3c27290cd\">\n                <img\n                    title=\"img_1329\"\n                    alt=\"img_1329\"\n                    src=\"http:\/\/www.karate-neuhofen.at\/wp-content\/gallery\/trainingslager-gnas-2014\/thumbs\/thumbs_img_1329.jpg\"\n                    width=\"100\"\n                    height=\"66\"\n                    style=\"max-width:100%;\"\n                \/>\n            <\/a>\n        <\/div>\n\t\t\t\t\t\t\t<\/div> \n\t\t\t\n        \n\t\t\t\t<div id=\"ngg-image-329\" class=\"ngg-gallery-thumbnail-box\" >\n\t\t\t\t        <div class=\"ngg-gallery-thumbnail\">\n            <a href=\"http:\/\/www.karate-neuhofen.at\/wp-content\/gallery\/trainingslager-gnas-2014\/img_1330.jpg\"\n               title=\"\"\n               data-src=\"http:\/\/www.karate-neuhofen.at\/wp-content\/gallery\/trainingslager-gnas-2014\/img_1330.jpg\"\n               data-thumbnail=\"http:\/\/www.karate-neuhofen.at\/wp-content\/gallery\/trainingslager-gnas-2014\/thumbs\/thumbs_img_1330.jpg\"\n               data-image-id=\"6361\"\n               data-title=\"img_1330\"\n               data-description=\"\"\n               data-image-slug=\"img_1330\"\n               class=\"shutterset_ac4aa3065405eea2a5f91ba3c27290cd\">\n                <img\n                    title=\"img_1330\"\n                    alt=\"img_1330\"\n                    src=\"http:\/\/www.karate-neuhofen.at\/wp-content\/gallery\/trainingslager-gnas-2014\/thumbs\/thumbs_img_1330.jpg\"\n                    width=\"50\"\n                    height=\"75\"\n                    style=\"max-width:100%;\"\n                \/>\n            <\/a>\n        <\/div>\n\t\t\t\t\t\t\t<\/div> \n\t\t\t\n        \n\t\t\t\t<div id=\"ngg-image-330\" class=\"ngg-gallery-thumbnail-box\" >\n\t\t\t\t        <div class=\"ngg-gallery-thumbnail\">\n            <a href=\"http:\/\/www.karate-neuhofen.at\/wp-content\/gallery\/trainingslager-gnas-2014\/img_1331.jpg\"\n               title=\"\"\n               data-src=\"http:\/\/www.karate-neuhofen.at\/wp-content\/gallery\/trainingslager-gnas-2014\/img_1331.jpg\"\n               data-thumbnail=\"http:\/\/www.karate-neuhofen.at\/wp-content\/gallery\/trainingslager-gnas-2014\/thumbs\/thumbs_img_1331.jpg\"\n               data-image-id=\"6362\"\n               data-title=\"img_1331\"\n               data-description=\"\"\n               data-image-slug=\"img_1331\"\n               class=\"shutterset_ac4aa3065405eea2a5f91ba3c27290cd\">\n                <img\n                    title=\"img_1331\"\n                    alt=\"img_1331\"\n                    src=\"http:\/\/www.karate-neuhofen.at\/wp-content\/gallery\/trainingslager-gnas-2014\/thumbs\/thumbs_img_1331.jpg\"\n                    width=\"50\"\n                    height=\"75\"\n                    style=\"max-width:100%;\"\n                \/>\n            <\/a>\n        <\/div>\n\t\t\t\t\t\t\t<\/div> \n\t\t\t\n        \n\t\t\t\t<div id=\"ngg-image-331\" class=\"ngg-gallery-thumbnail-box\" >\n\t\t\t\t        <div class=\"ngg-gallery-thumbnail\">\n            <a href=\"http:\/\/www.karate-neuhofen.at\/wp-content\/gallery\/trainingslager-gnas-2014\/img_1332.jpg\"\n               title=\"\"\n               data-src=\"http:\/\/www.karate-neuhofen.at\/wp-content\/gallery\/trainingslager-gnas-2014\/img_1332.jpg\"\n               data-thumbnail=\"http:\/\/www.karate-neuhofen.at\/wp-content\/gallery\/trainingslager-gnas-2014\/thumbs\/thumbs_img_1332.jpg\"\n               data-image-id=\"6363\"\n               data-title=\"img_1332\"\n               data-description=\"\"\n               data-image-slug=\"img_1332\"\n               class=\"shutterset_ac4aa3065405eea2a5f91ba3c27290cd\">\n                <img\n                    title=\"img_1332\"\n                    alt=\"img_1332\"\n                    src=\"http:\/\/www.karate-neuhofen.at\/wp-content\/gallery\/trainingslager-gnas-2014\/thumbs\/thumbs_img_1332.jpg\"\n                    width=\"50\"\n                    height=\"75\"\n                    style=\"max-width:100%;\"\n                \/>\n            <\/a>\n        <\/div>\n\t\t\t\t\t\t\t<\/div> \n\t\t\t\n        \n\t\t\t\t<div id=\"ngg-image-332\" class=\"ngg-gallery-thumbnail-box\" >\n\t\t\t\t        <div class=\"ngg-gallery-thumbnail\">\n            <a href=\"http:\/\/www.karate-neuhofen.at\/wp-content\/gallery\/trainingslager-gnas-2014\/img_1333.jpg\"\n               title=\"\"\n               data-src=\"http:\/\/www.karate-neuhofen.at\/wp-content\/gallery\/trainingslager-gnas-2014\/img_1333.jpg\"\n               data-thumbnail=\"http:\/\/www.karate-neuhofen.at\/wp-content\/gallery\/trainingslager-gnas-2014\/thumbs\/thumbs_img_1333.jpg\"\n               data-image-id=\"6364\"\n               data-title=\"img_1333\"\n               data-description=\"\"\n               data-image-slug=\"img_1333\"\n               class=\"shutterset_ac4aa3065405eea2a5f91ba3c27290cd\">\n                <img\n                    title=\"img_1333\"\n                    alt=\"img_1333\"\n                    src=\"http:\/\/www.karate-neuhofen.at\/wp-content\/gallery\/trainingslager-gnas-2014\/thumbs\/thumbs_img_1333.jpg\"\n                    width=\"100\"\n                    height=\"66\"\n                    style=\"max-width:100%;\"\n                \/>\n            <\/a>\n        <\/div>\n\t\t\t\t\t\t\t<\/div> \n\t\t\t\n        \n\t\t\t\t<div id=\"ngg-image-333\" class=\"ngg-gallery-thumbnail-box\" >\n\t\t\t\t        <div class=\"ngg-gallery-thumbnail\">\n            <a href=\"http:\/\/www.karate-neuhofen.at\/wp-content\/gallery\/trainingslager-gnas-2014\/img_1334.jpg\"\n               title=\"\"\n               data-src=\"http:\/\/www.karate-neuhofen.at\/wp-content\/gallery\/trainingslager-gnas-2014\/img_1334.jpg\"\n               data-thumbnail=\"http:\/\/www.karate-neuhofen.at\/wp-content\/gallery\/trainingslager-gnas-2014\/thumbs\/thumbs_img_1334.jpg\"\n               data-image-id=\"6365\"\n               data-title=\"img_1334\"\n               data-description=\"\"\n               data-image-slug=\"img_1334\"\n               class=\"shutterset_ac4aa3065405eea2a5f91ba3c27290cd\">\n                <img\n                    title=\"img_1334\"\n                    alt=\"img_1334\"\n                    src=\"http:\/\/www.karate-neuhofen.at\/wp-content\/gallery\/trainingslager-gnas-2014\/thumbs\/thumbs_img_1334.jpg\"\n                    width=\"100\"\n                    height=\"66\"\n                    style=\"max-width:100%;\"\n                \/>\n            <\/a>\n        <\/div>\n\t\t\t\t\t\t\t<\/div> \n\t\t\t\n        \n\t\t\t\t<div id=\"ngg-image-334\" class=\"ngg-gallery-thumbnail-box\" >\n\t\t\t\t        <div class=\"ngg-gallery-thumbnail\">\n            <a href=\"http:\/\/www.karate-neuhofen.at\/wp-content\/gallery\/trainingslager-gnas-2014\/img_1335.jpg\"\n               title=\"\"\n               data-src=\"http:\/\/www.karate-neuhofen.at\/wp-content\/gallery\/trainingslager-gnas-2014\/img_1335.jpg\"\n               data-thumbnail=\"http:\/\/www.karate-neuhofen.at\/wp-content\/gallery\/trainingslager-gnas-2014\/thumbs\/thumbs_img_1335.jpg\"\n               data-image-id=\"6366\"\n               data-title=\"img_1335\"\n               data-description=\"\"\n               data-image-slug=\"img_1335\"\n               class=\"shutterset_ac4aa3065405eea2a5f91ba3c27290cd\">\n                <img\n                    title=\"img_1335\"\n                    alt=\"img_1335\"\n                    src=\"http:\/\/www.karate-neuhofen.at\/wp-content\/gallery\/trainingslager-gnas-2014\/thumbs\/thumbs_img_1335.jpg\"\n                    width=\"100\"\n                    height=\"66\"\n                    style=\"max-width:100%;\"\n                \/>\n            <\/a>\n        <\/div>\n\t\t\t\t\t\t\t<\/div> \n\t\t\t\n        \n\t\t\t\t<div id=\"ngg-image-335\" class=\"ngg-gallery-thumbnail-box\" >\n\t\t\t\t        <div class=\"ngg-gallery-thumbnail\">\n            <a href=\"http:\/\/www.karate-neuhofen.at\/wp-content\/gallery\/trainingslager-gnas-2014\/img_1336.jpg\"\n               title=\"\"\n               data-src=\"http:\/\/www.karate-neuhofen.at\/wp-content\/gallery\/trainingslager-gnas-2014\/img_1336.jpg\"\n               data-thumbnail=\"http:\/\/www.karate-neuhofen.at\/wp-content\/gallery\/trainingslager-gnas-2014\/thumbs\/thumbs_img_1336.jpg\"\n               data-image-id=\"6367\"\n               data-title=\"img_1336\"\n               data-description=\"\"\n               data-image-slug=\"img_1336\"\n               class=\"shutterset_ac4aa3065405eea2a5f91ba3c27290cd\">\n                <img\n                    title=\"img_1336\"\n                    alt=\"img_1336\"\n                    src=\"http:\/\/www.karate-neuhofen.at\/wp-content\/gallery\/trainingslager-gnas-2014\/thumbs\/thumbs_img_1336.jpg\"\n                    width=\"100\"\n                    height=\"66\"\n                    style=\"max-width:100%;\"\n                \/>\n            <\/a>\n        <\/div>\n\t\t\t\t\t\t\t<\/div> \n\t\t\t\n        \n\t\t\t\t<div id=\"ngg-image-336\" class=\"ngg-gallery-thumbnail-box\" >\n\t\t\t\t        <div class=\"ngg-gallery-thumbnail\">\n            <a href=\"http:\/\/www.karate-neuhofen.at\/wp-content\/gallery\/trainingslager-gnas-2014\/img_1337.jpg\"\n               title=\"\"\n               data-src=\"http:\/\/www.karate-neuhofen.at\/wp-content\/gallery\/trainingslager-gnas-2014\/img_1337.jpg\"\n               data-thumbnail=\"http:\/\/www.karate-neuhofen.at\/wp-content\/gallery\/trainingslager-gnas-2014\/thumbs\/thumbs_img_1337.jpg\"\n               data-image-id=\"6368\"\n               data-title=\"img_1337\"\n               data-description=\"\"\n               data-image-slug=\"img_1337\"\n               class=\"shutterset_ac4aa3065405eea2a5f91ba3c27290cd\">\n                <img\n                    title=\"img_1337\"\n                    alt=\"img_1337\"\n                    src=\"http:\/\/www.karate-neuhofen.at\/wp-content\/gallery\/trainingslager-gnas-2014\/thumbs\/thumbs_img_1337.jpg\"\n                    width=\"100\"\n                    height=\"66\"\n                    style=\"max-width:100%;\"\n                \/>\n            <\/a>\n        <\/div>\n\t\t\t\t\t\t\t<\/div> \n\t\t\t\n        \n\t\t\t\t<div id=\"ngg-image-337\" class=\"ngg-gallery-thumbnail-box\" >\n\t\t\t\t        <div class=\"ngg-gallery-thumbnail\">\n            <a href=\"http:\/\/www.karate-neuhofen.at\/wp-content\/gallery\/trainingslager-gnas-2014\/img_1338.jpg\"\n               title=\"\"\n               data-src=\"http:\/\/www.karate-neuhofen.at\/wp-content\/gallery\/trainingslager-gnas-2014\/img_1338.jpg\"\n               data-thumbnail=\"http:\/\/www.karate-neuhofen.at\/wp-content\/gallery\/trainingslager-gnas-2014\/thumbs\/thumbs_img_1338.jpg\"\n               data-image-id=\"6369\"\n               data-title=\"img_1338\"\n               data-description=\"\"\n               data-image-slug=\"img_1338\"\n               class=\"shutterset_ac4aa3065405eea2a5f91ba3c27290cd\">\n                <img\n                    title=\"img_1338\"\n                    alt=\"img_1338\"\n                    src=\"http:\/\/www.karate-neuhofen.at\/wp-content\/gallery\/trainingslager-gnas-2014\/thumbs\/thumbs_img_1338.jpg\"\n                    width=\"100\"\n                    height=\"66\"\n                    style=\"max-width:100%;\"\n                \/>\n            <\/a>\n        <\/div>\n\t\t\t\t\t\t\t<\/div> \n\t\t\t\n        \n\t\t\t\t<div id=\"ngg-image-338\" class=\"ngg-gallery-thumbnail-box\" >\n\t\t\t\t        <div class=\"ngg-gallery-thumbnail\">\n            <a href=\"http:\/\/www.karate-neuhofen.at\/wp-content\/gallery\/trainingslager-gnas-2014\/img_1339.jpg\"\n               title=\"\"\n               data-src=\"http:\/\/www.karate-neuhofen.at\/wp-content\/gallery\/trainingslager-gnas-2014\/img_1339.jpg\"\n               data-thumbnail=\"http:\/\/www.karate-neuhofen.at\/wp-content\/gallery\/trainingslager-gnas-2014\/thumbs\/thumbs_img_1339.jpg\"\n               data-image-id=\"6370\"\n               data-title=\"img_1339\"\n               data-description=\"\"\n               data-image-slug=\"img_1339\"\n               class=\"shutterset_ac4aa3065405eea2a5f91ba3c27290cd\">\n                <img\n                    title=\"img_1339\"\n                    alt=\"img_1339\"\n                    src=\"http:\/\/www.karate-neuhofen.at\/wp-content\/gallery\/trainingslager-gnas-2014\/thumbs\/thumbs_img_1339.jpg\"\n                    width=\"100\"\n                    height=\"66\"\n                    style=\"max-width:100%;\"\n                \/>\n            <\/a>\n        <\/div>\n\t\t\t\t\t\t\t<\/div> \n\t\t\t\n        \n\t\t\t\t<div id=\"ngg-image-339\" class=\"ngg-gallery-thumbnail-box\" >\n\t\t\t\t        <div class=\"ngg-gallery-thumbnail\">\n            <a href=\"http:\/\/www.karate-neuhofen.at\/wp-content\/gallery\/trainingslager-gnas-2014\/img_1340.jpg\"\n               title=\"\"\n               data-src=\"http:\/\/www.karate-neuhofen.at\/wp-content\/gallery\/trainingslager-gnas-2014\/img_1340.jpg\"\n               data-thumbnail=\"http:\/\/www.karate-neuhofen.at\/wp-content\/gallery\/trainingslager-gnas-2014\/thumbs\/thumbs_img_1340.jpg\"\n               data-image-id=\"6371\"\n               data-title=\"img_1340\"\n               data-description=\"\"\n               data-image-slug=\"img_1340\"\n               class=\"shutterset_ac4aa3065405eea2a5f91ba3c27290cd\">\n                <img\n                    title=\"img_1340\"\n                    alt=\"img_1340\"\n                    src=\"http:\/\/www.karate-neuhofen.at\/wp-content\/gallery\/trainingslager-gnas-2014\/thumbs\/thumbs_img_1340.jpg\"\n                    width=\"50\"\n                    height=\"75\"\n                    style=\"max-width:100%;\"\n                \/>\n            <\/a>\n        <\/div>\n\t\t\t\t\t\t\t<\/div> \n\t\t\t\n        \n\t\t\t\t<div id=\"ngg-image-340\" class=\"ngg-gallery-thumbnail-box\" >\n\t\t\t\t        <div class=\"ngg-gallery-thumbnail\">\n            <a href=\"http:\/\/www.karate-neuhofen.at\/wp-content\/gallery\/trainingslager-gnas-2014\/img_1341.jpg\"\n               title=\"\"\n               data-src=\"http:\/\/www.karate-neuhofen.at\/wp-content\/gallery\/trainingslager-gnas-2014\/img_1341.jpg\"\n               data-thumbnail=\"http:\/\/www.karate-neuhofen.at\/wp-content\/gallery\/trainingslager-gnas-2014\/thumbs\/thumbs_img_1341.jpg\"\n               data-image-id=\"6372\"\n               data-title=\"img_1341\"\n               data-description=\"\"\n               data-image-slug=\"img_1341\"\n               class=\"shutterset_ac4aa3065405eea2a5f91ba3c27290cd\">\n                <img\n                    title=\"img_1341\"\n                    alt=\"img_1341\"\n                    src=\"http:\/\/www.karate-neuhofen.at\/wp-content\/gallery\/trainingslager-gnas-2014\/thumbs\/thumbs_img_1341.jpg\"\n                    width=\"100\"\n                    height=\"66\"\n                    style=\"max-width:100%;\"\n                \/>\n            <\/a>\n        <\/div>\n\t\t\t\t\t\t\t<\/div> \n\t\t\t\n        \n\t\t\t\t<div id=\"ngg-image-341\" class=\"ngg-gallery-thumbnail-box\" >\n\t\t\t\t        <div class=\"ngg-gallery-thumbnail\">\n            <a href=\"http:\/\/www.karate-neuhofen.at\/wp-content\/gallery\/trainingslager-gnas-2014\/img_1342.jpg\"\n               title=\"\"\n               data-src=\"http:\/\/www.karate-neuhofen.at\/wp-content\/gallery\/trainingslager-gnas-2014\/img_1342.jpg\"\n               data-thumbnail=\"http:\/\/www.karate-neuhofen.at\/wp-content\/gallery\/trainingslager-gnas-2014\/thumbs\/thumbs_img_1342.jpg\"\n               data-image-id=\"6373\"\n               data-title=\"img_1342\"\n               data-description=\"\"\n               data-image-slug=\"img_1342\"\n               class=\"shutterset_ac4aa3065405eea2a5f91ba3c27290cd\">\n                <img\n                    title=\"img_1342\"\n                    alt=\"img_1342\"\n                    src=\"http:\/\/www.karate-neuhofen.at\/wp-content\/gallery\/trainingslager-gnas-2014\/thumbs\/thumbs_img_1342.jpg\"\n                    width=\"100\"\n                    height=\"66\"\n                    style=\"max-width:100%;\"\n                \/>\n            <\/a>\n        <\/div>\n\t\t\t\t\t\t\t<\/div> \n\t\t\t\n        \n\t\t\t\t<div id=\"ngg-image-342\" class=\"ngg-gallery-thumbnail-box\" >\n\t\t\t\t        <div class=\"ngg-gallery-thumbnail\">\n            <a href=\"http:\/\/www.karate-neuhofen.at\/wp-content\/gallery\/trainingslager-gnas-2014\/img_1343.jpg\"\n               title=\"\"\n               data-src=\"http:\/\/www.karate-neuhofen.at\/wp-content\/gallery\/trainingslager-gnas-2014\/img_1343.jpg\"\n               data-thumbnail=\"http:\/\/www.karate-neuhofen.at\/wp-content\/gallery\/trainingslager-gnas-2014\/thumbs\/thumbs_img_1343.jpg\"\n               data-image-id=\"6374\"\n               data-title=\"img_1343\"\n               data-description=\"\"\n               data-image-slug=\"img_1343\"\n               class=\"shutterset_ac4aa3065405eea2a5f91ba3c27290cd\">\n                <img\n                    title=\"img_1343\"\n                    alt=\"img_1343\"\n                    src=\"http:\/\/www.karate-neuhofen.at\/wp-content\/gallery\/trainingslager-gnas-2014\/thumbs\/thumbs_img_1343.jpg\"\n                    width=\"100\"\n                    height=\"66\"\n                    style=\"max-width:100%;\"\n                \/>\n            <\/a>\n        <\/div>\n\t\t\t\t\t\t\t<\/div> \n\t\t\t\n        \n\t\t\t\t<div id=\"ngg-image-343\" class=\"ngg-gallery-thumbnail-box\" >\n\t\t\t\t        <div class=\"ngg-gallery-thumbnail\">\n            <a href=\"http:\/\/www.karate-neuhofen.at\/wp-content\/gallery\/trainingslager-gnas-2014\/img_1344.jpg\"\n               title=\"\"\n               data-src=\"http:\/\/www.karate-neuhofen.at\/wp-content\/gallery\/trainingslager-gnas-2014\/img_1344.jpg\"\n               data-thumbnail=\"http:\/\/www.karate-neuhofen.at\/wp-content\/gallery\/trainingslager-gnas-2014\/thumbs\/thumbs_img_1344.jpg\"\n               data-image-id=\"6375\"\n               data-title=\"img_1344\"\n               data-description=\"\"\n               data-image-slug=\"img_1344\"\n               class=\"shutterset_ac4aa3065405eea2a5f91ba3c27290cd\">\n                <img\n                    title=\"img_1344\"\n                    alt=\"img_1344\"\n                    src=\"http:\/\/www.karate-neuhofen.at\/wp-content\/gallery\/trainingslager-gnas-2014\/thumbs\/thumbs_img_1344.jpg\"\n                    width=\"100\"\n                    height=\"66\"\n                    style=\"max-width:100%;\"\n                \/>\n            <\/a>\n        <\/div>\n\t\t\t\t\t\t\t<\/div> \n\t\t\t\n        \n\t\t\t\t<div id=\"ngg-image-344\" class=\"ngg-gallery-thumbnail-box\" >\n\t\t\t\t        <div class=\"ngg-gallery-thumbnail\">\n            <a href=\"http:\/\/www.karate-neuhofen.at\/wp-content\/gallery\/trainingslager-gnas-2014\/img_1345.jpg\"\n               title=\"\"\n               data-src=\"http:\/\/www.karate-neuhofen.at\/wp-content\/gallery\/trainingslager-gnas-2014\/img_1345.jpg\"\n               data-thumbnail=\"http:\/\/www.karate-neuhofen.at\/wp-content\/gallery\/trainingslager-gnas-2014\/thumbs\/thumbs_img_1345.jpg\"\n               data-image-id=\"6376\"\n               data-title=\"img_1345\"\n               data-description=\"\"\n               data-image-slug=\"img_1345\"\n               class=\"shutterset_ac4aa3065405eea2a5f91ba3c27290cd\">\n                <img\n                    title=\"img_1345\"\n                    alt=\"img_1345\"\n                    src=\"http:\/\/www.karate-neuhofen.at\/wp-content\/gallery\/trainingslager-gnas-2014\/thumbs\/thumbs_img_1345.jpg\"\n                    width=\"100\"\n                    height=\"66\"\n                    style=\"max-width:100%;\"\n                \/>\n            <\/a>\n        <\/div>\n\t\t\t\t\t\t\t<\/div> \n\t\t\t\n        \n\t\t\t\t<div id=\"ngg-image-345\" class=\"ngg-gallery-thumbnail-box\" >\n\t\t\t\t        <div class=\"ngg-gallery-thumbnail\">\n            <a href=\"http:\/\/www.karate-neuhofen.at\/wp-content\/gallery\/trainingslager-gnas-2014\/img_1346.jpg\"\n               title=\"\"\n               data-src=\"http:\/\/www.karate-neuhofen.at\/wp-content\/gallery\/trainingslager-gnas-2014\/img_1346.jpg\"\n               data-thumbnail=\"http:\/\/www.karate-neuhofen.at\/wp-content\/gallery\/trainingslager-gnas-2014\/thumbs\/thumbs_img_1346.jpg\"\n               data-image-id=\"6377\"\n               data-title=\"img_1346\"\n               data-description=\"\"\n               data-image-slug=\"img_1346\"\n               class=\"shutterset_ac4aa3065405eea2a5f91ba3c27290cd\">\n                <img\n                    title=\"img_1346\"\n                    alt=\"img_1346\"\n                    src=\"http:\/\/www.karate-neuhofen.at\/wp-content\/gallery\/trainingslager-gnas-2014\/thumbs\/thumbs_img_1346.jpg\"\n                    width=\"100\"\n                    height=\"66\"\n                    style=\"max-width:100%;\"\n                \/>\n            <\/a>\n        <\/div>\n\t\t\t\t\t\t\t<\/div> \n\t\t\t\n        \n\t\t\t\t<div id=\"ngg-image-346\" class=\"ngg-gallery-thumbnail-box\" >\n\t\t\t\t        <div class=\"ngg-gallery-thumbnail\">\n            <a href=\"http:\/\/www.karate-neuhofen.at\/wp-content\/gallery\/trainingslager-gnas-2014\/img_1347.jpg\"\n               title=\"\"\n               data-src=\"http:\/\/www.karate-neuhofen.at\/wp-content\/gallery\/trainingslager-gnas-2014\/img_1347.jpg\"\n               data-thumbnail=\"http:\/\/www.karate-neuhofen.at\/wp-content\/gallery\/trainingslager-gnas-2014\/thumbs\/thumbs_img_1347.jpg\"\n               data-image-id=\"6378\"\n               data-title=\"img_1347\"\n               data-description=\"\"\n               data-image-slug=\"img_1347\"\n               class=\"shutterset_ac4aa3065405eea2a5f91ba3c27290cd\">\n                <img\n                    title=\"img_1347\"\n                    alt=\"img_1347\"\n                    src=\"http:\/\/www.karate-neuhofen.at\/wp-content\/gallery\/trainingslager-gnas-2014\/thumbs\/thumbs_img_1347.jpg\"\n                    width=\"100\"\n                    height=\"66\"\n                    style=\"max-width:100%;\"\n                \/>\n            <\/a>\n        <\/div>\n\t\t\t\t\t\t\t<\/div> \n\t\t\t\n        \n\t\t\t\t<div id=\"ngg-image-347\" class=\"ngg-gallery-thumbnail-box\" >\n\t\t\t\t        <div class=\"ngg-gallery-thumbnail\">\n            <a href=\"http:\/\/www.karate-neuhofen.at\/wp-content\/gallery\/trainingslager-gnas-2014\/img_1348.jpg\"\n               title=\"\"\n               data-src=\"http:\/\/www.karate-neuhofen.at\/wp-content\/gallery\/trainingslager-gnas-2014\/img_1348.jpg\"\n               data-thumbnail=\"http:\/\/www.karate-neuhofen.at\/wp-content\/gallery\/trainingslager-gnas-2014\/thumbs\/thumbs_img_1348.jpg\"\n               data-image-id=\"6379\"\n               data-title=\"img_1348\"\n               data-description=\"\"\n               data-image-slug=\"img_1348\"\n               class=\"shutterset_ac4aa3065405eea2a5f91ba3c27290cd\">\n                <img\n                    title=\"img_1348\"\n                    alt=\"img_1348\"\n                    src=\"http:\/\/www.karate-neuhofen.at\/wp-content\/gallery\/trainingslager-gnas-2014\/thumbs\/thumbs_img_1348.jpg\"\n                    width=\"100\"\n                    height=\"66\"\n                    style=\"max-width:100%;\"\n                \/>\n            <\/a>\n        <\/div>\n\t\t\t\t\t\t\t<\/div> \n\t\t\t\n        \n\t\t\t\t<div id=\"ngg-image-348\" class=\"ngg-gallery-thumbnail-box\" >\n\t\t\t\t        <div class=\"ngg-gallery-thumbnail\">\n            <a href=\"http:\/\/www.karate-neuhofen.at\/wp-content\/gallery\/trainingslager-gnas-2014\/img_1349.jpg\"\n               title=\"\"\n               data-src=\"http:\/\/www.karate-neuhofen.at\/wp-content\/gallery\/trainingslager-gnas-2014\/img_1349.jpg\"\n               data-thumbnail=\"http:\/\/www.karate-neuhofen.at\/wp-content\/gallery\/trainingslager-gnas-2014\/thumbs\/thumbs_img_1349.jpg\"\n               data-image-id=\"6380\"\n               data-title=\"img_1349\"\n               data-description=\"\"\n               data-image-slug=\"img_1349\"\n               class=\"shutterset_ac4aa3065405eea2a5f91ba3c27290cd\">\n                <img\n                    title=\"img_1349\"\n                    alt=\"img_1349\"\n                    src=\"http:\/\/www.karate-neuhofen.at\/wp-content\/gallery\/trainingslager-gnas-2014\/thumbs\/thumbs_img_1349.jpg\"\n                    width=\"100\"\n                    height=\"66\"\n                    style=\"max-width:100%;\"\n                \/>\n            <\/a>\n        <\/div>\n\t\t\t\t\t\t\t<\/div> \n\t\t\t\n        \n\t\t\t\t<div id=\"ngg-image-349\" class=\"ngg-gallery-thumbnail-box\" >\n\t\t\t\t        <div class=\"ngg-gallery-thumbnail\">\n            <a href=\"http:\/\/www.karate-neuhofen.at\/wp-content\/gallery\/trainingslager-gnas-2014\/img_1350.jpg\"\n               title=\"\"\n               data-src=\"http:\/\/www.karate-neuhofen.at\/wp-content\/gallery\/trainingslager-gnas-2014\/img_1350.jpg\"\n               data-thumbnail=\"http:\/\/www.karate-neuhofen.at\/wp-content\/gallery\/trainingslager-gnas-2014\/thumbs\/thumbs_img_1350.jpg\"\n               data-image-id=\"6381\"\n               data-title=\"img_1350\"\n               data-description=\"\"\n               data-image-slug=\"img_1350\"\n               class=\"shutterset_ac4aa3065405eea2a5f91ba3c27290cd\">\n                <img\n                    title=\"img_1350\"\n                    alt=\"img_1350\"\n                    src=\"http:\/\/www.karate-neuhofen.at\/wp-content\/gallery\/trainingslager-gnas-2014\/thumbs\/thumbs_img_1350.jpg\"\n                    width=\"100\"\n                    height=\"66\"\n                    style=\"max-width:100%;\"\n                \/>\n            <\/a>\n        <\/div>\n\t\t\t\t\t\t\t<\/div> \n\t\t\t\n        \n\t\t\t\t<div id=\"ngg-image-350\" class=\"ngg-gallery-thumbnail-box\" >\n\t\t\t\t        <div class=\"ngg-gallery-thumbnail\">\n            <a href=\"http:\/\/www.karate-neuhofen.at\/wp-content\/gallery\/trainingslager-gnas-2014\/img_1351.jpg\"\n               title=\"\"\n               data-src=\"http:\/\/www.karate-neuhofen.at\/wp-content\/gallery\/trainingslager-gnas-2014\/img_1351.jpg\"\n               data-thumbnail=\"http:\/\/www.karate-neuhofen.at\/wp-content\/gallery\/trainingslager-gnas-2014\/thumbs\/thumbs_img_1351.jpg\"\n               data-image-id=\"6382\"\n               data-title=\"img_1351\"\n               data-description=\"\"\n               data-image-slug=\"img_1351\"\n               class=\"shutterset_ac4aa3065405eea2a5f91ba3c27290cd\">\n                <img\n                    title=\"img_1351\"\n                    alt=\"img_1351\"\n                    src=\"http:\/\/www.karate-neuhofen.at\/wp-content\/gallery\/trainingslager-gnas-2014\/thumbs\/thumbs_img_1351.jpg\"\n                    width=\"100\"\n                    height=\"66\"\n                    style=\"max-width:100%;\"\n                \/>\n            <\/a>\n        <\/div>\n\t\t\t\t\t\t\t<\/div> \n\t\t\t\n        \n\t\t\t\t<div id=\"ngg-image-351\" class=\"ngg-gallery-thumbnail-box\" >\n\t\t\t\t        <div class=\"ngg-gallery-thumbnail\">\n            <a href=\"http:\/\/www.karate-neuhofen.at\/wp-content\/gallery\/trainingslager-gnas-2014\/img_1352.jpg\"\n               title=\"\"\n               data-src=\"http:\/\/www.karate-neuhofen.at\/wp-content\/gallery\/trainingslager-gnas-2014\/img_1352.jpg\"\n               data-thumbnail=\"http:\/\/www.karate-neuhofen.at\/wp-content\/gallery\/trainingslager-gnas-2014\/thumbs\/thumbs_img_1352.jpg\"\n               data-image-id=\"6383\"\n               data-title=\"img_1352\"\n               data-description=\"\"\n               data-image-slug=\"img_1352\"\n               class=\"shutterset_ac4aa3065405eea2a5f91ba3c27290cd\">\n                <img\n                    title=\"img_1352\"\n                    alt=\"img_1352\"\n                    src=\"http:\/\/www.karate-neuhofen.at\/wp-content\/gallery\/trainingslager-gnas-2014\/thumbs\/thumbs_img_1352.jpg\"\n                    width=\"100\"\n                    height=\"66\"\n                    style=\"max-width:100%;\"\n                \/>\n            <\/a>\n        <\/div>\n\t\t\t\t\t\t\t<\/div> \n\t\t\t\n        \n\t\t\t\t<div id=\"ngg-image-352\" class=\"ngg-gallery-thumbnail-box\" >\n\t\t\t\t        <div class=\"ngg-gallery-thumbnail\">\n            <a href=\"http:\/\/www.karate-neuhofen.at\/wp-content\/gallery\/trainingslager-gnas-2014\/img_1353.jpg\"\n               title=\"\"\n               data-src=\"http:\/\/www.karate-neuhofen.at\/wp-content\/gallery\/trainingslager-gnas-2014\/img_1353.jpg\"\n               data-thumbnail=\"http:\/\/www.karate-neuhofen.at\/wp-content\/gallery\/trainingslager-gnas-2014\/thumbs\/thumbs_img_1353.jpg\"\n               data-image-id=\"6384\"\n               data-title=\"img_1353\"\n               data-description=\"\"\n               data-image-slug=\"img_1353\"\n               class=\"shutterset_ac4aa3065405eea2a5f91ba3c27290cd\">\n                <img\n                    title=\"img_1353\"\n                    alt=\"img_1353\"\n                    src=\"http:\/\/www.karate-neuhofen.at\/wp-content\/gallery\/trainingslager-gnas-2014\/thumbs\/thumbs_img_1353.jpg\"\n                    width=\"100\"\n                    height=\"66\"\n                    style=\"max-width:100%;\"\n                \/>\n            <\/a>\n        <\/div>\n\t\t\t\t\t\t\t<\/div> \n\t\t\t\n        \n\t\t\t\t<div id=\"ngg-image-353\" class=\"ngg-gallery-thumbnail-box\" >\n\t\t\t\t        <div class=\"ngg-gallery-thumbnail\">\n            <a href=\"http:\/\/www.karate-neuhofen.at\/wp-content\/gallery\/trainingslager-gnas-2014\/img_1354.jpg\"\n               title=\"\"\n               data-src=\"http:\/\/www.karate-neuhofen.at\/wp-content\/gallery\/trainingslager-gnas-2014\/img_1354.jpg\"\n               data-thumbnail=\"http:\/\/www.karate-neuhofen.at\/wp-content\/gallery\/trainingslager-gnas-2014\/thumbs\/thumbs_img_1354.jpg\"\n               data-image-id=\"6385\"\n               data-title=\"img_1354\"\n               data-description=\"\"\n               data-image-slug=\"img_1354\"\n               class=\"shutterset_ac4aa3065405eea2a5f91ba3c27290cd\">\n                <img\n                    title=\"img_1354\"\n                    alt=\"img_1354\"\n                    src=\"http:\/\/www.karate-neuhofen.at\/wp-content\/gallery\/trainingslager-gnas-2014\/thumbs\/thumbs_img_1354.jpg\"\n                    width=\"100\"\n                    height=\"66\"\n                    style=\"max-width:100%;\"\n                \/>\n            <\/a>\n        <\/div>\n\t\t\t\t\t\t\t<\/div> \n\t\t\t\n        \n\t\t\t\t<div id=\"ngg-image-354\" class=\"ngg-gallery-thumbnail-box\" >\n\t\t\t\t        <div class=\"ngg-gallery-thumbnail\">\n            <a href=\"http:\/\/www.karate-neuhofen.at\/wp-content\/gallery\/trainingslager-gnas-2014\/img_1355.jpg\"\n               title=\"\"\n               data-src=\"http:\/\/www.karate-neuhofen.at\/wp-content\/gallery\/trainingslager-gnas-2014\/img_1355.jpg\"\n               data-thumbnail=\"http:\/\/www.karate-neuhofen.at\/wp-content\/gallery\/trainingslager-gnas-2014\/thumbs\/thumbs_img_1355.jpg\"\n               data-image-id=\"6386\"\n               data-title=\"img_1355\"\n               data-description=\"\"\n               data-image-slug=\"img_1355\"\n               class=\"shutterset_ac4aa3065405eea2a5f91ba3c27290cd\">\n                <img\n                    title=\"img_1355\"\n                    alt=\"img_1355\"\n                    src=\"http:\/\/www.karate-neuhofen.at\/wp-content\/gallery\/trainingslager-gnas-2014\/thumbs\/thumbs_img_1355.jpg\"\n                    width=\"100\"\n                    height=\"66\"\n                    style=\"max-width:100%;\"\n                \/>\n            <\/a>\n        <\/div>\n\t\t\t\t\t\t\t<\/div> \n\t\t\t\n        \n\t\t\t\t<div id=\"ngg-image-355\" class=\"ngg-gallery-thumbnail-box\" >\n\t\t\t\t        <div class=\"ngg-gallery-thumbnail\">\n            <a href=\"http:\/\/www.karate-neuhofen.at\/wp-content\/gallery\/trainingslager-gnas-2014\/img_1356.jpg\"\n               title=\"\"\n               data-src=\"http:\/\/www.karate-neuhofen.at\/wp-content\/gallery\/trainingslager-gnas-2014\/img_1356.jpg\"\n               data-thumbnail=\"http:\/\/www.karate-neuhofen.at\/wp-content\/gallery\/trainingslager-gnas-2014\/thumbs\/thumbs_img_1356.jpg\"\n               data-image-id=\"6387\"\n               data-title=\"img_1356\"\n               data-description=\"\"\n               data-image-slug=\"img_1356\"\n               class=\"shutterset_ac4aa3065405eea2a5f91ba3c27290cd\">\n                <img\n                    title=\"img_1356\"\n                    alt=\"img_1356\"\n                    src=\"http:\/\/www.karate-neuhofen.at\/wp-content\/gallery\/trainingslager-gnas-2014\/thumbs\/thumbs_img_1356.jpg\"\n                    width=\"100\"\n                    height=\"66\"\n                    style=\"max-width:100%;\"\n                \/>\n            <\/a>\n        <\/div>\n\t\t\t\t\t\t\t<\/div> \n\t\t\t\n        \n\t\t\t\t<div id=\"ngg-image-356\" class=\"ngg-gallery-thumbnail-box\" >\n\t\t\t\t        <div class=\"ngg-gallery-thumbnail\">\n            <a href=\"http:\/\/www.karate-neuhofen.at\/wp-content\/gallery\/trainingslager-gnas-2014\/img_1357.jpg\"\n               title=\"\"\n               data-src=\"http:\/\/www.karate-neuhofen.at\/wp-content\/gallery\/trainingslager-gnas-2014\/img_1357.jpg\"\n               data-thumbnail=\"http:\/\/www.karate-neuhofen.at\/wp-content\/gallery\/trainingslager-gnas-2014\/thumbs\/thumbs_img_1357.jpg\"\n               data-image-id=\"6388\"\n               data-title=\"img_1357\"\n               data-description=\"\"\n               data-image-slug=\"img_1357\"\n               class=\"shutterset_ac4aa3065405eea2a5f91ba3c27290cd\">\n                <img\n                    title=\"img_1357\"\n                    alt=\"img_1357\"\n                    src=\"http:\/\/www.karate-neuhofen.at\/wp-content\/gallery\/trainingslager-gnas-2014\/thumbs\/thumbs_img_1357.jpg\"\n                    width=\"100\"\n                    height=\"66\"\n                    style=\"max-width:100%;\"\n                \/>\n            <\/a>\n        <\/div>\n\t\t\t\t\t\t\t<\/div> \n\t\t\t\n        \n\t\t\t\t<div id=\"ngg-image-357\" class=\"ngg-gallery-thumbnail-box\" >\n\t\t\t\t        <div class=\"ngg-gallery-thumbnail\">\n            <a href=\"http:\/\/www.karate-neuhofen.at\/wp-content\/gallery\/trainingslager-gnas-2014\/img_1358.jpg\"\n               title=\"\"\n               data-src=\"http:\/\/www.karate-neuhofen.at\/wp-content\/gallery\/trainingslager-gnas-2014\/img_1358.jpg\"\n               data-thumbnail=\"http:\/\/www.karate-neuhofen.at\/wp-content\/gallery\/trainingslager-gnas-2014\/thumbs\/thumbs_img_1358.jpg\"\n               data-image-id=\"6389\"\n               data-title=\"img_1358\"\n               data-description=\"\"\n               data-image-slug=\"img_1358\"\n               class=\"shutterset_ac4aa3065405eea2a5f91ba3c27290cd\">\n                <img\n                    title=\"img_1358\"\n                    alt=\"img_1358\"\n                    src=\"http:\/\/www.karate-neuhofen.at\/wp-content\/gallery\/trainingslager-gnas-2014\/thumbs\/thumbs_img_1358.jpg\"\n                    width=\"100\"\n                    height=\"66\"\n                    style=\"max-width:100%;\"\n                \/>\n            <\/a>\n        <\/div>\n\t\t\t\t\t\t\t<\/div> \n\t\t\t\n        \n\t\t\t\t<div id=\"ngg-image-358\" class=\"ngg-gallery-thumbnail-box\" >\n\t\t\t\t        <div class=\"ngg-gallery-thumbnail\">\n            <a href=\"http:\/\/www.karate-neuhofen.at\/wp-content\/gallery\/trainingslager-gnas-2014\/img_1359.jpg\"\n               title=\"\"\n               data-src=\"http:\/\/www.karate-neuhofen.at\/wp-content\/gallery\/trainingslager-gnas-2014\/img_1359.jpg\"\n               data-thumbnail=\"http:\/\/www.karate-neuhofen.at\/wp-content\/gallery\/trainingslager-gnas-2014\/thumbs\/thumbs_img_1359.jpg\"\n               data-image-id=\"6390\"\n               data-title=\"img_1359\"\n               data-description=\"\"\n               data-image-slug=\"img_1359\"\n               class=\"shutterset_ac4aa3065405eea2a5f91ba3c27290cd\">\n                <img\n                    title=\"img_1359\"\n                    alt=\"img_1359\"\n                    src=\"http:\/\/www.karate-neuhofen.at\/wp-content\/gallery\/trainingslager-gnas-2014\/thumbs\/thumbs_img_1359.jpg\"\n                    width=\"100\"\n                    height=\"66\"\n                    style=\"max-width:100%;\"\n                \/>\n            <\/a>\n        <\/div>\n\t\t\t\t\t\t\t<\/div> \n\t\t\t\n        \n\t\t\t\t<div id=\"ngg-image-359\" class=\"ngg-gallery-thumbnail-box\" >\n\t\t\t\t        <div class=\"ngg-gallery-thumbnail\">\n            <a href=\"http:\/\/www.karate-neuhofen.at\/wp-content\/gallery\/trainingslager-gnas-2014\/img_1360.jpg\"\n               title=\"\"\n               data-src=\"http:\/\/www.karate-neuhofen.at\/wp-content\/gallery\/trainingslager-gnas-2014\/img_1360.jpg\"\n               data-thumbnail=\"http:\/\/www.karate-neuhofen.at\/wp-content\/gallery\/trainingslager-gnas-2014\/thumbs\/thumbs_img_1360.jpg\"\n               data-image-id=\"6391\"\n               data-title=\"img_1360\"\n               data-description=\"\"\n               data-image-slug=\"img_1360\"\n               class=\"shutterset_ac4aa3065405eea2a5f91ba3c27290cd\">\n                <img\n                    title=\"img_1360\"\n                    alt=\"img_1360\"\n                    src=\"http:\/\/www.karate-neuhofen.at\/wp-content\/gallery\/trainingslager-gnas-2014\/thumbs\/thumbs_img_1360.jpg\"\n                    width=\"100\"\n                    height=\"66\"\n                    style=\"max-width:100%;\"\n                \/>\n            <\/a>\n        <\/div>\n\t\t\t\t\t\t\t<\/div> \n\t\t\t\n        \n\t\t\t\t<div id=\"ngg-image-360\" class=\"ngg-gallery-thumbnail-box\" >\n\t\t\t\t        <div class=\"ngg-gallery-thumbnail\">\n            <a href=\"http:\/\/www.karate-neuhofen.at\/wp-content\/gallery\/trainingslager-gnas-2014\/img_1361.jpg\"\n               title=\"\"\n               data-src=\"http:\/\/www.karate-neuhofen.at\/wp-content\/gallery\/trainingslager-gnas-2014\/img_1361.jpg\"\n               data-thumbnail=\"http:\/\/www.karate-neuhofen.at\/wp-content\/gallery\/trainingslager-gnas-2014\/thumbs\/thumbs_img_1361.jpg\"\n               data-image-id=\"6392\"\n               data-title=\"img_1361\"\n               data-description=\"\"\n               data-image-slug=\"img_1361\"\n               class=\"shutterset_ac4aa3065405eea2a5f91ba3c27290cd\">\n                <img\n                    title=\"img_1361\"\n                    alt=\"img_1361\"\n                    src=\"http:\/\/www.karate-neuhofen.at\/wp-content\/gallery\/trainingslager-gnas-2014\/thumbs\/thumbs_img_1361.jpg\"\n                    width=\"100\"\n                    height=\"66\"\n                    style=\"max-width:100%;\"\n                \/>\n            <\/a>\n        <\/div>\n\t\t\t\t\t\t\t<\/div> \n\t\t\t\n        \n\t\t\t\t<div id=\"ngg-image-361\" class=\"ngg-gallery-thumbnail-box\" >\n\t\t\t\t        <div class=\"ngg-gallery-thumbnail\">\n            <a href=\"http:\/\/www.karate-neuhofen.at\/wp-content\/gallery\/trainingslager-gnas-2014\/img_1362.jpg\"\n               title=\"\"\n               data-src=\"http:\/\/www.karate-neuhofen.at\/wp-content\/gallery\/trainingslager-gnas-2014\/img_1362.jpg\"\n               data-thumbnail=\"http:\/\/www.karate-neuhofen.at\/wp-content\/gallery\/trainingslager-gnas-2014\/thumbs\/thumbs_img_1362.jpg\"\n               data-image-id=\"6393\"\n               data-title=\"img_1362\"\n               data-description=\"\"\n               data-image-slug=\"img_1362\"\n               class=\"shutterset_ac4aa3065405eea2a5f91ba3c27290cd\">\n                <img\n                    title=\"img_1362\"\n                    alt=\"img_1362\"\n                    src=\"http:\/\/www.karate-neuhofen.at\/wp-content\/gallery\/trainingslager-gnas-2014\/thumbs\/thumbs_img_1362.jpg\"\n                    width=\"100\"\n                    height=\"66\"\n                    style=\"max-width:100%;\"\n                \/>\n            <\/a>\n        <\/div>\n\t\t\t\t\t\t\t<\/div> \n\t\t\t\n        \n\t\t\n\t\t<div class=\"ngg-clear\"><\/div>\n\t<\/div>\n<\/div>\n<\/div>\n","protected":false},"excerpt":{"rendered":"<p>Zum dritten Mal pilgerte heuer vom 29. Mai bis 1. Juni ein Gro\u00dfteil des Karatevereins Seibukan Neuhofen in die wundersch\u00f6ne S\u00fcdsteiermark um sich voller Elan seinem Lieblingssport zu widmen. Das Jufa Gnas mit all seinen Annehmlichkeiten und den auch heuer wieder am freien Freitagnachmittag genutzten Ausflugszielen (Schokofabrik Zotter, Styrassicpark, Vulcano Schinken Manufaktur, G\u00f6lles \u2026) ist [&hellip;]<\/p>\n","protected":false},"author":3,"featured_media":2284,"comment_status":"closed","ping_status":"closed","sticky":false,"template":"","format":"standard","meta":{"ngg_post_thumbnail":0},"categories":[14],"tags":[47],"_links":{"self":[{"href":"http:\/\/www.karate-neuhofen.at\/index.php?rest_route=\/wp\/v2\/posts\/2129"}],"collection":[{"href":"http:\/\/www.karate-neuhofen.at\/index.php?rest_route=\/wp\/v2\/posts"}],"about":[{"href":"http:\/\/www.karate-neuhofen.at\/index.php?rest_route=\/wp\/v2\/types\/post"}],"author":[{"embeddable":true,"href":"http:\/\/www.karate-neuhofen.at\/index.php?rest_route=\/wp\/v2\/users\/3"}],"replies":[{"embeddable":true,"href":"http:\/\/www.karate-neuhofen.at\/index.php?rest_route=%2Fwp%2Fv2%2Fcomments&post=2129"}],"version-history":[{"count":2,"href":"http:\/\/www.karate-neuhofen.at\/index.php?rest_route=\/wp\/v2\/posts\/2129\/revisions"}],"predecessor-version":[{"id":2132,"href":"http:\/\/www.karate-neuhofen.at\/index.php?rest_route=\/wp\/v2\/posts\/2129\/revisions\/2132"}],"wp:featuredmedia":[{"embeddable":true,"href":"http:\/\/www.karate-neuhofen.at\/index.php?rest_route=\/wp\/v2\/media\/2284"}],"wp:attachment":[{"href":"http:\/\/www.karate-neuhofen.at\/index.php?rest_route=%2Fwp%2Fv2%2Fmedia&parent=2129"}],"wp:term":[{"taxonomy":"category","embeddable":true,"href":"http:\/\/www.karate-neuhofen.at\/index.php?rest_route=%2Fwp%2Fv2%2Fcategories&post=2129"},{"taxonomy":"post_tag","embeddable":true,"href":"http:\/\/www.karate-neuhofen.at\/index.php?rest_route=%2Fwp%2Fv2%2Ftags&post=2129"}],"curies":[{"name":"wp","href":"https:\/\/api.w.org\/{rel}","templated":true}]}}