{"id":2202,"date":"2014-07-31T00:00:20","date_gmt":"2014-07-30T23:00:20","guid":{"rendered":"http:\/\/www.karate-neuhofen.at\/?p=2202"},"modified":"2014-09-28T20:34:01","modified_gmt":"2014-09-28T19:34:01","slug":"6-kamikaze-karte-sommercamp-2014","status":"publish","type":"post","link":"http:\/\/www.karate-neuhofen.at\/?p=2202","title":{"rendered":"6. Kamikaze Karate Sommercamp 2014"},"content":{"rendered":"<p>31.  Juli- 3. August 2014<br \/>\nAuch heuer wieder ein voller Erfolg! Das 6. Internationale Kamikaze Karate-Sommercamp veranstaltet von ASK\u00d6 Karate Sei Bu Kan Neuhofen unter der Leitung von Christian Ramsebner durfte sich \u00fcber eine weitere Steigerung der teilnehmenden Karatekas freuen!<br \/>\nDer Wettergott war erfreulicherweise auch gn\u00e4dig gestimmt. So konnten die f\u00fcnf Tage vor Beginn des Camps gestarteten Aufbauarbeiten wieder zeitgerecht abgeschlossen werden: Vom engagierten Camp Team wurde auch heuer voller Elan aufgebaut, organisiert, dekoriert, etliche Quadratmeter Kampffl\u00e4chen mit Matten gelegt, und die Camp K\u00fcche mit diesem Mal auf Asphalt erbautem gro\u00dfen Zelt eingerichtet werden. Teamgeist und Ausdauer bereits vor den Trainings!<br \/>\nSchon am Vortag durften wir auch die ersten G\u00e4ste begr\u00fc\u00dfen. Zelte rund ums Forum Neuhofen wurden aufgeschlagen, die beiden Turns\u00e4le der Hauptschule f\u00fcllten sich mit CampteilnehmerInnen und die ersten G\u00e4ste aus dem fernen Japan trafen ein.<br \/>\nAb Donnerstag ging`s dann wieder voll zur Sache und schon bei der offiziellen Er\u00f6ffnung unter Anwesenheit vieler wichtiger G\u00e4ste gab es eine gro\u00dfe \u00dcberraschung, die viele sehr erfreute. Dem Veranstalter und Leiter vom Verein Sei Bu Kan Neuhofen Christian Ramsebner wurden wegen besonderer Verdienste f\u00fcr den Karatesport vom \u00d6KB Pr\u00e4sidenten Konsulent Ing. Karl Hillinger der 2. DAN verliehen. Nach einigen einleitenden Worten startete dann das ersehnte Welcome-Training.<br \/>\nDanach konnte man wieder zwischen jeweils zwei verschieden Kumite- bzw. Kata- Trainings, abgestimmt auf die jeweilige Graduierung, parallel in vier Hallen w\u00e4hlen. So nutzten knappe 400 SportlerInnen die einmalige Gelegenheit mit weltbesten Trainern des Karatesports zu trainieren: Samad Azadi, (Deutschland), Seiji Nishimura und Kenji Hashimoto (Japan), Silvio Campari (Italien), Ayoub Neghliz (Frankreich), Mag. Ewald Roth, Dragan Leiler und Daniel Devigili (\u00d6sterreich) gaben wieder ihr Bestes um den lernhungrigen Karatekas Neues beizubringen bzw. Altes zu verfeinern.<br \/>\nDieses vielf\u00e4ltige Angebot lockte Sportler aus allen Ecken \u00d6sterreichs und auch aus anderen L\u00e4ndern (Italien, Schweiz, Deutschland, Slowenien, Rum\u00e4nien, Tschechien, Frankreich, Equador, und Japan ) an. Besondere Freude machte die Teilnahme namhafter Mitglieder des \u00f6sterreichischen Nationalteams (u.a. Bettina Plank, Nathalie Reiter, Simon Klausberger, Thomas Kaserer, und und und). Auch die Leistungszentren hielten heuer zwei LZ Trainings im Rahmen des Sommercamps mit Thomas Schell und Dragan Leiler ab.<br \/>\nMit gro\u00dfer Begeisterung wurde das, dieses Jahr neu am Programm stehende, Angebot an Tae Bo mit Alexandra Wittberger angenommen. So f\u00fcllte sich t\u00e4glich die Halle trotz eines anstrengenden Trainingstages um halb sieben am Abend noch einmal mit \u00fcber hundert Bewegungshungrigen, die sich auf das rhythmische und auspowernde Tae Bo freuten.<br \/>\nSensei Benj Lee aus der Schweiz erf\u00fcllte das Gel\u00e4nden wieder mit beschwingendem brasilianischem akustischem Flair und das zweimal am Tag abgehaltene Capoeira Training wurde wieder mit Begeisterung angenommen. Fr\u00fchaufsteher konnten sich mit Benj Lee mittels Qi Gong energetisch auf den Tag vorbereiten.<br \/>\nBo bei Meister Dr. Claus Fr\u00f6hlich rundete das vielseitige Angebot an Kampfsportarten wunderbar ab.<br \/>\nDie Neuhofner Kinder konnten im Rahmen des Ferienpasses nicht nur ins Karatetraining schnuppern, sondern auch in Capoeira und Bo erste Erfahrungen sammeln.<br \/>\nDie Shownight &#8222;Magic Karate Moments&#8220; die am Samstag, 2. August 2014 zum bereits zum 3. Mal stattfand, wurde wieder sehr gut besucht und gestattete vielen Interessierten einen spannenden sowie am\u00fcsanten Einblick in die Welt des Karates, Capoeiras und Kobudos! Eindrucksvolle Darbietungen, perfekte K\u00f6rper\u00fcbungen und auch lustige Sketches begeisterten die Zuseher. Beim im Rahmen des Events abgehaltenen 3. Energie AG Cup traten Kaderwettk\u00e4mpferInnen aus Tschechien, Italien, Deutschland, Frankreich, Japan und \u00d6sterreich gegeneinander an und rangen um Pokale und Medaillen.<br \/>\nKr\u00f6nender Abschluss stellte die anschlie\u00dfende Sayonara-Party dar. Zur Livemusik der Band &#8222;Nightfever&#8220; schwangen wieder alle Nationen das Tanzbein und lie\u00dfen die Geselligkeit hochleben.<br \/>\nAm Sonntag wurde dann noch einmal flei\u00dfig trainiert und ab Mittag begannen dann wieder nach vielen Abschiedsgr\u00fc\u00dfen und Wiedersehensversprechungen die Abbauarbeiten. Und mit Hilfe unserer Erhebungsb\u00f6gen richtet sich der Blick schon wieder auf ein n\u00e4chstes, hoffentlich genauso erfolgreiches und gelungenes 7.Camp\u2026wir freuen uns auf Euch \u2013 Oss!<\/p>\n<div>\n<div><!-- index.php -->\n<div\n\tclass=\"ngg-galleryoverview ngg-ajax-pagination-none\"\n\tid=\"ngg-gallery-a6d0251e289b9d2023c6d431c5710d04-1\">\n\n    \t<div class=\"slideshowlink\">\n        <a href='http:\/\/www.karate-neuhofen.at\/index.php\/nggallery\/slideshow?p=2202'>[Zeige eine Slideshow]<\/a>\n\t\t\n\t<\/div>\n\t\t\t<!-- Thumbnails -->\n\t\t\t\t<div id=\"ngg-image-0\" class=\"ngg-gallery-thumbnail-box\" >\n\t\t\t\t        <div class=\"ngg-gallery-thumbnail\">\n            <a href=\"http:\/\/www.karate-neuhofen.at\/wp-content\/gallery\/sommercamp-2014\/14606017110_fd70b9d5e3_o.jpg\"\n               title=\"\"\n               data-src=\"http:\/\/www.karate-neuhofen.at\/wp-content\/gallery\/sommercamp-2014\/14606017110_fd70b9d5e3_o.jpg\"\n               data-thumbnail=\"http:\/\/www.karate-neuhofen.at\/wp-content\/gallery\/sommercamp-2014\/thumbs\/thumbs_14606017110_fd70b9d5e3_o.jpg\"\n               data-image-id=\"6647\"\n               data-title=\"14606017110_fd70b9d5e3_o\"\n               data-description=\"\"\n               data-image-slug=\"14606017110_fd70b9d5e3_o\"\n               class=\"shutterset_a6d0251e289b9d2023c6d431c5710d04\">\n                <img\n                    title=\"14606017110_fd70b9d5e3_o\"\n                    alt=\"14606017110_fd70b9d5e3_o\"\n                    src=\"http:\/\/www.karate-neuhofen.at\/wp-content\/gallery\/sommercamp-2014\/thumbs\/thumbs_14606017110_fd70b9d5e3_o.jpg\"\n                    width=\"100\"\n                    height=\"66\"\n                    style=\"max-width:100%;\"\n                \/>\n            <\/a>\n        <\/div>\n\t\t\t\t\t\t\t<\/div> \n\t\t\t\n        \n\t\t\t\t<div id=\"ngg-image-1\" class=\"ngg-gallery-thumbnail-box\" >\n\t\t\t\t        <div class=\"ngg-gallery-thumbnail\">\n            <a href=\"http:\/\/www.karate-neuhofen.at\/wp-content\/gallery\/sommercamp-2014\/14606083369_359557a944_o.jpg\"\n               title=\"\"\n               data-src=\"http:\/\/www.karate-neuhofen.at\/wp-content\/gallery\/sommercamp-2014\/14606083369_359557a944_o.jpg\"\n               data-thumbnail=\"http:\/\/www.karate-neuhofen.at\/wp-content\/gallery\/sommercamp-2014\/thumbs\/thumbs_14606083369_359557a944_o.jpg\"\n               data-image-id=\"6648\"\n               data-title=\"14606083369_359557a944_o\"\n               data-description=\"\"\n               data-image-slug=\"14606083369_359557a944_o\"\n               class=\"shutterset_a6d0251e289b9d2023c6d431c5710d04\">\n                <img\n                    title=\"14606083369_359557a944_o\"\n                    alt=\"14606083369_359557a944_o\"\n                    src=\"http:\/\/www.karate-neuhofen.at\/wp-content\/gallery\/sommercamp-2014\/thumbs\/thumbs_14606083369_359557a944_o.jpg\"\n                    width=\"100\"\n                    height=\"33\"\n                    style=\"max-width:100%;\"\n                \/>\n            <\/a>\n        <\/div>\n\t\t\t\t\t\t\t<\/div> \n\t\t\t\n        \n\t\t\t\t<div id=\"ngg-image-2\" class=\"ngg-gallery-thumbnail-box\" >\n\t\t\t\t        <div class=\"ngg-gallery-thumbnail\">\n            <a href=\"http:\/\/www.karate-neuhofen.at\/wp-content\/gallery\/sommercamp-2014\/14606155339_a2001f5c2a_b.jpg\"\n               title=\"\"\n               data-src=\"http:\/\/www.karate-neuhofen.at\/wp-content\/gallery\/sommercamp-2014\/14606155339_a2001f5c2a_b.jpg\"\n               data-thumbnail=\"http:\/\/www.karate-neuhofen.at\/wp-content\/gallery\/sommercamp-2014\/thumbs\/thumbs_14606155339_a2001f5c2a_b.jpg\"\n               data-image-id=\"6650\"\n               data-title=\"14606155339_a2001f5c2a_b\"\n               data-description=\"\"\n               data-image-slug=\"14606155339_a2001f5c2a_b\"\n               class=\"shutterset_a6d0251e289b9d2023c6d431c5710d04\">\n                <img\n                    title=\"14606155339_a2001f5c2a_b\"\n                    alt=\"14606155339_a2001f5c2a_b\"\n                    src=\"http:\/\/www.karate-neuhofen.at\/wp-content\/gallery\/sommercamp-2014\/thumbs\/thumbs_14606155339_a2001f5c2a_b.jpg\"\n                    width=\"100\"\n                    height=\"66\"\n                    style=\"max-width:100%;\"\n                \/>\n            <\/a>\n        <\/div>\n\t\t\t\t\t\t\t<\/div> \n\t\t\t\n        \n\t\t\t\t<div id=\"ngg-image-3\" class=\"ngg-gallery-thumbnail-box\" >\n\t\t\t\t        <div class=\"ngg-gallery-thumbnail\">\n            <a href=\"http:\/\/www.karate-neuhofen.at\/wp-content\/gallery\/sommercamp-2014\/14606206577_4fd2c32d1e_o.jpg\"\n               title=\"\"\n               data-src=\"http:\/\/www.karate-neuhofen.at\/wp-content\/gallery\/sommercamp-2014\/14606206577_4fd2c32d1e_o.jpg\"\n               data-thumbnail=\"http:\/\/www.karate-neuhofen.at\/wp-content\/gallery\/sommercamp-2014\/thumbs\/thumbs_14606206577_4fd2c32d1e_o.jpg\"\n               data-image-id=\"6651\"\n               data-title=\"14606206577_4fd2c32d1e_o\"\n               data-description=\"\"\n               data-image-slug=\"14606206577_4fd2c32d1e_o\"\n               class=\"shutterset_a6d0251e289b9d2023c6d431c5710d04\">\n                <img\n                    title=\"14606206577_4fd2c32d1e_o\"\n                    alt=\"14606206577_4fd2c32d1e_o\"\n                    src=\"http:\/\/www.karate-neuhofen.at\/wp-content\/gallery\/sommercamp-2014\/thumbs\/thumbs_14606206577_4fd2c32d1e_o.jpg\"\n                    width=\"100\"\n                    height=\"66\"\n                    style=\"max-width:100%;\"\n                \/>\n            <\/a>\n        <\/div>\n\t\t\t\t\t\t\t<\/div> \n\t\t\t\n        \n\t\t\t\t<div id=\"ngg-image-4\" class=\"ngg-gallery-thumbnail-box\" >\n\t\t\t\t        <div class=\"ngg-gallery-thumbnail\">\n            <a href=\"http:\/\/www.karate-neuhofen.at\/wp-content\/gallery\/sommercamp-2014\/14606231697_41de41a5fe_o.jpg\"\n               title=\"\"\n               data-src=\"http:\/\/www.karate-neuhofen.at\/wp-content\/gallery\/sommercamp-2014\/14606231697_41de41a5fe_o.jpg\"\n               data-thumbnail=\"http:\/\/www.karate-neuhofen.at\/wp-content\/gallery\/sommercamp-2014\/thumbs\/thumbs_14606231697_41de41a5fe_o.jpg\"\n               data-image-id=\"6652\"\n               data-title=\"14606231697_41de41a5fe_o\"\n               data-description=\"\"\n               data-image-slug=\"14606231697_41de41a5fe_o\"\n               class=\"shutterset_a6d0251e289b9d2023c6d431c5710d04\">\n                <img\n                    title=\"14606231697_41de41a5fe_o\"\n                    alt=\"14606231697_41de41a5fe_o\"\n                    src=\"http:\/\/www.karate-neuhofen.at\/wp-content\/gallery\/sommercamp-2014\/thumbs\/thumbs_14606231697_41de41a5fe_o.jpg\"\n                    width=\"100\"\n                    height=\"33\"\n                    style=\"max-width:100%;\"\n                \/>\n            <\/a>\n        <\/div>\n\t\t\t\t\t\t\t<\/div> \n\t\t\t\n        \n\t\t\t\t<div id=\"ngg-image-5\" class=\"ngg-gallery-thumbnail-box\" >\n\t\t\t\t        <div class=\"ngg-gallery-thumbnail\">\n            <a href=\"http:\/\/www.karate-neuhofen.at\/wp-content\/gallery\/sommercamp-2014\/14606235387_a9070cfa24_o.jpg\"\n               title=\"\"\n               data-src=\"http:\/\/www.karate-neuhofen.at\/wp-content\/gallery\/sommercamp-2014\/14606235387_a9070cfa24_o.jpg\"\n               data-thumbnail=\"http:\/\/www.karate-neuhofen.at\/wp-content\/gallery\/sommercamp-2014\/thumbs\/thumbs_14606235387_a9070cfa24_o.jpg\"\n               data-image-id=\"6653\"\n               data-title=\"14606235387_a9070cfa24_o\"\n               data-description=\"\"\n               data-image-slug=\"14606235387_a9070cfa24_o\"\n               class=\"shutterset_a6d0251e289b9d2023c6d431c5710d04\">\n                <img\n                    title=\"14606235387_a9070cfa24_o\"\n                    alt=\"14606235387_a9070cfa24_o\"\n                    src=\"http:\/\/www.karate-neuhofen.at\/wp-content\/gallery\/sommercamp-2014\/thumbs\/thumbs_14606235387_a9070cfa24_o.jpg\"\n                    width=\"100\"\n                    height=\"66\"\n                    style=\"max-width:100%;\"\n                \/>\n            <\/a>\n        <\/div>\n\t\t\t\t\t\t\t<\/div> \n\t\t\t\n        \n\t\t\t\t<div id=\"ngg-image-6\" class=\"ngg-gallery-thumbnail-box\" >\n\t\t\t\t        <div class=\"ngg-gallery-thumbnail\">\n            <a href=\"http:\/\/www.karate-neuhofen.at\/wp-content\/gallery\/sommercamp-2014\/14606290077_c9e292072d_b.jpg\"\n               title=\"\"\n               data-src=\"http:\/\/www.karate-neuhofen.at\/wp-content\/gallery\/sommercamp-2014\/14606290077_c9e292072d_b.jpg\"\n               data-thumbnail=\"http:\/\/www.karate-neuhofen.at\/wp-content\/gallery\/sommercamp-2014\/thumbs\/thumbs_14606290077_c9e292072d_b.jpg\"\n               data-image-id=\"6654\"\n               data-title=\"14606290077_c9e292072d_b\"\n               data-description=\"\"\n               data-image-slug=\"14606290077_c9e292072d_b\"\n               class=\"shutterset_a6d0251e289b9d2023c6d431c5710d04\">\n                <img\n                    title=\"14606290077_c9e292072d_b\"\n                    alt=\"14606290077_c9e292072d_b\"\n                    src=\"http:\/\/www.karate-neuhofen.at\/wp-content\/gallery\/sommercamp-2014\/thumbs\/thumbs_14606290077_c9e292072d_b.jpg\"\n                    width=\"100\"\n                    height=\"46\"\n                    style=\"max-width:100%;\"\n                \/>\n            <\/a>\n        <\/div>\n\t\t\t\t\t\t\t<\/div> \n\t\t\t\n        \n\t\t\t\t<div id=\"ngg-image-7\" class=\"ngg-gallery-thumbnail-box\" >\n\t\t\t\t        <div class=\"ngg-gallery-thumbnail\">\n            <a href=\"http:\/\/www.karate-neuhofen.at\/wp-content\/gallery\/sommercamp-2014\/14769775186_5e10db6e91_b.jpg\"\n               title=\"\"\n               data-src=\"http:\/\/www.karate-neuhofen.at\/wp-content\/gallery\/sommercamp-2014\/14769775186_5e10db6e91_b.jpg\"\n               data-thumbnail=\"http:\/\/www.karate-neuhofen.at\/wp-content\/gallery\/sommercamp-2014\/thumbs\/thumbs_14769775186_5e10db6e91_b.jpg\"\n               data-image-id=\"6655\"\n               data-title=\"14769775186_5e10db6e91_b\"\n               data-description=\"\"\n               data-image-slug=\"14769775186_5e10db6e91_b\"\n               class=\"shutterset_a6d0251e289b9d2023c6d431c5710d04\">\n                <img\n                    title=\"14769775186_5e10db6e91_b\"\n                    alt=\"14769775186_5e10db6e91_b\"\n                    src=\"http:\/\/www.karate-neuhofen.at\/wp-content\/gallery\/sommercamp-2014\/thumbs\/thumbs_14769775186_5e10db6e91_b.jpg\"\n                    width=\"100\"\n                    height=\"66\"\n                    style=\"max-width:100%;\"\n                \/>\n            <\/a>\n        <\/div>\n\t\t\t\t\t\t\t<\/div> \n\t\t\t\n        \n\t\t\t\t<div id=\"ngg-image-8\" class=\"ngg-gallery-thumbnail-box\" >\n\t\t\t\t        <div class=\"ngg-gallery-thumbnail\">\n            <a href=\"http:\/\/www.karate-neuhofen.at\/wp-content\/gallery\/sommercamp-2014\/14789629631_361c130fbe_o.jpg\"\n               title=\"\"\n               data-src=\"http:\/\/www.karate-neuhofen.at\/wp-content\/gallery\/sommercamp-2014\/14789629631_361c130fbe_o.jpg\"\n               data-thumbnail=\"http:\/\/www.karate-neuhofen.at\/wp-content\/gallery\/sommercamp-2014\/thumbs\/thumbs_14789629631_361c130fbe_o.jpg\"\n               data-image-id=\"6656\"\n               data-title=\"14789629631_361c130fbe_o\"\n               data-description=\"\"\n               data-image-slug=\"14789629631_361c130fbe_o\"\n               class=\"shutterset_a6d0251e289b9d2023c6d431c5710d04\">\n                <img\n                    title=\"14789629631_361c130fbe_o\"\n                    alt=\"14789629631_361c130fbe_o\"\n                    src=\"http:\/\/www.karate-neuhofen.at\/wp-content\/gallery\/sommercamp-2014\/thumbs\/thumbs_14789629631_361c130fbe_o.jpg\"\n                    width=\"100\"\n                    height=\"66\"\n                    style=\"max-width:100%;\"\n                \/>\n            <\/a>\n        <\/div>\n\t\t\t\t\t\t\t<\/div> \n\t\t\t\n        \n\t\t\t\t<div id=\"ngg-image-9\" class=\"ngg-gallery-thumbnail-box\" >\n\t\t\t\t        <div class=\"ngg-gallery-thumbnail\">\n            <a href=\"http:\/\/www.karate-neuhofen.at\/wp-content\/gallery\/sommercamp-2014\/14792441232_f19fa6f181_b.jpg\"\n               title=\"\"\n               data-src=\"http:\/\/www.karate-neuhofen.at\/wp-content\/gallery\/sommercamp-2014\/14792441232_f19fa6f181_b.jpg\"\n               data-thumbnail=\"http:\/\/www.karate-neuhofen.at\/wp-content\/gallery\/sommercamp-2014\/thumbs\/thumbs_14792441232_f19fa6f181_b.jpg\"\n               data-image-id=\"6658\"\n               data-title=\"14792441232_f19fa6f181_b\"\n               data-description=\"\"\n               data-image-slug=\"14792441232_f19fa6f181_b\"\n               class=\"shutterset_a6d0251e289b9d2023c6d431c5710d04\">\n                <img\n                    title=\"14792441232_f19fa6f181_b\"\n                    alt=\"14792441232_f19fa6f181_b\"\n                    src=\"http:\/\/www.karate-neuhofen.at\/wp-content\/gallery\/sommercamp-2014\/thumbs\/thumbs_14792441232_f19fa6f181_b.jpg\"\n                    width=\"100\"\n                    height=\"68\"\n                    style=\"max-width:100%;\"\n                \/>\n            <\/a>\n        <\/div>\n\t\t\t\t\t\t\t<\/div> \n\t\t\t\n        \n\t\t\t\t<div id=\"ngg-image-10\" class=\"ngg-gallery-thumbnail-box\" >\n\t\t\t\t        <div class=\"ngg-gallery-thumbnail\">\n            <a href=\"http:\/\/www.karate-neuhofen.at\/wp-content\/gallery\/sommercamp-2014\/14792787885_b309f9b36d_b.jpg\"\n               title=\"\"\n               data-src=\"http:\/\/www.karate-neuhofen.at\/wp-content\/gallery\/sommercamp-2014\/14792787885_b309f9b36d_b.jpg\"\n               data-thumbnail=\"http:\/\/www.karate-neuhofen.at\/wp-content\/gallery\/sommercamp-2014\/thumbs\/thumbs_14792787885_b309f9b36d_b.jpg\"\n               data-image-id=\"6659\"\n               data-title=\"14792787885_b309f9b36d_b\"\n               data-description=\"\"\n               data-image-slug=\"14792787885_b309f9b36d_b\"\n               class=\"shutterset_a6d0251e289b9d2023c6d431c5710d04\">\n                <img\n                    title=\"14792787885_b309f9b36d_b\"\n                    alt=\"14792787885_b309f9b36d_b\"\n                    src=\"http:\/\/www.karate-neuhofen.at\/wp-content\/gallery\/sommercamp-2014\/thumbs\/thumbs_14792787885_b309f9b36d_b.jpg\"\n                    width=\"100\"\n                    height=\"66\"\n                    style=\"max-width:100%;\"\n                \/>\n            <\/a>\n        <\/div>\n\t\t\t\t\t\t\t<\/div> \n\t\t\t\n        \n\t\t\t\t<div id=\"ngg-image-11\" class=\"ngg-gallery-thumbnail-box\" >\n\t\t\t\t        <div class=\"ngg-gallery-thumbnail\">\n            <a href=\"http:\/\/www.karate-neuhofen.at\/wp-content\/gallery\/sommercamp-2014\/14792806315_fd566069ef_b.jpg\"\n               title=\"\"\n               data-src=\"http:\/\/www.karate-neuhofen.at\/wp-content\/gallery\/sommercamp-2014\/14792806315_fd566069ef_b.jpg\"\n               data-thumbnail=\"http:\/\/www.karate-neuhofen.at\/wp-content\/gallery\/sommercamp-2014\/thumbs\/thumbs_14792806315_fd566069ef_b.jpg\"\n               data-image-id=\"6660\"\n               data-title=\"14792806315_fd566069ef_b\"\n               data-description=\"\"\n               data-image-slug=\"14792806315_fd566069ef_b\"\n               class=\"shutterset_a6d0251e289b9d2023c6d431c5710d04\">\n                <img\n                    title=\"14792806315_fd566069ef_b\"\n                    alt=\"14792806315_fd566069ef_b\"\n                    src=\"http:\/\/www.karate-neuhofen.at\/wp-content\/gallery\/sommercamp-2014\/thumbs\/thumbs_14792806315_fd566069ef_b.jpg\"\n                    width=\"100\"\n                    height=\"29\"\n                    style=\"max-width:100%;\"\n                \/>\n            <\/a>\n        <\/div>\n\t\t\t\t\t\t\t<\/div> \n\t\t\t\n        \n\t\t\t\t<div id=\"ngg-image-12\" class=\"ngg-gallery-thumbnail-box\" >\n\t\t\t\t        <div class=\"ngg-gallery-thumbnail\">\n            <a href=\"http:\/\/www.karate-neuhofen.at\/wp-content\/gallery\/sommercamp-2014\/dsc_4788.jpg\"\n               title=\"\"\n               data-src=\"http:\/\/www.karate-neuhofen.at\/wp-content\/gallery\/sommercamp-2014\/dsc_4788.jpg\"\n               data-thumbnail=\"http:\/\/www.karate-neuhofen.at\/wp-content\/gallery\/sommercamp-2014\/thumbs\/thumbs_dsc_4788.jpg\"\n               data-image-id=\"6661\"\n               data-title=\"dsc_4788\"\n               data-description=\"\"\n               data-image-slug=\"dsc_4788\"\n               class=\"shutterset_a6d0251e289b9d2023c6d431c5710d04\">\n                <img\n                    title=\"dsc_4788\"\n                    alt=\"dsc_4788\"\n                    src=\"http:\/\/www.karate-neuhofen.at\/wp-content\/gallery\/sommercamp-2014\/thumbs\/thumbs_dsc_4788.jpg\"\n                    width=\"100\"\n                    height=\"66\"\n                    style=\"max-width:100%;\"\n                \/>\n            <\/a>\n        <\/div>\n\t\t\t\t\t\t\t<\/div> \n\t\t\t\n        \n\t\t\t\t<div id=\"ngg-image-13\" class=\"ngg-gallery-thumbnail-box\" >\n\t\t\t\t        <div class=\"ngg-gallery-thumbnail\">\n            <a href=\"http:\/\/www.karate-neuhofen.at\/wp-content\/gallery\/sommercamp-2014\/dsc_4789.jpg\"\n               title=\"\"\n               data-src=\"http:\/\/www.karate-neuhofen.at\/wp-content\/gallery\/sommercamp-2014\/dsc_4789.jpg\"\n               data-thumbnail=\"http:\/\/www.karate-neuhofen.at\/wp-content\/gallery\/sommercamp-2014\/thumbs\/thumbs_dsc_4789.jpg\"\n               data-image-id=\"6662\"\n               data-title=\"dsc_4789\"\n               data-description=\"\"\n               data-image-slug=\"dsc_4789\"\n               class=\"shutterset_a6d0251e289b9d2023c6d431c5710d04\">\n                <img\n                    title=\"dsc_4789\"\n                    alt=\"dsc_4789\"\n                    src=\"http:\/\/www.karate-neuhofen.at\/wp-content\/gallery\/sommercamp-2014\/thumbs\/thumbs_dsc_4789.jpg\"\n                    width=\"100\"\n                    height=\"66\"\n                    style=\"max-width:100%;\"\n                \/>\n            <\/a>\n        <\/div>\n\t\t\t\t\t\t\t<\/div> \n\t\t\t\n        \n\t\t\t\t<div id=\"ngg-image-14\" class=\"ngg-gallery-thumbnail-box\" >\n\t\t\t\t        <div class=\"ngg-gallery-thumbnail\">\n            <a href=\"http:\/\/www.karate-neuhofen.at\/wp-content\/gallery\/sommercamp-2014\/dsc_4790.jpg\"\n               title=\"\"\n               data-src=\"http:\/\/www.karate-neuhofen.at\/wp-content\/gallery\/sommercamp-2014\/dsc_4790.jpg\"\n               data-thumbnail=\"http:\/\/www.karate-neuhofen.at\/wp-content\/gallery\/sommercamp-2014\/thumbs\/thumbs_dsc_4790.jpg\"\n               data-image-id=\"6663\"\n               data-title=\"dsc_4790\"\n               data-description=\"\"\n               data-image-slug=\"dsc_4790\"\n               class=\"shutterset_a6d0251e289b9d2023c6d431c5710d04\">\n                <img\n                    title=\"dsc_4790\"\n                    alt=\"dsc_4790\"\n                    src=\"http:\/\/www.karate-neuhofen.at\/wp-content\/gallery\/sommercamp-2014\/thumbs\/thumbs_dsc_4790.jpg\"\n                    width=\"100\"\n                    height=\"66\"\n                    style=\"max-width:100%;\"\n                \/>\n            <\/a>\n        <\/div>\n\t\t\t\t\t\t\t<\/div> \n\t\t\t\n        \n\t\t\t\t<div id=\"ngg-image-15\" class=\"ngg-gallery-thumbnail-box\" >\n\t\t\t\t        <div class=\"ngg-gallery-thumbnail\">\n            <a href=\"http:\/\/www.karate-neuhofen.at\/wp-content\/gallery\/sommercamp-2014\/dsc_4791.jpg\"\n               title=\"\"\n               data-src=\"http:\/\/www.karate-neuhofen.at\/wp-content\/gallery\/sommercamp-2014\/dsc_4791.jpg\"\n               data-thumbnail=\"http:\/\/www.karate-neuhofen.at\/wp-content\/gallery\/sommercamp-2014\/thumbs\/thumbs_dsc_4791.jpg\"\n               data-image-id=\"6664\"\n               data-title=\"dsc_4791\"\n               data-description=\"\"\n               data-image-slug=\"dsc_4791\"\n               class=\"shutterset_a6d0251e289b9d2023c6d431c5710d04\">\n                <img\n                    title=\"dsc_4791\"\n                    alt=\"dsc_4791\"\n                    src=\"http:\/\/www.karate-neuhofen.at\/wp-content\/gallery\/sommercamp-2014\/thumbs\/thumbs_dsc_4791.jpg\"\n                    width=\"100\"\n                    height=\"66\"\n                    style=\"max-width:100%;\"\n                \/>\n            <\/a>\n        <\/div>\n\t\t\t\t\t\t\t<\/div> \n\t\t\t\n        \n\t\t\t\t<div id=\"ngg-image-16\" class=\"ngg-gallery-thumbnail-box\" >\n\t\t\t\t        <div class=\"ngg-gallery-thumbnail\">\n            <a href=\"http:\/\/www.karate-neuhofen.at\/wp-content\/gallery\/sommercamp-2014\/dsc_4792.jpg\"\n               title=\"\"\n               data-src=\"http:\/\/www.karate-neuhofen.at\/wp-content\/gallery\/sommercamp-2014\/dsc_4792.jpg\"\n               data-thumbnail=\"http:\/\/www.karate-neuhofen.at\/wp-content\/gallery\/sommercamp-2014\/thumbs\/thumbs_dsc_4792.jpg\"\n               data-image-id=\"6665\"\n               data-title=\"dsc_4792\"\n               data-description=\"\"\n               data-image-slug=\"dsc_4792\"\n               class=\"shutterset_a6d0251e289b9d2023c6d431c5710d04\">\n                <img\n                    title=\"dsc_4792\"\n                    alt=\"dsc_4792\"\n                    src=\"http:\/\/www.karate-neuhofen.at\/wp-content\/gallery\/sommercamp-2014\/thumbs\/thumbs_dsc_4792.jpg\"\n                    width=\"100\"\n                    height=\"66\"\n                    style=\"max-width:100%;\"\n                \/>\n            <\/a>\n        <\/div>\n\t\t\t\t\t\t\t<\/div> \n\t\t\t\n        \n\t\t\t\t<div id=\"ngg-image-17\" class=\"ngg-gallery-thumbnail-box\" >\n\t\t\t\t        <div class=\"ngg-gallery-thumbnail\">\n            <a href=\"http:\/\/www.karate-neuhofen.at\/wp-content\/gallery\/sommercamp-2014\/dsc_4794.jpg\"\n               title=\"\"\n               data-src=\"http:\/\/www.karate-neuhofen.at\/wp-content\/gallery\/sommercamp-2014\/dsc_4794.jpg\"\n               data-thumbnail=\"http:\/\/www.karate-neuhofen.at\/wp-content\/gallery\/sommercamp-2014\/thumbs\/thumbs_dsc_4794.jpg\"\n               data-image-id=\"6666\"\n               data-title=\"dsc_4794\"\n               data-description=\"\"\n               data-image-slug=\"dsc_4794\"\n               class=\"shutterset_a6d0251e289b9d2023c6d431c5710d04\">\n                <img\n                    title=\"dsc_4794\"\n                    alt=\"dsc_4794\"\n                    src=\"http:\/\/www.karate-neuhofen.at\/wp-content\/gallery\/sommercamp-2014\/thumbs\/thumbs_dsc_4794.jpg\"\n                    width=\"100\"\n                    height=\"66\"\n                    style=\"max-width:100%;\"\n                \/>\n            <\/a>\n        <\/div>\n\t\t\t\t\t\t\t<\/div> \n\t\t\t\n        \n\t\t\t\t<div id=\"ngg-image-18\" class=\"ngg-gallery-thumbnail-box\" >\n\t\t\t\t        <div class=\"ngg-gallery-thumbnail\">\n            <a href=\"http:\/\/www.karate-neuhofen.at\/wp-content\/gallery\/sommercamp-2014\/dsc_4797.jpg\"\n               title=\"\"\n               data-src=\"http:\/\/www.karate-neuhofen.at\/wp-content\/gallery\/sommercamp-2014\/dsc_4797.jpg\"\n               data-thumbnail=\"http:\/\/www.karate-neuhofen.at\/wp-content\/gallery\/sommercamp-2014\/thumbs\/thumbs_dsc_4797.jpg\"\n               data-image-id=\"6667\"\n               data-title=\"dsc_4797\"\n               data-description=\"\"\n               data-image-slug=\"dsc_4797\"\n               class=\"shutterset_a6d0251e289b9d2023c6d431c5710d04\">\n                <img\n                    title=\"dsc_4797\"\n                    alt=\"dsc_4797\"\n                    src=\"http:\/\/www.karate-neuhofen.at\/wp-content\/gallery\/sommercamp-2014\/thumbs\/thumbs_dsc_4797.jpg\"\n                    width=\"100\"\n                    height=\"66\"\n                    style=\"max-width:100%;\"\n                \/>\n            <\/a>\n        <\/div>\n\t\t\t\t\t\t\t<\/div> \n\t\t\t\n        \n\t\t\t\t<div id=\"ngg-image-19\" class=\"ngg-gallery-thumbnail-box\" >\n\t\t\t\t        <div class=\"ngg-gallery-thumbnail\">\n            <a href=\"http:\/\/www.karate-neuhofen.at\/wp-content\/gallery\/sommercamp-2014\/dsc_4798.jpg\"\n               title=\"\"\n               data-src=\"http:\/\/www.karate-neuhofen.at\/wp-content\/gallery\/sommercamp-2014\/dsc_4798.jpg\"\n               data-thumbnail=\"http:\/\/www.karate-neuhofen.at\/wp-content\/gallery\/sommercamp-2014\/thumbs\/thumbs_dsc_4798.jpg\"\n               data-image-id=\"6668\"\n               data-title=\"dsc_4798\"\n               data-description=\"\"\n               data-image-slug=\"dsc_4798\"\n               class=\"shutterset_a6d0251e289b9d2023c6d431c5710d04\">\n                <img\n                    title=\"dsc_4798\"\n                    alt=\"dsc_4798\"\n                    src=\"http:\/\/www.karate-neuhofen.at\/wp-content\/gallery\/sommercamp-2014\/thumbs\/thumbs_dsc_4798.jpg\"\n                    width=\"100\"\n                    height=\"66\"\n                    style=\"max-width:100%;\"\n                \/>\n            <\/a>\n        <\/div>\n\t\t\t\t\t\t\t<\/div> \n\t\t\t\n        \n\t\t\t\t<div id=\"ngg-image-20\" class=\"ngg-gallery-thumbnail-box\" >\n\t\t\t\t        <div class=\"ngg-gallery-thumbnail\">\n            <a href=\"http:\/\/www.karate-neuhofen.at\/wp-content\/gallery\/sommercamp-2014\/dsc_4801.jpg\"\n               title=\"\"\n               data-src=\"http:\/\/www.karate-neuhofen.at\/wp-content\/gallery\/sommercamp-2014\/dsc_4801.jpg\"\n               data-thumbnail=\"http:\/\/www.karate-neuhofen.at\/wp-content\/gallery\/sommercamp-2014\/thumbs\/thumbs_dsc_4801.jpg\"\n               data-image-id=\"6669\"\n               data-title=\"dsc_4801\"\n               data-description=\"\"\n               data-image-slug=\"dsc_4801\"\n               class=\"shutterset_a6d0251e289b9d2023c6d431c5710d04\">\n                <img\n                    title=\"dsc_4801\"\n                    alt=\"dsc_4801\"\n                    src=\"http:\/\/www.karate-neuhofen.at\/wp-content\/gallery\/sommercamp-2014\/thumbs\/thumbs_dsc_4801.jpg\"\n                    width=\"49\"\n                    height=\"75\"\n                    style=\"max-width:100%;\"\n                \/>\n            <\/a>\n        <\/div>\n\t\t\t\t\t\t\t<\/div> \n\t\t\t\n        \n\t\t\t\t<div id=\"ngg-image-21\" class=\"ngg-gallery-thumbnail-box\" >\n\t\t\t\t        <div class=\"ngg-gallery-thumbnail\">\n            <a href=\"http:\/\/www.karate-neuhofen.at\/wp-content\/gallery\/sommercamp-2014\/dsc_4803.jpg\"\n               title=\"\"\n               data-src=\"http:\/\/www.karate-neuhofen.at\/wp-content\/gallery\/sommercamp-2014\/dsc_4803.jpg\"\n               data-thumbnail=\"http:\/\/www.karate-neuhofen.at\/wp-content\/gallery\/sommercamp-2014\/thumbs\/thumbs_dsc_4803.jpg\"\n               data-image-id=\"6670\"\n               data-title=\"dsc_4803\"\n               data-description=\"\"\n               data-image-slug=\"dsc_4803\"\n               class=\"shutterset_a6d0251e289b9d2023c6d431c5710d04\">\n                <img\n                    title=\"dsc_4803\"\n                    alt=\"dsc_4803\"\n                    src=\"http:\/\/www.karate-neuhofen.at\/wp-content\/gallery\/sommercamp-2014\/thumbs\/thumbs_dsc_4803.jpg\"\n                    width=\"100\"\n                    height=\"66\"\n                    style=\"max-width:100%;\"\n                \/>\n            <\/a>\n        <\/div>\n\t\t\t\t\t\t\t<\/div> \n\t\t\t\n        \n\t\t\t\t<div id=\"ngg-image-22\" class=\"ngg-gallery-thumbnail-box\" >\n\t\t\t\t        <div class=\"ngg-gallery-thumbnail\">\n            <a href=\"http:\/\/www.karate-neuhofen.at\/wp-content\/gallery\/sommercamp-2014\/dsc_4804.jpg\"\n               title=\"\"\n               data-src=\"http:\/\/www.karate-neuhofen.at\/wp-content\/gallery\/sommercamp-2014\/dsc_4804.jpg\"\n               data-thumbnail=\"http:\/\/www.karate-neuhofen.at\/wp-content\/gallery\/sommercamp-2014\/thumbs\/thumbs_dsc_4804.jpg\"\n               data-image-id=\"6671\"\n               data-title=\"dsc_4804\"\n               data-description=\"\"\n               data-image-slug=\"dsc_4804\"\n               class=\"shutterset_a6d0251e289b9d2023c6d431c5710d04\">\n                <img\n                    title=\"dsc_4804\"\n                    alt=\"dsc_4804\"\n                    src=\"http:\/\/www.karate-neuhofen.at\/wp-content\/gallery\/sommercamp-2014\/thumbs\/thumbs_dsc_4804.jpg\"\n                    width=\"100\"\n                    height=\"66\"\n                    style=\"max-width:100%;\"\n                \/>\n            <\/a>\n        <\/div>\n\t\t\t\t\t\t\t<\/div> \n\t\t\t\n        \n\t\t\t\t<div id=\"ngg-image-23\" class=\"ngg-gallery-thumbnail-box\" >\n\t\t\t\t        <div class=\"ngg-gallery-thumbnail\">\n            <a href=\"http:\/\/www.karate-neuhofen.at\/wp-content\/gallery\/sommercamp-2014\/dsc_4806.jpg\"\n               title=\"\"\n               data-src=\"http:\/\/www.karate-neuhofen.at\/wp-content\/gallery\/sommercamp-2014\/dsc_4806.jpg\"\n               data-thumbnail=\"http:\/\/www.karate-neuhofen.at\/wp-content\/gallery\/sommercamp-2014\/thumbs\/thumbs_dsc_4806.jpg\"\n               data-image-id=\"6672\"\n               data-title=\"dsc_4806\"\n               data-description=\"\"\n               data-image-slug=\"dsc_4806\"\n               class=\"shutterset_a6d0251e289b9d2023c6d431c5710d04\">\n                <img\n                    title=\"dsc_4806\"\n                    alt=\"dsc_4806\"\n                    src=\"http:\/\/www.karate-neuhofen.at\/wp-content\/gallery\/sommercamp-2014\/thumbs\/thumbs_dsc_4806.jpg\"\n                    width=\"100\"\n                    height=\"66\"\n                    style=\"max-width:100%;\"\n                \/>\n            <\/a>\n        <\/div>\n\t\t\t\t\t\t\t<\/div> \n\t\t\t\n        \n\t\t\t\t<div id=\"ngg-image-24\" class=\"ngg-gallery-thumbnail-box\" >\n\t\t\t\t        <div class=\"ngg-gallery-thumbnail\">\n            <a href=\"http:\/\/www.karate-neuhofen.at\/wp-content\/gallery\/sommercamp-2014\/dsc_4808.jpg\"\n               title=\"\"\n               data-src=\"http:\/\/www.karate-neuhofen.at\/wp-content\/gallery\/sommercamp-2014\/dsc_4808.jpg\"\n               data-thumbnail=\"http:\/\/www.karate-neuhofen.at\/wp-content\/gallery\/sommercamp-2014\/thumbs\/thumbs_dsc_4808.jpg\"\n               data-image-id=\"6673\"\n               data-title=\"dsc_4808\"\n               data-description=\"\"\n               data-image-slug=\"dsc_4808\"\n               class=\"shutterset_a6d0251e289b9d2023c6d431c5710d04\">\n                <img\n                    title=\"dsc_4808\"\n                    alt=\"dsc_4808\"\n                    src=\"http:\/\/www.karate-neuhofen.at\/wp-content\/gallery\/sommercamp-2014\/thumbs\/thumbs_dsc_4808.jpg\"\n                    width=\"100\"\n                    height=\"66\"\n                    style=\"max-width:100%;\"\n                \/>\n            <\/a>\n        <\/div>\n\t\t\t\t\t\t\t<\/div> \n\t\t\t\n        \n\t\t\t\t<div id=\"ngg-image-25\" class=\"ngg-gallery-thumbnail-box\" >\n\t\t\t\t        <div class=\"ngg-gallery-thumbnail\">\n            <a href=\"http:\/\/www.karate-neuhofen.at\/wp-content\/gallery\/sommercamp-2014\/dsc_4811.jpg\"\n               title=\"\"\n               data-src=\"http:\/\/www.karate-neuhofen.at\/wp-content\/gallery\/sommercamp-2014\/dsc_4811.jpg\"\n               data-thumbnail=\"http:\/\/www.karate-neuhofen.at\/wp-content\/gallery\/sommercamp-2014\/thumbs\/thumbs_dsc_4811.jpg\"\n               data-image-id=\"6674\"\n               data-title=\"dsc_4811\"\n               data-description=\"\"\n               data-image-slug=\"dsc_4811\"\n               class=\"shutterset_a6d0251e289b9d2023c6d431c5710d04\">\n                <img\n                    title=\"dsc_4811\"\n                    alt=\"dsc_4811\"\n                    src=\"http:\/\/www.karate-neuhofen.at\/wp-content\/gallery\/sommercamp-2014\/thumbs\/thumbs_dsc_4811.jpg\"\n                    width=\"49\"\n                    height=\"75\"\n                    style=\"max-width:100%;\"\n                \/>\n            <\/a>\n        <\/div>\n\t\t\t\t\t\t\t<\/div> \n\t\t\t\n        \n\t\t\t\t<div id=\"ngg-image-26\" class=\"ngg-gallery-thumbnail-box\" >\n\t\t\t\t        <div class=\"ngg-gallery-thumbnail\">\n            <a href=\"http:\/\/www.karate-neuhofen.at\/wp-content\/gallery\/sommercamp-2014\/dsc_4813.jpg\"\n               title=\"\"\n               data-src=\"http:\/\/www.karate-neuhofen.at\/wp-content\/gallery\/sommercamp-2014\/dsc_4813.jpg\"\n               data-thumbnail=\"http:\/\/www.karate-neuhofen.at\/wp-content\/gallery\/sommercamp-2014\/thumbs\/thumbs_dsc_4813.jpg\"\n               data-image-id=\"6675\"\n               data-title=\"dsc_4813\"\n               data-description=\"\"\n               data-image-slug=\"dsc_4813\"\n               class=\"shutterset_a6d0251e289b9d2023c6d431c5710d04\">\n                <img\n                    title=\"dsc_4813\"\n                    alt=\"dsc_4813\"\n                    src=\"http:\/\/www.karate-neuhofen.at\/wp-content\/gallery\/sommercamp-2014\/thumbs\/thumbs_dsc_4813.jpg\"\n                    width=\"100\"\n                    height=\"66\"\n                    style=\"max-width:100%;\"\n                \/>\n            <\/a>\n        <\/div>\n\t\t\t\t\t\t\t<\/div> \n\t\t\t\n        \n\t\t\t\t<div id=\"ngg-image-27\" class=\"ngg-gallery-thumbnail-box\" >\n\t\t\t\t        <div class=\"ngg-gallery-thumbnail\">\n            <a href=\"http:\/\/www.karate-neuhofen.at\/wp-content\/gallery\/sommercamp-2014\/dsc_4814.jpg\"\n               title=\"\"\n               data-src=\"http:\/\/www.karate-neuhofen.at\/wp-content\/gallery\/sommercamp-2014\/dsc_4814.jpg\"\n               data-thumbnail=\"http:\/\/www.karate-neuhofen.at\/wp-content\/gallery\/sommercamp-2014\/thumbs\/thumbs_dsc_4814.jpg\"\n               data-image-id=\"6676\"\n               data-title=\"dsc_4814\"\n               data-description=\"\"\n               data-image-slug=\"dsc_4814\"\n               class=\"shutterset_a6d0251e289b9d2023c6d431c5710d04\">\n                <img\n                    title=\"dsc_4814\"\n                    alt=\"dsc_4814\"\n                    src=\"http:\/\/www.karate-neuhofen.at\/wp-content\/gallery\/sommercamp-2014\/thumbs\/thumbs_dsc_4814.jpg\"\n                    width=\"100\"\n                    height=\"66\"\n                    style=\"max-width:100%;\"\n                \/>\n            <\/a>\n        <\/div>\n\t\t\t\t\t\t\t<\/div> \n\t\t\t\n        \n\t\t\t\t<div id=\"ngg-image-28\" class=\"ngg-gallery-thumbnail-box\" >\n\t\t\t\t        <div class=\"ngg-gallery-thumbnail\">\n            <a href=\"http:\/\/www.karate-neuhofen.at\/wp-content\/gallery\/sommercamp-2014\/dsc_4820.jpg\"\n               title=\"\"\n               data-src=\"http:\/\/www.karate-neuhofen.at\/wp-content\/gallery\/sommercamp-2014\/dsc_4820.jpg\"\n               data-thumbnail=\"http:\/\/www.karate-neuhofen.at\/wp-content\/gallery\/sommercamp-2014\/thumbs\/thumbs_dsc_4820.jpg\"\n               data-image-id=\"6677\"\n               data-title=\"dsc_4820\"\n               data-description=\"\"\n               data-image-slug=\"dsc_4820\"\n               class=\"shutterset_a6d0251e289b9d2023c6d431c5710d04\">\n                <img\n                    title=\"dsc_4820\"\n                    alt=\"dsc_4820\"\n                    src=\"http:\/\/www.karate-neuhofen.at\/wp-content\/gallery\/sommercamp-2014\/thumbs\/thumbs_dsc_4820.jpg\"\n                    width=\"100\"\n                    height=\"66\"\n                    style=\"max-width:100%;\"\n                \/>\n            <\/a>\n        <\/div>\n\t\t\t\t\t\t\t<\/div> \n\t\t\t\n        \n\t\t\t\t<div id=\"ngg-image-29\" class=\"ngg-gallery-thumbnail-box\" >\n\t\t\t\t        <div class=\"ngg-gallery-thumbnail\">\n            <a href=\"http:\/\/www.karate-neuhofen.at\/wp-content\/gallery\/sommercamp-2014\/dsc_4821.jpg\"\n               title=\"\"\n               data-src=\"http:\/\/www.karate-neuhofen.at\/wp-content\/gallery\/sommercamp-2014\/dsc_4821.jpg\"\n               data-thumbnail=\"http:\/\/www.karate-neuhofen.at\/wp-content\/gallery\/sommercamp-2014\/thumbs\/thumbs_dsc_4821.jpg\"\n               data-image-id=\"6678\"\n               data-title=\"dsc_4821\"\n               data-description=\"\"\n               data-image-slug=\"dsc_4821\"\n               class=\"shutterset_a6d0251e289b9d2023c6d431c5710d04\">\n                <img\n                    title=\"dsc_4821\"\n                    alt=\"dsc_4821\"\n                    src=\"http:\/\/www.karate-neuhofen.at\/wp-content\/gallery\/sommercamp-2014\/thumbs\/thumbs_dsc_4821.jpg\"\n                    width=\"100\"\n                    height=\"66\"\n                    style=\"max-width:100%;\"\n                \/>\n            <\/a>\n        <\/div>\n\t\t\t\t\t\t\t<\/div> \n\t\t\t\n        \n\t\t\t\t<div id=\"ngg-image-30\" class=\"ngg-gallery-thumbnail-box\" >\n\t\t\t\t        <div class=\"ngg-gallery-thumbnail\">\n            <a href=\"http:\/\/www.karate-neuhofen.at\/wp-content\/gallery\/sommercamp-2014\/dsc_4823.jpg\"\n               title=\"\"\n               data-src=\"http:\/\/www.karate-neuhofen.at\/wp-content\/gallery\/sommercamp-2014\/dsc_4823.jpg\"\n               data-thumbnail=\"http:\/\/www.karate-neuhofen.at\/wp-content\/gallery\/sommercamp-2014\/thumbs\/thumbs_dsc_4823.jpg\"\n               data-image-id=\"6679\"\n               data-title=\"dsc_4823\"\n               data-description=\"\"\n               data-image-slug=\"dsc_4823\"\n               class=\"shutterset_a6d0251e289b9d2023c6d431c5710d04\">\n                <img\n                    title=\"dsc_4823\"\n                    alt=\"dsc_4823\"\n                    src=\"http:\/\/www.karate-neuhofen.at\/wp-content\/gallery\/sommercamp-2014\/thumbs\/thumbs_dsc_4823.jpg\"\n                    width=\"100\"\n                    height=\"66\"\n                    style=\"max-width:100%;\"\n                \/>\n            <\/a>\n        <\/div>\n\t\t\t\t\t\t\t<\/div> \n\t\t\t\n        \n\t\t\t\t<div id=\"ngg-image-31\" class=\"ngg-gallery-thumbnail-box\" >\n\t\t\t\t        <div class=\"ngg-gallery-thumbnail\">\n            <a href=\"http:\/\/www.karate-neuhofen.at\/wp-content\/gallery\/sommercamp-2014\/dsc_4824.jpg\"\n               title=\"\"\n               data-src=\"http:\/\/www.karate-neuhofen.at\/wp-content\/gallery\/sommercamp-2014\/dsc_4824.jpg\"\n               data-thumbnail=\"http:\/\/www.karate-neuhofen.at\/wp-content\/gallery\/sommercamp-2014\/thumbs\/thumbs_dsc_4824.jpg\"\n               data-image-id=\"6680\"\n               data-title=\"dsc_4824\"\n               data-description=\"\"\n               data-image-slug=\"dsc_4824\"\n               class=\"shutterset_a6d0251e289b9d2023c6d431c5710d04\">\n                <img\n                    title=\"dsc_4824\"\n                    alt=\"dsc_4824\"\n                    src=\"http:\/\/www.karate-neuhofen.at\/wp-content\/gallery\/sommercamp-2014\/thumbs\/thumbs_dsc_4824.jpg\"\n                    width=\"100\"\n                    height=\"66\"\n                    style=\"max-width:100%;\"\n                \/>\n            <\/a>\n        <\/div>\n\t\t\t\t\t\t\t<\/div> \n\t\t\t\n        \n\t\t\t\t<div id=\"ngg-image-32\" class=\"ngg-gallery-thumbnail-box\" >\n\t\t\t\t        <div class=\"ngg-gallery-thumbnail\">\n            <a href=\"http:\/\/www.karate-neuhofen.at\/wp-content\/gallery\/sommercamp-2014\/dsc_4829.jpg\"\n               title=\"\"\n               data-src=\"http:\/\/www.karate-neuhofen.at\/wp-content\/gallery\/sommercamp-2014\/dsc_4829.jpg\"\n               data-thumbnail=\"http:\/\/www.karate-neuhofen.at\/wp-content\/gallery\/sommercamp-2014\/thumbs\/thumbs_dsc_4829.jpg\"\n               data-image-id=\"6681\"\n               data-title=\"dsc_4829\"\n               data-description=\"\"\n               data-image-slug=\"dsc_4829\"\n               class=\"shutterset_a6d0251e289b9d2023c6d431c5710d04\">\n                <img\n                    title=\"dsc_4829\"\n                    alt=\"dsc_4829\"\n                    src=\"http:\/\/www.karate-neuhofen.at\/wp-content\/gallery\/sommercamp-2014\/thumbs\/thumbs_dsc_4829.jpg\"\n                    width=\"49\"\n                    height=\"75\"\n                    style=\"max-width:100%;\"\n                \/>\n            <\/a>\n        <\/div>\n\t\t\t\t\t\t\t<\/div> \n\t\t\t\n        \n\t\t\t\t<div id=\"ngg-image-33\" class=\"ngg-gallery-thumbnail-box\" >\n\t\t\t\t        <div class=\"ngg-gallery-thumbnail\">\n            <a href=\"http:\/\/www.karate-neuhofen.at\/wp-content\/gallery\/sommercamp-2014\/dsc_4830.jpg\"\n               title=\"\"\n               data-src=\"http:\/\/www.karate-neuhofen.at\/wp-content\/gallery\/sommercamp-2014\/dsc_4830.jpg\"\n               data-thumbnail=\"http:\/\/www.karate-neuhofen.at\/wp-content\/gallery\/sommercamp-2014\/thumbs\/thumbs_dsc_4830.jpg\"\n               data-image-id=\"6682\"\n               data-title=\"dsc_4830\"\n               data-description=\"\"\n               data-image-slug=\"dsc_4830\"\n               class=\"shutterset_a6d0251e289b9d2023c6d431c5710d04\">\n                <img\n                    title=\"dsc_4830\"\n                    alt=\"dsc_4830\"\n                    src=\"http:\/\/www.karate-neuhofen.at\/wp-content\/gallery\/sommercamp-2014\/thumbs\/thumbs_dsc_4830.jpg\"\n                    width=\"100\"\n                    height=\"66\"\n                    style=\"max-width:100%;\"\n                \/>\n            <\/a>\n        <\/div>\n\t\t\t\t\t\t\t<\/div> \n\t\t\t\n        \n\t\t\t\t<div id=\"ngg-image-34\" class=\"ngg-gallery-thumbnail-box\" >\n\t\t\t\t        <div class=\"ngg-gallery-thumbnail\">\n            <a href=\"http:\/\/www.karate-neuhofen.at\/wp-content\/gallery\/sommercamp-2014\/dsc_4832.jpg\"\n               title=\"\"\n               data-src=\"http:\/\/www.karate-neuhofen.at\/wp-content\/gallery\/sommercamp-2014\/dsc_4832.jpg\"\n               data-thumbnail=\"http:\/\/www.karate-neuhofen.at\/wp-content\/gallery\/sommercamp-2014\/thumbs\/thumbs_dsc_4832.jpg\"\n               data-image-id=\"6683\"\n               data-title=\"dsc_4832\"\n               data-description=\"\"\n               data-image-slug=\"dsc_4832\"\n               class=\"shutterset_a6d0251e289b9d2023c6d431c5710d04\">\n                <img\n                    title=\"dsc_4832\"\n                    alt=\"dsc_4832\"\n                    src=\"http:\/\/www.karate-neuhofen.at\/wp-content\/gallery\/sommercamp-2014\/thumbs\/thumbs_dsc_4832.jpg\"\n                    width=\"100\"\n                    height=\"66\"\n                    style=\"max-width:100%;\"\n                \/>\n            <\/a>\n        <\/div>\n\t\t\t\t\t\t\t<\/div> \n\t\t\t\n        \n\t\t\t\t<div id=\"ngg-image-35\" class=\"ngg-gallery-thumbnail-box\" >\n\t\t\t\t        <div class=\"ngg-gallery-thumbnail\">\n            <a href=\"http:\/\/www.karate-neuhofen.at\/wp-content\/gallery\/sommercamp-2014\/dsc_4835.jpg\"\n               title=\"\"\n               data-src=\"http:\/\/www.karate-neuhofen.at\/wp-content\/gallery\/sommercamp-2014\/dsc_4835.jpg\"\n               data-thumbnail=\"http:\/\/www.karate-neuhofen.at\/wp-content\/gallery\/sommercamp-2014\/thumbs\/thumbs_dsc_4835.jpg\"\n               data-image-id=\"6685\"\n               data-title=\"dsc_4835\"\n               data-description=\"\"\n               data-image-slug=\"dsc_4835\"\n               class=\"shutterset_a6d0251e289b9d2023c6d431c5710d04\">\n                <img\n                    title=\"dsc_4835\"\n                    alt=\"dsc_4835\"\n                    src=\"http:\/\/www.karate-neuhofen.at\/wp-content\/gallery\/sommercamp-2014\/thumbs\/thumbs_dsc_4835.jpg\"\n                    width=\"100\"\n                    height=\"66\"\n                    style=\"max-width:100%;\"\n                \/>\n            <\/a>\n        <\/div>\n\t\t\t\t\t\t\t<\/div> \n\t\t\t\n        \n\t\t\t\t<div id=\"ngg-image-36\" class=\"ngg-gallery-thumbnail-box\" >\n\t\t\t\t        <div class=\"ngg-gallery-thumbnail\">\n            <a href=\"http:\/\/www.karate-neuhofen.at\/wp-content\/gallery\/sommercamp-2014\/dsc_4843.jpg\"\n               title=\"\"\n               data-src=\"http:\/\/www.karate-neuhofen.at\/wp-content\/gallery\/sommercamp-2014\/dsc_4843.jpg\"\n               data-thumbnail=\"http:\/\/www.karate-neuhofen.at\/wp-content\/gallery\/sommercamp-2014\/thumbs\/thumbs_dsc_4843.jpg\"\n               data-image-id=\"6686\"\n               data-title=\"dsc_4843\"\n               data-description=\"\"\n               data-image-slug=\"dsc_4843\"\n               class=\"shutterset_a6d0251e289b9d2023c6d431c5710d04\">\n                <img\n                    title=\"dsc_4843\"\n                    alt=\"dsc_4843\"\n                    src=\"http:\/\/www.karate-neuhofen.at\/wp-content\/gallery\/sommercamp-2014\/thumbs\/thumbs_dsc_4843.jpg\"\n                    width=\"100\"\n                    height=\"66\"\n                    style=\"max-width:100%;\"\n                \/>\n            <\/a>\n        <\/div>\n\t\t\t\t\t\t\t<\/div> \n\t\t\t\n        \n\t\t\t\t<div id=\"ngg-image-37\" class=\"ngg-gallery-thumbnail-box\" >\n\t\t\t\t        <div class=\"ngg-gallery-thumbnail\">\n            <a href=\"http:\/\/www.karate-neuhofen.at\/wp-content\/gallery\/sommercamp-2014\/dsc_4852.jpg\"\n               title=\"\"\n               data-src=\"http:\/\/www.karate-neuhofen.at\/wp-content\/gallery\/sommercamp-2014\/dsc_4852.jpg\"\n               data-thumbnail=\"http:\/\/www.karate-neuhofen.at\/wp-content\/gallery\/sommercamp-2014\/thumbs\/thumbs_dsc_4852.jpg\"\n               data-image-id=\"6687\"\n               data-title=\"dsc_4852\"\n               data-description=\"\"\n               data-image-slug=\"dsc_4852\"\n               class=\"shutterset_a6d0251e289b9d2023c6d431c5710d04\">\n                <img\n                    title=\"dsc_4852\"\n                    alt=\"dsc_4852\"\n                    src=\"http:\/\/www.karate-neuhofen.at\/wp-content\/gallery\/sommercamp-2014\/thumbs\/thumbs_dsc_4852.jpg\"\n                    width=\"49\"\n                    height=\"75\"\n                    style=\"max-width:100%;\"\n                \/>\n            <\/a>\n        <\/div>\n\t\t\t\t\t\t\t<\/div> \n\t\t\t\n        \n\t\t\t\t<div id=\"ngg-image-38\" class=\"ngg-gallery-thumbnail-box\" >\n\t\t\t\t        <div class=\"ngg-gallery-thumbnail\">\n            <a href=\"http:\/\/www.karate-neuhofen.at\/wp-content\/gallery\/sommercamp-2014\/dsc_4853.jpg\"\n               title=\"\"\n               data-src=\"http:\/\/www.karate-neuhofen.at\/wp-content\/gallery\/sommercamp-2014\/dsc_4853.jpg\"\n               data-thumbnail=\"http:\/\/www.karate-neuhofen.at\/wp-content\/gallery\/sommercamp-2014\/thumbs\/thumbs_dsc_4853.jpg\"\n               data-image-id=\"6688\"\n               data-title=\"dsc_4853\"\n               data-description=\"\"\n               data-image-slug=\"dsc_4853\"\n               class=\"shutterset_a6d0251e289b9d2023c6d431c5710d04\">\n                <img\n                    title=\"dsc_4853\"\n                    alt=\"dsc_4853\"\n                    src=\"http:\/\/www.karate-neuhofen.at\/wp-content\/gallery\/sommercamp-2014\/thumbs\/thumbs_dsc_4853.jpg\"\n                    width=\"49\"\n                    height=\"75\"\n                    style=\"max-width:100%;\"\n                \/>\n            <\/a>\n        <\/div>\n\t\t\t\t\t\t\t<\/div> \n\t\t\t\n        \n\t\t\t\t<div id=\"ngg-image-39\" class=\"ngg-gallery-thumbnail-box\" >\n\t\t\t\t        <div class=\"ngg-gallery-thumbnail\">\n            <a href=\"http:\/\/www.karate-neuhofen.at\/wp-content\/gallery\/sommercamp-2014\/dsc_4854.jpg\"\n               title=\"\"\n               data-src=\"http:\/\/www.karate-neuhofen.at\/wp-content\/gallery\/sommercamp-2014\/dsc_4854.jpg\"\n               data-thumbnail=\"http:\/\/www.karate-neuhofen.at\/wp-content\/gallery\/sommercamp-2014\/thumbs\/thumbs_dsc_4854.jpg\"\n               data-image-id=\"6689\"\n               data-title=\"dsc_4854\"\n               data-description=\"\"\n               data-image-slug=\"dsc_4854\"\n               class=\"shutterset_a6d0251e289b9d2023c6d431c5710d04\">\n                <img\n                    title=\"dsc_4854\"\n                    alt=\"dsc_4854\"\n                    src=\"http:\/\/www.karate-neuhofen.at\/wp-content\/gallery\/sommercamp-2014\/thumbs\/thumbs_dsc_4854.jpg\"\n                    width=\"49\"\n                    height=\"75\"\n                    style=\"max-width:100%;\"\n                \/>\n            <\/a>\n        <\/div>\n\t\t\t\t\t\t\t<\/div> \n\t\t\t\n        \n\t\t\t\t<div id=\"ngg-image-40\" class=\"ngg-gallery-thumbnail-box\" >\n\t\t\t\t        <div class=\"ngg-gallery-thumbnail\">\n            <a href=\"http:\/\/www.karate-neuhofen.at\/wp-content\/gallery\/sommercamp-2014\/dsc_4857.jpg\"\n               title=\"\"\n               data-src=\"http:\/\/www.karate-neuhofen.at\/wp-content\/gallery\/sommercamp-2014\/dsc_4857.jpg\"\n               data-thumbnail=\"http:\/\/www.karate-neuhofen.at\/wp-content\/gallery\/sommercamp-2014\/thumbs\/thumbs_dsc_4857.jpg\"\n               data-image-id=\"6690\"\n               data-title=\"dsc_4857\"\n               data-description=\"\"\n               data-image-slug=\"dsc_4857\"\n               class=\"shutterset_a6d0251e289b9d2023c6d431c5710d04\">\n                <img\n                    title=\"dsc_4857\"\n                    alt=\"dsc_4857\"\n                    src=\"http:\/\/www.karate-neuhofen.at\/wp-content\/gallery\/sommercamp-2014\/thumbs\/thumbs_dsc_4857.jpg\"\n                    width=\"49\"\n                    height=\"75\"\n                    style=\"max-width:100%;\"\n                \/>\n            <\/a>\n        <\/div>\n\t\t\t\t\t\t\t<\/div> \n\t\t\t\n        \n\t\t\t\t<div id=\"ngg-image-41\" class=\"ngg-gallery-thumbnail-box\" >\n\t\t\t\t        <div class=\"ngg-gallery-thumbnail\">\n            <a href=\"http:\/\/www.karate-neuhofen.at\/wp-content\/gallery\/sommercamp-2014\/dsc_4858.jpg\"\n               title=\"\"\n               data-src=\"http:\/\/www.karate-neuhofen.at\/wp-content\/gallery\/sommercamp-2014\/dsc_4858.jpg\"\n               data-thumbnail=\"http:\/\/www.karate-neuhofen.at\/wp-content\/gallery\/sommercamp-2014\/thumbs\/thumbs_dsc_4858.jpg\"\n               data-image-id=\"6691\"\n               data-title=\"dsc_4858\"\n               data-description=\"\"\n               data-image-slug=\"dsc_4858\"\n               class=\"shutterset_a6d0251e289b9d2023c6d431c5710d04\">\n                <img\n                    title=\"dsc_4858\"\n                    alt=\"dsc_4858\"\n                    src=\"http:\/\/www.karate-neuhofen.at\/wp-content\/gallery\/sommercamp-2014\/thumbs\/thumbs_dsc_4858.jpg\"\n                    width=\"100\"\n                    height=\"66\"\n                    style=\"max-width:100%;\"\n                \/>\n            <\/a>\n        <\/div>\n\t\t\t\t\t\t\t<\/div> \n\t\t\t\n        \n\t\t\t\t<div id=\"ngg-image-42\" class=\"ngg-gallery-thumbnail-box\" >\n\t\t\t\t        <div class=\"ngg-gallery-thumbnail\">\n            <a href=\"http:\/\/www.karate-neuhofen.at\/wp-content\/gallery\/sommercamp-2014\/dsc_4861.jpg\"\n               title=\"\"\n               data-src=\"http:\/\/www.karate-neuhofen.at\/wp-content\/gallery\/sommercamp-2014\/dsc_4861.jpg\"\n               data-thumbnail=\"http:\/\/www.karate-neuhofen.at\/wp-content\/gallery\/sommercamp-2014\/thumbs\/thumbs_dsc_4861.jpg\"\n               data-image-id=\"6692\"\n               data-title=\"dsc_4861\"\n               data-description=\"\"\n               data-image-slug=\"dsc_4861\"\n               class=\"shutterset_a6d0251e289b9d2023c6d431c5710d04\">\n                <img\n                    title=\"dsc_4861\"\n                    alt=\"dsc_4861\"\n                    src=\"http:\/\/www.karate-neuhofen.at\/wp-content\/gallery\/sommercamp-2014\/thumbs\/thumbs_dsc_4861.jpg\"\n                    width=\"100\"\n                    height=\"66\"\n                    style=\"max-width:100%;\"\n                \/>\n            <\/a>\n        <\/div>\n\t\t\t\t\t\t\t<\/div> \n\t\t\t\n        \n\t\t\t\t<div id=\"ngg-image-43\" class=\"ngg-gallery-thumbnail-box\" >\n\t\t\t\t        <div class=\"ngg-gallery-thumbnail\">\n            <a href=\"http:\/\/www.karate-neuhofen.at\/wp-content\/gallery\/sommercamp-2014\/dsc_4862.jpg\"\n               title=\"\"\n               data-src=\"http:\/\/www.karate-neuhofen.at\/wp-content\/gallery\/sommercamp-2014\/dsc_4862.jpg\"\n               data-thumbnail=\"http:\/\/www.karate-neuhofen.at\/wp-content\/gallery\/sommercamp-2014\/thumbs\/thumbs_dsc_4862.jpg\"\n               data-image-id=\"6693\"\n               data-title=\"dsc_4862\"\n               data-description=\"\"\n               data-image-slug=\"dsc_4862\"\n               class=\"shutterset_a6d0251e289b9d2023c6d431c5710d04\">\n                <img\n                    title=\"dsc_4862\"\n                    alt=\"dsc_4862\"\n                    src=\"http:\/\/www.karate-neuhofen.at\/wp-content\/gallery\/sommercamp-2014\/thumbs\/thumbs_dsc_4862.jpg\"\n                    width=\"100\"\n                    height=\"66\"\n                    style=\"max-width:100%;\"\n                \/>\n            <\/a>\n        <\/div>\n\t\t\t\t\t\t\t<\/div> \n\t\t\t\n        \n\t\t\t\t<div id=\"ngg-image-44\" class=\"ngg-gallery-thumbnail-box\" >\n\t\t\t\t        <div class=\"ngg-gallery-thumbnail\">\n            <a href=\"http:\/\/www.karate-neuhofen.at\/wp-content\/gallery\/sommercamp-2014\/dsc_4863.jpg\"\n               title=\"\"\n               data-src=\"http:\/\/www.karate-neuhofen.at\/wp-content\/gallery\/sommercamp-2014\/dsc_4863.jpg\"\n               data-thumbnail=\"http:\/\/www.karate-neuhofen.at\/wp-content\/gallery\/sommercamp-2014\/thumbs\/thumbs_dsc_4863.jpg\"\n               data-image-id=\"6694\"\n               data-title=\"dsc_4863\"\n               data-description=\"\"\n               data-image-slug=\"dsc_4863\"\n               class=\"shutterset_a6d0251e289b9d2023c6d431c5710d04\">\n                <img\n                    title=\"dsc_4863\"\n                    alt=\"dsc_4863\"\n                    src=\"http:\/\/www.karate-neuhofen.at\/wp-content\/gallery\/sommercamp-2014\/thumbs\/thumbs_dsc_4863.jpg\"\n                    width=\"100\"\n                    height=\"66\"\n                    style=\"max-width:100%;\"\n                \/>\n            <\/a>\n        <\/div>\n\t\t\t\t\t\t\t<\/div> \n\t\t\t\n        \n\t\t\t\t<div id=\"ngg-image-45\" class=\"ngg-gallery-thumbnail-box\" >\n\t\t\t\t        <div class=\"ngg-gallery-thumbnail\">\n            <a href=\"http:\/\/www.karate-neuhofen.at\/wp-content\/gallery\/sommercamp-2014\/dsc_4868.jpg\"\n               title=\"\"\n               data-src=\"http:\/\/www.karate-neuhofen.at\/wp-content\/gallery\/sommercamp-2014\/dsc_4868.jpg\"\n               data-thumbnail=\"http:\/\/www.karate-neuhofen.at\/wp-content\/gallery\/sommercamp-2014\/thumbs\/thumbs_dsc_4868.jpg\"\n               data-image-id=\"6695\"\n               data-title=\"dsc_4868\"\n               data-description=\"\"\n               data-image-slug=\"dsc_4868\"\n               class=\"shutterset_a6d0251e289b9d2023c6d431c5710d04\">\n                <img\n                    title=\"dsc_4868\"\n                    alt=\"dsc_4868\"\n                    src=\"http:\/\/www.karate-neuhofen.at\/wp-content\/gallery\/sommercamp-2014\/thumbs\/thumbs_dsc_4868.jpg\"\n                    width=\"100\"\n                    height=\"66\"\n                    style=\"max-width:100%;\"\n                \/>\n            <\/a>\n        <\/div>\n\t\t\t\t\t\t\t<\/div> \n\t\t\t\n        \n\t\t\t\t<div id=\"ngg-image-46\" class=\"ngg-gallery-thumbnail-box\" >\n\t\t\t\t        <div class=\"ngg-gallery-thumbnail\">\n            <a href=\"http:\/\/www.karate-neuhofen.at\/wp-content\/gallery\/sommercamp-2014\/dsc_4871.jpg\"\n               title=\"\"\n               data-src=\"http:\/\/www.karate-neuhofen.at\/wp-content\/gallery\/sommercamp-2014\/dsc_4871.jpg\"\n               data-thumbnail=\"http:\/\/www.karate-neuhofen.at\/wp-content\/gallery\/sommercamp-2014\/thumbs\/thumbs_dsc_4871.jpg\"\n               data-image-id=\"6696\"\n               data-title=\"dsc_4871\"\n               data-description=\"\"\n               data-image-slug=\"dsc_4871\"\n               class=\"shutterset_a6d0251e289b9d2023c6d431c5710d04\">\n                <img\n                    title=\"dsc_4871\"\n                    alt=\"dsc_4871\"\n                    src=\"http:\/\/www.karate-neuhofen.at\/wp-content\/gallery\/sommercamp-2014\/thumbs\/thumbs_dsc_4871.jpg\"\n                    width=\"100\"\n                    height=\"66\"\n                    style=\"max-width:100%;\"\n                \/>\n            <\/a>\n        <\/div>\n\t\t\t\t\t\t\t<\/div> \n\t\t\t\n        \n\t\t\t\t<div id=\"ngg-image-47\" class=\"ngg-gallery-thumbnail-box\" >\n\t\t\t\t        <div class=\"ngg-gallery-thumbnail\">\n            <a href=\"http:\/\/www.karate-neuhofen.at\/wp-content\/gallery\/sommercamp-2014\/dsc_4873.jpg\"\n               title=\"\"\n               data-src=\"http:\/\/www.karate-neuhofen.at\/wp-content\/gallery\/sommercamp-2014\/dsc_4873.jpg\"\n               data-thumbnail=\"http:\/\/www.karate-neuhofen.at\/wp-content\/gallery\/sommercamp-2014\/thumbs\/thumbs_dsc_4873.jpg\"\n               data-image-id=\"6697\"\n               data-title=\"dsc_4873\"\n               data-description=\"\"\n               data-image-slug=\"dsc_4873\"\n               class=\"shutterset_a6d0251e289b9d2023c6d431c5710d04\">\n                <img\n                    title=\"dsc_4873\"\n                    alt=\"dsc_4873\"\n                    src=\"http:\/\/www.karate-neuhofen.at\/wp-content\/gallery\/sommercamp-2014\/thumbs\/thumbs_dsc_4873.jpg\"\n                    width=\"100\"\n                    height=\"66\"\n                    style=\"max-width:100%;\"\n                \/>\n            <\/a>\n        <\/div>\n\t\t\t\t\t\t\t<\/div> \n\t\t\t\n        \n\t\t\t\t<div id=\"ngg-image-48\" class=\"ngg-gallery-thumbnail-box\" >\n\t\t\t\t        <div class=\"ngg-gallery-thumbnail\">\n            <a href=\"http:\/\/www.karate-neuhofen.at\/wp-content\/gallery\/sommercamp-2014\/dsc_4886.jpg\"\n               title=\"\"\n               data-src=\"http:\/\/www.karate-neuhofen.at\/wp-content\/gallery\/sommercamp-2014\/dsc_4886.jpg\"\n               data-thumbnail=\"http:\/\/www.karate-neuhofen.at\/wp-content\/gallery\/sommercamp-2014\/thumbs\/thumbs_dsc_4886.jpg\"\n               data-image-id=\"6698\"\n               data-title=\"dsc_4886\"\n               data-description=\"\"\n               data-image-slug=\"dsc_4886\"\n               class=\"shutterset_a6d0251e289b9d2023c6d431c5710d04\">\n                <img\n                    title=\"dsc_4886\"\n                    alt=\"dsc_4886\"\n                    src=\"http:\/\/www.karate-neuhofen.at\/wp-content\/gallery\/sommercamp-2014\/thumbs\/thumbs_dsc_4886.jpg\"\n                    width=\"49\"\n                    height=\"75\"\n                    style=\"max-width:100%;\"\n                \/>\n            <\/a>\n        <\/div>\n\t\t\t\t\t\t\t<\/div> \n\t\t\t\n        \n\t\t\t\t<div id=\"ngg-image-49\" class=\"ngg-gallery-thumbnail-box\" >\n\t\t\t\t        <div class=\"ngg-gallery-thumbnail\">\n            <a href=\"http:\/\/www.karate-neuhofen.at\/wp-content\/gallery\/sommercamp-2014\/dsc_4888.jpg\"\n               title=\"\"\n               data-src=\"http:\/\/www.karate-neuhofen.at\/wp-content\/gallery\/sommercamp-2014\/dsc_4888.jpg\"\n               data-thumbnail=\"http:\/\/www.karate-neuhofen.at\/wp-content\/gallery\/sommercamp-2014\/thumbs\/thumbs_dsc_4888.jpg\"\n               data-image-id=\"6699\"\n               data-title=\"dsc_4888\"\n               data-description=\"\"\n               data-image-slug=\"dsc_4888\"\n               class=\"shutterset_a6d0251e289b9d2023c6d431c5710d04\">\n                <img\n                    title=\"dsc_4888\"\n                    alt=\"dsc_4888\"\n                    src=\"http:\/\/www.karate-neuhofen.at\/wp-content\/gallery\/sommercamp-2014\/thumbs\/thumbs_dsc_4888.jpg\"\n                    width=\"100\"\n                    height=\"66\"\n                    style=\"max-width:100%;\"\n                \/>\n            <\/a>\n        <\/div>\n\t\t\t\t\t\t\t<\/div> \n\t\t\t\n        \n\t\t\t\t<div id=\"ngg-image-50\" class=\"ngg-gallery-thumbnail-box\" >\n\t\t\t\t        <div class=\"ngg-gallery-thumbnail\">\n            <a href=\"http:\/\/www.karate-neuhofen.at\/wp-content\/gallery\/sommercamp-2014\/dsc_4891.jpg\"\n               title=\"\"\n               data-src=\"http:\/\/www.karate-neuhofen.at\/wp-content\/gallery\/sommercamp-2014\/dsc_4891.jpg\"\n               data-thumbnail=\"http:\/\/www.karate-neuhofen.at\/wp-content\/gallery\/sommercamp-2014\/thumbs\/thumbs_dsc_4891.jpg\"\n               data-image-id=\"6700\"\n               data-title=\"dsc_4891\"\n               data-description=\"\"\n               data-image-slug=\"dsc_4891\"\n               class=\"shutterset_a6d0251e289b9d2023c6d431c5710d04\">\n                <img\n                    title=\"dsc_4891\"\n                    alt=\"dsc_4891\"\n                    src=\"http:\/\/www.karate-neuhofen.at\/wp-content\/gallery\/sommercamp-2014\/thumbs\/thumbs_dsc_4891.jpg\"\n                    width=\"100\"\n                    height=\"66\"\n                    style=\"max-width:100%;\"\n                \/>\n            <\/a>\n        <\/div>\n\t\t\t\t\t\t\t<\/div> \n\t\t\t\n        \n\t\t\t\t<div id=\"ngg-image-51\" class=\"ngg-gallery-thumbnail-box\" >\n\t\t\t\t        <div class=\"ngg-gallery-thumbnail\">\n            <a href=\"http:\/\/www.karate-neuhofen.at\/wp-content\/gallery\/sommercamp-2014\/dsc_4898.jpg\"\n               title=\"\"\n               data-src=\"http:\/\/www.karate-neuhofen.at\/wp-content\/gallery\/sommercamp-2014\/dsc_4898.jpg\"\n               data-thumbnail=\"http:\/\/www.karate-neuhofen.at\/wp-content\/gallery\/sommercamp-2014\/thumbs\/thumbs_dsc_4898.jpg\"\n               data-image-id=\"6701\"\n               data-title=\"dsc_4898\"\n               data-description=\"\"\n               data-image-slug=\"dsc_4898\"\n               class=\"shutterset_a6d0251e289b9d2023c6d431c5710d04\">\n                <img\n                    title=\"dsc_4898\"\n                    alt=\"dsc_4898\"\n                    src=\"http:\/\/www.karate-neuhofen.at\/wp-content\/gallery\/sommercamp-2014\/thumbs\/thumbs_dsc_4898.jpg\"\n                    width=\"100\"\n                    height=\"66\"\n                    style=\"max-width:100%;\"\n                \/>\n            <\/a>\n        <\/div>\n\t\t\t\t\t\t\t<\/div> \n\t\t\t\n        \n\t\t\t\t<div id=\"ngg-image-52\" class=\"ngg-gallery-thumbnail-box\" >\n\t\t\t\t        <div class=\"ngg-gallery-thumbnail\">\n            <a href=\"http:\/\/www.karate-neuhofen.at\/wp-content\/gallery\/sommercamp-2014\/dsc_4899.jpg\"\n               title=\"\"\n               data-src=\"http:\/\/www.karate-neuhofen.at\/wp-content\/gallery\/sommercamp-2014\/dsc_4899.jpg\"\n               data-thumbnail=\"http:\/\/www.karate-neuhofen.at\/wp-content\/gallery\/sommercamp-2014\/thumbs\/thumbs_dsc_4899.jpg\"\n               data-image-id=\"6702\"\n               data-title=\"dsc_4899\"\n               data-description=\"\"\n               data-image-slug=\"dsc_4899\"\n               class=\"shutterset_a6d0251e289b9d2023c6d431c5710d04\">\n                <img\n                    title=\"dsc_4899\"\n                    alt=\"dsc_4899\"\n                    src=\"http:\/\/www.karate-neuhofen.at\/wp-content\/gallery\/sommercamp-2014\/thumbs\/thumbs_dsc_4899.jpg\"\n                    width=\"100\"\n                    height=\"66\"\n                    style=\"max-width:100%;\"\n                \/>\n            <\/a>\n        <\/div>\n\t\t\t\t\t\t\t<\/div> \n\t\t\t\n        \n\t\t\t\t<div id=\"ngg-image-53\" class=\"ngg-gallery-thumbnail-box\" >\n\t\t\t\t        <div class=\"ngg-gallery-thumbnail\">\n            <a href=\"http:\/\/www.karate-neuhofen.at\/wp-content\/gallery\/sommercamp-2014\/dsc_4900.jpg\"\n               title=\"\"\n               data-src=\"http:\/\/www.karate-neuhofen.at\/wp-content\/gallery\/sommercamp-2014\/dsc_4900.jpg\"\n               data-thumbnail=\"http:\/\/www.karate-neuhofen.at\/wp-content\/gallery\/sommercamp-2014\/thumbs\/thumbs_dsc_4900.jpg\"\n               data-image-id=\"6703\"\n               data-title=\"dsc_4900\"\n               data-description=\"\"\n               data-image-slug=\"dsc_4900\"\n               class=\"shutterset_a6d0251e289b9d2023c6d431c5710d04\">\n                <img\n                    title=\"dsc_4900\"\n                    alt=\"dsc_4900\"\n                    src=\"http:\/\/www.karate-neuhofen.at\/wp-content\/gallery\/sommercamp-2014\/thumbs\/thumbs_dsc_4900.jpg\"\n                    width=\"100\"\n                    height=\"66\"\n                    style=\"max-width:100%;\"\n                \/>\n            <\/a>\n        <\/div>\n\t\t\t\t\t\t\t<\/div> \n\t\t\t\n        \n\t\t\t\t<div id=\"ngg-image-54\" class=\"ngg-gallery-thumbnail-box\" >\n\t\t\t\t        <div class=\"ngg-gallery-thumbnail\">\n            <a href=\"http:\/\/www.karate-neuhofen.at\/wp-content\/gallery\/sommercamp-2014\/dsc_4908.jpg\"\n               title=\"\"\n               data-src=\"http:\/\/www.karate-neuhofen.at\/wp-content\/gallery\/sommercamp-2014\/dsc_4908.jpg\"\n               data-thumbnail=\"http:\/\/www.karate-neuhofen.at\/wp-content\/gallery\/sommercamp-2014\/thumbs\/thumbs_dsc_4908.jpg\"\n               data-image-id=\"6705\"\n               data-title=\"dsc_4908\"\n               data-description=\"\"\n               data-image-slug=\"dsc_4908\"\n               class=\"shutterset_a6d0251e289b9d2023c6d431c5710d04\">\n                <img\n                    title=\"dsc_4908\"\n                    alt=\"dsc_4908\"\n                    src=\"http:\/\/www.karate-neuhofen.at\/wp-content\/gallery\/sommercamp-2014\/thumbs\/thumbs_dsc_4908.jpg\"\n                    width=\"100\"\n                    height=\"66\"\n                    style=\"max-width:100%;\"\n                \/>\n            <\/a>\n        <\/div>\n\t\t\t\t\t\t\t<\/div> \n\t\t\t\n        \n\t\t\t\t<div id=\"ngg-image-55\" class=\"ngg-gallery-thumbnail-box\" >\n\t\t\t\t        <div class=\"ngg-gallery-thumbnail\">\n            <a href=\"http:\/\/www.karate-neuhofen.at\/wp-content\/gallery\/sommercamp-2014\/dsc_4909.jpg\"\n               title=\"\"\n               data-src=\"http:\/\/www.karate-neuhofen.at\/wp-content\/gallery\/sommercamp-2014\/dsc_4909.jpg\"\n               data-thumbnail=\"http:\/\/www.karate-neuhofen.at\/wp-content\/gallery\/sommercamp-2014\/thumbs\/thumbs_dsc_4909.jpg\"\n               data-image-id=\"6706\"\n               data-title=\"dsc_4909\"\n               data-description=\"\"\n               data-image-slug=\"dsc_4909\"\n               class=\"shutterset_a6d0251e289b9d2023c6d431c5710d04\">\n                <img\n                    title=\"dsc_4909\"\n                    alt=\"dsc_4909\"\n                    src=\"http:\/\/www.karate-neuhofen.at\/wp-content\/gallery\/sommercamp-2014\/thumbs\/thumbs_dsc_4909.jpg\"\n                    width=\"100\"\n                    height=\"66\"\n                    style=\"max-width:100%;\"\n                \/>\n            <\/a>\n        <\/div>\n\t\t\t\t\t\t\t<\/div> \n\t\t\t\n        \n\t\t\t\t<div id=\"ngg-image-56\" class=\"ngg-gallery-thumbnail-box\" >\n\t\t\t\t        <div class=\"ngg-gallery-thumbnail\">\n            <a href=\"http:\/\/www.karate-neuhofen.at\/wp-content\/gallery\/sommercamp-2014\/dsc_4913.jpg\"\n               title=\"\"\n               data-src=\"http:\/\/www.karate-neuhofen.at\/wp-content\/gallery\/sommercamp-2014\/dsc_4913.jpg\"\n               data-thumbnail=\"http:\/\/www.karate-neuhofen.at\/wp-content\/gallery\/sommercamp-2014\/thumbs\/thumbs_dsc_4913.jpg\"\n               data-image-id=\"6707\"\n               data-title=\"dsc_4913\"\n               data-description=\"\"\n               data-image-slug=\"dsc_4913\"\n               class=\"shutterset_a6d0251e289b9d2023c6d431c5710d04\">\n                <img\n                    title=\"dsc_4913\"\n                    alt=\"dsc_4913\"\n                    src=\"http:\/\/www.karate-neuhofen.at\/wp-content\/gallery\/sommercamp-2014\/thumbs\/thumbs_dsc_4913.jpg\"\n                    width=\"49\"\n                    height=\"75\"\n                    style=\"max-width:100%;\"\n                \/>\n            <\/a>\n        <\/div>\n\t\t\t\t\t\t\t<\/div> \n\t\t\t\n        \n\t\t\t\t<div id=\"ngg-image-57\" class=\"ngg-gallery-thumbnail-box\" >\n\t\t\t\t        <div class=\"ngg-gallery-thumbnail\">\n            <a href=\"http:\/\/www.karate-neuhofen.at\/wp-content\/gallery\/sommercamp-2014\/dsc_4917.jpg\"\n               title=\"\"\n               data-src=\"http:\/\/www.karate-neuhofen.at\/wp-content\/gallery\/sommercamp-2014\/dsc_4917.jpg\"\n               data-thumbnail=\"http:\/\/www.karate-neuhofen.at\/wp-content\/gallery\/sommercamp-2014\/thumbs\/thumbs_dsc_4917.jpg\"\n               data-image-id=\"6708\"\n               data-title=\"dsc_4917\"\n               data-description=\"\"\n               data-image-slug=\"dsc_4917\"\n               class=\"shutterset_a6d0251e289b9d2023c6d431c5710d04\">\n                <img\n                    title=\"dsc_4917\"\n                    alt=\"dsc_4917\"\n                    src=\"http:\/\/www.karate-neuhofen.at\/wp-content\/gallery\/sommercamp-2014\/thumbs\/thumbs_dsc_4917.jpg\"\n                    width=\"49\"\n                    height=\"75\"\n                    style=\"max-width:100%;\"\n                \/>\n            <\/a>\n        <\/div>\n\t\t\t\t\t\t\t<\/div> \n\t\t\t\n        \n\t\t\t\t<div id=\"ngg-image-58\" class=\"ngg-gallery-thumbnail-box\" >\n\t\t\t\t        <div class=\"ngg-gallery-thumbnail\">\n            <a href=\"http:\/\/www.karate-neuhofen.at\/wp-content\/gallery\/sommercamp-2014\/dsc_4920.jpg\"\n               title=\"\"\n               data-src=\"http:\/\/www.karate-neuhofen.at\/wp-content\/gallery\/sommercamp-2014\/dsc_4920.jpg\"\n               data-thumbnail=\"http:\/\/www.karate-neuhofen.at\/wp-content\/gallery\/sommercamp-2014\/thumbs\/thumbs_dsc_4920.jpg\"\n               data-image-id=\"6709\"\n               data-title=\"dsc_4920\"\n               data-description=\"\"\n               data-image-slug=\"dsc_4920\"\n               class=\"shutterset_a6d0251e289b9d2023c6d431c5710d04\">\n                <img\n                    title=\"dsc_4920\"\n                    alt=\"dsc_4920\"\n                    src=\"http:\/\/www.karate-neuhofen.at\/wp-content\/gallery\/sommercamp-2014\/thumbs\/thumbs_dsc_4920.jpg\"\n                    width=\"100\"\n                    height=\"66\"\n                    style=\"max-width:100%;\"\n                \/>\n            <\/a>\n        <\/div>\n\t\t\t\t\t\t\t<\/div> \n\t\t\t\n        \n\t\t\t\t<div id=\"ngg-image-59\" class=\"ngg-gallery-thumbnail-box\" >\n\t\t\t\t        <div class=\"ngg-gallery-thumbnail\">\n            <a href=\"http:\/\/www.karate-neuhofen.at\/wp-content\/gallery\/sommercamp-2014\/dsc_4925.jpg\"\n               title=\"\"\n               data-src=\"http:\/\/www.karate-neuhofen.at\/wp-content\/gallery\/sommercamp-2014\/dsc_4925.jpg\"\n               data-thumbnail=\"http:\/\/www.karate-neuhofen.at\/wp-content\/gallery\/sommercamp-2014\/thumbs\/thumbs_dsc_4925.jpg\"\n               data-image-id=\"6710\"\n               data-title=\"dsc_4925\"\n               data-description=\"\"\n               data-image-slug=\"dsc_4925\"\n               class=\"shutterset_a6d0251e289b9d2023c6d431c5710d04\">\n                <img\n                    title=\"dsc_4925\"\n                    alt=\"dsc_4925\"\n                    src=\"http:\/\/www.karate-neuhofen.at\/wp-content\/gallery\/sommercamp-2014\/thumbs\/thumbs_dsc_4925.jpg\"\n                    width=\"100\"\n                    height=\"66\"\n                    style=\"max-width:100%;\"\n                \/>\n            <\/a>\n        <\/div>\n\t\t\t\t\t\t\t<\/div> \n\t\t\t\n        \n\t\t\t\t<div id=\"ngg-image-60\" class=\"ngg-gallery-thumbnail-box\" >\n\t\t\t\t        <div class=\"ngg-gallery-thumbnail\">\n            <a href=\"http:\/\/www.karate-neuhofen.at\/wp-content\/gallery\/sommercamp-2014\/dsc_4926.jpg\"\n               title=\"\"\n               data-src=\"http:\/\/www.karate-neuhofen.at\/wp-content\/gallery\/sommercamp-2014\/dsc_4926.jpg\"\n               data-thumbnail=\"http:\/\/www.karate-neuhofen.at\/wp-content\/gallery\/sommercamp-2014\/thumbs\/thumbs_dsc_4926.jpg\"\n               data-image-id=\"6711\"\n               data-title=\"dsc_4926\"\n               data-description=\"\"\n               data-image-slug=\"dsc_4926\"\n               class=\"shutterset_a6d0251e289b9d2023c6d431c5710d04\">\n                <img\n                    title=\"dsc_4926\"\n                    alt=\"dsc_4926\"\n                    src=\"http:\/\/www.karate-neuhofen.at\/wp-content\/gallery\/sommercamp-2014\/thumbs\/thumbs_dsc_4926.jpg\"\n                    width=\"100\"\n                    height=\"66\"\n                    style=\"max-width:100%;\"\n                \/>\n            <\/a>\n        <\/div>\n\t\t\t\t\t\t\t<\/div> \n\t\t\t\n        \n\t\t\t\t<div id=\"ngg-image-61\" class=\"ngg-gallery-thumbnail-box\" >\n\t\t\t\t        <div class=\"ngg-gallery-thumbnail\">\n            <a href=\"http:\/\/www.karate-neuhofen.at\/wp-content\/gallery\/sommercamp-2014\/dsc_4927.jpg\"\n               title=\"\"\n               data-src=\"http:\/\/www.karate-neuhofen.at\/wp-content\/gallery\/sommercamp-2014\/dsc_4927.jpg\"\n               data-thumbnail=\"http:\/\/www.karate-neuhofen.at\/wp-content\/gallery\/sommercamp-2014\/thumbs\/thumbs_dsc_4927.jpg\"\n               data-image-id=\"6712\"\n               data-title=\"dsc_4927\"\n               data-description=\"\"\n               data-image-slug=\"dsc_4927\"\n               class=\"shutterset_a6d0251e289b9d2023c6d431c5710d04\">\n                <img\n                    title=\"dsc_4927\"\n                    alt=\"dsc_4927\"\n                    src=\"http:\/\/www.karate-neuhofen.at\/wp-content\/gallery\/sommercamp-2014\/thumbs\/thumbs_dsc_4927.jpg\"\n                    width=\"100\"\n                    height=\"66\"\n                    style=\"max-width:100%;\"\n                \/>\n            <\/a>\n        <\/div>\n\t\t\t\t\t\t\t<\/div> \n\t\t\t\n        \n\t\t\t\t<div id=\"ngg-image-62\" class=\"ngg-gallery-thumbnail-box\" >\n\t\t\t\t        <div class=\"ngg-gallery-thumbnail\">\n            <a href=\"http:\/\/www.karate-neuhofen.at\/wp-content\/gallery\/sommercamp-2014\/dsc_4933.jpg\"\n               title=\"\"\n               data-src=\"http:\/\/www.karate-neuhofen.at\/wp-content\/gallery\/sommercamp-2014\/dsc_4933.jpg\"\n               data-thumbnail=\"http:\/\/www.karate-neuhofen.at\/wp-content\/gallery\/sommercamp-2014\/thumbs\/thumbs_dsc_4933.jpg\"\n               data-image-id=\"6713\"\n               data-title=\"dsc_4933\"\n               data-description=\"\"\n               data-image-slug=\"dsc_4933\"\n               class=\"shutterset_a6d0251e289b9d2023c6d431c5710d04\">\n                <img\n                    title=\"dsc_4933\"\n                    alt=\"dsc_4933\"\n                    src=\"http:\/\/www.karate-neuhofen.at\/wp-content\/gallery\/sommercamp-2014\/thumbs\/thumbs_dsc_4933.jpg\"\n                    width=\"49\"\n                    height=\"75\"\n                    style=\"max-width:100%;\"\n                \/>\n            <\/a>\n        <\/div>\n\t\t\t\t\t\t\t<\/div> \n\t\t\t\n        \n\t\t\t\t<div id=\"ngg-image-63\" class=\"ngg-gallery-thumbnail-box\" >\n\t\t\t\t        <div class=\"ngg-gallery-thumbnail\">\n            <a href=\"http:\/\/www.karate-neuhofen.at\/wp-content\/gallery\/sommercamp-2014\/dsc_4937.jpg\"\n               title=\"\"\n               data-src=\"http:\/\/www.karate-neuhofen.at\/wp-content\/gallery\/sommercamp-2014\/dsc_4937.jpg\"\n               data-thumbnail=\"http:\/\/www.karate-neuhofen.at\/wp-content\/gallery\/sommercamp-2014\/thumbs\/thumbs_dsc_4937.jpg\"\n               data-image-id=\"6715\"\n               data-title=\"dsc_4937\"\n               data-description=\"\"\n               data-image-slug=\"dsc_4937\"\n               class=\"shutterset_a6d0251e289b9d2023c6d431c5710d04\">\n                <img\n                    title=\"dsc_4937\"\n                    alt=\"dsc_4937\"\n                    src=\"http:\/\/www.karate-neuhofen.at\/wp-content\/gallery\/sommercamp-2014\/thumbs\/thumbs_dsc_4937.jpg\"\n                    width=\"100\"\n                    height=\"66\"\n                    style=\"max-width:100%;\"\n                \/>\n            <\/a>\n        <\/div>\n\t\t\t\t\t\t\t<\/div> \n\t\t\t\n        \n\t\t\t\t<div id=\"ngg-image-64\" class=\"ngg-gallery-thumbnail-box\" >\n\t\t\t\t        <div class=\"ngg-gallery-thumbnail\">\n            <a href=\"http:\/\/www.karate-neuhofen.at\/wp-content\/gallery\/sommercamp-2014\/dsc_4943.jpg\"\n               title=\"\"\n               data-src=\"http:\/\/www.karate-neuhofen.at\/wp-content\/gallery\/sommercamp-2014\/dsc_4943.jpg\"\n               data-thumbnail=\"http:\/\/www.karate-neuhofen.at\/wp-content\/gallery\/sommercamp-2014\/thumbs\/thumbs_dsc_4943.jpg\"\n               data-image-id=\"6716\"\n               data-title=\"dsc_4943\"\n               data-description=\"\"\n               data-image-slug=\"dsc_4943\"\n               class=\"shutterset_a6d0251e289b9d2023c6d431c5710d04\">\n                <img\n                    title=\"dsc_4943\"\n                    alt=\"dsc_4943\"\n                    src=\"http:\/\/www.karate-neuhofen.at\/wp-content\/gallery\/sommercamp-2014\/thumbs\/thumbs_dsc_4943.jpg\"\n                    width=\"100\"\n                    height=\"66\"\n                    style=\"max-width:100%;\"\n                \/>\n            <\/a>\n        <\/div>\n\t\t\t\t\t\t\t<\/div> \n\t\t\t\n        \n\t\t\t\t<div id=\"ngg-image-65\" class=\"ngg-gallery-thumbnail-box\" >\n\t\t\t\t        <div class=\"ngg-gallery-thumbnail\">\n            <a href=\"http:\/\/www.karate-neuhofen.at\/wp-content\/gallery\/sommercamp-2014\/dsc_4945.jpg\"\n               title=\"\"\n               data-src=\"http:\/\/www.karate-neuhofen.at\/wp-content\/gallery\/sommercamp-2014\/dsc_4945.jpg\"\n               data-thumbnail=\"http:\/\/www.karate-neuhofen.at\/wp-content\/gallery\/sommercamp-2014\/thumbs\/thumbs_dsc_4945.jpg\"\n               data-image-id=\"6717\"\n               data-title=\"dsc_4945\"\n               data-description=\"\"\n               data-image-slug=\"dsc_4945\"\n               class=\"shutterset_a6d0251e289b9d2023c6d431c5710d04\">\n                <img\n                    title=\"dsc_4945\"\n                    alt=\"dsc_4945\"\n                    src=\"http:\/\/www.karate-neuhofen.at\/wp-content\/gallery\/sommercamp-2014\/thumbs\/thumbs_dsc_4945.jpg\"\n                    width=\"49\"\n                    height=\"75\"\n                    style=\"max-width:100%;\"\n                \/>\n            <\/a>\n        <\/div>\n\t\t\t\t\t\t\t<\/div> \n\t\t\t\n        \n\t\t\t\t<div id=\"ngg-image-66\" class=\"ngg-gallery-thumbnail-box\" >\n\t\t\t\t        <div class=\"ngg-gallery-thumbnail\">\n            <a href=\"http:\/\/www.karate-neuhofen.at\/wp-content\/gallery\/sommercamp-2014\/dsc_4946.jpg\"\n               title=\"\"\n               data-src=\"http:\/\/www.karate-neuhofen.at\/wp-content\/gallery\/sommercamp-2014\/dsc_4946.jpg\"\n               data-thumbnail=\"http:\/\/www.karate-neuhofen.at\/wp-content\/gallery\/sommercamp-2014\/thumbs\/thumbs_dsc_4946.jpg\"\n               data-image-id=\"6718\"\n               data-title=\"dsc_4946\"\n               data-description=\"\"\n               data-image-slug=\"dsc_4946\"\n               class=\"shutterset_a6d0251e289b9d2023c6d431c5710d04\">\n                <img\n                    title=\"dsc_4946\"\n                    alt=\"dsc_4946\"\n                    src=\"http:\/\/www.karate-neuhofen.at\/wp-content\/gallery\/sommercamp-2014\/thumbs\/thumbs_dsc_4946.jpg\"\n                    width=\"49\"\n                    height=\"75\"\n                    style=\"max-width:100%;\"\n                \/>\n            <\/a>\n        <\/div>\n\t\t\t\t\t\t\t<\/div> \n\t\t\t\n        \n\t\t\t\t<div id=\"ngg-image-67\" class=\"ngg-gallery-thumbnail-box\" >\n\t\t\t\t        <div class=\"ngg-gallery-thumbnail\">\n            <a href=\"http:\/\/www.karate-neuhofen.at\/wp-content\/gallery\/sommercamp-2014\/dsc_4953.jpg\"\n               title=\"\"\n               data-src=\"http:\/\/www.karate-neuhofen.at\/wp-content\/gallery\/sommercamp-2014\/dsc_4953.jpg\"\n               data-thumbnail=\"http:\/\/www.karate-neuhofen.at\/wp-content\/gallery\/sommercamp-2014\/thumbs\/thumbs_dsc_4953.jpg\"\n               data-image-id=\"6719\"\n               data-title=\"dsc_4953\"\n               data-description=\"\"\n               data-image-slug=\"dsc_4953\"\n               class=\"shutterset_a6d0251e289b9d2023c6d431c5710d04\">\n                <img\n                    title=\"dsc_4953\"\n                    alt=\"dsc_4953\"\n                    src=\"http:\/\/www.karate-neuhofen.at\/wp-content\/gallery\/sommercamp-2014\/thumbs\/thumbs_dsc_4953.jpg\"\n                    width=\"100\"\n                    height=\"66\"\n                    style=\"max-width:100%;\"\n                \/>\n            <\/a>\n        <\/div>\n\t\t\t\t\t\t\t<\/div> \n\t\t\t\n        \n\t\t\t\t<div id=\"ngg-image-68\" class=\"ngg-gallery-thumbnail-box\" >\n\t\t\t\t        <div class=\"ngg-gallery-thumbnail\">\n            <a href=\"http:\/\/www.karate-neuhofen.at\/wp-content\/gallery\/sommercamp-2014\/dsc_4965.jpg\"\n               title=\"\"\n               data-src=\"http:\/\/www.karate-neuhofen.at\/wp-content\/gallery\/sommercamp-2014\/dsc_4965.jpg\"\n               data-thumbnail=\"http:\/\/www.karate-neuhofen.at\/wp-content\/gallery\/sommercamp-2014\/thumbs\/thumbs_dsc_4965.jpg\"\n               data-image-id=\"6720\"\n               data-title=\"dsc_4965\"\n               data-description=\"\"\n               data-image-slug=\"dsc_4965\"\n               class=\"shutterset_a6d0251e289b9d2023c6d431c5710d04\">\n                <img\n                    title=\"dsc_4965\"\n                    alt=\"dsc_4965\"\n                    src=\"http:\/\/www.karate-neuhofen.at\/wp-content\/gallery\/sommercamp-2014\/thumbs\/thumbs_dsc_4965.jpg\"\n                    width=\"100\"\n                    height=\"66\"\n                    style=\"max-width:100%;\"\n                \/>\n            <\/a>\n        <\/div>\n\t\t\t\t\t\t\t<\/div> \n\t\t\t\n        \n\t\t\t\t<div id=\"ngg-image-69\" class=\"ngg-gallery-thumbnail-box\" >\n\t\t\t\t        <div class=\"ngg-gallery-thumbnail\">\n            <a href=\"http:\/\/www.karate-neuhofen.at\/wp-content\/gallery\/sommercamp-2014\/dsc_4969.jpg\"\n               title=\"\"\n               data-src=\"http:\/\/www.karate-neuhofen.at\/wp-content\/gallery\/sommercamp-2014\/dsc_4969.jpg\"\n               data-thumbnail=\"http:\/\/www.karate-neuhofen.at\/wp-content\/gallery\/sommercamp-2014\/thumbs\/thumbs_dsc_4969.jpg\"\n               data-image-id=\"6721\"\n               data-title=\"dsc_4969\"\n               data-description=\"\"\n               data-image-slug=\"dsc_4969\"\n               class=\"shutterset_a6d0251e289b9d2023c6d431c5710d04\">\n                <img\n                    title=\"dsc_4969\"\n                    alt=\"dsc_4969\"\n                    src=\"http:\/\/www.karate-neuhofen.at\/wp-content\/gallery\/sommercamp-2014\/thumbs\/thumbs_dsc_4969.jpg\"\n                    width=\"49\"\n                    height=\"75\"\n                    style=\"max-width:100%;\"\n                \/>\n            <\/a>\n        <\/div>\n\t\t\t\t\t\t\t<\/div> \n\t\t\t\n        \n\t\t\t\t<div id=\"ngg-image-70\" class=\"ngg-gallery-thumbnail-box\" >\n\t\t\t\t        <div class=\"ngg-gallery-thumbnail\">\n            <a href=\"http:\/\/www.karate-neuhofen.at\/wp-content\/gallery\/sommercamp-2014\/dsc_4970.jpg\"\n               title=\"\"\n               data-src=\"http:\/\/www.karate-neuhofen.at\/wp-content\/gallery\/sommercamp-2014\/dsc_4970.jpg\"\n               data-thumbnail=\"http:\/\/www.karate-neuhofen.at\/wp-content\/gallery\/sommercamp-2014\/thumbs\/thumbs_dsc_4970.jpg\"\n               data-image-id=\"6722\"\n               data-title=\"dsc_4970\"\n               data-description=\"\"\n               data-image-slug=\"dsc_4970\"\n               class=\"shutterset_a6d0251e289b9d2023c6d431c5710d04\">\n                <img\n                    title=\"dsc_4970\"\n                    alt=\"dsc_4970\"\n                    src=\"http:\/\/www.karate-neuhofen.at\/wp-content\/gallery\/sommercamp-2014\/thumbs\/thumbs_dsc_4970.jpg\"\n                    width=\"49\"\n                    height=\"75\"\n                    style=\"max-width:100%;\"\n                \/>\n            <\/a>\n        <\/div>\n\t\t\t\t\t\t\t<\/div> \n\t\t\t\n        \n\t\t\t\t<div id=\"ngg-image-71\" class=\"ngg-gallery-thumbnail-box\" >\n\t\t\t\t        <div class=\"ngg-gallery-thumbnail\">\n            <a href=\"http:\/\/www.karate-neuhofen.at\/wp-content\/gallery\/sommercamp-2014\/dsc_4978.jpg\"\n               title=\"\"\n               data-src=\"http:\/\/www.karate-neuhofen.at\/wp-content\/gallery\/sommercamp-2014\/dsc_4978.jpg\"\n               data-thumbnail=\"http:\/\/www.karate-neuhofen.at\/wp-content\/gallery\/sommercamp-2014\/thumbs\/thumbs_dsc_4978.jpg\"\n               data-image-id=\"6723\"\n               data-title=\"dsc_4978\"\n               data-description=\"\"\n               data-image-slug=\"dsc_4978\"\n               class=\"shutterset_a6d0251e289b9d2023c6d431c5710d04\">\n                <img\n                    title=\"dsc_4978\"\n                    alt=\"dsc_4978\"\n                    src=\"http:\/\/www.karate-neuhofen.at\/wp-content\/gallery\/sommercamp-2014\/thumbs\/thumbs_dsc_4978.jpg\"\n                    width=\"100\"\n                    height=\"66\"\n                    style=\"max-width:100%;\"\n                \/>\n            <\/a>\n        <\/div>\n\t\t\t\t\t\t\t<\/div> \n\t\t\t\n        \n\t\t\t\t<div id=\"ngg-image-72\" class=\"ngg-gallery-thumbnail-box\" >\n\t\t\t\t        <div class=\"ngg-gallery-thumbnail\">\n            <a href=\"http:\/\/www.karate-neuhofen.at\/wp-content\/gallery\/sommercamp-2014\/dsc_4979.jpg\"\n               title=\"\"\n               data-src=\"http:\/\/www.karate-neuhofen.at\/wp-content\/gallery\/sommercamp-2014\/dsc_4979.jpg\"\n               data-thumbnail=\"http:\/\/www.karate-neuhofen.at\/wp-content\/gallery\/sommercamp-2014\/thumbs\/thumbs_dsc_4979.jpg\"\n               data-image-id=\"6724\"\n               data-title=\"dsc_4979\"\n               data-description=\"\"\n               data-image-slug=\"dsc_4979\"\n               class=\"shutterset_a6d0251e289b9d2023c6d431c5710d04\">\n                <img\n                    title=\"dsc_4979\"\n                    alt=\"dsc_4979\"\n                    src=\"http:\/\/www.karate-neuhofen.at\/wp-content\/gallery\/sommercamp-2014\/thumbs\/thumbs_dsc_4979.jpg\"\n                    width=\"100\"\n                    height=\"66\"\n                    style=\"max-width:100%;\"\n                \/>\n            <\/a>\n        <\/div>\n\t\t\t\t\t\t\t<\/div> \n\t\t\t\n        \n\t\t\t\t<div id=\"ngg-image-73\" class=\"ngg-gallery-thumbnail-box\" >\n\t\t\t\t        <div class=\"ngg-gallery-thumbnail\">\n            <a href=\"http:\/\/www.karate-neuhofen.at\/wp-content\/gallery\/sommercamp-2014\/dsc_4983.jpg\"\n               title=\"\"\n               data-src=\"http:\/\/www.karate-neuhofen.at\/wp-content\/gallery\/sommercamp-2014\/dsc_4983.jpg\"\n               data-thumbnail=\"http:\/\/www.karate-neuhofen.at\/wp-content\/gallery\/sommercamp-2014\/thumbs\/thumbs_dsc_4983.jpg\"\n               data-image-id=\"6725\"\n               data-title=\"dsc_4983\"\n               data-description=\"\"\n               data-image-slug=\"dsc_4983\"\n               class=\"shutterset_a6d0251e289b9d2023c6d431c5710d04\">\n                <img\n                    title=\"dsc_4983\"\n                    alt=\"dsc_4983\"\n                    src=\"http:\/\/www.karate-neuhofen.at\/wp-content\/gallery\/sommercamp-2014\/thumbs\/thumbs_dsc_4983.jpg\"\n                    width=\"49\"\n                    height=\"75\"\n                    style=\"max-width:100%;\"\n                \/>\n            <\/a>\n        <\/div>\n\t\t\t\t\t\t\t<\/div> \n\t\t\t\n        \n\t\t\t\t<div id=\"ngg-image-74\" class=\"ngg-gallery-thumbnail-box\" >\n\t\t\t\t        <div class=\"ngg-gallery-thumbnail\">\n            <a href=\"http:\/\/www.karate-neuhofen.at\/wp-content\/gallery\/sommercamp-2014\/dsc_4991.jpg\"\n               title=\"\"\n               data-src=\"http:\/\/www.karate-neuhofen.at\/wp-content\/gallery\/sommercamp-2014\/dsc_4991.jpg\"\n               data-thumbnail=\"http:\/\/www.karate-neuhofen.at\/wp-content\/gallery\/sommercamp-2014\/thumbs\/thumbs_dsc_4991.jpg\"\n               data-image-id=\"6726\"\n               data-title=\"dsc_4991\"\n               data-description=\"\"\n               data-image-slug=\"dsc_4991\"\n               class=\"shutterset_a6d0251e289b9d2023c6d431c5710d04\">\n                <img\n                    title=\"dsc_4991\"\n                    alt=\"dsc_4991\"\n                    src=\"http:\/\/www.karate-neuhofen.at\/wp-content\/gallery\/sommercamp-2014\/thumbs\/thumbs_dsc_4991.jpg\"\n                    width=\"100\"\n                    height=\"66\"\n                    style=\"max-width:100%;\"\n                \/>\n            <\/a>\n        <\/div>\n\t\t\t\t\t\t\t<\/div> \n\t\t\t\n        \n\t\t\t\t<div id=\"ngg-image-75\" class=\"ngg-gallery-thumbnail-box\" >\n\t\t\t\t        <div class=\"ngg-gallery-thumbnail\">\n            <a href=\"http:\/\/www.karate-neuhofen.at\/wp-content\/gallery\/sommercamp-2014\/dsc_4996.jpg\"\n               title=\"\"\n               data-src=\"http:\/\/www.karate-neuhofen.at\/wp-content\/gallery\/sommercamp-2014\/dsc_4996.jpg\"\n               data-thumbnail=\"http:\/\/www.karate-neuhofen.at\/wp-content\/gallery\/sommercamp-2014\/thumbs\/thumbs_dsc_4996.jpg\"\n               data-image-id=\"6727\"\n               data-title=\"dsc_4996\"\n               data-description=\"\"\n               data-image-slug=\"dsc_4996\"\n               class=\"shutterset_a6d0251e289b9d2023c6d431c5710d04\">\n                <img\n                    title=\"dsc_4996\"\n                    alt=\"dsc_4996\"\n                    src=\"http:\/\/www.karate-neuhofen.at\/wp-content\/gallery\/sommercamp-2014\/thumbs\/thumbs_dsc_4996.jpg\"\n                    width=\"100\"\n                    height=\"66\"\n                    style=\"max-width:100%;\"\n                \/>\n            <\/a>\n        <\/div>\n\t\t\t\t\t\t\t<\/div> \n\t\t\t\n        \n\t\t\t\t<div id=\"ngg-image-76\" class=\"ngg-gallery-thumbnail-box\" >\n\t\t\t\t        <div class=\"ngg-gallery-thumbnail\">\n            <a href=\"http:\/\/www.karate-neuhofen.at\/wp-content\/gallery\/sommercamp-2014\/dsc_4997.jpg\"\n               title=\"\"\n               data-src=\"http:\/\/www.karate-neuhofen.at\/wp-content\/gallery\/sommercamp-2014\/dsc_4997.jpg\"\n               data-thumbnail=\"http:\/\/www.karate-neuhofen.at\/wp-content\/gallery\/sommercamp-2014\/thumbs\/thumbs_dsc_4997.jpg\"\n               data-image-id=\"6728\"\n               data-title=\"dsc_4997\"\n               data-description=\"\"\n               data-image-slug=\"dsc_4997\"\n               class=\"shutterset_a6d0251e289b9d2023c6d431c5710d04\">\n                <img\n                    title=\"dsc_4997\"\n                    alt=\"dsc_4997\"\n                    src=\"http:\/\/www.karate-neuhofen.at\/wp-content\/gallery\/sommercamp-2014\/thumbs\/thumbs_dsc_4997.jpg\"\n                    width=\"100\"\n                    height=\"66\"\n                    style=\"max-width:100%;\"\n                \/>\n            <\/a>\n        <\/div>\n\t\t\t\t\t\t\t<\/div> \n\t\t\t\n        \n\t\t\t\t<div id=\"ngg-image-77\" class=\"ngg-gallery-thumbnail-box\" >\n\t\t\t\t        <div class=\"ngg-gallery-thumbnail\">\n            <a href=\"http:\/\/www.karate-neuhofen.at\/wp-content\/gallery\/sommercamp-2014\/dsc_5000.jpg\"\n               title=\"\"\n               data-src=\"http:\/\/www.karate-neuhofen.at\/wp-content\/gallery\/sommercamp-2014\/dsc_5000.jpg\"\n               data-thumbnail=\"http:\/\/www.karate-neuhofen.at\/wp-content\/gallery\/sommercamp-2014\/thumbs\/thumbs_dsc_5000.jpg\"\n               data-image-id=\"6729\"\n               data-title=\"dsc_5000\"\n               data-description=\"\"\n               data-image-slug=\"dsc_5000\"\n               class=\"shutterset_a6d0251e289b9d2023c6d431c5710d04\">\n                <img\n                    title=\"dsc_5000\"\n                    alt=\"dsc_5000\"\n                    src=\"http:\/\/www.karate-neuhofen.at\/wp-content\/gallery\/sommercamp-2014\/thumbs\/thumbs_dsc_5000.jpg\"\n                    width=\"100\"\n                    height=\"66\"\n                    style=\"max-width:100%;\"\n                \/>\n            <\/a>\n        <\/div>\n\t\t\t\t\t\t\t<\/div> \n\t\t\t\n        \n\t\t\t\t<div id=\"ngg-image-78\" class=\"ngg-gallery-thumbnail-box\" >\n\t\t\t\t        <div class=\"ngg-gallery-thumbnail\">\n            <a href=\"http:\/\/www.karate-neuhofen.at\/wp-content\/gallery\/sommercamp-2014\/dsc_5002.jpg\"\n               title=\"\"\n               data-src=\"http:\/\/www.karate-neuhofen.at\/wp-content\/gallery\/sommercamp-2014\/dsc_5002.jpg\"\n               data-thumbnail=\"http:\/\/www.karate-neuhofen.at\/wp-content\/gallery\/sommercamp-2014\/thumbs\/thumbs_dsc_5002.jpg\"\n               data-image-id=\"6730\"\n               data-title=\"dsc_5002\"\n               data-description=\"\"\n               data-image-slug=\"dsc_5002\"\n               class=\"shutterset_a6d0251e289b9d2023c6d431c5710d04\">\n                <img\n                    title=\"dsc_5002\"\n                    alt=\"dsc_5002\"\n                    src=\"http:\/\/www.karate-neuhofen.at\/wp-content\/gallery\/sommercamp-2014\/thumbs\/thumbs_dsc_5002.jpg\"\n                    width=\"100\"\n                    height=\"66\"\n                    style=\"max-width:100%;\"\n                \/>\n            <\/a>\n        <\/div>\n\t\t\t\t\t\t\t<\/div> \n\t\t\t\n        \n\t\t\t\t<div id=\"ngg-image-79\" class=\"ngg-gallery-thumbnail-box\" >\n\t\t\t\t        <div class=\"ngg-gallery-thumbnail\">\n            <a href=\"http:\/\/www.karate-neuhofen.at\/wp-content\/gallery\/sommercamp-2014\/dsc_5008.jpg\"\n               title=\"\"\n               data-src=\"http:\/\/www.karate-neuhofen.at\/wp-content\/gallery\/sommercamp-2014\/dsc_5008.jpg\"\n               data-thumbnail=\"http:\/\/www.karate-neuhofen.at\/wp-content\/gallery\/sommercamp-2014\/thumbs\/thumbs_dsc_5008.jpg\"\n               data-image-id=\"6731\"\n               data-title=\"dsc_5008\"\n               data-description=\"\"\n               data-image-slug=\"dsc_5008\"\n               class=\"shutterset_a6d0251e289b9d2023c6d431c5710d04\">\n                <img\n                    title=\"dsc_5008\"\n                    alt=\"dsc_5008\"\n                    src=\"http:\/\/www.karate-neuhofen.at\/wp-content\/gallery\/sommercamp-2014\/thumbs\/thumbs_dsc_5008.jpg\"\n                    width=\"100\"\n                    height=\"66\"\n                    style=\"max-width:100%;\"\n                \/>\n            <\/a>\n        <\/div>\n\t\t\t\t\t\t\t<\/div> \n\t\t\t\n        \n\t\t\t\t<div id=\"ngg-image-80\" class=\"ngg-gallery-thumbnail-box\" >\n\t\t\t\t        <div class=\"ngg-gallery-thumbnail\">\n            <a href=\"http:\/\/www.karate-neuhofen.at\/wp-content\/gallery\/sommercamp-2014\/dsc_5009.jpg\"\n               title=\"\"\n               data-src=\"http:\/\/www.karate-neuhofen.at\/wp-content\/gallery\/sommercamp-2014\/dsc_5009.jpg\"\n               data-thumbnail=\"http:\/\/www.karate-neuhofen.at\/wp-content\/gallery\/sommercamp-2014\/thumbs\/thumbs_dsc_5009.jpg\"\n               data-image-id=\"6732\"\n               data-title=\"dsc_5009\"\n               data-description=\"\"\n               data-image-slug=\"dsc_5009\"\n               class=\"shutterset_a6d0251e289b9d2023c6d431c5710d04\">\n                <img\n                    title=\"dsc_5009\"\n                    alt=\"dsc_5009\"\n                    src=\"http:\/\/www.karate-neuhofen.at\/wp-content\/gallery\/sommercamp-2014\/thumbs\/thumbs_dsc_5009.jpg\"\n                    width=\"100\"\n                    height=\"66\"\n                    style=\"max-width:100%;\"\n                \/>\n            <\/a>\n        <\/div>\n\t\t\t\t\t\t\t<\/div> \n\t\t\t\n        \n\t\t\t\t<div id=\"ngg-image-81\" class=\"ngg-gallery-thumbnail-box\" >\n\t\t\t\t        <div class=\"ngg-gallery-thumbnail\">\n            <a href=\"http:\/\/www.karate-neuhofen.at\/wp-content\/gallery\/sommercamp-2014\/dsc_5013.jpg\"\n               title=\"\"\n               data-src=\"http:\/\/www.karate-neuhofen.at\/wp-content\/gallery\/sommercamp-2014\/dsc_5013.jpg\"\n               data-thumbnail=\"http:\/\/www.karate-neuhofen.at\/wp-content\/gallery\/sommercamp-2014\/thumbs\/thumbs_dsc_5013.jpg\"\n               data-image-id=\"6733\"\n               data-title=\"dsc_5013\"\n               data-description=\"\"\n               data-image-slug=\"dsc_5013\"\n               class=\"shutterset_a6d0251e289b9d2023c6d431c5710d04\">\n                <img\n                    title=\"dsc_5013\"\n                    alt=\"dsc_5013\"\n                    src=\"http:\/\/www.karate-neuhofen.at\/wp-content\/gallery\/sommercamp-2014\/thumbs\/thumbs_dsc_5013.jpg\"\n                    width=\"100\"\n                    height=\"66\"\n                    style=\"max-width:100%;\"\n                \/>\n            <\/a>\n        <\/div>\n\t\t\t\t\t\t\t<\/div> \n\t\t\t\n        \n\t\t\t\t<div id=\"ngg-image-82\" class=\"ngg-gallery-thumbnail-box\" >\n\t\t\t\t        <div class=\"ngg-gallery-thumbnail\">\n            <a href=\"http:\/\/www.karate-neuhofen.at\/wp-content\/gallery\/sommercamp-2014\/dsc_5017.jpg\"\n               title=\"\"\n               data-src=\"http:\/\/www.karate-neuhofen.at\/wp-content\/gallery\/sommercamp-2014\/dsc_5017.jpg\"\n               data-thumbnail=\"http:\/\/www.karate-neuhofen.at\/wp-content\/gallery\/sommercamp-2014\/thumbs\/thumbs_dsc_5017.jpg\"\n               data-image-id=\"6734\"\n               data-title=\"dsc_5017\"\n               data-description=\"\"\n               data-image-slug=\"dsc_5017\"\n               class=\"shutterset_a6d0251e289b9d2023c6d431c5710d04\">\n                <img\n                    title=\"dsc_5017\"\n                    alt=\"dsc_5017\"\n                    src=\"http:\/\/www.karate-neuhofen.at\/wp-content\/gallery\/sommercamp-2014\/thumbs\/thumbs_dsc_5017.jpg\"\n                    width=\"100\"\n                    height=\"66\"\n                    style=\"max-width:100%;\"\n                \/>\n            <\/a>\n        <\/div>\n\t\t\t\t\t\t\t<\/div> \n\t\t\t\n        \n\t\t\t\t<div id=\"ngg-image-83\" class=\"ngg-gallery-thumbnail-box\" >\n\t\t\t\t        <div class=\"ngg-gallery-thumbnail\">\n            <a href=\"http:\/\/www.karate-neuhofen.at\/wp-content\/gallery\/sommercamp-2014\/dsc_5018.jpg\"\n               title=\"\"\n               data-src=\"http:\/\/www.karate-neuhofen.at\/wp-content\/gallery\/sommercamp-2014\/dsc_5018.jpg\"\n               data-thumbnail=\"http:\/\/www.karate-neuhofen.at\/wp-content\/gallery\/sommercamp-2014\/thumbs\/thumbs_dsc_5018.jpg\"\n               data-image-id=\"6735\"\n               data-title=\"dsc_5018\"\n               data-description=\"\"\n               data-image-slug=\"dsc_5018\"\n               class=\"shutterset_a6d0251e289b9d2023c6d431c5710d04\">\n                <img\n                    title=\"dsc_5018\"\n                    alt=\"dsc_5018\"\n                    src=\"http:\/\/www.karate-neuhofen.at\/wp-content\/gallery\/sommercamp-2014\/thumbs\/thumbs_dsc_5018.jpg\"\n                    width=\"100\"\n                    height=\"66\"\n                    style=\"max-width:100%;\"\n                \/>\n            <\/a>\n        <\/div>\n\t\t\t\t\t\t\t<\/div> \n\t\t\t\n        \n\t\t\t\t<div id=\"ngg-image-84\" class=\"ngg-gallery-thumbnail-box\" >\n\t\t\t\t        <div class=\"ngg-gallery-thumbnail\">\n            <a href=\"http:\/\/www.karate-neuhofen.at\/wp-content\/gallery\/sommercamp-2014\/dsc_5019.jpg\"\n               title=\"\"\n               data-src=\"http:\/\/www.karate-neuhofen.at\/wp-content\/gallery\/sommercamp-2014\/dsc_5019.jpg\"\n               data-thumbnail=\"http:\/\/www.karate-neuhofen.at\/wp-content\/gallery\/sommercamp-2014\/thumbs\/thumbs_dsc_5019.jpg\"\n               data-image-id=\"6736\"\n               data-title=\"dsc_5019\"\n               data-description=\"\"\n               data-image-slug=\"dsc_5019\"\n               class=\"shutterset_a6d0251e289b9d2023c6d431c5710d04\">\n                <img\n                    title=\"dsc_5019\"\n                    alt=\"dsc_5019\"\n                    src=\"http:\/\/www.karate-neuhofen.at\/wp-content\/gallery\/sommercamp-2014\/thumbs\/thumbs_dsc_5019.jpg\"\n                    width=\"100\"\n                    height=\"66\"\n                    style=\"max-width:100%;\"\n                \/>\n            <\/a>\n        <\/div>\n\t\t\t\t\t\t\t<\/div> \n\t\t\t\n        \n\t\t\t\t<div id=\"ngg-image-85\" class=\"ngg-gallery-thumbnail-box\" >\n\t\t\t\t        <div class=\"ngg-gallery-thumbnail\">\n            <a href=\"http:\/\/www.karate-neuhofen.at\/wp-content\/gallery\/sommercamp-2014\/dsc_5022.jpg\"\n               title=\"\"\n               data-src=\"http:\/\/www.karate-neuhofen.at\/wp-content\/gallery\/sommercamp-2014\/dsc_5022.jpg\"\n               data-thumbnail=\"http:\/\/www.karate-neuhofen.at\/wp-content\/gallery\/sommercamp-2014\/thumbs\/thumbs_dsc_5022.jpg\"\n               data-image-id=\"6737\"\n               data-title=\"dsc_5022\"\n               data-description=\"\"\n               data-image-slug=\"dsc_5022\"\n               class=\"shutterset_a6d0251e289b9d2023c6d431c5710d04\">\n                <img\n                    title=\"dsc_5022\"\n                    alt=\"dsc_5022\"\n                    src=\"http:\/\/www.karate-neuhofen.at\/wp-content\/gallery\/sommercamp-2014\/thumbs\/thumbs_dsc_5022.jpg\"\n                    width=\"100\"\n                    height=\"66\"\n                    style=\"max-width:100%;\"\n                \/>\n            <\/a>\n        <\/div>\n\t\t\t\t\t\t\t<\/div> \n\t\t\t\n        \n\t\t\t\t<div id=\"ngg-image-86\" class=\"ngg-gallery-thumbnail-box\" >\n\t\t\t\t        <div class=\"ngg-gallery-thumbnail\">\n            <a href=\"http:\/\/www.karate-neuhofen.at\/wp-content\/gallery\/sommercamp-2014\/dsc_5025.jpg\"\n               title=\"\"\n               data-src=\"http:\/\/www.karate-neuhofen.at\/wp-content\/gallery\/sommercamp-2014\/dsc_5025.jpg\"\n               data-thumbnail=\"http:\/\/www.karate-neuhofen.at\/wp-content\/gallery\/sommercamp-2014\/thumbs\/thumbs_dsc_5025.jpg\"\n               data-image-id=\"6738\"\n               data-title=\"dsc_5025\"\n               data-description=\"\"\n               data-image-slug=\"dsc_5025\"\n               class=\"shutterset_a6d0251e289b9d2023c6d431c5710d04\">\n                <img\n                    title=\"dsc_5025\"\n                    alt=\"dsc_5025\"\n                    src=\"http:\/\/www.karate-neuhofen.at\/wp-content\/gallery\/sommercamp-2014\/thumbs\/thumbs_dsc_5025.jpg\"\n                    width=\"100\"\n                    height=\"66\"\n                    style=\"max-width:100%;\"\n                \/>\n            <\/a>\n        <\/div>\n\t\t\t\t\t\t\t<\/div> \n\t\t\t\n        \n\t\t\t\t<div id=\"ngg-image-87\" class=\"ngg-gallery-thumbnail-box\" >\n\t\t\t\t        <div class=\"ngg-gallery-thumbnail\">\n            <a href=\"http:\/\/www.karate-neuhofen.at\/wp-content\/gallery\/sommercamp-2014\/dsc_5026.jpg\"\n               title=\"\"\n               data-src=\"http:\/\/www.karate-neuhofen.at\/wp-content\/gallery\/sommercamp-2014\/dsc_5026.jpg\"\n               data-thumbnail=\"http:\/\/www.karate-neuhofen.at\/wp-content\/gallery\/sommercamp-2014\/thumbs\/thumbs_dsc_5026.jpg\"\n               data-image-id=\"6739\"\n               data-title=\"dsc_5026\"\n               data-description=\"\"\n               data-image-slug=\"dsc_5026\"\n               class=\"shutterset_a6d0251e289b9d2023c6d431c5710d04\">\n                <img\n                    title=\"dsc_5026\"\n                    alt=\"dsc_5026\"\n                    src=\"http:\/\/www.karate-neuhofen.at\/wp-content\/gallery\/sommercamp-2014\/thumbs\/thumbs_dsc_5026.jpg\"\n                    width=\"49\"\n                    height=\"75\"\n                    style=\"max-width:100%;\"\n                \/>\n            <\/a>\n        <\/div>\n\t\t\t\t\t\t\t<\/div> \n\t\t\t\n        \n\t\t\t\t<div id=\"ngg-image-88\" class=\"ngg-gallery-thumbnail-box\" >\n\t\t\t\t        <div class=\"ngg-gallery-thumbnail\">\n            <a href=\"http:\/\/www.karate-neuhofen.at\/wp-content\/gallery\/sommercamp-2014\/dsc_5029.jpg\"\n               title=\"\"\n               data-src=\"http:\/\/www.karate-neuhofen.at\/wp-content\/gallery\/sommercamp-2014\/dsc_5029.jpg\"\n               data-thumbnail=\"http:\/\/www.karate-neuhofen.at\/wp-content\/gallery\/sommercamp-2014\/thumbs\/thumbs_dsc_5029.jpg\"\n               data-image-id=\"6740\"\n               data-title=\"dsc_5029\"\n               data-description=\"\"\n               data-image-slug=\"dsc_5029\"\n               class=\"shutterset_a6d0251e289b9d2023c6d431c5710d04\">\n                <img\n                    title=\"dsc_5029\"\n                    alt=\"dsc_5029\"\n                    src=\"http:\/\/www.karate-neuhofen.at\/wp-content\/gallery\/sommercamp-2014\/thumbs\/thumbs_dsc_5029.jpg\"\n                    width=\"100\"\n                    height=\"66\"\n                    style=\"max-width:100%;\"\n                \/>\n            <\/a>\n        <\/div>\n\t\t\t\t\t\t\t<\/div> \n\t\t\t\n        \n\t\t\t\t<div id=\"ngg-image-89\" class=\"ngg-gallery-thumbnail-box\" >\n\t\t\t\t        <div class=\"ngg-gallery-thumbnail\">\n            <a href=\"http:\/\/www.karate-neuhofen.at\/wp-content\/gallery\/sommercamp-2014\/dsc_5030.jpg\"\n               title=\"\"\n               data-src=\"http:\/\/www.karate-neuhofen.at\/wp-content\/gallery\/sommercamp-2014\/dsc_5030.jpg\"\n               data-thumbnail=\"http:\/\/www.karate-neuhofen.at\/wp-content\/gallery\/sommercamp-2014\/thumbs\/thumbs_dsc_5030.jpg\"\n               data-image-id=\"6741\"\n               data-title=\"dsc_5030\"\n               data-description=\"\"\n               data-image-slug=\"dsc_5030\"\n               class=\"shutterset_a6d0251e289b9d2023c6d431c5710d04\">\n                <img\n                    title=\"dsc_5030\"\n                    alt=\"dsc_5030\"\n                    src=\"http:\/\/www.karate-neuhofen.at\/wp-content\/gallery\/sommercamp-2014\/thumbs\/thumbs_dsc_5030.jpg\"\n                    width=\"100\"\n                    height=\"66\"\n                    style=\"max-width:100%;\"\n                \/>\n            <\/a>\n        <\/div>\n\t\t\t\t\t\t\t<\/div> \n\t\t\t\n        \n\t\t\t\t<div id=\"ngg-image-90\" class=\"ngg-gallery-thumbnail-box\" >\n\t\t\t\t        <div class=\"ngg-gallery-thumbnail\">\n            <a href=\"http:\/\/www.karate-neuhofen.at\/wp-content\/gallery\/sommercamp-2014\/dsc_5032.jpg\"\n               title=\"\"\n               data-src=\"http:\/\/www.karate-neuhofen.at\/wp-content\/gallery\/sommercamp-2014\/dsc_5032.jpg\"\n               data-thumbnail=\"http:\/\/www.karate-neuhofen.at\/wp-content\/gallery\/sommercamp-2014\/thumbs\/thumbs_dsc_5032.jpg\"\n               data-image-id=\"6742\"\n               data-title=\"dsc_5032\"\n               data-description=\"\"\n               data-image-slug=\"dsc_5032\"\n               class=\"shutterset_a6d0251e289b9d2023c6d431c5710d04\">\n                <img\n                    title=\"dsc_5032\"\n                    alt=\"dsc_5032\"\n                    src=\"http:\/\/www.karate-neuhofen.at\/wp-content\/gallery\/sommercamp-2014\/thumbs\/thumbs_dsc_5032.jpg\"\n                    width=\"100\"\n                    height=\"66\"\n                    style=\"max-width:100%;\"\n                \/>\n            <\/a>\n        <\/div>\n\t\t\t\t\t\t\t<\/div> \n\t\t\t\n        \n\t\t\t\t<div id=\"ngg-image-91\" class=\"ngg-gallery-thumbnail-box\" >\n\t\t\t\t        <div class=\"ngg-gallery-thumbnail\">\n            <a href=\"http:\/\/www.karate-neuhofen.at\/wp-content\/gallery\/sommercamp-2014\/dsc_5033.jpg\"\n               title=\"\"\n               data-src=\"http:\/\/www.karate-neuhofen.at\/wp-content\/gallery\/sommercamp-2014\/dsc_5033.jpg\"\n               data-thumbnail=\"http:\/\/www.karate-neuhofen.at\/wp-content\/gallery\/sommercamp-2014\/thumbs\/thumbs_dsc_5033.jpg\"\n               data-image-id=\"6743\"\n               data-title=\"dsc_5033\"\n               data-description=\"\"\n               data-image-slug=\"dsc_5033\"\n               class=\"shutterset_a6d0251e289b9d2023c6d431c5710d04\">\n                <img\n                    title=\"dsc_5033\"\n                    alt=\"dsc_5033\"\n                    src=\"http:\/\/www.karate-neuhofen.at\/wp-content\/gallery\/sommercamp-2014\/thumbs\/thumbs_dsc_5033.jpg\"\n                    width=\"100\"\n                    height=\"66\"\n                    style=\"max-width:100%;\"\n                \/>\n            <\/a>\n        <\/div>\n\t\t\t\t\t\t\t<\/div> \n\t\t\t\n        \n\t\t\t\t<div id=\"ngg-image-92\" class=\"ngg-gallery-thumbnail-box\" >\n\t\t\t\t        <div class=\"ngg-gallery-thumbnail\">\n            <a href=\"http:\/\/www.karate-neuhofen.at\/wp-content\/gallery\/sommercamp-2014\/dsc_5037.jpg\"\n               title=\"\"\n               data-src=\"http:\/\/www.karate-neuhofen.at\/wp-content\/gallery\/sommercamp-2014\/dsc_5037.jpg\"\n               data-thumbnail=\"http:\/\/www.karate-neuhofen.at\/wp-content\/gallery\/sommercamp-2014\/thumbs\/thumbs_dsc_5037.jpg\"\n               data-image-id=\"6744\"\n               data-title=\"dsc_5037\"\n               data-description=\"\"\n               data-image-slug=\"dsc_5037\"\n               class=\"shutterset_a6d0251e289b9d2023c6d431c5710d04\">\n                <img\n                    title=\"dsc_5037\"\n                    alt=\"dsc_5037\"\n                    src=\"http:\/\/www.karate-neuhofen.at\/wp-content\/gallery\/sommercamp-2014\/thumbs\/thumbs_dsc_5037.jpg\"\n                    width=\"100\"\n                    height=\"66\"\n                    style=\"max-width:100%;\"\n                \/>\n            <\/a>\n        <\/div>\n\t\t\t\t\t\t\t<\/div> \n\t\t\t\n        \n\t\t\t\t<div id=\"ngg-image-93\" class=\"ngg-gallery-thumbnail-box\" >\n\t\t\t\t        <div class=\"ngg-gallery-thumbnail\">\n            <a href=\"http:\/\/www.karate-neuhofen.at\/wp-content\/gallery\/sommercamp-2014\/dsc_5039.jpg\"\n               title=\"\"\n               data-src=\"http:\/\/www.karate-neuhofen.at\/wp-content\/gallery\/sommercamp-2014\/dsc_5039.jpg\"\n               data-thumbnail=\"http:\/\/www.karate-neuhofen.at\/wp-content\/gallery\/sommercamp-2014\/thumbs\/thumbs_dsc_5039.jpg\"\n               data-image-id=\"6745\"\n               data-title=\"dsc_5039\"\n               data-description=\"\"\n               data-image-slug=\"dsc_5039\"\n               class=\"shutterset_a6d0251e289b9d2023c6d431c5710d04\">\n                <img\n                    title=\"dsc_5039\"\n                    alt=\"dsc_5039\"\n                    src=\"http:\/\/www.karate-neuhofen.at\/wp-content\/gallery\/sommercamp-2014\/thumbs\/thumbs_dsc_5039.jpg\"\n                    width=\"49\"\n                    height=\"75\"\n                    style=\"max-width:100%;\"\n                \/>\n            <\/a>\n        <\/div>\n\t\t\t\t\t\t\t<\/div> \n\t\t\t\n        \n\t\t\t\t<div id=\"ngg-image-94\" class=\"ngg-gallery-thumbnail-box\" >\n\t\t\t\t        <div class=\"ngg-gallery-thumbnail\">\n            <a href=\"http:\/\/www.karate-neuhofen.at\/wp-content\/gallery\/sommercamp-2014\/dsc_5040.jpg\"\n               title=\"\"\n               data-src=\"http:\/\/www.karate-neuhofen.at\/wp-content\/gallery\/sommercamp-2014\/dsc_5040.jpg\"\n               data-thumbnail=\"http:\/\/www.karate-neuhofen.at\/wp-content\/gallery\/sommercamp-2014\/thumbs\/thumbs_dsc_5040.jpg\"\n               data-image-id=\"6746\"\n               data-title=\"dsc_5040\"\n               data-description=\"\"\n               data-image-slug=\"dsc_5040\"\n               class=\"shutterset_a6d0251e289b9d2023c6d431c5710d04\">\n                <img\n                    title=\"dsc_5040\"\n                    alt=\"dsc_5040\"\n                    src=\"http:\/\/www.karate-neuhofen.at\/wp-content\/gallery\/sommercamp-2014\/thumbs\/thumbs_dsc_5040.jpg\"\n                    width=\"49\"\n                    height=\"75\"\n                    style=\"max-width:100%;\"\n                \/>\n            <\/a>\n        <\/div>\n\t\t\t\t\t\t\t<\/div> \n\t\t\t\n        \n\t\t\t\t<div id=\"ngg-image-95\" class=\"ngg-gallery-thumbnail-box\" >\n\t\t\t\t        <div class=\"ngg-gallery-thumbnail\">\n            <a href=\"http:\/\/www.karate-neuhofen.at\/wp-content\/gallery\/sommercamp-2014\/dsc_5042.jpg\"\n               title=\"\"\n               data-src=\"http:\/\/www.karate-neuhofen.at\/wp-content\/gallery\/sommercamp-2014\/dsc_5042.jpg\"\n               data-thumbnail=\"http:\/\/www.karate-neuhofen.at\/wp-content\/gallery\/sommercamp-2014\/thumbs\/thumbs_dsc_5042.jpg\"\n               data-image-id=\"6747\"\n               data-title=\"dsc_5042\"\n               data-description=\"\"\n               data-image-slug=\"dsc_5042\"\n               class=\"shutterset_a6d0251e289b9d2023c6d431c5710d04\">\n                <img\n                    title=\"dsc_5042\"\n                    alt=\"dsc_5042\"\n                    src=\"http:\/\/www.karate-neuhofen.at\/wp-content\/gallery\/sommercamp-2014\/thumbs\/thumbs_dsc_5042.jpg\"\n                    width=\"49\"\n                    height=\"75\"\n                    style=\"max-width:100%;\"\n                \/>\n            <\/a>\n        <\/div>\n\t\t\t\t\t\t\t<\/div> \n\t\t\t\n        \n\t\t\t\t<div id=\"ngg-image-96\" class=\"ngg-gallery-thumbnail-box\" >\n\t\t\t\t        <div class=\"ngg-gallery-thumbnail\">\n            <a href=\"http:\/\/www.karate-neuhofen.at\/wp-content\/gallery\/sommercamp-2014\/dsc_5046.jpg\"\n               title=\"\"\n               data-src=\"http:\/\/www.karate-neuhofen.at\/wp-content\/gallery\/sommercamp-2014\/dsc_5046.jpg\"\n               data-thumbnail=\"http:\/\/www.karate-neuhofen.at\/wp-content\/gallery\/sommercamp-2014\/thumbs\/thumbs_dsc_5046.jpg\"\n               data-image-id=\"6748\"\n               data-title=\"dsc_5046\"\n               data-description=\"\"\n               data-image-slug=\"dsc_5046\"\n               class=\"shutterset_a6d0251e289b9d2023c6d431c5710d04\">\n                <img\n                    title=\"dsc_5046\"\n                    alt=\"dsc_5046\"\n                    src=\"http:\/\/www.karate-neuhofen.at\/wp-content\/gallery\/sommercamp-2014\/thumbs\/thumbs_dsc_5046.jpg\"\n                    width=\"100\"\n                    height=\"66\"\n                    style=\"max-width:100%;\"\n                \/>\n            <\/a>\n        <\/div>\n\t\t\t\t\t\t\t<\/div> \n\t\t\t\n        \n\t\t\t\t<div id=\"ngg-image-97\" class=\"ngg-gallery-thumbnail-box\" >\n\t\t\t\t        <div class=\"ngg-gallery-thumbnail\">\n            <a href=\"http:\/\/www.karate-neuhofen.at\/wp-content\/gallery\/sommercamp-2014\/dsc_5047.jpg\"\n               title=\"\"\n               data-src=\"http:\/\/www.karate-neuhofen.at\/wp-content\/gallery\/sommercamp-2014\/dsc_5047.jpg\"\n               data-thumbnail=\"http:\/\/www.karate-neuhofen.at\/wp-content\/gallery\/sommercamp-2014\/thumbs\/thumbs_dsc_5047.jpg\"\n               data-image-id=\"6749\"\n               data-title=\"dsc_5047\"\n               data-description=\"\"\n               data-image-slug=\"dsc_5047\"\n               class=\"shutterset_a6d0251e289b9d2023c6d431c5710d04\">\n                <img\n                    title=\"dsc_5047\"\n                    alt=\"dsc_5047\"\n                    src=\"http:\/\/www.karate-neuhofen.at\/wp-content\/gallery\/sommercamp-2014\/thumbs\/thumbs_dsc_5047.jpg\"\n                    width=\"100\"\n                    height=\"66\"\n                    style=\"max-width:100%;\"\n                \/>\n            <\/a>\n        <\/div>\n\t\t\t\t\t\t\t<\/div> \n\t\t\t\n        \n\t\t\t\t<div id=\"ngg-image-98\" class=\"ngg-gallery-thumbnail-box\" >\n\t\t\t\t        <div class=\"ngg-gallery-thumbnail\">\n            <a href=\"http:\/\/www.karate-neuhofen.at\/wp-content\/gallery\/sommercamp-2014\/dsc_5050.jpg\"\n               title=\"\"\n               data-src=\"http:\/\/www.karate-neuhofen.at\/wp-content\/gallery\/sommercamp-2014\/dsc_5050.jpg\"\n               data-thumbnail=\"http:\/\/www.karate-neuhofen.at\/wp-content\/gallery\/sommercamp-2014\/thumbs\/thumbs_dsc_5050.jpg\"\n               data-image-id=\"6750\"\n               data-title=\"dsc_5050\"\n               data-description=\"\"\n               data-image-slug=\"dsc_5050\"\n               class=\"shutterset_a6d0251e289b9d2023c6d431c5710d04\">\n                <img\n                    title=\"dsc_5050\"\n                    alt=\"dsc_5050\"\n                    src=\"http:\/\/www.karate-neuhofen.at\/wp-content\/gallery\/sommercamp-2014\/thumbs\/thumbs_dsc_5050.jpg\"\n                    width=\"100\"\n                    height=\"66\"\n                    style=\"max-width:100%;\"\n                \/>\n            <\/a>\n        <\/div>\n\t\t\t\t\t\t\t<\/div> \n\t\t\t\n        \n\t\t\t\t<div id=\"ngg-image-99\" class=\"ngg-gallery-thumbnail-box\" >\n\t\t\t\t        <div class=\"ngg-gallery-thumbnail\">\n            <a href=\"http:\/\/www.karate-neuhofen.at\/wp-content\/gallery\/sommercamp-2014\/dsc_5052.jpg\"\n               title=\"\"\n               data-src=\"http:\/\/www.karate-neuhofen.at\/wp-content\/gallery\/sommercamp-2014\/dsc_5052.jpg\"\n               data-thumbnail=\"http:\/\/www.karate-neuhofen.at\/wp-content\/gallery\/sommercamp-2014\/thumbs\/thumbs_dsc_5052.jpg\"\n               data-image-id=\"6751\"\n               data-title=\"dsc_5052\"\n               data-description=\"\"\n               data-image-slug=\"dsc_5052\"\n               class=\"shutterset_a6d0251e289b9d2023c6d431c5710d04\">\n                <img\n                    title=\"dsc_5052\"\n                    alt=\"dsc_5052\"\n                    src=\"http:\/\/www.karate-neuhofen.at\/wp-content\/gallery\/sommercamp-2014\/thumbs\/thumbs_dsc_5052.jpg\"\n                    width=\"100\"\n                    height=\"66\"\n                    style=\"max-width:100%;\"\n                \/>\n            <\/a>\n        <\/div>\n\t\t\t\t\t\t\t<\/div> \n\t\t\t\n        \n\t\t\t\t<div id=\"ngg-image-100\" class=\"ngg-gallery-thumbnail-box\" >\n\t\t\t\t        <div class=\"ngg-gallery-thumbnail\">\n            <a href=\"http:\/\/www.karate-neuhofen.at\/wp-content\/gallery\/sommercamp-2014\/dsc_5059.jpg\"\n               title=\"\"\n               data-src=\"http:\/\/www.karate-neuhofen.at\/wp-content\/gallery\/sommercamp-2014\/dsc_5059.jpg\"\n               data-thumbnail=\"http:\/\/www.karate-neuhofen.at\/wp-content\/gallery\/sommercamp-2014\/thumbs\/thumbs_dsc_5059.jpg\"\n               data-image-id=\"6752\"\n               data-title=\"dsc_5059\"\n               data-description=\"\"\n               data-image-slug=\"dsc_5059\"\n               class=\"shutterset_a6d0251e289b9d2023c6d431c5710d04\">\n                <img\n                    title=\"dsc_5059\"\n                    alt=\"dsc_5059\"\n                    src=\"http:\/\/www.karate-neuhofen.at\/wp-content\/gallery\/sommercamp-2014\/thumbs\/thumbs_dsc_5059.jpg\"\n                    width=\"49\"\n                    height=\"75\"\n                    style=\"max-width:100%;\"\n                \/>\n            <\/a>\n        <\/div>\n\t\t\t\t\t\t\t<\/div> \n\t\t\t\n        \n\t\t\t\t<div id=\"ngg-image-101\" class=\"ngg-gallery-thumbnail-box\" >\n\t\t\t\t        <div class=\"ngg-gallery-thumbnail\">\n            <a href=\"http:\/\/www.karate-neuhofen.at\/wp-content\/gallery\/sommercamp-2014\/dsc_5066.jpg\"\n               title=\"\"\n               data-src=\"http:\/\/www.karate-neuhofen.at\/wp-content\/gallery\/sommercamp-2014\/dsc_5066.jpg\"\n               data-thumbnail=\"http:\/\/www.karate-neuhofen.at\/wp-content\/gallery\/sommercamp-2014\/thumbs\/thumbs_dsc_5066.jpg\"\n               data-image-id=\"6753\"\n               data-title=\"dsc_5066\"\n               data-description=\"\"\n               data-image-slug=\"dsc_5066\"\n               class=\"shutterset_a6d0251e289b9d2023c6d431c5710d04\">\n                <img\n                    title=\"dsc_5066\"\n                    alt=\"dsc_5066\"\n                    src=\"http:\/\/www.karate-neuhofen.at\/wp-content\/gallery\/sommercamp-2014\/thumbs\/thumbs_dsc_5066.jpg\"\n                    width=\"49\"\n                    height=\"75\"\n                    style=\"max-width:100%;\"\n                \/>\n            <\/a>\n        <\/div>\n\t\t\t\t\t\t\t<\/div> \n\t\t\t\n        \n\t\t\t\t<div id=\"ngg-image-102\" class=\"ngg-gallery-thumbnail-box\" >\n\t\t\t\t        <div class=\"ngg-gallery-thumbnail\">\n            <a href=\"http:\/\/www.karate-neuhofen.at\/wp-content\/gallery\/sommercamp-2014\/dsc_5067.jpg\"\n               title=\"\"\n               data-src=\"http:\/\/www.karate-neuhofen.at\/wp-content\/gallery\/sommercamp-2014\/dsc_5067.jpg\"\n               data-thumbnail=\"http:\/\/www.karate-neuhofen.at\/wp-content\/gallery\/sommercamp-2014\/thumbs\/thumbs_dsc_5067.jpg\"\n               data-image-id=\"6754\"\n               data-title=\"dsc_5067\"\n               data-description=\"\"\n               data-image-slug=\"dsc_5067\"\n               class=\"shutterset_a6d0251e289b9d2023c6d431c5710d04\">\n                <img\n                    title=\"dsc_5067\"\n                    alt=\"dsc_5067\"\n                    src=\"http:\/\/www.karate-neuhofen.at\/wp-content\/gallery\/sommercamp-2014\/thumbs\/thumbs_dsc_5067.jpg\"\n                    width=\"49\"\n                    height=\"75\"\n                    style=\"max-width:100%;\"\n                \/>\n            <\/a>\n        <\/div>\n\t\t\t\t\t\t\t<\/div> \n\t\t\t\n        \n\t\t\t\t<div id=\"ngg-image-103\" class=\"ngg-gallery-thumbnail-box\" >\n\t\t\t\t        <div class=\"ngg-gallery-thumbnail\">\n            <a href=\"http:\/\/www.karate-neuhofen.at\/wp-content\/gallery\/sommercamp-2014\/dsc_5073.jpg\"\n               title=\"\"\n               data-src=\"http:\/\/www.karate-neuhofen.at\/wp-content\/gallery\/sommercamp-2014\/dsc_5073.jpg\"\n               data-thumbnail=\"http:\/\/www.karate-neuhofen.at\/wp-content\/gallery\/sommercamp-2014\/thumbs\/thumbs_dsc_5073.jpg\"\n               data-image-id=\"6755\"\n               data-title=\"dsc_5073\"\n               data-description=\"\"\n               data-image-slug=\"dsc_5073\"\n               class=\"shutterset_a6d0251e289b9d2023c6d431c5710d04\">\n                <img\n                    title=\"dsc_5073\"\n                    alt=\"dsc_5073\"\n                    src=\"http:\/\/www.karate-neuhofen.at\/wp-content\/gallery\/sommercamp-2014\/thumbs\/thumbs_dsc_5073.jpg\"\n                    width=\"100\"\n                    height=\"66\"\n                    style=\"max-width:100%;\"\n                \/>\n            <\/a>\n        <\/div>\n\t\t\t\t\t\t\t<\/div> \n\t\t\t\n        \n\t\t\t\t<div id=\"ngg-image-104\" class=\"ngg-gallery-thumbnail-box\" >\n\t\t\t\t        <div class=\"ngg-gallery-thumbnail\">\n            <a href=\"http:\/\/www.karate-neuhofen.at\/wp-content\/gallery\/sommercamp-2014\/dsc_5074.jpg\"\n               title=\"\"\n               data-src=\"http:\/\/www.karate-neuhofen.at\/wp-content\/gallery\/sommercamp-2014\/dsc_5074.jpg\"\n               data-thumbnail=\"http:\/\/www.karate-neuhofen.at\/wp-content\/gallery\/sommercamp-2014\/thumbs\/thumbs_dsc_5074.jpg\"\n               data-image-id=\"6756\"\n               data-title=\"dsc_5074\"\n               data-description=\"\"\n               data-image-slug=\"dsc_5074\"\n               class=\"shutterset_a6d0251e289b9d2023c6d431c5710d04\">\n                <img\n                    title=\"dsc_5074\"\n                    alt=\"dsc_5074\"\n                    src=\"http:\/\/www.karate-neuhofen.at\/wp-content\/gallery\/sommercamp-2014\/thumbs\/thumbs_dsc_5074.jpg\"\n                    width=\"100\"\n                    height=\"66\"\n                    style=\"max-width:100%;\"\n                \/>\n            <\/a>\n        <\/div>\n\t\t\t\t\t\t\t<\/div> \n\t\t\t\n        \n\t\t\t\t<div id=\"ngg-image-105\" class=\"ngg-gallery-thumbnail-box\" >\n\t\t\t\t        <div class=\"ngg-gallery-thumbnail\">\n            <a href=\"http:\/\/www.karate-neuhofen.at\/wp-content\/gallery\/sommercamp-2014\/dsc_5079.jpg\"\n               title=\"\"\n               data-src=\"http:\/\/www.karate-neuhofen.at\/wp-content\/gallery\/sommercamp-2014\/dsc_5079.jpg\"\n               data-thumbnail=\"http:\/\/www.karate-neuhofen.at\/wp-content\/gallery\/sommercamp-2014\/thumbs\/thumbs_dsc_5079.jpg\"\n               data-image-id=\"6758\"\n               data-title=\"dsc_5079\"\n               data-description=\"\"\n               data-image-slug=\"dsc_5079\"\n               class=\"shutterset_a6d0251e289b9d2023c6d431c5710d04\">\n                <img\n                    title=\"dsc_5079\"\n                    alt=\"dsc_5079\"\n                    src=\"http:\/\/www.karate-neuhofen.at\/wp-content\/gallery\/sommercamp-2014\/thumbs\/thumbs_dsc_5079.jpg\"\n                    width=\"49\"\n                    height=\"75\"\n                    style=\"max-width:100%;\"\n                \/>\n            <\/a>\n        <\/div>\n\t\t\t\t\t\t\t<\/div> \n\t\t\t\n        \n\t\t\t\t<div id=\"ngg-image-106\" class=\"ngg-gallery-thumbnail-box\" >\n\t\t\t\t        <div class=\"ngg-gallery-thumbnail\">\n            <a href=\"http:\/\/www.karate-neuhofen.at\/wp-content\/gallery\/sommercamp-2014\/dsc_5083.jpg\"\n               title=\"\"\n               data-src=\"http:\/\/www.karate-neuhofen.at\/wp-content\/gallery\/sommercamp-2014\/dsc_5083.jpg\"\n               data-thumbnail=\"http:\/\/www.karate-neuhofen.at\/wp-content\/gallery\/sommercamp-2014\/thumbs\/thumbs_dsc_5083.jpg\"\n               data-image-id=\"6759\"\n               data-title=\"dsc_5083\"\n               data-description=\"\"\n               data-image-slug=\"dsc_5083\"\n               class=\"shutterset_a6d0251e289b9d2023c6d431c5710d04\">\n                <img\n                    title=\"dsc_5083\"\n                    alt=\"dsc_5083\"\n                    src=\"http:\/\/www.karate-neuhofen.at\/wp-content\/gallery\/sommercamp-2014\/thumbs\/thumbs_dsc_5083.jpg\"\n                    width=\"49\"\n                    height=\"75\"\n                    style=\"max-width:100%;\"\n                \/>\n            <\/a>\n        <\/div>\n\t\t\t\t\t\t\t<\/div> \n\t\t\t\n        \n\t\t\t\t<div id=\"ngg-image-107\" class=\"ngg-gallery-thumbnail-box\" >\n\t\t\t\t        <div class=\"ngg-gallery-thumbnail\">\n            <a href=\"http:\/\/www.karate-neuhofen.at\/wp-content\/gallery\/sommercamp-2014\/dsc_5089.jpg\"\n               title=\"\"\n               data-src=\"http:\/\/www.karate-neuhofen.at\/wp-content\/gallery\/sommercamp-2014\/dsc_5089.jpg\"\n               data-thumbnail=\"http:\/\/www.karate-neuhofen.at\/wp-content\/gallery\/sommercamp-2014\/thumbs\/thumbs_dsc_5089.jpg\"\n               data-image-id=\"6760\"\n               data-title=\"dsc_5089\"\n               data-description=\"\"\n               data-image-slug=\"dsc_5089\"\n               class=\"shutterset_a6d0251e289b9d2023c6d431c5710d04\">\n                <img\n                    title=\"dsc_5089\"\n                    alt=\"dsc_5089\"\n                    src=\"http:\/\/www.karate-neuhofen.at\/wp-content\/gallery\/sommercamp-2014\/thumbs\/thumbs_dsc_5089.jpg\"\n                    width=\"49\"\n                    height=\"75\"\n                    style=\"max-width:100%;\"\n                \/>\n            <\/a>\n        <\/div>\n\t\t\t\t\t\t\t<\/div> \n\t\t\t\n        \n\t\t\t\t<div id=\"ngg-image-108\" class=\"ngg-gallery-thumbnail-box\" >\n\t\t\t\t        <div class=\"ngg-gallery-thumbnail\">\n            <a href=\"http:\/\/www.karate-neuhofen.at\/wp-content\/gallery\/sommercamp-2014\/dsc_5092.jpg\"\n               title=\"\"\n               data-src=\"http:\/\/www.karate-neuhofen.at\/wp-content\/gallery\/sommercamp-2014\/dsc_5092.jpg\"\n               data-thumbnail=\"http:\/\/www.karate-neuhofen.at\/wp-content\/gallery\/sommercamp-2014\/thumbs\/thumbs_dsc_5092.jpg\"\n               data-image-id=\"6761\"\n               data-title=\"dsc_5092\"\n               data-description=\"\"\n               data-image-slug=\"dsc_5092\"\n               class=\"shutterset_a6d0251e289b9d2023c6d431c5710d04\">\n                <img\n                    title=\"dsc_5092\"\n                    alt=\"dsc_5092\"\n                    src=\"http:\/\/www.karate-neuhofen.at\/wp-content\/gallery\/sommercamp-2014\/thumbs\/thumbs_dsc_5092.jpg\"\n                    width=\"49\"\n                    height=\"75\"\n                    style=\"max-width:100%;\"\n                \/>\n            <\/a>\n        <\/div>\n\t\t\t\t\t\t\t<\/div> \n\t\t\t\n        \n\t\t\t\t<div id=\"ngg-image-109\" class=\"ngg-gallery-thumbnail-box\" >\n\t\t\t\t        <div class=\"ngg-gallery-thumbnail\">\n            <a href=\"http:\/\/www.karate-neuhofen.at\/wp-content\/gallery\/sommercamp-2014\/dsc_5096.jpg\"\n               title=\"\"\n               data-src=\"http:\/\/www.karate-neuhofen.at\/wp-content\/gallery\/sommercamp-2014\/dsc_5096.jpg\"\n               data-thumbnail=\"http:\/\/www.karate-neuhofen.at\/wp-content\/gallery\/sommercamp-2014\/thumbs\/thumbs_dsc_5096.jpg\"\n               data-image-id=\"6762\"\n               data-title=\"dsc_5096\"\n               data-description=\"\"\n               data-image-slug=\"dsc_5096\"\n               class=\"shutterset_a6d0251e289b9d2023c6d431c5710d04\">\n                <img\n                    title=\"dsc_5096\"\n                    alt=\"dsc_5096\"\n                    src=\"http:\/\/www.karate-neuhofen.at\/wp-content\/gallery\/sommercamp-2014\/thumbs\/thumbs_dsc_5096.jpg\"\n                    width=\"49\"\n                    height=\"75\"\n                    style=\"max-width:100%;\"\n                \/>\n            <\/a>\n        <\/div>\n\t\t\t\t\t\t\t<\/div> \n\t\t\t\n        \n\t\t\t\t<div id=\"ngg-image-110\" class=\"ngg-gallery-thumbnail-box\" >\n\t\t\t\t        <div class=\"ngg-gallery-thumbnail\">\n            <a href=\"http:\/\/www.karate-neuhofen.at\/wp-content\/gallery\/sommercamp-2014\/dsc_5100.jpg\"\n               title=\"\"\n               data-src=\"http:\/\/www.karate-neuhofen.at\/wp-content\/gallery\/sommercamp-2014\/dsc_5100.jpg\"\n               data-thumbnail=\"http:\/\/www.karate-neuhofen.at\/wp-content\/gallery\/sommercamp-2014\/thumbs\/thumbs_dsc_5100.jpg\"\n               data-image-id=\"6763\"\n               data-title=\"dsc_5100\"\n               data-description=\"\"\n               data-image-slug=\"dsc_5100\"\n               class=\"shutterset_a6d0251e289b9d2023c6d431c5710d04\">\n                <img\n                    title=\"dsc_5100\"\n                    alt=\"dsc_5100\"\n                    src=\"http:\/\/www.karate-neuhofen.at\/wp-content\/gallery\/sommercamp-2014\/thumbs\/thumbs_dsc_5100.jpg\"\n                    width=\"49\"\n                    height=\"75\"\n                    style=\"max-width:100%;\"\n                \/>\n            <\/a>\n        <\/div>\n\t\t\t\t\t\t\t<\/div> \n\t\t\t\n        \n\t\t\t\t<div id=\"ngg-image-111\" class=\"ngg-gallery-thumbnail-box\" >\n\t\t\t\t        <div class=\"ngg-gallery-thumbnail\">\n            <a href=\"http:\/\/www.karate-neuhofen.at\/wp-content\/gallery\/sommercamp-2014\/dsc_5115.jpg\"\n               title=\"\"\n               data-src=\"http:\/\/www.karate-neuhofen.at\/wp-content\/gallery\/sommercamp-2014\/dsc_5115.jpg\"\n               data-thumbnail=\"http:\/\/www.karate-neuhofen.at\/wp-content\/gallery\/sommercamp-2014\/thumbs\/thumbs_dsc_5115.jpg\"\n               data-image-id=\"6764\"\n               data-title=\"dsc_5115\"\n               data-description=\"\"\n               data-image-slug=\"dsc_5115\"\n               class=\"shutterset_a6d0251e289b9d2023c6d431c5710d04\">\n                <img\n                    title=\"dsc_5115\"\n                    alt=\"dsc_5115\"\n                    src=\"http:\/\/www.karate-neuhofen.at\/wp-content\/gallery\/sommercamp-2014\/thumbs\/thumbs_dsc_5115.jpg\"\n                    width=\"100\"\n                    height=\"66\"\n                    style=\"max-width:100%;\"\n                \/>\n            <\/a>\n        <\/div>\n\t\t\t\t\t\t\t<\/div> \n\t\t\t\n        \n\t\t\t\t<div id=\"ngg-image-112\" class=\"ngg-gallery-thumbnail-box\" >\n\t\t\t\t        <div class=\"ngg-gallery-thumbnail\">\n            <a href=\"http:\/\/www.karate-neuhofen.at\/wp-content\/gallery\/sommercamp-2014\/dsc_5118.jpg\"\n               title=\"\"\n               data-src=\"http:\/\/www.karate-neuhofen.at\/wp-content\/gallery\/sommercamp-2014\/dsc_5118.jpg\"\n               data-thumbnail=\"http:\/\/www.karate-neuhofen.at\/wp-content\/gallery\/sommercamp-2014\/thumbs\/thumbs_dsc_5118.jpg\"\n               data-image-id=\"6766\"\n               data-title=\"dsc_5118\"\n               data-description=\"\"\n               data-image-slug=\"dsc_5118\"\n               class=\"shutterset_a6d0251e289b9d2023c6d431c5710d04\">\n                <img\n                    title=\"dsc_5118\"\n                    alt=\"dsc_5118\"\n                    src=\"http:\/\/www.karate-neuhofen.at\/wp-content\/gallery\/sommercamp-2014\/thumbs\/thumbs_dsc_5118.jpg\"\n                    width=\"100\"\n                    height=\"66\"\n                    style=\"max-width:100%;\"\n                \/>\n            <\/a>\n        <\/div>\n\t\t\t\t\t\t\t<\/div> \n\t\t\t\n        \n\t\t\t\t<div id=\"ngg-image-113\" class=\"ngg-gallery-thumbnail-box\" >\n\t\t\t\t        <div class=\"ngg-gallery-thumbnail\">\n            <a href=\"http:\/\/www.karate-neuhofen.at\/wp-content\/gallery\/sommercamp-2014\/dsc_5119.jpg\"\n               title=\"\"\n               data-src=\"http:\/\/www.karate-neuhofen.at\/wp-content\/gallery\/sommercamp-2014\/dsc_5119.jpg\"\n               data-thumbnail=\"http:\/\/www.karate-neuhofen.at\/wp-content\/gallery\/sommercamp-2014\/thumbs\/thumbs_dsc_5119.jpg\"\n               data-image-id=\"6767\"\n               data-title=\"dsc_5119\"\n               data-description=\"\"\n               data-image-slug=\"dsc_5119\"\n               class=\"shutterset_a6d0251e289b9d2023c6d431c5710d04\">\n                <img\n                    title=\"dsc_5119\"\n                    alt=\"dsc_5119\"\n                    src=\"http:\/\/www.karate-neuhofen.at\/wp-content\/gallery\/sommercamp-2014\/thumbs\/thumbs_dsc_5119.jpg\"\n                    width=\"49\"\n                    height=\"75\"\n                    style=\"max-width:100%;\"\n                \/>\n            <\/a>\n        <\/div>\n\t\t\t\t\t\t\t<\/div> \n\t\t\t\n        \n\t\t\t\t<div id=\"ngg-image-114\" class=\"ngg-gallery-thumbnail-box\" >\n\t\t\t\t        <div class=\"ngg-gallery-thumbnail\">\n            <a href=\"http:\/\/www.karate-neuhofen.at\/wp-content\/gallery\/sommercamp-2014\/dsc_5126.jpg\"\n               title=\"\"\n               data-src=\"http:\/\/www.karate-neuhofen.at\/wp-content\/gallery\/sommercamp-2014\/dsc_5126.jpg\"\n               data-thumbnail=\"http:\/\/www.karate-neuhofen.at\/wp-content\/gallery\/sommercamp-2014\/thumbs\/thumbs_dsc_5126.jpg\"\n               data-image-id=\"6771\"\n               data-title=\"dsc_5126\"\n               data-description=\"\"\n               data-image-slug=\"dsc_5126\"\n               class=\"shutterset_a6d0251e289b9d2023c6d431c5710d04\">\n                <img\n                    title=\"dsc_5126\"\n                    alt=\"dsc_5126\"\n                    src=\"http:\/\/www.karate-neuhofen.at\/wp-content\/gallery\/sommercamp-2014\/thumbs\/thumbs_dsc_5126.jpg\"\n                    width=\"49\"\n                    height=\"75\"\n                    style=\"max-width:100%;\"\n                \/>\n            <\/a>\n        <\/div>\n\t\t\t\t\t\t\t<\/div> \n\t\t\t\n        \n\t\t\t\t<div id=\"ngg-image-115\" class=\"ngg-gallery-thumbnail-box\" >\n\t\t\t\t        <div class=\"ngg-gallery-thumbnail\">\n            <a href=\"http:\/\/www.karate-neuhofen.at\/wp-content\/gallery\/sommercamp-2014\/dsc_5129.jpg\"\n               title=\"\"\n               data-src=\"http:\/\/www.karate-neuhofen.at\/wp-content\/gallery\/sommercamp-2014\/dsc_5129.jpg\"\n               data-thumbnail=\"http:\/\/www.karate-neuhofen.at\/wp-content\/gallery\/sommercamp-2014\/thumbs\/thumbs_dsc_5129.jpg\"\n               data-image-id=\"6772\"\n               data-title=\"dsc_5129\"\n               data-description=\"\"\n               data-image-slug=\"dsc_5129\"\n               class=\"shutterset_a6d0251e289b9d2023c6d431c5710d04\">\n                <img\n                    title=\"dsc_5129\"\n                    alt=\"dsc_5129\"\n                    src=\"http:\/\/www.karate-neuhofen.at\/wp-content\/gallery\/sommercamp-2014\/thumbs\/thumbs_dsc_5129.jpg\"\n                    width=\"49\"\n                    height=\"75\"\n                    style=\"max-width:100%;\"\n                \/>\n            <\/a>\n        <\/div>\n\t\t\t\t\t\t\t<\/div> \n\t\t\t\n        \n\t\t\t\t<div id=\"ngg-image-116\" class=\"ngg-gallery-thumbnail-box\" >\n\t\t\t\t        <div class=\"ngg-gallery-thumbnail\">\n            <a href=\"http:\/\/www.karate-neuhofen.at\/wp-content\/gallery\/sommercamp-2014\/dsc_5133.jpg\"\n               title=\"\"\n               data-src=\"http:\/\/www.karate-neuhofen.at\/wp-content\/gallery\/sommercamp-2014\/dsc_5133.jpg\"\n               data-thumbnail=\"http:\/\/www.karate-neuhofen.at\/wp-content\/gallery\/sommercamp-2014\/thumbs\/thumbs_dsc_5133.jpg\"\n               data-image-id=\"6774\"\n               data-title=\"dsc_5133\"\n               data-description=\"\"\n               data-image-slug=\"dsc_5133\"\n               class=\"shutterset_a6d0251e289b9d2023c6d431c5710d04\">\n                <img\n                    title=\"dsc_5133\"\n                    alt=\"dsc_5133\"\n                    src=\"http:\/\/www.karate-neuhofen.at\/wp-content\/gallery\/sommercamp-2014\/thumbs\/thumbs_dsc_5133.jpg\"\n                    width=\"100\"\n                    height=\"66\"\n                    style=\"max-width:100%;\"\n                \/>\n            <\/a>\n        <\/div>\n\t\t\t\t\t\t\t<\/div> \n\t\t\t\n        \n\t\t\t\t<div id=\"ngg-image-117\" class=\"ngg-gallery-thumbnail-box\" >\n\t\t\t\t        <div class=\"ngg-gallery-thumbnail\">\n            <a href=\"http:\/\/www.karate-neuhofen.at\/wp-content\/gallery\/sommercamp-2014\/dsc_5137.jpg\"\n               title=\"\"\n               data-src=\"http:\/\/www.karate-neuhofen.at\/wp-content\/gallery\/sommercamp-2014\/dsc_5137.jpg\"\n               data-thumbnail=\"http:\/\/www.karate-neuhofen.at\/wp-content\/gallery\/sommercamp-2014\/thumbs\/thumbs_dsc_5137.jpg\"\n               data-image-id=\"6775\"\n               data-title=\"dsc_5137\"\n               data-description=\"\"\n               data-image-slug=\"dsc_5137\"\n               class=\"shutterset_a6d0251e289b9d2023c6d431c5710d04\">\n                <img\n                    title=\"dsc_5137\"\n                    alt=\"dsc_5137\"\n                    src=\"http:\/\/www.karate-neuhofen.at\/wp-content\/gallery\/sommercamp-2014\/thumbs\/thumbs_dsc_5137.jpg\"\n                    width=\"100\"\n                    height=\"66\"\n                    style=\"max-width:100%;\"\n                \/>\n            <\/a>\n        <\/div>\n\t\t\t\t\t\t\t<\/div> \n\t\t\t\n        \n\t\t\t\t<div id=\"ngg-image-118\" class=\"ngg-gallery-thumbnail-box\" >\n\t\t\t\t        <div class=\"ngg-gallery-thumbnail\">\n            <a href=\"http:\/\/www.karate-neuhofen.at\/wp-content\/gallery\/sommercamp-2014\/dsc_5142.jpg\"\n               title=\"\"\n               data-src=\"http:\/\/www.karate-neuhofen.at\/wp-content\/gallery\/sommercamp-2014\/dsc_5142.jpg\"\n               data-thumbnail=\"http:\/\/www.karate-neuhofen.at\/wp-content\/gallery\/sommercamp-2014\/thumbs\/thumbs_dsc_5142.jpg\"\n               data-image-id=\"6776\"\n               data-title=\"dsc_5142\"\n               data-description=\"\"\n               data-image-slug=\"dsc_5142\"\n               class=\"shutterset_a6d0251e289b9d2023c6d431c5710d04\">\n                <img\n                    title=\"dsc_5142\"\n                    alt=\"dsc_5142\"\n                    src=\"http:\/\/www.karate-neuhofen.at\/wp-content\/gallery\/sommercamp-2014\/thumbs\/thumbs_dsc_5142.jpg\"\n                    width=\"100\"\n                    height=\"66\"\n                    style=\"max-width:100%;\"\n                \/>\n            <\/a>\n        <\/div>\n\t\t\t\t\t\t\t<\/div> \n\t\t\t\n        \n\t\t\t\t<div id=\"ngg-image-119\" class=\"ngg-gallery-thumbnail-box\" >\n\t\t\t\t        <div class=\"ngg-gallery-thumbnail\">\n            <a href=\"http:\/\/www.karate-neuhofen.at\/wp-content\/gallery\/sommercamp-2014\/dsc_5145.jpg\"\n               title=\"\"\n               data-src=\"http:\/\/www.karate-neuhofen.at\/wp-content\/gallery\/sommercamp-2014\/dsc_5145.jpg\"\n               data-thumbnail=\"http:\/\/www.karate-neuhofen.at\/wp-content\/gallery\/sommercamp-2014\/thumbs\/thumbs_dsc_5145.jpg\"\n               data-image-id=\"6777\"\n               data-title=\"dsc_5145\"\n               data-description=\"\"\n               data-image-slug=\"dsc_5145\"\n               class=\"shutterset_a6d0251e289b9d2023c6d431c5710d04\">\n                <img\n                    title=\"dsc_5145\"\n                    alt=\"dsc_5145\"\n                    src=\"http:\/\/www.karate-neuhofen.at\/wp-content\/gallery\/sommercamp-2014\/thumbs\/thumbs_dsc_5145.jpg\"\n                    width=\"100\"\n                    height=\"66\"\n                    style=\"max-width:100%;\"\n                \/>\n            <\/a>\n        <\/div>\n\t\t\t\t\t\t\t<\/div> \n\t\t\t\n        \n\t\t\t\t<div id=\"ngg-image-120\" class=\"ngg-gallery-thumbnail-box\" >\n\t\t\t\t        <div class=\"ngg-gallery-thumbnail\">\n            <a href=\"http:\/\/www.karate-neuhofen.at\/wp-content\/gallery\/sommercamp-2014\/dsc_5148.jpg\"\n               title=\"\"\n               data-src=\"http:\/\/www.karate-neuhofen.at\/wp-content\/gallery\/sommercamp-2014\/dsc_5148.jpg\"\n               data-thumbnail=\"http:\/\/www.karate-neuhofen.at\/wp-content\/gallery\/sommercamp-2014\/thumbs\/thumbs_dsc_5148.jpg\"\n               data-image-id=\"6778\"\n               data-title=\"dsc_5148\"\n               data-description=\"\"\n               data-image-slug=\"dsc_5148\"\n               class=\"shutterset_a6d0251e289b9d2023c6d431c5710d04\">\n                <img\n                    title=\"dsc_5148\"\n                    alt=\"dsc_5148\"\n                    src=\"http:\/\/www.karate-neuhofen.at\/wp-content\/gallery\/sommercamp-2014\/thumbs\/thumbs_dsc_5148.jpg\"\n                    width=\"100\"\n                    height=\"66\"\n                    style=\"max-width:100%;\"\n                \/>\n            <\/a>\n        <\/div>\n\t\t\t\t\t\t\t<\/div> \n\t\t\t\n        \n\t\t\t\t<div id=\"ngg-image-121\" class=\"ngg-gallery-thumbnail-box\" >\n\t\t\t\t        <div class=\"ngg-gallery-thumbnail\">\n            <a href=\"http:\/\/www.karate-neuhofen.at\/wp-content\/gallery\/sommercamp-2014\/dsc_5152.jpg\"\n               title=\"\"\n               data-src=\"http:\/\/www.karate-neuhofen.at\/wp-content\/gallery\/sommercamp-2014\/dsc_5152.jpg\"\n               data-thumbnail=\"http:\/\/www.karate-neuhofen.at\/wp-content\/gallery\/sommercamp-2014\/thumbs\/thumbs_dsc_5152.jpg\"\n               data-image-id=\"6779\"\n               data-title=\"dsc_5152\"\n               data-description=\"\"\n               data-image-slug=\"dsc_5152\"\n               class=\"shutterset_a6d0251e289b9d2023c6d431c5710d04\">\n                <img\n                    title=\"dsc_5152\"\n                    alt=\"dsc_5152\"\n                    src=\"http:\/\/www.karate-neuhofen.at\/wp-content\/gallery\/sommercamp-2014\/thumbs\/thumbs_dsc_5152.jpg\"\n                    width=\"100\"\n                    height=\"66\"\n                    style=\"max-width:100%;\"\n                \/>\n            <\/a>\n        <\/div>\n\t\t\t\t\t\t\t<\/div> \n\t\t\t\n        \n\t\t\t\t<div id=\"ngg-image-122\" class=\"ngg-gallery-thumbnail-box\" >\n\t\t\t\t        <div class=\"ngg-gallery-thumbnail\">\n            <a href=\"http:\/\/www.karate-neuhofen.at\/wp-content\/gallery\/sommercamp-2014\/dsc_5154.jpg\"\n               title=\"\"\n               data-src=\"http:\/\/www.karate-neuhofen.at\/wp-content\/gallery\/sommercamp-2014\/dsc_5154.jpg\"\n               data-thumbnail=\"http:\/\/www.karate-neuhofen.at\/wp-content\/gallery\/sommercamp-2014\/thumbs\/thumbs_dsc_5154.jpg\"\n               data-image-id=\"6780\"\n               data-title=\"dsc_5154\"\n               data-description=\"\"\n               data-image-slug=\"dsc_5154\"\n               class=\"shutterset_a6d0251e289b9d2023c6d431c5710d04\">\n                <img\n                    title=\"dsc_5154\"\n                    alt=\"dsc_5154\"\n                    src=\"http:\/\/www.karate-neuhofen.at\/wp-content\/gallery\/sommercamp-2014\/thumbs\/thumbs_dsc_5154.jpg\"\n                    width=\"100\"\n                    height=\"66\"\n                    style=\"max-width:100%;\"\n                \/>\n            <\/a>\n        <\/div>\n\t\t\t\t\t\t\t<\/div> \n\t\t\t\n        \n\t\t\t\t<div id=\"ngg-image-123\" class=\"ngg-gallery-thumbnail-box\" >\n\t\t\t\t        <div class=\"ngg-gallery-thumbnail\">\n            <a href=\"http:\/\/www.karate-neuhofen.at\/wp-content\/gallery\/sommercamp-2014\/dsc_5184.jpg\"\n               title=\"\"\n               data-src=\"http:\/\/www.karate-neuhofen.at\/wp-content\/gallery\/sommercamp-2014\/dsc_5184.jpg\"\n               data-thumbnail=\"http:\/\/www.karate-neuhofen.at\/wp-content\/gallery\/sommercamp-2014\/thumbs\/thumbs_dsc_5184.jpg\"\n               data-image-id=\"6781\"\n               data-title=\"dsc_5184\"\n               data-description=\"\"\n               data-image-slug=\"dsc_5184\"\n               class=\"shutterset_a6d0251e289b9d2023c6d431c5710d04\">\n                <img\n                    title=\"dsc_5184\"\n                    alt=\"dsc_5184\"\n                    src=\"http:\/\/www.karate-neuhofen.at\/wp-content\/gallery\/sommercamp-2014\/thumbs\/thumbs_dsc_5184.jpg\"\n                    width=\"100\"\n                    height=\"66\"\n                    style=\"max-width:100%;\"\n                \/>\n            <\/a>\n        <\/div>\n\t\t\t\t\t\t\t<\/div> \n\t\t\t\n        \n\t\t\t\t<div id=\"ngg-image-124\" class=\"ngg-gallery-thumbnail-box\" >\n\t\t\t\t        <div class=\"ngg-gallery-thumbnail\">\n            <a href=\"http:\/\/www.karate-neuhofen.at\/wp-content\/gallery\/sommercamp-2014\/dsc_5197.jpg\"\n               title=\"\"\n               data-src=\"http:\/\/www.karate-neuhofen.at\/wp-content\/gallery\/sommercamp-2014\/dsc_5197.jpg\"\n               data-thumbnail=\"http:\/\/www.karate-neuhofen.at\/wp-content\/gallery\/sommercamp-2014\/thumbs\/thumbs_dsc_5197.jpg\"\n               data-image-id=\"6782\"\n               data-title=\"dsc_5197\"\n               data-description=\"\"\n               data-image-slug=\"dsc_5197\"\n               class=\"shutterset_a6d0251e289b9d2023c6d431c5710d04\">\n                <img\n                    title=\"dsc_5197\"\n                    alt=\"dsc_5197\"\n                    src=\"http:\/\/www.karate-neuhofen.at\/wp-content\/gallery\/sommercamp-2014\/thumbs\/thumbs_dsc_5197.jpg\"\n                    width=\"100\"\n                    height=\"66\"\n                    style=\"max-width:100%;\"\n                \/>\n            <\/a>\n        <\/div>\n\t\t\t\t\t\t\t<\/div> \n\t\t\t\n        \n\t\t\t\t<div id=\"ngg-image-125\" class=\"ngg-gallery-thumbnail-box\" >\n\t\t\t\t        <div class=\"ngg-gallery-thumbnail\">\n            <a href=\"http:\/\/www.karate-neuhofen.at\/wp-content\/gallery\/sommercamp-2014\/dsc_5199.jpg\"\n               title=\"\"\n               data-src=\"http:\/\/www.karate-neuhofen.at\/wp-content\/gallery\/sommercamp-2014\/dsc_5199.jpg\"\n               data-thumbnail=\"http:\/\/www.karate-neuhofen.at\/wp-content\/gallery\/sommercamp-2014\/thumbs\/thumbs_dsc_5199.jpg\"\n               data-image-id=\"6783\"\n               data-title=\"dsc_5199\"\n               data-description=\"\"\n               data-image-slug=\"dsc_5199\"\n               class=\"shutterset_a6d0251e289b9d2023c6d431c5710d04\">\n                <img\n                    title=\"dsc_5199\"\n                    alt=\"dsc_5199\"\n                    src=\"http:\/\/www.karate-neuhofen.at\/wp-content\/gallery\/sommercamp-2014\/thumbs\/thumbs_dsc_5199.jpg\"\n                    width=\"49\"\n                    height=\"75\"\n                    style=\"max-width:100%;\"\n                \/>\n            <\/a>\n        <\/div>\n\t\t\t\t\t\t\t<\/div> \n\t\t\t\n        \n\t\t\t\t<div id=\"ngg-image-126\" class=\"ngg-gallery-thumbnail-box\" >\n\t\t\t\t        <div class=\"ngg-gallery-thumbnail\">\n            <a href=\"http:\/\/www.karate-neuhofen.at\/wp-content\/gallery\/sommercamp-2014\/dsc_5201.jpg\"\n               title=\"\"\n               data-src=\"http:\/\/www.karate-neuhofen.at\/wp-content\/gallery\/sommercamp-2014\/dsc_5201.jpg\"\n               data-thumbnail=\"http:\/\/www.karate-neuhofen.at\/wp-content\/gallery\/sommercamp-2014\/thumbs\/thumbs_dsc_5201.jpg\"\n               data-image-id=\"6784\"\n               data-title=\"dsc_5201\"\n               data-description=\"\"\n               data-image-slug=\"dsc_5201\"\n               class=\"shutterset_a6d0251e289b9d2023c6d431c5710d04\">\n                <img\n                    title=\"dsc_5201\"\n                    alt=\"dsc_5201\"\n                    src=\"http:\/\/www.karate-neuhofen.at\/wp-content\/gallery\/sommercamp-2014\/thumbs\/thumbs_dsc_5201.jpg\"\n                    width=\"100\"\n                    height=\"66\"\n                    style=\"max-width:100%;\"\n                \/>\n            <\/a>\n        <\/div>\n\t\t\t\t\t\t\t<\/div> \n\t\t\t\n        \n\t\t\t\t<div id=\"ngg-image-127\" class=\"ngg-gallery-thumbnail-box\" >\n\t\t\t\t        <div class=\"ngg-gallery-thumbnail\">\n            <a href=\"http:\/\/www.karate-neuhofen.at\/wp-content\/gallery\/sommercamp-2014\/dsc_5204.jpg\"\n               title=\"\"\n               data-src=\"http:\/\/www.karate-neuhofen.at\/wp-content\/gallery\/sommercamp-2014\/dsc_5204.jpg\"\n               data-thumbnail=\"http:\/\/www.karate-neuhofen.at\/wp-content\/gallery\/sommercamp-2014\/thumbs\/thumbs_dsc_5204.jpg\"\n               data-image-id=\"6785\"\n               data-title=\"dsc_5204\"\n               data-description=\"\"\n               data-image-slug=\"dsc_5204\"\n               class=\"shutterset_a6d0251e289b9d2023c6d431c5710d04\">\n                <img\n                    title=\"dsc_5204\"\n                    alt=\"dsc_5204\"\n                    src=\"http:\/\/www.karate-neuhofen.at\/wp-content\/gallery\/sommercamp-2014\/thumbs\/thumbs_dsc_5204.jpg\"\n                    width=\"49\"\n                    height=\"75\"\n                    style=\"max-width:100%;\"\n                \/>\n            <\/a>\n        <\/div>\n\t\t\t\t\t\t\t<\/div> \n\t\t\t\n        \n\t\t\t\t<div id=\"ngg-image-128\" class=\"ngg-gallery-thumbnail-box\" >\n\t\t\t\t        <div class=\"ngg-gallery-thumbnail\">\n            <a href=\"http:\/\/www.karate-neuhofen.at\/wp-content\/gallery\/sommercamp-2014\/dsc_5209.jpg\"\n               title=\"\"\n               data-src=\"http:\/\/www.karate-neuhofen.at\/wp-content\/gallery\/sommercamp-2014\/dsc_5209.jpg\"\n               data-thumbnail=\"http:\/\/www.karate-neuhofen.at\/wp-content\/gallery\/sommercamp-2014\/thumbs\/thumbs_dsc_5209.jpg\"\n               data-image-id=\"6786\"\n               data-title=\"dsc_5209\"\n               data-description=\"\"\n               data-image-slug=\"dsc_5209\"\n               class=\"shutterset_a6d0251e289b9d2023c6d431c5710d04\">\n                <img\n                    title=\"dsc_5209\"\n                    alt=\"dsc_5209\"\n                    src=\"http:\/\/www.karate-neuhofen.at\/wp-content\/gallery\/sommercamp-2014\/thumbs\/thumbs_dsc_5209.jpg\"\n                    width=\"100\"\n                    height=\"66\"\n                    style=\"max-width:100%;\"\n                \/>\n            <\/a>\n        <\/div>\n\t\t\t\t\t\t\t<\/div> \n\t\t\t\n        \n\t\t\t\t<div id=\"ngg-image-129\" class=\"ngg-gallery-thumbnail-box\" >\n\t\t\t\t        <div class=\"ngg-gallery-thumbnail\">\n            <a href=\"http:\/\/www.karate-neuhofen.at\/wp-content\/gallery\/sommercamp-2014\/dsc_5215.jpg\"\n               title=\"\"\n               data-src=\"http:\/\/www.karate-neuhofen.at\/wp-content\/gallery\/sommercamp-2014\/dsc_5215.jpg\"\n               data-thumbnail=\"http:\/\/www.karate-neuhofen.at\/wp-content\/gallery\/sommercamp-2014\/thumbs\/thumbs_dsc_5215.jpg\"\n               data-image-id=\"6787\"\n               data-title=\"dsc_5215\"\n               data-description=\"\"\n               data-image-slug=\"dsc_5215\"\n               class=\"shutterset_a6d0251e289b9d2023c6d431c5710d04\">\n                <img\n                    title=\"dsc_5215\"\n                    alt=\"dsc_5215\"\n                    src=\"http:\/\/www.karate-neuhofen.at\/wp-content\/gallery\/sommercamp-2014\/thumbs\/thumbs_dsc_5215.jpg\"\n                    width=\"100\"\n                    height=\"66\"\n                    style=\"max-width:100%;\"\n                \/>\n            <\/a>\n        <\/div>\n\t\t\t\t\t\t\t<\/div> \n\t\t\t\n        \n\t\t\t\t<div id=\"ngg-image-130\" class=\"ngg-gallery-thumbnail-box\" >\n\t\t\t\t        <div class=\"ngg-gallery-thumbnail\">\n            <a href=\"http:\/\/www.karate-neuhofen.at\/wp-content\/gallery\/sommercamp-2014\/dsc_5221.jpg\"\n               title=\"\"\n               data-src=\"http:\/\/www.karate-neuhofen.at\/wp-content\/gallery\/sommercamp-2014\/dsc_5221.jpg\"\n               data-thumbnail=\"http:\/\/www.karate-neuhofen.at\/wp-content\/gallery\/sommercamp-2014\/thumbs\/thumbs_dsc_5221.jpg\"\n               data-image-id=\"6788\"\n               data-title=\"dsc_5221\"\n               data-description=\"\"\n               data-image-slug=\"dsc_5221\"\n               class=\"shutterset_a6d0251e289b9d2023c6d431c5710d04\">\n                <img\n                    title=\"dsc_5221\"\n                    alt=\"dsc_5221\"\n                    src=\"http:\/\/www.karate-neuhofen.at\/wp-content\/gallery\/sommercamp-2014\/thumbs\/thumbs_dsc_5221.jpg\"\n                    width=\"100\"\n                    height=\"66\"\n                    style=\"max-width:100%;\"\n                \/>\n            <\/a>\n        <\/div>\n\t\t\t\t\t\t\t<\/div> \n\t\t\t\n        \n\t\t\t\t<div id=\"ngg-image-131\" class=\"ngg-gallery-thumbnail-box\" >\n\t\t\t\t        <div class=\"ngg-gallery-thumbnail\">\n            <a href=\"http:\/\/www.karate-neuhofen.at\/wp-content\/gallery\/sommercamp-2014\/dsc_5235.jpg\"\n               title=\"\"\n               data-src=\"http:\/\/www.karate-neuhofen.at\/wp-content\/gallery\/sommercamp-2014\/dsc_5235.jpg\"\n               data-thumbnail=\"http:\/\/www.karate-neuhofen.at\/wp-content\/gallery\/sommercamp-2014\/thumbs\/thumbs_dsc_5235.jpg\"\n               data-image-id=\"6789\"\n               data-title=\"dsc_5235\"\n               data-description=\"\"\n               data-image-slug=\"dsc_5235\"\n               class=\"shutterset_a6d0251e289b9d2023c6d431c5710d04\">\n                <img\n                    title=\"dsc_5235\"\n                    alt=\"dsc_5235\"\n                    src=\"http:\/\/www.karate-neuhofen.at\/wp-content\/gallery\/sommercamp-2014\/thumbs\/thumbs_dsc_5235.jpg\"\n                    width=\"100\"\n                    height=\"66\"\n                    style=\"max-width:100%;\"\n                \/>\n            <\/a>\n        <\/div>\n\t\t\t\t\t\t\t<\/div> \n\t\t\t\n        \n\t\t\t\t<div id=\"ngg-image-132\" class=\"ngg-gallery-thumbnail-box\" >\n\t\t\t\t        <div class=\"ngg-gallery-thumbnail\">\n            <a href=\"http:\/\/www.karate-neuhofen.at\/wp-content\/gallery\/sommercamp-2014\/dsc_5240.jpg\"\n               title=\"\"\n               data-src=\"http:\/\/www.karate-neuhofen.at\/wp-content\/gallery\/sommercamp-2014\/dsc_5240.jpg\"\n               data-thumbnail=\"http:\/\/www.karate-neuhofen.at\/wp-content\/gallery\/sommercamp-2014\/thumbs\/thumbs_dsc_5240.jpg\"\n               data-image-id=\"6790\"\n               data-title=\"dsc_5240\"\n               data-description=\"\"\n               data-image-slug=\"dsc_5240\"\n               class=\"shutterset_a6d0251e289b9d2023c6d431c5710d04\">\n                <img\n                    title=\"dsc_5240\"\n                    alt=\"dsc_5240\"\n                    src=\"http:\/\/www.karate-neuhofen.at\/wp-content\/gallery\/sommercamp-2014\/thumbs\/thumbs_dsc_5240.jpg\"\n                    width=\"100\"\n                    height=\"66\"\n                    style=\"max-width:100%;\"\n                \/>\n            <\/a>\n        <\/div>\n\t\t\t\t\t\t\t<\/div> \n\t\t\t\n        \n\t\t\t\t<div id=\"ngg-image-133\" class=\"ngg-gallery-thumbnail-box\" >\n\t\t\t\t        <div class=\"ngg-gallery-thumbnail\">\n            <a href=\"http:\/\/www.karate-neuhofen.at\/wp-content\/gallery\/sommercamp-2014\/dsc_5286.jpg\"\n               title=\"\"\n               data-src=\"http:\/\/www.karate-neuhofen.at\/wp-content\/gallery\/sommercamp-2014\/dsc_5286.jpg\"\n               data-thumbnail=\"http:\/\/www.karate-neuhofen.at\/wp-content\/gallery\/sommercamp-2014\/thumbs\/thumbs_dsc_5286.jpg\"\n               data-image-id=\"6792\"\n               data-title=\"dsc_5286\"\n               data-description=\"\"\n               data-image-slug=\"dsc_5286\"\n               class=\"shutterset_a6d0251e289b9d2023c6d431c5710d04\">\n                <img\n                    title=\"dsc_5286\"\n                    alt=\"dsc_5286\"\n                    src=\"http:\/\/www.karate-neuhofen.at\/wp-content\/gallery\/sommercamp-2014\/thumbs\/thumbs_dsc_5286.jpg\"\n                    width=\"100\"\n                    height=\"66\"\n                    style=\"max-width:100%;\"\n                \/>\n            <\/a>\n        <\/div>\n\t\t\t\t\t\t\t<\/div> \n\t\t\t\n        \n\t\t\t\t<div id=\"ngg-image-134\" class=\"ngg-gallery-thumbnail-box\" >\n\t\t\t\t        <div class=\"ngg-gallery-thumbnail\">\n            <a href=\"http:\/\/www.karate-neuhofen.at\/wp-content\/gallery\/sommercamp-2014\/dsc_5299.jpg\"\n               title=\"\"\n               data-src=\"http:\/\/www.karate-neuhofen.at\/wp-content\/gallery\/sommercamp-2014\/dsc_5299.jpg\"\n               data-thumbnail=\"http:\/\/www.karate-neuhofen.at\/wp-content\/gallery\/sommercamp-2014\/thumbs\/thumbs_dsc_5299.jpg\"\n               data-image-id=\"6793\"\n               data-title=\"dsc_5299\"\n               data-description=\"\"\n               data-image-slug=\"dsc_5299\"\n               class=\"shutterset_a6d0251e289b9d2023c6d431c5710d04\">\n                <img\n                    title=\"dsc_5299\"\n                    alt=\"dsc_5299\"\n                    src=\"http:\/\/www.karate-neuhofen.at\/wp-content\/gallery\/sommercamp-2014\/thumbs\/thumbs_dsc_5299.jpg\"\n                    width=\"100\"\n                    height=\"66\"\n                    style=\"max-width:100%;\"\n                \/>\n            <\/a>\n        <\/div>\n\t\t\t\t\t\t\t<\/div> \n\t\t\t\n        \n\t\t\t\t<div id=\"ngg-image-135\" class=\"ngg-gallery-thumbnail-box\" >\n\t\t\t\t        <div class=\"ngg-gallery-thumbnail\">\n            <a href=\"http:\/\/www.karate-neuhofen.at\/wp-content\/gallery\/sommercamp-2014\/dsc_5328.jpg\"\n               title=\"\"\n               data-src=\"http:\/\/www.karate-neuhofen.at\/wp-content\/gallery\/sommercamp-2014\/dsc_5328.jpg\"\n               data-thumbnail=\"http:\/\/www.karate-neuhofen.at\/wp-content\/gallery\/sommercamp-2014\/thumbs\/thumbs_dsc_5328.jpg\"\n               data-image-id=\"6794\"\n               data-title=\"dsc_5328\"\n               data-description=\"\"\n               data-image-slug=\"dsc_5328\"\n               class=\"shutterset_a6d0251e289b9d2023c6d431c5710d04\">\n                <img\n                    title=\"dsc_5328\"\n                    alt=\"dsc_5328\"\n                    src=\"http:\/\/www.karate-neuhofen.at\/wp-content\/gallery\/sommercamp-2014\/thumbs\/thumbs_dsc_5328.jpg\"\n                    width=\"49\"\n                    height=\"75\"\n                    style=\"max-width:100%;\"\n                \/>\n            <\/a>\n        <\/div>\n\t\t\t\t\t\t\t<\/div> \n\t\t\t\n        \n\t\t\t\t<div id=\"ngg-image-136\" class=\"ngg-gallery-thumbnail-box\" >\n\t\t\t\t        <div class=\"ngg-gallery-thumbnail\">\n            <a href=\"http:\/\/www.karate-neuhofen.at\/wp-content\/gallery\/sommercamp-2014\/dsc_5353.jpg\"\n               title=\"\"\n               data-src=\"http:\/\/www.karate-neuhofen.at\/wp-content\/gallery\/sommercamp-2014\/dsc_5353.jpg\"\n               data-thumbnail=\"http:\/\/www.karate-neuhofen.at\/wp-content\/gallery\/sommercamp-2014\/thumbs\/thumbs_dsc_5353.jpg\"\n               data-image-id=\"6796\"\n               data-title=\"dsc_5353\"\n               data-description=\"\"\n               data-image-slug=\"dsc_5353\"\n               class=\"shutterset_a6d0251e289b9d2023c6d431c5710d04\">\n                <img\n                    title=\"dsc_5353\"\n                    alt=\"dsc_5353\"\n                    src=\"http:\/\/www.karate-neuhofen.at\/wp-content\/gallery\/sommercamp-2014\/thumbs\/thumbs_dsc_5353.jpg\"\n                    width=\"100\"\n                    height=\"66\"\n                    style=\"max-width:100%;\"\n                \/>\n            <\/a>\n        <\/div>\n\t\t\t\t\t\t\t<\/div> \n\t\t\t\n        \n\t\t\t\t<div id=\"ngg-image-137\" class=\"ngg-gallery-thumbnail-box\" >\n\t\t\t\t        <div class=\"ngg-gallery-thumbnail\">\n            <a href=\"http:\/\/www.karate-neuhofen.at\/wp-content\/gallery\/sommercamp-2014\/dsc_5378.jpg\"\n               title=\"\"\n               data-src=\"http:\/\/www.karate-neuhofen.at\/wp-content\/gallery\/sommercamp-2014\/dsc_5378.jpg\"\n               data-thumbnail=\"http:\/\/www.karate-neuhofen.at\/wp-content\/gallery\/sommercamp-2014\/thumbs\/thumbs_dsc_5378.jpg\"\n               data-image-id=\"6799\"\n               data-title=\"dsc_5378\"\n               data-description=\"\"\n               data-image-slug=\"dsc_5378\"\n               class=\"shutterset_a6d0251e289b9d2023c6d431c5710d04\">\n                <img\n                    title=\"dsc_5378\"\n                    alt=\"dsc_5378\"\n                    src=\"http:\/\/www.karate-neuhofen.at\/wp-content\/gallery\/sommercamp-2014\/thumbs\/thumbs_dsc_5378.jpg\"\n                    width=\"100\"\n                    height=\"66\"\n                    style=\"max-width:100%;\"\n                \/>\n            <\/a>\n        <\/div>\n\t\t\t\t\t\t\t<\/div> \n\t\t\t\n        \n\t\t\t\t<div id=\"ngg-image-138\" class=\"ngg-gallery-thumbnail-box\" >\n\t\t\t\t        <div class=\"ngg-gallery-thumbnail\">\n            <a href=\"http:\/\/www.karate-neuhofen.at\/wp-content\/gallery\/sommercamp-2014\/dsc_5390.jpg\"\n               title=\"\"\n               data-src=\"http:\/\/www.karate-neuhofen.at\/wp-content\/gallery\/sommercamp-2014\/dsc_5390.jpg\"\n               data-thumbnail=\"http:\/\/www.karate-neuhofen.at\/wp-content\/gallery\/sommercamp-2014\/thumbs\/thumbs_dsc_5390.jpg\"\n               data-image-id=\"6800\"\n               data-title=\"dsc_5390\"\n               data-description=\"\"\n               data-image-slug=\"dsc_5390\"\n               class=\"shutterset_a6d0251e289b9d2023c6d431c5710d04\">\n                <img\n                    title=\"dsc_5390\"\n                    alt=\"dsc_5390\"\n                    src=\"http:\/\/www.karate-neuhofen.at\/wp-content\/gallery\/sommercamp-2014\/thumbs\/thumbs_dsc_5390.jpg\"\n                    width=\"100\"\n                    height=\"66\"\n                    style=\"max-width:100%;\"\n                \/>\n            <\/a>\n        <\/div>\n\t\t\t\t\t\t\t<\/div> \n\t\t\t\n        \n\t\t\t\t<div id=\"ngg-image-139\" class=\"ngg-gallery-thumbnail-box\" >\n\t\t\t\t        <div class=\"ngg-gallery-thumbnail\">\n            <a href=\"http:\/\/www.karate-neuhofen.at\/wp-content\/gallery\/sommercamp-2014\/dsc_5430.jpg\"\n               title=\"\"\n               data-src=\"http:\/\/www.karate-neuhofen.at\/wp-content\/gallery\/sommercamp-2014\/dsc_5430.jpg\"\n               data-thumbnail=\"http:\/\/www.karate-neuhofen.at\/wp-content\/gallery\/sommercamp-2014\/thumbs\/thumbs_dsc_5430.jpg\"\n               data-image-id=\"6802\"\n               data-title=\"dsc_5430\"\n               data-description=\"\"\n               data-image-slug=\"dsc_5430\"\n               class=\"shutterset_a6d0251e289b9d2023c6d431c5710d04\">\n                <img\n                    title=\"dsc_5430\"\n                    alt=\"dsc_5430\"\n                    src=\"http:\/\/www.karate-neuhofen.at\/wp-content\/gallery\/sommercamp-2014\/thumbs\/thumbs_dsc_5430.jpg\"\n                    width=\"100\"\n                    height=\"66\"\n                    style=\"max-width:100%;\"\n                \/>\n            <\/a>\n        <\/div>\n\t\t\t\t\t\t\t<\/div> \n\t\t\t\n        \n\t\t\t\t<div id=\"ngg-image-140\" class=\"ngg-gallery-thumbnail-box\" >\n\t\t\t\t        <div class=\"ngg-gallery-thumbnail\">\n            <a href=\"http:\/\/www.karate-neuhofen.at\/wp-content\/gallery\/sommercamp-2014\/dsc_5437.jpg\"\n               title=\"\"\n               data-src=\"http:\/\/www.karate-neuhofen.at\/wp-content\/gallery\/sommercamp-2014\/dsc_5437.jpg\"\n               data-thumbnail=\"http:\/\/www.karate-neuhofen.at\/wp-content\/gallery\/sommercamp-2014\/thumbs\/thumbs_dsc_5437.jpg\"\n               data-image-id=\"6804\"\n               data-title=\"dsc_5437\"\n               data-description=\"\"\n               data-image-slug=\"dsc_5437\"\n               class=\"shutterset_a6d0251e289b9d2023c6d431c5710d04\">\n                <img\n                    title=\"dsc_5437\"\n                    alt=\"dsc_5437\"\n                    src=\"http:\/\/www.karate-neuhofen.at\/wp-content\/gallery\/sommercamp-2014\/thumbs\/thumbs_dsc_5437.jpg\"\n                    width=\"100\"\n                    height=\"66\"\n                    style=\"max-width:100%;\"\n                \/>\n            <\/a>\n        <\/div>\n\t\t\t\t\t\t\t<\/div> \n\t\t\t\n        \n\t\t\t\t<div id=\"ngg-image-141\" class=\"ngg-gallery-thumbnail-box\" >\n\t\t\t\t        <div class=\"ngg-gallery-thumbnail\">\n            <a href=\"http:\/\/www.karate-neuhofen.at\/wp-content\/gallery\/sommercamp-2014\/dsc_5440.jpg\"\n               title=\"\"\n               data-src=\"http:\/\/www.karate-neuhofen.at\/wp-content\/gallery\/sommercamp-2014\/dsc_5440.jpg\"\n               data-thumbnail=\"http:\/\/www.karate-neuhofen.at\/wp-content\/gallery\/sommercamp-2014\/thumbs\/thumbs_dsc_5440.jpg\"\n               data-image-id=\"6805\"\n               data-title=\"dsc_5440\"\n               data-description=\"\"\n               data-image-slug=\"dsc_5440\"\n               class=\"shutterset_a6d0251e289b9d2023c6d431c5710d04\">\n                <img\n                    title=\"dsc_5440\"\n                    alt=\"dsc_5440\"\n                    src=\"http:\/\/www.karate-neuhofen.at\/wp-content\/gallery\/sommercamp-2014\/thumbs\/thumbs_dsc_5440.jpg\"\n                    width=\"100\"\n                    height=\"66\"\n                    style=\"max-width:100%;\"\n                \/>\n            <\/a>\n        <\/div>\n\t\t\t\t\t\t\t<\/div> \n\t\t\t\n        \n\t\t\t\t<div id=\"ngg-image-142\" class=\"ngg-gallery-thumbnail-box\" >\n\t\t\t\t        <div class=\"ngg-gallery-thumbnail\">\n            <a href=\"http:\/\/www.karate-neuhofen.at\/wp-content\/gallery\/sommercamp-2014\/dsc_5446.jpg\"\n               title=\"\"\n               data-src=\"http:\/\/www.karate-neuhofen.at\/wp-content\/gallery\/sommercamp-2014\/dsc_5446.jpg\"\n               data-thumbnail=\"http:\/\/www.karate-neuhofen.at\/wp-content\/gallery\/sommercamp-2014\/thumbs\/thumbs_dsc_5446.jpg\"\n               data-image-id=\"6806\"\n               data-title=\"dsc_5446\"\n               data-description=\"\"\n               data-image-slug=\"dsc_5446\"\n               class=\"shutterset_a6d0251e289b9d2023c6d431c5710d04\">\n                <img\n                    title=\"dsc_5446\"\n                    alt=\"dsc_5446\"\n                    src=\"http:\/\/www.karate-neuhofen.at\/wp-content\/gallery\/sommercamp-2014\/thumbs\/thumbs_dsc_5446.jpg\"\n                    width=\"100\"\n                    height=\"66\"\n                    style=\"max-width:100%;\"\n                \/>\n            <\/a>\n        <\/div>\n\t\t\t\t\t\t\t<\/div> \n\t\t\t\n        \n\t\t\t\t<div id=\"ngg-image-143\" class=\"ngg-gallery-thumbnail-box\" >\n\t\t\t\t        <div class=\"ngg-gallery-thumbnail\">\n            <a href=\"http:\/\/www.karate-neuhofen.at\/wp-content\/gallery\/sommercamp-2014\/dsc_5448.jpg\"\n               title=\"\"\n               data-src=\"http:\/\/www.karate-neuhofen.at\/wp-content\/gallery\/sommercamp-2014\/dsc_5448.jpg\"\n               data-thumbnail=\"http:\/\/www.karate-neuhofen.at\/wp-content\/gallery\/sommercamp-2014\/thumbs\/thumbs_dsc_5448.jpg\"\n               data-image-id=\"6807\"\n               data-title=\"dsc_5448\"\n               data-description=\"\"\n               data-image-slug=\"dsc_5448\"\n               class=\"shutterset_a6d0251e289b9d2023c6d431c5710d04\">\n                <img\n                    title=\"dsc_5448\"\n                    alt=\"dsc_5448\"\n                    src=\"http:\/\/www.karate-neuhofen.at\/wp-content\/gallery\/sommercamp-2014\/thumbs\/thumbs_dsc_5448.jpg\"\n                    width=\"100\"\n                    height=\"66\"\n                    style=\"max-width:100%;\"\n                \/>\n            <\/a>\n        <\/div>\n\t\t\t\t\t\t\t<\/div> \n\t\t\t\n        \n\t\t\t\t<div id=\"ngg-image-144\" class=\"ngg-gallery-thumbnail-box\" >\n\t\t\t\t        <div class=\"ngg-gallery-thumbnail\">\n            <a href=\"http:\/\/www.karate-neuhofen.at\/wp-content\/gallery\/sommercamp-2014\/dsc_5450.jpg\"\n               title=\"\"\n               data-src=\"http:\/\/www.karate-neuhofen.at\/wp-content\/gallery\/sommercamp-2014\/dsc_5450.jpg\"\n               data-thumbnail=\"http:\/\/www.karate-neuhofen.at\/wp-content\/gallery\/sommercamp-2014\/thumbs\/thumbs_dsc_5450.jpg\"\n               data-image-id=\"6808\"\n               data-title=\"dsc_5450\"\n               data-description=\"\"\n               data-image-slug=\"dsc_5450\"\n               class=\"shutterset_a6d0251e289b9d2023c6d431c5710d04\">\n                <img\n                    title=\"dsc_5450\"\n                    alt=\"dsc_5450\"\n                    src=\"http:\/\/www.karate-neuhofen.at\/wp-content\/gallery\/sommercamp-2014\/thumbs\/thumbs_dsc_5450.jpg\"\n                    width=\"100\"\n                    height=\"66\"\n                    style=\"max-width:100%;\"\n                \/>\n            <\/a>\n        <\/div>\n\t\t\t\t\t\t\t<\/div> \n\t\t\t\n        \n\t\t\t\t<div id=\"ngg-image-145\" class=\"ngg-gallery-thumbnail-box\" >\n\t\t\t\t        <div class=\"ngg-gallery-thumbnail\">\n            <a href=\"http:\/\/www.karate-neuhofen.at\/wp-content\/gallery\/sommercamp-2014\/dsc_5452.jpg\"\n               title=\"\"\n               data-src=\"http:\/\/www.karate-neuhofen.at\/wp-content\/gallery\/sommercamp-2014\/dsc_5452.jpg\"\n               data-thumbnail=\"http:\/\/www.karate-neuhofen.at\/wp-content\/gallery\/sommercamp-2014\/thumbs\/thumbs_dsc_5452.jpg\"\n               data-image-id=\"6809\"\n               data-title=\"dsc_5452\"\n               data-description=\"\"\n               data-image-slug=\"dsc_5452\"\n               class=\"shutterset_a6d0251e289b9d2023c6d431c5710d04\">\n                <img\n                    title=\"dsc_5452\"\n                    alt=\"dsc_5452\"\n                    src=\"http:\/\/www.karate-neuhofen.at\/wp-content\/gallery\/sommercamp-2014\/thumbs\/thumbs_dsc_5452.jpg\"\n                    width=\"100\"\n                    height=\"66\"\n                    style=\"max-width:100%;\"\n                \/>\n            <\/a>\n        <\/div>\n\t\t\t\t\t\t\t<\/div> \n\t\t\t\n        \n\t\t\t\t<div id=\"ngg-image-146\" class=\"ngg-gallery-thumbnail-box\" >\n\t\t\t\t        <div class=\"ngg-gallery-thumbnail\">\n            <a href=\"http:\/\/www.karate-neuhofen.at\/wp-content\/gallery\/sommercamp-2014\/dsc_5453.jpg\"\n               title=\"\"\n               data-src=\"http:\/\/www.karate-neuhofen.at\/wp-content\/gallery\/sommercamp-2014\/dsc_5453.jpg\"\n               data-thumbnail=\"http:\/\/www.karate-neuhofen.at\/wp-content\/gallery\/sommercamp-2014\/thumbs\/thumbs_dsc_5453.jpg\"\n               data-image-id=\"6810\"\n               data-title=\"dsc_5453\"\n               data-description=\"\"\n               data-image-slug=\"dsc_5453\"\n               class=\"shutterset_a6d0251e289b9d2023c6d431c5710d04\">\n                <img\n                    title=\"dsc_5453\"\n                    alt=\"dsc_5453\"\n                    src=\"http:\/\/www.karate-neuhofen.at\/wp-content\/gallery\/sommercamp-2014\/thumbs\/thumbs_dsc_5453.jpg\"\n                    width=\"100\"\n                    height=\"66\"\n                    style=\"max-width:100%;\"\n                \/>\n            <\/a>\n        <\/div>\n\t\t\t\t\t\t\t<\/div> \n\t\t\t\n        \n\t\t\t\t<div id=\"ngg-image-147\" class=\"ngg-gallery-thumbnail-box\" >\n\t\t\t\t        <div class=\"ngg-gallery-thumbnail\">\n            <a href=\"http:\/\/www.karate-neuhofen.at\/wp-content\/gallery\/sommercamp-2014\/dsc_5457.jpg\"\n               title=\"\"\n               data-src=\"http:\/\/www.karate-neuhofen.at\/wp-content\/gallery\/sommercamp-2014\/dsc_5457.jpg\"\n               data-thumbnail=\"http:\/\/www.karate-neuhofen.at\/wp-content\/gallery\/sommercamp-2014\/thumbs\/thumbs_dsc_5457.jpg\"\n               data-image-id=\"6811\"\n               data-title=\"dsc_5457\"\n               data-description=\"\"\n               data-image-slug=\"dsc_5457\"\n               class=\"shutterset_a6d0251e289b9d2023c6d431c5710d04\">\n                <img\n                    title=\"dsc_5457\"\n                    alt=\"dsc_5457\"\n                    src=\"http:\/\/www.karate-neuhofen.at\/wp-content\/gallery\/sommercamp-2014\/thumbs\/thumbs_dsc_5457.jpg\"\n                    width=\"100\"\n                    height=\"66\"\n                    style=\"max-width:100%;\"\n                \/>\n            <\/a>\n        <\/div>\n\t\t\t\t\t\t\t<\/div> \n\t\t\t\n        \n\t\t\t\t<div id=\"ngg-image-148\" class=\"ngg-gallery-thumbnail-box\" >\n\t\t\t\t        <div class=\"ngg-gallery-thumbnail\">\n            <a href=\"http:\/\/www.karate-neuhofen.at\/wp-content\/gallery\/sommercamp-2014\/dsc_5458.jpg\"\n               title=\"\"\n               data-src=\"http:\/\/www.karate-neuhofen.at\/wp-content\/gallery\/sommercamp-2014\/dsc_5458.jpg\"\n               data-thumbnail=\"http:\/\/www.karate-neuhofen.at\/wp-content\/gallery\/sommercamp-2014\/thumbs\/thumbs_dsc_5458.jpg\"\n               data-image-id=\"6812\"\n               data-title=\"dsc_5458\"\n               data-description=\"\"\n               data-image-slug=\"dsc_5458\"\n               class=\"shutterset_a6d0251e289b9d2023c6d431c5710d04\">\n                <img\n                    title=\"dsc_5458\"\n                    alt=\"dsc_5458\"\n                    src=\"http:\/\/www.karate-neuhofen.at\/wp-content\/gallery\/sommercamp-2014\/thumbs\/thumbs_dsc_5458.jpg\"\n                    width=\"100\"\n                    height=\"66\"\n                    style=\"max-width:100%;\"\n                \/>\n            <\/a>\n        <\/div>\n\t\t\t\t\t\t\t<\/div> \n\t\t\t\n        \n\t\t\t\t<div id=\"ngg-image-149\" class=\"ngg-gallery-thumbnail-box\" >\n\t\t\t\t        <div class=\"ngg-gallery-thumbnail\">\n            <a href=\"http:\/\/www.karate-neuhofen.at\/wp-content\/gallery\/sommercamp-2014\/dsc_5459.jpg\"\n               title=\"\"\n               data-src=\"http:\/\/www.karate-neuhofen.at\/wp-content\/gallery\/sommercamp-2014\/dsc_5459.jpg\"\n               data-thumbnail=\"http:\/\/www.karate-neuhofen.at\/wp-content\/gallery\/sommercamp-2014\/thumbs\/thumbs_dsc_5459.jpg\"\n               data-image-id=\"6813\"\n               data-title=\"dsc_5459\"\n               data-description=\"\"\n               data-image-slug=\"dsc_5459\"\n               class=\"shutterset_a6d0251e289b9d2023c6d431c5710d04\">\n                <img\n                    title=\"dsc_5459\"\n                    alt=\"dsc_5459\"\n                    src=\"http:\/\/www.karate-neuhofen.at\/wp-content\/gallery\/sommercamp-2014\/thumbs\/thumbs_dsc_5459.jpg\"\n                    width=\"100\"\n                    height=\"66\"\n                    style=\"max-width:100%;\"\n                \/>\n            <\/a>\n        <\/div>\n\t\t\t\t\t\t\t<\/div> \n\t\t\t\n        \n\t\t\t\t<div id=\"ngg-image-150\" class=\"ngg-gallery-thumbnail-box\" >\n\t\t\t\t        <div class=\"ngg-gallery-thumbnail\">\n            <a href=\"http:\/\/www.karate-neuhofen.at\/wp-content\/gallery\/sommercamp-2014\/dsc_5466.jpg\"\n               title=\"\"\n               data-src=\"http:\/\/www.karate-neuhofen.at\/wp-content\/gallery\/sommercamp-2014\/dsc_5466.jpg\"\n               data-thumbnail=\"http:\/\/www.karate-neuhofen.at\/wp-content\/gallery\/sommercamp-2014\/thumbs\/thumbs_dsc_5466.jpg\"\n               data-image-id=\"6815\"\n               data-title=\"dsc_5466\"\n               data-description=\"\"\n               data-image-slug=\"dsc_5466\"\n               class=\"shutterset_a6d0251e289b9d2023c6d431c5710d04\">\n                <img\n                    title=\"dsc_5466\"\n                    alt=\"dsc_5466\"\n                    src=\"http:\/\/www.karate-neuhofen.at\/wp-content\/gallery\/sommercamp-2014\/thumbs\/thumbs_dsc_5466.jpg\"\n                    width=\"100\"\n                    height=\"66\"\n                    style=\"max-width:100%;\"\n                \/>\n            <\/a>\n        <\/div>\n\t\t\t\t\t\t\t<\/div> \n\t\t\t\n        \n\t\t\t\t<div id=\"ngg-image-151\" class=\"ngg-gallery-thumbnail-box\" >\n\t\t\t\t        <div class=\"ngg-gallery-thumbnail\">\n            <a href=\"http:\/\/www.karate-neuhofen.at\/wp-content\/gallery\/sommercamp-2014\/dsc_5468.jpg\"\n               title=\"\"\n               data-src=\"http:\/\/www.karate-neuhofen.at\/wp-content\/gallery\/sommercamp-2014\/dsc_5468.jpg\"\n               data-thumbnail=\"http:\/\/www.karate-neuhofen.at\/wp-content\/gallery\/sommercamp-2014\/thumbs\/thumbs_dsc_5468.jpg\"\n               data-image-id=\"6816\"\n               data-title=\"dsc_5468\"\n               data-description=\"\"\n               data-image-slug=\"dsc_5468\"\n               class=\"shutterset_a6d0251e289b9d2023c6d431c5710d04\">\n                <img\n                    title=\"dsc_5468\"\n                    alt=\"dsc_5468\"\n                    src=\"http:\/\/www.karate-neuhofen.at\/wp-content\/gallery\/sommercamp-2014\/thumbs\/thumbs_dsc_5468.jpg\"\n                    width=\"100\"\n                    height=\"66\"\n                    style=\"max-width:100%;\"\n                \/>\n            <\/a>\n        <\/div>\n\t\t\t\t\t\t\t<\/div> \n\t\t\t\n        \n\t\t\t\t<div id=\"ngg-image-152\" class=\"ngg-gallery-thumbnail-box\" >\n\t\t\t\t        <div class=\"ngg-gallery-thumbnail\">\n            <a href=\"http:\/\/www.karate-neuhofen.at\/wp-content\/gallery\/sommercamp-2014\/dsc_5471.jpg\"\n               title=\"\"\n               data-src=\"http:\/\/www.karate-neuhofen.at\/wp-content\/gallery\/sommercamp-2014\/dsc_5471.jpg\"\n               data-thumbnail=\"http:\/\/www.karate-neuhofen.at\/wp-content\/gallery\/sommercamp-2014\/thumbs\/thumbs_dsc_5471.jpg\"\n               data-image-id=\"6817\"\n               data-title=\"dsc_5471\"\n               data-description=\"\"\n               data-image-slug=\"dsc_5471\"\n               class=\"shutterset_a6d0251e289b9d2023c6d431c5710d04\">\n                <img\n                    title=\"dsc_5471\"\n                    alt=\"dsc_5471\"\n                    src=\"http:\/\/www.karate-neuhofen.at\/wp-content\/gallery\/sommercamp-2014\/thumbs\/thumbs_dsc_5471.jpg\"\n                    width=\"100\"\n                    height=\"66\"\n                    style=\"max-width:100%;\"\n                \/>\n            <\/a>\n        <\/div>\n\t\t\t\t\t\t\t<\/div> \n\t\t\t\n        \n\t\t\t\t<div id=\"ngg-image-153\" class=\"ngg-gallery-thumbnail-box\" >\n\t\t\t\t        <div class=\"ngg-gallery-thumbnail\">\n            <a href=\"http:\/\/www.karate-neuhofen.at\/wp-content\/gallery\/sommercamp-2014\/dsc_5476.jpg\"\n               title=\"\"\n               data-src=\"http:\/\/www.karate-neuhofen.at\/wp-content\/gallery\/sommercamp-2014\/dsc_5476.jpg\"\n               data-thumbnail=\"http:\/\/www.karate-neuhofen.at\/wp-content\/gallery\/sommercamp-2014\/thumbs\/thumbs_dsc_5476.jpg\"\n               data-image-id=\"6818\"\n               data-title=\"dsc_5476\"\n               data-description=\"\"\n               data-image-slug=\"dsc_5476\"\n               class=\"shutterset_a6d0251e289b9d2023c6d431c5710d04\">\n                <img\n                    title=\"dsc_5476\"\n                    alt=\"dsc_5476\"\n                    src=\"http:\/\/www.karate-neuhofen.at\/wp-content\/gallery\/sommercamp-2014\/thumbs\/thumbs_dsc_5476.jpg\"\n                    width=\"100\"\n                    height=\"66\"\n                    style=\"max-width:100%;\"\n                \/>\n            <\/a>\n        <\/div>\n\t\t\t\t\t\t\t<\/div> \n\t\t\t\n        \n\t\t\t\t<div id=\"ngg-image-154\" class=\"ngg-gallery-thumbnail-box\" >\n\t\t\t\t        <div class=\"ngg-gallery-thumbnail\">\n            <a href=\"http:\/\/www.karate-neuhofen.at\/wp-content\/gallery\/sommercamp-2014\/dsc_5477.jpg\"\n               title=\"\"\n               data-src=\"http:\/\/www.karate-neuhofen.at\/wp-content\/gallery\/sommercamp-2014\/dsc_5477.jpg\"\n               data-thumbnail=\"http:\/\/www.karate-neuhofen.at\/wp-content\/gallery\/sommercamp-2014\/thumbs\/thumbs_dsc_5477.jpg\"\n               data-image-id=\"6819\"\n               data-title=\"dsc_5477\"\n               data-description=\"\"\n               data-image-slug=\"dsc_5477\"\n               class=\"shutterset_a6d0251e289b9d2023c6d431c5710d04\">\n                <img\n                    title=\"dsc_5477\"\n                    alt=\"dsc_5477\"\n                    src=\"http:\/\/www.karate-neuhofen.at\/wp-content\/gallery\/sommercamp-2014\/thumbs\/thumbs_dsc_5477.jpg\"\n                    width=\"100\"\n                    height=\"66\"\n                    style=\"max-width:100%;\"\n                \/>\n            <\/a>\n        <\/div>\n\t\t\t\t\t\t\t<\/div> \n\t\t\t\n        \n\t\t\t\t<div id=\"ngg-image-155\" class=\"ngg-gallery-thumbnail-box\" >\n\t\t\t\t        <div class=\"ngg-gallery-thumbnail\">\n            <a href=\"http:\/\/www.karate-neuhofen.at\/wp-content\/gallery\/sommercamp-2014\/dsc_5478.jpg\"\n               title=\"\"\n               data-src=\"http:\/\/www.karate-neuhofen.at\/wp-content\/gallery\/sommercamp-2014\/dsc_5478.jpg\"\n               data-thumbnail=\"http:\/\/www.karate-neuhofen.at\/wp-content\/gallery\/sommercamp-2014\/thumbs\/thumbs_dsc_5478.jpg\"\n               data-image-id=\"6820\"\n               data-title=\"dsc_5478\"\n               data-description=\"\"\n               data-image-slug=\"dsc_5478\"\n               class=\"shutterset_a6d0251e289b9d2023c6d431c5710d04\">\n                <img\n                    title=\"dsc_5478\"\n                    alt=\"dsc_5478\"\n                    src=\"http:\/\/www.karate-neuhofen.at\/wp-content\/gallery\/sommercamp-2014\/thumbs\/thumbs_dsc_5478.jpg\"\n                    width=\"100\"\n                    height=\"66\"\n                    style=\"max-width:100%;\"\n                \/>\n            <\/a>\n        <\/div>\n\t\t\t\t\t\t\t<\/div> \n\t\t\t\n        \n\t\t\t\t<div id=\"ngg-image-156\" class=\"ngg-gallery-thumbnail-box\" >\n\t\t\t\t        <div class=\"ngg-gallery-thumbnail\">\n            <a href=\"http:\/\/www.karate-neuhofen.at\/wp-content\/gallery\/sommercamp-2014\/dsc_5479.jpg\"\n               title=\"\"\n               data-src=\"http:\/\/www.karate-neuhofen.at\/wp-content\/gallery\/sommercamp-2014\/dsc_5479.jpg\"\n               data-thumbnail=\"http:\/\/www.karate-neuhofen.at\/wp-content\/gallery\/sommercamp-2014\/thumbs\/thumbs_dsc_5479.jpg\"\n               data-image-id=\"6821\"\n               data-title=\"dsc_5479\"\n               data-description=\"\"\n               data-image-slug=\"dsc_5479\"\n               class=\"shutterset_a6d0251e289b9d2023c6d431c5710d04\">\n                <img\n                    title=\"dsc_5479\"\n                    alt=\"dsc_5479\"\n                    src=\"http:\/\/www.karate-neuhofen.at\/wp-content\/gallery\/sommercamp-2014\/thumbs\/thumbs_dsc_5479.jpg\"\n                    width=\"100\"\n                    height=\"66\"\n                    style=\"max-width:100%;\"\n                \/>\n            <\/a>\n        <\/div>\n\t\t\t\t\t\t\t<\/div> \n\t\t\t\n        \n\t\t\t\t<div id=\"ngg-image-157\" class=\"ngg-gallery-thumbnail-box\" >\n\t\t\t\t        <div class=\"ngg-gallery-thumbnail\">\n            <a href=\"http:\/\/www.karate-neuhofen.at\/wp-content\/gallery\/sommercamp-2014\/dsc_5480.jpg\"\n               title=\"\"\n               data-src=\"http:\/\/www.karate-neuhofen.at\/wp-content\/gallery\/sommercamp-2014\/dsc_5480.jpg\"\n               data-thumbnail=\"http:\/\/www.karate-neuhofen.at\/wp-content\/gallery\/sommercamp-2014\/thumbs\/thumbs_dsc_5480.jpg\"\n               data-image-id=\"6822\"\n               data-title=\"dsc_5480\"\n               data-description=\"\"\n               data-image-slug=\"dsc_5480\"\n               class=\"shutterset_a6d0251e289b9d2023c6d431c5710d04\">\n                <img\n                    title=\"dsc_5480\"\n                    alt=\"dsc_5480\"\n                    src=\"http:\/\/www.karate-neuhofen.at\/wp-content\/gallery\/sommercamp-2014\/thumbs\/thumbs_dsc_5480.jpg\"\n                    width=\"100\"\n                    height=\"66\"\n                    style=\"max-width:100%;\"\n                \/>\n            <\/a>\n        <\/div>\n\t\t\t\t\t\t\t<\/div> \n\t\t\t\n        \n\t\t\t\t<div id=\"ngg-image-158\" class=\"ngg-gallery-thumbnail-box\" >\n\t\t\t\t        <div class=\"ngg-gallery-thumbnail\">\n            <a href=\"http:\/\/www.karate-neuhofen.at\/wp-content\/gallery\/sommercamp-2014\/dsc_5482.jpg\"\n               title=\"\"\n               data-src=\"http:\/\/www.karate-neuhofen.at\/wp-content\/gallery\/sommercamp-2014\/dsc_5482.jpg\"\n               data-thumbnail=\"http:\/\/www.karate-neuhofen.at\/wp-content\/gallery\/sommercamp-2014\/thumbs\/thumbs_dsc_5482.jpg\"\n               data-image-id=\"6823\"\n               data-title=\"dsc_5482\"\n               data-description=\"\"\n               data-image-slug=\"dsc_5482\"\n               class=\"shutterset_a6d0251e289b9d2023c6d431c5710d04\">\n                <img\n                    title=\"dsc_5482\"\n                    alt=\"dsc_5482\"\n                    src=\"http:\/\/www.karate-neuhofen.at\/wp-content\/gallery\/sommercamp-2014\/thumbs\/thumbs_dsc_5482.jpg\"\n                    width=\"100\"\n                    height=\"66\"\n                    style=\"max-width:100%;\"\n                \/>\n            <\/a>\n        <\/div>\n\t\t\t\t\t\t\t<\/div> \n\t\t\t\n        \n\t\t\t\t<div id=\"ngg-image-159\" class=\"ngg-gallery-thumbnail-box\" >\n\t\t\t\t        <div class=\"ngg-gallery-thumbnail\">\n            <a href=\"http:\/\/www.karate-neuhofen.at\/wp-content\/gallery\/sommercamp-2014\/dsc_5488.jpg\"\n               title=\"\"\n               data-src=\"http:\/\/www.karate-neuhofen.at\/wp-content\/gallery\/sommercamp-2014\/dsc_5488.jpg\"\n               data-thumbnail=\"http:\/\/www.karate-neuhofen.at\/wp-content\/gallery\/sommercamp-2014\/thumbs\/thumbs_dsc_5488.jpg\"\n               data-image-id=\"6824\"\n               data-title=\"dsc_5488\"\n               data-description=\"\"\n               data-image-slug=\"dsc_5488\"\n               class=\"shutterset_a6d0251e289b9d2023c6d431c5710d04\">\n                <img\n                    title=\"dsc_5488\"\n                    alt=\"dsc_5488\"\n                    src=\"http:\/\/www.karate-neuhofen.at\/wp-content\/gallery\/sommercamp-2014\/thumbs\/thumbs_dsc_5488.jpg\"\n                    width=\"100\"\n                    height=\"66\"\n                    style=\"max-width:100%;\"\n                \/>\n            <\/a>\n        <\/div>\n\t\t\t\t\t\t\t<\/div> \n\t\t\t\n        \n\t\t\t\t<div id=\"ngg-image-160\" class=\"ngg-gallery-thumbnail-box\" >\n\t\t\t\t        <div class=\"ngg-gallery-thumbnail\">\n            <a href=\"http:\/\/www.karate-neuhofen.at\/wp-content\/gallery\/sommercamp-2014\/dsc_5493.jpg\"\n               title=\"\"\n               data-src=\"http:\/\/www.karate-neuhofen.at\/wp-content\/gallery\/sommercamp-2014\/dsc_5493.jpg\"\n               data-thumbnail=\"http:\/\/www.karate-neuhofen.at\/wp-content\/gallery\/sommercamp-2014\/thumbs\/thumbs_dsc_5493.jpg\"\n               data-image-id=\"6825\"\n               data-title=\"dsc_5493\"\n               data-description=\"\"\n               data-image-slug=\"dsc_5493\"\n               class=\"shutterset_a6d0251e289b9d2023c6d431c5710d04\">\n                <img\n                    title=\"dsc_5493\"\n                    alt=\"dsc_5493\"\n                    src=\"http:\/\/www.karate-neuhofen.at\/wp-content\/gallery\/sommercamp-2014\/thumbs\/thumbs_dsc_5493.jpg\"\n                    width=\"100\"\n                    height=\"66\"\n                    style=\"max-width:100%;\"\n                \/>\n            <\/a>\n        <\/div>\n\t\t\t\t\t\t\t<\/div> \n\t\t\t\n        \n\t\t\t\t<div id=\"ngg-image-161\" class=\"ngg-gallery-thumbnail-box\" >\n\t\t\t\t        <div class=\"ngg-gallery-thumbnail\">\n            <a href=\"http:\/\/www.karate-neuhofen.at\/wp-content\/gallery\/sommercamp-2014\/dsc_5496.jpg\"\n               title=\"\"\n               data-src=\"http:\/\/www.karate-neuhofen.at\/wp-content\/gallery\/sommercamp-2014\/dsc_5496.jpg\"\n               data-thumbnail=\"http:\/\/www.karate-neuhofen.at\/wp-content\/gallery\/sommercamp-2014\/thumbs\/thumbs_dsc_5496.jpg\"\n               data-image-id=\"6826\"\n               data-title=\"dsc_5496\"\n               data-description=\"\"\n               data-image-slug=\"dsc_5496\"\n               class=\"shutterset_a6d0251e289b9d2023c6d431c5710d04\">\n                <img\n                    title=\"dsc_5496\"\n                    alt=\"dsc_5496\"\n                    src=\"http:\/\/www.karate-neuhofen.at\/wp-content\/gallery\/sommercamp-2014\/thumbs\/thumbs_dsc_5496.jpg\"\n                    width=\"100\"\n                    height=\"66\"\n                    style=\"max-width:100%;\"\n                \/>\n            <\/a>\n        <\/div>\n\t\t\t\t\t\t\t<\/div> \n\t\t\t\n        \n\t\t\t\t<div id=\"ngg-image-162\" class=\"ngg-gallery-thumbnail-box\" >\n\t\t\t\t        <div class=\"ngg-gallery-thumbnail\">\n            <a href=\"http:\/\/www.karate-neuhofen.at\/wp-content\/gallery\/sommercamp-2014\/dsc_5515.jpg\"\n               title=\"\"\n               data-src=\"http:\/\/www.karate-neuhofen.at\/wp-content\/gallery\/sommercamp-2014\/dsc_5515.jpg\"\n               data-thumbnail=\"http:\/\/www.karate-neuhofen.at\/wp-content\/gallery\/sommercamp-2014\/thumbs\/thumbs_dsc_5515.jpg\"\n               data-image-id=\"6828\"\n               data-title=\"dsc_5515\"\n               data-description=\"\"\n               data-image-slug=\"dsc_5515\"\n               class=\"shutterset_a6d0251e289b9d2023c6d431c5710d04\">\n                <img\n                    title=\"dsc_5515\"\n                    alt=\"dsc_5515\"\n                    src=\"http:\/\/www.karate-neuhofen.at\/wp-content\/gallery\/sommercamp-2014\/thumbs\/thumbs_dsc_5515.jpg\"\n                    width=\"100\"\n                    height=\"66\"\n                    style=\"max-width:100%;\"\n                \/>\n            <\/a>\n        <\/div>\n\t\t\t\t\t\t\t<\/div> \n\t\t\t\n        \n\t\t\t\t<div id=\"ngg-image-163\" class=\"ngg-gallery-thumbnail-box\" >\n\t\t\t\t        <div class=\"ngg-gallery-thumbnail\">\n            <a href=\"http:\/\/www.karate-neuhofen.at\/wp-content\/gallery\/sommercamp-2014\/dsc_5523.jpg\"\n               title=\"\"\n               data-src=\"http:\/\/www.karate-neuhofen.at\/wp-content\/gallery\/sommercamp-2014\/dsc_5523.jpg\"\n               data-thumbnail=\"http:\/\/www.karate-neuhofen.at\/wp-content\/gallery\/sommercamp-2014\/thumbs\/thumbs_dsc_5523.jpg\"\n               data-image-id=\"6829\"\n               data-title=\"dsc_5523\"\n               data-description=\"\"\n               data-image-slug=\"dsc_5523\"\n               class=\"shutterset_a6d0251e289b9d2023c6d431c5710d04\">\n                <img\n                    title=\"dsc_5523\"\n                    alt=\"dsc_5523\"\n                    src=\"http:\/\/www.karate-neuhofen.at\/wp-content\/gallery\/sommercamp-2014\/thumbs\/thumbs_dsc_5523.jpg\"\n                    width=\"100\"\n                    height=\"66\"\n                    style=\"max-width:100%;\"\n                \/>\n            <\/a>\n        <\/div>\n\t\t\t\t\t\t\t<\/div> \n\t\t\t\n        \n\t\t\t\t<div id=\"ngg-image-164\" class=\"ngg-gallery-thumbnail-box\" >\n\t\t\t\t        <div class=\"ngg-gallery-thumbnail\">\n            <a href=\"http:\/\/www.karate-neuhofen.at\/wp-content\/gallery\/sommercamp-2014\/dsc_5525.jpg\"\n               title=\"\"\n               data-src=\"http:\/\/www.karate-neuhofen.at\/wp-content\/gallery\/sommercamp-2014\/dsc_5525.jpg\"\n               data-thumbnail=\"http:\/\/www.karate-neuhofen.at\/wp-content\/gallery\/sommercamp-2014\/thumbs\/thumbs_dsc_5525.jpg\"\n               data-image-id=\"6830\"\n               data-title=\"dsc_5525\"\n               data-description=\"\"\n               data-image-slug=\"dsc_5525\"\n               class=\"shutterset_a6d0251e289b9d2023c6d431c5710d04\">\n                <img\n                    title=\"dsc_5525\"\n                    alt=\"dsc_5525\"\n                    src=\"http:\/\/www.karate-neuhofen.at\/wp-content\/gallery\/sommercamp-2014\/thumbs\/thumbs_dsc_5525.jpg\"\n                    width=\"100\"\n                    height=\"66\"\n                    style=\"max-width:100%;\"\n                \/>\n            <\/a>\n        <\/div>\n\t\t\t\t\t\t\t<\/div> \n\t\t\t\n        \n\t\t\t\t<div id=\"ngg-image-165\" class=\"ngg-gallery-thumbnail-box\" >\n\t\t\t\t        <div class=\"ngg-gallery-thumbnail\">\n            <a href=\"http:\/\/www.karate-neuhofen.at\/wp-content\/gallery\/sommercamp-2014\/dsc_5537.jpg\"\n               title=\"\"\n               data-src=\"http:\/\/www.karate-neuhofen.at\/wp-content\/gallery\/sommercamp-2014\/dsc_5537.jpg\"\n               data-thumbnail=\"http:\/\/www.karate-neuhofen.at\/wp-content\/gallery\/sommercamp-2014\/thumbs\/thumbs_dsc_5537.jpg\"\n               data-image-id=\"6831\"\n               data-title=\"dsc_5537\"\n               data-description=\"\"\n               data-image-slug=\"dsc_5537\"\n               class=\"shutterset_a6d0251e289b9d2023c6d431c5710d04\">\n                <img\n                    title=\"dsc_5537\"\n                    alt=\"dsc_5537\"\n                    src=\"http:\/\/www.karate-neuhofen.at\/wp-content\/gallery\/sommercamp-2014\/thumbs\/thumbs_dsc_5537.jpg\"\n                    width=\"100\"\n                    height=\"66\"\n                    style=\"max-width:100%;\"\n                \/>\n            <\/a>\n        <\/div>\n\t\t\t\t\t\t\t<\/div> \n\t\t\t\n        \n\t\t\t\t<div id=\"ngg-image-166\" class=\"ngg-gallery-thumbnail-box\" >\n\t\t\t\t        <div class=\"ngg-gallery-thumbnail\">\n            <a href=\"http:\/\/www.karate-neuhofen.at\/wp-content\/gallery\/sommercamp-2014\/dsc_5539.jpg\"\n               title=\"\"\n               data-src=\"http:\/\/www.karate-neuhofen.at\/wp-content\/gallery\/sommercamp-2014\/dsc_5539.jpg\"\n               data-thumbnail=\"http:\/\/www.karate-neuhofen.at\/wp-content\/gallery\/sommercamp-2014\/thumbs\/thumbs_dsc_5539.jpg\"\n               data-image-id=\"6832\"\n               data-title=\"dsc_5539\"\n               data-description=\"\"\n               data-image-slug=\"dsc_5539\"\n               class=\"shutterset_a6d0251e289b9d2023c6d431c5710d04\">\n                <img\n                    title=\"dsc_5539\"\n                    alt=\"dsc_5539\"\n                    src=\"http:\/\/www.karate-neuhofen.at\/wp-content\/gallery\/sommercamp-2014\/thumbs\/thumbs_dsc_5539.jpg\"\n                    width=\"100\"\n                    height=\"66\"\n                    style=\"max-width:100%;\"\n                \/>\n            <\/a>\n        <\/div>\n\t\t\t\t\t\t\t<\/div> \n\t\t\t\n        \n\t\t\t\t<div id=\"ngg-image-167\" class=\"ngg-gallery-thumbnail-box\" >\n\t\t\t\t        <div class=\"ngg-gallery-thumbnail\">\n            <a href=\"http:\/\/www.karate-neuhofen.at\/wp-content\/gallery\/sommercamp-2014\/dsc_5544.jpg\"\n               title=\"\"\n               data-src=\"http:\/\/www.karate-neuhofen.at\/wp-content\/gallery\/sommercamp-2014\/dsc_5544.jpg\"\n               data-thumbnail=\"http:\/\/www.karate-neuhofen.at\/wp-content\/gallery\/sommercamp-2014\/thumbs\/thumbs_dsc_5544.jpg\"\n               data-image-id=\"6833\"\n               data-title=\"dsc_5544\"\n               data-description=\"\"\n               data-image-slug=\"dsc_5544\"\n               class=\"shutterset_a6d0251e289b9d2023c6d431c5710d04\">\n                <img\n                    title=\"dsc_5544\"\n                    alt=\"dsc_5544\"\n                    src=\"http:\/\/www.karate-neuhofen.at\/wp-content\/gallery\/sommercamp-2014\/thumbs\/thumbs_dsc_5544.jpg\"\n                    width=\"100\"\n                    height=\"66\"\n                    style=\"max-width:100%;\"\n                \/>\n            <\/a>\n        <\/div>\n\t\t\t\t\t\t\t<\/div> \n\t\t\t\n        \n\t\t\t\t<div id=\"ngg-image-168\" class=\"ngg-gallery-thumbnail-box\" >\n\t\t\t\t        <div class=\"ngg-gallery-thumbnail\">\n            <a href=\"http:\/\/www.karate-neuhofen.at\/wp-content\/gallery\/sommercamp-2014\/dsc_5559.jpg\"\n               title=\"\"\n               data-src=\"http:\/\/www.karate-neuhofen.at\/wp-content\/gallery\/sommercamp-2014\/dsc_5559.jpg\"\n               data-thumbnail=\"http:\/\/www.karate-neuhofen.at\/wp-content\/gallery\/sommercamp-2014\/thumbs\/thumbs_dsc_5559.jpg\"\n               data-image-id=\"6834\"\n               data-title=\"dsc_5559\"\n               data-description=\"\"\n               data-image-slug=\"dsc_5559\"\n               class=\"shutterset_a6d0251e289b9d2023c6d431c5710d04\">\n                <img\n                    title=\"dsc_5559\"\n                    alt=\"dsc_5559\"\n                    src=\"http:\/\/www.karate-neuhofen.at\/wp-content\/gallery\/sommercamp-2014\/thumbs\/thumbs_dsc_5559.jpg\"\n                    width=\"100\"\n                    height=\"66\"\n                    style=\"max-width:100%;\"\n                \/>\n            <\/a>\n        <\/div>\n\t\t\t\t\t\t\t<\/div> \n\t\t\t\n        \n\t\t\t\t<div id=\"ngg-image-169\" class=\"ngg-gallery-thumbnail-box\" >\n\t\t\t\t        <div class=\"ngg-gallery-thumbnail\">\n            <a href=\"http:\/\/www.karate-neuhofen.at\/wp-content\/gallery\/sommercamp-2014\/dsc_5563.jpg\"\n               title=\"\"\n               data-src=\"http:\/\/www.karate-neuhofen.at\/wp-content\/gallery\/sommercamp-2014\/dsc_5563.jpg\"\n               data-thumbnail=\"http:\/\/www.karate-neuhofen.at\/wp-content\/gallery\/sommercamp-2014\/thumbs\/thumbs_dsc_5563.jpg\"\n               data-image-id=\"6835\"\n               data-title=\"dsc_5563\"\n               data-description=\"\"\n               data-image-slug=\"dsc_5563\"\n               class=\"shutterset_a6d0251e289b9d2023c6d431c5710d04\">\n                <img\n                    title=\"dsc_5563\"\n                    alt=\"dsc_5563\"\n                    src=\"http:\/\/www.karate-neuhofen.at\/wp-content\/gallery\/sommercamp-2014\/thumbs\/thumbs_dsc_5563.jpg\"\n                    width=\"100\"\n                    height=\"66\"\n                    style=\"max-width:100%;\"\n                \/>\n            <\/a>\n        <\/div>\n\t\t\t\t\t\t\t<\/div> \n\t\t\t\n        \n\t\t\t\t<div id=\"ngg-image-170\" class=\"ngg-gallery-thumbnail-box\" >\n\t\t\t\t        <div class=\"ngg-gallery-thumbnail\">\n            <a href=\"http:\/\/www.karate-neuhofen.at\/wp-content\/gallery\/sommercamp-2014\/dsc_5582.jpg\"\n               title=\"\"\n               data-src=\"http:\/\/www.karate-neuhofen.at\/wp-content\/gallery\/sommercamp-2014\/dsc_5582.jpg\"\n               data-thumbnail=\"http:\/\/www.karate-neuhofen.at\/wp-content\/gallery\/sommercamp-2014\/thumbs\/thumbs_dsc_5582.jpg\"\n               data-image-id=\"6836\"\n               data-title=\"dsc_5582\"\n               data-description=\"\"\n               data-image-slug=\"dsc_5582\"\n               class=\"shutterset_a6d0251e289b9d2023c6d431c5710d04\">\n                <img\n                    title=\"dsc_5582\"\n                    alt=\"dsc_5582\"\n                    src=\"http:\/\/www.karate-neuhofen.at\/wp-content\/gallery\/sommercamp-2014\/thumbs\/thumbs_dsc_5582.jpg\"\n                    width=\"100\"\n                    height=\"66\"\n                    style=\"max-width:100%;\"\n                \/>\n            <\/a>\n        <\/div>\n\t\t\t\t\t\t\t<\/div> \n\t\t\t\n        \n\t\t\t\t<div id=\"ngg-image-171\" class=\"ngg-gallery-thumbnail-box\" >\n\t\t\t\t        <div class=\"ngg-gallery-thumbnail\">\n            <a href=\"http:\/\/www.karate-neuhofen.at\/wp-content\/gallery\/sommercamp-2014\/dsc_5585.jpg\"\n               title=\"\"\n               data-src=\"http:\/\/www.karate-neuhofen.at\/wp-content\/gallery\/sommercamp-2014\/dsc_5585.jpg\"\n               data-thumbnail=\"http:\/\/www.karate-neuhofen.at\/wp-content\/gallery\/sommercamp-2014\/thumbs\/thumbs_dsc_5585.jpg\"\n               data-image-id=\"6837\"\n               data-title=\"dsc_5585\"\n               data-description=\"\"\n               data-image-slug=\"dsc_5585\"\n               class=\"shutterset_a6d0251e289b9d2023c6d431c5710d04\">\n                <img\n                    title=\"dsc_5585\"\n                    alt=\"dsc_5585\"\n                    src=\"http:\/\/www.karate-neuhofen.at\/wp-content\/gallery\/sommercamp-2014\/thumbs\/thumbs_dsc_5585.jpg\"\n                    width=\"100\"\n                    height=\"66\"\n                    style=\"max-width:100%;\"\n                \/>\n            <\/a>\n        <\/div>\n\t\t\t\t\t\t\t<\/div> \n\t\t\t\n        \n\t\t\t\t<div id=\"ngg-image-172\" class=\"ngg-gallery-thumbnail-box\" >\n\t\t\t\t        <div class=\"ngg-gallery-thumbnail\">\n            <a href=\"http:\/\/www.karate-neuhofen.at\/wp-content\/gallery\/sommercamp-2014\/dsc_5588.jpg\"\n               title=\"\"\n               data-src=\"http:\/\/www.karate-neuhofen.at\/wp-content\/gallery\/sommercamp-2014\/dsc_5588.jpg\"\n               data-thumbnail=\"http:\/\/www.karate-neuhofen.at\/wp-content\/gallery\/sommercamp-2014\/thumbs\/thumbs_dsc_5588.jpg\"\n               data-image-id=\"6838\"\n               data-title=\"dsc_5588\"\n               data-description=\"\"\n               data-image-slug=\"dsc_5588\"\n               class=\"shutterset_a6d0251e289b9d2023c6d431c5710d04\">\n                <img\n                    title=\"dsc_5588\"\n                    alt=\"dsc_5588\"\n                    src=\"http:\/\/www.karate-neuhofen.at\/wp-content\/gallery\/sommercamp-2014\/thumbs\/thumbs_dsc_5588.jpg\"\n                    width=\"100\"\n                    height=\"66\"\n                    style=\"max-width:100%;\"\n                \/>\n            <\/a>\n        <\/div>\n\t\t\t\t\t\t\t<\/div> \n\t\t\t\n        \n\t\t\t\t<div id=\"ngg-image-173\" class=\"ngg-gallery-thumbnail-box\" >\n\t\t\t\t        <div class=\"ngg-gallery-thumbnail\">\n            <a href=\"http:\/\/www.karate-neuhofen.at\/wp-content\/gallery\/sommercamp-2014\/dsc_5590.jpg\"\n               title=\"\"\n               data-src=\"http:\/\/www.karate-neuhofen.at\/wp-content\/gallery\/sommercamp-2014\/dsc_5590.jpg\"\n               data-thumbnail=\"http:\/\/www.karate-neuhofen.at\/wp-content\/gallery\/sommercamp-2014\/thumbs\/thumbs_dsc_5590.jpg\"\n               data-image-id=\"6839\"\n               data-title=\"dsc_5590\"\n               data-description=\"\"\n               data-image-slug=\"dsc_5590\"\n               class=\"shutterset_a6d0251e289b9d2023c6d431c5710d04\">\n                <img\n                    title=\"dsc_5590\"\n                    alt=\"dsc_5590\"\n                    src=\"http:\/\/www.karate-neuhofen.at\/wp-content\/gallery\/sommercamp-2014\/thumbs\/thumbs_dsc_5590.jpg\"\n                    width=\"100\"\n                    height=\"66\"\n                    style=\"max-width:100%;\"\n                \/>\n            <\/a>\n        <\/div>\n\t\t\t\t\t\t\t<\/div> \n\t\t\t\n        \n\t\t\t\t<div id=\"ngg-image-174\" class=\"ngg-gallery-thumbnail-box\" >\n\t\t\t\t        <div class=\"ngg-gallery-thumbnail\">\n            <a href=\"http:\/\/www.karate-neuhofen.at\/wp-content\/gallery\/sommercamp-2014\/dsc_5591.jpg\"\n               title=\"\"\n               data-src=\"http:\/\/www.karate-neuhofen.at\/wp-content\/gallery\/sommercamp-2014\/dsc_5591.jpg\"\n               data-thumbnail=\"http:\/\/www.karate-neuhofen.at\/wp-content\/gallery\/sommercamp-2014\/thumbs\/thumbs_dsc_5591.jpg\"\n               data-image-id=\"6840\"\n               data-title=\"dsc_5591\"\n               data-description=\"\"\n               data-image-slug=\"dsc_5591\"\n               class=\"shutterset_a6d0251e289b9d2023c6d431c5710d04\">\n                <img\n                    title=\"dsc_5591\"\n                    alt=\"dsc_5591\"\n                    src=\"http:\/\/www.karate-neuhofen.at\/wp-content\/gallery\/sommercamp-2014\/thumbs\/thumbs_dsc_5591.jpg\"\n                    width=\"100\"\n                    height=\"66\"\n                    style=\"max-width:100%;\"\n                \/>\n            <\/a>\n        <\/div>\n\t\t\t\t\t\t\t<\/div> \n\t\t\t\n        \n\t\t\t\t<div id=\"ngg-image-175\" class=\"ngg-gallery-thumbnail-box\" >\n\t\t\t\t        <div class=\"ngg-gallery-thumbnail\">\n            <a href=\"http:\/\/www.karate-neuhofen.at\/wp-content\/gallery\/sommercamp-2014\/dsc_5592.jpg\"\n               title=\"\"\n               data-src=\"http:\/\/www.karate-neuhofen.at\/wp-content\/gallery\/sommercamp-2014\/dsc_5592.jpg\"\n               data-thumbnail=\"http:\/\/www.karate-neuhofen.at\/wp-content\/gallery\/sommercamp-2014\/thumbs\/thumbs_dsc_5592.jpg\"\n               data-image-id=\"6841\"\n               data-title=\"dsc_5592\"\n               data-description=\"\"\n               data-image-slug=\"dsc_5592\"\n               class=\"shutterset_a6d0251e289b9d2023c6d431c5710d04\">\n                <img\n                    title=\"dsc_5592\"\n                    alt=\"dsc_5592\"\n                    src=\"http:\/\/www.karate-neuhofen.at\/wp-content\/gallery\/sommercamp-2014\/thumbs\/thumbs_dsc_5592.jpg\"\n                    width=\"100\"\n                    height=\"66\"\n                    style=\"max-width:100%;\"\n                \/>\n            <\/a>\n        <\/div>\n\t\t\t\t\t\t\t<\/div> \n\t\t\t\n        \n\t\t\t\t<div id=\"ngg-image-176\" class=\"ngg-gallery-thumbnail-box\" >\n\t\t\t\t        <div class=\"ngg-gallery-thumbnail\">\n            <a href=\"http:\/\/www.karate-neuhofen.at\/wp-content\/gallery\/sommercamp-2014\/dsc_5594.jpg\"\n               title=\"\"\n               data-src=\"http:\/\/www.karate-neuhofen.at\/wp-content\/gallery\/sommercamp-2014\/dsc_5594.jpg\"\n               data-thumbnail=\"http:\/\/www.karate-neuhofen.at\/wp-content\/gallery\/sommercamp-2014\/thumbs\/thumbs_dsc_5594.jpg\"\n               data-image-id=\"6842\"\n               data-title=\"dsc_5594\"\n               data-description=\"\"\n               data-image-slug=\"dsc_5594\"\n               class=\"shutterset_a6d0251e289b9d2023c6d431c5710d04\">\n                <img\n                    title=\"dsc_5594\"\n                    alt=\"dsc_5594\"\n                    src=\"http:\/\/www.karate-neuhofen.at\/wp-content\/gallery\/sommercamp-2014\/thumbs\/thumbs_dsc_5594.jpg\"\n                    width=\"100\"\n                    height=\"66\"\n                    style=\"max-width:100%;\"\n                \/>\n            <\/a>\n        <\/div>\n\t\t\t\t\t\t\t<\/div> \n\t\t\t\n        \n\t\t\t\t<div id=\"ngg-image-177\" class=\"ngg-gallery-thumbnail-box\" >\n\t\t\t\t        <div class=\"ngg-gallery-thumbnail\">\n            <a href=\"http:\/\/www.karate-neuhofen.at\/wp-content\/gallery\/sommercamp-2014\/dsc_5595.jpg\"\n               title=\"\"\n               data-src=\"http:\/\/www.karate-neuhofen.at\/wp-content\/gallery\/sommercamp-2014\/dsc_5595.jpg\"\n               data-thumbnail=\"http:\/\/www.karate-neuhofen.at\/wp-content\/gallery\/sommercamp-2014\/thumbs\/thumbs_dsc_5595.jpg\"\n               data-image-id=\"6843\"\n               data-title=\"dsc_5595\"\n               data-description=\"\"\n               data-image-slug=\"dsc_5595\"\n               class=\"shutterset_a6d0251e289b9d2023c6d431c5710d04\">\n                <img\n                    title=\"dsc_5595\"\n                    alt=\"dsc_5595\"\n                    src=\"http:\/\/www.karate-neuhofen.at\/wp-content\/gallery\/sommercamp-2014\/thumbs\/thumbs_dsc_5595.jpg\"\n                    width=\"100\"\n                    height=\"66\"\n                    style=\"max-width:100%;\"\n                \/>\n            <\/a>\n        <\/div>\n\t\t\t\t\t\t\t<\/div> \n\t\t\t\n        \n\t\t\t\t<div id=\"ngg-image-178\" class=\"ngg-gallery-thumbnail-box\" >\n\t\t\t\t        <div class=\"ngg-gallery-thumbnail\">\n            <a href=\"http:\/\/www.karate-neuhofen.at\/wp-content\/gallery\/sommercamp-2014\/dsc_5596.jpg\"\n               title=\"\"\n               data-src=\"http:\/\/www.karate-neuhofen.at\/wp-content\/gallery\/sommercamp-2014\/dsc_5596.jpg\"\n               data-thumbnail=\"http:\/\/www.karate-neuhofen.at\/wp-content\/gallery\/sommercamp-2014\/thumbs\/thumbs_dsc_5596.jpg\"\n               data-image-id=\"6844\"\n               data-title=\"dsc_5596\"\n               data-description=\"\"\n               data-image-slug=\"dsc_5596\"\n               class=\"shutterset_a6d0251e289b9d2023c6d431c5710d04\">\n                <img\n                    title=\"dsc_5596\"\n                    alt=\"dsc_5596\"\n                    src=\"http:\/\/www.karate-neuhofen.at\/wp-content\/gallery\/sommercamp-2014\/thumbs\/thumbs_dsc_5596.jpg\"\n                    width=\"100\"\n                    height=\"66\"\n                    style=\"max-width:100%;\"\n                \/>\n            <\/a>\n        <\/div>\n\t\t\t\t\t\t\t<\/div> \n\t\t\t\n        \n\t\t\t\t<div id=\"ngg-image-179\" class=\"ngg-gallery-thumbnail-box\" >\n\t\t\t\t        <div class=\"ngg-gallery-thumbnail\">\n            <a href=\"http:\/\/www.karate-neuhofen.at\/wp-content\/gallery\/sommercamp-2014\/dsc_5597.jpg\"\n               title=\"\"\n               data-src=\"http:\/\/www.karate-neuhofen.at\/wp-content\/gallery\/sommercamp-2014\/dsc_5597.jpg\"\n               data-thumbnail=\"http:\/\/www.karate-neuhofen.at\/wp-content\/gallery\/sommercamp-2014\/thumbs\/thumbs_dsc_5597.jpg\"\n               data-image-id=\"6845\"\n               data-title=\"dsc_5597\"\n               data-description=\"\"\n               data-image-slug=\"dsc_5597\"\n               class=\"shutterset_a6d0251e289b9d2023c6d431c5710d04\">\n                <img\n                    title=\"dsc_5597\"\n                    alt=\"dsc_5597\"\n                    src=\"http:\/\/www.karate-neuhofen.at\/wp-content\/gallery\/sommercamp-2014\/thumbs\/thumbs_dsc_5597.jpg\"\n                    width=\"100\"\n                    height=\"66\"\n                    style=\"max-width:100%;\"\n                \/>\n            <\/a>\n        <\/div>\n\t\t\t\t\t\t\t<\/div> \n\t\t\t\n        \n\t\t\t\t<div id=\"ngg-image-180\" class=\"ngg-gallery-thumbnail-box\" >\n\t\t\t\t        <div class=\"ngg-gallery-thumbnail\">\n            <a href=\"http:\/\/www.karate-neuhofen.at\/wp-content\/gallery\/sommercamp-2014\/dsc_5599.jpg\"\n               title=\"\"\n               data-src=\"http:\/\/www.karate-neuhofen.at\/wp-content\/gallery\/sommercamp-2014\/dsc_5599.jpg\"\n               data-thumbnail=\"http:\/\/www.karate-neuhofen.at\/wp-content\/gallery\/sommercamp-2014\/thumbs\/thumbs_dsc_5599.jpg\"\n               data-image-id=\"6847\"\n               data-title=\"dsc_5599\"\n               data-description=\"\"\n               data-image-slug=\"dsc_5599\"\n               class=\"shutterset_a6d0251e289b9d2023c6d431c5710d04\">\n                <img\n                    title=\"dsc_5599\"\n                    alt=\"dsc_5599\"\n                    src=\"http:\/\/www.karate-neuhofen.at\/wp-content\/gallery\/sommercamp-2014\/thumbs\/thumbs_dsc_5599.jpg\"\n                    width=\"100\"\n                    height=\"66\"\n                    style=\"max-width:100%;\"\n                \/>\n            <\/a>\n        <\/div>\n\t\t\t\t\t\t\t<\/div> \n\t\t\t\n        \n\t\t\t\t<div id=\"ngg-image-181\" class=\"ngg-gallery-thumbnail-box\" >\n\t\t\t\t        <div class=\"ngg-gallery-thumbnail\">\n            <a href=\"http:\/\/www.karate-neuhofen.at\/wp-content\/gallery\/sommercamp-2014\/dsc_5600.jpg\"\n               title=\"\"\n               data-src=\"http:\/\/www.karate-neuhofen.at\/wp-content\/gallery\/sommercamp-2014\/dsc_5600.jpg\"\n               data-thumbnail=\"http:\/\/www.karate-neuhofen.at\/wp-content\/gallery\/sommercamp-2014\/thumbs\/thumbs_dsc_5600.jpg\"\n               data-image-id=\"6848\"\n               data-title=\"dsc_5600\"\n               data-description=\"\"\n               data-image-slug=\"dsc_5600\"\n               class=\"shutterset_a6d0251e289b9d2023c6d431c5710d04\">\n                <img\n                    title=\"dsc_5600\"\n                    alt=\"dsc_5600\"\n                    src=\"http:\/\/www.karate-neuhofen.at\/wp-content\/gallery\/sommercamp-2014\/thumbs\/thumbs_dsc_5600.jpg\"\n                    width=\"100\"\n                    height=\"66\"\n                    style=\"max-width:100%;\"\n                \/>\n            <\/a>\n        <\/div>\n\t\t\t\t\t\t\t<\/div> \n\t\t\t\n        \n\t\t\t\t<div id=\"ngg-image-182\" class=\"ngg-gallery-thumbnail-box\" >\n\t\t\t\t        <div class=\"ngg-gallery-thumbnail\">\n            <a href=\"http:\/\/www.karate-neuhofen.at\/wp-content\/gallery\/sommercamp-2014\/dsc_5603.jpg\"\n               title=\"\"\n               data-src=\"http:\/\/www.karate-neuhofen.at\/wp-content\/gallery\/sommercamp-2014\/dsc_5603.jpg\"\n               data-thumbnail=\"http:\/\/www.karate-neuhofen.at\/wp-content\/gallery\/sommercamp-2014\/thumbs\/thumbs_dsc_5603.jpg\"\n               data-image-id=\"6849\"\n               data-title=\"dsc_5603\"\n               data-description=\"\"\n               data-image-slug=\"dsc_5603\"\n               class=\"shutterset_a6d0251e289b9d2023c6d431c5710d04\">\n                <img\n                    title=\"dsc_5603\"\n                    alt=\"dsc_5603\"\n                    src=\"http:\/\/www.karate-neuhofen.at\/wp-content\/gallery\/sommercamp-2014\/thumbs\/thumbs_dsc_5603.jpg\"\n                    width=\"100\"\n                    height=\"66\"\n                    style=\"max-width:100%;\"\n                \/>\n            <\/a>\n        <\/div>\n\t\t\t\t\t\t\t<\/div> \n\t\t\t\n        \n\t\t\t\t<div id=\"ngg-image-183\" class=\"ngg-gallery-thumbnail-box\" >\n\t\t\t\t        <div class=\"ngg-gallery-thumbnail\">\n            <a href=\"http:\/\/www.karate-neuhofen.at\/wp-content\/gallery\/sommercamp-2014\/dsc_5608.jpg\"\n               title=\"\"\n               data-src=\"http:\/\/www.karate-neuhofen.at\/wp-content\/gallery\/sommercamp-2014\/dsc_5608.jpg\"\n               data-thumbnail=\"http:\/\/www.karate-neuhofen.at\/wp-content\/gallery\/sommercamp-2014\/thumbs\/thumbs_dsc_5608.jpg\"\n               data-image-id=\"6850\"\n               data-title=\"dsc_5608\"\n               data-description=\"\"\n               data-image-slug=\"dsc_5608\"\n               class=\"shutterset_a6d0251e289b9d2023c6d431c5710d04\">\n                <img\n                    title=\"dsc_5608\"\n                    alt=\"dsc_5608\"\n                    src=\"http:\/\/www.karate-neuhofen.at\/wp-content\/gallery\/sommercamp-2014\/thumbs\/thumbs_dsc_5608.jpg\"\n                    width=\"100\"\n                    height=\"66\"\n                    style=\"max-width:100%;\"\n                \/>\n            <\/a>\n        <\/div>\n\t\t\t\t\t\t\t<\/div> \n\t\t\t\n        \n\t\t\t\t<div id=\"ngg-image-184\" class=\"ngg-gallery-thumbnail-box\" >\n\t\t\t\t        <div class=\"ngg-gallery-thumbnail\">\n            <a href=\"http:\/\/www.karate-neuhofen.at\/wp-content\/gallery\/sommercamp-2014\/dsc_5609.jpg\"\n               title=\"\"\n               data-src=\"http:\/\/www.karate-neuhofen.at\/wp-content\/gallery\/sommercamp-2014\/dsc_5609.jpg\"\n               data-thumbnail=\"http:\/\/www.karate-neuhofen.at\/wp-content\/gallery\/sommercamp-2014\/thumbs\/thumbs_dsc_5609.jpg\"\n               data-image-id=\"6851\"\n               data-title=\"dsc_5609\"\n               data-description=\"\"\n               data-image-slug=\"dsc_5609\"\n               class=\"shutterset_a6d0251e289b9d2023c6d431c5710d04\">\n                <img\n                    title=\"dsc_5609\"\n                    alt=\"dsc_5609\"\n                    src=\"http:\/\/www.karate-neuhofen.at\/wp-content\/gallery\/sommercamp-2014\/thumbs\/thumbs_dsc_5609.jpg\"\n                    width=\"100\"\n                    height=\"66\"\n                    style=\"max-width:100%;\"\n                \/>\n            <\/a>\n        <\/div>\n\t\t\t\t\t\t\t<\/div> \n\t\t\t\n        \n\t\t\t\t<div id=\"ngg-image-185\" class=\"ngg-gallery-thumbnail-box\" >\n\t\t\t\t        <div class=\"ngg-gallery-thumbnail\">\n            <a href=\"http:\/\/www.karate-neuhofen.at\/wp-content\/gallery\/sommercamp-2014\/dsc_5612.jpg\"\n               title=\"\"\n               data-src=\"http:\/\/www.karate-neuhofen.at\/wp-content\/gallery\/sommercamp-2014\/dsc_5612.jpg\"\n               data-thumbnail=\"http:\/\/www.karate-neuhofen.at\/wp-content\/gallery\/sommercamp-2014\/thumbs\/thumbs_dsc_5612.jpg\"\n               data-image-id=\"6852\"\n               data-title=\"dsc_5612\"\n               data-description=\"\"\n               data-image-slug=\"dsc_5612\"\n               class=\"shutterset_a6d0251e289b9d2023c6d431c5710d04\">\n                <img\n                    title=\"dsc_5612\"\n                    alt=\"dsc_5612\"\n                    src=\"http:\/\/www.karate-neuhofen.at\/wp-content\/gallery\/sommercamp-2014\/thumbs\/thumbs_dsc_5612.jpg\"\n                    width=\"100\"\n                    height=\"66\"\n                    style=\"max-width:100%;\"\n                \/>\n            <\/a>\n        <\/div>\n\t\t\t\t\t\t\t<\/div> \n\t\t\t\n        \n\t\t\t\t<div id=\"ngg-image-186\" class=\"ngg-gallery-thumbnail-box\" >\n\t\t\t\t        <div class=\"ngg-gallery-thumbnail\">\n            <a href=\"http:\/\/www.karate-neuhofen.at\/wp-content\/gallery\/sommercamp-2014\/dsc_5613.jpg\"\n               title=\"\"\n               data-src=\"http:\/\/www.karate-neuhofen.at\/wp-content\/gallery\/sommercamp-2014\/dsc_5613.jpg\"\n               data-thumbnail=\"http:\/\/www.karate-neuhofen.at\/wp-content\/gallery\/sommercamp-2014\/thumbs\/thumbs_dsc_5613.jpg\"\n               data-image-id=\"6853\"\n               data-title=\"dsc_5613\"\n               data-description=\"\"\n               data-image-slug=\"dsc_5613\"\n               class=\"shutterset_a6d0251e289b9d2023c6d431c5710d04\">\n                <img\n                    title=\"dsc_5613\"\n                    alt=\"dsc_5613\"\n                    src=\"http:\/\/www.karate-neuhofen.at\/wp-content\/gallery\/sommercamp-2014\/thumbs\/thumbs_dsc_5613.jpg\"\n                    width=\"100\"\n                    height=\"66\"\n                    style=\"max-width:100%;\"\n                \/>\n            <\/a>\n        <\/div>\n\t\t\t\t\t\t\t<\/div> \n\t\t\t\n        \n\t\t\t\t<div id=\"ngg-image-187\" class=\"ngg-gallery-thumbnail-box\" >\n\t\t\t\t        <div class=\"ngg-gallery-thumbnail\">\n            <a href=\"http:\/\/www.karate-neuhofen.at\/wp-content\/gallery\/sommercamp-2014\/dsc_5614.jpg\"\n               title=\"\"\n               data-src=\"http:\/\/www.karate-neuhofen.at\/wp-content\/gallery\/sommercamp-2014\/dsc_5614.jpg\"\n               data-thumbnail=\"http:\/\/www.karate-neuhofen.at\/wp-content\/gallery\/sommercamp-2014\/thumbs\/thumbs_dsc_5614.jpg\"\n               data-image-id=\"6854\"\n               data-title=\"dsc_5614\"\n               data-description=\"\"\n               data-image-slug=\"dsc_5614\"\n               class=\"shutterset_a6d0251e289b9d2023c6d431c5710d04\">\n                <img\n                    title=\"dsc_5614\"\n                    alt=\"dsc_5614\"\n                    src=\"http:\/\/www.karate-neuhofen.at\/wp-content\/gallery\/sommercamp-2014\/thumbs\/thumbs_dsc_5614.jpg\"\n                    width=\"100\"\n                    height=\"66\"\n                    style=\"max-width:100%;\"\n                \/>\n            <\/a>\n        <\/div>\n\t\t\t\t\t\t\t<\/div> \n\t\t\t\n        \n\t\t\t\t<div id=\"ngg-image-188\" class=\"ngg-gallery-thumbnail-box\" >\n\t\t\t\t        <div class=\"ngg-gallery-thumbnail\">\n            <a href=\"http:\/\/www.karate-neuhofen.at\/wp-content\/gallery\/sommercamp-2014\/dsc_5615.jpg\"\n               title=\"\"\n               data-src=\"http:\/\/www.karate-neuhofen.at\/wp-content\/gallery\/sommercamp-2014\/dsc_5615.jpg\"\n               data-thumbnail=\"http:\/\/www.karate-neuhofen.at\/wp-content\/gallery\/sommercamp-2014\/thumbs\/thumbs_dsc_5615.jpg\"\n               data-image-id=\"6855\"\n               data-title=\"dsc_5615\"\n               data-description=\"\"\n               data-image-slug=\"dsc_5615\"\n               class=\"shutterset_a6d0251e289b9d2023c6d431c5710d04\">\n                <img\n                    title=\"dsc_5615\"\n                    alt=\"dsc_5615\"\n                    src=\"http:\/\/www.karate-neuhofen.at\/wp-content\/gallery\/sommercamp-2014\/thumbs\/thumbs_dsc_5615.jpg\"\n                    width=\"100\"\n                    height=\"66\"\n                    style=\"max-width:100%;\"\n                \/>\n            <\/a>\n        <\/div>\n\t\t\t\t\t\t\t<\/div> \n\t\t\t\n        \n\t\t\t\t<div id=\"ngg-image-189\" class=\"ngg-gallery-thumbnail-box\" >\n\t\t\t\t        <div class=\"ngg-gallery-thumbnail\">\n            <a href=\"http:\/\/www.karate-neuhofen.at\/wp-content\/gallery\/sommercamp-2014\/dsc_5617.jpg\"\n               title=\"\"\n               data-src=\"http:\/\/www.karate-neuhofen.at\/wp-content\/gallery\/sommercamp-2014\/dsc_5617.jpg\"\n               data-thumbnail=\"http:\/\/www.karate-neuhofen.at\/wp-content\/gallery\/sommercamp-2014\/thumbs\/thumbs_dsc_5617.jpg\"\n               data-image-id=\"6856\"\n               data-title=\"dsc_5617\"\n               data-description=\"\"\n               data-image-slug=\"dsc_5617\"\n               class=\"shutterset_a6d0251e289b9d2023c6d431c5710d04\">\n                <img\n                    title=\"dsc_5617\"\n                    alt=\"dsc_5617\"\n                    src=\"http:\/\/www.karate-neuhofen.at\/wp-content\/gallery\/sommercamp-2014\/thumbs\/thumbs_dsc_5617.jpg\"\n                    width=\"100\"\n                    height=\"66\"\n                    style=\"max-width:100%;\"\n                \/>\n            <\/a>\n        <\/div>\n\t\t\t\t\t\t\t<\/div> \n\t\t\t\n        \n\t\t\t\t<div id=\"ngg-image-190\" class=\"ngg-gallery-thumbnail-box\" >\n\t\t\t\t        <div class=\"ngg-gallery-thumbnail\">\n            <a href=\"http:\/\/www.karate-neuhofen.at\/wp-content\/gallery\/sommercamp-2014\/dsc_5619.jpg\"\n               title=\"\"\n               data-src=\"http:\/\/www.karate-neuhofen.at\/wp-content\/gallery\/sommercamp-2014\/dsc_5619.jpg\"\n               data-thumbnail=\"http:\/\/www.karate-neuhofen.at\/wp-content\/gallery\/sommercamp-2014\/thumbs\/thumbs_dsc_5619.jpg\"\n               data-image-id=\"6857\"\n               data-title=\"dsc_5619\"\n               data-description=\"\"\n               data-image-slug=\"dsc_5619\"\n               class=\"shutterset_a6d0251e289b9d2023c6d431c5710d04\">\n                <img\n                    title=\"dsc_5619\"\n                    alt=\"dsc_5619\"\n                    src=\"http:\/\/www.karate-neuhofen.at\/wp-content\/gallery\/sommercamp-2014\/thumbs\/thumbs_dsc_5619.jpg\"\n                    width=\"100\"\n                    height=\"66\"\n                    style=\"max-width:100%;\"\n                \/>\n            <\/a>\n        <\/div>\n\t\t\t\t\t\t\t<\/div> \n\t\t\t\n        \n\t\t\t\t<div id=\"ngg-image-191\" class=\"ngg-gallery-thumbnail-box\" >\n\t\t\t\t        <div class=\"ngg-gallery-thumbnail\">\n            <a href=\"http:\/\/www.karate-neuhofen.at\/wp-content\/gallery\/sommercamp-2014\/dsc_5620.jpg\"\n               title=\"\"\n               data-src=\"http:\/\/www.karate-neuhofen.at\/wp-content\/gallery\/sommercamp-2014\/dsc_5620.jpg\"\n               data-thumbnail=\"http:\/\/www.karate-neuhofen.at\/wp-content\/gallery\/sommercamp-2014\/thumbs\/thumbs_dsc_5620.jpg\"\n               data-image-id=\"6858\"\n               data-title=\"dsc_5620\"\n               data-description=\"\"\n               data-image-slug=\"dsc_5620\"\n               class=\"shutterset_a6d0251e289b9d2023c6d431c5710d04\">\n                <img\n                    title=\"dsc_5620\"\n                    alt=\"dsc_5620\"\n                    src=\"http:\/\/www.karate-neuhofen.at\/wp-content\/gallery\/sommercamp-2014\/thumbs\/thumbs_dsc_5620.jpg\"\n                    width=\"100\"\n                    height=\"66\"\n                    style=\"max-width:100%;\"\n                \/>\n            <\/a>\n        <\/div>\n\t\t\t\t\t\t\t<\/div> \n\t\t\t\n        \n\t\t\t\t<div id=\"ngg-image-192\" class=\"ngg-gallery-thumbnail-box\" >\n\t\t\t\t        <div class=\"ngg-gallery-thumbnail\">\n            <a href=\"http:\/\/www.karate-neuhofen.at\/wp-content\/gallery\/sommercamp-2014\/dsc_5623.jpg\"\n               title=\"\"\n               data-src=\"http:\/\/www.karate-neuhofen.at\/wp-content\/gallery\/sommercamp-2014\/dsc_5623.jpg\"\n               data-thumbnail=\"http:\/\/www.karate-neuhofen.at\/wp-content\/gallery\/sommercamp-2014\/thumbs\/thumbs_dsc_5623.jpg\"\n               data-image-id=\"6859\"\n               data-title=\"dsc_5623\"\n               data-description=\"\"\n               data-image-slug=\"dsc_5623\"\n               class=\"shutterset_a6d0251e289b9d2023c6d431c5710d04\">\n                <img\n                    title=\"dsc_5623\"\n                    alt=\"dsc_5623\"\n                    src=\"http:\/\/www.karate-neuhofen.at\/wp-content\/gallery\/sommercamp-2014\/thumbs\/thumbs_dsc_5623.jpg\"\n                    width=\"100\"\n                    height=\"66\"\n                    style=\"max-width:100%;\"\n                \/>\n            <\/a>\n        <\/div>\n\t\t\t\t\t\t\t<\/div> \n\t\t\t\n        \n\t\t\t\t<div id=\"ngg-image-193\" class=\"ngg-gallery-thumbnail-box\" >\n\t\t\t\t        <div class=\"ngg-gallery-thumbnail\">\n            <a href=\"http:\/\/www.karate-neuhofen.at\/wp-content\/gallery\/sommercamp-2014\/dsc_5626.jpg\"\n               title=\"\"\n               data-src=\"http:\/\/www.karate-neuhofen.at\/wp-content\/gallery\/sommercamp-2014\/dsc_5626.jpg\"\n               data-thumbnail=\"http:\/\/www.karate-neuhofen.at\/wp-content\/gallery\/sommercamp-2014\/thumbs\/thumbs_dsc_5626.jpg\"\n               data-image-id=\"6860\"\n               data-title=\"dsc_5626\"\n               data-description=\"\"\n               data-image-slug=\"dsc_5626\"\n               class=\"shutterset_a6d0251e289b9d2023c6d431c5710d04\">\n                <img\n                    title=\"dsc_5626\"\n                    alt=\"dsc_5626\"\n                    src=\"http:\/\/www.karate-neuhofen.at\/wp-content\/gallery\/sommercamp-2014\/thumbs\/thumbs_dsc_5626.jpg\"\n                    width=\"100\"\n                    height=\"66\"\n                    style=\"max-width:100%;\"\n                \/>\n            <\/a>\n        <\/div>\n\t\t\t\t\t\t\t<\/div> \n\t\t\t\n        \n\t\t\t\t<div id=\"ngg-image-194\" class=\"ngg-gallery-thumbnail-box\" >\n\t\t\t\t        <div class=\"ngg-gallery-thumbnail\">\n            <a href=\"http:\/\/www.karate-neuhofen.at\/wp-content\/gallery\/sommercamp-2014\/dsc_5629.jpg\"\n               title=\"\"\n               data-src=\"http:\/\/www.karate-neuhofen.at\/wp-content\/gallery\/sommercamp-2014\/dsc_5629.jpg\"\n               data-thumbnail=\"http:\/\/www.karate-neuhofen.at\/wp-content\/gallery\/sommercamp-2014\/thumbs\/thumbs_dsc_5629.jpg\"\n               data-image-id=\"6861\"\n               data-title=\"dsc_5629\"\n               data-description=\"\"\n               data-image-slug=\"dsc_5629\"\n               class=\"shutterset_a6d0251e289b9d2023c6d431c5710d04\">\n                <img\n                    title=\"dsc_5629\"\n                    alt=\"dsc_5629\"\n                    src=\"http:\/\/www.karate-neuhofen.at\/wp-content\/gallery\/sommercamp-2014\/thumbs\/thumbs_dsc_5629.jpg\"\n                    width=\"100\"\n                    height=\"66\"\n                    style=\"max-width:100%;\"\n                \/>\n            <\/a>\n        <\/div>\n\t\t\t\t\t\t\t<\/div> \n\t\t\t\n        \n\t\t\t\t<div id=\"ngg-image-195\" class=\"ngg-gallery-thumbnail-box\" >\n\t\t\t\t        <div class=\"ngg-gallery-thumbnail\">\n            <a href=\"http:\/\/www.karate-neuhofen.at\/wp-content\/gallery\/sommercamp-2014\/dsc_5630.jpg\"\n               title=\"\"\n               data-src=\"http:\/\/www.karate-neuhofen.at\/wp-content\/gallery\/sommercamp-2014\/dsc_5630.jpg\"\n               data-thumbnail=\"http:\/\/www.karate-neuhofen.at\/wp-content\/gallery\/sommercamp-2014\/thumbs\/thumbs_dsc_5630.jpg\"\n               data-image-id=\"6862\"\n               data-title=\"dsc_5630\"\n               data-description=\"\"\n               data-image-slug=\"dsc_5630\"\n               class=\"shutterset_a6d0251e289b9d2023c6d431c5710d04\">\n                <img\n                    title=\"dsc_5630\"\n                    alt=\"dsc_5630\"\n                    src=\"http:\/\/www.karate-neuhofen.at\/wp-content\/gallery\/sommercamp-2014\/thumbs\/thumbs_dsc_5630.jpg\"\n                    width=\"100\"\n                    height=\"66\"\n                    style=\"max-width:100%;\"\n                \/>\n            <\/a>\n        <\/div>\n\t\t\t\t\t\t\t<\/div> \n\t\t\t\n        \n\t\t\t\t<div id=\"ngg-image-196\" class=\"ngg-gallery-thumbnail-box\" >\n\t\t\t\t        <div class=\"ngg-gallery-thumbnail\">\n            <a href=\"http:\/\/www.karate-neuhofen.at\/wp-content\/gallery\/sommercamp-2014\/dsc_5632.jpg\"\n               title=\"\"\n               data-src=\"http:\/\/www.karate-neuhofen.at\/wp-content\/gallery\/sommercamp-2014\/dsc_5632.jpg\"\n               data-thumbnail=\"http:\/\/www.karate-neuhofen.at\/wp-content\/gallery\/sommercamp-2014\/thumbs\/thumbs_dsc_5632.jpg\"\n               data-image-id=\"6863\"\n               data-title=\"dsc_5632\"\n               data-description=\"\"\n               data-image-slug=\"dsc_5632\"\n               class=\"shutterset_a6d0251e289b9d2023c6d431c5710d04\">\n                <img\n                    title=\"dsc_5632\"\n                    alt=\"dsc_5632\"\n                    src=\"http:\/\/www.karate-neuhofen.at\/wp-content\/gallery\/sommercamp-2014\/thumbs\/thumbs_dsc_5632.jpg\"\n                    width=\"100\"\n                    height=\"66\"\n                    style=\"max-width:100%;\"\n                \/>\n            <\/a>\n        <\/div>\n\t\t\t\t\t\t\t<\/div> \n\t\t\t\n        \n\t\t\t\t<div id=\"ngg-image-197\" class=\"ngg-gallery-thumbnail-box\" >\n\t\t\t\t        <div class=\"ngg-gallery-thumbnail\">\n            <a href=\"http:\/\/www.karate-neuhofen.at\/wp-content\/gallery\/sommercamp-2014\/dsc_5636.jpg\"\n               title=\"\"\n               data-src=\"http:\/\/www.karate-neuhofen.at\/wp-content\/gallery\/sommercamp-2014\/dsc_5636.jpg\"\n               data-thumbnail=\"http:\/\/www.karate-neuhofen.at\/wp-content\/gallery\/sommercamp-2014\/thumbs\/thumbs_dsc_5636.jpg\"\n               data-image-id=\"6864\"\n               data-title=\"dsc_5636\"\n               data-description=\"\"\n               data-image-slug=\"dsc_5636\"\n               class=\"shutterset_a6d0251e289b9d2023c6d431c5710d04\">\n                <img\n                    title=\"dsc_5636\"\n                    alt=\"dsc_5636\"\n                    src=\"http:\/\/www.karate-neuhofen.at\/wp-content\/gallery\/sommercamp-2014\/thumbs\/thumbs_dsc_5636.jpg\"\n                    width=\"100\"\n                    height=\"66\"\n                    style=\"max-width:100%;\"\n                \/>\n            <\/a>\n        <\/div>\n\t\t\t\t\t\t\t<\/div> \n\t\t\t\n        \n\t\t\t\t<div id=\"ngg-image-198\" class=\"ngg-gallery-thumbnail-box\" >\n\t\t\t\t        <div class=\"ngg-gallery-thumbnail\">\n            <a href=\"http:\/\/www.karate-neuhofen.at\/wp-content\/gallery\/sommercamp-2014\/dsc_5639.jpg\"\n               title=\"\"\n               data-src=\"http:\/\/www.karate-neuhofen.at\/wp-content\/gallery\/sommercamp-2014\/dsc_5639.jpg\"\n               data-thumbnail=\"http:\/\/www.karate-neuhofen.at\/wp-content\/gallery\/sommercamp-2014\/thumbs\/thumbs_dsc_5639.jpg\"\n               data-image-id=\"6865\"\n               data-title=\"dsc_5639\"\n               data-description=\"\"\n               data-image-slug=\"dsc_5639\"\n               class=\"shutterset_a6d0251e289b9d2023c6d431c5710d04\">\n                <img\n                    title=\"dsc_5639\"\n                    alt=\"dsc_5639\"\n                    src=\"http:\/\/www.karate-neuhofen.at\/wp-content\/gallery\/sommercamp-2014\/thumbs\/thumbs_dsc_5639.jpg\"\n                    width=\"100\"\n                    height=\"66\"\n                    style=\"max-width:100%;\"\n                \/>\n            <\/a>\n        <\/div>\n\t\t\t\t\t\t\t<\/div> \n\t\t\t\n        \n\t\t\t\t<div id=\"ngg-image-199\" class=\"ngg-gallery-thumbnail-box\" >\n\t\t\t\t        <div class=\"ngg-gallery-thumbnail\">\n            <a href=\"http:\/\/www.karate-neuhofen.at\/wp-content\/gallery\/sommercamp-2014\/dsc_5640.jpg\"\n               title=\"\"\n               data-src=\"http:\/\/www.karate-neuhofen.at\/wp-content\/gallery\/sommercamp-2014\/dsc_5640.jpg\"\n               data-thumbnail=\"http:\/\/www.karate-neuhofen.at\/wp-content\/gallery\/sommercamp-2014\/thumbs\/thumbs_dsc_5640.jpg\"\n               data-image-id=\"6866\"\n               data-title=\"dsc_5640\"\n               data-description=\"\"\n               data-image-slug=\"dsc_5640\"\n               class=\"shutterset_a6d0251e289b9d2023c6d431c5710d04\">\n                <img\n                    title=\"dsc_5640\"\n                    alt=\"dsc_5640\"\n                    src=\"http:\/\/www.karate-neuhofen.at\/wp-content\/gallery\/sommercamp-2014\/thumbs\/thumbs_dsc_5640.jpg\"\n                    width=\"100\"\n                    height=\"66\"\n                    style=\"max-width:100%;\"\n                \/>\n            <\/a>\n        <\/div>\n\t\t\t\t\t\t\t<\/div> \n\t\t\t\n        \n\t\t\t\t<div id=\"ngg-image-200\" class=\"ngg-gallery-thumbnail-box\" >\n\t\t\t\t        <div class=\"ngg-gallery-thumbnail\">\n            <a href=\"http:\/\/www.karate-neuhofen.at\/wp-content\/gallery\/sommercamp-2014\/dsc_5643.jpg\"\n               title=\"\"\n               data-src=\"http:\/\/www.karate-neuhofen.at\/wp-content\/gallery\/sommercamp-2014\/dsc_5643.jpg\"\n               data-thumbnail=\"http:\/\/www.karate-neuhofen.at\/wp-content\/gallery\/sommercamp-2014\/thumbs\/thumbs_dsc_5643.jpg\"\n               data-image-id=\"6867\"\n               data-title=\"dsc_5643\"\n               data-description=\"\"\n               data-image-slug=\"dsc_5643\"\n               class=\"shutterset_a6d0251e289b9d2023c6d431c5710d04\">\n                <img\n                    title=\"dsc_5643\"\n                    alt=\"dsc_5643\"\n                    src=\"http:\/\/www.karate-neuhofen.at\/wp-content\/gallery\/sommercamp-2014\/thumbs\/thumbs_dsc_5643.jpg\"\n                    width=\"100\"\n                    height=\"66\"\n                    style=\"max-width:100%;\"\n                \/>\n            <\/a>\n        <\/div>\n\t\t\t\t\t\t\t<\/div> \n\t\t\t\n        \n\t\t\t\t<div id=\"ngg-image-201\" class=\"ngg-gallery-thumbnail-box\" >\n\t\t\t\t        <div class=\"ngg-gallery-thumbnail\">\n            <a href=\"http:\/\/www.karate-neuhofen.at\/wp-content\/gallery\/sommercamp-2014\/dsc_5644.jpg\"\n               title=\"\"\n               data-src=\"http:\/\/www.karate-neuhofen.at\/wp-content\/gallery\/sommercamp-2014\/dsc_5644.jpg\"\n               data-thumbnail=\"http:\/\/www.karate-neuhofen.at\/wp-content\/gallery\/sommercamp-2014\/thumbs\/thumbs_dsc_5644.jpg\"\n               data-image-id=\"6868\"\n               data-title=\"dsc_5644\"\n               data-description=\"\"\n               data-image-slug=\"dsc_5644\"\n               class=\"shutterset_a6d0251e289b9d2023c6d431c5710d04\">\n                <img\n                    title=\"dsc_5644\"\n                    alt=\"dsc_5644\"\n                    src=\"http:\/\/www.karate-neuhofen.at\/wp-content\/gallery\/sommercamp-2014\/thumbs\/thumbs_dsc_5644.jpg\"\n                    width=\"100\"\n                    height=\"66\"\n                    style=\"max-width:100%;\"\n                \/>\n            <\/a>\n        <\/div>\n\t\t\t\t\t\t\t<\/div> \n\t\t\t\n        \n\t\t\t\t<div id=\"ngg-image-202\" class=\"ngg-gallery-thumbnail-box\" >\n\t\t\t\t        <div class=\"ngg-gallery-thumbnail\">\n            <a href=\"http:\/\/www.karate-neuhofen.at\/wp-content\/gallery\/sommercamp-2014\/dsc_5650.jpg\"\n               title=\"\"\n               data-src=\"http:\/\/www.karate-neuhofen.at\/wp-content\/gallery\/sommercamp-2014\/dsc_5650.jpg\"\n               data-thumbnail=\"http:\/\/www.karate-neuhofen.at\/wp-content\/gallery\/sommercamp-2014\/thumbs\/thumbs_dsc_5650.jpg\"\n               data-image-id=\"6869\"\n               data-title=\"dsc_5650\"\n               data-description=\"\"\n               data-image-slug=\"dsc_5650\"\n               class=\"shutterset_a6d0251e289b9d2023c6d431c5710d04\">\n                <img\n                    title=\"dsc_5650\"\n                    alt=\"dsc_5650\"\n                    src=\"http:\/\/www.karate-neuhofen.at\/wp-content\/gallery\/sommercamp-2014\/thumbs\/thumbs_dsc_5650.jpg\"\n                    width=\"100\"\n                    height=\"66\"\n                    style=\"max-width:100%;\"\n                \/>\n            <\/a>\n        <\/div>\n\t\t\t\t\t\t\t<\/div> \n\t\t\t\n        \n\t\t\t\t<div id=\"ngg-image-203\" class=\"ngg-gallery-thumbnail-box\" >\n\t\t\t\t        <div class=\"ngg-gallery-thumbnail\">\n            <a href=\"http:\/\/www.karate-neuhofen.at\/wp-content\/gallery\/sommercamp-2014\/dsc_5653.jpg\"\n               title=\"\"\n               data-src=\"http:\/\/www.karate-neuhofen.at\/wp-content\/gallery\/sommercamp-2014\/dsc_5653.jpg\"\n               data-thumbnail=\"http:\/\/www.karate-neuhofen.at\/wp-content\/gallery\/sommercamp-2014\/thumbs\/thumbs_dsc_5653.jpg\"\n               data-image-id=\"6870\"\n               data-title=\"dsc_5653\"\n               data-description=\"\"\n               data-image-slug=\"dsc_5653\"\n               class=\"shutterset_a6d0251e289b9d2023c6d431c5710d04\">\n                <img\n                    title=\"dsc_5653\"\n                    alt=\"dsc_5653\"\n                    src=\"http:\/\/www.karate-neuhofen.at\/wp-content\/gallery\/sommercamp-2014\/thumbs\/thumbs_dsc_5653.jpg\"\n                    width=\"100\"\n                    height=\"66\"\n                    style=\"max-width:100%;\"\n                \/>\n            <\/a>\n        <\/div>\n\t\t\t\t\t\t\t<\/div> \n\t\t\t\n        \n\t\t\t\t<div id=\"ngg-image-204\" class=\"ngg-gallery-thumbnail-box\" >\n\t\t\t\t        <div class=\"ngg-gallery-thumbnail\">\n            <a href=\"http:\/\/www.karate-neuhofen.at\/wp-content\/gallery\/sommercamp-2014\/dsc_5658.jpg\"\n               title=\"\"\n               data-src=\"http:\/\/www.karate-neuhofen.at\/wp-content\/gallery\/sommercamp-2014\/dsc_5658.jpg\"\n               data-thumbnail=\"http:\/\/www.karate-neuhofen.at\/wp-content\/gallery\/sommercamp-2014\/thumbs\/thumbs_dsc_5658.jpg\"\n               data-image-id=\"6871\"\n               data-title=\"dsc_5658\"\n               data-description=\"\"\n               data-image-slug=\"dsc_5658\"\n               class=\"shutterset_a6d0251e289b9d2023c6d431c5710d04\">\n                <img\n                    title=\"dsc_5658\"\n                    alt=\"dsc_5658\"\n                    src=\"http:\/\/www.karate-neuhofen.at\/wp-content\/gallery\/sommercamp-2014\/thumbs\/thumbs_dsc_5658.jpg\"\n                    width=\"100\"\n                    height=\"66\"\n                    style=\"max-width:100%;\"\n                \/>\n            <\/a>\n        <\/div>\n\t\t\t\t\t\t\t<\/div> \n\t\t\t\n        \n\t\t\t\t<div id=\"ngg-image-205\" class=\"ngg-gallery-thumbnail-box\" >\n\t\t\t\t        <div class=\"ngg-gallery-thumbnail\">\n            <a href=\"http:\/\/www.karate-neuhofen.at\/wp-content\/gallery\/sommercamp-2014\/dsc_5659.jpg\"\n               title=\"\"\n               data-src=\"http:\/\/www.karate-neuhofen.at\/wp-content\/gallery\/sommercamp-2014\/dsc_5659.jpg\"\n               data-thumbnail=\"http:\/\/www.karate-neuhofen.at\/wp-content\/gallery\/sommercamp-2014\/thumbs\/thumbs_dsc_5659.jpg\"\n               data-image-id=\"6872\"\n               data-title=\"dsc_5659\"\n               data-description=\"\"\n               data-image-slug=\"dsc_5659\"\n               class=\"shutterset_a6d0251e289b9d2023c6d431c5710d04\">\n                <img\n                    title=\"dsc_5659\"\n                    alt=\"dsc_5659\"\n                    src=\"http:\/\/www.karate-neuhofen.at\/wp-content\/gallery\/sommercamp-2014\/thumbs\/thumbs_dsc_5659.jpg\"\n                    width=\"100\"\n                    height=\"66\"\n                    style=\"max-width:100%;\"\n                \/>\n            <\/a>\n        <\/div>\n\t\t\t\t\t\t\t<\/div> \n\t\t\t\n        \n\t\t\t\t<div id=\"ngg-image-206\" class=\"ngg-gallery-thumbnail-box\" >\n\t\t\t\t        <div class=\"ngg-gallery-thumbnail\">\n            <a href=\"http:\/\/www.karate-neuhofen.at\/wp-content\/gallery\/sommercamp-2014\/dsc_5661.jpg\"\n               title=\"\"\n               data-src=\"http:\/\/www.karate-neuhofen.at\/wp-content\/gallery\/sommercamp-2014\/dsc_5661.jpg\"\n               data-thumbnail=\"http:\/\/www.karate-neuhofen.at\/wp-content\/gallery\/sommercamp-2014\/thumbs\/thumbs_dsc_5661.jpg\"\n               data-image-id=\"6873\"\n               data-title=\"dsc_5661\"\n               data-description=\"\"\n               data-image-slug=\"dsc_5661\"\n               class=\"shutterset_a6d0251e289b9d2023c6d431c5710d04\">\n                <img\n                    title=\"dsc_5661\"\n                    alt=\"dsc_5661\"\n                    src=\"http:\/\/www.karate-neuhofen.at\/wp-content\/gallery\/sommercamp-2014\/thumbs\/thumbs_dsc_5661.jpg\"\n                    width=\"100\"\n                    height=\"66\"\n                    style=\"max-width:100%;\"\n                \/>\n            <\/a>\n        <\/div>\n\t\t\t\t\t\t\t<\/div> \n\t\t\t\n        \n\t\t\t\t<div id=\"ngg-image-207\" class=\"ngg-gallery-thumbnail-box\" >\n\t\t\t\t        <div class=\"ngg-gallery-thumbnail\">\n            <a href=\"http:\/\/www.karate-neuhofen.at\/wp-content\/gallery\/sommercamp-2014\/dsc_5662.jpg\"\n               title=\"\"\n               data-src=\"http:\/\/www.karate-neuhofen.at\/wp-content\/gallery\/sommercamp-2014\/dsc_5662.jpg\"\n               data-thumbnail=\"http:\/\/www.karate-neuhofen.at\/wp-content\/gallery\/sommercamp-2014\/thumbs\/thumbs_dsc_5662.jpg\"\n               data-image-id=\"6874\"\n               data-title=\"dsc_5662\"\n               data-description=\"\"\n               data-image-slug=\"dsc_5662\"\n               class=\"shutterset_a6d0251e289b9d2023c6d431c5710d04\">\n                <img\n                    title=\"dsc_5662\"\n                    alt=\"dsc_5662\"\n                    src=\"http:\/\/www.karate-neuhofen.at\/wp-content\/gallery\/sommercamp-2014\/thumbs\/thumbs_dsc_5662.jpg\"\n                    width=\"100\"\n                    height=\"66\"\n                    style=\"max-width:100%;\"\n                \/>\n            <\/a>\n        <\/div>\n\t\t\t\t\t\t\t<\/div> \n\t\t\t\n        \n\t\t\t\t<div id=\"ngg-image-208\" class=\"ngg-gallery-thumbnail-box\" >\n\t\t\t\t        <div class=\"ngg-gallery-thumbnail\">\n            <a href=\"http:\/\/www.karate-neuhofen.at\/wp-content\/gallery\/sommercamp-2014\/dsc_5671.jpg\"\n               title=\"\"\n               data-src=\"http:\/\/www.karate-neuhofen.at\/wp-content\/gallery\/sommercamp-2014\/dsc_5671.jpg\"\n               data-thumbnail=\"http:\/\/www.karate-neuhofen.at\/wp-content\/gallery\/sommercamp-2014\/thumbs\/thumbs_dsc_5671.jpg\"\n               data-image-id=\"6876\"\n               data-title=\"dsc_5671\"\n               data-description=\"\"\n               data-image-slug=\"dsc_5671\"\n               class=\"shutterset_a6d0251e289b9d2023c6d431c5710d04\">\n                <img\n                    title=\"dsc_5671\"\n                    alt=\"dsc_5671\"\n                    src=\"http:\/\/www.karate-neuhofen.at\/wp-content\/gallery\/sommercamp-2014\/thumbs\/thumbs_dsc_5671.jpg\"\n                    width=\"100\"\n                    height=\"66\"\n                    style=\"max-width:100%;\"\n                \/>\n            <\/a>\n        <\/div>\n\t\t\t\t\t\t\t<\/div> \n\t\t\t\n        \n\t\t\t\t<div id=\"ngg-image-209\" class=\"ngg-gallery-thumbnail-box\" >\n\t\t\t\t        <div class=\"ngg-gallery-thumbnail\">\n            <a href=\"http:\/\/www.karate-neuhofen.at\/wp-content\/gallery\/sommercamp-2014\/dsc_5679.jpg\"\n               title=\"\"\n               data-src=\"http:\/\/www.karate-neuhofen.at\/wp-content\/gallery\/sommercamp-2014\/dsc_5679.jpg\"\n               data-thumbnail=\"http:\/\/www.karate-neuhofen.at\/wp-content\/gallery\/sommercamp-2014\/thumbs\/thumbs_dsc_5679.jpg\"\n               data-image-id=\"6879\"\n               data-title=\"dsc_5679\"\n               data-description=\"\"\n               data-image-slug=\"dsc_5679\"\n               class=\"shutterset_a6d0251e289b9d2023c6d431c5710d04\">\n                <img\n                    title=\"dsc_5679\"\n                    alt=\"dsc_5679\"\n                    src=\"http:\/\/www.karate-neuhofen.at\/wp-content\/gallery\/sommercamp-2014\/thumbs\/thumbs_dsc_5679.jpg\"\n                    width=\"100\"\n                    height=\"66\"\n                    style=\"max-width:100%;\"\n                \/>\n            <\/a>\n        <\/div>\n\t\t\t\t\t\t\t<\/div> \n\t\t\t\n        \n\t\t\t\t<div id=\"ngg-image-210\" class=\"ngg-gallery-thumbnail-box\" >\n\t\t\t\t        <div class=\"ngg-gallery-thumbnail\">\n            <a href=\"http:\/\/www.karate-neuhofen.at\/wp-content\/gallery\/sommercamp-2014\/dsc_5684.jpg\"\n               title=\"\"\n               data-src=\"http:\/\/www.karate-neuhofen.at\/wp-content\/gallery\/sommercamp-2014\/dsc_5684.jpg\"\n               data-thumbnail=\"http:\/\/www.karate-neuhofen.at\/wp-content\/gallery\/sommercamp-2014\/thumbs\/thumbs_dsc_5684.jpg\"\n               data-image-id=\"6880\"\n               data-title=\"dsc_5684\"\n               data-description=\"\"\n               data-image-slug=\"dsc_5684\"\n               class=\"shutterset_a6d0251e289b9d2023c6d431c5710d04\">\n                <img\n                    title=\"dsc_5684\"\n                    alt=\"dsc_5684\"\n                    src=\"http:\/\/www.karate-neuhofen.at\/wp-content\/gallery\/sommercamp-2014\/thumbs\/thumbs_dsc_5684.jpg\"\n                    width=\"100\"\n                    height=\"66\"\n                    style=\"max-width:100%;\"\n                \/>\n            <\/a>\n        <\/div>\n\t\t\t\t\t\t\t<\/div> \n\t\t\t\n        \n\t\t\t\t<div id=\"ngg-image-211\" class=\"ngg-gallery-thumbnail-box\" >\n\t\t\t\t        <div class=\"ngg-gallery-thumbnail\">\n            <a href=\"http:\/\/www.karate-neuhofen.at\/wp-content\/gallery\/sommercamp-2014\/dsc_5692.jpg\"\n               title=\"\"\n               data-src=\"http:\/\/www.karate-neuhofen.at\/wp-content\/gallery\/sommercamp-2014\/dsc_5692.jpg\"\n               data-thumbnail=\"http:\/\/www.karate-neuhofen.at\/wp-content\/gallery\/sommercamp-2014\/thumbs\/thumbs_dsc_5692.jpg\"\n               data-image-id=\"6881\"\n               data-title=\"dsc_5692\"\n               data-description=\"\"\n               data-image-slug=\"dsc_5692\"\n               class=\"shutterset_a6d0251e289b9d2023c6d431c5710d04\">\n                <img\n                    title=\"dsc_5692\"\n                    alt=\"dsc_5692\"\n                    src=\"http:\/\/www.karate-neuhofen.at\/wp-content\/gallery\/sommercamp-2014\/thumbs\/thumbs_dsc_5692.jpg\"\n                    width=\"100\"\n                    height=\"66\"\n                    style=\"max-width:100%;\"\n                \/>\n            <\/a>\n        <\/div>\n\t\t\t\t\t\t\t<\/div> \n\t\t\t\n        \n\t\t\t\t<div id=\"ngg-image-212\" class=\"ngg-gallery-thumbnail-box\" >\n\t\t\t\t        <div class=\"ngg-gallery-thumbnail\">\n            <a href=\"http:\/\/www.karate-neuhofen.at\/wp-content\/gallery\/sommercamp-2014\/dsc_5695.jpg\"\n               title=\"\"\n               data-src=\"http:\/\/www.karate-neuhofen.at\/wp-content\/gallery\/sommercamp-2014\/dsc_5695.jpg\"\n               data-thumbnail=\"http:\/\/www.karate-neuhofen.at\/wp-content\/gallery\/sommercamp-2014\/thumbs\/thumbs_dsc_5695.jpg\"\n               data-image-id=\"6883\"\n               data-title=\"dsc_5695\"\n               data-description=\"\"\n               data-image-slug=\"dsc_5695\"\n               class=\"shutterset_a6d0251e289b9d2023c6d431c5710d04\">\n                <img\n                    title=\"dsc_5695\"\n                    alt=\"dsc_5695\"\n                    src=\"http:\/\/www.karate-neuhofen.at\/wp-content\/gallery\/sommercamp-2014\/thumbs\/thumbs_dsc_5695.jpg\"\n                    width=\"100\"\n                    height=\"66\"\n                    style=\"max-width:100%;\"\n                \/>\n            <\/a>\n        <\/div>\n\t\t\t\t\t\t\t<\/div> \n\t\t\t\n        \n\t\t\t\t<div id=\"ngg-image-213\" class=\"ngg-gallery-thumbnail-box\" >\n\t\t\t\t        <div class=\"ngg-gallery-thumbnail\">\n            <a href=\"http:\/\/www.karate-neuhofen.at\/wp-content\/gallery\/sommercamp-2014\/dsc_5697.jpg\"\n               title=\"\"\n               data-src=\"http:\/\/www.karate-neuhofen.at\/wp-content\/gallery\/sommercamp-2014\/dsc_5697.jpg\"\n               data-thumbnail=\"http:\/\/www.karate-neuhofen.at\/wp-content\/gallery\/sommercamp-2014\/thumbs\/thumbs_dsc_5697.jpg\"\n               data-image-id=\"6884\"\n               data-title=\"dsc_5697\"\n               data-description=\"\"\n               data-image-slug=\"dsc_5697\"\n               class=\"shutterset_a6d0251e289b9d2023c6d431c5710d04\">\n                <img\n                    title=\"dsc_5697\"\n                    alt=\"dsc_5697\"\n                    src=\"http:\/\/www.karate-neuhofen.at\/wp-content\/gallery\/sommercamp-2014\/thumbs\/thumbs_dsc_5697.jpg\"\n                    width=\"100\"\n                    height=\"66\"\n                    style=\"max-width:100%;\"\n                \/>\n            <\/a>\n        <\/div>\n\t\t\t\t\t\t\t<\/div> \n\t\t\t\n        \n\t\t\t\t<div id=\"ngg-image-214\" class=\"ngg-gallery-thumbnail-box\" >\n\t\t\t\t        <div class=\"ngg-gallery-thumbnail\">\n            <a href=\"http:\/\/www.karate-neuhofen.at\/wp-content\/gallery\/sommercamp-2014\/dsc_5699.jpg\"\n               title=\"\"\n               data-src=\"http:\/\/www.karate-neuhofen.at\/wp-content\/gallery\/sommercamp-2014\/dsc_5699.jpg\"\n               data-thumbnail=\"http:\/\/www.karate-neuhofen.at\/wp-content\/gallery\/sommercamp-2014\/thumbs\/thumbs_dsc_5699.jpg\"\n               data-image-id=\"6885\"\n               data-title=\"dsc_5699\"\n               data-description=\"\"\n               data-image-slug=\"dsc_5699\"\n               class=\"shutterset_a6d0251e289b9d2023c6d431c5710d04\">\n                <img\n                    title=\"dsc_5699\"\n                    alt=\"dsc_5699\"\n                    src=\"http:\/\/www.karate-neuhofen.at\/wp-content\/gallery\/sommercamp-2014\/thumbs\/thumbs_dsc_5699.jpg\"\n                    width=\"100\"\n                    height=\"66\"\n                    style=\"max-width:100%;\"\n                \/>\n            <\/a>\n        <\/div>\n\t\t\t\t\t\t\t<\/div> \n\t\t\t\n        \n\t\t\t\t<div id=\"ngg-image-215\" class=\"ngg-gallery-thumbnail-box\" >\n\t\t\t\t        <div class=\"ngg-gallery-thumbnail\">\n            <a href=\"http:\/\/www.karate-neuhofen.at\/wp-content\/gallery\/sommercamp-2014\/dsc_5702.jpg\"\n               title=\"\"\n               data-src=\"http:\/\/www.karate-neuhofen.at\/wp-content\/gallery\/sommercamp-2014\/dsc_5702.jpg\"\n               data-thumbnail=\"http:\/\/www.karate-neuhofen.at\/wp-content\/gallery\/sommercamp-2014\/thumbs\/thumbs_dsc_5702.jpg\"\n               data-image-id=\"6886\"\n               data-title=\"dsc_5702\"\n               data-description=\"\"\n               data-image-slug=\"dsc_5702\"\n               class=\"shutterset_a6d0251e289b9d2023c6d431c5710d04\">\n                <img\n                    title=\"dsc_5702\"\n                    alt=\"dsc_5702\"\n                    src=\"http:\/\/www.karate-neuhofen.at\/wp-content\/gallery\/sommercamp-2014\/thumbs\/thumbs_dsc_5702.jpg\"\n                    width=\"100\"\n                    height=\"66\"\n                    style=\"max-width:100%;\"\n                \/>\n            <\/a>\n        <\/div>\n\t\t\t\t\t\t\t<\/div> \n\t\t\t\n        \n\t\t\t\t<div id=\"ngg-image-216\" class=\"ngg-gallery-thumbnail-box\" >\n\t\t\t\t        <div class=\"ngg-gallery-thumbnail\">\n            <a href=\"http:\/\/www.karate-neuhofen.at\/wp-content\/gallery\/sommercamp-2014\/dsc_5705.jpg\"\n               title=\"\"\n               data-src=\"http:\/\/www.karate-neuhofen.at\/wp-content\/gallery\/sommercamp-2014\/dsc_5705.jpg\"\n               data-thumbnail=\"http:\/\/www.karate-neuhofen.at\/wp-content\/gallery\/sommercamp-2014\/thumbs\/thumbs_dsc_5705.jpg\"\n               data-image-id=\"6887\"\n               data-title=\"dsc_5705\"\n               data-description=\"\"\n               data-image-slug=\"dsc_5705\"\n               class=\"shutterset_a6d0251e289b9d2023c6d431c5710d04\">\n                <img\n                    title=\"dsc_5705\"\n                    alt=\"dsc_5705\"\n                    src=\"http:\/\/www.karate-neuhofen.at\/wp-content\/gallery\/sommercamp-2014\/thumbs\/thumbs_dsc_5705.jpg\"\n                    width=\"49\"\n                    height=\"75\"\n                    style=\"max-width:100%;\"\n                \/>\n            <\/a>\n        <\/div>\n\t\t\t\t\t\t\t<\/div> \n\t\t\t\n        \n\t\t\t\t<div id=\"ngg-image-217\" class=\"ngg-gallery-thumbnail-box\" >\n\t\t\t\t        <div class=\"ngg-gallery-thumbnail\">\n            <a href=\"http:\/\/www.karate-neuhofen.at\/wp-content\/gallery\/sommercamp-2014\/dsc_5708.jpg\"\n               title=\"\"\n               data-src=\"http:\/\/www.karate-neuhofen.at\/wp-content\/gallery\/sommercamp-2014\/dsc_5708.jpg\"\n               data-thumbnail=\"http:\/\/www.karate-neuhofen.at\/wp-content\/gallery\/sommercamp-2014\/thumbs\/thumbs_dsc_5708.jpg\"\n               data-image-id=\"6888\"\n               data-title=\"dsc_5708\"\n               data-description=\"\"\n               data-image-slug=\"dsc_5708\"\n               class=\"shutterset_a6d0251e289b9d2023c6d431c5710d04\">\n                <img\n                    title=\"dsc_5708\"\n                    alt=\"dsc_5708\"\n                    src=\"http:\/\/www.karate-neuhofen.at\/wp-content\/gallery\/sommercamp-2014\/thumbs\/thumbs_dsc_5708.jpg\"\n                    width=\"100\"\n                    height=\"66\"\n                    style=\"max-width:100%;\"\n                \/>\n            <\/a>\n        <\/div>\n\t\t\t\t\t\t\t<\/div> \n\t\t\t\n        \n\t\t\t\t<div id=\"ngg-image-218\" class=\"ngg-gallery-thumbnail-box\" >\n\t\t\t\t        <div class=\"ngg-gallery-thumbnail\">\n            <a href=\"http:\/\/www.karate-neuhofen.at\/wp-content\/gallery\/sommercamp-2014\/dsc_5710.jpg\"\n               title=\"\"\n               data-src=\"http:\/\/www.karate-neuhofen.at\/wp-content\/gallery\/sommercamp-2014\/dsc_5710.jpg\"\n               data-thumbnail=\"http:\/\/www.karate-neuhofen.at\/wp-content\/gallery\/sommercamp-2014\/thumbs\/thumbs_dsc_5710.jpg\"\n               data-image-id=\"6889\"\n               data-title=\"dsc_5710\"\n               data-description=\"\"\n               data-image-slug=\"dsc_5710\"\n               class=\"shutterset_a6d0251e289b9d2023c6d431c5710d04\">\n                <img\n                    title=\"dsc_5710\"\n                    alt=\"dsc_5710\"\n                    src=\"http:\/\/www.karate-neuhofen.at\/wp-content\/gallery\/sommercamp-2014\/thumbs\/thumbs_dsc_5710.jpg\"\n                    width=\"100\"\n                    height=\"66\"\n                    style=\"max-width:100%;\"\n                \/>\n            <\/a>\n        <\/div>\n\t\t\t\t\t\t\t<\/div> \n\t\t\t\n        \n\t\t\t\t<div id=\"ngg-image-219\" class=\"ngg-gallery-thumbnail-box\" >\n\t\t\t\t        <div class=\"ngg-gallery-thumbnail\">\n            <a href=\"http:\/\/www.karate-neuhofen.at\/wp-content\/gallery\/sommercamp-2014\/dsc_5711.jpg\"\n               title=\"\"\n               data-src=\"http:\/\/www.karate-neuhofen.at\/wp-content\/gallery\/sommercamp-2014\/dsc_5711.jpg\"\n               data-thumbnail=\"http:\/\/www.karate-neuhofen.at\/wp-content\/gallery\/sommercamp-2014\/thumbs\/thumbs_dsc_5711.jpg\"\n               data-image-id=\"6890\"\n               data-title=\"dsc_5711\"\n               data-description=\"\"\n               data-image-slug=\"dsc_5711\"\n               class=\"shutterset_a6d0251e289b9d2023c6d431c5710d04\">\n                <img\n                    title=\"dsc_5711\"\n                    alt=\"dsc_5711\"\n                    src=\"http:\/\/www.karate-neuhofen.at\/wp-content\/gallery\/sommercamp-2014\/thumbs\/thumbs_dsc_5711.jpg\"\n                    width=\"100\"\n                    height=\"66\"\n                    style=\"max-width:100%;\"\n                \/>\n            <\/a>\n        <\/div>\n\t\t\t\t\t\t\t<\/div> \n\t\t\t\n        \n\t\t\t\t<div id=\"ngg-image-220\" class=\"ngg-gallery-thumbnail-box\" >\n\t\t\t\t        <div class=\"ngg-gallery-thumbnail\">\n            <a href=\"http:\/\/www.karate-neuhofen.at\/wp-content\/gallery\/sommercamp-2014\/dsc_5715.jpg\"\n               title=\"\"\n               data-src=\"http:\/\/www.karate-neuhofen.at\/wp-content\/gallery\/sommercamp-2014\/dsc_5715.jpg\"\n               data-thumbnail=\"http:\/\/www.karate-neuhofen.at\/wp-content\/gallery\/sommercamp-2014\/thumbs\/thumbs_dsc_5715.jpg\"\n               data-image-id=\"6892\"\n               data-title=\"dsc_5715\"\n               data-description=\"\"\n               data-image-slug=\"dsc_5715\"\n               class=\"shutterset_a6d0251e289b9d2023c6d431c5710d04\">\n                <img\n                    title=\"dsc_5715\"\n                    alt=\"dsc_5715\"\n                    src=\"http:\/\/www.karate-neuhofen.at\/wp-content\/gallery\/sommercamp-2014\/thumbs\/thumbs_dsc_5715.jpg\"\n                    width=\"100\"\n                    height=\"66\"\n                    style=\"max-width:100%;\"\n                \/>\n            <\/a>\n        <\/div>\n\t\t\t\t\t\t\t<\/div> \n\t\t\t\n        \n\t\t\t\t<div id=\"ngg-image-221\" class=\"ngg-gallery-thumbnail-box\" >\n\t\t\t\t        <div class=\"ngg-gallery-thumbnail\">\n            <a href=\"http:\/\/www.karate-neuhofen.at\/wp-content\/gallery\/sommercamp-2014\/dsc_5719.jpg\"\n               title=\"\"\n               data-src=\"http:\/\/www.karate-neuhofen.at\/wp-content\/gallery\/sommercamp-2014\/dsc_5719.jpg\"\n               data-thumbnail=\"http:\/\/www.karate-neuhofen.at\/wp-content\/gallery\/sommercamp-2014\/thumbs\/thumbs_dsc_5719.jpg\"\n               data-image-id=\"6893\"\n               data-title=\"dsc_5719\"\n               data-description=\"\"\n               data-image-slug=\"dsc_5719\"\n               class=\"shutterset_a6d0251e289b9d2023c6d431c5710d04\">\n                <img\n                    title=\"dsc_5719\"\n                    alt=\"dsc_5719\"\n                    src=\"http:\/\/www.karate-neuhofen.at\/wp-content\/gallery\/sommercamp-2014\/thumbs\/thumbs_dsc_5719.jpg\"\n                    width=\"100\"\n                    height=\"66\"\n                    style=\"max-width:100%;\"\n                \/>\n            <\/a>\n        <\/div>\n\t\t\t\t\t\t\t<\/div> \n\t\t\t\n        \n\t\t\t\t<div id=\"ngg-image-222\" class=\"ngg-gallery-thumbnail-box\" >\n\t\t\t\t        <div class=\"ngg-gallery-thumbnail\">\n            <a href=\"http:\/\/www.karate-neuhofen.at\/wp-content\/gallery\/sommercamp-2014\/dsc_5722.jpg\"\n               title=\"\"\n               data-src=\"http:\/\/www.karate-neuhofen.at\/wp-content\/gallery\/sommercamp-2014\/dsc_5722.jpg\"\n               data-thumbnail=\"http:\/\/www.karate-neuhofen.at\/wp-content\/gallery\/sommercamp-2014\/thumbs\/thumbs_dsc_5722.jpg\"\n               data-image-id=\"6894\"\n               data-title=\"dsc_5722\"\n               data-description=\"\"\n               data-image-slug=\"dsc_5722\"\n               class=\"shutterset_a6d0251e289b9d2023c6d431c5710d04\">\n                <img\n                    title=\"dsc_5722\"\n                    alt=\"dsc_5722\"\n                    src=\"http:\/\/www.karate-neuhofen.at\/wp-content\/gallery\/sommercamp-2014\/thumbs\/thumbs_dsc_5722.jpg\"\n                    width=\"100\"\n                    height=\"66\"\n                    style=\"max-width:100%;\"\n                \/>\n            <\/a>\n        <\/div>\n\t\t\t\t\t\t\t<\/div> \n\t\t\t\n        \n\t\t\t\t<div id=\"ngg-image-223\" class=\"ngg-gallery-thumbnail-box\" >\n\t\t\t\t        <div class=\"ngg-gallery-thumbnail\">\n            <a href=\"http:\/\/www.karate-neuhofen.at\/wp-content\/gallery\/sommercamp-2014\/dsc_5727.jpg\"\n               title=\"\"\n               data-src=\"http:\/\/www.karate-neuhofen.at\/wp-content\/gallery\/sommercamp-2014\/dsc_5727.jpg\"\n               data-thumbnail=\"http:\/\/www.karate-neuhofen.at\/wp-content\/gallery\/sommercamp-2014\/thumbs\/thumbs_dsc_5727.jpg\"\n               data-image-id=\"6896\"\n               data-title=\"dsc_5727\"\n               data-description=\"\"\n               data-image-slug=\"dsc_5727\"\n               class=\"shutterset_a6d0251e289b9d2023c6d431c5710d04\">\n                <img\n                    title=\"dsc_5727\"\n                    alt=\"dsc_5727\"\n                    src=\"http:\/\/www.karate-neuhofen.at\/wp-content\/gallery\/sommercamp-2014\/thumbs\/thumbs_dsc_5727.jpg\"\n                    width=\"49\"\n                    height=\"75\"\n                    style=\"max-width:100%;\"\n                \/>\n            <\/a>\n        <\/div>\n\t\t\t\t\t\t\t<\/div> \n\t\t\t\n        \n\t\t\t\t<div id=\"ngg-image-224\" class=\"ngg-gallery-thumbnail-box\" >\n\t\t\t\t        <div class=\"ngg-gallery-thumbnail\">\n            <a href=\"http:\/\/www.karate-neuhofen.at\/wp-content\/gallery\/sommercamp-2014\/dsc_5728.jpg\"\n               title=\"\"\n               data-src=\"http:\/\/www.karate-neuhofen.at\/wp-content\/gallery\/sommercamp-2014\/dsc_5728.jpg\"\n               data-thumbnail=\"http:\/\/www.karate-neuhofen.at\/wp-content\/gallery\/sommercamp-2014\/thumbs\/thumbs_dsc_5728.jpg\"\n               data-image-id=\"6897\"\n               data-title=\"dsc_5728\"\n               data-description=\"\"\n               data-image-slug=\"dsc_5728\"\n               class=\"shutterset_a6d0251e289b9d2023c6d431c5710d04\">\n                <img\n                    title=\"dsc_5728\"\n                    alt=\"dsc_5728\"\n                    src=\"http:\/\/www.karate-neuhofen.at\/wp-content\/gallery\/sommercamp-2014\/thumbs\/thumbs_dsc_5728.jpg\"\n                    width=\"49\"\n                    height=\"75\"\n                    style=\"max-width:100%;\"\n                \/>\n            <\/a>\n        <\/div>\n\t\t\t\t\t\t\t<\/div> \n\t\t\t\n        \n\t\t\t\t<div id=\"ngg-image-225\" class=\"ngg-gallery-thumbnail-box\" >\n\t\t\t\t        <div class=\"ngg-gallery-thumbnail\">\n            <a href=\"http:\/\/www.karate-neuhofen.at\/wp-content\/gallery\/sommercamp-2014\/dsc_5730.jpg\"\n               title=\"\"\n               data-src=\"http:\/\/www.karate-neuhofen.at\/wp-content\/gallery\/sommercamp-2014\/dsc_5730.jpg\"\n               data-thumbnail=\"http:\/\/www.karate-neuhofen.at\/wp-content\/gallery\/sommercamp-2014\/thumbs\/thumbs_dsc_5730.jpg\"\n               data-image-id=\"6898\"\n               data-title=\"dsc_5730\"\n               data-description=\"\"\n               data-image-slug=\"dsc_5730\"\n               class=\"shutterset_a6d0251e289b9d2023c6d431c5710d04\">\n                <img\n                    title=\"dsc_5730\"\n                    alt=\"dsc_5730\"\n                    src=\"http:\/\/www.karate-neuhofen.at\/wp-content\/gallery\/sommercamp-2014\/thumbs\/thumbs_dsc_5730.jpg\"\n                    width=\"100\"\n                    height=\"66\"\n                    style=\"max-width:100%;\"\n                \/>\n            <\/a>\n        <\/div>\n\t\t\t\t\t\t\t<\/div> \n\t\t\t\n        \n\t\t\t\t<div id=\"ngg-image-226\" class=\"ngg-gallery-thumbnail-box\" >\n\t\t\t\t        <div class=\"ngg-gallery-thumbnail\">\n            <a href=\"http:\/\/www.karate-neuhofen.at\/wp-content\/gallery\/sommercamp-2014\/dsc_5732.jpg\"\n               title=\"\"\n               data-src=\"http:\/\/www.karate-neuhofen.at\/wp-content\/gallery\/sommercamp-2014\/dsc_5732.jpg\"\n               data-thumbnail=\"http:\/\/www.karate-neuhofen.at\/wp-content\/gallery\/sommercamp-2014\/thumbs\/thumbs_dsc_5732.jpg\"\n               data-image-id=\"6900\"\n               data-title=\"dsc_5732\"\n               data-description=\"\"\n               data-image-slug=\"dsc_5732\"\n               class=\"shutterset_a6d0251e289b9d2023c6d431c5710d04\">\n                <img\n                    title=\"dsc_5732\"\n                    alt=\"dsc_5732\"\n                    src=\"http:\/\/www.karate-neuhofen.at\/wp-content\/gallery\/sommercamp-2014\/thumbs\/thumbs_dsc_5732.jpg\"\n                    width=\"100\"\n                    height=\"66\"\n                    style=\"max-width:100%;\"\n                \/>\n            <\/a>\n        <\/div>\n\t\t\t\t\t\t\t<\/div> \n\t\t\t\n        \n\t\t\t\t<div id=\"ngg-image-227\" class=\"ngg-gallery-thumbnail-box\" >\n\t\t\t\t        <div class=\"ngg-gallery-thumbnail\">\n            <a href=\"http:\/\/www.karate-neuhofen.at\/wp-content\/gallery\/sommercamp-2014\/dsc_5733.jpg\"\n               title=\"\"\n               data-src=\"http:\/\/www.karate-neuhofen.at\/wp-content\/gallery\/sommercamp-2014\/dsc_5733.jpg\"\n               data-thumbnail=\"http:\/\/www.karate-neuhofen.at\/wp-content\/gallery\/sommercamp-2014\/thumbs\/thumbs_dsc_5733.jpg\"\n               data-image-id=\"6901\"\n               data-title=\"dsc_5733\"\n               data-description=\"\"\n               data-image-slug=\"dsc_5733\"\n               class=\"shutterset_a6d0251e289b9d2023c6d431c5710d04\">\n                <img\n                    title=\"dsc_5733\"\n                    alt=\"dsc_5733\"\n                    src=\"http:\/\/www.karate-neuhofen.at\/wp-content\/gallery\/sommercamp-2014\/thumbs\/thumbs_dsc_5733.jpg\"\n                    width=\"49\"\n                    height=\"75\"\n                    style=\"max-width:100%;\"\n                \/>\n            <\/a>\n        <\/div>\n\t\t\t\t\t\t\t<\/div> \n\t\t\t\n        \n\t\t\t\t<div id=\"ngg-image-228\" class=\"ngg-gallery-thumbnail-box\" >\n\t\t\t\t        <div class=\"ngg-gallery-thumbnail\">\n            <a href=\"http:\/\/www.karate-neuhofen.at\/wp-content\/gallery\/sommercamp-2014\/dsc_5735.jpg\"\n               title=\"\"\n               data-src=\"http:\/\/www.karate-neuhofen.at\/wp-content\/gallery\/sommercamp-2014\/dsc_5735.jpg\"\n               data-thumbnail=\"http:\/\/www.karate-neuhofen.at\/wp-content\/gallery\/sommercamp-2014\/thumbs\/thumbs_dsc_5735.jpg\"\n               data-image-id=\"6902\"\n               data-title=\"dsc_5735\"\n               data-description=\"\"\n               data-image-slug=\"dsc_5735\"\n               class=\"shutterset_a6d0251e289b9d2023c6d431c5710d04\">\n                <img\n                    title=\"dsc_5735\"\n                    alt=\"dsc_5735\"\n                    src=\"http:\/\/www.karate-neuhofen.at\/wp-content\/gallery\/sommercamp-2014\/thumbs\/thumbs_dsc_5735.jpg\"\n                    width=\"49\"\n                    height=\"75\"\n                    style=\"max-width:100%;\"\n                \/>\n            <\/a>\n        <\/div>\n\t\t\t\t\t\t\t<\/div> \n\t\t\t\n        \n\t\t\t\t<div id=\"ngg-image-229\" class=\"ngg-gallery-thumbnail-box\" >\n\t\t\t\t        <div class=\"ngg-gallery-thumbnail\">\n            <a href=\"http:\/\/www.karate-neuhofen.at\/wp-content\/gallery\/sommercamp-2014\/dsc_5736.jpg\"\n               title=\"\"\n               data-src=\"http:\/\/www.karate-neuhofen.at\/wp-content\/gallery\/sommercamp-2014\/dsc_5736.jpg\"\n               data-thumbnail=\"http:\/\/www.karate-neuhofen.at\/wp-content\/gallery\/sommercamp-2014\/thumbs\/thumbs_dsc_5736.jpg\"\n               data-image-id=\"6903\"\n               data-title=\"dsc_5736\"\n               data-description=\"\"\n               data-image-slug=\"dsc_5736\"\n               class=\"shutterset_a6d0251e289b9d2023c6d431c5710d04\">\n                <img\n                    title=\"dsc_5736\"\n                    alt=\"dsc_5736\"\n                    src=\"http:\/\/www.karate-neuhofen.at\/wp-content\/gallery\/sommercamp-2014\/thumbs\/thumbs_dsc_5736.jpg\"\n                    width=\"100\"\n                    height=\"66\"\n                    style=\"max-width:100%;\"\n                \/>\n            <\/a>\n        <\/div>\n\t\t\t\t\t\t\t<\/div> \n\t\t\t\n        \n\t\t\t\t<div id=\"ngg-image-230\" class=\"ngg-gallery-thumbnail-box\" >\n\t\t\t\t        <div class=\"ngg-gallery-thumbnail\">\n            <a href=\"http:\/\/www.karate-neuhofen.at\/wp-content\/gallery\/sommercamp-2014\/dsc_5737.jpg\"\n               title=\"\"\n               data-src=\"http:\/\/www.karate-neuhofen.at\/wp-content\/gallery\/sommercamp-2014\/dsc_5737.jpg\"\n               data-thumbnail=\"http:\/\/www.karate-neuhofen.at\/wp-content\/gallery\/sommercamp-2014\/thumbs\/thumbs_dsc_5737.jpg\"\n               data-image-id=\"6904\"\n               data-title=\"dsc_5737\"\n               data-description=\"\"\n               data-image-slug=\"dsc_5737\"\n               class=\"shutterset_a6d0251e289b9d2023c6d431c5710d04\">\n                <img\n                    title=\"dsc_5737\"\n                    alt=\"dsc_5737\"\n                    src=\"http:\/\/www.karate-neuhofen.at\/wp-content\/gallery\/sommercamp-2014\/thumbs\/thumbs_dsc_5737.jpg\"\n                    width=\"100\"\n                    height=\"66\"\n                    style=\"max-width:100%;\"\n                \/>\n            <\/a>\n        <\/div>\n\t\t\t\t\t\t\t<\/div> \n\t\t\t\n        \n\t\t\t\t<div id=\"ngg-image-231\" class=\"ngg-gallery-thumbnail-box\" >\n\t\t\t\t        <div class=\"ngg-gallery-thumbnail\">\n            <a href=\"http:\/\/www.karate-neuhofen.at\/wp-content\/gallery\/sommercamp-2014\/dsc_5740.jpg\"\n               title=\"\"\n               data-src=\"http:\/\/www.karate-neuhofen.at\/wp-content\/gallery\/sommercamp-2014\/dsc_5740.jpg\"\n               data-thumbnail=\"http:\/\/www.karate-neuhofen.at\/wp-content\/gallery\/sommercamp-2014\/thumbs\/thumbs_dsc_5740.jpg\"\n               data-image-id=\"6905\"\n               data-title=\"dsc_5740\"\n               data-description=\"\"\n               data-image-slug=\"dsc_5740\"\n               class=\"shutterset_a6d0251e289b9d2023c6d431c5710d04\">\n                <img\n                    title=\"dsc_5740\"\n                    alt=\"dsc_5740\"\n                    src=\"http:\/\/www.karate-neuhofen.at\/wp-content\/gallery\/sommercamp-2014\/thumbs\/thumbs_dsc_5740.jpg\"\n                    width=\"49\"\n                    height=\"75\"\n                    style=\"max-width:100%;\"\n                \/>\n            <\/a>\n        <\/div>\n\t\t\t\t\t\t\t<\/div> \n\t\t\t\n        \n\t\t\t\t<div id=\"ngg-image-232\" class=\"ngg-gallery-thumbnail-box\" >\n\t\t\t\t        <div class=\"ngg-gallery-thumbnail\">\n            <a href=\"http:\/\/www.karate-neuhofen.at\/wp-content\/gallery\/sommercamp-2014\/dsc_5742.jpg\"\n               title=\"\"\n               data-src=\"http:\/\/www.karate-neuhofen.at\/wp-content\/gallery\/sommercamp-2014\/dsc_5742.jpg\"\n               data-thumbnail=\"http:\/\/www.karate-neuhofen.at\/wp-content\/gallery\/sommercamp-2014\/thumbs\/thumbs_dsc_5742.jpg\"\n               data-image-id=\"6907\"\n               data-title=\"dsc_5742\"\n               data-description=\"\"\n               data-image-slug=\"dsc_5742\"\n               class=\"shutterset_a6d0251e289b9d2023c6d431c5710d04\">\n                <img\n                    title=\"dsc_5742\"\n                    alt=\"dsc_5742\"\n                    src=\"http:\/\/www.karate-neuhofen.at\/wp-content\/gallery\/sommercamp-2014\/thumbs\/thumbs_dsc_5742.jpg\"\n                    width=\"49\"\n                    height=\"75\"\n                    style=\"max-width:100%;\"\n                \/>\n            <\/a>\n        <\/div>\n\t\t\t\t\t\t\t<\/div> \n\t\t\t\n        \n\t\t\t\t<div id=\"ngg-image-233\" class=\"ngg-gallery-thumbnail-box\" >\n\t\t\t\t        <div class=\"ngg-gallery-thumbnail\">\n            <a href=\"http:\/\/www.karate-neuhofen.at\/wp-content\/gallery\/sommercamp-2014\/img_0678.jpg\"\n               title=\"\"\n               data-src=\"http:\/\/www.karate-neuhofen.at\/wp-content\/gallery\/sommercamp-2014\/img_0678.jpg\"\n               data-thumbnail=\"http:\/\/www.karate-neuhofen.at\/wp-content\/gallery\/sommercamp-2014\/thumbs\/thumbs_img_0678.jpg\"\n               data-image-id=\"6928\"\n               data-title=\"img_0678\"\n               data-description=\"\"\n               data-image-slug=\"img_0678-2\"\n               class=\"shutterset_a6d0251e289b9d2023c6d431c5710d04\">\n                <img\n                    title=\"img_0678\"\n                    alt=\"img_0678\"\n                    src=\"http:\/\/www.karate-neuhofen.at\/wp-content\/gallery\/sommercamp-2014\/thumbs\/thumbs_img_0678.jpg\"\n                    width=\"100\"\n                    height=\"66\"\n                    style=\"max-width:100%;\"\n                \/>\n            <\/a>\n        <\/div>\n\t\t\t\t\t\t\t<\/div> \n\t\t\t\n        \n\t\t\t\t<div id=\"ngg-image-234\" class=\"ngg-gallery-thumbnail-box\" >\n\t\t\t\t        <div class=\"ngg-gallery-thumbnail\">\n            <a href=\"http:\/\/www.karate-neuhofen.at\/wp-content\/gallery\/sommercamp-2014\/img_0679.jpg\"\n               title=\"\"\n               data-src=\"http:\/\/www.karate-neuhofen.at\/wp-content\/gallery\/sommercamp-2014\/img_0679.jpg\"\n               data-thumbnail=\"http:\/\/www.karate-neuhofen.at\/wp-content\/gallery\/sommercamp-2014\/thumbs\/thumbs_img_0679.jpg\"\n               data-image-id=\"6929\"\n               data-title=\"img_0679\"\n               data-description=\"\"\n               data-image-slug=\"img_0679\"\n               class=\"shutterset_a6d0251e289b9d2023c6d431c5710d04\">\n                <img\n                    title=\"img_0679\"\n                    alt=\"img_0679\"\n                    src=\"http:\/\/www.karate-neuhofen.at\/wp-content\/gallery\/sommercamp-2014\/thumbs\/thumbs_img_0679.jpg\"\n                    width=\"100\"\n                    height=\"66\"\n                    style=\"max-width:100%;\"\n                \/>\n            <\/a>\n        <\/div>\n\t\t\t\t\t\t\t<\/div> \n\t\t\t\n        \n\t\t\t\t<div id=\"ngg-image-235\" class=\"ngg-gallery-thumbnail-box\" >\n\t\t\t\t        <div class=\"ngg-gallery-thumbnail\">\n            <a href=\"http:\/\/www.karate-neuhofen.at\/wp-content\/gallery\/sommercamp-2014\/img_0681.jpg\"\n               title=\"\"\n               data-src=\"http:\/\/www.karate-neuhofen.at\/wp-content\/gallery\/sommercamp-2014\/img_0681.jpg\"\n               data-thumbnail=\"http:\/\/www.karate-neuhofen.at\/wp-content\/gallery\/sommercamp-2014\/thumbs\/thumbs_img_0681.jpg\"\n               data-image-id=\"6930\"\n               data-title=\"img_0681\"\n               data-description=\"\"\n               data-image-slug=\"img_0681\"\n               class=\"shutterset_a6d0251e289b9d2023c6d431c5710d04\">\n                <img\n                    title=\"img_0681\"\n                    alt=\"img_0681\"\n                    src=\"http:\/\/www.karate-neuhofen.at\/wp-content\/gallery\/sommercamp-2014\/thumbs\/thumbs_img_0681.jpg\"\n                    width=\"100\"\n                    height=\"66\"\n                    style=\"max-width:100%;\"\n                \/>\n            <\/a>\n        <\/div>\n\t\t\t\t\t\t\t<\/div> \n\t\t\t\n        \n\t\t\t\t<div id=\"ngg-image-236\" class=\"ngg-gallery-thumbnail-box\" >\n\t\t\t\t        <div class=\"ngg-gallery-thumbnail\">\n            <a href=\"http:\/\/www.karate-neuhofen.at\/wp-content\/gallery\/sommercamp-2014\/img_0685.jpg\"\n               title=\"\"\n               data-src=\"http:\/\/www.karate-neuhofen.at\/wp-content\/gallery\/sommercamp-2014\/img_0685.jpg\"\n               data-thumbnail=\"http:\/\/www.karate-neuhofen.at\/wp-content\/gallery\/sommercamp-2014\/thumbs\/thumbs_img_0685.jpg\"\n               data-image-id=\"6931\"\n               data-title=\"img_0685\"\n               data-description=\"\"\n               data-image-slug=\"img_0685\"\n               class=\"shutterset_a6d0251e289b9d2023c6d431c5710d04\">\n                <img\n                    title=\"img_0685\"\n                    alt=\"img_0685\"\n                    src=\"http:\/\/www.karate-neuhofen.at\/wp-content\/gallery\/sommercamp-2014\/thumbs\/thumbs_img_0685.jpg\"\n                    width=\"100\"\n                    height=\"66\"\n                    style=\"max-width:100%;\"\n                \/>\n            <\/a>\n        <\/div>\n\t\t\t\t\t\t\t<\/div> \n\t\t\t\n        \n\t\t\t\t<div id=\"ngg-image-237\" class=\"ngg-gallery-thumbnail-box\" >\n\t\t\t\t        <div class=\"ngg-gallery-thumbnail\">\n            <a href=\"http:\/\/www.karate-neuhofen.at\/wp-content\/gallery\/sommercamp-2014\/img_0690.jpg\"\n               title=\"\"\n               data-src=\"http:\/\/www.karate-neuhofen.at\/wp-content\/gallery\/sommercamp-2014\/img_0690.jpg\"\n               data-thumbnail=\"http:\/\/www.karate-neuhofen.at\/wp-content\/gallery\/sommercamp-2014\/thumbs\/thumbs_img_0690.jpg\"\n               data-image-id=\"6932\"\n               data-title=\"img_0690\"\n               data-description=\"\"\n               data-image-slug=\"img_0690\"\n               class=\"shutterset_a6d0251e289b9d2023c6d431c5710d04\">\n                <img\n                    title=\"img_0690\"\n                    alt=\"img_0690\"\n                    src=\"http:\/\/www.karate-neuhofen.at\/wp-content\/gallery\/sommercamp-2014\/thumbs\/thumbs_img_0690.jpg\"\n                    width=\"100\"\n                    height=\"66\"\n                    style=\"max-width:100%;\"\n                \/>\n            <\/a>\n        <\/div>\n\t\t\t\t\t\t\t<\/div> \n\t\t\t\n        \n\t\t\t\t<div id=\"ngg-image-238\" class=\"ngg-gallery-thumbnail-box\" >\n\t\t\t\t        <div class=\"ngg-gallery-thumbnail\">\n            <a href=\"http:\/\/www.karate-neuhofen.at\/wp-content\/gallery\/sommercamp-2014\/img_0710.jpg\"\n               title=\"\"\n               data-src=\"http:\/\/www.karate-neuhofen.at\/wp-content\/gallery\/sommercamp-2014\/img_0710.jpg\"\n               data-thumbnail=\"http:\/\/www.karate-neuhofen.at\/wp-content\/gallery\/sommercamp-2014\/thumbs\/thumbs_img_0710.jpg\"\n               data-image-id=\"6933\"\n               data-title=\"img_0710\"\n               data-description=\"\"\n               data-image-slug=\"img_0710\"\n               class=\"shutterset_a6d0251e289b9d2023c6d431c5710d04\">\n                <img\n                    title=\"img_0710\"\n                    alt=\"img_0710\"\n                    src=\"http:\/\/www.karate-neuhofen.at\/wp-content\/gallery\/sommercamp-2014\/thumbs\/thumbs_img_0710.jpg\"\n                    width=\"100\"\n                    height=\"66\"\n                    style=\"max-width:100%;\"\n                \/>\n            <\/a>\n        <\/div>\n\t\t\t\t\t\t\t<\/div> \n\t\t\t\n        \n\t\t\t\t<div id=\"ngg-image-239\" class=\"ngg-gallery-thumbnail-box\" >\n\t\t\t\t        <div class=\"ngg-gallery-thumbnail\">\n            <a href=\"http:\/\/www.karate-neuhofen.at\/wp-content\/gallery\/sommercamp-2014\/img_0712.jpg\"\n               title=\"\"\n               data-src=\"http:\/\/www.karate-neuhofen.at\/wp-content\/gallery\/sommercamp-2014\/img_0712.jpg\"\n               data-thumbnail=\"http:\/\/www.karate-neuhofen.at\/wp-content\/gallery\/sommercamp-2014\/thumbs\/thumbs_img_0712.jpg\"\n               data-image-id=\"6934\"\n               data-title=\"img_0712\"\n               data-description=\"\"\n               data-image-slug=\"img_0712\"\n               class=\"shutterset_a6d0251e289b9d2023c6d431c5710d04\">\n                <img\n                    title=\"img_0712\"\n                    alt=\"img_0712\"\n                    src=\"http:\/\/www.karate-neuhofen.at\/wp-content\/gallery\/sommercamp-2014\/thumbs\/thumbs_img_0712.jpg\"\n                    width=\"100\"\n                    height=\"66\"\n                    style=\"max-width:100%;\"\n                \/>\n            <\/a>\n        <\/div>\n\t\t\t\t\t\t\t<\/div> \n\t\t\t\n        \n\t\t\t\t<div id=\"ngg-image-240\" class=\"ngg-gallery-thumbnail-box\" >\n\t\t\t\t        <div class=\"ngg-gallery-thumbnail\">\n            <a href=\"http:\/\/www.karate-neuhofen.at\/wp-content\/gallery\/sommercamp-2014\/img_0724.jpg\"\n               title=\"\"\n               data-src=\"http:\/\/www.karate-neuhofen.at\/wp-content\/gallery\/sommercamp-2014\/img_0724.jpg\"\n               data-thumbnail=\"http:\/\/www.karate-neuhofen.at\/wp-content\/gallery\/sommercamp-2014\/thumbs\/thumbs_img_0724.jpg\"\n               data-image-id=\"6935\"\n               data-title=\"img_0724\"\n               data-description=\"\"\n               data-image-slug=\"img_0724\"\n               class=\"shutterset_a6d0251e289b9d2023c6d431c5710d04\">\n                <img\n                    title=\"img_0724\"\n                    alt=\"img_0724\"\n                    src=\"http:\/\/www.karate-neuhofen.at\/wp-content\/gallery\/sommercamp-2014\/thumbs\/thumbs_img_0724.jpg\"\n                    width=\"100\"\n                    height=\"66\"\n                    style=\"max-width:100%;\"\n                \/>\n            <\/a>\n        <\/div>\n\t\t\t\t\t\t\t<\/div> \n\t\t\t\n        \n\t\t\t\t<div id=\"ngg-image-241\" class=\"ngg-gallery-thumbnail-box\" >\n\t\t\t\t        <div class=\"ngg-gallery-thumbnail\">\n            <a href=\"http:\/\/www.karate-neuhofen.at\/wp-content\/gallery\/sommercamp-2014\/img_0725.jpg\"\n               title=\"\"\n               data-src=\"http:\/\/www.karate-neuhofen.at\/wp-content\/gallery\/sommercamp-2014\/img_0725.jpg\"\n               data-thumbnail=\"http:\/\/www.karate-neuhofen.at\/wp-content\/gallery\/sommercamp-2014\/thumbs\/thumbs_img_0725.jpg\"\n               data-image-id=\"6936\"\n               data-title=\"img_0725\"\n               data-description=\"\"\n               data-image-slug=\"img_0725\"\n               class=\"shutterset_a6d0251e289b9d2023c6d431c5710d04\">\n                <img\n                    title=\"img_0725\"\n                    alt=\"img_0725\"\n                    src=\"http:\/\/www.karate-neuhofen.at\/wp-content\/gallery\/sommercamp-2014\/thumbs\/thumbs_img_0725.jpg\"\n                    width=\"100\"\n                    height=\"66\"\n                    style=\"max-width:100%;\"\n                \/>\n            <\/a>\n        <\/div>\n\t\t\t\t\t\t\t<\/div> \n\t\t\t\n        \n\t\t\t\t<div id=\"ngg-image-242\" class=\"ngg-gallery-thumbnail-box\" >\n\t\t\t\t        <div class=\"ngg-gallery-thumbnail\">\n            <a href=\"http:\/\/www.karate-neuhofen.at\/wp-content\/gallery\/sommercamp-2014\/img_0726.jpg\"\n               title=\"\"\n               data-src=\"http:\/\/www.karate-neuhofen.at\/wp-content\/gallery\/sommercamp-2014\/img_0726.jpg\"\n               data-thumbnail=\"http:\/\/www.karate-neuhofen.at\/wp-content\/gallery\/sommercamp-2014\/thumbs\/thumbs_img_0726.jpg\"\n               data-image-id=\"6937\"\n               data-title=\"img_0726\"\n               data-description=\"\"\n               data-image-slug=\"img_0726\"\n               class=\"shutterset_a6d0251e289b9d2023c6d431c5710d04\">\n                <img\n                    title=\"img_0726\"\n                    alt=\"img_0726\"\n                    src=\"http:\/\/www.karate-neuhofen.at\/wp-content\/gallery\/sommercamp-2014\/thumbs\/thumbs_img_0726.jpg\"\n                    width=\"100\"\n                    height=\"66\"\n                    style=\"max-width:100%;\"\n                \/>\n            <\/a>\n        <\/div>\n\t\t\t\t\t\t\t<\/div> \n\t\t\t\n        \n\t\t\t\t<div id=\"ngg-image-243\" class=\"ngg-gallery-thumbnail-box\" >\n\t\t\t\t        <div class=\"ngg-gallery-thumbnail\">\n            <a href=\"http:\/\/www.karate-neuhofen.at\/wp-content\/gallery\/sommercamp-2014\/img_0729.jpg\"\n               title=\"\"\n               data-src=\"http:\/\/www.karate-neuhofen.at\/wp-content\/gallery\/sommercamp-2014\/img_0729.jpg\"\n               data-thumbnail=\"http:\/\/www.karate-neuhofen.at\/wp-content\/gallery\/sommercamp-2014\/thumbs\/thumbs_img_0729.jpg\"\n               data-image-id=\"6938\"\n               data-title=\"img_0729\"\n               data-description=\"\"\n               data-image-slug=\"img_0729\"\n               class=\"shutterset_a6d0251e289b9d2023c6d431c5710d04\">\n                <img\n                    title=\"img_0729\"\n                    alt=\"img_0729\"\n                    src=\"http:\/\/www.karate-neuhofen.at\/wp-content\/gallery\/sommercamp-2014\/thumbs\/thumbs_img_0729.jpg\"\n                    width=\"100\"\n                    height=\"66\"\n                    style=\"max-width:100%;\"\n                \/>\n            <\/a>\n        <\/div>\n\t\t\t\t\t\t\t<\/div> \n\t\t\t\n        \n\t\t\t\t<div id=\"ngg-image-244\" class=\"ngg-gallery-thumbnail-box\" >\n\t\t\t\t        <div class=\"ngg-gallery-thumbnail\">\n            <a href=\"http:\/\/www.karate-neuhofen.at\/wp-content\/gallery\/sommercamp-2014\/img_0738.jpg\"\n               title=\"\"\n               data-src=\"http:\/\/www.karate-neuhofen.at\/wp-content\/gallery\/sommercamp-2014\/img_0738.jpg\"\n               data-thumbnail=\"http:\/\/www.karate-neuhofen.at\/wp-content\/gallery\/sommercamp-2014\/thumbs\/thumbs_img_0738.jpg\"\n               data-image-id=\"6939\"\n               data-title=\"img_0738\"\n               data-description=\"\"\n               data-image-slug=\"img_0738-2\"\n               class=\"shutterset_a6d0251e289b9d2023c6d431c5710d04\">\n                <img\n                    title=\"img_0738\"\n                    alt=\"img_0738\"\n                    src=\"http:\/\/www.karate-neuhofen.at\/wp-content\/gallery\/sommercamp-2014\/thumbs\/thumbs_img_0738.jpg\"\n                    width=\"100\"\n                    height=\"66\"\n                    style=\"max-width:100%;\"\n                \/>\n            <\/a>\n        <\/div>\n\t\t\t\t\t\t\t<\/div> \n\t\t\t\n        \n\t\t\t\t<div id=\"ngg-image-245\" class=\"ngg-gallery-thumbnail-box\" >\n\t\t\t\t        <div class=\"ngg-gallery-thumbnail\">\n            <a href=\"http:\/\/www.karate-neuhofen.at\/wp-content\/gallery\/sommercamp-2014\/img_0741.jpg\"\n               title=\"\"\n               data-src=\"http:\/\/www.karate-neuhofen.at\/wp-content\/gallery\/sommercamp-2014\/img_0741.jpg\"\n               data-thumbnail=\"http:\/\/www.karate-neuhofen.at\/wp-content\/gallery\/sommercamp-2014\/thumbs\/thumbs_img_0741.jpg\"\n               data-image-id=\"6940\"\n               data-title=\"img_0741\"\n               data-description=\"\"\n               data-image-slug=\"img_0741\"\n               class=\"shutterset_a6d0251e289b9d2023c6d431c5710d04\">\n                <img\n                    title=\"img_0741\"\n                    alt=\"img_0741\"\n                    src=\"http:\/\/www.karate-neuhofen.at\/wp-content\/gallery\/sommercamp-2014\/thumbs\/thumbs_img_0741.jpg\"\n                    width=\"100\"\n                    height=\"66\"\n                    style=\"max-width:100%;\"\n                \/>\n            <\/a>\n        <\/div>\n\t\t\t\t\t\t\t<\/div> \n\t\t\t\n        \n\t\t\t\t<div id=\"ngg-image-246\" class=\"ngg-gallery-thumbnail-box\" >\n\t\t\t\t        <div class=\"ngg-gallery-thumbnail\">\n            <a href=\"http:\/\/www.karate-neuhofen.at\/wp-content\/gallery\/sommercamp-2014\/img_0743.jpg\"\n               title=\"\"\n               data-src=\"http:\/\/www.karate-neuhofen.at\/wp-content\/gallery\/sommercamp-2014\/img_0743.jpg\"\n               data-thumbnail=\"http:\/\/www.karate-neuhofen.at\/wp-content\/gallery\/sommercamp-2014\/thumbs\/thumbs_img_0743.jpg\"\n               data-image-id=\"6941\"\n               data-title=\"img_0743\"\n               data-description=\"\"\n               data-image-slug=\"img_0743\"\n               class=\"shutterset_a6d0251e289b9d2023c6d431c5710d04\">\n                <img\n                    title=\"img_0743\"\n                    alt=\"img_0743\"\n                    src=\"http:\/\/www.karate-neuhofen.at\/wp-content\/gallery\/sommercamp-2014\/thumbs\/thumbs_img_0743.jpg\"\n                    width=\"100\"\n                    height=\"66\"\n                    style=\"max-width:100%;\"\n                \/>\n            <\/a>\n        <\/div>\n\t\t\t\t\t\t\t<\/div> \n\t\t\t\n        \n\t\t\t\t<div id=\"ngg-image-247\" class=\"ngg-gallery-thumbnail-box\" >\n\t\t\t\t        <div class=\"ngg-gallery-thumbnail\">\n            <a href=\"http:\/\/www.karate-neuhofen.at\/wp-content\/gallery\/sommercamp-2014\/img_0747.jpg\"\n               title=\"\"\n               data-src=\"http:\/\/www.karate-neuhofen.at\/wp-content\/gallery\/sommercamp-2014\/img_0747.jpg\"\n               data-thumbnail=\"http:\/\/www.karate-neuhofen.at\/wp-content\/gallery\/sommercamp-2014\/thumbs\/thumbs_img_0747.jpg\"\n               data-image-id=\"6942\"\n               data-title=\"img_0747\"\n               data-description=\"\"\n               data-image-slug=\"img_0747\"\n               class=\"shutterset_a6d0251e289b9d2023c6d431c5710d04\">\n                <img\n                    title=\"img_0747\"\n                    alt=\"img_0747\"\n                    src=\"http:\/\/www.karate-neuhofen.at\/wp-content\/gallery\/sommercamp-2014\/thumbs\/thumbs_img_0747.jpg\"\n                    width=\"100\"\n                    height=\"66\"\n                    style=\"max-width:100%;\"\n                \/>\n            <\/a>\n        <\/div>\n\t\t\t\t\t\t\t<\/div> \n\t\t\t\n        \n\t\t\t\t<div id=\"ngg-image-248\" class=\"ngg-gallery-thumbnail-box\" >\n\t\t\t\t        <div class=\"ngg-gallery-thumbnail\">\n            <a href=\"http:\/\/www.karate-neuhofen.at\/wp-content\/gallery\/sommercamp-2014\/img_0748.jpg\"\n               title=\"\"\n               data-src=\"http:\/\/www.karate-neuhofen.at\/wp-content\/gallery\/sommercamp-2014\/img_0748.jpg\"\n               data-thumbnail=\"http:\/\/www.karate-neuhofen.at\/wp-content\/gallery\/sommercamp-2014\/thumbs\/thumbs_img_0748.jpg\"\n               data-image-id=\"6943\"\n               data-title=\"img_0748\"\n               data-description=\"\"\n               data-image-slug=\"img_0748\"\n               class=\"shutterset_a6d0251e289b9d2023c6d431c5710d04\">\n                <img\n                    title=\"img_0748\"\n                    alt=\"img_0748\"\n                    src=\"http:\/\/www.karate-neuhofen.at\/wp-content\/gallery\/sommercamp-2014\/thumbs\/thumbs_img_0748.jpg\"\n                    width=\"100\"\n                    height=\"66\"\n                    style=\"max-width:100%;\"\n                \/>\n            <\/a>\n        <\/div>\n\t\t\t\t\t\t\t<\/div> \n\t\t\t\n        \n\t\t\t\t<div id=\"ngg-image-249\" class=\"ngg-gallery-thumbnail-box\" >\n\t\t\t\t        <div class=\"ngg-gallery-thumbnail\">\n            <a href=\"http:\/\/www.karate-neuhofen.at\/wp-content\/gallery\/sommercamp-2014\/img_0750.jpg\"\n               title=\"\"\n               data-src=\"http:\/\/www.karate-neuhofen.at\/wp-content\/gallery\/sommercamp-2014\/img_0750.jpg\"\n               data-thumbnail=\"http:\/\/www.karate-neuhofen.at\/wp-content\/gallery\/sommercamp-2014\/thumbs\/thumbs_img_0750.jpg\"\n               data-image-id=\"6944\"\n               data-title=\"img_0750\"\n               data-description=\"\"\n               data-image-slug=\"img_0750\"\n               class=\"shutterset_a6d0251e289b9d2023c6d431c5710d04\">\n                <img\n                    title=\"img_0750\"\n                    alt=\"img_0750\"\n                    src=\"http:\/\/www.karate-neuhofen.at\/wp-content\/gallery\/sommercamp-2014\/thumbs\/thumbs_img_0750.jpg\"\n                    width=\"50\"\n                    height=\"75\"\n                    style=\"max-width:100%;\"\n                \/>\n            <\/a>\n        <\/div>\n\t\t\t\t\t\t\t<\/div> \n\t\t\t\n        \n\t\t\t\t<div id=\"ngg-image-250\" class=\"ngg-gallery-thumbnail-box\" >\n\t\t\t\t        <div class=\"ngg-gallery-thumbnail\">\n            <a href=\"http:\/\/www.karate-neuhofen.at\/wp-content\/gallery\/sommercamp-2014\/img_0754.jpg\"\n               title=\"\"\n               data-src=\"http:\/\/www.karate-neuhofen.at\/wp-content\/gallery\/sommercamp-2014\/img_0754.jpg\"\n               data-thumbnail=\"http:\/\/www.karate-neuhofen.at\/wp-content\/gallery\/sommercamp-2014\/thumbs\/thumbs_img_0754.jpg\"\n               data-image-id=\"6946\"\n               data-title=\"img_0754\"\n               data-description=\"\"\n               data-image-slug=\"img_0754\"\n               class=\"shutterset_a6d0251e289b9d2023c6d431c5710d04\">\n                <img\n                    title=\"img_0754\"\n                    alt=\"img_0754\"\n                    src=\"http:\/\/www.karate-neuhofen.at\/wp-content\/gallery\/sommercamp-2014\/thumbs\/thumbs_img_0754.jpg\"\n                    width=\"100\"\n                    height=\"66\"\n                    style=\"max-width:100%;\"\n                \/>\n            <\/a>\n        <\/div>\n\t\t\t\t\t\t\t<\/div> \n\t\t\t\n        \n\t\t\t\t<div id=\"ngg-image-251\" class=\"ngg-gallery-thumbnail-box\" >\n\t\t\t\t        <div class=\"ngg-gallery-thumbnail\">\n            <a href=\"http:\/\/www.karate-neuhofen.at\/wp-content\/gallery\/sommercamp-2014\/img_0761.jpg\"\n               title=\"\"\n               data-src=\"http:\/\/www.karate-neuhofen.at\/wp-content\/gallery\/sommercamp-2014\/img_0761.jpg\"\n               data-thumbnail=\"http:\/\/www.karate-neuhofen.at\/wp-content\/gallery\/sommercamp-2014\/thumbs\/thumbs_img_0761.jpg\"\n               data-image-id=\"6948\"\n               data-title=\"img_0761\"\n               data-description=\"\"\n               data-image-slug=\"img_0761\"\n               class=\"shutterset_a6d0251e289b9d2023c6d431c5710d04\">\n                <img\n                    title=\"img_0761\"\n                    alt=\"img_0761\"\n                    src=\"http:\/\/www.karate-neuhofen.at\/wp-content\/gallery\/sommercamp-2014\/thumbs\/thumbs_img_0761.jpg\"\n                    width=\"100\"\n                    height=\"66\"\n                    style=\"max-width:100%;\"\n                \/>\n            <\/a>\n        <\/div>\n\t\t\t\t\t\t\t<\/div> \n\t\t\t\n        \n\t\t\t\t<div id=\"ngg-image-252\" class=\"ngg-gallery-thumbnail-box\" >\n\t\t\t\t        <div class=\"ngg-gallery-thumbnail\">\n            <a href=\"http:\/\/www.karate-neuhofen.at\/wp-content\/gallery\/sommercamp-2014\/img_0764.jpg\"\n               title=\"\"\n               data-src=\"http:\/\/www.karate-neuhofen.at\/wp-content\/gallery\/sommercamp-2014\/img_0764.jpg\"\n               data-thumbnail=\"http:\/\/www.karate-neuhofen.at\/wp-content\/gallery\/sommercamp-2014\/thumbs\/thumbs_img_0764.jpg\"\n               data-image-id=\"6949\"\n               data-title=\"img_0764\"\n               data-description=\"\"\n               data-image-slug=\"img_0764\"\n               class=\"shutterset_a6d0251e289b9d2023c6d431c5710d04\">\n                <img\n                    title=\"img_0764\"\n                    alt=\"img_0764\"\n                    src=\"http:\/\/www.karate-neuhofen.at\/wp-content\/gallery\/sommercamp-2014\/thumbs\/thumbs_img_0764.jpg\"\n                    width=\"100\"\n                    height=\"66\"\n                    style=\"max-width:100%;\"\n                \/>\n            <\/a>\n        <\/div>\n\t\t\t\t\t\t\t<\/div> \n\t\t\t\n        \n\t\t\t\t<div id=\"ngg-image-253\" class=\"ngg-gallery-thumbnail-box\" >\n\t\t\t\t        <div class=\"ngg-gallery-thumbnail\">\n            <a href=\"http:\/\/www.karate-neuhofen.at\/wp-content\/gallery\/sommercamp-2014\/img_0765.jpg\"\n               title=\"\"\n               data-src=\"http:\/\/www.karate-neuhofen.at\/wp-content\/gallery\/sommercamp-2014\/img_0765.jpg\"\n               data-thumbnail=\"http:\/\/www.karate-neuhofen.at\/wp-content\/gallery\/sommercamp-2014\/thumbs\/thumbs_img_0765.jpg\"\n               data-image-id=\"6950\"\n               data-title=\"img_0765\"\n               data-description=\"\"\n               data-image-slug=\"img_0765\"\n               class=\"shutterset_a6d0251e289b9d2023c6d431c5710d04\">\n                <img\n                    title=\"img_0765\"\n                    alt=\"img_0765\"\n                    src=\"http:\/\/www.karate-neuhofen.at\/wp-content\/gallery\/sommercamp-2014\/thumbs\/thumbs_img_0765.jpg\"\n                    width=\"100\"\n                    height=\"66\"\n                    style=\"max-width:100%;\"\n                \/>\n            <\/a>\n        <\/div>\n\t\t\t\t\t\t\t<\/div> \n\t\t\t\n        \n\t\t\t\t<div id=\"ngg-image-254\" class=\"ngg-gallery-thumbnail-box\" >\n\t\t\t\t        <div class=\"ngg-gallery-thumbnail\">\n            <a href=\"http:\/\/www.karate-neuhofen.at\/wp-content\/gallery\/sommercamp-2014\/img_0766.jpg\"\n               title=\"\"\n               data-src=\"http:\/\/www.karate-neuhofen.at\/wp-content\/gallery\/sommercamp-2014\/img_0766.jpg\"\n               data-thumbnail=\"http:\/\/www.karate-neuhofen.at\/wp-content\/gallery\/sommercamp-2014\/thumbs\/thumbs_img_0766.jpg\"\n               data-image-id=\"6951\"\n               data-title=\"img_0766\"\n               data-description=\"\"\n               data-image-slug=\"img_0766\"\n               class=\"shutterset_a6d0251e289b9d2023c6d431c5710d04\">\n                <img\n                    title=\"img_0766\"\n                    alt=\"img_0766\"\n                    src=\"http:\/\/www.karate-neuhofen.at\/wp-content\/gallery\/sommercamp-2014\/thumbs\/thumbs_img_0766.jpg\"\n                    width=\"100\"\n                    height=\"66\"\n                    style=\"max-width:100%;\"\n                \/>\n            <\/a>\n        <\/div>\n\t\t\t\t\t\t\t<\/div> \n\t\t\t\n        \n\t\t\t\t<div id=\"ngg-image-255\" class=\"ngg-gallery-thumbnail-box\" >\n\t\t\t\t        <div class=\"ngg-gallery-thumbnail\">\n            <a href=\"http:\/\/www.karate-neuhofen.at\/wp-content\/gallery\/sommercamp-2014\/img_0770.jpg\"\n               title=\"\"\n               data-src=\"http:\/\/www.karate-neuhofen.at\/wp-content\/gallery\/sommercamp-2014\/img_0770.jpg\"\n               data-thumbnail=\"http:\/\/www.karate-neuhofen.at\/wp-content\/gallery\/sommercamp-2014\/thumbs\/thumbs_img_0770.jpg\"\n               data-image-id=\"6952\"\n               data-title=\"img_0770\"\n               data-description=\"\"\n               data-image-slug=\"img_0770\"\n               class=\"shutterset_a6d0251e289b9d2023c6d431c5710d04\">\n                <img\n                    title=\"img_0770\"\n                    alt=\"img_0770\"\n                    src=\"http:\/\/www.karate-neuhofen.at\/wp-content\/gallery\/sommercamp-2014\/thumbs\/thumbs_img_0770.jpg\"\n                    width=\"100\"\n                    height=\"66\"\n                    style=\"max-width:100%;\"\n                \/>\n            <\/a>\n        <\/div>\n\t\t\t\t\t\t\t<\/div> \n\t\t\t\n        \n\t\t\t\t<div id=\"ngg-image-256\" class=\"ngg-gallery-thumbnail-box\" >\n\t\t\t\t        <div class=\"ngg-gallery-thumbnail\">\n            <a href=\"http:\/\/www.karate-neuhofen.at\/wp-content\/gallery\/sommercamp-2014\/img_0773.jpg\"\n               title=\"\"\n               data-src=\"http:\/\/www.karate-neuhofen.at\/wp-content\/gallery\/sommercamp-2014\/img_0773.jpg\"\n               data-thumbnail=\"http:\/\/www.karate-neuhofen.at\/wp-content\/gallery\/sommercamp-2014\/thumbs\/thumbs_img_0773.jpg\"\n               data-image-id=\"6953\"\n               data-title=\"img_0773\"\n               data-description=\"\"\n               data-image-slug=\"img_0773\"\n               class=\"shutterset_a6d0251e289b9d2023c6d431c5710d04\">\n                <img\n                    title=\"img_0773\"\n                    alt=\"img_0773\"\n                    src=\"http:\/\/www.karate-neuhofen.at\/wp-content\/gallery\/sommercamp-2014\/thumbs\/thumbs_img_0773.jpg\"\n                    width=\"100\"\n                    height=\"66\"\n                    style=\"max-width:100%;\"\n                \/>\n            <\/a>\n        <\/div>\n\t\t\t\t\t\t\t<\/div> \n\t\t\t\n        \n\t\t\t\t<div id=\"ngg-image-257\" class=\"ngg-gallery-thumbnail-box\" >\n\t\t\t\t        <div class=\"ngg-gallery-thumbnail\">\n            <a href=\"http:\/\/www.karate-neuhofen.at\/wp-content\/gallery\/sommercamp-2014\/img_0775.jpg\"\n               title=\"\"\n               data-src=\"http:\/\/www.karate-neuhofen.at\/wp-content\/gallery\/sommercamp-2014\/img_0775.jpg\"\n               data-thumbnail=\"http:\/\/www.karate-neuhofen.at\/wp-content\/gallery\/sommercamp-2014\/thumbs\/thumbs_img_0775.jpg\"\n               data-image-id=\"6954\"\n               data-title=\"img_0775\"\n               data-description=\"\"\n               data-image-slug=\"img_0775\"\n               class=\"shutterset_a6d0251e289b9d2023c6d431c5710d04\">\n                <img\n                    title=\"img_0775\"\n                    alt=\"img_0775\"\n                    src=\"http:\/\/www.karate-neuhofen.at\/wp-content\/gallery\/sommercamp-2014\/thumbs\/thumbs_img_0775.jpg\"\n                    width=\"100\"\n                    height=\"66\"\n                    style=\"max-width:100%;\"\n                \/>\n            <\/a>\n        <\/div>\n\t\t\t\t\t\t\t<\/div> \n\t\t\t\n        \n\t\t\t\t<div id=\"ngg-image-258\" class=\"ngg-gallery-thumbnail-box\" >\n\t\t\t\t        <div class=\"ngg-gallery-thumbnail\">\n            <a href=\"http:\/\/www.karate-neuhofen.at\/wp-content\/gallery\/sommercamp-2014\/img_0776.jpg\"\n               title=\"\"\n               data-src=\"http:\/\/www.karate-neuhofen.at\/wp-content\/gallery\/sommercamp-2014\/img_0776.jpg\"\n               data-thumbnail=\"http:\/\/www.karate-neuhofen.at\/wp-content\/gallery\/sommercamp-2014\/thumbs\/thumbs_img_0776.jpg\"\n               data-image-id=\"6955\"\n               data-title=\"img_0776\"\n               data-description=\"\"\n               data-image-slug=\"img_0776\"\n               class=\"shutterset_a6d0251e289b9d2023c6d431c5710d04\">\n                <img\n                    title=\"img_0776\"\n                    alt=\"img_0776\"\n                    src=\"http:\/\/www.karate-neuhofen.at\/wp-content\/gallery\/sommercamp-2014\/thumbs\/thumbs_img_0776.jpg\"\n                    width=\"100\"\n                    height=\"66\"\n                    style=\"max-width:100%;\"\n                \/>\n            <\/a>\n        <\/div>\n\t\t\t\t\t\t\t<\/div> \n\t\t\t\n        \n\t\t\t\t<div id=\"ngg-image-259\" class=\"ngg-gallery-thumbnail-box\" >\n\t\t\t\t        <div class=\"ngg-gallery-thumbnail\">\n            <a href=\"http:\/\/www.karate-neuhofen.at\/wp-content\/gallery\/sommercamp-2014\/img_0780.jpg\"\n               title=\"\"\n               data-src=\"http:\/\/www.karate-neuhofen.at\/wp-content\/gallery\/sommercamp-2014\/img_0780.jpg\"\n               data-thumbnail=\"http:\/\/www.karate-neuhofen.at\/wp-content\/gallery\/sommercamp-2014\/thumbs\/thumbs_img_0780.jpg\"\n               data-image-id=\"6958\"\n               data-title=\"img_0780\"\n               data-description=\"\"\n               data-image-slug=\"img_0780\"\n               class=\"shutterset_a6d0251e289b9d2023c6d431c5710d04\">\n                <img\n                    title=\"img_0780\"\n                    alt=\"img_0780\"\n                    src=\"http:\/\/www.karate-neuhofen.at\/wp-content\/gallery\/sommercamp-2014\/thumbs\/thumbs_img_0780.jpg\"\n                    width=\"100\"\n                    height=\"66\"\n                    style=\"max-width:100%;\"\n                \/>\n            <\/a>\n        <\/div>\n\t\t\t\t\t\t\t<\/div> \n\t\t\t\n        \n\t\t\t\t<div id=\"ngg-image-260\" class=\"ngg-gallery-thumbnail-box\" >\n\t\t\t\t        <div class=\"ngg-gallery-thumbnail\">\n            <a href=\"http:\/\/www.karate-neuhofen.at\/wp-content\/gallery\/sommercamp-2014\/img_0787.jpg\"\n               title=\"\"\n               data-src=\"http:\/\/www.karate-neuhofen.at\/wp-content\/gallery\/sommercamp-2014\/img_0787.jpg\"\n               data-thumbnail=\"http:\/\/www.karate-neuhofen.at\/wp-content\/gallery\/sommercamp-2014\/thumbs\/thumbs_img_0787.jpg\"\n               data-image-id=\"6959\"\n               data-title=\"img_0787\"\n               data-description=\"\"\n               data-image-slug=\"img_0787\"\n               class=\"shutterset_a6d0251e289b9d2023c6d431c5710d04\">\n                <img\n                    title=\"img_0787\"\n                    alt=\"img_0787\"\n                    src=\"http:\/\/www.karate-neuhofen.at\/wp-content\/gallery\/sommercamp-2014\/thumbs\/thumbs_img_0787.jpg\"\n                    width=\"100\"\n                    height=\"66\"\n                    style=\"max-width:100%;\"\n                \/>\n            <\/a>\n        <\/div>\n\t\t\t\t\t\t\t<\/div> \n\t\t\t\n        \n\t\t\t\t<div id=\"ngg-image-261\" class=\"ngg-gallery-thumbnail-box\" >\n\t\t\t\t        <div class=\"ngg-gallery-thumbnail\">\n            <a href=\"http:\/\/www.karate-neuhofen.at\/wp-content\/gallery\/sommercamp-2014\/img_0788.jpg\"\n               title=\"\"\n               data-src=\"http:\/\/www.karate-neuhofen.at\/wp-content\/gallery\/sommercamp-2014\/img_0788.jpg\"\n               data-thumbnail=\"http:\/\/www.karate-neuhofen.at\/wp-content\/gallery\/sommercamp-2014\/thumbs\/thumbs_img_0788.jpg\"\n               data-image-id=\"6960\"\n               data-title=\"img_0788\"\n               data-description=\"\"\n               data-image-slug=\"img_0788\"\n               class=\"shutterset_a6d0251e289b9d2023c6d431c5710d04\">\n                <img\n                    title=\"img_0788\"\n                    alt=\"img_0788\"\n                    src=\"http:\/\/www.karate-neuhofen.at\/wp-content\/gallery\/sommercamp-2014\/thumbs\/thumbs_img_0788.jpg\"\n                    width=\"100\"\n                    height=\"66\"\n                    style=\"max-width:100%;\"\n                \/>\n            <\/a>\n        <\/div>\n\t\t\t\t\t\t\t<\/div> \n\t\t\t\n        \n\t\t\t\t<div id=\"ngg-image-262\" class=\"ngg-gallery-thumbnail-box\" >\n\t\t\t\t        <div class=\"ngg-gallery-thumbnail\">\n            <a href=\"http:\/\/www.karate-neuhofen.at\/wp-content\/gallery\/sommercamp-2014\/img_0789.jpg\"\n               title=\"\"\n               data-src=\"http:\/\/www.karate-neuhofen.at\/wp-content\/gallery\/sommercamp-2014\/img_0789.jpg\"\n               data-thumbnail=\"http:\/\/www.karate-neuhofen.at\/wp-content\/gallery\/sommercamp-2014\/thumbs\/thumbs_img_0789.jpg\"\n               data-image-id=\"6961\"\n               data-title=\"img_0789\"\n               data-description=\"\"\n               data-image-slug=\"img_0789\"\n               class=\"shutterset_a6d0251e289b9d2023c6d431c5710d04\">\n                <img\n                    title=\"img_0789\"\n                    alt=\"img_0789\"\n                    src=\"http:\/\/www.karate-neuhofen.at\/wp-content\/gallery\/sommercamp-2014\/thumbs\/thumbs_img_0789.jpg\"\n                    width=\"100\"\n                    height=\"66\"\n                    style=\"max-width:100%;\"\n                \/>\n            <\/a>\n        <\/div>\n\t\t\t\t\t\t\t<\/div> \n\t\t\t\n        \n\t\t\t\t<div id=\"ngg-image-263\" class=\"ngg-gallery-thumbnail-box\" >\n\t\t\t\t        <div class=\"ngg-gallery-thumbnail\">\n            <a href=\"http:\/\/www.karate-neuhofen.at\/wp-content\/gallery\/sommercamp-2014\/img_0790.jpg\"\n               title=\"\"\n               data-src=\"http:\/\/www.karate-neuhofen.at\/wp-content\/gallery\/sommercamp-2014\/img_0790.jpg\"\n               data-thumbnail=\"http:\/\/www.karate-neuhofen.at\/wp-content\/gallery\/sommercamp-2014\/thumbs\/thumbs_img_0790.jpg\"\n               data-image-id=\"6962\"\n               data-title=\"img_0790\"\n               data-description=\"\"\n               data-image-slug=\"img_0790-2\"\n               class=\"shutterset_a6d0251e289b9d2023c6d431c5710d04\">\n                <img\n                    title=\"img_0790\"\n                    alt=\"img_0790\"\n                    src=\"http:\/\/www.karate-neuhofen.at\/wp-content\/gallery\/sommercamp-2014\/thumbs\/thumbs_img_0790.jpg\"\n                    width=\"50\"\n                    height=\"75\"\n                    style=\"max-width:100%;\"\n                \/>\n            <\/a>\n        <\/div>\n\t\t\t\t\t\t\t<\/div> \n\t\t\t\n        \n\t\t\t\t<div id=\"ngg-image-264\" class=\"ngg-gallery-thumbnail-box\" >\n\t\t\t\t        <div class=\"ngg-gallery-thumbnail\">\n            <a href=\"http:\/\/www.karate-neuhofen.at\/wp-content\/gallery\/sommercamp-2014\/img_0793.jpg\"\n               title=\"\"\n               data-src=\"http:\/\/www.karate-neuhofen.at\/wp-content\/gallery\/sommercamp-2014\/img_0793.jpg\"\n               data-thumbnail=\"http:\/\/www.karate-neuhofen.at\/wp-content\/gallery\/sommercamp-2014\/thumbs\/thumbs_img_0793.jpg\"\n               data-image-id=\"6963\"\n               data-title=\"img_0793\"\n               data-description=\"\"\n               data-image-slug=\"img_0793\"\n               class=\"shutterset_a6d0251e289b9d2023c6d431c5710d04\">\n                <img\n                    title=\"img_0793\"\n                    alt=\"img_0793\"\n                    src=\"http:\/\/www.karate-neuhofen.at\/wp-content\/gallery\/sommercamp-2014\/thumbs\/thumbs_img_0793.jpg\"\n                    width=\"50\"\n                    height=\"75\"\n                    style=\"max-width:100%;\"\n                \/>\n            <\/a>\n        <\/div>\n\t\t\t\t\t\t\t<\/div> \n\t\t\t\n        \n\t\t\t\t<div id=\"ngg-image-265\" class=\"ngg-gallery-thumbnail-box\" >\n\t\t\t\t        <div class=\"ngg-gallery-thumbnail\">\n            <a href=\"http:\/\/www.karate-neuhofen.at\/wp-content\/gallery\/sommercamp-2014\/img_0794.jpg\"\n               title=\"\"\n               data-src=\"http:\/\/www.karate-neuhofen.at\/wp-content\/gallery\/sommercamp-2014\/img_0794.jpg\"\n               data-thumbnail=\"http:\/\/www.karate-neuhofen.at\/wp-content\/gallery\/sommercamp-2014\/thumbs\/thumbs_img_0794.jpg\"\n               data-image-id=\"6964\"\n               data-title=\"img_0794\"\n               data-description=\"\"\n               data-image-slug=\"img_0794\"\n               class=\"shutterset_a6d0251e289b9d2023c6d431c5710d04\">\n                <img\n                    title=\"img_0794\"\n                    alt=\"img_0794\"\n                    src=\"http:\/\/www.karate-neuhofen.at\/wp-content\/gallery\/sommercamp-2014\/thumbs\/thumbs_img_0794.jpg\"\n                    width=\"100\"\n                    height=\"66\"\n                    style=\"max-width:100%;\"\n                \/>\n            <\/a>\n        <\/div>\n\t\t\t\t\t\t\t<\/div> \n\t\t\t\n        \n\t\t\t\t<div id=\"ngg-image-266\" class=\"ngg-gallery-thumbnail-box\" >\n\t\t\t\t        <div class=\"ngg-gallery-thumbnail\">\n            <a href=\"http:\/\/www.karate-neuhofen.at\/wp-content\/gallery\/sommercamp-2014\/img_0796.jpg\"\n               title=\"\"\n               data-src=\"http:\/\/www.karate-neuhofen.at\/wp-content\/gallery\/sommercamp-2014\/img_0796.jpg\"\n               data-thumbnail=\"http:\/\/www.karate-neuhofen.at\/wp-content\/gallery\/sommercamp-2014\/thumbs\/thumbs_img_0796.jpg\"\n               data-image-id=\"6965\"\n               data-title=\"img_0796\"\n               data-description=\"\"\n               data-image-slug=\"img_0796-2\"\n               class=\"shutterset_a6d0251e289b9d2023c6d431c5710d04\">\n                <img\n                    title=\"img_0796\"\n                    alt=\"img_0796\"\n                    src=\"http:\/\/www.karate-neuhofen.at\/wp-content\/gallery\/sommercamp-2014\/thumbs\/thumbs_img_0796.jpg\"\n                    width=\"50\"\n                    height=\"75\"\n                    style=\"max-width:100%;\"\n                \/>\n            <\/a>\n        <\/div>\n\t\t\t\t\t\t\t<\/div> \n\t\t\t\n        \n\t\t\t\t<div id=\"ngg-image-267\" class=\"ngg-gallery-thumbnail-box\" >\n\t\t\t\t        <div class=\"ngg-gallery-thumbnail\">\n            <a href=\"http:\/\/www.karate-neuhofen.at\/wp-content\/gallery\/sommercamp-2014\/img_0797.jpg\"\n               title=\"\"\n               data-src=\"http:\/\/www.karate-neuhofen.at\/wp-content\/gallery\/sommercamp-2014\/img_0797.jpg\"\n               data-thumbnail=\"http:\/\/www.karate-neuhofen.at\/wp-content\/gallery\/sommercamp-2014\/thumbs\/thumbs_img_0797.jpg\"\n               data-image-id=\"6966\"\n               data-title=\"img_0797\"\n               data-description=\"\"\n               data-image-slug=\"img_0797\"\n               class=\"shutterset_a6d0251e289b9d2023c6d431c5710d04\">\n                <img\n                    title=\"img_0797\"\n                    alt=\"img_0797\"\n                    src=\"http:\/\/www.karate-neuhofen.at\/wp-content\/gallery\/sommercamp-2014\/thumbs\/thumbs_img_0797.jpg\"\n                    width=\"100\"\n                    height=\"66\"\n                    style=\"max-width:100%;\"\n                \/>\n            <\/a>\n        <\/div>\n\t\t\t\t\t\t\t<\/div> \n\t\t\t\n        \n\t\t\t\t<div id=\"ngg-image-268\" class=\"ngg-gallery-thumbnail-box\" >\n\t\t\t\t        <div class=\"ngg-gallery-thumbnail\">\n            <a href=\"http:\/\/www.karate-neuhofen.at\/wp-content\/gallery\/sommercamp-2014\/img_0798.jpg\"\n               title=\"\"\n               data-src=\"http:\/\/www.karate-neuhofen.at\/wp-content\/gallery\/sommercamp-2014\/img_0798.jpg\"\n               data-thumbnail=\"http:\/\/www.karate-neuhofen.at\/wp-content\/gallery\/sommercamp-2014\/thumbs\/thumbs_img_0798.jpg\"\n               data-image-id=\"6967\"\n               data-title=\"img_0798\"\n               data-description=\"\"\n               data-image-slug=\"img_0798-2\"\n               class=\"shutterset_a6d0251e289b9d2023c6d431c5710d04\">\n                <img\n                    title=\"img_0798\"\n                    alt=\"img_0798\"\n                    src=\"http:\/\/www.karate-neuhofen.at\/wp-content\/gallery\/sommercamp-2014\/thumbs\/thumbs_img_0798.jpg\"\n                    width=\"100\"\n                    height=\"66\"\n                    style=\"max-width:100%;\"\n                \/>\n            <\/a>\n        <\/div>\n\t\t\t\t\t\t\t<\/div> \n\t\t\t\n        \n\t\t\t\t<div id=\"ngg-image-269\" class=\"ngg-gallery-thumbnail-box\" >\n\t\t\t\t        <div class=\"ngg-gallery-thumbnail\">\n            <a href=\"http:\/\/www.karate-neuhofen.at\/wp-content\/gallery\/sommercamp-2014\/img_0799.jpg\"\n               title=\"\"\n               data-src=\"http:\/\/www.karate-neuhofen.at\/wp-content\/gallery\/sommercamp-2014\/img_0799.jpg\"\n               data-thumbnail=\"http:\/\/www.karate-neuhofen.at\/wp-content\/gallery\/sommercamp-2014\/thumbs\/thumbs_img_0799.jpg\"\n               data-image-id=\"6968\"\n               data-title=\"img_0799\"\n               data-description=\"\"\n               data-image-slug=\"img_0799\"\n               class=\"shutterset_a6d0251e289b9d2023c6d431c5710d04\">\n                <img\n                    title=\"img_0799\"\n                    alt=\"img_0799\"\n                    src=\"http:\/\/www.karate-neuhofen.at\/wp-content\/gallery\/sommercamp-2014\/thumbs\/thumbs_img_0799.jpg\"\n                    width=\"100\"\n                    height=\"66\"\n                    style=\"max-width:100%;\"\n                \/>\n            <\/a>\n        <\/div>\n\t\t\t\t\t\t\t<\/div> \n\t\t\t\n        \n\t\t\t\t<div id=\"ngg-image-270\" class=\"ngg-gallery-thumbnail-box\" >\n\t\t\t\t        <div class=\"ngg-gallery-thumbnail\">\n            <a href=\"http:\/\/www.karate-neuhofen.at\/wp-content\/gallery\/sommercamp-2014\/img_0805.jpg\"\n               title=\"\"\n               data-src=\"http:\/\/www.karate-neuhofen.at\/wp-content\/gallery\/sommercamp-2014\/img_0805.jpg\"\n               data-thumbnail=\"http:\/\/www.karate-neuhofen.at\/wp-content\/gallery\/sommercamp-2014\/thumbs\/thumbs_img_0805.jpg\"\n               data-image-id=\"6969\"\n               data-title=\"img_0805\"\n               data-description=\"\"\n               data-image-slug=\"img_0805-2\"\n               class=\"shutterset_a6d0251e289b9d2023c6d431c5710d04\">\n                <img\n                    title=\"img_0805\"\n                    alt=\"img_0805\"\n                    src=\"http:\/\/www.karate-neuhofen.at\/wp-content\/gallery\/sommercamp-2014\/thumbs\/thumbs_img_0805.jpg\"\n                    width=\"100\"\n                    height=\"66\"\n                    style=\"max-width:100%;\"\n                \/>\n            <\/a>\n        <\/div>\n\t\t\t\t\t\t\t<\/div> \n\t\t\t\n        \n\t\t\t\t<div id=\"ngg-image-271\" class=\"ngg-gallery-thumbnail-box\" >\n\t\t\t\t        <div class=\"ngg-gallery-thumbnail\">\n            <a href=\"http:\/\/www.karate-neuhofen.at\/wp-content\/gallery\/sommercamp-2014\/img_0807.jpg\"\n               title=\"\"\n               data-src=\"http:\/\/www.karate-neuhofen.at\/wp-content\/gallery\/sommercamp-2014\/img_0807.jpg\"\n               data-thumbnail=\"http:\/\/www.karate-neuhofen.at\/wp-content\/gallery\/sommercamp-2014\/thumbs\/thumbs_img_0807.jpg\"\n               data-image-id=\"6970\"\n               data-title=\"img_0807\"\n               data-description=\"\"\n               data-image-slug=\"img_0807-2\"\n               class=\"shutterset_a6d0251e289b9d2023c6d431c5710d04\">\n                <img\n                    title=\"img_0807\"\n                    alt=\"img_0807\"\n                    src=\"http:\/\/www.karate-neuhofen.at\/wp-content\/gallery\/sommercamp-2014\/thumbs\/thumbs_img_0807.jpg\"\n                    width=\"100\"\n                    height=\"66\"\n                    style=\"max-width:100%;\"\n                \/>\n            <\/a>\n        <\/div>\n\t\t\t\t\t\t\t<\/div> \n\t\t\t\n        \n\t\t\t\t<div id=\"ngg-image-272\" class=\"ngg-gallery-thumbnail-box\" >\n\t\t\t\t        <div class=\"ngg-gallery-thumbnail\">\n            <a href=\"http:\/\/www.karate-neuhofen.at\/wp-content\/gallery\/sommercamp-2014\/img_0808.jpg\"\n               title=\"\"\n               data-src=\"http:\/\/www.karate-neuhofen.at\/wp-content\/gallery\/sommercamp-2014\/img_0808.jpg\"\n               data-thumbnail=\"http:\/\/www.karate-neuhofen.at\/wp-content\/gallery\/sommercamp-2014\/thumbs\/thumbs_img_0808.jpg\"\n               data-image-id=\"6971\"\n               data-title=\"img_0808\"\n               data-description=\"\"\n               data-image-slug=\"img_0808\"\n               class=\"shutterset_a6d0251e289b9d2023c6d431c5710d04\">\n                <img\n                    title=\"img_0808\"\n                    alt=\"img_0808\"\n                    src=\"http:\/\/www.karate-neuhofen.at\/wp-content\/gallery\/sommercamp-2014\/thumbs\/thumbs_img_0808.jpg\"\n                    width=\"100\"\n                    height=\"66\"\n                    style=\"max-width:100%;\"\n                \/>\n            <\/a>\n        <\/div>\n\t\t\t\t\t\t\t<\/div> \n\t\t\t\n        \n\t\t\t\t<div id=\"ngg-image-273\" class=\"ngg-gallery-thumbnail-box\" >\n\t\t\t\t        <div class=\"ngg-gallery-thumbnail\">\n            <a href=\"http:\/\/www.karate-neuhofen.at\/wp-content\/gallery\/sommercamp-2014\/img_0811.jpg\"\n               title=\"\"\n               data-src=\"http:\/\/www.karate-neuhofen.at\/wp-content\/gallery\/sommercamp-2014\/img_0811.jpg\"\n               data-thumbnail=\"http:\/\/www.karate-neuhofen.at\/wp-content\/gallery\/sommercamp-2014\/thumbs\/thumbs_img_0811.jpg\"\n               data-image-id=\"6972\"\n               data-title=\"img_0811\"\n               data-description=\"\"\n               data-image-slug=\"img_0811\"\n               class=\"shutterset_a6d0251e289b9d2023c6d431c5710d04\">\n                <img\n                    title=\"img_0811\"\n                    alt=\"img_0811\"\n                    src=\"http:\/\/www.karate-neuhofen.at\/wp-content\/gallery\/sommercamp-2014\/thumbs\/thumbs_img_0811.jpg\"\n                    width=\"50\"\n                    height=\"75\"\n                    style=\"max-width:100%;\"\n                \/>\n            <\/a>\n        <\/div>\n\t\t\t\t\t\t\t<\/div> \n\t\t\t\n        \n\t\t\t\t<div id=\"ngg-image-274\" class=\"ngg-gallery-thumbnail-box\" >\n\t\t\t\t        <div class=\"ngg-gallery-thumbnail\">\n            <a href=\"http:\/\/www.karate-neuhofen.at\/wp-content\/gallery\/sommercamp-2014\/img_0815.jpg\"\n               title=\"\"\n               data-src=\"http:\/\/www.karate-neuhofen.at\/wp-content\/gallery\/sommercamp-2014\/img_0815.jpg\"\n               data-thumbnail=\"http:\/\/www.karate-neuhofen.at\/wp-content\/gallery\/sommercamp-2014\/thumbs\/thumbs_img_0815.jpg\"\n               data-image-id=\"6973\"\n               data-title=\"img_0815\"\n               data-description=\"\"\n               data-image-slug=\"img_0815\"\n               class=\"shutterset_a6d0251e289b9d2023c6d431c5710d04\">\n                <img\n                    title=\"img_0815\"\n                    alt=\"img_0815\"\n                    src=\"http:\/\/www.karate-neuhofen.at\/wp-content\/gallery\/sommercamp-2014\/thumbs\/thumbs_img_0815.jpg\"\n                    width=\"50\"\n                    height=\"75\"\n                    style=\"max-width:100%;\"\n                \/>\n            <\/a>\n        <\/div>\n\t\t\t\t\t\t\t<\/div> \n\t\t\t\n        \n\t\t\t\t<div id=\"ngg-image-275\" class=\"ngg-gallery-thumbnail-box\" >\n\t\t\t\t        <div class=\"ngg-gallery-thumbnail\">\n            <a href=\"http:\/\/www.karate-neuhofen.at\/wp-content\/gallery\/sommercamp-2014\/img_0816.jpg\"\n               title=\"\"\n               data-src=\"http:\/\/www.karate-neuhofen.at\/wp-content\/gallery\/sommercamp-2014\/img_0816.jpg\"\n               data-thumbnail=\"http:\/\/www.karate-neuhofen.at\/wp-content\/gallery\/sommercamp-2014\/thumbs\/thumbs_img_0816.jpg\"\n               data-image-id=\"6974\"\n               data-title=\"img_0816\"\n               data-description=\"\"\n               data-image-slug=\"img_0816-2\"\n               class=\"shutterset_a6d0251e289b9d2023c6d431c5710d04\">\n                <img\n                    title=\"img_0816\"\n                    alt=\"img_0816\"\n                    src=\"http:\/\/www.karate-neuhofen.at\/wp-content\/gallery\/sommercamp-2014\/thumbs\/thumbs_img_0816.jpg\"\n                    width=\"50\"\n                    height=\"75\"\n                    style=\"max-width:100%;\"\n                \/>\n            <\/a>\n        <\/div>\n\t\t\t\t\t\t\t<\/div> \n\t\t\t\n        \n\t\t\t\t<div id=\"ngg-image-276\" class=\"ngg-gallery-thumbnail-box\" >\n\t\t\t\t        <div class=\"ngg-gallery-thumbnail\">\n            <a href=\"http:\/\/www.karate-neuhofen.at\/wp-content\/gallery\/sommercamp-2014\/img_0818.jpg\"\n               title=\"\"\n               data-src=\"http:\/\/www.karate-neuhofen.at\/wp-content\/gallery\/sommercamp-2014\/img_0818.jpg\"\n               data-thumbnail=\"http:\/\/www.karate-neuhofen.at\/wp-content\/gallery\/sommercamp-2014\/thumbs\/thumbs_img_0818.jpg\"\n               data-image-id=\"6975\"\n               data-title=\"img_0818\"\n               data-description=\"\"\n               data-image-slug=\"img_0818\"\n               class=\"shutterset_a6d0251e289b9d2023c6d431c5710d04\">\n                <img\n                    title=\"img_0818\"\n                    alt=\"img_0818\"\n                    src=\"http:\/\/www.karate-neuhofen.at\/wp-content\/gallery\/sommercamp-2014\/thumbs\/thumbs_img_0818.jpg\"\n                    width=\"50\"\n                    height=\"75\"\n                    style=\"max-width:100%;\"\n                \/>\n            <\/a>\n        <\/div>\n\t\t\t\t\t\t\t<\/div> \n\t\t\t\n        \n\t\t\t\t<div id=\"ngg-image-277\" class=\"ngg-gallery-thumbnail-box\" >\n\t\t\t\t        <div class=\"ngg-gallery-thumbnail\">\n            <a href=\"http:\/\/www.karate-neuhofen.at\/wp-content\/gallery\/sommercamp-2014\/img_0819.jpg\"\n               title=\"\"\n               data-src=\"http:\/\/www.karate-neuhofen.at\/wp-content\/gallery\/sommercamp-2014\/img_0819.jpg\"\n               data-thumbnail=\"http:\/\/www.karate-neuhofen.at\/wp-content\/gallery\/sommercamp-2014\/thumbs\/thumbs_img_0819.jpg\"\n               data-image-id=\"6976\"\n               data-title=\"img_0819\"\n               data-description=\"\"\n               data-image-slug=\"img_0819\"\n               class=\"shutterset_a6d0251e289b9d2023c6d431c5710d04\">\n                <img\n                    title=\"img_0819\"\n                    alt=\"img_0819\"\n                    src=\"http:\/\/www.karate-neuhofen.at\/wp-content\/gallery\/sommercamp-2014\/thumbs\/thumbs_img_0819.jpg\"\n                    width=\"100\"\n                    height=\"66\"\n                    style=\"max-width:100%;\"\n                \/>\n            <\/a>\n        <\/div>\n\t\t\t\t\t\t\t<\/div> \n\t\t\t\n        \n\t\t\t\t<div id=\"ngg-image-278\" class=\"ngg-gallery-thumbnail-box\" >\n\t\t\t\t        <div class=\"ngg-gallery-thumbnail\">\n            <a href=\"http:\/\/www.karate-neuhofen.at\/wp-content\/gallery\/sommercamp-2014\/img_0820.jpg\"\n               title=\"\"\n               data-src=\"http:\/\/www.karate-neuhofen.at\/wp-content\/gallery\/sommercamp-2014\/img_0820.jpg\"\n               data-thumbnail=\"http:\/\/www.karate-neuhofen.at\/wp-content\/gallery\/sommercamp-2014\/thumbs\/thumbs_img_0820.jpg\"\n               data-image-id=\"6977\"\n               data-title=\"img_0820\"\n               data-description=\"\"\n               data-image-slug=\"img_0820-2\"\n               class=\"shutterset_a6d0251e289b9d2023c6d431c5710d04\">\n                <img\n                    title=\"img_0820\"\n                    alt=\"img_0820\"\n                    src=\"http:\/\/www.karate-neuhofen.at\/wp-content\/gallery\/sommercamp-2014\/thumbs\/thumbs_img_0820.jpg\"\n                    width=\"100\"\n                    height=\"66\"\n                    style=\"max-width:100%;\"\n                \/>\n            <\/a>\n        <\/div>\n\t\t\t\t\t\t\t<\/div> \n\t\t\t\n        \n\t\t\t\t<div id=\"ngg-image-279\" class=\"ngg-gallery-thumbnail-box\" >\n\t\t\t\t        <div class=\"ngg-gallery-thumbnail\">\n            <a href=\"http:\/\/www.karate-neuhofen.at\/wp-content\/gallery\/sommercamp-2014\/img_0828.jpg\"\n               title=\"\"\n               data-src=\"http:\/\/www.karate-neuhofen.at\/wp-content\/gallery\/sommercamp-2014\/img_0828.jpg\"\n               data-thumbnail=\"http:\/\/www.karate-neuhofen.at\/wp-content\/gallery\/sommercamp-2014\/thumbs\/thumbs_img_0828.jpg\"\n               data-image-id=\"6979\"\n               data-title=\"img_0828\"\n               data-description=\"\"\n               data-image-slug=\"img_0828\"\n               class=\"shutterset_a6d0251e289b9d2023c6d431c5710d04\">\n                <img\n                    title=\"img_0828\"\n                    alt=\"img_0828\"\n                    src=\"http:\/\/www.karate-neuhofen.at\/wp-content\/gallery\/sommercamp-2014\/thumbs\/thumbs_img_0828.jpg\"\n                    width=\"100\"\n                    height=\"66\"\n                    style=\"max-width:100%;\"\n                \/>\n            <\/a>\n        <\/div>\n\t\t\t\t\t\t\t<\/div> \n\t\t\t\n        \n\t\t\t\t<div id=\"ngg-image-280\" class=\"ngg-gallery-thumbnail-box\" >\n\t\t\t\t        <div class=\"ngg-gallery-thumbnail\">\n            <a href=\"http:\/\/www.karate-neuhofen.at\/wp-content\/gallery\/sommercamp-2014\/img_0829.jpg\"\n               title=\"\"\n               data-src=\"http:\/\/www.karate-neuhofen.at\/wp-content\/gallery\/sommercamp-2014\/img_0829.jpg\"\n               data-thumbnail=\"http:\/\/www.karate-neuhofen.at\/wp-content\/gallery\/sommercamp-2014\/thumbs\/thumbs_img_0829.jpg\"\n               data-image-id=\"6980\"\n               data-title=\"img_0829\"\n               data-description=\"\"\n               data-image-slug=\"img_0829-2\"\n               class=\"shutterset_a6d0251e289b9d2023c6d431c5710d04\">\n                <img\n                    title=\"img_0829\"\n                    alt=\"img_0829\"\n                    src=\"http:\/\/www.karate-neuhofen.at\/wp-content\/gallery\/sommercamp-2014\/thumbs\/thumbs_img_0829.jpg\"\n                    width=\"100\"\n                    height=\"66\"\n                    style=\"max-width:100%;\"\n                \/>\n            <\/a>\n        <\/div>\n\t\t\t\t\t\t\t<\/div> \n\t\t\t\n        \n\t\t\t\t<div id=\"ngg-image-281\" class=\"ngg-gallery-thumbnail-box\" >\n\t\t\t\t        <div class=\"ngg-gallery-thumbnail\">\n            <a href=\"http:\/\/www.karate-neuhofen.at\/wp-content\/gallery\/sommercamp-2014\/img_0830.jpg\"\n               title=\"\"\n               data-src=\"http:\/\/www.karate-neuhofen.at\/wp-content\/gallery\/sommercamp-2014\/img_0830.jpg\"\n               data-thumbnail=\"http:\/\/www.karate-neuhofen.at\/wp-content\/gallery\/sommercamp-2014\/thumbs\/thumbs_img_0830.jpg\"\n               data-image-id=\"6981\"\n               data-title=\"img_0830\"\n               data-description=\"\"\n               data-image-slug=\"img_0830\"\n               class=\"shutterset_a6d0251e289b9d2023c6d431c5710d04\">\n                <img\n                    title=\"img_0830\"\n                    alt=\"img_0830\"\n                    src=\"http:\/\/www.karate-neuhofen.at\/wp-content\/gallery\/sommercamp-2014\/thumbs\/thumbs_img_0830.jpg\"\n                    width=\"50\"\n                    height=\"75\"\n                    style=\"max-width:100%;\"\n                \/>\n            <\/a>\n        <\/div>\n\t\t\t\t\t\t\t<\/div> \n\t\t\t\n        \n\t\t\t\t<div id=\"ngg-image-282\" class=\"ngg-gallery-thumbnail-box\" >\n\t\t\t\t        <div class=\"ngg-gallery-thumbnail\">\n            <a href=\"http:\/\/www.karate-neuhofen.at\/wp-content\/gallery\/sommercamp-2014\/img_0831.jpg\"\n               title=\"\"\n               data-src=\"http:\/\/www.karate-neuhofen.at\/wp-content\/gallery\/sommercamp-2014\/img_0831.jpg\"\n               data-thumbnail=\"http:\/\/www.karate-neuhofen.at\/wp-content\/gallery\/sommercamp-2014\/thumbs\/thumbs_img_0831.jpg\"\n               data-image-id=\"6982\"\n               data-title=\"img_0831\"\n               data-description=\"\"\n               data-image-slug=\"img_0831\"\n               class=\"shutterset_a6d0251e289b9d2023c6d431c5710d04\">\n                <img\n                    title=\"img_0831\"\n                    alt=\"img_0831\"\n                    src=\"http:\/\/www.karate-neuhofen.at\/wp-content\/gallery\/sommercamp-2014\/thumbs\/thumbs_img_0831.jpg\"\n                    width=\"100\"\n                    height=\"66\"\n                    style=\"max-width:100%;\"\n                \/>\n            <\/a>\n        <\/div>\n\t\t\t\t\t\t\t<\/div> \n\t\t\t\n        \n\t\t\t\t<div id=\"ngg-image-283\" class=\"ngg-gallery-thumbnail-box\" >\n\t\t\t\t        <div class=\"ngg-gallery-thumbnail\">\n            <a href=\"http:\/\/www.karate-neuhofen.at\/wp-content\/gallery\/sommercamp-2014\/img_0833.jpg\"\n               title=\"\"\n               data-src=\"http:\/\/www.karate-neuhofen.at\/wp-content\/gallery\/sommercamp-2014\/img_0833.jpg\"\n               data-thumbnail=\"http:\/\/www.karate-neuhofen.at\/wp-content\/gallery\/sommercamp-2014\/thumbs\/thumbs_img_0833.jpg\"\n               data-image-id=\"6983\"\n               data-title=\"img_0833\"\n               data-description=\"\"\n               data-image-slug=\"img_0833\"\n               class=\"shutterset_a6d0251e289b9d2023c6d431c5710d04\">\n                <img\n                    title=\"img_0833\"\n                    alt=\"img_0833\"\n                    src=\"http:\/\/www.karate-neuhofen.at\/wp-content\/gallery\/sommercamp-2014\/thumbs\/thumbs_img_0833.jpg\"\n                    width=\"100\"\n                    height=\"66\"\n                    style=\"max-width:100%;\"\n                \/>\n            <\/a>\n        <\/div>\n\t\t\t\t\t\t\t<\/div> \n\t\t\t\n        \n\t\t\t\t<div id=\"ngg-image-284\" class=\"ngg-gallery-thumbnail-box\" >\n\t\t\t\t        <div class=\"ngg-gallery-thumbnail\">\n            <a href=\"http:\/\/www.karate-neuhofen.at\/wp-content\/gallery\/sommercamp-2014\/img_0835.jpg\"\n               title=\"\"\n               data-src=\"http:\/\/www.karate-neuhofen.at\/wp-content\/gallery\/sommercamp-2014\/img_0835.jpg\"\n               data-thumbnail=\"http:\/\/www.karate-neuhofen.at\/wp-content\/gallery\/sommercamp-2014\/thumbs\/thumbs_img_0835.jpg\"\n               data-image-id=\"6985\"\n               data-title=\"img_0835\"\n               data-description=\"\"\n               data-image-slug=\"img_0835-2\"\n               class=\"shutterset_a6d0251e289b9d2023c6d431c5710d04\">\n                <img\n                    title=\"img_0835\"\n                    alt=\"img_0835\"\n                    src=\"http:\/\/www.karate-neuhofen.at\/wp-content\/gallery\/sommercamp-2014\/thumbs\/thumbs_img_0835.jpg\"\n                    width=\"50\"\n                    height=\"75\"\n                    style=\"max-width:100%;\"\n                \/>\n            <\/a>\n        <\/div>\n\t\t\t\t\t\t\t<\/div> \n\t\t\t\n        \n\t\t\t\t<div id=\"ngg-image-285\" class=\"ngg-gallery-thumbnail-box\" >\n\t\t\t\t        <div class=\"ngg-gallery-thumbnail\">\n            <a href=\"http:\/\/www.karate-neuhofen.at\/wp-content\/gallery\/sommercamp-2014\/img_0837.jpg\"\n               title=\"\"\n               data-src=\"http:\/\/www.karate-neuhofen.at\/wp-content\/gallery\/sommercamp-2014\/img_0837.jpg\"\n               data-thumbnail=\"http:\/\/www.karate-neuhofen.at\/wp-content\/gallery\/sommercamp-2014\/thumbs\/thumbs_img_0837.jpg\"\n               data-image-id=\"6986\"\n               data-title=\"img_0837\"\n               data-description=\"\"\n               data-image-slug=\"img_0837-2\"\n               class=\"shutterset_a6d0251e289b9d2023c6d431c5710d04\">\n                <img\n                    title=\"img_0837\"\n                    alt=\"img_0837\"\n                    src=\"http:\/\/www.karate-neuhofen.at\/wp-content\/gallery\/sommercamp-2014\/thumbs\/thumbs_img_0837.jpg\"\n                    width=\"50\"\n                    height=\"75\"\n                    style=\"max-width:100%;\"\n                \/>\n            <\/a>\n        <\/div>\n\t\t\t\t\t\t\t<\/div> \n\t\t\t\n        \n\t\t\t\t<div id=\"ngg-image-286\" class=\"ngg-gallery-thumbnail-box\" >\n\t\t\t\t        <div class=\"ngg-gallery-thumbnail\">\n            <a href=\"http:\/\/www.karate-neuhofen.at\/wp-content\/gallery\/sommercamp-2014\/img_0839.jpg\"\n               title=\"\"\n               data-src=\"http:\/\/www.karate-neuhofen.at\/wp-content\/gallery\/sommercamp-2014\/img_0839.jpg\"\n               data-thumbnail=\"http:\/\/www.karate-neuhofen.at\/wp-content\/gallery\/sommercamp-2014\/thumbs\/thumbs_img_0839.jpg\"\n               data-image-id=\"6987\"\n               data-title=\"img_0839\"\n               data-description=\"\"\n               data-image-slug=\"img_0839\"\n               class=\"shutterset_a6d0251e289b9d2023c6d431c5710d04\">\n                <img\n                    title=\"img_0839\"\n                    alt=\"img_0839\"\n                    src=\"http:\/\/www.karate-neuhofen.at\/wp-content\/gallery\/sommercamp-2014\/thumbs\/thumbs_img_0839.jpg\"\n                    width=\"50\"\n                    height=\"75\"\n                    style=\"max-width:100%;\"\n                \/>\n            <\/a>\n        <\/div>\n\t\t\t\t\t\t\t<\/div> \n\t\t\t\n        \n\t\t\t\t<div id=\"ngg-image-287\" class=\"ngg-gallery-thumbnail-box\" >\n\t\t\t\t        <div class=\"ngg-gallery-thumbnail\">\n            <a href=\"http:\/\/www.karate-neuhofen.at\/wp-content\/gallery\/sommercamp-2014\/img_0840.jpg\"\n               title=\"\"\n               data-src=\"http:\/\/www.karate-neuhofen.at\/wp-content\/gallery\/sommercamp-2014\/img_0840.jpg\"\n               data-thumbnail=\"http:\/\/www.karate-neuhofen.at\/wp-content\/gallery\/sommercamp-2014\/thumbs\/thumbs_img_0840.jpg\"\n               data-image-id=\"6988\"\n               data-title=\"img_0840\"\n               data-description=\"\"\n               data-image-slug=\"img_0840\"\n               class=\"shutterset_a6d0251e289b9d2023c6d431c5710d04\">\n                <img\n                    title=\"img_0840\"\n                    alt=\"img_0840\"\n                    src=\"http:\/\/www.karate-neuhofen.at\/wp-content\/gallery\/sommercamp-2014\/thumbs\/thumbs_img_0840.jpg\"\n                    width=\"100\"\n                    height=\"66\"\n                    style=\"max-width:100%;\"\n                \/>\n            <\/a>\n        <\/div>\n\t\t\t\t\t\t\t<\/div> \n\t\t\t\n        \n\t\t\t\t<div id=\"ngg-image-288\" class=\"ngg-gallery-thumbnail-box\" >\n\t\t\t\t        <div class=\"ngg-gallery-thumbnail\">\n            <a href=\"http:\/\/www.karate-neuhofen.at\/wp-content\/gallery\/sommercamp-2014\/img_0841.jpg\"\n               title=\"\"\n               data-src=\"http:\/\/www.karate-neuhofen.at\/wp-content\/gallery\/sommercamp-2014\/img_0841.jpg\"\n               data-thumbnail=\"http:\/\/www.karate-neuhofen.at\/wp-content\/gallery\/sommercamp-2014\/thumbs\/thumbs_img_0841.jpg\"\n               data-image-id=\"6989\"\n               data-title=\"img_0841\"\n               data-description=\"\"\n               data-image-slug=\"img_0841\"\n               class=\"shutterset_a6d0251e289b9d2023c6d431c5710d04\">\n                <img\n                    title=\"img_0841\"\n                    alt=\"img_0841\"\n                    src=\"http:\/\/www.karate-neuhofen.at\/wp-content\/gallery\/sommercamp-2014\/thumbs\/thumbs_img_0841.jpg\"\n                    width=\"50\"\n                    height=\"75\"\n                    style=\"max-width:100%;\"\n                \/>\n            <\/a>\n        <\/div>\n\t\t\t\t\t\t\t<\/div> \n\t\t\t\n        \n\t\t\t\t<div id=\"ngg-image-289\" class=\"ngg-gallery-thumbnail-box\" >\n\t\t\t\t        <div class=\"ngg-gallery-thumbnail\">\n            <a href=\"http:\/\/www.karate-neuhofen.at\/wp-content\/gallery\/sommercamp-2014\/img_0843.jpg\"\n               title=\"\"\n               data-src=\"http:\/\/www.karate-neuhofen.at\/wp-content\/gallery\/sommercamp-2014\/img_0843.jpg\"\n               data-thumbnail=\"http:\/\/www.karate-neuhofen.at\/wp-content\/gallery\/sommercamp-2014\/thumbs\/thumbs_img_0843.jpg\"\n               data-image-id=\"6990\"\n               data-title=\"img_0843\"\n               data-description=\"\"\n               data-image-slug=\"img_0843-2\"\n               class=\"shutterset_a6d0251e289b9d2023c6d431c5710d04\">\n                <img\n                    title=\"img_0843\"\n                    alt=\"img_0843\"\n                    src=\"http:\/\/www.karate-neuhofen.at\/wp-content\/gallery\/sommercamp-2014\/thumbs\/thumbs_img_0843.jpg\"\n                    width=\"50\"\n                    height=\"75\"\n                    style=\"max-width:100%;\"\n                \/>\n            <\/a>\n        <\/div>\n\t\t\t\t\t\t\t<\/div> \n\t\t\t\n        \n\t\t\t\t<div id=\"ngg-image-290\" class=\"ngg-gallery-thumbnail-box\" >\n\t\t\t\t        <div class=\"ngg-gallery-thumbnail\">\n            <a href=\"http:\/\/www.karate-neuhofen.at\/wp-content\/gallery\/sommercamp-2014\/img_0845.jpg\"\n               title=\"\"\n               data-src=\"http:\/\/www.karate-neuhofen.at\/wp-content\/gallery\/sommercamp-2014\/img_0845.jpg\"\n               data-thumbnail=\"http:\/\/www.karate-neuhofen.at\/wp-content\/gallery\/sommercamp-2014\/thumbs\/thumbs_img_0845.jpg\"\n               data-image-id=\"6992\"\n               data-title=\"img_0845\"\n               data-description=\"\"\n               data-image-slug=\"img_0845\"\n               class=\"shutterset_a6d0251e289b9d2023c6d431c5710d04\">\n                <img\n                    title=\"img_0845\"\n                    alt=\"img_0845\"\n                    src=\"http:\/\/www.karate-neuhofen.at\/wp-content\/gallery\/sommercamp-2014\/thumbs\/thumbs_img_0845.jpg\"\n                    width=\"50\"\n                    height=\"75\"\n                    style=\"max-width:100%;\"\n                \/>\n            <\/a>\n        <\/div>\n\t\t\t\t\t\t\t<\/div> \n\t\t\t\n        \n\t\t\t\t<div id=\"ngg-image-291\" class=\"ngg-gallery-thumbnail-box\" >\n\t\t\t\t        <div class=\"ngg-gallery-thumbnail\">\n            <a href=\"http:\/\/www.karate-neuhofen.at\/wp-content\/gallery\/sommercamp-2014\/img_0846.jpg\"\n               title=\"\"\n               data-src=\"http:\/\/www.karate-neuhofen.at\/wp-content\/gallery\/sommercamp-2014\/img_0846.jpg\"\n               data-thumbnail=\"http:\/\/www.karate-neuhofen.at\/wp-content\/gallery\/sommercamp-2014\/thumbs\/thumbs_img_0846.jpg\"\n               data-image-id=\"6993\"\n               data-title=\"img_0846\"\n               data-description=\"\"\n               data-image-slug=\"img_0846\"\n               class=\"shutterset_a6d0251e289b9d2023c6d431c5710d04\">\n                <img\n                    title=\"img_0846\"\n                    alt=\"img_0846\"\n                    src=\"http:\/\/www.karate-neuhofen.at\/wp-content\/gallery\/sommercamp-2014\/thumbs\/thumbs_img_0846.jpg\"\n                    width=\"50\"\n                    height=\"75\"\n                    style=\"max-width:100%;\"\n                \/>\n            <\/a>\n        <\/div>\n\t\t\t\t\t\t\t<\/div> \n\t\t\t\n        \n\t\t\t\t<div id=\"ngg-image-292\" class=\"ngg-gallery-thumbnail-box\" >\n\t\t\t\t        <div class=\"ngg-gallery-thumbnail\">\n            <a href=\"http:\/\/www.karate-neuhofen.at\/wp-content\/gallery\/sommercamp-2014\/img_0849.jpg\"\n               title=\"\"\n               data-src=\"http:\/\/www.karate-neuhofen.at\/wp-content\/gallery\/sommercamp-2014\/img_0849.jpg\"\n               data-thumbnail=\"http:\/\/www.karate-neuhofen.at\/wp-content\/gallery\/sommercamp-2014\/thumbs\/thumbs_img_0849.jpg\"\n               data-image-id=\"6994\"\n               data-title=\"img_0849\"\n               data-description=\"\"\n               data-image-slug=\"img_0849\"\n               class=\"shutterset_a6d0251e289b9d2023c6d431c5710d04\">\n                <img\n                    title=\"img_0849\"\n                    alt=\"img_0849\"\n                    src=\"http:\/\/www.karate-neuhofen.at\/wp-content\/gallery\/sommercamp-2014\/thumbs\/thumbs_img_0849.jpg\"\n                    width=\"50\"\n                    height=\"75\"\n                    style=\"max-width:100%;\"\n                \/>\n            <\/a>\n        <\/div>\n\t\t\t\t\t\t\t<\/div> \n\t\t\t\n        \n\t\t\t\t<div id=\"ngg-image-293\" class=\"ngg-gallery-thumbnail-box\" >\n\t\t\t\t        <div class=\"ngg-gallery-thumbnail\">\n            <a href=\"http:\/\/www.karate-neuhofen.at\/wp-content\/gallery\/sommercamp-2014\/img_0851.jpg\"\n               title=\"\"\n               data-src=\"http:\/\/www.karate-neuhofen.at\/wp-content\/gallery\/sommercamp-2014\/img_0851.jpg\"\n               data-thumbnail=\"http:\/\/www.karate-neuhofen.at\/wp-content\/gallery\/sommercamp-2014\/thumbs\/thumbs_img_0851.jpg\"\n               data-image-id=\"6996\"\n               data-title=\"img_0851\"\n               data-description=\"\"\n               data-image-slug=\"img_0851-2\"\n               class=\"shutterset_a6d0251e289b9d2023c6d431c5710d04\">\n                <img\n                    title=\"img_0851\"\n                    alt=\"img_0851\"\n                    src=\"http:\/\/www.karate-neuhofen.at\/wp-content\/gallery\/sommercamp-2014\/thumbs\/thumbs_img_0851.jpg\"\n                    width=\"100\"\n                    height=\"66\"\n                    style=\"max-width:100%;\"\n                \/>\n            <\/a>\n        <\/div>\n\t\t\t\t\t\t\t<\/div> \n\t\t\t\n        \n\t\t\t\t<div id=\"ngg-image-294\" class=\"ngg-gallery-thumbnail-box\" >\n\t\t\t\t        <div class=\"ngg-gallery-thumbnail\">\n            <a href=\"http:\/\/www.karate-neuhofen.at\/wp-content\/gallery\/sommercamp-2014\/img_0852.jpg\"\n               title=\"\"\n               data-src=\"http:\/\/www.karate-neuhofen.at\/wp-content\/gallery\/sommercamp-2014\/img_0852.jpg\"\n               data-thumbnail=\"http:\/\/www.karate-neuhofen.at\/wp-content\/gallery\/sommercamp-2014\/thumbs\/thumbs_img_0852.jpg\"\n               data-image-id=\"6997\"\n               data-title=\"img_0852\"\n               data-description=\"\"\n               data-image-slug=\"img_0852\"\n               class=\"shutterset_a6d0251e289b9d2023c6d431c5710d04\">\n                <img\n                    title=\"img_0852\"\n                    alt=\"img_0852\"\n                    src=\"http:\/\/www.karate-neuhofen.at\/wp-content\/gallery\/sommercamp-2014\/thumbs\/thumbs_img_0852.jpg\"\n                    width=\"100\"\n                    height=\"66\"\n                    style=\"max-width:100%;\"\n                \/>\n            <\/a>\n        <\/div>\n\t\t\t\t\t\t\t<\/div> \n\t\t\t\n        \n\t\t\t\t<div id=\"ngg-image-295\" class=\"ngg-gallery-thumbnail-box\" >\n\t\t\t\t        <div class=\"ngg-gallery-thumbnail\">\n            <a href=\"http:\/\/www.karate-neuhofen.at\/wp-content\/gallery\/sommercamp-2014\/img_0853.jpg\"\n               title=\"\"\n               data-src=\"http:\/\/www.karate-neuhofen.at\/wp-content\/gallery\/sommercamp-2014\/img_0853.jpg\"\n               data-thumbnail=\"http:\/\/www.karate-neuhofen.at\/wp-content\/gallery\/sommercamp-2014\/thumbs\/thumbs_img_0853.jpg\"\n               data-image-id=\"6998\"\n               data-title=\"img_0853\"\n               data-description=\"\"\n               data-image-slug=\"img_0853-2\"\n               class=\"shutterset_a6d0251e289b9d2023c6d431c5710d04\">\n                <img\n                    title=\"img_0853\"\n                    alt=\"img_0853\"\n                    src=\"http:\/\/www.karate-neuhofen.at\/wp-content\/gallery\/sommercamp-2014\/thumbs\/thumbs_img_0853.jpg\"\n                    width=\"50\"\n                    height=\"75\"\n                    style=\"max-width:100%;\"\n                \/>\n            <\/a>\n        <\/div>\n\t\t\t\t\t\t\t<\/div> \n\t\t\t\n        \n\t\t\t\t<div id=\"ngg-image-296\" class=\"ngg-gallery-thumbnail-box\" >\n\t\t\t\t        <div class=\"ngg-gallery-thumbnail\">\n            <a href=\"http:\/\/www.karate-neuhofen.at\/wp-content\/gallery\/sommercamp-2014\/img_0855.jpg\"\n               title=\"\"\n               data-src=\"http:\/\/www.karate-neuhofen.at\/wp-content\/gallery\/sommercamp-2014\/img_0855.jpg\"\n               data-thumbnail=\"http:\/\/www.karate-neuhofen.at\/wp-content\/gallery\/sommercamp-2014\/thumbs\/thumbs_img_0855.jpg\"\n               data-image-id=\"6999\"\n               data-title=\"img_0855\"\n               data-description=\"\"\n               data-image-slug=\"img_0855\"\n               class=\"shutterset_a6d0251e289b9d2023c6d431c5710d04\">\n                <img\n                    title=\"img_0855\"\n                    alt=\"img_0855\"\n                    src=\"http:\/\/www.karate-neuhofen.at\/wp-content\/gallery\/sommercamp-2014\/thumbs\/thumbs_img_0855.jpg\"\n                    width=\"50\"\n                    height=\"75\"\n                    style=\"max-width:100%;\"\n                \/>\n            <\/a>\n        <\/div>\n\t\t\t\t\t\t\t<\/div> \n\t\t\t\n        \n\t\t\t\t<div id=\"ngg-image-297\" class=\"ngg-gallery-thumbnail-box\" >\n\t\t\t\t        <div class=\"ngg-gallery-thumbnail\">\n            <a href=\"http:\/\/www.karate-neuhofen.at\/wp-content\/gallery\/sommercamp-2014\/img_0857.jpg\"\n               title=\"\"\n               data-src=\"http:\/\/www.karate-neuhofen.at\/wp-content\/gallery\/sommercamp-2014\/img_0857.jpg\"\n               data-thumbnail=\"http:\/\/www.karate-neuhofen.at\/wp-content\/gallery\/sommercamp-2014\/thumbs\/thumbs_img_0857.jpg\"\n               data-image-id=\"7000\"\n               data-title=\"img_0857\"\n               data-description=\"\"\n               data-image-slug=\"img_0857\"\n               class=\"shutterset_a6d0251e289b9d2023c6d431c5710d04\">\n                <img\n                    title=\"img_0857\"\n                    alt=\"img_0857\"\n                    src=\"http:\/\/www.karate-neuhofen.at\/wp-content\/gallery\/sommercamp-2014\/thumbs\/thumbs_img_0857.jpg\"\n                    width=\"100\"\n                    height=\"66\"\n                    style=\"max-width:100%;\"\n                \/>\n            <\/a>\n        <\/div>\n\t\t\t\t\t\t\t<\/div> \n\t\t\t\n        \n\t\t\t\t<div id=\"ngg-image-298\" class=\"ngg-gallery-thumbnail-box\" >\n\t\t\t\t        <div class=\"ngg-gallery-thumbnail\">\n            <a href=\"http:\/\/www.karate-neuhofen.at\/wp-content\/gallery\/sommercamp-2014\/img_0858.jpg\"\n               title=\"\"\n               data-src=\"http:\/\/www.karate-neuhofen.at\/wp-content\/gallery\/sommercamp-2014\/img_0858.jpg\"\n               data-thumbnail=\"http:\/\/www.karate-neuhofen.at\/wp-content\/gallery\/sommercamp-2014\/thumbs\/thumbs_img_0858.jpg\"\n               data-image-id=\"7001\"\n               data-title=\"img_0858\"\n               data-description=\"\"\n               data-image-slug=\"img_0858\"\n               class=\"shutterset_a6d0251e289b9d2023c6d431c5710d04\">\n                <img\n                    title=\"img_0858\"\n                    alt=\"img_0858\"\n                    src=\"http:\/\/www.karate-neuhofen.at\/wp-content\/gallery\/sommercamp-2014\/thumbs\/thumbs_img_0858.jpg\"\n                    width=\"100\"\n                    height=\"66\"\n                    style=\"max-width:100%;\"\n                \/>\n            <\/a>\n        <\/div>\n\t\t\t\t\t\t\t<\/div> \n\t\t\t\n        \n\t\t\t\t<div id=\"ngg-image-299\" class=\"ngg-gallery-thumbnail-box\" >\n\t\t\t\t        <div class=\"ngg-gallery-thumbnail\">\n            <a href=\"http:\/\/www.karate-neuhofen.at\/wp-content\/gallery\/sommercamp-2014\/img_0860.jpg\"\n               title=\"\"\n               data-src=\"http:\/\/www.karate-neuhofen.at\/wp-content\/gallery\/sommercamp-2014\/img_0860.jpg\"\n               data-thumbnail=\"http:\/\/www.karate-neuhofen.at\/wp-content\/gallery\/sommercamp-2014\/thumbs\/thumbs_img_0860.jpg\"\n               data-image-id=\"7002\"\n               data-title=\"img_0860\"\n               data-description=\"\"\n               data-image-slug=\"img_0860\"\n               class=\"shutterset_a6d0251e289b9d2023c6d431c5710d04\">\n                <img\n                    title=\"img_0860\"\n                    alt=\"img_0860\"\n                    src=\"http:\/\/www.karate-neuhofen.at\/wp-content\/gallery\/sommercamp-2014\/thumbs\/thumbs_img_0860.jpg\"\n                    width=\"100\"\n                    height=\"66\"\n                    style=\"max-width:100%;\"\n                \/>\n            <\/a>\n        <\/div>\n\t\t\t\t\t\t\t<\/div> \n\t\t\t\n        \n\t\t\t\t<div id=\"ngg-image-300\" class=\"ngg-gallery-thumbnail-box\" >\n\t\t\t\t        <div class=\"ngg-gallery-thumbnail\">\n            <a href=\"http:\/\/www.karate-neuhofen.at\/wp-content\/gallery\/sommercamp-2014\/img_0872.jpg\"\n               title=\"\"\n               data-src=\"http:\/\/www.karate-neuhofen.at\/wp-content\/gallery\/sommercamp-2014\/img_0872.jpg\"\n               data-thumbnail=\"http:\/\/www.karate-neuhofen.at\/wp-content\/gallery\/sommercamp-2014\/thumbs\/thumbs_img_0872.jpg\"\n               data-image-id=\"7005\"\n               data-title=\"img_0872\"\n               data-description=\"\"\n               data-image-slug=\"img_0872\"\n               class=\"shutterset_a6d0251e289b9d2023c6d431c5710d04\">\n                <img\n                    title=\"img_0872\"\n                    alt=\"img_0872\"\n                    src=\"http:\/\/www.karate-neuhofen.at\/wp-content\/gallery\/sommercamp-2014\/thumbs\/thumbs_img_0872.jpg\"\n                    width=\"100\"\n                    height=\"66\"\n                    style=\"max-width:100%;\"\n                \/>\n            <\/a>\n        <\/div>\n\t\t\t\t\t\t\t<\/div> \n\t\t\t\n        \n\t\t\t\t<div id=\"ngg-image-301\" class=\"ngg-gallery-thumbnail-box\" >\n\t\t\t\t        <div class=\"ngg-gallery-thumbnail\">\n            <a href=\"http:\/\/www.karate-neuhofen.at\/wp-content\/gallery\/sommercamp-2014\/img_0873.jpg\"\n               title=\"\"\n               data-src=\"http:\/\/www.karate-neuhofen.at\/wp-content\/gallery\/sommercamp-2014\/img_0873.jpg\"\n               data-thumbnail=\"http:\/\/www.karate-neuhofen.at\/wp-content\/gallery\/sommercamp-2014\/thumbs\/thumbs_img_0873.jpg\"\n               data-image-id=\"7006\"\n               data-title=\"img_0873\"\n               data-description=\"\"\n               data-image-slug=\"img_0873\"\n               class=\"shutterset_a6d0251e289b9d2023c6d431c5710d04\">\n                <img\n                    title=\"img_0873\"\n                    alt=\"img_0873\"\n                    src=\"http:\/\/www.karate-neuhofen.at\/wp-content\/gallery\/sommercamp-2014\/thumbs\/thumbs_img_0873.jpg\"\n                    width=\"100\"\n                    height=\"66\"\n                    style=\"max-width:100%;\"\n                \/>\n            <\/a>\n        <\/div>\n\t\t\t\t\t\t\t<\/div> \n\t\t\t\n        \n\t\t\t\t<div id=\"ngg-image-302\" class=\"ngg-gallery-thumbnail-box\" >\n\t\t\t\t        <div class=\"ngg-gallery-thumbnail\">\n            <a href=\"http:\/\/www.karate-neuhofen.at\/wp-content\/gallery\/sommercamp-2014\/img_0875.jpg\"\n               title=\"\"\n               data-src=\"http:\/\/www.karate-neuhofen.at\/wp-content\/gallery\/sommercamp-2014\/img_0875.jpg\"\n               data-thumbnail=\"http:\/\/www.karate-neuhofen.at\/wp-content\/gallery\/sommercamp-2014\/thumbs\/thumbs_img_0875.jpg\"\n               data-image-id=\"7007\"\n               data-title=\"img_0875\"\n               data-description=\"\"\n               data-image-slug=\"img_0875-2\"\n               class=\"shutterset_a6d0251e289b9d2023c6d431c5710d04\">\n                <img\n                    title=\"img_0875\"\n                    alt=\"img_0875\"\n                    src=\"http:\/\/www.karate-neuhofen.at\/wp-content\/gallery\/sommercamp-2014\/thumbs\/thumbs_img_0875.jpg\"\n                    width=\"50\"\n                    height=\"75\"\n                    style=\"max-width:100%;\"\n                \/>\n            <\/a>\n        <\/div>\n\t\t\t\t\t\t\t<\/div> \n\t\t\t\n        \n\t\t\t\t<div id=\"ngg-image-303\" class=\"ngg-gallery-thumbnail-box\" >\n\t\t\t\t        <div class=\"ngg-gallery-thumbnail\">\n            <a href=\"http:\/\/www.karate-neuhofen.at\/wp-content\/gallery\/sommercamp-2014\/img_0879.jpg\"\n               title=\"\"\n               data-src=\"http:\/\/www.karate-neuhofen.at\/wp-content\/gallery\/sommercamp-2014\/img_0879.jpg\"\n               data-thumbnail=\"http:\/\/www.karate-neuhofen.at\/wp-content\/gallery\/sommercamp-2014\/thumbs\/thumbs_img_0879.jpg\"\n               data-image-id=\"7009\"\n               data-title=\"img_0879\"\n               data-description=\"\"\n               data-image-slug=\"img_0879\"\n               class=\"shutterset_a6d0251e289b9d2023c6d431c5710d04\">\n                <img\n                    title=\"img_0879\"\n                    alt=\"img_0879\"\n                    src=\"http:\/\/www.karate-neuhofen.at\/wp-content\/gallery\/sommercamp-2014\/thumbs\/thumbs_img_0879.jpg\"\n                    width=\"100\"\n                    height=\"66\"\n                    style=\"max-width:100%;\"\n                \/>\n            <\/a>\n        <\/div>\n\t\t\t\t\t\t\t<\/div> \n\t\t\t\n        \n\t\t\t\t<div id=\"ngg-image-304\" class=\"ngg-gallery-thumbnail-box\" >\n\t\t\t\t        <div class=\"ngg-gallery-thumbnail\">\n            <a href=\"http:\/\/www.karate-neuhofen.at\/wp-content\/gallery\/sommercamp-2014\/img_0884.jpg\"\n               title=\"\"\n               data-src=\"http:\/\/www.karate-neuhofen.at\/wp-content\/gallery\/sommercamp-2014\/img_0884.jpg\"\n               data-thumbnail=\"http:\/\/www.karate-neuhofen.at\/wp-content\/gallery\/sommercamp-2014\/thumbs\/thumbs_img_0884.jpg\"\n               data-image-id=\"7011\"\n               data-title=\"img_0884\"\n               data-description=\"\"\n               data-image-slug=\"img_0884-2\"\n               class=\"shutterset_a6d0251e289b9d2023c6d431c5710d04\">\n                <img\n                    title=\"img_0884\"\n                    alt=\"img_0884\"\n                    src=\"http:\/\/www.karate-neuhofen.at\/wp-content\/gallery\/sommercamp-2014\/thumbs\/thumbs_img_0884.jpg\"\n                    width=\"100\"\n                    height=\"66\"\n                    style=\"max-width:100%;\"\n                \/>\n            <\/a>\n        <\/div>\n\t\t\t\t\t\t\t<\/div> \n\t\t\t\n        \n\t\t\t\t<div id=\"ngg-image-305\" class=\"ngg-gallery-thumbnail-box\" >\n\t\t\t\t        <div class=\"ngg-gallery-thumbnail\">\n            <a href=\"http:\/\/www.karate-neuhofen.at\/wp-content\/gallery\/sommercamp-2014\/img_0887.jpg\"\n               title=\"\"\n               data-src=\"http:\/\/www.karate-neuhofen.at\/wp-content\/gallery\/sommercamp-2014\/img_0887.jpg\"\n               data-thumbnail=\"http:\/\/www.karate-neuhofen.at\/wp-content\/gallery\/sommercamp-2014\/thumbs\/thumbs_img_0887.jpg\"\n               data-image-id=\"7012\"\n               data-title=\"img_0887\"\n               data-description=\"\"\n               data-image-slug=\"img_0887\"\n               class=\"shutterset_a6d0251e289b9d2023c6d431c5710d04\">\n                <img\n                    title=\"img_0887\"\n                    alt=\"img_0887\"\n                    src=\"http:\/\/www.karate-neuhofen.at\/wp-content\/gallery\/sommercamp-2014\/thumbs\/thumbs_img_0887.jpg\"\n                    width=\"100\"\n                    height=\"66\"\n                    style=\"max-width:100%;\"\n                \/>\n            <\/a>\n        <\/div>\n\t\t\t\t\t\t\t<\/div> \n\t\t\t\n        \n\t\t\t\t<div id=\"ngg-image-306\" class=\"ngg-gallery-thumbnail-box\" >\n\t\t\t\t        <div class=\"ngg-gallery-thumbnail\">\n            <a href=\"http:\/\/www.karate-neuhofen.at\/wp-content\/gallery\/sommercamp-2014\/img_0894.jpg\"\n               title=\"\"\n               data-src=\"http:\/\/www.karate-neuhofen.at\/wp-content\/gallery\/sommercamp-2014\/img_0894.jpg\"\n               data-thumbnail=\"http:\/\/www.karate-neuhofen.at\/wp-content\/gallery\/sommercamp-2014\/thumbs\/thumbs_img_0894.jpg\"\n               data-image-id=\"7013\"\n               data-title=\"img_0894\"\n               data-description=\"\"\n               data-image-slug=\"img_0894\"\n               class=\"shutterset_a6d0251e289b9d2023c6d431c5710d04\">\n                <img\n                    title=\"img_0894\"\n                    alt=\"img_0894\"\n                    src=\"http:\/\/www.karate-neuhofen.at\/wp-content\/gallery\/sommercamp-2014\/thumbs\/thumbs_img_0894.jpg\"\n                    width=\"100\"\n                    height=\"66\"\n                    style=\"max-width:100%;\"\n                \/>\n            <\/a>\n        <\/div>\n\t\t\t\t\t\t\t<\/div> \n\t\t\t\n        \n\t\t\t\t<div id=\"ngg-image-307\" class=\"ngg-gallery-thumbnail-box\" >\n\t\t\t\t        <div class=\"ngg-gallery-thumbnail\">\n            <a href=\"http:\/\/www.karate-neuhofen.at\/wp-content\/gallery\/sommercamp-2014\/img_0896.jpg\"\n               title=\"\"\n               data-src=\"http:\/\/www.karate-neuhofen.at\/wp-content\/gallery\/sommercamp-2014\/img_0896.jpg\"\n               data-thumbnail=\"http:\/\/www.karate-neuhofen.at\/wp-content\/gallery\/sommercamp-2014\/thumbs\/thumbs_img_0896.jpg\"\n               data-image-id=\"7014\"\n               data-title=\"img_0896\"\n               data-description=\"\"\n               data-image-slug=\"img_0896\"\n               class=\"shutterset_a6d0251e289b9d2023c6d431c5710d04\">\n                <img\n                    title=\"img_0896\"\n                    alt=\"img_0896\"\n                    src=\"http:\/\/www.karate-neuhofen.at\/wp-content\/gallery\/sommercamp-2014\/thumbs\/thumbs_img_0896.jpg\"\n                    width=\"100\"\n                    height=\"66\"\n                    style=\"max-width:100%;\"\n                \/>\n            <\/a>\n        <\/div>\n\t\t\t\t\t\t\t<\/div> \n\t\t\t\n        \n\t\t\t\t<div id=\"ngg-image-308\" class=\"ngg-gallery-thumbnail-box\" >\n\t\t\t\t        <div class=\"ngg-gallery-thumbnail\">\n            <a href=\"http:\/\/www.karate-neuhofen.at\/wp-content\/gallery\/sommercamp-2014\/img_0897.jpg\"\n               title=\"\"\n               data-src=\"http:\/\/www.karate-neuhofen.at\/wp-content\/gallery\/sommercamp-2014\/img_0897.jpg\"\n               data-thumbnail=\"http:\/\/www.karate-neuhofen.at\/wp-content\/gallery\/sommercamp-2014\/thumbs\/thumbs_img_0897.jpg\"\n               data-image-id=\"7015\"\n               data-title=\"img_0897\"\n               data-description=\"\"\n               data-image-slug=\"img_0897\"\n               class=\"shutterset_a6d0251e289b9d2023c6d431c5710d04\">\n                <img\n                    title=\"img_0897\"\n                    alt=\"img_0897\"\n                    src=\"http:\/\/www.karate-neuhofen.at\/wp-content\/gallery\/sommercamp-2014\/thumbs\/thumbs_img_0897.jpg\"\n                    width=\"100\"\n                    height=\"66\"\n                    style=\"max-width:100%;\"\n                \/>\n            <\/a>\n        <\/div>\n\t\t\t\t\t\t\t<\/div> \n\t\t\t\n        \n\t\t\t\t<div id=\"ngg-image-309\" class=\"ngg-gallery-thumbnail-box\" >\n\t\t\t\t        <div class=\"ngg-gallery-thumbnail\">\n            <a href=\"http:\/\/www.karate-neuhofen.at\/wp-content\/gallery\/sommercamp-2014\/img_0898.jpg\"\n               title=\"\"\n               data-src=\"http:\/\/www.karate-neuhofen.at\/wp-content\/gallery\/sommercamp-2014\/img_0898.jpg\"\n               data-thumbnail=\"http:\/\/www.karate-neuhofen.at\/wp-content\/gallery\/sommercamp-2014\/thumbs\/thumbs_img_0898.jpg\"\n               data-image-id=\"7016\"\n               data-title=\"img_0898\"\n               data-description=\"\"\n               data-image-slug=\"img_0898\"\n               class=\"shutterset_a6d0251e289b9d2023c6d431c5710d04\">\n                <img\n                    title=\"img_0898\"\n                    alt=\"img_0898\"\n                    src=\"http:\/\/www.karate-neuhofen.at\/wp-content\/gallery\/sommercamp-2014\/thumbs\/thumbs_img_0898.jpg\"\n                    width=\"100\"\n                    height=\"66\"\n                    style=\"max-width:100%;\"\n                \/>\n            <\/a>\n        <\/div>\n\t\t\t\t\t\t\t<\/div> \n\t\t\t\n        \n\t\t\t\t<div id=\"ngg-image-310\" class=\"ngg-gallery-thumbnail-box\" >\n\t\t\t\t        <div class=\"ngg-gallery-thumbnail\">\n            <a href=\"http:\/\/www.karate-neuhofen.at\/wp-content\/gallery\/sommercamp-2014\/img_0899.jpg\"\n               title=\"\"\n               data-src=\"http:\/\/www.karate-neuhofen.at\/wp-content\/gallery\/sommercamp-2014\/img_0899.jpg\"\n               data-thumbnail=\"http:\/\/www.karate-neuhofen.at\/wp-content\/gallery\/sommercamp-2014\/thumbs\/thumbs_img_0899.jpg\"\n               data-image-id=\"7017\"\n               data-title=\"img_0899\"\n               data-description=\"\"\n               data-image-slug=\"img_0899\"\n               class=\"shutterset_a6d0251e289b9d2023c6d431c5710d04\">\n                <img\n                    title=\"img_0899\"\n                    alt=\"img_0899\"\n                    src=\"http:\/\/www.karate-neuhofen.at\/wp-content\/gallery\/sommercamp-2014\/thumbs\/thumbs_img_0899.jpg\"\n                    width=\"50\"\n                    height=\"75\"\n                    style=\"max-width:100%;\"\n                \/>\n            <\/a>\n        <\/div>\n\t\t\t\t\t\t\t<\/div> \n\t\t\t\n        \n\t\t\t\t<div id=\"ngg-image-311\" class=\"ngg-gallery-thumbnail-box\" >\n\t\t\t\t        <div class=\"ngg-gallery-thumbnail\">\n            <a href=\"http:\/\/www.karate-neuhofen.at\/wp-content\/gallery\/sommercamp-2014\/img_0902.jpg\"\n               title=\"\"\n               data-src=\"http:\/\/www.karate-neuhofen.at\/wp-content\/gallery\/sommercamp-2014\/img_0902.jpg\"\n               data-thumbnail=\"http:\/\/www.karate-neuhofen.at\/wp-content\/gallery\/sommercamp-2014\/thumbs\/thumbs_img_0902.jpg\"\n               data-image-id=\"7018\"\n               data-title=\"img_0902\"\n               data-description=\"\"\n               data-image-slug=\"img_0902-2\"\n               class=\"shutterset_a6d0251e289b9d2023c6d431c5710d04\">\n                <img\n                    title=\"img_0902\"\n                    alt=\"img_0902\"\n                    src=\"http:\/\/www.karate-neuhofen.at\/wp-content\/gallery\/sommercamp-2014\/thumbs\/thumbs_img_0902.jpg\"\n                    width=\"100\"\n                    height=\"66\"\n                    style=\"max-width:100%;\"\n                \/>\n            <\/a>\n        <\/div>\n\t\t\t\t\t\t\t<\/div> \n\t\t\t\n        \n\t\t\t\t<div id=\"ngg-image-312\" class=\"ngg-gallery-thumbnail-box\" >\n\t\t\t\t        <div class=\"ngg-gallery-thumbnail\">\n            <a href=\"http:\/\/www.karate-neuhofen.at\/wp-content\/gallery\/sommercamp-2014\/img_0908.jpg\"\n               title=\"\"\n               data-src=\"http:\/\/www.karate-neuhofen.at\/wp-content\/gallery\/sommercamp-2014\/img_0908.jpg\"\n               data-thumbnail=\"http:\/\/www.karate-neuhofen.at\/wp-content\/gallery\/sommercamp-2014\/thumbs\/thumbs_img_0908.jpg\"\n               data-image-id=\"7019\"\n               data-title=\"img_0908\"\n               data-description=\"\"\n               data-image-slug=\"img_0908-2\"\n               class=\"shutterset_a6d0251e289b9d2023c6d431c5710d04\">\n                <img\n                    title=\"img_0908\"\n                    alt=\"img_0908\"\n                    src=\"http:\/\/www.karate-neuhofen.at\/wp-content\/gallery\/sommercamp-2014\/thumbs\/thumbs_img_0908.jpg\"\n                    width=\"50\"\n                    height=\"75\"\n                    style=\"max-width:100%;\"\n                \/>\n            <\/a>\n        <\/div>\n\t\t\t\t\t\t\t<\/div> \n\t\t\t\n        \n\t\t\t\t<div id=\"ngg-image-313\" class=\"ngg-gallery-thumbnail-box\" >\n\t\t\t\t        <div class=\"ngg-gallery-thumbnail\">\n            <a href=\"http:\/\/www.karate-neuhofen.at\/wp-content\/gallery\/sommercamp-2014\/img_0918.jpg\"\n               title=\"\"\n               data-src=\"http:\/\/www.karate-neuhofen.at\/wp-content\/gallery\/sommercamp-2014\/img_0918.jpg\"\n               data-thumbnail=\"http:\/\/www.karate-neuhofen.at\/wp-content\/gallery\/sommercamp-2014\/thumbs\/thumbs_img_0918.jpg\"\n               data-image-id=\"7020\"\n               data-title=\"img_0918\"\n               data-description=\"\"\n               data-image-slug=\"img_0918\"\n               class=\"shutterset_a6d0251e289b9d2023c6d431c5710d04\">\n                <img\n                    title=\"img_0918\"\n                    alt=\"img_0918\"\n                    src=\"http:\/\/www.karate-neuhofen.at\/wp-content\/gallery\/sommercamp-2014\/thumbs\/thumbs_img_0918.jpg\"\n                    width=\"100\"\n                    height=\"66\"\n                    style=\"max-width:100%;\"\n                \/>\n            <\/a>\n        <\/div>\n\t\t\t\t\t\t\t<\/div> \n\t\t\t\n        \n\t\t\t\t<div id=\"ngg-image-314\" class=\"ngg-gallery-thumbnail-box\" >\n\t\t\t\t        <div class=\"ngg-gallery-thumbnail\">\n            <a href=\"http:\/\/www.karate-neuhofen.at\/wp-content\/gallery\/sommercamp-2014\/img_0921.jpg\"\n               title=\"\"\n               data-src=\"http:\/\/www.karate-neuhofen.at\/wp-content\/gallery\/sommercamp-2014\/img_0921.jpg\"\n               data-thumbnail=\"http:\/\/www.karate-neuhofen.at\/wp-content\/gallery\/sommercamp-2014\/thumbs\/thumbs_img_0921.jpg\"\n               data-image-id=\"7021\"\n               data-title=\"img_0921\"\n               data-description=\"\"\n               data-image-slug=\"img_0921\"\n               class=\"shutterset_a6d0251e289b9d2023c6d431c5710d04\">\n                <img\n                    title=\"img_0921\"\n                    alt=\"img_0921\"\n                    src=\"http:\/\/www.karate-neuhofen.at\/wp-content\/gallery\/sommercamp-2014\/thumbs\/thumbs_img_0921.jpg\"\n                    width=\"100\"\n                    height=\"66\"\n                    style=\"max-width:100%;\"\n                \/>\n            <\/a>\n        <\/div>\n\t\t\t\t\t\t\t<\/div> \n\t\t\t\n        \n\t\t\t\t<div id=\"ngg-image-315\" class=\"ngg-gallery-thumbnail-box\" >\n\t\t\t\t        <div class=\"ngg-gallery-thumbnail\">\n            <a href=\"http:\/\/www.karate-neuhofen.at\/wp-content\/gallery\/sommercamp-2014\/img_0922.jpg\"\n               title=\"\"\n               data-src=\"http:\/\/www.karate-neuhofen.at\/wp-content\/gallery\/sommercamp-2014\/img_0922.jpg\"\n               data-thumbnail=\"http:\/\/www.karate-neuhofen.at\/wp-content\/gallery\/sommercamp-2014\/thumbs\/thumbs_img_0922.jpg\"\n               data-image-id=\"7022\"\n               data-title=\"img_0922\"\n               data-description=\"\"\n               data-image-slug=\"img_0922\"\n               class=\"shutterset_a6d0251e289b9d2023c6d431c5710d04\">\n                <img\n                    title=\"img_0922\"\n                    alt=\"img_0922\"\n                    src=\"http:\/\/www.karate-neuhofen.at\/wp-content\/gallery\/sommercamp-2014\/thumbs\/thumbs_img_0922.jpg\"\n                    width=\"100\"\n                    height=\"66\"\n                    style=\"max-width:100%;\"\n                \/>\n            <\/a>\n        <\/div>\n\t\t\t\t\t\t\t<\/div> \n\t\t\t\n        \n\t\t\t\t<div id=\"ngg-image-316\" class=\"ngg-gallery-thumbnail-box\" >\n\t\t\t\t        <div class=\"ngg-gallery-thumbnail\">\n            <a href=\"http:\/\/www.karate-neuhofen.at\/wp-content\/gallery\/sommercamp-2014\/img_0927.jpg\"\n               title=\"\"\n               data-src=\"http:\/\/www.karate-neuhofen.at\/wp-content\/gallery\/sommercamp-2014\/img_0927.jpg\"\n               data-thumbnail=\"http:\/\/www.karate-neuhofen.at\/wp-content\/gallery\/sommercamp-2014\/thumbs\/thumbs_img_0927.jpg\"\n               data-image-id=\"7023\"\n               data-title=\"img_0927\"\n               data-description=\"\"\n               data-image-slug=\"img_0927\"\n               class=\"shutterset_a6d0251e289b9d2023c6d431c5710d04\">\n                <img\n                    title=\"img_0927\"\n                    alt=\"img_0927\"\n                    src=\"http:\/\/www.karate-neuhofen.at\/wp-content\/gallery\/sommercamp-2014\/thumbs\/thumbs_img_0927.jpg\"\n                    width=\"100\"\n                    height=\"66\"\n                    style=\"max-width:100%;\"\n                \/>\n            <\/a>\n        <\/div>\n\t\t\t\t\t\t\t<\/div> \n\t\t\t\n        \n\t\t\t\t<div id=\"ngg-image-317\" class=\"ngg-gallery-thumbnail-box\" >\n\t\t\t\t        <div class=\"ngg-gallery-thumbnail\">\n            <a href=\"http:\/\/www.karate-neuhofen.at\/wp-content\/gallery\/sommercamp-2014\/img_0935.jpg\"\n               title=\"\"\n               data-src=\"http:\/\/www.karate-neuhofen.at\/wp-content\/gallery\/sommercamp-2014\/img_0935.jpg\"\n               data-thumbnail=\"http:\/\/www.karate-neuhofen.at\/wp-content\/gallery\/sommercamp-2014\/thumbs\/thumbs_img_0935.jpg\"\n               data-image-id=\"7024\"\n               data-title=\"img_0935\"\n               data-description=\"\"\n               data-image-slug=\"img_0935\"\n               class=\"shutterset_a6d0251e289b9d2023c6d431c5710d04\">\n                <img\n                    title=\"img_0935\"\n                    alt=\"img_0935\"\n                    src=\"http:\/\/www.karate-neuhofen.at\/wp-content\/gallery\/sommercamp-2014\/thumbs\/thumbs_img_0935.jpg\"\n                    width=\"100\"\n                    height=\"66\"\n                    style=\"max-width:100%;\"\n                \/>\n            <\/a>\n        <\/div>\n\t\t\t\t\t\t\t<\/div> \n\t\t\t\n        \n\t\t\t\t<div id=\"ngg-image-318\" class=\"ngg-gallery-thumbnail-box\" >\n\t\t\t\t        <div class=\"ngg-gallery-thumbnail\">\n            <a href=\"http:\/\/www.karate-neuhofen.at\/wp-content\/gallery\/sommercamp-2014\/img_0936.jpg\"\n               title=\"\"\n               data-src=\"http:\/\/www.karate-neuhofen.at\/wp-content\/gallery\/sommercamp-2014\/img_0936.jpg\"\n               data-thumbnail=\"http:\/\/www.karate-neuhofen.at\/wp-content\/gallery\/sommercamp-2014\/thumbs\/thumbs_img_0936.jpg\"\n               data-image-id=\"7025\"\n               data-title=\"img_0936\"\n               data-description=\"\"\n               data-image-slug=\"img_0936\"\n               class=\"shutterset_a6d0251e289b9d2023c6d431c5710d04\">\n                <img\n                    title=\"img_0936\"\n                    alt=\"img_0936\"\n                    src=\"http:\/\/www.karate-neuhofen.at\/wp-content\/gallery\/sommercamp-2014\/thumbs\/thumbs_img_0936.jpg\"\n                    width=\"100\"\n                    height=\"66\"\n                    style=\"max-width:100%;\"\n                \/>\n            <\/a>\n        <\/div>\n\t\t\t\t\t\t\t<\/div> \n\t\t\t\n        \n\t\t\t\t<div id=\"ngg-image-319\" class=\"ngg-gallery-thumbnail-box\" >\n\t\t\t\t        <div class=\"ngg-gallery-thumbnail\">\n            <a href=\"http:\/\/www.karate-neuhofen.at\/wp-content\/gallery\/sommercamp-2014\/img_0937.jpg\"\n               title=\"\"\n               data-src=\"http:\/\/www.karate-neuhofen.at\/wp-content\/gallery\/sommercamp-2014\/img_0937.jpg\"\n               data-thumbnail=\"http:\/\/www.karate-neuhofen.at\/wp-content\/gallery\/sommercamp-2014\/thumbs\/thumbs_img_0937.jpg\"\n               data-image-id=\"7026\"\n               data-title=\"img_0937\"\n               data-description=\"\"\n               data-image-slug=\"img_0937\"\n               class=\"shutterset_a6d0251e289b9d2023c6d431c5710d04\">\n                <img\n                    title=\"img_0937\"\n                    alt=\"img_0937\"\n                    src=\"http:\/\/www.karate-neuhofen.at\/wp-content\/gallery\/sommercamp-2014\/thumbs\/thumbs_img_0937.jpg\"\n                    width=\"100\"\n                    height=\"66\"\n                    style=\"max-width:100%;\"\n                \/>\n            <\/a>\n        <\/div>\n\t\t\t\t\t\t\t<\/div> \n\t\t\t\n        \n\t\t\t\t<div id=\"ngg-image-320\" class=\"ngg-gallery-thumbnail-box\" >\n\t\t\t\t        <div class=\"ngg-gallery-thumbnail\">\n            <a href=\"http:\/\/www.karate-neuhofen.at\/wp-content\/gallery\/sommercamp-2014\/img_0938.jpg\"\n               title=\"\"\n               data-src=\"http:\/\/www.karate-neuhofen.at\/wp-content\/gallery\/sommercamp-2014\/img_0938.jpg\"\n               data-thumbnail=\"http:\/\/www.karate-neuhofen.at\/wp-content\/gallery\/sommercamp-2014\/thumbs\/thumbs_img_0938.jpg\"\n               data-image-id=\"7027\"\n               data-title=\"img_0938\"\n               data-description=\"\"\n               data-image-slug=\"img_0938\"\n               class=\"shutterset_a6d0251e289b9d2023c6d431c5710d04\">\n                <img\n                    title=\"img_0938\"\n                    alt=\"img_0938\"\n                    src=\"http:\/\/www.karate-neuhofen.at\/wp-content\/gallery\/sommercamp-2014\/thumbs\/thumbs_img_0938.jpg\"\n                    width=\"100\"\n                    height=\"66\"\n                    style=\"max-width:100%;\"\n                \/>\n            <\/a>\n        <\/div>\n\t\t\t\t\t\t\t<\/div> \n\t\t\t\n        \n\t\t\t\t<div id=\"ngg-image-321\" class=\"ngg-gallery-thumbnail-box\" >\n\t\t\t\t        <div class=\"ngg-gallery-thumbnail\">\n            <a href=\"http:\/\/www.karate-neuhofen.at\/wp-content\/gallery\/sommercamp-2014\/img_0939.jpg\"\n               title=\"\"\n               data-src=\"http:\/\/www.karate-neuhofen.at\/wp-content\/gallery\/sommercamp-2014\/img_0939.jpg\"\n               data-thumbnail=\"http:\/\/www.karate-neuhofen.at\/wp-content\/gallery\/sommercamp-2014\/thumbs\/thumbs_img_0939.jpg\"\n               data-image-id=\"7028\"\n               data-title=\"img_0939\"\n               data-description=\"\"\n               data-image-slug=\"img_0939\"\n               class=\"shutterset_a6d0251e289b9d2023c6d431c5710d04\">\n                <img\n                    title=\"img_0939\"\n                    alt=\"img_0939\"\n                    src=\"http:\/\/www.karate-neuhofen.at\/wp-content\/gallery\/sommercamp-2014\/thumbs\/thumbs_img_0939.jpg\"\n                    width=\"100\"\n                    height=\"66\"\n                    style=\"max-width:100%;\"\n                \/>\n            <\/a>\n        <\/div>\n\t\t\t\t\t\t\t<\/div> \n\t\t\t\n        \n\t\t\t\t<div id=\"ngg-image-322\" class=\"ngg-gallery-thumbnail-box\" >\n\t\t\t\t        <div class=\"ngg-gallery-thumbnail\">\n            <a href=\"http:\/\/www.karate-neuhofen.at\/wp-content\/gallery\/sommercamp-2014\/img_0942.jpg\"\n               title=\"\"\n               data-src=\"http:\/\/www.karate-neuhofen.at\/wp-content\/gallery\/sommercamp-2014\/img_0942.jpg\"\n               data-thumbnail=\"http:\/\/www.karate-neuhofen.at\/wp-content\/gallery\/sommercamp-2014\/thumbs\/thumbs_img_0942.jpg\"\n               data-image-id=\"7029\"\n               data-title=\"img_0942\"\n               data-description=\"\"\n               data-image-slug=\"img_0942\"\n               class=\"shutterset_a6d0251e289b9d2023c6d431c5710d04\">\n                <img\n                    title=\"img_0942\"\n                    alt=\"img_0942\"\n                    src=\"http:\/\/www.karate-neuhofen.at\/wp-content\/gallery\/sommercamp-2014\/thumbs\/thumbs_img_0942.jpg\"\n                    width=\"100\"\n                    height=\"66\"\n                    style=\"max-width:100%;\"\n                \/>\n            <\/a>\n        <\/div>\n\t\t\t\t\t\t\t<\/div> \n\t\t\t\n        \n\t\t\t\t<div id=\"ngg-image-323\" class=\"ngg-gallery-thumbnail-box\" >\n\t\t\t\t        <div class=\"ngg-gallery-thumbnail\">\n            <a href=\"http:\/\/www.karate-neuhofen.at\/wp-content\/gallery\/sommercamp-2014\/img_0946.jpg\"\n               title=\"\"\n               data-src=\"http:\/\/www.karate-neuhofen.at\/wp-content\/gallery\/sommercamp-2014\/img_0946.jpg\"\n               data-thumbnail=\"http:\/\/www.karate-neuhofen.at\/wp-content\/gallery\/sommercamp-2014\/thumbs\/thumbs_img_0946.jpg\"\n               data-image-id=\"7030\"\n               data-title=\"img_0946\"\n               data-description=\"\"\n               data-image-slug=\"img_0946\"\n               class=\"shutterset_a6d0251e289b9d2023c6d431c5710d04\">\n                <img\n                    title=\"img_0946\"\n                    alt=\"img_0946\"\n                    src=\"http:\/\/www.karate-neuhofen.at\/wp-content\/gallery\/sommercamp-2014\/thumbs\/thumbs_img_0946.jpg\"\n                    width=\"100\"\n                    height=\"66\"\n                    style=\"max-width:100%;\"\n                \/>\n            <\/a>\n        <\/div>\n\t\t\t\t\t\t\t<\/div> \n\t\t\t\n        \n\t\t\t\t<div id=\"ngg-image-324\" class=\"ngg-gallery-thumbnail-box\" >\n\t\t\t\t        <div class=\"ngg-gallery-thumbnail\">\n            <a href=\"http:\/\/www.karate-neuhofen.at\/wp-content\/gallery\/sommercamp-2014\/img_0949.jpg\"\n               title=\"\"\n               data-src=\"http:\/\/www.karate-neuhofen.at\/wp-content\/gallery\/sommercamp-2014\/img_0949.jpg\"\n               data-thumbnail=\"http:\/\/www.karate-neuhofen.at\/wp-content\/gallery\/sommercamp-2014\/thumbs\/thumbs_img_0949.jpg\"\n               data-image-id=\"7031\"\n               data-title=\"img_0949\"\n               data-description=\"\"\n               data-image-slug=\"img_0949\"\n               class=\"shutterset_a6d0251e289b9d2023c6d431c5710d04\">\n                <img\n                    title=\"img_0949\"\n                    alt=\"img_0949\"\n                    src=\"http:\/\/www.karate-neuhofen.at\/wp-content\/gallery\/sommercamp-2014\/thumbs\/thumbs_img_0949.jpg\"\n                    width=\"100\"\n                    height=\"66\"\n                    style=\"max-width:100%;\"\n                \/>\n            <\/a>\n        <\/div>\n\t\t\t\t\t\t\t<\/div> \n\t\t\t\n        \n\t\t\t\t<div id=\"ngg-image-325\" class=\"ngg-gallery-thumbnail-box\" >\n\t\t\t\t        <div class=\"ngg-gallery-thumbnail\">\n            <a href=\"http:\/\/www.karate-neuhofen.at\/wp-content\/gallery\/sommercamp-2014\/img_0950.jpg\"\n               title=\"\"\n               data-src=\"http:\/\/www.karate-neuhofen.at\/wp-content\/gallery\/sommercamp-2014\/img_0950.jpg\"\n               data-thumbnail=\"http:\/\/www.karate-neuhofen.at\/wp-content\/gallery\/sommercamp-2014\/thumbs\/thumbs_img_0950.jpg\"\n               data-image-id=\"7032\"\n               data-title=\"img_0950\"\n               data-description=\"\"\n               data-image-slug=\"img_0950\"\n               class=\"shutterset_a6d0251e289b9d2023c6d431c5710d04\">\n                <img\n                    title=\"img_0950\"\n                    alt=\"img_0950\"\n                    src=\"http:\/\/www.karate-neuhofen.at\/wp-content\/gallery\/sommercamp-2014\/thumbs\/thumbs_img_0950.jpg\"\n                    width=\"100\"\n                    height=\"66\"\n                    style=\"max-width:100%;\"\n                \/>\n            <\/a>\n        <\/div>\n\t\t\t\t\t\t\t<\/div> \n\t\t\t\n        \n\t\t\t\t<div id=\"ngg-image-326\" class=\"ngg-gallery-thumbnail-box\" >\n\t\t\t\t        <div class=\"ngg-gallery-thumbnail\">\n            <a href=\"http:\/\/www.karate-neuhofen.at\/wp-content\/gallery\/sommercamp-2014\/img_0953.jpg\"\n               title=\"\"\n               data-src=\"http:\/\/www.karate-neuhofen.at\/wp-content\/gallery\/sommercamp-2014\/img_0953.jpg\"\n               data-thumbnail=\"http:\/\/www.karate-neuhofen.at\/wp-content\/gallery\/sommercamp-2014\/thumbs\/thumbs_img_0953.jpg\"\n               data-image-id=\"7033\"\n               data-title=\"img_0953\"\n               data-description=\"\"\n               data-image-slug=\"img_0953\"\n               class=\"shutterset_a6d0251e289b9d2023c6d431c5710d04\">\n                <img\n                    title=\"img_0953\"\n                    alt=\"img_0953\"\n                    src=\"http:\/\/www.karate-neuhofen.at\/wp-content\/gallery\/sommercamp-2014\/thumbs\/thumbs_img_0953.jpg\"\n                    width=\"100\"\n                    height=\"66\"\n                    style=\"max-width:100%;\"\n                \/>\n            <\/a>\n        <\/div>\n\t\t\t\t\t\t\t<\/div> \n\t\t\t\n        \n\t\t\t\t<div id=\"ngg-image-327\" class=\"ngg-gallery-thumbnail-box\" >\n\t\t\t\t        <div class=\"ngg-gallery-thumbnail\">\n            <a href=\"http:\/\/www.karate-neuhofen.at\/wp-content\/gallery\/sommercamp-2014\/img_0955.jpg\"\n               title=\"\"\n               data-src=\"http:\/\/www.karate-neuhofen.at\/wp-content\/gallery\/sommercamp-2014\/img_0955.jpg\"\n               data-thumbnail=\"http:\/\/www.karate-neuhofen.at\/wp-content\/gallery\/sommercamp-2014\/thumbs\/thumbs_img_0955.jpg\"\n               data-image-id=\"7034\"\n               data-title=\"img_0955\"\n               data-description=\"\"\n               data-image-slug=\"img_0955\"\n               class=\"shutterset_a6d0251e289b9d2023c6d431c5710d04\">\n                <img\n                    title=\"img_0955\"\n                    alt=\"img_0955\"\n                    src=\"http:\/\/www.karate-neuhofen.at\/wp-content\/gallery\/sommercamp-2014\/thumbs\/thumbs_img_0955.jpg\"\n                    width=\"100\"\n                    height=\"66\"\n                    style=\"max-width:100%;\"\n                \/>\n            <\/a>\n        <\/div>\n\t\t\t\t\t\t\t<\/div> \n\t\t\t\n        \n\t\t\t\t<div id=\"ngg-image-328\" class=\"ngg-gallery-thumbnail-box\" >\n\t\t\t\t        <div class=\"ngg-gallery-thumbnail\">\n            <a href=\"http:\/\/www.karate-neuhofen.at\/wp-content\/gallery\/sommercamp-2014\/img_0965.jpg\"\n               title=\"\"\n               data-src=\"http:\/\/www.karate-neuhofen.at\/wp-content\/gallery\/sommercamp-2014\/img_0965.jpg\"\n               data-thumbnail=\"http:\/\/www.karate-neuhofen.at\/wp-content\/gallery\/sommercamp-2014\/thumbs\/thumbs_img_0965.jpg\"\n               data-image-id=\"7035\"\n               data-title=\"img_0965\"\n               data-description=\"\"\n               data-image-slug=\"img_0965\"\n               class=\"shutterset_a6d0251e289b9d2023c6d431c5710d04\">\n                <img\n                    title=\"img_0965\"\n                    alt=\"img_0965\"\n                    src=\"http:\/\/www.karate-neuhofen.at\/wp-content\/gallery\/sommercamp-2014\/thumbs\/thumbs_img_0965.jpg\"\n                    width=\"100\"\n                    height=\"66\"\n                    style=\"max-width:100%;\"\n                \/>\n            <\/a>\n        <\/div>\n\t\t\t\t\t\t\t<\/div> \n\t\t\t\n        \n\t\t\t\t<div id=\"ngg-image-329\" class=\"ngg-gallery-thumbnail-box\" >\n\t\t\t\t        <div class=\"ngg-gallery-thumbnail\">\n            <a href=\"http:\/\/www.karate-neuhofen.at\/wp-content\/gallery\/sommercamp-2014\/img_0973.jpg\"\n               title=\"\"\n               data-src=\"http:\/\/www.karate-neuhofen.at\/wp-content\/gallery\/sommercamp-2014\/img_0973.jpg\"\n               data-thumbnail=\"http:\/\/www.karate-neuhofen.at\/wp-content\/gallery\/sommercamp-2014\/thumbs\/thumbs_img_0973.jpg\"\n               data-image-id=\"7036\"\n               data-title=\"img_0973\"\n               data-description=\"\"\n               data-image-slug=\"img_0973\"\n               class=\"shutterset_a6d0251e289b9d2023c6d431c5710d04\">\n                <img\n                    title=\"img_0973\"\n                    alt=\"img_0973\"\n                    src=\"http:\/\/www.karate-neuhofen.at\/wp-content\/gallery\/sommercamp-2014\/thumbs\/thumbs_img_0973.jpg\"\n                    width=\"100\"\n                    height=\"66\"\n                    style=\"max-width:100%;\"\n                \/>\n            <\/a>\n        <\/div>\n\t\t\t\t\t\t\t<\/div> \n\t\t\t\n        \n\t\t\t\t<div id=\"ngg-image-330\" class=\"ngg-gallery-thumbnail-box\" >\n\t\t\t\t        <div class=\"ngg-gallery-thumbnail\">\n            <a href=\"http:\/\/www.karate-neuhofen.at\/wp-content\/gallery\/sommercamp-2014\/img_0976.jpg\"\n               title=\"\"\n               data-src=\"http:\/\/www.karate-neuhofen.at\/wp-content\/gallery\/sommercamp-2014\/img_0976.jpg\"\n               data-thumbnail=\"http:\/\/www.karate-neuhofen.at\/wp-content\/gallery\/sommercamp-2014\/thumbs\/thumbs_img_0976.jpg\"\n               data-image-id=\"7037\"\n               data-title=\"img_0976\"\n               data-description=\"\"\n               data-image-slug=\"img_0976\"\n               class=\"shutterset_a6d0251e289b9d2023c6d431c5710d04\">\n                <img\n                    title=\"img_0976\"\n                    alt=\"img_0976\"\n                    src=\"http:\/\/www.karate-neuhofen.at\/wp-content\/gallery\/sommercamp-2014\/thumbs\/thumbs_img_0976.jpg\"\n                    width=\"100\"\n                    height=\"66\"\n                    style=\"max-width:100%;\"\n                \/>\n            <\/a>\n        <\/div>\n\t\t\t\t\t\t\t<\/div> \n\t\t\t\n        \n\t\t\t\t<div id=\"ngg-image-331\" class=\"ngg-gallery-thumbnail-box\" >\n\t\t\t\t        <div class=\"ngg-gallery-thumbnail\">\n            <a href=\"http:\/\/www.karate-neuhofen.at\/wp-content\/gallery\/sommercamp-2014\/img_0978.jpg\"\n               title=\"\"\n               data-src=\"http:\/\/www.karate-neuhofen.at\/wp-content\/gallery\/sommercamp-2014\/img_0978.jpg\"\n               data-thumbnail=\"http:\/\/www.karate-neuhofen.at\/wp-content\/gallery\/sommercamp-2014\/thumbs\/thumbs_img_0978.jpg\"\n               data-image-id=\"7038\"\n               data-title=\"img_0978\"\n               data-description=\"\"\n               data-image-slug=\"img_0978\"\n               class=\"shutterset_a6d0251e289b9d2023c6d431c5710d04\">\n                <img\n                    title=\"img_0978\"\n                    alt=\"img_0978\"\n                    src=\"http:\/\/www.karate-neuhofen.at\/wp-content\/gallery\/sommercamp-2014\/thumbs\/thumbs_img_0978.jpg\"\n                    width=\"100\"\n                    height=\"66\"\n                    style=\"max-width:100%;\"\n                \/>\n            <\/a>\n        <\/div>\n\t\t\t\t\t\t\t<\/div> \n\t\t\t\n        \n\t\t\t\t<div id=\"ngg-image-332\" class=\"ngg-gallery-thumbnail-box\" >\n\t\t\t\t        <div class=\"ngg-gallery-thumbnail\">\n            <a href=\"http:\/\/www.karate-neuhofen.at\/wp-content\/gallery\/sommercamp-2014\/img_0983.jpg\"\n               title=\"\"\n               data-src=\"http:\/\/www.karate-neuhofen.at\/wp-content\/gallery\/sommercamp-2014\/img_0983.jpg\"\n               data-thumbnail=\"http:\/\/www.karate-neuhofen.at\/wp-content\/gallery\/sommercamp-2014\/thumbs\/thumbs_img_0983.jpg\"\n               data-image-id=\"7039\"\n               data-title=\"img_0983\"\n               data-description=\"\"\n               data-image-slug=\"img_0983\"\n               class=\"shutterset_a6d0251e289b9d2023c6d431c5710d04\">\n                <img\n                    title=\"img_0983\"\n                    alt=\"img_0983\"\n                    src=\"http:\/\/www.karate-neuhofen.at\/wp-content\/gallery\/sommercamp-2014\/thumbs\/thumbs_img_0983.jpg\"\n                    width=\"100\"\n                    height=\"66\"\n                    style=\"max-width:100%;\"\n                \/>\n            <\/a>\n        <\/div>\n\t\t\t\t\t\t\t<\/div> \n\t\t\t\n        \n\t\t\t\t<div id=\"ngg-image-333\" class=\"ngg-gallery-thumbnail-box\" >\n\t\t\t\t        <div class=\"ngg-gallery-thumbnail\">\n            <a href=\"http:\/\/www.karate-neuhofen.at\/wp-content\/gallery\/sommercamp-2014\/img_0984.jpg\"\n               title=\"\"\n               data-src=\"http:\/\/www.karate-neuhofen.at\/wp-content\/gallery\/sommercamp-2014\/img_0984.jpg\"\n               data-thumbnail=\"http:\/\/www.karate-neuhofen.at\/wp-content\/gallery\/sommercamp-2014\/thumbs\/thumbs_img_0984.jpg\"\n               data-image-id=\"7040\"\n               data-title=\"img_0984\"\n               data-description=\"\"\n               data-image-slug=\"img_0984\"\n               class=\"shutterset_a6d0251e289b9d2023c6d431c5710d04\">\n                <img\n                    title=\"img_0984\"\n                    alt=\"img_0984\"\n                    src=\"http:\/\/www.karate-neuhofen.at\/wp-content\/gallery\/sommercamp-2014\/thumbs\/thumbs_img_0984.jpg\"\n                    width=\"100\"\n                    height=\"66\"\n                    style=\"max-width:100%;\"\n                \/>\n            <\/a>\n        <\/div>\n\t\t\t\t\t\t\t<\/div> \n\t\t\t\n        \n\t\t\t\t<div id=\"ngg-image-334\" class=\"ngg-gallery-thumbnail-box\" >\n\t\t\t\t        <div class=\"ngg-gallery-thumbnail\">\n            <a href=\"http:\/\/www.karate-neuhofen.at\/wp-content\/gallery\/sommercamp-2014\/img_0985.jpg\"\n               title=\"\"\n               data-src=\"http:\/\/www.karate-neuhofen.at\/wp-content\/gallery\/sommercamp-2014\/img_0985.jpg\"\n               data-thumbnail=\"http:\/\/www.karate-neuhofen.at\/wp-content\/gallery\/sommercamp-2014\/thumbs\/thumbs_img_0985.jpg\"\n               data-image-id=\"7041\"\n               data-title=\"img_0985\"\n               data-description=\"\"\n               data-image-slug=\"img_0985\"\n               class=\"shutterset_a6d0251e289b9d2023c6d431c5710d04\">\n                <img\n                    title=\"img_0985\"\n                    alt=\"img_0985\"\n                    src=\"http:\/\/www.karate-neuhofen.at\/wp-content\/gallery\/sommercamp-2014\/thumbs\/thumbs_img_0985.jpg\"\n                    width=\"50\"\n                    height=\"75\"\n                    style=\"max-width:100%;\"\n                \/>\n            <\/a>\n        <\/div>\n\t\t\t\t\t\t\t<\/div> \n\t\t\t\n        \n\t\t\t\t<div id=\"ngg-image-335\" class=\"ngg-gallery-thumbnail-box\" >\n\t\t\t\t        <div class=\"ngg-gallery-thumbnail\">\n            <a href=\"http:\/\/www.karate-neuhofen.at\/wp-content\/gallery\/sommercamp-2014\/img_0986.jpg\"\n               title=\"\"\n               data-src=\"http:\/\/www.karate-neuhofen.at\/wp-content\/gallery\/sommercamp-2014\/img_0986.jpg\"\n               data-thumbnail=\"http:\/\/www.karate-neuhofen.at\/wp-content\/gallery\/sommercamp-2014\/thumbs\/thumbs_img_0986.jpg\"\n               data-image-id=\"7042\"\n               data-title=\"img_0986\"\n               data-description=\"\"\n               data-image-slug=\"img_0986\"\n               class=\"shutterset_a6d0251e289b9d2023c6d431c5710d04\">\n                <img\n                    title=\"img_0986\"\n                    alt=\"img_0986\"\n                    src=\"http:\/\/www.karate-neuhofen.at\/wp-content\/gallery\/sommercamp-2014\/thumbs\/thumbs_img_0986.jpg\"\n                    width=\"50\"\n                    height=\"75\"\n                    style=\"max-width:100%;\"\n                \/>\n            <\/a>\n        <\/div>\n\t\t\t\t\t\t\t<\/div> \n\t\t\t\n        \n\t\t\t\t<div id=\"ngg-image-336\" class=\"ngg-gallery-thumbnail-box\" >\n\t\t\t\t        <div class=\"ngg-gallery-thumbnail\">\n            <a href=\"http:\/\/www.karate-neuhofen.at\/wp-content\/gallery\/sommercamp-2014\/img_0990.jpg\"\n               title=\"\"\n               data-src=\"http:\/\/www.karate-neuhofen.at\/wp-content\/gallery\/sommercamp-2014\/img_0990.jpg\"\n               data-thumbnail=\"http:\/\/www.karate-neuhofen.at\/wp-content\/gallery\/sommercamp-2014\/thumbs\/thumbs_img_0990.jpg\"\n               data-image-id=\"7043\"\n               data-title=\"img_0990\"\n               data-description=\"\"\n               data-image-slug=\"img_0990\"\n               class=\"shutterset_a6d0251e289b9d2023c6d431c5710d04\">\n                <img\n                    title=\"img_0990\"\n                    alt=\"img_0990\"\n                    src=\"http:\/\/www.karate-neuhofen.at\/wp-content\/gallery\/sommercamp-2014\/thumbs\/thumbs_img_0990.jpg\"\n                    width=\"100\"\n                    height=\"66\"\n                    style=\"max-width:100%;\"\n                \/>\n            <\/a>\n        <\/div>\n\t\t\t\t\t\t\t<\/div> \n\t\t\t\n        \n\t\t\t\t<div id=\"ngg-image-337\" class=\"ngg-gallery-thumbnail-box\" >\n\t\t\t\t        <div class=\"ngg-gallery-thumbnail\">\n            <a href=\"http:\/\/www.karate-neuhofen.at\/wp-content\/gallery\/sommercamp-2014\/img_0992.jpg\"\n               title=\"\"\n               data-src=\"http:\/\/www.karate-neuhofen.at\/wp-content\/gallery\/sommercamp-2014\/img_0992.jpg\"\n               data-thumbnail=\"http:\/\/www.karate-neuhofen.at\/wp-content\/gallery\/sommercamp-2014\/thumbs\/thumbs_img_0992.jpg\"\n               data-image-id=\"7044\"\n               data-title=\"img_0992\"\n               data-description=\"\"\n               data-image-slug=\"img_0992\"\n               class=\"shutterset_a6d0251e289b9d2023c6d431c5710d04\">\n                <img\n                    title=\"img_0992\"\n                    alt=\"img_0992\"\n                    src=\"http:\/\/www.karate-neuhofen.at\/wp-content\/gallery\/sommercamp-2014\/thumbs\/thumbs_img_0992.jpg\"\n                    width=\"50\"\n                    height=\"75\"\n                    style=\"max-width:100%;\"\n                \/>\n            <\/a>\n        <\/div>\n\t\t\t\t\t\t\t<\/div> \n\t\t\t\n        \n\t\t\t\t<div id=\"ngg-image-338\" class=\"ngg-gallery-thumbnail-box\" >\n\t\t\t\t        <div class=\"ngg-gallery-thumbnail\">\n            <a href=\"http:\/\/www.karate-neuhofen.at\/wp-content\/gallery\/sommercamp-2014\/img_0994.jpg\"\n               title=\"\"\n               data-src=\"http:\/\/www.karate-neuhofen.at\/wp-content\/gallery\/sommercamp-2014\/img_0994.jpg\"\n               data-thumbnail=\"http:\/\/www.karate-neuhofen.at\/wp-content\/gallery\/sommercamp-2014\/thumbs\/thumbs_img_0994.jpg\"\n               data-image-id=\"7045\"\n               data-title=\"img_0994\"\n               data-description=\"\"\n               data-image-slug=\"img_0994\"\n               class=\"shutterset_a6d0251e289b9d2023c6d431c5710d04\">\n                <img\n                    title=\"img_0994\"\n                    alt=\"img_0994\"\n                    src=\"http:\/\/www.karate-neuhofen.at\/wp-content\/gallery\/sommercamp-2014\/thumbs\/thumbs_img_0994.jpg\"\n                    width=\"50\"\n                    height=\"75\"\n                    style=\"max-width:100%;\"\n                \/>\n            <\/a>\n        <\/div>\n\t\t\t\t\t\t\t<\/div> \n\t\t\t\n        \n\t\t\t\t<div id=\"ngg-image-339\" class=\"ngg-gallery-thumbnail-box\" >\n\t\t\t\t        <div class=\"ngg-gallery-thumbnail\">\n            <a href=\"http:\/\/www.karate-neuhofen.at\/wp-content\/gallery\/sommercamp-2014\/img_0995.jpg\"\n               title=\"\"\n               data-src=\"http:\/\/www.karate-neuhofen.at\/wp-content\/gallery\/sommercamp-2014\/img_0995.jpg\"\n               data-thumbnail=\"http:\/\/www.karate-neuhofen.at\/wp-content\/gallery\/sommercamp-2014\/thumbs\/thumbs_img_0995.jpg\"\n               data-image-id=\"7046\"\n               data-title=\"img_0995\"\n               data-description=\"\"\n               data-image-slug=\"img_0995\"\n               class=\"shutterset_a6d0251e289b9d2023c6d431c5710d04\">\n                <img\n                    title=\"img_0995\"\n                    alt=\"img_0995\"\n                    src=\"http:\/\/www.karate-neuhofen.at\/wp-content\/gallery\/sommercamp-2014\/thumbs\/thumbs_img_0995.jpg\"\n                    width=\"100\"\n                    height=\"66\"\n                    style=\"max-width:100%;\"\n                \/>\n            <\/a>\n        <\/div>\n\t\t\t\t\t\t\t<\/div> \n\t\t\t\n        \n\t\t\t\t<div id=\"ngg-image-340\" class=\"ngg-gallery-thumbnail-box\" >\n\t\t\t\t        <div class=\"ngg-gallery-thumbnail\">\n            <a href=\"http:\/\/www.karate-neuhofen.at\/wp-content\/gallery\/sommercamp-2014\/img_0997.jpg\"\n               title=\"\"\n               data-src=\"http:\/\/www.karate-neuhofen.at\/wp-content\/gallery\/sommercamp-2014\/img_0997.jpg\"\n               data-thumbnail=\"http:\/\/www.karate-neuhofen.at\/wp-content\/gallery\/sommercamp-2014\/thumbs\/thumbs_img_0997.jpg\"\n               data-image-id=\"7047\"\n               data-title=\"img_0997\"\n               data-description=\"\"\n               data-image-slug=\"img_0997\"\n               class=\"shutterset_a6d0251e289b9d2023c6d431c5710d04\">\n                <img\n                    title=\"img_0997\"\n                    alt=\"img_0997\"\n                    src=\"http:\/\/www.karate-neuhofen.at\/wp-content\/gallery\/sommercamp-2014\/thumbs\/thumbs_img_0997.jpg\"\n                    width=\"100\"\n                    height=\"66\"\n                    style=\"max-width:100%;\"\n                \/>\n            <\/a>\n        <\/div>\n\t\t\t\t\t\t\t<\/div> \n\t\t\t\n        \n\t\t\t\t<div id=\"ngg-image-341\" class=\"ngg-gallery-thumbnail-box\" >\n\t\t\t\t        <div class=\"ngg-gallery-thumbnail\">\n            <a href=\"http:\/\/www.karate-neuhofen.at\/wp-content\/gallery\/sommercamp-2014\/img_0998.jpg\"\n               title=\"\"\n               data-src=\"http:\/\/www.karate-neuhofen.at\/wp-content\/gallery\/sommercamp-2014\/img_0998.jpg\"\n               data-thumbnail=\"http:\/\/www.karate-neuhofen.at\/wp-content\/gallery\/sommercamp-2014\/thumbs\/thumbs_img_0998.jpg\"\n               data-image-id=\"7048\"\n               data-title=\"img_0998\"\n               data-description=\"\"\n               data-image-slug=\"img_0998\"\n               class=\"shutterset_a6d0251e289b9d2023c6d431c5710d04\">\n                <img\n                    title=\"img_0998\"\n                    alt=\"img_0998\"\n                    src=\"http:\/\/www.karate-neuhofen.at\/wp-content\/gallery\/sommercamp-2014\/thumbs\/thumbs_img_0998.jpg\"\n                    width=\"100\"\n                    height=\"66\"\n                    style=\"max-width:100%;\"\n                \/>\n            <\/a>\n        <\/div>\n\t\t\t\t\t\t\t<\/div> \n\t\t\t\n        \n\t\t\t\t<div id=\"ngg-image-342\" class=\"ngg-gallery-thumbnail-box\" >\n\t\t\t\t        <div class=\"ngg-gallery-thumbnail\">\n            <a href=\"http:\/\/www.karate-neuhofen.at\/wp-content\/gallery\/sommercamp-2014\/img_0999.jpg\"\n               title=\"\"\n               data-src=\"http:\/\/www.karate-neuhofen.at\/wp-content\/gallery\/sommercamp-2014\/img_0999.jpg\"\n               data-thumbnail=\"http:\/\/www.karate-neuhofen.at\/wp-content\/gallery\/sommercamp-2014\/thumbs\/thumbs_img_0999.jpg\"\n               data-image-id=\"7049\"\n               data-title=\"img_0999\"\n               data-description=\"\"\n               data-image-slug=\"img_0999\"\n               class=\"shutterset_a6d0251e289b9d2023c6d431c5710d04\">\n                <img\n                    title=\"img_0999\"\n                    alt=\"img_0999\"\n                    src=\"http:\/\/www.karate-neuhofen.at\/wp-content\/gallery\/sommercamp-2014\/thumbs\/thumbs_img_0999.jpg\"\n                    width=\"50\"\n                    height=\"75\"\n                    style=\"max-width:100%;\"\n                \/>\n            <\/a>\n        <\/div>\n\t\t\t\t\t\t\t<\/div> \n\t\t\t\n        \n\t\t\t\t<div id=\"ngg-image-343\" class=\"ngg-gallery-thumbnail-box\" >\n\t\t\t\t        <div class=\"ngg-gallery-thumbnail\">\n            <a href=\"http:\/\/www.karate-neuhofen.at\/wp-content\/gallery\/sommercamp-2014\/img_1000.jpg\"\n               title=\"\"\n               data-src=\"http:\/\/www.karate-neuhofen.at\/wp-content\/gallery\/sommercamp-2014\/img_1000.jpg\"\n               data-thumbnail=\"http:\/\/www.karate-neuhofen.at\/wp-content\/gallery\/sommercamp-2014\/thumbs\/thumbs_img_1000.jpg\"\n               data-image-id=\"7050\"\n               data-title=\"img_1000\"\n               data-description=\"\"\n               data-image-slug=\"img_1000\"\n               class=\"shutterset_a6d0251e289b9d2023c6d431c5710d04\">\n                <img\n                    title=\"img_1000\"\n                    alt=\"img_1000\"\n                    src=\"http:\/\/www.karate-neuhofen.at\/wp-content\/gallery\/sommercamp-2014\/thumbs\/thumbs_img_1000.jpg\"\n                    width=\"100\"\n                    height=\"66\"\n                    style=\"max-width:100%;\"\n                \/>\n            <\/a>\n        <\/div>\n\t\t\t\t\t\t\t<\/div> \n\t\t\t\n        \n\t\t\t\t<div id=\"ngg-image-344\" class=\"ngg-gallery-thumbnail-box\" >\n\t\t\t\t        <div class=\"ngg-gallery-thumbnail\">\n            <a href=\"http:\/\/www.karate-neuhofen.at\/wp-content\/gallery\/sommercamp-2014\/img_1001.jpg\"\n               title=\"\"\n               data-src=\"http:\/\/www.karate-neuhofen.at\/wp-content\/gallery\/sommercamp-2014\/img_1001.jpg\"\n               data-thumbnail=\"http:\/\/www.karate-neuhofen.at\/wp-content\/gallery\/sommercamp-2014\/thumbs\/thumbs_img_1001.jpg\"\n               data-image-id=\"7051\"\n               data-title=\"img_1001\"\n               data-description=\"\"\n               data-image-slug=\"img_1001-2\"\n               class=\"shutterset_a6d0251e289b9d2023c6d431c5710d04\">\n                <img\n                    title=\"img_1001\"\n                    alt=\"img_1001\"\n                    src=\"http:\/\/www.karate-neuhofen.at\/wp-content\/gallery\/sommercamp-2014\/thumbs\/thumbs_img_1001.jpg\"\n                    width=\"100\"\n                    height=\"66\"\n                    style=\"max-width:100%;\"\n                \/>\n            <\/a>\n        <\/div>\n\t\t\t\t\t\t\t<\/div> \n\t\t\t\n        \n\t\t\t\t<div id=\"ngg-image-345\" class=\"ngg-gallery-thumbnail-box\" >\n\t\t\t\t        <div class=\"ngg-gallery-thumbnail\">\n            <a href=\"http:\/\/www.karate-neuhofen.at\/wp-content\/gallery\/sommercamp-2014\/img_1002.jpg\"\n               title=\"\"\n               data-src=\"http:\/\/www.karate-neuhofen.at\/wp-content\/gallery\/sommercamp-2014\/img_1002.jpg\"\n               data-thumbnail=\"http:\/\/www.karate-neuhofen.at\/wp-content\/gallery\/sommercamp-2014\/thumbs\/thumbs_img_1002.jpg\"\n               data-image-id=\"7052\"\n               data-title=\"img_1002\"\n               data-description=\"\"\n               data-image-slug=\"img_1002-2\"\n               class=\"shutterset_a6d0251e289b9d2023c6d431c5710d04\">\n                <img\n                    title=\"img_1002\"\n                    alt=\"img_1002\"\n                    src=\"http:\/\/www.karate-neuhofen.at\/wp-content\/gallery\/sommercamp-2014\/thumbs\/thumbs_img_1002.jpg\"\n                    width=\"100\"\n                    height=\"66\"\n                    style=\"max-width:100%;\"\n                \/>\n            <\/a>\n        <\/div>\n\t\t\t\t\t\t\t<\/div> \n\t\t\t\n        \n\t\t\t\t<div id=\"ngg-image-346\" class=\"ngg-gallery-thumbnail-box\" >\n\t\t\t\t        <div class=\"ngg-gallery-thumbnail\">\n            <a href=\"http:\/\/www.karate-neuhofen.at\/wp-content\/gallery\/sommercamp-2014\/img_1003.jpg\"\n               title=\"\"\n               data-src=\"http:\/\/www.karate-neuhofen.at\/wp-content\/gallery\/sommercamp-2014\/img_1003.jpg\"\n               data-thumbnail=\"http:\/\/www.karate-neuhofen.at\/wp-content\/gallery\/sommercamp-2014\/thumbs\/thumbs_img_1003.jpg\"\n               data-image-id=\"7053\"\n               data-title=\"img_1003\"\n               data-description=\"\"\n               data-image-slug=\"img_1003-2\"\n               class=\"shutterset_a6d0251e289b9d2023c6d431c5710d04\">\n                <img\n                    title=\"img_1003\"\n                    alt=\"img_1003\"\n                    src=\"http:\/\/www.karate-neuhofen.at\/wp-content\/gallery\/sommercamp-2014\/thumbs\/thumbs_img_1003.jpg\"\n                    width=\"100\"\n                    height=\"66\"\n                    style=\"max-width:100%;\"\n                \/>\n            <\/a>\n        <\/div>\n\t\t\t\t\t\t\t<\/div> \n\t\t\t\n        \n\t\t\t\t<div id=\"ngg-image-347\" class=\"ngg-gallery-thumbnail-box\" >\n\t\t\t\t        <div class=\"ngg-gallery-thumbnail\">\n            <a href=\"http:\/\/www.karate-neuhofen.at\/wp-content\/gallery\/sommercamp-2014\/img_1005.jpg\"\n               title=\"\"\n               data-src=\"http:\/\/www.karate-neuhofen.at\/wp-content\/gallery\/sommercamp-2014\/img_1005.jpg\"\n               data-thumbnail=\"http:\/\/www.karate-neuhofen.at\/wp-content\/gallery\/sommercamp-2014\/thumbs\/thumbs_img_1005.jpg\"\n               data-image-id=\"7054\"\n               data-title=\"img_1005\"\n               data-description=\"\"\n               data-image-slug=\"img_1005-2\"\n               class=\"shutterset_a6d0251e289b9d2023c6d431c5710d04\">\n                <img\n                    title=\"img_1005\"\n                    alt=\"img_1005\"\n                    src=\"http:\/\/www.karate-neuhofen.at\/wp-content\/gallery\/sommercamp-2014\/thumbs\/thumbs_img_1005.jpg\"\n                    width=\"50\"\n                    height=\"75\"\n                    style=\"max-width:100%;\"\n                \/>\n            <\/a>\n        <\/div>\n\t\t\t\t\t\t\t<\/div> \n\t\t\t\n        \n\t\t\t\t<div id=\"ngg-image-348\" class=\"ngg-gallery-thumbnail-box\" >\n\t\t\t\t        <div class=\"ngg-gallery-thumbnail\">\n            <a href=\"http:\/\/www.karate-neuhofen.at\/wp-content\/gallery\/sommercamp-2014\/img_1008.jpg\"\n               title=\"\"\n               data-src=\"http:\/\/www.karate-neuhofen.at\/wp-content\/gallery\/sommercamp-2014\/img_1008.jpg\"\n               data-thumbnail=\"http:\/\/www.karate-neuhofen.at\/wp-content\/gallery\/sommercamp-2014\/thumbs\/thumbs_img_1008.jpg\"\n               data-image-id=\"7055\"\n               data-title=\"img_1008\"\n               data-description=\"\"\n               data-image-slug=\"img_1008-2\"\n               class=\"shutterset_a6d0251e289b9d2023c6d431c5710d04\">\n                <img\n                    title=\"img_1008\"\n                    alt=\"img_1008\"\n                    src=\"http:\/\/www.karate-neuhofen.at\/wp-content\/gallery\/sommercamp-2014\/thumbs\/thumbs_img_1008.jpg\"\n                    width=\"100\"\n                    height=\"66\"\n                    style=\"max-width:100%;\"\n                \/>\n            <\/a>\n        <\/div>\n\t\t\t\t\t\t\t<\/div> \n\t\t\t\n        \n\t\t\t\t<div id=\"ngg-image-349\" class=\"ngg-gallery-thumbnail-box\" >\n\t\t\t\t        <div class=\"ngg-gallery-thumbnail\">\n            <a href=\"http:\/\/www.karate-neuhofen.at\/wp-content\/gallery\/sommercamp-2014\/img_1014.jpg\"\n               title=\"\"\n               data-src=\"http:\/\/www.karate-neuhofen.at\/wp-content\/gallery\/sommercamp-2014\/img_1014.jpg\"\n               data-thumbnail=\"http:\/\/www.karate-neuhofen.at\/wp-content\/gallery\/sommercamp-2014\/thumbs\/thumbs_img_1014.jpg\"\n               data-image-id=\"7056\"\n               data-title=\"img_1014\"\n               data-description=\"\"\n               data-image-slug=\"img_1014-2\"\n               class=\"shutterset_a6d0251e289b9d2023c6d431c5710d04\">\n                <img\n                    title=\"img_1014\"\n                    alt=\"img_1014\"\n                    src=\"http:\/\/www.karate-neuhofen.at\/wp-content\/gallery\/sommercamp-2014\/thumbs\/thumbs_img_1014.jpg\"\n                    width=\"100\"\n                    height=\"66\"\n                    style=\"max-width:100%;\"\n                \/>\n            <\/a>\n        <\/div>\n\t\t\t\t\t\t\t<\/div> \n\t\t\t\n        \n\t\t\t\t<div id=\"ngg-image-350\" class=\"ngg-gallery-thumbnail-box\" >\n\t\t\t\t        <div class=\"ngg-gallery-thumbnail\">\n            <a href=\"http:\/\/www.karate-neuhofen.at\/wp-content\/gallery\/sommercamp-2014\/img_1020.jpg\"\n               title=\"\"\n               data-src=\"http:\/\/www.karate-neuhofen.at\/wp-content\/gallery\/sommercamp-2014\/img_1020.jpg\"\n               data-thumbnail=\"http:\/\/www.karate-neuhofen.at\/wp-content\/gallery\/sommercamp-2014\/thumbs\/thumbs_img_1020.jpg\"\n               data-image-id=\"7057\"\n               data-title=\"img_1020\"\n               data-description=\"\"\n               data-image-slug=\"img_1020-2\"\n               class=\"shutterset_a6d0251e289b9d2023c6d431c5710d04\">\n                <img\n                    title=\"img_1020\"\n                    alt=\"img_1020\"\n                    src=\"http:\/\/www.karate-neuhofen.at\/wp-content\/gallery\/sommercamp-2014\/thumbs\/thumbs_img_1020.jpg\"\n                    width=\"100\"\n                    height=\"66\"\n                    style=\"max-width:100%;\"\n                \/>\n            <\/a>\n        <\/div>\n\t\t\t\t\t\t\t<\/div> \n\t\t\t\n        \n\t\t\t\t<div id=\"ngg-image-351\" class=\"ngg-gallery-thumbnail-box\" >\n\t\t\t\t        <div class=\"ngg-gallery-thumbnail\">\n            <a href=\"http:\/\/www.karate-neuhofen.at\/wp-content\/gallery\/sommercamp-2014\/img_1023.jpg\"\n               title=\"\"\n               data-src=\"http:\/\/www.karate-neuhofen.at\/wp-content\/gallery\/sommercamp-2014\/img_1023.jpg\"\n               data-thumbnail=\"http:\/\/www.karate-neuhofen.at\/wp-content\/gallery\/sommercamp-2014\/thumbs\/thumbs_img_1023.jpg\"\n               data-image-id=\"7058\"\n               data-title=\"img_1023\"\n               data-description=\"\"\n               data-image-slug=\"img_1023-2\"\n               class=\"shutterset_a6d0251e289b9d2023c6d431c5710d04\">\n                <img\n                    title=\"img_1023\"\n                    alt=\"img_1023\"\n                    src=\"http:\/\/www.karate-neuhofen.at\/wp-content\/gallery\/sommercamp-2014\/thumbs\/thumbs_img_1023.jpg\"\n                    width=\"100\"\n                    height=\"66\"\n                    style=\"max-width:100%;\"\n                \/>\n            <\/a>\n        <\/div>\n\t\t\t\t\t\t\t<\/div> \n\t\t\t\n        \n\t\t\t\t<div id=\"ngg-image-352\" class=\"ngg-gallery-thumbnail-box\" >\n\t\t\t\t        <div class=\"ngg-gallery-thumbnail\">\n            <a href=\"http:\/\/www.karate-neuhofen.at\/wp-content\/gallery\/sommercamp-2014\/img_1032.jpg\"\n               title=\"\"\n               data-src=\"http:\/\/www.karate-neuhofen.at\/wp-content\/gallery\/sommercamp-2014\/img_1032.jpg\"\n               data-thumbnail=\"http:\/\/www.karate-neuhofen.at\/wp-content\/gallery\/sommercamp-2014\/thumbs\/thumbs_img_1032.jpg\"\n               data-image-id=\"7059\"\n               data-title=\"img_1032\"\n               data-description=\"\"\n               data-image-slug=\"img_1032-2\"\n               class=\"shutterset_a6d0251e289b9d2023c6d431c5710d04\">\n                <img\n                    title=\"img_1032\"\n                    alt=\"img_1032\"\n                    src=\"http:\/\/www.karate-neuhofen.at\/wp-content\/gallery\/sommercamp-2014\/thumbs\/thumbs_img_1032.jpg\"\n                    width=\"100\"\n                    height=\"66\"\n                    style=\"max-width:100%;\"\n                \/>\n            <\/a>\n        <\/div>\n\t\t\t\t\t\t\t<\/div> \n\t\t\t\n        \n\t\t\t\t<div id=\"ngg-image-353\" class=\"ngg-gallery-thumbnail-box\" >\n\t\t\t\t        <div class=\"ngg-gallery-thumbnail\">\n            <a href=\"http:\/\/www.karate-neuhofen.at\/wp-content\/gallery\/sommercamp-2014\/img_1033.jpg\"\n               title=\"\"\n               data-src=\"http:\/\/www.karate-neuhofen.at\/wp-content\/gallery\/sommercamp-2014\/img_1033.jpg\"\n               data-thumbnail=\"http:\/\/www.karate-neuhofen.at\/wp-content\/gallery\/sommercamp-2014\/thumbs\/thumbs_img_1033.jpg\"\n               data-image-id=\"7060\"\n               data-title=\"img_1033\"\n               data-description=\"\"\n               data-image-slug=\"img_1033-2\"\n               class=\"shutterset_a6d0251e289b9d2023c6d431c5710d04\">\n                <img\n                    title=\"img_1033\"\n                    alt=\"img_1033\"\n                    src=\"http:\/\/www.karate-neuhofen.at\/wp-content\/gallery\/sommercamp-2014\/thumbs\/thumbs_img_1033.jpg\"\n                    width=\"100\"\n                    height=\"66\"\n                    style=\"max-width:100%;\"\n                \/>\n            <\/a>\n        <\/div>\n\t\t\t\t\t\t\t<\/div> \n\t\t\t\n        \n\t\t\t\t<div id=\"ngg-image-354\" class=\"ngg-gallery-thumbnail-box\" >\n\t\t\t\t        <div class=\"ngg-gallery-thumbnail\">\n            <a href=\"http:\/\/www.karate-neuhofen.at\/wp-content\/gallery\/sommercamp-2014\/img_1035.jpg\"\n               title=\"\"\n               data-src=\"http:\/\/www.karate-neuhofen.at\/wp-content\/gallery\/sommercamp-2014\/img_1035.jpg\"\n               data-thumbnail=\"http:\/\/www.karate-neuhofen.at\/wp-content\/gallery\/sommercamp-2014\/thumbs\/thumbs_img_1035.jpg\"\n               data-image-id=\"7061\"\n               data-title=\"img_1035\"\n               data-description=\"\"\n               data-image-slug=\"img_1035-2\"\n               class=\"shutterset_a6d0251e289b9d2023c6d431c5710d04\">\n                <img\n                    title=\"img_1035\"\n                    alt=\"img_1035\"\n                    src=\"http:\/\/www.karate-neuhofen.at\/wp-content\/gallery\/sommercamp-2014\/thumbs\/thumbs_img_1035.jpg\"\n                    width=\"100\"\n                    height=\"66\"\n                    style=\"max-width:100%;\"\n                \/>\n            <\/a>\n        <\/div>\n\t\t\t\t\t\t\t<\/div> \n\t\t\t\n        \n\t\t\t\t<div id=\"ngg-image-355\" class=\"ngg-gallery-thumbnail-box\" >\n\t\t\t\t        <div class=\"ngg-gallery-thumbnail\">\n            <a href=\"http:\/\/www.karate-neuhofen.at\/wp-content\/gallery\/sommercamp-2014\/img_1039.jpg\"\n               title=\"\"\n               data-src=\"http:\/\/www.karate-neuhofen.at\/wp-content\/gallery\/sommercamp-2014\/img_1039.jpg\"\n               data-thumbnail=\"http:\/\/www.karate-neuhofen.at\/wp-content\/gallery\/sommercamp-2014\/thumbs\/thumbs_img_1039.jpg\"\n               data-image-id=\"7062\"\n               data-title=\"img_1039\"\n               data-description=\"\"\n               data-image-slug=\"img_1039-2\"\n               class=\"shutterset_a6d0251e289b9d2023c6d431c5710d04\">\n                <img\n                    title=\"img_1039\"\n                    alt=\"img_1039\"\n                    src=\"http:\/\/www.karate-neuhofen.at\/wp-content\/gallery\/sommercamp-2014\/thumbs\/thumbs_img_1039.jpg\"\n                    width=\"100\"\n                    height=\"66\"\n                    style=\"max-width:100%;\"\n                \/>\n            <\/a>\n        <\/div>\n\t\t\t\t\t\t\t<\/div> \n\t\t\t\n        \n\t\t\t\t<div id=\"ngg-image-356\" class=\"ngg-gallery-thumbnail-box\" >\n\t\t\t\t        <div class=\"ngg-gallery-thumbnail\">\n            <a href=\"http:\/\/www.karate-neuhofen.at\/wp-content\/gallery\/sommercamp-2014\/img_1040.jpg\"\n               title=\"\"\n               data-src=\"http:\/\/www.karate-neuhofen.at\/wp-content\/gallery\/sommercamp-2014\/img_1040.jpg\"\n               data-thumbnail=\"http:\/\/www.karate-neuhofen.at\/wp-content\/gallery\/sommercamp-2014\/thumbs\/thumbs_img_1040.jpg\"\n               data-image-id=\"7063\"\n               data-title=\"img_1040\"\n               data-description=\"\"\n               data-image-slug=\"img_1040-2\"\n               class=\"shutterset_a6d0251e289b9d2023c6d431c5710d04\">\n                <img\n                    title=\"img_1040\"\n                    alt=\"img_1040\"\n                    src=\"http:\/\/www.karate-neuhofen.at\/wp-content\/gallery\/sommercamp-2014\/thumbs\/thumbs_img_1040.jpg\"\n                    width=\"50\"\n                    height=\"75\"\n                    style=\"max-width:100%;\"\n                \/>\n            <\/a>\n        <\/div>\n\t\t\t\t\t\t\t<\/div> \n\t\t\t\n        \n\t\t\t\t<div id=\"ngg-image-357\" class=\"ngg-gallery-thumbnail-box\" >\n\t\t\t\t        <div class=\"ngg-gallery-thumbnail\">\n            <a href=\"http:\/\/www.karate-neuhofen.at\/wp-content\/gallery\/sommercamp-2014\/img_1041.jpg\"\n               title=\"\"\n               data-src=\"http:\/\/www.karate-neuhofen.at\/wp-content\/gallery\/sommercamp-2014\/img_1041.jpg\"\n               data-thumbnail=\"http:\/\/www.karate-neuhofen.at\/wp-content\/gallery\/sommercamp-2014\/thumbs\/thumbs_img_1041.jpg\"\n               data-image-id=\"7064\"\n               data-title=\"img_1041\"\n               data-description=\"\"\n               data-image-slug=\"img_1041-2\"\n               class=\"shutterset_a6d0251e289b9d2023c6d431c5710d04\">\n                <img\n                    title=\"img_1041\"\n                    alt=\"img_1041\"\n                    src=\"http:\/\/www.karate-neuhofen.at\/wp-content\/gallery\/sommercamp-2014\/thumbs\/thumbs_img_1041.jpg\"\n                    width=\"50\"\n                    height=\"75\"\n                    style=\"max-width:100%;\"\n                \/>\n            <\/a>\n        <\/div>\n\t\t\t\t\t\t\t<\/div> \n\t\t\t\n        \n\t\t\t\t<div id=\"ngg-image-358\" class=\"ngg-gallery-thumbnail-box\" >\n\t\t\t\t        <div class=\"ngg-gallery-thumbnail\">\n            <a href=\"http:\/\/www.karate-neuhofen.at\/wp-content\/gallery\/sommercamp-2014\/img_1046.jpg\"\n               title=\"\"\n               data-src=\"http:\/\/www.karate-neuhofen.at\/wp-content\/gallery\/sommercamp-2014\/img_1046.jpg\"\n               data-thumbnail=\"http:\/\/www.karate-neuhofen.at\/wp-content\/gallery\/sommercamp-2014\/thumbs\/thumbs_img_1046.jpg\"\n               data-image-id=\"7066\"\n               data-title=\"img_1046\"\n               data-description=\"\"\n               data-image-slug=\"img_1046-2\"\n               class=\"shutterset_a6d0251e289b9d2023c6d431c5710d04\">\n                <img\n                    title=\"img_1046\"\n                    alt=\"img_1046\"\n                    src=\"http:\/\/www.karate-neuhofen.at\/wp-content\/gallery\/sommercamp-2014\/thumbs\/thumbs_img_1046.jpg\"\n                    width=\"100\"\n                    height=\"66\"\n                    style=\"max-width:100%;\"\n                \/>\n            <\/a>\n        <\/div>\n\t\t\t\t\t\t\t<\/div> \n\t\t\t\n        \n\t\t\t\t<div id=\"ngg-image-359\" class=\"ngg-gallery-thumbnail-box\" >\n\t\t\t\t        <div class=\"ngg-gallery-thumbnail\">\n            <a href=\"http:\/\/www.karate-neuhofen.at\/wp-content\/gallery\/sommercamp-2014\/img_1048.jpg\"\n               title=\"\"\n               data-src=\"http:\/\/www.karate-neuhofen.at\/wp-content\/gallery\/sommercamp-2014\/img_1048.jpg\"\n               data-thumbnail=\"http:\/\/www.karate-neuhofen.at\/wp-content\/gallery\/sommercamp-2014\/thumbs\/thumbs_img_1048.jpg\"\n               data-image-id=\"7068\"\n               data-title=\"img_1048\"\n               data-description=\"\"\n               data-image-slug=\"img_1048-2\"\n               class=\"shutterset_a6d0251e289b9d2023c6d431c5710d04\">\n                <img\n                    title=\"img_1048\"\n                    alt=\"img_1048\"\n                    src=\"http:\/\/www.karate-neuhofen.at\/wp-content\/gallery\/sommercamp-2014\/thumbs\/thumbs_img_1048.jpg\"\n                    width=\"100\"\n                    height=\"66\"\n                    style=\"max-width:100%;\"\n                \/>\n            <\/a>\n        <\/div>\n\t\t\t\t\t\t\t<\/div> \n\t\t\t\n        \n\t\t\t\t<div id=\"ngg-image-360\" class=\"ngg-gallery-thumbnail-box\" >\n\t\t\t\t        <div class=\"ngg-gallery-thumbnail\">\n            <a href=\"http:\/\/www.karate-neuhofen.at\/wp-content\/gallery\/sommercamp-2014\/img_1049.jpg\"\n               title=\"\"\n               data-src=\"http:\/\/www.karate-neuhofen.at\/wp-content\/gallery\/sommercamp-2014\/img_1049.jpg\"\n               data-thumbnail=\"http:\/\/www.karate-neuhofen.at\/wp-content\/gallery\/sommercamp-2014\/thumbs\/thumbs_img_1049.jpg\"\n               data-image-id=\"7069\"\n               data-title=\"img_1049\"\n               data-description=\"\"\n               data-image-slug=\"img_1049-2\"\n               class=\"shutterset_a6d0251e289b9d2023c6d431c5710d04\">\n                <img\n                    title=\"img_1049\"\n                    alt=\"img_1049\"\n                    src=\"http:\/\/www.karate-neuhofen.at\/wp-content\/gallery\/sommercamp-2014\/thumbs\/thumbs_img_1049.jpg\"\n                    width=\"100\"\n                    height=\"66\"\n                    style=\"max-width:100%;\"\n                \/>\n            <\/a>\n        <\/div>\n\t\t\t\t\t\t\t<\/div> \n\t\t\t\n        \n\t\t\t\t<div id=\"ngg-image-361\" class=\"ngg-gallery-thumbnail-box\" >\n\t\t\t\t        <div class=\"ngg-gallery-thumbnail\">\n            <a href=\"http:\/\/www.karate-neuhofen.at\/wp-content\/gallery\/sommercamp-2014\/img_1054.jpg\"\n               title=\"\"\n               data-src=\"http:\/\/www.karate-neuhofen.at\/wp-content\/gallery\/sommercamp-2014\/img_1054.jpg\"\n               data-thumbnail=\"http:\/\/www.karate-neuhofen.at\/wp-content\/gallery\/sommercamp-2014\/thumbs\/thumbs_img_1054.jpg\"\n               data-image-id=\"7071\"\n               data-title=\"img_1054\"\n               data-description=\"\"\n               data-image-slug=\"img_1054-2\"\n               class=\"shutterset_a6d0251e289b9d2023c6d431c5710d04\">\n                <img\n                    title=\"img_1054\"\n                    alt=\"img_1054\"\n                    src=\"http:\/\/www.karate-neuhofen.at\/wp-content\/gallery\/sommercamp-2014\/thumbs\/thumbs_img_1054.jpg\"\n                    width=\"50\"\n                    height=\"75\"\n                    style=\"max-width:100%;\"\n                \/>\n            <\/a>\n        <\/div>\n\t\t\t\t\t\t\t<\/div> \n\t\t\t\n        \n\t\t\t\t<div id=\"ngg-image-362\" class=\"ngg-gallery-thumbnail-box\" >\n\t\t\t\t        <div class=\"ngg-gallery-thumbnail\">\n            <a href=\"http:\/\/www.karate-neuhofen.at\/wp-content\/gallery\/sommercamp-2014\/img_1055.jpg\"\n               title=\"\"\n               data-src=\"http:\/\/www.karate-neuhofen.at\/wp-content\/gallery\/sommercamp-2014\/img_1055.jpg\"\n               data-thumbnail=\"http:\/\/www.karate-neuhofen.at\/wp-content\/gallery\/sommercamp-2014\/thumbs\/thumbs_img_1055.jpg\"\n               data-image-id=\"7072\"\n               data-title=\"img_1055\"\n               data-description=\"\"\n               data-image-slug=\"img_1055-2\"\n               class=\"shutterset_a6d0251e289b9d2023c6d431c5710d04\">\n                <img\n                    title=\"img_1055\"\n                    alt=\"img_1055\"\n                    src=\"http:\/\/www.karate-neuhofen.at\/wp-content\/gallery\/sommercamp-2014\/thumbs\/thumbs_img_1055.jpg\"\n                    width=\"100\"\n                    height=\"66\"\n                    style=\"max-width:100%;\"\n                \/>\n            <\/a>\n        <\/div>\n\t\t\t\t\t\t\t<\/div> \n\t\t\t\n        \n\t\t\t\t<div id=\"ngg-image-363\" class=\"ngg-gallery-thumbnail-box\" >\n\t\t\t\t        <div class=\"ngg-gallery-thumbnail\">\n            <a href=\"http:\/\/www.karate-neuhofen.at\/wp-content\/gallery\/sommercamp-2014\/img_1064.jpg\"\n               title=\"\"\n               data-src=\"http:\/\/www.karate-neuhofen.at\/wp-content\/gallery\/sommercamp-2014\/img_1064.jpg\"\n               data-thumbnail=\"http:\/\/www.karate-neuhofen.at\/wp-content\/gallery\/sommercamp-2014\/thumbs\/thumbs_img_1064.jpg\"\n               data-image-id=\"7076\"\n               data-title=\"img_1064\"\n               data-description=\"\"\n               data-image-slug=\"img_1064-2\"\n               class=\"shutterset_a6d0251e289b9d2023c6d431c5710d04\">\n                <img\n                    title=\"img_1064\"\n                    alt=\"img_1064\"\n                    src=\"http:\/\/www.karate-neuhofen.at\/wp-content\/gallery\/sommercamp-2014\/thumbs\/thumbs_img_1064.jpg\"\n                    width=\"100\"\n                    height=\"66\"\n                    style=\"max-width:100%;\"\n                \/>\n            <\/a>\n        <\/div>\n\t\t\t\t\t\t\t<\/div> \n\t\t\t\n        \n\t\t\t\t<div id=\"ngg-image-364\" class=\"ngg-gallery-thumbnail-box\" >\n\t\t\t\t        <div class=\"ngg-gallery-thumbnail\">\n            <a href=\"http:\/\/www.karate-neuhofen.at\/wp-content\/gallery\/sommercamp-2014\/img_1065.jpg\"\n               title=\"\"\n               data-src=\"http:\/\/www.karate-neuhofen.at\/wp-content\/gallery\/sommercamp-2014\/img_1065.jpg\"\n               data-thumbnail=\"http:\/\/www.karate-neuhofen.at\/wp-content\/gallery\/sommercamp-2014\/thumbs\/thumbs_img_1065.jpg\"\n               data-image-id=\"7077\"\n               data-title=\"img_1065\"\n               data-description=\"\"\n               data-image-slug=\"img_1065-2\"\n               class=\"shutterset_a6d0251e289b9d2023c6d431c5710d04\">\n                <img\n                    title=\"img_1065\"\n                    alt=\"img_1065\"\n                    src=\"http:\/\/www.karate-neuhofen.at\/wp-content\/gallery\/sommercamp-2014\/thumbs\/thumbs_img_1065.jpg\"\n                    width=\"100\"\n                    height=\"66\"\n                    style=\"max-width:100%;\"\n                \/>\n            <\/a>\n        <\/div>\n\t\t\t\t\t\t\t<\/div> \n\t\t\t\n        \n\t\t\t\t<div id=\"ngg-image-365\" class=\"ngg-gallery-thumbnail-box\" >\n\t\t\t\t        <div class=\"ngg-gallery-thumbnail\">\n            <a href=\"http:\/\/www.karate-neuhofen.at\/wp-content\/gallery\/sommercamp-2014\/img_1066.jpg\"\n               title=\"\"\n               data-src=\"http:\/\/www.karate-neuhofen.at\/wp-content\/gallery\/sommercamp-2014\/img_1066.jpg\"\n               data-thumbnail=\"http:\/\/www.karate-neuhofen.at\/wp-content\/gallery\/sommercamp-2014\/thumbs\/thumbs_img_1066.jpg\"\n               data-image-id=\"7078\"\n               data-title=\"img_1066\"\n               data-description=\"\"\n               data-image-slug=\"img_1066-2\"\n               class=\"shutterset_a6d0251e289b9d2023c6d431c5710d04\">\n                <img\n                    title=\"img_1066\"\n                    alt=\"img_1066\"\n                    src=\"http:\/\/www.karate-neuhofen.at\/wp-content\/gallery\/sommercamp-2014\/thumbs\/thumbs_img_1066.jpg\"\n                    width=\"100\"\n                    height=\"66\"\n                    style=\"max-width:100%;\"\n                \/>\n            <\/a>\n        <\/div>\n\t\t\t\t\t\t\t<\/div> \n\t\t\t\n        \n\t\t\t\t<div id=\"ngg-image-366\" class=\"ngg-gallery-thumbnail-box\" >\n\t\t\t\t        <div class=\"ngg-gallery-thumbnail\">\n            <a href=\"http:\/\/www.karate-neuhofen.at\/wp-content\/gallery\/sommercamp-2014\/img_1067.jpg\"\n               title=\"\"\n               data-src=\"http:\/\/www.karate-neuhofen.at\/wp-content\/gallery\/sommercamp-2014\/img_1067.jpg\"\n               data-thumbnail=\"http:\/\/www.karate-neuhofen.at\/wp-content\/gallery\/sommercamp-2014\/thumbs\/thumbs_img_1067.jpg\"\n               data-image-id=\"7079\"\n               data-title=\"img_1067\"\n               data-description=\"\"\n               data-image-slug=\"img_1067-2\"\n               class=\"shutterset_a6d0251e289b9d2023c6d431c5710d04\">\n                <img\n                    title=\"img_1067\"\n                    alt=\"img_1067\"\n                    src=\"http:\/\/www.karate-neuhofen.at\/wp-content\/gallery\/sommercamp-2014\/thumbs\/thumbs_img_1067.jpg\"\n                    width=\"100\"\n                    height=\"66\"\n                    style=\"max-width:100%;\"\n                \/>\n            <\/a>\n        <\/div>\n\t\t\t\t\t\t\t<\/div> \n\t\t\t\n        \n\t\t\t\t<div id=\"ngg-image-367\" class=\"ngg-gallery-thumbnail-box\" >\n\t\t\t\t        <div class=\"ngg-gallery-thumbnail\">\n            <a href=\"http:\/\/www.karate-neuhofen.at\/wp-content\/gallery\/sommercamp-2014\/img_1070.jpg\"\n               title=\"\"\n               data-src=\"http:\/\/www.karate-neuhofen.at\/wp-content\/gallery\/sommercamp-2014\/img_1070.jpg\"\n               data-thumbnail=\"http:\/\/www.karate-neuhofen.at\/wp-content\/gallery\/sommercamp-2014\/thumbs\/thumbs_img_1070.jpg\"\n               data-image-id=\"7081\"\n               data-title=\"img_1070\"\n               data-description=\"\"\n               data-image-slug=\"img_1070-2\"\n               class=\"shutterset_a6d0251e289b9d2023c6d431c5710d04\">\n                <img\n                    title=\"img_1070\"\n                    alt=\"img_1070\"\n                    src=\"http:\/\/www.karate-neuhofen.at\/wp-content\/gallery\/sommercamp-2014\/thumbs\/thumbs_img_1070.jpg\"\n                    width=\"100\"\n                    height=\"66\"\n                    style=\"max-width:100%;\"\n                \/>\n            <\/a>\n        <\/div>\n\t\t\t\t\t\t\t<\/div> \n\t\t\t\n        \n\t\t\t\t<div id=\"ngg-image-368\" class=\"ngg-gallery-thumbnail-box\" >\n\t\t\t\t        <div class=\"ngg-gallery-thumbnail\">\n            <a href=\"http:\/\/www.karate-neuhofen.at\/wp-content\/gallery\/sommercamp-2014\/img_1072.jpg\"\n               title=\"\"\n               data-src=\"http:\/\/www.karate-neuhofen.at\/wp-content\/gallery\/sommercamp-2014\/img_1072.jpg\"\n               data-thumbnail=\"http:\/\/www.karate-neuhofen.at\/wp-content\/gallery\/sommercamp-2014\/thumbs\/thumbs_img_1072.jpg\"\n               data-image-id=\"7082\"\n               data-title=\"img_1072\"\n               data-description=\"\"\n               data-image-slug=\"img_1072-2\"\n               class=\"shutterset_a6d0251e289b9d2023c6d431c5710d04\">\n                <img\n                    title=\"img_1072\"\n                    alt=\"img_1072\"\n                    src=\"http:\/\/www.karate-neuhofen.at\/wp-content\/gallery\/sommercamp-2014\/thumbs\/thumbs_img_1072.jpg\"\n                    width=\"100\"\n                    height=\"66\"\n                    style=\"max-width:100%;\"\n                \/>\n            <\/a>\n        <\/div>\n\t\t\t\t\t\t\t<\/div> \n\t\t\t\n        \n\t\t\t\t<div id=\"ngg-image-369\" class=\"ngg-gallery-thumbnail-box\" >\n\t\t\t\t        <div class=\"ngg-gallery-thumbnail\">\n            <a href=\"http:\/\/www.karate-neuhofen.at\/wp-content\/gallery\/sommercamp-2014\/img_1082.jpg\"\n               title=\"\"\n               data-src=\"http:\/\/www.karate-neuhofen.at\/wp-content\/gallery\/sommercamp-2014\/img_1082.jpg\"\n               data-thumbnail=\"http:\/\/www.karate-neuhofen.at\/wp-content\/gallery\/sommercamp-2014\/thumbs\/thumbs_img_1082.jpg\"\n               data-image-id=\"7085\"\n               data-title=\"img_1082\"\n               data-description=\"\"\n               data-image-slug=\"img_1082-2\"\n               class=\"shutterset_a6d0251e289b9d2023c6d431c5710d04\">\n                <img\n                    title=\"img_1082\"\n                    alt=\"img_1082\"\n                    src=\"http:\/\/www.karate-neuhofen.at\/wp-content\/gallery\/sommercamp-2014\/thumbs\/thumbs_img_1082.jpg\"\n                    width=\"50\"\n                    height=\"75\"\n                    style=\"max-width:100%;\"\n                \/>\n            <\/a>\n        <\/div>\n\t\t\t\t\t\t\t<\/div> \n\t\t\t\n        \n\t\t\t\t<div id=\"ngg-image-370\" class=\"ngg-gallery-thumbnail-box\" >\n\t\t\t\t        <div class=\"ngg-gallery-thumbnail\">\n            <a href=\"http:\/\/www.karate-neuhofen.at\/wp-content\/gallery\/sommercamp-2014\/img_1083.jpg\"\n               title=\"\"\n               data-src=\"http:\/\/www.karate-neuhofen.at\/wp-content\/gallery\/sommercamp-2014\/img_1083.jpg\"\n               data-thumbnail=\"http:\/\/www.karate-neuhofen.at\/wp-content\/gallery\/sommercamp-2014\/thumbs\/thumbs_img_1083.jpg\"\n               data-image-id=\"7086\"\n               data-title=\"img_1083\"\n               data-description=\"\"\n               data-image-slug=\"img_1083-2\"\n               class=\"shutterset_a6d0251e289b9d2023c6d431c5710d04\">\n                <img\n                    title=\"img_1083\"\n                    alt=\"img_1083\"\n                    src=\"http:\/\/www.karate-neuhofen.at\/wp-content\/gallery\/sommercamp-2014\/thumbs\/thumbs_img_1083.jpg\"\n                    width=\"50\"\n                    height=\"75\"\n                    style=\"max-width:100%;\"\n                \/>\n            <\/a>\n        <\/div>\n\t\t\t\t\t\t\t<\/div> \n\t\t\t\n        \n\t\t\t\t<div id=\"ngg-image-371\" class=\"ngg-gallery-thumbnail-box\" >\n\t\t\t\t        <div class=\"ngg-gallery-thumbnail\">\n            <a href=\"http:\/\/www.karate-neuhofen.at\/wp-content\/gallery\/sommercamp-2014\/img_1084.jpg\"\n               title=\"\"\n               data-src=\"http:\/\/www.karate-neuhofen.at\/wp-content\/gallery\/sommercamp-2014\/img_1084.jpg\"\n               data-thumbnail=\"http:\/\/www.karate-neuhofen.at\/wp-content\/gallery\/sommercamp-2014\/thumbs\/thumbs_img_1084.jpg\"\n               data-image-id=\"7087\"\n               data-title=\"img_1084\"\n               data-description=\"\"\n               data-image-slug=\"img_1084-2\"\n               class=\"shutterset_a6d0251e289b9d2023c6d431c5710d04\">\n                <img\n                    title=\"img_1084\"\n                    alt=\"img_1084\"\n                    src=\"http:\/\/www.karate-neuhofen.at\/wp-content\/gallery\/sommercamp-2014\/thumbs\/thumbs_img_1084.jpg\"\n                    width=\"50\"\n                    height=\"75\"\n                    style=\"max-width:100%;\"\n                \/>\n            <\/a>\n        <\/div>\n\t\t\t\t\t\t\t<\/div> \n\t\t\t\n        \n\t\t\t\t<div id=\"ngg-image-372\" class=\"ngg-gallery-thumbnail-box\" >\n\t\t\t\t        <div class=\"ngg-gallery-thumbnail\">\n            <a href=\"http:\/\/www.karate-neuhofen.at\/wp-content\/gallery\/sommercamp-2014\/img_1085.jpg\"\n               title=\"\"\n               data-src=\"http:\/\/www.karate-neuhofen.at\/wp-content\/gallery\/sommercamp-2014\/img_1085.jpg\"\n               data-thumbnail=\"http:\/\/www.karate-neuhofen.at\/wp-content\/gallery\/sommercamp-2014\/thumbs\/thumbs_img_1085.jpg\"\n               data-image-id=\"7088\"\n               data-title=\"img_1085\"\n               data-description=\"\"\n               data-image-slug=\"img_1085-2\"\n               class=\"shutterset_a6d0251e289b9d2023c6d431c5710d04\">\n                <img\n                    title=\"img_1085\"\n                    alt=\"img_1085\"\n                    src=\"http:\/\/www.karate-neuhofen.at\/wp-content\/gallery\/sommercamp-2014\/thumbs\/thumbs_img_1085.jpg\"\n                    width=\"100\"\n                    height=\"66\"\n                    style=\"max-width:100%;\"\n                \/>\n            <\/a>\n        <\/div>\n\t\t\t\t\t\t\t<\/div> \n\t\t\t\n        \n\t\t\t\t<div id=\"ngg-image-373\" class=\"ngg-gallery-thumbnail-box\" >\n\t\t\t\t        <div class=\"ngg-gallery-thumbnail\">\n            <a href=\"http:\/\/www.karate-neuhofen.at\/wp-content\/gallery\/sommercamp-2014\/img_1087.jpg\"\n               title=\"\"\n               data-src=\"http:\/\/www.karate-neuhofen.at\/wp-content\/gallery\/sommercamp-2014\/img_1087.jpg\"\n               data-thumbnail=\"http:\/\/www.karate-neuhofen.at\/wp-content\/gallery\/sommercamp-2014\/thumbs\/thumbs_img_1087.jpg\"\n               data-image-id=\"7089\"\n               data-title=\"img_1087\"\n               data-description=\"\"\n               data-image-slug=\"img_1087-2\"\n               class=\"shutterset_a6d0251e289b9d2023c6d431c5710d04\">\n                <img\n                    title=\"img_1087\"\n                    alt=\"img_1087\"\n                    src=\"http:\/\/www.karate-neuhofen.at\/wp-content\/gallery\/sommercamp-2014\/thumbs\/thumbs_img_1087.jpg\"\n                    width=\"100\"\n                    height=\"66\"\n                    style=\"max-width:100%;\"\n                \/>\n            <\/a>\n        <\/div>\n\t\t\t\t\t\t\t<\/div> \n\t\t\t\n        \n\t\t\t\t<div id=\"ngg-image-374\" class=\"ngg-gallery-thumbnail-box\" >\n\t\t\t\t        <div class=\"ngg-gallery-thumbnail\">\n            <a href=\"http:\/\/www.karate-neuhofen.at\/wp-content\/gallery\/sommercamp-2014\/img_1092.jpg\"\n               title=\"\"\n               data-src=\"http:\/\/www.karate-neuhofen.at\/wp-content\/gallery\/sommercamp-2014\/img_1092.jpg\"\n               data-thumbnail=\"http:\/\/www.karate-neuhofen.at\/wp-content\/gallery\/sommercamp-2014\/thumbs\/thumbs_img_1092.jpg\"\n               data-image-id=\"7090\"\n               data-title=\"img_1092\"\n               data-description=\"\"\n               data-image-slug=\"img_1092-2\"\n               class=\"shutterset_a6d0251e289b9d2023c6d431c5710d04\">\n                <img\n                    title=\"img_1092\"\n                    alt=\"img_1092\"\n                    src=\"http:\/\/www.karate-neuhofen.at\/wp-content\/gallery\/sommercamp-2014\/thumbs\/thumbs_img_1092.jpg\"\n                    width=\"100\"\n                    height=\"66\"\n                    style=\"max-width:100%;\"\n                \/>\n            <\/a>\n        <\/div>\n\t\t\t\t\t\t\t<\/div> \n\t\t\t\n        \n\t\t\t\t<div id=\"ngg-image-375\" class=\"ngg-gallery-thumbnail-box\" >\n\t\t\t\t        <div class=\"ngg-gallery-thumbnail\">\n            <a href=\"http:\/\/www.karate-neuhofen.at\/wp-content\/gallery\/sommercamp-2014\/img_1093.jpg\"\n               title=\"\"\n               data-src=\"http:\/\/www.karate-neuhofen.at\/wp-content\/gallery\/sommercamp-2014\/img_1093.jpg\"\n               data-thumbnail=\"http:\/\/www.karate-neuhofen.at\/wp-content\/gallery\/sommercamp-2014\/thumbs\/thumbs_img_1093.jpg\"\n               data-image-id=\"7091\"\n               data-title=\"img_1093\"\n               data-description=\"\"\n               data-image-slug=\"img_1093-2\"\n               class=\"shutterset_a6d0251e289b9d2023c6d431c5710d04\">\n                <img\n                    title=\"img_1093\"\n                    alt=\"img_1093\"\n                    src=\"http:\/\/www.karate-neuhofen.at\/wp-content\/gallery\/sommercamp-2014\/thumbs\/thumbs_img_1093.jpg\"\n                    width=\"100\"\n                    height=\"66\"\n                    style=\"max-width:100%;\"\n                \/>\n            <\/a>\n        <\/div>\n\t\t\t\t\t\t\t<\/div> \n\t\t\t\n        \n\t\t\t\t<div id=\"ngg-image-376\" class=\"ngg-gallery-thumbnail-box\" >\n\t\t\t\t        <div class=\"ngg-gallery-thumbnail\">\n            <a href=\"http:\/\/www.karate-neuhofen.at\/wp-content\/gallery\/sommercamp-2014\/img_1100.jpg\"\n               title=\"\"\n               data-src=\"http:\/\/www.karate-neuhofen.at\/wp-content\/gallery\/sommercamp-2014\/img_1100.jpg\"\n               data-thumbnail=\"http:\/\/www.karate-neuhofen.at\/wp-content\/gallery\/sommercamp-2014\/thumbs\/thumbs_img_1100.jpg\"\n               data-image-id=\"7092\"\n               data-title=\"img_1100\"\n               data-description=\"\"\n               data-image-slug=\"img_1100-2\"\n               class=\"shutterset_a6d0251e289b9d2023c6d431c5710d04\">\n                <img\n                    title=\"img_1100\"\n                    alt=\"img_1100\"\n                    src=\"http:\/\/www.karate-neuhofen.at\/wp-content\/gallery\/sommercamp-2014\/thumbs\/thumbs_img_1100.jpg\"\n                    width=\"100\"\n                    height=\"66\"\n                    style=\"max-width:100%;\"\n                \/>\n            <\/a>\n        <\/div>\n\t\t\t\t\t\t\t<\/div> \n\t\t\t\n        \n\t\t\t\t<div id=\"ngg-image-377\" class=\"ngg-gallery-thumbnail-box\" >\n\t\t\t\t        <div class=\"ngg-gallery-thumbnail\">\n            <a href=\"http:\/\/www.karate-neuhofen.at\/wp-content\/gallery\/sommercamp-2014\/img_1106.jpg\"\n               title=\"\"\n               data-src=\"http:\/\/www.karate-neuhofen.at\/wp-content\/gallery\/sommercamp-2014\/img_1106.jpg\"\n               data-thumbnail=\"http:\/\/www.karate-neuhofen.at\/wp-content\/gallery\/sommercamp-2014\/thumbs\/thumbs_img_1106.jpg\"\n               data-image-id=\"7093\"\n               data-title=\"img_1106\"\n               data-description=\"\"\n               data-image-slug=\"img_1106-2\"\n               class=\"shutterset_a6d0251e289b9d2023c6d431c5710d04\">\n                <img\n                    title=\"img_1106\"\n                    alt=\"img_1106\"\n                    src=\"http:\/\/www.karate-neuhofen.at\/wp-content\/gallery\/sommercamp-2014\/thumbs\/thumbs_img_1106.jpg\"\n                    width=\"100\"\n                    height=\"66\"\n                    style=\"max-width:100%;\"\n                \/>\n            <\/a>\n        <\/div>\n\t\t\t\t\t\t\t<\/div> \n\t\t\t\n        \n\t\t\t\t<div id=\"ngg-image-378\" class=\"ngg-gallery-thumbnail-box\" >\n\t\t\t\t        <div class=\"ngg-gallery-thumbnail\">\n            <a href=\"http:\/\/www.karate-neuhofen.at\/wp-content\/gallery\/sommercamp-2014\/img_1112.jpg\"\n               title=\"\"\n               data-src=\"http:\/\/www.karate-neuhofen.at\/wp-content\/gallery\/sommercamp-2014\/img_1112.jpg\"\n               data-thumbnail=\"http:\/\/www.karate-neuhofen.at\/wp-content\/gallery\/sommercamp-2014\/thumbs\/thumbs_img_1112.jpg\"\n               data-image-id=\"7094\"\n               data-title=\"img_1112\"\n               data-description=\"\"\n               data-image-slug=\"img_1112-2\"\n               class=\"shutterset_a6d0251e289b9d2023c6d431c5710d04\">\n                <img\n                    title=\"img_1112\"\n                    alt=\"img_1112\"\n                    src=\"http:\/\/www.karate-neuhofen.at\/wp-content\/gallery\/sommercamp-2014\/thumbs\/thumbs_img_1112.jpg\"\n                    width=\"100\"\n                    height=\"66\"\n                    style=\"max-width:100%;\"\n                \/>\n            <\/a>\n        <\/div>\n\t\t\t\t\t\t\t<\/div> \n\t\t\t\n        \n\t\t\t\t<div id=\"ngg-image-379\" class=\"ngg-gallery-thumbnail-box\" >\n\t\t\t\t        <div class=\"ngg-gallery-thumbnail\">\n            <a href=\"http:\/\/www.karate-neuhofen.at\/wp-content\/gallery\/sommercamp-2014\/img_1114.jpg\"\n               title=\"\"\n               data-src=\"http:\/\/www.karate-neuhofen.at\/wp-content\/gallery\/sommercamp-2014\/img_1114.jpg\"\n               data-thumbnail=\"http:\/\/www.karate-neuhofen.at\/wp-content\/gallery\/sommercamp-2014\/thumbs\/thumbs_img_1114.jpg\"\n               data-image-id=\"7095\"\n               data-title=\"img_1114\"\n               data-description=\"\"\n               data-image-slug=\"img_1114-2\"\n               class=\"shutterset_a6d0251e289b9d2023c6d431c5710d04\">\n                <img\n                    title=\"img_1114\"\n                    alt=\"img_1114\"\n                    src=\"http:\/\/www.karate-neuhofen.at\/wp-content\/gallery\/sommercamp-2014\/thumbs\/thumbs_img_1114.jpg\"\n                    width=\"100\"\n                    height=\"66\"\n                    style=\"max-width:100%;\"\n                \/>\n            <\/a>\n        <\/div>\n\t\t\t\t\t\t\t<\/div> \n\t\t\t\n        \n\t\t\t\t<div id=\"ngg-image-380\" class=\"ngg-gallery-thumbnail-box\" >\n\t\t\t\t        <div class=\"ngg-gallery-thumbnail\">\n            <a href=\"http:\/\/www.karate-neuhofen.at\/wp-content\/gallery\/sommercamp-2014\/img_1117.jpg\"\n               title=\"\"\n               data-src=\"http:\/\/www.karate-neuhofen.at\/wp-content\/gallery\/sommercamp-2014\/img_1117.jpg\"\n               data-thumbnail=\"http:\/\/www.karate-neuhofen.at\/wp-content\/gallery\/sommercamp-2014\/thumbs\/thumbs_img_1117.jpg\"\n               data-image-id=\"7096\"\n               data-title=\"img_1117\"\n               data-description=\"\"\n               data-image-slug=\"img_1117-2\"\n               class=\"shutterset_a6d0251e289b9d2023c6d431c5710d04\">\n                <img\n                    title=\"img_1117\"\n                    alt=\"img_1117\"\n                    src=\"http:\/\/www.karate-neuhofen.at\/wp-content\/gallery\/sommercamp-2014\/thumbs\/thumbs_img_1117.jpg\"\n                    width=\"100\"\n                    height=\"66\"\n                    style=\"max-width:100%;\"\n                \/>\n            <\/a>\n        <\/div>\n\t\t\t\t\t\t\t<\/div> \n\t\t\t\n        \n\t\t\t\t<div id=\"ngg-image-381\" class=\"ngg-gallery-thumbnail-box\" >\n\t\t\t\t        <div class=\"ngg-gallery-thumbnail\">\n            <a href=\"http:\/\/www.karate-neuhofen.at\/wp-content\/gallery\/sommercamp-2014\/img_1118.jpg\"\n               title=\"\"\n               data-src=\"http:\/\/www.karate-neuhofen.at\/wp-content\/gallery\/sommercamp-2014\/img_1118.jpg\"\n               data-thumbnail=\"http:\/\/www.karate-neuhofen.at\/wp-content\/gallery\/sommercamp-2014\/thumbs\/thumbs_img_1118.jpg\"\n               data-image-id=\"7097\"\n               data-title=\"img_1118\"\n               data-description=\"\"\n               data-image-slug=\"img_1118-2\"\n               class=\"shutterset_a6d0251e289b9d2023c6d431c5710d04\">\n                <img\n                    title=\"img_1118\"\n                    alt=\"img_1118\"\n                    src=\"http:\/\/www.karate-neuhofen.at\/wp-content\/gallery\/sommercamp-2014\/thumbs\/thumbs_img_1118.jpg\"\n                    width=\"100\"\n                    height=\"66\"\n                    style=\"max-width:100%;\"\n                \/>\n            <\/a>\n        <\/div>\n\t\t\t\t\t\t\t<\/div> \n\t\t\t\n        \n\t\t\t\t<div id=\"ngg-image-382\" class=\"ngg-gallery-thumbnail-box\" >\n\t\t\t\t        <div class=\"ngg-gallery-thumbnail\">\n            <a href=\"http:\/\/www.karate-neuhofen.at\/wp-content\/gallery\/sommercamp-2014\/img_1129.jpg\"\n               title=\"\"\n               data-src=\"http:\/\/www.karate-neuhofen.at\/wp-content\/gallery\/sommercamp-2014\/img_1129.jpg\"\n               data-thumbnail=\"http:\/\/www.karate-neuhofen.at\/wp-content\/gallery\/sommercamp-2014\/thumbs\/thumbs_img_1129.jpg\"\n               data-image-id=\"7098\"\n               data-title=\"img_1129\"\n               data-description=\"\"\n               data-image-slug=\"img_1129-2\"\n               class=\"shutterset_a6d0251e289b9d2023c6d431c5710d04\">\n                <img\n                    title=\"img_1129\"\n                    alt=\"img_1129\"\n                    src=\"http:\/\/www.karate-neuhofen.at\/wp-content\/gallery\/sommercamp-2014\/thumbs\/thumbs_img_1129.jpg\"\n                    width=\"100\"\n                    height=\"66\"\n                    style=\"max-width:100%;\"\n                \/>\n            <\/a>\n        <\/div>\n\t\t\t\t\t\t\t<\/div> \n\t\t\t\n        \n\t\t\t\t<div id=\"ngg-image-383\" class=\"ngg-gallery-thumbnail-box\" >\n\t\t\t\t        <div class=\"ngg-gallery-thumbnail\">\n            <a href=\"http:\/\/www.karate-neuhofen.at\/wp-content\/gallery\/sommercamp-2014\/img_1132.jpg\"\n               title=\"\"\n               data-src=\"http:\/\/www.karate-neuhofen.at\/wp-content\/gallery\/sommercamp-2014\/img_1132.jpg\"\n               data-thumbnail=\"http:\/\/www.karate-neuhofen.at\/wp-content\/gallery\/sommercamp-2014\/thumbs\/thumbs_img_1132.jpg\"\n               data-image-id=\"7099\"\n               data-title=\"img_1132\"\n               data-description=\"\"\n               data-image-slug=\"img_1132-2\"\n               class=\"shutterset_a6d0251e289b9d2023c6d431c5710d04\">\n                <img\n                    title=\"img_1132\"\n                    alt=\"img_1132\"\n                    src=\"http:\/\/www.karate-neuhofen.at\/wp-content\/gallery\/sommercamp-2014\/thumbs\/thumbs_img_1132.jpg\"\n                    width=\"100\"\n                    height=\"66\"\n                    style=\"max-width:100%;\"\n                \/>\n            <\/a>\n        <\/div>\n\t\t\t\t\t\t\t<\/div> \n\t\t\t\n        \n\t\t\t\t<div id=\"ngg-image-384\" class=\"ngg-gallery-thumbnail-box\" >\n\t\t\t\t        <div class=\"ngg-gallery-thumbnail\">\n            <a href=\"http:\/\/www.karate-neuhofen.at\/wp-content\/gallery\/sommercamp-2014\/img_1133.jpg\"\n               title=\"\"\n               data-src=\"http:\/\/www.karate-neuhofen.at\/wp-content\/gallery\/sommercamp-2014\/img_1133.jpg\"\n               data-thumbnail=\"http:\/\/www.karate-neuhofen.at\/wp-content\/gallery\/sommercamp-2014\/thumbs\/thumbs_img_1133.jpg\"\n               data-image-id=\"7100\"\n               data-title=\"img_1133\"\n               data-description=\"\"\n               data-image-slug=\"img_1133-2\"\n               class=\"shutterset_a6d0251e289b9d2023c6d431c5710d04\">\n                <img\n                    title=\"img_1133\"\n                    alt=\"img_1133\"\n                    src=\"http:\/\/www.karate-neuhofen.at\/wp-content\/gallery\/sommercamp-2014\/thumbs\/thumbs_img_1133.jpg\"\n                    width=\"100\"\n                    height=\"66\"\n                    style=\"max-width:100%;\"\n                \/>\n            <\/a>\n        <\/div>\n\t\t\t\t\t\t\t<\/div> \n\t\t\t\n        \n\t\t\t\t<div id=\"ngg-image-385\" class=\"ngg-gallery-thumbnail-box\" >\n\t\t\t\t        <div class=\"ngg-gallery-thumbnail\">\n            <a href=\"http:\/\/www.karate-neuhofen.at\/wp-content\/gallery\/sommercamp-2014\/img_1137.jpg\"\n               title=\"\"\n               data-src=\"http:\/\/www.karate-neuhofen.at\/wp-content\/gallery\/sommercamp-2014\/img_1137.jpg\"\n               data-thumbnail=\"http:\/\/www.karate-neuhofen.at\/wp-content\/gallery\/sommercamp-2014\/thumbs\/thumbs_img_1137.jpg\"\n               data-image-id=\"7101\"\n               data-title=\"img_1137\"\n               data-description=\"\"\n               data-image-slug=\"img_1137-2\"\n               class=\"shutterset_a6d0251e289b9d2023c6d431c5710d04\">\n                <img\n                    title=\"img_1137\"\n                    alt=\"img_1137\"\n                    src=\"http:\/\/www.karate-neuhofen.at\/wp-content\/gallery\/sommercamp-2014\/thumbs\/thumbs_img_1137.jpg\"\n                    width=\"100\"\n                    height=\"66\"\n                    style=\"max-width:100%;\"\n                \/>\n            <\/a>\n        <\/div>\n\t\t\t\t\t\t\t<\/div> \n\t\t\t\n        \n\t\t\t\t<div id=\"ngg-image-386\" class=\"ngg-gallery-thumbnail-box\" >\n\t\t\t\t        <div class=\"ngg-gallery-thumbnail\">\n            <a href=\"http:\/\/www.karate-neuhofen.at\/wp-content\/gallery\/sommercamp-2014\/img_1138.jpg\"\n               title=\"\"\n               data-src=\"http:\/\/www.karate-neuhofen.at\/wp-content\/gallery\/sommercamp-2014\/img_1138.jpg\"\n               data-thumbnail=\"http:\/\/www.karate-neuhofen.at\/wp-content\/gallery\/sommercamp-2014\/thumbs\/thumbs_img_1138.jpg\"\n               data-image-id=\"7102\"\n               data-title=\"img_1138\"\n               data-description=\"\"\n               data-image-slug=\"img_1138-2\"\n               class=\"shutterset_a6d0251e289b9d2023c6d431c5710d04\">\n                <img\n                    title=\"img_1138\"\n                    alt=\"img_1138\"\n                    src=\"http:\/\/www.karate-neuhofen.at\/wp-content\/gallery\/sommercamp-2014\/thumbs\/thumbs_img_1138.jpg\"\n                    width=\"100\"\n                    height=\"66\"\n                    style=\"max-width:100%;\"\n                \/>\n            <\/a>\n        <\/div>\n\t\t\t\t\t\t\t<\/div> \n\t\t\t\n        \n\t\t\t\t<div id=\"ngg-image-387\" class=\"ngg-gallery-thumbnail-box\" >\n\t\t\t\t        <div class=\"ngg-gallery-thumbnail\">\n            <a href=\"http:\/\/www.karate-neuhofen.at\/wp-content\/gallery\/sommercamp-2014\/img_1139.jpg\"\n               title=\"\"\n               data-src=\"http:\/\/www.karate-neuhofen.at\/wp-content\/gallery\/sommercamp-2014\/img_1139.jpg\"\n               data-thumbnail=\"http:\/\/www.karate-neuhofen.at\/wp-content\/gallery\/sommercamp-2014\/thumbs\/thumbs_img_1139.jpg\"\n               data-image-id=\"7103\"\n               data-title=\"img_1139\"\n               data-description=\"\"\n               data-image-slug=\"img_1139-2\"\n               class=\"shutterset_a6d0251e289b9d2023c6d431c5710d04\">\n                <img\n                    title=\"img_1139\"\n                    alt=\"img_1139\"\n                    src=\"http:\/\/www.karate-neuhofen.at\/wp-content\/gallery\/sommercamp-2014\/thumbs\/thumbs_img_1139.jpg\"\n                    width=\"100\"\n                    height=\"66\"\n                    style=\"max-width:100%;\"\n                \/>\n            <\/a>\n        <\/div>\n\t\t\t\t\t\t\t<\/div> \n\t\t\t\n        \n\t\t\t\t<div id=\"ngg-image-388\" class=\"ngg-gallery-thumbnail-box\" >\n\t\t\t\t        <div class=\"ngg-gallery-thumbnail\">\n            <a href=\"http:\/\/www.karate-neuhofen.at\/wp-content\/gallery\/sommercamp-2014\/img_1143.jpg\"\n               title=\"\"\n               data-src=\"http:\/\/www.karate-neuhofen.at\/wp-content\/gallery\/sommercamp-2014\/img_1143.jpg\"\n               data-thumbnail=\"http:\/\/www.karate-neuhofen.at\/wp-content\/gallery\/sommercamp-2014\/thumbs\/thumbs_img_1143.jpg\"\n               data-image-id=\"7105\"\n               data-title=\"img_1143\"\n               data-description=\"\"\n               data-image-slug=\"img_1143-2\"\n               class=\"shutterset_a6d0251e289b9d2023c6d431c5710d04\">\n                <img\n                    title=\"img_1143\"\n                    alt=\"img_1143\"\n                    src=\"http:\/\/www.karate-neuhofen.at\/wp-content\/gallery\/sommercamp-2014\/thumbs\/thumbs_img_1143.jpg\"\n                    width=\"100\"\n                    height=\"66\"\n                    style=\"max-width:100%;\"\n                \/>\n            <\/a>\n        <\/div>\n\t\t\t\t\t\t\t<\/div> \n\t\t\t\n        \n\t\t\t\t<div id=\"ngg-image-389\" class=\"ngg-gallery-thumbnail-box\" >\n\t\t\t\t        <div class=\"ngg-gallery-thumbnail\">\n            <a href=\"http:\/\/www.karate-neuhofen.at\/wp-content\/gallery\/sommercamp-2014\/img_1144.jpg\"\n               title=\"\"\n               data-src=\"http:\/\/www.karate-neuhofen.at\/wp-content\/gallery\/sommercamp-2014\/img_1144.jpg\"\n               data-thumbnail=\"http:\/\/www.karate-neuhofen.at\/wp-content\/gallery\/sommercamp-2014\/thumbs\/thumbs_img_1144.jpg\"\n               data-image-id=\"7106\"\n               data-title=\"img_1144\"\n               data-description=\"\"\n               data-image-slug=\"img_1144-2\"\n               class=\"shutterset_a6d0251e289b9d2023c6d431c5710d04\">\n                <img\n                    title=\"img_1144\"\n                    alt=\"img_1144\"\n                    src=\"http:\/\/www.karate-neuhofen.at\/wp-content\/gallery\/sommercamp-2014\/thumbs\/thumbs_img_1144.jpg\"\n                    width=\"100\"\n                    height=\"66\"\n                    style=\"max-width:100%;\"\n                \/>\n            <\/a>\n        <\/div>\n\t\t\t\t\t\t\t<\/div> \n\t\t\t\n        \n\t\t\t\t<div id=\"ngg-image-390\" class=\"ngg-gallery-thumbnail-box\" >\n\t\t\t\t        <div class=\"ngg-gallery-thumbnail\">\n            <a href=\"http:\/\/www.karate-neuhofen.at\/wp-content\/gallery\/sommercamp-2014\/img_1146.jpg\"\n               title=\"\"\n               data-src=\"http:\/\/www.karate-neuhofen.at\/wp-content\/gallery\/sommercamp-2014\/img_1146.jpg\"\n               data-thumbnail=\"http:\/\/www.karate-neuhofen.at\/wp-content\/gallery\/sommercamp-2014\/thumbs\/thumbs_img_1146.jpg\"\n               data-image-id=\"7107\"\n               data-title=\"img_1146\"\n               data-description=\"\"\n               data-image-slug=\"img_1146-2\"\n               class=\"shutterset_a6d0251e289b9d2023c6d431c5710d04\">\n                <img\n                    title=\"img_1146\"\n                    alt=\"img_1146\"\n                    src=\"http:\/\/www.karate-neuhofen.at\/wp-content\/gallery\/sommercamp-2014\/thumbs\/thumbs_img_1146.jpg\"\n                    width=\"100\"\n                    height=\"66\"\n                    style=\"max-width:100%;\"\n                \/>\n            <\/a>\n        <\/div>\n\t\t\t\t\t\t\t<\/div> \n\t\t\t\n        \n\t\t\t\t<div id=\"ngg-image-391\" class=\"ngg-gallery-thumbnail-box\" >\n\t\t\t\t        <div class=\"ngg-gallery-thumbnail\">\n            <a href=\"http:\/\/www.karate-neuhofen.at\/wp-content\/gallery\/sommercamp-2014\/img_1147.jpg\"\n               title=\"\"\n               data-src=\"http:\/\/www.karate-neuhofen.at\/wp-content\/gallery\/sommercamp-2014\/img_1147.jpg\"\n               data-thumbnail=\"http:\/\/www.karate-neuhofen.at\/wp-content\/gallery\/sommercamp-2014\/thumbs\/thumbs_img_1147.jpg\"\n               data-image-id=\"7108\"\n               data-title=\"img_1147\"\n               data-description=\"\"\n               data-image-slug=\"img_1147-2\"\n               class=\"shutterset_a6d0251e289b9d2023c6d431c5710d04\">\n                <img\n                    title=\"img_1147\"\n                    alt=\"img_1147\"\n                    src=\"http:\/\/www.karate-neuhofen.at\/wp-content\/gallery\/sommercamp-2014\/thumbs\/thumbs_img_1147.jpg\"\n                    width=\"50\"\n                    height=\"75\"\n                    style=\"max-width:100%;\"\n                \/>\n            <\/a>\n        <\/div>\n\t\t\t\t\t\t\t<\/div> \n\t\t\t\n        \n\t\t\t\t<div id=\"ngg-image-392\" class=\"ngg-gallery-thumbnail-box\" >\n\t\t\t\t        <div class=\"ngg-gallery-thumbnail\">\n            <a href=\"http:\/\/www.karate-neuhofen.at\/wp-content\/gallery\/sommercamp-2014\/img_1151.jpg\"\n               title=\"\"\n               data-src=\"http:\/\/www.karate-neuhofen.at\/wp-content\/gallery\/sommercamp-2014\/img_1151.jpg\"\n               data-thumbnail=\"http:\/\/www.karate-neuhofen.at\/wp-content\/gallery\/sommercamp-2014\/thumbs\/thumbs_img_1151.jpg\"\n               data-image-id=\"7110\"\n               data-title=\"img_1151\"\n               data-description=\"\"\n               data-image-slug=\"img_1151-2\"\n               class=\"shutterset_a6d0251e289b9d2023c6d431c5710d04\">\n                <img\n                    title=\"img_1151\"\n                    alt=\"img_1151\"\n                    src=\"http:\/\/www.karate-neuhofen.at\/wp-content\/gallery\/sommercamp-2014\/thumbs\/thumbs_img_1151.jpg\"\n                    width=\"100\"\n                    height=\"66\"\n                    style=\"max-width:100%;\"\n                \/>\n            <\/a>\n        <\/div>\n\t\t\t\t\t\t\t<\/div> \n\t\t\t\n        \n\t\t\t\t<div id=\"ngg-image-393\" class=\"ngg-gallery-thumbnail-box\" >\n\t\t\t\t        <div class=\"ngg-gallery-thumbnail\">\n            <a href=\"http:\/\/www.karate-neuhofen.at\/wp-content\/gallery\/sommercamp-2014\/img_1153.jpg\"\n               title=\"\"\n               data-src=\"http:\/\/www.karate-neuhofen.at\/wp-content\/gallery\/sommercamp-2014\/img_1153.jpg\"\n               data-thumbnail=\"http:\/\/www.karate-neuhofen.at\/wp-content\/gallery\/sommercamp-2014\/thumbs\/thumbs_img_1153.jpg\"\n               data-image-id=\"7111\"\n               data-title=\"img_1153\"\n               data-description=\"\"\n               data-image-slug=\"img_1153-2\"\n               class=\"shutterset_a6d0251e289b9d2023c6d431c5710d04\">\n                <img\n                    title=\"img_1153\"\n                    alt=\"img_1153\"\n                    src=\"http:\/\/www.karate-neuhofen.at\/wp-content\/gallery\/sommercamp-2014\/thumbs\/thumbs_img_1153.jpg\"\n                    width=\"50\"\n                    height=\"75\"\n                    style=\"max-width:100%;\"\n                \/>\n            <\/a>\n        <\/div>\n\t\t\t\t\t\t\t<\/div> \n\t\t\t\n        \n\t\t\t\t<div id=\"ngg-image-394\" class=\"ngg-gallery-thumbnail-box\" >\n\t\t\t\t        <div class=\"ngg-gallery-thumbnail\">\n            <a href=\"http:\/\/www.karate-neuhofen.at\/wp-content\/gallery\/sommercamp-2014\/img_1156.jpg\"\n               title=\"\"\n               data-src=\"http:\/\/www.karate-neuhofen.at\/wp-content\/gallery\/sommercamp-2014\/img_1156.jpg\"\n               data-thumbnail=\"http:\/\/www.karate-neuhofen.at\/wp-content\/gallery\/sommercamp-2014\/thumbs\/thumbs_img_1156.jpg\"\n               data-image-id=\"7112\"\n               data-title=\"img_1156\"\n               data-description=\"\"\n               data-image-slug=\"img_1156-2\"\n               class=\"shutterset_a6d0251e289b9d2023c6d431c5710d04\">\n                <img\n                    title=\"img_1156\"\n                    alt=\"img_1156\"\n                    src=\"http:\/\/www.karate-neuhofen.at\/wp-content\/gallery\/sommercamp-2014\/thumbs\/thumbs_img_1156.jpg\"\n                    width=\"100\"\n                    height=\"66\"\n                    style=\"max-width:100%;\"\n                \/>\n            <\/a>\n        <\/div>\n\t\t\t\t\t\t\t<\/div> \n\t\t\t\n        \n\t\t\t\t<div id=\"ngg-image-395\" class=\"ngg-gallery-thumbnail-box\" >\n\t\t\t\t        <div class=\"ngg-gallery-thumbnail\">\n            <a href=\"http:\/\/www.karate-neuhofen.at\/wp-content\/gallery\/sommercamp-2014\/img_1159.jpg\"\n               title=\"\"\n               data-src=\"http:\/\/www.karate-neuhofen.at\/wp-content\/gallery\/sommercamp-2014\/img_1159.jpg\"\n               data-thumbnail=\"http:\/\/www.karate-neuhofen.at\/wp-content\/gallery\/sommercamp-2014\/thumbs\/thumbs_img_1159.jpg\"\n               data-image-id=\"7113\"\n               data-title=\"img_1159\"\n               data-description=\"\"\n               data-image-slug=\"img_1159-2\"\n               class=\"shutterset_a6d0251e289b9d2023c6d431c5710d04\">\n                <img\n                    title=\"img_1159\"\n                    alt=\"img_1159\"\n                    src=\"http:\/\/www.karate-neuhofen.at\/wp-content\/gallery\/sommercamp-2014\/thumbs\/thumbs_img_1159.jpg\"\n                    width=\"100\"\n                    height=\"66\"\n                    style=\"max-width:100%;\"\n                \/>\n            <\/a>\n        <\/div>\n\t\t\t\t\t\t\t<\/div> \n\t\t\t\n        \n\t\t\t\t<div id=\"ngg-image-396\" class=\"ngg-gallery-thumbnail-box\" >\n\t\t\t\t        <div class=\"ngg-gallery-thumbnail\">\n            <a href=\"http:\/\/www.karate-neuhofen.at\/wp-content\/gallery\/sommercamp-2014\/img_1160.jpg\"\n               title=\"\"\n               data-src=\"http:\/\/www.karate-neuhofen.at\/wp-content\/gallery\/sommercamp-2014\/img_1160.jpg\"\n               data-thumbnail=\"http:\/\/www.karate-neuhofen.at\/wp-content\/gallery\/sommercamp-2014\/thumbs\/thumbs_img_1160.jpg\"\n               data-image-id=\"7114\"\n               data-title=\"img_1160\"\n               data-description=\"\"\n               data-image-slug=\"img_1160-2\"\n               class=\"shutterset_a6d0251e289b9d2023c6d431c5710d04\">\n                <img\n                    title=\"img_1160\"\n                    alt=\"img_1160\"\n                    src=\"http:\/\/www.karate-neuhofen.at\/wp-content\/gallery\/sommercamp-2014\/thumbs\/thumbs_img_1160.jpg\"\n                    width=\"100\"\n                    height=\"66\"\n                    style=\"max-width:100%;\"\n                \/>\n            <\/a>\n        <\/div>\n\t\t\t\t\t\t\t<\/div> \n\t\t\t\n        \n\t\t\t\t<div id=\"ngg-image-397\" class=\"ngg-gallery-thumbnail-box\" >\n\t\t\t\t        <div class=\"ngg-gallery-thumbnail\">\n            <a href=\"http:\/\/www.karate-neuhofen.at\/wp-content\/gallery\/sommercamp-2014\/img_1161.jpg\"\n               title=\"\"\n               data-src=\"http:\/\/www.karate-neuhofen.at\/wp-content\/gallery\/sommercamp-2014\/img_1161.jpg\"\n               data-thumbnail=\"http:\/\/www.karate-neuhofen.at\/wp-content\/gallery\/sommercamp-2014\/thumbs\/thumbs_img_1161.jpg\"\n               data-image-id=\"7115\"\n               data-title=\"img_1161\"\n               data-description=\"\"\n               data-image-slug=\"img_1161-2\"\n               class=\"shutterset_a6d0251e289b9d2023c6d431c5710d04\">\n                <img\n                    title=\"img_1161\"\n                    alt=\"img_1161\"\n                    src=\"http:\/\/www.karate-neuhofen.at\/wp-content\/gallery\/sommercamp-2014\/thumbs\/thumbs_img_1161.jpg\"\n                    width=\"100\"\n                    height=\"66\"\n                    style=\"max-width:100%;\"\n                \/>\n            <\/a>\n        <\/div>\n\t\t\t\t\t\t\t<\/div> \n\t\t\t\n        \n\t\t\t\t<div id=\"ngg-image-398\" class=\"ngg-gallery-thumbnail-box\" >\n\t\t\t\t        <div class=\"ngg-gallery-thumbnail\">\n            <a href=\"http:\/\/www.karate-neuhofen.at\/wp-content\/gallery\/sommercamp-2014\/img_1162.jpg\"\n               title=\"\"\n               data-src=\"http:\/\/www.karate-neuhofen.at\/wp-content\/gallery\/sommercamp-2014\/img_1162.jpg\"\n               data-thumbnail=\"http:\/\/www.karate-neuhofen.at\/wp-content\/gallery\/sommercamp-2014\/thumbs\/thumbs_img_1162.jpg\"\n               data-image-id=\"7116\"\n               data-title=\"img_1162\"\n               data-description=\"\"\n               data-image-slug=\"img_1162-2\"\n               class=\"shutterset_a6d0251e289b9d2023c6d431c5710d04\">\n                <img\n                    title=\"img_1162\"\n                    alt=\"img_1162\"\n                    src=\"http:\/\/www.karate-neuhofen.at\/wp-content\/gallery\/sommercamp-2014\/thumbs\/thumbs_img_1162.jpg\"\n                    width=\"100\"\n                    height=\"66\"\n                    style=\"max-width:100%;\"\n                \/>\n            <\/a>\n        <\/div>\n\t\t\t\t\t\t\t<\/div> \n\t\t\t\n        \n\t\t\t\t<div id=\"ngg-image-399\" class=\"ngg-gallery-thumbnail-box\" >\n\t\t\t\t        <div class=\"ngg-gallery-thumbnail\">\n            <a href=\"http:\/\/www.karate-neuhofen.at\/wp-content\/gallery\/sommercamp-2014\/img_1164.jpg\"\n               title=\"\"\n               data-src=\"http:\/\/www.karate-neuhofen.at\/wp-content\/gallery\/sommercamp-2014\/img_1164.jpg\"\n               data-thumbnail=\"http:\/\/www.karate-neuhofen.at\/wp-content\/gallery\/sommercamp-2014\/thumbs\/thumbs_img_1164.jpg\"\n               data-image-id=\"7117\"\n               data-title=\"img_1164\"\n               data-description=\"\"\n               data-image-slug=\"img_1164-2\"\n               class=\"shutterset_a6d0251e289b9d2023c6d431c5710d04\">\n                <img\n                    title=\"img_1164\"\n                    alt=\"img_1164\"\n                    src=\"http:\/\/www.karate-neuhofen.at\/wp-content\/gallery\/sommercamp-2014\/thumbs\/thumbs_img_1164.jpg\"\n                    width=\"100\"\n                    height=\"66\"\n                    style=\"max-width:100%;\"\n                \/>\n            <\/a>\n        <\/div>\n\t\t\t\t\t\t\t<\/div> \n\t\t\t\n        \n\t\t\t\t<div id=\"ngg-image-400\" class=\"ngg-gallery-thumbnail-box\" >\n\t\t\t\t        <div class=\"ngg-gallery-thumbnail\">\n            <a href=\"http:\/\/www.karate-neuhofen.at\/wp-content\/gallery\/sommercamp-2014\/img_1165.jpg\"\n               title=\"\"\n               data-src=\"http:\/\/www.karate-neuhofen.at\/wp-content\/gallery\/sommercamp-2014\/img_1165.jpg\"\n               data-thumbnail=\"http:\/\/www.karate-neuhofen.at\/wp-content\/gallery\/sommercamp-2014\/thumbs\/thumbs_img_1165.jpg\"\n               data-image-id=\"7118\"\n               data-title=\"img_1165\"\n               data-description=\"\"\n               data-image-slug=\"img_1165-2\"\n               class=\"shutterset_a6d0251e289b9d2023c6d431c5710d04\">\n                <img\n                    title=\"img_1165\"\n                    alt=\"img_1165\"\n                    src=\"http:\/\/www.karate-neuhofen.at\/wp-content\/gallery\/sommercamp-2014\/thumbs\/thumbs_img_1165.jpg\"\n                    width=\"100\"\n                    height=\"66\"\n                    style=\"max-width:100%;\"\n                \/>\n            <\/a>\n        <\/div>\n\t\t\t\t\t\t\t<\/div> \n\t\t\t\n        \n\t\t\t\t<div id=\"ngg-image-401\" class=\"ngg-gallery-thumbnail-box\" >\n\t\t\t\t        <div class=\"ngg-gallery-thumbnail\">\n            <a href=\"http:\/\/www.karate-neuhofen.at\/wp-content\/gallery\/sommercamp-2014\/img_1166.jpg\"\n               title=\"\"\n               data-src=\"http:\/\/www.karate-neuhofen.at\/wp-content\/gallery\/sommercamp-2014\/img_1166.jpg\"\n               data-thumbnail=\"http:\/\/www.karate-neuhofen.at\/wp-content\/gallery\/sommercamp-2014\/thumbs\/thumbs_img_1166.jpg\"\n               data-image-id=\"7119\"\n               data-title=\"img_1166\"\n               data-description=\"\"\n               data-image-slug=\"img_1166-2\"\n               class=\"shutterset_a6d0251e289b9d2023c6d431c5710d04\">\n                <img\n                    title=\"img_1166\"\n                    alt=\"img_1166\"\n                    src=\"http:\/\/www.karate-neuhofen.at\/wp-content\/gallery\/sommercamp-2014\/thumbs\/thumbs_img_1166.jpg\"\n                    width=\"100\"\n                    height=\"66\"\n                    style=\"max-width:100%;\"\n                \/>\n            <\/a>\n        <\/div>\n\t\t\t\t\t\t\t<\/div> \n\t\t\t\n        \n\t\t\t\t<div id=\"ngg-image-402\" class=\"ngg-gallery-thumbnail-box\" >\n\t\t\t\t        <div class=\"ngg-gallery-thumbnail\">\n            <a href=\"http:\/\/www.karate-neuhofen.at\/wp-content\/gallery\/sommercamp-2014\/img_1167.jpg\"\n               title=\"\"\n               data-src=\"http:\/\/www.karate-neuhofen.at\/wp-content\/gallery\/sommercamp-2014\/img_1167.jpg\"\n               data-thumbnail=\"http:\/\/www.karate-neuhofen.at\/wp-content\/gallery\/sommercamp-2014\/thumbs\/thumbs_img_1167.jpg\"\n               data-image-id=\"7120\"\n               data-title=\"img_1167\"\n               data-description=\"\"\n               data-image-slug=\"img_1167-2\"\n               class=\"shutterset_a6d0251e289b9d2023c6d431c5710d04\">\n                <img\n                    title=\"img_1167\"\n                    alt=\"img_1167\"\n                    src=\"http:\/\/www.karate-neuhofen.at\/wp-content\/gallery\/sommercamp-2014\/thumbs\/thumbs_img_1167.jpg\"\n                    width=\"100\"\n                    height=\"66\"\n                    style=\"max-width:100%;\"\n                \/>\n            <\/a>\n        <\/div>\n\t\t\t\t\t\t\t<\/div> \n\t\t\t\n        \n\t\t\t\t<div id=\"ngg-image-403\" class=\"ngg-gallery-thumbnail-box\" >\n\t\t\t\t        <div class=\"ngg-gallery-thumbnail\">\n            <a href=\"http:\/\/www.karate-neuhofen.at\/wp-content\/gallery\/sommercamp-2014\/img_1169.jpg\"\n               title=\"\"\n               data-src=\"http:\/\/www.karate-neuhofen.at\/wp-content\/gallery\/sommercamp-2014\/img_1169.jpg\"\n               data-thumbnail=\"http:\/\/www.karate-neuhofen.at\/wp-content\/gallery\/sommercamp-2014\/thumbs\/thumbs_img_1169.jpg\"\n               data-image-id=\"7121\"\n               data-title=\"img_1169\"\n               data-description=\"\"\n               data-image-slug=\"img_1169-2\"\n               class=\"shutterset_a6d0251e289b9d2023c6d431c5710d04\">\n                <img\n                    title=\"img_1169\"\n                    alt=\"img_1169\"\n                    src=\"http:\/\/www.karate-neuhofen.at\/wp-content\/gallery\/sommercamp-2014\/thumbs\/thumbs_img_1169.jpg\"\n                    width=\"100\"\n                    height=\"66\"\n                    style=\"max-width:100%;\"\n                \/>\n            <\/a>\n        <\/div>\n\t\t\t\t\t\t\t<\/div> \n\t\t\t\n        \n\t\t\t\t<div id=\"ngg-image-404\" class=\"ngg-gallery-thumbnail-box\" >\n\t\t\t\t        <div class=\"ngg-gallery-thumbnail\">\n            <a href=\"http:\/\/www.karate-neuhofen.at\/wp-content\/gallery\/sommercamp-2014\/img_1173.jpg\"\n               title=\"\"\n               data-src=\"http:\/\/www.karate-neuhofen.at\/wp-content\/gallery\/sommercamp-2014\/img_1173.jpg\"\n               data-thumbnail=\"http:\/\/www.karate-neuhofen.at\/wp-content\/gallery\/sommercamp-2014\/thumbs\/thumbs_img_1173.jpg\"\n               data-image-id=\"7123\"\n               data-title=\"img_1173\"\n               data-description=\"\"\n               data-image-slug=\"img_1173-2\"\n               class=\"shutterset_a6d0251e289b9d2023c6d431c5710d04\">\n                <img\n                    title=\"img_1173\"\n                    alt=\"img_1173\"\n                    src=\"http:\/\/www.karate-neuhofen.at\/wp-content\/gallery\/sommercamp-2014\/thumbs\/thumbs_img_1173.jpg\"\n                    width=\"100\"\n                    height=\"66\"\n                    style=\"max-width:100%;\"\n                \/>\n            <\/a>\n        <\/div>\n\t\t\t\t\t\t\t<\/div> \n\t\t\t\n        \n\t\t\t\t<div id=\"ngg-image-405\" class=\"ngg-gallery-thumbnail-box\" >\n\t\t\t\t        <div class=\"ngg-gallery-thumbnail\">\n            <a href=\"http:\/\/www.karate-neuhofen.at\/wp-content\/gallery\/sommercamp-2014\/img_1174.jpg\"\n               title=\"\"\n               data-src=\"http:\/\/www.karate-neuhofen.at\/wp-content\/gallery\/sommercamp-2014\/img_1174.jpg\"\n               data-thumbnail=\"http:\/\/www.karate-neuhofen.at\/wp-content\/gallery\/sommercamp-2014\/thumbs\/thumbs_img_1174.jpg\"\n               data-image-id=\"7124\"\n               data-title=\"img_1174\"\n               data-description=\"\"\n               data-image-slug=\"img_1174-2\"\n               class=\"shutterset_a6d0251e289b9d2023c6d431c5710d04\">\n                <img\n                    title=\"img_1174\"\n                    alt=\"img_1174\"\n                    src=\"http:\/\/www.karate-neuhofen.at\/wp-content\/gallery\/sommercamp-2014\/thumbs\/thumbs_img_1174.jpg\"\n                    width=\"100\"\n                    height=\"66\"\n                    style=\"max-width:100%;\"\n                \/>\n            <\/a>\n        <\/div>\n\t\t\t\t\t\t\t<\/div> \n\t\t\t\n        \n\t\t\t\t<div id=\"ngg-image-406\" class=\"ngg-gallery-thumbnail-box\" >\n\t\t\t\t        <div class=\"ngg-gallery-thumbnail\">\n            <a href=\"http:\/\/www.karate-neuhofen.at\/wp-content\/gallery\/sommercamp-2014\/img_1175.jpg\"\n               title=\"\"\n               data-src=\"http:\/\/www.karate-neuhofen.at\/wp-content\/gallery\/sommercamp-2014\/img_1175.jpg\"\n               data-thumbnail=\"http:\/\/www.karate-neuhofen.at\/wp-content\/gallery\/sommercamp-2014\/thumbs\/thumbs_img_1175.jpg\"\n               data-image-id=\"7125\"\n               data-title=\"img_1175\"\n               data-description=\"\"\n               data-image-slug=\"img_1175-2\"\n               class=\"shutterset_a6d0251e289b9d2023c6d431c5710d04\">\n                <img\n                    title=\"img_1175\"\n                    alt=\"img_1175\"\n                    src=\"http:\/\/www.karate-neuhofen.at\/wp-content\/gallery\/sommercamp-2014\/thumbs\/thumbs_img_1175.jpg\"\n                    width=\"100\"\n                    height=\"66\"\n                    style=\"max-width:100%;\"\n                \/>\n            <\/a>\n        <\/div>\n\t\t\t\t\t\t\t<\/div> \n\t\t\t\n        \n\t\t\t\t<div id=\"ngg-image-407\" class=\"ngg-gallery-thumbnail-box\" >\n\t\t\t\t        <div class=\"ngg-gallery-thumbnail\">\n            <a href=\"http:\/\/www.karate-neuhofen.at\/wp-content\/gallery\/sommercamp-2014\/img_1176.jpg\"\n               title=\"\"\n               data-src=\"http:\/\/www.karate-neuhofen.at\/wp-content\/gallery\/sommercamp-2014\/img_1176.jpg\"\n               data-thumbnail=\"http:\/\/www.karate-neuhofen.at\/wp-content\/gallery\/sommercamp-2014\/thumbs\/thumbs_img_1176.jpg\"\n               data-image-id=\"7126\"\n               data-title=\"img_1176\"\n               data-description=\"\"\n               data-image-slug=\"img_1176-2\"\n               class=\"shutterset_a6d0251e289b9d2023c6d431c5710d04\">\n                <img\n                    title=\"img_1176\"\n                    alt=\"img_1176\"\n                    src=\"http:\/\/www.karate-neuhofen.at\/wp-content\/gallery\/sommercamp-2014\/thumbs\/thumbs_img_1176.jpg\"\n                    width=\"100\"\n                    height=\"66\"\n                    style=\"max-width:100%;\"\n                \/>\n            <\/a>\n        <\/div>\n\t\t\t\t\t\t\t<\/div> \n\t\t\t\n        \n\t\t\t\t<div id=\"ngg-image-408\" class=\"ngg-gallery-thumbnail-box\" >\n\t\t\t\t        <div class=\"ngg-gallery-thumbnail\">\n            <a href=\"http:\/\/www.karate-neuhofen.at\/wp-content\/gallery\/sommercamp-2014\/img_1177.jpg\"\n               title=\"\"\n               data-src=\"http:\/\/www.karate-neuhofen.at\/wp-content\/gallery\/sommercamp-2014\/img_1177.jpg\"\n               data-thumbnail=\"http:\/\/www.karate-neuhofen.at\/wp-content\/gallery\/sommercamp-2014\/thumbs\/thumbs_img_1177.jpg\"\n               data-image-id=\"7127\"\n               data-title=\"img_1177\"\n               data-description=\"\"\n               data-image-slug=\"img_1177-2\"\n               class=\"shutterset_a6d0251e289b9d2023c6d431c5710d04\">\n                <img\n                    title=\"img_1177\"\n                    alt=\"img_1177\"\n                    src=\"http:\/\/www.karate-neuhofen.at\/wp-content\/gallery\/sommercamp-2014\/thumbs\/thumbs_img_1177.jpg\"\n                    width=\"100\"\n                    height=\"66\"\n                    style=\"max-width:100%;\"\n                \/>\n            <\/a>\n        <\/div>\n\t\t\t\t\t\t\t<\/div> \n\t\t\t\n        \n\t\t\t\t<div id=\"ngg-image-409\" class=\"ngg-gallery-thumbnail-box\" >\n\t\t\t\t        <div class=\"ngg-gallery-thumbnail\">\n            <a href=\"http:\/\/www.karate-neuhofen.at\/wp-content\/gallery\/sommercamp-2014\/img_1178.jpg\"\n               title=\"\"\n               data-src=\"http:\/\/www.karate-neuhofen.at\/wp-content\/gallery\/sommercamp-2014\/img_1178.jpg\"\n               data-thumbnail=\"http:\/\/www.karate-neuhofen.at\/wp-content\/gallery\/sommercamp-2014\/thumbs\/thumbs_img_1178.jpg\"\n               data-image-id=\"7128\"\n               data-title=\"img_1178\"\n               data-description=\"\"\n               data-image-slug=\"img_1178-2\"\n               class=\"shutterset_a6d0251e289b9d2023c6d431c5710d04\">\n                <img\n                    title=\"img_1178\"\n                    alt=\"img_1178\"\n                    src=\"http:\/\/www.karate-neuhofen.at\/wp-content\/gallery\/sommercamp-2014\/thumbs\/thumbs_img_1178.jpg\"\n                    width=\"100\"\n                    height=\"66\"\n                    style=\"max-width:100%;\"\n                \/>\n            <\/a>\n        <\/div>\n\t\t\t\t\t\t\t<\/div> \n\t\t\t\n        \n\t\t\t\t<div id=\"ngg-image-410\" class=\"ngg-gallery-thumbnail-box\" >\n\t\t\t\t        <div class=\"ngg-gallery-thumbnail\">\n            <a href=\"http:\/\/www.karate-neuhofen.at\/wp-content\/gallery\/sommercamp-2014\/img_1179.jpg\"\n               title=\"\"\n               data-src=\"http:\/\/www.karate-neuhofen.at\/wp-content\/gallery\/sommercamp-2014\/img_1179.jpg\"\n               data-thumbnail=\"http:\/\/www.karate-neuhofen.at\/wp-content\/gallery\/sommercamp-2014\/thumbs\/thumbs_img_1179.jpg\"\n               data-image-id=\"7129\"\n               data-title=\"img_1179\"\n               data-description=\"\"\n               data-image-slug=\"img_1179-2\"\n               class=\"shutterset_a6d0251e289b9d2023c6d431c5710d04\">\n                <img\n                    title=\"img_1179\"\n                    alt=\"img_1179\"\n                    src=\"http:\/\/www.karate-neuhofen.at\/wp-content\/gallery\/sommercamp-2014\/thumbs\/thumbs_img_1179.jpg\"\n                    width=\"100\"\n                    height=\"66\"\n                    style=\"max-width:100%;\"\n                \/>\n            <\/a>\n        <\/div>\n\t\t\t\t\t\t\t<\/div> \n\t\t\t\n        \n\t\t\t\t<div id=\"ngg-image-411\" class=\"ngg-gallery-thumbnail-box\" >\n\t\t\t\t        <div class=\"ngg-gallery-thumbnail\">\n            <a href=\"http:\/\/www.karate-neuhofen.at\/wp-content\/gallery\/sommercamp-2014\/img_1181.jpg\"\n               title=\"\"\n               data-src=\"http:\/\/www.karate-neuhofen.at\/wp-content\/gallery\/sommercamp-2014\/img_1181.jpg\"\n               data-thumbnail=\"http:\/\/www.karate-neuhofen.at\/wp-content\/gallery\/sommercamp-2014\/thumbs\/thumbs_img_1181.jpg\"\n               data-image-id=\"7130\"\n               data-title=\"img_1181\"\n               data-description=\"\"\n               data-image-slug=\"img_1181-2\"\n               class=\"shutterset_a6d0251e289b9d2023c6d431c5710d04\">\n                <img\n                    title=\"img_1181\"\n                    alt=\"img_1181\"\n                    src=\"http:\/\/www.karate-neuhofen.at\/wp-content\/gallery\/sommercamp-2014\/thumbs\/thumbs_img_1181.jpg\"\n                    width=\"50\"\n                    height=\"75\"\n                    style=\"max-width:100%;\"\n                \/>\n            <\/a>\n        <\/div>\n\t\t\t\t\t\t\t<\/div> \n\t\t\t\n        \n\t\t\t\t<div id=\"ngg-image-412\" class=\"ngg-gallery-thumbnail-box\" >\n\t\t\t\t        <div class=\"ngg-gallery-thumbnail\">\n            <a href=\"http:\/\/www.karate-neuhofen.at\/wp-content\/gallery\/sommercamp-2014\/img_1182.jpg\"\n               title=\"\"\n               data-src=\"http:\/\/www.karate-neuhofen.at\/wp-content\/gallery\/sommercamp-2014\/img_1182.jpg\"\n               data-thumbnail=\"http:\/\/www.karate-neuhofen.at\/wp-content\/gallery\/sommercamp-2014\/thumbs\/thumbs_img_1182.jpg\"\n               data-image-id=\"7131\"\n               data-title=\"img_1182\"\n               data-description=\"\"\n               data-image-slug=\"img_1182-2\"\n               class=\"shutterset_a6d0251e289b9d2023c6d431c5710d04\">\n                <img\n                    title=\"img_1182\"\n                    alt=\"img_1182\"\n                    src=\"http:\/\/www.karate-neuhofen.at\/wp-content\/gallery\/sommercamp-2014\/thumbs\/thumbs_img_1182.jpg\"\n                    width=\"100\"\n                    height=\"66\"\n                    style=\"max-width:100%;\"\n                \/>\n            <\/a>\n        <\/div>\n\t\t\t\t\t\t\t<\/div> \n\t\t\t\n        \n\t\t\t\t<div id=\"ngg-image-413\" class=\"ngg-gallery-thumbnail-box\" >\n\t\t\t\t        <div class=\"ngg-gallery-thumbnail\">\n            <a href=\"http:\/\/www.karate-neuhofen.at\/wp-content\/gallery\/sommercamp-2014\/img_1183.jpg\"\n               title=\"\"\n               data-src=\"http:\/\/www.karate-neuhofen.at\/wp-content\/gallery\/sommercamp-2014\/img_1183.jpg\"\n               data-thumbnail=\"http:\/\/www.karate-neuhofen.at\/wp-content\/gallery\/sommercamp-2014\/thumbs\/thumbs_img_1183.jpg\"\n               data-image-id=\"7132\"\n               data-title=\"img_1183\"\n               data-description=\"\"\n               data-image-slug=\"img_1183-2\"\n               class=\"shutterset_a6d0251e289b9d2023c6d431c5710d04\">\n                <img\n                    title=\"img_1183\"\n                    alt=\"img_1183\"\n                    src=\"http:\/\/www.karate-neuhofen.at\/wp-content\/gallery\/sommercamp-2014\/thumbs\/thumbs_img_1183.jpg\"\n                    width=\"100\"\n                    height=\"66\"\n                    style=\"max-width:100%;\"\n                \/>\n            <\/a>\n        <\/div>\n\t\t\t\t\t\t\t<\/div> \n\t\t\t\n        \n\t\t\t\t<div id=\"ngg-image-414\" class=\"ngg-gallery-thumbnail-box\" >\n\t\t\t\t        <div class=\"ngg-gallery-thumbnail\">\n            <a href=\"http:\/\/www.karate-neuhofen.at\/wp-content\/gallery\/sommercamp-2014\/img_1185.jpg\"\n               title=\"\"\n               data-src=\"http:\/\/www.karate-neuhofen.at\/wp-content\/gallery\/sommercamp-2014\/img_1185.jpg\"\n               data-thumbnail=\"http:\/\/www.karate-neuhofen.at\/wp-content\/gallery\/sommercamp-2014\/thumbs\/thumbs_img_1185.jpg\"\n               data-image-id=\"7133\"\n               data-title=\"img_1185\"\n               data-description=\"\"\n               data-image-slug=\"img_1185-2\"\n               class=\"shutterset_a6d0251e289b9d2023c6d431c5710d04\">\n                <img\n                    title=\"img_1185\"\n                    alt=\"img_1185\"\n                    src=\"http:\/\/www.karate-neuhofen.at\/wp-content\/gallery\/sommercamp-2014\/thumbs\/thumbs_img_1185.jpg\"\n                    width=\"100\"\n                    height=\"66\"\n                    style=\"max-width:100%;\"\n                \/>\n            <\/a>\n        <\/div>\n\t\t\t\t\t\t\t<\/div> \n\t\t\t\n        \n\t\t\t\t<div id=\"ngg-image-415\" class=\"ngg-gallery-thumbnail-box\" >\n\t\t\t\t        <div class=\"ngg-gallery-thumbnail\">\n            <a href=\"http:\/\/www.karate-neuhofen.at\/wp-content\/gallery\/sommercamp-2014\/img_1186.jpg\"\n               title=\"\"\n               data-src=\"http:\/\/www.karate-neuhofen.at\/wp-content\/gallery\/sommercamp-2014\/img_1186.jpg\"\n               data-thumbnail=\"http:\/\/www.karate-neuhofen.at\/wp-content\/gallery\/sommercamp-2014\/thumbs\/thumbs_img_1186.jpg\"\n               data-image-id=\"7134\"\n               data-title=\"img_1186\"\n               data-description=\"\"\n               data-image-slug=\"img_1186-2\"\n               class=\"shutterset_a6d0251e289b9d2023c6d431c5710d04\">\n                <img\n                    title=\"img_1186\"\n                    alt=\"img_1186\"\n                    src=\"http:\/\/www.karate-neuhofen.at\/wp-content\/gallery\/sommercamp-2014\/thumbs\/thumbs_img_1186.jpg\"\n                    width=\"100\"\n                    height=\"66\"\n                    style=\"max-width:100%;\"\n                \/>\n            <\/a>\n        <\/div>\n\t\t\t\t\t\t\t<\/div> \n\t\t\t\n        \n\t\t\t\t<div id=\"ngg-image-416\" class=\"ngg-gallery-thumbnail-box\" >\n\t\t\t\t        <div class=\"ngg-gallery-thumbnail\">\n            <a href=\"http:\/\/www.karate-neuhofen.at\/wp-content\/gallery\/sommercamp-2014\/img_1187.jpg\"\n               title=\"\"\n               data-src=\"http:\/\/www.karate-neuhofen.at\/wp-content\/gallery\/sommercamp-2014\/img_1187.jpg\"\n               data-thumbnail=\"http:\/\/www.karate-neuhofen.at\/wp-content\/gallery\/sommercamp-2014\/thumbs\/thumbs_img_1187.jpg\"\n               data-image-id=\"7135\"\n               data-title=\"img_1187\"\n               data-description=\"\"\n               data-image-slug=\"img_1187-2\"\n               class=\"shutterset_a6d0251e289b9d2023c6d431c5710d04\">\n                <img\n                    title=\"img_1187\"\n                    alt=\"img_1187\"\n                    src=\"http:\/\/www.karate-neuhofen.at\/wp-content\/gallery\/sommercamp-2014\/thumbs\/thumbs_img_1187.jpg\"\n                    width=\"100\"\n                    height=\"66\"\n                    style=\"max-width:100%;\"\n                \/>\n            <\/a>\n        <\/div>\n\t\t\t\t\t\t\t<\/div> \n\t\t\t\n        \n\t\t\t\t<div id=\"ngg-image-417\" class=\"ngg-gallery-thumbnail-box\" >\n\t\t\t\t        <div class=\"ngg-gallery-thumbnail\">\n            <a href=\"http:\/\/www.karate-neuhofen.at\/wp-content\/gallery\/sommercamp-2014\/img_1189.jpg\"\n               title=\"\"\n               data-src=\"http:\/\/www.karate-neuhofen.at\/wp-content\/gallery\/sommercamp-2014\/img_1189.jpg\"\n               data-thumbnail=\"http:\/\/www.karate-neuhofen.at\/wp-content\/gallery\/sommercamp-2014\/thumbs\/thumbs_img_1189.jpg\"\n               data-image-id=\"7136\"\n               data-title=\"img_1189\"\n               data-description=\"\"\n               data-image-slug=\"img_1189-2\"\n               class=\"shutterset_a6d0251e289b9d2023c6d431c5710d04\">\n                <img\n                    title=\"img_1189\"\n                    alt=\"img_1189\"\n                    src=\"http:\/\/www.karate-neuhofen.at\/wp-content\/gallery\/sommercamp-2014\/thumbs\/thumbs_img_1189.jpg\"\n                    width=\"100\"\n                    height=\"66\"\n                    style=\"max-width:100%;\"\n                \/>\n            <\/a>\n        <\/div>\n\t\t\t\t\t\t\t<\/div> \n\t\t\t\n        \n\t\t\t\t<div id=\"ngg-image-418\" class=\"ngg-gallery-thumbnail-box\" >\n\t\t\t\t        <div class=\"ngg-gallery-thumbnail\">\n            <a href=\"http:\/\/www.karate-neuhofen.at\/wp-content\/gallery\/sommercamp-2014\/img_1190.jpg\"\n               title=\"\"\n               data-src=\"http:\/\/www.karate-neuhofen.at\/wp-content\/gallery\/sommercamp-2014\/img_1190.jpg\"\n               data-thumbnail=\"http:\/\/www.karate-neuhofen.at\/wp-content\/gallery\/sommercamp-2014\/thumbs\/thumbs_img_1190.jpg\"\n               data-image-id=\"7137\"\n               data-title=\"img_1190\"\n               data-description=\"\"\n               data-image-slug=\"img_1190-2\"\n               class=\"shutterset_a6d0251e289b9d2023c6d431c5710d04\">\n                <img\n                    title=\"img_1190\"\n                    alt=\"img_1190\"\n                    src=\"http:\/\/www.karate-neuhofen.at\/wp-content\/gallery\/sommercamp-2014\/thumbs\/thumbs_img_1190.jpg\"\n                    width=\"100\"\n                    height=\"66\"\n                    style=\"max-width:100%;\"\n                \/>\n            <\/a>\n        <\/div>\n\t\t\t\t\t\t\t<\/div> \n\t\t\t\n        \n\t\t\t\t<div id=\"ngg-image-419\" class=\"ngg-gallery-thumbnail-box\" >\n\t\t\t\t        <div class=\"ngg-gallery-thumbnail\">\n            <a href=\"http:\/\/www.karate-neuhofen.at\/wp-content\/gallery\/sommercamp-2014\/img_1191.jpg\"\n               title=\"\"\n               data-src=\"http:\/\/www.karate-neuhofen.at\/wp-content\/gallery\/sommercamp-2014\/img_1191.jpg\"\n               data-thumbnail=\"http:\/\/www.karate-neuhofen.at\/wp-content\/gallery\/sommercamp-2014\/thumbs\/thumbs_img_1191.jpg\"\n               data-image-id=\"7138\"\n               data-title=\"img_1191\"\n               data-description=\"\"\n               data-image-slug=\"img_1191-2\"\n               class=\"shutterset_a6d0251e289b9d2023c6d431c5710d04\">\n                <img\n                    title=\"img_1191\"\n                    alt=\"img_1191\"\n                    src=\"http:\/\/www.karate-neuhofen.at\/wp-content\/gallery\/sommercamp-2014\/thumbs\/thumbs_img_1191.jpg\"\n                    width=\"100\"\n                    height=\"66\"\n                    style=\"max-width:100%;\"\n                \/>\n            <\/a>\n        <\/div>\n\t\t\t\t\t\t\t<\/div> \n\t\t\t\n        \n\t\t\t\t<div id=\"ngg-image-420\" class=\"ngg-gallery-thumbnail-box\" >\n\t\t\t\t        <div class=\"ngg-gallery-thumbnail\">\n            <a href=\"http:\/\/www.karate-neuhofen.at\/wp-content\/gallery\/sommercamp-2014\/img_1192.jpg\"\n               title=\"\"\n               data-src=\"http:\/\/www.karate-neuhofen.at\/wp-content\/gallery\/sommercamp-2014\/img_1192.jpg\"\n               data-thumbnail=\"http:\/\/www.karate-neuhofen.at\/wp-content\/gallery\/sommercamp-2014\/thumbs\/thumbs_img_1192.jpg\"\n               data-image-id=\"7139\"\n               data-title=\"img_1192\"\n               data-description=\"\"\n               data-image-slug=\"img_1192-2\"\n               class=\"shutterset_a6d0251e289b9d2023c6d431c5710d04\">\n                <img\n                    title=\"img_1192\"\n                    alt=\"img_1192\"\n                    src=\"http:\/\/www.karate-neuhofen.at\/wp-content\/gallery\/sommercamp-2014\/thumbs\/thumbs_img_1192.jpg\"\n                    width=\"100\"\n                    height=\"66\"\n                    style=\"max-width:100%;\"\n                \/>\n            <\/a>\n        <\/div>\n\t\t\t\t\t\t\t<\/div> \n\t\t\t\n        \n\t\t\t\t<div id=\"ngg-image-421\" class=\"ngg-gallery-thumbnail-box\" >\n\t\t\t\t        <div class=\"ngg-gallery-thumbnail\">\n            <a href=\"http:\/\/www.karate-neuhofen.at\/wp-content\/gallery\/sommercamp-2014\/img_1193.jpg\"\n               title=\"\"\n               data-src=\"http:\/\/www.karate-neuhofen.at\/wp-content\/gallery\/sommercamp-2014\/img_1193.jpg\"\n               data-thumbnail=\"http:\/\/www.karate-neuhofen.at\/wp-content\/gallery\/sommercamp-2014\/thumbs\/thumbs_img_1193.jpg\"\n               data-image-id=\"7140\"\n               data-title=\"img_1193\"\n               data-description=\"\"\n               data-image-slug=\"img_1193-2\"\n               class=\"shutterset_a6d0251e289b9d2023c6d431c5710d04\">\n                <img\n                    title=\"img_1193\"\n                    alt=\"img_1193\"\n                    src=\"http:\/\/www.karate-neuhofen.at\/wp-content\/gallery\/sommercamp-2014\/thumbs\/thumbs_img_1193.jpg\"\n                    width=\"50\"\n                    height=\"75\"\n                    style=\"max-width:100%;\"\n                \/>\n            <\/a>\n        <\/div>\n\t\t\t\t\t\t\t<\/div> \n\t\t\t\n        \n\t\t\t\t<div id=\"ngg-image-422\" class=\"ngg-gallery-thumbnail-box\" >\n\t\t\t\t        <div class=\"ngg-gallery-thumbnail\">\n            <a href=\"http:\/\/www.karate-neuhofen.at\/wp-content\/gallery\/sommercamp-2014\/img_1194.jpg\"\n               title=\"\"\n               data-src=\"http:\/\/www.karate-neuhofen.at\/wp-content\/gallery\/sommercamp-2014\/img_1194.jpg\"\n               data-thumbnail=\"http:\/\/www.karate-neuhofen.at\/wp-content\/gallery\/sommercamp-2014\/thumbs\/thumbs_img_1194.jpg\"\n               data-image-id=\"7141\"\n               data-title=\"img_1194\"\n               data-description=\"\"\n               data-image-slug=\"img_1194-2\"\n               class=\"shutterset_a6d0251e289b9d2023c6d431c5710d04\">\n                <img\n                    title=\"img_1194\"\n                    alt=\"img_1194\"\n                    src=\"http:\/\/www.karate-neuhofen.at\/wp-content\/gallery\/sommercamp-2014\/thumbs\/thumbs_img_1194.jpg\"\n                    width=\"100\"\n                    height=\"66\"\n                    style=\"max-width:100%;\"\n                \/>\n            <\/a>\n        <\/div>\n\t\t\t\t\t\t\t<\/div> \n\t\t\t\n        \n\t\t\t\t<div id=\"ngg-image-423\" class=\"ngg-gallery-thumbnail-box\" >\n\t\t\t\t        <div class=\"ngg-gallery-thumbnail\">\n            <a href=\"http:\/\/www.karate-neuhofen.at\/wp-content\/gallery\/sommercamp-2014\/img_1195.jpg\"\n               title=\"\"\n               data-src=\"http:\/\/www.karate-neuhofen.at\/wp-content\/gallery\/sommercamp-2014\/img_1195.jpg\"\n               data-thumbnail=\"http:\/\/www.karate-neuhofen.at\/wp-content\/gallery\/sommercamp-2014\/thumbs\/thumbs_img_1195.jpg\"\n               data-image-id=\"7142\"\n               data-title=\"img_1195\"\n               data-description=\"\"\n               data-image-slug=\"img_1195-2\"\n               class=\"shutterset_a6d0251e289b9d2023c6d431c5710d04\">\n                <img\n                    title=\"img_1195\"\n                    alt=\"img_1195\"\n                    src=\"http:\/\/www.karate-neuhofen.at\/wp-content\/gallery\/sommercamp-2014\/thumbs\/thumbs_img_1195.jpg\"\n                    width=\"50\"\n                    height=\"75\"\n                    style=\"max-width:100%;\"\n                \/>\n            <\/a>\n        <\/div>\n\t\t\t\t\t\t\t<\/div> \n\t\t\t\n        \n\t\t\t\t<div id=\"ngg-image-424\" class=\"ngg-gallery-thumbnail-box\" >\n\t\t\t\t        <div class=\"ngg-gallery-thumbnail\">\n            <a href=\"http:\/\/www.karate-neuhofen.at\/wp-content\/gallery\/sommercamp-2014\/img_1201.jpg\"\n               title=\"\"\n               data-src=\"http:\/\/www.karate-neuhofen.at\/wp-content\/gallery\/sommercamp-2014\/img_1201.jpg\"\n               data-thumbnail=\"http:\/\/www.karate-neuhofen.at\/wp-content\/gallery\/sommercamp-2014\/thumbs\/thumbs_img_1201.jpg\"\n               data-image-id=\"7144\"\n               data-title=\"img_1201\"\n               data-description=\"\"\n               data-image-slug=\"img_1201-2\"\n               class=\"shutterset_a6d0251e289b9d2023c6d431c5710d04\">\n                <img\n                    title=\"img_1201\"\n                    alt=\"img_1201\"\n                    src=\"http:\/\/www.karate-neuhofen.at\/wp-content\/gallery\/sommercamp-2014\/thumbs\/thumbs_img_1201.jpg\"\n                    width=\"100\"\n                    height=\"66\"\n                    style=\"max-width:100%;\"\n                \/>\n            <\/a>\n        <\/div>\n\t\t\t\t\t\t\t<\/div> \n\t\t\t\n        \n\t\t\t\t<div id=\"ngg-image-425\" class=\"ngg-gallery-thumbnail-box\" >\n\t\t\t\t        <div class=\"ngg-gallery-thumbnail\">\n            <a href=\"http:\/\/www.karate-neuhofen.at\/wp-content\/gallery\/sommercamp-2014\/img_1204.jpg\"\n               title=\"\"\n               data-src=\"http:\/\/www.karate-neuhofen.at\/wp-content\/gallery\/sommercamp-2014\/img_1204.jpg\"\n               data-thumbnail=\"http:\/\/www.karate-neuhofen.at\/wp-content\/gallery\/sommercamp-2014\/thumbs\/thumbs_img_1204.jpg\"\n               data-image-id=\"7145\"\n               data-title=\"img_1204\"\n               data-description=\"\"\n               data-image-slug=\"img_1204-2\"\n               class=\"shutterset_a6d0251e289b9d2023c6d431c5710d04\">\n                <img\n                    title=\"img_1204\"\n                    alt=\"img_1204\"\n                    src=\"http:\/\/www.karate-neuhofen.at\/wp-content\/gallery\/sommercamp-2014\/thumbs\/thumbs_img_1204.jpg\"\n                    width=\"100\"\n                    height=\"66\"\n                    style=\"max-width:100%;\"\n                \/>\n            <\/a>\n        <\/div>\n\t\t\t\t\t\t\t<\/div> \n\t\t\t\n        \n\t\t\t\t<div id=\"ngg-image-426\" class=\"ngg-gallery-thumbnail-box\" >\n\t\t\t\t        <div class=\"ngg-gallery-thumbnail\">\n            <a href=\"http:\/\/www.karate-neuhofen.at\/wp-content\/gallery\/sommercamp-2014\/img_1206.jpg\"\n               title=\"\"\n               data-src=\"http:\/\/www.karate-neuhofen.at\/wp-content\/gallery\/sommercamp-2014\/img_1206.jpg\"\n               data-thumbnail=\"http:\/\/www.karate-neuhofen.at\/wp-content\/gallery\/sommercamp-2014\/thumbs\/thumbs_img_1206.jpg\"\n               data-image-id=\"7147\"\n               data-title=\"img_1206\"\n               data-description=\"\"\n               data-image-slug=\"img_1206-2\"\n               class=\"shutterset_a6d0251e289b9d2023c6d431c5710d04\">\n                <img\n                    title=\"img_1206\"\n                    alt=\"img_1206\"\n                    src=\"http:\/\/www.karate-neuhofen.at\/wp-content\/gallery\/sommercamp-2014\/thumbs\/thumbs_img_1206.jpg\"\n                    width=\"100\"\n                    height=\"66\"\n                    style=\"max-width:100%;\"\n                \/>\n            <\/a>\n        <\/div>\n\t\t\t\t\t\t\t<\/div> \n\t\t\t\n        \n\t\t\t\t<div id=\"ngg-image-427\" class=\"ngg-gallery-thumbnail-box\" >\n\t\t\t\t        <div class=\"ngg-gallery-thumbnail\">\n            <a href=\"http:\/\/www.karate-neuhofen.at\/wp-content\/gallery\/sommercamp-2014\/img_1211.jpg\"\n               title=\"\"\n               data-src=\"http:\/\/www.karate-neuhofen.at\/wp-content\/gallery\/sommercamp-2014\/img_1211.jpg\"\n               data-thumbnail=\"http:\/\/www.karate-neuhofen.at\/wp-content\/gallery\/sommercamp-2014\/thumbs\/thumbs_img_1211.jpg\"\n               data-image-id=\"7148\"\n               data-title=\"img_1211\"\n               data-description=\"\"\n               data-image-slug=\"img_1211-2\"\n               class=\"shutterset_a6d0251e289b9d2023c6d431c5710d04\">\n                <img\n                    title=\"img_1211\"\n                    alt=\"img_1211\"\n                    src=\"http:\/\/www.karate-neuhofen.at\/wp-content\/gallery\/sommercamp-2014\/thumbs\/thumbs_img_1211.jpg\"\n                    width=\"50\"\n                    height=\"75\"\n                    style=\"max-width:100%;\"\n                \/>\n            <\/a>\n        <\/div>\n\t\t\t\t\t\t\t<\/div> \n\t\t\t\n        \n\t\t\t\t<div id=\"ngg-image-428\" class=\"ngg-gallery-thumbnail-box\" >\n\t\t\t\t        <div class=\"ngg-gallery-thumbnail\">\n            <a href=\"http:\/\/www.karate-neuhofen.at\/wp-content\/gallery\/sommercamp-2014\/img_1214.jpg\"\n               title=\"\"\n               data-src=\"http:\/\/www.karate-neuhofen.at\/wp-content\/gallery\/sommercamp-2014\/img_1214.jpg\"\n               data-thumbnail=\"http:\/\/www.karate-neuhofen.at\/wp-content\/gallery\/sommercamp-2014\/thumbs\/thumbs_img_1214.jpg\"\n               data-image-id=\"7149\"\n               data-title=\"img_1214\"\n               data-description=\"\"\n               data-image-slug=\"img_1214-2\"\n               class=\"shutterset_a6d0251e289b9d2023c6d431c5710d04\">\n                <img\n                    title=\"img_1214\"\n                    alt=\"img_1214\"\n                    src=\"http:\/\/www.karate-neuhofen.at\/wp-content\/gallery\/sommercamp-2014\/thumbs\/thumbs_img_1214.jpg\"\n                    width=\"50\"\n                    height=\"75\"\n                    style=\"max-width:100%;\"\n                \/>\n            <\/a>\n        <\/div>\n\t\t\t\t\t\t\t<\/div> \n\t\t\t\n        \n\t\t\t\t<div id=\"ngg-image-429\" class=\"ngg-gallery-thumbnail-box\" >\n\t\t\t\t        <div class=\"ngg-gallery-thumbnail\">\n            <a href=\"http:\/\/www.karate-neuhofen.at\/wp-content\/gallery\/sommercamp-2014\/img_1222.jpg\"\n               title=\"\"\n               data-src=\"http:\/\/www.karate-neuhofen.at\/wp-content\/gallery\/sommercamp-2014\/img_1222.jpg\"\n               data-thumbnail=\"http:\/\/www.karate-neuhofen.at\/wp-content\/gallery\/sommercamp-2014\/thumbs\/thumbs_img_1222.jpg\"\n               data-image-id=\"7150\"\n               data-title=\"img_1222\"\n               data-description=\"\"\n               data-image-slug=\"img_1222-2\"\n               class=\"shutterset_a6d0251e289b9d2023c6d431c5710d04\">\n                <img\n                    title=\"img_1222\"\n                    alt=\"img_1222\"\n                    src=\"http:\/\/www.karate-neuhofen.at\/wp-content\/gallery\/sommercamp-2014\/thumbs\/thumbs_img_1222.jpg\"\n                    width=\"50\"\n                    height=\"75\"\n                    style=\"max-width:100%;\"\n                \/>\n            <\/a>\n        <\/div>\n\t\t\t\t\t\t\t<\/div> \n\t\t\t\n        \n\t\t\t\t<div id=\"ngg-image-430\" class=\"ngg-gallery-thumbnail-box\" >\n\t\t\t\t        <div class=\"ngg-gallery-thumbnail\">\n            <a href=\"http:\/\/www.karate-neuhofen.at\/wp-content\/gallery\/sommercamp-2014\/img_1223.jpg\"\n               title=\"\"\n               data-src=\"http:\/\/www.karate-neuhofen.at\/wp-content\/gallery\/sommercamp-2014\/img_1223.jpg\"\n               data-thumbnail=\"http:\/\/www.karate-neuhofen.at\/wp-content\/gallery\/sommercamp-2014\/thumbs\/thumbs_img_1223.jpg\"\n               data-image-id=\"7151\"\n               data-title=\"img_1223\"\n               data-description=\"\"\n               data-image-slug=\"img_1223-2\"\n               class=\"shutterset_a6d0251e289b9d2023c6d431c5710d04\">\n                <img\n                    title=\"img_1223\"\n                    alt=\"img_1223\"\n                    src=\"http:\/\/www.karate-neuhofen.at\/wp-content\/gallery\/sommercamp-2014\/thumbs\/thumbs_img_1223.jpg\"\n                    width=\"100\"\n                    height=\"66\"\n                    style=\"max-width:100%;\"\n                \/>\n            <\/a>\n        <\/div>\n\t\t\t\t\t\t\t<\/div> \n\t\t\t\n        \n\t\t\t\t<div id=\"ngg-image-431\" class=\"ngg-gallery-thumbnail-box\" >\n\t\t\t\t        <div class=\"ngg-gallery-thumbnail\">\n            <a href=\"http:\/\/www.karate-neuhofen.at\/wp-content\/gallery\/sommercamp-2014\/img_1224.jpg\"\n               title=\"\"\n               data-src=\"http:\/\/www.karate-neuhofen.at\/wp-content\/gallery\/sommercamp-2014\/img_1224.jpg\"\n               data-thumbnail=\"http:\/\/www.karate-neuhofen.at\/wp-content\/gallery\/sommercamp-2014\/thumbs\/thumbs_img_1224.jpg\"\n               data-image-id=\"7152\"\n               data-title=\"img_1224\"\n               data-description=\"\"\n               data-image-slug=\"img_1224-2\"\n               class=\"shutterset_a6d0251e289b9d2023c6d431c5710d04\">\n                <img\n                    title=\"img_1224\"\n                    alt=\"img_1224\"\n                    src=\"http:\/\/www.karate-neuhofen.at\/wp-content\/gallery\/sommercamp-2014\/thumbs\/thumbs_img_1224.jpg\"\n                    width=\"100\"\n                    height=\"66\"\n                    style=\"max-width:100%;\"\n                \/>\n            <\/a>\n        <\/div>\n\t\t\t\t\t\t\t<\/div> \n\t\t\t\n        \n\t\t\t\t<div id=\"ngg-image-432\" class=\"ngg-gallery-thumbnail-box\" >\n\t\t\t\t        <div class=\"ngg-gallery-thumbnail\">\n            <a href=\"http:\/\/www.karate-neuhofen.at\/wp-content\/gallery\/sommercamp-2014\/img_1225.jpg\"\n               title=\"\"\n               data-src=\"http:\/\/www.karate-neuhofen.at\/wp-content\/gallery\/sommercamp-2014\/img_1225.jpg\"\n               data-thumbnail=\"http:\/\/www.karate-neuhofen.at\/wp-content\/gallery\/sommercamp-2014\/thumbs\/thumbs_img_1225.jpg\"\n               data-image-id=\"7153\"\n               data-title=\"img_1225\"\n               data-description=\"\"\n               data-image-slug=\"img_1225-2\"\n               class=\"shutterset_a6d0251e289b9d2023c6d431c5710d04\">\n                <img\n                    title=\"img_1225\"\n                    alt=\"img_1225\"\n                    src=\"http:\/\/www.karate-neuhofen.at\/wp-content\/gallery\/sommercamp-2014\/thumbs\/thumbs_img_1225.jpg\"\n                    width=\"100\"\n                    height=\"66\"\n                    style=\"max-width:100%;\"\n                \/>\n            <\/a>\n        <\/div>\n\t\t\t\t\t\t\t<\/div> \n\t\t\t\n        \n\t\t\t\t<div id=\"ngg-image-433\" class=\"ngg-gallery-thumbnail-box\" >\n\t\t\t\t        <div class=\"ngg-gallery-thumbnail\">\n            <a href=\"http:\/\/www.karate-neuhofen.at\/wp-content\/gallery\/sommercamp-2014\/img_1226.jpg\"\n               title=\"\"\n               data-src=\"http:\/\/www.karate-neuhofen.at\/wp-content\/gallery\/sommercamp-2014\/img_1226.jpg\"\n               data-thumbnail=\"http:\/\/www.karate-neuhofen.at\/wp-content\/gallery\/sommercamp-2014\/thumbs\/thumbs_img_1226.jpg\"\n               data-image-id=\"7154\"\n               data-title=\"img_1226\"\n               data-description=\"\"\n               data-image-slug=\"img_1226-2\"\n               class=\"shutterset_a6d0251e289b9d2023c6d431c5710d04\">\n                <img\n                    title=\"img_1226\"\n                    alt=\"img_1226\"\n                    src=\"http:\/\/www.karate-neuhofen.at\/wp-content\/gallery\/sommercamp-2014\/thumbs\/thumbs_img_1226.jpg\"\n                    width=\"100\"\n                    height=\"66\"\n                    style=\"max-width:100%;\"\n                \/>\n            <\/a>\n        <\/div>\n\t\t\t\t\t\t\t<\/div> \n\t\t\t\n        \n\t\t\t\t<div id=\"ngg-image-434\" class=\"ngg-gallery-thumbnail-box\" >\n\t\t\t\t        <div class=\"ngg-gallery-thumbnail\">\n            <a href=\"http:\/\/www.karate-neuhofen.at\/wp-content\/gallery\/sommercamp-2014\/img_1235.jpg\"\n               title=\"\"\n               data-src=\"http:\/\/www.karate-neuhofen.at\/wp-content\/gallery\/sommercamp-2014\/img_1235.jpg\"\n               data-thumbnail=\"http:\/\/www.karate-neuhofen.at\/wp-content\/gallery\/sommercamp-2014\/thumbs\/thumbs_img_1235.jpg\"\n               data-image-id=\"7156\"\n               data-title=\"img_1235\"\n               data-description=\"\"\n               data-image-slug=\"img_1235-2\"\n               class=\"shutterset_a6d0251e289b9d2023c6d431c5710d04\">\n                <img\n                    title=\"img_1235\"\n                    alt=\"img_1235\"\n                    src=\"http:\/\/www.karate-neuhofen.at\/wp-content\/gallery\/sommercamp-2014\/thumbs\/thumbs_img_1235.jpg\"\n                    width=\"50\"\n                    height=\"75\"\n                    style=\"max-width:100%;\"\n                \/>\n            <\/a>\n        <\/div>\n\t\t\t\t\t\t\t<\/div> \n\t\t\t\n        \n\t\t\t\t<div id=\"ngg-image-435\" class=\"ngg-gallery-thumbnail-box\" >\n\t\t\t\t        <div class=\"ngg-gallery-thumbnail\">\n            <a href=\"http:\/\/www.karate-neuhofen.at\/wp-content\/gallery\/sommercamp-2014\/img_1236.jpg\"\n               title=\"\"\n               data-src=\"http:\/\/www.karate-neuhofen.at\/wp-content\/gallery\/sommercamp-2014\/img_1236.jpg\"\n               data-thumbnail=\"http:\/\/www.karate-neuhofen.at\/wp-content\/gallery\/sommercamp-2014\/thumbs\/thumbs_img_1236.jpg\"\n               data-image-id=\"7157\"\n               data-title=\"img_1236\"\n               data-description=\"\"\n               data-image-slug=\"img_1236-2\"\n               class=\"shutterset_a6d0251e289b9d2023c6d431c5710d04\">\n                <img\n                    title=\"img_1236\"\n                    alt=\"img_1236\"\n                    src=\"http:\/\/www.karate-neuhofen.at\/wp-content\/gallery\/sommercamp-2014\/thumbs\/thumbs_img_1236.jpg\"\n                    width=\"50\"\n                    height=\"75\"\n                    style=\"max-width:100%;\"\n                \/>\n            <\/a>\n        <\/div>\n\t\t\t\t\t\t\t<\/div> \n\t\t\t\n        \n\t\t\t\t<div id=\"ngg-image-436\" class=\"ngg-gallery-thumbnail-box\" >\n\t\t\t\t        <div class=\"ngg-gallery-thumbnail\">\n            <a href=\"http:\/\/www.karate-neuhofen.at\/wp-content\/gallery\/sommercamp-2014\/img_1237.jpg\"\n               title=\"\"\n               data-src=\"http:\/\/www.karate-neuhofen.at\/wp-content\/gallery\/sommercamp-2014\/img_1237.jpg\"\n               data-thumbnail=\"http:\/\/www.karate-neuhofen.at\/wp-content\/gallery\/sommercamp-2014\/thumbs\/thumbs_img_1237.jpg\"\n               data-image-id=\"7158\"\n               data-title=\"img_1237\"\n               data-description=\"\"\n               data-image-slug=\"img_1237-2\"\n               class=\"shutterset_a6d0251e289b9d2023c6d431c5710d04\">\n                <img\n                    title=\"img_1237\"\n                    alt=\"img_1237\"\n                    src=\"http:\/\/www.karate-neuhofen.at\/wp-content\/gallery\/sommercamp-2014\/thumbs\/thumbs_img_1237.jpg\"\n                    width=\"50\"\n                    height=\"75\"\n                    style=\"max-width:100%;\"\n                \/>\n            <\/a>\n        <\/div>\n\t\t\t\t\t\t\t<\/div> \n\t\t\t\n        \n\t\t\t\t<div id=\"ngg-image-437\" class=\"ngg-gallery-thumbnail-box\" >\n\t\t\t\t        <div class=\"ngg-gallery-thumbnail\">\n            <a href=\"http:\/\/www.karate-neuhofen.at\/wp-content\/gallery\/sommercamp-2014\/img_1244.jpg\"\n               title=\"\"\n               data-src=\"http:\/\/www.karate-neuhofen.at\/wp-content\/gallery\/sommercamp-2014\/img_1244.jpg\"\n               data-thumbnail=\"http:\/\/www.karate-neuhofen.at\/wp-content\/gallery\/sommercamp-2014\/thumbs\/thumbs_img_1244.jpg\"\n               data-image-id=\"7159\"\n               data-title=\"img_1244\"\n               data-description=\"\"\n               data-image-slug=\"img_1244-2\"\n               class=\"shutterset_a6d0251e289b9d2023c6d431c5710d04\">\n                <img\n                    title=\"img_1244\"\n                    alt=\"img_1244\"\n                    src=\"http:\/\/www.karate-neuhofen.at\/wp-content\/gallery\/sommercamp-2014\/thumbs\/thumbs_img_1244.jpg\"\n                    width=\"50\"\n                    height=\"75\"\n                    style=\"max-width:100%;\"\n                \/>\n            <\/a>\n        <\/div>\n\t\t\t\t\t\t\t<\/div> \n\t\t\t\n        \n\t\t\t\t<div id=\"ngg-image-438\" class=\"ngg-gallery-thumbnail-box\" >\n\t\t\t\t        <div class=\"ngg-gallery-thumbnail\">\n            <a href=\"http:\/\/www.karate-neuhofen.at\/wp-content\/gallery\/sommercamp-2014\/img_1255.jpg\"\n               title=\"\"\n               data-src=\"http:\/\/www.karate-neuhofen.at\/wp-content\/gallery\/sommercamp-2014\/img_1255.jpg\"\n               data-thumbnail=\"http:\/\/www.karate-neuhofen.at\/wp-content\/gallery\/sommercamp-2014\/thumbs\/thumbs_img_1255.jpg\"\n               data-image-id=\"7161\"\n               data-title=\"img_1255\"\n               data-description=\"\"\n               data-image-slug=\"img_1255-2\"\n               class=\"shutterset_a6d0251e289b9d2023c6d431c5710d04\">\n                <img\n                    title=\"img_1255\"\n                    alt=\"img_1255\"\n                    src=\"http:\/\/www.karate-neuhofen.at\/wp-content\/gallery\/sommercamp-2014\/thumbs\/thumbs_img_1255.jpg\"\n                    width=\"100\"\n                    height=\"66\"\n                    style=\"max-width:100%;\"\n                \/>\n            <\/a>\n        <\/div>\n\t\t\t\t\t\t\t<\/div> \n\t\t\t\n        \n\t\t\t\t<div id=\"ngg-image-439\" class=\"ngg-gallery-thumbnail-box\" >\n\t\t\t\t        <div class=\"ngg-gallery-thumbnail\">\n            <a href=\"http:\/\/www.karate-neuhofen.at\/wp-content\/gallery\/sommercamp-2014\/img_1258.jpg\"\n               title=\"\"\n               data-src=\"http:\/\/www.karate-neuhofen.at\/wp-content\/gallery\/sommercamp-2014\/img_1258.jpg\"\n               data-thumbnail=\"http:\/\/www.karate-neuhofen.at\/wp-content\/gallery\/sommercamp-2014\/thumbs\/thumbs_img_1258.jpg\"\n               data-image-id=\"7163\"\n               data-title=\"img_1258\"\n               data-description=\"\"\n               data-image-slug=\"img_1258-2\"\n               class=\"shutterset_a6d0251e289b9d2023c6d431c5710d04\">\n                <img\n                    title=\"img_1258\"\n                    alt=\"img_1258\"\n                    src=\"http:\/\/www.karate-neuhofen.at\/wp-content\/gallery\/sommercamp-2014\/thumbs\/thumbs_img_1258.jpg\"\n                    width=\"50\"\n                    height=\"75\"\n                    style=\"max-width:100%;\"\n                \/>\n            <\/a>\n        <\/div>\n\t\t\t\t\t\t\t<\/div> \n\t\t\t\n        \n\t\t\t\t<div id=\"ngg-image-440\" class=\"ngg-gallery-thumbnail-box\" >\n\t\t\t\t        <div class=\"ngg-gallery-thumbnail\">\n            <a href=\"http:\/\/www.karate-neuhofen.at\/wp-content\/gallery\/sommercamp-2014\/img_1262.jpg\"\n               title=\"\"\n               data-src=\"http:\/\/www.karate-neuhofen.at\/wp-content\/gallery\/sommercamp-2014\/img_1262.jpg\"\n               data-thumbnail=\"http:\/\/www.karate-neuhofen.at\/wp-content\/gallery\/sommercamp-2014\/thumbs\/thumbs_img_1262.jpg\"\n               data-image-id=\"7164\"\n               data-title=\"img_1262\"\n               data-description=\"\"\n               data-image-slug=\"img_1262-2\"\n               class=\"shutterset_a6d0251e289b9d2023c6d431c5710d04\">\n                <img\n                    title=\"img_1262\"\n                    alt=\"img_1262\"\n                    src=\"http:\/\/www.karate-neuhofen.at\/wp-content\/gallery\/sommercamp-2014\/thumbs\/thumbs_img_1262.jpg\"\n                    width=\"100\"\n                    height=\"66\"\n                    style=\"max-width:100%;\"\n                \/>\n            <\/a>\n        <\/div>\n\t\t\t\t\t\t\t<\/div> \n\t\t\t\n        \n\t\t\t\t<div id=\"ngg-image-441\" class=\"ngg-gallery-thumbnail-box\" >\n\t\t\t\t        <div class=\"ngg-gallery-thumbnail\">\n            <a href=\"http:\/\/www.karate-neuhofen.at\/wp-content\/gallery\/sommercamp-2014\/img_1273.jpg\"\n               title=\"\"\n               data-src=\"http:\/\/www.karate-neuhofen.at\/wp-content\/gallery\/sommercamp-2014\/img_1273.jpg\"\n               data-thumbnail=\"http:\/\/www.karate-neuhofen.at\/wp-content\/gallery\/sommercamp-2014\/thumbs\/thumbs_img_1273.jpg\"\n               data-image-id=\"7165\"\n               data-title=\"img_1273\"\n               data-description=\"\"\n               data-image-slug=\"img_1273-2\"\n               class=\"shutterset_a6d0251e289b9d2023c6d431c5710d04\">\n                <img\n                    title=\"img_1273\"\n                    alt=\"img_1273\"\n                    src=\"http:\/\/www.karate-neuhofen.at\/wp-content\/gallery\/sommercamp-2014\/thumbs\/thumbs_img_1273.jpg\"\n                    width=\"100\"\n                    height=\"66\"\n                    style=\"max-width:100%;\"\n                \/>\n            <\/a>\n        <\/div>\n\t\t\t\t\t\t\t<\/div> \n\t\t\t\n        \n\t\t\t\t<div id=\"ngg-image-442\" class=\"ngg-gallery-thumbnail-box\" >\n\t\t\t\t        <div class=\"ngg-gallery-thumbnail\">\n            <a href=\"http:\/\/www.karate-neuhofen.at\/wp-content\/gallery\/sommercamp-2014\/img_1274.jpg\"\n               title=\"\"\n               data-src=\"http:\/\/www.karate-neuhofen.at\/wp-content\/gallery\/sommercamp-2014\/img_1274.jpg\"\n               data-thumbnail=\"http:\/\/www.karate-neuhofen.at\/wp-content\/gallery\/sommercamp-2014\/thumbs\/thumbs_img_1274.jpg\"\n               data-image-id=\"7166\"\n               data-title=\"img_1274\"\n               data-description=\"\"\n               data-image-slug=\"img_1274-2\"\n               class=\"shutterset_a6d0251e289b9d2023c6d431c5710d04\">\n                <img\n                    title=\"img_1274\"\n                    alt=\"img_1274\"\n                    src=\"http:\/\/www.karate-neuhofen.at\/wp-content\/gallery\/sommercamp-2014\/thumbs\/thumbs_img_1274.jpg\"\n                    width=\"50\"\n                    height=\"75\"\n                    style=\"max-width:100%;\"\n                \/>\n            <\/a>\n        <\/div>\n\t\t\t\t\t\t\t<\/div> \n\t\t\t\n        \n\t\t\t\t<div id=\"ngg-image-443\" class=\"ngg-gallery-thumbnail-box\" >\n\t\t\t\t        <div class=\"ngg-gallery-thumbnail\">\n            <a href=\"http:\/\/www.karate-neuhofen.at\/wp-content\/gallery\/sommercamp-2014\/img_1287.jpg\"\n               title=\"\"\n               data-src=\"http:\/\/www.karate-neuhofen.at\/wp-content\/gallery\/sommercamp-2014\/img_1287.jpg\"\n               data-thumbnail=\"http:\/\/www.karate-neuhofen.at\/wp-content\/gallery\/sommercamp-2014\/thumbs\/thumbs_img_1287.jpg\"\n               data-image-id=\"7167\"\n               data-title=\"img_1287\"\n               data-description=\"\"\n               data-image-slug=\"img_1287-2\"\n               class=\"shutterset_a6d0251e289b9d2023c6d431c5710d04\">\n                <img\n                    title=\"img_1287\"\n                    alt=\"img_1287\"\n                    src=\"http:\/\/www.karate-neuhofen.at\/wp-content\/gallery\/sommercamp-2014\/thumbs\/thumbs_img_1287.jpg\"\n                    width=\"100\"\n                    height=\"66\"\n                    style=\"max-width:100%;\"\n                \/>\n            <\/a>\n        <\/div>\n\t\t\t\t\t\t\t<\/div> \n\t\t\t\n        \n\t\t\t\t<div id=\"ngg-image-444\" class=\"ngg-gallery-thumbnail-box\" >\n\t\t\t\t        <div class=\"ngg-gallery-thumbnail\">\n            <a href=\"http:\/\/www.karate-neuhofen.at\/wp-content\/gallery\/sommercamp-2014\/img_1299.jpg\"\n               title=\"\"\n               data-src=\"http:\/\/www.karate-neuhofen.at\/wp-content\/gallery\/sommercamp-2014\/img_1299.jpg\"\n               data-thumbnail=\"http:\/\/www.karate-neuhofen.at\/wp-content\/gallery\/sommercamp-2014\/thumbs\/thumbs_img_1299.jpg\"\n               data-image-id=\"7169\"\n               data-title=\"img_1299\"\n               data-description=\"\"\n               data-image-slug=\"img_1299-2\"\n               class=\"shutterset_a6d0251e289b9d2023c6d431c5710d04\">\n                <img\n                    title=\"img_1299\"\n                    alt=\"img_1299\"\n                    src=\"http:\/\/www.karate-neuhofen.at\/wp-content\/gallery\/sommercamp-2014\/thumbs\/thumbs_img_1299.jpg\"\n                    width=\"100\"\n                    height=\"66\"\n                    style=\"max-width:100%;\"\n                \/>\n            <\/a>\n        <\/div>\n\t\t\t\t\t\t\t<\/div> \n\t\t\t\n        \n\t\t\t\t<div id=\"ngg-image-445\" class=\"ngg-gallery-thumbnail-box\" >\n\t\t\t\t        <div class=\"ngg-gallery-thumbnail\">\n            <a href=\"http:\/\/www.karate-neuhofen.at\/wp-content\/gallery\/sommercamp-2014\/img_1300.jpg\"\n               title=\"\"\n               data-src=\"http:\/\/www.karate-neuhofen.at\/wp-content\/gallery\/sommercamp-2014\/img_1300.jpg\"\n               data-thumbnail=\"http:\/\/www.karate-neuhofen.at\/wp-content\/gallery\/sommercamp-2014\/thumbs\/thumbs_img_1300.jpg\"\n               data-image-id=\"7170\"\n               data-title=\"img_1300\"\n               data-description=\"\"\n               data-image-slug=\"img_1300-2\"\n               class=\"shutterset_a6d0251e289b9d2023c6d431c5710d04\">\n                <img\n                    title=\"img_1300\"\n                    alt=\"img_1300\"\n                    src=\"http:\/\/www.karate-neuhofen.at\/wp-content\/gallery\/sommercamp-2014\/thumbs\/thumbs_img_1300.jpg\"\n                    width=\"100\"\n                    height=\"66\"\n                    style=\"max-width:100%;\"\n                \/>\n            <\/a>\n        <\/div>\n\t\t\t\t\t\t\t<\/div> \n\t\t\t\n        \n\t\t\t\t<div id=\"ngg-image-446\" class=\"ngg-gallery-thumbnail-box\" >\n\t\t\t\t        <div class=\"ngg-gallery-thumbnail\">\n            <a href=\"http:\/\/www.karate-neuhofen.at\/wp-content\/gallery\/sommercamp-2014\/img_1302.jpg\"\n               title=\"\"\n               data-src=\"http:\/\/www.karate-neuhofen.at\/wp-content\/gallery\/sommercamp-2014\/img_1302.jpg\"\n               data-thumbnail=\"http:\/\/www.karate-neuhofen.at\/wp-content\/gallery\/sommercamp-2014\/thumbs\/thumbs_img_1302.jpg\"\n               data-image-id=\"7172\"\n               data-title=\"img_1302\"\n               data-description=\"\"\n               data-image-slug=\"img_1302-2\"\n               class=\"shutterset_a6d0251e289b9d2023c6d431c5710d04\">\n                <img\n                    title=\"img_1302\"\n                    alt=\"img_1302\"\n                    src=\"http:\/\/www.karate-neuhofen.at\/wp-content\/gallery\/sommercamp-2014\/thumbs\/thumbs_img_1302.jpg\"\n                    width=\"100\"\n                    height=\"66\"\n                    style=\"max-width:100%;\"\n                \/>\n            <\/a>\n        <\/div>\n\t\t\t\t\t\t\t<\/div> \n\t\t\t\n        \n\t\t\t\t<div id=\"ngg-image-447\" class=\"ngg-gallery-thumbnail-box\" >\n\t\t\t\t        <div class=\"ngg-gallery-thumbnail\">\n            <a href=\"http:\/\/www.karate-neuhofen.at\/wp-content\/gallery\/sommercamp-2014\/img_1305.jpg\"\n               title=\"\"\n               data-src=\"http:\/\/www.karate-neuhofen.at\/wp-content\/gallery\/sommercamp-2014\/img_1305.jpg\"\n               data-thumbnail=\"http:\/\/www.karate-neuhofen.at\/wp-content\/gallery\/sommercamp-2014\/thumbs\/thumbs_img_1305.jpg\"\n               data-image-id=\"7174\"\n               data-title=\"img_1305\"\n               data-description=\"\"\n               data-image-slug=\"img_1305-2\"\n               class=\"shutterset_a6d0251e289b9d2023c6d431c5710d04\">\n                <img\n                    title=\"img_1305\"\n                    alt=\"img_1305\"\n                    src=\"http:\/\/www.karate-neuhofen.at\/wp-content\/gallery\/sommercamp-2014\/thumbs\/thumbs_img_1305.jpg\"\n                    width=\"50\"\n                    height=\"75\"\n                    style=\"max-width:100%;\"\n                \/>\n            <\/a>\n        <\/div>\n\t\t\t\t\t\t\t<\/div> \n\t\t\t\n        \n\t\t\t\t<div id=\"ngg-image-448\" class=\"ngg-gallery-thumbnail-box\" >\n\t\t\t\t        <div class=\"ngg-gallery-thumbnail\">\n            <a href=\"http:\/\/www.karate-neuhofen.at\/wp-content\/gallery\/sommercamp-2014\/img_1306.jpg\"\n               title=\"\"\n               data-src=\"http:\/\/www.karate-neuhofen.at\/wp-content\/gallery\/sommercamp-2014\/img_1306.jpg\"\n               data-thumbnail=\"http:\/\/www.karate-neuhofen.at\/wp-content\/gallery\/sommercamp-2014\/thumbs\/thumbs_img_1306.jpg\"\n               data-image-id=\"7175\"\n               data-title=\"img_1306\"\n               data-description=\"\"\n               data-image-slug=\"img_1306-2\"\n               class=\"shutterset_a6d0251e289b9d2023c6d431c5710d04\">\n                <img\n                    title=\"img_1306\"\n                    alt=\"img_1306\"\n                    src=\"http:\/\/www.karate-neuhofen.at\/wp-content\/gallery\/sommercamp-2014\/thumbs\/thumbs_img_1306.jpg\"\n                    width=\"50\"\n                    height=\"75\"\n                    style=\"max-width:100%;\"\n                \/>\n            <\/a>\n        <\/div>\n\t\t\t\t\t\t\t<\/div> \n\t\t\t\n        \n\t\t\t\t<div id=\"ngg-image-449\" class=\"ngg-gallery-thumbnail-box\" >\n\t\t\t\t        <div class=\"ngg-gallery-thumbnail\">\n            <a href=\"http:\/\/www.karate-neuhofen.at\/wp-content\/gallery\/sommercamp-2014\/img_1307.jpg\"\n               title=\"\"\n               data-src=\"http:\/\/www.karate-neuhofen.at\/wp-content\/gallery\/sommercamp-2014\/img_1307.jpg\"\n               data-thumbnail=\"http:\/\/www.karate-neuhofen.at\/wp-content\/gallery\/sommercamp-2014\/thumbs\/thumbs_img_1307.jpg\"\n               data-image-id=\"7176\"\n               data-title=\"img_1307\"\n               data-description=\"\"\n               data-image-slug=\"img_1307-2\"\n               class=\"shutterset_a6d0251e289b9d2023c6d431c5710d04\">\n                <img\n                    title=\"img_1307\"\n                    alt=\"img_1307\"\n                    src=\"http:\/\/www.karate-neuhofen.at\/wp-content\/gallery\/sommercamp-2014\/thumbs\/thumbs_img_1307.jpg\"\n                    width=\"100\"\n                    height=\"66\"\n                    style=\"max-width:100%;\"\n                \/>\n            <\/a>\n        <\/div>\n\t\t\t\t\t\t\t<\/div> \n\t\t\t\n        \n\t\t\t\t<div id=\"ngg-image-450\" class=\"ngg-gallery-thumbnail-box\" >\n\t\t\t\t        <div class=\"ngg-gallery-thumbnail\">\n            <a href=\"http:\/\/www.karate-neuhofen.at\/wp-content\/gallery\/sommercamp-2014\/img_1311.jpg\"\n               title=\"\"\n               data-src=\"http:\/\/www.karate-neuhofen.at\/wp-content\/gallery\/sommercamp-2014\/img_1311.jpg\"\n               data-thumbnail=\"http:\/\/www.karate-neuhofen.at\/wp-content\/gallery\/sommercamp-2014\/thumbs\/thumbs_img_1311.jpg\"\n               data-image-id=\"7178\"\n               data-title=\"img_1311\"\n               data-description=\"\"\n               data-image-slug=\"img_1311-2\"\n               class=\"shutterset_a6d0251e289b9d2023c6d431c5710d04\">\n                <img\n                    title=\"img_1311\"\n                    alt=\"img_1311\"\n                    src=\"http:\/\/www.karate-neuhofen.at\/wp-content\/gallery\/sommercamp-2014\/thumbs\/thumbs_img_1311.jpg\"\n                    width=\"50\"\n                    height=\"75\"\n                    style=\"max-width:100%;\"\n                \/>\n            <\/a>\n        <\/div>\n\t\t\t\t\t\t\t<\/div> \n\t\t\t\n        \n\t\t\t\t<div id=\"ngg-image-451\" class=\"ngg-gallery-thumbnail-box\" >\n\t\t\t\t        <div class=\"ngg-gallery-thumbnail\">\n            <a href=\"http:\/\/www.karate-neuhofen.at\/wp-content\/gallery\/sommercamp-2014\/img_1321.jpg\"\n               title=\"\"\n               data-src=\"http:\/\/www.karate-neuhofen.at\/wp-content\/gallery\/sommercamp-2014\/img_1321.jpg\"\n               data-thumbnail=\"http:\/\/www.karate-neuhofen.at\/wp-content\/gallery\/sommercamp-2014\/thumbs\/thumbs_img_1321.jpg\"\n               data-image-id=\"7182\"\n               data-title=\"img_1321\"\n               data-description=\"\"\n               data-image-slug=\"img_1321-2\"\n               class=\"shutterset_a6d0251e289b9d2023c6d431c5710d04\">\n                <img\n                    title=\"img_1321\"\n                    alt=\"img_1321\"\n                    src=\"http:\/\/www.karate-neuhofen.at\/wp-content\/gallery\/sommercamp-2014\/thumbs\/thumbs_img_1321.jpg\"\n                    width=\"100\"\n                    height=\"66\"\n                    style=\"max-width:100%;\"\n                \/>\n            <\/a>\n        <\/div>\n\t\t\t\t\t\t\t<\/div> \n\t\t\t\n        \n\t\t\t\t<div id=\"ngg-image-452\" class=\"ngg-gallery-thumbnail-box\" >\n\t\t\t\t        <div class=\"ngg-gallery-thumbnail\">\n            <a href=\"http:\/\/www.karate-neuhofen.at\/wp-content\/gallery\/sommercamp-2014\/img_1325.jpg\"\n               title=\"\"\n               data-src=\"http:\/\/www.karate-neuhofen.at\/wp-content\/gallery\/sommercamp-2014\/img_1325.jpg\"\n               data-thumbnail=\"http:\/\/www.karate-neuhofen.at\/wp-content\/gallery\/sommercamp-2014\/thumbs\/thumbs_img_1325.jpg\"\n               data-image-id=\"7183\"\n               data-title=\"img_1325\"\n               data-description=\"\"\n               data-image-slug=\"img_1325-2\"\n               class=\"shutterset_a6d0251e289b9d2023c6d431c5710d04\">\n                <img\n                    title=\"img_1325\"\n                    alt=\"img_1325\"\n                    src=\"http:\/\/www.karate-neuhofen.at\/wp-content\/gallery\/sommercamp-2014\/thumbs\/thumbs_img_1325.jpg\"\n                    width=\"100\"\n                    height=\"66\"\n                    style=\"max-width:100%;\"\n                \/>\n            <\/a>\n        <\/div>\n\t\t\t\t\t\t\t<\/div> \n\t\t\t\n        \n\t\t\t\t<div id=\"ngg-image-453\" class=\"ngg-gallery-thumbnail-box\" >\n\t\t\t\t        <div class=\"ngg-gallery-thumbnail\">\n            <a href=\"http:\/\/www.karate-neuhofen.at\/wp-content\/gallery\/sommercamp-2014\/img_1338.jpg\"\n               title=\"\"\n               data-src=\"http:\/\/www.karate-neuhofen.at\/wp-content\/gallery\/sommercamp-2014\/img_1338.jpg\"\n               data-thumbnail=\"http:\/\/www.karate-neuhofen.at\/wp-content\/gallery\/sommercamp-2014\/thumbs\/thumbs_img_1338.jpg\"\n               data-image-id=\"7185\"\n               data-title=\"img_1338\"\n               data-description=\"\"\n               data-image-slug=\"img_1338-2\"\n               class=\"shutterset_a6d0251e289b9d2023c6d431c5710d04\">\n                <img\n                    title=\"img_1338\"\n                    alt=\"img_1338\"\n                    src=\"http:\/\/www.karate-neuhofen.at\/wp-content\/gallery\/sommercamp-2014\/thumbs\/thumbs_img_1338.jpg\"\n                    width=\"50\"\n                    height=\"75\"\n                    style=\"max-width:100%;\"\n                \/>\n            <\/a>\n        <\/div>\n\t\t\t\t\t\t\t<\/div> \n\t\t\t\n        \n\t\t\t\t<div id=\"ngg-image-454\" class=\"ngg-gallery-thumbnail-box\" >\n\t\t\t\t        <div class=\"ngg-gallery-thumbnail\">\n            <a href=\"http:\/\/www.karate-neuhofen.at\/wp-content\/gallery\/sommercamp-2014\/img_1340.jpg\"\n               title=\"\"\n               data-src=\"http:\/\/www.karate-neuhofen.at\/wp-content\/gallery\/sommercamp-2014\/img_1340.jpg\"\n               data-thumbnail=\"http:\/\/www.karate-neuhofen.at\/wp-content\/gallery\/sommercamp-2014\/thumbs\/thumbs_img_1340.jpg\"\n               data-image-id=\"7186\"\n               data-title=\"img_1340\"\n               data-description=\"\"\n               data-image-slug=\"img_1340-2\"\n               class=\"shutterset_a6d0251e289b9d2023c6d431c5710d04\">\n                <img\n                    title=\"img_1340\"\n                    alt=\"img_1340\"\n                    src=\"http:\/\/www.karate-neuhofen.at\/wp-content\/gallery\/sommercamp-2014\/thumbs\/thumbs_img_1340.jpg\"\n                    width=\"50\"\n                    height=\"75\"\n                    style=\"max-width:100%;\"\n                \/>\n            <\/a>\n        <\/div>\n\t\t\t\t\t\t\t<\/div> \n\t\t\t\n        \n\t\t\t\t<div id=\"ngg-image-455\" class=\"ngg-gallery-thumbnail-box\" >\n\t\t\t\t        <div class=\"ngg-gallery-thumbnail\">\n            <a href=\"http:\/\/www.karate-neuhofen.at\/wp-content\/gallery\/sommercamp-2014\/img_1344.jpg\"\n               title=\"\"\n               data-src=\"http:\/\/www.karate-neuhofen.at\/wp-content\/gallery\/sommercamp-2014\/img_1344.jpg\"\n               data-thumbnail=\"http:\/\/www.karate-neuhofen.at\/wp-content\/gallery\/sommercamp-2014\/thumbs\/thumbs_img_1344.jpg\"\n               data-image-id=\"7187\"\n               data-title=\"img_1344\"\n               data-description=\"\"\n               data-image-slug=\"img_1344-2\"\n               class=\"shutterset_a6d0251e289b9d2023c6d431c5710d04\">\n                <img\n                    title=\"img_1344\"\n                    alt=\"img_1344\"\n                    src=\"http:\/\/www.karate-neuhofen.at\/wp-content\/gallery\/sommercamp-2014\/thumbs\/thumbs_img_1344.jpg\"\n                    width=\"50\"\n                    height=\"75\"\n                    style=\"max-width:100%;\"\n                \/>\n            <\/a>\n        <\/div>\n\t\t\t\t\t\t\t<\/div> \n\t\t\t\n        \n\t\t\t\t<div id=\"ngg-image-456\" class=\"ngg-gallery-thumbnail-box\" >\n\t\t\t\t        <div class=\"ngg-gallery-thumbnail\">\n            <a href=\"http:\/\/www.karate-neuhofen.at\/wp-content\/gallery\/sommercamp-2014\/img_1346.jpg\"\n               title=\"\"\n               data-src=\"http:\/\/www.karate-neuhofen.at\/wp-content\/gallery\/sommercamp-2014\/img_1346.jpg\"\n               data-thumbnail=\"http:\/\/www.karate-neuhofen.at\/wp-content\/gallery\/sommercamp-2014\/thumbs\/thumbs_img_1346.jpg\"\n               data-image-id=\"7188\"\n               data-title=\"img_1346\"\n               data-description=\"\"\n               data-image-slug=\"img_1346-2\"\n               class=\"shutterset_a6d0251e289b9d2023c6d431c5710d04\">\n                <img\n                    title=\"img_1346\"\n                    alt=\"img_1346\"\n                    src=\"http:\/\/www.karate-neuhofen.at\/wp-content\/gallery\/sommercamp-2014\/thumbs\/thumbs_img_1346.jpg\"\n                    width=\"100\"\n                    height=\"66\"\n                    style=\"max-width:100%;\"\n                \/>\n            <\/a>\n        <\/div>\n\t\t\t\t\t\t\t<\/div> \n\t\t\t\n        \n\t\t\t\t<div id=\"ngg-image-457\" class=\"ngg-gallery-thumbnail-box\" >\n\t\t\t\t        <div class=\"ngg-gallery-thumbnail\">\n            <a href=\"http:\/\/www.karate-neuhofen.at\/wp-content\/gallery\/sommercamp-2014\/img_1352.jpg\"\n               title=\"\"\n               data-src=\"http:\/\/www.karate-neuhofen.at\/wp-content\/gallery\/sommercamp-2014\/img_1352.jpg\"\n               data-thumbnail=\"http:\/\/www.karate-neuhofen.at\/wp-content\/gallery\/sommercamp-2014\/thumbs\/thumbs_img_1352.jpg\"\n               data-image-id=\"7189\"\n               data-title=\"img_1352\"\n               data-description=\"\"\n               data-image-slug=\"img_1352-2\"\n               class=\"shutterset_a6d0251e289b9d2023c6d431c5710d04\">\n                <img\n                    title=\"img_1352\"\n                    alt=\"img_1352\"\n                    src=\"http:\/\/www.karate-neuhofen.at\/wp-content\/gallery\/sommercamp-2014\/thumbs\/thumbs_img_1352.jpg\"\n                    width=\"100\"\n                    height=\"66\"\n                    style=\"max-width:100%;\"\n                \/>\n            <\/a>\n        <\/div>\n\t\t\t\t\t\t\t<\/div> \n\t\t\t\n        \n\t\t\t\t<div id=\"ngg-image-458\" class=\"ngg-gallery-thumbnail-box\" >\n\t\t\t\t        <div class=\"ngg-gallery-thumbnail\">\n            <a href=\"http:\/\/www.karate-neuhofen.at\/wp-content\/gallery\/sommercamp-2014\/img_1355.jpg\"\n               title=\"\"\n               data-src=\"http:\/\/www.karate-neuhofen.at\/wp-content\/gallery\/sommercamp-2014\/img_1355.jpg\"\n               data-thumbnail=\"http:\/\/www.karate-neuhofen.at\/wp-content\/gallery\/sommercamp-2014\/thumbs\/thumbs_img_1355.jpg\"\n               data-image-id=\"7190\"\n               data-title=\"img_1355\"\n               data-description=\"\"\n               data-image-slug=\"img_1355-2\"\n               class=\"shutterset_a6d0251e289b9d2023c6d431c5710d04\">\n                <img\n                    title=\"img_1355\"\n                    alt=\"img_1355\"\n                    src=\"http:\/\/www.karate-neuhofen.at\/wp-content\/gallery\/sommercamp-2014\/thumbs\/thumbs_img_1355.jpg\"\n                    width=\"100\"\n                    height=\"66\"\n                    style=\"max-width:100%;\"\n                \/>\n            <\/a>\n        <\/div>\n\t\t\t\t\t\t\t<\/div> \n\t\t\t\n        \n\t\t\t\t<div id=\"ngg-image-459\" class=\"ngg-gallery-thumbnail-box\" >\n\t\t\t\t        <div class=\"ngg-gallery-thumbnail\">\n            <a href=\"http:\/\/www.karate-neuhofen.at\/wp-content\/gallery\/sommercamp-2014\/img_1359.jpg\"\n               title=\"\"\n               data-src=\"http:\/\/www.karate-neuhofen.at\/wp-content\/gallery\/sommercamp-2014\/img_1359.jpg\"\n               data-thumbnail=\"http:\/\/www.karate-neuhofen.at\/wp-content\/gallery\/sommercamp-2014\/thumbs\/thumbs_img_1359.jpg\"\n               data-image-id=\"7191\"\n               data-title=\"img_1359\"\n               data-description=\"\"\n               data-image-slug=\"img_1359-2\"\n               class=\"shutterset_a6d0251e289b9d2023c6d431c5710d04\">\n                <img\n                    title=\"img_1359\"\n                    alt=\"img_1359\"\n                    src=\"http:\/\/www.karate-neuhofen.at\/wp-content\/gallery\/sommercamp-2014\/thumbs\/thumbs_img_1359.jpg\"\n                    width=\"100\"\n                    height=\"66\"\n                    style=\"max-width:100%;\"\n                \/>\n            <\/a>\n        <\/div>\n\t\t\t\t\t\t\t<\/div> \n\t\t\t\n        \n\t\t\t\t<div id=\"ngg-image-460\" class=\"ngg-gallery-thumbnail-box\" >\n\t\t\t\t        <div class=\"ngg-gallery-thumbnail\">\n            <a href=\"http:\/\/www.karate-neuhofen.at\/wp-content\/gallery\/sommercamp-2014\/img_1362.jpg\"\n               title=\"\"\n               data-src=\"http:\/\/www.karate-neuhofen.at\/wp-content\/gallery\/sommercamp-2014\/img_1362.jpg\"\n               data-thumbnail=\"http:\/\/www.karate-neuhofen.at\/wp-content\/gallery\/sommercamp-2014\/thumbs\/thumbs_img_1362.jpg\"\n               data-image-id=\"7192\"\n               data-title=\"img_1362\"\n               data-description=\"\"\n               data-image-slug=\"img_1362-2\"\n               class=\"shutterset_a6d0251e289b9d2023c6d431c5710d04\">\n                <img\n                    title=\"img_1362\"\n                    alt=\"img_1362\"\n                    src=\"http:\/\/www.karate-neuhofen.at\/wp-content\/gallery\/sommercamp-2014\/thumbs\/thumbs_img_1362.jpg\"\n                    width=\"100\"\n                    height=\"66\"\n                    style=\"max-width:100%;\"\n                \/>\n            <\/a>\n        <\/div>\n\t\t\t\t\t\t\t<\/div> \n\t\t\t\n        \n\t\t\t\t<div id=\"ngg-image-461\" class=\"ngg-gallery-thumbnail-box\" >\n\t\t\t\t        <div class=\"ngg-gallery-thumbnail\">\n            <a href=\"http:\/\/www.karate-neuhofen.at\/wp-content\/gallery\/sommercamp-2014\/img_1375.jpg\"\n               title=\"\"\n               data-src=\"http:\/\/www.karate-neuhofen.at\/wp-content\/gallery\/sommercamp-2014\/img_1375.jpg\"\n               data-thumbnail=\"http:\/\/www.karate-neuhofen.at\/wp-content\/gallery\/sommercamp-2014\/thumbs\/thumbs_img_1375.jpg\"\n               data-image-id=\"7193\"\n               data-title=\"img_1375\"\n               data-description=\"\"\n               data-image-slug=\"img_1375\"\n               class=\"shutterset_a6d0251e289b9d2023c6d431c5710d04\">\n                <img\n                    title=\"img_1375\"\n                    alt=\"img_1375\"\n                    src=\"http:\/\/www.karate-neuhofen.at\/wp-content\/gallery\/sommercamp-2014\/thumbs\/thumbs_img_1375.jpg\"\n                    width=\"100\"\n                    height=\"66\"\n                    style=\"max-width:100%;\"\n                \/>\n            <\/a>\n        <\/div>\n\t\t\t\t\t\t\t<\/div> \n\t\t\t\n        \n\t\t\t\t<div id=\"ngg-image-462\" class=\"ngg-gallery-thumbnail-box\" >\n\t\t\t\t        <div class=\"ngg-gallery-thumbnail\">\n            <a href=\"http:\/\/www.karate-neuhofen.at\/wp-content\/gallery\/sommercamp-2014\/img_1378.jpg\"\n               title=\"\"\n               data-src=\"http:\/\/www.karate-neuhofen.at\/wp-content\/gallery\/sommercamp-2014\/img_1378.jpg\"\n               data-thumbnail=\"http:\/\/www.karate-neuhofen.at\/wp-content\/gallery\/sommercamp-2014\/thumbs\/thumbs_img_1378.jpg\"\n               data-image-id=\"7194\"\n               data-title=\"img_1378\"\n               data-description=\"\"\n               data-image-slug=\"img_1378\"\n               class=\"shutterset_a6d0251e289b9d2023c6d431c5710d04\">\n                <img\n                    title=\"img_1378\"\n                    alt=\"img_1378\"\n                    src=\"http:\/\/www.karate-neuhofen.at\/wp-content\/gallery\/sommercamp-2014\/thumbs\/thumbs_img_1378.jpg\"\n                    width=\"100\"\n                    height=\"66\"\n                    style=\"max-width:100%;\"\n                \/>\n            <\/a>\n        <\/div>\n\t\t\t\t\t\t\t<\/div> \n\t\t\t\n        \n\t\t\t\t<div id=\"ngg-image-463\" class=\"ngg-gallery-thumbnail-box\" >\n\t\t\t\t        <div class=\"ngg-gallery-thumbnail\">\n            <a href=\"http:\/\/www.karate-neuhofen.at\/wp-content\/gallery\/sommercamp-2014\/img_1381.jpg\"\n               title=\"\"\n               data-src=\"http:\/\/www.karate-neuhofen.at\/wp-content\/gallery\/sommercamp-2014\/img_1381.jpg\"\n               data-thumbnail=\"http:\/\/www.karate-neuhofen.at\/wp-content\/gallery\/sommercamp-2014\/thumbs\/thumbs_img_1381.jpg\"\n               data-image-id=\"7195\"\n               data-title=\"img_1381\"\n               data-description=\"\"\n               data-image-slug=\"img_1381\"\n               class=\"shutterset_a6d0251e289b9d2023c6d431c5710d04\">\n                <img\n                    title=\"img_1381\"\n                    alt=\"img_1381\"\n                    src=\"http:\/\/www.karate-neuhofen.at\/wp-content\/gallery\/sommercamp-2014\/thumbs\/thumbs_img_1381.jpg\"\n                    width=\"50\"\n                    height=\"75\"\n                    style=\"max-width:100%;\"\n                \/>\n            <\/a>\n        <\/div>\n\t\t\t\t\t\t\t<\/div> \n\t\t\t\n        \n\t\t\t\t<div id=\"ngg-image-464\" class=\"ngg-gallery-thumbnail-box\" >\n\t\t\t\t        <div class=\"ngg-gallery-thumbnail\">\n            <a href=\"http:\/\/www.karate-neuhofen.at\/wp-content\/gallery\/sommercamp-2014\/img_1383.jpg\"\n               title=\"\"\n               data-src=\"http:\/\/www.karate-neuhofen.at\/wp-content\/gallery\/sommercamp-2014\/img_1383.jpg\"\n               data-thumbnail=\"http:\/\/www.karate-neuhofen.at\/wp-content\/gallery\/sommercamp-2014\/thumbs\/thumbs_img_1383.jpg\"\n               data-image-id=\"7196\"\n               data-title=\"img_1383\"\n               data-description=\"\"\n               data-image-slug=\"img_1383\"\n               class=\"shutterset_a6d0251e289b9d2023c6d431c5710d04\">\n                <img\n                    title=\"img_1383\"\n                    alt=\"img_1383\"\n                    src=\"http:\/\/www.karate-neuhofen.at\/wp-content\/gallery\/sommercamp-2014\/thumbs\/thumbs_img_1383.jpg\"\n                    width=\"100\"\n                    height=\"66\"\n                    style=\"max-width:100%;\"\n                \/>\n            <\/a>\n        <\/div>\n\t\t\t\t\t\t\t<\/div> \n\t\t\t\n        \n\t\t\t\t<div id=\"ngg-image-465\" class=\"ngg-gallery-thumbnail-box\" >\n\t\t\t\t        <div class=\"ngg-gallery-thumbnail\">\n            <a href=\"http:\/\/www.karate-neuhofen.at\/wp-content\/gallery\/sommercamp-2014\/img_1384.jpg\"\n               title=\"\"\n               data-src=\"http:\/\/www.karate-neuhofen.at\/wp-content\/gallery\/sommercamp-2014\/img_1384.jpg\"\n               data-thumbnail=\"http:\/\/www.karate-neuhofen.at\/wp-content\/gallery\/sommercamp-2014\/thumbs\/thumbs_img_1384.jpg\"\n               data-image-id=\"7197\"\n               data-title=\"img_1384\"\n               data-description=\"\"\n               data-image-slug=\"img_1384\"\n               class=\"shutterset_a6d0251e289b9d2023c6d431c5710d04\">\n                <img\n                    title=\"img_1384\"\n                    alt=\"img_1384\"\n                    src=\"http:\/\/www.karate-neuhofen.at\/wp-content\/gallery\/sommercamp-2014\/thumbs\/thumbs_img_1384.jpg\"\n                    width=\"100\"\n                    height=\"66\"\n                    style=\"max-width:100%;\"\n                \/>\n            <\/a>\n        <\/div>\n\t\t\t\t\t\t\t<\/div> \n\t\t\t\n        \n\t\t\t\t<div id=\"ngg-image-466\" class=\"ngg-gallery-thumbnail-box\" >\n\t\t\t\t        <div class=\"ngg-gallery-thumbnail\">\n            <a href=\"http:\/\/www.karate-neuhofen.at\/wp-content\/gallery\/sommercamp-2014\/img_1389.jpg\"\n               title=\"\"\n               data-src=\"http:\/\/www.karate-neuhofen.at\/wp-content\/gallery\/sommercamp-2014\/img_1389.jpg\"\n               data-thumbnail=\"http:\/\/www.karate-neuhofen.at\/wp-content\/gallery\/sommercamp-2014\/thumbs\/thumbs_img_1389.jpg\"\n               data-image-id=\"7207\"\n               data-title=\"img_1389\"\n               data-description=\"\"\n               data-image-slug=\"img_1389\"\n               class=\"shutterset_a6d0251e289b9d2023c6d431c5710d04\">\n                <img\n                    title=\"img_1389\"\n                    alt=\"img_1389\"\n                    src=\"http:\/\/www.karate-neuhofen.at\/wp-content\/gallery\/sommercamp-2014\/thumbs\/thumbs_img_1389.jpg\"\n                    width=\"100\"\n                    height=\"66\"\n                    style=\"max-width:100%;\"\n                \/>\n            <\/a>\n        <\/div>\n\t\t\t\t\t\t\t<\/div> \n\t\t\t\n        \n\t\t\t\t<div id=\"ngg-image-467\" class=\"ngg-gallery-thumbnail-box\" >\n\t\t\t\t        <div class=\"ngg-gallery-thumbnail\">\n            <a href=\"http:\/\/www.karate-neuhofen.at\/wp-content\/gallery\/sommercamp-2014\/img_1392.jpg\"\n               title=\"\"\n               data-src=\"http:\/\/www.karate-neuhofen.at\/wp-content\/gallery\/sommercamp-2014\/img_1392.jpg\"\n               data-thumbnail=\"http:\/\/www.karate-neuhofen.at\/wp-content\/gallery\/sommercamp-2014\/thumbs\/thumbs_img_1392.jpg\"\n               data-image-id=\"7208\"\n               data-title=\"img_1392\"\n               data-description=\"\"\n               data-image-slug=\"img_1392\"\n               class=\"shutterset_a6d0251e289b9d2023c6d431c5710d04\">\n                <img\n                    title=\"img_1392\"\n                    alt=\"img_1392\"\n                    src=\"http:\/\/www.karate-neuhofen.at\/wp-content\/gallery\/sommercamp-2014\/thumbs\/thumbs_img_1392.jpg\"\n                    width=\"100\"\n                    height=\"66\"\n                    style=\"max-width:100%;\"\n                \/>\n            <\/a>\n        <\/div>\n\t\t\t\t\t\t\t<\/div> \n\t\t\t\n        \n\t\t\t\t<div id=\"ngg-image-468\" class=\"ngg-gallery-thumbnail-box\" >\n\t\t\t\t        <div class=\"ngg-gallery-thumbnail\">\n            <a href=\"http:\/\/www.karate-neuhofen.at\/wp-content\/gallery\/sommercamp-2014\/img_1777.jpg\"\n               title=\"\"\n               data-src=\"http:\/\/www.karate-neuhofen.at\/wp-content\/gallery\/sommercamp-2014\/img_1777.jpg\"\n               data-thumbnail=\"http:\/\/www.karate-neuhofen.at\/wp-content\/gallery\/sommercamp-2014\/thumbs\/thumbs_img_1777.jpg\"\n               data-image-id=\"7199\"\n               data-title=\"img_1777\"\n               data-description=\"\"\n               data-image-slug=\"img_1777\"\n               class=\"shutterset_a6d0251e289b9d2023c6d431c5710d04\">\n                <img\n                    title=\"img_1777\"\n                    alt=\"img_1777\"\n                    src=\"http:\/\/www.karate-neuhofen.at\/wp-content\/gallery\/sommercamp-2014\/thumbs\/thumbs_img_1777.jpg\"\n                    width=\"100\"\n                    height=\"75\"\n                    style=\"max-width:100%;\"\n                \/>\n            <\/a>\n        <\/div>\n\t\t\t\t\t\t\t<\/div> \n\t\t\t\n        \n\t\t\n\t\t<div class=\"ngg-clear\"><\/div>\n\t<\/div>\n<\/div>\n<\/div>\n","protected":false},"excerpt":{"rendered":"<p>31. Juli- 3. August 2014 Auch heuer wieder ein voller Erfolg! Das 6. Internationale Kamikaze Karate-Sommercamp veranstaltet von ASK\u00d6 Karate Sei Bu Kan Neuhofen unter der Leitung von Christian Ramsebner durfte sich \u00fcber eine weitere Steigerung der teilnehmenden Karatekas freuen! Der Wettergott war erfreulicherweise auch gn\u00e4dig gestimmt. So konnten die f\u00fcnf Tage vor Beginn des [&hellip;]<\/p>\n","protected":false},"author":3,"featured_media":2280,"comment_status":"closed","ping_status":"closed","sticky":false,"template":"","format":"standard","meta":{"ngg_post_thumbnail":0},"categories":[4],"tags":[47],"_links":{"self":[{"href":"http:\/\/www.karate-neuhofen.at\/index.php?rest_route=\/wp\/v2\/posts\/2202"}],"collection":[{"href":"http:\/\/www.karate-neuhofen.at\/index.php?rest_route=\/wp\/v2\/posts"}],"about":[{"href":"http:\/\/www.karate-neuhofen.at\/index.php?rest_route=\/wp\/v2\/types\/post"}],"author":[{"embeddable":true,"href":"http:\/\/www.karate-neuhofen.at\/index.php?rest_route=\/wp\/v2\/users\/3"}],"replies":[{"embeddable":true,"href":"http:\/\/www.karate-neuhofen.at\/index.php?rest_route=%2Fwp%2Fv2%2Fcomments&post=2202"}],"version-history":[{"count":5,"href":"http:\/\/www.karate-neuhofen.at\/index.php?rest_route=\/wp\/v2\/posts\/2202\/revisions"}],"predecessor-version":[{"id":2279,"href":"http:\/\/www.karate-neuhofen.at\/index.php?rest_route=\/wp\/v2\/posts\/2202\/revisions\/2279"}],"wp:featuredmedia":[{"embeddable":true,"href":"http:\/\/www.karate-neuhofen.at\/index.php?rest_route=\/wp\/v2\/media\/2280"}],"wp:attachment":[{"href":"http:\/\/www.karate-neuhofen.at\/index.php?rest_route=%2Fwp%2Fv2%2Fmedia&parent=2202"}],"wp:term":[{"taxonomy":"category","embeddable":true,"href":"http:\/\/www.karate-neuhofen.at\/index.php?rest_route=%2Fwp%2Fv2%2Fcategories&post=2202"},{"taxonomy":"post_tag","embeddable":true,"href":"http:\/\/www.karate-neuhofen.at\/index.php?rest_route=%2Fwp%2Fv2%2Ftags&post=2202"}],"curies":[{"name":"wp","href":"https:\/\/api.w.org\/{rel}","templated":true}]}}