{"id":24958,"date":"2018-07-26T00:00:51","date_gmt":"2018-07-25T23:00:51","guid":{"rendered":"http:\/\/www.karate-neuhofen.at\/?p=24958"},"modified":"2018-08-12T19:54:24","modified_gmt":"2018-08-12T18:54:24","slug":"jubilaeums-sommercamp-2018","status":"publish","type":"post","link":"http:\/\/www.karate-neuhofen.at\/?p=24958","title":{"rendered":"Jubil\u00e4ums &#8211; Sommercamp 2018"},"content":{"rendered":"<p>Rekordbesucheranzahl von 532 Teilnehmern beim 10 &#8211; Jahres &#8211; Jubil\u00e4um des Kamikaze Karate Sommercamps in Neuhofen!<\/p>\n<p>Im heurigen Jubil\u00e4umsjahr begr\u00fc\u00dfte ASK\u00d6 Karate Seibukan Neuhofen insgesamt 532 Kampfsportler aus sage und schreibe 20 Nationen! Veranstalter Christian Ramsebner mit seiner bereits \u00fcber 216 Mitglieder z\u00e4hlenden \u201eKaratefamilie\u201c boten in 5 \u201eDojos\u201c (japan.f\u00fcr: Ort des Weges) ein Trainingsangebot der Superlative unter einem exzellenten internationalen Trainerstab an. Erstmalig im Team waren heuer Carlo Fugazza 8. Dan, 6-facher Europameister aus Italien und Anton Nikulin 4. Dan, Trainer des ukrainischen Nationalteams.<br \/>\nOb Kata oder Kumite, ob Anf\u00e4nger oder Profi \u2013 das Kamikaze Karate Sommercamp gab sein Bestm\u00f6gliches, um allen TeilnehmerInnen ein lehr- und abwechslungsreiches Training zu bieten. Wer sich neben Karate auch in anderen Bereichen weiterbilden wollte, hatte die M\u00f6glichkeit Kobudo-, Capoeira-, Kyusho-, Tae Bo- oder Qi Gong Einheiten bei MeisterInnen ihres Faches zu besuchen. Zahlreiche Kinder kamen auch im Rahmen der Ferienpass Aktion zum Camp um in speziellen Schnupperkursen erste Erfahrungen zu sammeln.<br \/>\nBei sommerlichen Temperaturen kam auch das Rahmenprogramm nicht zu kurz. Das angrenzende Freibad war f\u00fcr eine kurze Abk\u00fchlung in den Pausen hei\u00df geliebt, und am gesamten Camp Gel\u00e4nde herrschte wieder reges internationales Treiben. K\u00f6stliche kulinarische Verpflegung am Camp, eine Karaoke Veranstaltung am Donnerstag und Live Band am Freitag wurden von vielen gerne in Anspruch genommen, denn die meisten der Sportler waren von weither angereist, um entweder zu campieren, in einer der Turnhallen der Schule zu \u00fcbernachten, denn Zimmer gab es weit und breit schon einige Zeit keines mehr\u2026<br \/>\nBei der Investcon Shownight mit dem 7. Energie AG Cup im Forum Neuhofen winkten den internationalen Teilnehmern zahlreiche Pokale und Medaillen. Die staunenden Besucher konnten mittels verschiedener Vorf\u00fchrungen in die Welt des Karates und des Kampfsportes eintauchen. Die anschlie\u00dfende Sayonara Party mit Feuerwerk, Falco \u2013 Show, Livemusik und DJ wurde zum kr\u00f6nenden Abschluss des Abends.<br \/>\nWer Interesse am Karatesport und unseren weiteren Aktivit\u00e4ten gefunden hat: Vor Ort in Neuhofen werden an f\u00fcnf Tagen in der Woche Anf\u00e4nger-, Unterstufen-, Oberstufen-, Minitiger-, Generation 60+, Karate f\u00fcr Menschen mit k\u00f6rperlicher Beeintr\u00e4chtigung und Kobudotrainings angeboten.<br \/>\nNeuer Karate Einsteigerkurs beginnt wieder am Di. 11. Sept. 2018!<br \/>\nWeitere Informationen bez\u00fcglich ASK\u00d6 Seibukan Neuhofen, Trainingszeiten, Fotos, etc. auf: www.karate-neuhofen.at oder pers\u00f6nlich bei Christian Ramsebner: Tel: +43 676 556 2802 christian.ramsebner@liwest.at<\/p><!-- index.php -->\n<div\n\tclass=\"ngg-galleryoverview ngg-ajax-pagination-none\"\n\tid=\"ngg-gallery-14ea2dae3d90de67c1fc228ab12416d8-1\">\n\n    \t<div class=\"slideshowlink\">\n        <a href='http:\/\/www.karate-neuhofen.at\/index.php\/nggallery\/slideshow?p=24958'>[Zeige eine Slideshow]<\/a>\n\t\t\n\t<\/div>\n\t\t\t<!-- Thumbnails -->\n\t\t\t\t<div id=\"ngg-image-0\" class=\"ngg-gallery-thumbnail-box\" >\n\t\t\t\t        <div class=\"ngg-gallery-thumbnail\">\n            <a href=\"http:\/\/www.karate-neuhofen.at\/wp-content\/gallery\/10-sommercamp-2018\/Sommercamp20181001.JPG\"\n               title=\"\"\n               data-src=\"http:\/\/www.karate-neuhofen.at\/wp-content\/gallery\/10-sommercamp-2018\/Sommercamp20181001.JPG\"\n               data-thumbnail=\"http:\/\/www.karate-neuhofen.at\/wp-content\/gallery\/10-sommercamp-2018\/thumbs\/thumbs_Sommercamp20181001.JPG\"\n               data-image-id=\"20737\"\n               data-title=\"Sommercamp2018(1001)\"\n               data-description=\"\"\n               data-image-slug=\"sommercamp20181001\"\n               class=\"shutterset_14ea2dae3d90de67c1fc228ab12416d8\">\n                <img\n                    title=\"Sommercamp2018(1001)\"\n                    alt=\"Sommercamp2018(1001)\"\n                    src=\"http:\/\/www.karate-neuhofen.at\/wp-content\/gallery\/10-sommercamp-2018\/thumbs\/thumbs_Sommercamp20181001.JPG\"\n                    width=\"240\"\n                    height=\"160\"\n                    style=\"max-width:100%;\"\n                \/>\n            <\/a>\n        <\/div>\n\t\t\t\t\t\t\t<\/div> \n\t\t\t\n        \n\t\t\t\t<div id=\"ngg-image-1\" class=\"ngg-gallery-thumbnail-box\" >\n\t\t\t\t        <div class=\"ngg-gallery-thumbnail\">\n            <a href=\"http:\/\/www.karate-neuhofen.at\/wp-content\/gallery\/10-sommercamp-2018\/Sommercamp20181002.JPG\"\n               title=\"\"\n               data-src=\"http:\/\/www.karate-neuhofen.at\/wp-content\/gallery\/10-sommercamp-2018\/Sommercamp20181002.JPG\"\n               data-thumbnail=\"http:\/\/www.karate-neuhofen.at\/wp-content\/gallery\/10-sommercamp-2018\/thumbs\/thumbs_Sommercamp20181002.JPG\"\n               data-image-id=\"20738\"\n               data-title=\"Sommercamp2018(1002)\"\n               data-description=\"\"\n               data-image-slug=\"sommercamp20181002\"\n               class=\"shutterset_14ea2dae3d90de67c1fc228ab12416d8\">\n                <img\n                    title=\"Sommercamp2018(1002)\"\n                    alt=\"Sommercamp2018(1002)\"\n                    src=\"http:\/\/www.karate-neuhofen.at\/wp-content\/gallery\/10-sommercamp-2018\/thumbs\/thumbs_Sommercamp20181002.JPG\"\n                    width=\"240\"\n                    height=\"160\"\n                    style=\"max-width:100%;\"\n                \/>\n            <\/a>\n        <\/div>\n\t\t\t\t\t\t\t<\/div> \n\t\t\t\n        \n\t\t\t\t<div id=\"ngg-image-2\" class=\"ngg-gallery-thumbnail-box\" >\n\t\t\t\t        <div class=\"ngg-gallery-thumbnail\">\n            <a href=\"http:\/\/www.karate-neuhofen.at\/wp-content\/gallery\/10-sommercamp-2018\/Sommercamp20181003.JPG\"\n               title=\"\"\n               data-src=\"http:\/\/www.karate-neuhofen.at\/wp-content\/gallery\/10-sommercamp-2018\/Sommercamp20181003.JPG\"\n               data-thumbnail=\"http:\/\/www.karate-neuhofen.at\/wp-content\/gallery\/10-sommercamp-2018\/thumbs\/thumbs_Sommercamp20181003.JPG\"\n               data-image-id=\"20739\"\n               data-title=\"Sommercamp2018(1003)\"\n               data-description=\"\"\n               data-image-slug=\"sommercamp20181003\"\n               class=\"shutterset_14ea2dae3d90de67c1fc228ab12416d8\">\n                <img\n                    title=\"Sommercamp2018(1003)\"\n                    alt=\"Sommercamp2018(1003)\"\n                    src=\"http:\/\/www.karate-neuhofen.at\/wp-content\/gallery\/10-sommercamp-2018\/thumbs\/thumbs_Sommercamp20181003.JPG\"\n                    width=\"240\"\n                    height=\"160\"\n                    style=\"max-width:100%;\"\n                \/>\n            <\/a>\n        <\/div>\n\t\t\t\t\t\t\t<\/div> \n\t\t\t\n        \n\t\t\t\t<div id=\"ngg-image-3\" class=\"ngg-gallery-thumbnail-box\" >\n\t\t\t\t        <div class=\"ngg-gallery-thumbnail\">\n            <a href=\"http:\/\/www.karate-neuhofen.at\/wp-content\/gallery\/10-sommercamp-2018\/Sommercamp20181004.JPG\"\n               title=\"\"\n               data-src=\"http:\/\/www.karate-neuhofen.at\/wp-content\/gallery\/10-sommercamp-2018\/Sommercamp20181004.JPG\"\n               data-thumbnail=\"http:\/\/www.karate-neuhofen.at\/wp-content\/gallery\/10-sommercamp-2018\/thumbs\/thumbs_Sommercamp20181004.JPG\"\n               data-image-id=\"20740\"\n               data-title=\"Sommercamp2018(1004)\"\n               data-description=\"\"\n               data-image-slug=\"sommercamp20181004\"\n               class=\"shutterset_14ea2dae3d90de67c1fc228ab12416d8\">\n                <img\n                    title=\"Sommercamp2018(1004)\"\n                    alt=\"Sommercamp2018(1004)\"\n                    src=\"http:\/\/www.karate-neuhofen.at\/wp-content\/gallery\/10-sommercamp-2018\/thumbs\/thumbs_Sommercamp20181004.JPG\"\n                    width=\"240\"\n                    height=\"160\"\n                    style=\"max-width:100%;\"\n                \/>\n            <\/a>\n        <\/div>\n\t\t\t\t\t\t\t<\/div> \n\t\t\t\n        \n\t\t\t\t<div id=\"ngg-image-4\" class=\"ngg-gallery-thumbnail-box\" >\n\t\t\t\t        <div class=\"ngg-gallery-thumbnail\">\n            <a href=\"http:\/\/www.karate-neuhofen.at\/wp-content\/gallery\/10-sommercamp-2018\/Sommercamp20181005.JPG\"\n               title=\"\"\n               data-src=\"http:\/\/www.karate-neuhofen.at\/wp-content\/gallery\/10-sommercamp-2018\/Sommercamp20181005.JPG\"\n               data-thumbnail=\"http:\/\/www.karate-neuhofen.at\/wp-content\/gallery\/10-sommercamp-2018\/thumbs\/thumbs_Sommercamp20181005.JPG\"\n               data-image-id=\"20741\"\n               data-title=\"Sommercamp2018(1005)\"\n               data-description=\"\"\n               data-image-slug=\"sommercamp20181005\"\n               class=\"shutterset_14ea2dae3d90de67c1fc228ab12416d8\">\n                <img\n                    title=\"Sommercamp2018(1005)\"\n                    alt=\"Sommercamp2018(1005)\"\n                    src=\"http:\/\/www.karate-neuhofen.at\/wp-content\/gallery\/10-sommercamp-2018\/thumbs\/thumbs_Sommercamp20181005.JPG\"\n                    width=\"240\"\n                    height=\"160\"\n                    style=\"max-width:100%;\"\n                \/>\n            <\/a>\n        <\/div>\n\t\t\t\t\t\t\t<\/div> \n\t\t\t\n        \n\t\t\t\t<div id=\"ngg-image-5\" class=\"ngg-gallery-thumbnail-box\" >\n\t\t\t\t        <div class=\"ngg-gallery-thumbnail\">\n            <a href=\"http:\/\/www.karate-neuhofen.at\/wp-content\/gallery\/10-sommercamp-2018\/Sommercamp20181006.JPG\"\n               title=\"\"\n               data-src=\"http:\/\/www.karate-neuhofen.at\/wp-content\/gallery\/10-sommercamp-2018\/Sommercamp20181006.JPG\"\n               data-thumbnail=\"http:\/\/www.karate-neuhofen.at\/wp-content\/gallery\/10-sommercamp-2018\/thumbs\/thumbs_Sommercamp20181006.JPG\"\n               data-image-id=\"20742\"\n               data-title=\"Sommercamp2018(1006)\"\n               data-description=\"\"\n               data-image-slug=\"sommercamp20181006\"\n               class=\"shutterset_14ea2dae3d90de67c1fc228ab12416d8\">\n                <img\n                    title=\"Sommercamp2018(1006)\"\n                    alt=\"Sommercamp2018(1006)\"\n                    src=\"http:\/\/www.karate-neuhofen.at\/wp-content\/gallery\/10-sommercamp-2018\/thumbs\/thumbs_Sommercamp20181006.JPG\"\n                    width=\"240\"\n                    height=\"160\"\n                    style=\"max-width:100%;\"\n                \/>\n            <\/a>\n        <\/div>\n\t\t\t\t\t\t\t<\/div> \n\t\t\t\n        \n\t\t\t\t<div id=\"ngg-image-6\" class=\"ngg-gallery-thumbnail-box\" >\n\t\t\t\t        <div class=\"ngg-gallery-thumbnail\">\n            <a href=\"http:\/\/www.karate-neuhofen.at\/wp-content\/gallery\/10-sommercamp-2018\/Sommercamp20181007.JPG\"\n               title=\"\"\n               data-src=\"http:\/\/www.karate-neuhofen.at\/wp-content\/gallery\/10-sommercamp-2018\/Sommercamp20181007.JPG\"\n               data-thumbnail=\"http:\/\/www.karate-neuhofen.at\/wp-content\/gallery\/10-sommercamp-2018\/thumbs\/thumbs_Sommercamp20181007.JPG\"\n               data-image-id=\"20743\"\n               data-title=\"Sommercamp2018(1007)\"\n               data-description=\"\"\n               data-image-slug=\"sommercamp20181007\"\n               class=\"shutterset_14ea2dae3d90de67c1fc228ab12416d8\">\n                <img\n                    title=\"Sommercamp2018(1007)\"\n                    alt=\"Sommercamp2018(1007)\"\n                    src=\"http:\/\/www.karate-neuhofen.at\/wp-content\/gallery\/10-sommercamp-2018\/thumbs\/thumbs_Sommercamp20181007.JPG\"\n                    width=\"240\"\n                    height=\"160\"\n                    style=\"max-width:100%;\"\n                \/>\n            <\/a>\n        <\/div>\n\t\t\t\t\t\t\t<\/div> \n\t\t\t\n        \n\t\t\t\t<div id=\"ngg-image-7\" class=\"ngg-gallery-thumbnail-box\" >\n\t\t\t\t        <div class=\"ngg-gallery-thumbnail\">\n            <a href=\"http:\/\/www.karate-neuhofen.at\/wp-content\/gallery\/10-sommercamp-2018\/Sommercamp20181008.JPG\"\n               title=\"\"\n               data-src=\"http:\/\/www.karate-neuhofen.at\/wp-content\/gallery\/10-sommercamp-2018\/Sommercamp20181008.JPG\"\n               data-thumbnail=\"http:\/\/www.karate-neuhofen.at\/wp-content\/gallery\/10-sommercamp-2018\/thumbs\/thumbs_Sommercamp20181008.JPG\"\n               data-image-id=\"20744\"\n               data-title=\"Sommercamp2018(1008)\"\n               data-description=\"\"\n               data-image-slug=\"sommercamp20181008\"\n               class=\"shutterset_14ea2dae3d90de67c1fc228ab12416d8\">\n                <img\n                    title=\"Sommercamp2018(1008)\"\n                    alt=\"Sommercamp2018(1008)\"\n                    src=\"http:\/\/www.karate-neuhofen.at\/wp-content\/gallery\/10-sommercamp-2018\/thumbs\/thumbs_Sommercamp20181008.JPG\"\n                    width=\"240\"\n                    height=\"160\"\n                    style=\"max-width:100%;\"\n                \/>\n            <\/a>\n        <\/div>\n\t\t\t\t\t\t\t<\/div> \n\t\t\t\n        \n\t\t\t\t<div id=\"ngg-image-8\" class=\"ngg-gallery-thumbnail-box\" >\n\t\t\t\t        <div class=\"ngg-gallery-thumbnail\">\n            <a href=\"http:\/\/www.karate-neuhofen.at\/wp-content\/gallery\/10-sommercamp-2018\/Sommercamp20181009.JPG\"\n               title=\"\"\n               data-src=\"http:\/\/www.karate-neuhofen.at\/wp-content\/gallery\/10-sommercamp-2018\/Sommercamp20181009.JPG\"\n               data-thumbnail=\"http:\/\/www.karate-neuhofen.at\/wp-content\/gallery\/10-sommercamp-2018\/thumbs\/thumbs_Sommercamp20181009.JPG\"\n               data-image-id=\"20745\"\n               data-title=\"Sommercamp2018(1009)\"\n               data-description=\"\"\n               data-image-slug=\"sommercamp20181009\"\n               class=\"shutterset_14ea2dae3d90de67c1fc228ab12416d8\">\n                <img\n                    title=\"Sommercamp2018(1009)\"\n                    alt=\"Sommercamp2018(1009)\"\n                    src=\"http:\/\/www.karate-neuhofen.at\/wp-content\/gallery\/10-sommercamp-2018\/thumbs\/thumbs_Sommercamp20181009.JPG\"\n                    width=\"240\"\n                    height=\"160\"\n                    style=\"max-width:100%;\"\n                \/>\n            <\/a>\n        <\/div>\n\t\t\t\t\t\t\t<\/div> \n\t\t\t\n        \n\t\t\t\t<div id=\"ngg-image-9\" class=\"ngg-gallery-thumbnail-box\" >\n\t\t\t\t        <div class=\"ngg-gallery-thumbnail\">\n            <a href=\"http:\/\/www.karate-neuhofen.at\/wp-content\/gallery\/10-sommercamp-2018\/Sommercamp20181010.JPG\"\n               title=\"\"\n               data-src=\"http:\/\/www.karate-neuhofen.at\/wp-content\/gallery\/10-sommercamp-2018\/Sommercamp20181010.JPG\"\n               data-thumbnail=\"http:\/\/www.karate-neuhofen.at\/wp-content\/gallery\/10-sommercamp-2018\/thumbs\/thumbs_Sommercamp20181010.JPG\"\n               data-image-id=\"20746\"\n               data-title=\"Sommercamp2018(1010)\"\n               data-description=\"\"\n               data-image-slug=\"sommercamp20181010\"\n               class=\"shutterset_14ea2dae3d90de67c1fc228ab12416d8\">\n                <img\n                    title=\"Sommercamp2018(1010)\"\n                    alt=\"Sommercamp2018(1010)\"\n                    src=\"http:\/\/www.karate-neuhofen.at\/wp-content\/gallery\/10-sommercamp-2018\/thumbs\/thumbs_Sommercamp20181010.JPG\"\n                    width=\"240\"\n                    height=\"160\"\n                    style=\"max-width:100%;\"\n                \/>\n            <\/a>\n        <\/div>\n\t\t\t\t\t\t\t<\/div> \n\t\t\t\n        \n\t\t\t\t<div id=\"ngg-image-10\" class=\"ngg-gallery-thumbnail-box\" >\n\t\t\t\t        <div class=\"ngg-gallery-thumbnail\">\n            <a href=\"http:\/\/www.karate-neuhofen.at\/wp-content\/gallery\/10-sommercamp-2018\/Sommercamp20181011.JPG\"\n               title=\"\"\n               data-src=\"http:\/\/www.karate-neuhofen.at\/wp-content\/gallery\/10-sommercamp-2018\/Sommercamp20181011.JPG\"\n               data-thumbnail=\"http:\/\/www.karate-neuhofen.at\/wp-content\/gallery\/10-sommercamp-2018\/thumbs\/thumbs_Sommercamp20181011.JPG\"\n               data-image-id=\"20747\"\n               data-title=\"Sommercamp2018(1011)\"\n               data-description=\"\"\n               data-image-slug=\"sommercamp20181011\"\n               class=\"shutterset_14ea2dae3d90de67c1fc228ab12416d8\">\n                <img\n                    title=\"Sommercamp2018(1011)\"\n                    alt=\"Sommercamp2018(1011)\"\n                    src=\"http:\/\/www.karate-neuhofen.at\/wp-content\/gallery\/10-sommercamp-2018\/thumbs\/thumbs_Sommercamp20181011.JPG\"\n                    width=\"240\"\n                    height=\"160\"\n                    style=\"max-width:100%;\"\n                \/>\n            <\/a>\n        <\/div>\n\t\t\t\t\t\t\t<\/div> \n\t\t\t\n        \n\t\t\t\t<div id=\"ngg-image-11\" class=\"ngg-gallery-thumbnail-box\" >\n\t\t\t\t        <div class=\"ngg-gallery-thumbnail\">\n            <a href=\"http:\/\/www.karate-neuhofen.at\/wp-content\/gallery\/10-sommercamp-2018\/Sommercamp20181012.JPG\"\n               title=\"\"\n               data-src=\"http:\/\/www.karate-neuhofen.at\/wp-content\/gallery\/10-sommercamp-2018\/Sommercamp20181012.JPG\"\n               data-thumbnail=\"http:\/\/www.karate-neuhofen.at\/wp-content\/gallery\/10-sommercamp-2018\/thumbs\/thumbs_Sommercamp20181012.JPG\"\n               data-image-id=\"20748\"\n               data-title=\"Sommercamp2018(1012)\"\n               data-description=\"\"\n               data-image-slug=\"sommercamp20181012\"\n               class=\"shutterset_14ea2dae3d90de67c1fc228ab12416d8\">\n                <img\n                    title=\"Sommercamp2018(1012)\"\n                    alt=\"Sommercamp2018(1012)\"\n                    src=\"http:\/\/www.karate-neuhofen.at\/wp-content\/gallery\/10-sommercamp-2018\/thumbs\/thumbs_Sommercamp20181012.JPG\"\n                    width=\"240\"\n                    height=\"160\"\n                    style=\"max-width:100%;\"\n                \/>\n            <\/a>\n        <\/div>\n\t\t\t\t\t\t\t<\/div> \n\t\t\t\n        \n\t\t\t\t<div id=\"ngg-image-12\" class=\"ngg-gallery-thumbnail-box\" >\n\t\t\t\t        <div class=\"ngg-gallery-thumbnail\">\n            <a href=\"http:\/\/www.karate-neuhofen.at\/wp-content\/gallery\/10-sommercamp-2018\/Sommercamp20181013.JPG\"\n               title=\"\"\n               data-src=\"http:\/\/www.karate-neuhofen.at\/wp-content\/gallery\/10-sommercamp-2018\/Sommercamp20181013.JPG\"\n               data-thumbnail=\"http:\/\/www.karate-neuhofen.at\/wp-content\/gallery\/10-sommercamp-2018\/thumbs\/thumbs_Sommercamp20181013.JPG\"\n               data-image-id=\"20749\"\n               data-title=\"Sommercamp2018(1013)\"\n               data-description=\"\"\n               data-image-slug=\"sommercamp20181013\"\n               class=\"shutterset_14ea2dae3d90de67c1fc228ab12416d8\">\n                <img\n                    title=\"Sommercamp2018(1013)\"\n                    alt=\"Sommercamp2018(1013)\"\n                    src=\"http:\/\/www.karate-neuhofen.at\/wp-content\/gallery\/10-sommercamp-2018\/thumbs\/thumbs_Sommercamp20181013.JPG\"\n                    width=\"240\"\n                    height=\"160\"\n                    style=\"max-width:100%;\"\n                \/>\n            <\/a>\n        <\/div>\n\t\t\t\t\t\t\t<\/div> \n\t\t\t\n        \n\t\t\t\t<div id=\"ngg-image-13\" class=\"ngg-gallery-thumbnail-box\" >\n\t\t\t\t        <div class=\"ngg-gallery-thumbnail\">\n            <a href=\"http:\/\/www.karate-neuhofen.at\/wp-content\/gallery\/10-sommercamp-2018\/Sommercamp20181014.JPG\"\n               title=\"\"\n               data-src=\"http:\/\/www.karate-neuhofen.at\/wp-content\/gallery\/10-sommercamp-2018\/Sommercamp20181014.JPG\"\n               data-thumbnail=\"http:\/\/www.karate-neuhofen.at\/wp-content\/gallery\/10-sommercamp-2018\/thumbs\/thumbs_Sommercamp20181014.JPG\"\n               data-image-id=\"20750\"\n               data-title=\"Sommercamp2018(1014)\"\n               data-description=\"\"\n               data-image-slug=\"sommercamp20181014\"\n               class=\"shutterset_14ea2dae3d90de67c1fc228ab12416d8\">\n                <img\n                    title=\"Sommercamp2018(1014)\"\n                    alt=\"Sommercamp2018(1014)\"\n                    src=\"http:\/\/www.karate-neuhofen.at\/wp-content\/gallery\/10-sommercamp-2018\/thumbs\/thumbs_Sommercamp20181014.JPG\"\n                    width=\"240\"\n                    height=\"160\"\n                    style=\"max-width:100%;\"\n                \/>\n            <\/a>\n        <\/div>\n\t\t\t\t\t\t\t<\/div> \n\t\t\t\n        \n\t\t\t\t<div id=\"ngg-image-14\" class=\"ngg-gallery-thumbnail-box\" >\n\t\t\t\t        <div class=\"ngg-gallery-thumbnail\">\n            <a href=\"http:\/\/www.karate-neuhofen.at\/wp-content\/gallery\/10-sommercamp-2018\/Sommercamp20181015.JPG\"\n               title=\"\"\n               data-src=\"http:\/\/www.karate-neuhofen.at\/wp-content\/gallery\/10-sommercamp-2018\/Sommercamp20181015.JPG\"\n               data-thumbnail=\"http:\/\/www.karate-neuhofen.at\/wp-content\/gallery\/10-sommercamp-2018\/thumbs\/thumbs_Sommercamp20181015.JPG\"\n               data-image-id=\"20751\"\n               data-title=\"Sommercamp2018(1015)\"\n               data-description=\"\"\n               data-image-slug=\"sommercamp20181015\"\n               class=\"shutterset_14ea2dae3d90de67c1fc228ab12416d8\">\n                <img\n                    title=\"Sommercamp2018(1015)\"\n                    alt=\"Sommercamp2018(1015)\"\n                    src=\"http:\/\/www.karate-neuhofen.at\/wp-content\/gallery\/10-sommercamp-2018\/thumbs\/thumbs_Sommercamp20181015.JPG\"\n                    width=\"240\"\n                    height=\"160\"\n                    style=\"max-width:100%;\"\n                \/>\n            <\/a>\n        <\/div>\n\t\t\t\t\t\t\t<\/div> \n\t\t\t\n        \n\t\t\t\t<div id=\"ngg-image-15\" class=\"ngg-gallery-thumbnail-box\" >\n\t\t\t\t        <div class=\"ngg-gallery-thumbnail\">\n            <a href=\"http:\/\/www.karate-neuhofen.at\/wp-content\/gallery\/10-sommercamp-2018\/Sommercamp20181016.JPG\"\n               title=\"\"\n               data-src=\"http:\/\/www.karate-neuhofen.at\/wp-content\/gallery\/10-sommercamp-2018\/Sommercamp20181016.JPG\"\n               data-thumbnail=\"http:\/\/www.karate-neuhofen.at\/wp-content\/gallery\/10-sommercamp-2018\/thumbs\/thumbs_Sommercamp20181016.JPG\"\n               data-image-id=\"20752\"\n               data-title=\"Sommercamp2018(1016)\"\n               data-description=\"\"\n               data-image-slug=\"sommercamp20181016\"\n               class=\"shutterset_14ea2dae3d90de67c1fc228ab12416d8\">\n                <img\n                    title=\"Sommercamp2018(1016)\"\n                    alt=\"Sommercamp2018(1016)\"\n                    src=\"http:\/\/www.karate-neuhofen.at\/wp-content\/gallery\/10-sommercamp-2018\/thumbs\/thumbs_Sommercamp20181016.JPG\"\n                    width=\"240\"\n                    height=\"160\"\n                    style=\"max-width:100%;\"\n                \/>\n            <\/a>\n        <\/div>\n\t\t\t\t\t\t\t<\/div> \n\t\t\t\n        \n\t\t\t\t<div id=\"ngg-image-16\" class=\"ngg-gallery-thumbnail-box\" >\n\t\t\t\t        <div class=\"ngg-gallery-thumbnail\">\n            <a href=\"http:\/\/www.karate-neuhofen.at\/wp-content\/gallery\/10-sommercamp-2018\/Sommercamp20181017.JPG\"\n               title=\"\"\n               data-src=\"http:\/\/www.karate-neuhofen.at\/wp-content\/gallery\/10-sommercamp-2018\/Sommercamp20181017.JPG\"\n               data-thumbnail=\"http:\/\/www.karate-neuhofen.at\/wp-content\/gallery\/10-sommercamp-2018\/thumbs\/thumbs_Sommercamp20181017.JPG\"\n               data-image-id=\"20753\"\n               data-title=\"Sommercamp2018(1017)\"\n               data-description=\"\"\n               data-image-slug=\"sommercamp20181017\"\n               class=\"shutterset_14ea2dae3d90de67c1fc228ab12416d8\">\n                <img\n                    title=\"Sommercamp2018(1017)\"\n                    alt=\"Sommercamp2018(1017)\"\n                    src=\"http:\/\/www.karate-neuhofen.at\/wp-content\/gallery\/10-sommercamp-2018\/thumbs\/thumbs_Sommercamp20181017.JPG\"\n                    width=\"240\"\n                    height=\"160\"\n                    style=\"max-width:100%;\"\n                \/>\n            <\/a>\n        <\/div>\n\t\t\t\t\t\t\t<\/div> \n\t\t\t\n        \n\t\t\t\t<div id=\"ngg-image-17\" class=\"ngg-gallery-thumbnail-box\" >\n\t\t\t\t        <div class=\"ngg-gallery-thumbnail\">\n            <a href=\"http:\/\/www.karate-neuhofen.at\/wp-content\/gallery\/10-sommercamp-2018\/Sommercamp20181018.JPG\"\n               title=\"\"\n               data-src=\"http:\/\/www.karate-neuhofen.at\/wp-content\/gallery\/10-sommercamp-2018\/Sommercamp20181018.JPG\"\n               data-thumbnail=\"http:\/\/www.karate-neuhofen.at\/wp-content\/gallery\/10-sommercamp-2018\/thumbs\/thumbs_Sommercamp20181018.JPG\"\n               data-image-id=\"20754\"\n               data-title=\"Sommercamp2018(1018)\"\n               data-description=\"\"\n               data-image-slug=\"sommercamp20181018\"\n               class=\"shutterset_14ea2dae3d90de67c1fc228ab12416d8\">\n                <img\n                    title=\"Sommercamp2018(1018)\"\n                    alt=\"Sommercamp2018(1018)\"\n                    src=\"http:\/\/www.karate-neuhofen.at\/wp-content\/gallery\/10-sommercamp-2018\/thumbs\/thumbs_Sommercamp20181018.JPG\"\n                    width=\"240\"\n                    height=\"160\"\n                    style=\"max-width:100%;\"\n                \/>\n            <\/a>\n        <\/div>\n\t\t\t\t\t\t\t<\/div> \n\t\t\t\n        \n\t\t\t\t<div id=\"ngg-image-18\" class=\"ngg-gallery-thumbnail-box\" >\n\t\t\t\t        <div class=\"ngg-gallery-thumbnail\">\n            <a href=\"http:\/\/www.karate-neuhofen.at\/wp-content\/gallery\/10-sommercamp-2018\/Sommercamp20181019.JPG\"\n               title=\"\"\n               data-src=\"http:\/\/www.karate-neuhofen.at\/wp-content\/gallery\/10-sommercamp-2018\/Sommercamp20181019.JPG\"\n               data-thumbnail=\"http:\/\/www.karate-neuhofen.at\/wp-content\/gallery\/10-sommercamp-2018\/thumbs\/thumbs_Sommercamp20181019.JPG\"\n               data-image-id=\"20755\"\n               data-title=\"Sommercamp2018(1019)\"\n               data-description=\"\"\n               data-image-slug=\"sommercamp20181019\"\n               class=\"shutterset_14ea2dae3d90de67c1fc228ab12416d8\">\n                <img\n                    title=\"Sommercamp2018(1019)\"\n                    alt=\"Sommercamp2018(1019)\"\n                    src=\"http:\/\/www.karate-neuhofen.at\/wp-content\/gallery\/10-sommercamp-2018\/thumbs\/thumbs_Sommercamp20181019.JPG\"\n                    width=\"240\"\n                    height=\"160\"\n                    style=\"max-width:100%;\"\n                \/>\n            <\/a>\n        <\/div>\n\t\t\t\t\t\t\t<\/div> \n\t\t\t\n        \n\t\t\t\t<div id=\"ngg-image-19\" class=\"ngg-gallery-thumbnail-box\" >\n\t\t\t\t        <div class=\"ngg-gallery-thumbnail\">\n            <a href=\"http:\/\/www.karate-neuhofen.at\/wp-content\/gallery\/10-sommercamp-2018\/Sommercamp20181020.JPG\"\n               title=\"\"\n               data-src=\"http:\/\/www.karate-neuhofen.at\/wp-content\/gallery\/10-sommercamp-2018\/Sommercamp20181020.JPG\"\n               data-thumbnail=\"http:\/\/www.karate-neuhofen.at\/wp-content\/gallery\/10-sommercamp-2018\/thumbs\/thumbs_Sommercamp20181020.JPG\"\n               data-image-id=\"20756\"\n               data-title=\"Sommercamp2018(1020)\"\n               data-description=\"\"\n               data-image-slug=\"sommercamp20181020\"\n               class=\"shutterset_14ea2dae3d90de67c1fc228ab12416d8\">\n                <img\n                    title=\"Sommercamp2018(1020)\"\n                    alt=\"Sommercamp2018(1020)\"\n                    src=\"http:\/\/www.karate-neuhofen.at\/wp-content\/gallery\/10-sommercamp-2018\/thumbs\/thumbs_Sommercamp20181020.JPG\"\n                    width=\"240\"\n                    height=\"160\"\n                    style=\"max-width:100%;\"\n                \/>\n            <\/a>\n        <\/div>\n\t\t\t\t\t\t\t<\/div> \n\t\t\t\n        \n\t\t\t\t<div id=\"ngg-image-20\" class=\"ngg-gallery-thumbnail-box\" >\n\t\t\t\t        <div class=\"ngg-gallery-thumbnail\">\n            <a href=\"http:\/\/www.karate-neuhofen.at\/wp-content\/gallery\/10-sommercamp-2018\/Sommercamp20181021.JPG\"\n               title=\"\"\n               data-src=\"http:\/\/www.karate-neuhofen.at\/wp-content\/gallery\/10-sommercamp-2018\/Sommercamp20181021.JPG\"\n               data-thumbnail=\"http:\/\/www.karate-neuhofen.at\/wp-content\/gallery\/10-sommercamp-2018\/thumbs\/thumbs_Sommercamp20181021.JPG\"\n               data-image-id=\"20757\"\n               data-title=\"Sommercamp2018(1021)\"\n               data-description=\"\"\n               data-image-slug=\"sommercamp20181021\"\n               class=\"shutterset_14ea2dae3d90de67c1fc228ab12416d8\">\n                <img\n                    title=\"Sommercamp2018(1021)\"\n                    alt=\"Sommercamp2018(1021)\"\n                    src=\"http:\/\/www.karate-neuhofen.at\/wp-content\/gallery\/10-sommercamp-2018\/thumbs\/thumbs_Sommercamp20181021.JPG\"\n                    width=\"240\"\n                    height=\"160\"\n                    style=\"max-width:100%;\"\n                \/>\n            <\/a>\n        <\/div>\n\t\t\t\t\t\t\t<\/div> \n\t\t\t\n        \n\t\t\t\t<div id=\"ngg-image-21\" class=\"ngg-gallery-thumbnail-box\" >\n\t\t\t\t        <div class=\"ngg-gallery-thumbnail\">\n            <a href=\"http:\/\/www.karate-neuhofen.at\/wp-content\/gallery\/10-sommercamp-2018\/Sommercamp20181022.JPG\"\n               title=\"\"\n               data-src=\"http:\/\/www.karate-neuhofen.at\/wp-content\/gallery\/10-sommercamp-2018\/Sommercamp20181022.JPG\"\n               data-thumbnail=\"http:\/\/www.karate-neuhofen.at\/wp-content\/gallery\/10-sommercamp-2018\/thumbs\/thumbs_Sommercamp20181022.JPG\"\n               data-image-id=\"20758\"\n               data-title=\"Sommercamp2018(1022)\"\n               data-description=\"\"\n               data-image-slug=\"sommercamp20181022\"\n               class=\"shutterset_14ea2dae3d90de67c1fc228ab12416d8\">\n                <img\n                    title=\"Sommercamp2018(1022)\"\n                    alt=\"Sommercamp2018(1022)\"\n                    src=\"http:\/\/www.karate-neuhofen.at\/wp-content\/gallery\/10-sommercamp-2018\/thumbs\/thumbs_Sommercamp20181022.JPG\"\n                    width=\"240\"\n                    height=\"160\"\n                    style=\"max-width:100%;\"\n                \/>\n            <\/a>\n        <\/div>\n\t\t\t\t\t\t\t<\/div> \n\t\t\t\n        \n\t\t\t\t<div id=\"ngg-image-22\" class=\"ngg-gallery-thumbnail-box\" >\n\t\t\t\t        <div class=\"ngg-gallery-thumbnail\">\n            <a href=\"http:\/\/www.karate-neuhofen.at\/wp-content\/gallery\/10-sommercamp-2018\/Sommercamp20181023.JPG\"\n               title=\"\"\n               data-src=\"http:\/\/www.karate-neuhofen.at\/wp-content\/gallery\/10-sommercamp-2018\/Sommercamp20181023.JPG\"\n               data-thumbnail=\"http:\/\/www.karate-neuhofen.at\/wp-content\/gallery\/10-sommercamp-2018\/thumbs\/thumbs_Sommercamp20181023.JPG\"\n               data-image-id=\"20759\"\n               data-title=\"Sommercamp2018(1023)\"\n               data-description=\"\"\n               data-image-slug=\"sommercamp20181023\"\n               class=\"shutterset_14ea2dae3d90de67c1fc228ab12416d8\">\n                <img\n                    title=\"Sommercamp2018(1023)\"\n                    alt=\"Sommercamp2018(1023)\"\n                    src=\"http:\/\/www.karate-neuhofen.at\/wp-content\/gallery\/10-sommercamp-2018\/thumbs\/thumbs_Sommercamp20181023.JPG\"\n                    width=\"240\"\n                    height=\"160\"\n                    style=\"max-width:100%;\"\n                \/>\n            <\/a>\n        <\/div>\n\t\t\t\t\t\t\t<\/div> \n\t\t\t\n        \n\t\t\t\t<div id=\"ngg-image-23\" class=\"ngg-gallery-thumbnail-box\" >\n\t\t\t\t        <div class=\"ngg-gallery-thumbnail\">\n            <a href=\"http:\/\/www.karate-neuhofen.at\/wp-content\/gallery\/10-sommercamp-2018\/Sommercamp20181024.JPG\"\n               title=\"\"\n               data-src=\"http:\/\/www.karate-neuhofen.at\/wp-content\/gallery\/10-sommercamp-2018\/Sommercamp20181024.JPG\"\n               data-thumbnail=\"http:\/\/www.karate-neuhofen.at\/wp-content\/gallery\/10-sommercamp-2018\/thumbs\/thumbs_Sommercamp20181024.JPG\"\n               data-image-id=\"20760\"\n               data-title=\"Sommercamp2018(1024)\"\n               data-description=\"\"\n               data-image-slug=\"sommercamp20181024\"\n               class=\"shutterset_14ea2dae3d90de67c1fc228ab12416d8\">\n                <img\n                    title=\"Sommercamp2018(1024)\"\n                    alt=\"Sommercamp2018(1024)\"\n                    src=\"http:\/\/www.karate-neuhofen.at\/wp-content\/gallery\/10-sommercamp-2018\/thumbs\/thumbs_Sommercamp20181024.JPG\"\n                    width=\"240\"\n                    height=\"160\"\n                    style=\"max-width:100%;\"\n                \/>\n            <\/a>\n        <\/div>\n\t\t\t\t\t\t\t<\/div> \n\t\t\t\n        \n\t\t\t\t<div id=\"ngg-image-24\" class=\"ngg-gallery-thumbnail-box\" >\n\t\t\t\t        <div class=\"ngg-gallery-thumbnail\">\n            <a href=\"http:\/\/www.karate-neuhofen.at\/wp-content\/gallery\/10-sommercamp-2018\/Sommercamp20181025.JPG\"\n               title=\"\"\n               data-src=\"http:\/\/www.karate-neuhofen.at\/wp-content\/gallery\/10-sommercamp-2018\/Sommercamp20181025.JPG\"\n               data-thumbnail=\"http:\/\/www.karate-neuhofen.at\/wp-content\/gallery\/10-sommercamp-2018\/thumbs\/thumbs_Sommercamp20181025.JPG\"\n               data-image-id=\"20761\"\n               data-title=\"Sommercamp2018(1025)\"\n               data-description=\"\"\n               data-image-slug=\"sommercamp20181025\"\n               class=\"shutterset_14ea2dae3d90de67c1fc228ab12416d8\">\n                <img\n                    title=\"Sommercamp2018(1025)\"\n                    alt=\"Sommercamp2018(1025)\"\n                    src=\"http:\/\/www.karate-neuhofen.at\/wp-content\/gallery\/10-sommercamp-2018\/thumbs\/thumbs_Sommercamp20181025.JPG\"\n                    width=\"240\"\n                    height=\"160\"\n                    style=\"max-width:100%;\"\n                \/>\n            <\/a>\n        <\/div>\n\t\t\t\t\t\t\t<\/div> \n\t\t\t\n        \n\t\t\t\t<div id=\"ngg-image-25\" class=\"ngg-gallery-thumbnail-box\" >\n\t\t\t\t        <div class=\"ngg-gallery-thumbnail\">\n            <a href=\"http:\/\/www.karate-neuhofen.at\/wp-content\/gallery\/10-sommercamp-2018\/Sommercamp20181026.JPG\"\n               title=\"\"\n               data-src=\"http:\/\/www.karate-neuhofen.at\/wp-content\/gallery\/10-sommercamp-2018\/Sommercamp20181026.JPG\"\n               data-thumbnail=\"http:\/\/www.karate-neuhofen.at\/wp-content\/gallery\/10-sommercamp-2018\/thumbs\/thumbs_Sommercamp20181026.JPG\"\n               data-image-id=\"20762\"\n               data-title=\"Sommercamp2018(1026)\"\n               data-description=\"\"\n               data-image-slug=\"sommercamp20181026\"\n               class=\"shutterset_14ea2dae3d90de67c1fc228ab12416d8\">\n                <img\n                    title=\"Sommercamp2018(1026)\"\n                    alt=\"Sommercamp2018(1026)\"\n                    src=\"http:\/\/www.karate-neuhofen.at\/wp-content\/gallery\/10-sommercamp-2018\/thumbs\/thumbs_Sommercamp20181026.JPG\"\n                    width=\"240\"\n                    height=\"160\"\n                    style=\"max-width:100%;\"\n                \/>\n            <\/a>\n        <\/div>\n\t\t\t\t\t\t\t<\/div> \n\t\t\t\n        \n\t\t\t\t<div id=\"ngg-image-26\" class=\"ngg-gallery-thumbnail-box\" >\n\t\t\t\t        <div class=\"ngg-gallery-thumbnail\">\n            <a href=\"http:\/\/www.karate-neuhofen.at\/wp-content\/gallery\/10-sommercamp-2018\/Sommercamp20181027.JPG\"\n               title=\"\"\n               data-src=\"http:\/\/www.karate-neuhofen.at\/wp-content\/gallery\/10-sommercamp-2018\/Sommercamp20181027.JPG\"\n               data-thumbnail=\"http:\/\/www.karate-neuhofen.at\/wp-content\/gallery\/10-sommercamp-2018\/thumbs\/thumbs_Sommercamp20181027.JPG\"\n               data-image-id=\"20763\"\n               data-title=\"Sommercamp2018(1027)\"\n               data-description=\"\"\n               data-image-slug=\"sommercamp20181027\"\n               class=\"shutterset_14ea2dae3d90de67c1fc228ab12416d8\">\n                <img\n                    title=\"Sommercamp2018(1027)\"\n                    alt=\"Sommercamp2018(1027)\"\n                    src=\"http:\/\/www.karate-neuhofen.at\/wp-content\/gallery\/10-sommercamp-2018\/thumbs\/thumbs_Sommercamp20181027.JPG\"\n                    width=\"240\"\n                    height=\"160\"\n                    style=\"max-width:100%;\"\n                \/>\n            <\/a>\n        <\/div>\n\t\t\t\t\t\t\t<\/div> \n\t\t\t\n        \n\t\t\t\t<div id=\"ngg-image-27\" class=\"ngg-gallery-thumbnail-box\" >\n\t\t\t\t        <div class=\"ngg-gallery-thumbnail\">\n            <a href=\"http:\/\/www.karate-neuhofen.at\/wp-content\/gallery\/10-sommercamp-2018\/Sommercamp20181028.JPG\"\n               title=\"\"\n               data-src=\"http:\/\/www.karate-neuhofen.at\/wp-content\/gallery\/10-sommercamp-2018\/Sommercamp20181028.JPG\"\n               data-thumbnail=\"http:\/\/www.karate-neuhofen.at\/wp-content\/gallery\/10-sommercamp-2018\/thumbs\/thumbs_Sommercamp20181028.JPG\"\n               data-image-id=\"20764\"\n               data-title=\"Sommercamp2018(1028)\"\n               data-description=\"\"\n               data-image-slug=\"sommercamp20181028\"\n               class=\"shutterset_14ea2dae3d90de67c1fc228ab12416d8\">\n                <img\n                    title=\"Sommercamp2018(1028)\"\n                    alt=\"Sommercamp2018(1028)\"\n                    src=\"http:\/\/www.karate-neuhofen.at\/wp-content\/gallery\/10-sommercamp-2018\/thumbs\/thumbs_Sommercamp20181028.JPG\"\n                    width=\"240\"\n                    height=\"160\"\n                    style=\"max-width:100%;\"\n                \/>\n            <\/a>\n        <\/div>\n\t\t\t\t\t\t\t<\/div> \n\t\t\t\n        \n\t\t\t\t<div id=\"ngg-image-28\" class=\"ngg-gallery-thumbnail-box\" >\n\t\t\t\t        <div class=\"ngg-gallery-thumbnail\">\n            <a href=\"http:\/\/www.karate-neuhofen.at\/wp-content\/gallery\/10-sommercamp-2018\/Sommercamp20181029.JPG\"\n               title=\"\"\n               data-src=\"http:\/\/www.karate-neuhofen.at\/wp-content\/gallery\/10-sommercamp-2018\/Sommercamp20181029.JPG\"\n               data-thumbnail=\"http:\/\/www.karate-neuhofen.at\/wp-content\/gallery\/10-sommercamp-2018\/thumbs\/thumbs_Sommercamp20181029.JPG\"\n               data-image-id=\"20765\"\n               data-title=\"Sommercamp2018(1029)\"\n               data-description=\"\"\n               data-image-slug=\"sommercamp20181029\"\n               class=\"shutterset_14ea2dae3d90de67c1fc228ab12416d8\">\n                <img\n                    title=\"Sommercamp2018(1029)\"\n                    alt=\"Sommercamp2018(1029)\"\n                    src=\"http:\/\/www.karate-neuhofen.at\/wp-content\/gallery\/10-sommercamp-2018\/thumbs\/thumbs_Sommercamp20181029.JPG\"\n                    width=\"240\"\n                    height=\"160\"\n                    style=\"max-width:100%;\"\n                \/>\n            <\/a>\n        <\/div>\n\t\t\t\t\t\t\t<\/div> \n\t\t\t\n        \n\t\t\t\t<div id=\"ngg-image-29\" class=\"ngg-gallery-thumbnail-box\" >\n\t\t\t\t        <div class=\"ngg-gallery-thumbnail\">\n            <a href=\"http:\/\/www.karate-neuhofen.at\/wp-content\/gallery\/10-sommercamp-2018\/Sommercamp20181030.JPG\"\n               title=\"\"\n               data-src=\"http:\/\/www.karate-neuhofen.at\/wp-content\/gallery\/10-sommercamp-2018\/Sommercamp20181030.JPG\"\n               data-thumbnail=\"http:\/\/www.karate-neuhofen.at\/wp-content\/gallery\/10-sommercamp-2018\/thumbs\/thumbs_Sommercamp20181030.JPG\"\n               data-image-id=\"20766\"\n               data-title=\"Sommercamp2018(1030)\"\n               data-description=\"\"\n               data-image-slug=\"sommercamp20181030\"\n               class=\"shutterset_14ea2dae3d90de67c1fc228ab12416d8\">\n                <img\n                    title=\"Sommercamp2018(1030)\"\n                    alt=\"Sommercamp2018(1030)\"\n                    src=\"http:\/\/www.karate-neuhofen.at\/wp-content\/gallery\/10-sommercamp-2018\/thumbs\/thumbs_Sommercamp20181030.JPG\"\n                    width=\"240\"\n                    height=\"160\"\n                    style=\"max-width:100%;\"\n                \/>\n            <\/a>\n        <\/div>\n\t\t\t\t\t\t\t<\/div> \n\t\t\t\n        \n\t\t\t\t<div id=\"ngg-image-30\" class=\"ngg-gallery-thumbnail-box\" >\n\t\t\t\t        <div class=\"ngg-gallery-thumbnail\">\n            <a href=\"http:\/\/www.karate-neuhofen.at\/wp-content\/gallery\/10-sommercamp-2018\/Sommercamp20181031.JPG\"\n               title=\"\"\n               data-src=\"http:\/\/www.karate-neuhofen.at\/wp-content\/gallery\/10-sommercamp-2018\/Sommercamp20181031.JPG\"\n               data-thumbnail=\"http:\/\/www.karate-neuhofen.at\/wp-content\/gallery\/10-sommercamp-2018\/thumbs\/thumbs_Sommercamp20181031.JPG\"\n               data-image-id=\"20767\"\n               data-title=\"Sommercamp2018(1031)\"\n               data-description=\"\"\n               data-image-slug=\"sommercamp20181031\"\n               class=\"shutterset_14ea2dae3d90de67c1fc228ab12416d8\">\n                <img\n                    title=\"Sommercamp2018(1031)\"\n                    alt=\"Sommercamp2018(1031)\"\n                    src=\"http:\/\/www.karate-neuhofen.at\/wp-content\/gallery\/10-sommercamp-2018\/thumbs\/thumbs_Sommercamp20181031.JPG\"\n                    width=\"240\"\n                    height=\"160\"\n                    style=\"max-width:100%;\"\n                \/>\n            <\/a>\n        <\/div>\n\t\t\t\t\t\t\t<\/div> \n\t\t\t\n        \n\t\t\t\t<div id=\"ngg-image-31\" class=\"ngg-gallery-thumbnail-box\" >\n\t\t\t\t        <div class=\"ngg-gallery-thumbnail\">\n            <a href=\"http:\/\/www.karate-neuhofen.at\/wp-content\/gallery\/10-sommercamp-2018\/Sommercamp20181032.JPG\"\n               title=\"\"\n               data-src=\"http:\/\/www.karate-neuhofen.at\/wp-content\/gallery\/10-sommercamp-2018\/Sommercamp20181032.JPG\"\n               data-thumbnail=\"http:\/\/www.karate-neuhofen.at\/wp-content\/gallery\/10-sommercamp-2018\/thumbs\/thumbs_Sommercamp20181032.JPG\"\n               data-image-id=\"20768\"\n               data-title=\"Sommercamp2018(1032)\"\n               data-description=\"\"\n               data-image-slug=\"sommercamp20181032\"\n               class=\"shutterset_14ea2dae3d90de67c1fc228ab12416d8\">\n                <img\n                    title=\"Sommercamp2018(1032)\"\n                    alt=\"Sommercamp2018(1032)\"\n                    src=\"http:\/\/www.karate-neuhofen.at\/wp-content\/gallery\/10-sommercamp-2018\/thumbs\/thumbs_Sommercamp20181032.JPG\"\n                    width=\"240\"\n                    height=\"160\"\n                    style=\"max-width:100%;\"\n                \/>\n            <\/a>\n        <\/div>\n\t\t\t\t\t\t\t<\/div> \n\t\t\t\n        \n\t\t\t\t<div id=\"ngg-image-32\" class=\"ngg-gallery-thumbnail-box\" >\n\t\t\t\t        <div class=\"ngg-gallery-thumbnail\">\n            <a href=\"http:\/\/www.karate-neuhofen.at\/wp-content\/gallery\/10-sommercamp-2018\/Sommercamp20181033.JPG\"\n               title=\"\"\n               data-src=\"http:\/\/www.karate-neuhofen.at\/wp-content\/gallery\/10-sommercamp-2018\/Sommercamp20181033.JPG\"\n               data-thumbnail=\"http:\/\/www.karate-neuhofen.at\/wp-content\/gallery\/10-sommercamp-2018\/thumbs\/thumbs_Sommercamp20181033.JPG\"\n               data-image-id=\"20769\"\n               data-title=\"Sommercamp2018(1033)\"\n               data-description=\"\"\n               data-image-slug=\"sommercamp20181033\"\n               class=\"shutterset_14ea2dae3d90de67c1fc228ab12416d8\">\n                <img\n                    title=\"Sommercamp2018(1033)\"\n                    alt=\"Sommercamp2018(1033)\"\n                    src=\"http:\/\/www.karate-neuhofen.at\/wp-content\/gallery\/10-sommercamp-2018\/thumbs\/thumbs_Sommercamp20181033.JPG\"\n                    width=\"240\"\n                    height=\"160\"\n                    style=\"max-width:100%;\"\n                \/>\n            <\/a>\n        <\/div>\n\t\t\t\t\t\t\t<\/div> \n\t\t\t\n        \n\t\t\t\t<div id=\"ngg-image-33\" class=\"ngg-gallery-thumbnail-box\" >\n\t\t\t\t        <div class=\"ngg-gallery-thumbnail\">\n            <a href=\"http:\/\/www.karate-neuhofen.at\/wp-content\/gallery\/10-sommercamp-2018\/Sommercamp20181034.JPG\"\n               title=\"\"\n               data-src=\"http:\/\/www.karate-neuhofen.at\/wp-content\/gallery\/10-sommercamp-2018\/Sommercamp20181034.JPG\"\n               data-thumbnail=\"http:\/\/www.karate-neuhofen.at\/wp-content\/gallery\/10-sommercamp-2018\/thumbs\/thumbs_Sommercamp20181034.JPG\"\n               data-image-id=\"20770\"\n               data-title=\"Sommercamp2018(1034)\"\n               data-description=\"\"\n               data-image-slug=\"sommercamp20181034\"\n               class=\"shutterset_14ea2dae3d90de67c1fc228ab12416d8\">\n                <img\n                    title=\"Sommercamp2018(1034)\"\n                    alt=\"Sommercamp2018(1034)\"\n                    src=\"http:\/\/www.karate-neuhofen.at\/wp-content\/gallery\/10-sommercamp-2018\/thumbs\/thumbs_Sommercamp20181034.JPG\"\n                    width=\"240\"\n                    height=\"160\"\n                    style=\"max-width:100%;\"\n                \/>\n            <\/a>\n        <\/div>\n\t\t\t\t\t\t\t<\/div> \n\t\t\t\n        \n\t\t\t\t<div id=\"ngg-image-34\" class=\"ngg-gallery-thumbnail-box\" >\n\t\t\t\t        <div class=\"ngg-gallery-thumbnail\">\n            <a href=\"http:\/\/www.karate-neuhofen.at\/wp-content\/gallery\/10-sommercamp-2018\/Sommercamp20181035.JPG\"\n               title=\"\"\n               data-src=\"http:\/\/www.karate-neuhofen.at\/wp-content\/gallery\/10-sommercamp-2018\/Sommercamp20181035.JPG\"\n               data-thumbnail=\"http:\/\/www.karate-neuhofen.at\/wp-content\/gallery\/10-sommercamp-2018\/thumbs\/thumbs_Sommercamp20181035.JPG\"\n               data-image-id=\"20771\"\n               data-title=\"Sommercamp2018(1035)\"\n               data-description=\"\"\n               data-image-slug=\"sommercamp20181035\"\n               class=\"shutterset_14ea2dae3d90de67c1fc228ab12416d8\">\n                <img\n                    title=\"Sommercamp2018(1035)\"\n                    alt=\"Sommercamp2018(1035)\"\n                    src=\"http:\/\/www.karate-neuhofen.at\/wp-content\/gallery\/10-sommercamp-2018\/thumbs\/thumbs_Sommercamp20181035.JPG\"\n                    width=\"240\"\n                    height=\"160\"\n                    style=\"max-width:100%;\"\n                \/>\n            <\/a>\n        <\/div>\n\t\t\t\t\t\t\t<\/div> \n\t\t\t\n        \n\t\t\t\t<div id=\"ngg-image-35\" class=\"ngg-gallery-thumbnail-box\" >\n\t\t\t\t        <div class=\"ngg-gallery-thumbnail\">\n            <a href=\"http:\/\/www.karate-neuhofen.at\/wp-content\/gallery\/10-sommercamp-2018\/Sommercamp20181036.JPG\"\n               title=\"\"\n               data-src=\"http:\/\/www.karate-neuhofen.at\/wp-content\/gallery\/10-sommercamp-2018\/Sommercamp20181036.JPG\"\n               data-thumbnail=\"http:\/\/www.karate-neuhofen.at\/wp-content\/gallery\/10-sommercamp-2018\/thumbs\/thumbs_Sommercamp20181036.JPG\"\n               data-image-id=\"20772\"\n               data-title=\"Sommercamp2018(1036)\"\n               data-description=\"\"\n               data-image-slug=\"sommercamp20181036\"\n               class=\"shutterset_14ea2dae3d90de67c1fc228ab12416d8\">\n                <img\n                    title=\"Sommercamp2018(1036)\"\n                    alt=\"Sommercamp2018(1036)\"\n                    src=\"http:\/\/www.karate-neuhofen.at\/wp-content\/gallery\/10-sommercamp-2018\/thumbs\/thumbs_Sommercamp20181036.JPG\"\n                    width=\"240\"\n                    height=\"160\"\n                    style=\"max-width:100%;\"\n                \/>\n            <\/a>\n        <\/div>\n\t\t\t\t\t\t\t<\/div> \n\t\t\t\n        \n\t\t\t\t<div id=\"ngg-image-36\" class=\"ngg-gallery-thumbnail-box\" >\n\t\t\t\t        <div class=\"ngg-gallery-thumbnail\">\n            <a href=\"http:\/\/www.karate-neuhofen.at\/wp-content\/gallery\/10-sommercamp-2018\/Sommercamp20181037.JPG\"\n               title=\"\"\n               data-src=\"http:\/\/www.karate-neuhofen.at\/wp-content\/gallery\/10-sommercamp-2018\/Sommercamp20181037.JPG\"\n               data-thumbnail=\"http:\/\/www.karate-neuhofen.at\/wp-content\/gallery\/10-sommercamp-2018\/thumbs\/thumbs_Sommercamp20181037.JPG\"\n               data-image-id=\"20773\"\n               data-title=\"Sommercamp2018(1037)\"\n               data-description=\"\"\n               data-image-slug=\"sommercamp20181037\"\n               class=\"shutterset_14ea2dae3d90de67c1fc228ab12416d8\">\n                <img\n                    title=\"Sommercamp2018(1037)\"\n                    alt=\"Sommercamp2018(1037)\"\n                    src=\"http:\/\/www.karate-neuhofen.at\/wp-content\/gallery\/10-sommercamp-2018\/thumbs\/thumbs_Sommercamp20181037.JPG\"\n                    width=\"240\"\n                    height=\"160\"\n                    style=\"max-width:100%;\"\n                \/>\n            <\/a>\n        <\/div>\n\t\t\t\t\t\t\t<\/div> \n\t\t\t\n        \n\t\t\t\t<div id=\"ngg-image-37\" class=\"ngg-gallery-thumbnail-box\" >\n\t\t\t\t        <div class=\"ngg-gallery-thumbnail\">\n            <a href=\"http:\/\/www.karate-neuhofen.at\/wp-content\/gallery\/10-sommercamp-2018\/Sommercamp20181038.JPG\"\n               title=\"\"\n               data-src=\"http:\/\/www.karate-neuhofen.at\/wp-content\/gallery\/10-sommercamp-2018\/Sommercamp20181038.JPG\"\n               data-thumbnail=\"http:\/\/www.karate-neuhofen.at\/wp-content\/gallery\/10-sommercamp-2018\/thumbs\/thumbs_Sommercamp20181038.JPG\"\n               data-image-id=\"20774\"\n               data-title=\"Sommercamp2018(1038)\"\n               data-description=\"\"\n               data-image-slug=\"sommercamp20181038\"\n               class=\"shutterset_14ea2dae3d90de67c1fc228ab12416d8\">\n                <img\n                    title=\"Sommercamp2018(1038)\"\n                    alt=\"Sommercamp2018(1038)\"\n                    src=\"http:\/\/www.karate-neuhofen.at\/wp-content\/gallery\/10-sommercamp-2018\/thumbs\/thumbs_Sommercamp20181038.JPG\"\n                    width=\"240\"\n                    height=\"160\"\n                    style=\"max-width:100%;\"\n                \/>\n            <\/a>\n        <\/div>\n\t\t\t\t\t\t\t<\/div> \n\t\t\t\n        \n\t\t\t\t<div id=\"ngg-image-38\" class=\"ngg-gallery-thumbnail-box\" >\n\t\t\t\t        <div class=\"ngg-gallery-thumbnail\">\n            <a href=\"http:\/\/www.karate-neuhofen.at\/wp-content\/gallery\/10-sommercamp-2018\/Sommercamp20181039.JPG\"\n               title=\"\"\n               data-src=\"http:\/\/www.karate-neuhofen.at\/wp-content\/gallery\/10-sommercamp-2018\/Sommercamp20181039.JPG\"\n               data-thumbnail=\"http:\/\/www.karate-neuhofen.at\/wp-content\/gallery\/10-sommercamp-2018\/thumbs\/thumbs_Sommercamp20181039.JPG\"\n               data-image-id=\"20775\"\n               data-title=\"Sommercamp2018(1039)\"\n               data-description=\"\"\n               data-image-slug=\"sommercamp20181039\"\n               class=\"shutterset_14ea2dae3d90de67c1fc228ab12416d8\">\n                <img\n                    title=\"Sommercamp2018(1039)\"\n                    alt=\"Sommercamp2018(1039)\"\n                    src=\"http:\/\/www.karate-neuhofen.at\/wp-content\/gallery\/10-sommercamp-2018\/thumbs\/thumbs_Sommercamp20181039.JPG\"\n                    width=\"240\"\n                    height=\"160\"\n                    style=\"max-width:100%;\"\n                \/>\n            <\/a>\n        <\/div>\n\t\t\t\t\t\t\t<\/div> \n\t\t\t\n        \n\t\t\t\t<div id=\"ngg-image-39\" class=\"ngg-gallery-thumbnail-box\" >\n\t\t\t\t        <div class=\"ngg-gallery-thumbnail\">\n            <a href=\"http:\/\/www.karate-neuhofen.at\/wp-content\/gallery\/10-sommercamp-2018\/Sommercamp20181040.JPG\"\n               title=\"\"\n               data-src=\"http:\/\/www.karate-neuhofen.at\/wp-content\/gallery\/10-sommercamp-2018\/Sommercamp20181040.JPG\"\n               data-thumbnail=\"http:\/\/www.karate-neuhofen.at\/wp-content\/gallery\/10-sommercamp-2018\/thumbs\/thumbs_Sommercamp20181040.JPG\"\n               data-image-id=\"20776\"\n               data-title=\"Sommercamp2018(1040)\"\n               data-description=\"\"\n               data-image-slug=\"sommercamp20181040\"\n               class=\"shutterset_14ea2dae3d90de67c1fc228ab12416d8\">\n                <img\n                    title=\"Sommercamp2018(1040)\"\n                    alt=\"Sommercamp2018(1040)\"\n                    src=\"http:\/\/www.karate-neuhofen.at\/wp-content\/gallery\/10-sommercamp-2018\/thumbs\/thumbs_Sommercamp20181040.JPG\"\n                    width=\"240\"\n                    height=\"160\"\n                    style=\"max-width:100%;\"\n                \/>\n            <\/a>\n        <\/div>\n\t\t\t\t\t\t\t<\/div> \n\t\t\t\n        \n\t\t\t\t<div id=\"ngg-image-40\" class=\"ngg-gallery-thumbnail-box\" >\n\t\t\t\t        <div class=\"ngg-gallery-thumbnail\">\n            <a href=\"http:\/\/www.karate-neuhofen.at\/wp-content\/gallery\/10-sommercamp-2018\/Sommercamp20181041.JPG\"\n               title=\"\"\n               data-src=\"http:\/\/www.karate-neuhofen.at\/wp-content\/gallery\/10-sommercamp-2018\/Sommercamp20181041.JPG\"\n               data-thumbnail=\"http:\/\/www.karate-neuhofen.at\/wp-content\/gallery\/10-sommercamp-2018\/thumbs\/thumbs_Sommercamp20181041.JPG\"\n               data-image-id=\"20777\"\n               data-title=\"Sommercamp2018(1041)\"\n               data-description=\"\"\n               data-image-slug=\"sommercamp20181041\"\n               class=\"shutterset_14ea2dae3d90de67c1fc228ab12416d8\">\n                <img\n                    title=\"Sommercamp2018(1041)\"\n                    alt=\"Sommercamp2018(1041)\"\n                    src=\"http:\/\/www.karate-neuhofen.at\/wp-content\/gallery\/10-sommercamp-2018\/thumbs\/thumbs_Sommercamp20181041.JPG\"\n                    width=\"240\"\n                    height=\"160\"\n                    style=\"max-width:100%;\"\n                \/>\n            <\/a>\n        <\/div>\n\t\t\t\t\t\t\t<\/div> \n\t\t\t\n        \n\t\t\t\t<div id=\"ngg-image-41\" class=\"ngg-gallery-thumbnail-box\" >\n\t\t\t\t        <div class=\"ngg-gallery-thumbnail\">\n            <a href=\"http:\/\/www.karate-neuhofen.at\/wp-content\/gallery\/10-sommercamp-2018\/Sommercamp20181042.JPG\"\n               title=\"\"\n               data-src=\"http:\/\/www.karate-neuhofen.at\/wp-content\/gallery\/10-sommercamp-2018\/Sommercamp20181042.JPG\"\n               data-thumbnail=\"http:\/\/www.karate-neuhofen.at\/wp-content\/gallery\/10-sommercamp-2018\/thumbs\/thumbs_Sommercamp20181042.JPG\"\n               data-image-id=\"20778\"\n               data-title=\"Sommercamp2018(1042)\"\n               data-description=\"\"\n               data-image-slug=\"sommercamp20181042\"\n               class=\"shutterset_14ea2dae3d90de67c1fc228ab12416d8\">\n                <img\n                    title=\"Sommercamp2018(1042)\"\n                    alt=\"Sommercamp2018(1042)\"\n                    src=\"http:\/\/www.karate-neuhofen.at\/wp-content\/gallery\/10-sommercamp-2018\/thumbs\/thumbs_Sommercamp20181042.JPG\"\n                    width=\"240\"\n                    height=\"160\"\n                    style=\"max-width:100%;\"\n                \/>\n            <\/a>\n        <\/div>\n\t\t\t\t\t\t\t<\/div> \n\t\t\t\n        \n\t\t\t\t<div id=\"ngg-image-42\" class=\"ngg-gallery-thumbnail-box\" >\n\t\t\t\t        <div class=\"ngg-gallery-thumbnail\">\n            <a href=\"http:\/\/www.karate-neuhofen.at\/wp-content\/gallery\/10-sommercamp-2018\/Sommercamp20181043.JPG\"\n               title=\"\"\n               data-src=\"http:\/\/www.karate-neuhofen.at\/wp-content\/gallery\/10-sommercamp-2018\/Sommercamp20181043.JPG\"\n               data-thumbnail=\"http:\/\/www.karate-neuhofen.at\/wp-content\/gallery\/10-sommercamp-2018\/thumbs\/thumbs_Sommercamp20181043.JPG\"\n               data-image-id=\"20779\"\n               data-title=\"Sommercamp2018(1043)\"\n               data-description=\"\"\n               data-image-slug=\"sommercamp20181043\"\n               class=\"shutterset_14ea2dae3d90de67c1fc228ab12416d8\">\n                <img\n                    title=\"Sommercamp2018(1043)\"\n                    alt=\"Sommercamp2018(1043)\"\n                    src=\"http:\/\/www.karate-neuhofen.at\/wp-content\/gallery\/10-sommercamp-2018\/thumbs\/thumbs_Sommercamp20181043.JPG\"\n                    width=\"240\"\n                    height=\"160\"\n                    style=\"max-width:100%;\"\n                \/>\n            <\/a>\n        <\/div>\n\t\t\t\t\t\t\t<\/div> \n\t\t\t\n        \n\t\t\t\t<div id=\"ngg-image-43\" class=\"ngg-gallery-thumbnail-box\" >\n\t\t\t\t        <div class=\"ngg-gallery-thumbnail\">\n            <a href=\"http:\/\/www.karate-neuhofen.at\/wp-content\/gallery\/10-sommercamp-2018\/Sommercamp20181044.JPG\"\n               title=\"\"\n               data-src=\"http:\/\/www.karate-neuhofen.at\/wp-content\/gallery\/10-sommercamp-2018\/Sommercamp20181044.JPG\"\n               data-thumbnail=\"http:\/\/www.karate-neuhofen.at\/wp-content\/gallery\/10-sommercamp-2018\/thumbs\/thumbs_Sommercamp20181044.JPG\"\n               data-image-id=\"20780\"\n               data-title=\"Sommercamp2018(1044)\"\n               data-description=\"\"\n               data-image-slug=\"sommercamp20181044\"\n               class=\"shutterset_14ea2dae3d90de67c1fc228ab12416d8\">\n                <img\n                    title=\"Sommercamp2018(1044)\"\n                    alt=\"Sommercamp2018(1044)\"\n                    src=\"http:\/\/www.karate-neuhofen.at\/wp-content\/gallery\/10-sommercamp-2018\/thumbs\/thumbs_Sommercamp20181044.JPG\"\n                    width=\"240\"\n                    height=\"160\"\n                    style=\"max-width:100%;\"\n                \/>\n            <\/a>\n        <\/div>\n\t\t\t\t\t\t\t<\/div> \n\t\t\t\n        \n\t\t\t\t<div id=\"ngg-image-44\" class=\"ngg-gallery-thumbnail-box\" >\n\t\t\t\t        <div class=\"ngg-gallery-thumbnail\">\n            <a href=\"http:\/\/www.karate-neuhofen.at\/wp-content\/gallery\/10-sommercamp-2018\/Sommercamp20181045.JPG\"\n               title=\"\"\n               data-src=\"http:\/\/www.karate-neuhofen.at\/wp-content\/gallery\/10-sommercamp-2018\/Sommercamp20181045.JPG\"\n               data-thumbnail=\"http:\/\/www.karate-neuhofen.at\/wp-content\/gallery\/10-sommercamp-2018\/thumbs\/thumbs_Sommercamp20181045.JPG\"\n               data-image-id=\"20781\"\n               data-title=\"Sommercamp2018(1045)\"\n               data-description=\"\"\n               data-image-slug=\"sommercamp20181045\"\n               class=\"shutterset_14ea2dae3d90de67c1fc228ab12416d8\">\n                <img\n                    title=\"Sommercamp2018(1045)\"\n                    alt=\"Sommercamp2018(1045)\"\n                    src=\"http:\/\/www.karate-neuhofen.at\/wp-content\/gallery\/10-sommercamp-2018\/thumbs\/thumbs_Sommercamp20181045.JPG\"\n                    width=\"240\"\n                    height=\"160\"\n                    style=\"max-width:100%;\"\n                \/>\n            <\/a>\n        <\/div>\n\t\t\t\t\t\t\t<\/div> \n\t\t\t\n        \n\t\t\t\t<div id=\"ngg-image-45\" class=\"ngg-gallery-thumbnail-box\" >\n\t\t\t\t        <div class=\"ngg-gallery-thumbnail\">\n            <a href=\"http:\/\/www.karate-neuhofen.at\/wp-content\/gallery\/10-sommercamp-2018\/Sommercamp20181046.JPG\"\n               title=\"\"\n               data-src=\"http:\/\/www.karate-neuhofen.at\/wp-content\/gallery\/10-sommercamp-2018\/Sommercamp20181046.JPG\"\n               data-thumbnail=\"http:\/\/www.karate-neuhofen.at\/wp-content\/gallery\/10-sommercamp-2018\/thumbs\/thumbs_Sommercamp20181046.JPG\"\n               data-image-id=\"20782\"\n               data-title=\"Sommercamp2018(1046)\"\n               data-description=\"\"\n               data-image-slug=\"sommercamp20181046\"\n               class=\"shutterset_14ea2dae3d90de67c1fc228ab12416d8\">\n                <img\n                    title=\"Sommercamp2018(1046)\"\n                    alt=\"Sommercamp2018(1046)\"\n                    src=\"http:\/\/www.karate-neuhofen.at\/wp-content\/gallery\/10-sommercamp-2018\/thumbs\/thumbs_Sommercamp20181046.JPG\"\n                    width=\"240\"\n                    height=\"160\"\n                    style=\"max-width:100%;\"\n                \/>\n            <\/a>\n        <\/div>\n\t\t\t\t\t\t\t<\/div> \n\t\t\t\n        \n\t\t\t\t<div id=\"ngg-image-46\" class=\"ngg-gallery-thumbnail-box\" >\n\t\t\t\t        <div class=\"ngg-gallery-thumbnail\">\n            <a href=\"http:\/\/www.karate-neuhofen.at\/wp-content\/gallery\/10-sommercamp-2018\/Sommercamp20181047.JPG\"\n               title=\"\"\n               data-src=\"http:\/\/www.karate-neuhofen.at\/wp-content\/gallery\/10-sommercamp-2018\/Sommercamp20181047.JPG\"\n               data-thumbnail=\"http:\/\/www.karate-neuhofen.at\/wp-content\/gallery\/10-sommercamp-2018\/thumbs\/thumbs_Sommercamp20181047.JPG\"\n               data-image-id=\"20783\"\n               data-title=\"Sommercamp2018(1047)\"\n               data-description=\"\"\n               data-image-slug=\"sommercamp20181047\"\n               class=\"shutterset_14ea2dae3d90de67c1fc228ab12416d8\">\n                <img\n                    title=\"Sommercamp2018(1047)\"\n                    alt=\"Sommercamp2018(1047)\"\n                    src=\"http:\/\/www.karate-neuhofen.at\/wp-content\/gallery\/10-sommercamp-2018\/thumbs\/thumbs_Sommercamp20181047.JPG\"\n                    width=\"240\"\n                    height=\"160\"\n                    style=\"max-width:100%;\"\n                \/>\n            <\/a>\n        <\/div>\n\t\t\t\t\t\t\t<\/div> \n\t\t\t\n        \n\t\t\t\t<div id=\"ngg-image-47\" class=\"ngg-gallery-thumbnail-box\" >\n\t\t\t\t        <div class=\"ngg-gallery-thumbnail\">\n            <a href=\"http:\/\/www.karate-neuhofen.at\/wp-content\/gallery\/10-sommercamp-2018\/Sommercamp20181048.JPG\"\n               title=\"\"\n               data-src=\"http:\/\/www.karate-neuhofen.at\/wp-content\/gallery\/10-sommercamp-2018\/Sommercamp20181048.JPG\"\n               data-thumbnail=\"http:\/\/www.karate-neuhofen.at\/wp-content\/gallery\/10-sommercamp-2018\/thumbs\/thumbs_Sommercamp20181048.JPG\"\n               data-image-id=\"20784\"\n               data-title=\"Sommercamp2018(1048)\"\n               data-description=\"\"\n               data-image-slug=\"sommercamp20181048\"\n               class=\"shutterset_14ea2dae3d90de67c1fc228ab12416d8\">\n                <img\n                    title=\"Sommercamp2018(1048)\"\n                    alt=\"Sommercamp2018(1048)\"\n                    src=\"http:\/\/www.karate-neuhofen.at\/wp-content\/gallery\/10-sommercamp-2018\/thumbs\/thumbs_Sommercamp20181048.JPG\"\n                    width=\"240\"\n                    height=\"160\"\n                    style=\"max-width:100%;\"\n                \/>\n            <\/a>\n        <\/div>\n\t\t\t\t\t\t\t<\/div> \n\t\t\t\n        \n\t\t\t\t<div id=\"ngg-image-48\" class=\"ngg-gallery-thumbnail-box\" >\n\t\t\t\t        <div class=\"ngg-gallery-thumbnail\">\n            <a href=\"http:\/\/www.karate-neuhofen.at\/wp-content\/gallery\/10-sommercamp-2018\/Sommercamp20181049.JPG\"\n               title=\"\"\n               data-src=\"http:\/\/www.karate-neuhofen.at\/wp-content\/gallery\/10-sommercamp-2018\/Sommercamp20181049.JPG\"\n               data-thumbnail=\"http:\/\/www.karate-neuhofen.at\/wp-content\/gallery\/10-sommercamp-2018\/thumbs\/thumbs_Sommercamp20181049.JPG\"\n               data-image-id=\"20785\"\n               data-title=\"Sommercamp2018(1049)\"\n               data-description=\"\"\n               data-image-slug=\"sommercamp20181049\"\n               class=\"shutterset_14ea2dae3d90de67c1fc228ab12416d8\">\n                <img\n                    title=\"Sommercamp2018(1049)\"\n                    alt=\"Sommercamp2018(1049)\"\n                    src=\"http:\/\/www.karate-neuhofen.at\/wp-content\/gallery\/10-sommercamp-2018\/thumbs\/thumbs_Sommercamp20181049.JPG\"\n                    width=\"240\"\n                    height=\"160\"\n                    style=\"max-width:100%;\"\n                \/>\n            <\/a>\n        <\/div>\n\t\t\t\t\t\t\t<\/div> \n\t\t\t\n        \n\t\t\t\t<div id=\"ngg-image-49\" class=\"ngg-gallery-thumbnail-box\" >\n\t\t\t\t        <div class=\"ngg-gallery-thumbnail\">\n            <a href=\"http:\/\/www.karate-neuhofen.at\/wp-content\/gallery\/10-sommercamp-2018\/Sommercamp20181050.JPG\"\n               title=\"\"\n               data-src=\"http:\/\/www.karate-neuhofen.at\/wp-content\/gallery\/10-sommercamp-2018\/Sommercamp20181050.JPG\"\n               data-thumbnail=\"http:\/\/www.karate-neuhofen.at\/wp-content\/gallery\/10-sommercamp-2018\/thumbs\/thumbs_Sommercamp20181050.JPG\"\n               data-image-id=\"20786\"\n               data-title=\"Sommercamp2018(1050)\"\n               data-description=\"\"\n               data-image-slug=\"sommercamp20181050\"\n               class=\"shutterset_14ea2dae3d90de67c1fc228ab12416d8\">\n                <img\n                    title=\"Sommercamp2018(1050)\"\n                    alt=\"Sommercamp2018(1050)\"\n                    src=\"http:\/\/www.karate-neuhofen.at\/wp-content\/gallery\/10-sommercamp-2018\/thumbs\/thumbs_Sommercamp20181050.JPG\"\n                    width=\"240\"\n                    height=\"160\"\n                    style=\"max-width:100%;\"\n                \/>\n            <\/a>\n        <\/div>\n\t\t\t\t\t\t\t<\/div> \n\t\t\t\n        \n\t\t\t\t<div id=\"ngg-image-50\" class=\"ngg-gallery-thumbnail-box\" >\n\t\t\t\t        <div class=\"ngg-gallery-thumbnail\">\n            <a href=\"http:\/\/www.karate-neuhofen.at\/wp-content\/gallery\/10-sommercamp-2018\/Sommercamp20181051.JPG\"\n               title=\"\"\n               data-src=\"http:\/\/www.karate-neuhofen.at\/wp-content\/gallery\/10-sommercamp-2018\/Sommercamp20181051.JPG\"\n               data-thumbnail=\"http:\/\/www.karate-neuhofen.at\/wp-content\/gallery\/10-sommercamp-2018\/thumbs\/thumbs_Sommercamp20181051.JPG\"\n               data-image-id=\"20787\"\n               data-title=\"Sommercamp2018(1051)\"\n               data-description=\"\"\n               data-image-slug=\"sommercamp20181051\"\n               class=\"shutterset_14ea2dae3d90de67c1fc228ab12416d8\">\n                <img\n                    title=\"Sommercamp2018(1051)\"\n                    alt=\"Sommercamp2018(1051)\"\n                    src=\"http:\/\/www.karate-neuhofen.at\/wp-content\/gallery\/10-sommercamp-2018\/thumbs\/thumbs_Sommercamp20181051.JPG\"\n                    width=\"240\"\n                    height=\"160\"\n                    style=\"max-width:100%;\"\n                \/>\n            <\/a>\n        <\/div>\n\t\t\t\t\t\t\t<\/div> \n\t\t\t\n        \n\t\t\t\t<div id=\"ngg-image-51\" class=\"ngg-gallery-thumbnail-box\" >\n\t\t\t\t        <div class=\"ngg-gallery-thumbnail\">\n            <a href=\"http:\/\/www.karate-neuhofen.at\/wp-content\/gallery\/10-sommercamp-2018\/Sommercamp20181052.JPG\"\n               title=\"\"\n               data-src=\"http:\/\/www.karate-neuhofen.at\/wp-content\/gallery\/10-sommercamp-2018\/Sommercamp20181052.JPG\"\n               data-thumbnail=\"http:\/\/www.karate-neuhofen.at\/wp-content\/gallery\/10-sommercamp-2018\/thumbs\/thumbs_Sommercamp20181052.JPG\"\n               data-image-id=\"20788\"\n               data-title=\"Sommercamp2018(1052)\"\n               data-description=\"\"\n               data-image-slug=\"sommercamp20181052\"\n               class=\"shutterset_14ea2dae3d90de67c1fc228ab12416d8\">\n                <img\n                    title=\"Sommercamp2018(1052)\"\n                    alt=\"Sommercamp2018(1052)\"\n                    src=\"http:\/\/www.karate-neuhofen.at\/wp-content\/gallery\/10-sommercamp-2018\/thumbs\/thumbs_Sommercamp20181052.JPG\"\n                    width=\"240\"\n                    height=\"160\"\n                    style=\"max-width:100%;\"\n                \/>\n            <\/a>\n        <\/div>\n\t\t\t\t\t\t\t<\/div> \n\t\t\t\n        \n\t\t\t\t<div id=\"ngg-image-52\" class=\"ngg-gallery-thumbnail-box\" >\n\t\t\t\t        <div class=\"ngg-gallery-thumbnail\">\n            <a href=\"http:\/\/www.karate-neuhofen.at\/wp-content\/gallery\/10-sommercamp-2018\/Sommercamp20181053.JPG\"\n               title=\"\"\n               data-src=\"http:\/\/www.karate-neuhofen.at\/wp-content\/gallery\/10-sommercamp-2018\/Sommercamp20181053.JPG\"\n               data-thumbnail=\"http:\/\/www.karate-neuhofen.at\/wp-content\/gallery\/10-sommercamp-2018\/thumbs\/thumbs_Sommercamp20181053.JPG\"\n               data-image-id=\"20789\"\n               data-title=\"Sommercamp2018(1053)\"\n               data-description=\"\"\n               data-image-slug=\"sommercamp20181053\"\n               class=\"shutterset_14ea2dae3d90de67c1fc228ab12416d8\">\n                <img\n                    title=\"Sommercamp2018(1053)\"\n                    alt=\"Sommercamp2018(1053)\"\n                    src=\"http:\/\/www.karate-neuhofen.at\/wp-content\/gallery\/10-sommercamp-2018\/thumbs\/thumbs_Sommercamp20181053.JPG\"\n                    width=\"240\"\n                    height=\"160\"\n                    style=\"max-width:100%;\"\n                \/>\n            <\/a>\n        <\/div>\n\t\t\t\t\t\t\t<\/div> \n\t\t\t\n        \n\t\t\t\t<div id=\"ngg-image-53\" class=\"ngg-gallery-thumbnail-box\" >\n\t\t\t\t        <div class=\"ngg-gallery-thumbnail\">\n            <a href=\"http:\/\/www.karate-neuhofen.at\/wp-content\/gallery\/10-sommercamp-2018\/Sommercamp20181054.JPG\"\n               title=\"\"\n               data-src=\"http:\/\/www.karate-neuhofen.at\/wp-content\/gallery\/10-sommercamp-2018\/Sommercamp20181054.JPG\"\n               data-thumbnail=\"http:\/\/www.karate-neuhofen.at\/wp-content\/gallery\/10-sommercamp-2018\/thumbs\/thumbs_Sommercamp20181054.JPG\"\n               data-image-id=\"20790\"\n               data-title=\"Sommercamp2018(1054)\"\n               data-description=\"\"\n               data-image-slug=\"sommercamp20181054\"\n               class=\"shutterset_14ea2dae3d90de67c1fc228ab12416d8\">\n                <img\n                    title=\"Sommercamp2018(1054)\"\n                    alt=\"Sommercamp2018(1054)\"\n                    src=\"http:\/\/www.karate-neuhofen.at\/wp-content\/gallery\/10-sommercamp-2018\/thumbs\/thumbs_Sommercamp20181054.JPG\"\n                    width=\"240\"\n                    height=\"160\"\n                    style=\"max-width:100%;\"\n                \/>\n            <\/a>\n        <\/div>\n\t\t\t\t\t\t\t<\/div> \n\t\t\t\n        \n\t\t\t\t<div id=\"ngg-image-54\" class=\"ngg-gallery-thumbnail-box\" >\n\t\t\t\t        <div class=\"ngg-gallery-thumbnail\">\n            <a href=\"http:\/\/www.karate-neuhofen.at\/wp-content\/gallery\/10-sommercamp-2018\/Sommercamp20181055.JPG\"\n               title=\"\"\n               data-src=\"http:\/\/www.karate-neuhofen.at\/wp-content\/gallery\/10-sommercamp-2018\/Sommercamp20181055.JPG\"\n               data-thumbnail=\"http:\/\/www.karate-neuhofen.at\/wp-content\/gallery\/10-sommercamp-2018\/thumbs\/thumbs_Sommercamp20181055.JPG\"\n               data-image-id=\"20791\"\n               data-title=\"Sommercamp2018(1055)\"\n               data-description=\"\"\n               data-image-slug=\"sommercamp20181055\"\n               class=\"shutterset_14ea2dae3d90de67c1fc228ab12416d8\">\n                <img\n                    title=\"Sommercamp2018(1055)\"\n                    alt=\"Sommercamp2018(1055)\"\n                    src=\"http:\/\/www.karate-neuhofen.at\/wp-content\/gallery\/10-sommercamp-2018\/thumbs\/thumbs_Sommercamp20181055.JPG\"\n                    width=\"240\"\n                    height=\"160\"\n                    style=\"max-width:100%;\"\n                \/>\n            <\/a>\n        <\/div>\n\t\t\t\t\t\t\t<\/div> \n\t\t\t\n        \n\t\t\t\t<div id=\"ngg-image-55\" class=\"ngg-gallery-thumbnail-box\" >\n\t\t\t\t        <div class=\"ngg-gallery-thumbnail\">\n            <a href=\"http:\/\/www.karate-neuhofen.at\/wp-content\/gallery\/10-sommercamp-2018\/Sommercamp20181056.JPG\"\n               title=\"\"\n               data-src=\"http:\/\/www.karate-neuhofen.at\/wp-content\/gallery\/10-sommercamp-2018\/Sommercamp20181056.JPG\"\n               data-thumbnail=\"http:\/\/www.karate-neuhofen.at\/wp-content\/gallery\/10-sommercamp-2018\/thumbs\/thumbs_Sommercamp20181056.JPG\"\n               data-image-id=\"20792\"\n               data-title=\"Sommercamp2018(1056)\"\n               data-description=\"\"\n               data-image-slug=\"sommercamp20181056\"\n               class=\"shutterset_14ea2dae3d90de67c1fc228ab12416d8\">\n                <img\n                    title=\"Sommercamp2018(1056)\"\n                    alt=\"Sommercamp2018(1056)\"\n                    src=\"http:\/\/www.karate-neuhofen.at\/wp-content\/gallery\/10-sommercamp-2018\/thumbs\/thumbs_Sommercamp20181056.JPG\"\n                    width=\"240\"\n                    height=\"160\"\n                    style=\"max-width:100%;\"\n                \/>\n            <\/a>\n        <\/div>\n\t\t\t\t\t\t\t<\/div> \n\t\t\t\n        \n\t\t\t\t<div id=\"ngg-image-56\" class=\"ngg-gallery-thumbnail-box\" >\n\t\t\t\t        <div class=\"ngg-gallery-thumbnail\">\n            <a href=\"http:\/\/www.karate-neuhofen.at\/wp-content\/gallery\/10-sommercamp-2018\/Sommercamp20181057.JPG\"\n               title=\"\"\n               data-src=\"http:\/\/www.karate-neuhofen.at\/wp-content\/gallery\/10-sommercamp-2018\/Sommercamp20181057.JPG\"\n               data-thumbnail=\"http:\/\/www.karate-neuhofen.at\/wp-content\/gallery\/10-sommercamp-2018\/thumbs\/thumbs_Sommercamp20181057.JPG\"\n               data-image-id=\"20793\"\n               data-title=\"Sommercamp2018(1057)\"\n               data-description=\"\"\n               data-image-slug=\"sommercamp20181057\"\n               class=\"shutterset_14ea2dae3d90de67c1fc228ab12416d8\">\n                <img\n                    title=\"Sommercamp2018(1057)\"\n                    alt=\"Sommercamp2018(1057)\"\n                    src=\"http:\/\/www.karate-neuhofen.at\/wp-content\/gallery\/10-sommercamp-2018\/thumbs\/thumbs_Sommercamp20181057.JPG\"\n                    width=\"240\"\n                    height=\"160\"\n                    style=\"max-width:100%;\"\n                \/>\n            <\/a>\n        <\/div>\n\t\t\t\t\t\t\t<\/div> \n\t\t\t\n        \n\t\t\t\t<div id=\"ngg-image-57\" class=\"ngg-gallery-thumbnail-box\" >\n\t\t\t\t        <div class=\"ngg-gallery-thumbnail\">\n            <a href=\"http:\/\/www.karate-neuhofen.at\/wp-content\/gallery\/10-sommercamp-2018\/Sommercamp20181058.JPG\"\n               title=\"\"\n               data-src=\"http:\/\/www.karate-neuhofen.at\/wp-content\/gallery\/10-sommercamp-2018\/Sommercamp20181058.JPG\"\n               data-thumbnail=\"http:\/\/www.karate-neuhofen.at\/wp-content\/gallery\/10-sommercamp-2018\/thumbs\/thumbs_Sommercamp20181058.JPG\"\n               data-image-id=\"20794\"\n               data-title=\"Sommercamp2018(1058)\"\n               data-description=\"\"\n               data-image-slug=\"sommercamp20181058\"\n               class=\"shutterset_14ea2dae3d90de67c1fc228ab12416d8\">\n                <img\n                    title=\"Sommercamp2018(1058)\"\n                    alt=\"Sommercamp2018(1058)\"\n                    src=\"http:\/\/www.karate-neuhofen.at\/wp-content\/gallery\/10-sommercamp-2018\/thumbs\/thumbs_Sommercamp20181058.JPG\"\n                    width=\"240\"\n                    height=\"160\"\n                    style=\"max-width:100%;\"\n                \/>\n            <\/a>\n        <\/div>\n\t\t\t\t\t\t\t<\/div> \n\t\t\t\n        \n\t\t\t\t<div id=\"ngg-image-58\" class=\"ngg-gallery-thumbnail-box\" >\n\t\t\t\t        <div class=\"ngg-gallery-thumbnail\">\n            <a href=\"http:\/\/www.karate-neuhofen.at\/wp-content\/gallery\/10-sommercamp-2018\/Sommercamp20181059.JPG\"\n               title=\"\"\n               data-src=\"http:\/\/www.karate-neuhofen.at\/wp-content\/gallery\/10-sommercamp-2018\/Sommercamp20181059.JPG\"\n               data-thumbnail=\"http:\/\/www.karate-neuhofen.at\/wp-content\/gallery\/10-sommercamp-2018\/thumbs\/thumbs_Sommercamp20181059.JPG\"\n               data-image-id=\"20795\"\n               data-title=\"Sommercamp2018(1059)\"\n               data-description=\"\"\n               data-image-slug=\"sommercamp20181059\"\n               class=\"shutterset_14ea2dae3d90de67c1fc228ab12416d8\">\n                <img\n                    title=\"Sommercamp2018(1059)\"\n                    alt=\"Sommercamp2018(1059)\"\n                    src=\"http:\/\/www.karate-neuhofen.at\/wp-content\/gallery\/10-sommercamp-2018\/thumbs\/thumbs_Sommercamp20181059.JPG\"\n                    width=\"240\"\n                    height=\"160\"\n                    style=\"max-width:100%;\"\n                \/>\n            <\/a>\n        <\/div>\n\t\t\t\t\t\t\t<\/div> \n\t\t\t\n        \n\t\t\t\t<div id=\"ngg-image-59\" class=\"ngg-gallery-thumbnail-box\" >\n\t\t\t\t        <div class=\"ngg-gallery-thumbnail\">\n            <a href=\"http:\/\/www.karate-neuhofen.at\/wp-content\/gallery\/10-sommercamp-2018\/Sommercamp20181060.JPG\"\n               title=\"\"\n               data-src=\"http:\/\/www.karate-neuhofen.at\/wp-content\/gallery\/10-sommercamp-2018\/Sommercamp20181060.JPG\"\n               data-thumbnail=\"http:\/\/www.karate-neuhofen.at\/wp-content\/gallery\/10-sommercamp-2018\/thumbs\/thumbs_Sommercamp20181060.JPG\"\n               data-image-id=\"20796\"\n               data-title=\"Sommercamp2018(1060)\"\n               data-description=\"\"\n               data-image-slug=\"sommercamp20181060\"\n               class=\"shutterset_14ea2dae3d90de67c1fc228ab12416d8\">\n                <img\n                    title=\"Sommercamp2018(1060)\"\n                    alt=\"Sommercamp2018(1060)\"\n                    src=\"http:\/\/www.karate-neuhofen.at\/wp-content\/gallery\/10-sommercamp-2018\/thumbs\/thumbs_Sommercamp20181060.JPG\"\n                    width=\"240\"\n                    height=\"160\"\n                    style=\"max-width:100%;\"\n                \/>\n            <\/a>\n        <\/div>\n\t\t\t\t\t\t\t<\/div> \n\t\t\t\n        \n\t\t\t\t<div id=\"ngg-image-60\" class=\"ngg-gallery-thumbnail-box\" >\n\t\t\t\t        <div class=\"ngg-gallery-thumbnail\">\n            <a href=\"http:\/\/www.karate-neuhofen.at\/wp-content\/gallery\/10-sommercamp-2018\/Sommercamp20181061.JPG\"\n               title=\"\"\n               data-src=\"http:\/\/www.karate-neuhofen.at\/wp-content\/gallery\/10-sommercamp-2018\/Sommercamp20181061.JPG\"\n               data-thumbnail=\"http:\/\/www.karate-neuhofen.at\/wp-content\/gallery\/10-sommercamp-2018\/thumbs\/thumbs_Sommercamp20181061.JPG\"\n               data-image-id=\"20797\"\n               data-title=\"Sommercamp2018(1061)\"\n               data-description=\"\"\n               data-image-slug=\"sommercamp20181061\"\n               class=\"shutterset_14ea2dae3d90de67c1fc228ab12416d8\">\n                <img\n                    title=\"Sommercamp2018(1061)\"\n                    alt=\"Sommercamp2018(1061)\"\n                    src=\"http:\/\/www.karate-neuhofen.at\/wp-content\/gallery\/10-sommercamp-2018\/thumbs\/thumbs_Sommercamp20181061.JPG\"\n                    width=\"240\"\n                    height=\"160\"\n                    style=\"max-width:100%;\"\n                \/>\n            <\/a>\n        <\/div>\n\t\t\t\t\t\t\t<\/div> \n\t\t\t\n        \n\t\t\t\t<div id=\"ngg-image-61\" class=\"ngg-gallery-thumbnail-box\" >\n\t\t\t\t        <div class=\"ngg-gallery-thumbnail\">\n            <a href=\"http:\/\/www.karate-neuhofen.at\/wp-content\/gallery\/10-sommercamp-2018\/Sommercamp20181062.JPG\"\n               title=\"\"\n               data-src=\"http:\/\/www.karate-neuhofen.at\/wp-content\/gallery\/10-sommercamp-2018\/Sommercamp20181062.JPG\"\n               data-thumbnail=\"http:\/\/www.karate-neuhofen.at\/wp-content\/gallery\/10-sommercamp-2018\/thumbs\/thumbs_Sommercamp20181062.JPG\"\n               data-image-id=\"20798\"\n               data-title=\"Sommercamp2018(1062)\"\n               data-description=\"\"\n               data-image-slug=\"sommercamp20181062\"\n               class=\"shutterset_14ea2dae3d90de67c1fc228ab12416d8\">\n                <img\n                    title=\"Sommercamp2018(1062)\"\n                    alt=\"Sommercamp2018(1062)\"\n                    src=\"http:\/\/www.karate-neuhofen.at\/wp-content\/gallery\/10-sommercamp-2018\/thumbs\/thumbs_Sommercamp20181062.JPG\"\n                    width=\"240\"\n                    height=\"160\"\n                    style=\"max-width:100%;\"\n                \/>\n            <\/a>\n        <\/div>\n\t\t\t\t\t\t\t<\/div> \n\t\t\t\n        \n\t\t\t\t<div id=\"ngg-image-62\" class=\"ngg-gallery-thumbnail-box\" >\n\t\t\t\t        <div class=\"ngg-gallery-thumbnail\">\n            <a href=\"http:\/\/www.karate-neuhofen.at\/wp-content\/gallery\/10-sommercamp-2018\/Sommercamp20181063.JPG\"\n               title=\"\"\n               data-src=\"http:\/\/www.karate-neuhofen.at\/wp-content\/gallery\/10-sommercamp-2018\/Sommercamp20181063.JPG\"\n               data-thumbnail=\"http:\/\/www.karate-neuhofen.at\/wp-content\/gallery\/10-sommercamp-2018\/thumbs\/thumbs_Sommercamp20181063.JPG\"\n               data-image-id=\"20799\"\n               data-title=\"Sommercamp2018(1063)\"\n               data-description=\"\"\n               data-image-slug=\"sommercamp20181063\"\n               class=\"shutterset_14ea2dae3d90de67c1fc228ab12416d8\">\n                <img\n                    title=\"Sommercamp2018(1063)\"\n                    alt=\"Sommercamp2018(1063)\"\n                    src=\"http:\/\/www.karate-neuhofen.at\/wp-content\/gallery\/10-sommercamp-2018\/thumbs\/thumbs_Sommercamp20181063.JPG\"\n                    width=\"240\"\n                    height=\"160\"\n                    style=\"max-width:100%;\"\n                \/>\n            <\/a>\n        <\/div>\n\t\t\t\t\t\t\t<\/div> \n\t\t\t\n        \n\t\t\t\t<div id=\"ngg-image-63\" class=\"ngg-gallery-thumbnail-box\" >\n\t\t\t\t        <div class=\"ngg-gallery-thumbnail\">\n            <a href=\"http:\/\/www.karate-neuhofen.at\/wp-content\/gallery\/10-sommercamp-2018\/Sommercamp20181064.JPG\"\n               title=\"\"\n               data-src=\"http:\/\/www.karate-neuhofen.at\/wp-content\/gallery\/10-sommercamp-2018\/Sommercamp20181064.JPG\"\n               data-thumbnail=\"http:\/\/www.karate-neuhofen.at\/wp-content\/gallery\/10-sommercamp-2018\/thumbs\/thumbs_Sommercamp20181064.JPG\"\n               data-image-id=\"20800\"\n               data-title=\"Sommercamp2018(1064)\"\n               data-description=\"\"\n               data-image-slug=\"sommercamp20181064\"\n               class=\"shutterset_14ea2dae3d90de67c1fc228ab12416d8\">\n                <img\n                    title=\"Sommercamp2018(1064)\"\n                    alt=\"Sommercamp2018(1064)\"\n                    src=\"http:\/\/www.karate-neuhofen.at\/wp-content\/gallery\/10-sommercamp-2018\/thumbs\/thumbs_Sommercamp20181064.JPG\"\n                    width=\"240\"\n                    height=\"160\"\n                    style=\"max-width:100%;\"\n                \/>\n            <\/a>\n        <\/div>\n\t\t\t\t\t\t\t<\/div> \n\t\t\t\n        \n\t\t\t\t<div id=\"ngg-image-64\" class=\"ngg-gallery-thumbnail-box\" >\n\t\t\t\t        <div class=\"ngg-gallery-thumbnail\">\n            <a href=\"http:\/\/www.karate-neuhofen.at\/wp-content\/gallery\/10-sommercamp-2018\/Sommercamp20181065.JPG\"\n               title=\"\"\n               data-src=\"http:\/\/www.karate-neuhofen.at\/wp-content\/gallery\/10-sommercamp-2018\/Sommercamp20181065.JPG\"\n               data-thumbnail=\"http:\/\/www.karate-neuhofen.at\/wp-content\/gallery\/10-sommercamp-2018\/thumbs\/thumbs_Sommercamp20181065.JPG\"\n               data-image-id=\"20801\"\n               data-title=\"Sommercamp2018(1065)\"\n               data-description=\"\"\n               data-image-slug=\"sommercamp20181065\"\n               class=\"shutterset_14ea2dae3d90de67c1fc228ab12416d8\">\n                <img\n                    title=\"Sommercamp2018(1065)\"\n                    alt=\"Sommercamp2018(1065)\"\n                    src=\"http:\/\/www.karate-neuhofen.at\/wp-content\/gallery\/10-sommercamp-2018\/thumbs\/thumbs_Sommercamp20181065.JPG\"\n                    width=\"240\"\n                    height=\"160\"\n                    style=\"max-width:100%;\"\n                \/>\n            <\/a>\n        <\/div>\n\t\t\t\t\t\t\t<\/div> \n\t\t\t\n        \n\t\t\t\t<div id=\"ngg-image-65\" class=\"ngg-gallery-thumbnail-box\" >\n\t\t\t\t        <div class=\"ngg-gallery-thumbnail\">\n            <a href=\"http:\/\/www.karate-neuhofen.at\/wp-content\/gallery\/10-sommercamp-2018\/Sommercamp20181066.JPG\"\n               title=\"\"\n               data-src=\"http:\/\/www.karate-neuhofen.at\/wp-content\/gallery\/10-sommercamp-2018\/Sommercamp20181066.JPG\"\n               data-thumbnail=\"http:\/\/www.karate-neuhofen.at\/wp-content\/gallery\/10-sommercamp-2018\/thumbs\/thumbs_Sommercamp20181066.JPG\"\n               data-image-id=\"20802\"\n               data-title=\"Sommercamp2018(1066)\"\n               data-description=\"\"\n               data-image-slug=\"sommercamp20181066\"\n               class=\"shutterset_14ea2dae3d90de67c1fc228ab12416d8\">\n                <img\n                    title=\"Sommercamp2018(1066)\"\n                    alt=\"Sommercamp2018(1066)\"\n                    src=\"http:\/\/www.karate-neuhofen.at\/wp-content\/gallery\/10-sommercamp-2018\/thumbs\/thumbs_Sommercamp20181066.JPG\"\n                    width=\"240\"\n                    height=\"160\"\n                    style=\"max-width:100%;\"\n                \/>\n            <\/a>\n        <\/div>\n\t\t\t\t\t\t\t<\/div> \n\t\t\t\n        \n\t\t\t\t<div id=\"ngg-image-66\" class=\"ngg-gallery-thumbnail-box\" >\n\t\t\t\t        <div class=\"ngg-gallery-thumbnail\">\n            <a href=\"http:\/\/www.karate-neuhofen.at\/wp-content\/gallery\/10-sommercamp-2018\/Sommercamp20181067.JPG\"\n               title=\"\"\n               data-src=\"http:\/\/www.karate-neuhofen.at\/wp-content\/gallery\/10-sommercamp-2018\/Sommercamp20181067.JPG\"\n               data-thumbnail=\"http:\/\/www.karate-neuhofen.at\/wp-content\/gallery\/10-sommercamp-2018\/thumbs\/thumbs_Sommercamp20181067.JPG\"\n               data-image-id=\"20803\"\n               data-title=\"Sommercamp2018(1067)\"\n               data-description=\"\"\n               data-image-slug=\"sommercamp20181067\"\n               class=\"shutterset_14ea2dae3d90de67c1fc228ab12416d8\">\n                <img\n                    title=\"Sommercamp2018(1067)\"\n                    alt=\"Sommercamp2018(1067)\"\n                    src=\"http:\/\/www.karate-neuhofen.at\/wp-content\/gallery\/10-sommercamp-2018\/thumbs\/thumbs_Sommercamp20181067.JPG\"\n                    width=\"240\"\n                    height=\"160\"\n                    style=\"max-width:100%;\"\n                \/>\n            <\/a>\n        <\/div>\n\t\t\t\t\t\t\t<\/div> \n\t\t\t\n        \n\t\t\t\t<div id=\"ngg-image-67\" class=\"ngg-gallery-thumbnail-box\" >\n\t\t\t\t        <div class=\"ngg-gallery-thumbnail\">\n            <a href=\"http:\/\/www.karate-neuhofen.at\/wp-content\/gallery\/10-sommercamp-2018\/Sommercamp20181068.JPG\"\n               title=\"\"\n               data-src=\"http:\/\/www.karate-neuhofen.at\/wp-content\/gallery\/10-sommercamp-2018\/Sommercamp20181068.JPG\"\n               data-thumbnail=\"http:\/\/www.karate-neuhofen.at\/wp-content\/gallery\/10-sommercamp-2018\/thumbs\/thumbs_Sommercamp20181068.JPG\"\n               data-image-id=\"20804\"\n               data-title=\"Sommercamp2018(1068)\"\n               data-description=\"\"\n               data-image-slug=\"sommercamp20181068\"\n               class=\"shutterset_14ea2dae3d90de67c1fc228ab12416d8\">\n                <img\n                    title=\"Sommercamp2018(1068)\"\n                    alt=\"Sommercamp2018(1068)\"\n                    src=\"http:\/\/www.karate-neuhofen.at\/wp-content\/gallery\/10-sommercamp-2018\/thumbs\/thumbs_Sommercamp20181068.JPG\"\n                    width=\"240\"\n                    height=\"160\"\n                    style=\"max-width:100%;\"\n                \/>\n            <\/a>\n        <\/div>\n\t\t\t\t\t\t\t<\/div> \n\t\t\t\n        \n\t\t\t\t<div id=\"ngg-image-68\" class=\"ngg-gallery-thumbnail-box\" >\n\t\t\t\t        <div class=\"ngg-gallery-thumbnail\">\n            <a href=\"http:\/\/www.karate-neuhofen.at\/wp-content\/gallery\/10-sommercamp-2018\/Sommercamp20181069.JPG\"\n               title=\"\"\n               data-src=\"http:\/\/www.karate-neuhofen.at\/wp-content\/gallery\/10-sommercamp-2018\/Sommercamp20181069.JPG\"\n               data-thumbnail=\"http:\/\/www.karate-neuhofen.at\/wp-content\/gallery\/10-sommercamp-2018\/thumbs\/thumbs_Sommercamp20181069.JPG\"\n               data-image-id=\"20805\"\n               data-title=\"Sommercamp2018(1069)\"\n               data-description=\"\"\n               data-image-slug=\"sommercamp20181069\"\n               class=\"shutterset_14ea2dae3d90de67c1fc228ab12416d8\">\n                <img\n                    title=\"Sommercamp2018(1069)\"\n                    alt=\"Sommercamp2018(1069)\"\n                    src=\"http:\/\/www.karate-neuhofen.at\/wp-content\/gallery\/10-sommercamp-2018\/thumbs\/thumbs_Sommercamp20181069.JPG\"\n                    width=\"240\"\n                    height=\"160\"\n                    style=\"max-width:100%;\"\n                \/>\n            <\/a>\n        <\/div>\n\t\t\t\t\t\t\t<\/div> \n\t\t\t\n        \n\t\t\t\t<div id=\"ngg-image-69\" class=\"ngg-gallery-thumbnail-box\" >\n\t\t\t\t        <div class=\"ngg-gallery-thumbnail\">\n            <a href=\"http:\/\/www.karate-neuhofen.at\/wp-content\/gallery\/10-sommercamp-2018\/Sommercamp20181070.JPG\"\n               title=\"\"\n               data-src=\"http:\/\/www.karate-neuhofen.at\/wp-content\/gallery\/10-sommercamp-2018\/Sommercamp20181070.JPG\"\n               data-thumbnail=\"http:\/\/www.karate-neuhofen.at\/wp-content\/gallery\/10-sommercamp-2018\/thumbs\/thumbs_Sommercamp20181070.JPG\"\n               data-image-id=\"20806\"\n               data-title=\"Sommercamp2018(1070)\"\n               data-description=\"\"\n               data-image-slug=\"sommercamp20181070\"\n               class=\"shutterset_14ea2dae3d90de67c1fc228ab12416d8\">\n                <img\n                    title=\"Sommercamp2018(1070)\"\n                    alt=\"Sommercamp2018(1070)\"\n                    src=\"http:\/\/www.karate-neuhofen.at\/wp-content\/gallery\/10-sommercamp-2018\/thumbs\/thumbs_Sommercamp20181070.JPG\"\n                    width=\"240\"\n                    height=\"160\"\n                    style=\"max-width:100%;\"\n                \/>\n            <\/a>\n        <\/div>\n\t\t\t\t\t\t\t<\/div> \n\t\t\t\n        \n\t\t\t\t<div id=\"ngg-image-70\" class=\"ngg-gallery-thumbnail-box\" >\n\t\t\t\t        <div class=\"ngg-gallery-thumbnail\">\n            <a href=\"http:\/\/www.karate-neuhofen.at\/wp-content\/gallery\/10-sommercamp-2018\/Sommercamp20181071.JPG\"\n               title=\"\"\n               data-src=\"http:\/\/www.karate-neuhofen.at\/wp-content\/gallery\/10-sommercamp-2018\/Sommercamp20181071.JPG\"\n               data-thumbnail=\"http:\/\/www.karate-neuhofen.at\/wp-content\/gallery\/10-sommercamp-2018\/thumbs\/thumbs_Sommercamp20181071.JPG\"\n               data-image-id=\"20807\"\n               data-title=\"Sommercamp2018(1071)\"\n               data-description=\"\"\n               data-image-slug=\"sommercamp20181071\"\n               class=\"shutterset_14ea2dae3d90de67c1fc228ab12416d8\">\n                <img\n                    title=\"Sommercamp2018(1071)\"\n                    alt=\"Sommercamp2018(1071)\"\n                    src=\"http:\/\/www.karate-neuhofen.at\/wp-content\/gallery\/10-sommercamp-2018\/thumbs\/thumbs_Sommercamp20181071.JPG\"\n                    width=\"240\"\n                    height=\"160\"\n                    style=\"max-width:100%;\"\n                \/>\n            <\/a>\n        <\/div>\n\t\t\t\t\t\t\t<\/div> \n\t\t\t\n        \n\t\t\t\t<div id=\"ngg-image-71\" class=\"ngg-gallery-thumbnail-box\" >\n\t\t\t\t        <div class=\"ngg-gallery-thumbnail\">\n            <a href=\"http:\/\/www.karate-neuhofen.at\/wp-content\/gallery\/10-sommercamp-2018\/Sommercamp20181072.JPG\"\n               title=\"\"\n               data-src=\"http:\/\/www.karate-neuhofen.at\/wp-content\/gallery\/10-sommercamp-2018\/Sommercamp20181072.JPG\"\n               data-thumbnail=\"http:\/\/www.karate-neuhofen.at\/wp-content\/gallery\/10-sommercamp-2018\/thumbs\/thumbs_Sommercamp20181072.JPG\"\n               data-image-id=\"20808\"\n               data-title=\"Sommercamp2018(1072)\"\n               data-description=\"\"\n               data-image-slug=\"sommercamp20181072\"\n               class=\"shutterset_14ea2dae3d90de67c1fc228ab12416d8\">\n                <img\n                    title=\"Sommercamp2018(1072)\"\n                    alt=\"Sommercamp2018(1072)\"\n                    src=\"http:\/\/www.karate-neuhofen.at\/wp-content\/gallery\/10-sommercamp-2018\/thumbs\/thumbs_Sommercamp20181072.JPG\"\n                    width=\"240\"\n                    height=\"160\"\n                    style=\"max-width:100%;\"\n                \/>\n            <\/a>\n        <\/div>\n\t\t\t\t\t\t\t<\/div> \n\t\t\t\n        \n\t\t\t\t<div id=\"ngg-image-72\" class=\"ngg-gallery-thumbnail-box\" >\n\t\t\t\t        <div class=\"ngg-gallery-thumbnail\">\n            <a href=\"http:\/\/www.karate-neuhofen.at\/wp-content\/gallery\/10-sommercamp-2018\/Sommercamp20181073.JPG\"\n               title=\"\"\n               data-src=\"http:\/\/www.karate-neuhofen.at\/wp-content\/gallery\/10-sommercamp-2018\/Sommercamp20181073.JPG\"\n               data-thumbnail=\"http:\/\/www.karate-neuhofen.at\/wp-content\/gallery\/10-sommercamp-2018\/thumbs\/thumbs_Sommercamp20181073.JPG\"\n               data-image-id=\"20809\"\n               data-title=\"Sommercamp2018(1073)\"\n               data-description=\"\"\n               data-image-slug=\"sommercamp20181073\"\n               class=\"shutterset_14ea2dae3d90de67c1fc228ab12416d8\">\n                <img\n                    title=\"Sommercamp2018(1073)\"\n                    alt=\"Sommercamp2018(1073)\"\n                    src=\"http:\/\/www.karate-neuhofen.at\/wp-content\/gallery\/10-sommercamp-2018\/thumbs\/thumbs_Sommercamp20181073.JPG\"\n                    width=\"240\"\n                    height=\"160\"\n                    style=\"max-width:100%;\"\n                \/>\n            <\/a>\n        <\/div>\n\t\t\t\t\t\t\t<\/div> \n\t\t\t\n        \n\t\t\t\t<div id=\"ngg-image-73\" class=\"ngg-gallery-thumbnail-box\" >\n\t\t\t\t        <div class=\"ngg-gallery-thumbnail\">\n            <a href=\"http:\/\/www.karate-neuhofen.at\/wp-content\/gallery\/10-sommercamp-2018\/Sommercamp20181074.JPG\"\n               title=\"\"\n               data-src=\"http:\/\/www.karate-neuhofen.at\/wp-content\/gallery\/10-sommercamp-2018\/Sommercamp20181074.JPG\"\n               data-thumbnail=\"http:\/\/www.karate-neuhofen.at\/wp-content\/gallery\/10-sommercamp-2018\/thumbs\/thumbs_Sommercamp20181074.JPG\"\n               data-image-id=\"20810\"\n               data-title=\"Sommercamp2018(1074)\"\n               data-description=\"\"\n               data-image-slug=\"sommercamp20181074\"\n               class=\"shutterset_14ea2dae3d90de67c1fc228ab12416d8\">\n                <img\n                    title=\"Sommercamp2018(1074)\"\n                    alt=\"Sommercamp2018(1074)\"\n                    src=\"http:\/\/www.karate-neuhofen.at\/wp-content\/gallery\/10-sommercamp-2018\/thumbs\/thumbs_Sommercamp20181074.JPG\"\n                    width=\"240\"\n                    height=\"160\"\n                    style=\"max-width:100%;\"\n                \/>\n            <\/a>\n        <\/div>\n\t\t\t\t\t\t\t<\/div> \n\t\t\t\n        \n\t\t\t\t<div id=\"ngg-image-74\" class=\"ngg-gallery-thumbnail-box\" >\n\t\t\t\t        <div class=\"ngg-gallery-thumbnail\">\n            <a href=\"http:\/\/www.karate-neuhofen.at\/wp-content\/gallery\/10-sommercamp-2018\/Sommercamp20181075.JPG\"\n               title=\"\"\n               data-src=\"http:\/\/www.karate-neuhofen.at\/wp-content\/gallery\/10-sommercamp-2018\/Sommercamp20181075.JPG\"\n               data-thumbnail=\"http:\/\/www.karate-neuhofen.at\/wp-content\/gallery\/10-sommercamp-2018\/thumbs\/thumbs_Sommercamp20181075.JPG\"\n               data-image-id=\"20811\"\n               data-title=\"Sommercamp2018(1075)\"\n               data-description=\"\"\n               data-image-slug=\"sommercamp20181075\"\n               class=\"shutterset_14ea2dae3d90de67c1fc228ab12416d8\">\n                <img\n                    title=\"Sommercamp2018(1075)\"\n                    alt=\"Sommercamp2018(1075)\"\n                    src=\"http:\/\/www.karate-neuhofen.at\/wp-content\/gallery\/10-sommercamp-2018\/thumbs\/thumbs_Sommercamp20181075.JPG\"\n                    width=\"240\"\n                    height=\"160\"\n                    style=\"max-width:100%;\"\n                \/>\n            <\/a>\n        <\/div>\n\t\t\t\t\t\t\t<\/div> \n\t\t\t\n        \n\t\t\t\t<div id=\"ngg-image-75\" class=\"ngg-gallery-thumbnail-box\" >\n\t\t\t\t        <div class=\"ngg-gallery-thumbnail\">\n            <a href=\"http:\/\/www.karate-neuhofen.at\/wp-content\/gallery\/10-sommercamp-2018\/Sommercamp20181076.JPG\"\n               title=\"\"\n               data-src=\"http:\/\/www.karate-neuhofen.at\/wp-content\/gallery\/10-sommercamp-2018\/Sommercamp20181076.JPG\"\n               data-thumbnail=\"http:\/\/www.karate-neuhofen.at\/wp-content\/gallery\/10-sommercamp-2018\/thumbs\/thumbs_Sommercamp20181076.JPG\"\n               data-image-id=\"20812\"\n               data-title=\"Sommercamp2018(1076)\"\n               data-description=\"\"\n               data-image-slug=\"sommercamp20181076\"\n               class=\"shutterset_14ea2dae3d90de67c1fc228ab12416d8\">\n                <img\n                    title=\"Sommercamp2018(1076)\"\n                    alt=\"Sommercamp2018(1076)\"\n                    src=\"http:\/\/www.karate-neuhofen.at\/wp-content\/gallery\/10-sommercamp-2018\/thumbs\/thumbs_Sommercamp20181076.JPG\"\n                    width=\"240\"\n                    height=\"160\"\n                    style=\"max-width:100%;\"\n                \/>\n            <\/a>\n        <\/div>\n\t\t\t\t\t\t\t<\/div> \n\t\t\t\n        \n\t\t\t\t<div id=\"ngg-image-76\" class=\"ngg-gallery-thumbnail-box\" >\n\t\t\t\t        <div class=\"ngg-gallery-thumbnail\">\n            <a href=\"http:\/\/www.karate-neuhofen.at\/wp-content\/gallery\/10-sommercamp-2018\/Sommercamp20181077.JPG\"\n               title=\"\"\n               data-src=\"http:\/\/www.karate-neuhofen.at\/wp-content\/gallery\/10-sommercamp-2018\/Sommercamp20181077.JPG\"\n               data-thumbnail=\"http:\/\/www.karate-neuhofen.at\/wp-content\/gallery\/10-sommercamp-2018\/thumbs\/thumbs_Sommercamp20181077.JPG\"\n               data-image-id=\"20813\"\n               data-title=\"Sommercamp2018(1077)\"\n               data-description=\"\"\n               data-image-slug=\"sommercamp20181077\"\n               class=\"shutterset_14ea2dae3d90de67c1fc228ab12416d8\">\n                <img\n                    title=\"Sommercamp2018(1077)\"\n                    alt=\"Sommercamp2018(1077)\"\n                    src=\"http:\/\/www.karate-neuhofen.at\/wp-content\/gallery\/10-sommercamp-2018\/thumbs\/thumbs_Sommercamp20181077.JPG\"\n                    width=\"240\"\n                    height=\"160\"\n                    style=\"max-width:100%;\"\n                \/>\n            <\/a>\n        <\/div>\n\t\t\t\t\t\t\t<\/div> \n\t\t\t\n        \n\t\t\t\t<div id=\"ngg-image-77\" class=\"ngg-gallery-thumbnail-box\" >\n\t\t\t\t        <div class=\"ngg-gallery-thumbnail\">\n            <a href=\"http:\/\/www.karate-neuhofen.at\/wp-content\/gallery\/10-sommercamp-2018\/Sommercamp20181078.JPG\"\n               title=\"\"\n               data-src=\"http:\/\/www.karate-neuhofen.at\/wp-content\/gallery\/10-sommercamp-2018\/Sommercamp20181078.JPG\"\n               data-thumbnail=\"http:\/\/www.karate-neuhofen.at\/wp-content\/gallery\/10-sommercamp-2018\/thumbs\/thumbs_Sommercamp20181078.JPG\"\n               data-image-id=\"20814\"\n               data-title=\"Sommercamp2018(1078)\"\n               data-description=\"\"\n               data-image-slug=\"sommercamp20181078\"\n               class=\"shutterset_14ea2dae3d90de67c1fc228ab12416d8\">\n                <img\n                    title=\"Sommercamp2018(1078)\"\n                    alt=\"Sommercamp2018(1078)\"\n                    src=\"http:\/\/www.karate-neuhofen.at\/wp-content\/gallery\/10-sommercamp-2018\/thumbs\/thumbs_Sommercamp20181078.JPG\"\n                    width=\"240\"\n                    height=\"160\"\n                    style=\"max-width:100%;\"\n                \/>\n            <\/a>\n        <\/div>\n\t\t\t\t\t\t\t<\/div> \n\t\t\t\n        \n\t\t\t\t<div id=\"ngg-image-78\" class=\"ngg-gallery-thumbnail-box\" >\n\t\t\t\t        <div class=\"ngg-gallery-thumbnail\">\n            <a href=\"http:\/\/www.karate-neuhofen.at\/wp-content\/gallery\/10-sommercamp-2018\/Sommercamp20181079.JPG\"\n               title=\"\"\n               data-src=\"http:\/\/www.karate-neuhofen.at\/wp-content\/gallery\/10-sommercamp-2018\/Sommercamp20181079.JPG\"\n               data-thumbnail=\"http:\/\/www.karate-neuhofen.at\/wp-content\/gallery\/10-sommercamp-2018\/thumbs\/thumbs_Sommercamp20181079.JPG\"\n               data-image-id=\"20815\"\n               data-title=\"Sommercamp2018(1079)\"\n               data-description=\"\"\n               data-image-slug=\"sommercamp20181079\"\n               class=\"shutterset_14ea2dae3d90de67c1fc228ab12416d8\">\n                <img\n                    title=\"Sommercamp2018(1079)\"\n                    alt=\"Sommercamp2018(1079)\"\n                    src=\"http:\/\/www.karate-neuhofen.at\/wp-content\/gallery\/10-sommercamp-2018\/thumbs\/thumbs_Sommercamp20181079.JPG\"\n                    width=\"240\"\n                    height=\"160\"\n                    style=\"max-width:100%;\"\n                \/>\n            <\/a>\n        <\/div>\n\t\t\t\t\t\t\t<\/div> \n\t\t\t\n        \n\t\t\t\t<div id=\"ngg-image-79\" class=\"ngg-gallery-thumbnail-box\" >\n\t\t\t\t        <div class=\"ngg-gallery-thumbnail\">\n            <a href=\"http:\/\/www.karate-neuhofen.at\/wp-content\/gallery\/10-sommercamp-2018\/Sommercamp20181080.JPG\"\n               title=\"\"\n               data-src=\"http:\/\/www.karate-neuhofen.at\/wp-content\/gallery\/10-sommercamp-2018\/Sommercamp20181080.JPG\"\n               data-thumbnail=\"http:\/\/www.karate-neuhofen.at\/wp-content\/gallery\/10-sommercamp-2018\/thumbs\/thumbs_Sommercamp20181080.JPG\"\n               data-image-id=\"20816\"\n               data-title=\"Sommercamp2018(1080)\"\n               data-description=\"\"\n               data-image-slug=\"sommercamp20181080\"\n               class=\"shutterset_14ea2dae3d90de67c1fc228ab12416d8\">\n                <img\n                    title=\"Sommercamp2018(1080)\"\n                    alt=\"Sommercamp2018(1080)\"\n                    src=\"http:\/\/www.karate-neuhofen.at\/wp-content\/gallery\/10-sommercamp-2018\/thumbs\/thumbs_Sommercamp20181080.JPG\"\n                    width=\"240\"\n                    height=\"160\"\n                    style=\"max-width:100%;\"\n                \/>\n            <\/a>\n        <\/div>\n\t\t\t\t\t\t\t<\/div> \n\t\t\t\n        \n\t\t\t\t<div id=\"ngg-image-80\" class=\"ngg-gallery-thumbnail-box\" >\n\t\t\t\t        <div class=\"ngg-gallery-thumbnail\">\n            <a href=\"http:\/\/www.karate-neuhofen.at\/wp-content\/gallery\/10-sommercamp-2018\/Sommercamp20181081.JPG\"\n               title=\"\"\n               data-src=\"http:\/\/www.karate-neuhofen.at\/wp-content\/gallery\/10-sommercamp-2018\/Sommercamp20181081.JPG\"\n               data-thumbnail=\"http:\/\/www.karate-neuhofen.at\/wp-content\/gallery\/10-sommercamp-2018\/thumbs\/thumbs_Sommercamp20181081.JPG\"\n               data-image-id=\"20817\"\n               data-title=\"Sommercamp2018(1081)\"\n               data-description=\"\"\n               data-image-slug=\"sommercamp20181081\"\n               class=\"shutterset_14ea2dae3d90de67c1fc228ab12416d8\">\n                <img\n                    title=\"Sommercamp2018(1081)\"\n                    alt=\"Sommercamp2018(1081)\"\n                    src=\"http:\/\/www.karate-neuhofen.at\/wp-content\/gallery\/10-sommercamp-2018\/thumbs\/thumbs_Sommercamp20181081.JPG\"\n                    width=\"240\"\n                    height=\"160\"\n                    style=\"max-width:100%;\"\n                \/>\n            <\/a>\n        <\/div>\n\t\t\t\t\t\t\t<\/div> \n\t\t\t\n        \n\t\t\t\t<div id=\"ngg-image-81\" class=\"ngg-gallery-thumbnail-box\" >\n\t\t\t\t        <div class=\"ngg-gallery-thumbnail\">\n            <a href=\"http:\/\/www.karate-neuhofen.at\/wp-content\/gallery\/10-sommercamp-2018\/Sommercamp20181082.JPG\"\n               title=\"\"\n               data-src=\"http:\/\/www.karate-neuhofen.at\/wp-content\/gallery\/10-sommercamp-2018\/Sommercamp20181082.JPG\"\n               data-thumbnail=\"http:\/\/www.karate-neuhofen.at\/wp-content\/gallery\/10-sommercamp-2018\/thumbs\/thumbs_Sommercamp20181082.JPG\"\n               data-image-id=\"20818\"\n               data-title=\"Sommercamp2018(1082)\"\n               data-description=\"\"\n               data-image-slug=\"sommercamp20181082\"\n               class=\"shutterset_14ea2dae3d90de67c1fc228ab12416d8\">\n                <img\n                    title=\"Sommercamp2018(1082)\"\n                    alt=\"Sommercamp2018(1082)\"\n                    src=\"http:\/\/www.karate-neuhofen.at\/wp-content\/gallery\/10-sommercamp-2018\/thumbs\/thumbs_Sommercamp20181082.JPG\"\n                    width=\"240\"\n                    height=\"160\"\n                    style=\"max-width:100%;\"\n                \/>\n            <\/a>\n        <\/div>\n\t\t\t\t\t\t\t<\/div> \n\t\t\t\n        \n\t\t\t\t<div id=\"ngg-image-82\" class=\"ngg-gallery-thumbnail-box\" >\n\t\t\t\t        <div class=\"ngg-gallery-thumbnail\">\n            <a href=\"http:\/\/www.karate-neuhofen.at\/wp-content\/gallery\/10-sommercamp-2018\/Sommercamp20181083.JPG\"\n               title=\"\"\n               data-src=\"http:\/\/www.karate-neuhofen.at\/wp-content\/gallery\/10-sommercamp-2018\/Sommercamp20181083.JPG\"\n               data-thumbnail=\"http:\/\/www.karate-neuhofen.at\/wp-content\/gallery\/10-sommercamp-2018\/thumbs\/thumbs_Sommercamp20181083.JPG\"\n               data-image-id=\"20819\"\n               data-title=\"Sommercamp2018(1083)\"\n               data-description=\"\"\n               data-image-slug=\"sommercamp20181083\"\n               class=\"shutterset_14ea2dae3d90de67c1fc228ab12416d8\">\n                <img\n                    title=\"Sommercamp2018(1083)\"\n                    alt=\"Sommercamp2018(1083)\"\n                    src=\"http:\/\/www.karate-neuhofen.at\/wp-content\/gallery\/10-sommercamp-2018\/thumbs\/thumbs_Sommercamp20181083.JPG\"\n                    width=\"240\"\n                    height=\"160\"\n                    style=\"max-width:100%;\"\n                \/>\n            <\/a>\n        <\/div>\n\t\t\t\t\t\t\t<\/div> \n\t\t\t\n        \n\t\t\t\t<div id=\"ngg-image-83\" class=\"ngg-gallery-thumbnail-box\" >\n\t\t\t\t        <div class=\"ngg-gallery-thumbnail\">\n            <a href=\"http:\/\/www.karate-neuhofen.at\/wp-content\/gallery\/10-sommercamp-2018\/Sommercamp20181084.JPG\"\n               title=\"\"\n               data-src=\"http:\/\/www.karate-neuhofen.at\/wp-content\/gallery\/10-sommercamp-2018\/Sommercamp20181084.JPG\"\n               data-thumbnail=\"http:\/\/www.karate-neuhofen.at\/wp-content\/gallery\/10-sommercamp-2018\/thumbs\/thumbs_Sommercamp20181084.JPG\"\n               data-image-id=\"20820\"\n               data-title=\"Sommercamp2018(1084)\"\n               data-description=\"\"\n               data-image-slug=\"sommercamp20181084\"\n               class=\"shutterset_14ea2dae3d90de67c1fc228ab12416d8\">\n                <img\n                    title=\"Sommercamp2018(1084)\"\n                    alt=\"Sommercamp2018(1084)\"\n                    src=\"http:\/\/www.karate-neuhofen.at\/wp-content\/gallery\/10-sommercamp-2018\/thumbs\/thumbs_Sommercamp20181084.JPG\"\n                    width=\"240\"\n                    height=\"160\"\n                    style=\"max-width:100%;\"\n                \/>\n            <\/a>\n        <\/div>\n\t\t\t\t\t\t\t<\/div> \n\t\t\t\n        \n\t\t\t\t<div id=\"ngg-image-84\" class=\"ngg-gallery-thumbnail-box\" >\n\t\t\t\t        <div class=\"ngg-gallery-thumbnail\">\n            <a href=\"http:\/\/www.karate-neuhofen.at\/wp-content\/gallery\/10-sommercamp-2018\/Sommercamp20181085.JPG\"\n               title=\"\"\n               data-src=\"http:\/\/www.karate-neuhofen.at\/wp-content\/gallery\/10-sommercamp-2018\/Sommercamp20181085.JPG\"\n               data-thumbnail=\"http:\/\/www.karate-neuhofen.at\/wp-content\/gallery\/10-sommercamp-2018\/thumbs\/thumbs_Sommercamp20181085.JPG\"\n               data-image-id=\"20821\"\n               data-title=\"Sommercamp2018(1085)\"\n               data-description=\"\"\n               data-image-slug=\"sommercamp20181085\"\n               class=\"shutterset_14ea2dae3d90de67c1fc228ab12416d8\">\n                <img\n                    title=\"Sommercamp2018(1085)\"\n                    alt=\"Sommercamp2018(1085)\"\n                    src=\"http:\/\/www.karate-neuhofen.at\/wp-content\/gallery\/10-sommercamp-2018\/thumbs\/thumbs_Sommercamp20181085.JPG\"\n                    width=\"240\"\n                    height=\"160\"\n                    style=\"max-width:100%;\"\n                \/>\n            <\/a>\n        <\/div>\n\t\t\t\t\t\t\t<\/div> \n\t\t\t\n        \n\t\t\t\t<div id=\"ngg-image-85\" class=\"ngg-gallery-thumbnail-box\" >\n\t\t\t\t        <div class=\"ngg-gallery-thumbnail\">\n            <a href=\"http:\/\/www.karate-neuhofen.at\/wp-content\/gallery\/10-sommercamp-2018\/Sommercamp20181086.JPG\"\n               title=\"\"\n               data-src=\"http:\/\/www.karate-neuhofen.at\/wp-content\/gallery\/10-sommercamp-2018\/Sommercamp20181086.JPG\"\n               data-thumbnail=\"http:\/\/www.karate-neuhofen.at\/wp-content\/gallery\/10-sommercamp-2018\/thumbs\/thumbs_Sommercamp20181086.JPG\"\n               data-image-id=\"20822\"\n               data-title=\"Sommercamp2018(1086)\"\n               data-description=\"\"\n               data-image-slug=\"sommercamp20181086\"\n               class=\"shutterset_14ea2dae3d90de67c1fc228ab12416d8\">\n                <img\n                    title=\"Sommercamp2018(1086)\"\n                    alt=\"Sommercamp2018(1086)\"\n                    src=\"http:\/\/www.karate-neuhofen.at\/wp-content\/gallery\/10-sommercamp-2018\/thumbs\/thumbs_Sommercamp20181086.JPG\"\n                    width=\"240\"\n                    height=\"160\"\n                    style=\"max-width:100%;\"\n                \/>\n            <\/a>\n        <\/div>\n\t\t\t\t\t\t\t<\/div> \n\t\t\t\n        \n\t\t\t\t<div id=\"ngg-image-86\" class=\"ngg-gallery-thumbnail-box\" >\n\t\t\t\t        <div class=\"ngg-gallery-thumbnail\">\n            <a href=\"http:\/\/www.karate-neuhofen.at\/wp-content\/gallery\/10-sommercamp-2018\/Sommercamp20181087.JPG\"\n               title=\"\"\n               data-src=\"http:\/\/www.karate-neuhofen.at\/wp-content\/gallery\/10-sommercamp-2018\/Sommercamp20181087.JPG\"\n               data-thumbnail=\"http:\/\/www.karate-neuhofen.at\/wp-content\/gallery\/10-sommercamp-2018\/thumbs\/thumbs_Sommercamp20181087.JPG\"\n               data-image-id=\"20823\"\n               data-title=\"Sommercamp2018(1087)\"\n               data-description=\"\"\n               data-image-slug=\"sommercamp20181087\"\n               class=\"shutterset_14ea2dae3d90de67c1fc228ab12416d8\">\n                <img\n                    title=\"Sommercamp2018(1087)\"\n                    alt=\"Sommercamp2018(1087)\"\n                    src=\"http:\/\/www.karate-neuhofen.at\/wp-content\/gallery\/10-sommercamp-2018\/thumbs\/thumbs_Sommercamp20181087.JPG\"\n                    width=\"240\"\n                    height=\"160\"\n                    style=\"max-width:100%;\"\n                \/>\n            <\/a>\n        <\/div>\n\t\t\t\t\t\t\t<\/div> \n\t\t\t\n        \n\t\t\t\t<div id=\"ngg-image-87\" class=\"ngg-gallery-thumbnail-box\" >\n\t\t\t\t        <div class=\"ngg-gallery-thumbnail\">\n            <a href=\"http:\/\/www.karate-neuhofen.at\/wp-content\/gallery\/10-sommercamp-2018\/Sommercamp20181088.JPG\"\n               title=\"\"\n               data-src=\"http:\/\/www.karate-neuhofen.at\/wp-content\/gallery\/10-sommercamp-2018\/Sommercamp20181088.JPG\"\n               data-thumbnail=\"http:\/\/www.karate-neuhofen.at\/wp-content\/gallery\/10-sommercamp-2018\/thumbs\/thumbs_Sommercamp20181088.JPG\"\n               data-image-id=\"20824\"\n               data-title=\"Sommercamp2018(1088)\"\n               data-description=\"\"\n               data-image-slug=\"sommercamp20181088\"\n               class=\"shutterset_14ea2dae3d90de67c1fc228ab12416d8\">\n                <img\n                    title=\"Sommercamp2018(1088)\"\n                    alt=\"Sommercamp2018(1088)\"\n                    src=\"http:\/\/www.karate-neuhofen.at\/wp-content\/gallery\/10-sommercamp-2018\/thumbs\/thumbs_Sommercamp20181088.JPG\"\n                    width=\"240\"\n                    height=\"160\"\n                    style=\"max-width:100%;\"\n                \/>\n            <\/a>\n        <\/div>\n\t\t\t\t\t\t\t<\/div> \n\t\t\t\n        \n\t\t\t\t<div id=\"ngg-image-88\" class=\"ngg-gallery-thumbnail-box\" >\n\t\t\t\t        <div class=\"ngg-gallery-thumbnail\">\n            <a href=\"http:\/\/www.karate-neuhofen.at\/wp-content\/gallery\/10-sommercamp-2018\/Sommercamp20181089.JPG\"\n               title=\"\"\n               data-src=\"http:\/\/www.karate-neuhofen.at\/wp-content\/gallery\/10-sommercamp-2018\/Sommercamp20181089.JPG\"\n               data-thumbnail=\"http:\/\/www.karate-neuhofen.at\/wp-content\/gallery\/10-sommercamp-2018\/thumbs\/thumbs_Sommercamp20181089.JPG\"\n               data-image-id=\"20825\"\n               data-title=\"Sommercamp2018(1089)\"\n               data-description=\"\"\n               data-image-slug=\"sommercamp20181089\"\n               class=\"shutterset_14ea2dae3d90de67c1fc228ab12416d8\">\n                <img\n                    title=\"Sommercamp2018(1089)\"\n                    alt=\"Sommercamp2018(1089)\"\n                    src=\"http:\/\/www.karate-neuhofen.at\/wp-content\/gallery\/10-sommercamp-2018\/thumbs\/thumbs_Sommercamp20181089.JPG\"\n                    width=\"240\"\n                    height=\"160\"\n                    style=\"max-width:100%;\"\n                \/>\n            <\/a>\n        <\/div>\n\t\t\t\t\t\t\t<\/div> \n\t\t\t\n        \n\t\t\t\t<div id=\"ngg-image-89\" class=\"ngg-gallery-thumbnail-box\" >\n\t\t\t\t        <div class=\"ngg-gallery-thumbnail\">\n            <a href=\"http:\/\/www.karate-neuhofen.at\/wp-content\/gallery\/10-sommercamp-2018\/Sommercamp20181090.JPG\"\n               title=\"\"\n               data-src=\"http:\/\/www.karate-neuhofen.at\/wp-content\/gallery\/10-sommercamp-2018\/Sommercamp20181090.JPG\"\n               data-thumbnail=\"http:\/\/www.karate-neuhofen.at\/wp-content\/gallery\/10-sommercamp-2018\/thumbs\/thumbs_Sommercamp20181090.JPG\"\n               data-image-id=\"20826\"\n               data-title=\"Sommercamp2018(1090)\"\n               data-description=\"\"\n               data-image-slug=\"sommercamp20181090\"\n               class=\"shutterset_14ea2dae3d90de67c1fc228ab12416d8\">\n                <img\n                    title=\"Sommercamp2018(1090)\"\n                    alt=\"Sommercamp2018(1090)\"\n                    src=\"http:\/\/www.karate-neuhofen.at\/wp-content\/gallery\/10-sommercamp-2018\/thumbs\/thumbs_Sommercamp20181090.JPG\"\n                    width=\"240\"\n                    height=\"160\"\n                    style=\"max-width:100%;\"\n                \/>\n            <\/a>\n        <\/div>\n\t\t\t\t\t\t\t<\/div> \n\t\t\t\n        \n\t\t\t\t<div id=\"ngg-image-90\" class=\"ngg-gallery-thumbnail-box\" >\n\t\t\t\t        <div class=\"ngg-gallery-thumbnail\">\n            <a href=\"http:\/\/www.karate-neuhofen.at\/wp-content\/gallery\/10-sommercamp-2018\/Sommercamp20181091.JPG\"\n               title=\"\"\n               data-src=\"http:\/\/www.karate-neuhofen.at\/wp-content\/gallery\/10-sommercamp-2018\/Sommercamp20181091.JPG\"\n               data-thumbnail=\"http:\/\/www.karate-neuhofen.at\/wp-content\/gallery\/10-sommercamp-2018\/thumbs\/thumbs_Sommercamp20181091.JPG\"\n               data-image-id=\"20827\"\n               data-title=\"Sommercamp2018(1091)\"\n               data-description=\"\"\n               data-image-slug=\"sommercamp20181091\"\n               class=\"shutterset_14ea2dae3d90de67c1fc228ab12416d8\">\n                <img\n                    title=\"Sommercamp2018(1091)\"\n                    alt=\"Sommercamp2018(1091)\"\n                    src=\"http:\/\/www.karate-neuhofen.at\/wp-content\/gallery\/10-sommercamp-2018\/thumbs\/thumbs_Sommercamp20181091.JPG\"\n                    width=\"240\"\n                    height=\"160\"\n                    style=\"max-width:100%;\"\n                \/>\n            <\/a>\n        <\/div>\n\t\t\t\t\t\t\t<\/div> \n\t\t\t\n        \n\t\t\t\t<div id=\"ngg-image-91\" class=\"ngg-gallery-thumbnail-box\" >\n\t\t\t\t        <div class=\"ngg-gallery-thumbnail\">\n            <a href=\"http:\/\/www.karate-neuhofen.at\/wp-content\/gallery\/10-sommercamp-2018\/Sommercamp20181092.JPG\"\n               title=\"\"\n               data-src=\"http:\/\/www.karate-neuhofen.at\/wp-content\/gallery\/10-sommercamp-2018\/Sommercamp20181092.JPG\"\n               data-thumbnail=\"http:\/\/www.karate-neuhofen.at\/wp-content\/gallery\/10-sommercamp-2018\/thumbs\/thumbs_Sommercamp20181092.JPG\"\n               data-image-id=\"20828\"\n               data-title=\"Sommercamp2018(1092)\"\n               data-description=\"\"\n               data-image-slug=\"sommercamp20181092\"\n               class=\"shutterset_14ea2dae3d90de67c1fc228ab12416d8\">\n                <img\n                    title=\"Sommercamp2018(1092)\"\n                    alt=\"Sommercamp2018(1092)\"\n                    src=\"http:\/\/www.karate-neuhofen.at\/wp-content\/gallery\/10-sommercamp-2018\/thumbs\/thumbs_Sommercamp20181092.JPG\"\n                    width=\"240\"\n                    height=\"160\"\n                    style=\"max-width:100%;\"\n                \/>\n            <\/a>\n        <\/div>\n\t\t\t\t\t\t\t<\/div> \n\t\t\t\n        \n\t\t\t\t<div id=\"ngg-image-92\" class=\"ngg-gallery-thumbnail-box\" >\n\t\t\t\t        <div class=\"ngg-gallery-thumbnail\">\n            <a href=\"http:\/\/www.karate-neuhofen.at\/wp-content\/gallery\/10-sommercamp-2018\/Sommercamp20181093.JPG\"\n               title=\"\"\n               data-src=\"http:\/\/www.karate-neuhofen.at\/wp-content\/gallery\/10-sommercamp-2018\/Sommercamp20181093.JPG\"\n               data-thumbnail=\"http:\/\/www.karate-neuhofen.at\/wp-content\/gallery\/10-sommercamp-2018\/thumbs\/thumbs_Sommercamp20181093.JPG\"\n               data-image-id=\"20829\"\n               data-title=\"Sommercamp2018(1093)\"\n               data-description=\"\"\n               data-image-slug=\"sommercamp20181093\"\n               class=\"shutterset_14ea2dae3d90de67c1fc228ab12416d8\">\n                <img\n                    title=\"Sommercamp2018(1093)\"\n                    alt=\"Sommercamp2018(1093)\"\n                    src=\"http:\/\/www.karate-neuhofen.at\/wp-content\/gallery\/10-sommercamp-2018\/thumbs\/thumbs_Sommercamp20181093.JPG\"\n                    width=\"240\"\n                    height=\"160\"\n                    style=\"max-width:100%;\"\n                \/>\n            <\/a>\n        <\/div>\n\t\t\t\t\t\t\t<\/div> \n\t\t\t\n        \n\t\t\t\t<div id=\"ngg-image-93\" class=\"ngg-gallery-thumbnail-box\" >\n\t\t\t\t        <div class=\"ngg-gallery-thumbnail\">\n            <a href=\"http:\/\/www.karate-neuhofen.at\/wp-content\/gallery\/10-sommercamp-2018\/Sommercamp20181094.JPG\"\n               title=\"\"\n               data-src=\"http:\/\/www.karate-neuhofen.at\/wp-content\/gallery\/10-sommercamp-2018\/Sommercamp20181094.JPG\"\n               data-thumbnail=\"http:\/\/www.karate-neuhofen.at\/wp-content\/gallery\/10-sommercamp-2018\/thumbs\/thumbs_Sommercamp20181094.JPG\"\n               data-image-id=\"20830\"\n               data-title=\"Sommercamp2018(1094)\"\n               data-description=\"\"\n               data-image-slug=\"sommercamp20181094\"\n               class=\"shutterset_14ea2dae3d90de67c1fc228ab12416d8\">\n                <img\n                    title=\"Sommercamp2018(1094)\"\n                    alt=\"Sommercamp2018(1094)\"\n                    src=\"http:\/\/www.karate-neuhofen.at\/wp-content\/gallery\/10-sommercamp-2018\/thumbs\/thumbs_Sommercamp20181094.JPG\"\n                    width=\"240\"\n                    height=\"160\"\n                    style=\"max-width:100%;\"\n                \/>\n            <\/a>\n        <\/div>\n\t\t\t\t\t\t\t<\/div> \n\t\t\t\n        \n\t\t\t\t<div id=\"ngg-image-94\" class=\"ngg-gallery-thumbnail-box\" >\n\t\t\t\t        <div class=\"ngg-gallery-thumbnail\">\n            <a href=\"http:\/\/www.karate-neuhofen.at\/wp-content\/gallery\/10-sommercamp-2018\/Sommercamp20181095.JPG\"\n               title=\"\"\n               data-src=\"http:\/\/www.karate-neuhofen.at\/wp-content\/gallery\/10-sommercamp-2018\/Sommercamp20181095.JPG\"\n               data-thumbnail=\"http:\/\/www.karate-neuhofen.at\/wp-content\/gallery\/10-sommercamp-2018\/thumbs\/thumbs_Sommercamp20181095.JPG\"\n               data-image-id=\"20831\"\n               data-title=\"Sommercamp2018(1095)\"\n               data-description=\"\"\n               data-image-slug=\"sommercamp20181095\"\n               class=\"shutterset_14ea2dae3d90de67c1fc228ab12416d8\">\n                <img\n                    title=\"Sommercamp2018(1095)\"\n                    alt=\"Sommercamp2018(1095)\"\n                    src=\"http:\/\/www.karate-neuhofen.at\/wp-content\/gallery\/10-sommercamp-2018\/thumbs\/thumbs_Sommercamp20181095.JPG\"\n                    width=\"240\"\n                    height=\"160\"\n                    style=\"max-width:100%;\"\n                \/>\n            <\/a>\n        <\/div>\n\t\t\t\t\t\t\t<\/div> \n\t\t\t\n        \n\t\t\t\t<div id=\"ngg-image-95\" class=\"ngg-gallery-thumbnail-box\" >\n\t\t\t\t        <div class=\"ngg-gallery-thumbnail\">\n            <a href=\"http:\/\/www.karate-neuhofen.at\/wp-content\/gallery\/10-sommercamp-2018\/Sommercamp20181096.JPG\"\n               title=\"\"\n               data-src=\"http:\/\/www.karate-neuhofen.at\/wp-content\/gallery\/10-sommercamp-2018\/Sommercamp20181096.JPG\"\n               data-thumbnail=\"http:\/\/www.karate-neuhofen.at\/wp-content\/gallery\/10-sommercamp-2018\/thumbs\/thumbs_Sommercamp20181096.JPG\"\n               data-image-id=\"20832\"\n               data-title=\"Sommercamp2018(1096)\"\n               data-description=\"\"\n               data-image-slug=\"sommercamp20181096\"\n               class=\"shutterset_14ea2dae3d90de67c1fc228ab12416d8\">\n                <img\n                    title=\"Sommercamp2018(1096)\"\n                    alt=\"Sommercamp2018(1096)\"\n                    src=\"http:\/\/www.karate-neuhofen.at\/wp-content\/gallery\/10-sommercamp-2018\/thumbs\/thumbs_Sommercamp20181096.JPG\"\n                    width=\"240\"\n                    height=\"160\"\n                    style=\"max-width:100%;\"\n                \/>\n            <\/a>\n        <\/div>\n\t\t\t\t\t\t\t<\/div> \n\t\t\t\n        \n\t\t\t\t<div id=\"ngg-image-96\" class=\"ngg-gallery-thumbnail-box\" >\n\t\t\t\t        <div class=\"ngg-gallery-thumbnail\">\n            <a href=\"http:\/\/www.karate-neuhofen.at\/wp-content\/gallery\/10-sommercamp-2018\/Sommercamp20181097.JPG\"\n               title=\"\"\n               data-src=\"http:\/\/www.karate-neuhofen.at\/wp-content\/gallery\/10-sommercamp-2018\/Sommercamp20181097.JPG\"\n               data-thumbnail=\"http:\/\/www.karate-neuhofen.at\/wp-content\/gallery\/10-sommercamp-2018\/thumbs\/thumbs_Sommercamp20181097.JPG\"\n               data-image-id=\"20833\"\n               data-title=\"Sommercamp2018(1097)\"\n               data-description=\"\"\n               data-image-slug=\"sommercamp20181097\"\n               class=\"shutterset_14ea2dae3d90de67c1fc228ab12416d8\">\n                <img\n                    title=\"Sommercamp2018(1097)\"\n                    alt=\"Sommercamp2018(1097)\"\n                    src=\"http:\/\/www.karate-neuhofen.at\/wp-content\/gallery\/10-sommercamp-2018\/thumbs\/thumbs_Sommercamp20181097.JPG\"\n                    width=\"240\"\n                    height=\"160\"\n                    style=\"max-width:100%;\"\n                \/>\n            <\/a>\n        <\/div>\n\t\t\t\t\t\t\t<\/div> \n\t\t\t\n        \n\t\t\t\t<div id=\"ngg-image-97\" class=\"ngg-gallery-thumbnail-box\" >\n\t\t\t\t        <div class=\"ngg-gallery-thumbnail\">\n            <a href=\"http:\/\/www.karate-neuhofen.at\/wp-content\/gallery\/10-sommercamp-2018\/Sommercamp20181098.JPG\"\n               title=\"\"\n               data-src=\"http:\/\/www.karate-neuhofen.at\/wp-content\/gallery\/10-sommercamp-2018\/Sommercamp20181098.JPG\"\n               data-thumbnail=\"http:\/\/www.karate-neuhofen.at\/wp-content\/gallery\/10-sommercamp-2018\/thumbs\/thumbs_Sommercamp20181098.JPG\"\n               data-image-id=\"20834\"\n               data-title=\"Sommercamp2018(1098)\"\n               data-description=\"\"\n               data-image-slug=\"sommercamp20181098\"\n               class=\"shutterset_14ea2dae3d90de67c1fc228ab12416d8\">\n                <img\n                    title=\"Sommercamp2018(1098)\"\n                    alt=\"Sommercamp2018(1098)\"\n                    src=\"http:\/\/www.karate-neuhofen.at\/wp-content\/gallery\/10-sommercamp-2018\/thumbs\/thumbs_Sommercamp20181098.JPG\"\n                    width=\"240\"\n                    height=\"160\"\n                    style=\"max-width:100%;\"\n                \/>\n            <\/a>\n        <\/div>\n\t\t\t\t\t\t\t<\/div> \n\t\t\t\n        \n\t\t\t\t<div id=\"ngg-image-98\" class=\"ngg-gallery-thumbnail-box\" >\n\t\t\t\t        <div class=\"ngg-gallery-thumbnail\">\n            <a href=\"http:\/\/www.karate-neuhofen.at\/wp-content\/gallery\/10-sommercamp-2018\/Sommercamp20181099.JPG\"\n               title=\"\"\n               data-src=\"http:\/\/www.karate-neuhofen.at\/wp-content\/gallery\/10-sommercamp-2018\/Sommercamp20181099.JPG\"\n               data-thumbnail=\"http:\/\/www.karate-neuhofen.at\/wp-content\/gallery\/10-sommercamp-2018\/thumbs\/thumbs_Sommercamp20181099.JPG\"\n               data-image-id=\"20835\"\n               data-title=\"Sommercamp2018(1099)\"\n               data-description=\"\"\n               data-image-slug=\"sommercamp20181099\"\n               class=\"shutterset_14ea2dae3d90de67c1fc228ab12416d8\">\n                <img\n                    title=\"Sommercamp2018(1099)\"\n                    alt=\"Sommercamp2018(1099)\"\n                    src=\"http:\/\/www.karate-neuhofen.at\/wp-content\/gallery\/10-sommercamp-2018\/thumbs\/thumbs_Sommercamp20181099.JPG\"\n                    width=\"240\"\n                    height=\"160\"\n                    style=\"max-width:100%;\"\n                \/>\n            <\/a>\n        <\/div>\n\t\t\t\t\t\t\t<\/div> \n\t\t\t\n        \n\t\t\t\t<div id=\"ngg-image-99\" class=\"ngg-gallery-thumbnail-box\" >\n\t\t\t\t        <div class=\"ngg-gallery-thumbnail\">\n            <a href=\"http:\/\/www.karate-neuhofen.at\/wp-content\/gallery\/10-sommercamp-2018\/Sommercamp20181100.JPG\"\n               title=\"\"\n               data-src=\"http:\/\/www.karate-neuhofen.at\/wp-content\/gallery\/10-sommercamp-2018\/Sommercamp20181100.JPG\"\n               data-thumbnail=\"http:\/\/www.karate-neuhofen.at\/wp-content\/gallery\/10-sommercamp-2018\/thumbs\/thumbs_Sommercamp20181100.JPG\"\n               data-image-id=\"20836\"\n               data-title=\"Sommercamp2018(1100)\"\n               data-description=\"\"\n               data-image-slug=\"sommercamp20181100\"\n               class=\"shutterset_14ea2dae3d90de67c1fc228ab12416d8\">\n                <img\n                    title=\"Sommercamp2018(1100)\"\n                    alt=\"Sommercamp2018(1100)\"\n                    src=\"http:\/\/www.karate-neuhofen.at\/wp-content\/gallery\/10-sommercamp-2018\/thumbs\/thumbs_Sommercamp20181100.JPG\"\n                    width=\"240\"\n                    height=\"160\"\n                    style=\"max-width:100%;\"\n                \/>\n            <\/a>\n        <\/div>\n\t\t\t\t\t\t\t<\/div> \n\t\t\t\n        \n\t\t\t\t<div id=\"ngg-image-100\" class=\"ngg-gallery-thumbnail-box\" >\n\t\t\t\t        <div class=\"ngg-gallery-thumbnail\">\n            <a href=\"http:\/\/www.karate-neuhofen.at\/wp-content\/gallery\/10-sommercamp-2018\/Sommercamp20181101.JPG\"\n               title=\"\"\n               data-src=\"http:\/\/www.karate-neuhofen.at\/wp-content\/gallery\/10-sommercamp-2018\/Sommercamp20181101.JPG\"\n               data-thumbnail=\"http:\/\/www.karate-neuhofen.at\/wp-content\/gallery\/10-sommercamp-2018\/thumbs\/thumbs_Sommercamp20181101.JPG\"\n               data-image-id=\"20837\"\n               data-title=\"Sommercamp2018(1101)\"\n               data-description=\"\"\n               data-image-slug=\"sommercamp20181101\"\n               class=\"shutterset_14ea2dae3d90de67c1fc228ab12416d8\">\n                <img\n                    title=\"Sommercamp2018(1101)\"\n                    alt=\"Sommercamp2018(1101)\"\n                    src=\"http:\/\/www.karate-neuhofen.at\/wp-content\/gallery\/10-sommercamp-2018\/thumbs\/thumbs_Sommercamp20181101.JPG\"\n                    width=\"240\"\n                    height=\"160\"\n                    style=\"max-width:100%;\"\n                \/>\n            <\/a>\n        <\/div>\n\t\t\t\t\t\t\t<\/div> \n\t\t\t\n        \n\t\t\t\t<div id=\"ngg-image-101\" class=\"ngg-gallery-thumbnail-box\" >\n\t\t\t\t        <div class=\"ngg-gallery-thumbnail\">\n            <a href=\"http:\/\/www.karate-neuhofen.at\/wp-content\/gallery\/10-sommercamp-2018\/Sommercamp20181102.JPG\"\n               title=\"\"\n               data-src=\"http:\/\/www.karate-neuhofen.at\/wp-content\/gallery\/10-sommercamp-2018\/Sommercamp20181102.JPG\"\n               data-thumbnail=\"http:\/\/www.karate-neuhofen.at\/wp-content\/gallery\/10-sommercamp-2018\/thumbs\/thumbs_Sommercamp20181102.JPG\"\n               data-image-id=\"20838\"\n               data-title=\"Sommercamp2018(1102)\"\n               data-description=\"\"\n               data-image-slug=\"sommercamp20181102\"\n               class=\"shutterset_14ea2dae3d90de67c1fc228ab12416d8\">\n                <img\n                    title=\"Sommercamp2018(1102)\"\n                    alt=\"Sommercamp2018(1102)\"\n                    src=\"http:\/\/www.karate-neuhofen.at\/wp-content\/gallery\/10-sommercamp-2018\/thumbs\/thumbs_Sommercamp20181102.JPG\"\n                    width=\"240\"\n                    height=\"160\"\n                    style=\"max-width:100%;\"\n                \/>\n            <\/a>\n        <\/div>\n\t\t\t\t\t\t\t<\/div> \n\t\t\t\n        \n\t\t\t\t<div id=\"ngg-image-102\" class=\"ngg-gallery-thumbnail-box\" >\n\t\t\t\t        <div class=\"ngg-gallery-thumbnail\">\n            <a href=\"http:\/\/www.karate-neuhofen.at\/wp-content\/gallery\/10-sommercamp-2018\/Sommercamp20181103.JPG\"\n               title=\"\"\n               data-src=\"http:\/\/www.karate-neuhofen.at\/wp-content\/gallery\/10-sommercamp-2018\/Sommercamp20181103.JPG\"\n               data-thumbnail=\"http:\/\/www.karate-neuhofen.at\/wp-content\/gallery\/10-sommercamp-2018\/thumbs\/thumbs_Sommercamp20181103.JPG\"\n               data-image-id=\"20839\"\n               data-title=\"Sommercamp2018(1103)\"\n               data-description=\"\"\n               data-image-slug=\"sommercamp20181103\"\n               class=\"shutterset_14ea2dae3d90de67c1fc228ab12416d8\">\n                <img\n                    title=\"Sommercamp2018(1103)\"\n                    alt=\"Sommercamp2018(1103)\"\n                    src=\"http:\/\/www.karate-neuhofen.at\/wp-content\/gallery\/10-sommercamp-2018\/thumbs\/thumbs_Sommercamp20181103.JPG\"\n                    width=\"240\"\n                    height=\"160\"\n                    style=\"max-width:100%;\"\n                \/>\n            <\/a>\n        <\/div>\n\t\t\t\t\t\t\t<\/div> \n\t\t\t\n        \n\t\t\t\t<div id=\"ngg-image-103\" class=\"ngg-gallery-thumbnail-box\" >\n\t\t\t\t        <div class=\"ngg-gallery-thumbnail\">\n            <a href=\"http:\/\/www.karate-neuhofen.at\/wp-content\/gallery\/10-sommercamp-2018\/Sommercamp20181104.JPG\"\n               title=\"\"\n               data-src=\"http:\/\/www.karate-neuhofen.at\/wp-content\/gallery\/10-sommercamp-2018\/Sommercamp20181104.JPG\"\n               data-thumbnail=\"http:\/\/www.karate-neuhofen.at\/wp-content\/gallery\/10-sommercamp-2018\/thumbs\/thumbs_Sommercamp20181104.JPG\"\n               data-image-id=\"20840\"\n               data-title=\"Sommercamp2018(1104)\"\n               data-description=\"\"\n               data-image-slug=\"sommercamp20181104\"\n               class=\"shutterset_14ea2dae3d90de67c1fc228ab12416d8\">\n                <img\n                    title=\"Sommercamp2018(1104)\"\n                    alt=\"Sommercamp2018(1104)\"\n                    src=\"http:\/\/www.karate-neuhofen.at\/wp-content\/gallery\/10-sommercamp-2018\/thumbs\/thumbs_Sommercamp20181104.JPG\"\n                    width=\"240\"\n                    height=\"160\"\n                    style=\"max-width:100%;\"\n                \/>\n            <\/a>\n        <\/div>\n\t\t\t\t\t\t\t<\/div> \n\t\t\t\n        \n\t\t\t\t<div id=\"ngg-image-104\" class=\"ngg-gallery-thumbnail-box\" >\n\t\t\t\t        <div class=\"ngg-gallery-thumbnail\">\n            <a href=\"http:\/\/www.karate-neuhofen.at\/wp-content\/gallery\/10-sommercamp-2018\/Sommercamp20181105.JPG\"\n               title=\"\"\n               data-src=\"http:\/\/www.karate-neuhofen.at\/wp-content\/gallery\/10-sommercamp-2018\/Sommercamp20181105.JPG\"\n               data-thumbnail=\"http:\/\/www.karate-neuhofen.at\/wp-content\/gallery\/10-sommercamp-2018\/thumbs\/thumbs_Sommercamp20181105.JPG\"\n               data-image-id=\"20841\"\n               data-title=\"Sommercamp2018(1105)\"\n               data-description=\"\"\n               data-image-slug=\"sommercamp20181105\"\n               class=\"shutterset_14ea2dae3d90de67c1fc228ab12416d8\">\n                <img\n                    title=\"Sommercamp2018(1105)\"\n                    alt=\"Sommercamp2018(1105)\"\n                    src=\"http:\/\/www.karate-neuhofen.at\/wp-content\/gallery\/10-sommercamp-2018\/thumbs\/thumbs_Sommercamp20181105.JPG\"\n                    width=\"240\"\n                    height=\"160\"\n                    style=\"max-width:100%;\"\n                \/>\n            <\/a>\n        <\/div>\n\t\t\t\t\t\t\t<\/div> \n\t\t\t\n        \n\t\t\t\t<div id=\"ngg-image-105\" class=\"ngg-gallery-thumbnail-box\" >\n\t\t\t\t        <div class=\"ngg-gallery-thumbnail\">\n            <a href=\"http:\/\/www.karate-neuhofen.at\/wp-content\/gallery\/10-sommercamp-2018\/Sommercamp20181106.JPG\"\n               title=\"\"\n               data-src=\"http:\/\/www.karate-neuhofen.at\/wp-content\/gallery\/10-sommercamp-2018\/Sommercamp20181106.JPG\"\n               data-thumbnail=\"http:\/\/www.karate-neuhofen.at\/wp-content\/gallery\/10-sommercamp-2018\/thumbs\/thumbs_Sommercamp20181106.JPG\"\n               data-image-id=\"20842\"\n               data-title=\"Sommercamp2018(1106)\"\n               data-description=\"\"\n               data-image-slug=\"sommercamp20181106\"\n               class=\"shutterset_14ea2dae3d90de67c1fc228ab12416d8\">\n                <img\n                    title=\"Sommercamp2018(1106)\"\n                    alt=\"Sommercamp2018(1106)\"\n                    src=\"http:\/\/www.karate-neuhofen.at\/wp-content\/gallery\/10-sommercamp-2018\/thumbs\/thumbs_Sommercamp20181106.JPG\"\n                    width=\"240\"\n                    height=\"160\"\n                    style=\"max-width:100%;\"\n                \/>\n            <\/a>\n        <\/div>\n\t\t\t\t\t\t\t<\/div> \n\t\t\t\n        \n\t\t\t\t<div id=\"ngg-image-106\" class=\"ngg-gallery-thumbnail-box\" >\n\t\t\t\t        <div class=\"ngg-gallery-thumbnail\">\n            <a href=\"http:\/\/www.karate-neuhofen.at\/wp-content\/gallery\/10-sommercamp-2018\/Sommercamp20181107.JPG\"\n               title=\"\"\n               data-src=\"http:\/\/www.karate-neuhofen.at\/wp-content\/gallery\/10-sommercamp-2018\/Sommercamp20181107.JPG\"\n               data-thumbnail=\"http:\/\/www.karate-neuhofen.at\/wp-content\/gallery\/10-sommercamp-2018\/thumbs\/thumbs_Sommercamp20181107.JPG\"\n               data-image-id=\"20843\"\n               data-title=\"Sommercamp2018(1107)\"\n               data-description=\"\"\n               data-image-slug=\"sommercamp20181107\"\n               class=\"shutterset_14ea2dae3d90de67c1fc228ab12416d8\">\n                <img\n                    title=\"Sommercamp2018(1107)\"\n                    alt=\"Sommercamp2018(1107)\"\n                    src=\"http:\/\/www.karate-neuhofen.at\/wp-content\/gallery\/10-sommercamp-2018\/thumbs\/thumbs_Sommercamp20181107.JPG\"\n                    width=\"240\"\n                    height=\"160\"\n                    style=\"max-width:100%;\"\n                \/>\n            <\/a>\n        <\/div>\n\t\t\t\t\t\t\t<\/div> \n\t\t\t\n        \n\t\t\t\t<div id=\"ngg-image-107\" class=\"ngg-gallery-thumbnail-box\" >\n\t\t\t\t        <div class=\"ngg-gallery-thumbnail\">\n            <a href=\"http:\/\/www.karate-neuhofen.at\/wp-content\/gallery\/10-sommercamp-2018\/Sommercamp20181108.JPG\"\n               title=\"\"\n               data-src=\"http:\/\/www.karate-neuhofen.at\/wp-content\/gallery\/10-sommercamp-2018\/Sommercamp20181108.JPG\"\n               data-thumbnail=\"http:\/\/www.karate-neuhofen.at\/wp-content\/gallery\/10-sommercamp-2018\/thumbs\/thumbs_Sommercamp20181108.JPG\"\n               data-image-id=\"20844\"\n               data-title=\"Sommercamp2018(1108)\"\n               data-description=\"\"\n               data-image-slug=\"sommercamp20181108\"\n               class=\"shutterset_14ea2dae3d90de67c1fc228ab12416d8\">\n                <img\n                    title=\"Sommercamp2018(1108)\"\n                    alt=\"Sommercamp2018(1108)\"\n                    src=\"http:\/\/www.karate-neuhofen.at\/wp-content\/gallery\/10-sommercamp-2018\/thumbs\/thumbs_Sommercamp20181108.JPG\"\n                    width=\"240\"\n                    height=\"160\"\n                    style=\"max-width:100%;\"\n                \/>\n            <\/a>\n        <\/div>\n\t\t\t\t\t\t\t<\/div> \n\t\t\t\n        \n\t\t\t\t<div id=\"ngg-image-108\" class=\"ngg-gallery-thumbnail-box\" >\n\t\t\t\t        <div class=\"ngg-gallery-thumbnail\">\n            <a href=\"http:\/\/www.karate-neuhofen.at\/wp-content\/gallery\/10-sommercamp-2018\/Sommercamp20181109.JPG\"\n               title=\"\"\n               data-src=\"http:\/\/www.karate-neuhofen.at\/wp-content\/gallery\/10-sommercamp-2018\/Sommercamp20181109.JPG\"\n               data-thumbnail=\"http:\/\/www.karate-neuhofen.at\/wp-content\/gallery\/10-sommercamp-2018\/thumbs\/thumbs_Sommercamp20181109.JPG\"\n               data-image-id=\"20845\"\n               data-title=\"Sommercamp2018(1109)\"\n               data-description=\"\"\n               data-image-slug=\"sommercamp20181109\"\n               class=\"shutterset_14ea2dae3d90de67c1fc228ab12416d8\">\n                <img\n                    title=\"Sommercamp2018(1109)\"\n                    alt=\"Sommercamp2018(1109)\"\n                    src=\"http:\/\/www.karate-neuhofen.at\/wp-content\/gallery\/10-sommercamp-2018\/thumbs\/thumbs_Sommercamp20181109.JPG\"\n                    width=\"240\"\n                    height=\"160\"\n                    style=\"max-width:100%;\"\n                \/>\n            <\/a>\n        <\/div>\n\t\t\t\t\t\t\t<\/div> \n\t\t\t\n        \n\t\t\t\t<div id=\"ngg-image-109\" class=\"ngg-gallery-thumbnail-box\" >\n\t\t\t\t        <div class=\"ngg-gallery-thumbnail\">\n            <a href=\"http:\/\/www.karate-neuhofen.at\/wp-content\/gallery\/10-sommercamp-2018\/Sommercamp20181110.JPG\"\n               title=\"\"\n               data-src=\"http:\/\/www.karate-neuhofen.at\/wp-content\/gallery\/10-sommercamp-2018\/Sommercamp20181110.JPG\"\n               data-thumbnail=\"http:\/\/www.karate-neuhofen.at\/wp-content\/gallery\/10-sommercamp-2018\/thumbs\/thumbs_Sommercamp20181110.JPG\"\n               data-image-id=\"20846\"\n               data-title=\"Sommercamp2018(1110)\"\n               data-description=\"\"\n               data-image-slug=\"sommercamp20181110\"\n               class=\"shutterset_14ea2dae3d90de67c1fc228ab12416d8\">\n                <img\n                    title=\"Sommercamp2018(1110)\"\n                    alt=\"Sommercamp2018(1110)\"\n                    src=\"http:\/\/www.karate-neuhofen.at\/wp-content\/gallery\/10-sommercamp-2018\/thumbs\/thumbs_Sommercamp20181110.JPG\"\n                    width=\"240\"\n                    height=\"160\"\n                    style=\"max-width:100%;\"\n                \/>\n            <\/a>\n        <\/div>\n\t\t\t\t\t\t\t<\/div> \n\t\t\t\n        \n\t\t\t\t<div id=\"ngg-image-110\" class=\"ngg-gallery-thumbnail-box\" >\n\t\t\t\t        <div class=\"ngg-gallery-thumbnail\">\n            <a href=\"http:\/\/www.karate-neuhofen.at\/wp-content\/gallery\/10-sommercamp-2018\/Sommercamp20181111.JPG\"\n               title=\"\"\n               data-src=\"http:\/\/www.karate-neuhofen.at\/wp-content\/gallery\/10-sommercamp-2018\/Sommercamp20181111.JPG\"\n               data-thumbnail=\"http:\/\/www.karate-neuhofen.at\/wp-content\/gallery\/10-sommercamp-2018\/thumbs\/thumbs_Sommercamp20181111.JPG\"\n               data-image-id=\"20847\"\n               data-title=\"Sommercamp2018(1111)\"\n               data-description=\"\"\n               data-image-slug=\"sommercamp20181111\"\n               class=\"shutterset_14ea2dae3d90de67c1fc228ab12416d8\">\n                <img\n                    title=\"Sommercamp2018(1111)\"\n                    alt=\"Sommercamp2018(1111)\"\n                    src=\"http:\/\/www.karate-neuhofen.at\/wp-content\/gallery\/10-sommercamp-2018\/thumbs\/thumbs_Sommercamp20181111.JPG\"\n                    width=\"240\"\n                    height=\"160\"\n                    style=\"max-width:100%;\"\n                \/>\n            <\/a>\n        <\/div>\n\t\t\t\t\t\t\t<\/div> \n\t\t\t\n        \n\t\t\t\t<div id=\"ngg-image-111\" class=\"ngg-gallery-thumbnail-box\" >\n\t\t\t\t        <div class=\"ngg-gallery-thumbnail\">\n            <a href=\"http:\/\/www.karate-neuhofen.at\/wp-content\/gallery\/10-sommercamp-2018\/Sommercamp20181112.JPG\"\n               title=\"\"\n               data-src=\"http:\/\/www.karate-neuhofen.at\/wp-content\/gallery\/10-sommercamp-2018\/Sommercamp20181112.JPG\"\n               data-thumbnail=\"http:\/\/www.karate-neuhofen.at\/wp-content\/gallery\/10-sommercamp-2018\/thumbs\/thumbs_Sommercamp20181112.JPG\"\n               data-image-id=\"20848\"\n               data-title=\"Sommercamp2018(1112)\"\n               data-description=\"\"\n               data-image-slug=\"sommercamp20181112\"\n               class=\"shutterset_14ea2dae3d90de67c1fc228ab12416d8\">\n                <img\n                    title=\"Sommercamp2018(1112)\"\n                    alt=\"Sommercamp2018(1112)\"\n                    src=\"http:\/\/www.karate-neuhofen.at\/wp-content\/gallery\/10-sommercamp-2018\/thumbs\/thumbs_Sommercamp20181112.JPG\"\n                    width=\"240\"\n                    height=\"160\"\n                    style=\"max-width:100%;\"\n                \/>\n            <\/a>\n        <\/div>\n\t\t\t\t\t\t\t<\/div> \n\t\t\t\n        \n\t\t\t\t<div id=\"ngg-image-112\" class=\"ngg-gallery-thumbnail-box\" >\n\t\t\t\t        <div class=\"ngg-gallery-thumbnail\">\n            <a href=\"http:\/\/www.karate-neuhofen.at\/wp-content\/gallery\/10-sommercamp-2018\/Sommercamp20181113.JPG\"\n               title=\"\"\n               data-src=\"http:\/\/www.karate-neuhofen.at\/wp-content\/gallery\/10-sommercamp-2018\/Sommercamp20181113.JPG\"\n               data-thumbnail=\"http:\/\/www.karate-neuhofen.at\/wp-content\/gallery\/10-sommercamp-2018\/thumbs\/thumbs_Sommercamp20181113.JPG\"\n               data-image-id=\"20849\"\n               data-title=\"Sommercamp2018(1113)\"\n               data-description=\"\"\n               data-image-slug=\"sommercamp20181113\"\n               class=\"shutterset_14ea2dae3d90de67c1fc228ab12416d8\">\n                <img\n                    title=\"Sommercamp2018(1113)\"\n                    alt=\"Sommercamp2018(1113)\"\n                    src=\"http:\/\/www.karate-neuhofen.at\/wp-content\/gallery\/10-sommercamp-2018\/thumbs\/thumbs_Sommercamp20181113.JPG\"\n                    width=\"240\"\n                    height=\"160\"\n                    style=\"max-width:100%;\"\n                \/>\n            <\/a>\n        <\/div>\n\t\t\t\t\t\t\t<\/div> \n\t\t\t\n        \n\t\t\t\t<div id=\"ngg-image-113\" class=\"ngg-gallery-thumbnail-box\" >\n\t\t\t\t        <div class=\"ngg-gallery-thumbnail\">\n            <a href=\"http:\/\/www.karate-neuhofen.at\/wp-content\/gallery\/10-sommercamp-2018\/Sommercamp20181114.JPG\"\n               title=\"\"\n               data-src=\"http:\/\/www.karate-neuhofen.at\/wp-content\/gallery\/10-sommercamp-2018\/Sommercamp20181114.JPG\"\n               data-thumbnail=\"http:\/\/www.karate-neuhofen.at\/wp-content\/gallery\/10-sommercamp-2018\/thumbs\/thumbs_Sommercamp20181114.JPG\"\n               data-image-id=\"20850\"\n               data-title=\"Sommercamp2018(1114)\"\n               data-description=\"\"\n               data-image-slug=\"sommercamp20181114\"\n               class=\"shutterset_14ea2dae3d90de67c1fc228ab12416d8\">\n                <img\n                    title=\"Sommercamp2018(1114)\"\n                    alt=\"Sommercamp2018(1114)\"\n                    src=\"http:\/\/www.karate-neuhofen.at\/wp-content\/gallery\/10-sommercamp-2018\/thumbs\/thumbs_Sommercamp20181114.JPG\"\n                    width=\"240\"\n                    height=\"160\"\n                    style=\"max-width:100%;\"\n                \/>\n            <\/a>\n        <\/div>\n\t\t\t\t\t\t\t<\/div> \n\t\t\t\n        \n\t\t\t\t<div id=\"ngg-image-114\" class=\"ngg-gallery-thumbnail-box\" >\n\t\t\t\t        <div class=\"ngg-gallery-thumbnail\">\n            <a href=\"http:\/\/www.karate-neuhofen.at\/wp-content\/gallery\/10-sommercamp-2018\/Sommercamp20181115.JPG\"\n               title=\"\"\n               data-src=\"http:\/\/www.karate-neuhofen.at\/wp-content\/gallery\/10-sommercamp-2018\/Sommercamp20181115.JPG\"\n               data-thumbnail=\"http:\/\/www.karate-neuhofen.at\/wp-content\/gallery\/10-sommercamp-2018\/thumbs\/thumbs_Sommercamp20181115.JPG\"\n               data-image-id=\"20851\"\n               data-title=\"Sommercamp2018(1115)\"\n               data-description=\"\"\n               data-image-slug=\"sommercamp20181115\"\n               class=\"shutterset_14ea2dae3d90de67c1fc228ab12416d8\">\n                <img\n                    title=\"Sommercamp2018(1115)\"\n                    alt=\"Sommercamp2018(1115)\"\n                    src=\"http:\/\/www.karate-neuhofen.at\/wp-content\/gallery\/10-sommercamp-2018\/thumbs\/thumbs_Sommercamp20181115.JPG\"\n                    width=\"240\"\n                    height=\"160\"\n                    style=\"max-width:100%;\"\n                \/>\n            <\/a>\n        <\/div>\n\t\t\t\t\t\t\t<\/div> \n\t\t\t\n        \n\t\t\t\t<div id=\"ngg-image-115\" class=\"ngg-gallery-thumbnail-box\" >\n\t\t\t\t        <div class=\"ngg-gallery-thumbnail\">\n            <a href=\"http:\/\/www.karate-neuhofen.at\/wp-content\/gallery\/10-sommercamp-2018\/Sommercamp20181116.JPG\"\n               title=\"\"\n               data-src=\"http:\/\/www.karate-neuhofen.at\/wp-content\/gallery\/10-sommercamp-2018\/Sommercamp20181116.JPG\"\n               data-thumbnail=\"http:\/\/www.karate-neuhofen.at\/wp-content\/gallery\/10-sommercamp-2018\/thumbs\/thumbs_Sommercamp20181116.JPG\"\n               data-image-id=\"20852\"\n               data-title=\"Sommercamp2018(1116)\"\n               data-description=\"\"\n               data-image-slug=\"sommercamp20181116\"\n               class=\"shutterset_14ea2dae3d90de67c1fc228ab12416d8\">\n                <img\n                    title=\"Sommercamp2018(1116)\"\n                    alt=\"Sommercamp2018(1116)\"\n                    src=\"http:\/\/www.karate-neuhofen.at\/wp-content\/gallery\/10-sommercamp-2018\/thumbs\/thumbs_Sommercamp20181116.JPG\"\n                    width=\"240\"\n                    height=\"160\"\n                    style=\"max-width:100%;\"\n                \/>\n            <\/a>\n        <\/div>\n\t\t\t\t\t\t\t<\/div> \n\t\t\t\n        \n\t\t\t\t<div id=\"ngg-image-116\" class=\"ngg-gallery-thumbnail-box\" >\n\t\t\t\t        <div class=\"ngg-gallery-thumbnail\">\n            <a href=\"http:\/\/www.karate-neuhofen.at\/wp-content\/gallery\/10-sommercamp-2018\/Sommercamp20181117.JPG\"\n               title=\"\"\n               data-src=\"http:\/\/www.karate-neuhofen.at\/wp-content\/gallery\/10-sommercamp-2018\/Sommercamp20181117.JPG\"\n               data-thumbnail=\"http:\/\/www.karate-neuhofen.at\/wp-content\/gallery\/10-sommercamp-2018\/thumbs\/thumbs_Sommercamp20181117.JPG\"\n               data-image-id=\"20853\"\n               data-title=\"Sommercamp2018(1117)\"\n               data-description=\"\"\n               data-image-slug=\"sommercamp20181117\"\n               class=\"shutterset_14ea2dae3d90de67c1fc228ab12416d8\">\n                <img\n                    title=\"Sommercamp2018(1117)\"\n                    alt=\"Sommercamp2018(1117)\"\n                    src=\"http:\/\/www.karate-neuhofen.at\/wp-content\/gallery\/10-sommercamp-2018\/thumbs\/thumbs_Sommercamp20181117.JPG\"\n                    width=\"240\"\n                    height=\"160\"\n                    style=\"max-width:100%;\"\n                \/>\n            <\/a>\n        <\/div>\n\t\t\t\t\t\t\t<\/div> \n\t\t\t\n        \n\t\t\t\t<div id=\"ngg-image-117\" class=\"ngg-gallery-thumbnail-box\" >\n\t\t\t\t        <div class=\"ngg-gallery-thumbnail\">\n            <a href=\"http:\/\/www.karate-neuhofen.at\/wp-content\/gallery\/10-sommercamp-2018\/Sommercamp20181118.JPG\"\n               title=\"\"\n               data-src=\"http:\/\/www.karate-neuhofen.at\/wp-content\/gallery\/10-sommercamp-2018\/Sommercamp20181118.JPG\"\n               data-thumbnail=\"http:\/\/www.karate-neuhofen.at\/wp-content\/gallery\/10-sommercamp-2018\/thumbs\/thumbs_Sommercamp20181118.JPG\"\n               data-image-id=\"20854\"\n               data-title=\"Sommercamp2018(1118)\"\n               data-description=\"\"\n               data-image-slug=\"sommercamp20181118\"\n               class=\"shutterset_14ea2dae3d90de67c1fc228ab12416d8\">\n                <img\n                    title=\"Sommercamp2018(1118)\"\n                    alt=\"Sommercamp2018(1118)\"\n                    src=\"http:\/\/www.karate-neuhofen.at\/wp-content\/gallery\/10-sommercamp-2018\/thumbs\/thumbs_Sommercamp20181118.JPG\"\n                    width=\"240\"\n                    height=\"160\"\n                    style=\"max-width:100%;\"\n                \/>\n            <\/a>\n        <\/div>\n\t\t\t\t\t\t\t<\/div> \n\t\t\t\n        \n\t\t\t\t<div id=\"ngg-image-118\" class=\"ngg-gallery-thumbnail-box\" >\n\t\t\t\t        <div class=\"ngg-gallery-thumbnail\">\n            <a href=\"http:\/\/www.karate-neuhofen.at\/wp-content\/gallery\/10-sommercamp-2018\/Sommercamp20181119.JPG\"\n               title=\"\"\n               data-src=\"http:\/\/www.karate-neuhofen.at\/wp-content\/gallery\/10-sommercamp-2018\/Sommercamp20181119.JPG\"\n               data-thumbnail=\"http:\/\/www.karate-neuhofen.at\/wp-content\/gallery\/10-sommercamp-2018\/thumbs\/thumbs_Sommercamp20181119.JPG\"\n               data-image-id=\"20855\"\n               data-title=\"Sommercamp2018(1119)\"\n               data-description=\"\"\n               data-image-slug=\"sommercamp20181119\"\n               class=\"shutterset_14ea2dae3d90de67c1fc228ab12416d8\">\n                <img\n                    title=\"Sommercamp2018(1119)\"\n                    alt=\"Sommercamp2018(1119)\"\n                    src=\"http:\/\/www.karate-neuhofen.at\/wp-content\/gallery\/10-sommercamp-2018\/thumbs\/thumbs_Sommercamp20181119.JPG\"\n                    width=\"240\"\n                    height=\"160\"\n                    style=\"max-width:100%;\"\n                \/>\n            <\/a>\n        <\/div>\n\t\t\t\t\t\t\t<\/div> \n\t\t\t\n        \n\t\t\t\t<div id=\"ngg-image-119\" class=\"ngg-gallery-thumbnail-box\" >\n\t\t\t\t        <div class=\"ngg-gallery-thumbnail\">\n            <a href=\"http:\/\/www.karate-neuhofen.at\/wp-content\/gallery\/10-sommercamp-2018\/Sommercamp20181120.JPG\"\n               title=\"\"\n               data-src=\"http:\/\/www.karate-neuhofen.at\/wp-content\/gallery\/10-sommercamp-2018\/Sommercamp20181120.JPG\"\n               data-thumbnail=\"http:\/\/www.karate-neuhofen.at\/wp-content\/gallery\/10-sommercamp-2018\/thumbs\/thumbs_Sommercamp20181120.JPG\"\n               data-image-id=\"20856\"\n               data-title=\"Sommercamp2018(1120)\"\n               data-description=\"\"\n               data-image-slug=\"sommercamp20181120\"\n               class=\"shutterset_14ea2dae3d90de67c1fc228ab12416d8\">\n                <img\n                    title=\"Sommercamp2018(1120)\"\n                    alt=\"Sommercamp2018(1120)\"\n                    src=\"http:\/\/www.karate-neuhofen.at\/wp-content\/gallery\/10-sommercamp-2018\/thumbs\/thumbs_Sommercamp20181120.JPG\"\n                    width=\"240\"\n                    height=\"160\"\n                    style=\"max-width:100%;\"\n                \/>\n            <\/a>\n        <\/div>\n\t\t\t\t\t\t\t<\/div> \n\t\t\t\n        \n\t\t\t\t<div id=\"ngg-image-120\" class=\"ngg-gallery-thumbnail-box\" >\n\t\t\t\t        <div class=\"ngg-gallery-thumbnail\">\n            <a href=\"http:\/\/www.karate-neuhofen.at\/wp-content\/gallery\/10-sommercamp-2018\/Sommercamp20181121.JPG\"\n               title=\"\"\n               data-src=\"http:\/\/www.karate-neuhofen.at\/wp-content\/gallery\/10-sommercamp-2018\/Sommercamp20181121.JPG\"\n               data-thumbnail=\"http:\/\/www.karate-neuhofen.at\/wp-content\/gallery\/10-sommercamp-2018\/thumbs\/thumbs_Sommercamp20181121.JPG\"\n               data-image-id=\"20857\"\n               data-title=\"Sommercamp2018(1121)\"\n               data-description=\"\"\n               data-image-slug=\"sommercamp20181121\"\n               class=\"shutterset_14ea2dae3d90de67c1fc228ab12416d8\">\n                <img\n                    title=\"Sommercamp2018(1121)\"\n                    alt=\"Sommercamp2018(1121)\"\n                    src=\"http:\/\/www.karate-neuhofen.at\/wp-content\/gallery\/10-sommercamp-2018\/thumbs\/thumbs_Sommercamp20181121.JPG\"\n                    width=\"240\"\n                    height=\"160\"\n                    style=\"max-width:100%;\"\n                \/>\n            <\/a>\n        <\/div>\n\t\t\t\t\t\t\t<\/div> \n\t\t\t\n        \n\t\t\t\t<div id=\"ngg-image-121\" class=\"ngg-gallery-thumbnail-box\" >\n\t\t\t\t        <div class=\"ngg-gallery-thumbnail\">\n            <a href=\"http:\/\/www.karate-neuhofen.at\/wp-content\/gallery\/10-sommercamp-2018\/Sommercamp20181122.JPG\"\n               title=\"\"\n               data-src=\"http:\/\/www.karate-neuhofen.at\/wp-content\/gallery\/10-sommercamp-2018\/Sommercamp20181122.JPG\"\n               data-thumbnail=\"http:\/\/www.karate-neuhofen.at\/wp-content\/gallery\/10-sommercamp-2018\/thumbs\/thumbs_Sommercamp20181122.JPG\"\n               data-image-id=\"20858\"\n               data-title=\"Sommercamp2018(1122)\"\n               data-description=\"\"\n               data-image-slug=\"sommercamp20181122\"\n               class=\"shutterset_14ea2dae3d90de67c1fc228ab12416d8\">\n                <img\n                    title=\"Sommercamp2018(1122)\"\n                    alt=\"Sommercamp2018(1122)\"\n                    src=\"http:\/\/www.karate-neuhofen.at\/wp-content\/gallery\/10-sommercamp-2018\/thumbs\/thumbs_Sommercamp20181122.JPG\"\n                    width=\"240\"\n                    height=\"160\"\n                    style=\"max-width:100%;\"\n                \/>\n            <\/a>\n        <\/div>\n\t\t\t\t\t\t\t<\/div> \n\t\t\t\n        \n\t\t\t\t<div id=\"ngg-image-122\" class=\"ngg-gallery-thumbnail-box\" >\n\t\t\t\t        <div class=\"ngg-gallery-thumbnail\">\n            <a href=\"http:\/\/www.karate-neuhofen.at\/wp-content\/gallery\/10-sommercamp-2018\/Sommercamp20181123.JPG\"\n               title=\"\"\n               data-src=\"http:\/\/www.karate-neuhofen.at\/wp-content\/gallery\/10-sommercamp-2018\/Sommercamp20181123.JPG\"\n               data-thumbnail=\"http:\/\/www.karate-neuhofen.at\/wp-content\/gallery\/10-sommercamp-2018\/thumbs\/thumbs_Sommercamp20181123.JPG\"\n               data-image-id=\"20859\"\n               data-title=\"Sommercamp2018(1123)\"\n               data-description=\"\"\n               data-image-slug=\"sommercamp20181123\"\n               class=\"shutterset_14ea2dae3d90de67c1fc228ab12416d8\">\n                <img\n                    title=\"Sommercamp2018(1123)\"\n                    alt=\"Sommercamp2018(1123)\"\n                    src=\"http:\/\/www.karate-neuhofen.at\/wp-content\/gallery\/10-sommercamp-2018\/thumbs\/thumbs_Sommercamp20181123.JPG\"\n                    width=\"240\"\n                    height=\"160\"\n                    style=\"max-width:100%;\"\n                \/>\n            <\/a>\n        <\/div>\n\t\t\t\t\t\t\t<\/div> \n\t\t\t\n        \n\t\t\t\t<div id=\"ngg-image-123\" class=\"ngg-gallery-thumbnail-box\" >\n\t\t\t\t        <div class=\"ngg-gallery-thumbnail\">\n            <a href=\"http:\/\/www.karate-neuhofen.at\/wp-content\/gallery\/10-sommercamp-2018\/Sommercamp20181124.JPG\"\n               title=\"\"\n               data-src=\"http:\/\/www.karate-neuhofen.at\/wp-content\/gallery\/10-sommercamp-2018\/Sommercamp20181124.JPG\"\n               data-thumbnail=\"http:\/\/www.karate-neuhofen.at\/wp-content\/gallery\/10-sommercamp-2018\/thumbs\/thumbs_Sommercamp20181124.JPG\"\n               data-image-id=\"20860\"\n               data-title=\"Sommercamp2018(1124)\"\n               data-description=\"\"\n               data-image-slug=\"sommercamp20181124\"\n               class=\"shutterset_14ea2dae3d90de67c1fc228ab12416d8\">\n                <img\n                    title=\"Sommercamp2018(1124)\"\n                    alt=\"Sommercamp2018(1124)\"\n                    src=\"http:\/\/www.karate-neuhofen.at\/wp-content\/gallery\/10-sommercamp-2018\/thumbs\/thumbs_Sommercamp20181124.JPG\"\n                    width=\"240\"\n                    height=\"160\"\n                    style=\"max-width:100%;\"\n                \/>\n            <\/a>\n        <\/div>\n\t\t\t\t\t\t\t<\/div> \n\t\t\t\n        \n\t\t\t\t<div id=\"ngg-image-124\" class=\"ngg-gallery-thumbnail-box\" >\n\t\t\t\t        <div class=\"ngg-gallery-thumbnail\">\n            <a href=\"http:\/\/www.karate-neuhofen.at\/wp-content\/gallery\/10-sommercamp-2018\/Sommercamp20181125.JPG\"\n               title=\"\"\n               data-src=\"http:\/\/www.karate-neuhofen.at\/wp-content\/gallery\/10-sommercamp-2018\/Sommercamp20181125.JPG\"\n               data-thumbnail=\"http:\/\/www.karate-neuhofen.at\/wp-content\/gallery\/10-sommercamp-2018\/thumbs\/thumbs_Sommercamp20181125.JPG\"\n               data-image-id=\"20861\"\n               data-title=\"Sommercamp2018(1125)\"\n               data-description=\"\"\n               data-image-slug=\"sommercamp20181125\"\n               class=\"shutterset_14ea2dae3d90de67c1fc228ab12416d8\">\n                <img\n                    title=\"Sommercamp2018(1125)\"\n                    alt=\"Sommercamp2018(1125)\"\n                    src=\"http:\/\/www.karate-neuhofen.at\/wp-content\/gallery\/10-sommercamp-2018\/thumbs\/thumbs_Sommercamp20181125.JPG\"\n                    width=\"240\"\n                    height=\"160\"\n                    style=\"max-width:100%;\"\n                \/>\n            <\/a>\n        <\/div>\n\t\t\t\t\t\t\t<\/div> \n\t\t\t\n        \n\t\t\t\t<div id=\"ngg-image-125\" class=\"ngg-gallery-thumbnail-box\" >\n\t\t\t\t        <div class=\"ngg-gallery-thumbnail\">\n            <a href=\"http:\/\/www.karate-neuhofen.at\/wp-content\/gallery\/10-sommercamp-2018\/Sommercamp20181126.JPG\"\n               title=\"\"\n               data-src=\"http:\/\/www.karate-neuhofen.at\/wp-content\/gallery\/10-sommercamp-2018\/Sommercamp20181126.JPG\"\n               data-thumbnail=\"http:\/\/www.karate-neuhofen.at\/wp-content\/gallery\/10-sommercamp-2018\/thumbs\/thumbs_Sommercamp20181126.JPG\"\n               data-image-id=\"20862\"\n               data-title=\"Sommercamp2018(1126)\"\n               data-description=\"\"\n               data-image-slug=\"sommercamp20181126\"\n               class=\"shutterset_14ea2dae3d90de67c1fc228ab12416d8\">\n                <img\n                    title=\"Sommercamp2018(1126)\"\n                    alt=\"Sommercamp2018(1126)\"\n                    src=\"http:\/\/www.karate-neuhofen.at\/wp-content\/gallery\/10-sommercamp-2018\/thumbs\/thumbs_Sommercamp20181126.JPG\"\n                    width=\"240\"\n                    height=\"160\"\n                    style=\"max-width:100%;\"\n                \/>\n            <\/a>\n        <\/div>\n\t\t\t\t\t\t\t<\/div> \n\t\t\t\n        \n\t\t\t\t<div id=\"ngg-image-126\" class=\"ngg-gallery-thumbnail-box\" >\n\t\t\t\t        <div class=\"ngg-gallery-thumbnail\">\n            <a href=\"http:\/\/www.karate-neuhofen.at\/wp-content\/gallery\/10-sommercamp-2018\/Sommercamp20181127.JPG\"\n               title=\"\"\n               data-src=\"http:\/\/www.karate-neuhofen.at\/wp-content\/gallery\/10-sommercamp-2018\/Sommercamp20181127.JPG\"\n               data-thumbnail=\"http:\/\/www.karate-neuhofen.at\/wp-content\/gallery\/10-sommercamp-2018\/thumbs\/thumbs_Sommercamp20181127.JPG\"\n               data-image-id=\"20863\"\n               data-title=\"Sommercamp2018(1127)\"\n               data-description=\"\"\n               data-image-slug=\"sommercamp20181127\"\n               class=\"shutterset_14ea2dae3d90de67c1fc228ab12416d8\">\n                <img\n                    title=\"Sommercamp2018(1127)\"\n                    alt=\"Sommercamp2018(1127)\"\n                    src=\"http:\/\/www.karate-neuhofen.at\/wp-content\/gallery\/10-sommercamp-2018\/thumbs\/thumbs_Sommercamp20181127.JPG\"\n                    width=\"240\"\n                    height=\"160\"\n                    style=\"max-width:100%;\"\n                \/>\n            <\/a>\n        <\/div>\n\t\t\t\t\t\t\t<\/div> \n\t\t\t\n        \n\t\t\t\t<div id=\"ngg-image-127\" class=\"ngg-gallery-thumbnail-box\" >\n\t\t\t\t        <div class=\"ngg-gallery-thumbnail\">\n            <a href=\"http:\/\/www.karate-neuhofen.at\/wp-content\/gallery\/10-sommercamp-2018\/Sommercamp20181128.JPG\"\n               title=\"\"\n               data-src=\"http:\/\/www.karate-neuhofen.at\/wp-content\/gallery\/10-sommercamp-2018\/Sommercamp20181128.JPG\"\n               data-thumbnail=\"http:\/\/www.karate-neuhofen.at\/wp-content\/gallery\/10-sommercamp-2018\/thumbs\/thumbs_Sommercamp20181128.JPG\"\n               data-image-id=\"20864\"\n               data-title=\"Sommercamp2018(1128)\"\n               data-description=\"\"\n               data-image-slug=\"sommercamp20181128\"\n               class=\"shutterset_14ea2dae3d90de67c1fc228ab12416d8\">\n                <img\n                    title=\"Sommercamp2018(1128)\"\n                    alt=\"Sommercamp2018(1128)\"\n                    src=\"http:\/\/www.karate-neuhofen.at\/wp-content\/gallery\/10-sommercamp-2018\/thumbs\/thumbs_Sommercamp20181128.JPG\"\n                    width=\"240\"\n                    height=\"160\"\n                    style=\"max-width:100%;\"\n                \/>\n            <\/a>\n        <\/div>\n\t\t\t\t\t\t\t<\/div> \n\t\t\t\n        \n\t\t\t\t<div id=\"ngg-image-128\" class=\"ngg-gallery-thumbnail-box\" >\n\t\t\t\t        <div class=\"ngg-gallery-thumbnail\">\n            <a href=\"http:\/\/www.karate-neuhofen.at\/wp-content\/gallery\/10-sommercamp-2018\/Sommercamp20181129.JPG\"\n               title=\"\"\n               data-src=\"http:\/\/www.karate-neuhofen.at\/wp-content\/gallery\/10-sommercamp-2018\/Sommercamp20181129.JPG\"\n               data-thumbnail=\"http:\/\/www.karate-neuhofen.at\/wp-content\/gallery\/10-sommercamp-2018\/thumbs\/thumbs_Sommercamp20181129.JPG\"\n               data-image-id=\"20865\"\n               data-title=\"Sommercamp2018(1129)\"\n               data-description=\"\"\n               data-image-slug=\"sommercamp20181129\"\n               class=\"shutterset_14ea2dae3d90de67c1fc228ab12416d8\">\n                <img\n                    title=\"Sommercamp2018(1129)\"\n                    alt=\"Sommercamp2018(1129)\"\n                    src=\"http:\/\/www.karate-neuhofen.at\/wp-content\/gallery\/10-sommercamp-2018\/thumbs\/thumbs_Sommercamp20181129.JPG\"\n                    width=\"240\"\n                    height=\"160\"\n                    style=\"max-width:100%;\"\n                \/>\n            <\/a>\n        <\/div>\n\t\t\t\t\t\t\t<\/div> \n\t\t\t\n        \n\t\t\t\t<div id=\"ngg-image-129\" class=\"ngg-gallery-thumbnail-box\" >\n\t\t\t\t        <div class=\"ngg-gallery-thumbnail\">\n            <a href=\"http:\/\/www.karate-neuhofen.at\/wp-content\/gallery\/10-sommercamp-2018\/Sommercamp20181130.JPG\"\n               title=\"\"\n               data-src=\"http:\/\/www.karate-neuhofen.at\/wp-content\/gallery\/10-sommercamp-2018\/Sommercamp20181130.JPG\"\n               data-thumbnail=\"http:\/\/www.karate-neuhofen.at\/wp-content\/gallery\/10-sommercamp-2018\/thumbs\/thumbs_Sommercamp20181130.JPG\"\n               data-image-id=\"20866\"\n               data-title=\"Sommercamp2018(1130)\"\n               data-description=\"\"\n               data-image-slug=\"sommercamp20181130\"\n               class=\"shutterset_14ea2dae3d90de67c1fc228ab12416d8\">\n                <img\n                    title=\"Sommercamp2018(1130)\"\n                    alt=\"Sommercamp2018(1130)\"\n                    src=\"http:\/\/www.karate-neuhofen.at\/wp-content\/gallery\/10-sommercamp-2018\/thumbs\/thumbs_Sommercamp20181130.JPG\"\n                    width=\"240\"\n                    height=\"160\"\n                    style=\"max-width:100%;\"\n                \/>\n            <\/a>\n        <\/div>\n\t\t\t\t\t\t\t<\/div> \n\t\t\t\n        \n\t\t\t\t<div id=\"ngg-image-130\" class=\"ngg-gallery-thumbnail-box\" >\n\t\t\t\t        <div class=\"ngg-gallery-thumbnail\">\n            <a href=\"http:\/\/www.karate-neuhofen.at\/wp-content\/gallery\/10-sommercamp-2018\/Sommercamp20181131.JPG\"\n               title=\"\"\n               data-src=\"http:\/\/www.karate-neuhofen.at\/wp-content\/gallery\/10-sommercamp-2018\/Sommercamp20181131.JPG\"\n               data-thumbnail=\"http:\/\/www.karate-neuhofen.at\/wp-content\/gallery\/10-sommercamp-2018\/thumbs\/thumbs_Sommercamp20181131.JPG\"\n               data-image-id=\"20867\"\n               data-title=\"Sommercamp2018(1131)\"\n               data-description=\"\"\n               data-image-slug=\"sommercamp20181131\"\n               class=\"shutterset_14ea2dae3d90de67c1fc228ab12416d8\">\n                <img\n                    title=\"Sommercamp2018(1131)\"\n                    alt=\"Sommercamp2018(1131)\"\n                    src=\"http:\/\/www.karate-neuhofen.at\/wp-content\/gallery\/10-sommercamp-2018\/thumbs\/thumbs_Sommercamp20181131.JPG\"\n                    width=\"240\"\n                    height=\"160\"\n                    style=\"max-width:100%;\"\n                \/>\n            <\/a>\n        <\/div>\n\t\t\t\t\t\t\t<\/div> \n\t\t\t\n        \n\t\t\t\t<div id=\"ngg-image-131\" class=\"ngg-gallery-thumbnail-box\" >\n\t\t\t\t        <div class=\"ngg-gallery-thumbnail\">\n            <a href=\"http:\/\/www.karate-neuhofen.at\/wp-content\/gallery\/10-sommercamp-2018\/Sommercamp20181132.JPG\"\n               title=\"\"\n               data-src=\"http:\/\/www.karate-neuhofen.at\/wp-content\/gallery\/10-sommercamp-2018\/Sommercamp20181132.JPG\"\n               data-thumbnail=\"http:\/\/www.karate-neuhofen.at\/wp-content\/gallery\/10-sommercamp-2018\/thumbs\/thumbs_Sommercamp20181132.JPG\"\n               data-image-id=\"20868\"\n               data-title=\"Sommercamp2018(1132)\"\n               data-description=\"\"\n               data-image-slug=\"sommercamp20181132\"\n               class=\"shutterset_14ea2dae3d90de67c1fc228ab12416d8\">\n                <img\n                    title=\"Sommercamp2018(1132)\"\n                    alt=\"Sommercamp2018(1132)\"\n                    src=\"http:\/\/www.karate-neuhofen.at\/wp-content\/gallery\/10-sommercamp-2018\/thumbs\/thumbs_Sommercamp20181132.JPG\"\n                    width=\"240\"\n                    height=\"160\"\n                    style=\"max-width:100%;\"\n                \/>\n            <\/a>\n        <\/div>\n\t\t\t\t\t\t\t<\/div> \n\t\t\t\n        \n\t\t\t\t<div id=\"ngg-image-132\" class=\"ngg-gallery-thumbnail-box\" >\n\t\t\t\t        <div class=\"ngg-gallery-thumbnail\">\n            <a href=\"http:\/\/www.karate-neuhofen.at\/wp-content\/gallery\/10-sommercamp-2018\/Sommercamp20181133.JPG\"\n               title=\"\"\n               data-src=\"http:\/\/www.karate-neuhofen.at\/wp-content\/gallery\/10-sommercamp-2018\/Sommercamp20181133.JPG\"\n               data-thumbnail=\"http:\/\/www.karate-neuhofen.at\/wp-content\/gallery\/10-sommercamp-2018\/thumbs\/thumbs_Sommercamp20181133.JPG\"\n               data-image-id=\"20869\"\n               data-title=\"Sommercamp2018(1133)\"\n               data-description=\"\"\n               data-image-slug=\"sommercamp20181133\"\n               class=\"shutterset_14ea2dae3d90de67c1fc228ab12416d8\">\n                <img\n                    title=\"Sommercamp2018(1133)\"\n                    alt=\"Sommercamp2018(1133)\"\n                    src=\"http:\/\/www.karate-neuhofen.at\/wp-content\/gallery\/10-sommercamp-2018\/thumbs\/thumbs_Sommercamp20181133.JPG\"\n                    width=\"240\"\n                    height=\"160\"\n                    style=\"max-width:100%;\"\n                \/>\n            <\/a>\n        <\/div>\n\t\t\t\t\t\t\t<\/div> \n\t\t\t\n        \n\t\t\t\t<div id=\"ngg-image-133\" class=\"ngg-gallery-thumbnail-box\" >\n\t\t\t\t        <div class=\"ngg-gallery-thumbnail\">\n            <a href=\"http:\/\/www.karate-neuhofen.at\/wp-content\/gallery\/10-sommercamp-2018\/Sommercamp20181134.JPG\"\n               title=\"\"\n               data-src=\"http:\/\/www.karate-neuhofen.at\/wp-content\/gallery\/10-sommercamp-2018\/Sommercamp20181134.JPG\"\n               data-thumbnail=\"http:\/\/www.karate-neuhofen.at\/wp-content\/gallery\/10-sommercamp-2018\/thumbs\/thumbs_Sommercamp20181134.JPG\"\n               data-image-id=\"20870\"\n               data-title=\"Sommercamp2018(1134)\"\n               data-description=\"\"\n               data-image-slug=\"sommercamp20181134\"\n               class=\"shutterset_14ea2dae3d90de67c1fc228ab12416d8\">\n                <img\n                    title=\"Sommercamp2018(1134)\"\n                    alt=\"Sommercamp2018(1134)\"\n                    src=\"http:\/\/www.karate-neuhofen.at\/wp-content\/gallery\/10-sommercamp-2018\/thumbs\/thumbs_Sommercamp20181134.JPG\"\n                    width=\"240\"\n                    height=\"160\"\n                    style=\"max-width:100%;\"\n                \/>\n            <\/a>\n        <\/div>\n\t\t\t\t\t\t\t<\/div> \n\t\t\t\n        \n\t\t\t\t<div id=\"ngg-image-134\" class=\"ngg-gallery-thumbnail-box\" >\n\t\t\t\t        <div class=\"ngg-gallery-thumbnail\">\n            <a href=\"http:\/\/www.karate-neuhofen.at\/wp-content\/gallery\/10-sommercamp-2018\/Sommercamp20181135.JPG\"\n               title=\"\"\n               data-src=\"http:\/\/www.karate-neuhofen.at\/wp-content\/gallery\/10-sommercamp-2018\/Sommercamp20181135.JPG\"\n               data-thumbnail=\"http:\/\/www.karate-neuhofen.at\/wp-content\/gallery\/10-sommercamp-2018\/thumbs\/thumbs_Sommercamp20181135.JPG\"\n               data-image-id=\"20871\"\n               data-title=\"Sommercamp2018(1135)\"\n               data-description=\"\"\n               data-image-slug=\"sommercamp20181135\"\n               class=\"shutterset_14ea2dae3d90de67c1fc228ab12416d8\">\n                <img\n                    title=\"Sommercamp2018(1135)\"\n                    alt=\"Sommercamp2018(1135)\"\n                    src=\"http:\/\/www.karate-neuhofen.at\/wp-content\/gallery\/10-sommercamp-2018\/thumbs\/thumbs_Sommercamp20181135.JPG\"\n                    width=\"240\"\n                    height=\"160\"\n                    style=\"max-width:100%;\"\n                \/>\n            <\/a>\n        <\/div>\n\t\t\t\t\t\t\t<\/div> \n\t\t\t\n        \n\t\t\t\t<div id=\"ngg-image-135\" class=\"ngg-gallery-thumbnail-box\" >\n\t\t\t\t        <div class=\"ngg-gallery-thumbnail\">\n            <a href=\"http:\/\/www.karate-neuhofen.at\/wp-content\/gallery\/10-sommercamp-2018\/Sommercamp20181136.JPG\"\n               title=\"\"\n               data-src=\"http:\/\/www.karate-neuhofen.at\/wp-content\/gallery\/10-sommercamp-2018\/Sommercamp20181136.JPG\"\n               data-thumbnail=\"http:\/\/www.karate-neuhofen.at\/wp-content\/gallery\/10-sommercamp-2018\/thumbs\/thumbs_Sommercamp20181136.JPG\"\n               data-image-id=\"20872\"\n               data-title=\"Sommercamp2018(1136)\"\n               data-description=\"\"\n               data-image-slug=\"sommercamp20181136\"\n               class=\"shutterset_14ea2dae3d90de67c1fc228ab12416d8\">\n                <img\n                    title=\"Sommercamp2018(1136)\"\n                    alt=\"Sommercamp2018(1136)\"\n                    src=\"http:\/\/www.karate-neuhofen.at\/wp-content\/gallery\/10-sommercamp-2018\/thumbs\/thumbs_Sommercamp20181136.JPG\"\n                    width=\"240\"\n                    height=\"160\"\n                    style=\"max-width:100%;\"\n                \/>\n            <\/a>\n        <\/div>\n\t\t\t\t\t\t\t<\/div> \n\t\t\t\n        \n\t\t\t\t<div id=\"ngg-image-136\" class=\"ngg-gallery-thumbnail-box\" >\n\t\t\t\t        <div class=\"ngg-gallery-thumbnail\">\n            <a href=\"http:\/\/www.karate-neuhofen.at\/wp-content\/gallery\/10-sommercamp-2018\/Sommercamp20181137.JPG\"\n               title=\"\"\n               data-src=\"http:\/\/www.karate-neuhofen.at\/wp-content\/gallery\/10-sommercamp-2018\/Sommercamp20181137.JPG\"\n               data-thumbnail=\"http:\/\/www.karate-neuhofen.at\/wp-content\/gallery\/10-sommercamp-2018\/thumbs\/thumbs_Sommercamp20181137.JPG\"\n               data-image-id=\"20873\"\n               data-title=\"Sommercamp2018(1137)\"\n               data-description=\"\"\n               data-image-slug=\"sommercamp20181137\"\n               class=\"shutterset_14ea2dae3d90de67c1fc228ab12416d8\">\n                <img\n                    title=\"Sommercamp2018(1137)\"\n                    alt=\"Sommercamp2018(1137)\"\n                    src=\"http:\/\/www.karate-neuhofen.at\/wp-content\/gallery\/10-sommercamp-2018\/thumbs\/thumbs_Sommercamp20181137.JPG\"\n                    width=\"240\"\n                    height=\"160\"\n                    style=\"max-width:100%;\"\n                \/>\n            <\/a>\n        <\/div>\n\t\t\t\t\t\t\t<\/div> \n\t\t\t\n        \n\t\t\t\t<div id=\"ngg-image-137\" class=\"ngg-gallery-thumbnail-box\" >\n\t\t\t\t        <div class=\"ngg-gallery-thumbnail\">\n            <a href=\"http:\/\/www.karate-neuhofen.at\/wp-content\/gallery\/10-sommercamp-2018\/Sommercamp20181138.JPG\"\n               title=\"\"\n               data-src=\"http:\/\/www.karate-neuhofen.at\/wp-content\/gallery\/10-sommercamp-2018\/Sommercamp20181138.JPG\"\n               data-thumbnail=\"http:\/\/www.karate-neuhofen.at\/wp-content\/gallery\/10-sommercamp-2018\/thumbs\/thumbs_Sommercamp20181138.JPG\"\n               data-image-id=\"20874\"\n               data-title=\"Sommercamp2018(1138)\"\n               data-description=\"\"\n               data-image-slug=\"sommercamp20181138\"\n               class=\"shutterset_14ea2dae3d90de67c1fc228ab12416d8\">\n                <img\n                    title=\"Sommercamp2018(1138)\"\n                    alt=\"Sommercamp2018(1138)\"\n                    src=\"http:\/\/www.karate-neuhofen.at\/wp-content\/gallery\/10-sommercamp-2018\/thumbs\/thumbs_Sommercamp20181138.JPG\"\n                    width=\"240\"\n                    height=\"160\"\n                    style=\"max-width:100%;\"\n                \/>\n            <\/a>\n        <\/div>\n\t\t\t\t\t\t\t<\/div> \n\t\t\t\n        \n\t\t\t\t<div id=\"ngg-image-138\" class=\"ngg-gallery-thumbnail-box\" >\n\t\t\t\t        <div class=\"ngg-gallery-thumbnail\">\n            <a href=\"http:\/\/www.karate-neuhofen.at\/wp-content\/gallery\/10-sommercamp-2018\/Sommercamp20181139.JPG\"\n               title=\"\"\n               data-src=\"http:\/\/www.karate-neuhofen.at\/wp-content\/gallery\/10-sommercamp-2018\/Sommercamp20181139.JPG\"\n               data-thumbnail=\"http:\/\/www.karate-neuhofen.at\/wp-content\/gallery\/10-sommercamp-2018\/thumbs\/thumbs_Sommercamp20181139.JPG\"\n               data-image-id=\"20875\"\n               data-title=\"Sommercamp2018(1139)\"\n               data-description=\"\"\n               data-image-slug=\"sommercamp20181139\"\n               class=\"shutterset_14ea2dae3d90de67c1fc228ab12416d8\">\n                <img\n                    title=\"Sommercamp2018(1139)\"\n                    alt=\"Sommercamp2018(1139)\"\n                    src=\"http:\/\/www.karate-neuhofen.at\/wp-content\/gallery\/10-sommercamp-2018\/thumbs\/thumbs_Sommercamp20181139.JPG\"\n                    width=\"240\"\n                    height=\"160\"\n                    style=\"max-width:100%;\"\n                \/>\n            <\/a>\n        <\/div>\n\t\t\t\t\t\t\t<\/div> \n\t\t\t\n        \n\t\t\t\t<div id=\"ngg-image-139\" class=\"ngg-gallery-thumbnail-box\" >\n\t\t\t\t        <div class=\"ngg-gallery-thumbnail\">\n            <a href=\"http:\/\/www.karate-neuhofen.at\/wp-content\/gallery\/10-sommercamp-2018\/Sommercamp20181140.JPG\"\n               title=\"\"\n               data-src=\"http:\/\/www.karate-neuhofen.at\/wp-content\/gallery\/10-sommercamp-2018\/Sommercamp20181140.JPG\"\n               data-thumbnail=\"http:\/\/www.karate-neuhofen.at\/wp-content\/gallery\/10-sommercamp-2018\/thumbs\/thumbs_Sommercamp20181140.JPG\"\n               data-image-id=\"20876\"\n               data-title=\"Sommercamp2018(1140)\"\n               data-description=\"\"\n               data-image-slug=\"sommercamp20181140\"\n               class=\"shutterset_14ea2dae3d90de67c1fc228ab12416d8\">\n                <img\n                    title=\"Sommercamp2018(1140)\"\n                    alt=\"Sommercamp2018(1140)\"\n                    src=\"http:\/\/www.karate-neuhofen.at\/wp-content\/gallery\/10-sommercamp-2018\/thumbs\/thumbs_Sommercamp20181140.JPG\"\n                    width=\"240\"\n                    height=\"160\"\n                    style=\"max-width:100%;\"\n                \/>\n            <\/a>\n        <\/div>\n\t\t\t\t\t\t\t<\/div> \n\t\t\t\n        \n\t\t\t\t<div id=\"ngg-image-140\" class=\"ngg-gallery-thumbnail-box\" >\n\t\t\t\t        <div class=\"ngg-gallery-thumbnail\">\n            <a href=\"http:\/\/www.karate-neuhofen.at\/wp-content\/gallery\/10-sommercamp-2018\/Sommercamp20181141.JPG\"\n               title=\"\"\n               data-src=\"http:\/\/www.karate-neuhofen.at\/wp-content\/gallery\/10-sommercamp-2018\/Sommercamp20181141.JPG\"\n               data-thumbnail=\"http:\/\/www.karate-neuhofen.at\/wp-content\/gallery\/10-sommercamp-2018\/thumbs\/thumbs_Sommercamp20181141.JPG\"\n               data-image-id=\"20877\"\n               data-title=\"Sommercamp2018(1141)\"\n               data-description=\"\"\n               data-image-slug=\"sommercamp20181141\"\n               class=\"shutterset_14ea2dae3d90de67c1fc228ab12416d8\">\n                <img\n                    title=\"Sommercamp2018(1141)\"\n                    alt=\"Sommercamp2018(1141)\"\n                    src=\"http:\/\/www.karate-neuhofen.at\/wp-content\/gallery\/10-sommercamp-2018\/thumbs\/thumbs_Sommercamp20181141.JPG\"\n                    width=\"240\"\n                    height=\"160\"\n                    style=\"max-width:100%;\"\n                \/>\n            <\/a>\n        <\/div>\n\t\t\t\t\t\t\t<\/div> \n\t\t\t\n        \n\t\t\t\t<div id=\"ngg-image-141\" class=\"ngg-gallery-thumbnail-box\" >\n\t\t\t\t        <div class=\"ngg-gallery-thumbnail\">\n            <a href=\"http:\/\/www.karate-neuhofen.at\/wp-content\/gallery\/10-sommercamp-2018\/Sommercamp20181142.JPG\"\n               title=\"\"\n               data-src=\"http:\/\/www.karate-neuhofen.at\/wp-content\/gallery\/10-sommercamp-2018\/Sommercamp20181142.JPG\"\n               data-thumbnail=\"http:\/\/www.karate-neuhofen.at\/wp-content\/gallery\/10-sommercamp-2018\/thumbs\/thumbs_Sommercamp20181142.JPG\"\n               data-image-id=\"20878\"\n               data-title=\"Sommercamp2018(1142)\"\n               data-description=\"\"\n               data-image-slug=\"sommercamp20181142\"\n               class=\"shutterset_14ea2dae3d90de67c1fc228ab12416d8\">\n                <img\n                    title=\"Sommercamp2018(1142)\"\n                    alt=\"Sommercamp2018(1142)\"\n                    src=\"http:\/\/www.karate-neuhofen.at\/wp-content\/gallery\/10-sommercamp-2018\/thumbs\/thumbs_Sommercamp20181142.JPG\"\n                    width=\"240\"\n                    height=\"160\"\n                    style=\"max-width:100%;\"\n                \/>\n            <\/a>\n        <\/div>\n\t\t\t\t\t\t\t<\/div> \n\t\t\t\n        \n\t\t\t\t<div id=\"ngg-image-142\" class=\"ngg-gallery-thumbnail-box\" >\n\t\t\t\t        <div class=\"ngg-gallery-thumbnail\">\n            <a href=\"http:\/\/www.karate-neuhofen.at\/wp-content\/gallery\/10-sommercamp-2018\/Sommercamp20181143.JPG\"\n               title=\"\"\n               data-src=\"http:\/\/www.karate-neuhofen.at\/wp-content\/gallery\/10-sommercamp-2018\/Sommercamp20181143.JPG\"\n               data-thumbnail=\"http:\/\/www.karate-neuhofen.at\/wp-content\/gallery\/10-sommercamp-2018\/thumbs\/thumbs_Sommercamp20181143.JPG\"\n               data-image-id=\"20879\"\n               data-title=\"Sommercamp2018(1143)\"\n               data-description=\"\"\n               data-image-slug=\"sommercamp20181143\"\n               class=\"shutterset_14ea2dae3d90de67c1fc228ab12416d8\">\n                <img\n                    title=\"Sommercamp2018(1143)\"\n                    alt=\"Sommercamp2018(1143)\"\n                    src=\"http:\/\/www.karate-neuhofen.at\/wp-content\/gallery\/10-sommercamp-2018\/thumbs\/thumbs_Sommercamp20181143.JPG\"\n                    width=\"240\"\n                    height=\"160\"\n                    style=\"max-width:100%;\"\n                \/>\n            <\/a>\n        <\/div>\n\t\t\t\t\t\t\t<\/div> \n\t\t\t\n        \n\t\t\t\t<div id=\"ngg-image-143\" class=\"ngg-gallery-thumbnail-box\" >\n\t\t\t\t        <div class=\"ngg-gallery-thumbnail\">\n            <a href=\"http:\/\/www.karate-neuhofen.at\/wp-content\/gallery\/10-sommercamp-2018\/Sommercamp20181144.JPG\"\n               title=\"\"\n               data-src=\"http:\/\/www.karate-neuhofen.at\/wp-content\/gallery\/10-sommercamp-2018\/Sommercamp20181144.JPG\"\n               data-thumbnail=\"http:\/\/www.karate-neuhofen.at\/wp-content\/gallery\/10-sommercamp-2018\/thumbs\/thumbs_Sommercamp20181144.JPG\"\n               data-image-id=\"20880\"\n               data-title=\"Sommercamp2018(1144)\"\n               data-description=\"\"\n               data-image-slug=\"sommercamp20181144\"\n               class=\"shutterset_14ea2dae3d90de67c1fc228ab12416d8\">\n                <img\n                    title=\"Sommercamp2018(1144)\"\n                    alt=\"Sommercamp2018(1144)\"\n                    src=\"http:\/\/www.karate-neuhofen.at\/wp-content\/gallery\/10-sommercamp-2018\/thumbs\/thumbs_Sommercamp20181144.JPG\"\n                    width=\"240\"\n                    height=\"160\"\n                    style=\"max-width:100%;\"\n                \/>\n            <\/a>\n        <\/div>\n\t\t\t\t\t\t\t<\/div> \n\t\t\t\n        \n\t\t\t\t<div id=\"ngg-image-144\" class=\"ngg-gallery-thumbnail-box\" >\n\t\t\t\t        <div class=\"ngg-gallery-thumbnail\">\n            <a href=\"http:\/\/www.karate-neuhofen.at\/wp-content\/gallery\/10-sommercamp-2018\/Sommercamp20181145.JPG\"\n               title=\"\"\n               data-src=\"http:\/\/www.karate-neuhofen.at\/wp-content\/gallery\/10-sommercamp-2018\/Sommercamp20181145.JPG\"\n               data-thumbnail=\"http:\/\/www.karate-neuhofen.at\/wp-content\/gallery\/10-sommercamp-2018\/thumbs\/thumbs_Sommercamp20181145.JPG\"\n               data-image-id=\"20881\"\n               data-title=\"Sommercamp2018(1145)\"\n               data-description=\"\"\n               data-image-slug=\"sommercamp20181145\"\n               class=\"shutterset_14ea2dae3d90de67c1fc228ab12416d8\">\n                <img\n                    title=\"Sommercamp2018(1145)\"\n                    alt=\"Sommercamp2018(1145)\"\n                    src=\"http:\/\/www.karate-neuhofen.at\/wp-content\/gallery\/10-sommercamp-2018\/thumbs\/thumbs_Sommercamp20181145.JPG\"\n                    width=\"240\"\n                    height=\"160\"\n                    style=\"max-width:100%;\"\n                \/>\n            <\/a>\n        <\/div>\n\t\t\t\t\t\t\t<\/div> \n\t\t\t\n        \n\t\t\t\t<div id=\"ngg-image-145\" class=\"ngg-gallery-thumbnail-box\" >\n\t\t\t\t        <div class=\"ngg-gallery-thumbnail\">\n            <a href=\"http:\/\/www.karate-neuhofen.at\/wp-content\/gallery\/10-sommercamp-2018\/Sommercamp20181146.JPG\"\n               title=\"\"\n               data-src=\"http:\/\/www.karate-neuhofen.at\/wp-content\/gallery\/10-sommercamp-2018\/Sommercamp20181146.JPG\"\n               data-thumbnail=\"http:\/\/www.karate-neuhofen.at\/wp-content\/gallery\/10-sommercamp-2018\/thumbs\/thumbs_Sommercamp20181146.JPG\"\n               data-image-id=\"20882\"\n               data-title=\"Sommercamp2018(1146)\"\n               data-description=\"\"\n               data-image-slug=\"sommercamp20181146\"\n               class=\"shutterset_14ea2dae3d90de67c1fc228ab12416d8\">\n                <img\n                    title=\"Sommercamp2018(1146)\"\n                    alt=\"Sommercamp2018(1146)\"\n                    src=\"http:\/\/www.karate-neuhofen.at\/wp-content\/gallery\/10-sommercamp-2018\/thumbs\/thumbs_Sommercamp20181146.JPG\"\n                    width=\"240\"\n                    height=\"160\"\n                    style=\"max-width:100%;\"\n                \/>\n            <\/a>\n        <\/div>\n\t\t\t\t\t\t\t<\/div> \n\t\t\t\n        \n\t\t\t\t<div id=\"ngg-image-146\" class=\"ngg-gallery-thumbnail-box\" >\n\t\t\t\t        <div class=\"ngg-gallery-thumbnail\">\n            <a href=\"http:\/\/www.karate-neuhofen.at\/wp-content\/gallery\/10-sommercamp-2018\/Sommercamp20181147.JPG\"\n               title=\"\"\n               data-src=\"http:\/\/www.karate-neuhofen.at\/wp-content\/gallery\/10-sommercamp-2018\/Sommercamp20181147.JPG\"\n               data-thumbnail=\"http:\/\/www.karate-neuhofen.at\/wp-content\/gallery\/10-sommercamp-2018\/thumbs\/thumbs_Sommercamp20181147.JPG\"\n               data-image-id=\"20883\"\n               data-title=\"Sommercamp2018(1147)\"\n               data-description=\"\"\n               data-image-slug=\"sommercamp20181147\"\n               class=\"shutterset_14ea2dae3d90de67c1fc228ab12416d8\">\n                <img\n                    title=\"Sommercamp2018(1147)\"\n                    alt=\"Sommercamp2018(1147)\"\n                    src=\"http:\/\/www.karate-neuhofen.at\/wp-content\/gallery\/10-sommercamp-2018\/thumbs\/thumbs_Sommercamp20181147.JPG\"\n                    width=\"240\"\n                    height=\"160\"\n                    style=\"max-width:100%;\"\n                \/>\n            <\/a>\n        <\/div>\n\t\t\t\t\t\t\t<\/div> \n\t\t\t\n        \n\t\t\t\t<div id=\"ngg-image-147\" class=\"ngg-gallery-thumbnail-box\" >\n\t\t\t\t        <div class=\"ngg-gallery-thumbnail\">\n            <a href=\"http:\/\/www.karate-neuhofen.at\/wp-content\/gallery\/10-sommercamp-2018\/Sommercamp20181148.JPG\"\n               title=\"\"\n               data-src=\"http:\/\/www.karate-neuhofen.at\/wp-content\/gallery\/10-sommercamp-2018\/Sommercamp20181148.JPG\"\n               data-thumbnail=\"http:\/\/www.karate-neuhofen.at\/wp-content\/gallery\/10-sommercamp-2018\/thumbs\/thumbs_Sommercamp20181148.JPG\"\n               data-image-id=\"20884\"\n               data-title=\"Sommercamp2018(1148)\"\n               data-description=\"\"\n               data-image-slug=\"sommercamp20181148\"\n               class=\"shutterset_14ea2dae3d90de67c1fc228ab12416d8\">\n                <img\n                    title=\"Sommercamp2018(1148)\"\n                    alt=\"Sommercamp2018(1148)\"\n                    src=\"http:\/\/www.karate-neuhofen.at\/wp-content\/gallery\/10-sommercamp-2018\/thumbs\/thumbs_Sommercamp20181148.JPG\"\n                    width=\"240\"\n                    height=\"160\"\n                    style=\"max-width:100%;\"\n                \/>\n            <\/a>\n        <\/div>\n\t\t\t\t\t\t\t<\/div> \n\t\t\t\n        \n\t\t\t\t<div id=\"ngg-image-148\" class=\"ngg-gallery-thumbnail-box\" >\n\t\t\t\t        <div class=\"ngg-gallery-thumbnail\">\n            <a href=\"http:\/\/www.karate-neuhofen.at\/wp-content\/gallery\/10-sommercamp-2018\/Sommercamp20181149.JPG\"\n               title=\"\"\n               data-src=\"http:\/\/www.karate-neuhofen.at\/wp-content\/gallery\/10-sommercamp-2018\/Sommercamp20181149.JPG\"\n               data-thumbnail=\"http:\/\/www.karate-neuhofen.at\/wp-content\/gallery\/10-sommercamp-2018\/thumbs\/thumbs_Sommercamp20181149.JPG\"\n               data-image-id=\"20885\"\n               data-title=\"Sommercamp2018(1149)\"\n               data-description=\"\"\n               data-image-slug=\"sommercamp20181149\"\n               class=\"shutterset_14ea2dae3d90de67c1fc228ab12416d8\">\n                <img\n                    title=\"Sommercamp2018(1149)\"\n                    alt=\"Sommercamp2018(1149)\"\n                    src=\"http:\/\/www.karate-neuhofen.at\/wp-content\/gallery\/10-sommercamp-2018\/thumbs\/thumbs_Sommercamp20181149.JPG\"\n                    width=\"240\"\n                    height=\"160\"\n                    style=\"max-width:100%;\"\n                \/>\n            <\/a>\n        <\/div>\n\t\t\t\t\t\t\t<\/div> \n\t\t\t\n        \n\t\t\t\t<div id=\"ngg-image-149\" class=\"ngg-gallery-thumbnail-box\" >\n\t\t\t\t        <div class=\"ngg-gallery-thumbnail\">\n            <a href=\"http:\/\/www.karate-neuhofen.at\/wp-content\/gallery\/10-sommercamp-2018\/Sommercamp20181150.JPG\"\n               title=\"\"\n               data-src=\"http:\/\/www.karate-neuhofen.at\/wp-content\/gallery\/10-sommercamp-2018\/Sommercamp20181150.JPG\"\n               data-thumbnail=\"http:\/\/www.karate-neuhofen.at\/wp-content\/gallery\/10-sommercamp-2018\/thumbs\/thumbs_Sommercamp20181150.JPG\"\n               data-image-id=\"20886\"\n               data-title=\"Sommercamp2018(1150)\"\n               data-description=\"\"\n               data-image-slug=\"sommercamp20181150\"\n               class=\"shutterset_14ea2dae3d90de67c1fc228ab12416d8\">\n                <img\n                    title=\"Sommercamp2018(1150)\"\n                    alt=\"Sommercamp2018(1150)\"\n                    src=\"http:\/\/www.karate-neuhofen.at\/wp-content\/gallery\/10-sommercamp-2018\/thumbs\/thumbs_Sommercamp20181150.JPG\"\n                    width=\"240\"\n                    height=\"160\"\n                    style=\"max-width:100%;\"\n                \/>\n            <\/a>\n        <\/div>\n\t\t\t\t\t\t\t<\/div> \n\t\t\t\n        \n\t\t\t\t<div id=\"ngg-image-150\" class=\"ngg-gallery-thumbnail-box\" >\n\t\t\t\t        <div class=\"ngg-gallery-thumbnail\">\n            <a href=\"http:\/\/www.karate-neuhofen.at\/wp-content\/gallery\/10-sommercamp-2018\/Sommercamp20181151.JPG\"\n               title=\"\"\n               data-src=\"http:\/\/www.karate-neuhofen.at\/wp-content\/gallery\/10-sommercamp-2018\/Sommercamp20181151.JPG\"\n               data-thumbnail=\"http:\/\/www.karate-neuhofen.at\/wp-content\/gallery\/10-sommercamp-2018\/thumbs\/thumbs_Sommercamp20181151.JPG\"\n               data-image-id=\"20887\"\n               data-title=\"Sommercamp2018(1151)\"\n               data-description=\"\"\n               data-image-slug=\"sommercamp20181151\"\n               class=\"shutterset_14ea2dae3d90de67c1fc228ab12416d8\">\n                <img\n                    title=\"Sommercamp2018(1151)\"\n                    alt=\"Sommercamp2018(1151)\"\n                    src=\"http:\/\/www.karate-neuhofen.at\/wp-content\/gallery\/10-sommercamp-2018\/thumbs\/thumbs_Sommercamp20181151.JPG\"\n                    width=\"240\"\n                    height=\"160\"\n                    style=\"max-width:100%;\"\n                \/>\n            <\/a>\n        <\/div>\n\t\t\t\t\t\t\t<\/div> \n\t\t\t\n        \n\t\t\t\t<div id=\"ngg-image-151\" class=\"ngg-gallery-thumbnail-box\" >\n\t\t\t\t        <div class=\"ngg-gallery-thumbnail\">\n            <a href=\"http:\/\/www.karate-neuhofen.at\/wp-content\/gallery\/10-sommercamp-2018\/Sommercamp20181152.JPG\"\n               title=\"\"\n               data-src=\"http:\/\/www.karate-neuhofen.at\/wp-content\/gallery\/10-sommercamp-2018\/Sommercamp20181152.JPG\"\n               data-thumbnail=\"http:\/\/www.karate-neuhofen.at\/wp-content\/gallery\/10-sommercamp-2018\/thumbs\/thumbs_Sommercamp20181152.JPG\"\n               data-image-id=\"20888\"\n               data-title=\"Sommercamp2018(1152)\"\n               data-description=\"\"\n               data-image-slug=\"sommercamp20181152\"\n               class=\"shutterset_14ea2dae3d90de67c1fc228ab12416d8\">\n                <img\n                    title=\"Sommercamp2018(1152)\"\n                    alt=\"Sommercamp2018(1152)\"\n                    src=\"http:\/\/www.karate-neuhofen.at\/wp-content\/gallery\/10-sommercamp-2018\/thumbs\/thumbs_Sommercamp20181152.JPG\"\n                    width=\"240\"\n                    height=\"160\"\n                    style=\"max-width:100%;\"\n                \/>\n            <\/a>\n        <\/div>\n\t\t\t\t\t\t\t<\/div> \n\t\t\t\n        \n\t\t\t\t<div id=\"ngg-image-152\" class=\"ngg-gallery-thumbnail-box\" >\n\t\t\t\t        <div class=\"ngg-gallery-thumbnail\">\n            <a href=\"http:\/\/www.karate-neuhofen.at\/wp-content\/gallery\/10-sommercamp-2018\/Sommercamp20181153.JPG\"\n               title=\"\"\n               data-src=\"http:\/\/www.karate-neuhofen.at\/wp-content\/gallery\/10-sommercamp-2018\/Sommercamp20181153.JPG\"\n               data-thumbnail=\"http:\/\/www.karate-neuhofen.at\/wp-content\/gallery\/10-sommercamp-2018\/thumbs\/thumbs_Sommercamp20181153.JPG\"\n               data-image-id=\"20889\"\n               data-title=\"Sommercamp2018(1153)\"\n               data-description=\"\"\n               data-image-slug=\"sommercamp20181153\"\n               class=\"shutterset_14ea2dae3d90de67c1fc228ab12416d8\">\n                <img\n                    title=\"Sommercamp2018(1153)\"\n                    alt=\"Sommercamp2018(1153)\"\n                    src=\"http:\/\/www.karate-neuhofen.at\/wp-content\/gallery\/10-sommercamp-2018\/thumbs\/thumbs_Sommercamp20181153.JPG\"\n                    width=\"240\"\n                    height=\"160\"\n                    style=\"max-width:100%;\"\n                \/>\n            <\/a>\n        <\/div>\n\t\t\t\t\t\t\t<\/div> \n\t\t\t\n        \n\t\t\t\t<div id=\"ngg-image-153\" class=\"ngg-gallery-thumbnail-box\" >\n\t\t\t\t        <div class=\"ngg-gallery-thumbnail\">\n            <a href=\"http:\/\/www.karate-neuhofen.at\/wp-content\/gallery\/10-sommercamp-2018\/Sommercamp20181154.JPG\"\n               title=\"\"\n               data-src=\"http:\/\/www.karate-neuhofen.at\/wp-content\/gallery\/10-sommercamp-2018\/Sommercamp20181154.JPG\"\n               data-thumbnail=\"http:\/\/www.karate-neuhofen.at\/wp-content\/gallery\/10-sommercamp-2018\/thumbs\/thumbs_Sommercamp20181154.JPG\"\n               data-image-id=\"20890\"\n               data-title=\"Sommercamp2018(1154)\"\n               data-description=\"\"\n               data-image-slug=\"sommercamp20181154\"\n               class=\"shutterset_14ea2dae3d90de67c1fc228ab12416d8\">\n                <img\n                    title=\"Sommercamp2018(1154)\"\n                    alt=\"Sommercamp2018(1154)\"\n                    src=\"http:\/\/www.karate-neuhofen.at\/wp-content\/gallery\/10-sommercamp-2018\/thumbs\/thumbs_Sommercamp20181154.JPG\"\n                    width=\"240\"\n                    height=\"160\"\n                    style=\"max-width:100%;\"\n                \/>\n            <\/a>\n        <\/div>\n\t\t\t\t\t\t\t<\/div> \n\t\t\t\n        \n\t\t\t\t<div id=\"ngg-image-154\" class=\"ngg-gallery-thumbnail-box\" >\n\t\t\t\t        <div class=\"ngg-gallery-thumbnail\">\n            <a href=\"http:\/\/www.karate-neuhofen.at\/wp-content\/gallery\/10-sommercamp-2018\/Sommercamp20181155.JPG\"\n               title=\"\"\n               data-src=\"http:\/\/www.karate-neuhofen.at\/wp-content\/gallery\/10-sommercamp-2018\/Sommercamp20181155.JPG\"\n               data-thumbnail=\"http:\/\/www.karate-neuhofen.at\/wp-content\/gallery\/10-sommercamp-2018\/thumbs\/thumbs_Sommercamp20181155.JPG\"\n               data-image-id=\"20891\"\n               data-title=\"Sommercamp2018(1155)\"\n               data-description=\"\"\n               data-image-slug=\"sommercamp20181155\"\n               class=\"shutterset_14ea2dae3d90de67c1fc228ab12416d8\">\n                <img\n                    title=\"Sommercamp2018(1155)\"\n                    alt=\"Sommercamp2018(1155)\"\n                    src=\"http:\/\/www.karate-neuhofen.at\/wp-content\/gallery\/10-sommercamp-2018\/thumbs\/thumbs_Sommercamp20181155.JPG\"\n                    width=\"240\"\n                    height=\"160\"\n                    style=\"max-width:100%;\"\n                \/>\n            <\/a>\n        <\/div>\n\t\t\t\t\t\t\t<\/div> \n\t\t\t\n        \n\t\t\t\t<div id=\"ngg-image-155\" class=\"ngg-gallery-thumbnail-box\" >\n\t\t\t\t        <div class=\"ngg-gallery-thumbnail\">\n            <a href=\"http:\/\/www.karate-neuhofen.at\/wp-content\/gallery\/10-sommercamp-2018\/Sommercamp20181156.JPG\"\n               title=\"\"\n               data-src=\"http:\/\/www.karate-neuhofen.at\/wp-content\/gallery\/10-sommercamp-2018\/Sommercamp20181156.JPG\"\n               data-thumbnail=\"http:\/\/www.karate-neuhofen.at\/wp-content\/gallery\/10-sommercamp-2018\/thumbs\/thumbs_Sommercamp20181156.JPG\"\n               data-image-id=\"20892\"\n               data-title=\"Sommercamp2018(1156)\"\n               data-description=\"\"\n               data-image-slug=\"sommercamp20181156\"\n               class=\"shutterset_14ea2dae3d90de67c1fc228ab12416d8\">\n                <img\n                    title=\"Sommercamp2018(1156)\"\n                    alt=\"Sommercamp2018(1156)\"\n                    src=\"http:\/\/www.karate-neuhofen.at\/wp-content\/gallery\/10-sommercamp-2018\/thumbs\/thumbs_Sommercamp20181156.JPG\"\n                    width=\"240\"\n                    height=\"160\"\n                    style=\"max-width:100%;\"\n                \/>\n            <\/a>\n        <\/div>\n\t\t\t\t\t\t\t<\/div> \n\t\t\t\n        \n\t\t\t\t<div id=\"ngg-image-156\" class=\"ngg-gallery-thumbnail-box\" >\n\t\t\t\t        <div class=\"ngg-gallery-thumbnail\">\n            <a href=\"http:\/\/www.karate-neuhofen.at\/wp-content\/gallery\/10-sommercamp-2018\/Sommercamp20181157.JPG\"\n               title=\"\"\n               data-src=\"http:\/\/www.karate-neuhofen.at\/wp-content\/gallery\/10-sommercamp-2018\/Sommercamp20181157.JPG\"\n               data-thumbnail=\"http:\/\/www.karate-neuhofen.at\/wp-content\/gallery\/10-sommercamp-2018\/thumbs\/thumbs_Sommercamp20181157.JPG\"\n               data-image-id=\"20893\"\n               data-title=\"Sommercamp2018(1157)\"\n               data-description=\"\"\n               data-image-slug=\"sommercamp20181157\"\n               class=\"shutterset_14ea2dae3d90de67c1fc228ab12416d8\">\n                <img\n                    title=\"Sommercamp2018(1157)\"\n                    alt=\"Sommercamp2018(1157)\"\n                    src=\"http:\/\/www.karate-neuhofen.at\/wp-content\/gallery\/10-sommercamp-2018\/thumbs\/thumbs_Sommercamp20181157.JPG\"\n                    width=\"240\"\n                    height=\"160\"\n                    style=\"max-width:100%;\"\n                \/>\n            <\/a>\n        <\/div>\n\t\t\t\t\t\t\t<\/div> \n\t\t\t\n        \n\t\t\t\t<div id=\"ngg-image-157\" class=\"ngg-gallery-thumbnail-box\" >\n\t\t\t\t        <div class=\"ngg-gallery-thumbnail\">\n            <a href=\"http:\/\/www.karate-neuhofen.at\/wp-content\/gallery\/10-sommercamp-2018\/Sommercamp20181158.JPG\"\n               title=\"\"\n               data-src=\"http:\/\/www.karate-neuhofen.at\/wp-content\/gallery\/10-sommercamp-2018\/Sommercamp20181158.JPG\"\n               data-thumbnail=\"http:\/\/www.karate-neuhofen.at\/wp-content\/gallery\/10-sommercamp-2018\/thumbs\/thumbs_Sommercamp20181158.JPG\"\n               data-image-id=\"20894\"\n               data-title=\"Sommercamp2018(1158)\"\n               data-description=\"\"\n               data-image-slug=\"sommercamp20181158\"\n               class=\"shutterset_14ea2dae3d90de67c1fc228ab12416d8\">\n                <img\n                    title=\"Sommercamp2018(1158)\"\n                    alt=\"Sommercamp2018(1158)\"\n                    src=\"http:\/\/www.karate-neuhofen.at\/wp-content\/gallery\/10-sommercamp-2018\/thumbs\/thumbs_Sommercamp20181158.JPG\"\n                    width=\"240\"\n                    height=\"160\"\n                    style=\"max-width:100%;\"\n                \/>\n            <\/a>\n        <\/div>\n\t\t\t\t\t\t\t<\/div> \n\t\t\t\n        \n\t\t\t\t<div id=\"ngg-image-158\" class=\"ngg-gallery-thumbnail-box\" >\n\t\t\t\t        <div class=\"ngg-gallery-thumbnail\">\n            <a href=\"http:\/\/www.karate-neuhofen.at\/wp-content\/gallery\/10-sommercamp-2018\/Sommercamp20181159.JPG\"\n               title=\"\"\n               data-src=\"http:\/\/www.karate-neuhofen.at\/wp-content\/gallery\/10-sommercamp-2018\/Sommercamp20181159.JPG\"\n               data-thumbnail=\"http:\/\/www.karate-neuhofen.at\/wp-content\/gallery\/10-sommercamp-2018\/thumbs\/thumbs_Sommercamp20181159.JPG\"\n               data-image-id=\"20895\"\n               data-title=\"Sommercamp2018(1159)\"\n               data-description=\"\"\n               data-image-slug=\"sommercamp20181159\"\n               class=\"shutterset_14ea2dae3d90de67c1fc228ab12416d8\">\n                <img\n                    title=\"Sommercamp2018(1159)\"\n                    alt=\"Sommercamp2018(1159)\"\n                    src=\"http:\/\/www.karate-neuhofen.at\/wp-content\/gallery\/10-sommercamp-2018\/thumbs\/thumbs_Sommercamp20181159.JPG\"\n                    width=\"240\"\n                    height=\"160\"\n                    style=\"max-width:100%;\"\n                \/>\n            <\/a>\n        <\/div>\n\t\t\t\t\t\t\t<\/div> \n\t\t\t\n        \n\t\t\t\t<div id=\"ngg-image-159\" class=\"ngg-gallery-thumbnail-box\" >\n\t\t\t\t        <div class=\"ngg-gallery-thumbnail\">\n            <a href=\"http:\/\/www.karate-neuhofen.at\/wp-content\/gallery\/10-sommercamp-2018\/Sommercamp20181160.JPG\"\n               title=\"\"\n               data-src=\"http:\/\/www.karate-neuhofen.at\/wp-content\/gallery\/10-sommercamp-2018\/Sommercamp20181160.JPG\"\n               data-thumbnail=\"http:\/\/www.karate-neuhofen.at\/wp-content\/gallery\/10-sommercamp-2018\/thumbs\/thumbs_Sommercamp20181160.JPG\"\n               data-image-id=\"20896\"\n               data-title=\"Sommercamp2018(1160)\"\n               data-description=\"\"\n               data-image-slug=\"sommercamp20181160\"\n               class=\"shutterset_14ea2dae3d90de67c1fc228ab12416d8\">\n                <img\n                    title=\"Sommercamp2018(1160)\"\n                    alt=\"Sommercamp2018(1160)\"\n                    src=\"http:\/\/www.karate-neuhofen.at\/wp-content\/gallery\/10-sommercamp-2018\/thumbs\/thumbs_Sommercamp20181160.JPG\"\n                    width=\"240\"\n                    height=\"160\"\n                    style=\"max-width:100%;\"\n                \/>\n            <\/a>\n        <\/div>\n\t\t\t\t\t\t\t<\/div> \n\t\t\t\n        \n\t\t\t\t<div id=\"ngg-image-160\" class=\"ngg-gallery-thumbnail-box\" >\n\t\t\t\t        <div class=\"ngg-gallery-thumbnail\">\n            <a href=\"http:\/\/www.karate-neuhofen.at\/wp-content\/gallery\/10-sommercamp-2018\/Sommercamp20181161.JPG\"\n               title=\"\"\n               data-src=\"http:\/\/www.karate-neuhofen.at\/wp-content\/gallery\/10-sommercamp-2018\/Sommercamp20181161.JPG\"\n               data-thumbnail=\"http:\/\/www.karate-neuhofen.at\/wp-content\/gallery\/10-sommercamp-2018\/thumbs\/thumbs_Sommercamp20181161.JPG\"\n               data-image-id=\"20897\"\n               data-title=\"Sommercamp2018(1161)\"\n               data-description=\"\"\n               data-image-slug=\"sommercamp20181161\"\n               class=\"shutterset_14ea2dae3d90de67c1fc228ab12416d8\">\n                <img\n                    title=\"Sommercamp2018(1161)\"\n                    alt=\"Sommercamp2018(1161)\"\n                    src=\"http:\/\/www.karate-neuhofen.at\/wp-content\/gallery\/10-sommercamp-2018\/thumbs\/thumbs_Sommercamp20181161.JPG\"\n                    width=\"240\"\n                    height=\"160\"\n                    style=\"max-width:100%;\"\n                \/>\n            <\/a>\n        <\/div>\n\t\t\t\t\t\t\t<\/div> \n\t\t\t\n        \n\t\t\t\t<div id=\"ngg-image-161\" class=\"ngg-gallery-thumbnail-box\" >\n\t\t\t\t        <div class=\"ngg-gallery-thumbnail\">\n            <a href=\"http:\/\/www.karate-neuhofen.at\/wp-content\/gallery\/10-sommercamp-2018\/Sommercamp20181162.JPG\"\n               title=\"\"\n               data-src=\"http:\/\/www.karate-neuhofen.at\/wp-content\/gallery\/10-sommercamp-2018\/Sommercamp20181162.JPG\"\n               data-thumbnail=\"http:\/\/www.karate-neuhofen.at\/wp-content\/gallery\/10-sommercamp-2018\/thumbs\/thumbs_Sommercamp20181162.JPG\"\n               data-image-id=\"20898\"\n               data-title=\"Sommercamp2018(1162)\"\n               data-description=\"\"\n               data-image-slug=\"sommercamp20181162\"\n               class=\"shutterset_14ea2dae3d90de67c1fc228ab12416d8\">\n                <img\n                    title=\"Sommercamp2018(1162)\"\n                    alt=\"Sommercamp2018(1162)\"\n                    src=\"http:\/\/www.karate-neuhofen.at\/wp-content\/gallery\/10-sommercamp-2018\/thumbs\/thumbs_Sommercamp20181162.JPG\"\n                    width=\"240\"\n                    height=\"160\"\n                    style=\"max-width:100%;\"\n                \/>\n            <\/a>\n        <\/div>\n\t\t\t\t\t\t\t<\/div> \n\t\t\t\n        \n\t\t\t\t<div id=\"ngg-image-162\" class=\"ngg-gallery-thumbnail-box\" >\n\t\t\t\t        <div class=\"ngg-gallery-thumbnail\">\n            <a href=\"http:\/\/www.karate-neuhofen.at\/wp-content\/gallery\/10-sommercamp-2018\/Sommercamp20181163.JPG\"\n               title=\"\"\n               data-src=\"http:\/\/www.karate-neuhofen.at\/wp-content\/gallery\/10-sommercamp-2018\/Sommercamp20181163.JPG\"\n               data-thumbnail=\"http:\/\/www.karate-neuhofen.at\/wp-content\/gallery\/10-sommercamp-2018\/thumbs\/thumbs_Sommercamp20181163.JPG\"\n               data-image-id=\"20899\"\n               data-title=\"Sommercamp2018(1163)\"\n               data-description=\"\"\n               data-image-slug=\"sommercamp20181163\"\n               class=\"shutterset_14ea2dae3d90de67c1fc228ab12416d8\">\n                <img\n                    title=\"Sommercamp2018(1163)\"\n                    alt=\"Sommercamp2018(1163)\"\n                    src=\"http:\/\/www.karate-neuhofen.at\/wp-content\/gallery\/10-sommercamp-2018\/thumbs\/thumbs_Sommercamp20181163.JPG\"\n                    width=\"240\"\n                    height=\"160\"\n                    style=\"max-width:100%;\"\n                \/>\n            <\/a>\n        <\/div>\n\t\t\t\t\t\t\t<\/div> \n\t\t\t\n        \n\t\t\t\t<div id=\"ngg-image-163\" class=\"ngg-gallery-thumbnail-box\" >\n\t\t\t\t        <div class=\"ngg-gallery-thumbnail\">\n            <a href=\"http:\/\/www.karate-neuhofen.at\/wp-content\/gallery\/10-sommercamp-2018\/Sommercamp20181164.JPG\"\n               title=\"\"\n               data-src=\"http:\/\/www.karate-neuhofen.at\/wp-content\/gallery\/10-sommercamp-2018\/Sommercamp20181164.JPG\"\n               data-thumbnail=\"http:\/\/www.karate-neuhofen.at\/wp-content\/gallery\/10-sommercamp-2018\/thumbs\/thumbs_Sommercamp20181164.JPG\"\n               data-image-id=\"20900\"\n               data-title=\"Sommercamp2018(1164)\"\n               data-description=\"\"\n               data-image-slug=\"sommercamp20181164\"\n               class=\"shutterset_14ea2dae3d90de67c1fc228ab12416d8\">\n                <img\n                    title=\"Sommercamp2018(1164)\"\n                    alt=\"Sommercamp2018(1164)\"\n                    src=\"http:\/\/www.karate-neuhofen.at\/wp-content\/gallery\/10-sommercamp-2018\/thumbs\/thumbs_Sommercamp20181164.JPG\"\n                    width=\"240\"\n                    height=\"160\"\n                    style=\"max-width:100%;\"\n                \/>\n            <\/a>\n        <\/div>\n\t\t\t\t\t\t\t<\/div> \n\t\t\t\n        \n\t\t\t\t<div id=\"ngg-image-164\" class=\"ngg-gallery-thumbnail-box\" >\n\t\t\t\t        <div class=\"ngg-gallery-thumbnail\">\n            <a href=\"http:\/\/www.karate-neuhofen.at\/wp-content\/gallery\/10-sommercamp-2018\/Sommercamp20181165.JPG\"\n               title=\"\"\n               data-src=\"http:\/\/www.karate-neuhofen.at\/wp-content\/gallery\/10-sommercamp-2018\/Sommercamp20181165.JPG\"\n               data-thumbnail=\"http:\/\/www.karate-neuhofen.at\/wp-content\/gallery\/10-sommercamp-2018\/thumbs\/thumbs_Sommercamp20181165.JPG\"\n               data-image-id=\"20901\"\n               data-title=\"Sommercamp2018(1165)\"\n               data-description=\"\"\n               data-image-slug=\"sommercamp20181165\"\n               class=\"shutterset_14ea2dae3d90de67c1fc228ab12416d8\">\n                <img\n                    title=\"Sommercamp2018(1165)\"\n                    alt=\"Sommercamp2018(1165)\"\n                    src=\"http:\/\/www.karate-neuhofen.at\/wp-content\/gallery\/10-sommercamp-2018\/thumbs\/thumbs_Sommercamp20181165.JPG\"\n                    width=\"240\"\n                    height=\"160\"\n                    style=\"max-width:100%;\"\n                \/>\n            <\/a>\n        <\/div>\n\t\t\t\t\t\t\t<\/div> \n\t\t\t\n        \n\t\t\t\t<div id=\"ngg-image-165\" class=\"ngg-gallery-thumbnail-box\" >\n\t\t\t\t        <div class=\"ngg-gallery-thumbnail\">\n            <a href=\"http:\/\/www.karate-neuhofen.at\/wp-content\/gallery\/10-sommercamp-2018\/Sommercamp20181166.JPG\"\n               title=\"\"\n               data-src=\"http:\/\/www.karate-neuhofen.at\/wp-content\/gallery\/10-sommercamp-2018\/Sommercamp20181166.JPG\"\n               data-thumbnail=\"http:\/\/www.karate-neuhofen.at\/wp-content\/gallery\/10-sommercamp-2018\/thumbs\/thumbs_Sommercamp20181166.JPG\"\n               data-image-id=\"20902\"\n               data-title=\"Sommercamp2018(1166)\"\n               data-description=\"\"\n               data-image-slug=\"sommercamp20181166\"\n               class=\"shutterset_14ea2dae3d90de67c1fc228ab12416d8\">\n                <img\n                    title=\"Sommercamp2018(1166)\"\n                    alt=\"Sommercamp2018(1166)\"\n                    src=\"http:\/\/www.karate-neuhofen.at\/wp-content\/gallery\/10-sommercamp-2018\/thumbs\/thumbs_Sommercamp20181166.JPG\"\n                    width=\"240\"\n                    height=\"160\"\n                    style=\"max-width:100%;\"\n                \/>\n            <\/a>\n        <\/div>\n\t\t\t\t\t\t\t<\/div> \n\t\t\t\n        \n\t\t\t\t<div id=\"ngg-image-166\" class=\"ngg-gallery-thumbnail-box\" >\n\t\t\t\t        <div class=\"ngg-gallery-thumbnail\">\n            <a href=\"http:\/\/www.karate-neuhofen.at\/wp-content\/gallery\/10-sommercamp-2018\/Sommercamp20181167.JPG\"\n               title=\"\"\n               data-src=\"http:\/\/www.karate-neuhofen.at\/wp-content\/gallery\/10-sommercamp-2018\/Sommercamp20181167.JPG\"\n               data-thumbnail=\"http:\/\/www.karate-neuhofen.at\/wp-content\/gallery\/10-sommercamp-2018\/thumbs\/thumbs_Sommercamp20181167.JPG\"\n               data-image-id=\"20903\"\n               data-title=\"Sommercamp2018(1167)\"\n               data-description=\"\"\n               data-image-slug=\"sommercamp20181167\"\n               class=\"shutterset_14ea2dae3d90de67c1fc228ab12416d8\">\n                <img\n                    title=\"Sommercamp2018(1167)\"\n                    alt=\"Sommercamp2018(1167)\"\n                    src=\"http:\/\/www.karate-neuhofen.at\/wp-content\/gallery\/10-sommercamp-2018\/thumbs\/thumbs_Sommercamp20181167.JPG\"\n                    width=\"240\"\n                    height=\"160\"\n                    style=\"max-width:100%;\"\n                \/>\n            <\/a>\n        <\/div>\n\t\t\t\t\t\t\t<\/div> \n\t\t\t\n        \n\t\t\t\t<div id=\"ngg-image-167\" class=\"ngg-gallery-thumbnail-box\" >\n\t\t\t\t        <div class=\"ngg-gallery-thumbnail\">\n            <a href=\"http:\/\/www.karate-neuhofen.at\/wp-content\/gallery\/10-sommercamp-2018\/Sommercamp20181168.JPG\"\n               title=\"\"\n               data-src=\"http:\/\/www.karate-neuhofen.at\/wp-content\/gallery\/10-sommercamp-2018\/Sommercamp20181168.JPG\"\n               data-thumbnail=\"http:\/\/www.karate-neuhofen.at\/wp-content\/gallery\/10-sommercamp-2018\/thumbs\/thumbs_Sommercamp20181168.JPG\"\n               data-image-id=\"20904\"\n               data-title=\"Sommercamp2018(1168)\"\n               data-description=\"\"\n               data-image-slug=\"sommercamp20181168\"\n               class=\"shutterset_14ea2dae3d90de67c1fc228ab12416d8\">\n                <img\n                    title=\"Sommercamp2018(1168)\"\n                    alt=\"Sommercamp2018(1168)\"\n                    src=\"http:\/\/www.karate-neuhofen.at\/wp-content\/gallery\/10-sommercamp-2018\/thumbs\/thumbs_Sommercamp20181168.JPG\"\n                    width=\"240\"\n                    height=\"160\"\n                    style=\"max-width:100%;\"\n                \/>\n            <\/a>\n        <\/div>\n\t\t\t\t\t\t\t<\/div> \n\t\t\t\n        \n\t\t\t\t<div id=\"ngg-image-168\" class=\"ngg-gallery-thumbnail-box\" >\n\t\t\t\t        <div class=\"ngg-gallery-thumbnail\">\n            <a href=\"http:\/\/www.karate-neuhofen.at\/wp-content\/gallery\/10-sommercamp-2018\/Sommercamp20181169.JPG\"\n               title=\"\"\n               data-src=\"http:\/\/www.karate-neuhofen.at\/wp-content\/gallery\/10-sommercamp-2018\/Sommercamp20181169.JPG\"\n               data-thumbnail=\"http:\/\/www.karate-neuhofen.at\/wp-content\/gallery\/10-sommercamp-2018\/thumbs\/thumbs_Sommercamp20181169.JPG\"\n               data-image-id=\"20905\"\n               data-title=\"Sommercamp2018(1169)\"\n               data-description=\"\"\n               data-image-slug=\"sommercamp20181169\"\n               class=\"shutterset_14ea2dae3d90de67c1fc228ab12416d8\">\n                <img\n                    title=\"Sommercamp2018(1169)\"\n                    alt=\"Sommercamp2018(1169)\"\n                    src=\"http:\/\/www.karate-neuhofen.at\/wp-content\/gallery\/10-sommercamp-2018\/thumbs\/thumbs_Sommercamp20181169.JPG\"\n                    width=\"240\"\n                    height=\"160\"\n                    style=\"max-width:100%;\"\n                \/>\n            <\/a>\n        <\/div>\n\t\t\t\t\t\t\t<\/div> \n\t\t\t\n        \n\t\t\t\t<div id=\"ngg-image-169\" class=\"ngg-gallery-thumbnail-box\" >\n\t\t\t\t        <div class=\"ngg-gallery-thumbnail\">\n            <a href=\"http:\/\/www.karate-neuhofen.at\/wp-content\/gallery\/10-sommercamp-2018\/Sommercamp20181170.JPG\"\n               title=\"\"\n               data-src=\"http:\/\/www.karate-neuhofen.at\/wp-content\/gallery\/10-sommercamp-2018\/Sommercamp20181170.JPG\"\n               data-thumbnail=\"http:\/\/www.karate-neuhofen.at\/wp-content\/gallery\/10-sommercamp-2018\/thumbs\/thumbs_Sommercamp20181170.JPG\"\n               data-image-id=\"20906\"\n               data-title=\"Sommercamp2018(1170)\"\n               data-description=\"\"\n               data-image-slug=\"sommercamp20181170\"\n               class=\"shutterset_14ea2dae3d90de67c1fc228ab12416d8\">\n                <img\n                    title=\"Sommercamp2018(1170)\"\n                    alt=\"Sommercamp2018(1170)\"\n                    src=\"http:\/\/www.karate-neuhofen.at\/wp-content\/gallery\/10-sommercamp-2018\/thumbs\/thumbs_Sommercamp20181170.JPG\"\n                    width=\"240\"\n                    height=\"160\"\n                    style=\"max-width:100%;\"\n                \/>\n            <\/a>\n        <\/div>\n\t\t\t\t\t\t\t<\/div> \n\t\t\t\n        \n\t\t\t\t<div id=\"ngg-image-170\" class=\"ngg-gallery-thumbnail-box\" >\n\t\t\t\t        <div class=\"ngg-gallery-thumbnail\">\n            <a href=\"http:\/\/www.karate-neuhofen.at\/wp-content\/gallery\/10-sommercamp-2018\/Sommercamp20181171.JPG\"\n               title=\"\"\n               data-src=\"http:\/\/www.karate-neuhofen.at\/wp-content\/gallery\/10-sommercamp-2018\/Sommercamp20181171.JPG\"\n               data-thumbnail=\"http:\/\/www.karate-neuhofen.at\/wp-content\/gallery\/10-sommercamp-2018\/thumbs\/thumbs_Sommercamp20181171.JPG\"\n               data-image-id=\"20907\"\n               data-title=\"Sommercamp2018(1171)\"\n               data-description=\"\"\n               data-image-slug=\"sommercamp20181171\"\n               class=\"shutterset_14ea2dae3d90de67c1fc228ab12416d8\">\n                <img\n                    title=\"Sommercamp2018(1171)\"\n                    alt=\"Sommercamp2018(1171)\"\n                    src=\"http:\/\/www.karate-neuhofen.at\/wp-content\/gallery\/10-sommercamp-2018\/thumbs\/thumbs_Sommercamp20181171.JPG\"\n                    width=\"240\"\n                    height=\"160\"\n                    style=\"max-width:100%;\"\n                \/>\n            <\/a>\n        <\/div>\n\t\t\t\t\t\t\t<\/div> \n\t\t\t\n        \n\t\t\t\t<div id=\"ngg-image-171\" class=\"ngg-gallery-thumbnail-box\" >\n\t\t\t\t        <div class=\"ngg-gallery-thumbnail\">\n            <a href=\"http:\/\/www.karate-neuhofen.at\/wp-content\/gallery\/10-sommercamp-2018\/Sommercamp20181172.JPG\"\n               title=\"\"\n               data-src=\"http:\/\/www.karate-neuhofen.at\/wp-content\/gallery\/10-sommercamp-2018\/Sommercamp20181172.JPG\"\n               data-thumbnail=\"http:\/\/www.karate-neuhofen.at\/wp-content\/gallery\/10-sommercamp-2018\/thumbs\/thumbs_Sommercamp20181172.JPG\"\n               data-image-id=\"20908\"\n               data-title=\"Sommercamp2018(1172)\"\n               data-description=\"\"\n               data-image-slug=\"sommercamp20181172\"\n               class=\"shutterset_14ea2dae3d90de67c1fc228ab12416d8\">\n                <img\n                    title=\"Sommercamp2018(1172)\"\n                    alt=\"Sommercamp2018(1172)\"\n                    src=\"http:\/\/www.karate-neuhofen.at\/wp-content\/gallery\/10-sommercamp-2018\/thumbs\/thumbs_Sommercamp20181172.JPG\"\n                    width=\"240\"\n                    height=\"160\"\n                    style=\"max-width:100%;\"\n                \/>\n            <\/a>\n        <\/div>\n\t\t\t\t\t\t\t<\/div> \n\t\t\t\n        \n\t\t\t\t<div id=\"ngg-image-172\" class=\"ngg-gallery-thumbnail-box\" >\n\t\t\t\t        <div class=\"ngg-gallery-thumbnail\">\n            <a href=\"http:\/\/www.karate-neuhofen.at\/wp-content\/gallery\/10-sommercamp-2018\/Sommercamp20181173.JPG\"\n               title=\"\"\n               data-src=\"http:\/\/www.karate-neuhofen.at\/wp-content\/gallery\/10-sommercamp-2018\/Sommercamp20181173.JPG\"\n               data-thumbnail=\"http:\/\/www.karate-neuhofen.at\/wp-content\/gallery\/10-sommercamp-2018\/thumbs\/thumbs_Sommercamp20181173.JPG\"\n               data-image-id=\"20909\"\n               data-title=\"Sommercamp2018(1173)\"\n               data-description=\"\"\n               data-image-slug=\"sommercamp20181173\"\n               class=\"shutterset_14ea2dae3d90de67c1fc228ab12416d8\">\n                <img\n                    title=\"Sommercamp2018(1173)\"\n                    alt=\"Sommercamp2018(1173)\"\n                    src=\"http:\/\/www.karate-neuhofen.at\/wp-content\/gallery\/10-sommercamp-2018\/thumbs\/thumbs_Sommercamp20181173.JPG\"\n                    width=\"240\"\n                    height=\"160\"\n                    style=\"max-width:100%;\"\n                \/>\n            <\/a>\n        <\/div>\n\t\t\t\t\t\t\t<\/div> \n\t\t\t\n        \n\t\t\t\t<div id=\"ngg-image-173\" class=\"ngg-gallery-thumbnail-box\" >\n\t\t\t\t        <div class=\"ngg-gallery-thumbnail\">\n            <a href=\"http:\/\/www.karate-neuhofen.at\/wp-content\/gallery\/10-sommercamp-2018\/Sommercamp20181174.JPG\"\n               title=\"\"\n               data-src=\"http:\/\/www.karate-neuhofen.at\/wp-content\/gallery\/10-sommercamp-2018\/Sommercamp20181174.JPG\"\n               data-thumbnail=\"http:\/\/www.karate-neuhofen.at\/wp-content\/gallery\/10-sommercamp-2018\/thumbs\/thumbs_Sommercamp20181174.JPG\"\n               data-image-id=\"20910\"\n               data-title=\"Sommercamp2018(1174)\"\n               data-description=\"\"\n               data-image-slug=\"sommercamp20181174\"\n               class=\"shutterset_14ea2dae3d90de67c1fc228ab12416d8\">\n                <img\n                    title=\"Sommercamp2018(1174)\"\n                    alt=\"Sommercamp2018(1174)\"\n                    src=\"http:\/\/www.karate-neuhofen.at\/wp-content\/gallery\/10-sommercamp-2018\/thumbs\/thumbs_Sommercamp20181174.JPG\"\n                    width=\"240\"\n                    height=\"160\"\n                    style=\"max-width:100%;\"\n                \/>\n            <\/a>\n        <\/div>\n\t\t\t\t\t\t\t<\/div> \n\t\t\t\n        \n\t\t\t\t<div id=\"ngg-image-174\" class=\"ngg-gallery-thumbnail-box\" >\n\t\t\t\t        <div class=\"ngg-gallery-thumbnail\">\n            <a href=\"http:\/\/www.karate-neuhofen.at\/wp-content\/gallery\/10-sommercamp-2018\/Sommercamp20181175.JPG\"\n               title=\"\"\n               data-src=\"http:\/\/www.karate-neuhofen.at\/wp-content\/gallery\/10-sommercamp-2018\/Sommercamp20181175.JPG\"\n               data-thumbnail=\"http:\/\/www.karate-neuhofen.at\/wp-content\/gallery\/10-sommercamp-2018\/thumbs\/thumbs_Sommercamp20181175.JPG\"\n               data-image-id=\"20911\"\n               data-title=\"Sommercamp2018(1175)\"\n               data-description=\"\"\n               data-image-slug=\"sommercamp20181175\"\n               class=\"shutterset_14ea2dae3d90de67c1fc228ab12416d8\">\n                <img\n                    title=\"Sommercamp2018(1175)\"\n                    alt=\"Sommercamp2018(1175)\"\n                    src=\"http:\/\/www.karate-neuhofen.at\/wp-content\/gallery\/10-sommercamp-2018\/thumbs\/thumbs_Sommercamp20181175.JPG\"\n                    width=\"240\"\n                    height=\"160\"\n                    style=\"max-width:100%;\"\n                \/>\n            <\/a>\n        <\/div>\n\t\t\t\t\t\t\t<\/div> \n\t\t\t\n        \n\t\t\t\t<div id=\"ngg-image-175\" class=\"ngg-gallery-thumbnail-box\" >\n\t\t\t\t        <div class=\"ngg-gallery-thumbnail\">\n            <a href=\"http:\/\/www.karate-neuhofen.at\/wp-content\/gallery\/10-sommercamp-2018\/Sommercamp20181176.JPG\"\n               title=\"\"\n               data-src=\"http:\/\/www.karate-neuhofen.at\/wp-content\/gallery\/10-sommercamp-2018\/Sommercamp20181176.JPG\"\n               data-thumbnail=\"http:\/\/www.karate-neuhofen.at\/wp-content\/gallery\/10-sommercamp-2018\/thumbs\/thumbs_Sommercamp20181176.JPG\"\n               data-image-id=\"20912\"\n               data-title=\"Sommercamp2018(1176)\"\n               data-description=\"\"\n               data-image-slug=\"sommercamp20181176\"\n               class=\"shutterset_14ea2dae3d90de67c1fc228ab12416d8\">\n                <img\n                    title=\"Sommercamp2018(1176)\"\n                    alt=\"Sommercamp2018(1176)\"\n                    src=\"http:\/\/www.karate-neuhofen.at\/wp-content\/gallery\/10-sommercamp-2018\/thumbs\/thumbs_Sommercamp20181176.JPG\"\n                    width=\"240\"\n                    height=\"160\"\n                    style=\"max-width:100%;\"\n                \/>\n            <\/a>\n        <\/div>\n\t\t\t\t\t\t\t<\/div> \n\t\t\t\n        \n\t\t\t\t<div id=\"ngg-image-176\" class=\"ngg-gallery-thumbnail-box\" >\n\t\t\t\t        <div class=\"ngg-gallery-thumbnail\">\n            <a href=\"http:\/\/www.karate-neuhofen.at\/wp-content\/gallery\/10-sommercamp-2018\/Sommercamp20181177.JPG\"\n               title=\"\"\n               data-src=\"http:\/\/www.karate-neuhofen.at\/wp-content\/gallery\/10-sommercamp-2018\/Sommercamp20181177.JPG\"\n               data-thumbnail=\"http:\/\/www.karate-neuhofen.at\/wp-content\/gallery\/10-sommercamp-2018\/thumbs\/thumbs_Sommercamp20181177.JPG\"\n               data-image-id=\"20913\"\n               data-title=\"Sommercamp2018(1177)\"\n               data-description=\"\"\n               data-image-slug=\"sommercamp20181177\"\n               class=\"shutterset_14ea2dae3d90de67c1fc228ab12416d8\">\n                <img\n                    title=\"Sommercamp2018(1177)\"\n                    alt=\"Sommercamp2018(1177)\"\n                    src=\"http:\/\/www.karate-neuhofen.at\/wp-content\/gallery\/10-sommercamp-2018\/thumbs\/thumbs_Sommercamp20181177.JPG\"\n                    width=\"240\"\n                    height=\"160\"\n                    style=\"max-width:100%;\"\n                \/>\n            <\/a>\n        <\/div>\n\t\t\t\t\t\t\t<\/div> \n\t\t\t\n        \n\t\t\t\t<div id=\"ngg-image-177\" class=\"ngg-gallery-thumbnail-box\" >\n\t\t\t\t        <div class=\"ngg-gallery-thumbnail\">\n            <a href=\"http:\/\/www.karate-neuhofen.at\/wp-content\/gallery\/10-sommercamp-2018\/Sommercamp20181178.JPG\"\n               title=\"\"\n               data-src=\"http:\/\/www.karate-neuhofen.at\/wp-content\/gallery\/10-sommercamp-2018\/Sommercamp20181178.JPG\"\n               data-thumbnail=\"http:\/\/www.karate-neuhofen.at\/wp-content\/gallery\/10-sommercamp-2018\/thumbs\/thumbs_Sommercamp20181178.JPG\"\n               data-image-id=\"20914\"\n               data-title=\"Sommercamp2018(1178)\"\n               data-description=\"\"\n               data-image-slug=\"sommercamp20181178\"\n               class=\"shutterset_14ea2dae3d90de67c1fc228ab12416d8\">\n                <img\n                    title=\"Sommercamp2018(1178)\"\n                    alt=\"Sommercamp2018(1178)\"\n                    src=\"http:\/\/www.karate-neuhofen.at\/wp-content\/gallery\/10-sommercamp-2018\/thumbs\/thumbs_Sommercamp20181178.JPG\"\n                    width=\"240\"\n                    height=\"160\"\n                    style=\"max-width:100%;\"\n                \/>\n            <\/a>\n        <\/div>\n\t\t\t\t\t\t\t<\/div> \n\t\t\t\n        \n\t\t\t\t<div id=\"ngg-image-178\" class=\"ngg-gallery-thumbnail-box\" >\n\t\t\t\t        <div class=\"ngg-gallery-thumbnail\">\n            <a href=\"http:\/\/www.karate-neuhofen.at\/wp-content\/gallery\/10-sommercamp-2018\/Sommercamp20181179.JPG\"\n               title=\"\"\n               data-src=\"http:\/\/www.karate-neuhofen.at\/wp-content\/gallery\/10-sommercamp-2018\/Sommercamp20181179.JPG\"\n               data-thumbnail=\"http:\/\/www.karate-neuhofen.at\/wp-content\/gallery\/10-sommercamp-2018\/thumbs\/thumbs_Sommercamp20181179.JPG\"\n               data-image-id=\"20915\"\n               data-title=\"Sommercamp2018(1179)\"\n               data-description=\"\"\n               data-image-slug=\"sommercamp20181179\"\n               class=\"shutterset_14ea2dae3d90de67c1fc228ab12416d8\">\n                <img\n                    title=\"Sommercamp2018(1179)\"\n                    alt=\"Sommercamp2018(1179)\"\n                    src=\"http:\/\/www.karate-neuhofen.at\/wp-content\/gallery\/10-sommercamp-2018\/thumbs\/thumbs_Sommercamp20181179.JPG\"\n                    width=\"240\"\n                    height=\"160\"\n                    style=\"max-width:100%;\"\n                \/>\n            <\/a>\n        <\/div>\n\t\t\t\t\t\t\t<\/div> \n\t\t\t\n        \n\t\t\t\t<div id=\"ngg-image-179\" class=\"ngg-gallery-thumbnail-box\" >\n\t\t\t\t        <div class=\"ngg-gallery-thumbnail\">\n            <a href=\"http:\/\/www.karate-neuhofen.at\/wp-content\/gallery\/10-sommercamp-2018\/Sommercamp20181180.JPG\"\n               title=\"\"\n               data-src=\"http:\/\/www.karate-neuhofen.at\/wp-content\/gallery\/10-sommercamp-2018\/Sommercamp20181180.JPG\"\n               data-thumbnail=\"http:\/\/www.karate-neuhofen.at\/wp-content\/gallery\/10-sommercamp-2018\/thumbs\/thumbs_Sommercamp20181180.JPG\"\n               data-image-id=\"20916\"\n               data-title=\"Sommercamp2018(1180)\"\n               data-description=\"\"\n               data-image-slug=\"sommercamp20181180\"\n               class=\"shutterset_14ea2dae3d90de67c1fc228ab12416d8\">\n                <img\n                    title=\"Sommercamp2018(1180)\"\n                    alt=\"Sommercamp2018(1180)\"\n                    src=\"http:\/\/www.karate-neuhofen.at\/wp-content\/gallery\/10-sommercamp-2018\/thumbs\/thumbs_Sommercamp20181180.JPG\"\n                    width=\"240\"\n                    height=\"160\"\n                    style=\"max-width:100%;\"\n                \/>\n            <\/a>\n        <\/div>\n\t\t\t\t\t\t\t<\/div> \n\t\t\t\n        \n\t\t\t\t<div id=\"ngg-image-180\" class=\"ngg-gallery-thumbnail-box\" >\n\t\t\t\t        <div class=\"ngg-gallery-thumbnail\">\n            <a href=\"http:\/\/www.karate-neuhofen.at\/wp-content\/gallery\/10-sommercamp-2018\/Sommercamp20181181.JPG\"\n               title=\"\"\n               data-src=\"http:\/\/www.karate-neuhofen.at\/wp-content\/gallery\/10-sommercamp-2018\/Sommercamp20181181.JPG\"\n               data-thumbnail=\"http:\/\/www.karate-neuhofen.at\/wp-content\/gallery\/10-sommercamp-2018\/thumbs\/thumbs_Sommercamp20181181.JPG\"\n               data-image-id=\"20917\"\n               data-title=\"Sommercamp2018(1181)\"\n               data-description=\"\"\n               data-image-slug=\"sommercamp20181181\"\n               class=\"shutterset_14ea2dae3d90de67c1fc228ab12416d8\">\n                <img\n                    title=\"Sommercamp2018(1181)\"\n                    alt=\"Sommercamp2018(1181)\"\n                    src=\"http:\/\/www.karate-neuhofen.at\/wp-content\/gallery\/10-sommercamp-2018\/thumbs\/thumbs_Sommercamp20181181.JPG\"\n                    width=\"240\"\n                    height=\"160\"\n                    style=\"max-width:100%;\"\n                \/>\n            <\/a>\n        <\/div>\n\t\t\t\t\t\t\t<\/div> \n\t\t\t\n        \n\t\t\t\t<div id=\"ngg-image-181\" class=\"ngg-gallery-thumbnail-box\" >\n\t\t\t\t        <div class=\"ngg-gallery-thumbnail\">\n            <a href=\"http:\/\/www.karate-neuhofen.at\/wp-content\/gallery\/10-sommercamp-2018\/Sommercamp20181182.JPG\"\n               title=\"\"\n               data-src=\"http:\/\/www.karate-neuhofen.at\/wp-content\/gallery\/10-sommercamp-2018\/Sommercamp20181182.JPG\"\n               data-thumbnail=\"http:\/\/www.karate-neuhofen.at\/wp-content\/gallery\/10-sommercamp-2018\/thumbs\/thumbs_Sommercamp20181182.JPG\"\n               data-image-id=\"20918\"\n               data-title=\"Sommercamp2018(1182)\"\n               data-description=\"\"\n               data-image-slug=\"sommercamp20181182\"\n               class=\"shutterset_14ea2dae3d90de67c1fc228ab12416d8\">\n                <img\n                    title=\"Sommercamp2018(1182)\"\n                    alt=\"Sommercamp2018(1182)\"\n                    src=\"http:\/\/www.karate-neuhofen.at\/wp-content\/gallery\/10-sommercamp-2018\/thumbs\/thumbs_Sommercamp20181182.JPG\"\n                    width=\"240\"\n                    height=\"160\"\n                    style=\"max-width:100%;\"\n                \/>\n            <\/a>\n        <\/div>\n\t\t\t\t\t\t\t<\/div> \n\t\t\t\n        \n\t\t\t\t<div id=\"ngg-image-182\" class=\"ngg-gallery-thumbnail-box\" >\n\t\t\t\t        <div class=\"ngg-gallery-thumbnail\">\n            <a href=\"http:\/\/www.karate-neuhofen.at\/wp-content\/gallery\/10-sommercamp-2018\/Sommercamp20181183.JPG\"\n               title=\"\"\n               data-src=\"http:\/\/www.karate-neuhofen.at\/wp-content\/gallery\/10-sommercamp-2018\/Sommercamp20181183.JPG\"\n               data-thumbnail=\"http:\/\/www.karate-neuhofen.at\/wp-content\/gallery\/10-sommercamp-2018\/thumbs\/thumbs_Sommercamp20181183.JPG\"\n               data-image-id=\"20919\"\n               data-title=\"Sommercamp2018(1183)\"\n               data-description=\"\"\n               data-image-slug=\"sommercamp20181183\"\n               class=\"shutterset_14ea2dae3d90de67c1fc228ab12416d8\">\n                <img\n                    title=\"Sommercamp2018(1183)\"\n                    alt=\"Sommercamp2018(1183)\"\n                    src=\"http:\/\/www.karate-neuhofen.at\/wp-content\/gallery\/10-sommercamp-2018\/thumbs\/thumbs_Sommercamp20181183.JPG\"\n                    width=\"240\"\n                    height=\"160\"\n                    style=\"max-width:100%;\"\n                \/>\n            <\/a>\n        <\/div>\n\t\t\t\t\t\t\t<\/div> \n\t\t\t\n        \n\t\t\t\t<div id=\"ngg-image-183\" class=\"ngg-gallery-thumbnail-box\" >\n\t\t\t\t        <div class=\"ngg-gallery-thumbnail\">\n            <a href=\"http:\/\/www.karate-neuhofen.at\/wp-content\/gallery\/10-sommercamp-2018\/Sommercamp20181184.JPG\"\n               title=\"\"\n               data-src=\"http:\/\/www.karate-neuhofen.at\/wp-content\/gallery\/10-sommercamp-2018\/Sommercamp20181184.JPG\"\n               data-thumbnail=\"http:\/\/www.karate-neuhofen.at\/wp-content\/gallery\/10-sommercamp-2018\/thumbs\/thumbs_Sommercamp20181184.JPG\"\n               data-image-id=\"20920\"\n               data-title=\"Sommercamp2018(1184)\"\n               data-description=\"\"\n               data-image-slug=\"sommercamp20181184\"\n               class=\"shutterset_14ea2dae3d90de67c1fc228ab12416d8\">\n                <img\n                    title=\"Sommercamp2018(1184)\"\n                    alt=\"Sommercamp2018(1184)\"\n                    src=\"http:\/\/www.karate-neuhofen.at\/wp-content\/gallery\/10-sommercamp-2018\/thumbs\/thumbs_Sommercamp20181184.JPG\"\n                    width=\"240\"\n                    height=\"160\"\n                    style=\"max-width:100%;\"\n                \/>\n            <\/a>\n        <\/div>\n\t\t\t\t\t\t\t<\/div> \n\t\t\t\n        \n\t\t\t\t<div id=\"ngg-image-184\" class=\"ngg-gallery-thumbnail-box\" >\n\t\t\t\t        <div class=\"ngg-gallery-thumbnail\">\n            <a href=\"http:\/\/www.karate-neuhofen.at\/wp-content\/gallery\/10-sommercamp-2018\/Sommercamp20181185.JPG\"\n               title=\"\"\n               data-src=\"http:\/\/www.karate-neuhofen.at\/wp-content\/gallery\/10-sommercamp-2018\/Sommercamp20181185.JPG\"\n               data-thumbnail=\"http:\/\/www.karate-neuhofen.at\/wp-content\/gallery\/10-sommercamp-2018\/thumbs\/thumbs_Sommercamp20181185.JPG\"\n               data-image-id=\"20921\"\n               data-title=\"Sommercamp2018(1185)\"\n               data-description=\"\"\n               data-image-slug=\"sommercamp20181185\"\n               class=\"shutterset_14ea2dae3d90de67c1fc228ab12416d8\">\n                <img\n                    title=\"Sommercamp2018(1185)\"\n                    alt=\"Sommercamp2018(1185)\"\n                    src=\"http:\/\/www.karate-neuhofen.at\/wp-content\/gallery\/10-sommercamp-2018\/thumbs\/thumbs_Sommercamp20181185.JPG\"\n                    width=\"240\"\n                    height=\"160\"\n                    style=\"max-width:100%;\"\n                \/>\n            <\/a>\n        <\/div>\n\t\t\t\t\t\t\t<\/div> \n\t\t\t\n        \n\t\t\t\t<div id=\"ngg-image-185\" class=\"ngg-gallery-thumbnail-box\" >\n\t\t\t\t        <div class=\"ngg-gallery-thumbnail\">\n            <a href=\"http:\/\/www.karate-neuhofen.at\/wp-content\/gallery\/10-sommercamp-2018\/Sommercamp20181186.JPG\"\n               title=\"\"\n               data-src=\"http:\/\/www.karate-neuhofen.at\/wp-content\/gallery\/10-sommercamp-2018\/Sommercamp20181186.JPG\"\n               data-thumbnail=\"http:\/\/www.karate-neuhofen.at\/wp-content\/gallery\/10-sommercamp-2018\/thumbs\/thumbs_Sommercamp20181186.JPG\"\n               data-image-id=\"20922\"\n               data-title=\"Sommercamp2018(1186)\"\n               data-description=\"\"\n               data-image-slug=\"sommercamp20181186\"\n               class=\"shutterset_14ea2dae3d90de67c1fc228ab12416d8\">\n                <img\n                    title=\"Sommercamp2018(1186)\"\n                    alt=\"Sommercamp2018(1186)\"\n                    src=\"http:\/\/www.karate-neuhofen.at\/wp-content\/gallery\/10-sommercamp-2018\/thumbs\/thumbs_Sommercamp20181186.JPG\"\n                    width=\"240\"\n                    height=\"160\"\n                    style=\"max-width:100%;\"\n                \/>\n            <\/a>\n        <\/div>\n\t\t\t\t\t\t\t<\/div> \n\t\t\t\n        \n\t\t\t\t<div id=\"ngg-image-186\" class=\"ngg-gallery-thumbnail-box\" >\n\t\t\t\t        <div class=\"ngg-gallery-thumbnail\">\n            <a href=\"http:\/\/www.karate-neuhofen.at\/wp-content\/gallery\/10-sommercamp-2018\/Sommercamp20181187.JPG\"\n               title=\"\"\n               data-src=\"http:\/\/www.karate-neuhofen.at\/wp-content\/gallery\/10-sommercamp-2018\/Sommercamp20181187.JPG\"\n               data-thumbnail=\"http:\/\/www.karate-neuhofen.at\/wp-content\/gallery\/10-sommercamp-2018\/thumbs\/thumbs_Sommercamp20181187.JPG\"\n               data-image-id=\"20923\"\n               data-title=\"Sommercamp2018(1187)\"\n               data-description=\"\"\n               data-image-slug=\"sommercamp20181187\"\n               class=\"shutterset_14ea2dae3d90de67c1fc228ab12416d8\">\n                <img\n                    title=\"Sommercamp2018(1187)\"\n                    alt=\"Sommercamp2018(1187)\"\n                    src=\"http:\/\/www.karate-neuhofen.at\/wp-content\/gallery\/10-sommercamp-2018\/thumbs\/thumbs_Sommercamp20181187.JPG\"\n                    width=\"240\"\n                    height=\"160\"\n                    style=\"max-width:100%;\"\n                \/>\n            <\/a>\n        <\/div>\n\t\t\t\t\t\t\t<\/div> \n\t\t\t\n        \n\t\t\t\t<div id=\"ngg-image-187\" class=\"ngg-gallery-thumbnail-box\" >\n\t\t\t\t        <div class=\"ngg-gallery-thumbnail\">\n            <a href=\"http:\/\/www.karate-neuhofen.at\/wp-content\/gallery\/10-sommercamp-2018\/Sommercamp20181188.JPG\"\n               title=\"\"\n               data-src=\"http:\/\/www.karate-neuhofen.at\/wp-content\/gallery\/10-sommercamp-2018\/Sommercamp20181188.JPG\"\n               data-thumbnail=\"http:\/\/www.karate-neuhofen.at\/wp-content\/gallery\/10-sommercamp-2018\/thumbs\/thumbs_Sommercamp20181188.JPG\"\n               data-image-id=\"20924\"\n               data-title=\"Sommercamp2018(1188)\"\n               data-description=\"\"\n               data-image-slug=\"sommercamp20181188\"\n               class=\"shutterset_14ea2dae3d90de67c1fc228ab12416d8\">\n                <img\n                    title=\"Sommercamp2018(1188)\"\n                    alt=\"Sommercamp2018(1188)\"\n                    src=\"http:\/\/www.karate-neuhofen.at\/wp-content\/gallery\/10-sommercamp-2018\/thumbs\/thumbs_Sommercamp20181188.JPG\"\n                    width=\"240\"\n                    height=\"160\"\n                    style=\"max-width:100%;\"\n                \/>\n            <\/a>\n        <\/div>\n\t\t\t\t\t\t\t<\/div> \n\t\t\t\n        \n\t\t\t\t<div id=\"ngg-image-188\" class=\"ngg-gallery-thumbnail-box\" >\n\t\t\t\t        <div class=\"ngg-gallery-thumbnail\">\n            <a href=\"http:\/\/www.karate-neuhofen.at\/wp-content\/gallery\/10-sommercamp-2018\/Sommercamp20181189.JPG\"\n               title=\"\"\n               data-src=\"http:\/\/www.karate-neuhofen.at\/wp-content\/gallery\/10-sommercamp-2018\/Sommercamp20181189.JPG\"\n               data-thumbnail=\"http:\/\/www.karate-neuhofen.at\/wp-content\/gallery\/10-sommercamp-2018\/thumbs\/thumbs_Sommercamp20181189.JPG\"\n               data-image-id=\"20925\"\n               data-title=\"Sommercamp2018(1189)\"\n               data-description=\"\"\n               data-image-slug=\"sommercamp20181189\"\n               class=\"shutterset_14ea2dae3d90de67c1fc228ab12416d8\">\n                <img\n                    title=\"Sommercamp2018(1189)\"\n                    alt=\"Sommercamp2018(1189)\"\n                    src=\"http:\/\/www.karate-neuhofen.at\/wp-content\/gallery\/10-sommercamp-2018\/thumbs\/thumbs_Sommercamp20181189.JPG\"\n                    width=\"240\"\n                    height=\"160\"\n                    style=\"max-width:100%;\"\n                \/>\n            <\/a>\n        <\/div>\n\t\t\t\t\t\t\t<\/div> \n\t\t\t\n        \n\t\t\t\t<div id=\"ngg-image-189\" class=\"ngg-gallery-thumbnail-box\" >\n\t\t\t\t        <div class=\"ngg-gallery-thumbnail\">\n            <a href=\"http:\/\/www.karate-neuhofen.at\/wp-content\/gallery\/10-sommercamp-2018\/Sommercamp20181190.JPG\"\n               title=\"\"\n               data-src=\"http:\/\/www.karate-neuhofen.at\/wp-content\/gallery\/10-sommercamp-2018\/Sommercamp20181190.JPG\"\n               data-thumbnail=\"http:\/\/www.karate-neuhofen.at\/wp-content\/gallery\/10-sommercamp-2018\/thumbs\/thumbs_Sommercamp20181190.JPG\"\n               data-image-id=\"20926\"\n               data-title=\"Sommercamp2018(1190)\"\n               data-description=\"\"\n               data-image-slug=\"sommercamp20181190\"\n               class=\"shutterset_14ea2dae3d90de67c1fc228ab12416d8\">\n                <img\n                    title=\"Sommercamp2018(1190)\"\n                    alt=\"Sommercamp2018(1190)\"\n                    src=\"http:\/\/www.karate-neuhofen.at\/wp-content\/gallery\/10-sommercamp-2018\/thumbs\/thumbs_Sommercamp20181190.JPG\"\n                    width=\"240\"\n                    height=\"160\"\n                    style=\"max-width:100%;\"\n                \/>\n            <\/a>\n        <\/div>\n\t\t\t\t\t\t\t<\/div> \n\t\t\t\n        \n\t\t\t\t<div id=\"ngg-image-190\" class=\"ngg-gallery-thumbnail-box\" >\n\t\t\t\t        <div class=\"ngg-gallery-thumbnail\">\n            <a href=\"http:\/\/www.karate-neuhofen.at\/wp-content\/gallery\/10-sommercamp-2018\/Sommercamp20181191.JPG\"\n               title=\"\"\n               data-src=\"http:\/\/www.karate-neuhofen.at\/wp-content\/gallery\/10-sommercamp-2018\/Sommercamp20181191.JPG\"\n               data-thumbnail=\"http:\/\/www.karate-neuhofen.at\/wp-content\/gallery\/10-sommercamp-2018\/thumbs\/thumbs_Sommercamp20181191.JPG\"\n               data-image-id=\"20927\"\n               data-title=\"Sommercamp2018(1191)\"\n               data-description=\"\"\n               data-image-slug=\"sommercamp20181191\"\n               class=\"shutterset_14ea2dae3d90de67c1fc228ab12416d8\">\n                <img\n                    title=\"Sommercamp2018(1191)\"\n                    alt=\"Sommercamp2018(1191)\"\n                    src=\"http:\/\/www.karate-neuhofen.at\/wp-content\/gallery\/10-sommercamp-2018\/thumbs\/thumbs_Sommercamp20181191.JPG\"\n                    width=\"240\"\n                    height=\"160\"\n                    style=\"max-width:100%;\"\n                \/>\n            <\/a>\n        <\/div>\n\t\t\t\t\t\t\t<\/div> \n\t\t\t\n        \n\t\t\t\t<div id=\"ngg-image-191\" class=\"ngg-gallery-thumbnail-box\" >\n\t\t\t\t        <div class=\"ngg-gallery-thumbnail\">\n            <a href=\"http:\/\/www.karate-neuhofen.at\/wp-content\/gallery\/10-sommercamp-2018\/Sommercamp20181192.JPG\"\n               title=\"\"\n               data-src=\"http:\/\/www.karate-neuhofen.at\/wp-content\/gallery\/10-sommercamp-2018\/Sommercamp20181192.JPG\"\n               data-thumbnail=\"http:\/\/www.karate-neuhofen.at\/wp-content\/gallery\/10-sommercamp-2018\/thumbs\/thumbs_Sommercamp20181192.JPG\"\n               data-image-id=\"20928\"\n               data-title=\"Sommercamp2018(1192)\"\n               data-description=\"\"\n               data-image-slug=\"sommercamp20181192\"\n               class=\"shutterset_14ea2dae3d90de67c1fc228ab12416d8\">\n                <img\n                    title=\"Sommercamp2018(1192)\"\n                    alt=\"Sommercamp2018(1192)\"\n                    src=\"http:\/\/www.karate-neuhofen.at\/wp-content\/gallery\/10-sommercamp-2018\/thumbs\/thumbs_Sommercamp20181192.JPG\"\n                    width=\"240\"\n                    height=\"160\"\n                    style=\"max-width:100%;\"\n                \/>\n            <\/a>\n        <\/div>\n\t\t\t\t\t\t\t<\/div> \n\t\t\t\n        \n\t\t\t\t<div id=\"ngg-image-192\" class=\"ngg-gallery-thumbnail-box\" >\n\t\t\t\t        <div class=\"ngg-gallery-thumbnail\">\n            <a href=\"http:\/\/www.karate-neuhofen.at\/wp-content\/gallery\/10-sommercamp-2018\/Sommercamp20181193.JPG\"\n               title=\"\"\n               data-src=\"http:\/\/www.karate-neuhofen.at\/wp-content\/gallery\/10-sommercamp-2018\/Sommercamp20181193.JPG\"\n               data-thumbnail=\"http:\/\/www.karate-neuhofen.at\/wp-content\/gallery\/10-sommercamp-2018\/thumbs\/thumbs_Sommercamp20181193.JPG\"\n               data-image-id=\"20929\"\n               data-title=\"Sommercamp2018(1193)\"\n               data-description=\"\"\n               data-image-slug=\"sommercamp20181193\"\n               class=\"shutterset_14ea2dae3d90de67c1fc228ab12416d8\">\n                <img\n                    title=\"Sommercamp2018(1193)\"\n                    alt=\"Sommercamp2018(1193)\"\n                    src=\"http:\/\/www.karate-neuhofen.at\/wp-content\/gallery\/10-sommercamp-2018\/thumbs\/thumbs_Sommercamp20181193.JPG\"\n                    width=\"240\"\n                    height=\"160\"\n                    style=\"max-width:100%;\"\n                \/>\n            <\/a>\n        <\/div>\n\t\t\t\t\t\t\t<\/div> \n\t\t\t\n        \n\t\t\t\t<div id=\"ngg-image-193\" class=\"ngg-gallery-thumbnail-box\" >\n\t\t\t\t        <div class=\"ngg-gallery-thumbnail\">\n            <a href=\"http:\/\/www.karate-neuhofen.at\/wp-content\/gallery\/10-sommercamp-2018\/Sommercamp20181194.JPG\"\n               title=\"\"\n               data-src=\"http:\/\/www.karate-neuhofen.at\/wp-content\/gallery\/10-sommercamp-2018\/Sommercamp20181194.JPG\"\n               data-thumbnail=\"http:\/\/www.karate-neuhofen.at\/wp-content\/gallery\/10-sommercamp-2018\/thumbs\/thumbs_Sommercamp20181194.JPG\"\n               data-image-id=\"20930\"\n               data-title=\"Sommercamp2018(1194)\"\n               data-description=\"\"\n               data-image-slug=\"sommercamp20181194\"\n               class=\"shutterset_14ea2dae3d90de67c1fc228ab12416d8\">\n                <img\n                    title=\"Sommercamp2018(1194)\"\n                    alt=\"Sommercamp2018(1194)\"\n                    src=\"http:\/\/www.karate-neuhofen.at\/wp-content\/gallery\/10-sommercamp-2018\/thumbs\/thumbs_Sommercamp20181194.JPG\"\n                    width=\"240\"\n                    height=\"160\"\n                    style=\"max-width:100%;\"\n                \/>\n            <\/a>\n        <\/div>\n\t\t\t\t\t\t\t<\/div> \n\t\t\t\n        \n\t\t\t\t<div id=\"ngg-image-194\" class=\"ngg-gallery-thumbnail-box\" >\n\t\t\t\t        <div class=\"ngg-gallery-thumbnail\">\n            <a href=\"http:\/\/www.karate-neuhofen.at\/wp-content\/gallery\/10-sommercamp-2018\/Sommercamp20181195.JPG\"\n               title=\"\"\n               data-src=\"http:\/\/www.karate-neuhofen.at\/wp-content\/gallery\/10-sommercamp-2018\/Sommercamp20181195.JPG\"\n               data-thumbnail=\"http:\/\/www.karate-neuhofen.at\/wp-content\/gallery\/10-sommercamp-2018\/thumbs\/thumbs_Sommercamp20181195.JPG\"\n               data-image-id=\"20931\"\n               data-title=\"Sommercamp2018(1195)\"\n               data-description=\"\"\n               data-image-slug=\"sommercamp20181195\"\n               class=\"shutterset_14ea2dae3d90de67c1fc228ab12416d8\">\n                <img\n                    title=\"Sommercamp2018(1195)\"\n                    alt=\"Sommercamp2018(1195)\"\n                    src=\"http:\/\/www.karate-neuhofen.at\/wp-content\/gallery\/10-sommercamp-2018\/thumbs\/thumbs_Sommercamp20181195.JPG\"\n                    width=\"240\"\n                    height=\"160\"\n                    style=\"max-width:100%;\"\n                \/>\n            <\/a>\n        <\/div>\n\t\t\t\t\t\t\t<\/div> \n\t\t\t\n        \n\t\t\t\t<div id=\"ngg-image-195\" class=\"ngg-gallery-thumbnail-box\" >\n\t\t\t\t        <div class=\"ngg-gallery-thumbnail\">\n            <a href=\"http:\/\/www.karate-neuhofen.at\/wp-content\/gallery\/10-sommercamp-2018\/Sommercamp20181196.JPG\"\n               title=\"\"\n               data-src=\"http:\/\/www.karate-neuhofen.at\/wp-content\/gallery\/10-sommercamp-2018\/Sommercamp20181196.JPG\"\n               data-thumbnail=\"http:\/\/www.karate-neuhofen.at\/wp-content\/gallery\/10-sommercamp-2018\/thumbs\/thumbs_Sommercamp20181196.JPG\"\n               data-image-id=\"20932\"\n               data-title=\"Sommercamp2018(1196)\"\n               data-description=\"\"\n               data-image-slug=\"sommercamp20181196\"\n               class=\"shutterset_14ea2dae3d90de67c1fc228ab12416d8\">\n                <img\n                    title=\"Sommercamp2018(1196)\"\n                    alt=\"Sommercamp2018(1196)\"\n                    src=\"http:\/\/www.karate-neuhofen.at\/wp-content\/gallery\/10-sommercamp-2018\/thumbs\/thumbs_Sommercamp20181196.JPG\"\n                    width=\"240\"\n                    height=\"160\"\n                    style=\"max-width:100%;\"\n                \/>\n            <\/a>\n        <\/div>\n\t\t\t\t\t\t\t<\/div> \n\t\t\t\n        \n\t\t\t\t<div id=\"ngg-image-196\" class=\"ngg-gallery-thumbnail-box\" >\n\t\t\t\t        <div class=\"ngg-gallery-thumbnail\">\n            <a href=\"http:\/\/www.karate-neuhofen.at\/wp-content\/gallery\/10-sommercamp-2018\/Sommercamp20181197.JPG\"\n               title=\"\"\n               data-src=\"http:\/\/www.karate-neuhofen.at\/wp-content\/gallery\/10-sommercamp-2018\/Sommercamp20181197.JPG\"\n               data-thumbnail=\"http:\/\/www.karate-neuhofen.at\/wp-content\/gallery\/10-sommercamp-2018\/thumbs\/thumbs_Sommercamp20181197.JPG\"\n               data-image-id=\"20933\"\n               data-title=\"Sommercamp2018(1197)\"\n               data-description=\"\"\n               data-image-slug=\"sommercamp20181197\"\n               class=\"shutterset_14ea2dae3d90de67c1fc228ab12416d8\">\n                <img\n                    title=\"Sommercamp2018(1197)\"\n                    alt=\"Sommercamp2018(1197)\"\n                    src=\"http:\/\/www.karate-neuhofen.at\/wp-content\/gallery\/10-sommercamp-2018\/thumbs\/thumbs_Sommercamp20181197.JPG\"\n                    width=\"240\"\n                    height=\"160\"\n                    style=\"max-width:100%;\"\n                \/>\n            <\/a>\n        <\/div>\n\t\t\t\t\t\t\t<\/div> \n\t\t\t\n        \n\t\t\t\t<div id=\"ngg-image-197\" class=\"ngg-gallery-thumbnail-box\" >\n\t\t\t\t        <div class=\"ngg-gallery-thumbnail\">\n            <a href=\"http:\/\/www.karate-neuhofen.at\/wp-content\/gallery\/10-sommercamp-2018\/Sommercamp20181198.JPG\"\n               title=\"\"\n               data-src=\"http:\/\/www.karate-neuhofen.at\/wp-content\/gallery\/10-sommercamp-2018\/Sommercamp20181198.JPG\"\n               data-thumbnail=\"http:\/\/www.karate-neuhofen.at\/wp-content\/gallery\/10-sommercamp-2018\/thumbs\/thumbs_Sommercamp20181198.JPG\"\n               data-image-id=\"20934\"\n               data-title=\"Sommercamp2018(1198)\"\n               data-description=\"\"\n               data-image-slug=\"sommercamp20181198\"\n               class=\"shutterset_14ea2dae3d90de67c1fc228ab12416d8\">\n                <img\n                    title=\"Sommercamp2018(1198)\"\n                    alt=\"Sommercamp2018(1198)\"\n                    src=\"http:\/\/www.karate-neuhofen.at\/wp-content\/gallery\/10-sommercamp-2018\/thumbs\/thumbs_Sommercamp20181198.JPG\"\n                    width=\"240\"\n                    height=\"160\"\n                    style=\"max-width:100%;\"\n                \/>\n            <\/a>\n        <\/div>\n\t\t\t\t\t\t\t<\/div> \n\t\t\t\n        \n\t\t\t\t<div id=\"ngg-image-198\" class=\"ngg-gallery-thumbnail-box\" >\n\t\t\t\t        <div class=\"ngg-gallery-thumbnail\">\n            <a href=\"http:\/\/www.karate-neuhofen.at\/wp-content\/gallery\/10-sommercamp-2018\/Sommercamp20181199.JPG\"\n               title=\"\"\n               data-src=\"http:\/\/www.karate-neuhofen.at\/wp-content\/gallery\/10-sommercamp-2018\/Sommercamp20181199.JPG\"\n               data-thumbnail=\"http:\/\/www.karate-neuhofen.at\/wp-content\/gallery\/10-sommercamp-2018\/thumbs\/thumbs_Sommercamp20181199.JPG\"\n               data-image-id=\"20935\"\n               data-title=\"Sommercamp2018(1199)\"\n               data-description=\"\"\n               data-image-slug=\"sommercamp20181199\"\n               class=\"shutterset_14ea2dae3d90de67c1fc228ab12416d8\">\n                <img\n                    title=\"Sommercamp2018(1199)\"\n                    alt=\"Sommercamp2018(1199)\"\n                    src=\"http:\/\/www.karate-neuhofen.at\/wp-content\/gallery\/10-sommercamp-2018\/thumbs\/thumbs_Sommercamp20181199.JPG\"\n                    width=\"240\"\n                    height=\"160\"\n                    style=\"max-width:100%;\"\n                \/>\n            <\/a>\n        <\/div>\n\t\t\t\t\t\t\t<\/div> \n\t\t\t\n        \n\t\t\t\t<div id=\"ngg-image-199\" class=\"ngg-gallery-thumbnail-box\" >\n\t\t\t\t        <div class=\"ngg-gallery-thumbnail\">\n            <a href=\"http:\/\/www.karate-neuhofen.at\/wp-content\/gallery\/10-sommercamp-2018\/Sommercamp20181200.JPG\"\n               title=\"\"\n               data-src=\"http:\/\/www.karate-neuhofen.at\/wp-content\/gallery\/10-sommercamp-2018\/Sommercamp20181200.JPG\"\n               data-thumbnail=\"http:\/\/www.karate-neuhofen.at\/wp-content\/gallery\/10-sommercamp-2018\/thumbs\/thumbs_Sommercamp20181200.JPG\"\n               data-image-id=\"20936\"\n               data-title=\"Sommercamp2018(1200)\"\n               data-description=\"\"\n               data-image-slug=\"sommercamp20181200\"\n               class=\"shutterset_14ea2dae3d90de67c1fc228ab12416d8\">\n                <img\n                    title=\"Sommercamp2018(1200)\"\n                    alt=\"Sommercamp2018(1200)\"\n                    src=\"http:\/\/www.karate-neuhofen.at\/wp-content\/gallery\/10-sommercamp-2018\/thumbs\/thumbs_Sommercamp20181200.JPG\"\n                    width=\"240\"\n                    height=\"160\"\n                    style=\"max-width:100%;\"\n                \/>\n            <\/a>\n        <\/div>\n\t\t\t\t\t\t\t<\/div> \n\t\t\t\n        \n\t\t\t\t<div id=\"ngg-image-200\" class=\"ngg-gallery-thumbnail-box\" >\n\t\t\t\t        <div class=\"ngg-gallery-thumbnail\">\n            <a href=\"http:\/\/www.karate-neuhofen.at\/wp-content\/gallery\/10-sommercamp-2018\/Sommercamp20181201.JPG\"\n               title=\"\"\n               data-src=\"http:\/\/www.karate-neuhofen.at\/wp-content\/gallery\/10-sommercamp-2018\/Sommercamp20181201.JPG\"\n               data-thumbnail=\"http:\/\/www.karate-neuhofen.at\/wp-content\/gallery\/10-sommercamp-2018\/thumbs\/thumbs_Sommercamp20181201.JPG\"\n               data-image-id=\"20937\"\n               data-title=\"Sommercamp2018(1201)\"\n               data-description=\"\"\n               data-image-slug=\"sommercamp20181201\"\n               class=\"shutterset_14ea2dae3d90de67c1fc228ab12416d8\">\n                <img\n                    title=\"Sommercamp2018(1201)\"\n                    alt=\"Sommercamp2018(1201)\"\n                    src=\"http:\/\/www.karate-neuhofen.at\/wp-content\/gallery\/10-sommercamp-2018\/thumbs\/thumbs_Sommercamp20181201.JPG\"\n                    width=\"240\"\n                    height=\"160\"\n                    style=\"max-width:100%;\"\n                \/>\n            <\/a>\n        <\/div>\n\t\t\t\t\t\t\t<\/div> \n\t\t\t\n        \n\t\t\t\t<div id=\"ngg-image-201\" class=\"ngg-gallery-thumbnail-box\" >\n\t\t\t\t        <div class=\"ngg-gallery-thumbnail\">\n            <a href=\"http:\/\/www.karate-neuhofen.at\/wp-content\/gallery\/10-sommercamp-2018\/Sommercamp20181202.JPG\"\n               title=\"\"\n               data-src=\"http:\/\/www.karate-neuhofen.at\/wp-content\/gallery\/10-sommercamp-2018\/Sommercamp20181202.JPG\"\n               data-thumbnail=\"http:\/\/www.karate-neuhofen.at\/wp-content\/gallery\/10-sommercamp-2018\/thumbs\/thumbs_Sommercamp20181202.JPG\"\n               data-image-id=\"20938\"\n               data-title=\"Sommercamp2018(1202)\"\n               data-description=\"\"\n               data-image-slug=\"sommercamp20181202\"\n               class=\"shutterset_14ea2dae3d90de67c1fc228ab12416d8\">\n                <img\n                    title=\"Sommercamp2018(1202)\"\n                    alt=\"Sommercamp2018(1202)\"\n                    src=\"http:\/\/www.karate-neuhofen.at\/wp-content\/gallery\/10-sommercamp-2018\/thumbs\/thumbs_Sommercamp20181202.JPG\"\n                    width=\"240\"\n                    height=\"160\"\n                    style=\"max-width:100%;\"\n                \/>\n            <\/a>\n        <\/div>\n\t\t\t\t\t\t\t<\/div> \n\t\t\t\n        \n\t\t\t\t<div id=\"ngg-image-202\" class=\"ngg-gallery-thumbnail-box\" >\n\t\t\t\t        <div class=\"ngg-gallery-thumbnail\">\n            <a href=\"http:\/\/www.karate-neuhofen.at\/wp-content\/gallery\/10-sommercamp-2018\/Sommercamp20181203.JPG\"\n               title=\"\"\n               data-src=\"http:\/\/www.karate-neuhofen.at\/wp-content\/gallery\/10-sommercamp-2018\/Sommercamp20181203.JPG\"\n               data-thumbnail=\"http:\/\/www.karate-neuhofen.at\/wp-content\/gallery\/10-sommercamp-2018\/thumbs\/thumbs_Sommercamp20181203.JPG\"\n               data-image-id=\"20939\"\n               data-title=\"Sommercamp2018(1203)\"\n               data-description=\"\"\n               data-image-slug=\"sommercamp20181203\"\n               class=\"shutterset_14ea2dae3d90de67c1fc228ab12416d8\">\n                <img\n                    title=\"Sommercamp2018(1203)\"\n                    alt=\"Sommercamp2018(1203)\"\n                    src=\"http:\/\/www.karate-neuhofen.at\/wp-content\/gallery\/10-sommercamp-2018\/thumbs\/thumbs_Sommercamp20181203.JPG\"\n                    width=\"240\"\n                    height=\"160\"\n                    style=\"max-width:100%;\"\n                \/>\n            <\/a>\n        <\/div>\n\t\t\t\t\t\t\t<\/div> \n\t\t\t\n        \n\t\t\t\t<div id=\"ngg-image-203\" class=\"ngg-gallery-thumbnail-box\" >\n\t\t\t\t        <div class=\"ngg-gallery-thumbnail\">\n            <a href=\"http:\/\/www.karate-neuhofen.at\/wp-content\/gallery\/10-sommercamp-2018\/Sommercamp20181204.JPG\"\n               title=\"\"\n               data-src=\"http:\/\/www.karate-neuhofen.at\/wp-content\/gallery\/10-sommercamp-2018\/Sommercamp20181204.JPG\"\n               data-thumbnail=\"http:\/\/www.karate-neuhofen.at\/wp-content\/gallery\/10-sommercamp-2018\/thumbs\/thumbs_Sommercamp20181204.JPG\"\n               data-image-id=\"20940\"\n               data-title=\"Sommercamp2018(1204)\"\n               data-description=\"\"\n               data-image-slug=\"sommercamp20181204\"\n               class=\"shutterset_14ea2dae3d90de67c1fc228ab12416d8\">\n                <img\n                    title=\"Sommercamp2018(1204)\"\n                    alt=\"Sommercamp2018(1204)\"\n                    src=\"http:\/\/www.karate-neuhofen.at\/wp-content\/gallery\/10-sommercamp-2018\/thumbs\/thumbs_Sommercamp20181204.JPG\"\n                    width=\"240\"\n                    height=\"160\"\n                    style=\"max-width:100%;\"\n                \/>\n            <\/a>\n        <\/div>\n\t\t\t\t\t\t\t<\/div> \n\t\t\t\n        \n\t\t\t\t<div id=\"ngg-image-204\" class=\"ngg-gallery-thumbnail-box\" >\n\t\t\t\t        <div class=\"ngg-gallery-thumbnail\">\n            <a href=\"http:\/\/www.karate-neuhofen.at\/wp-content\/gallery\/10-sommercamp-2018\/Sommercamp20181205.JPG\"\n               title=\"\"\n               data-src=\"http:\/\/www.karate-neuhofen.at\/wp-content\/gallery\/10-sommercamp-2018\/Sommercamp20181205.JPG\"\n               data-thumbnail=\"http:\/\/www.karate-neuhofen.at\/wp-content\/gallery\/10-sommercamp-2018\/thumbs\/thumbs_Sommercamp20181205.JPG\"\n               data-image-id=\"20941\"\n               data-title=\"Sommercamp2018(1205)\"\n               data-description=\"\"\n               data-image-slug=\"sommercamp20181205\"\n               class=\"shutterset_14ea2dae3d90de67c1fc228ab12416d8\">\n                <img\n                    title=\"Sommercamp2018(1205)\"\n                    alt=\"Sommercamp2018(1205)\"\n                    src=\"http:\/\/www.karate-neuhofen.at\/wp-content\/gallery\/10-sommercamp-2018\/thumbs\/thumbs_Sommercamp20181205.JPG\"\n                    width=\"240\"\n                    height=\"160\"\n                    style=\"max-width:100%;\"\n                \/>\n            <\/a>\n        <\/div>\n\t\t\t\t\t\t\t<\/div> \n\t\t\t\n        \n\t\t\t\t<div id=\"ngg-image-205\" class=\"ngg-gallery-thumbnail-box\" >\n\t\t\t\t        <div class=\"ngg-gallery-thumbnail\">\n            <a href=\"http:\/\/www.karate-neuhofen.at\/wp-content\/gallery\/10-sommercamp-2018\/Sommercamp20181206.JPG\"\n               title=\"\"\n               data-src=\"http:\/\/www.karate-neuhofen.at\/wp-content\/gallery\/10-sommercamp-2018\/Sommercamp20181206.JPG\"\n               data-thumbnail=\"http:\/\/www.karate-neuhofen.at\/wp-content\/gallery\/10-sommercamp-2018\/thumbs\/thumbs_Sommercamp20181206.JPG\"\n               data-image-id=\"20942\"\n               data-title=\"Sommercamp2018(1206)\"\n               data-description=\"\"\n               data-image-slug=\"sommercamp20181206\"\n               class=\"shutterset_14ea2dae3d90de67c1fc228ab12416d8\">\n                <img\n                    title=\"Sommercamp2018(1206)\"\n                    alt=\"Sommercamp2018(1206)\"\n                    src=\"http:\/\/www.karate-neuhofen.at\/wp-content\/gallery\/10-sommercamp-2018\/thumbs\/thumbs_Sommercamp20181206.JPG\"\n                    width=\"240\"\n                    height=\"160\"\n                    style=\"max-width:100%;\"\n                \/>\n            <\/a>\n        <\/div>\n\t\t\t\t\t\t\t<\/div> \n\t\t\t\n        \n\t\t\t\t<div id=\"ngg-image-206\" class=\"ngg-gallery-thumbnail-box\" >\n\t\t\t\t        <div class=\"ngg-gallery-thumbnail\">\n            <a href=\"http:\/\/www.karate-neuhofen.at\/wp-content\/gallery\/10-sommercamp-2018\/Sommercamp20181207.JPG\"\n               title=\"\"\n               data-src=\"http:\/\/www.karate-neuhofen.at\/wp-content\/gallery\/10-sommercamp-2018\/Sommercamp20181207.JPG\"\n               data-thumbnail=\"http:\/\/www.karate-neuhofen.at\/wp-content\/gallery\/10-sommercamp-2018\/thumbs\/thumbs_Sommercamp20181207.JPG\"\n               data-image-id=\"20943\"\n               data-title=\"Sommercamp2018(1207)\"\n               data-description=\"\"\n               data-image-slug=\"sommercamp20181207\"\n               class=\"shutterset_14ea2dae3d90de67c1fc228ab12416d8\">\n                <img\n                    title=\"Sommercamp2018(1207)\"\n                    alt=\"Sommercamp2018(1207)\"\n                    src=\"http:\/\/www.karate-neuhofen.at\/wp-content\/gallery\/10-sommercamp-2018\/thumbs\/thumbs_Sommercamp20181207.JPG\"\n                    width=\"240\"\n                    height=\"160\"\n                    style=\"max-width:100%;\"\n                \/>\n            <\/a>\n        <\/div>\n\t\t\t\t\t\t\t<\/div> \n\t\t\t\n        \n\t\t\t\t<div id=\"ngg-image-207\" class=\"ngg-gallery-thumbnail-box\" >\n\t\t\t\t        <div class=\"ngg-gallery-thumbnail\">\n            <a href=\"http:\/\/www.karate-neuhofen.at\/wp-content\/gallery\/10-sommercamp-2018\/Sommercamp20181208.JPG\"\n               title=\"\"\n               data-src=\"http:\/\/www.karate-neuhofen.at\/wp-content\/gallery\/10-sommercamp-2018\/Sommercamp20181208.JPG\"\n               data-thumbnail=\"http:\/\/www.karate-neuhofen.at\/wp-content\/gallery\/10-sommercamp-2018\/thumbs\/thumbs_Sommercamp20181208.JPG\"\n               data-image-id=\"20944\"\n               data-title=\"Sommercamp2018(1208)\"\n               data-description=\"\"\n               data-image-slug=\"sommercamp20181208\"\n               class=\"shutterset_14ea2dae3d90de67c1fc228ab12416d8\">\n                <img\n                    title=\"Sommercamp2018(1208)\"\n                    alt=\"Sommercamp2018(1208)\"\n                    src=\"http:\/\/www.karate-neuhofen.at\/wp-content\/gallery\/10-sommercamp-2018\/thumbs\/thumbs_Sommercamp20181208.JPG\"\n                    width=\"240\"\n                    height=\"160\"\n                    style=\"max-width:100%;\"\n                \/>\n            <\/a>\n        <\/div>\n\t\t\t\t\t\t\t<\/div> \n\t\t\t\n        \n\t\t\t\t<div id=\"ngg-image-208\" class=\"ngg-gallery-thumbnail-box\" >\n\t\t\t\t        <div class=\"ngg-gallery-thumbnail\">\n            <a href=\"http:\/\/www.karate-neuhofen.at\/wp-content\/gallery\/10-sommercamp-2018\/Sommercamp20181209.JPG\"\n               title=\"\"\n               data-src=\"http:\/\/www.karate-neuhofen.at\/wp-content\/gallery\/10-sommercamp-2018\/Sommercamp20181209.JPG\"\n               data-thumbnail=\"http:\/\/www.karate-neuhofen.at\/wp-content\/gallery\/10-sommercamp-2018\/thumbs\/thumbs_Sommercamp20181209.JPG\"\n               data-image-id=\"20945\"\n               data-title=\"Sommercamp2018(1209)\"\n               data-description=\"\"\n               data-image-slug=\"sommercamp20181209\"\n               class=\"shutterset_14ea2dae3d90de67c1fc228ab12416d8\">\n                <img\n                    title=\"Sommercamp2018(1209)\"\n                    alt=\"Sommercamp2018(1209)\"\n                    src=\"http:\/\/www.karate-neuhofen.at\/wp-content\/gallery\/10-sommercamp-2018\/thumbs\/thumbs_Sommercamp20181209.JPG\"\n                    width=\"240\"\n                    height=\"160\"\n                    style=\"max-width:100%;\"\n                \/>\n            <\/a>\n        <\/div>\n\t\t\t\t\t\t\t<\/div> \n\t\t\t\n        \n\t\t\t\t<div id=\"ngg-image-209\" class=\"ngg-gallery-thumbnail-box\" >\n\t\t\t\t        <div class=\"ngg-gallery-thumbnail\">\n            <a href=\"http:\/\/www.karate-neuhofen.at\/wp-content\/gallery\/10-sommercamp-2018\/Sommercamp20181210.JPG\"\n               title=\"\"\n               data-src=\"http:\/\/www.karate-neuhofen.at\/wp-content\/gallery\/10-sommercamp-2018\/Sommercamp20181210.JPG\"\n               data-thumbnail=\"http:\/\/www.karate-neuhofen.at\/wp-content\/gallery\/10-sommercamp-2018\/thumbs\/thumbs_Sommercamp20181210.JPG\"\n               data-image-id=\"20946\"\n               data-title=\"Sommercamp2018(1210)\"\n               data-description=\"\"\n               data-image-slug=\"sommercamp20181210\"\n               class=\"shutterset_14ea2dae3d90de67c1fc228ab12416d8\">\n                <img\n                    title=\"Sommercamp2018(1210)\"\n                    alt=\"Sommercamp2018(1210)\"\n                    src=\"http:\/\/www.karate-neuhofen.at\/wp-content\/gallery\/10-sommercamp-2018\/thumbs\/thumbs_Sommercamp20181210.JPG\"\n                    width=\"240\"\n                    height=\"160\"\n                    style=\"max-width:100%;\"\n                \/>\n            <\/a>\n        <\/div>\n\t\t\t\t\t\t\t<\/div> \n\t\t\t\n        \n\t\t\t\t<div id=\"ngg-image-210\" class=\"ngg-gallery-thumbnail-box\" >\n\t\t\t\t        <div class=\"ngg-gallery-thumbnail\">\n            <a href=\"http:\/\/www.karate-neuhofen.at\/wp-content\/gallery\/10-sommercamp-2018\/Sommercamp20181211.JPG\"\n               title=\"\"\n               data-src=\"http:\/\/www.karate-neuhofen.at\/wp-content\/gallery\/10-sommercamp-2018\/Sommercamp20181211.JPG\"\n               data-thumbnail=\"http:\/\/www.karate-neuhofen.at\/wp-content\/gallery\/10-sommercamp-2018\/thumbs\/thumbs_Sommercamp20181211.JPG\"\n               data-image-id=\"20947\"\n               data-title=\"Sommercamp2018(1211)\"\n               data-description=\"\"\n               data-image-slug=\"sommercamp20181211\"\n               class=\"shutterset_14ea2dae3d90de67c1fc228ab12416d8\">\n                <img\n                    title=\"Sommercamp2018(1211)\"\n                    alt=\"Sommercamp2018(1211)\"\n                    src=\"http:\/\/www.karate-neuhofen.at\/wp-content\/gallery\/10-sommercamp-2018\/thumbs\/thumbs_Sommercamp20181211.JPG\"\n                    width=\"240\"\n                    height=\"160\"\n                    style=\"max-width:100%;\"\n                \/>\n            <\/a>\n        <\/div>\n\t\t\t\t\t\t\t<\/div> \n\t\t\t\n        \n\t\t\t\t<div id=\"ngg-image-211\" class=\"ngg-gallery-thumbnail-box\" >\n\t\t\t\t        <div class=\"ngg-gallery-thumbnail\">\n            <a href=\"http:\/\/www.karate-neuhofen.at\/wp-content\/gallery\/10-sommercamp-2018\/Sommercamp20181212.JPG\"\n               title=\"\"\n               data-src=\"http:\/\/www.karate-neuhofen.at\/wp-content\/gallery\/10-sommercamp-2018\/Sommercamp20181212.JPG\"\n               data-thumbnail=\"http:\/\/www.karate-neuhofen.at\/wp-content\/gallery\/10-sommercamp-2018\/thumbs\/thumbs_Sommercamp20181212.JPG\"\n               data-image-id=\"20948\"\n               data-title=\"Sommercamp2018(1212)\"\n               data-description=\"\"\n               data-image-slug=\"sommercamp20181212\"\n               class=\"shutterset_14ea2dae3d90de67c1fc228ab12416d8\">\n                <img\n                    title=\"Sommercamp2018(1212)\"\n                    alt=\"Sommercamp2018(1212)\"\n                    src=\"http:\/\/www.karate-neuhofen.at\/wp-content\/gallery\/10-sommercamp-2018\/thumbs\/thumbs_Sommercamp20181212.JPG\"\n                    width=\"240\"\n                    height=\"160\"\n                    style=\"max-width:100%;\"\n                \/>\n            <\/a>\n        <\/div>\n\t\t\t\t\t\t\t<\/div> \n\t\t\t\n        \n\t\t\t\t<div id=\"ngg-image-212\" class=\"ngg-gallery-thumbnail-box\" >\n\t\t\t\t        <div class=\"ngg-gallery-thumbnail\">\n            <a href=\"http:\/\/www.karate-neuhofen.at\/wp-content\/gallery\/10-sommercamp-2018\/Sommercamp20181213.JPG\"\n               title=\"\"\n               data-src=\"http:\/\/www.karate-neuhofen.at\/wp-content\/gallery\/10-sommercamp-2018\/Sommercamp20181213.JPG\"\n               data-thumbnail=\"http:\/\/www.karate-neuhofen.at\/wp-content\/gallery\/10-sommercamp-2018\/thumbs\/thumbs_Sommercamp20181213.JPG\"\n               data-image-id=\"20949\"\n               data-title=\"Sommercamp2018(1213)\"\n               data-description=\"\"\n               data-image-slug=\"sommercamp20181213\"\n               class=\"shutterset_14ea2dae3d90de67c1fc228ab12416d8\">\n                <img\n                    title=\"Sommercamp2018(1213)\"\n                    alt=\"Sommercamp2018(1213)\"\n                    src=\"http:\/\/www.karate-neuhofen.at\/wp-content\/gallery\/10-sommercamp-2018\/thumbs\/thumbs_Sommercamp20181213.JPG\"\n                    width=\"240\"\n                    height=\"160\"\n                    style=\"max-width:100%;\"\n                \/>\n            <\/a>\n        <\/div>\n\t\t\t\t\t\t\t<\/div> \n\t\t\t\n        \n\t\t\t\t<div id=\"ngg-image-213\" class=\"ngg-gallery-thumbnail-box\" >\n\t\t\t\t        <div class=\"ngg-gallery-thumbnail\">\n            <a href=\"http:\/\/www.karate-neuhofen.at\/wp-content\/gallery\/10-sommercamp-2018\/Sommercamp20181214.JPG\"\n               title=\"\"\n               data-src=\"http:\/\/www.karate-neuhofen.at\/wp-content\/gallery\/10-sommercamp-2018\/Sommercamp20181214.JPG\"\n               data-thumbnail=\"http:\/\/www.karate-neuhofen.at\/wp-content\/gallery\/10-sommercamp-2018\/thumbs\/thumbs_Sommercamp20181214.JPG\"\n               data-image-id=\"20950\"\n               data-title=\"Sommercamp2018(1214)\"\n               data-description=\"\"\n               data-image-slug=\"sommercamp20181214\"\n               class=\"shutterset_14ea2dae3d90de67c1fc228ab12416d8\">\n                <img\n                    title=\"Sommercamp2018(1214)\"\n                    alt=\"Sommercamp2018(1214)\"\n                    src=\"http:\/\/www.karate-neuhofen.at\/wp-content\/gallery\/10-sommercamp-2018\/thumbs\/thumbs_Sommercamp20181214.JPG\"\n                    width=\"240\"\n                    height=\"160\"\n                    style=\"max-width:100%;\"\n                \/>\n            <\/a>\n        <\/div>\n\t\t\t\t\t\t\t<\/div> \n\t\t\t\n        \n\t\t\t\t<div id=\"ngg-image-214\" class=\"ngg-gallery-thumbnail-box\" >\n\t\t\t\t        <div class=\"ngg-gallery-thumbnail\">\n            <a href=\"http:\/\/www.karate-neuhofen.at\/wp-content\/gallery\/10-sommercamp-2018\/Sommercamp20181215.JPG\"\n               title=\"\"\n               data-src=\"http:\/\/www.karate-neuhofen.at\/wp-content\/gallery\/10-sommercamp-2018\/Sommercamp20181215.JPG\"\n               data-thumbnail=\"http:\/\/www.karate-neuhofen.at\/wp-content\/gallery\/10-sommercamp-2018\/thumbs\/thumbs_Sommercamp20181215.JPG\"\n               data-image-id=\"20951\"\n               data-title=\"Sommercamp2018(1215)\"\n               data-description=\"\"\n               data-image-slug=\"sommercamp20181215\"\n               class=\"shutterset_14ea2dae3d90de67c1fc228ab12416d8\">\n                <img\n                    title=\"Sommercamp2018(1215)\"\n                    alt=\"Sommercamp2018(1215)\"\n                    src=\"http:\/\/www.karate-neuhofen.at\/wp-content\/gallery\/10-sommercamp-2018\/thumbs\/thumbs_Sommercamp20181215.JPG\"\n                    width=\"240\"\n                    height=\"160\"\n                    style=\"max-width:100%;\"\n                \/>\n            <\/a>\n        <\/div>\n\t\t\t\t\t\t\t<\/div> \n\t\t\t\n        \n\t\t\t\t<div id=\"ngg-image-215\" class=\"ngg-gallery-thumbnail-box\" >\n\t\t\t\t        <div class=\"ngg-gallery-thumbnail\">\n            <a href=\"http:\/\/www.karate-neuhofen.at\/wp-content\/gallery\/10-sommercamp-2018\/Sommercamp20181216.JPG\"\n               title=\"\"\n               data-src=\"http:\/\/www.karate-neuhofen.at\/wp-content\/gallery\/10-sommercamp-2018\/Sommercamp20181216.JPG\"\n               data-thumbnail=\"http:\/\/www.karate-neuhofen.at\/wp-content\/gallery\/10-sommercamp-2018\/thumbs\/thumbs_Sommercamp20181216.JPG\"\n               data-image-id=\"20952\"\n               data-title=\"Sommercamp2018(1216)\"\n               data-description=\"\"\n               data-image-slug=\"sommercamp20181216\"\n               class=\"shutterset_14ea2dae3d90de67c1fc228ab12416d8\">\n                <img\n                    title=\"Sommercamp2018(1216)\"\n                    alt=\"Sommercamp2018(1216)\"\n                    src=\"http:\/\/www.karate-neuhofen.at\/wp-content\/gallery\/10-sommercamp-2018\/thumbs\/thumbs_Sommercamp20181216.JPG\"\n                    width=\"240\"\n                    height=\"160\"\n                    style=\"max-width:100%;\"\n                \/>\n            <\/a>\n        <\/div>\n\t\t\t\t\t\t\t<\/div> \n\t\t\t\n        \n\t\t\t\t<div id=\"ngg-image-216\" class=\"ngg-gallery-thumbnail-box\" >\n\t\t\t\t        <div class=\"ngg-gallery-thumbnail\">\n            <a href=\"http:\/\/www.karate-neuhofen.at\/wp-content\/gallery\/10-sommercamp-2018\/Sommercamp20181217.JPG\"\n               title=\"\"\n               data-src=\"http:\/\/www.karate-neuhofen.at\/wp-content\/gallery\/10-sommercamp-2018\/Sommercamp20181217.JPG\"\n               data-thumbnail=\"http:\/\/www.karate-neuhofen.at\/wp-content\/gallery\/10-sommercamp-2018\/thumbs\/thumbs_Sommercamp20181217.JPG\"\n               data-image-id=\"20953\"\n               data-title=\"Sommercamp2018(1217)\"\n               data-description=\"\"\n               data-image-slug=\"sommercamp20181217\"\n               class=\"shutterset_14ea2dae3d90de67c1fc228ab12416d8\">\n                <img\n                    title=\"Sommercamp2018(1217)\"\n                    alt=\"Sommercamp2018(1217)\"\n                    src=\"http:\/\/www.karate-neuhofen.at\/wp-content\/gallery\/10-sommercamp-2018\/thumbs\/thumbs_Sommercamp20181217.JPG\"\n                    width=\"240\"\n                    height=\"160\"\n                    style=\"max-width:100%;\"\n                \/>\n            <\/a>\n        <\/div>\n\t\t\t\t\t\t\t<\/div> \n\t\t\t\n        \n\t\t\t\t<div id=\"ngg-image-217\" class=\"ngg-gallery-thumbnail-box\" >\n\t\t\t\t        <div class=\"ngg-gallery-thumbnail\">\n            <a href=\"http:\/\/www.karate-neuhofen.at\/wp-content\/gallery\/10-sommercamp-2018\/Sommercamp20181218.JPG\"\n               title=\"\"\n               data-src=\"http:\/\/www.karate-neuhofen.at\/wp-content\/gallery\/10-sommercamp-2018\/Sommercamp20181218.JPG\"\n               data-thumbnail=\"http:\/\/www.karate-neuhofen.at\/wp-content\/gallery\/10-sommercamp-2018\/thumbs\/thumbs_Sommercamp20181218.JPG\"\n               data-image-id=\"20954\"\n               data-title=\"Sommercamp2018(1218)\"\n               data-description=\"\"\n               data-image-slug=\"sommercamp20181218\"\n               class=\"shutterset_14ea2dae3d90de67c1fc228ab12416d8\">\n                <img\n                    title=\"Sommercamp2018(1218)\"\n                    alt=\"Sommercamp2018(1218)\"\n                    src=\"http:\/\/www.karate-neuhofen.at\/wp-content\/gallery\/10-sommercamp-2018\/thumbs\/thumbs_Sommercamp20181218.JPG\"\n                    width=\"240\"\n                    height=\"160\"\n                    style=\"max-width:100%;\"\n                \/>\n            <\/a>\n        <\/div>\n\t\t\t\t\t\t\t<\/div> \n\t\t\t\n        \n\t\t\t\t<div id=\"ngg-image-218\" class=\"ngg-gallery-thumbnail-box\" >\n\t\t\t\t        <div class=\"ngg-gallery-thumbnail\">\n            <a href=\"http:\/\/www.karate-neuhofen.at\/wp-content\/gallery\/10-sommercamp-2018\/Sommercamp20181219.JPG\"\n               title=\"\"\n               data-src=\"http:\/\/www.karate-neuhofen.at\/wp-content\/gallery\/10-sommercamp-2018\/Sommercamp20181219.JPG\"\n               data-thumbnail=\"http:\/\/www.karate-neuhofen.at\/wp-content\/gallery\/10-sommercamp-2018\/thumbs\/thumbs_Sommercamp20181219.JPG\"\n               data-image-id=\"20955\"\n               data-title=\"Sommercamp2018(1219)\"\n               data-description=\"\"\n               data-image-slug=\"sommercamp20181219\"\n               class=\"shutterset_14ea2dae3d90de67c1fc228ab12416d8\">\n                <img\n                    title=\"Sommercamp2018(1219)\"\n                    alt=\"Sommercamp2018(1219)\"\n                    src=\"http:\/\/www.karate-neuhofen.at\/wp-content\/gallery\/10-sommercamp-2018\/thumbs\/thumbs_Sommercamp20181219.JPG\"\n                    width=\"240\"\n                    height=\"160\"\n                    style=\"max-width:100%;\"\n                \/>\n            <\/a>\n        <\/div>\n\t\t\t\t\t\t\t<\/div> \n\t\t\t\n        \n\t\t\t\t<div id=\"ngg-image-219\" class=\"ngg-gallery-thumbnail-box\" >\n\t\t\t\t        <div class=\"ngg-gallery-thumbnail\">\n            <a href=\"http:\/\/www.karate-neuhofen.at\/wp-content\/gallery\/10-sommercamp-2018\/Sommercamp20181220.JPG\"\n               title=\"\"\n               data-src=\"http:\/\/www.karate-neuhofen.at\/wp-content\/gallery\/10-sommercamp-2018\/Sommercamp20181220.JPG\"\n               data-thumbnail=\"http:\/\/www.karate-neuhofen.at\/wp-content\/gallery\/10-sommercamp-2018\/thumbs\/thumbs_Sommercamp20181220.JPG\"\n               data-image-id=\"20956\"\n               data-title=\"Sommercamp2018(1220)\"\n               data-description=\"\"\n               data-image-slug=\"sommercamp20181220\"\n               class=\"shutterset_14ea2dae3d90de67c1fc228ab12416d8\">\n                <img\n                    title=\"Sommercamp2018(1220)\"\n                    alt=\"Sommercamp2018(1220)\"\n                    src=\"http:\/\/www.karate-neuhofen.at\/wp-content\/gallery\/10-sommercamp-2018\/thumbs\/thumbs_Sommercamp20181220.JPG\"\n                    width=\"240\"\n                    height=\"160\"\n                    style=\"max-width:100%;\"\n                \/>\n            <\/a>\n        <\/div>\n\t\t\t\t\t\t\t<\/div> \n\t\t\t\n        \n\t\t\t\t<div id=\"ngg-image-220\" class=\"ngg-gallery-thumbnail-box\" >\n\t\t\t\t        <div class=\"ngg-gallery-thumbnail\">\n            <a href=\"http:\/\/www.karate-neuhofen.at\/wp-content\/gallery\/10-sommercamp-2018\/Sommercamp20181221.JPG\"\n               title=\"\"\n               data-src=\"http:\/\/www.karate-neuhofen.at\/wp-content\/gallery\/10-sommercamp-2018\/Sommercamp20181221.JPG\"\n               data-thumbnail=\"http:\/\/www.karate-neuhofen.at\/wp-content\/gallery\/10-sommercamp-2018\/thumbs\/thumbs_Sommercamp20181221.JPG\"\n               data-image-id=\"20957\"\n               data-title=\"Sommercamp2018(1221)\"\n               data-description=\"\"\n               data-image-slug=\"sommercamp20181221\"\n               class=\"shutterset_14ea2dae3d90de67c1fc228ab12416d8\">\n                <img\n                    title=\"Sommercamp2018(1221)\"\n                    alt=\"Sommercamp2018(1221)\"\n                    src=\"http:\/\/www.karate-neuhofen.at\/wp-content\/gallery\/10-sommercamp-2018\/thumbs\/thumbs_Sommercamp20181221.JPG\"\n                    width=\"240\"\n                    height=\"160\"\n                    style=\"max-width:100%;\"\n                \/>\n            <\/a>\n        <\/div>\n\t\t\t\t\t\t\t<\/div> \n\t\t\t\n        \n\t\t\t\t<div id=\"ngg-image-221\" class=\"ngg-gallery-thumbnail-box\" >\n\t\t\t\t        <div class=\"ngg-gallery-thumbnail\">\n            <a href=\"http:\/\/www.karate-neuhofen.at\/wp-content\/gallery\/10-sommercamp-2018\/Sommercamp20181222.JPG\"\n               title=\"\"\n               data-src=\"http:\/\/www.karate-neuhofen.at\/wp-content\/gallery\/10-sommercamp-2018\/Sommercamp20181222.JPG\"\n               data-thumbnail=\"http:\/\/www.karate-neuhofen.at\/wp-content\/gallery\/10-sommercamp-2018\/thumbs\/thumbs_Sommercamp20181222.JPG\"\n               data-image-id=\"20958\"\n               data-title=\"Sommercamp2018(1222)\"\n               data-description=\"\"\n               data-image-slug=\"sommercamp20181222\"\n               class=\"shutterset_14ea2dae3d90de67c1fc228ab12416d8\">\n                <img\n                    title=\"Sommercamp2018(1222)\"\n                    alt=\"Sommercamp2018(1222)\"\n                    src=\"http:\/\/www.karate-neuhofen.at\/wp-content\/gallery\/10-sommercamp-2018\/thumbs\/thumbs_Sommercamp20181222.JPG\"\n                    width=\"240\"\n                    height=\"160\"\n                    style=\"max-width:100%;\"\n                \/>\n            <\/a>\n        <\/div>\n\t\t\t\t\t\t\t<\/div> \n\t\t\t\n        \n\t\t\t\t<div id=\"ngg-image-222\" class=\"ngg-gallery-thumbnail-box\" >\n\t\t\t\t        <div class=\"ngg-gallery-thumbnail\">\n            <a href=\"http:\/\/www.karate-neuhofen.at\/wp-content\/gallery\/10-sommercamp-2018\/Sommercamp20181223.JPG\"\n               title=\"\"\n               data-src=\"http:\/\/www.karate-neuhofen.at\/wp-content\/gallery\/10-sommercamp-2018\/Sommercamp20181223.JPG\"\n               data-thumbnail=\"http:\/\/www.karate-neuhofen.at\/wp-content\/gallery\/10-sommercamp-2018\/thumbs\/thumbs_Sommercamp20181223.JPG\"\n               data-image-id=\"20959\"\n               data-title=\"Sommercamp2018(1223)\"\n               data-description=\"\"\n               data-image-slug=\"sommercamp20181223\"\n               class=\"shutterset_14ea2dae3d90de67c1fc228ab12416d8\">\n                <img\n                    title=\"Sommercamp2018(1223)\"\n                    alt=\"Sommercamp2018(1223)\"\n                    src=\"http:\/\/www.karate-neuhofen.at\/wp-content\/gallery\/10-sommercamp-2018\/thumbs\/thumbs_Sommercamp20181223.JPG\"\n                    width=\"240\"\n                    height=\"160\"\n                    style=\"max-width:100%;\"\n                \/>\n            <\/a>\n        <\/div>\n\t\t\t\t\t\t\t<\/div> \n\t\t\t\n        \n\t\t\t\t<div id=\"ngg-image-223\" class=\"ngg-gallery-thumbnail-box\" >\n\t\t\t\t        <div class=\"ngg-gallery-thumbnail\">\n            <a href=\"http:\/\/www.karate-neuhofen.at\/wp-content\/gallery\/10-sommercamp-2018\/Sommercamp20181224.JPG\"\n               title=\"\"\n               data-src=\"http:\/\/www.karate-neuhofen.at\/wp-content\/gallery\/10-sommercamp-2018\/Sommercamp20181224.JPG\"\n               data-thumbnail=\"http:\/\/www.karate-neuhofen.at\/wp-content\/gallery\/10-sommercamp-2018\/thumbs\/thumbs_Sommercamp20181224.JPG\"\n               data-image-id=\"20960\"\n               data-title=\"Sommercamp2018(1224)\"\n               data-description=\"\"\n               data-image-slug=\"sommercamp20181224\"\n               class=\"shutterset_14ea2dae3d90de67c1fc228ab12416d8\">\n                <img\n                    title=\"Sommercamp2018(1224)\"\n                    alt=\"Sommercamp2018(1224)\"\n                    src=\"http:\/\/www.karate-neuhofen.at\/wp-content\/gallery\/10-sommercamp-2018\/thumbs\/thumbs_Sommercamp20181224.JPG\"\n                    width=\"240\"\n                    height=\"160\"\n                    style=\"max-width:100%;\"\n                \/>\n            <\/a>\n        <\/div>\n\t\t\t\t\t\t\t<\/div> \n\t\t\t\n        \n\t\t\t\t<div id=\"ngg-image-224\" class=\"ngg-gallery-thumbnail-box\" >\n\t\t\t\t        <div class=\"ngg-gallery-thumbnail\">\n            <a href=\"http:\/\/www.karate-neuhofen.at\/wp-content\/gallery\/10-sommercamp-2018\/Sommercamp20181225.JPG\"\n               title=\"\"\n               data-src=\"http:\/\/www.karate-neuhofen.at\/wp-content\/gallery\/10-sommercamp-2018\/Sommercamp20181225.JPG\"\n               data-thumbnail=\"http:\/\/www.karate-neuhofen.at\/wp-content\/gallery\/10-sommercamp-2018\/thumbs\/thumbs_Sommercamp20181225.JPG\"\n               data-image-id=\"20961\"\n               data-title=\"Sommercamp2018(1225)\"\n               data-description=\"\"\n               data-image-slug=\"sommercamp20181225\"\n               class=\"shutterset_14ea2dae3d90de67c1fc228ab12416d8\">\n                <img\n                    title=\"Sommercamp2018(1225)\"\n                    alt=\"Sommercamp2018(1225)\"\n                    src=\"http:\/\/www.karate-neuhofen.at\/wp-content\/gallery\/10-sommercamp-2018\/thumbs\/thumbs_Sommercamp20181225.JPG\"\n                    width=\"240\"\n                    height=\"160\"\n                    style=\"max-width:100%;\"\n                \/>\n            <\/a>\n        <\/div>\n\t\t\t\t\t\t\t<\/div> \n\t\t\t\n        \n\t\t\t\t<div id=\"ngg-image-225\" class=\"ngg-gallery-thumbnail-box\" >\n\t\t\t\t        <div class=\"ngg-gallery-thumbnail\">\n            <a href=\"http:\/\/www.karate-neuhofen.at\/wp-content\/gallery\/10-sommercamp-2018\/Sommercamp20181226.JPG\"\n               title=\"\"\n               data-src=\"http:\/\/www.karate-neuhofen.at\/wp-content\/gallery\/10-sommercamp-2018\/Sommercamp20181226.JPG\"\n               data-thumbnail=\"http:\/\/www.karate-neuhofen.at\/wp-content\/gallery\/10-sommercamp-2018\/thumbs\/thumbs_Sommercamp20181226.JPG\"\n               data-image-id=\"20962\"\n               data-title=\"Sommercamp2018(1226)\"\n               data-description=\"\"\n               data-image-slug=\"sommercamp20181226\"\n               class=\"shutterset_14ea2dae3d90de67c1fc228ab12416d8\">\n                <img\n                    title=\"Sommercamp2018(1226)\"\n                    alt=\"Sommercamp2018(1226)\"\n                    src=\"http:\/\/www.karate-neuhofen.at\/wp-content\/gallery\/10-sommercamp-2018\/thumbs\/thumbs_Sommercamp20181226.JPG\"\n                    width=\"240\"\n                    height=\"160\"\n                    style=\"max-width:100%;\"\n                \/>\n            <\/a>\n        <\/div>\n\t\t\t\t\t\t\t<\/div> \n\t\t\t\n        \n\t\t\t\t<div id=\"ngg-image-226\" class=\"ngg-gallery-thumbnail-box\" >\n\t\t\t\t        <div class=\"ngg-gallery-thumbnail\">\n            <a href=\"http:\/\/www.karate-neuhofen.at\/wp-content\/gallery\/10-sommercamp-2018\/Sommercamp20181227.JPG\"\n               title=\"\"\n               data-src=\"http:\/\/www.karate-neuhofen.at\/wp-content\/gallery\/10-sommercamp-2018\/Sommercamp20181227.JPG\"\n               data-thumbnail=\"http:\/\/www.karate-neuhofen.at\/wp-content\/gallery\/10-sommercamp-2018\/thumbs\/thumbs_Sommercamp20181227.JPG\"\n               data-image-id=\"20963\"\n               data-title=\"Sommercamp2018(1227)\"\n               data-description=\"\"\n               data-image-slug=\"sommercamp20181227\"\n               class=\"shutterset_14ea2dae3d90de67c1fc228ab12416d8\">\n                <img\n                    title=\"Sommercamp2018(1227)\"\n                    alt=\"Sommercamp2018(1227)\"\n                    src=\"http:\/\/www.karate-neuhofen.at\/wp-content\/gallery\/10-sommercamp-2018\/thumbs\/thumbs_Sommercamp20181227.JPG\"\n                    width=\"240\"\n                    height=\"160\"\n                    style=\"max-width:100%;\"\n                \/>\n            <\/a>\n        <\/div>\n\t\t\t\t\t\t\t<\/div> \n\t\t\t\n        \n\t\t\t\t<div id=\"ngg-image-227\" class=\"ngg-gallery-thumbnail-box\" >\n\t\t\t\t        <div class=\"ngg-gallery-thumbnail\">\n            <a href=\"http:\/\/www.karate-neuhofen.at\/wp-content\/gallery\/10-sommercamp-2018\/Sommercamp20181228.JPG\"\n               title=\"\"\n               data-src=\"http:\/\/www.karate-neuhofen.at\/wp-content\/gallery\/10-sommercamp-2018\/Sommercamp20181228.JPG\"\n               data-thumbnail=\"http:\/\/www.karate-neuhofen.at\/wp-content\/gallery\/10-sommercamp-2018\/thumbs\/thumbs_Sommercamp20181228.JPG\"\n               data-image-id=\"20964\"\n               data-title=\"Sommercamp2018(1228)\"\n               data-description=\"\"\n               data-image-slug=\"sommercamp20181228\"\n               class=\"shutterset_14ea2dae3d90de67c1fc228ab12416d8\">\n                <img\n                    title=\"Sommercamp2018(1228)\"\n                    alt=\"Sommercamp2018(1228)\"\n                    src=\"http:\/\/www.karate-neuhofen.at\/wp-content\/gallery\/10-sommercamp-2018\/thumbs\/thumbs_Sommercamp20181228.JPG\"\n                    width=\"240\"\n                    height=\"160\"\n                    style=\"max-width:100%;\"\n                \/>\n            <\/a>\n        <\/div>\n\t\t\t\t\t\t\t<\/div> \n\t\t\t\n        \n\t\t\t\t<div id=\"ngg-image-228\" class=\"ngg-gallery-thumbnail-box\" >\n\t\t\t\t        <div class=\"ngg-gallery-thumbnail\">\n            <a href=\"http:\/\/www.karate-neuhofen.at\/wp-content\/gallery\/10-sommercamp-2018\/Sommercamp20181229.JPG\"\n               title=\"\"\n               data-src=\"http:\/\/www.karate-neuhofen.at\/wp-content\/gallery\/10-sommercamp-2018\/Sommercamp20181229.JPG\"\n               data-thumbnail=\"http:\/\/www.karate-neuhofen.at\/wp-content\/gallery\/10-sommercamp-2018\/thumbs\/thumbs_Sommercamp20181229.JPG\"\n               data-image-id=\"20965\"\n               data-title=\"Sommercamp2018(1229)\"\n               data-description=\"\"\n               data-image-slug=\"sommercamp20181229\"\n               class=\"shutterset_14ea2dae3d90de67c1fc228ab12416d8\">\n                <img\n                    title=\"Sommercamp2018(1229)\"\n                    alt=\"Sommercamp2018(1229)\"\n                    src=\"http:\/\/www.karate-neuhofen.at\/wp-content\/gallery\/10-sommercamp-2018\/thumbs\/thumbs_Sommercamp20181229.JPG\"\n                    width=\"240\"\n                    height=\"160\"\n                    style=\"max-width:100%;\"\n                \/>\n            <\/a>\n        <\/div>\n\t\t\t\t\t\t\t<\/div> \n\t\t\t\n        \n\t\t\t\t<div id=\"ngg-image-229\" class=\"ngg-gallery-thumbnail-box\" >\n\t\t\t\t        <div class=\"ngg-gallery-thumbnail\">\n            <a href=\"http:\/\/www.karate-neuhofen.at\/wp-content\/gallery\/10-sommercamp-2018\/Sommercamp20181230.JPG\"\n               title=\"\"\n               data-src=\"http:\/\/www.karate-neuhofen.at\/wp-content\/gallery\/10-sommercamp-2018\/Sommercamp20181230.JPG\"\n               data-thumbnail=\"http:\/\/www.karate-neuhofen.at\/wp-content\/gallery\/10-sommercamp-2018\/thumbs\/thumbs_Sommercamp20181230.JPG\"\n               data-image-id=\"20966\"\n               data-title=\"Sommercamp2018(1230)\"\n               data-description=\"\"\n               data-image-slug=\"sommercamp20181230\"\n               class=\"shutterset_14ea2dae3d90de67c1fc228ab12416d8\">\n                <img\n                    title=\"Sommercamp2018(1230)\"\n                    alt=\"Sommercamp2018(1230)\"\n                    src=\"http:\/\/www.karate-neuhofen.at\/wp-content\/gallery\/10-sommercamp-2018\/thumbs\/thumbs_Sommercamp20181230.JPG\"\n                    width=\"240\"\n                    height=\"160\"\n                    style=\"max-width:100%;\"\n                \/>\n            <\/a>\n        <\/div>\n\t\t\t\t\t\t\t<\/div> \n\t\t\t\n        \n\t\t\t\t<div id=\"ngg-image-230\" class=\"ngg-gallery-thumbnail-box\" >\n\t\t\t\t        <div class=\"ngg-gallery-thumbnail\">\n            <a href=\"http:\/\/www.karate-neuhofen.at\/wp-content\/gallery\/10-sommercamp-2018\/Sommercamp20181231.JPG\"\n               title=\"\"\n               data-src=\"http:\/\/www.karate-neuhofen.at\/wp-content\/gallery\/10-sommercamp-2018\/Sommercamp20181231.JPG\"\n               data-thumbnail=\"http:\/\/www.karate-neuhofen.at\/wp-content\/gallery\/10-sommercamp-2018\/thumbs\/thumbs_Sommercamp20181231.JPG\"\n               data-image-id=\"20967\"\n               data-title=\"Sommercamp2018(1231)\"\n               data-description=\"\"\n               data-image-slug=\"sommercamp20181231\"\n               class=\"shutterset_14ea2dae3d90de67c1fc228ab12416d8\">\n                <img\n                    title=\"Sommercamp2018(1231)\"\n                    alt=\"Sommercamp2018(1231)\"\n                    src=\"http:\/\/www.karate-neuhofen.at\/wp-content\/gallery\/10-sommercamp-2018\/thumbs\/thumbs_Sommercamp20181231.JPG\"\n                    width=\"240\"\n                    height=\"160\"\n                    style=\"max-width:100%;\"\n                \/>\n            <\/a>\n        <\/div>\n\t\t\t\t\t\t\t<\/div> \n\t\t\t\n        \n\t\t\t\t<div id=\"ngg-image-231\" class=\"ngg-gallery-thumbnail-box\" >\n\t\t\t\t        <div class=\"ngg-gallery-thumbnail\">\n            <a href=\"http:\/\/www.karate-neuhofen.at\/wp-content\/gallery\/10-sommercamp-2018\/Sommercamp20181232.JPG\"\n               title=\"\"\n               data-src=\"http:\/\/www.karate-neuhofen.at\/wp-content\/gallery\/10-sommercamp-2018\/Sommercamp20181232.JPG\"\n               data-thumbnail=\"http:\/\/www.karate-neuhofen.at\/wp-content\/gallery\/10-sommercamp-2018\/thumbs\/thumbs_Sommercamp20181232.JPG\"\n               data-image-id=\"20968\"\n               data-title=\"Sommercamp2018(1232)\"\n               data-description=\"\"\n               data-image-slug=\"sommercamp20181232\"\n               class=\"shutterset_14ea2dae3d90de67c1fc228ab12416d8\">\n                <img\n                    title=\"Sommercamp2018(1232)\"\n                    alt=\"Sommercamp2018(1232)\"\n                    src=\"http:\/\/www.karate-neuhofen.at\/wp-content\/gallery\/10-sommercamp-2018\/thumbs\/thumbs_Sommercamp20181232.JPG\"\n                    width=\"240\"\n                    height=\"160\"\n                    style=\"max-width:100%;\"\n                \/>\n            <\/a>\n        <\/div>\n\t\t\t\t\t\t\t<\/div> \n\t\t\t\n        \n\t\t\t\t<div id=\"ngg-image-232\" class=\"ngg-gallery-thumbnail-box\" >\n\t\t\t\t        <div class=\"ngg-gallery-thumbnail\">\n            <a href=\"http:\/\/www.karate-neuhofen.at\/wp-content\/gallery\/10-sommercamp-2018\/Sommercamp20181233.JPG\"\n               title=\"\"\n               data-src=\"http:\/\/www.karate-neuhofen.at\/wp-content\/gallery\/10-sommercamp-2018\/Sommercamp20181233.JPG\"\n               data-thumbnail=\"http:\/\/www.karate-neuhofen.at\/wp-content\/gallery\/10-sommercamp-2018\/thumbs\/thumbs_Sommercamp20181233.JPG\"\n               data-image-id=\"20969\"\n               data-title=\"Sommercamp2018(1233)\"\n               data-description=\"\"\n               data-image-slug=\"sommercamp20181233\"\n               class=\"shutterset_14ea2dae3d90de67c1fc228ab12416d8\">\n                <img\n                    title=\"Sommercamp2018(1233)\"\n                    alt=\"Sommercamp2018(1233)\"\n                    src=\"http:\/\/www.karate-neuhofen.at\/wp-content\/gallery\/10-sommercamp-2018\/thumbs\/thumbs_Sommercamp20181233.JPG\"\n                    width=\"240\"\n                    height=\"160\"\n                    style=\"max-width:100%;\"\n                \/>\n            <\/a>\n        <\/div>\n\t\t\t\t\t\t\t<\/div> \n\t\t\t\n        \n\t\t\t\t<div id=\"ngg-image-233\" class=\"ngg-gallery-thumbnail-box\" >\n\t\t\t\t        <div class=\"ngg-gallery-thumbnail\">\n            <a href=\"http:\/\/www.karate-neuhofen.at\/wp-content\/gallery\/10-sommercamp-2018\/Sommercamp20181234.JPG\"\n               title=\"\"\n               data-src=\"http:\/\/www.karate-neuhofen.at\/wp-content\/gallery\/10-sommercamp-2018\/Sommercamp20181234.JPG\"\n               data-thumbnail=\"http:\/\/www.karate-neuhofen.at\/wp-content\/gallery\/10-sommercamp-2018\/thumbs\/thumbs_Sommercamp20181234.JPG\"\n               data-image-id=\"20970\"\n               data-title=\"Sommercamp2018(1234)\"\n               data-description=\"\"\n               data-image-slug=\"sommercamp20181234\"\n               class=\"shutterset_14ea2dae3d90de67c1fc228ab12416d8\">\n                <img\n                    title=\"Sommercamp2018(1234)\"\n                    alt=\"Sommercamp2018(1234)\"\n                    src=\"http:\/\/www.karate-neuhofen.at\/wp-content\/gallery\/10-sommercamp-2018\/thumbs\/thumbs_Sommercamp20181234.JPG\"\n                    width=\"240\"\n                    height=\"160\"\n                    style=\"max-width:100%;\"\n                \/>\n            <\/a>\n        <\/div>\n\t\t\t\t\t\t\t<\/div> \n\t\t\t\n        \n\t\t\t\t<div id=\"ngg-image-234\" class=\"ngg-gallery-thumbnail-box\" >\n\t\t\t\t        <div class=\"ngg-gallery-thumbnail\">\n            <a href=\"http:\/\/www.karate-neuhofen.at\/wp-content\/gallery\/10-sommercamp-2018\/Sommercamp20181235.JPG\"\n               title=\"\"\n               data-src=\"http:\/\/www.karate-neuhofen.at\/wp-content\/gallery\/10-sommercamp-2018\/Sommercamp20181235.JPG\"\n               data-thumbnail=\"http:\/\/www.karate-neuhofen.at\/wp-content\/gallery\/10-sommercamp-2018\/thumbs\/thumbs_Sommercamp20181235.JPG\"\n               data-image-id=\"20971\"\n               data-title=\"Sommercamp2018(1235)\"\n               data-description=\"\"\n               data-image-slug=\"sommercamp20181235\"\n               class=\"shutterset_14ea2dae3d90de67c1fc228ab12416d8\">\n                <img\n                    title=\"Sommercamp2018(1235)\"\n                    alt=\"Sommercamp2018(1235)\"\n                    src=\"http:\/\/www.karate-neuhofen.at\/wp-content\/gallery\/10-sommercamp-2018\/thumbs\/thumbs_Sommercamp20181235.JPG\"\n                    width=\"240\"\n                    height=\"160\"\n                    style=\"max-width:100%;\"\n                \/>\n            <\/a>\n        <\/div>\n\t\t\t\t\t\t\t<\/div> \n\t\t\t\n        \n\t\t\t\t<div id=\"ngg-image-235\" class=\"ngg-gallery-thumbnail-box\" >\n\t\t\t\t        <div class=\"ngg-gallery-thumbnail\">\n            <a href=\"http:\/\/www.karate-neuhofen.at\/wp-content\/gallery\/10-sommercamp-2018\/Sommercamp20181236.JPG\"\n               title=\"\"\n               data-src=\"http:\/\/www.karate-neuhofen.at\/wp-content\/gallery\/10-sommercamp-2018\/Sommercamp20181236.JPG\"\n               data-thumbnail=\"http:\/\/www.karate-neuhofen.at\/wp-content\/gallery\/10-sommercamp-2018\/thumbs\/thumbs_Sommercamp20181236.JPG\"\n               data-image-id=\"20972\"\n               data-title=\"Sommercamp2018(1236)\"\n               data-description=\"\"\n               data-image-slug=\"sommercamp20181236\"\n               class=\"shutterset_14ea2dae3d90de67c1fc228ab12416d8\">\n                <img\n                    title=\"Sommercamp2018(1236)\"\n                    alt=\"Sommercamp2018(1236)\"\n                    src=\"http:\/\/www.karate-neuhofen.at\/wp-content\/gallery\/10-sommercamp-2018\/thumbs\/thumbs_Sommercamp20181236.JPG\"\n                    width=\"240\"\n                    height=\"160\"\n                    style=\"max-width:100%;\"\n                \/>\n            <\/a>\n        <\/div>\n\t\t\t\t\t\t\t<\/div> \n\t\t\t\n        \n\t\t\t\t<div id=\"ngg-image-236\" class=\"ngg-gallery-thumbnail-box\" >\n\t\t\t\t        <div class=\"ngg-gallery-thumbnail\">\n            <a href=\"http:\/\/www.karate-neuhofen.at\/wp-content\/gallery\/10-sommercamp-2018\/Sommercamp20181237.JPG\"\n               title=\"\"\n               data-src=\"http:\/\/www.karate-neuhofen.at\/wp-content\/gallery\/10-sommercamp-2018\/Sommercamp20181237.JPG\"\n               data-thumbnail=\"http:\/\/www.karate-neuhofen.at\/wp-content\/gallery\/10-sommercamp-2018\/thumbs\/thumbs_Sommercamp20181237.JPG\"\n               data-image-id=\"20973\"\n               data-title=\"Sommercamp2018(1237)\"\n               data-description=\"\"\n               data-image-slug=\"sommercamp20181237\"\n               class=\"shutterset_14ea2dae3d90de67c1fc228ab12416d8\">\n                <img\n                    title=\"Sommercamp2018(1237)\"\n                    alt=\"Sommercamp2018(1237)\"\n                    src=\"http:\/\/www.karate-neuhofen.at\/wp-content\/gallery\/10-sommercamp-2018\/thumbs\/thumbs_Sommercamp20181237.JPG\"\n                    width=\"240\"\n                    height=\"160\"\n                    style=\"max-width:100%;\"\n                \/>\n            <\/a>\n        <\/div>\n\t\t\t\t\t\t\t<\/div> \n\t\t\t\n        \n\t\t\t\t<div id=\"ngg-image-237\" class=\"ngg-gallery-thumbnail-box\" >\n\t\t\t\t        <div class=\"ngg-gallery-thumbnail\">\n            <a href=\"http:\/\/www.karate-neuhofen.at\/wp-content\/gallery\/10-sommercamp-2018\/Sommercamp20181238.JPG\"\n               title=\"\"\n               data-src=\"http:\/\/www.karate-neuhofen.at\/wp-content\/gallery\/10-sommercamp-2018\/Sommercamp20181238.JPG\"\n               data-thumbnail=\"http:\/\/www.karate-neuhofen.at\/wp-content\/gallery\/10-sommercamp-2018\/thumbs\/thumbs_Sommercamp20181238.JPG\"\n               data-image-id=\"20974\"\n               data-title=\"Sommercamp2018(1238)\"\n               data-description=\"\"\n               data-image-slug=\"sommercamp20181238\"\n               class=\"shutterset_14ea2dae3d90de67c1fc228ab12416d8\">\n                <img\n                    title=\"Sommercamp2018(1238)\"\n                    alt=\"Sommercamp2018(1238)\"\n                    src=\"http:\/\/www.karate-neuhofen.at\/wp-content\/gallery\/10-sommercamp-2018\/thumbs\/thumbs_Sommercamp20181238.JPG\"\n                    width=\"240\"\n                    height=\"160\"\n                    style=\"max-width:100%;\"\n                \/>\n            <\/a>\n        <\/div>\n\t\t\t\t\t\t\t<\/div> \n\t\t\t\n        \n\t\t\t\t<div id=\"ngg-image-238\" class=\"ngg-gallery-thumbnail-box\" >\n\t\t\t\t        <div class=\"ngg-gallery-thumbnail\">\n            <a href=\"http:\/\/www.karate-neuhofen.at\/wp-content\/gallery\/10-sommercamp-2018\/Sommercamp20181239.JPG\"\n               title=\"\"\n               data-src=\"http:\/\/www.karate-neuhofen.at\/wp-content\/gallery\/10-sommercamp-2018\/Sommercamp20181239.JPG\"\n               data-thumbnail=\"http:\/\/www.karate-neuhofen.at\/wp-content\/gallery\/10-sommercamp-2018\/thumbs\/thumbs_Sommercamp20181239.JPG\"\n               data-image-id=\"20975\"\n               data-title=\"Sommercamp2018(1239)\"\n               data-description=\"\"\n               data-image-slug=\"sommercamp20181239\"\n               class=\"shutterset_14ea2dae3d90de67c1fc228ab12416d8\">\n                <img\n                    title=\"Sommercamp2018(1239)\"\n                    alt=\"Sommercamp2018(1239)\"\n                    src=\"http:\/\/www.karate-neuhofen.at\/wp-content\/gallery\/10-sommercamp-2018\/thumbs\/thumbs_Sommercamp20181239.JPG\"\n                    width=\"240\"\n                    height=\"160\"\n                    style=\"max-width:100%;\"\n                \/>\n            <\/a>\n        <\/div>\n\t\t\t\t\t\t\t<\/div> \n\t\t\t\n        \n\t\t\t\t<div id=\"ngg-image-239\" class=\"ngg-gallery-thumbnail-box\" >\n\t\t\t\t        <div class=\"ngg-gallery-thumbnail\">\n            <a href=\"http:\/\/www.karate-neuhofen.at\/wp-content\/gallery\/10-sommercamp-2018\/Sommercamp20181240.JPG\"\n               title=\"\"\n               data-src=\"http:\/\/www.karate-neuhofen.at\/wp-content\/gallery\/10-sommercamp-2018\/Sommercamp20181240.JPG\"\n               data-thumbnail=\"http:\/\/www.karate-neuhofen.at\/wp-content\/gallery\/10-sommercamp-2018\/thumbs\/thumbs_Sommercamp20181240.JPG\"\n               data-image-id=\"20976\"\n               data-title=\"Sommercamp2018(1240)\"\n               data-description=\"\"\n               data-image-slug=\"sommercamp20181240\"\n               class=\"shutterset_14ea2dae3d90de67c1fc228ab12416d8\">\n                <img\n                    title=\"Sommercamp2018(1240)\"\n                    alt=\"Sommercamp2018(1240)\"\n                    src=\"http:\/\/www.karate-neuhofen.at\/wp-content\/gallery\/10-sommercamp-2018\/thumbs\/thumbs_Sommercamp20181240.JPG\"\n                    width=\"240\"\n                    height=\"160\"\n                    style=\"max-width:100%;\"\n                \/>\n            <\/a>\n        <\/div>\n\t\t\t\t\t\t\t<\/div> \n\t\t\t\n        \n\t\t\t\t<div id=\"ngg-image-240\" class=\"ngg-gallery-thumbnail-box\" >\n\t\t\t\t        <div class=\"ngg-gallery-thumbnail\">\n            <a href=\"http:\/\/www.karate-neuhofen.at\/wp-content\/gallery\/10-sommercamp-2018\/Sommercamp20181241.JPG\"\n               title=\"\"\n               data-src=\"http:\/\/www.karate-neuhofen.at\/wp-content\/gallery\/10-sommercamp-2018\/Sommercamp20181241.JPG\"\n               data-thumbnail=\"http:\/\/www.karate-neuhofen.at\/wp-content\/gallery\/10-sommercamp-2018\/thumbs\/thumbs_Sommercamp20181241.JPG\"\n               data-image-id=\"20977\"\n               data-title=\"Sommercamp2018(1241)\"\n               data-description=\"\"\n               data-image-slug=\"sommercamp20181241\"\n               class=\"shutterset_14ea2dae3d90de67c1fc228ab12416d8\">\n                <img\n                    title=\"Sommercamp2018(1241)\"\n                    alt=\"Sommercamp2018(1241)\"\n                    src=\"http:\/\/www.karate-neuhofen.at\/wp-content\/gallery\/10-sommercamp-2018\/thumbs\/thumbs_Sommercamp20181241.JPG\"\n                    width=\"240\"\n                    height=\"160\"\n                    style=\"max-width:100%;\"\n                \/>\n            <\/a>\n        <\/div>\n\t\t\t\t\t\t\t<\/div> \n\t\t\t\n        \n\t\t\t\t<div id=\"ngg-image-241\" class=\"ngg-gallery-thumbnail-box\" >\n\t\t\t\t        <div class=\"ngg-gallery-thumbnail\">\n            <a href=\"http:\/\/www.karate-neuhofen.at\/wp-content\/gallery\/10-sommercamp-2018\/Sommercamp20181242.JPG\"\n               title=\"\"\n               data-src=\"http:\/\/www.karate-neuhofen.at\/wp-content\/gallery\/10-sommercamp-2018\/Sommercamp20181242.JPG\"\n               data-thumbnail=\"http:\/\/www.karate-neuhofen.at\/wp-content\/gallery\/10-sommercamp-2018\/thumbs\/thumbs_Sommercamp20181242.JPG\"\n               data-image-id=\"20978\"\n               data-title=\"Sommercamp2018(1242)\"\n               data-description=\"\"\n               data-image-slug=\"sommercamp20181242\"\n               class=\"shutterset_14ea2dae3d90de67c1fc228ab12416d8\">\n                <img\n                    title=\"Sommercamp2018(1242)\"\n                    alt=\"Sommercamp2018(1242)\"\n                    src=\"http:\/\/www.karate-neuhofen.at\/wp-content\/gallery\/10-sommercamp-2018\/thumbs\/thumbs_Sommercamp20181242.JPG\"\n                    width=\"240\"\n                    height=\"160\"\n                    style=\"max-width:100%;\"\n                \/>\n            <\/a>\n        <\/div>\n\t\t\t\t\t\t\t<\/div> \n\t\t\t\n        \n\t\t\t\t<div id=\"ngg-image-242\" class=\"ngg-gallery-thumbnail-box\" >\n\t\t\t\t        <div class=\"ngg-gallery-thumbnail\">\n            <a href=\"http:\/\/www.karate-neuhofen.at\/wp-content\/gallery\/10-sommercamp-2018\/Sommercamp20181243.JPG\"\n               title=\"\"\n               data-src=\"http:\/\/www.karate-neuhofen.at\/wp-content\/gallery\/10-sommercamp-2018\/Sommercamp20181243.JPG\"\n               data-thumbnail=\"http:\/\/www.karate-neuhofen.at\/wp-content\/gallery\/10-sommercamp-2018\/thumbs\/thumbs_Sommercamp20181243.JPG\"\n               data-image-id=\"20979\"\n               data-title=\"Sommercamp2018(1243)\"\n               data-description=\"\"\n               data-image-slug=\"sommercamp20181243\"\n               class=\"shutterset_14ea2dae3d90de67c1fc228ab12416d8\">\n                <img\n                    title=\"Sommercamp2018(1243)\"\n                    alt=\"Sommercamp2018(1243)\"\n                    src=\"http:\/\/www.karate-neuhofen.at\/wp-content\/gallery\/10-sommercamp-2018\/thumbs\/thumbs_Sommercamp20181243.JPG\"\n                    width=\"240\"\n                    height=\"160\"\n                    style=\"max-width:100%;\"\n                \/>\n            <\/a>\n        <\/div>\n\t\t\t\t\t\t\t<\/div> \n\t\t\t\n        \n\t\t\t\t<div id=\"ngg-image-243\" class=\"ngg-gallery-thumbnail-box\" >\n\t\t\t\t        <div class=\"ngg-gallery-thumbnail\">\n            <a href=\"http:\/\/www.karate-neuhofen.at\/wp-content\/gallery\/10-sommercamp-2018\/Sommercamp20181244.JPG\"\n               title=\"\"\n               data-src=\"http:\/\/www.karate-neuhofen.at\/wp-content\/gallery\/10-sommercamp-2018\/Sommercamp20181244.JPG\"\n               data-thumbnail=\"http:\/\/www.karate-neuhofen.at\/wp-content\/gallery\/10-sommercamp-2018\/thumbs\/thumbs_Sommercamp20181244.JPG\"\n               data-image-id=\"20980\"\n               data-title=\"Sommercamp2018(1244)\"\n               data-description=\"\"\n               data-image-slug=\"sommercamp20181244\"\n               class=\"shutterset_14ea2dae3d90de67c1fc228ab12416d8\">\n                <img\n                    title=\"Sommercamp2018(1244)\"\n                    alt=\"Sommercamp2018(1244)\"\n                    src=\"http:\/\/www.karate-neuhofen.at\/wp-content\/gallery\/10-sommercamp-2018\/thumbs\/thumbs_Sommercamp20181244.JPG\"\n                    width=\"240\"\n                    height=\"160\"\n                    style=\"max-width:100%;\"\n                \/>\n            <\/a>\n        <\/div>\n\t\t\t\t\t\t\t<\/div> \n\t\t\t\n        \n\t\t\t\t<div id=\"ngg-image-244\" class=\"ngg-gallery-thumbnail-box\" >\n\t\t\t\t        <div class=\"ngg-gallery-thumbnail\">\n            <a href=\"http:\/\/www.karate-neuhofen.at\/wp-content\/gallery\/10-sommercamp-2018\/Sommercamp20181245.JPG\"\n               title=\"\"\n               data-src=\"http:\/\/www.karate-neuhofen.at\/wp-content\/gallery\/10-sommercamp-2018\/Sommercamp20181245.JPG\"\n               data-thumbnail=\"http:\/\/www.karate-neuhofen.at\/wp-content\/gallery\/10-sommercamp-2018\/thumbs\/thumbs_Sommercamp20181245.JPG\"\n               data-image-id=\"20981\"\n               data-title=\"Sommercamp2018(1245)\"\n               data-description=\"\"\n               data-image-slug=\"sommercamp20181245\"\n               class=\"shutterset_14ea2dae3d90de67c1fc228ab12416d8\">\n                <img\n                    title=\"Sommercamp2018(1245)\"\n                    alt=\"Sommercamp2018(1245)\"\n                    src=\"http:\/\/www.karate-neuhofen.at\/wp-content\/gallery\/10-sommercamp-2018\/thumbs\/thumbs_Sommercamp20181245.JPG\"\n                    width=\"240\"\n                    height=\"160\"\n                    style=\"max-width:100%;\"\n                \/>\n            <\/a>\n        <\/div>\n\t\t\t\t\t\t\t<\/div> \n\t\t\t\n        \n\t\t\t\t<div id=\"ngg-image-245\" class=\"ngg-gallery-thumbnail-box\" >\n\t\t\t\t        <div class=\"ngg-gallery-thumbnail\">\n            <a href=\"http:\/\/www.karate-neuhofen.at\/wp-content\/gallery\/10-sommercamp-2018\/Sommercamp20181246.JPG\"\n               title=\"\"\n               data-src=\"http:\/\/www.karate-neuhofen.at\/wp-content\/gallery\/10-sommercamp-2018\/Sommercamp20181246.JPG\"\n               data-thumbnail=\"http:\/\/www.karate-neuhofen.at\/wp-content\/gallery\/10-sommercamp-2018\/thumbs\/thumbs_Sommercamp20181246.JPG\"\n               data-image-id=\"20982\"\n               data-title=\"Sommercamp2018(1246)\"\n               data-description=\"\"\n               data-image-slug=\"sommercamp20181246\"\n               class=\"shutterset_14ea2dae3d90de67c1fc228ab12416d8\">\n                <img\n                    title=\"Sommercamp2018(1246)\"\n                    alt=\"Sommercamp2018(1246)\"\n                    src=\"http:\/\/www.karate-neuhofen.at\/wp-content\/gallery\/10-sommercamp-2018\/thumbs\/thumbs_Sommercamp20181246.JPG\"\n                    width=\"240\"\n                    height=\"160\"\n                    style=\"max-width:100%;\"\n                \/>\n            <\/a>\n        <\/div>\n\t\t\t\t\t\t\t<\/div> \n\t\t\t\n        \n\t\t\t\t<div id=\"ngg-image-246\" class=\"ngg-gallery-thumbnail-box\" >\n\t\t\t\t        <div class=\"ngg-gallery-thumbnail\">\n            <a href=\"http:\/\/www.karate-neuhofen.at\/wp-content\/gallery\/10-sommercamp-2018\/Sommercamp20181247.JPG\"\n               title=\"\"\n               data-src=\"http:\/\/www.karate-neuhofen.at\/wp-content\/gallery\/10-sommercamp-2018\/Sommercamp20181247.JPG\"\n               data-thumbnail=\"http:\/\/www.karate-neuhofen.at\/wp-content\/gallery\/10-sommercamp-2018\/thumbs\/thumbs_Sommercamp20181247.JPG\"\n               data-image-id=\"20983\"\n               data-title=\"Sommercamp2018(1247)\"\n               data-description=\"\"\n               data-image-slug=\"sommercamp20181247\"\n               class=\"shutterset_14ea2dae3d90de67c1fc228ab12416d8\">\n                <img\n                    title=\"Sommercamp2018(1247)\"\n                    alt=\"Sommercamp2018(1247)\"\n                    src=\"http:\/\/www.karate-neuhofen.at\/wp-content\/gallery\/10-sommercamp-2018\/thumbs\/thumbs_Sommercamp20181247.JPG\"\n                    width=\"240\"\n                    height=\"160\"\n                    style=\"max-width:100%;\"\n                \/>\n            <\/a>\n        <\/div>\n\t\t\t\t\t\t\t<\/div> \n\t\t\t\n        \n\t\t\t\t<div id=\"ngg-image-247\" class=\"ngg-gallery-thumbnail-box\" >\n\t\t\t\t        <div class=\"ngg-gallery-thumbnail\">\n            <a href=\"http:\/\/www.karate-neuhofen.at\/wp-content\/gallery\/10-sommercamp-2018\/Sommercamp20181248.JPG\"\n               title=\"\"\n               data-src=\"http:\/\/www.karate-neuhofen.at\/wp-content\/gallery\/10-sommercamp-2018\/Sommercamp20181248.JPG\"\n               data-thumbnail=\"http:\/\/www.karate-neuhofen.at\/wp-content\/gallery\/10-sommercamp-2018\/thumbs\/thumbs_Sommercamp20181248.JPG\"\n               data-image-id=\"20984\"\n               data-title=\"Sommercamp2018(1248)\"\n               data-description=\"\"\n               data-image-slug=\"sommercamp20181248\"\n               class=\"shutterset_14ea2dae3d90de67c1fc228ab12416d8\">\n                <img\n                    title=\"Sommercamp2018(1248)\"\n                    alt=\"Sommercamp2018(1248)\"\n                    src=\"http:\/\/www.karate-neuhofen.at\/wp-content\/gallery\/10-sommercamp-2018\/thumbs\/thumbs_Sommercamp20181248.JPG\"\n                    width=\"240\"\n                    height=\"160\"\n                    style=\"max-width:100%;\"\n                \/>\n            <\/a>\n        <\/div>\n\t\t\t\t\t\t\t<\/div> \n\t\t\t\n        \n\t\t\t\t<div id=\"ngg-image-248\" class=\"ngg-gallery-thumbnail-box\" >\n\t\t\t\t        <div class=\"ngg-gallery-thumbnail\">\n            <a href=\"http:\/\/www.karate-neuhofen.at\/wp-content\/gallery\/10-sommercamp-2018\/Sommercamp20181249.JPG\"\n               title=\"\"\n               data-src=\"http:\/\/www.karate-neuhofen.at\/wp-content\/gallery\/10-sommercamp-2018\/Sommercamp20181249.JPG\"\n               data-thumbnail=\"http:\/\/www.karate-neuhofen.at\/wp-content\/gallery\/10-sommercamp-2018\/thumbs\/thumbs_Sommercamp20181249.JPG\"\n               data-image-id=\"20985\"\n               data-title=\"Sommercamp2018(1249)\"\n               data-description=\"\"\n               data-image-slug=\"sommercamp20181249\"\n               class=\"shutterset_14ea2dae3d90de67c1fc228ab12416d8\">\n                <img\n                    title=\"Sommercamp2018(1249)\"\n                    alt=\"Sommercamp2018(1249)\"\n                    src=\"http:\/\/www.karate-neuhofen.at\/wp-content\/gallery\/10-sommercamp-2018\/thumbs\/thumbs_Sommercamp20181249.JPG\"\n                    width=\"240\"\n                    height=\"160\"\n                    style=\"max-width:100%;\"\n                \/>\n            <\/a>\n        <\/div>\n\t\t\t\t\t\t\t<\/div> \n\t\t\t\n        \n\t\t\t\t<div id=\"ngg-image-249\" class=\"ngg-gallery-thumbnail-box\" >\n\t\t\t\t        <div class=\"ngg-gallery-thumbnail\">\n            <a href=\"http:\/\/www.karate-neuhofen.at\/wp-content\/gallery\/10-sommercamp-2018\/Sommercamp20181250.JPG\"\n               title=\"\"\n               data-src=\"http:\/\/www.karate-neuhofen.at\/wp-content\/gallery\/10-sommercamp-2018\/Sommercamp20181250.JPG\"\n               data-thumbnail=\"http:\/\/www.karate-neuhofen.at\/wp-content\/gallery\/10-sommercamp-2018\/thumbs\/thumbs_Sommercamp20181250.JPG\"\n               data-image-id=\"20986\"\n               data-title=\"Sommercamp2018(1250)\"\n               data-description=\"\"\n               data-image-slug=\"sommercamp20181250\"\n               class=\"shutterset_14ea2dae3d90de67c1fc228ab12416d8\">\n                <img\n                    title=\"Sommercamp2018(1250)\"\n                    alt=\"Sommercamp2018(1250)\"\n                    src=\"http:\/\/www.karate-neuhofen.at\/wp-content\/gallery\/10-sommercamp-2018\/thumbs\/thumbs_Sommercamp20181250.JPG\"\n                    width=\"240\"\n                    height=\"160\"\n                    style=\"max-width:100%;\"\n                \/>\n            <\/a>\n        <\/div>\n\t\t\t\t\t\t\t<\/div> \n\t\t\t\n        \n\t\t\t\t<div id=\"ngg-image-250\" class=\"ngg-gallery-thumbnail-box\" >\n\t\t\t\t        <div class=\"ngg-gallery-thumbnail\">\n            <a href=\"http:\/\/www.karate-neuhofen.at\/wp-content\/gallery\/10-sommercamp-2018\/Sommercamp20181251.JPG\"\n               title=\"\"\n               data-src=\"http:\/\/www.karate-neuhofen.at\/wp-content\/gallery\/10-sommercamp-2018\/Sommercamp20181251.JPG\"\n               data-thumbnail=\"http:\/\/www.karate-neuhofen.at\/wp-content\/gallery\/10-sommercamp-2018\/thumbs\/thumbs_Sommercamp20181251.JPG\"\n               data-image-id=\"20987\"\n               data-title=\"Sommercamp2018(1251)\"\n               data-description=\"\"\n               data-image-slug=\"sommercamp20181251\"\n               class=\"shutterset_14ea2dae3d90de67c1fc228ab12416d8\">\n                <img\n                    title=\"Sommercamp2018(1251)\"\n                    alt=\"Sommercamp2018(1251)\"\n                    src=\"http:\/\/www.karate-neuhofen.at\/wp-content\/gallery\/10-sommercamp-2018\/thumbs\/thumbs_Sommercamp20181251.JPG\"\n                    width=\"240\"\n                    height=\"160\"\n                    style=\"max-width:100%;\"\n                \/>\n            <\/a>\n        <\/div>\n\t\t\t\t\t\t\t<\/div> \n\t\t\t\n        \n\t\t\t\t<div id=\"ngg-image-251\" class=\"ngg-gallery-thumbnail-box\" >\n\t\t\t\t        <div class=\"ngg-gallery-thumbnail\">\n            <a href=\"http:\/\/www.karate-neuhofen.at\/wp-content\/gallery\/10-sommercamp-2018\/Sommercamp20181252.JPG\"\n               title=\"\"\n               data-src=\"http:\/\/www.karate-neuhofen.at\/wp-content\/gallery\/10-sommercamp-2018\/Sommercamp20181252.JPG\"\n               data-thumbnail=\"http:\/\/www.karate-neuhofen.at\/wp-content\/gallery\/10-sommercamp-2018\/thumbs\/thumbs_Sommercamp20181252.JPG\"\n               data-image-id=\"20988\"\n               data-title=\"Sommercamp2018(1252)\"\n               data-description=\"\"\n               data-image-slug=\"sommercamp20181252\"\n               class=\"shutterset_14ea2dae3d90de67c1fc228ab12416d8\">\n                <img\n                    title=\"Sommercamp2018(1252)\"\n                    alt=\"Sommercamp2018(1252)\"\n                    src=\"http:\/\/www.karate-neuhofen.at\/wp-content\/gallery\/10-sommercamp-2018\/thumbs\/thumbs_Sommercamp20181252.JPG\"\n                    width=\"240\"\n                    height=\"160\"\n                    style=\"max-width:100%;\"\n                \/>\n            <\/a>\n        <\/div>\n\t\t\t\t\t\t\t<\/div> \n\t\t\t\n        \n\t\t\t\t<div id=\"ngg-image-252\" class=\"ngg-gallery-thumbnail-box\" >\n\t\t\t\t        <div class=\"ngg-gallery-thumbnail\">\n            <a href=\"http:\/\/www.karate-neuhofen.at\/wp-content\/gallery\/10-sommercamp-2018\/Sommercamp20181253.JPG\"\n               title=\"\"\n               data-src=\"http:\/\/www.karate-neuhofen.at\/wp-content\/gallery\/10-sommercamp-2018\/Sommercamp20181253.JPG\"\n               data-thumbnail=\"http:\/\/www.karate-neuhofen.at\/wp-content\/gallery\/10-sommercamp-2018\/thumbs\/thumbs_Sommercamp20181253.JPG\"\n               data-image-id=\"20989\"\n               data-title=\"Sommercamp2018(1253)\"\n               data-description=\"\"\n               data-image-slug=\"sommercamp20181253\"\n               class=\"shutterset_14ea2dae3d90de67c1fc228ab12416d8\">\n                <img\n                    title=\"Sommercamp2018(1253)\"\n                    alt=\"Sommercamp2018(1253)\"\n                    src=\"http:\/\/www.karate-neuhofen.at\/wp-content\/gallery\/10-sommercamp-2018\/thumbs\/thumbs_Sommercamp20181253.JPG\"\n                    width=\"240\"\n                    height=\"160\"\n                    style=\"max-width:100%;\"\n                \/>\n            <\/a>\n        <\/div>\n\t\t\t\t\t\t\t<\/div> \n\t\t\t\n        \n\t\t\t\t<div id=\"ngg-image-253\" class=\"ngg-gallery-thumbnail-box\" >\n\t\t\t\t        <div class=\"ngg-gallery-thumbnail\">\n            <a href=\"http:\/\/www.karate-neuhofen.at\/wp-content\/gallery\/10-sommercamp-2018\/Sommercamp20181254.JPG\"\n               title=\"\"\n               data-src=\"http:\/\/www.karate-neuhofen.at\/wp-content\/gallery\/10-sommercamp-2018\/Sommercamp20181254.JPG\"\n               data-thumbnail=\"http:\/\/www.karate-neuhofen.at\/wp-content\/gallery\/10-sommercamp-2018\/thumbs\/thumbs_Sommercamp20181254.JPG\"\n               data-image-id=\"20990\"\n               data-title=\"Sommercamp2018(1254)\"\n               data-description=\"\"\n               data-image-slug=\"sommercamp20181254\"\n               class=\"shutterset_14ea2dae3d90de67c1fc228ab12416d8\">\n                <img\n                    title=\"Sommercamp2018(1254)\"\n                    alt=\"Sommercamp2018(1254)\"\n                    src=\"http:\/\/www.karate-neuhofen.at\/wp-content\/gallery\/10-sommercamp-2018\/thumbs\/thumbs_Sommercamp20181254.JPG\"\n                    width=\"240\"\n                    height=\"160\"\n                    style=\"max-width:100%;\"\n                \/>\n            <\/a>\n        <\/div>\n\t\t\t\t\t\t\t<\/div> \n\t\t\t\n        \n\t\t\t\t<div id=\"ngg-image-254\" class=\"ngg-gallery-thumbnail-box\" >\n\t\t\t\t        <div class=\"ngg-gallery-thumbnail\">\n            <a href=\"http:\/\/www.karate-neuhofen.at\/wp-content\/gallery\/10-sommercamp-2018\/Sommercamp20181255.JPG\"\n               title=\"\"\n               data-src=\"http:\/\/www.karate-neuhofen.at\/wp-content\/gallery\/10-sommercamp-2018\/Sommercamp20181255.JPG\"\n               data-thumbnail=\"http:\/\/www.karate-neuhofen.at\/wp-content\/gallery\/10-sommercamp-2018\/thumbs\/thumbs_Sommercamp20181255.JPG\"\n               data-image-id=\"20991\"\n               data-title=\"Sommercamp2018(1255)\"\n               data-description=\"\"\n               data-image-slug=\"sommercamp20181255\"\n               class=\"shutterset_14ea2dae3d90de67c1fc228ab12416d8\">\n                <img\n                    title=\"Sommercamp2018(1255)\"\n                    alt=\"Sommercamp2018(1255)\"\n                    src=\"http:\/\/www.karate-neuhofen.at\/wp-content\/gallery\/10-sommercamp-2018\/thumbs\/thumbs_Sommercamp20181255.JPG\"\n                    width=\"240\"\n                    height=\"160\"\n                    style=\"max-width:100%;\"\n                \/>\n            <\/a>\n        <\/div>\n\t\t\t\t\t\t\t<\/div> \n\t\t\t\n        \n\t\t\t\t<div id=\"ngg-image-255\" class=\"ngg-gallery-thumbnail-box\" >\n\t\t\t\t        <div class=\"ngg-gallery-thumbnail\">\n            <a href=\"http:\/\/www.karate-neuhofen.at\/wp-content\/gallery\/10-sommercamp-2018\/Sommercamp20181256.JPG\"\n               title=\"\"\n               data-src=\"http:\/\/www.karate-neuhofen.at\/wp-content\/gallery\/10-sommercamp-2018\/Sommercamp20181256.JPG\"\n               data-thumbnail=\"http:\/\/www.karate-neuhofen.at\/wp-content\/gallery\/10-sommercamp-2018\/thumbs\/thumbs_Sommercamp20181256.JPG\"\n               data-image-id=\"20992\"\n               data-title=\"Sommercamp2018(1256)\"\n               data-description=\"\"\n               data-image-slug=\"sommercamp20181256\"\n               class=\"shutterset_14ea2dae3d90de67c1fc228ab12416d8\">\n                <img\n                    title=\"Sommercamp2018(1256)\"\n                    alt=\"Sommercamp2018(1256)\"\n                    src=\"http:\/\/www.karate-neuhofen.at\/wp-content\/gallery\/10-sommercamp-2018\/thumbs\/thumbs_Sommercamp20181256.JPG\"\n                    width=\"240\"\n                    height=\"160\"\n                    style=\"max-width:100%;\"\n                \/>\n            <\/a>\n        <\/div>\n\t\t\t\t\t\t\t<\/div> \n\t\t\t\n        \n\t\t\t\t<div id=\"ngg-image-256\" class=\"ngg-gallery-thumbnail-box\" >\n\t\t\t\t        <div class=\"ngg-gallery-thumbnail\">\n            <a href=\"http:\/\/www.karate-neuhofen.at\/wp-content\/gallery\/10-sommercamp-2018\/Sommercamp20181257.JPG\"\n               title=\"\"\n               data-src=\"http:\/\/www.karate-neuhofen.at\/wp-content\/gallery\/10-sommercamp-2018\/Sommercamp20181257.JPG\"\n               data-thumbnail=\"http:\/\/www.karate-neuhofen.at\/wp-content\/gallery\/10-sommercamp-2018\/thumbs\/thumbs_Sommercamp20181257.JPG\"\n               data-image-id=\"20993\"\n               data-title=\"Sommercamp2018(1257)\"\n               data-description=\"\"\n               data-image-slug=\"sommercamp20181257\"\n               class=\"shutterset_14ea2dae3d90de67c1fc228ab12416d8\">\n                <img\n                    title=\"Sommercamp2018(1257)\"\n                    alt=\"Sommercamp2018(1257)\"\n                    src=\"http:\/\/www.karate-neuhofen.at\/wp-content\/gallery\/10-sommercamp-2018\/thumbs\/thumbs_Sommercamp20181257.JPG\"\n                    width=\"240\"\n                    height=\"160\"\n                    style=\"max-width:100%;\"\n                \/>\n            <\/a>\n        <\/div>\n\t\t\t\t\t\t\t<\/div> \n\t\t\t\n        \n\t\t\t\t<div id=\"ngg-image-257\" class=\"ngg-gallery-thumbnail-box\" >\n\t\t\t\t        <div class=\"ngg-gallery-thumbnail\">\n            <a href=\"http:\/\/www.karate-neuhofen.at\/wp-content\/gallery\/10-sommercamp-2018\/Sommercamp20181258.JPG\"\n               title=\"\"\n               data-src=\"http:\/\/www.karate-neuhofen.at\/wp-content\/gallery\/10-sommercamp-2018\/Sommercamp20181258.JPG\"\n               data-thumbnail=\"http:\/\/www.karate-neuhofen.at\/wp-content\/gallery\/10-sommercamp-2018\/thumbs\/thumbs_Sommercamp20181258.JPG\"\n               data-image-id=\"20994\"\n               data-title=\"Sommercamp2018(1258)\"\n               data-description=\"\"\n               data-image-slug=\"sommercamp20181258\"\n               class=\"shutterset_14ea2dae3d90de67c1fc228ab12416d8\">\n                <img\n                    title=\"Sommercamp2018(1258)\"\n                    alt=\"Sommercamp2018(1258)\"\n                    src=\"http:\/\/www.karate-neuhofen.at\/wp-content\/gallery\/10-sommercamp-2018\/thumbs\/thumbs_Sommercamp20181258.JPG\"\n                    width=\"240\"\n                    height=\"160\"\n                    style=\"max-width:100%;\"\n                \/>\n            <\/a>\n        <\/div>\n\t\t\t\t\t\t\t<\/div> \n\t\t\t\n        \n\t\t\t\t<div id=\"ngg-image-258\" class=\"ngg-gallery-thumbnail-box\" >\n\t\t\t\t        <div class=\"ngg-gallery-thumbnail\">\n            <a href=\"http:\/\/www.karate-neuhofen.at\/wp-content\/gallery\/10-sommercamp-2018\/Sommercamp20181259.JPG\"\n               title=\"\"\n               data-src=\"http:\/\/www.karate-neuhofen.at\/wp-content\/gallery\/10-sommercamp-2018\/Sommercamp20181259.JPG\"\n               data-thumbnail=\"http:\/\/www.karate-neuhofen.at\/wp-content\/gallery\/10-sommercamp-2018\/thumbs\/thumbs_Sommercamp20181259.JPG\"\n               data-image-id=\"20995\"\n               data-title=\"Sommercamp2018(1259)\"\n               data-description=\"\"\n               data-image-slug=\"sommercamp20181259\"\n               class=\"shutterset_14ea2dae3d90de67c1fc228ab12416d8\">\n                <img\n                    title=\"Sommercamp2018(1259)\"\n                    alt=\"Sommercamp2018(1259)\"\n                    src=\"http:\/\/www.karate-neuhofen.at\/wp-content\/gallery\/10-sommercamp-2018\/thumbs\/thumbs_Sommercamp20181259.JPG\"\n                    width=\"240\"\n                    height=\"160\"\n                    style=\"max-width:100%;\"\n                \/>\n            <\/a>\n        <\/div>\n\t\t\t\t\t\t\t<\/div> \n\t\t\t\n        \n\t\t\t\t<div id=\"ngg-image-259\" class=\"ngg-gallery-thumbnail-box\" >\n\t\t\t\t        <div class=\"ngg-gallery-thumbnail\">\n            <a href=\"http:\/\/www.karate-neuhofen.at\/wp-content\/gallery\/10-sommercamp-2018\/Sommercamp20181260.JPG\"\n               title=\"\"\n               data-src=\"http:\/\/www.karate-neuhofen.at\/wp-content\/gallery\/10-sommercamp-2018\/Sommercamp20181260.JPG\"\n               data-thumbnail=\"http:\/\/www.karate-neuhofen.at\/wp-content\/gallery\/10-sommercamp-2018\/thumbs\/thumbs_Sommercamp20181260.JPG\"\n               data-image-id=\"20996\"\n               data-title=\"Sommercamp2018(1260)\"\n               data-description=\"\"\n               data-image-slug=\"sommercamp20181260\"\n               class=\"shutterset_14ea2dae3d90de67c1fc228ab12416d8\">\n                <img\n                    title=\"Sommercamp2018(1260)\"\n                    alt=\"Sommercamp2018(1260)\"\n                    src=\"http:\/\/www.karate-neuhofen.at\/wp-content\/gallery\/10-sommercamp-2018\/thumbs\/thumbs_Sommercamp20181260.JPG\"\n                    width=\"240\"\n                    height=\"160\"\n                    style=\"max-width:100%;\"\n                \/>\n            <\/a>\n        <\/div>\n\t\t\t\t\t\t\t<\/div> \n\t\t\t\n        \n\t\t\t\t<div id=\"ngg-image-260\" class=\"ngg-gallery-thumbnail-box\" >\n\t\t\t\t        <div class=\"ngg-gallery-thumbnail\">\n            <a href=\"http:\/\/www.karate-neuhofen.at\/wp-content\/gallery\/10-sommercamp-2018\/Sommercamp20181261.JPG\"\n               title=\"\"\n               data-src=\"http:\/\/www.karate-neuhofen.at\/wp-content\/gallery\/10-sommercamp-2018\/Sommercamp20181261.JPG\"\n               data-thumbnail=\"http:\/\/www.karate-neuhofen.at\/wp-content\/gallery\/10-sommercamp-2018\/thumbs\/thumbs_Sommercamp20181261.JPG\"\n               data-image-id=\"20997\"\n               data-title=\"Sommercamp2018(1261)\"\n               data-description=\"\"\n               data-image-slug=\"sommercamp20181261\"\n               class=\"shutterset_14ea2dae3d90de67c1fc228ab12416d8\">\n                <img\n                    title=\"Sommercamp2018(1261)\"\n                    alt=\"Sommercamp2018(1261)\"\n                    src=\"http:\/\/www.karate-neuhofen.at\/wp-content\/gallery\/10-sommercamp-2018\/thumbs\/thumbs_Sommercamp20181261.JPG\"\n                    width=\"240\"\n                    height=\"160\"\n                    style=\"max-width:100%;\"\n                \/>\n            <\/a>\n        <\/div>\n\t\t\t\t\t\t\t<\/div> \n\t\t\t\n        \n\t\t\t\t<div id=\"ngg-image-261\" class=\"ngg-gallery-thumbnail-box\" >\n\t\t\t\t        <div class=\"ngg-gallery-thumbnail\">\n            <a href=\"http:\/\/www.karate-neuhofen.at\/wp-content\/gallery\/10-sommercamp-2018\/Sommercamp20181262.JPG\"\n               title=\"\"\n               data-src=\"http:\/\/www.karate-neuhofen.at\/wp-content\/gallery\/10-sommercamp-2018\/Sommercamp20181262.JPG\"\n               data-thumbnail=\"http:\/\/www.karate-neuhofen.at\/wp-content\/gallery\/10-sommercamp-2018\/thumbs\/thumbs_Sommercamp20181262.JPG\"\n               data-image-id=\"20998\"\n               data-title=\"Sommercamp2018(1262)\"\n               data-description=\"\"\n               data-image-slug=\"sommercamp20181262\"\n               class=\"shutterset_14ea2dae3d90de67c1fc228ab12416d8\">\n                <img\n                    title=\"Sommercamp2018(1262)\"\n                    alt=\"Sommercamp2018(1262)\"\n                    src=\"http:\/\/www.karate-neuhofen.at\/wp-content\/gallery\/10-sommercamp-2018\/thumbs\/thumbs_Sommercamp20181262.JPG\"\n                    width=\"240\"\n                    height=\"160\"\n                    style=\"max-width:100%;\"\n                \/>\n            <\/a>\n        <\/div>\n\t\t\t\t\t\t\t<\/div> \n\t\t\t\n        \n\t\t\t\t<div id=\"ngg-image-262\" class=\"ngg-gallery-thumbnail-box\" >\n\t\t\t\t        <div class=\"ngg-gallery-thumbnail\">\n            <a href=\"http:\/\/www.karate-neuhofen.at\/wp-content\/gallery\/10-sommercamp-2018\/Sommercamp20181263.JPG\"\n               title=\"\"\n               data-src=\"http:\/\/www.karate-neuhofen.at\/wp-content\/gallery\/10-sommercamp-2018\/Sommercamp20181263.JPG\"\n               data-thumbnail=\"http:\/\/www.karate-neuhofen.at\/wp-content\/gallery\/10-sommercamp-2018\/thumbs\/thumbs_Sommercamp20181263.JPG\"\n               data-image-id=\"20999\"\n               data-title=\"Sommercamp2018(1263)\"\n               data-description=\"\"\n               data-image-slug=\"sommercamp20181263\"\n               class=\"shutterset_14ea2dae3d90de67c1fc228ab12416d8\">\n                <img\n                    title=\"Sommercamp2018(1263)\"\n                    alt=\"Sommercamp2018(1263)\"\n                    src=\"http:\/\/www.karate-neuhofen.at\/wp-content\/gallery\/10-sommercamp-2018\/thumbs\/thumbs_Sommercamp20181263.JPG\"\n                    width=\"240\"\n                    height=\"160\"\n                    style=\"max-width:100%;\"\n                \/>\n            <\/a>\n        <\/div>\n\t\t\t\t\t\t\t<\/div> \n\t\t\t\n        \n\t\t\t\t<div id=\"ngg-image-263\" class=\"ngg-gallery-thumbnail-box\" >\n\t\t\t\t        <div class=\"ngg-gallery-thumbnail\">\n            <a href=\"http:\/\/www.karate-neuhofen.at\/wp-content\/gallery\/10-sommercamp-2018\/Sommercamp20181264.JPG\"\n               title=\"\"\n               data-src=\"http:\/\/www.karate-neuhofen.at\/wp-content\/gallery\/10-sommercamp-2018\/Sommercamp20181264.JPG\"\n               data-thumbnail=\"http:\/\/www.karate-neuhofen.at\/wp-content\/gallery\/10-sommercamp-2018\/thumbs\/thumbs_Sommercamp20181264.JPG\"\n               data-image-id=\"21000\"\n               data-title=\"Sommercamp2018(1264)\"\n               data-description=\"\"\n               data-image-slug=\"sommercamp20181264\"\n               class=\"shutterset_14ea2dae3d90de67c1fc228ab12416d8\">\n                <img\n                    title=\"Sommercamp2018(1264)\"\n                    alt=\"Sommercamp2018(1264)\"\n                    src=\"http:\/\/www.karate-neuhofen.at\/wp-content\/gallery\/10-sommercamp-2018\/thumbs\/thumbs_Sommercamp20181264.JPG\"\n                    width=\"240\"\n                    height=\"160\"\n                    style=\"max-width:100%;\"\n                \/>\n            <\/a>\n        <\/div>\n\t\t\t\t\t\t\t<\/div> \n\t\t\t\n        \n\t\t\t\t<div id=\"ngg-image-264\" class=\"ngg-gallery-thumbnail-box\" >\n\t\t\t\t        <div class=\"ngg-gallery-thumbnail\">\n            <a href=\"http:\/\/www.karate-neuhofen.at\/wp-content\/gallery\/10-sommercamp-2018\/Sommercamp20181265.JPG\"\n               title=\"\"\n               data-src=\"http:\/\/www.karate-neuhofen.at\/wp-content\/gallery\/10-sommercamp-2018\/Sommercamp20181265.JPG\"\n               data-thumbnail=\"http:\/\/www.karate-neuhofen.at\/wp-content\/gallery\/10-sommercamp-2018\/thumbs\/thumbs_Sommercamp20181265.JPG\"\n               data-image-id=\"21001\"\n               data-title=\"Sommercamp2018(1265)\"\n               data-description=\"\"\n               data-image-slug=\"sommercamp20181265\"\n               class=\"shutterset_14ea2dae3d90de67c1fc228ab12416d8\">\n                <img\n                    title=\"Sommercamp2018(1265)\"\n                    alt=\"Sommercamp2018(1265)\"\n                    src=\"http:\/\/www.karate-neuhofen.at\/wp-content\/gallery\/10-sommercamp-2018\/thumbs\/thumbs_Sommercamp20181265.JPG\"\n                    width=\"240\"\n                    height=\"160\"\n                    style=\"max-width:100%;\"\n                \/>\n            <\/a>\n        <\/div>\n\t\t\t\t\t\t\t<\/div> \n\t\t\t\n        \n\t\t\t\t<div id=\"ngg-image-265\" class=\"ngg-gallery-thumbnail-box\" >\n\t\t\t\t        <div class=\"ngg-gallery-thumbnail\">\n            <a href=\"http:\/\/www.karate-neuhofen.at\/wp-content\/gallery\/10-sommercamp-2018\/Sommercamp20181266.JPG\"\n               title=\"\"\n               data-src=\"http:\/\/www.karate-neuhofen.at\/wp-content\/gallery\/10-sommercamp-2018\/Sommercamp20181266.JPG\"\n               data-thumbnail=\"http:\/\/www.karate-neuhofen.at\/wp-content\/gallery\/10-sommercamp-2018\/thumbs\/thumbs_Sommercamp20181266.JPG\"\n               data-image-id=\"21002\"\n               data-title=\"Sommercamp2018(1266)\"\n               data-description=\"\"\n               data-image-slug=\"sommercamp20181266\"\n               class=\"shutterset_14ea2dae3d90de67c1fc228ab12416d8\">\n                <img\n                    title=\"Sommercamp2018(1266)\"\n                    alt=\"Sommercamp2018(1266)\"\n                    src=\"http:\/\/www.karate-neuhofen.at\/wp-content\/gallery\/10-sommercamp-2018\/thumbs\/thumbs_Sommercamp20181266.JPG\"\n                    width=\"240\"\n                    height=\"160\"\n                    style=\"max-width:100%;\"\n                \/>\n            <\/a>\n        <\/div>\n\t\t\t\t\t\t\t<\/div> \n\t\t\t\n        \n\t\t\t\t<div id=\"ngg-image-266\" class=\"ngg-gallery-thumbnail-box\" >\n\t\t\t\t        <div class=\"ngg-gallery-thumbnail\">\n            <a href=\"http:\/\/www.karate-neuhofen.at\/wp-content\/gallery\/10-sommercamp-2018\/Sommercamp20181267.JPG\"\n               title=\"\"\n               data-src=\"http:\/\/www.karate-neuhofen.at\/wp-content\/gallery\/10-sommercamp-2018\/Sommercamp20181267.JPG\"\n               data-thumbnail=\"http:\/\/www.karate-neuhofen.at\/wp-content\/gallery\/10-sommercamp-2018\/thumbs\/thumbs_Sommercamp20181267.JPG\"\n               data-image-id=\"21003\"\n               data-title=\"Sommercamp2018(1267)\"\n               data-description=\"\"\n               data-image-slug=\"sommercamp20181267\"\n               class=\"shutterset_14ea2dae3d90de67c1fc228ab12416d8\">\n                <img\n                    title=\"Sommercamp2018(1267)\"\n                    alt=\"Sommercamp2018(1267)\"\n                    src=\"http:\/\/www.karate-neuhofen.at\/wp-content\/gallery\/10-sommercamp-2018\/thumbs\/thumbs_Sommercamp20181267.JPG\"\n                    width=\"240\"\n                    height=\"160\"\n                    style=\"max-width:100%;\"\n                \/>\n            <\/a>\n        <\/div>\n\t\t\t\t\t\t\t<\/div> \n\t\t\t\n        \n\t\t\t\t<div id=\"ngg-image-267\" class=\"ngg-gallery-thumbnail-box\" >\n\t\t\t\t        <div class=\"ngg-gallery-thumbnail\">\n            <a href=\"http:\/\/www.karate-neuhofen.at\/wp-content\/gallery\/10-sommercamp-2018\/Sommercamp20181268.JPG\"\n               title=\"\"\n               data-src=\"http:\/\/www.karate-neuhofen.at\/wp-content\/gallery\/10-sommercamp-2018\/Sommercamp20181268.JPG\"\n               data-thumbnail=\"http:\/\/www.karate-neuhofen.at\/wp-content\/gallery\/10-sommercamp-2018\/thumbs\/thumbs_Sommercamp20181268.JPG\"\n               data-image-id=\"21004\"\n               data-title=\"Sommercamp2018(1268)\"\n               data-description=\"\"\n               data-image-slug=\"sommercamp20181268\"\n               class=\"shutterset_14ea2dae3d90de67c1fc228ab12416d8\">\n                <img\n                    title=\"Sommercamp2018(1268)\"\n                    alt=\"Sommercamp2018(1268)\"\n                    src=\"http:\/\/www.karate-neuhofen.at\/wp-content\/gallery\/10-sommercamp-2018\/thumbs\/thumbs_Sommercamp20181268.JPG\"\n                    width=\"240\"\n                    height=\"160\"\n                    style=\"max-width:100%;\"\n                \/>\n            <\/a>\n        <\/div>\n\t\t\t\t\t\t\t<\/div> \n\t\t\t\n        \n\t\t\t\t<div id=\"ngg-image-268\" class=\"ngg-gallery-thumbnail-box\" >\n\t\t\t\t        <div class=\"ngg-gallery-thumbnail\">\n            <a href=\"http:\/\/www.karate-neuhofen.at\/wp-content\/gallery\/10-sommercamp-2018\/Sommercamp20181269.JPG\"\n               title=\"\"\n               data-src=\"http:\/\/www.karate-neuhofen.at\/wp-content\/gallery\/10-sommercamp-2018\/Sommercamp20181269.JPG\"\n               data-thumbnail=\"http:\/\/www.karate-neuhofen.at\/wp-content\/gallery\/10-sommercamp-2018\/thumbs\/thumbs_Sommercamp20181269.JPG\"\n               data-image-id=\"21005\"\n               data-title=\"Sommercamp2018(1269)\"\n               data-description=\"\"\n               data-image-slug=\"sommercamp20181269\"\n               class=\"shutterset_14ea2dae3d90de67c1fc228ab12416d8\">\n                <img\n                    title=\"Sommercamp2018(1269)\"\n                    alt=\"Sommercamp2018(1269)\"\n                    src=\"http:\/\/www.karate-neuhofen.at\/wp-content\/gallery\/10-sommercamp-2018\/thumbs\/thumbs_Sommercamp20181269.JPG\"\n                    width=\"240\"\n                    height=\"160\"\n                    style=\"max-width:100%;\"\n                \/>\n            <\/a>\n        <\/div>\n\t\t\t\t\t\t\t<\/div> \n\t\t\t\n        \n\t\t\t\t<div id=\"ngg-image-269\" class=\"ngg-gallery-thumbnail-box\" >\n\t\t\t\t        <div class=\"ngg-gallery-thumbnail\">\n            <a href=\"http:\/\/www.karate-neuhofen.at\/wp-content\/gallery\/10-sommercamp-2018\/Sommercamp20181270.JPG\"\n               title=\"\"\n               data-src=\"http:\/\/www.karate-neuhofen.at\/wp-content\/gallery\/10-sommercamp-2018\/Sommercamp20181270.JPG\"\n               data-thumbnail=\"http:\/\/www.karate-neuhofen.at\/wp-content\/gallery\/10-sommercamp-2018\/thumbs\/thumbs_Sommercamp20181270.JPG\"\n               data-image-id=\"21006\"\n               data-title=\"Sommercamp2018(1270)\"\n               data-description=\"\"\n               data-image-slug=\"sommercamp20181270\"\n               class=\"shutterset_14ea2dae3d90de67c1fc228ab12416d8\">\n                <img\n                    title=\"Sommercamp2018(1270)\"\n                    alt=\"Sommercamp2018(1270)\"\n                    src=\"http:\/\/www.karate-neuhofen.at\/wp-content\/gallery\/10-sommercamp-2018\/thumbs\/thumbs_Sommercamp20181270.JPG\"\n                    width=\"240\"\n                    height=\"160\"\n                    style=\"max-width:100%;\"\n                \/>\n            <\/a>\n        <\/div>\n\t\t\t\t\t\t\t<\/div> \n\t\t\t\n        \n\t\t\t\t<div id=\"ngg-image-270\" class=\"ngg-gallery-thumbnail-box\" >\n\t\t\t\t        <div class=\"ngg-gallery-thumbnail\">\n            <a href=\"http:\/\/www.karate-neuhofen.at\/wp-content\/gallery\/10-sommercamp-2018\/Sommercamp20181271.JPG\"\n               title=\"\"\n               data-src=\"http:\/\/www.karate-neuhofen.at\/wp-content\/gallery\/10-sommercamp-2018\/Sommercamp20181271.JPG\"\n               data-thumbnail=\"http:\/\/www.karate-neuhofen.at\/wp-content\/gallery\/10-sommercamp-2018\/thumbs\/thumbs_Sommercamp20181271.JPG\"\n               data-image-id=\"21007\"\n               data-title=\"Sommercamp2018(1271)\"\n               data-description=\"\"\n               data-image-slug=\"sommercamp20181271\"\n               class=\"shutterset_14ea2dae3d90de67c1fc228ab12416d8\">\n                <img\n                    title=\"Sommercamp2018(1271)\"\n                    alt=\"Sommercamp2018(1271)\"\n                    src=\"http:\/\/www.karate-neuhofen.at\/wp-content\/gallery\/10-sommercamp-2018\/thumbs\/thumbs_Sommercamp20181271.JPG\"\n                    width=\"240\"\n                    height=\"160\"\n                    style=\"max-width:100%;\"\n                \/>\n            <\/a>\n        <\/div>\n\t\t\t\t\t\t\t<\/div> \n\t\t\t\n        \n\t\t\t\t<div id=\"ngg-image-271\" class=\"ngg-gallery-thumbnail-box\" >\n\t\t\t\t        <div class=\"ngg-gallery-thumbnail\">\n            <a href=\"http:\/\/www.karate-neuhofen.at\/wp-content\/gallery\/10-sommercamp-2018\/Sommercamp20181272.JPG\"\n               title=\"\"\n               data-src=\"http:\/\/www.karate-neuhofen.at\/wp-content\/gallery\/10-sommercamp-2018\/Sommercamp20181272.JPG\"\n               data-thumbnail=\"http:\/\/www.karate-neuhofen.at\/wp-content\/gallery\/10-sommercamp-2018\/thumbs\/thumbs_Sommercamp20181272.JPG\"\n               data-image-id=\"21008\"\n               data-title=\"Sommercamp2018(1272)\"\n               data-description=\"\"\n               data-image-slug=\"sommercamp20181272\"\n               class=\"shutterset_14ea2dae3d90de67c1fc228ab12416d8\">\n                <img\n                    title=\"Sommercamp2018(1272)\"\n                    alt=\"Sommercamp2018(1272)\"\n                    src=\"http:\/\/www.karate-neuhofen.at\/wp-content\/gallery\/10-sommercamp-2018\/thumbs\/thumbs_Sommercamp20181272.JPG\"\n                    width=\"240\"\n                    height=\"160\"\n                    style=\"max-width:100%;\"\n                \/>\n            <\/a>\n        <\/div>\n\t\t\t\t\t\t\t<\/div> \n\t\t\t\n        \n\t\t\t\t<div id=\"ngg-image-272\" class=\"ngg-gallery-thumbnail-box\" >\n\t\t\t\t        <div class=\"ngg-gallery-thumbnail\">\n            <a href=\"http:\/\/www.karate-neuhofen.at\/wp-content\/gallery\/10-sommercamp-2018\/Sommercamp20181273.JPG\"\n               title=\"\"\n               data-src=\"http:\/\/www.karate-neuhofen.at\/wp-content\/gallery\/10-sommercamp-2018\/Sommercamp20181273.JPG\"\n               data-thumbnail=\"http:\/\/www.karate-neuhofen.at\/wp-content\/gallery\/10-sommercamp-2018\/thumbs\/thumbs_Sommercamp20181273.JPG\"\n               data-image-id=\"21009\"\n               data-title=\"Sommercamp2018(1273)\"\n               data-description=\"\"\n               data-image-slug=\"sommercamp20181273\"\n               class=\"shutterset_14ea2dae3d90de67c1fc228ab12416d8\">\n                <img\n                    title=\"Sommercamp2018(1273)\"\n                    alt=\"Sommercamp2018(1273)\"\n                    src=\"http:\/\/www.karate-neuhofen.at\/wp-content\/gallery\/10-sommercamp-2018\/thumbs\/thumbs_Sommercamp20181273.JPG\"\n                    width=\"240\"\n                    height=\"160\"\n                    style=\"max-width:100%;\"\n                \/>\n            <\/a>\n        <\/div>\n\t\t\t\t\t\t\t<\/div> \n\t\t\t\n        \n\t\t\t\t<div id=\"ngg-image-273\" class=\"ngg-gallery-thumbnail-box\" >\n\t\t\t\t        <div class=\"ngg-gallery-thumbnail\">\n            <a href=\"http:\/\/www.karate-neuhofen.at\/wp-content\/gallery\/10-sommercamp-2018\/Sommercamp20181274.JPG\"\n               title=\"\"\n               data-src=\"http:\/\/www.karate-neuhofen.at\/wp-content\/gallery\/10-sommercamp-2018\/Sommercamp20181274.JPG\"\n               data-thumbnail=\"http:\/\/www.karate-neuhofen.at\/wp-content\/gallery\/10-sommercamp-2018\/thumbs\/thumbs_Sommercamp20181274.JPG\"\n               data-image-id=\"21010\"\n               data-title=\"Sommercamp2018(1274)\"\n               data-description=\"\"\n               data-image-slug=\"sommercamp20181274\"\n               class=\"shutterset_14ea2dae3d90de67c1fc228ab12416d8\">\n                <img\n                    title=\"Sommercamp2018(1274)\"\n                    alt=\"Sommercamp2018(1274)\"\n                    src=\"http:\/\/www.karate-neuhofen.at\/wp-content\/gallery\/10-sommercamp-2018\/thumbs\/thumbs_Sommercamp20181274.JPG\"\n                    width=\"240\"\n                    height=\"160\"\n                    style=\"max-width:100%;\"\n                \/>\n            <\/a>\n        <\/div>\n\t\t\t\t\t\t\t<\/div> \n\t\t\t\n        \n\t\t\t\t<div id=\"ngg-image-274\" class=\"ngg-gallery-thumbnail-box\" >\n\t\t\t\t        <div class=\"ngg-gallery-thumbnail\">\n            <a href=\"http:\/\/www.karate-neuhofen.at\/wp-content\/gallery\/10-sommercamp-2018\/Sommercamp20181275.JPG\"\n               title=\"\"\n               data-src=\"http:\/\/www.karate-neuhofen.at\/wp-content\/gallery\/10-sommercamp-2018\/Sommercamp20181275.JPG\"\n               data-thumbnail=\"http:\/\/www.karate-neuhofen.at\/wp-content\/gallery\/10-sommercamp-2018\/thumbs\/thumbs_Sommercamp20181275.JPG\"\n               data-image-id=\"21011\"\n               data-title=\"Sommercamp2018(1275)\"\n               data-description=\"\"\n               data-image-slug=\"sommercamp20181275\"\n               class=\"shutterset_14ea2dae3d90de67c1fc228ab12416d8\">\n                <img\n                    title=\"Sommercamp2018(1275)\"\n                    alt=\"Sommercamp2018(1275)\"\n                    src=\"http:\/\/www.karate-neuhofen.at\/wp-content\/gallery\/10-sommercamp-2018\/thumbs\/thumbs_Sommercamp20181275.JPG\"\n                    width=\"240\"\n                    height=\"160\"\n                    style=\"max-width:100%;\"\n                \/>\n            <\/a>\n        <\/div>\n\t\t\t\t\t\t\t<\/div> \n\t\t\t\n        \n\t\t\t\t<div id=\"ngg-image-275\" class=\"ngg-gallery-thumbnail-box\" >\n\t\t\t\t        <div class=\"ngg-gallery-thumbnail\">\n            <a href=\"http:\/\/www.karate-neuhofen.at\/wp-content\/gallery\/10-sommercamp-2018\/Sommercamp20181276.JPG\"\n               title=\"\"\n               data-src=\"http:\/\/www.karate-neuhofen.at\/wp-content\/gallery\/10-sommercamp-2018\/Sommercamp20181276.JPG\"\n               data-thumbnail=\"http:\/\/www.karate-neuhofen.at\/wp-content\/gallery\/10-sommercamp-2018\/thumbs\/thumbs_Sommercamp20181276.JPG\"\n               data-image-id=\"21012\"\n               data-title=\"Sommercamp2018(1276)\"\n               data-description=\"\"\n               data-image-slug=\"sommercamp20181276\"\n               class=\"shutterset_14ea2dae3d90de67c1fc228ab12416d8\">\n                <img\n                    title=\"Sommercamp2018(1276)\"\n                    alt=\"Sommercamp2018(1276)\"\n                    src=\"http:\/\/www.karate-neuhofen.at\/wp-content\/gallery\/10-sommercamp-2018\/thumbs\/thumbs_Sommercamp20181276.JPG\"\n                    width=\"240\"\n                    height=\"160\"\n                    style=\"max-width:100%;\"\n                \/>\n            <\/a>\n        <\/div>\n\t\t\t\t\t\t\t<\/div> \n\t\t\t\n        \n\t\t\t\t<div id=\"ngg-image-276\" class=\"ngg-gallery-thumbnail-box\" >\n\t\t\t\t        <div class=\"ngg-gallery-thumbnail\">\n            <a href=\"http:\/\/www.karate-neuhofen.at\/wp-content\/gallery\/10-sommercamp-2018\/Sommercamp20181277.JPG\"\n               title=\"\"\n               data-src=\"http:\/\/www.karate-neuhofen.at\/wp-content\/gallery\/10-sommercamp-2018\/Sommercamp20181277.JPG\"\n               data-thumbnail=\"http:\/\/www.karate-neuhofen.at\/wp-content\/gallery\/10-sommercamp-2018\/thumbs\/thumbs_Sommercamp20181277.JPG\"\n               data-image-id=\"21013\"\n               data-title=\"Sommercamp2018(1277)\"\n               data-description=\"\"\n               data-image-slug=\"sommercamp20181277\"\n               class=\"shutterset_14ea2dae3d90de67c1fc228ab12416d8\">\n                <img\n                    title=\"Sommercamp2018(1277)\"\n                    alt=\"Sommercamp2018(1277)\"\n                    src=\"http:\/\/www.karate-neuhofen.at\/wp-content\/gallery\/10-sommercamp-2018\/thumbs\/thumbs_Sommercamp20181277.JPG\"\n                    width=\"240\"\n                    height=\"160\"\n                    style=\"max-width:100%;\"\n                \/>\n            <\/a>\n        <\/div>\n\t\t\t\t\t\t\t<\/div> \n\t\t\t\n        \n\t\t\t\t<div id=\"ngg-image-277\" class=\"ngg-gallery-thumbnail-box\" >\n\t\t\t\t        <div class=\"ngg-gallery-thumbnail\">\n            <a href=\"http:\/\/www.karate-neuhofen.at\/wp-content\/gallery\/10-sommercamp-2018\/Sommercamp20181278.JPG\"\n               title=\"\"\n               data-src=\"http:\/\/www.karate-neuhofen.at\/wp-content\/gallery\/10-sommercamp-2018\/Sommercamp20181278.JPG\"\n               data-thumbnail=\"http:\/\/www.karate-neuhofen.at\/wp-content\/gallery\/10-sommercamp-2018\/thumbs\/thumbs_Sommercamp20181278.JPG\"\n               data-image-id=\"21014\"\n               data-title=\"Sommercamp2018(1278)\"\n               data-description=\"\"\n               data-image-slug=\"sommercamp20181278\"\n               class=\"shutterset_14ea2dae3d90de67c1fc228ab12416d8\">\n                <img\n                    title=\"Sommercamp2018(1278)\"\n                    alt=\"Sommercamp2018(1278)\"\n                    src=\"http:\/\/www.karate-neuhofen.at\/wp-content\/gallery\/10-sommercamp-2018\/thumbs\/thumbs_Sommercamp20181278.JPG\"\n                    width=\"240\"\n                    height=\"160\"\n                    style=\"max-width:100%;\"\n                \/>\n            <\/a>\n        <\/div>\n\t\t\t\t\t\t\t<\/div> \n\t\t\t\n        \n\t\t\t\t<div id=\"ngg-image-278\" class=\"ngg-gallery-thumbnail-box\" >\n\t\t\t\t        <div class=\"ngg-gallery-thumbnail\">\n            <a href=\"http:\/\/www.karate-neuhofen.at\/wp-content\/gallery\/10-sommercamp-2018\/Sommercamp20181279.JPG\"\n               title=\"\"\n               data-src=\"http:\/\/www.karate-neuhofen.at\/wp-content\/gallery\/10-sommercamp-2018\/Sommercamp20181279.JPG\"\n               data-thumbnail=\"http:\/\/www.karate-neuhofen.at\/wp-content\/gallery\/10-sommercamp-2018\/thumbs\/thumbs_Sommercamp20181279.JPG\"\n               data-image-id=\"21015\"\n               data-title=\"Sommercamp2018(1279)\"\n               data-description=\"\"\n               data-image-slug=\"sommercamp20181279\"\n               class=\"shutterset_14ea2dae3d90de67c1fc228ab12416d8\">\n                <img\n                    title=\"Sommercamp2018(1279)\"\n                    alt=\"Sommercamp2018(1279)\"\n                    src=\"http:\/\/www.karate-neuhofen.at\/wp-content\/gallery\/10-sommercamp-2018\/thumbs\/thumbs_Sommercamp20181279.JPG\"\n                    width=\"240\"\n                    height=\"160\"\n                    style=\"max-width:100%;\"\n                \/>\n            <\/a>\n        <\/div>\n\t\t\t\t\t\t\t<\/div> \n\t\t\t\n        \n\t\t\t\t<div id=\"ngg-image-279\" class=\"ngg-gallery-thumbnail-box\" >\n\t\t\t\t        <div class=\"ngg-gallery-thumbnail\">\n            <a href=\"http:\/\/www.karate-neuhofen.at\/wp-content\/gallery\/10-sommercamp-2018\/Sommercamp20181280.JPG\"\n               title=\"\"\n               data-src=\"http:\/\/www.karate-neuhofen.at\/wp-content\/gallery\/10-sommercamp-2018\/Sommercamp20181280.JPG\"\n               data-thumbnail=\"http:\/\/www.karate-neuhofen.at\/wp-content\/gallery\/10-sommercamp-2018\/thumbs\/thumbs_Sommercamp20181280.JPG\"\n               data-image-id=\"21016\"\n               data-title=\"Sommercamp2018(1280)\"\n               data-description=\"\"\n               data-image-slug=\"sommercamp20181280\"\n               class=\"shutterset_14ea2dae3d90de67c1fc228ab12416d8\">\n                <img\n                    title=\"Sommercamp2018(1280)\"\n                    alt=\"Sommercamp2018(1280)\"\n                    src=\"http:\/\/www.karate-neuhofen.at\/wp-content\/gallery\/10-sommercamp-2018\/thumbs\/thumbs_Sommercamp20181280.JPG\"\n                    width=\"240\"\n                    height=\"160\"\n                    style=\"max-width:100%;\"\n                \/>\n            <\/a>\n        <\/div>\n\t\t\t\t\t\t\t<\/div> \n\t\t\t\n        \n\t\t\t\t<div id=\"ngg-image-280\" class=\"ngg-gallery-thumbnail-box\" >\n\t\t\t\t        <div class=\"ngg-gallery-thumbnail\">\n            <a href=\"http:\/\/www.karate-neuhofen.at\/wp-content\/gallery\/10-sommercamp-2018\/Sommercamp20181281.JPG\"\n               title=\"\"\n               data-src=\"http:\/\/www.karate-neuhofen.at\/wp-content\/gallery\/10-sommercamp-2018\/Sommercamp20181281.JPG\"\n               data-thumbnail=\"http:\/\/www.karate-neuhofen.at\/wp-content\/gallery\/10-sommercamp-2018\/thumbs\/thumbs_Sommercamp20181281.JPG\"\n               data-image-id=\"21017\"\n               data-title=\"Sommercamp2018(1281)\"\n               data-description=\"\"\n               data-image-slug=\"sommercamp20181281\"\n               class=\"shutterset_14ea2dae3d90de67c1fc228ab12416d8\">\n                <img\n                    title=\"Sommercamp2018(1281)\"\n                    alt=\"Sommercamp2018(1281)\"\n                    src=\"http:\/\/www.karate-neuhofen.at\/wp-content\/gallery\/10-sommercamp-2018\/thumbs\/thumbs_Sommercamp20181281.JPG\"\n                    width=\"240\"\n                    height=\"160\"\n                    style=\"max-width:100%;\"\n                \/>\n            <\/a>\n        <\/div>\n\t\t\t\t\t\t\t<\/div> \n\t\t\t\n        \n\t\t\t\t<div id=\"ngg-image-281\" class=\"ngg-gallery-thumbnail-box\" >\n\t\t\t\t        <div class=\"ngg-gallery-thumbnail\">\n            <a href=\"http:\/\/www.karate-neuhofen.at\/wp-content\/gallery\/10-sommercamp-2018\/Sommercamp20181282.JPG\"\n               title=\"\"\n               data-src=\"http:\/\/www.karate-neuhofen.at\/wp-content\/gallery\/10-sommercamp-2018\/Sommercamp20181282.JPG\"\n               data-thumbnail=\"http:\/\/www.karate-neuhofen.at\/wp-content\/gallery\/10-sommercamp-2018\/thumbs\/thumbs_Sommercamp20181282.JPG\"\n               data-image-id=\"21018\"\n               data-title=\"Sommercamp2018(1282)\"\n               data-description=\"\"\n               data-image-slug=\"sommercamp20181282\"\n               class=\"shutterset_14ea2dae3d90de67c1fc228ab12416d8\">\n                <img\n                    title=\"Sommercamp2018(1282)\"\n                    alt=\"Sommercamp2018(1282)\"\n                    src=\"http:\/\/www.karate-neuhofen.at\/wp-content\/gallery\/10-sommercamp-2018\/thumbs\/thumbs_Sommercamp20181282.JPG\"\n                    width=\"240\"\n                    height=\"160\"\n                    style=\"max-width:100%;\"\n                \/>\n            <\/a>\n        <\/div>\n\t\t\t\t\t\t\t<\/div> \n\t\t\t\n        \n\t\t\t\t<div id=\"ngg-image-282\" class=\"ngg-gallery-thumbnail-box\" >\n\t\t\t\t        <div class=\"ngg-gallery-thumbnail\">\n            <a href=\"http:\/\/www.karate-neuhofen.at\/wp-content\/gallery\/10-sommercamp-2018\/Sommercamp20181283.JPG\"\n               title=\"\"\n               data-src=\"http:\/\/www.karate-neuhofen.at\/wp-content\/gallery\/10-sommercamp-2018\/Sommercamp20181283.JPG\"\n               data-thumbnail=\"http:\/\/www.karate-neuhofen.at\/wp-content\/gallery\/10-sommercamp-2018\/thumbs\/thumbs_Sommercamp20181283.JPG\"\n               data-image-id=\"21019\"\n               data-title=\"Sommercamp2018(1283)\"\n               data-description=\"\"\n               data-image-slug=\"sommercamp20181283\"\n               class=\"shutterset_14ea2dae3d90de67c1fc228ab12416d8\">\n                <img\n                    title=\"Sommercamp2018(1283)\"\n                    alt=\"Sommercamp2018(1283)\"\n                    src=\"http:\/\/www.karate-neuhofen.at\/wp-content\/gallery\/10-sommercamp-2018\/thumbs\/thumbs_Sommercamp20181283.JPG\"\n                    width=\"240\"\n                    height=\"160\"\n                    style=\"max-width:100%;\"\n                \/>\n            <\/a>\n        <\/div>\n\t\t\t\t\t\t\t<\/div> \n\t\t\t\n        \n\t\t\t\t<div id=\"ngg-image-283\" class=\"ngg-gallery-thumbnail-box\" >\n\t\t\t\t        <div class=\"ngg-gallery-thumbnail\">\n            <a href=\"http:\/\/www.karate-neuhofen.at\/wp-content\/gallery\/10-sommercamp-2018\/Sommercamp20181284.JPG\"\n               title=\"\"\n               data-src=\"http:\/\/www.karate-neuhofen.at\/wp-content\/gallery\/10-sommercamp-2018\/Sommercamp20181284.JPG\"\n               data-thumbnail=\"http:\/\/www.karate-neuhofen.at\/wp-content\/gallery\/10-sommercamp-2018\/thumbs\/thumbs_Sommercamp20181284.JPG\"\n               data-image-id=\"21020\"\n               data-title=\"Sommercamp2018(1284)\"\n               data-description=\"\"\n               data-image-slug=\"sommercamp20181284\"\n               class=\"shutterset_14ea2dae3d90de67c1fc228ab12416d8\">\n                <img\n                    title=\"Sommercamp2018(1284)\"\n                    alt=\"Sommercamp2018(1284)\"\n                    src=\"http:\/\/www.karate-neuhofen.at\/wp-content\/gallery\/10-sommercamp-2018\/thumbs\/thumbs_Sommercamp20181284.JPG\"\n                    width=\"240\"\n                    height=\"160\"\n                    style=\"max-width:100%;\"\n                \/>\n            <\/a>\n        <\/div>\n\t\t\t\t\t\t\t<\/div> \n\t\t\t\n        \n\t\t\t\t<div id=\"ngg-image-284\" class=\"ngg-gallery-thumbnail-box\" >\n\t\t\t\t        <div class=\"ngg-gallery-thumbnail\">\n            <a href=\"http:\/\/www.karate-neuhofen.at\/wp-content\/gallery\/10-sommercamp-2018\/Sommercamp20181285.JPG\"\n               title=\"\"\n               data-src=\"http:\/\/www.karate-neuhofen.at\/wp-content\/gallery\/10-sommercamp-2018\/Sommercamp20181285.JPG\"\n               data-thumbnail=\"http:\/\/www.karate-neuhofen.at\/wp-content\/gallery\/10-sommercamp-2018\/thumbs\/thumbs_Sommercamp20181285.JPG\"\n               data-image-id=\"21021\"\n               data-title=\"Sommercamp2018(1285)\"\n               data-description=\"\"\n               data-image-slug=\"sommercamp20181285\"\n               class=\"shutterset_14ea2dae3d90de67c1fc228ab12416d8\">\n                <img\n                    title=\"Sommercamp2018(1285)\"\n                    alt=\"Sommercamp2018(1285)\"\n                    src=\"http:\/\/www.karate-neuhofen.at\/wp-content\/gallery\/10-sommercamp-2018\/thumbs\/thumbs_Sommercamp20181285.JPG\"\n                    width=\"240\"\n                    height=\"160\"\n                    style=\"max-width:100%;\"\n                \/>\n            <\/a>\n        <\/div>\n\t\t\t\t\t\t\t<\/div> \n\t\t\t\n        \n\t\t\t\t<div id=\"ngg-image-285\" class=\"ngg-gallery-thumbnail-box\" >\n\t\t\t\t        <div class=\"ngg-gallery-thumbnail\">\n            <a href=\"http:\/\/www.karate-neuhofen.at\/wp-content\/gallery\/10-sommercamp-2018\/Sommercamp20181286.JPG\"\n               title=\"\"\n               data-src=\"http:\/\/www.karate-neuhofen.at\/wp-content\/gallery\/10-sommercamp-2018\/Sommercamp20181286.JPG\"\n               data-thumbnail=\"http:\/\/www.karate-neuhofen.at\/wp-content\/gallery\/10-sommercamp-2018\/thumbs\/thumbs_Sommercamp20181286.JPG\"\n               data-image-id=\"21022\"\n               data-title=\"Sommercamp2018(1286)\"\n               data-description=\"\"\n               data-image-slug=\"sommercamp20181286\"\n               class=\"shutterset_14ea2dae3d90de67c1fc228ab12416d8\">\n                <img\n                    title=\"Sommercamp2018(1286)\"\n                    alt=\"Sommercamp2018(1286)\"\n                    src=\"http:\/\/www.karate-neuhofen.at\/wp-content\/gallery\/10-sommercamp-2018\/thumbs\/thumbs_Sommercamp20181286.JPG\"\n                    width=\"240\"\n                    height=\"160\"\n                    style=\"max-width:100%;\"\n                \/>\n            <\/a>\n        <\/div>\n\t\t\t\t\t\t\t<\/div> \n\t\t\t\n        \n\t\t\t\t<div id=\"ngg-image-286\" class=\"ngg-gallery-thumbnail-box\" >\n\t\t\t\t        <div class=\"ngg-gallery-thumbnail\">\n            <a href=\"http:\/\/www.karate-neuhofen.at\/wp-content\/gallery\/10-sommercamp-2018\/Sommercamp20181287.JPG\"\n               title=\"\"\n               data-src=\"http:\/\/www.karate-neuhofen.at\/wp-content\/gallery\/10-sommercamp-2018\/Sommercamp20181287.JPG\"\n               data-thumbnail=\"http:\/\/www.karate-neuhofen.at\/wp-content\/gallery\/10-sommercamp-2018\/thumbs\/thumbs_Sommercamp20181287.JPG\"\n               data-image-id=\"21023\"\n               data-title=\"Sommercamp2018(1287)\"\n               data-description=\"\"\n               data-image-slug=\"sommercamp20181287\"\n               class=\"shutterset_14ea2dae3d90de67c1fc228ab12416d8\">\n                <img\n                    title=\"Sommercamp2018(1287)\"\n                    alt=\"Sommercamp2018(1287)\"\n                    src=\"http:\/\/www.karate-neuhofen.at\/wp-content\/gallery\/10-sommercamp-2018\/thumbs\/thumbs_Sommercamp20181287.JPG\"\n                    width=\"240\"\n                    height=\"160\"\n                    style=\"max-width:100%;\"\n                \/>\n            <\/a>\n        <\/div>\n\t\t\t\t\t\t\t<\/div> \n\t\t\t\n        \n\t\t\t\t<div id=\"ngg-image-287\" class=\"ngg-gallery-thumbnail-box\" >\n\t\t\t\t        <div class=\"ngg-gallery-thumbnail\">\n            <a href=\"http:\/\/www.karate-neuhofen.at\/wp-content\/gallery\/10-sommercamp-2018\/Sommercamp20181288.JPG\"\n               title=\"\"\n               data-src=\"http:\/\/www.karate-neuhofen.at\/wp-content\/gallery\/10-sommercamp-2018\/Sommercamp20181288.JPG\"\n               data-thumbnail=\"http:\/\/www.karate-neuhofen.at\/wp-content\/gallery\/10-sommercamp-2018\/thumbs\/thumbs_Sommercamp20181288.JPG\"\n               data-image-id=\"21024\"\n               data-title=\"Sommercamp2018(1288)\"\n               data-description=\"\"\n               data-image-slug=\"sommercamp20181288\"\n               class=\"shutterset_14ea2dae3d90de67c1fc228ab12416d8\">\n                <img\n                    title=\"Sommercamp2018(1288)\"\n                    alt=\"Sommercamp2018(1288)\"\n                    src=\"http:\/\/www.karate-neuhofen.at\/wp-content\/gallery\/10-sommercamp-2018\/thumbs\/thumbs_Sommercamp20181288.JPG\"\n                    width=\"240\"\n                    height=\"160\"\n                    style=\"max-width:100%;\"\n                \/>\n            <\/a>\n        <\/div>\n\t\t\t\t\t\t\t<\/div> \n\t\t\t\n        \n\t\t\t\t<div id=\"ngg-image-288\" class=\"ngg-gallery-thumbnail-box\" >\n\t\t\t\t        <div class=\"ngg-gallery-thumbnail\">\n            <a href=\"http:\/\/www.karate-neuhofen.at\/wp-content\/gallery\/10-sommercamp-2018\/Sommercamp20181289.JPG\"\n               title=\"\"\n               data-src=\"http:\/\/www.karate-neuhofen.at\/wp-content\/gallery\/10-sommercamp-2018\/Sommercamp20181289.JPG\"\n               data-thumbnail=\"http:\/\/www.karate-neuhofen.at\/wp-content\/gallery\/10-sommercamp-2018\/thumbs\/thumbs_Sommercamp20181289.JPG\"\n               data-image-id=\"21025\"\n               data-title=\"Sommercamp2018(1289)\"\n               data-description=\"\"\n               data-image-slug=\"sommercamp20181289\"\n               class=\"shutterset_14ea2dae3d90de67c1fc228ab12416d8\">\n                <img\n                    title=\"Sommercamp2018(1289)\"\n                    alt=\"Sommercamp2018(1289)\"\n                    src=\"http:\/\/www.karate-neuhofen.at\/wp-content\/gallery\/10-sommercamp-2018\/thumbs\/thumbs_Sommercamp20181289.JPG\"\n                    width=\"240\"\n                    height=\"160\"\n                    style=\"max-width:100%;\"\n                \/>\n            <\/a>\n        <\/div>\n\t\t\t\t\t\t\t<\/div> \n\t\t\t\n        \n\t\t\t\t<div id=\"ngg-image-289\" class=\"ngg-gallery-thumbnail-box\" >\n\t\t\t\t        <div class=\"ngg-gallery-thumbnail\">\n            <a href=\"http:\/\/www.karate-neuhofen.at\/wp-content\/gallery\/10-sommercamp-2018\/Sommercamp20181290.JPG\"\n               title=\"\"\n               data-src=\"http:\/\/www.karate-neuhofen.at\/wp-content\/gallery\/10-sommercamp-2018\/Sommercamp20181290.JPG\"\n               data-thumbnail=\"http:\/\/www.karate-neuhofen.at\/wp-content\/gallery\/10-sommercamp-2018\/thumbs\/thumbs_Sommercamp20181290.JPG\"\n               data-image-id=\"21026\"\n               data-title=\"Sommercamp2018(1290)\"\n               data-description=\"\"\n               data-image-slug=\"sommercamp20181290\"\n               class=\"shutterset_14ea2dae3d90de67c1fc228ab12416d8\">\n                <img\n                    title=\"Sommercamp2018(1290)\"\n                    alt=\"Sommercamp2018(1290)\"\n                    src=\"http:\/\/www.karate-neuhofen.at\/wp-content\/gallery\/10-sommercamp-2018\/thumbs\/thumbs_Sommercamp20181290.JPG\"\n                    width=\"240\"\n                    height=\"160\"\n                    style=\"max-width:100%;\"\n                \/>\n            <\/a>\n        <\/div>\n\t\t\t\t\t\t\t<\/div> \n\t\t\t\n        \n\t\t\t\t<div id=\"ngg-image-290\" class=\"ngg-gallery-thumbnail-box\" >\n\t\t\t\t        <div class=\"ngg-gallery-thumbnail\">\n            <a href=\"http:\/\/www.karate-neuhofen.at\/wp-content\/gallery\/10-sommercamp-2018\/Sommercamp20181291.JPG\"\n               title=\"\"\n               data-src=\"http:\/\/www.karate-neuhofen.at\/wp-content\/gallery\/10-sommercamp-2018\/Sommercamp20181291.JPG\"\n               data-thumbnail=\"http:\/\/www.karate-neuhofen.at\/wp-content\/gallery\/10-sommercamp-2018\/thumbs\/thumbs_Sommercamp20181291.JPG\"\n               data-image-id=\"21027\"\n               data-title=\"Sommercamp2018(1291)\"\n               data-description=\"\"\n               data-image-slug=\"sommercamp20181291\"\n               class=\"shutterset_14ea2dae3d90de67c1fc228ab12416d8\">\n                <img\n                    title=\"Sommercamp2018(1291)\"\n                    alt=\"Sommercamp2018(1291)\"\n                    src=\"http:\/\/www.karate-neuhofen.at\/wp-content\/gallery\/10-sommercamp-2018\/thumbs\/thumbs_Sommercamp20181291.JPG\"\n                    width=\"240\"\n                    height=\"160\"\n                    style=\"max-width:100%;\"\n                \/>\n            <\/a>\n        <\/div>\n\t\t\t\t\t\t\t<\/div> \n\t\t\t\n        \n\t\t\t\t<div id=\"ngg-image-291\" class=\"ngg-gallery-thumbnail-box\" >\n\t\t\t\t        <div class=\"ngg-gallery-thumbnail\">\n            <a href=\"http:\/\/www.karate-neuhofen.at\/wp-content\/gallery\/10-sommercamp-2018\/Sommercamp20181292.JPG\"\n               title=\"\"\n               data-src=\"http:\/\/www.karate-neuhofen.at\/wp-content\/gallery\/10-sommercamp-2018\/Sommercamp20181292.JPG\"\n               data-thumbnail=\"http:\/\/www.karate-neuhofen.at\/wp-content\/gallery\/10-sommercamp-2018\/thumbs\/thumbs_Sommercamp20181292.JPG\"\n               data-image-id=\"21028\"\n               data-title=\"Sommercamp2018(1292)\"\n               data-description=\"\"\n               data-image-slug=\"sommercamp20181292\"\n               class=\"shutterset_14ea2dae3d90de67c1fc228ab12416d8\">\n                <img\n                    title=\"Sommercamp2018(1292)\"\n                    alt=\"Sommercamp2018(1292)\"\n                    src=\"http:\/\/www.karate-neuhofen.at\/wp-content\/gallery\/10-sommercamp-2018\/thumbs\/thumbs_Sommercamp20181292.JPG\"\n                    width=\"240\"\n                    height=\"160\"\n                    style=\"max-width:100%;\"\n                \/>\n            <\/a>\n        <\/div>\n\t\t\t\t\t\t\t<\/div> \n\t\t\t\n        \n\t\t\t\t<div id=\"ngg-image-292\" class=\"ngg-gallery-thumbnail-box\" >\n\t\t\t\t        <div class=\"ngg-gallery-thumbnail\">\n            <a href=\"http:\/\/www.karate-neuhofen.at\/wp-content\/gallery\/10-sommercamp-2018\/Sommercamp20181293.JPG\"\n               title=\"\"\n               data-src=\"http:\/\/www.karate-neuhofen.at\/wp-content\/gallery\/10-sommercamp-2018\/Sommercamp20181293.JPG\"\n               data-thumbnail=\"http:\/\/www.karate-neuhofen.at\/wp-content\/gallery\/10-sommercamp-2018\/thumbs\/thumbs_Sommercamp20181293.JPG\"\n               data-image-id=\"21029\"\n               data-title=\"Sommercamp2018(1293)\"\n               data-description=\"\"\n               data-image-slug=\"sommercamp20181293\"\n               class=\"shutterset_14ea2dae3d90de67c1fc228ab12416d8\">\n                <img\n                    title=\"Sommercamp2018(1293)\"\n                    alt=\"Sommercamp2018(1293)\"\n                    src=\"http:\/\/www.karate-neuhofen.at\/wp-content\/gallery\/10-sommercamp-2018\/thumbs\/thumbs_Sommercamp20181293.JPG\"\n                    width=\"240\"\n                    height=\"160\"\n                    style=\"max-width:100%;\"\n                \/>\n            <\/a>\n        <\/div>\n\t\t\t\t\t\t\t<\/div> \n\t\t\t\n        \n\t\t\t\t<div id=\"ngg-image-293\" class=\"ngg-gallery-thumbnail-box\" >\n\t\t\t\t        <div class=\"ngg-gallery-thumbnail\">\n            <a href=\"http:\/\/www.karate-neuhofen.at\/wp-content\/gallery\/10-sommercamp-2018\/Sommercamp20181294.JPG\"\n               title=\"\"\n               data-src=\"http:\/\/www.karate-neuhofen.at\/wp-content\/gallery\/10-sommercamp-2018\/Sommercamp20181294.JPG\"\n               data-thumbnail=\"http:\/\/www.karate-neuhofen.at\/wp-content\/gallery\/10-sommercamp-2018\/thumbs\/thumbs_Sommercamp20181294.JPG\"\n               data-image-id=\"21030\"\n               data-title=\"Sommercamp2018(1294)\"\n               data-description=\"\"\n               data-image-slug=\"sommercamp20181294\"\n               class=\"shutterset_14ea2dae3d90de67c1fc228ab12416d8\">\n                <img\n                    title=\"Sommercamp2018(1294)\"\n                    alt=\"Sommercamp2018(1294)\"\n                    src=\"http:\/\/www.karate-neuhofen.at\/wp-content\/gallery\/10-sommercamp-2018\/thumbs\/thumbs_Sommercamp20181294.JPG\"\n                    width=\"240\"\n                    height=\"160\"\n                    style=\"max-width:100%;\"\n                \/>\n            <\/a>\n        <\/div>\n\t\t\t\t\t\t\t<\/div> \n\t\t\t\n        \n\t\t\t\t<div id=\"ngg-image-294\" class=\"ngg-gallery-thumbnail-box\" >\n\t\t\t\t        <div class=\"ngg-gallery-thumbnail\">\n            <a href=\"http:\/\/www.karate-neuhofen.at\/wp-content\/gallery\/10-sommercamp-2018\/Sommercamp20181295.JPG\"\n               title=\"\"\n               data-src=\"http:\/\/www.karate-neuhofen.at\/wp-content\/gallery\/10-sommercamp-2018\/Sommercamp20181295.JPG\"\n               data-thumbnail=\"http:\/\/www.karate-neuhofen.at\/wp-content\/gallery\/10-sommercamp-2018\/thumbs\/thumbs_Sommercamp20181295.JPG\"\n               data-image-id=\"21031\"\n               data-title=\"Sommercamp2018(1295)\"\n               data-description=\"\"\n               data-image-slug=\"sommercamp20181295\"\n               class=\"shutterset_14ea2dae3d90de67c1fc228ab12416d8\">\n                <img\n                    title=\"Sommercamp2018(1295)\"\n                    alt=\"Sommercamp2018(1295)\"\n                    src=\"http:\/\/www.karate-neuhofen.at\/wp-content\/gallery\/10-sommercamp-2018\/thumbs\/thumbs_Sommercamp20181295.JPG\"\n                    width=\"240\"\n                    height=\"160\"\n                    style=\"max-width:100%;\"\n                \/>\n            <\/a>\n        <\/div>\n\t\t\t\t\t\t\t<\/div> \n\t\t\t\n        \n\t\t\t\t<div id=\"ngg-image-295\" class=\"ngg-gallery-thumbnail-box\" >\n\t\t\t\t        <div class=\"ngg-gallery-thumbnail\">\n            <a href=\"http:\/\/www.karate-neuhofen.at\/wp-content\/gallery\/10-sommercamp-2018\/Sommercamp20181296.JPG\"\n               title=\"\"\n               data-src=\"http:\/\/www.karate-neuhofen.at\/wp-content\/gallery\/10-sommercamp-2018\/Sommercamp20181296.JPG\"\n               data-thumbnail=\"http:\/\/www.karate-neuhofen.at\/wp-content\/gallery\/10-sommercamp-2018\/thumbs\/thumbs_Sommercamp20181296.JPG\"\n               data-image-id=\"21032\"\n               data-title=\"Sommercamp2018(1296)\"\n               data-description=\"\"\n               data-image-slug=\"sommercamp20181296\"\n               class=\"shutterset_14ea2dae3d90de67c1fc228ab12416d8\">\n                <img\n                    title=\"Sommercamp2018(1296)\"\n                    alt=\"Sommercamp2018(1296)\"\n                    src=\"http:\/\/www.karate-neuhofen.at\/wp-content\/gallery\/10-sommercamp-2018\/thumbs\/thumbs_Sommercamp20181296.JPG\"\n                    width=\"240\"\n                    height=\"160\"\n                    style=\"max-width:100%;\"\n                \/>\n            <\/a>\n        <\/div>\n\t\t\t\t\t\t\t<\/div> \n\t\t\t\n        \n\t\t\t\t<div id=\"ngg-image-296\" class=\"ngg-gallery-thumbnail-box\" >\n\t\t\t\t        <div class=\"ngg-gallery-thumbnail\">\n            <a href=\"http:\/\/www.karate-neuhofen.at\/wp-content\/gallery\/10-sommercamp-2018\/Sommercamp20181297.JPG\"\n               title=\"\"\n               data-src=\"http:\/\/www.karate-neuhofen.at\/wp-content\/gallery\/10-sommercamp-2018\/Sommercamp20181297.JPG\"\n               data-thumbnail=\"http:\/\/www.karate-neuhofen.at\/wp-content\/gallery\/10-sommercamp-2018\/thumbs\/thumbs_Sommercamp20181297.JPG\"\n               data-image-id=\"21033\"\n               data-title=\"Sommercamp2018(1297)\"\n               data-description=\"\"\n               data-image-slug=\"sommercamp20181297\"\n               class=\"shutterset_14ea2dae3d90de67c1fc228ab12416d8\">\n                <img\n                    title=\"Sommercamp2018(1297)\"\n                    alt=\"Sommercamp2018(1297)\"\n                    src=\"http:\/\/www.karate-neuhofen.at\/wp-content\/gallery\/10-sommercamp-2018\/thumbs\/thumbs_Sommercamp20181297.JPG\"\n                    width=\"240\"\n                    height=\"160\"\n                    style=\"max-width:100%;\"\n                \/>\n            <\/a>\n        <\/div>\n\t\t\t\t\t\t\t<\/div> \n\t\t\t\n        \n\t\t\t\t<div id=\"ngg-image-297\" class=\"ngg-gallery-thumbnail-box\" >\n\t\t\t\t        <div class=\"ngg-gallery-thumbnail\">\n            <a href=\"http:\/\/www.karate-neuhofen.at\/wp-content\/gallery\/10-sommercamp-2018\/Sommercamp20181298.JPG\"\n               title=\"\"\n               data-src=\"http:\/\/www.karate-neuhofen.at\/wp-content\/gallery\/10-sommercamp-2018\/Sommercamp20181298.JPG\"\n               data-thumbnail=\"http:\/\/www.karate-neuhofen.at\/wp-content\/gallery\/10-sommercamp-2018\/thumbs\/thumbs_Sommercamp20181298.JPG\"\n               data-image-id=\"21034\"\n               data-title=\"Sommercamp2018(1298)\"\n               data-description=\"\"\n               data-image-slug=\"sommercamp20181298\"\n               class=\"shutterset_14ea2dae3d90de67c1fc228ab12416d8\">\n                <img\n                    title=\"Sommercamp2018(1298)\"\n                    alt=\"Sommercamp2018(1298)\"\n                    src=\"http:\/\/www.karate-neuhofen.at\/wp-content\/gallery\/10-sommercamp-2018\/thumbs\/thumbs_Sommercamp20181298.JPG\"\n                    width=\"240\"\n                    height=\"160\"\n                    style=\"max-width:100%;\"\n                \/>\n            <\/a>\n        <\/div>\n\t\t\t\t\t\t\t<\/div> \n\t\t\t\n        \n\t\t\t\t<div id=\"ngg-image-298\" class=\"ngg-gallery-thumbnail-box\" >\n\t\t\t\t        <div class=\"ngg-gallery-thumbnail\">\n            <a href=\"http:\/\/www.karate-neuhofen.at\/wp-content\/gallery\/10-sommercamp-2018\/Sommercamp20181299.JPG\"\n               title=\"\"\n               data-src=\"http:\/\/www.karate-neuhofen.at\/wp-content\/gallery\/10-sommercamp-2018\/Sommercamp20181299.JPG\"\n               data-thumbnail=\"http:\/\/www.karate-neuhofen.at\/wp-content\/gallery\/10-sommercamp-2018\/thumbs\/thumbs_Sommercamp20181299.JPG\"\n               data-image-id=\"21035\"\n               data-title=\"Sommercamp2018(1299)\"\n               data-description=\"\"\n               data-image-slug=\"sommercamp20181299\"\n               class=\"shutterset_14ea2dae3d90de67c1fc228ab12416d8\">\n                <img\n                    title=\"Sommercamp2018(1299)\"\n                    alt=\"Sommercamp2018(1299)\"\n                    src=\"http:\/\/www.karate-neuhofen.at\/wp-content\/gallery\/10-sommercamp-2018\/thumbs\/thumbs_Sommercamp20181299.JPG\"\n                    width=\"240\"\n                    height=\"160\"\n                    style=\"max-width:100%;\"\n                \/>\n            <\/a>\n        <\/div>\n\t\t\t\t\t\t\t<\/div> \n\t\t\t\n        \n\t\t\t\t<div id=\"ngg-image-299\" class=\"ngg-gallery-thumbnail-box\" >\n\t\t\t\t        <div class=\"ngg-gallery-thumbnail\">\n            <a href=\"http:\/\/www.karate-neuhofen.at\/wp-content\/gallery\/10-sommercamp-2018\/Sommercamp20181300.JPG\"\n               title=\"\"\n               data-src=\"http:\/\/www.karate-neuhofen.at\/wp-content\/gallery\/10-sommercamp-2018\/Sommercamp20181300.JPG\"\n               data-thumbnail=\"http:\/\/www.karate-neuhofen.at\/wp-content\/gallery\/10-sommercamp-2018\/thumbs\/thumbs_Sommercamp20181300.JPG\"\n               data-image-id=\"21036\"\n               data-title=\"Sommercamp2018(1300)\"\n               data-description=\"\"\n               data-image-slug=\"sommercamp20181300\"\n               class=\"shutterset_14ea2dae3d90de67c1fc228ab12416d8\">\n                <img\n                    title=\"Sommercamp2018(1300)\"\n                    alt=\"Sommercamp2018(1300)\"\n                    src=\"http:\/\/www.karate-neuhofen.at\/wp-content\/gallery\/10-sommercamp-2018\/thumbs\/thumbs_Sommercamp20181300.JPG\"\n                    width=\"240\"\n                    height=\"160\"\n                    style=\"max-width:100%;\"\n                \/>\n            <\/a>\n        <\/div>\n\t\t\t\t\t\t\t<\/div> \n\t\t\t\n        \n\t\t\t\t<div id=\"ngg-image-300\" class=\"ngg-gallery-thumbnail-box\" >\n\t\t\t\t        <div class=\"ngg-gallery-thumbnail\">\n            <a href=\"http:\/\/www.karate-neuhofen.at\/wp-content\/gallery\/10-sommercamp-2018\/Sommercamp20181301.JPG\"\n               title=\"\"\n               data-src=\"http:\/\/www.karate-neuhofen.at\/wp-content\/gallery\/10-sommercamp-2018\/Sommercamp20181301.JPG\"\n               data-thumbnail=\"http:\/\/www.karate-neuhofen.at\/wp-content\/gallery\/10-sommercamp-2018\/thumbs\/thumbs_Sommercamp20181301.JPG\"\n               data-image-id=\"21037\"\n               data-title=\"Sommercamp2018(1301)\"\n               data-description=\"\"\n               data-image-slug=\"sommercamp20181301\"\n               class=\"shutterset_14ea2dae3d90de67c1fc228ab12416d8\">\n                <img\n                    title=\"Sommercamp2018(1301)\"\n                    alt=\"Sommercamp2018(1301)\"\n                    src=\"http:\/\/www.karate-neuhofen.at\/wp-content\/gallery\/10-sommercamp-2018\/thumbs\/thumbs_Sommercamp20181301.JPG\"\n                    width=\"240\"\n                    height=\"160\"\n                    style=\"max-width:100%;\"\n                \/>\n            <\/a>\n        <\/div>\n\t\t\t\t\t\t\t<\/div> \n\t\t\t\n        \n\t\t\t\t<div id=\"ngg-image-301\" class=\"ngg-gallery-thumbnail-box\" >\n\t\t\t\t        <div class=\"ngg-gallery-thumbnail\">\n            <a href=\"http:\/\/www.karate-neuhofen.at\/wp-content\/gallery\/10-sommercamp-2018\/Sommercamp20181302.JPG\"\n               title=\"\"\n               data-src=\"http:\/\/www.karate-neuhofen.at\/wp-content\/gallery\/10-sommercamp-2018\/Sommercamp20181302.JPG\"\n               data-thumbnail=\"http:\/\/www.karate-neuhofen.at\/wp-content\/gallery\/10-sommercamp-2018\/thumbs\/thumbs_Sommercamp20181302.JPG\"\n               data-image-id=\"21038\"\n               data-title=\"Sommercamp2018(1302)\"\n               data-description=\"\"\n               data-image-slug=\"sommercamp20181302\"\n               class=\"shutterset_14ea2dae3d90de67c1fc228ab12416d8\">\n                <img\n                    title=\"Sommercamp2018(1302)\"\n                    alt=\"Sommercamp2018(1302)\"\n                    src=\"http:\/\/www.karate-neuhofen.at\/wp-content\/gallery\/10-sommercamp-2018\/thumbs\/thumbs_Sommercamp20181302.JPG\"\n                    width=\"240\"\n                    height=\"160\"\n                    style=\"max-width:100%;\"\n                \/>\n            <\/a>\n        <\/div>\n\t\t\t\t\t\t\t<\/div> \n\t\t\t\n        \n\t\t\t\t<div id=\"ngg-image-302\" class=\"ngg-gallery-thumbnail-box\" >\n\t\t\t\t        <div class=\"ngg-gallery-thumbnail\">\n            <a href=\"http:\/\/www.karate-neuhofen.at\/wp-content\/gallery\/10-sommercamp-2018\/Sommercamp20181303.JPG\"\n               title=\"\"\n               data-src=\"http:\/\/www.karate-neuhofen.at\/wp-content\/gallery\/10-sommercamp-2018\/Sommercamp20181303.JPG\"\n               data-thumbnail=\"http:\/\/www.karate-neuhofen.at\/wp-content\/gallery\/10-sommercamp-2018\/thumbs\/thumbs_Sommercamp20181303.JPG\"\n               data-image-id=\"21039\"\n               data-title=\"Sommercamp2018(1303)\"\n               data-description=\"\"\n               data-image-slug=\"sommercamp20181303\"\n               class=\"shutterset_14ea2dae3d90de67c1fc228ab12416d8\">\n                <img\n                    title=\"Sommercamp2018(1303)\"\n                    alt=\"Sommercamp2018(1303)\"\n                    src=\"http:\/\/www.karate-neuhofen.at\/wp-content\/gallery\/10-sommercamp-2018\/thumbs\/thumbs_Sommercamp20181303.JPG\"\n                    width=\"240\"\n                    height=\"160\"\n                    style=\"max-width:100%;\"\n                \/>\n            <\/a>\n        <\/div>\n\t\t\t\t\t\t\t<\/div> \n\t\t\t\n        \n\t\t\t\t<div id=\"ngg-image-303\" class=\"ngg-gallery-thumbnail-box\" >\n\t\t\t\t        <div class=\"ngg-gallery-thumbnail\">\n            <a href=\"http:\/\/www.karate-neuhofen.at\/wp-content\/gallery\/10-sommercamp-2018\/Sommercamp20181304.JPG\"\n               title=\"\"\n               data-src=\"http:\/\/www.karate-neuhofen.at\/wp-content\/gallery\/10-sommercamp-2018\/Sommercamp20181304.JPG\"\n               data-thumbnail=\"http:\/\/www.karate-neuhofen.at\/wp-content\/gallery\/10-sommercamp-2018\/thumbs\/thumbs_Sommercamp20181304.JPG\"\n               data-image-id=\"21040\"\n               data-title=\"Sommercamp2018(1304)\"\n               data-description=\"\"\n               data-image-slug=\"sommercamp20181304\"\n               class=\"shutterset_14ea2dae3d90de67c1fc228ab12416d8\">\n                <img\n                    title=\"Sommercamp2018(1304)\"\n                    alt=\"Sommercamp2018(1304)\"\n                    src=\"http:\/\/www.karate-neuhofen.at\/wp-content\/gallery\/10-sommercamp-2018\/thumbs\/thumbs_Sommercamp20181304.JPG\"\n                    width=\"240\"\n                    height=\"160\"\n                    style=\"max-width:100%;\"\n                \/>\n            <\/a>\n        <\/div>\n\t\t\t\t\t\t\t<\/div> \n\t\t\t\n        \n\t\t\t\t<div id=\"ngg-image-304\" class=\"ngg-gallery-thumbnail-box\" >\n\t\t\t\t        <div class=\"ngg-gallery-thumbnail\">\n            <a href=\"http:\/\/www.karate-neuhofen.at\/wp-content\/gallery\/10-sommercamp-2018\/Sommercamp20181305.JPG\"\n               title=\"\"\n               data-src=\"http:\/\/www.karate-neuhofen.at\/wp-content\/gallery\/10-sommercamp-2018\/Sommercamp20181305.JPG\"\n               data-thumbnail=\"http:\/\/www.karate-neuhofen.at\/wp-content\/gallery\/10-sommercamp-2018\/thumbs\/thumbs_Sommercamp20181305.JPG\"\n               data-image-id=\"21041\"\n               data-title=\"Sommercamp2018(1305)\"\n               data-description=\"\"\n               data-image-slug=\"sommercamp20181305\"\n               class=\"shutterset_14ea2dae3d90de67c1fc228ab12416d8\">\n                <img\n                    title=\"Sommercamp2018(1305)\"\n                    alt=\"Sommercamp2018(1305)\"\n                    src=\"http:\/\/www.karate-neuhofen.at\/wp-content\/gallery\/10-sommercamp-2018\/thumbs\/thumbs_Sommercamp20181305.JPG\"\n                    width=\"240\"\n                    height=\"160\"\n                    style=\"max-width:100%;\"\n                \/>\n            <\/a>\n        <\/div>\n\t\t\t\t\t\t\t<\/div> \n\t\t\t\n        \n\t\t\t\t<div id=\"ngg-image-305\" class=\"ngg-gallery-thumbnail-box\" >\n\t\t\t\t        <div class=\"ngg-gallery-thumbnail\">\n            <a href=\"http:\/\/www.karate-neuhofen.at\/wp-content\/gallery\/10-sommercamp-2018\/Sommercamp20181306.JPG\"\n               title=\"\"\n               data-src=\"http:\/\/www.karate-neuhofen.at\/wp-content\/gallery\/10-sommercamp-2018\/Sommercamp20181306.JPG\"\n               data-thumbnail=\"http:\/\/www.karate-neuhofen.at\/wp-content\/gallery\/10-sommercamp-2018\/thumbs\/thumbs_Sommercamp20181306.JPG\"\n               data-image-id=\"21042\"\n               data-title=\"Sommercamp2018(1306)\"\n               data-description=\"\"\n               data-image-slug=\"sommercamp20181306\"\n               class=\"shutterset_14ea2dae3d90de67c1fc228ab12416d8\">\n                <img\n                    title=\"Sommercamp2018(1306)\"\n                    alt=\"Sommercamp2018(1306)\"\n                    src=\"http:\/\/www.karate-neuhofen.at\/wp-content\/gallery\/10-sommercamp-2018\/thumbs\/thumbs_Sommercamp20181306.JPG\"\n                    width=\"240\"\n                    height=\"160\"\n                    style=\"max-width:100%;\"\n                \/>\n            <\/a>\n        <\/div>\n\t\t\t\t\t\t\t<\/div> \n\t\t\t\n        \n\t\t\t\t<div id=\"ngg-image-306\" class=\"ngg-gallery-thumbnail-box\" >\n\t\t\t\t        <div class=\"ngg-gallery-thumbnail\">\n            <a href=\"http:\/\/www.karate-neuhofen.at\/wp-content\/gallery\/10-sommercamp-2018\/Sommercamp20181307.JPG\"\n               title=\"\"\n               data-src=\"http:\/\/www.karate-neuhofen.at\/wp-content\/gallery\/10-sommercamp-2018\/Sommercamp20181307.JPG\"\n               data-thumbnail=\"http:\/\/www.karate-neuhofen.at\/wp-content\/gallery\/10-sommercamp-2018\/thumbs\/thumbs_Sommercamp20181307.JPG\"\n               data-image-id=\"21043\"\n               data-title=\"Sommercamp2018(1307)\"\n               data-description=\"\"\n               data-image-slug=\"sommercamp20181307\"\n               class=\"shutterset_14ea2dae3d90de67c1fc228ab12416d8\">\n                <img\n                    title=\"Sommercamp2018(1307)\"\n                    alt=\"Sommercamp2018(1307)\"\n                    src=\"http:\/\/www.karate-neuhofen.at\/wp-content\/gallery\/10-sommercamp-2018\/thumbs\/thumbs_Sommercamp20181307.JPG\"\n                    width=\"240\"\n                    height=\"160\"\n                    style=\"max-width:100%;\"\n                \/>\n            <\/a>\n        <\/div>\n\t\t\t\t\t\t\t<\/div> \n\t\t\t\n        \n\t\t\t\t<div id=\"ngg-image-307\" class=\"ngg-gallery-thumbnail-box\" >\n\t\t\t\t        <div class=\"ngg-gallery-thumbnail\">\n            <a href=\"http:\/\/www.karate-neuhofen.at\/wp-content\/gallery\/10-sommercamp-2018\/Sommercamp20181308.JPG\"\n               title=\"\"\n               data-src=\"http:\/\/www.karate-neuhofen.at\/wp-content\/gallery\/10-sommercamp-2018\/Sommercamp20181308.JPG\"\n               data-thumbnail=\"http:\/\/www.karate-neuhofen.at\/wp-content\/gallery\/10-sommercamp-2018\/thumbs\/thumbs_Sommercamp20181308.JPG\"\n               data-image-id=\"21044\"\n               data-title=\"Sommercamp2018(1308)\"\n               data-description=\"\"\n               data-image-slug=\"sommercamp20181308\"\n               class=\"shutterset_14ea2dae3d90de67c1fc228ab12416d8\">\n                <img\n                    title=\"Sommercamp2018(1308)\"\n                    alt=\"Sommercamp2018(1308)\"\n                    src=\"http:\/\/www.karate-neuhofen.at\/wp-content\/gallery\/10-sommercamp-2018\/thumbs\/thumbs_Sommercamp20181308.JPG\"\n                    width=\"240\"\n                    height=\"160\"\n                    style=\"max-width:100%;\"\n                \/>\n            <\/a>\n        <\/div>\n\t\t\t\t\t\t\t<\/div> \n\t\t\t\n        \n\t\t\t\t<div id=\"ngg-image-308\" class=\"ngg-gallery-thumbnail-box\" >\n\t\t\t\t        <div class=\"ngg-gallery-thumbnail\">\n            <a href=\"http:\/\/www.karate-neuhofen.at\/wp-content\/gallery\/10-sommercamp-2018\/Sommercamp20181309.JPG\"\n               title=\"\"\n               data-src=\"http:\/\/www.karate-neuhofen.at\/wp-content\/gallery\/10-sommercamp-2018\/Sommercamp20181309.JPG\"\n               data-thumbnail=\"http:\/\/www.karate-neuhofen.at\/wp-content\/gallery\/10-sommercamp-2018\/thumbs\/thumbs_Sommercamp20181309.JPG\"\n               data-image-id=\"21045\"\n               data-title=\"Sommercamp2018(1309)\"\n               data-description=\"\"\n               data-image-slug=\"sommercamp20181309\"\n               class=\"shutterset_14ea2dae3d90de67c1fc228ab12416d8\">\n                <img\n                    title=\"Sommercamp2018(1309)\"\n                    alt=\"Sommercamp2018(1309)\"\n                    src=\"http:\/\/www.karate-neuhofen.at\/wp-content\/gallery\/10-sommercamp-2018\/thumbs\/thumbs_Sommercamp20181309.JPG\"\n                    width=\"240\"\n                    height=\"160\"\n                    style=\"max-width:100%;\"\n                \/>\n            <\/a>\n        <\/div>\n\t\t\t\t\t\t\t<\/div> \n\t\t\t\n        \n\t\t\t\t<div id=\"ngg-image-309\" class=\"ngg-gallery-thumbnail-box\" >\n\t\t\t\t        <div class=\"ngg-gallery-thumbnail\">\n            <a href=\"http:\/\/www.karate-neuhofen.at\/wp-content\/gallery\/10-sommercamp-2018\/Sommercamp20181310.JPG\"\n               title=\"\"\n               data-src=\"http:\/\/www.karate-neuhofen.at\/wp-content\/gallery\/10-sommercamp-2018\/Sommercamp20181310.JPG\"\n               data-thumbnail=\"http:\/\/www.karate-neuhofen.at\/wp-content\/gallery\/10-sommercamp-2018\/thumbs\/thumbs_Sommercamp20181310.JPG\"\n               data-image-id=\"21046\"\n               data-title=\"Sommercamp2018(1310)\"\n               data-description=\"\"\n               data-image-slug=\"sommercamp20181310\"\n               class=\"shutterset_14ea2dae3d90de67c1fc228ab12416d8\">\n                <img\n                    title=\"Sommercamp2018(1310)\"\n                    alt=\"Sommercamp2018(1310)\"\n                    src=\"http:\/\/www.karate-neuhofen.at\/wp-content\/gallery\/10-sommercamp-2018\/thumbs\/thumbs_Sommercamp20181310.JPG\"\n                    width=\"240\"\n                    height=\"160\"\n                    style=\"max-width:100%;\"\n                \/>\n            <\/a>\n        <\/div>\n\t\t\t\t\t\t\t<\/div> \n\t\t\t\n        \n\t\t\t\t<div id=\"ngg-image-310\" class=\"ngg-gallery-thumbnail-box\" >\n\t\t\t\t        <div class=\"ngg-gallery-thumbnail\">\n            <a href=\"http:\/\/www.karate-neuhofen.at\/wp-content\/gallery\/10-sommercamp-2018\/Sommercamp20181311.JPG\"\n               title=\"\"\n               data-src=\"http:\/\/www.karate-neuhofen.at\/wp-content\/gallery\/10-sommercamp-2018\/Sommercamp20181311.JPG\"\n               data-thumbnail=\"http:\/\/www.karate-neuhofen.at\/wp-content\/gallery\/10-sommercamp-2018\/thumbs\/thumbs_Sommercamp20181311.JPG\"\n               data-image-id=\"21047\"\n               data-title=\"Sommercamp2018(1311)\"\n               data-description=\"\"\n               data-image-slug=\"sommercamp20181311\"\n               class=\"shutterset_14ea2dae3d90de67c1fc228ab12416d8\">\n                <img\n                    title=\"Sommercamp2018(1311)\"\n                    alt=\"Sommercamp2018(1311)\"\n                    src=\"http:\/\/www.karate-neuhofen.at\/wp-content\/gallery\/10-sommercamp-2018\/thumbs\/thumbs_Sommercamp20181311.JPG\"\n                    width=\"240\"\n                    height=\"160\"\n                    style=\"max-width:100%;\"\n                \/>\n            <\/a>\n        <\/div>\n\t\t\t\t\t\t\t<\/div> \n\t\t\t\n        \n\t\t\t\t<div id=\"ngg-image-311\" class=\"ngg-gallery-thumbnail-box\" >\n\t\t\t\t        <div class=\"ngg-gallery-thumbnail\">\n            <a href=\"http:\/\/www.karate-neuhofen.at\/wp-content\/gallery\/10-sommercamp-2018\/Sommercamp20181312.JPG\"\n               title=\"\"\n               data-src=\"http:\/\/www.karate-neuhofen.at\/wp-content\/gallery\/10-sommercamp-2018\/Sommercamp20181312.JPG\"\n               data-thumbnail=\"http:\/\/www.karate-neuhofen.at\/wp-content\/gallery\/10-sommercamp-2018\/thumbs\/thumbs_Sommercamp20181312.JPG\"\n               data-image-id=\"21048\"\n               data-title=\"Sommercamp2018(1312)\"\n               data-description=\"\"\n               data-image-slug=\"sommercamp20181312\"\n               class=\"shutterset_14ea2dae3d90de67c1fc228ab12416d8\">\n                <img\n                    title=\"Sommercamp2018(1312)\"\n                    alt=\"Sommercamp2018(1312)\"\n                    src=\"http:\/\/www.karate-neuhofen.at\/wp-content\/gallery\/10-sommercamp-2018\/thumbs\/thumbs_Sommercamp20181312.JPG\"\n                    width=\"240\"\n                    height=\"160\"\n                    style=\"max-width:100%;\"\n                \/>\n            <\/a>\n        <\/div>\n\t\t\t\t\t\t\t<\/div> \n\t\t\t\n        \n\t\t\t\t<div id=\"ngg-image-312\" class=\"ngg-gallery-thumbnail-box\" >\n\t\t\t\t        <div class=\"ngg-gallery-thumbnail\">\n            <a href=\"http:\/\/www.karate-neuhofen.at\/wp-content\/gallery\/10-sommercamp-2018\/Sommercamp20181313.JPG\"\n               title=\"\"\n               data-src=\"http:\/\/www.karate-neuhofen.at\/wp-content\/gallery\/10-sommercamp-2018\/Sommercamp20181313.JPG\"\n               data-thumbnail=\"http:\/\/www.karate-neuhofen.at\/wp-content\/gallery\/10-sommercamp-2018\/thumbs\/thumbs_Sommercamp20181313.JPG\"\n               data-image-id=\"21049\"\n               data-title=\"Sommercamp2018(1313)\"\n               data-description=\"\"\n               data-image-slug=\"sommercamp20181313\"\n               class=\"shutterset_14ea2dae3d90de67c1fc228ab12416d8\">\n                <img\n                    title=\"Sommercamp2018(1313)\"\n                    alt=\"Sommercamp2018(1313)\"\n                    src=\"http:\/\/www.karate-neuhofen.at\/wp-content\/gallery\/10-sommercamp-2018\/thumbs\/thumbs_Sommercamp20181313.JPG\"\n                    width=\"240\"\n                    height=\"160\"\n                    style=\"max-width:100%;\"\n                \/>\n            <\/a>\n        <\/div>\n\t\t\t\t\t\t\t<\/div> \n\t\t\t\n        \n\t\t\t\t<div id=\"ngg-image-313\" class=\"ngg-gallery-thumbnail-box\" >\n\t\t\t\t        <div class=\"ngg-gallery-thumbnail\">\n            <a href=\"http:\/\/www.karate-neuhofen.at\/wp-content\/gallery\/10-sommercamp-2018\/Sommercamp20181314.JPG\"\n               title=\"\"\n               data-src=\"http:\/\/www.karate-neuhofen.at\/wp-content\/gallery\/10-sommercamp-2018\/Sommercamp20181314.JPG\"\n               data-thumbnail=\"http:\/\/www.karate-neuhofen.at\/wp-content\/gallery\/10-sommercamp-2018\/thumbs\/thumbs_Sommercamp20181314.JPG\"\n               data-image-id=\"21050\"\n               data-title=\"Sommercamp2018(1314)\"\n               data-description=\"\"\n               data-image-slug=\"sommercamp20181314\"\n               class=\"shutterset_14ea2dae3d90de67c1fc228ab12416d8\">\n                <img\n                    title=\"Sommercamp2018(1314)\"\n                    alt=\"Sommercamp2018(1314)\"\n                    src=\"http:\/\/www.karate-neuhofen.at\/wp-content\/gallery\/10-sommercamp-2018\/thumbs\/thumbs_Sommercamp20181314.JPG\"\n                    width=\"240\"\n                    height=\"160\"\n                    style=\"max-width:100%;\"\n                \/>\n            <\/a>\n        <\/div>\n\t\t\t\t\t\t\t<\/div> \n\t\t\t\n        \n\t\t\t\t<div id=\"ngg-image-314\" class=\"ngg-gallery-thumbnail-box\" >\n\t\t\t\t        <div class=\"ngg-gallery-thumbnail\">\n            <a href=\"http:\/\/www.karate-neuhofen.at\/wp-content\/gallery\/10-sommercamp-2018\/Sommercamp20181315.JPG\"\n               title=\"\"\n               data-src=\"http:\/\/www.karate-neuhofen.at\/wp-content\/gallery\/10-sommercamp-2018\/Sommercamp20181315.JPG\"\n               data-thumbnail=\"http:\/\/www.karate-neuhofen.at\/wp-content\/gallery\/10-sommercamp-2018\/thumbs\/thumbs_Sommercamp20181315.JPG\"\n               data-image-id=\"21051\"\n               data-title=\"Sommercamp2018(1315)\"\n               data-description=\"\"\n               data-image-slug=\"sommercamp20181315\"\n               class=\"shutterset_14ea2dae3d90de67c1fc228ab12416d8\">\n                <img\n                    title=\"Sommercamp2018(1315)\"\n                    alt=\"Sommercamp2018(1315)\"\n                    src=\"http:\/\/www.karate-neuhofen.at\/wp-content\/gallery\/10-sommercamp-2018\/thumbs\/thumbs_Sommercamp20181315.JPG\"\n                    width=\"240\"\n                    height=\"160\"\n                    style=\"max-width:100%;\"\n                \/>\n            <\/a>\n        <\/div>\n\t\t\t\t\t\t\t<\/div> \n\t\t\t\n        \n\t\t\t\t<div id=\"ngg-image-315\" class=\"ngg-gallery-thumbnail-box\" >\n\t\t\t\t        <div class=\"ngg-gallery-thumbnail\">\n            <a href=\"http:\/\/www.karate-neuhofen.at\/wp-content\/gallery\/10-sommercamp-2018\/Sommercamp20181316.JPG\"\n               title=\"\"\n               data-src=\"http:\/\/www.karate-neuhofen.at\/wp-content\/gallery\/10-sommercamp-2018\/Sommercamp20181316.JPG\"\n               data-thumbnail=\"http:\/\/www.karate-neuhofen.at\/wp-content\/gallery\/10-sommercamp-2018\/thumbs\/thumbs_Sommercamp20181316.JPG\"\n               data-image-id=\"21052\"\n               data-title=\"Sommercamp2018(1316)\"\n               data-description=\"\"\n               data-image-slug=\"sommercamp20181316\"\n               class=\"shutterset_14ea2dae3d90de67c1fc228ab12416d8\">\n                <img\n                    title=\"Sommercamp2018(1316)\"\n                    alt=\"Sommercamp2018(1316)\"\n                    src=\"http:\/\/www.karate-neuhofen.at\/wp-content\/gallery\/10-sommercamp-2018\/thumbs\/thumbs_Sommercamp20181316.JPG\"\n                    width=\"240\"\n                    height=\"160\"\n                    style=\"max-width:100%;\"\n                \/>\n            <\/a>\n        <\/div>\n\t\t\t\t\t\t\t<\/div> \n\t\t\t\n        \n\t\t\t\t<div id=\"ngg-image-316\" class=\"ngg-gallery-thumbnail-box\" >\n\t\t\t\t        <div class=\"ngg-gallery-thumbnail\">\n            <a href=\"http:\/\/www.karate-neuhofen.at\/wp-content\/gallery\/10-sommercamp-2018\/Sommercamp20181317.JPG\"\n               title=\"\"\n               data-src=\"http:\/\/www.karate-neuhofen.at\/wp-content\/gallery\/10-sommercamp-2018\/Sommercamp20181317.JPG\"\n               data-thumbnail=\"http:\/\/www.karate-neuhofen.at\/wp-content\/gallery\/10-sommercamp-2018\/thumbs\/thumbs_Sommercamp20181317.JPG\"\n               data-image-id=\"21053\"\n               data-title=\"Sommercamp2018(1317)\"\n               data-description=\"\"\n               data-image-slug=\"sommercamp20181317\"\n               class=\"shutterset_14ea2dae3d90de67c1fc228ab12416d8\">\n                <img\n                    title=\"Sommercamp2018(1317)\"\n                    alt=\"Sommercamp2018(1317)\"\n                    src=\"http:\/\/www.karate-neuhofen.at\/wp-content\/gallery\/10-sommercamp-2018\/thumbs\/thumbs_Sommercamp20181317.JPG\"\n                    width=\"240\"\n                    height=\"160\"\n                    style=\"max-width:100%;\"\n                \/>\n            <\/a>\n        <\/div>\n\t\t\t\t\t\t\t<\/div> \n\t\t\t\n        \n\t\t\t\t<div id=\"ngg-image-317\" class=\"ngg-gallery-thumbnail-box\" >\n\t\t\t\t        <div class=\"ngg-gallery-thumbnail\">\n            <a href=\"http:\/\/www.karate-neuhofen.at\/wp-content\/gallery\/10-sommercamp-2018\/Sommercamp20181318.JPG\"\n               title=\"\"\n               data-src=\"http:\/\/www.karate-neuhofen.at\/wp-content\/gallery\/10-sommercamp-2018\/Sommercamp20181318.JPG\"\n               data-thumbnail=\"http:\/\/www.karate-neuhofen.at\/wp-content\/gallery\/10-sommercamp-2018\/thumbs\/thumbs_Sommercamp20181318.JPG\"\n               data-image-id=\"21054\"\n               data-title=\"Sommercamp2018(1318)\"\n               data-description=\"\"\n               data-image-slug=\"sommercamp20181318\"\n               class=\"shutterset_14ea2dae3d90de67c1fc228ab12416d8\">\n                <img\n                    title=\"Sommercamp2018(1318)\"\n                    alt=\"Sommercamp2018(1318)\"\n                    src=\"http:\/\/www.karate-neuhofen.at\/wp-content\/gallery\/10-sommercamp-2018\/thumbs\/thumbs_Sommercamp20181318.JPG\"\n                    width=\"240\"\n                    height=\"160\"\n                    style=\"max-width:100%;\"\n                \/>\n            <\/a>\n        <\/div>\n\t\t\t\t\t\t\t<\/div> \n\t\t\t\n        \n\t\t\t\t<div id=\"ngg-image-318\" class=\"ngg-gallery-thumbnail-box\" >\n\t\t\t\t        <div class=\"ngg-gallery-thumbnail\">\n            <a href=\"http:\/\/www.karate-neuhofen.at\/wp-content\/gallery\/10-sommercamp-2018\/Sommercamp20181319.JPG\"\n               title=\"\"\n               data-src=\"http:\/\/www.karate-neuhofen.at\/wp-content\/gallery\/10-sommercamp-2018\/Sommercamp20181319.JPG\"\n               data-thumbnail=\"http:\/\/www.karate-neuhofen.at\/wp-content\/gallery\/10-sommercamp-2018\/thumbs\/thumbs_Sommercamp20181319.JPG\"\n               data-image-id=\"21055\"\n               data-title=\"Sommercamp2018(1319)\"\n               data-description=\"\"\n               data-image-slug=\"sommercamp20181319\"\n               class=\"shutterset_14ea2dae3d90de67c1fc228ab12416d8\">\n                <img\n                    title=\"Sommercamp2018(1319)\"\n                    alt=\"Sommercamp2018(1319)\"\n                    src=\"http:\/\/www.karate-neuhofen.at\/wp-content\/gallery\/10-sommercamp-2018\/thumbs\/thumbs_Sommercamp20181319.JPG\"\n                    width=\"240\"\n                    height=\"160\"\n                    style=\"max-width:100%;\"\n                \/>\n            <\/a>\n        <\/div>\n\t\t\t\t\t\t\t<\/div> \n\t\t\t\n        \n\t\t\t\t<div id=\"ngg-image-319\" class=\"ngg-gallery-thumbnail-box\" >\n\t\t\t\t        <div class=\"ngg-gallery-thumbnail\">\n            <a href=\"http:\/\/www.karate-neuhofen.at\/wp-content\/gallery\/10-sommercamp-2018\/Sommercamp20181320.JPG\"\n               title=\"\"\n               data-src=\"http:\/\/www.karate-neuhofen.at\/wp-content\/gallery\/10-sommercamp-2018\/Sommercamp20181320.JPG\"\n               data-thumbnail=\"http:\/\/www.karate-neuhofen.at\/wp-content\/gallery\/10-sommercamp-2018\/thumbs\/thumbs_Sommercamp20181320.JPG\"\n               data-image-id=\"21056\"\n               data-title=\"Sommercamp2018(1320)\"\n               data-description=\"\"\n               data-image-slug=\"sommercamp20181320\"\n               class=\"shutterset_14ea2dae3d90de67c1fc228ab12416d8\">\n                <img\n                    title=\"Sommercamp2018(1320)\"\n                    alt=\"Sommercamp2018(1320)\"\n                    src=\"http:\/\/www.karate-neuhofen.at\/wp-content\/gallery\/10-sommercamp-2018\/thumbs\/thumbs_Sommercamp20181320.JPG\"\n                    width=\"240\"\n                    height=\"160\"\n                    style=\"max-width:100%;\"\n                \/>\n            <\/a>\n        <\/div>\n\t\t\t\t\t\t\t<\/div> \n\t\t\t\n        \n\t\t\t\t<div id=\"ngg-image-320\" class=\"ngg-gallery-thumbnail-box\" >\n\t\t\t\t        <div class=\"ngg-gallery-thumbnail\">\n            <a href=\"http:\/\/www.karate-neuhofen.at\/wp-content\/gallery\/10-sommercamp-2018\/Sommercamp20181321.JPG\"\n               title=\"\"\n               data-src=\"http:\/\/www.karate-neuhofen.at\/wp-content\/gallery\/10-sommercamp-2018\/Sommercamp20181321.JPG\"\n               data-thumbnail=\"http:\/\/www.karate-neuhofen.at\/wp-content\/gallery\/10-sommercamp-2018\/thumbs\/thumbs_Sommercamp20181321.JPG\"\n               data-image-id=\"21057\"\n               data-title=\"Sommercamp2018(1321)\"\n               data-description=\"\"\n               data-image-slug=\"sommercamp20181321\"\n               class=\"shutterset_14ea2dae3d90de67c1fc228ab12416d8\">\n                <img\n                    title=\"Sommercamp2018(1321)\"\n                    alt=\"Sommercamp2018(1321)\"\n                    src=\"http:\/\/www.karate-neuhofen.at\/wp-content\/gallery\/10-sommercamp-2018\/thumbs\/thumbs_Sommercamp20181321.JPG\"\n                    width=\"240\"\n                    height=\"160\"\n                    style=\"max-width:100%;\"\n                \/>\n            <\/a>\n        <\/div>\n\t\t\t\t\t\t\t<\/div> \n\t\t\t\n        \n\t\t\t\t<div id=\"ngg-image-321\" class=\"ngg-gallery-thumbnail-box\" >\n\t\t\t\t        <div class=\"ngg-gallery-thumbnail\">\n            <a href=\"http:\/\/www.karate-neuhofen.at\/wp-content\/gallery\/10-sommercamp-2018\/Sommercamp20181322.JPG\"\n               title=\"\"\n               data-src=\"http:\/\/www.karate-neuhofen.at\/wp-content\/gallery\/10-sommercamp-2018\/Sommercamp20181322.JPG\"\n               data-thumbnail=\"http:\/\/www.karate-neuhofen.at\/wp-content\/gallery\/10-sommercamp-2018\/thumbs\/thumbs_Sommercamp20181322.JPG\"\n               data-image-id=\"21058\"\n               data-title=\"Sommercamp2018(1322)\"\n               data-description=\"\"\n               data-image-slug=\"sommercamp20181322\"\n               class=\"shutterset_14ea2dae3d90de67c1fc228ab12416d8\">\n                <img\n                    title=\"Sommercamp2018(1322)\"\n                    alt=\"Sommercamp2018(1322)\"\n                    src=\"http:\/\/www.karate-neuhofen.at\/wp-content\/gallery\/10-sommercamp-2018\/thumbs\/thumbs_Sommercamp20181322.JPG\"\n                    width=\"240\"\n                    height=\"160\"\n                    style=\"max-width:100%;\"\n                \/>\n            <\/a>\n        <\/div>\n\t\t\t\t\t\t\t<\/div> \n\t\t\t\n        \n\t\t\t\t<div id=\"ngg-image-322\" class=\"ngg-gallery-thumbnail-box\" >\n\t\t\t\t        <div class=\"ngg-gallery-thumbnail\">\n            <a href=\"http:\/\/www.karate-neuhofen.at\/wp-content\/gallery\/10-sommercamp-2018\/Sommercamp20181323.JPG\"\n               title=\"\"\n               data-src=\"http:\/\/www.karate-neuhofen.at\/wp-content\/gallery\/10-sommercamp-2018\/Sommercamp20181323.JPG\"\n               data-thumbnail=\"http:\/\/www.karate-neuhofen.at\/wp-content\/gallery\/10-sommercamp-2018\/thumbs\/thumbs_Sommercamp20181323.JPG\"\n               data-image-id=\"21059\"\n               data-title=\"Sommercamp2018(1323)\"\n               data-description=\"\"\n               data-image-slug=\"sommercamp20181323\"\n               class=\"shutterset_14ea2dae3d90de67c1fc228ab12416d8\">\n                <img\n                    title=\"Sommercamp2018(1323)\"\n                    alt=\"Sommercamp2018(1323)\"\n                    src=\"http:\/\/www.karate-neuhofen.at\/wp-content\/gallery\/10-sommercamp-2018\/thumbs\/thumbs_Sommercamp20181323.JPG\"\n                    width=\"240\"\n                    height=\"160\"\n                    style=\"max-width:100%;\"\n                \/>\n            <\/a>\n        <\/div>\n\t\t\t\t\t\t\t<\/div> \n\t\t\t\n        \n\t\t\t\t<div id=\"ngg-image-323\" class=\"ngg-gallery-thumbnail-box\" >\n\t\t\t\t        <div class=\"ngg-gallery-thumbnail\">\n            <a href=\"http:\/\/www.karate-neuhofen.at\/wp-content\/gallery\/10-sommercamp-2018\/Sommercamp20181324.JPG\"\n               title=\"\"\n               data-src=\"http:\/\/www.karate-neuhofen.at\/wp-content\/gallery\/10-sommercamp-2018\/Sommercamp20181324.JPG\"\n               data-thumbnail=\"http:\/\/www.karate-neuhofen.at\/wp-content\/gallery\/10-sommercamp-2018\/thumbs\/thumbs_Sommercamp20181324.JPG\"\n               data-image-id=\"21060\"\n               data-title=\"Sommercamp2018(1324)\"\n               data-description=\"\"\n               data-image-slug=\"sommercamp20181324\"\n               class=\"shutterset_14ea2dae3d90de67c1fc228ab12416d8\">\n                <img\n                    title=\"Sommercamp2018(1324)\"\n                    alt=\"Sommercamp2018(1324)\"\n                    src=\"http:\/\/www.karate-neuhofen.at\/wp-content\/gallery\/10-sommercamp-2018\/thumbs\/thumbs_Sommercamp20181324.JPG\"\n                    width=\"240\"\n                    height=\"160\"\n                    style=\"max-width:100%;\"\n                \/>\n            <\/a>\n        <\/div>\n\t\t\t\t\t\t\t<\/div> \n\t\t\t\n        \n\t\t\t\t<div id=\"ngg-image-324\" class=\"ngg-gallery-thumbnail-box\" >\n\t\t\t\t        <div class=\"ngg-gallery-thumbnail\">\n            <a href=\"http:\/\/www.karate-neuhofen.at\/wp-content\/gallery\/10-sommercamp-2018\/Sommercamp20181325.JPG\"\n               title=\"\"\n               data-src=\"http:\/\/www.karate-neuhofen.at\/wp-content\/gallery\/10-sommercamp-2018\/Sommercamp20181325.JPG\"\n               data-thumbnail=\"http:\/\/www.karate-neuhofen.at\/wp-content\/gallery\/10-sommercamp-2018\/thumbs\/thumbs_Sommercamp20181325.JPG\"\n               data-image-id=\"21061\"\n               data-title=\"Sommercamp2018(1325)\"\n               data-description=\"\"\n               data-image-slug=\"sommercamp20181325\"\n               class=\"shutterset_14ea2dae3d90de67c1fc228ab12416d8\">\n                <img\n                    title=\"Sommercamp2018(1325)\"\n                    alt=\"Sommercamp2018(1325)\"\n                    src=\"http:\/\/www.karate-neuhofen.at\/wp-content\/gallery\/10-sommercamp-2018\/thumbs\/thumbs_Sommercamp20181325.JPG\"\n                    width=\"240\"\n                    height=\"160\"\n                    style=\"max-width:100%;\"\n                \/>\n            <\/a>\n        <\/div>\n\t\t\t\t\t\t\t<\/div> \n\t\t\t\n        \n\t\t\t\t<div id=\"ngg-image-325\" class=\"ngg-gallery-thumbnail-box\" >\n\t\t\t\t        <div class=\"ngg-gallery-thumbnail\">\n            <a href=\"http:\/\/www.karate-neuhofen.at\/wp-content\/gallery\/10-sommercamp-2018\/Sommercamp20181326.JPG\"\n               title=\"\"\n               data-src=\"http:\/\/www.karate-neuhofen.at\/wp-content\/gallery\/10-sommercamp-2018\/Sommercamp20181326.JPG\"\n               data-thumbnail=\"http:\/\/www.karate-neuhofen.at\/wp-content\/gallery\/10-sommercamp-2018\/thumbs\/thumbs_Sommercamp20181326.JPG\"\n               data-image-id=\"21062\"\n               data-title=\"Sommercamp2018(1326)\"\n               data-description=\"\"\n               data-image-slug=\"sommercamp20181326\"\n               class=\"shutterset_14ea2dae3d90de67c1fc228ab12416d8\">\n                <img\n                    title=\"Sommercamp2018(1326)\"\n                    alt=\"Sommercamp2018(1326)\"\n                    src=\"http:\/\/www.karate-neuhofen.at\/wp-content\/gallery\/10-sommercamp-2018\/thumbs\/thumbs_Sommercamp20181326.JPG\"\n                    width=\"240\"\n                    height=\"160\"\n                    style=\"max-width:100%;\"\n                \/>\n            <\/a>\n        <\/div>\n\t\t\t\t\t\t\t<\/div> \n\t\t\t\n        \n\t\t\t\t<div id=\"ngg-image-326\" class=\"ngg-gallery-thumbnail-box\" >\n\t\t\t\t        <div class=\"ngg-gallery-thumbnail\">\n            <a href=\"http:\/\/www.karate-neuhofen.at\/wp-content\/gallery\/10-sommercamp-2018\/Sommercamp20181327.JPG\"\n               title=\"\"\n               data-src=\"http:\/\/www.karate-neuhofen.at\/wp-content\/gallery\/10-sommercamp-2018\/Sommercamp20181327.JPG\"\n               data-thumbnail=\"http:\/\/www.karate-neuhofen.at\/wp-content\/gallery\/10-sommercamp-2018\/thumbs\/thumbs_Sommercamp20181327.JPG\"\n               data-image-id=\"21063\"\n               data-title=\"Sommercamp2018(1327)\"\n               data-description=\"\"\n               data-image-slug=\"sommercamp20181327\"\n               class=\"shutterset_14ea2dae3d90de67c1fc228ab12416d8\">\n                <img\n                    title=\"Sommercamp2018(1327)\"\n                    alt=\"Sommercamp2018(1327)\"\n                    src=\"http:\/\/www.karate-neuhofen.at\/wp-content\/gallery\/10-sommercamp-2018\/thumbs\/thumbs_Sommercamp20181327.JPG\"\n                    width=\"240\"\n                    height=\"160\"\n                    style=\"max-width:100%;\"\n                \/>\n            <\/a>\n        <\/div>\n\t\t\t\t\t\t\t<\/div> \n\t\t\t\n        \n\t\t\t\t<div id=\"ngg-image-327\" class=\"ngg-gallery-thumbnail-box\" >\n\t\t\t\t        <div class=\"ngg-gallery-thumbnail\">\n            <a href=\"http:\/\/www.karate-neuhofen.at\/wp-content\/gallery\/10-sommercamp-2018\/Sommercamp20181328.JPG\"\n               title=\"\"\n               data-src=\"http:\/\/www.karate-neuhofen.at\/wp-content\/gallery\/10-sommercamp-2018\/Sommercamp20181328.JPG\"\n               data-thumbnail=\"http:\/\/www.karate-neuhofen.at\/wp-content\/gallery\/10-sommercamp-2018\/thumbs\/thumbs_Sommercamp20181328.JPG\"\n               data-image-id=\"21064\"\n               data-title=\"Sommercamp2018(1328)\"\n               data-description=\"\"\n               data-image-slug=\"sommercamp20181328\"\n               class=\"shutterset_14ea2dae3d90de67c1fc228ab12416d8\">\n                <img\n                    title=\"Sommercamp2018(1328)\"\n                    alt=\"Sommercamp2018(1328)\"\n                    src=\"http:\/\/www.karate-neuhofen.at\/wp-content\/gallery\/10-sommercamp-2018\/thumbs\/thumbs_Sommercamp20181328.JPG\"\n                    width=\"240\"\n                    height=\"160\"\n                    style=\"max-width:100%;\"\n                \/>\n            <\/a>\n        <\/div>\n\t\t\t\t\t\t\t<\/div> \n\t\t\t\n        \n\t\t\t\t<div id=\"ngg-image-328\" class=\"ngg-gallery-thumbnail-box\" >\n\t\t\t\t        <div class=\"ngg-gallery-thumbnail\">\n            <a href=\"http:\/\/www.karate-neuhofen.at\/wp-content\/gallery\/10-sommercamp-2018\/Sommercamp20181329.JPG\"\n               title=\"\"\n               data-src=\"http:\/\/www.karate-neuhofen.at\/wp-content\/gallery\/10-sommercamp-2018\/Sommercamp20181329.JPG\"\n               data-thumbnail=\"http:\/\/www.karate-neuhofen.at\/wp-content\/gallery\/10-sommercamp-2018\/thumbs\/thumbs_Sommercamp20181329.JPG\"\n               data-image-id=\"21065\"\n               data-title=\"Sommercamp2018(1329)\"\n               data-description=\"\"\n               data-image-slug=\"sommercamp20181329\"\n               class=\"shutterset_14ea2dae3d90de67c1fc228ab12416d8\">\n                <img\n                    title=\"Sommercamp2018(1329)\"\n                    alt=\"Sommercamp2018(1329)\"\n                    src=\"http:\/\/www.karate-neuhofen.at\/wp-content\/gallery\/10-sommercamp-2018\/thumbs\/thumbs_Sommercamp20181329.JPG\"\n                    width=\"240\"\n                    height=\"160\"\n                    style=\"max-width:100%;\"\n                \/>\n            <\/a>\n        <\/div>\n\t\t\t\t\t\t\t<\/div> \n\t\t\t\n        \n\t\t\t\t<div id=\"ngg-image-329\" class=\"ngg-gallery-thumbnail-box\" >\n\t\t\t\t        <div class=\"ngg-gallery-thumbnail\">\n            <a href=\"http:\/\/www.karate-neuhofen.at\/wp-content\/gallery\/10-sommercamp-2018\/Sommercamp20181330.JPG\"\n               title=\"\"\n               data-src=\"http:\/\/www.karate-neuhofen.at\/wp-content\/gallery\/10-sommercamp-2018\/Sommercamp20181330.JPG\"\n               data-thumbnail=\"http:\/\/www.karate-neuhofen.at\/wp-content\/gallery\/10-sommercamp-2018\/thumbs\/thumbs_Sommercamp20181330.JPG\"\n               data-image-id=\"21066\"\n               data-title=\"Sommercamp2018(1330)\"\n               data-description=\"\"\n               data-image-slug=\"sommercamp20181330\"\n               class=\"shutterset_14ea2dae3d90de67c1fc228ab12416d8\">\n                <img\n                    title=\"Sommercamp2018(1330)\"\n                    alt=\"Sommercamp2018(1330)\"\n                    src=\"http:\/\/www.karate-neuhofen.at\/wp-content\/gallery\/10-sommercamp-2018\/thumbs\/thumbs_Sommercamp20181330.JPG\"\n                    width=\"240\"\n                    height=\"160\"\n                    style=\"max-width:100%;\"\n                \/>\n            <\/a>\n        <\/div>\n\t\t\t\t\t\t\t<\/div> \n\t\t\t\n        \n\t\t\t\t<div id=\"ngg-image-330\" class=\"ngg-gallery-thumbnail-box\" >\n\t\t\t\t        <div class=\"ngg-gallery-thumbnail\">\n            <a href=\"http:\/\/www.karate-neuhofen.at\/wp-content\/gallery\/10-sommercamp-2018\/Sommercamp20181331.JPG\"\n               title=\"\"\n               data-src=\"http:\/\/www.karate-neuhofen.at\/wp-content\/gallery\/10-sommercamp-2018\/Sommercamp20181331.JPG\"\n               data-thumbnail=\"http:\/\/www.karate-neuhofen.at\/wp-content\/gallery\/10-sommercamp-2018\/thumbs\/thumbs_Sommercamp20181331.JPG\"\n               data-image-id=\"21067\"\n               data-title=\"Sommercamp2018(1331)\"\n               data-description=\"\"\n               data-image-slug=\"sommercamp20181331\"\n               class=\"shutterset_14ea2dae3d90de67c1fc228ab12416d8\">\n                <img\n                    title=\"Sommercamp2018(1331)\"\n                    alt=\"Sommercamp2018(1331)\"\n                    src=\"http:\/\/www.karate-neuhofen.at\/wp-content\/gallery\/10-sommercamp-2018\/thumbs\/thumbs_Sommercamp20181331.JPG\"\n                    width=\"240\"\n                    height=\"160\"\n                    style=\"max-width:100%;\"\n                \/>\n            <\/a>\n        <\/div>\n\t\t\t\t\t\t\t<\/div> \n\t\t\t\n        \n\t\t\t\t<div id=\"ngg-image-331\" class=\"ngg-gallery-thumbnail-box\" >\n\t\t\t\t        <div class=\"ngg-gallery-thumbnail\">\n            <a href=\"http:\/\/www.karate-neuhofen.at\/wp-content\/gallery\/10-sommercamp-2018\/Sommercamp20181332.JPG\"\n               title=\"\"\n               data-src=\"http:\/\/www.karate-neuhofen.at\/wp-content\/gallery\/10-sommercamp-2018\/Sommercamp20181332.JPG\"\n               data-thumbnail=\"http:\/\/www.karate-neuhofen.at\/wp-content\/gallery\/10-sommercamp-2018\/thumbs\/thumbs_Sommercamp20181332.JPG\"\n               data-image-id=\"21068\"\n               data-title=\"Sommercamp2018(1332)\"\n               data-description=\"\"\n               data-image-slug=\"sommercamp20181332\"\n               class=\"shutterset_14ea2dae3d90de67c1fc228ab12416d8\">\n                <img\n                    title=\"Sommercamp2018(1332)\"\n                    alt=\"Sommercamp2018(1332)\"\n                    src=\"http:\/\/www.karate-neuhofen.at\/wp-content\/gallery\/10-sommercamp-2018\/thumbs\/thumbs_Sommercamp20181332.JPG\"\n                    width=\"240\"\n                    height=\"160\"\n                    style=\"max-width:100%;\"\n                \/>\n            <\/a>\n        <\/div>\n\t\t\t\t\t\t\t<\/div> \n\t\t\t\n        \n\t\t\t\t<div id=\"ngg-image-332\" class=\"ngg-gallery-thumbnail-box\" >\n\t\t\t\t        <div class=\"ngg-gallery-thumbnail\">\n            <a href=\"http:\/\/www.karate-neuhofen.at\/wp-content\/gallery\/10-sommercamp-2018\/Sommercamp20181333.JPG\"\n               title=\"\"\n               data-src=\"http:\/\/www.karate-neuhofen.at\/wp-content\/gallery\/10-sommercamp-2018\/Sommercamp20181333.JPG\"\n               data-thumbnail=\"http:\/\/www.karate-neuhofen.at\/wp-content\/gallery\/10-sommercamp-2018\/thumbs\/thumbs_Sommercamp20181333.JPG\"\n               data-image-id=\"21069\"\n               data-title=\"Sommercamp2018(1333)\"\n               data-description=\"\"\n               data-image-slug=\"sommercamp20181333\"\n               class=\"shutterset_14ea2dae3d90de67c1fc228ab12416d8\">\n                <img\n                    title=\"Sommercamp2018(1333)\"\n                    alt=\"Sommercamp2018(1333)\"\n                    src=\"http:\/\/www.karate-neuhofen.at\/wp-content\/gallery\/10-sommercamp-2018\/thumbs\/thumbs_Sommercamp20181333.JPG\"\n                    width=\"240\"\n                    height=\"160\"\n                    style=\"max-width:100%;\"\n                \/>\n            <\/a>\n        <\/div>\n\t\t\t\t\t\t\t<\/div> \n\t\t\t\n        \n\t\t\t\t<div id=\"ngg-image-333\" class=\"ngg-gallery-thumbnail-box\" >\n\t\t\t\t        <div class=\"ngg-gallery-thumbnail\">\n            <a href=\"http:\/\/www.karate-neuhofen.at\/wp-content\/gallery\/10-sommercamp-2018\/Sommercamp20181334.JPG\"\n               title=\"\"\n               data-src=\"http:\/\/www.karate-neuhofen.at\/wp-content\/gallery\/10-sommercamp-2018\/Sommercamp20181334.JPG\"\n               data-thumbnail=\"http:\/\/www.karate-neuhofen.at\/wp-content\/gallery\/10-sommercamp-2018\/thumbs\/thumbs_Sommercamp20181334.JPG\"\n               data-image-id=\"21070\"\n               data-title=\"Sommercamp2018(1334)\"\n               data-description=\"\"\n               data-image-slug=\"sommercamp20181334\"\n               class=\"shutterset_14ea2dae3d90de67c1fc228ab12416d8\">\n                <img\n                    title=\"Sommercamp2018(1334)\"\n                    alt=\"Sommercamp2018(1334)\"\n                    src=\"http:\/\/www.karate-neuhofen.at\/wp-content\/gallery\/10-sommercamp-2018\/thumbs\/thumbs_Sommercamp20181334.JPG\"\n                    width=\"240\"\n                    height=\"160\"\n                    style=\"max-width:100%;\"\n                \/>\n            <\/a>\n        <\/div>\n\t\t\t\t\t\t\t<\/div> \n\t\t\t\n        \n\t\t\t\t<div id=\"ngg-image-334\" class=\"ngg-gallery-thumbnail-box\" >\n\t\t\t\t        <div class=\"ngg-gallery-thumbnail\">\n            <a href=\"http:\/\/www.karate-neuhofen.at\/wp-content\/gallery\/10-sommercamp-2018\/Sommercamp20181335.JPG\"\n               title=\"\"\n               data-src=\"http:\/\/www.karate-neuhofen.at\/wp-content\/gallery\/10-sommercamp-2018\/Sommercamp20181335.JPG\"\n               data-thumbnail=\"http:\/\/www.karate-neuhofen.at\/wp-content\/gallery\/10-sommercamp-2018\/thumbs\/thumbs_Sommercamp20181335.JPG\"\n               data-image-id=\"21071\"\n               data-title=\"Sommercamp2018(1335)\"\n               data-description=\"\"\n               data-image-slug=\"sommercamp20181335\"\n               class=\"shutterset_14ea2dae3d90de67c1fc228ab12416d8\">\n                <img\n                    title=\"Sommercamp2018(1335)\"\n                    alt=\"Sommercamp2018(1335)\"\n                    src=\"http:\/\/www.karate-neuhofen.at\/wp-content\/gallery\/10-sommercamp-2018\/thumbs\/thumbs_Sommercamp20181335.JPG\"\n                    width=\"240\"\n                    height=\"160\"\n                    style=\"max-width:100%;\"\n                \/>\n            <\/a>\n        <\/div>\n\t\t\t\t\t\t\t<\/div> \n\t\t\t\n        \n\t\t\t\t<div id=\"ngg-image-335\" class=\"ngg-gallery-thumbnail-box\" >\n\t\t\t\t        <div class=\"ngg-gallery-thumbnail\">\n            <a href=\"http:\/\/www.karate-neuhofen.at\/wp-content\/gallery\/10-sommercamp-2018\/Sommercamp20181336.JPG\"\n               title=\"\"\n               data-src=\"http:\/\/www.karate-neuhofen.at\/wp-content\/gallery\/10-sommercamp-2018\/Sommercamp20181336.JPG\"\n               data-thumbnail=\"http:\/\/www.karate-neuhofen.at\/wp-content\/gallery\/10-sommercamp-2018\/thumbs\/thumbs_Sommercamp20181336.JPG\"\n               data-image-id=\"21072\"\n               data-title=\"Sommercamp2018(1336)\"\n               data-description=\"\"\n               data-image-slug=\"sommercamp20181336\"\n               class=\"shutterset_14ea2dae3d90de67c1fc228ab12416d8\">\n                <img\n                    title=\"Sommercamp2018(1336)\"\n                    alt=\"Sommercamp2018(1336)\"\n                    src=\"http:\/\/www.karate-neuhofen.at\/wp-content\/gallery\/10-sommercamp-2018\/thumbs\/thumbs_Sommercamp20181336.JPG\"\n                    width=\"240\"\n                    height=\"160\"\n                    style=\"max-width:100%;\"\n                \/>\n            <\/a>\n        <\/div>\n\t\t\t\t\t\t\t<\/div> \n\t\t\t\n        \n\t\t\t\t<div id=\"ngg-image-336\" class=\"ngg-gallery-thumbnail-box\" >\n\t\t\t\t        <div class=\"ngg-gallery-thumbnail\">\n            <a href=\"http:\/\/www.karate-neuhofen.at\/wp-content\/gallery\/10-sommercamp-2018\/Sommercamp20181337.JPG\"\n               title=\"\"\n               data-src=\"http:\/\/www.karate-neuhofen.at\/wp-content\/gallery\/10-sommercamp-2018\/Sommercamp20181337.JPG\"\n               data-thumbnail=\"http:\/\/www.karate-neuhofen.at\/wp-content\/gallery\/10-sommercamp-2018\/thumbs\/thumbs_Sommercamp20181337.JPG\"\n               data-image-id=\"21073\"\n               data-title=\"Sommercamp2018(1337)\"\n               data-description=\"\"\n               data-image-slug=\"sommercamp20181337\"\n               class=\"shutterset_14ea2dae3d90de67c1fc228ab12416d8\">\n                <img\n                    title=\"Sommercamp2018(1337)\"\n                    alt=\"Sommercamp2018(1337)\"\n                    src=\"http:\/\/www.karate-neuhofen.at\/wp-content\/gallery\/10-sommercamp-2018\/thumbs\/thumbs_Sommercamp20181337.JPG\"\n                    width=\"240\"\n                    height=\"160\"\n                    style=\"max-width:100%;\"\n                \/>\n            <\/a>\n        <\/div>\n\t\t\t\t\t\t\t<\/div> \n\t\t\t\n        \n\t\t\t\t<div id=\"ngg-image-337\" class=\"ngg-gallery-thumbnail-box\" >\n\t\t\t\t        <div class=\"ngg-gallery-thumbnail\">\n            <a href=\"http:\/\/www.karate-neuhofen.at\/wp-content\/gallery\/10-sommercamp-2018\/Sommercamp20181338.JPG\"\n               title=\"\"\n               data-src=\"http:\/\/www.karate-neuhofen.at\/wp-content\/gallery\/10-sommercamp-2018\/Sommercamp20181338.JPG\"\n               data-thumbnail=\"http:\/\/www.karate-neuhofen.at\/wp-content\/gallery\/10-sommercamp-2018\/thumbs\/thumbs_Sommercamp20181338.JPG\"\n               data-image-id=\"21074\"\n               data-title=\"Sommercamp2018(1338)\"\n               data-description=\"\"\n               data-image-slug=\"sommercamp20181338\"\n               class=\"shutterset_14ea2dae3d90de67c1fc228ab12416d8\">\n                <img\n                    title=\"Sommercamp2018(1338)\"\n                    alt=\"Sommercamp2018(1338)\"\n                    src=\"http:\/\/www.karate-neuhofen.at\/wp-content\/gallery\/10-sommercamp-2018\/thumbs\/thumbs_Sommercamp20181338.JPG\"\n                    width=\"240\"\n                    height=\"160\"\n                    style=\"max-width:100%;\"\n                \/>\n            <\/a>\n        <\/div>\n\t\t\t\t\t\t\t<\/div> \n\t\t\t\n        \n\t\t\t\t<div id=\"ngg-image-338\" class=\"ngg-gallery-thumbnail-box\" >\n\t\t\t\t        <div class=\"ngg-gallery-thumbnail\">\n            <a href=\"http:\/\/www.karate-neuhofen.at\/wp-content\/gallery\/10-sommercamp-2018\/Sommercamp20181339.JPG\"\n               title=\"\"\n               data-src=\"http:\/\/www.karate-neuhofen.at\/wp-content\/gallery\/10-sommercamp-2018\/Sommercamp20181339.JPG\"\n               data-thumbnail=\"http:\/\/www.karate-neuhofen.at\/wp-content\/gallery\/10-sommercamp-2018\/thumbs\/thumbs_Sommercamp20181339.JPG\"\n               data-image-id=\"21075\"\n               data-title=\"Sommercamp2018(1339)\"\n               data-description=\"\"\n               data-image-slug=\"sommercamp20181339\"\n               class=\"shutterset_14ea2dae3d90de67c1fc228ab12416d8\">\n                <img\n                    title=\"Sommercamp2018(1339)\"\n                    alt=\"Sommercamp2018(1339)\"\n                    src=\"http:\/\/www.karate-neuhofen.at\/wp-content\/gallery\/10-sommercamp-2018\/thumbs\/thumbs_Sommercamp20181339.JPG\"\n                    width=\"240\"\n                    height=\"160\"\n                    style=\"max-width:100%;\"\n                \/>\n            <\/a>\n        <\/div>\n\t\t\t\t\t\t\t<\/div> \n\t\t\t\n        \n\t\t\t\t<div id=\"ngg-image-339\" class=\"ngg-gallery-thumbnail-box\" >\n\t\t\t\t        <div class=\"ngg-gallery-thumbnail\">\n            <a href=\"http:\/\/www.karate-neuhofen.at\/wp-content\/gallery\/10-sommercamp-2018\/Sommercamp20181340.JPG\"\n               title=\"\"\n               data-src=\"http:\/\/www.karate-neuhofen.at\/wp-content\/gallery\/10-sommercamp-2018\/Sommercamp20181340.JPG\"\n               data-thumbnail=\"http:\/\/www.karate-neuhofen.at\/wp-content\/gallery\/10-sommercamp-2018\/thumbs\/thumbs_Sommercamp20181340.JPG\"\n               data-image-id=\"21076\"\n               data-title=\"Sommercamp2018(1340)\"\n               data-description=\"\"\n               data-image-slug=\"sommercamp20181340\"\n               class=\"shutterset_14ea2dae3d90de67c1fc228ab12416d8\">\n                <img\n                    title=\"Sommercamp2018(1340)\"\n                    alt=\"Sommercamp2018(1340)\"\n                    src=\"http:\/\/www.karate-neuhofen.at\/wp-content\/gallery\/10-sommercamp-2018\/thumbs\/thumbs_Sommercamp20181340.JPG\"\n                    width=\"240\"\n                    height=\"160\"\n                    style=\"max-width:100%;\"\n                \/>\n            <\/a>\n        <\/div>\n\t\t\t\t\t\t\t<\/div> \n\t\t\t\n        \n\t\t\t\t<div id=\"ngg-image-340\" class=\"ngg-gallery-thumbnail-box\" >\n\t\t\t\t        <div class=\"ngg-gallery-thumbnail\">\n            <a href=\"http:\/\/www.karate-neuhofen.at\/wp-content\/gallery\/10-sommercamp-2018\/Sommercamp20181341.JPG\"\n               title=\"\"\n               data-src=\"http:\/\/www.karate-neuhofen.at\/wp-content\/gallery\/10-sommercamp-2018\/Sommercamp20181341.JPG\"\n               data-thumbnail=\"http:\/\/www.karate-neuhofen.at\/wp-content\/gallery\/10-sommercamp-2018\/thumbs\/thumbs_Sommercamp20181341.JPG\"\n               data-image-id=\"21077\"\n               data-title=\"Sommercamp2018(1341)\"\n               data-description=\"\"\n               data-image-slug=\"sommercamp20181341\"\n               class=\"shutterset_14ea2dae3d90de67c1fc228ab12416d8\">\n                <img\n                    title=\"Sommercamp2018(1341)\"\n                    alt=\"Sommercamp2018(1341)\"\n                    src=\"http:\/\/www.karate-neuhofen.at\/wp-content\/gallery\/10-sommercamp-2018\/thumbs\/thumbs_Sommercamp20181341.JPG\"\n                    width=\"240\"\n                    height=\"160\"\n                    style=\"max-width:100%;\"\n                \/>\n            <\/a>\n        <\/div>\n\t\t\t\t\t\t\t<\/div> \n\t\t\t\n        \n\t\t\t\t<div id=\"ngg-image-341\" class=\"ngg-gallery-thumbnail-box\" >\n\t\t\t\t        <div class=\"ngg-gallery-thumbnail\">\n            <a href=\"http:\/\/www.karate-neuhofen.at\/wp-content\/gallery\/10-sommercamp-2018\/Sommercamp20181342.JPG\"\n               title=\"\"\n               data-src=\"http:\/\/www.karate-neuhofen.at\/wp-content\/gallery\/10-sommercamp-2018\/Sommercamp20181342.JPG\"\n               data-thumbnail=\"http:\/\/www.karate-neuhofen.at\/wp-content\/gallery\/10-sommercamp-2018\/thumbs\/thumbs_Sommercamp20181342.JPG\"\n               data-image-id=\"21078\"\n               data-title=\"Sommercamp2018(1342)\"\n               data-description=\"\"\n               data-image-slug=\"sommercamp20181342\"\n               class=\"shutterset_14ea2dae3d90de67c1fc228ab12416d8\">\n                <img\n                    title=\"Sommercamp2018(1342)\"\n                    alt=\"Sommercamp2018(1342)\"\n                    src=\"http:\/\/www.karate-neuhofen.at\/wp-content\/gallery\/10-sommercamp-2018\/thumbs\/thumbs_Sommercamp20181342.JPG\"\n                    width=\"240\"\n                    height=\"160\"\n                    style=\"max-width:100%;\"\n                \/>\n            <\/a>\n        <\/div>\n\t\t\t\t\t\t\t<\/div> \n\t\t\t\n        \n\t\t\t\t<div id=\"ngg-image-342\" class=\"ngg-gallery-thumbnail-box\" >\n\t\t\t\t        <div class=\"ngg-gallery-thumbnail\">\n            <a href=\"http:\/\/www.karate-neuhofen.at\/wp-content\/gallery\/10-sommercamp-2018\/Sommercamp20181343.JPG\"\n               title=\"\"\n               data-src=\"http:\/\/www.karate-neuhofen.at\/wp-content\/gallery\/10-sommercamp-2018\/Sommercamp20181343.JPG\"\n               data-thumbnail=\"http:\/\/www.karate-neuhofen.at\/wp-content\/gallery\/10-sommercamp-2018\/thumbs\/thumbs_Sommercamp20181343.JPG\"\n               data-image-id=\"21079\"\n               data-title=\"Sommercamp2018(1343)\"\n               data-description=\"\"\n               data-image-slug=\"sommercamp20181343\"\n               class=\"shutterset_14ea2dae3d90de67c1fc228ab12416d8\">\n                <img\n                    title=\"Sommercamp2018(1343)\"\n                    alt=\"Sommercamp2018(1343)\"\n                    src=\"http:\/\/www.karate-neuhofen.at\/wp-content\/gallery\/10-sommercamp-2018\/thumbs\/thumbs_Sommercamp20181343.JPG\"\n                    width=\"240\"\n                    height=\"160\"\n                    style=\"max-width:100%;\"\n                \/>\n            <\/a>\n        <\/div>\n\t\t\t\t\t\t\t<\/div> \n\t\t\t\n        \n\t\t\t\t<div id=\"ngg-image-343\" class=\"ngg-gallery-thumbnail-box\" >\n\t\t\t\t        <div class=\"ngg-gallery-thumbnail\">\n            <a href=\"http:\/\/www.karate-neuhofen.at\/wp-content\/gallery\/10-sommercamp-2018\/Sommercamp20181344.JPG\"\n               title=\"\"\n               data-src=\"http:\/\/www.karate-neuhofen.at\/wp-content\/gallery\/10-sommercamp-2018\/Sommercamp20181344.JPG\"\n               data-thumbnail=\"http:\/\/www.karate-neuhofen.at\/wp-content\/gallery\/10-sommercamp-2018\/thumbs\/thumbs_Sommercamp20181344.JPG\"\n               data-image-id=\"21080\"\n               data-title=\"Sommercamp2018(1344)\"\n               data-description=\"\"\n               data-image-slug=\"sommercamp20181344\"\n               class=\"shutterset_14ea2dae3d90de67c1fc228ab12416d8\">\n                <img\n                    title=\"Sommercamp2018(1344)\"\n                    alt=\"Sommercamp2018(1344)\"\n                    src=\"http:\/\/www.karate-neuhofen.at\/wp-content\/gallery\/10-sommercamp-2018\/thumbs\/thumbs_Sommercamp20181344.JPG\"\n                    width=\"240\"\n                    height=\"160\"\n                    style=\"max-width:100%;\"\n                \/>\n            <\/a>\n        <\/div>\n\t\t\t\t\t\t\t<\/div> \n\t\t\t\n        \n\t\t\t\t<div id=\"ngg-image-344\" class=\"ngg-gallery-thumbnail-box\" >\n\t\t\t\t        <div class=\"ngg-gallery-thumbnail\">\n            <a href=\"http:\/\/www.karate-neuhofen.at\/wp-content\/gallery\/10-sommercamp-2018\/Sommercamp20181345.JPG\"\n               title=\"\"\n               data-src=\"http:\/\/www.karate-neuhofen.at\/wp-content\/gallery\/10-sommercamp-2018\/Sommercamp20181345.JPG\"\n               data-thumbnail=\"http:\/\/www.karate-neuhofen.at\/wp-content\/gallery\/10-sommercamp-2018\/thumbs\/thumbs_Sommercamp20181345.JPG\"\n               data-image-id=\"21081\"\n               data-title=\"Sommercamp2018(1345)\"\n               data-description=\"\"\n               data-image-slug=\"sommercamp20181345\"\n               class=\"shutterset_14ea2dae3d90de67c1fc228ab12416d8\">\n                <img\n                    title=\"Sommercamp2018(1345)\"\n                    alt=\"Sommercamp2018(1345)\"\n                    src=\"http:\/\/www.karate-neuhofen.at\/wp-content\/gallery\/10-sommercamp-2018\/thumbs\/thumbs_Sommercamp20181345.JPG\"\n                    width=\"240\"\n                    height=\"160\"\n                    style=\"max-width:100%;\"\n                \/>\n            <\/a>\n        <\/div>\n\t\t\t\t\t\t\t<\/div> \n\t\t\t\n        \n\t\t\t\t<div id=\"ngg-image-345\" class=\"ngg-gallery-thumbnail-box\" >\n\t\t\t\t        <div class=\"ngg-gallery-thumbnail\">\n            <a href=\"http:\/\/www.karate-neuhofen.at\/wp-content\/gallery\/10-sommercamp-2018\/Sommercamp20181346.JPG\"\n               title=\"\"\n               data-src=\"http:\/\/www.karate-neuhofen.at\/wp-content\/gallery\/10-sommercamp-2018\/Sommercamp20181346.JPG\"\n               data-thumbnail=\"http:\/\/www.karate-neuhofen.at\/wp-content\/gallery\/10-sommercamp-2018\/thumbs\/thumbs_Sommercamp20181346.JPG\"\n               data-image-id=\"21082\"\n               data-title=\"Sommercamp2018(1346)\"\n               data-description=\"\"\n               data-image-slug=\"sommercamp20181346\"\n               class=\"shutterset_14ea2dae3d90de67c1fc228ab12416d8\">\n                <img\n                    title=\"Sommercamp2018(1346)\"\n                    alt=\"Sommercamp2018(1346)\"\n                    src=\"http:\/\/www.karate-neuhofen.at\/wp-content\/gallery\/10-sommercamp-2018\/thumbs\/thumbs_Sommercamp20181346.JPG\"\n                    width=\"240\"\n                    height=\"160\"\n                    style=\"max-width:100%;\"\n                \/>\n            <\/a>\n        <\/div>\n\t\t\t\t\t\t\t<\/div> \n\t\t\t\n        \n\t\t\t\t<div id=\"ngg-image-346\" class=\"ngg-gallery-thumbnail-box\" >\n\t\t\t\t        <div class=\"ngg-gallery-thumbnail\">\n            <a href=\"http:\/\/www.karate-neuhofen.at\/wp-content\/gallery\/10-sommercamp-2018\/Sommercamp20181347.JPG\"\n               title=\"\"\n               data-src=\"http:\/\/www.karate-neuhofen.at\/wp-content\/gallery\/10-sommercamp-2018\/Sommercamp20181347.JPG\"\n               data-thumbnail=\"http:\/\/www.karate-neuhofen.at\/wp-content\/gallery\/10-sommercamp-2018\/thumbs\/thumbs_Sommercamp20181347.JPG\"\n               data-image-id=\"21083\"\n               data-title=\"Sommercamp2018(1347)\"\n               data-description=\"\"\n               data-image-slug=\"sommercamp20181347\"\n               class=\"shutterset_14ea2dae3d90de67c1fc228ab12416d8\">\n                <img\n                    title=\"Sommercamp2018(1347)\"\n                    alt=\"Sommercamp2018(1347)\"\n                    src=\"http:\/\/www.karate-neuhofen.at\/wp-content\/gallery\/10-sommercamp-2018\/thumbs\/thumbs_Sommercamp20181347.JPG\"\n                    width=\"240\"\n                    height=\"160\"\n                    style=\"max-width:100%;\"\n                \/>\n            <\/a>\n        <\/div>\n\t\t\t\t\t\t\t<\/div> \n\t\t\t\n        \n\t\t\t\t<div id=\"ngg-image-347\" class=\"ngg-gallery-thumbnail-box\" >\n\t\t\t\t        <div class=\"ngg-gallery-thumbnail\">\n            <a href=\"http:\/\/www.karate-neuhofen.at\/wp-content\/gallery\/10-sommercamp-2018\/Sommercamp20181348.JPG\"\n               title=\"\"\n               data-src=\"http:\/\/www.karate-neuhofen.at\/wp-content\/gallery\/10-sommercamp-2018\/Sommercamp20181348.JPG\"\n               data-thumbnail=\"http:\/\/www.karate-neuhofen.at\/wp-content\/gallery\/10-sommercamp-2018\/thumbs\/thumbs_Sommercamp20181348.JPG\"\n               data-image-id=\"21084\"\n               data-title=\"Sommercamp2018(1348)\"\n               data-description=\"\"\n               data-image-slug=\"sommercamp20181348\"\n               class=\"shutterset_14ea2dae3d90de67c1fc228ab12416d8\">\n                <img\n                    title=\"Sommercamp2018(1348)\"\n                    alt=\"Sommercamp2018(1348)\"\n                    src=\"http:\/\/www.karate-neuhofen.at\/wp-content\/gallery\/10-sommercamp-2018\/thumbs\/thumbs_Sommercamp20181348.JPG\"\n                    width=\"240\"\n                    height=\"160\"\n                    style=\"max-width:100%;\"\n                \/>\n            <\/a>\n        <\/div>\n\t\t\t\t\t\t\t<\/div> \n\t\t\t\n        \n\t\t\t\t<div id=\"ngg-image-348\" class=\"ngg-gallery-thumbnail-box\" >\n\t\t\t\t        <div class=\"ngg-gallery-thumbnail\">\n            <a href=\"http:\/\/www.karate-neuhofen.at\/wp-content\/gallery\/10-sommercamp-2018\/Sommercamp20181349.JPG\"\n               title=\"\"\n               data-src=\"http:\/\/www.karate-neuhofen.at\/wp-content\/gallery\/10-sommercamp-2018\/Sommercamp20181349.JPG\"\n               data-thumbnail=\"http:\/\/www.karate-neuhofen.at\/wp-content\/gallery\/10-sommercamp-2018\/thumbs\/thumbs_Sommercamp20181349.JPG\"\n               data-image-id=\"21085\"\n               data-title=\"Sommercamp2018(1349)\"\n               data-description=\"\"\n               data-image-slug=\"sommercamp20181349\"\n               class=\"shutterset_14ea2dae3d90de67c1fc228ab12416d8\">\n                <img\n                    title=\"Sommercamp2018(1349)\"\n                    alt=\"Sommercamp2018(1349)\"\n                    src=\"http:\/\/www.karate-neuhofen.at\/wp-content\/gallery\/10-sommercamp-2018\/thumbs\/thumbs_Sommercamp20181349.JPG\"\n                    width=\"240\"\n                    height=\"160\"\n                    style=\"max-width:100%;\"\n                \/>\n            <\/a>\n        <\/div>\n\t\t\t\t\t\t\t<\/div> \n\t\t\t\n        \n\t\t\t\t<div id=\"ngg-image-349\" class=\"ngg-gallery-thumbnail-box\" >\n\t\t\t\t        <div class=\"ngg-gallery-thumbnail\">\n            <a href=\"http:\/\/www.karate-neuhofen.at\/wp-content\/gallery\/10-sommercamp-2018\/Sommercamp20181350.JPG\"\n               title=\"\"\n               data-src=\"http:\/\/www.karate-neuhofen.at\/wp-content\/gallery\/10-sommercamp-2018\/Sommercamp20181350.JPG\"\n               data-thumbnail=\"http:\/\/www.karate-neuhofen.at\/wp-content\/gallery\/10-sommercamp-2018\/thumbs\/thumbs_Sommercamp20181350.JPG\"\n               data-image-id=\"21086\"\n               data-title=\"Sommercamp2018(1350)\"\n               data-description=\"\"\n               data-image-slug=\"sommercamp20181350\"\n               class=\"shutterset_14ea2dae3d90de67c1fc228ab12416d8\">\n                <img\n                    title=\"Sommercamp2018(1350)\"\n                    alt=\"Sommercamp2018(1350)\"\n                    src=\"http:\/\/www.karate-neuhofen.at\/wp-content\/gallery\/10-sommercamp-2018\/thumbs\/thumbs_Sommercamp20181350.JPG\"\n                    width=\"240\"\n                    height=\"160\"\n                    style=\"max-width:100%;\"\n                \/>\n            <\/a>\n        <\/div>\n\t\t\t\t\t\t\t<\/div> \n\t\t\t\n        \n\t\t\t\t<div id=\"ngg-image-350\" class=\"ngg-gallery-thumbnail-box\" >\n\t\t\t\t        <div class=\"ngg-gallery-thumbnail\">\n            <a href=\"http:\/\/www.karate-neuhofen.at\/wp-content\/gallery\/10-sommercamp-2018\/Sommercamp20181351.JPG\"\n               title=\"\"\n               data-src=\"http:\/\/www.karate-neuhofen.at\/wp-content\/gallery\/10-sommercamp-2018\/Sommercamp20181351.JPG\"\n               data-thumbnail=\"http:\/\/www.karate-neuhofen.at\/wp-content\/gallery\/10-sommercamp-2018\/thumbs\/thumbs_Sommercamp20181351.JPG\"\n               data-image-id=\"21087\"\n               data-title=\"Sommercamp2018(1351)\"\n               data-description=\"\"\n               data-image-slug=\"sommercamp20181351\"\n               class=\"shutterset_14ea2dae3d90de67c1fc228ab12416d8\">\n                <img\n                    title=\"Sommercamp2018(1351)\"\n                    alt=\"Sommercamp2018(1351)\"\n                    src=\"http:\/\/www.karate-neuhofen.at\/wp-content\/gallery\/10-sommercamp-2018\/thumbs\/thumbs_Sommercamp20181351.JPG\"\n                    width=\"240\"\n                    height=\"160\"\n                    style=\"max-width:100%;\"\n                \/>\n            <\/a>\n        <\/div>\n\t\t\t\t\t\t\t<\/div> \n\t\t\t\n        \n\t\t\t\t<div id=\"ngg-image-351\" class=\"ngg-gallery-thumbnail-box\" >\n\t\t\t\t        <div class=\"ngg-gallery-thumbnail\">\n            <a href=\"http:\/\/www.karate-neuhofen.at\/wp-content\/gallery\/10-sommercamp-2018\/Sommercamp20181352.JPG\"\n               title=\"\"\n               data-src=\"http:\/\/www.karate-neuhofen.at\/wp-content\/gallery\/10-sommercamp-2018\/Sommercamp20181352.JPG\"\n               data-thumbnail=\"http:\/\/www.karate-neuhofen.at\/wp-content\/gallery\/10-sommercamp-2018\/thumbs\/thumbs_Sommercamp20181352.JPG\"\n               data-image-id=\"21088\"\n               data-title=\"Sommercamp2018(1352)\"\n               data-description=\"\"\n               data-image-slug=\"sommercamp20181352\"\n               class=\"shutterset_14ea2dae3d90de67c1fc228ab12416d8\">\n                <img\n                    title=\"Sommercamp2018(1352)\"\n                    alt=\"Sommercamp2018(1352)\"\n                    src=\"http:\/\/www.karate-neuhofen.at\/wp-content\/gallery\/10-sommercamp-2018\/thumbs\/thumbs_Sommercamp20181352.JPG\"\n                    width=\"240\"\n                    height=\"160\"\n                    style=\"max-width:100%;\"\n                \/>\n            <\/a>\n        <\/div>\n\t\t\t\t\t\t\t<\/div> \n\t\t\t\n        \n\t\t\t\t<div id=\"ngg-image-352\" class=\"ngg-gallery-thumbnail-box\" >\n\t\t\t\t        <div class=\"ngg-gallery-thumbnail\">\n            <a href=\"http:\/\/www.karate-neuhofen.at\/wp-content\/gallery\/10-sommercamp-2018\/Sommercamp20181353.JPG\"\n               title=\"\"\n               data-src=\"http:\/\/www.karate-neuhofen.at\/wp-content\/gallery\/10-sommercamp-2018\/Sommercamp20181353.JPG\"\n               data-thumbnail=\"http:\/\/www.karate-neuhofen.at\/wp-content\/gallery\/10-sommercamp-2018\/thumbs\/thumbs_Sommercamp20181353.JPG\"\n               data-image-id=\"21089\"\n               data-title=\"Sommercamp2018(1353)\"\n               data-description=\"\"\n               data-image-slug=\"sommercamp20181353\"\n               class=\"shutterset_14ea2dae3d90de67c1fc228ab12416d8\">\n                <img\n                    title=\"Sommercamp2018(1353)\"\n                    alt=\"Sommercamp2018(1353)\"\n                    src=\"http:\/\/www.karate-neuhofen.at\/wp-content\/gallery\/10-sommercamp-2018\/thumbs\/thumbs_Sommercamp20181353.JPG\"\n                    width=\"240\"\n                    height=\"160\"\n                    style=\"max-width:100%;\"\n                \/>\n            <\/a>\n        <\/div>\n\t\t\t\t\t\t\t<\/div> \n\t\t\t\n        \n\t\t\t\t<div id=\"ngg-image-353\" class=\"ngg-gallery-thumbnail-box\" >\n\t\t\t\t        <div class=\"ngg-gallery-thumbnail\">\n            <a href=\"http:\/\/www.karate-neuhofen.at\/wp-content\/gallery\/10-sommercamp-2018\/Sommercamp20181354.JPG\"\n               title=\"\"\n               data-src=\"http:\/\/www.karate-neuhofen.at\/wp-content\/gallery\/10-sommercamp-2018\/Sommercamp20181354.JPG\"\n               data-thumbnail=\"http:\/\/www.karate-neuhofen.at\/wp-content\/gallery\/10-sommercamp-2018\/thumbs\/thumbs_Sommercamp20181354.JPG\"\n               data-image-id=\"21090\"\n               data-title=\"Sommercamp2018(1354)\"\n               data-description=\"\"\n               data-image-slug=\"sommercamp20181354\"\n               class=\"shutterset_14ea2dae3d90de67c1fc228ab12416d8\">\n                <img\n                    title=\"Sommercamp2018(1354)\"\n                    alt=\"Sommercamp2018(1354)\"\n                    src=\"http:\/\/www.karate-neuhofen.at\/wp-content\/gallery\/10-sommercamp-2018\/thumbs\/thumbs_Sommercamp20181354.JPG\"\n                    width=\"240\"\n                    height=\"160\"\n                    style=\"max-width:100%;\"\n                \/>\n            <\/a>\n        <\/div>\n\t\t\t\t\t\t\t<\/div> \n\t\t\t\n        \n\t\t\t\t<div id=\"ngg-image-354\" class=\"ngg-gallery-thumbnail-box\" >\n\t\t\t\t        <div class=\"ngg-gallery-thumbnail\">\n            <a href=\"http:\/\/www.karate-neuhofen.at\/wp-content\/gallery\/10-sommercamp-2018\/Sommercamp20181355.JPG\"\n               title=\"\"\n               data-src=\"http:\/\/www.karate-neuhofen.at\/wp-content\/gallery\/10-sommercamp-2018\/Sommercamp20181355.JPG\"\n               data-thumbnail=\"http:\/\/www.karate-neuhofen.at\/wp-content\/gallery\/10-sommercamp-2018\/thumbs\/thumbs_Sommercamp20181355.JPG\"\n               data-image-id=\"21091\"\n               data-title=\"Sommercamp2018(1355)\"\n               data-description=\"\"\n               data-image-slug=\"sommercamp20181355\"\n               class=\"shutterset_14ea2dae3d90de67c1fc228ab12416d8\">\n                <img\n                    title=\"Sommercamp2018(1355)\"\n                    alt=\"Sommercamp2018(1355)\"\n                    src=\"http:\/\/www.karate-neuhofen.at\/wp-content\/gallery\/10-sommercamp-2018\/thumbs\/thumbs_Sommercamp20181355.JPG\"\n                    width=\"240\"\n                    height=\"160\"\n                    style=\"max-width:100%;\"\n                \/>\n            <\/a>\n        <\/div>\n\t\t\t\t\t\t\t<\/div> \n\t\t\t\n        \n\t\t\t\t<div id=\"ngg-image-355\" class=\"ngg-gallery-thumbnail-box\" >\n\t\t\t\t        <div class=\"ngg-gallery-thumbnail\">\n            <a href=\"http:\/\/www.karate-neuhofen.at\/wp-content\/gallery\/10-sommercamp-2018\/Sommercamp20181356.JPG\"\n               title=\"\"\n               data-src=\"http:\/\/www.karate-neuhofen.at\/wp-content\/gallery\/10-sommercamp-2018\/Sommercamp20181356.JPG\"\n               data-thumbnail=\"http:\/\/www.karate-neuhofen.at\/wp-content\/gallery\/10-sommercamp-2018\/thumbs\/thumbs_Sommercamp20181356.JPG\"\n               data-image-id=\"21092\"\n               data-title=\"Sommercamp2018(1356)\"\n               data-description=\"\"\n               data-image-slug=\"sommercamp20181356\"\n               class=\"shutterset_14ea2dae3d90de67c1fc228ab12416d8\">\n                <img\n                    title=\"Sommercamp2018(1356)\"\n                    alt=\"Sommercamp2018(1356)\"\n                    src=\"http:\/\/www.karate-neuhofen.at\/wp-content\/gallery\/10-sommercamp-2018\/thumbs\/thumbs_Sommercamp20181356.JPG\"\n                    width=\"240\"\n                    height=\"160\"\n                    style=\"max-width:100%;\"\n                \/>\n            <\/a>\n        <\/div>\n\t\t\t\t\t\t\t<\/div> \n\t\t\t\n        \n\t\t\t\t<div id=\"ngg-image-356\" class=\"ngg-gallery-thumbnail-box\" >\n\t\t\t\t        <div class=\"ngg-gallery-thumbnail\">\n            <a href=\"http:\/\/www.karate-neuhofen.at\/wp-content\/gallery\/10-sommercamp-2018\/Sommercamp20181357.JPG\"\n               title=\"\"\n               data-src=\"http:\/\/www.karate-neuhofen.at\/wp-content\/gallery\/10-sommercamp-2018\/Sommercamp20181357.JPG\"\n               data-thumbnail=\"http:\/\/www.karate-neuhofen.at\/wp-content\/gallery\/10-sommercamp-2018\/thumbs\/thumbs_Sommercamp20181357.JPG\"\n               data-image-id=\"21093\"\n               data-title=\"Sommercamp2018(1357)\"\n               data-description=\"\"\n               data-image-slug=\"sommercamp20181357\"\n               class=\"shutterset_14ea2dae3d90de67c1fc228ab12416d8\">\n                <img\n                    title=\"Sommercamp2018(1357)\"\n                    alt=\"Sommercamp2018(1357)\"\n                    src=\"http:\/\/www.karate-neuhofen.at\/wp-content\/gallery\/10-sommercamp-2018\/thumbs\/thumbs_Sommercamp20181357.JPG\"\n                    width=\"240\"\n                    height=\"160\"\n                    style=\"max-width:100%;\"\n                \/>\n            <\/a>\n        <\/div>\n\t\t\t\t\t\t\t<\/div> \n\t\t\t\n        \n\t\t\t\t<div id=\"ngg-image-357\" class=\"ngg-gallery-thumbnail-box\" >\n\t\t\t\t        <div class=\"ngg-gallery-thumbnail\">\n            <a href=\"http:\/\/www.karate-neuhofen.at\/wp-content\/gallery\/10-sommercamp-2018\/Sommercamp20181358.JPG\"\n               title=\"\"\n               data-src=\"http:\/\/www.karate-neuhofen.at\/wp-content\/gallery\/10-sommercamp-2018\/Sommercamp20181358.JPG\"\n               data-thumbnail=\"http:\/\/www.karate-neuhofen.at\/wp-content\/gallery\/10-sommercamp-2018\/thumbs\/thumbs_Sommercamp20181358.JPG\"\n               data-image-id=\"21094\"\n               data-title=\"Sommercamp2018(1358)\"\n               data-description=\"\"\n               data-image-slug=\"sommercamp20181358\"\n               class=\"shutterset_14ea2dae3d90de67c1fc228ab12416d8\">\n                <img\n                    title=\"Sommercamp2018(1358)\"\n                    alt=\"Sommercamp2018(1358)\"\n                    src=\"http:\/\/www.karate-neuhofen.at\/wp-content\/gallery\/10-sommercamp-2018\/thumbs\/thumbs_Sommercamp20181358.JPG\"\n                    width=\"240\"\n                    height=\"160\"\n                    style=\"max-width:100%;\"\n                \/>\n            <\/a>\n        <\/div>\n\t\t\t\t\t\t\t<\/div> \n\t\t\t\n        \n\t\t\t\t<div id=\"ngg-image-358\" class=\"ngg-gallery-thumbnail-box\" >\n\t\t\t\t        <div class=\"ngg-gallery-thumbnail\">\n            <a href=\"http:\/\/www.karate-neuhofen.at\/wp-content\/gallery\/10-sommercamp-2018\/Sommercamp20181359.JPG\"\n               title=\"\"\n               data-src=\"http:\/\/www.karate-neuhofen.at\/wp-content\/gallery\/10-sommercamp-2018\/Sommercamp20181359.JPG\"\n               data-thumbnail=\"http:\/\/www.karate-neuhofen.at\/wp-content\/gallery\/10-sommercamp-2018\/thumbs\/thumbs_Sommercamp20181359.JPG\"\n               data-image-id=\"21095\"\n               data-title=\"Sommercamp2018(1359)\"\n               data-description=\"\"\n               data-image-slug=\"sommercamp20181359\"\n               class=\"shutterset_14ea2dae3d90de67c1fc228ab12416d8\">\n                <img\n                    title=\"Sommercamp2018(1359)\"\n                    alt=\"Sommercamp2018(1359)\"\n                    src=\"http:\/\/www.karate-neuhofen.at\/wp-content\/gallery\/10-sommercamp-2018\/thumbs\/thumbs_Sommercamp20181359.JPG\"\n                    width=\"240\"\n                    height=\"160\"\n                    style=\"max-width:100%;\"\n                \/>\n            <\/a>\n        <\/div>\n\t\t\t\t\t\t\t<\/div> \n\t\t\t\n        \n\t\t\t\t<div id=\"ngg-image-359\" class=\"ngg-gallery-thumbnail-box\" >\n\t\t\t\t        <div class=\"ngg-gallery-thumbnail\">\n            <a href=\"http:\/\/www.karate-neuhofen.at\/wp-content\/gallery\/10-sommercamp-2018\/Sommercamp20181360.JPG\"\n               title=\"\"\n               data-src=\"http:\/\/www.karate-neuhofen.at\/wp-content\/gallery\/10-sommercamp-2018\/Sommercamp20181360.JPG\"\n               data-thumbnail=\"http:\/\/www.karate-neuhofen.at\/wp-content\/gallery\/10-sommercamp-2018\/thumbs\/thumbs_Sommercamp20181360.JPG\"\n               data-image-id=\"21096\"\n               data-title=\"Sommercamp2018(1360)\"\n               data-description=\"\"\n               data-image-slug=\"sommercamp20181360\"\n               class=\"shutterset_14ea2dae3d90de67c1fc228ab12416d8\">\n                <img\n                    title=\"Sommercamp2018(1360)\"\n                    alt=\"Sommercamp2018(1360)\"\n                    src=\"http:\/\/www.karate-neuhofen.at\/wp-content\/gallery\/10-sommercamp-2018\/thumbs\/thumbs_Sommercamp20181360.JPG\"\n                    width=\"240\"\n                    height=\"160\"\n                    style=\"max-width:100%;\"\n                \/>\n            <\/a>\n        <\/div>\n\t\t\t\t\t\t\t<\/div> \n\t\t\t\n        \n\t\t\t\t<div id=\"ngg-image-360\" class=\"ngg-gallery-thumbnail-box\" >\n\t\t\t\t        <div class=\"ngg-gallery-thumbnail\">\n            <a href=\"http:\/\/www.karate-neuhofen.at\/wp-content\/gallery\/10-sommercamp-2018\/Sommercamp20181361.JPG\"\n               title=\"\"\n               data-src=\"http:\/\/www.karate-neuhofen.at\/wp-content\/gallery\/10-sommercamp-2018\/Sommercamp20181361.JPG\"\n               data-thumbnail=\"http:\/\/www.karate-neuhofen.at\/wp-content\/gallery\/10-sommercamp-2018\/thumbs\/thumbs_Sommercamp20181361.JPG\"\n               data-image-id=\"21097\"\n               data-title=\"Sommercamp2018(1361)\"\n               data-description=\"\"\n               data-image-slug=\"sommercamp20181361\"\n               class=\"shutterset_14ea2dae3d90de67c1fc228ab12416d8\">\n                <img\n                    title=\"Sommercamp2018(1361)\"\n                    alt=\"Sommercamp2018(1361)\"\n                    src=\"http:\/\/www.karate-neuhofen.at\/wp-content\/gallery\/10-sommercamp-2018\/thumbs\/thumbs_Sommercamp20181361.JPG\"\n                    width=\"240\"\n                    height=\"160\"\n                    style=\"max-width:100%;\"\n                \/>\n            <\/a>\n        <\/div>\n\t\t\t\t\t\t\t<\/div> \n\t\t\t\n        \n\t\t\t\t<div id=\"ngg-image-361\" class=\"ngg-gallery-thumbnail-box\" >\n\t\t\t\t        <div class=\"ngg-gallery-thumbnail\">\n            <a href=\"http:\/\/www.karate-neuhofen.at\/wp-content\/gallery\/10-sommercamp-2018\/Sommercamp20181362.JPG\"\n               title=\"\"\n               data-src=\"http:\/\/www.karate-neuhofen.at\/wp-content\/gallery\/10-sommercamp-2018\/Sommercamp20181362.JPG\"\n               data-thumbnail=\"http:\/\/www.karate-neuhofen.at\/wp-content\/gallery\/10-sommercamp-2018\/thumbs\/thumbs_Sommercamp20181362.JPG\"\n               data-image-id=\"21098\"\n               data-title=\"Sommercamp2018(1362)\"\n               data-description=\"\"\n               data-image-slug=\"sommercamp20181362\"\n               class=\"shutterset_14ea2dae3d90de67c1fc228ab12416d8\">\n                <img\n                    title=\"Sommercamp2018(1362)\"\n                    alt=\"Sommercamp2018(1362)\"\n                    src=\"http:\/\/www.karate-neuhofen.at\/wp-content\/gallery\/10-sommercamp-2018\/thumbs\/thumbs_Sommercamp20181362.JPG\"\n                    width=\"240\"\n                    height=\"160\"\n                    style=\"max-width:100%;\"\n                \/>\n            <\/a>\n        <\/div>\n\t\t\t\t\t\t\t<\/div> \n\t\t\t\n        \n\t\t\t\t<div id=\"ngg-image-362\" class=\"ngg-gallery-thumbnail-box\" >\n\t\t\t\t        <div class=\"ngg-gallery-thumbnail\">\n            <a href=\"http:\/\/www.karate-neuhofen.at\/wp-content\/gallery\/10-sommercamp-2018\/Sommercamp20181363.JPG\"\n               title=\"\"\n               data-src=\"http:\/\/www.karate-neuhofen.at\/wp-content\/gallery\/10-sommercamp-2018\/Sommercamp20181363.JPG\"\n               data-thumbnail=\"http:\/\/www.karate-neuhofen.at\/wp-content\/gallery\/10-sommercamp-2018\/thumbs\/thumbs_Sommercamp20181363.JPG\"\n               data-image-id=\"21099\"\n               data-title=\"Sommercamp2018(1363)\"\n               data-description=\"\"\n               data-image-slug=\"sommercamp20181363\"\n               class=\"shutterset_14ea2dae3d90de67c1fc228ab12416d8\">\n                <img\n                    title=\"Sommercamp2018(1363)\"\n                    alt=\"Sommercamp2018(1363)\"\n                    src=\"http:\/\/www.karate-neuhofen.at\/wp-content\/gallery\/10-sommercamp-2018\/thumbs\/thumbs_Sommercamp20181363.JPG\"\n                    width=\"240\"\n                    height=\"160\"\n                    style=\"max-width:100%;\"\n                \/>\n            <\/a>\n        <\/div>\n\t\t\t\t\t\t\t<\/div> \n\t\t\t\n        \n\t\t\t\t<div id=\"ngg-image-363\" class=\"ngg-gallery-thumbnail-box\" >\n\t\t\t\t        <div class=\"ngg-gallery-thumbnail\">\n            <a href=\"http:\/\/www.karate-neuhofen.at\/wp-content\/gallery\/10-sommercamp-2018\/Sommercamp20181364.JPG\"\n               title=\"\"\n               data-src=\"http:\/\/www.karate-neuhofen.at\/wp-content\/gallery\/10-sommercamp-2018\/Sommercamp20181364.JPG\"\n               data-thumbnail=\"http:\/\/www.karate-neuhofen.at\/wp-content\/gallery\/10-sommercamp-2018\/thumbs\/thumbs_Sommercamp20181364.JPG\"\n               data-image-id=\"21100\"\n               data-title=\"Sommercamp2018(1364)\"\n               data-description=\"\"\n               data-image-slug=\"sommercamp20181364\"\n               class=\"shutterset_14ea2dae3d90de67c1fc228ab12416d8\">\n                <img\n                    title=\"Sommercamp2018(1364)\"\n                    alt=\"Sommercamp2018(1364)\"\n                    src=\"http:\/\/www.karate-neuhofen.at\/wp-content\/gallery\/10-sommercamp-2018\/thumbs\/thumbs_Sommercamp20181364.JPG\"\n                    width=\"240\"\n                    height=\"160\"\n                    style=\"max-width:100%;\"\n                \/>\n            <\/a>\n        <\/div>\n\t\t\t\t\t\t\t<\/div> \n\t\t\t\n        \n\t\t\t\t<div id=\"ngg-image-364\" class=\"ngg-gallery-thumbnail-box\" >\n\t\t\t\t        <div class=\"ngg-gallery-thumbnail\">\n            <a href=\"http:\/\/www.karate-neuhofen.at\/wp-content\/gallery\/10-sommercamp-2018\/Sommercamp20181365.JPG\"\n               title=\"\"\n               data-src=\"http:\/\/www.karate-neuhofen.at\/wp-content\/gallery\/10-sommercamp-2018\/Sommercamp20181365.JPG\"\n               data-thumbnail=\"http:\/\/www.karate-neuhofen.at\/wp-content\/gallery\/10-sommercamp-2018\/thumbs\/thumbs_Sommercamp20181365.JPG\"\n               data-image-id=\"21101\"\n               data-title=\"Sommercamp2018(1365)\"\n               data-description=\"\"\n               data-image-slug=\"sommercamp20181365\"\n               class=\"shutterset_14ea2dae3d90de67c1fc228ab12416d8\">\n                <img\n                    title=\"Sommercamp2018(1365)\"\n                    alt=\"Sommercamp2018(1365)\"\n                    src=\"http:\/\/www.karate-neuhofen.at\/wp-content\/gallery\/10-sommercamp-2018\/thumbs\/thumbs_Sommercamp20181365.JPG\"\n                    width=\"240\"\n                    height=\"160\"\n                    style=\"max-width:100%;\"\n                \/>\n            <\/a>\n        <\/div>\n\t\t\t\t\t\t\t<\/div> \n\t\t\t\n        \n\t\t\t\t<div id=\"ngg-image-365\" class=\"ngg-gallery-thumbnail-box\" >\n\t\t\t\t        <div class=\"ngg-gallery-thumbnail\">\n            <a href=\"http:\/\/www.karate-neuhofen.at\/wp-content\/gallery\/10-sommercamp-2018\/Sommercamp20181366.JPG\"\n               title=\"\"\n               data-src=\"http:\/\/www.karate-neuhofen.at\/wp-content\/gallery\/10-sommercamp-2018\/Sommercamp20181366.JPG\"\n               data-thumbnail=\"http:\/\/www.karate-neuhofen.at\/wp-content\/gallery\/10-sommercamp-2018\/thumbs\/thumbs_Sommercamp20181366.JPG\"\n               data-image-id=\"21102\"\n               data-title=\"Sommercamp2018(1366)\"\n               data-description=\"\"\n               data-image-slug=\"sommercamp20181366\"\n               class=\"shutterset_14ea2dae3d90de67c1fc228ab12416d8\">\n                <img\n                    title=\"Sommercamp2018(1366)\"\n                    alt=\"Sommercamp2018(1366)\"\n                    src=\"http:\/\/www.karate-neuhofen.at\/wp-content\/gallery\/10-sommercamp-2018\/thumbs\/thumbs_Sommercamp20181366.JPG\"\n                    width=\"240\"\n                    height=\"160\"\n                    style=\"max-width:100%;\"\n                \/>\n            <\/a>\n        <\/div>\n\t\t\t\t\t\t\t<\/div> \n\t\t\t\n        \n\t\t\t\t<div id=\"ngg-image-366\" class=\"ngg-gallery-thumbnail-box\" >\n\t\t\t\t        <div class=\"ngg-gallery-thumbnail\">\n            <a href=\"http:\/\/www.karate-neuhofen.at\/wp-content\/gallery\/10-sommercamp-2018\/Sommercamp20181367.JPG\"\n               title=\"\"\n               data-src=\"http:\/\/www.karate-neuhofen.at\/wp-content\/gallery\/10-sommercamp-2018\/Sommercamp20181367.JPG\"\n               data-thumbnail=\"http:\/\/www.karate-neuhofen.at\/wp-content\/gallery\/10-sommercamp-2018\/thumbs\/thumbs_Sommercamp20181367.JPG\"\n               data-image-id=\"21103\"\n               data-title=\"Sommercamp2018(1367)\"\n               data-description=\"\"\n               data-image-slug=\"sommercamp20181367\"\n               class=\"shutterset_14ea2dae3d90de67c1fc228ab12416d8\">\n                <img\n                    title=\"Sommercamp2018(1367)\"\n                    alt=\"Sommercamp2018(1367)\"\n                    src=\"http:\/\/www.karate-neuhofen.at\/wp-content\/gallery\/10-sommercamp-2018\/thumbs\/thumbs_Sommercamp20181367.JPG\"\n                    width=\"240\"\n                    height=\"160\"\n                    style=\"max-width:100%;\"\n                \/>\n            <\/a>\n        <\/div>\n\t\t\t\t\t\t\t<\/div> \n\t\t\t\n        \n\t\t\t\t<div id=\"ngg-image-367\" class=\"ngg-gallery-thumbnail-box\" >\n\t\t\t\t        <div class=\"ngg-gallery-thumbnail\">\n            <a href=\"http:\/\/www.karate-neuhofen.at\/wp-content\/gallery\/10-sommercamp-2018\/Sommercamp20181368.JPG\"\n               title=\"\"\n               data-src=\"http:\/\/www.karate-neuhofen.at\/wp-content\/gallery\/10-sommercamp-2018\/Sommercamp20181368.JPG\"\n               data-thumbnail=\"http:\/\/www.karate-neuhofen.at\/wp-content\/gallery\/10-sommercamp-2018\/thumbs\/thumbs_Sommercamp20181368.JPG\"\n               data-image-id=\"21104\"\n               data-title=\"Sommercamp2018(1368)\"\n               data-description=\"\"\n               data-image-slug=\"sommercamp20181368\"\n               class=\"shutterset_14ea2dae3d90de67c1fc228ab12416d8\">\n                <img\n                    title=\"Sommercamp2018(1368)\"\n                    alt=\"Sommercamp2018(1368)\"\n                    src=\"http:\/\/www.karate-neuhofen.at\/wp-content\/gallery\/10-sommercamp-2018\/thumbs\/thumbs_Sommercamp20181368.JPG\"\n                    width=\"240\"\n                    height=\"160\"\n                    style=\"max-width:100%;\"\n                \/>\n            <\/a>\n        <\/div>\n\t\t\t\t\t\t\t<\/div> \n\t\t\t\n        \n\t\t\t\t<div id=\"ngg-image-368\" class=\"ngg-gallery-thumbnail-box\" >\n\t\t\t\t        <div class=\"ngg-gallery-thumbnail\">\n            <a href=\"http:\/\/www.karate-neuhofen.at\/wp-content\/gallery\/10-sommercamp-2018\/Sommercamp20181369.JPG\"\n               title=\"\"\n               data-src=\"http:\/\/www.karate-neuhofen.at\/wp-content\/gallery\/10-sommercamp-2018\/Sommercamp20181369.JPG\"\n               data-thumbnail=\"http:\/\/www.karate-neuhofen.at\/wp-content\/gallery\/10-sommercamp-2018\/thumbs\/thumbs_Sommercamp20181369.JPG\"\n               data-image-id=\"21105\"\n               data-title=\"Sommercamp2018(1369)\"\n               data-description=\"\"\n               data-image-slug=\"sommercamp20181369\"\n               class=\"shutterset_14ea2dae3d90de67c1fc228ab12416d8\">\n                <img\n                    title=\"Sommercamp2018(1369)\"\n                    alt=\"Sommercamp2018(1369)\"\n                    src=\"http:\/\/www.karate-neuhofen.at\/wp-content\/gallery\/10-sommercamp-2018\/thumbs\/thumbs_Sommercamp20181369.JPG\"\n                    width=\"240\"\n                    height=\"160\"\n                    style=\"max-width:100%;\"\n                \/>\n            <\/a>\n        <\/div>\n\t\t\t\t\t\t\t<\/div> \n\t\t\t\n        \n\t\t\t\t<div id=\"ngg-image-369\" class=\"ngg-gallery-thumbnail-box\" >\n\t\t\t\t        <div class=\"ngg-gallery-thumbnail\">\n            <a href=\"http:\/\/www.karate-neuhofen.at\/wp-content\/gallery\/10-sommercamp-2018\/Sommercamp20181370.JPG\"\n               title=\"\"\n               data-src=\"http:\/\/www.karate-neuhofen.at\/wp-content\/gallery\/10-sommercamp-2018\/Sommercamp20181370.JPG\"\n               data-thumbnail=\"http:\/\/www.karate-neuhofen.at\/wp-content\/gallery\/10-sommercamp-2018\/thumbs\/thumbs_Sommercamp20181370.JPG\"\n               data-image-id=\"21106\"\n               data-title=\"Sommercamp2018(1370)\"\n               data-description=\"\"\n               data-image-slug=\"sommercamp20181370\"\n               class=\"shutterset_14ea2dae3d90de67c1fc228ab12416d8\">\n                <img\n                    title=\"Sommercamp2018(1370)\"\n                    alt=\"Sommercamp2018(1370)\"\n                    src=\"http:\/\/www.karate-neuhofen.at\/wp-content\/gallery\/10-sommercamp-2018\/thumbs\/thumbs_Sommercamp20181370.JPG\"\n                    width=\"240\"\n                    height=\"160\"\n                    style=\"max-width:100%;\"\n                \/>\n            <\/a>\n        <\/div>\n\t\t\t\t\t\t\t<\/div> \n\t\t\t\n        \n\t\t\t\t<div id=\"ngg-image-370\" class=\"ngg-gallery-thumbnail-box\" >\n\t\t\t\t        <div class=\"ngg-gallery-thumbnail\">\n            <a href=\"http:\/\/www.karate-neuhofen.at\/wp-content\/gallery\/10-sommercamp-2018\/Sommercamp20181371.JPG\"\n               title=\"\"\n               data-src=\"http:\/\/www.karate-neuhofen.at\/wp-content\/gallery\/10-sommercamp-2018\/Sommercamp20181371.JPG\"\n               data-thumbnail=\"http:\/\/www.karate-neuhofen.at\/wp-content\/gallery\/10-sommercamp-2018\/thumbs\/thumbs_Sommercamp20181371.JPG\"\n               data-image-id=\"21107\"\n               data-title=\"Sommercamp2018(1371)\"\n               data-description=\"\"\n               data-image-slug=\"sommercamp20181371\"\n               class=\"shutterset_14ea2dae3d90de67c1fc228ab12416d8\">\n                <img\n                    title=\"Sommercamp2018(1371)\"\n                    alt=\"Sommercamp2018(1371)\"\n                    src=\"http:\/\/www.karate-neuhofen.at\/wp-content\/gallery\/10-sommercamp-2018\/thumbs\/thumbs_Sommercamp20181371.JPG\"\n                    width=\"240\"\n                    height=\"160\"\n                    style=\"max-width:100%;\"\n                \/>\n            <\/a>\n        <\/div>\n\t\t\t\t\t\t\t<\/div> \n\t\t\t\n        \n\t\t\t\t<div id=\"ngg-image-371\" class=\"ngg-gallery-thumbnail-box\" >\n\t\t\t\t        <div class=\"ngg-gallery-thumbnail\">\n            <a href=\"http:\/\/www.karate-neuhofen.at\/wp-content\/gallery\/10-sommercamp-2018\/Sommercamp20181372.JPG\"\n               title=\"\"\n               data-src=\"http:\/\/www.karate-neuhofen.at\/wp-content\/gallery\/10-sommercamp-2018\/Sommercamp20181372.JPG\"\n               data-thumbnail=\"http:\/\/www.karate-neuhofen.at\/wp-content\/gallery\/10-sommercamp-2018\/thumbs\/thumbs_Sommercamp20181372.JPG\"\n               data-image-id=\"21108\"\n               data-title=\"Sommercamp2018(1372)\"\n               data-description=\"\"\n               data-image-slug=\"sommercamp20181372\"\n               class=\"shutterset_14ea2dae3d90de67c1fc228ab12416d8\">\n                <img\n                    title=\"Sommercamp2018(1372)\"\n                    alt=\"Sommercamp2018(1372)\"\n                    src=\"http:\/\/www.karate-neuhofen.at\/wp-content\/gallery\/10-sommercamp-2018\/thumbs\/thumbs_Sommercamp20181372.JPG\"\n                    width=\"240\"\n                    height=\"160\"\n                    style=\"max-width:100%;\"\n                \/>\n            <\/a>\n        <\/div>\n\t\t\t\t\t\t\t<\/div> \n\t\t\t\n        \n\t\t\t\t<div id=\"ngg-image-372\" class=\"ngg-gallery-thumbnail-box\" >\n\t\t\t\t        <div class=\"ngg-gallery-thumbnail\">\n            <a href=\"http:\/\/www.karate-neuhofen.at\/wp-content\/gallery\/10-sommercamp-2018\/Sommercamp20181373.JPG\"\n               title=\"\"\n               data-src=\"http:\/\/www.karate-neuhofen.at\/wp-content\/gallery\/10-sommercamp-2018\/Sommercamp20181373.JPG\"\n               data-thumbnail=\"http:\/\/www.karate-neuhofen.at\/wp-content\/gallery\/10-sommercamp-2018\/thumbs\/thumbs_Sommercamp20181373.JPG\"\n               data-image-id=\"21109\"\n               data-title=\"Sommercamp2018(1373)\"\n               data-description=\"\"\n               data-image-slug=\"sommercamp20181373\"\n               class=\"shutterset_14ea2dae3d90de67c1fc228ab12416d8\">\n                <img\n                    title=\"Sommercamp2018(1373)\"\n                    alt=\"Sommercamp2018(1373)\"\n                    src=\"http:\/\/www.karate-neuhofen.at\/wp-content\/gallery\/10-sommercamp-2018\/thumbs\/thumbs_Sommercamp20181373.JPG\"\n                    width=\"240\"\n                    height=\"160\"\n                    style=\"max-width:100%;\"\n                \/>\n            <\/a>\n        <\/div>\n\t\t\t\t\t\t\t<\/div> \n\t\t\t\n        \n\t\t\t\t<div id=\"ngg-image-373\" class=\"ngg-gallery-thumbnail-box\" >\n\t\t\t\t        <div class=\"ngg-gallery-thumbnail\">\n            <a href=\"http:\/\/www.karate-neuhofen.at\/wp-content\/gallery\/10-sommercamp-2018\/Sommercamp20181374.JPG\"\n               title=\"\"\n               data-src=\"http:\/\/www.karate-neuhofen.at\/wp-content\/gallery\/10-sommercamp-2018\/Sommercamp20181374.JPG\"\n               data-thumbnail=\"http:\/\/www.karate-neuhofen.at\/wp-content\/gallery\/10-sommercamp-2018\/thumbs\/thumbs_Sommercamp20181374.JPG\"\n               data-image-id=\"21110\"\n               data-title=\"Sommercamp2018(1374)\"\n               data-description=\"\"\n               data-image-slug=\"sommercamp20181374\"\n               class=\"shutterset_14ea2dae3d90de67c1fc228ab12416d8\">\n                <img\n                    title=\"Sommercamp2018(1374)\"\n                    alt=\"Sommercamp2018(1374)\"\n                    src=\"http:\/\/www.karate-neuhofen.at\/wp-content\/gallery\/10-sommercamp-2018\/thumbs\/thumbs_Sommercamp20181374.JPG\"\n                    width=\"240\"\n                    height=\"160\"\n                    style=\"max-width:100%;\"\n                \/>\n            <\/a>\n        <\/div>\n\t\t\t\t\t\t\t<\/div> \n\t\t\t\n        \n\t\t\t\t<div id=\"ngg-image-374\" class=\"ngg-gallery-thumbnail-box\" >\n\t\t\t\t        <div class=\"ngg-gallery-thumbnail\">\n            <a href=\"http:\/\/www.karate-neuhofen.at\/wp-content\/gallery\/10-sommercamp-2018\/Sommercamp20181375.JPG\"\n               title=\"\"\n               data-src=\"http:\/\/www.karate-neuhofen.at\/wp-content\/gallery\/10-sommercamp-2018\/Sommercamp20181375.JPG\"\n               data-thumbnail=\"http:\/\/www.karate-neuhofen.at\/wp-content\/gallery\/10-sommercamp-2018\/thumbs\/thumbs_Sommercamp20181375.JPG\"\n               data-image-id=\"21111\"\n               data-title=\"Sommercamp2018(1375)\"\n               data-description=\"\"\n               data-image-slug=\"sommercamp20181375\"\n               class=\"shutterset_14ea2dae3d90de67c1fc228ab12416d8\">\n                <img\n                    title=\"Sommercamp2018(1375)\"\n                    alt=\"Sommercamp2018(1375)\"\n                    src=\"http:\/\/www.karate-neuhofen.at\/wp-content\/gallery\/10-sommercamp-2018\/thumbs\/thumbs_Sommercamp20181375.JPG\"\n                    width=\"240\"\n                    height=\"160\"\n                    style=\"max-width:100%;\"\n                \/>\n            <\/a>\n        <\/div>\n\t\t\t\t\t\t\t<\/div> \n\t\t\t\n        \n\t\t\t\t<div id=\"ngg-image-375\" class=\"ngg-gallery-thumbnail-box\" >\n\t\t\t\t        <div class=\"ngg-gallery-thumbnail\">\n            <a href=\"http:\/\/www.karate-neuhofen.at\/wp-content\/gallery\/10-sommercamp-2018\/Sommercamp20181376.JPG\"\n               title=\"\"\n               data-src=\"http:\/\/www.karate-neuhofen.at\/wp-content\/gallery\/10-sommercamp-2018\/Sommercamp20181376.JPG\"\n               data-thumbnail=\"http:\/\/www.karate-neuhofen.at\/wp-content\/gallery\/10-sommercamp-2018\/thumbs\/thumbs_Sommercamp20181376.JPG\"\n               data-image-id=\"21112\"\n               data-title=\"Sommercamp2018(1376)\"\n               data-description=\"\"\n               data-image-slug=\"sommercamp20181376\"\n               class=\"shutterset_14ea2dae3d90de67c1fc228ab12416d8\">\n                <img\n                    title=\"Sommercamp2018(1376)\"\n                    alt=\"Sommercamp2018(1376)\"\n                    src=\"http:\/\/www.karate-neuhofen.at\/wp-content\/gallery\/10-sommercamp-2018\/thumbs\/thumbs_Sommercamp20181376.JPG\"\n                    width=\"240\"\n                    height=\"160\"\n                    style=\"max-width:100%;\"\n                \/>\n            <\/a>\n        <\/div>\n\t\t\t\t\t\t\t<\/div> \n\t\t\t\n        \n\t\t\t\t<div id=\"ngg-image-376\" class=\"ngg-gallery-thumbnail-box\" >\n\t\t\t\t        <div class=\"ngg-gallery-thumbnail\">\n            <a href=\"http:\/\/www.karate-neuhofen.at\/wp-content\/gallery\/10-sommercamp-2018\/Sommercamp20181377.JPG\"\n               title=\"\"\n               data-src=\"http:\/\/www.karate-neuhofen.at\/wp-content\/gallery\/10-sommercamp-2018\/Sommercamp20181377.JPG\"\n               data-thumbnail=\"http:\/\/www.karate-neuhofen.at\/wp-content\/gallery\/10-sommercamp-2018\/thumbs\/thumbs_Sommercamp20181377.JPG\"\n               data-image-id=\"21113\"\n               data-title=\"Sommercamp2018(1377)\"\n               data-description=\"\"\n               data-image-slug=\"sommercamp20181377\"\n               class=\"shutterset_14ea2dae3d90de67c1fc228ab12416d8\">\n                <img\n                    title=\"Sommercamp2018(1377)\"\n                    alt=\"Sommercamp2018(1377)\"\n                    src=\"http:\/\/www.karate-neuhofen.at\/wp-content\/gallery\/10-sommercamp-2018\/thumbs\/thumbs_Sommercamp20181377.JPG\"\n                    width=\"240\"\n                    height=\"160\"\n                    style=\"max-width:100%;\"\n                \/>\n            <\/a>\n        <\/div>\n\t\t\t\t\t\t\t<\/div> \n\t\t\t\n        \n\t\t\t\t<div id=\"ngg-image-377\" class=\"ngg-gallery-thumbnail-box\" >\n\t\t\t\t        <div class=\"ngg-gallery-thumbnail\">\n            <a href=\"http:\/\/www.karate-neuhofen.at\/wp-content\/gallery\/10-sommercamp-2018\/Sommercamp20181378.JPG\"\n               title=\"\"\n               data-src=\"http:\/\/www.karate-neuhofen.at\/wp-content\/gallery\/10-sommercamp-2018\/Sommercamp20181378.JPG\"\n               data-thumbnail=\"http:\/\/www.karate-neuhofen.at\/wp-content\/gallery\/10-sommercamp-2018\/thumbs\/thumbs_Sommercamp20181378.JPG\"\n               data-image-id=\"21114\"\n               data-title=\"Sommercamp2018(1378)\"\n               data-description=\"\"\n               data-image-slug=\"sommercamp20181378\"\n               class=\"shutterset_14ea2dae3d90de67c1fc228ab12416d8\">\n                <img\n                    title=\"Sommercamp2018(1378)\"\n                    alt=\"Sommercamp2018(1378)\"\n                    src=\"http:\/\/www.karate-neuhofen.at\/wp-content\/gallery\/10-sommercamp-2018\/thumbs\/thumbs_Sommercamp20181378.JPG\"\n                    width=\"240\"\n                    height=\"160\"\n                    style=\"max-width:100%;\"\n                \/>\n            <\/a>\n        <\/div>\n\t\t\t\t\t\t\t<\/div> \n\t\t\t\n        \n\t\t\t\t<div id=\"ngg-image-378\" class=\"ngg-gallery-thumbnail-box\" >\n\t\t\t\t        <div class=\"ngg-gallery-thumbnail\">\n            <a href=\"http:\/\/www.karate-neuhofen.at\/wp-content\/gallery\/10-sommercamp-2018\/Sommercamp20181379.JPG\"\n               title=\"\"\n               data-src=\"http:\/\/www.karate-neuhofen.at\/wp-content\/gallery\/10-sommercamp-2018\/Sommercamp20181379.JPG\"\n               data-thumbnail=\"http:\/\/www.karate-neuhofen.at\/wp-content\/gallery\/10-sommercamp-2018\/thumbs\/thumbs_Sommercamp20181379.JPG\"\n               data-image-id=\"21115\"\n               data-title=\"Sommercamp2018(1379)\"\n               data-description=\"\"\n               data-image-slug=\"sommercamp20181379\"\n               class=\"shutterset_14ea2dae3d90de67c1fc228ab12416d8\">\n                <img\n                    title=\"Sommercamp2018(1379)\"\n                    alt=\"Sommercamp2018(1379)\"\n                    src=\"http:\/\/www.karate-neuhofen.at\/wp-content\/gallery\/10-sommercamp-2018\/thumbs\/thumbs_Sommercamp20181379.JPG\"\n                    width=\"240\"\n                    height=\"160\"\n                    style=\"max-width:100%;\"\n                \/>\n            <\/a>\n        <\/div>\n\t\t\t\t\t\t\t<\/div> \n\t\t\t\n        \n\t\t\t\t<div id=\"ngg-image-379\" class=\"ngg-gallery-thumbnail-box\" >\n\t\t\t\t        <div class=\"ngg-gallery-thumbnail\">\n            <a href=\"http:\/\/www.karate-neuhofen.at\/wp-content\/gallery\/10-sommercamp-2018\/Sommercamp20181380.JPG\"\n               title=\"\"\n               data-src=\"http:\/\/www.karate-neuhofen.at\/wp-content\/gallery\/10-sommercamp-2018\/Sommercamp20181380.JPG\"\n               data-thumbnail=\"http:\/\/www.karate-neuhofen.at\/wp-content\/gallery\/10-sommercamp-2018\/thumbs\/thumbs_Sommercamp20181380.JPG\"\n               data-image-id=\"21116\"\n               data-title=\"Sommercamp2018(1380)\"\n               data-description=\"\"\n               data-image-slug=\"sommercamp20181380\"\n               class=\"shutterset_14ea2dae3d90de67c1fc228ab12416d8\">\n                <img\n                    title=\"Sommercamp2018(1380)\"\n                    alt=\"Sommercamp2018(1380)\"\n                    src=\"http:\/\/www.karate-neuhofen.at\/wp-content\/gallery\/10-sommercamp-2018\/thumbs\/thumbs_Sommercamp20181380.JPG\"\n                    width=\"240\"\n                    height=\"160\"\n                    style=\"max-width:100%;\"\n                \/>\n            <\/a>\n        <\/div>\n\t\t\t\t\t\t\t<\/div> \n\t\t\t\n        \n\t\t\t\t<div id=\"ngg-image-380\" class=\"ngg-gallery-thumbnail-box\" >\n\t\t\t\t        <div class=\"ngg-gallery-thumbnail\">\n            <a href=\"http:\/\/www.karate-neuhofen.at\/wp-content\/gallery\/10-sommercamp-2018\/Sommercamp20181381.JPG\"\n               title=\"\"\n               data-src=\"http:\/\/www.karate-neuhofen.at\/wp-content\/gallery\/10-sommercamp-2018\/Sommercamp20181381.JPG\"\n               data-thumbnail=\"http:\/\/www.karate-neuhofen.at\/wp-content\/gallery\/10-sommercamp-2018\/thumbs\/thumbs_Sommercamp20181381.JPG\"\n               data-image-id=\"21117\"\n               data-title=\"Sommercamp2018(1381)\"\n               data-description=\"\"\n               data-image-slug=\"sommercamp20181381\"\n               class=\"shutterset_14ea2dae3d90de67c1fc228ab12416d8\">\n                <img\n                    title=\"Sommercamp2018(1381)\"\n                    alt=\"Sommercamp2018(1381)\"\n                    src=\"http:\/\/www.karate-neuhofen.at\/wp-content\/gallery\/10-sommercamp-2018\/thumbs\/thumbs_Sommercamp20181381.JPG\"\n                    width=\"240\"\n                    height=\"160\"\n                    style=\"max-width:100%;\"\n                \/>\n            <\/a>\n        <\/div>\n\t\t\t\t\t\t\t<\/div> \n\t\t\t\n        \n\t\t\t\t<div id=\"ngg-image-381\" class=\"ngg-gallery-thumbnail-box\" >\n\t\t\t\t        <div class=\"ngg-gallery-thumbnail\">\n            <a href=\"http:\/\/www.karate-neuhofen.at\/wp-content\/gallery\/10-sommercamp-2018\/Sommercamp20181382.JPG\"\n               title=\"\"\n               data-src=\"http:\/\/www.karate-neuhofen.at\/wp-content\/gallery\/10-sommercamp-2018\/Sommercamp20181382.JPG\"\n               data-thumbnail=\"http:\/\/www.karate-neuhofen.at\/wp-content\/gallery\/10-sommercamp-2018\/thumbs\/thumbs_Sommercamp20181382.JPG\"\n               data-image-id=\"21118\"\n               data-title=\"Sommercamp2018(1382)\"\n               data-description=\"\"\n               data-image-slug=\"sommercamp20181382\"\n               class=\"shutterset_14ea2dae3d90de67c1fc228ab12416d8\">\n                <img\n                    title=\"Sommercamp2018(1382)\"\n                    alt=\"Sommercamp2018(1382)\"\n                    src=\"http:\/\/www.karate-neuhofen.at\/wp-content\/gallery\/10-sommercamp-2018\/thumbs\/thumbs_Sommercamp20181382.JPG\"\n                    width=\"240\"\n                    height=\"160\"\n                    style=\"max-width:100%;\"\n                \/>\n            <\/a>\n        <\/div>\n\t\t\t\t\t\t\t<\/div> \n\t\t\t\n        \n\t\t\t\t<div id=\"ngg-image-382\" class=\"ngg-gallery-thumbnail-box\" >\n\t\t\t\t        <div class=\"ngg-gallery-thumbnail\">\n            <a href=\"http:\/\/www.karate-neuhofen.at\/wp-content\/gallery\/10-sommercamp-2018\/Sommercamp20181383.JPG\"\n               title=\"\"\n               data-src=\"http:\/\/www.karate-neuhofen.at\/wp-content\/gallery\/10-sommercamp-2018\/Sommercamp20181383.JPG\"\n               data-thumbnail=\"http:\/\/www.karate-neuhofen.at\/wp-content\/gallery\/10-sommercamp-2018\/thumbs\/thumbs_Sommercamp20181383.JPG\"\n               data-image-id=\"21119\"\n               data-title=\"Sommercamp2018(1383)\"\n               data-description=\"\"\n               data-image-slug=\"sommercamp20181383\"\n               class=\"shutterset_14ea2dae3d90de67c1fc228ab12416d8\">\n                <img\n                    title=\"Sommercamp2018(1383)\"\n                    alt=\"Sommercamp2018(1383)\"\n                    src=\"http:\/\/www.karate-neuhofen.at\/wp-content\/gallery\/10-sommercamp-2018\/thumbs\/thumbs_Sommercamp20181383.JPG\"\n                    width=\"240\"\n                    height=\"160\"\n                    style=\"max-width:100%;\"\n                \/>\n            <\/a>\n        <\/div>\n\t\t\t\t\t\t\t<\/div> \n\t\t\t\n        \n\t\t\t\t<div id=\"ngg-image-383\" class=\"ngg-gallery-thumbnail-box\" >\n\t\t\t\t        <div class=\"ngg-gallery-thumbnail\">\n            <a href=\"http:\/\/www.karate-neuhofen.at\/wp-content\/gallery\/10-sommercamp-2018\/Sommercamp20181384.JPG\"\n               title=\"\"\n               data-src=\"http:\/\/www.karate-neuhofen.at\/wp-content\/gallery\/10-sommercamp-2018\/Sommercamp20181384.JPG\"\n               data-thumbnail=\"http:\/\/www.karate-neuhofen.at\/wp-content\/gallery\/10-sommercamp-2018\/thumbs\/thumbs_Sommercamp20181384.JPG\"\n               data-image-id=\"21120\"\n               data-title=\"Sommercamp2018(1384)\"\n               data-description=\"\"\n               data-image-slug=\"sommercamp20181384\"\n               class=\"shutterset_14ea2dae3d90de67c1fc228ab12416d8\">\n                <img\n                    title=\"Sommercamp2018(1384)\"\n                    alt=\"Sommercamp2018(1384)\"\n                    src=\"http:\/\/www.karate-neuhofen.at\/wp-content\/gallery\/10-sommercamp-2018\/thumbs\/thumbs_Sommercamp20181384.JPG\"\n                    width=\"240\"\n                    height=\"160\"\n                    style=\"max-width:100%;\"\n                \/>\n            <\/a>\n        <\/div>\n\t\t\t\t\t\t\t<\/div> \n\t\t\t\n        \n\t\t\t\t<div id=\"ngg-image-384\" class=\"ngg-gallery-thumbnail-box\" >\n\t\t\t\t        <div class=\"ngg-gallery-thumbnail\">\n            <a href=\"http:\/\/www.karate-neuhofen.at\/wp-content\/gallery\/10-sommercamp-2018\/Sommercamp20181385.JPG\"\n               title=\"\"\n               data-src=\"http:\/\/www.karate-neuhofen.at\/wp-content\/gallery\/10-sommercamp-2018\/Sommercamp20181385.JPG\"\n               data-thumbnail=\"http:\/\/www.karate-neuhofen.at\/wp-content\/gallery\/10-sommercamp-2018\/thumbs\/thumbs_Sommercamp20181385.JPG\"\n               data-image-id=\"21121\"\n               data-title=\"Sommercamp2018(1385)\"\n               data-description=\"\"\n               data-image-slug=\"sommercamp20181385\"\n               class=\"shutterset_14ea2dae3d90de67c1fc228ab12416d8\">\n                <img\n                    title=\"Sommercamp2018(1385)\"\n                    alt=\"Sommercamp2018(1385)\"\n                    src=\"http:\/\/www.karate-neuhofen.at\/wp-content\/gallery\/10-sommercamp-2018\/thumbs\/thumbs_Sommercamp20181385.JPG\"\n                    width=\"240\"\n                    height=\"160\"\n                    style=\"max-width:100%;\"\n                \/>\n            <\/a>\n        <\/div>\n\t\t\t\t\t\t\t<\/div> \n\t\t\t\n        \n\t\t\t\t<div id=\"ngg-image-385\" class=\"ngg-gallery-thumbnail-box\" >\n\t\t\t\t        <div class=\"ngg-gallery-thumbnail\">\n            <a href=\"http:\/\/www.karate-neuhofen.at\/wp-content\/gallery\/10-sommercamp-2018\/Sommercamp20181386.JPG\"\n               title=\"\"\n               data-src=\"http:\/\/www.karate-neuhofen.at\/wp-content\/gallery\/10-sommercamp-2018\/Sommercamp20181386.JPG\"\n               data-thumbnail=\"http:\/\/www.karate-neuhofen.at\/wp-content\/gallery\/10-sommercamp-2018\/thumbs\/thumbs_Sommercamp20181386.JPG\"\n               data-image-id=\"21122\"\n               data-title=\"Sommercamp2018(1386)\"\n               data-description=\"\"\n               data-image-slug=\"sommercamp20181386\"\n               class=\"shutterset_14ea2dae3d90de67c1fc228ab12416d8\">\n                <img\n                    title=\"Sommercamp2018(1386)\"\n                    alt=\"Sommercamp2018(1386)\"\n                    src=\"http:\/\/www.karate-neuhofen.at\/wp-content\/gallery\/10-sommercamp-2018\/thumbs\/thumbs_Sommercamp20181386.JPG\"\n                    width=\"240\"\n                    height=\"160\"\n                    style=\"max-width:100%;\"\n                \/>\n            <\/a>\n        <\/div>\n\t\t\t\t\t\t\t<\/div> \n\t\t\t\n        \n\t\t\t\t<div id=\"ngg-image-386\" class=\"ngg-gallery-thumbnail-box\" >\n\t\t\t\t        <div class=\"ngg-gallery-thumbnail\">\n            <a href=\"http:\/\/www.karate-neuhofen.at\/wp-content\/gallery\/10-sommercamp-2018\/Sommercamp20181387.JPG\"\n               title=\"\"\n               data-src=\"http:\/\/www.karate-neuhofen.at\/wp-content\/gallery\/10-sommercamp-2018\/Sommercamp20181387.JPG\"\n               data-thumbnail=\"http:\/\/www.karate-neuhofen.at\/wp-content\/gallery\/10-sommercamp-2018\/thumbs\/thumbs_Sommercamp20181387.JPG\"\n               data-image-id=\"21123\"\n               data-title=\"Sommercamp2018(1387)\"\n               data-description=\"\"\n               data-image-slug=\"sommercamp20181387\"\n               class=\"shutterset_14ea2dae3d90de67c1fc228ab12416d8\">\n                <img\n                    title=\"Sommercamp2018(1387)\"\n                    alt=\"Sommercamp2018(1387)\"\n                    src=\"http:\/\/www.karate-neuhofen.at\/wp-content\/gallery\/10-sommercamp-2018\/thumbs\/thumbs_Sommercamp20181387.JPG\"\n                    width=\"240\"\n                    height=\"160\"\n                    style=\"max-width:100%;\"\n                \/>\n            <\/a>\n        <\/div>\n\t\t\t\t\t\t\t<\/div> \n\t\t\t\n        \n\t\t\t\t<div id=\"ngg-image-387\" class=\"ngg-gallery-thumbnail-box\" >\n\t\t\t\t        <div class=\"ngg-gallery-thumbnail\">\n            <a href=\"http:\/\/www.karate-neuhofen.at\/wp-content\/gallery\/10-sommercamp-2018\/Sommercamp20181388.JPG\"\n               title=\"\"\n               data-src=\"http:\/\/www.karate-neuhofen.at\/wp-content\/gallery\/10-sommercamp-2018\/Sommercamp20181388.JPG\"\n               data-thumbnail=\"http:\/\/www.karate-neuhofen.at\/wp-content\/gallery\/10-sommercamp-2018\/thumbs\/thumbs_Sommercamp20181388.JPG\"\n               data-image-id=\"21124\"\n               data-title=\"Sommercamp2018(1388)\"\n               data-description=\"\"\n               data-image-slug=\"sommercamp20181388\"\n               class=\"shutterset_14ea2dae3d90de67c1fc228ab12416d8\">\n                <img\n                    title=\"Sommercamp2018(1388)\"\n                    alt=\"Sommercamp2018(1388)\"\n                    src=\"http:\/\/www.karate-neuhofen.at\/wp-content\/gallery\/10-sommercamp-2018\/thumbs\/thumbs_Sommercamp20181388.JPG\"\n                    width=\"240\"\n                    height=\"160\"\n                    style=\"max-width:100%;\"\n                \/>\n            <\/a>\n        <\/div>\n\t\t\t\t\t\t\t<\/div> \n\t\t\t\n        \n\t\t\t\t<div id=\"ngg-image-388\" class=\"ngg-gallery-thumbnail-box\" >\n\t\t\t\t        <div class=\"ngg-gallery-thumbnail\">\n            <a href=\"http:\/\/www.karate-neuhofen.at\/wp-content\/gallery\/10-sommercamp-2018\/Sommercamp20181389.JPG\"\n               title=\"\"\n               data-src=\"http:\/\/www.karate-neuhofen.at\/wp-content\/gallery\/10-sommercamp-2018\/Sommercamp20181389.JPG\"\n               data-thumbnail=\"http:\/\/www.karate-neuhofen.at\/wp-content\/gallery\/10-sommercamp-2018\/thumbs\/thumbs_Sommercamp20181389.JPG\"\n               data-image-id=\"21125\"\n               data-title=\"Sommercamp2018(1389)\"\n               data-description=\"\"\n               data-image-slug=\"sommercamp20181389\"\n               class=\"shutterset_14ea2dae3d90de67c1fc228ab12416d8\">\n                <img\n                    title=\"Sommercamp2018(1389)\"\n                    alt=\"Sommercamp2018(1389)\"\n                    src=\"http:\/\/www.karate-neuhofen.at\/wp-content\/gallery\/10-sommercamp-2018\/thumbs\/thumbs_Sommercamp20181389.JPG\"\n                    width=\"240\"\n                    height=\"160\"\n                    style=\"max-width:100%;\"\n                \/>\n            <\/a>\n        <\/div>\n\t\t\t\t\t\t\t<\/div> \n\t\t\t\n        \n\t\t\t\t<div id=\"ngg-image-389\" class=\"ngg-gallery-thumbnail-box\" >\n\t\t\t\t        <div class=\"ngg-gallery-thumbnail\">\n            <a href=\"http:\/\/www.karate-neuhofen.at\/wp-content\/gallery\/10-sommercamp-2018\/Sommercamp20181390.JPG\"\n               title=\"\"\n               data-src=\"http:\/\/www.karate-neuhofen.at\/wp-content\/gallery\/10-sommercamp-2018\/Sommercamp20181390.JPG\"\n               data-thumbnail=\"http:\/\/www.karate-neuhofen.at\/wp-content\/gallery\/10-sommercamp-2018\/thumbs\/thumbs_Sommercamp20181390.JPG\"\n               data-image-id=\"21126\"\n               data-title=\"Sommercamp2018(1390)\"\n               data-description=\"\"\n               data-image-slug=\"sommercamp20181390\"\n               class=\"shutterset_14ea2dae3d90de67c1fc228ab12416d8\">\n                <img\n                    title=\"Sommercamp2018(1390)\"\n                    alt=\"Sommercamp2018(1390)\"\n                    src=\"http:\/\/www.karate-neuhofen.at\/wp-content\/gallery\/10-sommercamp-2018\/thumbs\/thumbs_Sommercamp20181390.JPG\"\n                    width=\"240\"\n                    height=\"160\"\n                    style=\"max-width:100%;\"\n                \/>\n            <\/a>\n        <\/div>\n\t\t\t\t\t\t\t<\/div> \n\t\t\t\n        \n\t\t\t\t<div id=\"ngg-image-390\" class=\"ngg-gallery-thumbnail-box\" >\n\t\t\t\t        <div class=\"ngg-gallery-thumbnail\">\n            <a href=\"http:\/\/www.karate-neuhofen.at\/wp-content\/gallery\/10-sommercamp-2018\/Sommercamp20181391.JPG\"\n               title=\"\"\n               data-src=\"http:\/\/www.karate-neuhofen.at\/wp-content\/gallery\/10-sommercamp-2018\/Sommercamp20181391.JPG\"\n               data-thumbnail=\"http:\/\/www.karate-neuhofen.at\/wp-content\/gallery\/10-sommercamp-2018\/thumbs\/thumbs_Sommercamp20181391.JPG\"\n               data-image-id=\"21127\"\n               data-title=\"Sommercamp2018(1391)\"\n               data-description=\"\"\n               data-image-slug=\"sommercamp20181391\"\n               class=\"shutterset_14ea2dae3d90de67c1fc228ab12416d8\">\n                <img\n                    title=\"Sommercamp2018(1391)\"\n                    alt=\"Sommercamp2018(1391)\"\n                    src=\"http:\/\/www.karate-neuhofen.at\/wp-content\/gallery\/10-sommercamp-2018\/thumbs\/thumbs_Sommercamp20181391.JPG\"\n                    width=\"240\"\n                    height=\"160\"\n                    style=\"max-width:100%;\"\n                \/>\n            <\/a>\n        <\/div>\n\t\t\t\t\t\t\t<\/div> \n\t\t\t\n        \n\t\t\t\t<div id=\"ngg-image-391\" class=\"ngg-gallery-thumbnail-box\" >\n\t\t\t\t        <div class=\"ngg-gallery-thumbnail\">\n            <a href=\"http:\/\/www.karate-neuhofen.at\/wp-content\/gallery\/10-sommercamp-2018\/Sommercamp20181392.JPG\"\n               title=\"\"\n               data-src=\"http:\/\/www.karate-neuhofen.at\/wp-content\/gallery\/10-sommercamp-2018\/Sommercamp20181392.JPG\"\n               data-thumbnail=\"http:\/\/www.karate-neuhofen.at\/wp-content\/gallery\/10-sommercamp-2018\/thumbs\/thumbs_Sommercamp20181392.JPG\"\n               data-image-id=\"21128\"\n               data-title=\"Sommercamp2018(1392)\"\n               data-description=\"\"\n               data-image-slug=\"sommercamp20181392\"\n               class=\"shutterset_14ea2dae3d90de67c1fc228ab12416d8\">\n                <img\n                    title=\"Sommercamp2018(1392)\"\n                    alt=\"Sommercamp2018(1392)\"\n                    src=\"http:\/\/www.karate-neuhofen.at\/wp-content\/gallery\/10-sommercamp-2018\/thumbs\/thumbs_Sommercamp20181392.JPG\"\n                    width=\"240\"\n                    height=\"160\"\n                    style=\"max-width:100%;\"\n                \/>\n            <\/a>\n        <\/div>\n\t\t\t\t\t\t\t<\/div> \n\t\t\t\n        \n\t\t\t\t<div id=\"ngg-image-392\" class=\"ngg-gallery-thumbnail-box\" >\n\t\t\t\t        <div class=\"ngg-gallery-thumbnail\">\n            <a href=\"http:\/\/www.karate-neuhofen.at\/wp-content\/gallery\/10-sommercamp-2018\/Sommercamp20181393.JPG\"\n               title=\"\"\n               data-src=\"http:\/\/www.karate-neuhofen.at\/wp-content\/gallery\/10-sommercamp-2018\/Sommercamp20181393.JPG\"\n               data-thumbnail=\"http:\/\/www.karate-neuhofen.at\/wp-content\/gallery\/10-sommercamp-2018\/thumbs\/thumbs_Sommercamp20181393.JPG\"\n               data-image-id=\"21129\"\n               data-title=\"Sommercamp2018(1393)\"\n               data-description=\"\"\n               data-image-slug=\"sommercamp20181393\"\n               class=\"shutterset_14ea2dae3d90de67c1fc228ab12416d8\">\n                <img\n                    title=\"Sommercamp2018(1393)\"\n                    alt=\"Sommercamp2018(1393)\"\n                    src=\"http:\/\/www.karate-neuhofen.at\/wp-content\/gallery\/10-sommercamp-2018\/thumbs\/thumbs_Sommercamp20181393.JPG\"\n                    width=\"240\"\n                    height=\"160\"\n                    style=\"max-width:100%;\"\n                \/>\n            <\/a>\n        <\/div>\n\t\t\t\t\t\t\t<\/div> \n\t\t\t\n        \n\t\t\t\t<div id=\"ngg-image-393\" class=\"ngg-gallery-thumbnail-box\" >\n\t\t\t\t        <div class=\"ngg-gallery-thumbnail\">\n            <a href=\"http:\/\/www.karate-neuhofen.at\/wp-content\/gallery\/10-sommercamp-2018\/Sommercamp20181394.JPG\"\n               title=\"\"\n               data-src=\"http:\/\/www.karate-neuhofen.at\/wp-content\/gallery\/10-sommercamp-2018\/Sommercamp20181394.JPG\"\n               data-thumbnail=\"http:\/\/www.karate-neuhofen.at\/wp-content\/gallery\/10-sommercamp-2018\/thumbs\/thumbs_Sommercamp20181394.JPG\"\n               data-image-id=\"21130\"\n               data-title=\"Sommercamp2018(1394)\"\n               data-description=\"\"\n               data-image-slug=\"sommercamp20181394\"\n               class=\"shutterset_14ea2dae3d90de67c1fc228ab12416d8\">\n                <img\n                    title=\"Sommercamp2018(1394)\"\n                    alt=\"Sommercamp2018(1394)\"\n                    src=\"http:\/\/www.karate-neuhofen.at\/wp-content\/gallery\/10-sommercamp-2018\/thumbs\/thumbs_Sommercamp20181394.JPG\"\n                    width=\"240\"\n                    height=\"160\"\n                    style=\"max-width:100%;\"\n                \/>\n            <\/a>\n        <\/div>\n\t\t\t\t\t\t\t<\/div> \n\t\t\t\n        \n\t\t\t\t<div id=\"ngg-image-394\" class=\"ngg-gallery-thumbnail-box\" >\n\t\t\t\t        <div class=\"ngg-gallery-thumbnail\">\n            <a href=\"http:\/\/www.karate-neuhofen.at\/wp-content\/gallery\/10-sommercamp-2018\/Sommercamp20181395.JPG\"\n               title=\"\"\n               data-src=\"http:\/\/www.karate-neuhofen.at\/wp-content\/gallery\/10-sommercamp-2018\/Sommercamp20181395.JPG\"\n               data-thumbnail=\"http:\/\/www.karate-neuhofen.at\/wp-content\/gallery\/10-sommercamp-2018\/thumbs\/thumbs_Sommercamp20181395.JPG\"\n               data-image-id=\"21131\"\n               data-title=\"Sommercamp2018(1395)\"\n               data-description=\"\"\n               data-image-slug=\"sommercamp20181395\"\n               class=\"shutterset_14ea2dae3d90de67c1fc228ab12416d8\">\n                <img\n                    title=\"Sommercamp2018(1395)\"\n                    alt=\"Sommercamp2018(1395)\"\n                    src=\"http:\/\/www.karate-neuhofen.at\/wp-content\/gallery\/10-sommercamp-2018\/thumbs\/thumbs_Sommercamp20181395.JPG\"\n                    width=\"240\"\n                    height=\"160\"\n                    style=\"max-width:100%;\"\n                \/>\n            <\/a>\n        <\/div>\n\t\t\t\t\t\t\t<\/div> \n\t\t\t\n        \n\t\t\t\t<div id=\"ngg-image-395\" class=\"ngg-gallery-thumbnail-box\" >\n\t\t\t\t        <div class=\"ngg-gallery-thumbnail\">\n            <a href=\"http:\/\/www.karate-neuhofen.at\/wp-content\/gallery\/10-sommercamp-2018\/Sommercamp20181396.JPG\"\n               title=\"\"\n               data-src=\"http:\/\/www.karate-neuhofen.at\/wp-content\/gallery\/10-sommercamp-2018\/Sommercamp20181396.JPG\"\n               data-thumbnail=\"http:\/\/www.karate-neuhofen.at\/wp-content\/gallery\/10-sommercamp-2018\/thumbs\/thumbs_Sommercamp20181396.JPG\"\n               data-image-id=\"21132\"\n               data-title=\"Sommercamp2018(1396)\"\n               data-description=\"\"\n               data-image-slug=\"sommercamp20181396\"\n               class=\"shutterset_14ea2dae3d90de67c1fc228ab12416d8\">\n                <img\n                    title=\"Sommercamp2018(1396)\"\n                    alt=\"Sommercamp2018(1396)\"\n                    src=\"http:\/\/www.karate-neuhofen.at\/wp-content\/gallery\/10-sommercamp-2018\/thumbs\/thumbs_Sommercamp20181396.JPG\"\n                    width=\"240\"\n                    height=\"160\"\n                    style=\"max-width:100%;\"\n                \/>\n            <\/a>\n        <\/div>\n\t\t\t\t\t\t\t<\/div> \n\t\t\t\n        \n\t\t\t\t<div id=\"ngg-image-396\" class=\"ngg-gallery-thumbnail-box\" >\n\t\t\t\t        <div class=\"ngg-gallery-thumbnail\">\n            <a href=\"http:\/\/www.karate-neuhofen.at\/wp-content\/gallery\/10-sommercamp-2018\/Sommercamp20181397.JPG\"\n               title=\"\"\n               data-src=\"http:\/\/www.karate-neuhofen.at\/wp-content\/gallery\/10-sommercamp-2018\/Sommercamp20181397.JPG\"\n               data-thumbnail=\"http:\/\/www.karate-neuhofen.at\/wp-content\/gallery\/10-sommercamp-2018\/thumbs\/thumbs_Sommercamp20181397.JPG\"\n               data-image-id=\"21133\"\n               data-title=\"Sommercamp2018(1397)\"\n               data-description=\"\"\n               data-image-slug=\"sommercamp20181397\"\n               class=\"shutterset_14ea2dae3d90de67c1fc228ab12416d8\">\n                <img\n                    title=\"Sommercamp2018(1397)\"\n                    alt=\"Sommercamp2018(1397)\"\n                    src=\"http:\/\/www.karate-neuhofen.at\/wp-content\/gallery\/10-sommercamp-2018\/thumbs\/thumbs_Sommercamp20181397.JPG\"\n                    width=\"240\"\n                    height=\"160\"\n                    style=\"max-width:100%;\"\n                \/>\n            <\/a>\n        <\/div>\n\t\t\t\t\t\t\t<\/div> \n\t\t\t\n        \n\t\t\t\t<div id=\"ngg-image-397\" class=\"ngg-gallery-thumbnail-box\" >\n\t\t\t\t        <div class=\"ngg-gallery-thumbnail\">\n            <a href=\"http:\/\/www.karate-neuhofen.at\/wp-content\/gallery\/10-sommercamp-2018\/Sommercamp20181398.JPG\"\n               title=\"\"\n               data-src=\"http:\/\/www.karate-neuhofen.at\/wp-content\/gallery\/10-sommercamp-2018\/Sommercamp20181398.JPG\"\n               data-thumbnail=\"http:\/\/www.karate-neuhofen.at\/wp-content\/gallery\/10-sommercamp-2018\/thumbs\/thumbs_Sommercamp20181398.JPG\"\n               data-image-id=\"21134\"\n               data-title=\"Sommercamp2018(1398)\"\n               data-description=\"\"\n               data-image-slug=\"sommercamp20181398\"\n               class=\"shutterset_14ea2dae3d90de67c1fc228ab12416d8\">\n                <img\n                    title=\"Sommercamp2018(1398)\"\n                    alt=\"Sommercamp2018(1398)\"\n                    src=\"http:\/\/www.karate-neuhofen.at\/wp-content\/gallery\/10-sommercamp-2018\/thumbs\/thumbs_Sommercamp20181398.JPG\"\n                    width=\"240\"\n                    height=\"160\"\n                    style=\"max-width:100%;\"\n                \/>\n            <\/a>\n        <\/div>\n\t\t\t\t\t\t\t<\/div> \n\t\t\t\n        \n\t\t\t\t<div id=\"ngg-image-398\" class=\"ngg-gallery-thumbnail-box\" >\n\t\t\t\t        <div class=\"ngg-gallery-thumbnail\">\n            <a href=\"http:\/\/www.karate-neuhofen.at\/wp-content\/gallery\/10-sommercamp-2018\/Sommercamp20181399.JPG\"\n               title=\"\"\n               data-src=\"http:\/\/www.karate-neuhofen.at\/wp-content\/gallery\/10-sommercamp-2018\/Sommercamp20181399.JPG\"\n               data-thumbnail=\"http:\/\/www.karate-neuhofen.at\/wp-content\/gallery\/10-sommercamp-2018\/thumbs\/thumbs_Sommercamp20181399.JPG\"\n               data-image-id=\"21135\"\n               data-title=\"Sommercamp2018(1399)\"\n               data-description=\"\"\n               data-image-slug=\"sommercamp20181399\"\n               class=\"shutterset_14ea2dae3d90de67c1fc228ab12416d8\">\n                <img\n                    title=\"Sommercamp2018(1399)\"\n                    alt=\"Sommercamp2018(1399)\"\n                    src=\"http:\/\/www.karate-neuhofen.at\/wp-content\/gallery\/10-sommercamp-2018\/thumbs\/thumbs_Sommercamp20181399.JPG\"\n                    width=\"240\"\n                    height=\"160\"\n                    style=\"max-width:100%;\"\n                \/>\n            <\/a>\n        <\/div>\n\t\t\t\t\t\t\t<\/div> \n\t\t\t\n        \n\t\t\t\t<div id=\"ngg-image-399\" class=\"ngg-gallery-thumbnail-box\" >\n\t\t\t\t        <div class=\"ngg-gallery-thumbnail\">\n            <a href=\"http:\/\/www.karate-neuhofen.at\/wp-content\/gallery\/10-sommercamp-2018\/Sommercamp20181400.JPG\"\n               title=\"\"\n               data-src=\"http:\/\/www.karate-neuhofen.at\/wp-content\/gallery\/10-sommercamp-2018\/Sommercamp20181400.JPG\"\n               data-thumbnail=\"http:\/\/www.karate-neuhofen.at\/wp-content\/gallery\/10-sommercamp-2018\/thumbs\/thumbs_Sommercamp20181400.JPG\"\n               data-image-id=\"21136\"\n               data-title=\"Sommercamp2018(1400)\"\n               data-description=\"\"\n               data-image-slug=\"sommercamp20181400\"\n               class=\"shutterset_14ea2dae3d90de67c1fc228ab12416d8\">\n                <img\n                    title=\"Sommercamp2018(1400)\"\n                    alt=\"Sommercamp2018(1400)\"\n                    src=\"http:\/\/www.karate-neuhofen.at\/wp-content\/gallery\/10-sommercamp-2018\/thumbs\/thumbs_Sommercamp20181400.JPG\"\n                    width=\"240\"\n                    height=\"160\"\n                    style=\"max-width:100%;\"\n                \/>\n            <\/a>\n        <\/div>\n\t\t\t\t\t\t\t<\/div> \n\t\t\t\n        \n\t\t\t\t<div id=\"ngg-image-400\" class=\"ngg-gallery-thumbnail-box\" >\n\t\t\t\t        <div class=\"ngg-gallery-thumbnail\">\n            <a href=\"http:\/\/www.karate-neuhofen.at\/wp-content\/gallery\/10-sommercamp-2018\/Sommercamp20181401.JPG\"\n               title=\"\"\n               data-src=\"http:\/\/www.karate-neuhofen.at\/wp-content\/gallery\/10-sommercamp-2018\/Sommercamp20181401.JPG\"\n               data-thumbnail=\"http:\/\/www.karate-neuhofen.at\/wp-content\/gallery\/10-sommercamp-2018\/thumbs\/thumbs_Sommercamp20181401.JPG\"\n               data-image-id=\"21137\"\n               data-title=\"Sommercamp2018(1401)\"\n               data-description=\"\"\n               data-image-slug=\"sommercamp20181401\"\n               class=\"shutterset_14ea2dae3d90de67c1fc228ab12416d8\">\n                <img\n                    title=\"Sommercamp2018(1401)\"\n                    alt=\"Sommercamp2018(1401)\"\n                    src=\"http:\/\/www.karate-neuhofen.at\/wp-content\/gallery\/10-sommercamp-2018\/thumbs\/thumbs_Sommercamp20181401.JPG\"\n                    width=\"240\"\n                    height=\"160\"\n                    style=\"max-width:100%;\"\n                \/>\n            <\/a>\n        <\/div>\n\t\t\t\t\t\t\t<\/div> \n\t\t\t\n        \n\t\t\t\t<div id=\"ngg-image-401\" class=\"ngg-gallery-thumbnail-box\" >\n\t\t\t\t        <div class=\"ngg-gallery-thumbnail\">\n            <a href=\"http:\/\/www.karate-neuhofen.at\/wp-content\/gallery\/10-sommercamp-2018\/Sommercamp20181402.JPG\"\n               title=\"\"\n               data-src=\"http:\/\/www.karate-neuhofen.at\/wp-content\/gallery\/10-sommercamp-2018\/Sommercamp20181402.JPG\"\n               data-thumbnail=\"http:\/\/www.karate-neuhofen.at\/wp-content\/gallery\/10-sommercamp-2018\/thumbs\/thumbs_Sommercamp20181402.JPG\"\n               data-image-id=\"21138\"\n               data-title=\"Sommercamp2018(1402)\"\n               data-description=\"\"\n               data-image-slug=\"sommercamp20181402\"\n               class=\"shutterset_14ea2dae3d90de67c1fc228ab12416d8\">\n                <img\n                    title=\"Sommercamp2018(1402)\"\n                    alt=\"Sommercamp2018(1402)\"\n                    src=\"http:\/\/www.karate-neuhofen.at\/wp-content\/gallery\/10-sommercamp-2018\/thumbs\/thumbs_Sommercamp20181402.JPG\"\n                    width=\"240\"\n                    height=\"160\"\n                    style=\"max-width:100%;\"\n                \/>\n            <\/a>\n        <\/div>\n\t\t\t\t\t\t\t<\/div> \n\t\t\t\n        \n\t\t\t\t<div id=\"ngg-image-402\" class=\"ngg-gallery-thumbnail-box\" >\n\t\t\t\t        <div class=\"ngg-gallery-thumbnail\">\n            <a href=\"http:\/\/www.karate-neuhofen.at\/wp-content\/gallery\/10-sommercamp-2018\/Sommercamp20181403.JPG\"\n               title=\"\"\n               data-src=\"http:\/\/www.karate-neuhofen.at\/wp-content\/gallery\/10-sommercamp-2018\/Sommercamp20181403.JPG\"\n               data-thumbnail=\"http:\/\/www.karate-neuhofen.at\/wp-content\/gallery\/10-sommercamp-2018\/thumbs\/thumbs_Sommercamp20181403.JPG\"\n               data-image-id=\"21139\"\n               data-title=\"Sommercamp2018(1403)\"\n               data-description=\"\"\n               data-image-slug=\"sommercamp20181403\"\n               class=\"shutterset_14ea2dae3d90de67c1fc228ab12416d8\">\n                <img\n                    title=\"Sommercamp2018(1403)\"\n                    alt=\"Sommercamp2018(1403)\"\n                    src=\"http:\/\/www.karate-neuhofen.at\/wp-content\/gallery\/10-sommercamp-2018\/thumbs\/thumbs_Sommercamp20181403.JPG\"\n                    width=\"240\"\n                    height=\"160\"\n                    style=\"max-width:100%;\"\n                \/>\n            <\/a>\n        <\/div>\n\t\t\t\t\t\t\t<\/div> \n\t\t\t\n        \n\t\t\t\t<div id=\"ngg-image-403\" class=\"ngg-gallery-thumbnail-box\" >\n\t\t\t\t        <div class=\"ngg-gallery-thumbnail\">\n            <a href=\"http:\/\/www.karate-neuhofen.at\/wp-content\/gallery\/10-sommercamp-2018\/Sommercamp20181404.JPG\"\n               title=\"\"\n               data-src=\"http:\/\/www.karate-neuhofen.at\/wp-content\/gallery\/10-sommercamp-2018\/Sommercamp20181404.JPG\"\n               data-thumbnail=\"http:\/\/www.karate-neuhofen.at\/wp-content\/gallery\/10-sommercamp-2018\/thumbs\/thumbs_Sommercamp20181404.JPG\"\n               data-image-id=\"21140\"\n               data-title=\"Sommercamp2018(1404)\"\n               data-description=\"\"\n               data-image-slug=\"sommercamp20181404\"\n               class=\"shutterset_14ea2dae3d90de67c1fc228ab12416d8\">\n                <img\n                    title=\"Sommercamp2018(1404)\"\n                    alt=\"Sommercamp2018(1404)\"\n                    src=\"http:\/\/www.karate-neuhofen.at\/wp-content\/gallery\/10-sommercamp-2018\/thumbs\/thumbs_Sommercamp20181404.JPG\"\n                    width=\"240\"\n                    height=\"160\"\n                    style=\"max-width:100%;\"\n                \/>\n            <\/a>\n        <\/div>\n\t\t\t\t\t\t\t<\/div> \n\t\t\t\n        \n\t\t\t\t<div id=\"ngg-image-404\" class=\"ngg-gallery-thumbnail-box\" >\n\t\t\t\t        <div class=\"ngg-gallery-thumbnail\">\n            <a href=\"http:\/\/www.karate-neuhofen.at\/wp-content\/gallery\/10-sommercamp-2018\/Sommercamp20181405.JPG\"\n               title=\"\"\n               data-src=\"http:\/\/www.karate-neuhofen.at\/wp-content\/gallery\/10-sommercamp-2018\/Sommercamp20181405.JPG\"\n               data-thumbnail=\"http:\/\/www.karate-neuhofen.at\/wp-content\/gallery\/10-sommercamp-2018\/thumbs\/thumbs_Sommercamp20181405.JPG\"\n               data-image-id=\"21141\"\n               data-title=\"Sommercamp2018(1405)\"\n               data-description=\"\"\n               data-image-slug=\"sommercamp20181405\"\n               class=\"shutterset_14ea2dae3d90de67c1fc228ab12416d8\">\n                <img\n                    title=\"Sommercamp2018(1405)\"\n                    alt=\"Sommercamp2018(1405)\"\n                    src=\"http:\/\/www.karate-neuhofen.at\/wp-content\/gallery\/10-sommercamp-2018\/thumbs\/thumbs_Sommercamp20181405.JPG\"\n                    width=\"240\"\n                    height=\"160\"\n                    style=\"max-width:100%;\"\n                \/>\n            <\/a>\n        <\/div>\n\t\t\t\t\t\t\t<\/div> \n\t\t\t\n        \n\t\t\t\t<div id=\"ngg-image-405\" class=\"ngg-gallery-thumbnail-box\" >\n\t\t\t\t        <div class=\"ngg-gallery-thumbnail\">\n            <a href=\"http:\/\/www.karate-neuhofen.at\/wp-content\/gallery\/10-sommercamp-2018\/Sommercamp20181406.JPG\"\n               title=\"\"\n               data-src=\"http:\/\/www.karate-neuhofen.at\/wp-content\/gallery\/10-sommercamp-2018\/Sommercamp20181406.JPG\"\n               data-thumbnail=\"http:\/\/www.karate-neuhofen.at\/wp-content\/gallery\/10-sommercamp-2018\/thumbs\/thumbs_Sommercamp20181406.JPG\"\n               data-image-id=\"21142\"\n               data-title=\"Sommercamp2018(1406)\"\n               data-description=\"\"\n               data-image-slug=\"sommercamp20181406\"\n               class=\"shutterset_14ea2dae3d90de67c1fc228ab12416d8\">\n                <img\n                    title=\"Sommercamp2018(1406)\"\n                    alt=\"Sommercamp2018(1406)\"\n                    src=\"http:\/\/www.karate-neuhofen.at\/wp-content\/gallery\/10-sommercamp-2018\/thumbs\/thumbs_Sommercamp20181406.JPG\"\n                    width=\"240\"\n                    height=\"160\"\n                    style=\"max-width:100%;\"\n                \/>\n            <\/a>\n        <\/div>\n\t\t\t\t\t\t\t<\/div> \n\t\t\t\n        \n\t\t\t\t<div id=\"ngg-image-406\" class=\"ngg-gallery-thumbnail-box\" >\n\t\t\t\t        <div class=\"ngg-gallery-thumbnail\">\n            <a href=\"http:\/\/www.karate-neuhofen.at\/wp-content\/gallery\/10-sommercamp-2018\/Sommercamp20181407.JPG\"\n               title=\"\"\n               data-src=\"http:\/\/www.karate-neuhofen.at\/wp-content\/gallery\/10-sommercamp-2018\/Sommercamp20181407.JPG\"\n               data-thumbnail=\"http:\/\/www.karate-neuhofen.at\/wp-content\/gallery\/10-sommercamp-2018\/thumbs\/thumbs_Sommercamp20181407.JPG\"\n               data-image-id=\"21143\"\n               data-title=\"Sommercamp2018(1407)\"\n               data-description=\"\"\n               data-image-slug=\"sommercamp20181407\"\n               class=\"shutterset_14ea2dae3d90de67c1fc228ab12416d8\">\n                <img\n                    title=\"Sommercamp2018(1407)\"\n                    alt=\"Sommercamp2018(1407)\"\n                    src=\"http:\/\/www.karate-neuhofen.at\/wp-content\/gallery\/10-sommercamp-2018\/thumbs\/thumbs_Sommercamp20181407.JPG\"\n                    width=\"240\"\n                    height=\"160\"\n                    style=\"max-width:100%;\"\n                \/>\n            <\/a>\n        <\/div>\n\t\t\t\t\t\t\t<\/div> \n\t\t\t\n        \n\t\t\t\t<div id=\"ngg-image-407\" class=\"ngg-gallery-thumbnail-box\" >\n\t\t\t\t        <div class=\"ngg-gallery-thumbnail\">\n            <a href=\"http:\/\/www.karate-neuhofen.at\/wp-content\/gallery\/10-sommercamp-2018\/Sommercamp20181408.JPG\"\n               title=\"\"\n               data-src=\"http:\/\/www.karate-neuhofen.at\/wp-content\/gallery\/10-sommercamp-2018\/Sommercamp20181408.JPG\"\n               data-thumbnail=\"http:\/\/www.karate-neuhofen.at\/wp-content\/gallery\/10-sommercamp-2018\/thumbs\/thumbs_Sommercamp20181408.JPG\"\n               data-image-id=\"21144\"\n               data-title=\"Sommercamp2018(1408)\"\n               data-description=\"\"\n               data-image-slug=\"sommercamp20181408\"\n               class=\"shutterset_14ea2dae3d90de67c1fc228ab12416d8\">\n                <img\n                    title=\"Sommercamp2018(1408)\"\n                    alt=\"Sommercamp2018(1408)\"\n                    src=\"http:\/\/www.karate-neuhofen.at\/wp-content\/gallery\/10-sommercamp-2018\/thumbs\/thumbs_Sommercamp20181408.JPG\"\n                    width=\"240\"\n                    height=\"160\"\n                    style=\"max-width:100%;\"\n                \/>\n            <\/a>\n        <\/div>\n\t\t\t\t\t\t\t<\/div> \n\t\t\t\n        \n\t\t\t\t<div id=\"ngg-image-408\" class=\"ngg-gallery-thumbnail-box\" >\n\t\t\t\t        <div class=\"ngg-gallery-thumbnail\">\n            <a href=\"http:\/\/www.karate-neuhofen.at\/wp-content\/gallery\/10-sommercamp-2018\/Sommercamp20181409.JPG\"\n               title=\"\"\n               data-src=\"http:\/\/www.karate-neuhofen.at\/wp-content\/gallery\/10-sommercamp-2018\/Sommercamp20181409.JPG\"\n               data-thumbnail=\"http:\/\/www.karate-neuhofen.at\/wp-content\/gallery\/10-sommercamp-2018\/thumbs\/thumbs_Sommercamp20181409.JPG\"\n               data-image-id=\"21145\"\n               data-title=\"Sommercamp2018(1409)\"\n               data-description=\"\"\n               data-image-slug=\"sommercamp20181409\"\n               class=\"shutterset_14ea2dae3d90de67c1fc228ab12416d8\">\n                <img\n                    title=\"Sommercamp2018(1409)\"\n                    alt=\"Sommercamp2018(1409)\"\n                    src=\"http:\/\/www.karate-neuhofen.at\/wp-content\/gallery\/10-sommercamp-2018\/thumbs\/thumbs_Sommercamp20181409.JPG\"\n                    width=\"240\"\n                    height=\"160\"\n                    style=\"max-width:100%;\"\n                \/>\n            <\/a>\n        <\/div>\n\t\t\t\t\t\t\t<\/div> \n\t\t\t\n        \n\t\t\t\t<div id=\"ngg-image-409\" class=\"ngg-gallery-thumbnail-box\" >\n\t\t\t\t        <div class=\"ngg-gallery-thumbnail\">\n            <a href=\"http:\/\/www.karate-neuhofen.at\/wp-content\/gallery\/10-sommercamp-2018\/Sommercamp20181410.JPG\"\n               title=\"\"\n               data-src=\"http:\/\/www.karate-neuhofen.at\/wp-content\/gallery\/10-sommercamp-2018\/Sommercamp20181410.JPG\"\n               data-thumbnail=\"http:\/\/www.karate-neuhofen.at\/wp-content\/gallery\/10-sommercamp-2018\/thumbs\/thumbs_Sommercamp20181410.JPG\"\n               data-image-id=\"21146\"\n               data-title=\"Sommercamp2018(1410)\"\n               data-description=\"\"\n               data-image-slug=\"sommercamp20181410\"\n               class=\"shutterset_14ea2dae3d90de67c1fc228ab12416d8\">\n                <img\n                    title=\"Sommercamp2018(1410)\"\n                    alt=\"Sommercamp2018(1410)\"\n                    src=\"http:\/\/www.karate-neuhofen.at\/wp-content\/gallery\/10-sommercamp-2018\/thumbs\/thumbs_Sommercamp20181410.JPG\"\n                    width=\"240\"\n                    height=\"160\"\n                    style=\"max-width:100%;\"\n                \/>\n            <\/a>\n        <\/div>\n\t\t\t\t\t\t\t<\/div> \n\t\t\t\n        \n\t\t\t\t<div id=\"ngg-image-410\" class=\"ngg-gallery-thumbnail-box\" >\n\t\t\t\t        <div class=\"ngg-gallery-thumbnail\">\n            <a href=\"http:\/\/www.karate-neuhofen.at\/wp-content\/gallery\/10-sommercamp-2018\/Sommercamp20181411.JPG\"\n               title=\"\"\n               data-src=\"http:\/\/www.karate-neuhofen.at\/wp-content\/gallery\/10-sommercamp-2018\/Sommercamp20181411.JPG\"\n               data-thumbnail=\"http:\/\/www.karate-neuhofen.at\/wp-content\/gallery\/10-sommercamp-2018\/thumbs\/thumbs_Sommercamp20181411.JPG\"\n               data-image-id=\"21147\"\n               data-title=\"Sommercamp2018(1411)\"\n               data-description=\"\"\n               data-image-slug=\"sommercamp20181411\"\n               class=\"shutterset_14ea2dae3d90de67c1fc228ab12416d8\">\n                <img\n                    title=\"Sommercamp2018(1411)\"\n                    alt=\"Sommercamp2018(1411)\"\n                    src=\"http:\/\/www.karate-neuhofen.at\/wp-content\/gallery\/10-sommercamp-2018\/thumbs\/thumbs_Sommercamp20181411.JPG\"\n                    width=\"240\"\n                    height=\"160\"\n                    style=\"max-width:100%;\"\n                \/>\n            <\/a>\n        <\/div>\n\t\t\t\t\t\t\t<\/div> \n\t\t\t\n        \n\t\t\t\t<div id=\"ngg-image-411\" class=\"ngg-gallery-thumbnail-box\" >\n\t\t\t\t        <div class=\"ngg-gallery-thumbnail\">\n            <a href=\"http:\/\/www.karate-neuhofen.at\/wp-content\/gallery\/10-sommercamp-2018\/Sommercamp20181412.JPG\"\n               title=\"\"\n               data-src=\"http:\/\/www.karate-neuhofen.at\/wp-content\/gallery\/10-sommercamp-2018\/Sommercamp20181412.JPG\"\n               data-thumbnail=\"http:\/\/www.karate-neuhofen.at\/wp-content\/gallery\/10-sommercamp-2018\/thumbs\/thumbs_Sommercamp20181412.JPG\"\n               data-image-id=\"21148\"\n               data-title=\"Sommercamp2018(1412)\"\n               data-description=\"\"\n               data-image-slug=\"sommercamp20181412\"\n               class=\"shutterset_14ea2dae3d90de67c1fc228ab12416d8\">\n                <img\n                    title=\"Sommercamp2018(1412)\"\n                    alt=\"Sommercamp2018(1412)\"\n                    src=\"http:\/\/www.karate-neuhofen.at\/wp-content\/gallery\/10-sommercamp-2018\/thumbs\/thumbs_Sommercamp20181412.JPG\"\n                    width=\"240\"\n                    height=\"160\"\n                    style=\"max-width:100%;\"\n                \/>\n            <\/a>\n        <\/div>\n\t\t\t\t\t\t\t<\/div> \n\t\t\t\n        \n\t\t\t\t<div id=\"ngg-image-412\" class=\"ngg-gallery-thumbnail-box\" >\n\t\t\t\t        <div class=\"ngg-gallery-thumbnail\">\n            <a href=\"http:\/\/www.karate-neuhofen.at\/wp-content\/gallery\/10-sommercamp-2018\/Sommercamp20181413.JPG\"\n               title=\"\"\n               data-src=\"http:\/\/www.karate-neuhofen.at\/wp-content\/gallery\/10-sommercamp-2018\/Sommercamp20181413.JPG\"\n               data-thumbnail=\"http:\/\/www.karate-neuhofen.at\/wp-content\/gallery\/10-sommercamp-2018\/thumbs\/thumbs_Sommercamp20181413.JPG\"\n               data-image-id=\"21149\"\n               data-title=\"Sommercamp2018(1413)\"\n               data-description=\"\"\n               data-image-slug=\"sommercamp20181413\"\n               class=\"shutterset_14ea2dae3d90de67c1fc228ab12416d8\">\n                <img\n                    title=\"Sommercamp2018(1413)\"\n                    alt=\"Sommercamp2018(1413)\"\n                    src=\"http:\/\/www.karate-neuhofen.at\/wp-content\/gallery\/10-sommercamp-2018\/thumbs\/thumbs_Sommercamp20181413.JPG\"\n                    width=\"240\"\n                    height=\"160\"\n                    style=\"max-width:100%;\"\n                \/>\n            <\/a>\n        <\/div>\n\t\t\t\t\t\t\t<\/div> \n\t\t\t\n        \n\t\t\t\t<div id=\"ngg-image-413\" class=\"ngg-gallery-thumbnail-box\" >\n\t\t\t\t        <div class=\"ngg-gallery-thumbnail\">\n            <a href=\"http:\/\/www.karate-neuhofen.at\/wp-content\/gallery\/10-sommercamp-2018\/Sommercamp20181414.JPG\"\n               title=\"\"\n               data-src=\"http:\/\/www.karate-neuhofen.at\/wp-content\/gallery\/10-sommercamp-2018\/Sommercamp20181414.JPG\"\n               data-thumbnail=\"http:\/\/www.karate-neuhofen.at\/wp-content\/gallery\/10-sommercamp-2018\/thumbs\/thumbs_Sommercamp20181414.JPG\"\n               data-image-id=\"21150\"\n               data-title=\"Sommercamp2018(1414)\"\n               data-description=\"\"\n               data-image-slug=\"sommercamp20181414\"\n               class=\"shutterset_14ea2dae3d90de67c1fc228ab12416d8\">\n                <img\n                    title=\"Sommercamp2018(1414)\"\n                    alt=\"Sommercamp2018(1414)\"\n                    src=\"http:\/\/www.karate-neuhofen.at\/wp-content\/gallery\/10-sommercamp-2018\/thumbs\/thumbs_Sommercamp20181414.JPG\"\n                    width=\"240\"\n                    height=\"160\"\n                    style=\"max-width:100%;\"\n                \/>\n            <\/a>\n        <\/div>\n\t\t\t\t\t\t\t<\/div> \n\t\t\t\n        \n\t\t\t\t<div id=\"ngg-image-414\" class=\"ngg-gallery-thumbnail-box\" >\n\t\t\t\t        <div class=\"ngg-gallery-thumbnail\">\n            <a href=\"http:\/\/www.karate-neuhofen.at\/wp-content\/gallery\/10-sommercamp-2018\/Sommercamp20181415.JPG\"\n               title=\"\"\n               data-src=\"http:\/\/www.karate-neuhofen.at\/wp-content\/gallery\/10-sommercamp-2018\/Sommercamp20181415.JPG\"\n               data-thumbnail=\"http:\/\/www.karate-neuhofen.at\/wp-content\/gallery\/10-sommercamp-2018\/thumbs\/thumbs_Sommercamp20181415.JPG\"\n               data-image-id=\"21151\"\n               data-title=\"Sommercamp2018(1415)\"\n               data-description=\"\"\n               data-image-slug=\"sommercamp20181415\"\n               class=\"shutterset_14ea2dae3d90de67c1fc228ab12416d8\">\n                <img\n                    title=\"Sommercamp2018(1415)\"\n                    alt=\"Sommercamp2018(1415)\"\n                    src=\"http:\/\/www.karate-neuhofen.at\/wp-content\/gallery\/10-sommercamp-2018\/thumbs\/thumbs_Sommercamp20181415.JPG\"\n                    width=\"240\"\n                    height=\"160\"\n                    style=\"max-width:100%;\"\n                \/>\n            <\/a>\n        <\/div>\n\t\t\t\t\t\t\t<\/div> \n\t\t\t\n        \n\t\t\t\t<div id=\"ngg-image-415\" class=\"ngg-gallery-thumbnail-box\" >\n\t\t\t\t        <div class=\"ngg-gallery-thumbnail\">\n            <a href=\"http:\/\/www.karate-neuhofen.at\/wp-content\/gallery\/10-sommercamp-2018\/Sommercamp20181416.JPG\"\n               title=\"\"\n               data-src=\"http:\/\/www.karate-neuhofen.at\/wp-content\/gallery\/10-sommercamp-2018\/Sommercamp20181416.JPG\"\n               data-thumbnail=\"http:\/\/www.karate-neuhofen.at\/wp-content\/gallery\/10-sommercamp-2018\/thumbs\/thumbs_Sommercamp20181416.JPG\"\n               data-image-id=\"21152\"\n               data-title=\"Sommercamp2018(1416)\"\n               data-description=\"\"\n               data-image-slug=\"sommercamp20181416\"\n               class=\"shutterset_14ea2dae3d90de67c1fc228ab12416d8\">\n                <img\n                    title=\"Sommercamp2018(1416)\"\n                    alt=\"Sommercamp2018(1416)\"\n                    src=\"http:\/\/www.karate-neuhofen.at\/wp-content\/gallery\/10-sommercamp-2018\/thumbs\/thumbs_Sommercamp20181416.JPG\"\n                    width=\"240\"\n                    height=\"160\"\n                    style=\"max-width:100%;\"\n                \/>\n            <\/a>\n        <\/div>\n\t\t\t\t\t\t\t<\/div> \n\t\t\t\n        \n\t\t\t\t<div id=\"ngg-image-416\" class=\"ngg-gallery-thumbnail-box\" >\n\t\t\t\t        <div class=\"ngg-gallery-thumbnail\">\n            <a href=\"http:\/\/www.karate-neuhofen.at\/wp-content\/gallery\/10-sommercamp-2018\/Sommercamp20181417.JPG\"\n               title=\"\"\n               data-src=\"http:\/\/www.karate-neuhofen.at\/wp-content\/gallery\/10-sommercamp-2018\/Sommercamp20181417.JPG\"\n               data-thumbnail=\"http:\/\/www.karate-neuhofen.at\/wp-content\/gallery\/10-sommercamp-2018\/thumbs\/thumbs_Sommercamp20181417.JPG\"\n               data-image-id=\"21153\"\n               data-title=\"Sommercamp2018(1417)\"\n               data-description=\"\"\n               data-image-slug=\"sommercamp20181417\"\n               class=\"shutterset_14ea2dae3d90de67c1fc228ab12416d8\">\n                <img\n                    title=\"Sommercamp2018(1417)\"\n                    alt=\"Sommercamp2018(1417)\"\n                    src=\"http:\/\/www.karate-neuhofen.at\/wp-content\/gallery\/10-sommercamp-2018\/thumbs\/thumbs_Sommercamp20181417.JPG\"\n                    width=\"240\"\n                    height=\"160\"\n                    style=\"max-width:100%;\"\n                \/>\n            <\/a>\n        <\/div>\n\t\t\t\t\t\t\t<\/div> \n\t\t\t\n        \n\t\t\t\t<div id=\"ngg-image-417\" class=\"ngg-gallery-thumbnail-box\" >\n\t\t\t\t        <div class=\"ngg-gallery-thumbnail\">\n            <a href=\"http:\/\/www.karate-neuhofen.at\/wp-content\/gallery\/10-sommercamp-2018\/Sommercamp20181418.JPG\"\n               title=\"\"\n               data-src=\"http:\/\/www.karate-neuhofen.at\/wp-content\/gallery\/10-sommercamp-2018\/Sommercamp20181418.JPG\"\n               data-thumbnail=\"http:\/\/www.karate-neuhofen.at\/wp-content\/gallery\/10-sommercamp-2018\/thumbs\/thumbs_Sommercamp20181418.JPG\"\n               data-image-id=\"21154\"\n               data-title=\"Sommercamp2018(1418)\"\n               data-description=\"\"\n               data-image-slug=\"sommercamp20181418\"\n               class=\"shutterset_14ea2dae3d90de67c1fc228ab12416d8\">\n                <img\n                    title=\"Sommercamp2018(1418)\"\n                    alt=\"Sommercamp2018(1418)\"\n                    src=\"http:\/\/www.karate-neuhofen.at\/wp-content\/gallery\/10-sommercamp-2018\/thumbs\/thumbs_Sommercamp20181418.JPG\"\n                    width=\"240\"\n                    height=\"160\"\n                    style=\"max-width:100%;\"\n                \/>\n            <\/a>\n        <\/div>\n\t\t\t\t\t\t\t<\/div> \n\t\t\t\n        \n\t\t\t\t<div id=\"ngg-image-418\" class=\"ngg-gallery-thumbnail-box\" >\n\t\t\t\t        <div class=\"ngg-gallery-thumbnail\">\n            <a href=\"http:\/\/www.karate-neuhofen.at\/wp-content\/gallery\/10-sommercamp-2018\/Sommercamp20181419.JPG\"\n               title=\"\"\n               data-src=\"http:\/\/www.karate-neuhofen.at\/wp-content\/gallery\/10-sommercamp-2018\/Sommercamp20181419.JPG\"\n               data-thumbnail=\"http:\/\/www.karate-neuhofen.at\/wp-content\/gallery\/10-sommercamp-2018\/thumbs\/thumbs_Sommercamp20181419.JPG\"\n               data-image-id=\"21155\"\n               data-title=\"Sommercamp2018(1419)\"\n               data-description=\"\"\n               data-image-slug=\"sommercamp20181419\"\n               class=\"shutterset_14ea2dae3d90de67c1fc228ab12416d8\">\n                <img\n                    title=\"Sommercamp2018(1419)\"\n                    alt=\"Sommercamp2018(1419)\"\n                    src=\"http:\/\/www.karate-neuhofen.at\/wp-content\/gallery\/10-sommercamp-2018\/thumbs\/thumbs_Sommercamp20181419.JPG\"\n                    width=\"240\"\n                    height=\"160\"\n                    style=\"max-width:100%;\"\n                \/>\n            <\/a>\n        <\/div>\n\t\t\t\t\t\t\t<\/div> \n\t\t\t\n        \n\t\t\t\t<div id=\"ngg-image-419\" class=\"ngg-gallery-thumbnail-box\" >\n\t\t\t\t        <div class=\"ngg-gallery-thumbnail\">\n            <a href=\"http:\/\/www.karate-neuhofen.at\/wp-content\/gallery\/10-sommercamp-2018\/Sommercamp20181420.JPG\"\n               title=\"\"\n               data-src=\"http:\/\/www.karate-neuhofen.at\/wp-content\/gallery\/10-sommercamp-2018\/Sommercamp20181420.JPG\"\n               data-thumbnail=\"http:\/\/www.karate-neuhofen.at\/wp-content\/gallery\/10-sommercamp-2018\/thumbs\/thumbs_Sommercamp20181420.JPG\"\n               data-image-id=\"21156\"\n               data-title=\"Sommercamp2018(1420)\"\n               data-description=\"\"\n               data-image-slug=\"sommercamp20181420\"\n               class=\"shutterset_14ea2dae3d90de67c1fc228ab12416d8\">\n                <img\n                    title=\"Sommercamp2018(1420)\"\n                    alt=\"Sommercamp2018(1420)\"\n                    src=\"http:\/\/www.karate-neuhofen.at\/wp-content\/gallery\/10-sommercamp-2018\/thumbs\/thumbs_Sommercamp20181420.JPG\"\n                    width=\"240\"\n                    height=\"160\"\n                    style=\"max-width:100%;\"\n                \/>\n            <\/a>\n        <\/div>\n\t\t\t\t\t\t\t<\/div> \n\t\t\t\n        \n\t\t\t\t<div id=\"ngg-image-420\" class=\"ngg-gallery-thumbnail-box\" >\n\t\t\t\t        <div class=\"ngg-gallery-thumbnail\">\n            <a href=\"http:\/\/www.karate-neuhofen.at\/wp-content\/gallery\/10-sommercamp-2018\/Sommercamp20181421.JPG\"\n               title=\"\"\n               data-src=\"http:\/\/www.karate-neuhofen.at\/wp-content\/gallery\/10-sommercamp-2018\/Sommercamp20181421.JPG\"\n               data-thumbnail=\"http:\/\/www.karate-neuhofen.at\/wp-content\/gallery\/10-sommercamp-2018\/thumbs\/thumbs_Sommercamp20181421.JPG\"\n               data-image-id=\"21157\"\n               data-title=\"Sommercamp2018(1421)\"\n               data-description=\"\"\n               data-image-slug=\"sommercamp20181421\"\n               class=\"shutterset_14ea2dae3d90de67c1fc228ab12416d8\">\n                <img\n                    title=\"Sommercamp2018(1421)\"\n                    alt=\"Sommercamp2018(1421)\"\n                    src=\"http:\/\/www.karate-neuhofen.at\/wp-content\/gallery\/10-sommercamp-2018\/thumbs\/thumbs_Sommercamp20181421.JPG\"\n                    width=\"240\"\n                    height=\"160\"\n                    style=\"max-width:100%;\"\n                \/>\n            <\/a>\n        <\/div>\n\t\t\t\t\t\t\t<\/div> \n\t\t\t\n        \n\t\t\t\t<div id=\"ngg-image-421\" class=\"ngg-gallery-thumbnail-box\" >\n\t\t\t\t        <div class=\"ngg-gallery-thumbnail\">\n            <a href=\"http:\/\/www.karate-neuhofen.at\/wp-content\/gallery\/10-sommercamp-2018\/Sommercamp20181422.JPG\"\n               title=\"\"\n               data-src=\"http:\/\/www.karate-neuhofen.at\/wp-content\/gallery\/10-sommercamp-2018\/Sommercamp20181422.JPG\"\n               data-thumbnail=\"http:\/\/www.karate-neuhofen.at\/wp-content\/gallery\/10-sommercamp-2018\/thumbs\/thumbs_Sommercamp20181422.JPG\"\n               data-image-id=\"21158\"\n               data-title=\"Sommercamp2018(1422)\"\n               data-description=\"\"\n               data-image-slug=\"sommercamp20181422\"\n               class=\"shutterset_14ea2dae3d90de67c1fc228ab12416d8\">\n                <img\n                    title=\"Sommercamp2018(1422)\"\n                    alt=\"Sommercamp2018(1422)\"\n                    src=\"http:\/\/www.karate-neuhofen.at\/wp-content\/gallery\/10-sommercamp-2018\/thumbs\/thumbs_Sommercamp20181422.JPG\"\n                    width=\"240\"\n                    height=\"160\"\n                    style=\"max-width:100%;\"\n                \/>\n            <\/a>\n        <\/div>\n\t\t\t\t\t\t\t<\/div> \n\t\t\t\n        \n\t\t\t\t<div id=\"ngg-image-422\" class=\"ngg-gallery-thumbnail-box\" >\n\t\t\t\t        <div class=\"ngg-gallery-thumbnail\">\n            <a href=\"http:\/\/www.karate-neuhofen.at\/wp-content\/gallery\/10-sommercamp-2018\/Sommercamp20181423.JPG\"\n               title=\"\"\n               data-src=\"http:\/\/www.karate-neuhofen.at\/wp-content\/gallery\/10-sommercamp-2018\/Sommercamp20181423.JPG\"\n               data-thumbnail=\"http:\/\/www.karate-neuhofen.at\/wp-content\/gallery\/10-sommercamp-2018\/thumbs\/thumbs_Sommercamp20181423.JPG\"\n               data-image-id=\"21159\"\n               data-title=\"Sommercamp2018(1423)\"\n               data-description=\"\"\n               data-image-slug=\"sommercamp20181423\"\n               class=\"shutterset_14ea2dae3d90de67c1fc228ab12416d8\">\n                <img\n                    title=\"Sommercamp2018(1423)\"\n                    alt=\"Sommercamp2018(1423)\"\n                    src=\"http:\/\/www.karate-neuhofen.at\/wp-content\/gallery\/10-sommercamp-2018\/thumbs\/thumbs_Sommercamp20181423.JPG\"\n                    width=\"240\"\n                    height=\"160\"\n                    style=\"max-width:100%;\"\n                \/>\n            <\/a>\n        <\/div>\n\t\t\t\t\t\t\t<\/div> \n\t\t\t\n        \n\t\t\t\t<div id=\"ngg-image-423\" class=\"ngg-gallery-thumbnail-box\" >\n\t\t\t\t        <div class=\"ngg-gallery-thumbnail\">\n            <a href=\"http:\/\/www.karate-neuhofen.at\/wp-content\/gallery\/10-sommercamp-2018\/Sommercamp20181424.JPG\"\n               title=\"\"\n               data-src=\"http:\/\/www.karate-neuhofen.at\/wp-content\/gallery\/10-sommercamp-2018\/Sommercamp20181424.JPG\"\n               data-thumbnail=\"http:\/\/www.karate-neuhofen.at\/wp-content\/gallery\/10-sommercamp-2018\/thumbs\/thumbs_Sommercamp20181424.JPG\"\n               data-image-id=\"21160\"\n               data-title=\"Sommercamp2018(1424)\"\n               data-description=\"\"\n               data-image-slug=\"sommercamp20181424\"\n               class=\"shutterset_14ea2dae3d90de67c1fc228ab12416d8\">\n                <img\n                    title=\"Sommercamp2018(1424)\"\n                    alt=\"Sommercamp2018(1424)\"\n                    src=\"http:\/\/www.karate-neuhofen.at\/wp-content\/gallery\/10-sommercamp-2018\/thumbs\/thumbs_Sommercamp20181424.JPG\"\n                    width=\"240\"\n                    height=\"160\"\n                    style=\"max-width:100%;\"\n                \/>\n            <\/a>\n        <\/div>\n\t\t\t\t\t\t\t<\/div> \n\t\t\t\n        \n\t\t\t\t<div id=\"ngg-image-424\" class=\"ngg-gallery-thumbnail-box\" >\n\t\t\t\t        <div class=\"ngg-gallery-thumbnail\">\n            <a href=\"http:\/\/www.karate-neuhofen.at\/wp-content\/gallery\/10-sommercamp-2018\/Sommercamp20181425.JPG\"\n               title=\"\"\n               data-src=\"http:\/\/www.karate-neuhofen.at\/wp-content\/gallery\/10-sommercamp-2018\/Sommercamp20181425.JPG\"\n               data-thumbnail=\"http:\/\/www.karate-neuhofen.at\/wp-content\/gallery\/10-sommercamp-2018\/thumbs\/thumbs_Sommercamp20181425.JPG\"\n               data-image-id=\"21161\"\n               data-title=\"Sommercamp2018(1425)\"\n               data-description=\"\"\n               data-image-slug=\"sommercamp20181425\"\n               class=\"shutterset_14ea2dae3d90de67c1fc228ab12416d8\">\n                <img\n                    title=\"Sommercamp2018(1425)\"\n                    alt=\"Sommercamp2018(1425)\"\n                    src=\"http:\/\/www.karate-neuhofen.at\/wp-content\/gallery\/10-sommercamp-2018\/thumbs\/thumbs_Sommercamp20181425.JPG\"\n                    width=\"240\"\n                    height=\"160\"\n                    style=\"max-width:100%;\"\n                \/>\n            <\/a>\n        <\/div>\n\t\t\t\t\t\t\t<\/div> \n\t\t\t\n        \n\t\t\t\t<div id=\"ngg-image-425\" class=\"ngg-gallery-thumbnail-box\" >\n\t\t\t\t        <div class=\"ngg-gallery-thumbnail\">\n            <a href=\"http:\/\/www.karate-neuhofen.at\/wp-content\/gallery\/10-sommercamp-2018\/Sommercamp20181426.JPG\"\n               title=\"\"\n               data-src=\"http:\/\/www.karate-neuhofen.at\/wp-content\/gallery\/10-sommercamp-2018\/Sommercamp20181426.JPG\"\n               data-thumbnail=\"http:\/\/www.karate-neuhofen.at\/wp-content\/gallery\/10-sommercamp-2018\/thumbs\/thumbs_Sommercamp20181426.JPG\"\n               data-image-id=\"21162\"\n               data-title=\"Sommercamp2018(1426)\"\n               data-description=\"\"\n               data-image-slug=\"sommercamp20181426\"\n               class=\"shutterset_14ea2dae3d90de67c1fc228ab12416d8\">\n                <img\n                    title=\"Sommercamp2018(1426)\"\n                    alt=\"Sommercamp2018(1426)\"\n                    src=\"http:\/\/www.karate-neuhofen.at\/wp-content\/gallery\/10-sommercamp-2018\/thumbs\/thumbs_Sommercamp20181426.JPG\"\n                    width=\"240\"\n                    height=\"160\"\n                    style=\"max-width:100%;\"\n                \/>\n            <\/a>\n        <\/div>\n\t\t\t\t\t\t\t<\/div> \n\t\t\t\n        \n\t\t\t\t<div id=\"ngg-image-426\" class=\"ngg-gallery-thumbnail-box\" >\n\t\t\t\t        <div class=\"ngg-gallery-thumbnail\">\n            <a href=\"http:\/\/www.karate-neuhofen.at\/wp-content\/gallery\/10-sommercamp-2018\/Sommercamp20181427.JPG\"\n               title=\"\"\n               data-src=\"http:\/\/www.karate-neuhofen.at\/wp-content\/gallery\/10-sommercamp-2018\/Sommercamp20181427.JPG\"\n               data-thumbnail=\"http:\/\/www.karate-neuhofen.at\/wp-content\/gallery\/10-sommercamp-2018\/thumbs\/thumbs_Sommercamp20181427.JPG\"\n               data-image-id=\"21163\"\n               data-title=\"Sommercamp2018(1427)\"\n               data-description=\"\"\n               data-image-slug=\"sommercamp20181427\"\n               class=\"shutterset_14ea2dae3d90de67c1fc228ab12416d8\">\n                <img\n                    title=\"Sommercamp2018(1427)\"\n                    alt=\"Sommercamp2018(1427)\"\n                    src=\"http:\/\/www.karate-neuhofen.at\/wp-content\/gallery\/10-sommercamp-2018\/thumbs\/thumbs_Sommercamp20181427.JPG\"\n                    width=\"240\"\n                    height=\"160\"\n                    style=\"max-width:100%;\"\n                \/>\n            <\/a>\n        <\/div>\n\t\t\t\t\t\t\t<\/div> \n\t\t\t\n        \n\t\t\t\t<div id=\"ngg-image-427\" class=\"ngg-gallery-thumbnail-box\" >\n\t\t\t\t        <div class=\"ngg-gallery-thumbnail\">\n            <a href=\"http:\/\/www.karate-neuhofen.at\/wp-content\/gallery\/10-sommercamp-2018\/Sommercamp20181428.JPG\"\n               title=\"\"\n               data-src=\"http:\/\/www.karate-neuhofen.at\/wp-content\/gallery\/10-sommercamp-2018\/Sommercamp20181428.JPG\"\n               data-thumbnail=\"http:\/\/www.karate-neuhofen.at\/wp-content\/gallery\/10-sommercamp-2018\/thumbs\/thumbs_Sommercamp20181428.JPG\"\n               data-image-id=\"21164\"\n               data-title=\"Sommercamp2018(1428)\"\n               data-description=\"\"\n               data-image-slug=\"sommercamp20181428\"\n               class=\"shutterset_14ea2dae3d90de67c1fc228ab12416d8\">\n                <img\n                    title=\"Sommercamp2018(1428)\"\n                    alt=\"Sommercamp2018(1428)\"\n                    src=\"http:\/\/www.karate-neuhofen.at\/wp-content\/gallery\/10-sommercamp-2018\/thumbs\/thumbs_Sommercamp20181428.JPG\"\n                    width=\"240\"\n                    height=\"160\"\n                    style=\"max-width:100%;\"\n                \/>\n            <\/a>\n        <\/div>\n\t\t\t\t\t\t\t<\/div> \n\t\t\t\n        \n\t\t\t\t<div id=\"ngg-image-428\" class=\"ngg-gallery-thumbnail-box\" >\n\t\t\t\t        <div class=\"ngg-gallery-thumbnail\">\n            <a href=\"http:\/\/www.karate-neuhofen.at\/wp-content\/gallery\/10-sommercamp-2018\/Sommercamp20181429.JPG\"\n               title=\"\"\n               data-src=\"http:\/\/www.karate-neuhofen.at\/wp-content\/gallery\/10-sommercamp-2018\/Sommercamp20181429.JPG\"\n               data-thumbnail=\"http:\/\/www.karate-neuhofen.at\/wp-content\/gallery\/10-sommercamp-2018\/thumbs\/thumbs_Sommercamp20181429.JPG\"\n               data-image-id=\"21165\"\n               data-title=\"Sommercamp2018(1429)\"\n               data-description=\"\"\n               data-image-slug=\"sommercamp20181429\"\n               class=\"shutterset_14ea2dae3d90de67c1fc228ab12416d8\">\n                <img\n                    title=\"Sommercamp2018(1429)\"\n                    alt=\"Sommercamp2018(1429)\"\n                    src=\"http:\/\/www.karate-neuhofen.at\/wp-content\/gallery\/10-sommercamp-2018\/thumbs\/thumbs_Sommercamp20181429.JPG\"\n                    width=\"240\"\n                    height=\"160\"\n                    style=\"max-width:100%;\"\n                \/>\n            <\/a>\n        <\/div>\n\t\t\t\t\t\t\t<\/div> \n\t\t\t\n        \n\t\t\t\t<div id=\"ngg-image-429\" class=\"ngg-gallery-thumbnail-box\" >\n\t\t\t\t        <div class=\"ngg-gallery-thumbnail\">\n            <a href=\"http:\/\/www.karate-neuhofen.at\/wp-content\/gallery\/10-sommercamp-2018\/Sommercamp20181430.JPG\"\n               title=\"\"\n               data-src=\"http:\/\/www.karate-neuhofen.at\/wp-content\/gallery\/10-sommercamp-2018\/Sommercamp20181430.JPG\"\n               data-thumbnail=\"http:\/\/www.karate-neuhofen.at\/wp-content\/gallery\/10-sommercamp-2018\/thumbs\/thumbs_Sommercamp20181430.JPG\"\n               data-image-id=\"21166\"\n               data-title=\"Sommercamp2018(1430)\"\n               data-description=\"\"\n               data-image-slug=\"sommercamp20181430\"\n               class=\"shutterset_14ea2dae3d90de67c1fc228ab12416d8\">\n                <img\n                    title=\"Sommercamp2018(1430)\"\n                    alt=\"Sommercamp2018(1430)\"\n                    src=\"http:\/\/www.karate-neuhofen.at\/wp-content\/gallery\/10-sommercamp-2018\/thumbs\/thumbs_Sommercamp20181430.JPG\"\n                    width=\"240\"\n                    height=\"160\"\n                    style=\"max-width:100%;\"\n                \/>\n            <\/a>\n        <\/div>\n\t\t\t\t\t\t\t<\/div> \n\t\t\t\n        \n\t\t\t\t<div id=\"ngg-image-430\" class=\"ngg-gallery-thumbnail-box\" >\n\t\t\t\t        <div class=\"ngg-gallery-thumbnail\">\n            <a href=\"http:\/\/www.karate-neuhofen.at\/wp-content\/gallery\/10-sommercamp-2018\/Sommercamp20181431.JPG\"\n               title=\"\"\n               data-src=\"http:\/\/www.karate-neuhofen.at\/wp-content\/gallery\/10-sommercamp-2018\/Sommercamp20181431.JPG\"\n               data-thumbnail=\"http:\/\/www.karate-neuhofen.at\/wp-content\/gallery\/10-sommercamp-2018\/thumbs\/thumbs_Sommercamp20181431.JPG\"\n               data-image-id=\"21167\"\n               data-title=\"Sommercamp2018(1431)\"\n               data-description=\"\"\n               data-image-slug=\"sommercamp20181431\"\n               class=\"shutterset_14ea2dae3d90de67c1fc228ab12416d8\">\n                <img\n                    title=\"Sommercamp2018(1431)\"\n                    alt=\"Sommercamp2018(1431)\"\n                    src=\"http:\/\/www.karate-neuhofen.at\/wp-content\/gallery\/10-sommercamp-2018\/thumbs\/thumbs_Sommercamp20181431.JPG\"\n                    width=\"240\"\n                    height=\"160\"\n                    style=\"max-width:100%;\"\n                \/>\n            <\/a>\n        <\/div>\n\t\t\t\t\t\t\t<\/div> \n\t\t\t\n        \n\t\t\t\t<div id=\"ngg-image-431\" class=\"ngg-gallery-thumbnail-box\" >\n\t\t\t\t        <div class=\"ngg-gallery-thumbnail\">\n            <a href=\"http:\/\/www.karate-neuhofen.at\/wp-content\/gallery\/10-sommercamp-2018\/Sommercamp20181432.JPG\"\n               title=\"\"\n               data-src=\"http:\/\/www.karate-neuhofen.at\/wp-content\/gallery\/10-sommercamp-2018\/Sommercamp20181432.JPG\"\n               data-thumbnail=\"http:\/\/www.karate-neuhofen.at\/wp-content\/gallery\/10-sommercamp-2018\/thumbs\/thumbs_Sommercamp20181432.JPG\"\n               data-image-id=\"21168\"\n               data-title=\"Sommercamp2018(1432)\"\n               data-description=\"\"\n               data-image-slug=\"sommercamp20181432\"\n               class=\"shutterset_14ea2dae3d90de67c1fc228ab12416d8\">\n                <img\n                    title=\"Sommercamp2018(1432)\"\n                    alt=\"Sommercamp2018(1432)\"\n                    src=\"http:\/\/www.karate-neuhofen.at\/wp-content\/gallery\/10-sommercamp-2018\/thumbs\/thumbs_Sommercamp20181432.JPG\"\n                    width=\"240\"\n                    height=\"160\"\n                    style=\"max-width:100%;\"\n                \/>\n            <\/a>\n        <\/div>\n\t\t\t\t\t\t\t<\/div> \n\t\t\t\n        \n\t\t\t\t<div id=\"ngg-image-432\" class=\"ngg-gallery-thumbnail-box\" >\n\t\t\t\t        <div class=\"ngg-gallery-thumbnail\">\n            <a href=\"http:\/\/www.karate-neuhofen.at\/wp-content\/gallery\/10-sommercamp-2018\/Sommercamp20181433.JPG\"\n               title=\"\"\n               data-src=\"http:\/\/www.karate-neuhofen.at\/wp-content\/gallery\/10-sommercamp-2018\/Sommercamp20181433.JPG\"\n               data-thumbnail=\"http:\/\/www.karate-neuhofen.at\/wp-content\/gallery\/10-sommercamp-2018\/thumbs\/thumbs_Sommercamp20181433.JPG\"\n               data-image-id=\"21169\"\n               data-title=\"Sommercamp2018(1433)\"\n               data-description=\"\"\n               data-image-slug=\"sommercamp20181433\"\n               class=\"shutterset_14ea2dae3d90de67c1fc228ab12416d8\">\n                <img\n                    title=\"Sommercamp2018(1433)\"\n                    alt=\"Sommercamp2018(1433)\"\n                    src=\"http:\/\/www.karate-neuhofen.at\/wp-content\/gallery\/10-sommercamp-2018\/thumbs\/thumbs_Sommercamp20181433.JPG\"\n                    width=\"240\"\n                    height=\"160\"\n                    style=\"max-width:100%;\"\n                \/>\n            <\/a>\n        <\/div>\n\t\t\t\t\t\t\t<\/div> \n\t\t\t\n        \n\t\t\t\t<div id=\"ngg-image-433\" class=\"ngg-gallery-thumbnail-box\" >\n\t\t\t\t        <div class=\"ngg-gallery-thumbnail\">\n            <a href=\"http:\/\/www.karate-neuhofen.at\/wp-content\/gallery\/10-sommercamp-2018\/Sommercamp20181434.JPG\"\n               title=\"\"\n               data-src=\"http:\/\/www.karate-neuhofen.at\/wp-content\/gallery\/10-sommercamp-2018\/Sommercamp20181434.JPG\"\n               data-thumbnail=\"http:\/\/www.karate-neuhofen.at\/wp-content\/gallery\/10-sommercamp-2018\/thumbs\/thumbs_Sommercamp20181434.JPG\"\n               data-image-id=\"21170\"\n               data-title=\"Sommercamp2018(1434)\"\n               data-description=\"\"\n               data-image-slug=\"sommercamp20181434\"\n               class=\"shutterset_14ea2dae3d90de67c1fc228ab12416d8\">\n                <img\n                    title=\"Sommercamp2018(1434)\"\n                    alt=\"Sommercamp2018(1434)\"\n                    src=\"http:\/\/www.karate-neuhofen.at\/wp-content\/gallery\/10-sommercamp-2018\/thumbs\/thumbs_Sommercamp20181434.JPG\"\n                    width=\"240\"\n                    height=\"160\"\n                    style=\"max-width:100%;\"\n                \/>\n            <\/a>\n        <\/div>\n\t\t\t\t\t\t\t<\/div> \n\t\t\t\n        \n\t\t\t\t<div id=\"ngg-image-434\" class=\"ngg-gallery-thumbnail-box\" >\n\t\t\t\t        <div class=\"ngg-gallery-thumbnail\">\n            <a href=\"http:\/\/www.karate-neuhofen.at\/wp-content\/gallery\/10-sommercamp-2018\/Sommercamp20181435.JPG\"\n               title=\"\"\n               data-src=\"http:\/\/www.karate-neuhofen.at\/wp-content\/gallery\/10-sommercamp-2018\/Sommercamp20181435.JPG\"\n               data-thumbnail=\"http:\/\/www.karate-neuhofen.at\/wp-content\/gallery\/10-sommercamp-2018\/thumbs\/thumbs_Sommercamp20181435.JPG\"\n               data-image-id=\"21171\"\n               data-title=\"Sommercamp2018(1435)\"\n               data-description=\"\"\n               data-image-slug=\"sommercamp20181435\"\n               class=\"shutterset_14ea2dae3d90de67c1fc228ab12416d8\">\n                <img\n                    title=\"Sommercamp2018(1435)\"\n                    alt=\"Sommercamp2018(1435)\"\n                    src=\"http:\/\/www.karate-neuhofen.at\/wp-content\/gallery\/10-sommercamp-2018\/thumbs\/thumbs_Sommercamp20181435.JPG\"\n                    width=\"240\"\n                    height=\"160\"\n                    style=\"max-width:100%;\"\n                \/>\n            <\/a>\n        <\/div>\n\t\t\t\t\t\t\t<\/div> \n\t\t\t\n        \n\t\t\t\t<div id=\"ngg-image-435\" class=\"ngg-gallery-thumbnail-box\" >\n\t\t\t\t        <div class=\"ngg-gallery-thumbnail\">\n            <a href=\"http:\/\/www.karate-neuhofen.at\/wp-content\/gallery\/10-sommercamp-2018\/Sommercamp20181436.JPG\"\n               title=\"\"\n               data-src=\"http:\/\/www.karate-neuhofen.at\/wp-content\/gallery\/10-sommercamp-2018\/Sommercamp20181436.JPG\"\n               data-thumbnail=\"http:\/\/www.karate-neuhofen.at\/wp-content\/gallery\/10-sommercamp-2018\/thumbs\/thumbs_Sommercamp20181436.JPG\"\n               data-image-id=\"21172\"\n               data-title=\"Sommercamp2018(1436)\"\n               data-description=\"\"\n               data-image-slug=\"sommercamp20181436\"\n               class=\"shutterset_14ea2dae3d90de67c1fc228ab12416d8\">\n                <img\n                    title=\"Sommercamp2018(1436)\"\n                    alt=\"Sommercamp2018(1436)\"\n                    src=\"http:\/\/www.karate-neuhofen.at\/wp-content\/gallery\/10-sommercamp-2018\/thumbs\/thumbs_Sommercamp20181436.JPG\"\n                    width=\"240\"\n                    height=\"160\"\n                    style=\"max-width:100%;\"\n                \/>\n            <\/a>\n        <\/div>\n\t\t\t\t\t\t\t<\/div> \n\t\t\t\n        \n\t\t\t\t<div id=\"ngg-image-436\" class=\"ngg-gallery-thumbnail-box\" >\n\t\t\t\t        <div class=\"ngg-gallery-thumbnail\">\n            <a href=\"http:\/\/www.karate-neuhofen.at\/wp-content\/gallery\/10-sommercamp-2018\/Sommercamp20181437.JPG\"\n               title=\"\"\n               data-src=\"http:\/\/www.karate-neuhofen.at\/wp-content\/gallery\/10-sommercamp-2018\/Sommercamp20181437.JPG\"\n               data-thumbnail=\"http:\/\/www.karate-neuhofen.at\/wp-content\/gallery\/10-sommercamp-2018\/thumbs\/thumbs_Sommercamp20181437.JPG\"\n               data-image-id=\"21173\"\n               data-title=\"Sommercamp2018(1437)\"\n               data-description=\"\"\n               data-image-slug=\"sommercamp20181437\"\n               class=\"shutterset_14ea2dae3d90de67c1fc228ab12416d8\">\n                <img\n                    title=\"Sommercamp2018(1437)\"\n                    alt=\"Sommercamp2018(1437)\"\n                    src=\"http:\/\/www.karate-neuhofen.at\/wp-content\/gallery\/10-sommercamp-2018\/thumbs\/thumbs_Sommercamp20181437.JPG\"\n                    width=\"240\"\n                    height=\"160\"\n                    style=\"max-width:100%;\"\n                \/>\n            <\/a>\n        <\/div>\n\t\t\t\t\t\t\t<\/div> \n\t\t\t\n        \n\t\t\t\t<div id=\"ngg-image-437\" class=\"ngg-gallery-thumbnail-box\" >\n\t\t\t\t        <div class=\"ngg-gallery-thumbnail\">\n            <a href=\"http:\/\/www.karate-neuhofen.at\/wp-content\/gallery\/10-sommercamp-2018\/Sommercamp20181438.JPG\"\n               title=\"\"\n               data-src=\"http:\/\/www.karate-neuhofen.at\/wp-content\/gallery\/10-sommercamp-2018\/Sommercamp20181438.JPG\"\n               data-thumbnail=\"http:\/\/www.karate-neuhofen.at\/wp-content\/gallery\/10-sommercamp-2018\/thumbs\/thumbs_Sommercamp20181438.JPG\"\n               data-image-id=\"21174\"\n               data-title=\"Sommercamp2018(1438)\"\n               data-description=\"\"\n               data-image-slug=\"sommercamp20181438\"\n               class=\"shutterset_14ea2dae3d90de67c1fc228ab12416d8\">\n                <img\n                    title=\"Sommercamp2018(1438)\"\n                    alt=\"Sommercamp2018(1438)\"\n                    src=\"http:\/\/www.karate-neuhofen.at\/wp-content\/gallery\/10-sommercamp-2018\/thumbs\/thumbs_Sommercamp20181438.JPG\"\n                    width=\"240\"\n                    height=\"160\"\n                    style=\"max-width:100%;\"\n                \/>\n            <\/a>\n        <\/div>\n\t\t\t\t\t\t\t<\/div> \n\t\t\t\n        \n\t\t\t\t<div id=\"ngg-image-438\" class=\"ngg-gallery-thumbnail-box\" >\n\t\t\t\t        <div class=\"ngg-gallery-thumbnail\">\n            <a href=\"http:\/\/www.karate-neuhofen.at\/wp-content\/gallery\/10-sommercamp-2018\/Sommercamp20181439.JPG\"\n               title=\"\"\n               data-src=\"http:\/\/www.karate-neuhofen.at\/wp-content\/gallery\/10-sommercamp-2018\/Sommercamp20181439.JPG\"\n               data-thumbnail=\"http:\/\/www.karate-neuhofen.at\/wp-content\/gallery\/10-sommercamp-2018\/thumbs\/thumbs_Sommercamp20181439.JPG\"\n               data-image-id=\"21175\"\n               data-title=\"Sommercamp2018(1439)\"\n               data-description=\"\"\n               data-image-slug=\"sommercamp20181439\"\n               class=\"shutterset_14ea2dae3d90de67c1fc228ab12416d8\">\n                <img\n                    title=\"Sommercamp2018(1439)\"\n                    alt=\"Sommercamp2018(1439)\"\n                    src=\"http:\/\/www.karate-neuhofen.at\/wp-content\/gallery\/10-sommercamp-2018\/thumbs\/thumbs_Sommercamp20181439.JPG\"\n                    width=\"240\"\n                    height=\"160\"\n                    style=\"max-width:100%;\"\n                \/>\n            <\/a>\n        <\/div>\n\t\t\t\t\t\t\t<\/div> \n\t\t\t\n        \n\t\t\t\t<div id=\"ngg-image-439\" class=\"ngg-gallery-thumbnail-box\" >\n\t\t\t\t        <div class=\"ngg-gallery-thumbnail\">\n            <a href=\"http:\/\/www.karate-neuhofen.at\/wp-content\/gallery\/10-sommercamp-2018\/Sommercamp20181440.JPG\"\n               title=\"\"\n               data-src=\"http:\/\/www.karate-neuhofen.at\/wp-content\/gallery\/10-sommercamp-2018\/Sommercamp20181440.JPG\"\n               data-thumbnail=\"http:\/\/www.karate-neuhofen.at\/wp-content\/gallery\/10-sommercamp-2018\/thumbs\/thumbs_Sommercamp20181440.JPG\"\n               data-image-id=\"21176\"\n               data-title=\"Sommercamp2018(1440)\"\n               data-description=\"\"\n               data-image-slug=\"sommercamp20181440\"\n               class=\"shutterset_14ea2dae3d90de67c1fc228ab12416d8\">\n                <img\n                    title=\"Sommercamp2018(1440)\"\n                    alt=\"Sommercamp2018(1440)\"\n                    src=\"http:\/\/www.karate-neuhofen.at\/wp-content\/gallery\/10-sommercamp-2018\/thumbs\/thumbs_Sommercamp20181440.JPG\"\n                    width=\"240\"\n                    height=\"160\"\n                    style=\"max-width:100%;\"\n                \/>\n            <\/a>\n        <\/div>\n\t\t\t\t\t\t\t<\/div> \n\t\t\t\n        \n\t\t\t\t<div id=\"ngg-image-440\" class=\"ngg-gallery-thumbnail-box\" >\n\t\t\t\t        <div class=\"ngg-gallery-thumbnail\">\n            <a href=\"http:\/\/www.karate-neuhofen.at\/wp-content\/gallery\/10-sommercamp-2018\/Sommercamp20181441.JPG\"\n               title=\"\"\n               data-src=\"http:\/\/www.karate-neuhofen.at\/wp-content\/gallery\/10-sommercamp-2018\/Sommercamp20181441.JPG\"\n               data-thumbnail=\"http:\/\/www.karate-neuhofen.at\/wp-content\/gallery\/10-sommercamp-2018\/thumbs\/thumbs_Sommercamp20181441.JPG\"\n               data-image-id=\"21177\"\n               data-title=\"Sommercamp2018(1441)\"\n               data-description=\"\"\n               data-image-slug=\"sommercamp20181441\"\n               class=\"shutterset_14ea2dae3d90de67c1fc228ab12416d8\">\n                <img\n                    title=\"Sommercamp2018(1441)\"\n                    alt=\"Sommercamp2018(1441)\"\n                    src=\"http:\/\/www.karate-neuhofen.at\/wp-content\/gallery\/10-sommercamp-2018\/thumbs\/thumbs_Sommercamp20181441.JPG\"\n                    width=\"240\"\n                    height=\"160\"\n                    style=\"max-width:100%;\"\n                \/>\n            <\/a>\n        <\/div>\n\t\t\t\t\t\t\t<\/div> \n\t\t\t\n        \n\t\t\t\t<div id=\"ngg-image-441\" class=\"ngg-gallery-thumbnail-box\" >\n\t\t\t\t        <div class=\"ngg-gallery-thumbnail\">\n            <a href=\"http:\/\/www.karate-neuhofen.at\/wp-content\/gallery\/10-sommercamp-2018\/Sommercamp20181442.JPG\"\n               title=\"\"\n               data-src=\"http:\/\/www.karate-neuhofen.at\/wp-content\/gallery\/10-sommercamp-2018\/Sommercamp20181442.JPG\"\n               data-thumbnail=\"http:\/\/www.karate-neuhofen.at\/wp-content\/gallery\/10-sommercamp-2018\/thumbs\/thumbs_Sommercamp20181442.JPG\"\n               data-image-id=\"21178\"\n               data-title=\"Sommercamp2018(1442)\"\n               data-description=\"\"\n               data-image-slug=\"sommercamp20181442\"\n               class=\"shutterset_14ea2dae3d90de67c1fc228ab12416d8\">\n                <img\n                    title=\"Sommercamp2018(1442)\"\n                    alt=\"Sommercamp2018(1442)\"\n                    src=\"http:\/\/www.karate-neuhofen.at\/wp-content\/gallery\/10-sommercamp-2018\/thumbs\/thumbs_Sommercamp20181442.JPG\"\n                    width=\"240\"\n                    height=\"160\"\n                    style=\"max-width:100%;\"\n                \/>\n            <\/a>\n        <\/div>\n\t\t\t\t\t\t\t<\/div> \n\t\t\t\n        \n\t\t\t\t<div id=\"ngg-image-442\" class=\"ngg-gallery-thumbnail-box\" >\n\t\t\t\t        <div class=\"ngg-gallery-thumbnail\">\n            <a href=\"http:\/\/www.karate-neuhofen.at\/wp-content\/gallery\/10-sommercamp-2018\/Sommercamp20181443.JPG\"\n               title=\"\"\n               data-src=\"http:\/\/www.karate-neuhofen.at\/wp-content\/gallery\/10-sommercamp-2018\/Sommercamp20181443.JPG\"\n               data-thumbnail=\"http:\/\/www.karate-neuhofen.at\/wp-content\/gallery\/10-sommercamp-2018\/thumbs\/thumbs_Sommercamp20181443.JPG\"\n               data-image-id=\"21179\"\n               data-title=\"Sommercamp2018(1443)\"\n               data-description=\"\"\n               data-image-slug=\"sommercamp20181443\"\n               class=\"shutterset_14ea2dae3d90de67c1fc228ab12416d8\">\n                <img\n                    title=\"Sommercamp2018(1443)\"\n                    alt=\"Sommercamp2018(1443)\"\n                    src=\"http:\/\/www.karate-neuhofen.at\/wp-content\/gallery\/10-sommercamp-2018\/thumbs\/thumbs_Sommercamp20181443.JPG\"\n                    width=\"240\"\n                    height=\"160\"\n                    style=\"max-width:100%;\"\n                \/>\n            <\/a>\n        <\/div>\n\t\t\t\t\t\t\t<\/div> \n\t\t\t\n        \n\t\t\t\t<div id=\"ngg-image-443\" class=\"ngg-gallery-thumbnail-box\" >\n\t\t\t\t        <div class=\"ngg-gallery-thumbnail\">\n            <a href=\"http:\/\/www.karate-neuhofen.at\/wp-content\/gallery\/10-sommercamp-2018\/Sommercamp20181444.JPG\"\n               title=\"\"\n               data-src=\"http:\/\/www.karate-neuhofen.at\/wp-content\/gallery\/10-sommercamp-2018\/Sommercamp20181444.JPG\"\n               data-thumbnail=\"http:\/\/www.karate-neuhofen.at\/wp-content\/gallery\/10-sommercamp-2018\/thumbs\/thumbs_Sommercamp20181444.JPG\"\n               data-image-id=\"21180\"\n               data-title=\"Sommercamp2018(1444)\"\n               data-description=\"\"\n               data-image-slug=\"sommercamp20181444\"\n               class=\"shutterset_14ea2dae3d90de67c1fc228ab12416d8\">\n                <img\n                    title=\"Sommercamp2018(1444)\"\n                    alt=\"Sommercamp2018(1444)\"\n                    src=\"http:\/\/www.karate-neuhofen.at\/wp-content\/gallery\/10-sommercamp-2018\/thumbs\/thumbs_Sommercamp20181444.JPG\"\n                    width=\"240\"\n                    height=\"160\"\n                    style=\"max-width:100%;\"\n                \/>\n            <\/a>\n        <\/div>\n\t\t\t\t\t\t\t<\/div> \n\t\t\t\n        \n\t\t\t\t<div id=\"ngg-image-444\" class=\"ngg-gallery-thumbnail-box\" >\n\t\t\t\t        <div class=\"ngg-gallery-thumbnail\">\n            <a href=\"http:\/\/www.karate-neuhofen.at\/wp-content\/gallery\/10-sommercamp-2018\/Sommercamp20181445.JPG\"\n               title=\"\"\n               data-src=\"http:\/\/www.karate-neuhofen.at\/wp-content\/gallery\/10-sommercamp-2018\/Sommercamp20181445.JPG\"\n               data-thumbnail=\"http:\/\/www.karate-neuhofen.at\/wp-content\/gallery\/10-sommercamp-2018\/thumbs\/thumbs_Sommercamp20181445.JPG\"\n               data-image-id=\"21181\"\n               data-title=\"Sommercamp2018(1445)\"\n               data-description=\"\"\n               data-image-slug=\"sommercamp20181445\"\n               class=\"shutterset_14ea2dae3d90de67c1fc228ab12416d8\">\n                <img\n                    title=\"Sommercamp2018(1445)\"\n                    alt=\"Sommercamp2018(1445)\"\n                    src=\"http:\/\/www.karate-neuhofen.at\/wp-content\/gallery\/10-sommercamp-2018\/thumbs\/thumbs_Sommercamp20181445.JPG\"\n                    width=\"240\"\n                    height=\"160\"\n                    style=\"max-width:100%;\"\n                \/>\n            <\/a>\n        <\/div>\n\t\t\t\t\t\t\t<\/div> \n\t\t\t\n        \n\t\t\t\t<div id=\"ngg-image-445\" class=\"ngg-gallery-thumbnail-box\" >\n\t\t\t\t        <div class=\"ngg-gallery-thumbnail\">\n            <a href=\"http:\/\/www.karate-neuhofen.at\/wp-content\/gallery\/10-sommercamp-2018\/Sommercamp20181446.JPG\"\n               title=\"\"\n               data-src=\"http:\/\/www.karate-neuhofen.at\/wp-content\/gallery\/10-sommercamp-2018\/Sommercamp20181446.JPG\"\n               data-thumbnail=\"http:\/\/www.karate-neuhofen.at\/wp-content\/gallery\/10-sommercamp-2018\/thumbs\/thumbs_Sommercamp20181446.JPG\"\n               data-image-id=\"21182\"\n               data-title=\"Sommercamp2018(1446)\"\n               data-description=\"\"\n               data-image-slug=\"sommercamp20181446\"\n               class=\"shutterset_14ea2dae3d90de67c1fc228ab12416d8\">\n                <img\n                    title=\"Sommercamp2018(1446)\"\n                    alt=\"Sommercamp2018(1446)\"\n                    src=\"http:\/\/www.karate-neuhofen.at\/wp-content\/gallery\/10-sommercamp-2018\/thumbs\/thumbs_Sommercamp20181446.JPG\"\n                    width=\"240\"\n                    height=\"160\"\n                    style=\"max-width:100%;\"\n                \/>\n            <\/a>\n        <\/div>\n\t\t\t\t\t\t\t<\/div> \n\t\t\t\n        \n\t\t\t\t<div id=\"ngg-image-446\" class=\"ngg-gallery-thumbnail-box\" >\n\t\t\t\t        <div class=\"ngg-gallery-thumbnail\">\n            <a href=\"http:\/\/www.karate-neuhofen.at\/wp-content\/gallery\/10-sommercamp-2018\/Sommercamp20181447.JPG\"\n               title=\"\"\n               data-src=\"http:\/\/www.karate-neuhofen.at\/wp-content\/gallery\/10-sommercamp-2018\/Sommercamp20181447.JPG\"\n               data-thumbnail=\"http:\/\/www.karate-neuhofen.at\/wp-content\/gallery\/10-sommercamp-2018\/thumbs\/thumbs_Sommercamp20181447.JPG\"\n               data-image-id=\"21183\"\n               data-title=\"Sommercamp2018(1447)\"\n               data-description=\"\"\n               data-image-slug=\"sommercamp20181447\"\n               class=\"shutterset_14ea2dae3d90de67c1fc228ab12416d8\">\n                <img\n                    title=\"Sommercamp2018(1447)\"\n                    alt=\"Sommercamp2018(1447)\"\n                    src=\"http:\/\/www.karate-neuhofen.at\/wp-content\/gallery\/10-sommercamp-2018\/thumbs\/thumbs_Sommercamp20181447.JPG\"\n                    width=\"240\"\n                    height=\"160\"\n                    style=\"max-width:100%;\"\n                \/>\n            <\/a>\n        <\/div>\n\t\t\t\t\t\t\t<\/div> \n\t\t\t\n        \n\t\t\t\t<div id=\"ngg-image-447\" class=\"ngg-gallery-thumbnail-box\" >\n\t\t\t\t        <div class=\"ngg-gallery-thumbnail\">\n            <a href=\"http:\/\/www.karate-neuhofen.at\/wp-content\/gallery\/10-sommercamp-2018\/Sommercamp20181448.JPG\"\n               title=\"\"\n               data-src=\"http:\/\/www.karate-neuhofen.at\/wp-content\/gallery\/10-sommercamp-2018\/Sommercamp20181448.JPG\"\n               data-thumbnail=\"http:\/\/www.karate-neuhofen.at\/wp-content\/gallery\/10-sommercamp-2018\/thumbs\/thumbs_Sommercamp20181448.JPG\"\n               data-image-id=\"21184\"\n               data-title=\"Sommercamp2018(1448)\"\n               data-description=\"\"\n               data-image-slug=\"sommercamp20181448\"\n               class=\"shutterset_14ea2dae3d90de67c1fc228ab12416d8\">\n                <img\n                    title=\"Sommercamp2018(1448)\"\n                    alt=\"Sommercamp2018(1448)\"\n                    src=\"http:\/\/www.karate-neuhofen.at\/wp-content\/gallery\/10-sommercamp-2018\/thumbs\/thumbs_Sommercamp20181448.JPG\"\n                    width=\"240\"\n                    height=\"160\"\n                    style=\"max-width:100%;\"\n                \/>\n            <\/a>\n        <\/div>\n\t\t\t\t\t\t\t<\/div> \n\t\t\t\n        \n\t\t\t\t<div id=\"ngg-image-448\" class=\"ngg-gallery-thumbnail-box\" >\n\t\t\t\t        <div class=\"ngg-gallery-thumbnail\">\n            <a href=\"http:\/\/www.karate-neuhofen.at\/wp-content\/gallery\/10-sommercamp-2018\/Sommercamp20181449.JPG\"\n               title=\"\"\n               data-src=\"http:\/\/www.karate-neuhofen.at\/wp-content\/gallery\/10-sommercamp-2018\/Sommercamp20181449.JPG\"\n               data-thumbnail=\"http:\/\/www.karate-neuhofen.at\/wp-content\/gallery\/10-sommercamp-2018\/thumbs\/thumbs_Sommercamp20181449.JPG\"\n               data-image-id=\"21185\"\n               data-title=\"Sommercamp2018(1449)\"\n               data-description=\"\"\n               data-image-slug=\"sommercamp20181449\"\n               class=\"shutterset_14ea2dae3d90de67c1fc228ab12416d8\">\n                <img\n                    title=\"Sommercamp2018(1449)\"\n                    alt=\"Sommercamp2018(1449)\"\n                    src=\"http:\/\/www.karate-neuhofen.at\/wp-content\/gallery\/10-sommercamp-2018\/thumbs\/thumbs_Sommercamp20181449.JPG\"\n                    width=\"240\"\n                    height=\"160\"\n                    style=\"max-width:100%;\"\n                \/>\n            <\/a>\n        <\/div>\n\t\t\t\t\t\t\t<\/div> \n\t\t\t\n        \n\t\t\t\t<div id=\"ngg-image-449\" class=\"ngg-gallery-thumbnail-box\" >\n\t\t\t\t        <div class=\"ngg-gallery-thumbnail\">\n            <a href=\"http:\/\/www.karate-neuhofen.at\/wp-content\/gallery\/10-sommercamp-2018\/Sommercamp20181450.JPG\"\n               title=\"\"\n               data-src=\"http:\/\/www.karate-neuhofen.at\/wp-content\/gallery\/10-sommercamp-2018\/Sommercamp20181450.JPG\"\n               data-thumbnail=\"http:\/\/www.karate-neuhofen.at\/wp-content\/gallery\/10-sommercamp-2018\/thumbs\/thumbs_Sommercamp20181450.JPG\"\n               data-image-id=\"21186\"\n               data-title=\"Sommercamp2018(1450)\"\n               data-description=\"\"\n               data-image-slug=\"sommercamp20181450\"\n               class=\"shutterset_14ea2dae3d90de67c1fc228ab12416d8\">\n                <img\n                    title=\"Sommercamp2018(1450)\"\n                    alt=\"Sommercamp2018(1450)\"\n                    src=\"http:\/\/www.karate-neuhofen.at\/wp-content\/gallery\/10-sommercamp-2018\/thumbs\/thumbs_Sommercamp20181450.JPG\"\n                    width=\"240\"\n                    height=\"160\"\n                    style=\"max-width:100%;\"\n                \/>\n            <\/a>\n        <\/div>\n\t\t\t\t\t\t\t<\/div> \n\t\t\t\n        \n\t\t\t\t<div id=\"ngg-image-450\" class=\"ngg-gallery-thumbnail-box\" >\n\t\t\t\t        <div class=\"ngg-gallery-thumbnail\">\n            <a href=\"http:\/\/www.karate-neuhofen.at\/wp-content\/gallery\/10-sommercamp-2018\/Sommercamp20181451.JPG\"\n               title=\"\"\n               data-src=\"http:\/\/www.karate-neuhofen.at\/wp-content\/gallery\/10-sommercamp-2018\/Sommercamp20181451.JPG\"\n               data-thumbnail=\"http:\/\/www.karate-neuhofen.at\/wp-content\/gallery\/10-sommercamp-2018\/thumbs\/thumbs_Sommercamp20181451.JPG\"\n               data-image-id=\"21187\"\n               data-title=\"Sommercamp2018(1451)\"\n               data-description=\"\"\n               data-image-slug=\"sommercamp20181451\"\n               class=\"shutterset_14ea2dae3d90de67c1fc228ab12416d8\">\n                <img\n                    title=\"Sommercamp2018(1451)\"\n                    alt=\"Sommercamp2018(1451)\"\n                    src=\"http:\/\/www.karate-neuhofen.at\/wp-content\/gallery\/10-sommercamp-2018\/thumbs\/thumbs_Sommercamp20181451.JPG\"\n                    width=\"240\"\n                    height=\"160\"\n                    style=\"max-width:100%;\"\n                \/>\n            <\/a>\n        <\/div>\n\t\t\t\t\t\t\t<\/div> \n\t\t\t\n        \n\t\t\t\t<div id=\"ngg-image-451\" class=\"ngg-gallery-thumbnail-box\" >\n\t\t\t\t        <div class=\"ngg-gallery-thumbnail\">\n            <a href=\"http:\/\/www.karate-neuhofen.at\/wp-content\/gallery\/10-sommercamp-2018\/Sommercamp20181452.JPG\"\n               title=\"\"\n               data-src=\"http:\/\/www.karate-neuhofen.at\/wp-content\/gallery\/10-sommercamp-2018\/Sommercamp20181452.JPG\"\n               data-thumbnail=\"http:\/\/www.karate-neuhofen.at\/wp-content\/gallery\/10-sommercamp-2018\/thumbs\/thumbs_Sommercamp20181452.JPG\"\n               data-image-id=\"21188\"\n               data-title=\"Sommercamp2018(1452)\"\n               data-description=\"\"\n               data-image-slug=\"sommercamp20181452\"\n               class=\"shutterset_14ea2dae3d90de67c1fc228ab12416d8\">\n                <img\n                    title=\"Sommercamp2018(1452)\"\n                    alt=\"Sommercamp2018(1452)\"\n                    src=\"http:\/\/www.karate-neuhofen.at\/wp-content\/gallery\/10-sommercamp-2018\/thumbs\/thumbs_Sommercamp20181452.JPG\"\n                    width=\"240\"\n                    height=\"160\"\n                    style=\"max-width:100%;\"\n                \/>\n            <\/a>\n        <\/div>\n\t\t\t\t\t\t\t<\/div> \n\t\t\t\n        \n\t\t\t\t<div id=\"ngg-image-452\" class=\"ngg-gallery-thumbnail-box\" >\n\t\t\t\t        <div class=\"ngg-gallery-thumbnail\">\n            <a href=\"http:\/\/www.karate-neuhofen.at\/wp-content\/gallery\/10-sommercamp-2018\/Sommercamp20181453.JPG\"\n               title=\"\"\n               data-src=\"http:\/\/www.karate-neuhofen.at\/wp-content\/gallery\/10-sommercamp-2018\/Sommercamp20181453.JPG\"\n               data-thumbnail=\"http:\/\/www.karate-neuhofen.at\/wp-content\/gallery\/10-sommercamp-2018\/thumbs\/thumbs_Sommercamp20181453.JPG\"\n               data-image-id=\"21189\"\n               data-title=\"Sommercamp2018(1453)\"\n               data-description=\"\"\n               data-image-slug=\"sommercamp20181453\"\n               class=\"shutterset_14ea2dae3d90de67c1fc228ab12416d8\">\n                <img\n                    title=\"Sommercamp2018(1453)\"\n                    alt=\"Sommercamp2018(1453)\"\n                    src=\"http:\/\/www.karate-neuhofen.at\/wp-content\/gallery\/10-sommercamp-2018\/thumbs\/thumbs_Sommercamp20181453.JPG\"\n                    width=\"240\"\n                    height=\"160\"\n                    style=\"max-width:100%;\"\n                \/>\n            <\/a>\n        <\/div>\n\t\t\t\t\t\t\t<\/div> \n\t\t\t\n        \n\t\t\t\t<div id=\"ngg-image-453\" class=\"ngg-gallery-thumbnail-box\" >\n\t\t\t\t        <div class=\"ngg-gallery-thumbnail\">\n            <a href=\"http:\/\/www.karate-neuhofen.at\/wp-content\/gallery\/10-sommercamp-2018\/Sommercamp20181454.JPG\"\n               title=\"\"\n               data-src=\"http:\/\/www.karate-neuhofen.at\/wp-content\/gallery\/10-sommercamp-2018\/Sommercamp20181454.JPG\"\n               data-thumbnail=\"http:\/\/www.karate-neuhofen.at\/wp-content\/gallery\/10-sommercamp-2018\/thumbs\/thumbs_Sommercamp20181454.JPG\"\n               data-image-id=\"21190\"\n               data-title=\"Sommercamp2018(1454)\"\n               data-description=\"\"\n               data-image-slug=\"sommercamp20181454\"\n               class=\"shutterset_14ea2dae3d90de67c1fc228ab12416d8\">\n                <img\n                    title=\"Sommercamp2018(1454)\"\n                    alt=\"Sommercamp2018(1454)\"\n                    src=\"http:\/\/www.karate-neuhofen.at\/wp-content\/gallery\/10-sommercamp-2018\/thumbs\/thumbs_Sommercamp20181454.JPG\"\n                    width=\"240\"\n                    height=\"160\"\n                    style=\"max-width:100%;\"\n                \/>\n            <\/a>\n        <\/div>\n\t\t\t\t\t\t\t<\/div> \n\t\t\t\n        \n\t\t\t\t<div id=\"ngg-image-454\" class=\"ngg-gallery-thumbnail-box\" >\n\t\t\t\t        <div class=\"ngg-gallery-thumbnail\">\n            <a href=\"http:\/\/www.karate-neuhofen.at\/wp-content\/gallery\/10-sommercamp-2018\/Sommercamp20181455.JPG\"\n               title=\"\"\n               data-src=\"http:\/\/www.karate-neuhofen.at\/wp-content\/gallery\/10-sommercamp-2018\/Sommercamp20181455.JPG\"\n               data-thumbnail=\"http:\/\/www.karate-neuhofen.at\/wp-content\/gallery\/10-sommercamp-2018\/thumbs\/thumbs_Sommercamp20181455.JPG\"\n               data-image-id=\"21191\"\n               data-title=\"Sommercamp2018(1455)\"\n               data-description=\"\"\n               data-image-slug=\"sommercamp20181455\"\n               class=\"shutterset_14ea2dae3d90de67c1fc228ab12416d8\">\n                <img\n                    title=\"Sommercamp2018(1455)\"\n                    alt=\"Sommercamp2018(1455)\"\n                    src=\"http:\/\/www.karate-neuhofen.at\/wp-content\/gallery\/10-sommercamp-2018\/thumbs\/thumbs_Sommercamp20181455.JPG\"\n                    width=\"240\"\n                    height=\"160\"\n                    style=\"max-width:100%;\"\n                \/>\n            <\/a>\n        <\/div>\n\t\t\t\t\t\t\t<\/div> \n\t\t\t\n        \n\t\t\t\t<div id=\"ngg-image-455\" class=\"ngg-gallery-thumbnail-box\" >\n\t\t\t\t        <div class=\"ngg-gallery-thumbnail\">\n            <a href=\"http:\/\/www.karate-neuhofen.at\/wp-content\/gallery\/10-sommercamp-2018\/Sommercamp20181456.JPG\"\n               title=\"\"\n               data-src=\"http:\/\/www.karate-neuhofen.at\/wp-content\/gallery\/10-sommercamp-2018\/Sommercamp20181456.JPG\"\n               data-thumbnail=\"http:\/\/www.karate-neuhofen.at\/wp-content\/gallery\/10-sommercamp-2018\/thumbs\/thumbs_Sommercamp20181456.JPG\"\n               data-image-id=\"21192\"\n               data-title=\"Sommercamp2018(1456)\"\n               data-description=\"\"\n               data-image-slug=\"sommercamp20181456\"\n               class=\"shutterset_14ea2dae3d90de67c1fc228ab12416d8\">\n                <img\n                    title=\"Sommercamp2018(1456)\"\n                    alt=\"Sommercamp2018(1456)\"\n                    src=\"http:\/\/www.karate-neuhofen.at\/wp-content\/gallery\/10-sommercamp-2018\/thumbs\/thumbs_Sommercamp20181456.JPG\"\n                    width=\"240\"\n                    height=\"160\"\n                    style=\"max-width:100%;\"\n                \/>\n            <\/a>\n        <\/div>\n\t\t\t\t\t\t\t<\/div> \n\t\t\t\n        \n\t\t\t\t<div id=\"ngg-image-456\" class=\"ngg-gallery-thumbnail-box\" >\n\t\t\t\t        <div class=\"ngg-gallery-thumbnail\">\n            <a href=\"http:\/\/www.karate-neuhofen.at\/wp-content\/gallery\/10-sommercamp-2018\/Sommercamp20181457.JPG\"\n               title=\"\"\n               data-src=\"http:\/\/www.karate-neuhofen.at\/wp-content\/gallery\/10-sommercamp-2018\/Sommercamp20181457.JPG\"\n               data-thumbnail=\"http:\/\/www.karate-neuhofen.at\/wp-content\/gallery\/10-sommercamp-2018\/thumbs\/thumbs_Sommercamp20181457.JPG\"\n               data-image-id=\"21193\"\n               data-title=\"Sommercamp2018(1457)\"\n               data-description=\"\"\n               data-image-slug=\"sommercamp20181457\"\n               class=\"shutterset_14ea2dae3d90de67c1fc228ab12416d8\">\n                <img\n                    title=\"Sommercamp2018(1457)\"\n                    alt=\"Sommercamp2018(1457)\"\n                    src=\"http:\/\/www.karate-neuhofen.at\/wp-content\/gallery\/10-sommercamp-2018\/thumbs\/thumbs_Sommercamp20181457.JPG\"\n                    width=\"240\"\n                    height=\"160\"\n                    style=\"max-width:100%;\"\n                \/>\n            <\/a>\n        <\/div>\n\t\t\t\t\t\t\t<\/div> \n\t\t\t\n        \n\t\t\t\t<div id=\"ngg-image-457\" class=\"ngg-gallery-thumbnail-box\" >\n\t\t\t\t        <div class=\"ngg-gallery-thumbnail\">\n            <a href=\"http:\/\/www.karate-neuhofen.at\/wp-content\/gallery\/10-sommercamp-2018\/Sommercamp20181458.JPG\"\n               title=\"\"\n               data-src=\"http:\/\/www.karate-neuhofen.at\/wp-content\/gallery\/10-sommercamp-2018\/Sommercamp20181458.JPG\"\n               data-thumbnail=\"http:\/\/www.karate-neuhofen.at\/wp-content\/gallery\/10-sommercamp-2018\/thumbs\/thumbs_Sommercamp20181458.JPG\"\n               data-image-id=\"21194\"\n               data-title=\"Sommercamp2018(1458)\"\n               data-description=\"\"\n               data-image-slug=\"sommercamp20181458\"\n               class=\"shutterset_14ea2dae3d90de67c1fc228ab12416d8\">\n                <img\n                    title=\"Sommercamp2018(1458)\"\n                    alt=\"Sommercamp2018(1458)\"\n                    src=\"http:\/\/www.karate-neuhofen.at\/wp-content\/gallery\/10-sommercamp-2018\/thumbs\/thumbs_Sommercamp20181458.JPG\"\n                    width=\"240\"\n                    height=\"160\"\n                    style=\"max-width:100%;\"\n                \/>\n            <\/a>\n        <\/div>\n\t\t\t\t\t\t\t<\/div> \n\t\t\t\n        \n\t\t\t\t<div id=\"ngg-image-458\" class=\"ngg-gallery-thumbnail-box\" >\n\t\t\t\t        <div class=\"ngg-gallery-thumbnail\">\n            <a href=\"http:\/\/www.karate-neuhofen.at\/wp-content\/gallery\/10-sommercamp-2018\/Sommercamp20181459.JPG\"\n               title=\"\"\n               data-src=\"http:\/\/www.karate-neuhofen.at\/wp-content\/gallery\/10-sommercamp-2018\/Sommercamp20181459.JPG\"\n               data-thumbnail=\"http:\/\/www.karate-neuhofen.at\/wp-content\/gallery\/10-sommercamp-2018\/thumbs\/thumbs_Sommercamp20181459.JPG\"\n               data-image-id=\"21195\"\n               data-title=\"Sommercamp2018(1459)\"\n               data-description=\"\"\n               data-image-slug=\"sommercamp20181459\"\n               class=\"shutterset_14ea2dae3d90de67c1fc228ab12416d8\">\n                <img\n                    title=\"Sommercamp2018(1459)\"\n                    alt=\"Sommercamp2018(1459)\"\n                    src=\"http:\/\/www.karate-neuhofen.at\/wp-content\/gallery\/10-sommercamp-2018\/thumbs\/thumbs_Sommercamp20181459.JPG\"\n                    width=\"240\"\n                    height=\"160\"\n                    style=\"max-width:100%;\"\n                \/>\n            <\/a>\n        <\/div>\n\t\t\t\t\t\t\t<\/div> \n\t\t\t\n        \n\t\t\t\t<div id=\"ngg-image-459\" class=\"ngg-gallery-thumbnail-box\" >\n\t\t\t\t        <div class=\"ngg-gallery-thumbnail\">\n            <a href=\"http:\/\/www.karate-neuhofen.at\/wp-content\/gallery\/10-sommercamp-2018\/Sommercamp20181460.JPG\"\n               title=\"\"\n               data-src=\"http:\/\/www.karate-neuhofen.at\/wp-content\/gallery\/10-sommercamp-2018\/Sommercamp20181460.JPG\"\n               data-thumbnail=\"http:\/\/www.karate-neuhofen.at\/wp-content\/gallery\/10-sommercamp-2018\/thumbs\/thumbs_Sommercamp20181460.JPG\"\n               data-image-id=\"21196\"\n               data-title=\"Sommercamp2018(1460)\"\n               data-description=\"\"\n               data-image-slug=\"sommercamp20181460\"\n               class=\"shutterset_14ea2dae3d90de67c1fc228ab12416d8\">\n                <img\n                    title=\"Sommercamp2018(1460)\"\n                    alt=\"Sommercamp2018(1460)\"\n                    src=\"http:\/\/www.karate-neuhofen.at\/wp-content\/gallery\/10-sommercamp-2018\/thumbs\/thumbs_Sommercamp20181460.JPG\"\n                    width=\"240\"\n                    height=\"160\"\n                    style=\"max-width:100%;\"\n                \/>\n            <\/a>\n        <\/div>\n\t\t\t\t\t\t\t<\/div> \n\t\t\t\n        \n\t\t\t\t<div id=\"ngg-image-460\" class=\"ngg-gallery-thumbnail-box\" >\n\t\t\t\t        <div class=\"ngg-gallery-thumbnail\">\n            <a href=\"http:\/\/www.karate-neuhofen.at\/wp-content\/gallery\/10-sommercamp-2018\/Sommercamp20181461.JPG\"\n               title=\"\"\n               data-src=\"http:\/\/www.karate-neuhofen.at\/wp-content\/gallery\/10-sommercamp-2018\/Sommercamp20181461.JPG\"\n               data-thumbnail=\"http:\/\/www.karate-neuhofen.at\/wp-content\/gallery\/10-sommercamp-2018\/thumbs\/thumbs_Sommercamp20181461.JPG\"\n               data-image-id=\"21197\"\n               data-title=\"Sommercamp2018(1461)\"\n               data-description=\"\"\n               data-image-slug=\"sommercamp20181461\"\n               class=\"shutterset_14ea2dae3d90de67c1fc228ab12416d8\">\n                <img\n                    title=\"Sommercamp2018(1461)\"\n                    alt=\"Sommercamp2018(1461)\"\n                    src=\"http:\/\/www.karate-neuhofen.at\/wp-content\/gallery\/10-sommercamp-2018\/thumbs\/thumbs_Sommercamp20181461.JPG\"\n                    width=\"240\"\n                    height=\"160\"\n                    style=\"max-width:100%;\"\n                \/>\n            <\/a>\n        <\/div>\n\t\t\t\t\t\t\t<\/div> \n\t\t\t\n        \n\t\t\t\t<div id=\"ngg-image-461\" class=\"ngg-gallery-thumbnail-box\" >\n\t\t\t\t        <div class=\"ngg-gallery-thumbnail\">\n            <a href=\"http:\/\/www.karate-neuhofen.at\/wp-content\/gallery\/10-sommercamp-2018\/Sommercamp20181462.JPG\"\n               title=\"\"\n               data-src=\"http:\/\/www.karate-neuhofen.at\/wp-content\/gallery\/10-sommercamp-2018\/Sommercamp20181462.JPG\"\n               data-thumbnail=\"http:\/\/www.karate-neuhofen.at\/wp-content\/gallery\/10-sommercamp-2018\/thumbs\/thumbs_Sommercamp20181462.JPG\"\n               data-image-id=\"21198\"\n               data-title=\"Sommercamp2018(1462)\"\n               data-description=\"\"\n               data-image-slug=\"sommercamp20181462\"\n               class=\"shutterset_14ea2dae3d90de67c1fc228ab12416d8\">\n                <img\n                    title=\"Sommercamp2018(1462)\"\n                    alt=\"Sommercamp2018(1462)\"\n                    src=\"http:\/\/www.karate-neuhofen.at\/wp-content\/gallery\/10-sommercamp-2018\/thumbs\/thumbs_Sommercamp20181462.JPG\"\n                    width=\"240\"\n                    height=\"160\"\n                    style=\"max-width:100%;\"\n                \/>\n            <\/a>\n        <\/div>\n\t\t\t\t\t\t\t<\/div> \n\t\t\t\n        \n\t\t\t\t<div id=\"ngg-image-462\" class=\"ngg-gallery-thumbnail-box\" >\n\t\t\t\t        <div class=\"ngg-gallery-thumbnail\">\n            <a href=\"http:\/\/www.karate-neuhofen.at\/wp-content\/gallery\/10-sommercamp-2018\/Sommercamp20181463.JPG\"\n               title=\"\"\n               data-src=\"http:\/\/www.karate-neuhofen.at\/wp-content\/gallery\/10-sommercamp-2018\/Sommercamp20181463.JPG\"\n               data-thumbnail=\"http:\/\/www.karate-neuhofen.at\/wp-content\/gallery\/10-sommercamp-2018\/thumbs\/thumbs_Sommercamp20181463.JPG\"\n               data-image-id=\"21199\"\n               data-title=\"Sommercamp2018(1463)\"\n               data-description=\"\"\n               data-image-slug=\"sommercamp20181463\"\n               class=\"shutterset_14ea2dae3d90de67c1fc228ab12416d8\">\n                <img\n                    title=\"Sommercamp2018(1463)\"\n                    alt=\"Sommercamp2018(1463)\"\n                    src=\"http:\/\/www.karate-neuhofen.at\/wp-content\/gallery\/10-sommercamp-2018\/thumbs\/thumbs_Sommercamp20181463.JPG\"\n                    width=\"240\"\n                    height=\"160\"\n                    style=\"max-width:100%;\"\n                \/>\n            <\/a>\n        <\/div>\n\t\t\t\t\t\t\t<\/div> \n\t\t\t\n        \n\t\t\t\t<div id=\"ngg-image-463\" class=\"ngg-gallery-thumbnail-box\" >\n\t\t\t\t        <div class=\"ngg-gallery-thumbnail\">\n            <a href=\"http:\/\/www.karate-neuhofen.at\/wp-content\/gallery\/10-sommercamp-2018\/Sommercamp20181464.JPG\"\n               title=\"\"\n               data-src=\"http:\/\/www.karate-neuhofen.at\/wp-content\/gallery\/10-sommercamp-2018\/Sommercamp20181464.JPG\"\n               data-thumbnail=\"http:\/\/www.karate-neuhofen.at\/wp-content\/gallery\/10-sommercamp-2018\/thumbs\/thumbs_Sommercamp20181464.JPG\"\n               data-image-id=\"21200\"\n               data-title=\"Sommercamp2018(1464)\"\n               data-description=\"\"\n               data-image-slug=\"sommercamp20181464\"\n               class=\"shutterset_14ea2dae3d90de67c1fc228ab12416d8\">\n                <img\n                    title=\"Sommercamp2018(1464)\"\n                    alt=\"Sommercamp2018(1464)\"\n                    src=\"http:\/\/www.karate-neuhofen.at\/wp-content\/gallery\/10-sommercamp-2018\/thumbs\/thumbs_Sommercamp20181464.JPG\"\n                    width=\"240\"\n                    height=\"160\"\n                    style=\"max-width:100%;\"\n                \/>\n            <\/a>\n        <\/div>\n\t\t\t\t\t\t\t<\/div> \n\t\t\t\n        \n\t\t\t\t<div id=\"ngg-image-464\" class=\"ngg-gallery-thumbnail-box\" >\n\t\t\t\t        <div class=\"ngg-gallery-thumbnail\">\n            <a href=\"http:\/\/www.karate-neuhofen.at\/wp-content\/gallery\/10-sommercamp-2018\/Sommercamp20181465.JPG\"\n               title=\"\"\n               data-src=\"http:\/\/www.karate-neuhofen.at\/wp-content\/gallery\/10-sommercamp-2018\/Sommercamp20181465.JPG\"\n               data-thumbnail=\"http:\/\/www.karate-neuhofen.at\/wp-content\/gallery\/10-sommercamp-2018\/thumbs\/thumbs_Sommercamp20181465.JPG\"\n               data-image-id=\"21201\"\n               data-title=\"Sommercamp2018(1465)\"\n               data-description=\"\"\n               data-image-slug=\"sommercamp20181465\"\n               class=\"shutterset_14ea2dae3d90de67c1fc228ab12416d8\">\n                <img\n                    title=\"Sommercamp2018(1465)\"\n                    alt=\"Sommercamp2018(1465)\"\n                    src=\"http:\/\/www.karate-neuhofen.at\/wp-content\/gallery\/10-sommercamp-2018\/thumbs\/thumbs_Sommercamp20181465.JPG\"\n                    width=\"240\"\n                    height=\"160\"\n                    style=\"max-width:100%;\"\n                \/>\n            <\/a>\n        <\/div>\n\t\t\t\t\t\t\t<\/div> \n\t\t\t\n        \n\t\t\t\t<div id=\"ngg-image-465\" class=\"ngg-gallery-thumbnail-box\" >\n\t\t\t\t        <div class=\"ngg-gallery-thumbnail\">\n            <a href=\"http:\/\/www.karate-neuhofen.at\/wp-content\/gallery\/10-sommercamp-2018\/Sommercamp20181466.JPG\"\n               title=\"\"\n               data-src=\"http:\/\/www.karate-neuhofen.at\/wp-content\/gallery\/10-sommercamp-2018\/Sommercamp20181466.JPG\"\n               data-thumbnail=\"http:\/\/www.karate-neuhofen.at\/wp-content\/gallery\/10-sommercamp-2018\/thumbs\/thumbs_Sommercamp20181466.JPG\"\n               data-image-id=\"21202\"\n               data-title=\"Sommercamp2018(1466)\"\n               data-description=\"\"\n               data-image-slug=\"sommercamp20181466\"\n               class=\"shutterset_14ea2dae3d90de67c1fc228ab12416d8\">\n                <img\n                    title=\"Sommercamp2018(1466)\"\n                    alt=\"Sommercamp2018(1466)\"\n                    src=\"http:\/\/www.karate-neuhofen.at\/wp-content\/gallery\/10-sommercamp-2018\/thumbs\/thumbs_Sommercamp20181466.JPG\"\n                    width=\"240\"\n                    height=\"160\"\n                    style=\"max-width:100%;\"\n                \/>\n            <\/a>\n        <\/div>\n\t\t\t\t\t\t\t<\/div> \n\t\t\t\n        \n\t\t\t\t<div id=\"ngg-image-466\" class=\"ngg-gallery-thumbnail-box\" >\n\t\t\t\t        <div class=\"ngg-gallery-thumbnail\">\n            <a href=\"http:\/\/www.karate-neuhofen.at\/wp-content\/gallery\/10-sommercamp-2018\/Sommercamp20181467.JPG\"\n               title=\"\"\n               data-src=\"http:\/\/www.karate-neuhofen.at\/wp-content\/gallery\/10-sommercamp-2018\/Sommercamp20181467.JPG\"\n               data-thumbnail=\"http:\/\/www.karate-neuhofen.at\/wp-content\/gallery\/10-sommercamp-2018\/thumbs\/thumbs_Sommercamp20181467.JPG\"\n               data-image-id=\"21203\"\n               data-title=\"Sommercamp2018(1467)\"\n               data-description=\"\"\n               data-image-slug=\"sommercamp20181467\"\n               class=\"shutterset_14ea2dae3d90de67c1fc228ab12416d8\">\n                <img\n                    title=\"Sommercamp2018(1467)\"\n                    alt=\"Sommercamp2018(1467)\"\n                    src=\"http:\/\/www.karate-neuhofen.at\/wp-content\/gallery\/10-sommercamp-2018\/thumbs\/thumbs_Sommercamp20181467.JPG\"\n                    width=\"240\"\n                    height=\"160\"\n                    style=\"max-width:100%;\"\n                \/>\n            <\/a>\n        <\/div>\n\t\t\t\t\t\t\t<\/div> \n\t\t\t\n        \n\t\t\t\t<div id=\"ngg-image-467\" class=\"ngg-gallery-thumbnail-box\" >\n\t\t\t\t        <div class=\"ngg-gallery-thumbnail\">\n            <a href=\"http:\/\/www.karate-neuhofen.at\/wp-content\/gallery\/10-sommercamp-2018\/Sommercamp20181468.JPG\"\n               title=\"\"\n               data-src=\"http:\/\/www.karate-neuhofen.at\/wp-content\/gallery\/10-sommercamp-2018\/Sommercamp20181468.JPG\"\n               data-thumbnail=\"http:\/\/www.karate-neuhofen.at\/wp-content\/gallery\/10-sommercamp-2018\/thumbs\/thumbs_Sommercamp20181468.JPG\"\n               data-image-id=\"21204\"\n               data-title=\"Sommercamp2018(1468)\"\n               data-description=\"\"\n               data-image-slug=\"sommercamp20181468\"\n               class=\"shutterset_14ea2dae3d90de67c1fc228ab12416d8\">\n                <img\n                    title=\"Sommercamp2018(1468)\"\n                    alt=\"Sommercamp2018(1468)\"\n                    src=\"http:\/\/www.karate-neuhofen.at\/wp-content\/gallery\/10-sommercamp-2018\/thumbs\/thumbs_Sommercamp20181468.JPG\"\n                    width=\"240\"\n                    height=\"160\"\n                    style=\"max-width:100%;\"\n                \/>\n            <\/a>\n        <\/div>\n\t\t\t\t\t\t\t<\/div> \n\t\t\t\n        \n\t\t\t\t<div id=\"ngg-image-468\" class=\"ngg-gallery-thumbnail-box\" >\n\t\t\t\t        <div class=\"ngg-gallery-thumbnail\">\n            <a href=\"http:\/\/www.karate-neuhofen.at\/wp-content\/gallery\/10-sommercamp-2018\/Sommercamp20181469.JPG\"\n               title=\"\"\n               data-src=\"http:\/\/www.karate-neuhofen.at\/wp-content\/gallery\/10-sommercamp-2018\/Sommercamp20181469.JPG\"\n               data-thumbnail=\"http:\/\/www.karate-neuhofen.at\/wp-content\/gallery\/10-sommercamp-2018\/thumbs\/thumbs_Sommercamp20181469.JPG\"\n               data-image-id=\"21205\"\n               data-title=\"Sommercamp2018(1469)\"\n               data-description=\"\"\n               data-image-slug=\"sommercamp20181469\"\n               class=\"shutterset_14ea2dae3d90de67c1fc228ab12416d8\">\n                <img\n                    title=\"Sommercamp2018(1469)\"\n                    alt=\"Sommercamp2018(1469)\"\n                    src=\"http:\/\/www.karate-neuhofen.at\/wp-content\/gallery\/10-sommercamp-2018\/thumbs\/thumbs_Sommercamp20181469.JPG\"\n                    width=\"240\"\n                    height=\"160\"\n                    style=\"max-width:100%;\"\n                \/>\n            <\/a>\n        <\/div>\n\t\t\t\t\t\t\t<\/div> \n\t\t\t\n        \n\t\t\t\t<div id=\"ngg-image-469\" class=\"ngg-gallery-thumbnail-box\" >\n\t\t\t\t        <div class=\"ngg-gallery-thumbnail\">\n            <a href=\"http:\/\/www.karate-neuhofen.at\/wp-content\/gallery\/10-sommercamp-2018\/Sommercamp20181470.JPG\"\n               title=\"\"\n               data-src=\"http:\/\/www.karate-neuhofen.at\/wp-content\/gallery\/10-sommercamp-2018\/Sommercamp20181470.JPG\"\n               data-thumbnail=\"http:\/\/www.karate-neuhofen.at\/wp-content\/gallery\/10-sommercamp-2018\/thumbs\/thumbs_Sommercamp20181470.JPG\"\n               data-image-id=\"21206\"\n               data-title=\"Sommercamp2018(1470)\"\n               data-description=\"\"\n               data-image-slug=\"sommercamp20181470\"\n               class=\"shutterset_14ea2dae3d90de67c1fc228ab12416d8\">\n                <img\n                    title=\"Sommercamp2018(1470)\"\n                    alt=\"Sommercamp2018(1470)\"\n                    src=\"http:\/\/www.karate-neuhofen.at\/wp-content\/gallery\/10-sommercamp-2018\/thumbs\/thumbs_Sommercamp20181470.JPG\"\n                    width=\"240\"\n                    height=\"160\"\n                    style=\"max-width:100%;\"\n                \/>\n            <\/a>\n        <\/div>\n\t\t\t\t\t\t\t<\/div> \n\t\t\t\n        \n\t\t\t\t<div id=\"ngg-image-470\" class=\"ngg-gallery-thumbnail-box\" >\n\t\t\t\t        <div class=\"ngg-gallery-thumbnail\">\n            <a href=\"http:\/\/www.karate-neuhofen.at\/wp-content\/gallery\/10-sommercamp-2018\/Sommercamp20181471.JPG\"\n               title=\"\"\n               data-src=\"http:\/\/www.karate-neuhofen.at\/wp-content\/gallery\/10-sommercamp-2018\/Sommercamp20181471.JPG\"\n               data-thumbnail=\"http:\/\/www.karate-neuhofen.at\/wp-content\/gallery\/10-sommercamp-2018\/thumbs\/thumbs_Sommercamp20181471.JPG\"\n               data-image-id=\"21207\"\n               data-title=\"Sommercamp2018(1471)\"\n               data-description=\"\"\n               data-image-slug=\"sommercamp20181471\"\n               class=\"shutterset_14ea2dae3d90de67c1fc228ab12416d8\">\n                <img\n                    title=\"Sommercamp2018(1471)\"\n                    alt=\"Sommercamp2018(1471)\"\n                    src=\"http:\/\/www.karate-neuhofen.at\/wp-content\/gallery\/10-sommercamp-2018\/thumbs\/thumbs_Sommercamp20181471.JPG\"\n                    width=\"240\"\n                    height=\"160\"\n                    style=\"max-width:100%;\"\n                \/>\n            <\/a>\n        <\/div>\n\t\t\t\t\t\t\t<\/div> \n\t\t\t\n        \n\t\t\t\t<div id=\"ngg-image-471\" class=\"ngg-gallery-thumbnail-box\" >\n\t\t\t\t        <div class=\"ngg-gallery-thumbnail\">\n            <a href=\"http:\/\/www.karate-neuhofen.at\/wp-content\/gallery\/10-sommercamp-2018\/Sommercamp20181472.JPG\"\n               title=\"\"\n               data-src=\"http:\/\/www.karate-neuhofen.at\/wp-content\/gallery\/10-sommercamp-2018\/Sommercamp20181472.JPG\"\n               data-thumbnail=\"http:\/\/www.karate-neuhofen.at\/wp-content\/gallery\/10-sommercamp-2018\/thumbs\/thumbs_Sommercamp20181472.JPG\"\n               data-image-id=\"21208\"\n               data-title=\"Sommercamp2018(1472)\"\n               data-description=\"\"\n               data-image-slug=\"sommercamp20181472\"\n               class=\"shutterset_14ea2dae3d90de67c1fc228ab12416d8\">\n                <img\n                    title=\"Sommercamp2018(1472)\"\n                    alt=\"Sommercamp2018(1472)\"\n                    src=\"http:\/\/www.karate-neuhofen.at\/wp-content\/gallery\/10-sommercamp-2018\/thumbs\/thumbs_Sommercamp20181472.JPG\"\n                    width=\"240\"\n                    height=\"160\"\n                    style=\"max-width:100%;\"\n                \/>\n            <\/a>\n        <\/div>\n\t\t\t\t\t\t\t<\/div> \n\t\t\t\n        \n\t\t\t\t<div id=\"ngg-image-472\" class=\"ngg-gallery-thumbnail-box\" >\n\t\t\t\t        <div class=\"ngg-gallery-thumbnail\">\n            <a href=\"http:\/\/www.karate-neuhofen.at\/wp-content\/gallery\/10-sommercamp-2018\/Sommercamp20181473.JPG\"\n               title=\"\"\n               data-src=\"http:\/\/www.karate-neuhofen.at\/wp-content\/gallery\/10-sommercamp-2018\/Sommercamp20181473.JPG\"\n               data-thumbnail=\"http:\/\/www.karate-neuhofen.at\/wp-content\/gallery\/10-sommercamp-2018\/thumbs\/thumbs_Sommercamp20181473.JPG\"\n               data-image-id=\"21209\"\n               data-title=\"Sommercamp2018(1473)\"\n               data-description=\"\"\n               data-image-slug=\"sommercamp20181473\"\n               class=\"shutterset_14ea2dae3d90de67c1fc228ab12416d8\">\n                <img\n                    title=\"Sommercamp2018(1473)\"\n                    alt=\"Sommercamp2018(1473)\"\n                    src=\"http:\/\/www.karate-neuhofen.at\/wp-content\/gallery\/10-sommercamp-2018\/thumbs\/thumbs_Sommercamp20181473.JPG\"\n                    width=\"240\"\n                    height=\"160\"\n                    style=\"max-width:100%;\"\n                \/>\n            <\/a>\n        <\/div>\n\t\t\t\t\t\t\t<\/div> \n\t\t\t\n        \n\t\t\t\t<div id=\"ngg-image-473\" class=\"ngg-gallery-thumbnail-box\" >\n\t\t\t\t        <div class=\"ngg-gallery-thumbnail\">\n            <a href=\"http:\/\/www.karate-neuhofen.at\/wp-content\/gallery\/10-sommercamp-2018\/Sommercamp20181474.JPG\"\n               title=\"\"\n               data-src=\"http:\/\/www.karate-neuhofen.at\/wp-content\/gallery\/10-sommercamp-2018\/Sommercamp20181474.JPG\"\n               data-thumbnail=\"http:\/\/www.karate-neuhofen.at\/wp-content\/gallery\/10-sommercamp-2018\/thumbs\/thumbs_Sommercamp20181474.JPG\"\n               data-image-id=\"21210\"\n               data-title=\"Sommercamp2018(1474)\"\n               data-description=\"\"\n               data-image-slug=\"sommercamp20181474\"\n               class=\"shutterset_14ea2dae3d90de67c1fc228ab12416d8\">\n                <img\n                    title=\"Sommercamp2018(1474)\"\n                    alt=\"Sommercamp2018(1474)\"\n                    src=\"http:\/\/www.karate-neuhofen.at\/wp-content\/gallery\/10-sommercamp-2018\/thumbs\/thumbs_Sommercamp20181474.JPG\"\n                    width=\"240\"\n                    height=\"160\"\n                    style=\"max-width:100%;\"\n                \/>\n            <\/a>\n        <\/div>\n\t\t\t\t\t\t\t<\/div> \n\t\t\t\n        \n\t\t\t\t<div id=\"ngg-image-474\" class=\"ngg-gallery-thumbnail-box\" >\n\t\t\t\t        <div class=\"ngg-gallery-thumbnail\">\n            <a href=\"http:\/\/www.karate-neuhofen.at\/wp-content\/gallery\/10-sommercamp-2018\/Sommercamp20181475.JPG\"\n               title=\"\"\n               data-src=\"http:\/\/www.karate-neuhofen.at\/wp-content\/gallery\/10-sommercamp-2018\/Sommercamp20181475.JPG\"\n               data-thumbnail=\"http:\/\/www.karate-neuhofen.at\/wp-content\/gallery\/10-sommercamp-2018\/thumbs\/thumbs_Sommercamp20181475.JPG\"\n               data-image-id=\"21211\"\n               data-title=\"Sommercamp2018(1475)\"\n               data-description=\"\"\n               data-image-slug=\"sommercamp20181475\"\n               class=\"shutterset_14ea2dae3d90de67c1fc228ab12416d8\">\n                <img\n                    title=\"Sommercamp2018(1475)\"\n                    alt=\"Sommercamp2018(1475)\"\n                    src=\"http:\/\/www.karate-neuhofen.at\/wp-content\/gallery\/10-sommercamp-2018\/thumbs\/thumbs_Sommercamp20181475.JPG\"\n                    width=\"240\"\n                    height=\"160\"\n                    style=\"max-width:100%;\"\n                \/>\n            <\/a>\n        <\/div>\n\t\t\t\t\t\t\t<\/div> \n\t\t\t\n        \n\t\t\t\t<div id=\"ngg-image-475\" class=\"ngg-gallery-thumbnail-box\" >\n\t\t\t\t        <div class=\"ngg-gallery-thumbnail\">\n            <a href=\"http:\/\/www.karate-neuhofen.at\/wp-content\/gallery\/10-sommercamp-2018\/Sommercamp20181476.JPG\"\n               title=\"\"\n               data-src=\"http:\/\/www.karate-neuhofen.at\/wp-content\/gallery\/10-sommercamp-2018\/Sommercamp20181476.JPG\"\n               data-thumbnail=\"http:\/\/www.karate-neuhofen.at\/wp-content\/gallery\/10-sommercamp-2018\/thumbs\/thumbs_Sommercamp20181476.JPG\"\n               data-image-id=\"21212\"\n               data-title=\"Sommercamp2018(1476)\"\n               data-description=\"\"\n               data-image-slug=\"sommercamp20181476\"\n               class=\"shutterset_14ea2dae3d90de67c1fc228ab12416d8\">\n                <img\n                    title=\"Sommercamp2018(1476)\"\n                    alt=\"Sommercamp2018(1476)\"\n                    src=\"http:\/\/www.karate-neuhofen.at\/wp-content\/gallery\/10-sommercamp-2018\/thumbs\/thumbs_Sommercamp20181476.JPG\"\n                    width=\"240\"\n                    height=\"160\"\n                    style=\"max-width:100%;\"\n                \/>\n            <\/a>\n        <\/div>\n\t\t\t\t\t\t\t<\/div> \n\t\t\t\n        \n\t\t\t\t<div id=\"ngg-image-476\" class=\"ngg-gallery-thumbnail-box\" >\n\t\t\t\t        <div class=\"ngg-gallery-thumbnail\">\n            <a href=\"http:\/\/www.karate-neuhofen.at\/wp-content\/gallery\/10-sommercamp-2018\/Sommercamp20181477.JPG\"\n               title=\"\"\n               data-src=\"http:\/\/www.karate-neuhofen.at\/wp-content\/gallery\/10-sommercamp-2018\/Sommercamp20181477.JPG\"\n               data-thumbnail=\"http:\/\/www.karate-neuhofen.at\/wp-content\/gallery\/10-sommercamp-2018\/thumbs\/thumbs_Sommercamp20181477.JPG\"\n               data-image-id=\"21213\"\n               data-title=\"Sommercamp2018(1477)\"\n               data-description=\"\"\n               data-image-slug=\"sommercamp20181477\"\n               class=\"shutterset_14ea2dae3d90de67c1fc228ab12416d8\">\n                <img\n                    title=\"Sommercamp2018(1477)\"\n                    alt=\"Sommercamp2018(1477)\"\n                    src=\"http:\/\/www.karate-neuhofen.at\/wp-content\/gallery\/10-sommercamp-2018\/thumbs\/thumbs_Sommercamp20181477.JPG\"\n                    width=\"240\"\n                    height=\"160\"\n                    style=\"max-width:100%;\"\n                \/>\n            <\/a>\n        <\/div>\n\t\t\t\t\t\t\t<\/div> \n\t\t\t\n        \n\t\t\t\t<div id=\"ngg-image-477\" class=\"ngg-gallery-thumbnail-box\" >\n\t\t\t\t        <div class=\"ngg-gallery-thumbnail\">\n            <a href=\"http:\/\/www.karate-neuhofen.at\/wp-content\/gallery\/10-sommercamp-2018\/Sommercamp20181478.JPG\"\n               title=\"\"\n               data-src=\"http:\/\/www.karate-neuhofen.at\/wp-content\/gallery\/10-sommercamp-2018\/Sommercamp20181478.JPG\"\n               data-thumbnail=\"http:\/\/www.karate-neuhofen.at\/wp-content\/gallery\/10-sommercamp-2018\/thumbs\/thumbs_Sommercamp20181478.JPG\"\n               data-image-id=\"21214\"\n               data-title=\"Sommercamp2018(1478)\"\n               data-description=\"\"\n               data-image-slug=\"sommercamp20181478\"\n               class=\"shutterset_14ea2dae3d90de67c1fc228ab12416d8\">\n                <img\n                    title=\"Sommercamp2018(1478)\"\n                    alt=\"Sommercamp2018(1478)\"\n                    src=\"http:\/\/www.karate-neuhofen.at\/wp-content\/gallery\/10-sommercamp-2018\/thumbs\/thumbs_Sommercamp20181478.JPG\"\n                    width=\"240\"\n                    height=\"160\"\n                    style=\"max-width:100%;\"\n                \/>\n            <\/a>\n        <\/div>\n\t\t\t\t\t\t\t<\/div> \n\t\t\t\n        \n\t\t\t\t<div id=\"ngg-image-478\" class=\"ngg-gallery-thumbnail-box\" >\n\t\t\t\t        <div class=\"ngg-gallery-thumbnail\">\n            <a href=\"http:\/\/www.karate-neuhofen.at\/wp-content\/gallery\/10-sommercamp-2018\/Sommercamp20181479.JPG\"\n               title=\"\"\n               data-src=\"http:\/\/www.karate-neuhofen.at\/wp-content\/gallery\/10-sommercamp-2018\/Sommercamp20181479.JPG\"\n               data-thumbnail=\"http:\/\/www.karate-neuhofen.at\/wp-content\/gallery\/10-sommercamp-2018\/thumbs\/thumbs_Sommercamp20181479.JPG\"\n               data-image-id=\"21215\"\n               data-title=\"Sommercamp2018(1479)\"\n               data-description=\"\"\n               data-image-slug=\"sommercamp20181479\"\n               class=\"shutterset_14ea2dae3d90de67c1fc228ab12416d8\">\n                <img\n                    title=\"Sommercamp2018(1479)\"\n                    alt=\"Sommercamp2018(1479)\"\n                    src=\"http:\/\/www.karate-neuhofen.at\/wp-content\/gallery\/10-sommercamp-2018\/thumbs\/thumbs_Sommercamp20181479.JPG\"\n                    width=\"240\"\n                    height=\"160\"\n                    style=\"max-width:100%;\"\n                \/>\n            <\/a>\n        <\/div>\n\t\t\t\t\t\t\t<\/div> \n\t\t\t\n        \n\t\t\t\t<div id=\"ngg-image-479\" class=\"ngg-gallery-thumbnail-box\" >\n\t\t\t\t        <div class=\"ngg-gallery-thumbnail\">\n            <a href=\"http:\/\/www.karate-neuhofen.at\/wp-content\/gallery\/10-sommercamp-2018\/Sommercamp20181480.JPG\"\n               title=\"\"\n               data-src=\"http:\/\/www.karate-neuhofen.at\/wp-content\/gallery\/10-sommercamp-2018\/Sommercamp20181480.JPG\"\n               data-thumbnail=\"http:\/\/www.karate-neuhofen.at\/wp-content\/gallery\/10-sommercamp-2018\/thumbs\/thumbs_Sommercamp20181480.JPG\"\n               data-image-id=\"21216\"\n               data-title=\"Sommercamp2018(1480)\"\n               data-description=\"\"\n               data-image-slug=\"sommercamp20181480\"\n               class=\"shutterset_14ea2dae3d90de67c1fc228ab12416d8\">\n                <img\n                    title=\"Sommercamp2018(1480)\"\n                    alt=\"Sommercamp2018(1480)\"\n                    src=\"http:\/\/www.karate-neuhofen.at\/wp-content\/gallery\/10-sommercamp-2018\/thumbs\/thumbs_Sommercamp20181480.JPG\"\n                    width=\"240\"\n                    height=\"160\"\n                    style=\"max-width:100%;\"\n                \/>\n            <\/a>\n        <\/div>\n\t\t\t\t\t\t\t<\/div> \n\t\t\t\n        \n\t\t\t\t<div id=\"ngg-image-480\" class=\"ngg-gallery-thumbnail-box\" >\n\t\t\t\t        <div class=\"ngg-gallery-thumbnail\">\n            <a href=\"http:\/\/www.karate-neuhofen.at\/wp-content\/gallery\/10-sommercamp-2018\/Sommercamp20181481.JPG\"\n               title=\"\"\n               data-src=\"http:\/\/www.karate-neuhofen.at\/wp-content\/gallery\/10-sommercamp-2018\/Sommercamp20181481.JPG\"\n               data-thumbnail=\"http:\/\/www.karate-neuhofen.at\/wp-content\/gallery\/10-sommercamp-2018\/thumbs\/thumbs_Sommercamp20181481.JPG\"\n               data-image-id=\"21217\"\n               data-title=\"Sommercamp2018(1481)\"\n               data-description=\"\"\n               data-image-slug=\"sommercamp20181481\"\n               class=\"shutterset_14ea2dae3d90de67c1fc228ab12416d8\">\n                <img\n                    title=\"Sommercamp2018(1481)\"\n                    alt=\"Sommercamp2018(1481)\"\n                    src=\"http:\/\/www.karate-neuhofen.at\/wp-content\/gallery\/10-sommercamp-2018\/thumbs\/thumbs_Sommercamp20181481.JPG\"\n                    width=\"240\"\n                    height=\"160\"\n                    style=\"max-width:100%;\"\n                \/>\n            <\/a>\n        <\/div>\n\t\t\t\t\t\t\t<\/div> \n\t\t\t\n        \n\t\t\t\t<div id=\"ngg-image-481\" class=\"ngg-gallery-thumbnail-box\" >\n\t\t\t\t        <div class=\"ngg-gallery-thumbnail\">\n            <a href=\"http:\/\/www.karate-neuhofen.at\/wp-content\/gallery\/10-sommercamp-2018\/Sommercamp20181482.JPG\"\n               title=\"\"\n               data-src=\"http:\/\/www.karate-neuhofen.at\/wp-content\/gallery\/10-sommercamp-2018\/Sommercamp20181482.JPG\"\n               data-thumbnail=\"http:\/\/www.karate-neuhofen.at\/wp-content\/gallery\/10-sommercamp-2018\/thumbs\/thumbs_Sommercamp20181482.JPG\"\n               data-image-id=\"21218\"\n               data-title=\"Sommercamp2018(1482)\"\n               data-description=\"\"\n               data-image-slug=\"sommercamp20181482\"\n               class=\"shutterset_14ea2dae3d90de67c1fc228ab12416d8\">\n                <img\n                    title=\"Sommercamp2018(1482)\"\n                    alt=\"Sommercamp2018(1482)\"\n                    src=\"http:\/\/www.karate-neuhofen.at\/wp-content\/gallery\/10-sommercamp-2018\/thumbs\/thumbs_Sommercamp20181482.JPG\"\n                    width=\"240\"\n                    height=\"160\"\n                    style=\"max-width:100%;\"\n                \/>\n            <\/a>\n        <\/div>\n\t\t\t\t\t\t\t<\/div> \n\t\t\t\n        \n\t\t\t\t<div id=\"ngg-image-482\" class=\"ngg-gallery-thumbnail-box\" >\n\t\t\t\t        <div class=\"ngg-gallery-thumbnail\">\n            <a href=\"http:\/\/www.karate-neuhofen.at\/wp-content\/gallery\/10-sommercamp-2018\/Sommercamp20181483.JPG\"\n               title=\"\"\n               data-src=\"http:\/\/www.karate-neuhofen.at\/wp-content\/gallery\/10-sommercamp-2018\/Sommercamp20181483.JPG\"\n               data-thumbnail=\"http:\/\/www.karate-neuhofen.at\/wp-content\/gallery\/10-sommercamp-2018\/thumbs\/thumbs_Sommercamp20181483.JPG\"\n               data-image-id=\"21219\"\n               data-title=\"Sommercamp2018(1483)\"\n               data-description=\"\"\n               data-image-slug=\"sommercamp20181483\"\n               class=\"shutterset_14ea2dae3d90de67c1fc228ab12416d8\">\n                <img\n                    title=\"Sommercamp2018(1483)\"\n                    alt=\"Sommercamp2018(1483)\"\n                    src=\"http:\/\/www.karate-neuhofen.at\/wp-content\/gallery\/10-sommercamp-2018\/thumbs\/thumbs_Sommercamp20181483.JPG\"\n                    width=\"240\"\n                    height=\"160\"\n                    style=\"max-width:100%;\"\n                \/>\n            <\/a>\n        <\/div>\n\t\t\t\t\t\t\t<\/div> \n\t\t\t\n        \n\t\t\t\t<div id=\"ngg-image-483\" class=\"ngg-gallery-thumbnail-box\" >\n\t\t\t\t        <div class=\"ngg-gallery-thumbnail\">\n            <a href=\"http:\/\/www.karate-neuhofen.at\/wp-content\/gallery\/10-sommercamp-2018\/Sommercamp20181484.JPG\"\n               title=\"\"\n               data-src=\"http:\/\/www.karate-neuhofen.at\/wp-content\/gallery\/10-sommercamp-2018\/Sommercamp20181484.JPG\"\n               data-thumbnail=\"http:\/\/www.karate-neuhofen.at\/wp-content\/gallery\/10-sommercamp-2018\/thumbs\/thumbs_Sommercamp20181484.JPG\"\n               data-image-id=\"21220\"\n               data-title=\"Sommercamp2018(1484)\"\n               data-description=\"\"\n               data-image-slug=\"sommercamp20181484\"\n               class=\"shutterset_14ea2dae3d90de67c1fc228ab12416d8\">\n                <img\n                    title=\"Sommercamp2018(1484)\"\n                    alt=\"Sommercamp2018(1484)\"\n                    src=\"http:\/\/www.karate-neuhofen.at\/wp-content\/gallery\/10-sommercamp-2018\/thumbs\/thumbs_Sommercamp20181484.JPG\"\n                    width=\"240\"\n                    height=\"160\"\n                    style=\"max-width:100%;\"\n                \/>\n            <\/a>\n        <\/div>\n\t\t\t\t\t\t\t<\/div> \n\t\t\t\n        \n\t\t\t\t<div id=\"ngg-image-484\" class=\"ngg-gallery-thumbnail-box\" >\n\t\t\t\t        <div class=\"ngg-gallery-thumbnail\">\n            <a href=\"http:\/\/www.karate-neuhofen.at\/wp-content\/gallery\/10-sommercamp-2018\/Sommercamp20181485.JPG\"\n               title=\"\"\n               data-src=\"http:\/\/www.karate-neuhofen.at\/wp-content\/gallery\/10-sommercamp-2018\/Sommercamp20181485.JPG\"\n               data-thumbnail=\"http:\/\/www.karate-neuhofen.at\/wp-content\/gallery\/10-sommercamp-2018\/thumbs\/thumbs_Sommercamp20181485.JPG\"\n               data-image-id=\"21221\"\n               data-title=\"Sommercamp2018(1485)\"\n               data-description=\"\"\n               data-image-slug=\"sommercamp20181485\"\n               class=\"shutterset_14ea2dae3d90de67c1fc228ab12416d8\">\n                <img\n                    title=\"Sommercamp2018(1485)\"\n                    alt=\"Sommercamp2018(1485)\"\n                    src=\"http:\/\/www.karate-neuhofen.at\/wp-content\/gallery\/10-sommercamp-2018\/thumbs\/thumbs_Sommercamp20181485.JPG\"\n                    width=\"240\"\n                    height=\"160\"\n                    style=\"max-width:100%;\"\n                \/>\n            <\/a>\n        <\/div>\n\t\t\t\t\t\t\t<\/div> \n\t\t\t\n        \n\t\t\t\t<div id=\"ngg-image-485\" class=\"ngg-gallery-thumbnail-box\" >\n\t\t\t\t        <div class=\"ngg-gallery-thumbnail\">\n            <a href=\"http:\/\/www.karate-neuhofen.at\/wp-content\/gallery\/10-sommercamp-2018\/Sommercamp20181486.JPG\"\n               title=\"\"\n               data-src=\"http:\/\/www.karate-neuhofen.at\/wp-content\/gallery\/10-sommercamp-2018\/Sommercamp20181486.JPG\"\n               data-thumbnail=\"http:\/\/www.karate-neuhofen.at\/wp-content\/gallery\/10-sommercamp-2018\/thumbs\/thumbs_Sommercamp20181486.JPG\"\n               data-image-id=\"21222\"\n               data-title=\"Sommercamp2018(1486)\"\n               data-description=\"\"\n               data-image-slug=\"sommercamp20181486\"\n               class=\"shutterset_14ea2dae3d90de67c1fc228ab12416d8\">\n                <img\n                    title=\"Sommercamp2018(1486)\"\n                    alt=\"Sommercamp2018(1486)\"\n                    src=\"http:\/\/www.karate-neuhofen.at\/wp-content\/gallery\/10-sommercamp-2018\/thumbs\/thumbs_Sommercamp20181486.JPG\"\n                    width=\"240\"\n                    height=\"160\"\n                    style=\"max-width:100%;\"\n                \/>\n            <\/a>\n        <\/div>\n\t\t\t\t\t\t\t<\/div> \n\t\t\t\n        \n\t\t\t\t<div id=\"ngg-image-486\" class=\"ngg-gallery-thumbnail-box\" >\n\t\t\t\t        <div class=\"ngg-gallery-thumbnail\">\n            <a href=\"http:\/\/www.karate-neuhofen.at\/wp-content\/gallery\/10-sommercamp-2018\/Sommercamp20181487.JPG\"\n               title=\"\"\n               data-src=\"http:\/\/www.karate-neuhofen.at\/wp-content\/gallery\/10-sommercamp-2018\/Sommercamp20181487.JPG\"\n               data-thumbnail=\"http:\/\/www.karate-neuhofen.at\/wp-content\/gallery\/10-sommercamp-2018\/thumbs\/thumbs_Sommercamp20181487.JPG\"\n               data-image-id=\"21223\"\n               data-title=\"Sommercamp2018(1487)\"\n               data-description=\"\"\n               data-image-slug=\"sommercamp20181487\"\n               class=\"shutterset_14ea2dae3d90de67c1fc228ab12416d8\">\n                <img\n                    title=\"Sommercamp2018(1487)\"\n                    alt=\"Sommercamp2018(1487)\"\n                    src=\"http:\/\/www.karate-neuhofen.at\/wp-content\/gallery\/10-sommercamp-2018\/thumbs\/thumbs_Sommercamp20181487.JPG\"\n                    width=\"240\"\n                    height=\"160\"\n                    style=\"max-width:100%;\"\n                \/>\n            <\/a>\n        <\/div>\n\t\t\t\t\t\t\t<\/div> \n\t\t\t\n        \n\t\t\t\t<div id=\"ngg-image-487\" class=\"ngg-gallery-thumbnail-box\" >\n\t\t\t\t        <div class=\"ngg-gallery-thumbnail\">\n            <a href=\"http:\/\/www.karate-neuhofen.at\/wp-content\/gallery\/10-sommercamp-2018\/Sommercamp20181488.JPG\"\n               title=\"\"\n               data-src=\"http:\/\/www.karate-neuhofen.at\/wp-content\/gallery\/10-sommercamp-2018\/Sommercamp20181488.JPG\"\n               data-thumbnail=\"http:\/\/www.karate-neuhofen.at\/wp-content\/gallery\/10-sommercamp-2018\/thumbs\/thumbs_Sommercamp20181488.JPG\"\n               data-image-id=\"21224\"\n               data-title=\"Sommercamp2018(1488)\"\n               data-description=\"\"\n               data-image-slug=\"sommercamp20181488\"\n               class=\"shutterset_14ea2dae3d90de67c1fc228ab12416d8\">\n                <img\n                    title=\"Sommercamp2018(1488)\"\n                    alt=\"Sommercamp2018(1488)\"\n                    src=\"http:\/\/www.karate-neuhofen.at\/wp-content\/gallery\/10-sommercamp-2018\/thumbs\/thumbs_Sommercamp20181488.JPG\"\n                    width=\"240\"\n                    height=\"160\"\n                    style=\"max-width:100%;\"\n                \/>\n            <\/a>\n        <\/div>\n\t\t\t\t\t\t\t<\/div> \n\t\t\t\n        \n\t\t\t\t<div id=\"ngg-image-488\" class=\"ngg-gallery-thumbnail-box\" >\n\t\t\t\t        <div class=\"ngg-gallery-thumbnail\">\n            <a href=\"http:\/\/www.karate-neuhofen.at\/wp-content\/gallery\/10-sommercamp-2018\/Sommercamp20181489.JPG\"\n               title=\"\"\n               data-src=\"http:\/\/www.karate-neuhofen.at\/wp-content\/gallery\/10-sommercamp-2018\/Sommercamp20181489.JPG\"\n               data-thumbnail=\"http:\/\/www.karate-neuhofen.at\/wp-content\/gallery\/10-sommercamp-2018\/thumbs\/thumbs_Sommercamp20181489.JPG\"\n               data-image-id=\"21225\"\n               data-title=\"Sommercamp2018(1489)\"\n               data-description=\"\"\n               data-image-slug=\"sommercamp20181489\"\n               class=\"shutterset_14ea2dae3d90de67c1fc228ab12416d8\">\n                <img\n                    title=\"Sommercamp2018(1489)\"\n                    alt=\"Sommercamp2018(1489)\"\n                    src=\"http:\/\/www.karate-neuhofen.at\/wp-content\/gallery\/10-sommercamp-2018\/thumbs\/thumbs_Sommercamp20181489.JPG\"\n                    width=\"240\"\n                    height=\"160\"\n                    style=\"max-width:100%;\"\n                \/>\n            <\/a>\n        <\/div>\n\t\t\t\t\t\t\t<\/div> \n\t\t\t\n        \n\t\t\t\t<div id=\"ngg-image-489\" class=\"ngg-gallery-thumbnail-box\" >\n\t\t\t\t        <div class=\"ngg-gallery-thumbnail\">\n            <a href=\"http:\/\/www.karate-neuhofen.at\/wp-content\/gallery\/10-sommercamp-2018\/Sommercamp20181490.JPG\"\n               title=\"\"\n               data-src=\"http:\/\/www.karate-neuhofen.at\/wp-content\/gallery\/10-sommercamp-2018\/Sommercamp20181490.JPG\"\n               data-thumbnail=\"http:\/\/www.karate-neuhofen.at\/wp-content\/gallery\/10-sommercamp-2018\/thumbs\/thumbs_Sommercamp20181490.JPG\"\n               data-image-id=\"21226\"\n               data-title=\"Sommercamp2018(1490)\"\n               data-description=\"\"\n               data-image-slug=\"sommercamp20181490\"\n               class=\"shutterset_14ea2dae3d90de67c1fc228ab12416d8\">\n                <img\n                    title=\"Sommercamp2018(1490)\"\n                    alt=\"Sommercamp2018(1490)\"\n                    src=\"http:\/\/www.karate-neuhofen.at\/wp-content\/gallery\/10-sommercamp-2018\/thumbs\/thumbs_Sommercamp20181490.JPG\"\n                    width=\"240\"\n                    height=\"160\"\n                    style=\"max-width:100%;\"\n                \/>\n            <\/a>\n        <\/div>\n\t\t\t\t\t\t\t<\/div> \n\t\t\t\n        \n\t\t\t\t<div id=\"ngg-image-490\" class=\"ngg-gallery-thumbnail-box\" >\n\t\t\t\t        <div class=\"ngg-gallery-thumbnail\">\n            <a href=\"http:\/\/www.karate-neuhofen.at\/wp-content\/gallery\/10-sommercamp-2018\/Sommercamp20181491.JPG\"\n               title=\"\"\n               data-src=\"http:\/\/www.karate-neuhofen.at\/wp-content\/gallery\/10-sommercamp-2018\/Sommercamp20181491.JPG\"\n               data-thumbnail=\"http:\/\/www.karate-neuhofen.at\/wp-content\/gallery\/10-sommercamp-2018\/thumbs\/thumbs_Sommercamp20181491.JPG\"\n               data-image-id=\"21227\"\n               data-title=\"Sommercamp2018(1491)\"\n               data-description=\"\"\n               data-image-slug=\"sommercamp20181491\"\n               class=\"shutterset_14ea2dae3d90de67c1fc228ab12416d8\">\n                <img\n                    title=\"Sommercamp2018(1491)\"\n                    alt=\"Sommercamp2018(1491)\"\n                    src=\"http:\/\/www.karate-neuhofen.at\/wp-content\/gallery\/10-sommercamp-2018\/thumbs\/thumbs_Sommercamp20181491.JPG\"\n                    width=\"240\"\n                    height=\"160\"\n                    style=\"max-width:100%;\"\n                \/>\n            <\/a>\n        <\/div>\n\t\t\t\t\t\t\t<\/div> \n\t\t\t\n        \n\t\t\t\t<div id=\"ngg-image-491\" class=\"ngg-gallery-thumbnail-box\" >\n\t\t\t\t        <div class=\"ngg-gallery-thumbnail\">\n            <a href=\"http:\/\/www.karate-neuhofen.at\/wp-content\/gallery\/10-sommercamp-2018\/Sommercamp20181492.JPG\"\n               title=\"\"\n               data-src=\"http:\/\/www.karate-neuhofen.at\/wp-content\/gallery\/10-sommercamp-2018\/Sommercamp20181492.JPG\"\n               data-thumbnail=\"http:\/\/www.karate-neuhofen.at\/wp-content\/gallery\/10-sommercamp-2018\/thumbs\/thumbs_Sommercamp20181492.JPG\"\n               data-image-id=\"21228\"\n               data-title=\"Sommercamp2018(1492)\"\n               data-description=\"\"\n               data-image-slug=\"sommercamp20181492\"\n               class=\"shutterset_14ea2dae3d90de67c1fc228ab12416d8\">\n                <img\n                    title=\"Sommercamp2018(1492)\"\n                    alt=\"Sommercamp2018(1492)\"\n                    src=\"http:\/\/www.karate-neuhofen.at\/wp-content\/gallery\/10-sommercamp-2018\/thumbs\/thumbs_Sommercamp20181492.JPG\"\n                    width=\"240\"\n                    height=\"160\"\n                    style=\"max-width:100%;\"\n                \/>\n            <\/a>\n        <\/div>\n\t\t\t\t\t\t\t<\/div> \n\t\t\t\n        \n\t\t\t\t<div id=\"ngg-image-492\" class=\"ngg-gallery-thumbnail-box\" >\n\t\t\t\t        <div class=\"ngg-gallery-thumbnail\">\n            <a href=\"http:\/\/www.karate-neuhofen.at\/wp-content\/gallery\/10-sommercamp-2018\/Sommercamp20181493.JPG\"\n               title=\"\"\n               data-src=\"http:\/\/www.karate-neuhofen.at\/wp-content\/gallery\/10-sommercamp-2018\/Sommercamp20181493.JPG\"\n               data-thumbnail=\"http:\/\/www.karate-neuhofen.at\/wp-content\/gallery\/10-sommercamp-2018\/thumbs\/thumbs_Sommercamp20181493.JPG\"\n               data-image-id=\"21229\"\n               data-title=\"Sommercamp2018(1493)\"\n               data-description=\"\"\n               data-image-slug=\"sommercamp20181493\"\n               class=\"shutterset_14ea2dae3d90de67c1fc228ab12416d8\">\n                <img\n                    title=\"Sommercamp2018(1493)\"\n                    alt=\"Sommercamp2018(1493)\"\n                    src=\"http:\/\/www.karate-neuhofen.at\/wp-content\/gallery\/10-sommercamp-2018\/thumbs\/thumbs_Sommercamp20181493.JPG\"\n                    width=\"240\"\n                    height=\"160\"\n                    style=\"max-width:100%;\"\n                \/>\n            <\/a>\n        <\/div>\n\t\t\t\t\t\t\t<\/div> \n\t\t\t\n        \n\t\t\t\t<div id=\"ngg-image-493\" class=\"ngg-gallery-thumbnail-box\" >\n\t\t\t\t        <div class=\"ngg-gallery-thumbnail\">\n            <a href=\"http:\/\/www.karate-neuhofen.at\/wp-content\/gallery\/10-sommercamp-2018\/Sommercamp20181494.JPG\"\n               title=\"\"\n               data-src=\"http:\/\/www.karate-neuhofen.at\/wp-content\/gallery\/10-sommercamp-2018\/Sommercamp20181494.JPG\"\n               data-thumbnail=\"http:\/\/www.karate-neuhofen.at\/wp-content\/gallery\/10-sommercamp-2018\/thumbs\/thumbs_Sommercamp20181494.JPG\"\n               data-image-id=\"21230\"\n               data-title=\"Sommercamp2018(1494)\"\n               data-description=\"\"\n               data-image-slug=\"sommercamp20181494\"\n               class=\"shutterset_14ea2dae3d90de67c1fc228ab12416d8\">\n                <img\n                    title=\"Sommercamp2018(1494)\"\n                    alt=\"Sommercamp2018(1494)\"\n                    src=\"http:\/\/www.karate-neuhofen.at\/wp-content\/gallery\/10-sommercamp-2018\/thumbs\/thumbs_Sommercamp20181494.JPG\"\n                    width=\"240\"\n                    height=\"160\"\n                    style=\"max-width:100%;\"\n                \/>\n            <\/a>\n        <\/div>\n\t\t\t\t\t\t\t<\/div> \n\t\t\t\n        \n\t\t\t\t<div id=\"ngg-image-494\" class=\"ngg-gallery-thumbnail-box\" >\n\t\t\t\t        <div class=\"ngg-gallery-thumbnail\">\n            <a href=\"http:\/\/www.karate-neuhofen.at\/wp-content\/gallery\/10-sommercamp-2018\/Sommercamp20181495.JPG\"\n               title=\"\"\n               data-src=\"http:\/\/www.karate-neuhofen.at\/wp-content\/gallery\/10-sommercamp-2018\/Sommercamp20181495.JPG\"\n               data-thumbnail=\"http:\/\/www.karate-neuhofen.at\/wp-content\/gallery\/10-sommercamp-2018\/thumbs\/thumbs_Sommercamp20181495.JPG\"\n               data-image-id=\"21231\"\n               data-title=\"Sommercamp2018(1495)\"\n               data-description=\"\"\n               data-image-slug=\"sommercamp20181495\"\n               class=\"shutterset_14ea2dae3d90de67c1fc228ab12416d8\">\n                <img\n                    title=\"Sommercamp2018(1495)\"\n                    alt=\"Sommercamp2018(1495)\"\n                    src=\"http:\/\/www.karate-neuhofen.at\/wp-content\/gallery\/10-sommercamp-2018\/thumbs\/thumbs_Sommercamp20181495.JPG\"\n                    width=\"240\"\n                    height=\"160\"\n                    style=\"max-width:100%;\"\n                \/>\n            <\/a>\n        <\/div>\n\t\t\t\t\t\t\t<\/div> \n\t\t\t\n        \n\t\t\t\t<div id=\"ngg-image-495\" class=\"ngg-gallery-thumbnail-box\" >\n\t\t\t\t        <div class=\"ngg-gallery-thumbnail\">\n            <a href=\"http:\/\/www.karate-neuhofen.at\/wp-content\/gallery\/10-sommercamp-2018\/Sommercamp20181496.JPG\"\n               title=\"\"\n               data-src=\"http:\/\/www.karate-neuhofen.at\/wp-content\/gallery\/10-sommercamp-2018\/Sommercamp20181496.JPG\"\n               data-thumbnail=\"http:\/\/www.karate-neuhofen.at\/wp-content\/gallery\/10-sommercamp-2018\/thumbs\/thumbs_Sommercamp20181496.JPG\"\n               data-image-id=\"21232\"\n               data-title=\"Sommercamp2018(1496)\"\n               data-description=\"\"\n               data-image-slug=\"sommercamp20181496\"\n               class=\"shutterset_14ea2dae3d90de67c1fc228ab12416d8\">\n                <img\n                    title=\"Sommercamp2018(1496)\"\n                    alt=\"Sommercamp2018(1496)\"\n                    src=\"http:\/\/www.karate-neuhofen.at\/wp-content\/gallery\/10-sommercamp-2018\/thumbs\/thumbs_Sommercamp20181496.JPG\"\n                    width=\"240\"\n                    height=\"160\"\n                    style=\"max-width:100%;\"\n                \/>\n            <\/a>\n        <\/div>\n\t\t\t\t\t\t\t<\/div> \n\t\t\t\n        \n\t\t\t\t<div id=\"ngg-image-496\" class=\"ngg-gallery-thumbnail-box\" >\n\t\t\t\t        <div class=\"ngg-gallery-thumbnail\">\n            <a href=\"http:\/\/www.karate-neuhofen.at\/wp-content\/gallery\/10-sommercamp-2018\/Sommercamp20181497.JPG\"\n               title=\"\"\n               data-src=\"http:\/\/www.karate-neuhofen.at\/wp-content\/gallery\/10-sommercamp-2018\/Sommercamp20181497.JPG\"\n               data-thumbnail=\"http:\/\/www.karate-neuhofen.at\/wp-content\/gallery\/10-sommercamp-2018\/thumbs\/thumbs_Sommercamp20181497.JPG\"\n               data-image-id=\"21233\"\n               data-title=\"Sommercamp2018(1497)\"\n               data-description=\"\"\n               data-image-slug=\"sommercamp20181497\"\n               class=\"shutterset_14ea2dae3d90de67c1fc228ab12416d8\">\n                <img\n                    title=\"Sommercamp2018(1497)\"\n                    alt=\"Sommercamp2018(1497)\"\n                    src=\"http:\/\/www.karate-neuhofen.at\/wp-content\/gallery\/10-sommercamp-2018\/thumbs\/thumbs_Sommercamp20181497.JPG\"\n                    width=\"240\"\n                    height=\"160\"\n                    style=\"max-width:100%;\"\n                \/>\n            <\/a>\n        <\/div>\n\t\t\t\t\t\t\t<\/div> \n\t\t\t\n        \n\t\t\t\t<div id=\"ngg-image-497\" class=\"ngg-gallery-thumbnail-box\" >\n\t\t\t\t        <div class=\"ngg-gallery-thumbnail\">\n            <a href=\"http:\/\/www.karate-neuhofen.at\/wp-content\/gallery\/10-sommercamp-2018\/Sommercamp20181498.JPG\"\n               title=\"\"\n               data-src=\"http:\/\/www.karate-neuhofen.at\/wp-content\/gallery\/10-sommercamp-2018\/Sommercamp20181498.JPG\"\n               data-thumbnail=\"http:\/\/www.karate-neuhofen.at\/wp-content\/gallery\/10-sommercamp-2018\/thumbs\/thumbs_Sommercamp20181498.JPG\"\n               data-image-id=\"21234\"\n               data-title=\"Sommercamp2018(1498)\"\n               data-description=\"\"\n               data-image-slug=\"sommercamp20181498\"\n               class=\"shutterset_14ea2dae3d90de67c1fc228ab12416d8\">\n                <img\n                    title=\"Sommercamp2018(1498)\"\n                    alt=\"Sommercamp2018(1498)\"\n                    src=\"http:\/\/www.karate-neuhofen.at\/wp-content\/gallery\/10-sommercamp-2018\/thumbs\/thumbs_Sommercamp20181498.JPG\"\n                    width=\"240\"\n                    height=\"160\"\n                    style=\"max-width:100%;\"\n                \/>\n            <\/a>\n        <\/div>\n\t\t\t\t\t\t\t<\/div> \n\t\t\t\n        \n\t\t\t\t<div id=\"ngg-image-498\" class=\"ngg-gallery-thumbnail-box\" >\n\t\t\t\t        <div class=\"ngg-gallery-thumbnail\">\n            <a href=\"http:\/\/www.karate-neuhofen.at\/wp-content\/gallery\/10-sommercamp-2018\/Sommercamp20181499.JPG\"\n               title=\"\"\n               data-src=\"http:\/\/www.karate-neuhofen.at\/wp-content\/gallery\/10-sommercamp-2018\/Sommercamp20181499.JPG\"\n               data-thumbnail=\"http:\/\/www.karate-neuhofen.at\/wp-content\/gallery\/10-sommercamp-2018\/thumbs\/thumbs_Sommercamp20181499.JPG\"\n               data-image-id=\"21235\"\n               data-title=\"Sommercamp2018(1499)\"\n               data-description=\"\"\n               data-image-slug=\"sommercamp20181499\"\n               class=\"shutterset_14ea2dae3d90de67c1fc228ab12416d8\">\n                <img\n                    title=\"Sommercamp2018(1499)\"\n                    alt=\"Sommercamp2018(1499)\"\n                    src=\"http:\/\/www.karate-neuhofen.at\/wp-content\/gallery\/10-sommercamp-2018\/thumbs\/thumbs_Sommercamp20181499.JPG\"\n                    width=\"240\"\n                    height=\"160\"\n                    style=\"max-width:100%;\"\n                \/>\n            <\/a>\n        <\/div>\n\t\t\t\t\t\t\t<\/div> \n\t\t\t\n        \n\t\t\t\t<div id=\"ngg-image-499\" class=\"ngg-gallery-thumbnail-box\" >\n\t\t\t\t        <div class=\"ngg-gallery-thumbnail\">\n            <a href=\"http:\/\/www.karate-neuhofen.at\/wp-content\/gallery\/10-sommercamp-2018\/Sommercamp20181500.JPG\"\n               title=\"\"\n               data-src=\"http:\/\/www.karate-neuhofen.at\/wp-content\/gallery\/10-sommercamp-2018\/Sommercamp20181500.JPG\"\n               data-thumbnail=\"http:\/\/www.karate-neuhofen.at\/wp-content\/gallery\/10-sommercamp-2018\/thumbs\/thumbs_Sommercamp20181500.JPG\"\n               data-image-id=\"21236\"\n               data-title=\"Sommercamp2018(1500)\"\n               data-description=\"\"\n               data-image-slug=\"sommercamp20181500\"\n               class=\"shutterset_14ea2dae3d90de67c1fc228ab12416d8\">\n                <img\n                    title=\"Sommercamp2018(1500)\"\n                    alt=\"Sommercamp2018(1500)\"\n                    src=\"http:\/\/www.karate-neuhofen.at\/wp-content\/gallery\/10-sommercamp-2018\/thumbs\/thumbs_Sommercamp20181500.JPG\"\n                    width=\"240\"\n                    height=\"160\"\n                    style=\"max-width:100%;\"\n                \/>\n            <\/a>\n        <\/div>\n\t\t\t\t\t\t\t<\/div> \n\t\t\t\n        \n\t\t\t\t<div id=\"ngg-image-500\" class=\"ngg-gallery-thumbnail-box\" >\n\t\t\t\t        <div class=\"ngg-gallery-thumbnail\">\n            <a href=\"http:\/\/www.karate-neuhofen.at\/wp-content\/gallery\/10-sommercamp-2018\/Sommercamp20181501.JPG\"\n               title=\"\"\n               data-src=\"http:\/\/www.karate-neuhofen.at\/wp-content\/gallery\/10-sommercamp-2018\/Sommercamp20181501.JPG\"\n               data-thumbnail=\"http:\/\/www.karate-neuhofen.at\/wp-content\/gallery\/10-sommercamp-2018\/thumbs\/thumbs_Sommercamp20181501.JPG\"\n               data-image-id=\"21237\"\n               data-title=\"Sommercamp2018(1501)\"\n               data-description=\"\"\n               data-image-slug=\"sommercamp20181501\"\n               class=\"shutterset_14ea2dae3d90de67c1fc228ab12416d8\">\n                <img\n                    title=\"Sommercamp2018(1501)\"\n                    alt=\"Sommercamp2018(1501)\"\n                    src=\"http:\/\/www.karate-neuhofen.at\/wp-content\/gallery\/10-sommercamp-2018\/thumbs\/thumbs_Sommercamp20181501.JPG\"\n                    width=\"240\"\n                    height=\"160\"\n                    style=\"max-width:100%;\"\n                \/>\n            <\/a>\n        <\/div>\n\t\t\t\t\t\t\t<\/div> \n\t\t\t\n        \n\t\t\t\t<div id=\"ngg-image-501\" class=\"ngg-gallery-thumbnail-box\" >\n\t\t\t\t        <div class=\"ngg-gallery-thumbnail\">\n            <a href=\"http:\/\/www.karate-neuhofen.at\/wp-content\/gallery\/10-sommercamp-2018\/Sommercamp20181502.JPG\"\n               title=\"\"\n               data-src=\"http:\/\/www.karate-neuhofen.at\/wp-content\/gallery\/10-sommercamp-2018\/Sommercamp20181502.JPG\"\n               data-thumbnail=\"http:\/\/www.karate-neuhofen.at\/wp-content\/gallery\/10-sommercamp-2018\/thumbs\/thumbs_Sommercamp20181502.JPG\"\n               data-image-id=\"21238\"\n               data-title=\"Sommercamp2018(1502)\"\n               data-description=\"\"\n               data-image-slug=\"sommercamp20181502\"\n               class=\"shutterset_14ea2dae3d90de67c1fc228ab12416d8\">\n                <img\n                    title=\"Sommercamp2018(1502)\"\n                    alt=\"Sommercamp2018(1502)\"\n                    src=\"http:\/\/www.karate-neuhofen.at\/wp-content\/gallery\/10-sommercamp-2018\/thumbs\/thumbs_Sommercamp20181502.JPG\"\n                    width=\"240\"\n                    height=\"160\"\n                    style=\"max-width:100%;\"\n                \/>\n            <\/a>\n        <\/div>\n\t\t\t\t\t\t\t<\/div> \n\t\t\t\n        \n\t\t\t\t<div id=\"ngg-image-502\" class=\"ngg-gallery-thumbnail-box\" >\n\t\t\t\t        <div class=\"ngg-gallery-thumbnail\">\n            <a href=\"http:\/\/www.karate-neuhofen.at\/wp-content\/gallery\/10-sommercamp-2018\/Sommercamp20181503.JPG\"\n               title=\"\"\n               data-src=\"http:\/\/www.karate-neuhofen.at\/wp-content\/gallery\/10-sommercamp-2018\/Sommercamp20181503.JPG\"\n               data-thumbnail=\"http:\/\/www.karate-neuhofen.at\/wp-content\/gallery\/10-sommercamp-2018\/thumbs\/thumbs_Sommercamp20181503.JPG\"\n               data-image-id=\"21239\"\n               data-title=\"Sommercamp2018(1503)\"\n               data-description=\"\"\n               data-image-slug=\"sommercamp20181503\"\n               class=\"shutterset_14ea2dae3d90de67c1fc228ab12416d8\">\n                <img\n                    title=\"Sommercamp2018(1503)\"\n                    alt=\"Sommercamp2018(1503)\"\n                    src=\"http:\/\/www.karate-neuhofen.at\/wp-content\/gallery\/10-sommercamp-2018\/thumbs\/thumbs_Sommercamp20181503.JPG\"\n                    width=\"240\"\n                    height=\"160\"\n                    style=\"max-width:100%;\"\n                \/>\n            <\/a>\n        <\/div>\n\t\t\t\t\t\t\t<\/div> \n\t\t\t\n        \n\t\t\t\t<div id=\"ngg-image-503\" class=\"ngg-gallery-thumbnail-box\" >\n\t\t\t\t        <div class=\"ngg-gallery-thumbnail\">\n            <a href=\"http:\/\/www.karate-neuhofen.at\/wp-content\/gallery\/10-sommercamp-2018\/Sommercamp20181504.JPG\"\n               title=\"\"\n               data-src=\"http:\/\/www.karate-neuhofen.at\/wp-content\/gallery\/10-sommercamp-2018\/Sommercamp20181504.JPG\"\n               data-thumbnail=\"http:\/\/www.karate-neuhofen.at\/wp-content\/gallery\/10-sommercamp-2018\/thumbs\/thumbs_Sommercamp20181504.JPG\"\n               data-image-id=\"21240\"\n               data-title=\"Sommercamp2018(1504)\"\n               data-description=\"\"\n               data-image-slug=\"sommercamp20181504\"\n               class=\"shutterset_14ea2dae3d90de67c1fc228ab12416d8\">\n                <img\n                    title=\"Sommercamp2018(1504)\"\n                    alt=\"Sommercamp2018(1504)\"\n                    src=\"http:\/\/www.karate-neuhofen.at\/wp-content\/gallery\/10-sommercamp-2018\/thumbs\/thumbs_Sommercamp20181504.JPG\"\n                    width=\"240\"\n                    height=\"160\"\n                    style=\"max-width:100%;\"\n                \/>\n            <\/a>\n        <\/div>\n\t\t\t\t\t\t\t<\/div> \n\t\t\t\n        \n\t\t\t\t<div id=\"ngg-image-504\" class=\"ngg-gallery-thumbnail-box\" >\n\t\t\t\t        <div class=\"ngg-gallery-thumbnail\">\n            <a href=\"http:\/\/www.karate-neuhofen.at\/wp-content\/gallery\/10-sommercamp-2018\/Sommercamp20181505.JPG\"\n               title=\"\"\n               data-src=\"http:\/\/www.karate-neuhofen.at\/wp-content\/gallery\/10-sommercamp-2018\/Sommercamp20181505.JPG\"\n               data-thumbnail=\"http:\/\/www.karate-neuhofen.at\/wp-content\/gallery\/10-sommercamp-2018\/thumbs\/thumbs_Sommercamp20181505.JPG\"\n               data-image-id=\"21241\"\n               data-title=\"Sommercamp2018(1505)\"\n               data-description=\"\"\n               data-image-slug=\"sommercamp20181505\"\n               class=\"shutterset_14ea2dae3d90de67c1fc228ab12416d8\">\n                <img\n                    title=\"Sommercamp2018(1505)\"\n                    alt=\"Sommercamp2018(1505)\"\n                    src=\"http:\/\/www.karate-neuhofen.at\/wp-content\/gallery\/10-sommercamp-2018\/thumbs\/thumbs_Sommercamp20181505.JPG\"\n                    width=\"240\"\n                    height=\"160\"\n                    style=\"max-width:100%;\"\n                \/>\n            <\/a>\n        <\/div>\n\t\t\t\t\t\t\t<\/div> \n\t\t\t\n        \n\t\t\t\t<div id=\"ngg-image-505\" class=\"ngg-gallery-thumbnail-box\" >\n\t\t\t\t        <div class=\"ngg-gallery-thumbnail\">\n            <a href=\"http:\/\/www.karate-neuhofen.at\/wp-content\/gallery\/10-sommercamp-2018\/Sommercamp20181506.JPG\"\n               title=\"\"\n               data-src=\"http:\/\/www.karate-neuhofen.at\/wp-content\/gallery\/10-sommercamp-2018\/Sommercamp20181506.JPG\"\n               data-thumbnail=\"http:\/\/www.karate-neuhofen.at\/wp-content\/gallery\/10-sommercamp-2018\/thumbs\/thumbs_Sommercamp20181506.JPG\"\n               data-image-id=\"21242\"\n               data-title=\"Sommercamp2018(1506)\"\n               data-description=\"\"\n               data-image-slug=\"sommercamp20181506\"\n               class=\"shutterset_14ea2dae3d90de67c1fc228ab12416d8\">\n                <img\n                    title=\"Sommercamp2018(1506)\"\n                    alt=\"Sommercamp2018(1506)\"\n                    src=\"http:\/\/www.karate-neuhofen.at\/wp-content\/gallery\/10-sommercamp-2018\/thumbs\/thumbs_Sommercamp20181506.JPG\"\n                    width=\"240\"\n                    height=\"160\"\n                    style=\"max-width:100%;\"\n                \/>\n            <\/a>\n        <\/div>\n\t\t\t\t\t\t\t<\/div> \n\t\t\t\n        \n\t\t\t\t<div id=\"ngg-image-506\" class=\"ngg-gallery-thumbnail-box\" >\n\t\t\t\t        <div class=\"ngg-gallery-thumbnail\">\n            <a href=\"http:\/\/www.karate-neuhofen.at\/wp-content\/gallery\/10-sommercamp-2018\/Sommercamp20181507.JPG\"\n               title=\"\"\n               data-src=\"http:\/\/www.karate-neuhofen.at\/wp-content\/gallery\/10-sommercamp-2018\/Sommercamp20181507.JPG\"\n               data-thumbnail=\"http:\/\/www.karate-neuhofen.at\/wp-content\/gallery\/10-sommercamp-2018\/thumbs\/thumbs_Sommercamp20181507.JPG\"\n               data-image-id=\"21243\"\n               data-title=\"Sommercamp2018(1507)\"\n               data-description=\"\"\n               data-image-slug=\"sommercamp20181507\"\n               class=\"shutterset_14ea2dae3d90de67c1fc228ab12416d8\">\n                <img\n                    title=\"Sommercamp2018(1507)\"\n                    alt=\"Sommercamp2018(1507)\"\n                    src=\"http:\/\/www.karate-neuhofen.at\/wp-content\/gallery\/10-sommercamp-2018\/thumbs\/thumbs_Sommercamp20181507.JPG\"\n                    width=\"240\"\n                    height=\"160\"\n                    style=\"max-width:100%;\"\n                \/>\n            <\/a>\n        <\/div>\n\t\t\t\t\t\t\t<\/div> \n\t\t\t\n        \n\t\t\t\t<div id=\"ngg-image-507\" class=\"ngg-gallery-thumbnail-box\" >\n\t\t\t\t        <div class=\"ngg-gallery-thumbnail\">\n            <a href=\"http:\/\/www.karate-neuhofen.at\/wp-content\/gallery\/10-sommercamp-2018\/Sommercamp20181508.JPG\"\n               title=\"\"\n               data-src=\"http:\/\/www.karate-neuhofen.at\/wp-content\/gallery\/10-sommercamp-2018\/Sommercamp20181508.JPG\"\n               data-thumbnail=\"http:\/\/www.karate-neuhofen.at\/wp-content\/gallery\/10-sommercamp-2018\/thumbs\/thumbs_Sommercamp20181508.JPG\"\n               data-image-id=\"21244\"\n               data-title=\"Sommercamp2018(1508)\"\n               data-description=\"\"\n               data-image-slug=\"sommercamp20181508\"\n               class=\"shutterset_14ea2dae3d90de67c1fc228ab12416d8\">\n                <img\n                    title=\"Sommercamp2018(1508)\"\n                    alt=\"Sommercamp2018(1508)\"\n                    src=\"http:\/\/www.karate-neuhofen.at\/wp-content\/gallery\/10-sommercamp-2018\/thumbs\/thumbs_Sommercamp20181508.JPG\"\n                    width=\"240\"\n                    height=\"160\"\n                    style=\"max-width:100%;\"\n                \/>\n            <\/a>\n        <\/div>\n\t\t\t\t\t\t\t<\/div> \n\t\t\t\n        \n\t\t\t\t<div id=\"ngg-image-508\" class=\"ngg-gallery-thumbnail-box\" >\n\t\t\t\t        <div class=\"ngg-gallery-thumbnail\">\n            <a href=\"http:\/\/www.karate-neuhofen.at\/wp-content\/gallery\/10-sommercamp-2018\/Sommercamp20181509.JPG\"\n               title=\"\"\n               data-src=\"http:\/\/www.karate-neuhofen.at\/wp-content\/gallery\/10-sommercamp-2018\/Sommercamp20181509.JPG\"\n               data-thumbnail=\"http:\/\/www.karate-neuhofen.at\/wp-content\/gallery\/10-sommercamp-2018\/thumbs\/thumbs_Sommercamp20181509.JPG\"\n               data-image-id=\"21245\"\n               data-title=\"Sommercamp2018(1509)\"\n               data-description=\"\"\n               data-image-slug=\"sommercamp20181509\"\n               class=\"shutterset_14ea2dae3d90de67c1fc228ab12416d8\">\n                <img\n                    title=\"Sommercamp2018(1509)\"\n                    alt=\"Sommercamp2018(1509)\"\n                    src=\"http:\/\/www.karate-neuhofen.at\/wp-content\/gallery\/10-sommercamp-2018\/thumbs\/thumbs_Sommercamp20181509.JPG\"\n                    width=\"240\"\n                    height=\"160\"\n                    style=\"max-width:100%;\"\n                \/>\n            <\/a>\n        <\/div>\n\t\t\t\t\t\t\t<\/div> \n\t\t\t\n        \n\t\t\t\t<div id=\"ngg-image-509\" class=\"ngg-gallery-thumbnail-box\" >\n\t\t\t\t        <div class=\"ngg-gallery-thumbnail\">\n            <a href=\"http:\/\/www.karate-neuhofen.at\/wp-content\/gallery\/10-sommercamp-2018\/Sommercamp20181510.JPG\"\n               title=\"\"\n               data-src=\"http:\/\/www.karate-neuhofen.at\/wp-content\/gallery\/10-sommercamp-2018\/Sommercamp20181510.JPG\"\n               data-thumbnail=\"http:\/\/www.karate-neuhofen.at\/wp-content\/gallery\/10-sommercamp-2018\/thumbs\/thumbs_Sommercamp20181510.JPG\"\n               data-image-id=\"21246\"\n               data-title=\"Sommercamp2018(1510)\"\n               data-description=\"\"\n               data-image-slug=\"sommercamp20181510\"\n               class=\"shutterset_14ea2dae3d90de67c1fc228ab12416d8\">\n                <img\n                    title=\"Sommercamp2018(1510)\"\n                    alt=\"Sommercamp2018(1510)\"\n                    src=\"http:\/\/www.karate-neuhofen.at\/wp-content\/gallery\/10-sommercamp-2018\/thumbs\/thumbs_Sommercamp20181510.JPG\"\n                    width=\"240\"\n                    height=\"160\"\n                    style=\"max-width:100%;\"\n                \/>\n            <\/a>\n        <\/div>\n\t\t\t\t\t\t\t<\/div> \n\t\t\t\n        \n\t\t\t\t<div id=\"ngg-image-510\" class=\"ngg-gallery-thumbnail-box\" >\n\t\t\t\t        <div class=\"ngg-gallery-thumbnail\">\n            <a href=\"http:\/\/www.karate-neuhofen.at\/wp-content\/gallery\/10-sommercamp-2018\/Sommercamp20181511.JPG\"\n               title=\"\"\n               data-src=\"http:\/\/www.karate-neuhofen.at\/wp-content\/gallery\/10-sommercamp-2018\/Sommercamp20181511.JPG\"\n               data-thumbnail=\"http:\/\/www.karate-neuhofen.at\/wp-content\/gallery\/10-sommercamp-2018\/thumbs\/thumbs_Sommercamp20181511.JPG\"\n               data-image-id=\"21247\"\n               data-title=\"Sommercamp2018(1511)\"\n               data-description=\"\"\n               data-image-slug=\"sommercamp20181511\"\n               class=\"shutterset_14ea2dae3d90de67c1fc228ab12416d8\">\n                <img\n                    title=\"Sommercamp2018(1511)\"\n                    alt=\"Sommercamp2018(1511)\"\n                    src=\"http:\/\/www.karate-neuhofen.at\/wp-content\/gallery\/10-sommercamp-2018\/thumbs\/thumbs_Sommercamp20181511.JPG\"\n                    width=\"240\"\n                    height=\"160\"\n                    style=\"max-width:100%;\"\n                \/>\n            <\/a>\n        <\/div>\n\t\t\t\t\t\t\t<\/div> \n\t\t\t\n        \n\t\t\t\t<div id=\"ngg-image-511\" class=\"ngg-gallery-thumbnail-box\" >\n\t\t\t\t        <div class=\"ngg-gallery-thumbnail\">\n            <a href=\"http:\/\/www.karate-neuhofen.at\/wp-content\/gallery\/10-sommercamp-2018\/Sommercamp20181512.JPG\"\n               title=\"\"\n               data-src=\"http:\/\/www.karate-neuhofen.at\/wp-content\/gallery\/10-sommercamp-2018\/Sommercamp20181512.JPG\"\n               data-thumbnail=\"http:\/\/www.karate-neuhofen.at\/wp-content\/gallery\/10-sommercamp-2018\/thumbs\/thumbs_Sommercamp20181512.JPG\"\n               data-image-id=\"21248\"\n               data-title=\"Sommercamp2018(1512)\"\n               data-description=\"\"\n               data-image-slug=\"sommercamp20181512\"\n               class=\"shutterset_14ea2dae3d90de67c1fc228ab12416d8\">\n                <img\n                    title=\"Sommercamp2018(1512)\"\n                    alt=\"Sommercamp2018(1512)\"\n                    src=\"http:\/\/www.karate-neuhofen.at\/wp-content\/gallery\/10-sommercamp-2018\/thumbs\/thumbs_Sommercamp20181512.JPG\"\n                    width=\"240\"\n                    height=\"160\"\n                    style=\"max-width:100%;\"\n                \/>\n            <\/a>\n        <\/div>\n\t\t\t\t\t\t\t<\/div> \n\t\t\t\n        \n\t\t\t\t<div id=\"ngg-image-512\" class=\"ngg-gallery-thumbnail-box\" >\n\t\t\t\t        <div class=\"ngg-gallery-thumbnail\">\n            <a href=\"http:\/\/www.karate-neuhofen.at\/wp-content\/gallery\/10-sommercamp-2018\/Sommercamp20181513.JPG\"\n               title=\"\"\n               data-src=\"http:\/\/www.karate-neuhofen.at\/wp-content\/gallery\/10-sommercamp-2018\/Sommercamp20181513.JPG\"\n               data-thumbnail=\"http:\/\/www.karate-neuhofen.at\/wp-content\/gallery\/10-sommercamp-2018\/thumbs\/thumbs_Sommercamp20181513.JPG\"\n               data-image-id=\"21249\"\n               data-title=\"Sommercamp2018(1513)\"\n               data-description=\"\"\n               data-image-slug=\"sommercamp20181513\"\n               class=\"shutterset_14ea2dae3d90de67c1fc228ab12416d8\">\n                <img\n                    title=\"Sommercamp2018(1513)\"\n                    alt=\"Sommercamp2018(1513)\"\n                    src=\"http:\/\/www.karate-neuhofen.at\/wp-content\/gallery\/10-sommercamp-2018\/thumbs\/thumbs_Sommercamp20181513.JPG\"\n                    width=\"240\"\n                    height=\"160\"\n                    style=\"max-width:100%;\"\n                \/>\n            <\/a>\n        <\/div>\n\t\t\t\t\t\t\t<\/div> \n\t\t\t\n        \n\t\t\t\t<div id=\"ngg-image-513\" class=\"ngg-gallery-thumbnail-box\" >\n\t\t\t\t        <div class=\"ngg-gallery-thumbnail\">\n            <a href=\"http:\/\/www.karate-neuhofen.at\/wp-content\/gallery\/10-sommercamp-2018\/Sommercamp20181514.JPG\"\n               title=\"\"\n               data-src=\"http:\/\/www.karate-neuhofen.at\/wp-content\/gallery\/10-sommercamp-2018\/Sommercamp20181514.JPG\"\n               data-thumbnail=\"http:\/\/www.karate-neuhofen.at\/wp-content\/gallery\/10-sommercamp-2018\/thumbs\/thumbs_Sommercamp20181514.JPG\"\n               data-image-id=\"21250\"\n               data-title=\"Sommercamp2018(1514)\"\n               data-description=\"\"\n               data-image-slug=\"sommercamp20181514\"\n               class=\"shutterset_14ea2dae3d90de67c1fc228ab12416d8\">\n                <img\n                    title=\"Sommercamp2018(1514)\"\n                    alt=\"Sommercamp2018(1514)\"\n                    src=\"http:\/\/www.karate-neuhofen.at\/wp-content\/gallery\/10-sommercamp-2018\/thumbs\/thumbs_Sommercamp20181514.JPG\"\n                    width=\"240\"\n                    height=\"160\"\n                    style=\"max-width:100%;\"\n                \/>\n            <\/a>\n        <\/div>\n\t\t\t\t\t\t\t<\/div> \n\t\t\t\n        \n\t\t\t\t<div id=\"ngg-image-514\" class=\"ngg-gallery-thumbnail-box\" >\n\t\t\t\t        <div class=\"ngg-gallery-thumbnail\">\n            <a href=\"http:\/\/www.karate-neuhofen.at\/wp-content\/gallery\/10-sommercamp-2018\/Sommercamp20181515.JPG\"\n               title=\"\"\n               data-src=\"http:\/\/www.karate-neuhofen.at\/wp-content\/gallery\/10-sommercamp-2018\/Sommercamp20181515.JPG\"\n               data-thumbnail=\"http:\/\/www.karate-neuhofen.at\/wp-content\/gallery\/10-sommercamp-2018\/thumbs\/thumbs_Sommercamp20181515.JPG\"\n               data-image-id=\"21251\"\n               data-title=\"Sommercamp2018(1515)\"\n               data-description=\"\"\n               data-image-slug=\"sommercamp20181515\"\n               class=\"shutterset_14ea2dae3d90de67c1fc228ab12416d8\">\n                <img\n                    title=\"Sommercamp2018(1515)\"\n                    alt=\"Sommercamp2018(1515)\"\n                    src=\"http:\/\/www.karate-neuhofen.at\/wp-content\/gallery\/10-sommercamp-2018\/thumbs\/thumbs_Sommercamp20181515.JPG\"\n                    width=\"240\"\n                    height=\"160\"\n                    style=\"max-width:100%;\"\n                \/>\n            <\/a>\n        <\/div>\n\t\t\t\t\t\t\t<\/div> \n\t\t\t\n        \n\t\t\t\t<div id=\"ngg-image-515\" class=\"ngg-gallery-thumbnail-box\" >\n\t\t\t\t        <div class=\"ngg-gallery-thumbnail\">\n            <a href=\"http:\/\/www.karate-neuhofen.at\/wp-content\/gallery\/10-sommercamp-2018\/Sommercamp20181516.JPG\"\n               title=\"\"\n               data-src=\"http:\/\/www.karate-neuhofen.at\/wp-content\/gallery\/10-sommercamp-2018\/Sommercamp20181516.JPG\"\n               data-thumbnail=\"http:\/\/www.karate-neuhofen.at\/wp-content\/gallery\/10-sommercamp-2018\/thumbs\/thumbs_Sommercamp20181516.JPG\"\n               data-image-id=\"21252\"\n               data-title=\"Sommercamp2018(1516)\"\n               data-description=\"\"\n               data-image-slug=\"sommercamp20181516\"\n               class=\"shutterset_14ea2dae3d90de67c1fc228ab12416d8\">\n                <img\n                    title=\"Sommercamp2018(1516)\"\n                    alt=\"Sommercamp2018(1516)\"\n                    src=\"http:\/\/www.karate-neuhofen.at\/wp-content\/gallery\/10-sommercamp-2018\/thumbs\/thumbs_Sommercamp20181516.JPG\"\n                    width=\"240\"\n                    height=\"160\"\n                    style=\"max-width:100%;\"\n                \/>\n            <\/a>\n        <\/div>\n\t\t\t\t\t\t\t<\/div> \n\t\t\t\n        \n\t\t\t\t<div id=\"ngg-image-516\" class=\"ngg-gallery-thumbnail-box\" >\n\t\t\t\t        <div class=\"ngg-gallery-thumbnail\">\n            <a href=\"http:\/\/www.karate-neuhofen.at\/wp-content\/gallery\/10-sommercamp-2018\/Sommercamp20181517.JPG\"\n               title=\"\"\n               data-src=\"http:\/\/www.karate-neuhofen.at\/wp-content\/gallery\/10-sommercamp-2018\/Sommercamp20181517.JPG\"\n               data-thumbnail=\"http:\/\/www.karate-neuhofen.at\/wp-content\/gallery\/10-sommercamp-2018\/thumbs\/thumbs_Sommercamp20181517.JPG\"\n               data-image-id=\"21253\"\n               data-title=\"Sommercamp2018(1517)\"\n               data-description=\"\"\n               data-image-slug=\"sommercamp20181517\"\n               class=\"shutterset_14ea2dae3d90de67c1fc228ab12416d8\">\n                <img\n                    title=\"Sommercamp2018(1517)\"\n                    alt=\"Sommercamp2018(1517)\"\n                    src=\"http:\/\/www.karate-neuhofen.at\/wp-content\/gallery\/10-sommercamp-2018\/thumbs\/thumbs_Sommercamp20181517.JPG\"\n                    width=\"240\"\n                    height=\"160\"\n                    style=\"max-width:100%;\"\n                \/>\n            <\/a>\n        <\/div>\n\t\t\t\t\t\t\t<\/div> \n\t\t\t\n        \n\t\t\t\t<div id=\"ngg-image-517\" class=\"ngg-gallery-thumbnail-box\" >\n\t\t\t\t        <div class=\"ngg-gallery-thumbnail\">\n            <a href=\"http:\/\/www.karate-neuhofen.at\/wp-content\/gallery\/10-sommercamp-2018\/Sommercamp20181518.JPG\"\n               title=\"\"\n               data-src=\"http:\/\/www.karate-neuhofen.at\/wp-content\/gallery\/10-sommercamp-2018\/Sommercamp20181518.JPG\"\n               data-thumbnail=\"http:\/\/www.karate-neuhofen.at\/wp-content\/gallery\/10-sommercamp-2018\/thumbs\/thumbs_Sommercamp20181518.JPG\"\n               data-image-id=\"21254\"\n               data-title=\"Sommercamp2018(1518)\"\n               data-description=\"\"\n               data-image-slug=\"sommercamp20181518\"\n               class=\"shutterset_14ea2dae3d90de67c1fc228ab12416d8\">\n                <img\n                    title=\"Sommercamp2018(1518)\"\n                    alt=\"Sommercamp2018(1518)\"\n                    src=\"http:\/\/www.karate-neuhofen.at\/wp-content\/gallery\/10-sommercamp-2018\/thumbs\/thumbs_Sommercamp20181518.JPG\"\n                    width=\"240\"\n                    height=\"160\"\n                    style=\"max-width:100%;\"\n                \/>\n            <\/a>\n        <\/div>\n\t\t\t\t\t\t\t<\/div> \n\t\t\t\n        \n\t\t\t\t<div id=\"ngg-image-518\" class=\"ngg-gallery-thumbnail-box\" >\n\t\t\t\t        <div class=\"ngg-gallery-thumbnail\">\n            <a href=\"http:\/\/www.karate-neuhofen.at\/wp-content\/gallery\/10-sommercamp-2018\/Sommercamp20181519.JPG\"\n               title=\"\"\n               data-src=\"http:\/\/www.karate-neuhofen.at\/wp-content\/gallery\/10-sommercamp-2018\/Sommercamp20181519.JPG\"\n               data-thumbnail=\"http:\/\/www.karate-neuhofen.at\/wp-content\/gallery\/10-sommercamp-2018\/thumbs\/thumbs_Sommercamp20181519.JPG\"\n               data-image-id=\"21255\"\n               data-title=\"Sommercamp2018(1519)\"\n               data-description=\"\"\n               data-image-slug=\"sommercamp20181519\"\n               class=\"shutterset_14ea2dae3d90de67c1fc228ab12416d8\">\n                <img\n                    title=\"Sommercamp2018(1519)\"\n                    alt=\"Sommercamp2018(1519)\"\n                    src=\"http:\/\/www.karate-neuhofen.at\/wp-content\/gallery\/10-sommercamp-2018\/thumbs\/thumbs_Sommercamp20181519.JPG\"\n                    width=\"240\"\n                    height=\"160\"\n                    style=\"max-width:100%;\"\n                \/>\n            <\/a>\n        <\/div>\n\t\t\t\t\t\t\t<\/div> \n\t\t\t\n        \n\t\t\t\t<div id=\"ngg-image-519\" class=\"ngg-gallery-thumbnail-box\" >\n\t\t\t\t        <div class=\"ngg-gallery-thumbnail\">\n            <a href=\"http:\/\/www.karate-neuhofen.at\/wp-content\/gallery\/10-sommercamp-2018\/Sommercamp20181520.JPG\"\n               title=\"\"\n               data-src=\"http:\/\/www.karate-neuhofen.at\/wp-content\/gallery\/10-sommercamp-2018\/Sommercamp20181520.JPG\"\n               data-thumbnail=\"http:\/\/www.karate-neuhofen.at\/wp-content\/gallery\/10-sommercamp-2018\/thumbs\/thumbs_Sommercamp20181520.JPG\"\n               data-image-id=\"21256\"\n               data-title=\"Sommercamp2018(1520)\"\n               data-description=\"\"\n               data-image-slug=\"sommercamp20181520\"\n               class=\"shutterset_14ea2dae3d90de67c1fc228ab12416d8\">\n                <img\n                    title=\"Sommercamp2018(1520)\"\n                    alt=\"Sommercamp2018(1520)\"\n                    src=\"http:\/\/www.karate-neuhofen.at\/wp-content\/gallery\/10-sommercamp-2018\/thumbs\/thumbs_Sommercamp20181520.JPG\"\n                    width=\"240\"\n                    height=\"160\"\n                    style=\"max-width:100%;\"\n                \/>\n            <\/a>\n        <\/div>\n\t\t\t\t\t\t\t<\/div> \n\t\t\t\n        \n\t\t\t\t<div id=\"ngg-image-520\" class=\"ngg-gallery-thumbnail-box\" >\n\t\t\t\t        <div class=\"ngg-gallery-thumbnail\">\n            <a href=\"http:\/\/www.karate-neuhofen.at\/wp-content\/gallery\/10-sommercamp-2018\/Sommercamp20181521.JPG\"\n               title=\"\"\n               data-src=\"http:\/\/www.karate-neuhofen.at\/wp-content\/gallery\/10-sommercamp-2018\/Sommercamp20181521.JPG\"\n               data-thumbnail=\"http:\/\/www.karate-neuhofen.at\/wp-content\/gallery\/10-sommercamp-2018\/thumbs\/thumbs_Sommercamp20181521.JPG\"\n               data-image-id=\"21257\"\n               data-title=\"Sommercamp2018(1521)\"\n               data-description=\"\"\n               data-image-slug=\"sommercamp20181521\"\n               class=\"shutterset_14ea2dae3d90de67c1fc228ab12416d8\">\n                <img\n                    title=\"Sommercamp2018(1521)\"\n                    alt=\"Sommercamp2018(1521)\"\n                    src=\"http:\/\/www.karate-neuhofen.at\/wp-content\/gallery\/10-sommercamp-2018\/thumbs\/thumbs_Sommercamp20181521.JPG\"\n                    width=\"240\"\n                    height=\"160\"\n                    style=\"max-width:100%;\"\n                \/>\n            <\/a>\n        <\/div>\n\t\t\t\t\t\t\t<\/div> \n\t\t\t\n        \n\t\t\t\t<div id=\"ngg-image-521\" class=\"ngg-gallery-thumbnail-box\" >\n\t\t\t\t        <div class=\"ngg-gallery-thumbnail\">\n            <a href=\"http:\/\/www.karate-neuhofen.at\/wp-content\/gallery\/10-sommercamp-2018\/Sommercamp20181522.JPG\"\n               title=\"\"\n               data-src=\"http:\/\/www.karate-neuhofen.at\/wp-content\/gallery\/10-sommercamp-2018\/Sommercamp20181522.JPG\"\n               data-thumbnail=\"http:\/\/www.karate-neuhofen.at\/wp-content\/gallery\/10-sommercamp-2018\/thumbs\/thumbs_Sommercamp20181522.JPG\"\n               data-image-id=\"21258\"\n               data-title=\"Sommercamp2018(1522)\"\n               data-description=\"\"\n               data-image-slug=\"sommercamp20181522\"\n               class=\"shutterset_14ea2dae3d90de67c1fc228ab12416d8\">\n                <img\n                    title=\"Sommercamp2018(1522)\"\n                    alt=\"Sommercamp2018(1522)\"\n                    src=\"http:\/\/www.karate-neuhofen.at\/wp-content\/gallery\/10-sommercamp-2018\/thumbs\/thumbs_Sommercamp20181522.JPG\"\n                    width=\"240\"\n                    height=\"160\"\n                    style=\"max-width:100%;\"\n                \/>\n            <\/a>\n        <\/div>\n\t\t\t\t\t\t\t<\/div> \n\t\t\t\n        \n\t\t\t\t<div id=\"ngg-image-522\" class=\"ngg-gallery-thumbnail-box\" >\n\t\t\t\t        <div class=\"ngg-gallery-thumbnail\">\n            <a href=\"http:\/\/www.karate-neuhofen.at\/wp-content\/gallery\/10-sommercamp-2018\/Sommercamp20181523.JPG\"\n               title=\"\"\n               data-src=\"http:\/\/www.karate-neuhofen.at\/wp-content\/gallery\/10-sommercamp-2018\/Sommercamp20181523.JPG\"\n               data-thumbnail=\"http:\/\/www.karate-neuhofen.at\/wp-content\/gallery\/10-sommercamp-2018\/thumbs\/thumbs_Sommercamp20181523.JPG\"\n               data-image-id=\"21259\"\n               data-title=\"Sommercamp2018(1523)\"\n               data-description=\"\"\n               data-image-slug=\"sommercamp20181523\"\n               class=\"shutterset_14ea2dae3d90de67c1fc228ab12416d8\">\n                <img\n                    title=\"Sommercamp2018(1523)\"\n                    alt=\"Sommercamp2018(1523)\"\n                    src=\"http:\/\/www.karate-neuhofen.at\/wp-content\/gallery\/10-sommercamp-2018\/thumbs\/thumbs_Sommercamp20181523.JPG\"\n                    width=\"240\"\n                    height=\"160\"\n                    style=\"max-width:100%;\"\n                \/>\n            <\/a>\n        <\/div>\n\t\t\t\t\t\t\t<\/div> \n\t\t\t\n        \n\t\t\t\t<div id=\"ngg-image-523\" class=\"ngg-gallery-thumbnail-box\" >\n\t\t\t\t        <div class=\"ngg-gallery-thumbnail\">\n            <a href=\"http:\/\/www.karate-neuhofen.at\/wp-content\/gallery\/10-sommercamp-2018\/Sommercamp20181524.JPG\"\n               title=\"\"\n               data-src=\"http:\/\/www.karate-neuhofen.at\/wp-content\/gallery\/10-sommercamp-2018\/Sommercamp20181524.JPG\"\n               data-thumbnail=\"http:\/\/www.karate-neuhofen.at\/wp-content\/gallery\/10-sommercamp-2018\/thumbs\/thumbs_Sommercamp20181524.JPG\"\n               data-image-id=\"21260\"\n               data-title=\"Sommercamp2018(1524)\"\n               data-description=\"\"\n               data-image-slug=\"sommercamp20181524\"\n               class=\"shutterset_14ea2dae3d90de67c1fc228ab12416d8\">\n                <img\n                    title=\"Sommercamp2018(1524)\"\n                    alt=\"Sommercamp2018(1524)\"\n                    src=\"http:\/\/www.karate-neuhofen.at\/wp-content\/gallery\/10-sommercamp-2018\/thumbs\/thumbs_Sommercamp20181524.JPG\"\n                    width=\"240\"\n                    height=\"160\"\n                    style=\"max-width:100%;\"\n                \/>\n            <\/a>\n        <\/div>\n\t\t\t\t\t\t\t<\/div> \n\t\t\t\n        \n\t\t\t\t<div id=\"ngg-image-524\" class=\"ngg-gallery-thumbnail-box\" >\n\t\t\t\t        <div class=\"ngg-gallery-thumbnail\">\n            <a href=\"http:\/\/www.karate-neuhofen.at\/wp-content\/gallery\/10-sommercamp-2018\/Sommercamp20181525.JPG\"\n               title=\"\"\n               data-src=\"http:\/\/www.karate-neuhofen.at\/wp-content\/gallery\/10-sommercamp-2018\/Sommercamp20181525.JPG\"\n               data-thumbnail=\"http:\/\/www.karate-neuhofen.at\/wp-content\/gallery\/10-sommercamp-2018\/thumbs\/thumbs_Sommercamp20181525.JPG\"\n               data-image-id=\"21261\"\n               data-title=\"Sommercamp2018(1525)\"\n               data-description=\"\"\n               data-image-slug=\"sommercamp20181525\"\n               class=\"shutterset_14ea2dae3d90de67c1fc228ab12416d8\">\n                <img\n                    title=\"Sommercamp2018(1525)\"\n                    alt=\"Sommercamp2018(1525)\"\n                    src=\"http:\/\/www.karate-neuhofen.at\/wp-content\/gallery\/10-sommercamp-2018\/thumbs\/thumbs_Sommercamp20181525.JPG\"\n                    width=\"240\"\n                    height=\"160\"\n                    style=\"max-width:100%;\"\n                \/>\n            <\/a>\n        <\/div>\n\t\t\t\t\t\t\t<\/div> \n\t\t\t\n        \n\t\t\t\t<div id=\"ngg-image-525\" class=\"ngg-gallery-thumbnail-box\" >\n\t\t\t\t        <div class=\"ngg-gallery-thumbnail\">\n            <a href=\"http:\/\/www.karate-neuhofen.at\/wp-content\/gallery\/10-sommercamp-2018\/Sommercamp20181526.JPG\"\n               title=\"\"\n               data-src=\"http:\/\/www.karate-neuhofen.at\/wp-content\/gallery\/10-sommercamp-2018\/Sommercamp20181526.JPG\"\n               data-thumbnail=\"http:\/\/www.karate-neuhofen.at\/wp-content\/gallery\/10-sommercamp-2018\/thumbs\/thumbs_Sommercamp20181526.JPG\"\n               data-image-id=\"21262\"\n               data-title=\"Sommercamp2018(1526)\"\n               data-description=\"\"\n               data-image-slug=\"sommercamp20181526\"\n               class=\"shutterset_14ea2dae3d90de67c1fc228ab12416d8\">\n                <img\n                    title=\"Sommercamp2018(1526)\"\n                    alt=\"Sommercamp2018(1526)\"\n                    src=\"http:\/\/www.karate-neuhofen.at\/wp-content\/gallery\/10-sommercamp-2018\/thumbs\/thumbs_Sommercamp20181526.JPG\"\n                    width=\"240\"\n                    height=\"160\"\n                    style=\"max-width:100%;\"\n                \/>\n            <\/a>\n        <\/div>\n\t\t\t\t\t\t\t<\/div> \n\t\t\t\n        \n\t\t\t\t<div id=\"ngg-image-526\" class=\"ngg-gallery-thumbnail-box\" >\n\t\t\t\t        <div class=\"ngg-gallery-thumbnail\">\n            <a href=\"http:\/\/www.karate-neuhofen.at\/wp-content\/gallery\/10-sommercamp-2018\/Sommercamp20181527.JPG\"\n               title=\"\"\n               data-src=\"http:\/\/www.karate-neuhofen.at\/wp-content\/gallery\/10-sommercamp-2018\/Sommercamp20181527.JPG\"\n               data-thumbnail=\"http:\/\/www.karate-neuhofen.at\/wp-content\/gallery\/10-sommercamp-2018\/thumbs\/thumbs_Sommercamp20181527.JPG\"\n               data-image-id=\"21263\"\n               data-title=\"Sommercamp2018(1527)\"\n               data-description=\"\"\n               data-image-slug=\"sommercamp20181527\"\n               class=\"shutterset_14ea2dae3d90de67c1fc228ab12416d8\">\n                <img\n                    title=\"Sommercamp2018(1527)\"\n                    alt=\"Sommercamp2018(1527)\"\n                    src=\"http:\/\/www.karate-neuhofen.at\/wp-content\/gallery\/10-sommercamp-2018\/thumbs\/thumbs_Sommercamp20181527.JPG\"\n                    width=\"240\"\n                    height=\"160\"\n                    style=\"max-width:100%;\"\n                \/>\n            <\/a>\n        <\/div>\n\t\t\t\t\t\t\t<\/div> \n\t\t\t\n        \n\t\t\t\t<div id=\"ngg-image-527\" class=\"ngg-gallery-thumbnail-box\" >\n\t\t\t\t        <div class=\"ngg-gallery-thumbnail\">\n            <a href=\"http:\/\/www.karate-neuhofen.at\/wp-content\/gallery\/10-sommercamp-2018\/Sommercamp20181528.JPG\"\n               title=\"\"\n               data-src=\"http:\/\/www.karate-neuhofen.at\/wp-content\/gallery\/10-sommercamp-2018\/Sommercamp20181528.JPG\"\n               data-thumbnail=\"http:\/\/www.karate-neuhofen.at\/wp-content\/gallery\/10-sommercamp-2018\/thumbs\/thumbs_Sommercamp20181528.JPG\"\n               data-image-id=\"21264\"\n               data-title=\"Sommercamp2018(1528)\"\n               data-description=\"\"\n               data-image-slug=\"sommercamp20181528\"\n               class=\"shutterset_14ea2dae3d90de67c1fc228ab12416d8\">\n                <img\n                    title=\"Sommercamp2018(1528)\"\n                    alt=\"Sommercamp2018(1528)\"\n                    src=\"http:\/\/www.karate-neuhofen.at\/wp-content\/gallery\/10-sommercamp-2018\/thumbs\/thumbs_Sommercamp20181528.JPG\"\n                    width=\"240\"\n                    height=\"160\"\n                    style=\"max-width:100%;\"\n                \/>\n            <\/a>\n        <\/div>\n\t\t\t\t\t\t\t<\/div> \n\t\t\t\n        \n\t\t\t\t<div id=\"ngg-image-528\" class=\"ngg-gallery-thumbnail-box\" >\n\t\t\t\t        <div class=\"ngg-gallery-thumbnail\">\n            <a href=\"http:\/\/www.karate-neuhofen.at\/wp-content\/gallery\/10-sommercamp-2018\/Sommercamp20181529.JPG\"\n               title=\"\"\n               data-src=\"http:\/\/www.karate-neuhofen.at\/wp-content\/gallery\/10-sommercamp-2018\/Sommercamp20181529.JPG\"\n               data-thumbnail=\"http:\/\/www.karate-neuhofen.at\/wp-content\/gallery\/10-sommercamp-2018\/thumbs\/thumbs_Sommercamp20181529.JPG\"\n               data-image-id=\"21265\"\n               data-title=\"Sommercamp2018(1529)\"\n               data-description=\"\"\n               data-image-slug=\"sommercamp20181529\"\n               class=\"shutterset_14ea2dae3d90de67c1fc228ab12416d8\">\n                <img\n                    title=\"Sommercamp2018(1529)\"\n                    alt=\"Sommercamp2018(1529)\"\n                    src=\"http:\/\/www.karate-neuhofen.at\/wp-content\/gallery\/10-sommercamp-2018\/thumbs\/thumbs_Sommercamp20181529.JPG\"\n                    width=\"240\"\n                    height=\"160\"\n                    style=\"max-width:100%;\"\n                \/>\n            <\/a>\n        <\/div>\n\t\t\t\t\t\t\t<\/div> \n\t\t\t\n        \n\t\t\t\t<div id=\"ngg-image-529\" class=\"ngg-gallery-thumbnail-box\" >\n\t\t\t\t        <div class=\"ngg-gallery-thumbnail\">\n            <a href=\"http:\/\/www.karate-neuhofen.at\/wp-content\/gallery\/10-sommercamp-2018\/Sommercamp20181530.JPG\"\n               title=\"\"\n               data-src=\"http:\/\/www.karate-neuhofen.at\/wp-content\/gallery\/10-sommercamp-2018\/Sommercamp20181530.JPG\"\n               data-thumbnail=\"http:\/\/www.karate-neuhofen.at\/wp-content\/gallery\/10-sommercamp-2018\/thumbs\/thumbs_Sommercamp20181530.JPG\"\n               data-image-id=\"21266\"\n               data-title=\"Sommercamp2018(1530)\"\n               data-description=\"\"\n               data-image-slug=\"sommercamp20181530\"\n               class=\"shutterset_14ea2dae3d90de67c1fc228ab12416d8\">\n                <img\n                    title=\"Sommercamp2018(1530)\"\n                    alt=\"Sommercamp2018(1530)\"\n                    src=\"http:\/\/www.karate-neuhofen.at\/wp-content\/gallery\/10-sommercamp-2018\/thumbs\/thumbs_Sommercamp20181530.JPG\"\n                    width=\"240\"\n                    height=\"160\"\n                    style=\"max-width:100%;\"\n                \/>\n            <\/a>\n        <\/div>\n\t\t\t\t\t\t\t<\/div> \n\t\t\t\n        \n\t\t\t\t<div id=\"ngg-image-530\" class=\"ngg-gallery-thumbnail-box\" >\n\t\t\t\t        <div class=\"ngg-gallery-thumbnail\">\n            <a href=\"http:\/\/www.karate-neuhofen.at\/wp-content\/gallery\/10-sommercamp-2018\/Sommercamp20181531.JPG\"\n               title=\"\"\n               data-src=\"http:\/\/www.karate-neuhofen.at\/wp-content\/gallery\/10-sommercamp-2018\/Sommercamp20181531.JPG\"\n               data-thumbnail=\"http:\/\/www.karate-neuhofen.at\/wp-content\/gallery\/10-sommercamp-2018\/thumbs\/thumbs_Sommercamp20181531.JPG\"\n               data-image-id=\"21267\"\n               data-title=\"Sommercamp2018(1531)\"\n               data-description=\"\"\n               data-image-slug=\"sommercamp20181531\"\n               class=\"shutterset_14ea2dae3d90de67c1fc228ab12416d8\">\n                <img\n                    title=\"Sommercamp2018(1531)\"\n                    alt=\"Sommercamp2018(1531)\"\n                    src=\"http:\/\/www.karate-neuhofen.at\/wp-content\/gallery\/10-sommercamp-2018\/thumbs\/thumbs_Sommercamp20181531.JPG\"\n                    width=\"240\"\n                    height=\"160\"\n                    style=\"max-width:100%;\"\n                \/>\n            <\/a>\n        <\/div>\n\t\t\t\t\t\t\t<\/div> \n\t\t\t\n        \n\t\t\t\t<div id=\"ngg-image-531\" class=\"ngg-gallery-thumbnail-box\" >\n\t\t\t\t        <div class=\"ngg-gallery-thumbnail\">\n            <a href=\"http:\/\/www.karate-neuhofen.at\/wp-content\/gallery\/10-sommercamp-2018\/Sommercamp20181532.JPG\"\n               title=\"\"\n               data-src=\"http:\/\/www.karate-neuhofen.at\/wp-content\/gallery\/10-sommercamp-2018\/Sommercamp20181532.JPG\"\n               data-thumbnail=\"http:\/\/www.karate-neuhofen.at\/wp-content\/gallery\/10-sommercamp-2018\/thumbs\/thumbs_Sommercamp20181532.JPG\"\n               data-image-id=\"21268\"\n               data-title=\"Sommercamp2018(1532)\"\n               data-description=\"\"\n               data-image-slug=\"sommercamp20181532\"\n               class=\"shutterset_14ea2dae3d90de67c1fc228ab12416d8\">\n                <img\n                    title=\"Sommercamp2018(1532)\"\n                    alt=\"Sommercamp2018(1532)\"\n                    src=\"http:\/\/www.karate-neuhofen.at\/wp-content\/gallery\/10-sommercamp-2018\/thumbs\/thumbs_Sommercamp20181532.JPG\"\n                    width=\"240\"\n                    height=\"160\"\n                    style=\"max-width:100%;\"\n                \/>\n            <\/a>\n        <\/div>\n\t\t\t\t\t\t\t<\/div> \n\t\t\t\n        \n\t\t\t\t<div id=\"ngg-image-532\" class=\"ngg-gallery-thumbnail-box\" >\n\t\t\t\t        <div class=\"ngg-gallery-thumbnail\">\n            <a href=\"http:\/\/www.karate-neuhofen.at\/wp-content\/gallery\/10-sommercamp-2018\/Sommercamp20181533.JPG\"\n               title=\"\"\n               data-src=\"http:\/\/www.karate-neuhofen.at\/wp-content\/gallery\/10-sommercamp-2018\/Sommercamp20181533.JPG\"\n               data-thumbnail=\"http:\/\/www.karate-neuhofen.at\/wp-content\/gallery\/10-sommercamp-2018\/thumbs\/thumbs_Sommercamp20181533.JPG\"\n               data-image-id=\"21269\"\n               data-title=\"Sommercamp2018(1533)\"\n               data-description=\"\"\n               data-image-slug=\"sommercamp20181533\"\n               class=\"shutterset_14ea2dae3d90de67c1fc228ab12416d8\">\n                <img\n                    title=\"Sommercamp2018(1533)\"\n                    alt=\"Sommercamp2018(1533)\"\n                    src=\"http:\/\/www.karate-neuhofen.at\/wp-content\/gallery\/10-sommercamp-2018\/thumbs\/thumbs_Sommercamp20181533.JPG\"\n                    width=\"240\"\n                    height=\"160\"\n                    style=\"max-width:100%;\"\n                \/>\n            <\/a>\n        <\/div>\n\t\t\t\t\t\t\t<\/div> \n\t\t\t\n        \n\t\t\t\t<div id=\"ngg-image-533\" class=\"ngg-gallery-thumbnail-box\" >\n\t\t\t\t        <div class=\"ngg-gallery-thumbnail\">\n            <a href=\"http:\/\/www.karate-neuhofen.at\/wp-content\/gallery\/10-sommercamp-2018\/Sommercamp20181534.JPG\"\n               title=\"\"\n               data-src=\"http:\/\/www.karate-neuhofen.at\/wp-content\/gallery\/10-sommercamp-2018\/Sommercamp20181534.JPG\"\n               data-thumbnail=\"http:\/\/www.karate-neuhofen.at\/wp-content\/gallery\/10-sommercamp-2018\/thumbs\/thumbs_Sommercamp20181534.JPG\"\n               data-image-id=\"21270\"\n               data-title=\"Sommercamp2018(1534)\"\n               data-description=\"\"\n               data-image-slug=\"sommercamp20181534\"\n               class=\"shutterset_14ea2dae3d90de67c1fc228ab12416d8\">\n                <img\n                    title=\"Sommercamp2018(1534)\"\n                    alt=\"Sommercamp2018(1534)\"\n                    src=\"http:\/\/www.karate-neuhofen.at\/wp-content\/gallery\/10-sommercamp-2018\/thumbs\/thumbs_Sommercamp20181534.JPG\"\n                    width=\"240\"\n                    height=\"160\"\n                    style=\"max-width:100%;\"\n                \/>\n            <\/a>\n        <\/div>\n\t\t\t\t\t\t\t<\/div> \n\t\t\t\n        \n\t\t\t\t<div id=\"ngg-image-534\" class=\"ngg-gallery-thumbnail-box\" >\n\t\t\t\t        <div class=\"ngg-gallery-thumbnail\">\n            <a href=\"http:\/\/www.karate-neuhofen.at\/wp-content\/gallery\/10-sommercamp-2018\/Sommercamp20181535.JPG\"\n               title=\"\"\n               data-src=\"http:\/\/www.karate-neuhofen.at\/wp-content\/gallery\/10-sommercamp-2018\/Sommercamp20181535.JPG\"\n               data-thumbnail=\"http:\/\/www.karate-neuhofen.at\/wp-content\/gallery\/10-sommercamp-2018\/thumbs\/thumbs_Sommercamp20181535.JPG\"\n               data-image-id=\"21271\"\n               data-title=\"Sommercamp2018(1535)\"\n               data-description=\"\"\n               data-image-slug=\"sommercamp20181535\"\n               class=\"shutterset_14ea2dae3d90de67c1fc228ab12416d8\">\n                <img\n                    title=\"Sommercamp2018(1535)\"\n                    alt=\"Sommercamp2018(1535)\"\n                    src=\"http:\/\/www.karate-neuhofen.at\/wp-content\/gallery\/10-sommercamp-2018\/thumbs\/thumbs_Sommercamp20181535.JPG\"\n                    width=\"240\"\n                    height=\"160\"\n                    style=\"max-width:100%;\"\n                \/>\n            <\/a>\n        <\/div>\n\t\t\t\t\t\t\t<\/div> \n\t\t\t\n        \n\t\t\t\t<div id=\"ngg-image-535\" class=\"ngg-gallery-thumbnail-box\" >\n\t\t\t\t        <div class=\"ngg-gallery-thumbnail\">\n            <a href=\"http:\/\/www.karate-neuhofen.at\/wp-content\/gallery\/10-sommercamp-2018\/Sommercamp20181536.JPG\"\n               title=\"\"\n               data-src=\"http:\/\/www.karate-neuhofen.at\/wp-content\/gallery\/10-sommercamp-2018\/Sommercamp20181536.JPG\"\n               data-thumbnail=\"http:\/\/www.karate-neuhofen.at\/wp-content\/gallery\/10-sommercamp-2018\/thumbs\/thumbs_Sommercamp20181536.JPG\"\n               data-image-id=\"21272\"\n               data-title=\"Sommercamp2018(1536)\"\n               data-description=\"\"\n               data-image-slug=\"sommercamp20181536\"\n               class=\"shutterset_14ea2dae3d90de67c1fc228ab12416d8\">\n                <img\n                    title=\"Sommercamp2018(1536)\"\n                    alt=\"Sommercamp2018(1536)\"\n                    src=\"http:\/\/www.karate-neuhofen.at\/wp-content\/gallery\/10-sommercamp-2018\/thumbs\/thumbs_Sommercamp20181536.JPG\"\n                    width=\"240\"\n                    height=\"160\"\n                    style=\"max-width:100%;\"\n                \/>\n            <\/a>\n        <\/div>\n\t\t\t\t\t\t\t<\/div> \n\t\t\t\n        \n\t\t\t\t<div id=\"ngg-image-536\" class=\"ngg-gallery-thumbnail-box\" >\n\t\t\t\t        <div class=\"ngg-gallery-thumbnail\">\n            <a href=\"http:\/\/www.karate-neuhofen.at\/wp-content\/gallery\/10-sommercamp-2018\/Sommercamp20181537.JPG\"\n               title=\"\"\n               data-src=\"http:\/\/www.karate-neuhofen.at\/wp-content\/gallery\/10-sommercamp-2018\/Sommercamp20181537.JPG\"\n               data-thumbnail=\"http:\/\/www.karate-neuhofen.at\/wp-content\/gallery\/10-sommercamp-2018\/thumbs\/thumbs_Sommercamp20181537.JPG\"\n               data-image-id=\"21273\"\n               data-title=\"Sommercamp2018(1537)\"\n               data-description=\"\"\n               data-image-slug=\"sommercamp20181537\"\n               class=\"shutterset_14ea2dae3d90de67c1fc228ab12416d8\">\n                <img\n                    title=\"Sommercamp2018(1537)\"\n                    alt=\"Sommercamp2018(1537)\"\n                    src=\"http:\/\/www.karate-neuhofen.at\/wp-content\/gallery\/10-sommercamp-2018\/thumbs\/thumbs_Sommercamp20181537.JPG\"\n                    width=\"240\"\n                    height=\"160\"\n                    style=\"max-width:100%;\"\n                \/>\n            <\/a>\n        <\/div>\n\t\t\t\t\t\t\t<\/div> \n\t\t\t\n        \n\t\t\t\t<div id=\"ngg-image-537\" class=\"ngg-gallery-thumbnail-box\" >\n\t\t\t\t        <div class=\"ngg-gallery-thumbnail\">\n            <a href=\"http:\/\/www.karate-neuhofen.at\/wp-content\/gallery\/10-sommercamp-2018\/Sommercamp20181538.JPG\"\n               title=\"\"\n               data-src=\"http:\/\/www.karate-neuhofen.at\/wp-content\/gallery\/10-sommercamp-2018\/Sommercamp20181538.JPG\"\n               data-thumbnail=\"http:\/\/www.karate-neuhofen.at\/wp-content\/gallery\/10-sommercamp-2018\/thumbs\/thumbs_Sommercamp20181538.JPG\"\n               data-image-id=\"21274\"\n               data-title=\"Sommercamp2018(1538)\"\n               data-description=\"\"\n               data-image-slug=\"sommercamp20181538\"\n               class=\"shutterset_14ea2dae3d90de67c1fc228ab12416d8\">\n                <img\n                    title=\"Sommercamp2018(1538)\"\n                    alt=\"Sommercamp2018(1538)\"\n                    src=\"http:\/\/www.karate-neuhofen.at\/wp-content\/gallery\/10-sommercamp-2018\/thumbs\/thumbs_Sommercamp20181538.JPG\"\n                    width=\"240\"\n                    height=\"160\"\n                    style=\"max-width:100%;\"\n                \/>\n            <\/a>\n        <\/div>\n\t\t\t\t\t\t\t<\/div> \n\t\t\t\n        \n\t\t\t\t<div id=\"ngg-image-538\" class=\"ngg-gallery-thumbnail-box\" >\n\t\t\t\t        <div class=\"ngg-gallery-thumbnail\">\n            <a href=\"http:\/\/www.karate-neuhofen.at\/wp-content\/gallery\/10-sommercamp-2018\/Sommercamp20181539.JPG\"\n               title=\"\"\n               data-src=\"http:\/\/www.karate-neuhofen.at\/wp-content\/gallery\/10-sommercamp-2018\/Sommercamp20181539.JPG\"\n               data-thumbnail=\"http:\/\/www.karate-neuhofen.at\/wp-content\/gallery\/10-sommercamp-2018\/thumbs\/thumbs_Sommercamp20181539.JPG\"\n               data-image-id=\"21275\"\n               data-title=\"Sommercamp2018(1539)\"\n               data-description=\"\"\n               data-image-slug=\"sommercamp20181539\"\n               class=\"shutterset_14ea2dae3d90de67c1fc228ab12416d8\">\n                <img\n                    title=\"Sommercamp2018(1539)\"\n                    alt=\"Sommercamp2018(1539)\"\n                    src=\"http:\/\/www.karate-neuhofen.at\/wp-content\/gallery\/10-sommercamp-2018\/thumbs\/thumbs_Sommercamp20181539.JPG\"\n                    width=\"240\"\n                    height=\"160\"\n                    style=\"max-width:100%;\"\n                \/>\n            <\/a>\n        <\/div>\n\t\t\t\t\t\t\t<\/div> \n\t\t\t\n        \n\t\t\t\t<div id=\"ngg-image-539\" class=\"ngg-gallery-thumbnail-box\" >\n\t\t\t\t        <div class=\"ngg-gallery-thumbnail\">\n            <a href=\"http:\/\/www.karate-neuhofen.at\/wp-content\/gallery\/10-sommercamp-2018\/Sommercamp20181540.JPG\"\n               title=\"\"\n               data-src=\"http:\/\/www.karate-neuhofen.at\/wp-content\/gallery\/10-sommercamp-2018\/Sommercamp20181540.JPG\"\n               data-thumbnail=\"http:\/\/www.karate-neuhofen.at\/wp-content\/gallery\/10-sommercamp-2018\/thumbs\/thumbs_Sommercamp20181540.JPG\"\n               data-image-id=\"21276\"\n               data-title=\"Sommercamp2018(1540)\"\n               data-description=\"\"\n               data-image-slug=\"sommercamp20181540\"\n               class=\"shutterset_14ea2dae3d90de67c1fc228ab12416d8\">\n                <img\n                    title=\"Sommercamp2018(1540)\"\n                    alt=\"Sommercamp2018(1540)\"\n                    src=\"http:\/\/www.karate-neuhofen.at\/wp-content\/gallery\/10-sommercamp-2018\/thumbs\/thumbs_Sommercamp20181540.JPG\"\n                    width=\"240\"\n                    height=\"160\"\n                    style=\"max-width:100%;\"\n                \/>\n            <\/a>\n        <\/div>\n\t\t\t\t\t\t\t<\/div> \n\t\t\t\n        \n\t\t\t\t<div id=\"ngg-image-540\" class=\"ngg-gallery-thumbnail-box\" >\n\t\t\t\t        <div class=\"ngg-gallery-thumbnail\">\n            <a href=\"http:\/\/www.karate-neuhofen.at\/wp-content\/gallery\/10-sommercamp-2018\/Sommercamp20181541.JPG\"\n               title=\"\"\n               data-src=\"http:\/\/www.karate-neuhofen.at\/wp-content\/gallery\/10-sommercamp-2018\/Sommercamp20181541.JPG\"\n               data-thumbnail=\"http:\/\/www.karate-neuhofen.at\/wp-content\/gallery\/10-sommercamp-2018\/thumbs\/thumbs_Sommercamp20181541.JPG\"\n               data-image-id=\"21277\"\n               data-title=\"Sommercamp2018(1541)\"\n               data-description=\"\"\n               data-image-slug=\"sommercamp20181541\"\n               class=\"shutterset_14ea2dae3d90de67c1fc228ab12416d8\">\n                <img\n                    title=\"Sommercamp2018(1541)\"\n                    alt=\"Sommercamp2018(1541)\"\n                    src=\"http:\/\/www.karate-neuhofen.at\/wp-content\/gallery\/10-sommercamp-2018\/thumbs\/thumbs_Sommercamp20181541.JPG\"\n                    width=\"240\"\n                    height=\"160\"\n                    style=\"max-width:100%;\"\n                \/>\n            <\/a>\n        <\/div>\n\t\t\t\t\t\t\t<\/div> \n\t\t\t\n        \n\t\t\t\t<div id=\"ngg-image-541\" class=\"ngg-gallery-thumbnail-box\" >\n\t\t\t\t        <div class=\"ngg-gallery-thumbnail\">\n            <a href=\"http:\/\/www.karate-neuhofen.at\/wp-content\/gallery\/10-sommercamp-2018\/Sommercamp20181542.JPG\"\n               title=\"\"\n               data-src=\"http:\/\/www.karate-neuhofen.at\/wp-content\/gallery\/10-sommercamp-2018\/Sommercamp20181542.JPG\"\n               data-thumbnail=\"http:\/\/www.karate-neuhofen.at\/wp-content\/gallery\/10-sommercamp-2018\/thumbs\/thumbs_Sommercamp20181542.JPG\"\n               data-image-id=\"21278\"\n               data-title=\"Sommercamp2018(1542)\"\n               data-description=\"\"\n               data-image-slug=\"sommercamp20181542\"\n               class=\"shutterset_14ea2dae3d90de67c1fc228ab12416d8\">\n                <img\n                    title=\"Sommercamp2018(1542)\"\n                    alt=\"Sommercamp2018(1542)\"\n                    src=\"http:\/\/www.karate-neuhofen.at\/wp-content\/gallery\/10-sommercamp-2018\/thumbs\/thumbs_Sommercamp20181542.JPG\"\n                    width=\"240\"\n                    height=\"160\"\n                    style=\"max-width:100%;\"\n                \/>\n            <\/a>\n        <\/div>\n\t\t\t\t\t\t\t<\/div> \n\t\t\t\n        \n\t\t\t\t<div id=\"ngg-image-542\" class=\"ngg-gallery-thumbnail-box\" >\n\t\t\t\t        <div class=\"ngg-gallery-thumbnail\">\n            <a href=\"http:\/\/www.karate-neuhofen.at\/wp-content\/gallery\/10-sommercamp-2018\/Sommercamp20181543.JPG\"\n               title=\"\"\n               data-src=\"http:\/\/www.karate-neuhofen.at\/wp-content\/gallery\/10-sommercamp-2018\/Sommercamp20181543.JPG\"\n               data-thumbnail=\"http:\/\/www.karate-neuhofen.at\/wp-content\/gallery\/10-sommercamp-2018\/thumbs\/thumbs_Sommercamp20181543.JPG\"\n               data-image-id=\"21279\"\n               data-title=\"Sommercamp2018(1543)\"\n               data-description=\"\"\n               data-image-slug=\"sommercamp20181543\"\n               class=\"shutterset_14ea2dae3d90de67c1fc228ab12416d8\">\n                <img\n                    title=\"Sommercamp2018(1543)\"\n                    alt=\"Sommercamp2018(1543)\"\n                    src=\"http:\/\/www.karate-neuhofen.at\/wp-content\/gallery\/10-sommercamp-2018\/thumbs\/thumbs_Sommercamp20181543.JPG\"\n                    width=\"240\"\n                    height=\"160\"\n                    style=\"max-width:100%;\"\n                \/>\n            <\/a>\n        <\/div>\n\t\t\t\t\t\t\t<\/div> \n\t\t\t\n        \n\t\t\t\t<div id=\"ngg-image-543\" class=\"ngg-gallery-thumbnail-box\" >\n\t\t\t\t        <div class=\"ngg-gallery-thumbnail\">\n            <a href=\"http:\/\/www.karate-neuhofen.at\/wp-content\/gallery\/10-sommercamp-2018\/Sommercamp20181544.JPG\"\n               title=\"\"\n               data-src=\"http:\/\/www.karate-neuhofen.at\/wp-content\/gallery\/10-sommercamp-2018\/Sommercamp20181544.JPG\"\n               data-thumbnail=\"http:\/\/www.karate-neuhofen.at\/wp-content\/gallery\/10-sommercamp-2018\/thumbs\/thumbs_Sommercamp20181544.JPG\"\n               data-image-id=\"21280\"\n               data-title=\"Sommercamp2018(1544)\"\n               data-description=\"\"\n               data-image-slug=\"sommercamp20181544\"\n               class=\"shutterset_14ea2dae3d90de67c1fc228ab12416d8\">\n                <img\n                    title=\"Sommercamp2018(1544)\"\n                    alt=\"Sommercamp2018(1544)\"\n                    src=\"http:\/\/www.karate-neuhofen.at\/wp-content\/gallery\/10-sommercamp-2018\/thumbs\/thumbs_Sommercamp20181544.JPG\"\n                    width=\"240\"\n                    height=\"160\"\n                    style=\"max-width:100%;\"\n                \/>\n            <\/a>\n        <\/div>\n\t\t\t\t\t\t\t<\/div> \n\t\t\t\n        \n\t\t\t\t<div id=\"ngg-image-544\" class=\"ngg-gallery-thumbnail-box\" >\n\t\t\t\t        <div class=\"ngg-gallery-thumbnail\">\n            <a href=\"http:\/\/www.karate-neuhofen.at\/wp-content\/gallery\/10-sommercamp-2018\/Sommercamp20181545.JPG\"\n               title=\"\"\n               data-src=\"http:\/\/www.karate-neuhofen.at\/wp-content\/gallery\/10-sommercamp-2018\/Sommercamp20181545.JPG\"\n               data-thumbnail=\"http:\/\/www.karate-neuhofen.at\/wp-content\/gallery\/10-sommercamp-2018\/thumbs\/thumbs_Sommercamp20181545.JPG\"\n               data-image-id=\"21281\"\n               data-title=\"Sommercamp2018(1545)\"\n               data-description=\"\"\n               data-image-slug=\"sommercamp20181545\"\n               class=\"shutterset_14ea2dae3d90de67c1fc228ab12416d8\">\n                <img\n                    title=\"Sommercamp2018(1545)\"\n                    alt=\"Sommercamp2018(1545)\"\n                    src=\"http:\/\/www.karate-neuhofen.at\/wp-content\/gallery\/10-sommercamp-2018\/thumbs\/thumbs_Sommercamp20181545.JPG\"\n                    width=\"240\"\n                    height=\"160\"\n                    style=\"max-width:100%;\"\n                \/>\n            <\/a>\n        <\/div>\n\t\t\t\t\t\t\t<\/div> \n\t\t\t\n        \n\t\t\t\t<div id=\"ngg-image-545\" class=\"ngg-gallery-thumbnail-box\" >\n\t\t\t\t        <div class=\"ngg-gallery-thumbnail\">\n            <a href=\"http:\/\/www.karate-neuhofen.at\/wp-content\/gallery\/10-sommercamp-2018\/Sommercamp20181546.JPG\"\n               title=\"\"\n               data-src=\"http:\/\/www.karate-neuhofen.at\/wp-content\/gallery\/10-sommercamp-2018\/Sommercamp20181546.JPG\"\n               data-thumbnail=\"http:\/\/www.karate-neuhofen.at\/wp-content\/gallery\/10-sommercamp-2018\/thumbs\/thumbs_Sommercamp20181546.JPG\"\n               data-image-id=\"21282\"\n               data-title=\"Sommercamp2018(1546)\"\n               data-description=\"\"\n               data-image-slug=\"sommercamp20181546\"\n               class=\"shutterset_14ea2dae3d90de67c1fc228ab12416d8\">\n                <img\n                    title=\"Sommercamp2018(1546)\"\n                    alt=\"Sommercamp2018(1546)\"\n                    src=\"http:\/\/www.karate-neuhofen.at\/wp-content\/gallery\/10-sommercamp-2018\/thumbs\/thumbs_Sommercamp20181546.JPG\"\n                    width=\"240\"\n                    height=\"160\"\n                    style=\"max-width:100%;\"\n                \/>\n            <\/a>\n        <\/div>\n\t\t\t\t\t\t\t<\/div> \n\t\t\t\n        \n\t\t\t\t<div id=\"ngg-image-546\" class=\"ngg-gallery-thumbnail-box\" >\n\t\t\t\t        <div class=\"ngg-gallery-thumbnail\">\n            <a href=\"http:\/\/www.karate-neuhofen.at\/wp-content\/gallery\/10-sommercamp-2018\/Sommercamp20181547.JPG\"\n               title=\"\"\n               data-src=\"http:\/\/www.karate-neuhofen.at\/wp-content\/gallery\/10-sommercamp-2018\/Sommercamp20181547.JPG\"\n               data-thumbnail=\"http:\/\/www.karate-neuhofen.at\/wp-content\/gallery\/10-sommercamp-2018\/thumbs\/thumbs_Sommercamp20181547.JPG\"\n               data-image-id=\"21283\"\n               data-title=\"Sommercamp2018(1547)\"\n               data-description=\"\"\n               data-image-slug=\"sommercamp20181547\"\n               class=\"shutterset_14ea2dae3d90de67c1fc228ab12416d8\">\n                <img\n                    title=\"Sommercamp2018(1547)\"\n                    alt=\"Sommercamp2018(1547)\"\n                    src=\"http:\/\/www.karate-neuhofen.at\/wp-content\/gallery\/10-sommercamp-2018\/thumbs\/thumbs_Sommercamp20181547.JPG\"\n                    width=\"240\"\n                    height=\"160\"\n                    style=\"max-width:100%;\"\n                \/>\n            <\/a>\n        <\/div>\n\t\t\t\t\t\t\t<\/div> \n\t\t\t\n        \n\t\t\t\t<div id=\"ngg-image-547\" class=\"ngg-gallery-thumbnail-box\" >\n\t\t\t\t        <div class=\"ngg-gallery-thumbnail\">\n            <a href=\"http:\/\/www.karate-neuhofen.at\/wp-content\/gallery\/10-sommercamp-2018\/Sommercamp20181548.JPG\"\n               title=\"\"\n               data-src=\"http:\/\/www.karate-neuhofen.at\/wp-content\/gallery\/10-sommercamp-2018\/Sommercamp20181548.JPG\"\n               data-thumbnail=\"http:\/\/www.karate-neuhofen.at\/wp-content\/gallery\/10-sommercamp-2018\/thumbs\/thumbs_Sommercamp20181548.JPG\"\n               data-image-id=\"21284\"\n               data-title=\"Sommercamp2018(1548)\"\n               data-description=\"\"\n               data-image-slug=\"sommercamp20181548\"\n               class=\"shutterset_14ea2dae3d90de67c1fc228ab12416d8\">\n                <img\n                    title=\"Sommercamp2018(1548)\"\n                    alt=\"Sommercamp2018(1548)\"\n                    src=\"http:\/\/www.karate-neuhofen.at\/wp-content\/gallery\/10-sommercamp-2018\/thumbs\/thumbs_Sommercamp20181548.JPG\"\n                    width=\"240\"\n                    height=\"160\"\n                    style=\"max-width:100%;\"\n                \/>\n            <\/a>\n        <\/div>\n\t\t\t\t\t\t\t<\/div> \n\t\t\t\n        \n\t\t\t\t<div id=\"ngg-image-548\" class=\"ngg-gallery-thumbnail-box\" >\n\t\t\t\t        <div class=\"ngg-gallery-thumbnail\">\n            <a href=\"http:\/\/www.karate-neuhofen.at\/wp-content\/gallery\/10-sommercamp-2018\/Sommercamp20181549.JPG\"\n               title=\"\"\n               data-src=\"http:\/\/www.karate-neuhofen.at\/wp-content\/gallery\/10-sommercamp-2018\/Sommercamp20181549.JPG\"\n               data-thumbnail=\"http:\/\/www.karate-neuhofen.at\/wp-content\/gallery\/10-sommercamp-2018\/thumbs\/thumbs_Sommercamp20181549.JPG\"\n               data-image-id=\"21285\"\n               data-title=\"Sommercamp2018(1549)\"\n               data-description=\"\"\n               data-image-slug=\"sommercamp20181549\"\n               class=\"shutterset_14ea2dae3d90de67c1fc228ab12416d8\">\n                <img\n                    title=\"Sommercamp2018(1549)\"\n                    alt=\"Sommercamp2018(1549)\"\n                    src=\"http:\/\/www.karate-neuhofen.at\/wp-content\/gallery\/10-sommercamp-2018\/thumbs\/thumbs_Sommercamp20181549.JPG\"\n                    width=\"240\"\n                    height=\"160\"\n                    style=\"max-width:100%;\"\n                \/>\n            <\/a>\n        <\/div>\n\t\t\t\t\t\t\t<\/div> \n\t\t\t\n        \n\t\t\t\t<div id=\"ngg-image-549\" class=\"ngg-gallery-thumbnail-box\" >\n\t\t\t\t        <div class=\"ngg-gallery-thumbnail\">\n            <a href=\"http:\/\/www.karate-neuhofen.at\/wp-content\/gallery\/10-sommercamp-2018\/Sommercamp20181550.JPG\"\n               title=\"\"\n               data-src=\"http:\/\/www.karate-neuhofen.at\/wp-content\/gallery\/10-sommercamp-2018\/Sommercamp20181550.JPG\"\n               data-thumbnail=\"http:\/\/www.karate-neuhofen.at\/wp-content\/gallery\/10-sommercamp-2018\/thumbs\/thumbs_Sommercamp20181550.JPG\"\n               data-image-id=\"21286\"\n               data-title=\"Sommercamp2018(1550)\"\n               data-description=\"\"\n               data-image-slug=\"sommercamp20181550\"\n               class=\"shutterset_14ea2dae3d90de67c1fc228ab12416d8\">\n                <img\n                    title=\"Sommercamp2018(1550)\"\n                    alt=\"Sommercamp2018(1550)\"\n                    src=\"http:\/\/www.karate-neuhofen.at\/wp-content\/gallery\/10-sommercamp-2018\/thumbs\/thumbs_Sommercamp20181550.JPG\"\n                    width=\"240\"\n                    height=\"160\"\n                    style=\"max-width:100%;\"\n                \/>\n            <\/a>\n        <\/div>\n\t\t\t\t\t\t\t<\/div> \n\t\t\t\n        \n\t\t\t\t<div id=\"ngg-image-550\" class=\"ngg-gallery-thumbnail-box\" >\n\t\t\t\t        <div class=\"ngg-gallery-thumbnail\">\n            <a href=\"http:\/\/www.karate-neuhofen.at\/wp-content\/gallery\/10-sommercamp-2018\/Sommercamp20181551.JPG\"\n               title=\"\"\n               data-src=\"http:\/\/www.karate-neuhofen.at\/wp-content\/gallery\/10-sommercamp-2018\/Sommercamp20181551.JPG\"\n               data-thumbnail=\"http:\/\/www.karate-neuhofen.at\/wp-content\/gallery\/10-sommercamp-2018\/thumbs\/thumbs_Sommercamp20181551.JPG\"\n               data-image-id=\"21287\"\n               data-title=\"Sommercamp2018(1551)\"\n               data-description=\"\"\n               data-image-slug=\"sommercamp20181551\"\n               class=\"shutterset_14ea2dae3d90de67c1fc228ab12416d8\">\n                <img\n                    title=\"Sommercamp2018(1551)\"\n                    alt=\"Sommercamp2018(1551)\"\n                    src=\"http:\/\/www.karate-neuhofen.at\/wp-content\/gallery\/10-sommercamp-2018\/thumbs\/thumbs_Sommercamp20181551.JPG\"\n                    width=\"240\"\n                    height=\"160\"\n                    style=\"max-width:100%;\"\n                \/>\n            <\/a>\n        <\/div>\n\t\t\t\t\t\t\t<\/div> \n\t\t\t\n        \n\t\t\t\t<div id=\"ngg-image-551\" class=\"ngg-gallery-thumbnail-box\" >\n\t\t\t\t        <div class=\"ngg-gallery-thumbnail\">\n            <a href=\"http:\/\/www.karate-neuhofen.at\/wp-content\/gallery\/10-sommercamp-2018\/Sommercamp20181552.JPG\"\n               title=\"\"\n               data-src=\"http:\/\/www.karate-neuhofen.at\/wp-content\/gallery\/10-sommercamp-2018\/Sommercamp20181552.JPG\"\n               data-thumbnail=\"http:\/\/www.karate-neuhofen.at\/wp-content\/gallery\/10-sommercamp-2018\/thumbs\/thumbs_Sommercamp20181552.JPG\"\n               data-image-id=\"21288\"\n               data-title=\"Sommercamp2018(1552)\"\n               data-description=\"\"\n               data-image-slug=\"sommercamp20181552\"\n               class=\"shutterset_14ea2dae3d90de67c1fc228ab12416d8\">\n                <img\n                    title=\"Sommercamp2018(1552)\"\n                    alt=\"Sommercamp2018(1552)\"\n                    src=\"http:\/\/www.karate-neuhofen.at\/wp-content\/gallery\/10-sommercamp-2018\/thumbs\/thumbs_Sommercamp20181552.JPG\"\n                    width=\"240\"\n                    height=\"160\"\n                    style=\"max-width:100%;\"\n                \/>\n            <\/a>\n        <\/div>\n\t\t\t\t\t\t\t<\/div> \n\t\t\t\n        \n\t\t\t\t<div id=\"ngg-image-552\" class=\"ngg-gallery-thumbnail-box\" >\n\t\t\t\t        <div class=\"ngg-gallery-thumbnail\">\n            <a href=\"http:\/\/www.karate-neuhofen.at\/wp-content\/gallery\/10-sommercamp-2018\/Sommercamp20181553.JPG\"\n               title=\"\"\n               data-src=\"http:\/\/www.karate-neuhofen.at\/wp-content\/gallery\/10-sommercamp-2018\/Sommercamp20181553.JPG\"\n               data-thumbnail=\"http:\/\/www.karate-neuhofen.at\/wp-content\/gallery\/10-sommercamp-2018\/thumbs\/thumbs_Sommercamp20181553.JPG\"\n               data-image-id=\"21289\"\n               data-title=\"Sommercamp2018(1553)\"\n               data-description=\"\"\n               data-image-slug=\"sommercamp20181553\"\n               class=\"shutterset_14ea2dae3d90de67c1fc228ab12416d8\">\n                <img\n                    title=\"Sommercamp2018(1553)\"\n                    alt=\"Sommercamp2018(1553)\"\n                    src=\"http:\/\/www.karate-neuhofen.at\/wp-content\/gallery\/10-sommercamp-2018\/thumbs\/thumbs_Sommercamp20181553.JPG\"\n                    width=\"240\"\n                    height=\"160\"\n                    style=\"max-width:100%;\"\n                \/>\n            <\/a>\n        <\/div>\n\t\t\t\t\t\t\t<\/div> \n\t\t\t\n        \n\t\t\t\t<div id=\"ngg-image-553\" class=\"ngg-gallery-thumbnail-box\" >\n\t\t\t\t        <div class=\"ngg-gallery-thumbnail\">\n            <a href=\"http:\/\/www.karate-neuhofen.at\/wp-content\/gallery\/10-sommercamp-2018\/Sommercamp20181554.JPG\"\n               title=\"\"\n               data-src=\"http:\/\/www.karate-neuhofen.at\/wp-content\/gallery\/10-sommercamp-2018\/Sommercamp20181554.JPG\"\n               data-thumbnail=\"http:\/\/www.karate-neuhofen.at\/wp-content\/gallery\/10-sommercamp-2018\/thumbs\/thumbs_Sommercamp20181554.JPG\"\n               data-image-id=\"21290\"\n               data-title=\"Sommercamp2018(1554)\"\n               data-description=\"\"\n               data-image-slug=\"sommercamp20181554\"\n               class=\"shutterset_14ea2dae3d90de67c1fc228ab12416d8\">\n                <img\n                    title=\"Sommercamp2018(1554)\"\n                    alt=\"Sommercamp2018(1554)\"\n                    src=\"http:\/\/www.karate-neuhofen.at\/wp-content\/gallery\/10-sommercamp-2018\/thumbs\/thumbs_Sommercamp20181554.JPG\"\n                    width=\"240\"\n                    height=\"160\"\n                    style=\"max-width:100%;\"\n                \/>\n            <\/a>\n        <\/div>\n\t\t\t\t\t\t\t<\/div> \n\t\t\t\n        \n\t\t\t\t<div id=\"ngg-image-554\" class=\"ngg-gallery-thumbnail-box\" >\n\t\t\t\t        <div class=\"ngg-gallery-thumbnail\">\n            <a href=\"http:\/\/www.karate-neuhofen.at\/wp-content\/gallery\/10-sommercamp-2018\/Sommercamp20181555.JPG\"\n               title=\"\"\n               data-src=\"http:\/\/www.karate-neuhofen.at\/wp-content\/gallery\/10-sommercamp-2018\/Sommercamp20181555.JPG\"\n               data-thumbnail=\"http:\/\/www.karate-neuhofen.at\/wp-content\/gallery\/10-sommercamp-2018\/thumbs\/thumbs_Sommercamp20181555.JPG\"\n               data-image-id=\"21291\"\n               data-title=\"Sommercamp2018(1555)\"\n               data-description=\"\"\n               data-image-slug=\"sommercamp20181555\"\n               class=\"shutterset_14ea2dae3d90de67c1fc228ab12416d8\">\n                <img\n                    title=\"Sommercamp2018(1555)\"\n                    alt=\"Sommercamp2018(1555)\"\n                    src=\"http:\/\/www.karate-neuhofen.at\/wp-content\/gallery\/10-sommercamp-2018\/thumbs\/thumbs_Sommercamp20181555.JPG\"\n                    width=\"240\"\n                    height=\"160\"\n                    style=\"max-width:100%;\"\n                \/>\n            <\/a>\n        <\/div>\n\t\t\t\t\t\t\t<\/div> \n\t\t\t\n        \n\t\t\t\t<div id=\"ngg-image-555\" class=\"ngg-gallery-thumbnail-box\" >\n\t\t\t\t        <div class=\"ngg-gallery-thumbnail\">\n            <a href=\"http:\/\/www.karate-neuhofen.at\/wp-content\/gallery\/10-sommercamp-2018\/Sommercamp20181556.JPG\"\n               title=\"\"\n               data-src=\"http:\/\/www.karate-neuhofen.at\/wp-content\/gallery\/10-sommercamp-2018\/Sommercamp20181556.JPG\"\n               data-thumbnail=\"http:\/\/www.karate-neuhofen.at\/wp-content\/gallery\/10-sommercamp-2018\/thumbs\/thumbs_Sommercamp20181556.JPG\"\n               data-image-id=\"21292\"\n               data-title=\"Sommercamp2018(1556)\"\n               data-description=\"\"\n               data-image-slug=\"sommercamp20181556\"\n               class=\"shutterset_14ea2dae3d90de67c1fc228ab12416d8\">\n                <img\n                    title=\"Sommercamp2018(1556)\"\n                    alt=\"Sommercamp2018(1556)\"\n                    src=\"http:\/\/www.karate-neuhofen.at\/wp-content\/gallery\/10-sommercamp-2018\/thumbs\/thumbs_Sommercamp20181556.JPG\"\n                    width=\"240\"\n                    height=\"160\"\n                    style=\"max-width:100%;\"\n                \/>\n            <\/a>\n        <\/div>\n\t\t\t\t\t\t\t<\/div> \n\t\t\t\n        \n\t\t\t\t<div id=\"ngg-image-556\" class=\"ngg-gallery-thumbnail-box\" >\n\t\t\t\t        <div class=\"ngg-gallery-thumbnail\">\n            <a href=\"http:\/\/www.karate-neuhofen.at\/wp-content\/gallery\/10-sommercamp-2018\/Sommercamp20181557.JPG\"\n               title=\"\"\n               data-src=\"http:\/\/www.karate-neuhofen.at\/wp-content\/gallery\/10-sommercamp-2018\/Sommercamp20181557.JPG\"\n               data-thumbnail=\"http:\/\/www.karate-neuhofen.at\/wp-content\/gallery\/10-sommercamp-2018\/thumbs\/thumbs_Sommercamp20181557.JPG\"\n               data-image-id=\"21293\"\n               data-title=\"Sommercamp2018(1557)\"\n               data-description=\"\"\n               data-image-slug=\"sommercamp20181557\"\n               class=\"shutterset_14ea2dae3d90de67c1fc228ab12416d8\">\n                <img\n                    title=\"Sommercamp2018(1557)\"\n                    alt=\"Sommercamp2018(1557)\"\n                    src=\"http:\/\/www.karate-neuhofen.at\/wp-content\/gallery\/10-sommercamp-2018\/thumbs\/thumbs_Sommercamp20181557.JPG\"\n                    width=\"240\"\n                    height=\"160\"\n                    style=\"max-width:100%;\"\n                \/>\n            <\/a>\n        <\/div>\n\t\t\t\t\t\t\t<\/div> \n\t\t\t\n        \n\t\t\t\t<div id=\"ngg-image-557\" class=\"ngg-gallery-thumbnail-box\" >\n\t\t\t\t        <div class=\"ngg-gallery-thumbnail\">\n            <a href=\"http:\/\/www.karate-neuhofen.at\/wp-content\/gallery\/10-sommercamp-2018\/Sommercamp20181558.JPG\"\n               title=\"\"\n               data-src=\"http:\/\/www.karate-neuhofen.at\/wp-content\/gallery\/10-sommercamp-2018\/Sommercamp20181558.JPG\"\n               data-thumbnail=\"http:\/\/www.karate-neuhofen.at\/wp-content\/gallery\/10-sommercamp-2018\/thumbs\/thumbs_Sommercamp20181558.JPG\"\n               data-image-id=\"21294\"\n               data-title=\"Sommercamp2018(1558)\"\n               data-description=\"\"\n               data-image-slug=\"sommercamp20181558\"\n               class=\"shutterset_14ea2dae3d90de67c1fc228ab12416d8\">\n                <img\n                    title=\"Sommercamp2018(1558)\"\n                    alt=\"Sommercamp2018(1558)\"\n                    src=\"http:\/\/www.karate-neuhofen.at\/wp-content\/gallery\/10-sommercamp-2018\/thumbs\/thumbs_Sommercamp20181558.JPG\"\n                    width=\"240\"\n                    height=\"160\"\n                    style=\"max-width:100%;\"\n                \/>\n            <\/a>\n        <\/div>\n\t\t\t\t\t\t\t<\/div> \n\t\t\t\n        \n\t\t\t\t<div id=\"ngg-image-558\" class=\"ngg-gallery-thumbnail-box\" >\n\t\t\t\t        <div class=\"ngg-gallery-thumbnail\">\n            <a href=\"http:\/\/www.karate-neuhofen.at\/wp-content\/gallery\/10-sommercamp-2018\/Sommercamp20181559.JPG\"\n               title=\"\"\n               data-src=\"http:\/\/www.karate-neuhofen.at\/wp-content\/gallery\/10-sommercamp-2018\/Sommercamp20181559.JPG\"\n               data-thumbnail=\"http:\/\/www.karate-neuhofen.at\/wp-content\/gallery\/10-sommercamp-2018\/thumbs\/thumbs_Sommercamp20181559.JPG\"\n               data-image-id=\"21295\"\n               data-title=\"Sommercamp2018(1559)\"\n               data-description=\"\"\n               data-image-slug=\"sommercamp20181559\"\n               class=\"shutterset_14ea2dae3d90de67c1fc228ab12416d8\">\n                <img\n                    title=\"Sommercamp2018(1559)\"\n                    alt=\"Sommercamp2018(1559)\"\n                    src=\"http:\/\/www.karate-neuhofen.at\/wp-content\/gallery\/10-sommercamp-2018\/thumbs\/thumbs_Sommercamp20181559.JPG\"\n                    width=\"240\"\n                    height=\"160\"\n                    style=\"max-width:100%;\"\n                \/>\n            <\/a>\n        <\/div>\n\t\t\t\t\t\t\t<\/div> \n\t\t\t\n        \n\t\t\t\t<div id=\"ngg-image-559\" class=\"ngg-gallery-thumbnail-box\" >\n\t\t\t\t        <div class=\"ngg-gallery-thumbnail\">\n            <a href=\"http:\/\/www.karate-neuhofen.at\/wp-content\/gallery\/10-sommercamp-2018\/Sommercamp20181560.JPG\"\n               title=\"\"\n               data-src=\"http:\/\/www.karate-neuhofen.at\/wp-content\/gallery\/10-sommercamp-2018\/Sommercamp20181560.JPG\"\n               data-thumbnail=\"http:\/\/www.karate-neuhofen.at\/wp-content\/gallery\/10-sommercamp-2018\/thumbs\/thumbs_Sommercamp20181560.JPG\"\n               data-image-id=\"21296\"\n               data-title=\"Sommercamp2018(1560)\"\n               data-description=\"\"\n               data-image-slug=\"sommercamp20181560\"\n               class=\"shutterset_14ea2dae3d90de67c1fc228ab12416d8\">\n                <img\n                    title=\"Sommercamp2018(1560)\"\n                    alt=\"Sommercamp2018(1560)\"\n                    src=\"http:\/\/www.karate-neuhofen.at\/wp-content\/gallery\/10-sommercamp-2018\/thumbs\/thumbs_Sommercamp20181560.JPG\"\n                    width=\"240\"\n                    height=\"160\"\n                    style=\"max-width:100%;\"\n                \/>\n            <\/a>\n        <\/div>\n\t\t\t\t\t\t\t<\/div> \n\t\t\t\n        \n\t\t\t\t<div id=\"ngg-image-560\" class=\"ngg-gallery-thumbnail-box\" >\n\t\t\t\t        <div class=\"ngg-gallery-thumbnail\">\n            <a href=\"http:\/\/www.karate-neuhofen.at\/wp-content\/gallery\/10-sommercamp-2018\/Sommercamp20181561.JPG\"\n               title=\"\"\n               data-src=\"http:\/\/www.karate-neuhofen.at\/wp-content\/gallery\/10-sommercamp-2018\/Sommercamp20181561.JPG\"\n               data-thumbnail=\"http:\/\/www.karate-neuhofen.at\/wp-content\/gallery\/10-sommercamp-2018\/thumbs\/thumbs_Sommercamp20181561.JPG\"\n               data-image-id=\"21297\"\n               data-title=\"Sommercamp2018(1561)\"\n               data-description=\"\"\n               data-image-slug=\"sommercamp20181561\"\n               class=\"shutterset_14ea2dae3d90de67c1fc228ab12416d8\">\n                <img\n                    title=\"Sommercamp2018(1561)\"\n                    alt=\"Sommercamp2018(1561)\"\n                    src=\"http:\/\/www.karate-neuhofen.at\/wp-content\/gallery\/10-sommercamp-2018\/thumbs\/thumbs_Sommercamp20181561.JPG\"\n                    width=\"240\"\n                    height=\"160\"\n                    style=\"max-width:100%;\"\n                \/>\n            <\/a>\n        <\/div>\n\t\t\t\t\t\t\t<\/div> \n\t\t\t\n        \n\t\t\t\t<div id=\"ngg-image-561\" class=\"ngg-gallery-thumbnail-box\" >\n\t\t\t\t        <div class=\"ngg-gallery-thumbnail\">\n            <a href=\"http:\/\/www.karate-neuhofen.at\/wp-content\/gallery\/10-sommercamp-2018\/Sommercamp20181562.JPG\"\n               title=\"\"\n               data-src=\"http:\/\/www.karate-neuhofen.at\/wp-content\/gallery\/10-sommercamp-2018\/Sommercamp20181562.JPG\"\n               data-thumbnail=\"http:\/\/www.karate-neuhofen.at\/wp-content\/gallery\/10-sommercamp-2018\/thumbs\/thumbs_Sommercamp20181562.JPG\"\n               data-image-id=\"21298\"\n               data-title=\"Sommercamp2018(1562)\"\n               data-description=\"\"\n               data-image-slug=\"sommercamp20181562\"\n               class=\"shutterset_14ea2dae3d90de67c1fc228ab12416d8\">\n                <img\n                    title=\"Sommercamp2018(1562)\"\n                    alt=\"Sommercamp2018(1562)\"\n                    src=\"http:\/\/www.karate-neuhofen.at\/wp-content\/gallery\/10-sommercamp-2018\/thumbs\/thumbs_Sommercamp20181562.JPG\"\n                    width=\"240\"\n                    height=\"160\"\n                    style=\"max-width:100%;\"\n                \/>\n            <\/a>\n        <\/div>\n\t\t\t\t\t\t\t<\/div> \n\t\t\t\n        \n\t\t\t\t<div id=\"ngg-image-562\" class=\"ngg-gallery-thumbnail-box\" >\n\t\t\t\t        <div class=\"ngg-gallery-thumbnail\">\n            <a href=\"http:\/\/www.karate-neuhofen.at\/wp-content\/gallery\/10-sommercamp-2018\/Sommercamp20181563.JPG\"\n               title=\"\"\n               data-src=\"http:\/\/www.karate-neuhofen.at\/wp-content\/gallery\/10-sommercamp-2018\/Sommercamp20181563.JPG\"\n               data-thumbnail=\"http:\/\/www.karate-neuhofen.at\/wp-content\/gallery\/10-sommercamp-2018\/thumbs\/thumbs_Sommercamp20181563.JPG\"\n               data-image-id=\"21299\"\n               data-title=\"Sommercamp2018(1563)\"\n               data-description=\"\"\n               data-image-slug=\"sommercamp20181563\"\n               class=\"shutterset_14ea2dae3d90de67c1fc228ab12416d8\">\n                <img\n                    title=\"Sommercamp2018(1563)\"\n                    alt=\"Sommercamp2018(1563)\"\n                    src=\"http:\/\/www.karate-neuhofen.at\/wp-content\/gallery\/10-sommercamp-2018\/thumbs\/thumbs_Sommercamp20181563.JPG\"\n                    width=\"240\"\n                    height=\"160\"\n                    style=\"max-width:100%;\"\n                \/>\n            <\/a>\n        <\/div>\n\t\t\t\t\t\t\t<\/div> \n\t\t\t\n        \n\t\t\t\t<div id=\"ngg-image-563\" class=\"ngg-gallery-thumbnail-box\" >\n\t\t\t\t        <div class=\"ngg-gallery-thumbnail\">\n            <a href=\"http:\/\/www.karate-neuhofen.at\/wp-content\/gallery\/10-sommercamp-2018\/Sommercamp20181564.JPG\"\n               title=\"\"\n               data-src=\"http:\/\/www.karate-neuhofen.at\/wp-content\/gallery\/10-sommercamp-2018\/Sommercamp20181564.JPG\"\n               data-thumbnail=\"http:\/\/www.karate-neuhofen.at\/wp-content\/gallery\/10-sommercamp-2018\/thumbs\/thumbs_Sommercamp20181564.JPG\"\n               data-image-id=\"21300\"\n               data-title=\"Sommercamp2018(1564)\"\n               data-description=\"\"\n               data-image-slug=\"sommercamp20181564\"\n               class=\"shutterset_14ea2dae3d90de67c1fc228ab12416d8\">\n                <img\n                    title=\"Sommercamp2018(1564)\"\n                    alt=\"Sommercamp2018(1564)\"\n                    src=\"http:\/\/www.karate-neuhofen.at\/wp-content\/gallery\/10-sommercamp-2018\/thumbs\/thumbs_Sommercamp20181564.JPG\"\n                    width=\"240\"\n                    height=\"160\"\n                    style=\"max-width:100%;\"\n                \/>\n            <\/a>\n        <\/div>\n\t\t\t\t\t\t\t<\/div> \n\t\t\t\n        \n\t\t\t\t<div id=\"ngg-image-564\" class=\"ngg-gallery-thumbnail-box\" >\n\t\t\t\t        <div class=\"ngg-gallery-thumbnail\">\n            <a href=\"http:\/\/www.karate-neuhofen.at\/wp-content\/gallery\/10-sommercamp-2018\/Sommercamp20181565.JPG\"\n               title=\"\"\n               data-src=\"http:\/\/www.karate-neuhofen.at\/wp-content\/gallery\/10-sommercamp-2018\/Sommercamp20181565.JPG\"\n               data-thumbnail=\"http:\/\/www.karate-neuhofen.at\/wp-content\/gallery\/10-sommercamp-2018\/thumbs\/thumbs_Sommercamp20181565.JPG\"\n               data-image-id=\"21301\"\n               data-title=\"Sommercamp2018(1565)\"\n               data-description=\"\"\n               data-image-slug=\"sommercamp20181565\"\n               class=\"shutterset_14ea2dae3d90de67c1fc228ab12416d8\">\n                <img\n                    title=\"Sommercamp2018(1565)\"\n                    alt=\"Sommercamp2018(1565)\"\n                    src=\"http:\/\/www.karate-neuhofen.at\/wp-content\/gallery\/10-sommercamp-2018\/thumbs\/thumbs_Sommercamp20181565.JPG\"\n                    width=\"240\"\n                    height=\"160\"\n                    style=\"max-width:100%;\"\n                \/>\n            <\/a>\n        <\/div>\n\t\t\t\t\t\t\t<\/div> \n\t\t\t\n        \n\t\t\t\t<div id=\"ngg-image-565\" class=\"ngg-gallery-thumbnail-box\" >\n\t\t\t\t        <div class=\"ngg-gallery-thumbnail\">\n            <a href=\"http:\/\/www.karate-neuhofen.at\/wp-content\/gallery\/10-sommercamp-2018\/Sommercamp20181566.JPG\"\n               title=\"\"\n               data-src=\"http:\/\/www.karate-neuhofen.at\/wp-content\/gallery\/10-sommercamp-2018\/Sommercamp20181566.JPG\"\n               data-thumbnail=\"http:\/\/www.karate-neuhofen.at\/wp-content\/gallery\/10-sommercamp-2018\/thumbs\/thumbs_Sommercamp20181566.JPG\"\n               data-image-id=\"21302\"\n               data-title=\"Sommercamp2018(1566)\"\n               data-description=\"\"\n               data-image-slug=\"sommercamp20181566\"\n               class=\"shutterset_14ea2dae3d90de67c1fc228ab12416d8\">\n                <img\n                    title=\"Sommercamp2018(1566)\"\n                    alt=\"Sommercamp2018(1566)\"\n                    src=\"http:\/\/www.karate-neuhofen.at\/wp-content\/gallery\/10-sommercamp-2018\/thumbs\/thumbs_Sommercamp20181566.JPG\"\n                    width=\"240\"\n                    height=\"160\"\n                    style=\"max-width:100%;\"\n                \/>\n            <\/a>\n        <\/div>\n\t\t\t\t\t\t\t<\/div> \n\t\t\t\n        \n\t\t\t\t<div id=\"ngg-image-566\" class=\"ngg-gallery-thumbnail-box\" >\n\t\t\t\t        <div class=\"ngg-gallery-thumbnail\">\n            <a href=\"http:\/\/www.karate-neuhofen.at\/wp-content\/gallery\/10-sommercamp-2018\/Sommercamp20181567.JPG\"\n               title=\"\"\n               data-src=\"http:\/\/www.karate-neuhofen.at\/wp-content\/gallery\/10-sommercamp-2018\/Sommercamp20181567.JPG\"\n               data-thumbnail=\"http:\/\/www.karate-neuhofen.at\/wp-content\/gallery\/10-sommercamp-2018\/thumbs\/thumbs_Sommercamp20181567.JPG\"\n               data-image-id=\"21303\"\n               data-title=\"Sommercamp2018(1567)\"\n               data-description=\"\"\n               data-image-slug=\"sommercamp20181567\"\n               class=\"shutterset_14ea2dae3d90de67c1fc228ab12416d8\">\n                <img\n                    title=\"Sommercamp2018(1567)\"\n                    alt=\"Sommercamp2018(1567)\"\n                    src=\"http:\/\/www.karate-neuhofen.at\/wp-content\/gallery\/10-sommercamp-2018\/thumbs\/thumbs_Sommercamp20181567.JPG\"\n                    width=\"240\"\n                    height=\"160\"\n                    style=\"max-width:100%;\"\n                \/>\n            <\/a>\n        <\/div>\n\t\t\t\t\t\t\t<\/div> \n\t\t\t\n        \n\t\t\t\t<div id=\"ngg-image-567\" class=\"ngg-gallery-thumbnail-box\" >\n\t\t\t\t        <div class=\"ngg-gallery-thumbnail\">\n            <a href=\"http:\/\/www.karate-neuhofen.at\/wp-content\/gallery\/10-sommercamp-2018\/Sommercamp20181568.JPG\"\n               title=\"\"\n               data-src=\"http:\/\/www.karate-neuhofen.at\/wp-content\/gallery\/10-sommercamp-2018\/Sommercamp20181568.JPG\"\n               data-thumbnail=\"http:\/\/www.karate-neuhofen.at\/wp-content\/gallery\/10-sommercamp-2018\/thumbs\/thumbs_Sommercamp20181568.JPG\"\n               data-image-id=\"21304\"\n               data-title=\"Sommercamp2018(1568)\"\n               data-description=\"\"\n               data-image-slug=\"sommercamp20181568\"\n               class=\"shutterset_14ea2dae3d90de67c1fc228ab12416d8\">\n                <img\n                    title=\"Sommercamp2018(1568)\"\n                    alt=\"Sommercamp2018(1568)\"\n                    src=\"http:\/\/www.karate-neuhofen.at\/wp-content\/gallery\/10-sommercamp-2018\/thumbs\/thumbs_Sommercamp20181568.JPG\"\n                    width=\"240\"\n                    height=\"160\"\n                    style=\"max-width:100%;\"\n                \/>\n            <\/a>\n        <\/div>\n\t\t\t\t\t\t\t<\/div> \n\t\t\t\n        \n\t\t\t\t<div id=\"ngg-image-568\" class=\"ngg-gallery-thumbnail-box\" >\n\t\t\t\t        <div class=\"ngg-gallery-thumbnail\">\n            <a href=\"http:\/\/www.karate-neuhofen.at\/wp-content\/gallery\/10-sommercamp-2018\/Sommercamp20181569.JPG\"\n               title=\"\"\n               data-src=\"http:\/\/www.karate-neuhofen.at\/wp-content\/gallery\/10-sommercamp-2018\/Sommercamp20181569.JPG\"\n               data-thumbnail=\"http:\/\/www.karate-neuhofen.at\/wp-content\/gallery\/10-sommercamp-2018\/thumbs\/thumbs_Sommercamp20181569.JPG\"\n               data-image-id=\"21305\"\n               data-title=\"Sommercamp2018(1569)\"\n               data-description=\"\"\n               data-image-slug=\"sommercamp20181569\"\n               class=\"shutterset_14ea2dae3d90de67c1fc228ab12416d8\">\n                <img\n                    title=\"Sommercamp2018(1569)\"\n                    alt=\"Sommercamp2018(1569)\"\n                    src=\"http:\/\/www.karate-neuhofen.at\/wp-content\/gallery\/10-sommercamp-2018\/thumbs\/thumbs_Sommercamp20181569.JPG\"\n                    width=\"240\"\n                    height=\"160\"\n                    style=\"max-width:100%;\"\n                \/>\n            <\/a>\n        <\/div>\n\t\t\t\t\t\t\t<\/div> \n\t\t\t\n        \n\t\t\t\t<div id=\"ngg-image-569\" class=\"ngg-gallery-thumbnail-box\" >\n\t\t\t\t        <div class=\"ngg-gallery-thumbnail\">\n            <a href=\"http:\/\/www.karate-neuhofen.at\/wp-content\/gallery\/10-sommercamp-2018\/Sommercamp20181570.JPG\"\n               title=\"\"\n               data-src=\"http:\/\/www.karate-neuhofen.at\/wp-content\/gallery\/10-sommercamp-2018\/Sommercamp20181570.JPG\"\n               data-thumbnail=\"http:\/\/www.karate-neuhofen.at\/wp-content\/gallery\/10-sommercamp-2018\/thumbs\/thumbs_Sommercamp20181570.JPG\"\n               data-image-id=\"21306\"\n               data-title=\"Sommercamp2018(1570)\"\n               data-description=\"\"\n               data-image-slug=\"sommercamp20181570\"\n               class=\"shutterset_14ea2dae3d90de67c1fc228ab12416d8\">\n                <img\n                    title=\"Sommercamp2018(1570)\"\n                    alt=\"Sommercamp2018(1570)\"\n                    src=\"http:\/\/www.karate-neuhofen.at\/wp-content\/gallery\/10-sommercamp-2018\/thumbs\/thumbs_Sommercamp20181570.JPG\"\n                    width=\"240\"\n                    height=\"160\"\n                    style=\"max-width:100%;\"\n                \/>\n            <\/a>\n        <\/div>\n\t\t\t\t\t\t\t<\/div> \n\t\t\t\n        \n\t\t\t\t<div id=\"ngg-image-570\" class=\"ngg-gallery-thumbnail-box\" >\n\t\t\t\t        <div class=\"ngg-gallery-thumbnail\">\n            <a href=\"http:\/\/www.karate-neuhofen.at\/wp-content\/gallery\/10-sommercamp-2018\/Sommercamp20181571.JPG\"\n               title=\"\"\n               data-src=\"http:\/\/www.karate-neuhofen.at\/wp-content\/gallery\/10-sommercamp-2018\/Sommercamp20181571.JPG\"\n               data-thumbnail=\"http:\/\/www.karate-neuhofen.at\/wp-content\/gallery\/10-sommercamp-2018\/thumbs\/thumbs_Sommercamp20181571.JPG\"\n               data-image-id=\"21307\"\n               data-title=\"Sommercamp2018(1571)\"\n               data-description=\"\"\n               data-image-slug=\"sommercamp20181571\"\n               class=\"shutterset_14ea2dae3d90de67c1fc228ab12416d8\">\n                <img\n                    title=\"Sommercamp2018(1571)\"\n                    alt=\"Sommercamp2018(1571)\"\n                    src=\"http:\/\/www.karate-neuhofen.at\/wp-content\/gallery\/10-sommercamp-2018\/thumbs\/thumbs_Sommercamp20181571.JPG\"\n                    width=\"240\"\n                    height=\"160\"\n                    style=\"max-width:100%;\"\n                \/>\n            <\/a>\n        <\/div>\n\t\t\t\t\t\t\t<\/div> \n\t\t\t\n        \n\t\t\t\t<div id=\"ngg-image-571\" class=\"ngg-gallery-thumbnail-box\" >\n\t\t\t\t        <div class=\"ngg-gallery-thumbnail\">\n            <a href=\"http:\/\/www.karate-neuhofen.at\/wp-content\/gallery\/10-sommercamp-2018\/Sommercamp20181572.JPG\"\n               title=\"\"\n               data-src=\"http:\/\/www.karate-neuhofen.at\/wp-content\/gallery\/10-sommercamp-2018\/Sommercamp20181572.JPG\"\n               data-thumbnail=\"http:\/\/www.karate-neuhofen.at\/wp-content\/gallery\/10-sommercamp-2018\/thumbs\/thumbs_Sommercamp20181572.JPG\"\n               data-image-id=\"21308\"\n               data-title=\"Sommercamp2018(1572)\"\n               data-description=\"\"\n               data-image-slug=\"sommercamp20181572\"\n               class=\"shutterset_14ea2dae3d90de67c1fc228ab12416d8\">\n                <img\n                    title=\"Sommercamp2018(1572)\"\n                    alt=\"Sommercamp2018(1572)\"\n                    src=\"http:\/\/www.karate-neuhofen.at\/wp-content\/gallery\/10-sommercamp-2018\/thumbs\/thumbs_Sommercamp20181572.JPG\"\n                    width=\"240\"\n                    height=\"160\"\n                    style=\"max-width:100%;\"\n                \/>\n            <\/a>\n        <\/div>\n\t\t\t\t\t\t\t<\/div> \n\t\t\t\n        \n\t\t\t\t<div id=\"ngg-image-572\" class=\"ngg-gallery-thumbnail-box\" >\n\t\t\t\t        <div class=\"ngg-gallery-thumbnail\">\n            <a href=\"http:\/\/www.karate-neuhofen.at\/wp-content\/gallery\/10-sommercamp-2018\/Sommercamp20181573.JPG\"\n               title=\"\"\n               data-src=\"http:\/\/www.karate-neuhofen.at\/wp-content\/gallery\/10-sommercamp-2018\/Sommercamp20181573.JPG\"\n               data-thumbnail=\"http:\/\/www.karate-neuhofen.at\/wp-content\/gallery\/10-sommercamp-2018\/thumbs\/thumbs_Sommercamp20181573.JPG\"\n               data-image-id=\"21309\"\n               data-title=\"Sommercamp2018(1573)\"\n               data-description=\"\"\n               data-image-slug=\"sommercamp20181573\"\n               class=\"shutterset_14ea2dae3d90de67c1fc228ab12416d8\">\n                <img\n                    title=\"Sommercamp2018(1573)\"\n                    alt=\"Sommercamp2018(1573)\"\n                    src=\"http:\/\/www.karate-neuhofen.at\/wp-content\/gallery\/10-sommercamp-2018\/thumbs\/thumbs_Sommercamp20181573.JPG\"\n                    width=\"240\"\n                    height=\"160\"\n                    style=\"max-width:100%;\"\n                \/>\n            <\/a>\n        <\/div>\n\t\t\t\t\t\t\t<\/div> \n\t\t\t\n        \n\t\t\t\t<div id=\"ngg-image-573\" class=\"ngg-gallery-thumbnail-box\" >\n\t\t\t\t        <div class=\"ngg-gallery-thumbnail\">\n            <a href=\"http:\/\/www.karate-neuhofen.at\/wp-content\/gallery\/10-sommercamp-2018\/Sommercamp20181574.JPG\"\n               title=\"\"\n               data-src=\"http:\/\/www.karate-neuhofen.at\/wp-content\/gallery\/10-sommercamp-2018\/Sommercamp20181574.JPG\"\n               data-thumbnail=\"http:\/\/www.karate-neuhofen.at\/wp-content\/gallery\/10-sommercamp-2018\/thumbs\/thumbs_Sommercamp20181574.JPG\"\n               data-image-id=\"21310\"\n               data-title=\"Sommercamp2018(1574)\"\n               data-description=\"\"\n               data-image-slug=\"sommercamp20181574\"\n               class=\"shutterset_14ea2dae3d90de67c1fc228ab12416d8\">\n                <img\n                    title=\"Sommercamp2018(1574)\"\n                    alt=\"Sommercamp2018(1574)\"\n                    src=\"http:\/\/www.karate-neuhofen.at\/wp-content\/gallery\/10-sommercamp-2018\/thumbs\/thumbs_Sommercamp20181574.JPG\"\n                    width=\"240\"\n                    height=\"160\"\n                    style=\"max-width:100%;\"\n                \/>\n            <\/a>\n        <\/div>\n\t\t\t\t\t\t\t<\/div> \n\t\t\t\n        \n\t\t\t\t<div id=\"ngg-image-574\" class=\"ngg-gallery-thumbnail-box\" >\n\t\t\t\t        <div class=\"ngg-gallery-thumbnail\">\n            <a href=\"http:\/\/www.karate-neuhofen.at\/wp-content\/gallery\/10-sommercamp-2018\/Sommercamp20181575.JPG\"\n               title=\"\"\n               data-src=\"http:\/\/www.karate-neuhofen.at\/wp-content\/gallery\/10-sommercamp-2018\/Sommercamp20181575.JPG\"\n               data-thumbnail=\"http:\/\/www.karate-neuhofen.at\/wp-content\/gallery\/10-sommercamp-2018\/thumbs\/thumbs_Sommercamp20181575.JPG\"\n               data-image-id=\"21311\"\n               data-title=\"Sommercamp2018(1575)\"\n               data-description=\"\"\n               data-image-slug=\"sommercamp20181575\"\n               class=\"shutterset_14ea2dae3d90de67c1fc228ab12416d8\">\n                <img\n                    title=\"Sommercamp2018(1575)\"\n                    alt=\"Sommercamp2018(1575)\"\n                    src=\"http:\/\/www.karate-neuhofen.at\/wp-content\/gallery\/10-sommercamp-2018\/thumbs\/thumbs_Sommercamp20181575.JPG\"\n                    width=\"240\"\n                    height=\"160\"\n                    style=\"max-width:100%;\"\n                \/>\n            <\/a>\n        <\/div>\n\t\t\t\t\t\t\t<\/div> \n\t\t\t\n        \n\t\t\t\t<div id=\"ngg-image-575\" class=\"ngg-gallery-thumbnail-box\" >\n\t\t\t\t        <div class=\"ngg-gallery-thumbnail\">\n            <a href=\"http:\/\/www.karate-neuhofen.at\/wp-content\/gallery\/10-sommercamp-2018\/Sommercamp20181576.JPG\"\n               title=\"\"\n               data-src=\"http:\/\/www.karate-neuhofen.at\/wp-content\/gallery\/10-sommercamp-2018\/Sommercamp20181576.JPG\"\n               data-thumbnail=\"http:\/\/www.karate-neuhofen.at\/wp-content\/gallery\/10-sommercamp-2018\/thumbs\/thumbs_Sommercamp20181576.JPG\"\n               data-image-id=\"21312\"\n               data-title=\"Sommercamp2018(1576)\"\n               data-description=\"\"\n               data-image-slug=\"sommercamp20181576\"\n               class=\"shutterset_14ea2dae3d90de67c1fc228ab12416d8\">\n                <img\n                    title=\"Sommercamp2018(1576)\"\n                    alt=\"Sommercamp2018(1576)\"\n                    src=\"http:\/\/www.karate-neuhofen.at\/wp-content\/gallery\/10-sommercamp-2018\/thumbs\/thumbs_Sommercamp20181576.JPG\"\n                    width=\"240\"\n                    height=\"160\"\n                    style=\"max-width:100%;\"\n                \/>\n            <\/a>\n        <\/div>\n\t\t\t\t\t\t\t<\/div> \n\t\t\t\n        \n\t\t\t\t<div id=\"ngg-image-576\" class=\"ngg-gallery-thumbnail-box\" >\n\t\t\t\t        <div class=\"ngg-gallery-thumbnail\">\n            <a href=\"http:\/\/www.karate-neuhofen.at\/wp-content\/gallery\/10-sommercamp-2018\/Sommercamp20181577.JPG\"\n               title=\"\"\n               data-src=\"http:\/\/www.karate-neuhofen.at\/wp-content\/gallery\/10-sommercamp-2018\/Sommercamp20181577.JPG\"\n               data-thumbnail=\"http:\/\/www.karate-neuhofen.at\/wp-content\/gallery\/10-sommercamp-2018\/thumbs\/thumbs_Sommercamp20181577.JPG\"\n               data-image-id=\"21313\"\n               data-title=\"Sommercamp2018(1577)\"\n               data-description=\"\"\n               data-image-slug=\"sommercamp20181577\"\n               class=\"shutterset_14ea2dae3d90de67c1fc228ab12416d8\">\n                <img\n                    title=\"Sommercamp2018(1577)\"\n                    alt=\"Sommercamp2018(1577)\"\n                    src=\"http:\/\/www.karate-neuhofen.at\/wp-content\/gallery\/10-sommercamp-2018\/thumbs\/thumbs_Sommercamp20181577.JPG\"\n                    width=\"240\"\n                    height=\"160\"\n                    style=\"max-width:100%;\"\n                \/>\n            <\/a>\n        <\/div>\n\t\t\t\t\t\t\t<\/div> \n\t\t\t\n        \n\t\t\t\t<div id=\"ngg-image-577\" class=\"ngg-gallery-thumbnail-box\" >\n\t\t\t\t        <div class=\"ngg-gallery-thumbnail\">\n            <a href=\"http:\/\/www.karate-neuhofen.at\/wp-content\/gallery\/10-sommercamp-2018\/Sommercamp20181578.JPG\"\n               title=\"\"\n               data-src=\"http:\/\/www.karate-neuhofen.at\/wp-content\/gallery\/10-sommercamp-2018\/Sommercamp20181578.JPG\"\n               data-thumbnail=\"http:\/\/www.karate-neuhofen.at\/wp-content\/gallery\/10-sommercamp-2018\/thumbs\/thumbs_Sommercamp20181578.JPG\"\n               data-image-id=\"21314\"\n               data-title=\"Sommercamp2018(1578)\"\n               data-description=\"\"\n               data-image-slug=\"sommercamp20181578\"\n               class=\"shutterset_14ea2dae3d90de67c1fc228ab12416d8\">\n                <img\n                    title=\"Sommercamp2018(1578)\"\n                    alt=\"Sommercamp2018(1578)\"\n                    src=\"http:\/\/www.karate-neuhofen.at\/wp-content\/gallery\/10-sommercamp-2018\/thumbs\/thumbs_Sommercamp20181578.JPG\"\n                    width=\"240\"\n                    height=\"160\"\n                    style=\"max-width:100%;\"\n                \/>\n            <\/a>\n        <\/div>\n\t\t\t\t\t\t\t<\/div> \n\t\t\t\n        \n\t\t\t\t<div id=\"ngg-image-578\" class=\"ngg-gallery-thumbnail-box\" >\n\t\t\t\t        <div class=\"ngg-gallery-thumbnail\">\n            <a href=\"http:\/\/www.karate-neuhofen.at\/wp-content\/gallery\/10-sommercamp-2018\/Sommercamp20181579.JPG\"\n               title=\"\"\n               data-src=\"http:\/\/www.karate-neuhofen.at\/wp-content\/gallery\/10-sommercamp-2018\/Sommercamp20181579.JPG\"\n               data-thumbnail=\"http:\/\/www.karate-neuhofen.at\/wp-content\/gallery\/10-sommercamp-2018\/thumbs\/thumbs_Sommercamp20181579.JPG\"\n               data-image-id=\"21315\"\n               data-title=\"Sommercamp2018(1579)\"\n               data-description=\"\"\n               data-image-slug=\"sommercamp20181579\"\n               class=\"shutterset_14ea2dae3d90de67c1fc228ab12416d8\">\n                <img\n                    title=\"Sommercamp2018(1579)\"\n                    alt=\"Sommercamp2018(1579)\"\n                    src=\"http:\/\/www.karate-neuhofen.at\/wp-content\/gallery\/10-sommercamp-2018\/thumbs\/thumbs_Sommercamp20181579.JPG\"\n                    width=\"240\"\n                    height=\"160\"\n                    style=\"max-width:100%;\"\n                \/>\n            <\/a>\n        <\/div>\n\t\t\t\t\t\t\t<\/div> \n\t\t\t\n        \n\t\t\t\t<div id=\"ngg-image-579\" class=\"ngg-gallery-thumbnail-box\" >\n\t\t\t\t        <div class=\"ngg-gallery-thumbnail\">\n            <a href=\"http:\/\/www.karate-neuhofen.at\/wp-content\/gallery\/10-sommercamp-2018\/Sommercamp20181580.JPG\"\n               title=\"\"\n               data-src=\"http:\/\/www.karate-neuhofen.at\/wp-content\/gallery\/10-sommercamp-2018\/Sommercamp20181580.JPG\"\n               data-thumbnail=\"http:\/\/www.karate-neuhofen.at\/wp-content\/gallery\/10-sommercamp-2018\/thumbs\/thumbs_Sommercamp20181580.JPG\"\n               data-image-id=\"21316\"\n               data-title=\"Sommercamp2018(1580)\"\n               data-description=\"\"\n               data-image-slug=\"sommercamp20181580\"\n               class=\"shutterset_14ea2dae3d90de67c1fc228ab12416d8\">\n                <img\n                    title=\"Sommercamp2018(1580)\"\n                    alt=\"Sommercamp2018(1580)\"\n                    src=\"http:\/\/www.karate-neuhofen.at\/wp-content\/gallery\/10-sommercamp-2018\/thumbs\/thumbs_Sommercamp20181580.JPG\"\n                    width=\"240\"\n                    height=\"160\"\n                    style=\"max-width:100%;\"\n                \/>\n            <\/a>\n        <\/div>\n\t\t\t\t\t\t\t<\/div> \n\t\t\t\n        \n\t\t\t\t<div id=\"ngg-image-580\" class=\"ngg-gallery-thumbnail-box\" >\n\t\t\t\t        <div class=\"ngg-gallery-thumbnail\">\n            <a href=\"http:\/\/www.karate-neuhofen.at\/wp-content\/gallery\/10-sommercamp-2018\/Sommercamp20181581.JPG\"\n               title=\"\"\n               data-src=\"http:\/\/www.karate-neuhofen.at\/wp-content\/gallery\/10-sommercamp-2018\/Sommercamp20181581.JPG\"\n               data-thumbnail=\"http:\/\/www.karate-neuhofen.at\/wp-content\/gallery\/10-sommercamp-2018\/thumbs\/thumbs_Sommercamp20181581.JPG\"\n               data-image-id=\"21317\"\n               data-title=\"Sommercamp2018(1581)\"\n               data-description=\"\"\n               data-image-slug=\"sommercamp20181581\"\n               class=\"shutterset_14ea2dae3d90de67c1fc228ab12416d8\">\n                <img\n                    title=\"Sommercamp2018(1581)\"\n                    alt=\"Sommercamp2018(1581)\"\n                    src=\"http:\/\/www.karate-neuhofen.at\/wp-content\/gallery\/10-sommercamp-2018\/thumbs\/thumbs_Sommercamp20181581.JPG\"\n                    width=\"240\"\n                    height=\"160\"\n                    style=\"max-width:100%;\"\n                \/>\n            <\/a>\n        <\/div>\n\t\t\t\t\t\t\t<\/div> \n\t\t\t\n        \n\t\t\t\t<div id=\"ngg-image-581\" class=\"ngg-gallery-thumbnail-box\" >\n\t\t\t\t        <div class=\"ngg-gallery-thumbnail\">\n            <a href=\"http:\/\/www.karate-neuhofen.at\/wp-content\/gallery\/10-sommercamp-2018\/Sommercamp20181582.JPG\"\n               title=\"\"\n               data-src=\"http:\/\/www.karate-neuhofen.at\/wp-content\/gallery\/10-sommercamp-2018\/Sommercamp20181582.JPG\"\n               data-thumbnail=\"http:\/\/www.karate-neuhofen.at\/wp-content\/gallery\/10-sommercamp-2018\/thumbs\/thumbs_Sommercamp20181582.JPG\"\n               data-image-id=\"21318\"\n               data-title=\"Sommercamp2018(1582)\"\n               data-description=\"\"\n               data-image-slug=\"sommercamp20181582\"\n               class=\"shutterset_14ea2dae3d90de67c1fc228ab12416d8\">\n                <img\n                    title=\"Sommercamp2018(1582)\"\n                    alt=\"Sommercamp2018(1582)\"\n                    src=\"http:\/\/www.karate-neuhofen.at\/wp-content\/gallery\/10-sommercamp-2018\/thumbs\/thumbs_Sommercamp20181582.JPG\"\n                    width=\"240\"\n                    height=\"160\"\n                    style=\"max-width:100%;\"\n                \/>\n            <\/a>\n        <\/div>\n\t\t\t\t\t\t\t<\/div> \n\t\t\t\n        \n\t\t\t\t<div id=\"ngg-image-582\" class=\"ngg-gallery-thumbnail-box\" >\n\t\t\t\t        <div class=\"ngg-gallery-thumbnail\">\n            <a href=\"http:\/\/www.karate-neuhofen.at\/wp-content\/gallery\/10-sommercamp-2018\/Sommercamp20181583.JPG\"\n               title=\"\"\n               data-src=\"http:\/\/www.karate-neuhofen.at\/wp-content\/gallery\/10-sommercamp-2018\/Sommercamp20181583.JPG\"\n               data-thumbnail=\"http:\/\/www.karate-neuhofen.at\/wp-content\/gallery\/10-sommercamp-2018\/thumbs\/thumbs_Sommercamp20181583.JPG\"\n               data-image-id=\"21319\"\n               data-title=\"Sommercamp2018(1583)\"\n               data-description=\"\"\n               data-image-slug=\"sommercamp20181583\"\n               class=\"shutterset_14ea2dae3d90de67c1fc228ab12416d8\">\n                <img\n                    title=\"Sommercamp2018(1583)\"\n                    alt=\"Sommercamp2018(1583)\"\n                    src=\"http:\/\/www.karate-neuhofen.at\/wp-content\/gallery\/10-sommercamp-2018\/thumbs\/thumbs_Sommercamp20181583.JPG\"\n                    width=\"240\"\n                    height=\"160\"\n                    style=\"max-width:100%;\"\n                \/>\n            <\/a>\n        <\/div>\n\t\t\t\t\t\t\t<\/div> \n\t\t\t\n        \n\t\t\t\t<div id=\"ngg-image-583\" class=\"ngg-gallery-thumbnail-box\" >\n\t\t\t\t        <div class=\"ngg-gallery-thumbnail\">\n            <a href=\"http:\/\/www.karate-neuhofen.at\/wp-content\/gallery\/10-sommercamp-2018\/Sommercamp20181584.JPG\"\n               title=\"\"\n               data-src=\"http:\/\/www.karate-neuhofen.at\/wp-content\/gallery\/10-sommercamp-2018\/Sommercamp20181584.JPG\"\n               data-thumbnail=\"http:\/\/www.karate-neuhofen.at\/wp-content\/gallery\/10-sommercamp-2018\/thumbs\/thumbs_Sommercamp20181584.JPG\"\n               data-image-id=\"21320\"\n               data-title=\"Sommercamp2018(1584)\"\n               data-description=\"\"\n               data-image-slug=\"sommercamp20181584\"\n               class=\"shutterset_14ea2dae3d90de67c1fc228ab12416d8\">\n                <img\n                    title=\"Sommercamp2018(1584)\"\n                    alt=\"Sommercamp2018(1584)\"\n                    src=\"http:\/\/www.karate-neuhofen.at\/wp-content\/gallery\/10-sommercamp-2018\/thumbs\/thumbs_Sommercamp20181584.JPG\"\n                    width=\"240\"\n                    height=\"160\"\n                    style=\"max-width:100%;\"\n                \/>\n            <\/a>\n        <\/div>\n\t\t\t\t\t\t\t<\/div> \n\t\t\t\n        \n\t\t\t\t<div id=\"ngg-image-584\" class=\"ngg-gallery-thumbnail-box\" >\n\t\t\t\t        <div class=\"ngg-gallery-thumbnail\">\n            <a href=\"http:\/\/www.karate-neuhofen.at\/wp-content\/gallery\/10-sommercamp-2018\/Sommercamp20181585.JPG\"\n               title=\"\"\n               data-src=\"http:\/\/www.karate-neuhofen.at\/wp-content\/gallery\/10-sommercamp-2018\/Sommercamp20181585.JPG\"\n               data-thumbnail=\"http:\/\/www.karate-neuhofen.at\/wp-content\/gallery\/10-sommercamp-2018\/thumbs\/thumbs_Sommercamp20181585.JPG\"\n               data-image-id=\"21321\"\n               data-title=\"Sommercamp2018(1585)\"\n               data-description=\"\"\n               data-image-slug=\"sommercamp20181585\"\n               class=\"shutterset_14ea2dae3d90de67c1fc228ab12416d8\">\n                <img\n                    title=\"Sommercamp2018(1585)\"\n                    alt=\"Sommercamp2018(1585)\"\n                    src=\"http:\/\/www.karate-neuhofen.at\/wp-content\/gallery\/10-sommercamp-2018\/thumbs\/thumbs_Sommercamp20181585.JPG\"\n                    width=\"240\"\n                    height=\"160\"\n                    style=\"max-width:100%;\"\n                \/>\n            <\/a>\n        <\/div>\n\t\t\t\t\t\t\t<\/div> \n\t\t\t\n        \n\t\t\t\t<div id=\"ngg-image-585\" class=\"ngg-gallery-thumbnail-box\" >\n\t\t\t\t        <div class=\"ngg-gallery-thumbnail\">\n            <a href=\"http:\/\/www.karate-neuhofen.at\/wp-content\/gallery\/10-sommercamp-2018\/Sommercamp20181586.JPG\"\n               title=\"\"\n               data-src=\"http:\/\/www.karate-neuhofen.at\/wp-content\/gallery\/10-sommercamp-2018\/Sommercamp20181586.JPG\"\n               data-thumbnail=\"http:\/\/www.karate-neuhofen.at\/wp-content\/gallery\/10-sommercamp-2018\/thumbs\/thumbs_Sommercamp20181586.JPG\"\n               data-image-id=\"21322\"\n               data-title=\"Sommercamp2018(1586)\"\n               data-description=\"\"\n               data-image-slug=\"sommercamp20181586\"\n               class=\"shutterset_14ea2dae3d90de67c1fc228ab12416d8\">\n                <img\n                    title=\"Sommercamp2018(1586)\"\n                    alt=\"Sommercamp2018(1586)\"\n                    src=\"http:\/\/www.karate-neuhofen.at\/wp-content\/gallery\/10-sommercamp-2018\/thumbs\/thumbs_Sommercamp20181586.JPG\"\n                    width=\"240\"\n                    height=\"160\"\n                    style=\"max-width:100%;\"\n                \/>\n            <\/a>\n        <\/div>\n\t\t\t\t\t\t\t<\/div> \n\t\t\t\n        \n\t\t\t\t<div id=\"ngg-image-586\" class=\"ngg-gallery-thumbnail-box\" >\n\t\t\t\t        <div class=\"ngg-gallery-thumbnail\">\n            <a href=\"http:\/\/www.karate-neuhofen.at\/wp-content\/gallery\/10-sommercamp-2018\/Sommercamp20181587.JPG\"\n               title=\"\"\n               data-src=\"http:\/\/www.karate-neuhofen.at\/wp-content\/gallery\/10-sommercamp-2018\/Sommercamp20181587.JPG\"\n               data-thumbnail=\"http:\/\/www.karate-neuhofen.at\/wp-content\/gallery\/10-sommercamp-2018\/thumbs\/thumbs_Sommercamp20181587.JPG\"\n               data-image-id=\"21323\"\n               data-title=\"Sommercamp2018(1587)\"\n               data-description=\"\"\n               data-image-slug=\"sommercamp20181587\"\n               class=\"shutterset_14ea2dae3d90de67c1fc228ab12416d8\">\n                <img\n                    title=\"Sommercamp2018(1587)\"\n                    alt=\"Sommercamp2018(1587)\"\n                    src=\"http:\/\/www.karate-neuhofen.at\/wp-content\/gallery\/10-sommercamp-2018\/thumbs\/thumbs_Sommercamp20181587.JPG\"\n                    width=\"240\"\n                    height=\"160\"\n                    style=\"max-width:100%;\"\n                \/>\n            <\/a>\n        <\/div>\n\t\t\t\t\t\t\t<\/div> \n\t\t\t\n        \n\t\t\t\t<div id=\"ngg-image-587\" class=\"ngg-gallery-thumbnail-box\" >\n\t\t\t\t        <div class=\"ngg-gallery-thumbnail\">\n            <a href=\"http:\/\/www.karate-neuhofen.at\/wp-content\/gallery\/10-sommercamp-2018\/Sommercamp20181588.JPG\"\n               title=\"\"\n               data-src=\"http:\/\/www.karate-neuhofen.at\/wp-content\/gallery\/10-sommercamp-2018\/Sommercamp20181588.JPG\"\n               data-thumbnail=\"http:\/\/www.karate-neuhofen.at\/wp-content\/gallery\/10-sommercamp-2018\/thumbs\/thumbs_Sommercamp20181588.JPG\"\n               data-image-id=\"21324\"\n               data-title=\"Sommercamp2018(1588)\"\n               data-description=\"\"\n               data-image-slug=\"sommercamp20181588\"\n               class=\"shutterset_14ea2dae3d90de67c1fc228ab12416d8\">\n                <img\n                    title=\"Sommercamp2018(1588)\"\n                    alt=\"Sommercamp2018(1588)\"\n                    src=\"http:\/\/www.karate-neuhofen.at\/wp-content\/gallery\/10-sommercamp-2018\/thumbs\/thumbs_Sommercamp20181588.JPG\"\n                    width=\"240\"\n                    height=\"160\"\n                    style=\"max-width:100%;\"\n                \/>\n            <\/a>\n        <\/div>\n\t\t\t\t\t\t\t<\/div> \n\t\t\t\n        \n\t\t\t\t<div id=\"ngg-image-588\" class=\"ngg-gallery-thumbnail-box\" >\n\t\t\t\t        <div class=\"ngg-gallery-thumbnail\">\n            <a href=\"http:\/\/www.karate-neuhofen.at\/wp-content\/gallery\/10-sommercamp-2018\/Sommercamp20181589.JPG\"\n               title=\"\"\n               data-src=\"http:\/\/www.karate-neuhofen.at\/wp-content\/gallery\/10-sommercamp-2018\/Sommercamp20181589.JPG\"\n               data-thumbnail=\"http:\/\/www.karate-neuhofen.at\/wp-content\/gallery\/10-sommercamp-2018\/thumbs\/thumbs_Sommercamp20181589.JPG\"\n               data-image-id=\"21325\"\n               data-title=\"Sommercamp2018(1589)\"\n               data-description=\"\"\n               data-image-slug=\"sommercamp20181589\"\n               class=\"shutterset_14ea2dae3d90de67c1fc228ab12416d8\">\n                <img\n                    title=\"Sommercamp2018(1589)\"\n                    alt=\"Sommercamp2018(1589)\"\n                    src=\"http:\/\/www.karate-neuhofen.at\/wp-content\/gallery\/10-sommercamp-2018\/thumbs\/thumbs_Sommercamp20181589.JPG\"\n                    width=\"240\"\n                    height=\"160\"\n                    style=\"max-width:100%;\"\n                \/>\n            <\/a>\n        <\/div>\n\t\t\t\t\t\t\t<\/div> \n\t\t\t\n        \n\t\t\t\t<div id=\"ngg-image-589\" class=\"ngg-gallery-thumbnail-box\" >\n\t\t\t\t        <div class=\"ngg-gallery-thumbnail\">\n            <a href=\"http:\/\/www.karate-neuhofen.at\/wp-content\/gallery\/10-sommercamp-2018\/Sommercamp20181590.JPG\"\n               title=\"\"\n               data-src=\"http:\/\/www.karate-neuhofen.at\/wp-content\/gallery\/10-sommercamp-2018\/Sommercamp20181590.JPG\"\n               data-thumbnail=\"http:\/\/www.karate-neuhofen.at\/wp-content\/gallery\/10-sommercamp-2018\/thumbs\/thumbs_Sommercamp20181590.JPG\"\n               data-image-id=\"21326\"\n               data-title=\"Sommercamp2018(1590)\"\n               data-description=\"\"\n               data-image-slug=\"sommercamp20181590\"\n               class=\"shutterset_14ea2dae3d90de67c1fc228ab12416d8\">\n                <img\n                    title=\"Sommercamp2018(1590)\"\n                    alt=\"Sommercamp2018(1590)\"\n                    src=\"http:\/\/www.karate-neuhofen.at\/wp-content\/gallery\/10-sommercamp-2018\/thumbs\/thumbs_Sommercamp20181590.JPG\"\n                    width=\"240\"\n                    height=\"160\"\n                    style=\"max-width:100%;\"\n                \/>\n            <\/a>\n        <\/div>\n\t\t\t\t\t\t\t<\/div> \n\t\t\t\n        \n\t\t\t\t<div id=\"ngg-image-590\" class=\"ngg-gallery-thumbnail-box\" >\n\t\t\t\t        <div class=\"ngg-gallery-thumbnail\">\n            <a href=\"http:\/\/www.karate-neuhofen.at\/wp-content\/gallery\/10-sommercamp-2018\/Sommercamp20181591.JPG\"\n               title=\"\"\n               data-src=\"http:\/\/www.karate-neuhofen.at\/wp-content\/gallery\/10-sommercamp-2018\/Sommercamp20181591.JPG\"\n               data-thumbnail=\"http:\/\/www.karate-neuhofen.at\/wp-content\/gallery\/10-sommercamp-2018\/thumbs\/thumbs_Sommercamp20181591.JPG\"\n               data-image-id=\"21327\"\n               data-title=\"Sommercamp2018(1591)\"\n               data-description=\"\"\n               data-image-slug=\"sommercamp20181591\"\n               class=\"shutterset_14ea2dae3d90de67c1fc228ab12416d8\">\n                <img\n                    title=\"Sommercamp2018(1591)\"\n                    alt=\"Sommercamp2018(1591)\"\n                    src=\"http:\/\/www.karate-neuhofen.at\/wp-content\/gallery\/10-sommercamp-2018\/thumbs\/thumbs_Sommercamp20181591.JPG\"\n                    width=\"240\"\n                    height=\"160\"\n                    style=\"max-width:100%;\"\n                \/>\n            <\/a>\n        <\/div>\n\t\t\t\t\t\t\t<\/div> \n\t\t\t\n        \n\t\t\t\t<div id=\"ngg-image-591\" class=\"ngg-gallery-thumbnail-box\" >\n\t\t\t\t        <div class=\"ngg-gallery-thumbnail\">\n            <a href=\"http:\/\/www.karate-neuhofen.at\/wp-content\/gallery\/10-sommercamp-2018\/Sommercamp20181592.JPG\"\n               title=\"\"\n               data-src=\"http:\/\/www.karate-neuhofen.at\/wp-content\/gallery\/10-sommercamp-2018\/Sommercamp20181592.JPG\"\n               data-thumbnail=\"http:\/\/www.karate-neuhofen.at\/wp-content\/gallery\/10-sommercamp-2018\/thumbs\/thumbs_Sommercamp20181592.JPG\"\n               data-image-id=\"21328\"\n               data-title=\"Sommercamp2018(1592)\"\n               data-description=\"\"\n               data-image-slug=\"sommercamp20181592\"\n               class=\"shutterset_14ea2dae3d90de67c1fc228ab12416d8\">\n                <img\n                    title=\"Sommercamp2018(1592)\"\n                    alt=\"Sommercamp2018(1592)\"\n                    src=\"http:\/\/www.karate-neuhofen.at\/wp-content\/gallery\/10-sommercamp-2018\/thumbs\/thumbs_Sommercamp20181592.JPG\"\n                    width=\"240\"\n                    height=\"160\"\n                    style=\"max-width:100%;\"\n                \/>\n            <\/a>\n        <\/div>\n\t\t\t\t\t\t\t<\/div> \n\t\t\t\n        \n\t\t\t\t<div id=\"ngg-image-592\" class=\"ngg-gallery-thumbnail-box\" >\n\t\t\t\t        <div class=\"ngg-gallery-thumbnail\">\n            <a href=\"http:\/\/www.karate-neuhofen.at\/wp-content\/gallery\/10-sommercamp-2018\/Sommercamp20181593.JPG\"\n               title=\"\"\n               data-src=\"http:\/\/www.karate-neuhofen.at\/wp-content\/gallery\/10-sommercamp-2018\/Sommercamp20181593.JPG\"\n               data-thumbnail=\"http:\/\/www.karate-neuhofen.at\/wp-content\/gallery\/10-sommercamp-2018\/thumbs\/thumbs_Sommercamp20181593.JPG\"\n               data-image-id=\"21329\"\n               data-title=\"Sommercamp2018(1593)\"\n               data-description=\"\"\n               data-image-slug=\"sommercamp20181593\"\n               class=\"shutterset_14ea2dae3d90de67c1fc228ab12416d8\">\n                <img\n                    title=\"Sommercamp2018(1593)\"\n                    alt=\"Sommercamp2018(1593)\"\n                    src=\"http:\/\/www.karate-neuhofen.at\/wp-content\/gallery\/10-sommercamp-2018\/thumbs\/thumbs_Sommercamp20181593.JPG\"\n                    width=\"240\"\n                    height=\"160\"\n                    style=\"max-width:100%;\"\n                \/>\n            <\/a>\n        <\/div>\n\t\t\t\t\t\t\t<\/div> \n\t\t\t\n        \n\t\t\t\t<div id=\"ngg-image-593\" class=\"ngg-gallery-thumbnail-box\" >\n\t\t\t\t        <div class=\"ngg-gallery-thumbnail\">\n            <a href=\"http:\/\/www.karate-neuhofen.at\/wp-content\/gallery\/10-sommercamp-2018\/Sommercamp20181594.JPG\"\n               title=\"\"\n               data-src=\"http:\/\/www.karate-neuhofen.at\/wp-content\/gallery\/10-sommercamp-2018\/Sommercamp20181594.JPG\"\n               data-thumbnail=\"http:\/\/www.karate-neuhofen.at\/wp-content\/gallery\/10-sommercamp-2018\/thumbs\/thumbs_Sommercamp20181594.JPG\"\n               data-image-id=\"21330\"\n               data-title=\"Sommercamp2018(1594)\"\n               data-description=\"\"\n               data-image-slug=\"sommercamp20181594\"\n               class=\"shutterset_14ea2dae3d90de67c1fc228ab12416d8\">\n                <img\n                    title=\"Sommercamp2018(1594)\"\n                    alt=\"Sommercamp2018(1594)\"\n                    src=\"http:\/\/www.karate-neuhofen.at\/wp-content\/gallery\/10-sommercamp-2018\/thumbs\/thumbs_Sommercamp20181594.JPG\"\n                    width=\"240\"\n                    height=\"160\"\n                    style=\"max-width:100%;\"\n                \/>\n            <\/a>\n        <\/div>\n\t\t\t\t\t\t\t<\/div> \n\t\t\t\n        \n\t\t\t\t<div id=\"ngg-image-594\" class=\"ngg-gallery-thumbnail-box\" >\n\t\t\t\t        <div class=\"ngg-gallery-thumbnail\">\n            <a href=\"http:\/\/www.karate-neuhofen.at\/wp-content\/gallery\/10-sommercamp-2018\/Sommercamp20181595.JPG\"\n               title=\"\"\n               data-src=\"http:\/\/www.karate-neuhofen.at\/wp-content\/gallery\/10-sommercamp-2018\/Sommercamp20181595.JPG\"\n               data-thumbnail=\"http:\/\/www.karate-neuhofen.at\/wp-content\/gallery\/10-sommercamp-2018\/thumbs\/thumbs_Sommercamp20181595.JPG\"\n               data-image-id=\"21331\"\n               data-title=\"Sommercamp2018(1595)\"\n               data-description=\"\"\n               data-image-slug=\"sommercamp20181595\"\n               class=\"shutterset_14ea2dae3d90de67c1fc228ab12416d8\">\n                <img\n                    title=\"Sommercamp2018(1595)\"\n                    alt=\"Sommercamp2018(1595)\"\n                    src=\"http:\/\/www.karate-neuhofen.at\/wp-content\/gallery\/10-sommercamp-2018\/thumbs\/thumbs_Sommercamp20181595.JPG\"\n                    width=\"240\"\n                    height=\"160\"\n                    style=\"max-width:100%;\"\n                \/>\n            <\/a>\n        <\/div>\n\t\t\t\t\t\t\t<\/div> \n\t\t\t\n        \n\t\t\t\t<div id=\"ngg-image-595\" class=\"ngg-gallery-thumbnail-box\" >\n\t\t\t\t        <div class=\"ngg-gallery-thumbnail\">\n            <a href=\"http:\/\/www.karate-neuhofen.at\/wp-content\/gallery\/10-sommercamp-2018\/Sommercamp20181596.JPG\"\n               title=\"\"\n               data-src=\"http:\/\/www.karate-neuhofen.at\/wp-content\/gallery\/10-sommercamp-2018\/Sommercamp20181596.JPG\"\n               data-thumbnail=\"http:\/\/www.karate-neuhofen.at\/wp-content\/gallery\/10-sommercamp-2018\/thumbs\/thumbs_Sommercamp20181596.JPG\"\n               data-image-id=\"21332\"\n               data-title=\"Sommercamp2018(1596)\"\n               data-description=\"\"\n               data-image-slug=\"sommercamp20181596\"\n               class=\"shutterset_14ea2dae3d90de67c1fc228ab12416d8\">\n                <img\n                    title=\"Sommercamp2018(1596)\"\n                    alt=\"Sommercamp2018(1596)\"\n                    src=\"http:\/\/www.karate-neuhofen.at\/wp-content\/gallery\/10-sommercamp-2018\/thumbs\/thumbs_Sommercamp20181596.JPG\"\n                    width=\"240\"\n                    height=\"160\"\n                    style=\"max-width:100%;\"\n                \/>\n            <\/a>\n        <\/div>\n\t\t\t\t\t\t\t<\/div> \n\t\t\t\n        \n\t\t\t\t<div id=\"ngg-image-596\" class=\"ngg-gallery-thumbnail-box\" >\n\t\t\t\t        <div class=\"ngg-gallery-thumbnail\">\n            <a href=\"http:\/\/www.karate-neuhofen.at\/wp-content\/gallery\/10-sommercamp-2018\/Sommercamp20181597.JPG\"\n               title=\"\"\n               data-src=\"http:\/\/www.karate-neuhofen.at\/wp-content\/gallery\/10-sommercamp-2018\/Sommercamp20181597.JPG\"\n               data-thumbnail=\"http:\/\/www.karate-neuhofen.at\/wp-content\/gallery\/10-sommercamp-2018\/thumbs\/thumbs_Sommercamp20181597.JPG\"\n               data-image-id=\"21333\"\n               data-title=\"Sommercamp2018(1597)\"\n               data-description=\"\"\n               data-image-slug=\"sommercamp20181597\"\n               class=\"shutterset_14ea2dae3d90de67c1fc228ab12416d8\">\n                <img\n                    title=\"Sommercamp2018(1597)\"\n                    alt=\"Sommercamp2018(1597)\"\n                    src=\"http:\/\/www.karate-neuhofen.at\/wp-content\/gallery\/10-sommercamp-2018\/thumbs\/thumbs_Sommercamp20181597.JPG\"\n                    width=\"240\"\n                    height=\"160\"\n                    style=\"max-width:100%;\"\n                \/>\n            <\/a>\n        <\/div>\n\t\t\t\t\t\t\t<\/div> \n\t\t\t\n        \n\t\t\t\t<div id=\"ngg-image-597\" class=\"ngg-gallery-thumbnail-box\" >\n\t\t\t\t        <div class=\"ngg-gallery-thumbnail\">\n            <a href=\"http:\/\/www.karate-neuhofen.at\/wp-content\/gallery\/10-sommercamp-2018\/Sommercamp20181598.JPG\"\n               title=\"\"\n               data-src=\"http:\/\/www.karate-neuhofen.at\/wp-content\/gallery\/10-sommercamp-2018\/Sommercamp20181598.JPG\"\n               data-thumbnail=\"http:\/\/www.karate-neuhofen.at\/wp-content\/gallery\/10-sommercamp-2018\/thumbs\/thumbs_Sommercamp20181598.JPG\"\n               data-image-id=\"21334\"\n               data-title=\"Sommercamp2018(1598)\"\n               data-description=\"\"\n               data-image-slug=\"sommercamp20181598\"\n               class=\"shutterset_14ea2dae3d90de67c1fc228ab12416d8\">\n                <img\n                    title=\"Sommercamp2018(1598)\"\n                    alt=\"Sommercamp2018(1598)\"\n                    src=\"http:\/\/www.karate-neuhofen.at\/wp-content\/gallery\/10-sommercamp-2018\/thumbs\/thumbs_Sommercamp20181598.JPG\"\n                    width=\"240\"\n                    height=\"160\"\n                    style=\"max-width:100%;\"\n                \/>\n            <\/a>\n        <\/div>\n\t\t\t\t\t\t\t<\/div> \n\t\t\t\n        \n\t\t\t\t<div id=\"ngg-image-598\" class=\"ngg-gallery-thumbnail-box\" >\n\t\t\t\t        <div class=\"ngg-gallery-thumbnail\">\n            <a href=\"http:\/\/www.karate-neuhofen.at\/wp-content\/gallery\/10-sommercamp-2018\/Sommercamp20181599.JPG\"\n               title=\"\"\n               data-src=\"http:\/\/www.karate-neuhofen.at\/wp-content\/gallery\/10-sommercamp-2018\/Sommercamp20181599.JPG\"\n               data-thumbnail=\"http:\/\/www.karate-neuhofen.at\/wp-content\/gallery\/10-sommercamp-2018\/thumbs\/thumbs_Sommercamp20181599.JPG\"\n               data-image-id=\"21335\"\n               data-title=\"Sommercamp2018(1599)\"\n               data-description=\"\"\n               data-image-slug=\"sommercamp20181599\"\n               class=\"shutterset_14ea2dae3d90de67c1fc228ab12416d8\">\n                <img\n                    title=\"Sommercamp2018(1599)\"\n                    alt=\"Sommercamp2018(1599)\"\n                    src=\"http:\/\/www.karate-neuhofen.at\/wp-content\/gallery\/10-sommercamp-2018\/thumbs\/thumbs_Sommercamp20181599.JPG\"\n                    width=\"240\"\n                    height=\"160\"\n                    style=\"max-width:100%;\"\n                \/>\n            <\/a>\n        <\/div>\n\t\t\t\t\t\t\t<\/div> \n\t\t\t\n        \n\t\t\t\t<div id=\"ngg-image-599\" class=\"ngg-gallery-thumbnail-box\" >\n\t\t\t\t        <div class=\"ngg-gallery-thumbnail\">\n            <a href=\"http:\/\/www.karate-neuhofen.at\/wp-content\/gallery\/10-sommercamp-2018\/Sommercamp20181600.JPG\"\n               title=\"\"\n               data-src=\"http:\/\/www.karate-neuhofen.at\/wp-content\/gallery\/10-sommercamp-2018\/Sommercamp20181600.JPG\"\n               data-thumbnail=\"http:\/\/www.karate-neuhofen.at\/wp-content\/gallery\/10-sommercamp-2018\/thumbs\/thumbs_Sommercamp20181600.JPG\"\n               data-image-id=\"21336\"\n               data-title=\"Sommercamp2018(1600)\"\n               data-description=\"\"\n               data-image-slug=\"sommercamp20181600\"\n               class=\"shutterset_14ea2dae3d90de67c1fc228ab12416d8\">\n                <img\n                    title=\"Sommercamp2018(1600)\"\n                    alt=\"Sommercamp2018(1600)\"\n                    src=\"http:\/\/www.karate-neuhofen.at\/wp-content\/gallery\/10-sommercamp-2018\/thumbs\/thumbs_Sommercamp20181600.JPG\"\n                    width=\"240\"\n                    height=\"160\"\n                    style=\"max-width:100%;\"\n                \/>\n            <\/a>\n        <\/div>\n\t\t\t\t\t\t\t<\/div> \n\t\t\t\n        \n\t\t\t\t<div id=\"ngg-image-600\" class=\"ngg-gallery-thumbnail-box\" >\n\t\t\t\t        <div class=\"ngg-gallery-thumbnail\">\n            <a href=\"http:\/\/www.karate-neuhofen.at\/wp-content\/gallery\/10-sommercamp-2018\/Sommercamp20181601.JPG\"\n               title=\"\"\n               data-src=\"http:\/\/www.karate-neuhofen.at\/wp-content\/gallery\/10-sommercamp-2018\/Sommercamp20181601.JPG\"\n               data-thumbnail=\"http:\/\/www.karate-neuhofen.at\/wp-content\/gallery\/10-sommercamp-2018\/thumbs\/thumbs_Sommercamp20181601.JPG\"\n               data-image-id=\"21337\"\n               data-title=\"Sommercamp2018(1601)\"\n               data-description=\"\"\n               data-image-slug=\"sommercamp20181601\"\n               class=\"shutterset_14ea2dae3d90de67c1fc228ab12416d8\">\n                <img\n                    title=\"Sommercamp2018(1601)\"\n                    alt=\"Sommercamp2018(1601)\"\n                    src=\"http:\/\/www.karate-neuhofen.at\/wp-content\/gallery\/10-sommercamp-2018\/thumbs\/thumbs_Sommercamp20181601.JPG\"\n                    width=\"240\"\n                    height=\"160\"\n                    style=\"max-width:100%;\"\n                \/>\n            <\/a>\n        <\/div>\n\t\t\t\t\t\t\t<\/div> \n\t\t\t\n        \n\t\t\t\t<div id=\"ngg-image-601\" class=\"ngg-gallery-thumbnail-box\" >\n\t\t\t\t        <div class=\"ngg-gallery-thumbnail\">\n            <a href=\"http:\/\/www.karate-neuhofen.at\/wp-content\/gallery\/10-sommercamp-2018\/Sommercamp20181602.JPG\"\n               title=\"\"\n               data-src=\"http:\/\/www.karate-neuhofen.at\/wp-content\/gallery\/10-sommercamp-2018\/Sommercamp20181602.JPG\"\n               data-thumbnail=\"http:\/\/www.karate-neuhofen.at\/wp-content\/gallery\/10-sommercamp-2018\/thumbs\/thumbs_Sommercamp20181602.JPG\"\n               data-image-id=\"21338\"\n               data-title=\"Sommercamp2018(1602)\"\n               data-description=\"\"\n               data-image-slug=\"sommercamp20181602\"\n               class=\"shutterset_14ea2dae3d90de67c1fc228ab12416d8\">\n                <img\n                    title=\"Sommercamp2018(1602)\"\n                    alt=\"Sommercamp2018(1602)\"\n                    src=\"http:\/\/www.karate-neuhofen.at\/wp-content\/gallery\/10-sommercamp-2018\/thumbs\/thumbs_Sommercamp20181602.JPG\"\n                    width=\"240\"\n                    height=\"160\"\n                    style=\"max-width:100%;\"\n                \/>\n            <\/a>\n        <\/div>\n\t\t\t\t\t\t\t<\/div> \n\t\t\t\n        \n\t\t\t\t<div id=\"ngg-image-602\" class=\"ngg-gallery-thumbnail-box\" >\n\t\t\t\t        <div class=\"ngg-gallery-thumbnail\">\n            <a href=\"http:\/\/www.karate-neuhofen.at\/wp-content\/gallery\/10-sommercamp-2018\/Sommercamp20181603.JPG\"\n               title=\"\"\n               data-src=\"http:\/\/www.karate-neuhofen.at\/wp-content\/gallery\/10-sommercamp-2018\/Sommercamp20181603.JPG\"\n               data-thumbnail=\"http:\/\/www.karate-neuhofen.at\/wp-content\/gallery\/10-sommercamp-2018\/thumbs\/thumbs_Sommercamp20181603.JPG\"\n               data-image-id=\"21339\"\n               data-title=\"Sommercamp2018(1603)\"\n               data-description=\"\"\n               data-image-slug=\"sommercamp20181603\"\n               class=\"shutterset_14ea2dae3d90de67c1fc228ab12416d8\">\n                <img\n                    title=\"Sommercamp2018(1603)\"\n                    alt=\"Sommercamp2018(1603)\"\n                    src=\"http:\/\/www.karate-neuhofen.at\/wp-content\/gallery\/10-sommercamp-2018\/thumbs\/thumbs_Sommercamp20181603.JPG\"\n                    width=\"240\"\n                    height=\"160\"\n                    style=\"max-width:100%;\"\n                \/>\n            <\/a>\n        <\/div>\n\t\t\t\t\t\t\t<\/div> \n\t\t\t\n        \n\t\t\t\t<div id=\"ngg-image-603\" class=\"ngg-gallery-thumbnail-box\" >\n\t\t\t\t        <div class=\"ngg-gallery-thumbnail\">\n            <a href=\"http:\/\/www.karate-neuhofen.at\/wp-content\/gallery\/10-sommercamp-2018\/Sommercamp20181604.JPG\"\n               title=\"\"\n               data-src=\"http:\/\/www.karate-neuhofen.at\/wp-content\/gallery\/10-sommercamp-2018\/Sommercamp20181604.JPG\"\n               data-thumbnail=\"http:\/\/www.karate-neuhofen.at\/wp-content\/gallery\/10-sommercamp-2018\/thumbs\/thumbs_Sommercamp20181604.JPG\"\n               data-image-id=\"21340\"\n               data-title=\"Sommercamp2018(1604)\"\n               data-description=\"\"\n               data-image-slug=\"sommercamp20181604\"\n               class=\"shutterset_14ea2dae3d90de67c1fc228ab12416d8\">\n                <img\n                    title=\"Sommercamp2018(1604)\"\n                    alt=\"Sommercamp2018(1604)\"\n                    src=\"http:\/\/www.karate-neuhofen.at\/wp-content\/gallery\/10-sommercamp-2018\/thumbs\/thumbs_Sommercamp20181604.JPG\"\n                    width=\"240\"\n                    height=\"160\"\n                    style=\"max-width:100%;\"\n                \/>\n            <\/a>\n        <\/div>\n\t\t\t\t\t\t\t<\/div> \n\t\t\t\n        \n\t\t\t\t<div id=\"ngg-image-604\" class=\"ngg-gallery-thumbnail-box\" >\n\t\t\t\t        <div class=\"ngg-gallery-thumbnail\">\n            <a href=\"http:\/\/www.karate-neuhofen.at\/wp-content\/gallery\/10-sommercamp-2018\/Sommercamp20181605.JPG\"\n               title=\"\"\n               data-src=\"http:\/\/www.karate-neuhofen.at\/wp-content\/gallery\/10-sommercamp-2018\/Sommercamp20181605.JPG\"\n               data-thumbnail=\"http:\/\/www.karate-neuhofen.at\/wp-content\/gallery\/10-sommercamp-2018\/thumbs\/thumbs_Sommercamp20181605.JPG\"\n               data-image-id=\"21341\"\n               data-title=\"Sommercamp2018(1605)\"\n               data-description=\"\"\n               data-image-slug=\"sommercamp20181605\"\n               class=\"shutterset_14ea2dae3d90de67c1fc228ab12416d8\">\n                <img\n                    title=\"Sommercamp2018(1605)\"\n                    alt=\"Sommercamp2018(1605)\"\n                    src=\"http:\/\/www.karate-neuhofen.at\/wp-content\/gallery\/10-sommercamp-2018\/thumbs\/thumbs_Sommercamp20181605.JPG\"\n                    width=\"240\"\n                    height=\"160\"\n                    style=\"max-width:100%;\"\n                \/>\n            <\/a>\n        <\/div>\n\t\t\t\t\t\t\t<\/div> \n\t\t\t\n        \n\t\t\t\t<div id=\"ngg-image-605\" class=\"ngg-gallery-thumbnail-box\" >\n\t\t\t\t        <div class=\"ngg-gallery-thumbnail\">\n            <a href=\"http:\/\/www.karate-neuhofen.at\/wp-content\/gallery\/10-sommercamp-2018\/Sommercamp20181606.JPG\"\n               title=\"\"\n               data-src=\"http:\/\/www.karate-neuhofen.at\/wp-content\/gallery\/10-sommercamp-2018\/Sommercamp20181606.JPG\"\n               data-thumbnail=\"http:\/\/www.karate-neuhofen.at\/wp-content\/gallery\/10-sommercamp-2018\/thumbs\/thumbs_Sommercamp20181606.JPG\"\n               data-image-id=\"21342\"\n               data-title=\"Sommercamp2018(1606)\"\n               data-description=\"\"\n               data-image-slug=\"sommercamp20181606\"\n               class=\"shutterset_14ea2dae3d90de67c1fc228ab12416d8\">\n                <img\n                    title=\"Sommercamp2018(1606)\"\n                    alt=\"Sommercamp2018(1606)\"\n                    src=\"http:\/\/www.karate-neuhofen.at\/wp-content\/gallery\/10-sommercamp-2018\/thumbs\/thumbs_Sommercamp20181606.JPG\"\n                    width=\"240\"\n                    height=\"160\"\n                    style=\"max-width:100%;\"\n                \/>\n            <\/a>\n        <\/div>\n\t\t\t\t\t\t\t<\/div> \n\t\t\t\n        \n\t\t\t\t<div id=\"ngg-image-606\" class=\"ngg-gallery-thumbnail-box\" >\n\t\t\t\t        <div class=\"ngg-gallery-thumbnail\">\n            <a href=\"http:\/\/www.karate-neuhofen.at\/wp-content\/gallery\/10-sommercamp-2018\/Sommercamp20181607.JPG\"\n               title=\"\"\n               data-src=\"http:\/\/www.karate-neuhofen.at\/wp-content\/gallery\/10-sommercamp-2018\/Sommercamp20181607.JPG\"\n               data-thumbnail=\"http:\/\/www.karate-neuhofen.at\/wp-content\/gallery\/10-sommercamp-2018\/thumbs\/thumbs_Sommercamp20181607.JPG\"\n               data-image-id=\"21343\"\n               data-title=\"Sommercamp2018(1607)\"\n               data-description=\"\"\n               data-image-slug=\"sommercamp20181607\"\n               class=\"shutterset_14ea2dae3d90de67c1fc228ab12416d8\">\n                <img\n                    title=\"Sommercamp2018(1607)\"\n                    alt=\"Sommercamp2018(1607)\"\n                    src=\"http:\/\/www.karate-neuhofen.at\/wp-content\/gallery\/10-sommercamp-2018\/thumbs\/thumbs_Sommercamp20181607.JPG\"\n                    width=\"240\"\n                    height=\"160\"\n                    style=\"max-width:100%;\"\n                \/>\n            <\/a>\n        <\/div>\n\t\t\t\t\t\t\t<\/div> \n\t\t\t\n        \n\t\t\t\t<div id=\"ngg-image-607\" class=\"ngg-gallery-thumbnail-box\" >\n\t\t\t\t        <div class=\"ngg-gallery-thumbnail\">\n            <a href=\"http:\/\/www.karate-neuhofen.at\/wp-content\/gallery\/10-sommercamp-2018\/Sommercamp20181608.JPG\"\n               title=\"\"\n               data-src=\"http:\/\/www.karate-neuhofen.at\/wp-content\/gallery\/10-sommercamp-2018\/Sommercamp20181608.JPG\"\n               data-thumbnail=\"http:\/\/www.karate-neuhofen.at\/wp-content\/gallery\/10-sommercamp-2018\/thumbs\/thumbs_Sommercamp20181608.JPG\"\n               data-image-id=\"21344\"\n               data-title=\"Sommercamp2018(1608)\"\n               data-description=\"\"\n               data-image-slug=\"sommercamp20181608\"\n               class=\"shutterset_14ea2dae3d90de67c1fc228ab12416d8\">\n                <img\n                    title=\"Sommercamp2018(1608)\"\n                    alt=\"Sommercamp2018(1608)\"\n                    src=\"http:\/\/www.karate-neuhofen.at\/wp-content\/gallery\/10-sommercamp-2018\/thumbs\/thumbs_Sommercamp20181608.JPG\"\n                    width=\"240\"\n                    height=\"160\"\n                    style=\"max-width:100%;\"\n                \/>\n            <\/a>\n        <\/div>\n\t\t\t\t\t\t\t<\/div> \n\t\t\t\n        \n\t\t\t\t<div id=\"ngg-image-608\" class=\"ngg-gallery-thumbnail-box\" >\n\t\t\t\t        <div class=\"ngg-gallery-thumbnail\">\n            <a href=\"http:\/\/www.karate-neuhofen.at\/wp-content\/gallery\/10-sommercamp-2018\/Sommercamp20181609.JPG\"\n               title=\"\"\n               data-src=\"http:\/\/www.karate-neuhofen.at\/wp-content\/gallery\/10-sommercamp-2018\/Sommercamp20181609.JPG\"\n               data-thumbnail=\"http:\/\/www.karate-neuhofen.at\/wp-content\/gallery\/10-sommercamp-2018\/thumbs\/thumbs_Sommercamp20181609.JPG\"\n               data-image-id=\"21345\"\n               data-title=\"Sommercamp2018(1609)\"\n               data-description=\"\"\n               data-image-slug=\"sommercamp20181609\"\n               class=\"shutterset_14ea2dae3d90de67c1fc228ab12416d8\">\n                <img\n                    title=\"Sommercamp2018(1609)\"\n                    alt=\"Sommercamp2018(1609)\"\n                    src=\"http:\/\/www.karate-neuhofen.at\/wp-content\/gallery\/10-sommercamp-2018\/thumbs\/thumbs_Sommercamp20181609.JPG\"\n                    width=\"240\"\n                    height=\"160\"\n                    style=\"max-width:100%;\"\n                \/>\n            <\/a>\n        <\/div>\n\t\t\t\t\t\t\t<\/div> \n\t\t\t\n        \n\t\t\t\t<div id=\"ngg-image-609\" class=\"ngg-gallery-thumbnail-box\" >\n\t\t\t\t        <div class=\"ngg-gallery-thumbnail\">\n            <a href=\"http:\/\/www.karate-neuhofen.at\/wp-content\/gallery\/10-sommercamp-2018\/Sommercamp20181610.JPG\"\n               title=\"\"\n               data-src=\"http:\/\/www.karate-neuhofen.at\/wp-content\/gallery\/10-sommercamp-2018\/Sommercamp20181610.JPG\"\n               data-thumbnail=\"http:\/\/www.karate-neuhofen.at\/wp-content\/gallery\/10-sommercamp-2018\/thumbs\/thumbs_Sommercamp20181610.JPG\"\n               data-image-id=\"21346\"\n               data-title=\"Sommercamp2018(1610)\"\n               data-description=\"\"\n               data-image-slug=\"sommercamp20181610\"\n               class=\"shutterset_14ea2dae3d90de67c1fc228ab12416d8\">\n                <img\n                    title=\"Sommercamp2018(1610)\"\n                    alt=\"Sommercamp2018(1610)\"\n                    src=\"http:\/\/www.karate-neuhofen.at\/wp-content\/gallery\/10-sommercamp-2018\/thumbs\/thumbs_Sommercamp20181610.JPG\"\n                    width=\"240\"\n                    height=\"160\"\n                    style=\"max-width:100%;\"\n                \/>\n            <\/a>\n        <\/div>\n\t\t\t\t\t\t\t<\/div> \n\t\t\t\n        \n\t\t\t\t<div id=\"ngg-image-610\" class=\"ngg-gallery-thumbnail-box\" >\n\t\t\t\t        <div class=\"ngg-gallery-thumbnail\">\n            <a href=\"http:\/\/www.karate-neuhofen.at\/wp-content\/gallery\/10-sommercamp-2018\/Sommercamp20181611.JPG\"\n               title=\"\"\n               data-src=\"http:\/\/www.karate-neuhofen.at\/wp-content\/gallery\/10-sommercamp-2018\/Sommercamp20181611.JPG\"\n               data-thumbnail=\"http:\/\/www.karate-neuhofen.at\/wp-content\/gallery\/10-sommercamp-2018\/thumbs\/thumbs_Sommercamp20181611.JPG\"\n               data-image-id=\"21347\"\n               data-title=\"Sommercamp2018(1611)\"\n               data-description=\"\"\n               data-image-slug=\"sommercamp20181611\"\n               class=\"shutterset_14ea2dae3d90de67c1fc228ab12416d8\">\n                <img\n                    title=\"Sommercamp2018(1611)\"\n                    alt=\"Sommercamp2018(1611)\"\n                    src=\"http:\/\/www.karate-neuhofen.at\/wp-content\/gallery\/10-sommercamp-2018\/thumbs\/thumbs_Sommercamp20181611.JPG\"\n                    width=\"240\"\n                    height=\"160\"\n                    style=\"max-width:100%;\"\n                \/>\n            <\/a>\n        <\/div>\n\t\t\t\t\t\t\t<\/div> \n\t\t\t\n        \n\t\t\t\t<div id=\"ngg-image-611\" class=\"ngg-gallery-thumbnail-box\" >\n\t\t\t\t        <div class=\"ngg-gallery-thumbnail\">\n            <a href=\"http:\/\/www.karate-neuhofen.at\/wp-content\/gallery\/10-sommercamp-2018\/Sommercamp20181612.JPG\"\n               title=\"\"\n               data-src=\"http:\/\/www.karate-neuhofen.at\/wp-content\/gallery\/10-sommercamp-2018\/Sommercamp20181612.JPG\"\n               data-thumbnail=\"http:\/\/www.karate-neuhofen.at\/wp-content\/gallery\/10-sommercamp-2018\/thumbs\/thumbs_Sommercamp20181612.JPG\"\n               data-image-id=\"21348\"\n               data-title=\"Sommercamp2018(1612)\"\n               data-description=\"\"\n               data-image-slug=\"sommercamp20181612\"\n               class=\"shutterset_14ea2dae3d90de67c1fc228ab12416d8\">\n                <img\n                    title=\"Sommercamp2018(1612)\"\n                    alt=\"Sommercamp2018(1612)\"\n                    src=\"http:\/\/www.karate-neuhofen.at\/wp-content\/gallery\/10-sommercamp-2018\/thumbs\/thumbs_Sommercamp20181612.JPG\"\n                    width=\"240\"\n                    height=\"160\"\n                    style=\"max-width:100%;\"\n                \/>\n            <\/a>\n        <\/div>\n\t\t\t\t\t\t\t<\/div> \n\t\t\t\n        \n\t\t\t\t<div id=\"ngg-image-612\" class=\"ngg-gallery-thumbnail-box\" >\n\t\t\t\t        <div class=\"ngg-gallery-thumbnail\">\n            <a href=\"http:\/\/www.karate-neuhofen.at\/wp-content\/gallery\/10-sommercamp-2018\/Sommercamp20181613.JPG\"\n               title=\"\"\n               data-src=\"http:\/\/www.karate-neuhofen.at\/wp-content\/gallery\/10-sommercamp-2018\/Sommercamp20181613.JPG\"\n               data-thumbnail=\"http:\/\/www.karate-neuhofen.at\/wp-content\/gallery\/10-sommercamp-2018\/thumbs\/thumbs_Sommercamp20181613.JPG\"\n               data-image-id=\"21349\"\n               data-title=\"Sommercamp2018(1613)\"\n               data-description=\"\"\n               data-image-slug=\"sommercamp20181613\"\n               class=\"shutterset_14ea2dae3d90de67c1fc228ab12416d8\">\n                <img\n                    title=\"Sommercamp2018(1613)\"\n                    alt=\"Sommercamp2018(1613)\"\n                    src=\"http:\/\/www.karate-neuhofen.at\/wp-content\/gallery\/10-sommercamp-2018\/thumbs\/thumbs_Sommercamp20181613.JPG\"\n                    width=\"240\"\n                    height=\"160\"\n                    style=\"max-width:100%;\"\n                \/>\n            <\/a>\n        <\/div>\n\t\t\t\t\t\t\t<\/div> \n\t\t\t\n        \n\t\t\t\t<div id=\"ngg-image-613\" class=\"ngg-gallery-thumbnail-box\" >\n\t\t\t\t        <div class=\"ngg-gallery-thumbnail\">\n            <a href=\"http:\/\/www.karate-neuhofen.at\/wp-content\/gallery\/10-sommercamp-2018\/Sommercamp20181614.JPG\"\n               title=\"\"\n               data-src=\"http:\/\/www.karate-neuhofen.at\/wp-content\/gallery\/10-sommercamp-2018\/Sommercamp20181614.JPG\"\n               data-thumbnail=\"http:\/\/www.karate-neuhofen.at\/wp-content\/gallery\/10-sommercamp-2018\/thumbs\/thumbs_Sommercamp20181614.JPG\"\n               data-image-id=\"21350\"\n               data-title=\"Sommercamp2018(1614)\"\n               data-description=\"\"\n               data-image-slug=\"sommercamp20181614\"\n               class=\"shutterset_14ea2dae3d90de67c1fc228ab12416d8\">\n                <img\n                    title=\"Sommercamp2018(1614)\"\n                    alt=\"Sommercamp2018(1614)\"\n                    src=\"http:\/\/www.karate-neuhofen.at\/wp-content\/gallery\/10-sommercamp-2018\/thumbs\/thumbs_Sommercamp20181614.JPG\"\n                    width=\"240\"\n                    height=\"160\"\n                    style=\"max-width:100%;\"\n                \/>\n            <\/a>\n        <\/div>\n\t\t\t\t\t\t\t<\/div> \n\t\t\t\n        \n\t\t\t\t<div id=\"ngg-image-614\" class=\"ngg-gallery-thumbnail-box\" >\n\t\t\t\t        <div class=\"ngg-gallery-thumbnail\">\n            <a href=\"http:\/\/www.karate-neuhofen.at\/wp-content\/gallery\/10-sommercamp-2018\/Sommercamp20181615.JPG\"\n               title=\"\"\n               data-src=\"http:\/\/www.karate-neuhofen.at\/wp-content\/gallery\/10-sommercamp-2018\/Sommercamp20181615.JPG\"\n               data-thumbnail=\"http:\/\/www.karate-neuhofen.at\/wp-content\/gallery\/10-sommercamp-2018\/thumbs\/thumbs_Sommercamp20181615.JPG\"\n               data-image-id=\"21351\"\n               data-title=\"Sommercamp2018(1615)\"\n               data-description=\"\"\n               data-image-slug=\"sommercamp20181615\"\n               class=\"shutterset_14ea2dae3d90de67c1fc228ab12416d8\">\n                <img\n                    title=\"Sommercamp2018(1615)\"\n                    alt=\"Sommercamp2018(1615)\"\n                    src=\"http:\/\/www.karate-neuhofen.at\/wp-content\/gallery\/10-sommercamp-2018\/thumbs\/thumbs_Sommercamp20181615.JPG\"\n                    width=\"240\"\n                    height=\"160\"\n                    style=\"max-width:100%;\"\n                \/>\n            <\/a>\n        <\/div>\n\t\t\t\t\t\t\t<\/div> \n\t\t\t\n        \n\t\t\t\t<div id=\"ngg-image-615\" class=\"ngg-gallery-thumbnail-box\" >\n\t\t\t\t        <div class=\"ngg-gallery-thumbnail\">\n            <a href=\"http:\/\/www.karate-neuhofen.at\/wp-content\/gallery\/10-sommercamp-2018\/Sommercamp20181616.JPG\"\n               title=\"\"\n               data-src=\"http:\/\/www.karate-neuhofen.at\/wp-content\/gallery\/10-sommercamp-2018\/Sommercamp20181616.JPG\"\n               data-thumbnail=\"http:\/\/www.karate-neuhofen.at\/wp-content\/gallery\/10-sommercamp-2018\/thumbs\/thumbs_Sommercamp20181616.JPG\"\n               data-image-id=\"21352\"\n               data-title=\"Sommercamp2018(1616)\"\n               data-description=\"\"\n               data-image-slug=\"sommercamp20181616\"\n               class=\"shutterset_14ea2dae3d90de67c1fc228ab12416d8\">\n                <img\n                    title=\"Sommercamp2018(1616)\"\n                    alt=\"Sommercamp2018(1616)\"\n                    src=\"http:\/\/www.karate-neuhofen.at\/wp-content\/gallery\/10-sommercamp-2018\/thumbs\/thumbs_Sommercamp20181616.JPG\"\n                    width=\"240\"\n                    height=\"160\"\n                    style=\"max-width:100%;\"\n                \/>\n            <\/a>\n        <\/div>\n\t\t\t\t\t\t\t<\/div> \n\t\t\t\n        \n\t\t\t\t<div id=\"ngg-image-616\" class=\"ngg-gallery-thumbnail-box\" >\n\t\t\t\t        <div class=\"ngg-gallery-thumbnail\">\n            <a href=\"http:\/\/www.karate-neuhofen.at\/wp-content\/gallery\/10-sommercamp-2018\/Sommercamp20181617.JPG\"\n               title=\"\"\n               data-src=\"http:\/\/www.karate-neuhofen.at\/wp-content\/gallery\/10-sommercamp-2018\/Sommercamp20181617.JPG\"\n               data-thumbnail=\"http:\/\/www.karate-neuhofen.at\/wp-content\/gallery\/10-sommercamp-2018\/thumbs\/thumbs_Sommercamp20181617.JPG\"\n               data-image-id=\"21353\"\n               data-title=\"Sommercamp2018(1617)\"\n               data-description=\"\"\n               data-image-slug=\"sommercamp20181617\"\n               class=\"shutterset_14ea2dae3d90de67c1fc228ab12416d8\">\n                <img\n                    title=\"Sommercamp2018(1617)\"\n                    alt=\"Sommercamp2018(1617)\"\n                    src=\"http:\/\/www.karate-neuhofen.at\/wp-content\/gallery\/10-sommercamp-2018\/thumbs\/thumbs_Sommercamp20181617.JPG\"\n                    width=\"240\"\n                    height=\"160\"\n                    style=\"max-width:100%;\"\n                \/>\n            <\/a>\n        <\/div>\n\t\t\t\t\t\t\t<\/div> \n\t\t\t\n        \n\t\t\t\t<div id=\"ngg-image-617\" class=\"ngg-gallery-thumbnail-box\" >\n\t\t\t\t        <div class=\"ngg-gallery-thumbnail\">\n            <a href=\"http:\/\/www.karate-neuhofen.at\/wp-content\/gallery\/10-sommercamp-2018\/Sommercamp20181618.JPG\"\n               title=\"\"\n               data-src=\"http:\/\/www.karate-neuhofen.at\/wp-content\/gallery\/10-sommercamp-2018\/Sommercamp20181618.JPG\"\n               data-thumbnail=\"http:\/\/www.karate-neuhofen.at\/wp-content\/gallery\/10-sommercamp-2018\/thumbs\/thumbs_Sommercamp20181618.JPG\"\n               data-image-id=\"21354\"\n               data-title=\"Sommercamp2018(1618)\"\n               data-description=\"\"\n               data-image-slug=\"sommercamp20181618\"\n               class=\"shutterset_14ea2dae3d90de67c1fc228ab12416d8\">\n                <img\n                    title=\"Sommercamp2018(1618)\"\n                    alt=\"Sommercamp2018(1618)\"\n                    src=\"http:\/\/www.karate-neuhofen.at\/wp-content\/gallery\/10-sommercamp-2018\/thumbs\/thumbs_Sommercamp20181618.JPG\"\n                    width=\"240\"\n                    height=\"160\"\n                    style=\"max-width:100%;\"\n                \/>\n            <\/a>\n        <\/div>\n\t\t\t\t\t\t\t<\/div> \n\t\t\t\n        \n\t\t\t\t<div id=\"ngg-image-618\" class=\"ngg-gallery-thumbnail-box\" >\n\t\t\t\t        <div class=\"ngg-gallery-thumbnail\">\n            <a href=\"http:\/\/www.karate-neuhofen.at\/wp-content\/gallery\/10-sommercamp-2018\/Sommercamp20181619.JPG\"\n               title=\"\"\n               data-src=\"http:\/\/www.karate-neuhofen.at\/wp-content\/gallery\/10-sommercamp-2018\/Sommercamp20181619.JPG\"\n               data-thumbnail=\"http:\/\/www.karate-neuhofen.at\/wp-content\/gallery\/10-sommercamp-2018\/thumbs\/thumbs_Sommercamp20181619.JPG\"\n               data-image-id=\"21355\"\n               data-title=\"Sommercamp2018(1619)\"\n               data-description=\"\"\n               data-image-slug=\"sommercamp20181619\"\n               class=\"shutterset_14ea2dae3d90de67c1fc228ab12416d8\">\n                <img\n                    title=\"Sommercamp2018(1619)\"\n                    alt=\"Sommercamp2018(1619)\"\n                    src=\"http:\/\/www.karate-neuhofen.at\/wp-content\/gallery\/10-sommercamp-2018\/thumbs\/thumbs_Sommercamp20181619.JPG\"\n                    width=\"240\"\n                    height=\"160\"\n                    style=\"max-width:100%;\"\n                \/>\n            <\/a>\n        <\/div>\n\t\t\t\t\t\t\t<\/div> \n\t\t\t\n        \n\t\t\t\t<div id=\"ngg-image-619\" class=\"ngg-gallery-thumbnail-box\" >\n\t\t\t\t        <div class=\"ngg-gallery-thumbnail\">\n            <a href=\"http:\/\/www.karate-neuhofen.at\/wp-content\/gallery\/10-sommercamp-2018\/Sommercamp20181620.JPG\"\n               title=\"\"\n               data-src=\"http:\/\/www.karate-neuhofen.at\/wp-content\/gallery\/10-sommercamp-2018\/Sommercamp20181620.JPG\"\n               data-thumbnail=\"http:\/\/www.karate-neuhofen.at\/wp-content\/gallery\/10-sommercamp-2018\/thumbs\/thumbs_Sommercamp20181620.JPG\"\n               data-image-id=\"21356\"\n               data-title=\"Sommercamp2018(1620)\"\n               data-description=\"\"\n               data-image-slug=\"sommercamp20181620\"\n               class=\"shutterset_14ea2dae3d90de67c1fc228ab12416d8\">\n                <img\n                    title=\"Sommercamp2018(1620)\"\n                    alt=\"Sommercamp2018(1620)\"\n                    src=\"http:\/\/www.karate-neuhofen.at\/wp-content\/gallery\/10-sommercamp-2018\/thumbs\/thumbs_Sommercamp20181620.JPG\"\n                    width=\"240\"\n                    height=\"160\"\n                    style=\"max-width:100%;\"\n                \/>\n            <\/a>\n        <\/div>\n\t\t\t\t\t\t\t<\/div> \n\t\t\t\n        \n\t\t\t\t<div id=\"ngg-image-620\" class=\"ngg-gallery-thumbnail-box\" >\n\t\t\t\t        <div class=\"ngg-gallery-thumbnail\">\n            <a href=\"http:\/\/www.karate-neuhofen.at\/wp-content\/gallery\/10-sommercamp-2018\/Sommercamp20181621.JPG\"\n               title=\"\"\n               data-src=\"http:\/\/www.karate-neuhofen.at\/wp-content\/gallery\/10-sommercamp-2018\/Sommercamp20181621.JPG\"\n               data-thumbnail=\"http:\/\/www.karate-neuhofen.at\/wp-content\/gallery\/10-sommercamp-2018\/thumbs\/thumbs_Sommercamp20181621.JPG\"\n               data-image-id=\"21357\"\n               data-title=\"Sommercamp2018(1621)\"\n               data-description=\"\"\n               data-image-slug=\"sommercamp20181621\"\n               class=\"shutterset_14ea2dae3d90de67c1fc228ab12416d8\">\n                <img\n                    title=\"Sommercamp2018(1621)\"\n                    alt=\"Sommercamp2018(1621)\"\n                    src=\"http:\/\/www.karate-neuhofen.at\/wp-content\/gallery\/10-sommercamp-2018\/thumbs\/thumbs_Sommercamp20181621.JPG\"\n                    width=\"240\"\n                    height=\"160\"\n                    style=\"max-width:100%;\"\n                \/>\n            <\/a>\n        <\/div>\n\t\t\t\t\t\t\t<\/div> \n\t\t\t\n        \n\t\t\t\t<div id=\"ngg-image-621\" class=\"ngg-gallery-thumbnail-box\" >\n\t\t\t\t        <div class=\"ngg-gallery-thumbnail\">\n            <a href=\"http:\/\/www.karate-neuhofen.at\/wp-content\/gallery\/10-sommercamp-2018\/Sommercamp20181622.JPG\"\n               title=\"\"\n               data-src=\"http:\/\/www.karate-neuhofen.at\/wp-content\/gallery\/10-sommercamp-2018\/Sommercamp20181622.JPG\"\n               data-thumbnail=\"http:\/\/www.karate-neuhofen.at\/wp-content\/gallery\/10-sommercamp-2018\/thumbs\/thumbs_Sommercamp20181622.JPG\"\n               data-image-id=\"21358\"\n               data-title=\"Sommercamp2018(1622)\"\n               data-description=\"\"\n               data-image-slug=\"sommercamp20181622\"\n               class=\"shutterset_14ea2dae3d90de67c1fc228ab12416d8\">\n                <img\n                    title=\"Sommercamp2018(1622)\"\n                    alt=\"Sommercamp2018(1622)\"\n                    src=\"http:\/\/www.karate-neuhofen.at\/wp-content\/gallery\/10-sommercamp-2018\/thumbs\/thumbs_Sommercamp20181622.JPG\"\n                    width=\"240\"\n                    height=\"160\"\n                    style=\"max-width:100%;\"\n                \/>\n            <\/a>\n        <\/div>\n\t\t\t\t\t\t\t<\/div> \n\t\t\t\n        \n\t\t\t\t<div id=\"ngg-image-622\" class=\"ngg-gallery-thumbnail-box\" >\n\t\t\t\t        <div class=\"ngg-gallery-thumbnail\">\n            <a href=\"http:\/\/www.karate-neuhofen.at\/wp-content\/gallery\/10-sommercamp-2018\/Sommercamp20181623.JPG\"\n               title=\"\"\n               data-src=\"http:\/\/www.karate-neuhofen.at\/wp-content\/gallery\/10-sommercamp-2018\/Sommercamp20181623.JPG\"\n               data-thumbnail=\"http:\/\/www.karate-neuhofen.at\/wp-content\/gallery\/10-sommercamp-2018\/thumbs\/thumbs_Sommercamp20181623.JPG\"\n               data-image-id=\"21359\"\n               data-title=\"Sommercamp2018(1623)\"\n               data-description=\"\"\n               data-image-slug=\"sommercamp20181623\"\n               class=\"shutterset_14ea2dae3d90de67c1fc228ab12416d8\">\n                <img\n                    title=\"Sommercamp2018(1623)\"\n                    alt=\"Sommercamp2018(1623)\"\n                    src=\"http:\/\/www.karate-neuhofen.at\/wp-content\/gallery\/10-sommercamp-2018\/thumbs\/thumbs_Sommercamp20181623.JPG\"\n                    width=\"240\"\n                    height=\"160\"\n                    style=\"max-width:100%;\"\n                \/>\n            <\/a>\n        <\/div>\n\t\t\t\t\t\t\t<\/div> \n\t\t\t\n        \n\t\t\t\t<div id=\"ngg-image-623\" class=\"ngg-gallery-thumbnail-box\" >\n\t\t\t\t        <div class=\"ngg-gallery-thumbnail\">\n            <a href=\"http:\/\/www.karate-neuhofen.at\/wp-content\/gallery\/10-sommercamp-2018\/Sommercamp20181624.JPG\"\n               title=\"\"\n               data-src=\"http:\/\/www.karate-neuhofen.at\/wp-content\/gallery\/10-sommercamp-2018\/Sommercamp20181624.JPG\"\n               data-thumbnail=\"http:\/\/www.karate-neuhofen.at\/wp-content\/gallery\/10-sommercamp-2018\/thumbs\/thumbs_Sommercamp20181624.JPG\"\n               data-image-id=\"21360\"\n               data-title=\"Sommercamp2018(1624)\"\n               data-description=\"\"\n               data-image-slug=\"sommercamp20181624\"\n               class=\"shutterset_14ea2dae3d90de67c1fc228ab12416d8\">\n                <img\n                    title=\"Sommercamp2018(1624)\"\n                    alt=\"Sommercamp2018(1624)\"\n                    src=\"http:\/\/www.karate-neuhofen.at\/wp-content\/gallery\/10-sommercamp-2018\/thumbs\/thumbs_Sommercamp20181624.JPG\"\n                    width=\"240\"\n                    height=\"160\"\n                    style=\"max-width:100%;\"\n                \/>\n            <\/a>\n        <\/div>\n\t\t\t\t\t\t\t<\/div> \n\t\t\t\n        \n\t\t\t\t<div id=\"ngg-image-624\" class=\"ngg-gallery-thumbnail-box\" >\n\t\t\t\t        <div class=\"ngg-gallery-thumbnail\">\n            <a href=\"http:\/\/www.karate-neuhofen.at\/wp-content\/gallery\/10-sommercamp-2018\/Sommercamp20181625.JPG\"\n               title=\"\"\n               data-src=\"http:\/\/www.karate-neuhofen.at\/wp-content\/gallery\/10-sommercamp-2018\/Sommercamp20181625.JPG\"\n               data-thumbnail=\"http:\/\/www.karate-neuhofen.at\/wp-content\/gallery\/10-sommercamp-2018\/thumbs\/thumbs_Sommercamp20181625.JPG\"\n               data-image-id=\"21361\"\n               data-title=\"Sommercamp2018(1625)\"\n               data-description=\"\"\n               data-image-slug=\"sommercamp20181625\"\n               class=\"shutterset_14ea2dae3d90de67c1fc228ab12416d8\">\n                <img\n                    title=\"Sommercamp2018(1625)\"\n                    alt=\"Sommercamp2018(1625)\"\n                    src=\"http:\/\/www.karate-neuhofen.at\/wp-content\/gallery\/10-sommercamp-2018\/thumbs\/thumbs_Sommercamp20181625.JPG\"\n                    width=\"240\"\n                    height=\"160\"\n                    style=\"max-width:100%;\"\n                \/>\n            <\/a>\n        <\/div>\n\t\t\t\t\t\t\t<\/div> \n\t\t\t\n        \n\t\t\t\t<div id=\"ngg-image-625\" class=\"ngg-gallery-thumbnail-box\" >\n\t\t\t\t        <div class=\"ngg-gallery-thumbnail\">\n            <a href=\"http:\/\/www.karate-neuhofen.at\/wp-content\/gallery\/10-sommercamp-2018\/Sommercamp20181626.JPG\"\n               title=\"\"\n               data-src=\"http:\/\/www.karate-neuhofen.at\/wp-content\/gallery\/10-sommercamp-2018\/Sommercamp20181626.JPG\"\n               data-thumbnail=\"http:\/\/www.karate-neuhofen.at\/wp-content\/gallery\/10-sommercamp-2018\/thumbs\/thumbs_Sommercamp20181626.JPG\"\n               data-image-id=\"21362\"\n               data-title=\"Sommercamp2018(1626)\"\n               data-description=\"\"\n               data-image-slug=\"sommercamp20181626\"\n               class=\"shutterset_14ea2dae3d90de67c1fc228ab12416d8\">\n                <img\n                    title=\"Sommercamp2018(1626)\"\n                    alt=\"Sommercamp2018(1626)\"\n                    src=\"http:\/\/www.karate-neuhofen.at\/wp-content\/gallery\/10-sommercamp-2018\/thumbs\/thumbs_Sommercamp20181626.JPG\"\n                    width=\"240\"\n                    height=\"160\"\n                    style=\"max-width:100%;\"\n                \/>\n            <\/a>\n        <\/div>\n\t\t\t\t\t\t\t<\/div> \n\t\t\t\n        \n\t\t\t\t<div id=\"ngg-image-626\" class=\"ngg-gallery-thumbnail-box\" >\n\t\t\t\t        <div class=\"ngg-gallery-thumbnail\">\n            <a href=\"http:\/\/www.karate-neuhofen.at\/wp-content\/gallery\/10-sommercamp-2018\/Sommercamp20181627.JPG\"\n               title=\"\"\n               data-src=\"http:\/\/www.karate-neuhofen.at\/wp-content\/gallery\/10-sommercamp-2018\/Sommercamp20181627.JPG\"\n               data-thumbnail=\"http:\/\/www.karate-neuhofen.at\/wp-content\/gallery\/10-sommercamp-2018\/thumbs\/thumbs_Sommercamp20181627.JPG\"\n               data-image-id=\"21363\"\n               data-title=\"Sommercamp2018(1627)\"\n               data-description=\"\"\n               data-image-slug=\"sommercamp20181627\"\n               class=\"shutterset_14ea2dae3d90de67c1fc228ab12416d8\">\n                <img\n                    title=\"Sommercamp2018(1627)\"\n                    alt=\"Sommercamp2018(1627)\"\n                    src=\"http:\/\/www.karate-neuhofen.at\/wp-content\/gallery\/10-sommercamp-2018\/thumbs\/thumbs_Sommercamp20181627.JPG\"\n                    width=\"240\"\n                    height=\"160\"\n                    style=\"max-width:100%;\"\n                \/>\n            <\/a>\n        <\/div>\n\t\t\t\t\t\t\t<\/div> \n\t\t\t\n        \n\t\t\t\t<div id=\"ngg-image-627\" class=\"ngg-gallery-thumbnail-box\" >\n\t\t\t\t        <div class=\"ngg-gallery-thumbnail\">\n            <a href=\"http:\/\/www.karate-neuhofen.at\/wp-content\/gallery\/10-sommercamp-2018\/Sommercamp20181628.JPG\"\n               title=\"\"\n               data-src=\"http:\/\/www.karate-neuhofen.at\/wp-content\/gallery\/10-sommercamp-2018\/Sommercamp20181628.JPG\"\n               data-thumbnail=\"http:\/\/www.karate-neuhofen.at\/wp-content\/gallery\/10-sommercamp-2018\/thumbs\/thumbs_Sommercamp20181628.JPG\"\n               data-image-id=\"21364\"\n               data-title=\"Sommercamp2018(1628)\"\n               data-description=\"\"\n               data-image-slug=\"sommercamp20181628\"\n               class=\"shutterset_14ea2dae3d90de67c1fc228ab12416d8\">\n                <img\n                    title=\"Sommercamp2018(1628)\"\n                    alt=\"Sommercamp2018(1628)\"\n                    src=\"http:\/\/www.karate-neuhofen.at\/wp-content\/gallery\/10-sommercamp-2018\/thumbs\/thumbs_Sommercamp20181628.JPG\"\n                    width=\"240\"\n                    height=\"160\"\n                    style=\"max-width:100%;\"\n                \/>\n            <\/a>\n        <\/div>\n\t\t\t\t\t\t\t<\/div> \n\t\t\t\n        \n\t\t\t\t<div id=\"ngg-image-628\" class=\"ngg-gallery-thumbnail-box\" >\n\t\t\t\t        <div class=\"ngg-gallery-thumbnail\">\n            <a href=\"http:\/\/www.karate-neuhofen.at\/wp-content\/gallery\/10-sommercamp-2018\/Sommercamp20181629.JPG\"\n               title=\"\"\n               data-src=\"http:\/\/www.karate-neuhofen.at\/wp-content\/gallery\/10-sommercamp-2018\/Sommercamp20181629.JPG\"\n               data-thumbnail=\"http:\/\/www.karate-neuhofen.at\/wp-content\/gallery\/10-sommercamp-2018\/thumbs\/thumbs_Sommercamp20181629.JPG\"\n               data-image-id=\"21365\"\n               data-title=\"Sommercamp2018(1629)\"\n               data-description=\"\"\n               data-image-slug=\"sommercamp20181629\"\n               class=\"shutterset_14ea2dae3d90de67c1fc228ab12416d8\">\n                <img\n                    title=\"Sommercamp2018(1629)\"\n                    alt=\"Sommercamp2018(1629)\"\n                    src=\"http:\/\/www.karate-neuhofen.at\/wp-content\/gallery\/10-sommercamp-2018\/thumbs\/thumbs_Sommercamp20181629.JPG\"\n                    width=\"240\"\n                    height=\"160\"\n                    style=\"max-width:100%;\"\n                \/>\n            <\/a>\n        <\/div>\n\t\t\t\t\t\t\t<\/div> \n\t\t\t\n        \n\t\t\t\t<div id=\"ngg-image-629\" class=\"ngg-gallery-thumbnail-box\" >\n\t\t\t\t        <div class=\"ngg-gallery-thumbnail\">\n            <a href=\"http:\/\/www.karate-neuhofen.at\/wp-content\/gallery\/10-sommercamp-2018\/Sommercamp20181630.JPG\"\n               title=\"\"\n               data-src=\"http:\/\/www.karate-neuhofen.at\/wp-content\/gallery\/10-sommercamp-2018\/Sommercamp20181630.JPG\"\n               data-thumbnail=\"http:\/\/www.karate-neuhofen.at\/wp-content\/gallery\/10-sommercamp-2018\/thumbs\/thumbs_Sommercamp20181630.JPG\"\n               data-image-id=\"21366\"\n               data-title=\"Sommercamp2018(1630)\"\n               data-description=\"\"\n               data-image-slug=\"sommercamp20181630\"\n               class=\"shutterset_14ea2dae3d90de67c1fc228ab12416d8\">\n                <img\n                    title=\"Sommercamp2018(1630)\"\n                    alt=\"Sommercamp2018(1630)\"\n                    src=\"http:\/\/www.karate-neuhofen.at\/wp-content\/gallery\/10-sommercamp-2018\/thumbs\/thumbs_Sommercamp20181630.JPG\"\n                    width=\"240\"\n                    height=\"160\"\n                    style=\"max-width:100%;\"\n                \/>\n            <\/a>\n        <\/div>\n\t\t\t\t\t\t\t<\/div> \n\t\t\t\n        \n\t\t\t\t<div id=\"ngg-image-630\" class=\"ngg-gallery-thumbnail-box\" >\n\t\t\t\t        <div class=\"ngg-gallery-thumbnail\">\n            <a href=\"http:\/\/www.karate-neuhofen.at\/wp-content\/gallery\/10-sommercamp-2018\/Sommercamp20181631.JPG\"\n               title=\"\"\n               data-src=\"http:\/\/www.karate-neuhofen.at\/wp-content\/gallery\/10-sommercamp-2018\/Sommercamp20181631.JPG\"\n               data-thumbnail=\"http:\/\/www.karate-neuhofen.at\/wp-content\/gallery\/10-sommercamp-2018\/thumbs\/thumbs_Sommercamp20181631.JPG\"\n               data-image-id=\"21367\"\n               data-title=\"Sommercamp2018(1631)\"\n               data-description=\"\"\n               data-image-slug=\"sommercamp20181631\"\n               class=\"shutterset_14ea2dae3d90de67c1fc228ab12416d8\">\n                <img\n                    title=\"Sommercamp2018(1631)\"\n                    alt=\"Sommercamp2018(1631)\"\n                    src=\"http:\/\/www.karate-neuhofen.at\/wp-content\/gallery\/10-sommercamp-2018\/thumbs\/thumbs_Sommercamp20181631.JPG\"\n                    width=\"240\"\n                    height=\"160\"\n                    style=\"max-width:100%;\"\n                \/>\n            <\/a>\n        <\/div>\n\t\t\t\t\t\t\t<\/div> \n\t\t\t\n        \n\t\t\t\t<div id=\"ngg-image-631\" class=\"ngg-gallery-thumbnail-box\" >\n\t\t\t\t        <div class=\"ngg-gallery-thumbnail\">\n            <a href=\"http:\/\/www.karate-neuhofen.at\/wp-content\/gallery\/10-sommercamp-2018\/Sommercamp20181632.JPG\"\n               title=\"\"\n               data-src=\"http:\/\/www.karate-neuhofen.at\/wp-content\/gallery\/10-sommercamp-2018\/Sommercamp20181632.JPG\"\n               data-thumbnail=\"http:\/\/www.karate-neuhofen.at\/wp-content\/gallery\/10-sommercamp-2018\/thumbs\/thumbs_Sommercamp20181632.JPG\"\n               data-image-id=\"21368\"\n               data-title=\"Sommercamp2018(1632)\"\n               data-description=\"\"\n               data-image-slug=\"sommercamp20181632\"\n               class=\"shutterset_14ea2dae3d90de67c1fc228ab12416d8\">\n                <img\n                    title=\"Sommercamp2018(1632)\"\n                    alt=\"Sommercamp2018(1632)\"\n                    src=\"http:\/\/www.karate-neuhofen.at\/wp-content\/gallery\/10-sommercamp-2018\/thumbs\/thumbs_Sommercamp20181632.JPG\"\n                    width=\"240\"\n                    height=\"160\"\n                    style=\"max-width:100%;\"\n                \/>\n            <\/a>\n        <\/div>\n\t\t\t\t\t\t\t<\/div> \n\t\t\t\n        \n\t\t\t\t<div id=\"ngg-image-632\" class=\"ngg-gallery-thumbnail-box\" >\n\t\t\t\t        <div class=\"ngg-gallery-thumbnail\">\n            <a href=\"http:\/\/www.karate-neuhofen.at\/wp-content\/gallery\/10-sommercamp-2018\/Sommercamp20181633.JPG\"\n               title=\"\"\n               data-src=\"http:\/\/www.karate-neuhofen.at\/wp-content\/gallery\/10-sommercamp-2018\/Sommercamp20181633.JPG\"\n               data-thumbnail=\"http:\/\/www.karate-neuhofen.at\/wp-content\/gallery\/10-sommercamp-2018\/thumbs\/thumbs_Sommercamp20181633.JPG\"\n               data-image-id=\"21369\"\n               data-title=\"Sommercamp2018(1633)\"\n               data-description=\"\"\n               data-image-slug=\"sommercamp20181633\"\n               class=\"shutterset_14ea2dae3d90de67c1fc228ab12416d8\">\n                <img\n                    title=\"Sommercamp2018(1633)\"\n                    alt=\"Sommercamp2018(1633)\"\n                    src=\"http:\/\/www.karate-neuhofen.at\/wp-content\/gallery\/10-sommercamp-2018\/thumbs\/thumbs_Sommercamp20181633.JPG\"\n                    width=\"240\"\n                    height=\"160\"\n                    style=\"max-width:100%;\"\n                \/>\n            <\/a>\n        <\/div>\n\t\t\t\t\t\t\t<\/div> \n\t\t\t\n        \n\t\t\t\t<div id=\"ngg-image-633\" class=\"ngg-gallery-thumbnail-box\" >\n\t\t\t\t        <div class=\"ngg-gallery-thumbnail\">\n            <a href=\"http:\/\/www.karate-neuhofen.at\/wp-content\/gallery\/10-sommercamp-2018\/Sommercamp20181634.JPG\"\n               title=\"\"\n               data-src=\"http:\/\/www.karate-neuhofen.at\/wp-content\/gallery\/10-sommercamp-2018\/Sommercamp20181634.JPG\"\n               data-thumbnail=\"http:\/\/www.karate-neuhofen.at\/wp-content\/gallery\/10-sommercamp-2018\/thumbs\/thumbs_Sommercamp20181634.JPG\"\n               data-image-id=\"21370\"\n               data-title=\"Sommercamp2018(1634)\"\n               data-description=\"\"\n               data-image-slug=\"sommercamp20181634\"\n               class=\"shutterset_14ea2dae3d90de67c1fc228ab12416d8\">\n                <img\n                    title=\"Sommercamp2018(1634)\"\n                    alt=\"Sommercamp2018(1634)\"\n                    src=\"http:\/\/www.karate-neuhofen.at\/wp-content\/gallery\/10-sommercamp-2018\/thumbs\/thumbs_Sommercamp20181634.JPG\"\n                    width=\"240\"\n                    height=\"160\"\n                    style=\"max-width:100%;\"\n                \/>\n            <\/a>\n        <\/div>\n\t\t\t\t\t\t\t<\/div> \n\t\t\t\n        \n\t\t\t\t<div id=\"ngg-image-634\" class=\"ngg-gallery-thumbnail-box\" >\n\t\t\t\t        <div class=\"ngg-gallery-thumbnail\">\n            <a href=\"http:\/\/www.karate-neuhofen.at\/wp-content\/gallery\/10-sommercamp-2018\/Sommercamp20181635.JPG\"\n               title=\"\"\n               data-src=\"http:\/\/www.karate-neuhofen.at\/wp-content\/gallery\/10-sommercamp-2018\/Sommercamp20181635.JPG\"\n               data-thumbnail=\"http:\/\/www.karate-neuhofen.at\/wp-content\/gallery\/10-sommercamp-2018\/thumbs\/thumbs_Sommercamp20181635.JPG\"\n               data-image-id=\"21371\"\n               data-title=\"Sommercamp2018(1635)\"\n               data-description=\"\"\n               data-image-slug=\"sommercamp20181635\"\n               class=\"shutterset_14ea2dae3d90de67c1fc228ab12416d8\">\n                <img\n                    title=\"Sommercamp2018(1635)\"\n                    alt=\"Sommercamp2018(1635)\"\n                    src=\"http:\/\/www.karate-neuhofen.at\/wp-content\/gallery\/10-sommercamp-2018\/thumbs\/thumbs_Sommercamp20181635.JPG\"\n                    width=\"240\"\n                    height=\"160\"\n                    style=\"max-width:100%;\"\n                \/>\n            <\/a>\n        <\/div>\n\t\t\t\t\t\t\t<\/div> \n\t\t\t\n        \n\t\t\t\t<div id=\"ngg-image-635\" class=\"ngg-gallery-thumbnail-box\" >\n\t\t\t\t        <div class=\"ngg-gallery-thumbnail\">\n            <a href=\"http:\/\/www.karate-neuhofen.at\/wp-content\/gallery\/10-sommercamp-2018\/Sommercamp20181636.JPG\"\n               title=\"\"\n               data-src=\"http:\/\/www.karate-neuhofen.at\/wp-content\/gallery\/10-sommercamp-2018\/Sommercamp20181636.JPG\"\n               data-thumbnail=\"http:\/\/www.karate-neuhofen.at\/wp-content\/gallery\/10-sommercamp-2018\/thumbs\/thumbs_Sommercamp20181636.JPG\"\n               data-image-id=\"21372\"\n               data-title=\"Sommercamp2018(1636)\"\n               data-description=\"\"\n               data-image-slug=\"sommercamp20181636\"\n               class=\"shutterset_14ea2dae3d90de67c1fc228ab12416d8\">\n                <img\n                    title=\"Sommercamp2018(1636)\"\n                    alt=\"Sommercamp2018(1636)\"\n                    src=\"http:\/\/www.karate-neuhofen.at\/wp-content\/gallery\/10-sommercamp-2018\/thumbs\/thumbs_Sommercamp20181636.JPG\"\n                    width=\"240\"\n                    height=\"160\"\n                    style=\"max-width:100%;\"\n                \/>\n            <\/a>\n        <\/div>\n\t\t\t\t\t\t\t<\/div> \n\t\t\t\n        \n\t\t\t\t<div id=\"ngg-image-636\" class=\"ngg-gallery-thumbnail-box\" >\n\t\t\t\t        <div class=\"ngg-gallery-thumbnail\">\n            <a href=\"http:\/\/www.karate-neuhofen.at\/wp-content\/gallery\/10-sommercamp-2018\/Sommercamp20181637.JPG\"\n               title=\"\"\n               data-src=\"http:\/\/www.karate-neuhofen.at\/wp-content\/gallery\/10-sommercamp-2018\/Sommercamp20181637.JPG\"\n               data-thumbnail=\"http:\/\/www.karate-neuhofen.at\/wp-content\/gallery\/10-sommercamp-2018\/thumbs\/thumbs_Sommercamp20181637.JPG\"\n               data-image-id=\"21373\"\n               data-title=\"Sommercamp2018(1637)\"\n               data-description=\"\"\n               data-image-slug=\"sommercamp20181637\"\n               class=\"shutterset_14ea2dae3d90de67c1fc228ab12416d8\">\n                <img\n                    title=\"Sommercamp2018(1637)\"\n                    alt=\"Sommercamp2018(1637)\"\n                    src=\"http:\/\/www.karate-neuhofen.at\/wp-content\/gallery\/10-sommercamp-2018\/thumbs\/thumbs_Sommercamp20181637.JPG\"\n                    width=\"240\"\n                    height=\"160\"\n                    style=\"max-width:100%;\"\n                \/>\n            <\/a>\n        <\/div>\n\t\t\t\t\t\t\t<\/div> \n\t\t\t\n        \n\t\t\t\t<div id=\"ngg-image-637\" class=\"ngg-gallery-thumbnail-box\" >\n\t\t\t\t        <div class=\"ngg-gallery-thumbnail\">\n            <a href=\"http:\/\/www.karate-neuhofen.at\/wp-content\/gallery\/10-sommercamp-2018\/Sommercamp20181638.JPG\"\n               title=\"\"\n               data-src=\"http:\/\/www.karate-neuhofen.at\/wp-content\/gallery\/10-sommercamp-2018\/Sommercamp20181638.JPG\"\n               data-thumbnail=\"http:\/\/www.karate-neuhofen.at\/wp-content\/gallery\/10-sommercamp-2018\/thumbs\/thumbs_Sommercamp20181638.JPG\"\n               data-image-id=\"21374\"\n               data-title=\"Sommercamp2018(1638)\"\n               data-description=\"\"\n               data-image-slug=\"sommercamp20181638\"\n               class=\"shutterset_14ea2dae3d90de67c1fc228ab12416d8\">\n                <img\n                    title=\"Sommercamp2018(1638)\"\n                    alt=\"Sommercamp2018(1638)\"\n                    src=\"http:\/\/www.karate-neuhofen.at\/wp-content\/gallery\/10-sommercamp-2018\/thumbs\/thumbs_Sommercamp20181638.JPG\"\n                    width=\"240\"\n                    height=\"160\"\n                    style=\"max-width:100%;\"\n                \/>\n            <\/a>\n        <\/div>\n\t\t\t\t\t\t\t<\/div> \n\t\t\t\n        \n\t\t\t\t<div id=\"ngg-image-638\" class=\"ngg-gallery-thumbnail-box\" >\n\t\t\t\t        <div class=\"ngg-gallery-thumbnail\">\n            <a href=\"http:\/\/www.karate-neuhofen.at\/wp-content\/gallery\/10-sommercamp-2018\/Sommercamp20181639.JPG\"\n               title=\"\"\n               data-src=\"http:\/\/www.karate-neuhofen.at\/wp-content\/gallery\/10-sommercamp-2018\/Sommercamp20181639.JPG\"\n               data-thumbnail=\"http:\/\/www.karate-neuhofen.at\/wp-content\/gallery\/10-sommercamp-2018\/thumbs\/thumbs_Sommercamp20181639.JPG\"\n               data-image-id=\"21375\"\n               data-title=\"Sommercamp2018(1639)\"\n               data-description=\"\"\n               data-image-slug=\"sommercamp20181639\"\n               class=\"shutterset_14ea2dae3d90de67c1fc228ab12416d8\">\n                <img\n                    title=\"Sommercamp2018(1639)\"\n                    alt=\"Sommercamp2018(1639)\"\n                    src=\"http:\/\/www.karate-neuhofen.at\/wp-content\/gallery\/10-sommercamp-2018\/thumbs\/thumbs_Sommercamp20181639.JPG\"\n                    width=\"240\"\n                    height=\"160\"\n                    style=\"max-width:100%;\"\n                \/>\n            <\/a>\n        <\/div>\n\t\t\t\t\t\t\t<\/div> \n\t\t\t\n        \n\t\t\t\t<div id=\"ngg-image-639\" class=\"ngg-gallery-thumbnail-box\" >\n\t\t\t\t        <div class=\"ngg-gallery-thumbnail\">\n            <a href=\"http:\/\/www.karate-neuhofen.at\/wp-content\/gallery\/10-sommercamp-2018\/Sommercamp20181640.JPG\"\n               title=\"\"\n               data-src=\"http:\/\/www.karate-neuhofen.at\/wp-content\/gallery\/10-sommercamp-2018\/Sommercamp20181640.JPG\"\n               data-thumbnail=\"http:\/\/www.karate-neuhofen.at\/wp-content\/gallery\/10-sommercamp-2018\/thumbs\/thumbs_Sommercamp20181640.JPG\"\n               data-image-id=\"21376\"\n               data-title=\"Sommercamp2018(1640)\"\n               data-description=\"\"\n               data-image-slug=\"sommercamp20181640\"\n               class=\"shutterset_14ea2dae3d90de67c1fc228ab12416d8\">\n                <img\n                    title=\"Sommercamp2018(1640)\"\n                    alt=\"Sommercamp2018(1640)\"\n                    src=\"http:\/\/www.karate-neuhofen.at\/wp-content\/gallery\/10-sommercamp-2018\/thumbs\/thumbs_Sommercamp20181640.JPG\"\n                    width=\"240\"\n                    height=\"160\"\n                    style=\"max-width:100%;\"\n                \/>\n            <\/a>\n        <\/div>\n\t\t\t\t\t\t\t<\/div> \n\t\t\t\n        \n\t\t\t\t<div id=\"ngg-image-640\" class=\"ngg-gallery-thumbnail-box\" >\n\t\t\t\t        <div class=\"ngg-gallery-thumbnail\">\n            <a href=\"http:\/\/www.karate-neuhofen.at\/wp-content\/gallery\/10-sommercamp-2018\/Sommercamp20181641.JPG\"\n               title=\"\"\n               data-src=\"http:\/\/www.karate-neuhofen.at\/wp-content\/gallery\/10-sommercamp-2018\/Sommercamp20181641.JPG\"\n               data-thumbnail=\"http:\/\/www.karate-neuhofen.at\/wp-content\/gallery\/10-sommercamp-2018\/thumbs\/thumbs_Sommercamp20181641.JPG\"\n               data-image-id=\"21377\"\n               data-title=\"Sommercamp2018(1641)\"\n               data-description=\"\"\n               data-image-slug=\"sommercamp20181641\"\n               class=\"shutterset_14ea2dae3d90de67c1fc228ab12416d8\">\n                <img\n                    title=\"Sommercamp2018(1641)\"\n                    alt=\"Sommercamp2018(1641)\"\n                    src=\"http:\/\/www.karate-neuhofen.at\/wp-content\/gallery\/10-sommercamp-2018\/thumbs\/thumbs_Sommercamp20181641.JPG\"\n                    width=\"240\"\n                    height=\"160\"\n                    style=\"max-width:100%;\"\n                \/>\n            <\/a>\n        <\/div>\n\t\t\t\t\t\t\t<\/div> \n\t\t\t\n        \n\t\t\t\t<div id=\"ngg-image-641\" class=\"ngg-gallery-thumbnail-box\" >\n\t\t\t\t        <div class=\"ngg-gallery-thumbnail\">\n            <a href=\"http:\/\/www.karate-neuhofen.at\/wp-content\/gallery\/10-sommercamp-2018\/Sommercamp20181642.JPG\"\n               title=\"\"\n               data-src=\"http:\/\/www.karate-neuhofen.at\/wp-content\/gallery\/10-sommercamp-2018\/Sommercamp20181642.JPG\"\n               data-thumbnail=\"http:\/\/www.karate-neuhofen.at\/wp-content\/gallery\/10-sommercamp-2018\/thumbs\/thumbs_Sommercamp20181642.JPG\"\n               data-image-id=\"21378\"\n               data-title=\"Sommercamp2018(1642)\"\n               data-description=\"\"\n               data-image-slug=\"sommercamp20181642\"\n               class=\"shutterset_14ea2dae3d90de67c1fc228ab12416d8\">\n                <img\n                    title=\"Sommercamp2018(1642)\"\n                    alt=\"Sommercamp2018(1642)\"\n                    src=\"http:\/\/www.karate-neuhofen.at\/wp-content\/gallery\/10-sommercamp-2018\/thumbs\/thumbs_Sommercamp20181642.JPG\"\n                    width=\"240\"\n                    height=\"160\"\n                    style=\"max-width:100%;\"\n                \/>\n            <\/a>\n        <\/div>\n\t\t\t\t\t\t\t<\/div> \n\t\t\t\n        \n\t\t\t\t<div id=\"ngg-image-642\" class=\"ngg-gallery-thumbnail-box\" >\n\t\t\t\t        <div class=\"ngg-gallery-thumbnail\">\n            <a href=\"http:\/\/www.karate-neuhofen.at\/wp-content\/gallery\/10-sommercamp-2018\/Sommercamp20181643.JPG\"\n               title=\"\"\n               data-src=\"http:\/\/www.karate-neuhofen.at\/wp-content\/gallery\/10-sommercamp-2018\/Sommercamp20181643.JPG\"\n               data-thumbnail=\"http:\/\/www.karate-neuhofen.at\/wp-content\/gallery\/10-sommercamp-2018\/thumbs\/thumbs_Sommercamp20181643.JPG\"\n               data-image-id=\"21379\"\n               data-title=\"Sommercamp2018(1643)\"\n               data-description=\"\"\n               data-image-slug=\"sommercamp20181643\"\n               class=\"shutterset_14ea2dae3d90de67c1fc228ab12416d8\">\n                <img\n                    title=\"Sommercamp2018(1643)\"\n                    alt=\"Sommercamp2018(1643)\"\n                    src=\"http:\/\/www.karate-neuhofen.at\/wp-content\/gallery\/10-sommercamp-2018\/thumbs\/thumbs_Sommercamp20181643.JPG\"\n                    width=\"240\"\n                    height=\"160\"\n                    style=\"max-width:100%;\"\n                \/>\n            <\/a>\n        <\/div>\n\t\t\t\t\t\t\t<\/div> \n\t\t\t\n        \n\t\t\t\t<div id=\"ngg-image-643\" class=\"ngg-gallery-thumbnail-box\" >\n\t\t\t\t        <div class=\"ngg-gallery-thumbnail\">\n            <a href=\"http:\/\/www.karate-neuhofen.at\/wp-content\/gallery\/10-sommercamp-2018\/Sommercamp20181644.JPG\"\n               title=\"\"\n               data-src=\"http:\/\/www.karate-neuhofen.at\/wp-content\/gallery\/10-sommercamp-2018\/Sommercamp20181644.JPG\"\n               data-thumbnail=\"http:\/\/www.karate-neuhofen.at\/wp-content\/gallery\/10-sommercamp-2018\/thumbs\/thumbs_Sommercamp20181644.JPG\"\n               data-image-id=\"21380\"\n               data-title=\"Sommercamp2018(1644)\"\n               data-description=\"\"\n               data-image-slug=\"sommercamp20181644\"\n               class=\"shutterset_14ea2dae3d90de67c1fc228ab12416d8\">\n                <img\n                    title=\"Sommercamp2018(1644)\"\n                    alt=\"Sommercamp2018(1644)\"\n                    src=\"http:\/\/www.karate-neuhofen.at\/wp-content\/gallery\/10-sommercamp-2018\/thumbs\/thumbs_Sommercamp20181644.JPG\"\n                    width=\"240\"\n                    height=\"160\"\n                    style=\"max-width:100%;\"\n                \/>\n            <\/a>\n        <\/div>\n\t\t\t\t\t\t\t<\/div> \n\t\t\t\n        \n\t\t\t\t<div id=\"ngg-image-644\" class=\"ngg-gallery-thumbnail-box\" >\n\t\t\t\t        <div class=\"ngg-gallery-thumbnail\">\n            <a href=\"http:\/\/www.karate-neuhofen.at\/wp-content\/gallery\/10-sommercamp-2018\/Sommercamp20181645.JPG\"\n               title=\"\"\n               data-src=\"http:\/\/www.karate-neuhofen.at\/wp-content\/gallery\/10-sommercamp-2018\/Sommercamp20181645.JPG\"\n               data-thumbnail=\"http:\/\/www.karate-neuhofen.at\/wp-content\/gallery\/10-sommercamp-2018\/thumbs\/thumbs_Sommercamp20181645.JPG\"\n               data-image-id=\"21381\"\n               data-title=\"Sommercamp2018(1645)\"\n               data-description=\"\"\n               data-image-slug=\"sommercamp20181645\"\n               class=\"shutterset_14ea2dae3d90de67c1fc228ab12416d8\">\n                <img\n                    title=\"Sommercamp2018(1645)\"\n                    alt=\"Sommercamp2018(1645)\"\n                    src=\"http:\/\/www.karate-neuhofen.at\/wp-content\/gallery\/10-sommercamp-2018\/thumbs\/thumbs_Sommercamp20181645.JPG\"\n                    width=\"240\"\n                    height=\"160\"\n                    style=\"max-width:100%;\"\n                \/>\n            <\/a>\n        <\/div>\n\t\t\t\t\t\t\t<\/div> \n\t\t\t\n        \n\t\t\t\t<div id=\"ngg-image-645\" class=\"ngg-gallery-thumbnail-box\" >\n\t\t\t\t        <div class=\"ngg-gallery-thumbnail\">\n            <a href=\"http:\/\/www.karate-neuhofen.at\/wp-content\/gallery\/10-sommercamp-2018\/Sommercamp20181646.JPG\"\n               title=\"\"\n               data-src=\"http:\/\/www.karate-neuhofen.at\/wp-content\/gallery\/10-sommercamp-2018\/Sommercamp20181646.JPG\"\n               data-thumbnail=\"http:\/\/www.karate-neuhofen.at\/wp-content\/gallery\/10-sommercamp-2018\/thumbs\/thumbs_Sommercamp20181646.JPG\"\n               data-image-id=\"21382\"\n               data-title=\"Sommercamp2018(1646)\"\n               data-description=\"\"\n               data-image-slug=\"sommercamp20181646\"\n               class=\"shutterset_14ea2dae3d90de67c1fc228ab12416d8\">\n                <img\n                    title=\"Sommercamp2018(1646)\"\n                    alt=\"Sommercamp2018(1646)\"\n                    src=\"http:\/\/www.karate-neuhofen.at\/wp-content\/gallery\/10-sommercamp-2018\/thumbs\/thumbs_Sommercamp20181646.JPG\"\n                    width=\"240\"\n                    height=\"160\"\n                    style=\"max-width:100%;\"\n                \/>\n            <\/a>\n        <\/div>\n\t\t\t\t\t\t\t<\/div> \n\t\t\t\n        \n\t\t\t\t<div id=\"ngg-image-646\" class=\"ngg-gallery-thumbnail-box\" >\n\t\t\t\t        <div class=\"ngg-gallery-thumbnail\">\n            <a href=\"http:\/\/www.karate-neuhofen.at\/wp-content\/gallery\/10-sommercamp-2018\/Sommercamp20181647.JPG\"\n               title=\"\"\n               data-src=\"http:\/\/www.karate-neuhofen.at\/wp-content\/gallery\/10-sommercamp-2018\/Sommercamp20181647.JPG\"\n               data-thumbnail=\"http:\/\/www.karate-neuhofen.at\/wp-content\/gallery\/10-sommercamp-2018\/thumbs\/thumbs_Sommercamp20181647.JPG\"\n               data-image-id=\"21383\"\n               data-title=\"Sommercamp2018(1647)\"\n               data-description=\"\"\n               data-image-slug=\"sommercamp20181647\"\n               class=\"shutterset_14ea2dae3d90de67c1fc228ab12416d8\">\n                <img\n                    title=\"Sommercamp2018(1647)\"\n                    alt=\"Sommercamp2018(1647)\"\n                    src=\"http:\/\/www.karate-neuhofen.at\/wp-content\/gallery\/10-sommercamp-2018\/thumbs\/thumbs_Sommercamp20181647.JPG\"\n                    width=\"240\"\n                    height=\"160\"\n                    style=\"max-width:100%;\"\n                \/>\n            <\/a>\n        <\/div>\n\t\t\t\t\t\t\t<\/div> \n\t\t\t\n        \n\t\t\t\t<div id=\"ngg-image-647\" class=\"ngg-gallery-thumbnail-box\" >\n\t\t\t\t        <div class=\"ngg-gallery-thumbnail\">\n            <a href=\"http:\/\/www.karate-neuhofen.at\/wp-content\/gallery\/10-sommercamp-2018\/Sommercamp20181648.JPG\"\n               title=\"\"\n               data-src=\"http:\/\/www.karate-neuhofen.at\/wp-content\/gallery\/10-sommercamp-2018\/Sommercamp20181648.JPG\"\n               data-thumbnail=\"http:\/\/www.karate-neuhofen.at\/wp-content\/gallery\/10-sommercamp-2018\/thumbs\/thumbs_Sommercamp20181648.JPG\"\n               data-image-id=\"21384\"\n               data-title=\"Sommercamp2018(1648)\"\n               data-description=\"\"\n               data-image-slug=\"sommercamp20181648\"\n               class=\"shutterset_14ea2dae3d90de67c1fc228ab12416d8\">\n                <img\n                    title=\"Sommercamp2018(1648)\"\n                    alt=\"Sommercamp2018(1648)\"\n                    src=\"http:\/\/www.karate-neuhofen.at\/wp-content\/gallery\/10-sommercamp-2018\/thumbs\/thumbs_Sommercamp20181648.JPG\"\n                    width=\"240\"\n                    height=\"160\"\n                    style=\"max-width:100%;\"\n                \/>\n            <\/a>\n        <\/div>\n\t\t\t\t\t\t\t<\/div> \n\t\t\t\n        \n\t\t\t\t<div id=\"ngg-image-648\" class=\"ngg-gallery-thumbnail-box\" >\n\t\t\t\t        <div class=\"ngg-gallery-thumbnail\">\n            <a href=\"http:\/\/www.karate-neuhofen.at\/wp-content\/gallery\/10-sommercamp-2018\/Sommercamp20181649.JPG\"\n               title=\"\"\n               data-src=\"http:\/\/www.karate-neuhofen.at\/wp-content\/gallery\/10-sommercamp-2018\/Sommercamp20181649.JPG\"\n               data-thumbnail=\"http:\/\/www.karate-neuhofen.at\/wp-content\/gallery\/10-sommercamp-2018\/thumbs\/thumbs_Sommercamp20181649.JPG\"\n               data-image-id=\"21385\"\n               data-title=\"Sommercamp2018(1649)\"\n               data-description=\"\"\n               data-image-slug=\"sommercamp20181649\"\n               class=\"shutterset_14ea2dae3d90de67c1fc228ab12416d8\">\n                <img\n                    title=\"Sommercamp2018(1649)\"\n                    alt=\"Sommercamp2018(1649)\"\n                    src=\"http:\/\/www.karate-neuhofen.at\/wp-content\/gallery\/10-sommercamp-2018\/thumbs\/thumbs_Sommercamp20181649.JPG\"\n                    width=\"240\"\n                    height=\"160\"\n                    style=\"max-width:100%;\"\n                \/>\n            <\/a>\n        <\/div>\n\t\t\t\t\t\t\t<\/div> \n\t\t\t\n        \n\t\t\t\t<div id=\"ngg-image-649\" class=\"ngg-gallery-thumbnail-box\" >\n\t\t\t\t        <div class=\"ngg-gallery-thumbnail\">\n            <a href=\"http:\/\/www.karate-neuhofen.at\/wp-content\/gallery\/10-sommercamp-2018\/Sommercamp20181650.JPG\"\n               title=\"\"\n               data-src=\"http:\/\/www.karate-neuhofen.at\/wp-content\/gallery\/10-sommercamp-2018\/Sommercamp20181650.JPG\"\n               data-thumbnail=\"http:\/\/www.karate-neuhofen.at\/wp-content\/gallery\/10-sommercamp-2018\/thumbs\/thumbs_Sommercamp20181650.JPG\"\n               data-image-id=\"21386\"\n               data-title=\"Sommercamp2018(1650)\"\n               data-description=\"\"\n               data-image-slug=\"sommercamp20181650\"\n               class=\"shutterset_14ea2dae3d90de67c1fc228ab12416d8\">\n                <img\n                    title=\"Sommercamp2018(1650)\"\n                    alt=\"Sommercamp2018(1650)\"\n                    src=\"http:\/\/www.karate-neuhofen.at\/wp-content\/gallery\/10-sommercamp-2018\/thumbs\/thumbs_Sommercamp20181650.JPG\"\n                    width=\"240\"\n                    height=\"160\"\n                    style=\"max-width:100%;\"\n                \/>\n            <\/a>\n        <\/div>\n\t\t\t\t\t\t\t<\/div> \n\t\t\t\n        \n\t\t\t\t<div id=\"ngg-image-650\" class=\"ngg-gallery-thumbnail-box\" >\n\t\t\t\t        <div class=\"ngg-gallery-thumbnail\">\n            <a href=\"http:\/\/www.karate-neuhofen.at\/wp-content\/gallery\/10-sommercamp-2018\/Sommercamp20181651.JPG\"\n               title=\"\"\n               data-src=\"http:\/\/www.karate-neuhofen.at\/wp-content\/gallery\/10-sommercamp-2018\/Sommercamp20181651.JPG\"\n               data-thumbnail=\"http:\/\/www.karate-neuhofen.at\/wp-content\/gallery\/10-sommercamp-2018\/thumbs\/thumbs_Sommercamp20181651.JPG\"\n               data-image-id=\"21387\"\n               data-title=\"Sommercamp2018(1651)\"\n               data-description=\"\"\n               data-image-slug=\"sommercamp20181651\"\n               class=\"shutterset_14ea2dae3d90de67c1fc228ab12416d8\">\n                <img\n                    title=\"Sommercamp2018(1651)\"\n                    alt=\"Sommercamp2018(1651)\"\n                    src=\"http:\/\/www.karate-neuhofen.at\/wp-content\/gallery\/10-sommercamp-2018\/thumbs\/thumbs_Sommercamp20181651.JPG\"\n                    width=\"240\"\n                    height=\"160\"\n                    style=\"max-width:100%;\"\n                \/>\n            <\/a>\n        <\/div>\n\t\t\t\t\t\t\t<\/div> \n\t\t\t\n        \n\t\t\t\t<div id=\"ngg-image-651\" class=\"ngg-gallery-thumbnail-box\" >\n\t\t\t\t        <div class=\"ngg-gallery-thumbnail\">\n            <a href=\"http:\/\/www.karate-neuhofen.at\/wp-content\/gallery\/10-sommercamp-2018\/Sommercamp20181652.JPG\"\n               title=\"\"\n               data-src=\"http:\/\/www.karate-neuhofen.at\/wp-content\/gallery\/10-sommercamp-2018\/Sommercamp20181652.JPG\"\n               data-thumbnail=\"http:\/\/www.karate-neuhofen.at\/wp-content\/gallery\/10-sommercamp-2018\/thumbs\/thumbs_Sommercamp20181652.JPG\"\n               data-image-id=\"21388\"\n               data-title=\"Sommercamp2018(1652)\"\n               data-description=\"\"\n               data-image-slug=\"sommercamp20181652\"\n               class=\"shutterset_14ea2dae3d90de67c1fc228ab12416d8\">\n                <img\n                    title=\"Sommercamp2018(1652)\"\n                    alt=\"Sommercamp2018(1652)\"\n                    src=\"http:\/\/www.karate-neuhofen.at\/wp-content\/gallery\/10-sommercamp-2018\/thumbs\/thumbs_Sommercamp20181652.JPG\"\n                    width=\"240\"\n                    height=\"160\"\n                    style=\"max-width:100%;\"\n                \/>\n            <\/a>\n        <\/div>\n\t\t\t\t\t\t\t<\/div> \n\t\t\t\n        \n\t\t\t\t<div id=\"ngg-image-652\" class=\"ngg-gallery-thumbnail-box\" >\n\t\t\t\t        <div class=\"ngg-gallery-thumbnail\">\n            <a href=\"http:\/\/www.karate-neuhofen.at\/wp-content\/gallery\/10-sommercamp-2018\/Sommercamp20181653.JPG\"\n               title=\"\"\n               data-src=\"http:\/\/www.karate-neuhofen.at\/wp-content\/gallery\/10-sommercamp-2018\/Sommercamp20181653.JPG\"\n               data-thumbnail=\"http:\/\/www.karate-neuhofen.at\/wp-content\/gallery\/10-sommercamp-2018\/thumbs\/thumbs_Sommercamp20181653.JPG\"\n               data-image-id=\"21389\"\n               data-title=\"Sommercamp2018(1653)\"\n               data-description=\"\"\n               data-image-slug=\"sommercamp20181653\"\n               class=\"shutterset_14ea2dae3d90de67c1fc228ab12416d8\">\n                <img\n                    title=\"Sommercamp2018(1653)\"\n                    alt=\"Sommercamp2018(1653)\"\n                    src=\"http:\/\/www.karate-neuhofen.at\/wp-content\/gallery\/10-sommercamp-2018\/thumbs\/thumbs_Sommercamp20181653.JPG\"\n                    width=\"240\"\n                    height=\"160\"\n                    style=\"max-width:100%;\"\n                \/>\n            <\/a>\n        <\/div>\n\t\t\t\t\t\t\t<\/div> \n\t\t\t\n        \n\t\t\t\t<div id=\"ngg-image-653\" class=\"ngg-gallery-thumbnail-box\" >\n\t\t\t\t        <div class=\"ngg-gallery-thumbnail\">\n            <a href=\"http:\/\/www.karate-neuhofen.at\/wp-content\/gallery\/10-sommercamp-2018\/Sommercamp20181654.JPG\"\n               title=\"\"\n               data-src=\"http:\/\/www.karate-neuhofen.at\/wp-content\/gallery\/10-sommercamp-2018\/Sommercamp20181654.JPG\"\n               data-thumbnail=\"http:\/\/www.karate-neuhofen.at\/wp-content\/gallery\/10-sommercamp-2018\/thumbs\/thumbs_Sommercamp20181654.JPG\"\n               data-image-id=\"21390\"\n               data-title=\"Sommercamp2018(1654)\"\n               data-description=\"\"\n               data-image-slug=\"sommercamp20181654\"\n               class=\"shutterset_14ea2dae3d90de67c1fc228ab12416d8\">\n                <img\n                    title=\"Sommercamp2018(1654)\"\n                    alt=\"Sommercamp2018(1654)\"\n                    src=\"http:\/\/www.karate-neuhofen.at\/wp-content\/gallery\/10-sommercamp-2018\/thumbs\/thumbs_Sommercamp20181654.JPG\"\n                    width=\"240\"\n                    height=\"160\"\n                    style=\"max-width:100%;\"\n                \/>\n            <\/a>\n        <\/div>\n\t\t\t\t\t\t\t<\/div> \n\t\t\t\n        \n\t\t\t\t<div id=\"ngg-image-654\" class=\"ngg-gallery-thumbnail-box\" >\n\t\t\t\t        <div class=\"ngg-gallery-thumbnail\">\n            <a href=\"http:\/\/www.karate-neuhofen.at\/wp-content\/gallery\/10-sommercamp-2018\/Sommercamp20181655.JPG\"\n               title=\"\"\n               data-src=\"http:\/\/www.karate-neuhofen.at\/wp-content\/gallery\/10-sommercamp-2018\/Sommercamp20181655.JPG\"\n               data-thumbnail=\"http:\/\/www.karate-neuhofen.at\/wp-content\/gallery\/10-sommercamp-2018\/thumbs\/thumbs_Sommercamp20181655.JPG\"\n               data-image-id=\"21391\"\n               data-title=\"Sommercamp2018(1655)\"\n               data-description=\"\"\n               data-image-slug=\"sommercamp20181655\"\n               class=\"shutterset_14ea2dae3d90de67c1fc228ab12416d8\">\n                <img\n                    title=\"Sommercamp2018(1655)\"\n                    alt=\"Sommercamp2018(1655)\"\n                    src=\"http:\/\/www.karate-neuhofen.at\/wp-content\/gallery\/10-sommercamp-2018\/thumbs\/thumbs_Sommercamp20181655.JPG\"\n                    width=\"240\"\n                    height=\"160\"\n                    style=\"max-width:100%;\"\n                \/>\n            <\/a>\n        <\/div>\n\t\t\t\t\t\t\t<\/div> \n\t\t\t\n        \n\t\t\t\t<div id=\"ngg-image-655\" class=\"ngg-gallery-thumbnail-box\" >\n\t\t\t\t        <div class=\"ngg-gallery-thumbnail\">\n            <a href=\"http:\/\/www.karate-neuhofen.at\/wp-content\/gallery\/10-sommercamp-2018\/Sommercamp20181656.JPG\"\n               title=\"\"\n               data-src=\"http:\/\/www.karate-neuhofen.at\/wp-content\/gallery\/10-sommercamp-2018\/Sommercamp20181656.JPG\"\n               data-thumbnail=\"http:\/\/www.karate-neuhofen.at\/wp-content\/gallery\/10-sommercamp-2018\/thumbs\/thumbs_Sommercamp20181656.JPG\"\n               data-image-id=\"21392\"\n               data-title=\"Sommercamp2018(1656)\"\n               data-description=\"\"\n               data-image-slug=\"sommercamp20181656\"\n               class=\"shutterset_14ea2dae3d90de67c1fc228ab12416d8\">\n                <img\n                    title=\"Sommercamp2018(1656)\"\n                    alt=\"Sommercamp2018(1656)\"\n                    src=\"http:\/\/www.karate-neuhofen.at\/wp-content\/gallery\/10-sommercamp-2018\/thumbs\/thumbs_Sommercamp20181656.JPG\"\n                    width=\"240\"\n                    height=\"160\"\n                    style=\"max-width:100%;\"\n                \/>\n            <\/a>\n        <\/div>\n\t\t\t\t\t\t\t<\/div> \n\t\t\t\n        \n\t\t\t\t<div id=\"ngg-image-656\" class=\"ngg-gallery-thumbnail-box\" >\n\t\t\t\t        <div class=\"ngg-gallery-thumbnail\">\n            <a href=\"http:\/\/www.karate-neuhofen.at\/wp-content\/gallery\/10-sommercamp-2018\/Sommercamp20181657.JPG\"\n               title=\"\"\n               data-src=\"http:\/\/www.karate-neuhofen.at\/wp-content\/gallery\/10-sommercamp-2018\/Sommercamp20181657.JPG\"\n               data-thumbnail=\"http:\/\/www.karate-neuhofen.at\/wp-content\/gallery\/10-sommercamp-2018\/thumbs\/thumbs_Sommercamp20181657.JPG\"\n               data-image-id=\"21393\"\n               data-title=\"Sommercamp2018(1657)\"\n               data-description=\"\"\n               data-image-slug=\"sommercamp20181657\"\n               class=\"shutterset_14ea2dae3d90de67c1fc228ab12416d8\">\n                <img\n                    title=\"Sommercamp2018(1657)\"\n                    alt=\"Sommercamp2018(1657)\"\n                    src=\"http:\/\/www.karate-neuhofen.at\/wp-content\/gallery\/10-sommercamp-2018\/thumbs\/thumbs_Sommercamp20181657.JPG\"\n                    width=\"240\"\n                    height=\"160\"\n                    style=\"max-width:100%;\"\n                \/>\n            <\/a>\n        <\/div>\n\t\t\t\t\t\t\t<\/div> \n\t\t\t\n        \n\t\t\t\t<div id=\"ngg-image-657\" class=\"ngg-gallery-thumbnail-box\" >\n\t\t\t\t        <div class=\"ngg-gallery-thumbnail\">\n            <a href=\"http:\/\/www.karate-neuhofen.at\/wp-content\/gallery\/10-sommercamp-2018\/Sommercamp20181658.JPG\"\n               title=\"\"\n               data-src=\"http:\/\/www.karate-neuhofen.at\/wp-content\/gallery\/10-sommercamp-2018\/Sommercamp20181658.JPG\"\n               data-thumbnail=\"http:\/\/www.karate-neuhofen.at\/wp-content\/gallery\/10-sommercamp-2018\/thumbs\/thumbs_Sommercamp20181658.JPG\"\n               data-image-id=\"21394\"\n               data-title=\"Sommercamp2018(1658)\"\n               data-description=\"\"\n               data-image-slug=\"sommercamp20181658\"\n               class=\"shutterset_14ea2dae3d90de67c1fc228ab12416d8\">\n                <img\n                    title=\"Sommercamp2018(1658)\"\n                    alt=\"Sommercamp2018(1658)\"\n                    src=\"http:\/\/www.karate-neuhofen.at\/wp-content\/gallery\/10-sommercamp-2018\/thumbs\/thumbs_Sommercamp20181658.JPG\"\n                    width=\"240\"\n                    height=\"160\"\n                    style=\"max-width:100%;\"\n                \/>\n            <\/a>\n        <\/div>\n\t\t\t\t\t\t\t<\/div> \n\t\t\t\n        \n\t\t\t\t<div id=\"ngg-image-658\" class=\"ngg-gallery-thumbnail-box\" >\n\t\t\t\t        <div class=\"ngg-gallery-thumbnail\">\n            <a href=\"http:\/\/www.karate-neuhofen.at\/wp-content\/gallery\/10-sommercamp-2018\/Sommercamp20181659.JPG\"\n               title=\"\"\n               data-src=\"http:\/\/www.karate-neuhofen.at\/wp-content\/gallery\/10-sommercamp-2018\/Sommercamp20181659.JPG\"\n               data-thumbnail=\"http:\/\/www.karate-neuhofen.at\/wp-content\/gallery\/10-sommercamp-2018\/thumbs\/thumbs_Sommercamp20181659.JPG\"\n               data-image-id=\"21395\"\n               data-title=\"Sommercamp2018(1659)\"\n               data-description=\"\"\n               data-image-slug=\"sommercamp20181659\"\n               class=\"shutterset_14ea2dae3d90de67c1fc228ab12416d8\">\n                <img\n                    title=\"Sommercamp2018(1659)\"\n                    alt=\"Sommercamp2018(1659)\"\n                    src=\"http:\/\/www.karate-neuhofen.at\/wp-content\/gallery\/10-sommercamp-2018\/thumbs\/thumbs_Sommercamp20181659.JPG\"\n                    width=\"240\"\n                    height=\"160\"\n                    style=\"max-width:100%;\"\n                \/>\n            <\/a>\n        <\/div>\n\t\t\t\t\t\t\t<\/div> \n\t\t\t\n        \n\t\t\t\t<div id=\"ngg-image-659\" class=\"ngg-gallery-thumbnail-box\" >\n\t\t\t\t        <div class=\"ngg-gallery-thumbnail\">\n            <a href=\"http:\/\/www.karate-neuhofen.at\/wp-content\/gallery\/10-sommercamp-2018\/Sommercamp20181660.JPG\"\n               title=\"\"\n               data-src=\"http:\/\/www.karate-neuhofen.at\/wp-content\/gallery\/10-sommercamp-2018\/Sommercamp20181660.JPG\"\n               data-thumbnail=\"http:\/\/www.karate-neuhofen.at\/wp-content\/gallery\/10-sommercamp-2018\/thumbs\/thumbs_Sommercamp20181660.JPG\"\n               data-image-id=\"21396\"\n               data-title=\"Sommercamp2018(1660)\"\n               data-description=\"\"\n               data-image-slug=\"sommercamp20181660\"\n               class=\"shutterset_14ea2dae3d90de67c1fc228ab12416d8\">\n                <img\n                    title=\"Sommercamp2018(1660)\"\n                    alt=\"Sommercamp2018(1660)\"\n                    src=\"http:\/\/www.karate-neuhofen.at\/wp-content\/gallery\/10-sommercamp-2018\/thumbs\/thumbs_Sommercamp20181660.JPG\"\n                    width=\"240\"\n                    height=\"160\"\n                    style=\"max-width:100%;\"\n                \/>\n            <\/a>\n        <\/div>\n\t\t\t\t\t\t\t<\/div> \n\t\t\t\n        \n\t\t\t\t<div id=\"ngg-image-660\" class=\"ngg-gallery-thumbnail-box\" >\n\t\t\t\t        <div class=\"ngg-gallery-thumbnail\">\n            <a href=\"http:\/\/www.karate-neuhofen.at\/wp-content\/gallery\/10-sommercamp-2018\/Sommercamp20181661.JPG\"\n               title=\"\"\n               data-src=\"http:\/\/www.karate-neuhofen.at\/wp-content\/gallery\/10-sommercamp-2018\/Sommercamp20181661.JPG\"\n               data-thumbnail=\"http:\/\/www.karate-neuhofen.at\/wp-content\/gallery\/10-sommercamp-2018\/thumbs\/thumbs_Sommercamp20181661.JPG\"\n               data-image-id=\"21397\"\n               data-title=\"Sommercamp2018(1661)\"\n               data-description=\"\"\n               data-image-slug=\"sommercamp20181661\"\n               class=\"shutterset_14ea2dae3d90de67c1fc228ab12416d8\">\n                <img\n                    title=\"Sommercamp2018(1661)\"\n                    alt=\"Sommercamp2018(1661)\"\n                    src=\"http:\/\/www.karate-neuhofen.at\/wp-content\/gallery\/10-sommercamp-2018\/thumbs\/thumbs_Sommercamp20181661.JPG\"\n                    width=\"240\"\n                    height=\"160\"\n                    style=\"max-width:100%;\"\n                \/>\n            <\/a>\n        <\/div>\n\t\t\t\t\t\t\t<\/div> \n\t\t\t\n        \n\t\t\t\t<div id=\"ngg-image-661\" class=\"ngg-gallery-thumbnail-box\" >\n\t\t\t\t        <div class=\"ngg-gallery-thumbnail\">\n            <a href=\"http:\/\/www.karate-neuhofen.at\/wp-content\/gallery\/10-sommercamp-2018\/Sommercamp20181662.JPG\"\n               title=\"\"\n               data-src=\"http:\/\/www.karate-neuhofen.at\/wp-content\/gallery\/10-sommercamp-2018\/Sommercamp20181662.JPG\"\n               data-thumbnail=\"http:\/\/www.karate-neuhofen.at\/wp-content\/gallery\/10-sommercamp-2018\/thumbs\/thumbs_Sommercamp20181662.JPG\"\n               data-image-id=\"21398\"\n               data-title=\"Sommercamp2018(1662)\"\n               data-description=\"\"\n               data-image-slug=\"sommercamp20181662\"\n               class=\"shutterset_14ea2dae3d90de67c1fc228ab12416d8\">\n                <img\n                    title=\"Sommercamp2018(1662)\"\n                    alt=\"Sommercamp2018(1662)\"\n                    src=\"http:\/\/www.karate-neuhofen.at\/wp-content\/gallery\/10-sommercamp-2018\/thumbs\/thumbs_Sommercamp20181662.JPG\"\n                    width=\"240\"\n                    height=\"160\"\n                    style=\"max-width:100%;\"\n                \/>\n            <\/a>\n        <\/div>\n\t\t\t\t\t\t\t<\/div> \n\t\t\t\n        \n\t\t\t\t<div id=\"ngg-image-662\" class=\"ngg-gallery-thumbnail-box\" >\n\t\t\t\t        <div class=\"ngg-gallery-thumbnail\">\n            <a href=\"http:\/\/www.karate-neuhofen.at\/wp-content\/gallery\/10-sommercamp-2018\/Sommercamp20181663.JPG\"\n               title=\"\"\n               data-src=\"http:\/\/www.karate-neuhofen.at\/wp-content\/gallery\/10-sommercamp-2018\/Sommercamp20181663.JPG\"\n               data-thumbnail=\"http:\/\/www.karate-neuhofen.at\/wp-content\/gallery\/10-sommercamp-2018\/thumbs\/thumbs_Sommercamp20181663.JPG\"\n               data-image-id=\"21399\"\n               data-title=\"Sommercamp2018(1663)\"\n               data-description=\"\"\n               data-image-slug=\"sommercamp20181663\"\n               class=\"shutterset_14ea2dae3d90de67c1fc228ab12416d8\">\n                <img\n                    title=\"Sommercamp2018(1663)\"\n                    alt=\"Sommercamp2018(1663)\"\n                    src=\"http:\/\/www.karate-neuhofen.at\/wp-content\/gallery\/10-sommercamp-2018\/thumbs\/thumbs_Sommercamp20181663.JPG\"\n                    width=\"240\"\n                    height=\"160\"\n                    style=\"max-width:100%;\"\n                \/>\n            <\/a>\n        <\/div>\n\t\t\t\t\t\t\t<\/div> \n\t\t\t\n        \n\t\t\t\t<div id=\"ngg-image-663\" class=\"ngg-gallery-thumbnail-box\" >\n\t\t\t\t        <div class=\"ngg-gallery-thumbnail\">\n            <a href=\"http:\/\/www.karate-neuhofen.at\/wp-content\/gallery\/10-sommercamp-2018\/Sommercamp20181664.JPG\"\n               title=\"\"\n               data-src=\"http:\/\/www.karate-neuhofen.at\/wp-content\/gallery\/10-sommercamp-2018\/Sommercamp20181664.JPG\"\n               data-thumbnail=\"http:\/\/www.karate-neuhofen.at\/wp-content\/gallery\/10-sommercamp-2018\/thumbs\/thumbs_Sommercamp20181664.JPG\"\n               data-image-id=\"21400\"\n               data-title=\"Sommercamp2018(1664)\"\n               data-description=\"\"\n               data-image-slug=\"sommercamp20181664\"\n               class=\"shutterset_14ea2dae3d90de67c1fc228ab12416d8\">\n                <img\n                    title=\"Sommercamp2018(1664)\"\n                    alt=\"Sommercamp2018(1664)\"\n                    src=\"http:\/\/www.karate-neuhofen.at\/wp-content\/gallery\/10-sommercamp-2018\/thumbs\/thumbs_Sommercamp20181664.JPG\"\n                    width=\"240\"\n                    height=\"160\"\n                    style=\"max-width:100%;\"\n                \/>\n            <\/a>\n        <\/div>\n\t\t\t\t\t\t\t<\/div> \n\t\t\t\n        \n\t\t\t\t<div id=\"ngg-image-664\" class=\"ngg-gallery-thumbnail-box\" >\n\t\t\t\t        <div class=\"ngg-gallery-thumbnail\">\n            <a href=\"http:\/\/www.karate-neuhofen.at\/wp-content\/gallery\/10-sommercamp-2018\/Sommercamp20181665.JPG\"\n               title=\"\"\n               data-src=\"http:\/\/www.karate-neuhofen.at\/wp-content\/gallery\/10-sommercamp-2018\/Sommercamp20181665.JPG\"\n               data-thumbnail=\"http:\/\/www.karate-neuhofen.at\/wp-content\/gallery\/10-sommercamp-2018\/thumbs\/thumbs_Sommercamp20181665.JPG\"\n               data-image-id=\"21401\"\n               data-title=\"Sommercamp2018(1665)\"\n               data-description=\"\"\n               data-image-slug=\"sommercamp20181665\"\n               class=\"shutterset_14ea2dae3d90de67c1fc228ab12416d8\">\n                <img\n                    title=\"Sommercamp2018(1665)\"\n                    alt=\"Sommercamp2018(1665)\"\n                    src=\"http:\/\/www.karate-neuhofen.at\/wp-content\/gallery\/10-sommercamp-2018\/thumbs\/thumbs_Sommercamp20181665.JPG\"\n                    width=\"240\"\n                    height=\"160\"\n                    style=\"max-width:100%;\"\n                \/>\n            <\/a>\n        <\/div>\n\t\t\t\t\t\t\t<\/div> \n\t\t\t\n        \n\t\t\t\t<div id=\"ngg-image-665\" class=\"ngg-gallery-thumbnail-box\" >\n\t\t\t\t        <div class=\"ngg-gallery-thumbnail\">\n            <a href=\"http:\/\/www.karate-neuhofen.at\/wp-content\/gallery\/10-sommercamp-2018\/Sommercamp20181666.JPG\"\n               title=\"\"\n               data-src=\"http:\/\/www.karate-neuhofen.at\/wp-content\/gallery\/10-sommercamp-2018\/Sommercamp20181666.JPG\"\n               data-thumbnail=\"http:\/\/www.karate-neuhofen.at\/wp-content\/gallery\/10-sommercamp-2018\/thumbs\/thumbs_Sommercamp20181666.JPG\"\n               data-image-id=\"21402\"\n               data-title=\"Sommercamp2018(1666)\"\n               data-description=\"\"\n               data-image-slug=\"sommercamp20181666\"\n               class=\"shutterset_14ea2dae3d90de67c1fc228ab12416d8\">\n                <img\n                    title=\"Sommercamp2018(1666)\"\n                    alt=\"Sommercamp2018(1666)\"\n                    src=\"http:\/\/www.karate-neuhofen.at\/wp-content\/gallery\/10-sommercamp-2018\/thumbs\/thumbs_Sommercamp20181666.JPG\"\n                    width=\"240\"\n                    height=\"160\"\n                    style=\"max-width:100%;\"\n                \/>\n            <\/a>\n        <\/div>\n\t\t\t\t\t\t\t<\/div> \n\t\t\t\n        \n\t\t\t\t<div id=\"ngg-image-666\" class=\"ngg-gallery-thumbnail-box\" >\n\t\t\t\t        <div class=\"ngg-gallery-thumbnail\">\n            <a href=\"http:\/\/www.karate-neuhofen.at\/wp-content\/gallery\/10-sommercamp-2018\/Sommercamp20181667.JPG\"\n               title=\"\"\n               data-src=\"http:\/\/www.karate-neuhofen.at\/wp-content\/gallery\/10-sommercamp-2018\/Sommercamp20181667.JPG\"\n               data-thumbnail=\"http:\/\/www.karate-neuhofen.at\/wp-content\/gallery\/10-sommercamp-2018\/thumbs\/thumbs_Sommercamp20181667.JPG\"\n               data-image-id=\"21403\"\n               data-title=\"Sommercamp2018(1667)\"\n               data-description=\"\"\n               data-image-slug=\"sommercamp20181667\"\n               class=\"shutterset_14ea2dae3d90de67c1fc228ab12416d8\">\n                <img\n                    title=\"Sommercamp2018(1667)\"\n                    alt=\"Sommercamp2018(1667)\"\n                    src=\"http:\/\/www.karate-neuhofen.at\/wp-content\/gallery\/10-sommercamp-2018\/thumbs\/thumbs_Sommercamp20181667.JPG\"\n                    width=\"240\"\n                    height=\"160\"\n                    style=\"max-width:100%;\"\n                \/>\n            <\/a>\n        <\/div>\n\t\t\t\t\t\t\t<\/div> \n\t\t\t\n        \n\t\t\t\t<div id=\"ngg-image-667\" class=\"ngg-gallery-thumbnail-box\" >\n\t\t\t\t        <div class=\"ngg-gallery-thumbnail\">\n            <a href=\"http:\/\/www.karate-neuhofen.at\/wp-content\/gallery\/10-sommercamp-2018\/Sommercamp20181668.JPG\"\n               title=\"\"\n               data-src=\"http:\/\/www.karate-neuhofen.at\/wp-content\/gallery\/10-sommercamp-2018\/Sommercamp20181668.JPG\"\n               data-thumbnail=\"http:\/\/www.karate-neuhofen.at\/wp-content\/gallery\/10-sommercamp-2018\/thumbs\/thumbs_Sommercamp20181668.JPG\"\n               data-image-id=\"21404\"\n               data-title=\"Sommercamp2018(1668)\"\n               data-description=\"\"\n               data-image-slug=\"sommercamp20181668\"\n               class=\"shutterset_14ea2dae3d90de67c1fc228ab12416d8\">\n                <img\n                    title=\"Sommercamp2018(1668)\"\n                    alt=\"Sommercamp2018(1668)\"\n                    src=\"http:\/\/www.karate-neuhofen.at\/wp-content\/gallery\/10-sommercamp-2018\/thumbs\/thumbs_Sommercamp20181668.JPG\"\n                    width=\"240\"\n                    height=\"160\"\n                    style=\"max-width:100%;\"\n                \/>\n            <\/a>\n        <\/div>\n\t\t\t\t\t\t\t<\/div> \n\t\t\t\n        \n\t\t\t\t<div id=\"ngg-image-668\" class=\"ngg-gallery-thumbnail-box\" >\n\t\t\t\t        <div class=\"ngg-gallery-thumbnail\">\n            <a href=\"http:\/\/www.karate-neuhofen.at\/wp-content\/gallery\/10-sommercamp-2018\/Sommercamp20181669.JPG\"\n               title=\"\"\n               data-src=\"http:\/\/www.karate-neuhofen.at\/wp-content\/gallery\/10-sommercamp-2018\/Sommercamp20181669.JPG\"\n               data-thumbnail=\"http:\/\/www.karate-neuhofen.at\/wp-content\/gallery\/10-sommercamp-2018\/thumbs\/thumbs_Sommercamp20181669.JPG\"\n               data-image-id=\"21405\"\n               data-title=\"Sommercamp2018(1669)\"\n               data-description=\"\"\n               data-image-slug=\"sommercamp20181669\"\n               class=\"shutterset_14ea2dae3d90de67c1fc228ab12416d8\">\n                <img\n                    title=\"Sommercamp2018(1669)\"\n                    alt=\"Sommercamp2018(1669)\"\n                    src=\"http:\/\/www.karate-neuhofen.at\/wp-content\/gallery\/10-sommercamp-2018\/thumbs\/thumbs_Sommercamp20181669.JPG\"\n                    width=\"240\"\n                    height=\"160\"\n                    style=\"max-width:100%;\"\n                \/>\n            <\/a>\n        <\/div>\n\t\t\t\t\t\t\t<\/div> \n\t\t\t\n        \n\t\t\t\t<div id=\"ngg-image-669\" class=\"ngg-gallery-thumbnail-box\" >\n\t\t\t\t        <div class=\"ngg-gallery-thumbnail\">\n            <a href=\"http:\/\/www.karate-neuhofen.at\/wp-content\/gallery\/10-sommercamp-2018\/Sommercamp20181670.JPG\"\n               title=\"\"\n               data-src=\"http:\/\/www.karate-neuhofen.at\/wp-content\/gallery\/10-sommercamp-2018\/Sommercamp20181670.JPG\"\n               data-thumbnail=\"http:\/\/www.karate-neuhofen.at\/wp-content\/gallery\/10-sommercamp-2018\/thumbs\/thumbs_Sommercamp20181670.JPG\"\n               data-image-id=\"21406\"\n               data-title=\"Sommercamp2018(1670)\"\n               data-description=\"\"\n               data-image-slug=\"sommercamp20181670\"\n               class=\"shutterset_14ea2dae3d90de67c1fc228ab12416d8\">\n                <img\n                    title=\"Sommercamp2018(1670)\"\n                    alt=\"Sommercamp2018(1670)\"\n                    src=\"http:\/\/www.karate-neuhofen.at\/wp-content\/gallery\/10-sommercamp-2018\/thumbs\/thumbs_Sommercamp20181670.JPG\"\n                    width=\"240\"\n                    height=\"160\"\n                    style=\"max-width:100%;\"\n                \/>\n            <\/a>\n        <\/div>\n\t\t\t\t\t\t\t<\/div> \n\t\t\t\n        \n\t\t\t\t<div id=\"ngg-image-670\" class=\"ngg-gallery-thumbnail-box\" >\n\t\t\t\t        <div class=\"ngg-gallery-thumbnail\">\n            <a href=\"http:\/\/www.karate-neuhofen.at\/wp-content\/gallery\/10-sommercamp-2018\/Sommercamp20181671.JPG\"\n               title=\"\"\n               data-src=\"http:\/\/www.karate-neuhofen.at\/wp-content\/gallery\/10-sommercamp-2018\/Sommercamp20181671.JPG\"\n               data-thumbnail=\"http:\/\/www.karate-neuhofen.at\/wp-content\/gallery\/10-sommercamp-2018\/thumbs\/thumbs_Sommercamp20181671.JPG\"\n               data-image-id=\"21407\"\n               data-title=\"Sommercamp2018(1671)\"\n               data-description=\"\"\n               data-image-slug=\"sommercamp20181671\"\n               class=\"shutterset_14ea2dae3d90de67c1fc228ab12416d8\">\n                <img\n                    title=\"Sommercamp2018(1671)\"\n                    alt=\"Sommercamp2018(1671)\"\n                    src=\"http:\/\/www.karate-neuhofen.at\/wp-content\/gallery\/10-sommercamp-2018\/thumbs\/thumbs_Sommercamp20181671.JPG\"\n                    width=\"240\"\n                    height=\"160\"\n                    style=\"max-width:100%;\"\n                \/>\n            <\/a>\n        <\/div>\n\t\t\t\t\t\t\t<\/div> \n\t\t\t\n        \n\t\t\t\t<div id=\"ngg-image-671\" class=\"ngg-gallery-thumbnail-box\" >\n\t\t\t\t        <div class=\"ngg-gallery-thumbnail\">\n            <a href=\"http:\/\/www.karate-neuhofen.at\/wp-content\/gallery\/10-sommercamp-2018\/Sommercamp20181672.JPG\"\n               title=\"\"\n               data-src=\"http:\/\/www.karate-neuhofen.at\/wp-content\/gallery\/10-sommercamp-2018\/Sommercamp20181672.JPG\"\n               data-thumbnail=\"http:\/\/www.karate-neuhofen.at\/wp-content\/gallery\/10-sommercamp-2018\/thumbs\/thumbs_Sommercamp20181672.JPG\"\n               data-image-id=\"21408\"\n               data-title=\"Sommercamp2018(1672)\"\n               data-description=\"\"\n               data-image-slug=\"sommercamp20181672\"\n               class=\"shutterset_14ea2dae3d90de67c1fc228ab12416d8\">\n                <img\n                    title=\"Sommercamp2018(1672)\"\n                    alt=\"Sommercamp2018(1672)\"\n                    src=\"http:\/\/www.karate-neuhofen.at\/wp-content\/gallery\/10-sommercamp-2018\/thumbs\/thumbs_Sommercamp20181672.JPG\"\n                    width=\"240\"\n                    height=\"160\"\n                    style=\"max-width:100%;\"\n                \/>\n            <\/a>\n        <\/div>\n\t\t\t\t\t\t\t<\/div> \n\t\t\t\n        \n\t\t\t\t<div id=\"ngg-image-672\" class=\"ngg-gallery-thumbnail-box\" >\n\t\t\t\t        <div class=\"ngg-gallery-thumbnail\">\n            <a href=\"http:\/\/www.karate-neuhofen.at\/wp-content\/gallery\/10-sommercamp-2018\/Sommercamp20181673.JPG\"\n               title=\"\"\n               data-src=\"http:\/\/www.karate-neuhofen.at\/wp-content\/gallery\/10-sommercamp-2018\/Sommercamp20181673.JPG\"\n               data-thumbnail=\"http:\/\/www.karate-neuhofen.at\/wp-content\/gallery\/10-sommercamp-2018\/thumbs\/thumbs_Sommercamp20181673.JPG\"\n               data-image-id=\"21409\"\n               data-title=\"Sommercamp2018(1673)\"\n               data-description=\"\"\n               data-image-slug=\"sommercamp20181673\"\n               class=\"shutterset_14ea2dae3d90de67c1fc228ab12416d8\">\n                <img\n                    title=\"Sommercamp2018(1673)\"\n                    alt=\"Sommercamp2018(1673)\"\n                    src=\"http:\/\/www.karate-neuhofen.at\/wp-content\/gallery\/10-sommercamp-2018\/thumbs\/thumbs_Sommercamp20181673.JPG\"\n                    width=\"240\"\n                    height=\"160\"\n                    style=\"max-width:100%;\"\n                \/>\n            <\/a>\n        <\/div>\n\t\t\t\t\t\t\t<\/div> \n\t\t\t\n        \n\t\t\t\t<div id=\"ngg-image-673\" class=\"ngg-gallery-thumbnail-box\" >\n\t\t\t\t        <div class=\"ngg-gallery-thumbnail\">\n            <a href=\"http:\/\/www.karate-neuhofen.at\/wp-content\/gallery\/10-sommercamp-2018\/Sommercamp20181674.JPG\"\n               title=\"\"\n               data-src=\"http:\/\/www.karate-neuhofen.at\/wp-content\/gallery\/10-sommercamp-2018\/Sommercamp20181674.JPG\"\n               data-thumbnail=\"http:\/\/www.karate-neuhofen.at\/wp-content\/gallery\/10-sommercamp-2018\/thumbs\/thumbs_Sommercamp20181674.JPG\"\n               data-image-id=\"21410\"\n               data-title=\"Sommercamp2018(1674)\"\n               data-description=\"\"\n               data-image-slug=\"sommercamp20181674\"\n               class=\"shutterset_14ea2dae3d90de67c1fc228ab12416d8\">\n                <img\n                    title=\"Sommercamp2018(1674)\"\n                    alt=\"Sommercamp2018(1674)\"\n                    src=\"http:\/\/www.karate-neuhofen.at\/wp-content\/gallery\/10-sommercamp-2018\/thumbs\/thumbs_Sommercamp20181674.JPG\"\n                    width=\"240\"\n                    height=\"160\"\n                    style=\"max-width:100%;\"\n                \/>\n            <\/a>\n        <\/div>\n\t\t\t\t\t\t\t<\/div> \n\t\t\t\n        \n\t\t\t\t<div id=\"ngg-image-674\" class=\"ngg-gallery-thumbnail-box\" >\n\t\t\t\t        <div class=\"ngg-gallery-thumbnail\">\n            <a href=\"http:\/\/www.karate-neuhofen.at\/wp-content\/gallery\/10-sommercamp-2018\/Sommercamp20181675.JPG\"\n               title=\"\"\n               data-src=\"http:\/\/www.karate-neuhofen.at\/wp-content\/gallery\/10-sommercamp-2018\/Sommercamp20181675.JPG\"\n               data-thumbnail=\"http:\/\/www.karate-neuhofen.at\/wp-content\/gallery\/10-sommercamp-2018\/thumbs\/thumbs_Sommercamp20181675.JPG\"\n               data-image-id=\"21411\"\n               data-title=\"Sommercamp2018(1675)\"\n               data-description=\"\"\n               data-image-slug=\"sommercamp20181675\"\n               class=\"shutterset_14ea2dae3d90de67c1fc228ab12416d8\">\n                <img\n                    title=\"Sommercamp2018(1675)\"\n                    alt=\"Sommercamp2018(1675)\"\n                    src=\"http:\/\/www.karate-neuhofen.at\/wp-content\/gallery\/10-sommercamp-2018\/thumbs\/thumbs_Sommercamp20181675.JPG\"\n                    width=\"240\"\n                    height=\"160\"\n                    style=\"max-width:100%;\"\n                \/>\n            <\/a>\n        <\/div>\n\t\t\t\t\t\t\t<\/div> \n\t\t\t\n        \n\t\t\t\t<div id=\"ngg-image-675\" class=\"ngg-gallery-thumbnail-box\" >\n\t\t\t\t        <div class=\"ngg-gallery-thumbnail\">\n            <a href=\"http:\/\/www.karate-neuhofen.at\/wp-content\/gallery\/10-sommercamp-2018\/Sommercamp20181676.JPG\"\n               title=\"\"\n               data-src=\"http:\/\/www.karate-neuhofen.at\/wp-content\/gallery\/10-sommercamp-2018\/Sommercamp20181676.JPG\"\n               data-thumbnail=\"http:\/\/www.karate-neuhofen.at\/wp-content\/gallery\/10-sommercamp-2018\/thumbs\/thumbs_Sommercamp20181676.JPG\"\n               data-image-id=\"21412\"\n               data-title=\"Sommercamp2018(1676)\"\n               data-description=\"\"\n               data-image-slug=\"sommercamp20181676\"\n               class=\"shutterset_14ea2dae3d90de67c1fc228ab12416d8\">\n                <img\n                    title=\"Sommercamp2018(1676)\"\n                    alt=\"Sommercamp2018(1676)\"\n                    src=\"http:\/\/www.karate-neuhofen.at\/wp-content\/gallery\/10-sommercamp-2018\/thumbs\/thumbs_Sommercamp20181676.JPG\"\n                    width=\"240\"\n                    height=\"160\"\n                    style=\"max-width:100%;\"\n                \/>\n            <\/a>\n        <\/div>\n\t\t\t\t\t\t\t<\/div> \n\t\t\t\n        \n\t\t\t\t<div id=\"ngg-image-676\" class=\"ngg-gallery-thumbnail-box\" >\n\t\t\t\t        <div class=\"ngg-gallery-thumbnail\">\n            <a href=\"http:\/\/www.karate-neuhofen.at\/wp-content\/gallery\/10-sommercamp-2018\/Sommercamp20181677.JPG\"\n               title=\"\"\n               data-src=\"http:\/\/www.karate-neuhofen.at\/wp-content\/gallery\/10-sommercamp-2018\/Sommercamp20181677.JPG\"\n               data-thumbnail=\"http:\/\/www.karate-neuhofen.at\/wp-content\/gallery\/10-sommercamp-2018\/thumbs\/thumbs_Sommercamp20181677.JPG\"\n               data-image-id=\"21413\"\n               data-title=\"Sommercamp2018(1677)\"\n               data-description=\"\"\n               data-image-slug=\"sommercamp20181677\"\n               class=\"shutterset_14ea2dae3d90de67c1fc228ab12416d8\">\n                <img\n                    title=\"Sommercamp2018(1677)\"\n                    alt=\"Sommercamp2018(1677)\"\n                    src=\"http:\/\/www.karate-neuhofen.at\/wp-content\/gallery\/10-sommercamp-2018\/thumbs\/thumbs_Sommercamp20181677.JPG\"\n                    width=\"240\"\n                    height=\"160\"\n                    style=\"max-width:100%;\"\n                \/>\n            <\/a>\n        <\/div>\n\t\t\t\t\t\t\t<\/div> \n\t\t\t\n        \n\t\t\t\t<div id=\"ngg-image-677\" class=\"ngg-gallery-thumbnail-box\" >\n\t\t\t\t        <div class=\"ngg-gallery-thumbnail\">\n            <a href=\"http:\/\/www.karate-neuhofen.at\/wp-content\/gallery\/10-sommercamp-2018\/Sommercamp20181678.JPG\"\n               title=\"\"\n               data-src=\"http:\/\/www.karate-neuhofen.at\/wp-content\/gallery\/10-sommercamp-2018\/Sommercamp20181678.JPG\"\n               data-thumbnail=\"http:\/\/www.karate-neuhofen.at\/wp-content\/gallery\/10-sommercamp-2018\/thumbs\/thumbs_Sommercamp20181678.JPG\"\n               data-image-id=\"21414\"\n               data-title=\"Sommercamp2018(1678)\"\n               data-description=\"\"\n               data-image-slug=\"sommercamp20181678\"\n               class=\"shutterset_14ea2dae3d90de67c1fc228ab12416d8\">\n                <img\n                    title=\"Sommercamp2018(1678)\"\n                    alt=\"Sommercamp2018(1678)\"\n                    src=\"http:\/\/www.karate-neuhofen.at\/wp-content\/gallery\/10-sommercamp-2018\/thumbs\/thumbs_Sommercamp20181678.JPG\"\n                    width=\"240\"\n                    height=\"160\"\n                    style=\"max-width:100%;\"\n                \/>\n            <\/a>\n        <\/div>\n\t\t\t\t\t\t\t<\/div> \n\t\t\t\n        \n\t\t\t\t<div id=\"ngg-image-678\" class=\"ngg-gallery-thumbnail-box\" >\n\t\t\t\t        <div class=\"ngg-gallery-thumbnail\">\n            <a href=\"http:\/\/www.karate-neuhofen.at\/wp-content\/gallery\/10-sommercamp-2018\/Sommercamp20181679.JPG\"\n               title=\"\"\n               data-src=\"http:\/\/www.karate-neuhofen.at\/wp-content\/gallery\/10-sommercamp-2018\/Sommercamp20181679.JPG\"\n               data-thumbnail=\"http:\/\/www.karate-neuhofen.at\/wp-content\/gallery\/10-sommercamp-2018\/thumbs\/thumbs_Sommercamp20181679.JPG\"\n               data-image-id=\"21415\"\n               data-title=\"Sommercamp2018(1679)\"\n               data-description=\"\"\n               data-image-slug=\"sommercamp20181679\"\n               class=\"shutterset_14ea2dae3d90de67c1fc228ab12416d8\">\n                <img\n                    title=\"Sommercamp2018(1679)\"\n                    alt=\"Sommercamp2018(1679)\"\n                    src=\"http:\/\/www.karate-neuhofen.at\/wp-content\/gallery\/10-sommercamp-2018\/thumbs\/thumbs_Sommercamp20181679.JPG\"\n                    width=\"240\"\n                    height=\"160\"\n                    style=\"max-width:100%;\"\n                \/>\n            <\/a>\n        <\/div>\n\t\t\t\t\t\t\t<\/div> \n\t\t\t\n        \n\t\t\t\t<div id=\"ngg-image-679\" class=\"ngg-gallery-thumbnail-box\" >\n\t\t\t\t        <div class=\"ngg-gallery-thumbnail\">\n            <a href=\"http:\/\/www.karate-neuhofen.at\/wp-content\/gallery\/10-sommercamp-2018\/Sommercamp20181680.JPG\"\n               title=\"\"\n               data-src=\"http:\/\/www.karate-neuhofen.at\/wp-content\/gallery\/10-sommercamp-2018\/Sommercamp20181680.JPG\"\n               data-thumbnail=\"http:\/\/www.karate-neuhofen.at\/wp-content\/gallery\/10-sommercamp-2018\/thumbs\/thumbs_Sommercamp20181680.JPG\"\n               data-image-id=\"21416\"\n               data-title=\"Sommercamp2018(1680)\"\n               data-description=\"\"\n               data-image-slug=\"sommercamp20181680\"\n               class=\"shutterset_14ea2dae3d90de67c1fc228ab12416d8\">\n                <img\n                    title=\"Sommercamp2018(1680)\"\n                    alt=\"Sommercamp2018(1680)\"\n                    src=\"http:\/\/www.karate-neuhofen.at\/wp-content\/gallery\/10-sommercamp-2018\/thumbs\/thumbs_Sommercamp20181680.JPG\"\n                    width=\"240\"\n                    height=\"160\"\n                    style=\"max-width:100%;\"\n                \/>\n            <\/a>\n        <\/div>\n\t\t\t\t\t\t\t<\/div> \n\t\t\t\n        \n\t\t\t\t<div id=\"ngg-image-680\" class=\"ngg-gallery-thumbnail-box\" >\n\t\t\t\t        <div class=\"ngg-gallery-thumbnail\">\n            <a href=\"http:\/\/www.karate-neuhofen.at\/wp-content\/gallery\/10-sommercamp-2018\/Sommercamp20181681.JPG\"\n               title=\"\"\n               data-src=\"http:\/\/www.karate-neuhofen.at\/wp-content\/gallery\/10-sommercamp-2018\/Sommercamp20181681.JPG\"\n               data-thumbnail=\"http:\/\/www.karate-neuhofen.at\/wp-content\/gallery\/10-sommercamp-2018\/thumbs\/thumbs_Sommercamp20181681.JPG\"\n               data-image-id=\"21417\"\n               data-title=\"Sommercamp2018(1681)\"\n               data-description=\"\"\n               data-image-slug=\"sommercamp20181681\"\n               class=\"shutterset_14ea2dae3d90de67c1fc228ab12416d8\">\n                <img\n                    title=\"Sommercamp2018(1681)\"\n                    alt=\"Sommercamp2018(1681)\"\n                    src=\"http:\/\/www.karate-neuhofen.at\/wp-content\/gallery\/10-sommercamp-2018\/thumbs\/thumbs_Sommercamp20181681.JPG\"\n                    width=\"240\"\n                    height=\"160\"\n                    style=\"max-width:100%;\"\n                \/>\n            <\/a>\n        <\/div>\n\t\t\t\t\t\t\t<\/div> \n\t\t\t\n        \n\t\t\t\t<div id=\"ngg-image-681\" class=\"ngg-gallery-thumbnail-box\" >\n\t\t\t\t        <div class=\"ngg-gallery-thumbnail\">\n            <a href=\"http:\/\/www.karate-neuhofen.at\/wp-content\/gallery\/10-sommercamp-2018\/Sommercamp20181682.JPG\"\n               title=\"\"\n               data-src=\"http:\/\/www.karate-neuhofen.at\/wp-content\/gallery\/10-sommercamp-2018\/Sommercamp20181682.JPG\"\n               data-thumbnail=\"http:\/\/www.karate-neuhofen.at\/wp-content\/gallery\/10-sommercamp-2018\/thumbs\/thumbs_Sommercamp20181682.JPG\"\n               data-image-id=\"21418\"\n               data-title=\"Sommercamp2018(1682)\"\n               data-description=\"\"\n               data-image-slug=\"sommercamp20181682\"\n               class=\"shutterset_14ea2dae3d90de67c1fc228ab12416d8\">\n                <img\n                    title=\"Sommercamp2018(1682)\"\n                    alt=\"Sommercamp2018(1682)\"\n                    src=\"http:\/\/www.karate-neuhofen.at\/wp-content\/gallery\/10-sommercamp-2018\/thumbs\/thumbs_Sommercamp20181682.JPG\"\n                    width=\"240\"\n                    height=\"160\"\n                    style=\"max-width:100%;\"\n                \/>\n            <\/a>\n        <\/div>\n\t\t\t\t\t\t\t<\/div> \n\t\t\t\n        \n\t\t\t\t<div id=\"ngg-image-682\" class=\"ngg-gallery-thumbnail-box\" >\n\t\t\t\t        <div class=\"ngg-gallery-thumbnail\">\n            <a href=\"http:\/\/www.karate-neuhofen.at\/wp-content\/gallery\/10-sommercamp-2018\/Sommercamp20181683.JPG\"\n               title=\"\"\n               data-src=\"http:\/\/www.karate-neuhofen.at\/wp-content\/gallery\/10-sommercamp-2018\/Sommercamp20181683.JPG\"\n               data-thumbnail=\"http:\/\/www.karate-neuhofen.at\/wp-content\/gallery\/10-sommercamp-2018\/thumbs\/thumbs_Sommercamp20181683.JPG\"\n               data-image-id=\"21419\"\n               data-title=\"Sommercamp2018(1683)\"\n               data-description=\"\"\n               data-image-slug=\"sommercamp20181683\"\n               class=\"shutterset_14ea2dae3d90de67c1fc228ab12416d8\">\n                <img\n                    title=\"Sommercamp2018(1683)\"\n                    alt=\"Sommercamp2018(1683)\"\n                    src=\"http:\/\/www.karate-neuhofen.at\/wp-content\/gallery\/10-sommercamp-2018\/thumbs\/thumbs_Sommercamp20181683.JPG\"\n                    width=\"240\"\n                    height=\"160\"\n                    style=\"max-width:100%;\"\n                \/>\n            <\/a>\n        <\/div>\n\t\t\t\t\t\t\t<\/div> \n\t\t\t\n        \n\t\t\t\t<div id=\"ngg-image-683\" class=\"ngg-gallery-thumbnail-box\" >\n\t\t\t\t        <div class=\"ngg-gallery-thumbnail\">\n            <a href=\"http:\/\/www.karate-neuhofen.at\/wp-content\/gallery\/10-sommercamp-2018\/Sommercamp20181684.JPG\"\n               title=\"\"\n               data-src=\"http:\/\/www.karate-neuhofen.at\/wp-content\/gallery\/10-sommercamp-2018\/Sommercamp20181684.JPG\"\n               data-thumbnail=\"http:\/\/www.karate-neuhofen.at\/wp-content\/gallery\/10-sommercamp-2018\/thumbs\/thumbs_Sommercamp20181684.JPG\"\n               data-image-id=\"21420\"\n               data-title=\"Sommercamp2018(1684)\"\n               data-description=\"\"\n               data-image-slug=\"sommercamp20181684\"\n               class=\"shutterset_14ea2dae3d90de67c1fc228ab12416d8\">\n                <img\n                    title=\"Sommercamp2018(1684)\"\n                    alt=\"Sommercamp2018(1684)\"\n                    src=\"http:\/\/www.karate-neuhofen.at\/wp-content\/gallery\/10-sommercamp-2018\/thumbs\/thumbs_Sommercamp20181684.JPG\"\n                    width=\"240\"\n                    height=\"160\"\n                    style=\"max-width:100%;\"\n                \/>\n            <\/a>\n        <\/div>\n\t\t\t\t\t\t\t<\/div> \n\t\t\t\n        \n\t\t\t\t<div id=\"ngg-image-684\" class=\"ngg-gallery-thumbnail-box\" >\n\t\t\t\t        <div class=\"ngg-gallery-thumbnail\">\n            <a href=\"http:\/\/www.karate-neuhofen.at\/wp-content\/gallery\/10-sommercamp-2018\/Sommercamp20181685.JPG\"\n               title=\"\"\n               data-src=\"http:\/\/www.karate-neuhofen.at\/wp-content\/gallery\/10-sommercamp-2018\/Sommercamp20181685.JPG\"\n               data-thumbnail=\"http:\/\/www.karate-neuhofen.at\/wp-content\/gallery\/10-sommercamp-2018\/thumbs\/thumbs_Sommercamp20181685.JPG\"\n               data-image-id=\"21421\"\n               data-title=\"Sommercamp2018(1685)\"\n               data-description=\"\"\n               data-image-slug=\"sommercamp20181685\"\n               class=\"shutterset_14ea2dae3d90de67c1fc228ab12416d8\">\n                <img\n                    title=\"Sommercamp2018(1685)\"\n                    alt=\"Sommercamp2018(1685)\"\n                    src=\"http:\/\/www.karate-neuhofen.at\/wp-content\/gallery\/10-sommercamp-2018\/thumbs\/thumbs_Sommercamp20181685.JPG\"\n                    width=\"240\"\n                    height=\"160\"\n                    style=\"max-width:100%;\"\n                \/>\n            <\/a>\n        <\/div>\n\t\t\t\t\t\t\t<\/div> \n\t\t\t\n        \n\t\t\t\t<div id=\"ngg-image-685\" class=\"ngg-gallery-thumbnail-box\" >\n\t\t\t\t        <div class=\"ngg-gallery-thumbnail\">\n            <a href=\"http:\/\/www.karate-neuhofen.at\/wp-content\/gallery\/10-sommercamp-2018\/Sommercamp20181686.JPG\"\n               title=\"\"\n               data-src=\"http:\/\/www.karate-neuhofen.at\/wp-content\/gallery\/10-sommercamp-2018\/Sommercamp20181686.JPG\"\n               data-thumbnail=\"http:\/\/www.karate-neuhofen.at\/wp-content\/gallery\/10-sommercamp-2018\/thumbs\/thumbs_Sommercamp20181686.JPG\"\n               data-image-id=\"21422\"\n               data-title=\"Sommercamp2018(1686)\"\n               data-description=\"\"\n               data-image-slug=\"sommercamp20181686\"\n               class=\"shutterset_14ea2dae3d90de67c1fc228ab12416d8\">\n                <img\n                    title=\"Sommercamp2018(1686)\"\n                    alt=\"Sommercamp2018(1686)\"\n                    src=\"http:\/\/www.karate-neuhofen.at\/wp-content\/gallery\/10-sommercamp-2018\/thumbs\/thumbs_Sommercamp20181686.JPG\"\n                    width=\"240\"\n                    height=\"160\"\n                    style=\"max-width:100%;\"\n                \/>\n            <\/a>\n        <\/div>\n\t\t\t\t\t\t\t<\/div> \n\t\t\t\n        \n\t\t\t\t<div id=\"ngg-image-686\" class=\"ngg-gallery-thumbnail-box\" >\n\t\t\t\t        <div class=\"ngg-gallery-thumbnail\">\n            <a href=\"http:\/\/www.karate-neuhofen.at\/wp-content\/gallery\/10-sommercamp-2018\/Sommercamp20181687.JPG\"\n               title=\"\"\n               data-src=\"http:\/\/www.karate-neuhofen.at\/wp-content\/gallery\/10-sommercamp-2018\/Sommercamp20181687.JPG\"\n               data-thumbnail=\"http:\/\/www.karate-neuhofen.at\/wp-content\/gallery\/10-sommercamp-2018\/thumbs\/thumbs_Sommercamp20181687.JPG\"\n               data-image-id=\"21423\"\n               data-title=\"Sommercamp2018(1687)\"\n               data-description=\"\"\n               data-image-slug=\"sommercamp20181687\"\n               class=\"shutterset_14ea2dae3d90de67c1fc228ab12416d8\">\n                <img\n                    title=\"Sommercamp2018(1687)\"\n                    alt=\"Sommercamp2018(1687)\"\n                    src=\"http:\/\/www.karate-neuhofen.at\/wp-content\/gallery\/10-sommercamp-2018\/thumbs\/thumbs_Sommercamp20181687.JPG\"\n                    width=\"240\"\n                    height=\"160\"\n                    style=\"max-width:100%;\"\n                \/>\n            <\/a>\n        <\/div>\n\t\t\t\t\t\t\t<\/div> \n\t\t\t\n        \n\t\t\t\t<div id=\"ngg-image-687\" class=\"ngg-gallery-thumbnail-box\" >\n\t\t\t\t        <div class=\"ngg-gallery-thumbnail\">\n            <a href=\"http:\/\/www.karate-neuhofen.at\/wp-content\/gallery\/10-sommercamp-2018\/Sommercamp20181688.JPG\"\n               title=\"\"\n               data-src=\"http:\/\/www.karate-neuhofen.at\/wp-content\/gallery\/10-sommercamp-2018\/Sommercamp20181688.JPG\"\n               data-thumbnail=\"http:\/\/www.karate-neuhofen.at\/wp-content\/gallery\/10-sommercamp-2018\/thumbs\/thumbs_Sommercamp20181688.JPG\"\n               data-image-id=\"21424\"\n               data-title=\"Sommercamp2018(1688)\"\n               data-description=\"\"\n               data-image-slug=\"sommercamp20181688\"\n               class=\"shutterset_14ea2dae3d90de67c1fc228ab12416d8\">\n                <img\n                    title=\"Sommercamp2018(1688)\"\n                    alt=\"Sommercamp2018(1688)\"\n                    src=\"http:\/\/www.karate-neuhofen.at\/wp-content\/gallery\/10-sommercamp-2018\/thumbs\/thumbs_Sommercamp20181688.JPG\"\n                    width=\"240\"\n                    height=\"160\"\n                    style=\"max-width:100%;\"\n                \/>\n            <\/a>\n        <\/div>\n\t\t\t\t\t\t\t<\/div> \n\t\t\t\n        \n\t\t\t\t<div id=\"ngg-image-688\" class=\"ngg-gallery-thumbnail-box\" >\n\t\t\t\t        <div class=\"ngg-gallery-thumbnail\">\n            <a href=\"http:\/\/www.karate-neuhofen.at\/wp-content\/gallery\/10-sommercamp-2018\/Sommercamp20181689.JPG\"\n               title=\"\"\n               data-src=\"http:\/\/www.karate-neuhofen.at\/wp-content\/gallery\/10-sommercamp-2018\/Sommercamp20181689.JPG\"\n               data-thumbnail=\"http:\/\/www.karate-neuhofen.at\/wp-content\/gallery\/10-sommercamp-2018\/thumbs\/thumbs_Sommercamp20181689.JPG\"\n               data-image-id=\"21425\"\n               data-title=\"Sommercamp2018(1689)\"\n               data-description=\"\"\n               data-image-slug=\"sommercamp20181689\"\n               class=\"shutterset_14ea2dae3d90de67c1fc228ab12416d8\">\n                <img\n                    title=\"Sommercamp2018(1689)\"\n                    alt=\"Sommercamp2018(1689)\"\n                    src=\"http:\/\/www.karate-neuhofen.at\/wp-content\/gallery\/10-sommercamp-2018\/thumbs\/thumbs_Sommercamp20181689.JPG\"\n                    width=\"240\"\n                    height=\"160\"\n                    style=\"max-width:100%;\"\n                \/>\n            <\/a>\n        <\/div>\n\t\t\t\t\t\t\t<\/div> \n\t\t\t\n        \n\t\t\t\t<div id=\"ngg-image-689\" class=\"ngg-gallery-thumbnail-box\" >\n\t\t\t\t        <div class=\"ngg-gallery-thumbnail\">\n            <a href=\"http:\/\/www.karate-neuhofen.at\/wp-content\/gallery\/10-sommercamp-2018\/Sommercamp20181690.JPG\"\n               title=\"\"\n               data-src=\"http:\/\/www.karate-neuhofen.at\/wp-content\/gallery\/10-sommercamp-2018\/Sommercamp20181690.JPG\"\n               data-thumbnail=\"http:\/\/www.karate-neuhofen.at\/wp-content\/gallery\/10-sommercamp-2018\/thumbs\/thumbs_Sommercamp20181690.JPG\"\n               data-image-id=\"21426\"\n               data-title=\"Sommercamp2018(1690)\"\n               data-description=\"\"\n               data-image-slug=\"sommercamp20181690\"\n               class=\"shutterset_14ea2dae3d90de67c1fc228ab12416d8\">\n                <img\n                    title=\"Sommercamp2018(1690)\"\n                    alt=\"Sommercamp2018(1690)\"\n                    src=\"http:\/\/www.karate-neuhofen.at\/wp-content\/gallery\/10-sommercamp-2018\/thumbs\/thumbs_Sommercamp20181690.JPG\"\n                    width=\"240\"\n                    height=\"160\"\n                    style=\"max-width:100%;\"\n                \/>\n            <\/a>\n        <\/div>\n\t\t\t\t\t\t\t<\/div> \n\t\t\t\n        \n\t\t\t\t<div id=\"ngg-image-690\" class=\"ngg-gallery-thumbnail-box\" >\n\t\t\t\t        <div class=\"ngg-gallery-thumbnail\">\n            <a href=\"http:\/\/www.karate-neuhofen.at\/wp-content\/gallery\/10-sommercamp-2018\/Sommercamp20181691.JPG\"\n               title=\"\"\n               data-src=\"http:\/\/www.karate-neuhofen.at\/wp-content\/gallery\/10-sommercamp-2018\/Sommercamp20181691.JPG\"\n               data-thumbnail=\"http:\/\/www.karate-neuhofen.at\/wp-content\/gallery\/10-sommercamp-2018\/thumbs\/thumbs_Sommercamp20181691.JPG\"\n               data-image-id=\"21427\"\n               data-title=\"Sommercamp2018(1691)\"\n               data-description=\"\"\n               data-image-slug=\"sommercamp20181691\"\n               class=\"shutterset_14ea2dae3d90de67c1fc228ab12416d8\">\n                <img\n                    title=\"Sommercamp2018(1691)\"\n                    alt=\"Sommercamp2018(1691)\"\n                    src=\"http:\/\/www.karate-neuhofen.at\/wp-content\/gallery\/10-sommercamp-2018\/thumbs\/thumbs_Sommercamp20181691.JPG\"\n                    width=\"240\"\n                    height=\"160\"\n                    style=\"max-width:100%;\"\n                \/>\n            <\/a>\n        <\/div>\n\t\t\t\t\t\t\t<\/div> \n\t\t\t\n        \n\t\t\t\t<div id=\"ngg-image-691\" class=\"ngg-gallery-thumbnail-box\" >\n\t\t\t\t        <div class=\"ngg-gallery-thumbnail\">\n            <a href=\"http:\/\/www.karate-neuhofen.at\/wp-content\/gallery\/10-sommercamp-2018\/Sommercamp20181692.JPG\"\n               title=\"\"\n               data-src=\"http:\/\/www.karate-neuhofen.at\/wp-content\/gallery\/10-sommercamp-2018\/Sommercamp20181692.JPG\"\n               data-thumbnail=\"http:\/\/www.karate-neuhofen.at\/wp-content\/gallery\/10-sommercamp-2018\/thumbs\/thumbs_Sommercamp20181692.JPG\"\n               data-image-id=\"21428\"\n               data-title=\"Sommercamp2018(1692)\"\n               data-description=\"\"\n               data-image-slug=\"sommercamp20181692\"\n               class=\"shutterset_14ea2dae3d90de67c1fc228ab12416d8\">\n                <img\n                    title=\"Sommercamp2018(1692)\"\n                    alt=\"Sommercamp2018(1692)\"\n                    src=\"http:\/\/www.karate-neuhofen.at\/wp-content\/gallery\/10-sommercamp-2018\/thumbs\/thumbs_Sommercamp20181692.JPG\"\n                    width=\"240\"\n                    height=\"160\"\n                    style=\"max-width:100%;\"\n                \/>\n            <\/a>\n        <\/div>\n\t\t\t\t\t\t\t<\/div> \n\t\t\t\n        \n\t\t\t\t<div id=\"ngg-image-692\" class=\"ngg-gallery-thumbnail-box\" >\n\t\t\t\t        <div class=\"ngg-gallery-thumbnail\">\n            <a href=\"http:\/\/www.karate-neuhofen.at\/wp-content\/gallery\/10-sommercamp-2018\/Sommercamp20181693.JPG\"\n               title=\"\"\n               data-src=\"http:\/\/www.karate-neuhofen.at\/wp-content\/gallery\/10-sommercamp-2018\/Sommercamp20181693.JPG\"\n               data-thumbnail=\"http:\/\/www.karate-neuhofen.at\/wp-content\/gallery\/10-sommercamp-2018\/thumbs\/thumbs_Sommercamp20181693.JPG\"\n               data-image-id=\"21429\"\n               data-title=\"Sommercamp2018(1693)\"\n               data-description=\"\"\n               data-image-slug=\"sommercamp20181693\"\n               class=\"shutterset_14ea2dae3d90de67c1fc228ab12416d8\">\n                <img\n                    title=\"Sommercamp2018(1693)\"\n                    alt=\"Sommercamp2018(1693)\"\n                    src=\"http:\/\/www.karate-neuhofen.at\/wp-content\/gallery\/10-sommercamp-2018\/thumbs\/thumbs_Sommercamp20181693.JPG\"\n                    width=\"240\"\n                    height=\"160\"\n                    style=\"max-width:100%;\"\n                \/>\n            <\/a>\n        <\/div>\n\t\t\t\t\t\t\t<\/div> \n\t\t\t\n        \n\t\t\t\t<div id=\"ngg-image-693\" class=\"ngg-gallery-thumbnail-box\" >\n\t\t\t\t        <div class=\"ngg-gallery-thumbnail\">\n            <a href=\"http:\/\/www.karate-neuhofen.at\/wp-content\/gallery\/10-sommercamp-2018\/Sommercamp20181694.JPG\"\n               title=\"\"\n               data-src=\"http:\/\/www.karate-neuhofen.at\/wp-content\/gallery\/10-sommercamp-2018\/Sommercamp20181694.JPG\"\n               data-thumbnail=\"http:\/\/www.karate-neuhofen.at\/wp-content\/gallery\/10-sommercamp-2018\/thumbs\/thumbs_Sommercamp20181694.JPG\"\n               data-image-id=\"21430\"\n               data-title=\"Sommercamp2018(1694)\"\n               data-description=\"\"\n               data-image-slug=\"sommercamp20181694\"\n               class=\"shutterset_14ea2dae3d90de67c1fc228ab12416d8\">\n                <img\n                    title=\"Sommercamp2018(1694)\"\n                    alt=\"Sommercamp2018(1694)\"\n                    src=\"http:\/\/www.karate-neuhofen.at\/wp-content\/gallery\/10-sommercamp-2018\/thumbs\/thumbs_Sommercamp20181694.JPG\"\n                    width=\"240\"\n                    height=\"160\"\n                    style=\"max-width:100%;\"\n                \/>\n            <\/a>\n        <\/div>\n\t\t\t\t\t\t\t<\/div> \n\t\t\t\n        \n\t\t\t\t<div id=\"ngg-image-694\" class=\"ngg-gallery-thumbnail-box\" >\n\t\t\t\t        <div class=\"ngg-gallery-thumbnail\">\n            <a href=\"http:\/\/www.karate-neuhofen.at\/wp-content\/gallery\/10-sommercamp-2018\/Sommercamp20181695.JPG\"\n               title=\"\"\n               data-src=\"http:\/\/www.karate-neuhofen.at\/wp-content\/gallery\/10-sommercamp-2018\/Sommercamp20181695.JPG\"\n               data-thumbnail=\"http:\/\/www.karate-neuhofen.at\/wp-content\/gallery\/10-sommercamp-2018\/thumbs\/thumbs_Sommercamp20181695.JPG\"\n               data-image-id=\"21431\"\n               data-title=\"Sommercamp2018(1695)\"\n               data-description=\"\"\n               data-image-slug=\"sommercamp20181695\"\n               class=\"shutterset_14ea2dae3d90de67c1fc228ab12416d8\">\n                <img\n                    title=\"Sommercamp2018(1695)\"\n                    alt=\"Sommercamp2018(1695)\"\n                    src=\"http:\/\/www.karate-neuhofen.at\/wp-content\/gallery\/10-sommercamp-2018\/thumbs\/thumbs_Sommercamp20181695.JPG\"\n                    width=\"240\"\n                    height=\"160\"\n                    style=\"max-width:100%;\"\n                \/>\n            <\/a>\n        <\/div>\n\t\t\t\t\t\t\t<\/div> \n\t\t\t\n        \n\t\t\t\t<div id=\"ngg-image-695\" class=\"ngg-gallery-thumbnail-box\" >\n\t\t\t\t        <div class=\"ngg-gallery-thumbnail\">\n            <a href=\"http:\/\/www.karate-neuhofen.at\/wp-content\/gallery\/10-sommercamp-2018\/Sommercamp20181696.JPG\"\n               title=\"\"\n               data-src=\"http:\/\/www.karate-neuhofen.at\/wp-content\/gallery\/10-sommercamp-2018\/Sommercamp20181696.JPG\"\n               data-thumbnail=\"http:\/\/www.karate-neuhofen.at\/wp-content\/gallery\/10-sommercamp-2018\/thumbs\/thumbs_Sommercamp20181696.JPG\"\n               data-image-id=\"21432\"\n               data-title=\"Sommercamp2018(1696)\"\n               data-description=\"\"\n               data-image-slug=\"sommercamp20181696\"\n               class=\"shutterset_14ea2dae3d90de67c1fc228ab12416d8\">\n                <img\n                    title=\"Sommercamp2018(1696)\"\n                    alt=\"Sommercamp2018(1696)\"\n                    src=\"http:\/\/www.karate-neuhofen.at\/wp-content\/gallery\/10-sommercamp-2018\/thumbs\/thumbs_Sommercamp20181696.JPG\"\n                    width=\"240\"\n                    height=\"160\"\n                    style=\"max-width:100%;\"\n                \/>\n            <\/a>\n        <\/div>\n\t\t\t\t\t\t\t<\/div> \n\t\t\t\n        \n\t\t\t\t<div id=\"ngg-image-696\" class=\"ngg-gallery-thumbnail-box\" >\n\t\t\t\t        <div class=\"ngg-gallery-thumbnail\">\n            <a href=\"http:\/\/www.karate-neuhofen.at\/wp-content\/gallery\/10-sommercamp-2018\/Sommercamp20181697.JPG\"\n               title=\"\"\n               data-src=\"http:\/\/www.karate-neuhofen.at\/wp-content\/gallery\/10-sommercamp-2018\/Sommercamp20181697.JPG\"\n               data-thumbnail=\"http:\/\/www.karate-neuhofen.at\/wp-content\/gallery\/10-sommercamp-2018\/thumbs\/thumbs_Sommercamp20181697.JPG\"\n               data-image-id=\"21433\"\n               data-title=\"Sommercamp2018(1697)\"\n               data-description=\"\"\n               data-image-slug=\"sommercamp20181697\"\n               class=\"shutterset_14ea2dae3d90de67c1fc228ab12416d8\">\n                <img\n                    title=\"Sommercamp2018(1697)\"\n                    alt=\"Sommercamp2018(1697)\"\n                    src=\"http:\/\/www.karate-neuhofen.at\/wp-content\/gallery\/10-sommercamp-2018\/thumbs\/thumbs_Sommercamp20181697.JPG\"\n                    width=\"240\"\n                    height=\"160\"\n                    style=\"max-width:100%;\"\n                \/>\n            <\/a>\n        <\/div>\n\t\t\t\t\t\t\t<\/div> \n\t\t\t\n        \n\t\t\t\t<div id=\"ngg-image-697\" class=\"ngg-gallery-thumbnail-box\" >\n\t\t\t\t        <div class=\"ngg-gallery-thumbnail\">\n            <a href=\"http:\/\/www.karate-neuhofen.at\/wp-content\/gallery\/10-sommercamp-2018\/Sommercamp20181698.JPG\"\n               title=\"\"\n               data-src=\"http:\/\/www.karate-neuhofen.at\/wp-content\/gallery\/10-sommercamp-2018\/Sommercamp20181698.JPG\"\n               data-thumbnail=\"http:\/\/www.karate-neuhofen.at\/wp-content\/gallery\/10-sommercamp-2018\/thumbs\/thumbs_Sommercamp20181698.JPG\"\n               data-image-id=\"21434\"\n               data-title=\"Sommercamp2018(1698)\"\n               data-description=\"\"\n               data-image-slug=\"sommercamp20181698\"\n               class=\"shutterset_14ea2dae3d90de67c1fc228ab12416d8\">\n                <img\n                    title=\"Sommercamp2018(1698)\"\n                    alt=\"Sommercamp2018(1698)\"\n                    src=\"http:\/\/www.karate-neuhofen.at\/wp-content\/gallery\/10-sommercamp-2018\/thumbs\/thumbs_Sommercamp20181698.JPG\"\n                    width=\"240\"\n                    height=\"160\"\n                    style=\"max-width:100%;\"\n                \/>\n            <\/a>\n        <\/div>\n\t\t\t\t\t\t\t<\/div> \n\t\t\t\n        \n\t\t\t\t<div id=\"ngg-image-698\" class=\"ngg-gallery-thumbnail-box\" >\n\t\t\t\t        <div class=\"ngg-gallery-thumbnail\">\n            <a href=\"http:\/\/www.karate-neuhofen.at\/wp-content\/gallery\/10-sommercamp-2018\/Sommercamp20181699.JPG\"\n               title=\"\"\n               data-src=\"http:\/\/www.karate-neuhofen.at\/wp-content\/gallery\/10-sommercamp-2018\/Sommercamp20181699.JPG\"\n               data-thumbnail=\"http:\/\/www.karate-neuhofen.at\/wp-content\/gallery\/10-sommercamp-2018\/thumbs\/thumbs_Sommercamp20181699.JPG\"\n               data-image-id=\"21435\"\n               data-title=\"Sommercamp2018(1699)\"\n               data-description=\"\"\n               data-image-slug=\"sommercamp20181699\"\n               class=\"shutterset_14ea2dae3d90de67c1fc228ab12416d8\">\n                <img\n                    title=\"Sommercamp2018(1699)\"\n                    alt=\"Sommercamp2018(1699)\"\n                    src=\"http:\/\/www.karate-neuhofen.at\/wp-content\/gallery\/10-sommercamp-2018\/thumbs\/thumbs_Sommercamp20181699.JPG\"\n                    width=\"240\"\n                    height=\"160\"\n                    style=\"max-width:100%;\"\n                \/>\n            <\/a>\n        <\/div>\n\t\t\t\t\t\t\t<\/div> \n\t\t\t\n        \n\t\t\t\t<div id=\"ngg-image-699\" class=\"ngg-gallery-thumbnail-box\" >\n\t\t\t\t        <div class=\"ngg-gallery-thumbnail\">\n            <a href=\"http:\/\/www.karate-neuhofen.at\/wp-content\/gallery\/10-sommercamp-2018\/Sommercamp20181700.JPG\"\n               title=\"\"\n               data-src=\"http:\/\/www.karate-neuhofen.at\/wp-content\/gallery\/10-sommercamp-2018\/Sommercamp20181700.JPG\"\n               data-thumbnail=\"http:\/\/www.karate-neuhofen.at\/wp-content\/gallery\/10-sommercamp-2018\/thumbs\/thumbs_Sommercamp20181700.JPG\"\n               data-image-id=\"21436\"\n               data-title=\"Sommercamp2018(1700)\"\n               data-description=\"\"\n               data-image-slug=\"sommercamp20181700\"\n               class=\"shutterset_14ea2dae3d90de67c1fc228ab12416d8\">\n                <img\n                    title=\"Sommercamp2018(1700)\"\n                    alt=\"Sommercamp2018(1700)\"\n                    src=\"http:\/\/www.karate-neuhofen.at\/wp-content\/gallery\/10-sommercamp-2018\/thumbs\/thumbs_Sommercamp20181700.JPG\"\n                    width=\"240\"\n                    height=\"160\"\n                    style=\"max-width:100%;\"\n                \/>\n            <\/a>\n        <\/div>\n\t\t\t\t\t\t\t<\/div> \n\t\t\t\n        \n\t\t\t\t<div id=\"ngg-image-700\" class=\"ngg-gallery-thumbnail-box\" >\n\t\t\t\t        <div class=\"ngg-gallery-thumbnail\">\n            <a href=\"http:\/\/www.karate-neuhofen.at\/wp-content\/gallery\/10-sommercamp-2018\/Sommercamp20181701.JPG\"\n               title=\"\"\n               data-src=\"http:\/\/www.karate-neuhofen.at\/wp-content\/gallery\/10-sommercamp-2018\/Sommercamp20181701.JPG\"\n               data-thumbnail=\"http:\/\/www.karate-neuhofen.at\/wp-content\/gallery\/10-sommercamp-2018\/thumbs\/thumbs_Sommercamp20181701.JPG\"\n               data-image-id=\"21437\"\n               data-title=\"Sommercamp2018(1701)\"\n               data-description=\"\"\n               data-image-slug=\"sommercamp20181701\"\n               class=\"shutterset_14ea2dae3d90de67c1fc228ab12416d8\">\n                <img\n                    title=\"Sommercamp2018(1701)\"\n                    alt=\"Sommercamp2018(1701)\"\n                    src=\"http:\/\/www.karate-neuhofen.at\/wp-content\/gallery\/10-sommercamp-2018\/thumbs\/thumbs_Sommercamp20181701.JPG\"\n                    width=\"240\"\n                    height=\"160\"\n                    style=\"max-width:100%;\"\n                \/>\n            <\/a>\n        <\/div>\n\t\t\t\t\t\t\t<\/div> \n\t\t\t\n        \n\t\t\t\t<div id=\"ngg-image-701\" class=\"ngg-gallery-thumbnail-box\" >\n\t\t\t\t        <div class=\"ngg-gallery-thumbnail\">\n            <a href=\"http:\/\/www.karate-neuhofen.at\/wp-content\/gallery\/10-sommercamp-2018\/Sommercamp20181702.JPG\"\n               title=\"\"\n               data-src=\"http:\/\/www.karate-neuhofen.at\/wp-content\/gallery\/10-sommercamp-2018\/Sommercamp20181702.JPG\"\n               data-thumbnail=\"http:\/\/www.karate-neuhofen.at\/wp-content\/gallery\/10-sommercamp-2018\/thumbs\/thumbs_Sommercamp20181702.JPG\"\n               data-image-id=\"21438\"\n               data-title=\"Sommercamp2018(1702)\"\n               data-description=\"\"\n               data-image-slug=\"sommercamp20181702\"\n               class=\"shutterset_14ea2dae3d90de67c1fc228ab12416d8\">\n                <img\n                    title=\"Sommercamp2018(1702)\"\n                    alt=\"Sommercamp2018(1702)\"\n                    src=\"http:\/\/www.karate-neuhofen.at\/wp-content\/gallery\/10-sommercamp-2018\/thumbs\/thumbs_Sommercamp20181702.JPG\"\n                    width=\"240\"\n                    height=\"160\"\n                    style=\"max-width:100%;\"\n                \/>\n            <\/a>\n        <\/div>\n\t\t\t\t\t\t\t<\/div> \n\t\t\t\n        \n\t\t\t\t<div id=\"ngg-image-702\" class=\"ngg-gallery-thumbnail-box\" >\n\t\t\t\t        <div class=\"ngg-gallery-thumbnail\">\n            <a href=\"http:\/\/www.karate-neuhofen.at\/wp-content\/gallery\/10-sommercamp-2018\/Sommercamp20181703.JPG\"\n               title=\"\"\n               data-src=\"http:\/\/www.karate-neuhofen.at\/wp-content\/gallery\/10-sommercamp-2018\/Sommercamp20181703.JPG\"\n               data-thumbnail=\"http:\/\/www.karate-neuhofen.at\/wp-content\/gallery\/10-sommercamp-2018\/thumbs\/thumbs_Sommercamp20181703.JPG\"\n               data-image-id=\"21439\"\n               data-title=\"Sommercamp2018(1703)\"\n               data-description=\"\"\n               data-image-slug=\"sommercamp20181703\"\n               class=\"shutterset_14ea2dae3d90de67c1fc228ab12416d8\">\n                <img\n                    title=\"Sommercamp2018(1703)\"\n                    alt=\"Sommercamp2018(1703)\"\n                    src=\"http:\/\/www.karate-neuhofen.at\/wp-content\/gallery\/10-sommercamp-2018\/thumbs\/thumbs_Sommercamp20181703.JPG\"\n                    width=\"240\"\n                    height=\"160\"\n                    style=\"max-width:100%;\"\n                \/>\n            <\/a>\n        <\/div>\n\t\t\t\t\t\t\t<\/div> \n\t\t\t\n        \n\t\t\t\t<div id=\"ngg-image-703\" class=\"ngg-gallery-thumbnail-box\" >\n\t\t\t\t        <div class=\"ngg-gallery-thumbnail\">\n            <a href=\"http:\/\/www.karate-neuhofen.at\/wp-content\/gallery\/10-sommercamp-2018\/Sommercamp20181704.JPG\"\n               title=\"\"\n               data-src=\"http:\/\/www.karate-neuhofen.at\/wp-content\/gallery\/10-sommercamp-2018\/Sommercamp20181704.JPG\"\n               data-thumbnail=\"http:\/\/www.karate-neuhofen.at\/wp-content\/gallery\/10-sommercamp-2018\/thumbs\/thumbs_Sommercamp20181704.JPG\"\n               data-image-id=\"21440\"\n               data-title=\"Sommercamp2018(1704)\"\n               data-description=\"\"\n               data-image-slug=\"sommercamp20181704\"\n               class=\"shutterset_14ea2dae3d90de67c1fc228ab12416d8\">\n                <img\n                    title=\"Sommercamp2018(1704)\"\n                    alt=\"Sommercamp2018(1704)\"\n                    src=\"http:\/\/www.karate-neuhofen.at\/wp-content\/gallery\/10-sommercamp-2018\/thumbs\/thumbs_Sommercamp20181704.JPG\"\n                    width=\"240\"\n                    height=\"160\"\n                    style=\"max-width:100%;\"\n                \/>\n            <\/a>\n        <\/div>\n\t\t\t\t\t\t\t<\/div> \n\t\t\t\n        \n\t\t\t\t<div id=\"ngg-image-704\" class=\"ngg-gallery-thumbnail-box\" >\n\t\t\t\t        <div class=\"ngg-gallery-thumbnail\">\n            <a href=\"http:\/\/www.karate-neuhofen.at\/wp-content\/gallery\/10-sommercamp-2018\/Sommercamp20181705.JPG\"\n               title=\"\"\n               data-src=\"http:\/\/www.karate-neuhofen.at\/wp-content\/gallery\/10-sommercamp-2018\/Sommercamp20181705.JPG\"\n               data-thumbnail=\"http:\/\/www.karate-neuhofen.at\/wp-content\/gallery\/10-sommercamp-2018\/thumbs\/thumbs_Sommercamp20181705.JPG\"\n               data-image-id=\"21441\"\n               data-title=\"Sommercamp2018(1705)\"\n               data-description=\"\"\n               data-image-slug=\"sommercamp20181705\"\n               class=\"shutterset_14ea2dae3d90de67c1fc228ab12416d8\">\n                <img\n                    title=\"Sommercamp2018(1705)\"\n                    alt=\"Sommercamp2018(1705)\"\n                    src=\"http:\/\/www.karate-neuhofen.at\/wp-content\/gallery\/10-sommercamp-2018\/thumbs\/thumbs_Sommercamp20181705.JPG\"\n                    width=\"240\"\n                    height=\"160\"\n                    style=\"max-width:100%;\"\n                \/>\n            <\/a>\n        <\/div>\n\t\t\t\t\t\t\t<\/div> \n\t\t\t\n        \n\t\t\t\t<div id=\"ngg-image-705\" class=\"ngg-gallery-thumbnail-box\" >\n\t\t\t\t        <div class=\"ngg-gallery-thumbnail\">\n            <a href=\"http:\/\/www.karate-neuhofen.at\/wp-content\/gallery\/10-sommercamp-2018\/Sommercamp20181706.JPG\"\n               title=\"\"\n               data-src=\"http:\/\/www.karate-neuhofen.at\/wp-content\/gallery\/10-sommercamp-2018\/Sommercamp20181706.JPG\"\n               data-thumbnail=\"http:\/\/www.karate-neuhofen.at\/wp-content\/gallery\/10-sommercamp-2018\/thumbs\/thumbs_Sommercamp20181706.JPG\"\n               data-image-id=\"21442\"\n               data-title=\"Sommercamp2018(1706)\"\n               data-description=\"\"\n               data-image-slug=\"sommercamp20181706\"\n               class=\"shutterset_14ea2dae3d90de67c1fc228ab12416d8\">\n                <img\n                    title=\"Sommercamp2018(1706)\"\n                    alt=\"Sommercamp2018(1706)\"\n                    src=\"http:\/\/www.karate-neuhofen.at\/wp-content\/gallery\/10-sommercamp-2018\/thumbs\/thumbs_Sommercamp20181706.JPG\"\n                    width=\"240\"\n                    height=\"160\"\n                    style=\"max-width:100%;\"\n                \/>\n            <\/a>\n        <\/div>\n\t\t\t\t\t\t\t<\/div> \n\t\t\t\n        \n\t\t\t\t<div id=\"ngg-image-706\" class=\"ngg-gallery-thumbnail-box\" >\n\t\t\t\t        <div class=\"ngg-gallery-thumbnail\">\n            <a href=\"http:\/\/www.karate-neuhofen.at\/wp-content\/gallery\/10-sommercamp-2018\/Sommercamp20181707.JPG\"\n               title=\"\"\n               data-src=\"http:\/\/www.karate-neuhofen.at\/wp-content\/gallery\/10-sommercamp-2018\/Sommercamp20181707.JPG\"\n               data-thumbnail=\"http:\/\/www.karate-neuhofen.at\/wp-content\/gallery\/10-sommercamp-2018\/thumbs\/thumbs_Sommercamp20181707.JPG\"\n               data-image-id=\"21443\"\n               data-title=\"Sommercamp2018(1707)\"\n               data-description=\"\"\n               data-image-slug=\"sommercamp20181707\"\n               class=\"shutterset_14ea2dae3d90de67c1fc228ab12416d8\">\n                <img\n                    title=\"Sommercamp2018(1707)\"\n                    alt=\"Sommercamp2018(1707)\"\n                    src=\"http:\/\/www.karate-neuhofen.at\/wp-content\/gallery\/10-sommercamp-2018\/thumbs\/thumbs_Sommercamp20181707.JPG\"\n                    width=\"240\"\n                    height=\"160\"\n                    style=\"max-width:100%;\"\n                \/>\n            <\/a>\n        <\/div>\n\t\t\t\t\t\t\t<\/div> \n\t\t\t\n        \n\t\t\t\t<div id=\"ngg-image-707\" class=\"ngg-gallery-thumbnail-box\" >\n\t\t\t\t        <div class=\"ngg-gallery-thumbnail\">\n            <a href=\"http:\/\/www.karate-neuhofen.at\/wp-content\/gallery\/10-sommercamp-2018\/Sommercamp20181708.JPG\"\n               title=\"\"\n               data-src=\"http:\/\/www.karate-neuhofen.at\/wp-content\/gallery\/10-sommercamp-2018\/Sommercamp20181708.JPG\"\n               data-thumbnail=\"http:\/\/www.karate-neuhofen.at\/wp-content\/gallery\/10-sommercamp-2018\/thumbs\/thumbs_Sommercamp20181708.JPG\"\n               data-image-id=\"21444\"\n               data-title=\"Sommercamp2018(1708)\"\n               data-description=\"\"\n               data-image-slug=\"sommercamp20181708\"\n               class=\"shutterset_14ea2dae3d90de67c1fc228ab12416d8\">\n                <img\n                    title=\"Sommercamp2018(1708)\"\n                    alt=\"Sommercamp2018(1708)\"\n                    src=\"http:\/\/www.karate-neuhofen.at\/wp-content\/gallery\/10-sommercamp-2018\/thumbs\/thumbs_Sommercamp20181708.JPG\"\n                    width=\"240\"\n                    height=\"160\"\n                    style=\"max-width:100%;\"\n                \/>\n            <\/a>\n        <\/div>\n\t\t\t\t\t\t\t<\/div> \n\t\t\t\n        \n\t\t\t\t<div id=\"ngg-image-708\" class=\"ngg-gallery-thumbnail-box\" >\n\t\t\t\t        <div class=\"ngg-gallery-thumbnail\">\n            <a href=\"http:\/\/www.karate-neuhofen.at\/wp-content\/gallery\/10-sommercamp-2018\/Sommercamp20181709.JPG\"\n               title=\"\"\n               data-src=\"http:\/\/www.karate-neuhofen.at\/wp-content\/gallery\/10-sommercamp-2018\/Sommercamp20181709.JPG\"\n               data-thumbnail=\"http:\/\/www.karate-neuhofen.at\/wp-content\/gallery\/10-sommercamp-2018\/thumbs\/thumbs_Sommercamp20181709.JPG\"\n               data-image-id=\"21445\"\n               data-title=\"Sommercamp2018(1709)\"\n               data-description=\"\"\n               data-image-slug=\"sommercamp20181709\"\n               class=\"shutterset_14ea2dae3d90de67c1fc228ab12416d8\">\n                <img\n                    title=\"Sommercamp2018(1709)\"\n                    alt=\"Sommercamp2018(1709)\"\n                    src=\"http:\/\/www.karate-neuhofen.at\/wp-content\/gallery\/10-sommercamp-2018\/thumbs\/thumbs_Sommercamp20181709.JPG\"\n                    width=\"240\"\n                    height=\"160\"\n                    style=\"max-width:100%;\"\n                \/>\n            <\/a>\n        <\/div>\n\t\t\t\t\t\t\t<\/div> \n\t\t\t\n        \n\t\t\t\t<div id=\"ngg-image-709\" class=\"ngg-gallery-thumbnail-box\" >\n\t\t\t\t        <div class=\"ngg-gallery-thumbnail\">\n            <a href=\"http:\/\/www.karate-neuhofen.at\/wp-content\/gallery\/10-sommercamp-2018\/Sommercamp20181710.JPG\"\n               title=\"\"\n               data-src=\"http:\/\/www.karate-neuhofen.at\/wp-content\/gallery\/10-sommercamp-2018\/Sommercamp20181710.JPG\"\n               data-thumbnail=\"http:\/\/www.karate-neuhofen.at\/wp-content\/gallery\/10-sommercamp-2018\/thumbs\/thumbs_Sommercamp20181710.JPG\"\n               data-image-id=\"21446\"\n               data-title=\"Sommercamp2018(1710)\"\n               data-description=\"\"\n               data-image-slug=\"sommercamp20181710\"\n               class=\"shutterset_14ea2dae3d90de67c1fc228ab12416d8\">\n                <img\n                    title=\"Sommercamp2018(1710)\"\n                    alt=\"Sommercamp2018(1710)\"\n                    src=\"http:\/\/www.karate-neuhofen.at\/wp-content\/gallery\/10-sommercamp-2018\/thumbs\/thumbs_Sommercamp20181710.JPG\"\n                    width=\"240\"\n                    height=\"160\"\n                    style=\"max-width:100%;\"\n                \/>\n            <\/a>\n        <\/div>\n\t\t\t\t\t\t\t<\/div> \n\t\t\t\n        \n\t\t\t\t<div id=\"ngg-image-710\" class=\"ngg-gallery-thumbnail-box\" >\n\t\t\t\t        <div class=\"ngg-gallery-thumbnail\">\n            <a href=\"http:\/\/www.karate-neuhofen.at\/wp-content\/gallery\/10-sommercamp-2018\/Sommercamp20181711.JPG\"\n               title=\"\"\n               data-src=\"http:\/\/www.karate-neuhofen.at\/wp-content\/gallery\/10-sommercamp-2018\/Sommercamp20181711.JPG\"\n               data-thumbnail=\"http:\/\/www.karate-neuhofen.at\/wp-content\/gallery\/10-sommercamp-2018\/thumbs\/thumbs_Sommercamp20181711.JPG\"\n               data-image-id=\"21447\"\n               data-title=\"Sommercamp2018(1711)\"\n               data-description=\"\"\n               data-image-slug=\"sommercamp20181711\"\n               class=\"shutterset_14ea2dae3d90de67c1fc228ab12416d8\">\n                <img\n                    title=\"Sommercamp2018(1711)\"\n                    alt=\"Sommercamp2018(1711)\"\n                    src=\"http:\/\/www.karate-neuhofen.at\/wp-content\/gallery\/10-sommercamp-2018\/thumbs\/thumbs_Sommercamp20181711.JPG\"\n                    width=\"240\"\n                    height=\"160\"\n                    style=\"max-width:100%;\"\n                \/>\n            <\/a>\n        <\/div>\n\t\t\t\t\t\t\t<\/div> \n\t\t\t\n        \n\t\t\t\t<div id=\"ngg-image-711\" class=\"ngg-gallery-thumbnail-box\" >\n\t\t\t\t        <div class=\"ngg-gallery-thumbnail\">\n            <a href=\"http:\/\/www.karate-neuhofen.at\/wp-content\/gallery\/10-sommercamp-2018\/Sommercamp20181712.JPG\"\n               title=\"\"\n               data-src=\"http:\/\/www.karate-neuhofen.at\/wp-content\/gallery\/10-sommercamp-2018\/Sommercamp20181712.JPG\"\n               data-thumbnail=\"http:\/\/www.karate-neuhofen.at\/wp-content\/gallery\/10-sommercamp-2018\/thumbs\/thumbs_Sommercamp20181712.JPG\"\n               data-image-id=\"21448\"\n               data-title=\"Sommercamp2018(1712)\"\n               data-description=\"\"\n               data-image-slug=\"sommercamp20181712\"\n               class=\"shutterset_14ea2dae3d90de67c1fc228ab12416d8\">\n                <img\n                    title=\"Sommercamp2018(1712)\"\n                    alt=\"Sommercamp2018(1712)\"\n                    src=\"http:\/\/www.karate-neuhofen.at\/wp-content\/gallery\/10-sommercamp-2018\/thumbs\/thumbs_Sommercamp20181712.JPG\"\n                    width=\"240\"\n                    height=\"160\"\n                    style=\"max-width:100%;\"\n                \/>\n            <\/a>\n        <\/div>\n\t\t\t\t\t\t\t<\/div> \n\t\t\t\n        \n\t\t\t\t<div id=\"ngg-image-712\" class=\"ngg-gallery-thumbnail-box\" >\n\t\t\t\t        <div class=\"ngg-gallery-thumbnail\">\n            <a href=\"http:\/\/www.karate-neuhofen.at\/wp-content\/gallery\/10-sommercamp-2018\/Sommercamp20181713.JPG\"\n               title=\"\"\n               data-src=\"http:\/\/www.karate-neuhofen.at\/wp-content\/gallery\/10-sommercamp-2018\/Sommercamp20181713.JPG\"\n               data-thumbnail=\"http:\/\/www.karate-neuhofen.at\/wp-content\/gallery\/10-sommercamp-2018\/thumbs\/thumbs_Sommercamp20181713.JPG\"\n               data-image-id=\"21449\"\n               data-title=\"Sommercamp2018(1713)\"\n               data-description=\"\"\n               data-image-slug=\"sommercamp20181713\"\n               class=\"shutterset_14ea2dae3d90de67c1fc228ab12416d8\">\n                <img\n                    title=\"Sommercamp2018(1713)\"\n                    alt=\"Sommercamp2018(1713)\"\n                    src=\"http:\/\/www.karate-neuhofen.at\/wp-content\/gallery\/10-sommercamp-2018\/thumbs\/thumbs_Sommercamp20181713.JPG\"\n                    width=\"240\"\n                    height=\"160\"\n                    style=\"max-width:100%;\"\n                \/>\n            <\/a>\n        <\/div>\n\t\t\t\t\t\t\t<\/div> \n\t\t\t\n        \n\t\t\t\t<div id=\"ngg-image-713\" class=\"ngg-gallery-thumbnail-box\" >\n\t\t\t\t        <div class=\"ngg-gallery-thumbnail\">\n            <a href=\"http:\/\/www.karate-neuhofen.at\/wp-content\/gallery\/10-sommercamp-2018\/Sommercamp20181714.JPG\"\n               title=\"\"\n               data-src=\"http:\/\/www.karate-neuhofen.at\/wp-content\/gallery\/10-sommercamp-2018\/Sommercamp20181714.JPG\"\n               data-thumbnail=\"http:\/\/www.karate-neuhofen.at\/wp-content\/gallery\/10-sommercamp-2018\/thumbs\/thumbs_Sommercamp20181714.JPG\"\n               data-image-id=\"21450\"\n               data-title=\"Sommercamp2018(1714)\"\n               data-description=\"\"\n               data-image-slug=\"sommercamp20181714\"\n               class=\"shutterset_14ea2dae3d90de67c1fc228ab12416d8\">\n                <img\n                    title=\"Sommercamp2018(1714)\"\n                    alt=\"Sommercamp2018(1714)\"\n                    src=\"http:\/\/www.karate-neuhofen.at\/wp-content\/gallery\/10-sommercamp-2018\/thumbs\/thumbs_Sommercamp20181714.JPG\"\n                    width=\"240\"\n                    height=\"160\"\n                    style=\"max-width:100%;\"\n                \/>\n            <\/a>\n        <\/div>\n\t\t\t\t\t\t\t<\/div> \n\t\t\t\n        \n\t\t\t\t<div id=\"ngg-image-714\" class=\"ngg-gallery-thumbnail-box\" >\n\t\t\t\t        <div class=\"ngg-gallery-thumbnail\">\n            <a href=\"http:\/\/www.karate-neuhofen.at\/wp-content\/gallery\/10-sommercamp-2018\/Sommercamp20181715.JPG\"\n               title=\"\"\n               data-src=\"http:\/\/www.karate-neuhofen.at\/wp-content\/gallery\/10-sommercamp-2018\/Sommercamp20181715.JPG\"\n               data-thumbnail=\"http:\/\/www.karate-neuhofen.at\/wp-content\/gallery\/10-sommercamp-2018\/thumbs\/thumbs_Sommercamp20181715.JPG\"\n               data-image-id=\"21451\"\n               data-title=\"Sommercamp2018(1715)\"\n               data-description=\"\"\n               data-image-slug=\"sommercamp20181715\"\n               class=\"shutterset_14ea2dae3d90de67c1fc228ab12416d8\">\n                <img\n                    title=\"Sommercamp2018(1715)\"\n                    alt=\"Sommercamp2018(1715)\"\n                    src=\"http:\/\/www.karate-neuhofen.at\/wp-content\/gallery\/10-sommercamp-2018\/thumbs\/thumbs_Sommercamp20181715.JPG\"\n                    width=\"240\"\n                    height=\"160\"\n                    style=\"max-width:100%;\"\n                \/>\n            <\/a>\n        <\/div>\n\t\t\t\t\t\t\t<\/div> \n\t\t\t\n        \n\t\t\t\t<div id=\"ngg-image-715\" class=\"ngg-gallery-thumbnail-box\" >\n\t\t\t\t        <div class=\"ngg-gallery-thumbnail\">\n            <a href=\"http:\/\/www.karate-neuhofen.at\/wp-content\/gallery\/10-sommercamp-2018\/Sommercamp20181716.JPG\"\n               title=\"\"\n               data-src=\"http:\/\/www.karate-neuhofen.at\/wp-content\/gallery\/10-sommercamp-2018\/Sommercamp20181716.JPG\"\n               data-thumbnail=\"http:\/\/www.karate-neuhofen.at\/wp-content\/gallery\/10-sommercamp-2018\/thumbs\/thumbs_Sommercamp20181716.JPG\"\n               data-image-id=\"21452\"\n               data-title=\"Sommercamp2018(1716)\"\n               data-description=\"\"\n               data-image-slug=\"sommercamp20181716\"\n               class=\"shutterset_14ea2dae3d90de67c1fc228ab12416d8\">\n                <img\n                    title=\"Sommercamp2018(1716)\"\n                    alt=\"Sommercamp2018(1716)\"\n                    src=\"http:\/\/www.karate-neuhofen.at\/wp-content\/gallery\/10-sommercamp-2018\/thumbs\/thumbs_Sommercamp20181716.JPG\"\n                    width=\"240\"\n                    height=\"160\"\n                    style=\"max-width:100%;\"\n                \/>\n            <\/a>\n        <\/div>\n\t\t\t\t\t\t\t<\/div> \n\t\t\t\n        \n\t\t\t\t<div id=\"ngg-image-716\" class=\"ngg-gallery-thumbnail-box\" >\n\t\t\t\t        <div class=\"ngg-gallery-thumbnail\">\n            <a href=\"http:\/\/www.karate-neuhofen.at\/wp-content\/gallery\/10-sommercamp-2018\/Sommercamp20181717.JPG\"\n               title=\"\"\n               data-src=\"http:\/\/www.karate-neuhofen.at\/wp-content\/gallery\/10-sommercamp-2018\/Sommercamp20181717.JPG\"\n               data-thumbnail=\"http:\/\/www.karate-neuhofen.at\/wp-content\/gallery\/10-sommercamp-2018\/thumbs\/thumbs_Sommercamp20181717.JPG\"\n               data-image-id=\"21453\"\n               data-title=\"Sommercamp2018(1717)\"\n               data-description=\"\"\n               data-image-slug=\"sommercamp20181717\"\n               class=\"shutterset_14ea2dae3d90de67c1fc228ab12416d8\">\n                <img\n                    title=\"Sommercamp2018(1717)\"\n                    alt=\"Sommercamp2018(1717)\"\n                    src=\"http:\/\/www.karate-neuhofen.at\/wp-content\/gallery\/10-sommercamp-2018\/thumbs\/thumbs_Sommercamp20181717.JPG\"\n                    width=\"240\"\n                    height=\"160\"\n                    style=\"max-width:100%;\"\n                \/>\n            <\/a>\n        <\/div>\n\t\t\t\t\t\t\t<\/div> \n\t\t\t\n        \n\t\t\t\t<div id=\"ngg-image-717\" class=\"ngg-gallery-thumbnail-box\" >\n\t\t\t\t        <div class=\"ngg-gallery-thumbnail\">\n            <a href=\"http:\/\/www.karate-neuhofen.at\/wp-content\/gallery\/10-sommercamp-2018\/Sommercamp20181718.JPG\"\n               title=\"\"\n               data-src=\"http:\/\/www.karate-neuhofen.at\/wp-content\/gallery\/10-sommercamp-2018\/Sommercamp20181718.JPG\"\n               data-thumbnail=\"http:\/\/www.karate-neuhofen.at\/wp-content\/gallery\/10-sommercamp-2018\/thumbs\/thumbs_Sommercamp20181718.JPG\"\n               data-image-id=\"21454\"\n               data-title=\"Sommercamp2018(1718)\"\n               data-description=\"\"\n               data-image-slug=\"sommercamp20181718\"\n               class=\"shutterset_14ea2dae3d90de67c1fc228ab12416d8\">\n                <img\n                    title=\"Sommercamp2018(1718)\"\n                    alt=\"Sommercamp2018(1718)\"\n                    src=\"http:\/\/www.karate-neuhofen.at\/wp-content\/gallery\/10-sommercamp-2018\/thumbs\/thumbs_Sommercamp20181718.JPG\"\n                    width=\"240\"\n                    height=\"160\"\n                    style=\"max-width:100%;\"\n                \/>\n            <\/a>\n        <\/div>\n\t\t\t\t\t\t\t<\/div> \n\t\t\t\n        \n\t\t\t\t<div id=\"ngg-image-718\" class=\"ngg-gallery-thumbnail-box\" >\n\t\t\t\t        <div class=\"ngg-gallery-thumbnail\">\n            <a href=\"http:\/\/www.karate-neuhofen.at\/wp-content\/gallery\/10-sommercamp-2018\/Sommercamp20181719.JPG\"\n               title=\"\"\n               data-src=\"http:\/\/www.karate-neuhofen.at\/wp-content\/gallery\/10-sommercamp-2018\/Sommercamp20181719.JPG\"\n               data-thumbnail=\"http:\/\/www.karate-neuhofen.at\/wp-content\/gallery\/10-sommercamp-2018\/thumbs\/thumbs_Sommercamp20181719.JPG\"\n               data-image-id=\"21455\"\n               data-title=\"Sommercamp2018(1719)\"\n               data-description=\"\"\n               data-image-slug=\"sommercamp20181719\"\n               class=\"shutterset_14ea2dae3d90de67c1fc228ab12416d8\">\n                <img\n                    title=\"Sommercamp2018(1719)\"\n                    alt=\"Sommercamp2018(1719)\"\n                    src=\"http:\/\/www.karate-neuhofen.at\/wp-content\/gallery\/10-sommercamp-2018\/thumbs\/thumbs_Sommercamp20181719.JPG\"\n                    width=\"240\"\n                    height=\"160\"\n                    style=\"max-width:100%;\"\n                \/>\n            <\/a>\n        <\/div>\n\t\t\t\t\t\t\t<\/div> \n\t\t\t\n        \n\t\t\t\t<div id=\"ngg-image-719\" class=\"ngg-gallery-thumbnail-box\" >\n\t\t\t\t        <div class=\"ngg-gallery-thumbnail\">\n            <a href=\"http:\/\/www.karate-neuhofen.at\/wp-content\/gallery\/10-sommercamp-2018\/Sommercamp20181720.JPG\"\n               title=\"\"\n               data-src=\"http:\/\/www.karate-neuhofen.at\/wp-content\/gallery\/10-sommercamp-2018\/Sommercamp20181720.JPG\"\n               data-thumbnail=\"http:\/\/www.karate-neuhofen.at\/wp-content\/gallery\/10-sommercamp-2018\/thumbs\/thumbs_Sommercamp20181720.JPG\"\n               data-image-id=\"21456\"\n               data-title=\"Sommercamp2018(1720)\"\n               data-description=\"\"\n               data-image-slug=\"sommercamp20181720\"\n               class=\"shutterset_14ea2dae3d90de67c1fc228ab12416d8\">\n                <img\n                    title=\"Sommercamp2018(1720)\"\n                    alt=\"Sommercamp2018(1720)\"\n                    src=\"http:\/\/www.karate-neuhofen.at\/wp-content\/gallery\/10-sommercamp-2018\/thumbs\/thumbs_Sommercamp20181720.JPG\"\n                    width=\"240\"\n                    height=\"160\"\n                    style=\"max-width:100%;\"\n                \/>\n            <\/a>\n        <\/div>\n\t\t\t\t\t\t\t<\/div> \n\t\t\t\n        \n\t\t\t\t<div id=\"ngg-image-720\" class=\"ngg-gallery-thumbnail-box\" >\n\t\t\t\t        <div class=\"ngg-gallery-thumbnail\">\n            <a href=\"http:\/\/www.karate-neuhofen.at\/wp-content\/gallery\/10-sommercamp-2018\/Sommercamp20181721.JPG\"\n               title=\"\"\n               data-src=\"http:\/\/www.karate-neuhofen.at\/wp-content\/gallery\/10-sommercamp-2018\/Sommercamp20181721.JPG\"\n               data-thumbnail=\"http:\/\/www.karate-neuhofen.at\/wp-content\/gallery\/10-sommercamp-2018\/thumbs\/thumbs_Sommercamp20181721.JPG\"\n               data-image-id=\"21457\"\n               data-title=\"Sommercamp2018(1721)\"\n               data-description=\"\"\n               data-image-slug=\"sommercamp20181721\"\n               class=\"shutterset_14ea2dae3d90de67c1fc228ab12416d8\">\n                <img\n                    title=\"Sommercamp2018(1721)\"\n                    alt=\"Sommercamp2018(1721)\"\n                    src=\"http:\/\/www.karate-neuhofen.at\/wp-content\/gallery\/10-sommercamp-2018\/thumbs\/thumbs_Sommercamp20181721.JPG\"\n                    width=\"240\"\n                    height=\"160\"\n                    style=\"max-width:100%;\"\n                \/>\n            <\/a>\n        <\/div>\n\t\t\t\t\t\t\t<\/div> \n\t\t\t\n        \n\t\t\t\t<div id=\"ngg-image-721\" class=\"ngg-gallery-thumbnail-box\" >\n\t\t\t\t        <div class=\"ngg-gallery-thumbnail\">\n            <a href=\"http:\/\/www.karate-neuhofen.at\/wp-content\/gallery\/10-sommercamp-2018\/Sommercamp20181722.JPG\"\n               title=\"\"\n               data-src=\"http:\/\/www.karate-neuhofen.at\/wp-content\/gallery\/10-sommercamp-2018\/Sommercamp20181722.JPG\"\n               data-thumbnail=\"http:\/\/www.karate-neuhofen.at\/wp-content\/gallery\/10-sommercamp-2018\/thumbs\/thumbs_Sommercamp20181722.JPG\"\n               data-image-id=\"21458\"\n               data-title=\"Sommercamp2018(1722)\"\n               data-description=\"\"\n               data-image-slug=\"sommercamp20181722\"\n               class=\"shutterset_14ea2dae3d90de67c1fc228ab12416d8\">\n                <img\n                    title=\"Sommercamp2018(1722)\"\n                    alt=\"Sommercamp2018(1722)\"\n                    src=\"http:\/\/www.karate-neuhofen.at\/wp-content\/gallery\/10-sommercamp-2018\/thumbs\/thumbs_Sommercamp20181722.JPG\"\n                    width=\"240\"\n                    height=\"160\"\n                    style=\"max-width:100%;\"\n                \/>\n            <\/a>\n        <\/div>\n\t\t\t\t\t\t\t<\/div> \n\t\t\t\n        \n\t\t\t\t<div id=\"ngg-image-722\" class=\"ngg-gallery-thumbnail-box\" >\n\t\t\t\t        <div class=\"ngg-gallery-thumbnail\">\n            <a href=\"http:\/\/www.karate-neuhofen.at\/wp-content\/gallery\/10-sommercamp-2018\/Sommercamp20181723.JPG\"\n               title=\"\"\n               data-src=\"http:\/\/www.karate-neuhofen.at\/wp-content\/gallery\/10-sommercamp-2018\/Sommercamp20181723.JPG\"\n               data-thumbnail=\"http:\/\/www.karate-neuhofen.at\/wp-content\/gallery\/10-sommercamp-2018\/thumbs\/thumbs_Sommercamp20181723.JPG\"\n               data-image-id=\"21459\"\n               data-title=\"Sommercamp2018(1723)\"\n               data-description=\"\"\n               data-image-slug=\"sommercamp20181723\"\n               class=\"shutterset_14ea2dae3d90de67c1fc228ab12416d8\">\n                <img\n                    title=\"Sommercamp2018(1723)\"\n                    alt=\"Sommercamp2018(1723)\"\n                    src=\"http:\/\/www.karate-neuhofen.at\/wp-content\/gallery\/10-sommercamp-2018\/thumbs\/thumbs_Sommercamp20181723.JPG\"\n                    width=\"240\"\n                    height=\"160\"\n                    style=\"max-width:100%;\"\n                \/>\n            <\/a>\n        <\/div>\n\t\t\t\t\t\t\t<\/div> \n\t\t\t\n        \n\t\t\t\t<div id=\"ngg-image-723\" class=\"ngg-gallery-thumbnail-box\" >\n\t\t\t\t        <div class=\"ngg-gallery-thumbnail\">\n            <a href=\"http:\/\/www.karate-neuhofen.at\/wp-content\/gallery\/10-sommercamp-2018\/Sommercamp20181724.JPG\"\n               title=\"\"\n               data-src=\"http:\/\/www.karate-neuhofen.at\/wp-content\/gallery\/10-sommercamp-2018\/Sommercamp20181724.JPG\"\n               data-thumbnail=\"http:\/\/www.karate-neuhofen.at\/wp-content\/gallery\/10-sommercamp-2018\/thumbs\/thumbs_Sommercamp20181724.JPG\"\n               data-image-id=\"21460\"\n               data-title=\"Sommercamp2018(1724)\"\n               data-description=\"\"\n               data-image-slug=\"sommercamp20181724\"\n               class=\"shutterset_14ea2dae3d90de67c1fc228ab12416d8\">\n                <img\n                    title=\"Sommercamp2018(1724)\"\n                    alt=\"Sommercamp2018(1724)\"\n                    src=\"http:\/\/www.karate-neuhofen.at\/wp-content\/gallery\/10-sommercamp-2018\/thumbs\/thumbs_Sommercamp20181724.JPG\"\n                    width=\"240\"\n                    height=\"160\"\n                    style=\"max-width:100%;\"\n                \/>\n            <\/a>\n        <\/div>\n\t\t\t\t\t\t\t<\/div> \n\t\t\t\n        \n\t\t\t\t<div id=\"ngg-image-724\" class=\"ngg-gallery-thumbnail-box\" >\n\t\t\t\t        <div class=\"ngg-gallery-thumbnail\">\n            <a href=\"http:\/\/www.karate-neuhofen.at\/wp-content\/gallery\/10-sommercamp-2018\/Sommercamp20181725.JPG\"\n               title=\"\"\n               data-src=\"http:\/\/www.karate-neuhofen.at\/wp-content\/gallery\/10-sommercamp-2018\/Sommercamp20181725.JPG\"\n               data-thumbnail=\"http:\/\/www.karate-neuhofen.at\/wp-content\/gallery\/10-sommercamp-2018\/thumbs\/thumbs_Sommercamp20181725.JPG\"\n               data-image-id=\"21461\"\n               data-title=\"Sommercamp2018(1725)\"\n               data-description=\"\"\n               data-image-slug=\"sommercamp20181725\"\n               class=\"shutterset_14ea2dae3d90de67c1fc228ab12416d8\">\n                <img\n                    title=\"Sommercamp2018(1725)\"\n                    alt=\"Sommercamp2018(1725)\"\n                    src=\"http:\/\/www.karate-neuhofen.at\/wp-content\/gallery\/10-sommercamp-2018\/thumbs\/thumbs_Sommercamp20181725.JPG\"\n                    width=\"240\"\n                    height=\"160\"\n                    style=\"max-width:100%;\"\n                \/>\n            <\/a>\n        <\/div>\n\t\t\t\t\t\t\t<\/div> \n\t\t\t\n        \n\t\t\t\t<div id=\"ngg-image-725\" class=\"ngg-gallery-thumbnail-box\" >\n\t\t\t\t        <div class=\"ngg-gallery-thumbnail\">\n            <a href=\"http:\/\/www.karate-neuhofen.at\/wp-content\/gallery\/10-sommercamp-2018\/Sommercamp20181726.JPG\"\n               title=\"\"\n               data-src=\"http:\/\/www.karate-neuhofen.at\/wp-content\/gallery\/10-sommercamp-2018\/Sommercamp20181726.JPG\"\n               data-thumbnail=\"http:\/\/www.karate-neuhofen.at\/wp-content\/gallery\/10-sommercamp-2018\/thumbs\/thumbs_Sommercamp20181726.JPG\"\n               data-image-id=\"21462\"\n               data-title=\"Sommercamp2018(1726)\"\n               data-description=\"\"\n               data-image-slug=\"sommercamp20181726\"\n               class=\"shutterset_14ea2dae3d90de67c1fc228ab12416d8\">\n                <img\n                    title=\"Sommercamp2018(1726)\"\n                    alt=\"Sommercamp2018(1726)\"\n                    src=\"http:\/\/www.karate-neuhofen.at\/wp-content\/gallery\/10-sommercamp-2018\/thumbs\/thumbs_Sommercamp20181726.JPG\"\n                    width=\"240\"\n                    height=\"160\"\n                    style=\"max-width:100%;\"\n                \/>\n            <\/a>\n        <\/div>\n\t\t\t\t\t\t\t<\/div> \n\t\t\t\n        \n\t\t\t\t<div id=\"ngg-image-726\" class=\"ngg-gallery-thumbnail-box\" >\n\t\t\t\t        <div class=\"ngg-gallery-thumbnail\">\n            <a href=\"http:\/\/www.karate-neuhofen.at\/wp-content\/gallery\/10-sommercamp-2018\/Sommercamp20181727.JPG\"\n               title=\"\"\n               data-src=\"http:\/\/www.karate-neuhofen.at\/wp-content\/gallery\/10-sommercamp-2018\/Sommercamp20181727.JPG\"\n               data-thumbnail=\"http:\/\/www.karate-neuhofen.at\/wp-content\/gallery\/10-sommercamp-2018\/thumbs\/thumbs_Sommercamp20181727.JPG\"\n               data-image-id=\"21463\"\n               data-title=\"Sommercamp2018(1727)\"\n               data-description=\"\"\n               data-image-slug=\"sommercamp20181727\"\n               class=\"shutterset_14ea2dae3d90de67c1fc228ab12416d8\">\n                <img\n                    title=\"Sommercamp2018(1727)\"\n                    alt=\"Sommercamp2018(1727)\"\n                    src=\"http:\/\/www.karate-neuhofen.at\/wp-content\/gallery\/10-sommercamp-2018\/thumbs\/thumbs_Sommercamp20181727.JPG\"\n                    width=\"240\"\n                    height=\"160\"\n                    style=\"max-width:100%;\"\n                \/>\n            <\/a>\n        <\/div>\n\t\t\t\t\t\t\t<\/div> \n\t\t\t\n        \n\t\t\t\t<div id=\"ngg-image-727\" class=\"ngg-gallery-thumbnail-box\" >\n\t\t\t\t        <div class=\"ngg-gallery-thumbnail\">\n            <a href=\"http:\/\/www.karate-neuhofen.at\/wp-content\/gallery\/10-sommercamp-2018\/Sommercamp20181728.JPG\"\n               title=\"\"\n               data-src=\"http:\/\/www.karate-neuhofen.at\/wp-content\/gallery\/10-sommercamp-2018\/Sommercamp20181728.JPG\"\n               data-thumbnail=\"http:\/\/www.karate-neuhofen.at\/wp-content\/gallery\/10-sommercamp-2018\/thumbs\/thumbs_Sommercamp20181728.JPG\"\n               data-image-id=\"21464\"\n               data-title=\"Sommercamp2018(1728)\"\n               data-description=\"\"\n               data-image-slug=\"sommercamp20181728\"\n               class=\"shutterset_14ea2dae3d90de67c1fc228ab12416d8\">\n                <img\n                    title=\"Sommercamp2018(1728)\"\n                    alt=\"Sommercamp2018(1728)\"\n                    src=\"http:\/\/www.karate-neuhofen.at\/wp-content\/gallery\/10-sommercamp-2018\/thumbs\/thumbs_Sommercamp20181728.JPG\"\n                    width=\"240\"\n                    height=\"160\"\n                    style=\"max-width:100%;\"\n                \/>\n            <\/a>\n        <\/div>\n\t\t\t\t\t\t\t<\/div> \n\t\t\t\n        \n\t\t\t\t<div id=\"ngg-image-728\" class=\"ngg-gallery-thumbnail-box\" >\n\t\t\t\t        <div class=\"ngg-gallery-thumbnail\">\n            <a href=\"http:\/\/www.karate-neuhofen.at\/wp-content\/gallery\/10-sommercamp-2018\/Sommercamp20181729.JPG\"\n               title=\"\"\n               data-src=\"http:\/\/www.karate-neuhofen.at\/wp-content\/gallery\/10-sommercamp-2018\/Sommercamp20181729.JPG\"\n               data-thumbnail=\"http:\/\/www.karate-neuhofen.at\/wp-content\/gallery\/10-sommercamp-2018\/thumbs\/thumbs_Sommercamp20181729.JPG\"\n               data-image-id=\"21465\"\n               data-title=\"Sommercamp2018(1729)\"\n               data-description=\"\"\n               data-image-slug=\"sommercamp20181729\"\n               class=\"shutterset_14ea2dae3d90de67c1fc228ab12416d8\">\n                <img\n                    title=\"Sommercamp2018(1729)\"\n                    alt=\"Sommercamp2018(1729)\"\n                    src=\"http:\/\/www.karate-neuhofen.at\/wp-content\/gallery\/10-sommercamp-2018\/thumbs\/thumbs_Sommercamp20181729.JPG\"\n                    width=\"240\"\n                    height=\"160\"\n                    style=\"max-width:100%;\"\n                \/>\n            <\/a>\n        <\/div>\n\t\t\t\t\t\t\t<\/div> \n\t\t\t\n        \n\t\t\t\t<div id=\"ngg-image-729\" class=\"ngg-gallery-thumbnail-box\" >\n\t\t\t\t        <div class=\"ngg-gallery-thumbnail\">\n            <a href=\"http:\/\/www.karate-neuhofen.at\/wp-content\/gallery\/10-sommercamp-2018\/Sommercamp20181730.JPG\"\n               title=\"\"\n               data-src=\"http:\/\/www.karate-neuhofen.at\/wp-content\/gallery\/10-sommercamp-2018\/Sommercamp20181730.JPG\"\n               data-thumbnail=\"http:\/\/www.karate-neuhofen.at\/wp-content\/gallery\/10-sommercamp-2018\/thumbs\/thumbs_Sommercamp20181730.JPG\"\n               data-image-id=\"21466\"\n               data-title=\"Sommercamp2018(1730)\"\n               data-description=\"\"\n               data-image-slug=\"sommercamp20181730\"\n               class=\"shutterset_14ea2dae3d90de67c1fc228ab12416d8\">\n                <img\n                    title=\"Sommercamp2018(1730)\"\n                    alt=\"Sommercamp2018(1730)\"\n                    src=\"http:\/\/www.karate-neuhofen.at\/wp-content\/gallery\/10-sommercamp-2018\/thumbs\/thumbs_Sommercamp20181730.JPG\"\n                    width=\"240\"\n                    height=\"160\"\n                    style=\"max-width:100%;\"\n                \/>\n            <\/a>\n        <\/div>\n\t\t\t\t\t\t\t<\/div> \n\t\t\t\n        \n\t\t\t\t<div id=\"ngg-image-730\" class=\"ngg-gallery-thumbnail-box\" >\n\t\t\t\t        <div class=\"ngg-gallery-thumbnail\">\n            <a href=\"http:\/\/www.karate-neuhofen.at\/wp-content\/gallery\/10-sommercamp-2018\/Sommercamp20181731.JPG\"\n               title=\"\"\n               data-src=\"http:\/\/www.karate-neuhofen.at\/wp-content\/gallery\/10-sommercamp-2018\/Sommercamp20181731.JPG\"\n               data-thumbnail=\"http:\/\/www.karate-neuhofen.at\/wp-content\/gallery\/10-sommercamp-2018\/thumbs\/thumbs_Sommercamp20181731.JPG\"\n               data-image-id=\"21467\"\n               data-title=\"Sommercamp2018(1731)\"\n               data-description=\"\"\n               data-image-slug=\"sommercamp20181731\"\n               class=\"shutterset_14ea2dae3d90de67c1fc228ab12416d8\">\n                <img\n                    title=\"Sommercamp2018(1731)\"\n                    alt=\"Sommercamp2018(1731)\"\n                    src=\"http:\/\/www.karate-neuhofen.at\/wp-content\/gallery\/10-sommercamp-2018\/thumbs\/thumbs_Sommercamp20181731.JPG\"\n                    width=\"240\"\n                    height=\"160\"\n                    style=\"max-width:100%;\"\n                \/>\n            <\/a>\n        <\/div>\n\t\t\t\t\t\t\t<\/div> \n\t\t\t\n        \n\t\t\t\t<div id=\"ngg-image-731\" class=\"ngg-gallery-thumbnail-box\" >\n\t\t\t\t        <div class=\"ngg-gallery-thumbnail\">\n            <a href=\"http:\/\/www.karate-neuhofen.at\/wp-content\/gallery\/10-sommercamp-2018\/Sommercamp20181732.JPG\"\n               title=\"\"\n               data-src=\"http:\/\/www.karate-neuhofen.at\/wp-content\/gallery\/10-sommercamp-2018\/Sommercamp20181732.JPG\"\n               data-thumbnail=\"http:\/\/www.karate-neuhofen.at\/wp-content\/gallery\/10-sommercamp-2018\/thumbs\/thumbs_Sommercamp20181732.JPG\"\n               data-image-id=\"21468\"\n               data-title=\"Sommercamp2018(1732)\"\n               data-description=\"\"\n               data-image-slug=\"sommercamp20181732\"\n               class=\"shutterset_14ea2dae3d90de67c1fc228ab12416d8\">\n                <img\n                    title=\"Sommercamp2018(1732)\"\n                    alt=\"Sommercamp2018(1732)\"\n                    src=\"http:\/\/www.karate-neuhofen.at\/wp-content\/gallery\/10-sommercamp-2018\/thumbs\/thumbs_Sommercamp20181732.JPG\"\n                    width=\"240\"\n                    height=\"160\"\n                    style=\"max-width:100%;\"\n                \/>\n            <\/a>\n        <\/div>\n\t\t\t\t\t\t\t<\/div> \n\t\t\t\n        \n\t\t\t\t<div id=\"ngg-image-732\" class=\"ngg-gallery-thumbnail-box\" >\n\t\t\t\t        <div class=\"ngg-gallery-thumbnail\">\n            <a href=\"http:\/\/www.karate-neuhofen.at\/wp-content\/gallery\/10-sommercamp-2018\/Sommercamp20181733.JPG\"\n               title=\"\"\n               data-src=\"http:\/\/www.karate-neuhofen.at\/wp-content\/gallery\/10-sommercamp-2018\/Sommercamp20181733.JPG\"\n               data-thumbnail=\"http:\/\/www.karate-neuhofen.at\/wp-content\/gallery\/10-sommercamp-2018\/thumbs\/thumbs_Sommercamp20181733.JPG\"\n               data-image-id=\"21469\"\n               data-title=\"Sommercamp2018(1733)\"\n               data-description=\"\"\n               data-image-slug=\"sommercamp20181733\"\n               class=\"shutterset_14ea2dae3d90de67c1fc228ab12416d8\">\n                <img\n                    title=\"Sommercamp2018(1733)\"\n                    alt=\"Sommercamp2018(1733)\"\n                    src=\"http:\/\/www.karate-neuhofen.at\/wp-content\/gallery\/10-sommercamp-2018\/thumbs\/thumbs_Sommercamp20181733.JPG\"\n                    width=\"240\"\n                    height=\"160\"\n                    style=\"max-width:100%;\"\n                \/>\n            <\/a>\n        <\/div>\n\t\t\t\t\t\t\t<\/div> \n\t\t\t\n        \n\t\t\t\t<div id=\"ngg-image-733\" class=\"ngg-gallery-thumbnail-box\" >\n\t\t\t\t        <div class=\"ngg-gallery-thumbnail\">\n            <a href=\"http:\/\/www.karate-neuhofen.at\/wp-content\/gallery\/10-sommercamp-2018\/Sommercamp20181734.JPG\"\n               title=\"\"\n               data-src=\"http:\/\/www.karate-neuhofen.at\/wp-content\/gallery\/10-sommercamp-2018\/Sommercamp20181734.JPG\"\n               data-thumbnail=\"http:\/\/www.karate-neuhofen.at\/wp-content\/gallery\/10-sommercamp-2018\/thumbs\/thumbs_Sommercamp20181734.JPG\"\n               data-image-id=\"21470\"\n               data-title=\"Sommercamp2018(1734)\"\n               data-description=\"\"\n               data-image-slug=\"sommercamp20181734\"\n               class=\"shutterset_14ea2dae3d90de67c1fc228ab12416d8\">\n                <img\n                    title=\"Sommercamp2018(1734)\"\n                    alt=\"Sommercamp2018(1734)\"\n                    src=\"http:\/\/www.karate-neuhofen.at\/wp-content\/gallery\/10-sommercamp-2018\/thumbs\/thumbs_Sommercamp20181734.JPG\"\n                    width=\"240\"\n                    height=\"160\"\n                    style=\"max-width:100%;\"\n                \/>\n            <\/a>\n        <\/div>\n\t\t\t\t\t\t\t<\/div> \n\t\t\t\n        \n\t\t\t\t<div id=\"ngg-image-734\" class=\"ngg-gallery-thumbnail-box\" >\n\t\t\t\t        <div class=\"ngg-gallery-thumbnail\">\n            <a href=\"http:\/\/www.karate-neuhofen.at\/wp-content\/gallery\/10-sommercamp-2018\/Sommercamp20181735.JPG\"\n               title=\"\"\n               data-src=\"http:\/\/www.karate-neuhofen.at\/wp-content\/gallery\/10-sommercamp-2018\/Sommercamp20181735.JPG\"\n               data-thumbnail=\"http:\/\/www.karate-neuhofen.at\/wp-content\/gallery\/10-sommercamp-2018\/thumbs\/thumbs_Sommercamp20181735.JPG\"\n               data-image-id=\"21471\"\n               data-title=\"Sommercamp2018(1735)\"\n               data-description=\"\"\n               data-image-slug=\"sommercamp20181735\"\n               class=\"shutterset_14ea2dae3d90de67c1fc228ab12416d8\">\n                <img\n                    title=\"Sommercamp2018(1735)\"\n                    alt=\"Sommercamp2018(1735)\"\n                    src=\"http:\/\/www.karate-neuhofen.at\/wp-content\/gallery\/10-sommercamp-2018\/thumbs\/thumbs_Sommercamp20181735.JPG\"\n                    width=\"240\"\n                    height=\"160\"\n                    style=\"max-width:100%;\"\n                \/>\n            <\/a>\n        <\/div>\n\t\t\t\t\t\t\t<\/div> \n\t\t\t\n        \n\t\t\t\t<div id=\"ngg-image-735\" class=\"ngg-gallery-thumbnail-box\" >\n\t\t\t\t        <div class=\"ngg-gallery-thumbnail\">\n            <a href=\"http:\/\/www.karate-neuhofen.at\/wp-content\/gallery\/10-sommercamp-2018\/Sommercamp20181736.JPG\"\n               title=\"\"\n               data-src=\"http:\/\/www.karate-neuhofen.at\/wp-content\/gallery\/10-sommercamp-2018\/Sommercamp20181736.JPG\"\n               data-thumbnail=\"http:\/\/www.karate-neuhofen.at\/wp-content\/gallery\/10-sommercamp-2018\/thumbs\/thumbs_Sommercamp20181736.JPG\"\n               data-image-id=\"21472\"\n               data-title=\"Sommercamp2018(1736)\"\n               data-description=\"\"\n               data-image-slug=\"sommercamp20181736\"\n               class=\"shutterset_14ea2dae3d90de67c1fc228ab12416d8\">\n                <img\n                    title=\"Sommercamp2018(1736)\"\n                    alt=\"Sommercamp2018(1736)\"\n                    src=\"http:\/\/www.karate-neuhofen.at\/wp-content\/gallery\/10-sommercamp-2018\/thumbs\/thumbs_Sommercamp20181736.JPG\"\n                    width=\"240\"\n                    height=\"160\"\n                    style=\"max-width:100%;\"\n                \/>\n            <\/a>\n        <\/div>\n\t\t\t\t\t\t\t<\/div> \n\t\t\t\n        \n\t\t\t\t<div id=\"ngg-image-736\" class=\"ngg-gallery-thumbnail-box\" >\n\t\t\t\t        <div class=\"ngg-gallery-thumbnail\">\n            <a href=\"http:\/\/www.karate-neuhofen.at\/wp-content\/gallery\/10-sommercamp-2018\/Sommercamp20181737.JPG\"\n               title=\"\"\n               data-src=\"http:\/\/www.karate-neuhofen.at\/wp-content\/gallery\/10-sommercamp-2018\/Sommercamp20181737.JPG\"\n               data-thumbnail=\"http:\/\/www.karate-neuhofen.at\/wp-content\/gallery\/10-sommercamp-2018\/thumbs\/thumbs_Sommercamp20181737.JPG\"\n               data-image-id=\"21473\"\n               data-title=\"Sommercamp2018(1737)\"\n               data-description=\"\"\n               data-image-slug=\"sommercamp20181737\"\n               class=\"shutterset_14ea2dae3d90de67c1fc228ab12416d8\">\n                <img\n                    title=\"Sommercamp2018(1737)\"\n                    alt=\"Sommercamp2018(1737)\"\n                    src=\"http:\/\/www.karate-neuhofen.at\/wp-content\/gallery\/10-sommercamp-2018\/thumbs\/thumbs_Sommercamp20181737.JPG\"\n                    width=\"240\"\n                    height=\"160\"\n                    style=\"max-width:100%;\"\n                \/>\n            <\/a>\n        <\/div>\n\t\t\t\t\t\t\t<\/div> \n\t\t\t\n        \n\t\t\t\t<div id=\"ngg-image-737\" class=\"ngg-gallery-thumbnail-box\" >\n\t\t\t\t        <div class=\"ngg-gallery-thumbnail\">\n            <a href=\"http:\/\/www.karate-neuhofen.at\/wp-content\/gallery\/10-sommercamp-2018\/Sommercamp20181738.JPG\"\n               title=\"\"\n               data-src=\"http:\/\/www.karate-neuhofen.at\/wp-content\/gallery\/10-sommercamp-2018\/Sommercamp20181738.JPG\"\n               data-thumbnail=\"http:\/\/www.karate-neuhofen.at\/wp-content\/gallery\/10-sommercamp-2018\/thumbs\/thumbs_Sommercamp20181738.JPG\"\n               data-image-id=\"21474\"\n               data-title=\"Sommercamp2018(1738)\"\n               data-description=\"\"\n               data-image-slug=\"sommercamp20181738\"\n               class=\"shutterset_14ea2dae3d90de67c1fc228ab12416d8\">\n                <img\n                    title=\"Sommercamp2018(1738)\"\n                    alt=\"Sommercamp2018(1738)\"\n                    src=\"http:\/\/www.karate-neuhofen.at\/wp-content\/gallery\/10-sommercamp-2018\/thumbs\/thumbs_Sommercamp20181738.JPG\"\n                    width=\"240\"\n                    height=\"160\"\n                    style=\"max-width:100%;\"\n                \/>\n            <\/a>\n        <\/div>\n\t\t\t\t\t\t\t<\/div> \n\t\t\t\n        \n\t\t\t\t<div id=\"ngg-image-738\" class=\"ngg-gallery-thumbnail-box\" >\n\t\t\t\t        <div class=\"ngg-gallery-thumbnail\">\n            <a href=\"http:\/\/www.karate-neuhofen.at\/wp-content\/gallery\/10-sommercamp-2018\/Sommercamp20181739.JPG\"\n               title=\"\"\n               data-src=\"http:\/\/www.karate-neuhofen.at\/wp-content\/gallery\/10-sommercamp-2018\/Sommercamp20181739.JPG\"\n               data-thumbnail=\"http:\/\/www.karate-neuhofen.at\/wp-content\/gallery\/10-sommercamp-2018\/thumbs\/thumbs_Sommercamp20181739.JPG\"\n               data-image-id=\"21475\"\n               data-title=\"Sommercamp2018(1739)\"\n               data-description=\"\"\n               data-image-slug=\"sommercamp20181739\"\n               class=\"shutterset_14ea2dae3d90de67c1fc228ab12416d8\">\n                <img\n                    title=\"Sommercamp2018(1739)\"\n                    alt=\"Sommercamp2018(1739)\"\n                    src=\"http:\/\/www.karate-neuhofen.at\/wp-content\/gallery\/10-sommercamp-2018\/thumbs\/thumbs_Sommercamp20181739.JPG\"\n                    width=\"240\"\n                    height=\"160\"\n                    style=\"max-width:100%;\"\n                \/>\n            <\/a>\n        <\/div>\n\t\t\t\t\t\t\t<\/div> \n\t\t\t\n        \n\t\t\t\t<div id=\"ngg-image-739\" class=\"ngg-gallery-thumbnail-box\" >\n\t\t\t\t        <div class=\"ngg-gallery-thumbnail\">\n            <a href=\"http:\/\/www.karate-neuhofen.at\/wp-content\/gallery\/10-sommercamp-2018\/Sommercamp20181740.JPG\"\n               title=\"\"\n               data-src=\"http:\/\/www.karate-neuhofen.at\/wp-content\/gallery\/10-sommercamp-2018\/Sommercamp20181740.JPG\"\n               data-thumbnail=\"http:\/\/www.karate-neuhofen.at\/wp-content\/gallery\/10-sommercamp-2018\/thumbs\/thumbs_Sommercamp20181740.JPG\"\n               data-image-id=\"21476\"\n               data-title=\"Sommercamp2018(1740)\"\n               data-description=\"\"\n               data-image-slug=\"sommercamp20181740\"\n               class=\"shutterset_14ea2dae3d90de67c1fc228ab12416d8\">\n                <img\n                    title=\"Sommercamp2018(1740)\"\n                    alt=\"Sommercamp2018(1740)\"\n                    src=\"http:\/\/www.karate-neuhofen.at\/wp-content\/gallery\/10-sommercamp-2018\/thumbs\/thumbs_Sommercamp20181740.JPG\"\n                    width=\"240\"\n                    height=\"160\"\n                    style=\"max-width:100%;\"\n                \/>\n            <\/a>\n        <\/div>\n\t\t\t\t\t\t\t<\/div> \n\t\t\t\n        \n\t\t\t\t<div id=\"ngg-image-740\" class=\"ngg-gallery-thumbnail-box\" >\n\t\t\t\t        <div class=\"ngg-gallery-thumbnail\">\n            <a href=\"http:\/\/www.karate-neuhofen.at\/wp-content\/gallery\/10-sommercamp-2018\/Sommercamp20181741.JPG\"\n               title=\"\"\n               data-src=\"http:\/\/www.karate-neuhofen.at\/wp-content\/gallery\/10-sommercamp-2018\/Sommercamp20181741.JPG\"\n               data-thumbnail=\"http:\/\/www.karate-neuhofen.at\/wp-content\/gallery\/10-sommercamp-2018\/thumbs\/thumbs_Sommercamp20181741.JPG\"\n               data-image-id=\"21477\"\n               data-title=\"Sommercamp2018(1741)\"\n               data-description=\"\"\n               data-image-slug=\"sommercamp20181741\"\n               class=\"shutterset_14ea2dae3d90de67c1fc228ab12416d8\">\n                <img\n                    title=\"Sommercamp2018(1741)\"\n                    alt=\"Sommercamp2018(1741)\"\n                    src=\"http:\/\/www.karate-neuhofen.at\/wp-content\/gallery\/10-sommercamp-2018\/thumbs\/thumbs_Sommercamp20181741.JPG\"\n                    width=\"240\"\n                    height=\"160\"\n                    style=\"max-width:100%;\"\n                \/>\n            <\/a>\n        <\/div>\n\t\t\t\t\t\t\t<\/div> \n\t\t\t\n        \n\t\t\t\t<div id=\"ngg-image-741\" class=\"ngg-gallery-thumbnail-box\" >\n\t\t\t\t        <div class=\"ngg-gallery-thumbnail\">\n            <a href=\"http:\/\/www.karate-neuhofen.at\/wp-content\/gallery\/10-sommercamp-2018\/Sommercamp20181742.JPG\"\n               title=\"\"\n               data-src=\"http:\/\/www.karate-neuhofen.at\/wp-content\/gallery\/10-sommercamp-2018\/Sommercamp20181742.JPG\"\n               data-thumbnail=\"http:\/\/www.karate-neuhofen.at\/wp-content\/gallery\/10-sommercamp-2018\/thumbs\/thumbs_Sommercamp20181742.JPG\"\n               data-image-id=\"21478\"\n               data-title=\"Sommercamp2018(1742)\"\n               data-description=\"\"\n               data-image-slug=\"sommercamp20181742\"\n               class=\"shutterset_14ea2dae3d90de67c1fc228ab12416d8\">\n                <img\n                    title=\"Sommercamp2018(1742)\"\n                    alt=\"Sommercamp2018(1742)\"\n                    src=\"http:\/\/www.karate-neuhofen.at\/wp-content\/gallery\/10-sommercamp-2018\/thumbs\/thumbs_Sommercamp20181742.JPG\"\n                    width=\"240\"\n                    height=\"160\"\n                    style=\"max-width:100%;\"\n                \/>\n            <\/a>\n        <\/div>\n\t\t\t\t\t\t\t<\/div> \n\t\t\t\n        \n\t\t\t\t<div id=\"ngg-image-742\" class=\"ngg-gallery-thumbnail-box\" >\n\t\t\t\t        <div class=\"ngg-gallery-thumbnail\">\n            <a href=\"http:\/\/www.karate-neuhofen.at\/wp-content\/gallery\/10-sommercamp-2018\/Sommercamp20181743.JPG\"\n               title=\"\"\n               data-src=\"http:\/\/www.karate-neuhofen.at\/wp-content\/gallery\/10-sommercamp-2018\/Sommercamp20181743.JPG\"\n               data-thumbnail=\"http:\/\/www.karate-neuhofen.at\/wp-content\/gallery\/10-sommercamp-2018\/thumbs\/thumbs_Sommercamp20181743.JPG\"\n               data-image-id=\"21479\"\n               data-title=\"Sommercamp2018(1743)\"\n               data-description=\"\"\n               data-image-slug=\"sommercamp20181743\"\n               class=\"shutterset_14ea2dae3d90de67c1fc228ab12416d8\">\n                <img\n                    title=\"Sommercamp2018(1743)\"\n                    alt=\"Sommercamp2018(1743)\"\n                    src=\"http:\/\/www.karate-neuhofen.at\/wp-content\/gallery\/10-sommercamp-2018\/thumbs\/thumbs_Sommercamp20181743.JPG\"\n                    width=\"240\"\n                    height=\"160\"\n                    style=\"max-width:100%;\"\n                \/>\n            <\/a>\n        <\/div>\n\t\t\t\t\t\t\t<\/div> \n\t\t\t\n        \n\t\t\t\t<div id=\"ngg-image-743\" class=\"ngg-gallery-thumbnail-box\" >\n\t\t\t\t        <div class=\"ngg-gallery-thumbnail\">\n            <a href=\"http:\/\/www.karate-neuhofen.at\/wp-content\/gallery\/10-sommercamp-2018\/Sommercamp20181744.JPG\"\n               title=\"\"\n               data-src=\"http:\/\/www.karate-neuhofen.at\/wp-content\/gallery\/10-sommercamp-2018\/Sommercamp20181744.JPG\"\n               data-thumbnail=\"http:\/\/www.karate-neuhofen.at\/wp-content\/gallery\/10-sommercamp-2018\/thumbs\/thumbs_Sommercamp20181744.JPG\"\n               data-image-id=\"21480\"\n               data-title=\"Sommercamp2018(1744)\"\n               data-description=\"\"\n               data-image-slug=\"sommercamp20181744\"\n               class=\"shutterset_14ea2dae3d90de67c1fc228ab12416d8\">\n                <img\n                    title=\"Sommercamp2018(1744)\"\n                    alt=\"Sommercamp2018(1744)\"\n                    src=\"http:\/\/www.karate-neuhofen.at\/wp-content\/gallery\/10-sommercamp-2018\/thumbs\/thumbs_Sommercamp20181744.JPG\"\n                    width=\"240\"\n                    height=\"160\"\n                    style=\"max-width:100%;\"\n                \/>\n            <\/a>\n        <\/div>\n\t\t\t\t\t\t\t<\/div> \n\t\t\t\n        \n\t\t\t\t<div id=\"ngg-image-744\" class=\"ngg-gallery-thumbnail-box\" >\n\t\t\t\t        <div class=\"ngg-gallery-thumbnail\">\n            <a href=\"http:\/\/www.karate-neuhofen.at\/wp-content\/gallery\/10-sommercamp-2018\/Sommercamp20181745.JPG\"\n               title=\"\"\n               data-src=\"http:\/\/www.karate-neuhofen.at\/wp-content\/gallery\/10-sommercamp-2018\/Sommercamp20181745.JPG\"\n               data-thumbnail=\"http:\/\/www.karate-neuhofen.at\/wp-content\/gallery\/10-sommercamp-2018\/thumbs\/thumbs_Sommercamp20181745.JPG\"\n               data-image-id=\"21481\"\n               data-title=\"Sommercamp2018(1745)\"\n               data-description=\"\"\n               data-image-slug=\"sommercamp20181745\"\n               class=\"shutterset_14ea2dae3d90de67c1fc228ab12416d8\">\n                <img\n                    title=\"Sommercamp2018(1745)\"\n                    alt=\"Sommercamp2018(1745)\"\n                    src=\"http:\/\/www.karate-neuhofen.at\/wp-content\/gallery\/10-sommercamp-2018\/thumbs\/thumbs_Sommercamp20181745.JPG\"\n                    width=\"240\"\n                    height=\"160\"\n                    style=\"max-width:100%;\"\n                \/>\n            <\/a>\n        <\/div>\n\t\t\t\t\t\t\t<\/div> \n\t\t\t\n        \n\t\t\t\t<div id=\"ngg-image-745\" class=\"ngg-gallery-thumbnail-box\" >\n\t\t\t\t        <div class=\"ngg-gallery-thumbnail\">\n            <a href=\"http:\/\/www.karate-neuhofen.at\/wp-content\/gallery\/10-sommercamp-2018\/Sommercamp20181746.JPG\"\n               title=\"\"\n               data-src=\"http:\/\/www.karate-neuhofen.at\/wp-content\/gallery\/10-sommercamp-2018\/Sommercamp20181746.JPG\"\n               data-thumbnail=\"http:\/\/www.karate-neuhofen.at\/wp-content\/gallery\/10-sommercamp-2018\/thumbs\/thumbs_Sommercamp20181746.JPG\"\n               data-image-id=\"21482\"\n               data-title=\"Sommercamp2018(1746)\"\n               data-description=\"\"\n               data-image-slug=\"sommercamp20181746\"\n               class=\"shutterset_14ea2dae3d90de67c1fc228ab12416d8\">\n                <img\n                    title=\"Sommercamp2018(1746)\"\n                    alt=\"Sommercamp2018(1746)\"\n                    src=\"http:\/\/www.karate-neuhofen.at\/wp-content\/gallery\/10-sommercamp-2018\/thumbs\/thumbs_Sommercamp20181746.JPG\"\n                    width=\"240\"\n                    height=\"160\"\n                    style=\"max-width:100%;\"\n                \/>\n            <\/a>\n        <\/div>\n\t\t\t\t\t\t\t<\/div> \n\t\t\t\n        \n\t\t\t\t<div id=\"ngg-image-746\" class=\"ngg-gallery-thumbnail-box\" >\n\t\t\t\t        <div class=\"ngg-gallery-thumbnail\">\n            <a href=\"http:\/\/www.karate-neuhofen.at\/wp-content\/gallery\/10-sommercamp-2018\/Sommercamp20181747.JPG\"\n               title=\"\"\n               data-src=\"http:\/\/www.karate-neuhofen.at\/wp-content\/gallery\/10-sommercamp-2018\/Sommercamp20181747.JPG\"\n               data-thumbnail=\"http:\/\/www.karate-neuhofen.at\/wp-content\/gallery\/10-sommercamp-2018\/thumbs\/thumbs_Sommercamp20181747.JPG\"\n               data-image-id=\"21483\"\n               data-title=\"Sommercamp2018(1747)\"\n               data-description=\"\"\n               data-image-slug=\"sommercamp20181747\"\n               class=\"shutterset_14ea2dae3d90de67c1fc228ab12416d8\">\n                <img\n                    title=\"Sommercamp2018(1747)\"\n                    alt=\"Sommercamp2018(1747)\"\n                    src=\"http:\/\/www.karate-neuhofen.at\/wp-content\/gallery\/10-sommercamp-2018\/thumbs\/thumbs_Sommercamp20181747.JPG\"\n                    width=\"240\"\n                    height=\"160\"\n                    style=\"max-width:100%;\"\n                \/>\n            <\/a>\n        <\/div>\n\t\t\t\t\t\t\t<\/div> \n\t\t\t\n        \n\t\t\t\t<div id=\"ngg-image-747\" class=\"ngg-gallery-thumbnail-box\" >\n\t\t\t\t        <div class=\"ngg-gallery-thumbnail\">\n            <a href=\"http:\/\/www.karate-neuhofen.at\/wp-content\/gallery\/10-sommercamp-2018\/Sommercamp20181748.JPG\"\n               title=\"\"\n               data-src=\"http:\/\/www.karate-neuhofen.at\/wp-content\/gallery\/10-sommercamp-2018\/Sommercamp20181748.JPG\"\n               data-thumbnail=\"http:\/\/www.karate-neuhofen.at\/wp-content\/gallery\/10-sommercamp-2018\/thumbs\/thumbs_Sommercamp20181748.JPG\"\n               data-image-id=\"21484\"\n               data-title=\"Sommercamp2018(1748)\"\n               data-description=\"\"\n               data-image-slug=\"sommercamp20181748\"\n               class=\"shutterset_14ea2dae3d90de67c1fc228ab12416d8\">\n                <img\n                    title=\"Sommercamp2018(1748)\"\n                    alt=\"Sommercamp2018(1748)\"\n                    src=\"http:\/\/www.karate-neuhofen.at\/wp-content\/gallery\/10-sommercamp-2018\/thumbs\/thumbs_Sommercamp20181748.JPG\"\n                    width=\"240\"\n                    height=\"160\"\n                    style=\"max-width:100%;\"\n                \/>\n            <\/a>\n        <\/div>\n\t\t\t\t\t\t\t<\/div> \n\t\t\t\n        \n\t\t\t\t<div id=\"ngg-image-748\" class=\"ngg-gallery-thumbnail-box\" >\n\t\t\t\t        <div class=\"ngg-gallery-thumbnail\">\n            <a href=\"http:\/\/www.karate-neuhofen.at\/wp-content\/gallery\/10-sommercamp-2018\/Sommercamp20181749.JPG\"\n               title=\"\"\n               data-src=\"http:\/\/www.karate-neuhofen.at\/wp-content\/gallery\/10-sommercamp-2018\/Sommercamp20181749.JPG\"\n               data-thumbnail=\"http:\/\/www.karate-neuhofen.at\/wp-content\/gallery\/10-sommercamp-2018\/thumbs\/thumbs_Sommercamp20181749.JPG\"\n               data-image-id=\"21485\"\n               data-title=\"Sommercamp2018(1749)\"\n               data-description=\"\"\n               data-image-slug=\"sommercamp20181749\"\n               class=\"shutterset_14ea2dae3d90de67c1fc228ab12416d8\">\n                <img\n                    title=\"Sommercamp2018(1749)\"\n                    alt=\"Sommercamp2018(1749)\"\n                    src=\"http:\/\/www.karate-neuhofen.at\/wp-content\/gallery\/10-sommercamp-2018\/thumbs\/thumbs_Sommercamp20181749.JPG\"\n                    width=\"240\"\n                    height=\"160\"\n                    style=\"max-width:100%;\"\n                \/>\n            <\/a>\n        <\/div>\n\t\t\t\t\t\t\t<\/div> \n\t\t\t\n        \n\t\t\t\t<div id=\"ngg-image-749\" class=\"ngg-gallery-thumbnail-box\" >\n\t\t\t\t        <div class=\"ngg-gallery-thumbnail\">\n            <a href=\"http:\/\/www.karate-neuhofen.at\/wp-content\/gallery\/10-sommercamp-2018\/Sommercamp20181750.JPG\"\n               title=\"\"\n               data-src=\"http:\/\/www.karate-neuhofen.at\/wp-content\/gallery\/10-sommercamp-2018\/Sommercamp20181750.JPG\"\n               data-thumbnail=\"http:\/\/www.karate-neuhofen.at\/wp-content\/gallery\/10-sommercamp-2018\/thumbs\/thumbs_Sommercamp20181750.JPG\"\n               data-image-id=\"21486\"\n               data-title=\"Sommercamp2018(1750)\"\n               data-description=\"\"\n               data-image-slug=\"sommercamp20181750\"\n               class=\"shutterset_14ea2dae3d90de67c1fc228ab12416d8\">\n                <img\n                    title=\"Sommercamp2018(1750)\"\n                    alt=\"Sommercamp2018(1750)\"\n                    src=\"http:\/\/www.karate-neuhofen.at\/wp-content\/gallery\/10-sommercamp-2018\/thumbs\/thumbs_Sommercamp20181750.JPG\"\n                    width=\"240\"\n                    height=\"160\"\n                    style=\"max-width:100%;\"\n                \/>\n            <\/a>\n        <\/div>\n\t\t\t\t\t\t\t<\/div> \n\t\t\t\n        \n\t\t\t\t<div id=\"ngg-image-750\" class=\"ngg-gallery-thumbnail-box\" >\n\t\t\t\t        <div class=\"ngg-gallery-thumbnail\">\n            <a href=\"http:\/\/www.karate-neuhofen.at\/wp-content\/gallery\/10-sommercamp-2018\/Sommercamp20181751.JPG\"\n               title=\"\"\n               data-src=\"http:\/\/www.karate-neuhofen.at\/wp-content\/gallery\/10-sommercamp-2018\/Sommercamp20181751.JPG\"\n               data-thumbnail=\"http:\/\/www.karate-neuhofen.at\/wp-content\/gallery\/10-sommercamp-2018\/thumbs\/thumbs_Sommercamp20181751.JPG\"\n               data-image-id=\"21487\"\n               data-title=\"Sommercamp2018(1751)\"\n               data-description=\"\"\n               data-image-slug=\"sommercamp20181751\"\n               class=\"shutterset_14ea2dae3d90de67c1fc228ab12416d8\">\n                <img\n                    title=\"Sommercamp2018(1751)\"\n                    alt=\"Sommercamp2018(1751)\"\n                    src=\"http:\/\/www.karate-neuhofen.at\/wp-content\/gallery\/10-sommercamp-2018\/thumbs\/thumbs_Sommercamp20181751.JPG\"\n                    width=\"240\"\n                    height=\"160\"\n                    style=\"max-width:100%;\"\n                \/>\n            <\/a>\n        <\/div>\n\t\t\t\t\t\t\t<\/div> \n\t\t\t\n        \n\t\t\t\t<div id=\"ngg-image-751\" class=\"ngg-gallery-thumbnail-box\" >\n\t\t\t\t        <div class=\"ngg-gallery-thumbnail\">\n            <a href=\"http:\/\/www.karate-neuhofen.at\/wp-content\/gallery\/10-sommercamp-2018\/Sommercamp20181752.JPG\"\n               title=\"\"\n               data-src=\"http:\/\/www.karate-neuhofen.at\/wp-content\/gallery\/10-sommercamp-2018\/Sommercamp20181752.JPG\"\n               data-thumbnail=\"http:\/\/www.karate-neuhofen.at\/wp-content\/gallery\/10-sommercamp-2018\/thumbs\/thumbs_Sommercamp20181752.JPG\"\n               data-image-id=\"21488\"\n               data-title=\"Sommercamp2018(1752)\"\n               data-description=\"\"\n               data-image-slug=\"sommercamp20181752\"\n               class=\"shutterset_14ea2dae3d90de67c1fc228ab12416d8\">\n                <img\n                    title=\"Sommercamp2018(1752)\"\n                    alt=\"Sommercamp2018(1752)\"\n                    src=\"http:\/\/www.karate-neuhofen.at\/wp-content\/gallery\/10-sommercamp-2018\/thumbs\/thumbs_Sommercamp20181752.JPG\"\n                    width=\"240\"\n                    height=\"160\"\n                    style=\"max-width:100%;\"\n                \/>\n            <\/a>\n        <\/div>\n\t\t\t\t\t\t\t<\/div> \n\t\t\t\n        \n\t\t\t\t<div id=\"ngg-image-752\" class=\"ngg-gallery-thumbnail-box\" >\n\t\t\t\t        <div class=\"ngg-gallery-thumbnail\">\n            <a href=\"http:\/\/www.karate-neuhofen.at\/wp-content\/gallery\/10-sommercamp-2018\/Sommercamp20181753.JPG\"\n               title=\"\"\n               data-src=\"http:\/\/www.karate-neuhofen.at\/wp-content\/gallery\/10-sommercamp-2018\/Sommercamp20181753.JPG\"\n               data-thumbnail=\"http:\/\/www.karate-neuhofen.at\/wp-content\/gallery\/10-sommercamp-2018\/thumbs\/thumbs_Sommercamp20181753.JPG\"\n               data-image-id=\"21489\"\n               data-title=\"Sommercamp2018(1753)\"\n               data-description=\"\"\n               data-image-slug=\"sommercamp20181753\"\n               class=\"shutterset_14ea2dae3d90de67c1fc228ab12416d8\">\n                <img\n                    title=\"Sommercamp2018(1753)\"\n                    alt=\"Sommercamp2018(1753)\"\n                    src=\"http:\/\/www.karate-neuhofen.at\/wp-content\/gallery\/10-sommercamp-2018\/thumbs\/thumbs_Sommercamp20181753.JPG\"\n                    width=\"240\"\n                    height=\"160\"\n                    style=\"max-width:100%;\"\n                \/>\n            <\/a>\n        <\/div>\n\t\t\t\t\t\t\t<\/div> \n\t\t\t\n        \n\t\t\t\t<div id=\"ngg-image-753\" class=\"ngg-gallery-thumbnail-box\" >\n\t\t\t\t        <div class=\"ngg-gallery-thumbnail\">\n            <a href=\"http:\/\/www.karate-neuhofen.at\/wp-content\/gallery\/10-sommercamp-2018\/Sommercamp20181754.JPG\"\n               title=\"\"\n               data-src=\"http:\/\/www.karate-neuhofen.at\/wp-content\/gallery\/10-sommercamp-2018\/Sommercamp20181754.JPG\"\n               data-thumbnail=\"http:\/\/www.karate-neuhofen.at\/wp-content\/gallery\/10-sommercamp-2018\/thumbs\/thumbs_Sommercamp20181754.JPG\"\n               data-image-id=\"21490\"\n               data-title=\"Sommercamp2018(1754)\"\n               data-description=\"\"\n               data-image-slug=\"sommercamp20181754\"\n               class=\"shutterset_14ea2dae3d90de67c1fc228ab12416d8\">\n                <img\n                    title=\"Sommercamp2018(1754)\"\n                    alt=\"Sommercamp2018(1754)\"\n                    src=\"http:\/\/www.karate-neuhofen.at\/wp-content\/gallery\/10-sommercamp-2018\/thumbs\/thumbs_Sommercamp20181754.JPG\"\n                    width=\"240\"\n                    height=\"160\"\n                    style=\"max-width:100%;\"\n                \/>\n            <\/a>\n        <\/div>\n\t\t\t\t\t\t\t<\/div> \n\t\t\t\n        \n\t\t\t\t<div id=\"ngg-image-754\" class=\"ngg-gallery-thumbnail-box\" >\n\t\t\t\t        <div class=\"ngg-gallery-thumbnail\">\n            <a href=\"http:\/\/www.karate-neuhofen.at\/wp-content\/gallery\/10-sommercamp-2018\/Sommercamp20181755.JPG\"\n               title=\"\"\n               data-src=\"http:\/\/www.karate-neuhofen.at\/wp-content\/gallery\/10-sommercamp-2018\/Sommercamp20181755.JPG\"\n               data-thumbnail=\"http:\/\/www.karate-neuhofen.at\/wp-content\/gallery\/10-sommercamp-2018\/thumbs\/thumbs_Sommercamp20181755.JPG\"\n               data-image-id=\"21491\"\n               data-title=\"Sommercamp2018(1755)\"\n               data-description=\"\"\n               data-image-slug=\"sommercamp20181755\"\n               class=\"shutterset_14ea2dae3d90de67c1fc228ab12416d8\">\n                <img\n                    title=\"Sommercamp2018(1755)\"\n                    alt=\"Sommercamp2018(1755)\"\n                    src=\"http:\/\/www.karate-neuhofen.at\/wp-content\/gallery\/10-sommercamp-2018\/thumbs\/thumbs_Sommercamp20181755.JPG\"\n                    width=\"240\"\n                    height=\"160\"\n                    style=\"max-width:100%;\"\n                \/>\n            <\/a>\n        <\/div>\n\t\t\t\t\t\t\t<\/div> \n\t\t\t\n        \n\t\t\t\t<div id=\"ngg-image-755\" class=\"ngg-gallery-thumbnail-box\" >\n\t\t\t\t        <div class=\"ngg-gallery-thumbnail\">\n            <a href=\"http:\/\/www.karate-neuhofen.at\/wp-content\/gallery\/10-sommercamp-2018\/Sommercamp20181756.JPG\"\n               title=\"\"\n               data-src=\"http:\/\/www.karate-neuhofen.at\/wp-content\/gallery\/10-sommercamp-2018\/Sommercamp20181756.JPG\"\n               data-thumbnail=\"http:\/\/www.karate-neuhofen.at\/wp-content\/gallery\/10-sommercamp-2018\/thumbs\/thumbs_Sommercamp20181756.JPG\"\n               data-image-id=\"21492\"\n               data-title=\"Sommercamp2018(1756)\"\n               data-description=\"\"\n               data-image-slug=\"sommercamp20181756\"\n               class=\"shutterset_14ea2dae3d90de67c1fc228ab12416d8\">\n                <img\n                    title=\"Sommercamp2018(1756)\"\n                    alt=\"Sommercamp2018(1756)\"\n                    src=\"http:\/\/www.karate-neuhofen.at\/wp-content\/gallery\/10-sommercamp-2018\/thumbs\/thumbs_Sommercamp20181756.JPG\"\n                    width=\"240\"\n                    height=\"160\"\n                    style=\"max-width:100%;\"\n                \/>\n            <\/a>\n        <\/div>\n\t\t\t\t\t\t\t<\/div> \n\t\t\t\n        \n\t\t\t\t<div id=\"ngg-image-756\" class=\"ngg-gallery-thumbnail-box\" >\n\t\t\t\t        <div class=\"ngg-gallery-thumbnail\">\n            <a href=\"http:\/\/www.karate-neuhofen.at\/wp-content\/gallery\/10-sommercamp-2018\/Sommercamp20181757.JPG\"\n               title=\"\"\n               data-src=\"http:\/\/www.karate-neuhofen.at\/wp-content\/gallery\/10-sommercamp-2018\/Sommercamp20181757.JPG\"\n               data-thumbnail=\"http:\/\/www.karate-neuhofen.at\/wp-content\/gallery\/10-sommercamp-2018\/thumbs\/thumbs_Sommercamp20181757.JPG\"\n               data-image-id=\"21493\"\n               data-title=\"Sommercamp2018(1757)\"\n               data-description=\"\"\n               data-image-slug=\"sommercamp20181757\"\n               class=\"shutterset_14ea2dae3d90de67c1fc228ab12416d8\">\n                <img\n                    title=\"Sommercamp2018(1757)\"\n                    alt=\"Sommercamp2018(1757)\"\n                    src=\"http:\/\/www.karate-neuhofen.at\/wp-content\/gallery\/10-sommercamp-2018\/thumbs\/thumbs_Sommercamp20181757.JPG\"\n                    width=\"240\"\n                    height=\"160\"\n                    style=\"max-width:100%;\"\n                \/>\n            <\/a>\n        <\/div>\n\t\t\t\t\t\t\t<\/div> \n\t\t\t\n        \n\t\t\t\t<div id=\"ngg-image-757\" class=\"ngg-gallery-thumbnail-box\" >\n\t\t\t\t        <div class=\"ngg-gallery-thumbnail\">\n            <a href=\"http:\/\/www.karate-neuhofen.at\/wp-content\/gallery\/10-sommercamp-2018\/Sommercamp20181758.JPG\"\n               title=\"\"\n               data-src=\"http:\/\/www.karate-neuhofen.at\/wp-content\/gallery\/10-sommercamp-2018\/Sommercamp20181758.JPG\"\n               data-thumbnail=\"http:\/\/www.karate-neuhofen.at\/wp-content\/gallery\/10-sommercamp-2018\/thumbs\/thumbs_Sommercamp20181758.JPG\"\n               data-image-id=\"21494\"\n               data-title=\"Sommercamp2018(1758)\"\n               data-description=\"\"\n               data-image-slug=\"sommercamp20181758\"\n               class=\"shutterset_14ea2dae3d90de67c1fc228ab12416d8\">\n                <img\n                    title=\"Sommercamp2018(1758)\"\n                    alt=\"Sommercamp2018(1758)\"\n                    src=\"http:\/\/www.karate-neuhofen.at\/wp-content\/gallery\/10-sommercamp-2018\/thumbs\/thumbs_Sommercamp20181758.JPG\"\n                    width=\"240\"\n                    height=\"160\"\n                    style=\"max-width:100%;\"\n                \/>\n            <\/a>\n        <\/div>\n\t\t\t\t\t\t\t<\/div> \n\t\t\t\n        \n\t\t\t\t<div id=\"ngg-image-758\" class=\"ngg-gallery-thumbnail-box\" >\n\t\t\t\t        <div class=\"ngg-gallery-thumbnail\">\n            <a href=\"http:\/\/www.karate-neuhofen.at\/wp-content\/gallery\/10-sommercamp-2018\/Sommercamp20181759.JPG\"\n               title=\"\"\n               data-src=\"http:\/\/www.karate-neuhofen.at\/wp-content\/gallery\/10-sommercamp-2018\/Sommercamp20181759.JPG\"\n               data-thumbnail=\"http:\/\/www.karate-neuhofen.at\/wp-content\/gallery\/10-sommercamp-2018\/thumbs\/thumbs_Sommercamp20181759.JPG\"\n               data-image-id=\"21495\"\n               data-title=\"Sommercamp2018(1759)\"\n               data-description=\"\"\n               data-image-slug=\"sommercamp20181759\"\n               class=\"shutterset_14ea2dae3d90de67c1fc228ab12416d8\">\n                <img\n                    title=\"Sommercamp2018(1759)\"\n                    alt=\"Sommercamp2018(1759)\"\n                    src=\"http:\/\/www.karate-neuhofen.at\/wp-content\/gallery\/10-sommercamp-2018\/thumbs\/thumbs_Sommercamp20181759.JPG\"\n                    width=\"240\"\n                    height=\"160\"\n                    style=\"max-width:100%;\"\n                \/>\n            <\/a>\n        <\/div>\n\t\t\t\t\t\t\t<\/div> \n\t\t\t\n        \n\t\t\t\t<div id=\"ngg-image-759\" class=\"ngg-gallery-thumbnail-box\" >\n\t\t\t\t        <div class=\"ngg-gallery-thumbnail\">\n            <a href=\"http:\/\/www.karate-neuhofen.at\/wp-content\/gallery\/10-sommercamp-2018\/Sommercamp20181760.JPG\"\n               title=\"\"\n               data-src=\"http:\/\/www.karate-neuhofen.at\/wp-content\/gallery\/10-sommercamp-2018\/Sommercamp20181760.JPG\"\n               data-thumbnail=\"http:\/\/www.karate-neuhofen.at\/wp-content\/gallery\/10-sommercamp-2018\/thumbs\/thumbs_Sommercamp20181760.JPG\"\n               data-image-id=\"21496\"\n               data-title=\"Sommercamp2018(1760)\"\n               data-description=\"\"\n               data-image-slug=\"sommercamp20181760\"\n               class=\"shutterset_14ea2dae3d90de67c1fc228ab12416d8\">\n                <img\n                    title=\"Sommercamp2018(1760)\"\n                    alt=\"Sommercamp2018(1760)\"\n                    src=\"http:\/\/www.karate-neuhofen.at\/wp-content\/gallery\/10-sommercamp-2018\/thumbs\/thumbs_Sommercamp20181760.JPG\"\n                    width=\"240\"\n                    height=\"160\"\n                    style=\"max-width:100%;\"\n                \/>\n            <\/a>\n        <\/div>\n\t\t\t\t\t\t\t<\/div> \n\t\t\t\n        \n\t\t\t\t<div id=\"ngg-image-760\" class=\"ngg-gallery-thumbnail-box\" >\n\t\t\t\t        <div class=\"ngg-gallery-thumbnail\">\n            <a href=\"http:\/\/www.karate-neuhofen.at\/wp-content\/gallery\/10-sommercamp-2018\/Sommercamp20181761.JPG\"\n               title=\"\"\n               data-src=\"http:\/\/www.karate-neuhofen.at\/wp-content\/gallery\/10-sommercamp-2018\/Sommercamp20181761.JPG\"\n               data-thumbnail=\"http:\/\/www.karate-neuhofen.at\/wp-content\/gallery\/10-sommercamp-2018\/thumbs\/thumbs_Sommercamp20181761.JPG\"\n               data-image-id=\"21497\"\n               data-title=\"Sommercamp2018(1761)\"\n               data-description=\"\"\n               data-image-slug=\"sommercamp20181761\"\n               class=\"shutterset_14ea2dae3d90de67c1fc228ab12416d8\">\n                <img\n                    title=\"Sommercamp2018(1761)\"\n                    alt=\"Sommercamp2018(1761)\"\n                    src=\"http:\/\/www.karate-neuhofen.at\/wp-content\/gallery\/10-sommercamp-2018\/thumbs\/thumbs_Sommercamp20181761.JPG\"\n                    width=\"240\"\n                    height=\"160\"\n                    style=\"max-width:100%;\"\n                \/>\n            <\/a>\n        <\/div>\n\t\t\t\t\t\t\t<\/div> \n\t\t\t\n        \n\t\t\t\t<div id=\"ngg-image-761\" class=\"ngg-gallery-thumbnail-box\" >\n\t\t\t\t        <div class=\"ngg-gallery-thumbnail\">\n            <a href=\"http:\/\/www.karate-neuhofen.at\/wp-content\/gallery\/10-sommercamp-2018\/Sommercamp20181762.JPG\"\n               title=\"\"\n               data-src=\"http:\/\/www.karate-neuhofen.at\/wp-content\/gallery\/10-sommercamp-2018\/Sommercamp20181762.JPG\"\n               data-thumbnail=\"http:\/\/www.karate-neuhofen.at\/wp-content\/gallery\/10-sommercamp-2018\/thumbs\/thumbs_Sommercamp20181762.JPG\"\n               data-image-id=\"21498\"\n               data-title=\"Sommercamp2018(1762)\"\n               data-description=\"\"\n               data-image-slug=\"sommercamp20181762\"\n               class=\"shutterset_14ea2dae3d90de67c1fc228ab12416d8\">\n                <img\n                    title=\"Sommercamp2018(1762)\"\n                    alt=\"Sommercamp2018(1762)\"\n                    src=\"http:\/\/www.karate-neuhofen.at\/wp-content\/gallery\/10-sommercamp-2018\/thumbs\/thumbs_Sommercamp20181762.JPG\"\n                    width=\"240\"\n                    height=\"160\"\n                    style=\"max-width:100%;\"\n                \/>\n            <\/a>\n        <\/div>\n\t\t\t\t\t\t\t<\/div> \n\t\t\t\n        \n\t\t\t\t<div id=\"ngg-image-762\" class=\"ngg-gallery-thumbnail-box\" >\n\t\t\t\t        <div class=\"ngg-gallery-thumbnail\">\n            <a href=\"http:\/\/www.karate-neuhofen.at\/wp-content\/gallery\/10-sommercamp-2018\/Sommercamp20181763.JPG\"\n               title=\"\"\n               data-src=\"http:\/\/www.karate-neuhofen.at\/wp-content\/gallery\/10-sommercamp-2018\/Sommercamp20181763.JPG\"\n               data-thumbnail=\"http:\/\/www.karate-neuhofen.at\/wp-content\/gallery\/10-sommercamp-2018\/thumbs\/thumbs_Sommercamp20181763.JPG\"\n               data-image-id=\"21499\"\n               data-title=\"Sommercamp2018(1763)\"\n               data-description=\"\"\n               data-image-slug=\"sommercamp20181763\"\n               class=\"shutterset_14ea2dae3d90de67c1fc228ab12416d8\">\n                <img\n                    title=\"Sommercamp2018(1763)\"\n                    alt=\"Sommercamp2018(1763)\"\n                    src=\"http:\/\/www.karate-neuhofen.at\/wp-content\/gallery\/10-sommercamp-2018\/thumbs\/thumbs_Sommercamp20181763.JPG\"\n                    width=\"240\"\n                    height=\"160\"\n                    style=\"max-width:100%;\"\n                \/>\n            <\/a>\n        <\/div>\n\t\t\t\t\t\t\t<\/div> \n\t\t\t\n        \n\t\t\t\t<div id=\"ngg-image-763\" class=\"ngg-gallery-thumbnail-box\" >\n\t\t\t\t        <div class=\"ngg-gallery-thumbnail\">\n            <a href=\"http:\/\/www.karate-neuhofen.at\/wp-content\/gallery\/10-sommercamp-2018\/Sommercamp20181764.JPG\"\n               title=\"\"\n               data-src=\"http:\/\/www.karate-neuhofen.at\/wp-content\/gallery\/10-sommercamp-2018\/Sommercamp20181764.JPG\"\n               data-thumbnail=\"http:\/\/www.karate-neuhofen.at\/wp-content\/gallery\/10-sommercamp-2018\/thumbs\/thumbs_Sommercamp20181764.JPG\"\n               data-image-id=\"21500\"\n               data-title=\"Sommercamp2018(1764)\"\n               data-description=\"\"\n               data-image-slug=\"sommercamp20181764\"\n               class=\"shutterset_14ea2dae3d90de67c1fc228ab12416d8\">\n                <img\n                    title=\"Sommercamp2018(1764)\"\n                    alt=\"Sommercamp2018(1764)\"\n                    src=\"http:\/\/www.karate-neuhofen.at\/wp-content\/gallery\/10-sommercamp-2018\/thumbs\/thumbs_Sommercamp20181764.JPG\"\n                    width=\"240\"\n                    height=\"160\"\n                    style=\"max-width:100%;\"\n                \/>\n            <\/a>\n        <\/div>\n\t\t\t\t\t\t\t<\/div> \n\t\t\t\n        \n\t\t\t\t<div id=\"ngg-image-764\" class=\"ngg-gallery-thumbnail-box\" >\n\t\t\t\t        <div class=\"ngg-gallery-thumbnail\">\n            <a href=\"http:\/\/www.karate-neuhofen.at\/wp-content\/gallery\/10-sommercamp-2018\/Sommercamp20181765.JPG\"\n               title=\"\"\n               data-src=\"http:\/\/www.karate-neuhofen.at\/wp-content\/gallery\/10-sommercamp-2018\/Sommercamp20181765.JPG\"\n               data-thumbnail=\"http:\/\/www.karate-neuhofen.at\/wp-content\/gallery\/10-sommercamp-2018\/thumbs\/thumbs_Sommercamp20181765.JPG\"\n               data-image-id=\"21501\"\n               data-title=\"Sommercamp2018(1765)\"\n               data-description=\"\"\n               data-image-slug=\"sommercamp20181765\"\n               class=\"shutterset_14ea2dae3d90de67c1fc228ab12416d8\">\n                <img\n                    title=\"Sommercamp2018(1765)\"\n                    alt=\"Sommercamp2018(1765)\"\n                    src=\"http:\/\/www.karate-neuhofen.at\/wp-content\/gallery\/10-sommercamp-2018\/thumbs\/thumbs_Sommercamp20181765.JPG\"\n                    width=\"240\"\n                    height=\"160\"\n                    style=\"max-width:100%;\"\n                \/>\n            <\/a>\n        <\/div>\n\t\t\t\t\t\t\t<\/div> \n\t\t\t\n        \n\t\t\t\t<div id=\"ngg-image-765\" class=\"ngg-gallery-thumbnail-box\" >\n\t\t\t\t        <div class=\"ngg-gallery-thumbnail\">\n            <a href=\"http:\/\/www.karate-neuhofen.at\/wp-content\/gallery\/10-sommercamp-2018\/Sommercamp20181766.JPG\"\n               title=\"\"\n               data-src=\"http:\/\/www.karate-neuhofen.at\/wp-content\/gallery\/10-sommercamp-2018\/Sommercamp20181766.JPG\"\n               data-thumbnail=\"http:\/\/www.karate-neuhofen.at\/wp-content\/gallery\/10-sommercamp-2018\/thumbs\/thumbs_Sommercamp20181766.JPG\"\n               data-image-id=\"21502\"\n               data-title=\"Sommercamp2018(1766)\"\n               data-description=\"\"\n               data-image-slug=\"sommercamp20181766\"\n               class=\"shutterset_14ea2dae3d90de67c1fc228ab12416d8\">\n                <img\n                    title=\"Sommercamp2018(1766)\"\n                    alt=\"Sommercamp2018(1766)\"\n                    src=\"http:\/\/www.karate-neuhofen.at\/wp-content\/gallery\/10-sommercamp-2018\/thumbs\/thumbs_Sommercamp20181766.JPG\"\n                    width=\"240\"\n                    height=\"160\"\n                    style=\"max-width:100%;\"\n                \/>\n            <\/a>\n        <\/div>\n\t\t\t\t\t\t\t<\/div> \n\t\t\t\n        \n\t\t\t\t<div id=\"ngg-image-766\" class=\"ngg-gallery-thumbnail-box\" >\n\t\t\t\t        <div class=\"ngg-gallery-thumbnail\">\n            <a href=\"http:\/\/www.karate-neuhofen.at\/wp-content\/gallery\/10-sommercamp-2018\/Sommercamp20181767.JPG\"\n               title=\"\"\n               data-src=\"http:\/\/www.karate-neuhofen.at\/wp-content\/gallery\/10-sommercamp-2018\/Sommercamp20181767.JPG\"\n               data-thumbnail=\"http:\/\/www.karate-neuhofen.at\/wp-content\/gallery\/10-sommercamp-2018\/thumbs\/thumbs_Sommercamp20181767.JPG\"\n               data-image-id=\"21503\"\n               data-title=\"Sommercamp2018(1767)\"\n               data-description=\"\"\n               data-image-slug=\"sommercamp20181767\"\n               class=\"shutterset_14ea2dae3d90de67c1fc228ab12416d8\">\n                <img\n                    title=\"Sommercamp2018(1767)\"\n                    alt=\"Sommercamp2018(1767)\"\n                    src=\"http:\/\/www.karate-neuhofen.at\/wp-content\/gallery\/10-sommercamp-2018\/thumbs\/thumbs_Sommercamp20181767.JPG\"\n                    width=\"240\"\n                    height=\"160\"\n                    style=\"max-width:100%;\"\n                \/>\n            <\/a>\n        <\/div>\n\t\t\t\t\t\t\t<\/div> \n\t\t\t\n        \n\t\t\t\t<div id=\"ngg-image-767\" class=\"ngg-gallery-thumbnail-box\" >\n\t\t\t\t        <div class=\"ngg-gallery-thumbnail\">\n            <a href=\"http:\/\/www.karate-neuhofen.at\/wp-content\/gallery\/10-sommercamp-2018\/Sommercamp20181768.JPG\"\n               title=\"\"\n               data-src=\"http:\/\/www.karate-neuhofen.at\/wp-content\/gallery\/10-sommercamp-2018\/Sommercamp20181768.JPG\"\n               data-thumbnail=\"http:\/\/www.karate-neuhofen.at\/wp-content\/gallery\/10-sommercamp-2018\/thumbs\/thumbs_Sommercamp20181768.JPG\"\n               data-image-id=\"21504\"\n               data-title=\"Sommercamp2018(1768)\"\n               data-description=\"\"\n               data-image-slug=\"sommercamp20181768\"\n               class=\"shutterset_14ea2dae3d90de67c1fc228ab12416d8\">\n                <img\n                    title=\"Sommercamp2018(1768)\"\n                    alt=\"Sommercamp2018(1768)\"\n                    src=\"http:\/\/www.karate-neuhofen.at\/wp-content\/gallery\/10-sommercamp-2018\/thumbs\/thumbs_Sommercamp20181768.JPG\"\n                    width=\"240\"\n                    height=\"160\"\n                    style=\"max-width:100%;\"\n                \/>\n            <\/a>\n        <\/div>\n\t\t\t\t\t\t\t<\/div> \n\t\t\t\n        \n\t\t\t\t<div id=\"ngg-image-768\" class=\"ngg-gallery-thumbnail-box\" >\n\t\t\t\t        <div class=\"ngg-gallery-thumbnail\">\n            <a href=\"http:\/\/www.karate-neuhofen.at\/wp-content\/gallery\/10-sommercamp-2018\/Sommercamp20181769.JPG\"\n               title=\"\"\n               data-src=\"http:\/\/www.karate-neuhofen.at\/wp-content\/gallery\/10-sommercamp-2018\/Sommercamp20181769.JPG\"\n               data-thumbnail=\"http:\/\/www.karate-neuhofen.at\/wp-content\/gallery\/10-sommercamp-2018\/thumbs\/thumbs_Sommercamp20181769.JPG\"\n               data-image-id=\"21505\"\n               data-title=\"Sommercamp2018(1769)\"\n               data-description=\"\"\n               data-image-slug=\"sommercamp20181769\"\n               class=\"shutterset_14ea2dae3d90de67c1fc228ab12416d8\">\n                <img\n                    title=\"Sommercamp2018(1769)\"\n                    alt=\"Sommercamp2018(1769)\"\n                    src=\"http:\/\/www.karate-neuhofen.at\/wp-content\/gallery\/10-sommercamp-2018\/thumbs\/thumbs_Sommercamp20181769.JPG\"\n                    width=\"240\"\n                    height=\"160\"\n                    style=\"max-width:100%;\"\n                \/>\n            <\/a>\n        <\/div>\n\t\t\t\t\t\t\t<\/div> \n\t\t\t\n        \n\t\t\t\t<div id=\"ngg-image-769\" class=\"ngg-gallery-thumbnail-box\" >\n\t\t\t\t        <div class=\"ngg-gallery-thumbnail\">\n            <a href=\"http:\/\/www.karate-neuhofen.at\/wp-content\/gallery\/10-sommercamp-2018\/Sommercamp20181770.JPG\"\n               title=\"\"\n               data-src=\"http:\/\/www.karate-neuhofen.at\/wp-content\/gallery\/10-sommercamp-2018\/Sommercamp20181770.JPG\"\n               data-thumbnail=\"http:\/\/www.karate-neuhofen.at\/wp-content\/gallery\/10-sommercamp-2018\/thumbs\/thumbs_Sommercamp20181770.JPG\"\n               data-image-id=\"21506\"\n               data-title=\"Sommercamp2018(1770)\"\n               data-description=\"\"\n               data-image-slug=\"sommercamp20181770\"\n               class=\"shutterset_14ea2dae3d90de67c1fc228ab12416d8\">\n                <img\n                    title=\"Sommercamp2018(1770)\"\n                    alt=\"Sommercamp2018(1770)\"\n                    src=\"http:\/\/www.karate-neuhofen.at\/wp-content\/gallery\/10-sommercamp-2018\/thumbs\/thumbs_Sommercamp20181770.JPG\"\n                    width=\"240\"\n                    height=\"160\"\n                    style=\"max-width:100%;\"\n                \/>\n            <\/a>\n        <\/div>\n\t\t\t\t\t\t\t<\/div> \n\t\t\t\n        \n\t\t\t\t<div id=\"ngg-image-770\" class=\"ngg-gallery-thumbnail-box\" >\n\t\t\t\t        <div class=\"ngg-gallery-thumbnail\">\n            <a href=\"http:\/\/www.karate-neuhofen.at\/wp-content\/gallery\/10-sommercamp-2018\/Sommercamp20181771.JPG\"\n               title=\"\"\n               data-src=\"http:\/\/www.karate-neuhofen.at\/wp-content\/gallery\/10-sommercamp-2018\/Sommercamp20181771.JPG\"\n               data-thumbnail=\"http:\/\/www.karate-neuhofen.at\/wp-content\/gallery\/10-sommercamp-2018\/thumbs\/thumbs_Sommercamp20181771.JPG\"\n               data-image-id=\"21507\"\n               data-title=\"Sommercamp2018(1771)\"\n               data-description=\"\"\n               data-image-slug=\"sommercamp20181771\"\n               class=\"shutterset_14ea2dae3d90de67c1fc228ab12416d8\">\n                <img\n                    title=\"Sommercamp2018(1771)\"\n                    alt=\"Sommercamp2018(1771)\"\n                    src=\"http:\/\/www.karate-neuhofen.at\/wp-content\/gallery\/10-sommercamp-2018\/thumbs\/thumbs_Sommercamp20181771.JPG\"\n                    width=\"240\"\n                    height=\"160\"\n                    style=\"max-width:100%;\"\n                \/>\n            <\/a>\n        <\/div>\n\t\t\t\t\t\t\t<\/div> \n\t\t\t\n        \n\t\t\t\t<div id=\"ngg-image-771\" class=\"ngg-gallery-thumbnail-box\" >\n\t\t\t\t        <div class=\"ngg-gallery-thumbnail\">\n            <a href=\"http:\/\/www.karate-neuhofen.at\/wp-content\/gallery\/10-sommercamp-2018\/Sommercamp20181772.JPG\"\n               title=\"\"\n               data-src=\"http:\/\/www.karate-neuhofen.at\/wp-content\/gallery\/10-sommercamp-2018\/Sommercamp20181772.JPG\"\n               data-thumbnail=\"http:\/\/www.karate-neuhofen.at\/wp-content\/gallery\/10-sommercamp-2018\/thumbs\/thumbs_Sommercamp20181772.JPG\"\n               data-image-id=\"21508\"\n               data-title=\"Sommercamp2018(1772)\"\n               data-description=\"\"\n               data-image-slug=\"sommercamp20181772\"\n               class=\"shutterset_14ea2dae3d90de67c1fc228ab12416d8\">\n                <img\n                    title=\"Sommercamp2018(1772)\"\n                    alt=\"Sommercamp2018(1772)\"\n                    src=\"http:\/\/www.karate-neuhofen.at\/wp-content\/gallery\/10-sommercamp-2018\/thumbs\/thumbs_Sommercamp20181772.JPG\"\n                    width=\"240\"\n                    height=\"160\"\n                    style=\"max-width:100%;\"\n                \/>\n            <\/a>\n        <\/div>\n\t\t\t\t\t\t\t<\/div> \n\t\t\t\n        \n\t\t\t\t<div id=\"ngg-image-772\" class=\"ngg-gallery-thumbnail-box\" >\n\t\t\t\t        <div class=\"ngg-gallery-thumbnail\">\n            <a href=\"http:\/\/www.karate-neuhofen.at\/wp-content\/gallery\/10-sommercamp-2018\/Sommercamp20181773.JPG\"\n               title=\"\"\n               data-src=\"http:\/\/www.karate-neuhofen.at\/wp-content\/gallery\/10-sommercamp-2018\/Sommercamp20181773.JPG\"\n               data-thumbnail=\"http:\/\/www.karate-neuhofen.at\/wp-content\/gallery\/10-sommercamp-2018\/thumbs\/thumbs_Sommercamp20181773.JPG\"\n               data-image-id=\"21509\"\n               data-title=\"Sommercamp2018(1773)\"\n               data-description=\"\"\n               data-image-slug=\"sommercamp20181773\"\n               class=\"shutterset_14ea2dae3d90de67c1fc228ab12416d8\">\n                <img\n                    title=\"Sommercamp2018(1773)\"\n                    alt=\"Sommercamp2018(1773)\"\n                    src=\"http:\/\/www.karate-neuhofen.at\/wp-content\/gallery\/10-sommercamp-2018\/thumbs\/thumbs_Sommercamp20181773.JPG\"\n                    width=\"240\"\n                    height=\"160\"\n                    style=\"max-width:100%;\"\n                \/>\n            <\/a>\n        <\/div>\n\t\t\t\t\t\t\t<\/div> \n\t\t\t\n        \n\t\t\t\t<div id=\"ngg-image-773\" class=\"ngg-gallery-thumbnail-box\" >\n\t\t\t\t        <div class=\"ngg-gallery-thumbnail\">\n            <a href=\"http:\/\/www.karate-neuhofen.at\/wp-content\/gallery\/10-sommercamp-2018\/Sommercamp20181774.JPG\"\n               title=\"\"\n               data-src=\"http:\/\/www.karate-neuhofen.at\/wp-content\/gallery\/10-sommercamp-2018\/Sommercamp20181774.JPG\"\n               data-thumbnail=\"http:\/\/www.karate-neuhofen.at\/wp-content\/gallery\/10-sommercamp-2018\/thumbs\/thumbs_Sommercamp20181774.JPG\"\n               data-image-id=\"21510\"\n               data-title=\"Sommercamp2018(1774)\"\n               data-description=\"\"\n               data-image-slug=\"sommercamp20181774\"\n               class=\"shutterset_14ea2dae3d90de67c1fc228ab12416d8\">\n                <img\n                    title=\"Sommercamp2018(1774)\"\n                    alt=\"Sommercamp2018(1774)\"\n                    src=\"http:\/\/www.karate-neuhofen.at\/wp-content\/gallery\/10-sommercamp-2018\/thumbs\/thumbs_Sommercamp20181774.JPG\"\n                    width=\"240\"\n                    height=\"160\"\n                    style=\"max-width:100%;\"\n                \/>\n            <\/a>\n        <\/div>\n\t\t\t\t\t\t\t<\/div> \n\t\t\t\n        \n\t\t\t\t<div id=\"ngg-image-774\" class=\"ngg-gallery-thumbnail-box\" >\n\t\t\t\t        <div class=\"ngg-gallery-thumbnail\">\n            <a href=\"http:\/\/www.karate-neuhofen.at\/wp-content\/gallery\/10-sommercamp-2018\/Sommercamp20181775.JPG\"\n               title=\"\"\n               data-src=\"http:\/\/www.karate-neuhofen.at\/wp-content\/gallery\/10-sommercamp-2018\/Sommercamp20181775.JPG\"\n               data-thumbnail=\"http:\/\/www.karate-neuhofen.at\/wp-content\/gallery\/10-sommercamp-2018\/thumbs\/thumbs_Sommercamp20181775.JPG\"\n               data-image-id=\"21511\"\n               data-title=\"Sommercamp2018(1775)\"\n               data-description=\"\"\n               data-image-slug=\"sommercamp20181775\"\n               class=\"shutterset_14ea2dae3d90de67c1fc228ab12416d8\">\n                <img\n                    title=\"Sommercamp2018(1775)\"\n                    alt=\"Sommercamp2018(1775)\"\n                    src=\"http:\/\/www.karate-neuhofen.at\/wp-content\/gallery\/10-sommercamp-2018\/thumbs\/thumbs_Sommercamp20181775.JPG\"\n                    width=\"240\"\n                    height=\"160\"\n                    style=\"max-width:100%;\"\n                \/>\n            <\/a>\n        <\/div>\n\t\t\t\t\t\t\t<\/div> \n\t\t\t\n        \n\t\t\t\t<div id=\"ngg-image-775\" class=\"ngg-gallery-thumbnail-box\" >\n\t\t\t\t        <div class=\"ngg-gallery-thumbnail\">\n            <a href=\"http:\/\/www.karate-neuhofen.at\/wp-content\/gallery\/10-sommercamp-2018\/Sommercamp20181776.JPG\"\n               title=\"\"\n               data-src=\"http:\/\/www.karate-neuhofen.at\/wp-content\/gallery\/10-sommercamp-2018\/Sommercamp20181776.JPG\"\n               data-thumbnail=\"http:\/\/www.karate-neuhofen.at\/wp-content\/gallery\/10-sommercamp-2018\/thumbs\/thumbs_Sommercamp20181776.JPG\"\n               data-image-id=\"21512\"\n               data-title=\"Sommercamp2018(1776)\"\n               data-description=\"\"\n               data-image-slug=\"sommercamp20181776\"\n               class=\"shutterset_14ea2dae3d90de67c1fc228ab12416d8\">\n                <img\n                    title=\"Sommercamp2018(1776)\"\n                    alt=\"Sommercamp2018(1776)\"\n                    src=\"http:\/\/www.karate-neuhofen.at\/wp-content\/gallery\/10-sommercamp-2018\/thumbs\/thumbs_Sommercamp20181776.JPG\"\n                    width=\"240\"\n                    height=\"160\"\n                    style=\"max-width:100%;\"\n                \/>\n            <\/a>\n        <\/div>\n\t\t\t\t\t\t\t<\/div> \n\t\t\t\n        \n\t\t\t\t<div id=\"ngg-image-776\" class=\"ngg-gallery-thumbnail-box\" >\n\t\t\t\t        <div class=\"ngg-gallery-thumbnail\">\n            <a href=\"http:\/\/www.karate-neuhofen.at\/wp-content\/gallery\/10-sommercamp-2018\/Sommercamp20181777.JPG\"\n               title=\"\"\n               data-src=\"http:\/\/www.karate-neuhofen.at\/wp-content\/gallery\/10-sommercamp-2018\/Sommercamp20181777.JPG\"\n               data-thumbnail=\"http:\/\/www.karate-neuhofen.at\/wp-content\/gallery\/10-sommercamp-2018\/thumbs\/thumbs_Sommercamp20181777.JPG\"\n               data-image-id=\"21513\"\n               data-title=\"Sommercamp2018(1777)\"\n               data-description=\"\"\n               data-image-slug=\"sommercamp20181777\"\n               class=\"shutterset_14ea2dae3d90de67c1fc228ab12416d8\">\n                <img\n                    title=\"Sommercamp2018(1777)\"\n                    alt=\"Sommercamp2018(1777)\"\n                    src=\"http:\/\/www.karate-neuhofen.at\/wp-content\/gallery\/10-sommercamp-2018\/thumbs\/thumbs_Sommercamp20181777.JPG\"\n                    width=\"240\"\n                    height=\"160\"\n                    style=\"max-width:100%;\"\n                \/>\n            <\/a>\n        <\/div>\n\t\t\t\t\t\t\t<\/div> \n\t\t\t\n        \n\t\t\t\t<div id=\"ngg-image-777\" class=\"ngg-gallery-thumbnail-box\" >\n\t\t\t\t        <div class=\"ngg-gallery-thumbnail\">\n            <a href=\"http:\/\/www.karate-neuhofen.at\/wp-content\/gallery\/10-sommercamp-2018\/Sommercamp20181778.JPG\"\n               title=\"\"\n               data-src=\"http:\/\/www.karate-neuhofen.at\/wp-content\/gallery\/10-sommercamp-2018\/Sommercamp20181778.JPG\"\n               data-thumbnail=\"http:\/\/www.karate-neuhofen.at\/wp-content\/gallery\/10-sommercamp-2018\/thumbs\/thumbs_Sommercamp20181778.JPG\"\n               data-image-id=\"21514\"\n               data-title=\"Sommercamp2018(1778)\"\n               data-description=\"\"\n               data-image-slug=\"sommercamp20181778\"\n               class=\"shutterset_14ea2dae3d90de67c1fc228ab12416d8\">\n                <img\n                    title=\"Sommercamp2018(1778)\"\n                    alt=\"Sommercamp2018(1778)\"\n                    src=\"http:\/\/www.karate-neuhofen.at\/wp-content\/gallery\/10-sommercamp-2018\/thumbs\/thumbs_Sommercamp20181778.JPG\"\n                    width=\"240\"\n                    height=\"160\"\n                    style=\"max-width:100%;\"\n                \/>\n            <\/a>\n        <\/div>\n\t\t\t\t\t\t\t<\/div> \n\t\t\t\n        \n\t\t\t\t<div id=\"ngg-image-778\" class=\"ngg-gallery-thumbnail-box\" >\n\t\t\t\t        <div class=\"ngg-gallery-thumbnail\">\n            <a href=\"http:\/\/www.karate-neuhofen.at\/wp-content\/gallery\/10-sommercamp-2018\/Sommercamp20181779.JPG\"\n               title=\"\"\n               data-src=\"http:\/\/www.karate-neuhofen.at\/wp-content\/gallery\/10-sommercamp-2018\/Sommercamp20181779.JPG\"\n               data-thumbnail=\"http:\/\/www.karate-neuhofen.at\/wp-content\/gallery\/10-sommercamp-2018\/thumbs\/thumbs_Sommercamp20181779.JPG\"\n               data-image-id=\"21515\"\n               data-title=\"Sommercamp2018(1779)\"\n               data-description=\"\"\n               data-image-slug=\"sommercamp20181779\"\n               class=\"shutterset_14ea2dae3d90de67c1fc228ab12416d8\">\n                <img\n                    title=\"Sommercamp2018(1779)\"\n                    alt=\"Sommercamp2018(1779)\"\n                    src=\"http:\/\/www.karate-neuhofen.at\/wp-content\/gallery\/10-sommercamp-2018\/thumbs\/thumbs_Sommercamp20181779.JPG\"\n                    width=\"240\"\n                    height=\"160\"\n                    style=\"max-width:100%;\"\n                \/>\n            <\/a>\n        <\/div>\n\t\t\t\t\t\t\t<\/div> \n\t\t\t\n        \n\t\t\t\t<div id=\"ngg-image-779\" class=\"ngg-gallery-thumbnail-box\" >\n\t\t\t\t        <div class=\"ngg-gallery-thumbnail\">\n            <a href=\"http:\/\/www.karate-neuhofen.at\/wp-content\/gallery\/10-sommercamp-2018\/Sommercamp20181780.JPG\"\n               title=\"\"\n               data-src=\"http:\/\/www.karate-neuhofen.at\/wp-content\/gallery\/10-sommercamp-2018\/Sommercamp20181780.JPG\"\n               data-thumbnail=\"http:\/\/www.karate-neuhofen.at\/wp-content\/gallery\/10-sommercamp-2018\/thumbs\/thumbs_Sommercamp20181780.JPG\"\n               data-image-id=\"21516\"\n               data-title=\"Sommercamp2018(1780)\"\n               data-description=\"\"\n               data-image-slug=\"sommercamp20181780\"\n               class=\"shutterset_14ea2dae3d90de67c1fc228ab12416d8\">\n                <img\n                    title=\"Sommercamp2018(1780)\"\n                    alt=\"Sommercamp2018(1780)\"\n                    src=\"http:\/\/www.karate-neuhofen.at\/wp-content\/gallery\/10-sommercamp-2018\/thumbs\/thumbs_Sommercamp20181780.JPG\"\n                    width=\"240\"\n                    height=\"160\"\n                    style=\"max-width:100%;\"\n                \/>\n            <\/a>\n        <\/div>\n\t\t\t\t\t\t\t<\/div> \n\t\t\t\n        \n\t\t\t\t<div id=\"ngg-image-780\" class=\"ngg-gallery-thumbnail-box\" >\n\t\t\t\t        <div class=\"ngg-gallery-thumbnail\">\n            <a href=\"http:\/\/www.karate-neuhofen.at\/wp-content\/gallery\/10-sommercamp-2018\/Sommercamp20181781.JPG\"\n               title=\"\"\n               data-src=\"http:\/\/www.karate-neuhofen.at\/wp-content\/gallery\/10-sommercamp-2018\/Sommercamp20181781.JPG\"\n               data-thumbnail=\"http:\/\/www.karate-neuhofen.at\/wp-content\/gallery\/10-sommercamp-2018\/thumbs\/thumbs_Sommercamp20181781.JPG\"\n               data-image-id=\"21517\"\n               data-title=\"Sommercamp2018(1781)\"\n               data-description=\"\"\n               data-image-slug=\"sommercamp20181781\"\n               class=\"shutterset_14ea2dae3d90de67c1fc228ab12416d8\">\n                <img\n                    title=\"Sommercamp2018(1781)\"\n                    alt=\"Sommercamp2018(1781)\"\n                    src=\"http:\/\/www.karate-neuhofen.at\/wp-content\/gallery\/10-sommercamp-2018\/thumbs\/thumbs_Sommercamp20181781.JPG\"\n                    width=\"240\"\n                    height=\"160\"\n                    style=\"max-width:100%;\"\n                \/>\n            <\/a>\n        <\/div>\n\t\t\t\t\t\t\t<\/div> \n\t\t\t\n        \n\t\t\t\t<div id=\"ngg-image-781\" class=\"ngg-gallery-thumbnail-box\" >\n\t\t\t\t        <div class=\"ngg-gallery-thumbnail\">\n            <a href=\"http:\/\/www.karate-neuhofen.at\/wp-content\/gallery\/10-sommercamp-2018\/Sommercamp20181782.JPG\"\n               title=\"\"\n               data-src=\"http:\/\/www.karate-neuhofen.at\/wp-content\/gallery\/10-sommercamp-2018\/Sommercamp20181782.JPG\"\n               data-thumbnail=\"http:\/\/www.karate-neuhofen.at\/wp-content\/gallery\/10-sommercamp-2018\/thumbs\/thumbs_Sommercamp20181782.JPG\"\n               data-image-id=\"21518\"\n               data-title=\"Sommercamp2018(1782)\"\n               data-description=\"\"\n               data-image-slug=\"sommercamp20181782\"\n               class=\"shutterset_14ea2dae3d90de67c1fc228ab12416d8\">\n                <img\n                    title=\"Sommercamp2018(1782)\"\n                    alt=\"Sommercamp2018(1782)\"\n                    src=\"http:\/\/www.karate-neuhofen.at\/wp-content\/gallery\/10-sommercamp-2018\/thumbs\/thumbs_Sommercamp20181782.JPG\"\n                    width=\"240\"\n                    height=\"160\"\n                    style=\"max-width:100%;\"\n                \/>\n            <\/a>\n        <\/div>\n\t\t\t\t\t\t\t<\/div> \n\t\t\t\n        \n\t\t\t\t<div id=\"ngg-image-782\" class=\"ngg-gallery-thumbnail-box\" >\n\t\t\t\t        <div class=\"ngg-gallery-thumbnail\">\n            <a href=\"http:\/\/www.karate-neuhofen.at\/wp-content\/gallery\/10-sommercamp-2018\/Sommercamp20181783.JPG\"\n               title=\"\"\n               data-src=\"http:\/\/www.karate-neuhofen.at\/wp-content\/gallery\/10-sommercamp-2018\/Sommercamp20181783.JPG\"\n               data-thumbnail=\"http:\/\/www.karate-neuhofen.at\/wp-content\/gallery\/10-sommercamp-2018\/thumbs\/thumbs_Sommercamp20181783.JPG\"\n               data-image-id=\"21519\"\n               data-title=\"Sommercamp2018(1783)\"\n               data-description=\"\"\n               data-image-slug=\"sommercamp20181783\"\n               class=\"shutterset_14ea2dae3d90de67c1fc228ab12416d8\">\n                <img\n                    title=\"Sommercamp2018(1783)\"\n                    alt=\"Sommercamp2018(1783)\"\n                    src=\"http:\/\/www.karate-neuhofen.at\/wp-content\/gallery\/10-sommercamp-2018\/thumbs\/thumbs_Sommercamp20181783.JPG\"\n                    width=\"240\"\n                    height=\"160\"\n                    style=\"max-width:100%;\"\n                \/>\n            <\/a>\n        <\/div>\n\t\t\t\t\t\t\t<\/div> \n\t\t\t\n        \n\t\t\t\t<div id=\"ngg-image-783\" class=\"ngg-gallery-thumbnail-box\" >\n\t\t\t\t        <div class=\"ngg-gallery-thumbnail\">\n            <a href=\"http:\/\/www.karate-neuhofen.at\/wp-content\/gallery\/10-sommercamp-2018\/Sommercamp20181784.JPG\"\n               title=\"\"\n               data-src=\"http:\/\/www.karate-neuhofen.at\/wp-content\/gallery\/10-sommercamp-2018\/Sommercamp20181784.JPG\"\n               data-thumbnail=\"http:\/\/www.karate-neuhofen.at\/wp-content\/gallery\/10-sommercamp-2018\/thumbs\/thumbs_Sommercamp20181784.JPG\"\n               data-image-id=\"21520\"\n               data-title=\"Sommercamp2018(1784)\"\n               data-description=\"\"\n               data-image-slug=\"sommercamp20181784\"\n               class=\"shutterset_14ea2dae3d90de67c1fc228ab12416d8\">\n                <img\n                    title=\"Sommercamp2018(1784)\"\n                    alt=\"Sommercamp2018(1784)\"\n                    src=\"http:\/\/www.karate-neuhofen.at\/wp-content\/gallery\/10-sommercamp-2018\/thumbs\/thumbs_Sommercamp20181784.JPG\"\n                    width=\"240\"\n                    height=\"160\"\n                    style=\"max-width:100%;\"\n                \/>\n            <\/a>\n        <\/div>\n\t\t\t\t\t\t\t<\/div> \n\t\t\t\n        \n\t\t\t\t<div id=\"ngg-image-784\" class=\"ngg-gallery-thumbnail-box\" >\n\t\t\t\t        <div class=\"ngg-gallery-thumbnail\">\n            <a href=\"http:\/\/www.karate-neuhofen.at\/wp-content\/gallery\/10-sommercamp-2018\/Sommercamp20181785.JPG\"\n               title=\"\"\n               data-src=\"http:\/\/www.karate-neuhofen.at\/wp-content\/gallery\/10-sommercamp-2018\/Sommercamp20181785.JPG\"\n               data-thumbnail=\"http:\/\/www.karate-neuhofen.at\/wp-content\/gallery\/10-sommercamp-2018\/thumbs\/thumbs_Sommercamp20181785.JPG\"\n               data-image-id=\"21521\"\n               data-title=\"Sommercamp2018(1785)\"\n               data-description=\"\"\n               data-image-slug=\"sommercamp20181785\"\n               class=\"shutterset_14ea2dae3d90de67c1fc228ab12416d8\">\n                <img\n                    title=\"Sommercamp2018(1785)\"\n                    alt=\"Sommercamp2018(1785)\"\n                    src=\"http:\/\/www.karate-neuhofen.at\/wp-content\/gallery\/10-sommercamp-2018\/thumbs\/thumbs_Sommercamp20181785.JPG\"\n                    width=\"240\"\n                    height=\"160\"\n                    style=\"max-width:100%;\"\n                \/>\n            <\/a>\n        <\/div>\n\t\t\t\t\t\t\t<\/div> \n\t\t\t\n        \n\t\t\t\t<div id=\"ngg-image-785\" class=\"ngg-gallery-thumbnail-box\" >\n\t\t\t\t        <div class=\"ngg-gallery-thumbnail\">\n            <a href=\"http:\/\/www.karate-neuhofen.at\/wp-content\/gallery\/10-sommercamp-2018\/Sommercamp20181786.JPG\"\n               title=\"\"\n               data-src=\"http:\/\/www.karate-neuhofen.at\/wp-content\/gallery\/10-sommercamp-2018\/Sommercamp20181786.JPG\"\n               data-thumbnail=\"http:\/\/www.karate-neuhofen.at\/wp-content\/gallery\/10-sommercamp-2018\/thumbs\/thumbs_Sommercamp20181786.JPG\"\n               data-image-id=\"21522\"\n               data-title=\"Sommercamp2018(1786)\"\n               data-description=\"\"\n               data-image-slug=\"sommercamp20181786\"\n               class=\"shutterset_14ea2dae3d90de67c1fc228ab12416d8\">\n                <img\n                    title=\"Sommercamp2018(1786)\"\n                    alt=\"Sommercamp2018(1786)\"\n                    src=\"http:\/\/www.karate-neuhofen.at\/wp-content\/gallery\/10-sommercamp-2018\/thumbs\/thumbs_Sommercamp20181786.JPG\"\n                    width=\"240\"\n                    height=\"160\"\n                    style=\"max-width:100%;\"\n                \/>\n            <\/a>\n        <\/div>\n\t\t\t\t\t\t\t<\/div> \n\t\t\t\n        \n\t\t\t\t<div id=\"ngg-image-786\" class=\"ngg-gallery-thumbnail-box\" >\n\t\t\t\t        <div class=\"ngg-gallery-thumbnail\">\n            <a href=\"http:\/\/www.karate-neuhofen.at\/wp-content\/gallery\/10-sommercamp-2018\/Sommercamp20181787.JPG\"\n               title=\"\"\n               data-src=\"http:\/\/www.karate-neuhofen.at\/wp-content\/gallery\/10-sommercamp-2018\/Sommercamp20181787.JPG\"\n               data-thumbnail=\"http:\/\/www.karate-neuhofen.at\/wp-content\/gallery\/10-sommercamp-2018\/thumbs\/thumbs_Sommercamp20181787.JPG\"\n               data-image-id=\"21523\"\n               data-title=\"Sommercamp2018(1787)\"\n               data-description=\"\"\n               data-image-slug=\"sommercamp20181787\"\n               class=\"shutterset_14ea2dae3d90de67c1fc228ab12416d8\">\n                <img\n                    title=\"Sommercamp2018(1787)\"\n                    alt=\"Sommercamp2018(1787)\"\n                    src=\"http:\/\/www.karate-neuhofen.at\/wp-content\/gallery\/10-sommercamp-2018\/thumbs\/thumbs_Sommercamp20181787.JPG\"\n                    width=\"240\"\n                    height=\"160\"\n                    style=\"max-width:100%;\"\n                \/>\n            <\/a>\n        <\/div>\n\t\t\t\t\t\t\t<\/div> \n\t\t\t\n        \n\t\t\t\t<div id=\"ngg-image-787\" class=\"ngg-gallery-thumbnail-box\" >\n\t\t\t\t        <div class=\"ngg-gallery-thumbnail\">\n            <a href=\"http:\/\/www.karate-neuhofen.at\/wp-content\/gallery\/10-sommercamp-2018\/Sommercamp20181788.JPG\"\n               title=\"\"\n               data-src=\"http:\/\/www.karate-neuhofen.at\/wp-content\/gallery\/10-sommercamp-2018\/Sommercamp20181788.JPG\"\n               data-thumbnail=\"http:\/\/www.karate-neuhofen.at\/wp-content\/gallery\/10-sommercamp-2018\/thumbs\/thumbs_Sommercamp20181788.JPG\"\n               data-image-id=\"21524\"\n               data-title=\"Sommercamp2018(1788)\"\n               data-description=\"\"\n               data-image-slug=\"sommercamp20181788\"\n               class=\"shutterset_14ea2dae3d90de67c1fc228ab12416d8\">\n                <img\n                    title=\"Sommercamp2018(1788)\"\n                    alt=\"Sommercamp2018(1788)\"\n                    src=\"http:\/\/www.karate-neuhofen.at\/wp-content\/gallery\/10-sommercamp-2018\/thumbs\/thumbs_Sommercamp20181788.JPG\"\n                    width=\"240\"\n                    height=\"160\"\n                    style=\"max-width:100%;\"\n                \/>\n            <\/a>\n        <\/div>\n\t\t\t\t\t\t\t<\/div> \n\t\t\t\n        \n\t\t\t\t<div id=\"ngg-image-788\" class=\"ngg-gallery-thumbnail-box\" >\n\t\t\t\t        <div class=\"ngg-gallery-thumbnail\">\n            <a href=\"http:\/\/www.karate-neuhofen.at\/wp-content\/gallery\/10-sommercamp-2018\/Sommercamp20181789.JPG\"\n               title=\"\"\n               data-src=\"http:\/\/www.karate-neuhofen.at\/wp-content\/gallery\/10-sommercamp-2018\/Sommercamp20181789.JPG\"\n               data-thumbnail=\"http:\/\/www.karate-neuhofen.at\/wp-content\/gallery\/10-sommercamp-2018\/thumbs\/thumbs_Sommercamp20181789.JPG\"\n               data-image-id=\"21525\"\n               data-title=\"Sommercamp2018(1789)\"\n               data-description=\"\"\n               data-image-slug=\"sommercamp20181789\"\n               class=\"shutterset_14ea2dae3d90de67c1fc228ab12416d8\">\n                <img\n                    title=\"Sommercamp2018(1789)\"\n                    alt=\"Sommercamp2018(1789)\"\n                    src=\"http:\/\/www.karate-neuhofen.at\/wp-content\/gallery\/10-sommercamp-2018\/thumbs\/thumbs_Sommercamp20181789.JPG\"\n                    width=\"240\"\n                    height=\"160\"\n                    style=\"max-width:100%;\"\n                \/>\n            <\/a>\n        <\/div>\n\t\t\t\t\t\t\t<\/div> \n\t\t\t\n        \n\t\t\t\t<div id=\"ngg-image-789\" class=\"ngg-gallery-thumbnail-box\" >\n\t\t\t\t        <div class=\"ngg-gallery-thumbnail\">\n            <a href=\"http:\/\/www.karate-neuhofen.at\/wp-content\/gallery\/10-sommercamp-2018\/Sommercamp20181790.JPG\"\n               title=\"\"\n               data-src=\"http:\/\/www.karate-neuhofen.at\/wp-content\/gallery\/10-sommercamp-2018\/Sommercamp20181790.JPG\"\n               data-thumbnail=\"http:\/\/www.karate-neuhofen.at\/wp-content\/gallery\/10-sommercamp-2018\/thumbs\/thumbs_Sommercamp20181790.JPG\"\n               data-image-id=\"21526\"\n               data-title=\"Sommercamp2018(1790)\"\n               data-description=\"\"\n               data-image-slug=\"sommercamp20181790\"\n               class=\"shutterset_14ea2dae3d90de67c1fc228ab12416d8\">\n                <img\n                    title=\"Sommercamp2018(1790)\"\n                    alt=\"Sommercamp2018(1790)\"\n                    src=\"http:\/\/www.karate-neuhofen.at\/wp-content\/gallery\/10-sommercamp-2018\/thumbs\/thumbs_Sommercamp20181790.JPG\"\n                    width=\"240\"\n                    height=\"160\"\n                    style=\"max-width:100%;\"\n                \/>\n            <\/a>\n        <\/div>\n\t\t\t\t\t\t\t<\/div> \n\t\t\t\n        \n\t\t\t\t<div id=\"ngg-image-790\" class=\"ngg-gallery-thumbnail-box\" >\n\t\t\t\t        <div class=\"ngg-gallery-thumbnail\">\n            <a href=\"http:\/\/www.karate-neuhofen.at\/wp-content\/gallery\/10-sommercamp-2018\/Sommercamp20181791.JPG\"\n               title=\"\"\n               data-src=\"http:\/\/www.karate-neuhofen.at\/wp-content\/gallery\/10-sommercamp-2018\/Sommercamp20181791.JPG\"\n               data-thumbnail=\"http:\/\/www.karate-neuhofen.at\/wp-content\/gallery\/10-sommercamp-2018\/thumbs\/thumbs_Sommercamp20181791.JPG\"\n               data-image-id=\"21527\"\n               data-title=\"Sommercamp2018(1791)\"\n               data-description=\"\"\n               data-image-slug=\"sommercamp20181791\"\n               class=\"shutterset_14ea2dae3d90de67c1fc228ab12416d8\">\n                <img\n                    title=\"Sommercamp2018(1791)\"\n                    alt=\"Sommercamp2018(1791)\"\n                    src=\"http:\/\/www.karate-neuhofen.at\/wp-content\/gallery\/10-sommercamp-2018\/thumbs\/thumbs_Sommercamp20181791.JPG\"\n                    width=\"240\"\n                    height=\"160\"\n                    style=\"max-width:100%;\"\n                \/>\n            <\/a>\n        <\/div>\n\t\t\t\t\t\t\t<\/div> \n\t\t\t\n        \n\t\t\t\t<div id=\"ngg-image-791\" class=\"ngg-gallery-thumbnail-box\" >\n\t\t\t\t        <div class=\"ngg-gallery-thumbnail\">\n            <a href=\"http:\/\/www.karate-neuhofen.at\/wp-content\/gallery\/10-sommercamp-2018\/Sommercamp20181792.JPG\"\n               title=\"\"\n               data-src=\"http:\/\/www.karate-neuhofen.at\/wp-content\/gallery\/10-sommercamp-2018\/Sommercamp20181792.JPG\"\n               data-thumbnail=\"http:\/\/www.karate-neuhofen.at\/wp-content\/gallery\/10-sommercamp-2018\/thumbs\/thumbs_Sommercamp20181792.JPG\"\n               data-image-id=\"21528\"\n               data-title=\"Sommercamp2018(1792)\"\n               data-description=\"\"\n               data-image-slug=\"sommercamp20181792\"\n               class=\"shutterset_14ea2dae3d90de67c1fc228ab12416d8\">\n                <img\n                    title=\"Sommercamp2018(1792)\"\n                    alt=\"Sommercamp2018(1792)\"\n                    src=\"http:\/\/www.karate-neuhofen.at\/wp-content\/gallery\/10-sommercamp-2018\/thumbs\/thumbs_Sommercamp20181792.JPG\"\n                    width=\"240\"\n                    height=\"160\"\n                    style=\"max-width:100%;\"\n                \/>\n            <\/a>\n        <\/div>\n\t\t\t\t\t\t\t<\/div> \n\t\t\t\n        \n\t\t\t\t<div id=\"ngg-image-792\" class=\"ngg-gallery-thumbnail-box\" >\n\t\t\t\t        <div class=\"ngg-gallery-thumbnail\">\n            <a href=\"http:\/\/www.karate-neuhofen.at\/wp-content\/gallery\/10-sommercamp-2018\/Sommercamp20181793.JPG\"\n               title=\"\"\n               data-src=\"http:\/\/www.karate-neuhofen.at\/wp-content\/gallery\/10-sommercamp-2018\/Sommercamp20181793.JPG\"\n               data-thumbnail=\"http:\/\/www.karate-neuhofen.at\/wp-content\/gallery\/10-sommercamp-2018\/thumbs\/thumbs_Sommercamp20181793.JPG\"\n               data-image-id=\"21529\"\n               data-title=\"Sommercamp2018(1793)\"\n               data-description=\"\"\n               data-image-slug=\"sommercamp20181793\"\n               class=\"shutterset_14ea2dae3d90de67c1fc228ab12416d8\">\n                <img\n                    title=\"Sommercamp2018(1793)\"\n                    alt=\"Sommercamp2018(1793)\"\n                    src=\"http:\/\/www.karate-neuhofen.at\/wp-content\/gallery\/10-sommercamp-2018\/thumbs\/thumbs_Sommercamp20181793.JPG\"\n                    width=\"240\"\n                    height=\"160\"\n                    style=\"max-width:100%;\"\n                \/>\n            <\/a>\n        <\/div>\n\t\t\t\t\t\t\t<\/div> \n\t\t\t\n        \n\t\t\t\t<div id=\"ngg-image-793\" class=\"ngg-gallery-thumbnail-box\" >\n\t\t\t\t        <div class=\"ngg-gallery-thumbnail\">\n            <a href=\"http:\/\/www.karate-neuhofen.at\/wp-content\/gallery\/10-sommercamp-2018\/Sommercamp20181794.JPG\"\n               title=\"\"\n               data-src=\"http:\/\/www.karate-neuhofen.at\/wp-content\/gallery\/10-sommercamp-2018\/Sommercamp20181794.JPG\"\n               data-thumbnail=\"http:\/\/www.karate-neuhofen.at\/wp-content\/gallery\/10-sommercamp-2018\/thumbs\/thumbs_Sommercamp20181794.JPG\"\n               data-image-id=\"21530\"\n               data-title=\"Sommercamp2018(1794)\"\n               data-description=\"\"\n               data-image-slug=\"sommercamp20181794\"\n               class=\"shutterset_14ea2dae3d90de67c1fc228ab12416d8\">\n                <img\n                    title=\"Sommercamp2018(1794)\"\n                    alt=\"Sommercamp2018(1794)\"\n                    src=\"http:\/\/www.karate-neuhofen.at\/wp-content\/gallery\/10-sommercamp-2018\/thumbs\/thumbs_Sommercamp20181794.JPG\"\n                    width=\"240\"\n                    height=\"160\"\n                    style=\"max-width:100%;\"\n                \/>\n            <\/a>\n        <\/div>\n\t\t\t\t\t\t\t<\/div> \n\t\t\t\n        \n\t\t\t\t<div id=\"ngg-image-794\" class=\"ngg-gallery-thumbnail-box\" >\n\t\t\t\t        <div class=\"ngg-gallery-thumbnail\">\n            <a href=\"http:\/\/www.karate-neuhofen.at\/wp-content\/gallery\/10-sommercamp-2018\/Sommercamp20181795.JPG\"\n               title=\"\"\n               data-src=\"http:\/\/www.karate-neuhofen.at\/wp-content\/gallery\/10-sommercamp-2018\/Sommercamp20181795.JPG\"\n               data-thumbnail=\"http:\/\/www.karate-neuhofen.at\/wp-content\/gallery\/10-sommercamp-2018\/thumbs\/thumbs_Sommercamp20181795.JPG\"\n               data-image-id=\"21531\"\n               data-title=\"Sommercamp2018(1795)\"\n               data-description=\"\"\n               data-image-slug=\"sommercamp20181795\"\n               class=\"shutterset_14ea2dae3d90de67c1fc228ab12416d8\">\n                <img\n                    title=\"Sommercamp2018(1795)\"\n                    alt=\"Sommercamp2018(1795)\"\n                    src=\"http:\/\/www.karate-neuhofen.at\/wp-content\/gallery\/10-sommercamp-2018\/thumbs\/thumbs_Sommercamp20181795.JPG\"\n                    width=\"240\"\n                    height=\"160\"\n                    style=\"max-width:100%;\"\n                \/>\n            <\/a>\n        <\/div>\n\t\t\t\t\t\t\t<\/div> \n\t\t\t\n        \n\t\t\t\t<div id=\"ngg-image-795\" class=\"ngg-gallery-thumbnail-box\" >\n\t\t\t\t        <div class=\"ngg-gallery-thumbnail\">\n            <a href=\"http:\/\/www.karate-neuhofen.at\/wp-content\/gallery\/10-sommercamp-2018\/Sommercamp20181796.JPG\"\n               title=\"\"\n               data-src=\"http:\/\/www.karate-neuhofen.at\/wp-content\/gallery\/10-sommercamp-2018\/Sommercamp20181796.JPG\"\n               data-thumbnail=\"http:\/\/www.karate-neuhofen.at\/wp-content\/gallery\/10-sommercamp-2018\/thumbs\/thumbs_Sommercamp20181796.JPG\"\n               data-image-id=\"21532\"\n               data-title=\"Sommercamp2018(1796)\"\n               data-description=\"\"\n               data-image-slug=\"sommercamp20181796\"\n               class=\"shutterset_14ea2dae3d90de67c1fc228ab12416d8\">\n                <img\n                    title=\"Sommercamp2018(1796)\"\n                    alt=\"Sommercamp2018(1796)\"\n                    src=\"http:\/\/www.karate-neuhofen.at\/wp-content\/gallery\/10-sommercamp-2018\/thumbs\/thumbs_Sommercamp20181796.JPG\"\n                    width=\"240\"\n                    height=\"160\"\n                    style=\"max-width:100%;\"\n                \/>\n            <\/a>\n        <\/div>\n\t\t\t\t\t\t\t<\/div> \n\t\t\t\n        \n\t\t\t\t<div id=\"ngg-image-796\" class=\"ngg-gallery-thumbnail-box\" >\n\t\t\t\t        <div class=\"ngg-gallery-thumbnail\">\n            <a href=\"http:\/\/www.karate-neuhofen.at\/wp-content\/gallery\/10-sommercamp-2018\/Sommercamp20181797.JPG\"\n               title=\"\"\n               data-src=\"http:\/\/www.karate-neuhofen.at\/wp-content\/gallery\/10-sommercamp-2018\/Sommercamp20181797.JPG\"\n               data-thumbnail=\"http:\/\/www.karate-neuhofen.at\/wp-content\/gallery\/10-sommercamp-2018\/thumbs\/thumbs_Sommercamp20181797.JPG\"\n               data-image-id=\"21533\"\n               data-title=\"Sommercamp2018(1797)\"\n               data-description=\"\"\n               data-image-slug=\"sommercamp20181797\"\n               class=\"shutterset_14ea2dae3d90de67c1fc228ab12416d8\">\n                <img\n                    title=\"Sommercamp2018(1797)\"\n                    alt=\"Sommercamp2018(1797)\"\n                    src=\"http:\/\/www.karate-neuhofen.at\/wp-content\/gallery\/10-sommercamp-2018\/thumbs\/thumbs_Sommercamp20181797.JPG\"\n                    width=\"240\"\n                    height=\"160\"\n                    style=\"max-width:100%;\"\n                \/>\n            <\/a>\n        <\/div>\n\t\t\t\t\t\t\t<\/div> \n\t\t\t\n        \n\t\t\t\t<div id=\"ngg-image-797\" class=\"ngg-gallery-thumbnail-box\" >\n\t\t\t\t        <div class=\"ngg-gallery-thumbnail\">\n            <a href=\"http:\/\/www.karate-neuhofen.at\/wp-content\/gallery\/10-sommercamp-2018\/Sommercamp20181798.JPG\"\n               title=\"\"\n               data-src=\"http:\/\/www.karate-neuhofen.at\/wp-content\/gallery\/10-sommercamp-2018\/Sommercamp20181798.JPG\"\n               data-thumbnail=\"http:\/\/www.karate-neuhofen.at\/wp-content\/gallery\/10-sommercamp-2018\/thumbs\/thumbs_Sommercamp20181798.JPG\"\n               data-image-id=\"21534\"\n               data-title=\"Sommercamp2018(1798)\"\n               data-description=\"\"\n               data-image-slug=\"sommercamp20181798\"\n               class=\"shutterset_14ea2dae3d90de67c1fc228ab12416d8\">\n                <img\n                    title=\"Sommercamp2018(1798)\"\n                    alt=\"Sommercamp2018(1798)\"\n                    src=\"http:\/\/www.karate-neuhofen.at\/wp-content\/gallery\/10-sommercamp-2018\/thumbs\/thumbs_Sommercamp20181798.JPG\"\n                    width=\"240\"\n                    height=\"160\"\n                    style=\"max-width:100%;\"\n                \/>\n            <\/a>\n        <\/div>\n\t\t\t\t\t\t\t<\/div> \n\t\t\t\n        \n\t\t\t\t<div id=\"ngg-image-798\" class=\"ngg-gallery-thumbnail-box\" >\n\t\t\t\t        <div class=\"ngg-gallery-thumbnail\">\n            <a href=\"http:\/\/www.karate-neuhofen.at\/wp-content\/gallery\/10-sommercamp-2018\/Sommercamp20181799.JPG\"\n               title=\"\"\n               data-src=\"http:\/\/www.karate-neuhofen.at\/wp-content\/gallery\/10-sommercamp-2018\/Sommercamp20181799.JPG\"\n               data-thumbnail=\"http:\/\/www.karate-neuhofen.at\/wp-content\/gallery\/10-sommercamp-2018\/thumbs\/thumbs_Sommercamp20181799.JPG\"\n               data-image-id=\"21535\"\n               data-title=\"Sommercamp2018(1799)\"\n               data-description=\"\"\n               data-image-slug=\"sommercamp20181799\"\n               class=\"shutterset_14ea2dae3d90de67c1fc228ab12416d8\">\n                <img\n                    title=\"Sommercamp2018(1799)\"\n                    alt=\"Sommercamp2018(1799)\"\n                    src=\"http:\/\/www.karate-neuhofen.at\/wp-content\/gallery\/10-sommercamp-2018\/thumbs\/thumbs_Sommercamp20181799.JPG\"\n                    width=\"240\"\n                    height=\"160\"\n                    style=\"max-width:100%;\"\n                \/>\n            <\/a>\n        <\/div>\n\t\t\t\t\t\t\t<\/div> \n\t\t\t\n        \n\t\t\t\t<div id=\"ngg-image-799\" class=\"ngg-gallery-thumbnail-box\" >\n\t\t\t\t        <div class=\"ngg-gallery-thumbnail\">\n            <a href=\"http:\/\/www.karate-neuhofen.at\/wp-content\/gallery\/10-sommercamp-2018\/Sommercamp20181800.JPG\"\n               title=\"\"\n               data-src=\"http:\/\/www.karate-neuhofen.at\/wp-content\/gallery\/10-sommercamp-2018\/Sommercamp20181800.JPG\"\n               data-thumbnail=\"http:\/\/www.karate-neuhofen.at\/wp-content\/gallery\/10-sommercamp-2018\/thumbs\/thumbs_Sommercamp20181800.JPG\"\n               data-image-id=\"21536\"\n               data-title=\"Sommercamp2018(1800)\"\n               data-description=\"\"\n               data-image-slug=\"sommercamp20181800\"\n               class=\"shutterset_14ea2dae3d90de67c1fc228ab12416d8\">\n                <img\n                    title=\"Sommercamp2018(1800)\"\n                    alt=\"Sommercamp2018(1800)\"\n                    src=\"http:\/\/www.karate-neuhofen.at\/wp-content\/gallery\/10-sommercamp-2018\/thumbs\/thumbs_Sommercamp20181800.JPG\"\n                    width=\"240\"\n                    height=\"160\"\n                    style=\"max-width:100%;\"\n                \/>\n            <\/a>\n        <\/div>\n\t\t\t\t\t\t\t<\/div> \n\t\t\t\n        \n\t\t\t\t<div id=\"ngg-image-800\" class=\"ngg-gallery-thumbnail-box\" >\n\t\t\t\t        <div class=\"ngg-gallery-thumbnail\">\n            <a href=\"http:\/\/www.karate-neuhofen.at\/wp-content\/gallery\/10-sommercamp-2018\/Sommercamp20181801.JPG\"\n               title=\"\"\n               data-src=\"http:\/\/www.karate-neuhofen.at\/wp-content\/gallery\/10-sommercamp-2018\/Sommercamp20181801.JPG\"\n               data-thumbnail=\"http:\/\/www.karate-neuhofen.at\/wp-content\/gallery\/10-sommercamp-2018\/thumbs\/thumbs_Sommercamp20181801.JPG\"\n               data-image-id=\"21537\"\n               data-title=\"Sommercamp2018(1801)\"\n               data-description=\"\"\n               data-image-slug=\"sommercamp20181801\"\n               class=\"shutterset_14ea2dae3d90de67c1fc228ab12416d8\">\n                <img\n                    title=\"Sommercamp2018(1801)\"\n                    alt=\"Sommercamp2018(1801)\"\n                    src=\"http:\/\/www.karate-neuhofen.at\/wp-content\/gallery\/10-sommercamp-2018\/thumbs\/thumbs_Sommercamp20181801.JPG\"\n                    width=\"240\"\n                    height=\"160\"\n                    style=\"max-width:100%;\"\n                \/>\n            <\/a>\n        <\/div>\n\t\t\t\t\t\t\t<\/div> \n\t\t\t\n        \n\t\t\t\t<div id=\"ngg-image-801\" class=\"ngg-gallery-thumbnail-box\" >\n\t\t\t\t        <div class=\"ngg-gallery-thumbnail\">\n            <a href=\"http:\/\/www.karate-neuhofen.at\/wp-content\/gallery\/10-sommercamp-2018\/Sommercamp20181802.JPG\"\n               title=\"\"\n               data-src=\"http:\/\/www.karate-neuhofen.at\/wp-content\/gallery\/10-sommercamp-2018\/Sommercamp20181802.JPG\"\n               data-thumbnail=\"http:\/\/www.karate-neuhofen.at\/wp-content\/gallery\/10-sommercamp-2018\/thumbs\/thumbs_Sommercamp20181802.JPG\"\n               data-image-id=\"21538\"\n               data-title=\"Sommercamp2018(1802)\"\n               data-description=\"\"\n               data-image-slug=\"sommercamp20181802\"\n               class=\"shutterset_14ea2dae3d90de67c1fc228ab12416d8\">\n                <img\n                    title=\"Sommercamp2018(1802)\"\n                    alt=\"Sommercamp2018(1802)\"\n                    src=\"http:\/\/www.karate-neuhofen.at\/wp-content\/gallery\/10-sommercamp-2018\/thumbs\/thumbs_Sommercamp20181802.JPG\"\n                    width=\"240\"\n                    height=\"160\"\n                    style=\"max-width:100%;\"\n                \/>\n            <\/a>\n        <\/div>\n\t\t\t\t\t\t\t<\/div> \n\t\t\t\n        \n\t\t\t\t<div id=\"ngg-image-802\" class=\"ngg-gallery-thumbnail-box\" >\n\t\t\t\t        <div class=\"ngg-gallery-thumbnail\">\n            <a href=\"http:\/\/www.karate-neuhofen.at\/wp-content\/gallery\/10-sommercamp-2018\/Sommercamp20181803.JPG\"\n               title=\"\"\n               data-src=\"http:\/\/www.karate-neuhofen.at\/wp-content\/gallery\/10-sommercamp-2018\/Sommercamp20181803.JPG\"\n               data-thumbnail=\"http:\/\/www.karate-neuhofen.at\/wp-content\/gallery\/10-sommercamp-2018\/thumbs\/thumbs_Sommercamp20181803.JPG\"\n               data-image-id=\"21539\"\n               data-title=\"Sommercamp2018(1803)\"\n               data-description=\"\"\n               data-image-slug=\"sommercamp20181803\"\n               class=\"shutterset_14ea2dae3d90de67c1fc228ab12416d8\">\n                <img\n                    title=\"Sommercamp2018(1803)\"\n                    alt=\"Sommercamp2018(1803)\"\n                    src=\"http:\/\/www.karate-neuhofen.at\/wp-content\/gallery\/10-sommercamp-2018\/thumbs\/thumbs_Sommercamp20181803.JPG\"\n                    width=\"240\"\n                    height=\"160\"\n                    style=\"max-width:100%;\"\n                \/>\n            <\/a>\n        <\/div>\n\t\t\t\t\t\t\t<\/div> \n\t\t\t\n        \n\t\t\t\t<div id=\"ngg-image-803\" class=\"ngg-gallery-thumbnail-box\" >\n\t\t\t\t        <div class=\"ngg-gallery-thumbnail\">\n            <a href=\"http:\/\/www.karate-neuhofen.at\/wp-content\/gallery\/10-sommercamp-2018\/Sommercamp20181804.JPG\"\n               title=\"\"\n               data-src=\"http:\/\/www.karate-neuhofen.at\/wp-content\/gallery\/10-sommercamp-2018\/Sommercamp20181804.JPG\"\n               data-thumbnail=\"http:\/\/www.karate-neuhofen.at\/wp-content\/gallery\/10-sommercamp-2018\/thumbs\/thumbs_Sommercamp20181804.JPG\"\n               data-image-id=\"21540\"\n               data-title=\"Sommercamp2018(1804)\"\n               data-description=\"\"\n               data-image-slug=\"sommercamp20181804\"\n               class=\"shutterset_14ea2dae3d90de67c1fc228ab12416d8\">\n                <img\n                    title=\"Sommercamp2018(1804)\"\n                    alt=\"Sommercamp2018(1804)\"\n                    src=\"http:\/\/www.karate-neuhofen.at\/wp-content\/gallery\/10-sommercamp-2018\/thumbs\/thumbs_Sommercamp20181804.JPG\"\n                    width=\"240\"\n                    height=\"160\"\n                    style=\"max-width:100%;\"\n                \/>\n            <\/a>\n        <\/div>\n\t\t\t\t\t\t\t<\/div> \n\t\t\t\n        \n\t\t\t\t<div id=\"ngg-image-804\" class=\"ngg-gallery-thumbnail-box\" >\n\t\t\t\t        <div class=\"ngg-gallery-thumbnail\">\n            <a href=\"http:\/\/www.karate-neuhofen.at\/wp-content\/gallery\/10-sommercamp-2018\/Sommercamp20181805.JPG\"\n               title=\"\"\n               data-src=\"http:\/\/www.karate-neuhofen.at\/wp-content\/gallery\/10-sommercamp-2018\/Sommercamp20181805.JPG\"\n               data-thumbnail=\"http:\/\/www.karate-neuhofen.at\/wp-content\/gallery\/10-sommercamp-2018\/thumbs\/thumbs_Sommercamp20181805.JPG\"\n               data-image-id=\"21541\"\n               data-title=\"Sommercamp2018(1805)\"\n               data-description=\"\"\n               data-image-slug=\"sommercamp20181805\"\n               class=\"shutterset_14ea2dae3d90de67c1fc228ab12416d8\">\n                <img\n                    title=\"Sommercamp2018(1805)\"\n                    alt=\"Sommercamp2018(1805)\"\n                    src=\"http:\/\/www.karate-neuhofen.at\/wp-content\/gallery\/10-sommercamp-2018\/thumbs\/thumbs_Sommercamp20181805.JPG\"\n                    width=\"240\"\n                    height=\"160\"\n                    style=\"max-width:100%;\"\n                \/>\n            <\/a>\n        <\/div>\n\t\t\t\t\t\t\t<\/div> \n\t\t\t\n        \n\t\t\t\t<div id=\"ngg-image-805\" class=\"ngg-gallery-thumbnail-box\" >\n\t\t\t\t        <div class=\"ngg-gallery-thumbnail\">\n            <a href=\"http:\/\/www.karate-neuhofen.at\/wp-content\/gallery\/10-sommercamp-2018\/Sommercamp20181806.JPG\"\n               title=\"\"\n               data-src=\"http:\/\/www.karate-neuhofen.at\/wp-content\/gallery\/10-sommercamp-2018\/Sommercamp20181806.JPG\"\n               data-thumbnail=\"http:\/\/www.karate-neuhofen.at\/wp-content\/gallery\/10-sommercamp-2018\/thumbs\/thumbs_Sommercamp20181806.JPG\"\n               data-image-id=\"21542\"\n               data-title=\"Sommercamp2018(1806)\"\n               data-description=\"\"\n               data-image-slug=\"sommercamp20181806\"\n               class=\"shutterset_14ea2dae3d90de67c1fc228ab12416d8\">\n                <img\n                    title=\"Sommercamp2018(1806)\"\n                    alt=\"Sommercamp2018(1806)\"\n                    src=\"http:\/\/www.karate-neuhofen.at\/wp-content\/gallery\/10-sommercamp-2018\/thumbs\/thumbs_Sommercamp20181806.JPG\"\n                    width=\"240\"\n                    height=\"160\"\n                    style=\"max-width:100%;\"\n                \/>\n            <\/a>\n        <\/div>\n\t\t\t\t\t\t\t<\/div> \n\t\t\t\n        \n\t\t\t\t<div id=\"ngg-image-806\" class=\"ngg-gallery-thumbnail-box\" >\n\t\t\t\t        <div class=\"ngg-gallery-thumbnail\">\n            <a href=\"http:\/\/www.karate-neuhofen.at\/wp-content\/gallery\/10-sommercamp-2018\/Sommercamp20181807.JPG\"\n               title=\"\"\n               data-src=\"http:\/\/www.karate-neuhofen.at\/wp-content\/gallery\/10-sommercamp-2018\/Sommercamp20181807.JPG\"\n               data-thumbnail=\"http:\/\/www.karate-neuhofen.at\/wp-content\/gallery\/10-sommercamp-2018\/thumbs\/thumbs_Sommercamp20181807.JPG\"\n               data-image-id=\"21543\"\n               data-title=\"Sommercamp2018(1807)\"\n               data-description=\"\"\n               data-image-slug=\"sommercamp20181807\"\n               class=\"shutterset_14ea2dae3d90de67c1fc228ab12416d8\">\n                <img\n                    title=\"Sommercamp2018(1807)\"\n                    alt=\"Sommercamp2018(1807)\"\n                    src=\"http:\/\/www.karate-neuhofen.at\/wp-content\/gallery\/10-sommercamp-2018\/thumbs\/thumbs_Sommercamp20181807.JPG\"\n                    width=\"240\"\n                    height=\"160\"\n                    style=\"max-width:100%;\"\n                \/>\n            <\/a>\n        <\/div>\n\t\t\t\t\t\t\t<\/div> \n\t\t\t\n        \n\t\t\t\t<div id=\"ngg-image-807\" class=\"ngg-gallery-thumbnail-box\" >\n\t\t\t\t        <div class=\"ngg-gallery-thumbnail\">\n            <a href=\"http:\/\/www.karate-neuhofen.at\/wp-content\/gallery\/10-sommercamp-2018\/Sommercamp20181808.JPG\"\n               title=\"\"\n               data-src=\"http:\/\/www.karate-neuhofen.at\/wp-content\/gallery\/10-sommercamp-2018\/Sommercamp20181808.JPG\"\n               data-thumbnail=\"http:\/\/www.karate-neuhofen.at\/wp-content\/gallery\/10-sommercamp-2018\/thumbs\/thumbs_Sommercamp20181808.JPG\"\n               data-image-id=\"21544\"\n               data-title=\"Sommercamp2018(1808)\"\n               data-description=\"\"\n               data-image-slug=\"sommercamp20181808\"\n               class=\"shutterset_14ea2dae3d90de67c1fc228ab12416d8\">\n                <img\n                    title=\"Sommercamp2018(1808)\"\n                    alt=\"Sommercamp2018(1808)\"\n                    src=\"http:\/\/www.karate-neuhofen.at\/wp-content\/gallery\/10-sommercamp-2018\/thumbs\/thumbs_Sommercamp20181808.JPG\"\n                    width=\"240\"\n                    height=\"160\"\n                    style=\"max-width:100%;\"\n                \/>\n            <\/a>\n        <\/div>\n\t\t\t\t\t\t\t<\/div> \n\t\t\t\n        \n\t\t\t\t<div id=\"ngg-image-808\" class=\"ngg-gallery-thumbnail-box\" >\n\t\t\t\t        <div class=\"ngg-gallery-thumbnail\">\n            <a href=\"http:\/\/www.karate-neuhofen.at\/wp-content\/gallery\/10-sommercamp-2018\/Sommercamp20181809.JPG\"\n               title=\"\"\n               data-src=\"http:\/\/www.karate-neuhofen.at\/wp-content\/gallery\/10-sommercamp-2018\/Sommercamp20181809.JPG\"\n               data-thumbnail=\"http:\/\/www.karate-neuhofen.at\/wp-content\/gallery\/10-sommercamp-2018\/thumbs\/thumbs_Sommercamp20181809.JPG\"\n               data-image-id=\"21545\"\n               data-title=\"Sommercamp2018(1809)\"\n               data-description=\"\"\n               data-image-slug=\"sommercamp20181809\"\n               class=\"shutterset_14ea2dae3d90de67c1fc228ab12416d8\">\n                <img\n                    title=\"Sommercamp2018(1809)\"\n                    alt=\"Sommercamp2018(1809)\"\n                    src=\"http:\/\/www.karate-neuhofen.at\/wp-content\/gallery\/10-sommercamp-2018\/thumbs\/thumbs_Sommercamp20181809.JPG\"\n                    width=\"240\"\n                    height=\"160\"\n                    style=\"max-width:100%;\"\n                \/>\n            <\/a>\n        <\/div>\n\t\t\t\t\t\t\t<\/div> \n\t\t\t\n        \n\t\t\t\t<div id=\"ngg-image-809\" class=\"ngg-gallery-thumbnail-box\" >\n\t\t\t\t        <div class=\"ngg-gallery-thumbnail\">\n            <a href=\"http:\/\/www.karate-neuhofen.at\/wp-content\/gallery\/10-sommercamp-2018\/Sommercamp20181810.JPG\"\n               title=\"\"\n               data-src=\"http:\/\/www.karate-neuhofen.at\/wp-content\/gallery\/10-sommercamp-2018\/Sommercamp20181810.JPG\"\n               data-thumbnail=\"http:\/\/www.karate-neuhofen.at\/wp-content\/gallery\/10-sommercamp-2018\/thumbs\/thumbs_Sommercamp20181810.JPG\"\n               data-image-id=\"21546\"\n               data-title=\"Sommercamp2018(1810)\"\n               data-description=\"\"\n               data-image-slug=\"sommercamp20181810\"\n               class=\"shutterset_14ea2dae3d90de67c1fc228ab12416d8\">\n                <img\n                    title=\"Sommercamp2018(1810)\"\n                    alt=\"Sommercamp2018(1810)\"\n                    src=\"http:\/\/www.karate-neuhofen.at\/wp-content\/gallery\/10-sommercamp-2018\/thumbs\/thumbs_Sommercamp20181810.JPG\"\n                    width=\"240\"\n                    height=\"160\"\n                    style=\"max-width:100%;\"\n                \/>\n            <\/a>\n        <\/div>\n\t\t\t\t\t\t\t<\/div> \n\t\t\t\n        \n\t\t\t\t<div id=\"ngg-image-810\" class=\"ngg-gallery-thumbnail-box\" >\n\t\t\t\t        <div class=\"ngg-gallery-thumbnail\">\n            <a href=\"http:\/\/www.karate-neuhofen.at\/wp-content\/gallery\/10-sommercamp-2018\/Sommercamp20181811.JPG\"\n               title=\"\"\n               data-src=\"http:\/\/www.karate-neuhofen.at\/wp-content\/gallery\/10-sommercamp-2018\/Sommercamp20181811.JPG\"\n               data-thumbnail=\"http:\/\/www.karate-neuhofen.at\/wp-content\/gallery\/10-sommercamp-2018\/thumbs\/thumbs_Sommercamp20181811.JPG\"\n               data-image-id=\"21547\"\n               data-title=\"Sommercamp2018(1811)\"\n               data-description=\"\"\n               data-image-slug=\"sommercamp20181811\"\n               class=\"shutterset_14ea2dae3d90de67c1fc228ab12416d8\">\n                <img\n                    title=\"Sommercamp2018(1811)\"\n                    alt=\"Sommercamp2018(1811)\"\n                    src=\"http:\/\/www.karate-neuhofen.at\/wp-content\/gallery\/10-sommercamp-2018\/thumbs\/thumbs_Sommercamp20181811.JPG\"\n                    width=\"240\"\n                    height=\"160\"\n                    style=\"max-width:100%;\"\n                \/>\n            <\/a>\n        <\/div>\n\t\t\t\t\t\t\t<\/div> \n\t\t\t\n        \n\t\t\t\t<div id=\"ngg-image-811\" class=\"ngg-gallery-thumbnail-box\" >\n\t\t\t\t        <div class=\"ngg-gallery-thumbnail\">\n            <a href=\"http:\/\/www.karate-neuhofen.at\/wp-content\/gallery\/10-sommercamp-2018\/Sommercamp20181812.JPG\"\n               title=\"\"\n               data-src=\"http:\/\/www.karate-neuhofen.at\/wp-content\/gallery\/10-sommercamp-2018\/Sommercamp20181812.JPG\"\n               data-thumbnail=\"http:\/\/www.karate-neuhofen.at\/wp-content\/gallery\/10-sommercamp-2018\/thumbs\/thumbs_Sommercamp20181812.JPG\"\n               data-image-id=\"21548\"\n               data-title=\"Sommercamp2018(1812)\"\n               data-description=\"\"\n               data-image-slug=\"sommercamp20181812\"\n               class=\"shutterset_14ea2dae3d90de67c1fc228ab12416d8\">\n                <img\n                    title=\"Sommercamp2018(1812)\"\n                    alt=\"Sommercamp2018(1812)\"\n                    src=\"http:\/\/www.karate-neuhofen.at\/wp-content\/gallery\/10-sommercamp-2018\/thumbs\/thumbs_Sommercamp20181812.JPG\"\n                    width=\"240\"\n                    height=\"160\"\n                    style=\"max-width:100%;\"\n                \/>\n            <\/a>\n        <\/div>\n\t\t\t\t\t\t\t<\/div> \n\t\t\t\n        \n\t\t\t\t<div id=\"ngg-image-812\" class=\"ngg-gallery-thumbnail-box\" >\n\t\t\t\t        <div class=\"ngg-gallery-thumbnail\">\n            <a href=\"http:\/\/www.karate-neuhofen.at\/wp-content\/gallery\/10-sommercamp-2018\/Sommercamp20181813.JPG\"\n               title=\"\"\n               data-src=\"http:\/\/www.karate-neuhofen.at\/wp-content\/gallery\/10-sommercamp-2018\/Sommercamp20181813.JPG\"\n               data-thumbnail=\"http:\/\/www.karate-neuhofen.at\/wp-content\/gallery\/10-sommercamp-2018\/thumbs\/thumbs_Sommercamp20181813.JPG\"\n               data-image-id=\"21549\"\n               data-title=\"Sommercamp2018(1813)\"\n               data-description=\"\"\n               data-image-slug=\"sommercamp20181813\"\n               class=\"shutterset_14ea2dae3d90de67c1fc228ab12416d8\">\n                <img\n                    title=\"Sommercamp2018(1813)\"\n                    alt=\"Sommercamp2018(1813)\"\n                    src=\"http:\/\/www.karate-neuhofen.at\/wp-content\/gallery\/10-sommercamp-2018\/thumbs\/thumbs_Sommercamp20181813.JPG\"\n                    width=\"240\"\n                    height=\"160\"\n                    style=\"max-width:100%;\"\n                \/>\n            <\/a>\n        <\/div>\n\t\t\t\t\t\t\t<\/div> \n\t\t\t\n        \n\t\t\t\t<div id=\"ngg-image-813\" class=\"ngg-gallery-thumbnail-box\" >\n\t\t\t\t        <div class=\"ngg-gallery-thumbnail\">\n            <a href=\"http:\/\/www.karate-neuhofen.at\/wp-content\/gallery\/10-sommercamp-2018\/Sommercamp20181814.JPG\"\n               title=\"\"\n               data-src=\"http:\/\/www.karate-neuhofen.at\/wp-content\/gallery\/10-sommercamp-2018\/Sommercamp20181814.JPG\"\n               data-thumbnail=\"http:\/\/www.karate-neuhofen.at\/wp-content\/gallery\/10-sommercamp-2018\/thumbs\/thumbs_Sommercamp20181814.JPG\"\n               data-image-id=\"21550\"\n               data-title=\"Sommercamp2018(1814)\"\n               data-description=\"\"\n               data-image-slug=\"sommercamp20181814\"\n               class=\"shutterset_14ea2dae3d90de67c1fc228ab12416d8\">\n                <img\n                    title=\"Sommercamp2018(1814)\"\n                    alt=\"Sommercamp2018(1814)\"\n                    src=\"http:\/\/www.karate-neuhofen.at\/wp-content\/gallery\/10-sommercamp-2018\/thumbs\/thumbs_Sommercamp20181814.JPG\"\n                    width=\"240\"\n                    height=\"160\"\n                    style=\"max-width:100%;\"\n                \/>\n            <\/a>\n        <\/div>\n\t\t\t\t\t\t\t<\/div> \n\t\t\t\n        \n\t\t\t\t<div id=\"ngg-image-814\" class=\"ngg-gallery-thumbnail-box\" >\n\t\t\t\t        <div class=\"ngg-gallery-thumbnail\">\n            <a href=\"http:\/\/www.karate-neuhofen.at\/wp-content\/gallery\/10-sommercamp-2018\/Sommercamp20181815.JPG\"\n               title=\"\"\n               data-src=\"http:\/\/www.karate-neuhofen.at\/wp-content\/gallery\/10-sommercamp-2018\/Sommercamp20181815.JPG\"\n               data-thumbnail=\"http:\/\/www.karate-neuhofen.at\/wp-content\/gallery\/10-sommercamp-2018\/thumbs\/thumbs_Sommercamp20181815.JPG\"\n               data-image-id=\"21551\"\n               data-title=\"Sommercamp2018(1815)\"\n               data-description=\"\"\n               data-image-slug=\"sommercamp20181815\"\n               class=\"shutterset_14ea2dae3d90de67c1fc228ab12416d8\">\n                <img\n                    title=\"Sommercamp2018(1815)\"\n                    alt=\"Sommercamp2018(1815)\"\n                    src=\"http:\/\/www.karate-neuhofen.at\/wp-content\/gallery\/10-sommercamp-2018\/thumbs\/thumbs_Sommercamp20181815.JPG\"\n                    width=\"240\"\n                    height=\"160\"\n                    style=\"max-width:100%;\"\n                \/>\n            <\/a>\n        <\/div>\n\t\t\t\t\t\t\t<\/div> \n\t\t\t\n        \n\t\t\t\t<div id=\"ngg-image-815\" class=\"ngg-gallery-thumbnail-box\" >\n\t\t\t\t        <div class=\"ngg-gallery-thumbnail\">\n            <a href=\"http:\/\/www.karate-neuhofen.at\/wp-content\/gallery\/10-sommercamp-2018\/Sommercamp20181816.JPG\"\n               title=\"\"\n               data-src=\"http:\/\/www.karate-neuhofen.at\/wp-content\/gallery\/10-sommercamp-2018\/Sommercamp20181816.JPG\"\n               data-thumbnail=\"http:\/\/www.karate-neuhofen.at\/wp-content\/gallery\/10-sommercamp-2018\/thumbs\/thumbs_Sommercamp20181816.JPG\"\n               data-image-id=\"21552\"\n               data-title=\"Sommercamp2018(1816)\"\n               data-description=\"\"\n               data-image-slug=\"sommercamp20181816\"\n               class=\"shutterset_14ea2dae3d90de67c1fc228ab12416d8\">\n                <img\n                    title=\"Sommercamp2018(1816)\"\n                    alt=\"Sommercamp2018(1816)\"\n                    src=\"http:\/\/www.karate-neuhofen.at\/wp-content\/gallery\/10-sommercamp-2018\/thumbs\/thumbs_Sommercamp20181816.JPG\"\n                    width=\"240\"\n                    height=\"160\"\n                    style=\"max-width:100%;\"\n                \/>\n            <\/a>\n        <\/div>\n\t\t\t\t\t\t\t<\/div> \n\t\t\t\n        \n\t\t\t\t<div id=\"ngg-image-816\" class=\"ngg-gallery-thumbnail-box\" >\n\t\t\t\t        <div class=\"ngg-gallery-thumbnail\">\n            <a href=\"http:\/\/www.karate-neuhofen.at\/wp-content\/gallery\/10-sommercamp-2018\/Sommercamp20181817.JPG\"\n               title=\"\"\n               data-src=\"http:\/\/www.karate-neuhofen.at\/wp-content\/gallery\/10-sommercamp-2018\/Sommercamp20181817.JPG\"\n               data-thumbnail=\"http:\/\/www.karate-neuhofen.at\/wp-content\/gallery\/10-sommercamp-2018\/thumbs\/thumbs_Sommercamp20181817.JPG\"\n               data-image-id=\"21553\"\n               data-title=\"Sommercamp2018(1817)\"\n               data-description=\"\"\n               data-image-slug=\"sommercamp20181817\"\n               class=\"shutterset_14ea2dae3d90de67c1fc228ab12416d8\">\n                <img\n                    title=\"Sommercamp2018(1817)\"\n                    alt=\"Sommercamp2018(1817)\"\n                    src=\"http:\/\/www.karate-neuhofen.at\/wp-content\/gallery\/10-sommercamp-2018\/thumbs\/thumbs_Sommercamp20181817.JPG\"\n                    width=\"240\"\n                    height=\"160\"\n                    style=\"max-width:100%;\"\n                \/>\n            <\/a>\n        <\/div>\n\t\t\t\t\t\t\t<\/div> \n\t\t\t\n        \n\t\t\t\t<div id=\"ngg-image-817\" class=\"ngg-gallery-thumbnail-box\" >\n\t\t\t\t        <div class=\"ngg-gallery-thumbnail\">\n            <a href=\"http:\/\/www.karate-neuhofen.at\/wp-content\/gallery\/10-sommercamp-2018\/Sommercamp20181818.JPG\"\n               title=\"\"\n               data-src=\"http:\/\/www.karate-neuhofen.at\/wp-content\/gallery\/10-sommercamp-2018\/Sommercamp20181818.JPG\"\n               data-thumbnail=\"http:\/\/www.karate-neuhofen.at\/wp-content\/gallery\/10-sommercamp-2018\/thumbs\/thumbs_Sommercamp20181818.JPG\"\n               data-image-id=\"21554\"\n               data-title=\"Sommercamp2018(1818)\"\n               data-description=\"\"\n               data-image-slug=\"sommercamp20181818\"\n               class=\"shutterset_14ea2dae3d90de67c1fc228ab12416d8\">\n                <img\n                    title=\"Sommercamp2018(1818)\"\n                    alt=\"Sommercamp2018(1818)\"\n                    src=\"http:\/\/www.karate-neuhofen.at\/wp-content\/gallery\/10-sommercamp-2018\/thumbs\/thumbs_Sommercamp20181818.JPG\"\n                    width=\"240\"\n                    height=\"160\"\n                    style=\"max-width:100%;\"\n                \/>\n            <\/a>\n        <\/div>\n\t\t\t\t\t\t\t<\/div> \n\t\t\t\n        \n\t\t\t\t<div id=\"ngg-image-818\" class=\"ngg-gallery-thumbnail-box\" >\n\t\t\t\t        <div class=\"ngg-gallery-thumbnail\">\n            <a href=\"http:\/\/www.karate-neuhofen.at\/wp-content\/gallery\/10-sommercamp-2018\/Sommercamp20181819.JPG\"\n               title=\"\"\n               data-src=\"http:\/\/www.karate-neuhofen.at\/wp-content\/gallery\/10-sommercamp-2018\/Sommercamp20181819.JPG\"\n               data-thumbnail=\"http:\/\/www.karate-neuhofen.at\/wp-content\/gallery\/10-sommercamp-2018\/thumbs\/thumbs_Sommercamp20181819.JPG\"\n               data-image-id=\"21555\"\n               data-title=\"Sommercamp2018(1819)\"\n               data-description=\"\"\n               data-image-slug=\"sommercamp20181819\"\n               class=\"shutterset_14ea2dae3d90de67c1fc228ab12416d8\">\n                <img\n                    title=\"Sommercamp2018(1819)\"\n                    alt=\"Sommercamp2018(1819)\"\n                    src=\"http:\/\/www.karate-neuhofen.at\/wp-content\/gallery\/10-sommercamp-2018\/thumbs\/thumbs_Sommercamp20181819.JPG\"\n                    width=\"240\"\n                    height=\"160\"\n                    style=\"max-width:100%;\"\n                \/>\n            <\/a>\n        <\/div>\n\t\t\t\t\t\t\t<\/div> \n\t\t\t\n        \n\t\t\t\t<div id=\"ngg-image-819\" class=\"ngg-gallery-thumbnail-box\" >\n\t\t\t\t        <div class=\"ngg-gallery-thumbnail\">\n            <a href=\"http:\/\/www.karate-neuhofen.at\/wp-content\/gallery\/10-sommercamp-2018\/Sommercamp20181820.JPG\"\n               title=\"\"\n               data-src=\"http:\/\/www.karate-neuhofen.at\/wp-content\/gallery\/10-sommercamp-2018\/Sommercamp20181820.JPG\"\n               data-thumbnail=\"http:\/\/www.karate-neuhofen.at\/wp-content\/gallery\/10-sommercamp-2018\/thumbs\/thumbs_Sommercamp20181820.JPG\"\n               data-image-id=\"21556\"\n               data-title=\"Sommercamp2018(1820)\"\n               data-description=\"\"\n               data-image-slug=\"sommercamp20181820\"\n               class=\"shutterset_14ea2dae3d90de67c1fc228ab12416d8\">\n                <img\n                    title=\"Sommercamp2018(1820)\"\n                    alt=\"Sommercamp2018(1820)\"\n                    src=\"http:\/\/www.karate-neuhofen.at\/wp-content\/gallery\/10-sommercamp-2018\/thumbs\/thumbs_Sommercamp20181820.JPG\"\n                    width=\"240\"\n                    height=\"160\"\n                    style=\"max-width:100%;\"\n                \/>\n            <\/a>\n        <\/div>\n\t\t\t\t\t\t\t<\/div> \n\t\t\t\n        \n\t\t\t\t<div id=\"ngg-image-820\" class=\"ngg-gallery-thumbnail-box\" >\n\t\t\t\t        <div class=\"ngg-gallery-thumbnail\">\n            <a href=\"http:\/\/www.karate-neuhofen.at\/wp-content\/gallery\/10-sommercamp-2018\/Sommercamp20181821.JPG\"\n               title=\"\"\n               data-src=\"http:\/\/www.karate-neuhofen.at\/wp-content\/gallery\/10-sommercamp-2018\/Sommercamp20181821.JPG\"\n               data-thumbnail=\"http:\/\/www.karate-neuhofen.at\/wp-content\/gallery\/10-sommercamp-2018\/thumbs\/thumbs_Sommercamp20181821.JPG\"\n               data-image-id=\"21557\"\n               data-title=\"Sommercamp2018(1821)\"\n               data-description=\"\"\n               data-image-slug=\"sommercamp20181821\"\n               class=\"shutterset_14ea2dae3d90de67c1fc228ab12416d8\">\n                <img\n                    title=\"Sommercamp2018(1821)\"\n                    alt=\"Sommercamp2018(1821)\"\n                    src=\"http:\/\/www.karate-neuhofen.at\/wp-content\/gallery\/10-sommercamp-2018\/thumbs\/thumbs_Sommercamp20181821.JPG\"\n                    width=\"240\"\n                    height=\"160\"\n                    style=\"max-width:100%;\"\n                \/>\n            <\/a>\n        <\/div>\n\t\t\t\t\t\t\t<\/div> \n\t\t\t\n        \n\t\t\t\t<div id=\"ngg-image-821\" class=\"ngg-gallery-thumbnail-box\" >\n\t\t\t\t        <div class=\"ngg-gallery-thumbnail\">\n            <a href=\"http:\/\/www.karate-neuhofen.at\/wp-content\/gallery\/10-sommercamp-2018\/Sommercamp20181822.JPG\"\n               title=\"\"\n               data-src=\"http:\/\/www.karate-neuhofen.at\/wp-content\/gallery\/10-sommercamp-2018\/Sommercamp20181822.JPG\"\n               data-thumbnail=\"http:\/\/www.karate-neuhofen.at\/wp-content\/gallery\/10-sommercamp-2018\/thumbs\/thumbs_Sommercamp20181822.JPG\"\n               data-image-id=\"21558\"\n               data-title=\"Sommercamp2018(1822)\"\n               data-description=\"\"\n               data-image-slug=\"sommercamp20181822\"\n               class=\"shutterset_14ea2dae3d90de67c1fc228ab12416d8\">\n                <img\n                    title=\"Sommercamp2018(1822)\"\n                    alt=\"Sommercamp2018(1822)\"\n                    src=\"http:\/\/www.karate-neuhofen.at\/wp-content\/gallery\/10-sommercamp-2018\/thumbs\/thumbs_Sommercamp20181822.JPG\"\n                    width=\"240\"\n                    height=\"160\"\n                    style=\"max-width:100%;\"\n                \/>\n            <\/a>\n        <\/div>\n\t\t\t\t\t\t\t<\/div> \n\t\t\t\n        \n\t\t\t\t<div id=\"ngg-image-822\" class=\"ngg-gallery-thumbnail-box\" >\n\t\t\t\t        <div class=\"ngg-gallery-thumbnail\">\n            <a href=\"http:\/\/www.karate-neuhofen.at\/wp-content\/gallery\/10-sommercamp-2018\/Sommercamp20181823.JPG\"\n               title=\"\"\n               data-src=\"http:\/\/www.karate-neuhofen.at\/wp-content\/gallery\/10-sommercamp-2018\/Sommercamp20181823.JPG\"\n               data-thumbnail=\"http:\/\/www.karate-neuhofen.at\/wp-content\/gallery\/10-sommercamp-2018\/thumbs\/thumbs_Sommercamp20181823.JPG\"\n               data-image-id=\"21559\"\n               data-title=\"Sommercamp2018(1823)\"\n               data-description=\"\"\n               data-image-slug=\"sommercamp20181823\"\n               class=\"shutterset_14ea2dae3d90de67c1fc228ab12416d8\">\n                <img\n                    title=\"Sommercamp2018(1823)\"\n                    alt=\"Sommercamp2018(1823)\"\n                    src=\"http:\/\/www.karate-neuhofen.at\/wp-content\/gallery\/10-sommercamp-2018\/thumbs\/thumbs_Sommercamp20181823.JPG\"\n                    width=\"240\"\n                    height=\"160\"\n                    style=\"max-width:100%;\"\n                \/>\n            <\/a>\n        <\/div>\n\t\t\t\t\t\t\t<\/div> \n\t\t\t\n        \n\t\t\t\t<div id=\"ngg-image-823\" class=\"ngg-gallery-thumbnail-box\" >\n\t\t\t\t        <div class=\"ngg-gallery-thumbnail\">\n            <a href=\"http:\/\/www.karate-neuhofen.at\/wp-content\/gallery\/10-sommercamp-2018\/Sommercamp20181824.JPG\"\n               title=\"\"\n               data-src=\"http:\/\/www.karate-neuhofen.at\/wp-content\/gallery\/10-sommercamp-2018\/Sommercamp20181824.JPG\"\n               data-thumbnail=\"http:\/\/www.karate-neuhofen.at\/wp-content\/gallery\/10-sommercamp-2018\/thumbs\/thumbs_Sommercamp20181824.JPG\"\n               data-image-id=\"21560\"\n               data-title=\"Sommercamp2018(1824)\"\n               data-description=\"\"\n               data-image-slug=\"sommercamp20181824\"\n               class=\"shutterset_14ea2dae3d90de67c1fc228ab12416d8\">\n                <img\n                    title=\"Sommercamp2018(1824)\"\n                    alt=\"Sommercamp2018(1824)\"\n                    src=\"http:\/\/www.karate-neuhofen.at\/wp-content\/gallery\/10-sommercamp-2018\/thumbs\/thumbs_Sommercamp20181824.JPG\"\n                    width=\"240\"\n                    height=\"160\"\n                    style=\"max-width:100%;\"\n                \/>\n            <\/a>\n        <\/div>\n\t\t\t\t\t\t\t<\/div> \n\t\t\t\n        \n\t\t\t\t<div id=\"ngg-image-824\" class=\"ngg-gallery-thumbnail-box\" >\n\t\t\t\t        <div class=\"ngg-gallery-thumbnail\">\n            <a href=\"http:\/\/www.karate-neuhofen.at\/wp-content\/gallery\/10-sommercamp-2018\/Sommercamp20181825.JPG\"\n               title=\"\"\n               data-src=\"http:\/\/www.karate-neuhofen.at\/wp-content\/gallery\/10-sommercamp-2018\/Sommercamp20181825.JPG\"\n               data-thumbnail=\"http:\/\/www.karate-neuhofen.at\/wp-content\/gallery\/10-sommercamp-2018\/thumbs\/thumbs_Sommercamp20181825.JPG\"\n               data-image-id=\"21561\"\n               data-title=\"Sommercamp2018(1825)\"\n               data-description=\"\"\n               data-image-slug=\"sommercamp20181825\"\n               class=\"shutterset_14ea2dae3d90de67c1fc228ab12416d8\">\n                <img\n                    title=\"Sommercamp2018(1825)\"\n                    alt=\"Sommercamp2018(1825)\"\n                    src=\"http:\/\/www.karate-neuhofen.at\/wp-content\/gallery\/10-sommercamp-2018\/thumbs\/thumbs_Sommercamp20181825.JPG\"\n                    width=\"240\"\n                    height=\"160\"\n                    style=\"max-width:100%;\"\n                \/>\n            <\/a>\n        <\/div>\n\t\t\t\t\t\t\t<\/div> \n\t\t\t\n        \n\t\t\t\t<div id=\"ngg-image-825\" class=\"ngg-gallery-thumbnail-box\" >\n\t\t\t\t        <div class=\"ngg-gallery-thumbnail\">\n            <a href=\"http:\/\/www.karate-neuhofen.at\/wp-content\/gallery\/10-sommercamp-2018\/Sommercamp20181826.JPG\"\n               title=\"\"\n               data-src=\"http:\/\/www.karate-neuhofen.at\/wp-content\/gallery\/10-sommercamp-2018\/Sommercamp20181826.JPG\"\n               data-thumbnail=\"http:\/\/www.karate-neuhofen.at\/wp-content\/gallery\/10-sommercamp-2018\/thumbs\/thumbs_Sommercamp20181826.JPG\"\n               data-image-id=\"21562\"\n               data-title=\"Sommercamp2018(1826)\"\n               data-description=\"\"\n               data-image-slug=\"sommercamp20181826\"\n               class=\"shutterset_14ea2dae3d90de67c1fc228ab12416d8\">\n                <img\n                    title=\"Sommercamp2018(1826)\"\n                    alt=\"Sommercamp2018(1826)\"\n                    src=\"http:\/\/www.karate-neuhofen.at\/wp-content\/gallery\/10-sommercamp-2018\/thumbs\/thumbs_Sommercamp20181826.JPG\"\n                    width=\"240\"\n                    height=\"160\"\n                    style=\"max-width:100%;\"\n                \/>\n            <\/a>\n        <\/div>\n\t\t\t\t\t\t\t<\/div> \n\t\t\t\n        \n\t\t\t\t<div id=\"ngg-image-826\" class=\"ngg-gallery-thumbnail-box\" >\n\t\t\t\t        <div class=\"ngg-gallery-thumbnail\">\n            <a href=\"http:\/\/www.karate-neuhofen.at\/wp-content\/gallery\/10-sommercamp-2018\/Sommercamp20181827.JPG\"\n               title=\"\"\n               data-src=\"http:\/\/www.karate-neuhofen.at\/wp-content\/gallery\/10-sommercamp-2018\/Sommercamp20181827.JPG\"\n               data-thumbnail=\"http:\/\/www.karate-neuhofen.at\/wp-content\/gallery\/10-sommercamp-2018\/thumbs\/thumbs_Sommercamp20181827.JPG\"\n               data-image-id=\"21563\"\n               data-title=\"Sommercamp2018(1827)\"\n               data-description=\"\"\n               data-image-slug=\"sommercamp20181827\"\n               class=\"shutterset_14ea2dae3d90de67c1fc228ab12416d8\">\n                <img\n                    title=\"Sommercamp2018(1827)\"\n                    alt=\"Sommercamp2018(1827)\"\n                    src=\"http:\/\/www.karate-neuhofen.at\/wp-content\/gallery\/10-sommercamp-2018\/thumbs\/thumbs_Sommercamp20181827.JPG\"\n                    width=\"240\"\n                    height=\"160\"\n                    style=\"max-width:100%;\"\n                \/>\n            <\/a>\n        <\/div>\n\t\t\t\t\t\t\t<\/div> \n\t\t\t\n        \n\t\t\t\t<div id=\"ngg-image-827\" class=\"ngg-gallery-thumbnail-box\" >\n\t\t\t\t        <div class=\"ngg-gallery-thumbnail\">\n            <a href=\"http:\/\/www.karate-neuhofen.at\/wp-content\/gallery\/10-sommercamp-2018\/Sommercamp20181828.JPG\"\n               title=\"\"\n               data-src=\"http:\/\/www.karate-neuhofen.at\/wp-content\/gallery\/10-sommercamp-2018\/Sommercamp20181828.JPG\"\n               data-thumbnail=\"http:\/\/www.karate-neuhofen.at\/wp-content\/gallery\/10-sommercamp-2018\/thumbs\/thumbs_Sommercamp20181828.JPG\"\n               data-image-id=\"21564\"\n               data-title=\"Sommercamp2018(1828)\"\n               data-description=\"\"\n               data-image-slug=\"sommercamp20181828\"\n               class=\"shutterset_14ea2dae3d90de67c1fc228ab12416d8\">\n                <img\n                    title=\"Sommercamp2018(1828)\"\n                    alt=\"Sommercamp2018(1828)\"\n                    src=\"http:\/\/www.karate-neuhofen.at\/wp-content\/gallery\/10-sommercamp-2018\/thumbs\/thumbs_Sommercamp20181828.JPG\"\n                    width=\"240\"\n                    height=\"160\"\n                    style=\"max-width:100%;\"\n                \/>\n            <\/a>\n        <\/div>\n\t\t\t\t\t\t\t<\/div> \n\t\t\t\n        \n\t\t\t\t<div id=\"ngg-image-828\" class=\"ngg-gallery-thumbnail-box\" >\n\t\t\t\t        <div class=\"ngg-gallery-thumbnail\">\n            <a href=\"http:\/\/www.karate-neuhofen.at\/wp-content\/gallery\/10-sommercamp-2018\/Sommercamp20181829.JPG\"\n               title=\"\"\n               data-src=\"http:\/\/www.karate-neuhofen.at\/wp-content\/gallery\/10-sommercamp-2018\/Sommercamp20181829.JPG\"\n               data-thumbnail=\"http:\/\/www.karate-neuhofen.at\/wp-content\/gallery\/10-sommercamp-2018\/thumbs\/thumbs_Sommercamp20181829.JPG\"\n               data-image-id=\"21565\"\n               data-title=\"Sommercamp2018(1829)\"\n               data-description=\"\"\n               data-image-slug=\"sommercamp20181829\"\n               class=\"shutterset_14ea2dae3d90de67c1fc228ab12416d8\">\n                <img\n                    title=\"Sommercamp2018(1829)\"\n                    alt=\"Sommercamp2018(1829)\"\n                    src=\"http:\/\/www.karate-neuhofen.at\/wp-content\/gallery\/10-sommercamp-2018\/thumbs\/thumbs_Sommercamp20181829.JPG\"\n                    width=\"240\"\n                    height=\"160\"\n                    style=\"max-width:100%;\"\n                \/>\n            <\/a>\n        <\/div>\n\t\t\t\t\t\t\t<\/div> \n\t\t\t\n        \n\t\t\t\t<div id=\"ngg-image-829\" class=\"ngg-gallery-thumbnail-box\" >\n\t\t\t\t        <div class=\"ngg-gallery-thumbnail\">\n            <a href=\"http:\/\/www.karate-neuhofen.at\/wp-content\/gallery\/10-sommercamp-2018\/Sommercamp20181830.JPG\"\n               title=\"\"\n               data-src=\"http:\/\/www.karate-neuhofen.at\/wp-content\/gallery\/10-sommercamp-2018\/Sommercamp20181830.JPG\"\n               data-thumbnail=\"http:\/\/www.karate-neuhofen.at\/wp-content\/gallery\/10-sommercamp-2018\/thumbs\/thumbs_Sommercamp20181830.JPG\"\n               data-image-id=\"21566\"\n               data-title=\"Sommercamp2018(1830)\"\n               data-description=\"\"\n               data-image-slug=\"sommercamp20181830\"\n               class=\"shutterset_14ea2dae3d90de67c1fc228ab12416d8\">\n                <img\n                    title=\"Sommercamp2018(1830)\"\n                    alt=\"Sommercamp2018(1830)\"\n                    src=\"http:\/\/www.karate-neuhofen.at\/wp-content\/gallery\/10-sommercamp-2018\/thumbs\/thumbs_Sommercamp20181830.JPG\"\n                    width=\"240\"\n                    height=\"160\"\n                    style=\"max-width:100%;\"\n                \/>\n            <\/a>\n        <\/div>\n\t\t\t\t\t\t\t<\/div> \n\t\t\t\n        \n\t\t\t\t<div id=\"ngg-image-830\" class=\"ngg-gallery-thumbnail-box\" >\n\t\t\t\t        <div class=\"ngg-gallery-thumbnail\">\n            <a href=\"http:\/\/www.karate-neuhofen.at\/wp-content\/gallery\/10-sommercamp-2018\/Sommercamp20181831.JPG\"\n               title=\"\"\n               data-src=\"http:\/\/www.karate-neuhofen.at\/wp-content\/gallery\/10-sommercamp-2018\/Sommercamp20181831.JPG\"\n               data-thumbnail=\"http:\/\/www.karate-neuhofen.at\/wp-content\/gallery\/10-sommercamp-2018\/thumbs\/thumbs_Sommercamp20181831.JPG\"\n               data-image-id=\"21567\"\n               data-title=\"Sommercamp2018(1831)\"\n               data-description=\"\"\n               data-image-slug=\"sommercamp20181831\"\n               class=\"shutterset_14ea2dae3d90de67c1fc228ab12416d8\">\n                <img\n                    title=\"Sommercamp2018(1831)\"\n                    alt=\"Sommercamp2018(1831)\"\n                    src=\"http:\/\/www.karate-neuhofen.at\/wp-content\/gallery\/10-sommercamp-2018\/thumbs\/thumbs_Sommercamp20181831.JPG\"\n                    width=\"240\"\n                    height=\"160\"\n                    style=\"max-width:100%;\"\n                \/>\n            <\/a>\n        <\/div>\n\t\t\t\t\t\t\t<\/div> \n\t\t\t\n        \n\t\t\t\t<div id=\"ngg-image-831\" class=\"ngg-gallery-thumbnail-box\" >\n\t\t\t\t        <div class=\"ngg-gallery-thumbnail\">\n            <a href=\"http:\/\/www.karate-neuhofen.at\/wp-content\/gallery\/10-sommercamp-2018\/Sommercamp20181832.JPG\"\n               title=\"\"\n               data-src=\"http:\/\/www.karate-neuhofen.at\/wp-content\/gallery\/10-sommercamp-2018\/Sommercamp20181832.JPG\"\n               data-thumbnail=\"http:\/\/www.karate-neuhofen.at\/wp-content\/gallery\/10-sommercamp-2018\/thumbs\/thumbs_Sommercamp20181832.JPG\"\n               data-image-id=\"21568\"\n               data-title=\"Sommercamp2018(1832)\"\n               data-description=\"\"\n               data-image-slug=\"sommercamp20181832\"\n               class=\"shutterset_14ea2dae3d90de67c1fc228ab12416d8\">\n                <img\n                    title=\"Sommercamp2018(1832)\"\n                    alt=\"Sommercamp2018(1832)\"\n                    src=\"http:\/\/www.karate-neuhofen.at\/wp-content\/gallery\/10-sommercamp-2018\/thumbs\/thumbs_Sommercamp20181832.JPG\"\n                    width=\"240\"\n                    height=\"160\"\n                    style=\"max-width:100%;\"\n                \/>\n            <\/a>\n        <\/div>\n\t\t\t\t\t\t\t<\/div> \n\t\t\t\n        \n\t\t\t\t<div id=\"ngg-image-832\" class=\"ngg-gallery-thumbnail-box\" >\n\t\t\t\t        <div class=\"ngg-gallery-thumbnail\">\n            <a href=\"http:\/\/www.karate-neuhofen.at\/wp-content\/gallery\/10-sommercamp-2018\/Sommercamp20181833.JPG\"\n               title=\"\"\n               data-src=\"http:\/\/www.karate-neuhofen.at\/wp-content\/gallery\/10-sommercamp-2018\/Sommercamp20181833.JPG\"\n               data-thumbnail=\"http:\/\/www.karate-neuhofen.at\/wp-content\/gallery\/10-sommercamp-2018\/thumbs\/thumbs_Sommercamp20181833.JPG\"\n               data-image-id=\"21569\"\n               data-title=\"Sommercamp2018(1833)\"\n               data-description=\"\"\n               data-image-slug=\"sommercamp20181833\"\n               class=\"shutterset_14ea2dae3d90de67c1fc228ab12416d8\">\n                <img\n                    title=\"Sommercamp2018(1833)\"\n                    alt=\"Sommercamp2018(1833)\"\n                    src=\"http:\/\/www.karate-neuhofen.at\/wp-content\/gallery\/10-sommercamp-2018\/thumbs\/thumbs_Sommercamp20181833.JPG\"\n                    width=\"240\"\n                    height=\"160\"\n                    style=\"max-width:100%;\"\n                \/>\n            <\/a>\n        <\/div>\n\t\t\t\t\t\t\t<\/div> \n\t\t\t\n        \n\t\t\t\t<div id=\"ngg-image-833\" class=\"ngg-gallery-thumbnail-box\" >\n\t\t\t\t        <div class=\"ngg-gallery-thumbnail\">\n            <a href=\"http:\/\/www.karate-neuhofen.at\/wp-content\/gallery\/10-sommercamp-2018\/Sommercamp20181834.JPG\"\n               title=\"\"\n               data-src=\"http:\/\/www.karate-neuhofen.at\/wp-content\/gallery\/10-sommercamp-2018\/Sommercamp20181834.JPG\"\n               data-thumbnail=\"http:\/\/www.karate-neuhofen.at\/wp-content\/gallery\/10-sommercamp-2018\/thumbs\/thumbs_Sommercamp20181834.JPG\"\n               data-image-id=\"21570\"\n               data-title=\"Sommercamp2018(1834)\"\n               data-description=\"\"\n               data-image-slug=\"sommercamp20181834\"\n               class=\"shutterset_14ea2dae3d90de67c1fc228ab12416d8\">\n                <img\n                    title=\"Sommercamp2018(1834)\"\n                    alt=\"Sommercamp2018(1834)\"\n                    src=\"http:\/\/www.karate-neuhofen.at\/wp-content\/gallery\/10-sommercamp-2018\/thumbs\/thumbs_Sommercamp20181834.JPG\"\n                    width=\"240\"\n                    height=\"160\"\n                    style=\"max-width:100%;\"\n                \/>\n            <\/a>\n        <\/div>\n\t\t\t\t\t\t\t<\/div> \n\t\t\t\n        \n\t\t\t\t<div id=\"ngg-image-834\" class=\"ngg-gallery-thumbnail-box\" >\n\t\t\t\t        <div class=\"ngg-gallery-thumbnail\">\n            <a href=\"http:\/\/www.karate-neuhofen.at\/wp-content\/gallery\/10-sommercamp-2018\/Sommercamp20181835.JPG\"\n               title=\"\"\n               data-src=\"http:\/\/www.karate-neuhofen.at\/wp-content\/gallery\/10-sommercamp-2018\/Sommercamp20181835.JPG\"\n               data-thumbnail=\"http:\/\/www.karate-neuhofen.at\/wp-content\/gallery\/10-sommercamp-2018\/thumbs\/thumbs_Sommercamp20181835.JPG\"\n               data-image-id=\"21571\"\n               data-title=\"Sommercamp2018(1835)\"\n               data-description=\"\"\n               data-image-slug=\"sommercamp20181835\"\n               class=\"shutterset_14ea2dae3d90de67c1fc228ab12416d8\">\n                <img\n                    title=\"Sommercamp2018(1835)\"\n                    alt=\"Sommercamp2018(1835)\"\n                    src=\"http:\/\/www.karate-neuhofen.at\/wp-content\/gallery\/10-sommercamp-2018\/thumbs\/thumbs_Sommercamp20181835.JPG\"\n                    width=\"240\"\n                    height=\"160\"\n                    style=\"max-width:100%;\"\n                \/>\n            <\/a>\n        <\/div>\n\t\t\t\t\t\t\t<\/div> \n\t\t\t\n        \n\t\t\t\t<div id=\"ngg-image-835\" class=\"ngg-gallery-thumbnail-box\" >\n\t\t\t\t        <div class=\"ngg-gallery-thumbnail\">\n            <a href=\"http:\/\/www.karate-neuhofen.at\/wp-content\/gallery\/10-sommercamp-2018\/Sommercamp20181836.JPG\"\n               title=\"\"\n               data-src=\"http:\/\/www.karate-neuhofen.at\/wp-content\/gallery\/10-sommercamp-2018\/Sommercamp20181836.JPG\"\n               data-thumbnail=\"http:\/\/www.karate-neuhofen.at\/wp-content\/gallery\/10-sommercamp-2018\/thumbs\/thumbs_Sommercamp20181836.JPG\"\n               data-image-id=\"21572\"\n               data-title=\"Sommercamp2018(1836)\"\n               data-description=\"\"\n               data-image-slug=\"sommercamp20181836\"\n               class=\"shutterset_14ea2dae3d90de67c1fc228ab12416d8\">\n                <img\n                    title=\"Sommercamp2018(1836)\"\n                    alt=\"Sommercamp2018(1836)\"\n                    src=\"http:\/\/www.karate-neuhofen.at\/wp-content\/gallery\/10-sommercamp-2018\/thumbs\/thumbs_Sommercamp20181836.JPG\"\n                    width=\"240\"\n                    height=\"160\"\n                    style=\"max-width:100%;\"\n                \/>\n            <\/a>\n        <\/div>\n\t\t\t\t\t\t\t<\/div> \n\t\t\t\n        \n\t\t\t\t<div id=\"ngg-image-836\" class=\"ngg-gallery-thumbnail-box\" >\n\t\t\t\t        <div class=\"ngg-gallery-thumbnail\">\n            <a href=\"http:\/\/www.karate-neuhofen.at\/wp-content\/gallery\/10-sommercamp-2018\/Sommercamp20181837.JPG\"\n               title=\"\"\n               data-src=\"http:\/\/www.karate-neuhofen.at\/wp-content\/gallery\/10-sommercamp-2018\/Sommercamp20181837.JPG\"\n               data-thumbnail=\"http:\/\/www.karate-neuhofen.at\/wp-content\/gallery\/10-sommercamp-2018\/thumbs\/thumbs_Sommercamp20181837.JPG\"\n               data-image-id=\"21573\"\n               data-title=\"Sommercamp2018(1837)\"\n               data-description=\"\"\n               data-image-slug=\"sommercamp20181837\"\n               class=\"shutterset_14ea2dae3d90de67c1fc228ab12416d8\">\n                <img\n                    title=\"Sommercamp2018(1837)\"\n                    alt=\"Sommercamp2018(1837)\"\n                    src=\"http:\/\/www.karate-neuhofen.at\/wp-content\/gallery\/10-sommercamp-2018\/thumbs\/thumbs_Sommercamp20181837.JPG\"\n                    width=\"240\"\n                    height=\"160\"\n                    style=\"max-width:100%;\"\n                \/>\n            <\/a>\n        <\/div>\n\t\t\t\t\t\t\t<\/div> \n\t\t\t\n        \n\t\t\t\t<div id=\"ngg-image-837\" class=\"ngg-gallery-thumbnail-box\" >\n\t\t\t\t        <div class=\"ngg-gallery-thumbnail\">\n            <a href=\"http:\/\/www.karate-neuhofen.at\/wp-content\/gallery\/10-sommercamp-2018\/Sommercamp20181838.JPG\"\n               title=\"\"\n               data-src=\"http:\/\/www.karate-neuhofen.at\/wp-content\/gallery\/10-sommercamp-2018\/Sommercamp20181838.JPG\"\n               data-thumbnail=\"http:\/\/www.karate-neuhofen.at\/wp-content\/gallery\/10-sommercamp-2018\/thumbs\/thumbs_Sommercamp20181838.JPG\"\n               data-image-id=\"21574\"\n               data-title=\"Sommercamp2018(1838)\"\n               data-description=\"\"\n               data-image-slug=\"sommercamp20181838\"\n               class=\"shutterset_14ea2dae3d90de67c1fc228ab12416d8\">\n                <img\n                    title=\"Sommercamp2018(1838)\"\n                    alt=\"Sommercamp2018(1838)\"\n                    src=\"http:\/\/www.karate-neuhofen.at\/wp-content\/gallery\/10-sommercamp-2018\/thumbs\/thumbs_Sommercamp20181838.JPG\"\n                    width=\"240\"\n                    height=\"160\"\n                    style=\"max-width:100%;\"\n                \/>\n            <\/a>\n        <\/div>\n\t\t\t\t\t\t\t<\/div> \n\t\t\t\n        \n\t\t\t\t<div id=\"ngg-image-838\" class=\"ngg-gallery-thumbnail-box\" >\n\t\t\t\t        <div class=\"ngg-gallery-thumbnail\">\n            <a href=\"http:\/\/www.karate-neuhofen.at\/wp-content\/gallery\/10-sommercamp-2018\/Sommercamp20181839.JPG\"\n               title=\"\"\n               data-src=\"http:\/\/www.karate-neuhofen.at\/wp-content\/gallery\/10-sommercamp-2018\/Sommercamp20181839.JPG\"\n               data-thumbnail=\"http:\/\/www.karate-neuhofen.at\/wp-content\/gallery\/10-sommercamp-2018\/thumbs\/thumbs_Sommercamp20181839.JPG\"\n               data-image-id=\"21575\"\n               data-title=\"Sommercamp2018(1839)\"\n               data-description=\"\"\n               data-image-slug=\"sommercamp20181839\"\n               class=\"shutterset_14ea2dae3d90de67c1fc228ab12416d8\">\n                <img\n                    title=\"Sommercamp2018(1839)\"\n                    alt=\"Sommercamp2018(1839)\"\n                    src=\"http:\/\/www.karate-neuhofen.at\/wp-content\/gallery\/10-sommercamp-2018\/thumbs\/thumbs_Sommercamp20181839.JPG\"\n                    width=\"240\"\n                    height=\"160\"\n                    style=\"max-width:100%;\"\n                \/>\n            <\/a>\n        <\/div>\n\t\t\t\t\t\t\t<\/div> \n\t\t\t\n        \n\t\t\t\t<div id=\"ngg-image-839\" class=\"ngg-gallery-thumbnail-box\" >\n\t\t\t\t        <div class=\"ngg-gallery-thumbnail\">\n            <a href=\"http:\/\/www.karate-neuhofen.at\/wp-content\/gallery\/10-sommercamp-2018\/Sommercamp20181840.JPG\"\n               title=\"\"\n               data-src=\"http:\/\/www.karate-neuhofen.at\/wp-content\/gallery\/10-sommercamp-2018\/Sommercamp20181840.JPG\"\n               data-thumbnail=\"http:\/\/www.karate-neuhofen.at\/wp-content\/gallery\/10-sommercamp-2018\/thumbs\/thumbs_Sommercamp20181840.JPG\"\n               data-image-id=\"21576\"\n               data-title=\"Sommercamp2018(1840)\"\n               data-description=\"\"\n               data-image-slug=\"sommercamp20181840\"\n               class=\"shutterset_14ea2dae3d90de67c1fc228ab12416d8\">\n                <img\n                    title=\"Sommercamp2018(1840)\"\n                    alt=\"Sommercamp2018(1840)\"\n                    src=\"http:\/\/www.karate-neuhofen.at\/wp-content\/gallery\/10-sommercamp-2018\/thumbs\/thumbs_Sommercamp20181840.JPG\"\n                    width=\"240\"\n                    height=\"160\"\n                    style=\"max-width:100%;\"\n                \/>\n            <\/a>\n        <\/div>\n\t\t\t\t\t\t\t<\/div> \n\t\t\t\n        \n\t\t\t\t<div id=\"ngg-image-840\" class=\"ngg-gallery-thumbnail-box\" >\n\t\t\t\t        <div class=\"ngg-gallery-thumbnail\">\n            <a href=\"http:\/\/www.karate-neuhofen.at\/wp-content\/gallery\/10-sommercamp-2018\/Sommercamp20181841.JPG\"\n               title=\"\"\n               data-src=\"http:\/\/www.karate-neuhofen.at\/wp-content\/gallery\/10-sommercamp-2018\/Sommercamp20181841.JPG\"\n               data-thumbnail=\"http:\/\/www.karate-neuhofen.at\/wp-content\/gallery\/10-sommercamp-2018\/thumbs\/thumbs_Sommercamp20181841.JPG\"\n               data-image-id=\"21577\"\n               data-title=\"Sommercamp2018(1841)\"\n               data-description=\"\"\n               data-image-slug=\"sommercamp20181841\"\n               class=\"shutterset_14ea2dae3d90de67c1fc228ab12416d8\">\n                <img\n                    title=\"Sommercamp2018(1841)\"\n                    alt=\"Sommercamp2018(1841)\"\n                    src=\"http:\/\/www.karate-neuhofen.at\/wp-content\/gallery\/10-sommercamp-2018\/thumbs\/thumbs_Sommercamp20181841.JPG\"\n                    width=\"240\"\n                    height=\"160\"\n                    style=\"max-width:100%;\"\n                \/>\n            <\/a>\n        <\/div>\n\t\t\t\t\t\t\t<\/div> \n\t\t\t\n        \n\t\t\t\t<div id=\"ngg-image-841\" class=\"ngg-gallery-thumbnail-box\" >\n\t\t\t\t        <div class=\"ngg-gallery-thumbnail\">\n            <a href=\"http:\/\/www.karate-neuhofen.at\/wp-content\/gallery\/10-sommercamp-2018\/Sommercamp20181842.JPG\"\n               title=\"\"\n               data-src=\"http:\/\/www.karate-neuhofen.at\/wp-content\/gallery\/10-sommercamp-2018\/Sommercamp20181842.JPG\"\n               data-thumbnail=\"http:\/\/www.karate-neuhofen.at\/wp-content\/gallery\/10-sommercamp-2018\/thumbs\/thumbs_Sommercamp20181842.JPG\"\n               data-image-id=\"21578\"\n               data-title=\"Sommercamp2018(1842)\"\n               data-description=\"\"\n               data-image-slug=\"sommercamp20181842\"\n               class=\"shutterset_14ea2dae3d90de67c1fc228ab12416d8\">\n                <img\n                    title=\"Sommercamp2018(1842)\"\n                    alt=\"Sommercamp2018(1842)\"\n                    src=\"http:\/\/www.karate-neuhofen.at\/wp-content\/gallery\/10-sommercamp-2018\/thumbs\/thumbs_Sommercamp20181842.JPG\"\n                    width=\"240\"\n                    height=\"160\"\n                    style=\"max-width:100%;\"\n                \/>\n            <\/a>\n        <\/div>\n\t\t\t\t\t\t\t<\/div> \n\t\t\t\n        \n\t\t\t\t<div id=\"ngg-image-842\" class=\"ngg-gallery-thumbnail-box\" >\n\t\t\t\t        <div class=\"ngg-gallery-thumbnail\">\n            <a href=\"http:\/\/www.karate-neuhofen.at\/wp-content\/gallery\/10-sommercamp-2018\/Sommercamp20181843.JPG\"\n               title=\"\"\n               data-src=\"http:\/\/www.karate-neuhofen.at\/wp-content\/gallery\/10-sommercamp-2018\/Sommercamp20181843.JPG\"\n               data-thumbnail=\"http:\/\/www.karate-neuhofen.at\/wp-content\/gallery\/10-sommercamp-2018\/thumbs\/thumbs_Sommercamp20181843.JPG\"\n               data-image-id=\"21579\"\n               data-title=\"Sommercamp2018(1843)\"\n               data-description=\"\"\n               data-image-slug=\"sommercamp20181843\"\n               class=\"shutterset_14ea2dae3d90de67c1fc228ab12416d8\">\n                <img\n                    title=\"Sommercamp2018(1843)\"\n                    alt=\"Sommercamp2018(1843)\"\n                    src=\"http:\/\/www.karate-neuhofen.at\/wp-content\/gallery\/10-sommercamp-2018\/thumbs\/thumbs_Sommercamp20181843.JPG\"\n                    width=\"240\"\n                    height=\"160\"\n                    style=\"max-width:100%;\"\n                \/>\n            <\/a>\n        <\/div>\n\t\t\t\t\t\t\t<\/div> \n\t\t\t\n        \n\t\t\t\t<div id=\"ngg-image-843\" class=\"ngg-gallery-thumbnail-box\" >\n\t\t\t\t        <div class=\"ngg-gallery-thumbnail\">\n            <a href=\"http:\/\/www.karate-neuhofen.at\/wp-content\/gallery\/10-sommercamp-2018\/Sommercamp20181844.JPG\"\n               title=\"\"\n               data-src=\"http:\/\/www.karate-neuhofen.at\/wp-content\/gallery\/10-sommercamp-2018\/Sommercamp20181844.JPG\"\n               data-thumbnail=\"http:\/\/www.karate-neuhofen.at\/wp-content\/gallery\/10-sommercamp-2018\/thumbs\/thumbs_Sommercamp20181844.JPG\"\n               data-image-id=\"21580\"\n               data-title=\"Sommercamp2018(1844)\"\n               data-description=\"\"\n               data-image-slug=\"sommercamp20181844\"\n               class=\"shutterset_14ea2dae3d90de67c1fc228ab12416d8\">\n                <img\n                    title=\"Sommercamp2018(1844)\"\n                    alt=\"Sommercamp2018(1844)\"\n                    src=\"http:\/\/www.karate-neuhofen.at\/wp-content\/gallery\/10-sommercamp-2018\/thumbs\/thumbs_Sommercamp20181844.JPG\"\n                    width=\"240\"\n                    height=\"160\"\n                    style=\"max-width:100%;\"\n                \/>\n            <\/a>\n        <\/div>\n\t\t\t\t\t\t\t<\/div> \n\t\t\t\n        \n\t\t\t\t<div id=\"ngg-image-844\" class=\"ngg-gallery-thumbnail-box\" >\n\t\t\t\t        <div class=\"ngg-gallery-thumbnail\">\n            <a href=\"http:\/\/www.karate-neuhofen.at\/wp-content\/gallery\/10-sommercamp-2018\/Sommercamp20181845.JPG\"\n               title=\"\"\n               data-src=\"http:\/\/www.karate-neuhofen.at\/wp-content\/gallery\/10-sommercamp-2018\/Sommercamp20181845.JPG\"\n               data-thumbnail=\"http:\/\/www.karate-neuhofen.at\/wp-content\/gallery\/10-sommercamp-2018\/thumbs\/thumbs_Sommercamp20181845.JPG\"\n               data-image-id=\"21581\"\n               data-title=\"Sommercamp2018(1845)\"\n               data-description=\"\"\n               data-image-slug=\"sommercamp20181845\"\n               class=\"shutterset_14ea2dae3d90de67c1fc228ab12416d8\">\n                <img\n                    title=\"Sommercamp2018(1845)\"\n                    alt=\"Sommercamp2018(1845)\"\n                    src=\"http:\/\/www.karate-neuhofen.at\/wp-content\/gallery\/10-sommercamp-2018\/thumbs\/thumbs_Sommercamp20181845.JPG\"\n                    width=\"240\"\n                    height=\"160\"\n                    style=\"max-width:100%;\"\n                \/>\n            <\/a>\n        <\/div>\n\t\t\t\t\t\t\t<\/div> \n\t\t\t\n        \n\t\t\t\t<div id=\"ngg-image-845\" class=\"ngg-gallery-thumbnail-box\" >\n\t\t\t\t        <div class=\"ngg-gallery-thumbnail\">\n            <a href=\"http:\/\/www.karate-neuhofen.at\/wp-content\/gallery\/10-sommercamp-2018\/Sommercamp20181846.JPG\"\n               title=\"\"\n               data-src=\"http:\/\/www.karate-neuhofen.at\/wp-content\/gallery\/10-sommercamp-2018\/Sommercamp20181846.JPG\"\n               data-thumbnail=\"http:\/\/www.karate-neuhofen.at\/wp-content\/gallery\/10-sommercamp-2018\/thumbs\/thumbs_Sommercamp20181846.JPG\"\n               data-image-id=\"21582\"\n               data-title=\"Sommercamp2018(1846)\"\n               data-description=\"\"\n               data-image-slug=\"sommercamp20181846\"\n               class=\"shutterset_14ea2dae3d90de67c1fc228ab12416d8\">\n                <img\n                    title=\"Sommercamp2018(1846)\"\n                    alt=\"Sommercamp2018(1846)\"\n                    src=\"http:\/\/www.karate-neuhofen.at\/wp-content\/gallery\/10-sommercamp-2018\/thumbs\/thumbs_Sommercamp20181846.JPG\"\n                    width=\"240\"\n                    height=\"160\"\n                    style=\"max-width:100%;\"\n                \/>\n            <\/a>\n        <\/div>\n\t\t\t\t\t\t\t<\/div> \n\t\t\t\n        \n\t\t\t\t<div id=\"ngg-image-846\" class=\"ngg-gallery-thumbnail-box\" >\n\t\t\t\t        <div class=\"ngg-gallery-thumbnail\">\n            <a href=\"http:\/\/www.karate-neuhofen.at\/wp-content\/gallery\/10-sommercamp-2018\/Sommercamp20181847.JPG\"\n               title=\"\"\n               data-src=\"http:\/\/www.karate-neuhofen.at\/wp-content\/gallery\/10-sommercamp-2018\/Sommercamp20181847.JPG\"\n               data-thumbnail=\"http:\/\/www.karate-neuhofen.at\/wp-content\/gallery\/10-sommercamp-2018\/thumbs\/thumbs_Sommercamp20181847.JPG\"\n               data-image-id=\"21583\"\n               data-title=\"Sommercamp2018(1847)\"\n               data-description=\"\"\n               data-image-slug=\"sommercamp20181847\"\n               class=\"shutterset_14ea2dae3d90de67c1fc228ab12416d8\">\n                <img\n                    title=\"Sommercamp2018(1847)\"\n                    alt=\"Sommercamp2018(1847)\"\n                    src=\"http:\/\/www.karate-neuhofen.at\/wp-content\/gallery\/10-sommercamp-2018\/thumbs\/thumbs_Sommercamp20181847.JPG\"\n                    width=\"240\"\n                    height=\"160\"\n                    style=\"max-width:100%;\"\n                \/>\n            <\/a>\n        <\/div>\n\t\t\t\t\t\t\t<\/div> \n\t\t\t\n        \n\t\t\t\t<div id=\"ngg-image-847\" class=\"ngg-gallery-thumbnail-box\" >\n\t\t\t\t        <div class=\"ngg-gallery-thumbnail\">\n            <a href=\"http:\/\/www.karate-neuhofen.at\/wp-content\/gallery\/10-sommercamp-2018\/Sommercamp20181848.JPG\"\n               title=\"\"\n               data-src=\"http:\/\/www.karate-neuhofen.at\/wp-content\/gallery\/10-sommercamp-2018\/Sommercamp20181848.JPG\"\n               data-thumbnail=\"http:\/\/www.karate-neuhofen.at\/wp-content\/gallery\/10-sommercamp-2018\/thumbs\/thumbs_Sommercamp20181848.JPG\"\n               data-image-id=\"21584\"\n               data-title=\"Sommercamp2018(1848)\"\n               data-description=\"\"\n               data-image-slug=\"sommercamp20181848\"\n               class=\"shutterset_14ea2dae3d90de67c1fc228ab12416d8\">\n                <img\n                    title=\"Sommercamp2018(1848)\"\n                    alt=\"Sommercamp2018(1848)\"\n                    src=\"http:\/\/www.karate-neuhofen.at\/wp-content\/gallery\/10-sommercamp-2018\/thumbs\/thumbs_Sommercamp20181848.JPG\"\n                    width=\"240\"\n                    height=\"160\"\n                    style=\"max-width:100%;\"\n                \/>\n            <\/a>\n        <\/div>\n\t\t\t\t\t\t\t<\/div> \n\t\t\t\n        \n\t\t\t\t<div id=\"ngg-image-848\" class=\"ngg-gallery-thumbnail-box\" >\n\t\t\t\t        <div class=\"ngg-gallery-thumbnail\">\n            <a href=\"http:\/\/www.karate-neuhofen.at\/wp-content\/gallery\/10-sommercamp-2018\/Sommercamp20181849.JPG\"\n               title=\"\"\n               data-src=\"http:\/\/www.karate-neuhofen.at\/wp-content\/gallery\/10-sommercamp-2018\/Sommercamp20181849.JPG\"\n               data-thumbnail=\"http:\/\/www.karate-neuhofen.at\/wp-content\/gallery\/10-sommercamp-2018\/thumbs\/thumbs_Sommercamp20181849.JPG\"\n               data-image-id=\"21585\"\n               data-title=\"Sommercamp2018(1849)\"\n               data-description=\"\"\n               data-image-slug=\"sommercamp20181849\"\n               class=\"shutterset_14ea2dae3d90de67c1fc228ab12416d8\">\n                <img\n                    title=\"Sommercamp2018(1849)\"\n                    alt=\"Sommercamp2018(1849)\"\n                    src=\"http:\/\/www.karate-neuhofen.at\/wp-content\/gallery\/10-sommercamp-2018\/thumbs\/thumbs_Sommercamp20181849.JPG\"\n                    width=\"240\"\n                    height=\"160\"\n                    style=\"max-width:100%;\"\n                \/>\n            <\/a>\n        <\/div>\n\t\t\t\t\t\t\t<\/div> \n\t\t\t\n        \n\t\t\t\t<div id=\"ngg-image-849\" class=\"ngg-gallery-thumbnail-box\" >\n\t\t\t\t        <div class=\"ngg-gallery-thumbnail\">\n            <a href=\"http:\/\/www.karate-neuhofen.at\/wp-content\/gallery\/10-sommercamp-2018\/Sommercamp20181850.JPG\"\n               title=\"\"\n               data-src=\"http:\/\/www.karate-neuhofen.at\/wp-content\/gallery\/10-sommercamp-2018\/Sommercamp20181850.JPG\"\n               data-thumbnail=\"http:\/\/www.karate-neuhofen.at\/wp-content\/gallery\/10-sommercamp-2018\/thumbs\/thumbs_Sommercamp20181850.JPG\"\n               data-image-id=\"21586\"\n               data-title=\"Sommercamp2018(1850)\"\n               data-description=\"\"\n               data-image-slug=\"sommercamp20181850\"\n               class=\"shutterset_14ea2dae3d90de67c1fc228ab12416d8\">\n                <img\n                    title=\"Sommercamp2018(1850)\"\n                    alt=\"Sommercamp2018(1850)\"\n                    src=\"http:\/\/www.karate-neuhofen.at\/wp-content\/gallery\/10-sommercamp-2018\/thumbs\/thumbs_Sommercamp20181850.JPG\"\n                    width=\"240\"\n                    height=\"160\"\n                    style=\"max-width:100%;\"\n                \/>\n            <\/a>\n        <\/div>\n\t\t\t\t\t\t\t<\/div> \n\t\t\t\n        \n\t\t\t\t<div id=\"ngg-image-850\" class=\"ngg-gallery-thumbnail-box\" >\n\t\t\t\t        <div class=\"ngg-gallery-thumbnail\">\n            <a href=\"http:\/\/www.karate-neuhofen.at\/wp-content\/gallery\/10-sommercamp-2018\/Sommercamp20181851.JPG\"\n               title=\"\"\n               data-src=\"http:\/\/www.karate-neuhofen.at\/wp-content\/gallery\/10-sommercamp-2018\/Sommercamp20181851.JPG\"\n               data-thumbnail=\"http:\/\/www.karate-neuhofen.at\/wp-content\/gallery\/10-sommercamp-2018\/thumbs\/thumbs_Sommercamp20181851.JPG\"\n               data-image-id=\"21587\"\n               data-title=\"Sommercamp2018(1851)\"\n               data-description=\"\"\n               data-image-slug=\"sommercamp20181851\"\n               class=\"shutterset_14ea2dae3d90de67c1fc228ab12416d8\">\n                <img\n                    title=\"Sommercamp2018(1851)\"\n                    alt=\"Sommercamp2018(1851)\"\n                    src=\"http:\/\/www.karate-neuhofen.at\/wp-content\/gallery\/10-sommercamp-2018\/thumbs\/thumbs_Sommercamp20181851.JPG\"\n                    width=\"240\"\n                    height=\"160\"\n                    style=\"max-width:100%;\"\n                \/>\n            <\/a>\n        <\/div>\n\t\t\t\t\t\t\t<\/div> \n\t\t\t\n        \n\t\t\t\t<div id=\"ngg-image-851\" class=\"ngg-gallery-thumbnail-box\" >\n\t\t\t\t        <div class=\"ngg-gallery-thumbnail\">\n            <a href=\"http:\/\/www.karate-neuhofen.at\/wp-content\/gallery\/10-sommercamp-2018\/Sommercamp20181852.JPG\"\n               title=\"\"\n               data-src=\"http:\/\/www.karate-neuhofen.at\/wp-content\/gallery\/10-sommercamp-2018\/Sommercamp20181852.JPG\"\n               data-thumbnail=\"http:\/\/www.karate-neuhofen.at\/wp-content\/gallery\/10-sommercamp-2018\/thumbs\/thumbs_Sommercamp20181852.JPG\"\n               data-image-id=\"21588\"\n               data-title=\"Sommercamp2018(1852)\"\n               data-description=\"\"\n               data-image-slug=\"sommercamp20181852\"\n               class=\"shutterset_14ea2dae3d90de67c1fc228ab12416d8\">\n                <img\n                    title=\"Sommercamp2018(1852)\"\n                    alt=\"Sommercamp2018(1852)\"\n                    src=\"http:\/\/www.karate-neuhofen.at\/wp-content\/gallery\/10-sommercamp-2018\/thumbs\/thumbs_Sommercamp20181852.JPG\"\n                    width=\"240\"\n                    height=\"160\"\n                    style=\"max-width:100%;\"\n                \/>\n            <\/a>\n        <\/div>\n\t\t\t\t\t\t\t<\/div> \n\t\t\t\n        \n\t\t\t\t<div id=\"ngg-image-852\" class=\"ngg-gallery-thumbnail-box\" >\n\t\t\t\t        <div class=\"ngg-gallery-thumbnail\">\n            <a href=\"http:\/\/www.karate-neuhofen.at\/wp-content\/gallery\/10-sommercamp-2018\/Sommercamp20181853.JPG\"\n               title=\"\"\n               data-src=\"http:\/\/www.karate-neuhofen.at\/wp-content\/gallery\/10-sommercamp-2018\/Sommercamp20181853.JPG\"\n               data-thumbnail=\"http:\/\/www.karate-neuhofen.at\/wp-content\/gallery\/10-sommercamp-2018\/thumbs\/thumbs_Sommercamp20181853.JPG\"\n               data-image-id=\"21589\"\n               data-title=\"Sommercamp2018(1853)\"\n               data-description=\"\"\n               data-image-slug=\"sommercamp20181853\"\n               class=\"shutterset_14ea2dae3d90de67c1fc228ab12416d8\">\n                <img\n                    title=\"Sommercamp2018(1853)\"\n                    alt=\"Sommercamp2018(1853)\"\n                    src=\"http:\/\/www.karate-neuhofen.at\/wp-content\/gallery\/10-sommercamp-2018\/thumbs\/thumbs_Sommercamp20181853.JPG\"\n                    width=\"240\"\n                    height=\"160\"\n                    style=\"max-width:100%;\"\n                \/>\n            <\/a>\n        <\/div>\n\t\t\t\t\t\t\t<\/div> \n\t\t\t\n        \n\t\t\t\t<div id=\"ngg-image-853\" class=\"ngg-gallery-thumbnail-box\" >\n\t\t\t\t        <div class=\"ngg-gallery-thumbnail\">\n            <a href=\"http:\/\/www.karate-neuhofen.at\/wp-content\/gallery\/10-sommercamp-2018\/Sommercamp20181854.JPG\"\n               title=\"\"\n               data-src=\"http:\/\/www.karate-neuhofen.at\/wp-content\/gallery\/10-sommercamp-2018\/Sommercamp20181854.JPG\"\n               data-thumbnail=\"http:\/\/www.karate-neuhofen.at\/wp-content\/gallery\/10-sommercamp-2018\/thumbs\/thumbs_Sommercamp20181854.JPG\"\n               data-image-id=\"21590\"\n               data-title=\"Sommercamp2018(1854)\"\n               data-description=\"\"\n               data-image-slug=\"sommercamp20181854\"\n               class=\"shutterset_14ea2dae3d90de67c1fc228ab12416d8\">\n                <img\n                    title=\"Sommercamp2018(1854)\"\n                    alt=\"Sommercamp2018(1854)\"\n                    src=\"http:\/\/www.karate-neuhofen.at\/wp-content\/gallery\/10-sommercamp-2018\/thumbs\/thumbs_Sommercamp20181854.JPG\"\n                    width=\"240\"\n                    height=\"160\"\n                    style=\"max-width:100%;\"\n                \/>\n            <\/a>\n        <\/div>\n\t\t\t\t\t\t\t<\/div> \n\t\t\t\n        \n\t\t\t\t<div id=\"ngg-image-854\" class=\"ngg-gallery-thumbnail-box\" >\n\t\t\t\t        <div class=\"ngg-gallery-thumbnail\">\n            <a href=\"http:\/\/www.karate-neuhofen.at\/wp-content\/gallery\/10-sommercamp-2018\/Sommercamp20181855.JPG\"\n               title=\"\"\n               data-src=\"http:\/\/www.karate-neuhofen.at\/wp-content\/gallery\/10-sommercamp-2018\/Sommercamp20181855.JPG\"\n               data-thumbnail=\"http:\/\/www.karate-neuhofen.at\/wp-content\/gallery\/10-sommercamp-2018\/thumbs\/thumbs_Sommercamp20181855.JPG\"\n               data-image-id=\"21591\"\n               data-title=\"Sommercamp2018(1855)\"\n               data-description=\"\"\n               data-image-slug=\"sommercamp20181855\"\n               class=\"shutterset_14ea2dae3d90de67c1fc228ab12416d8\">\n                <img\n                    title=\"Sommercamp2018(1855)\"\n                    alt=\"Sommercamp2018(1855)\"\n                    src=\"http:\/\/www.karate-neuhofen.at\/wp-content\/gallery\/10-sommercamp-2018\/thumbs\/thumbs_Sommercamp20181855.JPG\"\n                    width=\"240\"\n                    height=\"160\"\n                    style=\"max-width:100%;\"\n                \/>\n            <\/a>\n        <\/div>\n\t\t\t\t\t\t\t<\/div> \n\t\t\t\n        \n\t\t\t\t<div id=\"ngg-image-855\" class=\"ngg-gallery-thumbnail-box\" >\n\t\t\t\t        <div class=\"ngg-gallery-thumbnail\">\n            <a href=\"http:\/\/www.karate-neuhofen.at\/wp-content\/gallery\/10-sommercamp-2018\/Sommercamp20181856.JPG\"\n               title=\"\"\n               data-src=\"http:\/\/www.karate-neuhofen.at\/wp-content\/gallery\/10-sommercamp-2018\/Sommercamp20181856.JPG\"\n               data-thumbnail=\"http:\/\/www.karate-neuhofen.at\/wp-content\/gallery\/10-sommercamp-2018\/thumbs\/thumbs_Sommercamp20181856.JPG\"\n               data-image-id=\"21592\"\n               data-title=\"Sommercamp2018(1856)\"\n               data-description=\"\"\n               data-image-slug=\"sommercamp20181856\"\n               class=\"shutterset_14ea2dae3d90de67c1fc228ab12416d8\">\n                <img\n                    title=\"Sommercamp2018(1856)\"\n                    alt=\"Sommercamp2018(1856)\"\n                    src=\"http:\/\/www.karate-neuhofen.at\/wp-content\/gallery\/10-sommercamp-2018\/thumbs\/thumbs_Sommercamp20181856.JPG\"\n                    width=\"240\"\n                    height=\"160\"\n                    style=\"max-width:100%;\"\n                \/>\n            <\/a>\n        <\/div>\n\t\t\t\t\t\t\t<\/div> \n\t\t\t\n        \n\t\t\t\t<div id=\"ngg-image-856\" class=\"ngg-gallery-thumbnail-box\" >\n\t\t\t\t        <div class=\"ngg-gallery-thumbnail\">\n            <a href=\"http:\/\/www.karate-neuhofen.at\/wp-content\/gallery\/10-sommercamp-2018\/Sommercamp20181857.JPG\"\n               title=\"\"\n               data-src=\"http:\/\/www.karate-neuhofen.at\/wp-content\/gallery\/10-sommercamp-2018\/Sommercamp20181857.JPG\"\n               data-thumbnail=\"http:\/\/www.karate-neuhofen.at\/wp-content\/gallery\/10-sommercamp-2018\/thumbs\/thumbs_Sommercamp20181857.JPG\"\n               data-image-id=\"21593\"\n               data-title=\"Sommercamp2018(1857)\"\n               data-description=\"\"\n               data-image-slug=\"sommercamp20181857\"\n               class=\"shutterset_14ea2dae3d90de67c1fc228ab12416d8\">\n                <img\n                    title=\"Sommercamp2018(1857)\"\n                    alt=\"Sommercamp2018(1857)\"\n                    src=\"http:\/\/www.karate-neuhofen.at\/wp-content\/gallery\/10-sommercamp-2018\/thumbs\/thumbs_Sommercamp20181857.JPG\"\n                    width=\"240\"\n                    height=\"160\"\n                    style=\"max-width:100%;\"\n                \/>\n            <\/a>\n        <\/div>\n\t\t\t\t\t\t\t<\/div> \n\t\t\t\n        \n\t\t\t\t<div id=\"ngg-image-857\" class=\"ngg-gallery-thumbnail-box\" >\n\t\t\t\t        <div class=\"ngg-gallery-thumbnail\">\n            <a href=\"http:\/\/www.karate-neuhofen.at\/wp-content\/gallery\/10-sommercamp-2018\/Sommercamp20181858.JPG\"\n               title=\"\"\n               data-src=\"http:\/\/www.karate-neuhofen.at\/wp-content\/gallery\/10-sommercamp-2018\/Sommercamp20181858.JPG\"\n               data-thumbnail=\"http:\/\/www.karate-neuhofen.at\/wp-content\/gallery\/10-sommercamp-2018\/thumbs\/thumbs_Sommercamp20181858.JPG\"\n               data-image-id=\"21594\"\n               data-title=\"Sommercamp2018(1858)\"\n               data-description=\"\"\n               data-image-slug=\"sommercamp20181858\"\n               class=\"shutterset_14ea2dae3d90de67c1fc228ab12416d8\">\n                <img\n                    title=\"Sommercamp2018(1858)\"\n                    alt=\"Sommercamp2018(1858)\"\n                    src=\"http:\/\/www.karate-neuhofen.at\/wp-content\/gallery\/10-sommercamp-2018\/thumbs\/thumbs_Sommercamp20181858.JPG\"\n                    width=\"240\"\n                    height=\"160\"\n                    style=\"max-width:100%;\"\n                \/>\n            <\/a>\n        <\/div>\n\t\t\t\t\t\t\t<\/div> \n\t\t\t\n        \n\t\t\t\t<div id=\"ngg-image-858\" class=\"ngg-gallery-thumbnail-box\" >\n\t\t\t\t        <div class=\"ngg-gallery-thumbnail\">\n            <a href=\"http:\/\/www.karate-neuhofen.at\/wp-content\/gallery\/10-sommercamp-2018\/Sommercamp20181859.JPG\"\n               title=\"\"\n               data-src=\"http:\/\/www.karate-neuhofen.at\/wp-content\/gallery\/10-sommercamp-2018\/Sommercamp20181859.JPG\"\n               data-thumbnail=\"http:\/\/www.karate-neuhofen.at\/wp-content\/gallery\/10-sommercamp-2018\/thumbs\/thumbs_Sommercamp20181859.JPG\"\n               data-image-id=\"21595\"\n               data-title=\"Sommercamp2018(1859)\"\n               data-description=\"\"\n               data-image-slug=\"sommercamp20181859\"\n               class=\"shutterset_14ea2dae3d90de67c1fc228ab12416d8\">\n                <img\n                    title=\"Sommercamp2018(1859)\"\n                    alt=\"Sommercamp2018(1859)\"\n                    src=\"http:\/\/www.karate-neuhofen.at\/wp-content\/gallery\/10-sommercamp-2018\/thumbs\/thumbs_Sommercamp20181859.JPG\"\n                    width=\"240\"\n                    height=\"160\"\n                    style=\"max-width:100%;\"\n                \/>\n            <\/a>\n        <\/div>\n\t\t\t\t\t\t\t<\/div> \n\t\t\t\n        \n\t\t\t\t<div id=\"ngg-image-859\" class=\"ngg-gallery-thumbnail-box\" >\n\t\t\t\t        <div class=\"ngg-gallery-thumbnail\">\n            <a href=\"http:\/\/www.karate-neuhofen.at\/wp-content\/gallery\/10-sommercamp-2018\/Sommercamp20181860.JPG\"\n               title=\"\"\n               data-src=\"http:\/\/www.karate-neuhofen.at\/wp-content\/gallery\/10-sommercamp-2018\/Sommercamp20181860.JPG\"\n               data-thumbnail=\"http:\/\/www.karate-neuhofen.at\/wp-content\/gallery\/10-sommercamp-2018\/thumbs\/thumbs_Sommercamp20181860.JPG\"\n               data-image-id=\"21596\"\n               data-title=\"Sommercamp2018(1860)\"\n               data-description=\"\"\n               data-image-slug=\"sommercamp20181860\"\n               class=\"shutterset_14ea2dae3d90de67c1fc228ab12416d8\">\n                <img\n                    title=\"Sommercamp2018(1860)\"\n                    alt=\"Sommercamp2018(1860)\"\n                    src=\"http:\/\/www.karate-neuhofen.at\/wp-content\/gallery\/10-sommercamp-2018\/thumbs\/thumbs_Sommercamp20181860.JPG\"\n                    width=\"240\"\n                    height=\"160\"\n                    style=\"max-width:100%;\"\n                \/>\n            <\/a>\n        <\/div>\n\t\t\t\t\t\t\t<\/div> \n\t\t\t\n        \n\t\t\t\t<div id=\"ngg-image-860\" class=\"ngg-gallery-thumbnail-box\" >\n\t\t\t\t        <div class=\"ngg-gallery-thumbnail\">\n            <a href=\"http:\/\/www.karate-neuhofen.at\/wp-content\/gallery\/10-sommercamp-2018\/Sommercamp20181861.JPG\"\n               title=\"\"\n               data-src=\"http:\/\/www.karate-neuhofen.at\/wp-content\/gallery\/10-sommercamp-2018\/Sommercamp20181861.JPG\"\n               data-thumbnail=\"http:\/\/www.karate-neuhofen.at\/wp-content\/gallery\/10-sommercamp-2018\/thumbs\/thumbs_Sommercamp20181861.JPG\"\n               data-image-id=\"21597\"\n               data-title=\"Sommercamp2018(1861)\"\n               data-description=\"\"\n               data-image-slug=\"sommercamp20181861\"\n               class=\"shutterset_14ea2dae3d90de67c1fc228ab12416d8\">\n                <img\n                    title=\"Sommercamp2018(1861)\"\n                    alt=\"Sommercamp2018(1861)\"\n                    src=\"http:\/\/www.karate-neuhofen.at\/wp-content\/gallery\/10-sommercamp-2018\/thumbs\/thumbs_Sommercamp20181861.JPG\"\n                    width=\"240\"\n                    height=\"160\"\n                    style=\"max-width:100%;\"\n                \/>\n            <\/a>\n        <\/div>\n\t\t\t\t\t\t\t<\/div> \n\t\t\t\n        \n\t\t\t\t<div id=\"ngg-image-861\" class=\"ngg-gallery-thumbnail-box\" >\n\t\t\t\t        <div class=\"ngg-gallery-thumbnail\">\n            <a href=\"http:\/\/www.karate-neuhofen.at\/wp-content\/gallery\/10-sommercamp-2018\/Sommercamp20181862.JPG\"\n               title=\"\"\n               data-src=\"http:\/\/www.karate-neuhofen.at\/wp-content\/gallery\/10-sommercamp-2018\/Sommercamp20181862.JPG\"\n               data-thumbnail=\"http:\/\/www.karate-neuhofen.at\/wp-content\/gallery\/10-sommercamp-2018\/thumbs\/thumbs_Sommercamp20181862.JPG\"\n               data-image-id=\"21598\"\n               data-title=\"Sommercamp2018(1862)\"\n               data-description=\"\"\n               data-image-slug=\"sommercamp20181862\"\n               class=\"shutterset_14ea2dae3d90de67c1fc228ab12416d8\">\n                <img\n                    title=\"Sommercamp2018(1862)\"\n                    alt=\"Sommercamp2018(1862)\"\n                    src=\"http:\/\/www.karate-neuhofen.at\/wp-content\/gallery\/10-sommercamp-2018\/thumbs\/thumbs_Sommercamp20181862.JPG\"\n                    width=\"240\"\n                    height=\"160\"\n                    style=\"max-width:100%;\"\n                \/>\n            <\/a>\n        <\/div>\n\t\t\t\t\t\t\t<\/div> \n\t\t\t\n        \n\t\t\t\t<div id=\"ngg-image-862\" class=\"ngg-gallery-thumbnail-box\" >\n\t\t\t\t        <div class=\"ngg-gallery-thumbnail\">\n            <a href=\"http:\/\/www.karate-neuhofen.at\/wp-content\/gallery\/10-sommercamp-2018\/Sommercamp20181863.JPG\"\n               title=\"\"\n               data-src=\"http:\/\/www.karate-neuhofen.at\/wp-content\/gallery\/10-sommercamp-2018\/Sommercamp20181863.JPG\"\n               data-thumbnail=\"http:\/\/www.karate-neuhofen.at\/wp-content\/gallery\/10-sommercamp-2018\/thumbs\/thumbs_Sommercamp20181863.JPG\"\n               data-image-id=\"21599\"\n               data-title=\"Sommercamp2018(1863)\"\n               data-description=\"\"\n               data-image-slug=\"sommercamp20181863\"\n               class=\"shutterset_14ea2dae3d90de67c1fc228ab12416d8\">\n                <img\n                    title=\"Sommercamp2018(1863)\"\n                    alt=\"Sommercamp2018(1863)\"\n                    src=\"http:\/\/www.karate-neuhofen.at\/wp-content\/gallery\/10-sommercamp-2018\/thumbs\/thumbs_Sommercamp20181863.JPG\"\n                    width=\"240\"\n                    height=\"160\"\n                    style=\"max-width:100%;\"\n                \/>\n            <\/a>\n        <\/div>\n\t\t\t\t\t\t\t<\/div> \n\t\t\t\n        \n\t\t\t\t<div id=\"ngg-image-863\" class=\"ngg-gallery-thumbnail-box\" >\n\t\t\t\t        <div class=\"ngg-gallery-thumbnail\">\n            <a href=\"http:\/\/www.karate-neuhofen.at\/wp-content\/gallery\/10-sommercamp-2018\/Sommercamp20181864.JPG\"\n               title=\"\"\n               data-src=\"http:\/\/www.karate-neuhofen.at\/wp-content\/gallery\/10-sommercamp-2018\/Sommercamp20181864.JPG\"\n               data-thumbnail=\"http:\/\/www.karate-neuhofen.at\/wp-content\/gallery\/10-sommercamp-2018\/thumbs\/thumbs_Sommercamp20181864.JPG\"\n               data-image-id=\"21600\"\n               data-title=\"Sommercamp2018(1864)\"\n               data-description=\"\"\n               data-image-slug=\"sommercamp20181864\"\n               class=\"shutterset_14ea2dae3d90de67c1fc228ab12416d8\">\n                <img\n                    title=\"Sommercamp2018(1864)\"\n                    alt=\"Sommercamp2018(1864)\"\n                    src=\"http:\/\/www.karate-neuhofen.at\/wp-content\/gallery\/10-sommercamp-2018\/thumbs\/thumbs_Sommercamp20181864.JPG\"\n                    width=\"240\"\n                    height=\"160\"\n                    style=\"max-width:100%;\"\n                \/>\n            <\/a>\n        <\/div>\n\t\t\t\t\t\t\t<\/div> \n\t\t\t\n        \n\t\t\t\t<div id=\"ngg-image-864\" class=\"ngg-gallery-thumbnail-box\" >\n\t\t\t\t        <div class=\"ngg-gallery-thumbnail\">\n            <a href=\"http:\/\/www.karate-neuhofen.at\/wp-content\/gallery\/10-sommercamp-2018\/Sommercamp20181865.JPG\"\n               title=\"\"\n               data-src=\"http:\/\/www.karate-neuhofen.at\/wp-content\/gallery\/10-sommercamp-2018\/Sommercamp20181865.JPG\"\n               data-thumbnail=\"http:\/\/www.karate-neuhofen.at\/wp-content\/gallery\/10-sommercamp-2018\/thumbs\/thumbs_Sommercamp20181865.JPG\"\n               data-image-id=\"21601\"\n               data-title=\"Sommercamp2018(1865)\"\n               data-description=\"\"\n               data-image-slug=\"sommercamp20181865\"\n               class=\"shutterset_14ea2dae3d90de67c1fc228ab12416d8\">\n                <img\n                    title=\"Sommercamp2018(1865)\"\n                    alt=\"Sommercamp2018(1865)\"\n                    src=\"http:\/\/www.karate-neuhofen.at\/wp-content\/gallery\/10-sommercamp-2018\/thumbs\/thumbs_Sommercamp20181865.JPG\"\n                    width=\"240\"\n                    height=\"160\"\n                    style=\"max-width:100%;\"\n                \/>\n            <\/a>\n        <\/div>\n\t\t\t\t\t\t\t<\/div> \n\t\t\t\n        \n\t\t\t\t<div id=\"ngg-image-865\" class=\"ngg-gallery-thumbnail-box\" >\n\t\t\t\t        <div class=\"ngg-gallery-thumbnail\">\n            <a href=\"http:\/\/www.karate-neuhofen.at\/wp-content\/gallery\/10-sommercamp-2018\/Sommercamp20181866.JPG\"\n               title=\"\"\n               data-src=\"http:\/\/www.karate-neuhofen.at\/wp-content\/gallery\/10-sommercamp-2018\/Sommercamp20181866.JPG\"\n               data-thumbnail=\"http:\/\/www.karate-neuhofen.at\/wp-content\/gallery\/10-sommercamp-2018\/thumbs\/thumbs_Sommercamp20181866.JPG\"\n               data-image-id=\"21602\"\n               data-title=\"Sommercamp2018(1866)\"\n               data-description=\"\"\n               data-image-slug=\"sommercamp20181866\"\n               class=\"shutterset_14ea2dae3d90de67c1fc228ab12416d8\">\n                <img\n                    title=\"Sommercamp2018(1866)\"\n                    alt=\"Sommercamp2018(1866)\"\n                    src=\"http:\/\/www.karate-neuhofen.at\/wp-content\/gallery\/10-sommercamp-2018\/thumbs\/thumbs_Sommercamp20181866.JPG\"\n                    width=\"240\"\n                    height=\"160\"\n                    style=\"max-width:100%;\"\n                \/>\n            <\/a>\n        <\/div>\n\t\t\t\t\t\t\t<\/div> \n\t\t\t\n        \n\t\t\t\t<div id=\"ngg-image-866\" class=\"ngg-gallery-thumbnail-box\" >\n\t\t\t\t        <div class=\"ngg-gallery-thumbnail\">\n            <a href=\"http:\/\/www.karate-neuhofen.at\/wp-content\/gallery\/10-sommercamp-2018\/Sommercamp20181867.JPG\"\n               title=\"\"\n               data-src=\"http:\/\/www.karate-neuhofen.at\/wp-content\/gallery\/10-sommercamp-2018\/Sommercamp20181867.JPG\"\n               data-thumbnail=\"http:\/\/www.karate-neuhofen.at\/wp-content\/gallery\/10-sommercamp-2018\/thumbs\/thumbs_Sommercamp20181867.JPG\"\n               data-image-id=\"21603\"\n               data-title=\"Sommercamp2018(1867)\"\n               data-description=\"\"\n               data-image-slug=\"sommercamp20181867\"\n               class=\"shutterset_14ea2dae3d90de67c1fc228ab12416d8\">\n                <img\n                    title=\"Sommercamp2018(1867)\"\n                    alt=\"Sommercamp2018(1867)\"\n                    src=\"http:\/\/www.karate-neuhofen.at\/wp-content\/gallery\/10-sommercamp-2018\/thumbs\/thumbs_Sommercamp20181867.JPG\"\n                    width=\"240\"\n                    height=\"160\"\n                    style=\"max-width:100%;\"\n                \/>\n            <\/a>\n        <\/div>\n\t\t\t\t\t\t\t<\/div> \n\t\t\t\n        \n\t\t\t\t<div id=\"ngg-image-867\" class=\"ngg-gallery-thumbnail-box\" >\n\t\t\t\t        <div class=\"ngg-gallery-thumbnail\">\n            <a href=\"http:\/\/www.karate-neuhofen.at\/wp-content\/gallery\/10-sommercamp-2018\/Sommercamp20181868.JPG\"\n               title=\"\"\n               data-src=\"http:\/\/www.karate-neuhofen.at\/wp-content\/gallery\/10-sommercamp-2018\/Sommercamp20181868.JPG\"\n               data-thumbnail=\"http:\/\/www.karate-neuhofen.at\/wp-content\/gallery\/10-sommercamp-2018\/thumbs\/thumbs_Sommercamp20181868.JPG\"\n               data-image-id=\"21604\"\n               data-title=\"Sommercamp2018(1868)\"\n               data-description=\"\"\n               data-image-slug=\"sommercamp20181868\"\n               class=\"shutterset_14ea2dae3d90de67c1fc228ab12416d8\">\n                <img\n                    title=\"Sommercamp2018(1868)\"\n                    alt=\"Sommercamp2018(1868)\"\n                    src=\"http:\/\/www.karate-neuhofen.at\/wp-content\/gallery\/10-sommercamp-2018\/thumbs\/thumbs_Sommercamp20181868.JPG\"\n                    width=\"240\"\n                    height=\"160\"\n                    style=\"max-width:100%;\"\n                \/>\n            <\/a>\n        <\/div>\n\t\t\t\t\t\t\t<\/div> \n\t\t\t\n        \n\t\t\t\t<div id=\"ngg-image-868\" class=\"ngg-gallery-thumbnail-box\" >\n\t\t\t\t        <div class=\"ngg-gallery-thumbnail\">\n            <a href=\"http:\/\/www.karate-neuhofen.at\/wp-content\/gallery\/10-sommercamp-2018\/Sommercamp20181869.JPG\"\n               title=\"\"\n               data-src=\"http:\/\/www.karate-neuhofen.at\/wp-content\/gallery\/10-sommercamp-2018\/Sommercamp20181869.JPG\"\n               data-thumbnail=\"http:\/\/www.karate-neuhofen.at\/wp-content\/gallery\/10-sommercamp-2018\/thumbs\/thumbs_Sommercamp20181869.JPG\"\n               data-image-id=\"21605\"\n               data-title=\"Sommercamp2018(1869)\"\n               data-description=\"\"\n               data-image-slug=\"sommercamp20181869\"\n               class=\"shutterset_14ea2dae3d90de67c1fc228ab12416d8\">\n                <img\n                    title=\"Sommercamp2018(1869)\"\n                    alt=\"Sommercamp2018(1869)\"\n                    src=\"http:\/\/www.karate-neuhofen.at\/wp-content\/gallery\/10-sommercamp-2018\/thumbs\/thumbs_Sommercamp20181869.JPG\"\n                    width=\"240\"\n                    height=\"160\"\n                    style=\"max-width:100%;\"\n                \/>\n            <\/a>\n        <\/div>\n\t\t\t\t\t\t\t<\/div> \n\t\t\t\n        \n\t\t\t\t<div id=\"ngg-image-869\" class=\"ngg-gallery-thumbnail-box\" >\n\t\t\t\t        <div class=\"ngg-gallery-thumbnail\">\n            <a href=\"http:\/\/www.karate-neuhofen.at\/wp-content\/gallery\/10-sommercamp-2018\/Sommercamp20181870.JPG\"\n               title=\"\"\n               data-src=\"http:\/\/www.karate-neuhofen.at\/wp-content\/gallery\/10-sommercamp-2018\/Sommercamp20181870.JPG\"\n               data-thumbnail=\"http:\/\/www.karate-neuhofen.at\/wp-content\/gallery\/10-sommercamp-2018\/thumbs\/thumbs_Sommercamp20181870.JPG\"\n               data-image-id=\"21606\"\n               data-title=\"Sommercamp2018(1870)\"\n               data-description=\"\"\n               data-image-slug=\"sommercamp20181870\"\n               class=\"shutterset_14ea2dae3d90de67c1fc228ab12416d8\">\n                <img\n                    title=\"Sommercamp2018(1870)\"\n                    alt=\"Sommercamp2018(1870)\"\n                    src=\"http:\/\/www.karate-neuhofen.at\/wp-content\/gallery\/10-sommercamp-2018\/thumbs\/thumbs_Sommercamp20181870.JPG\"\n                    width=\"240\"\n                    height=\"160\"\n                    style=\"max-width:100%;\"\n                \/>\n            <\/a>\n        <\/div>\n\t\t\t\t\t\t\t<\/div> \n\t\t\t\n        \n\t\t\t\t<div id=\"ngg-image-870\" class=\"ngg-gallery-thumbnail-box\" >\n\t\t\t\t        <div class=\"ngg-gallery-thumbnail\">\n            <a href=\"http:\/\/www.karate-neuhofen.at\/wp-content\/gallery\/10-sommercamp-2018\/Sommercamp20181871.JPG\"\n               title=\"\"\n               data-src=\"http:\/\/www.karate-neuhofen.at\/wp-content\/gallery\/10-sommercamp-2018\/Sommercamp20181871.JPG\"\n               data-thumbnail=\"http:\/\/www.karate-neuhofen.at\/wp-content\/gallery\/10-sommercamp-2018\/thumbs\/thumbs_Sommercamp20181871.JPG\"\n               data-image-id=\"21607\"\n               data-title=\"Sommercamp2018(1871)\"\n               data-description=\"\"\n               data-image-slug=\"sommercamp20181871\"\n               class=\"shutterset_14ea2dae3d90de67c1fc228ab12416d8\">\n                <img\n                    title=\"Sommercamp2018(1871)\"\n                    alt=\"Sommercamp2018(1871)\"\n                    src=\"http:\/\/www.karate-neuhofen.at\/wp-content\/gallery\/10-sommercamp-2018\/thumbs\/thumbs_Sommercamp20181871.JPG\"\n                    width=\"240\"\n                    height=\"160\"\n                    style=\"max-width:100%;\"\n                \/>\n            <\/a>\n        <\/div>\n\t\t\t\t\t\t\t<\/div> \n\t\t\t\n        \n\t\t\t\t<div id=\"ngg-image-871\" class=\"ngg-gallery-thumbnail-box\" >\n\t\t\t\t        <div class=\"ngg-gallery-thumbnail\">\n            <a href=\"http:\/\/www.karate-neuhofen.at\/wp-content\/gallery\/10-sommercamp-2018\/Sommercamp20181872.JPG\"\n               title=\"\"\n               data-src=\"http:\/\/www.karate-neuhofen.at\/wp-content\/gallery\/10-sommercamp-2018\/Sommercamp20181872.JPG\"\n               data-thumbnail=\"http:\/\/www.karate-neuhofen.at\/wp-content\/gallery\/10-sommercamp-2018\/thumbs\/thumbs_Sommercamp20181872.JPG\"\n               data-image-id=\"21608\"\n               data-title=\"Sommercamp2018(1872)\"\n               data-description=\"\"\n               data-image-slug=\"sommercamp20181872\"\n               class=\"shutterset_14ea2dae3d90de67c1fc228ab12416d8\">\n                <img\n                    title=\"Sommercamp2018(1872)\"\n                    alt=\"Sommercamp2018(1872)\"\n                    src=\"http:\/\/www.karate-neuhofen.at\/wp-content\/gallery\/10-sommercamp-2018\/thumbs\/thumbs_Sommercamp20181872.JPG\"\n                    width=\"240\"\n                    height=\"160\"\n                    style=\"max-width:100%;\"\n                \/>\n            <\/a>\n        <\/div>\n\t\t\t\t\t\t\t<\/div> \n\t\t\t\n        \n\t\t\t\t<div id=\"ngg-image-872\" class=\"ngg-gallery-thumbnail-box\" >\n\t\t\t\t        <div class=\"ngg-gallery-thumbnail\">\n            <a href=\"http:\/\/www.karate-neuhofen.at\/wp-content\/gallery\/10-sommercamp-2018\/Sommercamp20181873.JPG\"\n               title=\"\"\n               data-src=\"http:\/\/www.karate-neuhofen.at\/wp-content\/gallery\/10-sommercamp-2018\/Sommercamp20181873.JPG\"\n               data-thumbnail=\"http:\/\/www.karate-neuhofen.at\/wp-content\/gallery\/10-sommercamp-2018\/thumbs\/thumbs_Sommercamp20181873.JPG\"\n               data-image-id=\"21609\"\n               data-title=\"Sommercamp2018(1873)\"\n               data-description=\"\"\n               data-image-slug=\"sommercamp20181873\"\n               class=\"shutterset_14ea2dae3d90de67c1fc228ab12416d8\">\n                <img\n                    title=\"Sommercamp2018(1873)\"\n                    alt=\"Sommercamp2018(1873)\"\n                    src=\"http:\/\/www.karate-neuhofen.at\/wp-content\/gallery\/10-sommercamp-2018\/thumbs\/thumbs_Sommercamp20181873.JPG\"\n                    width=\"240\"\n                    height=\"160\"\n                    style=\"max-width:100%;\"\n                \/>\n            <\/a>\n        <\/div>\n\t\t\t\t\t\t\t<\/div> \n\t\t\t\n        \n\t\t\t\t<div id=\"ngg-image-873\" class=\"ngg-gallery-thumbnail-box\" >\n\t\t\t\t        <div class=\"ngg-gallery-thumbnail\">\n            <a href=\"http:\/\/www.karate-neuhofen.at\/wp-content\/gallery\/10-sommercamp-2018\/Sommercamp20181874.JPG\"\n               title=\"\"\n               data-src=\"http:\/\/www.karate-neuhofen.at\/wp-content\/gallery\/10-sommercamp-2018\/Sommercamp20181874.JPG\"\n               data-thumbnail=\"http:\/\/www.karate-neuhofen.at\/wp-content\/gallery\/10-sommercamp-2018\/thumbs\/thumbs_Sommercamp20181874.JPG\"\n               data-image-id=\"21610\"\n               data-title=\"Sommercamp2018(1874)\"\n               data-description=\"\"\n               data-image-slug=\"sommercamp20181874\"\n               class=\"shutterset_14ea2dae3d90de67c1fc228ab12416d8\">\n                <img\n                    title=\"Sommercamp2018(1874)\"\n                    alt=\"Sommercamp2018(1874)\"\n                    src=\"http:\/\/www.karate-neuhofen.at\/wp-content\/gallery\/10-sommercamp-2018\/thumbs\/thumbs_Sommercamp20181874.JPG\"\n                    width=\"240\"\n                    height=\"160\"\n                    style=\"max-width:100%;\"\n                \/>\n            <\/a>\n        <\/div>\n\t\t\t\t\t\t\t<\/div> \n\t\t\t\n        \n\t\t\t\t<div id=\"ngg-image-874\" class=\"ngg-gallery-thumbnail-box\" >\n\t\t\t\t        <div class=\"ngg-gallery-thumbnail\">\n            <a href=\"http:\/\/www.karate-neuhofen.at\/wp-content\/gallery\/10-sommercamp-2018\/Sommercamp20181875.JPG\"\n               title=\"\"\n               data-src=\"http:\/\/www.karate-neuhofen.at\/wp-content\/gallery\/10-sommercamp-2018\/Sommercamp20181875.JPG\"\n               data-thumbnail=\"http:\/\/www.karate-neuhofen.at\/wp-content\/gallery\/10-sommercamp-2018\/thumbs\/thumbs_Sommercamp20181875.JPG\"\n               data-image-id=\"21611\"\n               data-title=\"Sommercamp2018(1875)\"\n               data-description=\"\"\n               data-image-slug=\"sommercamp20181875\"\n               class=\"shutterset_14ea2dae3d90de67c1fc228ab12416d8\">\n                <img\n                    title=\"Sommercamp2018(1875)\"\n                    alt=\"Sommercamp2018(1875)\"\n                    src=\"http:\/\/www.karate-neuhofen.at\/wp-content\/gallery\/10-sommercamp-2018\/thumbs\/thumbs_Sommercamp20181875.JPG\"\n                    width=\"240\"\n                    height=\"160\"\n                    style=\"max-width:100%;\"\n                \/>\n            <\/a>\n        <\/div>\n\t\t\t\t\t\t\t<\/div> \n\t\t\t\n        \n\t\t\t\t<div id=\"ngg-image-875\" class=\"ngg-gallery-thumbnail-box\" >\n\t\t\t\t        <div class=\"ngg-gallery-thumbnail\">\n            <a href=\"http:\/\/www.karate-neuhofen.at\/wp-content\/gallery\/10-sommercamp-2018\/Sommercamp20181876.JPG\"\n               title=\"\"\n               data-src=\"http:\/\/www.karate-neuhofen.at\/wp-content\/gallery\/10-sommercamp-2018\/Sommercamp20181876.JPG\"\n               data-thumbnail=\"http:\/\/www.karate-neuhofen.at\/wp-content\/gallery\/10-sommercamp-2018\/thumbs\/thumbs_Sommercamp20181876.JPG\"\n               data-image-id=\"21612\"\n               data-title=\"Sommercamp2018(1876)\"\n               data-description=\"\"\n               data-image-slug=\"sommercamp20181876\"\n               class=\"shutterset_14ea2dae3d90de67c1fc228ab12416d8\">\n                <img\n                    title=\"Sommercamp2018(1876)\"\n                    alt=\"Sommercamp2018(1876)\"\n                    src=\"http:\/\/www.karate-neuhofen.at\/wp-content\/gallery\/10-sommercamp-2018\/thumbs\/thumbs_Sommercamp20181876.JPG\"\n                    width=\"240\"\n                    height=\"160\"\n                    style=\"max-width:100%;\"\n                \/>\n            <\/a>\n        <\/div>\n\t\t\t\t\t\t\t<\/div> \n\t\t\t\n        \n\t\t\t\t<div id=\"ngg-image-876\" class=\"ngg-gallery-thumbnail-box\" >\n\t\t\t\t        <div class=\"ngg-gallery-thumbnail\">\n            <a href=\"http:\/\/www.karate-neuhofen.at\/wp-content\/gallery\/10-sommercamp-2018\/Sommercamp20181877.JPG\"\n               title=\"\"\n               data-src=\"http:\/\/www.karate-neuhofen.at\/wp-content\/gallery\/10-sommercamp-2018\/Sommercamp20181877.JPG\"\n               data-thumbnail=\"http:\/\/www.karate-neuhofen.at\/wp-content\/gallery\/10-sommercamp-2018\/thumbs\/thumbs_Sommercamp20181877.JPG\"\n               data-image-id=\"21613\"\n               data-title=\"Sommercamp2018(1877)\"\n               data-description=\"\"\n               data-image-slug=\"sommercamp20181877\"\n               class=\"shutterset_14ea2dae3d90de67c1fc228ab12416d8\">\n                <img\n                    title=\"Sommercamp2018(1877)\"\n                    alt=\"Sommercamp2018(1877)\"\n                    src=\"http:\/\/www.karate-neuhofen.at\/wp-content\/gallery\/10-sommercamp-2018\/thumbs\/thumbs_Sommercamp20181877.JPG\"\n                    width=\"240\"\n                    height=\"160\"\n                    style=\"max-width:100%;\"\n                \/>\n            <\/a>\n        <\/div>\n\t\t\t\t\t\t\t<\/div> \n\t\t\t\n        \n\t\t\t\t<div id=\"ngg-image-877\" class=\"ngg-gallery-thumbnail-box\" >\n\t\t\t\t        <div class=\"ngg-gallery-thumbnail\">\n            <a href=\"http:\/\/www.karate-neuhofen.at\/wp-content\/gallery\/10-sommercamp-2018\/Sommercamp20181878.JPG\"\n               title=\"\"\n               data-src=\"http:\/\/www.karate-neuhofen.at\/wp-content\/gallery\/10-sommercamp-2018\/Sommercamp20181878.JPG\"\n               data-thumbnail=\"http:\/\/www.karate-neuhofen.at\/wp-content\/gallery\/10-sommercamp-2018\/thumbs\/thumbs_Sommercamp20181878.JPG\"\n               data-image-id=\"21614\"\n               data-title=\"Sommercamp2018(1878)\"\n               data-description=\"\"\n               data-image-slug=\"sommercamp20181878\"\n               class=\"shutterset_14ea2dae3d90de67c1fc228ab12416d8\">\n                <img\n                    title=\"Sommercamp2018(1878)\"\n                    alt=\"Sommercamp2018(1878)\"\n                    src=\"http:\/\/www.karate-neuhofen.at\/wp-content\/gallery\/10-sommercamp-2018\/thumbs\/thumbs_Sommercamp20181878.JPG\"\n                    width=\"240\"\n                    height=\"160\"\n                    style=\"max-width:100%;\"\n                \/>\n            <\/a>\n        <\/div>\n\t\t\t\t\t\t\t<\/div> \n\t\t\t\n        \n\t\t\t\t<div id=\"ngg-image-878\" class=\"ngg-gallery-thumbnail-box\" >\n\t\t\t\t        <div class=\"ngg-gallery-thumbnail\">\n            <a href=\"http:\/\/www.karate-neuhofen.at\/wp-content\/gallery\/10-sommercamp-2018\/Sommercamp20181879.JPG\"\n               title=\"\"\n               data-src=\"http:\/\/www.karate-neuhofen.at\/wp-content\/gallery\/10-sommercamp-2018\/Sommercamp20181879.JPG\"\n               data-thumbnail=\"http:\/\/www.karate-neuhofen.at\/wp-content\/gallery\/10-sommercamp-2018\/thumbs\/thumbs_Sommercamp20181879.JPG\"\n               data-image-id=\"21615\"\n               data-title=\"Sommercamp2018(1879)\"\n               data-description=\"\"\n               data-image-slug=\"sommercamp20181879\"\n               class=\"shutterset_14ea2dae3d90de67c1fc228ab12416d8\">\n                <img\n                    title=\"Sommercamp2018(1879)\"\n                    alt=\"Sommercamp2018(1879)\"\n                    src=\"http:\/\/www.karate-neuhofen.at\/wp-content\/gallery\/10-sommercamp-2018\/thumbs\/thumbs_Sommercamp20181879.JPG\"\n                    width=\"240\"\n                    height=\"160\"\n                    style=\"max-width:100%;\"\n                \/>\n            <\/a>\n        <\/div>\n\t\t\t\t\t\t\t<\/div> \n\t\t\t\n        \n\t\t\t\t<div id=\"ngg-image-879\" class=\"ngg-gallery-thumbnail-box\" >\n\t\t\t\t        <div class=\"ngg-gallery-thumbnail\">\n            <a href=\"http:\/\/www.karate-neuhofen.at\/wp-content\/gallery\/10-sommercamp-2018\/Sommercamp20181880.JPG\"\n               title=\"\"\n               data-src=\"http:\/\/www.karate-neuhofen.at\/wp-content\/gallery\/10-sommercamp-2018\/Sommercamp20181880.JPG\"\n               data-thumbnail=\"http:\/\/www.karate-neuhofen.at\/wp-content\/gallery\/10-sommercamp-2018\/thumbs\/thumbs_Sommercamp20181880.JPG\"\n               data-image-id=\"21616\"\n               data-title=\"Sommercamp2018(1880)\"\n               data-description=\"\"\n               data-image-slug=\"sommercamp20181880\"\n               class=\"shutterset_14ea2dae3d90de67c1fc228ab12416d8\">\n                <img\n                    title=\"Sommercamp2018(1880)\"\n                    alt=\"Sommercamp2018(1880)\"\n                    src=\"http:\/\/www.karate-neuhofen.at\/wp-content\/gallery\/10-sommercamp-2018\/thumbs\/thumbs_Sommercamp20181880.JPG\"\n                    width=\"240\"\n                    height=\"160\"\n                    style=\"max-width:100%;\"\n                \/>\n            <\/a>\n        <\/div>\n\t\t\t\t\t\t\t<\/div> \n\t\t\t\n        \n\t\t\t\t<div id=\"ngg-image-880\" class=\"ngg-gallery-thumbnail-box\" >\n\t\t\t\t        <div class=\"ngg-gallery-thumbnail\">\n            <a href=\"http:\/\/www.karate-neuhofen.at\/wp-content\/gallery\/10-sommercamp-2018\/Sommercamp20181881.JPG\"\n               title=\"\"\n               data-src=\"http:\/\/www.karate-neuhofen.at\/wp-content\/gallery\/10-sommercamp-2018\/Sommercamp20181881.JPG\"\n               data-thumbnail=\"http:\/\/www.karate-neuhofen.at\/wp-content\/gallery\/10-sommercamp-2018\/thumbs\/thumbs_Sommercamp20181881.JPG\"\n               data-image-id=\"21617\"\n               data-title=\"Sommercamp2018(1881)\"\n               data-description=\"\"\n               data-image-slug=\"sommercamp20181881\"\n               class=\"shutterset_14ea2dae3d90de67c1fc228ab12416d8\">\n                <img\n                    title=\"Sommercamp2018(1881)\"\n                    alt=\"Sommercamp2018(1881)\"\n                    src=\"http:\/\/www.karate-neuhofen.at\/wp-content\/gallery\/10-sommercamp-2018\/thumbs\/thumbs_Sommercamp20181881.JPG\"\n                    width=\"240\"\n                    height=\"160\"\n                    style=\"max-width:100%;\"\n                \/>\n            <\/a>\n        <\/div>\n\t\t\t\t\t\t\t<\/div> \n\t\t\t\n        \n\t\t\t\t<div id=\"ngg-image-881\" class=\"ngg-gallery-thumbnail-box\" >\n\t\t\t\t        <div class=\"ngg-gallery-thumbnail\">\n            <a href=\"http:\/\/www.karate-neuhofen.at\/wp-content\/gallery\/10-sommercamp-2018\/Sommercamp20181882.JPG\"\n               title=\"\"\n               data-src=\"http:\/\/www.karate-neuhofen.at\/wp-content\/gallery\/10-sommercamp-2018\/Sommercamp20181882.JPG\"\n               data-thumbnail=\"http:\/\/www.karate-neuhofen.at\/wp-content\/gallery\/10-sommercamp-2018\/thumbs\/thumbs_Sommercamp20181882.JPG\"\n               data-image-id=\"21618\"\n               data-title=\"Sommercamp2018(1882)\"\n               data-description=\"\"\n               data-image-slug=\"sommercamp20181882\"\n               class=\"shutterset_14ea2dae3d90de67c1fc228ab12416d8\">\n                <img\n                    title=\"Sommercamp2018(1882)\"\n                    alt=\"Sommercamp2018(1882)\"\n                    src=\"http:\/\/www.karate-neuhofen.at\/wp-content\/gallery\/10-sommercamp-2018\/thumbs\/thumbs_Sommercamp20181882.JPG\"\n                    width=\"240\"\n                    height=\"160\"\n                    style=\"max-width:100%;\"\n                \/>\n            <\/a>\n        <\/div>\n\t\t\t\t\t\t\t<\/div> \n\t\t\t\n        \n\t\t\t\t<div id=\"ngg-image-882\" class=\"ngg-gallery-thumbnail-box\" >\n\t\t\t\t        <div class=\"ngg-gallery-thumbnail\">\n            <a href=\"http:\/\/www.karate-neuhofen.at\/wp-content\/gallery\/10-sommercamp-2018\/Sommercamp20181883.JPG\"\n               title=\"\"\n               data-src=\"http:\/\/www.karate-neuhofen.at\/wp-content\/gallery\/10-sommercamp-2018\/Sommercamp20181883.JPG\"\n               data-thumbnail=\"http:\/\/www.karate-neuhofen.at\/wp-content\/gallery\/10-sommercamp-2018\/thumbs\/thumbs_Sommercamp20181883.JPG\"\n               data-image-id=\"21619\"\n               data-title=\"Sommercamp2018(1883)\"\n               data-description=\"\"\n               data-image-slug=\"sommercamp20181883\"\n               class=\"shutterset_14ea2dae3d90de67c1fc228ab12416d8\">\n                <img\n                    title=\"Sommercamp2018(1883)\"\n                    alt=\"Sommercamp2018(1883)\"\n                    src=\"http:\/\/www.karate-neuhofen.at\/wp-content\/gallery\/10-sommercamp-2018\/thumbs\/thumbs_Sommercamp20181883.JPG\"\n                    width=\"240\"\n                    height=\"160\"\n                    style=\"max-width:100%;\"\n                \/>\n            <\/a>\n        <\/div>\n\t\t\t\t\t\t\t<\/div> \n\t\t\t\n        \n\t\t\t\t<div id=\"ngg-image-883\" class=\"ngg-gallery-thumbnail-box\" >\n\t\t\t\t        <div class=\"ngg-gallery-thumbnail\">\n            <a href=\"http:\/\/www.karate-neuhofen.at\/wp-content\/gallery\/10-sommercamp-2018\/Sommercamp20181884.JPG\"\n               title=\"\"\n               data-src=\"http:\/\/www.karate-neuhofen.at\/wp-content\/gallery\/10-sommercamp-2018\/Sommercamp20181884.JPG\"\n               data-thumbnail=\"http:\/\/www.karate-neuhofen.at\/wp-content\/gallery\/10-sommercamp-2018\/thumbs\/thumbs_Sommercamp20181884.JPG\"\n               data-image-id=\"21620\"\n               data-title=\"Sommercamp2018(1884)\"\n               data-description=\"\"\n               data-image-slug=\"sommercamp20181884\"\n               class=\"shutterset_14ea2dae3d90de67c1fc228ab12416d8\">\n                <img\n                    title=\"Sommercamp2018(1884)\"\n                    alt=\"Sommercamp2018(1884)\"\n                    src=\"http:\/\/www.karate-neuhofen.at\/wp-content\/gallery\/10-sommercamp-2018\/thumbs\/thumbs_Sommercamp20181884.JPG\"\n                    width=\"240\"\n                    height=\"160\"\n                    style=\"max-width:100%;\"\n                \/>\n            <\/a>\n        <\/div>\n\t\t\t\t\t\t\t<\/div> \n\t\t\t\n        \n\t\t\t\t<div id=\"ngg-image-884\" class=\"ngg-gallery-thumbnail-box\" >\n\t\t\t\t        <div class=\"ngg-gallery-thumbnail\">\n            <a href=\"http:\/\/www.karate-neuhofen.at\/wp-content\/gallery\/10-sommercamp-2018\/Sommercamp20181885.JPG\"\n               title=\"\"\n               data-src=\"http:\/\/www.karate-neuhofen.at\/wp-content\/gallery\/10-sommercamp-2018\/Sommercamp20181885.JPG\"\n               data-thumbnail=\"http:\/\/www.karate-neuhofen.at\/wp-content\/gallery\/10-sommercamp-2018\/thumbs\/thumbs_Sommercamp20181885.JPG\"\n               data-image-id=\"21621\"\n               data-title=\"Sommercamp2018(1885)\"\n               data-description=\"\"\n               data-image-slug=\"sommercamp20181885\"\n               class=\"shutterset_14ea2dae3d90de67c1fc228ab12416d8\">\n                <img\n                    title=\"Sommercamp2018(1885)\"\n                    alt=\"Sommercamp2018(1885)\"\n                    src=\"http:\/\/www.karate-neuhofen.at\/wp-content\/gallery\/10-sommercamp-2018\/thumbs\/thumbs_Sommercamp20181885.JPG\"\n                    width=\"240\"\n                    height=\"160\"\n                    style=\"max-width:100%;\"\n                \/>\n            <\/a>\n        <\/div>\n\t\t\t\t\t\t\t<\/div> \n\t\t\t\n        \n\t\t\t\t<div id=\"ngg-image-885\" class=\"ngg-gallery-thumbnail-box\" >\n\t\t\t\t        <div class=\"ngg-gallery-thumbnail\">\n            <a href=\"http:\/\/www.karate-neuhofen.at\/wp-content\/gallery\/10-sommercamp-2018\/Sommercamp20181886.JPG\"\n               title=\"\"\n               data-src=\"http:\/\/www.karate-neuhofen.at\/wp-content\/gallery\/10-sommercamp-2018\/Sommercamp20181886.JPG\"\n               data-thumbnail=\"http:\/\/www.karate-neuhofen.at\/wp-content\/gallery\/10-sommercamp-2018\/thumbs\/thumbs_Sommercamp20181886.JPG\"\n               data-image-id=\"21622\"\n               data-title=\"Sommercamp2018(1886)\"\n               data-description=\"\"\n               data-image-slug=\"sommercamp20181886\"\n               class=\"shutterset_14ea2dae3d90de67c1fc228ab12416d8\">\n                <img\n                    title=\"Sommercamp2018(1886)\"\n                    alt=\"Sommercamp2018(1886)\"\n                    src=\"http:\/\/www.karate-neuhofen.at\/wp-content\/gallery\/10-sommercamp-2018\/thumbs\/thumbs_Sommercamp20181886.JPG\"\n                    width=\"240\"\n                    height=\"160\"\n                    style=\"max-width:100%;\"\n                \/>\n            <\/a>\n        <\/div>\n\t\t\t\t\t\t\t<\/div> \n\t\t\t\n        \n\t\t\t\t<div id=\"ngg-image-886\" class=\"ngg-gallery-thumbnail-box\" >\n\t\t\t\t        <div class=\"ngg-gallery-thumbnail\">\n            <a href=\"http:\/\/www.karate-neuhofen.at\/wp-content\/gallery\/10-sommercamp-2018\/Sommercamp20181887.JPG\"\n               title=\"\"\n               data-src=\"http:\/\/www.karate-neuhofen.at\/wp-content\/gallery\/10-sommercamp-2018\/Sommercamp20181887.JPG\"\n               data-thumbnail=\"http:\/\/www.karate-neuhofen.at\/wp-content\/gallery\/10-sommercamp-2018\/thumbs\/thumbs_Sommercamp20181887.JPG\"\n               data-image-id=\"21623\"\n               data-title=\"Sommercamp2018(1887)\"\n               data-description=\"\"\n               data-image-slug=\"sommercamp20181887\"\n               class=\"shutterset_14ea2dae3d90de67c1fc228ab12416d8\">\n                <img\n                    title=\"Sommercamp2018(1887)\"\n                    alt=\"Sommercamp2018(1887)\"\n                    src=\"http:\/\/www.karate-neuhofen.at\/wp-content\/gallery\/10-sommercamp-2018\/thumbs\/thumbs_Sommercamp20181887.JPG\"\n                    width=\"240\"\n                    height=\"160\"\n                    style=\"max-width:100%;\"\n                \/>\n            <\/a>\n        <\/div>\n\t\t\t\t\t\t\t<\/div> \n\t\t\t\n        \n\t\t\t\t<div id=\"ngg-image-887\" class=\"ngg-gallery-thumbnail-box\" >\n\t\t\t\t        <div class=\"ngg-gallery-thumbnail\">\n            <a href=\"http:\/\/www.karate-neuhofen.at\/wp-content\/gallery\/10-sommercamp-2018\/Sommercamp20181888.JPG\"\n               title=\"\"\n               data-src=\"http:\/\/www.karate-neuhofen.at\/wp-content\/gallery\/10-sommercamp-2018\/Sommercamp20181888.JPG\"\n               data-thumbnail=\"http:\/\/www.karate-neuhofen.at\/wp-content\/gallery\/10-sommercamp-2018\/thumbs\/thumbs_Sommercamp20181888.JPG\"\n               data-image-id=\"21624\"\n               data-title=\"Sommercamp2018(1888)\"\n               data-description=\"\"\n               data-image-slug=\"sommercamp20181888\"\n               class=\"shutterset_14ea2dae3d90de67c1fc228ab12416d8\">\n                <img\n                    title=\"Sommercamp2018(1888)\"\n                    alt=\"Sommercamp2018(1888)\"\n                    src=\"http:\/\/www.karate-neuhofen.at\/wp-content\/gallery\/10-sommercamp-2018\/thumbs\/thumbs_Sommercamp20181888.JPG\"\n                    width=\"240\"\n                    height=\"160\"\n                    style=\"max-width:100%;\"\n                \/>\n            <\/a>\n        <\/div>\n\t\t\t\t\t\t\t<\/div> \n\t\t\t\n        \n\t\t\t\t<div id=\"ngg-image-888\" class=\"ngg-gallery-thumbnail-box\" >\n\t\t\t\t        <div class=\"ngg-gallery-thumbnail\">\n            <a href=\"http:\/\/www.karate-neuhofen.at\/wp-content\/gallery\/10-sommercamp-2018\/Sommercamp20181889.JPG\"\n               title=\"\"\n               data-src=\"http:\/\/www.karate-neuhofen.at\/wp-content\/gallery\/10-sommercamp-2018\/Sommercamp20181889.JPG\"\n               data-thumbnail=\"http:\/\/www.karate-neuhofen.at\/wp-content\/gallery\/10-sommercamp-2018\/thumbs\/thumbs_Sommercamp20181889.JPG\"\n               data-image-id=\"21625\"\n               data-title=\"Sommercamp2018(1889)\"\n               data-description=\"\"\n               data-image-slug=\"sommercamp20181889\"\n               class=\"shutterset_14ea2dae3d90de67c1fc228ab12416d8\">\n                <img\n                    title=\"Sommercamp2018(1889)\"\n                    alt=\"Sommercamp2018(1889)\"\n                    src=\"http:\/\/www.karate-neuhofen.at\/wp-content\/gallery\/10-sommercamp-2018\/thumbs\/thumbs_Sommercamp20181889.JPG\"\n                    width=\"240\"\n                    height=\"160\"\n                    style=\"max-width:100%;\"\n                \/>\n            <\/a>\n        <\/div>\n\t\t\t\t\t\t\t<\/div> \n\t\t\t\n        \n\t\t\t\t<div id=\"ngg-image-889\" class=\"ngg-gallery-thumbnail-box\" >\n\t\t\t\t        <div class=\"ngg-gallery-thumbnail\">\n            <a href=\"http:\/\/www.karate-neuhofen.at\/wp-content\/gallery\/10-sommercamp-2018\/Sommercamp20181890.JPG\"\n               title=\"\"\n               data-src=\"http:\/\/www.karate-neuhofen.at\/wp-content\/gallery\/10-sommercamp-2018\/Sommercamp20181890.JPG\"\n               data-thumbnail=\"http:\/\/www.karate-neuhofen.at\/wp-content\/gallery\/10-sommercamp-2018\/thumbs\/thumbs_Sommercamp20181890.JPG\"\n               data-image-id=\"21626\"\n               data-title=\"Sommercamp2018(1890)\"\n               data-description=\"\"\n               data-image-slug=\"sommercamp20181890\"\n               class=\"shutterset_14ea2dae3d90de67c1fc228ab12416d8\">\n                <img\n                    title=\"Sommercamp2018(1890)\"\n                    alt=\"Sommercamp2018(1890)\"\n                    src=\"http:\/\/www.karate-neuhofen.at\/wp-content\/gallery\/10-sommercamp-2018\/thumbs\/thumbs_Sommercamp20181890.JPG\"\n                    width=\"240\"\n                    height=\"160\"\n                    style=\"max-width:100%;\"\n                \/>\n            <\/a>\n        <\/div>\n\t\t\t\t\t\t\t<\/div> \n\t\t\t\n        \n\t\t\t\t<div id=\"ngg-image-890\" class=\"ngg-gallery-thumbnail-box\" >\n\t\t\t\t        <div class=\"ngg-gallery-thumbnail\">\n            <a href=\"http:\/\/www.karate-neuhofen.at\/wp-content\/gallery\/10-sommercamp-2018\/Sommercamp20181891.JPG\"\n               title=\"\"\n               data-src=\"http:\/\/www.karate-neuhofen.at\/wp-content\/gallery\/10-sommercamp-2018\/Sommercamp20181891.JPG\"\n               data-thumbnail=\"http:\/\/www.karate-neuhofen.at\/wp-content\/gallery\/10-sommercamp-2018\/thumbs\/thumbs_Sommercamp20181891.JPG\"\n               data-image-id=\"21627\"\n               data-title=\"Sommercamp2018(1891)\"\n               data-description=\"\"\n               data-image-slug=\"sommercamp20181891\"\n               class=\"shutterset_14ea2dae3d90de67c1fc228ab12416d8\">\n                <img\n                    title=\"Sommercamp2018(1891)\"\n                    alt=\"Sommercamp2018(1891)\"\n                    src=\"http:\/\/www.karate-neuhofen.at\/wp-content\/gallery\/10-sommercamp-2018\/thumbs\/thumbs_Sommercamp20181891.JPG\"\n                    width=\"240\"\n                    height=\"160\"\n                    style=\"max-width:100%;\"\n                \/>\n            <\/a>\n        <\/div>\n\t\t\t\t\t\t\t<\/div> \n\t\t\t\n        \n\t\t\t\t<div id=\"ngg-image-891\" class=\"ngg-gallery-thumbnail-box\" >\n\t\t\t\t        <div class=\"ngg-gallery-thumbnail\">\n            <a href=\"http:\/\/www.karate-neuhofen.at\/wp-content\/gallery\/10-sommercamp-2018\/Sommercamp20181892.JPG\"\n               title=\"\"\n               data-src=\"http:\/\/www.karate-neuhofen.at\/wp-content\/gallery\/10-sommercamp-2018\/Sommercamp20181892.JPG\"\n               data-thumbnail=\"http:\/\/www.karate-neuhofen.at\/wp-content\/gallery\/10-sommercamp-2018\/thumbs\/thumbs_Sommercamp20181892.JPG\"\n               data-image-id=\"21628\"\n               data-title=\"Sommercamp2018(1892)\"\n               data-description=\"\"\n               data-image-slug=\"sommercamp20181892\"\n               class=\"shutterset_14ea2dae3d90de67c1fc228ab12416d8\">\n                <img\n                    title=\"Sommercamp2018(1892)\"\n                    alt=\"Sommercamp2018(1892)\"\n                    src=\"http:\/\/www.karate-neuhofen.at\/wp-content\/gallery\/10-sommercamp-2018\/thumbs\/thumbs_Sommercamp20181892.JPG\"\n                    width=\"240\"\n                    height=\"160\"\n                    style=\"max-width:100%;\"\n                \/>\n            <\/a>\n        <\/div>\n\t\t\t\t\t\t\t<\/div> \n\t\t\t\n        \n\t\t\t\t<div id=\"ngg-image-892\" class=\"ngg-gallery-thumbnail-box\" >\n\t\t\t\t        <div class=\"ngg-gallery-thumbnail\">\n            <a href=\"http:\/\/www.karate-neuhofen.at\/wp-content\/gallery\/10-sommercamp-2018\/Sommercamp20181893.JPG\"\n               title=\"\"\n               data-src=\"http:\/\/www.karate-neuhofen.at\/wp-content\/gallery\/10-sommercamp-2018\/Sommercamp20181893.JPG\"\n               data-thumbnail=\"http:\/\/www.karate-neuhofen.at\/wp-content\/gallery\/10-sommercamp-2018\/thumbs\/thumbs_Sommercamp20181893.JPG\"\n               data-image-id=\"21629\"\n               data-title=\"Sommercamp2018(1893)\"\n               data-description=\"\"\n               data-image-slug=\"sommercamp20181893\"\n               class=\"shutterset_14ea2dae3d90de67c1fc228ab12416d8\">\n                <img\n                    title=\"Sommercamp2018(1893)\"\n                    alt=\"Sommercamp2018(1893)\"\n                    src=\"http:\/\/www.karate-neuhofen.at\/wp-content\/gallery\/10-sommercamp-2018\/thumbs\/thumbs_Sommercamp20181893.JPG\"\n                    width=\"240\"\n                    height=\"160\"\n                    style=\"max-width:100%;\"\n                \/>\n            <\/a>\n        <\/div>\n\t\t\t\t\t\t\t<\/div> \n\t\t\t\n        \n\t\t\t\t<div id=\"ngg-image-893\" class=\"ngg-gallery-thumbnail-box\" >\n\t\t\t\t        <div class=\"ngg-gallery-thumbnail\">\n            <a href=\"http:\/\/www.karate-neuhofen.at\/wp-content\/gallery\/10-sommercamp-2018\/Sommercamp20181894.JPG\"\n               title=\"\"\n               data-src=\"http:\/\/www.karate-neuhofen.at\/wp-content\/gallery\/10-sommercamp-2018\/Sommercamp20181894.JPG\"\n               data-thumbnail=\"http:\/\/www.karate-neuhofen.at\/wp-content\/gallery\/10-sommercamp-2018\/thumbs\/thumbs_Sommercamp20181894.JPG\"\n               data-image-id=\"21630\"\n               data-title=\"Sommercamp2018(1894)\"\n               data-description=\"\"\n               data-image-slug=\"sommercamp20181894\"\n               class=\"shutterset_14ea2dae3d90de67c1fc228ab12416d8\">\n                <img\n                    title=\"Sommercamp2018(1894)\"\n                    alt=\"Sommercamp2018(1894)\"\n                    src=\"http:\/\/www.karate-neuhofen.at\/wp-content\/gallery\/10-sommercamp-2018\/thumbs\/thumbs_Sommercamp20181894.JPG\"\n                    width=\"240\"\n                    height=\"160\"\n                    style=\"max-width:100%;\"\n                \/>\n            <\/a>\n        <\/div>\n\t\t\t\t\t\t\t<\/div> \n\t\t\t\n        \n\t\t\t\t<div id=\"ngg-image-894\" class=\"ngg-gallery-thumbnail-box\" >\n\t\t\t\t        <div class=\"ngg-gallery-thumbnail\">\n            <a href=\"http:\/\/www.karate-neuhofen.at\/wp-content\/gallery\/10-sommercamp-2018\/Sommercamp20181895.JPG\"\n               title=\"\"\n               data-src=\"http:\/\/www.karate-neuhofen.at\/wp-content\/gallery\/10-sommercamp-2018\/Sommercamp20181895.JPG\"\n               data-thumbnail=\"http:\/\/www.karate-neuhofen.at\/wp-content\/gallery\/10-sommercamp-2018\/thumbs\/thumbs_Sommercamp20181895.JPG\"\n               data-image-id=\"21631\"\n               data-title=\"Sommercamp2018(1895)\"\n               data-description=\"\"\n               data-image-slug=\"sommercamp20181895\"\n               class=\"shutterset_14ea2dae3d90de67c1fc228ab12416d8\">\n                <img\n                    title=\"Sommercamp2018(1895)\"\n                    alt=\"Sommercamp2018(1895)\"\n                    src=\"http:\/\/www.karate-neuhofen.at\/wp-content\/gallery\/10-sommercamp-2018\/thumbs\/thumbs_Sommercamp20181895.JPG\"\n                    width=\"240\"\n                    height=\"160\"\n                    style=\"max-width:100%;\"\n                \/>\n            <\/a>\n        <\/div>\n\t\t\t\t\t\t\t<\/div> \n\t\t\t\n        \n\t\t\t\t<div id=\"ngg-image-895\" class=\"ngg-gallery-thumbnail-box\" >\n\t\t\t\t        <div class=\"ngg-gallery-thumbnail\">\n            <a href=\"http:\/\/www.karate-neuhofen.at\/wp-content\/gallery\/10-sommercamp-2018\/Sommercamp20181896.JPG\"\n               title=\"\"\n               data-src=\"http:\/\/www.karate-neuhofen.at\/wp-content\/gallery\/10-sommercamp-2018\/Sommercamp20181896.JPG\"\n               data-thumbnail=\"http:\/\/www.karate-neuhofen.at\/wp-content\/gallery\/10-sommercamp-2018\/thumbs\/thumbs_Sommercamp20181896.JPG\"\n               data-image-id=\"21632\"\n               data-title=\"Sommercamp2018(1896)\"\n               data-description=\"\"\n               data-image-slug=\"sommercamp20181896\"\n               class=\"shutterset_14ea2dae3d90de67c1fc228ab12416d8\">\n                <img\n                    title=\"Sommercamp2018(1896)\"\n                    alt=\"Sommercamp2018(1896)\"\n                    src=\"http:\/\/www.karate-neuhofen.at\/wp-content\/gallery\/10-sommercamp-2018\/thumbs\/thumbs_Sommercamp20181896.JPG\"\n                    width=\"240\"\n                    height=\"160\"\n                    style=\"max-width:100%;\"\n                \/>\n            <\/a>\n        <\/div>\n\t\t\t\t\t\t\t<\/div> \n\t\t\t\n        \n\t\t\t\t<div id=\"ngg-image-896\" class=\"ngg-gallery-thumbnail-box\" >\n\t\t\t\t        <div class=\"ngg-gallery-thumbnail\">\n            <a href=\"http:\/\/www.karate-neuhofen.at\/wp-content\/gallery\/10-sommercamp-2018\/Sommercamp20181897.JPG\"\n               title=\"\"\n               data-src=\"http:\/\/www.karate-neuhofen.at\/wp-content\/gallery\/10-sommercamp-2018\/Sommercamp20181897.JPG\"\n               data-thumbnail=\"http:\/\/www.karate-neuhofen.at\/wp-content\/gallery\/10-sommercamp-2018\/thumbs\/thumbs_Sommercamp20181897.JPG\"\n               data-image-id=\"21633\"\n               data-title=\"Sommercamp2018(1897)\"\n               data-description=\"\"\n               data-image-slug=\"sommercamp20181897\"\n               class=\"shutterset_14ea2dae3d90de67c1fc228ab12416d8\">\n                <img\n                    title=\"Sommercamp2018(1897)\"\n                    alt=\"Sommercamp2018(1897)\"\n                    src=\"http:\/\/www.karate-neuhofen.at\/wp-content\/gallery\/10-sommercamp-2018\/thumbs\/thumbs_Sommercamp20181897.JPG\"\n                    width=\"240\"\n                    height=\"160\"\n                    style=\"max-width:100%;\"\n                \/>\n            <\/a>\n        <\/div>\n\t\t\t\t\t\t\t<\/div> \n\t\t\t\n        \n\t\t\t\t<div id=\"ngg-image-897\" class=\"ngg-gallery-thumbnail-box\" >\n\t\t\t\t        <div class=\"ngg-gallery-thumbnail\">\n            <a href=\"http:\/\/www.karate-neuhofen.at\/wp-content\/gallery\/10-sommercamp-2018\/Sommercamp20181898.JPG\"\n               title=\"\"\n               data-src=\"http:\/\/www.karate-neuhofen.at\/wp-content\/gallery\/10-sommercamp-2018\/Sommercamp20181898.JPG\"\n               data-thumbnail=\"http:\/\/www.karate-neuhofen.at\/wp-content\/gallery\/10-sommercamp-2018\/thumbs\/thumbs_Sommercamp20181898.JPG\"\n               data-image-id=\"21634\"\n               data-title=\"Sommercamp2018(1898)\"\n               data-description=\"\"\n               data-image-slug=\"sommercamp20181898\"\n               class=\"shutterset_14ea2dae3d90de67c1fc228ab12416d8\">\n                <img\n                    title=\"Sommercamp2018(1898)\"\n                    alt=\"Sommercamp2018(1898)\"\n                    src=\"http:\/\/www.karate-neuhofen.at\/wp-content\/gallery\/10-sommercamp-2018\/thumbs\/thumbs_Sommercamp20181898.JPG\"\n                    width=\"240\"\n                    height=\"160\"\n                    style=\"max-width:100%;\"\n                \/>\n            <\/a>\n        <\/div>\n\t\t\t\t\t\t\t<\/div> \n\t\t\t\n        \n\t\t\t\t<div id=\"ngg-image-898\" class=\"ngg-gallery-thumbnail-box\" >\n\t\t\t\t        <div class=\"ngg-gallery-thumbnail\">\n            <a href=\"http:\/\/www.karate-neuhofen.at\/wp-content\/gallery\/10-sommercamp-2018\/Sommercamp20181899.JPG\"\n               title=\"\"\n               data-src=\"http:\/\/www.karate-neuhofen.at\/wp-content\/gallery\/10-sommercamp-2018\/Sommercamp20181899.JPG\"\n               data-thumbnail=\"http:\/\/www.karate-neuhofen.at\/wp-content\/gallery\/10-sommercamp-2018\/thumbs\/thumbs_Sommercamp20181899.JPG\"\n               data-image-id=\"21635\"\n               data-title=\"Sommercamp2018(1899)\"\n               data-description=\"\"\n               data-image-slug=\"sommercamp20181899\"\n               class=\"shutterset_14ea2dae3d90de67c1fc228ab12416d8\">\n                <img\n                    title=\"Sommercamp2018(1899)\"\n                    alt=\"Sommercamp2018(1899)\"\n                    src=\"http:\/\/www.karate-neuhofen.at\/wp-content\/gallery\/10-sommercamp-2018\/thumbs\/thumbs_Sommercamp20181899.JPG\"\n                    width=\"240\"\n                    height=\"160\"\n                    style=\"max-width:100%;\"\n                \/>\n            <\/a>\n        <\/div>\n\t\t\t\t\t\t\t<\/div> \n\t\t\t\n        \n\t\t\t\t<div id=\"ngg-image-899\" class=\"ngg-gallery-thumbnail-box\" >\n\t\t\t\t        <div class=\"ngg-gallery-thumbnail\">\n            <a href=\"http:\/\/www.karate-neuhofen.at\/wp-content\/gallery\/10-sommercamp-2018\/Sommercamp20181900.JPG\"\n               title=\"\"\n               data-src=\"http:\/\/www.karate-neuhofen.at\/wp-content\/gallery\/10-sommercamp-2018\/Sommercamp20181900.JPG\"\n               data-thumbnail=\"http:\/\/www.karate-neuhofen.at\/wp-content\/gallery\/10-sommercamp-2018\/thumbs\/thumbs_Sommercamp20181900.JPG\"\n               data-image-id=\"21636\"\n               data-title=\"Sommercamp2018(1900)\"\n               data-description=\"\"\n               data-image-slug=\"sommercamp20181900\"\n               class=\"shutterset_14ea2dae3d90de67c1fc228ab12416d8\">\n                <img\n                    title=\"Sommercamp2018(1900)\"\n                    alt=\"Sommercamp2018(1900)\"\n                    src=\"http:\/\/www.karate-neuhofen.at\/wp-content\/gallery\/10-sommercamp-2018\/thumbs\/thumbs_Sommercamp20181900.JPG\"\n                    width=\"240\"\n                    height=\"160\"\n                    style=\"max-width:100%;\"\n                \/>\n            <\/a>\n        <\/div>\n\t\t\t\t\t\t\t<\/div> \n\t\t\t\n        \n\t\t\t\t<div id=\"ngg-image-900\" class=\"ngg-gallery-thumbnail-box\" >\n\t\t\t\t        <div class=\"ngg-gallery-thumbnail\">\n            <a href=\"http:\/\/www.karate-neuhofen.at\/wp-content\/gallery\/10-sommercamp-2018\/Sommercamp20181901.JPG\"\n               title=\"\"\n               data-src=\"http:\/\/www.karate-neuhofen.at\/wp-content\/gallery\/10-sommercamp-2018\/Sommercamp20181901.JPG\"\n               data-thumbnail=\"http:\/\/www.karate-neuhofen.at\/wp-content\/gallery\/10-sommercamp-2018\/thumbs\/thumbs_Sommercamp20181901.JPG\"\n               data-image-id=\"21637\"\n               data-title=\"Sommercamp2018(1901)\"\n               data-description=\"\"\n               data-image-slug=\"sommercamp20181901\"\n               class=\"shutterset_14ea2dae3d90de67c1fc228ab12416d8\">\n                <img\n                    title=\"Sommercamp2018(1901)\"\n                    alt=\"Sommercamp2018(1901)\"\n                    src=\"http:\/\/www.karate-neuhofen.at\/wp-content\/gallery\/10-sommercamp-2018\/thumbs\/thumbs_Sommercamp20181901.JPG\"\n                    width=\"240\"\n                    height=\"160\"\n                    style=\"max-width:100%;\"\n                \/>\n            <\/a>\n        <\/div>\n\t\t\t\t\t\t\t<\/div> \n\t\t\t\n        \n\t\t\t\t<div id=\"ngg-image-901\" class=\"ngg-gallery-thumbnail-box\" >\n\t\t\t\t        <div class=\"ngg-gallery-thumbnail\">\n            <a href=\"http:\/\/www.karate-neuhofen.at\/wp-content\/gallery\/10-sommercamp-2018\/Sommercamp20181902.JPG\"\n               title=\"\"\n               data-src=\"http:\/\/www.karate-neuhofen.at\/wp-content\/gallery\/10-sommercamp-2018\/Sommercamp20181902.JPG\"\n               data-thumbnail=\"http:\/\/www.karate-neuhofen.at\/wp-content\/gallery\/10-sommercamp-2018\/thumbs\/thumbs_Sommercamp20181902.JPG\"\n               data-image-id=\"21638\"\n               data-title=\"Sommercamp2018(1902)\"\n               data-description=\"\"\n               data-image-slug=\"sommercamp20181902\"\n               class=\"shutterset_14ea2dae3d90de67c1fc228ab12416d8\">\n                <img\n                    title=\"Sommercamp2018(1902)\"\n                    alt=\"Sommercamp2018(1902)\"\n                    src=\"http:\/\/www.karate-neuhofen.at\/wp-content\/gallery\/10-sommercamp-2018\/thumbs\/thumbs_Sommercamp20181902.JPG\"\n                    width=\"240\"\n                    height=\"160\"\n                    style=\"max-width:100%;\"\n                \/>\n            <\/a>\n        <\/div>\n\t\t\t\t\t\t\t<\/div> \n\t\t\t\n        \n\t\t\t\t<div id=\"ngg-image-902\" class=\"ngg-gallery-thumbnail-box\" >\n\t\t\t\t        <div class=\"ngg-gallery-thumbnail\">\n            <a href=\"http:\/\/www.karate-neuhofen.at\/wp-content\/gallery\/10-sommercamp-2018\/Sommercamp20181903.JPG\"\n               title=\"\"\n               data-src=\"http:\/\/www.karate-neuhofen.at\/wp-content\/gallery\/10-sommercamp-2018\/Sommercamp20181903.JPG\"\n               data-thumbnail=\"http:\/\/www.karate-neuhofen.at\/wp-content\/gallery\/10-sommercamp-2018\/thumbs\/thumbs_Sommercamp20181903.JPG\"\n               data-image-id=\"21639\"\n               data-title=\"Sommercamp2018(1903)\"\n               data-description=\"\"\n               data-image-slug=\"sommercamp20181903\"\n               class=\"shutterset_14ea2dae3d90de67c1fc228ab12416d8\">\n                <img\n                    title=\"Sommercamp2018(1903)\"\n                    alt=\"Sommercamp2018(1903)\"\n                    src=\"http:\/\/www.karate-neuhofen.at\/wp-content\/gallery\/10-sommercamp-2018\/thumbs\/thumbs_Sommercamp20181903.JPG\"\n                    width=\"240\"\n                    height=\"160\"\n                    style=\"max-width:100%;\"\n                \/>\n            <\/a>\n        <\/div>\n\t\t\t\t\t\t\t<\/div> \n\t\t\t\n        \n\t\t\t\t<div id=\"ngg-image-903\" class=\"ngg-gallery-thumbnail-box\" >\n\t\t\t\t        <div class=\"ngg-gallery-thumbnail\">\n            <a href=\"http:\/\/www.karate-neuhofen.at\/wp-content\/gallery\/10-sommercamp-2018\/Sommercamp20181904.JPG\"\n               title=\"\"\n               data-src=\"http:\/\/www.karate-neuhofen.at\/wp-content\/gallery\/10-sommercamp-2018\/Sommercamp20181904.JPG\"\n               data-thumbnail=\"http:\/\/www.karate-neuhofen.at\/wp-content\/gallery\/10-sommercamp-2018\/thumbs\/thumbs_Sommercamp20181904.JPG\"\n               data-image-id=\"21640\"\n               data-title=\"Sommercamp2018(1904)\"\n               data-description=\"\"\n               data-image-slug=\"sommercamp20181904\"\n               class=\"shutterset_14ea2dae3d90de67c1fc228ab12416d8\">\n                <img\n                    title=\"Sommercamp2018(1904)\"\n                    alt=\"Sommercamp2018(1904)\"\n                    src=\"http:\/\/www.karate-neuhofen.at\/wp-content\/gallery\/10-sommercamp-2018\/thumbs\/thumbs_Sommercamp20181904.JPG\"\n                    width=\"240\"\n                    height=\"160\"\n                    style=\"max-width:100%;\"\n                \/>\n            <\/a>\n        <\/div>\n\t\t\t\t\t\t\t<\/div> \n\t\t\t\n        \n\t\t\t\t<div id=\"ngg-image-904\" class=\"ngg-gallery-thumbnail-box\" >\n\t\t\t\t        <div class=\"ngg-gallery-thumbnail\">\n            <a href=\"http:\/\/www.karate-neuhofen.at\/wp-content\/gallery\/10-sommercamp-2018\/Sommercamp20181905.JPG\"\n               title=\"\"\n               data-src=\"http:\/\/www.karate-neuhofen.at\/wp-content\/gallery\/10-sommercamp-2018\/Sommercamp20181905.JPG\"\n               data-thumbnail=\"http:\/\/www.karate-neuhofen.at\/wp-content\/gallery\/10-sommercamp-2018\/thumbs\/thumbs_Sommercamp20181905.JPG\"\n               data-image-id=\"21641\"\n               data-title=\"Sommercamp2018(1905)\"\n               data-description=\"\"\n               data-image-slug=\"sommercamp20181905\"\n               class=\"shutterset_14ea2dae3d90de67c1fc228ab12416d8\">\n                <img\n                    title=\"Sommercamp2018(1905)\"\n                    alt=\"Sommercamp2018(1905)\"\n                    src=\"http:\/\/www.karate-neuhofen.at\/wp-content\/gallery\/10-sommercamp-2018\/thumbs\/thumbs_Sommercamp20181905.JPG\"\n                    width=\"240\"\n                    height=\"160\"\n                    style=\"max-width:100%;\"\n                \/>\n            <\/a>\n        <\/div>\n\t\t\t\t\t\t\t<\/div> \n\t\t\t\n        \n\t\t\t\t<div id=\"ngg-image-905\" class=\"ngg-gallery-thumbnail-box\" >\n\t\t\t\t        <div class=\"ngg-gallery-thumbnail\">\n            <a href=\"http:\/\/www.karate-neuhofen.at\/wp-content\/gallery\/10-sommercamp-2018\/Sommercamp20181906.JPG\"\n               title=\"\"\n               data-src=\"http:\/\/www.karate-neuhofen.at\/wp-content\/gallery\/10-sommercamp-2018\/Sommercamp20181906.JPG\"\n               data-thumbnail=\"http:\/\/www.karate-neuhofen.at\/wp-content\/gallery\/10-sommercamp-2018\/thumbs\/thumbs_Sommercamp20181906.JPG\"\n               data-image-id=\"21642\"\n               data-title=\"Sommercamp2018(1906)\"\n               data-description=\"\"\n               data-image-slug=\"sommercamp20181906\"\n               class=\"shutterset_14ea2dae3d90de67c1fc228ab12416d8\">\n                <img\n                    title=\"Sommercamp2018(1906)\"\n                    alt=\"Sommercamp2018(1906)\"\n                    src=\"http:\/\/www.karate-neuhofen.at\/wp-content\/gallery\/10-sommercamp-2018\/thumbs\/thumbs_Sommercamp20181906.JPG\"\n                    width=\"240\"\n                    height=\"160\"\n                    style=\"max-width:100%;\"\n                \/>\n            <\/a>\n        <\/div>\n\t\t\t\t\t\t\t<\/div> \n\t\t\t\n        \n\t\t\t\t<div id=\"ngg-image-906\" class=\"ngg-gallery-thumbnail-box\" >\n\t\t\t\t        <div class=\"ngg-gallery-thumbnail\">\n            <a href=\"http:\/\/www.karate-neuhofen.at\/wp-content\/gallery\/10-sommercamp-2018\/Sommercamp20181907.JPG\"\n               title=\"\"\n               data-src=\"http:\/\/www.karate-neuhofen.at\/wp-content\/gallery\/10-sommercamp-2018\/Sommercamp20181907.JPG\"\n               data-thumbnail=\"http:\/\/www.karate-neuhofen.at\/wp-content\/gallery\/10-sommercamp-2018\/thumbs\/thumbs_Sommercamp20181907.JPG\"\n               data-image-id=\"21643\"\n               data-title=\"Sommercamp2018(1907)\"\n               data-description=\"\"\n               data-image-slug=\"sommercamp20181907\"\n               class=\"shutterset_14ea2dae3d90de67c1fc228ab12416d8\">\n                <img\n                    title=\"Sommercamp2018(1907)\"\n                    alt=\"Sommercamp2018(1907)\"\n                    src=\"http:\/\/www.karate-neuhofen.at\/wp-content\/gallery\/10-sommercamp-2018\/thumbs\/thumbs_Sommercamp20181907.JPG\"\n                    width=\"240\"\n                    height=\"160\"\n                    style=\"max-width:100%;\"\n                \/>\n            <\/a>\n        <\/div>\n\t\t\t\t\t\t\t<\/div> \n\t\t\t\n        \n\t\t\t\t<div id=\"ngg-image-907\" class=\"ngg-gallery-thumbnail-box\" >\n\t\t\t\t        <div class=\"ngg-gallery-thumbnail\">\n            <a href=\"http:\/\/www.karate-neuhofen.at\/wp-content\/gallery\/10-sommercamp-2018\/Sommercamp20181908.JPG\"\n               title=\"\"\n               data-src=\"http:\/\/www.karate-neuhofen.at\/wp-content\/gallery\/10-sommercamp-2018\/Sommercamp20181908.JPG\"\n               data-thumbnail=\"http:\/\/www.karate-neuhofen.at\/wp-content\/gallery\/10-sommercamp-2018\/thumbs\/thumbs_Sommercamp20181908.JPG\"\n               data-image-id=\"21644\"\n               data-title=\"Sommercamp2018(1908)\"\n               data-description=\"\"\n               data-image-slug=\"sommercamp20181908\"\n               class=\"shutterset_14ea2dae3d90de67c1fc228ab12416d8\">\n                <img\n                    title=\"Sommercamp2018(1908)\"\n                    alt=\"Sommercamp2018(1908)\"\n                    src=\"http:\/\/www.karate-neuhofen.at\/wp-content\/gallery\/10-sommercamp-2018\/thumbs\/thumbs_Sommercamp20181908.JPG\"\n                    width=\"240\"\n                    height=\"160\"\n                    style=\"max-width:100%;\"\n                \/>\n            <\/a>\n        <\/div>\n\t\t\t\t\t\t\t<\/div> \n\t\t\t\n        \n\t\t\t\t<div id=\"ngg-image-908\" class=\"ngg-gallery-thumbnail-box\" >\n\t\t\t\t        <div class=\"ngg-gallery-thumbnail\">\n            <a href=\"http:\/\/www.karate-neuhofen.at\/wp-content\/gallery\/10-sommercamp-2018\/Sommercamp20181909.JPG\"\n               title=\"\"\n               data-src=\"http:\/\/www.karate-neuhofen.at\/wp-content\/gallery\/10-sommercamp-2018\/Sommercamp20181909.JPG\"\n               data-thumbnail=\"http:\/\/www.karate-neuhofen.at\/wp-content\/gallery\/10-sommercamp-2018\/thumbs\/thumbs_Sommercamp20181909.JPG\"\n               data-image-id=\"21645\"\n               data-title=\"Sommercamp2018(1909)\"\n               data-description=\"\"\n               data-image-slug=\"sommercamp20181909\"\n               class=\"shutterset_14ea2dae3d90de67c1fc228ab12416d8\">\n                <img\n                    title=\"Sommercamp2018(1909)\"\n                    alt=\"Sommercamp2018(1909)\"\n                    src=\"http:\/\/www.karate-neuhofen.at\/wp-content\/gallery\/10-sommercamp-2018\/thumbs\/thumbs_Sommercamp20181909.JPG\"\n                    width=\"240\"\n                    height=\"160\"\n                    style=\"max-width:100%;\"\n                \/>\n            <\/a>\n        <\/div>\n\t\t\t\t\t\t\t<\/div> \n\t\t\t\n        \n\t\t\t\t<div id=\"ngg-image-909\" class=\"ngg-gallery-thumbnail-box\" >\n\t\t\t\t        <div class=\"ngg-gallery-thumbnail\">\n            <a href=\"http:\/\/www.karate-neuhofen.at\/wp-content\/gallery\/10-sommercamp-2018\/Sommercamp20181910.JPG\"\n               title=\"\"\n               data-src=\"http:\/\/www.karate-neuhofen.at\/wp-content\/gallery\/10-sommercamp-2018\/Sommercamp20181910.JPG\"\n               data-thumbnail=\"http:\/\/www.karate-neuhofen.at\/wp-content\/gallery\/10-sommercamp-2018\/thumbs\/thumbs_Sommercamp20181910.JPG\"\n               data-image-id=\"21646\"\n               data-title=\"Sommercamp2018(1910)\"\n               data-description=\"\"\n               data-image-slug=\"sommercamp20181910\"\n               class=\"shutterset_14ea2dae3d90de67c1fc228ab12416d8\">\n                <img\n                    title=\"Sommercamp2018(1910)\"\n                    alt=\"Sommercamp2018(1910)\"\n                    src=\"http:\/\/www.karate-neuhofen.at\/wp-content\/gallery\/10-sommercamp-2018\/thumbs\/thumbs_Sommercamp20181910.JPG\"\n                    width=\"240\"\n                    height=\"160\"\n                    style=\"max-width:100%;\"\n                \/>\n            <\/a>\n        <\/div>\n\t\t\t\t\t\t\t<\/div> \n\t\t\t\n        \n\t\t\t\t<div id=\"ngg-image-910\" class=\"ngg-gallery-thumbnail-box\" >\n\t\t\t\t        <div class=\"ngg-gallery-thumbnail\">\n            <a href=\"http:\/\/www.karate-neuhofen.at\/wp-content\/gallery\/10-sommercamp-2018\/Sommercamp20181911.JPG\"\n               title=\"\"\n               data-src=\"http:\/\/www.karate-neuhofen.at\/wp-content\/gallery\/10-sommercamp-2018\/Sommercamp20181911.JPG\"\n               data-thumbnail=\"http:\/\/www.karate-neuhofen.at\/wp-content\/gallery\/10-sommercamp-2018\/thumbs\/thumbs_Sommercamp20181911.JPG\"\n               data-image-id=\"21647\"\n               data-title=\"Sommercamp2018(1911)\"\n               data-description=\"\"\n               data-image-slug=\"sommercamp20181911\"\n               class=\"shutterset_14ea2dae3d90de67c1fc228ab12416d8\">\n                <img\n                    title=\"Sommercamp2018(1911)\"\n                    alt=\"Sommercamp2018(1911)\"\n                    src=\"http:\/\/www.karate-neuhofen.at\/wp-content\/gallery\/10-sommercamp-2018\/thumbs\/thumbs_Sommercamp20181911.JPG\"\n                    width=\"240\"\n                    height=\"160\"\n                    style=\"max-width:100%;\"\n                \/>\n            <\/a>\n        <\/div>\n\t\t\t\t\t\t\t<\/div> \n\t\t\t\n        \n\t\t\t\t<div id=\"ngg-image-911\" class=\"ngg-gallery-thumbnail-box\" >\n\t\t\t\t        <div class=\"ngg-gallery-thumbnail\">\n            <a href=\"http:\/\/www.karate-neuhofen.at\/wp-content\/gallery\/10-sommercamp-2018\/Sommercamp20181912.JPG\"\n               title=\"\"\n               data-src=\"http:\/\/www.karate-neuhofen.at\/wp-content\/gallery\/10-sommercamp-2018\/Sommercamp20181912.JPG\"\n               data-thumbnail=\"http:\/\/www.karate-neuhofen.at\/wp-content\/gallery\/10-sommercamp-2018\/thumbs\/thumbs_Sommercamp20181912.JPG\"\n               data-image-id=\"21648\"\n               data-title=\"Sommercamp2018(1912)\"\n               data-description=\"\"\n               data-image-slug=\"sommercamp20181912\"\n               class=\"shutterset_14ea2dae3d90de67c1fc228ab12416d8\">\n                <img\n                    title=\"Sommercamp2018(1912)\"\n                    alt=\"Sommercamp2018(1912)\"\n                    src=\"http:\/\/www.karate-neuhofen.at\/wp-content\/gallery\/10-sommercamp-2018\/thumbs\/thumbs_Sommercamp20181912.JPG\"\n                    width=\"240\"\n                    height=\"160\"\n                    style=\"max-width:100%;\"\n                \/>\n            <\/a>\n        <\/div>\n\t\t\t\t\t\t\t<\/div> \n\t\t\t\n        \n\t\t\t\t<div id=\"ngg-image-912\" class=\"ngg-gallery-thumbnail-box\" >\n\t\t\t\t        <div class=\"ngg-gallery-thumbnail\">\n            <a href=\"http:\/\/www.karate-neuhofen.at\/wp-content\/gallery\/10-sommercamp-2018\/Sommercamp20181913.JPG\"\n               title=\"\"\n               data-src=\"http:\/\/www.karate-neuhofen.at\/wp-content\/gallery\/10-sommercamp-2018\/Sommercamp20181913.JPG\"\n               data-thumbnail=\"http:\/\/www.karate-neuhofen.at\/wp-content\/gallery\/10-sommercamp-2018\/thumbs\/thumbs_Sommercamp20181913.JPG\"\n               data-image-id=\"21649\"\n               data-title=\"Sommercamp2018(1913)\"\n               data-description=\"\"\n               data-image-slug=\"sommercamp20181913\"\n               class=\"shutterset_14ea2dae3d90de67c1fc228ab12416d8\">\n                <img\n                    title=\"Sommercamp2018(1913)\"\n                    alt=\"Sommercamp2018(1913)\"\n                    src=\"http:\/\/www.karate-neuhofen.at\/wp-content\/gallery\/10-sommercamp-2018\/thumbs\/thumbs_Sommercamp20181913.JPG\"\n                    width=\"240\"\n                    height=\"160\"\n                    style=\"max-width:100%;\"\n                \/>\n            <\/a>\n        <\/div>\n\t\t\t\t\t\t\t<\/div> \n\t\t\t\n        \n\t\t\t\t<div id=\"ngg-image-913\" class=\"ngg-gallery-thumbnail-box\" >\n\t\t\t\t        <div class=\"ngg-gallery-thumbnail\">\n            <a href=\"http:\/\/www.karate-neuhofen.at\/wp-content\/gallery\/10-sommercamp-2018\/Sommercamp20181914.JPG\"\n               title=\"\"\n               data-src=\"http:\/\/www.karate-neuhofen.at\/wp-content\/gallery\/10-sommercamp-2018\/Sommercamp20181914.JPG\"\n               data-thumbnail=\"http:\/\/www.karate-neuhofen.at\/wp-content\/gallery\/10-sommercamp-2018\/thumbs\/thumbs_Sommercamp20181914.JPG\"\n               data-image-id=\"21650\"\n               data-title=\"Sommercamp2018(1914)\"\n               data-description=\"\"\n               data-image-slug=\"sommercamp20181914\"\n               class=\"shutterset_14ea2dae3d90de67c1fc228ab12416d8\">\n                <img\n                    title=\"Sommercamp2018(1914)\"\n                    alt=\"Sommercamp2018(1914)\"\n                    src=\"http:\/\/www.karate-neuhofen.at\/wp-content\/gallery\/10-sommercamp-2018\/thumbs\/thumbs_Sommercamp20181914.JPG\"\n                    width=\"240\"\n                    height=\"160\"\n                    style=\"max-width:100%;\"\n                \/>\n            <\/a>\n        <\/div>\n\t\t\t\t\t\t\t<\/div> \n\t\t\t\n        \n\t\t\t\t<div id=\"ngg-image-914\" class=\"ngg-gallery-thumbnail-box\" >\n\t\t\t\t        <div class=\"ngg-gallery-thumbnail\">\n            <a href=\"http:\/\/www.karate-neuhofen.at\/wp-content\/gallery\/10-sommercamp-2018\/Sommercamp20181915.JPG\"\n               title=\"\"\n               data-src=\"http:\/\/www.karate-neuhofen.at\/wp-content\/gallery\/10-sommercamp-2018\/Sommercamp20181915.JPG\"\n               data-thumbnail=\"http:\/\/www.karate-neuhofen.at\/wp-content\/gallery\/10-sommercamp-2018\/thumbs\/thumbs_Sommercamp20181915.JPG\"\n               data-image-id=\"21651\"\n               data-title=\"Sommercamp2018(1915)\"\n               data-description=\"\"\n               data-image-slug=\"sommercamp20181915\"\n               class=\"shutterset_14ea2dae3d90de67c1fc228ab12416d8\">\n                <img\n                    title=\"Sommercamp2018(1915)\"\n                    alt=\"Sommercamp2018(1915)\"\n                    src=\"http:\/\/www.karate-neuhofen.at\/wp-content\/gallery\/10-sommercamp-2018\/thumbs\/thumbs_Sommercamp20181915.JPG\"\n                    width=\"240\"\n                    height=\"160\"\n                    style=\"max-width:100%;\"\n                \/>\n            <\/a>\n        <\/div>\n\t\t\t\t\t\t\t<\/div> \n\t\t\t\n        \n\t\t\t\t<div id=\"ngg-image-915\" class=\"ngg-gallery-thumbnail-box\" >\n\t\t\t\t        <div class=\"ngg-gallery-thumbnail\">\n            <a href=\"http:\/\/www.karate-neuhofen.at\/wp-content\/gallery\/10-sommercamp-2018\/Sommercamp20181916.JPG\"\n               title=\"\"\n               data-src=\"http:\/\/www.karate-neuhofen.at\/wp-content\/gallery\/10-sommercamp-2018\/Sommercamp20181916.JPG\"\n               data-thumbnail=\"http:\/\/www.karate-neuhofen.at\/wp-content\/gallery\/10-sommercamp-2018\/thumbs\/thumbs_Sommercamp20181916.JPG\"\n               data-image-id=\"21652\"\n               data-title=\"Sommercamp2018(1916)\"\n               data-description=\"\"\n               data-image-slug=\"sommercamp20181916\"\n               class=\"shutterset_14ea2dae3d90de67c1fc228ab12416d8\">\n                <img\n                    title=\"Sommercamp2018(1916)\"\n                    alt=\"Sommercamp2018(1916)\"\n                    src=\"http:\/\/www.karate-neuhofen.at\/wp-content\/gallery\/10-sommercamp-2018\/thumbs\/thumbs_Sommercamp20181916.JPG\"\n                    width=\"240\"\n                    height=\"160\"\n                    style=\"max-width:100%;\"\n                \/>\n            <\/a>\n        <\/div>\n\t\t\t\t\t\t\t<\/div> \n\t\t\t\n        \n\t\t\t\t<div id=\"ngg-image-916\" class=\"ngg-gallery-thumbnail-box\" >\n\t\t\t\t        <div class=\"ngg-gallery-thumbnail\">\n            <a href=\"http:\/\/www.karate-neuhofen.at\/wp-content\/gallery\/10-sommercamp-2018\/Sommercamp20181917.JPG\"\n               title=\"\"\n               data-src=\"http:\/\/www.karate-neuhofen.at\/wp-content\/gallery\/10-sommercamp-2018\/Sommercamp20181917.JPG\"\n               data-thumbnail=\"http:\/\/www.karate-neuhofen.at\/wp-content\/gallery\/10-sommercamp-2018\/thumbs\/thumbs_Sommercamp20181917.JPG\"\n               data-image-id=\"21653\"\n               data-title=\"Sommercamp2018(1917)\"\n               data-description=\"\"\n               data-image-slug=\"sommercamp20181917\"\n               class=\"shutterset_14ea2dae3d90de67c1fc228ab12416d8\">\n                <img\n                    title=\"Sommercamp2018(1917)\"\n                    alt=\"Sommercamp2018(1917)\"\n                    src=\"http:\/\/www.karate-neuhofen.at\/wp-content\/gallery\/10-sommercamp-2018\/thumbs\/thumbs_Sommercamp20181917.JPG\"\n                    width=\"240\"\n                    height=\"160\"\n                    style=\"max-width:100%;\"\n                \/>\n            <\/a>\n        <\/div>\n\t\t\t\t\t\t\t<\/div> \n\t\t\t\n        \n\t\t\t\t<div id=\"ngg-image-917\" class=\"ngg-gallery-thumbnail-box\" >\n\t\t\t\t        <div class=\"ngg-gallery-thumbnail\">\n            <a href=\"http:\/\/www.karate-neuhofen.at\/wp-content\/gallery\/10-sommercamp-2018\/Sommercamp20181918.JPG\"\n               title=\"\"\n               data-src=\"http:\/\/www.karate-neuhofen.at\/wp-content\/gallery\/10-sommercamp-2018\/Sommercamp20181918.JPG\"\n               data-thumbnail=\"http:\/\/www.karate-neuhofen.at\/wp-content\/gallery\/10-sommercamp-2018\/thumbs\/thumbs_Sommercamp20181918.JPG\"\n               data-image-id=\"21654\"\n               data-title=\"Sommercamp2018(1918)\"\n               data-description=\"\"\n               data-image-slug=\"sommercamp20181918\"\n               class=\"shutterset_14ea2dae3d90de67c1fc228ab12416d8\">\n                <img\n                    title=\"Sommercamp2018(1918)\"\n                    alt=\"Sommercamp2018(1918)\"\n                    src=\"http:\/\/www.karate-neuhofen.at\/wp-content\/gallery\/10-sommercamp-2018\/thumbs\/thumbs_Sommercamp20181918.JPG\"\n                    width=\"240\"\n                    height=\"160\"\n                    style=\"max-width:100%;\"\n                \/>\n            <\/a>\n        <\/div>\n\t\t\t\t\t\t\t<\/div> \n\t\t\t\n        \n\t\t\t\t<div id=\"ngg-image-918\" class=\"ngg-gallery-thumbnail-box\" >\n\t\t\t\t        <div class=\"ngg-gallery-thumbnail\">\n            <a href=\"http:\/\/www.karate-neuhofen.at\/wp-content\/gallery\/10-sommercamp-2018\/Sommercamp20181919.JPG\"\n               title=\"\"\n               data-src=\"http:\/\/www.karate-neuhofen.at\/wp-content\/gallery\/10-sommercamp-2018\/Sommercamp20181919.JPG\"\n               data-thumbnail=\"http:\/\/www.karate-neuhofen.at\/wp-content\/gallery\/10-sommercamp-2018\/thumbs\/thumbs_Sommercamp20181919.JPG\"\n               data-image-id=\"21655\"\n               data-title=\"Sommercamp2018(1919)\"\n               data-description=\"\"\n               data-image-slug=\"sommercamp20181919\"\n               class=\"shutterset_14ea2dae3d90de67c1fc228ab12416d8\">\n                <img\n                    title=\"Sommercamp2018(1919)\"\n                    alt=\"Sommercamp2018(1919)\"\n                    src=\"http:\/\/www.karate-neuhofen.at\/wp-content\/gallery\/10-sommercamp-2018\/thumbs\/thumbs_Sommercamp20181919.JPG\"\n                    width=\"240\"\n                    height=\"160\"\n                    style=\"max-width:100%;\"\n                \/>\n            <\/a>\n        <\/div>\n\t\t\t\t\t\t\t<\/div> \n\t\t\t\n        \n\t\t\t\t<div id=\"ngg-image-919\" class=\"ngg-gallery-thumbnail-box\" >\n\t\t\t\t        <div class=\"ngg-gallery-thumbnail\">\n            <a href=\"http:\/\/www.karate-neuhofen.at\/wp-content\/gallery\/10-sommercamp-2018\/Sommercamp20181920.JPG\"\n               title=\"\"\n               data-src=\"http:\/\/www.karate-neuhofen.at\/wp-content\/gallery\/10-sommercamp-2018\/Sommercamp20181920.JPG\"\n               data-thumbnail=\"http:\/\/www.karate-neuhofen.at\/wp-content\/gallery\/10-sommercamp-2018\/thumbs\/thumbs_Sommercamp20181920.JPG\"\n               data-image-id=\"21656\"\n               data-title=\"Sommercamp2018(1920)\"\n               data-description=\"\"\n               data-image-slug=\"sommercamp20181920\"\n               class=\"shutterset_14ea2dae3d90de67c1fc228ab12416d8\">\n                <img\n                    title=\"Sommercamp2018(1920)\"\n                    alt=\"Sommercamp2018(1920)\"\n                    src=\"http:\/\/www.karate-neuhofen.at\/wp-content\/gallery\/10-sommercamp-2018\/thumbs\/thumbs_Sommercamp20181920.JPG\"\n                    width=\"240\"\n                    height=\"160\"\n                    style=\"max-width:100%;\"\n                \/>\n            <\/a>\n        <\/div>\n\t\t\t\t\t\t\t<\/div> \n\t\t\t\n        \n\t\t\t\t<div id=\"ngg-image-920\" class=\"ngg-gallery-thumbnail-box\" >\n\t\t\t\t        <div class=\"ngg-gallery-thumbnail\">\n            <a href=\"http:\/\/www.karate-neuhofen.at\/wp-content\/gallery\/10-sommercamp-2018\/Sommercamp20181921.JPG\"\n               title=\"\"\n               data-src=\"http:\/\/www.karate-neuhofen.at\/wp-content\/gallery\/10-sommercamp-2018\/Sommercamp20181921.JPG\"\n               data-thumbnail=\"http:\/\/www.karate-neuhofen.at\/wp-content\/gallery\/10-sommercamp-2018\/thumbs\/thumbs_Sommercamp20181921.JPG\"\n               data-image-id=\"21657\"\n               data-title=\"Sommercamp2018(1921)\"\n               data-description=\"\"\n               data-image-slug=\"sommercamp20181921\"\n               class=\"shutterset_14ea2dae3d90de67c1fc228ab12416d8\">\n                <img\n                    title=\"Sommercamp2018(1921)\"\n                    alt=\"Sommercamp2018(1921)\"\n                    src=\"http:\/\/www.karate-neuhofen.at\/wp-content\/gallery\/10-sommercamp-2018\/thumbs\/thumbs_Sommercamp20181921.JPG\"\n                    width=\"240\"\n                    height=\"160\"\n                    style=\"max-width:100%;\"\n                \/>\n            <\/a>\n        <\/div>\n\t\t\t\t\t\t\t<\/div> \n\t\t\t\n        \n\t\t\t\t<div id=\"ngg-image-921\" class=\"ngg-gallery-thumbnail-box\" >\n\t\t\t\t        <div class=\"ngg-gallery-thumbnail\">\n            <a href=\"http:\/\/www.karate-neuhofen.at\/wp-content\/gallery\/10-sommercamp-2018\/Sommercamp20181922.JPG\"\n               title=\"\"\n               data-src=\"http:\/\/www.karate-neuhofen.at\/wp-content\/gallery\/10-sommercamp-2018\/Sommercamp20181922.JPG\"\n               data-thumbnail=\"http:\/\/www.karate-neuhofen.at\/wp-content\/gallery\/10-sommercamp-2018\/thumbs\/thumbs_Sommercamp20181922.JPG\"\n               data-image-id=\"21658\"\n               data-title=\"Sommercamp2018(1922)\"\n               data-description=\"\"\n               data-image-slug=\"sommercamp20181922\"\n               class=\"shutterset_14ea2dae3d90de67c1fc228ab12416d8\">\n                <img\n                    title=\"Sommercamp2018(1922)\"\n                    alt=\"Sommercamp2018(1922)\"\n                    src=\"http:\/\/www.karate-neuhofen.at\/wp-content\/gallery\/10-sommercamp-2018\/thumbs\/thumbs_Sommercamp20181922.JPG\"\n                    width=\"240\"\n                    height=\"160\"\n                    style=\"max-width:100%;\"\n                \/>\n            <\/a>\n        <\/div>\n\t\t\t\t\t\t\t<\/div> \n\t\t\t\n        \n\t\t\t\t<div id=\"ngg-image-922\" class=\"ngg-gallery-thumbnail-box\" >\n\t\t\t\t        <div class=\"ngg-gallery-thumbnail\">\n            <a href=\"http:\/\/www.karate-neuhofen.at\/wp-content\/gallery\/10-sommercamp-2018\/Sommercamp20181923.JPG\"\n               title=\"\"\n               data-src=\"http:\/\/www.karate-neuhofen.at\/wp-content\/gallery\/10-sommercamp-2018\/Sommercamp20181923.JPG\"\n               data-thumbnail=\"http:\/\/www.karate-neuhofen.at\/wp-content\/gallery\/10-sommercamp-2018\/thumbs\/thumbs_Sommercamp20181923.JPG\"\n               data-image-id=\"21659\"\n               data-title=\"Sommercamp2018(1923)\"\n               data-description=\"\"\n               data-image-slug=\"sommercamp20181923\"\n               class=\"shutterset_14ea2dae3d90de67c1fc228ab12416d8\">\n                <img\n                    title=\"Sommercamp2018(1923)\"\n                    alt=\"Sommercamp2018(1923)\"\n                    src=\"http:\/\/www.karate-neuhofen.at\/wp-content\/gallery\/10-sommercamp-2018\/thumbs\/thumbs_Sommercamp20181923.JPG\"\n                    width=\"240\"\n                    height=\"160\"\n                    style=\"max-width:100%;\"\n                \/>\n            <\/a>\n        <\/div>\n\t\t\t\t\t\t\t<\/div> \n\t\t\t\n        \n\t\t\t\t<div id=\"ngg-image-923\" class=\"ngg-gallery-thumbnail-box\" >\n\t\t\t\t        <div class=\"ngg-gallery-thumbnail\">\n            <a href=\"http:\/\/www.karate-neuhofen.at\/wp-content\/gallery\/10-sommercamp-2018\/Sommercamp20181924.JPG\"\n               title=\"\"\n               data-src=\"http:\/\/www.karate-neuhofen.at\/wp-content\/gallery\/10-sommercamp-2018\/Sommercamp20181924.JPG\"\n               data-thumbnail=\"http:\/\/www.karate-neuhofen.at\/wp-content\/gallery\/10-sommercamp-2018\/thumbs\/thumbs_Sommercamp20181924.JPG\"\n               data-image-id=\"21660\"\n               data-title=\"Sommercamp2018(1924)\"\n               data-description=\"\"\n               data-image-slug=\"sommercamp20181924\"\n               class=\"shutterset_14ea2dae3d90de67c1fc228ab12416d8\">\n                <img\n                    title=\"Sommercamp2018(1924)\"\n                    alt=\"Sommercamp2018(1924)\"\n                    src=\"http:\/\/www.karate-neuhofen.at\/wp-content\/gallery\/10-sommercamp-2018\/thumbs\/thumbs_Sommercamp20181924.JPG\"\n                    width=\"240\"\n                    height=\"160\"\n                    style=\"max-width:100%;\"\n                \/>\n            <\/a>\n        <\/div>\n\t\t\t\t\t\t\t<\/div> \n\t\t\t\n        \n\t\t\t\t<div id=\"ngg-image-924\" class=\"ngg-gallery-thumbnail-box\" >\n\t\t\t\t        <div class=\"ngg-gallery-thumbnail\">\n            <a href=\"http:\/\/www.karate-neuhofen.at\/wp-content\/gallery\/10-sommercamp-2018\/Sommercamp20181925.JPG\"\n               title=\"\"\n               data-src=\"http:\/\/www.karate-neuhofen.at\/wp-content\/gallery\/10-sommercamp-2018\/Sommercamp20181925.JPG\"\n               data-thumbnail=\"http:\/\/www.karate-neuhofen.at\/wp-content\/gallery\/10-sommercamp-2018\/thumbs\/thumbs_Sommercamp20181925.JPG\"\n               data-image-id=\"21661\"\n               data-title=\"Sommercamp2018(1925)\"\n               data-description=\"\"\n               data-image-slug=\"sommercamp20181925\"\n               class=\"shutterset_14ea2dae3d90de67c1fc228ab12416d8\">\n                <img\n                    title=\"Sommercamp2018(1925)\"\n                    alt=\"Sommercamp2018(1925)\"\n                    src=\"http:\/\/www.karate-neuhofen.at\/wp-content\/gallery\/10-sommercamp-2018\/thumbs\/thumbs_Sommercamp20181925.JPG\"\n                    width=\"240\"\n                    height=\"160\"\n                    style=\"max-width:100%;\"\n                \/>\n            <\/a>\n        <\/div>\n\t\t\t\t\t\t\t<\/div> \n\t\t\t\n        \n\t\t\t\t<div id=\"ngg-image-925\" class=\"ngg-gallery-thumbnail-box\" >\n\t\t\t\t        <div class=\"ngg-gallery-thumbnail\">\n            <a href=\"http:\/\/www.karate-neuhofen.at\/wp-content\/gallery\/10-sommercamp-2018\/Sommercamp20181926.JPG\"\n               title=\"\"\n               data-src=\"http:\/\/www.karate-neuhofen.at\/wp-content\/gallery\/10-sommercamp-2018\/Sommercamp20181926.JPG\"\n               data-thumbnail=\"http:\/\/www.karate-neuhofen.at\/wp-content\/gallery\/10-sommercamp-2018\/thumbs\/thumbs_Sommercamp20181926.JPG\"\n               data-image-id=\"21662\"\n               data-title=\"Sommercamp2018(1926)\"\n               data-description=\"\"\n               data-image-slug=\"sommercamp20181926\"\n               class=\"shutterset_14ea2dae3d90de67c1fc228ab12416d8\">\n                <img\n                    title=\"Sommercamp2018(1926)\"\n                    alt=\"Sommercamp2018(1926)\"\n                    src=\"http:\/\/www.karate-neuhofen.at\/wp-content\/gallery\/10-sommercamp-2018\/thumbs\/thumbs_Sommercamp20181926.JPG\"\n                    width=\"240\"\n                    height=\"160\"\n                    style=\"max-width:100%;\"\n                \/>\n            <\/a>\n        <\/div>\n\t\t\t\t\t\t\t<\/div> \n\t\t\t\n        \n\t\t\t\t<div id=\"ngg-image-926\" class=\"ngg-gallery-thumbnail-box\" >\n\t\t\t\t        <div class=\"ngg-gallery-thumbnail\">\n            <a href=\"http:\/\/www.karate-neuhofen.at\/wp-content\/gallery\/10-sommercamp-2018\/Sommercamp20181927.JPG\"\n               title=\"\"\n               data-src=\"http:\/\/www.karate-neuhofen.at\/wp-content\/gallery\/10-sommercamp-2018\/Sommercamp20181927.JPG\"\n               data-thumbnail=\"http:\/\/www.karate-neuhofen.at\/wp-content\/gallery\/10-sommercamp-2018\/thumbs\/thumbs_Sommercamp20181927.JPG\"\n               data-image-id=\"21663\"\n               data-title=\"Sommercamp2018(1927)\"\n               data-description=\"\"\n               data-image-slug=\"sommercamp20181927\"\n               class=\"shutterset_14ea2dae3d90de67c1fc228ab12416d8\">\n                <img\n                    title=\"Sommercamp2018(1927)\"\n                    alt=\"Sommercamp2018(1927)\"\n                    src=\"http:\/\/www.karate-neuhofen.at\/wp-content\/gallery\/10-sommercamp-2018\/thumbs\/thumbs_Sommercamp20181927.JPG\"\n                    width=\"240\"\n                    height=\"160\"\n                    style=\"max-width:100%;\"\n                \/>\n            <\/a>\n        <\/div>\n\t\t\t\t\t\t\t<\/div> \n\t\t\t\n        \n\t\t\t\t<div id=\"ngg-image-927\" class=\"ngg-gallery-thumbnail-box\" >\n\t\t\t\t        <div class=\"ngg-gallery-thumbnail\">\n            <a href=\"http:\/\/www.karate-neuhofen.at\/wp-content\/gallery\/10-sommercamp-2018\/Sommercamp20181928.JPG\"\n               title=\"\"\n               data-src=\"http:\/\/www.karate-neuhofen.at\/wp-content\/gallery\/10-sommercamp-2018\/Sommercamp20181928.JPG\"\n               data-thumbnail=\"http:\/\/www.karate-neuhofen.at\/wp-content\/gallery\/10-sommercamp-2018\/thumbs\/thumbs_Sommercamp20181928.JPG\"\n               data-image-id=\"21664\"\n               data-title=\"Sommercamp2018(1928)\"\n               data-description=\"\"\n               data-image-slug=\"sommercamp20181928\"\n               class=\"shutterset_14ea2dae3d90de67c1fc228ab12416d8\">\n                <img\n                    title=\"Sommercamp2018(1928)\"\n                    alt=\"Sommercamp2018(1928)\"\n                    src=\"http:\/\/www.karate-neuhofen.at\/wp-content\/gallery\/10-sommercamp-2018\/thumbs\/thumbs_Sommercamp20181928.JPG\"\n                    width=\"240\"\n                    height=\"160\"\n                    style=\"max-width:100%;\"\n                \/>\n            <\/a>\n        <\/div>\n\t\t\t\t\t\t\t<\/div> \n\t\t\t\n        \n\t\t\t\t<div id=\"ngg-image-928\" class=\"ngg-gallery-thumbnail-box\" >\n\t\t\t\t        <div class=\"ngg-gallery-thumbnail\">\n            <a href=\"http:\/\/www.karate-neuhofen.at\/wp-content\/gallery\/10-sommercamp-2018\/Sommercamp20181929.JPG\"\n               title=\"\"\n               data-src=\"http:\/\/www.karate-neuhofen.at\/wp-content\/gallery\/10-sommercamp-2018\/Sommercamp20181929.JPG\"\n               data-thumbnail=\"http:\/\/www.karate-neuhofen.at\/wp-content\/gallery\/10-sommercamp-2018\/thumbs\/thumbs_Sommercamp20181929.JPG\"\n               data-image-id=\"21665\"\n               data-title=\"Sommercamp2018(1929)\"\n               data-description=\"\"\n               data-image-slug=\"sommercamp20181929\"\n               class=\"shutterset_14ea2dae3d90de67c1fc228ab12416d8\">\n                <img\n                    title=\"Sommercamp2018(1929)\"\n                    alt=\"Sommercamp2018(1929)\"\n                    src=\"http:\/\/www.karate-neuhofen.at\/wp-content\/gallery\/10-sommercamp-2018\/thumbs\/thumbs_Sommercamp20181929.JPG\"\n                    width=\"240\"\n                    height=\"160\"\n                    style=\"max-width:100%;\"\n                \/>\n            <\/a>\n        <\/div>\n\t\t\t\t\t\t\t<\/div> \n\t\t\t\n        \n\t\t\t\t<div id=\"ngg-image-929\" class=\"ngg-gallery-thumbnail-box\" >\n\t\t\t\t        <div class=\"ngg-gallery-thumbnail\">\n            <a href=\"http:\/\/www.karate-neuhofen.at\/wp-content\/gallery\/10-sommercamp-2018\/Sommercamp20181930.JPG\"\n               title=\"\"\n               data-src=\"http:\/\/www.karate-neuhofen.at\/wp-content\/gallery\/10-sommercamp-2018\/Sommercamp20181930.JPG\"\n               data-thumbnail=\"http:\/\/www.karate-neuhofen.at\/wp-content\/gallery\/10-sommercamp-2018\/thumbs\/thumbs_Sommercamp20181930.JPG\"\n               data-image-id=\"21666\"\n               data-title=\"Sommercamp2018(1930)\"\n               data-description=\"\"\n               data-image-slug=\"sommercamp20181930\"\n               class=\"shutterset_14ea2dae3d90de67c1fc228ab12416d8\">\n                <img\n                    title=\"Sommercamp2018(1930)\"\n                    alt=\"Sommercamp2018(1930)\"\n                    src=\"http:\/\/www.karate-neuhofen.at\/wp-content\/gallery\/10-sommercamp-2018\/thumbs\/thumbs_Sommercamp20181930.JPG\"\n                    width=\"240\"\n                    height=\"160\"\n                    style=\"max-width:100%;\"\n                \/>\n            <\/a>\n        <\/div>\n\t\t\t\t\t\t\t<\/div> \n\t\t\t\n        \n\t\t\t\t<div id=\"ngg-image-930\" class=\"ngg-gallery-thumbnail-box\" >\n\t\t\t\t        <div class=\"ngg-gallery-thumbnail\">\n            <a href=\"http:\/\/www.karate-neuhofen.at\/wp-content\/gallery\/10-sommercamp-2018\/Sommercamp20181931.JPG\"\n               title=\"\"\n               data-src=\"http:\/\/www.karate-neuhofen.at\/wp-content\/gallery\/10-sommercamp-2018\/Sommercamp20181931.JPG\"\n               data-thumbnail=\"http:\/\/www.karate-neuhofen.at\/wp-content\/gallery\/10-sommercamp-2018\/thumbs\/thumbs_Sommercamp20181931.JPG\"\n               data-image-id=\"21667\"\n               data-title=\"Sommercamp2018(1931)\"\n               data-description=\"\"\n               data-image-slug=\"sommercamp20181931\"\n               class=\"shutterset_14ea2dae3d90de67c1fc228ab12416d8\">\n                <img\n                    title=\"Sommercamp2018(1931)\"\n                    alt=\"Sommercamp2018(1931)\"\n                    src=\"http:\/\/www.karate-neuhofen.at\/wp-content\/gallery\/10-sommercamp-2018\/thumbs\/thumbs_Sommercamp20181931.JPG\"\n                    width=\"240\"\n                    height=\"160\"\n                    style=\"max-width:100%;\"\n                \/>\n            <\/a>\n        <\/div>\n\t\t\t\t\t\t\t<\/div> \n\t\t\t\n        \n\t\t\t\t<div id=\"ngg-image-931\" class=\"ngg-gallery-thumbnail-box\" >\n\t\t\t\t        <div class=\"ngg-gallery-thumbnail\">\n            <a href=\"http:\/\/www.karate-neuhofen.at\/wp-content\/gallery\/10-sommercamp-2018\/Sommercamp20181932.JPG\"\n               title=\"\"\n               data-src=\"http:\/\/www.karate-neuhofen.at\/wp-content\/gallery\/10-sommercamp-2018\/Sommercamp20181932.JPG\"\n               data-thumbnail=\"http:\/\/www.karate-neuhofen.at\/wp-content\/gallery\/10-sommercamp-2018\/thumbs\/thumbs_Sommercamp20181932.JPG\"\n               data-image-id=\"21668\"\n               data-title=\"Sommercamp2018(1932)\"\n               data-description=\"\"\n               data-image-slug=\"sommercamp20181932\"\n               class=\"shutterset_14ea2dae3d90de67c1fc228ab12416d8\">\n                <img\n                    title=\"Sommercamp2018(1932)\"\n                    alt=\"Sommercamp2018(1932)\"\n                    src=\"http:\/\/www.karate-neuhofen.at\/wp-content\/gallery\/10-sommercamp-2018\/thumbs\/thumbs_Sommercamp20181932.JPG\"\n                    width=\"240\"\n                    height=\"160\"\n                    style=\"max-width:100%;\"\n                \/>\n            <\/a>\n        <\/div>\n\t\t\t\t\t\t\t<\/div> \n\t\t\t\n        \n\t\t\t\t<div id=\"ngg-image-932\" class=\"ngg-gallery-thumbnail-box\" >\n\t\t\t\t        <div class=\"ngg-gallery-thumbnail\">\n            <a href=\"http:\/\/www.karate-neuhofen.at\/wp-content\/gallery\/10-sommercamp-2018\/Sommercamp20181933.JPG\"\n               title=\"\"\n               data-src=\"http:\/\/www.karate-neuhofen.at\/wp-content\/gallery\/10-sommercamp-2018\/Sommercamp20181933.JPG\"\n               data-thumbnail=\"http:\/\/www.karate-neuhofen.at\/wp-content\/gallery\/10-sommercamp-2018\/thumbs\/thumbs_Sommercamp20181933.JPG\"\n               data-image-id=\"21669\"\n               data-title=\"Sommercamp2018(1933)\"\n               data-description=\"\"\n               data-image-slug=\"sommercamp20181933\"\n               class=\"shutterset_14ea2dae3d90de67c1fc228ab12416d8\">\n                <img\n                    title=\"Sommercamp2018(1933)\"\n                    alt=\"Sommercamp2018(1933)\"\n                    src=\"http:\/\/www.karate-neuhofen.at\/wp-content\/gallery\/10-sommercamp-2018\/thumbs\/thumbs_Sommercamp20181933.JPG\"\n                    width=\"240\"\n                    height=\"160\"\n                    style=\"max-width:100%;\"\n                \/>\n            <\/a>\n        <\/div>\n\t\t\t\t\t\t\t<\/div> \n\t\t\t\n        \n\t\t\t\t<div id=\"ngg-image-933\" class=\"ngg-gallery-thumbnail-box\" >\n\t\t\t\t        <div class=\"ngg-gallery-thumbnail\">\n            <a href=\"http:\/\/www.karate-neuhofen.at\/wp-content\/gallery\/10-sommercamp-2018\/Sommercamp20181934.JPG\"\n               title=\"\"\n               data-src=\"http:\/\/www.karate-neuhofen.at\/wp-content\/gallery\/10-sommercamp-2018\/Sommercamp20181934.JPG\"\n               data-thumbnail=\"http:\/\/www.karate-neuhofen.at\/wp-content\/gallery\/10-sommercamp-2018\/thumbs\/thumbs_Sommercamp20181934.JPG\"\n               data-image-id=\"21670\"\n               data-title=\"Sommercamp2018(1934)\"\n               data-description=\"\"\n               data-image-slug=\"sommercamp20181934\"\n               class=\"shutterset_14ea2dae3d90de67c1fc228ab12416d8\">\n                <img\n                    title=\"Sommercamp2018(1934)\"\n                    alt=\"Sommercamp2018(1934)\"\n                    src=\"http:\/\/www.karate-neuhofen.at\/wp-content\/gallery\/10-sommercamp-2018\/thumbs\/thumbs_Sommercamp20181934.JPG\"\n                    width=\"240\"\n                    height=\"160\"\n                    style=\"max-width:100%;\"\n                \/>\n            <\/a>\n        <\/div>\n\t\t\t\t\t\t\t<\/div> \n\t\t\t\n        \n\t\t\t\t<div id=\"ngg-image-934\" class=\"ngg-gallery-thumbnail-box\" >\n\t\t\t\t        <div class=\"ngg-gallery-thumbnail\">\n            <a href=\"http:\/\/www.karate-neuhofen.at\/wp-content\/gallery\/10-sommercamp-2018\/Sommercamp20181935.JPG\"\n               title=\"\"\n               data-src=\"http:\/\/www.karate-neuhofen.at\/wp-content\/gallery\/10-sommercamp-2018\/Sommercamp20181935.JPG\"\n               data-thumbnail=\"http:\/\/www.karate-neuhofen.at\/wp-content\/gallery\/10-sommercamp-2018\/thumbs\/thumbs_Sommercamp20181935.JPG\"\n               data-image-id=\"21671\"\n               data-title=\"Sommercamp2018(1935)\"\n               data-description=\"\"\n               data-image-slug=\"sommercamp20181935\"\n               class=\"shutterset_14ea2dae3d90de67c1fc228ab12416d8\">\n                <img\n                    title=\"Sommercamp2018(1935)\"\n                    alt=\"Sommercamp2018(1935)\"\n                    src=\"http:\/\/www.karate-neuhofen.at\/wp-content\/gallery\/10-sommercamp-2018\/thumbs\/thumbs_Sommercamp20181935.JPG\"\n                    width=\"240\"\n                    height=\"160\"\n                    style=\"max-width:100%;\"\n                \/>\n            <\/a>\n        <\/div>\n\t\t\t\t\t\t\t<\/div> \n\t\t\t\n        \n\t\t\t\t<div id=\"ngg-image-935\" class=\"ngg-gallery-thumbnail-box\" >\n\t\t\t\t        <div class=\"ngg-gallery-thumbnail\">\n            <a href=\"http:\/\/www.karate-neuhofen.at\/wp-content\/gallery\/10-sommercamp-2018\/Sommercamp20181936.JPG\"\n               title=\"\"\n               data-src=\"http:\/\/www.karate-neuhofen.at\/wp-content\/gallery\/10-sommercamp-2018\/Sommercamp20181936.JPG\"\n               data-thumbnail=\"http:\/\/www.karate-neuhofen.at\/wp-content\/gallery\/10-sommercamp-2018\/thumbs\/thumbs_Sommercamp20181936.JPG\"\n               data-image-id=\"21672\"\n               data-title=\"Sommercamp2018(1936)\"\n               data-description=\"\"\n               data-image-slug=\"sommercamp20181936\"\n               class=\"shutterset_14ea2dae3d90de67c1fc228ab12416d8\">\n                <img\n                    title=\"Sommercamp2018(1936)\"\n                    alt=\"Sommercamp2018(1936)\"\n                    src=\"http:\/\/www.karate-neuhofen.at\/wp-content\/gallery\/10-sommercamp-2018\/thumbs\/thumbs_Sommercamp20181936.JPG\"\n                    width=\"240\"\n                    height=\"160\"\n                    style=\"max-width:100%;\"\n                \/>\n            <\/a>\n        <\/div>\n\t\t\t\t\t\t\t<\/div> \n\t\t\t\n        \n\t\t\t\t<div id=\"ngg-image-936\" class=\"ngg-gallery-thumbnail-box\" >\n\t\t\t\t        <div class=\"ngg-gallery-thumbnail\">\n            <a href=\"http:\/\/www.karate-neuhofen.at\/wp-content\/gallery\/10-sommercamp-2018\/Sommercamp20181937.JPG\"\n               title=\"\"\n               data-src=\"http:\/\/www.karate-neuhofen.at\/wp-content\/gallery\/10-sommercamp-2018\/Sommercamp20181937.JPG\"\n               data-thumbnail=\"http:\/\/www.karate-neuhofen.at\/wp-content\/gallery\/10-sommercamp-2018\/thumbs\/thumbs_Sommercamp20181937.JPG\"\n               data-image-id=\"21673\"\n               data-title=\"Sommercamp2018(1937)\"\n               data-description=\"\"\n               data-image-slug=\"sommercamp20181937\"\n               class=\"shutterset_14ea2dae3d90de67c1fc228ab12416d8\">\n                <img\n                    title=\"Sommercamp2018(1937)\"\n                    alt=\"Sommercamp2018(1937)\"\n                    src=\"http:\/\/www.karate-neuhofen.at\/wp-content\/gallery\/10-sommercamp-2018\/thumbs\/thumbs_Sommercamp20181937.JPG\"\n                    width=\"240\"\n                    height=\"160\"\n                    style=\"max-width:100%;\"\n                \/>\n            <\/a>\n        <\/div>\n\t\t\t\t\t\t\t<\/div> \n\t\t\t\n        \n\t\t\t\t<div id=\"ngg-image-937\" class=\"ngg-gallery-thumbnail-box\" >\n\t\t\t\t        <div class=\"ngg-gallery-thumbnail\">\n            <a href=\"http:\/\/www.karate-neuhofen.at\/wp-content\/gallery\/10-sommercamp-2018\/Sommercamp20181938.JPG\"\n               title=\"\"\n               data-src=\"http:\/\/www.karate-neuhofen.at\/wp-content\/gallery\/10-sommercamp-2018\/Sommercamp20181938.JPG\"\n               data-thumbnail=\"http:\/\/www.karate-neuhofen.at\/wp-content\/gallery\/10-sommercamp-2018\/thumbs\/thumbs_Sommercamp20181938.JPG\"\n               data-image-id=\"21674\"\n               data-title=\"Sommercamp2018(1938)\"\n               data-description=\"\"\n               data-image-slug=\"sommercamp20181938\"\n               class=\"shutterset_14ea2dae3d90de67c1fc228ab12416d8\">\n                <img\n                    title=\"Sommercamp2018(1938)\"\n                    alt=\"Sommercamp2018(1938)\"\n                    src=\"http:\/\/www.karate-neuhofen.at\/wp-content\/gallery\/10-sommercamp-2018\/thumbs\/thumbs_Sommercamp20181938.JPG\"\n                    width=\"240\"\n                    height=\"160\"\n                    style=\"max-width:100%;\"\n                \/>\n            <\/a>\n        <\/div>\n\t\t\t\t\t\t\t<\/div> \n\t\t\t\n        \n\t\t\t\t<div id=\"ngg-image-938\" class=\"ngg-gallery-thumbnail-box\" >\n\t\t\t\t        <div class=\"ngg-gallery-thumbnail\">\n            <a href=\"http:\/\/www.karate-neuhofen.at\/wp-content\/gallery\/10-sommercamp-2018\/Sommercamp20181939.JPG\"\n               title=\"\"\n               data-src=\"http:\/\/www.karate-neuhofen.at\/wp-content\/gallery\/10-sommercamp-2018\/Sommercamp20181939.JPG\"\n               data-thumbnail=\"http:\/\/www.karate-neuhofen.at\/wp-content\/gallery\/10-sommercamp-2018\/thumbs\/thumbs_Sommercamp20181939.JPG\"\n               data-image-id=\"21675\"\n               data-title=\"Sommercamp2018(1939)\"\n               data-description=\"\"\n               data-image-slug=\"sommercamp20181939\"\n               class=\"shutterset_14ea2dae3d90de67c1fc228ab12416d8\">\n                <img\n                    title=\"Sommercamp2018(1939)\"\n                    alt=\"Sommercamp2018(1939)\"\n                    src=\"http:\/\/www.karate-neuhofen.at\/wp-content\/gallery\/10-sommercamp-2018\/thumbs\/thumbs_Sommercamp20181939.JPG\"\n                    width=\"240\"\n                    height=\"160\"\n                    style=\"max-width:100%;\"\n                \/>\n            <\/a>\n        <\/div>\n\t\t\t\t\t\t\t<\/div> \n\t\t\t\n        \n\t\t\t\t<div id=\"ngg-image-939\" class=\"ngg-gallery-thumbnail-box\" >\n\t\t\t\t        <div class=\"ngg-gallery-thumbnail\">\n            <a href=\"http:\/\/www.karate-neuhofen.at\/wp-content\/gallery\/10-sommercamp-2018\/Sommercamp20181940.JPG\"\n               title=\"\"\n               data-src=\"http:\/\/www.karate-neuhofen.at\/wp-content\/gallery\/10-sommercamp-2018\/Sommercamp20181940.JPG\"\n               data-thumbnail=\"http:\/\/www.karate-neuhofen.at\/wp-content\/gallery\/10-sommercamp-2018\/thumbs\/thumbs_Sommercamp20181940.JPG\"\n               data-image-id=\"21676\"\n               data-title=\"Sommercamp2018(1940)\"\n               data-description=\"\"\n               data-image-slug=\"sommercamp20181940\"\n               class=\"shutterset_14ea2dae3d90de67c1fc228ab12416d8\">\n                <img\n                    title=\"Sommercamp2018(1940)\"\n                    alt=\"Sommercamp2018(1940)\"\n                    src=\"http:\/\/www.karate-neuhofen.at\/wp-content\/gallery\/10-sommercamp-2018\/thumbs\/thumbs_Sommercamp20181940.JPG\"\n                    width=\"240\"\n                    height=\"160\"\n                    style=\"max-width:100%;\"\n                \/>\n            <\/a>\n        <\/div>\n\t\t\t\t\t\t\t<\/div> \n\t\t\t\n        \n\t\t\t\t<div id=\"ngg-image-940\" class=\"ngg-gallery-thumbnail-box\" >\n\t\t\t\t        <div class=\"ngg-gallery-thumbnail\">\n            <a href=\"http:\/\/www.karate-neuhofen.at\/wp-content\/gallery\/10-sommercamp-2018\/Sommercamp20181941.JPG\"\n               title=\"\"\n               data-src=\"http:\/\/www.karate-neuhofen.at\/wp-content\/gallery\/10-sommercamp-2018\/Sommercamp20181941.JPG\"\n               data-thumbnail=\"http:\/\/www.karate-neuhofen.at\/wp-content\/gallery\/10-sommercamp-2018\/thumbs\/thumbs_Sommercamp20181941.JPG\"\n               data-image-id=\"21677\"\n               data-title=\"Sommercamp2018(1941)\"\n               data-description=\"\"\n               data-image-slug=\"sommercamp20181941\"\n               class=\"shutterset_14ea2dae3d90de67c1fc228ab12416d8\">\n                <img\n                    title=\"Sommercamp2018(1941)\"\n                    alt=\"Sommercamp2018(1941)\"\n                    src=\"http:\/\/www.karate-neuhofen.at\/wp-content\/gallery\/10-sommercamp-2018\/thumbs\/thumbs_Sommercamp20181941.JPG\"\n                    width=\"240\"\n                    height=\"160\"\n                    style=\"max-width:100%;\"\n                \/>\n            <\/a>\n        <\/div>\n\t\t\t\t\t\t\t<\/div> \n\t\t\t\n        \n\t\t\t\t<div id=\"ngg-image-941\" class=\"ngg-gallery-thumbnail-box\" >\n\t\t\t\t        <div class=\"ngg-gallery-thumbnail\">\n            <a href=\"http:\/\/www.karate-neuhofen.at\/wp-content\/gallery\/10-sommercamp-2018\/Sommercamp20181942.JPG\"\n               title=\"\"\n               data-src=\"http:\/\/www.karate-neuhofen.at\/wp-content\/gallery\/10-sommercamp-2018\/Sommercamp20181942.JPG\"\n               data-thumbnail=\"http:\/\/www.karate-neuhofen.at\/wp-content\/gallery\/10-sommercamp-2018\/thumbs\/thumbs_Sommercamp20181942.JPG\"\n               data-image-id=\"21678\"\n               data-title=\"Sommercamp2018(1942)\"\n               data-description=\"\"\n               data-image-slug=\"sommercamp20181942\"\n               class=\"shutterset_14ea2dae3d90de67c1fc228ab12416d8\">\n                <img\n                    title=\"Sommercamp2018(1942)\"\n                    alt=\"Sommercamp2018(1942)\"\n                    src=\"http:\/\/www.karate-neuhofen.at\/wp-content\/gallery\/10-sommercamp-2018\/thumbs\/thumbs_Sommercamp20181942.JPG\"\n                    width=\"240\"\n                    height=\"160\"\n                    style=\"max-width:100%;\"\n                \/>\n            <\/a>\n        <\/div>\n\t\t\t\t\t\t\t<\/div> \n\t\t\t\n        \n\t\t\t\t<div id=\"ngg-image-942\" class=\"ngg-gallery-thumbnail-box\" >\n\t\t\t\t        <div class=\"ngg-gallery-thumbnail\">\n            <a href=\"http:\/\/www.karate-neuhofen.at\/wp-content\/gallery\/10-sommercamp-2018\/Sommercamp20181943.JPG\"\n               title=\"\"\n               data-src=\"http:\/\/www.karate-neuhofen.at\/wp-content\/gallery\/10-sommercamp-2018\/Sommercamp20181943.JPG\"\n               data-thumbnail=\"http:\/\/www.karate-neuhofen.at\/wp-content\/gallery\/10-sommercamp-2018\/thumbs\/thumbs_Sommercamp20181943.JPG\"\n               data-image-id=\"21679\"\n               data-title=\"Sommercamp2018(1943)\"\n               data-description=\"\"\n               data-image-slug=\"sommercamp20181943\"\n               class=\"shutterset_14ea2dae3d90de67c1fc228ab12416d8\">\n                <img\n                    title=\"Sommercamp2018(1943)\"\n                    alt=\"Sommercamp2018(1943)\"\n                    src=\"http:\/\/www.karate-neuhofen.at\/wp-content\/gallery\/10-sommercamp-2018\/thumbs\/thumbs_Sommercamp20181943.JPG\"\n                    width=\"240\"\n                    height=\"160\"\n                    style=\"max-width:100%;\"\n                \/>\n            <\/a>\n        <\/div>\n\t\t\t\t\t\t\t<\/div> \n\t\t\t\n        \n\t\t\t\t<div id=\"ngg-image-943\" class=\"ngg-gallery-thumbnail-box\" >\n\t\t\t\t        <div class=\"ngg-gallery-thumbnail\">\n            <a href=\"http:\/\/www.karate-neuhofen.at\/wp-content\/gallery\/10-sommercamp-2018\/Sommercamp20181944.JPG\"\n               title=\"\"\n               data-src=\"http:\/\/www.karate-neuhofen.at\/wp-content\/gallery\/10-sommercamp-2018\/Sommercamp20181944.JPG\"\n               data-thumbnail=\"http:\/\/www.karate-neuhofen.at\/wp-content\/gallery\/10-sommercamp-2018\/thumbs\/thumbs_Sommercamp20181944.JPG\"\n               data-image-id=\"21680\"\n               data-title=\"Sommercamp2018(1944)\"\n               data-description=\"\"\n               data-image-slug=\"sommercamp20181944\"\n               class=\"shutterset_14ea2dae3d90de67c1fc228ab12416d8\">\n                <img\n                    title=\"Sommercamp2018(1944)\"\n                    alt=\"Sommercamp2018(1944)\"\n                    src=\"http:\/\/www.karate-neuhofen.at\/wp-content\/gallery\/10-sommercamp-2018\/thumbs\/thumbs_Sommercamp20181944.JPG\"\n                    width=\"240\"\n                    height=\"160\"\n                    style=\"max-width:100%;\"\n                \/>\n            <\/a>\n        <\/div>\n\t\t\t\t\t\t\t<\/div> \n\t\t\t\n        \n\t\t\t\t<div id=\"ngg-image-944\" class=\"ngg-gallery-thumbnail-box\" >\n\t\t\t\t        <div class=\"ngg-gallery-thumbnail\">\n            <a href=\"http:\/\/www.karate-neuhofen.at\/wp-content\/gallery\/10-sommercamp-2018\/Sommercamp20181945.JPG\"\n               title=\"\"\n               data-src=\"http:\/\/www.karate-neuhofen.at\/wp-content\/gallery\/10-sommercamp-2018\/Sommercamp20181945.JPG\"\n               data-thumbnail=\"http:\/\/www.karate-neuhofen.at\/wp-content\/gallery\/10-sommercamp-2018\/thumbs\/thumbs_Sommercamp20181945.JPG\"\n               data-image-id=\"21681\"\n               data-title=\"Sommercamp2018(1945)\"\n               data-description=\"\"\n               data-image-slug=\"sommercamp20181945\"\n               class=\"shutterset_14ea2dae3d90de67c1fc228ab12416d8\">\n                <img\n                    title=\"Sommercamp2018(1945)\"\n                    alt=\"Sommercamp2018(1945)\"\n                    src=\"http:\/\/www.karate-neuhofen.at\/wp-content\/gallery\/10-sommercamp-2018\/thumbs\/thumbs_Sommercamp20181945.JPG\"\n                    width=\"240\"\n                    height=\"160\"\n                    style=\"max-width:100%;\"\n                \/>\n            <\/a>\n        <\/div>\n\t\t\t\t\t\t\t<\/div> \n\t\t\t\n        \n\t\t\t\t<div id=\"ngg-image-945\" class=\"ngg-gallery-thumbnail-box\" >\n\t\t\t\t        <div class=\"ngg-gallery-thumbnail\">\n            <a href=\"http:\/\/www.karate-neuhofen.at\/wp-content\/gallery\/10-sommercamp-2018\/Sommercamp20181946.JPG\"\n               title=\"\"\n               data-src=\"http:\/\/www.karate-neuhofen.at\/wp-content\/gallery\/10-sommercamp-2018\/Sommercamp20181946.JPG\"\n               data-thumbnail=\"http:\/\/www.karate-neuhofen.at\/wp-content\/gallery\/10-sommercamp-2018\/thumbs\/thumbs_Sommercamp20181946.JPG\"\n               data-image-id=\"21682\"\n               data-title=\"Sommercamp2018(1946)\"\n               data-description=\"\"\n               data-image-slug=\"sommercamp20181946\"\n               class=\"shutterset_14ea2dae3d90de67c1fc228ab12416d8\">\n                <img\n                    title=\"Sommercamp2018(1946)\"\n                    alt=\"Sommercamp2018(1946)\"\n                    src=\"http:\/\/www.karate-neuhofen.at\/wp-content\/gallery\/10-sommercamp-2018\/thumbs\/thumbs_Sommercamp20181946.JPG\"\n                    width=\"240\"\n                    height=\"160\"\n                    style=\"max-width:100%;\"\n                \/>\n            <\/a>\n        <\/div>\n\t\t\t\t\t\t\t<\/div> \n\t\t\t\n        \n\t\t\t\t<div id=\"ngg-image-946\" class=\"ngg-gallery-thumbnail-box\" >\n\t\t\t\t        <div class=\"ngg-gallery-thumbnail\">\n            <a href=\"http:\/\/www.karate-neuhofen.at\/wp-content\/gallery\/10-sommercamp-2018\/Sommercamp20181947.JPG\"\n               title=\"\"\n               data-src=\"http:\/\/www.karate-neuhofen.at\/wp-content\/gallery\/10-sommercamp-2018\/Sommercamp20181947.JPG\"\n               data-thumbnail=\"http:\/\/www.karate-neuhofen.at\/wp-content\/gallery\/10-sommercamp-2018\/thumbs\/thumbs_Sommercamp20181947.JPG\"\n               data-image-id=\"21683\"\n               data-title=\"Sommercamp2018(1947)\"\n               data-description=\"\"\n               data-image-slug=\"sommercamp20181947\"\n               class=\"shutterset_14ea2dae3d90de67c1fc228ab12416d8\">\n                <img\n                    title=\"Sommercamp2018(1947)\"\n                    alt=\"Sommercamp2018(1947)\"\n                    src=\"http:\/\/www.karate-neuhofen.at\/wp-content\/gallery\/10-sommercamp-2018\/thumbs\/thumbs_Sommercamp20181947.JPG\"\n                    width=\"240\"\n                    height=\"160\"\n                    style=\"max-width:100%;\"\n                \/>\n            <\/a>\n        <\/div>\n\t\t\t\t\t\t\t<\/div> \n\t\t\t\n        \n\t\t\t\t<div id=\"ngg-image-947\" class=\"ngg-gallery-thumbnail-box\" >\n\t\t\t\t        <div class=\"ngg-gallery-thumbnail\">\n            <a href=\"http:\/\/www.karate-neuhofen.at\/wp-content\/gallery\/10-sommercamp-2018\/Sommercamp20181948.JPG\"\n               title=\"\"\n               data-src=\"http:\/\/www.karate-neuhofen.at\/wp-content\/gallery\/10-sommercamp-2018\/Sommercamp20181948.JPG\"\n               data-thumbnail=\"http:\/\/www.karate-neuhofen.at\/wp-content\/gallery\/10-sommercamp-2018\/thumbs\/thumbs_Sommercamp20181948.JPG\"\n               data-image-id=\"21684\"\n               data-title=\"Sommercamp2018(1948)\"\n               data-description=\"\"\n               data-image-slug=\"sommercamp20181948\"\n               class=\"shutterset_14ea2dae3d90de67c1fc228ab12416d8\">\n                <img\n                    title=\"Sommercamp2018(1948)\"\n                    alt=\"Sommercamp2018(1948)\"\n                    src=\"http:\/\/www.karate-neuhofen.at\/wp-content\/gallery\/10-sommercamp-2018\/thumbs\/thumbs_Sommercamp20181948.JPG\"\n                    width=\"240\"\n                    height=\"160\"\n                    style=\"max-width:100%;\"\n                \/>\n            <\/a>\n        <\/div>\n\t\t\t\t\t\t\t<\/div> \n\t\t\t\n        \n\t\t\t\t<div id=\"ngg-image-948\" class=\"ngg-gallery-thumbnail-box\" >\n\t\t\t\t        <div class=\"ngg-gallery-thumbnail\">\n            <a href=\"http:\/\/www.karate-neuhofen.at\/wp-content\/gallery\/10-sommercamp-2018\/Sommercamp20181949.JPG\"\n               title=\"\"\n               data-src=\"http:\/\/www.karate-neuhofen.at\/wp-content\/gallery\/10-sommercamp-2018\/Sommercamp20181949.JPG\"\n               data-thumbnail=\"http:\/\/www.karate-neuhofen.at\/wp-content\/gallery\/10-sommercamp-2018\/thumbs\/thumbs_Sommercamp20181949.JPG\"\n               data-image-id=\"21685\"\n               data-title=\"Sommercamp2018(1949)\"\n               data-description=\"\"\n               data-image-slug=\"sommercamp20181949\"\n               class=\"shutterset_14ea2dae3d90de67c1fc228ab12416d8\">\n                <img\n                    title=\"Sommercamp2018(1949)\"\n                    alt=\"Sommercamp2018(1949)\"\n                    src=\"http:\/\/www.karate-neuhofen.at\/wp-content\/gallery\/10-sommercamp-2018\/thumbs\/thumbs_Sommercamp20181949.JPG\"\n                    width=\"240\"\n                    height=\"160\"\n                    style=\"max-width:100%;\"\n                \/>\n            <\/a>\n        <\/div>\n\t\t\t\t\t\t\t<\/div> \n\t\t\t\n        \n\t\t\t\t<div id=\"ngg-image-949\" class=\"ngg-gallery-thumbnail-box\" >\n\t\t\t\t        <div class=\"ngg-gallery-thumbnail\">\n            <a href=\"http:\/\/www.karate-neuhofen.at\/wp-content\/gallery\/10-sommercamp-2018\/Sommercamp20181950.JPG\"\n               title=\"\"\n               data-src=\"http:\/\/www.karate-neuhofen.at\/wp-content\/gallery\/10-sommercamp-2018\/Sommercamp20181950.JPG\"\n               data-thumbnail=\"http:\/\/www.karate-neuhofen.at\/wp-content\/gallery\/10-sommercamp-2018\/thumbs\/thumbs_Sommercamp20181950.JPG\"\n               data-image-id=\"21686\"\n               data-title=\"Sommercamp2018(1950)\"\n               data-description=\"\"\n               data-image-slug=\"sommercamp20181950\"\n               class=\"shutterset_14ea2dae3d90de67c1fc228ab12416d8\">\n                <img\n                    title=\"Sommercamp2018(1950)\"\n                    alt=\"Sommercamp2018(1950)\"\n                    src=\"http:\/\/www.karate-neuhofen.at\/wp-content\/gallery\/10-sommercamp-2018\/thumbs\/thumbs_Sommercamp20181950.JPG\"\n                    width=\"240\"\n                    height=\"160\"\n                    style=\"max-width:100%;\"\n                \/>\n            <\/a>\n        <\/div>\n\t\t\t\t\t\t\t<\/div> \n\t\t\t\n        \n\t\t\t\t<div id=\"ngg-image-950\" class=\"ngg-gallery-thumbnail-box\" >\n\t\t\t\t        <div class=\"ngg-gallery-thumbnail\">\n            <a href=\"http:\/\/www.karate-neuhofen.at\/wp-content\/gallery\/10-sommercamp-2018\/Sommercamp20181951.JPG\"\n               title=\"\"\n               data-src=\"http:\/\/www.karate-neuhofen.at\/wp-content\/gallery\/10-sommercamp-2018\/Sommercamp20181951.JPG\"\n               data-thumbnail=\"http:\/\/www.karate-neuhofen.at\/wp-content\/gallery\/10-sommercamp-2018\/thumbs\/thumbs_Sommercamp20181951.JPG\"\n               data-image-id=\"21687\"\n               data-title=\"Sommercamp2018(1951)\"\n               data-description=\"\"\n               data-image-slug=\"sommercamp20181951\"\n               class=\"shutterset_14ea2dae3d90de67c1fc228ab12416d8\">\n                <img\n                    title=\"Sommercamp2018(1951)\"\n                    alt=\"Sommercamp2018(1951)\"\n                    src=\"http:\/\/www.karate-neuhofen.at\/wp-content\/gallery\/10-sommercamp-2018\/thumbs\/thumbs_Sommercamp20181951.JPG\"\n                    width=\"240\"\n                    height=\"160\"\n                    style=\"max-width:100%;\"\n                \/>\n            <\/a>\n        <\/div>\n\t\t\t\t\t\t\t<\/div> \n\t\t\t\n        \n\t\t\t\t<div id=\"ngg-image-951\" class=\"ngg-gallery-thumbnail-box\" >\n\t\t\t\t        <div class=\"ngg-gallery-thumbnail\">\n            <a href=\"http:\/\/www.karate-neuhofen.at\/wp-content\/gallery\/10-sommercamp-2018\/Sommercamp20181952.JPG\"\n               title=\"\"\n               data-src=\"http:\/\/www.karate-neuhofen.at\/wp-content\/gallery\/10-sommercamp-2018\/Sommercamp20181952.JPG\"\n               data-thumbnail=\"http:\/\/www.karate-neuhofen.at\/wp-content\/gallery\/10-sommercamp-2018\/thumbs\/thumbs_Sommercamp20181952.JPG\"\n               data-image-id=\"21688\"\n               data-title=\"Sommercamp2018(1952)\"\n               data-description=\"\"\n               data-image-slug=\"sommercamp20181952\"\n               class=\"shutterset_14ea2dae3d90de67c1fc228ab12416d8\">\n                <img\n                    title=\"Sommercamp2018(1952)\"\n                    alt=\"Sommercamp2018(1952)\"\n                    src=\"http:\/\/www.karate-neuhofen.at\/wp-content\/gallery\/10-sommercamp-2018\/thumbs\/thumbs_Sommercamp20181952.JPG\"\n                    width=\"240\"\n                    height=\"160\"\n                    style=\"max-width:100%;\"\n                \/>\n            <\/a>\n        <\/div>\n\t\t\t\t\t\t\t<\/div> \n\t\t\t\n        \n\t\t\t\t<div id=\"ngg-image-952\" class=\"ngg-gallery-thumbnail-box\" >\n\t\t\t\t        <div class=\"ngg-gallery-thumbnail\">\n            <a href=\"http:\/\/www.karate-neuhofen.at\/wp-content\/gallery\/10-sommercamp-2018\/Sommercamp20181953.JPG\"\n               title=\"\"\n               data-src=\"http:\/\/www.karate-neuhofen.at\/wp-content\/gallery\/10-sommercamp-2018\/Sommercamp20181953.JPG\"\n               data-thumbnail=\"http:\/\/www.karate-neuhofen.at\/wp-content\/gallery\/10-sommercamp-2018\/thumbs\/thumbs_Sommercamp20181953.JPG\"\n               data-image-id=\"21689\"\n               data-title=\"Sommercamp2018(1953)\"\n               data-description=\"\"\n               data-image-slug=\"sommercamp20181953\"\n               class=\"shutterset_14ea2dae3d90de67c1fc228ab12416d8\">\n                <img\n                    title=\"Sommercamp2018(1953)\"\n                    alt=\"Sommercamp2018(1953)\"\n                    src=\"http:\/\/www.karate-neuhofen.at\/wp-content\/gallery\/10-sommercamp-2018\/thumbs\/thumbs_Sommercamp20181953.JPG\"\n                    width=\"240\"\n                    height=\"160\"\n                    style=\"max-width:100%;\"\n                \/>\n            <\/a>\n        <\/div>\n\t\t\t\t\t\t\t<\/div> \n\t\t\t\n        \n\t\t\t\t<div id=\"ngg-image-953\" class=\"ngg-gallery-thumbnail-box\" >\n\t\t\t\t        <div class=\"ngg-gallery-thumbnail\">\n            <a href=\"http:\/\/www.karate-neuhofen.at\/wp-content\/gallery\/10-sommercamp-2018\/Sommercamp20181954.JPG\"\n               title=\"\"\n               data-src=\"http:\/\/www.karate-neuhofen.at\/wp-content\/gallery\/10-sommercamp-2018\/Sommercamp20181954.JPG\"\n               data-thumbnail=\"http:\/\/www.karate-neuhofen.at\/wp-content\/gallery\/10-sommercamp-2018\/thumbs\/thumbs_Sommercamp20181954.JPG\"\n               data-image-id=\"21690\"\n               data-title=\"Sommercamp2018(1954)\"\n               data-description=\"\"\n               data-image-slug=\"sommercamp20181954\"\n               class=\"shutterset_14ea2dae3d90de67c1fc228ab12416d8\">\n                <img\n                    title=\"Sommercamp2018(1954)\"\n                    alt=\"Sommercamp2018(1954)\"\n                    src=\"http:\/\/www.karate-neuhofen.at\/wp-content\/gallery\/10-sommercamp-2018\/thumbs\/thumbs_Sommercamp20181954.JPG\"\n                    width=\"240\"\n                    height=\"160\"\n                    style=\"max-width:100%;\"\n                \/>\n            <\/a>\n        <\/div>\n\t\t\t\t\t\t\t<\/div> \n\t\t\t\n        \n\t\t\t\t<div id=\"ngg-image-954\" class=\"ngg-gallery-thumbnail-box\" >\n\t\t\t\t        <div class=\"ngg-gallery-thumbnail\">\n            <a href=\"http:\/\/www.karate-neuhofen.at\/wp-content\/gallery\/10-sommercamp-2018\/Sommercamp20181955.JPG\"\n               title=\"\"\n               data-src=\"http:\/\/www.karate-neuhofen.at\/wp-content\/gallery\/10-sommercamp-2018\/Sommercamp20181955.JPG\"\n               data-thumbnail=\"http:\/\/www.karate-neuhofen.at\/wp-content\/gallery\/10-sommercamp-2018\/thumbs\/thumbs_Sommercamp20181955.JPG\"\n               data-image-id=\"21691\"\n               data-title=\"Sommercamp2018(1955)\"\n               data-description=\"\"\n               data-image-slug=\"sommercamp20181955\"\n               class=\"shutterset_14ea2dae3d90de67c1fc228ab12416d8\">\n                <img\n                    title=\"Sommercamp2018(1955)\"\n                    alt=\"Sommercamp2018(1955)\"\n                    src=\"http:\/\/www.karate-neuhofen.at\/wp-content\/gallery\/10-sommercamp-2018\/thumbs\/thumbs_Sommercamp20181955.JPG\"\n                    width=\"240\"\n                    height=\"160\"\n                    style=\"max-width:100%;\"\n                \/>\n            <\/a>\n        <\/div>\n\t\t\t\t\t\t\t<\/div> \n\t\t\t\n        \n\t\t\t\t<div id=\"ngg-image-955\" class=\"ngg-gallery-thumbnail-box\" >\n\t\t\t\t        <div class=\"ngg-gallery-thumbnail\">\n            <a href=\"http:\/\/www.karate-neuhofen.at\/wp-content\/gallery\/10-sommercamp-2018\/Sommercamp20181956.JPG\"\n               title=\"\"\n               data-src=\"http:\/\/www.karate-neuhofen.at\/wp-content\/gallery\/10-sommercamp-2018\/Sommercamp20181956.JPG\"\n               data-thumbnail=\"http:\/\/www.karate-neuhofen.at\/wp-content\/gallery\/10-sommercamp-2018\/thumbs\/thumbs_Sommercamp20181956.JPG\"\n               data-image-id=\"21692\"\n               data-title=\"Sommercamp2018(1956)\"\n               data-description=\"\"\n               data-image-slug=\"sommercamp20181956\"\n               class=\"shutterset_14ea2dae3d90de67c1fc228ab12416d8\">\n                <img\n                    title=\"Sommercamp2018(1956)\"\n                    alt=\"Sommercamp2018(1956)\"\n                    src=\"http:\/\/www.karate-neuhofen.at\/wp-content\/gallery\/10-sommercamp-2018\/thumbs\/thumbs_Sommercamp20181956.JPG\"\n                    width=\"240\"\n                    height=\"160\"\n                    style=\"max-width:100%;\"\n                \/>\n            <\/a>\n        <\/div>\n\t\t\t\t\t\t\t<\/div> \n\t\t\t\n        \n\t\t\t\t<div id=\"ngg-image-956\" class=\"ngg-gallery-thumbnail-box\" >\n\t\t\t\t        <div class=\"ngg-gallery-thumbnail\">\n            <a href=\"http:\/\/www.karate-neuhofen.at\/wp-content\/gallery\/10-sommercamp-2018\/Sommercamp20181957.JPG\"\n               title=\"\"\n               data-src=\"http:\/\/www.karate-neuhofen.at\/wp-content\/gallery\/10-sommercamp-2018\/Sommercamp20181957.JPG\"\n               data-thumbnail=\"http:\/\/www.karate-neuhofen.at\/wp-content\/gallery\/10-sommercamp-2018\/thumbs\/thumbs_Sommercamp20181957.JPG\"\n               data-image-id=\"21693\"\n               data-title=\"Sommercamp2018(1957)\"\n               data-description=\"\"\n               data-image-slug=\"sommercamp20181957\"\n               class=\"shutterset_14ea2dae3d90de67c1fc228ab12416d8\">\n                <img\n                    title=\"Sommercamp2018(1957)\"\n                    alt=\"Sommercamp2018(1957)\"\n                    src=\"http:\/\/www.karate-neuhofen.at\/wp-content\/gallery\/10-sommercamp-2018\/thumbs\/thumbs_Sommercamp20181957.JPG\"\n                    width=\"240\"\n                    height=\"160\"\n                    style=\"max-width:100%;\"\n                \/>\n            <\/a>\n        <\/div>\n\t\t\t\t\t\t\t<\/div> \n\t\t\t\n        \n\t\t\t\t<div id=\"ngg-image-957\" class=\"ngg-gallery-thumbnail-box\" >\n\t\t\t\t        <div class=\"ngg-gallery-thumbnail\">\n            <a href=\"http:\/\/www.karate-neuhofen.at\/wp-content\/gallery\/10-sommercamp-2018\/Sommercamp20181958.JPG\"\n               title=\"\"\n               data-src=\"http:\/\/www.karate-neuhofen.at\/wp-content\/gallery\/10-sommercamp-2018\/Sommercamp20181958.JPG\"\n               data-thumbnail=\"http:\/\/www.karate-neuhofen.at\/wp-content\/gallery\/10-sommercamp-2018\/thumbs\/thumbs_Sommercamp20181958.JPG\"\n               data-image-id=\"21694\"\n               data-title=\"Sommercamp2018(1958)\"\n               data-description=\"\"\n               data-image-slug=\"sommercamp20181958\"\n               class=\"shutterset_14ea2dae3d90de67c1fc228ab12416d8\">\n                <img\n                    title=\"Sommercamp2018(1958)\"\n                    alt=\"Sommercamp2018(1958)\"\n                    src=\"http:\/\/www.karate-neuhofen.at\/wp-content\/gallery\/10-sommercamp-2018\/thumbs\/thumbs_Sommercamp20181958.JPG\"\n                    width=\"240\"\n                    height=\"160\"\n                    style=\"max-width:100%;\"\n                \/>\n            <\/a>\n        <\/div>\n\t\t\t\t\t\t\t<\/div> \n\t\t\t\n        \n\t\t\t\t<div id=\"ngg-image-958\" class=\"ngg-gallery-thumbnail-box\" >\n\t\t\t\t        <div class=\"ngg-gallery-thumbnail\">\n            <a href=\"http:\/\/www.karate-neuhofen.at\/wp-content\/gallery\/10-sommercamp-2018\/Sommercamp20181959.JPG\"\n               title=\"\"\n               data-src=\"http:\/\/www.karate-neuhofen.at\/wp-content\/gallery\/10-sommercamp-2018\/Sommercamp20181959.JPG\"\n               data-thumbnail=\"http:\/\/www.karate-neuhofen.at\/wp-content\/gallery\/10-sommercamp-2018\/thumbs\/thumbs_Sommercamp20181959.JPG\"\n               data-image-id=\"21695\"\n               data-title=\"Sommercamp2018(1959)\"\n               data-description=\"\"\n               data-image-slug=\"sommercamp20181959\"\n               class=\"shutterset_14ea2dae3d90de67c1fc228ab12416d8\">\n                <img\n                    title=\"Sommercamp2018(1959)\"\n                    alt=\"Sommercamp2018(1959)\"\n                    src=\"http:\/\/www.karate-neuhofen.at\/wp-content\/gallery\/10-sommercamp-2018\/thumbs\/thumbs_Sommercamp20181959.JPG\"\n                    width=\"240\"\n                    height=\"160\"\n                    style=\"max-width:100%;\"\n                \/>\n            <\/a>\n        <\/div>\n\t\t\t\t\t\t\t<\/div> \n\t\t\t\n        \n\t\t\t\t<div id=\"ngg-image-959\" class=\"ngg-gallery-thumbnail-box\" >\n\t\t\t\t        <div class=\"ngg-gallery-thumbnail\">\n            <a href=\"http:\/\/www.karate-neuhofen.at\/wp-content\/gallery\/10-sommercamp-2018\/Sommercamp20181960.JPG\"\n               title=\"\"\n               data-src=\"http:\/\/www.karate-neuhofen.at\/wp-content\/gallery\/10-sommercamp-2018\/Sommercamp20181960.JPG\"\n               data-thumbnail=\"http:\/\/www.karate-neuhofen.at\/wp-content\/gallery\/10-sommercamp-2018\/thumbs\/thumbs_Sommercamp20181960.JPG\"\n               data-image-id=\"21696\"\n               data-title=\"Sommercamp2018(1960)\"\n               data-description=\"\"\n               data-image-slug=\"sommercamp20181960\"\n               class=\"shutterset_14ea2dae3d90de67c1fc228ab12416d8\">\n                <img\n                    title=\"Sommercamp2018(1960)\"\n                    alt=\"Sommercamp2018(1960)\"\n                    src=\"http:\/\/www.karate-neuhofen.at\/wp-content\/gallery\/10-sommercamp-2018\/thumbs\/thumbs_Sommercamp20181960.JPG\"\n                    width=\"240\"\n                    height=\"160\"\n                    style=\"max-width:100%;\"\n                \/>\n            <\/a>\n        <\/div>\n\t\t\t\t\t\t\t<\/div> \n\t\t\t\n        \n\t\t\t\t<div id=\"ngg-image-960\" class=\"ngg-gallery-thumbnail-box\" >\n\t\t\t\t        <div class=\"ngg-gallery-thumbnail\">\n            <a href=\"http:\/\/www.karate-neuhofen.at\/wp-content\/gallery\/10-sommercamp-2018\/Sommercamp20181961.JPG\"\n               title=\"\"\n               data-src=\"http:\/\/www.karate-neuhofen.at\/wp-content\/gallery\/10-sommercamp-2018\/Sommercamp20181961.JPG\"\n               data-thumbnail=\"http:\/\/www.karate-neuhofen.at\/wp-content\/gallery\/10-sommercamp-2018\/thumbs\/thumbs_Sommercamp20181961.JPG\"\n               data-image-id=\"21697\"\n               data-title=\"Sommercamp2018(1961)\"\n               data-description=\"\"\n               data-image-slug=\"sommercamp20181961\"\n               class=\"shutterset_14ea2dae3d90de67c1fc228ab12416d8\">\n                <img\n                    title=\"Sommercamp2018(1961)\"\n                    alt=\"Sommercamp2018(1961)\"\n                    src=\"http:\/\/www.karate-neuhofen.at\/wp-content\/gallery\/10-sommercamp-2018\/thumbs\/thumbs_Sommercamp20181961.JPG\"\n                    width=\"240\"\n                    height=\"160\"\n                    style=\"max-width:100%;\"\n                \/>\n            <\/a>\n        <\/div>\n\t\t\t\t\t\t\t<\/div> \n\t\t\t\n        \n\t\t\t\t<div id=\"ngg-image-961\" class=\"ngg-gallery-thumbnail-box\" >\n\t\t\t\t        <div class=\"ngg-gallery-thumbnail\">\n            <a href=\"http:\/\/www.karate-neuhofen.at\/wp-content\/gallery\/10-sommercamp-2018\/Sommercamp20181962.JPG\"\n               title=\"\"\n               data-src=\"http:\/\/www.karate-neuhofen.at\/wp-content\/gallery\/10-sommercamp-2018\/Sommercamp20181962.JPG\"\n               data-thumbnail=\"http:\/\/www.karate-neuhofen.at\/wp-content\/gallery\/10-sommercamp-2018\/thumbs\/thumbs_Sommercamp20181962.JPG\"\n               data-image-id=\"21698\"\n               data-title=\"Sommercamp2018(1962)\"\n               data-description=\"\"\n               data-image-slug=\"sommercamp20181962\"\n               class=\"shutterset_14ea2dae3d90de67c1fc228ab12416d8\">\n                <img\n                    title=\"Sommercamp2018(1962)\"\n                    alt=\"Sommercamp2018(1962)\"\n                    src=\"http:\/\/www.karate-neuhofen.at\/wp-content\/gallery\/10-sommercamp-2018\/thumbs\/thumbs_Sommercamp20181962.JPG\"\n                    width=\"240\"\n                    height=\"160\"\n                    style=\"max-width:100%;\"\n                \/>\n            <\/a>\n        <\/div>\n\t\t\t\t\t\t\t<\/div> \n\t\t\t\n        \n\t\t\t\t<div id=\"ngg-image-962\" class=\"ngg-gallery-thumbnail-box\" >\n\t\t\t\t        <div class=\"ngg-gallery-thumbnail\">\n            <a href=\"http:\/\/www.karate-neuhofen.at\/wp-content\/gallery\/10-sommercamp-2018\/Sommercamp20181963.JPG\"\n               title=\"\"\n               data-src=\"http:\/\/www.karate-neuhofen.at\/wp-content\/gallery\/10-sommercamp-2018\/Sommercamp20181963.JPG\"\n               data-thumbnail=\"http:\/\/www.karate-neuhofen.at\/wp-content\/gallery\/10-sommercamp-2018\/thumbs\/thumbs_Sommercamp20181963.JPG\"\n               data-image-id=\"21699\"\n               data-title=\"Sommercamp2018(1963)\"\n               data-description=\"\"\n               data-image-slug=\"sommercamp20181963\"\n               class=\"shutterset_14ea2dae3d90de67c1fc228ab12416d8\">\n                <img\n                    title=\"Sommercamp2018(1963)\"\n                    alt=\"Sommercamp2018(1963)\"\n                    src=\"http:\/\/www.karate-neuhofen.at\/wp-content\/gallery\/10-sommercamp-2018\/thumbs\/thumbs_Sommercamp20181963.JPG\"\n                    width=\"240\"\n                    height=\"160\"\n                    style=\"max-width:100%;\"\n                \/>\n            <\/a>\n        <\/div>\n\t\t\t\t\t\t\t<\/div> \n\t\t\t\n        \n\t\t\t\t<div id=\"ngg-image-963\" class=\"ngg-gallery-thumbnail-box\" >\n\t\t\t\t        <div class=\"ngg-gallery-thumbnail\">\n            <a href=\"http:\/\/www.karate-neuhofen.at\/wp-content\/gallery\/10-sommercamp-2018\/Sommercamp20181964.JPG\"\n               title=\"\"\n               data-src=\"http:\/\/www.karate-neuhofen.at\/wp-content\/gallery\/10-sommercamp-2018\/Sommercamp20181964.JPG\"\n               data-thumbnail=\"http:\/\/www.karate-neuhofen.at\/wp-content\/gallery\/10-sommercamp-2018\/thumbs\/thumbs_Sommercamp20181964.JPG\"\n               data-image-id=\"21700\"\n               data-title=\"Sommercamp2018(1964)\"\n               data-description=\"\"\n               data-image-slug=\"sommercamp20181964\"\n               class=\"shutterset_14ea2dae3d90de67c1fc228ab12416d8\">\n                <img\n                    title=\"Sommercamp2018(1964)\"\n                    alt=\"Sommercamp2018(1964)\"\n                    src=\"http:\/\/www.karate-neuhofen.at\/wp-content\/gallery\/10-sommercamp-2018\/thumbs\/thumbs_Sommercamp20181964.JPG\"\n                    width=\"240\"\n                    height=\"160\"\n                    style=\"max-width:100%;\"\n                \/>\n            <\/a>\n        <\/div>\n\t\t\t\t\t\t\t<\/div> \n\t\t\t\n        \n\t\t\t\t<div id=\"ngg-image-964\" class=\"ngg-gallery-thumbnail-box\" >\n\t\t\t\t        <div class=\"ngg-gallery-thumbnail\">\n            <a href=\"http:\/\/www.karate-neuhofen.at\/wp-content\/gallery\/10-sommercamp-2018\/Sommercamp20181965.JPG\"\n               title=\"\"\n               data-src=\"http:\/\/www.karate-neuhofen.at\/wp-content\/gallery\/10-sommercamp-2018\/Sommercamp20181965.JPG\"\n               data-thumbnail=\"http:\/\/www.karate-neuhofen.at\/wp-content\/gallery\/10-sommercamp-2018\/thumbs\/thumbs_Sommercamp20181965.JPG\"\n               data-image-id=\"21701\"\n               data-title=\"Sommercamp2018(1965)\"\n               data-description=\"\"\n               data-image-slug=\"sommercamp20181965\"\n               class=\"shutterset_14ea2dae3d90de67c1fc228ab12416d8\">\n                <img\n                    title=\"Sommercamp2018(1965)\"\n                    alt=\"Sommercamp2018(1965)\"\n                    src=\"http:\/\/www.karate-neuhofen.at\/wp-content\/gallery\/10-sommercamp-2018\/thumbs\/thumbs_Sommercamp20181965.JPG\"\n                    width=\"240\"\n                    height=\"160\"\n                    style=\"max-width:100%;\"\n                \/>\n            <\/a>\n        <\/div>\n\t\t\t\t\t\t\t<\/div> \n\t\t\t\n        \n\t\t\t\t<div id=\"ngg-image-965\" class=\"ngg-gallery-thumbnail-box\" >\n\t\t\t\t        <div class=\"ngg-gallery-thumbnail\">\n            <a href=\"http:\/\/www.karate-neuhofen.at\/wp-content\/gallery\/10-sommercamp-2018\/Sommercamp20181966.JPG\"\n               title=\"\"\n               data-src=\"http:\/\/www.karate-neuhofen.at\/wp-content\/gallery\/10-sommercamp-2018\/Sommercamp20181966.JPG\"\n               data-thumbnail=\"http:\/\/www.karate-neuhofen.at\/wp-content\/gallery\/10-sommercamp-2018\/thumbs\/thumbs_Sommercamp20181966.JPG\"\n               data-image-id=\"21702\"\n               data-title=\"Sommercamp2018(1966)\"\n               data-description=\"\"\n               data-image-slug=\"sommercamp20181966\"\n               class=\"shutterset_14ea2dae3d90de67c1fc228ab12416d8\">\n                <img\n                    title=\"Sommercamp2018(1966)\"\n                    alt=\"Sommercamp2018(1966)\"\n                    src=\"http:\/\/www.karate-neuhofen.at\/wp-content\/gallery\/10-sommercamp-2018\/thumbs\/thumbs_Sommercamp20181966.JPG\"\n                    width=\"240\"\n                    height=\"160\"\n                    style=\"max-width:100%;\"\n                \/>\n            <\/a>\n        <\/div>\n\t\t\t\t\t\t\t<\/div> \n\t\t\t\n        \n\t\t\t\t<div id=\"ngg-image-966\" class=\"ngg-gallery-thumbnail-box\" >\n\t\t\t\t        <div class=\"ngg-gallery-thumbnail\">\n            <a href=\"http:\/\/www.karate-neuhofen.at\/wp-content\/gallery\/10-sommercamp-2018\/Sommercamp20181967.JPG\"\n               title=\"\"\n               data-src=\"http:\/\/www.karate-neuhofen.at\/wp-content\/gallery\/10-sommercamp-2018\/Sommercamp20181967.JPG\"\n               data-thumbnail=\"http:\/\/www.karate-neuhofen.at\/wp-content\/gallery\/10-sommercamp-2018\/thumbs\/thumbs_Sommercamp20181967.JPG\"\n               data-image-id=\"21703\"\n               data-title=\"Sommercamp2018(1967)\"\n               data-description=\"\"\n               data-image-slug=\"sommercamp20181967\"\n               class=\"shutterset_14ea2dae3d90de67c1fc228ab12416d8\">\n                <img\n                    title=\"Sommercamp2018(1967)\"\n                    alt=\"Sommercamp2018(1967)\"\n                    src=\"http:\/\/www.karate-neuhofen.at\/wp-content\/gallery\/10-sommercamp-2018\/thumbs\/thumbs_Sommercamp20181967.JPG\"\n                    width=\"240\"\n                    height=\"160\"\n                    style=\"max-width:100%;\"\n                \/>\n            <\/a>\n        <\/div>\n\t\t\t\t\t\t\t<\/div> \n\t\t\t\n        \n\t\t\t\t<div id=\"ngg-image-967\" class=\"ngg-gallery-thumbnail-box\" >\n\t\t\t\t        <div class=\"ngg-gallery-thumbnail\">\n            <a href=\"http:\/\/www.karate-neuhofen.at\/wp-content\/gallery\/10-sommercamp-2018\/Sommercamp20181968.JPG\"\n               title=\"\"\n               data-src=\"http:\/\/www.karate-neuhofen.at\/wp-content\/gallery\/10-sommercamp-2018\/Sommercamp20181968.JPG\"\n               data-thumbnail=\"http:\/\/www.karate-neuhofen.at\/wp-content\/gallery\/10-sommercamp-2018\/thumbs\/thumbs_Sommercamp20181968.JPG\"\n               data-image-id=\"21704\"\n               data-title=\"Sommercamp2018(1968)\"\n               data-description=\"\"\n               data-image-slug=\"sommercamp20181968\"\n               class=\"shutterset_14ea2dae3d90de67c1fc228ab12416d8\">\n                <img\n                    title=\"Sommercamp2018(1968)\"\n                    alt=\"Sommercamp2018(1968)\"\n                    src=\"http:\/\/www.karate-neuhofen.at\/wp-content\/gallery\/10-sommercamp-2018\/thumbs\/thumbs_Sommercamp20181968.JPG\"\n                    width=\"240\"\n                    height=\"160\"\n                    style=\"max-width:100%;\"\n                \/>\n            <\/a>\n        <\/div>\n\t\t\t\t\t\t\t<\/div> \n\t\t\t\n        \n\t\t\t\t<div id=\"ngg-image-968\" class=\"ngg-gallery-thumbnail-box\" >\n\t\t\t\t        <div class=\"ngg-gallery-thumbnail\">\n            <a href=\"http:\/\/www.karate-neuhofen.at\/wp-content\/gallery\/10-sommercamp-2018\/Sommercamp20181969.JPG\"\n               title=\"\"\n               data-src=\"http:\/\/www.karate-neuhofen.at\/wp-content\/gallery\/10-sommercamp-2018\/Sommercamp20181969.JPG\"\n               data-thumbnail=\"http:\/\/www.karate-neuhofen.at\/wp-content\/gallery\/10-sommercamp-2018\/thumbs\/thumbs_Sommercamp20181969.JPG\"\n               data-image-id=\"21705\"\n               data-title=\"Sommercamp2018(1969)\"\n               data-description=\"\"\n               data-image-slug=\"sommercamp20181969\"\n               class=\"shutterset_14ea2dae3d90de67c1fc228ab12416d8\">\n                <img\n                    title=\"Sommercamp2018(1969)\"\n                    alt=\"Sommercamp2018(1969)\"\n                    src=\"http:\/\/www.karate-neuhofen.at\/wp-content\/gallery\/10-sommercamp-2018\/thumbs\/thumbs_Sommercamp20181969.JPG\"\n                    width=\"240\"\n                    height=\"160\"\n                    style=\"max-width:100%;\"\n                \/>\n            <\/a>\n        <\/div>\n\t\t\t\t\t\t\t<\/div> \n\t\t\t\n        \n\t\t\t\t<div id=\"ngg-image-969\" class=\"ngg-gallery-thumbnail-box\" >\n\t\t\t\t        <div class=\"ngg-gallery-thumbnail\">\n            <a href=\"http:\/\/www.karate-neuhofen.at\/wp-content\/gallery\/10-sommercamp-2018\/Sommercamp20181970.JPG\"\n               title=\"\"\n               data-src=\"http:\/\/www.karate-neuhofen.at\/wp-content\/gallery\/10-sommercamp-2018\/Sommercamp20181970.JPG\"\n               data-thumbnail=\"http:\/\/www.karate-neuhofen.at\/wp-content\/gallery\/10-sommercamp-2018\/thumbs\/thumbs_Sommercamp20181970.JPG\"\n               data-image-id=\"21706\"\n               data-title=\"Sommercamp2018(1970)\"\n               data-description=\"\"\n               data-image-slug=\"sommercamp20181970\"\n               class=\"shutterset_14ea2dae3d90de67c1fc228ab12416d8\">\n                <img\n                    title=\"Sommercamp2018(1970)\"\n                    alt=\"Sommercamp2018(1970)\"\n                    src=\"http:\/\/www.karate-neuhofen.at\/wp-content\/gallery\/10-sommercamp-2018\/thumbs\/thumbs_Sommercamp20181970.JPG\"\n                    width=\"240\"\n                    height=\"160\"\n                    style=\"max-width:100%;\"\n                \/>\n            <\/a>\n        <\/div>\n\t\t\t\t\t\t\t<\/div> \n\t\t\t\n        \n\t\t\t\t<div id=\"ngg-image-970\" class=\"ngg-gallery-thumbnail-box\" >\n\t\t\t\t        <div class=\"ngg-gallery-thumbnail\">\n            <a href=\"http:\/\/www.karate-neuhofen.at\/wp-content\/gallery\/10-sommercamp-2018\/Sommercamp20181971.JPG\"\n               title=\"\"\n               data-src=\"http:\/\/www.karate-neuhofen.at\/wp-content\/gallery\/10-sommercamp-2018\/Sommercamp20181971.JPG\"\n               data-thumbnail=\"http:\/\/www.karate-neuhofen.at\/wp-content\/gallery\/10-sommercamp-2018\/thumbs\/thumbs_Sommercamp20181971.JPG\"\n               data-image-id=\"21707\"\n               data-title=\"Sommercamp2018(1971)\"\n               data-description=\"\"\n               data-image-slug=\"sommercamp20181971\"\n               class=\"shutterset_14ea2dae3d90de67c1fc228ab12416d8\">\n                <img\n                    title=\"Sommercamp2018(1971)\"\n                    alt=\"Sommercamp2018(1971)\"\n                    src=\"http:\/\/www.karate-neuhofen.at\/wp-content\/gallery\/10-sommercamp-2018\/thumbs\/thumbs_Sommercamp20181971.JPG\"\n                    width=\"240\"\n                    height=\"160\"\n                    style=\"max-width:100%;\"\n                \/>\n            <\/a>\n        <\/div>\n\t\t\t\t\t\t\t<\/div> \n\t\t\t\n        \n\t\t\t\t<div id=\"ngg-image-971\" class=\"ngg-gallery-thumbnail-box\" >\n\t\t\t\t        <div class=\"ngg-gallery-thumbnail\">\n            <a href=\"http:\/\/www.karate-neuhofen.at\/wp-content\/gallery\/10-sommercamp-2018\/Sommercamp20181972.JPG\"\n               title=\"\"\n               data-src=\"http:\/\/www.karate-neuhofen.at\/wp-content\/gallery\/10-sommercamp-2018\/Sommercamp20181972.JPG\"\n               data-thumbnail=\"http:\/\/www.karate-neuhofen.at\/wp-content\/gallery\/10-sommercamp-2018\/thumbs\/thumbs_Sommercamp20181972.JPG\"\n               data-image-id=\"21708\"\n               data-title=\"Sommercamp2018(1972)\"\n               data-description=\"\"\n               data-image-slug=\"sommercamp20181972\"\n               class=\"shutterset_14ea2dae3d90de67c1fc228ab12416d8\">\n                <img\n                    title=\"Sommercamp2018(1972)\"\n                    alt=\"Sommercamp2018(1972)\"\n                    src=\"http:\/\/www.karate-neuhofen.at\/wp-content\/gallery\/10-sommercamp-2018\/thumbs\/thumbs_Sommercamp20181972.JPG\"\n                    width=\"240\"\n                    height=\"160\"\n                    style=\"max-width:100%;\"\n                \/>\n            <\/a>\n        <\/div>\n\t\t\t\t\t\t\t<\/div> \n\t\t\t\n        \n\t\t\t\t<div id=\"ngg-image-972\" class=\"ngg-gallery-thumbnail-box\" >\n\t\t\t\t        <div class=\"ngg-gallery-thumbnail\">\n            <a href=\"http:\/\/www.karate-neuhofen.at\/wp-content\/gallery\/10-sommercamp-2018\/Sommercamp20181973.JPG\"\n               title=\"\"\n               data-src=\"http:\/\/www.karate-neuhofen.at\/wp-content\/gallery\/10-sommercamp-2018\/Sommercamp20181973.JPG\"\n               data-thumbnail=\"http:\/\/www.karate-neuhofen.at\/wp-content\/gallery\/10-sommercamp-2018\/thumbs\/thumbs_Sommercamp20181973.JPG\"\n               data-image-id=\"21709\"\n               data-title=\"Sommercamp2018(1973)\"\n               data-description=\"\"\n               data-image-slug=\"sommercamp20181973\"\n               class=\"shutterset_14ea2dae3d90de67c1fc228ab12416d8\">\n                <img\n                    title=\"Sommercamp2018(1973)\"\n                    alt=\"Sommercamp2018(1973)\"\n                    src=\"http:\/\/www.karate-neuhofen.at\/wp-content\/gallery\/10-sommercamp-2018\/thumbs\/thumbs_Sommercamp20181973.JPG\"\n                    width=\"240\"\n                    height=\"160\"\n                    style=\"max-width:100%;\"\n                \/>\n            <\/a>\n        <\/div>\n\t\t\t\t\t\t\t<\/div> \n\t\t\t\n        \n\t\t\t\t<div id=\"ngg-image-973\" class=\"ngg-gallery-thumbnail-box\" >\n\t\t\t\t        <div class=\"ngg-gallery-thumbnail\">\n            <a href=\"http:\/\/www.karate-neuhofen.at\/wp-content\/gallery\/10-sommercamp-2018\/Sommercamp20181974.JPG\"\n               title=\"\"\n               data-src=\"http:\/\/www.karate-neuhofen.at\/wp-content\/gallery\/10-sommercamp-2018\/Sommercamp20181974.JPG\"\n               data-thumbnail=\"http:\/\/www.karate-neuhofen.at\/wp-content\/gallery\/10-sommercamp-2018\/thumbs\/thumbs_Sommercamp20181974.JPG\"\n               data-image-id=\"21710\"\n               data-title=\"Sommercamp2018(1974)\"\n               data-description=\"\"\n               data-image-slug=\"sommercamp20181974\"\n               class=\"shutterset_14ea2dae3d90de67c1fc228ab12416d8\">\n                <img\n                    title=\"Sommercamp2018(1974)\"\n                    alt=\"Sommercamp2018(1974)\"\n                    src=\"http:\/\/www.karate-neuhofen.at\/wp-content\/gallery\/10-sommercamp-2018\/thumbs\/thumbs_Sommercamp20181974.JPG\"\n                    width=\"240\"\n                    height=\"160\"\n                    style=\"max-width:100%;\"\n                \/>\n            <\/a>\n        <\/div>\n\t\t\t\t\t\t\t<\/div> \n\t\t\t\n        \n\t\t\t\t<div id=\"ngg-image-974\" class=\"ngg-gallery-thumbnail-box\" >\n\t\t\t\t        <div class=\"ngg-gallery-thumbnail\">\n            <a href=\"http:\/\/www.karate-neuhofen.at\/wp-content\/gallery\/10-sommercamp-2018\/Sommercamp20181975.JPG\"\n               title=\"\"\n               data-src=\"http:\/\/www.karate-neuhofen.at\/wp-content\/gallery\/10-sommercamp-2018\/Sommercamp20181975.JPG\"\n               data-thumbnail=\"http:\/\/www.karate-neuhofen.at\/wp-content\/gallery\/10-sommercamp-2018\/thumbs\/thumbs_Sommercamp20181975.JPG\"\n               data-image-id=\"21711\"\n               data-title=\"Sommercamp2018(1975)\"\n               data-description=\"\"\n               data-image-slug=\"sommercamp20181975\"\n               class=\"shutterset_14ea2dae3d90de67c1fc228ab12416d8\">\n                <img\n                    title=\"Sommercamp2018(1975)\"\n                    alt=\"Sommercamp2018(1975)\"\n                    src=\"http:\/\/www.karate-neuhofen.at\/wp-content\/gallery\/10-sommercamp-2018\/thumbs\/thumbs_Sommercamp20181975.JPG\"\n                    width=\"240\"\n                    height=\"160\"\n                    style=\"max-width:100%;\"\n                \/>\n            <\/a>\n        <\/div>\n\t\t\t\t\t\t\t<\/div> \n\t\t\t\n        \n\t\t\t\t<div id=\"ngg-image-975\" class=\"ngg-gallery-thumbnail-box\" >\n\t\t\t\t        <div class=\"ngg-gallery-thumbnail\">\n            <a href=\"http:\/\/www.karate-neuhofen.at\/wp-content\/gallery\/10-sommercamp-2018\/Sommercamp20181976.JPG\"\n               title=\"\"\n               data-src=\"http:\/\/www.karate-neuhofen.at\/wp-content\/gallery\/10-sommercamp-2018\/Sommercamp20181976.JPG\"\n               data-thumbnail=\"http:\/\/www.karate-neuhofen.at\/wp-content\/gallery\/10-sommercamp-2018\/thumbs\/thumbs_Sommercamp20181976.JPG\"\n               data-image-id=\"21712\"\n               data-title=\"Sommercamp2018(1976)\"\n               data-description=\"\"\n               data-image-slug=\"sommercamp20181976\"\n               class=\"shutterset_14ea2dae3d90de67c1fc228ab12416d8\">\n                <img\n                    title=\"Sommercamp2018(1976)\"\n                    alt=\"Sommercamp2018(1976)\"\n                    src=\"http:\/\/www.karate-neuhofen.at\/wp-content\/gallery\/10-sommercamp-2018\/thumbs\/thumbs_Sommercamp20181976.JPG\"\n                    width=\"240\"\n                    height=\"160\"\n                    style=\"max-width:100%;\"\n                \/>\n            <\/a>\n        <\/div>\n\t\t\t\t\t\t\t<\/div> \n\t\t\t\n        \n\t\t\t\t<div id=\"ngg-image-976\" class=\"ngg-gallery-thumbnail-box\" >\n\t\t\t\t        <div class=\"ngg-gallery-thumbnail\">\n            <a href=\"http:\/\/www.karate-neuhofen.at\/wp-content\/gallery\/10-sommercamp-2018\/Sommercamp20181977.JPG\"\n               title=\"\"\n               data-src=\"http:\/\/www.karate-neuhofen.at\/wp-content\/gallery\/10-sommercamp-2018\/Sommercamp20181977.JPG\"\n               data-thumbnail=\"http:\/\/www.karate-neuhofen.at\/wp-content\/gallery\/10-sommercamp-2018\/thumbs\/thumbs_Sommercamp20181977.JPG\"\n               data-image-id=\"21713\"\n               data-title=\"Sommercamp2018(1977)\"\n               data-description=\"\"\n               data-image-slug=\"sommercamp20181977\"\n               class=\"shutterset_14ea2dae3d90de67c1fc228ab12416d8\">\n                <img\n                    title=\"Sommercamp2018(1977)\"\n                    alt=\"Sommercamp2018(1977)\"\n                    src=\"http:\/\/www.karate-neuhofen.at\/wp-content\/gallery\/10-sommercamp-2018\/thumbs\/thumbs_Sommercamp20181977.JPG\"\n                    width=\"240\"\n                    height=\"160\"\n                    style=\"max-width:100%;\"\n                \/>\n            <\/a>\n        <\/div>\n\t\t\t\t\t\t\t<\/div> \n\t\t\t\n        \n\t\t\t\t<div id=\"ngg-image-977\" class=\"ngg-gallery-thumbnail-box\" >\n\t\t\t\t        <div class=\"ngg-gallery-thumbnail\">\n            <a href=\"http:\/\/www.karate-neuhofen.at\/wp-content\/gallery\/10-sommercamp-2018\/Sommercamp20181978.JPG\"\n               title=\"\"\n               data-src=\"http:\/\/www.karate-neuhofen.at\/wp-content\/gallery\/10-sommercamp-2018\/Sommercamp20181978.JPG\"\n               data-thumbnail=\"http:\/\/www.karate-neuhofen.at\/wp-content\/gallery\/10-sommercamp-2018\/thumbs\/thumbs_Sommercamp20181978.JPG\"\n               data-image-id=\"21714\"\n               data-title=\"Sommercamp2018(1978)\"\n               data-description=\"\"\n               data-image-slug=\"sommercamp20181978\"\n               class=\"shutterset_14ea2dae3d90de67c1fc228ab12416d8\">\n                <img\n                    title=\"Sommercamp2018(1978)\"\n                    alt=\"Sommercamp2018(1978)\"\n                    src=\"http:\/\/www.karate-neuhofen.at\/wp-content\/gallery\/10-sommercamp-2018\/thumbs\/thumbs_Sommercamp20181978.JPG\"\n                    width=\"240\"\n                    height=\"160\"\n                    style=\"max-width:100%;\"\n                \/>\n            <\/a>\n        <\/div>\n\t\t\t\t\t\t\t<\/div> \n\t\t\t\n        \n\t\t\t\t<div id=\"ngg-image-978\" class=\"ngg-gallery-thumbnail-box\" >\n\t\t\t\t        <div class=\"ngg-gallery-thumbnail\">\n            <a href=\"http:\/\/www.karate-neuhofen.at\/wp-content\/gallery\/10-sommercamp-2018\/Sommercamp20181979.JPG\"\n               title=\"\"\n               data-src=\"http:\/\/www.karate-neuhofen.at\/wp-content\/gallery\/10-sommercamp-2018\/Sommercamp20181979.JPG\"\n               data-thumbnail=\"http:\/\/www.karate-neuhofen.at\/wp-content\/gallery\/10-sommercamp-2018\/thumbs\/thumbs_Sommercamp20181979.JPG\"\n               data-image-id=\"21715\"\n               data-title=\"Sommercamp2018(1979)\"\n               data-description=\"\"\n               data-image-slug=\"sommercamp20181979\"\n               class=\"shutterset_14ea2dae3d90de67c1fc228ab12416d8\">\n                <img\n                    title=\"Sommercamp2018(1979)\"\n                    alt=\"Sommercamp2018(1979)\"\n                    src=\"http:\/\/www.karate-neuhofen.at\/wp-content\/gallery\/10-sommercamp-2018\/thumbs\/thumbs_Sommercamp20181979.JPG\"\n                    width=\"240\"\n                    height=\"160\"\n                    style=\"max-width:100%;\"\n                \/>\n            <\/a>\n        <\/div>\n\t\t\t\t\t\t\t<\/div> \n\t\t\t\n        \n\t\t\t\t<div id=\"ngg-image-979\" class=\"ngg-gallery-thumbnail-box\" >\n\t\t\t\t        <div class=\"ngg-gallery-thumbnail\">\n            <a href=\"http:\/\/www.karate-neuhofen.at\/wp-content\/gallery\/10-sommercamp-2018\/Sommercamp20181980.JPG\"\n               title=\"\"\n               data-src=\"http:\/\/www.karate-neuhofen.at\/wp-content\/gallery\/10-sommercamp-2018\/Sommercamp20181980.JPG\"\n               data-thumbnail=\"http:\/\/www.karate-neuhofen.at\/wp-content\/gallery\/10-sommercamp-2018\/thumbs\/thumbs_Sommercamp20181980.JPG\"\n               data-image-id=\"21716\"\n               data-title=\"Sommercamp2018(1980)\"\n               data-description=\"\"\n               data-image-slug=\"sommercamp20181980\"\n               class=\"shutterset_14ea2dae3d90de67c1fc228ab12416d8\">\n                <img\n                    title=\"Sommercamp2018(1980)\"\n                    alt=\"Sommercamp2018(1980)\"\n                    src=\"http:\/\/www.karate-neuhofen.at\/wp-content\/gallery\/10-sommercamp-2018\/thumbs\/thumbs_Sommercamp20181980.JPG\"\n                    width=\"240\"\n                    height=\"160\"\n                    style=\"max-width:100%;\"\n                \/>\n            <\/a>\n        <\/div>\n\t\t\t\t\t\t\t<\/div> \n\t\t\t\n        \n\t\t\t\t<div id=\"ngg-image-980\" class=\"ngg-gallery-thumbnail-box\" >\n\t\t\t\t        <div class=\"ngg-gallery-thumbnail\">\n            <a href=\"http:\/\/www.karate-neuhofen.at\/wp-content\/gallery\/10-sommercamp-2018\/Sommercamp20181981.JPG\"\n               title=\"\"\n               data-src=\"http:\/\/www.karate-neuhofen.at\/wp-content\/gallery\/10-sommercamp-2018\/Sommercamp20181981.JPG\"\n               data-thumbnail=\"http:\/\/www.karate-neuhofen.at\/wp-content\/gallery\/10-sommercamp-2018\/thumbs\/thumbs_Sommercamp20181981.JPG\"\n               data-image-id=\"21717\"\n               data-title=\"Sommercamp2018(1981)\"\n               data-description=\"\"\n               data-image-slug=\"sommercamp20181981\"\n               class=\"shutterset_14ea2dae3d90de67c1fc228ab12416d8\">\n                <img\n                    title=\"Sommercamp2018(1981)\"\n                    alt=\"Sommercamp2018(1981)\"\n                    src=\"http:\/\/www.karate-neuhofen.at\/wp-content\/gallery\/10-sommercamp-2018\/thumbs\/thumbs_Sommercamp20181981.JPG\"\n                    width=\"240\"\n                    height=\"160\"\n                    style=\"max-width:100%;\"\n                \/>\n            <\/a>\n        <\/div>\n\t\t\t\t\t\t\t<\/div> \n\t\t\t\n        \n\t\t\t\t<div id=\"ngg-image-981\" class=\"ngg-gallery-thumbnail-box\" >\n\t\t\t\t        <div class=\"ngg-gallery-thumbnail\">\n            <a href=\"http:\/\/www.karate-neuhofen.at\/wp-content\/gallery\/10-sommercamp-2018\/Sommercamp20181982.JPG\"\n               title=\"\"\n               data-src=\"http:\/\/www.karate-neuhofen.at\/wp-content\/gallery\/10-sommercamp-2018\/Sommercamp20181982.JPG\"\n               data-thumbnail=\"http:\/\/www.karate-neuhofen.at\/wp-content\/gallery\/10-sommercamp-2018\/thumbs\/thumbs_Sommercamp20181982.JPG\"\n               data-image-id=\"21718\"\n               data-title=\"Sommercamp2018(1982)\"\n               data-description=\"\"\n               data-image-slug=\"sommercamp20181982\"\n               class=\"shutterset_14ea2dae3d90de67c1fc228ab12416d8\">\n                <img\n                    title=\"Sommercamp2018(1982)\"\n                    alt=\"Sommercamp2018(1982)\"\n                    src=\"http:\/\/www.karate-neuhofen.at\/wp-content\/gallery\/10-sommercamp-2018\/thumbs\/thumbs_Sommercamp20181982.JPG\"\n                    width=\"240\"\n                    height=\"160\"\n                    style=\"max-width:100%;\"\n                \/>\n            <\/a>\n        <\/div>\n\t\t\t\t\t\t\t<\/div> \n\t\t\t\n        \n\t\t\t\t<div id=\"ngg-image-982\" class=\"ngg-gallery-thumbnail-box\" >\n\t\t\t\t        <div class=\"ngg-gallery-thumbnail\">\n            <a href=\"http:\/\/www.karate-neuhofen.at\/wp-content\/gallery\/10-sommercamp-2018\/Sommercamp20181983.JPG\"\n               title=\"\"\n               data-src=\"http:\/\/www.karate-neuhofen.at\/wp-content\/gallery\/10-sommercamp-2018\/Sommercamp20181983.JPG\"\n               data-thumbnail=\"http:\/\/www.karate-neuhofen.at\/wp-content\/gallery\/10-sommercamp-2018\/thumbs\/thumbs_Sommercamp20181983.JPG\"\n               data-image-id=\"21719\"\n               data-title=\"Sommercamp2018(1983)\"\n               data-description=\"\"\n               data-image-slug=\"sommercamp20181983\"\n               class=\"shutterset_14ea2dae3d90de67c1fc228ab12416d8\">\n                <img\n                    title=\"Sommercamp2018(1983)\"\n                    alt=\"Sommercamp2018(1983)\"\n                    src=\"http:\/\/www.karate-neuhofen.at\/wp-content\/gallery\/10-sommercamp-2018\/thumbs\/thumbs_Sommercamp20181983.JPG\"\n                    width=\"240\"\n                    height=\"160\"\n                    style=\"max-width:100%;\"\n                \/>\n            <\/a>\n        <\/div>\n\t\t\t\t\t\t\t<\/div> \n\t\t\t\n        \n\t\t\t\t<div id=\"ngg-image-983\" class=\"ngg-gallery-thumbnail-box\" >\n\t\t\t\t        <div class=\"ngg-gallery-thumbnail\">\n            <a href=\"http:\/\/www.karate-neuhofen.at\/wp-content\/gallery\/10-sommercamp-2018\/Sommercamp20181984.JPG\"\n               title=\"\"\n               data-src=\"http:\/\/www.karate-neuhofen.at\/wp-content\/gallery\/10-sommercamp-2018\/Sommercamp20181984.JPG\"\n               data-thumbnail=\"http:\/\/www.karate-neuhofen.at\/wp-content\/gallery\/10-sommercamp-2018\/thumbs\/thumbs_Sommercamp20181984.JPG\"\n               data-image-id=\"21720\"\n               data-title=\"Sommercamp2018(1984)\"\n               data-description=\"\"\n               data-image-slug=\"sommercamp20181984\"\n               class=\"shutterset_14ea2dae3d90de67c1fc228ab12416d8\">\n                <img\n                    title=\"Sommercamp2018(1984)\"\n                    alt=\"Sommercamp2018(1984)\"\n                    src=\"http:\/\/www.karate-neuhofen.at\/wp-content\/gallery\/10-sommercamp-2018\/thumbs\/thumbs_Sommercamp20181984.JPG\"\n                    width=\"240\"\n                    height=\"160\"\n                    style=\"max-width:100%;\"\n                \/>\n            <\/a>\n        <\/div>\n\t\t\t\t\t\t\t<\/div> \n\t\t\t\n        \n\t\t\t\t<div id=\"ngg-image-984\" class=\"ngg-gallery-thumbnail-box\" >\n\t\t\t\t        <div class=\"ngg-gallery-thumbnail\">\n            <a href=\"http:\/\/www.karate-neuhofen.at\/wp-content\/gallery\/10-sommercamp-2018\/Sommercamp20181985.JPG\"\n               title=\"\"\n               data-src=\"http:\/\/www.karate-neuhofen.at\/wp-content\/gallery\/10-sommercamp-2018\/Sommercamp20181985.JPG\"\n               data-thumbnail=\"http:\/\/www.karate-neuhofen.at\/wp-content\/gallery\/10-sommercamp-2018\/thumbs\/thumbs_Sommercamp20181985.JPG\"\n               data-image-id=\"21721\"\n               data-title=\"Sommercamp2018(1985)\"\n               data-description=\"\"\n               data-image-slug=\"sommercamp20181985\"\n               class=\"shutterset_14ea2dae3d90de67c1fc228ab12416d8\">\n                <img\n                    title=\"Sommercamp2018(1985)\"\n                    alt=\"Sommercamp2018(1985)\"\n                    src=\"http:\/\/www.karate-neuhofen.at\/wp-content\/gallery\/10-sommercamp-2018\/thumbs\/thumbs_Sommercamp20181985.JPG\"\n                    width=\"240\"\n                    height=\"160\"\n                    style=\"max-width:100%;\"\n                \/>\n            <\/a>\n        <\/div>\n\t\t\t\t\t\t\t<\/div> \n\t\t\t\n        \n\t\t\t\t<div id=\"ngg-image-985\" class=\"ngg-gallery-thumbnail-box\" >\n\t\t\t\t        <div class=\"ngg-gallery-thumbnail\">\n            <a href=\"http:\/\/www.karate-neuhofen.at\/wp-content\/gallery\/10-sommercamp-2018\/Sommercamp20181986.JPG\"\n               title=\"\"\n               data-src=\"http:\/\/www.karate-neuhofen.at\/wp-content\/gallery\/10-sommercamp-2018\/Sommercamp20181986.JPG\"\n               data-thumbnail=\"http:\/\/www.karate-neuhofen.at\/wp-content\/gallery\/10-sommercamp-2018\/thumbs\/thumbs_Sommercamp20181986.JPG\"\n               data-image-id=\"21722\"\n               data-title=\"Sommercamp2018(1986)\"\n               data-description=\"\"\n               data-image-slug=\"sommercamp20181986\"\n               class=\"shutterset_14ea2dae3d90de67c1fc228ab12416d8\">\n                <img\n                    title=\"Sommercamp2018(1986)\"\n                    alt=\"Sommercamp2018(1986)\"\n                    src=\"http:\/\/www.karate-neuhofen.at\/wp-content\/gallery\/10-sommercamp-2018\/thumbs\/thumbs_Sommercamp20181986.JPG\"\n                    width=\"240\"\n                    height=\"160\"\n                    style=\"max-width:100%;\"\n                \/>\n            <\/a>\n        <\/div>\n\t\t\t\t\t\t\t<\/div> \n\t\t\t\n        \n\t\t\t\t<div id=\"ngg-image-986\" class=\"ngg-gallery-thumbnail-box\" >\n\t\t\t\t        <div class=\"ngg-gallery-thumbnail\">\n            <a href=\"http:\/\/www.karate-neuhofen.at\/wp-content\/gallery\/10-sommercamp-2018\/Sommercamp20181987.JPG\"\n               title=\"\"\n               data-src=\"http:\/\/www.karate-neuhofen.at\/wp-content\/gallery\/10-sommercamp-2018\/Sommercamp20181987.JPG\"\n               data-thumbnail=\"http:\/\/www.karate-neuhofen.at\/wp-content\/gallery\/10-sommercamp-2018\/thumbs\/thumbs_Sommercamp20181987.JPG\"\n               data-image-id=\"21723\"\n               data-title=\"Sommercamp2018(1987)\"\n               data-description=\"\"\n               data-image-slug=\"sommercamp20181987\"\n               class=\"shutterset_14ea2dae3d90de67c1fc228ab12416d8\">\n                <img\n                    title=\"Sommercamp2018(1987)\"\n                    alt=\"Sommercamp2018(1987)\"\n                    src=\"http:\/\/www.karate-neuhofen.at\/wp-content\/gallery\/10-sommercamp-2018\/thumbs\/thumbs_Sommercamp20181987.JPG\"\n                    width=\"240\"\n                    height=\"160\"\n                    style=\"max-width:100%;\"\n                \/>\n            <\/a>\n        <\/div>\n\t\t\t\t\t\t\t<\/div> \n\t\t\t\n        \n\t\t\t\t<div id=\"ngg-image-987\" class=\"ngg-gallery-thumbnail-box\" >\n\t\t\t\t        <div class=\"ngg-gallery-thumbnail\">\n            <a href=\"http:\/\/www.karate-neuhofen.at\/wp-content\/gallery\/10-sommercamp-2018\/Sommercamp20181988.JPG\"\n               title=\"\"\n               data-src=\"http:\/\/www.karate-neuhofen.at\/wp-content\/gallery\/10-sommercamp-2018\/Sommercamp20181988.JPG\"\n               data-thumbnail=\"http:\/\/www.karate-neuhofen.at\/wp-content\/gallery\/10-sommercamp-2018\/thumbs\/thumbs_Sommercamp20181988.JPG\"\n               data-image-id=\"21724\"\n               data-title=\"Sommercamp2018(1988)\"\n               data-description=\"\"\n               data-image-slug=\"sommercamp20181988\"\n               class=\"shutterset_14ea2dae3d90de67c1fc228ab12416d8\">\n                <img\n                    title=\"Sommercamp2018(1988)\"\n                    alt=\"Sommercamp2018(1988)\"\n                    src=\"http:\/\/www.karate-neuhofen.at\/wp-content\/gallery\/10-sommercamp-2018\/thumbs\/thumbs_Sommercamp20181988.JPG\"\n                    width=\"240\"\n                    height=\"160\"\n                    style=\"max-width:100%;\"\n                \/>\n            <\/a>\n        <\/div>\n\t\t\t\t\t\t\t<\/div> \n\t\t\t\n        \n\t\t\t\t<div id=\"ngg-image-988\" class=\"ngg-gallery-thumbnail-box\" >\n\t\t\t\t        <div class=\"ngg-gallery-thumbnail\">\n            <a href=\"http:\/\/www.karate-neuhofen.at\/wp-content\/gallery\/10-sommercamp-2018\/Sommercamp20181989.JPG\"\n               title=\"\"\n               data-src=\"http:\/\/www.karate-neuhofen.at\/wp-content\/gallery\/10-sommercamp-2018\/Sommercamp20181989.JPG\"\n               data-thumbnail=\"http:\/\/www.karate-neuhofen.at\/wp-content\/gallery\/10-sommercamp-2018\/thumbs\/thumbs_Sommercamp20181989.JPG\"\n               data-image-id=\"21725\"\n               data-title=\"Sommercamp2018(1989)\"\n               data-description=\"\"\n               data-image-slug=\"sommercamp20181989\"\n               class=\"shutterset_14ea2dae3d90de67c1fc228ab12416d8\">\n                <img\n                    title=\"Sommercamp2018(1989)\"\n                    alt=\"Sommercamp2018(1989)\"\n                    src=\"http:\/\/www.karate-neuhofen.at\/wp-content\/gallery\/10-sommercamp-2018\/thumbs\/thumbs_Sommercamp20181989.JPG\"\n                    width=\"240\"\n                    height=\"160\"\n                    style=\"max-width:100%;\"\n                \/>\n            <\/a>\n        <\/div>\n\t\t\t\t\t\t\t<\/div> \n\t\t\t\n        \n\t\t\t\t<div id=\"ngg-image-989\" class=\"ngg-gallery-thumbnail-box\" >\n\t\t\t\t        <div class=\"ngg-gallery-thumbnail\">\n            <a href=\"http:\/\/www.karate-neuhofen.at\/wp-content\/gallery\/10-sommercamp-2018\/Sommercamp20181990.JPG\"\n               title=\"\"\n               data-src=\"http:\/\/www.karate-neuhofen.at\/wp-content\/gallery\/10-sommercamp-2018\/Sommercamp20181990.JPG\"\n               data-thumbnail=\"http:\/\/www.karate-neuhofen.at\/wp-content\/gallery\/10-sommercamp-2018\/thumbs\/thumbs_Sommercamp20181990.JPG\"\n               data-image-id=\"21726\"\n               data-title=\"Sommercamp2018(1990)\"\n               data-description=\"\"\n               data-image-slug=\"sommercamp20181990\"\n               class=\"shutterset_14ea2dae3d90de67c1fc228ab12416d8\">\n                <img\n                    title=\"Sommercamp2018(1990)\"\n                    alt=\"Sommercamp2018(1990)\"\n                    src=\"http:\/\/www.karate-neuhofen.at\/wp-content\/gallery\/10-sommercamp-2018\/thumbs\/thumbs_Sommercamp20181990.JPG\"\n                    width=\"240\"\n                    height=\"160\"\n                    style=\"max-width:100%;\"\n                \/>\n            <\/a>\n        <\/div>\n\t\t\t\t\t\t\t<\/div> \n\t\t\t\n        \n\t\t\t\t<div id=\"ngg-image-990\" class=\"ngg-gallery-thumbnail-box\" >\n\t\t\t\t        <div class=\"ngg-gallery-thumbnail\">\n            <a href=\"http:\/\/www.karate-neuhofen.at\/wp-content\/gallery\/10-sommercamp-2018\/Sommercamp20181991.JPG\"\n               title=\"\"\n               data-src=\"http:\/\/www.karate-neuhofen.at\/wp-content\/gallery\/10-sommercamp-2018\/Sommercamp20181991.JPG\"\n               data-thumbnail=\"http:\/\/www.karate-neuhofen.at\/wp-content\/gallery\/10-sommercamp-2018\/thumbs\/thumbs_Sommercamp20181991.JPG\"\n               data-image-id=\"21727\"\n               data-title=\"Sommercamp2018(1991)\"\n               data-description=\"\"\n               data-image-slug=\"sommercamp20181991\"\n               class=\"shutterset_14ea2dae3d90de67c1fc228ab12416d8\">\n                <img\n                    title=\"Sommercamp2018(1991)\"\n                    alt=\"Sommercamp2018(1991)\"\n                    src=\"http:\/\/www.karate-neuhofen.at\/wp-content\/gallery\/10-sommercamp-2018\/thumbs\/thumbs_Sommercamp20181991.JPG\"\n                    width=\"240\"\n                    height=\"160\"\n                    style=\"max-width:100%;\"\n                \/>\n            <\/a>\n        <\/div>\n\t\t\t\t\t\t\t<\/div> \n\t\t\t\n        \n\t\t\t\t<div id=\"ngg-image-991\" class=\"ngg-gallery-thumbnail-box\" >\n\t\t\t\t        <div class=\"ngg-gallery-thumbnail\">\n            <a href=\"http:\/\/www.karate-neuhofen.at\/wp-content\/gallery\/10-sommercamp-2018\/Sommercamp20181992.JPG\"\n               title=\"\"\n               data-src=\"http:\/\/www.karate-neuhofen.at\/wp-content\/gallery\/10-sommercamp-2018\/Sommercamp20181992.JPG\"\n               data-thumbnail=\"http:\/\/www.karate-neuhofen.at\/wp-content\/gallery\/10-sommercamp-2018\/thumbs\/thumbs_Sommercamp20181992.JPG\"\n               data-image-id=\"21728\"\n               data-title=\"Sommercamp2018(1992)\"\n               data-description=\"\"\n               data-image-slug=\"sommercamp20181992\"\n               class=\"shutterset_14ea2dae3d90de67c1fc228ab12416d8\">\n                <img\n                    title=\"Sommercamp2018(1992)\"\n                    alt=\"Sommercamp2018(1992)\"\n                    src=\"http:\/\/www.karate-neuhofen.at\/wp-content\/gallery\/10-sommercamp-2018\/thumbs\/thumbs_Sommercamp20181992.JPG\"\n                    width=\"240\"\n                    height=\"160\"\n                    style=\"max-width:100%;\"\n                \/>\n            <\/a>\n        <\/div>\n\t\t\t\t\t\t\t<\/div> \n\t\t\t\n        \n\t\t\t\t<div id=\"ngg-image-992\" class=\"ngg-gallery-thumbnail-box\" >\n\t\t\t\t        <div class=\"ngg-gallery-thumbnail\">\n            <a href=\"http:\/\/www.karate-neuhofen.at\/wp-content\/gallery\/10-sommercamp-2018\/Sommercamp20181993.JPG\"\n               title=\"\"\n               data-src=\"http:\/\/www.karate-neuhofen.at\/wp-content\/gallery\/10-sommercamp-2018\/Sommercamp20181993.JPG\"\n               data-thumbnail=\"http:\/\/www.karate-neuhofen.at\/wp-content\/gallery\/10-sommercamp-2018\/thumbs\/thumbs_Sommercamp20181993.JPG\"\n               data-image-id=\"21729\"\n               data-title=\"Sommercamp2018(1993)\"\n               data-description=\"\"\n               data-image-slug=\"sommercamp20181993\"\n               class=\"shutterset_14ea2dae3d90de67c1fc228ab12416d8\">\n                <img\n                    title=\"Sommercamp2018(1993)\"\n                    alt=\"Sommercamp2018(1993)\"\n                    src=\"http:\/\/www.karate-neuhofen.at\/wp-content\/gallery\/10-sommercamp-2018\/thumbs\/thumbs_Sommercamp20181993.JPG\"\n                    width=\"240\"\n                    height=\"160\"\n                    style=\"max-width:100%;\"\n                \/>\n            <\/a>\n        <\/div>\n\t\t\t\t\t\t\t<\/div> \n\t\t\t\n        \n\t\t\t\t<div id=\"ngg-image-993\" class=\"ngg-gallery-thumbnail-box\" >\n\t\t\t\t        <div class=\"ngg-gallery-thumbnail\">\n            <a href=\"http:\/\/www.karate-neuhofen.at\/wp-content\/gallery\/10-sommercamp-2018\/Sommercamp20181994.JPG\"\n               title=\"\"\n               data-src=\"http:\/\/www.karate-neuhofen.at\/wp-content\/gallery\/10-sommercamp-2018\/Sommercamp20181994.JPG\"\n               data-thumbnail=\"http:\/\/www.karate-neuhofen.at\/wp-content\/gallery\/10-sommercamp-2018\/thumbs\/thumbs_Sommercamp20181994.JPG\"\n               data-image-id=\"21730\"\n               data-title=\"Sommercamp2018(1994)\"\n               data-description=\"\"\n               data-image-slug=\"sommercamp20181994\"\n               class=\"shutterset_14ea2dae3d90de67c1fc228ab12416d8\">\n                <img\n                    title=\"Sommercamp2018(1994)\"\n                    alt=\"Sommercamp2018(1994)\"\n                    src=\"http:\/\/www.karate-neuhofen.at\/wp-content\/gallery\/10-sommercamp-2018\/thumbs\/thumbs_Sommercamp20181994.JPG\"\n                    width=\"240\"\n                    height=\"160\"\n                    style=\"max-width:100%;\"\n                \/>\n            <\/a>\n        <\/div>\n\t\t\t\t\t\t\t<\/div> \n\t\t\t\n        \n\t\t\t\t<div id=\"ngg-image-994\" class=\"ngg-gallery-thumbnail-box\" >\n\t\t\t\t        <div class=\"ngg-gallery-thumbnail\">\n            <a href=\"http:\/\/www.karate-neuhofen.at\/wp-content\/gallery\/10-sommercamp-2018\/Sommercamp20181995.JPG\"\n               title=\"\"\n               data-src=\"http:\/\/www.karate-neuhofen.at\/wp-content\/gallery\/10-sommercamp-2018\/Sommercamp20181995.JPG\"\n               data-thumbnail=\"http:\/\/www.karate-neuhofen.at\/wp-content\/gallery\/10-sommercamp-2018\/thumbs\/thumbs_Sommercamp20181995.JPG\"\n               data-image-id=\"21731\"\n               data-title=\"Sommercamp2018(1995)\"\n               data-description=\"\"\n               data-image-slug=\"sommercamp20181995\"\n               class=\"shutterset_14ea2dae3d90de67c1fc228ab12416d8\">\n                <img\n                    title=\"Sommercamp2018(1995)\"\n                    alt=\"Sommercamp2018(1995)\"\n                    src=\"http:\/\/www.karate-neuhofen.at\/wp-content\/gallery\/10-sommercamp-2018\/thumbs\/thumbs_Sommercamp20181995.JPG\"\n                    width=\"240\"\n                    height=\"160\"\n                    style=\"max-width:100%;\"\n                \/>\n            <\/a>\n        <\/div>\n\t\t\t\t\t\t\t<\/div> \n\t\t\t\n        \n\t\t\t\t<div id=\"ngg-image-995\" class=\"ngg-gallery-thumbnail-box\" >\n\t\t\t\t        <div class=\"ngg-gallery-thumbnail\">\n            <a href=\"http:\/\/www.karate-neuhofen.at\/wp-content\/gallery\/10-sommercamp-2018\/Sommercamp20181996.JPG\"\n               title=\"\"\n               data-src=\"http:\/\/www.karate-neuhofen.at\/wp-content\/gallery\/10-sommercamp-2018\/Sommercamp20181996.JPG\"\n               data-thumbnail=\"http:\/\/www.karate-neuhofen.at\/wp-content\/gallery\/10-sommercamp-2018\/thumbs\/thumbs_Sommercamp20181996.JPG\"\n               data-image-id=\"21732\"\n               data-title=\"Sommercamp2018(1996)\"\n               data-description=\"\"\n               data-image-slug=\"sommercamp20181996\"\n               class=\"shutterset_14ea2dae3d90de67c1fc228ab12416d8\">\n                <img\n                    title=\"Sommercamp2018(1996)\"\n                    alt=\"Sommercamp2018(1996)\"\n                    src=\"http:\/\/www.karate-neuhofen.at\/wp-content\/gallery\/10-sommercamp-2018\/thumbs\/thumbs_Sommercamp20181996.JPG\"\n                    width=\"240\"\n                    height=\"160\"\n                    style=\"max-width:100%;\"\n                \/>\n            <\/a>\n        <\/div>\n\t\t\t\t\t\t\t<\/div> \n\t\t\t\n        \n\t\t\t\t<div id=\"ngg-image-996\" class=\"ngg-gallery-thumbnail-box\" >\n\t\t\t\t        <div class=\"ngg-gallery-thumbnail\">\n            <a href=\"http:\/\/www.karate-neuhofen.at\/wp-content\/gallery\/10-sommercamp-2018\/Sommercamp20181997.JPG\"\n               title=\"\"\n               data-src=\"http:\/\/www.karate-neuhofen.at\/wp-content\/gallery\/10-sommercamp-2018\/Sommercamp20181997.JPG\"\n               data-thumbnail=\"http:\/\/www.karate-neuhofen.at\/wp-content\/gallery\/10-sommercamp-2018\/thumbs\/thumbs_Sommercamp20181997.JPG\"\n               data-image-id=\"21733\"\n               data-title=\"Sommercamp2018(1997)\"\n               data-description=\"\"\n               data-image-slug=\"sommercamp20181997\"\n               class=\"shutterset_14ea2dae3d90de67c1fc228ab12416d8\">\n                <img\n                    title=\"Sommercamp2018(1997)\"\n                    alt=\"Sommercamp2018(1997)\"\n                    src=\"http:\/\/www.karate-neuhofen.at\/wp-content\/gallery\/10-sommercamp-2018\/thumbs\/thumbs_Sommercamp20181997.JPG\"\n                    width=\"240\"\n                    height=\"160\"\n                    style=\"max-width:100%;\"\n                \/>\n            <\/a>\n        <\/div>\n\t\t\t\t\t\t\t<\/div> \n\t\t\t\n        \n\t\t\t\t<div id=\"ngg-image-997\" class=\"ngg-gallery-thumbnail-box\" >\n\t\t\t\t        <div class=\"ngg-gallery-thumbnail\">\n            <a href=\"http:\/\/www.karate-neuhofen.at\/wp-content\/gallery\/10-sommercamp-2018\/Sommercamp20181998.JPG\"\n               title=\"\"\n               data-src=\"http:\/\/www.karate-neuhofen.at\/wp-content\/gallery\/10-sommercamp-2018\/Sommercamp20181998.JPG\"\n               data-thumbnail=\"http:\/\/www.karate-neuhofen.at\/wp-content\/gallery\/10-sommercamp-2018\/thumbs\/thumbs_Sommercamp20181998.JPG\"\n               data-image-id=\"21734\"\n               data-title=\"Sommercamp2018(1998)\"\n               data-description=\"\"\n               data-image-slug=\"sommercamp20181998\"\n               class=\"shutterset_14ea2dae3d90de67c1fc228ab12416d8\">\n                <img\n                    title=\"Sommercamp2018(1998)\"\n                    alt=\"Sommercamp2018(1998)\"\n                    src=\"http:\/\/www.karate-neuhofen.at\/wp-content\/gallery\/10-sommercamp-2018\/thumbs\/thumbs_Sommercamp20181998.JPG\"\n                    width=\"240\"\n                    height=\"160\"\n                    style=\"max-width:100%;\"\n                \/>\n            <\/a>\n        <\/div>\n\t\t\t\t\t\t\t<\/div> \n\t\t\t\n        \n\t\t\t\t<div id=\"ngg-image-998\" class=\"ngg-gallery-thumbnail-box\" >\n\t\t\t\t        <div class=\"ngg-gallery-thumbnail\">\n            <a href=\"http:\/\/www.karate-neuhofen.at\/wp-content\/gallery\/10-sommercamp-2018\/Sommercamp20181999.JPG\"\n               title=\"\"\n               data-src=\"http:\/\/www.karate-neuhofen.at\/wp-content\/gallery\/10-sommercamp-2018\/Sommercamp20181999.JPG\"\n               data-thumbnail=\"http:\/\/www.karate-neuhofen.at\/wp-content\/gallery\/10-sommercamp-2018\/thumbs\/thumbs_Sommercamp20181999.JPG\"\n               data-image-id=\"21735\"\n               data-title=\"Sommercamp2018(1999)\"\n               data-description=\"\"\n               data-image-slug=\"sommercamp20181999\"\n               class=\"shutterset_14ea2dae3d90de67c1fc228ab12416d8\">\n                <img\n                    title=\"Sommercamp2018(1999)\"\n                    alt=\"Sommercamp2018(1999)\"\n                    src=\"http:\/\/www.karate-neuhofen.at\/wp-content\/gallery\/10-sommercamp-2018\/thumbs\/thumbs_Sommercamp20181999.JPG\"\n                    width=\"240\"\n                    height=\"160\"\n                    style=\"max-width:100%;\"\n                \/>\n            <\/a>\n        <\/div>\n\t\t\t\t\t\t\t<\/div> \n\t\t\t\n        \n\t\t\t\t<div id=\"ngg-image-999\" class=\"ngg-gallery-thumbnail-box\" >\n\t\t\t\t        <div class=\"ngg-gallery-thumbnail\">\n            <a href=\"http:\/\/www.karate-neuhofen.at\/wp-content\/gallery\/10-sommercamp-2018\/Sommercamp20182000.JPG\"\n               title=\"\"\n               data-src=\"http:\/\/www.karate-neuhofen.at\/wp-content\/gallery\/10-sommercamp-2018\/Sommercamp20182000.JPG\"\n               data-thumbnail=\"http:\/\/www.karate-neuhofen.at\/wp-content\/gallery\/10-sommercamp-2018\/thumbs\/thumbs_Sommercamp20182000.JPG\"\n               data-image-id=\"21736\"\n               data-title=\"Sommercamp2018(2000)\"\n               data-description=\"\"\n               data-image-slug=\"sommercamp20182000\"\n               class=\"shutterset_14ea2dae3d90de67c1fc228ab12416d8\">\n                <img\n                    title=\"Sommercamp2018(2000)\"\n                    alt=\"Sommercamp2018(2000)\"\n                    src=\"http:\/\/www.karate-neuhofen.at\/wp-content\/gallery\/10-sommercamp-2018\/thumbs\/thumbs_Sommercamp20182000.JPG\"\n                    width=\"240\"\n                    height=\"160\"\n                    style=\"max-width:100%;\"\n                \/>\n            <\/a>\n        <\/div>\n\t\t\t\t\t\t\t<\/div> \n\t\t\t\n        \n\t\t\t\t<div id=\"ngg-image-1000\" class=\"ngg-gallery-thumbnail-box\" >\n\t\t\t\t        <div class=\"ngg-gallery-thumbnail\">\n            <a href=\"http:\/\/www.karate-neuhofen.at\/wp-content\/gallery\/10-sommercamp-2018\/Sommercamp20182001.JPG\"\n               title=\"\"\n               data-src=\"http:\/\/www.karate-neuhofen.at\/wp-content\/gallery\/10-sommercamp-2018\/Sommercamp20182001.JPG\"\n               data-thumbnail=\"http:\/\/www.karate-neuhofen.at\/wp-content\/gallery\/10-sommercamp-2018\/thumbs\/thumbs_Sommercamp20182001.JPG\"\n               data-image-id=\"21737\"\n               data-title=\"Sommercamp2018(2001)\"\n               data-description=\"\"\n               data-image-slug=\"sommercamp20182001\"\n               class=\"shutterset_14ea2dae3d90de67c1fc228ab12416d8\">\n                <img\n                    title=\"Sommercamp2018(2001)\"\n                    alt=\"Sommercamp2018(2001)\"\n                    src=\"http:\/\/www.karate-neuhofen.at\/wp-content\/gallery\/10-sommercamp-2018\/thumbs\/thumbs_Sommercamp20182001.JPG\"\n                    width=\"240\"\n                    height=\"160\"\n                    style=\"max-width:100%;\"\n                \/>\n            <\/a>\n        <\/div>\n\t\t\t\t\t\t\t<\/div> \n\t\t\t\n        \n\t\t\t\t<div id=\"ngg-image-1001\" class=\"ngg-gallery-thumbnail-box\" >\n\t\t\t\t        <div class=\"ngg-gallery-thumbnail\">\n            <a href=\"http:\/\/www.karate-neuhofen.at\/wp-content\/gallery\/10-sommercamp-2018\/Sommercamp20182002.JPG\"\n               title=\"\"\n               data-src=\"http:\/\/www.karate-neuhofen.at\/wp-content\/gallery\/10-sommercamp-2018\/Sommercamp20182002.JPG\"\n               data-thumbnail=\"http:\/\/www.karate-neuhofen.at\/wp-content\/gallery\/10-sommercamp-2018\/thumbs\/thumbs_Sommercamp20182002.JPG\"\n               data-image-id=\"21738\"\n               data-title=\"Sommercamp2018(2002)\"\n               data-description=\"\"\n               data-image-slug=\"sommercamp20182002\"\n               class=\"shutterset_14ea2dae3d90de67c1fc228ab12416d8\">\n                <img\n                    title=\"Sommercamp2018(2002)\"\n                    alt=\"Sommercamp2018(2002)\"\n                    src=\"http:\/\/www.karate-neuhofen.at\/wp-content\/gallery\/10-sommercamp-2018\/thumbs\/thumbs_Sommercamp20182002.JPG\"\n                    width=\"240\"\n                    height=\"160\"\n                    style=\"max-width:100%;\"\n                \/>\n            <\/a>\n        <\/div>\n\t\t\t\t\t\t\t<\/div> \n\t\t\t\n        \n\t\t\t\t<div id=\"ngg-image-1002\" class=\"ngg-gallery-thumbnail-box\" >\n\t\t\t\t        <div class=\"ngg-gallery-thumbnail\">\n            <a href=\"http:\/\/www.karate-neuhofen.at\/wp-content\/gallery\/10-sommercamp-2018\/Sommercamp20182003.JPG\"\n               title=\"\"\n               data-src=\"http:\/\/www.karate-neuhofen.at\/wp-content\/gallery\/10-sommercamp-2018\/Sommercamp20182003.JPG\"\n               data-thumbnail=\"http:\/\/www.karate-neuhofen.at\/wp-content\/gallery\/10-sommercamp-2018\/thumbs\/thumbs_Sommercamp20182003.JPG\"\n               data-image-id=\"21739\"\n               data-title=\"Sommercamp2018(2003)\"\n               data-description=\"\"\n               data-image-slug=\"sommercamp20182003\"\n               class=\"shutterset_14ea2dae3d90de67c1fc228ab12416d8\">\n                <img\n                    title=\"Sommercamp2018(2003)\"\n                    alt=\"Sommercamp2018(2003)\"\n                    src=\"http:\/\/www.karate-neuhofen.at\/wp-content\/gallery\/10-sommercamp-2018\/thumbs\/thumbs_Sommercamp20182003.JPG\"\n                    width=\"240\"\n                    height=\"160\"\n                    style=\"max-width:100%;\"\n                \/>\n            <\/a>\n        <\/div>\n\t\t\t\t\t\t\t<\/div> \n\t\t\t\n        \n\t\t\t\t<div id=\"ngg-image-1003\" class=\"ngg-gallery-thumbnail-box\" >\n\t\t\t\t        <div class=\"ngg-gallery-thumbnail\">\n            <a href=\"http:\/\/www.karate-neuhofen.at\/wp-content\/gallery\/10-sommercamp-2018\/Sommercamp20182004.JPG\"\n               title=\"\"\n               data-src=\"http:\/\/www.karate-neuhofen.at\/wp-content\/gallery\/10-sommercamp-2018\/Sommercamp20182004.JPG\"\n               data-thumbnail=\"http:\/\/www.karate-neuhofen.at\/wp-content\/gallery\/10-sommercamp-2018\/thumbs\/thumbs_Sommercamp20182004.JPG\"\n               data-image-id=\"21740\"\n               data-title=\"Sommercamp2018(2004)\"\n               data-description=\"\"\n               data-image-slug=\"sommercamp20182004\"\n               class=\"shutterset_14ea2dae3d90de67c1fc228ab12416d8\">\n                <img\n                    title=\"Sommercamp2018(2004)\"\n                    alt=\"Sommercamp2018(2004)\"\n                    src=\"http:\/\/www.karate-neuhofen.at\/wp-content\/gallery\/10-sommercamp-2018\/thumbs\/thumbs_Sommercamp20182004.JPG\"\n                    width=\"240\"\n                    height=\"160\"\n                    style=\"max-width:100%;\"\n                \/>\n            <\/a>\n        <\/div>\n\t\t\t\t\t\t\t<\/div> \n\t\t\t\n        \n\t\t\t\t<div id=\"ngg-image-1004\" class=\"ngg-gallery-thumbnail-box\" >\n\t\t\t\t        <div class=\"ngg-gallery-thumbnail\">\n            <a href=\"http:\/\/www.karate-neuhofen.at\/wp-content\/gallery\/10-sommercamp-2018\/Sommercamp20182005.JPG\"\n               title=\"\"\n               data-src=\"http:\/\/www.karate-neuhofen.at\/wp-content\/gallery\/10-sommercamp-2018\/Sommercamp20182005.JPG\"\n               data-thumbnail=\"http:\/\/www.karate-neuhofen.at\/wp-content\/gallery\/10-sommercamp-2018\/thumbs\/thumbs_Sommercamp20182005.JPG\"\n               data-image-id=\"21741\"\n               data-title=\"Sommercamp2018(2005)\"\n               data-description=\"\"\n               data-image-slug=\"sommercamp20182005\"\n               class=\"shutterset_14ea2dae3d90de67c1fc228ab12416d8\">\n                <img\n                    title=\"Sommercamp2018(2005)\"\n                    alt=\"Sommercamp2018(2005)\"\n                    src=\"http:\/\/www.karate-neuhofen.at\/wp-content\/gallery\/10-sommercamp-2018\/thumbs\/thumbs_Sommercamp20182005.JPG\"\n                    width=\"240\"\n                    height=\"160\"\n                    style=\"max-width:100%;\"\n                \/>\n            <\/a>\n        <\/div>\n\t\t\t\t\t\t\t<\/div> \n\t\t\t\n        \n\t\t\t\t<div id=\"ngg-image-1005\" class=\"ngg-gallery-thumbnail-box\" >\n\t\t\t\t        <div class=\"ngg-gallery-thumbnail\">\n            <a href=\"http:\/\/www.karate-neuhofen.at\/wp-content\/gallery\/10-sommercamp-2018\/Sommercamp20182006.JPG\"\n               title=\"\"\n               data-src=\"http:\/\/www.karate-neuhofen.at\/wp-content\/gallery\/10-sommercamp-2018\/Sommercamp20182006.JPG\"\n               data-thumbnail=\"http:\/\/www.karate-neuhofen.at\/wp-content\/gallery\/10-sommercamp-2018\/thumbs\/thumbs_Sommercamp20182006.JPG\"\n               data-image-id=\"21742\"\n               data-title=\"Sommercamp2018(2006)\"\n               data-description=\"\"\n               data-image-slug=\"sommercamp20182006\"\n               class=\"shutterset_14ea2dae3d90de67c1fc228ab12416d8\">\n                <img\n                    title=\"Sommercamp2018(2006)\"\n                    alt=\"Sommercamp2018(2006)\"\n                    src=\"http:\/\/www.karate-neuhofen.at\/wp-content\/gallery\/10-sommercamp-2018\/thumbs\/thumbs_Sommercamp20182006.JPG\"\n                    width=\"240\"\n                    height=\"160\"\n                    style=\"max-width:100%;\"\n                \/>\n            <\/a>\n        <\/div>\n\t\t\t\t\t\t\t<\/div> \n\t\t\t\n        \n\t\t\t\t<div id=\"ngg-image-1006\" class=\"ngg-gallery-thumbnail-box\" >\n\t\t\t\t        <div class=\"ngg-gallery-thumbnail\">\n            <a href=\"http:\/\/www.karate-neuhofen.at\/wp-content\/gallery\/10-sommercamp-2018\/Sommercamp20182007.JPG\"\n               title=\"\"\n               data-src=\"http:\/\/www.karate-neuhofen.at\/wp-content\/gallery\/10-sommercamp-2018\/Sommercamp20182007.JPG\"\n               data-thumbnail=\"http:\/\/www.karate-neuhofen.at\/wp-content\/gallery\/10-sommercamp-2018\/thumbs\/thumbs_Sommercamp20182007.JPG\"\n               data-image-id=\"21743\"\n               data-title=\"Sommercamp2018(2007)\"\n               data-description=\"\"\n               data-image-slug=\"sommercamp20182007\"\n               class=\"shutterset_14ea2dae3d90de67c1fc228ab12416d8\">\n                <img\n                    title=\"Sommercamp2018(2007)\"\n                    alt=\"Sommercamp2018(2007)\"\n                    src=\"http:\/\/www.karate-neuhofen.at\/wp-content\/gallery\/10-sommercamp-2018\/thumbs\/thumbs_Sommercamp20182007.JPG\"\n                    width=\"240\"\n                    height=\"160\"\n                    style=\"max-width:100%;\"\n                \/>\n            <\/a>\n        <\/div>\n\t\t\t\t\t\t\t<\/div> \n\t\t\t\n        \n\t\t\t\t<div id=\"ngg-image-1007\" class=\"ngg-gallery-thumbnail-box\" >\n\t\t\t\t        <div class=\"ngg-gallery-thumbnail\">\n            <a href=\"http:\/\/www.karate-neuhofen.at\/wp-content\/gallery\/10-sommercamp-2018\/Sommercamp20182008.JPG\"\n               title=\"\"\n               data-src=\"http:\/\/www.karate-neuhofen.at\/wp-content\/gallery\/10-sommercamp-2018\/Sommercamp20182008.JPG\"\n               data-thumbnail=\"http:\/\/www.karate-neuhofen.at\/wp-content\/gallery\/10-sommercamp-2018\/thumbs\/thumbs_Sommercamp20182008.JPG\"\n               data-image-id=\"21744\"\n               data-title=\"Sommercamp2018(2008)\"\n               data-description=\"\"\n               data-image-slug=\"sommercamp20182008\"\n               class=\"shutterset_14ea2dae3d90de67c1fc228ab12416d8\">\n                <img\n                    title=\"Sommercamp2018(2008)\"\n                    alt=\"Sommercamp2018(2008)\"\n                    src=\"http:\/\/www.karate-neuhofen.at\/wp-content\/gallery\/10-sommercamp-2018\/thumbs\/thumbs_Sommercamp20182008.JPG\"\n                    width=\"240\"\n                    height=\"160\"\n                    style=\"max-width:100%;\"\n                \/>\n            <\/a>\n        <\/div>\n\t\t\t\t\t\t\t<\/div> \n\t\t\t\n        \n\t\t\t\t<div id=\"ngg-image-1008\" class=\"ngg-gallery-thumbnail-box\" >\n\t\t\t\t        <div class=\"ngg-gallery-thumbnail\">\n            <a href=\"http:\/\/www.karate-neuhofen.at\/wp-content\/gallery\/10-sommercamp-2018\/Sommercamp20182009.JPG\"\n               title=\"\"\n               data-src=\"http:\/\/www.karate-neuhofen.at\/wp-content\/gallery\/10-sommercamp-2018\/Sommercamp20182009.JPG\"\n               data-thumbnail=\"http:\/\/www.karate-neuhofen.at\/wp-content\/gallery\/10-sommercamp-2018\/thumbs\/thumbs_Sommercamp20182009.JPG\"\n               data-image-id=\"21745\"\n               data-title=\"Sommercamp2018(2009)\"\n               data-description=\"\"\n               data-image-slug=\"sommercamp20182009\"\n               class=\"shutterset_14ea2dae3d90de67c1fc228ab12416d8\">\n                <img\n                    title=\"Sommercamp2018(2009)\"\n                    alt=\"Sommercamp2018(2009)\"\n                    src=\"http:\/\/www.karate-neuhofen.at\/wp-content\/gallery\/10-sommercamp-2018\/thumbs\/thumbs_Sommercamp20182009.JPG\"\n                    width=\"240\"\n                    height=\"160\"\n                    style=\"max-width:100%;\"\n                \/>\n            <\/a>\n        <\/div>\n\t\t\t\t\t\t\t<\/div> \n\t\t\t\n        \n\t\t\t\t<div id=\"ngg-image-1009\" class=\"ngg-gallery-thumbnail-box\" >\n\t\t\t\t        <div class=\"ngg-gallery-thumbnail\">\n            <a href=\"http:\/\/www.karate-neuhofen.at\/wp-content\/gallery\/10-sommercamp-2018\/Sommercamp20182010.JPG\"\n               title=\"\"\n               data-src=\"http:\/\/www.karate-neuhofen.at\/wp-content\/gallery\/10-sommercamp-2018\/Sommercamp20182010.JPG\"\n               data-thumbnail=\"http:\/\/www.karate-neuhofen.at\/wp-content\/gallery\/10-sommercamp-2018\/thumbs\/thumbs_Sommercamp20182010.JPG\"\n               data-image-id=\"21746\"\n               data-title=\"Sommercamp2018(2010)\"\n               data-description=\"\"\n               data-image-slug=\"sommercamp20182010\"\n               class=\"shutterset_14ea2dae3d90de67c1fc228ab12416d8\">\n                <img\n                    title=\"Sommercamp2018(2010)\"\n                    alt=\"Sommercamp2018(2010)\"\n                    src=\"http:\/\/www.karate-neuhofen.at\/wp-content\/gallery\/10-sommercamp-2018\/thumbs\/thumbs_Sommercamp20182010.JPG\"\n                    width=\"240\"\n                    height=\"160\"\n                    style=\"max-width:100%;\"\n                \/>\n            <\/a>\n        <\/div>\n\t\t\t\t\t\t\t<\/div> \n\t\t\t\n        \n\t\t\t\t<div id=\"ngg-image-1010\" class=\"ngg-gallery-thumbnail-box\" >\n\t\t\t\t        <div class=\"ngg-gallery-thumbnail\">\n            <a href=\"http:\/\/www.karate-neuhofen.at\/wp-content\/gallery\/10-sommercamp-2018\/Sommercamp20182011.JPG\"\n               title=\"\"\n               data-src=\"http:\/\/www.karate-neuhofen.at\/wp-content\/gallery\/10-sommercamp-2018\/Sommercamp20182011.JPG\"\n               data-thumbnail=\"http:\/\/www.karate-neuhofen.at\/wp-content\/gallery\/10-sommercamp-2018\/thumbs\/thumbs_Sommercamp20182011.JPG\"\n               data-image-id=\"21747\"\n               data-title=\"Sommercamp2018(2011)\"\n               data-description=\"\"\n               data-image-slug=\"sommercamp20182011\"\n               class=\"shutterset_14ea2dae3d90de67c1fc228ab12416d8\">\n                <img\n                    title=\"Sommercamp2018(2011)\"\n                    alt=\"Sommercamp2018(2011)\"\n                    src=\"http:\/\/www.karate-neuhofen.at\/wp-content\/gallery\/10-sommercamp-2018\/thumbs\/thumbs_Sommercamp20182011.JPG\"\n                    width=\"240\"\n                    height=\"160\"\n                    style=\"max-width:100%;\"\n                \/>\n            <\/a>\n        <\/div>\n\t\t\t\t\t\t\t<\/div> \n\t\t\t\n        \n\t\t\t\t<div id=\"ngg-image-1011\" class=\"ngg-gallery-thumbnail-box\" >\n\t\t\t\t        <div class=\"ngg-gallery-thumbnail\">\n            <a href=\"http:\/\/www.karate-neuhofen.at\/wp-content\/gallery\/10-sommercamp-2018\/Sommercamp20182012.JPG\"\n               title=\"\"\n               data-src=\"http:\/\/www.karate-neuhofen.at\/wp-content\/gallery\/10-sommercamp-2018\/Sommercamp20182012.JPG\"\n               data-thumbnail=\"http:\/\/www.karate-neuhofen.at\/wp-content\/gallery\/10-sommercamp-2018\/thumbs\/thumbs_Sommercamp20182012.JPG\"\n               data-image-id=\"21748\"\n               data-title=\"Sommercamp2018(2012)\"\n               data-description=\"\"\n               data-image-slug=\"sommercamp20182012\"\n               class=\"shutterset_14ea2dae3d90de67c1fc228ab12416d8\">\n                <img\n                    title=\"Sommercamp2018(2012)\"\n                    alt=\"Sommercamp2018(2012)\"\n                    src=\"http:\/\/www.karate-neuhofen.at\/wp-content\/gallery\/10-sommercamp-2018\/thumbs\/thumbs_Sommercamp20182012.JPG\"\n                    width=\"240\"\n                    height=\"160\"\n                    style=\"max-width:100%;\"\n                \/>\n            <\/a>\n        <\/div>\n\t\t\t\t\t\t\t<\/div> \n\t\t\t\n        \n\t\t\t\t<div id=\"ngg-image-1012\" class=\"ngg-gallery-thumbnail-box\" >\n\t\t\t\t        <div class=\"ngg-gallery-thumbnail\">\n            <a href=\"http:\/\/www.karate-neuhofen.at\/wp-content\/gallery\/10-sommercamp-2018\/Sommercamp20182013.JPG\"\n               title=\"\"\n               data-src=\"http:\/\/www.karate-neuhofen.at\/wp-content\/gallery\/10-sommercamp-2018\/Sommercamp20182013.JPG\"\n               data-thumbnail=\"http:\/\/www.karate-neuhofen.at\/wp-content\/gallery\/10-sommercamp-2018\/thumbs\/thumbs_Sommercamp20182013.JPG\"\n               data-image-id=\"21749\"\n               data-title=\"Sommercamp2018(2013)\"\n               data-description=\"\"\n               data-image-slug=\"sommercamp20182013\"\n               class=\"shutterset_14ea2dae3d90de67c1fc228ab12416d8\">\n                <img\n                    title=\"Sommercamp2018(2013)\"\n                    alt=\"Sommercamp2018(2013)\"\n                    src=\"http:\/\/www.karate-neuhofen.at\/wp-content\/gallery\/10-sommercamp-2018\/thumbs\/thumbs_Sommercamp20182013.JPG\"\n                    width=\"240\"\n                    height=\"160\"\n                    style=\"max-width:100%;\"\n                \/>\n            <\/a>\n        <\/div>\n\t\t\t\t\t\t\t<\/div> \n\t\t\t\n        \n\t\t\t\t<div id=\"ngg-image-1013\" class=\"ngg-gallery-thumbnail-box\" >\n\t\t\t\t        <div class=\"ngg-gallery-thumbnail\">\n            <a href=\"http:\/\/www.karate-neuhofen.at\/wp-content\/gallery\/10-sommercamp-2018\/Sommercamp20182014.JPG\"\n               title=\"\"\n               data-src=\"http:\/\/www.karate-neuhofen.at\/wp-content\/gallery\/10-sommercamp-2018\/Sommercamp20182014.JPG\"\n               data-thumbnail=\"http:\/\/www.karate-neuhofen.at\/wp-content\/gallery\/10-sommercamp-2018\/thumbs\/thumbs_Sommercamp20182014.JPG\"\n               data-image-id=\"21750\"\n               data-title=\"Sommercamp2018(2014)\"\n               data-description=\"\"\n               data-image-slug=\"sommercamp20182014\"\n               class=\"shutterset_14ea2dae3d90de67c1fc228ab12416d8\">\n                <img\n                    title=\"Sommercamp2018(2014)\"\n                    alt=\"Sommercamp2018(2014)\"\n                    src=\"http:\/\/www.karate-neuhofen.at\/wp-content\/gallery\/10-sommercamp-2018\/thumbs\/thumbs_Sommercamp20182014.JPG\"\n                    width=\"240\"\n                    height=\"160\"\n                    style=\"max-width:100%;\"\n                \/>\n            <\/a>\n        <\/div>\n\t\t\t\t\t\t\t<\/div> \n\t\t\t\n        \n\t\t\t\t<div id=\"ngg-image-1014\" class=\"ngg-gallery-thumbnail-box\" >\n\t\t\t\t        <div class=\"ngg-gallery-thumbnail\">\n            <a href=\"http:\/\/www.karate-neuhofen.at\/wp-content\/gallery\/10-sommercamp-2018\/Sommercamp20182015.JPG\"\n               title=\"\"\n               data-src=\"http:\/\/www.karate-neuhofen.at\/wp-content\/gallery\/10-sommercamp-2018\/Sommercamp20182015.JPG\"\n               data-thumbnail=\"http:\/\/www.karate-neuhofen.at\/wp-content\/gallery\/10-sommercamp-2018\/thumbs\/thumbs_Sommercamp20182015.JPG\"\n               data-image-id=\"21751\"\n               data-title=\"Sommercamp2018(2015)\"\n               data-description=\"\"\n               data-image-slug=\"sommercamp20182015\"\n               class=\"shutterset_14ea2dae3d90de67c1fc228ab12416d8\">\n                <img\n                    title=\"Sommercamp2018(2015)\"\n                    alt=\"Sommercamp2018(2015)\"\n                    src=\"http:\/\/www.karate-neuhofen.at\/wp-content\/gallery\/10-sommercamp-2018\/thumbs\/thumbs_Sommercamp20182015.JPG\"\n                    width=\"240\"\n                    height=\"160\"\n                    style=\"max-width:100%;\"\n                \/>\n            <\/a>\n        <\/div>\n\t\t\t\t\t\t\t<\/div> \n\t\t\t\n        \n\t\t\t\t<div id=\"ngg-image-1015\" class=\"ngg-gallery-thumbnail-box\" >\n\t\t\t\t        <div class=\"ngg-gallery-thumbnail\">\n            <a href=\"http:\/\/www.karate-neuhofen.at\/wp-content\/gallery\/10-sommercamp-2018\/Sommercamp20182016.JPG\"\n               title=\"\"\n               data-src=\"http:\/\/www.karate-neuhofen.at\/wp-content\/gallery\/10-sommercamp-2018\/Sommercamp20182016.JPG\"\n               data-thumbnail=\"http:\/\/www.karate-neuhofen.at\/wp-content\/gallery\/10-sommercamp-2018\/thumbs\/thumbs_Sommercamp20182016.JPG\"\n               data-image-id=\"21752\"\n               data-title=\"Sommercamp2018(2016)\"\n               data-description=\"\"\n               data-image-slug=\"sommercamp20182016\"\n               class=\"shutterset_14ea2dae3d90de67c1fc228ab12416d8\">\n                <img\n                    title=\"Sommercamp2018(2016)\"\n                    alt=\"Sommercamp2018(2016)\"\n                    src=\"http:\/\/www.karate-neuhofen.at\/wp-content\/gallery\/10-sommercamp-2018\/thumbs\/thumbs_Sommercamp20182016.JPG\"\n                    width=\"240\"\n                    height=\"160\"\n                    style=\"max-width:100%;\"\n                \/>\n            <\/a>\n        <\/div>\n\t\t\t\t\t\t\t<\/div> \n\t\t\t\n        \n\t\t\t\t<div id=\"ngg-image-1016\" class=\"ngg-gallery-thumbnail-box\" >\n\t\t\t\t        <div class=\"ngg-gallery-thumbnail\">\n            <a href=\"http:\/\/www.karate-neuhofen.at\/wp-content\/gallery\/10-sommercamp-2018\/Sommercamp20182017.JPG\"\n               title=\"\"\n               data-src=\"http:\/\/www.karate-neuhofen.at\/wp-content\/gallery\/10-sommercamp-2018\/Sommercamp20182017.JPG\"\n               data-thumbnail=\"http:\/\/www.karate-neuhofen.at\/wp-content\/gallery\/10-sommercamp-2018\/thumbs\/thumbs_Sommercamp20182017.JPG\"\n               data-image-id=\"21753\"\n               data-title=\"Sommercamp2018(2017)\"\n               data-description=\"\"\n               data-image-slug=\"sommercamp20182017\"\n               class=\"shutterset_14ea2dae3d90de67c1fc228ab12416d8\">\n                <img\n                    title=\"Sommercamp2018(2017)\"\n                    alt=\"Sommercamp2018(2017)\"\n                    src=\"http:\/\/www.karate-neuhofen.at\/wp-content\/gallery\/10-sommercamp-2018\/thumbs\/thumbs_Sommercamp20182017.JPG\"\n                    width=\"240\"\n                    height=\"160\"\n                    style=\"max-width:100%;\"\n                \/>\n            <\/a>\n        <\/div>\n\t\t\t\t\t\t\t<\/div> \n\t\t\t\n        \n\t\t\t\t<div id=\"ngg-image-1017\" class=\"ngg-gallery-thumbnail-box\" >\n\t\t\t\t        <div class=\"ngg-gallery-thumbnail\">\n            <a href=\"http:\/\/www.karate-neuhofen.at\/wp-content\/gallery\/10-sommercamp-2018\/Sommercamp20182018.JPG\"\n               title=\"\"\n               data-src=\"http:\/\/www.karate-neuhofen.at\/wp-content\/gallery\/10-sommercamp-2018\/Sommercamp20182018.JPG\"\n               data-thumbnail=\"http:\/\/www.karate-neuhofen.at\/wp-content\/gallery\/10-sommercamp-2018\/thumbs\/thumbs_Sommercamp20182018.JPG\"\n               data-image-id=\"21754\"\n               data-title=\"Sommercamp2018(2018)\"\n               data-description=\"\"\n               data-image-slug=\"sommercamp20182018\"\n               class=\"shutterset_14ea2dae3d90de67c1fc228ab12416d8\">\n                <img\n                    title=\"Sommercamp2018(2018)\"\n                    alt=\"Sommercamp2018(2018)\"\n                    src=\"http:\/\/www.karate-neuhofen.at\/wp-content\/gallery\/10-sommercamp-2018\/thumbs\/thumbs_Sommercamp20182018.JPG\"\n                    width=\"240\"\n                    height=\"160\"\n                    style=\"max-width:100%;\"\n                \/>\n            <\/a>\n        <\/div>\n\t\t\t\t\t\t\t<\/div> \n\t\t\t\n        \n\t\t\t\t<div id=\"ngg-image-1018\" class=\"ngg-gallery-thumbnail-box\" >\n\t\t\t\t        <div class=\"ngg-gallery-thumbnail\">\n            <a href=\"http:\/\/www.karate-neuhofen.at\/wp-content\/gallery\/10-sommercamp-2018\/Sommercamp20182019.JPG\"\n               title=\"\"\n               data-src=\"http:\/\/www.karate-neuhofen.at\/wp-content\/gallery\/10-sommercamp-2018\/Sommercamp20182019.JPG\"\n               data-thumbnail=\"http:\/\/www.karate-neuhofen.at\/wp-content\/gallery\/10-sommercamp-2018\/thumbs\/thumbs_Sommercamp20182019.JPG\"\n               data-image-id=\"21755\"\n               data-title=\"Sommercamp2018(2019)\"\n               data-description=\"\"\n               data-image-slug=\"sommercamp20182019\"\n               class=\"shutterset_14ea2dae3d90de67c1fc228ab12416d8\">\n                <img\n                    title=\"Sommercamp2018(2019)\"\n                    alt=\"Sommercamp2018(2019)\"\n                    src=\"http:\/\/www.karate-neuhofen.at\/wp-content\/gallery\/10-sommercamp-2018\/thumbs\/thumbs_Sommercamp20182019.JPG\"\n                    width=\"240\"\n                    height=\"160\"\n                    style=\"max-width:100%;\"\n                \/>\n            <\/a>\n        <\/div>\n\t\t\t\t\t\t\t<\/div> \n\t\t\t\n        \n\t\t\t\t<div id=\"ngg-image-1019\" class=\"ngg-gallery-thumbnail-box\" >\n\t\t\t\t        <div class=\"ngg-gallery-thumbnail\">\n            <a href=\"http:\/\/www.karate-neuhofen.at\/wp-content\/gallery\/10-sommercamp-2018\/Sommercamp20182020.JPG\"\n               title=\"\"\n               data-src=\"http:\/\/www.karate-neuhofen.at\/wp-content\/gallery\/10-sommercamp-2018\/Sommercamp20182020.JPG\"\n               data-thumbnail=\"http:\/\/www.karate-neuhofen.at\/wp-content\/gallery\/10-sommercamp-2018\/thumbs\/thumbs_Sommercamp20182020.JPG\"\n               data-image-id=\"21756\"\n               data-title=\"Sommercamp2018(2020)\"\n               data-description=\"\"\n               data-image-slug=\"sommercamp20182020\"\n               class=\"shutterset_14ea2dae3d90de67c1fc228ab12416d8\">\n                <img\n                    title=\"Sommercamp2018(2020)\"\n                    alt=\"Sommercamp2018(2020)\"\n                    src=\"http:\/\/www.karate-neuhofen.at\/wp-content\/gallery\/10-sommercamp-2018\/thumbs\/thumbs_Sommercamp20182020.JPG\"\n                    width=\"240\"\n                    height=\"160\"\n                    style=\"max-width:100%;\"\n                \/>\n            <\/a>\n        <\/div>\n\t\t\t\t\t\t\t<\/div> \n\t\t\t\n        \n\t\t\t\t<div id=\"ngg-image-1020\" class=\"ngg-gallery-thumbnail-box\" >\n\t\t\t\t        <div class=\"ngg-gallery-thumbnail\">\n            <a href=\"http:\/\/www.karate-neuhofen.at\/wp-content\/gallery\/10-sommercamp-2018\/Sommercamp20182021.JPG\"\n               title=\"\"\n               data-src=\"http:\/\/www.karate-neuhofen.at\/wp-content\/gallery\/10-sommercamp-2018\/Sommercamp20182021.JPG\"\n               data-thumbnail=\"http:\/\/www.karate-neuhofen.at\/wp-content\/gallery\/10-sommercamp-2018\/thumbs\/thumbs_Sommercamp20182021.JPG\"\n               data-image-id=\"21757\"\n               data-title=\"Sommercamp2018(2021)\"\n               data-description=\"\"\n               data-image-slug=\"sommercamp20182021\"\n               class=\"shutterset_14ea2dae3d90de67c1fc228ab12416d8\">\n                <img\n                    title=\"Sommercamp2018(2021)\"\n                    alt=\"Sommercamp2018(2021)\"\n                    src=\"http:\/\/www.karate-neuhofen.at\/wp-content\/gallery\/10-sommercamp-2018\/thumbs\/thumbs_Sommercamp20182021.JPG\"\n                    width=\"240\"\n                    height=\"160\"\n                    style=\"max-width:100%;\"\n                \/>\n            <\/a>\n        <\/div>\n\t\t\t\t\t\t\t<\/div> \n\t\t\t\n        \n\t\t\t\t<div id=\"ngg-image-1021\" class=\"ngg-gallery-thumbnail-box\" >\n\t\t\t\t        <div class=\"ngg-gallery-thumbnail\">\n            <a href=\"http:\/\/www.karate-neuhofen.at\/wp-content\/gallery\/10-sommercamp-2018\/Sommercamp20182022.JPG\"\n               title=\"\"\n               data-src=\"http:\/\/www.karate-neuhofen.at\/wp-content\/gallery\/10-sommercamp-2018\/Sommercamp20182022.JPG\"\n               data-thumbnail=\"http:\/\/www.karate-neuhofen.at\/wp-content\/gallery\/10-sommercamp-2018\/thumbs\/thumbs_Sommercamp20182022.JPG\"\n               data-image-id=\"21758\"\n               data-title=\"Sommercamp2018(2022)\"\n               data-description=\"\"\n               data-image-slug=\"sommercamp20182022\"\n               class=\"shutterset_14ea2dae3d90de67c1fc228ab12416d8\">\n                <img\n                    title=\"Sommercamp2018(2022)\"\n                    alt=\"Sommercamp2018(2022)\"\n                    src=\"http:\/\/www.karate-neuhofen.at\/wp-content\/gallery\/10-sommercamp-2018\/thumbs\/thumbs_Sommercamp20182022.JPG\"\n                    width=\"240\"\n                    height=\"160\"\n                    style=\"max-width:100%;\"\n                \/>\n            <\/a>\n        <\/div>\n\t\t\t\t\t\t\t<\/div> \n\t\t\t\n        \n\t\t\t\t<div id=\"ngg-image-1022\" class=\"ngg-gallery-thumbnail-box\" >\n\t\t\t\t        <div class=\"ngg-gallery-thumbnail\">\n            <a href=\"http:\/\/www.karate-neuhofen.at\/wp-content\/gallery\/10-sommercamp-2018\/Sommercamp20182023.JPG\"\n               title=\"\"\n               data-src=\"http:\/\/www.karate-neuhofen.at\/wp-content\/gallery\/10-sommercamp-2018\/Sommercamp20182023.JPG\"\n               data-thumbnail=\"http:\/\/www.karate-neuhofen.at\/wp-content\/gallery\/10-sommercamp-2018\/thumbs\/thumbs_Sommercamp20182023.JPG\"\n               data-image-id=\"21759\"\n               data-title=\"Sommercamp2018(2023)\"\n               data-description=\"\"\n               data-image-slug=\"sommercamp20182023\"\n               class=\"shutterset_14ea2dae3d90de67c1fc228ab12416d8\">\n                <img\n                    title=\"Sommercamp2018(2023)\"\n                    alt=\"Sommercamp2018(2023)\"\n                    src=\"http:\/\/www.karate-neuhofen.at\/wp-content\/gallery\/10-sommercamp-2018\/thumbs\/thumbs_Sommercamp20182023.JPG\"\n                    width=\"240\"\n                    height=\"160\"\n                    style=\"max-width:100%;\"\n                \/>\n            <\/a>\n        <\/div>\n\t\t\t\t\t\t\t<\/div> \n\t\t\t\n        \n\t\t\t\t<div id=\"ngg-image-1023\" class=\"ngg-gallery-thumbnail-box\" >\n\t\t\t\t        <div class=\"ngg-gallery-thumbnail\">\n            <a href=\"http:\/\/www.karate-neuhofen.at\/wp-content\/gallery\/10-sommercamp-2018\/Sommercamp20182024.JPG\"\n               title=\"\"\n               data-src=\"http:\/\/www.karate-neuhofen.at\/wp-content\/gallery\/10-sommercamp-2018\/Sommercamp20182024.JPG\"\n               data-thumbnail=\"http:\/\/www.karate-neuhofen.at\/wp-content\/gallery\/10-sommercamp-2018\/thumbs\/thumbs_Sommercamp20182024.JPG\"\n               data-image-id=\"21760\"\n               data-title=\"Sommercamp2018(2024)\"\n               data-description=\"\"\n               data-image-slug=\"sommercamp20182024\"\n               class=\"shutterset_14ea2dae3d90de67c1fc228ab12416d8\">\n                <img\n                    title=\"Sommercamp2018(2024)\"\n                    alt=\"Sommercamp2018(2024)\"\n                    src=\"http:\/\/www.karate-neuhofen.at\/wp-content\/gallery\/10-sommercamp-2018\/thumbs\/thumbs_Sommercamp20182024.JPG\"\n                    width=\"240\"\n                    height=\"160\"\n                    style=\"max-width:100%;\"\n                \/>\n            <\/a>\n        <\/div>\n\t\t\t\t\t\t\t<\/div> \n\t\t\t\n        \n\t\t\t\t<div id=\"ngg-image-1024\" class=\"ngg-gallery-thumbnail-box\" >\n\t\t\t\t        <div class=\"ngg-gallery-thumbnail\">\n            <a href=\"http:\/\/www.karate-neuhofen.at\/wp-content\/gallery\/10-sommercamp-2018\/Sommercamp20182025.JPG\"\n               title=\"\"\n               data-src=\"http:\/\/www.karate-neuhofen.at\/wp-content\/gallery\/10-sommercamp-2018\/Sommercamp20182025.JPG\"\n               data-thumbnail=\"http:\/\/www.karate-neuhofen.at\/wp-content\/gallery\/10-sommercamp-2018\/thumbs\/thumbs_Sommercamp20182025.JPG\"\n               data-image-id=\"21761\"\n               data-title=\"Sommercamp2018(2025)\"\n               data-description=\"\"\n               data-image-slug=\"sommercamp20182025\"\n               class=\"shutterset_14ea2dae3d90de67c1fc228ab12416d8\">\n                <img\n                    title=\"Sommercamp2018(2025)\"\n                    alt=\"Sommercamp2018(2025)\"\n                    src=\"http:\/\/www.karate-neuhofen.at\/wp-content\/gallery\/10-sommercamp-2018\/thumbs\/thumbs_Sommercamp20182025.JPG\"\n                    width=\"240\"\n                    height=\"160\"\n                    style=\"max-width:100%;\"\n                \/>\n            <\/a>\n        <\/div>\n\t\t\t\t\t\t\t<\/div> \n\t\t\t\n        \n\t\t\t\t<div id=\"ngg-image-1025\" class=\"ngg-gallery-thumbnail-box\" >\n\t\t\t\t        <div class=\"ngg-gallery-thumbnail\">\n            <a href=\"http:\/\/www.karate-neuhofen.at\/wp-content\/gallery\/10-sommercamp-2018\/Sommercamp20182026.JPG\"\n               title=\"\"\n               data-src=\"http:\/\/www.karate-neuhofen.at\/wp-content\/gallery\/10-sommercamp-2018\/Sommercamp20182026.JPG\"\n               data-thumbnail=\"http:\/\/www.karate-neuhofen.at\/wp-content\/gallery\/10-sommercamp-2018\/thumbs\/thumbs_Sommercamp20182026.JPG\"\n               data-image-id=\"21762\"\n               data-title=\"Sommercamp2018(2026)\"\n               data-description=\"\"\n               data-image-slug=\"sommercamp20182026\"\n               class=\"shutterset_14ea2dae3d90de67c1fc228ab12416d8\">\n                <img\n                    title=\"Sommercamp2018(2026)\"\n                    alt=\"Sommercamp2018(2026)\"\n                    src=\"http:\/\/www.karate-neuhofen.at\/wp-content\/gallery\/10-sommercamp-2018\/thumbs\/thumbs_Sommercamp20182026.JPG\"\n                    width=\"240\"\n                    height=\"160\"\n                    style=\"max-width:100%;\"\n                \/>\n            <\/a>\n        <\/div>\n\t\t\t\t\t\t\t<\/div> \n\t\t\t\n        \n\t\t\t\t<div id=\"ngg-image-1026\" class=\"ngg-gallery-thumbnail-box\" >\n\t\t\t\t        <div class=\"ngg-gallery-thumbnail\">\n            <a href=\"http:\/\/www.karate-neuhofen.at\/wp-content\/gallery\/10-sommercamp-2018\/Sommercamp20182027.JPG\"\n               title=\"\"\n               data-src=\"http:\/\/www.karate-neuhofen.at\/wp-content\/gallery\/10-sommercamp-2018\/Sommercamp20182027.JPG\"\n               data-thumbnail=\"http:\/\/www.karate-neuhofen.at\/wp-content\/gallery\/10-sommercamp-2018\/thumbs\/thumbs_Sommercamp20182027.JPG\"\n               data-image-id=\"21763\"\n               data-title=\"Sommercamp2018(2027)\"\n               data-description=\"\"\n               data-image-slug=\"sommercamp20182027\"\n               class=\"shutterset_14ea2dae3d90de67c1fc228ab12416d8\">\n                <img\n                    title=\"Sommercamp2018(2027)\"\n                    alt=\"Sommercamp2018(2027)\"\n                    src=\"http:\/\/www.karate-neuhofen.at\/wp-content\/gallery\/10-sommercamp-2018\/thumbs\/thumbs_Sommercamp20182027.JPG\"\n                    width=\"240\"\n                    height=\"160\"\n                    style=\"max-width:100%;\"\n                \/>\n            <\/a>\n        <\/div>\n\t\t\t\t\t\t\t<\/div> \n\t\t\t\n        \n\t\t\t\t<div id=\"ngg-image-1027\" class=\"ngg-gallery-thumbnail-box\" >\n\t\t\t\t        <div class=\"ngg-gallery-thumbnail\">\n            <a href=\"http:\/\/www.karate-neuhofen.at\/wp-content\/gallery\/10-sommercamp-2018\/Sommercamp20182028.JPG\"\n               title=\"\"\n               data-src=\"http:\/\/www.karate-neuhofen.at\/wp-content\/gallery\/10-sommercamp-2018\/Sommercamp20182028.JPG\"\n               data-thumbnail=\"http:\/\/www.karate-neuhofen.at\/wp-content\/gallery\/10-sommercamp-2018\/thumbs\/thumbs_Sommercamp20182028.JPG\"\n               data-image-id=\"21764\"\n               data-title=\"Sommercamp2018(2028)\"\n               data-description=\"\"\n               data-image-slug=\"sommercamp20182028\"\n               class=\"shutterset_14ea2dae3d90de67c1fc228ab12416d8\">\n                <img\n                    title=\"Sommercamp2018(2028)\"\n                    alt=\"Sommercamp2018(2028)\"\n                    src=\"http:\/\/www.karate-neuhofen.at\/wp-content\/gallery\/10-sommercamp-2018\/thumbs\/thumbs_Sommercamp20182028.JPG\"\n                    width=\"240\"\n                    height=\"160\"\n                    style=\"max-width:100%;\"\n                \/>\n            <\/a>\n        <\/div>\n\t\t\t\t\t\t\t<\/div> \n\t\t\t\n        \n\t\t\t\t<div id=\"ngg-image-1028\" class=\"ngg-gallery-thumbnail-box\" >\n\t\t\t\t        <div class=\"ngg-gallery-thumbnail\">\n            <a href=\"http:\/\/www.karate-neuhofen.at\/wp-content\/gallery\/10-sommercamp-2018\/Sommercamp20182029.JPG\"\n               title=\"\"\n               data-src=\"http:\/\/www.karate-neuhofen.at\/wp-content\/gallery\/10-sommercamp-2018\/Sommercamp20182029.JPG\"\n               data-thumbnail=\"http:\/\/www.karate-neuhofen.at\/wp-content\/gallery\/10-sommercamp-2018\/thumbs\/thumbs_Sommercamp20182029.JPG\"\n               data-image-id=\"21765\"\n               data-title=\"Sommercamp2018(2029)\"\n               data-description=\"\"\n               data-image-slug=\"sommercamp20182029\"\n               class=\"shutterset_14ea2dae3d90de67c1fc228ab12416d8\">\n                <img\n                    title=\"Sommercamp2018(2029)\"\n                    alt=\"Sommercamp2018(2029)\"\n                    src=\"http:\/\/www.karate-neuhofen.at\/wp-content\/gallery\/10-sommercamp-2018\/thumbs\/thumbs_Sommercamp20182029.JPG\"\n                    width=\"240\"\n                    height=\"160\"\n                    style=\"max-width:100%;\"\n                \/>\n            <\/a>\n        <\/div>\n\t\t\t\t\t\t\t<\/div> \n\t\t\t\n        \n\t\t\t\t<div id=\"ngg-image-1029\" class=\"ngg-gallery-thumbnail-box\" >\n\t\t\t\t        <div class=\"ngg-gallery-thumbnail\">\n            <a href=\"http:\/\/www.karate-neuhofen.at\/wp-content\/gallery\/10-sommercamp-2018\/Sommercamp20182030.JPG\"\n               title=\"\"\n               data-src=\"http:\/\/www.karate-neuhofen.at\/wp-content\/gallery\/10-sommercamp-2018\/Sommercamp20182030.JPG\"\n               data-thumbnail=\"http:\/\/www.karate-neuhofen.at\/wp-content\/gallery\/10-sommercamp-2018\/thumbs\/thumbs_Sommercamp20182030.JPG\"\n               data-image-id=\"21766\"\n               data-title=\"Sommercamp2018(2030)\"\n               data-description=\"\"\n               data-image-slug=\"sommercamp20182030\"\n               class=\"shutterset_14ea2dae3d90de67c1fc228ab12416d8\">\n                <img\n                    title=\"Sommercamp2018(2030)\"\n                    alt=\"Sommercamp2018(2030)\"\n                    src=\"http:\/\/www.karate-neuhofen.at\/wp-content\/gallery\/10-sommercamp-2018\/thumbs\/thumbs_Sommercamp20182030.JPG\"\n                    width=\"240\"\n                    height=\"160\"\n                    style=\"max-width:100%;\"\n                \/>\n            <\/a>\n        <\/div>\n\t\t\t\t\t\t\t<\/div> \n\t\t\t\n        \n\t\t\t\t<div id=\"ngg-image-1030\" class=\"ngg-gallery-thumbnail-box\" >\n\t\t\t\t        <div class=\"ngg-gallery-thumbnail\">\n            <a href=\"http:\/\/www.karate-neuhofen.at\/wp-content\/gallery\/10-sommercamp-2018\/Sommercamp20182031.JPG\"\n               title=\"\"\n               data-src=\"http:\/\/www.karate-neuhofen.at\/wp-content\/gallery\/10-sommercamp-2018\/Sommercamp20182031.JPG\"\n               data-thumbnail=\"http:\/\/www.karate-neuhofen.at\/wp-content\/gallery\/10-sommercamp-2018\/thumbs\/thumbs_Sommercamp20182031.JPG\"\n               data-image-id=\"21767\"\n               data-title=\"Sommercamp2018(2031)\"\n               data-description=\"\"\n               data-image-slug=\"sommercamp20182031\"\n               class=\"shutterset_14ea2dae3d90de67c1fc228ab12416d8\">\n                <img\n                    title=\"Sommercamp2018(2031)\"\n                    alt=\"Sommercamp2018(2031)\"\n                    src=\"http:\/\/www.karate-neuhofen.at\/wp-content\/gallery\/10-sommercamp-2018\/thumbs\/thumbs_Sommercamp20182031.JPG\"\n                    width=\"240\"\n                    height=\"160\"\n                    style=\"max-width:100%;\"\n                \/>\n            <\/a>\n        <\/div>\n\t\t\t\t\t\t\t<\/div> \n\t\t\t\n        \n\t\t\t\t<div id=\"ngg-image-1031\" class=\"ngg-gallery-thumbnail-box\" >\n\t\t\t\t        <div class=\"ngg-gallery-thumbnail\">\n            <a href=\"http:\/\/www.karate-neuhofen.at\/wp-content\/gallery\/10-sommercamp-2018\/Sommercamp20182032.JPG\"\n               title=\"\"\n               data-src=\"http:\/\/www.karate-neuhofen.at\/wp-content\/gallery\/10-sommercamp-2018\/Sommercamp20182032.JPG\"\n               data-thumbnail=\"http:\/\/www.karate-neuhofen.at\/wp-content\/gallery\/10-sommercamp-2018\/thumbs\/thumbs_Sommercamp20182032.JPG\"\n               data-image-id=\"21768\"\n               data-title=\"Sommercamp2018(2032)\"\n               data-description=\"\"\n               data-image-slug=\"sommercamp20182032\"\n               class=\"shutterset_14ea2dae3d90de67c1fc228ab12416d8\">\n                <img\n                    title=\"Sommercamp2018(2032)\"\n                    alt=\"Sommercamp2018(2032)\"\n                    src=\"http:\/\/www.karate-neuhofen.at\/wp-content\/gallery\/10-sommercamp-2018\/thumbs\/thumbs_Sommercamp20182032.JPG\"\n                    width=\"240\"\n                    height=\"160\"\n                    style=\"max-width:100%;\"\n                \/>\n            <\/a>\n        <\/div>\n\t\t\t\t\t\t\t<\/div> \n\t\t\t\n        \n\t\t\t\t<div id=\"ngg-image-1032\" class=\"ngg-gallery-thumbnail-box\" >\n\t\t\t\t        <div class=\"ngg-gallery-thumbnail\">\n            <a href=\"http:\/\/www.karate-neuhofen.at\/wp-content\/gallery\/10-sommercamp-2018\/Sommercamp20182033.JPG\"\n               title=\"\"\n               data-src=\"http:\/\/www.karate-neuhofen.at\/wp-content\/gallery\/10-sommercamp-2018\/Sommercamp20182033.JPG\"\n               data-thumbnail=\"http:\/\/www.karate-neuhofen.at\/wp-content\/gallery\/10-sommercamp-2018\/thumbs\/thumbs_Sommercamp20182033.JPG\"\n               data-image-id=\"21769\"\n               data-title=\"Sommercamp2018(2033)\"\n               data-description=\"\"\n               data-image-slug=\"sommercamp20182033\"\n               class=\"shutterset_14ea2dae3d90de67c1fc228ab12416d8\">\n                <img\n                    title=\"Sommercamp2018(2033)\"\n                    alt=\"Sommercamp2018(2033)\"\n                    src=\"http:\/\/www.karate-neuhofen.at\/wp-content\/gallery\/10-sommercamp-2018\/thumbs\/thumbs_Sommercamp20182033.JPG\"\n                    width=\"240\"\n                    height=\"160\"\n                    style=\"max-width:100%;\"\n                \/>\n            <\/a>\n        <\/div>\n\t\t\t\t\t\t\t<\/div> \n\t\t\t\n        \n\t\t\t\t<div id=\"ngg-image-1033\" class=\"ngg-gallery-thumbnail-box\" >\n\t\t\t\t        <div class=\"ngg-gallery-thumbnail\">\n            <a href=\"http:\/\/www.karate-neuhofen.at\/wp-content\/gallery\/10-sommercamp-2018\/Sommercamp20182034.JPG\"\n               title=\"\"\n               data-src=\"http:\/\/www.karate-neuhofen.at\/wp-content\/gallery\/10-sommercamp-2018\/Sommercamp20182034.JPG\"\n               data-thumbnail=\"http:\/\/www.karate-neuhofen.at\/wp-content\/gallery\/10-sommercamp-2018\/thumbs\/thumbs_Sommercamp20182034.JPG\"\n               data-image-id=\"21770\"\n               data-title=\"Sommercamp2018(2034)\"\n               data-description=\"\"\n               data-image-slug=\"sommercamp20182034\"\n               class=\"shutterset_14ea2dae3d90de67c1fc228ab12416d8\">\n                <img\n                    title=\"Sommercamp2018(2034)\"\n                    alt=\"Sommercamp2018(2034)\"\n                    src=\"http:\/\/www.karate-neuhofen.at\/wp-content\/gallery\/10-sommercamp-2018\/thumbs\/thumbs_Sommercamp20182034.JPG\"\n                    width=\"240\"\n                    height=\"160\"\n                    style=\"max-width:100%;\"\n                \/>\n            <\/a>\n        <\/div>\n\t\t\t\t\t\t\t<\/div> \n\t\t\t\n        \n\t\t\t\t<div id=\"ngg-image-1034\" class=\"ngg-gallery-thumbnail-box\" >\n\t\t\t\t        <div class=\"ngg-gallery-thumbnail\">\n            <a href=\"http:\/\/www.karate-neuhofen.at\/wp-content\/gallery\/10-sommercamp-2018\/Sommercamp20182035.JPG\"\n               title=\"\"\n               data-src=\"http:\/\/www.karate-neuhofen.at\/wp-content\/gallery\/10-sommercamp-2018\/Sommercamp20182035.JPG\"\n               data-thumbnail=\"http:\/\/www.karate-neuhofen.at\/wp-content\/gallery\/10-sommercamp-2018\/thumbs\/thumbs_Sommercamp20182035.JPG\"\n               data-image-id=\"21771\"\n               data-title=\"Sommercamp2018(2035)\"\n               data-description=\"\"\n               data-image-slug=\"sommercamp20182035\"\n               class=\"shutterset_14ea2dae3d90de67c1fc228ab12416d8\">\n                <img\n                    title=\"Sommercamp2018(2035)\"\n                    alt=\"Sommercamp2018(2035)\"\n                    src=\"http:\/\/www.karate-neuhofen.at\/wp-content\/gallery\/10-sommercamp-2018\/thumbs\/thumbs_Sommercamp20182035.JPG\"\n                    width=\"240\"\n                    height=\"160\"\n                    style=\"max-width:100%;\"\n                \/>\n            <\/a>\n        <\/div>\n\t\t\t\t\t\t\t<\/div> \n\t\t\t\n        \n\t\t\t\t<div id=\"ngg-image-1035\" class=\"ngg-gallery-thumbnail-box\" >\n\t\t\t\t        <div class=\"ngg-gallery-thumbnail\">\n            <a href=\"http:\/\/www.karate-neuhofen.at\/wp-content\/gallery\/10-sommercamp-2018\/Sommercamp20182036.JPG\"\n               title=\"\"\n               data-src=\"http:\/\/www.karate-neuhofen.at\/wp-content\/gallery\/10-sommercamp-2018\/Sommercamp20182036.JPG\"\n               data-thumbnail=\"http:\/\/www.karate-neuhofen.at\/wp-content\/gallery\/10-sommercamp-2018\/thumbs\/thumbs_Sommercamp20182036.JPG\"\n               data-image-id=\"21772\"\n               data-title=\"Sommercamp2018(2036)\"\n               data-description=\"\"\n               data-image-slug=\"sommercamp20182036\"\n               class=\"shutterset_14ea2dae3d90de67c1fc228ab12416d8\">\n                <img\n                    title=\"Sommercamp2018(2036)\"\n                    alt=\"Sommercamp2018(2036)\"\n                    src=\"http:\/\/www.karate-neuhofen.at\/wp-content\/gallery\/10-sommercamp-2018\/thumbs\/thumbs_Sommercamp20182036.JPG\"\n                    width=\"240\"\n                    height=\"160\"\n                    style=\"max-width:100%;\"\n                \/>\n            <\/a>\n        <\/div>\n\t\t\t\t\t\t\t<\/div> \n\t\t\t\n        \n\t\t\t\t<div id=\"ngg-image-1036\" class=\"ngg-gallery-thumbnail-box\" >\n\t\t\t\t        <div class=\"ngg-gallery-thumbnail\">\n            <a href=\"http:\/\/www.karate-neuhofen.at\/wp-content\/gallery\/10-sommercamp-2018\/Sommercamp20182037.JPG\"\n               title=\"\"\n               data-src=\"http:\/\/www.karate-neuhofen.at\/wp-content\/gallery\/10-sommercamp-2018\/Sommercamp20182037.JPG\"\n               data-thumbnail=\"http:\/\/www.karate-neuhofen.at\/wp-content\/gallery\/10-sommercamp-2018\/thumbs\/thumbs_Sommercamp20182037.JPG\"\n               data-image-id=\"21773\"\n               data-title=\"Sommercamp2018(2037)\"\n               data-description=\"\"\n               data-image-slug=\"sommercamp20182037\"\n               class=\"shutterset_14ea2dae3d90de67c1fc228ab12416d8\">\n                <img\n                    title=\"Sommercamp2018(2037)\"\n                    alt=\"Sommercamp2018(2037)\"\n                    src=\"http:\/\/www.karate-neuhofen.at\/wp-content\/gallery\/10-sommercamp-2018\/thumbs\/thumbs_Sommercamp20182037.JPG\"\n                    width=\"240\"\n                    height=\"160\"\n                    style=\"max-width:100%;\"\n                \/>\n            <\/a>\n        <\/div>\n\t\t\t\t\t\t\t<\/div> \n\t\t\t\n        \n\t\t\t\t<div id=\"ngg-image-1037\" class=\"ngg-gallery-thumbnail-box\" >\n\t\t\t\t        <div class=\"ngg-gallery-thumbnail\">\n            <a href=\"http:\/\/www.karate-neuhofen.at\/wp-content\/gallery\/10-sommercamp-2018\/Sommercamp20182038.JPG\"\n               title=\"\"\n               data-src=\"http:\/\/www.karate-neuhofen.at\/wp-content\/gallery\/10-sommercamp-2018\/Sommercamp20182038.JPG\"\n               data-thumbnail=\"http:\/\/www.karate-neuhofen.at\/wp-content\/gallery\/10-sommercamp-2018\/thumbs\/thumbs_Sommercamp20182038.JPG\"\n               data-image-id=\"21774\"\n               data-title=\"Sommercamp2018(2038)\"\n               data-description=\"\"\n               data-image-slug=\"sommercamp20182038\"\n               class=\"shutterset_14ea2dae3d90de67c1fc228ab12416d8\">\n                <img\n                    title=\"Sommercamp2018(2038)\"\n                    alt=\"Sommercamp2018(2038)\"\n                    src=\"http:\/\/www.karate-neuhofen.at\/wp-content\/gallery\/10-sommercamp-2018\/thumbs\/thumbs_Sommercamp20182038.JPG\"\n                    width=\"240\"\n                    height=\"160\"\n                    style=\"max-width:100%;\"\n                \/>\n            <\/a>\n        <\/div>\n\t\t\t\t\t\t\t<\/div> \n\t\t\t\n        \n\t\t\t\t<div id=\"ngg-image-1038\" class=\"ngg-gallery-thumbnail-box\" >\n\t\t\t\t        <div class=\"ngg-gallery-thumbnail\">\n            <a href=\"http:\/\/www.karate-neuhofen.at\/wp-content\/gallery\/10-sommercamp-2018\/Sommercamp20182039.JPG\"\n               title=\"\"\n               data-src=\"http:\/\/www.karate-neuhofen.at\/wp-content\/gallery\/10-sommercamp-2018\/Sommercamp20182039.JPG\"\n               data-thumbnail=\"http:\/\/www.karate-neuhofen.at\/wp-content\/gallery\/10-sommercamp-2018\/thumbs\/thumbs_Sommercamp20182039.JPG\"\n               data-image-id=\"21775\"\n               data-title=\"Sommercamp2018(2039)\"\n               data-description=\"\"\n               data-image-slug=\"sommercamp20182039\"\n               class=\"shutterset_14ea2dae3d90de67c1fc228ab12416d8\">\n                <img\n                    title=\"Sommercamp2018(2039)\"\n                    alt=\"Sommercamp2018(2039)\"\n                    src=\"http:\/\/www.karate-neuhofen.at\/wp-content\/gallery\/10-sommercamp-2018\/thumbs\/thumbs_Sommercamp20182039.JPG\"\n                    width=\"240\"\n                    height=\"160\"\n                    style=\"max-width:100%;\"\n                \/>\n            <\/a>\n        <\/div>\n\t\t\t\t\t\t\t<\/div> \n\t\t\t\n        \n\t\t\t\t<div id=\"ngg-image-1039\" class=\"ngg-gallery-thumbnail-box\" >\n\t\t\t\t        <div class=\"ngg-gallery-thumbnail\">\n            <a href=\"http:\/\/www.karate-neuhofen.at\/wp-content\/gallery\/10-sommercamp-2018\/Sommercamp20182040.JPG\"\n               title=\"\"\n               data-src=\"http:\/\/www.karate-neuhofen.at\/wp-content\/gallery\/10-sommercamp-2018\/Sommercamp20182040.JPG\"\n               data-thumbnail=\"http:\/\/www.karate-neuhofen.at\/wp-content\/gallery\/10-sommercamp-2018\/thumbs\/thumbs_Sommercamp20182040.JPG\"\n               data-image-id=\"21776\"\n               data-title=\"Sommercamp2018(2040)\"\n               data-description=\"\"\n               data-image-slug=\"sommercamp20182040\"\n               class=\"shutterset_14ea2dae3d90de67c1fc228ab12416d8\">\n                <img\n                    title=\"Sommercamp2018(2040)\"\n                    alt=\"Sommercamp2018(2040)\"\n                    src=\"http:\/\/www.karate-neuhofen.at\/wp-content\/gallery\/10-sommercamp-2018\/thumbs\/thumbs_Sommercamp20182040.JPG\"\n                    width=\"240\"\n                    height=\"160\"\n                    style=\"max-width:100%;\"\n                \/>\n            <\/a>\n        <\/div>\n\t\t\t\t\t\t\t<\/div> \n\t\t\t\n        \n\t\t\t\t<div id=\"ngg-image-1040\" class=\"ngg-gallery-thumbnail-box\" >\n\t\t\t\t        <div class=\"ngg-gallery-thumbnail\">\n            <a href=\"http:\/\/www.karate-neuhofen.at\/wp-content\/gallery\/10-sommercamp-2018\/Sommercamp20182041.JPG\"\n               title=\"\"\n               data-src=\"http:\/\/www.karate-neuhofen.at\/wp-content\/gallery\/10-sommercamp-2018\/Sommercamp20182041.JPG\"\n               data-thumbnail=\"http:\/\/www.karate-neuhofen.at\/wp-content\/gallery\/10-sommercamp-2018\/thumbs\/thumbs_Sommercamp20182041.JPG\"\n               data-image-id=\"21777\"\n               data-title=\"Sommercamp2018(2041)\"\n               data-description=\"\"\n               data-image-slug=\"sommercamp20182041\"\n               class=\"shutterset_14ea2dae3d90de67c1fc228ab12416d8\">\n                <img\n                    title=\"Sommercamp2018(2041)\"\n                    alt=\"Sommercamp2018(2041)\"\n                    src=\"http:\/\/www.karate-neuhofen.at\/wp-content\/gallery\/10-sommercamp-2018\/thumbs\/thumbs_Sommercamp20182041.JPG\"\n                    width=\"240\"\n                    height=\"160\"\n                    style=\"max-width:100%;\"\n                \/>\n            <\/a>\n        <\/div>\n\t\t\t\t\t\t\t<\/div> \n\t\t\t\n        \n\t\t\t\t<div id=\"ngg-image-1041\" class=\"ngg-gallery-thumbnail-box\" >\n\t\t\t\t        <div class=\"ngg-gallery-thumbnail\">\n            <a href=\"http:\/\/www.karate-neuhofen.at\/wp-content\/gallery\/10-sommercamp-2018\/Sommercamp20182042.JPG\"\n               title=\"\"\n               data-src=\"http:\/\/www.karate-neuhofen.at\/wp-content\/gallery\/10-sommercamp-2018\/Sommercamp20182042.JPG\"\n               data-thumbnail=\"http:\/\/www.karate-neuhofen.at\/wp-content\/gallery\/10-sommercamp-2018\/thumbs\/thumbs_Sommercamp20182042.JPG\"\n               data-image-id=\"21778\"\n               data-title=\"Sommercamp2018(2042)\"\n               data-description=\"\"\n               data-image-slug=\"sommercamp20182042\"\n               class=\"shutterset_14ea2dae3d90de67c1fc228ab12416d8\">\n                <img\n                    title=\"Sommercamp2018(2042)\"\n                    alt=\"Sommercamp2018(2042)\"\n                    src=\"http:\/\/www.karate-neuhofen.at\/wp-content\/gallery\/10-sommercamp-2018\/thumbs\/thumbs_Sommercamp20182042.JPG\"\n                    width=\"240\"\n                    height=\"160\"\n                    style=\"max-width:100%;\"\n                \/>\n            <\/a>\n        <\/div>\n\t\t\t\t\t\t\t<\/div> \n\t\t\t\n        \n\t\t\t\t<div id=\"ngg-image-1042\" class=\"ngg-gallery-thumbnail-box\" >\n\t\t\t\t        <div class=\"ngg-gallery-thumbnail\">\n            <a href=\"http:\/\/www.karate-neuhofen.at\/wp-content\/gallery\/10-sommercamp-2018\/Sommercamp20182043.JPG\"\n               title=\"\"\n               data-src=\"http:\/\/www.karate-neuhofen.at\/wp-content\/gallery\/10-sommercamp-2018\/Sommercamp20182043.JPG\"\n               data-thumbnail=\"http:\/\/www.karate-neuhofen.at\/wp-content\/gallery\/10-sommercamp-2018\/thumbs\/thumbs_Sommercamp20182043.JPG\"\n               data-image-id=\"21779\"\n               data-title=\"Sommercamp2018(2043)\"\n               data-description=\"\"\n               data-image-slug=\"sommercamp20182043\"\n               class=\"shutterset_14ea2dae3d90de67c1fc228ab12416d8\">\n                <img\n                    title=\"Sommercamp2018(2043)\"\n                    alt=\"Sommercamp2018(2043)\"\n                    src=\"http:\/\/www.karate-neuhofen.at\/wp-content\/gallery\/10-sommercamp-2018\/thumbs\/thumbs_Sommercamp20182043.JPG\"\n                    width=\"240\"\n                    height=\"160\"\n                    style=\"max-width:100%;\"\n                \/>\n            <\/a>\n        <\/div>\n\t\t\t\t\t\t\t<\/div> \n\t\t\t\n        \n\t\t\t\t<div id=\"ngg-image-1043\" class=\"ngg-gallery-thumbnail-box\" >\n\t\t\t\t        <div class=\"ngg-gallery-thumbnail\">\n            <a href=\"http:\/\/www.karate-neuhofen.at\/wp-content\/gallery\/10-sommercamp-2018\/Sommercamp20182044.JPG\"\n               title=\"\"\n               data-src=\"http:\/\/www.karate-neuhofen.at\/wp-content\/gallery\/10-sommercamp-2018\/Sommercamp20182044.JPG\"\n               data-thumbnail=\"http:\/\/www.karate-neuhofen.at\/wp-content\/gallery\/10-sommercamp-2018\/thumbs\/thumbs_Sommercamp20182044.JPG\"\n               data-image-id=\"21780\"\n               data-title=\"Sommercamp2018(2044)\"\n               data-description=\"\"\n               data-image-slug=\"sommercamp20182044\"\n               class=\"shutterset_14ea2dae3d90de67c1fc228ab12416d8\">\n                <img\n                    title=\"Sommercamp2018(2044)\"\n                    alt=\"Sommercamp2018(2044)\"\n                    src=\"http:\/\/www.karate-neuhofen.at\/wp-content\/gallery\/10-sommercamp-2018\/thumbs\/thumbs_Sommercamp20182044.JPG\"\n                    width=\"240\"\n                    height=\"160\"\n                    style=\"max-width:100%;\"\n                \/>\n            <\/a>\n        <\/div>\n\t\t\t\t\t\t\t<\/div> \n\t\t\t\n        \n\t\t\t\t<div id=\"ngg-image-1044\" class=\"ngg-gallery-thumbnail-box\" >\n\t\t\t\t        <div class=\"ngg-gallery-thumbnail\">\n            <a href=\"http:\/\/www.karate-neuhofen.at\/wp-content\/gallery\/10-sommercamp-2018\/Sommercamp20182045.JPG\"\n               title=\"\"\n               data-src=\"http:\/\/www.karate-neuhofen.at\/wp-content\/gallery\/10-sommercamp-2018\/Sommercamp20182045.JPG\"\n               data-thumbnail=\"http:\/\/www.karate-neuhofen.at\/wp-content\/gallery\/10-sommercamp-2018\/thumbs\/thumbs_Sommercamp20182045.JPG\"\n               data-image-id=\"21781\"\n               data-title=\"Sommercamp2018(2045)\"\n               data-description=\"\"\n               data-image-slug=\"sommercamp20182045\"\n               class=\"shutterset_14ea2dae3d90de67c1fc228ab12416d8\">\n                <img\n                    title=\"Sommercamp2018(2045)\"\n                    alt=\"Sommercamp2018(2045)\"\n                    src=\"http:\/\/www.karate-neuhofen.at\/wp-content\/gallery\/10-sommercamp-2018\/thumbs\/thumbs_Sommercamp20182045.JPG\"\n                    width=\"240\"\n                    height=\"160\"\n                    style=\"max-width:100%;\"\n                \/>\n            <\/a>\n        <\/div>\n\t\t\t\t\t\t\t<\/div> \n\t\t\t\n        \n\t\t\t\t<div id=\"ngg-image-1045\" class=\"ngg-gallery-thumbnail-box\" >\n\t\t\t\t        <div class=\"ngg-gallery-thumbnail\">\n            <a href=\"http:\/\/www.karate-neuhofen.at\/wp-content\/gallery\/10-sommercamp-2018\/Sommercamp20182046.JPG\"\n               title=\"\"\n               data-src=\"http:\/\/www.karate-neuhofen.at\/wp-content\/gallery\/10-sommercamp-2018\/Sommercamp20182046.JPG\"\n               data-thumbnail=\"http:\/\/www.karate-neuhofen.at\/wp-content\/gallery\/10-sommercamp-2018\/thumbs\/thumbs_Sommercamp20182046.JPG\"\n               data-image-id=\"21782\"\n               data-title=\"Sommercamp2018(2046)\"\n               data-description=\"\"\n               data-image-slug=\"sommercamp20182046\"\n               class=\"shutterset_14ea2dae3d90de67c1fc228ab12416d8\">\n                <img\n                    title=\"Sommercamp2018(2046)\"\n                    alt=\"Sommercamp2018(2046)\"\n                    src=\"http:\/\/www.karate-neuhofen.at\/wp-content\/gallery\/10-sommercamp-2018\/thumbs\/thumbs_Sommercamp20182046.JPG\"\n                    width=\"240\"\n                    height=\"160\"\n                    style=\"max-width:100%;\"\n                \/>\n            <\/a>\n        <\/div>\n\t\t\t\t\t\t\t<\/div> \n\t\t\t\n        \n\t\t\t\t<div id=\"ngg-image-1046\" class=\"ngg-gallery-thumbnail-box\" >\n\t\t\t\t        <div class=\"ngg-gallery-thumbnail\">\n            <a href=\"http:\/\/www.karate-neuhofen.at\/wp-content\/gallery\/10-sommercamp-2018\/Sommercamp20182047.JPG\"\n               title=\"\"\n               data-src=\"http:\/\/www.karate-neuhofen.at\/wp-content\/gallery\/10-sommercamp-2018\/Sommercamp20182047.JPG\"\n               data-thumbnail=\"http:\/\/www.karate-neuhofen.at\/wp-content\/gallery\/10-sommercamp-2018\/thumbs\/thumbs_Sommercamp20182047.JPG\"\n               data-image-id=\"21783\"\n               data-title=\"Sommercamp2018(2047)\"\n               data-description=\"\"\n               data-image-slug=\"sommercamp20182047\"\n               class=\"shutterset_14ea2dae3d90de67c1fc228ab12416d8\">\n                <img\n                    title=\"Sommercamp2018(2047)\"\n                    alt=\"Sommercamp2018(2047)\"\n                    src=\"http:\/\/www.karate-neuhofen.at\/wp-content\/gallery\/10-sommercamp-2018\/thumbs\/thumbs_Sommercamp20182047.JPG\"\n                    width=\"240\"\n                    height=\"160\"\n                    style=\"max-width:100%;\"\n                \/>\n            <\/a>\n        <\/div>\n\t\t\t\t\t\t\t<\/div> \n\t\t\t\n        \n\t\t\t\t<div id=\"ngg-image-1047\" class=\"ngg-gallery-thumbnail-box\" >\n\t\t\t\t        <div class=\"ngg-gallery-thumbnail\">\n            <a href=\"http:\/\/www.karate-neuhofen.at\/wp-content\/gallery\/10-sommercamp-2018\/Sommercamp20182048.JPG\"\n               title=\"\"\n               data-src=\"http:\/\/www.karate-neuhofen.at\/wp-content\/gallery\/10-sommercamp-2018\/Sommercamp20182048.JPG\"\n               data-thumbnail=\"http:\/\/www.karate-neuhofen.at\/wp-content\/gallery\/10-sommercamp-2018\/thumbs\/thumbs_Sommercamp20182048.JPG\"\n               data-image-id=\"21784\"\n               data-title=\"Sommercamp2018(2048)\"\n               data-description=\"\"\n               data-image-slug=\"sommercamp20182048\"\n               class=\"shutterset_14ea2dae3d90de67c1fc228ab12416d8\">\n                <img\n                    title=\"Sommercamp2018(2048)\"\n                    alt=\"Sommercamp2018(2048)\"\n                    src=\"http:\/\/www.karate-neuhofen.at\/wp-content\/gallery\/10-sommercamp-2018\/thumbs\/thumbs_Sommercamp20182048.JPG\"\n                    width=\"240\"\n                    height=\"160\"\n                    style=\"max-width:100%;\"\n                \/>\n            <\/a>\n        <\/div>\n\t\t\t\t\t\t\t<\/div> \n\t\t\t\n        \n\t\t\t\t<div id=\"ngg-image-1048\" class=\"ngg-gallery-thumbnail-box\" >\n\t\t\t\t        <div class=\"ngg-gallery-thumbnail\">\n            <a href=\"http:\/\/www.karate-neuhofen.at\/wp-content\/gallery\/10-sommercamp-2018\/Sommercamp20182049.JPG\"\n               title=\"\"\n               data-src=\"http:\/\/www.karate-neuhofen.at\/wp-content\/gallery\/10-sommercamp-2018\/Sommercamp20182049.JPG\"\n               data-thumbnail=\"http:\/\/www.karate-neuhofen.at\/wp-content\/gallery\/10-sommercamp-2018\/thumbs\/thumbs_Sommercamp20182049.JPG\"\n               data-image-id=\"21785\"\n               data-title=\"Sommercamp2018(2049)\"\n               data-description=\"\"\n               data-image-slug=\"sommercamp20182049\"\n               class=\"shutterset_14ea2dae3d90de67c1fc228ab12416d8\">\n                <img\n                    title=\"Sommercamp2018(2049)\"\n                    alt=\"Sommercamp2018(2049)\"\n                    src=\"http:\/\/www.karate-neuhofen.at\/wp-content\/gallery\/10-sommercamp-2018\/thumbs\/thumbs_Sommercamp20182049.JPG\"\n                    width=\"240\"\n                    height=\"160\"\n                    style=\"max-width:100%;\"\n                \/>\n            <\/a>\n        <\/div>\n\t\t\t\t\t\t\t<\/div> \n\t\t\t\n        \n\t\t\t\t<div id=\"ngg-image-1049\" class=\"ngg-gallery-thumbnail-box\" >\n\t\t\t\t        <div class=\"ngg-gallery-thumbnail\">\n            <a href=\"http:\/\/www.karate-neuhofen.at\/wp-content\/gallery\/10-sommercamp-2018\/Sommercamp20182050.JPG\"\n               title=\"\"\n               data-src=\"http:\/\/www.karate-neuhofen.at\/wp-content\/gallery\/10-sommercamp-2018\/Sommercamp20182050.JPG\"\n               data-thumbnail=\"http:\/\/www.karate-neuhofen.at\/wp-content\/gallery\/10-sommercamp-2018\/thumbs\/thumbs_Sommercamp20182050.JPG\"\n               data-image-id=\"21786\"\n               data-title=\"Sommercamp2018(2050)\"\n               data-description=\"\"\n               data-image-slug=\"sommercamp20182050\"\n               class=\"shutterset_14ea2dae3d90de67c1fc228ab12416d8\">\n                <img\n                    title=\"Sommercamp2018(2050)\"\n                    alt=\"Sommercamp2018(2050)\"\n                    src=\"http:\/\/www.karate-neuhofen.at\/wp-content\/gallery\/10-sommercamp-2018\/thumbs\/thumbs_Sommercamp20182050.JPG\"\n                    width=\"240\"\n                    height=\"160\"\n                    style=\"max-width:100%;\"\n                \/>\n            <\/a>\n        <\/div>\n\t\t\t\t\t\t\t<\/div> \n\t\t\t\n        \n\t\t\t\t<div id=\"ngg-image-1050\" class=\"ngg-gallery-thumbnail-box\" >\n\t\t\t\t        <div class=\"ngg-gallery-thumbnail\">\n            <a href=\"http:\/\/www.karate-neuhofen.at\/wp-content\/gallery\/10-sommercamp-2018\/Sommercamp20182051.JPG\"\n               title=\"\"\n               data-src=\"http:\/\/www.karate-neuhofen.at\/wp-content\/gallery\/10-sommercamp-2018\/Sommercamp20182051.JPG\"\n               data-thumbnail=\"http:\/\/www.karate-neuhofen.at\/wp-content\/gallery\/10-sommercamp-2018\/thumbs\/thumbs_Sommercamp20182051.JPG\"\n               data-image-id=\"21787\"\n               data-title=\"Sommercamp2018(2051)\"\n               data-description=\"\"\n               data-image-slug=\"sommercamp20182051\"\n               class=\"shutterset_14ea2dae3d90de67c1fc228ab12416d8\">\n                <img\n                    title=\"Sommercamp2018(2051)\"\n                    alt=\"Sommercamp2018(2051)\"\n                    src=\"http:\/\/www.karate-neuhofen.at\/wp-content\/gallery\/10-sommercamp-2018\/thumbs\/thumbs_Sommercamp20182051.JPG\"\n                    width=\"240\"\n                    height=\"160\"\n                    style=\"max-width:100%;\"\n                \/>\n            <\/a>\n        <\/div>\n\t\t\t\t\t\t\t<\/div> \n\t\t\t\n        \n\t\t\t\t<div id=\"ngg-image-1051\" class=\"ngg-gallery-thumbnail-box\" >\n\t\t\t\t        <div class=\"ngg-gallery-thumbnail\">\n            <a href=\"http:\/\/www.karate-neuhofen.at\/wp-content\/gallery\/10-sommercamp-2018\/Sommercamp20182052.JPG\"\n               title=\"\"\n               data-src=\"http:\/\/www.karate-neuhofen.at\/wp-content\/gallery\/10-sommercamp-2018\/Sommercamp20182052.JPG\"\n               data-thumbnail=\"http:\/\/www.karate-neuhofen.at\/wp-content\/gallery\/10-sommercamp-2018\/thumbs\/thumbs_Sommercamp20182052.JPG\"\n               data-image-id=\"21788\"\n               data-title=\"Sommercamp2018(2052)\"\n               data-description=\"\"\n               data-image-slug=\"sommercamp20182052\"\n               class=\"shutterset_14ea2dae3d90de67c1fc228ab12416d8\">\n                <img\n                    title=\"Sommercamp2018(2052)\"\n                    alt=\"Sommercamp2018(2052)\"\n                    src=\"http:\/\/www.karate-neuhofen.at\/wp-content\/gallery\/10-sommercamp-2018\/thumbs\/thumbs_Sommercamp20182052.JPG\"\n                    width=\"240\"\n                    height=\"160\"\n                    style=\"max-width:100%;\"\n                \/>\n            <\/a>\n        <\/div>\n\t\t\t\t\t\t\t<\/div> \n\t\t\t\n        \n\t\t\t\t<div id=\"ngg-image-1052\" class=\"ngg-gallery-thumbnail-box\" >\n\t\t\t\t        <div class=\"ngg-gallery-thumbnail\">\n            <a href=\"http:\/\/www.karate-neuhofen.at\/wp-content\/gallery\/10-sommercamp-2018\/Sommercamp20182053.JPG\"\n               title=\"\"\n               data-src=\"http:\/\/www.karate-neuhofen.at\/wp-content\/gallery\/10-sommercamp-2018\/Sommercamp20182053.JPG\"\n               data-thumbnail=\"http:\/\/www.karate-neuhofen.at\/wp-content\/gallery\/10-sommercamp-2018\/thumbs\/thumbs_Sommercamp20182053.JPG\"\n               data-image-id=\"21789\"\n               data-title=\"Sommercamp2018(2053)\"\n               data-description=\"\"\n               data-image-slug=\"sommercamp20182053\"\n               class=\"shutterset_14ea2dae3d90de67c1fc228ab12416d8\">\n                <img\n                    title=\"Sommercamp2018(2053)\"\n                    alt=\"Sommercamp2018(2053)\"\n                    src=\"http:\/\/www.karate-neuhofen.at\/wp-content\/gallery\/10-sommercamp-2018\/thumbs\/thumbs_Sommercamp20182053.JPG\"\n                    width=\"240\"\n                    height=\"160\"\n                    style=\"max-width:100%;\"\n                \/>\n            <\/a>\n        <\/div>\n\t\t\t\t\t\t\t<\/div> \n\t\t\t\n        \n\t\t\t\t<div id=\"ngg-image-1053\" class=\"ngg-gallery-thumbnail-box\" >\n\t\t\t\t        <div class=\"ngg-gallery-thumbnail\">\n            <a href=\"http:\/\/www.karate-neuhofen.at\/wp-content\/gallery\/10-sommercamp-2018\/Sommercamp20182054.JPG\"\n               title=\"\"\n               data-src=\"http:\/\/www.karate-neuhofen.at\/wp-content\/gallery\/10-sommercamp-2018\/Sommercamp20182054.JPG\"\n               data-thumbnail=\"http:\/\/www.karate-neuhofen.at\/wp-content\/gallery\/10-sommercamp-2018\/thumbs\/thumbs_Sommercamp20182054.JPG\"\n               data-image-id=\"21790\"\n               data-title=\"Sommercamp2018(2054)\"\n               data-description=\"\"\n               data-image-slug=\"sommercamp20182054\"\n               class=\"shutterset_14ea2dae3d90de67c1fc228ab12416d8\">\n                <img\n                    title=\"Sommercamp2018(2054)\"\n                    alt=\"Sommercamp2018(2054)\"\n                    src=\"http:\/\/www.karate-neuhofen.at\/wp-content\/gallery\/10-sommercamp-2018\/thumbs\/thumbs_Sommercamp20182054.JPG\"\n                    width=\"240\"\n                    height=\"160\"\n                    style=\"max-width:100%;\"\n                \/>\n            <\/a>\n        <\/div>\n\t\t\t\t\t\t\t<\/div> \n\t\t\t\n        \n\t\t\t\t<div id=\"ngg-image-1054\" class=\"ngg-gallery-thumbnail-box\" >\n\t\t\t\t        <div class=\"ngg-gallery-thumbnail\">\n            <a href=\"http:\/\/www.karate-neuhofen.at\/wp-content\/gallery\/10-sommercamp-2018\/Sommercamp20182055.JPG\"\n               title=\"\"\n               data-src=\"http:\/\/www.karate-neuhofen.at\/wp-content\/gallery\/10-sommercamp-2018\/Sommercamp20182055.JPG\"\n               data-thumbnail=\"http:\/\/www.karate-neuhofen.at\/wp-content\/gallery\/10-sommercamp-2018\/thumbs\/thumbs_Sommercamp20182055.JPG\"\n               data-image-id=\"21791\"\n               data-title=\"Sommercamp2018(2055)\"\n               data-description=\"\"\n               data-image-slug=\"sommercamp20182055\"\n               class=\"shutterset_14ea2dae3d90de67c1fc228ab12416d8\">\n                <img\n                    title=\"Sommercamp2018(2055)\"\n                    alt=\"Sommercamp2018(2055)\"\n                    src=\"http:\/\/www.karate-neuhofen.at\/wp-content\/gallery\/10-sommercamp-2018\/thumbs\/thumbs_Sommercamp20182055.JPG\"\n                    width=\"240\"\n                    height=\"160\"\n                    style=\"max-width:100%;\"\n                \/>\n            <\/a>\n        <\/div>\n\t\t\t\t\t\t\t<\/div> \n\t\t\t\n        \n\t\t\t\t<div id=\"ngg-image-1055\" class=\"ngg-gallery-thumbnail-box\" >\n\t\t\t\t        <div class=\"ngg-gallery-thumbnail\">\n            <a href=\"http:\/\/www.karate-neuhofen.at\/wp-content\/gallery\/10-sommercamp-2018\/Sommercamp20182056.JPG\"\n               title=\"\"\n               data-src=\"http:\/\/www.karate-neuhofen.at\/wp-content\/gallery\/10-sommercamp-2018\/Sommercamp20182056.JPG\"\n               data-thumbnail=\"http:\/\/www.karate-neuhofen.at\/wp-content\/gallery\/10-sommercamp-2018\/thumbs\/thumbs_Sommercamp20182056.JPG\"\n               data-image-id=\"21792\"\n               data-title=\"Sommercamp2018(2056)\"\n               data-description=\"\"\n               data-image-slug=\"sommercamp20182056\"\n               class=\"shutterset_14ea2dae3d90de67c1fc228ab12416d8\">\n                <img\n                    title=\"Sommercamp2018(2056)\"\n                    alt=\"Sommercamp2018(2056)\"\n                    src=\"http:\/\/www.karate-neuhofen.at\/wp-content\/gallery\/10-sommercamp-2018\/thumbs\/thumbs_Sommercamp20182056.JPG\"\n                    width=\"240\"\n                    height=\"160\"\n                    style=\"max-width:100%;\"\n                \/>\n            <\/a>\n        <\/div>\n\t\t\t\t\t\t\t<\/div> \n\t\t\t\n        \n\t\t\t\t<div id=\"ngg-image-1056\" class=\"ngg-gallery-thumbnail-box\" >\n\t\t\t\t        <div class=\"ngg-gallery-thumbnail\">\n            <a href=\"http:\/\/www.karate-neuhofen.at\/wp-content\/gallery\/10-sommercamp-2018\/Sommercamp20182057.JPG\"\n               title=\"\"\n               data-src=\"http:\/\/www.karate-neuhofen.at\/wp-content\/gallery\/10-sommercamp-2018\/Sommercamp20182057.JPG\"\n               data-thumbnail=\"http:\/\/www.karate-neuhofen.at\/wp-content\/gallery\/10-sommercamp-2018\/thumbs\/thumbs_Sommercamp20182057.JPG\"\n               data-image-id=\"21793\"\n               data-title=\"Sommercamp2018(2057)\"\n               data-description=\"\"\n               data-image-slug=\"sommercamp20182057\"\n               class=\"shutterset_14ea2dae3d90de67c1fc228ab12416d8\">\n                <img\n                    title=\"Sommercamp2018(2057)\"\n                    alt=\"Sommercamp2018(2057)\"\n                    src=\"http:\/\/www.karate-neuhofen.at\/wp-content\/gallery\/10-sommercamp-2018\/thumbs\/thumbs_Sommercamp20182057.JPG\"\n                    width=\"240\"\n                    height=\"160\"\n                    style=\"max-width:100%;\"\n                \/>\n            <\/a>\n        <\/div>\n\t\t\t\t\t\t\t<\/div> \n\t\t\t\n        \n\t\t\t\t<div id=\"ngg-image-1057\" class=\"ngg-gallery-thumbnail-box\" >\n\t\t\t\t        <div class=\"ngg-gallery-thumbnail\">\n            <a href=\"http:\/\/www.karate-neuhofen.at\/wp-content\/gallery\/10-sommercamp-2018\/Sommercamp20182058.JPG\"\n               title=\"\"\n               data-src=\"http:\/\/www.karate-neuhofen.at\/wp-content\/gallery\/10-sommercamp-2018\/Sommercamp20182058.JPG\"\n               data-thumbnail=\"http:\/\/www.karate-neuhofen.at\/wp-content\/gallery\/10-sommercamp-2018\/thumbs\/thumbs_Sommercamp20182058.JPG\"\n               data-image-id=\"21794\"\n               data-title=\"Sommercamp2018(2058)\"\n               data-description=\"\"\n               data-image-slug=\"sommercamp20182058\"\n               class=\"shutterset_14ea2dae3d90de67c1fc228ab12416d8\">\n                <img\n                    title=\"Sommercamp2018(2058)\"\n                    alt=\"Sommercamp2018(2058)\"\n                    src=\"http:\/\/www.karate-neuhofen.at\/wp-content\/gallery\/10-sommercamp-2018\/thumbs\/thumbs_Sommercamp20182058.JPG\"\n                    width=\"240\"\n                    height=\"160\"\n                    style=\"max-width:100%;\"\n                \/>\n            <\/a>\n        <\/div>\n\t\t\t\t\t\t\t<\/div> \n\t\t\t\n        \n\t\t\t\t<div id=\"ngg-image-1058\" class=\"ngg-gallery-thumbnail-box\" >\n\t\t\t\t        <div class=\"ngg-gallery-thumbnail\">\n            <a href=\"http:\/\/www.karate-neuhofen.at\/wp-content\/gallery\/10-sommercamp-2018\/Sommercamp20182059.JPG\"\n               title=\"\"\n               data-src=\"http:\/\/www.karate-neuhofen.at\/wp-content\/gallery\/10-sommercamp-2018\/Sommercamp20182059.JPG\"\n               data-thumbnail=\"http:\/\/www.karate-neuhofen.at\/wp-content\/gallery\/10-sommercamp-2018\/thumbs\/thumbs_Sommercamp20182059.JPG\"\n               data-image-id=\"21795\"\n               data-title=\"Sommercamp2018(2059)\"\n               data-description=\"\"\n               data-image-slug=\"sommercamp20182059\"\n               class=\"shutterset_14ea2dae3d90de67c1fc228ab12416d8\">\n                <img\n                    title=\"Sommercamp2018(2059)\"\n                    alt=\"Sommercamp2018(2059)\"\n                    src=\"http:\/\/www.karate-neuhofen.at\/wp-content\/gallery\/10-sommercamp-2018\/thumbs\/thumbs_Sommercamp20182059.JPG\"\n                    width=\"240\"\n                    height=\"160\"\n                    style=\"max-width:100%;\"\n                \/>\n            <\/a>\n        <\/div>\n\t\t\t\t\t\t\t<\/div> \n\t\t\t\n        \n\t\t\t\t<div id=\"ngg-image-1059\" class=\"ngg-gallery-thumbnail-box\" >\n\t\t\t\t        <div class=\"ngg-gallery-thumbnail\">\n            <a href=\"http:\/\/www.karate-neuhofen.at\/wp-content\/gallery\/10-sommercamp-2018\/Sommercamp20182060.JPG\"\n               title=\"\"\n               data-src=\"http:\/\/www.karate-neuhofen.at\/wp-content\/gallery\/10-sommercamp-2018\/Sommercamp20182060.JPG\"\n               data-thumbnail=\"http:\/\/www.karate-neuhofen.at\/wp-content\/gallery\/10-sommercamp-2018\/thumbs\/thumbs_Sommercamp20182060.JPG\"\n               data-image-id=\"21796\"\n               data-title=\"Sommercamp2018(2060)\"\n               data-description=\"\"\n               data-image-slug=\"sommercamp20182060\"\n               class=\"shutterset_14ea2dae3d90de67c1fc228ab12416d8\">\n                <img\n                    title=\"Sommercamp2018(2060)\"\n                    alt=\"Sommercamp2018(2060)\"\n                    src=\"http:\/\/www.karate-neuhofen.at\/wp-content\/gallery\/10-sommercamp-2018\/thumbs\/thumbs_Sommercamp20182060.JPG\"\n                    width=\"240\"\n                    height=\"160\"\n                    style=\"max-width:100%;\"\n                \/>\n            <\/a>\n        <\/div>\n\t\t\t\t\t\t\t<\/div> \n\t\t\t\n        \n\t\t\t\t<div id=\"ngg-image-1060\" class=\"ngg-gallery-thumbnail-box\" >\n\t\t\t\t        <div class=\"ngg-gallery-thumbnail\">\n            <a href=\"http:\/\/www.karate-neuhofen.at\/wp-content\/gallery\/10-sommercamp-2018\/Sommercamp20182061.JPG\"\n               title=\"\"\n               data-src=\"http:\/\/www.karate-neuhofen.at\/wp-content\/gallery\/10-sommercamp-2018\/Sommercamp20182061.JPG\"\n               data-thumbnail=\"http:\/\/www.karate-neuhofen.at\/wp-content\/gallery\/10-sommercamp-2018\/thumbs\/thumbs_Sommercamp20182061.JPG\"\n               data-image-id=\"21797\"\n               data-title=\"Sommercamp2018(2061)\"\n               data-description=\"\"\n               data-image-slug=\"sommercamp20182061\"\n               class=\"shutterset_14ea2dae3d90de67c1fc228ab12416d8\">\n                <img\n                    title=\"Sommercamp2018(2061)\"\n                    alt=\"Sommercamp2018(2061)\"\n                    src=\"http:\/\/www.karate-neuhofen.at\/wp-content\/gallery\/10-sommercamp-2018\/thumbs\/thumbs_Sommercamp20182061.JPG\"\n                    width=\"240\"\n                    height=\"160\"\n                    style=\"max-width:100%;\"\n                \/>\n            <\/a>\n        <\/div>\n\t\t\t\t\t\t\t<\/div> \n\t\t\t\n        \n\t\t\t\t<div id=\"ngg-image-1061\" class=\"ngg-gallery-thumbnail-box\" >\n\t\t\t\t        <div class=\"ngg-gallery-thumbnail\">\n            <a href=\"http:\/\/www.karate-neuhofen.at\/wp-content\/gallery\/10-sommercamp-2018\/Sommercamp20182062.JPG\"\n               title=\"\"\n               data-src=\"http:\/\/www.karate-neuhofen.at\/wp-content\/gallery\/10-sommercamp-2018\/Sommercamp20182062.JPG\"\n               data-thumbnail=\"http:\/\/www.karate-neuhofen.at\/wp-content\/gallery\/10-sommercamp-2018\/thumbs\/thumbs_Sommercamp20182062.JPG\"\n               data-image-id=\"21798\"\n               data-title=\"Sommercamp2018(2062)\"\n               data-description=\"\"\n               data-image-slug=\"sommercamp20182062\"\n               class=\"shutterset_14ea2dae3d90de67c1fc228ab12416d8\">\n                <img\n                    title=\"Sommercamp2018(2062)\"\n                    alt=\"Sommercamp2018(2062)\"\n                    src=\"http:\/\/www.karate-neuhofen.at\/wp-content\/gallery\/10-sommercamp-2018\/thumbs\/thumbs_Sommercamp20182062.JPG\"\n                    width=\"240\"\n                    height=\"160\"\n                    style=\"max-width:100%;\"\n                \/>\n            <\/a>\n        <\/div>\n\t\t\t\t\t\t\t<\/div> \n\t\t\t\n        \n\t\t\t\t<div id=\"ngg-image-1062\" class=\"ngg-gallery-thumbnail-box\" >\n\t\t\t\t        <div class=\"ngg-gallery-thumbnail\">\n            <a href=\"http:\/\/www.karate-neuhofen.at\/wp-content\/gallery\/10-sommercamp-2018\/Sommercamp20182063.JPG\"\n               title=\"\"\n               data-src=\"http:\/\/www.karate-neuhofen.at\/wp-content\/gallery\/10-sommercamp-2018\/Sommercamp20182063.JPG\"\n               data-thumbnail=\"http:\/\/www.karate-neuhofen.at\/wp-content\/gallery\/10-sommercamp-2018\/thumbs\/thumbs_Sommercamp20182063.JPG\"\n               data-image-id=\"21799\"\n               data-title=\"Sommercamp2018(2063)\"\n               data-description=\"\"\n               data-image-slug=\"sommercamp20182063\"\n               class=\"shutterset_14ea2dae3d90de67c1fc228ab12416d8\">\n                <img\n                    title=\"Sommercamp2018(2063)\"\n                    alt=\"Sommercamp2018(2063)\"\n                    src=\"http:\/\/www.karate-neuhofen.at\/wp-content\/gallery\/10-sommercamp-2018\/thumbs\/thumbs_Sommercamp20182063.JPG\"\n                    width=\"240\"\n                    height=\"160\"\n                    style=\"max-width:100%;\"\n                \/>\n            <\/a>\n        <\/div>\n\t\t\t\t\t\t\t<\/div> \n\t\t\t\n        \n\t\t\t\t<div id=\"ngg-image-1063\" class=\"ngg-gallery-thumbnail-box\" >\n\t\t\t\t        <div class=\"ngg-gallery-thumbnail\">\n            <a href=\"http:\/\/www.karate-neuhofen.at\/wp-content\/gallery\/10-sommercamp-2018\/Sommercamp20182064.JPG\"\n               title=\"\"\n               data-src=\"http:\/\/www.karate-neuhofen.at\/wp-content\/gallery\/10-sommercamp-2018\/Sommercamp20182064.JPG\"\n               data-thumbnail=\"http:\/\/www.karate-neuhofen.at\/wp-content\/gallery\/10-sommercamp-2018\/thumbs\/thumbs_Sommercamp20182064.JPG\"\n               data-image-id=\"21800\"\n               data-title=\"Sommercamp2018(2064)\"\n               data-description=\"\"\n               data-image-slug=\"sommercamp20182064\"\n               class=\"shutterset_14ea2dae3d90de67c1fc228ab12416d8\">\n                <img\n                    title=\"Sommercamp2018(2064)\"\n                    alt=\"Sommercamp2018(2064)\"\n                    src=\"http:\/\/www.karate-neuhofen.at\/wp-content\/gallery\/10-sommercamp-2018\/thumbs\/thumbs_Sommercamp20182064.JPG\"\n                    width=\"240\"\n                    height=\"160\"\n                    style=\"max-width:100%;\"\n                \/>\n            <\/a>\n        <\/div>\n\t\t\t\t\t\t\t<\/div> \n\t\t\t\n        \n\t\t\t\t<div id=\"ngg-image-1064\" class=\"ngg-gallery-thumbnail-box\" >\n\t\t\t\t        <div class=\"ngg-gallery-thumbnail\">\n            <a href=\"http:\/\/www.karate-neuhofen.at\/wp-content\/gallery\/10-sommercamp-2018\/Sommercamp20182065.JPG\"\n               title=\"\"\n               data-src=\"http:\/\/www.karate-neuhofen.at\/wp-content\/gallery\/10-sommercamp-2018\/Sommercamp20182065.JPG\"\n               data-thumbnail=\"http:\/\/www.karate-neuhofen.at\/wp-content\/gallery\/10-sommercamp-2018\/thumbs\/thumbs_Sommercamp20182065.JPG\"\n               data-image-id=\"21801\"\n               data-title=\"Sommercamp2018(2065)\"\n               data-description=\"\"\n               data-image-slug=\"sommercamp20182065\"\n               class=\"shutterset_14ea2dae3d90de67c1fc228ab12416d8\">\n                <img\n                    title=\"Sommercamp2018(2065)\"\n                    alt=\"Sommercamp2018(2065)\"\n                    src=\"http:\/\/www.karate-neuhofen.at\/wp-content\/gallery\/10-sommercamp-2018\/thumbs\/thumbs_Sommercamp20182065.JPG\"\n                    width=\"240\"\n                    height=\"160\"\n                    style=\"max-width:100%;\"\n                \/>\n            <\/a>\n        <\/div>\n\t\t\t\t\t\t\t<\/div> \n\t\t\t\n        \n\t\t\t\t<div id=\"ngg-image-1065\" class=\"ngg-gallery-thumbnail-box\" >\n\t\t\t\t        <div class=\"ngg-gallery-thumbnail\">\n            <a href=\"http:\/\/www.karate-neuhofen.at\/wp-content\/gallery\/10-sommercamp-2018\/Sommercamp20182066.JPG\"\n               title=\"\"\n               data-src=\"http:\/\/www.karate-neuhofen.at\/wp-content\/gallery\/10-sommercamp-2018\/Sommercamp20182066.JPG\"\n               data-thumbnail=\"http:\/\/www.karate-neuhofen.at\/wp-content\/gallery\/10-sommercamp-2018\/thumbs\/thumbs_Sommercamp20182066.JPG\"\n               data-image-id=\"20709\"\n               data-title=\"Sommercamp2018(2066)\"\n               data-description=\"\"\n               data-image-slug=\"sommercamp20182066\"\n               class=\"shutterset_14ea2dae3d90de67c1fc228ab12416d8\">\n                <img\n                    title=\"Sommercamp2018(2066)\"\n                    alt=\"Sommercamp2018(2066)\"\n                    src=\"http:\/\/www.karate-neuhofen.at\/wp-content\/gallery\/10-sommercamp-2018\/thumbs\/thumbs_Sommercamp20182066.JPG\"\n                    width=\"240\"\n                    height=\"160\"\n                    style=\"max-width:100%;\"\n                \/>\n            <\/a>\n        <\/div>\n\t\t\t\t\t\t\t<\/div> \n\t\t\t\n        \n\t\t\t\t<div id=\"ngg-image-1066\" class=\"ngg-gallery-thumbnail-box\" >\n\t\t\t\t        <div class=\"ngg-gallery-thumbnail\">\n            <a href=\"http:\/\/www.karate-neuhofen.at\/wp-content\/gallery\/10-sommercamp-2018\/Sommercamp20182067.JPG\"\n               title=\"\"\n               data-src=\"http:\/\/www.karate-neuhofen.at\/wp-content\/gallery\/10-sommercamp-2018\/Sommercamp20182067.JPG\"\n               data-thumbnail=\"http:\/\/www.karate-neuhofen.at\/wp-content\/gallery\/10-sommercamp-2018\/thumbs\/thumbs_Sommercamp20182067.JPG\"\n               data-image-id=\"20710\"\n               data-title=\"Sommercamp2018(2067)\"\n               data-description=\"\"\n               data-image-slug=\"sommercamp20182067\"\n               class=\"shutterset_14ea2dae3d90de67c1fc228ab12416d8\">\n                <img\n                    title=\"Sommercamp2018(2067)\"\n                    alt=\"Sommercamp2018(2067)\"\n                    src=\"http:\/\/www.karate-neuhofen.at\/wp-content\/gallery\/10-sommercamp-2018\/thumbs\/thumbs_Sommercamp20182067.JPG\"\n                    width=\"240\"\n                    height=\"160\"\n                    style=\"max-width:100%;\"\n                \/>\n            <\/a>\n        <\/div>\n\t\t\t\t\t\t\t<\/div> \n\t\t\t\n        \n\t\t\t\t<div id=\"ngg-image-1067\" class=\"ngg-gallery-thumbnail-box\" >\n\t\t\t\t        <div class=\"ngg-gallery-thumbnail\">\n            <a href=\"http:\/\/www.karate-neuhofen.at\/wp-content\/gallery\/10-sommercamp-2018\/Sommercamp20182068.JPG\"\n               title=\"\"\n               data-src=\"http:\/\/www.karate-neuhofen.at\/wp-content\/gallery\/10-sommercamp-2018\/Sommercamp20182068.JPG\"\n               data-thumbnail=\"http:\/\/www.karate-neuhofen.at\/wp-content\/gallery\/10-sommercamp-2018\/thumbs\/thumbs_Sommercamp20182068.JPG\"\n               data-image-id=\"20711\"\n               data-title=\"Sommercamp2018(2068)\"\n               data-description=\"\"\n               data-image-slug=\"sommercamp20182068\"\n               class=\"shutterset_14ea2dae3d90de67c1fc228ab12416d8\">\n                <img\n                    title=\"Sommercamp2018(2068)\"\n                    alt=\"Sommercamp2018(2068)\"\n                    src=\"http:\/\/www.karate-neuhofen.at\/wp-content\/gallery\/10-sommercamp-2018\/thumbs\/thumbs_Sommercamp20182068.JPG\"\n                    width=\"240\"\n                    height=\"160\"\n                    style=\"max-width:100%;\"\n                \/>\n            <\/a>\n        <\/div>\n\t\t\t\t\t\t\t<\/div> \n\t\t\t\n        \n\t\t\t\t<div id=\"ngg-image-1068\" class=\"ngg-gallery-thumbnail-box\" >\n\t\t\t\t        <div class=\"ngg-gallery-thumbnail\">\n            <a href=\"http:\/\/www.karate-neuhofen.at\/wp-content\/gallery\/10-sommercamp-2018\/Sommercamp20182069.JPG\"\n               title=\"\"\n               data-src=\"http:\/\/www.karate-neuhofen.at\/wp-content\/gallery\/10-sommercamp-2018\/Sommercamp20182069.JPG\"\n               data-thumbnail=\"http:\/\/www.karate-neuhofen.at\/wp-content\/gallery\/10-sommercamp-2018\/thumbs\/thumbs_Sommercamp20182069.JPG\"\n               data-image-id=\"20712\"\n               data-title=\"Sommercamp2018(2069)\"\n               data-description=\"\"\n               data-image-slug=\"sommercamp20182069\"\n               class=\"shutterset_14ea2dae3d90de67c1fc228ab12416d8\">\n                <img\n                    title=\"Sommercamp2018(2069)\"\n                    alt=\"Sommercamp2018(2069)\"\n                    src=\"http:\/\/www.karate-neuhofen.at\/wp-content\/gallery\/10-sommercamp-2018\/thumbs\/thumbs_Sommercamp20182069.JPG\"\n                    width=\"240\"\n                    height=\"160\"\n                    style=\"max-width:100%;\"\n                \/>\n            <\/a>\n        <\/div>\n\t\t\t\t\t\t\t<\/div> \n\t\t\t\n        \n\t\t\t\t<div id=\"ngg-image-1069\" class=\"ngg-gallery-thumbnail-box\" >\n\t\t\t\t        <div class=\"ngg-gallery-thumbnail\">\n            <a href=\"http:\/\/www.karate-neuhofen.at\/wp-content\/gallery\/10-sommercamp-2018\/Sommercamp20182070.JPG\"\n               title=\"\"\n               data-src=\"http:\/\/www.karate-neuhofen.at\/wp-content\/gallery\/10-sommercamp-2018\/Sommercamp20182070.JPG\"\n               data-thumbnail=\"http:\/\/www.karate-neuhofen.at\/wp-content\/gallery\/10-sommercamp-2018\/thumbs\/thumbs_Sommercamp20182070.JPG\"\n               data-image-id=\"20713\"\n               data-title=\"Sommercamp2018(2070)\"\n               data-description=\"\"\n               data-image-slug=\"sommercamp20182070\"\n               class=\"shutterset_14ea2dae3d90de67c1fc228ab12416d8\">\n                <img\n                    title=\"Sommercamp2018(2070)\"\n                    alt=\"Sommercamp2018(2070)\"\n                    src=\"http:\/\/www.karate-neuhofen.at\/wp-content\/gallery\/10-sommercamp-2018\/thumbs\/thumbs_Sommercamp20182070.JPG\"\n                    width=\"240\"\n                    height=\"160\"\n                    style=\"max-width:100%;\"\n                \/>\n            <\/a>\n        <\/div>\n\t\t\t\t\t\t\t<\/div> \n\t\t\t\n        \n\t\t\t\t<div id=\"ngg-image-1070\" class=\"ngg-gallery-thumbnail-box\" >\n\t\t\t\t        <div class=\"ngg-gallery-thumbnail\">\n            <a href=\"http:\/\/www.karate-neuhofen.at\/wp-content\/gallery\/10-sommercamp-2018\/Sommercamp20182071.JPG\"\n               title=\"\"\n               data-src=\"http:\/\/www.karate-neuhofen.at\/wp-content\/gallery\/10-sommercamp-2018\/Sommercamp20182071.JPG\"\n               data-thumbnail=\"http:\/\/www.karate-neuhofen.at\/wp-content\/gallery\/10-sommercamp-2018\/thumbs\/thumbs_Sommercamp20182071.JPG\"\n               data-image-id=\"20714\"\n               data-title=\"Sommercamp2018(2071)\"\n               data-description=\"\"\n               data-image-slug=\"sommercamp20182071\"\n               class=\"shutterset_14ea2dae3d90de67c1fc228ab12416d8\">\n                <img\n                    title=\"Sommercamp2018(2071)\"\n                    alt=\"Sommercamp2018(2071)\"\n                    src=\"http:\/\/www.karate-neuhofen.at\/wp-content\/gallery\/10-sommercamp-2018\/thumbs\/thumbs_Sommercamp20182071.JPG\"\n                    width=\"240\"\n                    height=\"160\"\n                    style=\"max-width:100%;\"\n                \/>\n            <\/a>\n        <\/div>\n\t\t\t\t\t\t\t<\/div> \n\t\t\t\n        \n\t\t\t\t<div id=\"ngg-image-1071\" class=\"ngg-gallery-thumbnail-box\" >\n\t\t\t\t        <div class=\"ngg-gallery-thumbnail\">\n            <a href=\"http:\/\/www.karate-neuhofen.at\/wp-content\/gallery\/10-sommercamp-2018\/Sommercamp20182072.JPG\"\n               title=\"\"\n               data-src=\"http:\/\/www.karate-neuhofen.at\/wp-content\/gallery\/10-sommercamp-2018\/Sommercamp20182072.JPG\"\n               data-thumbnail=\"http:\/\/www.karate-neuhofen.at\/wp-content\/gallery\/10-sommercamp-2018\/thumbs\/thumbs_Sommercamp20182072.JPG\"\n               data-image-id=\"20715\"\n               data-title=\"Sommercamp2018(2072)\"\n               data-description=\"\"\n               data-image-slug=\"sommercamp20182072\"\n               class=\"shutterset_14ea2dae3d90de67c1fc228ab12416d8\">\n                <img\n                    title=\"Sommercamp2018(2072)\"\n                    alt=\"Sommercamp2018(2072)\"\n                    src=\"http:\/\/www.karate-neuhofen.at\/wp-content\/gallery\/10-sommercamp-2018\/thumbs\/thumbs_Sommercamp20182072.JPG\"\n                    width=\"240\"\n                    height=\"160\"\n                    style=\"max-width:100%;\"\n                \/>\n            <\/a>\n        <\/div>\n\t\t\t\t\t\t\t<\/div> \n\t\t\t\n        \n\t\t\t\t<div id=\"ngg-image-1072\" class=\"ngg-gallery-thumbnail-box\" >\n\t\t\t\t        <div class=\"ngg-gallery-thumbnail\">\n            <a href=\"http:\/\/www.karate-neuhofen.at\/wp-content\/gallery\/10-sommercamp-2018\/Sommercamp20182073.JPG\"\n               title=\"\"\n               data-src=\"http:\/\/www.karate-neuhofen.at\/wp-content\/gallery\/10-sommercamp-2018\/Sommercamp20182073.JPG\"\n               data-thumbnail=\"http:\/\/www.karate-neuhofen.at\/wp-content\/gallery\/10-sommercamp-2018\/thumbs\/thumbs_Sommercamp20182073.JPG\"\n               data-image-id=\"20716\"\n               data-title=\"Sommercamp2018(2073)\"\n               data-description=\"\"\n               data-image-slug=\"sommercamp20182073\"\n               class=\"shutterset_14ea2dae3d90de67c1fc228ab12416d8\">\n                <img\n                    title=\"Sommercamp2018(2073)\"\n                    alt=\"Sommercamp2018(2073)\"\n                    src=\"http:\/\/www.karate-neuhofen.at\/wp-content\/gallery\/10-sommercamp-2018\/thumbs\/thumbs_Sommercamp20182073.JPG\"\n                    width=\"240\"\n                    height=\"160\"\n                    style=\"max-width:100%;\"\n                \/>\n            <\/a>\n        <\/div>\n\t\t\t\t\t\t\t<\/div> \n\t\t\t\n        \n\t\t\t\t<div id=\"ngg-image-1073\" class=\"ngg-gallery-thumbnail-box\" >\n\t\t\t\t        <div class=\"ngg-gallery-thumbnail\">\n            <a href=\"http:\/\/www.karate-neuhofen.at\/wp-content\/gallery\/10-sommercamp-2018\/Sommercamp20182074.JPG\"\n               title=\"\"\n               data-src=\"http:\/\/www.karate-neuhofen.at\/wp-content\/gallery\/10-sommercamp-2018\/Sommercamp20182074.JPG\"\n               data-thumbnail=\"http:\/\/www.karate-neuhofen.at\/wp-content\/gallery\/10-sommercamp-2018\/thumbs\/thumbs_Sommercamp20182074.JPG\"\n               data-image-id=\"20717\"\n               data-title=\"Sommercamp2018(2074)\"\n               data-description=\"\"\n               data-image-slug=\"sommercamp20182074\"\n               class=\"shutterset_14ea2dae3d90de67c1fc228ab12416d8\">\n                <img\n                    title=\"Sommercamp2018(2074)\"\n                    alt=\"Sommercamp2018(2074)\"\n                    src=\"http:\/\/www.karate-neuhofen.at\/wp-content\/gallery\/10-sommercamp-2018\/thumbs\/thumbs_Sommercamp20182074.JPG\"\n                    width=\"240\"\n                    height=\"160\"\n                    style=\"max-width:100%;\"\n                \/>\n            <\/a>\n        <\/div>\n\t\t\t\t\t\t\t<\/div> \n\t\t\t\n        \n\t\t\t\t<div id=\"ngg-image-1074\" class=\"ngg-gallery-thumbnail-box\" >\n\t\t\t\t        <div class=\"ngg-gallery-thumbnail\">\n            <a href=\"http:\/\/www.karate-neuhofen.at\/wp-content\/gallery\/10-sommercamp-2018\/Sommercamp20182075.JPG\"\n               title=\"\"\n               data-src=\"http:\/\/www.karate-neuhofen.at\/wp-content\/gallery\/10-sommercamp-2018\/Sommercamp20182075.JPG\"\n               data-thumbnail=\"http:\/\/www.karate-neuhofen.at\/wp-content\/gallery\/10-sommercamp-2018\/thumbs\/thumbs_Sommercamp20182075.JPG\"\n               data-image-id=\"20718\"\n               data-title=\"Sommercamp2018(2075)\"\n               data-description=\"\"\n               data-image-slug=\"sommercamp20182075\"\n               class=\"shutterset_14ea2dae3d90de67c1fc228ab12416d8\">\n                <img\n                    title=\"Sommercamp2018(2075)\"\n                    alt=\"Sommercamp2018(2075)\"\n                    src=\"http:\/\/www.karate-neuhofen.at\/wp-content\/gallery\/10-sommercamp-2018\/thumbs\/thumbs_Sommercamp20182075.JPG\"\n                    width=\"240\"\n                    height=\"160\"\n                    style=\"max-width:100%;\"\n                \/>\n            <\/a>\n        <\/div>\n\t\t\t\t\t\t\t<\/div> \n\t\t\t\n        \n\t\t\t\t<div id=\"ngg-image-1075\" class=\"ngg-gallery-thumbnail-box\" >\n\t\t\t\t        <div class=\"ngg-gallery-thumbnail\">\n            <a href=\"http:\/\/www.karate-neuhofen.at\/wp-content\/gallery\/10-sommercamp-2018\/Sommercamp20182076.JPG\"\n               title=\"\"\n               data-src=\"http:\/\/www.karate-neuhofen.at\/wp-content\/gallery\/10-sommercamp-2018\/Sommercamp20182076.JPG\"\n               data-thumbnail=\"http:\/\/www.karate-neuhofen.at\/wp-content\/gallery\/10-sommercamp-2018\/thumbs\/thumbs_Sommercamp20182076.JPG\"\n               data-image-id=\"20719\"\n               data-title=\"Sommercamp2018(2076)\"\n               data-description=\"\"\n               data-image-slug=\"sommercamp20182076\"\n               class=\"shutterset_14ea2dae3d90de67c1fc228ab12416d8\">\n                <img\n                    title=\"Sommercamp2018(2076)\"\n                    alt=\"Sommercamp2018(2076)\"\n                    src=\"http:\/\/www.karate-neuhofen.at\/wp-content\/gallery\/10-sommercamp-2018\/thumbs\/thumbs_Sommercamp20182076.JPG\"\n                    width=\"240\"\n                    height=\"160\"\n                    style=\"max-width:100%;\"\n                \/>\n            <\/a>\n        <\/div>\n\t\t\t\t\t\t\t<\/div> \n\t\t\t\n        \n\t\t\t\t<div id=\"ngg-image-1076\" class=\"ngg-gallery-thumbnail-box\" >\n\t\t\t\t        <div class=\"ngg-gallery-thumbnail\">\n            <a href=\"http:\/\/www.karate-neuhofen.at\/wp-content\/gallery\/10-sommercamp-2018\/Sommercamp20182077.JPG\"\n               title=\"\"\n               data-src=\"http:\/\/www.karate-neuhofen.at\/wp-content\/gallery\/10-sommercamp-2018\/Sommercamp20182077.JPG\"\n               data-thumbnail=\"http:\/\/www.karate-neuhofen.at\/wp-content\/gallery\/10-sommercamp-2018\/thumbs\/thumbs_Sommercamp20182077.JPG\"\n               data-image-id=\"20720\"\n               data-title=\"Sommercamp2018(2077)\"\n               data-description=\"\"\n               data-image-slug=\"sommercamp20182077\"\n               class=\"shutterset_14ea2dae3d90de67c1fc228ab12416d8\">\n                <img\n                    title=\"Sommercamp2018(2077)\"\n                    alt=\"Sommercamp2018(2077)\"\n                    src=\"http:\/\/www.karate-neuhofen.at\/wp-content\/gallery\/10-sommercamp-2018\/thumbs\/thumbs_Sommercamp20182077.JPG\"\n                    width=\"240\"\n                    height=\"160\"\n                    style=\"max-width:100%;\"\n                \/>\n            <\/a>\n        <\/div>\n\t\t\t\t\t\t\t<\/div> \n\t\t\t\n        \n\t\t\t\t<div id=\"ngg-image-1077\" class=\"ngg-gallery-thumbnail-box\" >\n\t\t\t\t        <div class=\"ngg-gallery-thumbnail\">\n            <a href=\"http:\/\/www.karate-neuhofen.at\/wp-content\/gallery\/10-sommercamp-2018\/Sommercamp20182078.JPG\"\n               title=\"\"\n               data-src=\"http:\/\/www.karate-neuhofen.at\/wp-content\/gallery\/10-sommercamp-2018\/Sommercamp20182078.JPG\"\n               data-thumbnail=\"http:\/\/www.karate-neuhofen.at\/wp-content\/gallery\/10-sommercamp-2018\/thumbs\/thumbs_Sommercamp20182078.JPG\"\n               data-image-id=\"20721\"\n               data-title=\"Sommercamp2018(2078)\"\n               data-description=\"\"\n               data-image-slug=\"sommercamp20182078\"\n               class=\"shutterset_14ea2dae3d90de67c1fc228ab12416d8\">\n                <img\n                    title=\"Sommercamp2018(2078)\"\n                    alt=\"Sommercamp2018(2078)\"\n                    src=\"http:\/\/www.karate-neuhofen.at\/wp-content\/gallery\/10-sommercamp-2018\/thumbs\/thumbs_Sommercamp20182078.JPG\"\n                    width=\"240\"\n                    height=\"160\"\n                    style=\"max-width:100%;\"\n                \/>\n            <\/a>\n        <\/div>\n\t\t\t\t\t\t\t<\/div> \n\t\t\t\n        \n\t\t\t\t<div id=\"ngg-image-1078\" class=\"ngg-gallery-thumbnail-box\" >\n\t\t\t\t        <div class=\"ngg-gallery-thumbnail\">\n            <a href=\"http:\/\/www.karate-neuhofen.at\/wp-content\/gallery\/10-sommercamp-2018\/Sommercamp20182079.JPG\"\n               title=\"\"\n               data-src=\"http:\/\/www.karate-neuhofen.at\/wp-content\/gallery\/10-sommercamp-2018\/Sommercamp20182079.JPG\"\n               data-thumbnail=\"http:\/\/www.karate-neuhofen.at\/wp-content\/gallery\/10-sommercamp-2018\/thumbs\/thumbs_Sommercamp20182079.JPG\"\n               data-image-id=\"20722\"\n               data-title=\"Sommercamp2018(2079)\"\n               data-description=\"\"\n               data-image-slug=\"sommercamp20182079\"\n               class=\"shutterset_14ea2dae3d90de67c1fc228ab12416d8\">\n                <img\n                    title=\"Sommercamp2018(2079)\"\n                    alt=\"Sommercamp2018(2079)\"\n                    src=\"http:\/\/www.karate-neuhofen.at\/wp-content\/gallery\/10-sommercamp-2018\/thumbs\/thumbs_Sommercamp20182079.JPG\"\n                    width=\"240\"\n                    height=\"160\"\n                    style=\"max-width:100%;\"\n                \/>\n            <\/a>\n        <\/div>\n\t\t\t\t\t\t\t<\/div> \n\t\t\t\n        \n\t\t\t\t<div id=\"ngg-image-1079\" class=\"ngg-gallery-thumbnail-box\" >\n\t\t\t\t        <div class=\"ngg-gallery-thumbnail\">\n            <a href=\"http:\/\/www.karate-neuhofen.at\/wp-content\/gallery\/10-sommercamp-2018\/Sommercamp20182080.JPG\"\n               title=\"\"\n               data-src=\"http:\/\/www.karate-neuhofen.at\/wp-content\/gallery\/10-sommercamp-2018\/Sommercamp20182080.JPG\"\n               data-thumbnail=\"http:\/\/www.karate-neuhofen.at\/wp-content\/gallery\/10-sommercamp-2018\/thumbs\/thumbs_Sommercamp20182080.JPG\"\n               data-image-id=\"20723\"\n               data-title=\"Sommercamp2018(2080)\"\n               data-description=\"\"\n               data-image-slug=\"sommercamp20182080\"\n               class=\"shutterset_14ea2dae3d90de67c1fc228ab12416d8\">\n                <img\n                    title=\"Sommercamp2018(2080)\"\n                    alt=\"Sommercamp2018(2080)\"\n                    src=\"http:\/\/www.karate-neuhofen.at\/wp-content\/gallery\/10-sommercamp-2018\/thumbs\/thumbs_Sommercamp20182080.JPG\"\n                    width=\"240\"\n                    height=\"160\"\n                    style=\"max-width:100%;\"\n                \/>\n            <\/a>\n        <\/div>\n\t\t\t\t\t\t\t<\/div> \n\t\t\t\n        \n\t\t\t\t<div id=\"ngg-image-1080\" class=\"ngg-gallery-thumbnail-box\" >\n\t\t\t\t        <div class=\"ngg-gallery-thumbnail\">\n            <a href=\"http:\/\/www.karate-neuhofen.at\/wp-content\/gallery\/10-sommercamp-2018\/Sommercamp20182081.JPG\"\n               title=\"\"\n               data-src=\"http:\/\/www.karate-neuhofen.at\/wp-content\/gallery\/10-sommercamp-2018\/Sommercamp20182081.JPG\"\n               data-thumbnail=\"http:\/\/www.karate-neuhofen.at\/wp-content\/gallery\/10-sommercamp-2018\/thumbs\/thumbs_Sommercamp20182081.JPG\"\n               data-image-id=\"20724\"\n               data-title=\"Sommercamp2018(2081)\"\n               data-description=\"\"\n               data-image-slug=\"sommercamp20182081\"\n               class=\"shutterset_14ea2dae3d90de67c1fc228ab12416d8\">\n                <img\n                    title=\"Sommercamp2018(2081)\"\n                    alt=\"Sommercamp2018(2081)\"\n                    src=\"http:\/\/www.karate-neuhofen.at\/wp-content\/gallery\/10-sommercamp-2018\/thumbs\/thumbs_Sommercamp20182081.JPG\"\n                    width=\"240\"\n                    height=\"160\"\n                    style=\"max-width:100%;\"\n                \/>\n            <\/a>\n        <\/div>\n\t\t\t\t\t\t\t<\/div> \n\t\t\t\n        \n\t\t\t\t<div id=\"ngg-image-1081\" class=\"ngg-gallery-thumbnail-box\" >\n\t\t\t\t        <div class=\"ngg-gallery-thumbnail\">\n            <a href=\"http:\/\/www.karate-neuhofen.at\/wp-content\/gallery\/10-sommercamp-2018\/Sommercamp20182082.JPG\"\n               title=\"\"\n               data-src=\"http:\/\/www.karate-neuhofen.at\/wp-content\/gallery\/10-sommercamp-2018\/Sommercamp20182082.JPG\"\n               data-thumbnail=\"http:\/\/www.karate-neuhofen.at\/wp-content\/gallery\/10-sommercamp-2018\/thumbs\/thumbs_Sommercamp20182082.JPG\"\n               data-image-id=\"20725\"\n               data-title=\"Sommercamp2018(2082)\"\n               data-description=\"\"\n               data-image-slug=\"sommercamp20182082\"\n               class=\"shutterset_14ea2dae3d90de67c1fc228ab12416d8\">\n                <img\n                    title=\"Sommercamp2018(2082)\"\n                    alt=\"Sommercamp2018(2082)\"\n                    src=\"http:\/\/www.karate-neuhofen.at\/wp-content\/gallery\/10-sommercamp-2018\/thumbs\/thumbs_Sommercamp20182082.JPG\"\n                    width=\"240\"\n                    height=\"160\"\n                    style=\"max-width:100%;\"\n                \/>\n            <\/a>\n        <\/div>\n\t\t\t\t\t\t\t<\/div> \n\t\t\t\n        \n\t\t\t\t<div id=\"ngg-image-1082\" class=\"ngg-gallery-thumbnail-box\" >\n\t\t\t\t        <div class=\"ngg-gallery-thumbnail\">\n            <a href=\"http:\/\/www.karate-neuhofen.at\/wp-content\/gallery\/10-sommercamp-2018\/Sommercamp20182083.JPG\"\n               title=\"\"\n               data-src=\"http:\/\/www.karate-neuhofen.at\/wp-content\/gallery\/10-sommercamp-2018\/Sommercamp20182083.JPG\"\n               data-thumbnail=\"http:\/\/www.karate-neuhofen.at\/wp-content\/gallery\/10-sommercamp-2018\/thumbs\/thumbs_Sommercamp20182083.JPG\"\n               data-image-id=\"20726\"\n               data-title=\"Sommercamp2018(2083)\"\n               data-description=\"\"\n               data-image-slug=\"sommercamp20182083\"\n               class=\"shutterset_14ea2dae3d90de67c1fc228ab12416d8\">\n                <img\n                    title=\"Sommercamp2018(2083)\"\n                    alt=\"Sommercamp2018(2083)\"\n                    src=\"http:\/\/www.karate-neuhofen.at\/wp-content\/gallery\/10-sommercamp-2018\/thumbs\/thumbs_Sommercamp20182083.JPG\"\n                    width=\"240\"\n                    height=\"160\"\n                    style=\"max-width:100%;\"\n                \/>\n            <\/a>\n        <\/div>\n\t\t\t\t\t\t\t<\/div> \n\t\t\t\n        \n\t\t\t\t<div id=\"ngg-image-1083\" class=\"ngg-gallery-thumbnail-box\" >\n\t\t\t\t        <div class=\"ngg-gallery-thumbnail\">\n            <a href=\"http:\/\/www.karate-neuhofen.at\/wp-content\/gallery\/10-sommercamp-2018\/Sommercamp20182084.JPG\"\n               title=\"\"\n               data-src=\"http:\/\/www.karate-neuhofen.at\/wp-content\/gallery\/10-sommercamp-2018\/Sommercamp20182084.JPG\"\n               data-thumbnail=\"http:\/\/www.karate-neuhofen.at\/wp-content\/gallery\/10-sommercamp-2018\/thumbs\/thumbs_Sommercamp20182084.JPG\"\n               data-image-id=\"20727\"\n               data-title=\"Sommercamp2018(2084)\"\n               data-description=\"\"\n               data-image-slug=\"sommercamp20182084\"\n               class=\"shutterset_14ea2dae3d90de67c1fc228ab12416d8\">\n                <img\n                    title=\"Sommercamp2018(2084)\"\n                    alt=\"Sommercamp2018(2084)\"\n                    src=\"http:\/\/www.karate-neuhofen.at\/wp-content\/gallery\/10-sommercamp-2018\/thumbs\/thumbs_Sommercamp20182084.JPG\"\n                    width=\"240\"\n                    height=\"160\"\n                    style=\"max-width:100%;\"\n                \/>\n            <\/a>\n        <\/div>\n\t\t\t\t\t\t\t<\/div> \n\t\t\t\n        \n\t\t\t\t<div id=\"ngg-image-1084\" class=\"ngg-gallery-thumbnail-box\" >\n\t\t\t\t        <div class=\"ngg-gallery-thumbnail\">\n            <a href=\"http:\/\/www.karate-neuhofen.at\/wp-content\/gallery\/10-sommercamp-2018\/Sommercamp20182085.JPG\"\n               title=\"\"\n               data-src=\"http:\/\/www.karate-neuhofen.at\/wp-content\/gallery\/10-sommercamp-2018\/Sommercamp20182085.JPG\"\n               data-thumbnail=\"http:\/\/www.karate-neuhofen.at\/wp-content\/gallery\/10-sommercamp-2018\/thumbs\/thumbs_Sommercamp20182085.JPG\"\n               data-image-id=\"20728\"\n               data-title=\"Sommercamp2018(2085)\"\n               data-description=\"\"\n               data-image-slug=\"sommercamp20182085\"\n               class=\"shutterset_14ea2dae3d90de67c1fc228ab12416d8\">\n                <img\n                    title=\"Sommercamp2018(2085)\"\n                    alt=\"Sommercamp2018(2085)\"\n                    src=\"http:\/\/www.karate-neuhofen.at\/wp-content\/gallery\/10-sommercamp-2018\/thumbs\/thumbs_Sommercamp20182085.JPG\"\n                    width=\"240\"\n                    height=\"160\"\n                    style=\"max-width:100%;\"\n                \/>\n            <\/a>\n        <\/div>\n\t\t\t\t\t\t\t<\/div> \n\t\t\t\n        \n\t\t\t\t<div id=\"ngg-image-1085\" class=\"ngg-gallery-thumbnail-box\" >\n\t\t\t\t        <div class=\"ngg-gallery-thumbnail\">\n            <a href=\"http:\/\/www.karate-neuhofen.at\/wp-content\/gallery\/10-sommercamp-2018\/Sommercamp20182086.JPG\"\n               title=\"\"\n               data-src=\"http:\/\/www.karate-neuhofen.at\/wp-content\/gallery\/10-sommercamp-2018\/Sommercamp20182086.JPG\"\n               data-thumbnail=\"http:\/\/www.karate-neuhofen.at\/wp-content\/gallery\/10-sommercamp-2018\/thumbs\/thumbs_Sommercamp20182086.JPG\"\n               data-image-id=\"20729\"\n               data-title=\"Sommercamp2018(2086)\"\n               data-description=\"\"\n               data-image-slug=\"sommercamp20182086\"\n               class=\"shutterset_14ea2dae3d90de67c1fc228ab12416d8\">\n                <img\n                    title=\"Sommercamp2018(2086)\"\n                    alt=\"Sommercamp2018(2086)\"\n                    src=\"http:\/\/www.karate-neuhofen.at\/wp-content\/gallery\/10-sommercamp-2018\/thumbs\/thumbs_Sommercamp20182086.JPG\"\n                    width=\"240\"\n                    height=\"160\"\n                    style=\"max-width:100%;\"\n                \/>\n            <\/a>\n        <\/div>\n\t\t\t\t\t\t\t<\/div> \n\t\t\t\n        \n\t\t\t\t<div id=\"ngg-image-1086\" class=\"ngg-gallery-thumbnail-box\" >\n\t\t\t\t        <div class=\"ngg-gallery-thumbnail\">\n            <a href=\"http:\/\/www.karate-neuhofen.at\/wp-content\/gallery\/10-sommercamp-2018\/Sommercamp20182087.JPG\"\n               title=\"\"\n               data-src=\"http:\/\/www.karate-neuhofen.at\/wp-content\/gallery\/10-sommercamp-2018\/Sommercamp20182087.JPG\"\n               data-thumbnail=\"http:\/\/www.karate-neuhofen.at\/wp-content\/gallery\/10-sommercamp-2018\/thumbs\/thumbs_Sommercamp20182087.JPG\"\n               data-image-id=\"20730\"\n               data-title=\"Sommercamp2018(2087)\"\n               data-description=\"\"\n               data-image-slug=\"sommercamp20182087\"\n               class=\"shutterset_14ea2dae3d90de67c1fc228ab12416d8\">\n                <img\n                    title=\"Sommercamp2018(2087)\"\n                    alt=\"Sommercamp2018(2087)\"\n                    src=\"http:\/\/www.karate-neuhofen.at\/wp-content\/gallery\/10-sommercamp-2018\/thumbs\/thumbs_Sommercamp20182087.JPG\"\n                    width=\"240\"\n                    height=\"160\"\n                    style=\"max-width:100%;\"\n                \/>\n            <\/a>\n        <\/div>\n\t\t\t\t\t\t\t<\/div> \n\t\t\t\n        \n\t\t\t\t<div id=\"ngg-image-1087\" class=\"ngg-gallery-thumbnail-box\" >\n\t\t\t\t        <div class=\"ngg-gallery-thumbnail\">\n            <a href=\"http:\/\/www.karate-neuhofen.at\/wp-content\/gallery\/10-sommercamp-2018\/Sommercamp20182088.JPG\"\n               title=\"\"\n               data-src=\"http:\/\/www.karate-neuhofen.at\/wp-content\/gallery\/10-sommercamp-2018\/Sommercamp20182088.JPG\"\n               data-thumbnail=\"http:\/\/www.karate-neuhofen.at\/wp-content\/gallery\/10-sommercamp-2018\/thumbs\/thumbs_Sommercamp20182088.JPG\"\n               data-image-id=\"20731\"\n               data-title=\"Sommercamp2018(2088)\"\n               data-description=\"\"\n               data-image-slug=\"sommercamp20182088\"\n               class=\"shutterset_14ea2dae3d90de67c1fc228ab12416d8\">\n                <img\n                    title=\"Sommercamp2018(2088)\"\n                    alt=\"Sommercamp2018(2088)\"\n                    src=\"http:\/\/www.karate-neuhofen.at\/wp-content\/gallery\/10-sommercamp-2018\/thumbs\/thumbs_Sommercamp20182088.JPG\"\n                    width=\"240\"\n                    height=\"160\"\n                    style=\"max-width:100%;\"\n                \/>\n            <\/a>\n        <\/div>\n\t\t\t\t\t\t\t<\/div> \n\t\t\t\n        \n\t\t\t\t<div id=\"ngg-image-1088\" class=\"ngg-gallery-thumbnail-box\" >\n\t\t\t\t        <div class=\"ngg-gallery-thumbnail\">\n            <a href=\"http:\/\/www.karate-neuhofen.at\/wp-content\/gallery\/10-sommercamp-2018\/Sommercamp20182089.JPG\"\n               title=\"\"\n               data-src=\"http:\/\/www.karate-neuhofen.at\/wp-content\/gallery\/10-sommercamp-2018\/Sommercamp20182089.JPG\"\n               data-thumbnail=\"http:\/\/www.karate-neuhofen.at\/wp-content\/gallery\/10-sommercamp-2018\/thumbs\/thumbs_Sommercamp20182089.JPG\"\n               data-image-id=\"20732\"\n               data-title=\"Sommercamp2018(2089)\"\n               data-description=\"\"\n               data-image-slug=\"sommercamp20182089\"\n               class=\"shutterset_14ea2dae3d90de67c1fc228ab12416d8\">\n                <img\n                    title=\"Sommercamp2018(2089)\"\n                    alt=\"Sommercamp2018(2089)\"\n                    src=\"http:\/\/www.karate-neuhofen.at\/wp-content\/gallery\/10-sommercamp-2018\/thumbs\/thumbs_Sommercamp20182089.JPG\"\n                    width=\"240\"\n                    height=\"160\"\n                    style=\"max-width:100%;\"\n                \/>\n            <\/a>\n        <\/div>\n\t\t\t\t\t\t\t<\/div> \n\t\t\t\n        \n\t\t\t\t<div id=\"ngg-image-1089\" class=\"ngg-gallery-thumbnail-box\" >\n\t\t\t\t        <div class=\"ngg-gallery-thumbnail\">\n            <a href=\"http:\/\/www.karate-neuhofen.at\/wp-content\/gallery\/10-sommercamp-2018\/Sommercamp20182090.JPG\"\n               title=\"\"\n               data-src=\"http:\/\/www.karate-neuhofen.at\/wp-content\/gallery\/10-sommercamp-2018\/Sommercamp20182090.JPG\"\n               data-thumbnail=\"http:\/\/www.karate-neuhofen.at\/wp-content\/gallery\/10-sommercamp-2018\/thumbs\/thumbs_Sommercamp20182090.JPG\"\n               data-image-id=\"20733\"\n               data-title=\"Sommercamp2018(2090)\"\n               data-description=\"\"\n               data-image-slug=\"sommercamp20182090\"\n               class=\"shutterset_14ea2dae3d90de67c1fc228ab12416d8\">\n                <img\n                    title=\"Sommercamp2018(2090)\"\n                    alt=\"Sommercamp2018(2090)\"\n                    src=\"http:\/\/www.karate-neuhofen.at\/wp-content\/gallery\/10-sommercamp-2018\/thumbs\/thumbs_Sommercamp20182090.JPG\"\n                    width=\"240\"\n                    height=\"160\"\n                    style=\"max-width:100%;\"\n                \/>\n            <\/a>\n        <\/div>\n\t\t\t\t\t\t\t<\/div> \n\t\t\t\n        \n\t\t\t\t<div id=\"ngg-image-1090\" class=\"ngg-gallery-thumbnail-box\" >\n\t\t\t\t        <div class=\"ngg-gallery-thumbnail\">\n            <a href=\"http:\/\/www.karate-neuhofen.at\/wp-content\/gallery\/10-sommercamp-2018\/Sommercamp20182091.JPG\"\n               title=\"\"\n               data-src=\"http:\/\/www.karate-neuhofen.at\/wp-content\/gallery\/10-sommercamp-2018\/Sommercamp20182091.JPG\"\n               data-thumbnail=\"http:\/\/www.karate-neuhofen.at\/wp-content\/gallery\/10-sommercamp-2018\/thumbs\/thumbs_Sommercamp20182091.JPG\"\n               data-image-id=\"20734\"\n               data-title=\"Sommercamp2018(2091)\"\n               data-description=\"\"\n               data-image-slug=\"sommercamp20182091\"\n               class=\"shutterset_14ea2dae3d90de67c1fc228ab12416d8\">\n                <img\n                    title=\"Sommercamp2018(2091)\"\n                    alt=\"Sommercamp2018(2091)\"\n                    src=\"http:\/\/www.karate-neuhofen.at\/wp-content\/gallery\/10-sommercamp-2018\/thumbs\/thumbs_Sommercamp20182091.JPG\"\n                    width=\"240\"\n                    height=\"160\"\n                    style=\"max-width:100%;\"\n                \/>\n            <\/a>\n        <\/div>\n\t\t\t\t\t\t\t<\/div> \n\t\t\t\n        \n\t\t\t\t<div id=\"ngg-image-1091\" class=\"ngg-gallery-thumbnail-box\" >\n\t\t\t\t        <div class=\"ngg-gallery-thumbnail\">\n            <a href=\"http:\/\/www.karate-neuhofen.at\/wp-content\/gallery\/10-sommercamp-2018\/Sommercamp20182092.JPG\"\n               title=\"\"\n               data-src=\"http:\/\/www.karate-neuhofen.at\/wp-content\/gallery\/10-sommercamp-2018\/Sommercamp20182092.JPG\"\n               data-thumbnail=\"http:\/\/www.karate-neuhofen.at\/wp-content\/gallery\/10-sommercamp-2018\/thumbs\/thumbs_Sommercamp20182092.JPG\"\n               data-image-id=\"20735\"\n               data-title=\"Sommercamp2018(2092)\"\n               data-description=\"\"\n               data-image-slug=\"sommercamp20182092\"\n               class=\"shutterset_14ea2dae3d90de67c1fc228ab12416d8\">\n                <img\n                    title=\"Sommercamp2018(2092)\"\n                    alt=\"Sommercamp2018(2092)\"\n                    src=\"http:\/\/www.karate-neuhofen.at\/wp-content\/gallery\/10-sommercamp-2018\/thumbs\/thumbs_Sommercamp20182092.JPG\"\n                    width=\"240\"\n                    height=\"160\"\n                    style=\"max-width:100%;\"\n                \/>\n            <\/a>\n        <\/div>\n\t\t\t\t\t\t\t<\/div> \n\t\t\t\n        \n\t\t\t\t<div id=\"ngg-image-1092\" class=\"ngg-gallery-thumbnail-box\" >\n\t\t\t\t        <div class=\"ngg-gallery-thumbnail\">\n            <a href=\"http:\/\/www.karate-neuhofen.at\/wp-content\/gallery\/10-sommercamp-2018\/Sommercamp20182093.JPG\"\n               title=\"\"\n               data-src=\"http:\/\/www.karate-neuhofen.at\/wp-content\/gallery\/10-sommercamp-2018\/Sommercamp20182093.JPG\"\n               data-thumbnail=\"http:\/\/www.karate-neuhofen.at\/wp-content\/gallery\/10-sommercamp-2018\/thumbs\/thumbs_Sommercamp20182093.JPG\"\n               data-image-id=\"20736\"\n               data-title=\"Sommercamp2018(2093)\"\n               data-description=\"\"\n               data-image-slug=\"sommercamp20182093\"\n               class=\"shutterset_14ea2dae3d90de67c1fc228ab12416d8\">\n                <img\n                    title=\"Sommercamp2018(2093)\"\n                    alt=\"Sommercamp2018(2093)\"\n                    src=\"http:\/\/www.karate-neuhofen.at\/wp-content\/gallery\/10-sommercamp-2018\/thumbs\/thumbs_Sommercamp20182093.JPG\"\n                    width=\"240\"\n                    height=\"160\"\n                    style=\"max-width:100%;\"\n                \/>\n            <\/a>\n        <\/div>\n\t\t\t\t\t\t\t<\/div> \n\t\t\t\n        \n\t\t\n\t\t<div class=\"ngg-clear\"><\/div>\n\t<\/div>\n","protected":false},"excerpt":{"rendered":"<p>Rekordbesucheranzahl von 532 Teilnehmern beim 10 &#8211; Jahres &#8211; Jubil\u00e4um des Kamikaze Karate Sommercamps in Neuhofen! Im heurigen Jubil\u00e4umsjahr begr\u00fc\u00dfte ASK\u00d6 Karate Seibukan Neuhofen insgesamt 532 Kampfsportler aus sage und schreibe 20 Nationen! Veranstalter Christian Ramsebner mit seiner bereits \u00fcber 216 Mitglieder z\u00e4hlenden \u201eKaratefamilie\u201c boten in 5 \u201eDojos\u201c (japan.f\u00fcr: Ort des Weges) ein Trainingsangebot der [&hellip;]<\/p>\n","protected":false},"author":3,"featured_media":27150,"comment_status":"closed","ping_status":"closed","sticky":false,"template":"","format":"standard","meta":{"ngg_post_thumbnail":0},"categories":[4],"tags":[],"_links":{"self":[{"href":"http:\/\/www.karate-neuhofen.at\/index.php?rest_route=\/wp\/v2\/posts\/24958"}],"collection":[{"href":"http:\/\/www.karate-neuhofen.at\/index.php?rest_route=\/wp\/v2\/posts"}],"about":[{"href":"http:\/\/www.karate-neuhofen.at\/index.php?rest_route=\/wp\/v2\/types\/post"}],"author":[{"embeddable":true,"href":"http:\/\/www.karate-neuhofen.at\/index.php?rest_route=\/wp\/v2\/users\/3"}],"replies":[{"embeddable":true,"href":"http:\/\/www.karate-neuhofen.at\/index.php?rest_route=%2Fwp%2Fv2%2Fcomments&post=24958"}],"version-history":[{"count":2,"href":"http:\/\/www.karate-neuhofen.at\/index.php?rest_route=\/wp\/v2\/posts\/24958\/revisions"}],"predecessor-version":[{"id":27151,"href":"http:\/\/www.karate-neuhofen.at\/index.php?rest_route=\/wp\/v2\/posts\/24958\/revisions\/27151"}],"wp:featuredmedia":[{"embeddable":true,"href":"http:\/\/www.karate-neuhofen.at\/index.php?rest_route=\/wp\/v2\/media\/27150"}],"wp:attachment":[{"href":"http:\/\/www.karate-neuhofen.at\/index.php?rest_route=%2Fwp%2Fv2%2Fmedia&parent=24958"}],"wp:term":[{"taxonomy":"category","embeddable":true,"href":"http:\/\/www.karate-neuhofen.at\/index.php?rest_route=%2Fwp%2Fv2%2Fcategories&post=24958"},{"taxonomy":"post_tag","embeddable":true,"href":"http:\/\/www.karate-neuhofen.at\/index.php?rest_route=%2Fwp%2Fv2%2Ftags&post=24958"}],"curies":[{"name":"wp","href":"https:\/\/api.w.org\/{rel}","templated":true}]}}