{"id":2674,"date":"2015-06-04T00:00:16","date_gmt":"2015-06-03T23:00:16","guid":{"rendered":"http:\/\/www.karate-neuhofen.at\/?p=2674"},"modified":"2015-06-11T15:34:56","modified_gmt":"2015-06-11T14:34:56","slug":"4-trainingslager-in-gnas","status":"publish","type":"post","link":"http:\/\/www.karate-neuhofen.at\/?p=2674","title":{"rendered":"4. Trainingslager in Gnas"},"content":{"rendered":"<p>Am Abend des 3. Juni reiste ein Gro\u00dfteil des Karatevereins Seibukan Neuhofen f\u00fcr vier N\u00e4chte ins Jufa Gnas, welches in die wundersch\u00f6ne s\u00fcdsteirische Weingegend gebettet ist. Begleitet von hochsommerlichen Temperaturen verbrachten wir ein abwechslungsreiches, auspowerndes und geselliges verl\u00e4ngertes Wochenende.<br \/>\nUnter dem bew\u00e4hrten hochkar\u00e4tigen Trainerstab Ursula Porkert \u2013 Daniel Devigili und Thomas Kaserer kamen Oberstufe, Unterstufe und besonders auch die Kinder voll auf ihre Kosten. So lernten wir alle einiges an Kumite- und Kihontechniken dazu und feilten an unseren n\u00e4chsten Pr\u00fcfungskatas.<br \/>\nUnd obwohl die Abende meist sehr gesellig und oft auch etwas zu sp\u00e4t endeten, waren die eifrigsten Karatekas schon zu Sonnenaufgang vor dem Fr\u00fchst\u00fcck im Morgentau auf den Beinen \u2013 denn nach einer Runde Morgensport schmeckt bekanntlich das Fr\u00fchst\u00fcck doppelt so gut! Vor dem Mittagessen wurden dann die beanspruchten Muskeln bei einer Runde Aquagym mit Sensei Devigili angenehm entspannt \u2013 und da unserem Verein auch nach den zwei Nachmittagstrainings bekanntlich immer noch nicht die Puste ausgeht, rundete heuer turbulentes Volleyball, Slacklinen f\u00fcr Geschickte und das bei den Kids beliebte \u201eans, zwa, drei obgschlogn\u201c den Tag wunderbar ab.<br \/>\nWetterbedingt wurden heuer auch erstmals das Freibad Gnas und das idyllische Riegersburger Seebad erkundet. Die Schokolade bei Zotter schmeckt gottseidank immer noch lecker, G\u00f6lles verkostet nach wie vor exquisiten Essig und Schnaps und die Buschenschank ums Eck gibt\u2019s auch noch \u2013 so blicken wir auch heuer wieder auf ein \u00e4u\u00dferst gelungenes Trainingslager voller Kime zur\u00fcck.<\/p><!-- index.php -->\n<div\n\tclass=\"ngg-galleryoverview ngg-ajax-pagination-none\"\n\tid=\"ngg-gallery-56480b96342f806dde94ad9c88fb8675-1\">\n\n    \t<div class=\"slideshowlink\">\n        <a href='http:\/\/www.karate-neuhofen.at\/index.php\/nggallery\/slideshow?p=2674'>[Zeige eine Slideshow]<\/a>\n\t\t\n\t<\/div>\n\t\t\t<!-- Thumbnails -->\n\t\t\t\t<div id=\"ngg-image-0\" class=\"ngg-gallery-thumbnail-box\" >\n\t\t\t\t        <div class=\"ngg-gallery-thumbnail\">\n            <a href=\"http:\/\/www.karate-neuhofen.at\/wp-content\/gallery\/4-trainingslager-in-gnas\/img_5715.jpg\"\n               title=\"\"\n               data-src=\"http:\/\/www.karate-neuhofen.at\/wp-content\/gallery\/4-trainingslager-in-gnas\/img_5715.jpg\"\n               data-thumbnail=\"http:\/\/www.karate-neuhofen.at\/wp-content\/gallery\/4-trainingslager-in-gnas\/thumbs\/thumbs_img_5715.jpg\"\n               data-image-id=\"8620\"\n               data-title=\"img_5715\"\n               data-description=\"\"\n               data-image-slug=\"img_5715\"\n               class=\"shutterset_56480b96342f806dde94ad9c88fb8675\">\n                <img\n                    title=\"img_5715\"\n                    alt=\"img_5715\"\n                    src=\"http:\/\/www.karate-neuhofen.at\/wp-content\/gallery\/4-trainingslager-in-gnas\/thumbs\/thumbs_img_5715.jpg\"\n                    width=\"50\"\n                    height=\"75\"\n                    style=\"max-width:100%;\"\n                \/>\n            <\/a>\n        <\/div>\n\t\t\t\t\t\t\t<\/div> \n\t\t\t\n        \n\t\t\t\t<div id=\"ngg-image-1\" class=\"ngg-gallery-thumbnail-box\" >\n\t\t\t\t        <div class=\"ngg-gallery-thumbnail\">\n            <a href=\"http:\/\/www.karate-neuhofen.at\/wp-content\/gallery\/4-trainingslager-in-gnas\/img_5716.jpg\"\n               title=\"\"\n               data-src=\"http:\/\/www.karate-neuhofen.at\/wp-content\/gallery\/4-trainingslager-in-gnas\/img_5716.jpg\"\n               data-thumbnail=\"http:\/\/www.karate-neuhofen.at\/wp-content\/gallery\/4-trainingslager-in-gnas\/thumbs\/thumbs_img_5716.jpg\"\n               data-image-id=\"8621\"\n               data-title=\"img_5716\"\n               data-description=\"\"\n               data-image-slug=\"img_5716-2\"\n               class=\"shutterset_56480b96342f806dde94ad9c88fb8675\">\n                <img\n                    title=\"img_5716\"\n                    alt=\"img_5716\"\n                    src=\"http:\/\/www.karate-neuhofen.at\/wp-content\/gallery\/4-trainingslager-in-gnas\/thumbs\/thumbs_img_5716.jpg\"\n                    width=\"100\"\n                    height=\"66\"\n                    style=\"max-width:100%;\"\n                \/>\n            <\/a>\n        <\/div>\n\t\t\t\t\t\t\t<\/div> \n\t\t\t\n        \n\t\t\t\t<div id=\"ngg-image-2\" class=\"ngg-gallery-thumbnail-box\" >\n\t\t\t\t        <div class=\"ngg-gallery-thumbnail\">\n            <a href=\"http:\/\/www.karate-neuhofen.at\/wp-content\/gallery\/4-trainingslager-in-gnas\/img_5717.jpg\"\n               title=\"\"\n               data-src=\"http:\/\/www.karate-neuhofen.at\/wp-content\/gallery\/4-trainingslager-in-gnas\/img_5717.jpg\"\n               data-thumbnail=\"http:\/\/www.karate-neuhofen.at\/wp-content\/gallery\/4-trainingslager-in-gnas\/thumbs\/thumbs_img_5717.jpg\"\n               data-image-id=\"8622\"\n               data-title=\"img_5717\"\n               data-description=\"\"\n               data-image-slug=\"img_5717-2\"\n               class=\"shutterset_56480b96342f806dde94ad9c88fb8675\">\n                <img\n                    title=\"img_5717\"\n                    alt=\"img_5717\"\n                    src=\"http:\/\/www.karate-neuhofen.at\/wp-content\/gallery\/4-trainingslager-in-gnas\/thumbs\/thumbs_img_5717.jpg\"\n                    width=\"100\"\n                    height=\"66\"\n                    style=\"max-width:100%;\"\n                \/>\n            <\/a>\n        <\/div>\n\t\t\t\t\t\t\t<\/div> \n\t\t\t\n        \n\t\t\t\t<div id=\"ngg-image-3\" class=\"ngg-gallery-thumbnail-box\" >\n\t\t\t\t        <div class=\"ngg-gallery-thumbnail\">\n            <a href=\"http:\/\/www.karate-neuhofen.at\/wp-content\/gallery\/4-trainingslager-in-gnas\/img_5718.jpg\"\n               title=\"\"\n               data-src=\"http:\/\/www.karate-neuhofen.at\/wp-content\/gallery\/4-trainingslager-in-gnas\/img_5718.jpg\"\n               data-thumbnail=\"http:\/\/www.karate-neuhofen.at\/wp-content\/gallery\/4-trainingslager-in-gnas\/thumbs\/thumbs_img_5718.jpg\"\n               data-image-id=\"8623\"\n               data-title=\"img_5718\"\n               data-description=\"\"\n               data-image-slug=\"img_5718\"\n               class=\"shutterset_56480b96342f806dde94ad9c88fb8675\">\n                <img\n                    title=\"img_5718\"\n                    alt=\"img_5718\"\n                    src=\"http:\/\/www.karate-neuhofen.at\/wp-content\/gallery\/4-trainingslager-in-gnas\/thumbs\/thumbs_img_5718.jpg\"\n                    width=\"100\"\n                    height=\"66\"\n                    style=\"max-width:100%;\"\n                \/>\n            <\/a>\n        <\/div>\n\t\t\t\t\t\t\t<\/div> \n\t\t\t\n        \n\t\t\t\t<div id=\"ngg-image-4\" class=\"ngg-gallery-thumbnail-box\" >\n\t\t\t\t        <div class=\"ngg-gallery-thumbnail\">\n            <a href=\"http:\/\/www.karate-neuhofen.at\/wp-content\/gallery\/4-trainingslager-in-gnas\/img_5719.jpg\"\n               title=\"\"\n               data-src=\"http:\/\/www.karate-neuhofen.at\/wp-content\/gallery\/4-trainingslager-in-gnas\/img_5719.jpg\"\n               data-thumbnail=\"http:\/\/www.karate-neuhofen.at\/wp-content\/gallery\/4-trainingslager-in-gnas\/thumbs\/thumbs_img_5719.jpg\"\n               data-image-id=\"8624\"\n               data-title=\"img_5719\"\n               data-description=\"\"\n               data-image-slug=\"img_5719\"\n               class=\"shutterset_56480b96342f806dde94ad9c88fb8675\">\n                <img\n                    title=\"img_5719\"\n                    alt=\"img_5719\"\n                    src=\"http:\/\/www.karate-neuhofen.at\/wp-content\/gallery\/4-trainingslager-in-gnas\/thumbs\/thumbs_img_5719.jpg\"\n                    width=\"100\"\n                    height=\"66\"\n                    style=\"max-width:100%;\"\n                \/>\n            <\/a>\n        <\/div>\n\t\t\t\t\t\t\t<\/div> \n\t\t\t\n        \n\t\t\t\t<div id=\"ngg-image-5\" class=\"ngg-gallery-thumbnail-box\" >\n\t\t\t\t        <div class=\"ngg-gallery-thumbnail\">\n            <a href=\"http:\/\/www.karate-neuhofen.at\/wp-content\/gallery\/4-trainingslager-in-gnas\/img_5720.jpg\"\n               title=\"\"\n               data-src=\"http:\/\/www.karate-neuhofen.at\/wp-content\/gallery\/4-trainingslager-in-gnas\/img_5720.jpg\"\n               data-thumbnail=\"http:\/\/www.karate-neuhofen.at\/wp-content\/gallery\/4-trainingslager-in-gnas\/thumbs\/thumbs_img_5720.jpg\"\n               data-image-id=\"8625\"\n               data-title=\"img_5720\"\n               data-description=\"\"\n               data-image-slug=\"img_5720\"\n               class=\"shutterset_56480b96342f806dde94ad9c88fb8675\">\n                <img\n                    title=\"img_5720\"\n                    alt=\"img_5720\"\n                    src=\"http:\/\/www.karate-neuhofen.at\/wp-content\/gallery\/4-trainingslager-in-gnas\/thumbs\/thumbs_img_5720.jpg\"\n                    width=\"100\"\n                    height=\"66\"\n                    style=\"max-width:100%;\"\n                \/>\n            <\/a>\n        <\/div>\n\t\t\t\t\t\t\t<\/div> \n\t\t\t\n        \n\t\t\t\t<div id=\"ngg-image-6\" class=\"ngg-gallery-thumbnail-box\" >\n\t\t\t\t        <div class=\"ngg-gallery-thumbnail\">\n            <a href=\"http:\/\/www.karate-neuhofen.at\/wp-content\/gallery\/4-trainingslager-in-gnas\/img_5721.jpg\"\n               title=\"\"\n               data-src=\"http:\/\/www.karate-neuhofen.at\/wp-content\/gallery\/4-trainingslager-in-gnas\/img_5721.jpg\"\n               data-thumbnail=\"http:\/\/www.karate-neuhofen.at\/wp-content\/gallery\/4-trainingslager-in-gnas\/thumbs\/thumbs_img_5721.jpg\"\n               data-image-id=\"8626\"\n               data-title=\"img_5721\"\n               data-description=\"\"\n               data-image-slug=\"img_5721\"\n               class=\"shutterset_56480b96342f806dde94ad9c88fb8675\">\n                <img\n                    title=\"img_5721\"\n                    alt=\"img_5721\"\n                    src=\"http:\/\/www.karate-neuhofen.at\/wp-content\/gallery\/4-trainingslager-in-gnas\/thumbs\/thumbs_img_5721.jpg\"\n                    width=\"100\"\n                    height=\"66\"\n                    style=\"max-width:100%;\"\n                \/>\n            <\/a>\n        <\/div>\n\t\t\t\t\t\t\t<\/div> \n\t\t\t\n        \n\t\t\t\t<div id=\"ngg-image-7\" class=\"ngg-gallery-thumbnail-box\" >\n\t\t\t\t        <div class=\"ngg-gallery-thumbnail\">\n            <a href=\"http:\/\/www.karate-neuhofen.at\/wp-content\/gallery\/4-trainingslager-in-gnas\/img_5722.jpg\"\n               title=\"\"\n               data-src=\"http:\/\/www.karate-neuhofen.at\/wp-content\/gallery\/4-trainingslager-in-gnas\/img_5722.jpg\"\n               data-thumbnail=\"http:\/\/www.karate-neuhofen.at\/wp-content\/gallery\/4-trainingslager-in-gnas\/thumbs\/thumbs_img_5722.jpg\"\n               data-image-id=\"8627\"\n               data-title=\"img_5722\"\n               data-description=\"\"\n               data-image-slug=\"img_5722-2\"\n               class=\"shutterset_56480b96342f806dde94ad9c88fb8675\">\n                <img\n                    title=\"img_5722\"\n                    alt=\"img_5722\"\n                    src=\"http:\/\/www.karate-neuhofen.at\/wp-content\/gallery\/4-trainingslager-in-gnas\/thumbs\/thumbs_img_5722.jpg\"\n                    width=\"100\"\n                    height=\"66\"\n                    style=\"max-width:100%;\"\n                \/>\n            <\/a>\n        <\/div>\n\t\t\t\t\t\t\t<\/div> \n\t\t\t\n        \n\t\t\t\t<div id=\"ngg-image-8\" class=\"ngg-gallery-thumbnail-box\" >\n\t\t\t\t        <div class=\"ngg-gallery-thumbnail\">\n            <a href=\"http:\/\/www.karate-neuhofen.at\/wp-content\/gallery\/4-trainingslager-in-gnas\/img_5724.jpg\"\n               title=\"\"\n               data-src=\"http:\/\/www.karate-neuhofen.at\/wp-content\/gallery\/4-trainingslager-in-gnas\/img_5724.jpg\"\n               data-thumbnail=\"http:\/\/www.karate-neuhofen.at\/wp-content\/gallery\/4-trainingslager-in-gnas\/thumbs\/thumbs_img_5724.jpg\"\n               data-image-id=\"8628\"\n               data-title=\"img_5724\"\n               data-description=\"\"\n               data-image-slug=\"img_5724-2\"\n               class=\"shutterset_56480b96342f806dde94ad9c88fb8675\">\n                <img\n                    title=\"img_5724\"\n                    alt=\"img_5724\"\n                    src=\"http:\/\/www.karate-neuhofen.at\/wp-content\/gallery\/4-trainingslager-in-gnas\/thumbs\/thumbs_img_5724.jpg\"\n                    width=\"100\"\n                    height=\"66\"\n                    style=\"max-width:100%;\"\n                \/>\n            <\/a>\n        <\/div>\n\t\t\t\t\t\t\t<\/div> \n\t\t\t\n        \n\t\t\t\t<div id=\"ngg-image-9\" class=\"ngg-gallery-thumbnail-box\" >\n\t\t\t\t        <div class=\"ngg-gallery-thumbnail\">\n            <a href=\"http:\/\/www.karate-neuhofen.at\/wp-content\/gallery\/4-trainingslager-in-gnas\/img_5725.jpg\"\n               title=\"\"\n               data-src=\"http:\/\/www.karate-neuhofen.at\/wp-content\/gallery\/4-trainingslager-in-gnas\/img_5725.jpg\"\n               data-thumbnail=\"http:\/\/www.karate-neuhofen.at\/wp-content\/gallery\/4-trainingslager-in-gnas\/thumbs\/thumbs_img_5725.jpg\"\n               data-image-id=\"8629\"\n               data-title=\"img_5725\"\n               data-description=\"\"\n               data-image-slug=\"img_5725-2\"\n               class=\"shutterset_56480b96342f806dde94ad9c88fb8675\">\n                <img\n                    title=\"img_5725\"\n                    alt=\"img_5725\"\n                    src=\"http:\/\/www.karate-neuhofen.at\/wp-content\/gallery\/4-trainingslager-in-gnas\/thumbs\/thumbs_img_5725.jpg\"\n                    width=\"100\"\n                    height=\"66\"\n                    style=\"max-width:100%;\"\n                \/>\n            <\/a>\n        <\/div>\n\t\t\t\t\t\t\t<\/div> \n\t\t\t\n        \n\t\t\t\t<div id=\"ngg-image-10\" class=\"ngg-gallery-thumbnail-box\" >\n\t\t\t\t        <div class=\"ngg-gallery-thumbnail\">\n            <a href=\"http:\/\/www.karate-neuhofen.at\/wp-content\/gallery\/4-trainingslager-in-gnas\/img_5727.jpg\"\n               title=\"\"\n               data-src=\"http:\/\/www.karate-neuhofen.at\/wp-content\/gallery\/4-trainingslager-in-gnas\/img_5727.jpg\"\n               data-thumbnail=\"http:\/\/www.karate-neuhofen.at\/wp-content\/gallery\/4-trainingslager-in-gnas\/thumbs\/thumbs_img_5727.jpg\"\n               data-image-id=\"8630\"\n               data-title=\"img_5727\"\n               data-description=\"\"\n               data-image-slug=\"img_5727\"\n               class=\"shutterset_56480b96342f806dde94ad9c88fb8675\">\n                <img\n                    title=\"img_5727\"\n                    alt=\"img_5727\"\n                    src=\"http:\/\/www.karate-neuhofen.at\/wp-content\/gallery\/4-trainingslager-in-gnas\/thumbs\/thumbs_img_5727.jpg\"\n                    width=\"100\"\n                    height=\"66\"\n                    style=\"max-width:100%;\"\n                \/>\n            <\/a>\n        <\/div>\n\t\t\t\t\t\t\t<\/div> \n\t\t\t\n        \n\t\t\t\t<div id=\"ngg-image-11\" class=\"ngg-gallery-thumbnail-box\" >\n\t\t\t\t        <div class=\"ngg-gallery-thumbnail\">\n            <a href=\"http:\/\/www.karate-neuhofen.at\/wp-content\/gallery\/4-trainingslager-in-gnas\/img_5730.jpg\"\n               title=\"\"\n               data-src=\"http:\/\/www.karate-neuhofen.at\/wp-content\/gallery\/4-trainingslager-in-gnas\/img_5730.jpg\"\n               data-thumbnail=\"http:\/\/www.karate-neuhofen.at\/wp-content\/gallery\/4-trainingslager-in-gnas\/thumbs\/thumbs_img_5730.jpg\"\n               data-image-id=\"8632\"\n               data-title=\"img_5730\"\n               data-description=\"\"\n               data-image-slug=\"img_5730\"\n               class=\"shutterset_56480b96342f806dde94ad9c88fb8675\">\n                <img\n                    title=\"img_5730\"\n                    alt=\"img_5730\"\n                    src=\"http:\/\/www.karate-neuhofen.at\/wp-content\/gallery\/4-trainingslager-in-gnas\/thumbs\/thumbs_img_5730.jpg\"\n                    width=\"100\"\n                    height=\"66\"\n                    style=\"max-width:100%;\"\n                \/>\n            <\/a>\n        <\/div>\n\t\t\t\t\t\t\t<\/div> \n\t\t\t\n        \n\t\t\t\t<div id=\"ngg-image-12\" class=\"ngg-gallery-thumbnail-box\" >\n\t\t\t\t        <div class=\"ngg-gallery-thumbnail\">\n            <a href=\"http:\/\/www.karate-neuhofen.at\/wp-content\/gallery\/4-trainingslager-in-gnas\/img_5732.jpg\"\n               title=\"\"\n               data-src=\"http:\/\/www.karate-neuhofen.at\/wp-content\/gallery\/4-trainingslager-in-gnas\/img_5732.jpg\"\n               data-thumbnail=\"http:\/\/www.karate-neuhofen.at\/wp-content\/gallery\/4-trainingslager-in-gnas\/thumbs\/thumbs_img_5732.jpg\"\n               data-image-id=\"8633\"\n               data-title=\"img_5732\"\n               data-description=\"\"\n               data-image-slug=\"img_5732\"\n               class=\"shutterset_56480b96342f806dde94ad9c88fb8675\">\n                <img\n                    title=\"img_5732\"\n                    alt=\"img_5732\"\n                    src=\"http:\/\/www.karate-neuhofen.at\/wp-content\/gallery\/4-trainingslager-in-gnas\/thumbs\/thumbs_img_5732.jpg\"\n                    width=\"100\"\n                    height=\"66\"\n                    style=\"max-width:100%;\"\n                \/>\n            <\/a>\n        <\/div>\n\t\t\t\t\t\t\t<\/div> \n\t\t\t\n        \n\t\t\t\t<div id=\"ngg-image-13\" class=\"ngg-gallery-thumbnail-box\" >\n\t\t\t\t        <div class=\"ngg-gallery-thumbnail\">\n            <a href=\"http:\/\/www.karate-neuhofen.at\/wp-content\/gallery\/4-trainingslager-in-gnas\/img_5733.jpg\"\n               title=\"\"\n               data-src=\"http:\/\/www.karate-neuhofen.at\/wp-content\/gallery\/4-trainingslager-in-gnas\/img_5733.jpg\"\n               data-thumbnail=\"http:\/\/www.karate-neuhofen.at\/wp-content\/gallery\/4-trainingslager-in-gnas\/thumbs\/thumbs_img_5733.jpg\"\n               data-image-id=\"8634\"\n               data-title=\"img_5733\"\n               data-description=\"\"\n               data-image-slug=\"img_5733-2\"\n               class=\"shutterset_56480b96342f806dde94ad9c88fb8675\">\n                <img\n                    title=\"img_5733\"\n                    alt=\"img_5733\"\n                    src=\"http:\/\/www.karate-neuhofen.at\/wp-content\/gallery\/4-trainingslager-in-gnas\/thumbs\/thumbs_img_5733.jpg\"\n                    width=\"100\"\n                    height=\"66\"\n                    style=\"max-width:100%;\"\n                \/>\n            <\/a>\n        <\/div>\n\t\t\t\t\t\t\t<\/div> \n\t\t\t\n        \n\t\t\t\t<div id=\"ngg-image-14\" class=\"ngg-gallery-thumbnail-box\" >\n\t\t\t\t        <div class=\"ngg-gallery-thumbnail\">\n            <a href=\"http:\/\/www.karate-neuhofen.at\/wp-content\/gallery\/4-trainingslager-in-gnas\/img_5736.jpg\"\n               title=\"\"\n               data-src=\"http:\/\/www.karate-neuhofen.at\/wp-content\/gallery\/4-trainingslager-in-gnas\/img_5736.jpg\"\n               data-thumbnail=\"http:\/\/www.karate-neuhofen.at\/wp-content\/gallery\/4-trainingslager-in-gnas\/thumbs\/thumbs_img_5736.jpg\"\n               data-image-id=\"8635\"\n               data-title=\"img_5736\"\n               data-description=\"\"\n               data-image-slug=\"img_5736-2\"\n               class=\"shutterset_56480b96342f806dde94ad9c88fb8675\">\n                <img\n                    title=\"img_5736\"\n                    alt=\"img_5736\"\n                    src=\"http:\/\/www.karate-neuhofen.at\/wp-content\/gallery\/4-trainingslager-in-gnas\/thumbs\/thumbs_img_5736.jpg\"\n                    width=\"100\"\n                    height=\"66\"\n                    style=\"max-width:100%;\"\n                \/>\n            <\/a>\n        <\/div>\n\t\t\t\t\t\t\t<\/div> \n\t\t\t\n        \n\t\t\t\t<div id=\"ngg-image-15\" class=\"ngg-gallery-thumbnail-box\" >\n\t\t\t\t        <div class=\"ngg-gallery-thumbnail\">\n            <a href=\"http:\/\/www.karate-neuhofen.at\/wp-content\/gallery\/4-trainingslager-in-gnas\/img_5737.jpg\"\n               title=\"\"\n               data-src=\"http:\/\/www.karate-neuhofen.at\/wp-content\/gallery\/4-trainingslager-in-gnas\/img_5737.jpg\"\n               data-thumbnail=\"http:\/\/www.karate-neuhofen.at\/wp-content\/gallery\/4-trainingslager-in-gnas\/thumbs\/thumbs_img_5737.jpg\"\n               data-image-id=\"8636\"\n               data-title=\"img_5737\"\n               data-description=\"\"\n               data-image-slug=\"img_5737\"\n               class=\"shutterset_56480b96342f806dde94ad9c88fb8675\">\n                <img\n                    title=\"img_5737\"\n                    alt=\"img_5737\"\n                    src=\"http:\/\/www.karate-neuhofen.at\/wp-content\/gallery\/4-trainingslager-in-gnas\/thumbs\/thumbs_img_5737.jpg\"\n                    width=\"100\"\n                    height=\"66\"\n                    style=\"max-width:100%;\"\n                \/>\n            <\/a>\n        <\/div>\n\t\t\t\t\t\t\t<\/div> \n\t\t\t\n        \n\t\t\t\t<div id=\"ngg-image-16\" class=\"ngg-gallery-thumbnail-box\" >\n\t\t\t\t        <div class=\"ngg-gallery-thumbnail\">\n            <a href=\"http:\/\/www.karate-neuhofen.at\/wp-content\/gallery\/4-trainingslager-in-gnas\/img_5740.jpg\"\n               title=\"\"\n               data-src=\"http:\/\/www.karate-neuhofen.at\/wp-content\/gallery\/4-trainingslager-in-gnas\/img_5740.jpg\"\n               data-thumbnail=\"http:\/\/www.karate-neuhofen.at\/wp-content\/gallery\/4-trainingslager-in-gnas\/thumbs\/thumbs_img_5740.jpg\"\n               data-image-id=\"8638\"\n               data-title=\"img_5740\"\n               data-description=\"\"\n               data-image-slug=\"img_5740\"\n               class=\"shutterset_56480b96342f806dde94ad9c88fb8675\">\n                <img\n                    title=\"img_5740\"\n                    alt=\"img_5740\"\n                    src=\"http:\/\/www.karate-neuhofen.at\/wp-content\/gallery\/4-trainingslager-in-gnas\/thumbs\/thumbs_img_5740.jpg\"\n                    width=\"100\"\n                    height=\"66\"\n                    style=\"max-width:100%;\"\n                \/>\n            <\/a>\n        <\/div>\n\t\t\t\t\t\t\t<\/div> \n\t\t\t\n        \n\t\t\t\t<div id=\"ngg-image-17\" class=\"ngg-gallery-thumbnail-box\" >\n\t\t\t\t        <div class=\"ngg-gallery-thumbnail\">\n            <a href=\"http:\/\/www.karate-neuhofen.at\/wp-content\/gallery\/4-trainingslager-in-gnas\/img_5741.jpg\"\n               title=\"\"\n               data-src=\"http:\/\/www.karate-neuhofen.at\/wp-content\/gallery\/4-trainingslager-in-gnas\/img_5741.jpg\"\n               data-thumbnail=\"http:\/\/www.karate-neuhofen.at\/wp-content\/gallery\/4-trainingslager-in-gnas\/thumbs\/thumbs_img_5741.jpg\"\n               data-image-id=\"8639\"\n               data-title=\"img_5741\"\n               data-description=\"\"\n               data-image-slug=\"img_5741-2\"\n               class=\"shutterset_56480b96342f806dde94ad9c88fb8675\">\n                <img\n                    title=\"img_5741\"\n                    alt=\"img_5741\"\n                    src=\"http:\/\/www.karate-neuhofen.at\/wp-content\/gallery\/4-trainingslager-in-gnas\/thumbs\/thumbs_img_5741.jpg\"\n                    width=\"100\"\n                    height=\"66\"\n                    style=\"max-width:100%;\"\n                \/>\n            <\/a>\n        <\/div>\n\t\t\t\t\t\t\t<\/div> \n\t\t\t\n        \n\t\t\t\t<div id=\"ngg-image-18\" class=\"ngg-gallery-thumbnail-box\" >\n\t\t\t\t        <div class=\"ngg-gallery-thumbnail\">\n            <a href=\"http:\/\/www.karate-neuhofen.at\/wp-content\/gallery\/4-trainingslager-in-gnas\/img_5742.jpg\"\n               title=\"\"\n               data-src=\"http:\/\/www.karate-neuhofen.at\/wp-content\/gallery\/4-trainingslager-in-gnas\/img_5742.jpg\"\n               data-thumbnail=\"http:\/\/www.karate-neuhofen.at\/wp-content\/gallery\/4-trainingslager-in-gnas\/thumbs\/thumbs_img_5742.jpg\"\n               data-image-id=\"8640\"\n               data-title=\"img_5742\"\n               data-description=\"\"\n               data-image-slug=\"img_5742-2\"\n               class=\"shutterset_56480b96342f806dde94ad9c88fb8675\">\n                <img\n                    title=\"img_5742\"\n                    alt=\"img_5742\"\n                    src=\"http:\/\/www.karate-neuhofen.at\/wp-content\/gallery\/4-trainingslager-in-gnas\/thumbs\/thumbs_img_5742.jpg\"\n                    width=\"100\"\n                    height=\"66\"\n                    style=\"max-width:100%;\"\n                \/>\n            <\/a>\n        <\/div>\n\t\t\t\t\t\t\t<\/div> \n\t\t\t\n        \n\t\t\t\t<div id=\"ngg-image-19\" class=\"ngg-gallery-thumbnail-box\" >\n\t\t\t\t        <div class=\"ngg-gallery-thumbnail\">\n            <a href=\"http:\/\/www.karate-neuhofen.at\/wp-content\/gallery\/4-trainingslager-in-gnas\/img_5743.jpg\"\n               title=\"\"\n               data-src=\"http:\/\/www.karate-neuhofen.at\/wp-content\/gallery\/4-trainingslager-in-gnas\/img_5743.jpg\"\n               data-thumbnail=\"http:\/\/www.karate-neuhofen.at\/wp-content\/gallery\/4-trainingslager-in-gnas\/thumbs\/thumbs_img_5743.jpg\"\n               data-image-id=\"8641\"\n               data-title=\"img_5743\"\n               data-description=\"\"\n               data-image-slug=\"img_5743-2\"\n               class=\"shutterset_56480b96342f806dde94ad9c88fb8675\">\n                <img\n                    title=\"img_5743\"\n                    alt=\"img_5743\"\n                    src=\"http:\/\/www.karate-neuhofen.at\/wp-content\/gallery\/4-trainingslager-in-gnas\/thumbs\/thumbs_img_5743.jpg\"\n                    width=\"100\"\n                    height=\"66\"\n                    style=\"max-width:100%;\"\n                \/>\n            <\/a>\n        <\/div>\n\t\t\t\t\t\t\t<\/div> \n\t\t\t\n        \n\t\t\t\t<div id=\"ngg-image-20\" class=\"ngg-gallery-thumbnail-box\" >\n\t\t\t\t        <div class=\"ngg-gallery-thumbnail\">\n            <a href=\"http:\/\/www.karate-neuhofen.at\/wp-content\/gallery\/4-trainingslager-in-gnas\/img_5744.jpg\"\n               title=\"\"\n               data-src=\"http:\/\/www.karate-neuhofen.at\/wp-content\/gallery\/4-trainingslager-in-gnas\/img_5744.jpg\"\n               data-thumbnail=\"http:\/\/www.karate-neuhofen.at\/wp-content\/gallery\/4-trainingslager-in-gnas\/thumbs\/thumbs_img_5744.jpg\"\n               data-image-id=\"8642\"\n               data-title=\"img_5744\"\n               data-description=\"\"\n               data-image-slug=\"img_5744-2\"\n               class=\"shutterset_56480b96342f806dde94ad9c88fb8675\">\n                <img\n                    title=\"img_5744\"\n                    alt=\"img_5744\"\n                    src=\"http:\/\/www.karate-neuhofen.at\/wp-content\/gallery\/4-trainingslager-in-gnas\/thumbs\/thumbs_img_5744.jpg\"\n                    width=\"100\"\n                    height=\"66\"\n                    style=\"max-width:100%;\"\n                \/>\n            <\/a>\n        <\/div>\n\t\t\t\t\t\t\t<\/div> \n\t\t\t\n        \n\t\t\t\t<div id=\"ngg-image-21\" class=\"ngg-gallery-thumbnail-box\" >\n\t\t\t\t        <div class=\"ngg-gallery-thumbnail\">\n            <a href=\"http:\/\/www.karate-neuhofen.at\/wp-content\/gallery\/4-trainingslager-in-gnas\/img_5745.jpg\"\n               title=\"\"\n               data-src=\"http:\/\/www.karate-neuhofen.at\/wp-content\/gallery\/4-trainingslager-in-gnas\/img_5745.jpg\"\n               data-thumbnail=\"http:\/\/www.karate-neuhofen.at\/wp-content\/gallery\/4-trainingslager-in-gnas\/thumbs\/thumbs_img_5745.jpg\"\n               data-image-id=\"8643\"\n               data-title=\"img_5745\"\n               data-description=\"\"\n               data-image-slug=\"img_5745-2\"\n               class=\"shutterset_56480b96342f806dde94ad9c88fb8675\">\n                <img\n                    title=\"img_5745\"\n                    alt=\"img_5745\"\n                    src=\"http:\/\/www.karate-neuhofen.at\/wp-content\/gallery\/4-trainingslager-in-gnas\/thumbs\/thumbs_img_5745.jpg\"\n                    width=\"100\"\n                    height=\"66\"\n                    style=\"max-width:100%;\"\n                \/>\n            <\/a>\n        <\/div>\n\t\t\t\t\t\t\t<\/div> \n\t\t\t\n        \n\t\t\t\t<div id=\"ngg-image-22\" class=\"ngg-gallery-thumbnail-box\" >\n\t\t\t\t        <div class=\"ngg-gallery-thumbnail\">\n            <a href=\"http:\/\/www.karate-neuhofen.at\/wp-content\/gallery\/4-trainingslager-in-gnas\/img_5745a.jpg\"\n               title=\"\"\n               data-src=\"http:\/\/www.karate-neuhofen.at\/wp-content\/gallery\/4-trainingslager-in-gnas\/img_5745a.jpg\"\n               data-thumbnail=\"http:\/\/www.karate-neuhofen.at\/wp-content\/gallery\/4-trainingslager-in-gnas\/thumbs\/thumbs_img_5745a.jpg\"\n               data-image-id=\"8644\"\n               data-title=\"img_5745a\"\n               data-description=\"\"\n               data-image-slug=\"img_5745a\"\n               class=\"shutterset_56480b96342f806dde94ad9c88fb8675\">\n                <img\n                    title=\"img_5745a\"\n                    alt=\"img_5745a\"\n                    src=\"http:\/\/www.karate-neuhofen.at\/wp-content\/gallery\/4-trainingslager-in-gnas\/thumbs\/thumbs_img_5745a.jpg\"\n                    width=\"100\"\n                    height=\"75\"\n                    style=\"max-width:100%;\"\n                \/>\n            <\/a>\n        <\/div>\n\t\t\t\t\t\t\t<\/div> \n\t\t\t\n        \n\t\t\t\t<div id=\"ngg-image-23\" class=\"ngg-gallery-thumbnail-box\" >\n\t\t\t\t        <div class=\"ngg-gallery-thumbnail\">\n            <a href=\"http:\/\/www.karate-neuhofen.at\/wp-content\/gallery\/4-trainingslager-in-gnas\/img_5747.jpg\"\n               title=\"\"\n               data-src=\"http:\/\/www.karate-neuhofen.at\/wp-content\/gallery\/4-trainingslager-in-gnas\/img_5747.jpg\"\n               data-thumbnail=\"http:\/\/www.karate-neuhofen.at\/wp-content\/gallery\/4-trainingslager-in-gnas\/thumbs\/thumbs_img_5747.jpg\"\n               data-image-id=\"8645\"\n               data-title=\"img_5747\"\n               data-description=\"\"\n               data-image-slug=\"img_5747-2\"\n               class=\"shutterset_56480b96342f806dde94ad9c88fb8675\">\n                <img\n                    title=\"img_5747\"\n                    alt=\"img_5747\"\n                    src=\"http:\/\/www.karate-neuhofen.at\/wp-content\/gallery\/4-trainingslager-in-gnas\/thumbs\/thumbs_img_5747.jpg\"\n                    width=\"100\"\n                    height=\"66\"\n                    style=\"max-width:100%;\"\n                \/>\n            <\/a>\n        <\/div>\n\t\t\t\t\t\t\t<\/div> \n\t\t\t\n        \n\t\t\t\t<div id=\"ngg-image-24\" class=\"ngg-gallery-thumbnail-box\" >\n\t\t\t\t        <div class=\"ngg-gallery-thumbnail\">\n            <a href=\"http:\/\/www.karate-neuhofen.at\/wp-content\/gallery\/4-trainingslager-in-gnas\/img_5748.jpg\"\n               title=\"\"\n               data-src=\"http:\/\/www.karate-neuhofen.at\/wp-content\/gallery\/4-trainingslager-in-gnas\/img_5748.jpg\"\n               data-thumbnail=\"http:\/\/www.karate-neuhofen.at\/wp-content\/gallery\/4-trainingslager-in-gnas\/thumbs\/thumbs_img_5748.jpg\"\n               data-image-id=\"8646\"\n               data-title=\"img_5748\"\n               data-description=\"\"\n               data-image-slug=\"img_5748\"\n               class=\"shutterset_56480b96342f806dde94ad9c88fb8675\">\n                <img\n                    title=\"img_5748\"\n                    alt=\"img_5748\"\n                    src=\"http:\/\/www.karate-neuhofen.at\/wp-content\/gallery\/4-trainingslager-in-gnas\/thumbs\/thumbs_img_5748.jpg\"\n                    width=\"100\"\n                    height=\"66\"\n                    style=\"max-width:100%;\"\n                \/>\n            <\/a>\n        <\/div>\n\t\t\t\t\t\t\t<\/div> \n\t\t\t\n        \n\t\t\t\t<div id=\"ngg-image-25\" class=\"ngg-gallery-thumbnail-box\" >\n\t\t\t\t        <div class=\"ngg-gallery-thumbnail\">\n            <a href=\"http:\/\/www.karate-neuhofen.at\/wp-content\/gallery\/4-trainingslager-in-gnas\/img_5751.jpg\"\n               title=\"\"\n               data-src=\"http:\/\/www.karate-neuhofen.at\/wp-content\/gallery\/4-trainingslager-in-gnas\/img_5751.jpg\"\n               data-thumbnail=\"http:\/\/www.karate-neuhofen.at\/wp-content\/gallery\/4-trainingslager-in-gnas\/thumbs\/thumbs_img_5751.jpg\"\n               data-image-id=\"8647\"\n               data-title=\"img_5751\"\n               data-description=\"\"\n               data-image-slug=\"img_5751\"\n               class=\"shutterset_56480b96342f806dde94ad9c88fb8675\">\n                <img\n                    title=\"img_5751\"\n                    alt=\"img_5751\"\n                    src=\"http:\/\/www.karate-neuhofen.at\/wp-content\/gallery\/4-trainingslager-in-gnas\/thumbs\/thumbs_img_5751.jpg\"\n                    width=\"50\"\n                    height=\"75\"\n                    style=\"max-width:100%;\"\n                \/>\n            <\/a>\n        <\/div>\n\t\t\t\t\t\t\t<\/div> \n\t\t\t\n        \n\t\t\t\t<div id=\"ngg-image-26\" class=\"ngg-gallery-thumbnail-box\" >\n\t\t\t\t        <div class=\"ngg-gallery-thumbnail\">\n            <a href=\"http:\/\/www.karate-neuhofen.at\/wp-content\/gallery\/4-trainingslager-in-gnas\/img_5752.jpg\"\n               title=\"\"\n               data-src=\"http:\/\/www.karate-neuhofen.at\/wp-content\/gallery\/4-trainingslager-in-gnas\/img_5752.jpg\"\n               data-thumbnail=\"http:\/\/www.karate-neuhofen.at\/wp-content\/gallery\/4-trainingslager-in-gnas\/thumbs\/thumbs_img_5752.jpg\"\n               data-image-id=\"8648\"\n               data-title=\"img_5752\"\n               data-description=\"\"\n               data-image-slug=\"img_5752-2\"\n               class=\"shutterset_56480b96342f806dde94ad9c88fb8675\">\n                <img\n                    title=\"img_5752\"\n                    alt=\"img_5752\"\n                    src=\"http:\/\/www.karate-neuhofen.at\/wp-content\/gallery\/4-trainingslager-in-gnas\/thumbs\/thumbs_img_5752.jpg\"\n                    width=\"100\"\n                    height=\"66\"\n                    style=\"max-width:100%;\"\n                \/>\n            <\/a>\n        <\/div>\n\t\t\t\t\t\t\t<\/div> \n\t\t\t\n        \n\t\t\t\t<div id=\"ngg-image-27\" class=\"ngg-gallery-thumbnail-box\" >\n\t\t\t\t        <div class=\"ngg-gallery-thumbnail\">\n            <a href=\"http:\/\/www.karate-neuhofen.at\/wp-content\/gallery\/4-trainingslager-in-gnas\/img_5754.jpg\"\n               title=\"\"\n               data-src=\"http:\/\/www.karate-neuhofen.at\/wp-content\/gallery\/4-trainingslager-in-gnas\/img_5754.jpg\"\n               data-thumbnail=\"http:\/\/www.karate-neuhofen.at\/wp-content\/gallery\/4-trainingslager-in-gnas\/thumbs\/thumbs_img_5754.jpg\"\n               data-image-id=\"8649\"\n               data-title=\"img_5754\"\n               data-description=\"\"\n               data-image-slug=\"img_5754-2\"\n               class=\"shutterset_56480b96342f806dde94ad9c88fb8675\">\n                <img\n                    title=\"img_5754\"\n                    alt=\"img_5754\"\n                    src=\"http:\/\/www.karate-neuhofen.at\/wp-content\/gallery\/4-trainingslager-in-gnas\/thumbs\/thumbs_img_5754.jpg\"\n                    width=\"100\"\n                    height=\"66\"\n                    style=\"max-width:100%;\"\n                \/>\n            <\/a>\n        <\/div>\n\t\t\t\t\t\t\t<\/div> \n\t\t\t\n        \n\t\t\t\t<div id=\"ngg-image-28\" class=\"ngg-gallery-thumbnail-box\" >\n\t\t\t\t        <div class=\"ngg-gallery-thumbnail\">\n            <a href=\"http:\/\/www.karate-neuhofen.at\/wp-content\/gallery\/4-trainingslager-in-gnas\/img_5755.jpg\"\n               title=\"\"\n               data-src=\"http:\/\/www.karate-neuhofen.at\/wp-content\/gallery\/4-trainingslager-in-gnas\/img_5755.jpg\"\n               data-thumbnail=\"http:\/\/www.karate-neuhofen.at\/wp-content\/gallery\/4-trainingslager-in-gnas\/thumbs\/thumbs_img_5755.jpg\"\n               data-image-id=\"8650\"\n               data-title=\"img_5755\"\n               data-description=\"\"\n               data-image-slug=\"img_5755\"\n               class=\"shutterset_56480b96342f806dde94ad9c88fb8675\">\n                <img\n                    title=\"img_5755\"\n                    alt=\"img_5755\"\n                    src=\"http:\/\/www.karate-neuhofen.at\/wp-content\/gallery\/4-trainingslager-in-gnas\/thumbs\/thumbs_img_5755.jpg\"\n                    width=\"100\"\n                    height=\"66\"\n                    style=\"max-width:100%;\"\n                \/>\n            <\/a>\n        <\/div>\n\t\t\t\t\t\t\t<\/div> \n\t\t\t\n        \n\t\t\t\t<div id=\"ngg-image-29\" class=\"ngg-gallery-thumbnail-box\" >\n\t\t\t\t        <div class=\"ngg-gallery-thumbnail\">\n            <a href=\"http:\/\/www.karate-neuhofen.at\/wp-content\/gallery\/4-trainingslager-in-gnas\/img_5755a.jpg\"\n               title=\"\"\n               data-src=\"http:\/\/www.karate-neuhofen.at\/wp-content\/gallery\/4-trainingslager-in-gnas\/img_5755a.jpg\"\n               data-thumbnail=\"http:\/\/www.karate-neuhofen.at\/wp-content\/gallery\/4-trainingslager-in-gnas\/thumbs\/thumbs_img_5755a.jpg\"\n               data-image-id=\"8651\"\n               data-title=\"img_5755a\"\n               data-description=\"\"\n               data-image-slug=\"img_5755a\"\n               class=\"shutterset_56480b96342f806dde94ad9c88fb8675\">\n                <img\n                    title=\"img_5755a\"\n                    alt=\"img_5755a\"\n                    src=\"http:\/\/www.karate-neuhofen.at\/wp-content\/gallery\/4-trainingslager-in-gnas\/thumbs\/thumbs_img_5755a.jpg\"\n                    width=\"56\"\n                    height=\"75\"\n                    style=\"max-width:100%;\"\n                \/>\n            <\/a>\n        <\/div>\n\t\t\t\t\t\t\t<\/div> \n\t\t\t\n        \n\t\t\t\t<div id=\"ngg-image-30\" class=\"ngg-gallery-thumbnail-box\" >\n\t\t\t\t        <div class=\"ngg-gallery-thumbnail\">\n            <a href=\"http:\/\/www.karate-neuhofen.at\/wp-content\/gallery\/4-trainingslager-in-gnas\/img_5757.jpg\"\n               title=\"\"\n               data-src=\"http:\/\/www.karate-neuhofen.at\/wp-content\/gallery\/4-trainingslager-in-gnas\/img_5757.jpg\"\n               data-thumbnail=\"http:\/\/www.karate-neuhofen.at\/wp-content\/gallery\/4-trainingslager-in-gnas\/thumbs\/thumbs_img_5757.jpg\"\n               data-image-id=\"8652\"\n               data-title=\"img_5757\"\n               data-description=\"\"\n               data-image-slug=\"img_5757-2\"\n               class=\"shutterset_56480b96342f806dde94ad9c88fb8675\">\n                <img\n                    title=\"img_5757\"\n                    alt=\"img_5757\"\n                    src=\"http:\/\/www.karate-neuhofen.at\/wp-content\/gallery\/4-trainingslager-in-gnas\/thumbs\/thumbs_img_5757.jpg\"\n                    width=\"100\"\n                    height=\"66\"\n                    style=\"max-width:100%;\"\n                \/>\n            <\/a>\n        <\/div>\n\t\t\t\t\t\t\t<\/div> \n\t\t\t\n        \n\t\t\t\t<div id=\"ngg-image-31\" class=\"ngg-gallery-thumbnail-box\" >\n\t\t\t\t        <div class=\"ngg-gallery-thumbnail\">\n            <a href=\"http:\/\/www.karate-neuhofen.at\/wp-content\/gallery\/4-trainingslager-in-gnas\/img_5763.jpg\"\n               title=\"\"\n               data-src=\"http:\/\/www.karate-neuhofen.at\/wp-content\/gallery\/4-trainingslager-in-gnas\/img_5763.jpg\"\n               data-thumbnail=\"http:\/\/www.karate-neuhofen.at\/wp-content\/gallery\/4-trainingslager-in-gnas\/thumbs\/thumbs_img_5763.jpg\"\n               data-image-id=\"8653\"\n               data-title=\"img_5763\"\n               data-description=\"\"\n               data-image-slug=\"img_5763-2\"\n               class=\"shutterset_56480b96342f806dde94ad9c88fb8675\">\n                <img\n                    title=\"img_5763\"\n                    alt=\"img_5763\"\n                    src=\"http:\/\/www.karate-neuhofen.at\/wp-content\/gallery\/4-trainingslager-in-gnas\/thumbs\/thumbs_img_5763.jpg\"\n                    width=\"100\"\n                    height=\"66\"\n                    style=\"max-width:100%;\"\n                \/>\n            <\/a>\n        <\/div>\n\t\t\t\t\t\t\t<\/div> \n\t\t\t\n        \n\t\t\t\t<div id=\"ngg-image-32\" class=\"ngg-gallery-thumbnail-box\" >\n\t\t\t\t        <div class=\"ngg-gallery-thumbnail\">\n            <a href=\"http:\/\/www.karate-neuhofen.at\/wp-content\/gallery\/4-trainingslager-in-gnas\/img_5764.jpg\"\n               title=\"\"\n               data-src=\"http:\/\/www.karate-neuhofen.at\/wp-content\/gallery\/4-trainingslager-in-gnas\/img_5764.jpg\"\n               data-thumbnail=\"http:\/\/www.karate-neuhofen.at\/wp-content\/gallery\/4-trainingslager-in-gnas\/thumbs\/thumbs_img_5764.jpg\"\n               data-image-id=\"8654\"\n               data-title=\"img_5764\"\n               data-description=\"\"\n               data-image-slug=\"img_5764\"\n               class=\"shutterset_56480b96342f806dde94ad9c88fb8675\">\n                <img\n                    title=\"img_5764\"\n                    alt=\"img_5764\"\n                    src=\"http:\/\/www.karate-neuhofen.at\/wp-content\/gallery\/4-trainingslager-in-gnas\/thumbs\/thumbs_img_5764.jpg\"\n                    width=\"100\"\n                    height=\"66\"\n                    style=\"max-width:100%;\"\n                \/>\n            <\/a>\n        <\/div>\n\t\t\t\t\t\t\t<\/div> \n\t\t\t\n        \n\t\t\t\t<div id=\"ngg-image-33\" class=\"ngg-gallery-thumbnail-box\" >\n\t\t\t\t        <div class=\"ngg-gallery-thumbnail\">\n            <a href=\"http:\/\/www.karate-neuhofen.at\/wp-content\/gallery\/4-trainingslager-in-gnas\/img_5765.jpg\"\n               title=\"\"\n               data-src=\"http:\/\/www.karate-neuhofen.at\/wp-content\/gallery\/4-trainingslager-in-gnas\/img_5765.jpg\"\n               data-thumbnail=\"http:\/\/www.karate-neuhofen.at\/wp-content\/gallery\/4-trainingslager-in-gnas\/thumbs\/thumbs_img_5765.jpg\"\n               data-image-id=\"8655\"\n               data-title=\"img_5765\"\n               data-description=\"\"\n               data-image-slug=\"img_5765\"\n               class=\"shutterset_56480b96342f806dde94ad9c88fb8675\">\n                <img\n                    title=\"img_5765\"\n                    alt=\"img_5765\"\n                    src=\"http:\/\/www.karate-neuhofen.at\/wp-content\/gallery\/4-trainingslager-in-gnas\/thumbs\/thumbs_img_5765.jpg\"\n                    width=\"100\"\n                    height=\"66\"\n                    style=\"max-width:100%;\"\n                \/>\n            <\/a>\n        <\/div>\n\t\t\t\t\t\t\t<\/div> \n\t\t\t\n        \n\t\t\t\t<div id=\"ngg-image-34\" class=\"ngg-gallery-thumbnail-box\" >\n\t\t\t\t        <div class=\"ngg-gallery-thumbnail\">\n            <a href=\"http:\/\/www.karate-neuhofen.at\/wp-content\/gallery\/4-trainingslager-in-gnas\/img_5767.jpg\"\n               title=\"\"\n               data-src=\"http:\/\/www.karate-neuhofen.at\/wp-content\/gallery\/4-trainingslager-in-gnas\/img_5767.jpg\"\n               data-thumbnail=\"http:\/\/www.karate-neuhofen.at\/wp-content\/gallery\/4-trainingslager-in-gnas\/thumbs\/thumbs_img_5767.jpg\"\n               data-image-id=\"8656\"\n               data-title=\"img_5767\"\n               data-description=\"\"\n               data-image-slug=\"img_5767\"\n               class=\"shutterset_56480b96342f806dde94ad9c88fb8675\">\n                <img\n                    title=\"img_5767\"\n                    alt=\"img_5767\"\n                    src=\"http:\/\/www.karate-neuhofen.at\/wp-content\/gallery\/4-trainingslager-in-gnas\/thumbs\/thumbs_img_5767.jpg\"\n                    width=\"100\"\n                    height=\"66\"\n                    style=\"max-width:100%;\"\n                \/>\n            <\/a>\n        <\/div>\n\t\t\t\t\t\t\t<\/div> \n\t\t\t\n        \n\t\t\t\t<div id=\"ngg-image-35\" class=\"ngg-gallery-thumbnail-box\" >\n\t\t\t\t        <div class=\"ngg-gallery-thumbnail\">\n            <a href=\"http:\/\/www.karate-neuhofen.at\/wp-content\/gallery\/4-trainingslager-in-gnas\/img_5768.jpg\"\n               title=\"\"\n               data-src=\"http:\/\/www.karate-neuhofen.at\/wp-content\/gallery\/4-trainingslager-in-gnas\/img_5768.jpg\"\n               data-thumbnail=\"http:\/\/www.karate-neuhofen.at\/wp-content\/gallery\/4-trainingslager-in-gnas\/thumbs\/thumbs_img_5768.jpg\"\n               data-image-id=\"8657\"\n               data-title=\"img_5768\"\n               data-description=\"\"\n               data-image-slug=\"img_5768\"\n               class=\"shutterset_56480b96342f806dde94ad9c88fb8675\">\n                <img\n                    title=\"img_5768\"\n                    alt=\"img_5768\"\n                    src=\"http:\/\/www.karate-neuhofen.at\/wp-content\/gallery\/4-trainingslager-in-gnas\/thumbs\/thumbs_img_5768.jpg\"\n                    width=\"100\"\n                    height=\"66\"\n                    style=\"max-width:100%;\"\n                \/>\n            <\/a>\n        <\/div>\n\t\t\t\t\t\t\t<\/div> \n\t\t\t\n        \n\t\t\t\t<div id=\"ngg-image-36\" class=\"ngg-gallery-thumbnail-box\" >\n\t\t\t\t        <div class=\"ngg-gallery-thumbnail\">\n            <a href=\"http:\/\/www.karate-neuhofen.at\/wp-content\/gallery\/4-trainingslager-in-gnas\/img_5771.jpg\"\n               title=\"\"\n               data-src=\"http:\/\/www.karate-neuhofen.at\/wp-content\/gallery\/4-trainingslager-in-gnas\/img_5771.jpg\"\n               data-thumbnail=\"http:\/\/www.karate-neuhofen.at\/wp-content\/gallery\/4-trainingslager-in-gnas\/thumbs\/thumbs_img_5771.jpg\"\n               data-image-id=\"8658\"\n               data-title=\"img_5771\"\n               data-description=\"\"\n               data-image-slug=\"img_5771-2\"\n               class=\"shutterset_56480b96342f806dde94ad9c88fb8675\">\n                <img\n                    title=\"img_5771\"\n                    alt=\"img_5771\"\n                    src=\"http:\/\/www.karate-neuhofen.at\/wp-content\/gallery\/4-trainingslager-in-gnas\/thumbs\/thumbs_img_5771.jpg\"\n                    width=\"100\"\n                    height=\"66\"\n                    style=\"max-width:100%;\"\n                \/>\n            <\/a>\n        <\/div>\n\t\t\t\t\t\t\t<\/div> \n\t\t\t\n        \n\t\t\t\t<div id=\"ngg-image-37\" class=\"ngg-gallery-thumbnail-box\" >\n\t\t\t\t        <div class=\"ngg-gallery-thumbnail\">\n            <a href=\"http:\/\/www.karate-neuhofen.at\/wp-content\/gallery\/4-trainingslager-in-gnas\/img_5772.jpg\"\n               title=\"\"\n               data-src=\"http:\/\/www.karate-neuhofen.at\/wp-content\/gallery\/4-trainingslager-in-gnas\/img_5772.jpg\"\n               data-thumbnail=\"http:\/\/www.karate-neuhofen.at\/wp-content\/gallery\/4-trainingslager-in-gnas\/thumbs\/thumbs_img_5772.jpg\"\n               data-image-id=\"8659\"\n               data-title=\"img_5772\"\n               data-description=\"\"\n               data-image-slug=\"img_5772-2\"\n               class=\"shutterset_56480b96342f806dde94ad9c88fb8675\">\n                <img\n                    title=\"img_5772\"\n                    alt=\"img_5772\"\n                    src=\"http:\/\/www.karate-neuhofen.at\/wp-content\/gallery\/4-trainingslager-in-gnas\/thumbs\/thumbs_img_5772.jpg\"\n                    width=\"100\"\n                    height=\"66\"\n                    style=\"max-width:100%;\"\n                \/>\n            <\/a>\n        <\/div>\n\t\t\t\t\t\t\t<\/div> \n\t\t\t\n        \n\t\t\t\t<div id=\"ngg-image-38\" class=\"ngg-gallery-thumbnail-box\" >\n\t\t\t\t        <div class=\"ngg-gallery-thumbnail\">\n            <a href=\"http:\/\/www.karate-neuhofen.at\/wp-content\/gallery\/4-trainingslager-in-gnas\/img_5773.jpg\"\n               title=\"\"\n               data-src=\"http:\/\/www.karate-neuhofen.at\/wp-content\/gallery\/4-trainingslager-in-gnas\/img_5773.jpg\"\n               data-thumbnail=\"http:\/\/www.karate-neuhofen.at\/wp-content\/gallery\/4-trainingslager-in-gnas\/thumbs\/thumbs_img_5773.jpg\"\n               data-image-id=\"8660\"\n               data-title=\"img_5773\"\n               data-description=\"\"\n               data-image-slug=\"img_5773-2\"\n               class=\"shutterset_56480b96342f806dde94ad9c88fb8675\">\n                <img\n                    title=\"img_5773\"\n                    alt=\"img_5773\"\n                    src=\"http:\/\/www.karate-neuhofen.at\/wp-content\/gallery\/4-trainingslager-in-gnas\/thumbs\/thumbs_img_5773.jpg\"\n                    width=\"50\"\n                    height=\"75\"\n                    style=\"max-width:100%;\"\n                \/>\n            <\/a>\n        <\/div>\n\t\t\t\t\t\t\t<\/div> \n\t\t\t\n        \n\t\t\t\t<div id=\"ngg-image-39\" class=\"ngg-gallery-thumbnail-box\" >\n\t\t\t\t        <div class=\"ngg-gallery-thumbnail\">\n            <a href=\"http:\/\/www.karate-neuhofen.at\/wp-content\/gallery\/4-trainingslager-in-gnas\/img_5774.jpg\"\n               title=\"\"\n               data-src=\"http:\/\/www.karate-neuhofen.at\/wp-content\/gallery\/4-trainingslager-in-gnas\/img_5774.jpg\"\n               data-thumbnail=\"http:\/\/www.karate-neuhofen.at\/wp-content\/gallery\/4-trainingslager-in-gnas\/thumbs\/thumbs_img_5774.jpg\"\n               data-image-id=\"8661\"\n               data-title=\"img_5774\"\n               data-description=\"\"\n               data-image-slug=\"img_5774-2\"\n               class=\"shutterset_56480b96342f806dde94ad9c88fb8675\">\n                <img\n                    title=\"img_5774\"\n                    alt=\"img_5774\"\n                    src=\"http:\/\/www.karate-neuhofen.at\/wp-content\/gallery\/4-trainingslager-in-gnas\/thumbs\/thumbs_img_5774.jpg\"\n                    width=\"100\"\n                    height=\"66\"\n                    style=\"max-width:100%;\"\n                \/>\n            <\/a>\n        <\/div>\n\t\t\t\t\t\t\t<\/div> \n\t\t\t\n        \n\t\t\t\t<div id=\"ngg-image-40\" class=\"ngg-gallery-thumbnail-box\" >\n\t\t\t\t        <div class=\"ngg-gallery-thumbnail\">\n            <a href=\"http:\/\/www.karate-neuhofen.at\/wp-content\/gallery\/4-trainingslager-in-gnas\/img_5775.jpg\"\n               title=\"\"\n               data-src=\"http:\/\/www.karate-neuhofen.at\/wp-content\/gallery\/4-trainingslager-in-gnas\/img_5775.jpg\"\n               data-thumbnail=\"http:\/\/www.karate-neuhofen.at\/wp-content\/gallery\/4-trainingslager-in-gnas\/thumbs\/thumbs_img_5775.jpg\"\n               data-image-id=\"8662\"\n               data-title=\"img_5775\"\n               data-description=\"\"\n               data-image-slug=\"img_5775\"\n               class=\"shutterset_56480b96342f806dde94ad9c88fb8675\">\n                <img\n                    title=\"img_5775\"\n                    alt=\"img_5775\"\n                    src=\"http:\/\/www.karate-neuhofen.at\/wp-content\/gallery\/4-trainingslager-in-gnas\/thumbs\/thumbs_img_5775.jpg\"\n                    width=\"100\"\n                    height=\"66\"\n                    style=\"max-width:100%;\"\n                \/>\n            <\/a>\n        <\/div>\n\t\t\t\t\t\t\t<\/div> \n\t\t\t\n        \n\t\t\t\t<div id=\"ngg-image-41\" class=\"ngg-gallery-thumbnail-box\" >\n\t\t\t\t        <div class=\"ngg-gallery-thumbnail\">\n            <a href=\"http:\/\/www.karate-neuhofen.at\/wp-content\/gallery\/4-trainingslager-in-gnas\/img_5777.jpg\"\n               title=\"\"\n               data-src=\"http:\/\/www.karate-neuhofen.at\/wp-content\/gallery\/4-trainingslager-in-gnas\/img_5777.jpg\"\n               data-thumbnail=\"http:\/\/www.karate-neuhofen.at\/wp-content\/gallery\/4-trainingslager-in-gnas\/thumbs\/thumbs_img_5777.jpg\"\n               data-image-id=\"8663\"\n               data-title=\"img_5777\"\n               data-description=\"\"\n               data-image-slug=\"img_5777\"\n               class=\"shutterset_56480b96342f806dde94ad9c88fb8675\">\n                <img\n                    title=\"img_5777\"\n                    alt=\"img_5777\"\n                    src=\"http:\/\/www.karate-neuhofen.at\/wp-content\/gallery\/4-trainingslager-in-gnas\/thumbs\/thumbs_img_5777.jpg\"\n                    width=\"100\"\n                    height=\"66\"\n                    style=\"max-width:100%;\"\n                \/>\n            <\/a>\n        <\/div>\n\t\t\t\t\t\t\t<\/div> \n\t\t\t\n        \n\t\t\t\t<div id=\"ngg-image-42\" class=\"ngg-gallery-thumbnail-box\" >\n\t\t\t\t        <div class=\"ngg-gallery-thumbnail\">\n            <a href=\"http:\/\/www.karate-neuhofen.at\/wp-content\/gallery\/4-trainingslager-in-gnas\/img_5779.jpg\"\n               title=\"\"\n               data-src=\"http:\/\/www.karate-neuhofen.at\/wp-content\/gallery\/4-trainingslager-in-gnas\/img_5779.jpg\"\n               data-thumbnail=\"http:\/\/www.karate-neuhofen.at\/wp-content\/gallery\/4-trainingslager-in-gnas\/thumbs\/thumbs_img_5779.jpg\"\n               data-image-id=\"8664\"\n               data-title=\"img_5779\"\n               data-description=\"\"\n               data-image-slug=\"img_5779-2\"\n               class=\"shutterset_56480b96342f806dde94ad9c88fb8675\">\n                <img\n                    title=\"img_5779\"\n                    alt=\"img_5779\"\n                    src=\"http:\/\/www.karate-neuhofen.at\/wp-content\/gallery\/4-trainingslager-in-gnas\/thumbs\/thumbs_img_5779.jpg\"\n                    width=\"100\"\n                    height=\"66\"\n                    style=\"max-width:100%;\"\n                \/>\n            <\/a>\n        <\/div>\n\t\t\t\t\t\t\t<\/div> \n\t\t\t\n        \n\t\t\t\t<div id=\"ngg-image-43\" class=\"ngg-gallery-thumbnail-box\" >\n\t\t\t\t        <div class=\"ngg-gallery-thumbnail\">\n            <a href=\"http:\/\/www.karate-neuhofen.at\/wp-content\/gallery\/4-trainingslager-in-gnas\/img_5782.jpg\"\n               title=\"\"\n               data-src=\"http:\/\/www.karate-neuhofen.at\/wp-content\/gallery\/4-trainingslager-in-gnas\/img_5782.jpg\"\n               data-thumbnail=\"http:\/\/www.karate-neuhofen.at\/wp-content\/gallery\/4-trainingslager-in-gnas\/thumbs\/thumbs_img_5782.jpg\"\n               data-image-id=\"8665\"\n               data-title=\"img_5782\"\n               data-description=\"\"\n               data-image-slug=\"img_5782\"\n               class=\"shutterset_56480b96342f806dde94ad9c88fb8675\">\n                <img\n                    title=\"img_5782\"\n                    alt=\"img_5782\"\n                    src=\"http:\/\/www.karate-neuhofen.at\/wp-content\/gallery\/4-trainingslager-in-gnas\/thumbs\/thumbs_img_5782.jpg\"\n                    width=\"100\"\n                    height=\"66\"\n                    style=\"max-width:100%;\"\n                \/>\n            <\/a>\n        <\/div>\n\t\t\t\t\t\t\t<\/div> \n\t\t\t\n        \n\t\t\t\t<div id=\"ngg-image-44\" class=\"ngg-gallery-thumbnail-box\" >\n\t\t\t\t        <div class=\"ngg-gallery-thumbnail\">\n            <a href=\"http:\/\/www.karate-neuhofen.at\/wp-content\/gallery\/4-trainingslager-in-gnas\/img_5784.jpg\"\n               title=\"\"\n               data-src=\"http:\/\/www.karate-neuhofen.at\/wp-content\/gallery\/4-trainingslager-in-gnas\/img_5784.jpg\"\n               data-thumbnail=\"http:\/\/www.karate-neuhofen.at\/wp-content\/gallery\/4-trainingslager-in-gnas\/thumbs\/thumbs_img_5784.jpg\"\n               data-image-id=\"8666\"\n               data-title=\"img_5784\"\n               data-description=\"\"\n               data-image-slug=\"img_5784\"\n               class=\"shutterset_56480b96342f806dde94ad9c88fb8675\">\n                <img\n                    title=\"img_5784\"\n                    alt=\"img_5784\"\n                    src=\"http:\/\/www.karate-neuhofen.at\/wp-content\/gallery\/4-trainingslager-in-gnas\/thumbs\/thumbs_img_5784.jpg\"\n                    width=\"100\"\n                    height=\"66\"\n                    style=\"max-width:100%;\"\n                \/>\n            <\/a>\n        <\/div>\n\t\t\t\t\t\t\t<\/div> \n\t\t\t\n        \n\t\t\t\t<div id=\"ngg-image-45\" class=\"ngg-gallery-thumbnail-box\" >\n\t\t\t\t        <div class=\"ngg-gallery-thumbnail\">\n            <a href=\"http:\/\/www.karate-neuhofen.at\/wp-content\/gallery\/4-trainingslager-in-gnas\/img_5785.jpg\"\n               title=\"\"\n               data-src=\"http:\/\/www.karate-neuhofen.at\/wp-content\/gallery\/4-trainingslager-in-gnas\/img_5785.jpg\"\n               data-thumbnail=\"http:\/\/www.karate-neuhofen.at\/wp-content\/gallery\/4-trainingslager-in-gnas\/thumbs\/thumbs_img_5785.jpg\"\n               data-image-id=\"8667\"\n               data-title=\"img_5785\"\n               data-description=\"\"\n               data-image-slug=\"img_5785\"\n               class=\"shutterset_56480b96342f806dde94ad9c88fb8675\">\n                <img\n                    title=\"img_5785\"\n                    alt=\"img_5785\"\n                    src=\"http:\/\/www.karate-neuhofen.at\/wp-content\/gallery\/4-trainingslager-in-gnas\/thumbs\/thumbs_img_5785.jpg\"\n                    width=\"100\"\n                    height=\"66\"\n                    style=\"max-width:100%;\"\n                \/>\n            <\/a>\n        <\/div>\n\t\t\t\t\t\t\t<\/div> \n\t\t\t\n        \n\t\t\t\t<div id=\"ngg-image-46\" class=\"ngg-gallery-thumbnail-box\" >\n\t\t\t\t        <div class=\"ngg-gallery-thumbnail\">\n            <a href=\"http:\/\/www.karate-neuhofen.at\/wp-content\/gallery\/4-trainingslager-in-gnas\/img_5787.jpg\"\n               title=\"\"\n               data-src=\"http:\/\/www.karate-neuhofen.at\/wp-content\/gallery\/4-trainingslager-in-gnas\/img_5787.jpg\"\n               data-thumbnail=\"http:\/\/www.karate-neuhofen.at\/wp-content\/gallery\/4-trainingslager-in-gnas\/thumbs\/thumbs_img_5787.jpg\"\n               data-image-id=\"8668\"\n               data-title=\"img_5787\"\n               data-description=\"\"\n               data-image-slug=\"img_5787-2\"\n               class=\"shutterset_56480b96342f806dde94ad9c88fb8675\">\n                <img\n                    title=\"img_5787\"\n                    alt=\"img_5787\"\n                    src=\"http:\/\/www.karate-neuhofen.at\/wp-content\/gallery\/4-trainingslager-in-gnas\/thumbs\/thumbs_img_5787.jpg\"\n                    width=\"100\"\n                    height=\"66\"\n                    style=\"max-width:100%;\"\n                \/>\n            <\/a>\n        <\/div>\n\t\t\t\t\t\t\t<\/div> \n\t\t\t\n        \n\t\t\t\t<div id=\"ngg-image-47\" class=\"ngg-gallery-thumbnail-box\" >\n\t\t\t\t        <div class=\"ngg-gallery-thumbnail\">\n            <a href=\"http:\/\/www.karate-neuhofen.at\/wp-content\/gallery\/4-trainingslager-in-gnas\/img_5789.jpg\"\n               title=\"\"\n               data-src=\"http:\/\/www.karate-neuhofen.at\/wp-content\/gallery\/4-trainingslager-in-gnas\/img_5789.jpg\"\n               data-thumbnail=\"http:\/\/www.karate-neuhofen.at\/wp-content\/gallery\/4-trainingslager-in-gnas\/thumbs\/thumbs_img_5789.jpg\"\n               data-image-id=\"8669\"\n               data-title=\"img_5789\"\n               data-description=\"\"\n               data-image-slug=\"img_5789-2\"\n               class=\"shutterset_56480b96342f806dde94ad9c88fb8675\">\n                <img\n                    title=\"img_5789\"\n                    alt=\"img_5789\"\n                    src=\"http:\/\/www.karate-neuhofen.at\/wp-content\/gallery\/4-trainingslager-in-gnas\/thumbs\/thumbs_img_5789.jpg\"\n                    width=\"100\"\n                    height=\"66\"\n                    style=\"max-width:100%;\"\n                \/>\n            <\/a>\n        <\/div>\n\t\t\t\t\t\t\t<\/div> \n\t\t\t\n        \n\t\t\t\t<div id=\"ngg-image-48\" class=\"ngg-gallery-thumbnail-box\" >\n\t\t\t\t        <div class=\"ngg-gallery-thumbnail\">\n            <a href=\"http:\/\/www.karate-neuhofen.at\/wp-content\/gallery\/4-trainingslager-in-gnas\/img_5793.jpg\"\n               title=\"\"\n               data-src=\"http:\/\/www.karate-neuhofen.at\/wp-content\/gallery\/4-trainingslager-in-gnas\/img_5793.jpg\"\n               data-thumbnail=\"http:\/\/www.karate-neuhofen.at\/wp-content\/gallery\/4-trainingslager-in-gnas\/thumbs\/thumbs_img_5793.jpg\"\n               data-image-id=\"8670\"\n               data-title=\"img_5793\"\n               data-description=\"\"\n               data-image-slug=\"img_5793\"\n               class=\"shutterset_56480b96342f806dde94ad9c88fb8675\">\n                <img\n                    title=\"img_5793\"\n                    alt=\"img_5793\"\n                    src=\"http:\/\/www.karate-neuhofen.at\/wp-content\/gallery\/4-trainingslager-in-gnas\/thumbs\/thumbs_img_5793.jpg\"\n                    width=\"100\"\n                    height=\"66\"\n                    style=\"max-width:100%;\"\n                \/>\n            <\/a>\n        <\/div>\n\t\t\t\t\t\t\t<\/div> \n\t\t\t\n        \n\t\t\t\t<div id=\"ngg-image-49\" class=\"ngg-gallery-thumbnail-box\" >\n\t\t\t\t        <div class=\"ngg-gallery-thumbnail\">\n            <a href=\"http:\/\/www.karate-neuhofen.at\/wp-content\/gallery\/4-trainingslager-in-gnas\/img_5794.jpg\"\n               title=\"\"\n               data-src=\"http:\/\/www.karate-neuhofen.at\/wp-content\/gallery\/4-trainingslager-in-gnas\/img_5794.jpg\"\n               data-thumbnail=\"http:\/\/www.karate-neuhofen.at\/wp-content\/gallery\/4-trainingslager-in-gnas\/thumbs\/thumbs_img_5794.jpg\"\n               data-image-id=\"8671\"\n               data-title=\"img_5794\"\n               data-description=\"\"\n               data-image-slug=\"img_5794-2\"\n               class=\"shutterset_56480b96342f806dde94ad9c88fb8675\">\n                <img\n                    title=\"img_5794\"\n                    alt=\"img_5794\"\n                    src=\"http:\/\/www.karate-neuhofen.at\/wp-content\/gallery\/4-trainingslager-in-gnas\/thumbs\/thumbs_img_5794.jpg\"\n                    width=\"100\"\n                    height=\"66\"\n                    style=\"max-width:100%;\"\n                \/>\n            <\/a>\n        <\/div>\n\t\t\t\t\t\t\t<\/div> \n\t\t\t\n        \n\t\t\t\t<div id=\"ngg-image-50\" class=\"ngg-gallery-thumbnail-box\" >\n\t\t\t\t        <div class=\"ngg-gallery-thumbnail\">\n            <a href=\"http:\/\/www.karate-neuhofen.at\/wp-content\/gallery\/4-trainingslager-in-gnas\/img_5795.jpg\"\n               title=\"\"\n               data-src=\"http:\/\/www.karate-neuhofen.at\/wp-content\/gallery\/4-trainingslager-in-gnas\/img_5795.jpg\"\n               data-thumbnail=\"http:\/\/www.karate-neuhofen.at\/wp-content\/gallery\/4-trainingslager-in-gnas\/thumbs\/thumbs_img_5795.jpg\"\n               data-image-id=\"8672\"\n               data-title=\"img_5795\"\n               data-description=\"\"\n               data-image-slug=\"img_5795-2\"\n               class=\"shutterset_56480b96342f806dde94ad9c88fb8675\">\n                <img\n                    title=\"img_5795\"\n                    alt=\"img_5795\"\n                    src=\"http:\/\/www.karate-neuhofen.at\/wp-content\/gallery\/4-trainingslager-in-gnas\/thumbs\/thumbs_img_5795.jpg\"\n                    width=\"100\"\n                    height=\"66\"\n                    style=\"max-width:100%;\"\n                \/>\n            <\/a>\n        <\/div>\n\t\t\t\t\t\t\t<\/div> \n\t\t\t\n        \n\t\t\t\t<div id=\"ngg-image-51\" class=\"ngg-gallery-thumbnail-box\" >\n\t\t\t\t        <div class=\"ngg-gallery-thumbnail\">\n            <a href=\"http:\/\/www.karate-neuhofen.at\/wp-content\/gallery\/4-trainingslager-in-gnas\/img_5796.jpg\"\n               title=\"\"\n               data-src=\"http:\/\/www.karate-neuhofen.at\/wp-content\/gallery\/4-trainingslager-in-gnas\/img_5796.jpg\"\n               data-thumbnail=\"http:\/\/www.karate-neuhofen.at\/wp-content\/gallery\/4-trainingslager-in-gnas\/thumbs\/thumbs_img_5796.jpg\"\n               data-image-id=\"8673\"\n               data-title=\"img_5796\"\n               data-description=\"\"\n               data-image-slug=\"img_5796\"\n               class=\"shutterset_56480b96342f806dde94ad9c88fb8675\">\n                <img\n                    title=\"img_5796\"\n                    alt=\"img_5796\"\n                    src=\"http:\/\/www.karate-neuhofen.at\/wp-content\/gallery\/4-trainingslager-in-gnas\/thumbs\/thumbs_img_5796.jpg\"\n                    width=\"100\"\n                    height=\"66\"\n                    style=\"max-width:100%;\"\n                \/>\n            <\/a>\n        <\/div>\n\t\t\t\t\t\t\t<\/div> \n\t\t\t\n        \n\t\t\t\t<div id=\"ngg-image-52\" class=\"ngg-gallery-thumbnail-box\" >\n\t\t\t\t        <div class=\"ngg-gallery-thumbnail\">\n            <a href=\"http:\/\/www.karate-neuhofen.at\/wp-content\/gallery\/4-trainingslager-in-gnas\/img_5800.jpg\"\n               title=\"\"\n               data-src=\"http:\/\/www.karate-neuhofen.at\/wp-content\/gallery\/4-trainingslager-in-gnas\/img_5800.jpg\"\n               data-thumbnail=\"http:\/\/www.karate-neuhofen.at\/wp-content\/gallery\/4-trainingslager-in-gnas\/thumbs\/thumbs_img_5800.jpg\"\n               data-image-id=\"8674\"\n               data-title=\"img_5800\"\n               data-description=\"\"\n               data-image-slug=\"img_5800\"\n               class=\"shutterset_56480b96342f806dde94ad9c88fb8675\">\n                <img\n                    title=\"img_5800\"\n                    alt=\"img_5800\"\n                    src=\"http:\/\/www.karate-neuhofen.at\/wp-content\/gallery\/4-trainingslager-in-gnas\/thumbs\/thumbs_img_5800.jpg\"\n                    width=\"100\"\n                    height=\"66\"\n                    style=\"max-width:100%;\"\n                \/>\n            <\/a>\n        <\/div>\n\t\t\t\t\t\t\t<\/div> \n\t\t\t\n        \n\t\t\t\t<div id=\"ngg-image-53\" class=\"ngg-gallery-thumbnail-box\" >\n\t\t\t\t        <div class=\"ngg-gallery-thumbnail\">\n            <a href=\"http:\/\/www.karate-neuhofen.at\/wp-content\/gallery\/4-trainingslager-in-gnas\/img_5802.jpg\"\n               title=\"\"\n               data-src=\"http:\/\/www.karate-neuhofen.at\/wp-content\/gallery\/4-trainingslager-in-gnas\/img_5802.jpg\"\n               data-thumbnail=\"http:\/\/www.karate-neuhofen.at\/wp-content\/gallery\/4-trainingslager-in-gnas\/thumbs\/thumbs_img_5802.jpg\"\n               data-image-id=\"8675\"\n               data-title=\"img_5802\"\n               data-description=\"\"\n               data-image-slug=\"img_5802-2\"\n               class=\"shutterset_56480b96342f806dde94ad9c88fb8675\">\n                <img\n                    title=\"img_5802\"\n                    alt=\"img_5802\"\n                    src=\"http:\/\/www.karate-neuhofen.at\/wp-content\/gallery\/4-trainingslager-in-gnas\/thumbs\/thumbs_img_5802.jpg\"\n                    width=\"100\"\n                    height=\"66\"\n                    style=\"max-width:100%;\"\n                \/>\n            <\/a>\n        <\/div>\n\t\t\t\t\t\t\t<\/div> \n\t\t\t\n        \n\t\t\t\t<div id=\"ngg-image-54\" class=\"ngg-gallery-thumbnail-box\" >\n\t\t\t\t        <div class=\"ngg-gallery-thumbnail\">\n            <a href=\"http:\/\/www.karate-neuhofen.at\/wp-content\/gallery\/4-trainingslager-in-gnas\/img_5804.jpg\"\n               title=\"\"\n               data-src=\"http:\/\/www.karate-neuhofen.at\/wp-content\/gallery\/4-trainingslager-in-gnas\/img_5804.jpg\"\n               data-thumbnail=\"http:\/\/www.karate-neuhofen.at\/wp-content\/gallery\/4-trainingslager-in-gnas\/thumbs\/thumbs_img_5804.jpg\"\n               data-image-id=\"8676\"\n               data-title=\"img_5804\"\n               data-description=\"\"\n               data-image-slug=\"img_5804-2\"\n               class=\"shutterset_56480b96342f806dde94ad9c88fb8675\">\n                <img\n                    title=\"img_5804\"\n                    alt=\"img_5804\"\n                    src=\"http:\/\/www.karate-neuhofen.at\/wp-content\/gallery\/4-trainingslager-in-gnas\/thumbs\/thumbs_img_5804.jpg\"\n                    width=\"100\"\n                    height=\"66\"\n                    style=\"max-width:100%;\"\n                \/>\n            <\/a>\n        <\/div>\n\t\t\t\t\t\t\t<\/div> \n\t\t\t\n        \n\t\t\t\t<div id=\"ngg-image-55\" class=\"ngg-gallery-thumbnail-box\" >\n\t\t\t\t        <div class=\"ngg-gallery-thumbnail\">\n            <a href=\"http:\/\/www.karate-neuhofen.at\/wp-content\/gallery\/4-trainingslager-in-gnas\/img_5805.jpg\"\n               title=\"\"\n               data-src=\"http:\/\/www.karate-neuhofen.at\/wp-content\/gallery\/4-trainingslager-in-gnas\/img_5805.jpg\"\n               data-thumbnail=\"http:\/\/www.karate-neuhofen.at\/wp-content\/gallery\/4-trainingslager-in-gnas\/thumbs\/thumbs_img_5805.jpg\"\n               data-image-id=\"8677\"\n               data-title=\"img_5805\"\n               data-description=\"\"\n               data-image-slug=\"img_5805\"\n               class=\"shutterset_56480b96342f806dde94ad9c88fb8675\">\n                <img\n                    title=\"img_5805\"\n                    alt=\"img_5805\"\n                    src=\"http:\/\/www.karate-neuhofen.at\/wp-content\/gallery\/4-trainingslager-in-gnas\/thumbs\/thumbs_img_5805.jpg\"\n                    width=\"100\"\n                    height=\"66\"\n                    style=\"max-width:100%;\"\n                \/>\n            <\/a>\n        <\/div>\n\t\t\t\t\t\t\t<\/div> \n\t\t\t\n        \n\t\t\t\t<div id=\"ngg-image-56\" class=\"ngg-gallery-thumbnail-box\" >\n\t\t\t\t        <div class=\"ngg-gallery-thumbnail\">\n            <a href=\"http:\/\/www.karate-neuhofen.at\/wp-content\/gallery\/4-trainingslager-in-gnas\/img_5806.jpg\"\n               title=\"\"\n               data-src=\"http:\/\/www.karate-neuhofen.at\/wp-content\/gallery\/4-trainingslager-in-gnas\/img_5806.jpg\"\n               data-thumbnail=\"http:\/\/www.karate-neuhofen.at\/wp-content\/gallery\/4-trainingslager-in-gnas\/thumbs\/thumbs_img_5806.jpg\"\n               data-image-id=\"8678\"\n               data-title=\"img_5806\"\n               data-description=\"\"\n               data-image-slug=\"img_5806\"\n               class=\"shutterset_56480b96342f806dde94ad9c88fb8675\">\n                <img\n                    title=\"img_5806\"\n                    alt=\"img_5806\"\n                    src=\"http:\/\/www.karate-neuhofen.at\/wp-content\/gallery\/4-trainingslager-in-gnas\/thumbs\/thumbs_img_5806.jpg\"\n                    width=\"100\"\n                    height=\"66\"\n                    style=\"max-width:100%;\"\n                \/>\n            <\/a>\n        <\/div>\n\t\t\t\t\t\t\t<\/div> \n\t\t\t\n        \n\t\t\t\t<div id=\"ngg-image-57\" class=\"ngg-gallery-thumbnail-box\" >\n\t\t\t\t        <div class=\"ngg-gallery-thumbnail\">\n            <a href=\"http:\/\/www.karate-neuhofen.at\/wp-content\/gallery\/4-trainingslager-in-gnas\/img_5807.jpg\"\n               title=\"\"\n               data-src=\"http:\/\/www.karate-neuhofen.at\/wp-content\/gallery\/4-trainingslager-in-gnas\/img_5807.jpg\"\n               data-thumbnail=\"http:\/\/www.karate-neuhofen.at\/wp-content\/gallery\/4-trainingslager-in-gnas\/thumbs\/thumbs_img_5807.jpg\"\n               data-image-id=\"8679\"\n               data-title=\"img_5807\"\n               data-description=\"\"\n               data-image-slug=\"img_5807-2\"\n               class=\"shutterset_56480b96342f806dde94ad9c88fb8675\">\n                <img\n                    title=\"img_5807\"\n                    alt=\"img_5807\"\n                    src=\"http:\/\/www.karate-neuhofen.at\/wp-content\/gallery\/4-trainingslager-in-gnas\/thumbs\/thumbs_img_5807.jpg\"\n                    width=\"100\"\n                    height=\"66\"\n                    style=\"max-width:100%;\"\n                \/>\n            <\/a>\n        <\/div>\n\t\t\t\t\t\t\t<\/div> \n\t\t\t\n        \n\t\t\t\t<div id=\"ngg-image-58\" class=\"ngg-gallery-thumbnail-box\" >\n\t\t\t\t        <div class=\"ngg-gallery-thumbnail\">\n            <a href=\"http:\/\/www.karate-neuhofen.at\/wp-content\/gallery\/4-trainingslager-in-gnas\/img_5814.jpg\"\n               title=\"\"\n               data-src=\"http:\/\/www.karate-neuhofen.at\/wp-content\/gallery\/4-trainingslager-in-gnas\/img_5814.jpg\"\n               data-thumbnail=\"http:\/\/www.karate-neuhofen.at\/wp-content\/gallery\/4-trainingslager-in-gnas\/thumbs\/thumbs_img_5814.jpg\"\n               data-image-id=\"8680\"\n               data-title=\"img_5814\"\n               data-description=\"\"\n               data-image-slug=\"img_5814\"\n               class=\"shutterset_56480b96342f806dde94ad9c88fb8675\">\n                <img\n                    title=\"img_5814\"\n                    alt=\"img_5814\"\n                    src=\"http:\/\/www.karate-neuhofen.at\/wp-content\/gallery\/4-trainingslager-in-gnas\/thumbs\/thumbs_img_5814.jpg\"\n                    width=\"100\"\n                    height=\"66\"\n                    style=\"max-width:100%;\"\n                \/>\n            <\/a>\n        <\/div>\n\t\t\t\t\t\t\t<\/div> \n\t\t\t\n        \n\t\t\t\t<div id=\"ngg-image-59\" class=\"ngg-gallery-thumbnail-box\" >\n\t\t\t\t        <div class=\"ngg-gallery-thumbnail\">\n            <a href=\"http:\/\/www.karate-neuhofen.at\/wp-content\/gallery\/4-trainingslager-in-gnas\/img_5815.jpg\"\n               title=\"\"\n               data-src=\"http:\/\/www.karate-neuhofen.at\/wp-content\/gallery\/4-trainingslager-in-gnas\/img_5815.jpg\"\n               data-thumbnail=\"http:\/\/www.karate-neuhofen.at\/wp-content\/gallery\/4-trainingslager-in-gnas\/thumbs\/thumbs_img_5815.jpg\"\n               data-image-id=\"8681\"\n               data-title=\"img_5815\"\n               data-description=\"\"\n               data-image-slug=\"img_5815\"\n               class=\"shutterset_56480b96342f806dde94ad9c88fb8675\">\n                <img\n                    title=\"img_5815\"\n                    alt=\"img_5815\"\n                    src=\"http:\/\/www.karate-neuhofen.at\/wp-content\/gallery\/4-trainingslager-in-gnas\/thumbs\/thumbs_img_5815.jpg\"\n                    width=\"100\"\n                    height=\"66\"\n                    style=\"max-width:100%;\"\n                \/>\n            <\/a>\n        <\/div>\n\t\t\t\t\t\t\t<\/div> \n\t\t\t\n        \n\t\t\t\t<div id=\"ngg-image-60\" class=\"ngg-gallery-thumbnail-box\" >\n\t\t\t\t        <div class=\"ngg-gallery-thumbnail\">\n            <a href=\"http:\/\/www.karate-neuhofen.at\/wp-content\/gallery\/4-trainingslager-in-gnas\/img_5817.jpg\"\n               title=\"\"\n               data-src=\"http:\/\/www.karate-neuhofen.at\/wp-content\/gallery\/4-trainingslager-in-gnas\/img_5817.jpg\"\n               data-thumbnail=\"http:\/\/www.karate-neuhofen.at\/wp-content\/gallery\/4-trainingslager-in-gnas\/thumbs\/thumbs_img_5817.jpg\"\n               data-image-id=\"8682\"\n               data-title=\"img_5817\"\n               data-description=\"\"\n               data-image-slug=\"img_5817\"\n               class=\"shutterset_56480b96342f806dde94ad9c88fb8675\">\n                <img\n                    title=\"img_5817\"\n                    alt=\"img_5817\"\n                    src=\"http:\/\/www.karate-neuhofen.at\/wp-content\/gallery\/4-trainingslager-in-gnas\/thumbs\/thumbs_img_5817.jpg\"\n                    width=\"50\"\n                    height=\"75\"\n                    style=\"max-width:100%;\"\n                \/>\n            <\/a>\n        <\/div>\n\t\t\t\t\t\t\t<\/div> \n\t\t\t\n        \n\t\t\t\t<div id=\"ngg-image-61\" class=\"ngg-gallery-thumbnail-box\" >\n\t\t\t\t        <div class=\"ngg-gallery-thumbnail\">\n            <a href=\"http:\/\/www.karate-neuhofen.at\/wp-content\/gallery\/4-trainingslager-in-gnas\/img_5818.jpg\"\n               title=\"\"\n               data-src=\"http:\/\/www.karate-neuhofen.at\/wp-content\/gallery\/4-trainingslager-in-gnas\/img_5818.jpg\"\n               data-thumbnail=\"http:\/\/www.karate-neuhofen.at\/wp-content\/gallery\/4-trainingslager-in-gnas\/thumbs\/thumbs_img_5818.jpg\"\n               data-image-id=\"8683\"\n               data-title=\"img_5818\"\n               data-description=\"\"\n               data-image-slug=\"img_5818-2\"\n               class=\"shutterset_56480b96342f806dde94ad9c88fb8675\">\n                <img\n                    title=\"img_5818\"\n                    alt=\"img_5818\"\n                    src=\"http:\/\/www.karate-neuhofen.at\/wp-content\/gallery\/4-trainingslager-in-gnas\/thumbs\/thumbs_img_5818.jpg\"\n                    width=\"100\"\n                    height=\"66\"\n                    style=\"max-width:100%;\"\n                \/>\n            <\/a>\n        <\/div>\n\t\t\t\t\t\t\t<\/div> \n\t\t\t\n        \n\t\t\t\t<div id=\"ngg-image-62\" class=\"ngg-gallery-thumbnail-box\" >\n\t\t\t\t        <div class=\"ngg-gallery-thumbnail\">\n            <a href=\"http:\/\/www.karate-neuhofen.at\/wp-content\/gallery\/4-trainingslager-in-gnas\/img_5820.jpg\"\n               title=\"\"\n               data-src=\"http:\/\/www.karate-neuhofen.at\/wp-content\/gallery\/4-trainingslager-in-gnas\/img_5820.jpg\"\n               data-thumbnail=\"http:\/\/www.karate-neuhofen.at\/wp-content\/gallery\/4-trainingslager-in-gnas\/thumbs\/thumbs_img_5820.jpg\"\n               data-image-id=\"8684\"\n               data-title=\"img_5820\"\n               data-description=\"\"\n               data-image-slug=\"img_5820\"\n               class=\"shutterset_56480b96342f806dde94ad9c88fb8675\">\n                <img\n                    title=\"img_5820\"\n                    alt=\"img_5820\"\n                    src=\"http:\/\/www.karate-neuhofen.at\/wp-content\/gallery\/4-trainingslager-in-gnas\/thumbs\/thumbs_img_5820.jpg\"\n                    width=\"100\"\n                    height=\"66\"\n                    style=\"max-width:100%;\"\n                \/>\n            <\/a>\n        <\/div>\n\t\t\t\t\t\t\t<\/div> \n\t\t\t\n        \n\t\t\t\t<div id=\"ngg-image-63\" class=\"ngg-gallery-thumbnail-box\" >\n\t\t\t\t        <div class=\"ngg-gallery-thumbnail\">\n            <a href=\"http:\/\/www.karate-neuhofen.at\/wp-content\/gallery\/4-trainingslager-in-gnas\/img_5821.jpg\"\n               title=\"\"\n               data-src=\"http:\/\/www.karate-neuhofen.at\/wp-content\/gallery\/4-trainingslager-in-gnas\/img_5821.jpg\"\n               data-thumbnail=\"http:\/\/www.karate-neuhofen.at\/wp-content\/gallery\/4-trainingslager-in-gnas\/thumbs\/thumbs_img_5821.jpg\"\n               data-image-id=\"8685\"\n               data-title=\"img_5821\"\n               data-description=\"\"\n               data-image-slug=\"img_5821\"\n               class=\"shutterset_56480b96342f806dde94ad9c88fb8675\">\n                <img\n                    title=\"img_5821\"\n                    alt=\"img_5821\"\n                    src=\"http:\/\/www.karate-neuhofen.at\/wp-content\/gallery\/4-trainingslager-in-gnas\/thumbs\/thumbs_img_5821.jpg\"\n                    width=\"100\"\n                    height=\"66\"\n                    style=\"max-width:100%;\"\n                \/>\n            <\/a>\n        <\/div>\n\t\t\t\t\t\t\t<\/div> \n\t\t\t\n        \n\t\t\t\t<div id=\"ngg-image-64\" class=\"ngg-gallery-thumbnail-box\" >\n\t\t\t\t        <div class=\"ngg-gallery-thumbnail\">\n            <a href=\"http:\/\/www.karate-neuhofen.at\/wp-content\/gallery\/4-trainingslager-in-gnas\/img_5825.jpg\"\n               title=\"\"\n               data-src=\"http:\/\/www.karate-neuhofen.at\/wp-content\/gallery\/4-trainingslager-in-gnas\/img_5825.jpg\"\n               data-thumbnail=\"http:\/\/www.karate-neuhofen.at\/wp-content\/gallery\/4-trainingslager-in-gnas\/thumbs\/thumbs_img_5825.jpg\"\n               data-image-id=\"8686\"\n               data-title=\"img_5825\"\n               data-description=\"\"\n               data-image-slug=\"img_5825\"\n               class=\"shutterset_56480b96342f806dde94ad9c88fb8675\">\n                <img\n                    title=\"img_5825\"\n                    alt=\"img_5825\"\n                    src=\"http:\/\/www.karate-neuhofen.at\/wp-content\/gallery\/4-trainingslager-in-gnas\/thumbs\/thumbs_img_5825.jpg\"\n                    width=\"100\"\n                    height=\"66\"\n                    style=\"max-width:100%;\"\n                \/>\n            <\/a>\n        <\/div>\n\t\t\t\t\t\t\t<\/div> \n\t\t\t\n        \n\t\t\t\t<div id=\"ngg-image-65\" class=\"ngg-gallery-thumbnail-box\" >\n\t\t\t\t        <div class=\"ngg-gallery-thumbnail\">\n            <a href=\"http:\/\/www.karate-neuhofen.at\/wp-content\/gallery\/4-trainingslager-in-gnas\/img_5828.jpg\"\n               title=\"\"\n               data-src=\"http:\/\/www.karate-neuhofen.at\/wp-content\/gallery\/4-trainingslager-in-gnas\/img_5828.jpg\"\n               data-thumbnail=\"http:\/\/www.karate-neuhofen.at\/wp-content\/gallery\/4-trainingslager-in-gnas\/thumbs\/thumbs_img_5828.jpg\"\n               data-image-id=\"8687\"\n               data-title=\"img_5828\"\n               data-description=\"\"\n               data-image-slug=\"img_5828\"\n               class=\"shutterset_56480b96342f806dde94ad9c88fb8675\">\n                <img\n                    title=\"img_5828\"\n                    alt=\"img_5828\"\n                    src=\"http:\/\/www.karate-neuhofen.at\/wp-content\/gallery\/4-trainingslager-in-gnas\/thumbs\/thumbs_img_5828.jpg\"\n                    width=\"100\"\n                    height=\"66\"\n                    style=\"max-width:100%;\"\n                \/>\n            <\/a>\n        <\/div>\n\t\t\t\t\t\t\t<\/div> \n\t\t\t\n        \n\t\t\t\t<div id=\"ngg-image-66\" class=\"ngg-gallery-thumbnail-box\" >\n\t\t\t\t        <div class=\"ngg-gallery-thumbnail\">\n            <a href=\"http:\/\/www.karate-neuhofen.at\/wp-content\/gallery\/4-trainingslager-in-gnas\/img_5837.jpg\"\n               title=\"\"\n               data-src=\"http:\/\/www.karate-neuhofen.at\/wp-content\/gallery\/4-trainingslager-in-gnas\/img_5837.jpg\"\n               data-thumbnail=\"http:\/\/www.karate-neuhofen.at\/wp-content\/gallery\/4-trainingslager-in-gnas\/thumbs\/thumbs_img_5837.jpg\"\n               data-image-id=\"8688\"\n               data-title=\"img_5837\"\n               data-description=\"\"\n               data-image-slug=\"img_5837\"\n               class=\"shutterset_56480b96342f806dde94ad9c88fb8675\">\n                <img\n                    title=\"img_5837\"\n                    alt=\"img_5837\"\n                    src=\"http:\/\/www.karate-neuhofen.at\/wp-content\/gallery\/4-trainingslager-in-gnas\/thumbs\/thumbs_img_5837.jpg\"\n                    width=\"100\"\n                    height=\"66\"\n                    style=\"max-width:100%;\"\n                \/>\n            <\/a>\n        <\/div>\n\t\t\t\t\t\t\t<\/div> \n\t\t\t\n        \n\t\t\t\t<div id=\"ngg-image-67\" class=\"ngg-gallery-thumbnail-box\" >\n\t\t\t\t        <div class=\"ngg-gallery-thumbnail\">\n            <a href=\"http:\/\/www.karate-neuhofen.at\/wp-content\/gallery\/4-trainingslager-in-gnas\/img_5843.jpg\"\n               title=\"\"\n               data-src=\"http:\/\/www.karate-neuhofen.at\/wp-content\/gallery\/4-trainingslager-in-gnas\/img_5843.jpg\"\n               data-thumbnail=\"http:\/\/www.karate-neuhofen.at\/wp-content\/gallery\/4-trainingslager-in-gnas\/thumbs\/thumbs_img_5843.jpg\"\n               data-image-id=\"8689\"\n               data-title=\"img_5843\"\n               data-description=\"\"\n               data-image-slug=\"img_5843\"\n               class=\"shutterset_56480b96342f806dde94ad9c88fb8675\">\n                <img\n                    title=\"img_5843\"\n                    alt=\"img_5843\"\n                    src=\"http:\/\/www.karate-neuhofen.at\/wp-content\/gallery\/4-trainingslager-in-gnas\/thumbs\/thumbs_img_5843.jpg\"\n                    width=\"100\"\n                    height=\"66\"\n                    style=\"max-width:100%;\"\n                \/>\n            <\/a>\n        <\/div>\n\t\t\t\t\t\t\t<\/div> \n\t\t\t\n        \n\t\t\t\t<div id=\"ngg-image-68\" class=\"ngg-gallery-thumbnail-box\" >\n\t\t\t\t        <div class=\"ngg-gallery-thumbnail\">\n            <a href=\"http:\/\/www.karate-neuhofen.at\/wp-content\/gallery\/4-trainingslager-in-gnas\/img_5844.jpg\"\n               title=\"\"\n               data-src=\"http:\/\/www.karate-neuhofen.at\/wp-content\/gallery\/4-trainingslager-in-gnas\/img_5844.jpg\"\n               data-thumbnail=\"http:\/\/www.karate-neuhofen.at\/wp-content\/gallery\/4-trainingslager-in-gnas\/thumbs\/thumbs_img_5844.jpg\"\n               data-image-id=\"8690\"\n               data-title=\"img_5844\"\n               data-description=\"\"\n               data-image-slug=\"img_5844\"\n               class=\"shutterset_56480b96342f806dde94ad9c88fb8675\">\n                <img\n                    title=\"img_5844\"\n                    alt=\"img_5844\"\n                    src=\"http:\/\/www.karate-neuhofen.at\/wp-content\/gallery\/4-trainingslager-in-gnas\/thumbs\/thumbs_img_5844.jpg\"\n                    width=\"100\"\n                    height=\"66\"\n                    style=\"max-width:100%;\"\n                \/>\n            <\/a>\n        <\/div>\n\t\t\t\t\t\t\t<\/div> \n\t\t\t\n        \n\t\t\t\t<div id=\"ngg-image-69\" class=\"ngg-gallery-thumbnail-box\" >\n\t\t\t\t        <div class=\"ngg-gallery-thumbnail\">\n            <a href=\"http:\/\/www.karate-neuhofen.at\/wp-content\/gallery\/4-trainingslager-in-gnas\/img_5845.jpg\"\n               title=\"\"\n               data-src=\"http:\/\/www.karate-neuhofen.at\/wp-content\/gallery\/4-trainingslager-in-gnas\/img_5845.jpg\"\n               data-thumbnail=\"http:\/\/www.karate-neuhofen.at\/wp-content\/gallery\/4-trainingslager-in-gnas\/thumbs\/thumbs_img_5845.jpg\"\n               data-image-id=\"8691\"\n               data-title=\"img_5845\"\n               data-description=\"\"\n               data-image-slug=\"img_5845\"\n               class=\"shutterset_56480b96342f806dde94ad9c88fb8675\">\n                <img\n                    title=\"img_5845\"\n                    alt=\"img_5845\"\n                    src=\"http:\/\/www.karate-neuhofen.at\/wp-content\/gallery\/4-trainingslager-in-gnas\/thumbs\/thumbs_img_5845.jpg\"\n                    width=\"50\"\n                    height=\"75\"\n                    style=\"max-width:100%;\"\n                \/>\n            <\/a>\n        <\/div>\n\t\t\t\t\t\t\t<\/div> \n\t\t\t\n        \n\t\t\t\t<div id=\"ngg-image-70\" class=\"ngg-gallery-thumbnail-box\" >\n\t\t\t\t        <div class=\"ngg-gallery-thumbnail\">\n            <a href=\"http:\/\/www.karate-neuhofen.at\/wp-content\/gallery\/4-trainingslager-in-gnas\/img_5848.jpg\"\n               title=\"\"\n               data-src=\"http:\/\/www.karate-neuhofen.at\/wp-content\/gallery\/4-trainingslager-in-gnas\/img_5848.jpg\"\n               data-thumbnail=\"http:\/\/www.karate-neuhofen.at\/wp-content\/gallery\/4-trainingslager-in-gnas\/thumbs\/thumbs_img_5848.jpg\"\n               data-image-id=\"8693\"\n               data-title=\"img_5848\"\n               data-description=\"\"\n               data-image-slug=\"img_5848\"\n               class=\"shutterset_56480b96342f806dde94ad9c88fb8675\">\n                <img\n                    title=\"img_5848\"\n                    alt=\"img_5848\"\n                    src=\"http:\/\/www.karate-neuhofen.at\/wp-content\/gallery\/4-trainingslager-in-gnas\/thumbs\/thumbs_img_5848.jpg\"\n                    width=\"100\"\n                    height=\"66\"\n                    style=\"max-width:100%;\"\n                \/>\n            <\/a>\n        <\/div>\n\t\t\t\t\t\t\t<\/div> \n\t\t\t\n        \n\t\t\t\t<div id=\"ngg-image-71\" class=\"ngg-gallery-thumbnail-box\" >\n\t\t\t\t        <div class=\"ngg-gallery-thumbnail\">\n            <a href=\"http:\/\/www.karate-neuhofen.at\/wp-content\/gallery\/4-trainingslager-in-gnas\/img_5850.jpg\"\n               title=\"\"\n               data-src=\"http:\/\/www.karate-neuhofen.at\/wp-content\/gallery\/4-trainingslager-in-gnas\/img_5850.jpg\"\n               data-thumbnail=\"http:\/\/www.karate-neuhofen.at\/wp-content\/gallery\/4-trainingslager-in-gnas\/thumbs\/thumbs_img_5850.jpg\"\n               data-image-id=\"8694\"\n               data-title=\"img_5850\"\n               data-description=\"\"\n               data-image-slug=\"img_5850\"\n               class=\"shutterset_56480b96342f806dde94ad9c88fb8675\">\n                <img\n                    title=\"img_5850\"\n                    alt=\"img_5850\"\n                    src=\"http:\/\/www.karate-neuhofen.at\/wp-content\/gallery\/4-trainingslager-in-gnas\/thumbs\/thumbs_img_5850.jpg\"\n                    width=\"100\"\n                    height=\"66\"\n                    style=\"max-width:100%;\"\n                \/>\n            <\/a>\n        <\/div>\n\t\t\t\t\t\t\t<\/div> \n\t\t\t\n        \n\t\t\t\t<div id=\"ngg-image-72\" class=\"ngg-gallery-thumbnail-box\" >\n\t\t\t\t        <div class=\"ngg-gallery-thumbnail\">\n            <a href=\"http:\/\/www.karate-neuhofen.at\/wp-content\/gallery\/4-trainingslager-in-gnas\/img_5853.jpg\"\n               title=\"\"\n               data-src=\"http:\/\/www.karate-neuhofen.at\/wp-content\/gallery\/4-trainingslager-in-gnas\/img_5853.jpg\"\n               data-thumbnail=\"http:\/\/www.karate-neuhofen.at\/wp-content\/gallery\/4-trainingslager-in-gnas\/thumbs\/thumbs_img_5853.jpg\"\n               data-image-id=\"8696\"\n               data-title=\"img_5853\"\n               data-description=\"\"\n               data-image-slug=\"img_5853\"\n               class=\"shutterset_56480b96342f806dde94ad9c88fb8675\">\n                <img\n                    title=\"img_5853\"\n                    alt=\"img_5853\"\n                    src=\"http:\/\/www.karate-neuhofen.at\/wp-content\/gallery\/4-trainingslager-in-gnas\/thumbs\/thumbs_img_5853.jpg\"\n                    width=\"100\"\n                    height=\"66\"\n                    style=\"max-width:100%;\"\n                \/>\n            <\/a>\n        <\/div>\n\t\t\t\t\t\t\t<\/div> \n\t\t\t\n        \n\t\t\t\t<div id=\"ngg-image-73\" class=\"ngg-gallery-thumbnail-box\" >\n\t\t\t\t        <div class=\"ngg-gallery-thumbnail\">\n            <a href=\"http:\/\/www.karate-neuhofen.at\/wp-content\/gallery\/4-trainingslager-in-gnas\/img_5855.jpg\"\n               title=\"\"\n               data-src=\"http:\/\/www.karate-neuhofen.at\/wp-content\/gallery\/4-trainingslager-in-gnas\/img_5855.jpg\"\n               data-thumbnail=\"http:\/\/www.karate-neuhofen.at\/wp-content\/gallery\/4-trainingslager-in-gnas\/thumbs\/thumbs_img_5855.jpg\"\n               data-image-id=\"8697\"\n               data-title=\"img_5855\"\n               data-description=\"\"\n               data-image-slug=\"img_5855\"\n               class=\"shutterset_56480b96342f806dde94ad9c88fb8675\">\n                <img\n                    title=\"img_5855\"\n                    alt=\"img_5855\"\n                    src=\"http:\/\/www.karate-neuhofen.at\/wp-content\/gallery\/4-trainingslager-in-gnas\/thumbs\/thumbs_img_5855.jpg\"\n                    width=\"100\"\n                    height=\"66\"\n                    style=\"max-width:100%;\"\n                \/>\n            <\/a>\n        <\/div>\n\t\t\t\t\t\t\t<\/div> \n\t\t\t\n        \n\t\t\t\t<div id=\"ngg-image-74\" class=\"ngg-gallery-thumbnail-box\" >\n\t\t\t\t        <div class=\"ngg-gallery-thumbnail\">\n            <a href=\"http:\/\/www.karate-neuhofen.at\/wp-content\/gallery\/4-trainingslager-in-gnas\/img_5858.jpg\"\n               title=\"\"\n               data-src=\"http:\/\/www.karate-neuhofen.at\/wp-content\/gallery\/4-trainingslager-in-gnas\/img_5858.jpg\"\n               data-thumbnail=\"http:\/\/www.karate-neuhofen.at\/wp-content\/gallery\/4-trainingslager-in-gnas\/thumbs\/thumbs_img_5858.jpg\"\n               data-image-id=\"8698\"\n               data-title=\"img_5858\"\n               data-description=\"\"\n               data-image-slug=\"img_5858\"\n               class=\"shutterset_56480b96342f806dde94ad9c88fb8675\">\n                <img\n                    title=\"img_5858\"\n                    alt=\"img_5858\"\n                    src=\"http:\/\/www.karate-neuhofen.at\/wp-content\/gallery\/4-trainingslager-in-gnas\/thumbs\/thumbs_img_5858.jpg\"\n                    width=\"100\"\n                    height=\"66\"\n                    style=\"max-width:100%;\"\n                \/>\n            <\/a>\n        <\/div>\n\t\t\t\t\t\t\t<\/div> \n\t\t\t\n        \n\t\t\t\t<div id=\"ngg-image-75\" class=\"ngg-gallery-thumbnail-box\" >\n\t\t\t\t        <div class=\"ngg-gallery-thumbnail\">\n            <a href=\"http:\/\/www.karate-neuhofen.at\/wp-content\/gallery\/4-trainingslager-in-gnas\/img_5860.jpg\"\n               title=\"\"\n               data-src=\"http:\/\/www.karate-neuhofen.at\/wp-content\/gallery\/4-trainingslager-in-gnas\/img_5860.jpg\"\n               data-thumbnail=\"http:\/\/www.karate-neuhofen.at\/wp-content\/gallery\/4-trainingslager-in-gnas\/thumbs\/thumbs_img_5860.jpg\"\n               data-image-id=\"8699\"\n               data-title=\"img_5860\"\n               data-description=\"\"\n               data-image-slug=\"img_5860\"\n               class=\"shutterset_56480b96342f806dde94ad9c88fb8675\">\n                <img\n                    title=\"img_5860\"\n                    alt=\"img_5860\"\n                    src=\"http:\/\/www.karate-neuhofen.at\/wp-content\/gallery\/4-trainingslager-in-gnas\/thumbs\/thumbs_img_5860.jpg\"\n                    width=\"50\"\n                    height=\"75\"\n                    style=\"max-width:100%;\"\n                \/>\n            <\/a>\n        <\/div>\n\t\t\t\t\t\t\t<\/div> \n\t\t\t\n        \n\t\t\t\t<div id=\"ngg-image-76\" class=\"ngg-gallery-thumbnail-box\" >\n\t\t\t\t        <div class=\"ngg-gallery-thumbnail\">\n            <a href=\"http:\/\/www.karate-neuhofen.at\/wp-content\/gallery\/4-trainingslager-in-gnas\/img_5864.jpg\"\n               title=\"\"\n               data-src=\"http:\/\/www.karate-neuhofen.at\/wp-content\/gallery\/4-trainingslager-in-gnas\/img_5864.jpg\"\n               data-thumbnail=\"http:\/\/www.karate-neuhofen.at\/wp-content\/gallery\/4-trainingslager-in-gnas\/thumbs\/thumbs_img_5864.jpg\"\n               data-image-id=\"8700\"\n               data-title=\"img_5864\"\n               data-description=\"\"\n               data-image-slug=\"img_5864\"\n               class=\"shutterset_56480b96342f806dde94ad9c88fb8675\">\n                <img\n                    title=\"img_5864\"\n                    alt=\"img_5864\"\n                    src=\"http:\/\/www.karate-neuhofen.at\/wp-content\/gallery\/4-trainingslager-in-gnas\/thumbs\/thumbs_img_5864.jpg\"\n                    width=\"50\"\n                    height=\"75\"\n                    style=\"max-width:100%;\"\n                \/>\n            <\/a>\n        <\/div>\n\t\t\t\t\t\t\t<\/div> \n\t\t\t\n        \n\t\t\t\t<div id=\"ngg-image-77\" class=\"ngg-gallery-thumbnail-box\" >\n\t\t\t\t        <div class=\"ngg-gallery-thumbnail\">\n            <a href=\"http:\/\/www.karate-neuhofen.at\/wp-content\/gallery\/4-trainingslager-in-gnas\/img_5865.jpg\"\n               title=\"\"\n               data-src=\"http:\/\/www.karate-neuhofen.at\/wp-content\/gallery\/4-trainingslager-in-gnas\/img_5865.jpg\"\n               data-thumbnail=\"http:\/\/www.karate-neuhofen.at\/wp-content\/gallery\/4-trainingslager-in-gnas\/thumbs\/thumbs_img_5865.jpg\"\n               data-image-id=\"8701\"\n               data-title=\"img_5865\"\n               data-description=\"\"\n               data-image-slug=\"img_5865\"\n               class=\"shutterset_56480b96342f806dde94ad9c88fb8675\">\n                <img\n                    title=\"img_5865\"\n                    alt=\"img_5865\"\n                    src=\"http:\/\/www.karate-neuhofen.at\/wp-content\/gallery\/4-trainingslager-in-gnas\/thumbs\/thumbs_img_5865.jpg\"\n                    width=\"50\"\n                    height=\"75\"\n                    style=\"max-width:100%;\"\n                \/>\n            <\/a>\n        <\/div>\n\t\t\t\t\t\t\t<\/div> \n\t\t\t\n        \n\t\t\t\t<div id=\"ngg-image-78\" class=\"ngg-gallery-thumbnail-box\" >\n\t\t\t\t        <div class=\"ngg-gallery-thumbnail\">\n            <a href=\"http:\/\/www.karate-neuhofen.at\/wp-content\/gallery\/4-trainingslager-in-gnas\/img_5869.jpg\"\n               title=\"\"\n               data-src=\"http:\/\/www.karate-neuhofen.at\/wp-content\/gallery\/4-trainingslager-in-gnas\/img_5869.jpg\"\n               data-thumbnail=\"http:\/\/www.karate-neuhofen.at\/wp-content\/gallery\/4-trainingslager-in-gnas\/thumbs\/thumbs_img_5869.jpg\"\n               data-image-id=\"8702\"\n               data-title=\"img_5869\"\n               data-description=\"\"\n               data-image-slug=\"img_5869\"\n               class=\"shutterset_56480b96342f806dde94ad9c88fb8675\">\n                <img\n                    title=\"img_5869\"\n                    alt=\"img_5869\"\n                    src=\"http:\/\/www.karate-neuhofen.at\/wp-content\/gallery\/4-trainingslager-in-gnas\/thumbs\/thumbs_img_5869.jpg\"\n                    width=\"100\"\n                    height=\"66\"\n                    style=\"max-width:100%;\"\n                \/>\n            <\/a>\n        <\/div>\n\t\t\t\t\t\t\t<\/div> \n\t\t\t\n        \n\t\t\t\t<div id=\"ngg-image-79\" class=\"ngg-gallery-thumbnail-box\" >\n\t\t\t\t        <div class=\"ngg-gallery-thumbnail\">\n            <a href=\"http:\/\/www.karate-neuhofen.at\/wp-content\/gallery\/4-trainingslager-in-gnas\/img_5871.jpg\"\n               title=\"\"\n               data-src=\"http:\/\/www.karate-neuhofen.at\/wp-content\/gallery\/4-trainingslager-in-gnas\/img_5871.jpg\"\n               data-thumbnail=\"http:\/\/www.karate-neuhofen.at\/wp-content\/gallery\/4-trainingslager-in-gnas\/thumbs\/thumbs_img_5871.jpg\"\n               data-image-id=\"8703\"\n               data-title=\"img_5871\"\n               data-description=\"\"\n               data-image-slug=\"img_5871\"\n               class=\"shutterset_56480b96342f806dde94ad9c88fb8675\">\n                <img\n                    title=\"img_5871\"\n                    alt=\"img_5871\"\n                    src=\"http:\/\/www.karate-neuhofen.at\/wp-content\/gallery\/4-trainingslager-in-gnas\/thumbs\/thumbs_img_5871.jpg\"\n                    width=\"100\"\n                    height=\"66\"\n                    style=\"max-width:100%;\"\n                \/>\n            <\/a>\n        <\/div>\n\t\t\t\t\t\t\t<\/div> \n\t\t\t\n        \n\t\t\t\t<div id=\"ngg-image-80\" class=\"ngg-gallery-thumbnail-box\" >\n\t\t\t\t        <div class=\"ngg-gallery-thumbnail\">\n            <a href=\"http:\/\/www.karate-neuhofen.at\/wp-content\/gallery\/4-trainingslager-in-gnas\/img_5872.jpg\"\n               title=\"\"\n               data-src=\"http:\/\/www.karate-neuhofen.at\/wp-content\/gallery\/4-trainingslager-in-gnas\/img_5872.jpg\"\n               data-thumbnail=\"http:\/\/www.karate-neuhofen.at\/wp-content\/gallery\/4-trainingslager-in-gnas\/thumbs\/thumbs_img_5872.jpg\"\n               data-image-id=\"8704\"\n               data-title=\"img_5872\"\n               data-description=\"\"\n               data-image-slug=\"img_5872\"\n               class=\"shutterset_56480b96342f806dde94ad9c88fb8675\">\n                <img\n                    title=\"img_5872\"\n                    alt=\"img_5872\"\n                    src=\"http:\/\/www.karate-neuhofen.at\/wp-content\/gallery\/4-trainingslager-in-gnas\/thumbs\/thumbs_img_5872.jpg\"\n                    width=\"100\"\n                    height=\"66\"\n                    style=\"max-width:100%;\"\n                \/>\n            <\/a>\n        <\/div>\n\t\t\t\t\t\t\t<\/div> \n\t\t\t\n        \n\t\t\t\t<div id=\"ngg-image-81\" class=\"ngg-gallery-thumbnail-box\" >\n\t\t\t\t        <div class=\"ngg-gallery-thumbnail\">\n            <a href=\"http:\/\/www.karate-neuhofen.at\/wp-content\/gallery\/4-trainingslager-in-gnas\/img_5879.jpg\"\n               title=\"\"\n               data-src=\"http:\/\/www.karate-neuhofen.at\/wp-content\/gallery\/4-trainingslager-in-gnas\/img_5879.jpg\"\n               data-thumbnail=\"http:\/\/www.karate-neuhofen.at\/wp-content\/gallery\/4-trainingslager-in-gnas\/thumbs\/thumbs_img_5879.jpg\"\n               data-image-id=\"8705\"\n               data-title=\"img_5879\"\n               data-description=\"\"\n               data-image-slug=\"img_5879\"\n               class=\"shutterset_56480b96342f806dde94ad9c88fb8675\">\n                <img\n                    title=\"img_5879\"\n                    alt=\"img_5879\"\n                    src=\"http:\/\/www.karate-neuhofen.at\/wp-content\/gallery\/4-trainingslager-in-gnas\/thumbs\/thumbs_img_5879.jpg\"\n                    width=\"100\"\n                    height=\"66\"\n                    style=\"max-width:100%;\"\n                \/>\n            <\/a>\n        <\/div>\n\t\t\t\t\t\t\t<\/div> \n\t\t\t\n        \n\t\t\t\t<div id=\"ngg-image-82\" class=\"ngg-gallery-thumbnail-box\" >\n\t\t\t\t        <div class=\"ngg-gallery-thumbnail\">\n            <a href=\"http:\/\/www.karate-neuhofen.at\/wp-content\/gallery\/4-trainingslager-in-gnas\/img_5883.jpg\"\n               title=\"\"\n               data-src=\"http:\/\/www.karate-neuhofen.at\/wp-content\/gallery\/4-trainingslager-in-gnas\/img_5883.jpg\"\n               data-thumbnail=\"http:\/\/www.karate-neuhofen.at\/wp-content\/gallery\/4-trainingslager-in-gnas\/thumbs\/thumbs_img_5883.jpg\"\n               data-image-id=\"8706\"\n               data-title=\"img_5883\"\n               data-description=\"\"\n               data-image-slug=\"img_5883\"\n               class=\"shutterset_56480b96342f806dde94ad9c88fb8675\">\n                <img\n                    title=\"img_5883\"\n                    alt=\"img_5883\"\n                    src=\"http:\/\/www.karate-neuhofen.at\/wp-content\/gallery\/4-trainingslager-in-gnas\/thumbs\/thumbs_img_5883.jpg\"\n                    width=\"100\"\n                    height=\"66\"\n                    style=\"max-width:100%;\"\n                \/>\n            <\/a>\n        <\/div>\n\t\t\t\t\t\t\t<\/div> \n\t\t\t\n        \n\t\t\t\t<div id=\"ngg-image-83\" class=\"ngg-gallery-thumbnail-box\" >\n\t\t\t\t        <div class=\"ngg-gallery-thumbnail\">\n            <a href=\"http:\/\/www.karate-neuhofen.at\/wp-content\/gallery\/4-trainingslager-in-gnas\/img_5884.jpg\"\n               title=\"\"\n               data-src=\"http:\/\/www.karate-neuhofen.at\/wp-content\/gallery\/4-trainingslager-in-gnas\/img_5884.jpg\"\n               data-thumbnail=\"http:\/\/www.karate-neuhofen.at\/wp-content\/gallery\/4-trainingslager-in-gnas\/thumbs\/thumbs_img_5884.jpg\"\n               data-image-id=\"8707\"\n               data-title=\"img_5884\"\n               data-description=\"\"\n               data-image-slug=\"img_5884\"\n               class=\"shutterset_56480b96342f806dde94ad9c88fb8675\">\n                <img\n                    title=\"img_5884\"\n                    alt=\"img_5884\"\n                    src=\"http:\/\/www.karate-neuhofen.at\/wp-content\/gallery\/4-trainingslager-in-gnas\/thumbs\/thumbs_img_5884.jpg\"\n                    width=\"50\"\n                    height=\"75\"\n                    style=\"max-width:100%;\"\n                \/>\n            <\/a>\n        <\/div>\n\t\t\t\t\t\t\t<\/div> \n\t\t\t\n        \n\t\t\t\t<div id=\"ngg-image-84\" class=\"ngg-gallery-thumbnail-box\" >\n\t\t\t\t        <div class=\"ngg-gallery-thumbnail\">\n            <a href=\"http:\/\/www.karate-neuhofen.at\/wp-content\/gallery\/4-trainingslager-in-gnas\/img_5885.jpg\"\n               title=\"\"\n               data-src=\"http:\/\/www.karate-neuhofen.at\/wp-content\/gallery\/4-trainingslager-in-gnas\/img_5885.jpg\"\n               data-thumbnail=\"http:\/\/www.karate-neuhofen.at\/wp-content\/gallery\/4-trainingslager-in-gnas\/thumbs\/thumbs_img_5885.jpg\"\n               data-image-id=\"8708\"\n               data-title=\"img_5885\"\n               data-description=\"\"\n               data-image-slug=\"img_5885\"\n               class=\"shutterset_56480b96342f806dde94ad9c88fb8675\">\n                <img\n                    title=\"img_5885\"\n                    alt=\"img_5885\"\n                    src=\"http:\/\/www.karate-neuhofen.at\/wp-content\/gallery\/4-trainingslager-in-gnas\/thumbs\/thumbs_img_5885.jpg\"\n                    width=\"100\"\n                    height=\"66\"\n                    style=\"max-width:100%;\"\n                \/>\n            <\/a>\n        <\/div>\n\t\t\t\t\t\t\t<\/div> \n\t\t\t\n        \n\t\t\t\t<div id=\"ngg-image-85\" class=\"ngg-gallery-thumbnail-box\" >\n\t\t\t\t        <div class=\"ngg-gallery-thumbnail\">\n            <a href=\"http:\/\/www.karate-neuhofen.at\/wp-content\/gallery\/4-trainingslager-in-gnas\/img_5886.jpg\"\n               title=\"\"\n               data-src=\"http:\/\/www.karate-neuhofen.at\/wp-content\/gallery\/4-trainingslager-in-gnas\/img_5886.jpg\"\n               data-thumbnail=\"http:\/\/www.karate-neuhofen.at\/wp-content\/gallery\/4-trainingslager-in-gnas\/thumbs\/thumbs_img_5886.jpg\"\n               data-image-id=\"8709\"\n               data-title=\"img_5886\"\n               data-description=\"\"\n               data-image-slug=\"img_5886\"\n               class=\"shutterset_56480b96342f806dde94ad9c88fb8675\">\n                <img\n                    title=\"img_5886\"\n                    alt=\"img_5886\"\n                    src=\"http:\/\/www.karate-neuhofen.at\/wp-content\/gallery\/4-trainingslager-in-gnas\/thumbs\/thumbs_img_5886.jpg\"\n                    width=\"100\"\n                    height=\"66\"\n                    style=\"max-width:100%;\"\n                \/>\n            <\/a>\n        <\/div>\n\t\t\t\t\t\t\t<\/div> \n\t\t\t\n        \n\t\t\t\t<div id=\"ngg-image-86\" class=\"ngg-gallery-thumbnail-box\" >\n\t\t\t\t        <div class=\"ngg-gallery-thumbnail\">\n            <a href=\"http:\/\/www.karate-neuhofen.at\/wp-content\/gallery\/4-trainingslager-in-gnas\/img_5888.jpg\"\n               title=\"\"\n               data-src=\"http:\/\/www.karate-neuhofen.at\/wp-content\/gallery\/4-trainingslager-in-gnas\/img_5888.jpg\"\n               data-thumbnail=\"http:\/\/www.karate-neuhofen.at\/wp-content\/gallery\/4-trainingslager-in-gnas\/thumbs\/thumbs_img_5888.jpg\"\n               data-image-id=\"8711\"\n               data-title=\"img_5888\"\n               data-description=\"\"\n               data-image-slug=\"img_5888\"\n               class=\"shutterset_56480b96342f806dde94ad9c88fb8675\">\n                <img\n                    title=\"img_5888\"\n                    alt=\"img_5888\"\n                    src=\"http:\/\/www.karate-neuhofen.at\/wp-content\/gallery\/4-trainingslager-in-gnas\/thumbs\/thumbs_img_5888.jpg\"\n                    width=\"100\"\n                    height=\"66\"\n                    style=\"max-width:100%;\"\n                \/>\n            <\/a>\n        <\/div>\n\t\t\t\t\t\t\t<\/div> \n\t\t\t\n        \n\t\t\t\t<div id=\"ngg-image-87\" class=\"ngg-gallery-thumbnail-box\" >\n\t\t\t\t        <div class=\"ngg-gallery-thumbnail\">\n            <a href=\"http:\/\/www.karate-neuhofen.at\/wp-content\/gallery\/4-trainingslager-in-gnas\/img_5890.jpg\"\n               title=\"\"\n               data-src=\"http:\/\/www.karate-neuhofen.at\/wp-content\/gallery\/4-trainingslager-in-gnas\/img_5890.jpg\"\n               data-thumbnail=\"http:\/\/www.karate-neuhofen.at\/wp-content\/gallery\/4-trainingslager-in-gnas\/thumbs\/thumbs_img_5890.jpg\"\n               data-image-id=\"8712\"\n               data-title=\"img_5890\"\n               data-description=\"\"\n               data-image-slug=\"img_5890\"\n               class=\"shutterset_56480b96342f806dde94ad9c88fb8675\">\n                <img\n                    title=\"img_5890\"\n                    alt=\"img_5890\"\n                    src=\"http:\/\/www.karate-neuhofen.at\/wp-content\/gallery\/4-trainingslager-in-gnas\/thumbs\/thumbs_img_5890.jpg\"\n                    width=\"100\"\n                    height=\"66\"\n                    style=\"max-width:100%;\"\n                \/>\n            <\/a>\n        <\/div>\n\t\t\t\t\t\t\t<\/div> \n\t\t\t\n        \n\t\t\t\t<div id=\"ngg-image-88\" class=\"ngg-gallery-thumbnail-box\" >\n\t\t\t\t        <div class=\"ngg-gallery-thumbnail\">\n            <a href=\"http:\/\/www.karate-neuhofen.at\/wp-content\/gallery\/4-trainingslager-in-gnas\/img_5893.jpg\"\n               title=\"\"\n               data-src=\"http:\/\/www.karate-neuhofen.at\/wp-content\/gallery\/4-trainingslager-in-gnas\/img_5893.jpg\"\n               data-thumbnail=\"http:\/\/www.karate-neuhofen.at\/wp-content\/gallery\/4-trainingslager-in-gnas\/thumbs\/thumbs_img_5893.jpg\"\n               data-image-id=\"8713\"\n               data-title=\"img_5893\"\n               data-description=\"\"\n               data-image-slug=\"img_5893\"\n               class=\"shutterset_56480b96342f806dde94ad9c88fb8675\">\n                <img\n                    title=\"img_5893\"\n                    alt=\"img_5893\"\n                    src=\"http:\/\/www.karate-neuhofen.at\/wp-content\/gallery\/4-trainingslager-in-gnas\/thumbs\/thumbs_img_5893.jpg\"\n                    width=\"100\"\n                    height=\"66\"\n                    style=\"max-width:100%;\"\n                \/>\n            <\/a>\n        <\/div>\n\t\t\t\t\t\t\t<\/div> \n\t\t\t\n        \n\t\t\t\t<div id=\"ngg-image-89\" class=\"ngg-gallery-thumbnail-box\" >\n\t\t\t\t        <div class=\"ngg-gallery-thumbnail\">\n            <a href=\"http:\/\/www.karate-neuhofen.at\/wp-content\/gallery\/4-trainingslager-in-gnas\/img_5896.jpg\"\n               title=\"\"\n               data-src=\"http:\/\/www.karate-neuhofen.at\/wp-content\/gallery\/4-trainingslager-in-gnas\/img_5896.jpg\"\n               data-thumbnail=\"http:\/\/www.karate-neuhofen.at\/wp-content\/gallery\/4-trainingslager-in-gnas\/thumbs\/thumbs_img_5896.jpg\"\n               data-image-id=\"8714\"\n               data-title=\"img_5896\"\n               data-description=\"\"\n               data-image-slug=\"img_5896\"\n               class=\"shutterset_56480b96342f806dde94ad9c88fb8675\">\n                <img\n                    title=\"img_5896\"\n                    alt=\"img_5896\"\n                    src=\"http:\/\/www.karate-neuhofen.at\/wp-content\/gallery\/4-trainingslager-in-gnas\/thumbs\/thumbs_img_5896.jpg\"\n                    width=\"100\"\n                    height=\"66\"\n                    style=\"max-width:100%;\"\n                \/>\n            <\/a>\n        <\/div>\n\t\t\t\t\t\t\t<\/div> \n\t\t\t\n        \n\t\t\t\t<div id=\"ngg-image-90\" class=\"ngg-gallery-thumbnail-box\" >\n\t\t\t\t        <div class=\"ngg-gallery-thumbnail\">\n            <a href=\"http:\/\/www.karate-neuhofen.at\/wp-content\/gallery\/4-trainingslager-in-gnas\/img_5900.jpg\"\n               title=\"\"\n               data-src=\"http:\/\/www.karate-neuhofen.at\/wp-content\/gallery\/4-trainingslager-in-gnas\/img_5900.jpg\"\n               data-thumbnail=\"http:\/\/www.karate-neuhofen.at\/wp-content\/gallery\/4-trainingslager-in-gnas\/thumbs\/thumbs_img_5900.jpg\"\n               data-image-id=\"8715\"\n               data-title=\"img_5900\"\n               data-description=\"\"\n               data-image-slug=\"img_5900\"\n               class=\"shutterset_56480b96342f806dde94ad9c88fb8675\">\n                <img\n                    title=\"img_5900\"\n                    alt=\"img_5900\"\n                    src=\"http:\/\/www.karate-neuhofen.at\/wp-content\/gallery\/4-trainingslager-in-gnas\/thumbs\/thumbs_img_5900.jpg\"\n                    width=\"100\"\n                    height=\"66\"\n                    style=\"max-width:100%;\"\n                \/>\n            <\/a>\n        <\/div>\n\t\t\t\t\t\t\t<\/div> \n\t\t\t\n        \n\t\t\t\t<div id=\"ngg-image-91\" class=\"ngg-gallery-thumbnail-box\" >\n\t\t\t\t        <div class=\"ngg-gallery-thumbnail\">\n            <a href=\"http:\/\/www.karate-neuhofen.at\/wp-content\/gallery\/4-trainingslager-in-gnas\/img_5902.jpg\"\n               title=\"\"\n               data-src=\"http:\/\/www.karate-neuhofen.at\/wp-content\/gallery\/4-trainingslager-in-gnas\/img_5902.jpg\"\n               data-thumbnail=\"http:\/\/www.karate-neuhofen.at\/wp-content\/gallery\/4-trainingslager-in-gnas\/thumbs\/thumbs_img_5902.jpg\"\n               data-image-id=\"8716\"\n               data-title=\"img_5902\"\n               data-description=\"\"\n               data-image-slug=\"img_5902\"\n               class=\"shutterset_56480b96342f806dde94ad9c88fb8675\">\n                <img\n                    title=\"img_5902\"\n                    alt=\"img_5902\"\n                    src=\"http:\/\/www.karate-neuhofen.at\/wp-content\/gallery\/4-trainingslager-in-gnas\/thumbs\/thumbs_img_5902.jpg\"\n                    width=\"100\"\n                    height=\"66\"\n                    style=\"max-width:100%;\"\n                \/>\n            <\/a>\n        <\/div>\n\t\t\t\t\t\t\t<\/div> \n\t\t\t\n        \n\t\t\t\t<div id=\"ngg-image-92\" class=\"ngg-gallery-thumbnail-box\" >\n\t\t\t\t        <div class=\"ngg-gallery-thumbnail\">\n            <a href=\"http:\/\/www.karate-neuhofen.at\/wp-content\/gallery\/4-trainingslager-in-gnas\/img_5904.jpg\"\n               title=\"\"\n               data-src=\"http:\/\/www.karate-neuhofen.at\/wp-content\/gallery\/4-trainingslager-in-gnas\/img_5904.jpg\"\n               data-thumbnail=\"http:\/\/www.karate-neuhofen.at\/wp-content\/gallery\/4-trainingslager-in-gnas\/thumbs\/thumbs_img_5904.jpg\"\n               data-image-id=\"8717\"\n               data-title=\"img_5904\"\n               data-description=\"\"\n               data-image-slug=\"img_5904\"\n               class=\"shutterset_56480b96342f806dde94ad9c88fb8675\">\n                <img\n                    title=\"img_5904\"\n                    alt=\"img_5904\"\n                    src=\"http:\/\/www.karate-neuhofen.at\/wp-content\/gallery\/4-trainingslager-in-gnas\/thumbs\/thumbs_img_5904.jpg\"\n                    width=\"100\"\n                    height=\"66\"\n                    style=\"max-width:100%;\"\n                \/>\n            <\/a>\n        <\/div>\n\t\t\t\t\t\t\t<\/div> \n\t\t\t\n        \n\t\t\t\t<div id=\"ngg-image-93\" class=\"ngg-gallery-thumbnail-box\" >\n\t\t\t\t        <div class=\"ngg-gallery-thumbnail\">\n            <a href=\"http:\/\/www.karate-neuhofen.at\/wp-content\/gallery\/4-trainingslager-in-gnas\/img_5905.jpg\"\n               title=\"\"\n               data-src=\"http:\/\/www.karate-neuhofen.at\/wp-content\/gallery\/4-trainingslager-in-gnas\/img_5905.jpg\"\n               data-thumbnail=\"http:\/\/www.karate-neuhofen.at\/wp-content\/gallery\/4-trainingslager-in-gnas\/thumbs\/thumbs_img_5905.jpg\"\n               data-image-id=\"8718\"\n               data-title=\"img_5905\"\n               data-description=\"\"\n               data-image-slug=\"img_5905\"\n               class=\"shutterset_56480b96342f806dde94ad9c88fb8675\">\n                <img\n                    title=\"img_5905\"\n                    alt=\"img_5905\"\n                    src=\"http:\/\/www.karate-neuhofen.at\/wp-content\/gallery\/4-trainingslager-in-gnas\/thumbs\/thumbs_img_5905.jpg\"\n                    width=\"100\"\n                    height=\"66\"\n                    style=\"max-width:100%;\"\n                \/>\n            <\/a>\n        <\/div>\n\t\t\t\t\t\t\t<\/div> \n\t\t\t\n        \n\t\t\t\t<div id=\"ngg-image-94\" class=\"ngg-gallery-thumbnail-box\" >\n\t\t\t\t        <div class=\"ngg-gallery-thumbnail\">\n            <a href=\"http:\/\/www.karate-neuhofen.at\/wp-content\/gallery\/4-trainingslager-in-gnas\/img_5906.jpg\"\n               title=\"\"\n               data-src=\"http:\/\/www.karate-neuhofen.at\/wp-content\/gallery\/4-trainingslager-in-gnas\/img_5906.jpg\"\n               data-thumbnail=\"http:\/\/www.karate-neuhofen.at\/wp-content\/gallery\/4-trainingslager-in-gnas\/thumbs\/thumbs_img_5906.jpg\"\n               data-image-id=\"8719\"\n               data-title=\"img_5906\"\n               data-description=\"\"\n               data-image-slug=\"img_5906\"\n               class=\"shutterset_56480b96342f806dde94ad9c88fb8675\">\n                <img\n                    title=\"img_5906\"\n                    alt=\"img_5906\"\n                    src=\"http:\/\/www.karate-neuhofen.at\/wp-content\/gallery\/4-trainingslager-in-gnas\/thumbs\/thumbs_img_5906.jpg\"\n                    width=\"50\"\n                    height=\"75\"\n                    style=\"max-width:100%;\"\n                \/>\n            <\/a>\n        <\/div>\n\t\t\t\t\t\t\t<\/div> \n\t\t\t\n        \n\t\t\t\t<div id=\"ngg-image-95\" class=\"ngg-gallery-thumbnail-box\" >\n\t\t\t\t        <div class=\"ngg-gallery-thumbnail\">\n            <a href=\"http:\/\/www.karate-neuhofen.at\/wp-content\/gallery\/4-trainingslager-in-gnas\/img_5910.jpg\"\n               title=\"\"\n               data-src=\"http:\/\/www.karate-neuhofen.at\/wp-content\/gallery\/4-trainingslager-in-gnas\/img_5910.jpg\"\n               data-thumbnail=\"http:\/\/www.karate-neuhofen.at\/wp-content\/gallery\/4-trainingslager-in-gnas\/thumbs\/thumbs_img_5910.jpg\"\n               data-image-id=\"8720\"\n               data-title=\"img_5910\"\n               data-description=\"\"\n               data-image-slug=\"img_5910\"\n               class=\"shutterset_56480b96342f806dde94ad9c88fb8675\">\n                <img\n                    title=\"img_5910\"\n                    alt=\"img_5910\"\n                    src=\"http:\/\/www.karate-neuhofen.at\/wp-content\/gallery\/4-trainingslager-in-gnas\/thumbs\/thumbs_img_5910.jpg\"\n                    width=\"100\"\n                    height=\"66\"\n                    style=\"max-width:100%;\"\n                \/>\n            <\/a>\n        <\/div>\n\t\t\t\t\t\t\t<\/div> \n\t\t\t\n        \n\t\t\t\t<div id=\"ngg-image-96\" class=\"ngg-gallery-thumbnail-box\" >\n\t\t\t\t        <div class=\"ngg-gallery-thumbnail\">\n            <a href=\"http:\/\/www.karate-neuhofen.at\/wp-content\/gallery\/4-trainingslager-in-gnas\/img_5912.jpg\"\n               title=\"\"\n               data-src=\"http:\/\/www.karate-neuhofen.at\/wp-content\/gallery\/4-trainingslager-in-gnas\/img_5912.jpg\"\n               data-thumbnail=\"http:\/\/www.karate-neuhofen.at\/wp-content\/gallery\/4-trainingslager-in-gnas\/thumbs\/thumbs_img_5912.jpg\"\n               data-image-id=\"8721\"\n               data-title=\"img_5912\"\n               data-description=\"\"\n               data-image-slug=\"img_5912\"\n               class=\"shutterset_56480b96342f806dde94ad9c88fb8675\">\n                <img\n                    title=\"img_5912\"\n                    alt=\"img_5912\"\n                    src=\"http:\/\/www.karate-neuhofen.at\/wp-content\/gallery\/4-trainingslager-in-gnas\/thumbs\/thumbs_img_5912.jpg\"\n                    width=\"100\"\n                    height=\"66\"\n                    style=\"max-width:100%;\"\n                \/>\n            <\/a>\n        <\/div>\n\t\t\t\t\t\t\t<\/div> \n\t\t\t\n        \n\t\t\t\t<div id=\"ngg-image-97\" class=\"ngg-gallery-thumbnail-box\" >\n\t\t\t\t        <div class=\"ngg-gallery-thumbnail\">\n            <a href=\"http:\/\/www.karate-neuhofen.at\/wp-content\/gallery\/4-trainingslager-in-gnas\/img_5913.jpg\"\n               title=\"\"\n               data-src=\"http:\/\/www.karate-neuhofen.at\/wp-content\/gallery\/4-trainingslager-in-gnas\/img_5913.jpg\"\n               data-thumbnail=\"http:\/\/www.karate-neuhofen.at\/wp-content\/gallery\/4-trainingslager-in-gnas\/thumbs\/thumbs_img_5913.jpg\"\n               data-image-id=\"8722\"\n               data-title=\"img_5913\"\n               data-description=\"\"\n               data-image-slug=\"img_5913\"\n               class=\"shutterset_56480b96342f806dde94ad9c88fb8675\">\n                <img\n                    title=\"img_5913\"\n                    alt=\"img_5913\"\n                    src=\"http:\/\/www.karate-neuhofen.at\/wp-content\/gallery\/4-trainingslager-in-gnas\/thumbs\/thumbs_img_5913.jpg\"\n                    width=\"100\"\n                    height=\"66\"\n                    style=\"max-width:100%;\"\n                \/>\n            <\/a>\n        <\/div>\n\t\t\t\t\t\t\t<\/div> \n\t\t\t\n        \n\t\t\t\t<div id=\"ngg-image-98\" class=\"ngg-gallery-thumbnail-box\" >\n\t\t\t\t        <div class=\"ngg-gallery-thumbnail\">\n            <a href=\"http:\/\/www.karate-neuhofen.at\/wp-content\/gallery\/4-trainingslager-in-gnas\/img_5914.jpg\"\n               title=\"\"\n               data-src=\"http:\/\/www.karate-neuhofen.at\/wp-content\/gallery\/4-trainingslager-in-gnas\/img_5914.jpg\"\n               data-thumbnail=\"http:\/\/www.karate-neuhofen.at\/wp-content\/gallery\/4-trainingslager-in-gnas\/thumbs\/thumbs_img_5914.jpg\"\n               data-image-id=\"8723\"\n               data-title=\"img_5914\"\n               data-description=\"\"\n               data-image-slug=\"img_5914\"\n               class=\"shutterset_56480b96342f806dde94ad9c88fb8675\">\n                <img\n                    title=\"img_5914\"\n                    alt=\"img_5914\"\n                    src=\"http:\/\/www.karate-neuhofen.at\/wp-content\/gallery\/4-trainingslager-in-gnas\/thumbs\/thumbs_img_5914.jpg\"\n                    width=\"100\"\n                    height=\"66\"\n                    style=\"max-width:100%;\"\n                \/>\n            <\/a>\n        <\/div>\n\t\t\t\t\t\t\t<\/div> \n\t\t\t\n        \n\t\t\t\t<div id=\"ngg-image-99\" class=\"ngg-gallery-thumbnail-box\" >\n\t\t\t\t        <div class=\"ngg-gallery-thumbnail\">\n            <a href=\"http:\/\/www.karate-neuhofen.at\/wp-content\/gallery\/4-trainingslager-in-gnas\/img_5920.jpg\"\n               title=\"\"\n               data-src=\"http:\/\/www.karate-neuhofen.at\/wp-content\/gallery\/4-trainingslager-in-gnas\/img_5920.jpg\"\n               data-thumbnail=\"http:\/\/www.karate-neuhofen.at\/wp-content\/gallery\/4-trainingslager-in-gnas\/thumbs\/thumbs_img_5920.jpg\"\n               data-image-id=\"8724\"\n               data-title=\"img_5920\"\n               data-description=\"\"\n               data-image-slug=\"img_5920\"\n               class=\"shutterset_56480b96342f806dde94ad9c88fb8675\">\n                <img\n                    title=\"img_5920\"\n                    alt=\"img_5920\"\n                    src=\"http:\/\/www.karate-neuhofen.at\/wp-content\/gallery\/4-trainingslager-in-gnas\/thumbs\/thumbs_img_5920.jpg\"\n                    width=\"50\"\n                    height=\"75\"\n                    style=\"max-width:100%;\"\n                \/>\n            <\/a>\n        <\/div>\n\t\t\t\t\t\t\t<\/div> \n\t\t\t\n        \n\t\t\t\t<div id=\"ngg-image-100\" class=\"ngg-gallery-thumbnail-box\" >\n\t\t\t\t        <div class=\"ngg-gallery-thumbnail\">\n            <a href=\"http:\/\/www.karate-neuhofen.at\/wp-content\/gallery\/4-trainingslager-in-gnas\/img_5921.jpg\"\n               title=\"\"\n               data-src=\"http:\/\/www.karate-neuhofen.at\/wp-content\/gallery\/4-trainingslager-in-gnas\/img_5921.jpg\"\n               data-thumbnail=\"http:\/\/www.karate-neuhofen.at\/wp-content\/gallery\/4-trainingslager-in-gnas\/thumbs\/thumbs_img_5921.jpg\"\n               data-image-id=\"8725\"\n               data-title=\"img_5921\"\n               data-description=\"\"\n               data-image-slug=\"img_5921\"\n               class=\"shutterset_56480b96342f806dde94ad9c88fb8675\">\n                <img\n                    title=\"img_5921\"\n                    alt=\"img_5921\"\n                    src=\"http:\/\/www.karate-neuhofen.at\/wp-content\/gallery\/4-trainingslager-in-gnas\/thumbs\/thumbs_img_5921.jpg\"\n                    width=\"100\"\n                    height=\"66\"\n                    style=\"max-width:100%;\"\n                \/>\n            <\/a>\n        <\/div>\n\t\t\t\t\t\t\t<\/div> \n\t\t\t\n        \n\t\t\t\t<div id=\"ngg-image-101\" class=\"ngg-gallery-thumbnail-box\" >\n\t\t\t\t        <div class=\"ngg-gallery-thumbnail\">\n            <a href=\"http:\/\/www.karate-neuhofen.at\/wp-content\/gallery\/4-trainingslager-in-gnas\/img_5922.jpg\"\n               title=\"\"\n               data-src=\"http:\/\/www.karate-neuhofen.at\/wp-content\/gallery\/4-trainingslager-in-gnas\/img_5922.jpg\"\n               data-thumbnail=\"http:\/\/www.karate-neuhofen.at\/wp-content\/gallery\/4-trainingslager-in-gnas\/thumbs\/thumbs_img_5922.jpg\"\n               data-image-id=\"8726\"\n               data-title=\"img_5922\"\n               data-description=\"\"\n               data-image-slug=\"img_5922\"\n               class=\"shutterset_56480b96342f806dde94ad9c88fb8675\">\n                <img\n                    title=\"img_5922\"\n                    alt=\"img_5922\"\n                    src=\"http:\/\/www.karate-neuhofen.at\/wp-content\/gallery\/4-trainingslager-in-gnas\/thumbs\/thumbs_img_5922.jpg\"\n                    width=\"100\"\n                    height=\"66\"\n                    style=\"max-width:100%;\"\n                \/>\n            <\/a>\n        <\/div>\n\t\t\t\t\t\t\t<\/div> \n\t\t\t\n        \n\t\t\t\t<div id=\"ngg-image-102\" class=\"ngg-gallery-thumbnail-box\" >\n\t\t\t\t        <div class=\"ngg-gallery-thumbnail\">\n            <a href=\"http:\/\/www.karate-neuhofen.at\/wp-content\/gallery\/4-trainingslager-in-gnas\/img_5923.jpg\"\n               title=\"\"\n               data-src=\"http:\/\/www.karate-neuhofen.at\/wp-content\/gallery\/4-trainingslager-in-gnas\/img_5923.jpg\"\n               data-thumbnail=\"http:\/\/www.karate-neuhofen.at\/wp-content\/gallery\/4-trainingslager-in-gnas\/thumbs\/thumbs_img_5923.jpg\"\n               data-image-id=\"8727\"\n               data-title=\"img_5923\"\n               data-description=\"\"\n               data-image-slug=\"img_5923\"\n               class=\"shutterset_56480b96342f806dde94ad9c88fb8675\">\n                <img\n                    title=\"img_5923\"\n                    alt=\"img_5923\"\n                    src=\"http:\/\/www.karate-neuhofen.at\/wp-content\/gallery\/4-trainingslager-in-gnas\/thumbs\/thumbs_img_5923.jpg\"\n                    width=\"100\"\n                    height=\"66\"\n                    style=\"max-width:100%;\"\n                \/>\n            <\/a>\n        <\/div>\n\t\t\t\t\t\t\t<\/div> \n\t\t\t\n        \n\t\t\t\t<div id=\"ngg-image-103\" class=\"ngg-gallery-thumbnail-box\" >\n\t\t\t\t        <div class=\"ngg-gallery-thumbnail\">\n            <a href=\"http:\/\/www.karate-neuhofen.at\/wp-content\/gallery\/4-trainingslager-in-gnas\/img_5924.jpg\"\n               title=\"\"\n               data-src=\"http:\/\/www.karate-neuhofen.at\/wp-content\/gallery\/4-trainingslager-in-gnas\/img_5924.jpg\"\n               data-thumbnail=\"http:\/\/www.karate-neuhofen.at\/wp-content\/gallery\/4-trainingslager-in-gnas\/thumbs\/thumbs_img_5924.jpg\"\n               data-image-id=\"8728\"\n               data-title=\"img_5924\"\n               data-description=\"\"\n               data-image-slug=\"img_5924\"\n               class=\"shutterset_56480b96342f806dde94ad9c88fb8675\">\n                <img\n                    title=\"img_5924\"\n                    alt=\"img_5924\"\n                    src=\"http:\/\/www.karate-neuhofen.at\/wp-content\/gallery\/4-trainingslager-in-gnas\/thumbs\/thumbs_img_5924.jpg\"\n                    width=\"50\"\n                    height=\"75\"\n                    style=\"max-width:100%;\"\n                \/>\n            <\/a>\n        <\/div>\n\t\t\t\t\t\t\t<\/div> \n\t\t\t\n        \n\t\t\t\t<div id=\"ngg-image-104\" class=\"ngg-gallery-thumbnail-box\" >\n\t\t\t\t        <div class=\"ngg-gallery-thumbnail\">\n            <a href=\"http:\/\/www.karate-neuhofen.at\/wp-content\/gallery\/4-trainingslager-in-gnas\/img_5925.jpg\"\n               title=\"\"\n               data-src=\"http:\/\/www.karate-neuhofen.at\/wp-content\/gallery\/4-trainingslager-in-gnas\/img_5925.jpg\"\n               data-thumbnail=\"http:\/\/www.karate-neuhofen.at\/wp-content\/gallery\/4-trainingslager-in-gnas\/thumbs\/thumbs_img_5925.jpg\"\n               data-image-id=\"8729\"\n               data-title=\"img_5925\"\n               data-description=\"\"\n               data-image-slug=\"img_5925\"\n               class=\"shutterset_56480b96342f806dde94ad9c88fb8675\">\n                <img\n                    title=\"img_5925\"\n                    alt=\"img_5925\"\n                    src=\"http:\/\/www.karate-neuhofen.at\/wp-content\/gallery\/4-trainingslager-in-gnas\/thumbs\/thumbs_img_5925.jpg\"\n                    width=\"50\"\n                    height=\"75\"\n                    style=\"max-width:100%;\"\n                \/>\n            <\/a>\n        <\/div>\n\t\t\t\t\t\t\t<\/div> \n\t\t\t\n        \n\t\t\t\t<div id=\"ngg-image-105\" class=\"ngg-gallery-thumbnail-box\" >\n\t\t\t\t        <div class=\"ngg-gallery-thumbnail\">\n            <a href=\"http:\/\/www.karate-neuhofen.at\/wp-content\/gallery\/4-trainingslager-in-gnas\/img_5928.jpg\"\n               title=\"\"\n               data-src=\"http:\/\/www.karate-neuhofen.at\/wp-content\/gallery\/4-trainingslager-in-gnas\/img_5928.jpg\"\n               data-thumbnail=\"http:\/\/www.karate-neuhofen.at\/wp-content\/gallery\/4-trainingslager-in-gnas\/thumbs\/thumbs_img_5928.jpg\"\n               data-image-id=\"8730\"\n               data-title=\"img_5928\"\n               data-description=\"\"\n               data-image-slug=\"img_5928\"\n               class=\"shutterset_56480b96342f806dde94ad9c88fb8675\">\n                <img\n                    title=\"img_5928\"\n                    alt=\"img_5928\"\n                    src=\"http:\/\/www.karate-neuhofen.at\/wp-content\/gallery\/4-trainingslager-in-gnas\/thumbs\/thumbs_img_5928.jpg\"\n                    width=\"100\"\n                    height=\"66\"\n                    style=\"max-width:100%;\"\n                \/>\n            <\/a>\n        <\/div>\n\t\t\t\t\t\t\t<\/div> \n\t\t\t\n        \n\t\t\t\t<div id=\"ngg-image-106\" class=\"ngg-gallery-thumbnail-box\" >\n\t\t\t\t        <div class=\"ngg-gallery-thumbnail\">\n            <a href=\"http:\/\/www.karate-neuhofen.at\/wp-content\/gallery\/4-trainingslager-in-gnas\/img_5929.jpg\"\n               title=\"\"\n               data-src=\"http:\/\/www.karate-neuhofen.at\/wp-content\/gallery\/4-trainingslager-in-gnas\/img_5929.jpg\"\n               data-thumbnail=\"http:\/\/www.karate-neuhofen.at\/wp-content\/gallery\/4-trainingslager-in-gnas\/thumbs\/thumbs_img_5929.jpg\"\n               data-image-id=\"8731\"\n               data-title=\"img_5929\"\n               data-description=\"\"\n               data-image-slug=\"img_5929\"\n               class=\"shutterset_56480b96342f806dde94ad9c88fb8675\">\n                <img\n                    title=\"img_5929\"\n                    alt=\"img_5929\"\n                    src=\"http:\/\/www.karate-neuhofen.at\/wp-content\/gallery\/4-trainingslager-in-gnas\/thumbs\/thumbs_img_5929.jpg\"\n                    width=\"100\"\n                    height=\"66\"\n                    style=\"max-width:100%;\"\n                \/>\n            <\/a>\n        <\/div>\n\t\t\t\t\t\t\t<\/div> \n\t\t\t\n        \n\t\t\t\t<div id=\"ngg-image-107\" class=\"ngg-gallery-thumbnail-box\" >\n\t\t\t\t        <div class=\"ngg-gallery-thumbnail\">\n            <a href=\"http:\/\/www.karate-neuhofen.at\/wp-content\/gallery\/4-trainingslager-in-gnas\/img_5930.jpg\"\n               title=\"\"\n               data-src=\"http:\/\/www.karate-neuhofen.at\/wp-content\/gallery\/4-trainingslager-in-gnas\/img_5930.jpg\"\n               data-thumbnail=\"http:\/\/www.karate-neuhofen.at\/wp-content\/gallery\/4-trainingslager-in-gnas\/thumbs\/thumbs_img_5930.jpg\"\n               data-image-id=\"8732\"\n               data-title=\"img_5930\"\n               data-description=\"\"\n               data-image-slug=\"img_5930\"\n               class=\"shutterset_56480b96342f806dde94ad9c88fb8675\">\n                <img\n                    title=\"img_5930\"\n                    alt=\"img_5930\"\n                    src=\"http:\/\/www.karate-neuhofen.at\/wp-content\/gallery\/4-trainingslager-in-gnas\/thumbs\/thumbs_img_5930.jpg\"\n                    width=\"100\"\n                    height=\"66\"\n                    style=\"max-width:100%;\"\n                \/>\n            <\/a>\n        <\/div>\n\t\t\t\t\t\t\t<\/div> \n\t\t\t\n        \n\t\t\t\t<div id=\"ngg-image-108\" class=\"ngg-gallery-thumbnail-box\" >\n\t\t\t\t        <div class=\"ngg-gallery-thumbnail\">\n            <a href=\"http:\/\/www.karate-neuhofen.at\/wp-content\/gallery\/4-trainingslager-in-gnas\/img_5931.jpg\"\n               title=\"\"\n               data-src=\"http:\/\/www.karate-neuhofen.at\/wp-content\/gallery\/4-trainingslager-in-gnas\/img_5931.jpg\"\n               data-thumbnail=\"http:\/\/www.karate-neuhofen.at\/wp-content\/gallery\/4-trainingslager-in-gnas\/thumbs\/thumbs_img_5931.jpg\"\n               data-image-id=\"8733\"\n               data-title=\"img_5931\"\n               data-description=\"\"\n               data-image-slug=\"img_5931\"\n               class=\"shutterset_56480b96342f806dde94ad9c88fb8675\">\n                <img\n                    title=\"img_5931\"\n                    alt=\"img_5931\"\n                    src=\"http:\/\/www.karate-neuhofen.at\/wp-content\/gallery\/4-trainingslager-in-gnas\/thumbs\/thumbs_img_5931.jpg\"\n                    width=\"100\"\n                    height=\"66\"\n                    style=\"max-width:100%;\"\n                \/>\n            <\/a>\n        <\/div>\n\t\t\t\t\t\t\t<\/div> \n\t\t\t\n        \n\t\t\t\t<div id=\"ngg-image-109\" class=\"ngg-gallery-thumbnail-box\" >\n\t\t\t\t        <div class=\"ngg-gallery-thumbnail\">\n            <a href=\"http:\/\/www.karate-neuhofen.at\/wp-content\/gallery\/4-trainingslager-in-gnas\/img_5932.jpg\"\n               title=\"\"\n               data-src=\"http:\/\/www.karate-neuhofen.at\/wp-content\/gallery\/4-trainingslager-in-gnas\/img_5932.jpg\"\n               data-thumbnail=\"http:\/\/www.karate-neuhofen.at\/wp-content\/gallery\/4-trainingslager-in-gnas\/thumbs\/thumbs_img_5932.jpg\"\n               data-image-id=\"8734\"\n               data-title=\"img_5932\"\n               data-description=\"\"\n               data-image-slug=\"img_5932\"\n               class=\"shutterset_56480b96342f806dde94ad9c88fb8675\">\n                <img\n                    title=\"img_5932\"\n                    alt=\"img_5932\"\n                    src=\"http:\/\/www.karate-neuhofen.at\/wp-content\/gallery\/4-trainingslager-in-gnas\/thumbs\/thumbs_img_5932.jpg\"\n                    width=\"100\"\n                    height=\"66\"\n                    style=\"max-width:100%;\"\n                \/>\n            <\/a>\n        <\/div>\n\t\t\t\t\t\t\t<\/div> \n\t\t\t\n        \n\t\t\t\t<div id=\"ngg-image-110\" class=\"ngg-gallery-thumbnail-box\" >\n\t\t\t\t        <div class=\"ngg-gallery-thumbnail\">\n            <a href=\"http:\/\/www.karate-neuhofen.at\/wp-content\/gallery\/4-trainingslager-in-gnas\/img_5933.jpg\"\n               title=\"\"\n               data-src=\"http:\/\/www.karate-neuhofen.at\/wp-content\/gallery\/4-trainingslager-in-gnas\/img_5933.jpg\"\n               data-thumbnail=\"http:\/\/www.karate-neuhofen.at\/wp-content\/gallery\/4-trainingslager-in-gnas\/thumbs\/thumbs_img_5933.jpg\"\n               data-image-id=\"8735\"\n               data-title=\"img_5933\"\n               data-description=\"\"\n               data-image-slug=\"img_5933\"\n               class=\"shutterset_56480b96342f806dde94ad9c88fb8675\">\n                <img\n                    title=\"img_5933\"\n                    alt=\"img_5933\"\n                    src=\"http:\/\/www.karate-neuhofen.at\/wp-content\/gallery\/4-trainingslager-in-gnas\/thumbs\/thumbs_img_5933.jpg\"\n                    width=\"100\"\n                    height=\"66\"\n                    style=\"max-width:100%;\"\n                \/>\n            <\/a>\n        <\/div>\n\t\t\t\t\t\t\t<\/div> \n\t\t\t\n        \n\t\t\t\t<div id=\"ngg-image-111\" class=\"ngg-gallery-thumbnail-box\" >\n\t\t\t\t        <div class=\"ngg-gallery-thumbnail\">\n            <a href=\"http:\/\/www.karate-neuhofen.at\/wp-content\/gallery\/4-trainingslager-in-gnas\/img_5934.jpg\"\n               title=\"\"\n               data-src=\"http:\/\/www.karate-neuhofen.at\/wp-content\/gallery\/4-trainingslager-in-gnas\/img_5934.jpg\"\n               data-thumbnail=\"http:\/\/www.karate-neuhofen.at\/wp-content\/gallery\/4-trainingslager-in-gnas\/thumbs\/thumbs_img_5934.jpg\"\n               data-image-id=\"8736\"\n               data-title=\"img_5934\"\n               data-description=\"\"\n               data-image-slug=\"img_5934\"\n               class=\"shutterset_56480b96342f806dde94ad9c88fb8675\">\n                <img\n                    title=\"img_5934\"\n                    alt=\"img_5934\"\n                    src=\"http:\/\/www.karate-neuhofen.at\/wp-content\/gallery\/4-trainingslager-in-gnas\/thumbs\/thumbs_img_5934.jpg\"\n                    width=\"100\"\n                    height=\"66\"\n                    style=\"max-width:100%;\"\n                \/>\n            <\/a>\n        <\/div>\n\t\t\t\t\t\t\t<\/div> \n\t\t\t\n        \n\t\t\t\t<div id=\"ngg-image-112\" class=\"ngg-gallery-thumbnail-box\" >\n\t\t\t\t        <div class=\"ngg-gallery-thumbnail\">\n            <a href=\"http:\/\/www.karate-neuhofen.at\/wp-content\/gallery\/4-trainingslager-in-gnas\/img_5936.jpg\"\n               title=\"\"\n               data-src=\"http:\/\/www.karate-neuhofen.at\/wp-content\/gallery\/4-trainingslager-in-gnas\/img_5936.jpg\"\n               data-thumbnail=\"http:\/\/www.karate-neuhofen.at\/wp-content\/gallery\/4-trainingslager-in-gnas\/thumbs\/thumbs_img_5936.jpg\"\n               data-image-id=\"8737\"\n               data-title=\"img_5936\"\n               data-description=\"\"\n               data-image-slug=\"img_5936\"\n               class=\"shutterset_56480b96342f806dde94ad9c88fb8675\">\n                <img\n                    title=\"img_5936\"\n                    alt=\"img_5936\"\n                    src=\"http:\/\/www.karate-neuhofen.at\/wp-content\/gallery\/4-trainingslager-in-gnas\/thumbs\/thumbs_img_5936.jpg\"\n                    width=\"100\"\n                    height=\"66\"\n                    style=\"max-width:100%;\"\n                \/>\n            <\/a>\n        <\/div>\n\t\t\t\t\t\t\t<\/div> \n\t\t\t\n        \n\t\t\t\t<div id=\"ngg-image-113\" class=\"ngg-gallery-thumbnail-box\" >\n\t\t\t\t        <div class=\"ngg-gallery-thumbnail\">\n            <a href=\"http:\/\/www.karate-neuhofen.at\/wp-content\/gallery\/4-trainingslager-in-gnas\/img_5937.jpg\"\n               title=\"\"\n               data-src=\"http:\/\/www.karate-neuhofen.at\/wp-content\/gallery\/4-trainingslager-in-gnas\/img_5937.jpg\"\n               data-thumbnail=\"http:\/\/www.karate-neuhofen.at\/wp-content\/gallery\/4-trainingslager-in-gnas\/thumbs\/thumbs_img_5937.jpg\"\n               data-image-id=\"8738\"\n               data-title=\"img_5937\"\n               data-description=\"\"\n               data-image-slug=\"img_5937\"\n               class=\"shutterset_56480b96342f806dde94ad9c88fb8675\">\n                <img\n                    title=\"img_5937\"\n                    alt=\"img_5937\"\n                    src=\"http:\/\/www.karate-neuhofen.at\/wp-content\/gallery\/4-trainingslager-in-gnas\/thumbs\/thumbs_img_5937.jpg\"\n                    width=\"100\"\n                    height=\"66\"\n                    style=\"max-width:100%;\"\n                \/>\n            <\/a>\n        <\/div>\n\t\t\t\t\t\t\t<\/div> \n\t\t\t\n        \n\t\t\t\t<div id=\"ngg-image-114\" class=\"ngg-gallery-thumbnail-box\" >\n\t\t\t\t        <div class=\"ngg-gallery-thumbnail\">\n            <a href=\"http:\/\/www.karate-neuhofen.at\/wp-content\/gallery\/4-trainingslager-in-gnas\/img_5938.jpg\"\n               title=\"\"\n               data-src=\"http:\/\/www.karate-neuhofen.at\/wp-content\/gallery\/4-trainingslager-in-gnas\/img_5938.jpg\"\n               data-thumbnail=\"http:\/\/www.karate-neuhofen.at\/wp-content\/gallery\/4-trainingslager-in-gnas\/thumbs\/thumbs_img_5938.jpg\"\n               data-image-id=\"8739\"\n               data-title=\"img_5938\"\n               data-description=\"\"\n               data-image-slug=\"img_5938\"\n               class=\"shutterset_56480b96342f806dde94ad9c88fb8675\">\n                <img\n                    title=\"img_5938\"\n                    alt=\"img_5938\"\n                    src=\"http:\/\/www.karate-neuhofen.at\/wp-content\/gallery\/4-trainingslager-in-gnas\/thumbs\/thumbs_img_5938.jpg\"\n                    width=\"100\"\n                    height=\"66\"\n                    style=\"max-width:100%;\"\n                \/>\n            <\/a>\n        <\/div>\n\t\t\t\t\t\t\t<\/div> \n\t\t\t\n        \n\t\t\t\t<div id=\"ngg-image-115\" class=\"ngg-gallery-thumbnail-box\" >\n\t\t\t\t        <div class=\"ngg-gallery-thumbnail\">\n            <a href=\"http:\/\/www.karate-neuhofen.at\/wp-content\/gallery\/4-trainingslager-in-gnas\/img_5939.jpg\"\n               title=\"\"\n               data-src=\"http:\/\/www.karate-neuhofen.at\/wp-content\/gallery\/4-trainingslager-in-gnas\/img_5939.jpg\"\n               data-thumbnail=\"http:\/\/www.karate-neuhofen.at\/wp-content\/gallery\/4-trainingslager-in-gnas\/thumbs\/thumbs_img_5939.jpg\"\n               data-image-id=\"8740\"\n               data-title=\"img_5939\"\n               data-description=\"\"\n               data-image-slug=\"img_5939\"\n               class=\"shutterset_56480b96342f806dde94ad9c88fb8675\">\n                <img\n                    title=\"img_5939\"\n                    alt=\"img_5939\"\n                    src=\"http:\/\/www.karate-neuhofen.at\/wp-content\/gallery\/4-trainingslager-in-gnas\/thumbs\/thumbs_img_5939.jpg\"\n                    width=\"100\"\n                    height=\"66\"\n                    style=\"max-width:100%;\"\n                \/>\n            <\/a>\n        <\/div>\n\t\t\t\t\t\t\t<\/div> \n\t\t\t\n        \n\t\t\t\t<div id=\"ngg-image-116\" class=\"ngg-gallery-thumbnail-box\" >\n\t\t\t\t        <div class=\"ngg-gallery-thumbnail\">\n            <a href=\"http:\/\/www.karate-neuhofen.at\/wp-content\/gallery\/4-trainingslager-in-gnas\/img_5940.jpg\"\n               title=\"\"\n               data-src=\"http:\/\/www.karate-neuhofen.at\/wp-content\/gallery\/4-trainingslager-in-gnas\/img_5940.jpg\"\n               data-thumbnail=\"http:\/\/www.karate-neuhofen.at\/wp-content\/gallery\/4-trainingslager-in-gnas\/thumbs\/thumbs_img_5940.jpg\"\n               data-image-id=\"8741\"\n               data-title=\"img_5940\"\n               data-description=\"\"\n               data-image-slug=\"img_5940\"\n               class=\"shutterset_56480b96342f806dde94ad9c88fb8675\">\n                <img\n                    title=\"img_5940\"\n                    alt=\"img_5940\"\n                    src=\"http:\/\/www.karate-neuhofen.at\/wp-content\/gallery\/4-trainingslager-in-gnas\/thumbs\/thumbs_img_5940.jpg\"\n                    width=\"100\"\n                    height=\"66\"\n                    style=\"max-width:100%;\"\n                \/>\n            <\/a>\n        <\/div>\n\t\t\t\t\t\t\t<\/div> \n\t\t\t\n        \n\t\t\t\t<div id=\"ngg-image-117\" class=\"ngg-gallery-thumbnail-box\" >\n\t\t\t\t        <div class=\"ngg-gallery-thumbnail\">\n            <a href=\"http:\/\/www.karate-neuhofen.at\/wp-content\/gallery\/4-trainingslager-in-gnas\/img_5941.jpg\"\n               title=\"\"\n               data-src=\"http:\/\/www.karate-neuhofen.at\/wp-content\/gallery\/4-trainingslager-in-gnas\/img_5941.jpg\"\n               data-thumbnail=\"http:\/\/www.karate-neuhofen.at\/wp-content\/gallery\/4-trainingslager-in-gnas\/thumbs\/thumbs_img_5941.jpg\"\n               data-image-id=\"8742\"\n               data-title=\"img_5941\"\n               data-description=\"\"\n               data-image-slug=\"img_5941\"\n               class=\"shutterset_56480b96342f806dde94ad9c88fb8675\">\n                <img\n                    title=\"img_5941\"\n                    alt=\"img_5941\"\n                    src=\"http:\/\/www.karate-neuhofen.at\/wp-content\/gallery\/4-trainingslager-in-gnas\/thumbs\/thumbs_img_5941.jpg\"\n                    width=\"100\"\n                    height=\"66\"\n                    style=\"max-width:100%;\"\n                \/>\n            <\/a>\n        <\/div>\n\t\t\t\t\t\t\t<\/div> \n\t\t\t\n        \n\t\t\t\t<div id=\"ngg-image-118\" class=\"ngg-gallery-thumbnail-box\" >\n\t\t\t\t        <div class=\"ngg-gallery-thumbnail\">\n            <a href=\"http:\/\/www.karate-neuhofen.at\/wp-content\/gallery\/4-trainingslager-in-gnas\/img_5942.jpg\"\n               title=\"\"\n               data-src=\"http:\/\/www.karate-neuhofen.at\/wp-content\/gallery\/4-trainingslager-in-gnas\/img_5942.jpg\"\n               data-thumbnail=\"http:\/\/www.karate-neuhofen.at\/wp-content\/gallery\/4-trainingslager-in-gnas\/thumbs\/thumbs_img_5942.jpg\"\n               data-image-id=\"8743\"\n               data-title=\"img_5942\"\n               data-description=\"\"\n               data-image-slug=\"img_5942\"\n               class=\"shutterset_56480b96342f806dde94ad9c88fb8675\">\n                <img\n                    title=\"img_5942\"\n                    alt=\"img_5942\"\n                    src=\"http:\/\/www.karate-neuhofen.at\/wp-content\/gallery\/4-trainingslager-in-gnas\/thumbs\/thumbs_img_5942.jpg\"\n                    width=\"100\"\n                    height=\"66\"\n                    style=\"max-width:100%;\"\n                \/>\n            <\/a>\n        <\/div>\n\t\t\t\t\t\t\t<\/div> \n\t\t\t\n        \n\t\t\t\t<div id=\"ngg-image-119\" class=\"ngg-gallery-thumbnail-box\" >\n\t\t\t\t        <div class=\"ngg-gallery-thumbnail\">\n            <a href=\"http:\/\/www.karate-neuhofen.at\/wp-content\/gallery\/4-trainingslager-in-gnas\/img_5943.jpg\"\n               title=\"\"\n               data-src=\"http:\/\/www.karate-neuhofen.at\/wp-content\/gallery\/4-trainingslager-in-gnas\/img_5943.jpg\"\n               data-thumbnail=\"http:\/\/www.karate-neuhofen.at\/wp-content\/gallery\/4-trainingslager-in-gnas\/thumbs\/thumbs_img_5943.jpg\"\n               data-image-id=\"8744\"\n               data-title=\"img_5943\"\n               data-description=\"\"\n               data-image-slug=\"img_5943\"\n               class=\"shutterset_56480b96342f806dde94ad9c88fb8675\">\n                <img\n                    title=\"img_5943\"\n                    alt=\"img_5943\"\n                    src=\"http:\/\/www.karate-neuhofen.at\/wp-content\/gallery\/4-trainingslager-in-gnas\/thumbs\/thumbs_img_5943.jpg\"\n                    width=\"100\"\n                    height=\"66\"\n                    style=\"max-width:100%;\"\n                \/>\n            <\/a>\n        <\/div>\n\t\t\t\t\t\t\t<\/div> \n\t\t\t\n        \n\t\t\t\t<div id=\"ngg-image-120\" class=\"ngg-gallery-thumbnail-box\" >\n\t\t\t\t        <div class=\"ngg-gallery-thumbnail\">\n            <a href=\"http:\/\/www.karate-neuhofen.at\/wp-content\/gallery\/4-trainingslager-in-gnas\/img_5945.jpg\"\n               title=\"\"\n               data-src=\"http:\/\/www.karate-neuhofen.at\/wp-content\/gallery\/4-trainingslager-in-gnas\/img_5945.jpg\"\n               data-thumbnail=\"http:\/\/www.karate-neuhofen.at\/wp-content\/gallery\/4-trainingslager-in-gnas\/thumbs\/thumbs_img_5945.jpg\"\n               data-image-id=\"8745\"\n               data-title=\"img_5945\"\n               data-description=\"\"\n               data-image-slug=\"img_5945\"\n               class=\"shutterset_56480b96342f806dde94ad9c88fb8675\">\n                <img\n                    title=\"img_5945\"\n                    alt=\"img_5945\"\n                    src=\"http:\/\/www.karate-neuhofen.at\/wp-content\/gallery\/4-trainingslager-in-gnas\/thumbs\/thumbs_img_5945.jpg\"\n                    width=\"100\"\n                    height=\"66\"\n                    style=\"max-width:100%;\"\n                \/>\n            <\/a>\n        <\/div>\n\t\t\t\t\t\t\t<\/div> \n\t\t\t\n        \n\t\t\t\t<div id=\"ngg-image-121\" class=\"ngg-gallery-thumbnail-box\" >\n\t\t\t\t        <div class=\"ngg-gallery-thumbnail\">\n            <a href=\"http:\/\/www.karate-neuhofen.at\/wp-content\/gallery\/4-trainingslager-in-gnas\/img_5946.jpg\"\n               title=\"\"\n               data-src=\"http:\/\/www.karate-neuhofen.at\/wp-content\/gallery\/4-trainingslager-in-gnas\/img_5946.jpg\"\n               data-thumbnail=\"http:\/\/www.karate-neuhofen.at\/wp-content\/gallery\/4-trainingslager-in-gnas\/thumbs\/thumbs_img_5946.jpg\"\n               data-image-id=\"8746\"\n               data-title=\"img_5946\"\n               data-description=\"\"\n               data-image-slug=\"img_5946\"\n               class=\"shutterset_56480b96342f806dde94ad9c88fb8675\">\n                <img\n                    title=\"img_5946\"\n                    alt=\"img_5946\"\n                    src=\"http:\/\/www.karate-neuhofen.at\/wp-content\/gallery\/4-trainingslager-in-gnas\/thumbs\/thumbs_img_5946.jpg\"\n                    width=\"100\"\n                    height=\"66\"\n                    style=\"max-width:100%;\"\n                \/>\n            <\/a>\n        <\/div>\n\t\t\t\t\t\t\t<\/div> \n\t\t\t\n        \n\t\t\t\t<div id=\"ngg-image-122\" class=\"ngg-gallery-thumbnail-box\" >\n\t\t\t\t        <div class=\"ngg-gallery-thumbnail\">\n            <a href=\"http:\/\/www.karate-neuhofen.at\/wp-content\/gallery\/4-trainingslager-in-gnas\/img_5947.jpg\"\n               title=\"\"\n               data-src=\"http:\/\/www.karate-neuhofen.at\/wp-content\/gallery\/4-trainingslager-in-gnas\/img_5947.jpg\"\n               data-thumbnail=\"http:\/\/www.karate-neuhofen.at\/wp-content\/gallery\/4-trainingslager-in-gnas\/thumbs\/thumbs_img_5947.jpg\"\n               data-image-id=\"8747\"\n               data-title=\"img_5947\"\n               data-description=\"\"\n               data-image-slug=\"img_5947\"\n               class=\"shutterset_56480b96342f806dde94ad9c88fb8675\">\n                <img\n                    title=\"img_5947\"\n                    alt=\"img_5947\"\n                    src=\"http:\/\/www.karate-neuhofen.at\/wp-content\/gallery\/4-trainingslager-in-gnas\/thumbs\/thumbs_img_5947.jpg\"\n                    width=\"100\"\n                    height=\"66\"\n                    style=\"max-width:100%;\"\n                \/>\n            <\/a>\n        <\/div>\n\t\t\t\t\t\t\t<\/div> \n\t\t\t\n        \n\t\t\t\t<div id=\"ngg-image-123\" class=\"ngg-gallery-thumbnail-box\" >\n\t\t\t\t        <div class=\"ngg-gallery-thumbnail\">\n            <a href=\"http:\/\/www.karate-neuhofen.at\/wp-content\/gallery\/4-trainingslager-in-gnas\/img_5948.jpg\"\n               title=\"\"\n               data-src=\"http:\/\/www.karate-neuhofen.at\/wp-content\/gallery\/4-trainingslager-in-gnas\/img_5948.jpg\"\n               data-thumbnail=\"http:\/\/www.karate-neuhofen.at\/wp-content\/gallery\/4-trainingslager-in-gnas\/thumbs\/thumbs_img_5948.jpg\"\n               data-image-id=\"8748\"\n               data-title=\"img_5948\"\n               data-description=\"\"\n               data-image-slug=\"img_5948\"\n               class=\"shutterset_56480b96342f806dde94ad9c88fb8675\">\n                <img\n                    title=\"img_5948\"\n                    alt=\"img_5948\"\n                    src=\"http:\/\/www.karate-neuhofen.at\/wp-content\/gallery\/4-trainingslager-in-gnas\/thumbs\/thumbs_img_5948.jpg\"\n                    width=\"100\"\n                    height=\"66\"\n                    style=\"max-width:100%;\"\n                \/>\n            <\/a>\n        <\/div>\n\t\t\t\t\t\t\t<\/div> \n\t\t\t\n        \n\t\t\t\t<div id=\"ngg-image-124\" class=\"ngg-gallery-thumbnail-box\" >\n\t\t\t\t        <div class=\"ngg-gallery-thumbnail\">\n            <a href=\"http:\/\/www.karate-neuhofen.at\/wp-content\/gallery\/4-trainingslager-in-gnas\/img_5950.jpg\"\n               title=\"\"\n               data-src=\"http:\/\/www.karate-neuhofen.at\/wp-content\/gallery\/4-trainingslager-in-gnas\/img_5950.jpg\"\n               data-thumbnail=\"http:\/\/www.karate-neuhofen.at\/wp-content\/gallery\/4-trainingslager-in-gnas\/thumbs\/thumbs_img_5950.jpg\"\n               data-image-id=\"8749\"\n               data-title=\"img_5950\"\n               data-description=\"\"\n               data-image-slug=\"img_5950\"\n               class=\"shutterset_56480b96342f806dde94ad9c88fb8675\">\n                <img\n                    title=\"img_5950\"\n                    alt=\"img_5950\"\n                    src=\"http:\/\/www.karate-neuhofen.at\/wp-content\/gallery\/4-trainingslager-in-gnas\/thumbs\/thumbs_img_5950.jpg\"\n                    width=\"100\"\n                    height=\"66\"\n                    style=\"max-width:100%;\"\n                \/>\n            <\/a>\n        <\/div>\n\t\t\t\t\t\t\t<\/div> \n\t\t\t\n        \n\t\t\t\t<div id=\"ngg-image-125\" class=\"ngg-gallery-thumbnail-box\" >\n\t\t\t\t        <div class=\"ngg-gallery-thumbnail\">\n            <a href=\"http:\/\/www.karate-neuhofen.at\/wp-content\/gallery\/4-trainingslager-in-gnas\/img_5951.jpg\"\n               title=\"\"\n               data-src=\"http:\/\/www.karate-neuhofen.at\/wp-content\/gallery\/4-trainingslager-in-gnas\/img_5951.jpg\"\n               data-thumbnail=\"http:\/\/www.karate-neuhofen.at\/wp-content\/gallery\/4-trainingslager-in-gnas\/thumbs\/thumbs_img_5951.jpg\"\n               data-image-id=\"8750\"\n               data-title=\"img_5951\"\n               data-description=\"\"\n               data-image-slug=\"img_5951\"\n               class=\"shutterset_56480b96342f806dde94ad9c88fb8675\">\n                <img\n                    title=\"img_5951\"\n                    alt=\"img_5951\"\n                    src=\"http:\/\/www.karate-neuhofen.at\/wp-content\/gallery\/4-trainingslager-in-gnas\/thumbs\/thumbs_img_5951.jpg\"\n                    width=\"100\"\n                    height=\"66\"\n                    style=\"max-width:100%;\"\n                \/>\n            <\/a>\n        <\/div>\n\t\t\t\t\t\t\t<\/div> \n\t\t\t\n        \n\t\t\t\t<div id=\"ngg-image-126\" class=\"ngg-gallery-thumbnail-box\" >\n\t\t\t\t        <div class=\"ngg-gallery-thumbnail\">\n            <a href=\"http:\/\/www.karate-neuhofen.at\/wp-content\/gallery\/4-trainingslager-in-gnas\/img_5954.jpg\"\n               title=\"\"\n               data-src=\"http:\/\/www.karate-neuhofen.at\/wp-content\/gallery\/4-trainingslager-in-gnas\/img_5954.jpg\"\n               data-thumbnail=\"http:\/\/www.karate-neuhofen.at\/wp-content\/gallery\/4-trainingslager-in-gnas\/thumbs\/thumbs_img_5954.jpg\"\n               data-image-id=\"8751\"\n               data-title=\"img_5954\"\n               data-description=\"\"\n               data-image-slug=\"img_5954\"\n               class=\"shutterset_56480b96342f806dde94ad9c88fb8675\">\n                <img\n                    title=\"img_5954\"\n                    alt=\"img_5954\"\n                    src=\"http:\/\/www.karate-neuhofen.at\/wp-content\/gallery\/4-trainingslager-in-gnas\/thumbs\/thumbs_img_5954.jpg\"\n                    width=\"100\"\n                    height=\"66\"\n                    style=\"max-width:100%;\"\n                \/>\n            <\/a>\n        <\/div>\n\t\t\t\t\t\t\t<\/div> \n\t\t\t\n        \n\t\t\t\t<div id=\"ngg-image-127\" class=\"ngg-gallery-thumbnail-box\" >\n\t\t\t\t        <div class=\"ngg-gallery-thumbnail\">\n            <a href=\"http:\/\/www.karate-neuhofen.at\/wp-content\/gallery\/4-trainingslager-in-gnas\/img_5955.jpg\"\n               title=\"\"\n               data-src=\"http:\/\/www.karate-neuhofen.at\/wp-content\/gallery\/4-trainingslager-in-gnas\/img_5955.jpg\"\n               data-thumbnail=\"http:\/\/www.karate-neuhofen.at\/wp-content\/gallery\/4-trainingslager-in-gnas\/thumbs\/thumbs_img_5955.jpg\"\n               data-image-id=\"8752\"\n               data-title=\"img_5955\"\n               data-description=\"\"\n               data-image-slug=\"img_5955\"\n               class=\"shutterset_56480b96342f806dde94ad9c88fb8675\">\n                <img\n                    title=\"img_5955\"\n                    alt=\"img_5955\"\n                    src=\"http:\/\/www.karate-neuhofen.at\/wp-content\/gallery\/4-trainingslager-in-gnas\/thumbs\/thumbs_img_5955.jpg\"\n                    width=\"100\"\n                    height=\"66\"\n                    style=\"max-width:100%;\"\n                \/>\n            <\/a>\n        <\/div>\n\t\t\t\t\t\t\t<\/div> \n\t\t\t\n        \n\t\t\t\t<div id=\"ngg-image-128\" class=\"ngg-gallery-thumbnail-box\" >\n\t\t\t\t        <div class=\"ngg-gallery-thumbnail\">\n            <a href=\"http:\/\/www.karate-neuhofen.at\/wp-content\/gallery\/4-trainingslager-in-gnas\/img_5957.jpg\"\n               title=\"\"\n               data-src=\"http:\/\/www.karate-neuhofen.at\/wp-content\/gallery\/4-trainingslager-in-gnas\/img_5957.jpg\"\n               data-thumbnail=\"http:\/\/www.karate-neuhofen.at\/wp-content\/gallery\/4-trainingslager-in-gnas\/thumbs\/thumbs_img_5957.jpg\"\n               data-image-id=\"8753\"\n               data-title=\"img_5957\"\n               data-description=\"\"\n               data-image-slug=\"img_5957\"\n               class=\"shutterset_56480b96342f806dde94ad9c88fb8675\">\n                <img\n                    title=\"img_5957\"\n                    alt=\"img_5957\"\n                    src=\"http:\/\/www.karate-neuhofen.at\/wp-content\/gallery\/4-trainingslager-in-gnas\/thumbs\/thumbs_img_5957.jpg\"\n                    width=\"100\"\n                    height=\"66\"\n                    style=\"max-width:100%;\"\n                \/>\n            <\/a>\n        <\/div>\n\t\t\t\t\t\t\t<\/div> \n\t\t\t\n        \n\t\t\t\t<div id=\"ngg-image-129\" class=\"ngg-gallery-thumbnail-box\" >\n\t\t\t\t        <div class=\"ngg-gallery-thumbnail\">\n            <a href=\"http:\/\/www.karate-neuhofen.at\/wp-content\/gallery\/4-trainingslager-in-gnas\/img_5959.jpg\"\n               title=\"\"\n               data-src=\"http:\/\/www.karate-neuhofen.at\/wp-content\/gallery\/4-trainingslager-in-gnas\/img_5959.jpg\"\n               data-thumbnail=\"http:\/\/www.karate-neuhofen.at\/wp-content\/gallery\/4-trainingslager-in-gnas\/thumbs\/thumbs_img_5959.jpg\"\n               data-image-id=\"8754\"\n               data-title=\"img_5959\"\n               data-description=\"\"\n               data-image-slug=\"img_5959\"\n               class=\"shutterset_56480b96342f806dde94ad9c88fb8675\">\n                <img\n                    title=\"img_5959\"\n                    alt=\"img_5959\"\n                    src=\"http:\/\/www.karate-neuhofen.at\/wp-content\/gallery\/4-trainingslager-in-gnas\/thumbs\/thumbs_img_5959.jpg\"\n                    width=\"100\"\n                    height=\"66\"\n                    style=\"max-width:100%;\"\n                \/>\n            <\/a>\n        <\/div>\n\t\t\t\t\t\t\t<\/div> \n\t\t\t\n        \n\t\t\t\t<div id=\"ngg-image-130\" class=\"ngg-gallery-thumbnail-box\" >\n\t\t\t\t        <div class=\"ngg-gallery-thumbnail\">\n            <a href=\"http:\/\/www.karate-neuhofen.at\/wp-content\/gallery\/4-trainingslager-in-gnas\/img_5960.jpg\"\n               title=\"\"\n               data-src=\"http:\/\/www.karate-neuhofen.at\/wp-content\/gallery\/4-trainingslager-in-gnas\/img_5960.jpg\"\n               data-thumbnail=\"http:\/\/www.karate-neuhofen.at\/wp-content\/gallery\/4-trainingslager-in-gnas\/thumbs\/thumbs_img_5960.jpg\"\n               data-image-id=\"8755\"\n               data-title=\"img_5960\"\n               data-description=\"\"\n               data-image-slug=\"img_5960\"\n               class=\"shutterset_56480b96342f806dde94ad9c88fb8675\">\n                <img\n                    title=\"img_5960\"\n                    alt=\"img_5960\"\n                    src=\"http:\/\/www.karate-neuhofen.at\/wp-content\/gallery\/4-trainingslager-in-gnas\/thumbs\/thumbs_img_5960.jpg\"\n                    width=\"100\"\n                    height=\"66\"\n                    style=\"max-width:100%;\"\n                \/>\n            <\/a>\n        <\/div>\n\t\t\t\t\t\t\t<\/div> \n\t\t\t\n        \n\t\t\t\t<div id=\"ngg-image-131\" class=\"ngg-gallery-thumbnail-box\" >\n\t\t\t\t        <div class=\"ngg-gallery-thumbnail\">\n            <a href=\"http:\/\/www.karate-neuhofen.at\/wp-content\/gallery\/4-trainingslager-in-gnas\/img_5964.jpg\"\n               title=\"\"\n               data-src=\"http:\/\/www.karate-neuhofen.at\/wp-content\/gallery\/4-trainingslager-in-gnas\/img_5964.jpg\"\n               data-thumbnail=\"http:\/\/www.karate-neuhofen.at\/wp-content\/gallery\/4-trainingslager-in-gnas\/thumbs\/thumbs_img_5964.jpg\"\n               data-image-id=\"8756\"\n               data-title=\"img_5964\"\n               data-description=\"\"\n               data-image-slug=\"img_5964\"\n               class=\"shutterset_56480b96342f806dde94ad9c88fb8675\">\n                <img\n                    title=\"img_5964\"\n                    alt=\"img_5964\"\n                    src=\"http:\/\/www.karate-neuhofen.at\/wp-content\/gallery\/4-trainingslager-in-gnas\/thumbs\/thumbs_img_5964.jpg\"\n                    width=\"100\"\n                    height=\"66\"\n                    style=\"max-width:100%;\"\n                \/>\n            <\/a>\n        <\/div>\n\t\t\t\t\t\t\t<\/div> \n\t\t\t\n        \n\t\t\t\t<div id=\"ngg-image-132\" class=\"ngg-gallery-thumbnail-box\" >\n\t\t\t\t        <div class=\"ngg-gallery-thumbnail\">\n            <a href=\"http:\/\/www.karate-neuhofen.at\/wp-content\/gallery\/4-trainingslager-in-gnas\/img_5964a.jpg\"\n               title=\"\"\n               data-src=\"http:\/\/www.karate-neuhofen.at\/wp-content\/gallery\/4-trainingslager-in-gnas\/img_5964a.jpg\"\n               data-thumbnail=\"http:\/\/www.karate-neuhofen.at\/wp-content\/gallery\/4-trainingslager-in-gnas\/thumbs\/thumbs_img_5964a.jpg\"\n               data-image-id=\"8757\"\n               data-title=\"img_5964a\"\n               data-description=\"\"\n               data-image-slug=\"img_5964a\"\n               class=\"shutterset_56480b96342f806dde94ad9c88fb8675\">\n                <img\n                    title=\"img_5964a\"\n                    alt=\"img_5964a\"\n                    src=\"http:\/\/www.karate-neuhofen.at\/wp-content\/gallery\/4-trainingslager-in-gnas\/thumbs\/thumbs_img_5964a.jpg\"\n                    width=\"42\"\n                    height=\"75\"\n                    style=\"max-width:100%;\"\n                \/>\n            <\/a>\n        <\/div>\n\t\t\t\t\t\t\t<\/div> \n\t\t\t\n        \n\t\t\t\t<div id=\"ngg-image-133\" class=\"ngg-gallery-thumbnail-box\" >\n\t\t\t\t        <div class=\"ngg-gallery-thumbnail\">\n            <a href=\"http:\/\/www.karate-neuhofen.at\/wp-content\/gallery\/4-trainingslager-in-gnas\/img_5965.jpg\"\n               title=\"\"\n               data-src=\"http:\/\/www.karate-neuhofen.at\/wp-content\/gallery\/4-trainingslager-in-gnas\/img_5965.jpg\"\n               data-thumbnail=\"http:\/\/www.karate-neuhofen.at\/wp-content\/gallery\/4-trainingslager-in-gnas\/thumbs\/thumbs_img_5965.jpg\"\n               data-image-id=\"8758\"\n               data-title=\"img_5965\"\n               data-description=\"\"\n               data-image-slug=\"img_5965\"\n               class=\"shutterset_56480b96342f806dde94ad9c88fb8675\">\n                <img\n                    title=\"img_5965\"\n                    alt=\"img_5965\"\n                    src=\"http:\/\/www.karate-neuhofen.at\/wp-content\/gallery\/4-trainingslager-in-gnas\/thumbs\/thumbs_img_5965.jpg\"\n                    width=\"50\"\n                    height=\"75\"\n                    style=\"max-width:100%;\"\n                \/>\n            <\/a>\n        <\/div>\n\t\t\t\t\t\t\t<\/div> \n\t\t\t\n        \n\t\t\t\t<div id=\"ngg-image-134\" class=\"ngg-gallery-thumbnail-box\" >\n\t\t\t\t        <div class=\"ngg-gallery-thumbnail\">\n            <a href=\"http:\/\/www.karate-neuhofen.at\/wp-content\/gallery\/4-trainingslager-in-gnas\/img_5966.jpg\"\n               title=\"\"\n               data-src=\"http:\/\/www.karate-neuhofen.at\/wp-content\/gallery\/4-trainingslager-in-gnas\/img_5966.jpg\"\n               data-thumbnail=\"http:\/\/www.karate-neuhofen.at\/wp-content\/gallery\/4-trainingslager-in-gnas\/thumbs\/thumbs_img_5966.jpg\"\n               data-image-id=\"8759\"\n               data-title=\"img_5966\"\n               data-description=\"\"\n               data-image-slug=\"img_5966\"\n               class=\"shutterset_56480b96342f806dde94ad9c88fb8675\">\n                <img\n                    title=\"img_5966\"\n                    alt=\"img_5966\"\n                    src=\"http:\/\/www.karate-neuhofen.at\/wp-content\/gallery\/4-trainingslager-in-gnas\/thumbs\/thumbs_img_5966.jpg\"\n                    width=\"100\"\n                    height=\"66\"\n                    style=\"max-width:100%;\"\n                \/>\n            <\/a>\n        <\/div>\n\t\t\t\t\t\t\t<\/div> \n\t\t\t\n        \n\t\t\t\t<div id=\"ngg-image-135\" class=\"ngg-gallery-thumbnail-box\" >\n\t\t\t\t        <div class=\"ngg-gallery-thumbnail\">\n            <a href=\"http:\/\/www.karate-neuhofen.at\/wp-content\/gallery\/4-trainingslager-in-gnas\/img_5968.jpg\"\n               title=\"\"\n               data-src=\"http:\/\/www.karate-neuhofen.at\/wp-content\/gallery\/4-trainingslager-in-gnas\/img_5968.jpg\"\n               data-thumbnail=\"http:\/\/www.karate-neuhofen.at\/wp-content\/gallery\/4-trainingslager-in-gnas\/thumbs\/thumbs_img_5968.jpg\"\n               data-image-id=\"8760\"\n               data-title=\"img_5968\"\n               data-description=\"\"\n               data-image-slug=\"img_5968\"\n               class=\"shutterset_56480b96342f806dde94ad9c88fb8675\">\n                <img\n                    title=\"img_5968\"\n                    alt=\"img_5968\"\n                    src=\"http:\/\/www.karate-neuhofen.at\/wp-content\/gallery\/4-trainingslager-in-gnas\/thumbs\/thumbs_img_5968.jpg\"\n                    width=\"100\"\n                    height=\"66\"\n                    style=\"max-width:100%;\"\n                \/>\n            <\/a>\n        <\/div>\n\t\t\t\t\t\t\t<\/div> \n\t\t\t\n        \n\t\t\t\t<div id=\"ngg-image-136\" class=\"ngg-gallery-thumbnail-box\" >\n\t\t\t\t        <div class=\"ngg-gallery-thumbnail\">\n            <a href=\"http:\/\/www.karate-neuhofen.at\/wp-content\/gallery\/4-trainingslager-in-gnas\/img_5969.jpg\"\n               title=\"\"\n               data-src=\"http:\/\/www.karate-neuhofen.at\/wp-content\/gallery\/4-trainingslager-in-gnas\/img_5969.jpg\"\n               data-thumbnail=\"http:\/\/www.karate-neuhofen.at\/wp-content\/gallery\/4-trainingslager-in-gnas\/thumbs\/thumbs_img_5969.jpg\"\n               data-image-id=\"8761\"\n               data-title=\"img_5969\"\n               data-description=\"\"\n               data-image-slug=\"img_5969\"\n               class=\"shutterset_56480b96342f806dde94ad9c88fb8675\">\n                <img\n                    title=\"img_5969\"\n                    alt=\"img_5969\"\n                    src=\"http:\/\/www.karate-neuhofen.at\/wp-content\/gallery\/4-trainingslager-in-gnas\/thumbs\/thumbs_img_5969.jpg\"\n                    width=\"50\"\n                    height=\"75\"\n                    style=\"max-width:100%;\"\n                \/>\n            <\/a>\n        <\/div>\n\t\t\t\t\t\t\t<\/div> \n\t\t\t\n        \n\t\t\t\t<div id=\"ngg-image-137\" class=\"ngg-gallery-thumbnail-box\" >\n\t\t\t\t        <div class=\"ngg-gallery-thumbnail\">\n            <a href=\"http:\/\/www.karate-neuhofen.at\/wp-content\/gallery\/4-trainingslager-in-gnas\/img_5970.jpg\"\n               title=\"\"\n               data-src=\"http:\/\/www.karate-neuhofen.at\/wp-content\/gallery\/4-trainingslager-in-gnas\/img_5970.jpg\"\n               data-thumbnail=\"http:\/\/www.karate-neuhofen.at\/wp-content\/gallery\/4-trainingslager-in-gnas\/thumbs\/thumbs_img_5970.jpg\"\n               data-image-id=\"8762\"\n               data-title=\"img_5970\"\n               data-description=\"\"\n               data-image-slug=\"img_5970\"\n               class=\"shutterset_56480b96342f806dde94ad9c88fb8675\">\n                <img\n                    title=\"img_5970\"\n                    alt=\"img_5970\"\n                    src=\"http:\/\/www.karate-neuhofen.at\/wp-content\/gallery\/4-trainingslager-in-gnas\/thumbs\/thumbs_img_5970.jpg\"\n                    width=\"100\"\n                    height=\"66\"\n                    style=\"max-width:100%;\"\n                \/>\n            <\/a>\n        <\/div>\n\t\t\t\t\t\t\t<\/div> \n\t\t\t\n        \n\t\t\t\t<div id=\"ngg-image-138\" class=\"ngg-gallery-thumbnail-box\" >\n\t\t\t\t        <div class=\"ngg-gallery-thumbnail\">\n            <a href=\"http:\/\/www.karate-neuhofen.at\/wp-content\/gallery\/4-trainingslager-in-gnas\/img_5971.jpg\"\n               title=\"\"\n               data-src=\"http:\/\/www.karate-neuhofen.at\/wp-content\/gallery\/4-trainingslager-in-gnas\/img_5971.jpg\"\n               data-thumbnail=\"http:\/\/www.karate-neuhofen.at\/wp-content\/gallery\/4-trainingslager-in-gnas\/thumbs\/thumbs_img_5971.jpg\"\n               data-image-id=\"8763\"\n               data-title=\"img_5971\"\n               data-description=\"\"\n               data-image-slug=\"img_5971\"\n               class=\"shutterset_56480b96342f806dde94ad9c88fb8675\">\n                <img\n                    title=\"img_5971\"\n                    alt=\"img_5971\"\n                    src=\"http:\/\/www.karate-neuhofen.at\/wp-content\/gallery\/4-trainingslager-in-gnas\/thumbs\/thumbs_img_5971.jpg\"\n                    width=\"100\"\n                    height=\"66\"\n                    style=\"max-width:100%;\"\n                \/>\n            <\/a>\n        <\/div>\n\t\t\t\t\t\t\t<\/div> \n\t\t\t\n        \n\t\t\t\t<div id=\"ngg-image-139\" class=\"ngg-gallery-thumbnail-box\" >\n\t\t\t\t        <div class=\"ngg-gallery-thumbnail\">\n            <a href=\"http:\/\/www.karate-neuhofen.at\/wp-content\/gallery\/4-trainingslager-in-gnas\/img_5973.jpg\"\n               title=\"\"\n               data-src=\"http:\/\/www.karate-neuhofen.at\/wp-content\/gallery\/4-trainingslager-in-gnas\/img_5973.jpg\"\n               data-thumbnail=\"http:\/\/www.karate-neuhofen.at\/wp-content\/gallery\/4-trainingslager-in-gnas\/thumbs\/thumbs_img_5973.jpg\"\n               data-image-id=\"8764\"\n               data-title=\"img_5973\"\n               data-description=\"\"\n               data-image-slug=\"img_5973\"\n               class=\"shutterset_56480b96342f806dde94ad9c88fb8675\">\n                <img\n                    title=\"img_5973\"\n                    alt=\"img_5973\"\n                    src=\"http:\/\/www.karate-neuhofen.at\/wp-content\/gallery\/4-trainingslager-in-gnas\/thumbs\/thumbs_img_5973.jpg\"\n                    width=\"100\"\n                    height=\"66\"\n                    style=\"max-width:100%;\"\n                \/>\n            <\/a>\n        <\/div>\n\t\t\t\t\t\t\t<\/div> \n\t\t\t\n        \n\t\t\t\t<div id=\"ngg-image-140\" class=\"ngg-gallery-thumbnail-box\" >\n\t\t\t\t        <div class=\"ngg-gallery-thumbnail\">\n            <a href=\"http:\/\/www.karate-neuhofen.at\/wp-content\/gallery\/4-trainingslager-in-gnas\/img_5974.jpg\"\n               title=\"\"\n               data-src=\"http:\/\/www.karate-neuhofen.at\/wp-content\/gallery\/4-trainingslager-in-gnas\/img_5974.jpg\"\n               data-thumbnail=\"http:\/\/www.karate-neuhofen.at\/wp-content\/gallery\/4-trainingslager-in-gnas\/thumbs\/thumbs_img_5974.jpg\"\n               data-image-id=\"8765\"\n               data-title=\"img_5974\"\n               data-description=\"\"\n               data-image-slug=\"img_5974\"\n               class=\"shutterset_56480b96342f806dde94ad9c88fb8675\">\n                <img\n                    title=\"img_5974\"\n                    alt=\"img_5974\"\n                    src=\"http:\/\/www.karate-neuhofen.at\/wp-content\/gallery\/4-trainingslager-in-gnas\/thumbs\/thumbs_img_5974.jpg\"\n                    width=\"100\"\n                    height=\"66\"\n                    style=\"max-width:100%;\"\n                \/>\n            <\/a>\n        <\/div>\n\t\t\t\t\t\t\t<\/div> \n\t\t\t\n        \n\t\t\t\t<div id=\"ngg-image-141\" class=\"ngg-gallery-thumbnail-box\" >\n\t\t\t\t        <div class=\"ngg-gallery-thumbnail\">\n            <a href=\"http:\/\/www.karate-neuhofen.at\/wp-content\/gallery\/4-trainingslager-in-gnas\/img_5976.jpg\"\n               title=\"\"\n               data-src=\"http:\/\/www.karate-neuhofen.at\/wp-content\/gallery\/4-trainingslager-in-gnas\/img_5976.jpg\"\n               data-thumbnail=\"http:\/\/www.karate-neuhofen.at\/wp-content\/gallery\/4-trainingslager-in-gnas\/thumbs\/thumbs_img_5976.jpg\"\n               data-image-id=\"8766\"\n               data-title=\"img_5976\"\n               data-description=\"\"\n               data-image-slug=\"img_5976\"\n               class=\"shutterset_56480b96342f806dde94ad9c88fb8675\">\n                <img\n                    title=\"img_5976\"\n                    alt=\"img_5976\"\n                    src=\"http:\/\/www.karate-neuhofen.at\/wp-content\/gallery\/4-trainingslager-in-gnas\/thumbs\/thumbs_img_5976.jpg\"\n                    width=\"100\"\n                    height=\"66\"\n                    style=\"max-width:100%;\"\n                \/>\n            <\/a>\n        <\/div>\n\t\t\t\t\t\t\t<\/div> \n\t\t\t\n        \n\t\t\t\t<div id=\"ngg-image-142\" class=\"ngg-gallery-thumbnail-box\" >\n\t\t\t\t        <div class=\"ngg-gallery-thumbnail\">\n            <a href=\"http:\/\/www.karate-neuhofen.at\/wp-content\/gallery\/4-trainingslager-in-gnas\/img_5979.jpg\"\n               title=\"\"\n               data-src=\"http:\/\/www.karate-neuhofen.at\/wp-content\/gallery\/4-trainingslager-in-gnas\/img_5979.jpg\"\n               data-thumbnail=\"http:\/\/www.karate-neuhofen.at\/wp-content\/gallery\/4-trainingslager-in-gnas\/thumbs\/thumbs_img_5979.jpg\"\n               data-image-id=\"8767\"\n               data-title=\"img_5979\"\n               data-description=\"\"\n               data-image-slug=\"img_5979\"\n               class=\"shutterset_56480b96342f806dde94ad9c88fb8675\">\n                <img\n                    title=\"img_5979\"\n                    alt=\"img_5979\"\n                    src=\"http:\/\/www.karate-neuhofen.at\/wp-content\/gallery\/4-trainingslager-in-gnas\/thumbs\/thumbs_img_5979.jpg\"\n                    width=\"100\"\n                    height=\"66\"\n                    style=\"max-width:100%;\"\n                \/>\n            <\/a>\n        <\/div>\n\t\t\t\t\t\t\t<\/div> \n\t\t\t\n        \n\t\t\t\t<div id=\"ngg-image-143\" class=\"ngg-gallery-thumbnail-box\" >\n\t\t\t\t        <div class=\"ngg-gallery-thumbnail\">\n            <a href=\"http:\/\/www.karate-neuhofen.at\/wp-content\/gallery\/4-trainingslager-in-gnas\/img_5981.jpg\"\n               title=\"\"\n               data-src=\"http:\/\/www.karate-neuhofen.at\/wp-content\/gallery\/4-trainingslager-in-gnas\/img_5981.jpg\"\n               data-thumbnail=\"http:\/\/www.karate-neuhofen.at\/wp-content\/gallery\/4-trainingslager-in-gnas\/thumbs\/thumbs_img_5981.jpg\"\n               data-image-id=\"8768\"\n               data-title=\"img_5981\"\n               data-description=\"\"\n               data-image-slug=\"img_5981\"\n               class=\"shutterset_56480b96342f806dde94ad9c88fb8675\">\n                <img\n                    title=\"img_5981\"\n                    alt=\"img_5981\"\n                    src=\"http:\/\/www.karate-neuhofen.at\/wp-content\/gallery\/4-trainingslager-in-gnas\/thumbs\/thumbs_img_5981.jpg\"\n                    width=\"100\"\n                    height=\"66\"\n                    style=\"max-width:100%;\"\n                \/>\n            <\/a>\n        <\/div>\n\t\t\t\t\t\t\t<\/div> \n\t\t\t\n        \n\t\t\t\t<div id=\"ngg-image-144\" class=\"ngg-gallery-thumbnail-box\" >\n\t\t\t\t        <div class=\"ngg-gallery-thumbnail\">\n            <a href=\"http:\/\/www.karate-neuhofen.at\/wp-content\/gallery\/4-trainingslager-in-gnas\/img_5982.jpg\"\n               title=\"\"\n               data-src=\"http:\/\/www.karate-neuhofen.at\/wp-content\/gallery\/4-trainingslager-in-gnas\/img_5982.jpg\"\n               data-thumbnail=\"http:\/\/www.karate-neuhofen.at\/wp-content\/gallery\/4-trainingslager-in-gnas\/thumbs\/thumbs_img_5982.jpg\"\n               data-image-id=\"8769\"\n               data-title=\"img_5982\"\n               data-description=\"\"\n               data-image-slug=\"img_5982\"\n               class=\"shutterset_56480b96342f806dde94ad9c88fb8675\">\n                <img\n                    title=\"img_5982\"\n                    alt=\"img_5982\"\n                    src=\"http:\/\/www.karate-neuhofen.at\/wp-content\/gallery\/4-trainingslager-in-gnas\/thumbs\/thumbs_img_5982.jpg\"\n                    width=\"100\"\n                    height=\"66\"\n                    style=\"max-width:100%;\"\n                \/>\n            <\/a>\n        <\/div>\n\t\t\t\t\t\t\t<\/div> \n\t\t\t\n        \n\t\t\t\t<div id=\"ngg-image-145\" class=\"ngg-gallery-thumbnail-box\" >\n\t\t\t\t        <div class=\"ngg-gallery-thumbnail\">\n            <a href=\"http:\/\/www.karate-neuhofen.at\/wp-content\/gallery\/4-trainingslager-in-gnas\/img_5983.jpg\"\n               title=\"\"\n               data-src=\"http:\/\/www.karate-neuhofen.at\/wp-content\/gallery\/4-trainingslager-in-gnas\/img_5983.jpg\"\n               data-thumbnail=\"http:\/\/www.karate-neuhofen.at\/wp-content\/gallery\/4-trainingslager-in-gnas\/thumbs\/thumbs_img_5983.jpg\"\n               data-image-id=\"8770\"\n               data-title=\"img_5983\"\n               data-description=\"\"\n               data-image-slug=\"img_5983\"\n               class=\"shutterset_56480b96342f806dde94ad9c88fb8675\">\n                <img\n                    title=\"img_5983\"\n                    alt=\"img_5983\"\n                    src=\"http:\/\/www.karate-neuhofen.at\/wp-content\/gallery\/4-trainingslager-in-gnas\/thumbs\/thumbs_img_5983.jpg\"\n                    width=\"50\"\n                    height=\"75\"\n                    style=\"max-width:100%;\"\n                \/>\n            <\/a>\n        <\/div>\n\t\t\t\t\t\t\t<\/div> \n\t\t\t\n        \n\t\t\t\t<div id=\"ngg-image-146\" class=\"ngg-gallery-thumbnail-box\" >\n\t\t\t\t        <div class=\"ngg-gallery-thumbnail\">\n            <a href=\"http:\/\/www.karate-neuhofen.at\/wp-content\/gallery\/4-trainingslager-in-gnas\/img_5985.jpg\"\n               title=\"\"\n               data-src=\"http:\/\/www.karate-neuhofen.at\/wp-content\/gallery\/4-trainingslager-in-gnas\/img_5985.jpg\"\n               data-thumbnail=\"http:\/\/www.karate-neuhofen.at\/wp-content\/gallery\/4-trainingslager-in-gnas\/thumbs\/thumbs_img_5985.jpg\"\n               data-image-id=\"8771\"\n               data-title=\"img_5985\"\n               data-description=\"\"\n               data-image-slug=\"img_5985\"\n               class=\"shutterset_56480b96342f806dde94ad9c88fb8675\">\n                <img\n                    title=\"img_5985\"\n                    alt=\"img_5985\"\n                    src=\"http:\/\/www.karate-neuhofen.at\/wp-content\/gallery\/4-trainingslager-in-gnas\/thumbs\/thumbs_img_5985.jpg\"\n                    width=\"100\"\n                    height=\"66\"\n                    style=\"max-width:100%;\"\n                \/>\n            <\/a>\n        <\/div>\n\t\t\t\t\t\t\t<\/div> \n\t\t\t\n        \n\t\t\t\t<div id=\"ngg-image-147\" class=\"ngg-gallery-thumbnail-box\" >\n\t\t\t\t        <div class=\"ngg-gallery-thumbnail\">\n            <a href=\"http:\/\/www.karate-neuhofen.at\/wp-content\/gallery\/4-trainingslager-in-gnas\/img_5987.jpg\"\n               title=\"\"\n               data-src=\"http:\/\/www.karate-neuhofen.at\/wp-content\/gallery\/4-trainingslager-in-gnas\/img_5987.jpg\"\n               data-thumbnail=\"http:\/\/www.karate-neuhofen.at\/wp-content\/gallery\/4-trainingslager-in-gnas\/thumbs\/thumbs_img_5987.jpg\"\n               data-image-id=\"8772\"\n               data-title=\"img_5987\"\n               data-description=\"\"\n               data-image-slug=\"img_5987\"\n               class=\"shutterset_56480b96342f806dde94ad9c88fb8675\">\n                <img\n                    title=\"img_5987\"\n                    alt=\"img_5987\"\n                    src=\"http:\/\/www.karate-neuhofen.at\/wp-content\/gallery\/4-trainingslager-in-gnas\/thumbs\/thumbs_img_5987.jpg\"\n                    width=\"100\"\n                    height=\"66\"\n                    style=\"max-width:100%;\"\n                \/>\n            <\/a>\n        <\/div>\n\t\t\t\t\t\t\t<\/div> \n\t\t\t\n        \n\t\t\t\t<div id=\"ngg-image-148\" class=\"ngg-gallery-thumbnail-box\" >\n\t\t\t\t        <div class=\"ngg-gallery-thumbnail\">\n            <a href=\"http:\/\/www.karate-neuhofen.at\/wp-content\/gallery\/4-trainingslager-in-gnas\/img_5988.jpg\"\n               title=\"\"\n               data-src=\"http:\/\/www.karate-neuhofen.at\/wp-content\/gallery\/4-trainingslager-in-gnas\/img_5988.jpg\"\n               data-thumbnail=\"http:\/\/www.karate-neuhofen.at\/wp-content\/gallery\/4-trainingslager-in-gnas\/thumbs\/thumbs_img_5988.jpg\"\n               data-image-id=\"8773\"\n               data-title=\"img_5988\"\n               data-description=\"\"\n               data-image-slug=\"img_5988\"\n               class=\"shutterset_56480b96342f806dde94ad9c88fb8675\">\n                <img\n                    title=\"img_5988\"\n                    alt=\"img_5988\"\n                    src=\"http:\/\/www.karate-neuhofen.at\/wp-content\/gallery\/4-trainingslager-in-gnas\/thumbs\/thumbs_img_5988.jpg\"\n                    width=\"100\"\n                    height=\"66\"\n                    style=\"max-width:100%;\"\n                \/>\n            <\/a>\n        <\/div>\n\t\t\t\t\t\t\t<\/div> \n\t\t\t\n        \n\t\t\t\t<div id=\"ngg-image-149\" class=\"ngg-gallery-thumbnail-box\" >\n\t\t\t\t        <div class=\"ngg-gallery-thumbnail\">\n            <a href=\"http:\/\/www.karate-neuhofen.at\/wp-content\/gallery\/4-trainingslager-in-gnas\/img_5989.jpg\"\n               title=\"\"\n               data-src=\"http:\/\/www.karate-neuhofen.at\/wp-content\/gallery\/4-trainingslager-in-gnas\/img_5989.jpg\"\n               data-thumbnail=\"http:\/\/www.karate-neuhofen.at\/wp-content\/gallery\/4-trainingslager-in-gnas\/thumbs\/thumbs_img_5989.jpg\"\n               data-image-id=\"8774\"\n               data-title=\"img_5989\"\n               data-description=\"\"\n               data-image-slug=\"img_5989\"\n               class=\"shutterset_56480b96342f806dde94ad9c88fb8675\">\n                <img\n                    title=\"img_5989\"\n                    alt=\"img_5989\"\n                    src=\"http:\/\/www.karate-neuhofen.at\/wp-content\/gallery\/4-trainingslager-in-gnas\/thumbs\/thumbs_img_5989.jpg\"\n                    width=\"100\"\n                    height=\"66\"\n                    style=\"max-width:100%;\"\n                \/>\n            <\/a>\n        <\/div>\n\t\t\t\t\t\t\t<\/div> \n\t\t\t\n        \n\t\t\t\t<div id=\"ngg-image-150\" class=\"ngg-gallery-thumbnail-box\" >\n\t\t\t\t        <div class=\"ngg-gallery-thumbnail\">\n            <a href=\"http:\/\/www.karate-neuhofen.at\/wp-content\/gallery\/4-trainingslager-in-gnas\/img_5990.jpg\"\n               title=\"\"\n               data-src=\"http:\/\/www.karate-neuhofen.at\/wp-content\/gallery\/4-trainingslager-in-gnas\/img_5990.jpg\"\n               data-thumbnail=\"http:\/\/www.karate-neuhofen.at\/wp-content\/gallery\/4-trainingslager-in-gnas\/thumbs\/thumbs_img_5990.jpg\"\n               data-image-id=\"8775\"\n               data-title=\"img_5990\"\n               data-description=\"\"\n               data-image-slug=\"img_5990\"\n               class=\"shutterset_56480b96342f806dde94ad9c88fb8675\">\n                <img\n                    title=\"img_5990\"\n                    alt=\"img_5990\"\n                    src=\"http:\/\/www.karate-neuhofen.at\/wp-content\/gallery\/4-trainingslager-in-gnas\/thumbs\/thumbs_img_5990.jpg\"\n                    width=\"100\"\n                    height=\"66\"\n                    style=\"max-width:100%;\"\n                \/>\n            <\/a>\n        <\/div>\n\t\t\t\t\t\t\t<\/div> \n\t\t\t\n        \n\t\t\t\t<div id=\"ngg-image-151\" class=\"ngg-gallery-thumbnail-box\" >\n\t\t\t\t        <div class=\"ngg-gallery-thumbnail\">\n            <a href=\"http:\/\/www.karate-neuhofen.at\/wp-content\/gallery\/4-trainingslager-in-gnas\/img_5992.jpg\"\n               title=\"\"\n               data-src=\"http:\/\/www.karate-neuhofen.at\/wp-content\/gallery\/4-trainingslager-in-gnas\/img_5992.jpg\"\n               data-thumbnail=\"http:\/\/www.karate-neuhofen.at\/wp-content\/gallery\/4-trainingslager-in-gnas\/thumbs\/thumbs_img_5992.jpg\"\n               data-image-id=\"8776\"\n               data-title=\"img_5992\"\n               data-description=\"\"\n               data-image-slug=\"img_5992\"\n               class=\"shutterset_56480b96342f806dde94ad9c88fb8675\">\n                <img\n                    title=\"img_5992\"\n                    alt=\"img_5992\"\n                    src=\"http:\/\/www.karate-neuhofen.at\/wp-content\/gallery\/4-trainingslager-in-gnas\/thumbs\/thumbs_img_5992.jpg\"\n                    width=\"100\"\n                    height=\"66\"\n                    style=\"max-width:100%;\"\n                \/>\n            <\/a>\n        <\/div>\n\t\t\t\t\t\t\t<\/div> \n\t\t\t\n        \n\t\t\t\t<div id=\"ngg-image-152\" class=\"ngg-gallery-thumbnail-box\" >\n\t\t\t\t        <div class=\"ngg-gallery-thumbnail\">\n            <a href=\"http:\/\/www.karate-neuhofen.at\/wp-content\/gallery\/4-trainingslager-in-gnas\/img_5994.jpg\"\n               title=\"\"\n               data-src=\"http:\/\/www.karate-neuhofen.at\/wp-content\/gallery\/4-trainingslager-in-gnas\/img_5994.jpg\"\n               data-thumbnail=\"http:\/\/www.karate-neuhofen.at\/wp-content\/gallery\/4-trainingslager-in-gnas\/thumbs\/thumbs_img_5994.jpg\"\n               data-image-id=\"8777\"\n               data-title=\"img_5994\"\n               data-description=\"\"\n               data-image-slug=\"img_5994\"\n               class=\"shutterset_56480b96342f806dde94ad9c88fb8675\">\n                <img\n                    title=\"img_5994\"\n                    alt=\"img_5994\"\n                    src=\"http:\/\/www.karate-neuhofen.at\/wp-content\/gallery\/4-trainingslager-in-gnas\/thumbs\/thumbs_img_5994.jpg\"\n                    width=\"100\"\n                    height=\"66\"\n                    style=\"max-width:100%;\"\n                \/>\n            <\/a>\n        <\/div>\n\t\t\t\t\t\t\t<\/div> \n\t\t\t\n        \n\t\t\t\t<div id=\"ngg-image-153\" class=\"ngg-gallery-thumbnail-box\" >\n\t\t\t\t        <div class=\"ngg-gallery-thumbnail\">\n            <a href=\"http:\/\/www.karate-neuhofen.at\/wp-content\/gallery\/4-trainingslager-in-gnas\/img_5995.jpg\"\n               title=\"\"\n               data-src=\"http:\/\/www.karate-neuhofen.at\/wp-content\/gallery\/4-trainingslager-in-gnas\/img_5995.jpg\"\n               data-thumbnail=\"http:\/\/www.karate-neuhofen.at\/wp-content\/gallery\/4-trainingslager-in-gnas\/thumbs\/thumbs_img_5995.jpg\"\n               data-image-id=\"8778\"\n               data-title=\"img_5995\"\n               data-description=\"\"\n               data-image-slug=\"img_5995\"\n               class=\"shutterset_56480b96342f806dde94ad9c88fb8675\">\n                <img\n                    title=\"img_5995\"\n                    alt=\"img_5995\"\n                    src=\"http:\/\/www.karate-neuhofen.at\/wp-content\/gallery\/4-trainingslager-in-gnas\/thumbs\/thumbs_img_5995.jpg\"\n                    width=\"100\"\n                    height=\"66\"\n                    style=\"max-width:100%;\"\n                \/>\n            <\/a>\n        <\/div>\n\t\t\t\t\t\t\t<\/div> \n\t\t\t\n        \n\t\t\t\t<div id=\"ngg-image-154\" class=\"ngg-gallery-thumbnail-box\" >\n\t\t\t\t        <div class=\"ngg-gallery-thumbnail\">\n            <a href=\"http:\/\/www.karate-neuhofen.at\/wp-content\/gallery\/4-trainingslager-in-gnas\/img_6001.jpg\"\n               title=\"\"\n               data-src=\"http:\/\/www.karate-neuhofen.at\/wp-content\/gallery\/4-trainingslager-in-gnas\/img_6001.jpg\"\n               data-thumbnail=\"http:\/\/www.karate-neuhofen.at\/wp-content\/gallery\/4-trainingslager-in-gnas\/thumbs\/thumbs_img_6001.jpg\"\n               data-image-id=\"8779\"\n               data-title=\"img_6001\"\n               data-description=\"\"\n               data-image-slug=\"img_6001\"\n               class=\"shutterset_56480b96342f806dde94ad9c88fb8675\">\n                <img\n                    title=\"img_6001\"\n                    alt=\"img_6001\"\n                    src=\"http:\/\/www.karate-neuhofen.at\/wp-content\/gallery\/4-trainingslager-in-gnas\/thumbs\/thumbs_img_6001.jpg\"\n                    width=\"100\"\n                    height=\"66\"\n                    style=\"max-width:100%;\"\n                \/>\n            <\/a>\n        <\/div>\n\t\t\t\t\t\t\t<\/div> \n\t\t\t\n        \n\t\t\t\t<div id=\"ngg-image-155\" class=\"ngg-gallery-thumbnail-box\" >\n\t\t\t\t        <div class=\"ngg-gallery-thumbnail\">\n            <a href=\"http:\/\/www.karate-neuhofen.at\/wp-content\/gallery\/4-trainingslager-in-gnas\/img_6003.jpg\"\n               title=\"\"\n               data-src=\"http:\/\/www.karate-neuhofen.at\/wp-content\/gallery\/4-trainingslager-in-gnas\/img_6003.jpg\"\n               data-thumbnail=\"http:\/\/www.karate-neuhofen.at\/wp-content\/gallery\/4-trainingslager-in-gnas\/thumbs\/thumbs_img_6003.jpg\"\n               data-image-id=\"8780\"\n               data-title=\"img_6003\"\n               data-description=\"\"\n               data-image-slug=\"img_6003\"\n               class=\"shutterset_56480b96342f806dde94ad9c88fb8675\">\n                <img\n                    title=\"img_6003\"\n                    alt=\"img_6003\"\n                    src=\"http:\/\/www.karate-neuhofen.at\/wp-content\/gallery\/4-trainingslager-in-gnas\/thumbs\/thumbs_img_6003.jpg\"\n                    width=\"100\"\n                    height=\"66\"\n                    style=\"max-width:100%;\"\n                \/>\n            <\/a>\n        <\/div>\n\t\t\t\t\t\t\t<\/div> \n\t\t\t\n        \n\t\t\t\t<div id=\"ngg-image-156\" class=\"ngg-gallery-thumbnail-box\" >\n\t\t\t\t        <div class=\"ngg-gallery-thumbnail\">\n            <a href=\"http:\/\/www.karate-neuhofen.at\/wp-content\/gallery\/4-trainingslager-in-gnas\/img_6004.jpg\"\n               title=\"\"\n               data-src=\"http:\/\/www.karate-neuhofen.at\/wp-content\/gallery\/4-trainingslager-in-gnas\/img_6004.jpg\"\n               data-thumbnail=\"http:\/\/www.karate-neuhofen.at\/wp-content\/gallery\/4-trainingslager-in-gnas\/thumbs\/thumbs_img_6004.jpg\"\n               data-image-id=\"8781\"\n               data-title=\"img_6004\"\n               data-description=\"\"\n               data-image-slug=\"img_6004\"\n               class=\"shutterset_56480b96342f806dde94ad9c88fb8675\">\n                <img\n                    title=\"img_6004\"\n                    alt=\"img_6004\"\n                    src=\"http:\/\/www.karate-neuhofen.at\/wp-content\/gallery\/4-trainingslager-in-gnas\/thumbs\/thumbs_img_6004.jpg\"\n                    width=\"100\"\n                    height=\"66\"\n                    style=\"max-width:100%;\"\n                \/>\n            <\/a>\n        <\/div>\n\t\t\t\t\t\t\t<\/div> \n\t\t\t\n        \n\t\t\t\t<div id=\"ngg-image-157\" class=\"ngg-gallery-thumbnail-box\" >\n\t\t\t\t        <div class=\"ngg-gallery-thumbnail\">\n            <a href=\"http:\/\/www.karate-neuhofen.at\/wp-content\/gallery\/4-trainingslager-in-gnas\/img_6005.jpg\"\n               title=\"\"\n               data-src=\"http:\/\/www.karate-neuhofen.at\/wp-content\/gallery\/4-trainingslager-in-gnas\/img_6005.jpg\"\n               data-thumbnail=\"http:\/\/www.karate-neuhofen.at\/wp-content\/gallery\/4-trainingslager-in-gnas\/thumbs\/thumbs_img_6005.jpg\"\n               data-image-id=\"8782\"\n               data-title=\"img_6005\"\n               data-description=\"\"\n               data-image-slug=\"img_6005\"\n               class=\"shutterset_56480b96342f806dde94ad9c88fb8675\">\n                <img\n                    title=\"img_6005\"\n                    alt=\"img_6005\"\n                    src=\"http:\/\/www.karate-neuhofen.at\/wp-content\/gallery\/4-trainingslager-in-gnas\/thumbs\/thumbs_img_6005.jpg\"\n                    width=\"100\"\n                    height=\"66\"\n                    style=\"max-width:100%;\"\n                \/>\n            <\/a>\n        <\/div>\n\t\t\t\t\t\t\t<\/div> \n\t\t\t\n        \n\t\t\t\t<div id=\"ngg-image-158\" class=\"ngg-gallery-thumbnail-box\" >\n\t\t\t\t        <div class=\"ngg-gallery-thumbnail\">\n            <a href=\"http:\/\/www.karate-neuhofen.at\/wp-content\/gallery\/4-trainingslager-in-gnas\/img_6007.jpg\"\n               title=\"\"\n               data-src=\"http:\/\/www.karate-neuhofen.at\/wp-content\/gallery\/4-trainingslager-in-gnas\/img_6007.jpg\"\n               data-thumbnail=\"http:\/\/www.karate-neuhofen.at\/wp-content\/gallery\/4-trainingslager-in-gnas\/thumbs\/thumbs_img_6007.jpg\"\n               data-image-id=\"8783\"\n               data-title=\"img_6007\"\n               data-description=\"\"\n               data-image-slug=\"img_6007\"\n               class=\"shutterset_56480b96342f806dde94ad9c88fb8675\">\n                <img\n                    title=\"img_6007\"\n                    alt=\"img_6007\"\n                    src=\"http:\/\/www.karate-neuhofen.at\/wp-content\/gallery\/4-trainingslager-in-gnas\/thumbs\/thumbs_img_6007.jpg\"\n                    width=\"100\"\n                    height=\"66\"\n                    style=\"max-width:100%;\"\n                \/>\n            <\/a>\n        <\/div>\n\t\t\t\t\t\t\t<\/div> \n\t\t\t\n        \n\t\t\t\t<div id=\"ngg-image-159\" class=\"ngg-gallery-thumbnail-box\" >\n\t\t\t\t        <div class=\"ngg-gallery-thumbnail\">\n            <a href=\"http:\/\/www.karate-neuhofen.at\/wp-content\/gallery\/4-trainingslager-in-gnas\/img_6008.jpg\"\n               title=\"\"\n               data-src=\"http:\/\/www.karate-neuhofen.at\/wp-content\/gallery\/4-trainingslager-in-gnas\/img_6008.jpg\"\n               data-thumbnail=\"http:\/\/www.karate-neuhofen.at\/wp-content\/gallery\/4-trainingslager-in-gnas\/thumbs\/thumbs_img_6008.jpg\"\n               data-image-id=\"8784\"\n               data-title=\"img_6008\"\n               data-description=\"\"\n               data-image-slug=\"img_6008\"\n               class=\"shutterset_56480b96342f806dde94ad9c88fb8675\">\n                <img\n                    title=\"img_6008\"\n                    alt=\"img_6008\"\n                    src=\"http:\/\/www.karate-neuhofen.at\/wp-content\/gallery\/4-trainingslager-in-gnas\/thumbs\/thumbs_img_6008.jpg\"\n                    width=\"100\"\n                    height=\"66\"\n                    style=\"max-width:100%;\"\n                \/>\n            <\/a>\n        <\/div>\n\t\t\t\t\t\t\t<\/div> \n\t\t\t\n        \n\t\t\t\t<div id=\"ngg-image-160\" class=\"ngg-gallery-thumbnail-box\" >\n\t\t\t\t        <div class=\"ngg-gallery-thumbnail\">\n            <a href=\"http:\/\/www.karate-neuhofen.at\/wp-content\/gallery\/4-trainingslager-in-gnas\/img_6009.jpg\"\n               title=\"\"\n               data-src=\"http:\/\/www.karate-neuhofen.at\/wp-content\/gallery\/4-trainingslager-in-gnas\/img_6009.jpg\"\n               data-thumbnail=\"http:\/\/www.karate-neuhofen.at\/wp-content\/gallery\/4-trainingslager-in-gnas\/thumbs\/thumbs_img_6009.jpg\"\n               data-image-id=\"8785\"\n               data-title=\"img_6009\"\n               data-description=\"\"\n               data-image-slug=\"img_6009\"\n               class=\"shutterset_56480b96342f806dde94ad9c88fb8675\">\n                <img\n                    title=\"img_6009\"\n                    alt=\"img_6009\"\n                    src=\"http:\/\/www.karate-neuhofen.at\/wp-content\/gallery\/4-trainingslager-in-gnas\/thumbs\/thumbs_img_6009.jpg\"\n                    width=\"100\"\n                    height=\"66\"\n                    style=\"max-width:100%;\"\n                \/>\n            <\/a>\n        <\/div>\n\t\t\t\t\t\t\t<\/div> \n\t\t\t\n        \n\t\t\t\t<div id=\"ngg-image-161\" class=\"ngg-gallery-thumbnail-box\" >\n\t\t\t\t        <div class=\"ngg-gallery-thumbnail\">\n            <a href=\"http:\/\/www.karate-neuhofen.at\/wp-content\/gallery\/4-trainingslager-in-gnas\/img_6010.jpg\"\n               title=\"\"\n               data-src=\"http:\/\/www.karate-neuhofen.at\/wp-content\/gallery\/4-trainingslager-in-gnas\/img_6010.jpg\"\n               data-thumbnail=\"http:\/\/www.karate-neuhofen.at\/wp-content\/gallery\/4-trainingslager-in-gnas\/thumbs\/thumbs_img_6010.jpg\"\n               data-image-id=\"8786\"\n               data-title=\"img_6010\"\n               data-description=\"\"\n               data-image-slug=\"img_6010\"\n               class=\"shutterset_56480b96342f806dde94ad9c88fb8675\">\n                <img\n                    title=\"img_6010\"\n                    alt=\"img_6010\"\n                    src=\"http:\/\/www.karate-neuhofen.at\/wp-content\/gallery\/4-trainingslager-in-gnas\/thumbs\/thumbs_img_6010.jpg\"\n                    width=\"100\"\n                    height=\"66\"\n                    style=\"max-width:100%;\"\n                \/>\n            <\/a>\n        <\/div>\n\t\t\t\t\t\t\t<\/div> \n\t\t\t\n        \n\t\t\t\t<div id=\"ngg-image-162\" class=\"ngg-gallery-thumbnail-box\" >\n\t\t\t\t        <div class=\"ngg-gallery-thumbnail\">\n            <a href=\"http:\/\/www.karate-neuhofen.at\/wp-content\/gallery\/4-trainingslager-in-gnas\/img_6011.jpg\"\n               title=\"\"\n               data-src=\"http:\/\/www.karate-neuhofen.at\/wp-content\/gallery\/4-trainingslager-in-gnas\/img_6011.jpg\"\n               data-thumbnail=\"http:\/\/www.karate-neuhofen.at\/wp-content\/gallery\/4-trainingslager-in-gnas\/thumbs\/thumbs_img_6011.jpg\"\n               data-image-id=\"8787\"\n               data-title=\"img_6011\"\n               data-description=\"\"\n               data-image-slug=\"img_6011\"\n               class=\"shutterset_56480b96342f806dde94ad9c88fb8675\">\n                <img\n                    title=\"img_6011\"\n                    alt=\"img_6011\"\n                    src=\"http:\/\/www.karate-neuhofen.at\/wp-content\/gallery\/4-trainingslager-in-gnas\/thumbs\/thumbs_img_6011.jpg\"\n                    width=\"100\"\n                    height=\"66\"\n                    style=\"max-width:100%;\"\n                \/>\n            <\/a>\n        <\/div>\n\t\t\t\t\t\t\t<\/div> \n\t\t\t\n        \n\t\t\t\t<div id=\"ngg-image-163\" class=\"ngg-gallery-thumbnail-box\" >\n\t\t\t\t        <div class=\"ngg-gallery-thumbnail\">\n            <a href=\"http:\/\/www.karate-neuhofen.at\/wp-content\/gallery\/4-trainingslager-in-gnas\/img_6013.jpg\"\n               title=\"\"\n               data-src=\"http:\/\/www.karate-neuhofen.at\/wp-content\/gallery\/4-trainingslager-in-gnas\/img_6013.jpg\"\n               data-thumbnail=\"http:\/\/www.karate-neuhofen.at\/wp-content\/gallery\/4-trainingslager-in-gnas\/thumbs\/thumbs_img_6013.jpg\"\n               data-image-id=\"8788\"\n               data-title=\"img_6013\"\n               data-description=\"\"\n               data-image-slug=\"img_6013\"\n               class=\"shutterset_56480b96342f806dde94ad9c88fb8675\">\n                <img\n                    title=\"img_6013\"\n                    alt=\"img_6013\"\n                    src=\"http:\/\/www.karate-neuhofen.at\/wp-content\/gallery\/4-trainingslager-in-gnas\/thumbs\/thumbs_img_6013.jpg\"\n                    width=\"100\"\n                    height=\"66\"\n                    style=\"max-width:100%;\"\n                \/>\n            <\/a>\n        <\/div>\n\t\t\t\t\t\t\t<\/div> \n\t\t\t\n        \n\t\t\t\t<div id=\"ngg-image-164\" class=\"ngg-gallery-thumbnail-box\" >\n\t\t\t\t        <div class=\"ngg-gallery-thumbnail\">\n            <a href=\"http:\/\/www.karate-neuhofen.at\/wp-content\/gallery\/4-trainingslager-in-gnas\/img_6014.jpg\"\n               title=\"\"\n               data-src=\"http:\/\/www.karate-neuhofen.at\/wp-content\/gallery\/4-trainingslager-in-gnas\/img_6014.jpg\"\n               data-thumbnail=\"http:\/\/www.karate-neuhofen.at\/wp-content\/gallery\/4-trainingslager-in-gnas\/thumbs\/thumbs_img_6014.jpg\"\n               data-image-id=\"8789\"\n               data-title=\"img_6014\"\n               data-description=\"\"\n               data-image-slug=\"img_6014\"\n               class=\"shutterset_56480b96342f806dde94ad9c88fb8675\">\n                <img\n                    title=\"img_6014\"\n                    alt=\"img_6014\"\n                    src=\"http:\/\/www.karate-neuhofen.at\/wp-content\/gallery\/4-trainingslager-in-gnas\/thumbs\/thumbs_img_6014.jpg\"\n                    width=\"100\"\n                    height=\"66\"\n                    style=\"max-width:100%;\"\n                \/>\n            <\/a>\n        <\/div>\n\t\t\t\t\t\t\t<\/div> \n\t\t\t\n        \n\t\t\t\t<div id=\"ngg-image-165\" class=\"ngg-gallery-thumbnail-box\" >\n\t\t\t\t        <div class=\"ngg-gallery-thumbnail\">\n            <a href=\"http:\/\/www.karate-neuhofen.at\/wp-content\/gallery\/4-trainingslager-in-gnas\/img_6016.jpg\"\n               title=\"\"\n               data-src=\"http:\/\/www.karate-neuhofen.at\/wp-content\/gallery\/4-trainingslager-in-gnas\/img_6016.jpg\"\n               data-thumbnail=\"http:\/\/www.karate-neuhofen.at\/wp-content\/gallery\/4-trainingslager-in-gnas\/thumbs\/thumbs_img_6016.jpg\"\n               data-image-id=\"8790\"\n               data-title=\"img_6016\"\n               data-description=\"\"\n               data-image-slug=\"img_6016\"\n               class=\"shutterset_56480b96342f806dde94ad9c88fb8675\">\n                <img\n                    title=\"img_6016\"\n                    alt=\"img_6016\"\n                    src=\"http:\/\/www.karate-neuhofen.at\/wp-content\/gallery\/4-trainingslager-in-gnas\/thumbs\/thumbs_img_6016.jpg\"\n                    width=\"100\"\n                    height=\"66\"\n                    style=\"max-width:100%;\"\n                \/>\n            <\/a>\n        <\/div>\n\t\t\t\t\t\t\t<\/div> \n\t\t\t\n        \n\t\t\t\t<div id=\"ngg-image-166\" class=\"ngg-gallery-thumbnail-box\" >\n\t\t\t\t        <div class=\"ngg-gallery-thumbnail\">\n            <a href=\"http:\/\/www.karate-neuhofen.at\/wp-content\/gallery\/4-trainingslager-in-gnas\/img_6018.jpg\"\n               title=\"\"\n               data-src=\"http:\/\/www.karate-neuhofen.at\/wp-content\/gallery\/4-trainingslager-in-gnas\/img_6018.jpg\"\n               data-thumbnail=\"http:\/\/www.karate-neuhofen.at\/wp-content\/gallery\/4-trainingslager-in-gnas\/thumbs\/thumbs_img_6018.jpg\"\n               data-image-id=\"8791\"\n               data-title=\"img_6018\"\n               data-description=\"\"\n               data-image-slug=\"img_6018\"\n               class=\"shutterset_56480b96342f806dde94ad9c88fb8675\">\n                <img\n                    title=\"img_6018\"\n                    alt=\"img_6018\"\n                    src=\"http:\/\/www.karate-neuhofen.at\/wp-content\/gallery\/4-trainingslager-in-gnas\/thumbs\/thumbs_img_6018.jpg\"\n                    width=\"50\"\n                    height=\"75\"\n                    style=\"max-width:100%;\"\n                \/>\n            <\/a>\n        <\/div>\n\t\t\t\t\t\t\t<\/div> \n\t\t\t\n        \n\t\t\t\t<div id=\"ngg-image-167\" class=\"ngg-gallery-thumbnail-box\" >\n\t\t\t\t        <div class=\"ngg-gallery-thumbnail\">\n            <a href=\"http:\/\/www.karate-neuhofen.at\/wp-content\/gallery\/4-trainingslager-in-gnas\/img_6019.jpg\"\n               title=\"\"\n               data-src=\"http:\/\/www.karate-neuhofen.at\/wp-content\/gallery\/4-trainingslager-in-gnas\/img_6019.jpg\"\n               data-thumbnail=\"http:\/\/www.karate-neuhofen.at\/wp-content\/gallery\/4-trainingslager-in-gnas\/thumbs\/thumbs_img_6019.jpg\"\n               data-image-id=\"8792\"\n               data-title=\"img_6019\"\n               data-description=\"\"\n               data-image-slug=\"img_6019\"\n               class=\"shutterset_56480b96342f806dde94ad9c88fb8675\">\n                <img\n                    title=\"img_6019\"\n                    alt=\"img_6019\"\n                    src=\"http:\/\/www.karate-neuhofen.at\/wp-content\/gallery\/4-trainingslager-in-gnas\/thumbs\/thumbs_img_6019.jpg\"\n                    width=\"100\"\n                    height=\"66\"\n                    style=\"max-width:100%;\"\n                \/>\n            <\/a>\n        <\/div>\n\t\t\t\t\t\t\t<\/div> \n\t\t\t\n        \n\t\t\t\t<div id=\"ngg-image-168\" class=\"ngg-gallery-thumbnail-box\" >\n\t\t\t\t        <div class=\"ngg-gallery-thumbnail\">\n            <a href=\"http:\/\/www.karate-neuhofen.at\/wp-content\/gallery\/4-trainingslager-in-gnas\/img_6022.jpg\"\n               title=\"\"\n               data-src=\"http:\/\/www.karate-neuhofen.at\/wp-content\/gallery\/4-trainingslager-in-gnas\/img_6022.jpg\"\n               data-thumbnail=\"http:\/\/www.karate-neuhofen.at\/wp-content\/gallery\/4-trainingslager-in-gnas\/thumbs\/thumbs_img_6022.jpg\"\n               data-image-id=\"8793\"\n               data-title=\"img_6022\"\n               data-description=\"\"\n               data-image-slug=\"img_6022\"\n               class=\"shutterset_56480b96342f806dde94ad9c88fb8675\">\n                <img\n                    title=\"img_6022\"\n                    alt=\"img_6022\"\n                    src=\"http:\/\/www.karate-neuhofen.at\/wp-content\/gallery\/4-trainingslager-in-gnas\/thumbs\/thumbs_img_6022.jpg\"\n                    width=\"100\"\n                    height=\"66\"\n                    style=\"max-width:100%;\"\n                \/>\n            <\/a>\n        <\/div>\n\t\t\t\t\t\t\t<\/div> \n\t\t\t\n        \n\t\t\t\t<div id=\"ngg-image-169\" class=\"ngg-gallery-thumbnail-box\" >\n\t\t\t\t        <div class=\"ngg-gallery-thumbnail\">\n            <a href=\"http:\/\/www.karate-neuhofen.at\/wp-content\/gallery\/4-trainingslager-in-gnas\/img_6023.jpg\"\n               title=\"\"\n               data-src=\"http:\/\/www.karate-neuhofen.at\/wp-content\/gallery\/4-trainingslager-in-gnas\/img_6023.jpg\"\n               data-thumbnail=\"http:\/\/www.karate-neuhofen.at\/wp-content\/gallery\/4-trainingslager-in-gnas\/thumbs\/thumbs_img_6023.jpg\"\n               data-image-id=\"8794\"\n               data-title=\"img_6023\"\n               data-description=\"\"\n               data-image-slug=\"img_6023\"\n               class=\"shutterset_56480b96342f806dde94ad9c88fb8675\">\n                <img\n                    title=\"img_6023\"\n                    alt=\"img_6023\"\n                    src=\"http:\/\/www.karate-neuhofen.at\/wp-content\/gallery\/4-trainingslager-in-gnas\/thumbs\/thumbs_img_6023.jpg\"\n                    width=\"100\"\n                    height=\"66\"\n                    style=\"max-width:100%;\"\n                \/>\n            <\/a>\n        <\/div>\n\t\t\t\t\t\t\t<\/div> \n\t\t\t\n        \n\t\t\t\t<div id=\"ngg-image-170\" class=\"ngg-gallery-thumbnail-box\" >\n\t\t\t\t        <div class=\"ngg-gallery-thumbnail\">\n            <a href=\"http:\/\/www.karate-neuhofen.at\/wp-content\/gallery\/4-trainingslager-in-gnas\/img_6026.jpg\"\n               title=\"\"\n               data-src=\"http:\/\/www.karate-neuhofen.at\/wp-content\/gallery\/4-trainingslager-in-gnas\/img_6026.jpg\"\n               data-thumbnail=\"http:\/\/www.karate-neuhofen.at\/wp-content\/gallery\/4-trainingslager-in-gnas\/thumbs\/thumbs_img_6026.jpg\"\n               data-image-id=\"8795\"\n               data-title=\"img_6026\"\n               data-description=\"\"\n               data-image-slug=\"img_6026\"\n               class=\"shutterset_56480b96342f806dde94ad9c88fb8675\">\n                <img\n                    title=\"img_6026\"\n                    alt=\"img_6026\"\n                    src=\"http:\/\/www.karate-neuhofen.at\/wp-content\/gallery\/4-trainingslager-in-gnas\/thumbs\/thumbs_img_6026.jpg\"\n                    width=\"100\"\n                    height=\"66\"\n                    style=\"max-width:100%;\"\n                \/>\n            <\/a>\n        <\/div>\n\t\t\t\t\t\t\t<\/div> \n\t\t\t\n        \n\t\t\t\t<div id=\"ngg-image-171\" class=\"ngg-gallery-thumbnail-box\" >\n\t\t\t\t        <div class=\"ngg-gallery-thumbnail\">\n            <a href=\"http:\/\/www.karate-neuhofen.at\/wp-content\/gallery\/4-trainingslager-in-gnas\/img_6027.jpg\"\n               title=\"\"\n               data-src=\"http:\/\/www.karate-neuhofen.at\/wp-content\/gallery\/4-trainingslager-in-gnas\/img_6027.jpg\"\n               data-thumbnail=\"http:\/\/www.karate-neuhofen.at\/wp-content\/gallery\/4-trainingslager-in-gnas\/thumbs\/thumbs_img_6027.jpg\"\n               data-image-id=\"8796\"\n               data-title=\"img_6027\"\n               data-description=\"\"\n               data-image-slug=\"img_6027\"\n               class=\"shutterset_56480b96342f806dde94ad9c88fb8675\">\n                <img\n                    title=\"img_6027\"\n                    alt=\"img_6027\"\n                    src=\"http:\/\/www.karate-neuhofen.at\/wp-content\/gallery\/4-trainingslager-in-gnas\/thumbs\/thumbs_img_6027.jpg\"\n                    width=\"100\"\n                    height=\"66\"\n                    style=\"max-width:100%;\"\n                \/>\n            <\/a>\n        <\/div>\n\t\t\t\t\t\t\t<\/div> \n\t\t\t\n        \n\t\t\t\t<div id=\"ngg-image-172\" class=\"ngg-gallery-thumbnail-box\" >\n\t\t\t\t        <div class=\"ngg-gallery-thumbnail\">\n            <a href=\"http:\/\/www.karate-neuhofen.at\/wp-content\/gallery\/4-trainingslager-in-gnas\/img_6028.jpg\"\n               title=\"\"\n               data-src=\"http:\/\/www.karate-neuhofen.at\/wp-content\/gallery\/4-trainingslager-in-gnas\/img_6028.jpg\"\n               data-thumbnail=\"http:\/\/www.karate-neuhofen.at\/wp-content\/gallery\/4-trainingslager-in-gnas\/thumbs\/thumbs_img_6028.jpg\"\n               data-image-id=\"8797\"\n               data-title=\"img_6028\"\n               data-description=\"\"\n               data-image-slug=\"img_6028\"\n               class=\"shutterset_56480b96342f806dde94ad9c88fb8675\">\n                <img\n                    title=\"img_6028\"\n                    alt=\"img_6028\"\n                    src=\"http:\/\/www.karate-neuhofen.at\/wp-content\/gallery\/4-trainingslager-in-gnas\/thumbs\/thumbs_img_6028.jpg\"\n                    width=\"100\"\n                    height=\"66\"\n                    style=\"max-width:100%;\"\n                \/>\n            <\/a>\n        <\/div>\n\t\t\t\t\t\t\t<\/div> \n\t\t\t\n        \n\t\t\t\t<div id=\"ngg-image-173\" class=\"ngg-gallery-thumbnail-box\" >\n\t\t\t\t        <div class=\"ngg-gallery-thumbnail\">\n            <a href=\"http:\/\/www.karate-neuhofen.at\/wp-content\/gallery\/4-trainingslager-in-gnas\/img_6030.jpg\"\n               title=\"\"\n               data-src=\"http:\/\/www.karate-neuhofen.at\/wp-content\/gallery\/4-trainingslager-in-gnas\/img_6030.jpg\"\n               data-thumbnail=\"http:\/\/www.karate-neuhofen.at\/wp-content\/gallery\/4-trainingslager-in-gnas\/thumbs\/thumbs_img_6030.jpg\"\n               data-image-id=\"8798\"\n               data-title=\"img_6030\"\n               data-description=\"\"\n               data-image-slug=\"img_6030\"\n               class=\"shutterset_56480b96342f806dde94ad9c88fb8675\">\n                <img\n                    title=\"img_6030\"\n                    alt=\"img_6030\"\n                    src=\"http:\/\/www.karate-neuhofen.at\/wp-content\/gallery\/4-trainingslager-in-gnas\/thumbs\/thumbs_img_6030.jpg\"\n                    width=\"100\"\n                    height=\"66\"\n                    style=\"max-width:100%;\"\n                \/>\n            <\/a>\n        <\/div>\n\t\t\t\t\t\t\t<\/div> \n\t\t\t\n        \n\t\t\t\t<div id=\"ngg-image-174\" class=\"ngg-gallery-thumbnail-box\" >\n\t\t\t\t        <div class=\"ngg-gallery-thumbnail\">\n            <a href=\"http:\/\/www.karate-neuhofen.at\/wp-content\/gallery\/4-trainingslager-in-gnas\/img_6033.jpg\"\n               title=\"\"\n               data-src=\"http:\/\/www.karate-neuhofen.at\/wp-content\/gallery\/4-trainingslager-in-gnas\/img_6033.jpg\"\n               data-thumbnail=\"http:\/\/www.karate-neuhofen.at\/wp-content\/gallery\/4-trainingslager-in-gnas\/thumbs\/thumbs_img_6033.jpg\"\n               data-image-id=\"8799\"\n               data-title=\"img_6033\"\n               data-description=\"\"\n               data-image-slug=\"img_6033\"\n               class=\"shutterset_56480b96342f806dde94ad9c88fb8675\">\n                <img\n                    title=\"img_6033\"\n                    alt=\"img_6033\"\n                    src=\"http:\/\/www.karate-neuhofen.at\/wp-content\/gallery\/4-trainingslager-in-gnas\/thumbs\/thumbs_img_6033.jpg\"\n                    width=\"100\"\n                    height=\"66\"\n                    style=\"max-width:100%;\"\n                \/>\n            <\/a>\n        <\/div>\n\t\t\t\t\t\t\t<\/div> \n\t\t\t\n        \n\t\t\t\t<div id=\"ngg-image-175\" class=\"ngg-gallery-thumbnail-box\" >\n\t\t\t\t        <div class=\"ngg-gallery-thumbnail\">\n            <a href=\"http:\/\/www.karate-neuhofen.at\/wp-content\/gallery\/4-trainingslager-in-gnas\/img_6035.jpg\"\n               title=\"\"\n               data-src=\"http:\/\/www.karate-neuhofen.at\/wp-content\/gallery\/4-trainingslager-in-gnas\/img_6035.jpg\"\n               data-thumbnail=\"http:\/\/www.karate-neuhofen.at\/wp-content\/gallery\/4-trainingslager-in-gnas\/thumbs\/thumbs_img_6035.jpg\"\n               data-image-id=\"8800\"\n               data-title=\"img_6035\"\n               data-description=\"\"\n               data-image-slug=\"img_6035\"\n               class=\"shutterset_56480b96342f806dde94ad9c88fb8675\">\n                <img\n                    title=\"img_6035\"\n                    alt=\"img_6035\"\n                    src=\"http:\/\/www.karate-neuhofen.at\/wp-content\/gallery\/4-trainingslager-in-gnas\/thumbs\/thumbs_img_6035.jpg\"\n                    width=\"100\"\n                    height=\"66\"\n                    style=\"max-width:100%;\"\n                \/>\n            <\/a>\n        <\/div>\n\t\t\t\t\t\t\t<\/div> \n\t\t\t\n        \n\t\t\t\t<div id=\"ngg-image-176\" class=\"ngg-gallery-thumbnail-box\" >\n\t\t\t\t        <div class=\"ngg-gallery-thumbnail\">\n            <a href=\"http:\/\/www.karate-neuhofen.at\/wp-content\/gallery\/4-trainingslager-in-gnas\/img_6036.jpg\"\n               title=\"\"\n               data-src=\"http:\/\/www.karate-neuhofen.at\/wp-content\/gallery\/4-trainingslager-in-gnas\/img_6036.jpg\"\n               data-thumbnail=\"http:\/\/www.karate-neuhofen.at\/wp-content\/gallery\/4-trainingslager-in-gnas\/thumbs\/thumbs_img_6036.jpg\"\n               data-image-id=\"8801\"\n               data-title=\"img_6036\"\n               data-description=\"\"\n               data-image-slug=\"img_6036\"\n               class=\"shutterset_56480b96342f806dde94ad9c88fb8675\">\n                <img\n                    title=\"img_6036\"\n                    alt=\"img_6036\"\n                    src=\"http:\/\/www.karate-neuhofen.at\/wp-content\/gallery\/4-trainingslager-in-gnas\/thumbs\/thumbs_img_6036.jpg\"\n                    width=\"100\"\n                    height=\"66\"\n                    style=\"max-width:100%;\"\n                \/>\n            <\/a>\n        <\/div>\n\t\t\t\t\t\t\t<\/div> \n\t\t\t\n        \n\t\t\t\t<div id=\"ngg-image-177\" class=\"ngg-gallery-thumbnail-box\" >\n\t\t\t\t        <div class=\"ngg-gallery-thumbnail\">\n            <a href=\"http:\/\/www.karate-neuhofen.at\/wp-content\/gallery\/4-trainingslager-in-gnas\/img_6042.jpg\"\n               title=\"\"\n               data-src=\"http:\/\/www.karate-neuhofen.at\/wp-content\/gallery\/4-trainingslager-in-gnas\/img_6042.jpg\"\n               data-thumbnail=\"http:\/\/www.karate-neuhofen.at\/wp-content\/gallery\/4-trainingslager-in-gnas\/thumbs\/thumbs_img_6042.jpg\"\n               data-image-id=\"8802\"\n               data-title=\"img_6042\"\n               data-description=\"\"\n               data-image-slug=\"img_6042\"\n               class=\"shutterset_56480b96342f806dde94ad9c88fb8675\">\n                <img\n                    title=\"img_6042\"\n                    alt=\"img_6042\"\n                    src=\"http:\/\/www.karate-neuhofen.at\/wp-content\/gallery\/4-trainingslager-in-gnas\/thumbs\/thumbs_img_6042.jpg\"\n                    width=\"100\"\n                    height=\"66\"\n                    style=\"max-width:100%;\"\n                \/>\n            <\/a>\n        <\/div>\n\t\t\t\t\t\t\t<\/div> \n\t\t\t\n        \n\t\t\t\t<div id=\"ngg-image-178\" class=\"ngg-gallery-thumbnail-box\" >\n\t\t\t\t        <div class=\"ngg-gallery-thumbnail\">\n            <a href=\"http:\/\/www.karate-neuhofen.at\/wp-content\/gallery\/4-trainingslager-in-gnas\/img_6043.jpg\"\n               title=\"\"\n               data-src=\"http:\/\/www.karate-neuhofen.at\/wp-content\/gallery\/4-trainingslager-in-gnas\/img_6043.jpg\"\n               data-thumbnail=\"http:\/\/www.karate-neuhofen.at\/wp-content\/gallery\/4-trainingslager-in-gnas\/thumbs\/thumbs_img_6043.jpg\"\n               data-image-id=\"8803\"\n               data-title=\"img_6043\"\n               data-description=\"\"\n               data-image-slug=\"img_6043\"\n               class=\"shutterset_56480b96342f806dde94ad9c88fb8675\">\n                <img\n                    title=\"img_6043\"\n                    alt=\"img_6043\"\n                    src=\"http:\/\/www.karate-neuhofen.at\/wp-content\/gallery\/4-trainingslager-in-gnas\/thumbs\/thumbs_img_6043.jpg\"\n                    width=\"100\"\n                    height=\"66\"\n                    style=\"max-width:100%;\"\n                \/>\n            <\/a>\n        <\/div>\n\t\t\t\t\t\t\t<\/div> \n\t\t\t\n        \n\t\t\t\t<div id=\"ngg-image-179\" class=\"ngg-gallery-thumbnail-box\" >\n\t\t\t\t        <div class=\"ngg-gallery-thumbnail\">\n            <a href=\"http:\/\/www.karate-neuhofen.at\/wp-content\/gallery\/4-trainingslager-in-gnas\/img_6045.jpg\"\n               title=\"\"\n               data-src=\"http:\/\/www.karate-neuhofen.at\/wp-content\/gallery\/4-trainingslager-in-gnas\/img_6045.jpg\"\n               data-thumbnail=\"http:\/\/www.karate-neuhofen.at\/wp-content\/gallery\/4-trainingslager-in-gnas\/thumbs\/thumbs_img_6045.jpg\"\n               data-image-id=\"8804\"\n               data-title=\"img_6045\"\n               data-description=\"\"\n               data-image-slug=\"img_6045\"\n               class=\"shutterset_56480b96342f806dde94ad9c88fb8675\">\n                <img\n                    title=\"img_6045\"\n                    alt=\"img_6045\"\n                    src=\"http:\/\/www.karate-neuhofen.at\/wp-content\/gallery\/4-trainingslager-in-gnas\/thumbs\/thumbs_img_6045.jpg\"\n                    width=\"100\"\n                    height=\"66\"\n                    style=\"max-width:100%;\"\n                \/>\n            <\/a>\n        <\/div>\n\t\t\t\t\t\t\t<\/div> \n\t\t\t\n        \n\t\t\t\t<div id=\"ngg-image-180\" class=\"ngg-gallery-thumbnail-box\" >\n\t\t\t\t        <div class=\"ngg-gallery-thumbnail\">\n            <a href=\"http:\/\/www.karate-neuhofen.at\/wp-content\/gallery\/4-trainingslager-in-gnas\/img_6048.jpg\"\n               title=\"\"\n               data-src=\"http:\/\/www.karate-neuhofen.at\/wp-content\/gallery\/4-trainingslager-in-gnas\/img_6048.jpg\"\n               data-thumbnail=\"http:\/\/www.karate-neuhofen.at\/wp-content\/gallery\/4-trainingslager-in-gnas\/thumbs\/thumbs_img_6048.jpg\"\n               data-image-id=\"8805\"\n               data-title=\"img_6048\"\n               data-description=\"\"\n               data-image-slug=\"img_6048\"\n               class=\"shutterset_56480b96342f806dde94ad9c88fb8675\">\n                <img\n                    title=\"img_6048\"\n                    alt=\"img_6048\"\n                    src=\"http:\/\/www.karate-neuhofen.at\/wp-content\/gallery\/4-trainingslager-in-gnas\/thumbs\/thumbs_img_6048.jpg\"\n                    width=\"100\"\n                    height=\"66\"\n                    style=\"max-width:100%;\"\n                \/>\n            <\/a>\n        <\/div>\n\t\t\t\t\t\t\t<\/div> \n\t\t\t\n        \n\t\t\t\t<div id=\"ngg-image-181\" class=\"ngg-gallery-thumbnail-box\" >\n\t\t\t\t        <div class=\"ngg-gallery-thumbnail\">\n            <a href=\"http:\/\/www.karate-neuhofen.at\/wp-content\/gallery\/4-trainingslager-in-gnas\/img_6049.jpg\"\n               title=\"\"\n               data-src=\"http:\/\/www.karate-neuhofen.at\/wp-content\/gallery\/4-trainingslager-in-gnas\/img_6049.jpg\"\n               data-thumbnail=\"http:\/\/www.karate-neuhofen.at\/wp-content\/gallery\/4-trainingslager-in-gnas\/thumbs\/thumbs_img_6049.jpg\"\n               data-image-id=\"8806\"\n               data-title=\"img_6049\"\n               data-description=\"\"\n               data-image-slug=\"img_6049\"\n               class=\"shutterset_56480b96342f806dde94ad9c88fb8675\">\n                <img\n                    title=\"img_6049\"\n                    alt=\"img_6049\"\n                    src=\"http:\/\/www.karate-neuhofen.at\/wp-content\/gallery\/4-trainingslager-in-gnas\/thumbs\/thumbs_img_6049.jpg\"\n                    width=\"100\"\n                    height=\"66\"\n                    style=\"max-width:100%;\"\n                \/>\n            <\/a>\n        <\/div>\n\t\t\t\t\t\t\t<\/div> \n\t\t\t\n        \n\t\t\t\t<div id=\"ngg-image-182\" class=\"ngg-gallery-thumbnail-box\" >\n\t\t\t\t        <div class=\"ngg-gallery-thumbnail\">\n            <a href=\"http:\/\/www.karate-neuhofen.at\/wp-content\/gallery\/4-trainingslager-in-gnas\/img_6057.jpg\"\n               title=\"\"\n               data-src=\"http:\/\/www.karate-neuhofen.at\/wp-content\/gallery\/4-trainingslager-in-gnas\/img_6057.jpg\"\n               data-thumbnail=\"http:\/\/www.karate-neuhofen.at\/wp-content\/gallery\/4-trainingslager-in-gnas\/thumbs\/thumbs_img_6057.jpg\"\n               data-image-id=\"8807\"\n               data-title=\"img_6057\"\n               data-description=\"\"\n               data-image-slug=\"img_6057\"\n               class=\"shutterset_56480b96342f806dde94ad9c88fb8675\">\n                <img\n                    title=\"img_6057\"\n                    alt=\"img_6057\"\n                    src=\"http:\/\/www.karate-neuhofen.at\/wp-content\/gallery\/4-trainingslager-in-gnas\/thumbs\/thumbs_img_6057.jpg\"\n                    width=\"100\"\n                    height=\"66\"\n                    style=\"max-width:100%;\"\n                \/>\n            <\/a>\n        <\/div>\n\t\t\t\t\t\t\t<\/div> \n\t\t\t\n        \n\t\t\t\t<div id=\"ngg-image-183\" class=\"ngg-gallery-thumbnail-box\" >\n\t\t\t\t        <div class=\"ngg-gallery-thumbnail\">\n            <a href=\"http:\/\/www.karate-neuhofen.at\/wp-content\/gallery\/4-trainingslager-in-gnas\/img_6061.jpg\"\n               title=\"\"\n               data-src=\"http:\/\/www.karate-neuhofen.at\/wp-content\/gallery\/4-trainingslager-in-gnas\/img_6061.jpg\"\n               data-thumbnail=\"http:\/\/www.karate-neuhofen.at\/wp-content\/gallery\/4-trainingslager-in-gnas\/thumbs\/thumbs_img_6061.jpg\"\n               data-image-id=\"8808\"\n               data-title=\"img_6061\"\n               data-description=\"\"\n               data-image-slug=\"img_6061\"\n               class=\"shutterset_56480b96342f806dde94ad9c88fb8675\">\n                <img\n                    title=\"img_6061\"\n                    alt=\"img_6061\"\n                    src=\"http:\/\/www.karate-neuhofen.at\/wp-content\/gallery\/4-trainingslager-in-gnas\/thumbs\/thumbs_img_6061.jpg\"\n                    width=\"100\"\n                    height=\"66\"\n                    style=\"max-width:100%;\"\n                \/>\n            <\/a>\n        <\/div>\n\t\t\t\t\t\t\t<\/div> \n\t\t\t\n        \n\t\t\t\t<div id=\"ngg-image-184\" class=\"ngg-gallery-thumbnail-box\" >\n\t\t\t\t        <div class=\"ngg-gallery-thumbnail\">\n            <a href=\"http:\/\/www.karate-neuhofen.at\/wp-content\/gallery\/4-trainingslager-in-gnas\/img_6062.jpg\"\n               title=\"\"\n               data-src=\"http:\/\/www.karate-neuhofen.at\/wp-content\/gallery\/4-trainingslager-in-gnas\/img_6062.jpg\"\n               data-thumbnail=\"http:\/\/www.karate-neuhofen.at\/wp-content\/gallery\/4-trainingslager-in-gnas\/thumbs\/thumbs_img_6062.jpg\"\n               data-image-id=\"8809\"\n               data-title=\"img_6062\"\n               data-description=\"\"\n               data-image-slug=\"img_6062\"\n               class=\"shutterset_56480b96342f806dde94ad9c88fb8675\">\n                <img\n                    title=\"img_6062\"\n                    alt=\"img_6062\"\n                    src=\"http:\/\/www.karate-neuhofen.at\/wp-content\/gallery\/4-trainingslager-in-gnas\/thumbs\/thumbs_img_6062.jpg\"\n                    width=\"100\"\n                    height=\"66\"\n                    style=\"max-width:100%;\"\n                \/>\n            <\/a>\n        <\/div>\n\t\t\t\t\t\t\t<\/div> \n\t\t\t\n        \n\t\t\t\t<div id=\"ngg-image-185\" class=\"ngg-gallery-thumbnail-box\" >\n\t\t\t\t        <div class=\"ngg-gallery-thumbnail\">\n            <a href=\"http:\/\/www.karate-neuhofen.at\/wp-content\/gallery\/4-trainingslager-in-gnas\/img_6064.jpg\"\n               title=\"\"\n               data-src=\"http:\/\/www.karate-neuhofen.at\/wp-content\/gallery\/4-trainingslager-in-gnas\/img_6064.jpg\"\n               data-thumbnail=\"http:\/\/www.karate-neuhofen.at\/wp-content\/gallery\/4-trainingslager-in-gnas\/thumbs\/thumbs_img_6064.jpg\"\n               data-image-id=\"8810\"\n               data-title=\"img_6064\"\n               data-description=\"\"\n               data-image-slug=\"img_6064\"\n               class=\"shutterset_56480b96342f806dde94ad9c88fb8675\">\n                <img\n                    title=\"img_6064\"\n                    alt=\"img_6064\"\n                    src=\"http:\/\/www.karate-neuhofen.at\/wp-content\/gallery\/4-trainingslager-in-gnas\/thumbs\/thumbs_img_6064.jpg\"\n                    width=\"100\"\n                    height=\"66\"\n                    style=\"max-width:100%;\"\n                \/>\n            <\/a>\n        <\/div>\n\t\t\t\t\t\t\t<\/div> \n\t\t\t\n        \n\t\t\t\t<div id=\"ngg-image-186\" class=\"ngg-gallery-thumbnail-box\" >\n\t\t\t\t        <div class=\"ngg-gallery-thumbnail\">\n            <a href=\"http:\/\/www.karate-neuhofen.at\/wp-content\/gallery\/4-trainingslager-in-gnas\/img_6068.jpg\"\n               title=\"\"\n               data-src=\"http:\/\/www.karate-neuhofen.at\/wp-content\/gallery\/4-trainingslager-in-gnas\/img_6068.jpg\"\n               data-thumbnail=\"http:\/\/www.karate-neuhofen.at\/wp-content\/gallery\/4-trainingslager-in-gnas\/thumbs\/thumbs_img_6068.jpg\"\n               data-image-id=\"8811\"\n               data-title=\"img_6068\"\n               data-description=\"\"\n               data-image-slug=\"img_6068\"\n               class=\"shutterset_56480b96342f806dde94ad9c88fb8675\">\n                <img\n                    title=\"img_6068\"\n                    alt=\"img_6068\"\n                    src=\"http:\/\/www.karate-neuhofen.at\/wp-content\/gallery\/4-trainingslager-in-gnas\/thumbs\/thumbs_img_6068.jpg\"\n                    width=\"100\"\n                    height=\"66\"\n                    style=\"max-width:100%;\"\n                \/>\n            <\/a>\n        <\/div>\n\t\t\t\t\t\t\t<\/div> \n\t\t\t\n        \n\t\t\t\t<div id=\"ngg-image-187\" class=\"ngg-gallery-thumbnail-box\" >\n\t\t\t\t        <div class=\"ngg-gallery-thumbnail\">\n            <a href=\"http:\/\/www.karate-neuhofen.at\/wp-content\/gallery\/4-trainingslager-in-gnas\/img_6069.jpg\"\n               title=\"\"\n               data-src=\"http:\/\/www.karate-neuhofen.at\/wp-content\/gallery\/4-trainingslager-in-gnas\/img_6069.jpg\"\n               data-thumbnail=\"http:\/\/www.karate-neuhofen.at\/wp-content\/gallery\/4-trainingslager-in-gnas\/thumbs\/thumbs_img_6069.jpg\"\n               data-image-id=\"8812\"\n               data-title=\"img_6069\"\n               data-description=\"\"\n               data-image-slug=\"img_6069\"\n               class=\"shutterset_56480b96342f806dde94ad9c88fb8675\">\n                <img\n                    title=\"img_6069\"\n                    alt=\"img_6069\"\n                    src=\"http:\/\/www.karate-neuhofen.at\/wp-content\/gallery\/4-trainingslager-in-gnas\/thumbs\/thumbs_img_6069.jpg\"\n                    width=\"100\"\n                    height=\"66\"\n                    style=\"max-width:100%;\"\n                \/>\n            <\/a>\n        <\/div>\n\t\t\t\t\t\t\t<\/div> \n\t\t\t\n        \n\t\t\t\t<div id=\"ngg-image-188\" class=\"ngg-gallery-thumbnail-box\" >\n\t\t\t\t        <div class=\"ngg-gallery-thumbnail\">\n            <a href=\"http:\/\/www.karate-neuhofen.at\/wp-content\/gallery\/4-trainingslager-in-gnas\/img_6071.jpg\"\n               title=\"\"\n               data-src=\"http:\/\/www.karate-neuhofen.at\/wp-content\/gallery\/4-trainingslager-in-gnas\/img_6071.jpg\"\n               data-thumbnail=\"http:\/\/www.karate-neuhofen.at\/wp-content\/gallery\/4-trainingslager-in-gnas\/thumbs\/thumbs_img_6071.jpg\"\n               data-image-id=\"8813\"\n               data-title=\"img_6071\"\n               data-description=\"\"\n               data-image-slug=\"img_6071\"\n               class=\"shutterset_56480b96342f806dde94ad9c88fb8675\">\n                <img\n                    title=\"img_6071\"\n                    alt=\"img_6071\"\n                    src=\"http:\/\/www.karate-neuhofen.at\/wp-content\/gallery\/4-trainingslager-in-gnas\/thumbs\/thumbs_img_6071.jpg\"\n                    width=\"100\"\n                    height=\"66\"\n                    style=\"max-width:100%;\"\n                \/>\n            <\/a>\n        <\/div>\n\t\t\t\t\t\t\t<\/div> \n\t\t\t\n        \n\t\t\t\t<div id=\"ngg-image-189\" class=\"ngg-gallery-thumbnail-box\" >\n\t\t\t\t        <div class=\"ngg-gallery-thumbnail\">\n            <a href=\"http:\/\/www.karate-neuhofen.at\/wp-content\/gallery\/4-trainingslager-in-gnas\/img_6072.jpg\"\n               title=\"\"\n               data-src=\"http:\/\/www.karate-neuhofen.at\/wp-content\/gallery\/4-trainingslager-in-gnas\/img_6072.jpg\"\n               data-thumbnail=\"http:\/\/www.karate-neuhofen.at\/wp-content\/gallery\/4-trainingslager-in-gnas\/thumbs\/thumbs_img_6072.jpg\"\n               data-image-id=\"8814\"\n               data-title=\"img_6072\"\n               data-description=\"\"\n               data-image-slug=\"img_6072\"\n               class=\"shutterset_56480b96342f806dde94ad9c88fb8675\">\n                <img\n                    title=\"img_6072\"\n                    alt=\"img_6072\"\n                    src=\"http:\/\/www.karate-neuhofen.at\/wp-content\/gallery\/4-trainingslager-in-gnas\/thumbs\/thumbs_img_6072.jpg\"\n                    width=\"100\"\n                    height=\"66\"\n                    style=\"max-width:100%;\"\n                \/>\n            <\/a>\n        <\/div>\n\t\t\t\t\t\t\t<\/div> \n\t\t\t\n        \n\t\t\t\t<div id=\"ngg-image-190\" class=\"ngg-gallery-thumbnail-box\" >\n\t\t\t\t        <div class=\"ngg-gallery-thumbnail\">\n            <a href=\"http:\/\/www.karate-neuhofen.at\/wp-content\/gallery\/4-trainingslager-in-gnas\/img_6073.jpg\"\n               title=\"\"\n               data-src=\"http:\/\/www.karate-neuhofen.at\/wp-content\/gallery\/4-trainingslager-in-gnas\/img_6073.jpg\"\n               data-thumbnail=\"http:\/\/www.karate-neuhofen.at\/wp-content\/gallery\/4-trainingslager-in-gnas\/thumbs\/thumbs_img_6073.jpg\"\n               data-image-id=\"8815\"\n               data-title=\"img_6073\"\n               data-description=\"\"\n               data-image-slug=\"img_6073\"\n               class=\"shutterset_56480b96342f806dde94ad9c88fb8675\">\n                <img\n                    title=\"img_6073\"\n                    alt=\"img_6073\"\n                    src=\"http:\/\/www.karate-neuhofen.at\/wp-content\/gallery\/4-trainingslager-in-gnas\/thumbs\/thumbs_img_6073.jpg\"\n                    width=\"100\"\n                    height=\"66\"\n                    style=\"max-width:100%;\"\n                \/>\n            <\/a>\n        <\/div>\n\t\t\t\t\t\t\t<\/div> \n\t\t\t\n        \n\t\t\t\t<div id=\"ngg-image-191\" class=\"ngg-gallery-thumbnail-box\" >\n\t\t\t\t        <div class=\"ngg-gallery-thumbnail\">\n            <a href=\"http:\/\/www.karate-neuhofen.at\/wp-content\/gallery\/4-trainingslager-in-gnas\/img_6075.jpg\"\n               title=\"\"\n               data-src=\"http:\/\/www.karate-neuhofen.at\/wp-content\/gallery\/4-trainingslager-in-gnas\/img_6075.jpg\"\n               data-thumbnail=\"http:\/\/www.karate-neuhofen.at\/wp-content\/gallery\/4-trainingslager-in-gnas\/thumbs\/thumbs_img_6075.jpg\"\n               data-image-id=\"8816\"\n               data-title=\"img_6075\"\n               data-description=\"\"\n               data-image-slug=\"img_6075\"\n               class=\"shutterset_56480b96342f806dde94ad9c88fb8675\">\n                <img\n                    title=\"img_6075\"\n                    alt=\"img_6075\"\n                    src=\"http:\/\/www.karate-neuhofen.at\/wp-content\/gallery\/4-trainingslager-in-gnas\/thumbs\/thumbs_img_6075.jpg\"\n                    width=\"100\"\n                    height=\"66\"\n                    style=\"max-width:100%;\"\n                \/>\n            <\/a>\n        <\/div>\n\t\t\t\t\t\t\t<\/div> \n\t\t\t\n        \n\t\t\t\t<div id=\"ngg-image-192\" class=\"ngg-gallery-thumbnail-box\" >\n\t\t\t\t        <div class=\"ngg-gallery-thumbnail\">\n            <a href=\"http:\/\/www.karate-neuhofen.at\/wp-content\/gallery\/4-trainingslager-in-gnas\/img_6076.jpg\"\n               title=\"\"\n               data-src=\"http:\/\/www.karate-neuhofen.at\/wp-content\/gallery\/4-trainingslager-in-gnas\/img_6076.jpg\"\n               data-thumbnail=\"http:\/\/www.karate-neuhofen.at\/wp-content\/gallery\/4-trainingslager-in-gnas\/thumbs\/thumbs_img_6076.jpg\"\n               data-image-id=\"8817\"\n               data-title=\"img_6076\"\n               data-description=\"\"\n               data-image-slug=\"img_6076\"\n               class=\"shutterset_56480b96342f806dde94ad9c88fb8675\">\n                <img\n                    title=\"img_6076\"\n                    alt=\"img_6076\"\n                    src=\"http:\/\/www.karate-neuhofen.at\/wp-content\/gallery\/4-trainingslager-in-gnas\/thumbs\/thumbs_img_6076.jpg\"\n                    width=\"100\"\n                    height=\"66\"\n                    style=\"max-width:100%;\"\n                \/>\n            <\/a>\n        <\/div>\n\t\t\t\t\t\t\t<\/div> \n\t\t\t\n        \n\t\t\t\t<div id=\"ngg-image-193\" class=\"ngg-gallery-thumbnail-box\" >\n\t\t\t\t        <div class=\"ngg-gallery-thumbnail\">\n            <a href=\"http:\/\/www.karate-neuhofen.at\/wp-content\/gallery\/4-trainingslager-in-gnas\/img_6080.jpg\"\n               title=\"\"\n               data-src=\"http:\/\/www.karate-neuhofen.at\/wp-content\/gallery\/4-trainingslager-in-gnas\/img_6080.jpg\"\n               data-thumbnail=\"http:\/\/www.karate-neuhofen.at\/wp-content\/gallery\/4-trainingslager-in-gnas\/thumbs\/thumbs_img_6080.jpg\"\n               data-image-id=\"8818\"\n               data-title=\"img_6080\"\n               data-description=\"\"\n               data-image-slug=\"img_6080\"\n               class=\"shutterset_56480b96342f806dde94ad9c88fb8675\">\n                <img\n                    title=\"img_6080\"\n                    alt=\"img_6080\"\n                    src=\"http:\/\/www.karate-neuhofen.at\/wp-content\/gallery\/4-trainingslager-in-gnas\/thumbs\/thumbs_img_6080.jpg\"\n                    width=\"100\"\n                    height=\"66\"\n                    style=\"max-width:100%;\"\n                \/>\n            <\/a>\n        <\/div>\n\t\t\t\t\t\t\t<\/div> \n\t\t\t\n        \n\t\t\t\t<div id=\"ngg-image-194\" class=\"ngg-gallery-thumbnail-box\" >\n\t\t\t\t        <div class=\"ngg-gallery-thumbnail\">\n            <a href=\"http:\/\/www.karate-neuhofen.at\/wp-content\/gallery\/4-trainingslager-in-gnas\/img_6088.jpg\"\n               title=\"\"\n               data-src=\"http:\/\/www.karate-neuhofen.at\/wp-content\/gallery\/4-trainingslager-in-gnas\/img_6088.jpg\"\n               data-thumbnail=\"http:\/\/www.karate-neuhofen.at\/wp-content\/gallery\/4-trainingslager-in-gnas\/thumbs\/thumbs_img_6088.jpg\"\n               data-image-id=\"8819\"\n               data-title=\"img_6088\"\n               data-description=\"\"\n               data-image-slug=\"img_6088\"\n               class=\"shutterset_56480b96342f806dde94ad9c88fb8675\">\n                <img\n                    title=\"img_6088\"\n                    alt=\"img_6088\"\n                    src=\"http:\/\/www.karate-neuhofen.at\/wp-content\/gallery\/4-trainingslager-in-gnas\/thumbs\/thumbs_img_6088.jpg\"\n                    width=\"100\"\n                    height=\"66\"\n                    style=\"max-width:100%;\"\n                \/>\n            <\/a>\n        <\/div>\n\t\t\t\t\t\t\t<\/div> \n\t\t\t\n        \n\t\t\t\t<div id=\"ngg-image-195\" class=\"ngg-gallery-thumbnail-box\" >\n\t\t\t\t        <div class=\"ngg-gallery-thumbnail\">\n            <a href=\"http:\/\/www.karate-neuhofen.at\/wp-content\/gallery\/4-trainingslager-in-gnas\/img_6089.jpg\"\n               title=\"\"\n               data-src=\"http:\/\/www.karate-neuhofen.at\/wp-content\/gallery\/4-trainingslager-in-gnas\/img_6089.jpg\"\n               data-thumbnail=\"http:\/\/www.karate-neuhofen.at\/wp-content\/gallery\/4-trainingslager-in-gnas\/thumbs\/thumbs_img_6089.jpg\"\n               data-image-id=\"8820\"\n               data-title=\"img_6089\"\n               data-description=\"\"\n               data-image-slug=\"img_6089\"\n               class=\"shutterset_56480b96342f806dde94ad9c88fb8675\">\n                <img\n                    title=\"img_6089\"\n                    alt=\"img_6089\"\n                    src=\"http:\/\/www.karate-neuhofen.at\/wp-content\/gallery\/4-trainingslager-in-gnas\/thumbs\/thumbs_img_6089.jpg\"\n                    width=\"100\"\n                    height=\"66\"\n                    style=\"max-width:100%;\"\n                \/>\n            <\/a>\n        <\/div>\n\t\t\t\t\t\t\t<\/div> \n\t\t\t\n        \n\t\t\t\t<div id=\"ngg-image-196\" class=\"ngg-gallery-thumbnail-box\" >\n\t\t\t\t        <div class=\"ngg-gallery-thumbnail\">\n            <a href=\"http:\/\/www.karate-neuhofen.at\/wp-content\/gallery\/4-trainingslager-in-gnas\/img_6091.jpg\"\n               title=\"\"\n               data-src=\"http:\/\/www.karate-neuhofen.at\/wp-content\/gallery\/4-trainingslager-in-gnas\/img_6091.jpg\"\n               data-thumbnail=\"http:\/\/www.karate-neuhofen.at\/wp-content\/gallery\/4-trainingslager-in-gnas\/thumbs\/thumbs_img_6091.jpg\"\n               data-image-id=\"8821\"\n               data-title=\"img_6091\"\n               data-description=\"\"\n               data-image-slug=\"img_6091\"\n               class=\"shutterset_56480b96342f806dde94ad9c88fb8675\">\n                <img\n                    title=\"img_6091\"\n                    alt=\"img_6091\"\n                    src=\"http:\/\/www.karate-neuhofen.at\/wp-content\/gallery\/4-trainingslager-in-gnas\/thumbs\/thumbs_img_6091.jpg\"\n                    width=\"100\"\n                    height=\"66\"\n                    style=\"max-width:100%;\"\n                \/>\n            <\/a>\n        <\/div>\n\t\t\t\t\t\t\t<\/div> \n\t\t\t\n        \n\t\t\t\t<div id=\"ngg-image-197\" class=\"ngg-gallery-thumbnail-box\" >\n\t\t\t\t        <div class=\"ngg-gallery-thumbnail\">\n            <a href=\"http:\/\/www.karate-neuhofen.at\/wp-content\/gallery\/4-trainingslager-in-gnas\/img_6095.jpg\"\n               title=\"\"\n               data-src=\"http:\/\/www.karate-neuhofen.at\/wp-content\/gallery\/4-trainingslager-in-gnas\/img_6095.jpg\"\n               data-thumbnail=\"http:\/\/www.karate-neuhofen.at\/wp-content\/gallery\/4-trainingslager-in-gnas\/thumbs\/thumbs_img_6095.jpg\"\n               data-image-id=\"8822\"\n               data-title=\"img_6095\"\n               data-description=\"\"\n               data-image-slug=\"img_6095\"\n               class=\"shutterset_56480b96342f806dde94ad9c88fb8675\">\n                <img\n                    title=\"img_6095\"\n                    alt=\"img_6095\"\n                    src=\"http:\/\/www.karate-neuhofen.at\/wp-content\/gallery\/4-trainingslager-in-gnas\/thumbs\/thumbs_img_6095.jpg\"\n                    width=\"100\"\n                    height=\"66\"\n                    style=\"max-width:100%;\"\n                \/>\n            <\/a>\n        <\/div>\n\t\t\t\t\t\t\t<\/div> \n\t\t\t\n        \n\t\t\t\t<div id=\"ngg-image-198\" class=\"ngg-gallery-thumbnail-box\" >\n\t\t\t\t        <div class=\"ngg-gallery-thumbnail\">\n            <a href=\"http:\/\/www.karate-neuhofen.at\/wp-content\/gallery\/4-trainingslager-in-gnas\/img_6096.jpg\"\n               title=\"\"\n               data-src=\"http:\/\/www.karate-neuhofen.at\/wp-content\/gallery\/4-trainingslager-in-gnas\/img_6096.jpg\"\n               data-thumbnail=\"http:\/\/www.karate-neuhofen.at\/wp-content\/gallery\/4-trainingslager-in-gnas\/thumbs\/thumbs_img_6096.jpg\"\n               data-image-id=\"8823\"\n               data-title=\"img_6096\"\n               data-description=\"\"\n               data-image-slug=\"img_6096\"\n               class=\"shutterset_56480b96342f806dde94ad9c88fb8675\">\n                <img\n                    title=\"img_6096\"\n                    alt=\"img_6096\"\n                    src=\"http:\/\/www.karate-neuhofen.at\/wp-content\/gallery\/4-trainingslager-in-gnas\/thumbs\/thumbs_img_6096.jpg\"\n                    width=\"100\"\n                    height=\"66\"\n                    style=\"max-width:100%;\"\n                \/>\n            <\/a>\n        <\/div>\n\t\t\t\t\t\t\t<\/div> \n\t\t\t\n        \n\t\t\t\t<div id=\"ngg-image-199\" class=\"ngg-gallery-thumbnail-box\" >\n\t\t\t\t        <div class=\"ngg-gallery-thumbnail\">\n            <a href=\"http:\/\/www.karate-neuhofen.at\/wp-content\/gallery\/4-trainingslager-in-gnas\/img_6099.jpg\"\n               title=\"\"\n               data-src=\"http:\/\/www.karate-neuhofen.at\/wp-content\/gallery\/4-trainingslager-in-gnas\/img_6099.jpg\"\n               data-thumbnail=\"http:\/\/www.karate-neuhofen.at\/wp-content\/gallery\/4-trainingslager-in-gnas\/thumbs\/thumbs_img_6099.jpg\"\n               data-image-id=\"8824\"\n               data-title=\"img_6099\"\n               data-description=\"\"\n               data-image-slug=\"img_6099\"\n               class=\"shutterset_56480b96342f806dde94ad9c88fb8675\">\n                <img\n                    title=\"img_6099\"\n                    alt=\"img_6099\"\n                    src=\"http:\/\/www.karate-neuhofen.at\/wp-content\/gallery\/4-trainingslager-in-gnas\/thumbs\/thumbs_img_6099.jpg\"\n                    width=\"100\"\n                    height=\"66\"\n                    style=\"max-width:100%;\"\n                \/>\n            <\/a>\n        <\/div>\n\t\t\t\t\t\t\t<\/div> \n\t\t\t\n        \n\t\t\t\t<div id=\"ngg-image-200\" class=\"ngg-gallery-thumbnail-box\" >\n\t\t\t\t        <div class=\"ngg-gallery-thumbnail\">\n            <a href=\"http:\/\/www.karate-neuhofen.at\/wp-content\/gallery\/4-trainingslager-in-gnas\/img_6100.jpg\"\n               title=\"\"\n               data-src=\"http:\/\/www.karate-neuhofen.at\/wp-content\/gallery\/4-trainingslager-in-gnas\/img_6100.jpg\"\n               data-thumbnail=\"http:\/\/www.karate-neuhofen.at\/wp-content\/gallery\/4-trainingslager-in-gnas\/thumbs\/thumbs_img_6100.jpg\"\n               data-image-id=\"8825\"\n               data-title=\"img_6100\"\n               data-description=\"\"\n               data-image-slug=\"img_6100\"\n               class=\"shutterset_56480b96342f806dde94ad9c88fb8675\">\n                <img\n                    title=\"img_6100\"\n                    alt=\"img_6100\"\n                    src=\"http:\/\/www.karate-neuhofen.at\/wp-content\/gallery\/4-trainingslager-in-gnas\/thumbs\/thumbs_img_6100.jpg\"\n                    width=\"100\"\n                    height=\"66\"\n                    style=\"max-width:100%;\"\n                \/>\n            <\/a>\n        <\/div>\n\t\t\t\t\t\t\t<\/div> \n\t\t\t\n        \n\t\t\t\t<div id=\"ngg-image-201\" class=\"ngg-gallery-thumbnail-box\" >\n\t\t\t\t        <div class=\"ngg-gallery-thumbnail\">\n            <a href=\"http:\/\/www.karate-neuhofen.at\/wp-content\/gallery\/4-trainingslager-in-gnas\/img_6102.jpg\"\n               title=\"\"\n               data-src=\"http:\/\/www.karate-neuhofen.at\/wp-content\/gallery\/4-trainingslager-in-gnas\/img_6102.jpg\"\n               data-thumbnail=\"http:\/\/www.karate-neuhofen.at\/wp-content\/gallery\/4-trainingslager-in-gnas\/thumbs\/thumbs_img_6102.jpg\"\n               data-image-id=\"8826\"\n               data-title=\"img_6102\"\n               data-description=\"\"\n               data-image-slug=\"img_6102\"\n               class=\"shutterset_56480b96342f806dde94ad9c88fb8675\">\n                <img\n                    title=\"img_6102\"\n                    alt=\"img_6102\"\n                    src=\"http:\/\/www.karate-neuhofen.at\/wp-content\/gallery\/4-trainingslager-in-gnas\/thumbs\/thumbs_img_6102.jpg\"\n                    width=\"100\"\n                    height=\"66\"\n                    style=\"max-width:100%;\"\n                \/>\n            <\/a>\n        <\/div>\n\t\t\t\t\t\t\t<\/div> \n\t\t\t\n        \n\t\t\t\t<div id=\"ngg-image-202\" class=\"ngg-gallery-thumbnail-box\" >\n\t\t\t\t        <div class=\"ngg-gallery-thumbnail\">\n            <a href=\"http:\/\/www.karate-neuhofen.at\/wp-content\/gallery\/4-trainingslager-in-gnas\/img_6104.jpg\"\n               title=\"\"\n               data-src=\"http:\/\/www.karate-neuhofen.at\/wp-content\/gallery\/4-trainingslager-in-gnas\/img_6104.jpg\"\n               data-thumbnail=\"http:\/\/www.karate-neuhofen.at\/wp-content\/gallery\/4-trainingslager-in-gnas\/thumbs\/thumbs_img_6104.jpg\"\n               data-image-id=\"8827\"\n               data-title=\"img_6104\"\n               data-description=\"\"\n               data-image-slug=\"img_6104\"\n               class=\"shutterset_56480b96342f806dde94ad9c88fb8675\">\n                <img\n                    title=\"img_6104\"\n                    alt=\"img_6104\"\n                    src=\"http:\/\/www.karate-neuhofen.at\/wp-content\/gallery\/4-trainingslager-in-gnas\/thumbs\/thumbs_img_6104.jpg\"\n                    width=\"100\"\n                    height=\"66\"\n                    style=\"max-width:100%;\"\n                \/>\n            <\/a>\n        <\/div>\n\t\t\t\t\t\t\t<\/div> \n\t\t\t\n        \n\t\t\t\t<div id=\"ngg-image-203\" class=\"ngg-gallery-thumbnail-box\" >\n\t\t\t\t        <div class=\"ngg-gallery-thumbnail\">\n            <a href=\"http:\/\/www.karate-neuhofen.at\/wp-content\/gallery\/4-trainingslager-in-gnas\/img_6105.jpg\"\n               title=\"\"\n               data-src=\"http:\/\/www.karate-neuhofen.at\/wp-content\/gallery\/4-trainingslager-in-gnas\/img_6105.jpg\"\n               data-thumbnail=\"http:\/\/www.karate-neuhofen.at\/wp-content\/gallery\/4-trainingslager-in-gnas\/thumbs\/thumbs_img_6105.jpg\"\n               data-image-id=\"8828\"\n               data-title=\"img_6105\"\n               data-description=\"\"\n               data-image-slug=\"img_6105\"\n               class=\"shutterset_56480b96342f806dde94ad9c88fb8675\">\n                <img\n                    title=\"img_6105\"\n                    alt=\"img_6105\"\n                    src=\"http:\/\/www.karate-neuhofen.at\/wp-content\/gallery\/4-trainingslager-in-gnas\/thumbs\/thumbs_img_6105.jpg\"\n                    width=\"100\"\n                    height=\"66\"\n                    style=\"max-width:100%;\"\n                \/>\n            <\/a>\n        <\/div>\n\t\t\t\t\t\t\t<\/div> \n\t\t\t\n        \n\t\t\t\t<div id=\"ngg-image-204\" class=\"ngg-gallery-thumbnail-box\" >\n\t\t\t\t        <div class=\"ngg-gallery-thumbnail\">\n            <a href=\"http:\/\/www.karate-neuhofen.at\/wp-content\/gallery\/4-trainingslager-in-gnas\/img_6106.jpg\"\n               title=\"\"\n               data-src=\"http:\/\/www.karate-neuhofen.at\/wp-content\/gallery\/4-trainingslager-in-gnas\/img_6106.jpg\"\n               data-thumbnail=\"http:\/\/www.karate-neuhofen.at\/wp-content\/gallery\/4-trainingslager-in-gnas\/thumbs\/thumbs_img_6106.jpg\"\n               data-image-id=\"8829\"\n               data-title=\"img_6106\"\n               data-description=\"\"\n               data-image-slug=\"img_6106\"\n               class=\"shutterset_56480b96342f806dde94ad9c88fb8675\">\n                <img\n                    title=\"img_6106\"\n                    alt=\"img_6106\"\n                    src=\"http:\/\/www.karate-neuhofen.at\/wp-content\/gallery\/4-trainingslager-in-gnas\/thumbs\/thumbs_img_6106.jpg\"\n                    width=\"100\"\n                    height=\"66\"\n                    style=\"max-width:100%;\"\n                \/>\n            <\/a>\n        <\/div>\n\t\t\t\t\t\t\t<\/div> \n\t\t\t\n        \n\t\t\t\t<div id=\"ngg-image-205\" class=\"ngg-gallery-thumbnail-box\" >\n\t\t\t\t        <div class=\"ngg-gallery-thumbnail\">\n            <a href=\"http:\/\/www.karate-neuhofen.at\/wp-content\/gallery\/4-trainingslager-in-gnas\/img_6107.jpg\"\n               title=\"\"\n               data-src=\"http:\/\/www.karate-neuhofen.at\/wp-content\/gallery\/4-trainingslager-in-gnas\/img_6107.jpg\"\n               data-thumbnail=\"http:\/\/www.karate-neuhofen.at\/wp-content\/gallery\/4-trainingslager-in-gnas\/thumbs\/thumbs_img_6107.jpg\"\n               data-image-id=\"8830\"\n               data-title=\"img_6107\"\n               data-description=\"\"\n               data-image-slug=\"img_6107\"\n               class=\"shutterset_56480b96342f806dde94ad9c88fb8675\">\n                <img\n                    title=\"img_6107\"\n                    alt=\"img_6107\"\n                    src=\"http:\/\/www.karate-neuhofen.at\/wp-content\/gallery\/4-trainingslager-in-gnas\/thumbs\/thumbs_img_6107.jpg\"\n                    width=\"100\"\n                    height=\"66\"\n                    style=\"max-width:100%;\"\n                \/>\n            <\/a>\n        <\/div>\n\t\t\t\t\t\t\t<\/div> \n\t\t\t\n        \n\t\t\t\t<div id=\"ngg-image-206\" class=\"ngg-gallery-thumbnail-box\" >\n\t\t\t\t        <div class=\"ngg-gallery-thumbnail\">\n            <a href=\"http:\/\/www.karate-neuhofen.at\/wp-content\/gallery\/4-trainingslager-in-gnas\/img_6108.jpg\"\n               title=\"\"\n               data-src=\"http:\/\/www.karate-neuhofen.at\/wp-content\/gallery\/4-trainingslager-in-gnas\/img_6108.jpg\"\n               data-thumbnail=\"http:\/\/www.karate-neuhofen.at\/wp-content\/gallery\/4-trainingslager-in-gnas\/thumbs\/thumbs_img_6108.jpg\"\n               data-image-id=\"8831\"\n               data-title=\"img_6108\"\n               data-description=\"\"\n               data-image-slug=\"img_6108\"\n               class=\"shutterset_56480b96342f806dde94ad9c88fb8675\">\n                <img\n                    title=\"img_6108\"\n                    alt=\"img_6108\"\n                    src=\"http:\/\/www.karate-neuhofen.at\/wp-content\/gallery\/4-trainingslager-in-gnas\/thumbs\/thumbs_img_6108.jpg\"\n                    width=\"100\"\n                    height=\"66\"\n                    style=\"max-width:100%;\"\n                \/>\n            <\/a>\n        <\/div>\n\t\t\t\t\t\t\t<\/div> \n\t\t\t\n        \n\t\t\t\t<div id=\"ngg-image-207\" class=\"ngg-gallery-thumbnail-box\" >\n\t\t\t\t        <div class=\"ngg-gallery-thumbnail\">\n            <a href=\"http:\/\/www.karate-neuhofen.at\/wp-content\/gallery\/4-trainingslager-in-gnas\/img_6109.jpg\"\n               title=\"\"\n               data-src=\"http:\/\/www.karate-neuhofen.at\/wp-content\/gallery\/4-trainingslager-in-gnas\/img_6109.jpg\"\n               data-thumbnail=\"http:\/\/www.karate-neuhofen.at\/wp-content\/gallery\/4-trainingslager-in-gnas\/thumbs\/thumbs_img_6109.jpg\"\n               data-image-id=\"8832\"\n               data-title=\"img_6109\"\n               data-description=\"\"\n               data-image-slug=\"img_6109\"\n               class=\"shutterset_56480b96342f806dde94ad9c88fb8675\">\n                <img\n                    title=\"img_6109\"\n                    alt=\"img_6109\"\n                    src=\"http:\/\/www.karate-neuhofen.at\/wp-content\/gallery\/4-trainingslager-in-gnas\/thumbs\/thumbs_img_6109.jpg\"\n                    width=\"100\"\n                    height=\"66\"\n                    style=\"max-width:100%;\"\n                \/>\n            <\/a>\n        <\/div>\n\t\t\t\t\t\t\t<\/div> \n\t\t\t\n        \n\t\t\t\t<div id=\"ngg-image-208\" class=\"ngg-gallery-thumbnail-box\" >\n\t\t\t\t        <div class=\"ngg-gallery-thumbnail\">\n            <a href=\"http:\/\/www.karate-neuhofen.at\/wp-content\/gallery\/4-trainingslager-in-gnas\/img_6111.jpg\"\n               title=\"\"\n               data-src=\"http:\/\/www.karate-neuhofen.at\/wp-content\/gallery\/4-trainingslager-in-gnas\/img_6111.jpg\"\n               data-thumbnail=\"http:\/\/www.karate-neuhofen.at\/wp-content\/gallery\/4-trainingslager-in-gnas\/thumbs\/thumbs_img_6111.jpg\"\n               data-image-id=\"8833\"\n               data-title=\"img_6111\"\n               data-description=\"\"\n               data-image-slug=\"img_6111\"\n               class=\"shutterset_56480b96342f806dde94ad9c88fb8675\">\n                <img\n                    title=\"img_6111\"\n                    alt=\"img_6111\"\n                    src=\"http:\/\/www.karate-neuhofen.at\/wp-content\/gallery\/4-trainingslager-in-gnas\/thumbs\/thumbs_img_6111.jpg\"\n                    width=\"100\"\n                    height=\"66\"\n                    style=\"max-width:100%;\"\n                \/>\n            <\/a>\n        <\/div>\n\t\t\t\t\t\t\t<\/div> \n\t\t\t\n        \n\t\t\t\t<div id=\"ngg-image-209\" class=\"ngg-gallery-thumbnail-box\" >\n\t\t\t\t        <div class=\"ngg-gallery-thumbnail\">\n            <a href=\"http:\/\/www.karate-neuhofen.at\/wp-content\/gallery\/4-trainingslager-in-gnas\/img_6112.jpg\"\n               title=\"\"\n               data-src=\"http:\/\/www.karate-neuhofen.at\/wp-content\/gallery\/4-trainingslager-in-gnas\/img_6112.jpg\"\n               data-thumbnail=\"http:\/\/www.karate-neuhofen.at\/wp-content\/gallery\/4-trainingslager-in-gnas\/thumbs\/thumbs_img_6112.jpg\"\n               data-image-id=\"8834\"\n               data-title=\"img_6112\"\n               data-description=\"\"\n               data-image-slug=\"img_6112\"\n               class=\"shutterset_56480b96342f806dde94ad9c88fb8675\">\n                <img\n                    title=\"img_6112\"\n                    alt=\"img_6112\"\n                    src=\"http:\/\/www.karate-neuhofen.at\/wp-content\/gallery\/4-trainingslager-in-gnas\/thumbs\/thumbs_img_6112.jpg\"\n                    width=\"100\"\n                    height=\"66\"\n                    style=\"max-width:100%;\"\n                \/>\n            <\/a>\n        <\/div>\n\t\t\t\t\t\t\t<\/div> \n\t\t\t\n        \n\t\t\t\t<div id=\"ngg-image-210\" class=\"ngg-gallery-thumbnail-box\" >\n\t\t\t\t        <div class=\"ngg-gallery-thumbnail\">\n            <a href=\"http:\/\/www.karate-neuhofen.at\/wp-content\/gallery\/4-trainingslager-in-gnas\/img_6113.jpg\"\n               title=\"\"\n               data-src=\"http:\/\/www.karate-neuhofen.at\/wp-content\/gallery\/4-trainingslager-in-gnas\/img_6113.jpg\"\n               data-thumbnail=\"http:\/\/www.karate-neuhofen.at\/wp-content\/gallery\/4-trainingslager-in-gnas\/thumbs\/thumbs_img_6113.jpg\"\n               data-image-id=\"8835\"\n               data-title=\"img_6113\"\n               data-description=\"\"\n               data-image-slug=\"img_6113\"\n               class=\"shutterset_56480b96342f806dde94ad9c88fb8675\">\n                <img\n                    title=\"img_6113\"\n                    alt=\"img_6113\"\n                    src=\"http:\/\/www.karate-neuhofen.at\/wp-content\/gallery\/4-trainingslager-in-gnas\/thumbs\/thumbs_img_6113.jpg\"\n                    width=\"100\"\n                    height=\"66\"\n                    style=\"max-width:100%;\"\n                \/>\n            <\/a>\n        <\/div>\n\t\t\t\t\t\t\t<\/div> \n\t\t\t\n        \n\t\t\t\t<div id=\"ngg-image-211\" class=\"ngg-gallery-thumbnail-box\" >\n\t\t\t\t        <div class=\"ngg-gallery-thumbnail\">\n            <a href=\"http:\/\/www.karate-neuhofen.at\/wp-content\/gallery\/4-trainingslager-in-gnas\/img_6114.jpg\"\n               title=\"\"\n               data-src=\"http:\/\/www.karate-neuhofen.at\/wp-content\/gallery\/4-trainingslager-in-gnas\/img_6114.jpg\"\n               data-thumbnail=\"http:\/\/www.karate-neuhofen.at\/wp-content\/gallery\/4-trainingslager-in-gnas\/thumbs\/thumbs_img_6114.jpg\"\n               data-image-id=\"8836\"\n               data-title=\"img_6114\"\n               data-description=\"\"\n               data-image-slug=\"img_6114\"\n               class=\"shutterset_56480b96342f806dde94ad9c88fb8675\">\n                <img\n                    title=\"img_6114\"\n                    alt=\"img_6114\"\n                    src=\"http:\/\/www.karate-neuhofen.at\/wp-content\/gallery\/4-trainingslager-in-gnas\/thumbs\/thumbs_img_6114.jpg\"\n                    width=\"100\"\n                    height=\"66\"\n                    style=\"max-width:100%;\"\n                \/>\n            <\/a>\n        <\/div>\n\t\t\t\t\t\t\t<\/div> \n\t\t\t\n        \n\t\t\t\t<div id=\"ngg-image-212\" class=\"ngg-gallery-thumbnail-box\" >\n\t\t\t\t        <div class=\"ngg-gallery-thumbnail\">\n            <a href=\"http:\/\/www.karate-neuhofen.at\/wp-content\/gallery\/4-trainingslager-in-gnas\/img_6116.jpg\"\n               title=\"\"\n               data-src=\"http:\/\/www.karate-neuhofen.at\/wp-content\/gallery\/4-trainingslager-in-gnas\/img_6116.jpg\"\n               data-thumbnail=\"http:\/\/www.karate-neuhofen.at\/wp-content\/gallery\/4-trainingslager-in-gnas\/thumbs\/thumbs_img_6116.jpg\"\n               data-image-id=\"8837\"\n               data-title=\"img_6116\"\n               data-description=\"\"\n               data-image-slug=\"img_6116\"\n               class=\"shutterset_56480b96342f806dde94ad9c88fb8675\">\n                <img\n                    title=\"img_6116\"\n                    alt=\"img_6116\"\n                    src=\"http:\/\/www.karate-neuhofen.at\/wp-content\/gallery\/4-trainingslager-in-gnas\/thumbs\/thumbs_img_6116.jpg\"\n                    width=\"50\"\n                    height=\"75\"\n                    style=\"max-width:100%;\"\n                \/>\n            <\/a>\n        <\/div>\n\t\t\t\t\t\t\t<\/div> \n\t\t\t\n        \n\t\t\t\t<div id=\"ngg-image-213\" class=\"ngg-gallery-thumbnail-box\" >\n\t\t\t\t        <div class=\"ngg-gallery-thumbnail\">\n            <a href=\"http:\/\/www.karate-neuhofen.at\/wp-content\/gallery\/4-trainingslager-in-gnas\/img_6118.jpg\"\n               title=\"\"\n               data-src=\"http:\/\/www.karate-neuhofen.at\/wp-content\/gallery\/4-trainingslager-in-gnas\/img_6118.jpg\"\n               data-thumbnail=\"http:\/\/www.karate-neuhofen.at\/wp-content\/gallery\/4-trainingslager-in-gnas\/thumbs\/thumbs_img_6118.jpg\"\n               data-image-id=\"8839\"\n               data-title=\"img_6118\"\n               data-description=\"\"\n               data-image-slug=\"img_6118\"\n               class=\"shutterset_56480b96342f806dde94ad9c88fb8675\">\n                <img\n                    title=\"img_6118\"\n                    alt=\"img_6118\"\n                    src=\"http:\/\/www.karate-neuhofen.at\/wp-content\/gallery\/4-trainingslager-in-gnas\/thumbs\/thumbs_img_6118.jpg\"\n                    width=\"100\"\n                    height=\"66\"\n                    style=\"max-width:100%;\"\n                \/>\n            <\/a>\n        <\/div>\n\t\t\t\t\t\t\t<\/div> \n\t\t\t\n        \n\t\t\t\t<div id=\"ngg-image-214\" class=\"ngg-gallery-thumbnail-box\" >\n\t\t\t\t        <div class=\"ngg-gallery-thumbnail\">\n            <a href=\"http:\/\/www.karate-neuhofen.at\/wp-content\/gallery\/4-trainingslager-in-gnas\/img_6120.jpg\"\n               title=\"\"\n               data-src=\"http:\/\/www.karate-neuhofen.at\/wp-content\/gallery\/4-trainingslager-in-gnas\/img_6120.jpg\"\n               data-thumbnail=\"http:\/\/www.karate-neuhofen.at\/wp-content\/gallery\/4-trainingslager-in-gnas\/thumbs\/thumbs_img_6120.jpg\"\n               data-image-id=\"8840\"\n               data-title=\"img_6120\"\n               data-description=\"\"\n               data-image-slug=\"img_6120\"\n               class=\"shutterset_56480b96342f806dde94ad9c88fb8675\">\n                <img\n                    title=\"img_6120\"\n                    alt=\"img_6120\"\n                    src=\"http:\/\/www.karate-neuhofen.at\/wp-content\/gallery\/4-trainingslager-in-gnas\/thumbs\/thumbs_img_6120.jpg\"\n                    width=\"100\"\n                    height=\"66\"\n                    style=\"max-width:100%;\"\n                \/>\n            <\/a>\n        <\/div>\n\t\t\t\t\t\t\t<\/div> \n\t\t\t\n        \n\t\t\t\t<div id=\"ngg-image-215\" class=\"ngg-gallery-thumbnail-box\" >\n\t\t\t\t        <div class=\"ngg-gallery-thumbnail\">\n            <a href=\"http:\/\/www.karate-neuhofen.at\/wp-content\/gallery\/4-trainingslager-in-gnas\/img_6123.jpg\"\n               title=\"\"\n               data-src=\"http:\/\/www.karate-neuhofen.at\/wp-content\/gallery\/4-trainingslager-in-gnas\/img_6123.jpg\"\n               data-thumbnail=\"http:\/\/www.karate-neuhofen.at\/wp-content\/gallery\/4-trainingslager-in-gnas\/thumbs\/thumbs_img_6123.jpg\"\n               data-image-id=\"8841\"\n               data-title=\"img_6123\"\n               data-description=\"\"\n               data-image-slug=\"img_6123\"\n               class=\"shutterset_56480b96342f806dde94ad9c88fb8675\">\n                <img\n                    title=\"img_6123\"\n                    alt=\"img_6123\"\n                    src=\"http:\/\/www.karate-neuhofen.at\/wp-content\/gallery\/4-trainingslager-in-gnas\/thumbs\/thumbs_img_6123.jpg\"\n                    width=\"100\"\n                    height=\"66\"\n                    style=\"max-width:100%;\"\n                \/>\n            <\/a>\n        <\/div>\n\t\t\t\t\t\t\t<\/div> \n\t\t\t\n        \n\t\t\t\t<div id=\"ngg-image-216\" class=\"ngg-gallery-thumbnail-box\" >\n\t\t\t\t        <div class=\"ngg-gallery-thumbnail\">\n            <a href=\"http:\/\/www.karate-neuhofen.at\/wp-content\/gallery\/4-trainingslager-in-gnas\/img_6126.jpg\"\n               title=\"\"\n               data-src=\"http:\/\/www.karate-neuhofen.at\/wp-content\/gallery\/4-trainingslager-in-gnas\/img_6126.jpg\"\n               data-thumbnail=\"http:\/\/www.karate-neuhofen.at\/wp-content\/gallery\/4-trainingslager-in-gnas\/thumbs\/thumbs_img_6126.jpg\"\n               data-image-id=\"8843\"\n               data-title=\"img_6126\"\n               data-description=\"\"\n               data-image-slug=\"img_6126\"\n               class=\"shutterset_56480b96342f806dde94ad9c88fb8675\">\n                <img\n                    title=\"img_6126\"\n                    alt=\"img_6126\"\n                    src=\"http:\/\/www.karate-neuhofen.at\/wp-content\/gallery\/4-trainingslager-in-gnas\/thumbs\/thumbs_img_6126.jpg\"\n                    width=\"100\"\n                    height=\"66\"\n                    style=\"max-width:100%;\"\n                \/>\n            <\/a>\n        <\/div>\n\t\t\t\t\t\t\t<\/div> \n\t\t\t\n        \n\t\t\t\t<div id=\"ngg-image-217\" class=\"ngg-gallery-thumbnail-box\" >\n\t\t\t\t        <div class=\"ngg-gallery-thumbnail\">\n            <a href=\"http:\/\/www.karate-neuhofen.at\/wp-content\/gallery\/4-trainingslager-in-gnas\/img_6129.jpg\"\n               title=\"\"\n               data-src=\"http:\/\/www.karate-neuhofen.at\/wp-content\/gallery\/4-trainingslager-in-gnas\/img_6129.jpg\"\n               data-thumbnail=\"http:\/\/www.karate-neuhofen.at\/wp-content\/gallery\/4-trainingslager-in-gnas\/thumbs\/thumbs_img_6129.jpg\"\n               data-image-id=\"8844\"\n               data-title=\"img_6129\"\n               data-description=\"\"\n               data-image-slug=\"img_6129\"\n               class=\"shutterset_56480b96342f806dde94ad9c88fb8675\">\n                <img\n                    title=\"img_6129\"\n                    alt=\"img_6129\"\n                    src=\"http:\/\/www.karate-neuhofen.at\/wp-content\/gallery\/4-trainingslager-in-gnas\/thumbs\/thumbs_img_6129.jpg\"\n                    width=\"100\"\n                    height=\"66\"\n                    style=\"max-width:100%;\"\n                \/>\n            <\/a>\n        <\/div>\n\t\t\t\t\t\t\t<\/div> \n\t\t\t\n        \n\t\t\t\t<div id=\"ngg-image-218\" class=\"ngg-gallery-thumbnail-box\" >\n\t\t\t\t        <div class=\"ngg-gallery-thumbnail\">\n            <a href=\"http:\/\/www.karate-neuhofen.at\/wp-content\/gallery\/4-trainingslager-in-gnas\/img_6132.jpg\"\n               title=\"\"\n               data-src=\"http:\/\/www.karate-neuhofen.at\/wp-content\/gallery\/4-trainingslager-in-gnas\/img_6132.jpg\"\n               data-thumbnail=\"http:\/\/www.karate-neuhofen.at\/wp-content\/gallery\/4-trainingslager-in-gnas\/thumbs\/thumbs_img_6132.jpg\"\n               data-image-id=\"8845\"\n               data-title=\"img_6132\"\n               data-description=\"\"\n               data-image-slug=\"img_6132\"\n               class=\"shutterset_56480b96342f806dde94ad9c88fb8675\">\n                <img\n                    title=\"img_6132\"\n                    alt=\"img_6132\"\n                    src=\"http:\/\/www.karate-neuhofen.at\/wp-content\/gallery\/4-trainingslager-in-gnas\/thumbs\/thumbs_img_6132.jpg\"\n                    width=\"100\"\n                    height=\"66\"\n                    style=\"max-width:100%;\"\n                \/>\n            <\/a>\n        <\/div>\n\t\t\t\t\t\t\t<\/div> \n\t\t\t\n        \n\t\t\t\t<div id=\"ngg-image-219\" class=\"ngg-gallery-thumbnail-box\" >\n\t\t\t\t        <div class=\"ngg-gallery-thumbnail\">\n            <a href=\"http:\/\/www.karate-neuhofen.at\/wp-content\/gallery\/4-trainingslager-in-gnas\/img_6133.jpg\"\n               title=\"\"\n               data-src=\"http:\/\/www.karate-neuhofen.at\/wp-content\/gallery\/4-trainingslager-in-gnas\/img_6133.jpg\"\n               data-thumbnail=\"http:\/\/www.karate-neuhofen.at\/wp-content\/gallery\/4-trainingslager-in-gnas\/thumbs\/thumbs_img_6133.jpg\"\n               data-image-id=\"8846\"\n               data-title=\"img_6133\"\n               data-description=\"\"\n               data-image-slug=\"img_6133\"\n               class=\"shutterset_56480b96342f806dde94ad9c88fb8675\">\n                <img\n                    title=\"img_6133\"\n                    alt=\"img_6133\"\n                    src=\"http:\/\/www.karate-neuhofen.at\/wp-content\/gallery\/4-trainingslager-in-gnas\/thumbs\/thumbs_img_6133.jpg\"\n                    width=\"100\"\n                    height=\"66\"\n                    style=\"max-width:100%;\"\n                \/>\n            <\/a>\n        <\/div>\n\t\t\t\t\t\t\t<\/div> \n\t\t\t\n        \n\t\t\t\t<div id=\"ngg-image-220\" class=\"ngg-gallery-thumbnail-box\" >\n\t\t\t\t        <div class=\"ngg-gallery-thumbnail\">\n            <a href=\"http:\/\/www.karate-neuhofen.at\/wp-content\/gallery\/4-trainingslager-in-gnas\/img_6134.jpg\"\n               title=\"\"\n               data-src=\"http:\/\/www.karate-neuhofen.at\/wp-content\/gallery\/4-trainingslager-in-gnas\/img_6134.jpg\"\n               data-thumbnail=\"http:\/\/www.karate-neuhofen.at\/wp-content\/gallery\/4-trainingslager-in-gnas\/thumbs\/thumbs_img_6134.jpg\"\n               data-image-id=\"8847\"\n               data-title=\"img_6134\"\n               data-description=\"\"\n               data-image-slug=\"img_6134\"\n               class=\"shutterset_56480b96342f806dde94ad9c88fb8675\">\n                <img\n                    title=\"img_6134\"\n                    alt=\"img_6134\"\n                    src=\"http:\/\/www.karate-neuhofen.at\/wp-content\/gallery\/4-trainingslager-in-gnas\/thumbs\/thumbs_img_6134.jpg\"\n                    width=\"100\"\n                    height=\"66\"\n                    style=\"max-width:100%;\"\n                \/>\n            <\/a>\n        <\/div>\n\t\t\t\t\t\t\t<\/div> \n\t\t\t\n        \n\t\t\t\t<div id=\"ngg-image-221\" class=\"ngg-gallery-thumbnail-box\" >\n\t\t\t\t        <div class=\"ngg-gallery-thumbnail\">\n            <a href=\"http:\/\/www.karate-neuhofen.at\/wp-content\/gallery\/4-trainingslager-in-gnas\/img_6136.jpg\"\n               title=\"\"\n               data-src=\"http:\/\/www.karate-neuhofen.at\/wp-content\/gallery\/4-trainingslager-in-gnas\/img_6136.jpg\"\n               data-thumbnail=\"http:\/\/www.karate-neuhofen.at\/wp-content\/gallery\/4-trainingslager-in-gnas\/thumbs\/thumbs_img_6136.jpg\"\n               data-image-id=\"8848\"\n               data-title=\"img_6136\"\n               data-description=\"\"\n               data-image-slug=\"img_6136\"\n               class=\"shutterset_56480b96342f806dde94ad9c88fb8675\">\n                <img\n                    title=\"img_6136\"\n                    alt=\"img_6136\"\n                    src=\"http:\/\/www.karate-neuhofen.at\/wp-content\/gallery\/4-trainingslager-in-gnas\/thumbs\/thumbs_img_6136.jpg\"\n                    width=\"100\"\n                    height=\"66\"\n                    style=\"max-width:100%;\"\n                \/>\n            <\/a>\n        <\/div>\n\t\t\t\t\t\t\t<\/div> \n\t\t\t\n        \n\t\t\t\t<div id=\"ngg-image-222\" class=\"ngg-gallery-thumbnail-box\" >\n\t\t\t\t        <div class=\"ngg-gallery-thumbnail\">\n            <a href=\"http:\/\/www.karate-neuhofen.at\/wp-content\/gallery\/4-trainingslager-in-gnas\/img_6138.jpg\"\n               title=\"\"\n               data-src=\"http:\/\/www.karate-neuhofen.at\/wp-content\/gallery\/4-trainingslager-in-gnas\/img_6138.jpg\"\n               data-thumbnail=\"http:\/\/www.karate-neuhofen.at\/wp-content\/gallery\/4-trainingslager-in-gnas\/thumbs\/thumbs_img_6138.jpg\"\n               data-image-id=\"8849\"\n               data-title=\"img_6138\"\n               data-description=\"\"\n               data-image-slug=\"img_6138\"\n               class=\"shutterset_56480b96342f806dde94ad9c88fb8675\">\n                <img\n                    title=\"img_6138\"\n                    alt=\"img_6138\"\n                    src=\"http:\/\/www.karate-neuhofen.at\/wp-content\/gallery\/4-trainingslager-in-gnas\/thumbs\/thumbs_img_6138.jpg\"\n                    width=\"100\"\n                    height=\"66\"\n                    style=\"max-width:100%;\"\n                \/>\n            <\/a>\n        <\/div>\n\t\t\t\t\t\t\t<\/div> \n\t\t\t\n        \n\t\t\t\t<div id=\"ngg-image-223\" class=\"ngg-gallery-thumbnail-box\" >\n\t\t\t\t        <div class=\"ngg-gallery-thumbnail\">\n            <a href=\"http:\/\/www.karate-neuhofen.at\/wp-content\/gallery\/4-trainingslager-in-gnas\/img_6141.jpg\"\n               title=\"\"\n               data-src=\"http:\/\/www.karate-neuhofen.at\/wp-content\/gallery\/4-trainingslager-in-gnas\/img_6141.jpg\"\n               data-thumbnail=\"http:\/\/www.karate-neuhofen.at\/wp-content\/gallery\/4-trainingslager-in-gnas\/thumbs\/thumbs_img_6141.jpg\"\n               data-image-id=\"8850\"\n               data-title=\"img_6141\"\n               data-description=\"\"\n               data-image-slug=\"img_6141\"\n               class=\"shutterset_56480b96342f806dde94ad9c88fb8675\">\n                <img\n                    title=\"img_6141\"\n                    alt=\"img_6141\"\n                    src=\"http:\/\/www.karate-neuhofen.at\/wp-content\/gallery\/4-trainingslager-in-gnas\/thumbs\/thumbs_img_6141.jpg\"\n                    width=\"100\"\n                    height=\"66\"\n                    style=\"max-width:100%;\"\n                \/>\n            <\/a>\n        <\/div>\n\t\t\t\t\t\t\t<\/div> \n\t\t\t\n        \n\t\t\t\t<div id=\"ngg-image-224\" class=\"ngg-gallery-thumbnail-box\" >\n\t\t\t\t        <div class=\"ngg-gallery-thumbnail\">\n            <a href=\"http:\/\/www.karate-neuhofen.at\/wp-content\/gallery\/4-trainingslager-in-gnas\/img_6142.jpg\"\n               title=\"\"\n               data-src=\"http:\/\/www.karate-neuhofen.at\/wp-content\/gallery\/4-trainingslager-in-gnas\/img_6142.jpg\"\n               data-thumbnail=\"http:\/\/www.karate-neuhofen.at\/wp-content\/gallery\/4-trainingslager-in-gnas\/thumbs\/thumbs_img_6142.jpg\"\n               data-image-id=\"8851\"\n               data-title=\"img_6142\"\n               data-description=\"\"\n               data-image-slug=\"img_6142\"\n               class=\"shutterset_56480b96342f806dde94ad9c88fb8675\">\n                <img\n                    title=\"img_6142\"\n                    alt=\"img_6142\"\n                    src=\"http:\/\/www.karate-neuhofen.at\/wp-content\/gallery\/4-trainingslager-in-gnas\/thumbs\/thumbs_img_6142.jpg\"\n                    width=\"100\"\n                    height=\"66\"\n                    style=\"max-width:100%;\"\n                \/>\n            <\/a>\n        <\/div>\n\t\t\t\t\t\t\t<\/div> \n\t\t\t\n        \n\t\t\t\t<div id=\"ngg-image-225\" class=\"ngg-gallery-thumbnail-box\" >\n\t\t\t\t        <div class=\"ngg-gallery-thumbnail\">\n            <a href=\"http:\/\/www.karate-neuhofen.at\/wp-content\/gallery\/4-trainingslager-in-gnas\/img_6143.jpg\"\n               title=\"\"\n               data-src=\"http:\/\/www.karate-neuhofen.at\/wp-content\/gallery\/4-trainingslager-in-gnas\/img_6143.jpg\"\n               data-thumbnail=\"http:\/\/www.karate-neuhofen.at\/wp-content\/gallery\/4-trainingslager-in-gnas\/thumbs\/thumbs_img_6143.jpg\"\n               data-image-id=\"8852\"\n               data-title=\"img_6143\"\n               data-description=\"\"\n               data-image-slug=\"img_6143\"\n               class=\"shutterset_56480b96342f806dde94ad9c88fb8675\">\n                <img\n                    title=\"img_6143\"\n                    alt=\"img_6143\"\n                    src=\"http:\/\/www.karate-neuhofen.at\/wp-content\/gallery\/4-trainingslager-in-gnas\/thumbs\/thumbs_img_6143.jpg\"\n                    width=\"100\"\n                    height=\"66\"\n                    style=\"max-width:100%;\"\n                \/>\n            <\/a>\n        <\/div>\n\t\t\t\t\t\t\t<\/div> \n\t\t\t\n        \n\t\t\t\t<div id=\"ngg-image-226\" class=\"ngg-gallery-thumbnail-box\" >\n\t\t\t\t        <div class=\"ngg-gallery-thumbnail\">\n            <a href=\"http:\/\/www.karate-neuhofen.at\/wp-content\/gallery\/4-trainingslager-in-gnas\/img_6145.jpg\"\n               title=\"\"\n               data-src=\"http:\/\/www.karate-neuhofen.at\/wp-content\/gallery\/4-trainingslager-in-gnas\/img_6145.jpg\"\n               data-thumbnail=\"http:\/\/www.karate-neuhofen.at\/wp-content\/gallery\/4-trainingslager-in-gnas\/thumbs\/thumbs_img_6145.jpg\"\n               data-image-id=\"8853\"\n               data-title=\"img_6145\"\n               data-description=\"\"\n               data-image-slug=\"img_6145\"\n               class=\"shutterset_56480b96342f806dde94ad9c88fb8675\">\n                <img\n                    title=\"img_6145\"\n                    alt=\"img_6145\"\n                    src=\"http:\/\/www.karate-neuhofen.at\/wp-content\/gallery\/4-trainingslager-in-gnas\/thumbs\/thumbs_img_6145.jpg\"\n                    width=\"100\"\n                    height=\"66\"\n                    style=\"max-width:100%;\"\n                \/>\n            <\/a>\n        <\/div>\n\t\t\t\t\t\t\t<\/div> \n\t\t\t\n        \n\t\t\t\t<div id=\"ngg-image-227\" class=\"ngg-gallery-thumbnail-box\" >\n\t\t\t\t        <div class=\"ngg-gallery-thumbnail\">\n            <a href=\"http:\/\/www.karate-neuhofen.at\/wp-content\/gallery\/4-trainingslager-in-gnas\/img_6147.jpg\"\n               title=\"\"\n               data-src=\"http:\/\/www.karate-neuhofen.at\/wp-content\/gallery\/4-trainingslager-in-gnas\/img_6147.jpg\"\n               data-thumbnail=\"http:\/\/www.karate-neuhofen.at\/wp-content\/gallery\/4-trainingslager-in-gnas\/thumbs\/thumbs_img_6147.jpg\"\n               data-image-id=\"8854\"\n               data-title=\"img_6147\"\n               data-description=\"\"\n               data-image-slug=\"img_6147\"\n               class=\"shutterset_56480b96342f806dde94ad9c88fb8675\">\n                <img\n                    title=\"img_6147\"\n                    alt=\"img_6147\"\n                    src=\"http:\/\/www.karate-neuhofen.at\/wp-content\/gallery\/4-trainingslager-in-gnas\/thumbs\/thumbs_img_6147.jpg\"\n                    width=\"100\"\n                    height=\"66\"\n                    style=\"max-width:100%;\"\n                \/>\n            <\/a>\n        <\/div>\n\t\t\t\t\t\t\t<\/div> \n\t\t\t\n        \n\t\t\t\t<div id=\"ngg-image-228\" class=\"ngg-gallery-thumbnail-box\" >\n\t\t\t\t        <div class=\"ngg-gallery-thumbnail\">\n            <a href=\"http:\/\/www.karate-neuhofen.at\/wp-content\/gallery\/4-trainingslager-in-gnas\/img_6148.jpg\"\n               title=\"\"\n               data-src=\"http:\/\/www.karate-neuhofen.at\/wp-content\/gallery\/4-trainingslager-in-gnas\/img_6148.jpg\"\n               data-thumbnail=\"http:\/\/www.karate-neuhofen.at\/wp-content\/gallery\/4-trainingslager-in-gnas\/thumbs\/thumbs_img_6148.jpg\"\n               data-image-id=\"8855\"\n               data-title=\"img_6148\"\n               data-description=\"\"\n               data-image-slug=\"img_6148\"\n               class=\"shutterset_56480b96342f806dde94ad9c88fb8675\">\n                <img\n                    title=\"img_6148\"\n                    alt=\"img_6148\"\n                    src=\"http:\/\/www.karate-neuhofen.at\/wp-content\/gallery\/4-trainingslager-in-gnas\/thumbs\/thumbs_img_6148.jpg\"\n                    width=\"100\"\n                    height=\"66\"\n                    style=\"max-width:100%;\"\n                \/>\n            <\/a>\n        <\/div>\n\t\t\t\t\t\t\t<\/div> \n\t\t\t\n        \n\t\t\t\t<div id=\"ngg-image-229\" class=\"ngg-gallery-thumbnail-box\" >\n\t\t\t\t        <div class=\"ngg-gallery-thumbnail\">\n            <a href=\"http:\/\/www.karate-neuhofen.at\/wp-content\/gallery\/4-trainingslager-in-gnas\/img_6150.jpg\"\n               title=\"\"\n               data-src=\"http:\/\/www.karate-neuhofen.at\/wp-content\/gallery\/4-trainingslager-in-gnas\/img_6150.jpg\"\n               data-thumbnail=\"http:\/\/www.karate-neuhofen.at\/wp-content\/gallery\/4-trainingslager-in-gnas\/thumbs\/thumbs_img_6150.jpg\"\n               data-image-id=\"8856\"\n               data-title=\"img_6150\"\n               data-description=\"\"\n               data-image-slug=\"img_6150\"\n               class=\"shutterset_56480b96342f806dde94ad9c88fb8675\">\n                <img\n                    title=\"img_6150\"\n                    alt=\"img_6150\"\n                    src=\"http:\/\/www.karate-neuhofen.at\/wp-content\/gallery\/4-trainingslager-in-gnas\/thumbs\/thumbs_img_6150.jpg\"\n                    width=\"100\"\n                    height=\"66\"\n                    style=\"max-width:100%;\"\n                \/>\n            <\/a>\n        <\/div>\n\t\t\t\t\t\t\t<\/div> \n\t\t\t\n        \n\t\t\t\t<div id=\"ngg-image-230\" class=\"ngg-gallery-thumbnail-box\" >\n\t\t\t\t        <div class=\"ngg-gallery-thumbnail\">\n            <a href=\"http:\/\/www.karate-neuhofen.at\/wp-content\/gallery\/4-trainingslager-in-gnas\/img_6151.jpg\"\n               title=\"\"\n               data-src=\"http:\/\/www.karate-neuhofen.at\/wp-content\/gallery\/4-trainingslager-in-gnas\/img_6151.jpg\"\n               data-thumbnail=\"http:\/\/www.karate-neuhofen.at\/wp-content\/gallery\/4-trainingslager-in-gnas\/thumbs\/thumbs_img_6151.jpg\"\n               data-image-id=\"8857\"\n               data-title=\"img_6151\"\n               data-description=\"\"\n               data-image-slug=\"img_6151\"\n               class=\"shutterset_56480b96342f806dde94ad9c88fb8675\">\n                <img\n                    title=\"img_6151\"\n                    alt=\"img_6151\"\n                    src=\"http:\/\/www.karate-neuhofen.at\/wp-content\/gallery\/4-trainingslager-in-gnas\/thumbs\/thumbs_img_6151.jpg\"\n                    width=\"100\"\n                    height=\"66\"\n                    style=\"max-width:100%;\"\n                \/>\n            <\/a>\n        <\/div>\n\t\t\t\t\t\t\t<\/div> \n\t\t\t\n        \n\t\t\t\t<div id=\"ngg-image-231\" class=\"ngg-gallery-thumbnail-box\" >\n\t\t\t\t        <div class=\"ngg-gallery-thumbnail\">\n            <a href=\"http:\/\/www.karate-neuhofen.at\/wp-content\/gallery\/4-trainingslager-in-gnas\/img_6153.jpg\"\n               title=\"\"\n               data-src=\"http:\/\/www.karate-neuhofen.at\/wp-content\/gallery\/4-trainingslager-in-gnas\/img_6153.jpg\"\n               data-thumbnail=\"http:\/\/www.karate-neuhofen.at\/wp-content\/gallery\/4-trainingslager-in-gnas\/thumbs\/thumbs_img_6153.jpg\"\n               data-image-id=\"8858\"\n               data-title=\"img_6153\"\n               data-description=\"\"\n               data-image-slug=\"img_6153\"\n               class=\"shutterset_56480b96342f806dde94ad9c88fb8675\">\n                <img\n                    title=\"img_6153\"\n                    alt=\"img_6153\"\n                    src=\"http:\/\/www.karate-neuhofen.at\/wp-content\/gallery\/4-trainingslager-in-gnas\/thumbs\/thumbs_img_6153.jpg\"\n                    width=\"100\"\n                    height=\"66\"\n                    style=\"max-width:100%;\"\n                \/>\n            <\/a>\n        <\/div>\n\t\t\t\t\t\t\t<\/div> \n\t\t\t\n        \n\t\t\t\t<div id=\"ngg-image-232\" class=\"ngg-gallery-thumbnail-box\" >\n\t\t\t\t        <div class=\"ngg-gallery-thumbnail\">\n            <a href=\"http:\/\/www.karate-neuhofen.at\/wp-content\/gallery\/4-trainingslager-in-gnas\/img_6154.jpg\"\n               title=\"\"\n               data-src=\"http:\/\/www.karate-neuhofen.at\/wp-content\/gallery\/4-trainingslager-in-gnas\/img_6154.jpg\"\n               data-thumbnail=\"http:\/\/www.karate-neuhofen.at\/wp-content\/gallery\/4-trainingslager-in-gnas\/thumbs\/thumbs_img_6154.jpg\"\n               data-image-id=\"8859\"\n               data-title=\"img_6154\"\n               data-description=\"\"\n               data-image-slug=\"img_6154\"\n               class=\"shutterset_56480b96342f806dde94ad9c88fb8675\">\n                <img\n                    title=\"img_6154\"\n                    alt=\"img_6154\"\n                    src=\"http:\/\/www.karate-neuhofen.at\/wp-content\/gallery\/4-trainingslager-in-gnas\/thumbs\/thumbs_img_6154.jpg\"\n                    width=\"100\"\n                    height=\"66\"\n                    style=\"max-width:100%;\"\n                \/>\n            <\/a>\n        <\/div>\n\t\t\t\t\t\t\t<\/div> \n\t\t\t\n        \n\t\t\t\t<div id=\"ngg-image-233\" class=\"ngg-gallery-thumbnail-box\" >\n\t\t\t\t        <div class=\"ngg-gallery-thumbnail\">\n            <a href=\"http:\/\/www.karate-neuhofen.at\/wp-content\/gallery\/4-trainingslager-in-gnas\/img_6155.jpg\"\n               title=\"\"\n               data-src=\"http:\/\/www.karate-neuhofen.at\/wp-content\/gallery\/4-trainingslager-in-gnas\/img_6155.jpg\"\n               data-thumbnail=\"http:\/\/www.karate-neuhofen.at\/wp-content\/gallery\/4-trainingslager-in-gnas\/thumbs\/thumbs_img_6155.jpg\"\n               data-image-id=\"8860\"\n               data-title=\"img_6155\"\n               data-description=\"\"\n               data-image-slug=\"img_6155\"\n               class=\"shutterset_56480b96342f806dde94ad9c88fb8675\">\n                <img\n                    title=\"img_6155\"\n                    alt=\"img_6155\"\n                    src=\"http:\/\/www.karate-neuhofen.at\/wp-content\/gallery\/4-trainingslager-in-gnas\/thumbs\/thumbs_img_6155.jpg\"\n                    width=\"100\"\n                    height=\"66\"\n                    style=\"max-width:100%;\"\n                \/>\n            <\/a>\n        <\/div>\n\t\t\t\t\t\t\t<\/div> \n\t\t\t\n        \n\t\t\t\t<div id=\"ngg-image-234\" class=\"ngg-gallery-thumbnail-box\" >\n\t\t\t\t        <div class=\"ngg-gallery-thumbnail\">\n            <a href=\"http:\/\/www.karate-neuhofen.at\/wp-content\/gallery\/4-trainingslager-in-gnas\/img_6157.jpg\"\n               title=\"\"\n               data-src=\"http:\/\/www.karate-neuhofen.at\/wp-content\/gallery\/4-trainingslager-in-gnas\/img_6157.jpg\"\n               data-thumbnail=\"http:\/\/www.karate-neuhofen.at\/wp-content\/gallery\/4-trainingslager-in-gnas\/thumbs\/thumbs_img_6157.jpg\"\n               data-image-id=\"8861\"\n               data-title=\"img_6157\"\n               data-description=\"\"\n               data-image-slug=\"img_6157\"\n               class=\"shutterset_56480b96342f806dde94ad9c88fb8675\">\n                <img\n                    title=\"img_6157\"\n                    alt=\"img_6157\"\n                    src=\"http:\/\/www.karate-neuhofen.at\/wp-content\/gallery\/4-trainingslager-in-gnas\/thumbs\/thumbs_img_6157.jpg\"\n                    width=\"100\"\n                    height=\"66\"\n                    style=\"max-width:100%;\"\n                \/>\n            <\/a>\n        <\/div>\n\t\t\t\t\t\t\t<\/div> \n\t\t\t\n        \n\t\t\t\t<div id=\"ngg-image-235\" class=\"ngg-gallery-thumbnail-box\" >\n\t\t\t\t        <div class=\"ngg-gallery-thumbnail\">\n            <a href=\"http:\/\/www.karate-neuhofen.at\/wp-content\/gallery\/4-trainingslager-in-gnas\/img_6158.jpg\"\n               title=\"\"\n               data-src=\"http:\/\/www.karate-neuhofen.at\/wp-content\/gallery\/4-trainingslager-in-gnas\/img_6158.jpg\"\n               data-thumbnail=\"http:\/\/www.karate-neuhofen.at\/wp-content\/gallery\/4-trainingslager-in-gnas\/thumbs\/thumbs_img_6158.jpg\"\n               data-image-id=\"8862\"\n               data-title=\"img_6158\"\n               data-description=\"\"\n               data-image-slug=\"img_6158\"\n               class=\"shutterset_56480b96342f806dde94ad9c88fb8675\">\n                <img\n                    title=\"img_6158\"\n                    alt=\"img_6158\"\n                    src=\"http:\/\/www.karate-neuhofen.at\/wp-content\/gallery\/4-trainingslager-in-gnas\/thumbs\/thumbs_img_6158.jpg\"\n                    width=\"100\"\n                    height=\"66\"\n                    style=\"max-width:100%;\"\n                \/>\n            <\/a>\n        <\/div>\n\t\t\t\t\t\t\t<\/div> \n\t\t\t\n        \n\t\t\t\t<div id=\"ngg-image-236\" class=\"ngg-gallery-thumbnail-box\" >\n\t\t\t\t        <div class=\"ngg-gallery-thumbnail\">\n            <a href=\"http:\/\/www.karate-neuhofen.at\/wp-content\/gallery\/4-trainingslager-in-gnas\/img_6159.jpg\"\n               title=\"\"\n               data-src=\"http:\/\/www.karate-neuhofen.at\/wp-content\/gallery\/4-trainingslager-in-gnas\/img_6159.jpg\"\n               data-thumbnail=\"http:\/\/www.karate-neuhofen.at\/wp-content\/gallery\/4-trainingslager-in-gnas\/thumbs\/thumbs_img_6159.jpg\"\n               data-image-id=\"8863\"\n               data-title=\"img_6159\"\n               data-description=\"\"\n               data-image-slug=\"img_6159\"\n               class=\"shutterset_56480b96342f806dde94ad9c88fb8675\">\n                <img\n                    title=\"img_6159\"\n                    alt=\"img_6159\"\n                    src=\"http:\/\/www.karate-neuhofen.at\/wp-content\/gallery\/4-trainingslager-in-gnas\/thumbs\/thumbs_img_6159.jpg\"\n                    width=\"100\"\n                    height=\"66\"\n                    style=\"max-width:100%;\"\n                \/>\n            <\/a>\n        <\/div>\n\t\t\t\t\t\t\t<\/div> \n\t\t\t\n        \n\t\t\t\t<div id=\"ngg-image-237\" class=\"ngg-gallery-thumbnail-box\" >\n\t\t\t\t        <div class=\"ngg-gallery-thumbnail\">\n            <a href=\"http:\/\/www.karate-neuhofen.at\/wp-content\/gallery\/4-trainingslager-in-gnas\/img_6161.jpg\"\n               title=\"\"\n               data-src=\"http:\/\/www.karate-neuhofen.at\/wp-content\/gallery\/4-trainingslager-in-gnas\/img_6161.jpg\"\n               data-thumbnail=\"http:\/\/www.karate-neuhofen.at\/wp-content\/gallery\/4-trainingslager-in-gnas\/thumbs\/thumbs_img_6161.jpg\"\n               data-image-id=\"8864\"\n               data-title=\"img_6161\"\n               data-description=\"\"\n               data-image-slug=\"img_6161\"\n               class=\"shutterset_56480b96342f806dde94ad9c88fb8675\">\n                <img\n                    title=\"img_6161\"\n                    alt=\"img_6161\"\n                    src=\"http:\/\/www.karate-neuhofen.at\/wp-content\/gallery\/4-trainingslager-in-gnas\/thumbs\/thumbs_img_6161.jpg\"\n                    width=\"50\"\n                    height=\"75\"\n                    style=\"max-width:100%;\"\n                \/>\n            <\/a>\n        <\/div>\n\t\t\t\t\t\t\t<\/div> \n\t\t\t\n        \n\t\t\t\t<div id=\"ngg-image-238\" class=\"ngg-gallery-thumbnail-box\" >\n\t\t\t\t        <div class=\"ngg-gallery-thumbnail\">\n            <a href=\"http:\/\/www.karate-neuhofen.at\/wp-content\/gallery\/4-trainingslager-in-gnas\/img_6164.jpg\"\n               title=\"\"\n               data-src=\"http:\/\/www.karate-neuhofen.at\/wp-content\/gallery\/4-trainingslager-in-gnas\/img_6164.jpg\"\n               data-thumbnail=\"http:\/\/www.karate-neuhofen.at\/wp-content\/gallery\/4-trainingslager-in-gnas\/thumbs\/thumbs_img_6164.jpg\"\n               data-image-id=\"8865\"\n               data-title=\"img_6164\"\n               data-description=\"\"\n               data-image-slug=\"img_6164\"\n               class=\"shutterset_56480b96342f806dde94ad9c88fb8675\">\n                <img\n                    title=\"img_6164\"\n                    alt=\"img_6164\"\n                    src=\"http:\/\/www.karate-neuhofen.at\/wp-content\/gallery\/4-trainingslager-in-gnas\/thumbs\/thumbs_img_6164.jpg\"\n                    width=\"50\"\n                    height=\"75\"\n                    style=\"max-width:100%;\"\n                \/>\n            <\/a>\n        <\/div>\n\t\t\t\t\t\t\t<\/div> \n\t\t\t\n        \n\t\t\t\t<div id=\"ngg-image-239\" class=\"ngg-gallery-thumbnail-box\" >\n\t\t\t\t        <div class=\"ngg-gallery-thumbnail\">\n            <a href=\"http:\/\/www.karate-neuhofen.at\/wp-content\/gallery\/4-trainingslager-in-gnas\/img_6165.jpg\"\n               title=\"\"\n               data-src=\"http:\/\/www.karate-neuhofen.at\/wp-content\/gallery\/4-trainingslager-in-gnas\/img_6165.jpg\"\n               data-thumbnail=\"http:\/\/www.karate-neuhofen.at\/wp-content\/gallery\/4-trainingslager-in-gnas\/thumbs\/thumbs_img_6165.jpg\"\n               data-image-id=\"8866\"\n               data-title=\"img_6165\"\n               data-description=\"\"\n               data-image-slug=\"img_6165\"\n               class=\"shutterset_56480b96342f806dde94ad9c88fb8675\">\n                <img\n                    title=\"img_6165\"\n                    alt=\"img_6165\"\n                    src=\"http:\/\/www.karate-neuhofen.at\/wp-content\/gallery\/4-trainingslager-in-gnas\/thumbs\/thumbs_img_6165.jpg\"\n                    width=\"100\"\n                    height=\"66\"\n                    style=\"max-width:100%;\"\n                \/>\n            <\/a>\n        <\/div>\n\t\t\t\t\t\t\t<\/div> \n\t\t\t\n        \n\t\t\t\t<div id=\"ngg-image-240\" class=\"ngg-gallery-thumbnail-box\" >\n\t\t\t\t        <div class=\"ngg-gallery-thumbnail\">\n            <a href=\"http:\/\/www.karate-neuhofen.at\/wp-content\/gallery\/4-trainingslager-in-gnas\/img_6166.jpg\"\n               title=\"\"\n               data-src=\"http:\/\/www.karate-neuhofen.at\/wp-content\/gallery\/4-trainingslager-in-gnas\/img_6166.jpg\"\n               data-thumbnail=\"http:\/\/www.karate-neuhofen.at\/wp-content\/gallery\/4-trainingslager-in-gnas\/thumbs\/thumbs_img_6166.jpg\"\n               data-image-id=\"8867\"\n               data-title=\"img_6166\"\n               data-description=\"\"\n               data-image-slug=\"img_6166\"\n               class=\"shutterset_56480b96342f806dde94ad9c88fb8675\">\n                <img\n                    title=\"img_6166\"\n                    alt=\"img_6166\"\n                    src=\"http:\/\/www.karate-neuhofen.at\/wp-content\/gallery\/4-trainingslager-in-gnas\/thumbs\/thumbs_img_6166.jpg\"\n                    width=\"100\"\n                    height=\"66\"\n                    style=\"max-width:100%;\"\n                \/>\n            <\/a>\n        <\/div>\n\t\t\t\t\t\t\t<\/div> \n\t\t\t\n        \n\t\t\t\t<div id=\"ngg-image-241\" class=\"ngg-gallery-thumbnail-box\" >\n\t\t\t\t        <div class=\"ngg-gallery-thumbnail\">\n            <a href=\"http:\/\/www.karate-neuhofen.at\/wp-content\/gallery\/4-trainingslager-in-gnas\/img_6170.jpg\"\n               title=\"\"\n               data-src=\"http:\/\/www.karate-neuhofen.at\/wp-content\/gallery\/4-trainingslager-in-gnas\/img_6170.jpg\"\n               data-thumbnail=\"http:\/\/www.karate-neuhofen.at\/wp-content\/gallery\/4-trainingslager-in-gnas\/thumbs\/thumbs_img_6170.jpg\"\n               data-image-id=\"8868\"\n               data-title=\"img_6170\"\n               data-description=\"\"\n               data-image-slug=\"img_6170\"\n               class=\"shutterset_56480b96342f806dde94ad9c88fb8675\">\n                <img\n                    title=\"img_6170\"\n                    alt=\"img_6170\"\n                    src=\"http:\/\/www.karate-neuhofen.at\/wp-content\/gallery\/4-trainingslager-in-gnas\/thumbs\/thumbs_img_6170.jpg\"\n                    width=\"50\"\n                    height=\"75\"\n                    style=\"max-width:100%;\"\n                \/>\n            <\/a>\n        <\/div>\n\t\t\t\t\t\t\t<\/div> \n\t\t\t\n        \n\t\t\t\t<div id=\"ngg-image-242\" class=\"ngg-gallery-thumbnail-box\" >\n\t\t\t\t        <div class=\"ngg-gallery-thumbnail\">\n            <a href=\"http:\/\/www.karate-neuhofen.at\/wp-content\/gallery\/4-trainingslager-in-gnas\/img_6174.jpg\"\n               title=\"\"\n               data-src=\"http:\/\/www.karate-neuhofen.at\/wp-content\/gallery\/4-trainingslager-in-gnas\/img_6174.jpg\"\n               data-thumbnail=\"http:\/\/www.karate-neuhofen.at\/wp-content\/gallery\/4-trainingslager-in-gnas\/thumbs\/thumbs_img_6174.jpg\"\n               data-image-id=\"8869\"\n               data-title=\"img_6174\"\n               data-description=\"\"\n               data-image-slug=\"img_6174\"\n               class=\"shutterset_56480b96342f806dde94ad9c88fb8675\">\n                <img\n                    title=\"img_6174\"\n                    alt=\"img_6174\"\n                    src=\"http:\/\/www.karate-neuhofen.at\/wp-content\/gallery\/4-trainingslager-in-gnas\/thumbs\/thumbs_img_6174.jpg\"\n                    width=\"100\"\n                    height=\"66\"\n                    style=\"max-width:100%;\"\n                \/>\n            <\/a>\n        <\/div>\n\t\t\t\t\t\t\t<\/div> \n\t\t\t\n        \n\t\t\t\t<div id=\"ngg-image-243\" class=\"ngg-gallery-thumbnail-box\" >\n\t\t\t\t        <div class=\"ngg-gallery-thumbnail\">\n            <a href=\"http:\/\/www.karate-neuhofen.at\/wp-content\/gallery\/4-trainingslager-in-gnas\/img_6176.jpg\"\n               title=\"\"\n               data-src=\"http:\/\/www.karate-neuhofen.at\/wp-content\/gallery\/4-trainingslager-in-gnas\/img_6176.jpg\"\n               data-thumbnail=\"http:\/\/www.karate-neuhofen.at\/wp-content\/gallery\/4-trainingslager-in-gnas\/thumbs\/thumbs_img_6176.jpg\"\n               data-image-id=\"8870\"\n               data-title=\"img_6176\"\n               data-description=\"\"\n               data-image-slug=\"img_6176\"\n               class=\"shutterset_56480b96342f806dde94ad9c88fb8675\">\n                <img\n                    title=\"img_6176\"\n                    alt=\"img_6176\"\n                    src=\"http:\/\/www.karate-neuhofen.at\/wp-content\/gallery\/4-trainingslager-in-gnas\/thumbs\/thumbs_img_6176.jpg\"\n                    width=\"100\"\n                    height=\"66\"\n                    style=\"max-width:100%;\"\n                \/>\n            <\/a>\n        <\/div>\n\t\t\t\t\t\t\t<\/div> \n\t\t\t\n        \n\t\t\t\t<div id=\"ngg-image-244\" class=\"ngg-gallery-thumbnail-box\" >\n\t\t\t\t        <div class=\"ngg-gallery-thumbnail\">\n            <a href=\"http:\/\/www.karate-neuhofen.at\/wp-content\/gallery\/4-trainingslager-in-gnas\/img_6177.jpg\"\n               title=\"\"\n               data-src=\"http:\/\/www.karate-neuhofen.at\/wp-content\/gallery\/4-trainingslager-in-gnas\/img_6177.jpg\"\n               data-thumbnail=\"http:\/\/www.karate-neuhofen.at\/wp-content\/gallery\/4-trainingslager-in-gnas\/thumbs\/thumbs_img_6177.jpg\"\n               data-image-id=\"8871\"\n               data-title=\"img_6177\"\n               data-description=\"\"\n               data-image-slug=\"img_6177\"\n               class=\"shutterset_56480b96342f806dde94ad9c88fb8675\">\n                <img\n                    title=\"img_6177\"\n                    alt=\"img_6177\"\n                    src=\"http:\/\/www.karate-neuhofen.at\/wp-content\/gallery\/4-trainingslager-in-gnas\/thumbs\/thumbs_img_6177.jpg\"\n                    width=\"100\"\n                    height=\"66\"\n                    style=\"max-width:100%;\"\n                \/>\n            <\/a>\n        <\/div>\n\t\t\t\t\t\t\t<\/div> \n\t\t\t\n        \n\t\t\t\t<div id=\"ngg-image-245\" class=\"ngg-gallery-thumbnail-box\" >\n\t\t\t\t        <div class=\"ngg-gallery-thumbnail\">\n            <a href=\"http:\/\/www.karate-neuhofen.at\/wp-content\/gallery\/4-trainingslager-in-gnas\/img_6178.jpg\"\n               title=\"\"\n               data-src=\"http:\/\/www.karate-neuhofen.at\/wp-content\/gallery\/4-trainingslager-in-gnas\/img_6178.jpg\"\n               data-thumbnail=\"http:\/\/www.karate-neuhofen.at\/wp-content\/gallery\/4-trainingslager-in-gnas\/thumbs\/thumbs_img_6178.jpg\"\n               data-image-id=\"8872\"\n               data-title=\"img_6178\"\n               data-description=\"\"\n               data-image-slug=\"img_6178\"\n               class=\"shutterset_56480b96342f806dde94ad9c88fb8675\">\n                <img\n                    title=\"img_6178\"\n                    alt=\"img_6178\"\n                    src=\"http:\/\/www.karate-neuhofen.at\/wp-content\/gallery\/4-trainingslager-in-gnas\/thumbs\/thumbs_img_6178.jpg\"\n                    width=\"100\"\n                    height=\"66\"\n                    style=\"max-width:100%;\"\n                \/>\n            <\/a>\n        <\/div>\n\t\t\t\t\t\t\t<\/div> \n\t\t\t\n        \n\t\t\t\t<div id=\"ngg-image-246\" class=\"ngg-gallery-thumbnail-box\" >\n\t\t\t\t        <div class=\"ngg-gallery-thumbnail\">\n            <a href=\"http:\/\/www.karate-neuhofen.at\/wp-content\/gallery\/4-trainingslager-in-gnas\/img_6179.jpg\"\n               title=\"\"\n               data-src=\"http:\/\/www.karate-neuhofen.at\/wp-content\/gallery\/4-trainingslager-in-gnas\/img_6179.jpg\"\n               data-thumbnail=\"http:\/\/www.karate-neuhofen.at\/wp-content\/gallery\/4-trainingslager-in-gnas\/thumbs\/thumbs_img_6179.jpg\"\n               data-image-id=\"8873\"\n               data-title=\"img_6179\"\n               data-description=\"\"\n               data-image-slug=\"img_6179\"\n               class=\"shutterset_56480b96342f806dde94ad9c88fb8675\">\n                <img\n                    title=\"img_6179\"\n                    alt=\"img_6179\"\n                    src=\"http:\/\/www.karate-neuhofen.at\/wp-content\/gallery\/4-trainingslager-in-gnas\/thumbs\/thumbs_img_6179.jpg\"\n                    width=\"100\"\n                    height=\"66\"\n                    style=\"max-width:100%;\"\n                \/>\n            <\/a>\n        <\/div>\n\t\t\t\t\t\t\t<\/div> \n\t\t\t\n        \n\t\t\t\t<div id=\"ngg-image-247\" class=\"ngg-gallery-thumbnail-box\" >\n\t\t\t\t        <div class=\"ngg-gallery-thumbnail\">\n            <a href=\"http:\/\/www.karate-neuhofen.at\/wp-content\/gallery\/4-trainingslager-in-gnas\/img_6180.jpg\"\n               title=\"\"\n               data-src=\"http:\/\/www.karate-neuhofen.at\/wp-content\/gallery\/4-trainingslager-in-gnas\/img_6180.jpg\"\n               data-thumbnail=\"http:\/\/www.karate-neuhofen.at\/wp-content\/gallery\/4-trainingslager-in-gnas\/thumbs\/thumbs_img_6180.jpg\"\n               data-image-id=\"8874\"\n               data-title=\"img_6180\"\n               data-description=\"\"\n               data-image-slug=\"img_6180\"\n               class=\"shutterset_56480b96342f806dde94ad9c88fb8675\">\n                <img\n                    title=\"img_6180\"\n                    alt=\"img_6180\"\n                    src=\"http:\/\/www.karate-neuhofen.at\/wp-content\/gallery\/4-trainingslager-in-gnas\/thumbs\/thumbs_img_6180.jpg\"\n                    width=\"100\"\n                    height=\"66\"\n                    style=\"max-width:100%;\"\n                \/>\n            <\/a>\n        <\/div>\n\t\t\t\t\t\t\t<\/div> \n\t\t\t\n        \n\t\t\t\t<div id=\"ngg-image-248\" class=\"ngg-gallery-thumbnail-box\" >\n\t\t\t\t        <div class=\"ngg-gallery-thumbnail\">\n            <a href=\"http:\/\/www.karate-neuhofen.at\/wp-content\/gallery\/4-trainingslager-in-gnas\/img_6181.jpg\"\n               title=\"\"\n               data-src=\"http:\/\/www.karate-neuhofen.at\/wp-content\/gallery\/4-trainingslager-in-gnas\/img_6181.jpg\"\n               data-thumbnail=\"http:\/\/www.karate-neuhofen.at\/wp-content\/gallery\/4-trainingslager-in-gnas\/thumbs\/thumbs_img_6181.jpg\"\n               data-image-id=\"8875\"\n               data-title=\"img_6181\"\n               data-description=\"\"\n               data-image-slug=\"img_6181\"\n               class=\"shutterset_56480b96342f806dde94ad9c88fb8675\">\n                <img\n                    title=\"img_6181\"\n                    alt=\"img_6181\"\n                    src=\"http:\/\/www.karate-neuhofen.at\/wp-content\/gallery\/4-trainingslager-in-gnas\/thumbs\/thumbs_img_6181.jpg\"\n                    width=\"100\"\n                    height=\"66\"\n                    style=\"max-width:100%;\"\n                \/>\n            <\/a>\n        <\/div>\n\t\t\t\t\t\t\t<\/div> \n\t\t\t\n        \n\t\t\t\t<div id=\"ngg-image-249\" class=\"ngg-gallery-thumbnail-box\" >\n\t\t\t\t        <div class=\"ngg-gallery-thumbnail\">\n            <a href=\"http:\/\/www.karate-neuhofen.at\/wp-content\/gallery\/4-trainingslager-in-gnas\/img_6183.jpg\"\n               title=\"\"\n               data-src=\"http:\/\/www.karate-neuhofen.at\/wp-content\/gallery\/4-trainingslager-in-gnas\/img_6183.jpg\"\n               data-thumbnail=\"http:\/\/www.karate-neuhofen.at\/wp-content\/gallery\/4-trainingslager-in-gnas\/thumbs\/thumbs_img_6183.jpg\"\n               data-image-id=\"8876\"\n               data-title=\"img_6183\"\n               data-description=\"\"\n               data-image-slug=\"img_6183\"\n               class=\"shutterset_56480b96342f806dde94ad9c88fb8675\">\n                <img\n                    title=\"img_6183\"\n                    alt=\"img_6183\"\n                    src=\"http:\/\/www.karate-neuhofen.at\/wp-content\/gallery\/4-trainingslager-in-gnas\/thumbs\/thumbs_img_6183.jpg\"\n                    width=\"100\"\n                    height=\"66\"\n                    style=\"max-width:100%;\"\n                \/>\n            <\/a>\n        <\/div>\n\t\t\t\t\t\t\t<\/div> \n\t\t\t\n        \n\t\t\t\t<div id=\"ngg-image-250\" class=\"ngg-gallery-thumbnail-box\" >\n\t\t\t\t        <div class=\"ngg-gallery-thumbnail\">\n            <a href=\"http:\/\/www.karate-neuhofen.at\/wp-content\/gallery\/4-trainingslager-in-gnas\/img_6184.jpg\"\n               title=\"\"\n               data-src=\"http:\/\/www.karate-neuhofen.at\/wp-content\/gallery\/4-trainingslager-in-gnas\/img_6184.jpg\"\n               data-thumbnail=\"http:\/\/www.karate-neuhofen.at\/wp-content\/gallery\/4-trainingslager-in-gnas\/thumbs\/thumbs_img_6184.jpg\"\n               data-image-id=\"8877\"\n               data-title=\"img_6184\"\n               data-description=\"\"\n               data-image-slug=\"img_6184\"\n               class=\"shutterset_56480b96342f806dde94ad9c88fb8675\">\n                <img\n                    title=\"img_6184\"\n                    alt=\"img_6184\"\n                    src=\"http:\/\/www.karate-neuhofen.at\/wp-content\/gallery\/4-trainingslager-in-gnas\/thumbs\/thumbs_img_6184.jpg\"\n                    width=\"100\"\n                    height=\"66\"\n                    style=\"max-width:100%;\"\n                \/>\n            <\/a>\n        <\/div>\n\t\t\t\t\t\t\t<\/div> \n\t\t\t\n        \n\t\t\t\t<div id=\"ngg-image-251\" class=\"ngg-gallery-thumbnail-box\" >\n\t\t\t\t        <div class=\"ngg-gallery-thumbnail\">\n            <a href=\"http:\/\/www.karate-neuhofen.at\/wp-content\/gallery\/4-trainingslager-in-gnas\/img_6185.jpg\"\n               title=\"\"\n               data-src=\"http:\/\/www.karate-neuhofen.at\/wp-content\/gallery\/4-trainingslager-in-gnas\/img_6185.jpg\"\n               data-thumbnail=\"http:\/\/www.karate-neuhofen.at\/wp-content\/gallery\/4-trainingslager-in-gnas\/thumbs\/thumbs_img_6185.jpg\"\n               data-image-id=\"8878\"\n               data-title=\"img_6185\"\n               data-description=\"\"\n               data-image-slug=\"img_6185\"\n               class=\"shutterset_56480b96342f806dde94ad9c88fb8675\">\n                <img\n                    title=\"img_6185\"\n                    alt=\"img_6185\"\n                    src=\"http:\/\/www.karate-neuhofen.at\/wp-content\/gallery\/4-trainingslager-in-gnas\/thumbs\/thumbs_img_6185.jpg\"\n                    width=\"100\"\n                    height=\"66\"\n                    style=\"max-width:100%;\"\n                \/>\n            <\/a>\n        <\/div>\n\t\t\t\t\t\t\t<\/div> \n\t\t\t\n        \n\t\t\t\t<div id=\"ngg-image-252\" class=\"ngg-gallery-thumbnail-box\" >\n\t\t\t\t        <div class=\"ngg-gallery-thumbnail\">\n            <a href=\"http:\/\/www.karate-neuhofen.at\/wp-content\/gallery\/4-trainingslager-in-gnas\/img_6187.jpg\"\n               title=\"\"\n               data-src=\"http:\/\/www.karate-neuhofen.at\/wp-content\/gallery\/4-trainingslager-in-gnas\/img_6187.jpg\"\n               data-thumbnail=\"http:\/\/www.karate-neuhofen.at\/wp-content\/gallery\/4-trainingslager-in-gnas\/thumbs\/thumbs_img_6187.jpg\"\n               data-image-id=\"8879\"\n               data-title=\"img_6187\"\n               data-description=\"\"\n               data-image-slug=\"img_6187\"\n               class=\"shutterset_56480b96342f806dde94ad9c88fb8675\">\n                <img\n                    title=\"img_6187\"\n                    alt=\"img_6187\"\n                    src=\"http:\/\/www.karate-neuhofen.at\/wp-content\/gallery\/4-trainingslager-in-gnas\/thumbs\/thumbs_img_6187.jpg\"\n                    width=\"100\"\n                    height=\"66\"\n                    style=\"max-width:100%;\"\n                \/>\n            <\/a>\n        <\/div>\n\t\t\t\t\t\t\t<\/div> \n\t\t\t\n        \n\t\t\t\t<div id=\"ngg-image-253\" class=\"ngg-gallery-thumbnail-box\" >\n\t\t\t\t        <div class=\"ngg-gallery-thumbnail\">\n            <a href=\"http:\/\/www.karate-neuhofen.at\/wp-content\/gallery\/4-trainingslager-in-gnas\/img_6188.jpg\"\n               title=\"\"\n               data-src=\"http:\/\/www.karate-neuhofen.at\/wp-content\/gallery\/4-trainingslager-in-gnas\/img_6188.jpg\"\n               data-thumbnail=\"http:\/\/www.karate-neuhofen.at\/wp-content\/gallery\/4-trainingslager-in-gnas\/thumbs\/thumbs_img_6188.jpg\"\n               data-image-id=\"8880\"\n               data-title=\"img_6188\"\n               data-description=\"\"\n               data-image-slug=\"img_6188\"\n               class=\"shutterset_56480b96342f806dde94ad9c88fb8675\">\n                <img\n                    title=\"img_6188\"\n                    alt=\"img_6188\"\n                    src=\"http:\/\/www.karate-neuhofen.at\/wp-content\/gallery\/4-trainingslager-in-gnas\/thumbs\/thumbs_img_6188.jpg\"\n                    width=\"100\"\n                    height=\"66\"\n                    style=\"max-width:100%;\"\n                \/>\n            <\/a>\n        <\/div>\n\t\t\t\t\t\t\t<\/div> \n\t\t\t\n        \n\t\t\t\t<div id=\"ngg-image-254\" class=\"ngg-gallery-thumbnail-box\" >\n\t\t\t\t        <div class=\"ngg-gallery-thumbnail\">\n            <a href=\"http:\/\/www.karate-neuhofen.at\/wp-content\/gallery\/4-trainingslager-in-gnas\/img_6189.jpg\"\n               title=\"\"\n               data-src=\"http:\/\/www.karate-neuhofen.at\/wp-content\/gallery\/4-trainingslager-in-gnas\/img_6189.jpg\"\n               data-thumbnail=\"http:\/\/www.karate-neuhofen.at\/wp-content\/gallery\/4-trainingslager-in-gnas\/thumbs\/thumbs_img_6189.jpg\"\n               data-image-id=\"8881\"\n               data-title=\"img_6189\"\n               data-description=\"\"\n               data-image-slug=\"img_6189\"\n               class=\"shutterset_56480b96342f806dde94ad9c88fb8675\">\n                <img\n                    title=\"img_6189\"\n                    alt=\"img_6189\"\n                    src=\"http:\/\/www.karate-neuhofen.at\/wp-content\/gallery\/4-trainingslager-in-gnas\/thumbs\/thumbs_img_6189.jpg\"\n                    width=\"100\"\n                    height=\"66\"\n                    style=\"max-width:100%;\"\n                \/>\n            <\/a>\n        <\/div>\n\t\t\t\t\t\t\t<\/div> \n\t\t\t\n        \n\t\t\t\t<div id=\"ngg-image-255\" class=\"ngg-gallery-thumbnail-box\" >\n\t\t\t\t        <div class=\"ngg-gallery-thumbnail\">\n            <a href=\"http:\/\/www.karate-neuhofen.at\/wp-content\/gallery\/4-trainingslager-in-gnas\/img_6190.jpg\"\n               title=\"\"\n               data-src=\"http:\/\/www.karate-neuhofen.at\/wp-content\/gallery\/4-trainingslager-in-gnas\/img_6190.jpg\"\n               data-thumbnail=\"http:\/\/www.karate-neuhofen.at\/wp-content\/gallery\/4-trainingslager-in-gnas\/thumbs\/thumbs_img_6190.jpg\"\n               data-image-id=\"8882\"\n               data-title=\"img_6190\"\n               data-description=\"\"\n               data-image-slug=\"img_6190\"\n               class=\"shutterset_56480b96342f806dde94ad9c88fb8675\">\n                <img\n                    title=\"img_6190\"\n                    alt=\"img_6190\"\n                    src=\"http:\/\/www.karate-neuhofen.at\/wp-content\/gallery\/4-trainingslager-in-gnas\/thumbs\/thumbs_img_6190.jpg\"\n                    width=\"100\"\n                    height=\"66\"\n                    style=\"max-width:100%;\"\n                \/>\n            <\/a>\n        <\/div>\n\t\t\t\t\t\t\t<\/div> \n\t\t\t\n        \n\t\t\t\t<div id=\"ngg-image-256\" class=\"ngg-gallery-thumbnail-box\" >\n\t\t\t\t        <div class=\"ngg-gallery-thumbnail\">\n            <a href=\"http:\/\/www.karate-neuhofen.at\/wp-content\/gallery\/4-trainingslager-in-gnas\/img_6191.jpg\"\n               title=\"\"\n               data-src=\"http:\/\/www.karate-neuhofen.at\/wp-content\/gallery\/4-trainingslager-in-gnas\/img_6191.jpg\"\n               data-thumbnail=\"http:\/\/www.karate-neuhofen.at\/wp-content\/gallery\/4-trainingslager-in-gnas\/thumbs\/thumbs_img_6191.jpg\"\n               data-image-id=\"8883\"\n               data-title=\"img_6191\"\n               data-description=\"\"\n               data-image-slug=\"img_6191\"\n               class=\"shutterset_56480b96342f806dde94ad9c88fb8675\">\n                <img\n                    title=\"img_6191\"\n                    alt=\"img_6191\"\n                    src=\"http:\/\/www.karate-neuhofen.at\/wp-content\/gallery\/4-trainingslager-in-gnas\/thumbs\/thumbs_img_6191.jpg\"\n                    width=\"100\"\n                    height=\"66\"\n                    style=\"max-width:100%;\"\n                \/>\n            <\/a>\n        <\/div>\n\t\t\t\t\t\t\t<\/div> \n\t\t\t\n        \n\t\t\t\t<div id=\"ngg-image-257\" class=\"ngg-gallery-thumbnail-box\" >\n\t\t\t\t        <div class=\"ngg-gallery-thumbnail\">\n            <a href=\"http:\/\/www.karate-neuhofen.at\/wp-content\/gallery\/4-trainingslager-in-gnas\/img_6193.jpg\"\n               title=\"\"\n               data-src=\"http:\/\/www.karate-neuhofen.at\/wp-content\/gallery\/4-trainingslager-in-gnas\/img_6193.jpg\"\n               data-thumbnail=\"http:\/\/www.karate-neuhofen.at\/wp-content\/gallery\/4-trainingslager-in-gnas\/thumbs\/thumbs_img_6193.jpg\"\n               data-image-id=\"8884\"\n               data-title=\"img_6193\"\n               data-description=\"\"\n               data-image-slug=\"img_6193\"\n               class=\"shutterset_56480b96342f806dde94ad9c88fb8675\">\n                <img\n                    title=\"img_6193\"\n                    alt=\"img_6193\"\n                    src=\"http:\/\/www.karate-neuhofen.at\/wp-content\/gallery\/4-trainingslager-in-gnas\/thumbs\/thumbs_img_6193.jpg\"\n                    width=\"100\"\n                    height=\"66\"\n                    style=\"max-width:100%;\"\n                \/>\n            <\/a>\n        <\/div>\n\t\t\t\t\t\t\t<\/div> \n\t\t\t\n        \n\t\t\t\t<div id=\"ngg-image-258\" class=\"ngg-gallery-thumbnail-box\" >\n\t\t\t\t        <div class=\"ngg-gallery-thumbnail\">\n            <a href=\"http:\/\/www.karate-neuhofen.at\/wp-content\/gallery\/4-trainingslager-in-gnas\/img_6194.jpg\"\n               title=\"\"\n               data-src=\"http:\/\/www.karate-neuhofen.at\/wp-content\/gallery\/4-trainingslager-in-gnas\/img_6194.jpg\"\n               data-thumbnail=\"http:\/\/www.karate-neuhofen.at\/wp-content\/gallery\/4-trainingslager-in-gnas\/thumbs\/thumbs_img_6194.jpg\"\n               data-image-id=\"8885\"\n               data-title=\"img_6194\"\n               data-description=\"\"\n               data-image-slug=\"img_6194\"\n               class=\"shutterset_56480b96342f806dde94ad9c88fb8675\">\n                <img\n                    title=\"img_6194\"\n                    alt=\"img_6194\"\n                    src=\"http:\/\/www.karate-neuhofen.at\/wp-content\/gallery\/4-trainingslager-in-gnas\/thumbs\/thumbs_img_6194.jpg\"\n                    width=\"100\"\n                    height=\"66\"\n                    style=\"max-width:100%;\"\n                \/>\n            <\/a>\n        <\/div>\n\t\t\t\t\t\t\t<\/div> \n\t\t\t\n        \n\t\t\t\t<div id=\"ngg-image-259\" class=\"ngg-gallery-thumbnail-box\" >\n\t\t\t\t        <div class=\"ngg-gallery-thumbnail\">\n            <a href=\"http:\/\/www.karate-neuhofen.at\/wp-content\/gallery\/4-trainingslager-in-gnas\/img_6199.jpg\"\n               title=\"\"\n               data-src=\"http:\/\/www.karate-neuhofen.at\/wp-content\/gallery\/4-trainingslager-in-gnas\/img_6199.jpg\"\n               data-thumbnail=\"http:\/\/www.karate-neuhofen.at\/wp-content\/gallery\/4-trainingslager-in-gnas\/thumbs\/thumbs_img_6199.jpg\"\n               data-image-id=\"8886\"\n               data-title=\"img_6199\"\n               data-description=\"\"\n               data-image-slug=\"img_6199\"\n               class=\"shutterset_56480b96342f806dde94ad9c88fb8675\">\n                <img\n                    title=\"img_6199\"\n                    alt=\"img_6199\"\n                    src=\"http:\/\/www.karate-neuhofen.at\/wp-content\/gallery\/4-trainingslager-in-gnas\/thumbs\/thumbs_img_6199.jpg\"\n                    width=\"100\"\n                    height=\"66\"\n                    style=\"max-width:100%;\"\n                \/>\n            <\/a>\n        <\/div>\n\t\t\t\t\t\t\t<\/div> \n\t\t\t\n        \n\t\t\t\t<div id=\"ngg-image-260\" class=\"ngg-gallery-thumbnail-box\" >\n\t\t\t\t        <div class=\"ngg-gallery-thumbnail\">\n            <a href=\"http:\/\/www.karate-neuhofen.at\/wp-content\/gallery\/4-trainingslager-in-gnas\/img_6200.jpg\"\n               title=\"\"\n               data-src=\"http:\/\/www.karate-neuhofen.at\/wp-content\/gallery\/4-trainingslager-in-gnas\/img_6200.jpg\"\n               data-thumbnail=\"http:\/\/www.karate-neuhofen.at\/wp-content\/gallery\/4-trainingslager-in-gnas\/thumbs\/thumbs_img_6200.jpg\"\n               data-image-id=\"8887\"\n               data-title=\"img_6200\"\n               data-description=\"\"\n               data-image-slug=\"img_6200\"\n               class=\"shutterset_56480b96342f806dde94ad9c88fb8675\">\n                <img\n                    title=\"img_6200\"\n                    alt=\"img_6200\"\n                    src=\"http:\/\/www.karate-neuhofen.at\/wp-content\/gallery\/4-trainingslager-in-gnas\/thumbs\/thumbs_img_6200.jpg\"\n                    width=\"100\"\n                    height=\"66\"\n                    style=\"max-width:100%;\"\n                \/>\n            <\/a>\n        <\/div>\n\t\t\t\t\t\t\t<\/div> \n\t\t\t\n        \n\t\t\t\t<div id=\"ngg-image-261\" class=\"ngg-gallery-thumbnail-box\" >\n\t\t\t\t        <div class=\"ngg-gallery-thumbnail\">\n            <a href=\"http:\/\/www.karate-neuhofen.at\/wp-content\/gallery\/4-trainingslager-in-gnas\/img_6202.jpg\"\n               title=\"\"\n               data-src=\"http:\/\/www.karate-neuhofen.at\/wp-content\/gallery\/4-trainingslager-in-gnas\/img_6202.jpg\"\n               data-thumbnail=\"http:\/\/www.karate-neuhofen.at\/wp-content\/gallery\/4-trainingslager-in-gnas\/thumbs\/thumbs_img_6202.jpg\"\n               data-image-id=\"8888\"\n               data-title=\"img_6202\"\n               data-description=\"\"\n               data-image-slug=\"img_6202\"\n               class=\"shutterset_56480b96342f806dde94ad9c88fb8675\">\n                <img\n                    title=\"img_6202\"\n                    alt=\"img_6202\"\n                    src=\"http:\/\/www.karate-neuhofen.at\/wp-content\/gallery\/4-trainingslager-in-gnas\/thumbs\/thumbs_img_6202.jpg\"\n                    width=\"100\"\n                    height=\"66\"\n                    style=\"max-width:100%;\"\n                \/>\n            <\/a>\n        <\/div>\n\t\t\t\t\t\t\t<\/div> \n\t\t\t\n        \n\t\t\t\t<div id=\"ngg-image-262\" class=\"ngg-gallery-thumbnail-box\" >\n\t\t\t\t        <div class=\"ngg-gallery-thumbnail\">\n            <a href=\"http:\/\/www.karate-neuhofen.at\/wp-content\/gallery\/4-trainingslager-in-gnas\/img_6203.jpg\"\n               title=\"\"\n               data-src=\"http:\/\/www.karate-neuhofen.at\/wp-content\/gallery\/4-trainingslager-in-gnas\/img_6203.jpg\"\n               data-thumbnail=\"http:\/\/www.karate-neuhofen.at\/wp-content\/gallery\/4-trainingslager-in-gnas\/thumbs\/thumbs_img_6203.jpg\"\n               data-image-id=\"8889\"\n               data-title=\"img_6203\"\n               data-description=\"\"\n               data-image-slug=\"img_6203\"\n               class=\"shutterset_56480b96342f806dde94ad9c88fb8675\">\n                <img\n                    title=\"img_6203\"\n                    alt=\"img_6203\"\n                    src=\"http:\/\/www.karate-neuhofen.at\/wp-content\/gallery\/4-trainingslager-in-gnas\/thumbs\/thumbs_img_6203.jpg\"\n                    width=\"100\"\n                    height=\"66\"\n                    style=\"max-width:100%;\"\n                \/>\n            <\/a>\n        <\/div>\n\t\t\t\t\t\t\t<\/div> \n\t\t\t\n        \n\t\t\t\t<div id=\"ngg-image-263\" class=\"ngg-gallery-thumbnail-box\" >\n\t\t\t\t        <div class=\"ngg-gallery-thumbnail\">\n            <a href=\"http:\/\/www.karate-neuhofen.at\/wp-content\/gallery\/4-trainingslager-in-gnas\/img_6207.jpg\"\n               title=\"\"\n               data-src=\"http:\/\/www.karate-neuhofen.at\/wp-content\/gallery\/4-trainingslager-in-gnas\/img_6207.jpg\"\n               data-thumbnail=\"http:\/\/www.karate-neuhofen.at\/wp-content\/gallery\/4-trainingslager-in-gnas\/thumbs\/thumbs_img_6207.jpg\"\n               data-image-id=\"8890\"\n               data-title=\"img_6207\"\n               data-description=\"\"\n               data-image-slug=\"img_6207\"\n               class=\"shutterset_56480b96342f806dde94ad9c88fb8675\">\n                <img\n                    title=\"img_6207\"\n                    alt=\"img_6207\"\n                    src=\"http:\/\/www.karate-neuhofen.at\/wp-content\/gallery\/4-trainingslager-in-gnas\/thumbs\/thumbs_img_6207.jpg\"\n                    width=\"100\"\n                    height=\"66\"\n                    style=\"max-width:100%;\"\n                \/>\n            <\/a>\n        <\/div>\n\t\t\t\t\t\t\t<\/div> \n\t\t\t\n        \n\t\t\t\t<div id=\"ngg-image-264\" class=\"ngg-gallery-thumbnail-box\" >\n\t\t\t\t        <div class=\"ngg-gallery-thumbnail\">\n            <a href=\"http:\/\/www.karate-neuhofen.at\/wp-content\/gallery\/4-trainingslager-in-gnas\/img_6208.jpg\"\n               title=\"\"\n               data-src=\"http:\/\/www.karate-neuhofen.at\/wp-content\/gallery\/4-trainingslager-in-gnas\/img_6208.jpg\"\n               data-thumbnail=\"http:\/\/www.karate-neuhofen.at\/wp-content\/gallery\/4-trainingslager-in-gnas\/thumbs\/thumbs_img_6208.jpg\"\n               data-image-id=\"8891\"\n               data-title=\"img_6208\"\n               data-description=\"\"\n               data-image-slug=\"img_6208\"\n               class=\"shutterset_56480b96342f806dde94ad9c88fb8675\">\n                <img\n                    title=\"img_6208\"\n                    alt=\"img_6208\"\n                    src=\"http:\/\/www.karate-neuhofen.at\/wp-content\/gallery\/4-trainingslager-in-gnas\/thumbs\/thumbs_img_6208.jpg\"\n                    width=\"100\"\n                    height=\"66\"\n                    style=\"max-width:100%;\"\n                \/>\n            <\/a>\n        <\/div>\n\t\t\t\t\t\t\t<\/div> \n\t\t\t\n        \n\t\t\t\t<div id=\"ngg-image-265\" class=\"ngg-gallery-thumbnail-box\" >\n\t\t\t\t        <div class=\"ngg-gallery-thumbnail\">\n            <a href=\"http:\/\/www.karate-neuhofen.at\/wp-content\/gallery\/4-trainingslager-in-gnas\/img_6210.jpg\"\n               title=\"\"\n               data-src=\"http:\/\/www.karate-neuhofen.at\/wp-content\/gallery\/4-trainingslager-in-gnas\/img_6210.jpg\"\n               data-thumbnail=\"http:\/\/www.karate-neuhofen.at\/wp-content\/gallery\/4-trainingslager-in-gnas\/thumbs\/thumbs_img_6210.jpg\"\n               data-image-id=\"8892\"\n               data-title=\"img_6210\"\n               data-description=\"\"\n               data-image-slug=\"img_6210\"\n               class=\"shutterset_56480b96342f806dde94ad9c88fb8675\">\n                <img\n                    title=\"img_6210\"\n                    alt=\"img_6210\"\n                    src=\"http:\/\/www.karate-neuhofen.at\/wp-content\/gallery\/4-trainingslager-in-gnas\/thumbs\/thumbs_img_6210.jpg\"\n                    width=\"100\"\n                    height=\"66\"\n                    style=\"max-width:100%;\"\n                \/>\n            <\/a>\n        <\/div>\n\t\t\t\t\t\t\t<\/div> \n\t\t\t\n        \n\t\t\t\t<div id=\"ngg-image-266\" class=\"ngg-gallery-thumbnail-box\" >\n\t\t\t\t        <div class=\"ngg-gallery-thumbnail\">\n            <a href=\"http:\/\/www.karate-neuhofen.at\/wp-content\/gallery\/4-trainingslager-in-gnas\/img_6211.jpg\"\n               title=\"\"\n               data-src=\"http:\/\/www.karate-neuhofen.at\/wp-content\/gallery\/4-trainingslager-in-gnas\/img_6211.jpg\"\n               data-thumbnail=\"http:\/\/www.karate-neuhofen.at\/wp-content\/gallery\/4-trainingslager-in-gnas\/thumbs\/thumbs_img_6211.jpg\"\n               data-image-id=\"8893\"\n               data-title=\"img_6211\"\n               data-description=\"\"\n               data-image-slug=\"img_6211\"\n               class=\"shutterset_56480b96342f806dde94ad9c88fb8675\">\n                <img\n                    title=\"img_6211\"\n                    alt=\"img_6211\"\n                    src=\"http:\/\/www.karate-neuhofen.at\/wp-content\/gallery\/4-trainingslager-in-gnas\/thumbs\/thumbs_img_6211.jpg\"\n                    width=\"100\"\n                    height=\"66\"\n                    style=\"max-width:100%;\"\n                \/>\n            <\/a>\n        <\/div>\n\t\t\t\t\t\t\t<\/div> \n\t\t\t\n        \n\t\t\t\t<div id=\"ngg-image-267\" class=\"ngg-gallery-thumbnail-box\" >\n\t\t\t\t        <div class=\"ngg-gallery-thumbnail\">\n            <a href=\"http:\/\/www.karate-neuhofen.at\/wp-content\/gallery\/4-trainingslager-in-gnas\/img_6212.jpg\"\n               title=\"\"\n               data-src=\"http:\/\/www.karate-neuhofen.at\/wp-content\/gallery\/4-trainingslager-in-gnas\/img_6212.jpg\"\n               data-thumbnail=\"http:\/\/www.karate-neuhofen.at\/wp-content\/gallery\/4-trainingslager-in-gnas\/thumbs\/thumbs_img_6212.jpg\"\n               data-image-id=\"8894\"\n               data-title=\"img_6212\"\n               data-description=\"\"\n               data-image-slug=\"img_6212\"\n               class=\"shutterset_56480b96342f806dde94ad9c88fb8675\">\n                <img\n                    title=\"img_6212\"\n                    alt=\"img_6212\"\n                    src=\"http:\/\/www.karate-neuhofen.at\/wp-content\/gallery\/4-trainingslager-in-gnas\/thumbs\/thumbs_img_6212.jpg\"\n                    width=\"100\"\n                    height=\"66\"\n                    style=\"max-width:100%;\"\n                \/>\n            <\/a>\n        <\/div>\n\t\t\t\t\t\t\t<\/div> \n\t\t\t\n        \n\t\t\t\t<div id=\"ngg-image-268\" class=\"ngg-gallery-thumbnail-box\" >\n\t\t\t\t        <div class=\"ngg-gallery-thumbnail\">\n            <a href=\"http:\/\/www.karate-neuhofen.at\/wp-content\/gallery\/4-trainingslager-in-gnas\/img_6214.jpg\"\n               title=\"\"\n               data-src=\"http:\/\/www.karate-neuhofen.at\/wp-content\/gallery\/4-trainingslager-in-gnas\/img_6214.jpg\"\n               data-thumbnail=\"http:\/\/www.karate-neuhofen.at\/wp-content\/gallery\/4-trainingslager-in-gnas\/thumbs\/thumbs_img_6214.jpg\"\n               data-image-id=\"8895\"\n               data-title=\"img_6214\"\n               data-description=\"\"\n               data-image-slug=\"img_6214\"\n               class=\"shutterset_56480b96342f806dde94ad9c88fb8675\">\n                <img\n                    title=\"img_6214\"\n                    alt=\"img_6214\"\n                    src=\"http:\/\/www.karate-neuhofen.at\/wp-content\/gallery\/4-trainingslager-in-gnas\/thumbs\/thumbs_img_6214.jpg\"\n                    width=\"100\"\n                    height=\"66\"\n                    style=\"max-width:100%;\"\n                \/>\n            <\/a>\n        <\/div>\n\t\t\t\t\t\t\t<\/div> \n\t\t\t\n        \n\t\t\t\t<div id=\"ngg-image-269\" class=\"ngg-gallery-thumbnail-box\" >\n\t\t\t\t        <div class=\"ngg-gallery-thumbnail\">\n            <a href=\"http:\/\/www.karate-neuhofen.at\/wp-content\/gallery\/4-trainingslager-in-gnas\/img_6217.jpg\"\n               title=\"\"\n               data-src=\"http:\/\/www.karate-neuhofen.at\/wp-content\/gallery\/4-trainingslager-in-gnas\/img_6217.jpg\"\n               data-thumbnail=\"http:\/\/www.karate-neuhofen.at\/wp-content\/gallery\/4-trainingslager-in-gnas\/thumbs\/thumbs_img_6217.jpg\"\n               data-image-id=\"8896\"\n               data-title=\"img_6217\"\n               data-description=\"\"\n               data-image-slug=\"img_6217\"\n               class=\"shutterset_56480b96342f806dde94ad9c88fb8675\">\n                <img\n                    title=\"img_6217\"\n                    alt=\"img_6217\"\n                    src=\"http:\/\/www.karate-neuhofen.at\/wp-content\/gallery\/4-trainingslager-in-gnas\/thumbs\/thumbs_img_6217.jpg\"\n                    width=\"100\"\n                    height=\"66\"\n                    style=\"max-width:100%;\"\n                \/>\n            <\/a>\n        <\/div>\n\t\t\t\t\t\t\t<\/div> \n\t\t\t\n        \n\t\t\t\t<div id=\"ngg-image-270\" class=\"ngg-gallery-thumbnail-box\" >\n\t\t\t\t        <div class=\"ngg-gallery-thumbnail\">\n            <a href=\"http:\/\/www.karate-neuhofen.at\/wp-content\/gallery\/4-trainingslager-in-gnas\/img_6220.jpg\"\n               title=\"\"\n               data-src=\"http:\/\/www.karate-neuhofen.at\/wp-content\/gallery\/4-trainingslager-in-gnas\/img_6220.jpg\"\n               data-thumbnail=\"http:\/\/www.karate-neuhofen.at\/wp-content\/gallery\/4-trainingslager-in-gnas\/thumbs\/thumbs_img_6220.jpg\"\n               data-image-id=\"8897\"\n               data-title=\"img_6220\"\n               data-description=\"\"\n               data-image-slug=\"img_6220\"\n               class=\"shutterset_56480b96342f806dde94ad9c88fb8675\">\n                <img\n                    title=\"img_6220\"\n                    alt=\"img_6220\"\n                    src=\"http:\/\/www.karate-neuhofen.at\/wp-content\/gallery\/4-trainingslager-in-gnas\/thumbs\/thumbs_img_6220.jpg\"\n                    width=\"100\"\n                    height=\"66\"\n                    style=\"max-width:100%;\"\n                \/>\n            <\/a>\n        <\/div>\n\t\t\t\t\t\t\t<\/div> \n\t\t\t\n        \n\t\t\t\t<div id=\"ngg-image-271\" class=\"ngg-gallery-thumbnail-box\" >\n\t\t\t\t        <div class=\"ngg-gallery-thumbnail\">\n            <a href=\"http:\/\/www.karate-neuhofen.at\/wp-content\/gallery\/4-trainingslager-in-gnas\/img_6221.jpg\"\n               title=\"\"\n               data-src=\"http:\/\/www.karate-neuhofen.at\/wp-content\/gallery\/4-trainingslager-in-gnas\/img_6221.jpg\"\n               data-thumbnail=\"http:\/\/www.karate-neuhofen.at\/wp-content\/gallery\/4-trainingslager-in-gnas\/thumbs\/thumbs_img_6221.jpg\"\n               data-image-id=\"8898\"\n               data-title=\"img_6221\"\n               data-description=\"\"\n               data-image-slug=\"img_6221\"\n               class=\"shutterset_56480b96342f806dde94ad9c88fb8675\">\n                <img\n                    title=\"img_6221\"\n                    alt=\"img_6221\"\n                    src=\"http:\/\/www.karate-neuhofen.at\/wp-content\/gallery\/4-trainingslager-in-gnas\/thumbs\/thumbs_img_6221.jpg\"\n                    width=\"100\"\n                    height=\"66\"\n                    style=\"max-width:100%;\"\n                \/>\n            <\/a>\n        <\/div>\n\t\t\t\t\t\t\t<\/div> \n\t\t\t\n        \n\t\t\t\t<div id=\"ngg-image-272\" class=\"ngg-gallery-thumbnail-box\" >\n\t\t\t\t        <div class=\"ngg-gallery-thumbnail\">\n            <a href=\"http:\/\/www.karate-neuhofen.at\/wp-content\/gallery\/4-trainingslager-in-gnas\/img_6222.jpg\"\n               title=\"\"\n               data-src=\"http:\/\/www.karate-neuhofen.at\/wp-content\/gallery\/4-trainingslager-in-gnas\/img_6222.jpg\"\n               data-thumbnail=\"http:\/\/www.karate-neuhofen.at\/wp-content\/gallery\/4-trainingslager-in-gnas\/thumbs\/thumbs_img_6222.jpg\"\n               data-image-id=\"8899\"\n               data-title=\"img_6222\"\n               data-description=\"\"\n               data-image-slug=\"img_6222\"\n               class=\"shutterset_56480b96342f806dde94ad9c88fb8675\">\n                <img\n                    title=\"img_6222\"\n                    alt=\"img_6222\"\n                    src=\"http:\/\/www.karate-neuhofen.at\/wp-content\/gallery\/4-trainingslager-in-gnas\/thumbs\/thumbs_img_6222.jpg\"\n                    width=\"100\"\n                    height=\"66\"\n                    style=\"max-width:100%;\"\n                \/>\n            <\/a>\n        <\/div>\n\t\t\t\t\t\t\t<\/div> \n\t\t\t\n        \n\t\t\t\t<div id=\"ngg-image-273\" class=\"ngg-gallery-thumbnail-box\" >\n\t\t\t\t        <div class=\"ngg-gallery-thumbnail\">\n            <a href=\"http:\/\/www.karate-neuhofen.at\/wp-content\/gallery\/4-trainingslager-in-gnas\/img_6224.jpg\"\n               title=\"\"\n               data-src=\"http:\/\/www.karate-neuhofen.at\/wp-content\/gallery\/4-trainingslager-in-gnas\/img_6224.jpg\"\n               data-thumbnail=\"http:\/\/www.karate-neuhofen.at\/wp-content\/gallery\/4-trainingslager-in-gnas\/thumbs\/thumbs_img_6224.jpg\"\n               data-image-id=\"8900\"\n               data-title=\"img_6224\"\n               data-description=\"\"\n               data-image-slug=\"img_6224\"\n               class=\"shutterset_56480b96342f806dde94ad9c88fb8675\">\n                <img\n                    title=\"img_6224\"\n                    alt=\"img_6224\"\n                    src=\"http:\/\/www.karate-neuhofen.at\/wp-content\/gallery\/4-trainingslager-in-gnas\/thumbs\/thumbs_img_6224.jpg\"\n                    width=\"100\"\n                    height=\"66\"\n                    style=\"max-width:100%;\"\n                \/>\n            <\/a>\n        <\/div>\n\t\t\t\t\t\t\t<\/div> \n\t\t\t\n        \n\t\t\t\t<div id=\"ngg-image-274\" class=\"ngg-gallery-thumbnail-box\" >\n\t\t\t\t        <div class=\"ngg-gallery-thumbnail\">\n            <a href=\"http:\/\/www.karate-neuhofen.at\/wp-content\/gallery\/4-trainingslager-in-gnas\/img_6225.jpg\"\n               title=\"\"\n               data-src=\"http:\/\/www.karate-neuhofen.at\/wp-content\/gallery\/4-trainingslager-in-gnas\/img_6225.jpg\"\n               data-thumbnail=\"http:\/\/www.karate-neuhofen.at\/wp-content\/gallery\/4-trainingslager-in-gnas\/thumbs\/thumbs_img_6225.jpg\"\n               data-image-id=\"8901\"\n               data-title=\"img_6225\"\n               data-description=\"\"\n               data-image-slug=\"img_6225\"\n               class=\"shutterset_56480b96342f806dde94ad9c88fb8675\">\n                <img\n                    title=\"img_6225\"\n                    alt=\"img_6225\"\n                    src=\"http:\/\/www.karate-neuhofen.at\/wp-content\/gallery\/4-trainingslager-in-gnas\/thumbs\/thumbs_img_6225.jpg\"\n                    width=\"100\"\n                    height=\"66\"\n                    style=\"max-width:100%;\"\n                \/>\n            <\/a>\n        <\/div>\n\t\t\t\t\t\t\t<\/div> \n\t\t\t\n        \n\t\t\t\t<div id=\"ngg-image-275\" class=\"ngg-gallery-thumbnail-box\" >\n\t\t\t\t        <div class=\"ngg-gallery-thumbnail\">\n            <a href=\"http:\/\/www.karate-neuhofen.at\/wp-content\/gallery\/4-trainingslager-in-gnas\/img_6226.jpg\"\n               title=\"\"\n               data-src=\"http:\/\/www.karate-neuhofen.at\/wp-content\/gallery\/4-trainingslager-in-gnas\/img_6226.jpg\"\n               data-thumbnail=\"http:\/\/www.karate-neuhofen.at\/wp-content\/gallery\/4-trainingslager-in-gnas\/thumbs\/thumbs_img_6226.jpg\"\n               data-image-id=\"8902\"\n               data-title=\"img_6226\"\n               data-description=\"\"\n               data-image-slug=\"img_6226\"\n               class=\"shutterset_56480b96342f806dde94ad9c88fb8675\">\n                <img\n                    title=\"img_6226\"\n                    alt=\"img_6226\"\n                    src=\"http:\/\/www.karate-neuhofen.at\/wp-content\/gallery\/4-trainingslager-in-gnas\/thumbs\/thumbs_img_6226.jpg\"\n                    width=\"100\"\n                    height=\"66\"\n                    style=\"max-width:100%;\"\n                \/>\n            <\/a>\n        <\/div>\n\t\t\t\t\t\t\t<\/div> \n\t\t\t\n        \n\t\t\t\t<div id=\"ngg-image-276\" class=\"ngg-gallery-thumbnail-box\" >\n\t\t\t\t        <div class=\"ngg-gallery-thumbnail\">\n            <a href=\"http:\/\/www.karate-neuhofen.at\/wp-content\/gallery\/4-trainingslager-in-gnas\/img_6231.jpg\"\n               title=\"\"\n               data-src=\"http:\/\/www.karate-neuhofen.at\/wp-content\/gallery\/4-trainingslager-in-gnas\/img_6231.jpg\"\n               data-thumbnail=\"http:\/\/www.karate-neuhofen.at\/wp-content\/gallery\/4-trainingslager-in-gnas\/thumbs\/thumbs_img_6231.jpg\"\n               data-image-id=\"8903\"\n               data-title=\"img_6231\"\n               data-description=\"\"\n               data-image-slug=\"img_6231\"\n               class=\"shutterset_56480b96342f806dde94ad9c88fb8675\">\n                <img\n                    title=\"img_6231\"\n                    alt=\"img_6231\"\n                    src=\"http:\/\/www.karate-neuhofen.at\/wp-content\/gallery\/4-trainingslager-in-gnas\/thumbs\/thumbs_img_6231.jpg\"\n                    width=\"100\"\n                    height=\"66\"\n                    style=\"max-width:100%;\"\n                \/>\n            <\/a>\n        <\/div>\n\t\t\t\t\t\t\t<\/div> \n\t\t\t\n        \n\t\t\t\t<div id=\"ngg-image-277\" class=\"ngg-gallery-thumbnail-box\" >\n\t\t\t\t        <div class=\"ngg-gallery-thumbnail\">\n            <a href=\"http:\/\/www.karate-neuhofen.at\/wp-content\/gallery\/4-trainingslager-in-gnas\/img_6236.jpg\"\n               title=\"\"\n               data-src=\"http:\/\/www.karate-neuhofen.at\/wp-content\/gallery\/4-trainingslager-in-gnas\/img_6236.jpg\"\n               data-thumbnail=\"http:\/\/www.karate-neuhofen.at\/wp-content\/gallery\/4-trainingslager-in-gnas\/thumbs\/thumbs_img_6236.jpg\"\n               data-image-id=\"8904\"\n               data-title=\"img_6236\"\n               data-description=\"\"\n               data-image-slug=\"img_6236\"\n               class=\"shutterset_56480b96342f806dde94ad9c88fb8675\">\n                <img\n                    title=\"img_6236\"\n                    alt=\"img_6236\"\n                    src=\"http:\/\/www.karate-neuhofen.at\/wp-content\/gallery\/4-trainingslager-in-gnas\/thumbs\/thumbs_img_6236.jpg\"\n                    width=\"100\"\n                    height=\"66\"\n                    style=\"max-width:100%;\"\n                \/>\n            <\/a>\n        <\/div>\n\t\t\t\t\t\t\t<\/div> \n\t\t\t\n        \n\t\t\t\t<div id=\"ngg-image-278\" class=\"ngg-gallery-thumbnail-box\" >\n\t\t\t\t        <div class=\"ngg-gallery-thumbnail\">\n            <a href=\"http:\/\/www.karate-neuhofen.at\/wp-content\/gallery\/4-trainingslager-in-gnas\/img_6249.jpg\"\n               title=\"\"\n               data-src=\"http:\/\/www.karate-neuhofen.at\/wp-content\/gallery\/4-trainingslager-in-gnas\/img_6249.jpg\"\n               data-thumbnail=\"http:\/\/www.karate-neuhofen.at\/wp-content\/gallery\/4-trainingslager-in-gnas\/thumbs\/thumbs_img_6249.jpg\"\n               data-image-id=\"8905\"\n               data-title=\"img_6249\"\n               data-description=\"\"\n               data-image-slug=\"img_6249\"\n               class=\"shutterset_56480b96342f806dde94ad9c88fb8675\">\n                <img\n                    title=\"img_6249\"\n                    alt=\"img_6249\"\n                    src=\"http:\/\/www.karate-neuhofen.at\/wp-content\/gallery\/4-trainingslager-in-gnas\/thumbs\/thumbs_img_6249.jpg\"\n                    width=\"100\"\n                    height=\"66\"\n                    style=\"max-width:100%;\"\n                \/>\n            <\/a>\n        <\/div>\n\t\t\t\t\t\t\t<\/div> \n\t\t\t\n        \n\t\t\t\t<div id=\"ngg-image-279\" class=\"ngg-gallery-thumbnail-box\" >\n\t\t\t\t        <div class=\"ngg-gallery-thumbnail\">\n            <a href=\"http:\/\/www.karate-neuhofen.at\/wp-content\/gallery\/4-trainingslager-in-gnas\/img_6251.jpg\"\n               title=\"\"\n               data-src=\"http:\/\/www.karate-neuhofen.at\/wp-content\/gallery\/4-trainingslager-in-gnas\/img_6251.jpg\"\n               data-thumbnail=\"http:\/\/www.karate-neuhofen.at\/wp-content\/gallery\/4-trainingslager-in-gnas\/thumbs\/thumbs_img_6251.jpg\"\n               data-image-id=\"8906\"\n               data-title=\"img_6251\"\n               data-description=\"\"\n               data-image-slug=\"img_6251\"\n               class=\"shutterset_56480b96342f806dde94ad9c88fb8675\">\n                <img\n                    title=\"img_6251\"\n                    alt=\"img_6251\"\n                    src=\"http:\/\/www.karate-neuhofen.at\/wp-content\/gallery\/4-trainingslager-in-gnas\/thumbs\/thumbs_img_6251.jpg\"\n                    width=\"100\"\n                    height=\"66\"\n                    style=\"max-width:100%;\"\n                \/>\n            <\/a>\n        <\/div>\n\t\t\t\t\t\t\t<\/div> \n\t\t\t\n        \n\t\t\t\t<div id=\"ngg-image-280\" class=\"ngg-gallery-thumbnail-box\" >\n\t\t\t\t        <div class=\"ngg-gallery-thumbnail\">\n            <a href=\"http:\/\/www.karate-neuhofen.at\/wp-content\/gallery\/4-trainingslager-in-gnas\/img_6252.jpg\"\n               title=\"\"\n               data-src=\"http:\/\/www.karate-neuhofen.at\/wp-content\/gallery\/4-trainingslager-in-gnas\/img_6252.jpg\"\n               data-thumbnail=\"http:\/\/www.karate-neuhofen.at\/wp-content\/gallery\/4-trainingslager-in-gnas\/thumbs\/thumbs_img_6252.jpg\"\n               data-image-id=\"8907\"\n               data-title=\"img_6252\"\n               data-description=\"\"\n               data-image-slug=\"img_6252\"\n               class=\"shutterset_56480b96342f806dde94ad9c88fb8675\">\n                <img\n                    title=\"img_6252\"\n                    alt=\"img_6252\"\n                    src=\"http:\/\/www.karate-neuhofen.at\/wp-content\/gallery\/4-trainingslager-in-gnas\/thumbs\/thumbs_img_6252.jpg\"\n                    width=\"100\"\n                    height=\"66\"\n                    style=\"max-width:100%;\"\n                \/>\n            <\/a>\n        <\/div>\n\t\t\t\t\t\t\t<\/div> \n\t\t\t\n        \n\t\t\t\t<div id=\"ngg-image-281\" class=\"ngg-gallery-thumbnail-box\" >\n\t\t\t\t        <div class=\"ngg-gallery-thumbnail\">\n            <a href=\"http:\/\/www.karate-neuhofen.at\/wp-content\/gallery\/4-trainingslager-in-gnas\/img_6254.jpg\"\n               title=\"\"\n               data-src=\"http:\/\/www.karate-neuhofen.at\/wp-content\/gallery\/4-trainingslager-in-gnas\/img_6254.jpg\"\n               data-thumbnail=\"http:\/\/www.karate-neuhofen.at\/wp-content\/gallery\/4-trainingslager-in-gnas\/thumbs\/thumbs_img_6254.jpg\"\n               data-image-id=\"8908\"\n               data-title=\"img_6254\"\n               data-description=\"\"\n               data-image-slug=\"img_6254\"\n               class=\"shutterset_56480b96342f806dde94ad9c88fb8675\">\n                <img\n                    title=\"img_6254\"\n                    alt=\"img_6254\"\n                    src=\"http:\/\/www.karate-neuhofen.at\/wp-content\/gallery\/4-trainingslager-in-gnas\/thumbs\/thumbs_img_6254.jpg\"\n                    width=\"100\"\n                    height=\"66\"\n                    style=\"max-width:100%;\"\n                \/>\n            <\/a>\n        <\/div>\n\t\t\t\t\t\t\t<\/div> \n\t\t\t\n        \n\t\t\t\t<div id=\"ngg-image-282\" class=\"ngg-gallery-thumbnail-box\" >\n\t\t\t\t        <div class=\"ngg-gallery-thumbnail\">\n            <a href=\"http:\/\/www.karate-neuhofen.at\/wp-content\/gallery\/4-trainingslager-in-gnas\/img_6260.jpg\"\n               title=\"\"\n               data-src=\"http:\/\/www.karate-neuhofen.at\/wp-content\/gallery\/4-trainingslager-in-gnas\/img_6260.jpg\"\n               data-thumbnail=\"http:\/\/www.karate-neuhofen.at\/wp-content\/gallery\/4-trainingslager-in-gnas\/thumbs\/thumbs_img_6260.jpg\"\n               data-image-id=\"8909\"\n               data-title=\"img_6260\"\n               data-description=\"\"\n               data-image-slug=\"img_6260\"\n               class=\"shutterset_56480b96342f806dde94ad9c88fb8675\">\n                <img\n                    title=\"img_6260\"\n                    alt=\"img_6260\"\n                    src=\"http:\/\/www.karate-neuhofen.at\/wp-content\/gallery\/4-trainingslager-in-gnas\/thumbs\/thumbs_img_6260.jpg\"\n                    width=\"100\"\n                    height=\"66\"\n                    style=\"max-width:100%;\"\n                \/>\n            <\/a>\n        <\/div>\n\t\t\t\t\t\t\t<\/div> \n\t\t\t\n        \n\t\t\t\t<div id=\"ngg-image-283\" class=\"ngg-gallery-thumbnail-box\" >\n\t\t\t\t        <div class=\"ngg-gallery-thumbnail\">\n            <a href=\"http:\/\/www.karate-neuhofen.at\/wp-content\/gallery\/4-trainingslager-in-gnas\/img_6264.jpg\"\n               title=\"\"\n               data-src=\"http:\/\/www.karate-neuhofen.at\/wp-content\/gallery\/4-trainingslager-in-gnas\/img_6264.jpg\"\n               data-thumbnail=\"http:\/\/www.karate-neuhofen.at\/wp-content\/gallery\/4-trainingslager-in-gnas\/thumbs\/thumbs_img_6264.jpg\"\n               data-image-id=\"8910\"\n               data-title=\"img_6264\"\n               data-description=\"\"\n               data-image-slug=\"img_6264\"\n               class=\"shutterset_56480b96342f806dde94ad9c88fb8675\">\n                <img\n                    title=\"img_6264\"\n                    alt=\"img_6264\"\n                    src=\"http:\/\/www.karate-neuhofen.at\/wp-content\/gallery\/4-trainingslager-in-gnas\/thumbs\/thumbs_img_6264.jpg\"\n                    width=\"100\"\n                    height=\"66\"\n                    style=\"max-width:100%;\"\n                \/>\n            <\/a>\n        <\/div>\n\t\t\t\t\t\t\t<\/div> \n\t\t\t\n        \n\t\t\t\t<div id=\"ngg-image-284\" class=\"ngg-gallery-thumbnail-box\" >\n\t\t\t\t        <div class=\"ngg-gallery-thumbnail\">\n            <a href=\"http:\/\/www.karate-neuhofen.at\/wp-content\/gallery\/4-trainingslager-in-gnas\/img_6269.jpg\"\n               title=\"\"\n               data-src=\"http:\/\/www.karate-neuhofen.at\/wp-content\/gallery\/4-trainingslager-in-gnas\/img_6269.jpg\"\n               data-thumbnail=\"http:\/\/www.karate-neuhofen.at\/wp-content\/gallery\/4-trainingslager-in-gnas\/thumbs\/thumbs_img_6269.jpg\"\n               data-image-id=\"8911\"\n               data-title=\"img_6269\"\n               data-description=\"\"\n               data-image-slug=\"img_6269\"\n               class=\"shutterset_56480b96342f806dde94ad9c88fb8675\">\n                <img\n                    title=\"img_6269\"\n                    alt=\"img_6269\"\n                    src=\"http:\/\/www.karate-neuhofen.at\/wp-content\/gallery\/4-trainingslager-in-gnas\/thumbs\/thumbs_img_6269.jpg\"\n                    width=\"100\"\n                    height=\"66\"\n                    style=\"max-width:100%;\"\n                \/>\n            <\/a>\n        <\/div>\n\t\t\t\t\t\t\t<\/div> \n\t\t\t\n        \n\t\t\t\t<div id=\"ngg-image-285\" class=\"ngg-gallery-thumbnail-box\" >\n\t\t\t\t        <div class=\"ngg-gallery-thumbnail\">\n            <a href=\"http:\/\/www.karate-neuhofen.at\/wp-content\/gallery\/4-trainingslager-in-gnas\/img_6270.jpg\"\n               title=\"\"\n               data-src=\"http:\/\/www.karate-neuhofen.at\/wp-content\/gallery\/4-trainingslager-in-gnas\/img_6270.jpg\"\n               data-thumbnail=\"http:\/\/www.karate-neuhofen.at\/wp-content\/gallery\/4-trainingslager-in-gnas\/thumbs\/thumbs_img_6270.jpg\"\n               data-image-id=\"8912\"\n               data-title=\"img_6270\"\n               data-description=\"\"\n               data-image-slug=\"img_6270\"\n               class=\"shutterset_56480b96342f806dde94ad9c88fb8675\">\n                <img\n                    title=\"img_6270\"\n                    alt=\"img_6270\"\n                    src=\"http:\/\/www.karate-neuhofen.at\/wp-content\/gallery\/4-trainingslager-in-gnas\/thumbs\/thumbs_img_6270.jpg\"\n                    width=\"100\"\n                    height=\"66\"\n                    style=\"max-width:100%;\"\n                \/>\n            <\/a>\n        <\/div>\n\t\t\t\t\t\t\t<\/div> \n\t\t\t\n        \n\t\t\t\t<div id=\"ngg-image-286\" class=\"ngg-gallery-thumbnail-box\" >\n\t\t\t\t        <div class=\"ngg-gallery-thumbnail\">\n            <a href=\"http:\/\/www.karate-neuhofen.at\/wp-content\/gallery\/4-trainingslager-in-gnas\/img_6272.jpg\"\n               title=\"\"\n               data-src=\"http:\/\/www.karate-neuhofen.at\/wp-content\/gallery\/4-trainingslager-in-gnas\/img_6272.jpg\"\n               data-thumbnail=\"http:\/\/www.karate-neuhofen.at\/wp-content\/gallery\/4-trainingslager-in-gnas\/thumbs\/thumbs_img_6272.jpg\"\n               data-image-id=\"8913\"\n               data-title=\"img_6272\"\n               data-description=\"\"\n               data-image-slug=\"img_6272\"\n               class=\"shutterset_56480b96342f806dde94ad9c88fb8675\">\n                <img\n                    title=\"img_6272\"\n                    alt=\"img_6272\"\n                    src=\"http:\/\/www.karate-neuhofen.at\/wp-content\/gallery\/4-trainingslager-in-gnas\/thumbs\/thumbs_img_6272.jpg\"\n                    width=\"100\"\n                    height=\"66\"\n                    style=\"max-width:100%;\"\n                \/>\n            <\/a>\n        <\/div>\n\t\t\t\t\t\t\t<\/div> \n\t\t\t\n        \n\t\t\t\t<div id=\"ngg-image-287\" class=\"ngg-gallery-thumbnail-box\" >\n\t\t\t\t        <div class=\"ngg-gallery-thumbnail\">\n            <a href=\"http:\/\/www.karate-neuhofen.at\/wp-content\/gallery\/4-trainingslager-in-gnas\/img_6273.jpg\"\n               title=\"\"\n               data-src=\"http:\/\/www.karate-neuhofen.at\/wp-content\/gallery\/4-trainingslager-in-gnas\/img_6273.jpg\"\n               data-thumbnail=\"http:\/\/www.karate-neuhofen.at\/wp-content\/gallery\/4-trainingslager-in-gnas\/thumbs\/thumbs_img_6273.jpg\"\n               data-image-id=\"8914\"\n               data-title=\"img_6273\"\n               data-description=\"\"\n               data-image-slug=\"img_6273\"\n               class=\"shutterset_56480b96342f806dde94ad9c88fb8675\">\n                <img\n                    title=\"img_6273\"\n                    alt=\"img_6273\"\n                    src=\"http:\/\/www.karate-neuhofen.at\/wp-content\/gallery\/4-trainingslager-in-gnas\/thumbs\/thumbs_img_6273.jpg\"\n                    width=\"100\"\n                    height=\"66\"\n                    style=\"max-width:100%;\"\n                \/>\n            <\/a>\n        <\/div>\n\t\t\t\t\t\t\t<\/div> \n\t\t\t\n        \n\t\t\t\t<div id=\"ngg-image-288\" class=\"ngg-gallery-thumbnail-box\" >\n\t\t\t\t        <div class=\"ngg-gallery-thumbnail\">\n            <a href=\"http:\/\/www.karate-neuhofen.at\/wp-content\/gallery\/4-trainingslager-in-gnas\/img_6275.jpg\"\n               title=\"\"\n               data-src=\"http:\/\/www.karate-neuhofen.at\/wp-content\/gallery\/4-trainingslager-in-gnas\/img_6275.jpg\"\n               data-thumbnail=\"http:\/\/www.karate-neuhofen.at\/wp-content\/gallery\/4-trainingslager-in-gnas\/thumbs\/thumbs_img_6275.jpg\"\n               data-image-id=\"8915\"\n               data-title=\"img_6275\"\n               data-description=\"\"\n               data-image-slug=\"img_6275\"\n               class=\"shutterset_56480b96342f806dde94ad9c88fb8675\">\n                <img\n                    title=\"img_6275\"\n                    alt=\"img_6275\"\n                    src=\"http:\/\/www.karate-neuhofen.at\/wp-content\/gallery\/4-trainingslager-in-gnas\/thumbs\/thumbs_img_6275.jpg\"\n                    width=\"100\"\n                    height=\"66\"\n                    style=\"max-width:100%;\"\n                \/>\n            <\/a>\n        <\/div>\n\t\t\t\t\t\t\t<\/div> \n\t\t\t\n        \n\t\t\t\t<div id=\"ngg-image-289\" class=\"ngg-gallery-thumbnail-box\" >\n\t\t\t\t        <div class=\"ngg-gallery-thumbnail\">\n            <a href=\"http:\/\/www.karate-neuhofen.at\/wp-content\/gallery\/4-trainingslager-in-gnas\/img_6278.jpg\"\n               title=\"\"\n               data-src=\"http:\/\/www.karate-neuhofen.at\/wp-content\/gallery\/4-trainingslager-in-gnas\/img_6278.jpg\"\n               data-thumbnail=\"http:\/\/www.karate-neuhofen.at\/wp-content\/gallery\/4-trainingslager-in-gnas\/thumbs\/thumbs_img_6278.jpg\"\n               data-image-id=\"8916\"\n               data-title=\"img_6278\"\n               data-description=\"\"\n               data-image-slug=\"img_6278\"\n               class=\"shutterset_56480b96342f806dde94ad9c88fb8675\">\n                <img\n                    title=\"img_6278\"\n                    alt=\"img_6278\"\n                    src=\"http:\/\/www.karate-neuhofen.at\/wp-content\/gallery\/4-trainingslager-in-gnas\/thumbs\/thumbs_img_6278.jpg\"\n                    width=\"100\"\n                    height=\"66\"\n                    style=\"max-width:100%;\"\n                \/>\n            <\/a>\n        <\/div>\n\t\t\t\t\t\t\t<\/div> \n\t\t\t\n        \n\t\t\t\t<div id=\"ngg-image-290\" class=\"ngg-gallery-thumbnail-box\" >\n\t\t\t\t        <div class=\"ngg-gallery-thumbnail\">\n            <a href=\"http:\/\/www.karate-neuhofen.at\/wp-content\/gallery\/4-trainingslager-in-gnas\/img_6285.jpg\"\n               title=\"\"\n               data-src=\"http:\/\/www.karate-neuhofen.at\/wp-content\/gallery\/4-trainingslager-in-gnas\/img_6285.jpg\"\n               data-thumbnail=\"http:\/\/www.karate-neuhofen.at\/wp-content\/gallery\/4-trainingslager-in-gnas\/thumbs\/thumbs_img_6285.jpg\"\n               data-image-id=\"8917\"\n               data-title=\"img_6285\"\n               data-description=\"\"\n               data-image-slug=\"img_6285\"\n               class=\"shutterset_56480b96342f806dde94ad9c88fb8675\">\n                <img\n                    title=\"img_6285\"\n                    alt=\"img_6285\"\n                    src=\"http:\/\/www.karate-neuhofen.at\/wp-content\/gallery\/4-trainingslager-in-gnas\/thumbs\/thumbs_img_6285.jpg\"\n                    width=\"100\"\n                    height=\"66\"\n                    style=\"max-width:100%;\"\n                \/>\n            <\/a>\n        <\/div>\n\t\t\t\t\t\t\t<\/div> \n\t\t\t\n        \n\t\t\t\t<div id=\"ngg-image-291\" class=\"ngg-gallery-thumbnail-box\" >\n\t\t\t\t        <div class=\"ngg-gallery-thumbnail\">\n            <a href=\"http:\/\/www.karate-neuhofen.at\/wp-content\/gallery\/4-trainingslager-in-gnas\/img_6286.jpg\"\n               title=\"\"\n               data-src=\"http:\/\/www.karate-neuhofen.at\/wp-content\/gallery\/4-trainingslager-in-gnas\/img_6286.jpg\"\n               data-thumbnail=\"http:\/\/www.karate-neuhofen.at\/wp-content\/gallery\/4-trainingslager-in-gnas\/thumbs\/thumbs_img_6286.jpg\"\n               data-image-id=\"8918\"\n               data-title=\"img_6286\"\n               data-description=\"\"\n               data-image-slug=\"img_6286\"\n               class=\"shutterset_56480b96342f806dde94ad9c88fb8675\">\n                <img\n                    title=\"img_6286\"\n                    alt=\"img_6286\"\n                    src=\"http:\/\/www.karate-neuhofen.at\/wp-content\/gallery\/4-trainingslager-in-gnas\/thumbs\/thumbs_img_6286.jpg\"\n                    width=\"100\"\n                    height=\"66\"\n                    style=\"max-width:100%;\"\n                \/>\n            <\/a>\n        <\/div>\n\t\t\t\t\t\t\t<\/div> \n\t\t\t\n        \n\t\t\t\t<div id=\"ngg-image-292\" class=\"ngg-gallery-thumbnail-box\" >\n\t\t\t\t        <div class=\"ngg-gallery-thumbnail\">\n            <a href=\"http:\/\/www.karate-neuhofen.at\/wp-content\/gallery\/4-trainingslager-in-gnas\/img_6287.jpg\"\n               title=\"\"\n               data-src=\"http:\/\/www.karate-neuhofen.at\/wp-content\/gallery\/4-trainingslager-in-gnas\/img_6287.jpg\"\n               data-thumbnail=\"http:\/\/www.karate-neuhofen.at\/wp-content\/gallery\/4-trainingslager-in-gnas\/thumbs\/thumbs_img_6287.jpg\"\n               data-image-id=\"8919\"\n               data-title=\"img_6287\"\n               data-description=\"\"\n               data-image-slug=\"img_6287\"\n               class=\"shutterset_56480b96342f806dde94ad9c88fb8675\">\n                <img\n                    title=\"img_6287\"\n                    alt=\"img_6287\"\n                    src=\"http:\/\/www.karate-neuhofen.at\/wp-content\/gallery\/4-trainingslager-in-gnas\/thumbs\/thumbs_img_6287.jpg\"\n                    width=\"100\"\n                    height=\"66\"\n                    style=\"max-width:100%;\"\n                \/>\n            <\/a>\n        <\/div>\n\t\t\t\t\t\t\t<\/div> \n\t\t\t\n        \n\t\t\t\t<div id=\"ngg-image-293\" class=\"ngg-gallery-thumbnail-box\" >\n\t\t\t\t        <div class=\"ngg-gallery-thumbnail\">\n            <a href=\"http:\/\/www.karate-neuhofen.at\/wp-content\/gallery\/4-trainingslager-in-gnas\/img_6288.jpg\"\n               title=\"\"\n               data-src=\"http:\/\/www.karate-neuhofen.at\/wp-content\/gallery\/4-trainingslager-in-gnas\/img_6288.jpg\"\n               data-thumbnail=\"http:\/\/www.karate-neuhofen.at\/wp-content\/gallery\/4-trainingslager-in-gnas\/thumbs\/thumbs_img_6288.jpg\"\n               data-image-id=\"8920\"\n               data-title=\"img_6288\"\n               data-description=\"\"\n               data-image-slug=\"img_6288\"\n               class=\"shutterset_56480b96342f806dde94ad9c88fb8675\">\n                <img\n                    title=\"img_6288\"\n                    alt=\"img_6288\"\n                    src=\"http:\/\/www.karate-neuhofen.at\/wp-content\/gallery\/4-trainingslager-in-gnas\/thumbs\/thumbs_img_6288.jpg\"\n                    width=\"100\"\n                    height=\"66\"\n                    style=\"max-width:100%;\"\n                \/>\n            <\/a>\n        <\/div>\n\t\t\t\t\t\t\t<\/div> \n\t\t\t\n        \n\t\t\t\t<div id=\"ngg-image-294\" class=\"ngg-gallery-thumbnail-box\" >\n\t\t\t\t        <div class=\"ngg-gallery-thumbnail\">\n            <a href=\"http:\/\/www.karate-neuhofen.at\/wp-content\/gallery\/4-trainingslager-in-gnas\/img_6289.jpg\"\n               title=\"\"\n               data-src=\"http:\/\/www.karate-neuhofen.at\/wp-content\/gallery\/4-trainingslager-in-gnas\/img_6289.jpg\"\n               data-thumbnail=\"http:\/\/www.karate-neuhofen.at\/wp-content\/gallery\/4-trainingslager-in-gnas\/thumbs\/thumbs_img_6289.jpg\"\n               data-image-id=\"8921\"\n               data-title=\"img_6289\"\n               data-description=\"\"\n               data-image-slug=\"img_6289\"\n               class=\"shutterset_56480b96342f806dde94ad9c88fb8675\">\n                <img\n                    title=\"img_6289\"\n                    alt=\"img_6289\"\n                    src=\"http:\/\/www.karate-neuhofen.at\/wp-content\/gallery\/4-trainingslager-in-gnas\/thumbs\/thumbs_img_6289.jpg\"\n                    width=\"100\"\n                    height=\"66\"\n                    style=\"max-width:100%;\"\n                \/>\n            <\/a>\n        <\/div>\n\t\t\t\t\t\t\t<\/div> \n\t\t\t\n        \n\t\t\t\t<div id=\"ngg-image-295\" class=\"ngg-gallery-thumbnail-box\" >\n\t\t\t\t        <div class=\"ngg-gallery-thumbnail\">\n            <a href=\"http:\/\/www.karate-neuhofen.at\/wp-content\/gallery\/4-trainingslager-in-gnas\/img_6294.jpg\"\n               title=\"\"\n               data-src=\"http:\/\/www.karate-neuhofen.at\/wp-content\/gallery\/4-trainingslager-in-gnas\/img_6294.jpg\"\n               data-thumbnail=\"http:\/\/www.karate-neuhofen.at\/wp-content\/gallery\/4-trainingslager-in-gnas\/thumbs\/thumbs_img_6294.jpg\"\n               data-image-id=\"8922\"\n               data-title=\"img_6294\"\n               data-description=\"\"\n               data-image-slug=\"img_6294\"\n               class=\"shutterset_56480b96342f806dde94ad9c88fb8675\">\n                <img\n                    title=\"img_6294\"\n                    alt=\"img_6294\"\n                    src=\"http:\/\/www.karate-neuhofen.at\/wp-content\/gallery\/4-trainingslager-in-gnas\/thumbs\/thumbs_img_6294.jpg\"\n                    width=\"100\"\n                    height=\"66\"\n                    style=\"max-width:100%;\"\n                \/>\n            <\/a>\n        <\/div>\n\t\t\t\t\t\t\t<\/div> \n\t\t\t\n        \n\t\t\t\t<div id=\"ngg-image-296\" class=\"ngg-gallery-thumbnail-box\" >\n\t\t\t\t        <div class=\"ngg-gallery-thumbnail\">\n            <a href=\"http:\/\/www.karate-neuhofen.at\/wp-content\/gallery\/4-trainingslager-in-gnas\/img_6296.jpg\"\n               title=\"\"\n               data-src=\"http:\/\/www.karate-neuhofen.at\/wp-content\/gallery\/4-trainingslager-in-gnas\/img_6296.jpg\"\n               data-thumbnail=\"http:\/\/www.karate-neuhofen.at\/wp-content\/gallery\/4-trainingslager-in-gnas\/thumbs\/thumbs_img_6296.jpg\"\n               data-image-id=\"8923\"\n               data-title=\"img_6296\"\n               data-description=\"\"\n               data-image-slug=\"img_6296\"\n               class=\"shutterset_56480b96342f806dde94ad9c88fb8675\">\n                <img\n                    title=\"img_6296\"\n                    alt=\"img_6296\"\n                    src=\"http:\/\/www.karate-neuhofen.at\/wp-content\/gallery\/4-trainingslager-in-gnas\/thumbs\/thumbs_img_6296.jpg\"\n                    width=\"100\"\n                    height=\"66\"\n                    style=\"max-width:100%;\"\n                \/>\n            <\/a>\n        <\/div>\n\t\t\t\t\t\t\t<\/div> \n\t\t\t\n        \n\t\t\t\t<div id=\"ngg-image-297\" class=\"ngg-gallery-thumbnail-box\" >\n\t\t\t\t        <div class=\"ngg-gallery-thumbnail\">\n            <a href=\"http:\/\/www.karate-neuhofen.at\/wp-content\/gallery\/4-trainingslager-in-gnas\/img_6297.jpg\"\n               title=\"\"\n               data-src=\"http:\/\/www.karate-neuhofen.at\/wp-content\/gallery\/4-trainingslager-in-gnas\/img_6297.jpg\"\n               data-thumbnail=\"http:\/\/www.karate-neuhofen.at\/wp-content\/gallery\/4-trainingslager-in-gnas\/thumbs\/thumbs_img_6297.jpg\"\n               data-image-id=\"8924\"\n               data-title=\"img_6297\"\n               data-description=\"\"\n               data-image-slug=\"img_6297\"\n               class=\"shutterset_56480b96342f806dde94ad9c88fb8675\">\n                <img\n                    title=\"img_6297\"\n                    alt=\"img_6297\"\n                    src=\"http:\/\/www.karate-neuhofen.at\/wp-content\/gallery\/4-trainingslager-in-gnas\/thumbs\/thumbs_img_6297.jpg\"\n                    width=\"100\"\n                    height=\"66\"\n                    style=\"max-width:100%;\"\n                \/>\n            <\/a>\n        <\/div>\n\t\t\t\t\t\t\t<\/div> \n\t\t\t\n        \n\t\t\t\t<div id=\"ngg-image-298\" class=\"ngg-gallery-thumbnail-box\" >\n\t\t\t\t        <div class=\"ngg-gallery-thumbnail\">\n            <a href=\"http:\/\/www.karate-neuhofen.at\/wp-content\/gallery\/4-trainingslager-in-gnas\/img_6298.jpg\"\n               title=\"\"\n               data-src=\"http:\/\/www.karate-neuhofen.at\/wp-content\/gallery\/4-trainingslager-in-gnas\/img_6298.jpg\"\n               data-thumbnail=\"http:\/\/www.karate-neuhofen.at\/wp-content\/gallery\/4-trainingslager-in-gnas\/thumbs\/thumbs_img_6298.jpg\"\n               data-image-id=\"8925\"\n               data-title=\"img_6298\"\n               data-description=\"\"\n               data-image-slug=\"img_6298\"\n               class=\"shutterset_56480b96342f806dde94ad9c88fb8675\">\n                <img\n                    title=\"img_6298\"\n                    alt=\"img_6298\"\n                    src=\"http:\/\/www.karate-neuhofen.at\/wp-content\/gallery\/4-trainingslager-in-gnas\/thumbs\/thumbs_img_6298.jpg\"\n                    width=\"100\"\n                    height=\"66\"\n                    style=\"max-width:100%;\"\n                \/>\n            <\/a>\n        <\/div>\n\t\t\t\t\t\t\t<\/div> \n\t\t\t\n        \n\t\t\t\t<div id=\"ngg-image-299\" class=\"ngg-gallery-thumbnail-box\" >\n\t\t\t\t        <div class=\"ngg-gallery-thumbnail\">\n            <a href=\"http:\/\/www.karate-neuhofen.at\/wp-content\/gallery\/4-trainingslager-in-gnas\/img_6299.jpg\"\n               title=\"\"\n               data-src=\"http:\/\/www.karate-neuhofen.at\/wp-content\/gallery\/4-trainingslager-in-gnas\/img_6299.jpg\"\n               data-thumbnail=\"http:\/\/www.karate-neuhofen.at\/wp-content\/gallery\/4-trainingslager-in-gnas\/thumbs\/thumbs_img_6299.jpg\"\n               data-image-id=\"8926\"\n               data-title=\"img_6299\"\n               data-description=\"\"\n               data-image-slug=\"img_6299\"\n               class=\"shutterset_56480b96342f806dde94ad9c88fb8675\">\n                <img\n                    title=\"img_6299\"\n                    alt=\"img_6299\"\n                    src=\"http:\/\/www.karate-neuhofen.at\/wp-content\/gallery\/4-trainingslager-in-gnas\/thumbs\/thumbs_img_6299.jpg\"\n                    width=\"100\"\n                    height=\"66\"\n                    style=\"max-width:100%;\"\n                \/>\n            <\/a>\n        <\/div>\n\t\t\t\t\t\t\t<\/div> \n\t\t\t\n        \n\t\t\t\t<div id=\"ngg-image-300\" class=\"ngg-gallery-thumbnail-box\" >\n\t\t\t\t        <div class=\"ngg-gallery-thumbnail\">\n            <a href=\"http:\/\/www.karate-neuhofen.at\/wp-content\/gallery\/4-trainingslager-in-gnas\/img_6306.jpg\"\n               title=\"\"\n               data-src=\"http:\/\/www.karate-neuhofen.at\/wp-content\/gallery\/4-trainingslager-in-gnas\/img_6306.jpg\"\n               data-thumbnail=\"http:\/\/www.karate-neuhofen.at\/wp-content\/gallery\/4-trainingslager-in-gnas\/thumbs\/thumbs_img_6306.jpg\"\n               data-image-id=\"8927\"\n               data-title=\"img_6306\"\n               data-description=\"\"\n               data-image-slug=\"img_6306\"\n               class=\"shutterset_56480b96342f806dde94ad9c88fb8675\">\n                <img\n                    title=\"img_6306\"\n                    alt=\"img_6306\"\n                    src=\"http:\/\/www.karate-neuhofen.at\/wp-content\/gallery\/4-trainingslager-in-gnas\/thumbs\/thumbs_img_6306.jpg\"\n                    width=\"100\"\n                    height=\"66\"\n                    style=\"max-width:100%;\"\n                \/>\n            <\/a>\n        <\/div>\n\t\t\t\t\t\t\t<\/div> \n\t\t\t\n        \n\t\t\t\t<div id=\"ngg-image-301\" class=\"ngg-gallery-thumbnail-box\" >\n\t\t\t\t        <div class=\"ngg-gallery-thumbnail\">\n            <a href=\"http:\/\/www.karate-neuhofen.at\/wp-content\/gallery\/4-trainingslager-in-gnas\/img_6313.jpg\"\n               title=\"\"\n               data-src=\"http:\/\/www.karate-neuhofen.at\/wp-content\/gallery\/4-trainingslager-in-gnas\/img_6313.jpg\"\n               data-thumbnail=\"http:\/\/www.karate-neuhofen.at\/wp-content\/gallery\/4-trainingslager-in-gnas\/thumbs\/thumbs_img_6313.jpg\"\n               data-image-id=\"8928\"\n               data-title=\"img_6313\"\n               data-description=\"\"\n               data-image-slug=\"img_6313\"\n               class=\"shutterset_56480b96342f806dde94ad9c88fb8675\">\n                <img\n                    title=\"img_6313\"\n                    alt=\"img_6313\"\n                    src=\"http:\/\/www.karate-neuhofen.at\/wp-content\/gallery\/4-trainingslager-in-gnas\/thumbs\/thumbs_img_6313.jpg\"\n                    width=\"100\"\n                    height=\"66\"\n                    style=\"max-width:100%;\"\n                \/>\n            <\/a>\n        <\/div>\n\t\t\t\t\t\t\t<\/div> \n\t\t\t\n        \n\t\t\t\t<div id=\"ngg-image-302\" class=\"ngg-gallery-thumbnail-box\" >\n\t\t\t\t        <div class=\"ngg-gallery-thumbnail\">\n            <a href=\"http:\/\/www.karate-neuhofen.at\/wp-content\/gallery\/4-trainingslager-in-gnas\/img_6317.jpg\"\n               title=\"\"\n               data-src=\"http:\/\/www.karate-neuhofen.at\/wp-content\/gallery\/4-trainingslager-in-gnas\/img_6317.jpg\"\n               data-thumbnail=\"http:\/\/www.karate-neuhofen.at\/wp-content\/gallery\/4-trainingslager-in-gnas\/thumbs\/thumbs_img_6317.jpg\"\n               data-image-id=\"8929\"\n               data-title=\"img_6317\"\n               data-description=\"\"\n               data-image-slug=\"img_6317\"\n               class=\"shutterset_56480b96342f806dde94ad9c88fb8675\">\n                <img\n                    title=\"img_6317\"\n                    alt=\"img_6317\"\n                    src=\"http:\/\/www.karate-neuhofen.at\/wp-content\/gallery\/4-trainingslager-in-gnas\/thumbs\/thumbs_img_6317.jpg\"\n                    width=\"100\"\n                    height=\"66\"\n                    style=\"max-width:100%;\"\n                \/>\n            <\/a>\n        <\/div>\n\t\t\t\t\t\t\t<\/div> \n\t\t\t\n        \n\t\t\t\t<div id=\"ngg-image-303\" class=\"ngg-gallery-thumbnail-box\" >\n\t\t\t\t        <div class=\"ngg-gallery-thumbnail\">\n            <a href=\"http:\/\/www.karate-neuhofen.at\/wp-content\/gallery\/4-trainingslager-in-gnas\/img_6320.jpg\"\n               title=\"\"\n               data-src=\"http:\/\/www.karate-neuhofen.at\/wp-content\/gallery\/4-trainingslager-in-gnas\/img_6320.jpg\"\n               data-thumbnail=\"http:\/\/www.karate-neuhofen.at\/wp-content\/gallery\/4-trainingslager-in-gnas\/thumbs\/thumbs_img_6320.jpg\"\n               data-image-id=\"8930\"\n               data-title=\"img_6320\"\n               data-description=\"\"\n               data-image-slug=\"img_6320\"\n               class=\"shutterset_56480b96342f806dde94ad9c88fb8675\">\n                <img\n                    title=\"img_6320\"\n                    alt=\"img_6320\"\n                    src=\"http:\/\/www.karate-neuhofen.at\/wp-content\/gallery\/4-trainingslager-in-gnas\/thumbs\/thumbs_img_6320.jpg\"\n                    width=\"100\"\n                    height=\"66\"\n                    style=\"max-width:100%;\"\n                \/>\n            <\/a>\n        <\/div>\n\t\t\t\t\t\t\t<\/div> \n\t\t\t\n        \n\t\t\t\t<div id=\"ngg-image-304\" class=\"ngg-gallery-thumbnail-box\" >\n\t\t\t\t        <div class=\"ngg-gallery-thumbnail\">\n            <a href=\"http:\/\/www.karate-neuhofen.at\/wp-content\/gallery\/4-trainingslager-in-gnas\/img_6322.jpg\"\n               title=\"\"\n               data-src=\"http:\/\/www.karate-neuhofen.at\/wp-content\/gallery\/4-trainingslager-in-gnas\/img_6322.jpg\"\n               data-thumbnail=\"http:\/\/www.karate-neuhofen.at\/wp-content\/gallery\/4-trainingslager-in-gnas\/thumbs\/thumbs_img_6322.jpg\"\n               data-image-id=\"8931\"\n               data-title=\"img_6322\"\n               data-description=\"\"\n               data-image-slug=\"img_6322\"\n               class=\"shutterset_56480b96342f806dde94ad9c88fb8675\">\n                <img\n                    title=\"img_6322\"\n                    alt=\"img_6322\"\n                    src=\"http:\/\/www.karate-neuhofen.at\/wp-content\/gallery\/4-trainingslager-in-gnas\/thumbs\/thumbs_img_6322.jpg\"\n                    width=\"100\"\n                    height=\"66\"\n                    style=\"max-width:100%;\"\n                \/>\n            <\/a>\n        <\/div>\n\t\t\t\t\t\t\t<\/div> \n\t\t\t\n        \n\t\t\t\t<div id=\"ngg-image-305\" class=\"ngg-gallery-thumbnail-box\" >\n\t\t\t\t        <div class=\"ngg-gallery-thumbnail\">\n            <a href=\"http:\/\/www.karate-neuhofen.at\/wp-content\/gallery\/4-trainingslager-in-gnas\/img_6323.jpg\"\n               title=\"\"\n               data-src=\"http:\/\/www.karate-neuhofen.at\/wp-content\/gallery\/4-trainingslager-in-gnas\/img_6323.jpg\"\n               data-thumbnail=\"http:\/\/www.karate-neuhofen.at\/wp-content\/gallery\/4-trainingslager-in-gnas\/thumbs\/thumbs_img_6323.jpg\"\n               data-image-id=\"8932\"\n               data-title=\"img_6323\"\n               data-description=\"\"\n               data-image-slug=\"img_6323\"\n               class=\"shutterset_56480b96342f806dde94ad9c88fb8675\">\n                <img\n                    title=\"img_6323\"\n                    alt=\"img_6323\"\n                    src=\"http:\/\/www.karate-neuhofen.at\/wp-content\/gallery\/4-trainingslager-in-gnas\/thumbs\/thumbs_img_6323.jpg\"\n                    width=\"100\"\n                    height=\"66\"\n                    style=\"max-width:100%;\"\n                \/>\n            <\/a>\n        <\/div>\n\t\t\t\t\t\t\t<\/div> \n\t\t\t\n        \n\t\t\t\t<div id=\"ngg-image-306\" class=\"ngg-gallery-thumbnail-box\" >\n\t\t\t\t        <div class=\"ngg-gallery-thumbnail\">\n            <a href=\"http:\/\/www.karate-neuhofen.at\/wp-content\/gallery\/4-trainingslager-in-gnas\/img_6327.jpg\"\n               title=\"\"\n               data-src=\"http:\/\/www.karate-neuhofen.at\/wp-content\/gallery\/4-trainingslager-in-gnas\/img_6327.jpg\"\n               data-thumbnail=\"http:\/\/www.karate-neuhofen.at\/wp-content\/gallery\/4-trainingslager-in-gnas\/thumbs\/thumbs_img_6327.jpg\"\n               data-image-id=\"8933\"\n               data-title=\"img_6327\"\n               data-description=\"\"\n               data-image-slug=\"img_6327\"\n               class=\"shutterset_56480b96342f806dde94ad9c88fb8675\">\n                <img\n                    title=\"img_6327\"\n                    alt=\"img_6327\"\n                    src=\"http:\/\/www.karate-neuhofen.at\/wp-content\/gallery\/4-trainingslager-in-gnas\/thumbs\/thumbs_img_6327.jpg\"\n                    width=\"100\"\n                    height=\"66\"\n                    style=\"max-width:100%;\"\n                \/>\n            <\/a>\n        <\/div>\n\t\t\t\t\t\t\t<\/div> \n\t\t\t\n        \n\t\t\t\t<div id=\"ngg-image-307\" class=\"ngg-gallery-thumbnail-box\" >\n\t\t\t\t        <div class=\"ngg-gallery-thumbnail\">\n            <a href=\"http:\/\/www.karate-neuhofen.at\/wp-content\/gallery\/4-trainingslager-in-gnas\/img_6328.jpg\"\n               title=\"\"\n               data-src=\"http:\/\/www.karate-neuhofen.at\/wp-content\/gallery\/4-trainingslager-in-gnas\/img_6328.jpg\"\n               data-thumbnail=\"http:\/\/www.karate-neuhofen.at\/wp-content\/gallery\/4-trainingslager-in-gnas\/thumbs\/thumbs_img_6328.jpg\"\n               data-image-id=\"8934\"\n               data-title=\"img_6328\"\n               data-description=\"\"\n               data-image-slug=\"img_6328\"\n               class=\"shutterset_56480b96342f806dde94ad9c88fb8675\">\n                <img\n                    title=\"img_6328\"\n                    alt=\"img_6328\"\n                    src=\"http:\/\/www.karate-neuhofen.at\/wp-content\/gallery\/4-trainingslager-in-gnas\/thumbs\/thumbs_img_6328.jpg\"\n                    width=\"100\"\n                    height=\"66\"\n                    style=\"max-width:100%;\"\n                \/>\n            <\/a>\n        <\/div>\n\t\t\t\t\t\t\t<\/div> \n\t\t\t\n        \n\t\t\t\t<div id=\"ngg-image-308\" class=\"ngg-gallery-thumbnail-box\" >\n\t\t\t\t        <div class=\"ngg-gallery-thumbnail\">\n            <a href=\"http:\/\/www.karate-neuhofen.at\/wp-content\/gallery\/4-trainingslager-in-gnas\/img_6329.jpg\"\n               title=\"\"\n               data-src=\"http:\/\/www.karate-neuhofen.at\/wp-content\/gallery\/4-trainingslager-in-gnas\/img_6329.jpg\"\n               data-thumbnail=\"http:\/\/www.karate-neuhofen.at\/wp-content\/gallery\/4-trainingslager-in-gnas\/thumbs\/thumbs_img_6329.jpg\"\n               data-image-id=\"8935\"\n               data-title=\"img_6329\"\n               data-description=\"\"\n               data-image-slug=\"img_6329\"\n               class=\"shutterset_56480b96342f806dde94ad9c88fb8675\">\n                <img\n                    title=\"img_6329\"\n                    alt=\"img_6329\"\n                    src=\"http:\/\/www.karate-neuhofen.at\/wp-content\/gallery\/4-trainingslager-in-gnas\/thumbs\/thumbs_img_6329.jpg\"\n                    width=\"100\"\n                    height=\"66\"\n                    style=\"max-width:100%;\"\n                \/>\n            <\/a>\n        <\/div>\n\t\t\t\t\t\t\t<\/div> \n\t\t\t\n        \n\t\t\t\t<div id=\"ngg-image-309\" class=\"ngg-gallery-thumbnail-box\" >\n\t\t\t\t        <div class=\"ngg-gallery-thumbnail\">\n            <a href=\"http:\/\/www.karate-neuhofen.at\/wp-content\/gallery\/4-trainingslager-in-gnas\/img_6330.jpg\"\n               title=\"\"\n               data-src=\"http:\/\/www.karate-neuhofen.at\/wp-content\/gallery\/4-trainingslager-in-gnas\/img_6330.jpg\"\n               data-thumbnail=\"http:\/\/www.karate-neuhofen.at\/wp-content\/gallery\/4-trainingslager-in-gnas\/thumbs\/thumbs_img_6330.jpg\"\n               data-image-id=\"8936\"\n               data-title=\"img_6330\"\n               data-description=\"\"\n               data-image-slug=\"img_6330\"\n               class=\"shutterset_56480b96342f806dde94ad9c88fb8675\">\n                <img\n                    title=\"img_6330\"\n                    alt=\"img_6330\"\n                    src=\"http:\/\/www.karate-neuhofen.at\/wp-content\/gallery\/4-trainingslager-in-gnas\/thumbs\/thumbs_img_6330.jpg\"\n                    width=\"100\"\n                    height=\"66\"\n                    style=\"max-width:100%;\"\n                \/>\n            <\/a>\n        <\/div>\n\t\t\t\t\t\t\t<\/div> \n\t\t\t\n        \n\t\t\t\t<div id=\"ngg-image-310\" class=\"ngg-gallery-thumbnail-box\" >\n\t\t\t\t        <div class=\"ngg-gallery-thumbnail\">\n            <a href=\"http:\/\/www.karate-neuhofen.at\/wp-content\/gallery\/4-trainingslager-in-gnas\/img_6336.jpg\"\n               title=\"\"\n               data-src=\"http:\/\/www.karate-neuhofen.at\/wp-content\/gallery\/4-trainingslager-in-gnas\/img_6336.jpg\"\n               data-thumbnail=\"http:\/\/www.karate-neuhofen.at\/wp-content\/gallery\/4-trainingslager-in-gnas\/thumbs\/thumbs_img_6336.jpg\"\n               data-image-id=\"8937\"\n               data-title=\"img_6336\"\n               data-description=\"\"\n               data-image-slug=\"img_6336\"\n               class=\"shutterset_56480b96342f806dde94ad9c88fb8675\">\n                <img\n                    title=\"img_6336\"\n                    alt=\"img_6336\"\n                    src=\"http:\/\/www.karate-neuhofen.at\/wp-content\/gallery\/4-trainingslager-in-gnas\/thumbs\/thumbs_img_6336.jpg\"\n                    width=\"100\"\n                    height=\"66\"\n                    style=\"max-width:100%;\"\n                \/>\n            <\/a>\n        <\/div>\n\t\t\t\t\t\t\t<\/div> \n\t\t\t\n        \n\t\t\t\t<div id=\"ngg-image-311\" class=\"ngg-gallery-thumbnail-box\" >\n\t\t\t\t        <div class=\"ngg-gallery-thumbnail\">\n            <a href=\"http:\/\/www.karate-neuhofen.at\/wp-content\/gallery\/4-trainingslager-in-gnas\/img_6338.jpg\"\n               title=\"\"\n               data-src=\"http:\/\/www.karate-neuhofen.at\/wp-content\/gallery\/4-trainingslager-in-gnas\/img_6338.jpg\"\n               data-thumbnail=\"http:\/\/www.karate-neuhofen.at\/wp-content\/gallery\/4-trainingslager-in-gnas\/thumbs\/thumbs_img_6338.jpg\"\n               data-image-id=\"8938\"\n               data-title=\"img_6338\"\n               data-description=\"\"\n               data-image-slug=\"img_6338\"\n               class=\"shutterset_56480b96342f806dde94ad9c88fb8675\">\n                <img\n                    title=\"img_6338\"\n                    alt=\"img_6338\"\n                    src=\"http:\/\/www.karate-neuhofen.at\/wp-content\/gallery\/4-trainingslager-in-gnas\/thumbs\/thumbs_img_6338.jpg\"\n                    width=\"100\"\n                    height=\"66\"\n                    style=\"max-width:100%;\"\n                \/>\n            <\/a>\n        <\/div>\n\t\t\t\t\t\t\t<\/div> \n\t\t\t\n        \n\t\t\t\t<div id=\"ngg-image-312\" class=\"ngg-gallery-thumbnail-box\" >\n\t\t\t\t        <div class=\"ngg-gallery-thumbnail\">\n            <a href=\"http:\/\/www.karate-neuhofen.at\/wp-content\/gallery\/4-trainingslager-in-gnas\/img_6341.jpg\"\n               title=\"\"\n               data-src=\"http:\/\/www.karate-neuhofen.at\/wp-content\/gallery\/4-trainingslager-in-gnas\/img_6341.jpg\"\n               data-thumbnail=\"http:\/\/www.karate-neuhofen.at\/wp-content\/gallery\/4-trainingslager-in-gnas\/thumbs\/thumbs_img_6341.jpg\"\n               data-image-id=\"8939\"\n               data-title=\"img_6341\"\n               data-description=\"\"\n               data-image-slug=\"img_6341\"\n               class=\"shutterset_56480b96342f806dde94ad9c88fb8675\">\n                <img\n                    title=\"img_6341\"\n                    alt=\"img_6341\"\n                    src=\"http:\/\/www.karate-neuhofen.at\/wp-content\/gallery\/4-trainingslager-in-gnas\/thumbs\/thumbs_img_6341.jpg\"\n                    width=\"100\"\n                    height=\"66\"\n                    style=\"max-width:100%;\"\n                \/>\n            <\/a>\n        <\/div>\n\t\t\t\t\t\t\t<\/div> \n\t\t\t\n        \n\t\t\t\t<div id=\"ngg-image-313\" class=\"ngg-gallery-thumbnail-box\" >\n\t\t\t\t        <div class=\"ngg-gallery-thumbnail\">\n            <a href=\"http:\/\/www.karate-neuhofen.at\/wp-content\/gallery\/4-trainingslager-in-gnas\/img_6343.jpg\"\n               title=\"\"\n               data-src=\"http:\/\/www.karate-neuhofen.at\/wp-content\/gallery\/4-trainingslager-in-gnas\/img_6343.jpg\"\n               data-thumbnail=\"http:\/\/www.karate-neuhofen.at\/wp-content\/gallery\/4-trainingslager-in-gnas\/thumbs\/thumbs_img_6343.jpg\"\n               data-image-id=\"8940\"\n               data-title=\"img_6343\"\n               data-description=\"\"\n               data-image-slug=\"img_6343\"\n               class=\"shutterset_56480b96342f806dde94ad9c88fb8675\">\n                <img\n                    title=\"img_6343\"\n                    alt=\"img_6343\"\n                    src=\"http:\/\/www.karate-neuhofen.at\/wp-content\/gallery\/4-trainingslager-in-gnas\/thumbs\/thumbs_img_6343.jpg\"\n                    width=\"100\"\n                    height=\"66\"\n                    style=\"max-width:100%;\"\n                \/>\n            <\/a>\n        <\/div>\n\t\t\t\t\t\t\t<\/div> \n\t\t\t\n        \n\t\t\t\t<div id=\"ngg-image-314\" class=\"ngg-gallery-thumbnail-box\" >\n\t\t\t\t        <div class=\"ngg-gallery-thumbnail\">\n            <a href=\"http:\/\/www.karate-neuhofen.at\/wp-content\/gallery\/4-trainingslager-in-gnas\/img_6345.jpg\"\n               title=\"\"\n               data-src=\"http:\/\/www.karate-neuhofen.at\/wp-content\/gallery\/4-trainingslager-in-gnas\/img_6345.jpg\"\n               data-thumbnail=\"http:\/\/www.karate-neuhofen.at\/wp-content\/gallery\/4-trainingslager-in-gnas\/thumbs\/thumbs_img_6345.jpg\"\n               data-image-id=\"8941\"\n               data-title=\"img_6345\"\n               data-description=\"\"\n               data-image-slug=\"img_6345\"\n               class=\"shutterset_56480b96342f806dde94ad9c88fb8675\">\n                <img\n                    title=\"img_6345\"\n                    alt=\"img_6345\"\n                    src=\"http:\/\/www.karate-neuhofen.at\/wp-content\/gallery\/4-trainingslager-in-gnas\/thumbs\/thumbs_img_6345.jpg\"\n                    width=\"100\"\n                    height=\"66\"\n                    style=\"max-width:100%;\"\n                \/>\n            <\/a>\n        <\/div>\n\t\t\t\t\t\t\t<\/div> \n\t\t\t\n        \n\t\t\t\t<div id=\"ngg-image-315\" class=\"ngg-gallery-thumbnail-box\" >\n\t\t\t\t        <div class=\"ngg-gallery-thumbnail\">\n            <a href=\"http:\/\/www.karate-neuhofen.at\/wp-content\/gallery\/4-trainingslager-in-gnas\/img_6347.jpg\"\n               title=\"\"\n               data-src=\"http:\/\/www.karate-neuhofen.at\/wp-content\/gallery\/4-trainingslager-in-gnas\/img_6347.jpg\"\n               data-thumbnail=\"http:\/\/www.karate-neuhofen.at\/wp-content\/gallery\/4-trainingslager-in-gnas\/thumbs\/thumbs_img_6347.jpg\"\n               data-image-id=\"8942\"\n               data-title=\"img_6347\"\n               data-description=\"\"\n               data-image-slug=\"img_6347\"\n               class=\"shutterset_56480b96342f806dde94ad9c88fb8675\">\n                <img\n                    title=\"img_6347\"\n                    alt=\"img_6347\"\n                    src=\"http:\/\/www.karate-neuhofen.at\/wp-content\/gallery\/4-trainingslager-in-gnas\/thumbs\/thumbs_img_6347.jpg\"\n                    width=\"100\"\n                    height=\"66\"\n                    style=\"max-width:100%;\"\n                \/>\n            <\/a>\n        <\/div>\n\t\t\t\t\t\t\t<\/div> \n\t\t\t\n        \n\t\t\t\t<div id=\"ngg-image-316\" class=\"ngg-gallery-thumbnail-box\" >\n\t\t\t\t        <div class=\"ngg-gallery-thumbnail\">\n            <a href=\"http:\/\/www.karate-neuhofen.at\/wp-content\/gallery\/4-trainingslager-in-gnas\/img_6349.jpg\"\n               title=\"\"\n               data-src=\"http:\/\/www.karate-neuhofen.at\/wp-content\/gallery\/4-trainingslager-in-gnas\/img_6349.jpg\"\n               data-thumbnail=\"http:\/\/www.karate-neuhofen.at\/wp-content\/gallery\/4-trainingslager-in-gnas\/thumbs\/thumbs_img_6349.jpg\"\n               data-image-id=\"8943\"\n               data-title=\"img_6349\"\n               data-description=\"\"\n               data-image-slug=\"img_6349\"\n               class=\"shutterset_56480b96342f806dde94ad9c88fb8675\">\n                <img\n                    title=\"img_6349\"\n                    alt=\"img_6349\"\n                    src=\"http:\/\/www.karate-neuhofen.at\/wp-content\/gallery\/4-trainingslager-in-gnas\/thumbs\/thumbs_img_6349.jpg\"\n                    width=\"100\"\n                    height=\"66\"\n                    style=\"max-width:100%;\"\n                \/>\n            <\/a>\n        <\/div>\n\t\t\t\t\t\t\t<\/div> \n\t\t\t\n        \n\t\t\t\t<div id=\"ngg-image-317\" class=\"ngg-gallery-thumbnail-box\" >\n\t\t\t\t        <div class=\"ngg-gallery-thumbnail\">\n            <a href=\"http:\/\/www.karate-neuhofen.at\/wp-content\/gallery\/4-trainingslager-in-gnas\/img_6350.jpg\"\n               title=\"\"\n               data-src=\"http:\/\/www.karate-neuhofen.at\/wp-content\/gallery\/4-trainingslager-in-gnas\/img_6350.jpg\"\n               data-thumbnail=\"http:\/\/www.karate-neuhofen.at\/wp-content\/gallery\/4-trainingslager-in-gnas\/thumbs\/thumbs_img_6350.jpg\"\n               data-image-id=\"8944\"\n               data-title=\"img_6350\"\n               data-description=\"\"\n               data-image-slug=\"img_6350\"\n               class=\"shutterset_56480b96342f806dde94ad9c88fb8675\">\n                <img\n                    title=\"img_6350\"\n                    alt=\"img_6350\"\n                    src=\"http:\/\/www.karate-neuhofen.at\/wp-content\/gallery\/4-trainingslager-in-gnas\/thumbs\/thumbs_img_6350.jpg\"\n                    width=\"100\"\n                    height=\"66\"\n                    style=\"max-width:100%;\"\n                \/>\n            <\/a>\n        <\/div>\n\t\t\t\t\t\t\t<\/div> \n\t\t\t\n        \n\t\t\t\t<div id=\"ngg-image-318\" class=\"ngg-gallery-thumbnail-box\" >\n\t\t\t\t        <div class=\"ngg-gallery-thumbnail\">\n            <a href=\"http:\/\/www.karate-neuhofen.at\/wp-content\/gallery\/4-trainingslager-in-gnas\/img_6353.jpg\"\n               title=\"\"\n               data-src=\"http:\/\/www.karate-neuhofen.at\/wp-content\/gallery\/4-trainingslager-in-gnas\/img_6353.jpg\"\n               data-thumbnail=\"http:\/\/www.karate-neuhofen.at\/wp-content\/gallery\/4-trainingslager-in-gnas\/thumbs\/thumbs_img_6353.jpg\"\n               data-image-id=\"8945\"\n               data-title=\"img_6353\"\n               data-description=\"\"\n               data-image-slug=\"img_6353\"\n               class=\"shutterset_56480b96342f806dde94ad9c88fb8675\">\n                <img\n                    title=\"img_6353\"\n                    alt=\"img_6353\"\n                    src=\"http:\/\/www.karate-neuhofen.at\/wp-content\/gallery\/4-trainingslager-in-gnas\/thumbs\/thumbs_img_6353.jpg\"\n                    width=\"50\"\n                    height=\"75\"\n                    style=\"max-width:100%;\"\n                \/>\n            <\/a>\n        <\/div>\n\t\t\t\t\t\t\t<\/div> \n\t\t\t\n        \n\t\t\t\t<div id=\"ngg-image-319\" class=\"ngg-gallery-thumbnail-box\" >\n\t\t\t\t        <div class=\"ngg-gallery-thumbnail\">\n            <a href=\"http:\/\/www.karate-neuhofen.at\/wp-content\/gallery\/4-trainingslager-in-gnas\/img_6354.jpg\"\n               title=\"\"\n               data-src=\"http:\/\/www.karate-neuhofen.at\/wp-content\/gallery\/4-trainingslager-in-gnas\/img_6354.jpg\"\n               data-thumbnail=\"http:\/\/www.karate-neuhofen.at\/wp-content\/gallery\/4-trainingslager-in-gnas\/thumbs\/thumbs_img_6354.jpg\"\n               data-image-id=\"8946\"\n               data-title=\"img_6354\"\n               data-description=\"\"\n               data-image-slug=\"img_6354\"\n               class=\"shutterset_56480b96342f806dde94ad9c88fb8675\">\n                <img\n                    title=\"img_6354\"\n                    alt=\"img_6354\"\n                    src=\"http:\/\/www.karate-neuhofen.at\/wp-content\/gallery\/4-trainingslager-in-gnas\/thumbs\/thumbs_img_6354.jpg\"\n                    width=\"50\"\n                    height=\"75\"\n                    style=\"max-width:100%;\"\n                \/>\n            <\/a>\n        <\/div>\n\t\t\t\t\t\t\t<\/div> \n\t\t\t\n        \n\t\t\t\t<div id=\"ngg-image-320\" class=\"ngg-gallery-thumbnail-box\" >\n\t\t\t\t        <div class=\"ngg-gallery-thumbnail\">\n            <a href=\"http:\/\/www.karate-neuhofen.at\/wp-content\/gallery\/4-trainingslager-in-gnas\/img_6356.jpg\"\n               title=\"\"\n               data-src=\"http:\/\/www.karate-neuhofen.at\/wp-content\/gallery\/4-trainingslager-in-gnas\/img_6356.jpg\"\n               data-thumbnail=\"http:\/\/www.karate-neuhofen.at\/wp-content\/gallery\/4-trainingslager-in-gnas\/thumbs\/thumbs_img_6356.jpg\"\n               data-image-id=\"8947\"\n               data-title=\"img_6356\"\n               data-description=\"\"\n               data-image-slug=\"img_6356\"\n               class=\"shutterset_56480b96342f806dde94ad9c88fb8675\">\n                <img\n                    title=\"img_6356\"\n                    alt=\"img_6356\"\n                    src=\"http:\/\/www.karate-neuhofen.at\/wp-content\/gallery\/4-trainingslager-in-gnas\/thumbs\/thumbs_img_6356.jpg\"\n                    width=\"100\"\n                    height=\"66\"\n                    style=\"max-width:100%;\"\n                \/>\n            <\/a>\n        <\/div>\n\t\t\t\t\t\t\t<\/div> \n\t\t\t\n        \n\t\t\t\t<div id=\"ngg-image-321\" class=\"ngg-gallery-thumbnail-box\" >\n\t\t\t\t        <div class=\"ngg-gallery-thumbnail\">\n            <a href=\"http:\/\/www.karate-neuhofen.at\/wp-content\/gallery\/4-trainingslager-in-gnas\/img_6360.jpg\"\n               title=\"\"\n               data-src=\"http:\/\/www.karate-neuhofen.at\/wp-content\/gallery\/4-trainingslager-in-gnas\/img_6360.jpg\"\n               data-thumbnail=\"http:\/\/www.karate-neuhofen.at\/wp-content\/gallery\/4-trainingslager-in-gnas\/thumbs\/thumbs_img_6360.jpg\"\n               data-image-id=\"8948\"\n               data-title=\"img_6360\"\n               data-description=\"\"\n               data-image-slug=\"img_6360\"\n               class=\"shutterset_56480b96342f806dde94ad9c88fb8675\">\n                <img\n                    title=\"img_6360\"\n                    alt=\"img_6360\"\n                    src=\"http:\/\/www.karate-neuhofen.at\/wp-content\/gallery\/4-trainingslager-in-gnas\/thumbs\/thumbs_img_6360.jpg\"\n                    width=\"50\"\n                    height=\"75\"\n                    style=\"max-width:100%;\"\n                \/>\n            <\/a>\n        <\/div>\n\t\t\t\t\t\t\t<\/div> \n\t\t\t\n        \n\t\t\t\t<div id=\"ngg-image-322\" class=\"ngg-gallery-thumbnail-box\" >\n\t\t\t\t        <div class=\"ngg-gallery-thumbnail\">\n            <a href=\"http:\/\/www.karate-neuhofen.at\/wp-content\/gallery\/4-trainingslager-in-gnas\/img_6363.jpg\"\n               title=\"\"\n               data-src=\"http:\/\/www.karate-neuhofen.at\/wp-content\/gallery\/4-trainingslager-in-gnas\/img_6363.jpg\"\n               data-thumbnail=\"http:\/\/www.karate-neuhofen.at\/wp-content\/gallery\/4-trainingslager-in-gnas\/thumbs\/thumbs_img_6363.jpg\"\n               data-image-id=\"8949\"\n               data-title=\"img_6363\"\n               data-description=\"\"\n               data-image-slug=\"img_6363\"\n               class=\"shutterset_56480b96342f806dde94ad9c88fb8675\">\n                <img\n                    title=\"img_6363\"\n                    alt=\"img_6363\"\n                    src=\"http:\/\/www.karate-neuhofen.at\/wp-content\/gallery\/4-trainingslager-in-gnas\/thumbs\/thumbs_img_6363.jpg\"\n                    width=\"100\"\n                    height=\"66\"\n                    style=\"max-width:100%;\"\n                \/>\n            <\/a>\n        <\/div>\n\t\t\t\t\t\t\t<\/div> \n\t\t\t\n        \n\t\t\t\t<div id=\"ngg-image-323\" class=\"ngg-gallery-thumbnail-box\" >\n\t\t\t\t        <div class=\"ngg-gallery-thumbnail\">\n            <a href=\"http:\/\/www.karate-neuhofen.at\/wp-content\/gallery\/4-trainingslager-in-gnas\/img_6364.jpg\"\n               title=\"\"\n               data-src=\"http:\/\/www.karate-neuhofen.at\/wp-content\/gallery\/4-trainingslager-in-gnas\/img_6364.jpg\"\n               data-thumbnail=\"http:\/\/www.karate-neuhofen.at\/wp-content\/gallery\/4-trainingslager-in-gnas\/thumbs\/thumbs_img_6364.jpg\"\n               data-image-id=\"8950\"\n               data-title=\"img_6364\"\n               data-description=\"\"\n               data-image-slug=\"img_6364\"\n               class=\"shutterset_56480b96342f806dde94ad9c88fb8675\">\n                <img\n                    title=\"img_6364\"\n                    alt=\"img_6364\"\n                    src=\"http:\/\/www.karate-neuhofen.at\/wp-content\/gallery\/4-trainingslager-in-gnas\/thumbs\/thumbs_img_6364.jpg\"\n                    width=\"100\"\n                    height=\"66\"\n                    style=\"max-width:100%;\"\n                \/>\n            <\/a>\n        <\/div>\n\t\t\t\t\t\t\t<\/div> \n\t\t\t\n        \n\t\t\t\t<div id=\"ngg-image-324\" class=\"ngg-gallery-thumbnail-box\" >\n\t\t\t\t        <div class=\"ngg-gallery-thumbnail\">\n            <a href=\"http:\/\/www.karate-neuhofen.at\/wp-content\/gallery\/4-trainingslager-in-gnas\/img_6366.jpg\"\n               title=\"\"\n               data-src=\"http:\/\/www.karate-neuhofen.at\/wp-content\/gallery\/4-trainingslager-in-gnas\/img_6366.jpg\"\n               data-thumbnail=\"http:\/\/www.karate-neuhofen.at\/wp-content\/gallery\/4-trainingslager-in-gnas\/thumbs\/thumbs_img_6366.jpg\"\n               data-image-id=\"8951\"\n               data-title=\"img_6366\"\n               data-description=\"\"\n               data-image-slug=\"img_6366\"\n               class=\"shutterset_56480b96342f806dde94ad9c88fb8675\">\n                <img\n                    title=\"img_6366\"\n                    alt=\"img_6366\"\n                    src=\"http:\/\/www.karate-neuhofen.at\/wp-content\/gallery\/4-trainingslager-in-gnas\/thumbs\/thumbs_img_6366.jpg\"\n                    width=\"100\"\n                    height=\"66\"\n                    style=\"max-width:100%;\"\n                \/>\n            <\/a>\n        <\/div>\n\t\t\t\t\t\t\t<\/div> \n\t\t\t\n        \n\t\t\t\t<div id=\"ngg-image-325\" class=\"ngg-gallery-thumbnail-box\" >\n\t\t\t\t        <div class=\"ngg-gallery-thumbnail\">\n            <a href=\"http:\/\/www.karate-neuhofen.at\/wp-content\/gallery\/4-trainingslager-in-gnas\/img_6368.jpg\"\n               title=\"\"\n               data-src=\"http:\/\/www.karate-neuhofen.at\/wp-content\/gallery\/4-trainingslager-in-gnas\/img_6368.jpg\"\n               data-thumbnail=\"http:\/\/www.karate-neuhofen.at\/wp-content\/gallery\/4-trainingslager-in-gnas\/thumbs\/thumbs_img_6368.jpg\"\n               data-image-id=\"8952\"\n               data-title=\"img_6368\"\n               data-description=\"\"\n               data-image-slug=\"img_6368\"\n               class=\"shutterset_56480b96342f806dde94ad9c88fb8675\">\n                <img\n                    title=\"img_6368\"\n                    alt=\"img_6368\"\n                    src=\"http:\/\/www.karate-neuhofen.at\/wp-content\/gallery\/4-trainingslager-in-gnas\/thumbs\/thumbs_img_6368.jpg\"\n                    width=\"100\"\n                    height=\"66\"\n                    style=\"max-width:100%;\"\n                \/>\n            <\/a>\n        <\/div>\n\t\t\t\t\t\t\t<\/div> \n\t\t\t\n        \n\t\t\t\t<div id=\"ngg-image-326\" class=\"ngg-gallery-thumbnail-box\" >\n\t\t\t\t        <div class=\"ngg-gallery-thumbnail\">\n            <a href=\"http:\/\/www.karate-neuhofen.at\/wp-content\/gallery\/4-trainingslager-in-gnas\/img_6370.jpg\"\n               title=\"\"\n               data-src=\"http:\/\/www.karate-neuhofen.at\/wp-content\/gallery\/4-trainingslager-in-gnas\/img_6370.jpg\"\n               data-thumbnail=\"http:\/\/www.karate-neuhofen.at\/wp-content\/gallery\/4-trainingslager-in-gnas\/thumbs\/thumbs_img_6370.jpg\"\n               data-image-id=\"8953\"\n               data-title=\"img_6370\"\n               data-description=\"\"\n               data-image-slug=\"img_6370\"\n               class=\"shutterset_56480b96342f806dde94ad9c88fb8675\">\n                <img\n                    title=\"img_6370\"\n                    alt=\"img_6370\"\n                    src=\"http:\/\/www.karate-neuhofen.at\/wp-content\/gallery\/4-trainingslager-in-gnas\/thumbs\/thumbs_img_6370.jpg\"\n                    width=\"100\"\n                    height=\"66\"\n                    style=\"max-width:100%;\"\n                \/>\n            <\/a>\n        <\/div>\n\t\t\t\t\t\t\t<\/div> \n\t\t\t\n        \n\t\t\t\t<div id=\"ngg-image-327\" class=\"ngg-gallery-thumbnail-box\" >\n\t\t\t\t        <div class=\"ngg-gallery-thumbnail\">\n            <a href=\"http:\/\/www.karate-neuhofen.at\/wp-content\/gallery\/4-trainingslager-in-gnas\/img_6372.jpg\"\n               title=\"\"\n               data-src=\"http:\/\/www.karate-neuhofen.at\/wp-content\/gallery\/4-trainingslager-in-gnas\/img_6372.jpg\"\n               data-thumbnail=\"http:\/\/www.karate-neuhofen.at\/wp-content\/gallery\/4-trainingslager-in-gnas\/thumbs\/thumbs_img_6372.jpg\"\n               data-image-id=\"8954\"\n               data-title=\"img_6372\"\n               data-description=\"\"\n               data-image-slug=\"img_6372\"\n               class=\"shutterset_56480b96342f806dde94ad9c88fb8675\">\n                <img\n                    title=\"img_6372\"\n                    alt=\"img_6372\"\n                    src=\"http:\/\/www.karate-neuhofen.at\/wp-content\/gallery\/4-trainingslager-in-gnas\/thumbs\/thumbs_img_6372.jpg\"\n                    width=\"100\"\n                    height=\"66\"\n                    style=\"max-width:100%;\"\n                \/>\n            <\/a>\n        <\/div>\n\t\t\t\t\t\t\t<\/div> \n\t\t\t\n        \n\t\t\t\t<div id=\"ngg-image-328\" class=\"ngg-gallery-thumbnail-box\" >\n\t\t\t\t        <div class=\"ngg-gallery-thumbnail\">\n            <a href=\"http:\/\/www.karate-neuhofen.at\/wp-content\/gallery\/4-trainingslager-in-gnas\/img_6374.jpg\"\n               title=\"\"\n               data-src=\"http:\/\/www.karate-neuhofen.at\/wp-content\/gallery\/4-trainingslager-in-gnas\/img_6374.jpg\"\n               data-thumbnail=\"http:\/\/www.karate-neuhofen.at\/wp-content\/gallery\/4-trainingslager-in-gnas\/thumbs\/thumbs_img_6374.jpg\"\n               data-image-id=\"8955\"\n               data-title=\"img_6374\"\n               data-description=\"\"\n               data-image-slug=\"img_6374\"\n               class=\"shutterset_56480b96342f806dde94ad9c88fb8675\">\n                <img\n                    title=\"img_6374\"\n                    alt=\"img_6374\"\n                    src=\"http:\/\/www.karate-neuhofen.at\/wp-content\/gallery\/4-trainingslager-in-gnas\/thumbs\/thumbs_img_6374.jpg\"\n                    width=\"100\"\n                    height=\"66\"\n                    style=\"max-width:100%;\"\n                \/>\n            <\/a>\n        <\/div>\n\t\t\t\t\t\t\t<\/div> \n\t\t\t\n        \n\t\t\t\t<div id=\"ngg-image-329\" class=\"ngg-gallery-thumbnail-box\" >\n\t\t\t\t        <div class=\"ngg-gallery-thumbnail\">\n            <a href=\"http:\/\/www.karate-neuhofen.at\/wp-content\/gallery\/4-trainingslager-in-gnas\/img_6375.jpg\"\n               title=\"\"\n               data-src=\"http:\/\/www.karate-neuhofen.at\/wp-content\/gallery\/4-trainingslager-in-gnas\/img_6375.jpg\"\n               data-thumbnail=\"http:\/\/www.karate-neuhofen.at\/wp-content\/gallery\/4-trainingslager-in-gnas\/thumbs\/thumbs_img_6375.jpg\"\n               data-image-id=\"8956\"\n               data-title=\"img_6375\"\n               data-description=\"\"\n               data-image-slug=\"img_6375\"\n               class=\"shutterset_56480b96342f806dde94ad9c88fb8675\">\n                <img\n                    title=\"img_6375\"\n                    alt=\"img_6375\"\n                    src=\"http:\/\/www.karate-neuhofen.at\/wp-content\/gallery\/4-trainingslager-in-gnas\/thumbs\/thumbs_img_6375.jpg\"\n                    width=\"100\"\n                    height=\"66\"\n                    style=\"max-width:100%;\"\n                \/>\n            <\/a>\n        <\/div>\n\t\t\t\t\t\t\t<\/div> \n\t\t\t\n        \n\t\t\t\t<div id=\"ngg-image-330\" class=\"ngg-gallery-thumbnail-box\" >\n\t\t\t\t        <div class=\"ngg-gallery-thumbnail\">\n            <a href=\"http:\/\/www.karate-neuhofen.at\/wp-content\/gallery\/4-trainingslager-in-gnas\/img_6376.jpg\"\n               title=\"\"\n               data-src=\"http:\/\/www.karate-neuhofen.at\/wp-content\/gallery\/4-trainingslager-in-gnas\/img_6376.jpg\"\n               data-thumbnail=\"http:\/\/www.karate-neuhofen.at\/wp-content\/gallery\/4-trainingslager-in-gnas\/thumbs\/thumbs_img_6376.jpg\"\n               data-image-id=\"8957\"\n               data-title=\"img_6376\"\n               data-description=\"\"\n               data-image-slug=\"img_6376\"\n               class=\"shutterset_56480b96342f806dde94ad9c88fb8675\">\n                <img\n                    title=\"img_6376\"\n                    alt=\"img_6376\"\n                    src=\"http:\/\/www.karate-neuhofen.at\/wp-content\/gallery\/4-trainingslager-in-gnas\/thumbs\/thumbs_img_6376.jpg\"\n                    width=\"100\"\n                    height=\"66\"\n                    style=\"max-width:100%;\"\n                \/>\n            <\/a>\n        <\/div>\n\t\t\t\t\t\t\t<\/div> \n\t\t\t\n        \n\t\t\t\t<div id=\"ngg-image-331\" class=\"ngg-gallery-thumbnail-box\" >\n\t\t\t\t        <div class=\"ngg-gallery-thumbnail\">\n            <a href=\"http:\/\/www.karate-neuhofen.at\/wp-content\/gallery\/4-trainingslager-in-gnas\/img_6377.jpg\"\n               title=\"\"\n               data-src=\"http:\/\/www.karate-neuhofen.at\/wp-content\/gallery\/4-trainingslager-in-gnas\/img_6377.jpg\"\n               data-thumbnail=\"http:\/\/www.karate-neuhofen.at\/wp-content\/gallery\/4-trainingslager-in-gnas\/thumbs\/thumbs_img_6377.jpg\"\n               data-image-id=\"8958\"\n               data-title=\"img_6377\"\n               data-description=\"\"\n               data-image-slug=\"img_6377\"\n               class=\"shutterset_56480b96342f806dde94ad9c88fb8675\">\n                <img\n                    title=\"img_6377\"\n                    alt=\"img_6377\"\n                    src=\"http:\/\/www.karate-neuhofen.at\/wp-content\/gallery\/4-trainingslager-in-gnas\/thumbs\/thumbs_img_6377.jpg\"\n                    width=\"100\"\n                    height=\"66\"\n                    style=\"max-width:100%;\"\n                \/>\n            <\/a>\n        <\/div>\n\t\t\t\t\t\t\t<\/div> \n\t\t\t\n        \n\t\t\t\t<div id=\"ngg-image-332\" class=\"ngg-gallery-thumbnail-box\" >\n\t\t\t\t        <div class=\"ngg-gallery-thumbnail\">\n            <a href=\"http:\/\/www.karate-neuhofen.at\/wp-content\/gallery\/4-trainingslager-in-gnas\/img_6378.jpg\"\n               title=\"\"\n               data-src=\"http:\/\/www.karate-neuhofen.at\/wp-content\/gallery\/4-trainingslager-in-gnas\/img_6378.jpg\"\n               data-thumbnail=\"http:\/\/www.karate-neuhofen.at\/wp-content\/gallery\/4-trainingslager-in-gnas\/thumbs\/thumbs_img_6378.jpg\"\n               data-image-id=\"8959\"\n               data-title=\"img_6378\"\n               data-description=\"\"\n               data-image-slug=\"img_6378\"\n               class=\"shutterset_56480b96342f806dde94ad9c88fb8675\">\n                <img\n                    title=\"img_6378\"\n                    alt=\"img_6378\"\n                    src=\"http:\/\/www.karate-neuhofen.at\/wp-content\/gallery\/4-trainingslager-in-gnas\/thumbs\/thumbs_img_6378.jpg\"\n                    width=\"100\"\n                    height=\"66\"\n                    style=\"max-width:100%;\"\n                \/>\n            <\/a>\n        <\/div>\n\t\t\t\t\t\t\t<\/div> \n\t\t\t\n        \n\t\t\t\t<div id=\"ngg-image-333\" class=\"ngg-gallery-thumbnail-box\" >\n\t\t\t\t        <div class=\"ngg-gallery-thumbnail\">\n            <a href=\"http:\/\/www.karate-neuhofen.at\/wp-content\/gallery\/4-trainingslager-in-gnas\/img_6379.jpg\"\n               title=\"\"\n               data-src=\"http:\/\/www.karate-neuhofen.at\/wp-content\/gallery\/4-trainingslager-in-gnas\/img_6379.jpg\"\n               data-thumbnail=\"http:\/\/www.karate-neuhofen.at\/wp-content\/gallery\/4-trainingslager-in-gnas\/thumbs\/thumbs_img_6379.jpg\"\n               data-image-id=\"8960\"\n               data-title=\"img_6379\"\n               data-description=\"\"\n               data-image-slug=\"img_6379\"\n               class=\"shutterset_56480b96342f806dde94ad9c88fb8675\">\n                <img\n                    title=\"img_6379\"\n                    alt=\"img_6379\"\n                    src=\"http:\/\/www.karate-neuhofen.at\/wp-content\/gallery\/4-trainingslager-in-gnas\/thumbs\/thumbs_img_6379.jpg\"\n                    width=\"100\"\n                    height=\"66\"\n                    style=\"max-width:100%;\"\n                \/>\n            <\/a>\n        <\/div>\n\t\t\t\t\t\t\t<\/div> \n\t\t\t\n        \n\t\t\t\t<div id=\"ngg-image-334\" class=\"ngg-gallery-thumbnail-box\" >\n\t\t\t\t        <div class=\"ngg-gallery-thumbnail\">\n            <a href=\"http:\/\/www.karate-neuhofen.at\/wp-content\/gallery\/4-trainingslager-in-gnas\/img_6386.jpg\"\n               title=\"\"\n               data-src=\"http:\/\/www.karate-neuhofen.at\/wp-content\/gallery\/4-trainingslager-in-gnas\/img_6386.jpg\"\n               data-thumbnail=\"http:\/\/www.karate-neuhofen.at\/wp-content\/gallery\/4-trainingslager-in-gnas\/thumbs\/thumbs_img_6386.jpg\"\n               data-image-id=\"8961\"\n               data-title=\"img_6386\"\n               data-description=\"\"\n               data-image-slug=\"img_6386\"\n               class=\"shutterset_56480b96342f806dde94ad9c88fb8675\">\n                <img\n                    title=\"img_6386\"\n                    alt=\"img_6386\"\n                    src=\"http:\/\/www.karate-neuhofen.at\/wp-content\/gallery\/4-trainingslager-in-gnas\/thumbs\/thumbs_img_6386.jpg\"\n                    width=\"100\"\n                    height=\"66\"\n                    style=\"max-width:100%;\"\n                \/>\n            <\/a>\n        <\/div>\n\t\t\t\t\t\t\t<\/div> \n\t\t\t\n        \n\t\t\t\t<div id=\"ngg-image-335\" class=\"ngg-gallery-thumbnail-box\" >\n\t\t\t\t        <div class=\"ngg-gallery-thumbnail\">\n            <a href=\"http:\/\/www.karate-neuhofen.at\/wp-content\/gallery\/4-trainingslager-in-gnas\/img_6388.jpg\"\n               title=\"\"\n               data-src=\"http:\/\/www.karate-neuhofen.at\/wp-content\/gallery\/4-trainingslager-in-gnas\/img_6388.jpg\"\n               data-thumbnail=\"http:\/\/www.karate-neuhofen.at\/wp-content\/gallery\/4-trainingslager-in-gnas\/thumbs\/thumbs_img_6388.jpg\"\n               data-image-id=\"8962\"\n               data-title=\"img_6388\"\n               data-description=\"\"\n               data-image-slug=\"img_6388\"\n               class=\"shutterset_56480b96342f806dde94ad9c88fb8675\">\n                <img\n                    title=\"img_6388\"\n                    alt=\"img_6388\"\n                    src=\"http:\/\/www.karate-neuhofen.at\/wp-content\/gallery\/4-trainingslager-in-gnas\/thumbs\/thumbs_img_6388.jpg\"\n                    width=\"100\"\n                    height=\"66\"\n                    style=\"max-width:100%;\"\n                \/>\n            <\/a>\n        <\/div>\n\t\t\t\t\t\t\t<\/div> \n\t\t\t\n        \n\t\t\t\t<div id=\"ngg-image-336\" class=\"ngg-gallery-thumbnail-box\" >\n\t\t\t\t        <div class=\"ngg-gallery-thumbnail\">\n            <a href=\"http:\/\/www.karate-neuhofen.at\/wp-content\/gallery\/4-trainingslager-in-gnas\/img_6389.jpg\"\n               title=\"\"\n               data-src=\"http:\/\/www.karate-neuhofen.at\/wp-content\/gallery\/4-trainingslager-in-gnas\/img_6389.jpg\"\n               data-thumbnail=\"http:\/\/www.karate-neuhofen.at\/wp-content\/gallery\/4-trainingslager-in-gnas\/thumbs\/thumbs_img_6389.jpg\"\n               data-image-id=\"8963\"\n               data-title=\"img_6389\"\n               data-description=\"\"\n               data-image-slug=\"img_6389\"\n               class=\"shutterset_56480b96342f806dde94ad9c88fb8675\">\n                <img\n                    title=\"img_6389\"\n                    alt=\"img_6389\"\n                    src=\"http:\/\/www.karate-neuhofen.at\/wp-content\/gallery\/4-trainingslager-in-gnas\/thumbs\/thumbs_img_6389.jpg\"\n                    width=\"100\"\n                    height=\"66\"\n                    style=\"max-width:100%;\"\n                \/>\n            <\/a>\n        <\/div>\n\t\t\t\t\t\t\t<\/div> \n\t\t\t\n        \n\t\t\t\t<div id=\"ngg-image-337\" class=\"ngg-gallery-thumbnail-box\" >\n\t\t\t\t        <div class=\"ngg-gallery-thumbnail\">\n            <a href=\"http:\/\/www.karate-neuhofen.at\/wp-content\/gallery\/4-trainingslager-in-gnas\/img_6390.jpg\"\n               title=\"\"\n               data-src=\"http:\/\/www.karate-neuhofen.at\/wp-content\/gallery\/4-trainingslager-in-gnas\/img_6390.jpg\"\n               data-thumbnail=\"http:\/\/www.karate-neuhofen.at\/wp-content\/gallery\/4-trainingslager-in-gnas\/thumbs\/thumbs_img_6390.jpg\"\n               data-image-id=\"8964\"\n               data-title=\"img_6390\"\n               data-description=\"\"\n               data-image-slug=\"img_6390\"\n               class=\"shutterset_56480b96342f806dde94ad9c88fb8675\">\n                <img\n                    title=\"img_6390\"\n                    alt=\"img_6390\"\n                    src=\"http:\/\/www.karate-neuhofen.at\/wp-content\/gallery\/4-trainingslager-in-gnas\/thumbs\/thumbs_img_6390.jpg\"\n                    width=\"100\"\n                    height=\"66\"\n                    style=\"max-width:100%;\"\n                \/>\n            <\/a>\n        <\/div>\n\t\t\t\t\t\t\t<\/div> \n\t\t\t\n        \n\t\t\t\t<div id=\"ngg-image-338\" class=\"ngg-gallery-thumbnail-box\" >\n\t\t\t\t        <div class=\"ngg-gallery-thumbnail\">\n            <a href=\"http:\/\/www.karate-neuhofen.at\/wp-content\/gallery\/4-trainingslager-in-gnas\/img_6409.jpg\"\n               title=\"\"\n               data-src=\"http:\/\/www.karate-neuhofen.at\/wp-content\/gallery\/4-trainingslager-in-gnas\/img_6409.jpg\"\n               data-thumbnail=\"http:\/\/www.karate-neuhofen.at\/wp-content\/gallery\/4-trainingslager-in-gnas\/thumbs\/thumbs_img_6409.jpg\"\n               data-image-id=\"8965\"\n               data-title=\"img_6409\"\n               data-description=\"\"\n               data-image-slug=\"img_6409\"\n               class=\"shutterset_56480b96342f806dde94ad9c88fb8675\">\n                <img\n                    title=\"img_6409\"\n                    alt=\"img_6409\"\n                    src=\"http:\/\/www.karate-neuhofen.at\/wp-content\/gallery\/4-trainingslager-in-gnas\/thumbs\/thumbs_img_6409.jpg\"\n                    width=\"100\"\n                    height=\"66\"\n                    style=\"max-width:100%;\"\n                \/>\n            <\/a>\n        <\/div>\n\t\t\t\t\t\t\t<\/div> \n\t\t\t\n        \n\t\t\t\t<div id=\"ngg-image-339\" class=\"ngg-gallery-thumbnail-box\" >\n\t\t\t\t        <div class=\"ngg-gallery-thumbnail\">\n            <a href=\"http:\/\/www.karate-neuhofen.at\/wp-content\/gallery\/4-trainingslager-in-gnas\/img_6411.jpg\"\n               title=\"\"\n               data-src=\"http:\/\/www.karate-neuhofen.at\/wp-content\/gallery\/4-trainingslager-in-gnas\/img_6411.jpg\"\n               data-thumbnail=\"http:\/\/www.karate-neuhofen.at\/wp-content\/gallery\/4-trainingslager-in-gnas\/thumbs\/thumbs_img_6411.jpg\"\n               data-image-id=\"8966\"\n               data-title=\"img_6411\"\n               data-description=\"\"\n               data-image-slug=\"img_6411\"\n               class=\"shutterset_56480b96342f806dde94ad9c88fb8675\">\n                <img\n                    title=\"img_6411\"\n                    alt=\"img_6411\"\n                    src=\"http:\/\/www.karate-neuhofen.at\/wp-content\/gallery\/4-trainingslager-in-gnas\/thumbs\/thumbs_img_6411.jpg\"\n                    width=\"100\"\n                    height=\"66\"\n                    style=\"max-width:100%;\"\n                \/>\n            <\/a>\n        <\/div>\n\t\t\t\t\t\t\t<\/div> \n\t\t\t\n        \n\t\t\t\t<div id=\"ngg-image-340\" class=\"ngg-gallery-thumbnail-box\" >\n\t\t\t\t        <div class=\"ngg-gallery-thumbnail\">\n            <a href=\"http:\/\/www.karate-neuhofen.at\/wp-content\/gallery\/4-trainingslager-in-gnas\/img_6412.jpg\"\n               title=\"\"\n               data-src=\"http:\/\/www.karate-neuhofen.at\/wp-content\/gallery\/4-trainingslager-in-gnas\/img_6412.jpg\"\n               data-thumbnail=\"http:\/\/www.karate-neuhofen.at\/wp-content\/gallery\/4-trainingslager-in-gnas\/thumbs\/thumbs_img_6412.jpg\"\n               data-image-id=\"8967\"\n               data-title=\"img_6412\"\n               data-description=\"\"\n               data-image-slug=\"img_6412\"\n               class=\"shutterset_56480b96342f806dde94ad9c88fb8675\">\n                <img\n                    title=\"img_6412\"\n                    alt=\"img_6412\"\n                    src=\"http:\/\/www.karate-neuhofen.at\/wp-content\/gallery\/4-trainingslager-in-gnas\/thumbs\/thumbs_img_6412.jpg\"\n                    width=\"100\"\n                    height=\"66\"\n                    style=\"max-width:100%;\"\n                \/>\n            <\/a>\n        <\/div>\n\t\t\t\t\t\t\t<\/div> \n\t\t\t\n        \n\t\t\t\t<div id=\"ngg-image-341\" class=\"ngg-gallery-thumbnail-box\" >\n\t\t\t\t        <div class=\"ngg-gallery-thumbnail\">\n            <a href=\"http:\/\/www.karate-neuhofen.at\/wp-content\/gallery\/4-trainingslager-in-gnas\/img_6416.jpg\"\n               title=\"\"\n               data-src=\"http:\/\/www.karate-neuhofen.at\/wp-content\/gallery\/4-trainingslager-in-gnas\/img_6416.jpg\"\n               data-thumbnail=\"http:\/\/www.karate-neuhofen.at\/wp-content\/gallery\/4-trainingslager-in-gnas\/thumbs\/thumbs_img_6416.jpg\"\n               data-image-id=\"8968\"\n               data-title=\"img_6416\"\n               data-description=\"\"\n               data-image-slug=\"img_6416\"\n               class=\"shutterset_56480b96342f806dde94ad9c88fb8675\">\n                <img\n                    title=\"img_6416\"\n                    alt=\"img_6416\"\n                    src=\"http:\/\/www.karate-neuhofen.at\/wp-content\/gallery\/4-trainingslager-in-gnas\/thumbs\/thumbs_img_6416.jpg\"\n                    width=\"100\"\n                    height=\"66\"\n                    style=\"max-width:100%;\"\n                \/>\n            <\/a>\n        <\/div>\n\t\t\t\t\t\t\t<\/div> \n\t\t\t\n        \n\t\t\t\t<div id=\"ngg-image-342\" class=\"ngg-gallery-thumbnail-box\" >\n\t\t\t\t        <div class=\"ngg-gallery-thumbnail\">\n            <a href=\"http:\/\/www.karate-neuhofen.at\/wp-content\/gallery\/4-trainingslager-in-gnas\/img_6416a.jpg\"\n               title=\"\"\n               data-src=\"http:\/\/www.karate-neuhofen.at\/wp-content\/gallery\/4-trainingslager-in-gnas\/img_6416a.jpg\"\n               data-thumbnail=\"http:\/\/www.karate-neuhofen.at\/wp-content\/gallery\/4-trainingslager-in-gnas\/thumbs\/thumbs_img_6416a.jpg\"\n               data-image-id=\"8969\"\n               data-title=\"img_6416a\"\n               data-description=\"\"\n               data-image-slug=\"img_6416a\"\n               class=\"shutterset_56480b96342f806dde94ad9c88fb8675\">\n                <img\n                    title=\"img_6416a\"\n                    alt=\"img_6416a\"\n                    src=\"http:\/\/www.karate-neuhofen.at\/wp-content\/gallery\/4-trainingslager-in-gnas\/thumbs\/thumbs_img_6416a.jpg\"\n                    width=\"100\"\n                    height=\"66\"\n                    style=\"max-width:100%;\"\n                \/>\n            <\/a>\n        <\/div>\n\t\t\t\t\t\t\t<\/div> \n\t\t\t\n        \n\t\t\t\t<div id=\"ngg-image-343\" class=\"ngg-gallery-thumbnail-box\" >\n\t\t\t\t        <div class=\"ngg-gallery-thumbnail\">\n            <a href=\"http:\/\/www.karate-neuhofen.at\/wp-content\/gallery\/4-trainingslager-in-gnas\/img_6416b.jpg\"\n               title=\"\"\n               data-src=\"http:\/\/www.karate-neuhofen.at\/wp-content\/gallery\/4-trainingslager-in-gnas\/img_6416b.jpg\"\n               data-thumbnail=\"http:\/\/www.karate-neuhofen.at\/wp-content\/gallery\/4-trainingslager-in-gnas\/thumbs\/thumbs_img_6416b.jpg\"\n               data-image-id=\"8970\"\n               data-title=\"img_6416b\"\n               data-description=\"\"\n               data-image-slug=\"img_6416b\"\n               class=\"shutterset_56480b96342f806dde94ad9c88fb8675\">\n                <img\n                    title=\"img_6416b\"\n                    alt=\"img_6416b\"\n                    src=\"http:\/\/www.karate-neuhofen.at\/wp-content\/gallery\/4-trainingslager-in-gnas\/thumbs\/thumbs_img_6416b.jpg\"\n                    width=\"42\"\n                    height=\"75\"\n                    style=\"max-width:100%;\"\n                \/>\n            <\/a>\n        <\/div>\n\t\t\t\t\t\t\t<\/div> \n\t\t\t\n        \n\t\t\t\t<div id=\"ngg-image-344\" class=\"ngg-gallery-thumbnail-box\" >\n\t\t\t\t        <div class=\"ngg-gallery-thumbnail\">\n            <a href=\"http:\/\/www.karate-neuhofen.at\/wp-content\/gallery\/4-trainingslager-in-gnas\/img_6418.jpg\"\n               title=\"\"\n               data-src=\"http:\/\/www.karate-neuhofen.at\/wp-content\/gallery\/4-trainingslager-in-gnas\/img_6418.jpg\"\n               data-thumbnail=\"http:\/\/www.karate-neuhofen.at\/wp-content\/gallery\/4-trainingslager-in-gnas\/thumbs\/thumbs_img_6418.jpg\"\n               data-image-id=\"8971\"\n               data-title=\"img_6418\"\n               data-description=\"\"\n               data-image-slug=\"img_6418\"\n               class=\"shutterset_56480b96342f806dde94ad9c88fb8675\">\n                <img\n                    title=\"img_6418\"\n                    alt=\"img_6418\"\n                    src=\"http:\/\/www.karate-neuhofen.at\/wp-content\/gallery\/4-trainingslager-in-gnas\/thumbs\/thumbs_img_6418.jpg\"\n                    width=\"100\"\n                    height=\"66\"\n                    style=\"max-width:100%;\"\n                \/>\n            <\/a>\n        <\/div>\n\t\t\t\t\t\t\t<\/div> \n\t\t\t\n        \n\t\t\t\t<div id=\"ngg-image-345\" class=\"ngg-gallery-thumbnail-box\" >\n\t\t\t\t        <div class=\"ngg-gallery-thumbnail\">\n            <a href=\"http:\/\/www.karate-neuhofen.at\/wp-content\/gallery\/4-trainingslager-in-gnas\/img_6421.jpg\"\n               title=\"\"\n               data-src=\"http:\/\/www.karate-neuhofen.at\/wp-content\/gallery\/4-trainingslager-in-gnas\/img_6421.jpg\"\n               data-thumbnail=\"http:\/\/www.karate-neuhofen.at\/wp-content\/gallery\/4-trainingslager-in-gnas\/thumbs\/thumbs_img_6421.jpg\"\n               data-image-id=\"8972\"\n               data-title=\"img_6421\"\n               data-description=\"\"\n               data-image-slug=\"img_6421\"\n               class=\"shutterset_56480b96342f806dde94ad9c88fb8675\">\n                <img\n                    title=\"img_6421\"\n                    alt=\"img_6421\"\n                    src=\"http:\/\/www.karate-neuhofen.at\/wp-content\/gallery\/4-trainingslager-in-gnas\/thumbs\/thumbs_img_6421.jpg\"\n                    width=\"100\"\n                    height=\"66\"\n                    style=\"max-width:100%;\"\n                \/>\n            <\/a>\n        <\/div>\n\t\t\t\t\t\t\t<\/div> \n\t\t\t\n        \n\t\t\t\t<div id=\"ngg-image-346\" class=\"ngg-gallery-thumbnail-box\" >\n\t\t\t\t        <div class=\"ngg-gallery-thumbnail\">\n            <a href=\"http:\/\/www.karate-neuhofen.at\/wp-content\/gallery\/4-trainingslager-in-gnas\/jimg_1446.jpg\"\n               title=\"\"\n               data-src=\"http:\/\/www.karate-neuhofen.at\/wp-content\/gallery\/4-trainingslager-in-gnas\/jimg_1446.jpg\"\n               data-thumbnail=\"http:\/\/www.karate-neuhofen.at\/wp-content\/gallery\/4-trainingslager-in-gnas\/thumbs\/thumbs_jimg_1446.jpg\"\n               data-image-id=\"8980\"\n               data-title=\"jimg_1446\"\n               data-description=\"\"\n               data-image-slug=\"jimg_1446\"\n               class=\"shutterset_56480b96342f806dde94ad9c88fb8675\">\n                <img\n                    title=\"jimg_1446\"\n                    alt=\"jimg_1446\"\n                    src=\"http:\/\/www.karate-neuhofen.at\/wp-content\/gallery\/4-trainingslager-in-gnas\/thumbs\/thumbs_jimg_1446.jpg\"\n                    width=\"100\"\n                    height=\"75\"\n                    style=\"max-width:100%;\"\n                \/>\n            <\/a>\n        <\/div>\n\t\t\t\t\t\t\t<\/div> \n\t\t\t\n        \n\t\t\t\t<div id=\"ngg-image-347\" class=\"ngg-gallery-thumbnail-box\" >\n\t\t\t\t        <div class=\"ngg-gallery-thumbnail\">\n            <a href=\"http:\/\/www.karate-neuhofen.at\/wp-content\/gallery\/4-trainingslager-in-gnas\/jimg_1452.jpg\"\n               title=\"\"\n               data-src=\"http:\/\/www.karate-neuhofen.at\/wp-content\/gallery\/4-trainingslager-in-gnas\/jimg_1452.jpg\"\n               data-thumbnail=\"http:\/\/www.karate-neuhofen.at\/wp-content\/gallery\/4-trainingslager-in-gnas\/thumbs\/thumbs_jimg_1452.jpg\"\n               data-image-id=\"8981\"\n               data-title=\"jimg_1452\"\n               data-description=\"\"\n               data-image-slug=\"jimg_1452\"\n               class=\"shutterset_56480b96342f806dde94ad9c88fb8675\">\n                <img\n                    title=\"jimg_1452\"\n                    alt=\"jimg_1452\"\n                    src=\"http:\/\/www.karate-neuhofen.at\/wp-content\/gallery\/4-trainingslager-in-gnas\/thumbs\/thumbs_jimg_1452.jpg\"\n                    width=\"100\"\n                    height=\"75\"\n                    style=\"max-width:100%;\"\n                \/>\n            <\/a>\n        <\/div>\n\t\t\t\t\t\t\t<\/div> \n\t\t\t\n        \n\t\t\t\t<div id=\"ngg-image-348\" class=\"ngg-gallery-thumbnail-box\" >\n\t\t\t\t        <div class=\"ngg-gallery-thumbnail\">\n            <a href=\"http:\/\/www.karate-neuhofen.at\/wp-content\/gallery\/4-trainingslager-in-gnas\/jimg_1459.jpg\"\n               title=\"\"\n               data-src=\"http:\/\/www.karate-neuhofen.at\/wp-content\/gallery\/4-trainingslager-in-gnas\/jimg_1459.jpg\"\n               data-thumbnail=\"http:\/\/www.karate-neuhofen.at\/wp-content\/gallery\/4-trainingslager-in-gnas\/thumbs\/thumbs_jimg_1459.jpg\"\n               data-image-id=\"8982\"\n               data-title=\"jimg_1459\"\n               data-description=\"\"\n               data-image-slug=\"jimg_1459\"\n               class=\"shutterset_56480b96342f806dde94ad9c88fb8675\">\n                <img\n                    title=\"jimg_1459\"\n                    alt=\"jimg_1459\"\n                    src=\"http:\/\/www.karate-neuhofen.at\/wp-content\/gallery\/4-trainingslager-in-gnas\/thumbs\/thumbs_jimg_1459.jpg\"\n                    width=\"100\"\n                    height=\"75\"\n                    style=\"max-width:100%;\"\n                \/>\n            <\/a>\n        <\/div>\n\t\t\t\t\t\t\t<\/div> \n\t\t\t\n        \n\t\t\t\t<div id=\"ngg-image-349\" class=\"ngg-gallery-thumbnail-box\" >\n\t\t\t\t        <div class=\"ngg-gallery-thumbnail\">\n            <a href=\"http:\/\/www.karate-neuhofen.at\/wp-content\/gallery\/4-trainingslager-in-gnas\/jimg_1561.jpg\"\n               title=\"\"\n               data-src=\"http:\/\/www.karate-neuhofen.at\/wp-content\/gallery\/4-trainingslager-in-gnas\/jimg_1561.jpg\"\n               data-thumbnail=\"http:\/\/www.karate-neuhofen.at\/wp-content\/gallery\/4-trainingslager-in-gnas\/thumbs\/thumbs_jimg_1561.jpg\"\n               data-image-id=\"8983\"\n               data-title=\"jimg_1561\"\n               data-description=\"\"\n               data-image-slug=\"jimg_1561\"\n               class=\"shutterset_56480b96342f806dde94ad9c88fb8675\">\n                <img\n                    title=\"jimg_1561\"\n                    alt=\"jimg_1561\"\n                    src=\"http:\/\/www.karate-neuhofen.at\/wp-content\/gallery\/4-trainingslager-in-gnas\/thumbs\/thumbs_jimg_1561.jpg\"\n                    width=\"100\"\n                    height=\"75\"\n                    style=\"max-width:100%;\"\n                \/>\n            <\/a>\n        <\/div>\n\t\t\t\t\t\t\t<\/div> \n\t\t\t\n        \n\t\t\t\t<div id=\"ngg-image-350\" class=\"ngg-gallery-thumbnail-box\" >\n\t\t\t\t        <div class=\"ngg-gallery-thumbnail\">\n            <a href=\"http:\/\/www.karate-neuhofen.at\/wp-content\/gallery\/4-trainingslager-in-gnas\/jimg_1566.jpg\"\n               title=\"\"\n               data-src=\"http:\/\/www.karate-neuhofen.at\/wp-content\/gallery\/4-trainingslager-in-gnas\/jimg_1566.jpg\"\n               data-thumbnail=\"http:\/\/www.karate-neuhofen.at\/wp-content\/gallery\/4-trainingslager-in-gnas\/thumbs\/thumbs_jimg_1566.jpg\"\n               data-image-id=\"8984\"\n               data-title=\"jimg_1566\"\n               data-description=\"\"\n               data-image-slug=\"jimg_1566\"\n               class=\"shutterset_56480b96342f806dde94ad9c88fb8675\">\n                <img\n                    title=\"jimg_1566\"\n                    alt=\"jimg_1566\"\n                    src=\"http:\/\/www.karate-neuhofen.at\/wp-content\/gallery\/4-trainingslager-in-gnas\/thumbs\/thumbs_jimg_1566.jpg\"\n                    width=\"100\"\n                    height=\"75\"\n                    style=\"max-width:100%;\"\n                \/>\n            <\/a>\n        <\/div>\n\t\t\t\t\t\t\t<\/div> \n\t\t\t\n        \n\t\t\t\t<div id=\"ngg-image-351\" class=\"ngg-gallery-thumbnail-box\" >\n\t\t\t\t        <div class=\"ngg-gallery-thumbnail\">\n            <a href=\"http:\/\/www.karate-neuhofen.at\/wp-content\/gallery\/4-trainingslager-in-gnas\/jimg_1567.jpg\"\n               title=\"\"\n               data-src=\"http:\/\/www.karate-neuhofen.at\/wp-content\/gallery\/4-trainingslager-in-gnas\/jimg_1567.jpg\"\n               data-thumbnail=\"http:\/\/www.karate-neuhofen.at\/wp-content\/gallery\/4-trainingslager-in-gnas\/thumbs\/thumbs_jimg_1567.jpg\"\n               data-image-id=\"8985\"\n               data-title=\"jimg_1567\"\n               data-description=\"\"\n               data-image-slug=\"jimg_1567\"\n               class=\"shutterset_56480b96342f806dde94ad9c88fb8675\">\n                <img\n                    title=\"jimg_1567\"\n                    alt=\"jimg_1567\"\n                    src=\"http:\/\/www.karate-neuhofen.at\/wp-content\/gallery\/4-trainingslager-in-gnas\/thumbs\/thumbs_jimg_1567.jpg\"\n                    width=\"100\"\n                    height=\"75\"\n                    style=\"max-width:100%;\"\n                \/>\n            <\/a>\n        <\/div>\n\t\t\t\t\t\t\t<\/div> \n\t\t\t\n        \n\t\t\t\t<div id=\"ngg-image-352\" class=\"ngg-gallery-thumbnail-box\" >\n\t\t\t\t        <div class=\"ngg-gallery-thumbnail\">\n            <a href=\"http:\/\/www.karate-neuhofen.at\/wp-content\/gallery\/4-trainingslager-in-gnas\/jimg_1570.jpg\"\n               title=\"\"\n               data-src=\"http:\/\/www.karate-neuhofen.at\/wp-content\/gallery\/4-trainingslager-in-gnas\/jimg_1570.jpg\"\n               data-thumbnail=\"http:\/\/www.karate-neuhofen.at\/wp-content\/gallery\/4-trainingslager-in-gnas\/thumbs\/thumbs_jimg_1570.jpg\"\n               data-image-id=\"8986\"\n               data-title=\"jimg_1570\"\n               data-description=\"\"\n               data-image-slug=\"jimg_1570\"\n               class=\"shutterset_56480b96342f806dde94ad9c88fb8675\">\n                <img\n                    title=\"jimg_1570\"\n                    alt=\"jimg_1570\"\n                    src=\"http:\/\/www.karate-neuhofen.at\/wp-content\/gallery\/4-trainingslager-in-gnas\/thumbs\/thumbs_jimg_1570.jpg\"\n                    width=\"100\"\n                    height=\"75\"\n                    style=\"max-width:100%;\"\n                \/>\n            <\/a>\n        <\/div>\n\t\t\t\t\t\t\t<\/div> \n\t\t\t\n        \n\t\t\n\t\t<div class=\"ngg-clear\"><\/div>\n\t<\/div>\n","protected":false},"excerpt":{"rendered":"<p>Am Abend des 3. Juni reiste ein Gro\u00dfteil des Karatevereins Seibukan Neuhofen f\u00fcr vier N\u00e4chte ins Jufa Gnas, welches in die wundersch\u00f6ne s\u00fcdsteirische Weingegend gebettet ist. Begleitet von hochsommerlichen Temperaturen verbrachten wir ein abwechslungsreiches, auspowerndes und geselliges verl\u00e4ngertes Wochenende. Unter dem bew\u00e4hrten hochkar\u00e4tigen Trainerstab Ursula Porkert \u2013 Daniel Devigili und Thomas Kaserer kamen Oberstufe, Unterstufe [&hellip;]<\/p>\n","protected":false},"author":3,"featured_media":2678,"comment_status":"closed","ping_status":"closed","sticky":false,"template":"","format":"standard","meta":{"ngg_post_thumbnail":0},"categories":[14],"tags":[47],"_links":{"self":[{"href":"http:\/\/www.karate-neuhofen.at\/index.php?rest_route=\/wp\/v2\/posts\/2674"}],"collection":[{"href":"http:\/\/www.karate-neuhofen.at\/index.php?rest_route=\/wp\/v2\/posts"}],"about":[{"href":"http:\/\/www.karate-neuhofen.at\/index.php?rest_route=\/wp\/v2\/types\/post"}],"author":[{"embeddable":true,"href":"http:\/\/www.karate-neuhofen.at\/index.php?rest_route=\/wp\/v2\/users\/3"}],"replies":[{"embeddable":true,"href":"http:\/\/www.karate-neuhofen.at\/index.php?rest_route=%2Fwp%2Fv2%2Fcomments&post=2674"}],"version-history":[{"count":12,"href":"http:\/\/www.karate-neuhofen.at\/index.php?rest_route=\/wp\/v2\/posts\/2674\/revisions"}],"predecessor-version":[{"id":2694,"href":"http:\/\/www.karate-neuhofen.at\/index.php?rest_route=\/wp\/v2\/posts\/2674\/revisions\/2694"}],"wp:featuredmedia":[{"embeddable":true,"href":"http:\/\/www.karate-neuhofen.at\/index.php?rest_route=\/wp\/v2\/media\/2678"}],"wp:attachment":[{"href":"http:\/\/www.karate-neuhofen.at\/index.php?rest_route=%2Fwp%2Fv2%2Fmedia&parent=2674"}],"wp:term":[{"taxonomy":"category","embeddable":true,"href":"http:\/\/www.karate-neuhofen.at\/index.php?rest_route=%2Fwp%2Fv2%2Fcategories&post=2674"},{"taxonomy":"post_tag","embeddable":true,"href":"http:\/\/www.karate-neuhofen.at\/index.php?rest_route=%2Fwp%2Fv2%2Ftags&post=2674"}],"curies":[{"name":"wp","href":"https:\/\/api.w.org\/{rel}","templated":true}]}}