{"id":37947,"date":"2022-07-25T19:00:55","date_gmt":"2022-07-25T18:00:55","guid":{"rendered":"http:\/\/www.karate-neuhofen.at\/?p=37947"},"modified":"2022-07-26T12:01:37","modified_gmt":"2022-07-26T11:01:37","slug":"kumite-training-mit-europameisterin-hanna-devigili","status":"publish","type":"post","link":"http:\/\/www.karate-neuhofen.at\/?p=37947","title":{"rendered":"Kumite Training mit Europameisterin Hanna Devigili"},"content":{"rendered":"<div dir=\"auto\">Zu Gast im Dojo Neuhofen, war am 25.07.&nbsp;Hanna Devigili&nbsp;(die Tochter von Weltmeister und Kumite Bundestrainer Daniel Devigili) aus Vorarlberg. Hanna, die Kumite Kadetten Europameisterin wurde, in Mexico die Youth League gewann und vor kurzem auch die Austrian Junior Open gewinnen konnte, bescherte den Sportler*innen ein schwei\u00dftreibendes Kumite-Training. Danke an pbW Dieter Wintersperger&nbsp;Elektrotechnik consulting &amp; engineering f\u00fcr die tolle Unterst\u00fctzung.<\/div>\n<div dir=\"auto\"><!-- index.php -->\n<div\n\tclass=\"ngg-galleryoverview ngg-ajax-pagination-none\"\n\tid=\"ngg-gallery-1d30c0415b77590ccf091a1638bc698c-1\">\n\n    \t<div class=\"slideshowlink\">\n        <a href='http:\/\/www.karate-neuhofen.at\/index.php\/nggallery\/slideshow?p=37947'>[Zeige eine Slideshow]<\/a>\n\t\t\n\t<\/div>\n\t\t\t<!-- Thumbnails -->\n\t\t\t\t<div id=\"ngg-image-0\" class=\"ngg-gallery-thumbnail-box\" >\n\t\t\t\t        <div class=\"ngg-gallery-thumbnail\">\n            <a href=\"http:\/\/www.karate-neuhofen.at\/wp-content\/gallery\/hanna-devigili0722\/IMG_1774.jpg\"\n               title=\"\"\n               data-src=\"http:\/\/www.karate-neuhofen.at\/wp-content\/gallery\/hanna-devigili0722\/IMG_1774.jpg\"\n               data-thumbnail=\"http:\/\/www.karate-neuhofen.at\/wp-content\/gallery\/hanna-devigili0722\/thumbs\/thumbs_IMG_1774.jpg\"\n               data-image-id=\"29347\"\n               data-title=\"IMG_1774\"\n               data-description=\"\"\n               data-image-slug=\"img_1774\"\n               class=\"shutterset_1d30c0415b77590ccf091a1638bc698c\">\n                <img\n                    title=\"IMG_1774\"\n                    alt=\"IMG_1774\"\n                    src=\"http:\/\/www.karate-neuhofen.at\/wp-content\/gallery\/hanna-devigili0722\/thumbs\/thumbs_IMG_1774.jpg\"\n                    width=\"240\"\n                    height=\"160\"\n                    style=\"max-width:100%;\"\n                \/>\n            <\/a>\n        <\/div>\n\t\t\t\t\t\t\t<\/div> \n\t\t\t\n        \n\t\t\t\t<div id=\"ngg-image-1\" class=\"ngg-gallery-thumbnail-box\" >\n\t\t\t\t        <div class=\"ngg-gallery-thumbnail\">\n            <a href=\"http:\/\/www.karate-neuhofen.at\/wp-content\/gallery\/hanna-devigili0722\/IMG_1779.jpg\"\n               title=\"\"\n               data-src=\"http:\/\/www.karate-neuhofen.at\/wp-content\/gallery\/hanna-devigili0722\/IMG_1779.jpg\"\n               data-thumbnail=\"http:\/\/www.karate-neuhofen.at\/wp-content\/gallery\/hanna-devigili0722\/thumbs\/thumbs_IMG_1779.jpg\"\n               data-image-id=\"29348\"\n               data-title=\"IMG_1779\"\n               data-description=\"\"\n               data-image-slug=\"img_1779-2\"\n               class=\"shutterset_1d30c0415b77590ccf091a1638bc698c\">\n                <img\n                    title=\"IMG_1779\"\n                    alt=\"IMG_1779\"\n                    src=\"http:\/\/www.karate-neuhofen.at\/wp-content\/gallery\/hanna-devigili0722\/thumbs\/thumbs_IMG_1779.jpg\"\n                    width=\"240\"\n                    height=\"160\"\n                    style=\"max-width:100%;\"\n                \/>\n            <\/a>\n        <\/div>\n\t\t\t\t\t\t\t<\/div> \n\t\t\t\n        \n\t\t\t\t<div id=\"ngg-image-2\" class=\"ngg-gallery-thumbnail-box\" >\n\t\t\t\t        <div class=\"ngg-gallery-thumbnail\">\n            <a href=\"http:\/\/www.karate-neuhofen.at\/wp-content\/gallery\/hanna-devigili0722\/IMG_1781.jpg\"\n               title=\"\"\n               data-src=\"http:\/\/www.karate-neuhofen.at\/wp-content\/gallery\/hanna-devigili0722\/IMG_1781.jpg\"\n               data-thumbnail=\"http:\/\/www.karate-neuhofen.at\/wp-content\/gallery\/hanna-devigili0722\/thumbs\/thumbs_IMG_1781.jpg\"\n               data-image-id=\"29349\"\n               data-title=\"IMG_1781\"\n               data-description=\"\"\n               data-image-slug=\"img_1781-1\"\n               class=\"shutterset_1d30c0415b77590ccf091a1638bc698c\">\n                <img\n                    title=\"IMG_1781\"\n                    alt=\"IMG_1781\"\n                    src=\"http:\/\/www.karate-neuhofen.at\/wp-content\/gallery\/hanna-devigili0722\/thumbs\/thumbs_IMG_1781.jpg\"\n                    width=\"240\"\n                    height=\"160\"\n                    style=\"max-width:100%;\"\n                \/>\n            <\/a>\n        <\/div>\n\t\t\t\t\t\t\t<\/div> \n\t\t\t\n        \n\t\t\t\t<div id=\"ngg-image-3\" class=\"ngg-gallery-thumbnail-box\" >\n\t\t\t\t        <div class=\"ngg-gallery-thumbnail\">\n            <a href=\"http:\/\/www.karate-neuhofen.at\/wp-content\/gallery\/hanna-devigili0722\/IMG_1788.jpg\"\n               title=\"\"\n               data-src=\"http:\/\/www.karate-neuhofen.at\/wp-content\/gallery\/hanna-devigili0722\/IMG_1788.jpg\"\n               data-thumbnail=\"http:\/\/www.karate-neuhofen.at\/wp-content\/gallery\/hanna-devigili0722\/thumbs\/thumbs_IMG_1788.jpg\"\n               data-image-id=\"29350\"\n               data-title=\"IMG_1788\"\n               data-description=\"\"\n               data-image-slug=\"img_1788-1\"\n               class=\"shutterset_1d30c0415b77590ccf091a1638bc698c\">\n                <img\n                    title=\"IMG_1788\"\n                    alt=\"IMG_1788\"\n                    src=\"http:\/\/www.karate-neuhofen.at\/wp-content\/gallery\/hanna-devigili0722\/thumbs\/thumbs_IMG_1788.jpg\"\n                    width=\"240\"\n                    height=\"160\"\n                    style=\"max-width:100%;\"\n                \/>\n            <\/a>\n        <\/div>\n\t\t\t\t\t\t\t<\/div> \n\t\t\t\n        \n\t\t\t\t<div id=\"ngg-image-4\" class=\"ngg-gallery-thumbnail-box\" >\n\t\t\t\t        <div class=\"ngg-gallery-thumbnail\">\n            <a href=\"http:\/\/www.karate-neuhofen.at\/wp-content\/gallery\/hanna-devigili0722\/IMG_1794.jpg\"\n               title=\"\"\n               data-src=\"http:\/\/www.karate-neuhofen.at\/wp-content\/gallery\/hanna-devigili0722\/IMG_1794.jpg\"\n               data-thumbnail=\"http:\/\/www.karate-neuhofen.at\/wp-content\/gallery\/hanna-devigili0722\/thumbs\/thumbs_IMG_1794.jpg\"\n               data-image-id=\"29351\"\n               data-title=\"IMG_1794\"\n               data-description=\"\"\n               data-image-slug=\"img_1794\"\n               class=\"shutterset_1d30c0415b77590ccf091a1638bc698c\">\n                <img\n                    title=\"IMG_1794\"\n                    alt=\"IMG_1794\"\n                    src=\"http:\/\/www.karate-neuhofen.at\/wp-content\/gallery\/hanna-devigili0722\/thumbs\/thumbs_IMG_1794.jpg\"\n                    width=\"240\"\n                    height=\"160\"\n                    style=\"max-width:100%;\"\n                \/>\n            <\/a>\n        <\/div>\n\t\t\t\t\t\t\t<\/div> \n\t\t\t\n        \n\t\t\t\t<div id=\"ngg-image-5\" class=\"ngg-gallery-thumbnail-box\" >\n\t\t\t\t        <div class=\"ngg-gallery-thumbnail\">\n            <a href=\"http:\/\/www.karate-neuhofen.at\/wp-content\/gallery\/hanna-devigili0722\/IMG_1804.jpg\"\n               title=\"\"\n               data-src=\"http:\/\/www.karate-neuhofen.at\/wp-content\/gallery\/hanna-devigili0722\/IMG_1804.jpg\"\n               data-thumbnail=\"http:\/\/www.karate-neuhofen.at\/wp-content\/gallery\/hanna-devigili0722\/thumbs\/thumbs_IMG_1804.jpg\"\n               data-image-id=\"29352\"\n               data-title=\"IMG_1804\"\n               data-description=\"\"\n               data-image-slug=\"img_1804-1\"\n               class=\"shutterset_1d30c0415b77590ccf091a1638bc698c\">\n                <img\n                    title=\"IMG_1804\"\n                    alt=\"IMG_1804\"\n                    src=\"http:\/\/www.karate-neuhofen.at\/wp-content\/gallery\/hanna-devigili0722\/thumbs\/thumbs_IMG_1804.jpg\"\n                    width=\"240\"\n                    height=\"160\"\n                    style=\"max-width:100%;\"\n                \/>\n            <\/a>\n        <\/div>\n\t\t\t\t\t\t\t<\/div> \n\t\t\t\n        \n\t\t\t\t<div id=\"ngg-image-6\" class=\"ngg-gallery-thumbnail-box\" >\n\t\t\t\t        <div class=\"ngg-gallery-thumbnail\">\n            <a href=\"http:\/\/www.karate-neuhofen.at\/wp-content\/gallery\/hanna-devigili0722\/IMG_1821.jpg\"\n               title=\"\"\n               data-src=\"http:\/\/www.karate-neuhofen.at\/wp-content\/gallery\/hanna-devigili0722\/IMG_1821.jpg\"\n               data-thumbnail=\"http:\/\/www.karate-neuhofen.at\/wp-content\/gallery\/hanna-devigili0722\/thumbs\/thumbs_IMG_1821.jpg\"\n               data-image-id=\"29353\"\n               data-title=\"IMG_1821\"\n               data-description=\"\"\n               data-image-slug=\"img_1821-2\"\n               class=\"shutterset_1d30c0415b77590ccf091a1638bc698c\">\n                <img\n                    title=\"IMG_1821\"\n                    alt=\"IMG_1821\"\n                    src=\"http:\/\/www.karate-neuhofen.at\/wp-content\/gallery\/hanna-devigili0722\/thumbs\/thumbs_IMG_1821.jpg\"\n                    width=\"240\"\n                    height=\"160\"\n                    style=\"max-width:100%;\"\n                \/>\n            <\/a>\n        <\/div>\n\t\t\t\t\t\t\t<\/div> \n\t\t\t\n        \n\t\t\t\t<div id=\"ngg-image-7\" class=\"ngg-gallery-thumbnail-box\" >\n\t\t\t\t        <div class=\"ngg-gallery-thumbnail\">\n            <a href=\"http:\/\/www.karate-neuhofen.at\/wp-content\/gallery\/hanna-devigili0722\/IMG_1827.jpg\"\n               title=\"\"\n               data-src=\"http:\/\/www.karate-neuhofen.at\/wp-content\/gallery\/hanna-devigili0722\/IMG_1827.jpg\"\n               data-thumbnail=\"http:\/\/www.karate-neuhofen.at\/wp-content\/gallery\/hanna-devigili0722\/thumbs\/thumbs_IMG_1827.jpg\"\n               data-image-id=\"29354\"\n               data-title=\"IMG_1827\"\n               data-description=\"\"\n               data-image-slug=\"img_1827-2\"\n               class=\"shutterset_1d30c0415b77590ccf091a1638bc698c\">\n                <img\n                    title=\"IMG_1827\"\n                    alt=\"IMG_1827\"\n                    src=\"http:\/\/www.karate-neuhofen.at\/wp-content\/gallery\/hanna-devigili0722\/thumbs\/thumbs_IMG_1827.jpg\"\n                    width=\"240\"\n                    height=\"160\"\n                    style=\"max-width:100%;\"\n                \/>\n            <\/a>\n        <\/div>\n\t\t\t\t\t\t\t<\/div> \n\t\t\t\n        \n\t\t\t\t<div id=\"ngg-image-8\" class=\"ngg-gallery-thumbnail-box\" >\n\t\t\t\t        <div class=\"ngg-gallery-thumbnail\">\n            <a href=\"http:\/\/www.karate-neuhofen.at\/wp-content\/gallery\/hanna-devigili0722\/IMG_1837.jpg\"\n               title=\"\"\n               data-src=\"http:\/\/www.karate-neuhofen.at\/wp-content\/gallery\/hanna-devigili0722\/IMG_1837.jpg\"\n               data-thumbnail=\"http:\/\/www.karate-neuhofen.at\/wp-content\/gallery\/hanna-devigili0722\/thumbs\/thumbs_IMG_1837.jpg\"\n               data-image-id=\"29355\"\n               data-title=\"IMG_1837\"\n               data-description=\"\"\n               data-image-slug=\"img_1837-1\"\n               class=\"shutterset_1d30c0415b77590ccf091a1638bc698c\">\n                <img\n                    title=\"IMG_1837\"\n                    alt=\"IMG_1837\"\n                    src=\"http:\/\/www.karate-neuhofen.at\/wp-content\/gallery\/hanna-devigili0722\/thumbs\/thumbs_IMG_1837.jpg\"\n                    width=\"240\"\n                    height=\"160\"\n                    style=\"max-width:100%;\"\n                \/>\n            <\/a>\n        <\/div>\n\t\t\t\t\t\t\t<\/div> \n\t\t\t\n        \n\t\t\t\t<div id=\"ngg-image-9\" class=\"ngg-gallery-thumbnail-box\" >\n\t\t\t\t        <div class=\"ngg-gallery-thumbnail\">\n            <a href=\"http:\/\/www.karate-neuhofen.at\/wp-content\/gallery\/hanna-devigili0722\/IMG_1843.jpg\"\n               title=\"\"\n               data-src=\"http:\/\/www.karate-neuhofen.at\/wp-content\/gallery\/hanna-devigili0722\/IMG_1843.jpg\"\n               data-thumbnail=\"http:\/\/www.karate-neuhofen.at\/wp-content\/gallery\/hanna-devigili0722\/thumbs\/thumbs_IMG_1843.jpg\"\n               data-image-id=\"29356\"\n               data-title=\"IMG_1843\"\n               data-description=\"\"\n               data-image-slug=\"img_1843\"\n               class=\"shutterset_1d30c0415b77590ccf091a1638bc698c\">\n                <img\n                    title=\"IMG_1843\"\n                    alt=\"IMG_1843\"\n                    src=\"http:\/\/www.karate-neuhofen.at\/wp-content\/gallery\/hanna-devigili0722\/thumbs\/thumbs_IMG_1843.jpg\"\n                    width=\"240\"\n                    height=\"160\"\n                    style=\"max-width:100%;\"\n                \/>\n            <\/a>\n        <\/div>\n\t\t\t\t\t\t\t<\/div> \n\t\t\t\n        \n\t\t\t\t<div id=\"ngg-image-10\" class=\"ngg-gallery-thumbnail-box\" >\n\t\t\t\t        <div class=\"ngg-gallery-thumbnail\">\n            <a href=\"http:\/\/www.karate-neuhofen.at\/wp-content\/gallery\/hanna-devigili0722\/IMG_1868.jpg\"\n               title=\"\"\n               data-src=\"http:\/\/www.karate-neuhofen.at\/wp-content\/gallery\/hanna-devigili0722\/IMG_1868.jpg\"\n               data-thumbnail=\"http:\/\/www.karate-neuhofen.at\/wp-content\/gallery\/hanna-devigili0722\/thumbs\/thumbs_IMG_1868.jpg\"\n               data-image-id=\"29357\"\n               data-title=\"IMG_1868\"\n               data-description=\"\"\n               data-image-slug=\"img_1868-2\"\n               class=\"shutterset_1d30c0415b77590ccf091a1638bc698c\">\n                <img\n                    title=\"IMG_1868\"\n                    alt=\"IMG_1868\"\n                    src=\"http:\/\/www.karate-neuhofen.at\/wp-content\/gallery\/hanna-devigili0722\/thumbs\/thumbs_IMG_1868.jpg\"\n                    width=\"240\"\n                    height=\"160\"\n                    style=\"max-width:100%;\"\n                \/>\n            <\/a>\n        <\/div>\n\t\t\t\t\t\t\t<\/div> \n\t\t\t\n        \n\t\t\t\t<div id=\"ngg-image-11\" class=\"ngg-gallery-thumbnail-box\" >\n\t\t\t\t        <div class=\"ngg-gallery-thumbnail\">\n            <a href=\"http:\/\/www.karate-neuhofen.at\/wp-content\/gallery\/hanna-devigili0722\/IMG_1906.jpg\"\n               title=\"\"\n               data-src=\"http:\/\/www.karate-neuhofen.at\/wp-content\/gallery\/hanna-devigili0722\/IMG_1906.jpg\"\n               data-thumbnail=\"http:\/\/www.karate-neuhofen.at\/wp-content\/gallery\/hanna-devigili0722\/thumbs\/thumbs_IMG_1906.jpg\"\n               data-image-id=\"29358\"\n               data-title=\"IMG_1906\"\n               data-description=\"\"\n               data-image-slug=\"img_1906-4\"\n               class=\"shutterset_1d30c0415b77590ccf091a1638bc698c\">\n                <img\n                    title=\"IMG_1906\"\n                    alt=\"IMG_1906\"\n                    src=\"http:\/\/www.karate-neuhofen.at\/wp-content\/gallery\/hanna-devigili0722\/thumbs\/thumbs_IMG_1906.jpg\"\n                    width=\"240\"\n                    height=\"160\"\n                    style=\"max-width:100%;\"\n                \/>\n            <\/a>\n        <\/div>\n\t\t\t\t\t\t\t<\/div> \n\t\t\t\n        \n\t\t\t\t<div id=\"ngg-image-12\" class=\"ngg-gallery-thumbnail-box\" >\n\t\t\t\t        <div class=\"ngg-gallery-thumbnail\">\n            <a href=\"http:\/\/www.karate-neuhofen.at\/wp-content\/gallery\/hanna-devigili0722\/IMG_1912.jpg\"\n               title=\"\"\n               data-src=\"http:\/\/www.karate-neuhofen.at\/wp-content\/gallery\/hanna-devigili0722\/IMG_1912.jpg\"\n               data-thumbnail=\"http:\/\/www.karate-neuhofen.at\/wp-content\/gallery\/hanna-devigili0722\/thumbs\/thumbs_IMG_1912.jpg\"\n               data-image-id=\"29359\"\n               data-title=\"IMG_1912\"\n               data-description=\"\"\n               data-image-slug=\"img_1912-1\"\n               class=\"shutterset_1d30c0415b77590ccf091a1638bc698c\">\n                <img\n                    title=\"IMG_1912\"\n                    alt=\"IMG_1912\"\n                    src=\"http:\/\/www.karate-neuhofen.at\/wp-content\/gallery\/hanna-devigili0722\/thumbs\/thumbs_IMG_1912.jpg\"\n                    width=\"240\"\n                    height=\"160\"\n                    style=\"max-width:100%;\"\n                \/>\n            <\/a>\n        <\/div>\n\t\t\t\t\t\t\t<\/div> \n\t\t\t\n        \n\t\t\t\t<div id=\"ngg-image-13\" class=\"ngg-gallery-thumbnail-box\" >\n\t\t\t\t        <div class=\"ngg-gallery-thumbnail\">\n            <a href=\"http:\/\/www.karate-neuhofen.at\/wp-content\/gallery\/hanna-devigili0722\/IMG_1915.jpg\"\n               title=\"\"\n               data-src=\"http:\/\/www.karate-neuhofen.at\/wp-content\/gallery\/hanna-devigili0722\/IMG_1915.jpg\"\n               data-thumbnail=\"http:\/\/www.karate-neuhofen.at\/wp-content\/gallery\/hanna-devigili0722\/thumbs\/thumbs_IMG_1915.jpg\"\n               data-image-id=\"29360\"\n               data-title=\"IMG_1915\"\n               data-description=\"\"\n               data-image-slug=\"img_1915-2\"\n               class=\"shutterset_1d30c0415b77590ccf091a1638bc698c\">\n                <img\n                    title=\"IMG_1915\"\n                    alt=\"IMG_1915\"\n                    src=\"http:\/\/www.karate-neuhofen.at\/wp-content\/gallery\/hanna-devigili0722\/thumbs\/thumbs_IMG_1915.jpg\"\n                    width=\"240\"\n                    height=\"160\"\n                    style=\"max-width:100%;\"\n                \/>\n            <\/a>\n        <\/div>\n\t\t\t\t\t\t\t<\/div> \n\t\t\t\n        \n\t\t\t\t<div id=\"ngg-image-14\" class=\"ngg-gallery-thumbnail-box\" >\n\t\t\t\t        <div class=\"ngg-gallery-thumbnail\">\n            <a href=\"http:\/\/www.karate-neuhofen.at\/wp-content\/gallery\/hanna-devigili0722\/IMG_1916.jpg\"\n               title=\"\"\n               data-src=\"http:\/\/www.karate-neuhofen.at\/wp-content\/gallery\/hanna-devigili0722\/IMG_1916.jpg\"\n               data-thumbnail=\"http:\/\/www.karate-neuhofen.at\/wp-content\/gallery\/hanna-devigili0722\/thumbs\/thumbs_IMG_1916.jpg\"\n               data-image-id=\"29361\"\n               data-title=\"IMG_1916\"\n               data-description=\"\"\n               data-image-slug=\"img_1916-2\"\n               class=\"shutterset_1d30c0415b77590ccf091a1638bc698c\">\n                <img\n                    title=\"IMG_1916\"\n                    alt=\"IMG_1916\"\n                    src=\"http:\/\/www.karate-neuhofen.at\/wp-content\/gallery\/hanna-devigili0722\/thumbs\/thumbs_IMG_1916.jpg\"\n                    width=\"240\"\n                    height=\"160\"\n                    style=\"max-width:100%;\"\n                \/>\n            <\/a>\n        <\/div>\n\t\t\t\t\t\t\t<\/div> \n\t\t\t\n        \n\t\t\t\t<div id=\"ngg-image-15\" class=\"ngg-gallery-thumbnail-box\" >\n\t\t\t\t        <div class=\"ngg-gallery-thumbnail\">\n            <a href=\"http:\/\/www.karate-neuhofen.at\/wp-content\/gallery\/hanna-devigili0722\/IMG_1918.jpg\"\n               title=\"\"\n               data-src=\"http:\/\/www.karate-neuhofen.at\/wp-content\/gallery\/hanna-devigili0722\/IMG_1918.jpg\"\n               data-thumbnail=\"http:\/\/www.karate-neuhofen.at\/wp-content\/gallery\/hanna-devigili0722\/thumbs\/thumbs_IMG_1918.jpg\"\n               data-image-id=\"29362\"\n               data-title=\"IMG_1918\"\n               data-description=\"\"\n               data-image-slug=\"img_1918-4\"\n               class=\"shutterset_1d30c0415b77590ccf091a1638bc698c\">\n                <img\n                    title=\"IMG_1918\"\n                    alt=\"IMG_1918\"\n                    src=\"http:\/\/www.karate-neuhofen.at\/wp-content\/gallery\/hanna-devigili0722\/thumbs\/thumbs_IMG_1918.jpg\"\n                    width=\"240\"\n                    height=\"160\"\n                    style=\"max-width:100%;\"\n                \/>\n            <\/a>\n        <\/div>\n\t\t\t\t\t\t\t<\/div> \n\t\t\t\n        \n\t\t\t\t<div id=\"ngg-image-16\" class=\"ngg-gallery-thumbnail-box\" >\n\t\t\t\t        <div class=\"ngg-gallery-thumbnail\">\n            <a href=\"http:\/\/www.karate-neuhofen.at\/wp-content\/gallery\/hanna-devigili0722\/IMG_1921.jpg\"\n               title=\"\"\n               data-src=\"http:\/\/www.karate-neuhofen.at\/wp-content\/gallery\/hanna-devigili0722\/IMG_1921.jpg\"\n               data-thumbnail=\"http:\/\/www.karate-neuhofen.at\/wp-content\/gallery\/hanna-devigili0722\/thumbs\/thumbs_IMG_1921.jpg\"\n               data-image-id=\"29363\"\n               data-title=\"IMG_1921\"\n               data-description=\"\"\n               data-image-slug=\"img_1921-3\"\n               class=\"shutterset_1d30c0415b77590ccf091a1638bc698c\">\n                <img\n                    title=\"IMG_1921\"\n                    alt=\"IMG_1921\"\n                    src=\"http:\/\/www.karate-neuhofen.at\/wp-content\/gallery\/hanna-devigili0722\/thumbs\/thumbs_IMG_1921.jpg\"\n                    width=\"240\"\n                    height=\"160\"\n                    style=\"max-width:100%;\"\n                \/>\n            <\/a>\n        <\/div>\n\t\t\t\t\t\t\t<\/div> \n\t\t\t\n        \n\t\t\t\t<div id=\"ngg-image-17\" class=\"ngg-gallery-thumbnail-box\" >\n\t\t\t\t        <div class=\"ngg-gallery-thumbnail\">\n            <a href=\"http:\/\/www.karate-neuhofen.at\/wp-content\/gallery\/hanna-devigili0722\/IMG_1922.jpg\"\n               title=\"\"\n               data-src=\"http:\/\/www.karate-neuhofen.at\/wp-content\/gallery\/hanna-devigili0722\/IMG_1922.jpg\"\n               data-thumbnail=\"http:\/\/www.karate-neuhofen.at\/wp-content\/gallery\/hanna-devigili0722\/thumbs\/thumbs_IMG_1922.jpg\"\n               data-image-id=\"29364\"\n               data-title=\"IMG_1922\"\n               data-description=\"\"\n               data-image-slug=\"img_1922-1\"\n               class=\"shutterset_1d30c0415b77590ccf091a1638bc698c\">\n                <img\n                    title=\"IMG_1922\"\n                    alt=\"IMG_1922\"\n                    src=\"http:\/\/www.karate-neuhofen.at\/wp-content\/gallery\/hanna-devigili0722\/thumbs\/thumbs_IMG_1922.jpg\"\n                    width=\"240\"\n                    height=\"160\"\n                    style=\"max-width:100%;\"\n                \/>\n            <\/a>\n        <\/div>\n\t\t\t\t\t\t\t<\/div> \n\t\t\t\n        \n\t\t\t\t<div id=\"ngg-image-18\" class=\"ngg-gallery-thumbnail-box\" >\n\t\t\t\t        <div class=\"ngg-gallery-thumbnail\">\n            <a href=\"http:\/\/www.karate-neuhofen.at\/wp-content\/gallery\/hanna-devigili0722\/IMG_1931.jpg\"\n               title=\"\"\n               data-src=\"http:\/\/www.karate-neuhofen.at\/wp-content\/gallery\/hanna-devigili0722\/IMG_1931.jpg\"\n               data-thumbnail=\"http:\/\/www.karate-neuhofen.at\/wp-content\/gallery\/hanna-devigili0722\/thumbs\/thumbs_IMG_1931.jpg\"\n               data-image-id=\"29365\"\n               data-title=\"IMG_1931\"\n               data-description=\"\"\n               data-image-slug=\"img_1931-5\"\n               class=\"shutterset_1d30c0415b77590ccf091a1638bc698c\">\n                <img\n                    title=\"IMG_1931\"\n                    alt=\"IMG_1931\"\n                    src=\"http:\/\/www.karate-neuhofen.at\/wp-content\/gallery\/hanna-devigili0722\/thumbs\/thumbs_IMG_1931.jpg\"\n                    width=\"240\"\n                    height=\"160\"\n                    style=\"max-width:100%;\"\n                \/>\n            <\/a>\n        <\/div>\n\t\t\t\t\t\t\t<\/div> \n\t\t\t\n        \n\t\t\t\t<div id=\"ngg-image-19\" class=\"ngg-gallery-thumbnail-box\" >\n\t\t\t\t        <div class=\"ngg-gallery-thumbnail\">\n            <a href=\"http:\/\/www.karate-neuhofen.at\/wp-content\/gallery\/hanna-devigili0722\/IMG_1935.jpg\"\n               title=\"\"\n               data-src=\"http:\/\/www.karate-neuhofen.at\/wp-content\/gallery\/hanna-devigili0722\/IMG_1935.jpg\"\n               data-thumbnail=\"http:\/\/www.karate-neuhofen.at\/wp-content\/gallery\/hanna-devigili0722\/thumbs\/thumbs_IMG_1935.jpg\"\n               data-image-id=\"29366\"\n               data-title=\"IMG_1935\"\n               data-description=\"\"\n               data-image-slug=\"img_1935-2\"\n               class=\"shutterset_1d30c0415b77590ccf091a1638bc698c\">\n                <img\n                    title=\"IMG_1935\"\n                    alt=\"IMG_1935\"\n                    src=\"http:\/\/www.karate-neuhofen.at\/wp-content\/gallery\/hanna-devigili0722\/thumbs\/thumbs_IMG_1935.jpg\"\n                    width=\"240\"\n                    height=\"160\"\n                    style=\"max-width:100%;\"\n                \/>\n            <\/a>\n        <\/div>\n\t\t\t\t\t\t\t<\/div> \n\t\t\t\n        \n\t\t\t\t<div id=\"ngg-image-20\" class=\"ngg-gallery-thumbnail-box\" >\n\t\t\t\t        <div class=\"ngg-gallery-thumbnail\">\n            <a href=\"http:\/\/www.karate-neuhofen.at\/wp-content\/gallery\/hanna-devigili0722\/IMG_1939.jpg\"\n               title=\"\"\n               data-src=\"http:\/\/www.karate-neuhofen.at\/wp-content\/gallery\/hanna-devigili0722\/IMG_1939.jpg\"\n               data-thumbnail=\"http:\/\/www.karate-neuhofen.at\/wp-content\/gallery\/hanna-devigili0722\/thumbs\/thumbs_IMG_1939.jpg\"\n               data-image-id=\"29367\"\n               data-title=\"IMG_1939\"\n               data-description=\"\"\n               data-image-slug=\"img_1939-1\"\n               class=\"shutterset_1d30c0415b77590ccf091a1638bc698c\">\n                <img\n                    title=\"IMG_1939\"\n                    alt=\"IMG_1939\"\n                    src=\"http:\/\/www.karate-neuhofen.at\/wp-content\/gallery\/hanna-devigili0722\/thumbs\/thumbs_IMG_1939.jpg\"\n                    width=\"240\"\n                    height=\"160\"\n                    style=\"max-width:100%;\"\n                \/>\n            <\/a>\n        <\/div>\n\t\t\t\t\t\t\t<\/div> \n\t\t\t\n        \n\t\t\t\t<div id=\"ngg-image-21\" class=\"ngg-gallery-thumbnail-box\" >\n\t\t\t\t        <div class=\"ngg-gallery-thumbnail\">\n            <a href=\"http:\/\/www.karate-neuhofen.at\/wp-content\/gallery\/hanna-devigili0722\/IMG_1953.jpg\"\n               title=\"\"\n               data-src=\"http:\/\/www.karate-neuhofen.at\/wp-content\/gallery\/hanna-devigili0722\/IMG_1953.jpg\"\n               data-thumbnail=\"http:\/\/www.karate-neuhofen.at\/wp-content\/gallery\/hanna-devigili0722\/thumbs\/thumbs_IMG_1953.jpg\"\n               data-image-id=\"29368\"\n               data-title=\"IMG_1953\"\n               data-description=\"\"\n               data-image-slug=\"img_1953\"\n               class=\"shutterset_1d30c0415b77590ccf091a1638bc698c\">\n                <img\n                    title=\"IMG_1953\"\n                    alt=\"IMG_1953\"\n                    src=\"http:\/\/www.karate-neuhofen.at\/wp-content\/gallery\/hanna-devigili0722\/thumbs\/thumbs_IMG_1953.jpg\"\n                    width=\"240\"\n                    height=\"160\"\n                    style=\"max-width:100%;\"\n                \/>\n            <\/a>\n        <\/div>\n\t\t\t\t\t\t\t<\/div> \n\t\t\t\n        \n\t\t\t\t<div id=\"ngg-image-22\" class=\"ngg-gallery-thumbnail-box\" >\n\t\t\t\t        <div class=\"ngg-gallery-thumbnail\">\n            <a href=\"http:\/\/www.karate-neuhofen.at\/wp-content\/gallery\/hanna-devigili0722\/IMG_1955.jpg\"\n               title=\"\"\n               data-src=\"http:\/\/www.karate-neuhofen.at\/wp-content\/gallery\/hanna-devigili0722\/IMG_1955.jpg\"\n               data-thumbnail=\"http:\/\/www.karate-neuhofen.at\/wp-content\/gallery\/hanna-devigili0722\/thumbs\/thumbs_IMG_1955.jpg\"\n               data-image-id=\"29369\"\n               data-title=\"IMG_1955\"\n               data-description=\"\"\n               data-image-slug=\"img_1955-1\"\n               class=\"shutterset_1d30c0415b77590ccf091a1638bc698c\">\n                <img\n                    title=\"IMG_1955\"\n                    alt=\"IMG_1955\"\n                    src=\"http:\/\/www.karate-neuhofen.at\/wp-content\/gallery\/hanna-devigili0722\/thumbs\/thumbs_IMG_1955.jpg\"\n                    width=\"240\"\n                    height=\"160\"\n                    style=\"max-width:100%;\"\n                \/>\n            <\/a>\n        <\/div>\n\t\t\t\t\t\t\t<\/div> \n\t\t\t\n        \n\t\t\t\t<div id=\"ngg-image-23\" class=\"ngg-gallery-thumbnail-box\" >\n\t\t\t\t        <div class=\"ngg-gallery-thumbnail\">\n            <a href=\"http:\/\/www.karate-neuhofen.at\/wp-content\/gallery\/hanna-devigili0722\/IMG_1957.jpg\"\n               title=\"\"\n               data-src=\"http:\/\/www.karate-neuhofen.at\/wp-content\/gallery\/hanna-devigili0722\/IMG_1957.jpg\"\n               data-thumbnail=\"http:\/\/www.karate-neuhofen.at\/wp-content\/gallery\/hanna-devigili0722\/thumbs\/thumbs_IMG_1957.jpg\"\n               data-image-id=\"29370\"\n               data-title=\"IMG_1957\"\n               data-description=\"\"\n               data-image-slug=\"img_1957-1\"\n               class=\"shutterset_1d30c0415b77590ccf091a1638bc698c\">\n                <img\n                    title=\"IMG_1957\"\n                    alt=\"IMG_1957\"\n                    src=\"http:\/\/www.karate-neuhofen.at\/wp-content\/gallery\/hanna-devigili0722\/thumbs\/thumbs_IMG_1957.jpg\"\n                    width=\"240\"\n                    height=\"160\"\n                    style=\"max-width:100%;\"\n                \/>\n            <\/a>\n        <\/div>\n\t\t\t\t\t\t\t<\/div> \n\t\t\t\n        \n\t\t\t\t<div id=\"ngg-image-24\" class=\"ngg-gallery-thumbnail-box\" >\n\t\t\t\t        <div class=\"ngg-gallery-thumbnail\">\n            <a href=\"http:\/\/www.karate-neuhofen.at\/wp-content\/gallery\/hanna-devigili0722\/IMG_1959.jpg\"\n               title=\"\"\n               data-src=\"http:\/\/www.karate-neuhofen.at\/wp-content\/gallery\/hanna-devigili0722\/IMG_1959.jpg\"\n               data-thumbnail=\"http:\/\/www.karate-neuhofen.at\/wp-content\/gallery\/hanna-devigili0722\/thumbs\/thumbs_IMG_1959.jpg\"\n               data-image-id=\"29371\"\n               data-title=\"IMG_1959\"\n               data-description=\"\"\n               data-image-slug=\"img_1959-3\"\n               class=\"shutterset_1d30c0415b77590ccf091a1638bc698c\">\n                <img\n                    title=\"IMG_1959\"\n                    alt=\"IMG_1959\"\n                    src=\"http:\/\/www.karate-neuhofen.at\/wp-content\/gallery\/hanna-devigili0722\/thumbs\/thumbs_IMG_1959.jpg\"\n                    width=\"240\"\n                    height=\"160\"\n                    style=\"max-width:100%;\"\n                \/>\n            <\/a>\n        <\/div>\n\t\t\t\t\t\t\t<\/div> \n\t\t\t\n        \n\t\t\t\t<div id=\"ngg-image-25\" class=\"ngg-gallery-thumbnail-box\" >\n\t\t\t\t        <div class=\"ngg-gallery-thumbnail\">\n            <a href=\"http:\/\/www.karate-neuhofen.at\/wp-content\/gallery\/hanna-devigili0722\/IMG_1960.jpg\"\n               title=\"\"\n               data-src=\"http:\/\/www.karate-neuhofen.at\/wp-content\/gallery\/hanna-devigili0722\/IMG_1960.jpg\"\n               data-thumbnail=\"http:\/\/www.karate-neuhofen.at\/wp-content\/gallery\/hanna-devigili0722\/thumbs\/thumbs_IMG_1960.jpg\"\n               data-image-id=\"29372\"\n               data-title=\"IMG_1960\"\n               data-description=\"\"\n               data-image-slug=\"img_1960\"\n               class=\"shutterset_1d30c0415b77590ccf091a1638bc698c\">\n                <img\n                    title=\"IMG_1960\"\n                    alt=\"IMG_1960\"\n                    src=\"http:\/\/www.karate-neuhofen.at\/wp-content\/gallery\/hanna-devigili0722\/thumbs\/thumbs_IMG_1960.jpg\"\n                    width=\"240\"\n                    height=\"160\"\n                    style=\"max-width:100%;\"\n                \/>\n            <\/a>\n        <\/div>\n\t\t\t\t\t\t\t<\/div> \n\t\t\t\n        \n\t\t\t\t<div id=\"ngg-image-26\" class=\"ngg-gallery-thumbnail-box\" >\n\t\t\t\t        <div class=\"ngg-gallery-thumbnail\">\n            <a href=\"http:\/\/www.karate-neuhofen.at\/wp-content\/gallery\/hanna-devigili0722\/IMG_1962.jpg\"\n               title=\"\"\n               data-src=\"http:\/\/www.karate-neuhofen.at\/wp-content\/gallery\/hanna-devigili0722\/IMG_1962.jpg\"\n               data-thumbnail=\"http:\/\/www.karate-neuhofen.at\/wp-content\/gallery\/hanna-devigili0722\/thumbs\/thumbs_IMG_1962.jpg\"\n               data-image-id=\"29373\"\n               data-title=\"IMG_1962\"\n               data-description=\"\"\n               data-image-slug=\"img_1962-2\"\n               class=\"shutterset_1d30c0415b77590ccf091a1638bc698c\">\n                <img\n                    title=\"IMG_1962\"\n                    alt=\"IMG_1962\"\n                    src=\"http:\/\/www.karate-neuhofen.at\/wp-content\/gallery\/hanna-devigili0722\/thumbs\/thumbs_IMG_1962.jpg\"\n                    width=\"240\"\n                    height=\"160\"\n                    style=\"max-width:100%;\"\n                \/>\n            <\/a>\n        <\/div>\n\t\t\t\t\t\t\t<\/div> \n\t\t\t\n        \n\t\t\t\t<div id=\"ngg-image-27\" class=\"ngg-gallery-thumbnail-box\" >\n\t\t\t\t        <div class=\"ngg-gallery-thumbnail\">\n            <a href=\"http:\/\/www.karate-neuhofen.at\/wp-content\/gallery\/hanna-devigili0722\/IMG_1968.jpg\"\n               title=\"\"\n               data-src=\"http:\/\/www.karate-neuhofen.at\/wp-content\/gallery\/hanna-devigili0722\/IMG_1968.jpg\"\n               data-thumbnail=\"http:\/\/www.karate-neuhofen.at\/wp-content\/gallery\/hanna-devigili0722\/thumbs\/thumbs_IMG_1968.jpg\"\n               data-image-id=\"29374\"\n               data-title=\"IMG_1968\"\n               data-description=\"\"\n               data-image-slug=\"img_1968-1\"\n               class=\"shutterset_1d30c0415b77590ccf091a1638bc698c\">\n                <img\n                    title=\"IMG_1968\"\n                    alt=\"IMG_1968\"\n                    src=\"http:\/\/www.karate-neuhofen.at\/wp-content\/gallery\/hanna-devigili0722\/thumbs\/thumbs_IMG_1968.jpg\"\n                    width=\"240\"\n                    height=\"160\"\n                    style=\"max-width:100%;\"\n                \/>\n            <\/a>\n        <\/div>\n\t\t\t\t\t\t\t<\/div> \n\t\t\t\n        \n\t\t\t\t<div id=\"ngg-image-28\" class=\"ngg-gallery-thumbnail-box\" >\n\t\t\t\t        <div class=\"ngg-gallery-thumbnail\">\n            <a href=\"http:\/\/www.karate-neuhofen.at\/wp-content\/gallery\/hanna-devigili0722\/IMG_1969.jpg\"\n               title=\"\"\n               data-src=\"http:\/\/www.karate-neuhofen.at\/wp-content\/gallery\/hanna-devigili0722\/IMG_1969.jpg\"\n               data-thumbnail=\"http:\/\/www.karate-neuhofen.at\/wp-content\/gallery\/hanna-devigili0722\/thumbs\/thumbs_IMG_1969.jpg\"\n               data-image-id=\"29375\"\n               data-title=\"IMG_1969\"\n               data-description=\"\"\n               data-image-slug=\"img_1969-2\"\n               class=\"shutterset_1d30c0415b77590ccf091a1638bc698c\">\n                <img\n                    title=\"IMG_1969\"\n                    alt=\"IMG_1969\"\n                    src=\"http:\/\/www.karate-neuhofen.at\/wp-content\/gallery\/hanna-devigili0722\/thumbs\/thumbs_IMG_1969.jpg\"\n                    width=\"240\"\n                    height=\"160\"\n                    style=\"max-width:100%;\"\n                \/>\n            <\/a>\n        <\/div>\n\t\t\t\t\t\t\t<\/div> \n\t\t\t\n        \n\t\t\t\t<div id=\"ngg-image-29\" class=\"ngg-gallery-thumbnail-box\" >\n\t\t\t\t        <div class=\"ngg-gallery-thumbnail\">\n            <a href=\"http:\/\/www.karate-neuhofen.at\/wp-content\/gallery\/hanna-devigili0722\/IMG_1971.jpg\"\n               title=\"\"\n               data-src=\"http:\/\/www.karate-neuhofen.at\/wp-content\/gallery\/hanna-devigili0722\/IMG_1971.jpg\"\n               data-thumbnail=\"http:\/\/www.karate-neuhofen.at\/wp-content\/gallery\/hanna-devigili0722\/thumbs\/thumbs_IMG_1971.jpg\"\n               data-image-id=\"29376\"\n               data-title=\"IMG_1971\"\n               data-description=\"\"\n               data-image-slug=\"img_1971\"\n               class=\"shutterset_1d30c0415b77590ccf091a1638bc698c\">\n                <img\n                    title=\"IMG_1971\"\n                    alt=\"IMG_1971\"\n                    src=\"http:\/\/www.karate-neuhofen.at\/wp-content\/gallery\/hanna-devigili0722\/thumbs\/thumbs_IMG_1971.jpg\"\n                    width=\"240\"\n                    height=\"160\"\n                    style=\"max-width:100%;\"\n                \/>\n            <\/a>\n        <\/div>\n\t\t\t\t\t\t\t<\/div> \n\t\t\t\n        \n\t\t\t\t<div id=\"ngg-image-30\" class=\"ngg-gallery-thumbnail-box\" >\n\t\t\t\t        <div class=\"ngg-gallery-thumbnail\">\n            <a href=\"http:\/\/www.karate-neuhofen.at\/wp-content\/gallery\/hanna-devigili0722\/IMG_1972.jpg\"\n               title=\"\"\n               data-src=\"http:\/\/www.karate-neuhofen.at\/wp-content\/gallery\/hanna-devigili0722\/IMG_1972.jpg\"\n               data-thumbnail=\"http:\/\/www.karate-neuhofen.at\/wp-content\/gallery\/hanna-devigili0722\/thumbs\/thumbs_IMG_1972.jpg\"\n               data-image-id=\"29377\"\n               data-title=\"IMG_1972\"\n               data-description=\"\"\n               data-image-slug=\"img_1972-3\"\n               class=\"shutterset_1d30c0415b77590ccf091a1638bc698c\">\n                <img\n                    title=\"IMG_1972\"\n                    alt=\"IMG_1972\"\n                    src=\"http:\/\/www.karate-neuhofen.at\/wp-content\/gallery\/hanna-devigili0722\/thumbs\/thumbs_IMG_1972.jpg\"\n                    width=\"240\"\n                    height=\"160\"\n                    style=\"max-width:100%;\"\n                \/>\n            <\/a>\n        <\/div>\n\t\t\t\t\t\t\t<\/div> \n\t\t\t\n        \n\t\t\t\t<div id=\"ngg-image-31\" class=\"ngg-gallery-thumbnail-box\" >\n\t\t\t\t        <div class=\"ngg-gallery-thumbnail\">\n            <a href=\"http:\/\/www.karate-neuhofen.at\/wp-content\/gallery\/hanna-devigili0722\/IMG_1973.jpg\"\n               title=\"\"\n               data-src=\"http:\/\/www.karate-neuhofen.at\/wp-content\/gallery\/hanna-devigili0722\/IMG_1973.jpg\"\n               data-thumbnail=\"http:\/\/www.karate-neuhofen.at\/wp-content\/gallery\/hanna-devigili0722\/thumbs\/thumbs_IMG_1973.jpg\"\n               data-image-id=\"29378\"\n               data-title=\"IMG_1973\"\n               data-description=\"\"\n               data-image-slug=\"img_1973-1\"\n               class=\"shutterset_1d30c0415b77590ccf091a1638bc698c\">\n                <img\n                    title=\"IMG_1973\"\n                    alt=\"IMG_1973\"\n                    src=\"http:\/\/www.karate-neuhofen.at\/wp-content\/gallery\/hanna-devigili0722\/thumbs\/thumbs_IMG_1973.jpg\"\n                    width=\"240\"\n                    height=\"160\"\n                    style=\"max-width:100%;\"\n                \/>\n            <\/a>\n        <\/div>\n\t\t\t\t\t\t\t<\/div> \n\t\t\t\n        \n\t\t\t\t<div id=\"ngg-image-32\" class=\"ngg-gallery-thumbnail-box\" >\n\t\t\t\t        <div class=\"ngg-gallery-thumbnail\">\n            <a href=\"http:\/\/www.karate-neuhofen.at\/wp-content\/gallery\/hanna-devigili0722\/IMG_1974.jpg\"\n               title=\"\"\n               data-src=\"http:\/\/www.karate-neuhofen.at\/wp-content\/gallery\/hanna-devigili0722\/IMG_1974.jpg\"\n               data-thumbnail=\"http:\/\/www.karate-neuhofen.at\/wp-content\/gallery\/hanna-devigili0722\/thumbs\/thumbs_IMG_1974.jpg\"\n               data-image-id=\"29379\"\n               data-title=\"IMG_1974\"\n               data-description=\"\"\n               data-image-slug=\"img_1974-1\"\n               class=\"shutterset_1d30c0415b77590ccf091a1638bc698c\">\n                <img\n                    title=\"IMG_1974\"\n                    alt=\"IMG_1974\"\n                    src=\"http:\/\/www.karate-neuhofen.at\/wp-content\/gallery\/hanna-devigili0722\/thumbs\/thumbs_IMG_1974.jpg\"\n                    width=\"240\"\n                    height=\"160\"\n                    style=\"max-width:100%;\"\n                \/>\n            <\/a>\n        <\/div>\n\t\t\t\t\t\t\t<\/div> \n\t\t\t\n        \n\t\t\t\t<div id=\"ngg-image-33\" class=\"ngg-gallery-thumbnail-box\" >\n\t\t\t\t        <div class=\"ngg-gallery-thumbnail\">\n            <a href=\"http:\/\/www.karate-neuhofen.at\/wp-content\/gallery\/hanna-devigili0722\/IMG_1975.jpg\"\n               title=\"\"\n               data-src=\"http:\/\/www.karate-neuhofen.at\/wp-content\/gallery\/hanna-devigili0722\/IMG_1975.jpg\"\n               data-thumbnail=\"http:\/\/www.karate-neuhofen.at\/wp-content\/gallery\/hanna-devigili0722\/thumbs\/thumbs_IMG_1975.jpg\"\n               data-image-id=\"29380\"\n               data-title=\"IMG_1975\"\n               data-description=\"\"\n               data-image-slug=\"img_1975-2\"\n               class=\"shutterset_1d30c0415b77590ccf091a1638bc698c\">\n                <img\n                    title=\"IMG_1975\"\n                    alt=\"IMG_1975\"\n                    src=\"http:\/\/www.karate-neuhofen.at\/wp-content\/gallery\/hanna-devigili0722\/thumbs\/thumbs_IMG_1975.jpg\"\n                    width=\"240\"\n                    height=\"160\"\n                    style=\"max-width:100%;\"\n                \/>\n            <\/a>\n        <\/div>\n\t\t\t\t\t\t\t<\/div> \n\t\t\t\n        \n\t\t\n\t\t<div class=\"ngg-clear\"><\/div>\n\t<\/div>\n<\/div>\n","protected":false},"excerpt":{"rendered":"<p>Zu Gast im Dojo Neuhofen, war am 25.07.&nbsp;Hanna Devigili&nbsp;(die Tochter von Weltmeister und Kumite Bundestrainer Daniel Devigili) aus Vorarlberg. Hanna, die Kumite Kadetten Europameisterin wurde, in Mexico die Youth League gewann und vor kurzem auch die Austrian Junior Open gewinnen konnte, bescherte den Sportler*innen ein schwei\u00dftreibendes Kumite-Training. Danke an pbW Dieter Wintersperger&nbsp;Elektrotechnik consulting &amp; engineering [&hellip;]<\/p>\n","protected":false},"author":5,"featured_media":37910,"comment_status":"closed","ping_status":"closed","sticky":false,"template":"","format":"standard","meta":{"ngg_post_thumbnail":0},"categories":[4],"tags":[],"_links":{"self":[{"href":"http:\/\/www.karate-neuhofen.at\/index.php?rest_route=\/wp\/v2\/posts\/37947"}],"collection":[{"href":"http:\/\/www.karate-neuhofen.at\/index.php?rest_route=\/wp\/v2\/posts"}],"about":[{"href":"http:\/\/www.karate-neuhofen.at\/index.php?rest_route=\/wp\/v2\/types\/post"}],"author":[{"embeddable":true,"href":"http:\/\/www.karate-neuhofen.at\/index.php?rest_route=\/wp\/v2\/users\/5"}],"replies":[{"embeddable":true,"href":"http:\/\/www.karate-neuhofen.at\/index.php?rest_route=%2Fwp%2Fv2%2Fcomments&post=37947"}],"version-history":[{"count":1,"href":"http:\/\/www.karate-neuhofen.at\/index.php?rest_route=\/wp\/v2\/posts\/37947\/revisions"}],"predecessor-version":[{"id":37948,"href":"http:\/\/www.karate-neuhofen.at\/index.php?rest_route=\/wp\/v2\/posts\/37947\/revisions\/37948"}],"wp:featuredmedia":[{"embeddable":true,"href":"http:\/\/www.karate-neuhofen.at\/index.php?rest_route=\/wp\/v2\/media\/37910"}],"wp:attachment":[{"href":"http:\/\/www.karate-neuhofen.at\/index.php?rest_route=%2Fwp%2Fv2%2Fmedia&parent=37947"}],"wp:term":[{"taxonomy":"category","embeddable":true,"href":"http:\/\/www.karate-neuhofen.at\/index.php?rest_route=%2Fwp%2Fv2%2Fcategories&post=37947"},{"taxonomy":"post_tag","embeddable":true,"href":"http:\/\/www.karate-neuhofen.at\/index.php?rest_route=%2Fwp%2Fv2%2Ftags&post=37947"}],"curies":[{"name":"wp","href":"https:\/\/api.w.org\/{rel}","templated":true}]}}