{"id":395687,"date":"2023-02-26T13:00:49","date_gmt":"2023-02-26T12:00:49","guid":{"rendered":"http:\/\/www.karate-neuhofen.at\/?p=395687"},"modified":"2023-03-02T09:37:19","modified_gmt":"2023-03-02T08:37:19","slug":"traditionelles-vereins-stoeckln","status":"publish","type":"post","link":"http:\/\/www.karate-neuhofen.at\/?p=395687","title":{"rendered":"Traditionelles &#8222;Vereins-St\u00f6ckln&#8220;"},"content":{"rendered":"<p>Das traditionelle allj\u00e4hrliche Seibukaner Vereins-St\u00f6ckln, machte allen Teilnehmer:Innen sehr viel Spa\u00df und das anschlie\u00dfende wohl verdiente Bratlessen im Goldbr\u00e4u schmeckte ausgezeichnet.<\/p>\n<!-- index.php -->\n<div\n\tclass=\"ngg-galleryoverview ngg-ajax-pagination-none\"\n\tid=\"ngg-gallery-d540d5f491d5c36ab744c9c689ba4edb-1\">\n\n    \t<div class=\"slideshowlink\">\n        <a href='http:\/\/www.karate-neuhofen.at\/index.php\/nggallery\/slideshow?p=395687'>[Zeige eine Slideshow]<\/a>\n\t\t\n\t<\/div>\n\t\t\t<!-- Thumbnails -->\n\t\t\t\t<div id=\"ngg-image-0\" class=\"ngg-gallery-thumbnail-box\" >\n\t\t\t\t        <div class=\"ngg-gallery-thumbnail\">\n            <a href=\"http:\/\/www.karate-neuhofen.at\/wp-content\/gallery\/stoeckln260223\/IMG_4628.jpg\"\n               title=\"\"\n               data-src=\"http:\/\/www.karate-neuhofen.at\/wp-content\/gallery\/stoeckln260223\/IMG_4628.jpg\"\n               data-thumbnail=\"http:\/\/www.karate-neuhofen.at\/wp-content\/gallery\/stoeckln260223\/thumbs\/thumbs_IMG_4628.jpg\"\n               data-image-id=\"30022\"\n               data-title=\"IMG_4628\"\n               data-description=\"\"\n               data-image-slug=\"img_4628\"\n               class=\"shutterset_d540d5f491d5c36ab744c9c689ba4edb\">\n                <img\n                    title=\"IMG_4628\"\n                    alt=\"IMG_4628\"\n                    src=\"http:\/\/www.karate-neuhofen.at\/wp-content\/gallery\/stoeckln260223\/thumbs\/thumbs_IMG_4628.jpg\"\n                    width=\"240\"\n                    height=\"160\"\n                    style=\"max-width:100%;\"\n                \/>\n            <\/a>\n        <\/div>\n\t\t\t\t\t\t\t<\/div> \n\t\t\t\n        \n\t\t\t\t<div id=\"ngg-image-1\" class=\"ngg-gallery-thumbnail-box\" >\n\t\t\t\t        <div class=\"ngg-gallery-thumbnail\">\n            <a href=\"http:\/\/www.karate-neuhofen.at\/wp-content\/gallery\/stoeckln260223\/IMG_4629.jpg\"\n               title=\"\"\n               data-src=\"http:\/\/www.karate-neuhofen.at\/wp-content\/gallery\/stoeckln260223\/IMG_4629.jpg\"\n               data-thumbnail=\"http:\/\/www.karate-neuhofen.at\/wp-content\/gallery\/stoeckln260223\/thumbs\/thumbs_IMG_4629.jpg\"\n               data-image-id=\"30021\"\n               data-title=\"IMG_4629\"\n               data-description=\"\"\n               data-image-slug=\"img_4629\"\n               class=\"shutterset_d540d5f491d5c36ab744c9c689ba4edb\">\n                <img\n                    title=\"IMG_4629\"\n                    alt=\"IMG_4629\"\n                    src=\"http:\/\/www.karate-neuhofen.at\/wp-content\/gallery\/stoeckln260223\/thumbs\/thumbs_IMG_4629.jpg\"\n                    width=\"240\"\n                    height=\"160\"\n                    style=\"max-width:100%;\"\n                \/>\n            <\/a>\n        <\/div>\n\t\t\t\t\t\t\t<\/div> \n\t\t\t\n        \n\t\t\t\t<div id=\"ngg-image-2\" class=\"ngg-gallery-thumbnail-box\" >\n\t\t\t\t        <div class=\"ngg-gallery-thumbnail\">\n            <a href=\"http:\/\/www.karate-neuhofen.at\/wp-content\/gallery\/stoeckln260223\/IMG_4631.jpg\"\n               title=\"\"\n               data-src=\"http:\/\/www.karate-neuhofen.at\/wp-content\/gallery\/stoeckln260223\/IMG_4631.jpg\"\n               data-thumbnail=\"http:\/\/www.karate-neuhofen.at\/wp-content\/gallery\/stoeckln260223\/thumbs\/thumbs_IMG_4631.jpg\"\n               data-image-id=\"30018\"\n               data-title=\"IMG_4631\"\n               data-description=\"\"\n               data-image-slug=\"img_4631\"\n               class=\"shutterset_d540d5f491d5c36ab744c9c689ba4edb\">\n                <img\n                    title=\"IMG_4631\"\n                    alt=\"IMG_4631\"\n                    src=\"http:\/\/www.karate-neuhofen.at\/wp-content\/gallery\/stoeckln260223\/thumbs\/thumbs_IMG_4631.jpg\"\n                    width=\"240\"\n                    height=\"160\"\n                    style=\"max-width:100%;\"\n                \/>\n            <\/a>\n        <\/div>\n\t\t\t\t\t\t\t<\/div> \n\t\t\t\n        \n\t\t\t\t<div id=\"ngg-image-3\" class=\"ngg-gallery-thumbnail-box\" >\n\t\t\t\t        <div class=\"ngg-gallery-thumbnail\">\n            <a href=\"http:\/\/www.karate-neuhofen.at\/wp-content\/gallery\/stoeckln260223\/IMG_4635.jpg\"\n               title=\"\"\n               data-src=\"http:\/\/www.karate-neuhofen.at\/wp-content\/gallery\/stoeckln260223\/IMG_4635.jpg\"\n               data-thumbnail=\"http:\/\/www.karate-neuhofen.at\/wp-content\/gallery\/stoeckln260223\/thumbs\/thumbs_IMG_4635.jpg\"\n               data-image-id=\"30017\"\n               data-title=\"IMG_4635\"\n               data-description=\"\"\n               data-image-slug=\"img_4635\"\n               class=\"shutterset_d540d5f491d5c36ab744c9c689ba4edb\">\n                <img\n                    title=\"IMG_4635\"\n                    alt=\"IMG_4635\"\n                    src=\"http:\/\/www.karate-neuhofen.at\/wp-content\/gallery\/stoeckln260223\/thumbs\/thumbs_IMG_4635.jpg\"\n                    width=\"240\"\n                    height=\"160\"\n                    style=\"max-width:100%;\"\n                \/>\n            <\/a>\n        <\/div>\n\t\t\t\t\t\t\t<\/div> \n\t\t\t\n        \n\t\t\t\t<div id=\"ngg-image-4\" class=\"ngg-gallery-thumbnail-box\" >\n\t\t\t\t        <div class=\"ngg-gallery-thumbnail\">\n            <a href=\"http:\/\/www.karate-neuhofen.at\/wp-content\/gallery\/stoeckln260223\/IMG_4640.jpg\"\n               title=\"\"\n               data-src=\"http:\/\/www.karate-neuhofen.at\/wp-content\/gallery\/stoeckln260223\/IMG_4640.jpg\"\n               data-thumbnail=\"http:\/\/www.karate-neuhofen.at\/wp-content\/gallery\/stoeckln260223\/thumbs\/thumbs_IMG_4640.jpg\"\n               data-image-id=\"30020\"\n               data-title=\"IMG_4640\"\n               data-description=\"\"\n               data-image-slug=\"img_4640\"\n               class=\"shutterset_d540d5f491d5c36ab744c9c689ba4edb\">\n                <img\n                    title=\"IMG_4640\"\n                    alt=\"IMG_4640\"\n                    src=\"http:\/\/www.karate-neuhofen.at\/wp-content\/gallery\/stoeckln260223\/thumbs\/thumbs_IMG_4640.jpg\"\n                    width=\"240\"\n                    height=\"160\"\n                    style=\"max-width:100%;\"\n                \/>\n            <\/a>\n        <\/div>\n\t\t\t\t\t\t\t<\/div> \n\t\t\t\n        \n\t\t\t\t<div id=\"ngg-image-5\" class=\"ngg-gallery-thumbnail-box\" >\n\t\t\t\t        <div class=\"ngg-gallery-thumbnail\">\n            <a href=\"http:\/\/www.karate-neuhofen.at\/wp-content\/gallery\/stoeckln260223\/IMG_4643.jpg\"\n               title=\"\"\n               data-src=\"http:\/\/www.karate-neuhofen.at\/wp-content\/gallery\/stoeckln260223\/IMG_4643.jpg\"\n               data-thumbnail=\"http:\/\/www.karate-neuhofen.at\/wp-content\/gallery\/stoeckln260223\/thumbs\/thumbs_IMG_4643.jpg\"\n               data-image-id=\"30019\"\n               data-title=\"IMG_4643\"\n               data-description=\"\"\n               data-image-slug=\"img_4643\"\n               class=\"shutterset_d540d5f491d5c36ab744c9c689ba4edb\">\n                <img\n                    title=\"IMG_4643\"\n                    alt=\"IMG_4643\"\n                    src=\"http:\/\/www.karate-neuhofen.at\/wp-content\/gallery\/stoeckln260223\/thumbs\/thumbs_IMG_4643.jpg\"\n                    width=\"240\"\n                    height=\"160\"\n                    style=\"max-width:100%;\"\n                \/>\n            <\/a>\n        <\/div>\n\t\t\t\t\t\t\t<\/div> \n\t\t\t\n        \n\t\t\t\t<div id=\"ngg-image-6\" class=\"ngg-gallery-thumbnail-box\" >\n\t\t\t\t        <div class=\"ngg-gallery-thumbnail\">\n            <a href=\"http:\/\/www.karate-neuhofen.at\/wp-content\/gallery\/stoeckln260223\/IMG_4644.jpg\"\n               title=\"\"\n               data-src=\"http:\/\/www.karate-neuhofen.at\/wp-content\/gallery\/stoeckln260223\/IMG_4644.jpg\"\n               data-thumbnail=\"http:\/\/www.karate-neuhofen.at\/wp-content\/gallery\/stoeckln260223\/thumbs\/thumbs_IMG_4644.jpg\"\n               data-image-id=\"30028\"\n               data-title=\"IMG_4644\"\n               data-description=\"\"\n               data-image-slug=\"img_4644\"\n               class=\"shutterset_d540d5f491d5c36ab744c9c689ba4edb\">\n                <img\n                    title=\"IMG_4644\"\n                    alt=\"IMG_4644\"\n                    src=\"http:\/\/www.karate-neuhofen.at\/wp-content\/gallery\/stoeckln260223\/thumbs\/thumbs_IMG_4644.jpg\"\n                    width=\"240\"\n                    height=\"160\"\n                    style=\"max-width:100%;\"\n                \/>\n            <\/a>\n        <\/div>\n\t\t\t\t\t\t\t<\/div> \n\t\t\t\n        \n\t\t\t\t<div id=\"ngg-image-7\" class=\"ngg-gallery-thumbnail-box\" >\n\t\t\t\t        <div class=\"ngg-gallery-thumbnail\">\n            <a href=\"http:\/\/www.karate-neuhofen.at\/wp-content\/gallery\/stoeckln260223\/IMG_4645.jpg\"\n               title=\"\"\n               data-src=\"http:\/\/www.karate-neuhofen.at\/wp-content\/gallery\/stoeckln260223\/IMG_4645.jpg\"\n               data-thumbnail=\"http:\/\/www.karate-neuhofen.at\/wp-content\/gallery\/stoeckln260223\/thumbs\/thumbs_IMG_4645.jpg\"\n               data-image-id=\"30024\"\n               data-title=\"IMG_4645\"\n               data-description=\"\"\n               data-image-slug=\"img_4645\"\n               class=\"shutterset_d540d5f491d5c36ab744c9c689ba4edb\">\n                <img\n                    title=\"IMG_4645\"\n                    alt=\"IMG_4645\"\n                    src=\"http:\/\/www.karate-neuhofen.at\/wp-content\/gallery\/stoeckln260223\/thumbs\/thumbs_IMG_4645.jpg\"\n                    width=\"240\"\n                    height=\"160\"\n                    style=\"max-width:100%;\"\n                \/>\n            <\/a>\n        <\/div>\n\t\t\t\t\t\t\t<\/div> \n\t\t\t\n        \n\t\t\t\t<div id=\"ngg-image-8\" class=\"ngg-gallery-thumbnail-box\" >\n\t\t\t\t        <div class=\"ngg-gallery-thumbnail\">\n            <a href=\"http:\/\/www.karate-neuhofen.at\/wp-content\/gallery\/stoeckln260223\/IMG_4646.jpg\"\n               title=\"\"\n               data-src=\"http:\/\/www.karate-neuhofen.at\/wp-content\/gallery\/stoeckln260223\/IMG_4646.jpg\"\n               data-thumbnail=\"http:\/\/www.karate-neuhofen.at\/wp-content\/gallery\/stoeckln260223\/thumbs\/thumbs_IMG_4646.jpg\"\n               data-image-id=\"30025\"\n               data-title=\"IMG_4646\"\n               data-description=\"\"\n               data-image-slug=\"img_4646\"\n               class=\"shutterset_d540d5f491d5c36ab744c9c689ba4edb\">\n                <img\n                    title=\"IMG_4646\"\n                    alt=\"IMG_4646\"\n                    src=\"http:\/\/www.karate-neuhofen.at\/wp-content\/gallery\/stoeckln260223\/thumbs\/thumbs_IMG_4646.jpg\"\n                    width=\"240\"\n                    height=\"160\"\n                    style=\"max-width:100%;\"\n                \/>\n            <\/a>\n        <\/div>\n\t\t\t\t\t\t\t<\/div> \n\t\t\t\n        \n\t\t\t\t<div id=\"ngg-image-9\" class=\"ngg-gallery-thumbnail-box\" >\n\t\t\t\t        <div class=\"ngg-gallery-thumbnail\">\n            <a href=\"http:\/\/www.karate-neuhofen.at\/wp-content\/gallery\/stoeckln260223\/IMG_4647.jpg\"\n               title=\"\"\n               data-src=\"http:\/\/www.karate-neuhofen.at\/wp-content\/gallery\/stoeckln260223\/IMG_4647.jpg\"\n               data-thumbnail=\"http:\/\/www.karate-neuhofen.at\/wp-content\/gallery\/stoeckln260223\/thumbs\/thumbs_IMG_4647.jpg\"\n               data-image-id=\"30027\"\n               data-title=\"IMG_4647\"\n               data-description=\"\"\n               data-image-slug=\"img_4647\"\n               class=\"shutterset_d540d5f491d5c36ab744c9c689ba4edb\">\n                <img\n                    title=\"IMG_4647\"\n                    alt=\"IMG_4647\"\n                    src=\"http:\/\/www.karate-neuhofen.at\/wp-content\/gallery\/stoeckln260223\/thumbs\/thumbs_IMG_4647.jpg\"\n                    width=\"240\"\n                    height=\"160\"\n                    style=\"max-width:100%;\"\n                \/>\n            <\/a>\n        <\/div>\n\t\t\t\t\t\t\t<\/div> \n\t\t\t\n        \n\t\t\t\t<div id=\"ngg-image-10\" class=\"ngg-gallery-thumbnail-box\" >\n\t\t\t\t        <div class=\"ngg-gallery-thumbnail\">\n            <a href=\"http:\/\/www.karate-neuhofen.at\/wp-content\/gallery\/stoeckln260223\/IMG_4649.jpg\"\n               title=\"\"\n               data-src=\"http:\/\/www.karate-neuhofen.at\/wp-content\/gallery\/stoeckln260223\/IMG_4649.jpg\"\n               data-thumbnail=\"http:\/\/www.karate-neuhofen.at\/wp-content\/gallery\/stoeckln260223\/thumbs\/thumbs_IMG_4649.jpg\"\n               data-image-id=\"30023\"\n               data-title=\"IMG_4649\"\n               data-description=\"\"\n               data-image-slug=\"img_4649\"\n               class=\"shutterset_d540d5f491d5c36ab744c9c689ba4edb\">\n                <img\n                    title=\"IMG_4649\"\n                    alt=\"IMG_4649\"\n                    src=\"http:\/\/www.karate-neuhofen.at\/wp-content\/gallery\/stoeckln260223\/thumbs\/thumbs_IMG_4649.jpg\"\n                    width=\"240\"\n                    height=\"160\"\n                    style=\"max-width:100%;\"\n                \/>\n            <\/a>\n        <\/div>\n\t\t\t\t\t\t\t<\/div> \n\t\t\t\n        \n\t\t\t\t<div id=\"ngg-image-11\" class=\"ngg-gallery-thumbnail-box\" >\n\t\t\t\t        <div class=\"ngg-gallery-thumbnail\">\n            <a href=\"http:\/\/www.karate-neuhofen.at\/wp-content\/gallery\/stoeckln260223\/IMG_4650.jpg\"\n               title=\"\"\n               data-src=\"http:\/\/www.karate-neuhofen.at\/wp-content\/gallery\/stoeckln260223\/IMG_4650.jpg\"\n               data-thumbnail=\"http:\/\/www.karate-neuhofen.at\/wp-content\/gallery\/stoeckln260223\/thumbs\/thumbs_IMG_4650.jpg\"\n               data-image-id=\"30026\"\n               data-title=\"IMG_4650\"\n               data-description=\"\"\n               data-image-slug=\"img_4650\"\n               class=\"shutterset_d540d5f491d5c36ab744c9c689ba4edb\">\n                <img\n                    title=\"IMG_4650\"\n                    alt=\"IMG_4650\"\n                    src=\"http:\/\/www.karate-neuhofen.at\/wp-content\/gallery\/stoeckln260223\/thumbs\/thumbs_IMG_4650.jpg\"\n                    width=\"240\"\n                    height=\"160\"\n                    style=\"max-width:100%;\"\n                \/>\n            <\/a>\n        <\/div>\n\t\t\t\t\t\t\t<\/div> \n\t\t\t\n        \n\t\t\t\t<div id=\"ngg-image-12\" class=\"ngg-gallery-thumbnail-box\" >\n\t\t\t\t        <div class=\"ngg-gallery-thumbnail\">\n            <a href=\"http:\/\/www.karate-neuhofen.at\/wp-content\/gallery\/stoeckln260223\/IMG_4652.jpg\"\n               title=\"\"\n               data-src=\"http:\/\/www.karate-neuhofen.at\/wp-content\/gallery\/stoeckln260223\/IMG_4652.jpg\"\n               data-thumbnail=\"http:\/\/www.karate-neuhofen.at\/wp-content\/gallery\/stoeckln260223\/thumbs\/thumbs_IMG_4652.jpg\"\n               data-image-id=\"30029\"\n               data-title=\"IMG_4652\"\n               data-description=\"\"\n               data-image-slug=\"img_4652\"\n               class=\"shutterset_d540d5f491d5c36ab744c9c689ba4edb\">\n                <img\n                    title=\"IMG_4652\"\n                    alt=\"IMG_4652\"\n                    src=\"http:\/\/www.karate-neuhofen.at\/wp-content\/gallery\/stoeckln260223\/thumbs\/thumbs_IMG_4652.jpg\"\n                    width=\"240\"\n                    height=\"160\"\n                    style=\"max-width:100%;\"\n                \/>\n            <\/a>\n        <\/div>\n\t\t\t\t\t\t\t<\/div> \n\t\t\t\n        \n\t\t\t\t<div id=\"ngg-image-13\" class=\"ngg-gallery-thumbnail-box\" >\n\t\t\t\t        <div class=\"ngg-gallery-thumbnail\">\n            <a href=\"http:\/\/www.karate-neuhofen.at\/wp-content\/gallery\/stoeckln260223\/IMG_4653.jpg\"\n               title=\"\"\n               data-src=\"http:\/\/www.karate-neuhofen.at\/wp-content\/gallery\/stoeckln260223\/IMG_4653.jpg\"\n               data-thumbnail=\"http:\/\/www.karate-neuhofen.at\/wp-content\/gallery\/stoeckln260223\/thumbs\/thumbs_IMG_4653.jpg\"\n               data-image-id=\"30032\"\n               data-title=\"IMG_4653\"\n               data-description=\"\"\n               data-image-slug=\"img_4653\"\n               class=\"shutterset_d540d5f491d5c36ab744c9c689ba4edb\">\n                <img\n                    title=\"IMG_4653\"\n                    alt=\"IMG_4653\"\n                    src=\"http:\/\/www.karate-neuhofen.at\/wp-content\/gallery\/stoeckln260223\/thumbs\/thumbs_IMG_4653.jpg\"\n                    width=\"240\"\n                    height=\"160\"\n                    style=\"max-width:100%;\"\n                \/>\n            <\/a>\n        <\/div>\n\t\t\t\t\t\t\t<\/div> \n\t\t\t\n        \n\t\t\t\t<div id=\"ngg-image-14\" class=\"ngg-gallery-thumbnail-box\" >\n\t\t\t\t        <div class=\"ngg-gallery-thumbnail\">\n            <a href=\"http:\/\/www.karate-neuhofen.at\/wp-content\/gallery\/stoeckln260223\/IMG_4654.jpg\"\n               title=\"\"\n               data-src=\"http:\/\/www.karate-neuhofen.at\/wp-content\/gallery\/stoeckln260223\/IMG_4654.jpg\"\n               data-thumbnail=\"http:\/\/www.karate-neuhofen.at\/wp-content\/gallery\/stoeckln260223\/thumbs\/thumbs_IMG_4654.jpg\"\n               data-image-id=\"30030\"\n               data-title=\"IMG_4654\"\n               data-description=\"\"\n               data-image-slug=\"img_4654-1\"\n               class=\"shutterset_d540d5f491d5c36ab744c9c689ba4edb\">\n                <img\n                    title=\"IMG_4654\"\n                    alt=\"IMG_4654\"\n                    src=\"http:\/\/www.karate-neuhofen.at\/wp-content\/gallery\/stoeckln260223\/thumbs\/thumbs_IMG_4654.jpg\"\n                    width=\"240\"\n                    height=\"160\"\n                    style=\"max-width:100%;\"\n                \/>\n            <\/a>\n        <\/div>\n\t\t\t\t\t\t\t<\/div> \n\t\t\t\n        \n\t\t\t\t<div id=\"ngg-image-15\" class=\"ngg-gallery-thumbnail-box\" >\n\t\t\t\t        <div class=\"ngg-gallery-thumbnail\">\n            <a href=\"http:\/\/www.karate-neuhofen.at\/wp-content\/gallery\/stoeckln260223\/IMG_4655.jpg\"\n               title=\"\"\n               data-src=\"http:\/\/www.karate-neuhofen.at\/wp-content\/gallery\/stoeckln260223\/IMG_4655.jpg\"\n               data-thumbnail=\"http:\/\/www.karate-neuhofen.at\/wp-content\/gallery\/stoeckln260223\/thumbs\/thumbs_IMG_4655.jpg\"\n               data-image-id=\"30031\"\n               data-title=\"IMG_4655\"\n               data-description=\"\"\n               data-image-slug=\"img_4655-1\"\n               class=\"shutterset_d540d5f491d5c36ab744c9c689ba4edb\">\n                <img\n                    title=\"IMG_4655\"\n                    alt=\"IMG_4655\"\n                    src=\"http:\/\/www.karate-neuhofen.at\/wp-content\/gallery\/stoeckln260223\/thumbs\/thumbs_IMG_4655.jpg\"\n                    width=\"240\"\n                    height=\"160\"\n                    style=\"max-width:100%;\"\n                \/>\n            <\/a>\n        <\/div>\n\t\t\t\t\t\t\t<\/div> \n\t\t\t\n        \n\t\t\t\t<div id=\"ngg-image-16\" class=\"ngg-gallery-thumbnail-box\" >\n\t\t\t\t        <div class=\"ngg-gallery-thumbnail\">\n            <a href=\"http:\/\/www.karate-neuhofen.at\/wp-content\/gallery\/stoeckln260223\/IMG_4657.jpg\"\n               title=\"\"\n               data-src=\"http:\/\/www.karate-neuhofen.at\/wp-content\/gallery\/stoeckln260223\/IMG_4657.jpg\"\n               data-thumbnail=\"http:\/\/www.karate-neuhofen.at\/wp-content\/gallery\/stoeckln260223\/thumbs\/thumbs_IMG_4657.jpg\"\n               data-image-id=\"30033\"\n               data-title=\"IMG_4657\"\n               data-description=\"\"\n               data-image-slug=\"img_4657-1\"\n               class=\"shutterset_d540d5f491d5c36ab744c9c689ba4edb\">\n                <img\n                    title=\"IMG_4657\"\n                    alt=\"IMG_4657\"\n                    src=\"http:\/\/www.karate-neuhofen.at\/wp-content\/gallery\/stoeckln260223\/thumbs\/thumbs_IMG_4657.jpg\"\n                    width=\"240\"\n                    height=\"160\"\n                    style=\"max-width:100%;\"\n                \/>\n            <\/a>\n        <\/div>\n\t\t\t\t\t\t\t<\/div> \n\t\t\t\n        \n\t\t\t\t<div id=\"ngg-image-17\" class=\"ngg-gallery-thumbnail-box\" >\n\t\t\t\t        <div class=\"ngg-gallery-thumbnail\">\n            <a href=\"http:\/\/www.karate-neuhofen.at\/wp-content\/gallery\/stoeckln260223\/IMG_4658.jpg\"\n               title=\"\"\n               data-src=\"http:\/\/www.karate-neuhofen.at\/wp-content\/gallery\/stoeckln260223\/IMG_4658.jpg\"\n               data-thumbnail=\"http:\/\/www.karate-neuhofen.at\/wp-content\/gallery\/stoeckln260223\/thumbs\/thumbs_IMG_4658.jpg\"\n               data-image-id=\"30034\"\n               data-title=\"IMG_4658\"\n               data-description=\"\"\n               data-image-slug=\"img_4658-1\"\n               class=\"shutterset_d540d5f491d5c36ab744c9c689ba4edb\">\n                <img\n                    title=\"IMG_4658\"\n                    alt=\"IMG_4658\"\n                    src=\"http:\/\/www.karate-neuhofen.at\/wp-content\/gallery\/stoeckln260223\/thumbs\/thumbs_IMG_4658.jpg\"\n                    width=\"240\"\n                    height=\"160\"\n                    style=\"max-width:100%;\"\n                \/>\n            <\/a>\n        <\/div>\n\t\t\t\t\t\t\t<\/div> \n\t\t\t\n        \n\t\t\t\t<div id=\"ngg-image-18\" class=\"ngg-gallery-thumbnail-box\" >\n\t\t\t\t        <div class=\"ngg-gallery-thumbnail\">\n            <a href=\"http:\/\/www.karate-neuhofen.at\/wp-content\/gallery\/stoeckln260223\/IMG_4659.jpg\"\n               title=\"\"\n               data-src=\"http:\/\/www.karate-neuhofen.at\/wp-content\/gallery\/stoeckln260223\/IMG_4659.jpg\"\n               data-thumbnail=\"http:\/\/www.karate-neuhofen.at\/wp-content\/gallery\/stoeckln260223\/thumbs\/thumbs_IMG_4659.jpg\"\n               data-image-id=\"30035\"\n               data-title=\"IMG_4659\"\n               data-description=\"\"\n               data-image-slug=\"img_4659-1\"\n               class=\"shutterset_d540d5f491d5c36ab744c9c689ba4edb\">\n                <img\n                    title=\"IMG_4659\"\n                    alt=\"IMG_4659\"\n                    src=\"http:\/\/www.karate-neuhofen.at\/wp-content\/gallery\/stoeckln260223\/thumbs\/thumbs_IMG_4659.jpg\"\n                    width=\"240\"\n                    height=\"160\"\n                    style=\"max-width:100%;\"\n                \/>\n            <\/a>\n        <\/div>\n\t\t\t\t\t\t\t<\/div> \n\t\t\t\n        \n\t\t\t\t<div id=\"ngg-image-19\" class=\"ngg-gallery-thumbnail-box\" >\n\t\t\t\t        <div class=\"ngg-gallery-thumbnail\">\n            <a href=\"http:\/\/www.karate-neuhofen.at\/wp-content\/gallery\/stoeckln260223\/IMG_4660.jpg\"\n               title=\"\"\n               data-src=\"http:\/\/www.karate-neuhofen.at\/wp-content\/gallery\/stoeckln260223\/IMG_4660.jpg\"\n               data-thumbnail=\"http:\/\/www.karate-neuhofen.at\/wp-content\/gallery\/stoeckln260223\/thumbs\/thumbs_IMG_4660.jpg\"\n               data-image-id=\"30036\"\n               data-title=\"IMG_4660\"\n               data-description=\"\"\n               data-image-slug=\"img_4660\"\n               class=\"shutterset_d540d5f491d5c36ab744c9c689ba4edb\">\n                <img\n                    title=\"IMG_4660\"\n                    alt=\"IMG_4660\"\n                    src=\"http:\/\/www.karate-neuhofen.at\/wp-content\/gallery\/stoeckln260223\/thumbs\/thumbs_IMG_4660.jpg\"\n                    width=\"240\"\n                    height=\"160\"\n                    style=\"max-width:100%;\"\n                \/>\n            <\/a>\n        <\/div>\n\t\t\t\t\t\t\t<\/div> \n\t\t\t\n        \n\t\t\n\t\t<div class=\"ngg-clear\"><\/div>\n\t<\/div>\n\n","protected":false},"excerpt":{"rendered":"<p>Das traditionelle allj\u00e4hrliche Seibukaner Vereins-St\u00f6ckln, machte allen Teilnehmer:Innen sehr viel Spa\u00df und das anschlie\u00dfende wohl verdiente Bratlessen im Goldbr\u00e4u schmeckte ausgezeichnet.<\/p>\n","protected":false},"author":5,"featured_media":400082,"comment_status":"closed","ping_status":"closed","sticky":false,"template":"","format":"standard","meta":{"ngg_post_thumbnail":0},"categories":[1],"tags":[],"_links":{"self":[{"href":"http:\/\/www.karate-neuhofen.at\/index.php?rest_route=\/wp\/v2\/posts\/395687"}],"collection":[{"href":"http:\/\/www.karate-neuhofen.at\/index.php?rest_route=\/wp\/v2\/posts"}],"about":[{"href":"http:\/\/www.karate-neuhofen.at\/index.php?rest_route=\/wp\/v2\/types\/post"}],"author":[{"embeddable":true,"href":"http:\/\/www.karate-neuhofen.at\/index.php?rest_route=\/wp\/v2\/users\/5"}],"replies":[{"embeddable":true,"href":"http:\/\/www.karate-neuhofen.at\/index.php?rest_route=%2Fwp%2Fv2%2Fcomments&post=395687"}],"version-history":[{"count":1,"href":"http:\/\/www.karate-neuhofen.at\/index.php?rest_route=\/wp\/v2\/posts\/395687\/revisions"}],"predecessor-version":[{"id":400060,"href":"http:\/\/www.karate-neuhofen.at\/index.php?rest_route=\/wp\/v2\/posts\/395687\/revisions\/400060"}],"wp:featuredmedia":[{"embeddable":true,"href":"http:\/\/www.karate-neuhofen.at\/index.php?rest_route=\/wp\/v2\/media\/400082"}],"wp:attachment":[{"href":"http:\/\/www.karate-neuhofen.at\/index.php?rest_route=%2Fwp%2Fv2%2Fmedia&parent=395687"}],"wp:term":[{"taxonomy":"category","embeddable":true,"href":"http:\/\/www.karate-neuhofen.at\/index.php?rest_route=%2Fwp%2Fv2%2Fcategories&post=395687"},{"taxonomy":"post_tag","embeddable":true,"href":"http:\/\/www.karate-neuhofen.at\/index.php?rest_route=%2Fwp%2Fv2%2Ftags&post=395687"}],"curies":[{"name":"wp","href":"https:\/\/api.w.org\/{rel}","templated":true}]}}