{"id":6229,"date":"2016-02-27T00:00:25","date_gmt":"2016-02-26T23:00:25","guid":{"rendered":"http:\/\/www.karate-neuhofen.at\/?p=6229"},"modified":"2016-03-03T09:05:33","modified_gmt":"2016-03-03T08:05:33","slug":"kobudo-lehrgang-und-guertelpruefung-in-wels","status":"publish","type":"post","link":"http:\/\/www.karate-neuhofen.at\/?p=6229","title":{"rendered":"Kobudo-Lehrgang und G\u00fcrtelpr\u00fcfung in Wels"},"content":{"rendered":"<p>Seit September 2015 wird beim ASK\u00d6 Seibukan Karate Neuhofen f\u00fcr Karateka der Oberstufe Kobudo im Stil des Sochin Ryu Kobudo von Soke Jim van de Wielle angeboten.<br \/>\nBei Kobudo handelt es sich um eine alte Waffenkampfkunst, die gemeinsam mit Karate auf Okinawa entwickelt wurde. Sehr oft waren Meister des Karate auch Meister im Umgang mit einer oder mehreren dieser Waffen. Zu diesen alten (Karate-) Waffen z\u00e4hlen unter anderem Bo (Stock), Tonfa (Holzgriff), Kama (Sichel), Sai (Metall-Dreizack) und Nunchaku (Dreschflegel).<br \/>\nAm 27. \/ 28. Februar 2016 nahmen vier wackere Neuhofener Karateka \/ Kobudoka &#8211; Anita, David, Markus und ich &#8211; an einem Sochin Ryu Kobudo &#8211; Lehrgang des Welser Vereins Tiger Kwon &#8211; Allstyle teil. Unter der fachkundigen Aufsicht und Anleitung von Renshi Pat Hesbeens (7. Dan Karate, 6. Dan Kobudo) aus Belgien, Dr. Florian Koller (4. Dan Kobudo) aus Deutschland und Ing. Peter Neuwirth (3. Dan), dem Welser Gastgeber, wurden Formen (Katas) und Partner\u00fcbungen (Kumite) mit den verschiedensten Waffen unterrichtet. Der Spa\u00df, aber auch die Schwierigkeit im Kobudo liegt darin, dass man das Verst\u00e4ndnis um das Wesen und die Eigenart einer jeden Waffe erarbeiten muss, um sie letztendlich sicher f\u00fchren zu k\u00f6nnen. Trotz der geduldigen Bem\u00fchungen der Vortragenden, passierte es doch \u00f6fter, dass links-rechts, oben-unten und vorne-hinten durcheinandergeriet. Da war es dann nach jeder Unterrichtseinheit angenehm die Waffe zu wechseln und den geistigen Reset-Knopf dr\u00fccken zu k\u00f6nnen \ud83d\ude09<br \/>\nAls Karateka gefielen uns besonders die Vergleiche zwischen Karate- und Waffentechnik, die Renshi Pat als hochgraduierter Shotokan-Meister anstellte.<br \/>\nAm Sonntag fand f\u00fcr uns der H\u00f6hepunkt des Lehrgangs statt: Anita, David und Markus stellten sich ihrer ersten Kobudo-G\u00fcrtelpr\u00fcfung. Unter den strengen Blicken von Sensei Florian und Sensei Peter stand nun das im letzten Halbjahr angeeignete Wissen und K\u00f6nnen im Umgang mit Bo und Tonfa auf dem Pr\u00fcfstand. Im Laufe einer anstrengenden Stunde konnten unsere Pr\u00fcflinge \u00fcberzeugen und der Verleihung zum 6. Kyu stand nichts mehr im Wege.<br \/>\nDie Kommission lobte vor allem die Qualit\u00e4t der Technikausf\u00fchrung. Langj\u00e4hriges Karate-Training ist einfach eine tolle Basis f\u00fcr die \u201eSchwester-\u201c Kampfkunst Kobudo, und flei\u00dfiges \u00dcben der Waffentechniken bringt den gew\u00fcnschten Erfolg!<br \/>\nAuf diesem Weg herzliche Gratulation zur bestandenen Pr\u00fcfung an unsere Seibukaner Kobudo-Pioniere und besten Dank an alle Vortragenden und an die Veranstalter f\u00fcr die Ausrichtung dieses tollen Lehrganges!<br \/>\nDietmar F.<\/p><!-- index.php -->\n<div\n\tclass=\"ngg-galleryoverview ngg-ajax-pagination-none\"\n\tid=\"ngg-gallery-ec9188ded13c4bd435a7efb32985adcf-1\">\n\n    \t<div class=\"slideshowlink\">\n        <a href='http:\/\/www.karate-neuhofen.at\/index.php\/nggallery\/slideshow?p=6229'>[Zeige eine Slideshow]<\/a>\n\t\t\n\t<\/div>\n\t\t\t<!-- Thumbnails -->\n\t\t\t\t<div id=\"ngg-image-0\" class=\"ngg-gallery-thumbnail-box\" >\n\t\t\t\t        <div class=\"ngg-gallery-thumbnail\">\n            <a href=\"http:\/\/www.karate-neuhofen.at\/wp-content\/gallery\/kobudo-lehrgang-und-guertelpruefung-in-wels\/20160228_1a.jpeg\"\n               title=\"\"\n               data-src=\"http:\/\/www.karate-neuhofen.at\/wp-content\/gallery\/kobudo-lehrgang-und-guertelpruefung-in-wels\/20160228_1a.jpeg\"\n               data-thumbnail=\"http:\/\/www.karate-neuhofen.at\/wp-content\/gallery\/kobudo-lehrgang-und-guertelpruefung-in-wels\/thumbs\/thumbs_20160228_1a.jpeg\"\n               data-image-id=\"11615\"\n               data-title=\"20160228_1a\"\n               data-description=\"\"\n               data-image-slug=\"20160228_1a\"\n               class=\"shutterset_ec9188ded13c4bd435a7efb32985adcf\">\n                <img\n                    title=\"20160228_1a\"\n                    alt=\"20160228_1a\"\n                    src=\"http:\/\/www.karate-neuhofen.at\/wp-content\/gallery\/kobudo-lehrgang-und-guertelpruefung-in-wels\/thumbs\/thumbs_20160228_1a.jpeg\"\n                    width=\"240\"\n                    height=\"160\"\n                    style=\"max-width:100%;\"\n                \/>\n            <\/a>\n        <\/div>\n\t\t\t\t\t\t\t<\/div> \n\t\t\t\n        \n\t\t\t\t<div id=\"ngg-image-1\" class=\"ngg-gallery-thumbnail-box\" >\n\t\t\t\t        <div class=\"ngg-gallery-thumbnail\">\n            <a href=\"http:\/\/www.karate-neuhofen.at\/wp-content\/gallery\/kobudo-lehrgang-und-guertelpruefung-in-wels\/20160228_1b.jpeg\"\n               title=\"\"\n               data-src=\"http:\/\/www.karate-neuhofen.at\/wp-content\/gallery\/kobudo-lehrgang-und-guertelpruefung-in-wels\/20160228_1b.jpeg\"\n               data-thumbnail=\"http:\/\/www.karate-neuhofen.at\/wp-content\/gallery\/kobudo-lehrgang-und-guertelpruefung-in-wels\/thumbs\/thumbs_20160228_1b.jpeg\"\n               data-image-id=\"11616\"\n               data-title=\"20160228_1b\"\n               data-description=\"\"\n               data-image-slug=\"20160228_1b\"\n               class=\"shutterset_ec9188ded13c4bd435a7efb32985adcf\">\n                <img\n                    title=\"20160228_1b\"\n                    alt=\"20160228_1b\"\n                    src=\"http:\/\/www.karate-neuhofen.at\/wp-content\/gallery\/kobudo-lehrgang-und-guertelpruefung-in-wels\/thumbs\/thumbs_20160228_1b.jpeg\"\n                    width=\"240\"\n                    height=\"160\"\n                    style=\"max-width:100%;\"\n                \/>\n            <\/a>\n        <\/div>\n\t\t\t\t\t\t\t<\/div> \n\t\t\t\n        \n\t\t\t\t<div id=\"ngg-image-2\" class=\"ngg-gallery-thumbnail-box\" >\n\t\t\t\t        <div class=\"ngg-gallery-thumbnail\">\n            <a href=\"http:\/\/www.karate-neuhofen.at\/wp-content\/gallery\/kobudo-lehrgang-und-guertelpruefung-in-wels\/20160228_1c.jpeg\"\n               title=\"\"\n               data-src=\"http:\/\/www.karate-neuhofen.at\/wp-content\/gallery\/kobudo-lehrgang-und-guertelpruefung-in-wels\/20160228_1c.jpeg\"\n               data-thumbnail=\"http:\/\/www.karate-neuhofen.at\/wp-content\/gallery\/kobudo-lehrgang-und-guertelpruefung-in-wels\/thumbs\/thumbs_20160228_1c.jpeg\"\n               data-image-id=\"11617\"\n               data-title=\"20160228_1c\"\n               data-description=\"\"\n               data-image-slug=\"20160228_1c\"\n               class=\"shutterset_ec9188ded13c4bd435a7efb32985adcf\">\n                <img\n                    title=\"20160228_1c\"\n                    alt=\"20160228_1c\"\n                    src=\"http:\/\/www.karate-neuhofen.at\/wp-content\/gallery\/kobudo-lehrgang-und-guertelpruefung-in-wels\/thumbs\/thumbs_20160228_1c.jpeg\"\n                    width=\"240\"\n                    height=\"160\"\n                    style=\"max-width:100%;\"\n                \/>\n            <\/a>\n        <\/div>\n\t\t\t\t\t\t\t<\/div> \n\t\t\t\n        \n\t\t\t\t<div id=\"ngg-image-3\" class=\"ngg-gallery-thumbnail-box\" >\n\t\t\t\t        <div class=\"ngg-gallery-thumbnail\">\n            <a href=\"http:\/\/www.karate-neuhofen.at\/wp-content\/gallery\/kobudo-lehrgang-und-guertelpruefung-in-wels\/20160228_2.jpg\"\n               title=\"\"\n               data-src=\"http:\/\/www.karate-neuhofen.at\/wp-content\/gallery\/kobudo-lehrgang-und-guertelpruefung-in-wels\/20160228_2.jpg\"\n               data-thumbnail=\"http:\/\/www.karate-neuhofen.at\/wp-content\/gallery\/kobudo-lehrgang-und-guertelpruefung-in-wels\/thumbs\/thumbs_20160228_2.jpg\"\n               data-image-id=\"11618\"\n               data-title=\"20160228_2\"\n               data-description=\"\"\n               data-image-slug=\"20160228_2\"\n               class=\"shutterset_ec9188ded13c4bd435a7efb32985adcf\">\n                <img\n                    title=\"20160228_2\"\n                    alt=\"20160228_2\"\n                    src=\"http:\/\/www.karate-neuhofen.at\/wp-content\/gallery\/kobudo-lehrgang-und-guertelpruefung-in-wels\/thumbs\/thumbs_20160228_2.jpg\"\n                    width=\"240\"\n                    height=\"160\"\n                    style=\"max-width:100%;\"\n                \/>\n            <\/a>\n        <\/div>\n\t\t\t\t\t\t\t<\/div> \n\t\t\t\n        \n\t\t\t\t<div id=\"ngg-image-4\" class=\"ngg-gallery-thumbnail-box\" >\n\t\t\t\t        <div class=\"ngg-gallery-thumbnail\">\n            <a href=\"http:\/\/www.karate-neuhofen.at\/wp-content\/gallery\/kobudo-lehrgang-und-guertelpruefung-in-wels\/20160228_2a.jpg\"\n               title=\"\"\n               data-src=\"http:\/\/www.karate-neuhofen.at\/wp-content\/gallery\/kobudo-lehrgang-und-guertelpruefung-in-wels\/20160228_2a.jpg\"\n               data-thumbnail=\"http:\/\/www.karate-neuhofen.at\/wp-content\/gallery\/kobudo-lehrgang-und-guertelpruefung-in-wels\/thumbs\/thumbs_20160228_2a.jpg\"\n               data-image-id=\"11619\"\n               data-title=\"20160228_2a\"\n               data-description=\"\"\n               data-image-slug=\"20160228_2a\"\n               class=\"shutterset_ec9188ded13c4bd435a7efb32985adcf\">\n                <img\n                    title=\"20160228_2a\"\n                    alt=\"20160228_2a\"\n                    src=\"http:\/\/www.karate-neuhofen.at\/wp-content\/gallery\/kobudo-lehrgang-und-guertelpruefung-in-wels\/thumbs\/thumbs_20160228_2a.jpg\"\n                    width=\"240\"\n                    height=\"160\"\n                    style=\"max-width:100%;\"\n                \/>\n            <\/a>\n        <\/div>\n\t\t\t\t\t\t\t<\/div> \n\t\t\t\n        \n\t\t\t\t<div id=\"ngg-image-5\" class=\"ngg-gallery-thumbnail-box\" >\n\t\t\t\t        <div class=\"ngg-gallery-thumbnail\">\n            <a href=\"http:\/\/www.karate-neuhofen.at\/wp-content\/gallery\/kobudo-lehrgang-und-guertelpruefung-in-wels\/20160228_2b.jpg\"\n               title=\"\"\n               data-src=\"http:\/\/www.karate-neuhofen.at\/wp-content\/gallery\/kobudo-lehrgang-und-guertelpruefung-in-wels\/20160228_2b.jpg\"\n               data-thumbnail=\"http:\/\/www.karate-neuhofen.at\/wp-content\/gallery\/kobudo-lehrgang-und-guertelpruefung-in-wels\/thumbs\/thumbs_20160228_2b.jpg\"\n               data-image-id=\"11620\"\n               data-title=\"20160228_2b\"\n               data-description=\"\"\n               data-image-slug=\"20160228_2b\"\n               class=\"shutterset_ec9188ded13c4bd435a7efb32985adcf\">\n                <img\n                    title=\"20160228_2b\"\n                    alt=\"20160228_2b\"\n                    src=\"http:\/\/www.karate-neuhofen.at\/wp-content\/gallery\/kobudo-lehrgang-und-guertelpruefung-in-wels\/thumbs\/thumbs_20160228_2b.jpg\"\n                    width=\"240\"\n                    height=\"160\"\n                    style=\"max-width:100%;\"\n                \/>\n            <\/a>\n        <\/div>\n\t\t\t\t\t\t\t<\/div> \n\t\t\t\n        \n\t\t\t\t<div id=\"ngg-image-6\" class=\"ngg-gallery-thumbnail-box\" >\n\t\t\t\t        <div class=\"ngg-gallery-thumbnail\">\n            <a href=\"http:\/\/www.karate-neuhofen.at\/wp-content\/gallery\/kobudo-lehrgang-und-guertelpruefung-in-wels\/20160228_2c.jpg\"\n               title=\"\"\n               data-src=\"http:\/\/www.karate-neuhofen.at\/wp-content\/gallery\/kobudo-lehrgang-und-guertelpruefung-in-wels\/20160228_2c.jpg\"\n               data-thumbnail=\"http:\/\/www.karate-neuhofen.at\/wp-content\/gallery\/kobudo-lehrgang-und-guertelpruefung-in-wels\/thumbs\/thumbs_20160228_2c.jpg\"\n               data-image-id=\"11621\"\n               data-title=\"20160228_2c\"\n               data-description=\"\"\n               data-image-slug=\"20160228_2c\"\n               class=\"shutterset_ec9188ded13c4bd435a7efb32985adcf\">\n                <img\n                    title=\"20160228_2c\"\n                    alt=\"20160228_2c\"\n                    src=\"http:\/\/www.karate-neuhofen.at\/wp-content\/gallery\/kobudo-lehrgang-und-guertelpruefung-in-wels\/thumbs\/thumbs_20160228_2c.jpg\"\n                    width=\"240\"\n                    height=\"160\"\n                    style=\"max-width:100%;\"\n                \/>\n            <\/a>\n        <\/div>\n\t\t\t\t\t\t\t<\/div> \n\t\t\t\n        \n\t\t\t\t<div id=\"ngg-image-7\" class=\"ngg-gallery-thumbnail-box\" >\n\t\t\t\t        <div class=\"ngg-gallery-thumbnail\">\n            <a href=\"http:\/\/www.karate-neuhofen.at\/wp-content\/gallery\/kobudo-lehrgang-und-guertelpruefung-in-wels\/20160228_2d.jpg\"\n               title=\"\"\n               data-src=\"http:\/\/www.karate-neuhofen.at\/wp-content\/gallery\/kobudo-lehrgang-und-guertelpruefung-in-wels\/20160228_2d.jpg\"\n               data-thumbnail=\"http:\/\/www.karate-neuhofen.at\/wp-content\/gallery\/kobudo-lehrgang-und-guertelpruefung-in-wels\/thumbs\/thumbs_20160228_2d.jpg\"\n               data-image-id=\"11622\"\n               data-title=\"20160228_2d\"\n               data-description=\"\"\n               data-image-slug=\"20160228_2d\"\n               class=\"shutterset_ec9188ded13c4bd435a7efb32985adcf\">\n                <img\n                    title=\"20160228_2d\"\n                    alt=\"20160228_2d\"\n                    src=\"http:\/\/www.karate-neuhofen.at\/wp-content\/gallery\/kobudo-lehrgang-und-guertelpruefung-in-wels\/thumbs\/thumbs_20160228_2d.jpg\"\n                    width=\"240\"\n                    height=\"160\"\n                    style=\"max-width:100%;\"\n                \/>\n            <\/a>\n        <\/div>\n\t\t\t\t\t\t\t<\/div> \n\t\t\t\n        \n\t\t\t\t<div id=\"ngg-image-8\" class=\"ngg-gallery-thumbnail-box\" >\n\t\t\t\t        <div class=\"ngg-gallery-thumbnail\">\n            <a href=\"http:\/\/www.karate-neuhofen.at\/wp-content\/gallery\/kobudo-lehrgang-und-guertelpruefung-in-wels\/20160228_2e.JPG\"\n               title=\"\"\n               data-src=\"http:\/\/www.karate-neuhofen.at\/wp-content\/gallery\/kobudo-lehrgang-und-guertelpruefung-in-wels\/20160228_2e.JPG\"\n               data-thumbnail=\"http:\/\/www.karate-neuhofen.at\/wp-content\/gallery\/kobudo-lehrgang-und-guertelpruefung-in-wels\/thumbs\/thumbs_20160228_2e.JPG\"\n               data-image-id=\"11613\"\n               data-title=\"20160228_2e\"\n               data-description=\"\"\n               data-image-slug=\"20160228_2e\"\n               class=\"shutterset_ec9188ded13c4bd435a7efb32985adcf\">\n                <img\n                    title=\"20160228_2e\"\n                    alt=\"20160228_2e\"\n                    src=\"http:\/\/www.karate-neuhofen.at\/wp-content\/gallery\/kobudo-lehrgang-und-guertelpruefung-in-wels\/thumbs\/thumbs_20160228_2e.JPG\"\n                    width=\"240\"\n                    height=\"160\"\n                    style=\"max-width:100%;\"\n                \/>\n            <\/a>\n        <\/div>\n\t\t\t\t\t\t\t<\/div> \n\t\t\t\n        \n\t\t\t\t<div id=\"ngg-image-9\" class=\"ngg-gallery-thumbnail-box\" >\n\t\t\t\t        <div class=\"ngg-gallery-thumbnail\">\n            <a href=\"http:\/\/www.karate-neuhofen.at\/wp-content\/gallery\/kobudo-lehrgang-und-guertelpruefung-in-wels\/20160228_4.jpeg\"\n               title=\"\"\n               data-src=\"http:\/\/www.karate-neuhofen.at\/wp-content\/gallery\/kobudo-lehrgang-und-guertelpruefung-in-wels\/20160228_4.jpeg\"\n               data-thumbnail=\"http:\/\/www.karate-neuhofen.at\/wp-content\/gallery\/kobudo-lehrgang-und-guertelpruefung-in-wels\/thumbs\/thumbs_20160228_4.jpeg\"\n               data-image-id=\"11614\"\n               data-title=\"20160228_4\"\n               data-description=\"\"\n               data-image-slug=\"20160228_4\"\n               class=\"shutterset_ec9188ded13c4bd435a7efb32985adcf\">\n                <img\n                    title=\"20160228_4\"\n                    alt=\"20160228_4\"\n                    src=\"http:\/\/www.karate-neuhofen.at\/wp-content\/gallery\/kobudo-lehrgang-und-guertelpruefung-in-wels\/thumbs\/thumbs_20160228_4.jpeg\"\n                    width=\"240\"\n                    height=\"160\"\n                    style=\"max-width:100%;\"\n                \/>\n            <\/a>\n        <\/div>\n\t\t\t\t\t\t\t<\/div> \n\t\t\t\n        \n\t\t\n\t\t<div class=\"ngg-clear\"><\/div>\n\t<\/div>\n","protected":false},"excerpt":{"rendered":"<p>Seit September 2015 wird beim ASK\u00d6 Seibukan Karate Neuhofen f\u00fcr Karateka der Oberstufe Kobudo im Stil des Sochin Ryu Kobudo von Soke Jim van de Wielle angeboten. Bei Kobudo handelt es sich um eine alte Waffenkampfkunst, die gemeinsam mit Karate auf Okinawa entwickelt wurde. Sehr oft waren Meister des Karate auch Meister im Umgang mit [&hellip;]<\/p>\n","protected":false},"author":3,"featured_media":6232,"comment_status":"closed","ping_status":"closed","sticky":false,"template":"","format":"standard","meta":{"ngg_post_thumbnail":0},"categories":[6],"tags":[67],"_links":{"self":[{"href":"http:\/\/www.karate-neuhofen.at\/index.php?rest_route=\/wp\/v2\/posts\/6229"}],"collection":[{"href":"http:\/\/www.karate-neuhofen.at\/index.php?rest_route=\/wp\/v2\/posts"}],"about":[{"href":"http:\/\/www.karate-neuhofen.at\/index.php?rest_route=\/wp\/v2\/types\/post"}],"author":[{"embeddable":true,"href":"http:\/\/www.karate-neuhofen.at\/index.php?rest_route=\/wp\/v2\/users\/3"}],"replies":[{"embeddable":true,"href":"http:\/\/www.karate-neuhofen.at\/index.php?rest_route=%2Fwp%2Fv2%2Fcomments&post=6229"}],"version-history":[{"count":2,"href":"http:\/\/www.karate-neuhofen.at\/index.php?rest_route=\/wp\/v2\/posts\/6229\/revisions"}],"predecessor-version":[{"id":6231,"href":"http:\/\/www.karate-neuhofen.at\/index.php?rest_route=\/wp\/v2\/posts\/6229\/revisions\/6231"}],"wp:featuredmedia":[{"embeddable":true,"href":"http:\/\/www.karate-neuhofen.at\/index.php?rest_route=\/wp\/v2\/media\/6232"}],"wp:attachment":[{"href":"http:\/\/www.karate-neuhofen.at\/index.php?rest_route=%2Fwp%2Fv2%2Fmedia&parent=6229"}],"wp:term":[{"taxonomy":"category","embeddable":true,"href":"http:\/\/www.karate-neuhofen.at\/index.php?rest_route=%2Fwp%2Fv2%2Fcategories&post=6229"},{"taxonomy":"post_tag","embeddable":true,"href":"http:\/\/www.karate-neuhofen.at\/index.php?rest_route=%2Fwp%2Fv2%2Ftags&post=6229"}],"curies":[{"name":"wp","href":"https:\/\/api.w.org\/{rel}","templated":true}]}}